{"id":30408,"date":"2023-12-27T09:48:25","date_gmt":"2023-12-27T08:48:25","guid":{"rendered":"https:\/\/www.jazzzeitung.de\/cms\/?p=30408"},"modified":"2023-12-21T13:54:59","modified_gmt":"2023-12-21T12:54:59","slug":"cd-release-party-der-munich-lab-band-im-jazzclub-unterfahrt","status":"publish","type":"post","link":"https:\/\/www.jazzzeitung.de\/cms\/2023\/12\/cd-release-party-der-munich-lab-band-im-jazzclub-unterfahrt\/","title":{"rendered":"CD-Release Party der Munich Lab Band im Jazzclub Unterfahrt"},"content":{"rendered":"<p><strong>Traditionell ist der Montagabend im M\u00fcnchner Jazzclub Unterfahrt den Big Bands vorbehalten. Montag, den 18. Dezember, gab es mit der Munich Lab Band einen besonderen Big Band Abend zu feiern. Anl\u00e4sslich ihres Release der CD \u201eThe Way Things Are\u201c gab es im voll besetzten Club ein Konzert das Ma\u00dfst\u00e4be setzte.<\/strong><\/p>\n<p>Vor gut f\u00fcnf Jahren wurde die Munich Lab Band von den M\u00fcnchner Komponisten und Jazztrompetern Felix Ecke und Vincent Eberle ins Leben gerufen. Beide verbindet seit Jahren, beginnend mit ihrer gemeinsamen Zeit beim Landesjugendjazzorchester Bayern, eine enge Freundschaft. Aus einem Traum wurde mit der Munich Lab Band Realit\u00e4t. Auf der Suche nach der passenden Besetzung wurde man schnell f\u00fcndig und das Line-up liest sich wie ein Who is Who der M\u00fcnchner Jazz Szene. Von Nils Kugelmann \u00fcber Valentin Renner, Luca Zambito, Valentin Preissler, Tom F\u00f6rster, Moritz Renner oder Jonas Brinckmann, um nur ein paar der Musiker aufzuf\u00fchren, versammelt sich hier die Cr\u00e8me de la Cr\u00e8me der Szene und spielt was das Zeug h\u00e4lt.<\/p>\n<h3>Doppelspitze Ecke\/Eberle<\/h3>\n<p>Bei den Arrangements der CD\u00a0 \u201eThe Way Things Are\u201c sticht ein Merkmal besonders hervor. Man merkt, dass hier ein Trompeter am Werk war. Die Arrangements klingen niemals verkopft oder konstruiert, spielen sich locker durchgehend luftig und swingen h\u00f6llisch gut. Noch kurz angemerkt: Sowohl auf der CD als auch beim Release Konzert dominierten diesmal die Kompositionen und Arrangements von Felix Ecke. Das n\u00e4chste Konzert und die Folge-CD werden dann von Vincent Eberle gestaltet.<\/p>\n<h3><\/h3>\n<div class=\"tiled-gallery type-rectangular tiled-gallery-unresized\" data-original-width=\"840\" data-carousel-extra='{&quot;blog_id&quot;:1,&quot;permalink&quot;:&quot;https:\\\/\\\/www.jazzzeitung.de\\\/cms\\\/2023\\\/12\\\/cd-release-party-der-munich-lab-band-im-jazzclub-unterfahrt\\\/&quot;,&quot;likes_blog_id&quot;:55446655}' itemscope itemtype=\"http:\/\/schema.org\/ImageGallery\" > <div class=\"gallery-row\" style=\"width: 840px; height: 375px;\" data-original-width=\"840\" data-original-height=\"375\" > <div class=\"gallery-group images-1\" style=\"width: 561px; height: 375px;\" data-original-width=\"561\" data-original-height=\"375\" > <div class=\"tiled-gallery-item tiled-gallery-item-large\" itemprop=\"associatedMedia\" itemscope itemtype=\"http:\/\/schema.org\/ImageObject\"> <a href=\"https:\/\/www.jazzzeitung.de\/cms\/2023\/12\/cd-release-party-der-munich-lab-band-im-jazzclub-unterfahrt\/p2768450-sw-munich-lab-band-foto-tj-krebs\/\" border=\"0\" itemprop=\"url\"> <meta itemprop=\"width\" content=\"557\"> <meta itemprop=\"height\" content=\"371\"> <img decoding=\"async\" class=\"\" data-attachment-id=\"30424\" data-orig-file=\"https:\/\/www.jazzzeitung.de\/cms\/wp-content\/uploads\/2023\/12\/P2768450-sw-Munich-Lab-Band-Foto-TJ-Krebs.jpg\" data-orig-size=\"1200,800\" data-comments-opened=\"1\" data-image-meta=\"{&quot;aperture&quot;:&quot;0&quot;,&quot;credit&quot;:&quot;&quot;,&quot;camera&quot;:&quot;&quot;,&quot;caption&quot;:&quot;&quot;,&quot;created_timestamp&quot;:&quot;0&quot;,&quot;copyright&quot;:&quot;&quot;,&quot;focal_length&quot;:&quot;0&quot;,&quot;iso&quot;:&quot;0&quot;,&quot;shutter_speed&quot;:&quot;0&quot;,&quot;title&quot;:&quot;&quot;,&quot;orientation&quot;:&quot;0&quot;}\" data-image-title=\"P2768450 sw Munich Lab Band &amp;#8211; Foto TJ Krebs\" data-image-description=\"\" data-medium-file=\"https:\/\/i0.wp.com\/www.jazzzeitung.de\/cms\/wp-content\/uploads\/2023\/12\/P2768450-sw-Munich-Lab-Band-Foto-TJ-Krebs.jpg?fit=300%2C200&#038;ssl=1\" data-large-file=\"https:\/\/i0.wp.com\/www.jazzzeitung.de\/cms\/wp-content\/uploads\/2023\/12\/P2768450-sw-Munich-Lab-Band-Foto-TJ-Krebs.jpg?fit=840%2C560&#038;ssl=1\" src=\"https:\/\/i0.wp.com\/www.jazzzeitung.de\/cms\/wp-content\/uploads\/2023\/12\/P2768450-sw-Munich-Lab-Band-Foto-TJ-Krebs.jpg?w=557&#038;h=371&#038;ssl=1\" srcset=\"https:\/\/i0.wp.com\/www.jazzzeitung.de\/cms\/wp-content\/uploads\/2023\/12\/P2768450-sw-Munich-Lab-Band-Foto-TJ-Krebs.jpg?w=1200&amp;ssl=1 1200w, https:\/\/i0.wp.com\/www.jazzzeitung.de\/cms\/wp-content\/uploads\/2023\/12\/P2768450-sw-Munich-Lab-Band-Foto-TJ-Krebs.jpg?resize=300%2C200&amp;ssl=1 300w, https:\/\/i0.wp.com\/www.jazzzeitung.de\/cms\/wp-content\/uploads\/2023\/12\/P2768450-sw-Munich-Lab-Band-Foto-TJ-Krebs.jpg?resize=900%2C600&amp;ssl=1 900w, https:\/\/i0.wp.com\/www.jazzzeitung.de\/cms\/wp-content\/uploads\/2023\/12\/P2768450-sw-Munich-Lab-Band-Foto-TJ-Krebs.jpg?resize=768%2C512&amp;ssl=1 768w, https:\/\/i0.wp.com\/www.jazzzeitung.de\/cms\/wp-content\/uploads\/2023\/12\/P2768450-sw-Munich-Lab-Band-Foto-TJ-Krebs.jpg?resize=120%2C80&amp;ssl=1 120w\" width=\"557\" height=\"371\" loading=\"lazy\" data-original-width=\"557\" data-original-height=\"371\" itemprop=\"http:\/\/schema.org\/image\" title=\"P2768450 sw Munich Lab Band - Foto TJ Krebs\" alt=\"Moritz Renner und die Munich Lab Band. Foto: Thomas J. Krebs\" style=\"width: 557px; height: 371px;\" \/> <\/a> <div class=\"tiled-gallery-caption\" itemprop=\"caption description\"> Moritz Renner und die Munich Lab Band. Foto: Thomas J. Krebs <\/div> <\/div> <\/div> <!-- close group --> <div class=\"gallery-group images-2\" style=\"width: 279px; height: 375px;\" data-original-width=\"279\" data-original-height=\"375\" > <div class=\"tiled-gallery-item tiled-gallery-item-large\" itemprop=\"associatedMedia\" itemscope itemtype=\"http:\/\/schema.org\/ImageObject\"> <a href=\"https:\/\/www.jazzzeitung.de\/cms\/2023\/12\/cd-release-party-der-munich-lab-band-im-jazzclub-unterfahrt\/p2768411-sw-munich-lab-band-feat-brinckmann-mehler-foto-tj-krebs\/\" border=\"0\" itemprop=\"url\"> <meta itemprop=\"width\" content=\"275\"> <meta itemprop=\"height\" content=\"184\"> <img decoding=\"async\" class=\"\" data-attachment-id=\"30423\" data-orig-file=\"https:\/\/www.jazzzeitung.de\/cms\/wp-content\/uploads\/2023\/12\/P2768411-sw-Munich-Lab-Band-feat-Brinckmann-Mehler-Foto-TJ-Krebs.jpg\" data-orig-size=\"1200,800\" data-comments-opened=\"1\" data-image-meta=\"{&quot;aperture&quot;:&quot;0&quot;,&quot;credit&quot;:&quot;&quot;,&quot;camera&quot;:&quot;&quot;,&quot;caption&quot;:&quot;&quot;,&quot;created_timestamp&quot;:&quot;0&quot;,&quot;copyright&quot;:&quot;&quot;,&quot;focal_length&quot;:&quot;0&quot;,&quot;iso&quot;:&quot;0&quot;,&quot;shutter_speed&quot;:&quot;0&quot;,&quot;title&quot;:&quot;&quot;,&quot;orientation&quot;:&quot;0&quot;}\" data-image-title=\"P2768411 sw Munich Lab Band feat Brinckmann-Mehler- Foto TJ Krebs\" data-image-description=\"\" data-medium-file=\"https:\/\/i0.wp.com\/www.jazzzeitung.de\/cms\/wp-content\/uploads\/2023\/12\/P2768411-sw-Munich-Lab-Band-feat-Brinckmann-Mehler-Foto-TJ-Krebs.jpg?fit=300%2C200&#038;ssl=1\" data-large-file=\"https:\/\/i0.wp.com\/www.jazzzeitung.de\/cms\/wp-content\/uploads\/2023\/12\/P2768411-sw-Munich-Lab-Band-feat-Brinckmann-Mehler-Foto-TJ-Krebs.jpg?fit=840%2C560&#038;ssl=1\" src=\"https:\/\/i0.wp.com\/www.jazzzeitung.de\/cms\/wp-content\/uploads\/2023\/12\/P2768411-sw-Munich-Lab-Band-feat-Brinckmann-Mehler-Foto-TJ-Krebs.jpg?w=275&#038;h=184&#038;ssl=1\" srcset=\"https:\/\/i0.wp.com\/www.jazzzeitung.de\/cms\/wp-content\/uploads\/2023\/12\/P2768411-sw-Munich-Lab-Band-feat-Brinckmann-Mehler-Foto-TJ-Krebs.jpg?w=1200&amp;ssl=1 1200w, https:\/\/i0.wp.com\/www.jazzzeitung.de\/cms\/wp-content\/uploads\/2023\/12\/P2768411-sw-Munich-Lab-Band-feat-Brinckmann-Mehler-Foto-TJ-Krebs.jpg?resize=300%2C200&amp;ssl=1 300w, https:\/\/i0.wp.com\/www.jazzzeitung.de\/cms\/wp-content\/uploads\/2023\/12\/P2768411-sw-Munich-Lab-Band-feat-Brinckmann-Mehler-Foto-TJ-Krebs.jpg?resize=900%2C600&amp;ssl=1 900w, https:\/\/i0.wp.com\/www.jazzzeitung.de\/cms\/wp-content\/uploads\/2023\/12\/P2768411-sw-Munich-Lab-Band-feat-Brinckmann-Mehler-Foto-TJ-Krebs.jpg?resize=768%2C512&amp;ssl=1 768w, https:\/\/i0.wp.com\/www.jazzzeitung.de\/cms\/wp-content\/uploads\/2023\/12\/P2768411-sw-Munich-Lab-Band-feat-Brinckmann-Mehler-Foto-TJ-Krebs.jpg?resize=120%2C80&amp;ssl=1 120w\" width=\"275\" height=\"184\" loading=\"lazy\" data-original-width=\"275\" data-original-height=\"184\" itemprop=\"http:\/\/schema.org\/image\" title=\"P2768411 sw Munich Lab Band feat Brinckmann-Mehler- Foto TJ Krebs\" alt=\"Jonas Brinckmann (sax) und Chris Mehler (tp) und die Munich Lab Band.Foto: Thomas J. Krebs\" style=\"width: 275px; height: 184px;\" \/> <\/a> <div class=\"tiled-gallery-caption\" itemprop=\"caption description\"> Jonas Brinckmann (sax) und Chris Mehler (tp) und die Munich Lab Band.Foto: Thomas J. Krebs <\/div> <\/div> <div class=\"tiled-gallery-item tiled-gallery-item-large\" itemprop=\"associatedMedia\" itemscope itemtype=\"http:\/\/schema.org\/ImageObject\"> <a href=\"https:\/\/www.jazzzeitung.de\/cms\/2023\/12\/cd-release-party-der-munich-lab-band-im-jazzclub-unterfahrt\/p2768391-sw-munich-lab-band-rhthym-section-foto-tj-krebs\/\" border=\"0\" itemprop=\"url\"> <meta itemprop=\"width\" content=\"275\"> <meta itemprop=\"height\" content=\"183\"> <img decoding=\"async\" class=\"\" data-attachment-id=\"30422\" data-orig-file=\"https:\/\/www.jazzzeitung.de\/cms\/wp-content\/uploads\/2023\/12\/P2768391-sw-Munich-Lab-Band-Rhthym-Section-Foto-TJ-Krebs.jpg\" data-orig-size=\"1200,800\" data-comments-opened=\"1\" data-image-meta=\"{&quot;aperture&quot;:&quot;0&quot;,&quot;credit&quot;:&quot;&quot;,&quot;camera&quot;:&quot;&quot;,&quot;caption&quot;:&quot;&quot;,&quot;created_timestamp&quot;:&quot;0&quot;,&quot;copyright&quot;:&quot;&quot;,&quot;focal_length&quot;:&quot;0&quot;,&quot;iso&quot;:&quot;0&quot;,&quot;shutter_speed&quot;:&quot;0&quot;,&quot;title&quot;:&quot;&quot;,&quot;orientation&quot;:&quot;0&quot;}\" data-image-title=\"P2768391 sw Munich Lab Band Rhthym Section- Foto TJ Krebs\" data-image-description=\"\" data-medium-file=\"https:\/\/i0.wp.com\/www.jazzzeitung.de\/cms\/wp-content\/uploads\/2023\/12\/P2768391-sw-Munich-Lab-Band-Rhthym-Section-Foto-TJ-Krebs.jpg?fit=300%2C200&#038;ssl=1\" data-large-file=\"https:\/\/i0.wp.com\/www.jazzzeitung.de\/cms\/wp-content\/uploads\/2023\/12\/P2768391-sw-Munich-Lab-Band-Rhthym-Section-Foto-TJ-Krebs.jpg?fit=840%2C560&#038;ssl=1\" src=\"https:\/\/i0.wp.com\/www.jazzzeitung.de\/cms\/wp-content\/uploads\/2023\/12\/P2768391-sw-Munich-Lab-Band-Rhthym-Section-Foto-TJ-Krebs.jpg?w=275&#038;h=183&#038;ssl=1\" srcset=\"https:\/\/i0.wp.com\/www.jazzzeitung.de\/cms\/wp-content\/uploads\/2023\/12\/P2768391-sw-Munich-Lab-Band-Rhthym-Section-Foto-TJ-Krebs.jpg?w=1200&amp;ssl=1 1200w, https:\/\/i0.wp.com\/www.jazzzeitung.de\/cms\/wp-content\/uploads\/2023\/12\/P2768391-sw-Munich-Lab-Band-Rhthym-Section-Foto-TJ-Krebs.jpg?resize=300%2C200&amp;ssl=1 300w, https:\/\/i0.wp.com\/www.jazzzeitung.de\/cms\/wp-content\/uploads\/2023\/12\/P2768391-sw-Munich-Lab-Band-Rhthym-Section-Foto-TJ-Krebs.jpg?resize=900%2C600&amp;ssl=1 900w, https:\/\/i0.wp.com\/www.jazzzeitung.de\/cms\/wp-content\/uploads\/2023\/12\/P2768391-sw-Munich-Lab-Band-Rhthym-Section-Foto-TJ-Krebs.jpg?resize=768%2C512&amp;ssl=1 768w, https:\/\/i0.wp.com\/www.jazzzeitung.de\/cms\/wp-content\/uploads\/2023\/12\/P2768391-sw-Munich-Lab-Band-Rhthym-Section-Foto-TJ-Krebs.jpg?resize=120%2C80&amp;ssl=1 120w\" width=\"275\" height=\"183\" loading=\"lazy\" data-original-width=\"275\" data-original-height=\"183\" itemprop=\"http:\/\/schema.org\/image\" title=\"P2768391 sw Munich Lab Band Rhthym Section- Foto TJ Krebs\" alt=\"Rhythm Section der Munich Lab Band. Foto: Thomas J. Krebs\" style=\"width: 275px; height: 183px;\" \/> <\/a> <div class=\"tiled-gallery-caption\" itemprop=\"caption description\"> Rhythm Section der Munich Lab Band. Foto: Thomas J. Krebs <\/div> <\/div> <\/div> <!-- close group --> <\/div> <!-- close row --> <div class=\"gallery-row\" style=\"width: 840px; height: 561px;\" data-original-width=\"840\" data-original-height=\"561\" > <div class=\"gallery-group images-1\" style=\"width: 840px; height: 561px;\" data-original-width=\"840\" data-original-height=\"561\" > <div class=\"tiled-gallery-item tiled-gallery-item-large\" itemprop=\"associatedMedia\" itemscope itemtype=\"http:\/\/schema.org\/ImageObject\"> <a href=\"https:\/\/www.jazzzeitung.de\/cms\/2023\/12\/cd-release-party-der-munich-lab-band-im-jazzclub-unterfahrt\/p2758348-sw-munich-lab-band-foto-tj-krebs\/\" border=\"0\" itemprop=\"url\"> <meta itemprop=\"width\" content=\"836\"> <meta itemprop=\"height\" content=\"557\"> <img decoding=\"async\" class=\"\" data-attachment-id=\"30421\" data-orig-file=\"https:\/\/www.jazzzeitung.de\/cms\/wp-content\/uploads\/2023\/12\/P2758348-sw-Munich-Lab-Band-Foto-TJ-Krebs.jpg\" data-orig-size=\"1200,800\" data-comments-opened=\"1\" data-image-meta=\"{&quot;aperture&quot;:&quot;0&quot;,&quot;credit&quot;:&quot;&quot;,&quot;camera&quot;:&quot;&quot;,&quot;caption&quot;:&quot;&quot;,&quot;created_timestamp&quot;:&quot;0&quot;,&quot;copyright&quot;:&quot;&quot;,&quot;focal_length&quot;:&quot;0&quot;,&quot;iso&quot;:&quot;0&quot;,&quot;shutter_speed&quot;:&quot;0&quot;,&quot;title&quot;:&quot;&quot;,&quot;orientation&quot;:&quot;0&quot;}\" data-image-title=\"P2758348 sw Munich Lab Band &amp;#8211; Foto TJ Krebs\" data-image-description=\"\" data-medium-file=\"https:\/\/i0.wp.com\/www.jazzzeitung.de\/cms\/wp-content\/uploads\/2023\/12\/P2758348-sw-Munich-Lab-Band-Foto-TJ-Krebs.jpg?fit=300%2C200&#038;ssl=1\" data-large-file=\"https:\/\/i0.wp.com\/www.jazzzeitung.de\/cms\/wp-content\/uploads\/2023\/12\/P2758348-sw-Munich-Lab-Band-Foto-TJ-Krebs.jpg?fit=840%2C560&#038;ssl=1\" src=\"https:\/\/i0.wp.com\/www.jazzzeitung.de\/cms\/wp-content\/uploads\/2023\/12\/P2758348-sw-Munich-Lab-Band-Foto-TJ-Krebs.jpg?w=836&#038;h=557&#038;ssl=1\" srcset=\"https:\/\/i0.wp.com\/www.jazzzeitung.de\/cms\/wp-content\/uploads\/2023\/12\/P2758348-sw-Munich-Lab-Band-Foto-TJ-Krebs.jpg?w=1200&amp;ssl=1 1200w, https:\/\/i0.wp.com\/www.jazzzeitung.de\/cms\/wp-content\/uploads\/2023\/12\/P2758348-sw-Munich-Lab-Band-Foto-TJ-Krebs.jpg?resize=300%2C200&amp;ssl=1 300w, https:\/\/i0.wp.com\/www.jazzzeitung.de\/cms\/wp-content\/uploads\/2023\/12\/P2758348-sw-Munich-Lab-Band-Foto-TJ-Krebs.jpg?resize=900%2C600&amp;ssl=1 900w, https:\/\/i0.wp.com\/www.jazzzeitung.de\/cms\/wp-content\/uploads\/2023\/12\/P2758348-sw-Munich-Lab-Band-Foto-TJ-Krebs.jpg?resize=768%2C512&amp;ssl=1 768w, https:\/\/i0.wp.com\/www.jazzzeitung.de\/cms\/wp-content\/uploads\/2023\/12\/P2758348-sw-Munich-Lab-Band-Foto-TJ-Krebs.jpg?resize=120%2C80&amp;ssl=1 120w\" width=\"836\" height=\"557\" loading=\"lazy\" data-original-width=\"836\" data-original-height=\"557\" itemprop=\"http:\/\/schema.org\/image\" title=\"P2758348 sw Munich Lab Band - Foto TJ Krebs\" alt=\"Live in der Unterfahrt: Munich Lab BandFoto: Thomas J. Krebs\" style=\"width: 836px; height: 557px;\" \/> <\/a> <div class=\"tiled-gallery-caption\" itemprop=\"caption description\"> Live in der Unterfahrt: Munich Lab BandFoto: Thomas J. Krebs <\/div> <\/div> <\/div> <!-- close group --> <\/div> <!-- close row --> <\/div>\n<h3>Live im Konzert<\/h3>\n<p>Der Abend im Jazzclub Unterfahrt begann fulminant mit dem Kracher \u201eMojo Chasing\u201c und f\u00fchrte dann abwechslungsreich weiter mit den auf CD versammelten St\u00fccken. Im Gegensatz zum Tontr\u00e4ger bestand die Rhythmusgruppe an dem Abend aus Sam Hylton am Piano, dem Gitarristen Paul Br\u00e4ndle, Jakob J\u00e4ger am Bass und dem Schlagzeuger Valentin Renner. Sozusagen der Kern der Big Band, die Basis, um den sich die Bl\u00e4sersektion schart und unter Leitung von Mastermind Felix Ecke Sound und Groove unter die Zuh\u00f6rer bringt. Urspr\u00fcngliche Intention der Munich Lab Band war, den traditionellen Bigband Sound nicht nur klassischen Jazzfans zug\u00e4nglich zu machen, sondern einer breiteren, der Musik offen zugewandten, H\u00f6rerschaft. Res\u00fcmee des Abends: der Plan ist aufgegangen und das Publikum entsprechend restlos begeistert. Die Liveatmosph\u00e4re tut der Band gut, es findet sich gen\u00fcgend Raum f\u00fcr Soli und Interpretation. Der Klangk\u00f6rper ist und bleibt vivid und auch die Frage beim neuen St\u00fcck im Programm \u201eIs It Was It Is?\u201c stellt sich nicht wirklich \u2013 yes (!) es ist und bleibt BigBand Mucke vom Feinsten. Da darf dann die Urauff\u00fchrung von \u201eThose Spring Days\u201c ruhig ein wenig vertr\u00e4umt oder gar weihnachtlich klingen. Das passt in die Zeit. Zum Abschluss gab es als Zugabe noch ein grandioses Mashup: angelehnt an Albert Collins \u201eFrosty\u201c machte die Munich Lab Band daraus einen Weihnachtsblues, der, fetzig mit Groove und Jumps, den Abend ausklingen lie\u00df.<\/p>\n<p>Text und Fotos: Thomas J. Krebs<\/p>\n<p>Die CD ist erschienen bei MUTTERKOMPLEX MKx024<\/p>\n<p>Vormerken, bevor wieder keine Karten mehr gibt:<br \/>\nDie Munich Lab Band im Jazzclub Unterfahrt, diesmal unter der Leitung von Vincent Eberle,<br \/>\nam Montag, den 18.03.2023 um 20:30h<\/p>\n","protected":false},"excerpt":{"rendered":"<p>Traditionell ist der Montagabend im M\u00fcnchner Jazzclub Unterfahrt den Big Bands vorbehalten. Montag, den 18. Dezember, gab es mit der Munich Lab Band einen besonderen Big Band Abend zu feiern. Anl\u00e4sslich ihres Release der CD \u201eThe Way Things Are\u201c gab es im voll besetzten Club ein Konzert das Ma\u00dfst\u00e4be setzte. Vor gut f\u00fcnf Jahren wurde die Munich Lab Band von den M\u00fcnchner Komponisten und Jazztrompetern Felix Ecke und Vincent Eberle ins Leben gerufen. Beide verbindet seit Jahren, beginnend mit ihrer gemeinsamen Zeit beim Landesjugendjazzorchester Bayern, eine enge Freundschaft. Aus einem Traum wurde mit der Munich Lab Band Realit\u00e4t. Auf der Suche nach der passenden Besetzung wurde man schnell f\u00fcndig und das Line-up liest sich wie ein Who is Who der M\u00fcnchner Jazz Szene. Von Nils Kugelmann \u00fcber Valentin Renner, Luca Zambito, Valentin Preissler, Tom F\u00f6rster, Moritz Renner oder Jonas Brinckmann, um nur ein paar der Musiker aufzuf\u00fchren, versammelt sich hier die Cr\u00e8me de la Cr\u00e8me der Szene und spielt was das Zeug h\u00e4lt. Doppelspitze Ecke\/Eberle Bei den Arrangements der CD\u00a0 \u201eThe Way Things Are\u201c sticht ein Merkmal besonders hervor. Man merkt, dass hier ein Trompeter &hellip;<\/p>\n","protected":false},"author":18,"featured_media":30420,"comment_status":"open","ping_status":"closed","sticky":false,"template":"","format":"standard","meta":{"_jetpack_memberships_contains_paid_content":false,"footnotes":"","jetpack_publicize_message":"","jetpack_publicize_feature_enabled":true,"jetpack_social_post_already_shared":false,"jetpack_social_options":{"image_generator_settings":{"template":"highway","default_image_id":0,"font":"","enabled":false},"version":2}},"categories":[1053],"tags":[5235,5236,809,3222,5237,3219],"coauthors":[695],"class_list":["post-30408","post","type-post","status-publish","format-standard","has-post-thumbnail","hentry","category-bericht","tag-chris-mehler","tag-felix-ecke","tag-jazzclub-unterfahrt","tag-jonas-brinckmann","tag-munich-lab-band","tag-vincent-eberle"],"yoast_head":"<!-- This site is optimized with the Yoast SEO plugin v27.5 - https:\/\/yoast.com\/product\/yoast-seo-wordpress\/ -->\n<title>CD-Release Party der Munich Lab Band im Jazzclub Unterfahrt - JazzZeitung<\/title>\n<meta name=\"robots\" content=\"index, follow, max-snippet:-1, max-image-preview:large, max-video-preview:-1\" \/>\n<link rel=\"canonical\" href=\"https:\/\/www.jazzzeitung.de\/cms\/2023\/12\/cd-release-party-der-munich-lab-band-im-jazzclub-unterfahrt\/\" \/>\n<meta property=\"og:locale\" content=\"de_DE\" \/>\n<meta property=\"og:type\" content=\"article\" \/>\n<meta property=\"og:title\" content=\"CD-Release Party der Munich Lab Band im Jazzclub Unterfahrt - JazzZeitung\" \/>\n<meta property=\"og:description\" content=\"Traditionell ist der Montagabend im M\u00fcnchner Jazzclub Unterfahrt den Big Bands vorbehalten. Montag, den 18. Dezember, gab es mit der Munich Lab Band einen besonderen Big Band Abend zu feiern. Anl\u00e4sslich ihres Release der CD \u201eThe Way Things Are\u201c gab es im voll besetzten Club ein Konzert das Ma\u00dfst\u00e4be setzte. Vor gut f\u00fcnf Jahren wurde die Munich Lab Band von den M\u00fcnchner Komponisten und Jazztrompetern Felix Ecke und Vincent Eberle ins Leben gerufen. Beide verbindet seit Jahren, beginnend mit ihrer gemeinsamen Zeit beim Landesjugendjazzorchester Bayern, eine enge Freundschaft. Aus einem Traum wurde mit der Munich Lab Band Realit\u00e4t. Auf der Suche nach der passenden Besetzung wurde man schnell f\u00fcndig und das Line-up liest sich wie ein Who is Who der M\u00fcnchner Jazz Szene. Von Nils Kugelmann \u00fcber Valentin Renner, Luca Zambito, Valentin Preissler, Tom F\u00f6rster, Moritz Renner oder Jonas Brinckmann, um nur ein paar der Musiker aufzuf\u00fchren, versammelt sich hier die Cr\u00e8me de la Cr\u00e8me der Szene und spielt was das Zeug h\u00e4lt. Doppelspitze Ecke\/Eberle Bei den Arrangements der CD\u00a0 \u201eThe Way Things Are\u201c sticht ein Merkmal besonders hervor. Man merkt, dass hier ein Trompeter &hellip;\" \/>\n<meta property=\"og:url\" content=\"https:\/\/www.jazzzeitung.de\/cms\/2023\/12\/cd-release-party-der-munich-lab-band-im-jazzclub-unterfahrt\/\" \/>\n<meta property=\"og:site_name\" content=\"JazzZeitung\" \/>\n<meta property=\"article:publisher\" content=\"https:\/\/www.facebook.com\/JazzZeitung\/\" \/>\n<meta property=\"article:published_time\" content=\"2023-12-27T08:48:25+00:00\" \/>\n<meta property=\"og:image\" content=\"https:\/\/i0.wp.com\/www.jazzzeitung.de\/cms\/wp-content\/uploads\/2023\/12\/P2768463-sw-Munich-Lab-Band-Ltg-Felix-Ecke-Foto-TJ-Krebs.jpg?fit=1200%2C800&ssl=1\" \/>\n\t<meta property=\"og:image:width\" content=\"1200\" \/>\n\t<meta property=\"og:image:height\" content=\"800\" \/>\n\t<meta property=\"og:image:type\" content=\"image\/jpeg\" \/>\n<meta name=\"author\" content=\"Redaktion JazzZeitung\" \/>\n<script type=\"application\/ld+json\" class=\"yoast-schema-graph\">{\"@context\":\"https:\\\/\\\/schema.org\",\"@graph\":[{\"@type\":\"Article\",\"@id\":\"https:\\\/\\\/www.jazzzeitung.de\\\/cms\\\/2023\\\/12\\\/cd-release-party-der-munich-lab-band-im-jazzclub-unterfahrt\\\/#article\",\"isPartOf\":{\"@id\":\"https:\\\/\\\/www.jazzzeitung.de\\\/cms\\\/2023\\\/12\\\/cd-release-party-der-munich-lab-band-im-jazzclub-unterfahrt\\\/\"},\"author\":{\"name\":\"Redaktion JazzZeitung\",\"@id\":\"https:\\\/\\\/www.jazzzeitung.de\\\/cms\\\/#\\\/schema\\\/person\\\/2245b36b9cd1d24cea10f01c031fb92b\"},\"headline\":\"CD-Release Party der Munich Lab Band im Jazzclub Unterfahrt\",\"datePublished\":\"2023-12-27T08:48:25+00:00\",\"mainEntityOfPage\":{\"@id\":\"https:\\\/\\\/www.jazzzeitung.de\\\/cms\\\/2023\\\/12\\\/cd-release-party-der-munich-lab-band-im-jazzclub-unterfahrt\\\/\"},\"wordCount\":547,\"commentCount\":0,\"publisher\":{\"@id\":\"https:\\\/\\\/www.jazzzeitung.de\\\/cms\\\/#organization\"},\"image\":{\"@id\":\"https:\\\/\\\/www.jazzzeitung.de\\\/cms\\\/2023\\\/12\\\/cd-release-party-der-munich-lab-band-im-jazzclub-unterfahrt\\\/#primaryimage\"},\"thumbnailUrl\":\"https:\\\/\\\/i0.wp.com\\\/www.jazzzeitung.de\\\/cms\\\/wp-content\\\/uploads\\\/2023\\\/12\\\/P2768463-sw-Munich-Lab-Band-Ltg-Felix-Ecke-Foto-TJ-Krebs.jpg?fit=1200%2C800&ssl=1\",\"keywords\":[\"Chris Mehler\",\"Felix Ecke\",\"Jazzclub Unterfahrt\",\"Jonas Brinckmann\",\"Munich Lab Band\",\"Vincent Eberle\"],\"articleSection\":[\"Bericht\"],\"inLanguage\":\"de\",\"potentialAction\":[{\"@type\":\"CommentAction\",\"name\":\"Comment\",\"target\":[\"https:\\\/\\\/www.jazzzeitung.de\\\/cms\\\/2023\\\/12\\\/cd-release-party-der-munich-lab-band-im-jazzclub-unterfahrt\\\/#respond\"]}]},{\"@type\":\"WebPage\",\"@id\":\"https:\\\/\\\/www.jazzzeitung.de\\\/cms\\\/2023\\\/12\\\/cd-release-party-der-munich-lab-band-im-jazzclub-unterfahrt\\\/\",\"url\":\"https:\\\/\\\/www.jazzzeitung.de\\\/cms\\\/2023\\\/12\\\/cd-release-party-der-munich-lab-band-im-jazzclub-unterfahrt\\\/\",\"name\":\"CD-Release Party der Munich Lab Band im Jazzclub Unterfahrt - JazzZeitung\",\"isPartOf\":{\"@id\":\"https:\\\/\\\/www.jazzzeitung.de\\\/cms\\\/#website\"},\"primaryImageOfPage\":{\"@id\":\"https:\\\/\\\/www.jazzzeitung.de\\\/cms\\\/2023\\\/12\\\/cd-release-party-der-munich-lab-band-im-jazzclub-unterfahrt\\\/#primaryimage\"},\"image\":{\"@id\":\"https:\\\/\\\/www.jazzzeitung.de\\\/cms\\\/2023\\\/12\\\/cd-release-party-der-munich-lab-band-im-jazzclub-unterfahrt\\\/#primaryimage\"},\"thumbnailUrl\":\"https:\\\/\\\/i0.wp.com\\\/www.jazzzeitung.de\\\/cms\\\/wp-content\\\/uploads\\\/2023\\\/12\\\/P2768463-sw-Munich-Lab-Band-Ltg-Felix-Ecke-Foto-TJ-Krebs.jpg?fit=1200%2C800&ssl=1\",\"datePublished\":\"2023-12-27T08:48:25+00:00\",\"breadcrumb\":{\"@id\":\"https:\\\/\\\/www.jazzzeitung.de\\\/cms\\\/2023\\\/12\\\/cd-release-party-der-munich-lab-band-im-jazzclub-unterfahrt\\\/#breadcrumb\"},\"inLanguage\":\"de\",\"potentialAction\":[{\"@type\":\"ReadAction\",\"target\":[\"https:\\\/\\\/www.jazzzeitung.de\\\/cms\\\/2023\\\/12\\\/cd-release-party-der-munich-lab-band-im-jazzclub-unterfahrt\\\/\"]}]},{\"@type\":\"ImageObject\",\"inLanguage\":\"de\",\"@id\":\"https:\\\/\\\/www.jazzzeitung.de\\\/cms\\\/2023\\\/12\\\/cd-release-party-der-munich-lab-band-im-jazzclub-unterfahrt\\\/#primaryimage\",\"url\":\"https:\\\/\\\/i0.wp.com\\\/www.jazzzeitung.de\\\/cms\\\/wp-content\\\/uploads\\\/2023\\\/12\\\/P2768463-sw-Munich-Lab-Band-Ltg-Felix-Ecke-Foto-TJ-Krebs.jpg?fit=1200%2C800&ssl=1\",\"contentUrl\":\"https:\\\/\\\/i0.wp.com\\\/www.jazzzeitung.de\\\/cms\\\/wp-content\\\/uploads\\\/2023\\\/12\\\/P2768463-sw-Munich-Lab-Band-Ltg-Felix-Ecke-Foto-TJ-Krebs.jpg?fit=1200%2C800&ssl=1\",\"width\":1200,\"height\":800},{\"@type\":\"BreadcrumbList\",\"@id\":\"https:\\\/\\\/www.jazzzeitung.de\\\/cms\\\/2023\\\/12\\\/cd-release-party-der-munich-lab-band-im-jazzclub-unterfahrt\\\/#breadcrumb\",\"itemListElement\":[{\"@type\":\"ListItem\",\"position\":1,\"name\":\"Startseite\",\"item\":\"https:\\\/\\\/www.jazzzeitung.de\\\/cms\\\/\"},{\"@type\":\"ListItem\",\"position\":2,\"name\":\"CD-Release Party der Munich Lab Band im Jazzclub Unterfahrt\"}]},{\"@type\":\"WebSite\",\"@id\":\"https:\\\/\\\/www.jazzzeitung.de\\\/cms\\\/#website\",\"url\":\"https:\\\/\\\/www.jazzzeitung.de\\\/cms\\\/\",\"name\":\"JazzZeitung\",\"description\":\"Jazz-News und Jazz-Kontroverses\",\"publisher\":{\"@id\":\"https:\\\/\\\/www.jazzzeitung.de\\\/cms\\\/#organization\"},\"potentialAction\":[{\"@type\":\"SearchAction\",\"target\":{\"@type\":\"EntryPoint\",\"urlTemplate\":\"https:\\\/\\\/www.jazzzeitung.de\\\/cms\\\/?s={search_term_string}\"},\"query-input\":{\"@type\":\"PropertyValueSpecification\",\"valueRequired\":true,\"valueName\":\"search_term_string\"}}],\"inLanguage\":\"de\"},{\"@type\":\"Organization\",\"@id\":\"https:\\\/\\\/www.jazzzeitung.de\\\/cms\\\/#organization\",\"name\":\"JazzZeitung online\",\"url\":\"https:\\\/\\\/www.jazzzeitung.de\\\/cms\\\/\",\"logo\":{\"@type\":\"ImageObject\",\"inLanguage\":\"de\",\"@id\":\"https:\\\/\\\/www.jazzzeitung.de\\\/cms\\\/#\\\/schema\\\/logo\\\/image\\\/\",\"url\":\"https:\\\/\\\/i0.wp.com\\\/www.jazzzeitung.de\\\/cms\\\/wp-content\\\/uploads\\\/2015\\\/08\\\/JAZZZEITUNGDE_Logo_Neu.png?fit=499%2C200&ssl=1\",\"contentUrl\":\"https:\\\/\\\/i0.wp.com\\\/www.jazzzeitung.de\\\/cms\\\/wp-content\\\/uploads\\\/2015\\\/08\\\/JAZZZEITUNGDE_Logo_Neu.png?fit=499%2C200&ssl=1\",\"width\":499,\"height\":200,\"caption\":\"JazzZeitung online\"},\"image\":{\"@id\":\"https:\\\/\\\/www.jazzzeitung.de\\\/cms\\\/#\\\/schema\\\/logo\\\/image\\\/\"},\"sameAs\":[\"https:\\\/\\\/www.facebook.com\\\/JazzZeitung\\\/\"]},{\"@type\":\"Person\",\"@id\":\"https:\\\/\\\/www.jazzzeitung.de\\\/cms\\\/#\\\/schema\\\/person\\\/2245b36b9cd1d24cea10f01c031fb92b\",\"name\":\"Redaktion JazzZeitung\",\"image\":{\"@type\":\"ImageObject\",\"inLanguage\":\"de\",\"@id\":\"https:\\\/\\\/i0.wp.com\\\/www.jazzzeitung.de\\\/cms\\\/wp-content\\\/uploads\\\/2015\\\/08\\\/JAZZZEITUNGDE_Logo_Neu.png?resize=96%2C96&ssl=159975dcacb611b5700bd619b5daf0a7a\",\"url\":\"https:\\\/\\\/i0.wp.com\\\/www.jazzzeitung.de\\\/cms\\\/wp-content\\\/uploads\\\/2015\\\/08\\\/JAZZZEITUNGDE_Logo_Neu.png?resize=96%2C96&ssl=1\",\"contentUrl\":\"https:\\\/\\\/i0.wp.com\\\/www.jazzzeitung.de\\\/cms\\\/wp-content\\\/uploads\\\/2015\\\/08\\\/JAZZZEITUNGDE_Logo_Neu.png?resize=96%2C96&ssl=1\",\"caption\":\"Redaktion JazzZeitung\"},\"description\":\"Artikel der Redaktion der JazzZeitung.\",\"sameAs\":[\"http:\\\/\\\/www.jazzzeitung.de\\\/cms\\\/\"],\"url\":\"https:\\\/\\\/www.jazzzeitung.de\\\/cms\\\/author\\\/redaktion\\\/\"}]}<\/script>\n<!-- \/ Yoast SEO plugin. -->","yoast_head_json":{"title":"CD-Release Party der Munich Lab Band im Jazzclub Unterfahrt - JazzZeitung","robots":{"index":"index","follow":"follow","max-snippet":"max-snippet:-1","max-image-preview":"max-image-preview:large","max-video-preview":"max-video-preview:-1"},"canonical":"https:\/\/www.jazzzeitung.de\/cms\/2023\/12\/cd-release-party-der-munich-lab-band-im-jazzclub-unterfahrt\/","og_locale":"de_DE","og_type":"article","og_title":"CD-Release Party der Munich Lab Band im Jazzclub Unterfahrt - JazzZeitung","og_description":"Traditionell ist der Montagabend im M\u00fcnchner Jazzclub Unterfahrt den Big Bands vorbehalten. Montag, den 18. Dezember, gab es mit der Munich Lab Band einen besonderen Big Band Abend zu feiern. Anl\u00e4sslich ihres Release der CD \u201eThe Way Things Are\u201c gab es im voll besetzten Club ein Konzert das Ma\u00dfst\u00e4be setzte. Vor gut f\u00fcnf Jahren wurde die Munich Lab Band von den M\u00fcnchner Komponisten und Jazztrompetern Felix Ecke und Vincent Eberle ins Leben gerufen. Beide verbindet seit Jahren, beginnend mit ihrer gemeinsamen Zeit beim Landesjugendjazzorchester Bayern, eine enge Freundschaft. Aus einem Traum wurde mit der Munich Lab Band Realit\u00e4t. Auf der Suche nach der passenden Besetzung wurde man schnell f\u00fcndig und das Line-up liest sich wie ein Who is Who der M\u00fcnchner Jazz Szene. Von Nils Kugelmann \u00fcber Valentin Renner, Luca Zambito, Valentin Preissler, Tom F\u00f6rster, Moritz Renner oder Jonas Brinckmann, um nur ein paar der Musiker aufzuf\u00fchren, versammelt sich hier die Cr\u00e8me de la Cr\u00e8me der Szene und spielt was das Zeug h\u00e4lt. Doppelspitze Ecke\/Eberle Bei den Arrangements der CD\u00a0 \u201eThe Way Things Are\u201c sticht ein Merkmal besonders hervor. Man merkt, dass hier ein Trompeter &hellip;","og_url":"https:\/\/www.jazzzeitung.de\/cms\/2023\/12\/cd-release-party-der-munich-lab-band-im-jazzclub-unterfahrt\/","og_site_name":"JazzZeitung","article_publisher":"https:\/\/www.facebook.com\/JazzZeitung\/","article_published_time":"2023-12-27T08:48:25+00:00","og_image":[{"width":1200,"height":800,"url":"https:\/\/i0.wp.com\/www.jazzzeitung.de\/cms\/wp-content\/uploads\/2023\/12\/P2768463-sw-Munich-Lab-Band-Ltg-Felix-Ecke-Foto-TJ-Krebs.jpg?fit=1200%2C800&ssl=1","type":"image\/jpeg"}],"author":"Redaktion JazzZeitung","schema":{"@context":"https:\/\/schema.org","@graph":[{"@type":"Article","@id":"https:\/\/www.jazzzeitung.de\/cms\/2023\/12\/cd-release-party-der-munich-lab-band-im-jazzclub-unterfahrt\/#article","isPartOf":{"@id":"https:\/\/www.jazzzeitung.de\/cms\/2023\/12\/cd-release-party-der-munich-lab-band-im-jazzclub-unterfahrt\/"},"author":{"name":"Redaktion JazzZeitung","@id":"https:\/\/www.jazzzeitung.de\/cms\/#\/schema\/person\/2245b36b9cd1d24cea10f01c031fb92b"},"headline":"CD-Release Party der Munich Lab Band im Jazzclub Unterfahrt","datePublished":"2023-12-27T08:48:25+00:00","mainEntityOfPage":{"@id":"https:\/\/www.jazzzeitung.de\/cms\/2023\/12\/cd-release-party-der-munich-lab-band-im-jazzclub-unterfahrt\/"},"wordCount":547,"commentCount":0,"publisher":{"@id":"https:\/\/www.jazzzeitung.de\/cms\/#organization"},"image":{"@id":"https:\/\/www.jazzzeitung.de\/cms\/2023\/12\/cd-release-party-der-munich-lab-band-im-jazzclub-unterfahrt\/#primaryimage"},"thumbnailUrl":"https:\/\/i0.wp.com\/www.jazzzeitung.de\/cms\/wp-content\/uploads\/2023\/12\/P2768463-sw-Munich-Lab-Band-Ltg-Felix-Ecke-Foto-TJ-Krebs.jpg?fit=1200%2C800&ssl=1","keywords":["Chris Mehler","Felix Ecke","Jazzclub Unterfahrt","Jonas Brinckmann","Munich Lab Band","Vincent Eberle"],"articleSection":["Bericht"],"inLanguage":"de","potentialAction":[{"@type":"CommentAction","name":"Comment","target":["https:\/\/www.jazzzeitung.de\/cms\/2023\/12\/cd-release-party-der-munich-lab-band-im-jazzclub-unterfahrt\/#respond"]}]},{"@type":"WebPage","@id":"https:\/\/www.jazzzeitung.de\/cms\/2023\/12\/cd-release-party-der-munich-lab-band-im-jazzclub-unterfahrt\/","url":"https:\/\/www.jazzzeitung.de\/cms\/2023\/12\/cd-release-party-der-munich-lab-band-im-jazzclub-unterfahrt\/","name":"CD-Release Party der Munich Lab Band im Jazzclub Unterfahrt - JazzZeitung","isPartOf":{"@id":"https:\/\/www.jazzzeitung.de\/cms\/#website"},"primaryImageOfPage":{"@id":"https:\/\/www.jazzzeitung.de\/cms\/2023\/12\/cd-release-party-der-munich-lab-band-im-jazzclub-unterfahrt\/#primaryimage"},"image":{"@id":"https:\/\/www.jazzzeitung.de\/cms\/2023\/12\/cd-release-party-der-munich-lab-band-im-jazzclub-unterfahrt\/#primaryimage"},"thumbnailUrl":"https:\/\/i0.wp.com\/www.jazzzeitung.de\/cms\/wp-content\/uploads\/2023\/12\/P2768463-sw-Munich-Lab-Band-Ltg-Felix-Ecke-Foto-TJ-Krebs.jpg?fit=1200%2C800&ssl=1","datePublished":"2023-12-27T08:48:25+00:00","breadcrumb":{"@id":"https:\/\/www.jazzzeitung.de\/cms\/2023\/12\/cd-release-party-der-munich-lab-band-im-jazzclub-unterfahrt\/#breadcrumb"},"inLanguage":"de","potentialAction":[{"@type":"ReadAction","target":["https:\/\/www.jazzzeitung.de\/cms\/2023\/12\/cd-release-party-der-munich-lab-band-im-jazzclub-unterfahrt\/"]}]},{"@type":"ImageObject","inLanguage":"de","@id":"https:\/\/www.jazzzeitung.de\/cms\/2023\/12\/cd-release-party-der-munich-lab-band-im-jazzclub-unterfahrt\/#primaryimage","url":"https:\/\/i0.wp.com\/www.jazzzeitung.de\/cms\/wp-content\/uploads\/2023\/12\/P2768463-sw-Munich-Lab-Band-Ltg-Felix-Ecke-Foto-TJ-Krebs.jpg?fit=1200%2C800&ssl=1","contentUrl":"https:\/\/i0.wp.com\/www.jazzzeitung.de\/cms\/wp-content\/uploads\/2023\/12\/P2768463-sw-Munich-Lab-Band-Ltg-Felix-Ecke-Foto-TJ-Krebs.jpg?fit=1200%2C800&ssl=1","width":1200,"height":800},{"@type":"BreadcrumbList","@id":"https:\/\/www.jazzzeitung.de\/cms\/2023\/12\/cd-release-party-der-munich-lab-band-im-jazzclub-unterfahrt\/#breadcrumb","itemListElement":[{"@type":"ListItem","position":1,"name":"Startseite","item":"https:\/\/www.jazzzeitung.de\/cms\/"},{"@type":"ListItem","position":2,"name":"CD-Release Party der Munich Lab Band im Jazzclub Unterfahrt"}]},{"@type":"WebSite","@id":"https:\/\/www.jazzzeitung.de\/cms\/#website","url":"https:\/\/www.jazzzeitung.de\/cms\/","name":"JazzZeitung","description":"Jazz-News und Jazz-Kontroverses","publisher":{"@id":"https:\/\/www.jazzzeitung.de\/cms\/#organization"},"potentialAction":[{"@type":"SearchAction","target":{"@type":"EntryPoint","urlTemplate":"https:\/\/www.jazzzeitung.de\/cms\/?s={search_term_string}"},"query-input":{"@type":"PropertyValueSpecification","valueRequired":true,"valueName":"search_term_string"}}],"inLanguage":"de"},{"@type":"Organization","@id":"https:\/\/www.jazzzeitung.de\/cms\/#organization","name":"JazzZeitung online","url":"https:\/\/www.jazzzeitung.de\/cms\/","logo":{"@type":"ImageObject","inLanguage":"de","@id":"https:\/\/www.jazzzeitung.de\/cms\/#\/schema\/logo\/image\/","url":"https:\/\/i0.wp.com\/www.jazzzeitung.de\/cms\/wp-content\/uploads\/2015\/08\/JAZZZEITUNGDE_Logo_Neu.png?fit=499%2C200&ssl=1","contentUrl":"https:\/\/i0.wp.com\/www.jazzzeitung.de\/cms\/wp-content\/uploads\/2015\/08\/JAZZZEITUNGDE_Logo_Neu.png?fit=499%2C200&ssl=1","width":499,"height":200,"caption":"JazzZeitung online"},"image":{"@id":"https:\/\/www.jazzzeitung.de\/cms\/#\/schema\/logo\/image\/"},"sameAs":["https:\/\/www.facebook.com\/JazzZeitung\/"]},{"@type":"Person","@id":"https:\/\/www.jazzzeitung.de\/cms\/#\/schema\/person\/2245b36b9cd1d24cea10f01c031fb92b","name":"Redaktion JazzZeitung","image":{"@type":"ImageObject","inLanguage":"de","@id":"https:\/\/i0.wp.com\/www.jazzzeitung.de\/cms\/wp-content\/uploads\/2015\/08\/JAZZZEITUNGDE_Logo_Neu.png?resize=96%2C96&ssl=159975dcacb611b5700bd619b5daf0a7a","url":"https:\/\/i0.wp.com\/www.jazzzeitung.de\/cms\/wp-content\/uploads\/2015\/08\/JAZZZEITUNGDE_Logo_Neu.png?resize=96%2C96&ssl=1","contentUrl":"https:\/\/i0.wp.com\/www.jazzzeitung.de\/cms\/wp-content\/uploads\/2015\/08\/JAZZZEITUNGDE_Logo_Neu.png?resize=96%2C96&ssl=1","caption":"Redaktion JazzZeitung"},"description":"Artikel der Redaktion der JazzZeitung.","sameAs":["http:\/\/www.jazzzeitung.de\/cms\/"],"url":"https:\/\/www.jazzzeitung.de\/cms\/author\/redaktion\/"}]}},"wp-worthy-pixel":{"ignored":false,"public":null,"server":null,"url":null},"wp-worthy-type":"normal","jetpack_publicize_connections":[],"cc_featured_image_caption":{"caption_text":"","source_text":"","source_url":""},"jetpack_featured_media_url":"https:\/\/i0.wp.com\/www.jazzzeitung.de\/cms\/wp-content\/uploads\/2023\/12\/P2768463-sw-Munich-Lab-Band-Ltg-Felix-Ecke-Foto-TJ-Krebs.jpg?fit=1200%2C800&ssl=1","jetpack_shortlink":"https:\/\/wp.me\/p3KEcT-7Us","jetpack-related-posts":[{"id":31285,"url":"https:\/\/www.jazzzeitung.de\/cms\/2024\/07\/bob-reynolds-group-live-in-munich-als-immersives-klangerlebnis\/","url_meta":{"origin":30408,"position":0},"title":"Bob Reynolds Group Live in Munich als immersives Klangerlebnis","author":"Thomas J. Krebs","date":"9. Juli 2024","format":false,"excerpt":"Bob Reynolds - Saxophonist, Grammygewinner und unter anderem Mitglied des Musikerkollektivs Snarky Puppy - auf seiner ersten Quartett Europatour nach Corona. Gleich zu Beginn der geplanten Europakonzerte wurde Bob Reynolds in Holland am Bahnhof von Rotterdam seine Tasche mit Noten, Computer und Effektger\u00e4ten gestohlen. Stress pur war angesagt, und mit\u2026","rel":"","context":"In &quot;Rezension&quot;","block_context":{"text":"Rezension","link":"https:\/\/www.jazzzeitung.de\/cms\/thema\/rezension\/"},"img":{"alt_text":"","src":"https:\/\/i0.wp.com\/www.jazzzeitung.de\/cms\/wp-content\/uploads\/2024\/07\/Bob-Reynolds-Group-2022-c-IAN-Records-photo-by-TJ-Krebs-scaled.jpg?fit=1200%2C800&ssl=1&resize=350%2C200","width":350,"height":200,"srcset":"https:\/\/i0.wp.com\/www.jazzzeitung.de\/cms\/wp-content\/uploads\/2024\/07\/Bob-Reynolds-Group-2022-c-IAN-Records-photo-by-TJ-Krebs-scaled.jpg?fit=1200%2C800&ssl=1&resize=350%2C200 1x, https:\/\/i0.wp.com\/www.jazzzeitung.de\/cms\/wp-content\/uploads\/2024\/07\/Bob-Reynolds-Group-2022-c-IAN-Records-photo-by-TJ-Krebs-scaled.jpg?fit=1200%2C800&ssl=1&resize=525%2C300 1.5x, https:\/\/i0.wp.com\/www.jazzzeitung.de\/cms\/wp-content\/uploads\/2024\/07\/Bob-Reynolds-Group-2022-c-IAN-Records-photo-by-TJ-Krebs-scaled.jpg?fit=1200%2C800&ssl=1&resize=700%2C400 2x, https:\/\/i0.wp.com\/www.jazzzeitung.de\/cms\/wp-content\/uploads\/2024\/07\/Bob-Reynolds-Group-2022-c-IAN-Records-photo-by-TJ-Krebs-scaled.jpg?fit=1200%2C800&ssl=1&resize=1050%2C600 3x"},"classes":[]},{"id":17028,"url":"https:\/\/www.jazzzeitung.de\/cms\/2018\/08\/fotogalerie-cornelius-claudio-kreusch-mit-black-mud-sound-bei-der-munich-jazz-summer-week\/","url_meta":{"origin":30408,"position":1},"title":"Fotogalerie: Cornelius Claudio Kreusch &#8222;Black Mud Sound&#8220; feat. Bobby Watson bei der Munich Jazz Summer Week","author":"Redaktion JazzZeitung","date":"28. August 2018","format":false,"excerpt":"An gleich f\u00fcnf Tagen, vom 14. bis 18. August, trat im Rahmen der Munich Jazz Summer Week das Afro-Jazz-Quartett rund um Pianisten Cornelius Claudio Kreusch auf. Im M\u00fcncher Jazzclub Unterfahrt wurde der Komponist von seinen langj\u00e4hrigen Weggef\u00e4hrten Zaf Zapha (Bass) und Maxime Zampieri (Schlagzeug) unterst\u00fctzt; Gast-Saxophonist Bobby Watson rundete das\u2026","rel":"","context":"In &quot;Galerie&quot;","block_context":{"text":"Galerie","link":"https:\/\/www.jazzzeitung.de\/cms\/thema\/galerie\/"},"img":{"alt_text":"","src":"https:\/\/i0.wp.com\/www.jazzzeitung.de\/cms\/wp-content\/uploads\/2018\/08\/P1324698-sw-cck-black-mud-sound-Foto-TJ-Krebs-jazzphotoagency%40web.de_.jpg?fit=1200%2C800&ssl=1&resize=350%2C200","width":350,"height":200,"srcset":"https:\/\/i0.wp.com\/www.jazzzeitung.de\/cms\/wp-content\/uploads\/2018\/08\/P1324698-sw-cck-black-mud-sound-Foto-TJ-Krebs-jazzphotoagency%40web.de_.jpg?fit=1200%2C800&ssl=1&resize=350%2C200 1x, https:\/\/i0.wp.com\/www.jazzzeitung.de\/cms\/wp-content\/uploads\/2018\/08\/P1324698-sw-cck-black-mud-sound-Foto-TJ-Krebs-jazzphotoagency%40web.de_.jpg?fit=1200%2C800&ssl=1&resize=525%2C300 1.5x, https:\/\/i0.wp.com\/www.jazzzeitung.de\/cms\/wp-content\/uploads\/2018\/08\/P1324698-sw-cck-black-mud-sound-Foto-TJ-Krebs-jazzphotoagency%40web.de_.jpg?fit=1200%2C800&ssl=1&resize=700%2C400 2x, https:\/\/i0.wp.com\/www.jazzzeitung.de\/cms\/wp-content\/uploads\/2018\/08\/P1324698-sw-cck-black-mud-sound-Foto-TJ-Krebs-jazzphotoagency%40web.de_.jpg?fit=1200%2C800&ssl=1&resize=1050%2C600 3x"},"classes":[]},{"id":30610,"url":"https:\/\/www.jazzzeitung.de\/cms\/2024\/02\/gelungene-alternative-zur-faschingswoche-im-jazzclub-unterfahrt\/","url_meta":{"origin":30408,"position":2},"title":"Gelungene Alternative zur Faschingswoche im Jazzclub Unterfahrt","author":"Thomas J. Krebs","date":"15. Februar 2024","format":false,"excerpt":"Der Fasching hat in M\u00fcnchen eine lange Tradition. Zwischen Weiberfasching und Faschingsdienstag steht die Metropole Kopf, unz\u00e4hlige Veranstaltungen locken \u201eN\u00e4rrinnen und Narrhalesen\". Wer dem bunten Treiben und Trubel entgehen will, dem bieten sich eine Vielzahl an Alternativen: zum Beispiel Fasching feiern mit abgefahrenen Jazzkonzerten im M\u00fcnchner Jazzclub Unterfahrt. An Weiberfasching\u2026","rel":"","context":"In &quot;Bericht&quot;","block_context":{"text":"Bericht","link":"https:\/\/www.jazzzeitung.de\/cms\/thema\/bericht\/"},"img":{"alt_text":"","src":"https:\/\/i0.wp.com\/www.jazzzeitung.de\/cms\/wp-content\/uploads\/2024\/02\/P2824904-Nilssen-Trio-Foto-TJ-Krebs.jpg?fit=1200%2C800&ssl=1&resize=350%2C200","width":350,"height":200,"srcset":"https:\/\/i0.wp.com\/www.jazzzeitung.de\/cms\/wp-content\/uploads\/2024\/02\/P2824904-Nilssen-Trio-Foto-TJ-Krebs.jpg?fit=1200%2C800&ssl=1&resize=350%2C200 1x, https:\/\/i0.wp.com\/www.jazzzeitung.de\/cms\/wp-content\/uploads\/2024\/02\/P2824904-Nilssen-Trio-Foto-TJ-Krebs.jpg?fit=1200%2C800&ssl=1&resize=525%2C300 1.5x, https:\/\/i0.wp.com\/www.jazzzeitung.de\/cms\/wp-content\/uploads\/2024\/02\/P2824904-Nilssen-Trio-Foto-TJ-Krebs.jpg?fit=1200%2C800&ssl=1&resize=700%2C400 2x, https:\/\/i0.wp.com\/www.jazzzeitung.de\/cms\/wp-content\/uploads\/2024\/02\/P2824904-Nilssen-Trio-Foto-TJ-Krebs.jpg?fit=1200%2C800&ssl=1&resize=1050%2C600 3x"},"classes":[]},{"id":8365,"url":"https:\/\/www.jazzzeitung.de\/cms\/2016\/02\/edition-unterfahrt-enja-praesentiert-neue-cd-reihe\/","url_meta":{"origin":30408,"position":3},"title":"&#8222;Edition Unterfahrt&#8220;: enja pr\u00e4sentiert neue CD-Reihe","author":"Redaktion JazzZeitung","date":"9. Februar 2016","format":false,"excerpt":"Mit der ersten Ausgabe der Edition Unterfahrt verwirklicht der Jazzclub Unterfahrt ein lang gehegtes Vorhaben: Aufnahmen aus dem Club bzw. mit Musikern, die in enger Verbundenheit mit dem Club stehen. In Zusammenarbeit mit Enja Records erscheint in dieser neuen Reihe Ende Februar die erste CD Vibes & Strings, ein Projekt\u2026","rel":"","context":"In &quot;Redaktionelle Nachrichten&quot;","block_context":{"text":"Redaktionelle Nachrichten","link":"https:\/\/www.jazzzeitung.de\/cms\/thema\/redaktion\/"},"img":{"alt_text":"henning-sieverts-vibes-and-strings","src":"https:\/\/i0.wp.com\/www.jazzzeitung.de\/cms\/wp-content\/uploads\/2016\/02\/henning-sieverts-vibes-and-strings-150x150.jpg?resize=350%2C200","width":350,"height":200},"classes":[]},{"id":17041,"url":"https:\/\/www.jazzzeitung.de\/cms\/2018\/08\/fotostrecke-guido-may-extravaganza-feat-jason-rebello-und-pee-wee-ellis-bei-der-munich-jazz-summer-week\/","url_meta":{"origin":30408,"position":4},"title":"Fotostrecke: Guido May &#8222;Groove Extravaganza&#8220; feat. Pee Wee Ellis bei der Munich Jazz Summer Week","author":"Redaktion JazzZeitung","date":"29. August 2018","format":false,"excerpt":"Guido May feierte bei der Munich Jazz Summer Week seinen 50. Geburtstag! Daf\u00fcr trommelte der international gefragte Schlagzeuger aus Bad Reichenhall am 24. und 25. August im M\u00fcncher Jazzclub Unterfahrt seine Formation \"Groove Extravaganza\" zusammen. Deren Altsaxophonist James Morton spielte bereits mit Fred Wesley und The Herbaliser, w\u00e4hrend Tony Remy\u2026","rel":"","context":"In &quot;Galerie&quot;","block_context":{"text":"Galerie","link":"https:\/\/www.jazzzeitung.de\/cms\/thema\/galerie\/"},"img":{"alt_text":"","src":"https:\/\/i0.wp.com\/www.jazzzeitung.de\/cms\/wp-content\/uploads\/2018\/08\/P1346701-Guido-May-Groove-Extravaganza-on-stage-Foto-TJ-Krebs-jazzphotoagency%40web.de_.jpg?fit=1200%2C800&ssl=1&resize=350%2C200","width":350,"height":200,"srcset":"https:\/\/i0.wp.com\/www.jazzzeitung.de\/cms\/wp-content\/uploads\/2018\/08\/P1346701-Guido-May-Groove-Extravaganza-on-stage-Foto-TJ-Krebs-jazzphotoagency%40web.de_.jpg?fit=1200%2C800&ssl=1&resize=350%2C200 1x, https:\/\/i0.wp.com\/www.jazzzeitung.de\/cms\/wp-content\/uploads\/2018\/08\/P1346701-Guido-May-Groove-Extravaganza-on-stage-Foto-TJ-Krebs-jazzphotoagency%40web.de_.jpg?fit=1200%2C800&ssl=1&resize=525%2C300 1.5x, https:\/\/i0.wp.com\/www.jazzzeitung.de\/cms\/wp-content\/uploads\/2018\/08\/P1346701-Guido-May-Groove-Extravaganza-on-stage-Foto-TJ-Krebs-jazzphotoagency%40web.de_.jpg?fit=1200%2C800&ssl=1&resize=700%2C400 2x, https:\/\/i0.wp.com\/www.jazzzeitung.de\/cms\/wp-content\/uploads\/2018\/08\/P1346701-Guido-May-Groove-Extravaganza-on-stage-Foto-TJ-Krebs-jazzphotoagency%40web.de_.jpg?fit=1200%2C800&ssl=1&resize=1050%2C600 3x"},"classes":[]},{"id":14407,"url":"https:\/\/www.jazzzeitung.de\/cms\/2017\/11\/dave-douglas-chet-doxas-riverside-mit-carla-bley-auf-tour-und-im-jazzclub-unterfahrt\/","url_meta":{"origin":30408,"position":5},"title":"Dave Douglas &#038; Chet Doxas: \u201eRiverside\u201c mit Carla Bley im Jazzclub Unterfahrt","author":"Thomas J. Krebs","date":"25. November 2017","format":false,"excerpt":"Nach einem Tribute f\u00fcr Jimmy Giuffre \u00fcberlegten sich Dave Douglas und Chet Doxas f\u00fcr ihr Bandprojekt \u201eRiverside\u201c einem weiteren musikalischen Vorbild zu huldigen: Carla Bley! Als Carla Bley \u00fcber ihren Partner Steve Swallow, gleichzeitig der Bassist des Riverside-Quartetts, davon erfuhr, beteiligte sie sich spontan mit ein paar Eigenkompositionen f\u00fcr die\u2026","rel":"","context":"In &quot;Bericht&quot;","block_context":{"text":"Bericht","link":"https:\/\/www.jazzzeitung.de\/cms\/thema\/bericht\/"},"img":{"alt_text":"","src":"https:\/\/i0.wp.com\/www.jazzzeitung.de\/cms\/wp-content\/uploads\/2017\/11\/P1680683-Bley-Foto-TJ-Krebs-jazzphotoagency%40web.de_.jpg?fit=1200%2C800&ssl=1&resize=350%2C200","width":350,"height":200,"srcset":"https:\/\/i0.wp.com\/www.jazzzeitung.de\/cms\/wp-content\/uploads\/2017\/11\/P1680683-Bley-Foto-TJ-Krebs-jazzphotoagency%40web.de_.jpg?fit=1200%2C800&ssl=1&resize=350%2C200 1x, https:\/\/i0.wp.com\/www.jazzzeitung.de\/cms\/wp-content\/uploads\/2017\/11\/P1680683-Bley-Foto-TJ-Krebs-jazzphotoagency%40web.de_.jpg?fit=1200%2C800&ssl=1&resize=525%2C300 1.5x, https:\/\/i0.wp.com\/www.jazzzeitung.de\/cms\/wp-content\/uploads\/2017\/11\/P1680683-Bley-Foto-TJ-Krebs-jazzphotoagency%40web.de_.jpg?fit=1200%2C800&ssl=1&resize=700%2C400 2x, https:\/\/i0.wp.com\/www.jazzzeitung.de\/cms\/wp-content\/uploads\/2017\/11\/P1680683-Bley-Foto-TJ-Krebs-jazzphotoagency%40web.de_.jpg?fit=1200%2C800&ssl=1&resize=1050%2C600 3x"},"classes":[]}],"jetpack_sharing_enabled":true,"_links":{"self":[{"href":"https:\/\/www.jazzzeitung.de\/cms\/wp-json\/wp\/v2\/posts\/30408","targetHints":{"allow":["GET"]}}],"collection":[{"href":"https:\/\/www.jazzzeitung.de\/cms\/wp-json\/wp\/v2\/posts"}],"about":[{"href":"https:\/\/www.jazzzeitung.de\/cms\/wp-json\/wp\/v2\/types\/post"}],"author":[{"embeddable":true,"href":"https:\/\/www.jazzzeitung.de\/cms\/wp-json\/wp\/v2\/users\/18"}],"replies":[{"embeddable":true,"href":"https:\/\/www.jazzzeitung.de\/cms\/wp-json\/wp\/v2\/comments?post=30408"}],"version-history":[{"count":7,"href":"https:\/\/www.jazzzeitung.de\/cms\/wp-json\/wp\/v2\/posts\/30408\/revisions"}],"predecessor-version":[{"id":30436,"href":"https:\/\/www.jazzzeitung.de\/cms\/wp-json\/wp\/v2\/posts\/30408\/revisions\/30436"}],"wp:featuredmedia":[{"embeddable":true,"href":"https:\/\/www.jazzzeitung.de\/cms\/wp-json\/wp\/v2\/media\/30420"}],"wp:attachment":[{"href":"https:\/\/www.jazzzeitung.de\/cms\/wp-json\/wp\/v2\/media?parent=30408"}],"wp:term":[{"taxonomy":"category","embeddable":true,"href":"https:\/\/www.jazzzeitung.de\/cms\/wp-json\/wp\/v2\/categories?post=30408"},{"taxonomy":"post_tag","embeddable":true,"href":"https:\/\/www.jazzzeitung.de\/cms\/wp-json\/wp\/v2\/tags?post=30408"},{"taxonomy":"author","embeddable":true,"href":"https:\/\/www.jazzzeitung.de\/cms\/wp-json\/wp\/v2\/coauthors?post=30408"}],"curies":[{"name":"wp","href":"https:\/\/api.w.org\/{rel}","templated":true}]}}