{"id":30304,"date":"2023-11-16T12:00:19","date_gmt":"2023-11-16T11:00:19","guid":{"rendered":"https:\/\/www.jazzzeitung.de\/cms\/?p=30304"},"modified":"2023-11-16T11:31:56","modified_gmt":"2023-11-16T10:31:56","slug":"meteore-im-fluxus-der-mulberry-street-jazz-cds-und-neue-musik-in-der-hoerbar","status":"publish","type":"post","link":"https:\/\/www.jazzzeitung.de\/cms\/2023\/11\/meteore-im-fluxus-der-mulberry-street-jazz-cds-und-neue-musik-in-der-hoerbar\/","title":{"rendered":"Meteore im Fluxus der Mulberry Street \u2013 Jazz-CDs und Neue Musik in der H\u00f6rBar"},"content":{"rendered":"<p>Immer aktuelle Platten von Sebastian Gramss, Karlheinz Essl sowie Gestohlene Sinfonien und Krachendes, schwarze L\u00f6cher. \u00c4ltere neuere Jazz-Rezensionen in der<a href=\"https:\/\/hoerbar.nmz.de\/\"> H\u00f6rBar<\/a> der<a href=\"https:\/\/www.nmz.de\/\"> neuen musikzeitung<\/a>.<\/p>\n<ul>\n<li><a href=\"https:\/\/hoerbar.nmz.de\/2023\/08\/meteors-message-to-outer-space\/\">Meteors \u2013 Message To Outer Space<\/a><\/li>\n<li><a href=\"https:\/\/hoerbar.nmz.de\/2023\/07\/black-holes-are-hard-to-find\/\">Black Holes Are Hard To Find<\/a><\/li>\n<li><a href=\"https:\/\/hoerbar.nmz.de\/2023\/07\/mulberry-street-symphony\/\">Mulberry Street Symphony<\/a><\/li>\n<li><a href=\"https:\/\/hoerbar.nmz.de\/2023\/07\/fluxus-neofluxus-stolen-symphony-vol-1\/\">Fluxus &amp; NeoFluxus \/ Stolen Symphony (Vol. 1)<\/a><\/li>\n<li><a href=\"https:\/\/hoerbar.nmz.de\/2023\/07\/essl-kogert-organo-logics\/\">Essl\/Kogert \u2013 Organo\/Logics<\/a><\/li>\n<\/ul>\n<h2><a href=\"https:\/\/hoerbar.nmz.de\/2023\/08\/meteors-message-to-outer-space\/\">Meteors \u2013 Message To Outer Space<\/a><\/h2>\n<figure id=\"attachment_30310\" aria-describedby=\"caption-attachment-30310\" style=\"width: 300px\" class=\"wp-caption alignright\"><img data-recalc-dims=\"1\" loading=\"lazy\" decoding=\"async\" data-attachment-id=\"30310\" data-permalink=\"https:\/\/www.jazzzeitung.de\/cms\/2023\/11\/meteore-im-fluxus-der-mulberry-street-jazz-cds-und-neue-musik-in-der-hoerbar\/meteors\/\" data-orig-file=\"https:\/\/i0.wp.com\/www.jazzzeitung.de\/cms\/wp-content\/uploads\/2023\/11\/meteors.jpg?fit=1200%2C1200&amp;ssl=1\" data-orig-size=\"1200,1200\" data-comments-opened=\"1\" data-image-meta=\"{&quot;aperture&quot;:&quot;0&quot;,&quot;credit&quot;:&quot;&quot;,&quot;camera&quot;:&quot;&quot;,&quot;caption&quot;:&quot;&quot;,&quot;created_timestamp&quot;:&quot;0&quot;,&quot;copyright&quot;:&quot;&quot;,&quot;focal_length&quot;:&quot;0&quot;,&quot;iso&quot;:&quot;0&quot;,&quot;shutter_speed&quot;:&quot;0&quot;,&quot;title&quot;:&quot;&quot;,&quot;orientation&quot;:&quot;0&quot;}\" data-image-title=\"Meteors \u2013 Message to outer space\" data-image-description=\"&lt;p&gt;Meteors \u2013 Message to outer space&lt;\/p&gt;\n\" data-image-caption=\"&lt;p&gt;Meteors \u2013 Message to outer space&lt;\/p&gt;\n\" data-large-file=\"https:\/\/i0.wp.com\/www.jazzzeitung.de\/cms\/wp-content\/uploads\/2023\/11\/meteors.jpg?fit=600%2C600&amp;ssl=1\" class=\"size-medium wp-image-30310\" src=\"https:\/\/i0.wp.com\/www.jazzzeitung.de\/cms\/wp-content\/uploads\/2023\/11\/meteors.jpg?resize=300%2C300&#038;ssl=1\" alt=\"Meteors \u2013 Message to outer space\" width=\"300\" height=\"300\" srcset=\"https:\/\/i0.wp.com\/www.jazzzeitung.de\/cms\/wp-content\/uploads\/2023\/11\/meteors.jpg?resize=300%2C300&amp;ssl=1 300w, https:\/\/i0.wp.com\/www.jazzzeitung.de\/cms\/wp-content\/uploads\/2023\/11\/meteors.jpg?resize=600%2C600&amp;ssl=1 600w, https:\/\/i0.wp.com\/www.jazzzeitung.de\/cms\/wp-content\/uploads\/2023\/11\/meteors.jpg?resize=150%2C150&amp;ssl=1 150w, https:\/\/i0.wp.com\/www.jazzzeitung.de\/cms\/wp-content\/uploads\/2023\/11\/meteors.jpg?resize=768%2C768&amp;ssl=1 768w, https:\/\/i0.wp.com\/www.jazzzeitung.de\/cms\/wp-content\/uploads\/2023\/11\/meteors.jpg?resize=24%2C24&amp;ssl=1 24w, https:\/\/i0.wp.com\/www.jazzzeitung.de\/cms\/wp-content\/uploads\/2023\/11\/meteors.jpg?resize=48%2C48&amp;ssl=1 48w, https:\/\/i0.wp.com\/www.jazzzeitung.de\/cms\/wp-content\/uploads\/2023\/11\/meteors.jpg?resize=96%2C96&amp;ssl=1 96w, https:\/\/i0.wp.com\/www.jazzzeitung.de\/cms\/wp-content\/uploads\/2023\/11\/meteors.jpg?w=1200&amp;ssl=1 1200w\" sizes=\"auto, (max-width: 300px) 100vw, 300px\" \/><figcaption id=\"caption-attachment-30310\" class=\"wp-caption-text\">Meteors \u2013 Message to outer space<\/figcaption><\/figure>\n<p>\u2026 Woher stammt eigentlich das Bed\u00fcrfnis, Produkte unserer Kunstwelt ins Weltall schie\u00dfen zu wollen? Ist damit die stille Hoffnung auf bessere Welt jenseits des Diesseits verbunden, die all das besser verstehen und empfinden m\u00f6ge. Hat man alle Hoffnung fahren lassen, dies vor Ort in Erf\u00fcllung gehen zu sehen. Wir wissen dabei doch nicht einmal, wie au\u00dfermenschliche Lebewesen auf der Erde eine solche Musikwelt wahrnehmen. Genau genommen wissen wir das noch nicht mal bei den Menschen selbst. Eigentlich wissen wir ja gar nichts. \u2026<\/p>\n<h2><a href=\"https:\/\/hoerbar.nmz.de\/2023\/07\/black-holes-are-hard-to-find\/\">Black Holes Are Hard To Find<\/a><\/h2>\n<figure id=\"attachment_30309\" aria-describedby=\"caption-attachment-30309\" style=\"width: 300px\" class=\"wp-caption alignright\"><img data-recalc-dims=\"1\" loading=\"lazy\" decoding=\"async\" data-attachment-id=\"30309\" data-permalink=\"https:\/\/www.jazzzeitung.de\/cms\/2023\/11\/meteore-im-fluxus-der-mulberry-street-jazz-cds-und-neue-musik-in-der-hoerbar\/black_holes\/\" data-orig-file=\"https:\/\/i0.wp.com\/www.jazzzeitung.de\/cms\/wp-content\/uploads\/2023\/11\/black_holes.jpg?fit=1200%2C1132&amp;ssl=1\" data-orig-size=\"1200,1132\" data-comments-opened=\"1\" data-image-meta=\"{&quot;aperture&quot;:&quot;0&quot;,&quot;credit&quot;:&quot;&quot;,&quot;camera&quot;:&quot;&quot;,&quot;caption&quot;:&quot;&quot;,&quot;created_timestamp&quot;:&quot;0&quot;,&quot;copyright&quot;:&quot;&quot;,&quot;focal_length&quot;:&quot;0&quot;,&quot;iso&quot;:&quot;0&quot;,&quot;shutter_speed&quot;:&quot;0&quot;,&quot;title&quot;:&quot;&quot;,&quot;orientation&quot;:&quot;0&quot;}\" data-image-title=\"Black Holes Are Hard To Find\" data-image-description=\"&lt;p&gt;Black Holes Are Hard To Find&lt;\/p&gt;\n\" data-image-caption=\"&lt;p&gt;Black Holes Are Hard To Find&lt;\/p&gt;\n\" data-large-file=\"https:\/\/i0.wp.com\/www.jazzzeitung.de\/cms\/wp-content\/uploads\/2023\/11\/black_holes.jpg?fit=636%2C600&amp;ssl=1\" class=\"size-medium wp-image-30309\" src=\"https:\/\/i0.wp.com\/www.jazzzeitung.de\/cms\/wp-content\/uploads\/2023\/11\/black_holes.jpg?resize=300%2C283&#038;ssl=1\" alt=\"Black Holes Are Hard To Find\" width=\"300\" height=\"283\" srcset=\"https:\/\/i0.wp.com\/www.jazzzeitung.de\/cms\/wp-content\/uploads\/2023\/11\/black_holes.jpg?resize=300%2C283&amp;ssl=1 300w, https:\/\/i0.wp.com\/www.jazzzeitung.de\/cms\/wp-content\/uploads\/2023\/11\/black_holes.jpg?resize=636%2C600&amp;ssl=1 636w, https:\/\/i0.wp.com\/www.jazzzeitung.de\/cms\/wp-content\/uploads\/2023\/11\/black_holes.jpg?resize=768%2C724&amp;ssl=1 768w, https:\/\/i0.wp.com\/www.jazzzeitung.de\/cms\/wp-content\/uploads\/2023\/11\/black_holes.jpg?resize=24%2C24&amp;ssl=1 24w, https:\/\/i0.wp.com\/www.jazzzeitung.de\/cms\/wp-content\/uploads\/2023\/11\/black_holes.jpg?w=1200&amp;ssl=1 1200w\" sizes=\"auto, (max-width: 300px) 100vw, 300px\" \/><figcaption id=\"caption-attachment-30309\" class=\"wp-caption-text\">Black Holes Are Hard To Find<\/figcaption><\/figure>\n<p>\u2026 Die drei verschiedenen Instrumentenwelten amalgamieren sich, laufen nebeneinander her, g\u00f6nnen sich auch mal unternerv\u00f6se Auszeiten oder ausladendes Durchbrettern: Impulse, Expulse, Antipulse \u2026<\/p>\n<h2><a href=\"https:\/\/hoerbar.nmz.de\/2023\/07\/mulberry-street-symphony\/\" aria-label=\"Bei Facebook teilen\">Mulberry Street Symphony<\/a><\/h2>\n<figure id=\"attachment_30308\" aria-describedby=\"caption-attachment-30308\" style=\"width: 300px\" class=\"wp-caption alignright\"><img data-recalc-dims=\"1\" loading=\"lazy\" decoding=\"async\" data-attachment-id=\"30308\" data-permalink=\"https:\/\/www.jazzzeitung.de\/cms\/2023\/11\/meteore-im-fluxus-der-mulberry-street-jazz-cds-und-neue-musik-in-der-hoerbar\/mulberry\/\" data-orig-file=\"https:\/\/i0.wp.com\/www.jazzzeitung.de\/cms\/wp-content\/uploads\/2023\/11\/mulberry.jpg?fit=1200%2C1082&amp;ssl=1\" data-orig-size=\"1200,1082\" data-comments-opened=\"1\" data-image-meta=\"{&quot;aperture&quot;:&quot;0&quot;,&quot;credit&quot;:&quot;&quot;,&quot;camera&quot;:&quot;&quot;,&quot;caption&quot;:&quot;&quot;,&quot;created_timestamp&quot;:&quot;0&quot;,&quot;copyright&quot;:&quot;&quot;,&quot;focal_length&quot;:&quot;0&quot;,&quot;iso&quot;:&quot;0&quot;,&quot;shutter_speed&quot;:&quot;0&quot;,&quot;title&quot;:&quot;&quot;,&quot;orientation&quot;:&quot;0&quot;}\" data-image-title=\"Mulberry Street Symphony\" data-image-description=\"&lt;p&gt;Mulberry Street Symphony&lt;\/p&gt;\n\" data-image-caption=\"&lt;p&gt;Mulberry Street Symphony&lt;\/p&gt;\n\" data-large-file=\"https:\/\/i0.wp.com\/www.jazzzeitung.de\/cms\/wp-content\/uploads\/2023\/11\/mulberry.jpg?fit=665%2C600&amp;ssl=1\" class=\"size-medium wp-image-30308\" src=\"https:\/\/i0.wp.com\/www.jazzzeitung.de\/cms\/wp-content\/uploads\/2023\/11\/mulberry.jpg?resize=300%2C271&#038;ssl=1\" alt=\"Mulberry Street Symphony\" width=\"300\" height=\"271\" srcset=\"https:\/\/i0.wp.com\/www.jazzzeitung.de\/cms\/wp-content\/uploads\/2023\/11\/mulberry.jpg?resize=300%2C271&amp;ssl=1 300w, https:\/\/i0.wp.com\/www.jazzzeitung.de\/cms\/wp-content\/uploads\/2023\/11\/mulberry.jpg?resize=665%2C600&amp;ssl=1 665w, https:\/\/i0.wp.com\/www.jazzzeitung.de\/cms\/wp-content\/uploads\/2023\/11\/mulberry.jpg?resize=768%2C692&amp;ssl=1 768w, https:\/\/i0.wp.com\/www.jazzzeitung.de\/cms\/wp-content\/uploads\/2023\/11\/mulberry.jpg?w=1200&amp;ssl=1 1200w\" sizes=\"auto, (max-width: 300px) 100vw, 300px\" \/><figcaption id=\"caption-attachment-30308\" class=\"wp-caption-text\">Mulberry Street Symphony<\/figcaption><\/figure>\n<p>\u2026 Es ist der Kontrast zwischen dem Trio und dem Orchester einerseits, aber dar\u00fcber hinaus eine faszinierende Verzahnung zwischen Orchesterkomposition und Jazztrio, die \u00e4u\u00dferst raffiniert gestaltet ist, so dass es nicht zu Peinlichkeiten f\u00fcr die eine oder andere Seite kommt. Die langsamen St\u00fccke wie \u00abBlind Man\u00bb und \u00abMinding The Baby\u00bb sind in dieser Hinsicht deutlich im Vorteil und begl\u00fccken mit ihrem musikalischen Ideenreichtum. \u2026<\/p>\n<h2><a href=\"https:\/\/hoerbar.nmz.de\/2023\/07\/fluxus-neofluxus-stolen-symphony-vol-1\/\" aria-label=\"Bei Facebook teilen\">Fluxus &amp; NeoFluxus \/ Stolen Symphony (Vol. 1)<\/a><\/h2>\n<figure id=\"attachment_30307\" aria-describedby=\"caption-attachment-30307\" style=\"width: 298px\" class=\"wp-caption alignright\"><img data-recalc-dims=\"1\" loading=\"lazy\" decoding=\"async\" data-attachment-id=\"30307\" data-permalink=\"https:\/\/www.jazzzeitung.de\/cms\/2023\/11\/meteore-im-fluxus-der-mulberry-street-jazz-cds-und-neue-musik-in-der-hoerbar\/fluxus\/\" data-orig-file=\"https:\/\/i0.wp.com\/www.jazzzeitung.de\/cms\/wp-content\/uploads\/2023\/11\/fluxus.jpg?fit=1192%2C1200&amp;ssl=1\" data-orig-size=\"1192,1200\" data-comments-opened=\"1\" data-image-meta=\"{&quot;aperture&quot;:&quot;0&quot;,&quot;credit&quot;:&quot;&quot;,&quot;camera&quot;:&quot;&quot;,&quot;caption&quot;:&quot;&quot;,&quot;created_timestamp&quot;:&quot;0&quot;,&quot;copyright&quot;:&quot;&quot;,&quot;focal_length&quot;:&quot;0&quot;,&quot;iso&quot;:&quot;0&quot;,&quot;shutter_speed&quot;:&quot;0&quot;,&quot;title&quot;:&quot;&quot;,&quot;orientation&quot;:&quot;0&quot;}\" data-image-title=\"Fluxus &amp;#038; NeoFluxus \/ Stolen Symphony (Vol. 1)\" data-image-description=\"&lt;p&gt;Fluxus &amp;#038; NeoFluxus \/ Stolen Symphony (Vol. 1)&lt;\/p&gt;\n\" data-image-caption=\"&lt;p&gt;Fluxus &amp;#038; NeoFluxus \/ Stolen Symphony (Vol. 1)&lt;\/p&gt;\n\" data-large-file=\"https:\/\/i0.wp.com\/www.jazzzeitung.de\/cms\/wp-content\/uploads\/2023\/11\/fluxus.jpg?fit=596%2C600&amp;ssl=1\" class=\"size-medium wp-image-30307\" src=\"https:\/\/i0.wp.com\/www.jazzzeitung.de\/cms\/wp-content\/uploads\/2023\/11\/fluxus.jpg?resize=298%2C300&#038;ssl=1\" alt=\"Fluxus &amp; NeoFluxus \/ Stolen Symphony (Vol. 1)\" width=\"298\" height=\"300\" srcset=\"https:\/\/i0.wp.com\/www.jazzzeitung.de\/cms\/wp-content\/uploads\/2023\/11\/fluxus.jpg?resize=298%2C300&amp;ssl=1 298w, https:\/\/i0.wp.com\/www.jazzzeitung.de\/cms\/wp-content\/uploads\/2023\/11\/fluxus.jpg?resize=596%2C600&amp;ssl=1 596w, https:\/\/i0.wp.com\/www.jazzzeitung.de\/cms\/wp-content\/uploads\/2023\/11\/fluxus.jpg?resize=150%2C150&amp;ssl=1 150w, https:\/\/i0.wp.com\/www.jazzzeitung.de\/cms\/wp-content\/uploads\/2023\/11\/fluxus.jpg?resize=768%2C773&amp;ssl=1 768w, https:\/\/i0.wp.com\/www.jazzzeitung.de\/cms\/wp-content\/uploads\/2023\/11\/fluxus.jpg?resize=24%2C24&amp;ssl=1 24w, https:\/\/i0.wp.com\/www.jazzzeitung.de\/cms\/wp-content\/uploads\/2023\/11\/fluxus.jpg?resize=48%2C48&amp;ssl=1 48w, https:\/\/i0.wp.com\/www.jazzzeitung.de\/cms\/wp-content\/uploads\/2023\/11\/fluxus.jpg?resize=96%2C96&amp;ssl=1 96w, https:\/\/i0.wp.com\/www.jazzzeitung.de\/cms\/wp-content\/uploads\/2023\/11\/fluxus.jpg?w=1192&amp;ssl=1 1192w\" sizes=\"auto, (max-width: 298px) 100vw, 298px\" \/><figcaption id=\"caption-attachment-30307\" class=\"wp-caption-text\">Fluxus &amp; NeoFluxus \/ Stolen Symphony (Vol. 1)<\/figcaption><\/figure>\n<p>Eine alles in allem runde Sache, vor allem als CD- oder Vinyl-Ausgabe, die nat\u00fcrlich massive L\u00fccken l\u00e4sst, wie sollte das auch anders sein. Sie l\u00e4sst L\u00fccken offen und f\u00fcllt zugleich welche.<\/p>\n<h2><a href=\"https:\/\/hoerbar.nmz.de\/2023\/07\/essl-kogert-organo-logics\/\" aria-label=\"Bei Facebook teilen\">Essl\/Kogert \u2013 Organo\/Logics<\/a><\/h2>\n<p><img data-recalc-dims=\"1\" loading=\"lazy\" decoding=\"async\" data-attachment-id=\"30306\" data-permalink=\"https:\/\/www.jazzzeitung.de\/cms\/2023\/11\/meteore-im-fluxus-der-mulberry-street-jazz-cds-und-neue-musik-in-der-hoerbar\/20445_franui_cover-indd-2\/\" data-orig-file=\"https:\/\/i0.wp.com\/www.jazzzeitung.de\/cms\/wp-content\/uploads\/2023\/11\/9120031343127_Wolfgang_Kogert-OrganoLogicsFront-Cover-scaled.jpg?fit=2560%2C2560&amp;ssl=1\" data-orig-size=\"2560,2560\" data-comments-opened=\"1\" data-image-meta=\"{&quot;aperture&quot;:&quot;0&quot;,&quot;credit&quot;:&quot;&quot;,&quot;camera&quot;:&quot;&quot;,&quot;caption&quot;:&quot;&quot;,&quot;created_timestamp&quot;:&quot;0&quot;,&quot;copyright&quot;:&quot;&quot;,&quot;focal_length&quot;:&quot;0&quot;,&quot;iso&quot;:&quot;0&quot;,&quot;shutter_speed&quot;:&quot;0&quot;,&quot;title&quot;:&quot;20445_Franui_Cover.indd&quot;,&quot;orientation&quot;:&quot;1&quot;}\" data-image-title=\"20445_Franui_Cover.indd\" data-image-description=\"\" data-image-caption=\"\" data-large-file=\"https:\/\/i0.wp.com\/www.jazzzeitung.de\/cms\/wp-content\/uploads\/2023\/11\/9120031343127_Wolfgang_Kogert-OrganoLogicsFront-Cover-scaled.jpg?fit=600%2C600&amp;ssl=1\" class=\"alignright size-medium wp-image-30306\" src=\"https:\/\/i0.wp.com\/www.jazzzeitung.de\/cms\/wp-content\/uploads\/2023\/11\/9120031343127_Wolfgang_Kogert-OrganoLogicsFront-Cover.jpg?resize=300%2C300&#038;ssl=1\" alt=\"\" width=\"300\" height=\"300\" srcset=\"https:\/\/i0.wp.com\/www.jazzzeitung.de\/cms\/wp-content\/uploads\/2023\/11\/9120031343127_Wolfgang_Kogert-OrganoLogicsFront-Cover-scaled.jpg?resize=300%2C300&amp;ssl=1 300w, https:\/\/i0.wp.com\/www.jazzzeitung.de\/cms\/wp-content\/uploads\/2023\/11\/9120031343127_Wolfgang_Kogert-OrganoLogicsFront-Cover-scaled.jpg?resize=600%2C600&amp;ssl=1 600w, https:\/\/i0.wp.com\/www.jazzzeitung.de\/cms\/wp-content\/uploads\/2023\/11\/9120031343127_Wolfgang_Kogert-OrganoLogicsFront-Cover-scaled.jpg?resize=150%2C150&amp;ssl=1 150w, https:\/\/i0.wp.com\/www.jazzzeitung.de\/cms\/wp-content\/uploads\/2023\/11\/9120031343127_Wolfgang_Kogert-OrganoLogicsFront-Cover-scaled.jpg?resize=768%2C768&amp;ssl=1 768w, https:\/\/i0.wp.com\/www.jazzzeitung.de\/cms\/wp-content\/uploads\/2023\/11\/9120031343127_Wolfgang_Kogert-OrganoLogicsFront-Cover-scaled.jpg?resize=1536%2C1536&amp;ssl=1 1536w, https:\/\/i0.wp.com\/www.jazzzeitung.de\/cms\/wp-content\/uploads\/2023\/11\/9120031343127_Wolfgang_Kogert-OrganoLogicsFront-Cover-scaled.jpg?resize=2048%2C2048&amp;ssl=1 2048w, https:\/\/i0.wp.com\/www.jazzzeitung.de\/cms\/wp-content\/uploads\/2023\/11\/9120031343127_Wolfgang_Kogert-OrganoLogicsFront-Cover-scaled.jpg?resize=1320%2C1320&amp;ssl=1 1320w, https:\/\/i0.wp.com\/www.jazzzeitung.de\/cms\/wp-content\/uploads\/2023\/11\/9120031343127_Wolfgang_Kogert-OrganoLogicsFront-Cover-scaled.jpg?resize=24%2C24&amp;ssl=1 24w, https:\/\/i0.wp.com\/www.jazzzeitung.de\/cms\/wp-content\/uploads\/2023\/11\/9120031343127_Wolfgang_Kogert-OrganoLogicsFront-Cover-scaled.jpg?resize=48%2C48&amp;ssl=1 48w, https:\/\/i0.wp.com\/www.jazzzeitung.de\/cms\/wp-content\/uploads\/2023\/11\/9120031343127_Wolfgang_Kogert-OrganoLogicsFront-Cover-scaled.jpg?resize=96%2C96&amp;ssl=1 96w, https:\/\/i0.wp.com\/www.jazzzeitung.de\/cms\/wp-content\/uploads\/2023\/11\/9120031343127_Wolfgang_Kogert-OrganoLogicsFront-Cover-scaled.jpg?w=1680&amp;ssl=1 1680w, https:\/\/i0.wp.com\/www.jazzzeitung.de\/cms\/wp-content\/uploads\/2023\/11\/9120031343127_Wolfgang_Kogert-OrganoLogicsFront-Cover-scaled.jpg?w=2520&amp;ssl=1 2520w\" sizes=\"auto, (max-width: 300px) 100vw, 300px\" \/>F\u00fcr mein Gef\u00fchl gelingt es Essl eine kompositorisch-poetische Balance f\u00fcr die H\u00f6renden einzurichten, bei der objektivierbare Gestaltungsprinzipien auf erreichbares h\u00f6rbares Nachvollzugsverm\u00f6gen oder H\u00f6rbegleitf\u00e4higkeiten hin konzipiert sind. Man kann sich immer wieder h\u00f6rend einklinken in die Musik \u2026<\/p>\n<p>&nbsp;<\/p>\n","protected":false},"excerpt":{"rendered":"<p>Immer aktuelle Platten von Sebastian Gramss, Karlheinz Essl sowie Gestohlene Sinfonien und Krachendes, schwarze L\u00f6cher. \u00c4ltere neuere Jazz-Rezensionen in der H\u00f6rBar der neuen musikzeitung. Meteors \u2013 Message To Outer Space Black Holes Are Hard To Find Mulberry Street Symphony Fluxus &amp; NeoFluxus \/ Stolen Symphony (Vol. 1) Essl\/Kogert \u2013 Organo\/Logics Meteors \u2013 Message To Outer Space \u2026 Woher stammt eigentlich das Bed\u00fcrfnis, Produkte unserer Kunstwelt ins Weltall schie\u00dfen zu wollen? Ist damit die stille Hoffnung auf bessere Welt jenseits des Diesseits verbunden, die all das besser verstehen und empfinden m\u00f6ge. Hat man alle Hoffnung fahren lassen, dies vor Ort in Erf\u00fcllung gehen zu sehen. Wir wissen dabei doch nicht einmal, wie au\u00dfermenschliche Lebewesen auf der Erde eine solche Musikwelt wahrnehmen. Genau genommen wissen wir das noch nicht mal bei den Menschen selbst. Eigentlich wissen wir ja gar nichts. \u2026 Black Holes Are Hard To Find \u2026 Die drei verschiedenen Instrumentenwelten amalgamieren sich, laufen nebeneinander her, g\u00f6nnen sich auch mal unternerv\u00f6se Auszeiten oder ausladendes Durchbrettern: Impulse, Expulse, Antipulse \u2026 Mulberry Street Symphony \u2026 Es ist der Kontrast zwischen dem Trio und dem Orchester einerseits, aber dar\u00fcber &hellip;<\/p>\n","protected":false},"author":2,"featured_media":30310,"comment_status":"open","ping_status":"closed","sticky":false,"template":"","format":"standard","meta":{"_jetpack_memberships_contains_paid_content":false,"footnotes":"","jetpack_publicize_message":"","jetpack_publicize_feature_enabled":true,"jetpack_social_post_already_shared":false,"jetpack_social_options":{"image_generator_settings":{"template":"highway","default_image_id":0,"font":"","enabled":false},"version":2}},"categories":[1152],"tags":[5200,5199,4342],"coauthors":[680],"class_list":["post-30304","post","type-post","status-publish","format-standard","has-post-thumbnail","hentry","category-rezension","tag-fluxus","tag-karlheinz-essl","tag-sebastian-gramss"],"yoast_head":"<!-- This site is optimized with the Yoast SEO plugin v27.5 - https:\/\/yoast.com\/product\/yoast-seo-wordpress\/ -->\n<title>Meteore im Fluxus der Mulberry Street \u2013 Jazz-CDs und Neue Musik in der H\u00f6rBar - JazzZeitung<\/title>\n<meta name=\"robots\" content=\"index, follow, max-snippet:-1, max-image-preview:large, max-video-preview:-1\" \/>\n<link rel=\"canonical\" href=\"https:\/\/www.jazzzeitung.de\/cms\/2023\/11\/meteore-im-fluxus-der-mulberry-street-jazz-cds-und-neue-musik-in-der-hoerbar\/\" \/>\n<meta property=\"og:locale\" content=\"de_DE\" \/>\n<meta property=\"og:type\" content=\"article\" \/>\n<meta property=\"og:title\" content=\"Meteore im Fluxus der Mulberry Street \u2013 Jazz-CDs und Neue Musik in der H\u00f6rBar - JazzZeitung\" \/>\n<meta property=\"og:description\" content=\"Immer aktuelle Platten von Sebastian Gramss, Karlheinz Essl sowie Gestohlene Sinfonien und Krachendes, schwarze L\u00f6cher. \u00c4ltere neuere Jazz-Rezensionen in der H\u00f6rBar der neuen musikzeitung. Meteors \u2013 Message To Outer Space Black Holes Are Hard To Find Mulberry Street Symphony Fluxus &amp; NeoFluxus \/ Stolen Symphony (Vol. 1) Essl\/Kogert \u2013 Organo\/Logics Meteors \u2013 Message To Outer Space \u2026 Woher stammt eigentlich das Bed\u00fcrfnis, Produkte unserer Kunstwelt ins Weltall schie\u00dfen zu wollen? Ist damit die stille Hoffnung auf bessere Welt jenseits des Diesseits verbunden, die all das besser verstehen und empfinden m\u00f6ge. Hat man alle Hoffnung fahren lassen, dies vor Ort in Erf\u00fcllung gehen zu sehen. Wir wissen dabei doch nicht einmal, wie au\u00dfermenschliche Lebewesen auf der Erde eine solche Musikwelt wahrnehmen. Genau genommen wissen wir das noch nicht mal bei den Menschen selbst. Eigentlich wissen wir ja gar nichts. \u2026 Black Holes Are Hard To Find \u2026 Die drei verschiedenen Instrumentenwelten amalgamieren sich, laufen nebeneinander her, g\u00f6nnen sich auch mal unternerv\u00f6se Auszeiten oder ausladendes Durchbrettern: Impulse, Expulse, Antipulse \u2026 Mulberry Street Symphony \u2026 Es ist der Kontrast zwischen dem Trio und dem Orchester einerseits, aber dar\u00fcber &hellip;\" \/>\n<meta property=\"og:url\" content=\"https:\/\/www.jazzzeitung.de\/cms\/2023\/11\/meteore-im-fluxus-der-mulberry-street-jazz-cds-und-neue-musik-in-der-hoerbar\/\" \/>\n<meta property=\"og:site_name\" content=\"JazzZeitung\" \/>\n<meta property=\"article:publisher\" content=\"https:\/\/www.facebook.com\/JazzZeitung\/\" \/>\n<meta property=\"article:author\" content=\"https:\/\/www.facebook.com\/hufner\" \/>\n<meta property=\"article:published_time\" content=\"2023-11-16T11:00:19+00:00\" \/>\n<meta property=\"og:image\" content=\"https:\/\/i0.wp.com\/www.jazzzeitung.de\/cms\/wp-content\/uploads\/2023\/11\/meteors.jpg?fit=1200%2C1200&ssl=1\" \/>\n\t<meta property=\"og:image:width\" content=\"1200\" \/>\n\t<meta property=\"og:image:height\" content=\"1200\" \/>\n\t<meta property=\"og:image:type\" content=\"image\/jpeg\" \/>\n<meta name=\"author\" content=\"Huflaikhan\" \/>\n<script type=\"application\/ld+json\" class=\"yoast-schema-graph\">{\"@context\":\"https:\\\/\\\/schema.org\",\"@graph\":[{\"@type\":\"Article\",\"@id\":\"https:\\\/\\\/www.jazzzeitung.de\\\/cms\\\/2023\\\/11\\\/meteore-im-fluxus-der-mulberry-street-jazz-cds-und-neue-musik-in-der-hoerbar\\\/#article\",\"isPartOf\":{\"@id\":\"https:\\\/\\\/www.jazzzeitung.de\\\/cms\\\/2023\\\/11\\\/meteore-im-fluxus-der-mulberry-street-jazz-cds-und-neue-musik-in-der-hoerbar\\\/\"},\"author\":{\"name\":\"Huflaikhan\",\"@id\":\"https:\\\/\\\/www.jazzzeitung.de\\\/cms\\\/#\\\/schema\\\/person\\\/1ba404714b9455401502bc409a7df45e\"},\"headline\":\"Meteore im Fluxus der Mulberry Street \u2013 Jazz-CDs und Neue Musik in der H\u00f6rBar\",\"datePublished\":\"2023-11-16T11:00:19+00:00\",\"mainEntityOfPage\":{\"@id\":\"https:\\\/\\\/www.jazzzeitung.de\\\/cms\\\/2023\\\/11\\\/meteore-im-fluxus-der-mulberry-street-jazz-cds-und-neue-musik-in-der-hoerbar\\\/\"},\"wordCount\":395,\"commentCount\":0,\"publisher\":{\"@id\":\"https:\\\/\\\/www.jazzzeitung.de\\\/cms\\\/#organization\"},\"image\":{\"@id\":\"https:\\\/\\\/www.jazzzeitung.de\\\/cms\\\/2023\\\/11\\\/meteore-im-fluxus-der-mulberry-street-jazz-cds-und-neue-musik-in-der-hoerbar\\\/#primaryimage\"},\"thumbnailUrl\":\"https:\\\/\\\/i0.wp.com\\\/www.jazzzeitung.de\\\/cms\\\/wp-content\\\/uploads\\\/2023\\\/11\\\/meteors.jpg?fit=1200%2C1200&ssl=1\",\"keywords\":[\"Fluxus\",\"Karlheinz Essl\",\"Sebastian Gramss\"],\"articleSection\":[\"Rezension\"],\"inLanguage\":\"de\",\"potentialAction\":[{\"@type\":\"CommentAction\",\"name\":\"Comment\",\"target\":[\"https:\\\/\\\/www.jazzzeitung.de\\\/cms\\\/2023\\\/11\\\/meteore-im-fluxus-der-mulberry-street-jazz-cds-und-neue-musik-in-der-hoerbar\\\/#respond\"]}]},{\"@type\":\"WebPage\",\"@id\":\"https:\\\/\\\/www.jazzzeitung.de\\\/cms\\\/2023\\\/11\\\/meteore-im-fluxus-der-mulberry-street-jazz-cds-und-neue-musik-in-der-hoerbar\\\/\",\"url\":\"https:\\\/\\\/www.jazzzeitung.de\\\/cms\\\/2023\\\/11\\\/meteore-im-fluxus-der-mulberry-street-jazz-cds-und-neue-musik-in-der-hoerbar\\\/\",\"name\":\"Meteore im Fluxus der Mulberry Street \u2013 Jazz-CDs und Neue Musik in der H\u00f6rBar - JazzZeitung\",\"isPartOf\":{\"@id\":\"https:\\\/\\\/www.jazzzeitung.de\\\/cms\\\/#website\"},\"primaryImageOfPage\":{\"@id\":\"https:\\\/\\\/www.jazzzeitung.de\\\/cms\\\/2023\\\/11\\\/meteore-im-fluxus-der-mulberry-street-jazz-cds-und-neue-musik-in-der-hoerbar\\\/#primaryimage\"},\"image\":{\"@id\":\"https:\\\/\\\/www.jazzzeitung.de\\\/cms\\\/2023\\\/11\\\/meteore-im-fluxus-der-mulberry-street-jazz-cds-und-neue-musik-in-der-hoerbar\\\/#primaryimage\"},\"thumbnailUrl\":\"https:\\\/\\\/i0.wp.com\\\/www.jazzzeitung.de\\\/cms\\\/wp-content\\\/uploads\\\/2023\\\/11\\\/meteors.jpg?fit=1200%2C1200&ssl=1\",\"datePublished\":\"2023-11-16T11:00:19+00:00\",\"breadcrumb\":{\"@id\":\"https:\\\/\\\/www.jazzzeitung.de\\\/cms\\\/2023\\\/11\\\/meteore-im-fluxus-der-mulberry-street-jazz-cds-und-neue-musik-in-der-hoerbar\\\/#breadcrumb\"},\"inLanguage\":\"de\",\"potentialAction\":[{\"@type\":\"ReadAction\",\"target\":[\"https:\\\/\\\/www.jazzzeitung.de\\\/cms\\\/2023\\\/11\\\/meteore-im-fluxus-der-mulberry-street-jazz-cds-und-neue-musik-in-der-hoerbar\\\/\"]}]},{\"@type\":\"ImageObject\",\"inLanguage\":\"de\",\"@id\":\"https:\\\/\\\/www.jazzzeitung.de\\\/cms\\\/2023\\\/11\\\/meteore-im-fluxus-der-mulberry-street-jazz-cds-und-neue-musik-in-der-hoerbar\\\/#primaryimage\",\"url\":\"https:\\\/\\\/i0.wp.com\\\/www.jazzzeitung.de\\\/cms\\\/wp-content\\\/uploads\\\/2023\\\/11\\\/meteors.jpg?fit=1200%2C1200&ssl=1\",\"contentUrl\":\"https:\\\/\\\/i0.wp.com\\\/www.jazzzeitung.de\\\/cms\\\/wp-content\\\/uploads\\\/2023\\\/11\\\/meteors.jpg?fit=1200%2C1200&ssl=1\",\"width\":1200,\"height\":1200,\"caption\":\"Meteors \u2013 Message to outer space\"},{\"@type\":\"BreadcrumbList\",\"@id\":\"https:\\\/\\\/www.jazzzeitung.de\\\/cms\\\/2023\\\/11\\\/meteore-im-fluxus-der-mulberry-street-jazz-cds-und-neue-musik-in-der-hoerbar\\\/#breadcrumb\",\"itemListElement\":[{\"@type\":\"ListItem\",\"position\":1,\"name\":\"Startseite\",\"item\":\"https:\\\/\\\/www.jazzzeitung.de\\\/cms\\\/\"},{\"@type\":\"ListItem\",\"position\":2,\"name\":\"Meteore im Fluxus der Mulberry Street \u2013 Jazz-CDs und Neue Musik in der H\u00f6rBar\"}]},{\"@type\":\"WebSite\",\"@id\":\"https:\\\/\\\/www.jazzzeitung.de\\\/cms\\\/#website\",\"url\":\"https:\\\/\\\/www.jazzzeitung.de\\\/cms\\\/\",\"name\":\"JazzZeitung\",\"description\":\"Jazz-News und Jazz-Kontroverses\",\"publisher\":{\"@id\":\"https:\\\/\\\/www.jazzzeitung.de\\\/cms\\\/#organization\"},\"potentialAction\":[{\"@type\":\"SearchAction\",\"target\":{\"@type\":\"EntryPoint\",\"urlTemplate\":\"https:\\\/\\\/www.jazzzeitung.de\\\/cms\\\/?s={search_term_string}\"},\"query-input\":{\"@type\":\"PropertyValueSpecification\",\"valueRequired\":true,\"valueName\":\"search_term_string\"}}],\"inLanguage\":\"de\"},{\"@type\":\"Organization\",\"@id\":\"https:\\\/\\\/www.jazzzeitung.de\\\/cms\\\/#organization\",\"name\":\"JazzZeitung online\",\"url\":\"https:\\\/\\\/www.jazzzeitung.de\\\/cms\\\/\",\"logo\":{\"@type\":\"ImageObject\",\"inLanguage\":\"de\",\"@id\":\"https:\\\/\\\/www.jazzzeitung.de\\\/cms\\\/#\\\/schema\\\/logo\\\/image\\\/\",\"url\":\"https:\\\/\\\/i0.wp.com\\\/www.jazzzeitung.de\\\/cms\\\/wp-content\\\/uploads\\\/2015\\\/08\\\/JAZZZEITUNGDE_Logo_Neu.png?fit=499%2C200&ssl=1\",\"contentUrl\":\"https:\\\/\\\/i0.wp.com\\\/www.jazzzeitung.de\\\/cms\\\/wp-content\\\/uploads\\\/2015\\\/08\\\/JAZZZEITUNGDE_Logo_Neu.png?fit=499%2C200&ssl=1\",\"width\":499,\"height\":200,\"caption\":\"JazzZeitung online\"},\"image\":{\"@id\":\"https:\\\/\\\/www.jazzzeitung.de\\\/cms\\\/#\\\/schema\\\/logo\\\/image\\\/\"},\"sameAs\":[\"https:\\\/\\\/www.facebook.com\\\/JazzZeitung\\\/\"]},{\"@type\":\"Person\",\"@id\":\"https:\\\/\\\/www.jazzzeitung.de\\\/cms\\\/#\\\/schema\\\/person\\\/1ba404714b9455401502bc409a7df45e\",\"name\":\"Huflaikhan\",\"image\":{\"@type\":\"ImageObject\",\"inLanguage\":\"de\",\"@id\":\"https:\\\/\\\/i0.wp.com\\\/www.jazzzeitung.de\\\/cms\\\/wp-content\\\/uploads\\\/2013\\\/11\\\/huf-06.jpg?resize=96%2C96&ssl=18afacd5aa7627f2840c013425f5a4164\",\"url\":\"https:\\\/\\\/i0.wp.com\\\/www.jazzzeitung.de\\\/cms\\\/wp-content\\\/uploads\\\/2013\\\/11\\\/huf-06.jpg?resize=96%2C96&ssl=1\",\"contentUrl\":\"https:\\\/\\\/i0.wp.com\\\/www.jazzzeitung.de\\\/cms\\\/wp-content\\\/uploads\\\/2013\\\/11\\\/huf-06.jpg?resize=96%2C96&ssl=1\",\"caption\":\"Huflaikhan\"},\"description\":\"Huflaikhan (aka Martin Hufner) hat Musikwissenschaft, Philosophie und Psychologie in Gie\u00dfen studiert und mit einer Arbeit \u00fcber Adorno und die Zw\u00f6lftontechnik promoviert. Seit 1995 ist er freiberuflich als Autor, Fotograf und Netzmacher unterwegs.\",\"sameAs\":[\"https:\\\/\\\/www.kritische-masse.de\\\/logbuch\",\"https:\\\/\\\/www.facebook.com\\\/hufner\"],\"url\":\"https:\\\/\\\/www.jazzzeitung.de\\\/cms\\\/author\\\/hufi\\\/\"}]}<\/script>\n<!-- \/ Yoast SEO plugin. -->","yoast_head_json":{"title":"Meteore im Fluxus der Mulberry Street \u2013 Jazz-CDs und Neue Musik in der H\u00f6rBar - JazzZeitung","robots":{"index":"index","follow":"follow","max-snippet":"max-snippet:-1","max-image-preview":"max-image-preview:large","max-video-preview":"max-video-preview:-1"},"canonical":"https:\/\/www.jazzzeitung.de\/cms\/2023\/11\/meteore-im-fluxus-der-mulberry-street-jazz-cds-und-neue-musik-in-der-hoerbar\/","og_locale":"de_DE","og_type":"article","og_title":"Meteore im Fluxus der Mulberry Street \u2013 Jazz-CDs und Neue Musik in der H\u00f6rBar - JazzZeitung","og_description":"Immer aktuelle Platten von Sebastian Gramss, Karlheinz Essl sowie Gestohlene Sinfonien und Krachendes, schwarze L\u00f6cher. \u00c4ltere neuere Jazz-Rezensionen in der H\u00f6rBar der neuen musikzeitung. Meteors \u2013 Message To Outer Space Black Holes Are Hard To Find Mulberry Street Symphony Fluxus &amp; NeoFluxus \/ Stolen Symphony (Vol. 1) Essl\/Kogert \u2013 Organo\/Logics Meteors \u2013 Message To Outer Space \u2026 Woher stammt eigentlich das Bed\u00fcrfnis, Produkte unserer Kunstwelt ins Weltall schie\u00dfen zu wollen? Ist damit die stille Hoffnung auf bessere Welt jenseits des Diesseits verbunden, die all das besser verstehen und empfinden m\u00f6ge. Hat man alle Hoffnung fahren lassen, dies vor Ort in Erf\u00fcllung gehen zu sehen. Wir wissen dabei doch nicht einmal, wie au\u00dfermenschliche Lebewesen auf der Erde eine solche Musikwelt wahrnehmen. Genau genommen wissen wir das noch nicht mal bei den Menschen selbst. Eigentlich wissen wir ja gar nichts. \u2026 Black Holes Are Hard To Find \u2026 Die drei verschiedenen Instrumentenwelten amalgamieren sich, laufen nebeneinander her, g\u00f6nnen sich auch mal unternerv\u00f6se Auszeiten oder ausladendes Durchbrettern: Impulse, Expulse, Antipulse \u2026 Mulberry Street Symphony \u2026 Es ist der Kontrast zwischen dem Trio und dem Orchester einerseits, aber dar\u00fcber &hellip;","og_url":"https:\/\/www.jazzzeitung.de\/cms\/2023\/11\/meteore-im-fluxus-der-mulberry-street-jazz-cds-und-neue-musik-in-der-hoerbar\/","og_site_name":"JazzZeitung","article_publisher":"https:\/\/www.facebook.com\/JazzZeitung\/","article_author":"https:\/\/www.facebook.com\/hufner","article_published_time":"2023-11-16T11:00:19+00:00","og_image":[{"width":1200,"height":1200,"url":"https:\/\/i0.wp.com\/www.jazzzeitung.de\/cms\/wp-content\/uploads\/2023\/11\/meteors.jpg?fit=1200%2C1200&ssl=1","type":"image\/jpeg"}],"author":"Huflaikhan","schema":{"@context":"https:\/\/schema.org","@graph":[{"@type":"Article","@id":"https:\/\/www.jazzzeitung.de\/cms\/2023\/11\/meteore-im-fluxus-der-mulberry-street-jazz-cds-und-neue-musik-in-der-hoerbar\/#article","isPartOf":{"@id":"https:\/\/www.jazzzeitung.de\/cms\/2023\/11\/meteore-im-fluxus-der-mulberry-street-jazz-cds-und-neue-musik-in-der-hoerbar\/"},"author":{"name":"Huflaikhan","@id":"https:\/\/www.jazzzeitung.de\/cms\/#\/schema\/person\/1ba404714b9455401502bc409a7df45e"},"headline":"Meteore im Fluxus der Mulberry Street \u2013 Jazz-CDs und Neue Musik in der H\u00f6rBar","datePublished":"2023-11-16T11:00:19+00:00","mainEntityOfPage":{"@id":"https:\/\/www.jazzzeitung.de\/cms\/2023\/11\/meteore-im-fluxus-der-mulberry-street-jazz-cds-und-neue-musik-in-der-hoerbar\/"},"wordCount":395,"commentCount":0,"publisher":{"@id":"https:\/\/www.jazzzeitung.de\/cms\/#organization"},"image":{"@id":"https:\/\/www.jazzzeitung.de\/cms\/2023\/11\/meteore-im-fluxus-der-mulberry-street-jazz-cds-und-neue-musik-in-der-hoerbar\/#primaryimage"},"thumbnailUrl":"https:\/\/i0.wp.com\/www.jazzzeitung.de\/cms\/wp-content\/uploads\/2023\/11\/meteors.jpg?fit=1200%2C1200&ssl=1","keywords":["Fluxus","Karlheinz Essl","Sebastian Gramss"],"articleSection":["Rezension"],"inLanguage":"de","potentialAction":[{"@type":"CommentAction","name":"Comment","target":["https:\/\/www.jazzzeitung.de\/cms\/2023\/11\/meteore-im-fluxus-der-mulberry-street-jazz-cds-und-neue-musik-in-der-hoerbar\/#respond"]}]},{"@type":"WebPage","@id":"https:\/\/www.jazzzeitung.de\/cms\/2023\/11\/meteore-im-fluxus-der-mulberry-street-jazz-cds-und-neue-musik-in-der-hoerbar\/","url":"https:\/\/www.jazzzeitung.de\/cms\/2023\/11\/meteore-im-fluxus-der-mulberry-street-jazz-cds-und-neue-musik-in-der-hoerbar\/","name":"Meteore im Fluxus der Mulberry Street \u2013 Jazz-CDs und Neue Musik in der H\u00f6rBar - JazzZeitung","isPartOf":{"@id":"https:\/\/www.jazzzeitung.de\/cms\/#website"},"primaryImageOfPage":{"@id":"https:\/\/www.jazzzeitung.de\/cms\/2023\/11\/meteore-im-fluxus-der-mulberry-street-jazz-cds-und-neue-musik-in-der-hoerbar\/#primaryimage"},"image":{"@id":"https:\/\/www.jazzzeitung.de\/cms\/2023\/11\/meteore-im-fluxus-der-mulberry-street-jazz-cds-und-neue-musik-in-der-hoerbar\/#primaryimage"},"thumbnailUrl":"https:\/\/i0.wp.com\/www.jazzzeitung.de\/cms\/wp-content\/uploads\/2023\/11\/meteors.jpg?fit=1200%2C1200&ssl=1","datePublished":"2023-11-16T11:00:19+00:00","breadcrumb":{"@id":"https:\/\/www.jazzzeitung.de\/cms\/2023\/11\/meteore-im-fluxus-der-mulberry-street-jazz-cds-und-neue-musik-in-der-hoerbar\/#breadcrumb"},"inLanguage":"de","potentialAction":[{"@type":"ReadAction","target":["https:\/\/www.jazzzeitung.de\/cms\/2023\/11\/meteore-im-fluxus-der-mulberry-street-jazz-cds-und-neue-musik-in-der-hoerbar\/"]}]},{"@type":"ImageObject","inLanguage":"de","@id":"https:\/\/www.jazzzeitung.de\/cms\/2023\/11\/meteore-im-fluxus-der-mulberry-street-jazz-cds-und-neue-musik-in-der-hoerbar\/#primaryimage","url":"https:\/\/i0.wp.com\/www.jazzzeitung.de\/cms\/wp-content\/uploads\/2023\/11\/meteors.jpg?fit=1200%2C1200&ssl=1","contentUrl":"https:\/\/i0.wp.com\/www.jazzzeitung.de\/cms\/wp-content\/uploads\/2023\/11\/meteors.jpg?fit=1200%2C1200&ssl=1","width":1200,"height":1200,"caption":"Meteors \u2013 Message to outer space"},{"@type":"BreadcrumbList","@id":"https:\/\/www.jazzzeitung.de\/cms\/2023\/11\/meteore-im-fluxus-der-mulberry-street-jazz-cds-und-neue-musik-in-der-hoerbar\/#breadcrumb","itemListElement":[{"@type":"ListItem","position":1,"name":"Startseite","item":"https:\/\/www.jazzzeitung.de\/cms\/"},{"@type":"ListItem","position":2,"name":"Meteore im Fluxus der Mulberry Street \u2013 Jazz-CDs und Neue Musik in der H\u00f6rBar"}]},{"@type":"WebSite","@id":"https:\/\/www.jazzzeitung.de\/cms\/#website","url":"https:\/\/www.jazzzeitung.de\/cms\/","name":"JazzZeitung","description":"Jazz-News und Jazz-Kontroverses","publisher":{"@id":"https:\/\/www.jazzzeitung.de\/cms\/#organization"},"potentialAction":[{"@type":"SearchAction","target":{"@type":"EntryPoint","urlTemplate":"https:\/\/www.jazzzeitung.de\/cms\/?s={search_term_string}"},"query-input":{"@type":"PropertyValueSpecification","valueRequired":true,"valueName":"search_term_string"}}],"inLanguage":"de"},{"@type":"Organization","@id":"https:\/\/www.jazzzeitung.de\/cms\/#organization","name":"JazzZeitung online","url":"https:\/\/www.jazzzeitung.de\/cms\/","logo":{"@type":"ImageObject","inLanguage":"de","@id":"https:\/\/www.jazzzeitung.de\/cms\/#\/schema\/logo\/image\/","url":"https:\/\/i0.wp.com\/www.jazzzeitung.de\/cms\/wp-content\/uploads\/2015\/08\/JAZZZEITUNGDE_Logo_Neu.png?fit=499%2C200&ssl=1","contentUrl":"https:\/\/i0.wp.com\/www.jazzzeitung.de\/cms\/wp-content\/uploads\/2015\/08\/JAZZZEITUNGDE_Logo_Neu.png?fit=499%2C200&ssl=1","width":499,"height":200,"caption":"JazzZeitung online"},"image":{"@id":"https:\/\/www.jazzzeitung.de\/cms\/#\/schema\/logo\/image\/"},"sameAs":["https:\/\/www.facebook.com\/JazzZeitung\/"]},{"@type":"Person","@id":"https:\/\/www.jazzzeitung.de\/cms\/#\/schema\/person\/1ba404714b9455401502bc409a7df45e","name":"Huflaikhan","image":{"@type":"ImageObject","inLanguage":"de","@id":"https:\/\/i0.wp.com\/www.jazzzeitung.de\/cms\/wp-content\/uploads\/2013\/11\/huf-06.jpg?resize=96%2C96&ssl=18afacd5aa7627f2840c013425f5a4164","url":"https:\/\/i0.wp.com\/www.jazzzeitung.de\/cms\/wp-content\/uploads\/2013\/11\/huf-06.jpg?resize=96%2C96&ssl=1","contentUrl":"https:\/\/i0.wp.com\/www.jazzzeitung.de\/cms\/wp-content\/uploads\/2013\/11\/huf-06.jpg?resize=96%2C96&ssl=1","caption":"Huflaikhan"},"description":"Huflaikhan (aka Martin Hufner) hat Musikwissenschaft, Philosophie und Psychologie in Gie\u00dfen studiert und mit einer Arbeit \u00fcber Adorno und die Zw\u00f6lftontechnik promoviert. Seit 1995 ist er freiberuflich als Autor, Fotograf und Netzmacher unterwegs.","sameAs":["https:\/\/www.kritische-masse.de\/logbuch","https:\/\/www.facebook.com\/hufner"],"url":"https:\/\/www.jazzzeitung.de\/cms\/author\/hufi\/"}]}},"wp-worthy-pixel":{"ignored":false,"public":"4bf836bbf1cf4629a38853fbb7eb787a","server":"vg04.met.vgwort.de","url":"https:\/\/vg04.met.vgwort.de\/na\/4bf836bbf1cf4629a38853fbb7eb787a"},"wp-worthy-type":"normal","jetpack_publicize_connections":[],"cc_featured_image_caption":{"caption_text":"Meteors \u2013 Message to outer space","source_text":"In der H\u00f6rBar der nmz.","source_url":"https:\/\/hoerbar.nmz.de"},"jetpack_featured_media_url":"https:\/\/i0.wp.com\/www.jazzzeitung.de\/cms\/wp-content\/uploads\/2023\/11\/meteors.jpg?fit=1200%2C1200&ssl=1","jetpack_shortlink":"https:\/\/wp.me\/p3KEcT-7SM","jetpack-related-posts":[{"id":31010,"url":"https:\/\/www.jazzzeitung.de\/cms\/2024\/05\/simplified-urschall-atlas-10-rezensionen-im-schnelldurchlauf\/","url_meta":{"origin":30304,"position":0},"title":"Simplified Urschall-Atlas \u2026 10 Rezensionen im Schnelldurchlauf","author":"Huflaikhan","date":"8. Mai 2024","format":false,"excerpt":"Zehn Platten aus dem Jazz und an- und umgrenzenden Bereichen. Die Links f\u00fchren zu den vollst\u00e4ndigen Kritiken in der H\u00f6rBar der neuen musikzeitung. Enso: A Simplified Space Gerdes: Songs and Improvisations Perplexities On Mars: Perseverances Joray: Updraft Gramss\u2019 States Of Play: Urschall Gu\u00f0mundsd\u00f3ttir \/ \u00c1rnason: Poems Trovesi \/ Montanari: Stravaganze\u2026","rel":"","context":"In &quot;Rezension&quot;","block_context":{"text":"Rezension","link":"https:\/\/www.jazzzeitung.de\/cms\/thema\/rezension\/"},"img":{"alt_text":"Gramss\u2019 States Of Play: Urschall","src":"https:\/\/i0.wp.com\/www.jazzzeitung.de\/cms\/wp-content\/uploads\/2024\/05\/gramss_urschall.jpg?fit=1200%2C1049&ssl=1&resize=350%2C200","width":350,"height":200,"srcset":"https:\/\/i0.wp.com\/www.jazzzeitung.de\/cms\/wp-content\/uploads\/2024\/05\/gramss_urschall.jpg?fit=1200%2C1049&ssl=1&resize=350%2C200 1x, https:\/\/i0.wp.com\/www.jazzzeitung.de\/cms\/wp-content\/uploads\/2024\/05\/gramss_urschall.jpg?fit=1200%2C1049&ssl=1&resize=525%2C300 1.5x, https:\/\/i0.wp.com\/www.jazzzeitung.de\/cms\/wp-content\/uploads\/2024\/05\/gramss_urschall.jpg?fit=1200%2C1049&ssl=1&resize=700%2C400 2x, https:\/\/i0.wp.com\/www.jazzzeitung.de\/cms\/wp-content\/uploads\/2024\/05\/gramss_urschall.jpg?fit=1200%2C1049&ssl=1&resize=1050%2C600 3x"},"classes":[]},{"id":28463,"url":"https:\/\/www.jazzzeitung.de\/cms\/2022\/10\/offene-ohren-e-v-muenchen-jubilaeen-novemberprogramm-christian-sands-beim-nuejazz-2022\/","url_meta":{"origin":30304,"position":1},"title":"+++ Offene Ohren e.V. M\u00fcnchen \u2013 Jubil\u00e4en \u2013 Novemberprogramm +++ 39. Ingolst\u00e4dter Jazztage und Jazzf\u00f6rderpreis 2022 +++ Christian Sands beim NUEJAZZ 2022 +++","author":"Redaktion JazzZeitung","date":"13. Oktober 2022","format":false,"excerpt":"+++ Offene Ohren e.V. M\u00fcnchen \u2013 Jubil\u00e4en \u2013 Novemberprogramm +++ \u00a0 Der Verein Offene Ohren e.V. in M\u00fcnchen gibt seit 2004 improvisierter Musik eine B\u00fchne. Anl\u00e4sslich des zehnj\u00e4hrigen Jubil\u00e4ums der Kulturinstitution Einstein Kultur, sind einige Konzerte im M\u00fcnchner Untergrund geplant. So gibt die Freejazz-Gruppe XPACT II, eine in seinen Wurzel\u2026","rel":"","context":"In &quot;News&quot;","block_context":{"text":"News","link":"https:\/\/www.jazzzeitung.de\/cms\/thema\/nachrichten\/"},"img":{"alt_text":"","src":"https:\/\/i0.wp.com\/www.jazzzeitung.de\/cms\/wp-content\/uploads\/2022\/10\/Gramss-Bassquartett-von-oben-nach-unten-links-nach-rechts-Foto-Peter-Tuemmers.jpg?fit=400%2C383&ssl=1&resize=350%2C200","width":350,"height":200},"classes":[]},{"id":26476,"url":"https:\/\/www.jazzzeitung.de\/cms\/2022\/01\/jazz-und-aktuelle-musik-in-der-hoerbar-2021-kw-47\/","url_meta":{"origin":30304,"position":2},"title":"Jazz und aktuelle Musik in der H\u00f6rBar 2021 \u2013 kw 47","author":"Huflaikhan","date":"4. Januar 2022","format":false,"excerpt":"Eine bunte Mischung hatte sich Huflaikhan f\u00fcr die letzte Novemberwoche in der H\u00f6rBar zusammengestellt. Wie nicht selten, sind die \u00dcberg\u00e4nge zwischen Neuer Musik und Jazz im Bereich der Improvisation flie\u00dfend: Slowfox: Freedom - Hildenbrand: Mater - Tchiba: klang collection - mikroPULS - Sch\u00f6negg \/ Enso: Strukturen Slowfox: Freedom Slowfox sind\u2026","rel":"","context":"In &quot;Rezension&quot;","block_context":{"text":"Rezension","link":"https:\/\/www.jazzzeitung.de\/cms\/thema\/rezension\/"},"img":{"alt_text":"mikroPULS","src":"https:\/\/i0.wp.com\/www.jazzzeitung.de\/cms\/wp-content\/uploads\/2022\/01\/47_mikropuls.jpg?fit=1200%2C1200&ssl=1&resize=350%2C200","width":350,"height":200,"srcset":"https:\/\/i0.wp.com\/www.jazzzeitung.de\/cms\/wp-content\/uploads\/2022\/01\/47_mikropuls.jpg?fit=1200%2C1200&ssl=1&resize=350%2C200 1x, https:\/\/i0.wp.com\/www.jazzzeitung.de\/cms\/wp-content\/uploads\/2022\/01\/47_mikropuls.jpg?fit=1200%2C1200&ssl=1&resize=525%2C300 1.5x, https:\/\/i0.wp.com\/www.jazzzeitung.de\/cms\/wp-content\/uploads\/2022\/01\/47_mikropuls.jpg?fit=1200%2C1200&ssl=1&resize=700%2C400 2x, https:\/\/i0.wp.com\/www.jazzzeitung.de\/cms\/wp-content\/uploads\/2022\/01\/47_mikropuls.jpg?fit=1200%2C1200&ssl=1&resize=1050%2C600 3x"},"classes":[]},{"id":28746,"url":"https:\/\/www.jazzzeitung.de\/cms\/2022\/12\/doppelmond-folk-math-rock-minimal-und-ein-trio-debuet-jazz-cds-in-der-hoerbar-nov-2022\/","url_meta":{"origin":30304,"position":3},"title":"Doppelmond, Folk, Math Rock, Minimal und ein Trio-Deb\u00fct \u2013 Jazz-CDs in der H\u00f6rBar Nov. 2022","author":"Huflaikhan","date":"5. Dezember 2022","format":false,"excerpt":"Musik mit Murakami, Grenzg\u00e4nge zu Folk und Math Rock und Minimal. Und ein gro\u00dfartiges Trio mit Olga Reznichenko am Piano. Die Jazz-Rezensionen in der H\u00f6rBar der neuen musikzeitung. Sebastian Gahler \u2013 Two Moons C. Behrendtsen Evelyn Kryger \u2013 Live at JazzBaltica 2021 Hans Arnold \u2013 Interim Olga Reznichenko Trio \u2013\u2026","rel":"","context":"In &quot;Rezension&quot;","block_context":{"text":"Rezension","link":"https:\/\/www.jazzzeitung.de\/cms\/thema\/rezension\/"},"img":{"alt_text":"Olga Reznichenko Trio \u2013 Somnambule","src":"https:\/\/i0.wp.com\/www.jazzzeitung.de\/cms\/wp-content\/uploads\/2022\/12\/46_reznichenko.jpg?fit=1200%2C1200&ssl=1&resize=350%2C200","width":350,"height":200,"srcset":"https:\/\/i0.wp.com\/www.jazzzeitung.de\/cms\/wp-content\/uploads\/2022\/12\/46_reznichenko.jpg?fit=1200%2C1200&ssl=1&resize=350%2C200 1x, https:\/\/i0.wp.com\/www.jazzzeitung.de\/cms\/wp-content\/uploads\/2022\/12\/46_reznichenko.jpg?fit=1200%2C1200&ssl=1&resize=525%2C300 1.5x, https:\/\/i0.wp.com\/www.jazzzeitung.de\/cms\/wp-content\/uploads\/2022\/12\/46_reznichenko.jpg?fit=1200%2C1200&ssl=1&resize=700%2C400 2x, https:\/\/i0.wp.com\/www.jazzzeitung.de\/cms\/wp-content\/uploads\/2022\/12\/46_reznichenko.jpg?fit=1200%2C1200&ssl=1&resize=1050%2C600 3x"},"classes":[]},{"id":23566,"url":"https:\/\/www.jazzzeitung.de\/cms\/2020\/10\/rundfunkjournalist-karlheinz-drechsel-ist-tot\/","url_meta":{"origin":30304,"position":4},"title":"Rundfunkjournalist Karlheinz Drechsel ist tot","author":"Redaktion JazzZeitung","date":"6. Oktober 2020","format":false,"excerpt":"Im Alter von 89 Jahren starb am 5. Oktober der am 14. November 1930 in Dresden geborene Musikjournalist und Jazzmusiker Karlheinz Drechsel in einem Berliner Krankenhaus infolge einer Covid-19-Erkrankung.\u00a0 Der als Dr. Jazz bekannte Drechsel moderierte von 1959 bis 1991 die Sendung Jazz Panorama und war einer der Gr\u00fcndungsv\u00e4ter des\u2026","rel":"","context":"In &quot;News&quot;","block_context":{"text":"News","link":"https:\/\/www.jazzzeitung.de\/cms\/thema\/nachrichten\/"},"img":{"alt_text":"Karlheinz Drechsel (2013). Foto: Hufner","src":"https:\/\/i0.wp.com\/www.jazzzeitung.de\/cms\/wp-content\/uploads\/2020\/10\/karlheinz_drechsel_c-hufner_2013_2200px_quer.jpg?fit=1200%2C731&ssl=1&resize=350%2C200","width":350,"height":200,"srcset":"https:\/\/i0.wp.com\/www.jazzzeitung.de\/cms\/wp-content\/uploads\/2020\/10\/karlheinz_drechsel_c-hufner_2013_2200px_quer.jpg?fit=1200%2C731&ssl=1&resize=350%2C200 1x, https:\/\/i0.wp.com\/www.jazzzeitung.de\/cms\/wp-content\/uploads\/2020\/10\/karlheinz_drechsel_c-hufner_2013_2200px_quer.jpg?fit=1200%2C731&ssl=1&resize=525%2C300 1.5x, https:\/\/i0.wp.com\/www.jazzzeitung.de\/cms\/wp-content\/uploads\/2020\/10\/karlheinz_drechsel_c-hufner_2013_2200px_quer.jpg?fit=1200%2C731&ssl=1&resize=700%2C400 2x, https:\/\/i0.wp.com\/www.jazzzeitung.de\/cms\/wp-content\/uploads\/2020\/10\/karlheinz_drechsel_c-hufner_2013_2200px_quer.jpg?fit=1200%2C731&ssl=1&resize=1050%2C600 3x"},"classes":[]},{"id":28276,"url":"https:\/\/www.jazzzeitung.de\/cms\/2022\/09\/die-erweiterte-jazz-radiowoche-vom-12-09-bis-18-09-2022\/","url_meta":{"origin":30304,"position":5},"title":"Die erweiterte Jazz-Radiowoche vom 12.09. bis 18.09.2022","author":"Martin Hufner","date":"11. September 2022","format":false,"excerpt":"Ein kleiner Blick in die Radiowoche 37. Die Luft ist d\u00fcnner geworden, denn es ist Festspielsommer bei der ARD. Das hei\u00dft, f\u00fcr manche Sender findet Jazz jetzt erst wirklich statt, f\u00fcr andere hei\u00dft es Reduktion auf eine halbe Stunde vor Mitternacht. Teilnehmende Sender beim ARD-Radiofestival: NDR Kultur, Bremen Zwei, WDR\u2026","rel":"","context":"In &quot;News&quot;","block_context":{"text":"News","link":"https:\/\/www.jazzzeitung.de\/cms\/thema\/nachrichten\/"},"img":{"alt_text":"Jazz im Radio. Foto\/Montage: Hufner","src":"https:\/\/i0.wp.com\/www.jazzzeitung.de\/cms\/wp-content\/uploads\/2018\/05\/radio-jazz_journalisten.jpg?fit=1200%2C900&ssl=1&resize=350%2C200","width":350,"height":200,"srcset":"https:\/\/i0.wp.com\/www.jazzzeitung.de\/cms\/wp-content\/uploads\/2018\/05\/radio-jazz_journalisten.jpg?fit=1200%2C900&ssl=1&resize=350%2C200 1x, https:\/\/i0.wp.com\/www.jazzzeitung.de\/cms\/wp-content\/uploads\/2018\/05\/radio-jazz_journalisten.jpg?fit=1200%2C900&ssl=1&resize=525%2C300 1.5x, https:\/\/i0.wp.com\/www.jazzzeitung.de\/cms\/wp-content\/uploads\/2018\/05\/radio-jazz_journalisten.jpg?fit=1200%2C900&ssl=1&resize=700%2C400 2x, https:\/\/i0.wp.com\/www.jazzzeitung.de\/cms\/wp-content\/uploads\/2018\/05\/radio-jazz_journalisten.jpg?fit=1200%2C900&ssl=1&resize=1050%2C600 3x"},"classes":[]}],"jetpack_sharing_enabled":true,"_links":{"self":[{"href":"https:\/\/www.jazzzeitung.de\/cms\/wp-json\/wp\/v2\/posts\/30304","targetHints":{"allow":["GET"]}}],"collection":[{"href":"https:\/\/www.jazzzeitung.de\/cms\/wp-json\/wp\/v2\/posts"}],"about":[{"href":"https:\/\/www.jazzzeitung.de\/cms\/wp-json\/wp\/v2\/types\/post"}],"author":[{"embeddable":true,"href":"https:\/\/www.jazzzeitung.de\/cms\/wp-json\/wp\/v2\/users\/2"}],"replies":[{"embeddable":true,"href":"https:\/\/www.jazzzeitung.de\/cms\/wp-json\/wp\/v2\/comments?post=30304"}],"version-history":[{"count":1,"href":"https:\/\/www.jazzzeitung.de\/cms\/wp-json\/wp\/v2\/posts\/30304\/revisions"}],"predecessor-version":[{"id":30311,"href":"https:\/\/www.jazzzeitung.de\/cms\/wp-json\/wp\/v2\/posts\/30304\/revisions\/30311"}],"wp:featuredmedia":[{"embeddable":true,"href":"https:\/\/www.jazzzeitung.de\/cms\/wp-json\/wp\/v2\/media\/30310"}],"wp:attachment":[{"href":"https:\/\/www.jazzzeitung.de\/cms\/wp-json\/wp\/v2\/media?parent=30304"}],"wp:term":[{"taxonomy":"category","embeddable":true,"href":"https:\/\/www.jazzzeitung.de\/cms\/wp-json\/wp\/v2\/categories?post=30304"},{"taxonomy":"post_tag","embeddable":true,"href":"https:\/\/www.jazzzeitung.de\/cms\/wp-json\/wp\/v2\/tags?post=30304"},{"taxonomy":"author","embeddable":true,"href":"https:\/\/www.jazzzeitung.de\/cms\/wp-json\/wp\/v2\/coauthors?post=30304"}],"curies":[{"name":"wp","href":"https:\/\/api.w.org\/{rel}","templated":true}]}}