{"id":30280,"date":"2023-11-14T08:30:15","date_gmt":"2023-11-14T07:30:15","guid":{"rendered":"https:\/\/www.jazzzeitung.de\/cms\/?p=30280"},"modified":"2023-11-13T11:46:50","modified_gmt":"2023-11-13T10:46:50","slug":"ingolstaedter-jazztage-partys-feierlaune-bei-jazz-in-den-kneipen","status":"publish","type":"post","link":"https:\/\/www.jazzzeitung.de\/cms\/2023\/11\/ingolstaedter-jazztage-partys-feierlaune-bei-jazz-in-den-kneipen\/","title":{"rendered":"Ingolst\u00e4dter Jazztage: Partys &#038; Feierlaune bei Jazz in den Kneipen"},"content":{"rendered":"<p><strong>Die Ingolst\u00e4dter Jazztage dieses Jahr mit ihrer 40. Ausgabe. Das ist in vielerlei Hinsicht beachtenswert. Zum einen, weil die Veranstaltungen nun zum letzten Mal unter der Leitung von Jan Rottau stattfanden, zum anderen weil ein bew\u00e4hrtes Konzept mal wieder aufgegangen ist. Bleibt abzuwarten, wie sich die Jazztage in der Zukunft entwickeln werden. Einfacher wird es sicherlich nicht.<\/strong><\/p>\n<h3><strong>Die legend\u00e4ren Jazzpartys<\/strong><\/h3>\n<p>Seit Beginn an pr\u00e4gen die Jazzpartys im NH-Hotel die Ingolst\u00e4dter Jazztage. Auch dieses Jahr gab es wieder ein beachtliches, abwechslungsreiches Lineup. Wie schon in den vergangenen Jahren gab es zwei B\u00fchnen: im Hotelrestaurant und im Triva Tagungsraum. Billy Cobham\u2018 Spectrum 50 bestritt den Auftakt der ersten Jazzparty gleich mit seinem Klassiker \u201eCrosswinds\u201c und hatte das Publikum sofort im Griff. Auf der B\u00fchne im Restaurant feierten die Jazzfans ausgelassen ihre Legende. Trotz des engen Zeitplans gab es nach tosendem Applaus noch eine kurze Zugabe. Die danach auftretenden Yellowjackets hatten es danach nicht leicht. Nach 30 Alben und \u00fcber 40 Jahren B\u00fchnenpr\u00e4senz gab es zwar keine gro\u00dfen musikalischen \u00dcberraschungen, daf\u00fcr soliden Fusion-Jazz garniert mit Evergreens wie \u201eMan Facing North\u201c, \u201eImperial Strut\u201c und als letzten Song die Ballade \u201eEven Song\u201c. Auf der Triva B\u00fchne pr\u00e4sentierten w\u00e4hrenddessen Markus Becker und Lutz Krajenski ihren gelungenen Mix aus Klassik und Jazz am Fl\u00fcgel\/Fender Rhodes.<\/p>\n<h3>New Orleans Jazz Collective kann nicht abheben<\/h3>\n<p>Als tradioneller Abschluss der ersten Jazz Party sollte eigentlich das New Orleans Jazz Collective auftreten, die flugtechisch an dem Abend leider verhindert, durch eine spontan zusammen gestellte Band unter der Leitung von Lawrence Sieberth, zusammen mit Charly B\u00f6de, Christian Diener, Jeff Boudreux und Christoph H\u00f6rmann einen jazztechnisch feinen Standards Abschluss boten. Die zweite Jazzparty am Folgeabend, komplett ausverkauft, wartete mit Kurt Elling und Charlie Hunter im Rahmen ihres aktuellen Albums \u201eSuperblue\u201c auf: eine unglaubliche Performance l\u00e4utete den Partyabend ein. Mit \u201eSassy\u201c, der knackigen, mond\u00e4nen Funk-Jazz Hommage an die Jazz-S\u00e4ngerin Sarah Vaughan, begann der Abend und nach Nummern wie \u201eDharma Blues\u201c oder \u201eManic Panic Epiphanic\u201c, mit einem grandiosen Charlie Hunter Feature, spielte die die Band gemeinsam mit Julius Rodriguez an den Keys und dem Schlagzeuger Marcus Finnie eine bewegende Version von \u201eEndless Lawns\u201c, einer Komposition der k\u00fcrzlich verstorbenen Grande Dame Carla Bley, die Kurt Elling bereits 2018 mit eigenem Text als Ballade vertonte. Kr\u00f6nender Abschluss des Konzertes mit Kurt Elling war die R&amp;B Nummer \u201eThe Seed\u201c. Im Nebenraum auf der Triva- Stage gab sich Eckhard Meszelinsky mit seinem Noise Adventures die Ehre.<\/p>\n<h3>Hauptb\u00fchne wird Hauptattraktion<\/h3>\n<p>Auf der Hauptb\u00fchne wurde parallel dazu f\u00fcr Incognito umgebaut. Tanz- und spa\u00dftechnisch ging es dann richtig ab. Incognito spielten in bew\u00e4hrter Manier Songs aus ihrer aktuellen CD und nat\u00fcrlich Hits wie \u201eColibri\u201c, \u201eStill A Friend Of Mine\u201c oder \u201eDon\u2019t You Worry \u2018Bout A Thing\u201c. Auf der Triva Stage tobte gleichzeitig Kennedy Adminstration mit S\u00e4ngerin Kennedy und Mastermind Ondre J Pivec \u00fcber die B\u00fchne. Ihr Opener \u201eIt\u2019s Over Now\u201c war nicht wirklich ernst gemeint, denn damit ging es erst richtig los. Und ob mit \u201eKilling me Softly\u201c, Let\u2019s Stay Togehter\u201c, Mamma\u2019s Kisses\u201c oder \u201eLet\u2019s Party\u201c, das Kennedy Jan Rottau widmete, zu ihm ins Publikum kam und mit der Menge tanzte, gab es das was die Jazz Partys seit jeher auszeichnet: gute Laune, erstklassige, fetzige Mucke, und Fusion-Funk-Soul Jazz bis zum Abwinken. Mit der Zugabe \u201eHuman Nature\u201c fand die Party dann ein ausgelassenes Ende? Mitnichten, denn last not least war nun auch das New Orleans Jazz Collective\u201c in Ingolstadt eingetroffen, endlich vollz\u00e4hlig auf der B\u00fchne, und rundete die zweite Jazz Party mit ihrer Session ab. Mehr Feiern ging nun wirklich nicht. Im K\u00fcnstlerrestaurant wurde noch gejammt, an der Bar im Foyer ein letzter Drink genommen. Auf\u2019s n\u00e4chste Jahr und hoffentlich wieder fesselnde Jazz Partys bei den Ingolst\u00e4dter Jazztagen.<\/p>\n<div class=\"tiled-gallery type-rectangular tiled-gallery-unresized\" data-original-width=\"840\" data-carousel-extra='{&quot;blog_id&quot;:1,&quot;permalink&quot;:&quot;https:\\\/\\\/www.jazzzeitung.de\\\/cms\\\/2023\\\/11\\\/ingolstaedter-jazztage-partys-feierlaune-bei-jazz-in-den-kneipen\\\/&quot;,&quot;likes_blog_id&quot;:55446655}' itemscope itemtype=\"http:\/\/schema.org\/ImageGallery\" > <div class=\"gallery-row\" style=\"width: 840px; height: 418px;\" data-original-width=\"840\" data-original-height=\"418\" > <div class=\"gallery-group images-1\" style=\"width: 280px; height: 418px;\" data-original-width=\"280\" data-original-height=\"418\" > <div class=\"tiled-gallery-item tiled-gallery-item-large\" itemprop=\"associatedMedia\" itemscope itemtype=\"http:\/\/schema.org\/ImageObject\"> <a href=\"https:\/\/www.jazzzeitung.de\/cms\/2023\/11\/ingolstaedter-jazztage-partys-feierlaune-bei-jazz-in-den-kneipen\/p2680697-sw-cobham-foto-tj-krebs\/\" border=\"0\" itemprop=\"url\"> <meta itemprop=\"width\" content=\"276\"> <meta itemprop=\"height\" content=\"414\"> <img decoding=\"async\" class=\"\" data-attachment-id=\"30283\" data-orig-file=\"https:\/\/www.jazzzeitung.de\/cms\/wp-content\/uploads\/2023\/11\/P2680697-sw-Cobham-Foto-TJ-Krebs.jpg\" data-orig-size=\"800,1200\" data-comments-opened=\"1\" data-image-meta=\"{&quot;aperture&quot;:&quot;0&quot;,&quot;credit&quot;:&quot;&quot;,&quot;camera&quot;:&quot;&quot;,&quot;caption&quot;:&quot;&quot;,&quot;created_timestamp&quot;:&quot;0&quot;,&quot;copyright&quot;:&quot;&quot;,&quot;focal_length&quot;:&quot;0&quot;,&quot;iso&quot;:&quot;0&quot;,&quot;shutter_speed&quot;:&quot;0&quot;,&quot;title&quot;:&quot;&quot;,&quot;orientation&quot;:&quot;0&quot;}\" data-image-title=\"\" data-image-description=\"\" data-medium-file=\"https:\/\/i0.wp.com\/www.jazzzeitung.de\/cms\/wp-content\/uploads\/2023\/11\/P2680697-sw-Cobham-Foto-TJ-Krebs.jpg?fit=200%2C300&#038;ssl=1\" data-large-file=\"https:\/\/i0.wp.com\/www.jazzzeitung.de\/cms\/wp-content\/uploads\/2023\/11\/P2680697-sw-Cobham-Foto-TJ-Krebs.jpg?fit=400%2C600&#038;ssl=1\" src=\"https:\/\/i0.wp.com\/www.jazzzeitung.de\/cms\/wp-content\/uploads\/2023\/11\/P2680697-sw-Cobham-Foto-TJ-Krebs.jpg?w=276&#038;h=414&#038;ssl=1\" srcset=\"https:\/\/i0.wp.com\/www.jazzzeitung.de\/cms\/wp-content\/uploads\/2023\/11\/P2680697-sw-Cobham-Foto-TJ-Krebs.jpg?w=800&amp;ssl=1 800w, https:\/\/i0.wp.com\/www.jazzzeitung.de\/cms\/wp-content\/uploads\/2023\/11\/P2680697-sw-Cobham-Foto-TJ-Krebs.jpg?resize=200%2C300&amp;ssl=1 200w, https:\/\/i0.wp.com\/www.jazzzeitung.de\/cms\/wp-content\/uploads\/2023\/11\/P2680697-sw-Cobham-Foto-TJ-Krebs.jpg?resize=400%2C600&amp;ssl=1 400w, https:\/\/i0.wp.com\/www.jazzzeitung.de\/cms\/wp-content\/uploads\/2023\/11\/P2680697-sw-Cobham-Foto-TJ-Krebs.jpg?resize=768%2C1152&amp;ssl=1 768w\" width=\"276\" height=\"414\" loading=\"lazy\" data-original-width=\"276\" data-original-height=\"414\" itemprop=\"http:\/\/schema.org\/image\" title=\"\" alt=\"Billy Cobham. Foto: TJ Krebs\" style=\"width: 276px; height: 414px;\" \/> <\/a> <div class=\"tiled-gallery-caption\" itemprop=\"caption description\"> Billy Cobham. Foto: TJ Krebs <\/div> <\/div> <\/div> <!-- close group --> <div class=\"gallery-group images-1\" style=\"width: 280px; height: 418px;\" data-original-width=\"280\" data-original-height=\"418\" > <div class=\"tiled-gallery-item tiled-gallery-item-large\" itemprop=\"associatedMedia\" itemscope itemtype=\"http:\/\/schema.org\/ImageObject\"> <a href=\"https:\/\/www.jazzzeitung.de\/cms\/2023\/11\/ingolstaedter-jazztage-partys-feierlaune-bei-jazz-in-den-kneipen\/p2680840-mintzer-foto-tj-krebs\/\" border=\"0\" itemprop=\"url\"> <meta itemprop=\"width\" content=\"276\"> <meta itemprop=\"height\" content=\"414\"> <img decoding=\"async\" class=\"\" data-attachment-id=\"30284\" data-orig-file=\"https:\/\/www.jazzzeitung.de\/cms\/wp-content\/uploads\/2023\/11\/P2680840-Mintzer-Foto-TJ-Krebs.jpg\" data-orig-size=\"800,1200\" data-comments-opened=\"1\" data-image-meta=\"{&quot;aperture&quot;:&quot;0&quot;,&quot;credit&quot;:&quot;&quot;,&quot;camera&quot;:&quot;&quot;,&quot;caption&quot;:&quot;&quot;,&quot;created_timestamp&quot;:&quot;0&quot;,&quot;copyright&quot;:&quot;&quot;,&quot;focal_length&quot;:&quot;0&quot;,&quot;iso&quot;:&quot;0&quot;,&quot;shutter_speed&quot;:&quot;0&quot;,&quot;title&quot;:&quot;&quot;,&quot;orientation&quot;:&quot;0&quot;}\" data-image-title=\"\" data-image-description=\"\" data-medium-file=\"https:\/\/i0.wp.com\/www.jazzzeitung.de\/cms\/wp-content\/uploads\/2023\/11\/P2680840-Mintzer-Foto-TJ-Krebs.jpg?fit=200%2C300&#038;ssl=1\" data-large-file=\"https:\/\/i0.wp.com\/www.jazzzeitung.de\/cms\/wp-content\/uploads\/2023\/11\/P2680840-Mintzer-Foto-TJ-Krebs.jpg?fit=400%2C600&#038;ssl=1\" src=\"https:\/\/i0.wp.com\/www.jazzzeitung.de\/cms\/wp-content\/uploads\/2023\/11\/P2680840-Mintzer-Foto-TJ-Krebs.jpg?w=276&#038;h=414&#038;ssl=1\" srcset=\"https:\/\/i0.wp.com\/www.jazzzeitung.de\/cms\/wp-content\/uploads\/2023\/11\/P2680840-Mintzer-Foto-TJ-Krebs.jpg?w=800&amp;ssl=1 800w, https:\/\/i0.wp.com\/www.jazzzeitung.de\/cms\/wp-content\/uploads\/2023\/11\/P2680840-Mintzer-Foto-TJ-Krebs.jpg?resize=200%2C300&amp;ssl=1 200w, https:\/\/i0.wp.com\/www.jazzzeitung.de\/cms\/wp-content\/uploads\/2023\/11\/P2680840-Mintzer-Foto-TJ-Krebs.jpg?resize=400%2C600&amp;ssl=1 400w, https:\/\/i0.wp.com\/www.jazzzeitung.de\/cms\/wp-content\/uploads\/2023\/11\/P2680840-Mintzer-Foto-TJ-Krebs.jpg?resize=768%2C1152&amp;ssl=1 768w\" width=\"276\" height=\"414\" loading=\"lazy\" data-original-width=\"276\" data-original-height=\"414\" itemprop=\"http:\/\/schema.org\/image\" title=\"\" alt=\"Bob Mintzer. Foto: TJ Krebs\" style=\"width: 276px; height: 414px;\" \/> <\/a> <div class=\"tiled-gallery-caption\" itemprop=\"caption description\"> Bob Mintzer. Foto: TJ Krebs <\/div> <\/div> <\/div> <!-- close group --> <div class=\"gallery-group images-1\" style=\"width: 280px; height: 418px;\" data-original-width=\"280\" data-original-height=\"418\" > <div class=\"tiled-gallery-item tiled-gallery-item-large\" itemprop=\"associatedMedia\" itemscope itemtype=\"http:\/\/schema.org\/ImageObject\"> <a href=\"https:\/\/www.jazzzeitung.de\/cms\/2023\/11\/ingolstaedter-jazztage-partys-feierlaune-bei-jazz-in-den-kneipen\/p2680965-hunter-foto-tj-krebs\/\" border=\"0\" itemprop=\"url\"> <meta itemprop=\"width\" content=\"276\"> <meta itemprop=\"height\" content=\"414\"> <img decoding=\"async\" class=\"\" data-attachment-id=\"30285\" data-orig-file=\"https:\/\/www.jazzzeitung.de\/cms\/wp-content\/uploads\/2023\/11\/P2680965-Hunter-Foto-TJ-Krebs.jpg\" data-orig-size=\"800,1200\" data-comments-opened=\"1\" data-image-meta=\"{&quot;aperture&quot;:&quot;0&quot;,&quot;credit&quot;:&quot;&quot;,&quot;camera&quot;:&quot;&quot;,&quot;caption&quot;:&quot;&quot;,&quot;created_timestamp&quot;:&quot;0&quot;,&quot;copyright&quot;:&quot;&quot;,&quot;focal_length&quot;:&quot;0&quot;,&quot;iso&quot;:&quot;0&quot;,&quot;shutter_speed&quot;:&quot;0&quot;,&quot;title&quot;:&quot;&quot;,&quot;orientation&quot;:&quot;0&quot;}\" data-image-title=\"\" data-image-description=\"\" data-medium-file=\"https:\/\/i0.wp.com\/www.jazzzeitung.de\/cms\/wp-content\/uploads\/2023\/11\/P2680965-Hunter-Foto-TJ-Krebs.jpg?fit=200%2C300&#038;ssl=1\" data-large-file=\"https:\/\/i0.wp.com\/www.jazzzeitung.de\/cms\/wp-content\/uploads\/2023\/11\/P2680965-Hunter-Foto-TJ-Krebs.jpg?fit=400%2C600&#038;ssl=1\" src=\"https:\/\/i0.wp.com\/www.jazzzeitung.de\/cms\/wp-content\/uploads\/2023\/11\/P2680965-Hunter-Foto-TJ-Krebs.jpg?w=276&#038;h=414&#038;ssl=1\" srcset=\"https:\/\/i0.wp.com\/www.jazzzeitung.de\/cms\/wp-content\/uploads\/2023\/11\/P2680965-Hunter-Foto-TJ-Krebs.jpg?w=800&amp;ssl=1 800w, https:\/\/i0.wp.com\/www.jazzzeitung.de\/cms\/wp-content\/uploads\/2023\/11\/P2680965-Hunter-Foto-TJ-Krebs.jpg?resize=200%2C300&amp;ssl=1 200w, https:\/\/i0.wp.com\/www.jazzzeitung.de\/cms\/wp-content\/uploads\/2023\/11\/P2680965-Hunter-Foto-TJ-Krebs.jpg?resize=400%2C600&amp;ssl=1 400w, https:\/\/i0.wp.com\/www.jazzzeitung.de\/cms\/wp-content\/uploads\/2023\/11\/P2680965-Hunter-Foto-TJ-Krebs.jpg?resize=768%2C1152&amp;ssl=1 768w\" width=\"276\" height=\"414\" loading=\"lazy\" data-original-width=\"276\" data-original-height=\"414\" itemprop=\"http:\/\/schema.org\/image\" title=\"\" alt=\"Charlie Hunter. Foto: TJ Krebs\" style=\"width: 276px; height: 414px;\" \/> <\/a> <div class=\"tiled-gallery-caption\" itemprop=\"caption description\"> Charlie Hunter. Foto: TJ Krebs <\/div> <\/div> <\/div> <!-- close group --> <\/div> <!-- close row --> <div class=\"gallery-row\" style=\"width: 840px; height: 198px;\" data-original-width=\"840\" data-original-height=\"198\" > <div class=\"gallery-group images-1\" style=\"width: 296px; height: 198px;\" data-original-width=\"296\" data-original-height=\"198\" > <div class=\"tiled-gallery-item tiled-gallery-item-large\" itemprop=\"associatedMedia\" itemscope itemtype=\"http:\/\/schema.org\/ImageObject\"> <a href=\"https:\/\/www.jazzzeitung.de\/cms\/2023\/11\/ingolstaedter-jazztage-partys-feierlaune-bei-jazz-in-den-kneipen\/p2681091-ret-sw-elling-foto-tj-krebs\/\" border=\"0\" itemprop=\"url\"> <meta itemprop=\"width\" content=\"292\"> <meta itemprop=\"height\" content=\"194\"> <img decoding=\"async\" class=\"\" data-attachment-id=\"30286\" data-orig-file=\"https:\/\/www.jazzzeitung.de\/cms\/wp-content\/uploads\/2023\/11\/P2681091-ret-sw-Elling-Foto-TJ-Krebs.jpg\" data-orig-size=\"800,533\" data-comments-opened=\"1\" data-image-meta=\"{&quot;aperture&quot;:&quot;0&quot;,&quot;credit&quot;:&quot;&quot;,&quot;camera&quot;:&quot;&quot;,&quot;caption&quot;:&quot;&quot;,&quot;created_timestamp&quot;:&quot;0&quot;,&quot;copyright&quot;:&quot;&quot;,&quot;focal_length&quot;:&quot;0&quot;,&quot;iso&quot;:&quot;0&quot;,&quot;shutter_speed&quot;:&quot;0&quot;,&quot;title&quot;:&quot;&quot;,&quot;orientation&quot;:&quot;0&quot;}\" data-image-title=\"\" data-image-description=\"\" data-medium-file=\"https:\/\/i0.wp.com\/www.jazzzeitung.de\/cms\/wp-content\/uploads\/2023\/11\/P2681091-ret-sw-Elling-Foto-TJ-Krebs.jpg?fit=300%2C200&#038;ssl=1\" data-large-file=\"https:\/\/i0.wp.com\/www.jazzzeitung.de\/cms\/wp-content\/uploads\/2023\/11\/P2681091-ret-sw-Elling-Foto-TJ-Krebs.jpg?fit=800%2C533&#038;ssl=1\" src=\"https:\/\/i0.wp.com\/www.jazzzeitung.de\/cms\/wp-content\/uploads\/2023\/11\/P2681091-ret-sw-Elling-Foto-TJ-Krebs.jpg?w=292&#038;h=194&#038;ssl=1\" srcset=\"https:\/\/i0.wp.com\/www.jazzzeitung.de\/cms\/wp-content\/uploads\/2023\/11\/P2681091-ret-sw-Elling-Foto-TJ-Krebs.jpg?w=800&amp;ssl=1 800w, https:\/\/i0.wp.com\/www.jazzzeitung.de\/cms\/wp-content\/uploads\/2023\/11\/P2681091-ret-sw-Elling-Foto-TJ-Krebs.jpg?resize=300%2C200&amp;ssl=1 300w, https:\/\/i0.wp.com\/www.jazzzeitung.de\/cms\/wp-content\/uploads\/2023\/11\/P2681091-ret-sw-Elling-Foto-TJ-Krebs.jpg?resize=768%2C512&amp;ssl=1 768w, https:\/\/i0.wp.com\/www.jazzzeitung.de\/cms\/wp-content\/uploads\/2023\/11\/P2681091-ret-sw-Elling-Foto-TJ-Krebs.jpg?resize=120%2C80&amp;ssl=1 120w\" width=\"292\" height=\"194\" loading=\"lazy\" data-original-width=\"292\" data-original-height=\"194\" itemprop=\"http:\/\/schema.org\/image\" title=\"\" alt=\"Kurt Elling. Foto: TJ Krebs\" style=\"width: 292px; height: 194px;\" \/> <\/a> <div class=\"tiled-gallery-caption\" itemprop=\"caption description\"> Kurt Elling. Foto: TJ Krebs <\/div> <\/div> <\/div> <!-- close group --> <div class=\"gallery-group images-1\" style=\"width: 277px; height: 198px;\" data-original-width=\"277\" data-original-height=\"198\" > <div class=\"tiled-gallery-item tiled-gallery-item-large\" itemprop=\"associatedMedia\" itemscope itemtype=\"http:\/\/schema.org\/ImageObject\"> <a href=\"https:\/\/www.jazzzeitung.de\/cms\/2023\/11\/ingolstaedter-jazztage-partys-feierlaune-bei-jazz-in-den-kneipen\/p2681218-ret-bluey-foto-tj-krebs\/\" border=\"0\" itemprop=\"url\"> <meta itemprop=\"width\" content=\"273\"> <meta itemprop=\"height\" content=\"194\"> <img decoding=\"async\" class=\"\" data-attachment-id=\"30287\" data-orig-file=\"https:\/\/www.jazzzeitung.de\/cms\/wp-content\/uploads\/2023\/11\/P2681218-ret-Bluey-Foto-TJ-Krebs.jpg\" data-orig-size=\"1200,855\" data-comments-opened=\"1\" data-image-meta=\"{&quot;aperture&quot;:&quot;0&quot;,&quot;credit&quot;:&quot;&quot;,&quot;camera&quot;:&quot;&quot;,&quot;caption&quot;:&quot;&quot;,&quot;created_timestamp&quot;:&quot;0&quot;,&quot;copyright&quot;:&quot;&quot;,&quot;focal_length&quot;:&quot;0&quot;,&quot;iso&quot;:&quot;0&quot;,&quot;shutter_speed&quot;:&quot;0&quot;,&quot;title&quot;:&quot;&quot;,&quot;orientation&quot;:&quot;0&quot;}\" data-image-title=\"\" data-image-description=\"\" data-medium-file=\"https:\/\/i0.wp.com\/www.jazzzeitung.de\/cms\/wp-content\/uploads\/2023\/11\/P2681218-ret-Bluey-Foto-TJ-Krebs.jpg?fit=300%2C214&#038;ssl=1\" data-large-file=\"https:\/\/i0.wp.com\/www.jazzzeitung.de\/cms\/wp-content\/uploads\/2023\/11\/P2681218-ret-Bluey-Foto-TJ-Krebs.jpg?fit=840%2C599&#038;ssl=1\" src=\"https:\/\/i0.wp.com\/www.jazzzeitung.de\/cms\/wp-content\/uploads\/2023\/11\/P2681218-ret-Bluey-Foto-TJ-Krebs.jpg?w=273&#038;h=194&#038;ssl=1\" srcset=\"https:\/\/i0.wp.com\/www.jazzzeitung.de\/cms\/wp-content\/uploads\/2023\/11\/P2681218-ret-Bluey-Foto-TJ-Krebs.jpg?w=1200&amp;ssl=1 1200w, https:\/\/i0.wp.com\/www.jazzzeitung.de\/cms\/wp-content\/uploads\/2023\/11\/P2681218-ret-Bluey-Foto-TJ-Krebs.jpg?resize=300%2C214&amp;ssl=1 300w, https:\/\/i0.wp.com\/www.jazzzeitung.de\/cms\/wp-content\/uploads\/2023\/11\/P2681218-ret-Bluey-Foto-TJ-Krebs.jpg?resize=842%2C600&amp;ssl=1 842w, https:\/\/i0.wp.com\/www.jazzzeitung.de\/cms\/wp-content\/uploads\/2023\/11\/P2681218-ret-Bluey-Foto-TJ-Krebs.jpg?resize=768%2C547&amp;ssl=1 768w\" width=\"273\" height=\"194\" loading=\"lazy\" data-original-width=\"273\" data-original-height=\"194\" itemprop=\"http:\/\/schema.org\/image\" title=\"\" alt=\"Bluey grooved. Foto: TJ Krebs\" style=\"width: 273px; height: 194px;\" \/> <\/a> <div class=\"tiled-gallery-caption\" itemprop=\"caption description\"> Bluey grooved. Foto: TJ Krebs <\/div> <\/div> <\/div> <!-- close group --> <div class=\"gallery-group images-1\" style=\"width: 134px; height: 198px;\" data-original-width=\"134\" data-original-height=\"198\" > <div class=\"tiled-gallery-item tiled-gallery-item-small\" itemprop=\"associatedMedia\" itemscope itemtype=\"http:\/\/schema.org\/ImageObject\"> <a href=\"https:\/\/www.jazzzeitung.de\/cms\/2023\/11\/ingolstaedter-jazztage-partys-feierlaune-bei-jazz-in-den-kneipen\/p2691540-sw-kennedy-foto-tj-krebs\/\" border=\"0\" itemprop=\"url\"> <meta itemprop=\"width\" content=\"130\"> <meta itemprop=\"height\" content=\"194\"> <img decoding=\"async\" class=\"\" data-attachment-id=\"30288\" data-orig-file=\"https:\/\/www.jazzzeitung.de\/cms\/wp-content\/uploads\/2023\/11\/P2691540-sw-Kennedy-Foto-TJ-Krebs.jpg\" data-orig-size=\"800,1200\" data-comments-opened=\"1\" data-image-meta=\"{&quot;aperture&quot;:&quot;0&quot;,&quot;credit&quot;:&quot;&quot;,&quot;camera&quot;:&quot;&quot;,&quot;caption&quot;:&quot;&quot;,&quot;created_timestamp&quot;:&quot;0&quot;,&quot;copyright&quot;:&quot;&quot;,&quot;focal_length&quot;:&quot;0&quot;,&quot;iso&quot;:&quot;0&quot;,&quot;shutter_speed&quot;:&quot;0&quot;,&quot;title&quot;:&quot;&quot;,&quot;orientation&quot;:&quot;0&quot;}\" data-image-title=\"\" data-image-description=\"\" data-medium-file=\"https:\/\/i0.wp.com\/www.jazzzeitung.de\/cms\/wp-content\/uploads\/2023\/11\/P2691540-sw-Kennedy-Foto-TJ-Krebs.jpg?fit=200%2C300&#038;ssl=1\" data-large-file=\"https:\/\/i0.wp.com\/www.jazzzeitung.de\/cms\/wp-content\/uploads\/2023\/11\/P2691540-sw-Kennedy-Foto-TJ-Krebs.jpg?fit=400%2C600&#038;ssl=1\" src=\"https:\/\/i0.wp.com\/www.jazzzeitung.de\/cms\/wp-content\/uploads\/2023\/11\/P2691540-sw-Kennedy-Foto-TJ-Krebs.jpg?w=130&#038;h=194&#038;ssl=1\" srcset=\"https:\/\/i0.wp.com\/www.jazzzeitung.de\/cms\/wp-content\/uploads\/2023\/11\/P2691540-sw-Kennedy-Foto-TJ-Krebs.jpg?w=800&amp;ssl=1 800w, https:\/\/i0.wp.com\/www.jazzzeitung.de\/cms\/wp-content\/uploads\/2023\/11\/P2691540-sw-Kennedy-Foto-TJ-Krebs.jpg?resize=200%2C300&amp;ssl=1 200w, https:\/\/i0.wp.com\/www.jazzzeitung.de\/cms\/wp-content\/uploads\/2023\/11\/P2691540-sw-Kennedy-Foto-TJ-Krebs.jpg?resize=400%2C600&amp;ssl=1 400w, https:\/\/i0.wp.com\/www.jazzzeitung.de\/cms\/wp-content\/uploads\/2023\/11\/P2691540-sw-Kennedy-Foto-TJ-Krebs.jpg?resize=768%2C1152&amp;ssl=1 768w\" width=\"130\" height=\"194\" loading=\"lazy\" data-original-width=\"130\" data-original-height=\"194\" itemprop=\"http:\/\/schema.org\/image\" title=\"\" alt=\"Kennedy Adminstration mit S\u00e4ngerin Kennedy. Foto: TJ Krebs\" style=\"width: 130px; height: 194px;\" \/> <\/a> <div class=\"tiled-gallery-caption\" itemprop=\"caption description\"> Kennedy Adminstration mit S\u00e4ngerin Kennedy. Foto: TJ Krebs <\/div> <\/div> <\/div> <!-- close group --> <div class=\"gallery-group images-1\" style=\"width: 133px; height: 198px;\" data-original-width=\"133\" data-original-height=\"198\" > <div class=\"tiled-gallery-item tiled-gallery-item-small\" itemprop=\"associatedMedia\" itemscope itemtype=\"http:\/\/schema.org\/ImageObject\"> <a href=\"https:\/\/www.jazzzeitung.de\/cms\/2023\/11\/ingolstaedter-jazztage-partys-feierlaune-bei-jazz-in-den-kneipen\/p2691616-sw-boede-foto-tj-krebs\/\" border=\"0\" itemprop=\"url\"> <meta itemprop=\"width\" content=\"129\"> <meta itemprop=\"height\" content=\"194\"> <img decoding=\"async\" class=\"\" data-attachment-id=\"30289\" data-orig-file=\"https:\/\/www.jazzzeitung.de\/cms\/wp-content\/uploads\/2023\/11\/P2691616-sw-Boede-Foto-TJ-Krebs.jpg\" data-orig-size=\"800,1200\" data-comments-opened=\"1\" data-image-meta=\"{&quot;aperture&quot;:&quot;0&quot;,&quot;credit&quot;:&quot;&quot;,&quot;camera&quot;:&quot;&quot;,&quot;caption&quot;:&quot;&quot;,&quot;created_timestamp&quot;:&quot;0&quot;,&quot;copyright&quot;:&quot;&quot;,&quot;focal_length&quot;:&quot;0&quot;,&quot;iso&quot;:&quot;0&quot;,&quot;shutter_speed&quot;:&quot;0&quot;,&quot;title&quot;:&quot;&quot;,&quot;orientation&quot;:&quot;0&quot;}\" data-image-title=\"\" data-image-description=\"\" data-medium-file=\"https:\/\/i0.wp.com\/www.jazzzeitung.de\/cms\/wp-content\/uploads\/2023\/11\/P2691616-sw-Boede-Foto-TJ-Krebs.jpg?fit=200%2C300&#038;ssl=1\" data-large-file=\"https:\/\/i0.wp.com\/www.jazzzeitung.de\/cms\/wp-content\/uploads\/2023\/11\/P2691616-sw-Boede-Foto-TJ-Krebs.jpg?fit=400%2C600&#038;ssl=1\" src=\"https:\/\/i0.wp.com\/www.jazzzeitung.de\/cms\/wp-content\/uploads\/2023\/11\/P2691616-sw-Boede-Foto-TJ-Krebs.jpg?w=129&#038;h=194&#038;ssl=1\" srcset=\"https:\/\/i0.wp.com\/www.jazzzeitung.de\/cms\/wp-content\/uploads\/2023\/11\/P2691616-sw-Boede-Foto-TJ-Krebs.jpg?w=800&amp;ssl=1 800w, https:\/\/i0.wp.com\/www.jazzzeitung.de\/cms\/wp-content\/uploads\/2023\/11\/P2691616-sw-Boede-Foto-TJ-Krebs.jpg?resize=200%2C300&amp;ssl=1 200w, https:\/\/i0.wp.com\/www.jazzzeitung.de\/cms\/wp-content\/uploads\/2023\/11\/P2691616-sw-Boede-Foto-TJ-Krebs.jpg?resize=400%2C600&amp;ssl=1 400w, https:\/\/i0.wp.com\/www.jazzzeitung.de\/cms\/wp-content\/uploads\/2023\/11\/P2691616-sw-Boede-Foto-TJ-Krebs.jpg?resize=768%2C1152&amp;ssl=1 768w\" width=\"129\" height=\"194\" loading=\"lazy\" data-original-width=\"129\" data-original-height=\"194\" itemprop=\"http:\/\/schema.org\/image\" title=\"\" alt=\"Charlie B\u00f6de. Foto: TJ Krebs\" style=\"width: 129px; height: 194px;\" \/> <\/a> <div class=\"tiled-gallery-caption\" itemprop=\"caption description\"> Charlie B\u00f6de. Foto: TJ Krebs <\/div> <\/div> <\/div> <!-- close group --> <\/div> <!-- close row --> <\/div>\n<h3><strong>JAZZ in den Kneipen\u00a0 \u00a0\u00a0\u00a0<\/strong><\/h3>\n<p>Weiterer H\u00f6hepunkt neben den Jazz Partys und Hauptacts der Ingolst\u00e4dter Jazztagen war der Donnerstag mit JAZZ in den Kneipen. In vierzehn Locations fanden an dem Abend Konzerte statt, und anhand des Programms konnte\/musste man individuelle Schwerpunkte setzen. Da die Auftritte gr\u00f6\u00dftenteils zeitgleich stattfanden, hat sich der Autor f\u00fcr drei Loactions entschieden, die dicht beieinander lagen und so Ron Minis, Kinga Glyck und Afra Kane genie\u00dfen k\u00f6nnen. Eigentlich sollte es dann noch weitergehen, aber da war der pers\u00f6nliche Talk mit Band und Afra Kane dann doch entspannter, als beim Regen durch die Stra\u00dfen zu ziehen, um letzte T\u00f6ne von Bands wie LBT, Medesha oder Hollinger\u2019s Manifestor anzuh\u00f6ren.<\/p>\n<div class=\"tiled-gallery type-rectangular tiled-gallery-unresized\" data-original-width=\"840\" data-carousel-extra='{&quot;blog_id&quot;:1,&quot;permalink&quot;:&quot;https:\\\/\\\/www.jazzzeitung.de\\\/cms\\\/2023\\\/11\\\/ingolstaedter-jazztage-partys-feierlaune-bei-jazz-in-den-kneipen\\\/&quot;,&quot;likes_blog_id&quot;:55446655}' itemscope itemtype=\"http:\/\/schema.org\/ImageGallery\" > <div class=\"gallery-row\" style=\"width: 840px; height: 230px;\" data-original-width=\"840\" data-original-height=\"230\" > <div class=\"gallery-group images-1\" style=\"width: 343px; height: 230px;\" data-original-width=\"343\" data-original-height=\"230\" > <div class=\"tiled-gallery-item tiled-gallery-item-large\" itemprop=\"associatedMedia\" itemscope itemtype=\"http:\/\/schema.org\/ImageObject\"> <a href=\"https:\/\/www.jazzzeitung.de\/cms\/2023\/11\/ingolstaedter-jazztage-partys-feierlaune-bei-jazz-in-den-kneipen\/p2692334-swf-minis-foto-tj-krebs\/\" border=\"0\" itemprop=\"url\"> <meta itemprop=\"width\" content=\"339\"> <meta itemprop=\"height\" content=\"226\"> <img decoding=\"async\" class=\"\" data-attachment-id=\"30291\" data-orig-file=\"https:\/\/www.jazzzeitung.de\/cms\/wp-content\/uploads\/2023\/11\/P2692334-swf-Minis-Foto-TJ-Krebs.jpg\" data-orig-size=\"1200,800\" data-comments-opened=\"1\" data-image-meta=\"{&quot;aperture&quot;:&quot;0&quot;,&quot;credit&quot;:&quot;&quot;,&quot;camera&quot;:&quot;&quot;,&quot;caption&quot;:&quot;&quot;,&quot;created_timestamp&quot;:&quot;0&quot;,&quot;copyright&quot;:&quot;&quot;,&quot;focal_length&quot;:&quot;0&quot;,&quot;iso&quot;:&quot;0&quot;,&quot;shutter_speed&quot;:&quot;0&quot;,&quot;title&quot;:&quot;&quot;,&quot;orientation&quot;:&quot;0&quot;}\" data-image-title=\"\" data-image-description=\"\" data-medium-file=\"https:\/\/i0.wp.com\/www.jazzzeitung.de\/cms\/wp-content\/uploads\/2023\/11\/P2692334-swf-Minis-Foto-TJ-Krebs.jpg?fit=300%2C200&#038;ssl=1\" data-large-file=\"https:\/\/i0.wp.com\/www.jazzzeitung.de\/cms\/wp-content\/uploads\/2023\/11\/P2692334-swf-Minis-Foto-TJ-Krebs.jpg?fit=840%2C560&#038;ssl=1\" src=\"https:\/\/i0.wp.com\/www.jazzzeitung.de\/cms\/wp-content\/uploads\/2023\/11\/P2692334-swf-Minis-Foto-TJ-Krebs.jpg?w=339&#038;h=226&#038;ssl=1\" srcset=\"https:\/\/i0.wp.com\/www.jazzzeitung.de\/cms\/wp-content\/uploads\/2023\/11\/P2692334-swf-Minis-Foto-TJ-Krebs.jpg?w=1200&amp;ssl=1 1200w, https:\/\/i0.wp.com\/www.jazzzeitung.de\/cms\/wp-content\/uploads\/2023\/11\/P2692334-swf-Minis-Foto-TJ-Krebs.jpg?resize=300%2C200&amp;ssl=1 300w, https:\/\/i0.wp.com\/www.jazzzeitung.de\/cms\/wp-content\/uploads\/2023\/11\/P2692334-swf-Minis-Foto-TJ-Krebs.jpg?resize=900%2C600&amp;ssl=1 900w, https:\/\/i0.wp.com\/www.jazzzeitung.de\/cms\/wp-content\/uploads\/2023\/11\/P2692334-swf-Minis-Foto-TJ-Krebs.jpg?resize=768%2C512&amp;ssl=1 768w, https:\/\/i0.wp.com\/www.jazzzeitung.de\/cms\/wp-content\/uploads\/2023\/11\/P2692334-swf-Minis-Foto-TJ-Krebs.jpg?resize=120%2C80&amp;ssl=1 120w\" width=\"339\" height=\"226\" loading=\"lazy\" data-original-width=\"339\" data-original-height=\"226\" itemprop=\"http:\/\/schema.org\/image\" title=\"\" alt=\"Ron Minis. Foto: TJ Krebs\" style=\"width: 339px; height: 226px;\" \/> <\/a> <div class=\"tiled-gallery-caption\" itemprop=\"caption description\"> Ron Minis. Foto: TJ Krebs <\/div> <\/div> <\/div> <!-- close group --> <div class=\"gallery-group images-1\" style=\"width: 154px; height: 230px;\" data-original-width=\"154\" data-original-height=\"230\" > <div class=\"tiled-gallery-item tiled-gallery-item-small\" itemprop=\"associatedMedia\" itemscope itemtype=\"http:\/\/schema.org\/ImageObject\"> <a href=\"https:\/\/www.jazzzeitung.de\/cms\/2023\/11\/ingolstaedter-jazztage-partys-feierlaune-bei-jazz-in-den-kneipen\/p2702398-niswanger-glyck-foto-tj-krebs\/\" border=\"0\" itemprop=\"url\"> <meta itemprop=\"width\" content=\"150\"> <meta itemprop=\"height\" content=\"226\"> <img decoding=\"async\" class=\"\" data-attachment-id=\"30292\" data-orig-file=\"https:\/\/www.jazzzeitung.de\/cms\/wp-content\/uploads\/2023\/11\/P2702398-Niswanger-Glyck-Foto-TJ-Krebs.jpg\" data-orig-size=\"800,1200\" data-comments-opened=\"1\" data-image-meta=\"{&quot;aperture&quot;:&quot;0&quot;,&quot;credit&quot;:&quot;&quot;,&quot;camera&quot;:&quot;&quot;,&quot;caption&quot;:&quot;&quot;,&quot;created_timestamp&quot;:&quot;0&quot;,&quot;copyright&quot;:&quot;&quot;,&quot;focal_length&quot;:&quot;0&quot;,&quot;iso&quot;:&quot;0&quot;,&quot;shutter_speed&quot;:&quot;0&quot;,&quot;title&quot;:&quot;&quot;,&quot;orientation&quot;:&quot;0&quot;}\" data-image-title=\"P2702398 Niswanger-Glyck &amp;#8211; Foto TJ Krebs\" data-image-description=\"\" data-medium-file=\"https:\/\/i0.wp.com\/www.jazzzeitung.de\/cms\/wp-content\/uploads\/2023\/11\/P2702398-Niswanger-Glyck-Foto-TJ-Krebs.jpg?fit=200%2C300&#038;ssl=1\" data-large-file=\"https:\/\/i0.wp.com\/www.jazzzeitung.de\/cms\/wp-content\/uploads\/2023\/11\/P2702398-Niswanger-Glyck-Foto-TJ-Krebs.jpg?fit=400%2C600&#038;ssl=1\" src=\"https:\/\/i0.wp.com\/www.jazzzeitung.de\/cms\/wp-content\/uploads\/2023\/11\/P2702398-Niswanger-Glyck-Foto-TJ-Krebs.jpg?w=150&#038;h=226&#038;ssl=1\" srcset=\"https:\/\/i0.wp.com\/www.jazzzeitung.de\/cms\/wp-content\/uploads\/2023\/11\/P2702398-Niswanger-Glyck-Foto-TJ-Krebs.jpg?w=800&amp;ssl=1 800w, https:\/\/i0.wp.com\/www.jazzzeitung.de\/cms\/wp-content\/uploads\/2023\/11\/P2702398-Niswanger-Glyck-Foto-TJ-Krebs.jpg?resize=200%2C300&amp;ssl=1 200w, https:\/\/i0.wp.com\/www.jazzzeitung.de\/cms\/wp-content\/uploads\/2023\/11\/P2702398-Niswanger-Glyck-Foto-TJ-Krebs.jpg?resize=400%2C600&amp;ssl=1 400w, https:\/\/i0.wp.com\/www.jazzzeitung.de\/cms\/wp-content\/uploads\/2023\/11\/P2702398-Niswanger-Glyck-Foto-TJ-Krebs.jpg?resize=768%2C1152&amp;ssl=1 768w\" width=\"150\" height=\"226\" loading=\"lazy\" data-original-width=\"150\" data-original-height=\"226\" itemprop=\"http:\/\/schema.org\/image\" title=\"P2702398 Niswanger-Glyck - Foto TJ Krebs\" alt=\"Kinga Glyck. Foto: TJ Krebs\" style=\"width: 150px; height: 226px;\" \/> <\/a> <div class=\"tiled-gallery-caption\" itemprop=\"caption description\"> Kinga Glyck. Foto: TJ Krebs <\/div> <\/div> <\/div> <!-- close group --> <div class=\"gallery-group images-1\" style=\"width: 343px; height: 230px;\" data-original-width=\"343\" data-original-height=\"230\" > <div class=\"tiled-gallery-item tiled-gallery-item-large\" itemprop=\"associatedMedia\" itemscope itemtype=\"http:\/\/schema.org\/ImageObject\"> <a href=\"https:\/\/www.jazzzeitung.de\/cms\/2023\/11\/ingolstaedter-jazztage-partys-feierlaune-bei-jazz-in-den-kneipen\/p2702421-swvidal-kane-foto-tj-krebs\/\" border=\"0\" itemprop=\"url\"> <meta itemprop=\"width\" content=\"339\"> <meta itemprop=\"height\" content=\"226\"> <img decoding=\"async\" class=\"\" data-attachment-id=\"30293\" data-orig-file=\"https:\/\/www.jazzzeitung.de\/cms\/wp-content\/uploads\/2023\/11\/P2702421-swVidal-Kane-Foto-TJ-Krebs.jpg\" data-orig-size=\"1200,800\" data-comments-opened=\"1\" data-image-meta=\"{&quot;aperture&quot;:&quot;0&quot;,&quot;credit&quot;:&quot;&quot;,&quot;camera&quot;:&quot;&quot;,&quot;caption&quot;:&quot;&quot;,&quot;created_timestamp&quot;:&quot;0&quot;,&quot;copyright&quot;:&quot;&quot;,&quot;focal_length&quot;:&quot;0&quot;,&quot;iso&quot;:&quot;0&quot;,&quot;shutter_speed&quot;:&quot;0&quot;,&quot;title&quot;:&quot;&quot;,&quot;orientation&quot;:&quot;0&quot;}\" data-image-title=\"\" data-image-description=\"\" data-medium-file=\"https:\/\/i0.wp.com\/www.jazzzeitung.de\/cms\/wp-content\/uploads\/2023\/11\/P2702421-swVidal-Kane-Foto-TJ-Krebs.jpg?fit=300%2C200&#038;ssl=1\" data-large-file=\"https:\/\/i0.wp.com\/www.jazzzeitung.de\/cms\/wp-content\/uploads\/2023\/11\/P2702421-swVidal-Kane-Foto-TJ-Krebs.jpg?fit=840%2C560&#038;ssl=1\" src=\"https:\/\/i0.wp.com\/www.jazzzeitung.de\/cms\/wp-content\/uploads\/2023\/11\/P2702421-swVidal-Kane-Foto-TJ-Krebs.jpg?w=339&#038;h=226&#038;ssl=1\" srcset=\"https:\/\/i0.wp.com\/www.jazzzeitung.de\/cms\/wp-content\/uploads\/2023\/11\/P2702421-swVidal-Kane-Foto-TJ-Krebs.jpg?w=1200&amp;ssl=1 1200w, https:\/\/i0.wp.com\/www.jazzzeitung.de\/cms\/wp-content\/uploads\/2023\/11\/P2702421-swVidal-Kane-Foto-TJ-Krebs.jpg?resize=300%2C200&amp;ssl=1 300w, https:\/\/i0.wp.com\/www.jazzzeitung.de\/cms\/wp-content\/uploads\/2023\/11\/P2702421-swVidal-Kane-Foto-TJ-Krebs.jpg?resize=900%2C600&amp;ssl=1 900w, https:\/\/i0.wp.com\/www.jazzzeitung.de\/cms\/wp-content\/uploads\/2023\/11\/P2702421-swVidal-Kane-Foto-TJ-Krebs.jpg?resize=768%2C512&amp;ssl=1 768w, https:\/\/i0.wp.com\/www.jazzzeitung.de\/cms\/wp-content\/uploads\/2023\/11\/P2702421-swVidal-Kane-Foto-TJ-Krebs.jpg?resize=120%2C80&amp;ssl=1 120w\" width=\"339\" height=\"226\" loading=\"lazy\" data-original-width=\"339\" data-original-height=\"226\" itemprop=\"http:\/\/schema.org\/image\" title=\"\" alt=\"Afra Kane. Foto: TJ Krebs\" style=\"width: 339px; height: 226px;\" \/> <\/a> <div class=\"tiled-gallery-caption\" itemprop=\"caption description\"> Afra Kane. Foto: TJ Krebs <\/div> <\/div> <\/div> <!-- close group --> <\/div> <!-- close row --> <\/div>\n<h3><strong>Ausblick<\/strong><\/h3>\n<p>Nachdem Jan Rottau nun die Leitung des Festivals abgibt, bleibt die Spannung wie es mit den Ingolst\u00e4dter Jazztagen weitergeht. Ver\u00e4nderungen sind angesagt, die kulturelle Szene hat sich ver\u00e4ndert und neue Impulse sind sicherlich nicht verkehrt. Vieles hat sich mit den Jahren bew\u00e4hrt, einiges darf dann auch mal angepasst oder aktualisiert werden. Auf jeden Fall wird im n\u00e4chsten Jahr neuer Wind bei dem Festival wehen. Wie hei\u00dft es noch in dem Gedicht von Hermann Hesse: Und jedem Anfang wohnt ein Zauber inne.<\/p>\n<p>Text &amp; Fotos:\u00a0 Thomas J. Krebs<\/p>\n<p>&nbsp;<\/p>\n","protected":false},"excerpt":{"rendered":"<p>Die Ingolst\u00e4dter Jazztage dieses Jahr mit ihrer 40. Ausgabe. Das ist in vielerlei Hinsicht beachtenswert. Zum einen, weil die Veranstaltungen nun zum letzten Mal unter der Leitung von Jan Rottau stattfanden, zum anderen weil ein bew\u00e4hrtes Konzept mal wieder aufgegangen ist. Bleibt abzuwarten, wie sich die Jazztage in der Zukunft entwickeln werden. Einfacher wird es sicherlich nicht. Die legend\u00e4ren Jazzpartys Seit Beginn an pr\u00e4gen die Jazzpartys im NH-Hotel die Ingolst\u00e4dter Jazztage. Auch dieses Jahr gab es wieder ein beachtliches, abwechslungsreiches Lineup. Wie schon in den vergangenen Jahren gab es zwei B\u00fchnen: im Hotelrestaurant und im Triva Tagungsraum. Billy Cobham\u2018 Spectrum 50 bestritt den Auftakt der ersten Jazzparty gleich mit seinem Klassiker \u201eCrosswinds\u201c und hatte das Publikum sofort im Griff. Auf der B\u00fchne im Restaurant feierten die Jazzfans ausgelassen ihre Legende. Trotz des engen Zeitplans gab es nach tosendem Applaus noch eine kurze Zugabe. Die danach auftretenden Yellowjackets hatten es danach nicht leicht. Nach 30 Alben und \u00fcber 40 Jahren B\u00fchnenpr\u00e4senz gab es zwar keine gro\u00dfen musikalischen \u00dcberraschungen, daf\u00fcr soliden Fusion-Jazz garniert mit Evergreens wie \u201eMan Facing North\u201c, \u201eImperial Strut\u201c und als letzten Song die Ballade &hellip;<\/p>\n","protected":false},"author":18,"featured_media":30282,"comment_status":"open","ping_status":"closed","sticky":false,"template":"","format":"standard","meta":{"_jetpack_memberships_contains_paid_content":false,"footnotes":"","jetpack_publicize_message":"","jetpack_publicize_feature_enabled":true,"jetpack_social_post_already_shared":false,"jetpack_social_options":{"image_generator_settings":{"template":"highway","default_image_id":0,"font":"","enabled":false},"version":2}},"categories":[1053,652],"tags":[4184,5194,5197,5190,5192,5193,5196,5198,5195,5191,5150],"coauthors":[695],"class_list":["post-30280","post","type-post","status-publish","format-standard","has-post-thumbnail","hentry","category-bericht","category-galerie","tag-afra-kane","tag-bluey","tag-boede","tag-cobham","tag-elling","tag-hunter","tag-kennedy","tag-kinga-glyck","tag-meszelinsky","tag-mintzer","tag-ron-minis"],"yoast_head":"<!-- This site is optimized with the Yoast SEO plugin v27.5 - https:\/\/yoast.com\/product\/yoast-seo-wordpress\/ -->\n<title>Ingolst\u00e4dter Jazztage: Partys &amp; Feierlaune bei Jazz in den Kneipen - JazzZeitung<\/title>\n<meta name=\"robots\" content=\"index, follow, max-snippet:-1, max-image-preview:large, max-video-preview:-1\" \/>\n<link rel=\"canonical\" href=\"https:\/\/www.jazzzeitung.de\/cms\/2023\/11\/ingolstaedter-jazztage-partys-feierlaune-bei-jazz-in-den-kneipen\/\" \/>\n<meta property=\"og:locale\" content=\"de_DE\" \/>\n<meta property=\"og:type\" content=\"article\" \/>\n<meta property=\"og:title\" content=\"Ingolst\u00e4dter Jazztage: Partys &amp; Feierlaune bei Jazz in den Kneipen - JazzZeitung\" \/>\n<meta property=\"og:description\" content=\"Die Ingolst\u00e4dter Jazztage dieses Jahr mit ihrer 40. Ausgabe. Das ist in vielerlei Hinsicht beachtenswert. Zum einen, weil die Veranstaltungen nun zum letzten Mal unter der Leitung von Jan Rottau stattfanden, zum anderen weil ein bew\u00e4hrtes Konzept mal wieder aufgegangen ist. Bleibt abzuwarten, wie sich die Jazztage in der Zukunft entwickeln werden. Einfacher wird es sicherlich nicht. Die legend\u00e4ren Jazzpartys Seit Beginn an pr\u00e4gen die Jazzpartys im NH-Hotel die Ingolst\u00e4dter Jazztage. Auch dieses Jahr gab es wieder ein beachtliches, abwechslungsreiches Lineup. Wie schon in den vergangenen Jahren gab es zwei B\u00fchnen: im Hotelrestaurant und im Triva Tagungsraum. Billy Cobham\u2018 Spectrum 50 bestritt den Auftakt der ersten Jazzparty gleich mit seinem Klassiker \u201eCrosswinds\u201c und hatte das Publikum sofort im Griff. Auf der B\u00fchne im Restaurant feierten die Jazzfans ausgelassen ihre Legende. Trotz des engen Zeitplans gab es nach tosendem Applaus noch eine kurze Zugabe. Die danach auftretenden Yellowjackets hatten es danach nicht leicht. Nach 30 Alben und \u00fcber 40 Jahren B\u00fchnenpr\u00e4senz gab es zwar keine gro\u00dfen musikalischen \u00dcberraschungen, daf\u00fcr soliden Fusion-Jazz garniert mit Evergreens wie \u201eMan Facing North\u201c, \u201eImperial Strut\u201c und als letzten Song die Ballade &hellip;\" \/>\n<meta property=\"og:url\" content=\"https:\/\/www.jazzzeitung.de\/cms\/2023\/11\/ingolstaedter-jazztage-partys-feierlaune-bei-jazz-in-den-kneipen\/\" \/>\n<meta property=\"og:site_name\" content=\"JazzZeitung\" \/>\n<meta property=\"article:publisher\" content=\"https:\/\/www.facebook.com\/JazzZeitung\/\" \/>\n<meta property=\"article:published_time\" content=\"2023-11-14T07:30:15+00:00\" \/>\n<meta property=\"og:image\" content=\"https:\/\/i0.wp.com\/www.jazzzeitung.de\/cms\/wp-content\/uploads\/2023\/11\/P2680803-Yellowjackets-Foto-TJ-Krebs.jpg?fit=1200%2C800&ssl=1\" \/>\n\t<meta property=\"og:image:width\" content=\"1200\" \/>\n\t<meta property=\"og:image:height\" content=\"800\" \/>\n\t<meta property=\"og:image:type\" content=\"image\/jpeg\" \/>\n<meta name=\"author\" content=\"Redaktion JazzZeitung\" \/>\n<script type=\"application\/ld+json\" class=\"yoast-schema-graph\">{\"@context\":\"https:\\\/\\\/schema.org\",\"@graph\":[{\"@type\":\"Article\",\"@id\":\"https:\\\/\\\/www.jazzzeitung.de\\\/cms\\\/2023\\\/11\\\/ingolstaedter-jazztage-partys-feierlaune-bei-jazz-in-den-kneipen\\\/#article\",\"isPartOf\":{\"@id\":\"https:\\\/\\\/www.jazzzeitung.de\\\/cms\\\/2023\\\/11\\\/ingolstaedter-jazztage-partys-feierlaune-bei-jazz-in-den-kneipen\\\/\"},\"author\":{\"name\":\"Redaktion JazzZeitung\",\"@id\":\"https:\\\/\\\/www.jazzzeitung.de\\\/cms\\\/#\\\/schema\\\/person\\\/2245b36b9cd1d24cea10f01c031fb92b\"},\"headline\":\"Ingolst\u00e4dter Jazztage: Partys &#038; Feierlaune bei Jazz in den Kneipen\",\"datePublished\":\"2023-11-14T07:30:15+00:00\",\"mainEntityOfPage\":{\"@id\":\"https:\\\/\\\/www.jazzzeitung.de\\\/cms\\\/2023\\\/11\\\/ingolstaedter-jazztage-partys-feierlaune-bei-jazz-in-den-kneipen\\\/\"},\"wordCount\":879,\"commentCount\":0,\"publisher\":{\"@id\":\"https:\\\/\\\/www.jazzzeitung.de\\\/cms\\\/#organization\"},\"image\":{\"@id\":\"https:\\\/\\\/www.jazzzeitung.de\\\/cms\\\/2023\\\/11\\\/ingolstaedter-jazztage-partys-feierlaune-bei-jazz-in-den-kneipen\\\/#primaryimage\"},\"thumbnailUrl\":\"https:\\\/\\\/i0.wp.com\\\/www.jazzzeitung.de\\\/cms\\\/wp-content\\\/uploads\\\/2023\\\/11\\\/P2680803-Yellowjackets-Foto-TJ-Krebs.jpg?fit=1200%2C800&ssl=1\",\"keywords\":[\"Afra Kane\",\"Bluey\",\"B\u00f6de\",\"Cobham\",\"Elling\",\"Hunter\",\"Kennedy\",\"Kinga Glyck\",\"Meszelinsky\",\"Mintzer\",\"Ron Minis\"],\"articleSection\":[\"Bericht\",\"Galerie\"],\"inLanguage\":\"de\",\"potentialAction\":[{\"@type\":\"CommentAction\",\"name\":\"Comment\",\"target\":[\"https:\\\/\\\/www.jazzzeitung.de\\\/cms\\\/2023\\\/11\\\/ingolstaedter-jazztage-partys-feierlaune-bei-jazz-in-den-kneipen\\\/#respond\"]}]},{\"@type\":\"WebPage\",\"@id\":\"https:\\\/\\\/www.jazzzeitung.de\\\/cms\\\/2023\\\/11\\\/ingolstaedter-jazztage-partys-feierlaune-bei-jazz-in-den-kneipen\\\/\",\"url\":\"https:\\\/\\\/www.jazzzeitung.de\\\/cms\\\/2023\\\/11\\\/ingolstaedter-jazztage-partys-feierlaune-bei-jazz-in-den-kneipen\\\/\",\"name\":\"Ingolst\u00e4dter Jazztage: Partys & Feierlaune bei Jazz in den Kneipen - JazzZeitung\",\"isPartOf\":{\"@id\":\"https:\\\/\\\/www.jazzzeitung.de\\\/cms\\\/#website\"},\"primaryImageOfPage\":{\"@id\":\"https:\\\/\\\/www.jazzzeitung.de\\\/cms\\\/2023\\\/11\\\/ingolstaedter-jazztage-partys-feierlaune-bei-jazz-in-den-kneipen\\\/#primaryimage\"},\"image\":{\"@id\":\"https:\\\/\\\/www.jazzzeitung.de\\\/cms\\\/2023\\\/11\\\/ingolstaedter-jazztage-partys-feierlaune-bei-jazz-in-den-kneipen\\\/#primaryimage\"},\"thumbnailUrl\":\"https:\\\/\\\/i0.wp.com\\\/www.jazzzeitung.de\\\/cms\\\/wp-content\\\/uploads\\\/2023\\\/11\\\/P2680803-Yellowjackets-Foto-TJ-Krebs.jpg?fit=1200%2C800&ssl=1\",\"datePublished\":\"2023-11-14T07:30:15+00:00\",\"breadcrumb\":{\"@id\":\"https:\\\/\\\/www.jazzzeitung.de\\\/cms\\\/2023\\\/11\\\/ingolstaedter-jazztage-partys-feierlaune-bei-jazz-in-den-kneipen\\\/#breadcrumb\"},\"inLanguage\":\"de\",\"potentialAction\":[{\"@type\":\"ReadAction\",\"target\":[\"https:\\\/\\\/www.jazzzeitung.de\\\/cms\\\/2023\\\/11\\\/ingolstaedter-jazztage-partys-feierlaune-bei-jazz-in-den-kneipen\\\/\"]}]},{\"@type\":\"ImageObject\",\"inLanguage\":\"de\",\"@id\":\"https:\\\/\\\/www.jazzzeitung.de\\\/cms\\\/2023\\\/11\\\/ingolstaedter-jazztage-partys-feierlaune-bei-jazz-in-den-kneipen\\\/#primaryimage\",\"url\":\"https:\\\/\\\/i0.wp.com\\\/www.jazzzeitung.de\\\/cms\\\/wp-content\\\/uploads\\\/2023\\\/11\\\/P2680803-Yellowjackets-Foto-TJ-Krebs.jpg?fit=1200%2C800&ssl=1\",\"contentUrl\":\"https:\\\/\\\/i0.wp.com\\\/www.jazzzeitung.de\\\/cms\\\/wp-content\\\/uploads\\\/2023\\\/11\\\/P2680803-Yellowjackets-Foto-TJ-Krebs.jpg?fit=1200%2C800&ssl=1\",\"width\":1200,\"height\":800},{\"@type\":\"BreadcrumbList\",\"@id\":\"https:\\\/\\\/www.jazzzeitung.de\\\/cms\\\/2023\\\/11\\\/ingolstaedter-jazztage-partys-feierlaune-bei-jazz-in-den-kneipen\\\/#breadcrumb\",\"itemListElement\":[{\"@type\":\"ListItem\",\"position\":1,\"name\":\"Startseite\",\"item\":\"https:\\\/\\\/www.jazzzeitung.de\\\/cms\\\/\"},{\"@type\":\"ListItem\",\"position\":2,\"name\":\"Ingolst\u00e4dter Jazztage: Partys &#038; Feierlaune bei Jazz in den Kneipen\"}]},{\"@type\":\"WebSite\",\"@id\":\"https:\\\/\\\/www.jazzzeitung.de\\\/cms\\\/#website\",\"url\":\"https:\\\/\\\/www.jazzzeitung.de\\\/cms\\\/\",\"name\":\"JazzZeitung\",\"description\":\"Jazz-News und Jazz-Kontroverses\",\"publisher\":{\"@id\":\"https:\\\/\\\/www.jazzzeitung.de\\\/cms\\\/#organization\"},\"potentialAction\":[{\"@type\":\"SearchAction\",\"target\":{\"@type\":\"EntryPoint\",\"urlTemplate\":\"https:\\\/\\\/www.jazzzeitung.de\\\/cms\\\/?s={search_term_string}\"},\"query-input\":{\"@type\":\"PropertyValueSpecification\",\"valueRequired\":true,\"valueName\":\"search_term_string\"}}],\"inLanguage\":\"de\"},{\"@type\":\"Organization\",\"@id\":\"https:\\\/\\\/www.jazzzeitung.de\\\/cms\\\/#organization\",\"name\":\"JazzZeitung online\",\"url\":\"https:\\\/\\\/www.jazzzeitung.de\\\/cms\\\/\",\"logo\":{\"@type\":\"ImageObject\",\"inLanguage\":\"de\",\"@id\":\"https:\\\/\\\/www.jazzzeitung.de\\\/cms\\\/#\\\/schema\\\/logo\\\/image\\\/\",\"url\":\"https:\\\/\\\/i0.wp.com\\\/www.jazzzeitung.de\\\/cms\\\/wp-content\\\/uploads\\\/2015\\\/08\\\/JAZZZEITUNGDE_Logo_Neu.png?fit=499%2C200&ssl=1\",\"contentUrl\":\"https:\\\/\\\/i0.wp.com\\\/www.jazzzeitung.de\\\/cms\\\/wp-content\\\/uploads\\\/2015\\\/08\\\/JAZZZEITUNGDE_Logo_Neu.png?fit=499%2C200&ssl=1\",\"width\":499,\"height\":200,\"caption\":\"JazzZeitung online\"},\"image\":{\"@id\":\"https:\\\/\\\/www.jazzzeitung.de\\\/cms\\\/#\\\/schema\\\/logo\\\/image\\\/\"},\"sameAs\":[\"https:\\\/\\\/www.facebook.com\\\/JazzZeitung\\\/\"]},{\"@type\":\"Person\",\"@id\":\"https:\\\/\\\/www.jazzzeitung.de\\\/cms\\\/#\\\/schema\\\/person\\\/2245b36b9cd1d24cea10f01c031fb92b\",\"name\":\"Redaktion JazzZeitung\",\"image\":{\"@type\":\"ImageObject\",\"inLanguage\":\"de\",\"@id\":\"https:\\\/\\\/i0.wp.com\\\/www.jazzzeitung.de\\\/cms\\\/wp-content\\\/uploads\\\/2015\\\/08\\\/JAZZZEITUNGDE_Logo_Neu.png?resize=96%2C96&ssl=159975dcacb611b5700bd619b5daf0a7a\",\"url\":\"https:\\\/\\\/i0.wp.com\\\/www.jazzzeitung.de\\\/cms\\\/wp-content\\\/uploads\\\/2015\\\/08\\\/JAZZZEITUNGDE_Logo_Neu.png?resize=96%2C96&ssl=1\",\"contentUrl\":\"https:\\\/\\\/i0.wp.com\\\/www.jazzzeitung.de\\\/cms\\\/wp-content\\\/uploads\\\/2015\\\/08\\\/JAZZZEITUNGDE_Logo_Neu.png?resize=96%2C96&ssl=1\",\"caption\":\"Redaktion JazzZeitung\"},\"description\":\"Artikel der Redaktion der JazzZeitung.\",\"sameAs\":[\"http:\\\/\\\/www.jazzzeitung.de\\\/cms\\\/\"],\"url\":\"https:\\\/\\\/www.jazzzeitung.de\\\/cms\\\/author\\\/redaktion\\\/\"}]}<\/script>\n<!-- \/ Yoast SEO plugin. -->","yoast_head_json":{"title":"Ingolst\u00e4dter Jazztage: Partys & Feierlaune bei Jazz in den Kneipen - JazzZeitung","robots":{"index":"index","follow":"follow","max-snippet":"max-snippet:-1","max-image-preview":"max-image-preview:large","max-video-preview":"max-video-preview:-1"},"canonical":"https:\/\/www.jazzzeitung.de\/cms\/2023\/11\/ingolstaedter-jazztage-partys-feierlaune-bei-jazz-in-den-kneipen\/","og_locale":"de_DE","og_type":"article","og_title":"Ingolst\u00e4dter Jazztage: Partys & Feierlaune bei Jazz in den Kneipen - JazzZeitung","og_description":"Die Ingolst\u00e4dter Jazztage dieses Jahr mit ihrer 40. Ausgabe. Das ist in vielerlei Hinsicht beachtenswert. Zum einen, weil die Veranstaltungen nun zum letzten Mal unter der Leitung von Jan Rottau stattfanden, zum anderen weil ein bew\u00e4hrtes Konzept mal wieder aufgegangen ist. Bleibt abzuwarten, wie sich die Jazztage in der Zukunft entwickeln werden. Einfacher wird es sicherlich nicht. Die legend\u00e4ren Jazzpartys Seit Beginn an pr\u00e4gen die Jazzpartys im NH-Hotel die Ingolst\u00e4dter Jazztage. Auch dieses Jahr gab es wieder ein beachtliches, abwechslungsreiches Lineup. Wie schon in den vergangenen Jahren gab es zwei B\u00fchnen: im Hotelrestaurant und im Triva Tagungsraum. Billy Cobham\u2018 Spectrum 50 bestritt den Auftakt der ersten Jazzparty gleich mit seinem Klassiker \u201eCrosswinds\u201c und hatte das Publikum sofort im Griff. Auf der B\u00fchne im Restaurant feierten die Jazzfans ausgelassen ihre Legende. Trotz des engen Zeitplans gab es nach tosendem Applaus noch eine kurze Zugabe. Die danach auftretenden Yellowjackets hatten es danach nicht leicht. Nach 30 Alben und \u00fcber 40 Jahren B\u00fchnenpr\u00e4senz gab es zwar keine gro\u00dfen musikalischen \u00dcberraschungen, daf\u00fcr soliden Fusion-Jazz garniert mit Evergreens wie \u201eMan Facing North\u201c, \u201eImperial Strut\u201c und als letzten Song die Ballade &hellip;","og_url":"https:\/\/www.jazzzeitung.de\/cms\/2023\/11\/ingolstaedter-jazztage-partys-feierlaune-bei-jazz-in-den-kneipen\/","og_site_name":"JazzZeitung","article_publisher":"https:\/\/www.facebook.com\/JazzZeitung\/","article_published_time":"2023-11-14T07:30:15+00:00","og_image":[{"width":1200,"height":800,"url":"https:\/\/i0.wp.com\/www.jazzzeitung.de\/cms\/wp-content\/uploads\/2023\/11\/P2680803-Yellowjackets-Foto-TJ-Krebs.jpg?fit=1200%2C800&ssl=1","type":"image\/jpeg"}],"author":"Redaktion JazzZeitung","schema":{"@context":"https:\/\/schema.org","@graph":[{"@type":"Article","@id":"https:\/\/www.jazzzeitung.de\/cms\/2023\/11\/ingolstaedter-jazztage-partys-feierlaune-bei-jazz-in-den-kneipen\/#article","isPartOf":{"@id":"https:\/\/www.jazzzeitung.de\/cms\/2023\/11\/ingolstaedter-jazztage-partys-feierlaune-bei-jazz-in-den-kneipen\/"},"author":{"name":"Redaktion JazzZeitung","@id":"https:\/\/www.jazzzeitung.de\/cms\/#\/schema\/person\/2245b36b9cd1d24cea10f01c031fb92b"},"headline":"Ingolst\u00e4dter Jazztage: Partys &#038; Feierlaune bei Jazz in den Kneipen","datePublished":"2023-11-14T07:30:15+00:00","mainEntityOfPage":{"@id":"https:\/\/www.jazzzeitung.de\/cms\/2023\/11\/ingolstaedter-jazztage-partys-feierlaune-bei-jazz-in-den-kneipen\/"},"wordCount":879,"commentCount":0,"publisher":{"@id":"https:\/\/www.jazzzeitung.de\/cms\/#organization"},"image":{"@id":"https:\/\/www.jazzzeitung.de\/cms\/2023\/11\/ingolstaedter-jazztage-partys-feierlaune-bei-jazz-in-den-kneipen\/#primaryimage"},"thumbnailUrl":"https:\/\/i0.wp.com\/www.jazzzeitung.de\/cms\/wp-content\/uploads\/2023\/11\/P2680803-Yellowjackets-Foto-TJ-Krebs.jpg?fit=1200%2C800&ssl=1","keywords":["Afra Kane","Bluey","B\u00f6de","Cobham","Elling","Hunter","Kennedy","Kinga Glyck","Meszelinsky","Mintzer","Ron Minis"],"articleSection":["Bericht","Galerie"],"inLanguage":"de","potentialAction":[{"@type":"CommentAction","name":"Comment","target":["https:\/\/www.jazzzeitung.de\/cms\/2023\/11\/ingolstaedter-jazztage-partys-feierlaune-bei-jazz-in-den-kneipen\/#respond"]}]},{"@type":"WebPage","@id":"https:\/\/www.jazzzeitung.de\/cms\/2023\/11\/ingolstaedter-jazztage-partys-feierlaune-bei-jazz-in-den-kneipen\/","url":"https:\/\/www.jazzzeitung.de\/cms\/2023\/11\/ingolstaedter-jazztage-partys-feierlaune-bei-jazz-in-den-kneipen\/","name":"Ingolst\u00e4dter Jazztage: Partys & Feierlaune bei Jazz in den Kneipen - JazzZeitung","isPartOf":{"@id":"https:\/\/www.jazzzeitung.de\/cms\/#website"},"primaryImageOfPage":{"@id":"https:\/\/www.jazzzeitung.de\/cms\/2023\/11\/ingolstaedter-jazztage-partys-feierlaune-bei-jazz-in-den-kneipen\/#primaryimage"},"image":{"@id":"https:\/\/www.jazzzeitung.de\/cms\/2023\/11\/ingolstaedter-jazztage-partys-feierlaune-bei-jazz-in-den-kneipen\/#primaryimage"},"thumbnailUrl":"https:\/\/i0.wp.com\/www.jazzzeitung.de\/cms\/wp-content\/uploads\/2023\/11\/P2680803-Yellowjackets-Foto-TJ-Krebs.jpg?fit=1200%2C800&ssl=1","datePublished":"2023-11-14T07:30:15+00:00","breadcrumb":{"@id":"https:\/\/www.jazzzeitung.de\/cms\/2023\/11\/ingolstaedter-jazztage-partys-feierlaune-bei-jazz-in-den-kneipen\/#breadcrumb"},"inLanguage":"de","potentialAction":[{"@type":"ReadAction","target":["https:\/\/www.jazzzeitung.de\/cms\/2023\/11\/ingolstaedter-jazztage-partys-feierlaune-bei-jazz-in-den-kneipen\/"]}]},{"@type":"ImageObject","inLanguage":"de","@id":"https:\/\/www.jazzzeitung.de\/cms\/2023\/11\/ingolstaedter-jazztage-partys-feierlaune-bei-jazz-in-den-kneipen\/#primaryimage","url":"https:\/\/i0.wp.com\/www.jazzzeitung.de\/cms\/wp-content\/uploads\/2023\/11\/P2680803-Yellowjackets-Foto-TJ-Krebs.jpg?fit=1200%2C800&ssl=1","contentUrl":"https:\/\/i0.wp.com\/www.jazzzeitung.de\/cms\/wp-content\/uploads\/2023\/11\/P2680803-Yellowjackets-Foto-TJ-Krebs.jpg?fit=1200%2C800&ssl=1","width":1200,"height":800},{"@type":"BreadcrumbList","@id":"https:\/\/www.jazzzeitung.de\/cms\/2023\/11\/ingolstaedter-jazztage-partys-feierlaune-bei-jazz-in-den-kneipen\/#breadcrumb","itemListElement":[{"@type":"ListItem","position":1,"name":"Startseite","item":"https:\/\/www.jazzzeitung.de\/cms\/"},{"@type":"ListItem","position":2,"name":"Ingolst\u00e4dter Jazztage: Partys &#038; Feierlaune bei Jazz in den Kneipen"}]},{"@type":"WebSite","@id":"https:\/\/www.jazzzeitung.de\/cms\/#website","url":"https:\/\/www.jazzzeitung.de\/cms\/","name":"JazzZeitung","description":"Jazz-News und Jazz-Kontroverses","publisher":{"@id":"https:\/\/www.jazzzeitung.de\/cms\/#organization"},"potentialAction":[{"@type":"SearchAction","target":{"@type":"EntryPoint","urlTemplate":"https:\/\/www.jazzzeitung.de\/cms\/?s={search_term_string}"},"query-input":{"@type":"PropertyValueSpecification","valueRequired":true,"valueName":"search_term_string"}}],"inLanguage":"de"},{"@type":"Organization","@id":"https:\/\/www.jazzzeitung.de\/cms\/#organization","name":"JazzZeitung online","url":"https:\/\/www.jazzzeitung.de\/cms\/","logo":{"@type":"ImageObject","inLanguage":"de","@id":"https:\/\/www.jazzzeitung.de\/cms\/#\/schema\/logo\/image\/","url":"https:\/\/i0.wp.com\/www.jazzzeitung.de\/cms\/wp-content\/uploads\/2015\/08\/JAZZZEITUNGDE_Logo_Neu.png?fit=499%2C200&ssl=1","contentUrl":"https:\/\/i0.wp.com\/www.jazzzeitung.de\/cms\/wp-content\/uploads\/2015\/08\/JAZZZEITUNGDE_Logo_Neu.png?fit=499%2C200&ssl=1","width":499,"height":200,"caption":"JazzZeitung online"},"image":{"@id":"https:\/\/www.jazzzeitung.de\/cms\/#\/schema\/logo\/image\/"},"sameAs":["https:\/\/www.facebook.com\/JazzZeitung\/"]},{"@type":"Person","@id":"https:\/\/www.jazzzeitung.de\/cms\/#\/schema\/person\/2245b36b9cd1d24cea10f01c031fb92b","name":"Redaktion JazzZeitung","image":{"@type":"ImageObject","inLanguage":"de","@id":"https:\/\/i0.wp.com\/www.jazzzeitung.de\/cms\/wp-content\/uploads\/2015\/08\/JAZZZEITUNGDE_Logo_Neu.png?resize=96%2C96&ssl=159975dcacb611b5700bd619b5daf0a7a","url":"https:\/\/i0.wp.com\/www.jazzzeitung.de\/cms\/wp-content\/uploads\/2015\/08\/JAZZZEITUNGDE_Logo_Neu.png?resize=96%2C96&ssl=1","contentUrl":"https:\/\/i0.wp.com\/www.jazzzeitung.de\/cms\/wp-content\/uploads\/2015\/08\/JAZZZEITUNGDE_Logo_Neu.png?resize=96%2C96&ssl=1","caption":"Redaktion JazzZeitung"},"description":"Artikel der Redaktion der JazzZeitung.","sameAs":["http:\/\/www.jazzzeitung.de\/cms\/"],"url":"https:\/\/www.jazzzeitung.de\/cms\/author\/redaktion\/"}]}},"wp-worthy-pixel":{"ignored":false,"public":null,"server":null,"url":null},"wp-worthy-type":"normal","jetpack_publicize_connections":[],"cc_featured_image_caption":{"caption_text":"","source_text":"","source_url":""},"jetpack_featured_media_url":"https:\/\/i0.wp.com\/www.jazzzeitung.de\/cms\/wp-content\/uploads\/2023\/11\/P2680803-Yellowjackets-Foto-TJ-Krebs.jpg?fit=1200%2C800&ssl=1","jetpack_shortlink":"https:\/\/wp.me\/p3KEcT-7So","jetpack-related-posts":[{"id":30129,"url":"https:\/\/www.jazzzeitung.de\/cms\/2023\/10\/news40-jahre-ingolstaedter-jazztage-das-jubilaeumsprogramm\/","url_meta":{"origin":30280,"position":0},"title":"+++News:+++40 Jahre Ingolst\u00e4dter Jazztage &#8211; das Jubil\u00e4umsprogramm+++","author":"Redaktion JazzZeitung","date":"11. Oktober 2023","format":false,"excerpt":"Die Ingolst\u00e4dter Jazztage feiern dieses Jahr ihr 40-j\u00e4hriges Jubil\u00e4um. Unabh\u00e4ngig von dieser Kontinuit\u00e4t, sind die Jazztage mittlerweile das musikalische Aush\u00e4ngeschild der Stadt. Die ganze Stadt swingt in den Wochen w\u00e4hrend des Festivals. In mehr als f\u00fcnfundzwanzig Locations wird Ingolstadt ab dem 21. Oktober, jazzen, rocken, es wird gedanced und schwei\u00dftreibender\u2026","rel":"","context":"In &quot;News&quot;","block_context":{"text":"News","link":"https:\/\/www.jazzzeitung.de\/cms\/thema\/nachrichten\/"},"img":{"alt_text":"","src":"https:\/\/i0.wp.com\/www.jazzzeitung.de\/cms\/wp-content\/uploads\/2023\/10\/Jazztage_Josef-Heinl_02-%C2%A9-Alexander-Schuktuew-scaled-1.jpg?fit=1200%2C800&ssl=1&resize=350%2C200","width":350,"height":200,"srcset":"https:\/\/i0.wp.com\/www.jazzzeitung.de\/cms\/wp-content\/uploads\/2023\/10\/Jazztage_Josef-Heinl_02-%C2%A9-Alexander-Schuktuew-scaled-1.jpg?fit=1200%2C800&ssl=1&resize=350%2C200 1x, https:\/\/i0.wp.com\/www.jazzzeitung.de\/cms\/wp-content\/uploads\/2023\/10\/Jazztage_Josef-Heinl_02-%C2%A9-Alexander-Schuktuew-scaled-1.jpg?fit=1200%2C800&ssl=1&resize=525%2C300 1.5x, https:\/\/i0.wp.com\/www.jazzzeitung.de\/cms\/wp-content\/uploads\/2023\/10\/Jazztage_Josef-Heinl_02-%C2%A9-Alexander-Schuktuew-scaled-1.jpg?fit=1200%2C800&ssl=1&resize=700%2C400 2x, https:\/\/i0.wp.com\/www.jazzzeitung.de\/cms\/wp-content\/uploads\/2023\/10\/Jazztage_Josef-Heinl_02-%C2%A9-Alexander-Schuktuew-scaled-1.jpg?fit=1200%2C800&ssl=1&resize=1050%2C600 3x"},"classes":[]},{"id":33155,"url":"https:\/\/www.jazzzeitung.de\/cms\/2025\/10\/tradition-innovation-vorbericht-zu-den-ingolstaedter-jazztagen-2025\/","url_meta":{"origin":30280,"position":1},"title":"Tradition &#038; Innovation: Vorbericht zu den Ingolst\u00e4dter Jazztagen 2025","author":"Thomas J. Krebs","date":"9. Oktober 2025","format":false,"excerpt":"Alle Jahre wieder wenn es Herbst wird, k\u00fchl und grau, stehen die Ingolst\u00e4dter Jazztage ins Haus. So auch dieses Jahr zum 42. mal vom 04. bis 15. November, unter der k\u00fcnstlerischen Leitung von Wolfgang Haffner, mit einem abwechslungsreichen Programm das spannenden Jazz, die Grenzbereiche Soul,\u00a0 Latin, Pop oder Weltmusik auslotet\u2026","rel":"","context":"In &quot;News&quot;","block_context":{"text":"News","link":"https:\/\/www.jazzzeitung.de\/cms\/thema\/nachrichten\/"},"img":{"alt_text":"","src":"https:\/\/i0.wp.com\/www.jazzzeitung.de\/cms\/wp-content\/uploads\/2025\/10\/P2536832-Wright-Foto-TJ-Krebs.jpg?fit=1200%2C800&ssl=1&resize=350%2C200","width":350,"height":200,"srcset":"https:\/\/i0.wp.com\/www.jazzzeitung.de\/cms\/wp-content\/uploads\/2025\/10\/P2536832-Wright-Foto-TJ-Krebs.jpg?fit=1200%2C800&ssl=1&resize=350%2C200 1x, https:\/\/i0.wp.com\/www.jazzzeitung.de\/cms\/wp-content\/uploads\/2025\/10\/P2536832-Wright-Foto-TJ-Krebs.jpg?fit=1200%2C800&ssl=1&resize=525%2C300 1.5x, https:\/\/i0.wp.com\/www.jazzzeitung.de\/cms\/wp-content\/uploads\/2025\/10\/P2536832-Wright-Foto-TJ-Krebs.jpg?fit=1200%2C800&ssl=1&resize=700%2C400 2x, https:\/\/i0.wp.com\/www.jazzzeitung.de\/cms\/wp-content\/uploads\/2025\/10\/P2536832-Wright-Foto-TJ-Krebs.jpg?fit=1200%2C800&ssl=1&resize=1050%2C600 3x"},"classes":[]},{"id":6738,"url":"https:\/\/www.jazzzeitung.de\/cms\/2015\/07\/ingolstaedter-jazzfoerderpreis-2015-geht-matthias-hetzer\/","url_meta":{"origin":30280,"position":2},"title":"Ingolst\u00e4dter Jazzf\u00f6rderpreis 2015 geht an Matthias Hetzer","author":"Redaktion JazzZeitung","date":"29. Juli 2015","format":false,"excerpt":"Die Ingolst\u00e4dter Jazztage stehen nicht nur f\u00fcr Konzerterlebnisse mit internationalen Jazzstars, sondern auch f\u00fcr aktive Nachwuchs-F\u00f6rderung. Aus diesem Grunde verleihen die Veranstalter in jedem Jahr den Jazzf\u00f6rderpreis der Stadt Ingolstadt \u2013 gef\u00f6rdert von der Sparkasse Ingolstadt und Media-Saturn. In diesem Jahr w\u00fcrdigt die hochkar\u00e4tig besetzte Jury den 21-j\u00e4hrigen Schlagzeuger Matthias\u2026","rel":"","context":"In &quot;News&quot;","block_context":{"text":"News","link":"https:\/\/www.jazzzeitung.de\/cms\/thema\/nachrichten\/"},"img":{"alt_text":"Matthias Hetzer. Foto: Ingolst\u00e4dter Jazztage\/Tob","src":"https:\/\/i0.wp.com\/www.jazzzeitung.de\/cms\/wp-content\/uploads\/2015\/07\/MatthiasHetzer_by_Tob52EA5-150x150.jpg?resize=350%2C200","width":350,"height":200},"classes":[]},{"id":13209,"url":"https:\/\/www.jazzzeitung.de\/cms\/2017\/08\/ingolstaedter-jazzfoerderpreis-2017-geht-an-benedikt-streicher\/","url_meta":{"origin":30280,"position":3},"title":"Ingolst\u00e4dter Jazzf\u00f6rderpreis 2017 geht an Benedikt Streicher","author":"Redaktion JazzZeitung","date":"5. August 2017","format":false,"excerpt":"Mit dem Jazzf\u00f6rderpreis w\u00fcrdigt die Stadt Ingolstadt seit \u00fcber zwanzig Jahren herausragende Talente der Region. In diesem Jahr geht die renommierte Auszeichnung an den jungen Ingolst\u00e4dter Komponisten und Pianisten Benedikt Streicher. Die Verleihung des mit 5.000 Euro dotierten Ingolst\u00e4dter Jazzf\u00f6rderpreises findet am Samstag, 21. Oktober, um 20 Uhr im Kulturzentrum\u2026","rel":"","context":"In &quot;News&quot;","block_context":{"text":"News","link":"https:\/\/www.jazzzeitung.de\/cms\/thema\/nachrichten\/"},"img":{"alt_text":"","src":"https:\/\/i0.wp.com\/www.jazzzeitung.de\/cms\/wp-content\/uploads\/2017\/08\/Benedikt_Streicher_1-150x150.jpg?resize=350%2C200&ssl=1","width":350,"height":200},"classes":[]},{"id":9741,"url":"https:\/\/www.jazzzeitung.de\/cms\/2016\/08\/ingolstaedter-jazzfoerderpreis-2016-geht-simon-mack\/","url_meta":{"origin":30280,"position":4},"title":"Ingolst\u00e4dter Jazzf\u00f6rderpreis 2016 geht an Simon Mack","author":"Redaktion JazzZeitung","date":"1. August 2016","format":false,"excerpt":"Mit dem Jazzf\u00f6rderpreis w\u00fcrdigt die Stadt Ingolstadt seit \u00fcber 20 Jahren herausragende Talente der Region. In diesem Jahr geht die renommierte Auszeichnung an den Pianisten Simon Mack. Die offizielle Preisverleihung findet am 15. Oktober im Kulturzentrum neun statt \u2013 das anschlie\u00dfende Konzert markiert den Startschuss f\u00fcr die 33. Ingolst\u00e4dter Jazztage.\u2026","rel":"","context":"In &quot;News&quot;","block_context":{"text":"News","link":"https:\/\/www.jazzzeitung.de\/cms\/thema\/nachrichten\/"},"img":{"alt_text":"SimonMack_2","src":"https:\/\/i0.wp.com\/www.jazzzeitung.de\/cms\/wp-content\/uploads\/2016\/08\/SimonMack_2-150x150.jpg?resize=350%2C200","width":350,"height":200},"classes":[]},{"id":6707,"url":"https:\/\/www.jazzzeitung.de\/cms\/2015\/08\/arte-zeigt-mr-dynamite-rise-james-brown-32-ingolstaedter-jazztage-2015-sara-decker-group-gewinnt-european-jazz-awards-italien\/","url_meta":{"origin":30280,"position":5},"title":"+++ News +++ ARTE zeigt \u201eMr. Dynamite: The rise of James Brown\u201c +++ 32. Ingolst\u00e4dter Jazztage 2015 +++ &#8222;Sara Decker Group&#8220; gewinnt European Jazz Awards in Italien +++","author":"Redaktion JazzZeitung","date":"4. August 2015","format":false,"excerpt":"+++ ARTE zeigt \u201eMr. Dynamite: The rise of James Brown\u201c am Samstag, den 12. September 2015, um 21.50 Uhr Selfmademan, energievoller Performer und perfektionistischer Tyrann \u2013 das alles ist James Brown. Der von Mick Jagger produzierte Dokumentarfilm zeigt Browns Weg aus \u00e4rmlichen Verh\u00e4ltnissen zum Godfather of Soul. Es kommen ehemalige\u2026","rel":"","context":"In &quot;News&quot;","block_context":{"text":"News","link":"https:\/\/www.jazzzeitung.de\/cms\/thema\/nachrichten\/"},"img":{"alt_text":"Bildrechte: \u00a9 Emilio Gross i\/Courtesy of HBO","src":"https:\/\/i0.wp.com\/www.jazzzeitung.de\/cms\/wp-content\/uploads\/2015\/08\/the-rise-of-james-brown.pdf-Adobe-Acrobat-Pro-150x150.jpg?resize=350%2C200","width":350,"height":200},"classes":[]}],"jetpack_sharing_enabled":true,"_links":{"self":[{"href":"https:\/\/www.jazzzeitung.de\/cms\/wp-json\/wp\/v2\/posts\/30280","targetHints":{"allow":["GET"]}}],"collection":[{"href":"https:\/\/www.jazzzeitung.de\/cms\/wp-json\/wp\/v2\/posts"}],"about":[{"href":"https:\/\/www.jazzzeitung.de\/cms\/wp-json\/wp\/v2\/types\/post"}],"author":[{"embeddable":true,"href":"https:\/\/www.jazzzeitung.de\/cms\/wp-json\/wp\/v2\/users\/18"}],"replies":[{"embeddable":true,"href":"https:\/\/www.jazzzeitung.de\/cms\/wp-json\/wp\/v2\/comments?post=30280"}],"version-history":[{"count":6,"href":"https:\/\/www.jazzzeitung.de\/cms\/wp-json\/wp\/v2\/posts\/30280\/revisions"}],"predecessor-version":[{"id":30297,"href":"https:\/\/www.jazzzeitung.de\/cms\/wp-json\/wp\/v2\/posts\/30280\/revisions\/30297"}],"wp:featuredmedia":[{"embeddable":true,"href":"https:\/\/www.jazzzeitung.de\/cms\/wp-json\/wp\/v2\/media\/30282"}],"wp:attachment":[{"href":"https:\/\/www.jazzzeitung.de\/cms\/wp-json\/wp\/v2\/media?parent=30280"}],"wp:term":[{"taxonomy":"category","embeddable":true,"href":"https:\/\/www.jazzzeitung.de\/cms\/wp-json\/wp\/v2\/categories?post=30280"},{"taxonomy":"post_tag","embeddable":true,"href":"https:\/\/www.jazzzeitung.de\/cms\/wp-json\/wp\/v2\/tags?post=30280"},{"taxonomy":"author","embeddable":true,"href":"https:\/\/www.jazzzeitung.de\/cms\/wp-json\/wp\/v2\/coauthors?post=30280"}],"curies":[{"name":"wp","href":"https:\/\/api.w.org\/{rel}","templated":true}]}}