{"id":30227,"date":"2023-11-04T07:01:23","date_gmt":"2023-11-04T06:01:23","guid":{"rendered":"https:\/\/www.jazzzeitung.de\/cms\/?p=30227"},"modified":"2023-11-03T14:04:29","modified_gmt":"2023-11-03T13:04:29","slug":"bemerkenswert-4-wheel-drive-in-der-isarphilharmonie","status":"publish","type":"post","link":"https:\/\/www.jazzzeitung.de\/cms\/2023\/11\/bemerkenswert-4-wheel-drive-in-der-isarphilharmonie\/","title":{"rendered":"Bemerkenswert: 4 Wheel Drive in der Isarphilharmonie"},"content":{"rendered":"<p><strong>Das Konzert am 1. November 2023 war in mehrfacher Hinsicht bemerkenswert. Zum Ersten war die Isarphilharmonie nahezu ausverkauft. Nur mit suchendem Blick in hintere Reihen konnte man noch ein paar leere Pl\u00e4tze entdecken. Die Erz\u00e4hlung, Jazz abseits der internationalen Superstars sei nicht mehrheitsf\u00e4hig, wurde daher zumindest mit diesem Abend nonchalant widerlegt. Zweitens brachten Nils Landgren, Michael Wollny, Lars Danielsson und Wolfgang Haffner mit lachender Leichtigkeit gerne antagonistisch verstandene Lager zusammen. Viele ihrer St\u00fccke hatten Wurzeln im Pop. Sie adaptierten Songs von Simon &amp; Garfunkel, Elton John, Phil Collins und \u00fcberf\u00fchrten sie in einen weiter gefassten Kontext, wo akustische Arrangements und improvisierende Variationen dem eigentlichen Ohrwurm andere Gestaltungsfacetten hinzuf\u00fcgten.<\/strong><\/p>\n<div class=\"tiled-gallery type-rectangular tiled-gallery-unresized\" data-original-width=\"840\" data-carousel-extra='{&quot;blog_id&quot;:1,&quot;permalink&quot;:&quot;https:\\\/\\\/www.jazzzeitung.de\\\/cms\\\/2023\\\/11\\\/bemerkenswert-4-wheel-drive-in-der-isarphilharmonie\\\/&quot;,&quot;likes_blog_id&quot;:55446655}' itemscope itemtype=\"http:\/\/schema.org\/ImageGallery\" > <div class=\"gallery-row\" style=\"width: 840px; height: 375px;\" data-original-width=\"840\" data-original-height=\"375\" > <div class=\"gallery-group images-1\" style=\"width: 561px; height: 375px;\" data-original-width=\"561\" data-original-height=\"375\" > <div class=\"tiled-gallery-item tiled-gallery-item-large\" itemprop=\"associatedMedia\" itemscope itemtype=\"http:\/\/schema.org\/ImageObject\"> <a href=\"https:\/\/www.jazzzeitung.de\/cms\/2023\/11\/bemerkenswert-4-wheel-drive-in-der-isarphilharmonie\/dsc02505\/\" border=\"0\" itemprop=\"url\"> <meta itemprop=\"width\" content=\"557\"> <meta itemprop=\"height\" content=\"371\"> <img decoding=\"async\" class=\"\" data-attachment-id=\"30236\" data-orig-file=\"https:\/\/www.jazzzeitung.de\/cms\/wp-content\/uploads\/2023\/11\/DSC02505-scaled.jpg\" data-orig-size=\"2560,1707\" data-comments-opened=\"1\" data-image-meta=\"{&quot;aperture&quot;:&quot;6.3&quot;,&quot;credit&quot;:&quot;&quot;,&quot;camera&quot;:&quot;ILCE-7M4&quot;,&quot;caption&quot;:&quot;4 Wheel Drive, Wollny, Danielsson, Landgren, Haffner, Isarphilharmonie, Photo (c) Ralf Dombrowski&quot;,&quot;created_timestamp&quot;:&quot;1698869920&quot;,&quot;copyright&quot;:&quot;&quot;,&quot;focal_length&quot;:&quot;256&quot;,&quot;iso&quot;:&quot;3200&quot;,&quot;shutter_speed&quot;:&quot;0.005&quot;,&quot;title&quot;:&quot;&quot;,&quot;orientation&quot;:&quot;1&quot;}\" data-image-title=\"\" data-image-description=\"\" data-medium-file=\"https:\/\/i0.wp.com\/www.jazzzeitung.de\/cms\/wp-content\/uploads\/2023\/11\/DSC02505-scaled.jpg?fit=300%2C200&#038;ssl=1\" data-large-file=\"https:\/\/i0.wp.com\/www.jazzzeitung.de\/cms\/wp-content\/uploads\/2023\/11\/DSC02505-scaled.jpg?fit=840%2C560&#038;ssl=1\" src=\"https:\/\/i0.wp.com\/www.jazzzeitung.de\/cms\/wp-content\/uploads\/2023\/11\/DSC02505-scaled.jpg?w=557&#038;h=371&#038;ssl=1\" srcset=\"https:\/\/i0.wp.com\/www.jazzzeitung.de\/cms\/wp-content\/uploads\/2023\/11\/DSC02505-scaled.jpg?w=2560&amp;ssl=1 2560w, https:\/\/i0.wp.com\/www.jazzzeitung.de\/cms\/wp-content\/uploads\/2023\/11\/DSC02505-scaled.jpg?resize=300%2C200&amp;ssl=1 300w, https:\/\/i0.wp.com\/www.jazzzeitung.de\/cms\/wp-content\/uploads\/2023\/11\/DSC02505-scaled.jpg?resize=900%2C600&amp;ssl=1 900w, https:\/\/i0.wp.com\/www.jazzzeitung.de\/cms\/wp-content\/uploads\/2023\/11\/DSC02505-scaled.jpg?resize=768%2C512&amp;ssl=1 768w, https:\/\/i0.wp.com\/www.jazzzeitung.de\/cms\/wp-content\/uploads\/2023\/11\/DSC02505-scaled.jpg?resize=1536%2C1024&amp;ssl=1 1536w, https:\/\/i0.wp.com\/www.jazzzeitung.de\/cms\/wp-content\/uploads\/2023\/11\/DSC02505-scaled.jpg?resize=2048%2C1365&amp;ssl=1 2048w, https:\/\/i0.wp.com\/www.jazzzeitung.de\/cms\/wp-content\/uploads\/2023\/11\/DSC02505-scaled.jpg?resize=120%2C80&amp;ssl=1 120w, https:\/\/i0.wp.com\/www.jazzzeitung.de\/cms\/wp-content\/uploads\/2023\/11\/DSC02505-scaled.jpg?resize=1320%2C880&amp;ssl=1 1320w, https:\/\/i0.wp.com\/www.jazzzeitung.de\/cms\/wp-content\/uploads\/2023\/11\/DSC02505-scaled.jpg?w=1680&amp;ssl=1 1680w\" width=\"557\" height=\"371\" loading=\"lazy\" data-original-width=\"557\" data-original-height=\"371\" itemprop=\"http:\/\/schema.org\/image\" title=\"\" alt=\"Michael Wollny. Foto: Ralf Dombrowski\" style=\"width: 557px; height: 371px;\" \/> <\/a> <div class=\"tiled-gallery-caption\" itemprop=\"caption description\"> Michael Wollny. Foto: Ralf Dombrowski <\/div> <\/div> <\/div> <!-- close group --> <div class=\"gallery-group images-2\" style=\"width: 279px; height: 375px;\" data-original-width=\"279\" data-original-height=\"375\" > <div class=\"tiled-gallery-item tiled-gallery-item-large\" itemprop=\"associatedMedia\" itemscope itemtype=\"http:\/\/schema.org\/ImageObject\"> <a href=\"https:\/\/www.jazzzeitung.de\/cms\/2023\/11\/bemerkenswert-4-wheel-drive-in-der-isarphilharmonie\/dsc02375\/\" border=\"0\" itemprop=\"url\"> <meta itemprop=\"width\" content=\"275\"> <meta itemprop=\"height\" content=\"184\"> <img decoding=\"async\" class=\"\" data-attachment-id=\"30235\" data-orig-file=\"https:\/\/www.jazzzeitung.de\/cms\/wp-content\/uploads\/2023\/11\/DSC02375-scaled.jpg\" data-orig-size=\"2560,1707\" data-comments-opened=\"1\" data-image-meta=\"{&quot;aperture&quot;:&quot;5.6&quot;,&quot;credit&quot;:&quot;&quot;,&quot;camera&quot;:&quot;ILCE-7M4&quot;,&quot;caption&quot;:&quot;4 Wheel Drive, Wollny, Danielsson, Landgren, Haffner, Isarphilharmonie, Photo (c) Ralf Dombrowski&quot;,&quot;created_timestamp&quot;:&quot;1698866098&quot;,&quot;copyright&quot;:&quot;&quot;,&quot;focal_length&quot;:&quot;288&quot;,&quot;iso&quot;:&quot;5000&quot;,&quot;shutter_speed&quot;:&quot;0.005&quot;,&quot;title&quot;:&quot;&quot;,&quot;orientation&quot;:&quot;1&quot;}\" data-image-title=\"\" data-image-description=\"\" data-medium-file=\"https:\/\/i0.wp.com\/www.jazzzeitung.de\/cms\/wp-content\/uploads\/2023\/11\/DSC02375-scaled.jpg?fit=300%2C200&#038;ssl=1\" data-large-file=\"https:\/\/i0.wp.com\/www.jazzzeitung.de\/cms\/wp-content\/uploads\/2023\/11\/DSC02375-scaled.jpg?fit=840%2C560&#038;ssl=1\" src=\"https:\/\/i0.wp.com\/www.jazzzeitung.de\/cms\/wp-content\/uploads\/2023\/11\/DSC02375-scaled.jpg?w=275&#038;h=184&#038;ssl=1\" srcset=\"https:\/\/i0.wp.com\/www.jazzzeitung.de\/cms\/wp-content\/uploads\/2023\/11\/DSC02375-scaled.jpg?w=2560&amp;ssl=1 2560w, https:\/\/i0.wp.com\/www.jazzzeitung.de\/cms\/wp-content\/uploads\/2023\/11\/DSC02375-scaled.jpg?resize=300%2C200&amp;ssl=1 300w, https:\/\/i0.wp.com\/www.jazzzeitung.de\/cms\/wp-content\/uploads\/2023\/11\/DSC02375-scaled.jpg?resize=900%2C600&amp;ssl=1 900w, https:\/\/i0.wp.com\/www.jazzzeitung.de\/cms\/wp-content\/uploads\/2023\/11\/DSC02375-scaled.jpg?resize=768%2C512&amp;ssl=1 768w, https:\/\/i0.wp.com\/www.jazzzeitung.de\/cms\/wp-content\/uploads\/2023\/11\/DSC02375-scaled.jpg?resize=1536%2C1024&amp;ssl=1 1536w, https:\/\/i0.wp.com\/www.jazzzeitung.de\/cms\/wp-content\/uploads\/2023\/11\/DSC02375-scaled.jpg?resize=2048%2C1366&amp;ssl=1 2048w, https:\/\/i0.wp.com\/www.jazzzeitung.de\/cms\/wp-content\/uploads\/2023\/11\/DSC02375-scaled.jpg?resize=120%2C80&amp;ssl=1 120w, https:\/\/i0.wp.com\/www.jazzzeitung.de\/cms\/wp-content\/uploads\/2023\/11\/DSC02375-scaled.jpg?resize=1320%2C880&amp;ssl=1 1320w, https:\/\/i0.wp.com\/www.jazzzeitung.de\/cms\/wp-content\/uploads\/2023\/11\/DSC02375-scaled.jpg?w=1680&amp;ssl=1 1680w\" width=\"275\" height=\"184\" loading=\"lazy\" data-original-width=\"275\" data-original-height=\"184\" itemprop=\"http:\/\/schema.org\/image\" title=\"\" alt=\"Wolfgang Haffner. Foto: Ralf Dombrowski\" style=\"width: 275px; height: 184px;\" \/> <\/a> <div class=\"tiled-gallery-caption\" itemprop=\"caption description\"> Wolfgang Haffner. Foto: Ralf Dombrowski <\/div> <\/div> <div class=\"tiled-gallery-item tiled-gallery-item-large\" itemprop=\"associatedMedia\" itemscope itemtype=\"http:\/\/schema.org\/ImageObject\"> <a href=\"https:\/\/www.jazzzeitung.de\/cms\/2023\/11\/bemerkenswert-4-wheel-drive-in-der-isarphilharmonie\/dsc02431-2\/\" border=\"0\" itemprop=\"url\"> <meta itemprop=\"width\" content=\"275\"> <meta itemprop=\"height\" content=\"183\"> <img decoding=\"async\" class=\"\" data-attachment-id=\"30233\" data-orig-file=\"https:\/\/www.jazzzeitung.de\/cms\/wp-content\/uploads\/2023\/11\/DSC02431-scaled.jpg\" data-orig-size=\"2560,1706\" data-comments-opened=\"1\" data-image-meta=\"{&quot;aperture&quot;:&quot;5.6&quot;,&quot;credit&quot;:&quot;&quot;,&quot;camera&quot;:&quot;ILCE-7M4&quot;,&quot;caption&quot;:&quot;4 Wheel Drive, Wollny, Danielsson, Landgren, Haffner, Isarphilharmonie, Photo (c) Ralf Dombrowski&quot;,&quot;created_timestamp&quot;:&quot;1698867148&quot;,&quot;copyright&quot;:&quot;&quot;,&quot;focal_length&quot;:&quot;300&quot;,&quot;iso&quot;:&quot;4000&quot;,&quot;shutter_speed&quot;:&quot;0.005&quot;,&quot;title&quot;:&quot;&quot;,&quot;orientation&quot;:&quot;1&quot;}\" data-image-title=\"\" data-image-description=\"\" data-medium-file=\"https:\/\/i0.wp.com\/www.jazzzeitung.de\/cms\/wp-content\/uploads\/2023\/11\/DSC02431-scaled.jpg?fit=300%2C200&#038;ssl=1\" data-large-file=\"https:\/\/i0.wp.com\/www.jazzzeitung.de\/cms\/wp-content\/uploads\/2023\/11\/DSC02431-scaled.jpg?fit=840%2C560&#038;ssl=1\" src=\"https:\/\/i0.wp.com\/www.jazzzeitung.de\/cms\/wp-content\/uploads\/2023\/11\/DSC02431-scaled.jpg?w=275&#038;h=183&#038;ssl=1\" srcset=\"https:\/\/i0.wp.com\/www.jazzzeitung.de\/cms\/wp-content\/uploads\/2023\/11\/DSC02431-scaled.jpg?w=2560&amp;ssl=1 2560w, https:\/\/i0.wp.com\/www.jazzzeitung.de\/cms\/wp-content\/uploads\/2023\/11\/DSC02431-scaled.jpg?resize=300%2C200&amp;ssl=1 300w, https:\/\/i0.wp.com\/www.jazzzeitung.de\/cms\/wp-content\/uploads\/2023\/11\/DSC02431-scaled.jpg?resize=900%2C600&amp;ssl=1 900w, https:\/\/i0.wp.com\/www.jazzzeitung.de\/cms\/wp-content\/uploads\/2023\/11\/DSC02431-scaled.jpg?resize=768%2C512&amp;ssl=1 768w, https:\/\/i0.wp.com\/www.jazzzeitung.de\/cms\/wp-content\/uploads\/2023\/11\/DSC02431-scaled.jpg?resize=1536%2C1024&amp;ssl=1 1536w, https:\/\/i0.wp.com\/www.jazzzeitung.de\/cms\/wp-content\/uploads\/2023\/11\/DSC02431-scaled.jpg?resize=2048%2C1365&amp;ssl=1 2048w, https:\/\/i0.wp.com\/www.jazzzeitung.de\/cms\/wp-content\/uploads\/2023\/11\/DSC02431-scaled.jpg?resize=120%2C80&amp;ssl=1 120w, https:\/\/i0.wp.com\/www.jazzzeitung.de\/cms\/wp-content\/uploads\/2023\/11\/DSC02431-scaled.jpg?resize=1320%2C880&amp;ssl=1 1320w, https:\/\/i0.wp.com\/www.jazzzeitung.de\/cms\/wp-content\/uploads\/2023\/11\/DSC02431-scaled.jpg?w=1680&amp;ssl=1 1680w\" width=\"275\" height=\"183\" loading=\"lazy\" data-original-width=\"275\" data-original-height=\"183\" itemprop=\"http:\/\/schema.org\/image\" title=\"\" alt=\"Lars Danielsson und Nils Landgren. Foto: Ralf Dombrowski\" style=\"width: 275px; height: 183px;\" \/> <\/a> <div class=\"tiled-gallery-caption\" itemprop=\"caption description\"> Lars Danielsson und Nils Landgren. Foto: Ralf Dombrowski <\/div> <\/div> <\/div> <!-- close group --> <\/div> <!-- close row --> <\/div>\n<h3>Raffinesse als Konzept<\/h3>\n<p>Das Quartett <em>4 Wheel Drive<\/em> schaffte es aber vor allem, bei aller Zug\u00e4nglichkeit die Komplexit\u00e4t nicht zu vergessen. Man erkannte zum Beispiel die Vorlage \u201eSound Of Silence\u201c. Sie war aber zugleich eine feingliedrige, bis in die Nuance raffiniert balancierte Jazzballade, die dem Original weit mehr zutraute als die urspr\u00fcngliche Melancholie des songschreibenden Urbanit\u00e4tsfl\u00fcchtlings. Lars Danielssons Kontrabass wirkte \u00fcber den Abend hinweg im Vergleich zu seinen eigenen Projekten klangfunktional ein wenig blass. Nils Landgren brillierte daf\u00fcr vor allem als Posaunist durch seine famose Melodiest\u00e4rke. Wolfgang Haffners Punch brachte au\u00dferdem zuweilen eine Prise Rock in die Musik. Es war aber vor allem Michael Wollnys stilperspektivische Weite, die das Programm aus dem Rahmen fallen lie\u00df.<\/p>\n<div class=\"tiled-gallery type-rectangular tiled-gallery-unresized\" data-original-width=\"840\" data-carousel-extra='{&quot;blog_id&quot;:1,&quot;permalink&quot;:&quot;https:\\\/\\\/www.jazzzeitung.de\\\/cms\\\/2023\\\/11\\\/bemerkenswert-4-wheel-drive-in-der-isarphilharmonie\\\/&quot;,&quot;likes_blog_id&quot;:55446655}' itemscope itemtype=\"http:\/\/schema.org\/ImageGallery\" > <div class=\"gallery-row\" style=\"width: 840px; height: 375px;\" data-original-width=\"840\" data-original-height=\"375\" > <div class=\"gallery-group images-1\" style=\"width: 561px; height: 375px;\" data-original-width=\"561\" data-original-height=\"375\" > <div class=\"tiled-gallery-item tiled-gallery-item-large\" itemprop=\"associatedMedia\" itemscope itemtype=\"http:\/\/schema.org\/ImageObject\"> <a href=\"https:\/\/www.jazzzeitung.de\/cms\/2023\/11\/bemerkenswert-4-wheel-drive-in-der-isarphilharmonie\/dsc02520-2\/\" border=\"0\" itemprop=\"url\"> <meta itemprop=\"width\" content=\"557\"> <meta itemprop=\"height\" content=\"371\"> <img decoding=\"async\" class=\"\" data-attachment-id=\"30237\" data-orig-file=\"https:\/\/www.jazzzeitung.de\/cms\/wp-content\/uploads\/2023\/11\/DSC02520-scaled.jpg\" data-orig-size=\"2560,1707\" data-comments-opened=\"1\" data-image-meta=\"{&quot;aperture&quot;:&quot;6.3&quot;,&quot;credit&quot;:&quot;&quot;,&quot;camera&quot;:&quot;ILCE-7M4&quot;,&quot;caption&quot;:&quot;4 Wheel Drive, Wollny, Danielsson, Landgren, Haffner, Isarphilharmonie, Photo (c) Ralf Dombrowski&quot;,&quot;created_timestamp&quot;:&quot;1698870225&quot;,&quot;copyright&quot;:&quot;&quot;,&quot;focal_length&quot;:&quot;300&quot;,&quot;iso&quot;:&quot;3200&quot;,&quot;shutter_speed&quot;:&quot;0.005&quot;,&quot;title&quot;:&quot;&quot;,&quot;orientation&quot;:&quot;1&quot;}\" data-image-title=\"\" data-image-description=\"\" data-medium-file=\"https:\/\/i0.wp.com\/www.jazzzeitung.de\/cms\/wp-content\/uploads\/2023\/11\/DSC02520-scaled.jpg?fit=300%2C200&#038;ssl=1\" data-large-file=\"https:\/\/i0.wp.com\/www.jazzzeitung.de\/cms\/wp-content\/uploads\/2023\/11\/DSC02520-scaled.jpg?fit=840%2C560&#038;ssl=1\" src=\"https:\/\/i0.wp.com\/www.jazzzeitung.de\/cms\/wp-content\/uploads\/2023\/11\/DSC02520-scaled.jpg?w=557&#038;h=371&#038;ssl=1\" srcset=\"https:\/\/i0.wp.com\/www.jazzzeitung.de\/cms\/wp-content\/uploads\/2023\/11\/DSC02520-scaled.jpg?w=2560&amp;ssl=1 2560w, https:\/\/i0.wp.com\/www.jazzzeitung.de\/cms\/wp-content\/uploads\/2023\/11\/DSC02520-scaled.jpg?resize=300%2C200&amp;ssl=1 300w, https:\/\/i0.wp.com\/www.jazzzeitung.de\/cms\/wp-content\/uploads\/2023\/11\/DSC02520-scaled.jpg?resize=900%2C600&amp;ssl=1 900w, https:\/\/i0.wp.com\/www.jazzzeitung.de\/cms\/wp-content\/uploads\/2023\/11\/DSC02520-scaled.jpg?resize=768%2C512&amp;ssl=1 768w, https:\/\/i0.wp.com\/www.jazzzeitung.de\/cms\/wp-content\/uploads\/2023\/11\/DSC02520-scaled.jpg?resize=1536%2C1024&amp;ssl=1 1536w, https:\/\/i0.wp.com\/www.jazzzeitung.de\/cms\/wp-content\/uploads\/2023\/11\/DSC02520-scaled.jpg?resize=2048%2C1365&amp;ssl=1 2048w, https:\/\/i0.wp.com\/www.jazzzeitung.de\/cms\/wp-content\/uploads\/2023\/11\/DSC02520-scaled.jpg?resize=120%2C80&amp;ssl=1 120w, https:\/\/i0.wp.com\/www.jazzzeitung.de\/cms\/wp-content\/uploads\/2023\/11\/DSC02520-scaled.jpg?resize=1320%2C880&amp;ssl=1 1320w, https:\/\/i0.wp.com\/www.jazzzeitung.de\/cms\/wp-content\/uploads\/2023\/11\/DSC02520-scaled.jpg?w=1680&amp;ssl=1 1680w\" width=\"557\" height=\"371\" loading=\"lazy\" data-original-width=\"557\" data-original-height=\"371\" itemprop=\"http:\/\/schema.org\/image\" title=\"\" alt=\"Wolfgang Haffner. Foto: Ralf Dombrowski\" style=\"width: 557px; height: 371px;\" \/> <\/a> <div class=\"tiled-gallery-caption\" itemprop=\"caption description\"> Wolfgang Haffner. Foto: Ralf Dombrowski <\/div> <\/div> <\/div> <!-- close group --> <div class=\"gallery-group images-2\" style=\"width: 279px; height: 375px;\" data-original-width=\"279\" data-original-height=\"375\" > <div class=\"tiled-gallery-item tiled-gallery-item-large\" itemprop=\"associatedMedia\" itemscope itemtype=\"http:\/\/schema.org\/ImageObject\"> <a href=\"https:\/\/www.jazzzeitung.de\/cms\/2023\/11\/bemerkenswert-4-wheel-drive-in-der-isarphilharmonie\/dsc02439\/\" border=\"0\" itemprop=\"url\"> <meta itemprop=\"width\" content=\"275\"> <meta itemprop=\"height\" content=\"184\"> <img decoding=\"async\" class=\"\" data-attachment-id=\"30234\" data-orig-file=\"https:\/\/www.jazzzeitung.de\/cms\/wp-content\/uploads\/2023\/11\/DSC02439-scaled.jpg\" data-orig-size=\"2560,1707\" data-comments-opened=\"1\" data-image-meta=\"{&quot;aperture&quot;:&quot;5&quot;,&quot;credit&quot;:&quot;&quot;,&quot;camera&quot;:&quot;ILCE-7M4&quot;,&quot;caption&quot;:&quot;4 Wheel Drive, Wollny, Danielsson, Landgren, Haffner, Isarphilharmonie, Photo (c) Ralf Dombrowski&quot;,&quot;created_timestamp&quot;:&quot;1698867438&quot;,&quot;copyright&quot;:&quot;&quot;,&quot;focal_length&quot;:&quot;105&quot;,&quot;iso&quot;:&quot;6400&quot;,&quot;shutter_speed&quot;:&quot;0.005&quot;,&quot;title&quot;:&quot;&quot;,&quot;orientation&quot;:&quot;1&quot;}\" data-image-title=\"\" data-image-description=\"\" data-medium-file=\"https:\/\/i0.wp.com\/www.jazzzeitung.de\/cms\/wp-content\/uploads\/2023\/11\/DSC02439-scaled.jpg?fit=300%2C200&#038;ssl=1\" data-large-file=\"https:\/\/i0.wp.com\/www.jazzzeitung.de\/cms\/wp-content\/uploads\/2023\/11\/DSC02439-scaled.jpg?fit=840%2C560&#038;ssl=1\" src=\"https:\/\/i0.wp.com\/www.jazzzeitung.de\/cms\/wp-content\/uploads\/2023\/11\/DSC02439-scaled.jpg?w=275&#038;h=184&#038;ssl=1\" srcset=\"https:\/\/i0.wp.com\/www.jazzzeitung.de\/cms\/wp-content\/uploads\/2023\/11\/DSC02439-scaled.jpg?w=2560&amp;ssl=1 2560w, https:\/\/i0.wp.com\/www.jazzzeitung.de\/cms\/wp-content\/uploads\/2023\/11\/DSC02439-scaled.jpg?resize=300%2C200&amp;ssl=1 300w, https:\/\/i0.wp.com\/www.jazzzeitung.de\/cms\/wp-content\/uploads\/2023\/11\/DSC02439-scaled.jpg?resize=900%2C600&amp;ssl=1 900w, https:\/\/i0.wp.com\/www.jazzzeitung.de\/cms\/wp-content\/uploads\/2023\/11\/DSC02439-scaled.jpg?resize=768%2C512&amp;ssl=1 768w, https:\/\/i0.wp.com\/www.jazzzeitung.de\/cms\/wp-content\/uploads\/2023\/11\/DSC02439-scaled.jpg?resize=1536%2C1024&amp;ssl=1 1536w, https:\/\/i0.wp.com\/www.jazzzeitung.de\/cms\/wp-content\/uploads\/2023\/11\/DSC02439-scaled.jpg?resize=2048%2C1365&amp;ssl=1 2048w, https:\/\/i0.wp.com\/www.jazzzeitung.de\/cms\/wp-content\/uploads\/2023\/11\/DSC02439-scaled.jpg?resize=120%2C80&amp;ssl=1 120w, https:\/\/i0.wp.com\/www.jazzzeitung.de\/cms\/wp-content\/uploads\/2023\/11\/DSC02439-scaled.jpg?resize=1320%2C880&amp;ssl=1 1320w, https:\/\/i0.wp.com\/www.jazzzeitung.de\/cms\/wp-content\/uploads\/2023\/11\/DSC02439-scaled.jpg?w=1680&amp;ssl=1 1680w\" width=\"275\" height=\"184\" loading=\"lazy\" data-original-width=\"275\" data-original-height=\"184\" itemprop=\"http:\/\/schema.org\/image\" title=\"\" alt=\"4 Wheel Drive mit Wollny, Danielsson, Landgren und Haffner in der Isarphilharmonie. Foto: Ralf Dombrowski\" style=\"width: 275px; height: 184px;\" \/> <\/a> <div class=\"tiled-gallery-caption\" itemprop=\"caption description\"> 4 Wheel Drive mit Wollny, Danielsson, Landgren und Haffner in der Isarphilharmonie. Foto: Ralf Dombrowski <\/div> <\/div> <div class=\"tiled-gallery-item tiled-gallery-item-large\" itemprop=\"associatedMedia\" itemscope itemtype=\"http:\/\/schema.org\/ImageObject\"> <a href=\"https:\/\/www.jazzzeitung.de\/cms\/2023\/11\/bemerkenswert-4-wheel-drive-in-der-isarphilharmonie\/dsc02350\/\" border=\"0\" itemprop=\"url\"> <meta itemprop=\"width\" content=\"275\"> <meta itemprop=\"height\" content=\"183\"> <img decoding=\"async\" class=\"\" data-attachment-id=\"30232\" data-orig-file=\"https:\/\/www.jazzzeitung.de\/cms\/wp-content\/uploads\/2023\/11\/DSC02350-scaled.jpg\" data-orig-size=\"2560,1707\" data-comments-opened=\"1\" data-image-meta=\"{&quot;aperture&quot;:&quot;5.6&quot;,&quot;credit&quot;:&quot;&quot;,&quot;camera&quot;:&quot;ILCE-7M4&quot;,&quot;caption&quot;:&quot;4 Wheel Drive, Wollny, Danielsson, Landgren, Haffner, Isarphilharmonie, Photo (c) Ralf Dombrowski&quot;,&quot;created_timestamp&quot;:&quot;1698866006&quot;,&quot;copyright&quot;:&quot;&quot;,&quot;focal_length&quot;:&quot;300&quot;,&quot;iso&quot;:&quot;2500&quot;,&quot;shutter_speed&quot;:&quot;0.00625&quot;,&quot;title&quot;:&quot;&quot;,&quot;orientation&quot;:&quot;1&quot;}\" data-image-title=\"\" data-image-description=\"\" data-medium-file=\"https:\/\/i0.wp.com\/www.jazzzeitung.de\/cms\/wp-content\/uploads\/2023\/11\/DSC02350-scaled.jpg?fit=300%2C200&#038;ssl=1\" data-large-file=\"https:\/\/i0.wp.com\/www.jazzzeitung.de\/cms\/wp-content\/uploads\/2023\/11\/DSC02350-scaled.jpg?fit=840%2C560&#038;ssl=1\" src=\"https:\/\/i0.wp.com\/www.jazzzeitung.de\/cms\/wp-content\/uploads\/2023\/11\/DSC02350-scaled.jpg?w=275&#038;h=183&#038;ssl=1\" srcset=\"https:\/\/i0.wp.com\/www.jazzzeitung.de\/cms\/wp-content\/uploads\/2023\/11\/DSC02350-scaled.jpg?w=2560&amp;ssl=1 2560w, https:\/\/i0.wp.com\/www.jazzzeitung.de\/cms\/wp-content\/uploads\/2023\/11\/DSC02350-scaled.jpg?resize=300%2C200&amp;ssl=1 300w, https:\/\/i0.wp.com\/www.jazzzeitung.de\/cms\/wp-content\/uploads\/2023\/11\/DSC02350-scaled.jpg?resize=900%2C600&amp;ssl=1 900w, https:\/\/i0.wp.com\/www.jazzzeitung.de\/cms\/wp-content\/uploads\/2023\/11\/DSC02350-scaled.jpg?resize=768%2C512&amp;ssl=1 768w, https:\/\/i0.wp.com\/www.jazzzeitung.de\/cms\/wp-content\/uploads\/2023\/11\/DSC02350-scaled.jpg?resize=1536%2C1024&amp;ssl=1 1536w, https:\/\/i0.wp.com\/www.jazzzeitung.de\/cms\/wp-content\/uploads\/2023\/11\/DSC02350-scaled.jpg?resize=2048%2C1365&amp;ssl=1 2048w, https:\/\/i0.wp.com\/www.jazzzeitung.de\/cms\/wp-content\/uploads\/2023\/11\/DSC02350-scaled.jpg?resize=120%2C80&amp;ssl=1 120w, https:\/\/i0.wp.com\/www.jazzzeitung.de\/cms\/wp-content\/uploads\/2023\/11\/DSC02350-scaled.jpg?resize=1320%2C880&amp;ssl=1 1320w, https:\/\/i0.wp.com\/www.jazzzeitung.de\/cms\/wp-content\/uploads\/2023\/11\/DSC02350-scaled.jpg?w=1680&amp;ssl=1 1680w\" width=\"275\" height=\"183\" loading=\"lazy\" data-original-width=\"275\" data-original-height=\"183\" itemprop=\"http:\/\/schema.org\/image\" title=\"\" alt=\"Lars Danielsson und Nils Landgren. Foto: Ralf Dombrowski\" style=\"width: 275px; height: 183px;\" \/> <\/a> <div class=\"tiled-gallery-caption\" itemprop=\"caption description\"> Lars Danielsson und Nils Landgren. Foto: Ralf Dombrowski <\/div> <\/div> <\/div> <!-- close group --> <\/div> <!-- close row --> <div class=\"gallery-row\" style=\"width: 840px; height: 561px;\" data-original-width=\"840\" data-original-height=\"561\" > <div class=\"gallery-group images-1\" style=\"width: 840px; height: 561px;\" data-original-width=\"840\" data-original-height=\"561\" > <div class=\"tiled-gallery-item tiled-gallery-item-large\" itemprop=\"associatedMedia\" itemscope itemtype=\"http:\/\/schema.org\/ImageObject\"> <a href=\"https:\/\/www.jazzzeitung.de\/cms\/2023\/11\/bemerkenswert-4-wheel-drive-in-der-isarphilharmonie\/dsc02342-arbeitskopie-2\/\" border=\"0\" itemprop=\"url\"> <meta itemprop=\"width\" content=\"836\"> <meta itemprop=\"height\" content=\"557\"> <img decoding=\"async\" class=\"\" data-attachment-id=\"30231\" data-orig-file=\"https:\/\/www.jazzzeitung.de\/cms\/wp-content\/uploads\/2023\/11\/DSC02342-Arbeitskopie-2-scaled.jpg\" data-orig-size=\"2560,1707\" data-comments-opened=\"1\" data-image-meta=\"{&quot;aperture&quot;:&quot;5.6&quot;,&quot;credit&quot;:&quot;&quot;,&quot;camera&quot;:&quot;ILCE-7M4&quot;,&quot;caption&quot;:&quot;4 Wheel Drive, Wollny, Danielsson, Landgren, Haffner, Isarphilharmonie, Photo (c) Ralf Dombrowski&quot;,&quot;created_timestamp&quot;:&quot;1698865966&quot;,&quot;copyright&quot;:&quot;&quot;,&quot;focal_length&quot;:&quot;300&quot;,&quot;iso&quot;:&quot;2500&quot;,&quot;shutter_speed&quot;:&quot;0.00625&quot;,&quot;title&quot;:&quot;&quot;,&quot;orientation&quot;:&quot;1&quot;}\" data-image-title=\"\" data-image-description=\"\" data-medium-file=\"https:\/\/i0.wp.com\/www.jazzzeitung.de\/cms\/wp-content\/uploads\/2023\/11\/DSC02342-Arbeitskopie-2-scaled.jpg?fit=300%2C200&#038;ssl=1\" data-large-file=\"https:\/\/i0.wp.com\/www.jazzzeitung.de\/cms\/wp-content\/uploads\/2023\/11\/DSC02342-Arbeitskopie-2-scaled.jpg?fit=840%2C560&#038;ssl=1\" src=\"https:\/\/i0.wp.com\/www.jazzzeitung.de\/cms\/wp-content\/uploads\/2023\/11\/DSC02342-Arbeitskopie-2-scaled.jpg?w=836&#038;h=557&#038;ssl=1\" srcset=\"https:\/\/i0.wp.com\/www.jazzzeitung.de\/cms\/wp-content\/uploads\/2023\/11\/DSC02342-Arbeitskopie-2-scaled.jpg?w=2560&amp;ssl=1 2560w, https:\/\/i0.wp.com\/www.jazzzeitung.de\/cms\/wp-content\/uploads\/2023\/11\/DSC02342-Arbeitskopie-2-scaled.jpg?resize=300%2C200&amp;ssl=1 300w, https:\/\/i0.wp.com\/www.jazzzeitung.de\/cms\/wp-content\/uploads\/2023\/11\/DSC02342-Arbeitskopie-2-scaled.jpg?resize=900%2C600&amp;ssl=1 900w, https:\/\/i0.wp.com\/www.jazzzeitung.de\/cms\/wp-content\/uploads\/2023\/11\/DSC02342-Arbeitskopie-2-scaled.jpg?resize=768%2C512&amp;ssl=1 768w, https:\/\/i0.wp.com\/www.jazzzeitung.de\/cms\/wp-content\/uploads\/2023\/11\/DSC02342-Arbeitskopie-2-scaled.jpg?resize=1536%2C1024&amp;ssl=1 1536w, https:\/\/i0.wp.com\/www.jazzzeitung.de\/cms\/wp-content\/uploads\/2023\/11\/DSC02342-Arbeitskopie-2-scaled.jpg?resize=2048%2C1366&amp;ssl=1 2048w, https:\/\/i0.wp.com\/www.jazzzeitung.de\/cms\/wp-content\/uploads\/2023\/11\/DSC02342-Arbeitskopie-2-scaled.jpg?resize=120%2C80&amp;ssl=1 120w, https:\/\/i0.wp.com\/www.jazzzeitung.de\/cms\/wp-content\/uploads\/2023\/11\/DSC02342-Arbeitskopie-2-scaled.jpg?resize=1320%2C880&amp;ssl=1 1320w, https:\/\/i0.wp.com\/www.jazzzeitung.de\/cms\/wp-content\/uploads\/2023\/11\/DSC02342-Arbeitskopie-2-scaled.jpg?w=1680&amp;ssl=1 1680w\" width=\"836\" height=\"557\" loading=\"lazy\" data-original-width=\"836\" data-original-height=\"557\" itemprop=\"http:\/\/schema.org\/image\" title=\"\" alt=\"4 Wheel Drive mit Nils Landgren in der Isarphilharmonie am 1. November 2023. Foto: Ralf Dombrowski\" style=\"width: 836px; height: 557px;\" \/> <\/a> <div class=\"tiled-gallery-caption\" itemprop=\"caption description\"> 4 Wheel Drive mit Nils Landgren in der Isarphilharmonie am 1. November 2023. Foto: Ralf Dombrowski <\/div> <\/div> <\/div> <!-- close group --> <\/div> <!-- close row --> <\/div>\n<h3>Auftakt mit Bravour<\/h3>\n<p>Das galt f\u00fcr eigene Kompositionen wie \u201eSpring Dance\u201c, die wie ein Energiebooster wirkten, aber auch f\u00fcr seine F\u00e4higkeit, die strukturellen Grundlagen der bekannten Lieder hochvirtuos zu verlassen, ohne die St\u00fccke damit zerst\u00f6ren. Denn Wollnys Klangwelt ist bei aller Komplexit\u00e4t konstruktiv und dieses Wechselspiel der Anspr\u00fcche gab <em>4 Wheel Drive<\/em> die n\u00f6tige kreative Ausdehnung, um nicht im Bekannten zu verweilen. So wurde der Tourneeauftakt des Quartetts mit viel Enthusiasmus gefeiert und die Beteiligten mussten im Anschluss daran noch lange am Merchandise-Stand signieren, bis alle Fans sich mit Musik im Ohr und Devotionalien unter dem Arm auf den Weg nach Hause gemacht hatten.<\/p>\n<p>Text und Fotos: Ralf Dombrowski<\/p>\n","protected":false},"excerpt":{"rendered":"<p>Das Konzert am 1. November 2023 war in mehrfacher Hinsicht bemerkenswert. Zum Ersten war die Isarphilharmonie nahezu ausverkauft. Nur mit suchendem Blick in hintere Reihen konnte man noch ein paar leere Pl\u00e4tze entdecken. Die Erz\u00e4hlung, Jazz abseits der internationalen Superstars sei nicht mehrheitsf\u00e4hig, wurde daher zumindest mit diesem Abend nonchalant widerlegt. Zweitens brachten Nils Landgren, Michael Wollny, Lars Danielsson und Wolfgang Haffner mit lachender Leichtigkeit gerne antagonistisch verstandene Lager zusammen. Viele ihrer St\u00fccke hatten Wurzeln im Pop. Sie adaptierten Songs von Simon &amp; Garfunkel, Elton John, Phil Collins und \u00fcberf\u00fchrten sie in einen weiter gefassten Kontext, wo akustische Arrangements und improvisierende Variationen dem eigentlichen Ohrwurm andere Gestaltungsfacetten hinzuf\u00fcgten. Raffinesse als Konzept Das Quartett 4 Wheel Drive schaffte es aber vor allem, bei aller Zug\u00e4nglichkeit die Komplexit\u00e4t nicht zu vergessen. Man erkannte zum Beispiel die Vorlage \u201eSound Of Silence\u201c. Sie war aber zugleich eine feingliedrige, bis in die Nuance raffiniert balancierte Jazzballade, die dem Original weit mehr zutraute als die urspr\u00fcngliche Melancholie des songschreibenden Urbanit\u00e4tsfl\u00fcchtlings. Lars Danielssons Kontrabass wirkte \u00fcber den Abend hinweg im Vergleich zu seinen eigenen Projekten klangfunktional ein wenig blass. Nils Landgren brillierte &hellip;<\/p>\n","protected":false},"author":18,"featured_media":30229,"comment_status":"open","ping_status":"closed","sticky":false,"template":"","format":"standard","meta":{"_jetpack_memberships_contains_paid_content":false,"footnotes":"","jetpack_publicize_message":"","jetpack_publicize_feature_enabled":true,"jetpack_social_post_already_shared":false,"jetpack_social_options":{"image_generator_settings":{"template":"highway","default_image_id":0,"font":"","enabled":false},"version":2}},"categories":[1053],"tags":[344,388,417,599],"coauthors":[658],"class_list":["post-30227","post","type-post","status-publish","format-standard","has-post-thumbnail","hentry","category-bericht","tag-lars-danielsson","tag-michael-wollny","tag-nils-landgren","tag-wolfgang-haffner"],"yoast_head":"<!-- This site is optimized with the Yoast SEO plugin v27.5 - https:\/\/yoast.com\/product\/yoast-seo-wordpress\/ -->\n<title>Bemerkenswert: 4 Wheel Drive in der Isarphilharmonie - JazzZeitung<\/title>\n<meta name=\"robots\" content=\"index, follow, max-snippet:-1, max-image-preview:large, max-video-preview:-1\" \/>\n<link rel=\"canonical\" href=\"https:\/\/www.jazzzeitung.de\/cms\/2023\/11\/bemerkenswert-4-wheel-drive-in-der-isarphilharmonie\/\" \/>\n<meta property=\"og:locale\" content=\"de_DE\" \/>\n<meta property=\"og:type\" content=\"article\" \/>\n<meta property=\"og:title\" content=\"Bemerkenswert: 4 Wheel Drive in der Isarphilharmonie - JazzZeitung\" \/>\n<meta property=\"og:description\" content=\"Das Konzert am 1. November 2023 war in mehrfacher Hinsicht bemerkenswert. Zum Ersten war die Isarphilharmonie nahezu ausverkauft. Nur mit suchendem Blick in hintere Reihen konnte man noch ein paar leere Pl\u00e4tze entdecken. Die Erz\u00e4hlung, Jazz abseits der internationalen Superstars sei nicht mehrheitsf\u00e4hig, wurde daher zumindest mit diesem Abend nonchalant widerlegt. Zweitens brachten Nils Landgren, Michael Wollny, Lars Danielsson und Wolfgang Haffner mit lachender Leichtigkeit gerne antagonistisch verstandene Lager zusammen. Viele ihrer St\u00fccke hatten Wurzeln im Pop. Sie adaptierten Songs von Simon &amp; Garfunkel, Elton John, Phil Collins und \u00fcberf\u00fchrten sie in einen weiter gefassten Kontext, wo akustische Arrangements und improvisierende Variationen dem eigentlichen Ohrwurm andere Gestaltungsfacetten hinzuf\u00fcgten. Raffinesse als Konzept Das Quartett 4 Wheel Drive schaffte es aber vor allem, bei aller Zug\u00e4nglichkeit die Komplexit\u00e4t nicht zu vergessen. Man erkannte zum Beispiel die Vorlage \u201eSound Of Silence\u201c. Sie war aber zugleich eine feingliedrige, bis in die Nuance raffiniert balancierte Jazzballade, die dem Original weit mehr zutraute als die urspr\u00fcngliche Melancholie des songschreibenden Urbanit\u00e4tsfl\u00fcchtlings. Lars Danielssons Kontrabass wirkte \u00fcber den Abend hinweg im Vergleich zu seinen eigenen Projekten klangfunktional ein wenig blass. Nils Landgren brillierte &hellip;\" \/>\n<meta property=\"og:url\" content=\"https:\/\/www.jazzzeitung.de\/cms\/2023\/11\/bemerkenswert-4-wheel-drive-in-der-isarphilharmonie\/\" \/>\n<meta property=\"og:site_name\" content=\"JazzZeitung\" \/>\n<meta property=\"article:publisher\" content=\"https:\/\/www.facebook.com\/JazzZeitung\/\" \/>\n<meta property=\"article:published_time\" content=\"2023-11-04T06:01:23+00:00\" \/>\n<meta property=\"og:image\" content=\"https:\/\/i0.wp.com\/www.jazzzeitung.de\/cms\/wp-content\/uploads\/2023\/11\/DSC02547-scaled.jpg?fit=2560%2C1706&ssl=1\" \/>\n\t<meta property=\"og:image:width\" content=\"2560\" \/>\n\t<meta property=\"og:image:height\" content=\"1706\" \/>\n\t<meta property=\"og:image:type\" content=\"image\/jpeg\" \/>\n<meta name=\"author\" content=\"Ralf Dombrowski\" \/>\n<script type=\"application\/ld+json\" class=\"yoast-schema-graph\">{\"@context\":\"https:\\\/\\\/schema.org\",\"@graph\":[{\"@type\":\"Article\",\"@id\":\"https:\\\/\\\/www.jazzzeitung.de\\\/cms\\\/2023\\\/11\\\/bemerkenswert-4-wheel-drive-in-der-isarphilharmonie\\\/#article\",\"isPartOf\":{\"@id\":\"https:\\\/\\\/www.jazzzeitung.de\\\/cms\\\/2023\\\/11\\\/bemerkenswert-4-wheel-drive-in-der-isarphilharmonie\\\/\"},\"author\":{\"name\":\"Redaktion JazzZeitung\",\"@id\":\"https:\\\/\\\/www.jazzzeitung.de\\\/cms\\\/#\\\/schema\\\/person\\\/2245b36b9cd1d24cea10f01c031fb92b\"},\"headline\":\"Bemerkenswert: 4 Wheel Drive in der Isarphilharmonie\",\"datePublished\":\"2023-11-04T06:01:23+00:00\",\"mainEntityOfPage\":{\"@id\":\"https:\\\/\\\/www.jazzzeitung.de\\\/cms\\\/2023\\\/11\\\/bemerkenswert-4-wheel-drive-in-der-isarphilharmonie\\\/\"},\"wordCount\":364,\"commentCount\":0,\"publisher\":{\"@id\":\"https:\\\/\\\/www.jazzzeitung.de\\\/cms\\\/#organization\"},\"image\":{\"@id\":\"https:\\\/\\\/www.jazzzeitung.de\\\/cms\\\/2023\\\/11\\\/bemerkenswert-4-wheel-drive-in-der-isarphilharmonie\\\/#primaryimage\"},\"thumbnailUrl\":\"https:\\\/\\\/i0.wp.com\\\/www.jazzzeitung.de\\\/cms\\\/wp-content\\\/uploads\\\/2023\\\/11\\\/DSC02547-scaled.jpg?fit=2560%2C1706&ssl=1\",\"keywords\":[\"Lars Danielsson\",\"Michael Wollny\",\"Nils Landgren\",\"Wolfgang Haffner\"],\"articleSection\":[\"Bericht\"],\"inLanguage\":\"de\",\"potentialAction\":[{\"@type\":\"CommentAction\",\"name\":\"Comment\",\"target\":[\"https:\\\/\\\/www.jazzzeitung.de\\\/cms\\\/2023\\\/11\\\/bemerkenswert-4-wheel-drive-in-der-isarphilharmonie\\\/#respond\"]}]},{\"@type\":\"WebPage\",\"@id\":\"https:\\\/\\\/www.jazzzeitung.de\\\/cms\\\/2023\\\/11\\\/bemerkenswert-4-wheel-drive-in-der-isarphilharmonie\\\/\",\"url\":\"https:\\\/\\\/www.jazzzeitung.de\\\/cms\\\/2023\\\/11\\\/bemerkenswert-4-wheel-drive-in-der-isarphilharmonie\\\/\",\"name\":\"Bemerkenswert: 4 Wheel Drive in der Isarphilharmonie - JazzZeitung\",\"isPartOf\":{\"@id\":\"https:\\\/\\\/www.jazzzeitung.de\\\/cms\\\/#website\"},\"primaryImageOfPage\":{\"@id\":\"https:\\\/\\\/www.jazzzeitung.de\\\/cms\\\/2023\\\/11\\\/bemerkenswert-4-wheel-drive-in-der-isarphilharmonie\\\/#primaryimage\"},\"image\":{\"@id\":\"https:\\\/\\\/www.jazzzeitung.de\\\/cms\\\/2023\\\/11\\\/bemerkenswert-4-wheel-drive-in-der-isarphilharmonie\\\/#primaryimage\"},\"thumbnailUrl\":\"https:\\\/\\\/i0.wp.com\\\/www.jazzzeitung.de\\\/cms\\\/wp-content\\\/uploads\\\/2023\\\/11\\\/DSC02547-scaled.jpg?fit=2560%2C1706&ssl=1\",\"datePublished\":\"2023-11-04T06:01:23+00:00\",\"breadcrumb\":{\"@id\":\"https:\\\/\\\/www.jazzzeitung.de\\\/cms\\\/2023\\\/11\\\/bemerkenswert-4-wheel-drive-in-der-isarphilharmonie\\\/#breadcrumb\"},\"inLanguage\":\"de\",\"potentialAction\":[{\"@type\":\"ReadAction\",\"target\":[\"https:\\\/\\\/www.jazzzeitung.de\\\/cms\\\/2023\\\/11\\\/bemerkenswert-4-wheel-drive-in-der-isarphilharmonie\\\/\"]}]},{\"@type\":\"ImageObject\",\"inLanguage\":\"de\",\"@id\":\"https:\\\/\\\/www.jazzzeitung.de\\\/cms\\\/2023\\\/11\\\/bemerkenswert-4-wheel-drive-in-der-isarphilharmonie\\\/#primaryimage\",\"url\":\"https:\\\/\\\/i0.wp.com\\\/www.jazzzeitung.de\\\/cms\\\/wp-content\\\/uploads\\\/2023\\\/11\\\/DSC02547-scaled.jpg?fit=2560%2C1706&ssl=1\",\"contentUrl\":\"https:\\\/\\\/i0.wp.com\\\/www.jazzzeitung.de\\\/cms\\\/wp-content\\\/uploads\\\/2023\\\/11\\\/DSC02547-scaled.jpg?fit=2560%2C1706&ssl=1\",\"width\":2560,\"height\":1706,\"caption\":\"4 Wheel Drive, Wollny, Danielsson, Landgren, Haffner, Isarphilharmonie, Photo (c) Ralf Dombrowski\"},{\"@type\":\"BreadcrumbList\",\"@id\":\"https:\\\/\\\/www.jazzzeitung.de\\\/cms\\\/2023\\\/11\\\/bemerkenswert-4-wheel-drive-in-der-isarphilharmonie\\\/#breadcrumb\",\"itemListElement\":[{\"@type\":\"ListItem\",\"position\":1,\"name\":\"Startseite\",\"item\":\"https:\\\/\\\/www.jazzzeitung.de\\\/cms\\\/\"},{\"@type\":\"ListItem\",\"position\":2,\"name\":\"Bemerkenswert: 4 Wheel Drive in der Isarphilharmonie\"}]},{\"@type\":\"WebSite\",\"@id\":\"https:\\\/\\\/www.jazzzeitung.de\\\/cms\\\/#website\",\"url\":\"https:\\\/\\\/www.jazzzeitung.de\\\/cms\\\/\",\"name\":\"JazzZeitung\",\"description\":\"Jazz-News und Jazz-Kontroverses\",\"publisher\":{\"@id\":\"https:\\\/\\\/www.jazzzeitung.de\\\/cms\\\/#organization\"},\"potentialAction\":[{\"@type\":\"SearchAction\",\"target\":{\"@type\":\"EntryPoint\",\"urlTemplate\":\"https:\\\/\\\/www.jazzzeitung.de\\\/cms\\\/?s={search_term_string}\"},\"query-input\":{\"@type\":\"PropertyValueSpecification\",\"valueRequired\":true,\"valueName\":\"search_term_string\"}}],\"inLanguage\":\"de\"},{\"@type\":\"Organization\",\"@id\":\"https:\\\/\\\/www.jazzzeitung.de\\\/cms\\\/#organization\",\"name\":\"JazzZeitung online\",\"url\":\"https:\\\/\\\/www.jazzzeitung.de\\\/cms\\\/\",\"logo\":{\"@type\":\"ImageObject\",\"inLanguage\":\"de\",\"@id\":\"https:\\\/\\\/www.jazzzeitung.de\\\/cms\\\/#\\\/schema\\\/logo\\\/image\\\/\",\"url\":\"https:\\\/\\\/i0.wp.com\\\/www.jazzzeitung.de\\\/cms\\\/wp-content\\\/uploads\\\/2015\\\/08\\\/JAZZZEITUNGDE_Logo_Neu.png?fit=499%2C200&ssl=1\",\"contentUrl\":\"https:\\\/\\\/i0.wp.com\\\/www.jazzzeitung.de\\\/cms\\\/wp-content\\\/uploads\\\/2015\\\/08\\\/JAZZZEITUNGDE_Logo_Neu.png?fit=499%2C200&ssl=1\",\"width\":499,\"height\":200,\"caption\":\"JazzZeitung online\"},\"image\":{\"@id\":\"https:\\\/\\\/www.jazzzeitung.de\\\/cms\\\/#\\\/schema\\\/logo\\\/image\\\/\"},\"sameAs\":[\"https:\\\/\\\/www.facebook.com\\\/JazzZeitung\\\/\"]},{\"@type\":\"Person\",\"@id\":\"https:\\\/\\\/www.jazzzeitung.de\\\/cms\\\/#\\\/schema\\\/person\\\/2245b36b9cd1d24cea10f01c031fb92b\",\"name\":\"Redaktion JazzZeitung\",\"image\":{\"@type\":\"ImageObject\",\"inLanguage\":\"de\",\"@id\":\"https:\\\/\\\/i0.wp.com\\\/www.jazzzeitung.de\\\/cms\\\/wp-content\\\/uploads\\\/2015\\\/08\\\/JAZZZEITUNGDE_Logo_Neu.png?resize=96%2C96&ssl=159975dcacb611b5700bd619b5daf0a7a\",\"url\":\"https:\\\/\\\/i0.wp.com\\\/www.jazzzeitung.de\\\/cms\\\/wp-content\\\/uploads\\\/2015\\\/08\\\/JAZZZEITUNGDE_Logo_Neu.png?resize=96%2C96&ssl=1\",\"contentUrl\":\"https:\\\/\\\/i0.wp.com\\\/www.jazzzeitung.de\\\/cms\\\/wp-content\\\/uploads\\\/2015\\\/08\\\/JAZZZEITUNGDE_Logo_Neu.png?resize=96%2C96&ssl=1\",\"caption\":\"Redaktion JazzZeitung\"},\"description\":\"Artikel der Redaktion der JazzZeitung.\",\"sameAs\":[\"http:\\\/\\\/www.jazzzeitung.de\\\/cms\\\/\"],\"url\":\"https:\\\/\\\/www.jazzzeitung.de\\\/cms\\\/author\\\/redaktion\\\/\"}]}<\/script>\n<!-- \/ Yoast SEO plugin. -->","yoast_head_json":{"title":"Bemerkenswert: 4 Wheel Drive in der Isarphilharmonie - JazzZeitung","robots":{"index":"index","follow":"follow","max-snippet":"max-snippet:-1","max-image-preview":"max-image-preview:large","max-video-preview":"max-video-preview:-1"},"canonical":"https:\/\/www.jazzzeitung.de\/cms\/2023\/11\/bemerkenswert-4-wheel-drive-in-der-isarphilharmonie\/","og_locale":"de_DE","og_type":"article","og_title":"Bemerkenswert: 4 Wheel Drive in der Isarphilharmonie - JazzZeitung","og_description":"Das Konzert am 1. November 2023 war in mehrfacher Hinsicht bemerkenswert. Zum Ersten war die Isarphilharmonie nahezu ausverkauft. Nur mit suchendem Blick in hintere Reihen konnte man noch ein paar leere Pl\u00e4tze entdecken. Die Erz\u00e4hlung, Jazz abseits der internationalen Superstars sei nicht mehrheitsf\u00e4hig, wurde daher zumindest mit diesem Abend nonchalant widerlegt. Zweitens brachten Nils Landgren, Michael Wollny, Lars Danielsson und Wolfgang Haffner mit lachender Leichtigkeit gerne antagonistisch verstandene Lager zusammen. Viele ihrer St\u00fccke hatten Wurzeln im Pop. Sie adaptierten Songs von Simon &amp; Garfunkel, Elton John, Phil Collins und \u00fcberf\u00fchrten sie in einen weiter gefassten Kontext, wo akustische Arrangements und improvisierende Variationen dem eigentlichen Ohrwurm andere Gestaltungsfacetten hinzuf\u00fcgten. Raffinesse als Konzept Das Quartett 4 Wheel Drive schaffte es aber vor allem, bei aller Zug\u00e4nglichkeit die Komplexit\u00e4t nicht zu vergessen. Man erkannte zum Beispiel die Vorlage \u201eSound Of Silence\u201c. Sie war aber zugleich eine feingliedrige, bis in die Nuance raffiniert balancierte Jazzballade, die dem Original weit mehr zutraute als die urspr\u00fcngliche Melancholie des songschreibenden Urbanit\u00e4tsfl\u00fcchtlings. Lars Danielssons Kontrabass wirkte \u00fcber den Abend hinweg im Vergleich zu seinen eigenen Projekten klangfunktional ein wenig blass. Nils Landgren brillierte &hellip;","og_url":"https:\/\/www.jazzzeitung.de\/cms\/2023\/11\/bemerkenswert-4-wheel-drive-in-der-isarphilharmonie\/","og_site_name":"JazzZeitung","article_publisher":"https:\/\/www.facebook.com\/JazzZeitung\/","article_published_time":"2023-11-04T06:01:23+00:00","og_image":[{"width":2560,"height":1706,"url":"https:\/\/i0.wp.com\/www.jazzzeitung.de\/cms\/wp-content\/uploads\/2023\/11\/DSC02547-scaled.jpg?fit=2560%2C1706&ssl=1","type":"image\/jpeg"}],"author":"Ralf Dombrowski","schema":{"@context":"https:\/\/schema.org","@graph":[{"@type":"Article","@id":"https:\/\/www.jazzzeitung.de\/cms\/2023\/11\/bemerkenswert-4-wheel-drive-in-der-isarphilharmonie\/#article","isPartOf":{"@id":"https:\/\/www.jazzzeitung.de\/cms\/2023\/11\/bemerkenswert-4-wheel-drive-in-der-isarphilharmonie\/"},"author":{"name":"Redaktion JazzZeitung","@id":"https:\/\/www.jazzzeitung.de\/cms\/#\/schema\/person\/2245b36b9cd1d24cea10f01c031fb92b"},"headline":"Bemerkenswert: 4 Wheel Drive in der Isarphilharmonie","datePublished":"2023-11-04T06:01:23+00:00","mainEntityOfPage":{"@id":"https:\/\/www.jazzzeitung.de\/cms\/2023\/11\/bemerkenswert-4-wheel-drive-in-der-isarphilharmonie\/"},"wordCount":364,"commentCount":0,"publisher":{"@id":"https:\/\/www.jazzzeitung.de\/cms\/#organization"},"image":{"@id":"https:\/\/www.jazzzeitung.de\/cms\/2023\/11\/bemerkenswert-4-wheel-drive-in-der-isarphilharmonie\/#primaryimage"},"thumbnailUrl":"https:\/\/i0.wp.com\/www.jazzzeitung.de\/cms\/wp-content\/uploads\/2023\/11\/DSC02547-scaled.jpg?fit=2560%2C1706&ssl=1","keywords":["Lars Danielsson","Michael Wollny","Nils Landgren","Wolfgang Haffner"],"articleSection":["Bericht"],"inLanguage":"de","potentialAction":[{"@type":"CommentAction","name":"Comment","target":["https:\/\/www.jazzzeitung.de\/cms\/2023\/11\/bemerkenswert-4-wheel-drive-in-der-isarphilharmonie\/#respond"]}]},{"@type":"WebPage","@id":"https:\/\/www.jazzzeitung.de\/cms\/2023\/11\/bemerkenswert-4-wheel-drive-in-der-isarphilharmonie\/","url":"https:\/\/www.jazzzeitung.de\/cms\/2023\/11\/bemerkenswert-4-wheel-drive-in-der-isarphilharmonie\/","name":"Bemerkenswert: 4 Wheel Drive in der Isarphilharmonie - JazzZeitung","isPartOf":{"@id":"https:\/\/www.jazzzeitung.de\/cms\/#website"},"primaryImageOfPage":{"@id":"https:\/\/www.jazzzeitung.de\/cms\/2023\/11\/bemerkenswert-4-wheel-drive-in-der-isarphilharmonie\/#primaryimage"},"image":{"@id":"https:\/\/www.jazzzeitung.de\/cms\/2023\/11\/bemerkenswert-4-wheel-drive-in-der-isarphilharmonie\/#primaryimage"},"thumbnailUrl":"https:\/\/i0.wp.com\/www.jazzzeitung.de\/cms\/wp-content\/uploads\/2023\/11\/DSC02547-scaled.jpg?fit=2560%2C1706&ssl=1","datePublished":"2023-11-04T06:01:23+00:00","breadcrumb":{"@id":"https:\/\/www.jazzzeitung.de\/cms\/2023\/11\/bemerkenswert-4-wheel-drive-in-der-isarphilharmonie\/#breadcrumb"},"inLanguage":"de","potentialAction":[{"@type":"ReadAction","target":["https:\/\/www.jazzzeitung.de\/cms\/2023\/11\/bemerkenswert-4-wheel-drive-in-der-isarphilharmonie\/"]}]},{"@type":"ImageObject","inLanguage":"de","@id":"https:\/\/www.jazzzeitung.de\/cms\/2023\/11\/bemerkenswert-4-wheel-drive-in-der-isarphilharmonie\/#primaryimage","url":"https:\/\/i0.wp.com\/www.jazzzeitung.de\/cms\/wp-content\/uploads\/2023\/11\/DSC02547-scaled.jpg?fit=2560%2C1706&ssl=1","contentUrl":"https:\/\/i0.wp.com\/www.jazzzeitung.de\/cms\/wp-content\/uploads\/2023\/11\/DSC02547-scaled.jpg?fit=2560%2C1706&ssl=1","width":2560,"height":1706,"caption":"4 Wheel Drive, Wollny, Danielsson, Landgren, Haffner, Isarphilharmonie, Photo (c) Ralf Dombrowski"},{"@type":"BreadcrumbList","@id":"https:\/\/www.jazzzeitung.de\/cms\/2023\/11\/bemerkenswert-4-wheel-drive-in-der-isarphilharmonie\/#breadcrumb","itemListElement":[{"@type":"ListItem","position":1,"name":"Startseite","item":"https:\/\/www.jazzzeitung.de\/cms\/"},{"@type":"ListItem","position":2,"name":"Bemerkenswert: 4 Wheel Drive in der Isarphilharmonie"}]},{"@type":"WebSite","@id":"https:\/\/www.jazzzeitung.de\/cms\/#website","url":"https:\/\/www.jazzzeitung.de\/cms\/","name":"JazzZeitung","description":"Jazz-News und Jazz-Kontroverses","publisher":{"@id":"https:\/\/www.jazzzeitung.de\/cms\/#organization"},"potentialAction":[{"@type":"SearchAction","target":{"@type":"EntryPoint","urlTemplate":"https:\/\/www.jazzzeitung.de\/cms\/?s={search_term_string}"},"query-input":{"@type":"PropertyValueSpecification","valueRequired":true,"valueName":"search_term_string"}}],"inLanguage":"de"},{"@type":"Organization","@id":"https:\/\/www.jazzzeitung.de\/cms\/#organization","name":"JazzZeitung online","url":"https:\/\/www.jazzzeitung.de\/cms\/","logo":{"@type":"ImageObject","inLanguage":"de","@id":"https:\/\/www.jazzzeitung.de\/cms\/#\/schema\/logo\/image\/","url":"https:\/\/i0.wp.com\/www.jazzzeitung.de\/cms\/wp-content\/uploads\/2015\/08\/JAZZZEITUNGDE_Logo_Neu.png?fit=499%2C200&ssl=1","contentUrl":"https:\/\/i0.wp.com\/www.jazzzeitung.de\/cms\/wp-content\/uploads\/2015\/08\/JAZZZEITUNGDE_Logo_Neu.png?fit=499%2C200&ssl=1","width":499,"height":200,"caption":"JazzZeitung online"},"image":{"@id":"https:\/\/www.jazzzeitung.de\/cms\/#\/schema\/logo\/image\/"},"sameAs":["https:\/\/www.facebook.com\/JazzZeitung\/"]},{"@type":"Person","@id":"https:\/\/www.jazzzeitung.de\/cms\/#\/schema\/person\/2245b36b9cd1d24cea10f01c031fb92b","name":"Redaktion JazzZeitung","image":{"@type":"ImageObject","inLanguage":"de","@id":"https:\/\/i0.wp.com\/www.jazzzeitung.de\/cms\/wp-content\/uploads\/2015\/08\/JAZZZEITUNGDE_Logo_Neu.png?resize=96%2C96&ssl=159975dcacb611b5700bd619b5daf0a7a","url":"https:\/\/i0.wp.com\/www.jazzzeitung.de\/cms\/wp-content\/uploads\/2015\/08\/JAZZZEITUNGDE_Logo_Neu.png?resize=96%2C96&ssl=1","contentUrl":"https:\/\/i0.wp.com\/www.jazzzeitung.de\/cms\/wp-content\/uploads\/2015\/08\/JAZZZEITUNGDE_Logo_Neu.png?resize=96%2C96&ssl=1","caption":"Redaktion JazzZeitung"},"description":"Artikel der Redaktion der JazzZeitung.","sameAs":["http:\/\/www.jazzzeitung.de\/cms\/"],"url":"https:\/\/www.jazzzeitung.de\/cms\/author\/redaktion\/"}]}},"wp-worthy-pixel":{"ignored":false,"public":null,"server":null,"url":null},"wp-worthy-type":"normal","jetpack_publicize_connections":[],"cc_featured_image_caption":{"caption_text":"","source_text":"","source_url":""},"jetpack_featured_media_url":"https:\/\/i0.wp.com\/www.jazzzeitung.de\/cms\/wp-content\/uploads\/2023\/11\/DSC02547-scaled.jpg?fit=2560%2C1706&ssl=1","jetpack_shortlink":"https:\/\/wp.me\/p3KEcT-7Rx","jetpack-related-posts":[{"id":19252,"url":"https:\/\/www.jazzzeitung.de\/cms\/2019\/04\/4-wheel-drive-im-muenchner-prinzregententheater\/","url_meta":{"origin":30227,"position":0},"title":"\u201e4 Wheel Drive\u201c im M\u00fcnchner Prinzregententheater","author":"Thomas J. Krebs","date":"20. April 2019","format":false,"excerpt":"Hinter dem Namen \u201e4 Wheel Drive\u201c steckt eine Supergroup mit Nils Landgren, Michael Wollny, Lars Danielsson und Wolfgang Haffner. Seit jeher scheidet das Konzept der All-Star-Bands die Geister. In der Regel sind Studio-Aufnahmen solcher Gruppen musikalisch gesehen maximal \u201eganz in Ordnung\u201c, aber auch nicht viel mehr. \u00dcber die gerade beim\u2026","rel":"","context":"In &quot;Bericht&quot;","block_context":{"text":"Bericht","link":"https:\/\/www.jazzzeitung.de\/cms\/thema\/bericht\/"},"img":{"alt_text":"","src":"https:\/\/i0.wp.com\/www.jazzzeitung.de\/cms\/wp-content\/uploads\/2019\/04\/4wd-live-Foto-TJ-Krebs.jpg?fit=1200%2C800&ssl=1&resize=350%2C200","width":350,"height":200,"srcset":"https:\/\/i0.wp.com\/www.jazzzeitung.de\/cms\/wp-content\/uploads\/2019\/04\/4wd-live-Foto-TJ-Krebs.jpg?fit=1200%2C800&ssl=1&resize=350%2C200 1x, https:\/\/i0.wp.com\/www.jazzzeitung.de\/cms\/wp-content\/uploads\/2019\/04\/4wd-live-Foto-TJ-Krebs.jpg?fit=1200%2C800&ssl=1&resize=525%2C300 1.5x, https:\/\/i0.wp.com\/www.jazzzeitung.de\/cms\/wp-content\/uploads\/2019\/04\/4wd-live-Foto-TJ-Krebs.jpg?fit=1200%2C800&ssl=1&resize=700%2C400 2x, https:\/\/i0.wp.com\/www.jazzzeitung.de\/cms\/wp-content\/uploads\/2019\/04\/4wd-live-Foto-TJ-Krebs.jpg?fit=1200%2C800&ssl=1&resize=1050%2C600 3x"},"classes":[]},{"id":26713,"url":"https:\/\/www.jazzzeitung.de\/cms\/2022\/02\/alma-naidu-mit-fulminantem-debut-album-alma\/","url_meta":{"origin":30227,"position":1},"title":"Alma Naidu mit fulminantem Debut Album: \u201eAlma\u201c","author":"Redaktion JazzZeitung","date":"11. Februar 2022","format":false,"excerpt":"Selbstbewusst schreitet die S\u00e4ngerin Alma Naidu auf ihrem Debut Album \u201eAlma\u201c durch ihren musikalischen Kosmos und begeistert nicht nur mit ihrer einzigartigen Stimme, sondern \u00fcberzeugt mit treffsicherem, kompositorischem Talent und einf\u00fchlsamen Texten. \u00a0Musik begleitet sie seit ihrer Geburt, der Vater Dirigent, die Mutter Operns\u00e4ngerin. Wenn Alma Naidu mit ihrer Stimme\u2026","rel":"","context":"In &quot;Rezension&quot;","block_context":{"text":"Rezension","link":"https:\/\/www.jazzzeitung.de\/cms\/thema\/rezension\/"},"img":{"alt_text":"","src":"https:\/\/i0.wp.com\/www.jazzzeitung.de\/cms\/wp-content\/uploads\/2022\/02\/P1332956-Naidu-HG-DE-Foto-TJ-Krebs.jpg?fit=1200%2C800&ssl=1&resize=350%2C200","width":350,"height":200,"srcset":"https:\/\/i0.wp.com\/www.jazzzeitung.de\/cms\/wp-content\/uploads\/2022\/02\/P1332956-Naidu-HG-DE-Foto-TJ-Krebs.jpg?fit=1200%2C800&ssl=1&resize=350%2C200 1x, https:\/\/i0.wp.com\/www.jazzzeitung.de\/cms\/wp-content\/uploads\/2022\/02\/P1332956-Naidu-HG-DE-Foto-TJ-Krebs.jpg?fit=1200%2C800&ssl=1&resize=525%2C300 1.5x, https:\/\/i0.wp.com\/www.jazzzeitung.de\/cms\/wp-content\/uploads\/2022\/02\/P1332956-Naidu-HG-DE-Foto-TJ-Krebs.jpg?fit=1200%2C800&ssl=1&resize=700%2C400 2x, https:\/\/i0.wp.com\/www.jazzzeitung.de\/cms\/wp-content\/uploads\/2022\/02\/P1332956-Naidu-HG-DE-Foto-TJ-Krebs.jpg?fit=1200%2C800&ssl=1&resize=1050%2C600 3x"},"classes":[]},{"id":15511,"url":"https:\/\/www.jazzzeitung.de\/cms\/2018\/03\/newsprogramm-des-elbjazz-2018-ist-nun-vollstaendig\/","url_meta":{"origin":30227,"position":2},"title":"+++News+++Programm des ELBJAZZ 2018 ist nun vollst\u00e4ndig+++JazzBaltica 2018+++","author":"Redaktion JazzZeitung","date":"31. M\u00e4rz 2018","format":false,"excerpt":"+++Programm des ELBJAZZ 2018 ist nun vollst\u00e4ndig+++ Das musikalische Programm des ELBJAZZ 2018 ist vollst\u00e4ndig: Mehr als 50 Konzerte am 1. und 2. Juni 2018 \u2013 plus drei weitere, die es bereits einen Tag zuvor, am 31. Mai., im Gro\u00dfen Saal der Elbphilharmonie in Hamburg zu erleben gibt \u2013 pr\u00e4gen\u2026","rel":"","context":"In &quot;News&quot;","block_context":{"text":"News","link":"https:\/\/www.jazzzeitung.de\/cms\/thema\/nachrichten\/"},"img":{"alt_text":"","src":"https:\/\/i0.wp.com\/www.jazzzeitung.de\/cms\/wp-content\/uploads\/2018\/03\/2_ELBJAZZ_Elbphilharmonie_Logo_Poller-%C2%A9-Claudia_H%C3%B6hne.jpg?fit=1200%2C800&ssl=1&resize=350%2C200","width":350,"height":200,"srcset":"https:\/\/i0.wp.com\/www.jazzzeitung.de\/cms\/wp-content\/uploads\/2018\/03\/2_ELBJAZZ_Elbphilharmonie_Logo_Poller-%C2%A9-Claudia_H%C3%B6hne.jpg?fit=1200%2C800&ssl=1&resize=350%2C200 1x, https:\/\/i0.wp.com\/www.jazzzeitung.de\/cms\/wp-content\/uploads\/2018\/03\/2_ELBJAZZ_Elbphilharmonie_Logo_Poller-%C2%A9-Claudia_H%C3%B6hne.jpg?fit=1200%2C800&ssl=1&resize=525%2C300 1.5x, https:\/\/i0.wp.com\/www.jazzzeitung.de\/cms\/wp-content\/uploads\/2018\/03\/2_ELBJAZZ_Elbphilharmonie_Logo_Poller-%C2%A9-Claudia_H%C3%B6hne.jpg?fit=1200%2C800&ssl=1&resize=700%2C400 2x, https:\/\/i0.wp.com\/www.jazzzeitung.de\/cms\/wp-content\/uploads\/2018\/03\/2_ELBJAZZ_Elbphilharmonie_Logo_Poller-%C2%A9-Claudia_H%C3%B6hne.jpg?fit=1200%2C800&ssl=1&resize=1050%2C600 3x"},"classes":[]},{"id":12474,"url":"https:\/\/www.jazzzeitung.de\/cms\/2017\/05\/klaus-doldinger-erhaelt-den-echo-jazz-2017-fuer-sein-lebenswerk\/","url_meta":{"origin":30227,"position":3},"title":"Klaus Doldinger erh\u00e4lt den ECHO JAZZ 2017 f\u00fcr sein Lebenswerk","author":"Redaktion JazzZeitung","date":"23. Mai 2017","format":false,"excerpt":"Berlin\/Hamburg, 23. Mai 2017 \u2013 Der Saxophonist und Bandleader Klaus Doldinger wird in diesem Jahr mit dem ECHO JAZZ f\u00fcr sein Lebenswerk ausgezeichnet. Vor 81 Jahren in Berlin geboren, spielte Doldinger ab 1953 in D\u00fcsseldorf in seiner ersten Band, den \u201eFeetwarmers\u201c, der auch der Kabarettist Dieter S\u00fcverkr\u00fcp sowie der sp\u00e4tere\u2026","rel":"","context":"In &quot;News&quot;","block_context":{"text":"News","link":"https:\/\/www.jazzzeitung.de\/cms\/thema\/nachrichten\/"},"img":{"alt_text":"","src":"https:\/\/i0.wp.com\/www.jazzzeitung.de\/cms\/wp-content\/uploads\/2017\/05\/DoldingerWarner-music-group_0161-150x150.jpeg?resize=350%2C200&ssl=1","width":350,"height":200},"classes":[]},{"id":11866,"url":"https:\/\/www.jazzzeitung.de\/cms\/2017\/03\/news-act-music-preis-fuer-haffner-walter-quintus-verstorben-25-jahre-act\/","url_meta":{"origin":30227,"position":4},"title":"+++ News +++ ACT Music +++ Preis f\u00fcr Haffner +++ Walter Quintus verstorben +++ 25 Jahre ACT +++","author":"Redaktion JazzZeitung","date":"7. M\u00e4rz 2017","format":false,"excerpt":"+++ \u201eJoachim-Ernst-Berendt-Ehrenpreis\u201c f\u00fcr Haffner +++ Am 2. M\u00e4rz hat die Stadt Baden-Baden den \u201eJoachim-Ernst-Berendt-Ehrenpreis\u201c an den Schlagzeuger Wolfgang Haffner verliehen.\u00a0Die Preisverleihung fand im Rahmen des Festivals \"Mr. M\u00b4s Jazz Club\" im Kurhaus in Baden Baden statt. Bisherige Preistr\u00e4ger sind Nils Landgren (2016), Patti Austin (2015), Till Br\u00f6nner (2014), Paul Kuhn\u2026","rel":"","context":"In &quot;News&quot;","block_context":{"text":"News","link":"https:\/\/www.jazzzeitung.de\/cms\/thema\/nachrichten\/"},"img":{"alt_text":"","src":"https:\/\/i0.wp.com\/www.jazzzeitung.de\/cms\/wp-content\/uploads\/2017\/03\/Wolfgang_Haffner_ACT_Gregor_Hohenberg-150x150.jpg?resize=350%2C200","width":350,"height":200},"classes":[]},{"id":33368,"url":"https:\/\/www.jazzzeitung.de\/cms\/2025\/11\/groove-und-klasse-bei-den-ingolstaedter-jazztagen\/","url_meta":{"origin":30227,"position":5},"title":"Groove und Klasse bei den Ingolst\u00e4dter Jazztagen","author":"Redaktion JazzZeitung","date":"18. November 2025","format":false,"excerpt":"Fast zu viel des Guten Die Jazzparty der Ingolst\u00e4dter Jazztage steht diesmal ganz im Zeichen des k\u00fcnstlerischen Leiters Wolfgang Haffner. Alles hat Groove und Klasse, aber neun Acts bringen die Zuh\u00f6rer an die Grenze der Aufnahmef\u00e4higkeit Schon immer waren die Jazzpartys H\u00f6hepunkte der Jazztage Ingolstadt. Daran hat sich auch wenig\u2026","rel":"","context":"In &quot;News&quot;","block_context":{"text":"News","link":"https:\/\/www.jazzzeitung.de\/cms\/thema\/nachrichten\/"},"img":{"alt_text":"","src":"https:\/\/i0.wp.com\/www.jazzzeitung.de\/cms\/wp-content\/uploads\/2025\/11\/Incognito2_OliverHochkeppel141125-scaled.jpg?fit=1200%2C802&ssl=1&resize=350%2C200","width":350,"height":200,"srcset":"https:\/\/i0.wp.com\/www.jazzzeitung.de\/cms\/wp-content\/uploads\/2025\/11\/Incognito2_OliverHochkeppel141125-scaled.jpg?fit=1200%2C802&ssl=1&resize=350%2C200 1x, https:\/\/i0.wp.com\/www.jazzzeitung.de\/cms\/wp-content\/uploads\/2025\/11\/Incognito2_OliverHochkeppel141125-scaled.jpg?fit=1200%2C802&ssl=1&resize=525%2C300 1.5x, https:\/\/i0.wp.com\/www.jazzzeitung.de\/cms\/wp-content\/uploads\/2025\/11\/Incognito2_OliverHochkeppel141125-scaled.jpg?fit=1200%2C802&ssl=1&resize=700%2C400 2x, https:\/\/i0.wp.com\/www.jazzzeitung.de\/cms\/wp-content\/uploads\/2025\/11\/Incognito2_OliverHochkeppel141125-scaled.jpg?fit=1200%2C802&ssl=1&resize=1050%2C600 3x"},"classes":[]}],"jetpack_sharing_enabled":true,"_links":{"self":[{"href":"https:\/\/www.jazzzeitung.de\/cms\/wp-json\/wp\/v2\/posts\/30227","targetHints":{"allow":["GET"]}}],"collection":[{"href":"https:\/\/www.jazzzeitung.de\/cms\/wp-json\/wp\/v2\/posts"}],"about":[{"href":"https:\/\/www.jazzzeitung.de\/cms\/wp-json\/wp\/v2\/types\/post"}],"author":[{"embeddable":true,"href":"https:\/\/www.jazzzeitung.de\/cms\/wp-json\/wp\/v2\/users\/18"}],"replies":[{"embeddable":true,"href":"https:\/\/www.jazzzeitung.de\/cms\/wp-json\/wp\/v2\/comments?post=30227"}],"version-history":[{"count":4,"href":"https:\/\/www.jazzzeitung.de\/cms\/wp-json\/wp\/v2\/posts\/30227\/revisions"}],"predecessor-version":[{"id":30240,"href":"https:\/\/www.jazzzeitung.de\/cms\/wp-json\/wp\/v2\/posts\/30227\/revisions\/30240"}],"wp:featuredmedia":[{"embeddable":true,"href":"https:\/\/www.jazzzeitung.de\/cms\/wp-json\/wp\/v2\/media\/30229"}],"wp:attachment":[{"href":"https:\/\/www.jazzzeitung.de\/cms\/wp-json\/wp\/v2\/media?parent=30227"}],"wp:term":[{"taxonomy":"category","embeddable":true,"href":"https:\/\/www.jazzzeitung.de\/cms\/wp-json\/wp\/v2\/categories?post=30227"},{"taxonomy":"post_tag","embeddable":true,"href":"https:\/\/www.jazzzeitung.de\/cms\/wp-json\/wp\/v2\/tags?post=30227"},{"taxonomy":"author","embeddable":true,"href":"https:\/\/www.jazzzeitung.de\/cms\/wp-json\/wp\/v2\/coauthors?post=30227"}],"curies":[{"name":"wp","href":"https:\/\/api.w.org\/{rel}","templated":true}]}}