{"id":30211,"date":"2023-11-02T07:01:49","date_gmt":"2023-11-02T06:01:49","guid":{"rendered":"https:\/\/www.jazzzeitung.de\/cms\/?p=30211"},"modified":"2023-10-31T14:03:25","modified_gmt":"2023-10-31T13:03:25","slug":"nuejazz-23-in-nuernberg-eine-zehnjaehrige-erfolgsgeschichte","status":"publish","type":"post","link":"https:\/\/www.jazzzeitung.de\/cms\/2023\/11\/nuejazz-23-in-nuernberg-eine-zehnjaehrige-erfolgsgeschichte\/","title":{"rendered":"NueJazz 23 in N\u00fcrnberg: Eine zehnj\u00e4hrige Erfolgsgeschichte"},"content":{"rendered":"<p><strong>Man hat eine Erfolgsgeschichte feiern k\u00f6nnen Ende Oktober in N\u00fcrnberg. In zehn Jahren hat sich das NueJazz-Festival vom Versuchsballon des Vereins N\u00fcrnberger Jazzmusiker zum weithin beachteten Aufgalopp nationaler wie internationaler Gr\u00f6\u00dfen entwickelt. Auch heuer haben die Gr\u00fcnder und Leiter Frank Wuppinger und Marco K\u00fchnl beim gelungenen Jubil\u00e4um ein aufsehenerregend abwechslungsreiches und mitrei\u00dfendes Programm vorgelegt. <\/strong><\/p>\n<p>\u201eAnfangs haben wir einfach befreundete Musiker eingeladen,\u201c erz\u00e4hlt der Gitarrist Marco K\u00fchnl, der gemeinsam mit dem Kontrabassisten Frank Wuppinger die Sache ausgebr\u00fctet hat \u2013 als Herzensangelegenheit von Musikern eben. \u201eNach und nach hat es sich professionalisiert. Aber wir haben uns den Musikerblick erhalten.\u201c Ein Blick, der sich nicht nach Verkaufszahlen oder Presse-Echo richtet, sondern sich auf das eigene Gesp\u00fcr f\u00fcr die zum Festival passenden Kollegen verl\u00e4sst.<\/p>\n<div class=\"tiled-gallery type-rectangular tiled-gallery-unresized\" data-original-width=\"840\" data-carousel-extra='{&quot;blog_id&quot;:1,&quot;permalink&quot;:&quot;https:\\\/\\\/www.jazzzeitung.de\\\/cms\\\/2023\\\/11\\\/nuejazz-23-in-nuernberg-eine-zehnjaehrige-erfolgsgeschichte\\\/&quot;,&quot;likes_blog_id&quot;:55446655}' itemscope itemtype=\"http:\/\/schema.org\/ImageGallery\" > <div class=\"gallery-row\" style=\"width: 840px; height: 375px;\" data-original-width=\"840\" data-original-height=\"375\" > <div class=\"gallery-group images-1\" style=\"width: 562px; height: 375px;\" data-original-width=\"562\" data-original-height=\"375\" > <div class=\"tiled-gallery-item tiled-gallery-item-large\" itemprop=\"associatedMedia\" itemscope itemtype=\"http:\/\/schema.org\/ImageObject\"> <a href=\"https:\/\/www.jazzzeitung.de\/cms\/2023\/11\/nuejazz-23-in-nuernberg-eine-zehnjaehrige-erfolgsgeschichte\/frankwuppinger_oliverhochkeppel261023\/\" border=\"0\" itemprop=\"url\"> <meta itemprop=\"width\" content=\"558\"> <meta itemprop=\"height\" content=\"371\"> <img decoding=\"async\" class=\"\" data-attachment-id=\"30214\" data-orig-file=\"https:\/\/www.jazzzeitung.de\/cms\/wp-content\/uploads\/2023\/10\/FrankWuppinger_OliverHochkeppel261023-scaled.jpg\" data-orig-size=\"2560,1702\" data-comments-opened=\"1\" data-image-meta=\"{&quot;aperture&quot;:&quot;0&quot;,&quot;credit&quot;:&quot;&quot;,&quot;camera&quot;:&quot;ILCE-7M3&quot;,&quot;caption&quot;:&quot;&quot;,&quot;created_timestamp&quot;:&quot;1698348676&quot;,&quot;copyright&quot;:&quot;&quot;,&quot;focal_length&quot;:&quot;0&quot;,&quot;iso&quot;:&quot;6400&quot;,&quot;shutter_speed&quot;:&quot;0&quot;,&quot;title&quot;:&quot;&quot;,&quot;orientation&quot;:&quot;0&quot;}\" data-image-title=\"\" data-image-description=\"\" data-medium-file=\"https:\/\/i0.wp.com\/www.jazzzeitung.de\/cms\/wp-content\/uploads\/2023\/10\/FrankWuppinger_OliverHochkeppel261023-scaled.jpg?fit=300%2C199&#038;ssl=1\" data-large-file=\"https:\/\/i0.wp.com\/www.jazzzeitung.de\/cms\/wp-content\/uploads\/2023\/10\/FrankWuppinger_OliverHochkeppel261023-scaled.jpg?fit=840%2C558&#038;ssl=1\" src=\"https:\/\/i0.wp.com\/www.jazzzeitung.de\/cms\/wp-content\/uploads\/2023\/10\/FrankWuppinger_OliverHochkeppel261023-scaled.jpg?w=558&#038;h=371&#038;ssl=1\" srcset=\"https:\/\/i0.wp.com\/www.jazzzeitung.de\/cms\/wp-content\/uploads\/2023\/10\/FrankWuppinger_OliverHochkeppel261023-scaled.jpg?w=2560&amp;ssl=1 2560w, https:\/\/i0.wp.com\/www.jazzzeitung.de\/cms\/wp-content\/uploads\/2023\/10\/FrankWuppinger_OliverHochkeppel261023-scaled.jpg?resize=300%2C199&amp;ssl=1 300w, https:\/\/i0.wp.com\/www.jazzzeitung.de\/cms\/wp-content\/uploads\/2023\/10\/FrankWuppinger_OliverHochkeppel261023-scaled.jpg?resize=900%2C598&amp;ssl=1 900w, https:\/\/i0.wp.com\/www.jazzzeitung.de\/cms\/wp-content\/uploads\/2023\/10\/FrankWuppinger_OliverHochkeppel261023-scaled.jpg?resize=768%2C511&amp;ssl=1 768w, https:\/\/i0.wp.com\/www.jazzzeitung.de\/cms\/wp-content\/uploads\/2023\/10\/FrankWuppinger_OliverHochkeppel261023-scaled.jpg?resize=1536%2C1021&amp;ssl=1 1536w, https:\/\/i0.wp.com\/www.jazzzeitung.de\/cms\/wp-content\/uploads\/2023\/10\/FrankWuppinger_OliverHochkeppel261023-scaled.jpg?resize=2048%2C1362&amp;ssl=1 2048w, https:\/\/i0.wp.com\/www.jazzzeitung.de\/cms\/wp-content\/uploads\/2023\/10\/FrankWuppinger_OliverHochkeppel261023-scaled.jpg?resize=120%2C80&amp;ssl=1 120w, https:\/\/i0.wp.com\/www.jazzzeitung.de\/cms\/wp-content\/uploads\/2023\/10\/FrankWuppinger_OliverHochkeppel261023-scaled.jpg?resize=1320%2C878&amp;ssl=1 1320w, https:\/\/i0.wp.com\/www.jazzzeitung.de\/cms\/wp-content\/uploads\/2023\/10\/FrankWuppinger_OliverHochkeppel261023-scaled.jpg?w=1680&amp;ssl=1 1680w\" width=\"558\" height=\"371\" loading=\"lazy\" data-original-width=\"558\" data-original-height=\"371\" itemprop=\"http:\/\/schema.org\/image\" title=\"\" alt=\"Festival-Direktor in Aktion: Frank Wuppinger bei der Ansage. Foto: Oliver Hochkeppel\" style=\"width: 558px; height: 371px;\" \/> <\/a> <div class=\"tiled-gallery-caption\" itemprop=\"caption description\"> Festival-Direktor in Aktion: Frank Wuppinger bei der Ansage. Foto: Oliver Hochkeppel <\/div> <\/div> <\/div> <!-- close group --> <div class=\"gallery-group images-2\" style=\"width: 278px; height: 375px;\" data-original-width=\"278\" data-original-height=\"375\" > <div class=\"tiled-gallery-item tiled-gallery-item-large\" itemprop=\"associatedMedia\" itemscope itemtype=\"http:\/\/schema.org\/ImageObject\"> <a href=\"https:\/\/www.jazzzeitung.de\/cms\/2023\/11\/nuejazz-23-in-nuernberg-eine-zehnjaehrige-erfolgsgeschichte\/marcokuehnl_oliverhochkeppel271023\/\" border=\"0\" itemprop=\"url\"> <meta itemprop=\"width\" content=\"274\"> <meta itemprop=\"height\" content=\"184\"> <img decoding=\"async\" class=\"\" data-attachment-id=\"30215\" data-orig-file=\"https:\/\/www.jazzzeitung.de\/cms\/wp-content\/uploads\/2023\/10\/MarcoKuehnl_OliverHochkeppel271023-scaled.jpg\" data-orig-size=\"2560,1715\" data-comments-opened=\"1\" data-image-meta=\"{&quot;aperture&quot;:&quot;3.5&quot;,&quot;credit&quot;:&quot;&quot;,&quot;camera&quot;:&quot;ILCE-7M3&quot;,&quot;caption&quot;:&quot;&quot;,&quot;created_timestamp&quot;:&quot;1698363614&quot;,&quot;copyright&quot;:&quot;&quot;,&quot;focal_length&quot;:&quot;85&quot;,&quot;iso&quot;:&quot;6400&quot;,&quot;shutter_speed&quot;:&quot;0.01&quot;,&quot;title&quot;:&quot;&quot;,&quot;orientation&quot;:&quot;0&quot;}\" data-image-title=\"\" data-image-description=\"\" data-medium-file=\"https:\/\/i0.wp.com\/www.jazzzeitung.de\/cms\/wp-content\/uploads\/2023\/10\/MarcoKuehnl_OliverHochkeppel271023-scaled.jpg?fit=300%2C201&#038;ssl=1\" data-large-file=\"https:\/\/i0.wp.com\/www.jazzzeitung.de\/cms\/wp-content\/uploads\/2023\/10\/MarcoKuehnl_OliverHochkeppel271023-scaled.jpg?fit=840%2C563&#038;ssl=1\" src=\"https:\/\/i0.wp.com\/www.jazzzeitung.de\/cms\/wp-content\/uploads\/2023\/10\/MarcoKuehnl_OliverHochkeppel271023-scaled.jpg?w=274&#038;h=184&#038;ssl=1\" srcset=\"https:\/\/i0.wp.com\/www.jazzzeitung.de\/cms\/wp-content\/uploads\/2023\/10\/MarcoKuehnl_OliverHochkeppel271023-scaled.jpg?w=2560&amp;ssl=1 2560w, https:\/\/i0.wp.com\/www.jazzzeitung.de\/cms\/wp-content\/uploads\/2023\/10\/MarcoKuehnl_OliverHochkeppel271023-scaled.jpg?resize=300%2C201&amp;ssl=1 300w, https:\/\/i0.wp.com\/www.jazzzeitung.de\/cms\/wp-content\/uploads\/2023\/10\/MarcoKuehnl_OliverHochkeppel271023-scaled.jpg?resize=896%2C600&amp;ssl=1 896w, https:\/\/i0.wp.com\/www.jazzzeitung.de\/cms\/wp-content\/uploads\/2023\/10\/MarcoKuehnl_OliverHochkeppel271023-scaled.jpg?resize=768%2C514&amp;ssl=1 768w, https:\/\/i0.wp.com\/www.jazzzeitung.de\/cms\/wp-content\/uploads\/2023\/10\/MarcoKuehnl_OliverHochkeppel271023-scaled.jpg?resize=1536%2C1029&amp;ssl=1 1536w, https:\/\/i0.wp.com\/www.jazzzeitung.de\/cms\/wp-content\/uploads\/2023\/10\/MarcoKuehnl_OliverHochkeppel271023-scaled.jpg?resize=2048%2C1372&amp;ssl=1 2048w, https:\/\/i0.wp.com\/www.jazzzeitung.de\/cms\/wp-content\/uploads\/2023\/10\/MarcoKuehnl_OliverHochkeppel271023-scaled.jpg?resize=120%2C80&amp;ssl=1 120w, https:\/\/i0.wp.com\/www.jazzzeitung.de\/cms\/wp-content\/uploads\/2023\/10\/MarcoKuehnl_OliverHochkeppel271023-scaled.jpg?resize=1320%2C884&amp;ssl=1 1320w, https:\/\/i0.wp.com\/www.jazzzeitung.de\/cms\/wp-content\/uploads\/2023\/10\/MarcoKuehnl_OliverHochkeppel271023-scaled.jpg?w=1680&amp;ssl=1 1680w\" width=\"274\" height=\"184\" loading=\"lazy\" data-original-width=\"274\" data-original-height=\"184\" itemprop=\"http:\/\/schema.org\/image\" title=\"\" alt=\"Festival-Co-Direktor Marco K\u00fchnl griff bei The Lost Boys auch selbst in die Saiten. Zu Make A Move. Foto: Oliver Hochkeppel\" style=\"width: 274px; height: 184px;\" \/> <\/a> <div class=\"tiled-gallery-caption\" itemprop=\"caption description\"> Festival-Co-Direktor Marco K\u00fchnl griff bei The Lost Boys auch selbst in die Saiten. Zu Make A Move. Foto: Oliver Hochkeppel <\/div> <\/div> <div class=\"tiled-gallery-item tiled-gallery-item-large\" itemprop=\"associatedMedia\" itemscope itemtype=\"http:\/\/schema.org\/ImageObject\"> <a href=\"https:\/\/www.jazzzeitung.de\/cms\/2023\/11\/nuejazz-23-in-nuernberg-eine-zehnjaehrige-erfolgsgeschichte\/janprax2_oliverhochkeppel261023\/\" border=\"0\" itemprop=\"url\"> <meta itemprop=\"width\" content=\"274\"> <meta itemprop=\"height\" content=\"183\"> <img decoding=\"async\" class=\"\" data-attachment-id=\"30222\" data-orig-file=\"https:\/\/www.jazzzeitung.de\/cms\/wp-content\/uploads\/2023\/10\/JanPrax2_OliverHochkeppel261023-scaled.jpg\" data-orig-size=\"2560,1712\" data-comments-opened=\"1\" data-image-meta=\"{&quot;aperture&quot;:&quot;0&quot;,&quot;credit&quot;:&quot;&quot;,&quot;camera&quot;:&quot;ILCE-7M3&quot;,&quot;caption&quot;:&quot;&quot;,&quot;created_timestamp&quot;:&quot;1698354316&quot;,&quot;copyright&quot;:&quot;&quot;,&quot;focal_length&quot;:&quot;0&quot;,&quot;iso&quot;:&quot;6400&quot;,&quot;shutter_speed&quot;:&quot;0&quot;,&quot;title&quot;:&quot;&quot;,&quot;orientation&quot;:&quot;0&quot;}\" data-image-title=\"\" data-image-description=\"\" data-medium-file=\"https:\/\/i0.wp.com\/www.jazzzeitung.de\/cms\/wp-content\/uploads\/2023\/10\/JanPrax2_OliverHochkeppel261023-scaled.jpg?fit=300%2C201&#038;ssl=1\" data-large-file=\"https:\/\/i0.wp.com\/www.jazzzeitung.de\/cms\/wp-content\/uploads\/2023\/10\/JanPrax2_OliverHochkeppel261023-scaled.jpg?fit=840%2C562&#038;ssl=1\" src=\"https:\/\/i0.wp.com\/www.jazzzeitung.de\/cms\/wp-content\/uploads\/2023\/10\/JanPrax2_OliverHochkeppel261023-scaled.jpg?w=274&#038;h=183&#038;ssl=1\" srcset=\"https:\/\/i0.wp.com\/www.jazzzeitung.de\/cms\/wp-content\/uploads\/2023\/10\/JanPrax2_OliverHochkeppel261023-scaled.jpg?w=2560&amp;ssl=1 2560w, https:\/\/i0.wp.com\/www.jazzzeitung.de\/cms\/wp-content\/uploads\/2023\/10\/JanPrax2_OliverHochkeppel261023-scaled.jpg?resize=300%2C201&amp;ssl=1 300w, https:\/\/i0.wp.com\/www.jazzzeitung.de\/cms\/wp-content\/uploads\/2023\/10\/JanPrax2_OliverHochkeppel261023-scaled.jpg?resize=897%2C600&amp;ssl=1 897w, https:\/\/i0.wp.com\/www.jazzzeitung.de\/cms\/wp-content\/uploads\/2023\/10\/JanPrax2_OliverHochkeppel261023-scaled.jpg?resize=768%2C514&amp;ssl=1 768w, https:\/\/i0.wp.com\/www.jazzzeitung.de\/cms\/wp-content\/uploads\/2023\/10\/JanPrax2_OliverHochkeppel261023-scaled.jpg?resize=1536%2C1027&amp;ssl=1 1536w, https:\/\/i0.wp.com\/www.jazzzeitung.de\/cms\/wp-content\/uploads\/2023\/10\/JanPrax2_OliverHochkeppel261023-scaled.jpg?resize=2048%2C1370&amp;ssl=1 2048w, https:\/\/i0.wp.com\/www.jazzzeitung.de\/cms\/wp-content\/uploads\/2023\/10\/JanPrax2_OliverHochkeppel261023-scaled.jpg?resize=120%2C80&amp;ssl=1 120w, https:\/\/i0.wp.com\/www.jazzzeitung.de\/cms\/wp-content\/uploads\/2023\/10\/JanPrax2_OliverHochkeppel261023-scaled.jpg?resize=1320%2C883&amp;ssl=1 1320w, https:\/\/i0.wp.com\/www.jazzzeitung.de\/cms\/wp-content\/uploads\/2023\/10\/JanPrax2_OliverHochkeppel261023-scaled.jpg?w=1680&amp;ssl=1 1680w\" width=\"274\" height=\"183\" loading=\"lazy\" data-original-width=\"274\" data-original-height=\"183\" itemprop=\"http:\/\/schema.org\/image\" title=\"\" alt=\"Wiedersehen mit einem ehemaligen Jungstar: Holzbl\u00e4ser Jan Prax half bei Shuteen Erdenebaatar aus. Und das sensationell. Foto: Oliver Hochkeppel\" style=\"width: 274px; height: 183px;\" \/> <\/a> <div class=\"tiled-gallery-caption\" itemprop=\"caption description\"> Wiedersehen mit einem ehemaligen Jungstar: Holzbl\u00e4ser Jan Prax half bei Shuteen Erdenebaatar aus. Und das sensationell. Foto: Oliver Hochkeppel <\/div> <\/div> <\/div> <!-- close group --> <\/div> <!-- close row --> <\/div>\n<p>Ob Newcomer oder etablierte Stars, passend sind sie, wenn sie \u201eauch unge\u00fcbten H\u00f6rern die Angst vor dem Jazz nehmen,\u201c wie es Wuppinger formuliert. Dementsprechend haben Stil- oder Genregrenzen nie eine Rolle gespielt. Auch Hip-Hop-, Indie-Pop- oder DJ-Acts finden Platz, solange sie im Jazz-Spirit stehen. Hauptsache, es ist hochkar\u00e4tig, spannend und aktuell. \u201eKein Mainstream, kein Motto\u201c, bringt K\u00fchnl das Festival-Konzept auf den Punkt.<\/p>\n<h3>Die Schwerpunkte<\/h3>\n<p>Was nicht hei\u00dft, dass es keine Schwerpunkte gibt. Im vergangenen Jahr bekam man mit Rosie Frater-Taylor,\u00a0dem\u00a0<em>Seed Ensemble<\/em>,\u00a0dem\u00a0<em>Balimaya Project<\/em>, Yussuf Dayes und Shabaka Hutchings\u00a0einen Rundgang durch die New-London-Jazzszene serviert \u2013 eine Reprise gab es jetzt mit Gitarren-Shooting-Star Mansur Brown als \u201eWarm-Up\u201c am 17. Oktober. An den drei Haupttagen vom vergangenen Mittwoch bis Freitag konnte man nun in den inzwischen zur Festival-Heimat gewordenen Spielst\u00e4tten Kulturwerkstatt auf AEG und Z-Bau die hei\u00dfesten jungen US-Stars so geballt erleben wie wohl auf keinem anderen Festival.<\/p>\n<p>Den Anfang machte Dwayne Thomas jr. alias MonoNeon, der stets bis zur Unkenntlichkeit in Strickm\u00fctzen und -masken samt bunten Ballonkleidern verpackte Paradiesvogel am Bass. Bekannt geworden als Mitglied der letzten Band von Prince und bei <em>Ghost Note<\/em> war der Auftritt seiner Band ein brodelndes Gemisch aus Funk, Soul und Rock. Tags darauf gab sich zuerst Piano-Feingeist Gerald Clayton mit Joe Sanders am Bass und Jeff Ballard am Schlagzeug die Ehre. Der Sohn des Bigband-Granden John Clayton hat nicht nur die Jazzgeschichte mit der Muttermilch aufgesogen, wie man h\u00f6ren konnte: Verbl\u00fcffend europ\u00e4isch und kammermusikalisch klangen seine Improvisationen. Weniger ergab hier mehr, f\u00fcr viele gar den Festival-H\u00f6hepunkt.<\/p>\n<div class=\"tiled-gallery type-rectangular tiled-gallery-unresized\" data-original-width=\"840\" data-carousel-extra='{&quot;blog_id&quot;:1,&quot;permalink&quot;:&quot;https:\\\/\\\/www.jazzzeitung.de\\\/cms\\\/2023\\\/11\\\/nuejazz-23-in-nuernberg-eine-zehnjaehrige-erfolgsgeschichte\\\/&quot;,&quot;likes_blog_id&quot;:55446655}' itemscope itemtype=\"http:\/\/schema.org\/ImageGallery\" > <div class=\"gallery-row\" style=\"width: 840px; height: 375px;\" data-original-width=\"840\" data-original-height=\"375\" > <div class=\"gallery-group images-1\" style=\"width: 560px; height: 375px;\" data-original-width=\"560\" data-original-height=\"375\" > <div class=\"tiled-gallery-item tiled-gallery-item-large\" itemprop=\"associatedMedia\" itemscope itemtype=\"http:\/\/schema.org\/ImageObject\"> <a href=\"https:\/\/www.jazzzeitung.de\/cms\/2023\/11\/nuejazz-23-in-nuernberg-eine-zehnjaehrige-erfolgsgeschichte\/geraldclayton5_oliverhochkeppel261023\/\" border=\"0\" itemprop=\"url\"> <meta itemprop=\"width\" content=\"556\"> <meta itemprop=\"height\" content=\"371\"> <img decoding=\"async\" class=\"\" data-attachment-id=\"30217\" data-orig-file=\"https:\/\/www.jazzzeitung.de\/cms\/wp-content\/uploads\/2023\/10\/GeraldClayton5_OliverHochkeppel261023-scaled.jpg\" data-orig-size=\"2560,1710\" data-comments-opened=\"1\" data-image-meta=\"{&quot;aperture&quot;:&quot;0&quot;,&quot;credit&quot;:&quot;&quot;,&quot;camera&quot;:&quot;ILCE-7M3&quot;,&quot;caption&quot;:&quot;&quot;,&quot;created_timestamp&quot;:&quot;1698355880&quot;,&quot;copyright&quot;:&quot;&quot;,&quot;focal_length&quot;:&quot;0&quot;,&quot;iso&quot;:&quot;6400&quot;,&quot;shutter_speed&quot;:&quot;0&quot;,&quot;title&quot;:&quot;&quot;,&quot;orientation&quot;:&quot;0&quot;}\" data-image-title=\"\" data-image-description=\"\" data-medium-file=\"https:\/\/i0.wp.com\/www.jazzzeitung.de\/cms\/wp-content\/uploads\/2023\/10\/GeraldClayton5_OliverHochkeppel261023-scaled.jpg?fit=300%2C200&#038;ssl=1\" data-large-file=\"https:\/\/i0.wp.com\/www.jazzzeitung.de\/cms\/wp-content\/uploads\/2023\/10\/GeraldClayton5_OliverHochkeppel261023-scaled.jpg?fit=840%2C561&#038;ssl=1\" src=\"https:\/\/i0.wp.com\/www.jazzzeitung.de\/cms\/wp-content\/uploads\/2023\/10\/GeraldClayton5_OliverHochkeppel261023-scaled.jpg?w=556&#038;h=371&#038;ssl=1\" srcset=\"https:\/\/i0.wp.com\/www.jazzzeitung.de\/cms\/wp-content\/uploads\/2023\/10\/GeraldClayton5_OliverHochkeppel261023-scaled.jpg?w=2560&amp;ssl=1 2560w, https:\/\/i0.wp.com\/www.jazzzeitung.de\/cms\/wp-content\/uploads\/2023\/10\/GeraldClayton5_OliverHochkeppel261023-scaled.jpg?resize=300%2C200&amp;ssl=1 300w, https:\/\/i0.wp.com\/www.jazzzeitung.de\/cms\/wp-content\/uploads\/2023\/10\/GeraldClayton5_OliverHochkeppel261023-scaled.jpg?resize=898%2C600&amp;ssl=1 898w, https:\/\/i0.wp.com\/www.jazzzeitung.de\/cms\/wp-content\/uploads\/2023\/10\/GeraldClayton5_OliverHochkeppel261023-scaled.jpg?resize=768%2C513&amp;ssl=1 768w, https:\/\/i0.wp.com\/www.jazzzeitung.de\/cms\/wp-content\/uploads\/2023\/10\/GeraldClayton5_OliverHochkeppel261023-scaled.jpg?resize=1536%2C1026&amp;ssl=1 1536w, https:\/\/i0.wp.com\/www.jazzzeitung.de\/cms\/wp-content\/uploads\/2023\/10\/GeraldClayton5_OliverHochkeppel261023-scaled.jpg?resize=2048%2C1368&amp;ssl=1 2048w, https:\/\/i0.wp.com\/www.jazzzeitung.de\/cms\/wp-content\/uploads\/2023\/10\/GeraldClayton5_OliverHochkeppel261023-scaled.jpg?resize=120%2C80&amp;ssl=1 120w, https:\/\/i0.wp.com\/www.jazzzeitung.de\/cms\/wp-content\/uploads\/2023\/10\/GeraldClayton5_OliverHochkeppel261023-scaled.jpg?resize=1320%2C882&amp;ssl=1 1320w, https:\/\/i0.wp.com\/www.jazzzeitung.de\/cms\/wp-content\/uploads\/2023\/10\/GeraldClayton5_OliverHochkeppel261023-scaled.jpg?w=1680&amp;ssl=1 1680w\" width=\"556\" height=\"371\" loading=\"lazy\" data-original-width=\"556\" data-original-height=\"371\" itemprop=\"http:\/\/schema.org\/image\" title=\"\" alt=\"Feingeist am Klavier: Beim mitunter europ\u00e4isch-impressionistisch klingenden Auftritt von Gerald Clayton und seinem Star-Trio mit Jeff Ballard an den Drums und Joe Sanders am Bass war weniger mal wieder mehr. Foto: Oliver Hochkeppel\" style=\"width: 556px; height: 371px;\" \/> <\/a> <div class=\"tiled-gallery-caption\" itemprop=\"caption description\"> Feingeist am Klavier: Beim mitunter europ\u00e4isch-impressionistisch klingenden Auftritt von Gerald Clayton und seinem Star-Trio mit Jeff Ballard an den Drums und Joe Sanders am Bass war weniger mal wieder mehr. Foto: Oliver Hochkeppel <\/div> <\/div> <\/div> <!-- close group --> <div class=\"gallery-group images-2\" style=\"width: 280px; height: 375px;\" data-original-width=\"280\" data-original-height=\"375\" > <div class=\"tiled-gallery-item tiled-gallery-item-large\" itemprop=\"associatedMedia\" itemscope itemtype=\"http:\/\/schema.org\/ImageObject\"> <a href=\"https:\/\/www.jazzzeitung.de\/cms\/2023\/11\/nuejazz-23-in-nuernberg-eine-zehnjaehrige-erfolgsgeschichte\/lakeciabenjamin4_oliverhochkeppel261023\/\" border=\"0\" itemprop=\"url\"> <meta itemprop=\"width\" content=\"276\"> <meta itemprop=\"height\" content=\"183\"> <img decoding=\"async\" class=\"\" data-attachment-id=\"30218\" data-orig-file=\"https:\/\/www.jazzzeitung.de\/cms\/wp-content\/uploads\/2023\/10\/LakeciaBenjamin4_OliverHochkeppel261023-scaled.jpg\" data-orig-size=\"2560,1702\" data-comments-opened=\"1\" data-image-meta=\"{&quot;aperture&quot;:&quot;0&quot;,&quot;credit&quot;:&quot;&quot;,&quot;camera&quot;:&quot;ILCE-7M3&quot;,&quot;caption&quot;:&quot;&quot;,&quot;created_timestamp&quot;:&quot;1698349720&quot;,&quot;copyright&quot;:&quot;&quot;,&quot;focal_length&quot;:&quot;0&quot;,&quot;iso&quot;:&quot;6400&quot;,&quot;shutter_speed&quot;:&quot;0&quot;,&quot;title&quot;:&quot;&quot;,&quot;orientation&quot;:&quot;0&quot;}\" data-image-title=\"\" data-image-description=\"\" data-medium-file=\"https:\/\/i0.wp.com\/www.jazzzeitung.de\/cms\/wp-content\/uploads\/2023\/10\/LakeciaBenjamin4_OliverHochkeppel261023-scaled.jpg?fit=300%2C199&#038;ssl=1\" data-large-file=\"https:\/\/i0.wp.com\/www.jazzzeitung.de\/cms\/wp-content\/uploads\/2023\/10\/LakeciaBenjamin4_OliverHochkeppel261023-scaled.jpg?fit=840%2C558&#038;ssl=1\" src=\"https:\/\/i0.wp.com\/www.jazzzeitung.de\/cms\/wp-content\/uploads\/2023\/10\/LakeciaBenjamin4_OliverHochkeppel261023-scaled.jpg?w=276&#038;h=183&#038;ssl=1\" srcset=\"https:\/\/i0.wp.com\/www.jazzzeitung.de\/cms\/wp-content\/uploads\/2023\/10\/LakeciaBenjamin4_OliverHochkeppel261023-scaled.jpg?w=2560&amp;ssl=1 2560w, https:\/\/i0.wp.com\/www.jazzzeitung.de\/cms\/wp-content\/uploads\/2023\/10\/LakeciaBenjamin4_OliverHochkeppel261023-scaled.jpg?resize=300%2C199&amp;ssl=1 300w, https:\/\/i0.wp.com\/www.jazzzeitung.de\/cms\/wp-content\/uploads\/2023\/10\/LakeciaBenjamin4_OliverHochkeppel261023-scaled.jpg?resize=900%2C598&amp;ssl=1 900w, https:\/\/i0.wp.com\/www.jazzzeitung.de\/cms\/wp-content\/uploads\/2023\/10\/LakeciaBenjamin4_OliverHochkeppel261023-scaled.jpg?resize=768%2C511&amp;ssl=1 768w, https:\/\/i0.wp.com\/www.jazzzeitung.de\/cms\/wp-content\/uploads\/2023\/10\/LakeciaBenjamin4_OliverHochkeppel261023-scaled.jpg?resize=1536%2C1021&amp;ssl=1 1536w, https:\/\/i0.wp.com\/www.jazzzeitung.de\/cms\/wp-content\/uploads\/2023\/10\/LakeciaBenjamin4_OliverHochkeppel261023-scaled.jpg?resize=2048%2C1361&amp;ssl=1 2048w, https:\/\/i0.wp.com\/www.jazzzeitung.de\/cms\/wp-content\/uploads\/2023\/10\/LakeciaBenjamin4_OliverHochkeppel261023-scaled.jpg?resize=120%2C80&amp;ssl=1 120w, https:\/\/i0.wp.com\/www.jazzzeitung.de\/cms\/wp-content\/uploads\/2023\/10\/LakeciaBenjamin4_OliverHochkeppel261023-scaled.jpg?resize=1320%2C877&amp;ssl=1 1320w, https:\/\/i0.wp.com\/www.jazzzeitung.de\/cms\/wp-content\/uploads\/2023\/10\/LakeciaBenjamin4_OliverHochkeppel261023-scaled.jpg?w=1680&amp;ssl=1 1680w\" width=\"276\" height=\"183\" loading=\"lazy\" data-original-width=\"276\" data-original-height=\"183\" itemprop=\"http:\/\/schema.org\/image\" title=\"\" alt=\"Pures Empowerment am Saxofon: Lekacia Benjamin ist aktuell vielleicht der meistgesuchte und -gebuchte Name der Jazz-Szene. Foto: Oliver Hochkeppel\" style=\"width: 276px; height: 183px;\" \/> <\/a> <div class=\"tiled-gallery-caption\" itemprop=\"caption description\"> Pures Empowerment am Saxofon: Lekacia Benjamin ist aktuell vielleicht der meistgesuchte und -gebuchte Name der Jazz-Szene. Foto: Oliver Hochkeppel <\/div> <\/div> <div class=\"tiled-gallery-item tiled-gallery-item-large\" itemprop=\"associatedMedia\" itemscope itemtype=\"http:\/\/schema.org\/ImageObject\"> <a href=\"https:\/\/www.jazzzeitung.de\/cms\/2023\/11\/nuejazz-23-in-nuernberg-eine-zehnjaehrige-erfolgsgeschichte\/mononeon5_oliverhochkeppel251023\/\" border=\"0\" itemprop=\"url\"> <meta itemprop=\"width\" content=\"276\"> <meta itemprop=\"height\" content=\"184\"> <img decoding=\"async\" class=\"\" data-attachment-id=\"30216\" data-orig-file=\"https:\/\/www.jazzzeitung.de\/cms\/wp-content\/uploads\/2023\/10\/Mononeon5_OliverHochkeppel251023-scaled.jpg\" data-orig-size=\"2560,1704\" data-comments-opened=\"1\" data-image-meta=\"{&quot;aperture&quot;:&quot;0&quot;,&quot;credit&quot;:&quot;&quot;,&quot;camera&quot;:&quot;ILCE-7M3&quot;,&quot;caption&quot;:&quot;&quot;,&quot;created_timestamp&quot;:&quot;1698272029&quot;,&quot;copyright&quot;:&quot;&quot;,&quot;focal_length&quot;:&quot;0&quot;,&quot;iso&quot;:&quot;10000&quot;,&quot;shutter_speed&quot;:&quot;0&quot;,&quot;title&quot;:&quot;&quot;,&quot;orientation&quot;:&quot;0&quot;}\" data-image-title=\"\" data-image-description=\"\" data-medium-file=\"https:\/\/i0.wp.com\/www.jazzzeitung.de\/cms\/wp-content\/uploads\/2023\/10\/Mononeon5_OliverHochkeppel251023-scaled.jpg?fit=300%2C200&#038;ssl=1\" data-large-file=\"https:\/\/i0.wp.com\/www.jazzzeitung.de\/cms\/wp-content\/uploads\/2023\/10\/Mononeon5_OliverHochkeppel251023-scaled.jpg?fit=840%2C560&#038;ssl=1\" src=\"https:\/\/i0.wp.com\/www.jazzzeitung.de\/cms\/wp-content\/uploads\/2023\/10\/Mononeon5_OliverHochkeppel251023-scaled.jpg?w=276&#038;h=184&#038;ssl=1\" srcset=\"https:\/\/i0.wp.com\/www.jazzzeitung.de\/cms\/wp-content\/uploads\/2023\/10\/Mononeon5_OliverHochkeppel251023-scaled.jpg?w=2560&amp;ssl=1 2560w, https:\/\/i0.wp.com\/www.jazzzeitung.de\/cms\/wp-content\/uploads\/2023\/10\/Mononeon5_OliverHochkeppel251023-scaled.jpg?resize=300%2C200&amp;ssl=1 300w, https:\/\/i0.wp.com\/www.jazzzeitung.de\/cms\/wp-content\/uploads\/2023\/10\/Mononeon5_OliverHochkeppel251023-scaled.jpg?resize=900%2C600&amp;ssl=1 900w, https:\/\/i0.wp.com\/www.jazzzeitung.de\/cms\/wp-content\/uploads\/2023\/10\/Mononeon5_OliverHochkeppel251023-scaled.jpg?resize=768%2C511&amp;ssl=1 768w, https:\/\/i0.wp.com\/www.jazzzeitung.de\/cms\/wp-content\/uploads\/2023\/10\/Mononeon5_OliverHochkeppel251023-scaled.jpg?resize=1536%2C1022&amp;ssl=1 1536w, https:\/\/i0.wp.com\/www.jazzzeitung.de\/cms\/wp-content\/uploads\/2023\/10\/Mononeon5_OliverHochkeppel251023-scaled.jpg?resize=2048%2C1363&amp;ssl=1 2048w, https:\/\/i0.wp.com\/www.jazzzeitung.de\/cms\/wp-content\/uploads\/2023\/10\/Mononeon5_OliverHochkeppel251023-scaled.jpg?resize=120%2C80&amp;ssl=1 120w, https:\/\/i0.wp.com\/www.jazzzeitung.de\/cms\/wp-content\/uploads\/2023\/10\/Mononeon5_OliverHochkeppel251023-scaled.jpg?resize=1320%2C879&amp;ssl=1 1320w, https:\/\/i0.wp.com\/www.jazzzeitung.de\/cms\/wp-content\/uploads\/2023\/10\/Mononeon5_OliverHochkeppel251023-scaled.jpg?w=1680&amp;ssl=1 1680w\" width=\"276\" height=\"184\" loading=\"lazy\" data-original-width=\"276\" data-original-height=\"184\" itemprop=\"http:\/\/schema.org\/image\" title=\"\" alt=\"Exzentriker am Bass: Dywane Thomas alias MonoNeon, der als Mitglied der letzten Band von Prince und bei &quot;Ghost Note&quot; bekannt wurde. Foto: Oliver Hochkeppel\" style=\"width: 276px; height: 184px;\" \/> <\/a> <div class=\"tiled-gallery-caption\" itemprop=\"caption description\"> Exzentriker am Bass: Dywane Thomas alias MonoNeon, der als Mitglied der letzten Band von Prince und bei &#8222;Ghost Note&#8220; bekannt wurde. Foto: Oliver Hochkeppel <\/div> <\/div> <\/div> <!-- close group --> <\/div> <!-- close row --> <\/div>\n<p>Gleich danach st\u00fcrmte mit gewohnter Urgewalt Lakecia Benjamin auf die B\u00fchne, ein weiterer Paradiesvogel, der \u00fcblicherweise im goldenen, hier im silbernen Jumpsuit auftrat. Ihr Showtime-Empowerment und Pladoyer f\u00fcr verbindende Diversit\u00e4t mag nichts f\u00fcr die Jazz-Polizei sein, rockt aber jeden Saal. Und h\u00e4tte es einen Preis f\u00fcr das ber\u00fchrendste St\u00fcck des Festivals gegeben, dann w\u00e4re es wohl ihre Version von \u201eAmazing Grace\u201c gewesen. F\u00fcr einen brodelnd-groovenden Schlussakkord sorgte Hammondorgel- und Keyboard-Gro\u00dfmeister Cory Henry. Und als \u201eAfterburner\u201c gab es im E-Werk Erlangen mit ein paar Tagen Abstand noch den unter anderem bei Theo Croker oder Christian McBride besch\u00e4ftigten Schlagzeuger, Rapper und Produzent Kassa Overall, der hier schon vor zwei Jahren sein deutsches Solo-Deb\u00fct gab.<\/p>\n<h3>Bezahlkonzerte \u2013 Nichtbezahlkonzerte<\/h3>\n<p>Wieder einmal bew\u00e4hrte sich auch das Konzept, neben diesen \u201eBezahlkonzerten\u201c in den kleinen S\u00e4len herausragende junge deutsche Acts wie das Shuteen Erdenebaatar Quartett oder Clarissa Forster gratis antreten zu lassen, sozusagen als niederschwellige Einstiegsdroge. Auch die stimmgewaltige Pianistin Kid Be Kid und die Berliner Powertruppe <em>Make A Move<\/em> passten mit ihren frischen, genresprengenden Konzepten wunderbar ins bunte Treiben.<\/p>\n<div class=\"tiled-gallery type-rectangular tiled-gallery-unresized\" data-original-width=\"840\" data-carousel-extra='{&quot;blog_id&quot;:1,&quot;permalink&quot;:&quot;https:\\\/\\\/www.jazzzeitung.de\\\/cms\\\/2023\\\/11\\\/nuejazz-23-in-nuernberg-eine-zehnjaehrige-erfolgsgeschichte\\\/&quot;,&quot;likes_blog_id&quot;:55446655}' itemscope itemtype=\"http:\/\/schema.org\/ImageGallery\" > <div class=\"gallery-row\" style=\"width: 840px; height: 376px;\" data-original-width=\"840\" data-original-height=\"376\" > <div class=\"gallery-group images-1\" style=\"width: 561px; height: 376px;\" data-original-width=\"561\" data-original-height=\"376\" > <div class=\"tiled-gallery-item tiled-gallery-item-large\" itemprop=\"associatedMedia\" itemscope itemtype=\"http:\/\/schema.org\/ImageObject\"> <a href=\"https:\/\/www.jazzzeitung.de\/cms\/2023\/11\/nuejazz-23-in-nuernberg-eine-zehnjaehrige-erfolgsgeschichte\/clarissaforster13_oliverhochkeppel261023-2\/\" border=\"0\" itemprop=\"url\"> <meta itemprop=\"width\" content=\"557\"> <meta itemprop=\"height\" content=\"372\"> <img decoding=\"async\" class=\"\" data-attachment-id=\"30219\" data-orig-file=\"https:\/\/www.jazzzeitung.de\/cms\/wp-content\/uploads\/2023\/10\/ClarissaForster13_OliverHochkeppel261023-1-scaled.jpg\" data-orig-size=\"2560,1711\" data-comments-opened=\"1\" data-image-meta=\"{&quot;aperture&quot;:&quot;0&quot;,&quot;credit&quot;:&quot;&quot;,&quot;camera&quot;:&quot;ILCE-7M3&quot;,&quot;caption&quot;:&quot;&quot;,&quot;created_timestamp&quot;:&quot;1698351133&quot;,&quot;copyright&quot;:&quot;&quot;,&quot;focal_length&quot;:&quot;0&quot;,&quot;iso&quot;:&quot;6400&quot;,&quot;shutter_speed&quot;:&quot;0&quot;,&quot;title&quot;:&quot;&quot;,&quot;orientation&quot;:&quot;0&quot;}\" data-image-title=\"\" data-image-description=\"\" data-medium-file=\"https:\/\/i0.wp.com\/www.jazzzeitung.de\/cms\/wp-content\/uploads\/2023\/10\/ClarissaForster13_OliverHochkeppel261023-1-scaled.jpg?fit=300%2C201&#038;ssl=1\" data-large-file=\"https:\/\/i0.wp.com\/www.jazzzeitung.de\/cms\/wp-content\/uploads\/2023\/10\/ClarissaForster13_OliverHochkeppel261023-1-scaled.jpg?fit=840%2C561&#038;ssl=1\" src=\"https:\/\/i0.wp.com\/www.jazzzeitung.de\/cms\/wp-content\/uploads\/2023\/10\/ClarissaForster13_OliverHochkeppel261023-1-scaled.jpg?w=557&#038;h=372&#038;ssl=1\" srcset=\"https:\/\/i0.wp.com\/www.jazzzeitung.de\/cms\/wp-content\/uploads\/2023\/10\/ClarissaForster13_OliverHochkeppel261023-1-scaled.jpg?w=2560&amp;ssl=1 2560w, https:\/\/i0.wp.com\/www.jazzzeitung.de\/cms\/wp-content\/uploads\/2023\/10\/ClarissaForster13_OliverHochkeppel261023-1-scaled.jpg?resize=300%2C201&amp;ssl=1 300w, https:\/\/i0.wp.com\/www.jazzzeitung.de\/cms\/wp-content\/uploads\/2023\/10\/ClarissaForster13_OliverHochkeppel261023-1-scaled.jpg?resize=898%2C600&amp;ssl=1 898w, https:\/\/i0.wp.com\/www.jazzzeitung.de\/cms\/wp-content\/uploads\/2023\/10\/ClarissaForster13_OliverHochkeppel261023-1-scaled.jpg?resize=768%2C513&amp;ssl=1 768w, https:\/\/i0.wp.com\/www.jazzzeitung.de\/cms\/wp-content\/uploads\/2023\/10\/ClarissaForster13_OliverHochkeppel261023-1-scaled.jpg?resize=1536%2C1027&amp;ssl=1 1536w, https:\/\/i0.wp.com\/www.jazzzeitung.de\/cms\/wp-content\/uploads\/2023\/10\/ClarissaForster13_OliverHochkeppel261023-1-scaled.jpg?resize=2048%2C1369&amp;ssl=1 2048w, https:\/\/i0.wp.com\/www.jazzzeitung.de\/cms\/wp-content\/uploads\/2023\/10\/ClarissaForster13_OliverHochkeppel261023-1-scaled.jpg?resize=120%2C80&amp;ssl=1 120w, https:\/\/i0.wp.com\/www.jazzzeitung.de\/cms\/wp-content\/uploads\/2023\/10\/ClarissaForster13_OliverHochkeppel261023-1-scaled.jpg?resize=1320%2C882&amp;ssl=1 1320w, https:\/\/i0.wp.com\/www.jazzzeitung.de\/cms\/wp-content\/uploads\/2023\/10\/ClarissaForster13_OliverHochkeppel261023-1-scaled.jpg?w=1680&amp;ssl=1 1680w\" width=\"557\" height=\"372\" loading=\"lazy\" data-original-width=\"557\" data-original-height=\"372\" itemprop=\"http:\/\/schema.org\/image\" title=\"\" alt=\"F\u00fcr die wegen Erkrankung ausgefallenen \u00d6sterreicher von CLERQ sprang mit gro\u00dfer Resonanz die talentierte N\u00fcrnberger S\u00e4ngerin Clarissa Forster mit ihrer Band ein. Foto: Oliver Hochkeppel\" style=\"width: 557px; height: 372px;\" \/> <\/a> <div class=\"tiled-gallery-caption\" itemprop=\"caption description\"> F\u00fcr die wegen Erkrankung ausgefallenen \u00d6sterreicher von CLERQ sprang mit gro\u00dfer Resonanz die talentierte N\u00fcrnberger S\u00e4ngerin Clarissa Forster mit ihrer Band ein. Foto: Oliver Hochkeppel <\/div> <\/div> <\/div> <!-- close group --> <div class=\"gallery-group images-2\" style=\"width: 279px; height: 376px;\" data-original-width=\"279\" data-original-height=\"376\" > <div class=\"tiled-gallery-item tiled-gallery-item-large\" itemprop=\"associatedMedia\" itemscope itemtype=\"http:\/\/schema.org\/ImageObject\"> <a href=\"https:\/\/www.jazzzeitung.de\/cms\/2023\/11\/nuejazz-23-in-nuernberg-eine-zehnjaehrige-erfolgsgeschichte\/makeamove7_oliverhochkeppel271023\/\" border=\"0\" itemprop=\"url\"> <meta itemprop=\"width\" content=\"275\"> <meta itemprop=\"height\" content=\"184\"> <img decoding=\"async\" class=\"\" data-attachment-id=\"30220\" data-orig-file=\"https:\/\/www.jazzzeitung.de\/cms\/wp-content\/uploads\/2023\/10\/MakeAMove7_OliverHochkeppel271023-scaled.jpg\" data-orig-size=\"2560,1713\" data-comments-opened=\"1\" data-image-meta=\"{&quot;aperture&quot;:&quot;0&quot;,&quot;credit&quot;:&quot;&quot;,&quot;camera&quot;:&quot;ILCE-7M3&quot;,&quot;caption&quot;:&quot;&quot;,&quot;created_timestamp&quot;:&quot;1698442369&quot;,&quot;copyright&quot;:&quot;&quot;,&quot;focal_length&quot;:&quot;0&quot;,&quot;iso&quot;:&quot;6400&quot;,&quot;shutter_speed&quot;:&quot;0&quot;,&quot;title&quot;:&quot;&quot;,&quot;orientation&quot;:&quot;0&quot;}\" data-image-title=\"\" data-image-description=\"\" data-medium-file=\"https:\/\/i0.wp.com\/www.jazzzeitung.de\/cms\/wp-content\/uploads\/2023\/10\/MakeAMove7_OliverHochkeppel271023-scaled.jpg?fit=300%2C201&#038;ssl=1\" data-large-file=\"https:\/\/i0.wp.com\/www.jazzzeitung.de\/cms\/wp-content\/uploads\/2023\/10\/MakeAMove7_OliverHochkeppel271023-scaled.jpg?fit=840%2C563&#038;ssl=1\" src=\"https:\/\/i0.wp.com\/www.jazzzeitung.de\/cms\/wp-content\/uploads\/2023\/10\/MakeAMove7_OliverHochkeppel271023-scaled.jpg?w=275&#038;h=184&#038;ssl=1\" srcset=\"https:\/\/i0.wp.com\/www.jazzzeitung.de\/cms\/wp-content\/uploads\/2023\/10\/MakeAMove7_OliverHochkeppel271023-scaled.jpg?w=2560&amp;ssl=1 2560w, https:\/\/i0.wp.com\/www.jazzzeitung.de\/cms\/wp-content\/uploads\/2023\/10\/MakeAMove7_OliverHochkeppel271023-scaled.jpg?resize=300%2C201&amp;ssl=1 300w, https:\/\/i0.wp.com\/www.jazzzeitung.de\/cms\/wp-content\/uploads\/2023\/10\/MakeAMove7_OliverHochkeppel271023-scaled.jpg?resize=896%2C600&amp;ssl=1 896w, https:\/\/i0.wp.com\/www.jazzzeitung.de\/cms\/wp-content\/uploads\/2023\/10\/MakeAMove7_OliverHochkeppel271023-scaled.jpg?resize=768%2C514&amp;ssl=1 768w, https:\/\/i0.wp.com\/www.jazzzeitung.de\/cms\/wp-content\/uploads\/2023\/10\/MakeAMove7_OliverHochkeppel271023-scaled.jpg?resize=1536%2C1028&amp;ssl=1 1536w, https:\/\/i0.wp.com\/www.jazzzeitung.de\/cms\/wp-content\/uploads\/2023\/10\/MakeAMove7_OliverHochkeppel271023-scaled.jpg?resize=2048%2C1371&amp;ssl=1 2048w, https:\/\/i0.wp.com\/www.jazzzeitung.de\/cms\/wp-content\/uploads\/2023\/10\/MakeAMove7_OliverHochkeppel271023-scaled.jpg?resize=120%2C80&amp;ssl=1 120w, https:\/\/i0.wp.com\/www.jazzzeitung.de\/cms\/wp-content\/uploads\/2023\/10\/MakeAMove7_OliverHochkeppel271023-scaled.jpg?resize=1320%2C884&amp;ssl=1 1320w, https:\/\/i0.wp.com\/www.jazzzeitung.de\/cms\/wp-content\/uploads\/2023\/10\/MakeAMove7_OliverHochkeppel271023-scaled.jpg?w=1680&amp;ssl=1 1680w\" width=\"275\" height=\"184\" loading=\"lazy\" data-original-width=\"275\" data-original-height=\"184\" itemprop=\"http:\/\/schema.org\/image\" title=\"\" alt=\"Club-Act mit Wumms: Make A Move brachten nicht nur sich selbst, sondern auch das Publikum in Bewegung. Foto: Oliver Hochkeppel\" style=\"width: 275px; height: 184px;\" \/> <\/a> <div class=\"tiled-gallery-caption\" itemprop=\"caption description\"> Club-Act mit Wumms: Make A Move brachten nicht nur sich selbst, sondern auch das Publikum in Bewegung. Foto: Oliver Hochkeppel <\/div> <\/div> <div class=\"tiled-gallery-item tiled-gallery-item-large\" itemprop=\"associatedMedia\" itemscope itemtype=\"http:\/\/schema.org\/ImageObject\"> <a href=\"https:\/\/www.jazzzeitung.de\/cms\/2023\/11\/nuejazz-23-in-nuernberg-eine-zehnjaehrige-erfolgsgeschichte\/shuteenerdenebaatar4_oliverhochkeppel261023\/\" border=\"0\" itemprop=\"url\"> <meta itemprop=\"width\" content=\"275\"> <meta itemprop=\"height\" content=\"184\"> <img decoding=\"async\" class=\"\" data-attachment-id=\"30221\" data-orig-file=\"https:\/\/www.jazzzeitung.de\/cms\/wp-content\/uploads\/2023\/10\/ShuteenErdenebaatar4_OliverHochkeppel261023-scaled.jpg\" data-orig-size=\"2560,1709\" data-comments-opened=\"1\" data-image-meta=\"{&quot;aperture&quot;:&quot;0&quot;,&quot;credit&quot;:&quot;&quot;,&quot;camera&quot;:&quot;ILCE-7M3&quot;,&quot;caption&quot;:&quot;&quot;,&quot;created_timestamp&quot;:&quot;1698354654&quot;,&quot;copyright&quot;:&quot;&quot;,&quot;focal_length&quot;:&quot;0&quot;,&quot;iso&quot;:&quot;6400&quot;,&quot;shutter_speed&quot;:&quot;0&quot;,&quot;title&quot;:&quot;&quot;,&quot;orientation&quot;:&quot;0&quot;}\" data-image-title=\"ShuteenErdenebaatar4_OliverHochkeppel261023\" data-image-description=\"\" data-medium-file=\"https:\/\/i0.wp.com\/www.jazzzeitung.de\/cms\/wp-content\/uploads\/2023\/10\/ShuteenErdenebaatar4_OliverHochkeppel261023-scaled.jpg?fit=300%2C200&#038;ssl=1\" data-large-file=\"https:\/\/i0.wp.com\/www.jazzzeitung.de\/cms\/wp-content\/uploads\/2023\/10\/ShuteenErdenebaatar4_OliverHochkeppel261023-scaled.jpg?fit=840%2C560&#038;ssl=1\" src=\"https:\/\/i0.wp.com\/www.jazzzeitung.de\/cms\/wp-content\/uploads\/2023\/10\/ShuteenErdenebaatar4_OliverHochkeppel261023-scaled.jpg?w=275&#038;h=184&#038;ssl=1\" srcset=\"https:\/\/i0.wp.com\/www.jazzzeitung.de\/cms\/wp-content\/uploads\/2023\/10\/ShuteenErdenebaatar4_OliverHochkeppel261023-scaled.jpg?w=2560&amp;ssl=1 2560w, https:\/\/i0.wp.com\/www.jazzzeitung.de\/cms\/wp-content\/uploads\/2023\/10\/ShuteenErdenebaatar4_OliverHochkeppel261023-scaled.jpg?resize=300%2C200&amp;ssl=1 300w, https:\/\/i0.wp.com\/www.jazzzeitung.de\/cms\/wp-content\/uploads\/2023\/10\/ShuteenErdenebaatar4_OliverHochkeppel261023-scaled.jpg?resize=900%2C600&amp;ssl=1 900w, https:\/\/i0.wp.com\/www.jazzzeitung.de\/cms\/wp-content\/uploads\/2023\/10\/ShuteenErdenebaatar4_OliverHochkeppel261023-scaled.jpg?resize=768%2C513&amp;ssl=1 768w, https:\/\/i0.wp.com\/www.jazzzeitung.de\/cms\/wp-content\/uploads\/2023\/10\/ShuteenErdenebaatar4_OliverHochkeppel261023-scaled.jpg?resize=1536%2C1025&amp;ssl=1 1536w, https:\/\/i0.wp.com\/www.jazzzeitung.de\/cms\/wp-content\/uploads\/2023\/10\/ShuteenErdenebaatar4_OliverHochkeppel261023-scaled.jpg?resize=2048%2C1367&amp;ssl=1 2048w, https:\/\/i0.wp.com\/www.jazzzeitung.de\/cms\/wp-content\/uploads\/2023\/10\/ShuteenErdenebaatar4_OliverHochkeppel261023-scaled.jpg?resize=120%2C80&amp;ssl=1 120w, https:\/\/i0.wp.com\/www.jazzzeitung.de\/cms\/wp-content\/uploads\/2023\/10\/ShuteenErdenebaatar4_OliverHochkeppel261023-scaled.jpg?resize=1320%2C881&amp;ssl=1 1320w, https:\/\/i0.wp.com\/www.jazzzeitung.de\/cms\/wp-content\/uploads\/2023\/10\/ShuteenErdenebaatar4_OliverHochkeppel261023-scaled.jpg?w=1680&amp;ssl=1 1680w\" width=\"275\" height=\"184\" loading=\"lazy\" data-original-width=\"275\" data-original-height=\"184\" itemprop=\"http:\/\/schema.org\/image\" title=\"ShuteenErdenebaatar4_OliverHochkeppel261023\" alt=\"Klavier-Aufsteigerin des Jahres: Die in M\u00fcnchen lebende Pianistin Shuteen Erdenebaatar stellte mit ihrem Quartett aus weiteren Top-Talenten ihr beim New Yorker Motema-Label erschienenes Deb\u00fctalbum vor. Foto: Oliver Hochkeppel\" style=\"width: 275px; height: 184px;\" \/> <\/a> <div class=\"tiled-gallery-caption\" itemprop=\"caption description\"> Klavier-Aufsteigerin des Jahres: Die in M\u00fcnchen lebende Pianistin Shuteen Erdenebaatar stellte mit ihrem Quartett aus weiteren Top-Talenten ihr beim New Yorker Motema-Label erschienenes Deb\u00fctalbum vor. Foto: Oliver Hochkeppel <\/div> <\/div> <\/div> <!-- close group --> <\/div> <!-- close row --> <\/div>\n<p>Neben dem gewohnten Rahmenprogramm mit Ausstellung, NueJazz for Kids, Workshop und Jam Sessions g\u00f6nnte man sich zum Jubil\u00e4um auch Neues: Einmal das Bigband-Projekt <em>European Jazz Companions<\/em> mit 24 deutschen und franz\u00f6sischen Musikern samt der britischen S\u00e4ngerin Georgia C\u00e9cile als Stargast. In Kooperation mit dem N\u00fcrnberger Amt f\u00fcr internationale Beziehungen und der Tafelhalle bestritt man dort mit Kompositionen und unter Leitung von Steffen Schorn und Pierre Bertrand das offizielle Jubil\u00e4umskonzert. Dann gab es den ersten \u201eNuecomer Jazz Award\u201c f\u00fcr N\u00fcrnberger Jazz-Studierende. Und schlie\u00dflich ebenfalls erstmals eine Buchvorstellung samt Podiumsdiskussion. Peter Kempers \u201eSound of Rebellion\u201c, wo der langj\u00e4hrige hr-Redakteur, FAZ-Autor und Musikfachmann die Jazzgeschichte als Emanzipationsgeschichte der schwarzen Musiker erz\u00e4hlt, passte denn auch perfekt zum Programm.<\/p>\n<h3>Langfristige Planung angestrebt<\/h3>\n<p>Ein Monsterprogramm angesichts des doch bescheidenen Etats, den man zur Verf\u00fcgung hat. K\u00e4mpft man doch Jahr f\u00fcr Jahr um die verschiedensten recht bescheidenen F\u00f6rdermittel, mit denen man nie langfristig planen kann. Und die so sp\u00e4t ausgezahlt werden, dass wir \u201eunterm Jahr schon insolvent w\u00e4ren, wenn wir nicht dank unserer ausverkauften Konzerte noch Reserven h\u00e4tten\u201c, wie Wuppinger berichtet. Zwar bekam man heuer den (ebenfalls eher bescheiden dotierten) N\u00fcrnberger Kulturpreis, doch f\u00fcr das Jubil\u00e4um gab es nirgendwo etwas extra. Es w\u00e4re w\u00fcnschenswert, wenn bei der Politik irgendwann ank\u00e4me, dass die freie Kulturszene gerade mit Projekten wie dem NueJazz mittlerweile der letzte Klebstoff einer immer weiter auseinanderdriftenden Digitalgesellschaft ist. Vom Publikum d\u00fcrfen sich die NueJazz-Macher jedenfalls auf ihrem Weg best\u00e4tigt f\u00fchlen. Nicht nur waren alle (Bezahl-)Konzerte ausverkauft, die Besucher waren auch generell auffallend gemischt und jung.<\/p>\n<p>Text und Fotos: Oliver Hochkeppel<\/p>\n<p>Beitragsbild: Dywane Thomas alias MonoNeon<\/p>\n<p>&nbsp;<\/p>\n<p><strong>\u00a0<\/strong><\/p>\n<p><strong>\u00a0<\/strong><\/p>\n","protected":false},"excerpt":{"rendered":"<p>Man hat eine Erfolgsgeschichte feiern k\u00f6nnen Ende Oktober in N\u00fcrnberg. In zehn Jahren hat sich das NueJazz-Festival vom Versuchsballon des Vereins N\u00fcrnberger Jazzmusiker zum weithin beachteten Aufgalopp nationaler wie internationaler Gr\u00f6\u00dfen entwickelt. Auch heuer haben die Gr\u00fcnder und Leiter Frank Wuppinger und Marco K\u00fchnl beim gelungenen Jubil\u00e4um ein aufsehenerregend abwechslungsreiches und mitrei\u00dfendes Programm vorgelegt. \u201eAnfangs haben wir einfach befreundete Musiker eingeladen,\u201c erz\u00e4hlt der Gitarrist Marco K\u00fchnl, der gemeinsam mit dem Kontrabassisten Frank Wuppinger die Sache ausgebr\u00fctet hat \u2013 als Herzensangelegenheit von Musikern eben. \u201eNach und nach hat es sich professionalisiert. Aber wir haben uns den Musikerblick erhalten.\u201c Ein Blick, der sich nicht nach Verkaufszahlen oder Presse-Echo richtet, sondern sich auf das eigene Gesp\u00fcr f\u00fcr die zum Festival passenden Kollegen verl\u00e4sst. Ob Newcomer oder etablierte Stars, passend sind sie, wenn sie \u201eauch unge\u00fcbten H\u00f6rern die Angst vor dem Jazz nehmen,\u201c wie es Wuppinger formuliert. Dementsprechend haben Stil- oder Genregrenzen nie eine Rolle gespielt. Auch Hip-Hop-, Indie-Pop- oder DJ-Acts finden Platz, solange sie im Jazz-Spirit stehen. Hauptsache, es ist hochkar\u00e4tig, spannend und aktuell. \u201eKein Mainstream, kein Motto\u201c, bringt K\u00fchnl das Festival-Konzept auf den Punkt. Die Schwerpunkte Was &hellip;<\/p>\n","protected":false},"author":18,"featured_media":30225,"comment_status":"open","ping_status":"closed","sticky":false,"template":"","format":"standard","meta":{"_jetpack_memberships_contains_paid_content":false,"footnotes":"","jetpack_publicize_message":"","jetpack_publicize_feature_enabled":true,"jetpack_social_post_already_shared":false,"jetpack_social_options":{"image_generator_settings":{"template":"highway","default_image_id":0,"font":"","enabled":false},"version":2}},"categories":[1053],"tags":[5178,5176,5172,5177,5174,5173,5175,4209],"coauthors":[695],"class_list":["post-30211","post","type-post","status-publish","format-standard","has-post-thumbnail","hentry","category-bericht","tag-clarissa-forster","tag-cory-henry","tag-frank-wuppinger","tag-jan-prax","tag-lakecia","tag-marco-kuehnl","tag-mononeon","tag-shuteen-erdenebaatar"],"yoast_head":"<!-- This site is optimized with the Yoast SEO plugin v27.5 - https:\/\/yoast.com\/product\/yoast-seo-wordpress\/ -->\n<title>NueJazz 23 in N\u00fcrnberg: Eine zehnj\u00e4hrige Erfolgsgeschichte - JazzZeitung<\/title>\n<meta name=\"robots\" content=\"index, follow, max-snippet:-1, max-image-preview:large, max-video-preview:-1\" \/>\n<link rel=\"canonical\" href=\"https:\/\/www.jazzzeitung.de\/cms\/2023\/11\/nuejazz-23-in-nuernberg-eine-zehnjaehrige-erfolgsgeschichte\/\" \/>\n<meta property=\"og:locale\" content=\"de_DE\" \/>\n<meta property=\"og:type\" content=\"article\" \/>\n<meta property=\"og:title\" content=\"NueJazz 23 in N\u00fcrnberg: Eine zehnj\u00e4hrige Erfolgsgeschichte - JazzZeitung\" \/>\n<meta property=\"og:description\" content=\"Man hat eine Erfolgsgeschichte feiern k\u00f6nnen Ende Oktober in N\u00fcrnberg. In zehn Jahren hat sich das NueJazz-Festival vom Versuchsballon des Vereins N\u00fcrnberger Jazzmusiker zum weithin beachteten Aufgalopp nationaler wie internationaler Gr\u00f6\u00dfen entwickelt. Auch heuer haben die Gr\u00fcnder und Leiter Frank Wuppinger und Marco K\u00fchnl beim gelungenen Jubil\u00e4um ein aufsehenerregend abwechslungsreiches und mitrei\u00dfendes Programm vorgelegt. \u201eAnfangs haben wir einfach befreundete Musiker eingeladen,\u201c erz\u00e4hlt der Gitarrist Marco K\u00fchnl, der gemeinsam mit dem Kontrabassisten Frank Wuppinger die Sache ausgebr\u00fctet hat \u2013 als Herzensangelegenheit von Musikern eben. \u201eNach und nach hat es sich professionalisiert. Aber wir haben uns den Musikerblick erhalten.\u201c Ein Blick, der sich nicht nach Verkaufszahlen oder Presse-Echo richtet, sondern sich auf das eigene Gesp\u00fcr f\u00fcr die zum Festival passenden Kollegen verl\u00e4sst. Ob Newcomer oder etablierte Stars, passend sind sie, wenn sie \u201eauch unge\u00fcbten H\u00f6rern die Angst vor dem Jazz nehmen,\u201c wie es Wuppinger formuliert. Dementsprechend haben Stil- oder Genregrenzen nie eine Rolle gespielt. Auch Hip-Hop-, Indie-Pop- oder DJ-Acts finden Platz, solange sie im Jazz-Spirit stehen. Hauptsache, es ist hochkar\u00e4tig, spannend und aktuell. \u201eKein Mainstream, kein Motto\u201c, bringt K\u00fchnl das Festival-Konzept auf den Punkt. Die Schwerpunkte Was &hellip;\" \/>\n<meta property=\"og:url\" content=\"https:\/\/www.jazzzeitung.de\/cms\/2023\/11\/nuejazz-23-in-nuernberg-eine-zehnjaehrige-erfolgsgeschichte\/\" \/>\n<meta property=\"og:site_name\" content=\"JazzZeitung\" \/>\n<meta property=\"article:publisher\" content=\"https:\/\/www.facebook.com\/JazzZeitung\/\" \/>\n<meta property=\"article:published_time\" content=\"2023-11-02T06:01:49+00:00\" \/>\n<meta property=\"og:image\" content=\"https:\/\/i0.wp.com\/www.jazzzeitung.de\/cms\/wp-content\/uploads\/2023\/10\/Mononeon1_OliverHochkeppel251023-1-scaled.jpg?fit=2560%2C1703&ssl=1\" \/>\n\t<meta property=\"og:image:width\" content=\"2560\" \/>\n\t<meta property=\"og:image:height\" content=\"1703\" \/>\n\t<meta property=\"og:image:type\" content=\"image\/jpeg\" \/>\n<meta name=\"author\" content=\"Redaktion JazzZeitung\" \/>\n<script type=\"application\/ld+json\" class=\"yoast-schema-graph\">{\"@context\":\"https:\\\/\\\/schema.org\",\"@graph\":[{\"@type\":\"Article\",\"@id\":\"https:\\\/\\\/www.jazzzeitung.de\\\/cms\\\/2023\\\/11\\\/nuejazz-23-in-nuernberg-eine-zehnjaehrige-erfolgsgeschichte\\\/#article\",\"isPartOf\":{\"@id\":\"https:\\\/\\\/www.jazzzeitung.de\\\/cms\\\/2023\\\/11\\\/nuejazz-23-in-nuernberg-eine-zehnjaehrige-erfolgsgeschichte\\\/\"},\"author\":{\"name\":\"Redaktion JazzZeitung\",\"@id\":\"https:\\\/\\\/www.jazzzeitung.de\\\/cms\\\/#\\\/schema\\\/person\\\/2245b36b9cd1d24cea10f01c031fb92b\"},\"headline\":\"NueJazz 23 in N\u00fcrnberg: Eine zehnj\u00e4hrige Erfolgsgeschichte\",\"datePublished\":\"2023-11-02T06:01:49+00:00\",\"mainEntityOfPage\":{\"@id\":\"https:\\\/\\\/www.jazzzeitung.de\\\/cms\\\/2023\\\/11\\\/nuejazz-23-in-nuernberg-eine-zehnjaehrige-erfolgsgeschichte\\\/\"},\"wordCount\":896,\"commentCount\":0,\"publisher\":{\"@id\":\"https:\\\/\\\/www.jazzzeitung.de\\\/cms\\\/#organization\"},\"image\":{\"@id\":\"https:\\\/\\\/www.jazzzeitung.de\\\/cms\\\/2023\\\/11\\\/nuejazz-23-in-nuernberg-eine-zehnjaehrige-erfolgsgeschichte\\\/#primaryimage\"},\"thumbnailUrl\":\"https:\\\/\\\/i0.wp.com\\\/www.jazzzeitung.de\\\/cms\\\/wp-content\\\/uploads\\\/2023\\\/10\\\/Mononeon1_OliverHochkeppel251023-1-scaled.jpg?fit=2560%2C1703&ssl=1\",\"keywords\":[\"Clarissa Forster\",\"Cory Henry\",\"Frank Wuppinger\",\"Jan Prax\",\"Lakecia\",\"Marco K\u00fchnl\",\"MonoNeon\",\"Shuteen Erdenebaatar\"],\"articleSection\":[\"Bericht\"],\"inLanguage\":\"de\",\"potentialAction\":[{\"@type\":\"CommentAction\",\"name\":\"Comment\",\"target\":[\"https:\\\/\\\/www.jazzzeitung.de\\\/cms\\\/2023\\\/11\\\/nuejazz-23-in-nuernberg-eine-zehnjaehrige-erfolgsgeschichte\\\/#respond\"]}]},{\"@type\":\"WebPage\",\"@id\":\"https:\\\/\\\/www.jazzzeitung.de\\\/cms\\\/2023\\\/11\\\/nuejazz-23-in-nuernberg-eine-zehnjaehrige-erfolgsgeschichte\\\/\",\"url\":\"https:\\\/\\\/www.jazzzeitung.de\\\/cms\\\/2023\\\/11\\\/nuejazz-23-in-nuernberg-eine-zehnjaehrige-erfolgsgeschichte\\\/\",\"name\":\"NueJazz 23 in N\u00fcrnberg: Eine zehnj\u00e4hrige Erfolgsgeschichte - JazzZeitung\",\"isPartOf\":{\"@id\":\"https:\\\/\\\/www.jazzzeitung.de\\\/cms\\\/#website\"},\"primaryImageOfPage\":{\"@id\":\"https:\\\/\\\/www.jazzzeitung.de\\\/cms\\\/2023\\\/11\\\/nuejazz-23-in-nuernberg-eine-zehnjaehrige-erfolgsgeschichte\\\/#primaryimage\"},\"image\":{\"@id\":\"https:\\\/\\\/www.jazzzeitung.de\\\/cms\\\/2023\\\/11\\\/nuejazz-23-in-nuernberg-eine-zehnjaehrige-erfolgsgeschichte\\\/#primaryimage\"},\"thumbnailUrl\":\"https:\\\/\\\/i0.wp.com\\\/www.jazzzeitung.de\\\/cms\\\/wp-content\\\/uploads\\\/2023\\\/10\\\/Mononeon1_OliverHochkeppel251023-1-scaled.jpg?fit=2560%2C1703&ssl=1\",\"datePublished\":\"2023-11-02T06:01:49+00:00\",\"breadcrumb\":{\"@id\":\"https:\\\/\\\/www.jazzzeitung.de\\\/cms\\\/2023\\\/11\\\/nuejazz-23-in-nuernberg-eine-zehnjaehrige-erfolgsgeschichte\\\/#breadcrumb\"},\"inLanguage\":\"de\",\"potentialAction\":[{\"@type\":\"ReadAction\",\"target\":[\"https:\\\/\\\/www.jazzzeitung.de\\\/cms\\\/2023\\\/11\\\/nuejazz-23-in-nuernberg-eine-zehnjaehrige-erfolgsgeschichte\\\/\"]}]},{\"@type\":\"ImageObject\",\"inLanguage\":\"de\",\"@id\":\"https:\\\/\\\/www.jazzzeitung.de\\\/cms\\\/2023\\\/11\\\/nuejazz-23-in-nuernberg-eine-zehnjaehrige-erfolgsgeschichte\\\/#primaryimage\",\"url\":\"https:\\\/\\\/i0.wp.com\\\/www.jazzzeitung.de\\\/cms\\\/wp-content\\\/uploads\\\/2023\\\/10\\\/Mononeon1_OliverHochkeppel251023-1-scaled.jpg?fit=2560%2C1703&ssl=1\",\"contentUrl\":\"https:\\\/\\\/i0.wp.com\\\/www.jazzzeitung.de\\\/cms\\\/wp-content\\\/uploads\\\/2023\\\/10\\\/Mononeon1_OliverHochkeppel251023-1-scaled.jpg?fit=2560%2C1703&ssl=1\",\"width\":2560,\"height\":1703},{\"@type\":\"BreadcrumbList\",\"@id\":\"https:\\\/\\\/www.jazzzeitung.de\\\/cms\\\/2023\\\/11\\\/nuejazz-23-in-nuernberg-eine-zehnjaehrige-erfolgsgeschichte\\\/#breadcrumb\",\"itemListElement\":[{\"@type\":\"ListItem\",\"position\":1,\"name\":\"Startseite\",\"item\":\"https:\\\/\\\/www.jazzzeitung.de\\\/cms\\\/\"},{\"@type\":\"ListItem\",\"position\":2,\"name\":\"NueJazz 23 in N\u00fcrnberg: Eine zehnj\u00e4hrige Erfolgsgeschichte\"}]},{\"@type\":\"WebSite\",\"@id\":\"https:\\\/\\\/www.jazzzeitung.de\\\/cms\\\/#website\",\"url\":\"https:\\\/\\\/www.jazzzeitung.de\\\/cms\\\/\",\"name\":\"JazzZeitung\",\"description\":\"Jazz-News und Jazz-Kontroverses\",\"publisher\":{\"@id\":\"https:\\\/\\\/www.jazzzeitung.de\\\/cms\\\/#organization\"},\"potentialAction\":[{\"@type\":\"SearchAction\",\"target\":{\"@type\":\"EntryPoint\",\"urlTemplate\":\"https:\\\/\\\/www.jazzzeitung.de\\\/cms\\\/?s={search_term_string}\"},\"query-input\":{\"@type\":\"PropertyValueSpecification\",\"valueRequired\":true,\"valueName\":\"search_term_string\"}}],\"inLanguage\":\"de\"},{\"@type\":\"Organization\",\"@id\":\"https:\\\/\\\/www.jazzzeitung.de\\\/cms\\\/#organization\",\"name\":\"JazzZeitung online\",\"url\":\"https:\\\/\\\/www.jazzzeitung.de\\\/cms\\\/\",\"logo\":{\"@type\":\"ImageObject\",\"inLanguage\":\"de\",\"@id\":\"https:\\\/\\\/www.jazzzeitung.de\\\/cms\\\/#\\\/schema\\\/logo\\\/image\\\/\",\"url\":\"https:\\\/\\\/i0.wp.com\\\/www.jazzzeitung.de\\\/cms\\\/wp-content\\\/uploads\\\/2015\\\/08\\\/JAZZZEITUNGDE_Logo_Neu.png?fit=499%2C200&ssl=1\",\"contentUrl\":\"https:\\\/\\\/i0.wp.com\\\/www.jazzzeitung.de\\\/cms\\\/wp-content\\\/uploads\\\/2015\\\/08\\\/JAZZZEITUNGDE_Logo_Neu.png?fit=499%2C200&ssl=1\",\"width\":499,\"height\":200,\"caption\":\"JazzZeitung online\"},\"image\":{\"@id\":\"https:\\\/\\\/www.jazzzeitung.de\\\/cms\\\/#\\\/schema\\\/logo\\\/image\\\/\"},\"sameAs\":[\"https:\\\/\\\/www.facebook.com\\\/JazzZeitung\\\/\"]},{\"@type\":\"Person\",\"@id\":\"https:\\\/\\\/www.jazzzeitung.de\\\/cms\\\/#\\\/schema\\\/person\\\/2245b36b9cd1d24cea10f01c031fb92b\",\"name\":\"Redaktion JazzZeitung\",\"image\":{\"@type\":\"ImageObject\",\"inLanguage\":\"de\",\"@id\":\"https:\\\/\\\/i0.wp.com\\\/www.jazzzeitung.de\\\/cms\\\/wp-content\\\/uploads\\\/2015\\\/08\\\/JAZZZEITUNGDE_Logo_Neu.png?resize=96%2C96&ssl=159975dcacb611b5700bd619b5daf0a7a\",\"url\":\"https:\\\/\\\/i0.wp.com\\\/www.jazzzeitung.de\\\/cms\\\/wp-content\\\/uploads\\\/2015\\\/08\\\/JAZZZEITUNGDE_Logo_Neu.png?resize=96%2C96&ssl=1\",\"contentUrl\":\"https:\\\/\\\/i0.wp.com\\\/www.jazzzeitung.de\\\/cms\\\/wp-content\\\/uploads\\\/2015\\\/08\\\/JAZZZEITUNGDE_Logo_Neu.png?resize=96%2C96&ssl=1\",\"caption\":\"Redaktion JazzZeitung\"},\"description\":\"Artikel der Redaktion der JazzZeitung.\",\"sameAs\":[\"http:\\\/\\\/www.jazzzeitung.de\\\/cms\\\/\"],\"url\":\"https:\\\/\\\/www.jazzzeitung.de\\\/cms\\\/author\\\/redaktion\\\/\"}]}<\/script>\n<!-- \/ Yoast SEO plugin. -->","yoast_head_json":{"title":"NueJazz 23 in N\u00fcrnberg: Eine zehnj\u00e4hrige Erfolgsgeschichte - JazzZeitung","robots":{"index":"index","follow":"follow","max-snippet":"max-snippet:-1","max-image-preview":"max-image-preview:large","max-video-preview":"max-video-preview:-1"},"canonical":"https:\/\/www.jazzzeitung.de\/cms\/2023\/11\/nuejazz-23-in-nuernberg-eine-zehnjaehrige-erfolgsgeschichte\/","og_locale":"de_DE","og_type":"article","og_title":"NueJazz 23 in N\u00fcrnberg: Eine zehnj\u00e4hrige Erfolgsgeschichte - JazzZeitung","og_description":"Man hat eine Erfolgsgeschichte feiern k\u00f6nnen Ende Oktober in N\u00fcrnberg. In zehn Jahren hat sich das NueJazz-Festival vom Versuchsballon des Vereins N\u00fcrnberger Jazzmusiker zum weithin beachteten Aufgalopp nationaler wie internationaler Gr\u00f6\u00dfen entwickelt. Auch heuer haben die Gr\u00fcnder und Leiter Frank Wuppinger und Marco K\u00fchnl beim gelungenen Jubil\u00e4um ein aufsehenerregend abwechslungsreiches und mitrei\u00dfendes Programm vorgelegt. \u201eAnfangs haben wir einfach befreundete Musiker eingeladen,\u201c erz\u00e4hlt der Gitarrist Marco K\u00fchnl, der gemeinsam mit dem Kontrabassisten Frank Wuppinger die Sache ausgebr\u00fctet hat \u2013 als Herzensangelegenheit von Musikern eben. \u201eNach und nach hat es sich professionalisiert. Aber wir haben uns den Musikerblick erhalten.\u201c Ein Blick, der sich nicht nach Verkaufszahlen oder Presse-Echo richtet, sondern sich auf das eigene Gesp\u00fcr f\u00fcr die zum Festival passenden Kollegen verl\u00e4sst. Ob Newcomer oder etablierte Stars, passend sind sie, wenn sie \u201eauch unge\u00fcbten H\u00f6rern die Angst vor dem Jazz nehmen,\u201c wie es Wuppinger formuliert. Dementsprechend haben Stil- oder Genregrenzen nie eine Rolle gespielt. Auch Hip-Hop-, Indie-Pop- oder DJ-Acts finden Platz, solange sie im Jazz-Spirit stehen. Hauptsache, es ist hochkar\u00e4tig, spannend und aktuell. \u201eKein Mainstream, kein Motto\u201c, bringt K\u00fchnl das Festival-Konzept auf den Punkt. Die Schwerpunkte Was &hellip;","og_url":"https:\/\/www.jazzzeitung.de\/cms\/2023\/11\/nuejazz-23-in-nuernberg-eine-zehnjaehrige-erfolgsgeschichte\/","og_site_name":"JazzZeitung","article_publisher":"https:\/\/www.facebook.com\/JazzZeitung\/","article_published_time":"2023-11-02T06:01:49+00:00","og_image":[{"width":2560,"height":1703,"url":"https:\/\/i0.wp.com\/www.jazzzeitung.de\/cms\/wp-content\/uploads\/2023\/10\/Mononeon1_OliverHochkeppel251023-1-scaled.jpg?fit=2560%2C1703&ssl=1","type":"image\/jpeg"}],"author":"Redaktion JazzZeitung","schema":{"@context":"https:\/\/schema.org","@graph":[{"@type":"Article","@id":"https:\/\/www.jazzzeitung.de\/cms\/2023\/11\/nuejazz-23-in-nuernberg-eine-zehnjaehrige-erfolgsgeschichte\/#article","isPartOf":{"@id":"https:\/\/www.jazzzeitung.de\/cms\/2023\/11\/nuejazz-23-in-nuernberg-eine-zehnjaehrige-erfolgsgeschichte\/"},"author":{"name":"Redaktion JazzZeitung","@id":"https:\/\/www.jazzzeitung.de\/cms\/#\/schema\/person\/2245b36b9cd1d24cea10f01c031fb92b"},"headline":"NueJazz 23 in N\u00fcrnberg: Eine zehnj\u00e4hrige Erfolgsgeschichte","datePublished":"2023-11-02T06:01:49+00:00","mainEntityOfPage":{"@id":"https:\/\/www.jazzzeitung.de\/cms\/2023\/11\/nuejazz-23-in-nuernberg-eine-zehnjaehrige-erfolgsgeschichte\/"},"wordCount":896,"commentCount":0,"publisher":{"@id":"https:\/\/www.jazzzeitung.de\/cms\/#organization"},"image":{"@id":"https:\/\/www.jazzzeitung.de\/cms\/2023\/11\/nuejazz-23-in-nuernberg-eine-zehnjaehrige-erfolgsgeschichte\/#primaryimage"},"thumbnailUrl":"https:\/\/i0.wp.com\/www.jazzzeitung.de\/cms\/wp-content\/uploads\/2023\/10\/Mononeon1_OliverHochkeppel251023-1-scaled.jpg?fit=2560%2C1703&ssl=1","keywords":["Clarissa Forster","Cory Henry","Frank Wuppinger","Jan Prax","Lakecia","Marco K\u00fchnl","MonoNeon","Shuteen Erdenebaatar"],"articleSection":["Bericht"],"inLanguage":"de","potentialAction":[{"@type":"CommentAction","name":"Comment","target":["https:\/\/www.jazzzeitung.de\/cms\/2023\/11\/nuejazz-23-in-nuernberg-eine-zehnjaehrige-erfolgsgeschichte\/#respond"]}]},{"@type":"WebPage","@id":"https:\/\/www.jazzzeitung.de\/cms\/2023\/11\/nuejazz-23-in-nuernberg-eine-zehnjaehrige-erfolgsgeschichte\/","url":"https:\/\/www.jazzzeitung.de\/cms\/2023\/11\/nuejazz-23-in-nuernberg-eine-zehnjaehrige-erfolgsgeschichte\/","name":"NueJazz 23 in N\u00fcrnberg: Eine zehnj\u00e4hrige Erfolgsgeschichte - JazzZeitung","isPartOf":{"@id":"https:\/\/www.jazzzeitung.de\/cms\/#website"},"primaryImageOfPage":{"@id":"https:\/\/www.jazzzeitung.de\/cms\/2023\/11\/nuejazz-23-in-nuernberg-eine-zehnjaehrige-erfolgsgeschichte\/#primaryimage"},"image":{"@id":"https:\/\/www.jazzzeitung.de\/cms\/2023\/11\/nuejazz-23-in-nuernberg-eine-zehnjaehrige-erfolgsgeschichte\/#primaryimage"},"thumbnailUrl":"https:\/\/i0.wp.com\/www.jazzzeitung.de\/cms\/wp-content\/uploads\/2023\/10\/Mononeon1_OliverHochkeppel251023-1-scaled.jpg?fit=2560%2C1703&ssl=1","datePublished":"2023-11-02T06:01:49+00:00","breadcrumb":{"@id":"https:\/\/www.jazzzeitung.de\/cms\/2023\/11\/nuejazz-23-in-nuernberg-eine-zehnjaehrige-erfolgsgeschichte\/#breadcrumb"},"inLanguage":"de","potentialAction":[{"@type":"ReadAction","target":["https:\/\/www.jazzzeitung.de\/cms\/2023\/11\/nuejazz-23-in-nuernberg-eine-zehnjaehrige-erfolgsgeschichte\/"]}]},{"@type":"ImageObject","inLanguage":"de","@id":"https:\/\/www.jazzzeitung.de\/cms\/2023\/11\/nuejazz-23-in-nuernberg-eine-zehnjaehrige-erfolgsgeschichte\/#primaryimage","url":"https:\/\/i0.wp.com\/www.jazzzeitung.de\/cms\/wp-content\/uploads\/2023\/10\/Mononeon1_OliverHochkeppel251023-1-scaled.jpg?fit=2560%2C1703&ssl=1","contentUrl":"https:\/\/i0.wp.com\/www.jazzzeitung.de\/cms\/wp-content\/uploads\/2023\/10\/Mononeon1_OliverHochkeppel251023-1-scaled.jpg?fit=2560%2C1703&ssl=1","width":2560,"height":1703},{"@type":"BreadcrumbList","@id":"https:\/\/www.jazzzeitung.de\/cms\/2023\/11\/nuejazz-23-in-nuernberg-eine-zehnjaehrige-erfolgsgeschichte\/#breadcrumb","itemListElement":[{"@type":"ListItem","position":1,"name":"Startseite","item":"https:\/\/www.jazzzeitung.de\/cms\/"},{"@type":"ListItem","position":2,"name":"NueJazz 23 in N\u00fcrnberg: Eine zehnj\u00e4hrige Erfolgsgeschichte"}]},{"@type":"WebSite","@id":"https:\/\/www.jazzzeitung.de\/cms\/#website","url":"https:\/\/www.jazzzeitung.de\/cms\/","name":"JazzZeitung","description":"Jazz-News und Jazz-Kontroverses","publisher":{"@id":"https:\/\/www.jazzzeitung.de\/cms\/#organization"},"potentialAction":[{"@type":"SearchAction","target":{"@type":"EntryPoint","urlTemplate":"https:\/\/www.jazzzeitung.de\/cms\/?s={search_term_string}"},"query-input":{"@type":"PropertyValueSpecification","valueRequired":true,"valueName":"search_term_string"}}],"inLanguage":"de"},{"@type":"Organization","@id":"https:\/\/www.jazzzeitung.de\/cms\/#organization","name":"JazzZeitung online","url":"https:\/\/www.jazzzeitung.de\/cms\/","logo":{"@type":"ImageObject","inLanguage":"de","@id":"https:\/\/www.jazzzeitung.de\/cms\/#\/schema\/logo\/image\/","url":"https:\/\/i0.wp.com\/www.jazzzeitung.de\/cms\/wp-content\/uploads\/2015\/08\/JAZZZEITUNGDE_Logo_Neu.png?fit=499%2C200&ssl=1","contentUrl":"https:\/\/i0.wp.com\/www.jazzzeitung.de\/cms\/wp-content\/uploads\/2015\/08\/JAZZZEITUNGDE_Logo_Neu.png?fit=499%2C200&ssl=1","width":499,"height":200,"caption":"JazzZeitung online"},"image":{"@id":"https:\/\/www.jazzzeitung.de\/cms\/#\/schema\/logo\/image\/"},"sameAs":["https:\/\/www.facebook.com\/JazzZeitung\/"]},{"@type":"Person","@id":"https:\/\/www.jazzzeitung.de\/cms\/#\/schema\/person\/2245b36b9cd1d24cea10f01c031fb92b","name":"Redaktion JazzZeitung","image":{"@type":"ImageObject","inLanguage":"de","@id":"https:\/\/i0.wp.com\/www.jazzzeitung.de\/cms\/wp-content\/uploads\/2015\/08\/JAZZZEITUNGDE_Logo_Neu.png?resize=96%2C96&ssl=159975dcacb611b5700bd619b5daf0a7a","url":"https:\/\/i0.wp.com\/www.jazzzeitung.de\/cms\/wp-content\/uploads\/2015\/08\/JAZZZEITUNGDE_Logo_Neu.png?resize=96%2C96&ssl=1","contentUrl":"https:\/\/i0.wp.com\/www.jazzzeitung.de\/cms\/wp-content\/uploads\/2015\/08\/JAZZZEITUNGDE_Logo_Neu.png?resize=96%2C96&ssl=1","caption":"Redaktion JazzZeitung"},"description":"Artikel der Redaktion der JazzZeitung.","sameAs":["http:\/\/www.jazzzeitung.de\/cms\/"],"url":"https:\/\/www.jazzzeitung.de\/cms\/author\/redaktion\/"}]}},"wp-worthy-pixel":{"ignored":false,"public":null,"server":null,"url":null},"wp-worthy-type":"normal","jetpack_publicize_connections":[],"cc_featured_image_caption":{"caption_text":"","source_text":"","source_url":""},"jetpack_featured_media_url":"https:\/\/i0.wp.com\/www.jazzzeitung.de\/cms\/wp-content\/uploads\/2023\/10\/Mononeon1_OliverHochkeppel251023-1-scaled.jpg?fit=2560%2C1703&ssl=1","jetpack_shortlink":"https:\/\/wp.me\/p3KEcT-7Rh","jetpack-related-posts":[{"id":24586,"url":"https:\/\/www.jazzzeitung.de\/cms\/2021\/03\/fly-me-to-the-moon-gestreamtes-schulkonzert-am-25-26-maerz-aus-nuernberg\/","url_meta":{"origin":30211,"position":0},"title":"\u201eFLY ME TO THE MOON\u201c \u2013\u00a0gestreamtes Schulkonzert am 25.\/26. M\u00e4rz aus N\u00fcrnberg","author":"Redaktion JazzZeitung","date":"24. M\u00e4rz 2021","format":false,"excerpt":"Mit \u201eFLY ME TO THE MOON\u201c pr\u00e4sentieren die NUEJAZZ-Veranstalter eine 45-min\u00fctige Musik-Show f\u00fcr Kinder von 4 bis 9 Jahren. Das am 25. und 26. M\u00e4rz (jeweils um 9.45 Uhr) gestreamte Live-Schulkonzert ist kostenlos f\u00fcr alle Schulen, Kinderg\u00e4rten, Kitas, Kinder und deren Eltern. NUEJAZZ-Intendant Frank Wuppinger: \u201eDie Kinder werden dabei viele\u2026","rel":"","context":"In &quot;News&quot;","block_context":{"text":"News","link":"https:\/\/www.jazzzeitung.de\/cms\/thema\/nachrichten\/"},"img":{"alt_text":"","src":"https:\/\/i0.wp.com\/www.jazzzeitung.de\/cms\/wp-content\/uploads\/2021\/03\/Schulkonzert.jpg?fit=850%2C566&ssl=1&resize=350%2C200","width":350,"height":200,"srcset":"https:\/\/i0.wp.com\/www.jazzzeitung.de\/cms\/wp-content\/uploads\/2021\/03\/Schulkonzert.jpg?fit=850%2C566&ssl=1&resize=350%2C200 1x, https:\/\/i0.wp.com\/www.jazzzeitung.de\/cms\/wp-content\/uploads\/2021\/03\/Schulkonzert.jpg?fit=850%2C566&ssl=1&resize=525%2C300 1.5x, https:\/\/i0.wp.com\/www.jazzzeitung.de\/cms\/wp-content\/uploads\/2021\/03\/Schulkonzert.jpg?fit=850%2C566&ssl=1&resize=700%2C400 2x"},"classes":[]},{"id":33303,"url":"https:\/\/www.jazzzeitung.de\/cms\/2025\/11\/preistraeger-konzerte-im-festival-format-beim-nuejazz-festival-in-nuernberg\/","url_meta":{"origin":30211,"position":1},"title":"Preistr\u00e4ger-Konzerte im Festival-Format beim NueJazz Festival in N\u00fcrnberg","author":"Redaktion JazzZeitung","date":"5. November 2025","format":false,"excerpt":"In nur etwas \u00fcber zehn Jahren hat sich das von den Musikern Frank Wuppinger und Marco K\u00fchnl ins Leben gerufene und geleitete NueJazz Festival nicht nur in der eigenen Stadt N\u00fcrnberg etabliert, sondern sich auch \u00fcberregional einen Ruf erarbeitet. Mit dem Gewinn des Deutschen Jazzpreises als \u201ebestes Jazzfestival des Jahres\u2026","rel":"","context":"In &quot;Bericht&quot;","block_context":{"text":"Bericht","link":"https:\/\/www.jazzzeitung.de\/cms\/thema\/bericht\/"},"img":{"alt_text":"","src":"https:\/\/i0.wp.com\/www.jazzzeitung.de\/cms\/wp-content\/uploads\/2025\/11\/SeraKalo3_OliverHochkeppel251025-scaled.jpg?fit=1200%2C797&ssl=1&resize=350%2C200","width":350,"height":200,"srcset":"https:\/\/i0.wp.com\/www.jazzzeitung.de\/cms\/wp-content\/uploads\/2025\/11\/SeraKalo3_OliverHochkeppel251025-scaled.jpg?fit=1200%2C797&ssl=1&resize=350%2C200 1x, https:\/\/i0.wp.com\/www.jazzzeitung.de\/cms\/wp-content\/uploads\/2025\/11\/SeraKalo3_OliverHochkeppel251025-scaled.jpg?fit=1200%2C797&ssl=1&resize=525%2C300 1.5x, https:\/\/i0.wp.com\/www.jazzzeitung.de\/cms\/wp-content\/uploads\/2025\/11\/SeraKalo3_OliverHochkeppel251025-scaled.jpg?fit=1200%2C797&ssl=1&resize=700%2C400 2x, https:\/\/i0.wp.com\/www.jazzzeitung.de\/cms\/wp-content\/uploads\/2025\/11\/SeraKalo3_OliverHochkeppel251025-scaled.jpg?fit=1200%2C797&ssl=1&resize=1050%2C600 3x"},"classes":[]},{"id":17327,"url":"https:\/\/www.jazzzeitung.de\/cms\/2018\/09\/mit-clubjacken-und-pluckernden-grooves-geht-das-junge-hippe-nuejazz-festival-in-die-sechste-auflage-schwerpunkt-der-sueden-londons\/","url_meta":{"origin":30211,"position":2},"title":"Mit \u201eClubjacken\u201c und pluckernden Grooves geht das junge hippe Nuejazz-Festival in die sechste Auflage. Schwerpunkt: Der S\u00fcden Londons","author":"Redaktion JazzZeitung","date":"27. September 2018","format":false,"excerpt":"Vor sechs Jahren haben einige junge und kulturpolitisch engagierte Jazzmusiker das Heft selbst in die Hand genommen und dem darbenden N\u00fcrnberg ein neues Festival verpasst. Das Publikum hat dankbar zugegriffen. Seither hat sich das j\u00e4hrliche Nuejazz-Festival zu einem Magnet f\u00fcr neue Entwicklungen und nach vielen Seiten offene Trends im pl\u00f6tzlich\u2026","rel":"","context":"In &quot;News&quot;","block_context":{"text":"News","link":"https:\/\/www.jazzzeitung.de\/cms\/thema\/nachrichten\/"},"img":{"alt_text":"","src":"https:\/\/i0.wp.com\/www.jazzzeitung.de\/cms\/wp-content\/uploads\/2018\/06\/Shabaka-Hutchings-.jpg?fit=720%2C480&ssl=1&resize=350%2C200","width":350,"height":200,"srcset":"https:\/\/i0.wp.com\/www.jazzzeitung.de\/cms\/wp-content\/uploads\/2018\/06\/Shabaka-Hutchings-.jpg?fit=720%2C480&ssl=1&resize=350%2C200 1x, https:\/\/i0.wp.com\/www.jazzzeitung.de\/cms\/wp-content\/uploads\/2018\/06\/Shabaka-Hutchings-.jpg?fit=720%2C480&ssl=1&resize=525%2C300 1.5x, https:\/\/i0.wp.com\/www.jazzzeitung.de\/cms\/wp-content\/uploads\/2018\/06\/Shabaka-Hutchings-.jpg?fit=720%2C480&ssl=1&resize=700%2C400 2x"},"classes":[]},{"id":2452,"url":"https:\/\/www.jazzzeitung.de\/cms\/2013\/10\/neues-festival-nuernberg-festival-paesse-zu-verlosen\/","url_meta":{"origin":30211,"position":3},"title":"Neues Festival in N\u00fcrnberg: Festival-P\u00e4sse zu verlosen","author":"Redaktion JazzZeitung","date":"15. Oktober 2013","format":false,"excerpt":"Vom \u00a023. bis 27. Oktober findet auf dem AEG Gel\u00e4nde ein neues Jazzfestival in N\u00fcrnberg statt. Unter dem Titel \"NueJazz\" veranstaltet der N\u00fcrnberger Jazzmusiker e.V. an \u00a0f\u00fcnf Tagen Konzerte unterschiedlichster Couleur. Dabei wird\u00a0der Fokus\u00a0vor allem \u00a0auf die j\u00fcngere N\u00fcrnberger Jazzszene gelegt, aus der mittlerweile Musiker und Projekte entstanden sind, die\u2026","rel":"","context":"In &quot;News&quot;","block_context":{"text":"News","link":"https:\/\/www.jazzzeitung.de\/cms\/thema\/nachrichten\/"},"img":{"alt_text":"Frank Wuppinger & l'Orchestre Europa featuring Frances Pappas (Donnerstag)","src":"https:\/\/i0.wp.com\/www.jazzzeitung.de\/cms\/wp-content\/uploads\/2013\/10\/nuejazz-150x150.jpg?resize=350%2C200","width":350,"height":200},"classes":[]},{"id":3136,"url":"https:\/\/www.jazzzeitung.de\/cms\/2013\/12\/weihnachts-cds-folge-1-sternkind\/","url_meta":{"origin":30211,"position":4},"title":"Weihnachts-CDs Folge 1: Sternkind","author":"Redaktion JazzZeitung","date":"12. Dezember 2013","format":false,"excerpt":"Einmal einen Weihnachtshit landen und nie mehr an Geldproblemen leiden: George Michael hat\u2019s vorgemacht, ein Buch von Nick Hornby, das mit Hugh Grant verfilmt wurde (About a Boy) wurde, hat das Ph\u00e4nomen zum Thema, und alle h\u00e4tten ihn nat\u00fcrlich alle Jahre wieder auch. In loser Reihenfolgen wollen wir bis Weihnachte\u2026","rel":"","context":"In &quot;Blog&quot;","block_context":{"text":"Blog","link":"https:\/\/www.jazzzeitung.de\/cms\/thema\/blog\/"},"img":{"alt_text":"SternkindCover","src":"https:\/\/i0.wp.com\/www.jazzzeitung.de\/cms\/wp-content\/uploads\/2013\/12\/SternkindCover-150x150.jpg?resize=350%2C200","width":350,"height":200},"classes":[]},{"id":23463,"url":"https:\/\/www.jazzzeitung.de\/cms\/2020\/09\/news-chilli-jazz-congress-202025-jazzforum-der-deutschen-jazzunion-nuejazz-festival-nuernberg\/","url_meta":{"origin":30211,"position":5},"title":"+++News:+++ Chilli Jazz Congress 2020+++25. Jazzforum der Deutschen Jazzunion+++ NueJazz Festival N\u00fcrnberg+++","author":"Redaktion JazzZeitung","date":"24. September 2020","format":false,"excerpt":"+++Chilli Jazz Congress 2020+++ Im 29. Jahr findet bei limmitationes das Festival Chilli Jazz Congress 2020 von 25. bis 27. September auf dem Gasthof Pummer in Heiligenkreuz statt. In diesem Festival ohne Bands werden 30 musizierende und tanzende K\u00fcnstler zuf\u00e4llig zu sechs Ensembles zusammengestellt, die die ersten beiden Abende frei\u2026","rel":"","context":"In &quot;News&quot;","block_context":{"text":"News","link":"https:\/\/www.jazzzeitung.de\/cms\/thema\/nachrichten\/"},"img":{"alt_text":"","src":"https:\/\/i0.wp.com\/www.jazzzeitung.de\/cms\/wp-content\/uploads\/2020\/09\/PabloHeldTrio_Ju%CC%88rgenBindrim.jpg?fit=1200%2C1200&ssl=1&resize=350%2C200","width":350,"height":200,"srcset":"https:\/\/i0.wp.com\/www.jazzzeitung.de\/cms\/wp-content\/uploads\/2020\/09\/PabloHeldTrio_Ju%CC%88rgenBindrim.jpg?fit=1200%2C1200&ssl=1&resize=350%2C200 1x, https:\/\/i0.wp.com\/www.jazzzeitung.de\/cms\/wp-content\/uploads\/2020\/09\/PabloHeldTrio_Ju%CC%88rgenBindrim.jpg?fit=1200%2C1200&ssl=1&resize=525%2C300 1.5x, https:\/\/i0.wp.com\/www.jazzzeitung.de\/cms\/wp-content\/uploads\/2020\/09\/PabloHeldTrio_Ju%CC%88rgenBindrim.jpg?fit=1200%2C1200&ssl=1&resize=700%2C400 2x, https:\/\/i0.wp.com\/www.jazzzeitung.de\/cms\/wp-content\/uploads\/2020\/09\/PabloHeldTrio_Ju%CC%88rgenBindrim.jpg?fit=1200%2C1200&ssl=1&resize=1050%2C600 3x"},"classes":[]}],"jetpack_sharing_enabled":true,"_links":{"self":[{"href":"https:\/\/www.jazzzeitung.de\/cms\/wp-json\/wp\/v2\/posts\/30211","targetHints":{"allow":["GET"]}}],"collection":[{"href":"https:\/\/www.jazzzeitung.de\/cms\/wp-json\/wp\/v2\/posts"}],"about":[{"href":"https:\/\/www.jazzzeitung.de\/cms\/wp-json\/wp\/v2\/types\/post"}],"author":[{"embeddable":true,"href":"https:\/\/www.jazzzeitung.de\/cms\/wp-json\/wp\/v2\/users\/18"}],"replies":[{"embeddable":true,"href":"https:\/\/www.jazzzeitung.de\/cms\/wp-json\/wp\/v2\/comments?post=30211"}],"version-history":[{"count":3,"href":"https:\/\/www.jazzzeitung.de\/cms\/wp-json\/wp\/v2\/posts\/30211\/revisions"}],"predecessor-version":[{"id":30226,"href":"https:\/\/www.jazzzeitung.de\/cms\/wp-json\/wp\/v2\/posts\/30211\/revisions\/30226"}],"wp:featuredmedia":[{"embeddable":true,"href":"https:\/\/www.jazzzeitung.de\/cms\/wp-json\/wp\/v2\/media\/30225"}],"wp:attachment":[{"href":"https:\/\/www.jazzzeitung.de\/cms\/wp-json\/wp\/v2\/media?parent=30211"}],"wp:term":[{"taxonomy":"category","embeddable":true,"href":"https:\/\/www.jazzzeitung.de\/cms\/wp-json\/wp\/v2\/categories?post=30211"},{"taxonomy":"post_tag","embeddable":true,"href":"https:\/\/www.jazzzeitung.de\/cms\/wp-json\/wp\/v2\/tags?post=30211"},{"taxonomy":"author","embeddable":true,"href":"https:\/\/www.jazzzeitung.de\/cms\/wp-json\/wp\/v2\/coauthors?post=30211"}],"curies":[{"name":"wp","href":"https:\/\/api.w.org\/{rel}","templated":true}]}}