{"id":30144,"date":"2023-10-18T16:40:03","date_gmt":"2023-10-18T14:40:03","guid":{"rendered":"https:\/\/www.jazzzeitung.de\/cms\/?p=30144"},"modified":"2023-10-19T11:52:25","modified_gmt":"2023-10-19T09:52:25","slug":"the-very-big-carla-bley-zum-tod-der-us-amerikanischen-komponistin-pianistin-und-bandleaderin","status":"publish","type":"post","link":"https:\/\/www.jazzzeitung.de\/cms\/2023\/10\/the-very-big-carla-bley-zum-tod-der-us-amerikanischen-komponistin-pianistin-und-bandleaderin\/","title":{"rendered":"The Very Big Carla Bley: Zum Tod der US-amerikanischen Komponistin, Pianistin und Bandleaderin"},"content":{"rendered":"<p><strong>Die amerikanische Komponistin und Pianistin Carla Bley war eine der ersten gro\u00dfen Frauen im Jazz, die keine S\u00e4ngerin war. Ihre &#8222;The Very Big Carla Bley Band&#8220; war ein wilder Haufen m\u00e4nnlicher Super-Jazzer, voller Testosteron und Selbstdarstellungstrieben.\u00a0 Doch die Bley akzeptierten sie als Chefin und hinterlie\u00dfen damit ein au\u00dfergew\u00f6hnliches \u0152u\u00adv\u00adre an Big Band-Musik der Gegenwart. Carla Bley, die mit der Jazz-Oper &#8222;Escalator Over The Hill&#8220; 1971 schlagartig popul\u00e4r wurde, konnte aber viel mehr als nur die Gro\u00dfformation. Ihre sch\u00f6nste Musik sind wohl die Duo- und Trio-Aufnahmen mit Steve Swallow am Bass und Andy Sheppard am Saxophon.<\/strong><\/p>\n<p>Gestern am 17. Oktober 2023 starb Carla Bley im Alter von 87 Jahren n\u00f6rdlich von New York an den Folgen eines Hirntumors, wie amerikanische Medien unter Berufung auf ihren langj\u00e4hrigen Partner Steve Swallow berichteten. Die JazzZeitung hatte der K\u00fcnstlerin am 24. November 2009 im Stuttgarter Gustav Siegle Haus zusammen mit der Sparda Bank Baden-W\u00fcrttemberg die mit 10.000 Euro dotierte German Jazz Trophy verliehen. Stuttgart war die erste von allen St\u00e4dten in Europa, die Carla Bley im Laufe ihres Tour-Lebens besuchte.<\/p>\n<p>Aus Anlass ihres Todes publiziert Jazzzeitung.de die Laudatio von Andreas Kolb, die <em>unter Verwendung eines Textes von Bert Noglik in der Jazzzeitung, Mai 2003, entstanden ist (Zitate sind kursiv).<br \/>\n<\/em><\/p>\n<h3>Skandal mit f\u00fcnfzehn<\/h3>\n<p>Stellen Sie sich vor, Ihre Tochter bricht mit 15 Jahren die Schule ab und zieht von zuhause aus, und will um alles in Welt Profi-Roller-Skaterin werden. Ein Alptraum, dieser Gedanke? Vielleicht. Vielleicht aber auch der beste Weg, um aus Ihrer Tochter eine begnadete Komponistin und Bandleaderin zu machen.<\/p>\n<p>Carla Bley hat uns diesen Weg jedenfalls vorgemacht, und der Erfolg gibt ihr recht. Ihr Geheimnis? Der richtige Weg liegt im Mut zum Fehler machen. In der R\u00fcckschau sagt sie: \u201eIch habe niemals eine Schule abgeschlossen und hatte keinen Lehrer. Wenn ich kreativ bin, dann deshalb, weil ich nicht wei\u00df, wie man\u2019s (also das Komponieren) richtig macht. Ein Handicap wie dieses ist eine wunderbare Sache, es gab mir einen originellen Stil, eine pers\u00f6nliche Handschrift. Wenn man Arrangieren und Komponieren nicht auf der Hochschule lernt, dann muss man selbst entscheiden, was richtig und was falsch ist.\u201c<\/p>\n<p>Understatement, unorthodoxe Denkweise und das Wissen um kreative Prozesse, in diesen wenigen S\u00e4tzen beschreibt sich Carla Bley besser, als es der Laudator jemals kann. Wenn Sie jetzt hoffen, dass ab sofort Musik erklingt, dann muss ich Sie entt\u00e4uschen. Ein paar S\u00e4tze mehr hat unsere Preistr\u00e4gerin schon verdient.<\/p>\n<h3>Zur Vita<\/h3>\n<p><em>Carla Bley, wurde am 11. Mai 1938 in Oakland\/Kalifornien als Carla Borg, geboren. Ihr Vater, ein Kirchenmusiker und Klavierlehrer, brachte ihr bei, wie sie die Finger auf den Tasten richtig zu setzen habe. Et\u00fcden und Tonleitern bis zum \u00dcberdruss. Da verliebte sie sich in die Musik eines amerikanischen Au\u00dfenseiters: Charles Ives. Statt ihre Hausaufgaben zu erledigen, wurde sie eine passable Roller Scaterin (7. Platz im kalifornischen Wettbewerb, Kategorie: Free Style). <\/em><\/p>\n<p><em>\u00a0<\/em><em>Noch als Teenager ging sie nach New York und entdeckte dort die Liebe zum Jazz. Abends arbeitete sie als Zigarettenm\u00e4dchen im \u201eBirdland\u201c und als Garderobiere im Jazzlokal \u201eBasin Street\u201c. Statt sich auszuschlafen, sa\u00df sie von nachts bis fr\u00fch \u00fcber Notenbl\u00e4ttern. In jene Zeit f\u00e4llt ihre Bekanntschaft mit dem Pianisten Paul Bley, der ihr kompositorisches Talent f\u00f6rderte und \u2013 ebenso wie Jimmy Giuffre, George Russell und Art Farmer \u2013 St\u00fccke von ihr auff\u00fchrte, funkelnde Miniaturen wie \u201eStart\u201c, \u201eCloser\u201c und \u201eIctus\u201c. <\/em><\/p>\n<p><em>\u00a0<\/em>Es muss Anfang der Sechziger Jahre gewesen sein, als Carla Bley zum ersten Mal nach Europa kam \u201eIch spielte nicht selbst\u201c, erinnert sie sich, \u201eich begleitete meinen Mann, Paul Bley, der mit Jimmy Giuffre and Steve Swallow auf Tournee war. Mein \u201eVorwand\u201c mit dabei zu sein, war, dass sie damals auch meine Kompositionen im Programm hatten. Ich war die Hauskomponistin.\u201c Und die erste europ\u00e4ische Stadt, in der unsere Preistr\u00e4gerin jemals war, war Stuttgart!<\/p>\n<p><em>Mitte der sechziger Jahre schloss sich Carla Bley der \u201eJazz Composers\u2019 Guild\u201c an. Nun mit dem Trompeter Mike Mantler liiert, initiierte sie das \u201eJazz Composers\u2019 Orchestra\u201c. Ohne Schulabschluss, ohne Studium war sie das geworden, was sie werden sollte: Jazz-Komponistin und Bandleaderin.<\/em><\/p>\n<p><em>Nach \u201eA Genuine Tong Funeral\u201c mit dem Untertitel \u201eDark Opera Without Words\u201c, einer Produktion von 1967 mit dem Gary Burton Quartet, Larry Coryell und Gato Barbieri, nahm Carla Bley ein Gro\u00dfprojekt in Angriff, mit dem sich die Komponistin endg\u00fcltig in der von M\u00e4nnern dominierten Welt des Jazz etablierte: Ein Opus, realisiert mit sechs Bands, S\u00e4ngerinnen und S\u00e4ngern, Sprechern und Ch\u00f6ren: die Jazzoper mit Texten von Paul Haines \u201eEscalator Over The Hill\u201c. In dichten Stimmungsbildern war es Carla Bley gelungen, so unterschiedliche musikalische Charaktere wie Don Cherry, Roswell Rudd, Gato Barbieri, Linda Ronstadt, Jeanne Lee, John McLaughlin zu integrieren. Schon damals mit dabei: ihre begabte, sich sp\u00e4ter mit eigenen Bands profilierende Tochter Karen Mantler an der Orgel.<\/em><\/p>\n<h3>Escalator over the Hill<\/h3>\n<p>Dieses opus magnum wurde zwar auf einer aufw\u00e4ndigen 3-CD-Box dokumentiert, jedoch in den Vereinigten Staaten niemals aufgef\u00fchrt. Das f\u00fchrt uns wieder direkt nach Deutschland, dieses Mal nicht nach Stuttgart, sondern nach K\u00f6ln. 1997 lud die K\u00f6lner MusikTriennale die amerikanische Komponistin dazu ein, \u201eEscalator over the Hill\u201c zum ersten Mal live (ur-)aufzuf\u00fchren. Nach zwei Auff\u00fchrungen ging der Escalator auf Europatournee nach \u00d6sterreich, Frankreich, Italien und Ungarn.<\/p>\n<p>2006 gab es wieder eine \u201eEscalator over the Hill\u201c-Auff\u00fchrung, wieder in Deutschland: dieses Mal in Essen, wo Michael Kaufmann, der knapp zehn Jahre zuvor bei der MusikTriennale schon Verantwortung f\u00fcrs Bley-Projekt getragen hatte, inzwischen Intendant der Philharmonie Essen geworden war. Er hatte die Courage, eine Komponistin als Composer in residence an seine Philharmonie zu engagieren, die mit einem Sinfonieorchester nichts am Hut hatte, sondern ein ganz anderes Instrument spielte: die Big Band.<\/p>\n<h3>Die Very Big Carla Bley Band<\/h3>\n<p><em>Carl Bley hatte sich 1975 der Rockgruppe von Jack Bruce (der ja auch eine Zeit hier ganz in der N\u00e4he, n\u00e4mlich in Esslingen lebte) angeschlossen, eine Band, die sie mit dem Vorsatz verlie\u00df, nun eine eigene Band zu gr\u00fcnden. Das passierte 1977 und f\u00fchrte zu einer seither nicht mehr abrei\u00dfenden Folge von orchestralen Unternehmungen. <\/em>Big-Band-Musik ist mit gro\u00dfen Namen verkn\u00fcpft wie Count\u00a0 Basie, Duke Ellington, Bill Evans, George Russell, Thad Jones und Mel Lewis oder Mike Gibbs. Eine illustre Reihe, in die man heute Carla Bley und ihre diversen Arbeiten mit und f\u00fcr Big Bands ohne zu Z\u00f6gern stellen kann.<\/p>\n<p>Als Pendant zum Gro\u00dfformat gibt es das Duo der Pianistin mit dem Bassisten Steve Swallow und seit einigen Jahren auch das Quartett \u201eLost Chords\u201c mit Steve Swallow, Billy Drummond und Andy Sheppard, mit dem die Preistr\u00e4gerin heute Abend hier zu Gast ist.<\/p>\n<p>Die Zeiten des JCOA und des Freejazz sind f\u00fcr Carla Bley lange vorbei (h\u00f6re ich da ein Aufatmen im Publikum). Heute sagt sie: \u201eIch mag frei nicht mehr, ich liebe mehr die Changes.\u201c F\u00fcr die wenigen Nichtjazzer: Changes sind Harmoniewechsel innerhalb der Funktionsharmonik.<\/p>\n<p>Weiter: \u201eDie Changes sind die Essenz der Musik, denn die Klangsprache ist darauf gebaut. Mein Publikum hat keine besondere Nationalit\u00e4t. Sie alle verstehen eine bestimmte Sprache, die ich spreche. Es ist die Jazz-Sprache. Meine Musik ist kein Easy-Listening-Ding und meine Zuh\u00f6rer sind folglich auch Kenner.\u201c<\/p>\n<p>Carla Bleys Musik erz\u00e4hlt Geschichten mal mit der Big Band, mal dem kleinen Ensemble. Ihre Alben nennt sie \u201eDinner Music\u201c, \u201eSocial Studies\u201c, \u201eLooking for America\u201d oder \u201eBig Band Theory\u201c, ihre St\u00fccke tragen Titel wie \u201eSing Me Softly of the Blues\u201c, \u201eWalking Batteriewoman\u201c oder \u201eReal Life Hits\u201c.<\/p>\n<div class=\"tiled-gallery type-rectangular tiled-gallery-unresized\" data-original-width=\"840\" data-carousel-extra='{&quot;blog_id&quot;:1,&quot;permalink&quot;:&quot;https:\\\/\\\/www.jazzzeitung.de\\\/cms\\\/2023\\\/10\\\/the-very-big-carla-bley-zum-tod-der-us-amerikanischen-komponistin-pianistin-und-bandleaderin\\\/&quot;,&quot;likes_blog_id&quot;:55446655}' itemscope itemtype=\"http:\/\/schema.org\/ImageGallery\" > <div class=\"gallery-row\" style=\"width: 840px; height: 291px;\" data-original-width=\"840\" data-original-height=\"291\" > <div class=\"gallery-group images-1\" style=\"width: 406px; height: 291px;\" data-original-width=\"406\" data-original-height=\"291\" > <div class=\"tiled-gallery-item tiled-gallery-item-large\" itemprop=\"associatedMedia\" itemscope itemtype=\"http:\/\/schema.org\/ImageObject\"> <a href=\"https:\/\/www.jazzzeitung.de\/cms\/2023\/10\/the-very-big-carla-bley-zum-tod-der-us-amerikanischen-komponistin-pianistin-und-bandleaderin\/bley-carla-09d-jazztrophy-dauner-wolfgang-kumpf\/\" border=\"0\" itemprop=\"url\"> <meta itemprop=\"width\" content=\"402\"> <meta itemprop=\"height\" content=\"287\"> <img decoding=\"async\" class=\"\" data-attachment-id=\"30149\" data-orig-file=\"https:\/\/www.jazzzeitung.de\/cms\/wp-content\/uploads\/2023\/10\/Bley-Carla-09d-JazzTrophy-Dauner-Wolfgang-Kumpf.jpg\" data-orig-size=\"2089,1491\" data-comments-opened=\"1\" data-image-meta=\"{&quot;aperture&quot;:&quot;4&quot;,&quot;credit&quot;:&quot;&quot;,&quot;camera&quot;:&quot;DSC-H50&quot;,&quot;caption&quot;:&quot;&quot;,&quot;created_timestamp&quot;:&quot;1259094695&quot;,&quot;copyright&quot;:&quot;&quot;,&quot;focal_length&quot;:&quot;45&quot;,&quot;iso&quot;:&quot;200&quot;,&quot;shutter_speed&quot;:&quot;0.04&quot;,&quot;title&quot;:&quot;&quot;,&quot;orientation&quot;:&quot;1&quot;}\" data-image-title=\"Bley, Carla-09d-JazzTrophy- Dauner, Wolfgang&amp;#8212;Kumpf\" data-image-description=\"\" data-medium-file=\"https:\/\/i0.wp.com\/www.jazzzeitung.de\/cms\/wp-content\/uploads\/2023\/10\/Bley-Carla-09d-JazzTrophy-Dauner-Wolfgang-Kumpf.jpg?fit=300%2C214&#038;ssl=1\" data-large-file=\"https:\/\/i0.wp.com\/www.jazzzeitung.de\/cms\/wp-content\/uploads\/2023\/10\/Bley-Carla-09d-JazzTrophy-Dauner-Wolfgang-Kumpf.jpg?fit=840%2C599&#038;ssl=1\" src=\"https:\/\/i0.wp.com\/www.jazzzeitung.de\/cms\/wp-content\/uploads\/2023\/10\/Bley-Carla-09d-JazzTrophy-Dauner-Wolfgang-Kumpf.jpg?w=402&#038;h=287&#038;ssl=1\" srcset=\"https:\/\/i0.wp.com\/www.jazzzeitung.de\/cms\/wp-content\/uploads\/2023\/10\/Bley-Carla-09d-JazzTrophy-Dauner-Wolfgang-Kumpf.jpg?w=2089&amp;ssl=1 2089w, https:\/\/i0.wp.com\/www.jazzzeitung.de\/cms\/wp-content\/uploads\/2023\/10\/Bley-Carla-09d-JazzTrophy-Dauner-Wolfgang-Kumpf.jpg?resize=300%2C214&amp;ssl=1 300w, https:\/\/i0.wp.com\/www.jazzzeitung.de\/cms\/wp-content\/uploads\/2023\/10\/Bley-Carla-09d-JazzTrophy-Dauner-Wolfgang-Kumpf.jpg?resize=841%2C600&amp;ssl=1 841w, https:\/\/i0.wp.com\/www.jazzzeitung.de\/cms\/wp-content\/uploads\/2023\/10\/Bley-Carla-09d-JazzTrophy-Dauner-Wolfgang-Kumpf.jpg?resize=768%2C548&amp;ssl=1 768w, https:\/\/i0.wp.com\/www.jazzzeitung.de\/cms\/wp-content\/uploads\/2023\/10\/Bley-Carla-09d-JazzTrophy-Dauner-Wolfgang-Kumpf.jpg?resize=1536%2C1096&amp;ssl=1 1536w, https:\/\/i0.wp.com\/www.jazzzeitung.de\/cms\/wp-content\/uploads\/2023\/10\/Bley-Carla-09d-JazzTrophy-Dauner-Wolfgang-Kumpf.jpg?resize=2048%2C1462&amp;ssl=1 2048w, https:\/\/i0.wp.com\/www.jazzzeitung.de\/cms\/wp-content\/uploads\/2023\/10\/Bley-Carla-09d-JazzTrophy-Dauner-Wolfgang-Kumpf.jpg?resize=1320%2C942&amp;ssl=1 1320w, https:\/\/i0.wp.com\/www.jazzzeitung.de\/cms\/wp-content\/uploads\/2023\/10\/Bley-Carla-09d-JazzTrophy-Dauner-Wolfgang-Kumpf.jpg?w=1680&amp;ssl=1 1680w\" width=\"402\" height=\"287\" loading=\"lazy\" data-original-width=\"402\" data-original-height=\"287\" itemprop=\"http:\/\/schema.org\/image\" title=\"Bley, Carla-09d-JazzTrophy- Dauner, Wolfgang---Kumpf\" alt=\"2009 in Stuttgart: Wolfgang Dauner gratuliert Carla Bley zur German Jazz Trophy. Foto: Hans Kumpf\" style=\"width: 402px; height: 287px;\" \/> <\/a> <div class=\"tiled-gallery-caption\" itemprop=\"caption description\"> 2009 in Stuttgart: Wolfgang Dauner gratuliert Carla Bley zur German Jazz Trophy. Foto: Hans Kumpf <\/div> <\/div> <\/div> <!-- close group --> <div class=\"gallery-group images-1\" style=\"width: 434px; height: 291px;\" data-original-width=\"434\" data-original-height=\"291\" > <div class=\"tiled-gallery-item tiled-gallery-item-large\" itemprop=\"associatedMedia\" itemscope itemtype=\"http:\/\/schema.org\/ImageObject\"> <a href=\"https:\/\/www.jazzzeitung.de\/cms\/2023\/10\/the-very-big-carla-bley-zum-tod-der-us-amerikanischen-komponistin-pianistin-und-bandleaderin\/p1537851-sw-carla-bley-foto-tj-krebs\/\" border=\"0\" itemprop=\"url\"> <meta itemprop=\"width\" content=\"430\"> <meta itemprop=\"height\" content=\"287\"> <img decoding=\"async\" class=\"\" data-attachment-id=\"30150\" data-orig-file=\"https:\/\/www.jazzzeitung.de\/cms\/wp-content\/uploads\/2023\/10\/P1537851-sw-Carla-Bley-Foto-TJ-Krebs.jpg\" data-orig-size=\"1800,1200\" data-comments-opened=\"1\" data-image-meta=\"{&quot;aperture&quot;:&quot;0&quot;,&quot;credit&quot;:&quot;&quot;,&quot;camera&quot;:&quot;&quot;,&quot;caption&quot;:&quot;&quot;,&quot;created_timestamp&quot;:&quot;0&quot;,&quot;copyright&quot;:&quot;&quot;,&quot;focal_length&quot;:&quot;0&quot;,&quot;iso&quot;:&quot;0&quot;,&quot;shutter_speed&quot;:&quot;0&quot;,&quot;title&quot;:&quot;&quot;,&quot;orientation&quot;:&quot;0&quot;}\" data-image-title=\"\" data-image-description=\"\" data-medium-file=\"https:\/\/i0.wp.com\/www.jazzzeitung.de\/cms\/wp-content\/uploads\/2023\/10\/P1537851-sw-Carla-Bley-Foto-TJ-Krebs.jpg?fit=300%2C200&#038;ssl=1\" data-large-file=\"https:\/\/i0.wp.com\/www.jazzzeitung.de\/cms\/wp-content\/uploads\/2023\/10\/P1537851-sw-Carla-Bley-Foto-TJ-Krebs.jpg?fit=840%2C560&#038;ssl=1\" src=\"https:\/\/i0.wp.com\/www.jazzzeitung.de\/cms\/wp-content\/uploads\/2023\/10\/P1537851-sw-Carla-Bley-Foto-TJ-Krebs.jpg?w=430&#038;h=287&#038;ssl=1\" srcset=\"https:\/\/i0.wp.com\/www.jazzzeitung.de\/cms\/wp-content\/uploads\/2023\/10\/P1537851-sw-Carla-Bley-Foto-TJ-Krebs.jpg?w=1800&amp;ssl=1 1800w, https:\/\/i0.wp.com\/www.jazzzeitung.de\/cms\/wp-content\/uploads\/2023\/10\/P1537851-sw-Carla-Bley-Foto-TJ-Krebs.jpg?resize=300%2C200&amp;ssl=1 300w, https:\/\/i0.wp.com\/www.jazzzeitung.de\/cms\/wp-content\/uploads\/2023\/10\/P1537851-sw-Carla-Bley-Foto-TJ-Krebs.jpg?resize=900%2C600&amp;ssl=1 900w, https:\/\/i0.wp.com\/www.jazzzeitung.de\/cms\/wp-content\/uploads\/2023\/10\/P1537851-sw-Carla-Bley-Foto-TJ-Krebs.jpg?resize=768%2C512&amp;ssl=1 768w, https:\/\/i0.wp.com\/www.jazzzeitung.de\/cms\/wp-content\/uploads\/2023\/10\/P1537851-sw-Carla-Bley-Foto-TJ-Krebs.jpg?resize=1536%2C1024&amp;ssl=1 1536w, https:\/\/i0.wp.com\/www.jazzzeitung.de\/cms\/wp-content\/uploads\/2023\/10\/P1537851-sw-Carla-Bley-Foto-TJ-Krebs.jpg?resize=120%2C80&amp;ssl=1 120w, https:\/\/i0.wp.com\/www.jazzzeitung.de\/cms\/wp-content\/uploads\/2023\/10\/P1537851-sw-Carla-Bley-Foto-TJ-Krebs.jpg?resize=1320%2C880&amp;ssl=1 1320w, https:\/\/i0.wp.com\/www.jazzzeitung.de\/cms\/wp-content\/uploads\/2023\/10\/P1537851-sw-Carla-Bley-Foto-TJ-Krebs.jpg?w=1680&amp;ssl=1 1680w\" width=\"430\" height=\"287\" loading=\"lazy\" data-original-width=\"430\" data-original-height=\"287\" itemprop=\"http:\/\/schema.org\/image\" title=\"\" alt=\"Carla auf einer ihrer letzten Tourneen. Foto: Thomas J. Krebs\" style=\"width: 430px; height: 287px;\" \/> <\/a> <div class=\"tiled-gallery-caption\" itemprop=\"caption description\"> Carla auf einer ihrer letzten Tourneen. Foto: Thomas J. Krebs <\/div> <\/div> <\/div> <!-- close group --> <\/div> <!-- close row --> <\/div>\n<p><em>In bester Jazztradition skizziert sie ihre Musik nicht f\u00fcr abstrakte Stimmen, sondern f\u00fcr die Musiker, mit denen sie jeweils arbeitet \u2013 sozusagen ma\u00dfgeschneidert. Jedes Mal, wenn sie die Besetzung ver\u00e4ndere, sagt sie, m\u00fcsse sie die Arrangements neu schreiben. Das Spektrum reicht von Jazzgruppen und \u201eFancy Chamber Music\u201c mit Streichern \u00fcber das Doppel-Quartett \u201e4&#215;4\u201c bis zur gro\u00dforchestralen \u201eVery Big Carla Bley Band\u201c, von Kl\u00e4ngen, die an Neue Musik denken lassen, \u00fcber Liedhaftes und Himmlisch-Hymnisches bis zu erdverbundenen Grooves. <\/em><\/p>\n<h3>Sch\u00f6nklang mit doppeltem Boden<\/h3>\n<p>Der Musikpublizist Bert Noglik charakterisierte unsere Preistr\u00e4ger treffend in einem Essay f\u00fcr die Jazzzeitung: <em>\u201eWenn sie hin und wieder im Sch\u00f6nklang schwelgt, sollte man sich nicht allzu sicher f\u00fchlen. Man muss darauf gefasst sein, unerwartet auch ihren Biss zu sp\u00fcren zu bekommen. Obwohl sie gern Schneiderkost\u00fcme aus feinem Tuch im klassischen Grau tr\u00e4gt, obwohl sie f\u00fcr Kammerensembles, Sinfonieorchester und Solisten wie die Pianistin Ursula Oppens, die Cembalistin Antoinette Vischer und f\u00fcr Keith Jarrett komponiert hat \u2013 eins wollte sie nie sein: im konventionellen Sinne seri\u00f6s. Wenn Kritiker meinten, sie drifte in Schmeichelkl\u00e4nge ab, hatte sie meist bereits wieder ein schwer verdauliches Werk unter der Feder. Wer sie zur Klassikerin der Jazz-Avantgarde stilisieren wollte, bekam als Zugabe eine La-Paloma-Bearbeitung mit auf den Weg. F\u00fcr Charlie Hadens \u201eLiberation Music Orchestra\u201c schrieb sie politisch engagierte, bewegende Musik. Das Schaffen von Carla Bley entzieht sich der Kategorisierung und spottet der Beschreibung<\/em>.\u201c<\/p>\n<p>Soweit Bert Noglik in der Jazzzeitung. Eigensinnig und starrk\u00f6pfig muss sie schon als Kind gewesen sein, habe ich in diesem Text auch gelesen. Und wenn ich ihre Musik h\u00f6re \u2013 und da sind die Christmas Carols, die Weihnachtslieder, die vor wenigen Tagen neu erschienen sind, und von denen wir eines heute Abend h\u00f6ren werden, nicht ausgenommen \u2013 wenn ich also ihre Musik h\u00f6re, dann wei\u00df ich, noch heute ist sie im besten Sinne die Rebellin geblieben, die sie schon als Teenager war. Danke daf\u00fcr, Carla Bley.<\/p>\n<p>Beitragsbild Carla Bley und Steve Swallow: Hans Kumpf<\/p>\n","protected":false},"excerpt":{"rendered":"<p>Die amerikanische Komponistin und Pianistin Carla Bley war eine der ersten gro\u00dfen Frauen im Jazz, die keine S\u00e4ngerin war. Ihre &#8222;The Very Big Carla Bley Band&#8220; war ein wilder Haufen m\u00e4nnlicher Super-Jazzer, voller Testosteron und Selbstdarstellungstrieben.\u00a0 Doch die Bley akzeptierten sie als Chefin und hinterlie\u00dfen damit ein au\u00dfergew\u00f6hnliches \u0152u\u00adv\u00adre an Big Band-Musik der Gegenwart. Carla Bley, die mit der Jazz-Oper &#8222;Escalator Over The Hill&#8220; 1971 schlagartig popul\u00e4r wurde, konnte aber viel mehr als nur die Gro\u00dfformation. Ihre sch\u00f6nste Musik sind wohl die Duo- und Trio-Aufnahmen mit Steve Swallow am Bass und Andy Sheppard am Saxophon. Gestern am 17. Oktober 2023 starb Carla Bley im Alter von 87 Jahren n\u00f6rdlich von New York an den Folgen eines Hirntumors, wie amerikanische Medien unter Berufung auf ihren langj\u00e4hrigen Partner Steve Swallow berichteten. Die JazzZeitung hatte der K\u00fcnstlerin am 24. November 2009 im Stuttgarter Gustav Siegle Haus zusammen mit der Sparda Bank Baden-W\u00fcrttemberg die mit 10.000 Euro dotierte German Jazz Trophy verliehen. Stuttgart war die erste von allen St\u00e4dten in Europa, die Carla Bley im Laufe ihres Tour-Lebens besuchte. Aus Anlass ihres Todes publiziert Jazzzeitung.de die Laudatio von Andreas &hellip;<\/p>\n","protected":false},"author":7,"featured_media":30148,"comment_status":"open","ping_status":"closed","sticky":false,"template":"","format":"standard","meta":{"_jetpack_memberships_contains_paid_content":false,"footnotes":"","jetpack_publicize_message":"","jetpack_publicize_feature_enabled":true,"jetpack_social_post_already_shared":false,"jetpack_social_options":{"image_generator_settings":{"template":"highway","default_image_id":0,"font":"","enabled":false},"version":2}},"categories":[1063],"tags":[1793,5154,5153,1648,1794,4197],"coauthors":[662],"class_list":["post-30144","post","type-post","status-publish","format-standard","has-post-thumbnail","hentry","category-portrait","tag-carla-bley","tag-escalator-over-the-hill","tag-mike-mantler","tag-paul-bley","tag-steve-swallow","tag-wolfgnag-dauner"],"yoast_head":"<!-- This site is optimized with the Yoast SEO plugin v27.5 - https:\/\/yoast.com\/product\/yoast-seo-wordpress\/ -->\n<title>The Very Big Carla Bley: Zum Tod der US-amerikanischen Komponistin, Pianistin und Bandleaderin - JazzZeitung<\/title>\n<meta name=\"robots\" content=\"index, follow, max-snippet:-1, max-image-preview:large, max-video-preview:-1\" \/>\n<link rel=\"canonical\" href=\"https:\/\/www.jazzzeitung.de\/cms\/2023\/10\/the-very-big-carla-bley-zum-tod-der-us-amerikanischen-komponistin-pianistin-und-bandleaderin\/\" \/>\n<meta property=\"og:locale\" content=\"de_DE\" \/>\n<meta property=\"og:type\" content=\"article\" \/>\n<meta property=\"og:title\" content=\"The Very Big Carla Bley: Zum Tod der US-amerikanischen Komponistin, Pianistin und Bandleaderin - JazzZeitung\" \/>\n<meta property=\"og:description\" content=\"Die amerikanische Komponistin und Pianistin Carla Bley war eine der ersten gro\u00dfen Frauen im Jazz, die keine S\u00e4ngerin war. Ihre &#8222;The Very Big Carla Bley Band&#8220; war ein wilder Haufen m\u00e4nnlicher Super-Jazzer, voller Testosteron und Selbstdarstellungstrieben.\u00a0 Doch die Bley akzeptierten sie als Chefin und hinterlie\u00dfen damit ein au\u00dfergew\u00f6hnliches \u0152u\u00adv\u00adre an Big Band-Musik der Gegenwart. Carla Bley, die mit der Jazz-Oper &#8222;Escalator Over The Hill&#8220; 1971 schlagartig popul\u00e4r wurde, konnte aber viel mehr als nur die Gro\u00dfformation. Ihre sch\u00f6nste Musik sind wohl die Duo- und Trio-Aufnahmen mit Steve Swallow am Bass und Andy Sheppard am Saxophon. Gestern am 17. Oktober 2023 starb Carla Bley im Alter von 87 Jahren n\u00f6rdlich von New York an den Folgen eines Hirntumors, wie amerikanische Medien unter Berufung auf ihren langj\u00e4hrigen Partner Steve Swallow berichteten. Die JazzZeitung hatte der K\u00fcnstlerin am 24. November 2009 im Stuttgarter Gustav Siegle Haus zusammen mit der Sparda Bank Baden-W\u00fcrttemberg die mit 10.000 Euro dotierte German Jazz Trophy verliehen. Stuttgart war die erste von allen St\u00e4dten in Europa, die Carla Bley im Laufe ihres Tour-Lebens besuchte. Aus Anlass ihres Todes publiziert Jazzzeitung.de die Laudatio von Andreas &hellip;\" \/>\n<meta property=\"og:url\" content=\"https:\/\/www.jazzzeitung.de\/cms\/2023\/10\/the-very-big-carla-bley-zum-tod-der-us-amerikanischen-komponistin-pianistin-und-bandleaderin\/\" \/>\n<meta property=\"og:site_name\" content=\"JazzZeitung\" \/>\n<meta property=\"article:publisher\" content=\"https:\/\/www.facebook.com\/JazzZeitung\/\" \/>\n<meta property=\"article:published_time\" content=\"2023-10-18T14:40:03+00:00\" \/>\n<meta property=\"article:modified_time\" content=\"2023-10-19T09:52:25+00:00\" \/>\n<meta property=\"og:image\" content=\"https:\/\/www.jazzzeitung.de\/cms\/wp-content\/uploads\/2023\/10\/Bley-Carla-09e-Swallow-Steve-Kumpf-scaled.jpg\" \/>\n\t<meta property=\"og:image:width\" content=\"2560\" \/>\n\t<meta property=\"og:image:height\" content=\"1920\" \/>\n\t<meta property=\"og:image:type\" content=\"image\/jpeg\" \/>\n<meta name=\"author\" content=\"Andreas Kolb\" \/>\n<script type=\"application\/ld+json\" class=\"yoast-schema-graph\">{\"@context\":\"https:\\\/\\\/schema.org\",\"@graph\":[{\"@type\":\"Article\",\"@id\":\"https:\\\/\\\/www.jazzzeitung.de\\\/cms\\\/2023\\\/10\\\/the-very-big-carla-bley-zum-tod-der-us-amerikanischen-komponistin-pianistin-und-bandleaderin\\\/#article\",\"isPartOf\":{\"@id\":\"https:\\\/\\\/www.jazzzeitung.de\\\/cms\\\/2023\\\/10\\\/the-very-big-carla-bley-zum-tod-der-us-amerikanischen-komponistin-pianistin-und-bandleaderin\\\/\"},\"author\":{\"name\":\"Andreas Kolb\",\"@id\":\"https:\\\/\\\/www.jazzzeitung.de\\\/cms\\\/#\\\/schema\\\/person\\\/23954215d035da9ee48d2a2c09a4a62c\"},\"headline\":\"The Very Big Carla Bley: Zum Tod der US-amerikanischen Komponistin, Pianistin und Bandleaderin\",\"datePublished\":\"2023-10-18T14:40:03+00:00\",\"dateModified\":\"2023-10-19T09:52:25+00:00\",\"mainEntityOfPage\":{\"@id\":\"https:\\\/\\\/www.jazzzeitung.de\\\/cms\\\/2023\\\/10\\\/the-very-big-carla-bley-zum-tod-der-us-amerikanischen-komponistin-pianistin-und-bandleaderin\\\/\"},\"wordCount\":1615,\"commentCount\":0,\"publisher\":{\"@id\":\"https:\\\/\\\/www.jazzzeitung.de\\\/cms\\\/#organization\"},\"image\":{\"@id\":\"https:\\\/\\\/www.jazzzeitung.de\\\/cms\\\/2023\\\/10\\\/the-very-big-carla-bley-zum-tod-der-us-amerikanischen-komponistin-pianistin-und-bandleaderin\\\/#primaryimage\"},\"thumbnailUrl\":\"https:\\\/\\\/i0.wp.com\\\/www.jazzzeitung.de\\\/cms\\\/wp-content\\\/uploads\\\/2023\\\/10\\\/Bley-Carla-09e-Swallow-Steve-Kumpf-scaled.jpg?fit=2560%2C1920&ssl=1\",\"keywords\":[\"Carla Bley\",\"Escalator over the Hill\",\"Mike Mantler\",\"Paul Bley\",\"Steve Swallow\",\"Wolfgnag Dauner\"],\"articleSection\":[\"Portrait\"],\"inLanguage\":\"de\",\"potentialAction\":[{\"@type\":\"CommentAction\",\"name\":\"Comment\",\"target\":[\"https:\\\/\\\/www.jazzzeitung.de\\\/cms\\\/2023\\\/10\\\/the-very-big-carla-bley-zum-tod-der-us-amerikanischen-komponistin-pianistin-und-bandleaderin\\\/#respond\"]}]},{\"@type\":\"WebPage\",\"@id\":\"https:\\\/\\\/www.jazzzeitung.de\\\/cms\\\/2023\\\/10\\\/the-very-big-carla-bley-zum-tod-der-us-amerikanischen-komponistin-pianistin-und-bandleaderin\\\/\",\"url\":\"https:\\\/\\\/www.jazzzeitung.de\\\/cms\\\/2023\\\/10\\\/the-very-big-carla-bley-zum-tod-der-us-amerikanischen-komponistin-pianistin-und-bandleaderin\\\/\",\"name\":\"The Very Big Carla Bley: Zum Tod der US-amerikanischen Komponistin, Pianistin und Bandleaderin - JazzZeitung\",\"isPartOf\":{\"@id\":\"https:\\\/\\\/www.jazzzeitung.de\\\/cms\\\/#website\"},\"primaryImageOfPage\":{\"@id\":\"https:\\\/\\\/www.jazzzeitung.de\\\/cms\\\/2023\\\/10\\\/the-very-big-carla-bley-zum-tod-der-us-amerikanischen-komponistin-pianistin-und-bandleaderin\\\/#primaryimage\"},\"image\":{\"@id\":\"https:\\\/\\\/www.jazzzeitung.de\\\/cms\\\/2023\\\/10\\\/the-very-big-carla-bley-zum-tod-der-us-amerikanischen-komponistin-pianistin-und-bandleaderin\\\/#primaryimage\"},\"thumbnailUrl\":\"https:\\\/\\\/i0.wp.com\\\/www.jazzzeitung.de\\\/cms\\\/wp-content\\\/uploads\\\/2023\\\/10\\\/Bley-Carla-09e-Swallow-Steve-Kumpf-scaled.jpg?fit=2560%2C1920&ssl=1\",\"datePublished\":\"2023-10-18T14:40:03+00:00\",\"dateModified\":\"2023-10-19T09:52:25+00:00\",\"breadcrumb\":{\"@id\":\"https:\\\/\\\/www.jazzzeitung.de\\\/cms\\\/2023\\\/10\\\/the-very-big-carla-bley-zum-tod-der-us-amerikanischen-komponistin-pianistin-und-bandleaderin\\\/#breadcrumb\"},\"inLanguage\":\"de\",\"potentialAction\":[{\"@type\":\"ReadAction\",\"target\":[\"https:\\\/\\\/www.jazzzeitung.de\\\/cms\\\/2023\\\/10\\\/the-very-big-carla-bley-zum-tod-der-us-amerikanischen-komponistin-pianistin-und-bandleaderin\\\/\"]}]},{\"@type\":\"ImageObject\",\"inLanguage\":\"de\",\"@id\":\"https:\\\/\\\/www.jazzzeitung.de\\\/cms\\\/2023\\\/10\\\/the-very-big-carla-bley-zum-tod-der-us-amerikanischen-komponistin-pianistin-und-bandleaderin\\\/#primaryimage\",\"url\":\"https:\\\/\\\/i0.wp.com\\\/www.jazzzeitung.de\\\/cms\\\/wp-content\\\/uploads\\\/2023\\\/10\\\/Bley-Carla-09e-Swallow-Steve-Kumpf-scaled.jpg?fit=2560%2C1920&ssl=1\",\"contentUrl\":\"https:\\\/\\\/i0.wp.com\\\/www.jazzzeitung.de\\\/cms\\\/wp-content\\\/uploads\\\/2023\\\/10\\\/Bley-Carla-09e-Swallow-Steve-Kumpf-scaled.jpg?fit=2560%2C1920&ssl=1\",\"width\":2560,\"height\":1920},{\"@type\":\"BreadcrumbList\",\"@id\":\"https:\\\/\\\/www.jazzzeitung.de\\\/cms\\\/2023\\\/10\\\/the-very-big-carla-bley-zum-tod-der-us-amerikanischen-komponistin-pianistin-und-bandleaderin\\\/#breadcrumb\",\"itemListElement\":[{\"@type\":\"ListItem\",\"position\":1,\"name\":\"Startseite\",\"item\":\"https:\\\/\\\/www.jazzzeitung.de\\\/cms\\\/\"},{\"@type\":\"ListItem\",\"position\":2,\"name\":\"The Very Big Carla Bley: Zum Tod der US-amerikanischen Komponistin, Pianistin und Bandleaderin\"}]},{\"@type\":\"WebSite\",\"@id\":\"https:\\\/\\\/www.jazzzeitung.de\\\/cms\\\/#website\",\"url\":\"https:\\\/\\\/www.jazzzeitung.de\\\/cms\\\/\",\"name\":\"JazzZeitung\",\"description\":\"Jazz-News und Jazz-Kontroverses\",\"publisher\":{\"@id\":\"https:\\\/\\\/www.jazzzeitung.de\\\/cms\\\/#organization\"},\"potentialAction\":[{\"@type\":\"SearchAction\",\"target\":{\"@type\":\"EntryPoint\",\"urlTemplate\":\"https:\\\/\\\/www.jazzzeitung.de\\\/cms\\\/?s={search_term_string}\"},\"query-input\":{\"@type\":\"PropertyValueSpecification\",\"valueRequired\":true,\"valueName\":\"search_term_string\"}}],\"inLanguage\":\"de\"},{\"@type\":\"Organization\",\"@id\":\"https:\\\/\\\/www.jazzzeitung.de\\\/cms\\\/#organization\",\"name\":\"JazzZeitung online\",\"url\":\"https:\\\/\\\/www.jazzzeitung.de\\\/cms\\\/\",\"logo\":{\"@type\":\"ImageObject\",\"inLanguage\":\"de\",\"@id\":\"https:\\\/\\\/www.jazzzeitung.de\\\/cms\\\/#\\\/schema\\\/logo\\\/image\\\/\",\"url\":\"https:\\\/\\\/i0.wp.com\\\/www.jazzzeitung.de\\\/cms\\\/wp-content\\\/uploads\\\/2015\\\/08\\\/JAZZZEITUNGDE_Logo_Neu.png?fit=499%2C200&ssl=1\",\"contentUrl\":\"https:\\\/\\\/i0.wp.com\\\/www.jazzzeitung.de\\\/cms\\\/wp-content\\\/uploads\\\/2015\\\/08\\\/JAZZZEITUNGDE_Logo_Neu.png?fit=499%2C200&ssl=1\",\"width\":499,\"height\":200,\"caption\":\"JazzZeitung online\"},\"image\":{\"@id\":\"https:\\\/\\\/www.jazzzeitung.de\\\/cms\\\/#\\\/schema\\\/logo\\\/image\\\/\"},\"sameAs\":[\"https:\\\/\\\/www.facebook.com\\\/JazzZeitung\\\/\"]},{\"@type\":\"Person\",\"@id\":\"https:\\\/\\\/www.jazzzeitung.de\\\/cms\\\/#\\\/schema\\\/person\\\/23954215d035da9ee48d2a2c09a4a62c\",\"name\":\"Andreas Kolb\",\"image\":{\"@type\":\"ImageObject\",\"inLanguage\":\"de\",\"@id\":\"https:\\\/\\\/i0.wp.com\\\/www.jazzzeitung.de\\\/cms\\\/wp-content\\\/uploads\\\/2013\\\/05\\\/kolb-small.jpg?resize=96%2C96&ssl=1d81fdf4aa1b2f31d206a8dd371420dd4\",\"url\":\"https:\\\/\\\/i0.wp.com\\\/www.jazzzeitung.de\\\/cms\\\/wp-content\\\/uploads\\\/2013\\\/05\\\/kolb-small.jpg?resize=96%2C96&ssl=1\",\"contentUrl\":\"https:\\\/\\\/i0.wp.com\\\/www.jazzzeitung.de\\\/cms\\\/wp-content\\\/uploads\\\/2013\\\/05\\\/kolb-small.jpg?resize=96%2C96&ssl=1\",\"caption\":\"Andreas Kolb\"},\"description\":\"Andreas Kolb ist Chefredakteur der Jazzzeitung.\",\"sameAs\":[\"https:\\\/\\\/www.jazzzeitung.de\"],\"url\":\"https:\\\/\\\/www.jazzzeitung.de\\\/cms\\\/author\\\/kolb\\\/\"}]}<\/script>\n<!-- \/ Yoast SEO plugin. -->","yoast_head_json":{"title":"The Very Big Carla Bley: Zum Tod der US-amerikanischen Komponistin, Pianistin und Bandleaderin - JazzZeitung","robots":{"index":"index","follow":"follow","max-snippet":"max-snippet:-1","max-image-preview":"max-image-preview:large","max-video-preview":"max-video-preview:-1"},"canonical":"https:\/\/www.jazzzeitung.de\/cms\/2023\/10\/the-very-big-carla-bley-zum-tod-der-us-amerikanischen-komponistin-pianistin-und-bandleaderin\/","og_locale":"de_DE","og_type":"article","og_title":"The Very Big Carla Bley: Zum Tod der US-amerikanischen Komponistin, Pianistin und Bandleaderin - JazzZeitung","og_description":"Die amerikanische Komponistin und Pianistin Carla Bley war eine der ersten gro\u00dfen Frauen im Jazz, die keine S\u00e4ngerin war. Ihre &#8222;The Very Big Carla Bley Band&#8220; war ein wilder Haufen m\u00e4nnlicher Super-Jazzer, voller Testosteron und Selbstdarstellungstrieben.\u00a0 Doch die Bley akzeptierten sie als Chefin und hinterlie\u00dfen damit ein au\u00dfergew\u00f6hnliches \u0152u\u00adv\u00adre an Big Band-Musik der Gegenwart. Carla Bley, die mit der Jazz-Oper &#8222;Escalator Over The Hill&#8220; 1971 schlagartig popul\u00e4r wurde, konnte aber viel mehr als nur die Gro\u00dfformation. Ihre sch\u00f6nste Musik sind wohl die Duo- und Trio-Aufnahmen mit Steve Swallow am Bass und Andy Sheppard am Saxophon. Gestern am 17. Oktober 2023 starb Carla Bley im Alter von 87 Jahren n\u00f6rdlich von New York an den Folgen eines Hirntumors, wie amerikanische Medien unter Berufung auf ihren langj\u00e4hrigen Partner Steve Swallow berichteten. Die JazzZeitung hatte der K\u00fcnstlerin am 24. November 2009 im Stuttgarter Gustav Siegle Haus zusammen mit der Sparda Bank Baden-W\u00fcrttemberg die mit 10.000 Euro dotierte German Jazz Trophy verliehen. Stuttgart war die erste von allen St\u00e4dten in Europa, die Carla Bley im Laufe ihres Tour-Lebens besuchte. Aus Anlass ihres Todes publiziert Jazzzeitung.de die Laudatio von Andreas &hellip;","og_url":"https:\/\/www.jazzzeitung.de\/cms\/2023\/10\/the-very-big-carla-bley-zum-tod-der-us-amerikanischen-komponistin-pianistin-und-bandleaderin\/","og_site_name":"JazzZeitung","article_publisher":"https:\/\/www.facebook.com\/JazzZeitung\/","article_published_time":"2023-10-18T14:40:03+00:00","article_modified_time":"2023-10-19T09:52:25+00:00","og_image":[{"width":2560,"height":1920,"url":"https:\/\/www.jazzzeitung.de\/cms\/wp-content\/uploads\/2023\/10\/Bley-Carla-09e-Swallow-Steve-Kumpf-scaled.jpg","type":"image\/jpeg"}],"author":"Andreas Kolb","schema":{"@context":"https:\/\/schema.org","@graph":[{"@type":"Article","@id":"https:\/\/www.jazzzeitung.de\/cms\/2023\/10\/the-very-big-carla-bley-zum-tod-der-us-amerikanischen-komponistin-pianistin-und-bandleaderin\/#article","isPartOf":{"@id":"https:\/\/www.jazzzeitung.de\/cms\/2023\/10\/the-very-big-carla-bley-zum-tod-der-us-amerikanischen-komponistin-pianistin-und-bandleaderin\/"},"author":{"name":"Andreas Kolb","@id":"https:\/\/www.jazzzeitung.de\/cms\/#\/schema\/person\/23954215d035da9ee48d2a2c09a4a62c"},"headline":"The Very Big Carla Bley: Zum Tod der US-amerikanischen Komponistin, Pianistin und Bandleaderin","datePublished":"2023-10-18T14:40:03+00:00","dateModified":"2023-10-19T09:52:25+00:00","mainEntityOfPage":{"@id":"https:\/\/www.jazzzeitung.de\/cms\/2023\/10\/the-very-big-carla-bley-zum-tod-der-us-amerikanischen-komponistin-pianistin-und-bandleaderin\/"},"wordCount":1615,"commentCount":0,"publisher":{"@id":"https:\/\/www.jazzzeitung.de\/cms\/#organization"},"image":{"@id":"https:\/\/www.jazzzeitung.de\/cms\/2023\/10\/the-very-big-carla-bley-zum-tod-der-us-amerikanischen-komponistin-pianistin-und-bandleaderin\/#primaryimage"},"thumbnailUrl":"https:\/\/i0.wp.com\/www.jazzzeitung.de\/cms\/wp-content\/uploads\/2023\/10\/Bley-Carla-09e-Swallow-Steve-Kumpf-scaled.jpg?fit=2560%2C1920&ssl=1","keywords":["Carla Bley","Escalator over the Hill","Mike Mantler","Paul Bley","Steve Swallow","Wolfgnag Dauner"],"articleSection":["Portrait"],"inLanguage":"de","potentialAction":[{"@type":"CommentAction","name":"Comment","target":["https:\/\/www.jazzzeitung.de\/cms\/2023\/10\/the-very-big-carla-bley-zum-tod-der-us-amerikanischen-komponistin-pianistin-und-bandleaderin\/#respond"]}]},{"@type":"WebPage","@id":"https:\/\/www.jazzzeitung.de\/cms\/2023\/10\/the-very-big-carla-bley-zum-tod-der-us-amerikanischen-komponistin-pianistin-und-bandleaderin\/","url":"https:\/\/www.jazzzeitung.de\/cms\/2023\/10\/the-very-big-carla-bley-zum-tod-der-us-amerikanischen-komponistin-pianistin-und-bandleaderin\/","name":"The Very Big Carla Bley: Zum Tod der US-amerikanischen Komponistin, Pianistin und Bandleaderin - JazzZeitung","isPartOf":{"@id":"https:\/\/www.jazzzeitung.de\/cms\/#website"},"primaryImageOfPage":{"@id":"https:\/\/www.jazzzeitung.de\/cms\/2023\/10\/the-very-big-carla-bley-zum-tod-der-us-amerikanischen-komponistin-pianistin-und-bandleaderin\/#primaryimage"},"image":{"@id":"https:\/\/www.jazzzeitung.de\/cms\/2023\/10\/the-very-big-carla-bley-zum-tod-der-us-amerikanischen-komponistin-pianistin-und-bandleaderin\/#primaryimage"},"thumbnailUrl":"https:\/\/i0.wp.com\/www.jazzzeitung.de\/cms\/wp-content\/uploads\/2023\/10\/Bley-Carla-09e-Swallow-Steve-Kumpf-scaled.jpg?fit=2560%2C1920&ssl=1","datePublished":"2023-10-18T14:40:03+00:00","dateModified":"2023-10-19T09:52:25+00:00","breadcrumb":{"@id":"https:\/\/www.jazzzeitung.de\/cms\/2023\/10\/the-very-big-carla-bley-zum-tod-der-us-amerikanischen-komponistin-pianistin-und-bandleaderin\/#breadcrumb"},"inLanguage":"de","potentialAction":[{"@type":"ReadAction","target":["https:\/\/www.jazzzeitung.de\/cms\/2023\/10\/the-very-big-carla-bley-zum-tod-der-us-amerikanischen-komponistin-pianistin-und-bandleaderin\/"]}]},{"@type":"ImageObject","inLanguage":"de","@id":"https:\/\/www.jazzzeitung.de\/cms\/2023\/10\/the-very-big-carla-bley-zum-tod-der-us-amerikanischen-komponistin-pianistin-und-bandleaderin\/#primaryimage","url":"https:\/\/i0.wp.com\/www.jazzzeitung.de\/cms\/wp-content\/uploads\/2023\/10\/Bley-Carla-09e-Swallow-Steve-Kumpf-scaled.jpg?fit=2560%2C1920&ssl=1","contentUrl":"https:\/\/i0.wp.com\/www.jazzzeitung.de\/cms\/wp-content\/uploads\/2023\/10\/Bley-Carla-09e-Swallow-Steve-Kumpf-scaled.jpg?fit=2560%2C1920&ssl=1","width":2560,"height":1920},{"@type":"BreadcrumbList","@id":"https:\/\/www.jazzzeitung.de\/cms\/2023\/10\/the-very-big-carla-bley-zum-tod-der-us-amerikanischen-komponistin-pianistin-und-bandleaderin\/#breadcrumb","itemListElement":[{"@type":"ListItem","position":1,"name":"Startseite","item":"https:\/\/www.jazzzeitung.de\/cms\/"},{"@type":"ListItem","position":2,"name":"The Very Big Carla Bley: Zum Tod der US-amerikanischen Komponistin, Pianistin und Bandleaderin"}]},{"@type":"WebSite","@id":"https:\/\/www.jazzzeitung.de\/cms\/#website","url":"https:\/\/www.jazzzeitung.de\/cms\/","name":"JazzZeitung","description":"Jazz-News und Jazz-Kontroverses","publisher":{"@id":"https:\/\/www.jazzzeitung.de\/cms\/#organization"},"potentialAction":[{"@type":"SearchAction","target":{"@type":"EntryPoint","urlTemplate":"https:\/\/www.jazzzeitung.de\/cms\/?s={search_term_string}"},"query-input":{"@type":"PropertyValueSpecification","valueRequired":true,"valueName":"search_term_string"}}],"inLanguage":"de"},{"@type":"Organization","@id":"https:\/\/www.jazzzeitung.de\/cms\/#organization","name":"JazzZeitung online","url":"https:\/\/www.jazzzeitung.de\/cms\/","logo":{"@type":"ImageObject","inLanguage":"de","@id":"https:\/\/www.jazzzeitung.de\/cms\/#\/schema\/logo\/image\/","url":"https:\/\/i0.wp.com\/www.jazzzeitung.de\/cms\/wp-content\/uploads\/2015\/08\/JAZZZEITUNGDE_Logo_Neu.png?fit=499%2C200&ssl=1","contentUrl":"https:\/\/i0.wp.com\/www.jazzzeitung.de\/cms\/wp-content\/uploads\/2015\/08\/JAZZZEITUNGDE_Logo_Neu.png?fit=499%2C200&ssl=1","width":499,"height":200,"caption":"JazzZeitung online"},"image":{"@id":"https:\/\/www.jazzzeitung.de\/cms\/#\/schema\/logo\/image\/"},"sameAs":["https:\/\/www.facebook.com\/JazzZeitung\/"]},{"@type":"Person","@id":"https:\/\/www.jazzzeitung.de\/cms\/#\/schema\/person\/23954215d035da9ee48d2a2c09a4a62c","name":"Andreas Kolb","image":{"@type":"ImageObject","inLanguage":"de","@id":"https:\/\/i0.wp.com\/www.jazzzeitung.de\/cms\/wp-content\/uploads\/2013\/05\/kolb-small.jpg?resize=96%2C96&ssl=1d81fdf4aa1b2f31d206a8dd371420dd4","url":"https:\/\/i0.wp.com\/www.jazzzeitung.de\/cms\/wp-content\/uploads\/2013\/05\/kolb-small.jpg?resize=96%2C96&ssl=1","contentUrl":"https:\/\/i0.wp.com\/www.jazzzeitung.de\/cms\/wp-content\/uploads\/2013\/05\/kolb-small.jpg?resize=96%2C96&ssl=1","caption":"Andreas Kolb"},"description":"Andreas Kolb ist Chefredakteur der Jazzzeitung.","sameAs":["https:\/\/www.jazzzeitung.de"],"url":"https:\/\/www.jazzzeitung.de\/cms\/author\/kolb\/"}]}},"wp-worthy-pixel":{"ignored":false,"public":null,"server":null,"url":null},"wp-worthy-type":"normal","jetpack_publicize_connections":[],"cc_featured_image_caption":{"caption_text":"","source_text":"","source_url":""},"jetpack_featured_media_url":"https:\/\/i0.wp.com\/www.jazzzeitung.de\/cms\/wp-content\/uploads\/2023\/10\/Bley-Carla-09e-Swallow-Steve-Kumpf-scaled.jpg?fit=2560%2C1920&ssl=1","jetpack_shortlink":"https:\/\/wp.me\/p3KEcT-7Qc","jetpack-related-posts":[{"id":14407,"url":"https:\/\/www.jazzzeitung.de\/cms\/2017\/11\/dave-douglas-chet-doxas-riverside-mit-carla-bley-auf-tour-und-im-jazzclub-unterfahrt\/","url_meta":{"origin":30144,"position":0},"title":"Dave Douglas &#038; Chet Doxas: \u201eRiverside\u201c mit Carla Bley im Jazzclub Unterfahrt","author":"Thomas J. Krebs","date":"25. November 2017","format":false,"excerpt":"Nach einem Tribute f\u00fcr Jimmy Giuffre \u00fcberlegten sich Dave Douglas und Chet Doxas f\u00fcr ihr Bandprojekt \u201eRiverside\u201c einem weiteren musikalischen Vorbild zu huldigen: Carla Bley! Als Carla Bley \u00fcber ihren Partner Steve Swallow, gleichzeitig der Bassist des Riverside-Quartetts, davon erfuhr, beteiligte sie sich spontan mit ein paar Eigenkompositionen f\u00fcr die\u2026","rel":"","context":"In &quot;Bericht&quot;","block_context":{"text":"Bericht","link":"https:\/\/www.jazzzeitung.de\/cms\/thema\/bericht\/"},"img":{"alt_text":"","src":"https:\/\/i0.wp.com\/www.jazzzeitung.de\/cms\/wp-content\/uploads\/2017\/11\/P1680683-Bley-Foto-TJ-Krebs-jazzphotoagency%40web.de_.jpg?fit=1200%2C800&ssl=1&resize=350%2C200","width":350,"height":200,"srcset":"https:\/\/i0.wp.com\/www.jazzzeitung.de\/cms\/wp-content\/uploads\/2017\/11\/P1680683-Bley-Foto-TJ-Krebs-jazzphotoagency%40web.de_.jpg?fit=1200%2C800&ssl=1&resize=350%2C200 1x, https:\/\/i0.wp.com\/www.jazzzeitung.de\/cms\/wp-content\/uploads\/2017\/11\/P1680683-Bley-Foto-TJ-Krebs-jazzphotoagency%40web.de_.jpg?fit=1200%2C800&ssl=1&resize=525%2C300 1.5x, https:\/\/i0.wp.com\/www.jazzzeitung.de\/cms\/wp-content\/uploads\/2017\/11\/P1680683-Bley-Foto-TJ-Krebs-jazzphotoagency%40web.de_.jpg?fit=1200%2C800&ssl=1&resize=700%2C400 2x, https:\/\/i0.wp.com\/www.jazzzeitung.de\/cms\/wp-content\/uploads\/2017\/11\/P1680683-Bley-Foto-TJ-Krebs-jazzphotoagency%40web.de_.jpg?fit=1200%2C800&ssl=1&resize=1050%2C600 3x"},"classes":[]},{"id":9664,"url":"https:\/\/www.jazzzeitung.de\/cms\/2016\/07\/carla-bleys-musikalischer-zauber-der-unterfahrt\/","url_meta":{"origin":30144,"position":1},"title":"Carla Bleys musikalischer Zauber in der Unterfahrt","author":"Redaktion JazzZeitung","date":"18. Juli 2016","format":false,"excerpt":"Letzten Donnerstag (14.7.2016) in der restlos ausverkauften M\u00fcnchner Unterfahrt: 214 Jahre Jazzerfahrung auf der B\u00fchne mit Carla Bley, Steve Swallow und Andy Sheppard, jenem Trio, das vor mittlerweile 22 Jahren(!) in dieser Besetzung ihr erstes, sensationelles Album \u201eSongs with Legs\u201c einspielte. Vom ersten Ton an zogen die drei das Publikum\u2026","rel":"","context":"In &quot;Bericht&quot;","block_context":{"text":"Bericht","link":"https:\/\/www.jazzzeitung.de\/cms\/thema\/bericht\/"},"img":{"alt_text":"","src":"https:\/\/i0.wp.com\/www.jazzzeitung.de\/cms\/wp-content\/uploads\/2016\/07\/P1780179-Sheppard-Foto-TJ-Krebs.jpg?resize=350%2C200","width":350,"height":200,"srcset":"https:\/\/i0.wp.com\/www.jazzzeitung.de\/cms\/wp-content\/uploads\/2016\/07\/P1780179-Sheppard-Foto-TJ-Krebs.jpg?resize=350%2C200 1x, https:\/\/i0.wp.com\/www.jazzzeitung.de\/cms\/wp-content\/uploads\/2016\/07\/P1780179-Sheppard-Foto-TJ-Krebs.jpg?resize=525%2C300 1.5x"},"classes":[]},{"id":28311,"url":"https:\/\/www.jazzzeitung.de\/cms\/2022\/09\/christian-muthspiel-zum-60-geburtstag\/","url_meta":{"origin":30144,"position":2},"title":"Christian Muthspiel zum 60. Geburtstag","author":"Redaktion JazzZeitung","date":"20. September 2022","format":false,"excerpt":"Anl\u00e4sslich seines 60. Geburtstags am 20. September hat die neue musikzeitung (nmz) f\u00fcr die September-Ausgabe ihren \"11 Fragen an...\"-Katalog an den vielseitigen Musiker Christian Muthspiel gestellt, der hier nochmal auf jazzzeitung.de erscheint. Der 1962 in Judenburg (\u00d6sterreich) geborene Komponist, Dirigent, Posaunist, Pianist und Maler ist sowohl im Bereich des Jazz\u2026","rel":"","context":"In &quot;News&quot;","block_context":{"text":"News","link":"https:\/\/www.jazzzeitung.de\/cms\/thema\/nachrichten\/"},"img":{"alt_text":"","src":"https:\/\/i0.wp.com\/www.jazzzeitung.de\/cms\/wp-content\/uploads\/2022\/09\/Christian-Muthspiel-photo-Sabine-Hauswirth-scaled.jpg?fit=1200%2C1200&ssl=1&resize=350%2C200","width":350,"height":200,"srcset":"https:\/\/i0.wp.com\/www.jazzzeitung.de\/cms\/wp-content\/uploads\/2022\/09\/Christian-Muthspiel-photo-Sabine-Hauswirth-scaled.jpg?fit=1200%2C1200&ssl=1&resize=350%2C200 1x, https:\/\/i0.wp.com\/www.jazzzeitung.de\/cms\/wp-content\/uploads\/2022\/09\/Christian-Muthspiel-photo-Sabine-Hauswirth-scaled.jpg?fit=1200%2C1200&ssl=1&resize=525%2C300 1.5x, https:\/\/i0.wp.com\/www.jazzzeitung.de\/cms\/wp-content\/uploads\/2022\/09\/Christian-Muthspiel-photo-Sabine-Hauswirth-scaled.jpg?fit=1200%2C1200&ssl=1&resize=700%2C400 2x, https:\/\/i0.wp.com\/www.jazzzeitung.de\/cms\/wp-content\/uploads\/2022\/09\/Christian-Muthspiel-photo-Sabine-Hauswirth-scaled.jpg?fit=1200%2C1200&ssl=1&resize=1050%2C600 3x"},"classes":[]},{"id":8040,"url":"https:\/\/www.jazzzeitung.de\/cms\/2016\/01\/paul-bley-nachruf-auf-einen-modernisten\/","url_meta":{"origin":30144,"position":3},"title":"Paul Bley &#8211; Nachruf auf einen Modernisten","author":"Redaktion JazzZeitung","date":"7. Januar 2016","format":false,"excerpt":"Leuchtende Akkorde, klarer Anschlag, moderner Improvisationsduktus \u2013 dies sind die g\u00e4ngigen Attribute, die dem Pianisten Paul Bley zugesprochen werden. Dass sie wahr sind, belegen \u00fcber 100 CD-Einspielungen des gro\u00dfen Improvisators der Jazz-Moderne. Am 3. Januar starb der kanadische Pianist im Kreise seiner Familie wie der \u201eOttawa Citizen\u201c unter Berufung auf\u2026","rel":"","context":"In &quot;News&quot;","block_context":{"text":"News","link":"https:\/\/www.jazzzeitung.de\/cms\/thema\/nachrichten\/"},"img":{"alt_text":"Paul Bley. Foto: Thomas J. Krebs ","src":"https:\/\/i0.wp.com\/www.jazzzeitung.de\/cms\/wp-content\/uploads\/2016\/01\/Paul-Bley-Copyright-by-TJ-Krebs-jazzphotoagency%40web.de_-150x150.jpg?resize=350%2C200","width":350,"height":200},"classes":[]},{"id":1440,"url":"https:\/\/www.jazzzeitung.de\/cms\/2011\/11\/jazz-in-berlin-3\/","url_meta":{"origin":30144,"position":4},"title":"Jazz in Berlin (3)","author":"Rainer Wein","date":"16. November 2011","format":false,"excerpt":"Der S\u00fcddeutschen Zeitung vom 8. November entnehme ich, dass das JazzFest Berlin dieses Jahr ein erhebendes spirituelles Ereignis war. Die beteiligten amerikanischen K\u00fcnstler hatten sich offenbar auf dem Weg nach Europa allesamt irgendwie verloren, vermutlich beim langen Warten vorm Flughafen-Check-in, also war erst mal gr\u00fcndliche Selbstfindung n\u00f6tig. Lizz Wright zelebrierte\u2026","rel":"","context":"In &quot;Blog&quot;","block_context":{"text":"Blog","link":"https:\/\/www.jazzzeitung.de\/cms\/thema\/blog\/"},"img":{"alt_text":"","src":"","width":0,"height":0},"classes":[]},{"id":22055,"url":"https:\/\/www.jazzzeitung.de\/cms\/2020\/03\/jazzwoche_kw10\/","url_meta":{"origin":30144,"position":5},"title":"Die Jazz-Radiowoche vom 02.03.20 bis 08.03.20","author":"Martin Hufner","date":"1. M\u00e4rz 2020","format":false,"excerpt":"Ein kleiner Blick in die Jazzwoche 10 im Radio. Die \u00dcbersicht zum Download als PDF. Alle Angaben ohne Gew\u00e4hr. Jazz im Radio (Fernsehen) SR2 \u2013 JazzNow \u2013 Sonntags von 20.04 bis 22.30 Uhr BR-KLASSIK \u2013 Jazztime \u2013 Von Montag bis Freitag t\u00e4glich um 23.05 Uhr rbb-kultur \u2013 Late Night Jazz\u2026","rel":"","context":"In &quot;News&quot;","block_context":{"text":"News","link":"https:\/\/www.jazzzeitung.de\/cms\/thema\/nachrichten\/"},"img":{"alt_text":"Jazz im Radio. Foto: Hufner","src":"https:\/\/i0.wp.com\/www.jazzzeitung.de\/cms\/wp-content\/uploads\/2019\/03\/jazz_im_radio.jpg?fit=1200%2C773&ssl=1&resize=350%2C200","width":350,"height":200,"srcset":"https:\/\/i0.wp.com\/www.jazzzeitung.de\/cms\/wp-content\/uploads\/2019\/03\/jazz_im_radio.jpg?fit=1200%2C773&ssl=1&resize=350%2C200 1x, https:\/\/i0.wp.com\/www.jazzzeitung.de\/cms\/wp-content\/uploads\/2019\/03\/jazz_im_radio.jpg?fit=1200%2C773&ssl=1&resize=525%2C300 1.5x, https:\/\/i0.wp.com\/www.jazzzeitung.de\/cms\/wp-content\/uploads\/2019\/03\/jazz_im_radio.jpg?fit=1200%2C773&ssl=1&resize=700%2C400 2x, https:\/\/i0.wp.com\/www.jazzzeitung.de\/cms\/wp-content\/uploads\/2019\/03\/jazz_im_radio.jpg?fit=1200%2C773&ssl=1&resize=1050%2C600 3x"},"classes":[]}],"jetpack_sharing_enabled":true,"_links":{"self":[{"href":"https:\/\/www.jazzzeitung.de\/cms\/wp-json\/wp\/v2\/posts\/30144","targetHints":{"allow":["GET"]}}],"collection":[{"href":"https:\/\/www.jazzzeitung.de\/cms\/wp-json\/wp\/v2\/posts"}],"about":[{"href":"https:\/\/www.jazzzeitung.de\/cms\/wp-json\/wp\/v2\/types\/post"}],"author":[{"embeddable":true,"href":"https:\/\/www.jazzzeitung.de\/cms\/wp-json\/wp\/v2\/users\/7"}],"replies":[{"embeddable":true,"href":"https:\/\/www.jazzzeitung.de\/cms\/wp-json\/wp\/v2\/comments?post=30144"}],"version-history":[{"count":13,"href":"https:\/\/www.jazzzeitung.de\/cms\/wp-json\/wp\/v2\/posts\/30144\/revisions"}],"predecessor-version":[{"id":30161,"href":"https:\/\/www.jazzzeitung.de\/cms\/wp-json\/wp\/v2\/posts\/30144\/revisions\/30161"}],"wp:featuredmedia":[{"embeddable":true,"href":"https:\/\/www.jazzzeitung.de\/cms\/wp-json\/wp\/v2\/media\/30148"}],"wp:attachment":[{"href":"https:\/\/www.jazzzeitung.de\/cms\/wp-json\/wp\/v2\/media?parent=30144"}],"wp:term":[{"taxonomy":"category","embeddable":true,"href":"https:\/\/www.jazzzeitung.de\/cms\/wp-json\/wp\/v2\/categories?post=30144"},{"taxonomy":"post_tag","embeddable":true,"href":"https:\/\/www.jazzzeitung.de\/cms\/wp-json\/wp\/v2\/tags?post=30144"},{"taxonomy":"author","embeddable":true,"href":"https:\/\/www.jazzzeitung.de\/cms\/wp-json\/wp\/v2\/coauthors?post=30144"}],"curies":[{"name":"wp","href":"https:\/\/api.w.org\/{rel}","templated":true}]}}