{"id":30072,"date":"2023-09-26T14:31:39","date_gmt":"2023-09-26T12:31:39","guid":{"rendered":"https:\/\/www.jazzzeitung.de\/cms\/?p=30072"},"modified":"2023-09-26T14:31:39","modified_gmt":"2023-09-26T12:31:39","slug":"schatten-im-wechsel-der-gezeiten-twirls-duo-album-tides","status":"publish","type":"post","link":"https:\/\/www.jazzzeitung.de\/cms\/2023\/09\/schatten-im-wechsel-der-gezeiten-twirls-duo-album-tides\/","title":{"rendered":"Schatten im Wechsel der Gezeiten \u00a0&#8211; Twirls-Duo-Album \u201eTides\u201c"},"content":{"rendered":"<p>Entspannt ist vermutlich das falsche Wort f\u00fcr das Twirls-Duo-Album \u201eTides\u201c. Konzentriert und scheinbar m\u00fchelos trifft die Stimmung der \u201eGezeiten\u201c- Aufnahmen von Pianist Nicolas Schulze und Alexander Beierbach am Saxofon um einiges besser. Erfasst ist die poetisch-dunkle Musik der zwei Improvisatoren als Ganzes damit lange noch nicht. Mal stupst Beierbach den Pianisten aufmunternd an, mal laufen die beiden nebeneinander her und versuchen jeder dem anderen einen Schritt voraus zu sein.<\/p>\n<h3>Tastend, leise, aufmerksam<\/h3>\n<p>Das Verspielte darin versteckt sich eher, kommt nur selten und dann subtil zum Vorschein. Vorwiegend wirkt das Zusammenspiel der Musiker tastend, leise, aufmerksam, jeden Ton aufnehmend und nachh\u00f6rend. Die Antworten klingen unvorhersehbar, hellh\u00f6rig, getragen von einer aufmerksamen Freundlichkeit und respektvollen Zugewandtheit. In acht St\u00fccken erkunden die beiden in ihren Improvisationen und Dialogen die Resonanzen, welche die Gezeiten in ihnen ausl\u00f6sen.<\/p>\n<div class=\"tiled-gallery type-rectangular tiled-gallery-unresized\" data-original-width=\"840\" data-carousel-extra='{&quot;blog_id&quot;:1,&quot;permalink&quot;:&quot;https:\\\/\\\/www.jazzzeitung.de\\\/cms\\\/2023\\\/09\\\/schatten-im-wechsel-der-gezeiten-twirls-duo-album-tides\\\/&quot;,&quot;likes_blog_id&quot;:55446655}' itemscope itemtype=\"http:\/\/schema.org\/ImageGallery\" > <div class=\"gallery-row\" style=\"width: 840px; height: 344px;\" data-original-width=\"840\" data-original-height=\"344\" > <div class=\"gallery-group images-1\" style=\"width: 226px; height: 344px;\" data-original-width=\"226\" data-original-height=\"344\" > <div class=\"tiled-gallery-item tiled-gallery-item-small\" itemprop=\"associatedMedia\" itemscope itemtype=\"http:\/\/schema.org\/ImageObject\"> <a href=\"https:\/\/www.jazzzeitung.de\/cms\/2023\/09\/schatten-im-wechsel-der-gezeiten-twirls-duo-album-tides\/beierbach-alex_11\/\" border=\"0\" itemprop=\"url\"> <meta itemprop=\"width\" content=\"222\"> <meta itemprop=\"height\" content=\"340\"> <img decoding=\"async\" class=\"\" data-attachment-id=\"30073\" data-orig-file=\"https:\/\/www.jazzzeitung.de\/cms\/wp-content\/uploads\/2023\/09\/Beierbach-Alex_11.jpg\" data-orig-size=\"1565,2398\" data-comments-opened=\"1\" data-image-meta=\"{&quot;aperture&quot;:&quot;5.6&quot;,&quot;credit&quot;:&quot;&quot;,&quot;camera&quot;:&quot;NIKON D7000&quot;,&quot;caption&quot;:&quot;&quot;,&quot;created_timestamp&quot;:&quot;1492813038&quot;,&quot;copyright&quot;:&quot;&quot;,&quot;focal_length&quot;:&quot;90&quot;,&quot;iso&quot;:&quot;2000&quot;,&quot;shutter_speed&quot;:&quot;0.0125&quot;,&quot;title&quot;:&quot;&quot;,&quot;orientation&quot;:&quot;1&quot;}\" data-image-title=\"Beierbach-Alex_11\" data-image-description=\"\" data-medium-file=\"https:\/\/i0.wp.com\/www.jazzzeitung.de\/cms\/wp-content\/uploads\/2023\/09\/Beierbach-Alex_11.jpg?fit=196%2C300&#038;ssl=1\" data-large-file=\"https:\/\/i0.wp.com\/www.jazzzeitung.de\/cms\/wp-content\/uploads\/2023\/09\/Beierbach-Alex_11.jpg?fit=392%2C600&#038;ssl=1\" src=\"https:\/\/i0.wp.com\/www.jazzzeitung.de\/cms\/wp-content\/uploads\/2023\/09\/Beierbach-Alex_11.jpg?w=222&#038;h=340&#038;ssl=1\" srcset=\"https:\/\/i0.wp.com\/www.jazzzeitung.de\/cms\/wp-content\/uploads\/2023\/09\/Beierbach-Alex_11.jpg?w=1565&amp;ssl=1 1565w, https:\/\/i0.wp.com\/www.jazzzeitung.de\/cms\/wp-content\/uploads\/2023\/09\/Beierbach-Alex_11.jpg?resize=196%2C300&amp;ssl=1 196w, https:\/\/i0.wp.com\/www.jazzzeitung.de\/cms\/wp-content\/uploads\/2023\/09\/Beierbach-Alex_11.jpg?resize=392%2C600&amp;ssl=1 392w, https:\/\/i0.wp.com\/www.jazzzeitung.de\/cms\/wp-content\/uploads\/2023\/09\/Beierbach-Alex_11.jpg?resize=768%2C1177&amp;ssl=1 768w, https:\/\/i0.wp.com\/www.jazzzeitung.de\/cms\/wp-content\/uploads\/2023\/09\/Beierbach-Alex_11.jpg?resize=1002%2C1536&amp;ssl=1 1002w, https:\/\/i0.wp.com\/www.jazzzeitung.de\/cms\/wp-content\/uploads\/2023\/09\/Beierbach-Alex_11.jpg?resize=1337%2C2048&amp;ssl=1 1337w, https:\/\/i0.wp.com\/www.jazzzeitung.de\/cms\/wp-content\/uploads\/2023\/09\/Beierbach-Alex_11.jpg?resize=1320%2C2023&amp;ssl=1 1320w\" width=\"222\" height=\"340\" loading=\"lazy\" data-original-width=\"222\" data-original-height=\"340\" itemprop=\"http:\/\/schema.org\/image\" title=\"Beierbach-Alex_11\" alt=\"Beierbach-Alex_11\" style=\"width: 222px; height: 340px;\" \/> <\/a> <\/div> <\/div> <!-- close group --> <div class=\"gallery-group images-1\" style=\"width: 229px; height: 344px;\" data-original-width=\"229\" data-original-height=\"344\" > <div class=\"tiled-gallery-item tiled-gallery-item-small\" itemprop=\"associatedMedia\" itemscope itemtype=\"http:\/\/schema.org\/ImageObject\"> <a href=\"https:\/\/www.jazzzeitung.de\/cms\/2023\/09\/schatten-im-wechsel-der-gezeiten-twirls-duo-album-tides\/beierbach-alex_24\/\" border=\"0\" itemprop=\"url\"> <meta itemprop=\"width\" content=\"225\"> <meta itemprop=\"height\" content=\"340\"> <img decoding=\"async\" class=\"\" data-attachment-id=\"30074\" data-orig-file=\"https:\/\/www.jazzzeitung.de\/cms\/wp-content\/uploads\/2023\/09\/Beierbach-Alex_24.jpg\" data-orig-size=\"1565,2362\" data-comments-opened=\"1\" data-image-meta=\"{&quot;aperture&quot;:&quot;5.3&quot;,&quot;credit&quot;:&quot;&quot;,&quot;camera&quot;:&quot;NIKON D7000&quot;,&quot;caption&quot;:&quot;&quot;,&quot;created_timestamp&quot;:&quot;1492813898&quot;,&quot;copyright&quot;:&quot;&quot;,&quot;focal_length&quot;:&quot;70&quot;,&quot;iso&quot;:&quot;2000&quot;,&quot;shutter_speed&quot;:&quot;0.02&quot;,&quot;title&quot;:&quot;&quot;,&quot;orientation&quot;:&quot;1&quot;}\" data-image-title=\"Beierbach-Alex_24\" data-image-description=\"\" data-medium-file=\"https:\/\/i0.wp.com\/www.jazzzeitung.de\/cms\/wp-content\/uploads\/2023\/09\/Beierbach-Alex_24.jpg?fit=199%2C300&#038;ssl=1\" data-large-file=\"https:\/\/i0.wp.com\/www.jazzzeitung.de\/cms\/wp-content\/uploads\/2023\/09\/Beierbach-Alex_24.jpg?fit=398%2C600&#038;ssl=1\" src=\"https:\/\/i0.wp.com\/www.jazzzeitung.de\/cms\/wp-content\/uploads\/2023\/09\/Beierbach-Alex_24.jpg?w=225&#038;h=340&#038;ssl=1\" srcset=\"https:\/\/i0.wp.com\/www.jazzzeitung.de\/cms\/wp-content\/uploads\/2023\/09\/Beierbach-Alex_24.jpg?w=1565&amp;ssl=1 1565w, https:\/\/i0.wp.com\/www.jazzzeitung.de\/cms\/wp-content\/uploads\/2023\/09\/Beierbach-Alex_24.jpg?resize=199%2C300&amp;ssl=1 199w, https:\/\/i0.wp.com\/www.jazzzeitung.de\/cms\/wp-content\/uploads\/2023\/09\/Beierbach-Alex_24.jpg?resize=398%2C600&amp;ssl=1 398w, https:\/\/i0.wp.com\/www.jazzzeitung.de\/cms\/wp-content\/uploads\/2023\/09\/Beierbach-Alex_24.jpg?resize=768%2C1159&amp;ssl=1 768w, https:\/\/i0.wp.com\/www.jazzzeitung.de\/cms\/wp-content\/uploads\/2023\/09\/Beierbach-Alex_24.jpg?resize=1018%2C1536&amp;ssl=1 1018w, https:\/\/i0.wp.com\/www.jazzzeitung.de\/cms\/wp-content\/uploads\/2023\/09\/Beierbach-Alex_24.jpg?resize=1357%2C2048&amp;ssl=1 1357w, https:\/\/i0.wp.com\/www.jazzzeitung.de\/cms\/wp-content\/uploads\/2023\/09\/Beierbach-Alex_24.jpg?resize=1320%2C1992&amp;ssl=1 1320w\" width=\"225\" height=\"340\" loading=\"lazy\" data-original-width=\"225\" data-original-height=\"340\" itemprop=\"http:\/\/schema.org\/image\" title=\"Beierbach-Alex_24\" alt=\"Beierbach-Alex_24\" style=\"width: 225px; height: 340px;\" \/> <\/a> <\/div> <\/div> <!-- close group --> <div class=\"gallery-group images-1\" style=\"width: 385px; height: 344px;\" data-original-width=\"385\" data-original-height=\"344\" > <div class=\"tiled-gallery-item tiled-gallery-item-large\" itemprop=\"associatedMedia\" itemscope itemtype=\"http:\/\/schema.org\/ImageObject\"> <a href=\"https:\/\/www.jazzzeitung.de\/cms\/2023\/09\/schatten-im-wechsel-der-gezeiten-twirls-duo-album-tides\/cover_tmr-013-twirls-tides-shadows\/\" border=\"0\" itemprop=\"url\"> <meta itemprop=\"width\" content=\"381\"> <meta itemprop=\"height\" content=\"340\"> <img decoding=\"async\" class=\"\" data-attachment-id=\"30075\" data-orig-file=\"https:\/\/www.jazzzeitung.de\/cms\/wp-content\/uploads\/2023\/09\/COVER_TMR-013-TWIRLS-Tides-Shadows.jpg\" data-orig-size=\"1656,1476\" data-comments-opened=\"1\" data-image-meta=\"{&quot;aperture&quot;:&quot;0&quot;,&quot;credit&quot;:&quot;&quot;,&quot;camera&quot;:&quot;&quot;,&quot;caption&quot;:&quot;&quot;,&quot;created_timestamp&quot;:&quot;0&quot;,&quot;copyright&quot;:&quot;&quot;,&quot;focal_length&quot;:&quot;0&quot;,&quot;iso&quot;:&quot;0&quot;,&quot;shutter_speed&quot;:&quot;0&quot;,&quot;title&quot;:&quot;&quot;,&quot;orientation&quot;:&quot;0&quot;}\" data-image-title=\"COVER_TMR-013-TWIRLS-Tides-Shadows\" data-image-description=\"\" data-medium-file=\"https:\/\/i0.wp.com\/www.jazzzeitung.de\/cms\/wp-content\/uploads\/2023\/09\/COVER_TMR-013-TWIRLS-Tides-Shadows.jpg?fit=300%2C267&#038;ssl=1\" data-large-file=\"https:\/\/i0.wp.com\/www.jazzzeitung.de\/cms\/wp-content\/uploads\/2023\/09\/COVER_TMR-013-TWIRLS-Tides-Shadows.jpg?fit=673%2C600&#038;ssl=1\" src=\"https:\/\/i0.wp.com\/www.jazzzeitung.de\/cms\/wp-content\/uploads\/2023\/09\/COVER_TMR-013-TWIRLS-Tides-Shadows.jpg?w=381&#038;h=340&#038;ssl=1\" srcset=\"https:\/\/i0.wp.com\/www.jazzzeitung.de\/cms\/wp-content\/uploads\/2023\/09\/COVER_TMR-013-TWIRLS-Tides-Shadows.jpg?w=1656&amp;ssl=1 1656w, https:\/\/i0.wp.com\/www.jazzzeitung.de\/cms\/wp-content\/uploads\/2023\/09\/COVER_TMR-013-TWIRLS-Tides-Shadows.jpg?resize=300%2C267&amp;ssl=1 300w, https:\/\/i0.wp.com\/www.jazzzeitung.de\/cms\/wp-content\/uploads\/2023\/09\/COVER_TMR-013-TWIRLS-Tides-Shadows.jpg?resize=673%2C600&amp;ssl=1 673w, https:\/\/i0.wp.com\/www.jazzzeitung.de\/cms\/wp-content\/uploads\/2023\/09\/COVER_TMR-013-TWIRLS-Tides-Shadows.jpg?resize=768%2C685&amp;ssl=1 768w, https:\/\/i0.wp.com\/www.jazzzeitung.de\/cms\/wp-content\/uploads\/2023\/09\/COVER_TMR-013-TWIRLS-Tides-Shadows.jpg?resize=1536%2C1369&amp;ssl=1 1536w, https:\/\/i0.wp.com\/www.jazzzeitung.de\/cms\/wp-content\/uploads\/2023\/09\/COVER_TMR-013-TWIRLS-Tides-Shadows.jpg?resize=1320%2C1177&amp;ssl=1 1320w\" width=\"381\" height=\"340\" loading=\"lazy\" data-original-width=\"381\" data-original-height=\"340\" itemprop=\"http:\/\/schema.org\/image\" title=\"COVER_TMR-013-TWIRLS-Tides-Shadows\" alt=\"COVER_TMR-013-TWIRLS-Tides-Shadows\" style=\"width: 381px; height: 340px;\" \/> <\/a> <\/div> <\/div> <!-- close group --> <\/div> <!-- close row --> <\/div>\n<p>Dem Rhythmus und den Kl\u00e4ngen dieses Naturph\u00e4nomens gehen sie mit einem unglaublich feinen Gesp\u00fcr f\u00fcr das Zusammenspiel verschiedener Kr\u00e4fte nach. Es rauscht, reibt, t\u00fcpfelt pointilistisch, raue Bluesrufe rollen \u00fcber einen leise knisternden Sandboden aus Klavierbegleitung, die Bez\u00fcge zur klassischen Musik aufweist. Vereinzelt lenken Vogelrufe vom Saxofon das Ohr in eine anschauliche Bildhaftigkeit, um sich gleich wieder in eine klangm\u00e4chtig sch\u00f6ne abstrakte Soundmalerei zu verd\u00fcnnisieren. Zusammenspiel und Ausdruckskraft der beiden Musiker ist einzigartig und ber\u00fchrend.<\/p>\n<h3>Zweites Album \u201eSchatten\u201c<\/h3>\n<p>Und diese setzen sich in der Quartettbesetzung des zweiten Albums \u2013 Schatten \u2013 fort. Mit Meinrad Kneer (bass) aus den Niederlanden und dem Drummer Yorgos Dimitriadis aus Griechenland ist es europ\u00e4isch besetzt, wobei die Musiker verschiedene Ebenen verweben. Ihr melodisch-harmonisches Wechselspiel \u00fcberlagert sich vielfach mit kontrastreichen Klangfolgen. Dabei folgt die Musik einem Fluss aus repetitiven Themen und Motiven, die erklingen, verworfen und an unerwarteter Stelle wieder aufgenommen werden.<\/p>\n<h3><span style=\"font-size: 1.125rem;\">Pers\u00f6nliche Hintergr\u00fcnde<\/span><\/h3>\n<p>Nat\u00fcrlich spielen in diesem freien Zusammenspiel auch die unterschiedlichen pers\u00f6nlichen Hintergr\u00fcnde musikalisch und emotional eine Rolle, wobei vor allem Bassist Kneer durch starke Impulse und originelle Ideen auff\u00e4llt. Der in Berlin lebende Improvisator und Komponist Dimitriadis geht mit feinem Gesp\u00fcr und gro\u00dfem Nuancenreichtum dabei mit gibt eigene Stimuli mit Bogen und Sticks auf Becken und Toms. Das Shadows-Album insgesamt entwickelt eine, wie im Titel bereits angelegte, dunkle, tastende Stimmung, die in \u201eHym\u201c, dem gemeinschaftlich entwickelten St\u00fcck Nr. f\u00fcnf, durch eine vehement aufbrandende Emotionswelle fast weggesp\u00fclt wird. Mit \u201cShadows\u201c klingt das gro\u00dfartige Album aus und ewig lange nach.<\/p>\n<p><strong>CD-Tipp:<\/strong><\/p>\n<p><em>Twirls Duo\/Quartet, Tides &amp; Shadows, Tiger Moon Records TMR 013\/Vertrieb: <\/em><a href=\"http:\/\/www.tigermoonrecords.de\/\"><em>www.tigermoonrecords.de<\/em><\/a><em>, Double-CD; aufgenommen im Mai 2022 mit Unterst\u00fctzung des Berliner Senats im Emil Berliner Studio<\/em><\/p>\n<p><strong><em>CD1 \u2013 Tides<\/em><\/strong><\/p>\n<p><em>Alexander Beierbach \u2013 tenor-, sopranosax, <\/em><\/p>\n<p><em>Nicolas Schulze \u2013 piano<\/em><\/p>\n<p><strong><em>CD2 \u2013 Shadows<\/em><\/strong><\/p>\n<p><em>Alexander Beierbach \u2013 tenor-, sopranosax, <\/em><\/p>\n<p><em>Nicolas Schulze \u2013 piano<\/em><\/p>\n<p><em>Meinrad Kneer \u2013 bass <\/em><\/p>\n<p><em>Yorgos Dimitriadis \u2013 drums<\/em><\/p>\n<p>&nbsp;<\/p>\n<p>Fotos: Michael Scheiner<\/p>\n","protected":false},"excerpt":{"rendered":"<p>Entspannt ist vermutlich das falsche Wort f\u00fcr das Twirls-Duo-Album \u201eTides\u201c. Konzentriert und scheinbar m\u00fchelos trifft die Stimmung der \u201eGezeiten\u201c- Aufnahmen von Pianist Nicolas Schulze und Alexander Beierbach am Saxofon um einiges besser. Erfasst ist die poetisch-dunkle Musik der zwei Improvisatoren als Ganzes damit lange noch nicht. Mal stupst Beierbach den Pianisten aufmunternd an, mal laufen die beiden nebeneinander her und versuchen jeder dem anderen einen Schritt voraus zu sein. Tastend, leise, aufmerksam Das Verspielte darin versteckt sich eher, kommt nur selten und dann subtil zum Vorschein. Vorwiegend wirkt das Zusammenspiel der Musiker tastend, leise, aufmerksam, jeden Ton aufnehmend und nachh\u00f6rend. Die Antworten klingen unvorhersehbar, hellh\u00f6rig, getragen von einer aufmerksamen Freundlichkeit und respektvollen Zugewandtheit. In acht St\u00fccken erkunden die beiden in ihren Improvisationen und Dialogen die Resonanzen, welche die Gezeiten in ihnen ausl\u00f6sen. Dem Rhythmus und den Kl\u00e4ngen dieses Naturph\u00e4nomens gehen sie mit einem unglaublich feinen Gesp\u00fcr f\u00fcr das Zusammenspiel verschiedener Kr\u00e4fte nach. Es rauscht, reibt, t\u00fcpfelt pointilistisch, raue Bluesrufe rollen \u00fcber einen leise knisternden Sandboden aus Klavierbegleitung, die Bez\u00fcge zur klassischen Musik aufweist. Vereinzelt lenken Vogelrufe vom Saxofon das Ohr in eine anschauliche Bildhaftigkeit, um &hellip;<\/p>\n","protected":false},"author":37,"featured_media":30076,"comment_status":"open","ping_status":"closed","sticky":false,"template":"","format":"standard","meta":{"_jetpack_memberships_contains_paid_content":false,"footnotes":"","jetpack_publicize_message":"","jetpack_publicize_feature_enabled":true,"jetpack_social_post_already_shared":false,"jetpack_social_options":{"image_generator_settings":{"template":"highway","default_image_id":0,"font":"","enabled":false},"version":2}},"categories":[1152],"tags":[5141,1485,1656,294,5144,5142,5140,5143],"coauthors":[1765],"class_list":["post-30072","post","type-post","status-publish","format-standard","has-post-thumbnail","hentry","category-rezension","tag-alexander-beierbach","tag-cd-rezension","tag-imichael-scheiner","tag-jazzzeitung","tag-meinrad-kneer","tag-nicolas-schulze","tag-twirls-duo-album-tides","tag-yorgos-dimitriades"],"yoast_head":"<!-- This site is optimized with the Yoast SEO plugin v27.5 - https:\/\/yoast.com\/product\/yoast-seo-wordpress\/ -->\n<title>Schatten im Wechsel der Gezeiten \u00a0- Twirls-Duo-Album \u201eTides\u201c - JazzZeitung<\/title>\n<meta name=\"robots\" content=\"index, follow, max-snippet:-1, max-image-preview:large, max-video-preview:-1\" \/>\n<link rel=\"canonical\" href=\"https:\/\/www.jazzzeitung.de\/cms\/2023\/09\/schatten-im-wechsel-der-gezeiten-twirls-duo-album-tides\/\" \/>\n<meta property=\"og:locale\" content=\"de_DE\" \/>\n<meta property=\"og:type\" content=\"article\" \/>\n<meta property=\"og:title\" content=\"Schatten im Wechsel der Gezeiten \u00a0- Twirls-Duo-Album \u201eTides\u201c - JazzZeitung\" \/>\n<meta property=\"og:description\" content=\"Entspannt ist vermutlich das falsche Wort f\u00fcr das Twirls-Duo-Album \u201eTides\u201c. Konzentriert und scheinbar m\u00fchelos trifft die Stimmung der \u201eGezeiten\u201c- Aufnahmen von Pianist Nicolas Schulze und Alexander Beierbach am Saxofon um einiges besser. Erfasst ist die poetisch-dunkle Musik der zwei Improvisatoren als Ganzes damit lange noch nicht. Mal stupst Beierbach den Pianisten aufmunternd an, mal laufen die beiden nebeneinander her und versuchen jeder dem anderen einen Schritt voraus zu sein. Tastend, leise, aufmerksam Das Verspielte darin versteckt sich eher, kommt nur selten und dann subtil zum Vorschein. Vorwiegend wirkt das Zusammenspiel der Musiker tastend, leise, aufmerksam, jeden Ton aufnehmend und nachh\u00f6rend. Die Antworten klingen unvorhersehbar, hellh\u00f6rig, getragen von einer aufmerksamen Freundlichkeit und respektvollen Zugewandtheit. In acht St\u00fccken erkunden die beiden in ihren Improvisationen und Dialogen die Resonanzen, welche die Gezeiten in ihnen ausl\u00f6sen. Dem Rhythmus und den Kl\u00e4ngen dieses Naturph\u00e4nomens gehen sie mit einem unglaublich feinen Gesp\u00fcr f\u00fcr das Zusammenspiel verschiedener Kr\u00e4fte nach. Es rauscht, reibt, t\u00fcpfelt pointilistisch, raue Bluesrufe rollen \u00fcber einen leise knisternden Sandboden aus Klavierbegleitung, die Bez\u00fcge zur klassischen Musik aufweist. Vereinzelt lenken Vogelrufe vom Saxofon das Ohr in eine anschauliche Bildhaftigkeit, um &hellip;\" \/>\n<meta property=\"og:url\" content=\"https:\/\/www.jazzzeitung.de\/cms\/2023\/09\/schatten-im-wechsel-der-gezeiten-twirls-duo-album-tides\/\" \/>\n<meta property=\"og:site_name\" content=\"JazzZeitung\" \/>\n<meta property=\"article:publisher\" content=\"https:\/\/www.facebook.com\/JazzZeitung\/\" \/>\n<meta property=\"article:published_time\" content=\"2023-09-26T12:31:39+00:00\" \/>\n<meta property=\"og:image\" content=\"https:\/\/www.jazzzeitung.de\/cms\/wp-content\/uploads\/2023\/09\/Beierbach-Alex_47-900x596.jpg\" \/>\n\t<meta property=\"og:image:width\" content=\"900\" \/>\n\t<meta property=\"og:image:height\" content=\"596\" \/>\n\t<meta property=\"og:image:type\" content=\"image\/jpeg\" \/>\n<meta name=\"author\" content=\"Michael Scheiner\" \/>\n<script type=\"application\/ld+json\" class=\"yoast-schema-graph\">{\"@context\":\"https:\\\/\\\/schema.org\",\"@graph\":[{\"@type\":\"Article\",\"@id\":\"https:\\\/\\\/www.jazzzeitung.de\\\/cms\\\/2023\\\/09\\\/schatten-im-wechsel-der-gezeiten-twirls-duo-album-tides\\\/#article\",\"isPartOf\":{\"@id\":\"https:\\\/\\\/www.jazzzeitung.de\\\/cms\\\/2023\\\/09\\\/schatten-im-wechsel-der-gezeiten-twirls-duo-album-tides\\\/\"},\"author\":{\"name\":\"Michael Scheiner\",\"@id\":\"https:\\\/\\\/www.jazzzeitung.de\\\/cms\\\/#\\\/schema\\\/person\\\/a0bebd4d1728041629a3cbd7790f87fb\"},\"headline\":\"Schatten im Wechsel der Gezeiten \u00a0&#8211; Twirls-Duo-Album \u201eTides\u201c\",\"datePublished\":\"2023-09-26T12:31:39+00:00\",\"mainEntityOfPage\":{\"@id\":\"https:\\\/\\\/www.jazzzeitung.de\\\/cms\\\/2023\\\/09\\\/schatten-im-wechsel-der-gezeiten-twirls-duo-album-tides\\\/\"},\"wordCount\":474,\"commentCount\":0,\"publisher\":{\"@id\":\"https:\\\/\\\/www.jazzzeitung.de\\\/cms\\\/#organization\"},\"image\":{\"@id\":\"https:\\\/\\\/www.jazzzeitung.de\\\/cms\\\/2023\\\/09\\\/schatten-im-wechsel-der-gezeiten-twirls-duo-album-tides\\\/#primaryimage\"},\"thumbnailUrl\":\"https:\\\/\\\/i0.wp.com\\\/www.jazzzeitung.de\\\/cms\\\/wp-content\\\/uploads\\\/2023\\\/09\\\/Beierbach-Alex_47.jpg?fit=2362%2C1565&ssl=1\",\"keywords\":[\"Alexander Beierbach\",\"CD-Rezension\",\"IMichael Scheiner\",\"Jazzzeitung\",\"Meinrad Kneer\",\"Nicolas Schulze\",\"Twirls-Duo-Album \u201eTides\u201c\",\"Yorgos Dimitriades\"],\"articleSection\":[\"Rezension\"],\"inLanguage\":\"de\",\"potentialAction\":[{\"@type\":\"CommentAction\",\"name\":\"Comment\",\"target\":[\"https:\\\/\\\/www.jazzzeitung.de\\\/cms\\\/2023\\\/09\\\/schatten-im-wechsel-der-gezeiten-twirls-duo-album-tides\\\/#respond\"]}]},{\"@type\":\"WebPage\",\"@id\":\"https:\\\/\\\/www.jazzzeitung.de\\\/cms\\\/2023\\\/09\\\/schatten-im-wechsel-der-gezeiten-twirls-duo-album-tides\\\/\",\"url\":\"https:\\\/\\\/www.jazzzeitung.de\\\/cms\\\/2023\\\/09\\\/schatten-im-wechsel-der-gezeiten-twirls-duo-album-tides\\\/\",\"name\":\"Schatten im Wechsel der Gezeiten \u00a0- Twirls-Duo-Album \u201eTides\u201c - JazzZeitung\",\"isPartOf\":{\"@id\":\"https:\\\/\\\/www.jazzzeitung.de\\\/cms\\\/#website\"},\"primaryImageOfPage\":{\"@id\":\"https:\\\/\\\/www.jazzzeitung.de\\\/cms\\\/2023\\\/09\\\/schatten-im-wechsel-der-gezeiten-twirls-duo-album-tides\\\/#primaryimage\"},\"image\":{\"@id\":\"https:\\\/\\\/www.jazzzeitung.de\\\/cms\\\/2023\\\/09\\\/schatten-im-wechsel-der-gezeiten-twirls-duo-album-tides\\\/#primaryimage\"},\"thumbnailUrl\":\"https:\\\/\\\/i0.wp.com\\\/www.jazzzeitung.de\\\/cms\\\/wp-content\\\/uploads\\\/2023\\\/09\\\/Beierbach-Alex_47.jpg?fit=2362%2C1565&ssl=1\",\"datePublished\":\"2023-09-26T12:31:39+00:00\",\"breadcrumb\":{\"@id\":\"https:\\\/\\\/www.jazzzeitung.de\\\/cms\\\/2023\\\/09\\\/schatten-im-wechsel-der-gezeiten-twirls-duo-album-tides\\\/#breadcrumb\"},\"inLanguage\":\"de\",\"potentialAction\":[{\"@type\":\"ReadAction\",\"target\":[\"https:\\\/\\\/www.jazzzeitung.de\\\/cms\\\/2023\\\/09\\\/schatten-im-wechsel-der-gezeiten-twirls-duo-album-tides\\\/\"]}]},{\"@type\":\"ImageObject\",\"inLanguage\":\"de\",\"@id\":\"https:\\\/\\\/www.jazzzeitung.de\\\/cms\\\/2023\\\/09\\\/schatten-im-wechsel-der-gezeiten-twirls-duo-album-tides\\\/#primaryimage\",\"url\":\"https:\\\/\\\/i0.wp.com\\\/www.jazzzeitung.de\\\/cms\\\/wp-content\\\/uploads\\\/2023\\\/09\\\/Beierbach-Alex_47.jpg?fit=2362%2C1565&ssl=1\",\"contentUrl\":\"https:\\\/\\\/i0.wp.com\\\/www.jazzzeitung.de\\\/cms\\\/wp-content\\\/uploads\\\/2023\\\/09\\\/Beierbach-Alex_47.jpg?fit=2362%2C1565&ssl=1\",\"width\":2362,\"height\":1565},{\"@type\":\"BreadcrumbList\",\"@id\":\"https:\\\/\\\/www.jazzzeitung.de\\\/cms\\\/2023\\\/09\\\/schatten-im-wechsel-der-gezeiten-twirls-duo-album-tides\\\/#breadcrumb\",\"itemListElement\":[{\"@type\":\"ListItem\",\"position\":1,\"name\":\"Startseite\",\"item\":\"https:\\\/\\\/www.jazzzeitung.de\\\/cms\\\/\"},{\"@type\":\"ListItem\",\"position\":2,\"name\":\"Schatten im Wechsel der Gezeiten \u00a0&#8211; Twirls-Duo-Album \u201eTides\u201c\"}]},{\"@type\":\"WebSite\",\"@id\":\"https:\\\/\\\/www.jazzzeitung.de\\\/cms\\\/#website\",\"url\":\"https:\\\/\\\/www.jazzzeitung.de\\\/cms\\\/\",\"name\":\"JazzZeitung\",\"description\":\"Jazz-News und Jazz-Kontroverses\",\"publisher\":{\"@id\":\"https:\\\/\\\/www.jazzzeitung.de\\\/cms\\\/#organization\"},\"potentialAction\":[{\"@type\":\"SearchAction\",\"target\":{\"@type\":\"EntryPoint\",\"urlTemplate\":\"https:\\\/\\\/www.jazzzeitung.de\\\/cms\\\/?s={search_term_string}\"},\"query-input\":{\"@type\":\"PropertyValueSpecification\",\"valueRequired\":true,\"valueName\":\"search_term_string\"}}],\"inLanguage\":\"de\"},{\"@type\":\"Organization\",\"@id\":\"https:\\\/\\\/www.jazzzeitung.de\\\/cms\\\/#organization\",\"name\":\"JazzZeitung online\",\"url\":\"https:\\\/\\\/www.jazzzeitung.de\\\/cms\\\/\",\"logo\":{\"@type\":\"ImageObject\",\"inLanguage\":\"de\",\"@id\":\"https:\\\/\\\/www.jazzzeitung.de\\\/cms\\\/#\\\/schema\\\/logo\\\/image\\\/\",\"url\":\"https:\\\/\\\/i0.wp.com\\\/www.jazzzeitung.de\\\/cms\\\/wp-content\\\/uploads\\\/2015\\\/08\\\/JAZZZEITUNGDE_Logo_Neu.png?fit=499%2C200&ssl=1\",\"contentUrl\":\"https:\\\/\\\/i0.wp.com\\\/www.jazzzeitung.de\\\/cms\\\/wp-content\\\/uploads\\\/2015\\\/08\\\/JAZZZEITUNGDE_Logo_Neu.png?fit=499%2C200&ssl=1\",\"width\":499,\"height\":200,\"caption\":\"JazzZeitung online\"},\"image\":{\"@id\":\"https:\\\/\\\/www.jazzzeitung.de\\\/cms\\\/#\\\/schema\\\/logo\\\/image\\\/\"},\"sameAs\":[\"https:\\\/\\\/www.facebook.com\\\/JazzZeitung\\\/\"]},{\"@type\":\"Person\",\"@id\":\"https:\\\/\\\/www.jazzzeitung.de\\\/cms\\\/#\\\/schema\\\/person\\\/a0bebd4d1728041629a3cbd7790f87fb\",\"name\":\"Michael Scheiner\",\"image\":{\"@type\":\"ImageObject\",\"inLanguage\":\"de\",\"@id\":\"https:\\\/\\\/secure.gravatar.com\\\/avatar\\\/c2d6ac12f682c419867cf3f803880bb41d5b23007d3670820aa9a6e7b5f6ec8d?s=96&d=wp_user_avatar&r=gdabb1b10453880983dfc53da7552ec76\",\"url\":\"https:\\\/\\\/secure.gravatar.com\\\/avatar\\\/c2d6ac12f682c419867cf3f803880bb41d5b23007d3670820aa9a6e7b5f6ec8d?s=96&d=wp_user_avatar&r=g\",\"contentUrl\":\"https:\\\/\\\/secure.gravatar.com\\\/avatar\\\/c2d6ac12f682c419867cf3f803880bb41d5b23007d3670820aa9a6e7b5f6ec8d?s=96&d=wp_user_avatar&r=g\",\"caption\":\"Michael Scheiner\"},\"sameAs\":[\"http:\\\/\\\/www.michaelscheiner.de\"],\"url\":\"https:\\\/\\\/www.jazzzeitung.de\\\/cms\\\/author\\\/mscheiner\\\/\"}]}<\/script>\n<!-- \/ Yoast SEO plugin. -->","yoast_head_json":{"title":"Schatten im Wechsel der Gezeiten \u00a0- Twirls-Duo-Album \u201eTides\u201c - JazzZeitung","robots":{"index":"index","follow":"follow","max-snippet":"max-snippet:-1","max-image-preview":"max-image-preview:large","max-video-preview":"max-video-preview:-1"},"canonical":"https:\/\/www.jazzzeitung.de\/cms\/2023\/09\/schatten-im-wechsel-der-gezeiten-twirls-duo-album-tides\/","og_locale":"de_DE","og_type":"article","og_title":"Schatten im Wechsel der Gezeiten \u00a0- Twirls-Duo-Album \u201eTides\u201c - JazzZeitung","og_description":"Entspannt ist vermutlich das falsche Wort f\u00fcr das Twirls-Duo-Album \u201eTides\u201c. Konzentriert und scheinbar m\u00fchelos trifft die Stimmung der \u201eGezeiten\u201c- Aufnahmen von Pianist Nicolas Schulze und Alexander Beierbach am Saxofon um einiges besser. Erfasst ist die poetisch-dunkle Musik der zwei Improvisatoren als Ganzes damit lange noch nicht. Mal stupst Beierbach den Pianisten aufmunternd an, mal laufen die beiden nebeneinander her und versuchen jeder dem anderen einen Schritt voraus zu sein. Tastend, leise, aufmerksam Das Verspielte darin versteckt sich eher, kommt nur selten und dann subtil zum Vorschein. Vorwiegend wirkt das Zusammenspiel der Musiker tastend, leise, aufmerksam, jeden Ton aufnehmend und nachh\u00f6rend. Die Antworten klingen unvorhersehbar, hellh\u00f6rig, getragen von einer aufmerksamen Freundlichkeit und respektvollen Zugewandtheit. In acht St\u00fccken erkunden die beiden in ihren Improvisationen und Dialogen die Resonanzen, welche die Gezeiten in ihnen ausl\u00f6sen. Dem Rhythmus und den Kl\u00e4ngen dieses Naturph\u00e4nomens gehen sie mit einem unglaublich feinen Gesp\u00fcr f\u00fcr das Zusammenspiel verschiedener Kr\u00e4fte nach. Es rauscht, reibt, t\u00fcpfelt pointilistisch, raue Bluesrufe rollen \u00fcber einen leise knisternden Sandboden aus Klavierbegleitung, die Bez\u00fcge zur klassischen Musik aufweist. Vereinzelt lenken Vogelrufe vom Saxofon das Ohr in eine anschauliche Bildhaftigkeit, um &hellip;","og_url":"https:\/\/www.jazzzeitung.de\/cms\/2023\/09\/schatten-im-wechsel-der-gezeiten-twirls-duo-album-tides\/","og_site_name":"JazzZeitung","article_publisher":"https:\/\/www.facebook.com\/JazzZeitung\/","article_published_time":"2023-09-26T12:31:39+00:00","og_image":[{"width":900,"height":596,"url":"https:\/\/www.jazzzeitung.de\/cms\/wp-content\/uploads\/2023\/09\/Beierbach-Alex_47-900x596.jpg","type":"image\/jpeg"}],"author":"Michael Scheiner","schema":{"@context":"https:\/\/schema.org","@graph":[{"@type":"Article","@id":"https:\/\/www.jazzzeitung.de\/cms\/2023\/09\/schatten-im-wechsel-der-gezeiten-twirls-duo-album-tides\/#article","isPartOf":{"@id":"https:\/\/www.jazzzeitung.de\/cms\/2023\/09\/schatten-im-wechsel-der-gezeiten-twirls-duo-album-tides\/"},"author":{"name":"Michael Scheiner","@id":"https:\/\/www.jazzzeitung.de\/cms\/#\/schema\/person\/a0bebd4d1728041629a3cbd7790f87fb"},"headline":"Schatten im Wechsel der Gezeiten \u00a0&#8211; Twirls-Duo-Album \u201eTides\u201c","datePublished":"2023-09-26T12:31:39+00:00","mainEntityOfPage":{"@id":"https:\/\/www.jazzzeitung.de\/cms\/2023\/09\/schatten-im-wechsel-der-gezeiten-twirls-duo-album-tides\/"},"wordCount":474,"commentCount":0,"publisher":{"@id":"https:\/\/www.jazzzeitung.de\/cms\/#organization"},"image":{"@id":"https:\/\/www.jazzzeitung.de\/cms\/2023\/09\/schatten-im-wechsel-der-gezeiten-twirls-duo-album-tides\/#primaryimage"},"thumbnailUrl":"https:\/\/i0.wp.com\/www.jazzzeitung.de\/cms\/wp-content\/uploads\/2023\/09\/Beierbach-Alex_47.jpg?fit=2362%2C1565&ssl=1","keywords":["Alexander Beierbach","CD-Rezension","IMichael Scheiner","Jazzzeitung","Meinrad Kneer","Nicolas Schulze","Twirls-Duo-Album \u201eTides\u201c","Yorgos Dimitriades"],"articleSection":["Rezension"],"inLanguage":"de","potentialAction":[{"@type":"CommentAction","name":"Comment","target":["https:\/\/www.jazzzeitung.de\/cms\/2023\/09\/schatten-im-wechsel-der-gezeiten-twirls-duo-album-tides\/#respond"]}]},{"@type":"WebPage","@id":"https:\/\/www.jazzzeitung.de\/cms\/2023\/09\/schatten-im-wechsel-der-gezeiten-twirls-duo-album-tides\/","url":"https:\/\/www.jazzzeitung.de\/cms\/2023\/09\/schatten-im-wechsel-der-gezeiten-twirls-duo-album-tides\/","name":"Schatten im Wechsel der Gezeiten \u00a0- Twirls-Duo-Album \u201eTides\u201c - JazzZeitung","isPartOf":{"@id":"https:\/\/www.jazzzeitung.de\/cms\/#website"},"primaryImageOfPage":{"@id":"https:\/\/www.jazzzeitung.de\/cms\/2023\/09\/schatten-im-wechsel-der-gezeiten-twirls-duo-album-tides\/#primaryimage"},"image":{"@id":"https:\/\/www.jazzzeitung.de\/cms\/2023\/09\/schatten-im-wechsel-der-gezeiten-twirls-duo-album-tides\/#primaryimage"},"thumbnailUrl":"https:\/\/i0.wp.com\/www.jazzzeitung.de\/cms\/wp-content\/uploads\/2023\/09\/Beierbach-Alex_47.jpg?fit=2362%2C1565&ssl=1","datePublished":"2023-09-26T12:31:39+00:00","breadcrumb":{"@id":"https:\/\/www.jazzzeitung.de\/cms\/2023\/09\/schatten-im-wechsel-der-gezeiten-twirls-duo-album-tides\/#breadcrumb"},"inLanguage":"de","potentialAction":[{"@type":"ReadAction","target":["https:\/\/www.jazzzeitung.de\/cms\/2023\/09\/schatten-im-wechsel-der-gezeiten-twirls-duo-album-tides\/"]}]},{"@type":"ImageObject","inLanguage":"de","@id":"https:\/\/www.jazzzeitung.de\/cms\/2023\/09\/schatten-im-wechsel-der-gezeiten-twirls-duo-album-tides\/#primaryimage","url":"https:\/\/i0.wp.com\/www.jazzzeitung.de\/cms\/wp-content\/uploads\/2023\/09\/Beierbach-Alex_47.jpg?fit=2362%2C1565&ssl=1","contentUrl":"https:\/\/i0.wp.com\/www.jazzzeitung.de\/cms\/wp-content\/uploads\/2023\/09\/Beierbach-Alex_47.jpg?fit=2362%2C1565&ssl=1","width":2362,"height":1565},{"@type":"BreadcrumbList","@id":"https:\/\/www.jazzzeitung.de\/cms\/2023\/09\/schatten-im-wechsel-der-gezeiten-twirls-duo-album-tides\/#breadcrumb","itemListElement":[{"@type":"ListItem","position":1,"name":"Startseite","item":"https:\/\/www.jazzzeitung.de\/cms\/"},{"@type":"ListItem","position":2,"name":"Schatten im Wechsel der Gezeiten \u00a0&#8211; Twirls-Duo-Album \u201eTides\u201c"}]},{"@type":"WebSite","@id":"https:\/\/www.jazzzeitung.de\/cms\/#website","url":"https:\/\/www.jazzzeitung.de\/cms\/","name":"JazzZeitung","description":"Jazz-News und Jazz-Kontroverses","publisher":{"@id":"https:\/\/www.jazzzeitung.de\/cms\/#organization"},"potentialAction":[{"@type":"SearchAction","target":{"@type":"EntryPoint","urlTemplate":"https:\/\/www.jazzzeitung.de\/cms\/?s={search_term_string}"},"query-input":{"@type":"PropertyValueSpecification","valueRequired":true,"valueName":"search_term_string"}}],"inLanguage":"de"},{"@type":"Organization","@id":"https:\/\/www.jazzzeitung.de\/cms\/#organization","name":"JazzZeitung online","url":"https:\/\/www.jazzzeitung.de\/cms\/","logo":{"@type":"ImageObject","inLanguage":"de","@id":"https:\/\/www.jazzzeitung.de\/cms\/#\/schema\/logo\/image\/","url":"https:\/\/i0.wp.com\/www.jazzzeitung.de\/cms\/wp-content\/uploads\/2015\/08\/JAZZZEITUNGDE_Logo_Neu.png?fit=499%2C200&ssl=1","contentUrl":"https:\/\/i0.wp.com\/www.jazzzeitung.de\/cms\/wp-content\/uploads\/2015\/08\/JAZZZEITUNGDE_Logo_Neu.png?fit=499%2C200&ssl=1","width":499,"height":200,"caption":"JazzZeitung online"},"image":{"@id":"https:\/\/www.jazzzeitung.de\/cms\/#\/schema\/logo\/image\/"},"sameAs":["https:\/\/www.facebook.com\/JazzZeitung\/"]},{"@type":"Person","@id":"https:\/\/www.jazzzeitung.de\/cms\/#\/schema\/person\/a0bebd4d1728041629a3cbd7790f87fb","name":"Michael Scheiner","image":{"@type":"ImageObject","inLanguage":"de","@id":"https:\/\/secure.gravatar.com\/avatar\/c2d6ac12f682c419867cf3f803880bb41d5b23007d3670820aa9a6e7b5f6ec8d?s=96&d=wp_user_avatar&r=gdabb1b10453880983dfc53da7552ec76","url":"https:\/\/secure.gravatar.com\/avatar\/c2d6ac12f682c419867cf3f803880bb41d5b23007d3670820aa9a6e7b5f6ec8d?s=96&d=wp_user_avatar&r=g","contentUrl":"https:\/\/secure.gravatar.com\/avatar\/c2d6ac12f682c419867cf3f803880bb41d5b23007d3670820aa9a6e7b5f6ec8d?s=96&d=wp_user_avatar&r=g","caption":"Michael Scheiner"},"sameAs":["http:\/\/www.michaelscheiner.de"],"url":"https:\/\/www.jazzzeitung.de\/cms\/author\/mscheiner\/"}]}},"wp-worthy-pixel":{"ignored":false,"public":null,"server":null,"url":null},"wp-worthy-type":"normal","jetpack_publicize_connections":[],"cc_featured_image_caption":{"caption_text":"","source_text":"","source_url":""},"jetpack_featured_media_url":"https:\/\/i0.wp.com\/www.jazzzeitung.de\/cms\/wp-content\/uploads\/2023\/09\/Beierbach-Alex_47.jpg?fit=2362%2C1565&ssl=1","jetpack_shortlink":"https:\/\/wp.me\/p3KEcT-7P2","jetpack-related-posts":[{"id":8285,"url":"https:\/\/www.jazzzeitung.de\/cms\/2016\/02\/cd-rezension-kunkel-degen-harbour\/","url_meta":{"origin":30072,"position":0},"title":"CD-Rezension Kunkel-Degen: Down By The Harbour","author":"Redaktion JazzZeitung","date":"3. Februar 2016","format":false,"excerpt":"Von Michael Scheiner - Der Mee, wie der bayerisch-hessische Main im Dialekt hei\u00dft, ger\u00e4t selten in den Fokus k\u00fcnstlerischer Auseinandersetzung. Bob Degen (p) und Holzbl\u00e4ser Burkard Kunkel aus der Frankfurter Jazzszene d\u00fcrfte er als Inspirationsquelle f\u00fcr ihr Duoalbum gedient haben. Es ist zwar nirgends vermerkt, dass das Titelst\u00fcck Down By\u2026","rel":"","context":"In &quot;Rezension&quot;","block_context":{"text":"Rezension","link":"https:\/\/www.jazzzeitung.de\/cms\/thema\/rezension\/"},"img":{"alt_text":"cover1_harbour","src":"https:\/\/i0.wp.com\/www.jazzzeitung.de\/cms\/wp-content\/uploads\/2016\/02\/cover1_harbour-150x150.jpg?resize=350%2C200","width":350,"height":200},"classes":[]},{"id":14816,"url":"https:\/\/www.jazzzeitung.de\/cms\/2018\/01\/de_groote-faes\/","url_meta":{"origin":30072,"position":1},"title":"CD-Rezension: De Groote-Faes Duo &#8211; Symphony for 2 Little Boys","author":"Redaktion JazzZeitung","date":"22. Januar 2018","format":false,"excerpt":"Mal fein und zart, mal festlich, dann wieder rau und dunkel: Bruno de Groote und Ben Faes zeigen auf \u201eSymphony for 2 Little Boys\u201c eindr\u00fccklich, wie wandelbar der Mix aus E-Gitarre und Kontrabass sein kann. Trotz begrenztem Instrumentarium erschaffen die beiden Musiker auf ihrem neuen Album einen mitunter \u00fcberraschenden Sound,\u2026","rel":"","context":"In &quot;Rezension&quot;","block_context":{"text":"Rezension","link":"https:\/\/www.jazzzeitung.de\/cms\/thema\/rezension\/"},"img":{"alt_text":"","src":"https:\/\/i0.wp.com\/www.jazzzeitung.de\/cms\/wp-content\/uploads\/2018\/01\/00000001.jpg?fit=1200%2C1074&ssl=1&resize=350%2C200","width":350,"height":200,"srcset":"https:\/\/i0.wp.com\/www.jazzzeitung.de\/cms\/wp-content\/uploads\/2018\/01\/00000001.jpg?fit=1200%2C1074&ssl=1&resize=350%2C200 1x, https:\/\/i0.wp.com\/www.jazzzeitung.de\/cms\/wp-content\/uploads\/2018\/01\/00000001.jpg?fit=1200%2C1074&ssl=1&resize=525%2C300 1.5x, https:\/\/i0.wp.com\/www.jazzzeitung.de\/cms\/wp-content\/uploads\/2018\/01\/00000001.jpg?fit=1200%2C1074&ssl=1&resize=700%2C400 2x, https:\/\/i0.wp.com\/www.jazzzeitung.de\/cms\/wp-content\/uploads\/2018\/01\/00000001.jpg?fit=1200%2C1074&ssl=1&resize=1050%2C600 3x"},"classes":[]},{"id":29670,"url":"https:\/\/www.jazzzeitung.de\/cms\/2023\/06\/cd-rezension-nils-kugelmann-trio-stormy-beauty\/","url_meta":{"origin":30072,"position":2},"title":"CD-Rezension: Nils Kugelmann Trio \u2013 \u201eStormy Beauty\u201c","author":"Thomas J. Krebs","date":"30. Juni 2023","format":false,"excerpt":"Im S\u00fcden der Republik ist der Bassist Nils Kugelmann l\u00e4ngst kein Unbekannter mehr. Das wird sich mit seiner Trio Debut-CD \u201eStormy Beauty\u201c, erschienen auf dem M\u00fcnchner ACT Label, jetzt auch bundesweit \u00e4ndern. Kurz vorweg genommen: Was Kugelmann mit seinem Trio anstellt, sprengt die musikalischen Grenzen. Sein Bassspiel ist absolut getrieben,\u2026","rel":"","context":"In &quot;Rezension&quot;","block_context":{"text":"Rezension","link":"https:\/\/www.jazzzeitung.de\/cms\/thema\/rezension\/"},"img":{"alt_text":"","src":"https:\/\/i0.wp.com\/www.jazzzeitung.de\/cms\/wp-content\/uploads\/2023\/06\/P2468488-sw-Kugelmann-Trio-Foto-TJ-Krebs.jpg?fit=1200%2C800&ssl=1&resize=350%2C200","width":350,"height":200,"srcset":"https:\/\/i0.wp.com\/www.jazzzeitung.de\/cms\/wp-content\/uploads\/2023\/06\/P2468488-sw-Kugelmann-Trio-Foto-TJ-Krebs.jpg?fit=1200%2C800&ssl=1&resize=350%2C200 1x, https:\/\/i0.wp.com\/www.jazzzeitung.de\/cms\/wp-content\/uploads\/2023\/06\/P2468488-sw-Kugelmann-Trio-Foto-TJ-Krebs.jpg?fit=1200%2C800&ssl=1&resize=525%2C300 1.5x, https:\/\/i0.wp.com\/www.jazzzeitung.de\/cms\/wp-content\/uploads\/2023\/06\/P2468488-sw-Kugelmann-Trio-Foto-TJ-Krebs.jpg?fit=1200%2C800&ssl=1&resize=700%2C400 2x, https:\/\/i0.wp.com\/www.jazzzeitung.de\/cms\/wp-content\/uploads\/2023\/06\/P2468488-sw-Kugelmann-Trio-Foto-TJ-Krebs.jpg?fit=1200%2C800&ssl=1&resize=1050%2C600 3x"},"classes":[]},{"id":14903,"url":"https:\/\/www.jazzzeitung.de\/cms\/2018\/01\/cd-rezension-till-broenner-dieter-ilg-nightfall\/","url_meta":{"origin":30072,"position":3},"title":"CD-Rezension: Till Br\u00f6nner &#038; Dieter Ilg: Nightfall","author":"Thomas J. Krebs","date":"27. Januar 2018","format":false,"excerpt":"Till Br\u00f6nner und Dieter Ilg im Duo, diese Konstellation konnten bis dato nur wenige Zuh\u00f6rer in sporadischen Konzerten erleben. Nun war die Zeit reif f\u00fcr einen Tontr\u00e4ger \u2013 und damit geht f\u00fcr so manchen Jazzfan ein Traum in Erf\u00fcllung. Die Rede ist von \u201eNightfall\u201c, der brandneuen, bei OKeh\/Sony Music erschienenen,\u2026","rel":"","context":"In &quot;Rezension&quot;","block_context":{"text":"Rezension","link":"https:\/\/www.jazzzeitung.de\/cms\/thema\/rezension\/"},"img":{"alt_text":"","src":"https:\/\/i0.wp.com\/www.jazzzeitung.de\/cms\/wp-content\/uploads\/2018\/01\/Br%C3%B6nner-Ilg-Nightfall-Cover.jpg?fit=1200%2C1200&ssl=1&resize=350%2C200","width":350,"height":200,"srcset":"https:\/\/i0.wp.com\/www.jazzzeitung.de\/cms\/wp-content\/uploads\/2018\/01\/Br%C3%B6nner-Ilg-Nightfall-Cover.jpg?fit=1200%2C1200&ssl=1&resize=350%2C200 1x, https:\/\/i0.wp.com\/www.jazzzeitung.de\/cms\/wp-content\/uploads\/2018\/01\/Br%C3%B6nner-Ilg-Nightfall-Cover.jpg?fit=1200%2C1200&ssl=1&resize=525%2C300 1.5x, https:\/\/i0.wp.com\/www.jazzzeitung.de\/cms\/wp-content\/uploads\/2018\/01\/Br%C3%B6nner-Ilg-Nightfall-Cover.jpg?fit=1200%2C1200&ssl=1&resize=700%2C400 2x, https:\/\/i0.wp.com\/www.jazzzeitung.de\/cms\/wp-content\/uploads\/2018\/01\/Br%C3%B6nner-Ilg-Nightfall-Cover.jpg?fit=1200%2C1200&ssl=1&resize=1050%2C600 3x"},"classes":[]},{"id":11585,"url":"https:\/\/www.jazzzeitung.de\/cms\/2017\/01\/cd-rezension-katie-cruel-the-roving-jewel\/","url_meta":{"origin":30072,"position":4},"title":"CD-Rezension &#8211; Katie Cruel: The Roving Jewel","author":"Redaktion JazzZeitung","date":"24. Januar 2017","format":false,"excerpt":"Seit mittlerweile zehn Jahren w\u00e4hrt die musikalische Zusammenarbeit der albanischen S\u00e4ngerin Fjoralba Turku und dem amerikanischen Gitarristen Geoff Goodman. Beide leben seit geraumer Zeit in M\u00fcnchen, musizieren gemeinsam und sind im stetigen Dialog. Doch wer ist nun eigentlich \u201eKatie Cruel\u201c? De facto ist es ein traditioneller Folksong, der w\u00e4hrend des\u2026","rel":"","context":"In &quot;Rezension&quot;","block_context":{"text":"Rezension","link":"https:\/\/www.jazzzeitung.de\/cms\/thema\/rezension\/"},"img":{"alt_text":"","src":"https:\/\/i0.wp.com\/www.jazzzeitung.de\/cms\/wp-content\/uploads\/2017\/01\/Cover-Katie-Cruel-150x150.jpg?resize=350%2C200","width":350,"height":200},"classes":[]},{"id":11592,"url":"https:\/\/www.jazzzeitung.de\/cms\/2017\/01\/rezension-chris-gall-bernhard-schimpelsberger-studio-konzert\/","url_meta":{"origin":30072,"position":5},"title":"Rezension: Chris Gall &#038; Bernhard Schimpelsberger: Studio Konzert","author":"Redaktion JazzZeitung","date":"26. Januar 2017","format":false,"excerpt":"STUDIO KONZERT - das ist eine vollanaloge, audiophile Direct-to-2-track Konzertreihe, die seit 2013 in den Ludwigsburger Bauer Studios produziert wird und ausschlie\u00dflich als 180g Vinyl, handnummeriert, als Limited Edition in den Handel gelangt. Das 21. STUDIO KONZERT bestritten der Pianist Chris Gall und Bernhard Schimpelsberger am Schlagzeug und verschiedensten Perkussionsinstrumenten.\u2026","rel":"","context":"In &quot;Rezension&quot;","block_context":{"text":"Rezension","link":"https:\/\/www.jazzzeitung.de\/cms\/thema\/rezension\/"},"img":{"alt_text":"","src":"https:\/\/i0.wp.com\/www.jazzzeitung.de\/cms\/wp-content\/uploads\/2017\/01\/Cover-STUDIO-KONZERT-NLP4157-1-150x150.jpg?resize=350%2C200","width":350,"height":200},"classes":[]}],"jetpack_sharing_enabled":true,"_links":{"self":[{"href":"https:\/\/www.jazzzeitung.de\/cms\/wp-json\/wp\/v2\/posts\/30072","targetHints":{"allow":["GET"]}}],"collection":[{"href":"https:\/\/www.jazzzeitung.de\/cms\/wp-json\/wp\/v2\/posts"}],"about":[{"href":"https:\/\/www.jazzzeitung.de\/cms\/wp-json\/wp\/v2\/types\/post"}],"author":[{"embeddable":true,"href":"https:\/\/www.jazzzeitung.de\/cms\/wp-json\/wp\/v2\/users\/37"}],"replies":[{"embeddable":true,"href":"https:\/\/www.jazzzeitung.de\/cms\/wp-json\/wp\/v2\/comments?post=30072"}],"version-history":[{"count":2,"href":"https:\/\/www.jazzzeitung.de\/cms\/wp-json\/wp\/v2\/posts\/30072\/revisions"}],"predecessor-version":[{"id":30078,"href":"https:\/\/www.jazzzeitung.de\/cms\/wp-json\/wp\/v2\/posts\/30072\/revisions\/30078"}],"wp:featuredmedia":[{"embeddable":true,"href":"https:\/\/www.jazzzeitung.de\/cms\/wp-json\/wp\/v2\/media\/30076"}],"wp:attachment":[{"href":"https:\/\/www.jazzzeitung.de\/cms\/wp-json\/wp\/v2\/media?parent=30072"}],"wp:term":[{"taxonomy":"category","embeddable":true,"href":"https:\/\/www.jazzzeitung.de\/cms\/wp-json\/wp\/v2\/categories?post=30072"},{"taxonomy":"post_tag","embeddable":true,"href":"https:\/\/www.jazzzeitung.de\/cms\/wp-json\/wp\/v2\/tags?post=30072"},{"taxonomy":"author","embeddable":true,"href":"https:\/\/www.jazzzeitung.de\/cms\/wp-json\/wp\/v2\/coauthors?post=30072"}],"curies":[{"name":"wp","href":"https:\/\/api.w.org\/{rel}","templated":true}]}}