{"id":30048,"date":"2023-09-20T11:59:08","date_gmt":"2023-09-20T09:59:08","guid":{"rendered":"https:\/\/www.jazzzeitung.de\/cms\/?p=30048"},"modified":"2023-09-20T11:59:08","modified_gmt":"2023-09-20T09:59:08","slug":"news-konzerte-ingrid-arthur-in-oberthulba-michael-wollny-in-bonn","status":"publish","type":"post","link":"https:\/\/www.jazzzeitung.de\/cms\/2023\/09\/news-konzerte-ingrid-arthur-in-oberthulba-michael-wollny-in-bonn\/","title":{"rendered":"+++ news +++ Konzerte +++ Ingrid Arthur in Oberthulba +++ Michael Wollny in Bonn +++"},"content":{"rendered":"<h2>+++ Ingrid Arthur auf der Piano-B\u00fchne in Oberthulba +++<\/h2>\n<p>Die in Gainesville, Georgia (USA) geborene <strong>Ingrid Arthur<\/strong> ist eine der m\u00e4chtigsten Stimmen in der Geschichte der Musik. Sie ist nicht nur eine wunderbare S\u00e4ngerin, sie ist die G\u00f6ttin des Souls mit ihrem reichhaltigen und traditionellem Gospel Hintergrund mit dem Einfluss von Aretha Franklin, Mavis Staple oder Mahalia Jackson.<\/p>\n<p>Unter anderem war sie Background-S\u00e4ngerin bei der Grammy-Award-Gewinnerin von 1996 und 1997, Cissy Houston (Mutter von Whitney Houston), \u201eFace to Face\u201c und \u201eHe Leadeth me\u201c und bei der 1995 Grammy-Award-Gewinnerin Bette Midler mit dem Song des Jahres \u201eFrom A Distance\u201c.<\/p>\n<h4>Unterwegs mit James Last<\/h4>\n<p>Sie trat auf den verschiedensten B\u00fchnen in New York, Paris, London und Berlin auf und wurde wegen ihrer Professionalit\u00e4t, sympathischen Erscheinung und einzigartigen Stimme \u00fcberall mit stehenden Ovationen belohnt. \u00a0Ihr musikalischer Triumphzug begann mit den \u201eGolden Gospel Singers\u201c als auch mit ihrer Performance in \u201eLittle Shop of Horrors\u201c am Metropol Theater in Wien. Oft war Ingrid auch mit James Last und seinem Orchester auf Tournee.<\/p>\n<p>Seit 2002 lebt Ingrid Arthur nun in Berlin, ist aber auf der ganzen Welt mit ihrem Talent unterwegs. International bekannt und beliebt wurde Ingrid Arthur als ehemalige S\u00e4ngers von einem der hei\u00dfesten europ\u00e4ischen Duos, den \u201eWeather Girls\u201c, und deren weltweit erfolgreichem Hit \u201eIt\u2019s raining Men\u201c. Ingrid hat als Weather Girl 2 Alben aufgenommen: \u201eTotally Wild\u201c mit Coconut Records und \u201eThe Woman I Am\u201c mit Sonic Nerve. Seit 2011 ist Ingrid Arthur als Solo-K\u00fcnstlerin erfolgreich.<br \/>\nWegen Corona musste dieses f\u00fcr 2021 geplante Konzert leider zweimal abgesagt werden.<\/p>\n<p>Nun kommt sie \u00a0zum vierten \u00a0Male auf die Piano-B\u00fchne und wird wie immer f\u00fcr beste Musik und volles Haus sorgen! Mit ihrer neuen internationalen Soul-Blues-Funky-Jazz-Formation mit Tracey Dunken (Drums), Charis Karantzas (Guitar) , Manuel Zacek (Bass) und Carly Quiroz (Piano)\u00a0 zeigt Ingrid eine Show der Spitzenklasse mit dem Titel \u201eA Tribute to Aretha Franklin\u201c.<\/p>\n<p>Kartenvorverkauf: Tel. 09736\/657 oder <a href=\"mailto:info@piano.de\">info@piano.de<\/a><\/p>\n<p><a href=\"http:\/\/www.pianobuehne.de\">www.pianobuehne.de<\/a><\/p>\n<p>Beitragsfoto:\u00a0Peter Kleinhenz<\/p>\n<h3><strong>+++ Michael Wollny mit seltenem Solokonzert im Beethoven-Haus +++<\/strong><\/h3>\n<p><strong>F\u00fcr das Jazzfest Bonn Extended kommt Pianist Michael Wollny an diesem Samstag, den 23. September, um 20:30 Uhr mit einem Soloprogramm in den Kammermusiksaal des Beethoven-Hauses.\u00a0<\/strong><\/p>\n<p>Beim Jazzfest Bonn ist <strong>Michael Wollny<\/strong> ein gern gesehener Gast. Zuletzt begeisterte er 2022 mit seinem Trio das Publikum im Opernhaus. Nun betritt der Pianist zum ersten Mal seit langem wieder allein eine B\u00fchne in der Bundesstadt \u2013 und macht damit fast schon eine Ausnahme, ist er doch in diesem Jahr zumeist in gr\u00f6\u00dferen Formationen unterwegs.<\/p>\n<p>Ob Mahler oder de Machaut, ob Monk, Kraftwerk oder Ligeti, Michael Wollny formt unterschiedlichstes musikalisches Material zu seiner eigenen Klangsprache. Mit Virtuosit\u00e4t, Fantasie und \u00e4sthetischer Treffsicherheit schwebt er \u00fcber den Stilen. F\u00fcr sein Spiel vom Feuilleton gefeiert und mit Preisen \u00fcberh\u00e4uf, landetet er mit seinem Trio 2014 sogar in den <em>Tagesthemen<\/em> und im <em>heute journal<\/em> und f\u00fcllt seitdem die gro\u00dfen S\u00e4le.<\/p>\n<p>Als Solok\u00fcnstler feiert Wollny seit seinem 2022 aufgenommenen Album Mondenkind die Einsamkeit. In eigenen Kompositionen und St\u00fccken der \u201egro\u00dfen Eigenbr\u00f6tler der Musikgeschichte\u201c (S\u00fcddeutsche Zeitung) wie Sufjan Stevens, Tori Amos, Rudolf Hindemith oder Alban Berg spannt Wollny die ganz weiten B\u00f6gen. Mit zarten Melodien, ausufernder Harmonik, druckvollen Bass-Gewittern und kristallinen Clustern erz\u00e4hlt er auf epische Weise von D\u00fcsternis, Lichtblicken und Vers\u00f6hnung.<\/p>\n<p>Wollnys meisterhafte Klavier-Improvisationen und die intime Atmosph\u00e4re des Kammermusiksaals im Beethoven-Haus versprechen ein intensives Konzerterlebnis.<\/p>\n<p><strong>F\u00fcr das Konzert sind nur noch wenige Tickets verf\u00fcgbar, Interessierte erhalten sie \u00fcber <\/strong><a href=\"https:\/\/www.jazzfest-bonn.de\/2023\/beethoven-haus-jazzfest-bonn-extended-samstag-23-september-2023\/michael-wollny-solo\/\"><strong>https:\/\/www.jazzfest-bonn.de\/programm<\/strong><\/a><strong>.\u00a0\u00a0<\/strong><\/p>\n<p><strong><em>Das Jazzfest Bonn<\/em><\/strong><em> ist eine gemeinn\u00fctzige Gesellschaft zur F\u00f6rderung des zeitgen\u00f6ssischen kreativen Jazz. Das Festival pr\u00e4sentiert Weltklasse-K\u00fcnstler und nationale Stars in Doppelkonzerten mit jungen Nachwuchsmusikern und regionalen Jazz-Gr\u00f6\u00dfen<\/em><em>. Aktuelle Informationen sind zu finden unter<\/em> <a href=\"http:\/\/www.jazzfest-bonn.de\"><em>www.jazzfest-bonn.de<\/em><\/a><\/p>\n","protected":false},"excerpt":{"rendered":"<p>+++ Ingrid Arthur auf der Piano-B\u00fchne in Oberthulba +++ Die in Gainesville, Georgia (USA) geborene Ingrid Arthur ist eine der m\u00e4chtigsten Stimmen in der Geschichte der Musik. Sie ist nicht nur eine wunderbare S\u00e4ngerin, sie ist die G\u00f6ttin des Souls mit ihrem reichhaltigen und traditionellem Gospel Hintergrund mit dem Einfluss von Aretha Franklin, Mavis Staple oder Mahalia Jackson. Unter anderem war sie Background-S\u00e4ngerin bei der Grammy-Award-Gewinnerin von 1996 und 1997, Cissy Houston (Mutter von Whitney Houston), \u201eFace to Face\u201c und \u201eHe Leadeth me\u201c und bei der 1995 Grammy-Award-Gewinnerin Bette Midler mit dem Song des Jahres \u201eFrom A Distance\u201c. Unterwegs mit James Last Sie trat auf den verschiedensten B\u00fchnen in New York, Paris, London und Berlin auf und wurde wegen ihrer Professionalit\u00e4t, sympathischen Erscheinung und einzigartigen Stimme \u00fcberall mit stehenden Ovationen belohnt. \u00a0Ihr musikalischer Triumphzug begann mit den \u201eGolden Gospel Singers\u201c als auch mit ihrer Performance in \u201eLittle Shop of Horrors\u201c am Metropol Theater in Wien. Oft war Ingrid auch mit James Last und seinem Orchester auf Tournee. Seit 2002 lebt Ingrid Arthur nun in Berlin, ist aber auf der ganzen Welt mit ihrem Talent unterwegs. &hellip;<\/p>\n","protected":false},"author":18,"featured_media":30050,"comment_status":"open","ping_status":"closed","sticky":false,"template":"","format":"standard","meta":{"_jetpack_memberships_contains_paid_content":false,"footnotes":"","jetpack_publicize_message":"","jetpack_publicize_feature_enabled":true,"jetpack_social_post_already_shared":false,"jetpack_social_options":{"image_generator_settings":{"template":"highway","default_image_id":0,"font":"","enabled":false},"version":2}},"categories":[633],"tags":[91,5134,294,323,5135,388,2051],"coauthors":[695],"class_list":["post-30048","post","type-post","status-publish","format-standard","has-post-thumbnail","hentry","category-nachrichten","tag-bonn","tag-ingrid-arthur","tag-jazzzeitung","tag-konzerte","tag-konzerttipps","tag-michael-wollny","tag-oberthulba"],"yoast_head":"<!-- This site is optimized with the Yoast SEO plugin v27.5 - https:\/\/yoast.com\/product\/yoast-seo-wordpress\/ -->\n<title>+++ news +++ Konzerte +++ Ingrid Arthur in Oberthulba +++ Michael Wollny in Bonn +++ - JazzZeitung<\/title>\n<meta name=\"robots\" content=\"index, follow, max-snippet:-1, max-image-preview:large, max-video-preview:-1\" \/>\n<link rel=\"canonical\" href=\"https:\/\/www.jazzzeitung.de\/cms\/2023\/09\/news-konzerte-ingrid-arthur-in-oberthulba-michael-wollny-in-bonn\/\" \/>\n<meta property=\"og:locale\" content=\"de_DE\" \/>\n<meta property=\"og:type\" content=\"article\" \/>\n<meta property=\"og:title\" content=\"+++ news +++ Konzerte +++ Ingrid Arthur in Oberthulba +++ Michael Wollny in Bonn +++ - JazzZeitung\" \/>\n<meta property=\"og:description\" content=\"+++ Ingrid Arthur auf der Piano-B\u00fchne in Oberthulba +++ Die in Gainesville, Georgia (USA) geborene Ingrid Arthur ist eine der m\u00e4chtigsten Stimmen in der Geschichte der Musik. Sie ist nicht nur eine wunderbare S\u00e4ngerin, sie ist die G\u00f6ttin des Souls mit ihrem reichhaltigen und traditionellem Gospel Hintergrund mit dem Einfluss von Aretha Franklin, Mavis Staple oder Mahalia Jackson. Unter anderem war sie Background-S\u00e4ngerin bei der Grammy-Award-Gewinnerin von 1996 und 1997, Cissy Houston (Mutter von Whitney Houston), \u201eFace to Face\u201c und \u201eHe Leadeth me\u201c und bei der 1995 Grammy-Award-Gewinnerin Bette Midler mit dem Song des Jahres \u201eFrom A Distance\u201c. Unterwegs mit James Last Sie trat auf den verschiedensten B\u00fchnen in New York, Paris, London und Berlin auf und wurde wegen ihrer Professionalit\u00e4t, sympathischen Erscheinung und einzigartigen Stimme \u00fcberall mit stehenden Ovationen belohnt. \u00a0Ihr musikalischer Triumphzug begann mit den \u201eGolden Gospel Singers\u201c als auch mit ihrer Performance in \u201eLittle Shop of Horrors\u201c am Metropol Theater in Wien. Oft war Ingrid auch mit James Last und seinem Orchester auf Tournee. Seit 2002 lebt Ingrid Arthur nun in Berlin, ist aber auf der ganzen Welt mit ihrem Talent unterwegs. &hellip;\" \/>\n<meta property=\"og:url\" content=\"https:\/\/www.jazzzeitung.de\/cms\/2023\/09\/news-konzerte-ingrid-arthur-in-oberthulba-michael-wollny-in-bonn\/\" \/>\n<meta property=\"og:site_name\" content=\"JazzZeitung\" \/>\n<meta property=\"article:publisher\" content=\"https:\/\/www.facebook.com\/JazzZeitung\/\" \/>\n<meta property=\"article:published_time\" content=\"2023-09-20T09:59:08+00:00\" \/>\n<meta property=\"og:image\" content=\"https:\/\/www.jazzzeitung.de\/cms\/wp-content\/uploads\/2023\/09\/IMG_8997-scaled.jpg\" \/>\n\t<meta property=\"og:image:width\" content=\"2560\" \/>\n\t<meta property=\"og:image:height\" content=\"1707\" \/>\n\t<meta property=\"og:image:type\" content=\"image\/jpeg\" \/>\n<meta name=\"author\" content=\"Redaktion JazzZeitung\" \/>\n<script type=\"application\/ld+json\" class=\"yoast-schema-graph\">{\"@context\":\"https:\\\/\\\/schema.org\",\"@graph\":[{\"@type\":\"Article\",\"@id\":\"https:\\\/\\\/www.jazzzeitung.de\\\/cms\\\/2023\\\/09\\\/news-konzerte-ingrid-arthur-in-oberthulba-michael-wollny-in-bonn\\\/#article\",\"isPartOf\":{\"@id\":\"https:\\\/\\\/www.jazzzeitung.de\\\/cms\\\/2023\\\/09\\\/news-konzerte-ingrid-arthur-in-oberthulba-michael-wollny-in-bonn\\\/\"},\"author\":{\"name\":\"Redaktion JazzZeitung\",\"@id\":\"https:\\\/\\\/www.jazzzeitung.de\\\/cms\\\/#\\\/schema\\\/person\\\/2245b36b9cd1d24cea10f01c031fb92b\"},\"headline\":\"+++ news +++ Konzerte +++ Ingrid Arthur in Oberthulba +++ Michael Wollny in Bonn +++\",\"datePublished\":\"2023-09-20T09:59:08+00:00\",\"mainEntityOfPage\":{\"@id\":\"https:\\\/\\\/www.jazzzeitung.de\\\/cms\\\/2023\\\/09\\\/news-konzerte-ingrid-arthur-in-oberthulba-michael-wollny-in-bonn\\\/\"},\"wordCount\":635,\"commentCount\":0,\"publisher\":{\"@id\":\"https:\\\/\\\/www.jazzzeitung.de\\\/cms\\\/#organization\"},\"image\":{\"@id\":\"https:\\\/\\\/www.jazzzeitung.de\\\/cms\\\/2023\\\/09\\\/news-konzerte-ingrid-arthur-in-oberthulba-michael-wollny-in-bonn\\\/#primaryimage\"},\"thumbnailUrl\":\"https:\\\/\\\/i0.wp.com\\\/www.jazzzeitung.de\\\/cms\\\/wp-content\\\/uploads\\\/2023\\\/09\\\/IMG_8997-scaled.jpg?fit=2560%2C1707&ssl=1\",\"keywords\":[\"Bonn\",\"Ingrid Arthur\",\"Jazzzeitung\",\"Konzerte\",\"Konzerttipps\",\"Michael Wollny\",\"Oberthulba\"],\"articleSection\":[\"News\"],\"inLanguage\":\"de\",\"potentialAction\":[{\"@type\":\"CommentAction\",\"name\":\"Comment\",\"target\":[\"https:\\\/\\\/www.jazzzeitung.de\\\/cms\\\/2023\\\/09\\\/news-konzerte-ingrid-arthur-in-oberthulba-michael-wollny-in-bonn\\\/#respond\"]}]},{\"@type\":\"WebPage\",\"@id\":\"https:\\\/\\\/www.jazzzeitung.de\\\/cms\\\/2023\\\/09\\\/news-konzerte-ingrid-arthur-in-oberthulba-michael-wollny-in-bonn\\\/\",\"url\":\"https:\\\/\\\/www.jazzzeitung.de\\\/cms\\\/2023\\\/09\\\/news-konzerte-ingrid-arthur-in-oberthulba-michael-wollny-in-bonn\\\/\",\"name\":\"+++ news +++ Konzerte +++ Ingrid Arthur in Oberthulba +++ Michael Wollny in Bonn +++ - JazzZeitung\",\"isPartOf\":{\"@id\":\"https:\\\/\\\/www.jazzzeitung.de\\\/cms\\\/#website\"},\"primaryImageOfPage\":{\"@id\":\"https:\\\/\\\/www.jazzzeitung.de\\\/cms\\\/2023\\\/09\\\/news-konzerte-ingrid-arthur-in-oberthulba-michael-wollny-in-bonn\\\/#primaryimage\"},\"image\":{\"@id\":\"https:\\\/\\\/www.jazzzeitung.de\\\/cms\\\/2023\\\/09\\\/news-konzerte-ingrid-arthur-in-oberthulba-michael-wollny-in-bonn\\\/#primaryimage\"},\"thumbnailUrl\":\"https:\\\/\\\/i0.wp.com\\\/www.jazzzeitung.de\\\/cms\\\/wp-content\\\/uploads\\\/2023\\\/09\\\/IMG_8997-scaled.jpg?fit=2560%2C1707&ssl=1\",\"datePublished\":\"2023-09-20T09:59:08+00:00\",\"breadcrumb\":{\"@id\":\"https:\\\/\\\/www.jazzzeitung.de\\\/cms\\\/2023\\\/09\\\/news-konzerte-ingrid-arthur-in-oberthulba-michael-wollny-in-bonn\\\/#breadcrumb\"},\"inLanguage\":\"de\",\"potentialAction\":[{\"@type\":\"ReadAction\",\"target\":[\"https:\\\/\\\/www.jazzzeitung.de\\\/cms\\\/2023\\\/09\\\/news-konzerte-ingrid-arthur-in-oberthulba-michael-wollny-in-bonn\\\/\"]}]},{\"@type\":\"ImageObject\",\"inLanguage\":\"de\",\"@id\":\"https:\\\/\\\/www.jazzzeitung.de\\\/cms\\\/2023\\\/09\\\/news-konzerte-ingrid-arthur-in-oberthulba-michael-wollny-in-bonn\\\/#primaryimage\",\"url\":\"https:\\\/\\\/i0.wp.com\\\/www.jazzzeitung.de\\\/cms\\\/wp-content\\\/uploads\\\/2023\\\/09\\\/IMG_8997-scaled.jpg?fit=2560%2C1707&ssl=1\",\"contentUrl\":\"https:\\\/\\\/i0.wp.com\\\/www.jazzzeitung.de\\\/cms\\\/wp-content\\\/uploads\\\/2023\\\/09\\\/IMG_8997-scaled.jpg?fit=2560%2C1707&ssl=1\",\"width\":2560,\"height\":1707},{\"@type\":\"BreadcrumbList\",\"@id\":\"https:\\\/\\\/www.jazzzeitung.de\\\/cms\\\/2023\\\/09\\\/news-konzerte-ingrid-arthur-in-oberthulba-michael-wollny-in-bonn\\\/#breadcrumb\",\"itemListElement\":[{\"@type\":\"ListItem\",\"position\":1,\"name\":\"Startseite\",\"item\":\"https:\\\/\\\/www.jazzzeitung.de\\\/cms\\\/\"},{\"@type\":\"ListItem\",\"position\":2,\"name\":\"+++ news +++ Konzerte +++ Ingrid Arthur in Oberthulba +++ Michael Wollny in Bonn +++\"}]},{\"@type\":\"WebSite\",\"@id\":\"https:\\\/\\\/www.jazzzeitung.de\\\/cms\\\/#website\",\"url\":\"https:\\\/\\\/www.jazzzeitung.de\\\/cms\\\/\",\"name\":\"JazzZeitung\",\"description\":\"Jazz-News und Jazz-Kontroverses\",\"publisher\":{\"@id\":\"https:\\\/\\\/www.jazzzeitung.de\\\/cms\\\/#organization\"},\"potentialAction\":[{\"@type\":\"SearchAction\",\"target\":{\"@type\":\"EntryPoint\",\"urlTemplate\":\"https:\\\/\\\/www.jazzzeitung.de\\\/cms\\\/?s={search_term_string}\"},\"query-input\":{\"@type\":\"PropertyValueSpecification\",\"valueRequired\":true,\"valueName\":\"search_term_string\"}}],\"inLanguage\":\"de\"},{\"@type\":\"Organization\",\"@id\":\"https:\\\/\\\/www.jazzzeitung.de\\\/cms\\\/#organization\",\"name\":\"JazzZeitung online\",\"url\":\"https:\\\/\\\/www.jazzzeitung.de\\\/cms\\\/\",\"logo\":{\"@type\":\"ImageObject\",\"inLanguage\":\"de\",\"@id\":\"https:\\\/\\\/www.jazzzeitung.de\\\/cms\\\/#\\\/schema\\\/logo\\\/image\\\/\",\"url\":\"https:\\\/\\\/i0.wp.com\\\/www.jazzzeitung.de\\\/cms\\\/wp-content\\\/uploads\\\/2015\\\/08\\\/JAZZZEITUNGDE_Logo_Neu.png?fit=499%2C200&ssl=1\",\"contentUrl\":\"https:\\\/\\\/i0.wp.com\\\/www.jazzzeitung.de\\\/cms\\\/wp-content\\\/uploads\\\/2015\\\/08\\\/JAZZZEITUNGDE_Logo_Neu.png?fit=499%2C200&ssl=1\",\"width\":499,\"height\":200,\"caption\":\"JazzZeitung online\"},\"image\":{\"@id\":\"https:\\\/\\\/www.jazzzeitung.de\\\/cms\\\/#\\\/schema\\\/logo\\\/image\\\/\"},\"sameAs\":[\"https:\\\/\\\/www.facebook.com\\\/JazzZeitung\\\/\"]},{\"@type\":\"Person\",\"@id\":\"https:\\\/\\\/www.jazzzeitung.de\\\/cms\\\/#\\\/schema\\\/person\\\/2245b36b9cd1d24cea10f01c031fb92b\",\"name\":\"Redaktion JazzZeitung\",\"image\":{\"@type\":\"ImageObject\",\"inLanguage\":\"de\",\"@id\":\"https:\\\/\\\/i0.wp.com\\\/www.jazzzeitung.de\\\/cms\\\/wp-content\\\/uploads\\\/2015\\\/08\\\/JAZZZEITUNGDE_Logo_Neu.png?resize=96%2C96&ssl=159975dcacb611b5700bd619b5daf0a7a\",\"url\":\"https:\\\/\\\/i0.wp.com\\\/www.jazzzeitung.de\\\/cms\\\/wp-content\\\/uploads\\\/2015\\\/08\\\/JAZZZEITUNGDE_Logo_Neu.png?resize=96%2C96&ssl=1\",\"contentUrl\":\"https:\\\/\\\/i0.wp.com\\\/www.jazzzeitung.de\\\/cms\\\/wp-content\\\/uploads\\\/2015\\\/08\\\/JAZZZEITUNGDE_Logo_Neu.png?resize=96%2C96&ssl=1\",\"caption\":\"Redaktion JazzZeitung\"},\"description\":\"Artikel der Redaktion der JazzZeitung.\",\"sameAs\":[\"http:\\\/\\\/www.jazzzeitung.de\\\/cms\\\/\"],\"url\":\"https:\\\/\\\/www.jazzzeitung.de\\\/cms\\\/author\\\/redaktion\\\/\"}]}<\/script>\n<!-- \/ Yoast SEO plugin. -->","yoast_head_json":{"title":"+++ news +++ Konzerte +++ Ingrid Arthur in Oberthulba +++ Michael Wollny in Bonn +++ - JazzZeitung","robots":{"index":"index","follow":"follow","max-snippet":"max-snippet:-1","max-image-preview":"max-image-preview:large","max-video-preview":"max-video-preview:-1"},"canonical":"https:\/\/www.jazzzeitung.de\/cms\/2023\/09\/news-konzerte-ingrid-arthur-in-oberthulba-michael-wollny-in-bonn\/","og_locale":"de_DE","og_type":"article","og_title":"+++ news +++ Konzerte +++ Ingrid Arthur in Oberthulba +++ Michael Wollny in Bonn +++ - JazzZeitung","og_description":"+++ Ingrid Arthur auf der Piano-B\u00fchne in Oberthulba +++ Die in Gainesville, Georgia (USA) geborene Ingrid Arthur ist eine der m\u00e4chtigsten Stimmen in der Geschichte der Musik. Sie ist nicht nur eine wunderbare S\u00e4ngerin, sie ist die G\u00f6ttin des Souls mit ihrem reichhaltigen und traditionellem Gospel Hintergrund mit dem Einfluss von Aretha Franklin, Mavis Staple oder Mahalia Jackson. Unter anderem war sie Background-S\u00e4ngerin bei der Grammy-Award-Gewinnerin von 1996 und 1997, Cissy Houston (Mutter von Whitney Houston), \u201eFace to Face\u201c und \u201eHe Leadeth me\u201c und bei der 1995 Grammy-Award-Gewinnerin Bette Midler mit dem Song des Jahres \u201eFrom A Distance\u201c. Unterwegs mit James Last Sie trat auf den verschiedensten B\u00fchnen in New York, Paris, London und Berlin auf und wurde wegen ihrer Professionalit\u00e4t, sympathischen Erscheinung und einzigartigen Stimme \u00fcberall mit stehenden Ovationen belohnt. \u00a0Ihr musikalischer Triumphzug begann mit den \u201eGolden Gospel Singers\u201c als auch mit ihrer Performance in \u201eLittle Shop of Horrors\u201c am Metropol Theater in Wien. Oft war Ingrid auch mit James Last und seinem Orchester auf Tournee. Seit 2002 lebt Ingrid Arthur nun in Berlin, ist aber auf der ganzen Welt mit ihrem Talent unterwegs. &hellip;","og_url":"https:\/\/www.jazzzeitung.de\/cms\/2023\/09\/news-konzerte-ingrid-arthur-in-oberthulba-michael-wollny-in-bonn\/","og_site_name":"JazzZeitung","article_publisher":"https:\/\/www.facebook.com\/JazzZeitung\/","article_published_time":"2023-09-20T09:59:08+00:00","og_image":[{"width":2560,"height":1707,"url":"https:\/\/www.jazzzeitung.de\/cms\/wp-content\/uploads\/2023\/09\/IMG_8997-scaled.jpg","type":"image\/jpeg"}],"author":"Redaktion JazzZeitung","schema":{"@context":"https:\/\/schema.org","@graph":[{"@type":"Article","@id":"https:\/\/www.jazzzeitung.de\/cms\/2023\/09\/news-konzerte-ingrid-arthur-in-oberthulba-michael-wollny-in-bonn\/#article","isPartOf":{"@id":"https:\/\/www.jazzzeitung.de\/cms\/2023\/09\/news-konzerte-ingrid-arthur-in-oberthulba-michael-wollny-in-bonn\/"},"author":{"name":"Redaktion JazzZeitung","@id":"https:\/\/www.jazzzeitung.de\/cms\/#\/schema\/person\/2245b36b9cd1d24cea10f01c031fb92b"},"headline":"+++ news +++ Konzerte +++ Ingrid Arthur in Oberthulba +++ Michael Wollny in Bonn +++","datePublished":"2023-09-20T09:59:08+00:00","mainEntityOfPage":{"@id":"https:\/\/www.jazzzeitung.de\/cms\/2023\/09\/news-konzerte-ingrid-arthur-in-oberthulba-michael-wollny-in-bonn\/"},"wordCount":635,"commentCount":0,"publisher":{"@id":"https:\/\/www.jazzzeitung.de\/cms\/#organization"},"image":{"@id":"https:\/\/www.jazzzeitung.de\/cms\/2023\/09\/news-konzerte-ingrid-arthur-in-oberthulba-michael-wollny-in-bonn\/#primaryimage"},"thumbnailUrl":"https:\/\/i0.wp.com\/www.jazzzeitung.de\/cms\/wp-content\/uploads\/2023\/09\/IMG_8997-scaled.jpg?fit=2560%2C1707&ssl=1","keywords":["Bonn","Ingrid Arthur","Jazzzeitung","Konzerte","Konzerttipps","Michael Wollny","Oberthulba"],"articleSection":["News"],"inLanguage":"de","potentialAction":[{"@type":"CommentAction","name":"Comment","target":["https:\/\/www.jazzzeitung.de\/cms\/2023\/09\/news-konzerte-ingrid-arthur-in-oberthulba-michael-wollny-in-bonn\/#respond"]}]},{"@type":"WebPage","@id":"https:\/\/www.jazzzeitung.de\/cms\/2023\/09\/news-konzerte-ingrid-arthur-in-oberthulba-michael-wollny-in-bonn\/","url":"https:\/\/www.jazzzeitung.de\/cms\/2023\/09\/news-konzerte-ingrid-arthur-in-oberthulba-michael-wollny-in-bonn\/","name":"+++ news +++ Konzerte +++ Ingrid Arthur in Oberthulba +++ Michael Wollny in Bonn +++ - JazzZeitung","isPartOf":{"@id":"https:\/\/www.jazzzeitung.de\/cms\/#website"},"primaryImageOfPage":{"@id":"https:\/\/www.jazzzeitung.de\/cms\/2023\/09\/news-konzerte-ingrid-arthur-in-oberthulba-michael-wollny-in-bonn\/#primaryimage"},"image":{"@id":"https:\/\/www.jazzzeitung.de\/cms\/2023\/09\/news-konzerte-ingrid-arthur-in-oberthulba-michael-wollny-in-bonn\/#primaryimage"},"thumbnailUrl":"https:\/\/i0.wp.com\/www.jazzzeitung.de\/cms\/wp-content\/uploads\/2023\/09\/IMG_8997-scaled.jpg?fit=2560%2C1707&ssl=1","datePublished":"2023-09-20T09:59:08+00:00","breadcrumb":{"@id":"https:\/\/www.jazzzeitung.de\/cms\/2023\/09\/news-konzerte-ingrid-arthur-in-oberthulba-michael-wollny-in-bonn\/#breadcrumb"},"inLanguage":"de","potentialAction":[{"@type":"ReadAction","target":["https:\/\/www.jazzzeitung.de\/cms\/2023\/09\/news-konzerte-ingrid-arthur-in-oberthulba-michael-wollny-in-bonn\/"]}]},{"@type":"ImageObject","inLanguage":"de","@id":"https:\/\/www.jazzzeitung.de\/cms\/2023\/09\/news-konzerte-ingrid-arthur-in-oberthulba-michael-wollny-in-bonn\/#primaryimage","url":"https:\/\/i0.wp.com\/www.jazzzeitung.de\/cms\/wp-content\/uploads\/2023\/09\/IMG_8997-scaled.jpg?fit=2560%2C1707&ssl=1","contentUrl":"https:\/\/i0.wp.com\/www.jazzzeitung.de\/cms\/wp-content\/uploads\/2023\/09\/IMG_8997-scaled.jpg?fit=2560%2C1707&ssl=1","width":2560,"height":1707},{"@type":"BreadcrumbList","@id":"https:\/\/www.jazzzeitung.de\/cms\/2023\/09\/news-konzerte-ingrid-arthur-in-oberthulba-michael-wollny-in-bonn\/#breadcrumb","itemListElement":[{"@type":"ListItem","position":1,"name":"Startseite","item":"https:\/\/www.jazzzeitung.de\/cms\/"},{"@type":"ListItem","position":2,"name":"+++ news +++ Konzerte +++ Ingrid Arthur in Oberthulba +++ Michael Wollny in Bonn +++"}]},{"@type":"WebSite","@id":"https:\/\/www.jazzzeitung.de\/cms\/#website","url":"https:\/\/www.jazzzeitung.de\/cms\/","name":"JazzZeitung","description":"Jazz-News und Jazz-Kontroverses","publisher":{"@id":"https:\/\/www.jazzzeitung.de\/cms\/#organization"},"potentialAction":[{"@type":"SearchAction","target":{"@type":"EntryPoint","urlTemplate":"https:\/\/www.jazzzeitung.de\/cms\/?s={search_term_string}"},"query-input":{"@type":"PropertyValueSpecification","valueRequired":true,"valueName":"search_term_string"}}],"inLanguage":"de"},{"@type":"Organization","@id":"https:\/\/www.jazzzeitung.de\/cms\/#organization","name":"JazzZeitung online","url":"https:\/\/www.jazzzeitung.de\/cms\/","logo":{"@type":"ImageObject","inLanguage":"de","@id":"https:\/\/www.jazzzeitung.de\/cms\/#\/schema\/logo\/image\/","url":"https:\/\/i0.wp.com\/www.jazzzeitung.de\/cms\/wp-content\/uploads\/2015\/08\/JAZZZEITUNGDE_Logo_Neu.png?fit=499%2C200&ssl=1","contentUrl":"https:\/\/i0.wp.com\/www.jazzzeitung.de\/cms\/wp-content\/uploads\/2015\/08\/JAZZZEITUNGDE_Logo_Neu.png?fit=499%2C200&ssl=1","width":499,"height":200,"caption":"JazzZeitung online"},"image":{"@id":"https:\/\/www.jazzzeitung.de\/cms\/#\/schema\/logo\/image\/"},"sameAs":["https:\/\/www.facebook.com\/JazzZeitung\/"]},{"@type":"Person","@id":"https:\/\/www.jazzzeitung.de\/cms\/#\/schema\/person\/2245b36b9cd1d24cea10f01c031fb92b","name":"Redaktion JazzZeitung","image":{"@type":"ImageObject","inLanguage":"de","@id":"https:\/\/i0.wp.com\/www.jazzzeitung.de\/cms\/wp-content\/uploads\/2015\/08\/JAZZZEITUNGDE_Logo_Neu.png?resize=96%2C96&ssl=159975dcacb611b5700bd619b5daf0a7a","url":"https:\/\/i0.wp.com\/www.jazzzeitung.de\/cms\/wp-content\/uploads\/2015\/08\/JAZZZEITUNGDE_Logo_Neu.png?resize=96%2C96&ssl=1","contentUrl":"https:\/\/i0.wp.com\/www.jazzzeitung.de\/cms\/wp-content\/uploads\/2015\/08\/JAZZZEITUNGDE_Logo_Neu.png?resize=96%2C96&ssl=1","caption":"Redaktion JazzZeitung"},"description":"Artikel der Redaktion der JazzZeitung.","sameAs":["http:\/\/www.jazzzeitung.de\/cms\/"],"url":"https:\/\/www.jazzzeitung.de\/cms\/author\/redaktion\/"}]}},"wp-worthy-pixel":{"ignored":false,"public":null,"server":null,"url":null},"wp-worthy-type":"normal","jetpack_publicize_connections":[],"cc_featured_image_caption":{"caption_text":"","source_text":"","source_url":""},"jetpack_featured_media_url":"https:\/\/i0.wp.com\/www.jazzzeitung.de\/cms\/wp-content\/uploads\/2023\/09\/IMG_8997-scaled.jpg?fit=2560%2C1707&ssl=1","jetpack_shortlink":"https:\/\/wp.me\/p3KEcT-7OE","jetpack-related-posts":[{"id":13507,"url":"https:\/\/www.jazzzeitung.de\/cms\/2017\/09\/veranstaltungstipp-ingrid-arthur-in-oberthulba\/","url_meta":{"origin":30048,"position":0},"title":"Veranstaltungstipp: Ingrid Arthur in Oberthulba","author":"Redaktion JazzZeitung","date":"12. September 2017","format":false,"excerpt":"Ingrid Arthur, die gro\u00dfe Jazz und Blues Stimme aus Amerika ist wieder mit Ihrer\u00a0 f\u00fcnf Mann starken Groove-Formation auf der Piano-B\u00fchne in Oberthulba zu Gast. Die in Berlin lebende Amerikanerin ist weltweit on Tour , begleiten werden sie Simon Horn (Bass), JC Dook (guitar), Helmut Bruger (piano), Fuasi Abdul (sax)\u2026","rel":"","context":"In &quot;News&quot;","block_context":{"text":"News","link":"https:\/\/www.jazzzeitung.de\/cms\/thema\/nachrichten\/"},"img":{"alt_text":"","src":"https:\/\/i0.wp.com\/www.jazzzeitung.de\/cms\/wp-content\/uploads\/2017\/09\/IMG_7413-150x150.jpg?resize=350%2C200&ssl=1","width":350,"height":200},"classes":[]},{"id":31923,"url":"https:\/\/www.jazzzeitung.de\/cms\/2024\/11\/konzert-tipps-huerth-und-oberthulba-caspar-van-meel-und-kirk-smith-tracey-duncans\/","url_meta":{"origin":30048,"position":1},"title":"Konzert-Tipps: H\u00fcrth und Oberthulba &#8211; Caspar van Meel und Kirk Smith &#038; Tracey Duncans","author":"Redaktion JazzZeitung","date":"21. November 2024","format":false,"excerpt":"+++ Caspar van Meel in H\u00fcrth +++ Der Jazzclub H\u00fcrth hat am 1. Dezember 2024 ein besonderes Event in seinem gem\u00fctlichen Jazzkeller zu bieten. \u201eWir freuen uns, dass es uns gelungen ist, wieder Kultur auf hohem Niveau in H\u00fcrth zu bieten\u201c, freut sich G\u00fcnter Reiners auf den Konzertabend. Auf seinem\u2026","rel":"","context":"In &quot;News&quot;","block_context":{"text":"News","link":"https:\/\/www.jazzzeitung.de\/cms\/thema\/nachrichten\/"},"img":{"alt_text":"","src":"https:\/\/i0.wp.com\/www.jazzzeitung.de\/cms\/wp-content\/uploads\/2024\/11\/Pressefoto-2-Caspar-van-Meel-Foto-Stefan-Limburg.jpg?fit=1001%2C800&ssl=1&resize=350%2C200","width":350,"height":200,"srcset":"https:\/\/i0.wp.com\/www.jazzzeitung.de\/cms\/wp-content\/uploads\/2024\/11\/Pressefoto-2-Caspar-van-Meel-Foto-Stefan-Limburg.jpg?fit=1001%2C800&ssl=1&resize=350%2C200 1x, https:\/\/i0.wp.com\/www.jazzzeitung.de\/cms\/wp-content\/uploads\/2024\/11\/Pressefoto-2-Caspar-van-Meel-Foto-Stefan-Limburg.jpg?fit=1001%2C800&ssl=1&resize=525%2C300 1.5x, https:\/\/i0.wp.com\/www.jazzzeitung.de\/cms\/wp-content\/uploads\/2024\/11\/Pressefoto-2-Caspar-van-Meel-Foto-Stefan-Limburg.jpg?fit=1001%2C800&ssl=1&resize=700%2C400 2x"},"classes":[]},{"id":33655,"url":"https:\/\/www.jazzzeitung.de\/cms\/2026\/02\/news-deutsche-jazzunion-jazzfest-bonn-jazzclub-huerth-pianobuehne-oberthulba\/","url_meta":{"origin":30048,"position":2},"title":"+++ news +++ Deutsche Jazzunion +++ Jazzfest Bonn +++ Jazzclub H\u00fcrth +++ Pianob\u00fchne Oberthulba +++","author":"Redaktion JazzZeitung","date":"5. Februar 2026","format":false,"excerpt":"+++ Die Deutsche Jazzunion begr\u00fc\u00dft das Positionspapier des Deutschen Musikrats: Jazz und Improvisierte Musik brauchen verl\u00e4ssliche und flexible F\u00f6rderstrukturen +++ Der Deutsche Musikrat hat am 28. Januar 2026 das Positionspapier Freie Musikszene braucht verl\u00e4ssliche F\u00f6rderstrukturen ver\u00f6ffentlicht, dem sich die Deutsche Jazzunion ausdr\u00fccklich anschlie\u00dft und die darin formulierten Forderungen begr\u00fc\u00dft. Gerade\u2026","rel":"","context":"In &quot;News&quot;","block_context":{"text":"News","link":"https:\/\/www.jazzzeitung.de\/cms\/thema\/nachrichten\/"},"img":{"alt_text":"","src":"https:\/\/i0.wp.com\/www.jazzzeitung.de\/cms\/wp-content\/uploads\/2026\/02\/Will-Jacobs-Buehne-scaled.jpg?fit=1200%2C800&ssl=1&resize=350%2C200","width":350,"height":200,"srcset":"https:\/\/i0.wp.com\/www.jazzzeitung.de\/cms\/wp-content\/uploads\/2026\/02\/Will-Jacobs-Buehne-scaled.jpg?fit=1200%2C800&ssl=1&resize=350%2C200 1x, https:\/\/i0.wp.com\/www.jazzzeitung.de\/cms\/wp-content\/uploads\/2026\/02\/Will-Jacobs-Buehne-scaled.jpg?fit=1200%2C800&ssl=1&resize=525%2C300 1.5x, https:\/\/i0.wp.com\/www.jazzzeitung.de\/cms\/wp-content\/uploads\/2026\/02\/Will-Jacobs-Buehne-scaled.jpg?fit=1200%2C800&ssl=1&resize=700%2C400 2x, https:\/\/i0.wp.com\/www.jazzzeitung.de\/cms\/wp-content\/uploads\/2026\/02\/Will-Jacobs-Buehne-scaled.jpg?fit=1200%2C800&ssl=1&resize=1050%2C600 3x"},"classes":[]},{"id":18754,"url":"https:\/\/www.jazzzeitung.de\/cms\/2019\/02\/news-tamir-hendelman-trio-und-saengerin-niki-haris-auf-der-piano-buehne-in-oberthulba-urauffuehrung-in-essen-essence-of-air-vom-essen-jazz-orchestra\/","url_meta":{"origin":30048,"position":3},"title":"+++ News: +++ Tamir Hendelman-Trio und S\u00e4ngerin Niki Haris auf der Piano-B\u00fchne in Oberthulba +++Urauff\u00fchrung in Essen: \u201eEssence of Air&#8220; vom Essen Jazz Orchestra +++","author":"Redaktion JazzZeitung","date":"26. Februar 2019","format":false,"excerpt":"Soul, Blues, Funky Swing, und Jazz: Niki Haris begleitet von Tamir Hendelman in Oberthulba Am Freitag, den 29. M\u00e4rz 2019 pr\u00e4sentiert die Piano-B\u00fchne in Oberthulba das Tamir Hendelman-Trio und die US-amerikanische S\u00e4ngerin Niki Haris. Niki Haris war B\u00fchnenpartner von\u00a0 Ray Charles, Stanley Turrentine, Whitney Houston , Tom Jones,\u00a0 Madonna und\u2026","rel":"","context":"In &quot;News&quot;","block_context":{"text":"News","link":"https:\/\/www.jazzzeitung.de\/cms\/thema\/nachrichten\/"},"img":{"alt_text":"","src":"https:\/\/i0.wp.com\/www.jazzzeitung.de\/cms\/wp-content\/uploads\/2019\/02\/Beitragsbild-Niki-Haris-BW-High-Res.jpg?fit=1200%2C1188&ssl=1&resize=350%2C200","width":350,"height":200,"srcset":"https:\/\/i0.wp.com\/www.jazzzeitung.de\/cms\/wp-content\/uploads\/2019\/02\/Beitragsbild-Niki-Haris-BW-High-Res.jpg?fit=1200%2C1188&ssl=1&resize=350%2C200 1x, https:\/\/i0.wp.com\/www.jazzzeitung.de\/cms\/wp-content\/uploads\/2019\/02\/Beitragsbild-Niki-Haris-BW-High-Res.jpg?fit=1200%2C1188&ssl=1&resize=525%2C300 1.5x, https:\/\/i0.wp.com\/www.jazzzeitung.de\/cms\/wp-content\/uploads\/2019\/02\/Beitragsbild-Niki-Haris-BW-High-Res.jpg?fit=1200%2C1188&ssl=1&resize=700%2C400 2x, https:\/\/i0.wp.com\/www.jazzzeitung.de\/cms\/wp-content\/uploads\/2019\/02\/Beitragsbild-Niki-Haris-BW-High-Res.jpg?fit=1200%2C1188&ssl=1&resize=1050%2C600 3x"},"classes":[]},{"id":33477,"url":"https:\/\/www.jazzzeitung.de\/cms\/2025\/12\/piano-buehne-oberthulba-wird-25-konzert-mit-al-jones\/","url_meta":{"origin":30048,"position":4},"title":"Piano-B\u00fchne Oberthulba wird 25, Konzert mit Al Jones","author":"Redaktion JazzZeitung","date":"15. Dezember 2025","format":false,"excerpt":"(PM) Die Piano-B\u00fchne von Peter Kleinhenz wird 2026 nun 25 Jahre alt. Die Genres Jazz, Blues, Funky Soul, R&B und Comedy werden vorrangig gespielt.\u00a0Die B\u00fchne wird von Peter und Beatrix Kleinhenz mit viel Leidenschaft und Einsatz zusammen mit Verwandtschaft und angestellten Helfern betrieben. Finanziert wird sie ausschlie\u00dflich \u00fcber die Ticketpreise,\u2026","rel":"","context":"In &quot;News&quot;","block_context":{"text":"News","link":"https:\/\/www.jazzzeitung.de\/cms\/thema\/nachrichten\/"},"img":{"alt_text":"","src":"https:\/\/i0.wp.com\/www.jazzzeitung.de\/cms\/wp-content\/uploads\/2025\/12\/kleinhenz1-scaled.jpg?fit=1200%2C800&ssl=1&resize=350%2C200","width":350,"height":200,"srcset":"https:\/\/i0.wp.com\/www.jazzzeitung.de\/cms\/wp-content\/uploads\/2025\/12\/kleinhenz1-scaled.jpg?fit=1200%2C800&ssl=1&resize=350%2C200 1x, https:\/\/i0.wp.com\/www.jazzzeitung.de\/cms\/wp-content\/uploads\/2025\/12\/kleinhenz1-scaled.jpg?fit=1200%2C800&ssl=1&resize=525%2C300 1.5x, https:\/\/i0.wp.com\/www.jazzzeitung.de\/cms\/wp-content\/uploads\/2025\/12\/kleinhenz1-scaled.jpg?fit=1200%2C800&ssl=1&resize=700%2C400 2x, https:\/\/i0.wp.com\/www.jazzzeitung.de\/cms\/wp-content\/uploads\/2025\/12\/kleinhenz1-scaled.jpg?fit=1200%2C800&ssl=1&resize=1050%2C600 3x"},"classes":[]},{"id":25048,"url":"https:\/\/www.jazzzeitung.de\/cms\/2021\/06\/news-axel-zwingenberger-in-oberthulba-jazzforum-bayreuth-feiert-applaus\/","url_meta":{"origin":30048,"position":5},"title":"news +++ Konzertfinale junger M\u00fcnchner Jazzpreis +++ Axel Zwingenberger in Oberthulba +++ Jazzforum Bayreuth feiert APPLAUS +++","author":"Redaktion JazzZeitung","date":"29. Juni 2021","format":false,"excerpt":"+++ Konzertfinale junger M\u00fcnchner Jazzpreis +++ Der Junge M\u00fcnchner Jazzpreis (JMJP) wird 2020 zum achten Mal vergeben. Er ist ein F\u00f6rderpreis von \u201amucjazz \u2013 M\u00fcnchner Verein zur F\u00f6rderung von Jazz e.V.\u2018 und ist ausgeschrieben f\u00fcr Jazzmusiker(innen) bis 28 Jahre. Der JMJP lebt von der Unterst\u00fctzung von Mitgliedern und Spendern, seit\u2026","rel":"","context":"In &quot;News&quot;","block_context":{"text":"News","link":"https:\/\/www.jazzzeitung.de\/cms\/thema\/nachrichten\/"},"img":{"alt_text":"","src":"https:\/\/i0.wp.com\/www.jazzzeitung.de\/cms\/wp-content\/uploads\/2021\/06\/mangold_kulturzentrumewerk.jpg?fit=1200%2C800&ssl=1&resize=350%2C200","width":350,"height":200,"srcset":"https:\/\/i0.wp.com\/www.jazzzeitung.de\/cms\/wp-content\/uploads\/2021\/06\/mangold_kulturzentrumewerk.jpg?fit=1200%2C800&ssl=1&resize=350%2C200 1x, https:\/\/i0.wp.com\/www.jazzzeitung.de\/cms\/wp-content\/uploads\/2021\/06\/mangold_kulturzentrumewerk.jpg?fit=1200%2C800&ssl=1&resize=525%2C300 1.5x, https:\/\/i0.wp.com\/www.jazzzeitung.de\/cms\/wp-content\/uploads\/2021\/06\/mangold_kulturzentrumewerk.jpg?fit=1200%2C800&ssl=1&resize=700%2C400 2x, https:\/\/i0.wp.com\/www.jazzzeitung.de\/cms\/wp-content\/uploads\/2021\/06\/mangold_kulturzentrumewerk.jpg?fit=1200%2C800&ssl=1&resize=1050%2C600 3x"},"classes":[]}],"jetpack_sharing_enabled":true,"_links":{"self":[{"href":"https:\/\/www.jazzzeitung.de\/cms\/wp-json\/wp\/v2\/posts\/30048","targetHints":{"allow":["GET"]}}],"collection":[{"href":"https:\/\/www.jazzzeitung.de\/cms\/wp-json\/wp\/v2\/posts"}],"about":[{"href":"https:\/\/www.jazzzeitung.de\/cms\/wp-json\/wp\/v2\/types\/post"}],"author":[{"embeddable":true,"href":"https:\/\/www.jazzzeitung.de\/cms\/wp-json\/wp\/v2\/users\/18"}],"replies":[{"embeddable":true,"href":"https:\/\/www.jazzzeitung.de\/cms\/wp-json\/wp\/v2\/comments?post=30048"}],"version-history":[{"count":2,"href":"https:\/\/www.jazzzeitung.de\/cms\/wp-json\/wp\/v2\/posts\/30048\/revisions"}],"predecessor-version":[{"id":30051,"href":"https:\/\/www.jazzzeitung.de\/cms\/wp-json\/wp\/v2\/posts\/30048\/revisions\/30051"}],"wp:featuredmedia":[{"embeddable":true,"href":"https:\/\/www.jazzzeitung.de\/cms\/wp-json\/wp\/v2\/media\/30050"}],"wp:attachment":[{"href":"https:\/\/www.jazzzeitung.de\/cms\/wp-json\/wp\/v2\/media?parent=30048"}],"wp:term":[{"taxonomy":"category","embeddable":true,"href":"https:\/\/www.jazzzeitung.de\/cms\/wp-json\/wp\/v2\/categories?post=30048"},{"taxonomy":"post_tag","embeddable":true,"href":"https:\/\/www.jazzzeitung.de\/cms\/wp-json\/wp\/v2\/tags?post=30048"},{"taxonomy":"author","embeddable":true,"href":"https:\/\/www.jazzzeitung.de\/cms\/wp-json\/wp\/v2\/coauthors?post=30048"}],"curies":[{"name":"wp","href":"https:\/\/api.w.org\/{rel}","templated":true}]}}