{"id":29930,"date":"2023-08-18T09:41:58","date_gmt":"2023-08-18T07:41:58","guid":{"rendered":"https:\/\/www.jazzzeitung.de\/cms\/?p=29930"},"modified":"2023-08-17T13:42:15","modified_gmt":"2023-08-17T11:42:15","slug":"wider-die-konvention-eindruecke-vom-31-outreach-festival-in-schwaz","status":"publish","type":"post","link":"https:\/\/www.jazzzeitung.de\/cms\/2023\/08\/wider-die-konvention-eindruecke-vom-31-outreach-festival-in-schwaz\/","title":{"rendered":"Wider die Konvention: Eindr\u00fccke vom 31. Outreach Festival in Schwaz"},"content":{"rendered":"<p><strong>Auch in seiner 31. Ausgabe erwies sich das \u201eOutreach Festival\u201c im Tiroler St\u00e4dtchen Schwaz als eines der ungew\u00f6hnlichsten Jazz-Festivals Europas. Das vom von hier stammenden Trompeter Franz Hackl \u2013 der freilich seit Jahrzehnten seinen Hauptwohnsitz in New York hat \u2013 gegr\u00fcndete und nach wie vor\u00a0 gemeinsam mit dem Bassisten Clemens Rofner geleitete Festival hat seit Jahren vieles von dem vorweggenommen, was heute im Festivalbetrieb gro\u00df im Schwange ist. Und hat beim Vorausdenken partiell immer noch die Nase vorn.<\/strong><\/p>\n<h4>Vorn in Sachen Nachhaltigkeit<\/h4>\n<p>Seit jeher reisten hier viele K\u00fcnstler nicht nur zu ihrem Konzert an, sondern f\u00fcr einen l\u00e4ngeren Zeitraum. Schon wegen der dem Festival angeschlossenen \u201eAcademy\u201c, einem gro\u00dfangelegten mehrw\u00f6chiges Unterrichtsprogramm mit internationalem Lehrk\u00f6rper f\u00fcr alle Altersgruppen und Levels, das im restlichen Jahr auch online zur Verf\u00fcgung steht. Oder beim interdiziplin\u00e4ren Ansatz. Wie seit langem gab es wieder einen \u201eartist in residence\u201c aus der bildenden Kunst, diesmal der Tiroler Konzeptk\u00fcnstler Ernst Caramelle, der lange in Karlsruhe, an der Frankfurter St\u00e4delschule und in New York lehrte, hier nun neben einer Ausstellung auch das Programmheft gestaltete und das eine oder andere Konzert \u2013 wir kommen gleich darauf \u2013 tanzend begleitete.<\/p>\n<div class=\"tiled-gallery type-rectangular tiled-gallery-unresized\" data-original-width=\"840\" data-carousel-extra='{&quot;blog_id&quot;:1,&quot;permalink&quot;:&quot;https:\\\/\\\/www.jazzzeitung.de\\\/cms\\\/2023\\\/08\\\/wider-die-konvention-eindruecke-vom-31-outreach-festival-in-schwaz\\\/&quot;,&quot;likes_blog_id&quot;:55446655}' itemscope itemtype=\"http:\/\/schema.org\/ImageGallery\" > <div class=\"gallery-row\" style=\"width: 840px; height: 563px;\" data-original-width=\"840\" data-original-height=\"563\" > <div class=\"gallery-group images-1\" style=\"width: 524px; height: 563px;\" data-original-width=\"524\" data-original-height=\"563\" > <div class=\"tiled-gallery-item tiled-gallery-item-large\" itemprop=\"associatedMedia\" itemscope itemtype=\"http:\/\/schema.org\/ImageObject\"> <a href=\"https:\/\/www.jazzzeitung.de\/cms\/2023\/08\/wider-die-konvention-eindruecke-vom-31-outreach-festival-in-schwaz\/franzhackl1_oliverhochkeppel030823\/\" border=\"0\" itemprop=\"url\"> <meta itemprop=\"width\" content=\"520\"> <meta itemprop=\"height\" content=\"559\"> <img decoding=\"async\" class=\"\" data-attachment-id=\"29934\" data-orig-file=\"https:\/\/www.jazzzeitung.de\/cms\/wp-content\/uploads\/2023\/08\/FranzHackl1_OliverHochkeppel030823-scaled.jpg\" data-orig-size=\"2383,2560\" data-comments-opened=\"1\" data-image-meta=\"{&quot;aperture&quot;:&quot;5&quot;,&quot;credit&quot;:&quot;&quot;,&quot;camera&quot;:&quot;ILCE-7M3&quot;,&quot;caption&quot;:&quot;&quot;,&quot;created_timestamp&quot;:&quot;1691269199&quot;,&quot;copyright&quot;:&quot;&quot;,&quot;focal_length&quot;:&quot;70&quot;,&quot;iso&quot;:&quot;2000&quot;,&quot;shutter_speed&quot;:&quot;0.01&quot;,&quot;title&quot;:&quot;&quot;,&quot;orientation&quot;:&quot;1&quot;}\" data-image-title=\"\" data-image-description=\"\" data-medium-file=\"https:\/\/i0.wp.com\/www.jazzzeitung.de\/cms\/wp-content\/uploads\/2023\/08\/FranzHackl1_OliverHochkeppel030823-scaled.jpg?fit=279%2C300&#038;ssl=1\" data-large-file=\"https:\/\/i0.wp.com\/www.jazzzeitung.de\/cms\/wp-content\/uploads\/2023\/08\/FranzHackl1_OliverHochkeppel030823-scaled.jpg?fit=558%2C600&#038;ssl=1\" src=\"https:\/\/i0.wp.com\/www.jazzzeitung.de\/cms\/wp-content\/uploads\/2023\/08\/FranzHackl1_OliverHochkeppel030823-scaled.jpg?w=520&#038;h=559&#038;ssl=1\" srcset=\"https:\/\/i0.wp.com\/www.jazzzeitung.de\/cms\/wp-content\/uploads\/2023\/08\/FranzHackl1_OliverHochkeppel030823-scaled.jpg?w=2383&amp;ssl=1 2383w, https:\/\/i0.wp.com\/www.jazzzeitung.de\/cms\/wp-content\/uploads\/2023\/08\/FranzHackl1_OliverHochkeppel030823-scaled.jpg?resize=279%2C300&amp;ssl=1 279w, https:\/\/i0.wp.com\/www.jazzzeitung.de\/cms\/wp-content\/uploads\/2023\/08\/FranzHackl1_OliverHochkeppel030823-scaled.jpg?resize=558%2C600&amp;ssl=1 558w, https:\/\/i0.wp.com\/www.jazzzeitung.de\/cms\/wp-content\/uploads\/2023\/08\/FranzHackl1_OliverHochkeppel030823-scaled.jpg?resize=768%2C825&amp;ssl=1 768w, https:\/\/i0.wp.com\/www.jazzzeitung.de\/cms\/wp-content\/uploads\/2023\/08\/FranzHackl1_OliverHochkeppel030823-scaled.jpg?resize=1430%2C1536&amp;ssl=1 1430w, https:\/\/i0.wp.com\/www.jazzzeitung.de\/cms\/wp-content\/uploads\/2023\/08\/FranzHackl1_OliverHochkeppel030823-scaled.jpg?resize=1906%2C2048&amp;ssl=1 1906w, https:\/\/i0.wp.com\/www.jazzzeitung.de\/cms\/wp-content\/uploads\/2023\/08\/FranzHackl1_OliverHochkeppel030823-scaled.jpg?resize=1320%2C1418&amp;ssl=1 1320w, https:\/\/i0.wp.com\/www.jazzzeitung.de\/cms\/wp-content\/uploads\/2023\/08\/FranzHackl1_OliverHochkeppel030823-scaled.jpg?w=1680&amp;ssl=1 1680w\" width=\"520\" height=\"559\" loading=\"lazy\" data-original-width=\"520\" data-original-height=\"559\" itemprop=\"http:\/\/schema.org\/image\" title=\"\" alt=\"Festivalchef Franz Hackl. Foto: Oliver Hochkeppel\" style=\"width: 520px; height: 559px;\" \/> <\/a> <div class=\"tiled-gallery-caption\" itemprop=\"caption description\"> Festivalchef Franz Hackl. Foto: Oliver Hochkeppel <\/div> <\/div> <\/div> <!-- close group --> <div class=\"gallery-group images-3\" style=\"width: 316px; height: 563px;\" data-original-width=\"316\" data-original-height=\"563\" > <div class=\"tiled-gallery-item tiled-gallery-item-large\" itemprop=\"associatedMedia\" itemscope itemtype=\"http:\/\/schema.org\/ImageObject\"> <a href=\"https:\/\/www.jazzzeitung.de\/cms\/2023\/08\/wider-die-konvention-eindruecke-vom-31-outreach-festival-in-schwaz\/livemitsfestsp3_oliverhochkeppel050823\/\" border=\"0\" itemprop=\"url\"> <meta itemprop=\"width\" content=\"312\"> <meta itemprop=\"height\" content=\"178\"> <img decoding=\"async\" class=\"\" data-attachment-id=\"29935\" data-orig-file=\"https:\/\/www.jazzzeitung.de\/cms\/wp-content\/uploads\/2023\/08\/LivemitSFestsp3_OliverHochkeppel050823-scaled.jpg\" data-orig-size=\"2560,1464\" data-comments-opened=\"1\" data-image-meta=\"{&quot;aperture&quot;:&quot;4.5&quot;,&quot;credit&quot;:&quot;&quot;,&quot;camera&quot;:&quot;ILCE-7M3&quot;,&quot;caption&quot;:&quot;&quot;,&quot;created_timestamp&quot;:&quot;1691267013&quot;,&quot;copyright&quot;:&quot;&quot;,&quot;focal_length&quot;:&quot;16&quot;,&quot;iso&quot;:&quot;2000&quot;,&quot;shutter_speed&quot;:&quot;0.01&quot;,&quot;title&quot;:&quot;&quot;,&quot;orientation&quot;:&quot;1&quot;}\" data-image-title=\"\" data-image-description=\"\" data-medium-file=\"https:\/\/i0.wp.com\/www.jazzzeitung.de\/cms\/wp-content\/uploads\/2023\/08\/LivemitSFestsp3_OliverHochkeppel050823-scaled.jpg?fit=300%2C172&#038;ssl=1\" data-large-file=\"https:\/\/i0.wp.com\/www.jazzzeitung.de\/cms\/wp-content\/uploads\/2023\/08\/LivemitSFestsp3_OliverHochkeppel050823-scaled.jpg?fit=840%2C481&#038;ssl=1\" src=\"https:\/\/i0.wp.com\/www.jazzzeitung.de\/cms\/wp-content\/uploads\/2023\/08\/LivemitSFestsp3_OliverHochkeppel050823-scaled.jpg?w=312&#038;h=178&#038;ssl=1\" srcset=\"https:\/\/i0.wp.com\/www.jazzzeitung.de\/cms\/wp-content\/uploads\/2023\/08\/LivemitSFestsp3_OliverHochkeppel050823-scaled.jpg?w=2560&amp;ssl=1 2560w, https:\/\/i0.wp.com\/www.jazzzeitung.de\/cms\/wp-content\/uploads\/2023\/08\/LivemitSFestsp3_OliverHochkeppel050823-scaled.jpg?resize=300%2C172&amp;ssl=1 300w, https:\/\/i0.wp.com\/www.jazzzeitung.de\/cms\/wp-content\/uploads\/2023\/08\/LivemitSFestsp3_OliverHochkeppel050823-scaled.jpg?resize=900%2C515&amp;ssl=1 900w, https:\/\/i0.wp.com\/www.jazzzeitung.de\/cms\/wp-content\/uploads\/2023\/08\/LivemitSFestsp3_OliverHochkeppel050823-scaled.jpg?resize=768%2C439&amp;ssl=1 768w, https:\/\/i0.wp.com\/www.jazzzeitung.de\/cms\/wp-content\/uploads\/2023\/08\/LivemitSFestsp3_OliverHochkeppel050823-scaled.jpg?resize=1536%2C878&amp;ssl=1 1536w, https:\/\/i0.wp.com\/www.jazzzeitung.de\/cms\/wp-content\/uploads\/2023\/08\/LivemitSFestsp3_OliverHochkeppel050823-scaled.jpg?resize=2048%2C1171&amp;ssl=1 2048w, https:\/\/i0.wp.com\/www.jazzzeitung.de\/cms\/wp-content\/uploads\/2023\/08\/LivemitSFestsp3_OliverHochkeppel050823-scaled.jpg?resize=1320%2C755&amp;ssl=1 1320w, https:\/\/i0.wp.com\/www.jazzzeitung.de\/cms\/wp-content\/uploads\/2023\/08\/LivemitSFestsp3_OliverHochkeppel050823-scaled.jpg?w=1680&amp;ssl=1 1680w\" width=\"312\" height=\"178\" loading=\"lazy\" data-original-width=\"312\" data-original-height=\"178\" itemprop=\"http:\/\/schema.org\/image\" title=\"\" alt=\"Live mit den Salzburger Festspielen. Foto: OliverHochkeppel\" style=\"width: 312px; height: 178px;\" \/> <\/a> <div class=\"tiled-gallery-caption\" itemprop=\"caption description\"> Live mit den Salzburger Festspielen. Foto: OliverHochkeppel <\/div> <\/div> <div class=\"tiled-gallery-item tiled-gallery-item-large\" itemprop=\"associatedMedia\" itemscope itemtype=\"http:\/\/schema.org\/ImageObject\"> <a href=\"https:\/\/www.jazzzeitung.de\/cms\/2023\/08\/wider-die-konvention-eindruecke-vom-31-outreach-festival-in-schwaz\/or23schaufensterkonzerte_oliverhochkeppel040823\/\" border=\"0\" itemprop=\"url\"> <meta itemprop=\"width\" content=\"312\"> <meta itemprop=\"height\" content=\"203\"> <img decoding=\"async\" class=\"\" data-attachment-id=\"29936\" data-orig-file=\"https:\/\/www.jazzzeitung.de\/cms\/wp-content\/uploads\/2023\/08\/OR23Schaufensterkonzerte_OliverHochkeppel040823-scaled.jpg\" data-orig-size=\"2560,1667\" data-comments-opened=\"1\" data-image-meta=\"{&quot;aperture&quot;:&quot;8&quot;,&quot;credit&quot;:&quot;&quot;,&quot;camera&quot;:&quot;ILCE-7M3&quot;,&quot;caption&quot;:&quot;&quot;,&quot;created_timestamp&quot;:&quot;1691176129&quot;,&quot;copyright&quot;:&quot;&quot;,&quot;focal_length&quot;:&quot;28&quot;,&quot;iso&quot;:&quot;2000&quot;,&quot;shutter_speed&quot;:&quot;0.01&quot;,&quot;title&quot;:&quot;&quot;,&quot;orientation&quot;:&quot;1&quot;}\" data-image-title=\"\" data-image-description=\"\" data-medium-file=\"https:\/\/i0.wp.com\/www.jazzzeitung.de\/cms\/wp-content\/uploads\/2023\/08\/OR23Schaufensterkonzerte_OliverHochkeppel040823-scaled.jpg?fit=300%2C195&#038;ssl=1\" data-large-file=\"https:\/\/i0.wp.com\/www.jazzzeitung.de\/cms\/wp-content\/uploads\/2023\/08\/OR23Schaufensterkonzerte_OliverHochkeppel040823-scaled.jpg?fit=840%2C547&#038;ssl=1\" src=\"https:\/\/i0.wp.com\/www.jazzzeitung.de\/cms\/wp-content\/uploads\/2023\/08\/OR23Schaufensterkonzerte_OliverHochkeppel040823-scaled.jpg?w=312&#038;h=203&#038;ssl=1\" srcset=\"https:\/\/i0.wp.com\/www.jazzzeitung.de\/cms\/wp-content\/uploads\/2023\/08\/OR23Schaufensterkonzerte_OliverHochkeppel040823-scaled.jpg?w=2560&amp;ssl=1 2560w, https:\/\/i0.wp.com\/www.jazzzeitung.de\/cms\/wp-content\/uploads\/2023\/08\/OR23Schaufensterkonzerte_OliverHochkeppel040823-scaled.jpg?resize=300%2C195&amp;ssl=1 300w, https:\/\/i0.wp.com\/www.jazzzeitung.de\/cms\/wp-content\/uploads\/2023\/08\/OR23Schaufensterkonzerte_OliverHochkeppel040823-scaled.jpg?resize=900%2C586&amp;ssl=1 900w, https:\/\/i0.wp.com\/www.jazzzeitung.de\/cms\/wp-content\/uploads\/2023\/08\/OR23Schaufensterkonzerte_OliverHochkeppel040823-scaled.jpg?resize=768%2C500&amp;ssl=1 768w, https:\/\/i0.wp.com\/www.jazzzeitung.de\/cms\/wp-content\/uploads\/2023\/08\/OR23Schaufensterkonzerte_OliverHochkeppel040823-scaled.jpg?resize=1536%2C1000&amp;ssl=1 1536w, https:\/\/i0.wp.com\/www.jazzzeitung.de\/cms\/wp-content\/uploads\/2023\/08\/OR23Schaufensterkonzerte_OliverHochkeppel040823-scaled.jpg?resize=2048%2C1333&amp;ssl=1 2048w, https:\/\/i0.wp.com\/www.jazzzeitung.de\/cms\/wp-content\/uploads\/2023\/08\/OR23Schaufensterkonzerte_OliverHochkeppel040823-scaled.jpg?resize=1320%2C859&amp;ssl=1 1320w, https:\/\/i0.wp.com\/www.jazzzeitung.de\/cms\/wp-content\/uploads\/2023\/08\/OR23Schaufensterkonzerte_OliverHochkeppel040823-scaled.jpg?w=1680&amp;ssl=1 1680w\" width=\"312\" height=\"203\" loading=\"lazy\" data-original-width=\"312\" data-original-height=\"203\" itemprop=\"http:\/\/schema.org\/image\" title=\"\" alt=\"Schaufensterkonzerte. Foto: Oliver Hochkeppel\" style=\"width: 312px; height: 203px;\" \/> <\/a> <div class=\"tiled-gallery-caption\" itemprop=\"caption description\"> Schaufensterkonzerte. Foto: Oliver Hochkeppel <\/div> <\/div> <div class=\"tiled-gallery-item tiled-gallery-item-large\" itemprop=\"associatedMedia\" itemscope itemtype=\"http:\/\/schema.org\/ImageObject\"> <a href=\"https:\/\/www.jazzzeitung.de\/cms\/2023\/08\/wider-die-konvention-eindruecke-vom-31-outreach-festival-in-schwaz\/outrorchestra3_oliverhochkeppel040823\/\" border=\"0\" itemprop=\"url\"> <meta itemprop=\"width\" content=\"312\"> <meta itemprop=\"height\" content=\"170\"> <img decoding=\"async\" class=\"\" data-attachment-id=\"29937\" data-orig-file=\"https:\/\/www.jazzzeitung.de\/cms\/wp-content\/uploads\/2023\/08\/OutrOrchestra3_OliverHochkeppel040823-scaled.jpg\" data-orig-size=\"2560,1395\" data-comments-opened=\"1\" data-image-meta=\"{&quot;aperture&quot;:&quot;4&quot;,&quot;credit&quot;:&quot;&quot;,&quot;camera&quot;:&quot;ILCE-7M3&quot;,&quot;caption&quot;:&quot;&quot;,&quot;created_timestamp&quot;:&quot;1691180432&quot;,&quot;copyright&quot;:&quot;&quot;,&quot;focal_length&quot;:&quot;28&quot;,&quot;iso&quot;:&quot;2000&quot;,&quot;shutter_speed&quot;:&quot;0.01&quot;,&quot;title&quot;:&quot;&quot;,&quot;orientation&quot;:&quot;1&quot;}\" data-image-title=\"\" data-image-description=\"\" data-medium-file=\"https:\/\/i0.wp.com\/www.jazzzeitung.de\/cms\/wp-content\/uploads\/2023\/08\/OutrOrchestra3_OliverHochkeppel040823-scaled.jpg?fit=300%2C163&#038;ssl=1\" data-large-file=\"https:\/\/i0.wp.com\/www.jazzzeitung.de\/cms\/wp-content\/uploads\/2023\/08\/OutrOrchestra3_OliverHochkeppel040823-scaled.jpg?fit=840%2C457&#038;ssl=1\" src=\"https:\/\/i0.wp.com\/www.jazzzeitung.de\/cms\/wp-content\/uploads\/2023\/08\/OutrOrchestra3_OliverHochkeppel040823-scaled.jpg?w=312&#038;h=170&#038;ssl=1\" srcset=\"https:\/\/i0.wp.com\/www.jazzzeitung.de\/cms\/wp-content\/uploads\/2023\/08\/OutrOrchestra3_OliverHochkeppel040823-scaled.jpg?w=2560&amp;ssl=1 2560w, https:\/\/i0.wp.com\/www.jazzzeitung.de\/cms\/wp-content\/uploads\/2023\/08\/OutrOrchestra3_OliverHochkeppel040823-scaled.jpg?resize=300%2C163&amp;ssl=1 300w, https:\/\/i0.wp.com\/www.jazzzeitung.de\/cms\/wp-content\/uploads\/2023\/08\/OutrOrchestra3_OliverHochkeppel040823-scaled.jpg?resize=900%2C490&amp;ssl=1 900w, https:\/\/i0.wp.com\/www.jazzzeitung.de\/cms\/wp-content\/uploads\/2023\/08\/OutrOrchestra3_OliverHochkeppel040823-scaled.jpg?resize=768%2C419&amp;ssl=1 768w, https:\/\/i0.wp.com\/www.jazzzeitung.de\/cms\/wp-content\/uploads\/2023\/08\/OutrOrchestra3_OliverHochkeppel040823-scaled.jpg?resize=1536%2C837&amp;ssl=1 1536w, https:\/\/i0.wp.com\/www.jazzzeitung.de\/cms\/wp-content\/uploads\/2023\/08\/OutrOrchestra3_OliverHochkeppel040823-scaled.jpg?resize=2048%2C1116&amp;ssl=1 2048w, https:\/\/i0.wp.com\/www.jazzzeitung.de\/cms\/wp-content\/uploads\/2023\/08\/OutrOrchestra3_OliverHochkeppel040823-scaled.jpg?resize=1320%2C719&amp;ssl=1 1320w, https:\/\/i0.wp.com\/www.jazzzeitung.de\/cms\/wp-content\/uploads\/2023\/08\/OutrOrchestra3_OliverHochkeppel040823-scaled.jpg?w=1680&amp;ssl=1 1680w\" width=\"312\" height=\"170\" loading=\"lazy\" data-original-width=\"312\" data-original-height=\"170\" itemprop=\"http:\/\/schema.org\/image\" title=\"\" alt=\"Outreach Orchestra. Foto: Oliver Hochkeppel\" style=\"width: 312px; height: 170px;\" \/> <\/a> <div class=\"tiled-gallery-caption\" itemprop=\"caption description\"> Outreach Orchestra. Foto: Oliver Hochkeppel <\/div> <\/div> <\/div> <!-- close group --> <\/div> <!-- close row --> <\/div>\n<p>Oder beim experimentellen Mut, wie er sich unter anderem in den \u2013 nicht immer sinnvoll in Bezug stehenden \u2013 Textbeitr\u00e4gen der Schauspielerin Antonia Moretti, im Echtzeit-Videokonferenz-Konzert mit bei den Salzburger Festspielen weilenden Kollegen oder im auf audio-visuellen Ged\u00e4chtniskonzert f\u00fcr den verstorbenen Galeristen und langj\u00e4hrigen Festival-Freund Hans Unterlechner niederschlug. Schlie\u00dflich auch, was das Storytelling angeht, wie man heute so gerne sagt. Outreach gibt sich auch schon seit langem ein Motto. Hackl packte da heuer gleich drei Themen ineinander: \u201eIcons Of Unorthodoxy: Unified By Diversity \u2013 Unexpected Kindness\u201c. Vielleicht ein bisschen viel auf einmal, doch nahm das musikalische Programm dies auf die eine oder andere Art immer auf.<\/p>\n<h4><strong>Neuartige Pr\u00e4sentation <\/strong><\/h4>\n<p>Was sich w\u00e4hrend Corona aus der Not ergeben hatte, dann als spannende Innovation erwies, hat Hackl beibehalten: Es gibt keinen konventionellen Ablauf mehrerer Konzerte, die drei Ensembles jedes Abends stehen im exzellenten Konzertsaal des SZentrums gleichzeitig auf der B\u00fchne und spielen abwechselnd drei kurze Sets. Der fr\u00fcher eher stiefm\u00fctterlich beachtete erste Act hat seinen eigenen Raum bekommen, als \u00fcber eine ganze Woche gestreute Schaufensterkonzerte in der Hackl\u2019schen Trompetenmanufaktur in H\u00f6rweite auf der anderen Innseite. Dort hat damit gleichzeitig die junge Tiroler Szene ihre eigene Plattform bekommen.<\/p>\n<div class=\"tiled-gallery type-rectangular tiled-gallery-unresized\" data-original-width=\"840\" data-carousel-extra='{&quot;blog_id&quot;:1,&quot;permalink&quot;:&quot;https:\\\/\\\/www.jazzzeitung.de\\\/cms\\\/2023\\\/08\\\/wider-die-konvention-eindruecke-vom-31-outreach-festival-in-schwaz\\\/&quot;,&quot;likes_blog_id&quot;:55446655}' itemscope itemtype=\"http:\/\/schema.org\/ImageGallery\" > <div class=\"gallery-row\" style=\"width: 840px; height: 177px;\" data-original-width=\"840\" data-original-height=\"177\" > <div class=\"gallery-group images-1\" style=\"width: 237px; height: 177px;\" data-original-width=\"237\" data-original-height=\"177\" > <div class=\"tiled-gallery-item tiled-gallery-item-small\" itemprop=\"associatedMedia\" itemscope itemtype=\"http:\/\/schema.org\/ImageObject\"> <a href=\"https:\/\/www.jazzzeitung.de\/cms\/2023\/08\/wider-die-konvention-eindruecke-vom-31-outreach-festival-in-schwaz\/leonhardskorupa1_oliverhochkeppel050823\/\" border=\"0\" itemprop=\"url\"> <meta itemprop=\"width\" content=\"233\"> <meta itemprop=\"height\" content=\"173\"> <img decoding=\"async\" class=\"\" data-attachment-id=\"29939\" data-orig-file=\"https:\/\/www.jazzzeitung.de\/cms\/wp-content\/uploads\/2023\/08\/LeonhardSkorupa1_OliverHochkeppel050823-scaled.jpg\" data-orig-size=\"2560,1901\" data-comments-opened=\"1\" data-image-meta=\"{&quot;aperture&quot;:&quot;4&quot;,&quot;credit&quot;:&quot;&quot;,&quot;camera&quot;:&quot;ILCE-7M3&quot;,&quot;caption&quot;:&quot;&quot;,&quot;created_timestamp&quot;:&quot;1691183257&quot;,&quot;copyright&quot;:&quot;&quot;,&quot;focal_length&quot;:&quot;85&quot;,&quot;iso&quot;:&quot;2000&quot;,&quot;shutter_speed&quot;:&quot;0.01&quot;,&quot;title&quot;:&quot;&quot;,&quot;orientation&quot;:&quot;1&quot;}\" data-image-title=\"\" data-image-description=\"\" data-medium-file=\"https:\/\/i0.wp.com\/www.jazzzeitung.de\/cms\/wp-content\/uploads\/2023\/08\/LeonhardSkorupa1_OliverHochkeppel050823-scaled.jpg?fit=300%2C223&#038;ssl=1\" data-large-file=\"https:\/\/i0.wp.com\/www.jazzzeitung.de\/cms\/wp-content\/uploads\/2023\/08\/LeonhardSkorupa1_OliverHochkeppel050823-scaled.jpg?fit=808%2C600&#038;ssl=1\" src=\"https:\/\/i0.wp.com\/www.jazzzeitung.de\/cms\/wp-content\/uploads\/2023\/08\/LeonhardSkorupa1_OliverHochkeppel050823-scaled.jpg?w=233&#038;h=173&#038;ssl=1\" srcset=\"https:\/\/i0.wp.com\/www.jazzzeitung.de\/cms\/wp-content\/uploads\/2023\/08\/LeonhardSkorupa1_OliverHochkeppel050823-scaled.jpg?w=2560&amp;ssl=1 2560w, https:\/\/i0.wp.com\/www.jazzzeitung.de\/cms\/wp-content\/uploads\/2023\/08\/LeonhardSkorupa1_OliverHochkeppel050823-scaled.jpg?resize=300%2C223&amp;ssl=1 300w, https:\/\/i0.wp.com\/www.jazzzeitung.de\/cms\/wp-content\/uploads\/2023\/08\/LeonhardSkorupa1_OliverHochkeppel050823-scaled.jpg?resize=808%2C600&amp;ssl=1 808w, https:\/\/i0.wp.com\/www.jazzzeitung.de\/cms\/wp-content\/uploads\/2023\/08\/LeonhardSkorupa1_OliverHochkeppel050823-scaled.jpg?resize=768%2C570&amp;ssl=1 768w, https:\/\/i0.wp.com\/www.jazzzeitung.de\/cms\/wp-content\/uploads\/2023\/08\/LeonhardSkorupa1_OliverHochkeppel050823-scaled.jpg?resize=1536%2C1141&amp;ssl=1 1536w, https:\/\/i0.wp.com\/www.jazzzeitung.de\/cms\/wp-content\/uploads\/2023\/08\/LeonhardSkorupa1_OliverHochkeppel050823-scaled.jpg?resize=2048%2C1521&amp;ssl=1 2048w, https:\/\/i0.wp.com\/www.jazzzeitung.de\/cms\/wp-content\/uploads\/2023\/08\/LeonhardSkorupa1_OliverHochkeppel050823-scaled.jpg?resize=1320%2C980&amp;ssl=1 1320w, https:\/\/i0.wp.com\/www.jazzzeitung.de\/cms\/wp-content\/uploads\/2023\/08\/LeonhardSkorupa1_OliverHochkeppel050823-scaled.jpg?w=1680&amp;ssl=1 1680w\" width=\"233\" height=\"173\" loading=\"lazy\" data-original-width=\"233\" data-original-height=\"173\" itemprop=\"http:\/\/schema.org\/image\" title=\"\" alt=\"Leonhard Skorupa. Foto: Oliver Hochkeppel\" style=\"width: 233px; height: 173px;\" \/> <\/a> <div class=\"tiled-gallery-caption\" itemprop=\"caption description\"> Leonhard Skorupa. Foto: Oliver Hochkeppel <\/div> <\/div> <\/div> <!-- close group --> <div class=\"gallery-group images-1\" style=\"width: 247px; height: 177px;\" data-original-width=\"247\" data-original-height=\"177\" > <div class=\"tiled-gallery-item tiled-gallery-item-small\" itemprop=\"associatedMedia\" itemscope itemtype=\"http:\/\/schema.org\/ImageObject\"> <a href=\"https:\/\/www.jazzzeitung.de\/cms\/2023\/08\/wider-die-konvention-eindruecke-vom-31-outreach-festival-in-schwaz\/anjaom1_oliverhochkeppel030823\/\" border=\"0\" itemprop=\"url\"> <meta itemprop=\"width\" content=\"243\"> <meta itemprop=\"height\" content=\"173\"> <img decoding=\"async\" class=\"\" data-attachment-id=\"29940\" data-orig-file=\"https:\/\/www.jazzzeitung.de\/cms\/wp-content\/uploads\/2023\/08\/AnjaOm1_OliverHochkeppel030823-scaled.jpg\" data-orig-size=\"2560,1818\" data-comments-opened=\"1\" data-image-meta=\"{&quot;aperture&quot;:&quot;10&quot;,&quot;credit&quot;:&quot;&quot;,&quot;camera&quot;:&quot;ILCE-7M3&quot;,&quot;caption&quot;:&quot;&quot;,&quot;created_timestamp&quot;:&quot;1691096122&quot;,&quot;copyright&quot;:&quot;&quot;,&quot;focal_length&quot;:&quot;85&quot;,&quot;iso&quot;:&quot;5000&quot;,&quot;shutter_speed&quot;:&quot;0.016666666666667&quot;,&quot;title&quot;:&quot;&quot;,&quot;orientation&quot;:&quot;1&quot;}\" data-image-title=\"\" data-image-description=\"\" data-medium-file=\"https:\/\/i0.wp.com\/www.jazzzeitung.de\/cms\/wp-content\/uploads\/2023\/08\/AnjaOm1_OliverHochkeppel030823-scaled.jpg?fit=300%2C213&#038;ssl=1\" data-large-file=\"https:\/\/i0.wp.com\/www.jazzzeitung.de\/cms\/wp-content\/uploads\/2023\/08\/AnjaOm1_OliverHochkeppel030823-scaled.jpg?fit=840%2C596&#038;ssl=1\" src=\"https:\/\/i0.wp.com\/www.jazzzeitung.de\/cms\/wp-content\/uploads\/2023\/08\/AnjaOm1_OliverHochkeppel030823-scaled.jpg?w=243&#038;h=173&#038;ssl=1\" srcset=\"https:\/\/i0.wp.com\/www.jazzzeitung.de\/cms\/wp-content\/uploads\/2023\/08\/AnjaOm1_OliverHochkeppel030823-scaled.jpg?w=2560&amp;ssl=1 2560w, https:\/\/i0.wp.com\/www.jazzzeitung.de\/cms\/wp-content\/uploads\/2023\/08\/AnjaOm1_OliverHochkeppel030823-scaled.jpg?resize=300%2C213&amp;ssl=1 300w, https:\/\/i0.wp.com\/www.jazzzeitung.de\/cms\/wp-content\/uploads\/2023\/08\/AnjaOm1_OliverHochkeppel030823-scaled.jpg?resize=845%2C600&amp;ssl=1 845w, https:\/\/i0.wp.com\/www.jazzzeitung.de\/cms\/wp-content\/uploads\/2023\/08\/AnjaOm1_OliverHochkeppel030823-scaled.jpg?resize=768%2C546&amp;ssl=1 768w, https:\/\/i0.wp.com\/www.jazzzeitung.de\/cms\/wp-content\/uploads\/2023\/08\/AnjaOm1_OliverHochkeppel030823-scaled.jpg?resize=1536%2C1091&amp;ssl=1 1536w, https:\/\/i0.wp.com\/www.jazzzeitung.de\/cms\/wp-content\/uploads\/2023\/08\/AnjaOm1_OliverHochkeppel030823-scaled.jpg?resize=2048%2C1455&amp;ssl=1 2048w, https:\/\/i0.wp.com\/www.jazzzeitung.de\/cms\/wp-content\/uploads\/2023\/08\/AnjaOm1_OliverHochkeppel030823-scaled.jpg?resize=1320%2C938&amp;ssl=1 1320w, https:\/\/i0.wp.com\/www.jazzzeitung.de\/cms\/wp-content\/uploads\/2023\/08\/AnjaOm1_OliverHochkeppel030823-scaled.jpg?w=1680&amp;ssl=1 1680w\" width=\"243\" height=\"173\" loading=\"lazy\" data-original-width=\"243\" data-original-height=\"173\" itemprop=\"http:\/\/schema.org\/image\" title=\"\" alt=\"Anja Om. Foto: Oliver Hochkeppel\" style=\"width: 243px; height: 173px;\" \/> <\/a> <div class=\"tiled-gallery-caption\" itemprop=\"caption description\"> Anja Om. Foto: Oliver Hochkeppel <\/div> <\/div> <\/div> <!-- close group --> <div class=\"gallery-group images-1\" style=\"width: 121px; height: 177px;\" data-original-width=\"121\" data-original-height=\"177\" > <div class=\"tiled-gallery-item tiled-gallery-item-small\" itemprop=\"associatedMedia\" itemscope itemtype=\"http:\/\/schema.org\/ImageObject\"> <a href=\"https:\/\/www.jazzzeitung.de\/cms\/2023\/08\/wider-die-konvention-eindruecke-vom-31-outreach-festival-in-schwaz\/laurajurd1_oliverhochkeppel030823\/\" border=\"0\" itemprop=\"url\"> <meta itemprop=\"width\" content=\"117\"> <meta itemprop=\"height\" content=\"173\"> <img decoding=\"async\" class=\"\" data-attachment-id=\"29941\" data-orig-file=\"https:\/\/www.jazzzeitung.de\/cms\/wp-content\/uploads\/2023\/08\/LauraJurd1_OliverHochkeppel030823-scaled.jpg\" data-orig-size=\"1726,2560\" data-comments-opened=\"1\" data-image-meta=\"{&quot;aperture&quot;:&quot;8&quot;,&quot;credit&quot;:&quot;&quot;,&quot;camera&quot;:&quot;ILCE-7M3&quot;,&quot;caption&quot;:&quot;&quot;,&quot;created_timestamp&quot;:&quot;1691102479&quot;,&quot;copyright&quot;:&quot;&quot;,&quot;focal_length&quot;:&quot;85&quot;,&quot;iso&quot;:&quot;5000&quot;,&quot;shutter_speed&quot;:&quot;0.016666666666667&quot;,&quot;title&quot;:&quot;&quot;,&quot;orientation&quot;:&quot;1&quot;}\" data-image-title=\"\" data-image-description=\"\" data-medium-file=\"https:\/\/i0.wp.com\/www.jazzzeitung.de\/cms\/wp-content\/uploads\/2023\/08\/LauraJurd1_OliverHochkeppel030823-scaled.jpg?fit=202%2C300&#038;ssl=1\" data-large-file=\"https:\/\/i0.wp.com\/www.jazzzeitung.de\/cms\/wp-content\/uploads\/2023\/08\/LauraJurd1_OliverHochkeppel030823-scaled.jpg?fit=404%2C600&#038;ssl=1\" src=\"https:\/\/i0.wp.com\/www.jazzzeitung.de\/cms\/wp-content\/uploads\/2023\/08\/LauraJurd1_OliverHochkeppel030823-scaled.jpg?w=117&#038;h=173&#038;ssl=1\" srcset=\"https:\/\/i0.wp.com\/www.jazzzeitung.de\/cms\/wp-content\/uploads\/2023\/08\/LauraJurd1_OliverHochkeppel030823-scaled.jpg?w=1726&amp;ssl=1 1726w, https:\/\/i0.wp.com\/www.jazzzeitung.de\/cms\/wp-content\/uploads\/2023\/08\/LauraJurd1_OliverHochkeppel030823-scaled.jpg?resize=202%2C300&amp;ssl=1 202w, https:\/\/i0.wp.com\/www.jazzzeitung.de\/cms\/wp-content\/uploads\/2023\/08\/LauraJurd1_OliverHochkeppel030823-scaled.jpg?resize=404%2C600&amp;ssl=1 404w, https:\/\/i0.wp.com\/www.jazzzeitung.de\/cms\/wp-content\/uploads\/2023\/08\/LauraJurd1_OliverHochkeppel030823-scaled.jpg?resize=768%2C1139&amp;ssl=1 768w, https:\/\/i0.wp.com\/www.jazzzeitung.de\/cms\/wp-content\/uploads\/2023\/08\/LauraJurd1_OliverHochkeppel030823-scaled.jpg?resize=1035%2C1536&amp;ssl=1 1035w, https:\/\/i0.wp.com\/www.jazzzeitung.de\/cms\/wp-content\/uploads\/2023\/08\/LauraJurd1_OliverHochkeppel030823-scaled.jpg?resize=1381%2C2048&amp;ssl=1 1381w, https:\/\/i0.wp.com\/www.jazzzeitung.de\/cms\/wp-content\/uploads\/2023\/08\/LauraJurd1_OliverHochkeppel030823-scaled.jpg?resize=1320%2C1958&amp;ssl=1 1320w\" width=\"117\" height=\"173\" loading=\"lazy\" data-original-width=\"117\" data-original-height=\"173\" itemprop=\"http:\/\/schema.org\/image\" title=\"\" alt=\"Laura Jurd. Foto: Oliver Hochkeppel\" style=\"width: 117px; height: 173px;\" \/> <\/a> <div class=\"tiled-gallery-caption\" itemprop=\"caption description\"> Laura Jurd. Foto: Oliver Hochkeppel <\/div> <\/div> <\/div> <!-- close group --> <div class=\"gallery-group images-1\" style=\"width: 235px; height: 177px;\" data-original-width=\"235\" data-original-height=\"177\" > <div class=\"tiled-gallery-item tiled-gallery-item-small\" itemprop=\"associatedMedia\" itemscope itemtype=\"http:\/\/schema.org\/ImageObject\"> <a href=\"https:\/\/www.jazzzeitung.de\/cms\/2023\/08\/wider-die-konvention-eindruecke-vom-31-outreach-festival-in-schwaz\/leobetzl2_oliverhochkeppel030823\/\" border=\"0\" itemprop=\"url\"> <meta itemprop=\"width\" content=\"231\"> <meta itemprop=\"height\" content=\"173\"> <img decoding=\"async\" class=\"\" data-attachment-id=\"29942\" data-orig-file=\"https:\/\/www.jazzzeitung.de\/cms\/wp-content\/uploads\/2023\/08\/LeoBetzl2_OliverHochkeppel030823-scaled.jpg\" data-orig-size=\"2560,1917\" data-comments-opened=\"1\" data-image-meta=\"{&quot;aperture&quot;:&quot;5&quot;,&quot;credit&quot;:&quot;&quot;,&quot;camera&quot;:&quot;ILCE-7M3&quot;,&quot;caption&quot;:&quot;&quot;,&quot;created_timestamp&quot;:&quot;1691270240&quot;,&quot;copyright&quot;:&quot;&quot;,&quot;focal_length&quot;:&quot;85&quot;,&quot;iso&quot;:&quot;2000&quot;,&quot;shutter_speed&quot;:&quot;0.01&quot;,&quot;title&quot;:&quot;&quot;,&quot;orientation&quot;:&quot;1&quot;}\" data-image-title=\"\" data-image-description=\"\" data-medium-file=\"https:\/\/i0.wp.com\/www.jazzzeitung.de\/cms\/wp-content\/uploads\/2023\/08\/LeoBetzl2_OliverHochkeppel030823-scaled.jpg?fit=300%2C225&#038;ssl=1\" data-large-file=\"https:\/\/i0.wp.com\/www.jazzzeitung.de\/cms\/wp-content\/uploads\/2023\/08\/LeoBetzl2_OliverHochkeppel030823-scaled.jpg?fit=801%2C600&#038;ssl=1\" src=\"https:\/\/i0.wp.com\/www.jazzzeitung.de\/cms\/wp-content\/uploads\/2023\/08\/LeoBetzl2_OliverHochkeppel030823-scaled.jpg?w=231&#038;h=173&#038;ssl=1\" srcset=\"https:\/\/i0.wp.com\/www.jazzzeitung.de\/cms\/wp-content\/uploads\/2023\/08\/LeoBetzl2_OliverHochkeppel030823-scaled.jpg?w=2560&amp;ssl=1 2560w, https:\/\/i0.wp.com\/www.jazzzeitung.de\/cms\/wp-content\/uploads\/2023\/08\/LeoBetzl2_OliverHochkeppel030823-scaled.jpg?resize=300%2C225&amp;ssl=1 300w, https:\/\/i0.wp.com\/www.jazzzeitung.de\/cms\/wp-content\/uploads\/2023\/08\/LeoBetzl2_OliverHochkeppel030823-scaled.jpg?resize=801%2C600&amp;ssl=1 801w, https:\/\/i0.wp.com\/www.jazzzeitung.de\/cms\/wp-content\/uploads\/2023\/08\/LeoBetzl2_OliverHochkeppel030823-scaled.jpg?resize=768%2C575&amp;ssl=1 768w, https:\/\/i0.wp.com\/www.jazzzeitung.de\/cms\/wp-content\/uploads\/2023\/08\/LeoBetzl2_OliverHochkeppel030823-scaled.jpg?resize=1536%2C1150&amp;ssl=1 1536w, https:\/\/i0.wp.com\/www.jazzzeitung.de\/cms\/wp-content\/uploads\/2023\/08\/LeoBetzl2_OliverHochkeppel030823-scaled.jpg?resize=2048%2C1534&amp;ssl=1 2048w, https:\/\/i0.wp.com\/www.jazzzeitung.de\/cms\/wp-content\/uploads\/2023\/08\/LeoBetzl2_OliverHochkeppel030823-scaled.jpg?resize=1320%2C988&amp;ssl=1 1320w, https:\/\/i0.wp.com\/www.jazzzeitung.de\/cms\/wp-content\/uploads\/2023\/08\/LeoBetzl2_OliverHochkeppel030823-scaled.jpg?w=1680&amp;ssl=1 1680w\" width=\"231\" height=\"173\" loading=\"lazy\" data-original-width=\"231\" data-original-height=\"173\" itemprop=\"http:\/\/schema.org\/image\" title=\"\" alt=\"Leo Betzl. Foto: Oliver Hochkeppel\" style=\"width: 231px; height: 173px;\" \/> <\/a> <div class=\"tiled-gallery-caption\" itemprop=\"caption description\"> Leo Betzl. Foto: Oliver Hochkeppel <\/div> <\/div> <\/div> <!-- close group --> <\/div> <!-- close row --> <\/div>\n<p>Jede Medaille hat nat\u00fcrlich ihre zwei Seiten. Das Drei-Bands-auf-einer-B\u00fchne-Format erzeugt im besten Fall \u00fcberraschende B\u00f6gen und neue musikalische Bez\u00fcge. So wie am ersten Abend mit einer spannenden Reise von Wien \u00fcber London in die USA. Wo die Wiener S\u00e4ngerin Anja Obermeier alias Anja Om ihr Deb\u00fctprogramm \u201eEgocentric Vision\u201c \u2013 was schon im Format mit einem Damenchor alles andere als egozentrisch ist &#8211; pr\u00e4sentierte, das spannend, aber noch ausbauf\u00e4hig ist: Vielleicht sollte sie sich noch mehr weg vom Instrumentalen uns solistischen trauen, mehr hin zu einen A-Cappella-Experimenten. Was jedenfalls interessant mit dem neuen Quartett der v\u00f6llig zu Recht aufstrebenden Londoner Trompeterin Laura Jurd korrespondierte. Mit den bew\u00e4hrten Aktivposten der britischen Szene James Kitchman an der Gitarre, Tom Herbert am E-Bass und Corrie Dick am Schlagzeug ergab das ein im besten Sinne \u201efertiges\u201c, mitrei\u00dfendes, sehr englisches musikalisches Konzept. Wovon das Quartett des als Veranstalter (\u201eInnt\u00f6ne\u201c) und Mensch noch mehr als als Posaunist gl\u00e4nzenden Paul Zauner profitierte, das mit seinem eher konventionell amerikanischen Programm, veredelt immerhin durch den ehemaligen Stan-Getz-Schlagzeuger Victor Jones, hier als Ruhepol fungieren konnte.<\/p>\n<h4>Outreach-Orchestra und Allstar-Quartett<\/h4>\n<p>Kaum weniger abwechslungs- und doch beziehungsreich der zweite Abend mit dem dynamisch-\u00fcberraschenden <em>Sketchbook-<\/em>Quartett des gro\u00dfartigen Saxofonisten Leonhard Skorupa aus \u00d6sterreich, dem mit Recht bereits als neues junges Allstar-Truppe gefeierten Quartett des Pianisten Luca Zambito aus M\u00fcnchen und Hackls traditionell mitmischendem, international besetzten, und mit seiner Blechblas-Tiefton-Wucht begeisternden <em>Outreach Orchestra<\/em>.<\/p>\n<div class=\"tiled-gallery type-rectangular tiled-gallery-unresized\" data-original-width=\"840\" data-carousel-extra='{&quot;blog_id&quot;:1,&quot;permalink&quot;:&quot;https:\\\/\\\/www.jazzzeitung.de\\\/cms\\\/2023\\\/08\\\/wider-die-konvention-eindruecke-vom-31-outreach-festival-in-schwaz\\\/&quot;,&quot;likes_blog_id&quot;:55446655}' itemscope itemtype=\"http:\/\/schema.org\/ImageGallery\" > <div class=\"gallery-row\" style=\"width: 840px; height: 184px;\" data-original-width=\"840\" data-original-height=\"184\" > <div class=\"gallery-group images-1\" style=\"width: 258px; height: 184px;\" data-original-width=\"258\" data-original-height=\"184\" > <div class=\"tiled-gallery-item tiled-gallery-item-large\" itemprop=\"associatedMedia\" itemscope itemtype=\"http:\/\/schema.org\/ImageObject\"> <a href=\"https:\/\/www.jazzzeitung.de\/cms\/2023\/08\/wider-die-konvention-eindruecke-vom-31-outreach-festival-in-schwaz\/lucazambito1_oliverhochkeppel040823\/\" border=\"0\" itemprop=\"url\"> <meta itemprop=\"width\" content=\"254\"> <meta itemprop=\"height\" content=\"180\"> <img decoding=\"async\" class=\"\" data-attachment-id=\"29943\" data-orig-file=\"https:\/\/www.jazzzeitung.de\/cms\/wp-content\/uploads\/2023\/08\/LucaZambito1_OliverHochkeppel040823-scaled.jpg\" data-orig-size=\"2560,1818\" data-comments-opened=\"1\" data-image-meta=\"{&quot;aperture&quot;:&quot;4&quot;,&quot;credit&quot;:&quot;&quot;,&quot;camera&quot;:&quot;ILCE-7M3&quot;,&quot;caption&quot;:&quot;&quot;,&quot;created_timestamp&quot;:&quot;1691181839&quot;,&quot;copyright&quot;:&quot;&quot;,&quot;focal_length&quot;:&quot;85&quot;,&quot;iso&quot;:&quot;2000&quot;,&quot;shutter_speed&quot;:&quot;0.0125&quot;,&quot;title&quot;:&quot;&quot;,&quot;orientation&quot;:&quot;1&quot;}\" data-image-title=\"\" data-image-description=\"\" data-medium-file=\"https:\/\/i0.wp.com\/www.jazzzeitung.de\/cms\/wp-content\/uploads\/2023\/08\/LucaZambito1_OliverHochkeppel040823-scaled.jpg?fit=300%2C213&#038;ssl=1\" data-large-file=\"https:\/\/i0.wp.com\/www.jazzzeitung.de\/cms\/wp-content\/uploads\/2023\/08\/LucaZambito1_OliverHochkeppel040823-scaled.jpg?fit=840%2C596&#038;ssl=1\" src=\"https:\/\/i0.wp.com\/www.jazzzeitung.de\/cms\/wp-content\/uploads\/2023\/08\/LucaZambito1_OliverHochkeppel040823-scaled.jpg?w=254&#038;h=180&#038;ssl=1\" srcset=\"https:\/\/i0.wp.com\/www.jazzzeitung.de\/cms\/wp-content\/uploads\/2023\/08\/LucaZambito1_OliverHochkeppel040823-scaled.jpg?w=2560&amp;ssl=1 2560w, https:\/\/i0.wp.com\/www.jazzzeitung.de\/cms\/wp-content\/uploads\/2023\/08\/LucaZambito1_OliverHochkeppel040823-scaled.jpg?resize=300%2C213&amp;ssl=1 300w, https:\/\/i0.wp.com\/www.jazzzeitung.de\/cms\/wp-content\/uploads\/2023\/08\/LucaZambito1_OliverHochkeppel040823-scaled.jpg?resize=845%2C600&amp;ssl=1 845w, https:\/\/i0.wp.com\/www.jazzzeitung.de\/cms\/wp-content\/uploads\/2023\/08\/LucaZambito1_OliverHochkeppel040823-scaled.jpg?resize=768%2C546&amp;ssl=1 768w, https:\/\/i0.wp.com\/www.jazzzeitung.de\/cms\/wp-content\/uploads\/2023\/08\/LucaZambito1_OliverHochkeppel040823-scaled.jpg?resize=1536%2C1091&amp;ssl=1 1536w, https:\/\/i0.wp.com\/www.jazzzeitung.de\/cms\/wp-content\/uploads\/2023\/08\/LucaZambito1_OliverHochkeppel040823-scaled.jpg?resize=2048%2C1455&amp;ssl=1 2048w, https:\/\/i0.wp.com\/www.jazzzeitung.de\/cms\/wp-content\/uploads\/2023\/08\/LucaZambito1_OliverHochkeppel040823-scaled.jpg?resize=1320%2C938&amp;ssl=1 1320w, https:\/\/i0.wp.com\/www.jazzzeitung.de\/cms\/wp-content\/uploads\/2023\/08\/LucaZambito1_OliverHochkeppel040823-scaled.jpg?w=1680&amp;ssl=1 1680w\" width=\"254\" height=\"180\" loading=\"lazy\" data-original-width=\"254\" data-original-height=\"180\" itemprop=\"http:\/\/schema.org\/image\" title=\"\" alt=\"Luca Zambito. Foto: Oliver Hochkeppel\" style=\"width: 254px; height: 180px;\" \/> <\/a> <div class=\"tiled-gallery-caption\" itemprop=\"caption description\"> Luca Zambito. Foto: Oliver Hochkeppel <\/div> <\/div> <\/div> <!-- close group --> <div class=\"gallery-group images-1\" style=\"width: 112px; height: 184px;\" data-original-width=\"112\" data-original-height=\"184\" > <div class=\"tiled-gallery-item tiled-gallery-item-small\" itemprop=\"associatedMedia\" itemscope itemtype=\"http:\/\/schema.org\/ImageObject\"> <a href=\"https:\/\/www.jazzzeitung.de\/cms\/2023\/08\/wider-die-konvention-eindruecke-vom-31-outreach-festival-in-schwaz\/maxihirning2_oliverhochkeppel050823\/\" border=\"0\" itemprop=\"url\"> <meta itemprop=\"width\" content=\"108\"> <meta itemprop=\"height\" content=\"180\"> <img decoding=\"async\" class=\"\" data-attachment-id=\"29944\" data-orig-file=\"https:\/\/www.jazzzeitung.de\/cms\/wp-content\/uploads\/2023\/08\/MaxiHirning2_OliverHochkeppel050823-scaled.jpg\" data-orig-size=\"1528,2560\" data-comments-opened=\"1\" data-image-meta=\"{&quot;aperture&quot;:&quot;5&quot;,&quot;credit&quot;:&quot;&quot;,&quot;camera&quot;:&quot;ILCE-7M3&quot;,&quot;caption&quot;:&quot;&quot;,&quot;created_timestamp&quot;:&quot;1691270306&quot;,&quot;copyright&quot;:&quot;&quot;,&quot;focal_length&quot;:&quot;85&quot;,&quot;iso&quot;:&quot;2000&quot;,&quot;shutter_speed&quot;:&quot;0.01&quot;,&quot;title&quot;:&quot;&quot;,&quot;orientation&quot;:&quot;1&quot;}\" data-image-title=\"\" data-image-description=\"\" data-medium-file=\"https:\/\/i0.wp.com\/www.jazzzeitung.de\/cms\/wp-content\/uploads\/2023\/08\/MaxiHirning2_OliverHochkeppel050823-scaled.jpg?fit=179%2C300&#038;ssl=1\" data-large-file=\"https:\/\/i0.wp.com\/www.jazzzeitung.de\/cms\/wp-content\/uploads\/2023\/08\/MaxiHirning2_OliverHochkeppel050823-scaled.jpg?fit=358%2C600&#038;ssl=1\" src=\"https:\/\/i0.wp.com\/www.jazzzeitung.de\/cms\/wp-content\/uploads\/2023\/08\/MaxiHirning2_OliverHochkeppel050823-scaled.jpg?w=108&#038;h=180&#038;ssl=1\" srcset=\"https:\/\/i0.wp.com\/www.jazzzeitung.de\/cms\/wp-content\/uploads\/2023\/08\/MaxiHirning2_OliverHochkeppel050823-scaled.jpg?w=1528&amp;ssl=1 1528w, https:\/\/i0.wp.com\/www.jazzzeitung.de\/cms\/wp-content\/uploads\/2023\/08\/MaxiHirning2_OliverHochkeppel050823-scaled.jpg?resize=179%2C300&amp;ssl=1 179w, https:\/\/i0.wp.com\/www.jazzzeitung.de\/cms\/wp-content\/uploads\/2023\/08\/MaxiHirning2_OliverHochkeppel050823-scaled.jpg?resize=358%2C600&amp;ssl=1 358w, https:\/\/i0.wp.com\/www.jazzzeitung.de\/cms\/wp-content\/uploads\/2023\/08\/MaxiHirning2_OliverHochkeppel050823-scaled.jpg?resize=768%2C1286&amp;ssl=1 768w, https:\/\/i0.wp.com\/www.jazzzeitung.de\/cms\/wp-content\/uploads\/2023\/08\/MaxiHirning2_OliverHochkeppel050823-scaled.jpg?resize=917%2C1536&amp;ssl=1 917w, https:\/\/i0.wp.com\/www.jazzzeitung.de\/cms\/wp-content\/uploads\/2023\/08\/MaxiHirning2_OliverHochkeppel050823-scaled.jpg?resize=1223%2C2048&amp;ssl=1 1223w, https:\/\/i0.wp.com\/www.jazzzeitung.de\/cms\/wp-content\/uploads\/2023\/08\/MaxiHirning2_OliverHochkeppel050823-scaled.jpg?resize=1320%2C2211&amp;ssl=1 1320w\" width=\"108\" height=\"180\" loading=\"lazy\" data-original-width=\"108\" data-original-height=\"180\" itemprop=\"http:\/\/schema.org\/image\" title=\"\" alt=\"Maxi Hirning. Foto: Oliver Hochkeppel\" style=\"width: 108px; height: 180px;\" \/> <\/a> <div class=\"tiled-gallery-caption\" itemprop=\"caption description\"> Maxi Hirning. Foto: Oliver Hochkeppel <\/div> <\/div> <\/div> <!-- close group --> <div class=\"gallery-group images-1\" style=\"width: 286px; height: 184px;\" data-original-width=\"286\" data-original-height=\"184\" > <div class=\"tiled-gallery-item tiled-gallery-item-large\" itemprop=\"associatedMedia\" itemscope itemtype=\"http:\/\/schema.org\/ImageObject\"> <a href=\"https:\/\/www.jazzzeitung.de\/cms\/2023\/08\/wider-die-konvention-eindruecke-vom-31-outreach-festival-in-schwaz\/paulzauner1_oliverhochkeppel030823\/\" border=\"0\" itemprop=\"url\"> <meta itemprop=\"width\" content=\"282\"> <meta itemprop=\"height\" content=\"180\"> <img decoding=\"async\" class=\"\" data-attachment-id=\"29945\" data-orig-file=\"https:\/\/www.jazzzeitung.de\/cms\/wp-content\/uploads\/2023\/08\/PaulZauner1_OliverHochkeppel030823-scaled.jpg\" data-orig-size=\"2560,1634\" data-comments-opened=\"1\" data-image-meta=\"{&quot;aperture&quot;:&quot;11&quot;,&quot;credit&quot;:&quot;&quot;,&quot;camera&quot;:&quot;ILCE-7M3&quot;,&quot;caption&quot;:&quot;&quot;,&quot;created_timestamp&quot;:&quot;1691102762&quot;,&quot;copyright&quot;:&quot;&quot;,&quot;focal_length&quot;:&quot;85&quot;,&quot;iso&quot;:&quot;5000&quot;,&quot;shutter_speed&quot;:&quot;0.016666666666667&quot;,&quot;title&quot;:&quot;&quot;,&quot;orientation&quot;:&quot;1&quot;}\" data-image-title=\"\" data-image-description=\"\" data-medium-file=\"https:\/\/i0.wp.com\/www.jazzzeitung.de\/cms\/wp-content\/uploads\/2023\/08\/PaulZauner1_OliverHochkeppel030823-scaled.jpg?fit=300%2C192&#038;ssl=1\" data-large-file=\"https:\/\/i0.wp.com\/www.jazzzeitung.de\/cms\/wp-content\/uploads\/2023\/08\/PaulZauner1_OliverHochkeppel030823-scaled.jpg?fit=840%2C537&#038;ssl=1\" src=\"https:\/\/i0.wp.com\/www.jazzzeitung.de\/cms\/wp-content\/uploads\/2023\/08\/PaulZauner1_OliverHochkeppel030823-scaled.jpg?w=282&#038;h=180&#038;ssl=1\" srcset=\"https:\/\/i0.wp.com\/www.jazzzeitung.de\/cms\/wp-content\/uploads\/2023\/08\/PaulZauner1_OliverHochkeppel030823-scaled.jpg?w=2560&amp;ssl=1 2560w, https:\/\/i0.wp.com\/www.jazzzeitung.de\/cms\/wp-content\/uploads\/2023\/08\/PaulZauner1_OliverHochkeppel030823-scaled.jpg?resize=300%2C192&amp;ssl=1 300w, https:\/\/i0.wp.com\/www.jazzzeitung.de\/cms\/wp-content\/uploads\/2023\/08\/PaulZauner1_OliverHochkeppel030823-scaled.jpg?resize=900%2C575&amp;ssl=1 900w, https:\/\/i0.wp.com\/www.jazzzeitung.de\/cms\/wp-content\/uploads\/2023\/08\/PaulZauner1_OliverHochkeppel030823-scaled.jpg?resize=768%2C490&amp;ssl=1 768w, https:\/\/i0.wp.com\/www.jazzzeitung.de\/cms\/wp-content\/uploads\/2023\/08\/PaulZauner1_OliverHochkeppel030823-scaled.jpg?resize=1536%2C981&amp;ssl=1 1536w, https:\/\/i0.wp.com\/www.jazzzeitung.de\/cms\/wp-content\/uploads\/2023\/08\/PaulZauner1_OliverHochkeppel030823-scaled.jpg?resize=2048%2C1308&amp;ssl=1 2048w, https:\/\/i0.wp.com\/www.jazzzeitung.de\/cms\/wp-content\/uploads\/2023\/08\/PaulZauner1_OliverHochkeppel030823-scaled.jpg?resize=1320%2C843&amp;ssl=1 1320w, https:\/\/i0.wp.com\/www.jazzzeitung.de\/cms\/wp-content\/uploads\/2023\/08\/PaulZauner1_OliverHochkeppel030823-scaled.jpg?w=1680&amp;ssl=1 1680w\" width=\"282\" height=\"180\" loading=\"lazy\" data-original-width=\"282\" data-original-height=\"180\" itemprop=\"http:\/\/schema.org\/image\" title=\"\" alt=\"Paul Zauner. Foto: Oliver Hochkeppel\" style=\"width: 282px; height: 180px;\" \/> <\/a> <div class=\"tiled-gallery-caption\" itemprop=\"caption description\"> Paul Zauner. Foto: Oliver Hochkeppel <\/div> <\/div> <\/div> <!-- close group --> <div class=\"gallery-group images-1\" style=\"width: 184px; height: 184px;\" data-original-width=\"184\" data-original-height=\"184\" > <div class=\"tiled-gallery-item tiled-gallery-item-small\" itemprop=\"associatedMedia\" itemscope itemtype=\"http:\/\/schema.org\/ImageObject\"> <a href=\"https:\/\/www.jazzzeitung.de\/cms\/2023\/08\/wider-die-konvention-eindruecke-vom-31-outreach-festival-in-schwaz\/victorjones3_oliverhochkeppel030823\/\" border=\"0\" itemprop=\"url\"> <meta itemprop=\"width\" content=\"180\"> <meta itemprop=\"height\" content=\"180\"> <img decoding=\"async\" class=\"\" data-attachment-id=\"29946\" data-orig-file=\"https:\/\/www.jazzzeitung.de\/cms\/wp-content\/uploads\/2023\/08\/VictorJones3_OliverHochkeppel030823-scaled.jpg\" data-orig-size=\"2560,2555\" data-comments-opened=\"1\" data-image-meta=\"{&quot;aperture&quot;:&quot;6.3&quot;,&quot;credit&quot;:&quot;&quot;,&quot;camera&quot;:&quot;ILCE-7M3&quot;,&quot;caption&quot;:&quot;&quot;,&quot;created_timestamp&quot;:&quot;1691095330&quot;,&quot;copyright&quot;:&quot;&quot;,&quot;focal_length&quot;:&quot;85&quot;,&quot;iso&quot;:&quot;5000&quot;,&quot;shutter_speed&quot;:&quot;0.016666666666667&quot;,&quot;title&quot;:&quot;&quot;,&quot;orientation&quot;:&quot;1&quot;}\" data-image-title=\"\" data-image-description=\"\" data-medium-file=\"https:\/\/i0.wp.com\/www.jazzzeitung.de\/cms\/wp-content\/uploads\/2023\/08\/VictorJones3_OliverHochkeppel030823-scaled.jpg?fit=300%2C300&#038;ssl=1\" data-large-file=\"https:\/\/i0.wp.com\/www.jazzzeitung.de\/cms\/wp-content\/uploads\/2023\/08\/VictorJones3_OliverHochkeppel030823-scaled.jpg?fit=601%2C600&#038;ssl=1\" src=\"https:\/\/i0.wp.com\/www.jazzzeitung.de\/cms\/wp-content\/uploads\/2023\/08\/VictorJones3_OliverHochkeppel030823-scaled.jpg?w=180&#038;h=180&#038;crop=1&#038;ssl=1\" srcset=\"https:\/\/i0.wp.com\/www.jazzzeitung.de\/cms\/wp-content\/uploads\/2023\/08\/VictorJones3_OliverHochkeppel030823-scaled.jpg?w=2560&amp;ssl=1 2560w, https:\/\/i0.wp.com\/www.jazzzeitung.de\/cms\/wp-content\/uploads\/2023\/08\/VictorJones3_OliverHochkeppel030823-scaled.jpg?resize=300%2C300&amp;ssl=1 300w, https:\/\/i0.wp.com\/www.jazzzeitung.de\/cms\/wp-content\/uploads\/2023\/08\/VictorJones3_OliverHochkeppel030823-scaled.jpg?resize=601%2C600&amp;ssl=1 601w, https:\/\/i0.wp.com\/www.jazzzeitung.de\/cms\/wp-content\/uploads\/2023\/08\/VictorJones3_OliverHochkeppel030823-scaled.jpg?resize=150%2C150&amp;ssl=1 150w, https:\/\/i0.wp.com\/www.jazzzeitung.de\/cms\/wp-content\/uploads\/2023\/08\/VictorJones3_OliverHochkeppel030823-scaled.jpg?resize=768%2C767&amp;ssl=1 768w, https:\/\/i0.wp.com\/www.jazzzeitung.de\/cms\/wp-content\/uploads\/2023\/08\/VictorJones3_OliverHochkeppel030823-scaled.jpg?resize=1536%2C1533&amp;ssl=1 1536w, https:\/\/i0.wp.com\/www.jazzzeitung.de\/cms\/wp-content\/uploads\/2023\/08\/VictorJones3_OliverHochkeppel030823-scaled.jpg?resize=2048%2C2044&amp;ssl=1 2048w, https:\/\/i0.wp.com\/www.jazzzeitung.de\/cms\/wp-content\/uploads\/2023\/08\/VictorJones3_OliverHochkeppel030823-scaled.jpg?resize=1320%2C1318&amp;ssl=1 1320w, https:\/\/i0.wp.com\/www.jazzzeitung.de\/cms\/wp-content\/uploads\/2023\/08\/VictorJones3_OliverHochkeppel030823-scaled.jpg?resize=24%2C24&amp;ssl=1 24w, https:\/\/i0.wp.com\/www.jazzzeitung.de\/cms\/wp-content\/uploads\/2023\/08\/VictorJones3_OliverHochkeppel030823-scaled.jpg?resize=48%2C48&amp;ssl=1 48w, https:\/\/i0.wp.com\/www.jazzzeitung.de\/cms\/wp-content\/uploads\/2023\/08\/VictorJones3_OliverHochkeppel030823-scaled.jpg?resize=96%2C96&amp;ssl=1 96w, https:\/\/i0.wp.com\/www.jazzzeitung.de\/cms\/wp-content\/uploads\/2023\/08\/VictorJones3_OliverHochkeppel030823-scaled.jpg?w=1680&amp;ssl=1 1680w\" width=\"180\" height=\"180\" loading=\"lazy\" data-original-width=\"180\" data-original-height=\"180\" itemprop=\"http:\/\/schema.org\/image\" title=\"\" alt=\"Victor Jones. Foto: Oliver Hochkeppel\" style=\"width: 180px; height: 180px;\" \/> <\/a> <div class=\"tiled-gallery-caption\" itemprop=\"caption description\"> Victor Jones. Foto: Oliver Hochkeppel <\/div> <\/div> <\/div> <!-- close group --> <\/div> <!-- close row --> <\/div>\n<p>Am dritten Abend freilich zeigte sich auch die andere Seite des Konzepts, wie sie auch von einigen Musiker nicht nur als ungewohnt, sondern belastend beschrieben wird. Die Auftritte des wie immer das Publikum mit seinem unwiderstehlichen Techno-Jazz abr\u00e4umenden Leo Betzl Trios <em>LBT, <\/em>des momentan eher stagnierenden und neuen Schwung brauchenden Wiener Kulttrios <em>Edi Nulz <\/em>und des Streicher-betonten <em>Worlds Beyond Orchestra <\/em>des wie immer intelligente die Br\u00fccken zwischen Klassik und Jazz (wie zwischen Europa und den USA) beschreitenden Klarinettisten Daniel Schnyder erg\u00e4nzten oder befruchteten sich nicht, sondern kamen sich eher in die Quere. Jedes f\u00fcr sich gewisserma\u00dfen suitenartiges, abgeschlossenes Projekt h\u00e4tte die Langstrecke ohne Unterbrechung gebraucht.<\/p>\n<p>Aber wer nichts wagt, der nichts gewinnt. Hackl wird sicher neu justieren, weiter experimentieren und neue Horizonte anvisieren. Spannend ist und bleibt es in Schwaz allemal.<\/p>\n<p>Text und Fotos: Oliver Hochkeppel<\/p>\n","protected":false},"excerpt":{"rendered":"<p>Auch in seiner 31. Ausgabe erwies sich das \u201eOutreach Festival\u201c im Tiroler St\u00e4dtchen Schwaz als eines der ungew\u00f6hnlichsten Jazz-Festivals Europas. Das vom von hier stammenden Trompeter Franz Hackl \u2013 der freilich seit Jahrzehnten seinen Hauptwohnsitz in New York hat \u2013 gegr\u00fcndete und nach wie vor\u00a0 gemeinsam mit dem Bassisten Clemens Rofner geleitete Festival hat seit Jahren vieles von dem vorweggenommen, was heute im Festivalbetrieb gro\u00df im Schwange ist. Und hat beim Vorausdenken partiell immer noch die Nase vorn. Vorn in Sachen Nachhaltigkeit Seit jeher reisten hier viele K\u00fcnstler nicht nur zu ihrem Konzert an, sondern f\u00fcr einen l\u00e4ngeren Zeitraum. Schon wegen der dem Festival angeschlossenen \u201eAcademy\u201c, einem gro\u00dfangelegten mehrw\u00f6chiges Unterrichtsprogramm mit internationalem Lehrk\u00f6rper f\u00fcr alle Altersgruppen und Levels, das im restlichen Jahr auch online zur Verf\u00fcgung steht. Oder beim interdiziplin\u00e4ren Ansatz. Wie seit langem gab es wieder einen \u201eartist in residence\u201c aus der bildenden Kunst, diesmal der Tiroler Konzeptk\u00fcnstler Ernst Caramelle, der lange in Karlsruhe, an der Frankfurter St\u00e4delschule und in New York lehrte, hier nun neben einer Ausstellung auch das Programmheft gestaltete und das eine oder andere Konzert \u2013 wir kommen gleich darauf \u2013 &hellip;<\/p>\n","protected":false},"author":18,"featured_media":29932,"comment_status":"open","ping_status":"closed","sticky":false,"template":"","format":"standard","meta":{"_jetpack_memberships_contains_paid_content":false,"footnotes":"","jetpack_publicize_message":"","jetpack_publicize_feature_enabled":true,"jetpack_social_post_already_shared":false,"jetpack_social_options":{"image_generator_settings":{"template":"highway","default_image_id":0,"font":"","enabled":false},"version":2}},"categories":[1053,652],"tags":[5104,5101,3581,5102,5103,3580,3577],"coauthors":[695],"class_list":["post-29930","post","type-post","status-publish","format-standard","has-post-thumbnail","hentry","category-bericht","category-galerie","tag-clemens-rofner","tag-ernst-caramelle","tag-franz-hackl","tag-outreach-festival","tag-outreach-orchestra","tag-paul-zauner","tag-schwaz"],"yoast_head":"<!-- This site is optimized with the Yoast SEO plugin v27.5 - https:\/\/yoast.com\/product\/yoast-seo-wordpress\/ -->\n<title>Wider die Konvention: Eindr\u00fccke vom 31. Outreach Festival in Schwaz - JazzZeitung<\/title>\n<meta name=\"robots\" content=\"index, follow, max-snippet:-1, max-image-preview:large, max-video-preview:-1\" \/>\n<link rel=\"canonical\" href=\"https:\/\/www.jazzzeitung.de\/cms\/2023\/08\/wider-die-konvention-eindruecke-vom-31-outreach-festival-in-schwaz\/\" \/>\n<meta property=\"og:locale\" content=\"de_DE\" \/>\n<meta property=\"og:type\" content=\"article\" \/>\n<meta property=\"og:title\" content=\"Wider die Konvention: Eindr\u00fccke vom 31. Outreach Festival in Schwaz - JazzZeitung\" \/>\n<meta property=\"og:description\" content=\"Auch in seiner 31. Ausgabe erwies sich das \u201eOutreach Festival\u201c im Tiroler St\u00e4dtchen Schwaz als eines der ungew\u00f6hnlichsten Jazz-Festivals Europas. Das vom von hier stammenden Trompeter Franz Hackl \u2013 der freilich seit Jahrzehnten seinen Hauptwohnsitz in New York hat \u2013 gegr\u00fcndete und nach wie vor\u00a0 gemeinsam mit dem Bassisten Clemens Rofner geleitete Festival hat seit Jahren vieles von dem vorweggenommen, was heute im Festivalbetrieb gro\u00df im Schwange ist. Und hat beim Vorausdenken partiell immer noch die Nase vorn. Vorn in Sachen Nachhaltigkeit Seit jeher reisten hier viele K\u00fcnstler nicht nur zu ihrem Konzert an, sondern f\u00fcr einen l\u00e4ngeren Zeitraum. Schon wegen der dem Festival angeschlossenen \u201eAcademy\u201c, einem gro\u00dfangelegten mehrw\u00f6chiges Unterrichtsprogramm mit internationalem Lehrk\u00f6rper f\u00fcr alle Altersgruppen und Levels, das im restlichen Jahr auch online zur Verf\u00fcgung steht. Oder beim interdiziplin\u00e4ren Ansatz. Wie seit langem gab es wieder einen \u201eartist in residence\u201c aus der bildenden Kunst, diesmal der Tiroler Konzeptk\u00fcnstler Ernst Caramelle, der lange in Karlsruhe, an der Frankfurter St\u00e4delschule und in New York lehrte, hier nun neben einer Ausstellung auch das Programmheft gestaltete und das eine oder andere Konzert \u2013 wir kommen gleich darauf \u2013 &hellip;\" \/>\n<meta property=\"og:url\" content=\"https:\/\/www.jazzzeitung.de\/cms\/2023\/08\/wider-die-konvention-eindruecke-vom-31-outreach-festival-in-schwaz\/\" \/>\n<meta property=\"og:site_name\" content=\"JazzZeitung\" \/>\n<meta property=\"article:publisher\" content=\"https:\/\/www.facebook.com\/JazzZeitung\/\" \/>\n<meta property=\"article:published_time\" content=\"2023-08-18T07:41:58+00:00\" \/>\n<meta property=\"og:image\" content=\"https:\/\/i0.wp.com\/www.jazzzeitung.de\/cms\/wp-content\/uploads\/2023\/08\/EdiNulz1_OliverHochkeppel030823-scaled.jpg?fit=2560%2C1685&ssl=1\" \/>\n\t<meta property=\"og:image:width\" content=\"2560\" \/>\n\t<meta property=\"og:image:height\" content=\"1685\" \/>\n\t<meta property=\"og:image:type\" content=\"image\/jpeg\" \/>\n<meta name=\"author\" content=\"Redaktion JazzZeitung\" \/>\n<script type=\"application\/ld+json\" class=\"yoast-schema-graph\">{\"@context\":\"https:\\\/\\\/schema.org\",\"@graph\":[{\"@type\":\"Article\",\"@id\":\"https:\\\/\\\/www.jazzzeitung.de\\\/cms\\\/2023\\\/08\\\/wider-die-konvention-eindruecke-vom-31-outreach-festival-in-schwaz\\\/#article\",\"isPartOf\":{\"@id\":\"https:\\\/\\\/www.jazzzeitung.de\\\/cms\\\/2023\\\/08\\\/wider-die-konvention-eindruecke-vom-31-outreach-festival-in-schwaz\\\/\"},\"author\":{\"name\":\"Redaktion JazzZeitung\",\"@id\":\"https:\\\/\\\/www.jazzzeitung.de\\\/cms\\\/#\\\/schema\\\/person\\\/2245b36b9cd1d24cea10f01c031fb92b\"},\"headline\":\"Wider die Konvention: Eindr\u00fccke vom 31. Outreach Festival in Schwaz\",\"datePublished\":\"2023-08-18T07:41:58+00:00\",\"mainEntityOfPage\":{\"@id\":\"https:\\\/\\\/www.jazzzeitung.de\\\/cms\\\/2023\\\/08\\\/wider-die-konvention-eindruecke-vom-31-outreach-festival-in-schwaz\\\/\"},\"wordCount\":804,\"commentCount\":1,\"publisher\":{\"@id\":\"https:\\\/\\\/www.jazzzeitung.de\\\/cms\\\/#organization\"},\"image\":{\"@id\":\"https:\\\/\\\/www.jazzzeitung.de\\\/cms\\\/2023\\\/08\\\/wider-die-konvention-eindruecke-vom-31-outreach-festival-in-schwaz\\\/#primaryimage\"},\"thumbnailUrl\":\"https:\\\/\\\/i0.wp.com\\\/www.jazzzeitung.de\\\/cms\\\/wp-content\\\/uploads\\\/2023\\\/08\\\/EdiNulz1_OliverHochkeppel030823-scaled.jpg?fit=2560%2C1685&ssl=1\",\"keywords\":[\"Clemens Rofner\",\"Ernst Caramelle\",\"Franz Hackl\",\"Outreach Festival\",\"Outreach Orchestra\",\"Paul Zauner\",\"Schwaz\"],\"articleSection\":[\"Bericht\",\"Galerie\"],\"inLanguage\":\"de\",\"potentialAction\":[{\"@type\":\"CommentAction\",\"name\":\"Comment\",\"target\":[\"https:\\\/\\\/www.jazzzeitung.de\\\/cms\\\/2023\\\/08\\\/wider-die-konvention-eindruecke-vom-31-outreach-festival-in-schwaz\\\/#respond\"]}]},{\"@type\":\"WebPage\",\"@id\":\"https:\\\/\\\/www.jazzzeitung.de\\\/cms\\\/2023\\\/08\\\/wider-die-konvention-eindruecke-vom-31-outreach-festival-in-schwaz\\\/\",\"url\":\"https:\\\/\\\/www.jazzzeitung.de\\\/cms\\\/2023\\\/08\\\/wider-die-konvention-eindruecke-vom-31-outreach-festival-in-schwaz\\\/\",\"name\":\"Wider die Konvention: Eindr\u00fccke vom 31. Outreach Festival in Schwaz - JazzZeitung\",\"isPartOf\":{\"@id\":\"https:\\\/\\\/www.jazzzeitung.de\\\/cms\\\/#website\"},\"primaryImageOfPage\":{\"@id\":\"https:\\\/\\\/www.jazzzeitung.de\\\/cms\\\/2023\\\/08\\\/wider-die-konvention-eindruecke-vom-31-outreach-festival-in-schwaz\\\/#primaryimage\"},\"image\":{\"@id\":\"https:\\\/\\\/www.jazzzeitung.de\\\/cms\\\/2023\\\/08\\\/wider-die-konvention-eindruecke-vom-31-outreach-festival-in-schwaz\\\/#primaryimage\"},\"thumbnailUrl\":\"https:\\\/\\\/i0.wp.com\\\/www.jazzzeitung.de\\\/cms\\\/wp-content\\\/uploads\\\/2023\\\/08\\\/EdiNulz1_OliverHochkeppel030823-scaled.jpg?fit=2560%2C1685&ssl=1\",\"datePublished\":\"2023-08-18T07:41:58+00:00\",\"breadcrumb\":{\"@id\":\"https:\\\/\\\/www.jazzzeitung.de\\\/cms\\\/2023\\\/08\\\/wider-die-konvention-eindruecke-vom-31-outreach-festival-in-schwaz\\\/#breadcrumb\"},\"inLanguage\":\"de\",\"potentialAction\":[{\"@type\":\"ReadAction\",\"target\":[\"https:\\\/\\\/www.jazzzeitung.de\\\/cms\\\/2023\\\/08\\\/wider-die-konvention-eindruecke-vom-31-outreach-festival-in-schwaz\\\/\"]}]},{\"@type\":\"ImageObject\",\"inLanguage\":\"de\",\"@id\":\"https:\\\/\\\/www.jazzzeitung.de\\\/cms\\\/2023\\\/08\\\/wider-die-konvention-eindruecke-vom-31-outreach-festival-in-schwaz\\\/#primaryimage\",\"url\":\"https:\\\/\\\/i0.wp.com\\\/www.jazzzeitung.de\\\/cms\\\/wp-content\\\/uploads\\\/2023\\\/08\\\/EdiNulz1_OliverHochkeppel030823-scaled.jpg?fit=2560%2C1685&ssl=1\",\"contentUrl\":\"https:\\\/\\\/i0.wp.com\\\/www.jazzzeitung.de\\\/cms\\\/wp-content\\\/uploads\\\/2023\\\/08\\\/EdiNulz1_OliverHochkeppel030823-scaled.jpg?fit=2560%2C1685&ssl=1\",\"width\":2560,\"height\":1685},{\"@type\":\"BreadcrumbList\",\"@id\":\"https:\\\/\\\/www.jazzzeitung.de\\\/cms\\\/2023\\\/08\\\/wider-die-konvention-eindruecke-vom-31-outreach-festival-in-schwaz\\\/#breadcrumb\",\"itemListElement\":[{\"@type\":\"ListItem\",\"position\":1,\"name\":\"Startseite\",\"item\":\"https:\\\/\\\/www.jazzzeitung.de\\\/cms\\\/\"},{\"@type\":\"ListItem\",\"position\":2,\"name\":\"Wider die Konvention: Eindr\u00fccke vom 31. Outreach Festival in Schwaz\"}]},{\"@type\":\"WebSite\",\"@id\":\"https:\\\/\\\/www.jazzzeitung.de\\\/cms\\\/#website\",\"url\":\"https:\\\/\\\/www.jazzzeitung.de\\\/cms\\\/\",\"name\":\"JazzZeitung\",\"description\":\"Jazz-News und Jazz-Kontroverses\",\"publisher\":{\"@id\":\"https:\\\/\\\/www.jazzzeitung.de\\\/cms\\\/#organization\"},\"potentialAction\":[{\"@type\":\"SearchAction\",\"target\":{\"@type\":\"EntryPoint\",\"urlTemplate\":\"https:\\\/\\\/www.jazzzeitung.de\\\/cms\\\/?s={search_term_string}\"},\"query-input\":{\"@type\":\"PropertyValueSpecification\",\"valueRequired\":true,\"valueName\":\"search_term_string\"}}],\"inLanguage\":\"de\"},{\"@type\":\"Organization\",\"@id\":\"https:\\\/\\\/www.jazzzeitung.de\\\/cms\\\/#organization\",\"name\":\"JazzZeitung online\",\"url\":\"https:\\\/\\\/www.jazzzeitung.de\\\/cms\\\/\",\"logo\":{\"@type\":\"ImageObject\",\"inLanguage\":\"de\",\"@id\":\"https:\\\/\\\/www.jazzzeitung.de\\\/cms\\\/#\\\/schema\\\/logo\\\/image\\\/\",\"url\":\"https:\\\/\\\/i0.wp.com\\\/www.jazzzeitung.de\\\/cms\\\/wp-content\\\/uploads\\\/2015\\\/08\\\/JAZZZEITUNGDE_Logo_Neu.png?fit=499%2C200&ssl=1\",\"contentUrl\":\"https:\\\/\\\/i0.wp.com\\\/www.jazzzeitung.de\\\/cms\\\/wp-content\\\/uploads\\\/2015\\\/08\\\/JAZZZEITUNGDE_Logo_Neu.png?fit=499%2C200&ssl=1\",\"width\":499,\"height\":200,\"caption\":\"JazzZeitung online\"},\"image\":{\"@id\":\"https:\\\/\\\/www.jazzzeitung.de\\\/cms\\\/#\\\/schema\\\/logo\\\/image\\\/\"},\"sameAs\":[\"https:\\\/\\\/www.facebook.com\\\/JazzZeitung\\\/\"]},{\"@type\":\"Person\",\"@id\":\"https:\\\/\\\/www.jazzzeitung.de\\\/cms\\\/#\\\/schema\\\/person\\\/2245b36b9cd1d24cea10f01c031fb92b\",\"name\":\"Redaktion JazzZeitung\",\"image\":{\"@type\":\"ImageObject\",\"inLanguage\":\"de\",\"@id\":\"https:\\\/\\\/i0.wp.com\\\/www.jazzzeitung.de\\\/cms\\\/wp-content\\\/uploads\\\/2015\\\/08\\\/JAZZZEITUNGDE_Logo_Neu.png?resize=96%2C96&ssl=159975dcacb611b5700bd619b5daf0a7a\",\"url\":\"https:\\\/\\\/i0.wp.com\\\/www.jazzzeitung.de\\\/cms\\\/wp-content\\\/uploads\\\/2015\\\/08\\\/JAZZZEITUNGDE_Logo_Neu.png?resize=96%2C96&ssl=1\",\"contentUrl\":\"https:\\\/\\\/i0.wp.com\\\/www.jazzzeitung.de\\\/cms\\\/wp-content\\\/uploads\\\/2015\\\/08\\\/JAZZZEITUNGDE_Logo_Neu.png?resize=96%2C96&ssl=1\",\"caption\":\"Redaktion JazzZeitung\"},\"description\":\"Artikel der Redaktion der JazzZeitung.\",\"sameAs\":[\"http:\\\/\\\/www.jazzzeitung.de\\\/cms\\\/\"],\"url\":\"https:\\\/\\\/www.jazzzeitung.de\\\/cms\\\/author\\\/redaktion\\\/\"}]}<\/script>\n<!-- \/ Yoast SEO plugin. -->","yoast_head_json":{"title":"Wider die Konvention: Eindr\u00fccke vom 31. Outreach Festival in Schwaz - JazzZeitung","robots":{"index":"index","follow":"follow","max-snippet":"max-snippet:-1","max-image-preview":"max-image-preview:large","max-video-preview":"max-video-preview:-1"},"canonical":"https:\/\/www.jazzzeitung.de\/cms\/2023\/08\/wider-die-konvention-eindruecke-vom-31-outreach-festival-in-schwaz\/","og_locale":"de_DE","og_type":"article","og_title":"Wider die Konvention: Eindr\u00fccke vom 31. Outreach Festival in Schwaz - JazzZeitung","og_description":"Auch in seiner 31. Ausgabe erwies sich das \u201eOutreach Festival\u201c im Tiroler St\u00e4dtchen Schwaz als eines der ungew\u00f6hnlichsten Jazz-Festivals Europas. Das vom von hier stammenden Trompeter Franz Hackl \u2013 der freilich seit Jahrzehnten seinen Hauptwohnsitz in New York hat \u2013 gegr\u00fcndete und nach wie vor\u00a0 gemeinsam mit dem Bassisten Clemens Rofner geleitete Festival hat seit Jahren vieles von dem vorweggenommen, was heute im Festivalbetrieb gro\u00df im Schwange ist. Und hat beim Vorausdenken partiell immer noch die Nase vorn. Vorn in Sachen Nachhaltigkeit Seit jeher reisten hier viele K\u00fcnstler nicht nur zu ihrem Konzert an, sondern f\u00fcr einen l\u00e4ngeren Zeitraum. Schon wegen der dem Festival angeschlossenen \u201eAcademy\u201c, einem gro\u00dfangelegten mehrw\u00f6chiges Unterrichtsprogramm mit internationalem Lehrk\u00f6rper f\u00fcr alle Altersgruppen und Levels, das im restlichen Jahr auch online zur Verf\u00fcgung steht. Oder beim interdiziplin\u00e4ren Ansatz. Wie seit langem gab es wieder einen \u201eartist in residence\u201c aus der bildenden Kunst, diesmal der Tiroler Konzeptk\u00fcnstler Ernst Caramelle, der lange in Karlsruhe, an der Frankfurter St\u00e4delschule und in New York lehrte, hier nun neben einer Ausstellung auch das Programmheft gestaltete und das eine oder andere Konzert \u2013 wir kommen gleich darauf \u2013 &hellip;","og_url":"https:\/\/www.jazzzeitung.de\/cms\/2023\/08\/wider-die-konvention-eindruecke-vom-31-outreach-festival-in-schwaz\/","og_site_name":"JazzZeitung","article_publisher":"https:\/\/www.facebook.com\/JazzZeitung\/","article_published_time":"2023-08-18T07:41:58+00:00","og_image":[{"width":2560,"height":1685,"url":"https:\/\/i0.wp.com\/www.jazzzeitung.de\/cms\/wp-content\/uploads\/2023\/08\/EdiNulz1_OliverHochkeppel030823-scaled.jpg?fit=2560%2C1685&ssl=1","type":"image\/jpeg"}],"author":"Redaktion JazzZeitung","schema":{"@context":"https:\/\/schema.org","@graph":[{"@type":"Article","@id":"https:\/\/www.jazzzeitung.de\/cms\/2023\/08\/wider-die-konvention-eindruecke-vom-31-outreach-festival-in-schwaz\/#article","isPartOf":{"@id":"https:\/\/www.jazzzeitung.de\/cms\/2023\/08\/wider-die-konvention-eindruecke-vom-31-outreach-festival-in-schwaz\/"},"author":{"name":"Redaktion JazzZeitung","@id":"https:\/\/www.jazzzeitung.de\/cms\/#\/schema\/person\/2245b36b9cd1d24cea10f01c031fb92b"},"headline":"Wider die Konvention: Eindr\u00fccke vom 31. Outreach Festival in Schwaz","datePublished":"2023-08-18T07:41:58+00:00","mainEntityOfPage":{"@id":"https:\/\/www.jazzzeitung.de\/cms\/2023\/08\/wider-die-konvention-eindruecke-vom-31-outreach-festival-in-schwaz\/"},"wordCount":804,"commentCount":1,"publisher":{"@id":"https:\/\/www.jazzzeitung.de\/cms\/#organization"},"image":{"@id":"https:\/\/www.jazzzeitung.de\/cms\/2023\/08\/wider-die-konvention-eindruecke-vom-31-outreach-festival-in-schwaz\/#primaryimage"},"thumbnailUrl":"https:\/\/i0.wp.com\/www.jazzzeitung.de\/cms\/wp-content\/uploads\/2023\/08\/EdiNulz1_OliverHochkeppel030823-scaled.jpg?fit=2560%2C1685&ssl=1","keywords":["Clemens Rofner","Ernst Caramelle","Franz Hackl","Outreach Festival","Outreach Orchestra","Paul Zauner","Schwaz"],"articleSection":["Bericht","Galerie"],"inLanguage":"de","potentialAction":[{"@type":"CommentAction","name":"Comment","target":["https:\/\/www.jazzzeitung.de\/cms\/2023\/08\/wider-die-konvention-eindruecke-vom-31-outreach-festival-in-schwaz\/#respond"]}]},{"@type":"WebPage","@id":"https:\/\/www.jazzzeitung.de\/cms\/2023\/08\/wider-die-konvention-eindruecke-vom-31-outreach-festival-in-schwaz\/","url":"https:\/\/www.jazzzeitung.de\/cms\/2023\/08\/wider-die-konvention-eindruecke-vom-31-outreach-festival-in-schwaz\/","name":"Wider die Konvention: Eindr\u00fccke vom 31. Outreach Festival in Schwaz - JazzZeitung","isPartOf":{"@id":"https:\/\/www.jazzzeitung.de\/cms\/#website"},"primaryImageOfPage":{"@id":"https:\/\/www.jazzzeitung.de\/cms\/2023\/08\/wider-die-konvention-eindruecke-vom-31-outreach-festival-in-schwaz\/#primaryimage"},"image":{"@id":"https:\/\/www.jazzzeitung.de\/cms\/2023\/08\/wider-die-konvention-eindruecke-vom-31-outreach-festival-in-schwaz\/#primaryimage"},"thumbnailUrl":"https:\/\/i0.wp.com\/www.jazzzeitung.de\/cms\/wp-content\/uploads\/2023\/08\/EdiNulz1_OliverHochkeppel030823-scaled.jpg?fit=2560%2C1685&ssl=1","datePublished":"2023-08-18T07:41:58+00:00","breadcrumb":{"@id":"https:\/\/www.jazzzeitung.de\/cms\/2023\/08\/wider-die-konvention-eindruecke-vom-31-outreach-festival-in-schwaz\/#breadcrumb"},"inLanguage":"de","potentialAction":[{"@type":"ReadAction","target":["https:\/\/www.jazzzeitung.de\/cms\/2023\/08\/wider-die-konvention-eindruecke-vom-31-outreach-festival-in-schwaz\/"]}]},{"@type":"ImageObject","inLanguage":"de","@id":"https:\/\/www.jazzzeitung.de\/cms\/2023\/08\/wider-die-konvention-eindruecke-vom-31-outreach-festival-in-schwaz\/#primaryimage","url":"https:\/\/i0.wp.com\/www.jazzzeitung.de\/cms\/wp-content\/uploads\/2023\/08\/EdiNulz1_OliverHochkeppel030823-scaled.jpg?fit=2560%2C1685&ssl=1","contentUrl":"https:\/\/i0.wp.com\/www.jazzzeitung.de\/cms\/wp-content\/uploads\/2023\/08\/EdiNulz1_OliverHochkeppel030823-scaled.jpg?fit=2560%2C1685&ssl=1","width":2560,"height":1685},{"@type":"BreadcrumbList","@id":"https:\/\/www.jazzzeitung.de\/cms\/2023\/08\/wider-die-konvention-eindruecke-vom-31-outreach-festival-in-schwaz\/#breadcrumb","itemListElement":[{"@type":"ListItem","position":1,"name":"Startseite","item":"https:\/\/www.jazzzeitung.de\/cms\/"},{"@type":"ListItem","position":2,"name":"Wider die Konvention: Eindr\u00fccke vom 31. Outreach Festival in Schwaz"}]},{"@type":"WebSite","@id":"https:\/\/www.jazzzeitung.de\/cms\/#website","url":"https:\/\/www.jazzzeitung.de\/cms\/","name":"JazzZeitung","description":"Jazz-News und Jazz-Kontroverses","publisher":{"@id":"https:\/\/www.jazzzeitung.de\/cms\/#organization"},"potentialAction":[{"@type":"SearchAction","target":{"@type":"EntryPoint","urlTemplate":"https:\/\/www.jazzzeitung.de\/cms\/?s={search_term_string}"},"query-input":{"@type":"PropertyValueSpecification","valueRequired":true,"valueName":"search_term_string"}}],"inLanguage":"de"},{"@type":"Organization","@id":"https:\/\/www.jazzzeitung.de\/cms\/#organization","name":"JazzZeitung online","url":"https:\/\/www.jazzzeitung.de\/cms\/","logo":{"@type":"ImageObject","inLanguage":"de","@id":"https:\/\/www.jazzzeitung.de\/cms\/#\/schema\/logo\/image\/","url":"https:\/\/i0.wp.com\/www.jazzzeitung.de\/cms\/wp-content\/uploads\/2015\/08\/JAZZZEITUNGDE_Logo_Neu.png?fit=499%2C200&ssl=1","contentUrl":"https:\/\/i0.wp.com\/www.jazzzeitung.de\/cms\/wp-content\/uploads\/2015\/08\/JAZZZEITUNGDE_Logo_Neu.png?fit=499%2C200&ssl=1","width":499,"height":200,"caption":"JazzZeitung online"},"image":{"@id":"https:\/\/www.jazzzeitung.de\/cms\/#\/schema\/logo\/image\/"},"sameAs":["https:\/\/www.facebook.com\/JazzZeitung\/"]},{"@type":"Person","@id":"https:\/\/www.jazzzeitung.de\/cms\/#\/schema\/person\/2245b36b9cd1d24cea10f01c031fb92b","name":"Redaktion JazzZeitung","image":{"@type":"ImageObject","inLanguage":"de","@id":"https:\/\/i0.wp.com\/www.jazzzeitung.de\/cms\/wp-content\/uploads\/2015\/08\/JAZZZEITUNGDE_Logo_Neu.png?resize=96%2C96&ssl=159975dcacb611b5700bd619b5daf0a7a","url":"https:\/\/i0.wp.com\/www.jazzzeitung.de\/cms\/wp-content\/uploads\/2015\/08\/JAZZZEITUNGDE_Logo_Neu.png?resize=96%2C96&ssl=1","contentUrl":"https:\/\/i0.wp.com\/www.jazzzeitung.de\/cms\/wp-content\/uploads\/2015\/08\/JAZZZEITUNGDE_Logo_Neu.png?resize=96%2C96&ssl=1","caption":"Redaktion JazzZeitung"},"description":"Artikel der Redaktion der JazzZeitung.","sameAs":["http:\/\/www.jazzzeitung.de\/cms\/"],"url":"https:\/\/www.jazzzeitung.de\/cms\/author\/redaktion\/"}]}},"wp-worthy-pixel":{"ignored":false,"public":null,"server":null,"url":null},"wp-worthy-type":"normal","jetpack_publicize_connections":[],"cc_featured_image_caption":{"caption_text":"","source_text":"","source_url":""},"jetpack_featured_media_url":"https:\/\/i0.wp.com\/www.jazzzeitung.de\/cms\/wp-content\/uploads\/2023\/08\/EdiNulz1_OliverHochkeppel030823-scaled.jpg?fit=2560%2C1685&ssl=1","jetpack_shortlink":"https:\/\/wp.me\/p3KEcT-7MK","jetpack-related-posts":[{"id":31472,"url":"https:\/\/www.jazzzeitung.de\/cms\/2024\/08\/eine-positiv-kritische-masse-eindruecke-vom-outreach-festival-2024-in-schwaz\/","url_meta":{"origin":29930,"position":0},"title":"Eine positiv kritische Masse: Eindr\u00fccke vom Outreach Festival 2024 in Schwaz","author":"Redaktion JazzZeitung","date":"12. August 2024","format":false,"excerpt":"Eines der ungew\u00f6hnlichsten Jazz-Festivals Europas findet im \u00f6sterreichischen Schwaz statt, 30 Kilometer vor Innsbruck und gerade einmal 118 Autokilometer von M\u00fcnchen entfernt. Hat doch das \u201eOutreach Festival\u201c wie kaum ein anderes die Vision, \u201eMusik und alle anderen bildenden und darstellenden K\u00fcnste zu verwenden, um Grenzen aufzubrechen und Synergien zu schaffen\u201c,\u2026","rel":"","context":"In &quot;Bericht&quot;","block_context":{"text":"Bericht","link":"https:\/\/www.jazzzeitung.de\/cms\/thema\/bericht\/"},"img":{"alt_text":"","src":"https:\/\/i0.wp.com\/www.jazzzeitung.de\/cms\/wp-content\/uploads\/2024\/08\/OutreachOrchestra_AmiraB2_OliverHochkeppel020824-scaled.jpg?fit=1200%2C803&ssl=1&resize=350%2C200","width":350,"height":200,"srcset":"https:\/\/i0.wp.com\/www.jazzzeitung.de\/cms\/wp-content\/uploads\/2024\/08\/OutreachOrchestra_AmiraB2_OliverHochkeppel020824-scaled.jpg?fit=1200%2C803&ssl=1&resize=350%2C200 1x, https:\/\/i0.wp.com\/www.jazzzeitung.de\/cms\/wp-content\/uploads\/2024\/08\/OutreachOrchestra_AmiraB2_OliverHochkeppel020824-scaled.jpg?fit=1200%2C803&ssl=1&resize=525%2C300 1.5x, https:\/\/i0.wp.com\/www.jazzzeitung.de\/cms\/wp-content\/uploads\/2024\/08\/OutreachOrchestra_AmiraB2_OliverHochkeppel020824-scaled.jpg?fit=1200%2C803&ssl=1&resize=700%2C400 2x, https:\/\/i0.wp.com\/www.jazzzeitung.de\/cms\/wp-content\/uploads\/2024\/08\/OutreachOrchestra_AmiraB2_OliverHochkeppel020824-scaled.jpg?fit=1200%2C803&ssl=1&resize=1050%2C600 3x"},"classes":[]},{"id":28058,"url":"https:\/\/www.jazzzeitung.de\/cms\/2022\/08\/blasen-platzen-lassen-das-outreach-festival-2022\/","url_meta":{"origin":29930,"position":1},"title":"Blasen platzen lassen: Das Outreach Festival 2022","author":"Redaktion JazzZeitung","date":"11. August 2022","format":false,"excerpt":"(Von Oliver Hochkeppel) Ein beachtliches Jubil\u00e4um konnte man im Tiroler St\u00e4dtchen Schwaz feiern. Vom 4. bis 6 August fand die 30. Ausgabe des Outreach Festivals der 13.000-Einwohner-Kommune statt, mit dem Silbersaal des SZentrums als zentrale B\u00fchne. Was umso bemerkenswerter ist, als das Outreach schon immer zu den experimentellen, innovativen und\u2026","rel":"","context":"In &quot;Bericht&quot;","block_context":{"text":"Bericht","link":"https:\/\/www.jazzzeitung.de\/cms\/thema\/bericht\/"},"img":{"alt_text":"Franz Hackl","src":"https:\/\/i0.wp.com\/www.jazzzeitung.de\/cms\/wp-content\/uploads\/2022\/08\/Franz_Hackl_011_Foto_Herbert_Hoepfl-scaled.jpg?fit=1200%2C900&ssl=1&resize=350%2C200","width":350,"height":200,"srcset":"https:\/\/i0.wp.com\/www.jazzzeitung.de\/cms\/wp-content\/uploads\/2022\/08\/Franz_Hackl_011_Foto_Herbert_Hoepfl-scaled.jpg?fit=1200%2C900&ssl=1&resize=350%2C200 1x, https:\/\/i0.wp.com\/www.jazzzeitung.de\/cms\/wp-content\/uploads\/2022\/08\/Franz_Hackl_011_Foto_Herbert_Hoepfl-scaled.jpg?fit=1200%2C900&ssl=1&resize=525%2C300 1.5x, https:\/\/i0.wp.com\/www.jazzzeitung.de\/cms\/wp-content\/uploads\/2022\/08\/Franz_Hackl_011_Foto_Herbert_Hoepfl-scaled.jpg?fit=1200%2C900&ssl=1&resize=700%2C400 2x, https:\/\/i0.wp.com\/www.jazzzeitung.de\/cms\/wp-content\/uploads\/2022\/08\/Franz_Hackl_011_Foto_Herbert_Hoepfl-scaled.jpg?fit=1200%2C900&ssl=1&resize=1050%2C600 3x"},"classes":[]},{"id":23167,"url":"https:\/\/www.jazzzeitung.de\/cms\/2020\/08\/ins-horn-stossen-statt-ins-boxhorn-jagen-lassen-das-outreach-festival-in-schwaz\/","url_meta":{"origin":29930,"position":2},"title":"Ins Horn sto\u00dfen statt ins Boxhorn jagen lassen \u2013 das Outreach-Festival in Schwaz","author":"Redaktion JazzZeitung","date":"18. August 2020","format":false,"excerpt":"Auch und gerade in Coronazeiten begeisterte das innovative Outreach-Festival in Schwaz \u201eDer B\u00fcrgermeister hat mir das Festival acht Mal abgesagt\u201c, erz\u00e4hlt der Trompeter, vor allem aber Gr\u00fcnder und Leiter des \u201eOutreach\u201c Festivals im \u00f6sterreichischen Schwaz Franz Hackl, \u201eaber ich hab\u2018 ihm gesagt, dass er das gar nicht entscheiden kann; er\u2026","rel":"","context":"In &quot;Bericht&quot;","block_context":{"text":"Bericht","link":"https:\/\/www.jazzzeitung.de\/cms\/thema\/bericht\/"},"img":{"alt_text":"","src":"https:\/\/i0.wp.com\/www.jazzzeitung.de\/cms\/wp-content\/uploads\/2020\/08\/OutBrandnerPichler2-scaled.jpg?fit=1200%2C900&ssl=1&resize=350%2C200","width":350,"height":200,"srcset":"https:\/\/i0.wp.com\/www.jazzzeitung.de\/cms\/wp-content\/uploads\/2020\/08\/OutBrandnerPichler2-scaled.jpg?fit=1200%2C900&ssl=1&resize=350%2C200 1x, https:\/\/i0.wp.com\/www.jazzzeitung.de\/cms\/wp-content\/uploads\/2020\/08\/OutBrandnerPichler2-scaled.jpg?fit=1200%2C900&ssl=1&resize=525%2C300 1.5x, https:\/\/i0.wp.com\/www.jazzzeitung.de\/cms\/wp-content\/uploads\/2020\/08\/OutBrandnerPichler2-scaled.jpg?fit=1200%2C900&ssl=1&resize=700%2C400 2x, https:\/\/i0.wp.com\/www.jazzzeitung.de\/cms\/wp-content\/uploads\/2020\/08\/OutBrandnerPichler2-scaled.jpg?fit=1200%2C900&ssl=1&resize=1050%2C600 3x"},"classes":[]},{"id":25340,"url":"https:\/\/www.jazzzeitung.de\/cms\/2021\/08\/was-bleiben-wird-inntoene-und-outreach-zwei-oesterreichische-jazzfestivals-demonstrieren-dass-in-der-corona-krise-auch-chancen-liegen\/","url_meta":{"origin":29930,"position":3},"title":"Was bleiben wird: \u201eInnt\u00f6ne\u201c und \u201eOutreach\u201c \u2013 zwei \u00f6sterreichische Jazzfestivals demonstrieren, dass in der Corona-Krise auch Chancen liegen","author":"Redaktion JazzZeitung","date":"17. August 2021","format":false,"excerpt":"\u201e3000 Besucher feiern das Leben\u201c \u00fcberschrieb die Passauer Neue Presse ihren Bericht von den diesj\u00e4hrigen \u201eInnt\u00f6nen\u201c. In der Tat war der \u201eJazz auf dem Bauernhof\u201c, wie Paul Zauner sein Festival auf dem elterlichen Hof in Diersbach nahe Sch\u00e4rding seit jeher treffend untertitelt, eine begl\u00fcckende Erfahrung. Was im vergangenen Jahr aus\u2026","rel":"","context":"In &quot;Bericht&quot;","block_context":{"text":"Bericht","link":"https:\/\/www.jazzzeitung.de\/cms\/thema\/bericht\/"},"img":{"alt_text":"","src":"https:\/\/i0.wp.com\/www.jazzzeitung.de\/cms\/wp-content\/uploads\/2021\/08\/DSC08785.jpg?fit=1200%2C800&ssl=1&resize=350%2C200","width":350,"height":200,"srcset":"https:\/\/i0.wp.com\/www.jazzzeitung.de\/cms\/wp-content\/uploads\/2021\/08\/DSC08785.jpg?fit=1200%2C800&ssl=1&resize=350%2C200 1x, https:\/\/i0.wp.com\/www.jazzzeitung.de\/cms\/wp-content\/uploads\/2021\/08\/DSC08785.jpg?fit=1200%2C800&ssl=1&resize=525%2C300 1.5x, https:\/\/i0.wp.com\/www.jazzzeitung.de\/cms\/wp-content\/uploads\/2021\/08\/DSC08785.jpg?fit=1200%2C800&ssl=1&resize=700%2C400 2x, https:\/\/i0.wp.com\/www.jazzzeitung.de\/cms\/wp-content\/uploads\/2021\/08\/DSC08785.jpg?fit=1200%2C800&ssl=1&resize=1050%2C600 3x"},"classes":[]},{"id":27969,"url":"https:\/\/www.jazzzeitung.de\/cms\/2022\/07\/die-erweiterte-jazz-radiowoche-vom-01-08-bis-07-08-2022\/","url_meta":{"origin":29930,"position":4},"title":"Die erweiterte Jazz-Radiowoche vom 01.08. bis 07.08.2022","author":"Martin Hufner","date":"31. Juli 2022","format":false,"excerpt":"Ein kleiner Blick in die Radiowoche 31. Die Luft ist d\u00fcnner geworden, denn es ist Festspielsommer bei der ARD. Das hei\u00dft, f\u00fcr manche Sender findet Jazz jetzt erst wirklich statt, f\u00fcr andere hei\u00dft es Reduktion auf eine halbe Stunde vor Mitternacht. Teilnehmende Sender beim ARD-Radiofestival: NDR Kultur, Bremen Zwei, WDR\u2026","rel":"","context":"In &quot;News&quot;","block_context":{"text":"News","link":"https:\/\/www.jazzzeitung.de\/cms\/thema\/nachrichten\/"},"img":{"alt_text":"Jazz im Radio. Foto\/Montage: Hufner","src":"https:\/\/i0.wp.com\/www.jazzzeitung.de\/cms\/wp-content\/uploads\/2018\/05\/radio-jazz_journalisten.jpg?fit=1200%2C900&ssl=1&resize=350%2C200","width":350,"height":200,"srcset":"https:\/\/i0.wp.com\/www.jazzzeitung.de\/cms\/wp-content\/uploads\/2018\/05\/radio-jazz_journalisten.jpg?fit=1200%2C900&ssl=1&resize=350%2C200 1x, https:\/\/i0.wp.com\/www.jazzzeitung.de\/cms\/wp-content\/uploads\/2018\/05\/radio-jazz_journalisten.jpg?fit=1200%2C900&ssl=1&resize=525%2C300 1.5x, https:\/\/i0.wp.com\/www.jazzzeitung.de\/cms\/wp-content\/uploads\/2018\/05\/radio-jazz_journalisten.jpg?fit=1200%2C900&ssl=1&resize=700%2C400 2x, https:\/\/i0.wp.com\/www.jazzzeitung.de\/cms\/wp-content\/uploads\/2018\/05\/radio-jazz_journalisten.jpg?fit=1200%2C900&ssl=1&resize=1050%2C600 3x"},"classes":[]},{"id":23216,"url":"https:\/\/www.jazzzeitung.de\/cms\/2020\/08\/die-grandiose-corona-ausgabe-des-inntoene-festivals\/","url_meta":{"origin":29930,"position":5},"title":"Die Corona-Ausgabe des \u201eInnt\u00f6ne\u201c-Festivals","author":"Redaktion JazzZeitung","date":"25. August 2020","format":false,"excerpt":"Wiese, Stimmen, Sensationen Nat\u00fcrlich war in diesem Jahr auch beim \u201eInnt\u00f6ne Festival\u201c alles anders. Lange war nicht klar, ob es \u00fcberhaupt w\u00fcrde stattfinden k\u00f6nnen, der \u00fcbliche Pfingsttermin war wegen Lockdown ohnehin schnell vom Tisch. Aber Paul Zauner, als Posaunist, Labelbetreiber (\u201ePao\u201c), Veranstalter (unter anderem auch des praktisch kompletten Jazzgeschehens in\u2026","rel":"","context":"In &quot;Bericht&quot;","block_context":{"text":"Bericht","link":"https:\/\/www.jazzzeitung.de\/cms\/thema\/bericht\/"},"img":{"alt_text":"","src":"https:\/\/i0.wp.com\/www.jazzzeitung.de\/cms\/wp-content\/uploads\/2020\/08\/Inntoene5-scaled.jpg?fit=1200%2C900&ssl=1&resize=350%2C200","width":350,"height":200,"srcset":"https:\/\/i0.wp.com\/www.jazzzeitung.de\/cms\/wp-content\/uploads\/2020\/08\/Inntoene5-scaled.jpg?fit=1200%2C900&ssl=1&resize=350%2C200 1x, https:\/\/i0.wp.com\/www.jazzzeitung.de\/cms\/wp-content\/uploads\/2020\/08\/Inntoene5-scaled.jpg?fit=1200%2C900&ssl=1&resize=525%2C300 1.5x, https:\/\/i0.wp.com\/www.jazzzeitung.de\/cms\/wp-content\/uploads\/2020\/08\/Inntoene5-scaled.jpg?fit=1200%2C900&ssl=1&resize=700%2C400 2x, https:\/\/i0.wp.com\/www.jazzzeitung.de\/cms\/wp-content\/uploads\/2020\/08\/Inntoene5-scaled.jpg?fit=1200%2C900&ssl=1&resize=1050%2C600 3x"},"classes":[]}],"jetpack_sharing_enabled":true,"_links":{"self":[{"href":"https:\/\/www.jazzzeitung.de\/cms\/wp-json\/wp\/v2\/posts\/29930","targetHints":{"allow":["GET"]}}],"collection":[{"href":"https:\/\/www.jazzzeitung.de\/cms\/wp-json\/wp\/v2\/posts"}],"about":[{"href":"https:\/\/www.jazzzeitung.de\/cms\/wp-json\/wp\/v2\/types\/post"}],"author":[{"embeddable":true,"href":"https:\/\/www.jazzzeitung.de\/cms\/wp-json\/wp\/v2\/users\/18"}],"replies":[{"embeddable":true,"href":"https:\/\/www.jazzzeitung.de\/cms\/wp-json\/wp\/v2\/comments?post=29930"}],"version-history":[{"count":8,"href":"https:\/\/www.jazzzeitung.de\/cms\/wp-json\/wp\/v2\/posts\/29930\/revisions"}],"predecessor-version":[{"id":29968,"href":"https:\/\/www.jazzzeitung.de\/cms\/wp-json\/wp\/v2\/posts\/29930\/revisions\/29968"}],"wp:featuredmedia":[{"embeddable":true,"href":"https:\/\/www.jazzzeitung.de\/cms\/wp-json\/wp\/v2\/media\/29932"}],"wp:attachment":[{"href":"https:\/\/www.jazzzeitung.de\/cms\/wp-json\/wp\/v2\/media?parent=29930"}],"wp:term":[{"taxonomy":"category","embeddable":true,"href":"https:\/\/www.jazzzeitung.de\/cms\/wp-json\/wp\/v2\/categories?post=29930"},{"taxonomy":"post_tag","embeddable":true,"href":"https:\/\/www.jazzzeitung.de\/cms\/wp-json\/wp\/v2\/tags?post=29930"},{"taxonomy":"author","embeddable":true,"href":"https:\/\/www.jazzzeitung.de\/cms\/wp-json\/wp\/v2\/coauthors?post=29930"}],"curies":[{"name":"wp","href":"https:\/\/api.w.org\/{rel}","templated":true}]}}