{"id":29894,"date":"2023-08-04T07:26:05","date_gmt":"2023-08-04T05:26:05","guid":{"rendered":"https:\/\/www.jazzzeitung.de\/cms\/?p=29894"},"modified":"2023-08-03T13:26:39","modified_gmt":"2023-08-03T11:26:39","slug":"muenchens-jazzsommer-im-hotel-bayerischer-hof","status":"publish","type":"post","link":"https:\/\/www.jazzzeitung.de\/cms\/2023\/08\/muenchens-jazzsommer-im-hotel-bayerischer-hof\/","title":{"rendered":"M\u00fcnchens Jazzsommer im Hotel Bayerischer Hof"},"content":{"rendered":"<p><strong>Nach vier Jahren Zwangspause wagte das Hotel Bayerischer Hof in M\u00fcnchen einen Neustart seines Jazzsommers. Eine beeindruckende Ausstellung mit Schwarz-Wei\u00df-Fotos von Lena Semmelroggen und ein interessantes Musikfilm-Programm im hauseigenen Kino begleiteten die Konzerte. Diese standen erstmals unter der k\u00fcnstlerischen Leitung des Fachjournalisten Oliver Hochkeppel, der sein stimmiges erstes Programm unter den Titel \u201eBummel durch Europa\u201c stellte. Als doppelten Auftakt brachte er aber vorweg Jazz aus den USA auf die B\u00fchne, ohne den es den pr\u00e4sentierten eigenst\u00e4ndigen europ\u00e4ischen Jazz ja nicht g\u00e4be.<\/strong><\/p>\n<p>So gab es also\u00a0 an zwei Tagen viele Standards zu h\u00f6ren. Zuerst von der dynamischen Altsaxophonistin Lakecia Benjamin in sehr intensiven und eigenwilligen Fassungen: Coltranes Hymne \u201eA Love Supreme\u201c als Up-tempo-St\u00fcck ist zumindest gew\u00f6hnungsbed\u00fcrftig. Ihr Begleittrio mit einem virtuosen Zaccai Curtis am Fl\u00fcgel, Ivan Taylor am Bass und EJ Strickland am Schlagzeug wirkte dagegen abgekl\u00e4rt, aber nicht minder kreativ. Zur Tradition des Jazzsommers geh\u00f6rt ein Auftritt des 2. Preistr\u00e4gers des Kurt Maas Jazz Award. Ausgew\u00e4hlt wurde 2023 der koreanische Schlagzeuger Minchan Kim, der sich der Tradition des Modern Jazz vor allem der 60er- und 70er-Jahre verschrieben hat. Zusammen mit dem Pianisten Theo Kolross und dem 3. Preistr\u00e4ger Karl Forster am Tenorsaxophon lie\u00df er diese \u00fcberzeugend lebendig werden. Seinen Namensvetter DaeHo Kim am Bass l\u00f6ste f\u00fcr ein St\u00fcck Martin Zenker ab, der Kim vor 15 Jahren als Dozent in Seoul f\u00fcr den Jazz begeisterte.<\/p>\n<div class=\"tiled-gallery type-rectangular tiled-gallery-unresized\" data-original-width=\"840\" data-carousel-extra='{&quot;blog_id&quot;:1,&quot;permalink&quot;:&quot;https:\\\/\\\/www.jazzzeitung.de\\\/cms\\\/2023\\\/08\\\/muenchens-jazzsommer-im-hotel-bayerischer-hof\\\/&quot;,&quot;likes_blog_id&quot;:55446655}' itemscope itemtype=\"http:\/\/schema.org\/ImageGallery\" > <div class=\"gallery-row\" style=\"width: 840px; height: 593px;\" data-original-width=\"840\" data-original-height=\"593\" > <div class=\"gallery-group images-2\" style=\"width: 446px; height: 593px;\" data-original-width=\"446\" data-original-height=\"593\" > <div class=\"tiled-gallery-item tiled-gallery-item-large\" itemprop=\"associatedMedia\" itemscope itemtype=\"http:\/\/schema.org\/ImageObject\"> <a href=\"https:\/\/www.jazzzeitung.de\/cms\/2023\/08\/muenchens-jazzsommer-im-hotel-bayerischer-hof\/hochkeppel-volkhardt-semmelroggen-mohrgodehard-lutzbayern-mail-de_imgp4099b\/\" border=\"0\" itemprop=\"url\"> <meta itemprop=\"width\" content=\"442\"> <meta itemprop=\"height\" content=\"293\"> <img decoding=\"async\" class=\"\" data-attachment-id=\"29897\" data-orig-file=\"https:\/\/www.jazzzeitung.de\/cms\/wp-content\/uploads\/2023\/08\/HOCHKEPPEL-VOLKHARDT-SEMMELROGGEN-MOHR\u00a9Godehard.Lutz@bayern-mail.de_IMGP4099B.jpg\" data-orig-size=\"1890,1252\" data-comments-opened=\"1\" data-image-meta=\"{&quot;aperture&quot;:&quot;3.2&quot;,&quot;credit&quot;:&quot;Godehard LUTZ&quot;,&quot;camera&quot;:&quot;PENTAX K-30&quot;,&quot;caption&quot;:&quot;&quot;,&quot;created_timestamp&quot;:&quot;1690310603&quot;,&quot;copyright&quot;:&quot;Godehard.Lutz@maxi-dsl.de&quot;,&quot;focal_length&quot;:&quot;50&quot;,&quot;iso&quot;:&quot;800&quot;,&quot;shutter_speed&quot;:&quot;0.008&quot;,&quot;title&quot;:&quot;&quot;,&quot;orientation&quot;:&quot;1&quot;}\" data-image-title=\"\" data-image-description=\"\" data-medium-file=\"https:\/\/i0.wp.com\/www.jazzzeitung.de\/cms\/wp-content\/uploads\/2023\/08\/HOCHKEPPEL-VOLKHARDT-SEMMELROGGEN-MOHR%C2%A9Godehard.Lutz%40bayern-mail.de_IMGP4099B.jpg?fit=300%2C199&#038;ssl=1\" data-large-file=\"https:\/\/i0.wp.com\/www.jazzzeitung.de\/cms\/wp-content\/uploads\/2023\/08\/HOCHKEPPEL-VOLKHARDT-SEMMELROGGEN-MOHR%C2%A9Godehard.Lutz%40bayern-mail.de_IMGP4099B.jpg?fit=840%2C556&#038;ssl=1\" src=\"https:\/\/i0.wp.com\/www.jazzzeitung.de\/cms\/wp-content\/uploads\/2023\/08\/HOCHKEPPEL-VOLKHARDT-SEMMELROGGEN-MOHR%C2%A9Godehard.Lutz%40bayern-mail.de_IMGP4099B.jpg?w=442&#038;h=293&#038;ssl=1\" width=\"442\" height=\"293\" loading=\"lazy\" data-original-width=\"442\" data-original-height=\"293\" itemprop=\"http:\/\/schema.org\/image\" title=\"\" alt=\"Oliver Hochkepperl, Innegrit Volkhardt, Lena Semmelroggen und Jessica Mohr. Foto: Godehard Lutz\" style=\"width: 442px; height: 293px;\" \/> <\/a> <div class=\"tiled-gallery-caption\" itemprop=\"caption description\"> Oliver Hochkepperl, Innegrit Volkhardt, Lena Semmelroggen und Jessica Mohr. Foto: Godehard Lutz <\/div> <\/div> <div class=\"tiled-gallery-item tiled-gallery-item-large\" itemprop=\"associatedMedia\" itemscope itemtype=\"http:\/\/schema.org\/ImageObject\"> <a href=\"https:\/\/www.jazzzeitung.de\/cms\/2023\/08\/muenchens-jazzsommer-im-hotel-bayerischer-hof\/kimminchangodehard-lutzbayern-mail-de_imgp4060-2\/\" border=\"0\" itemprop=\"url\"> <meta itemprop=\"width\" content=\"442\"> <meta itemprop=\"height\" content=\"292\"> <img decoding=\"async\" class=\"\" data-attachment-id=\"29898\" data-orig-file=\"https:\/\/www.jazzzeitung.de\/cms\/wp-content\/uploads\/2023\/08\/KIMMinchan\u00a9Godehard.Lutz@bayern-mail.de_IMGP4060-1.jpg\" data-orig-size=\"1654,1095\" data-comments-opened=\"1\" data-image-meta=\"{&quot;aperture&quot;:&quot;2.8&quot;,&quot;credit&quot;:&quot;Godehard LUTZ&quot;,&quot;camera&quot;:&quot;PENTAX K-30&quot;,&quot;caption&quot;:&quot;&quot;,&quot;created_timestamp&quot;:&quot;1690237969&quot;,&quot;copyright&quot;:&quot;Godehard.Lutz@maxi-dsl.de&quot;,&quot;focal_length&quot;:&quot;110&quot;,&quot;iso&quot;:&quot;6400&quot;,&quot;shutter_speed&quot;:&quot;0.01&quot;,&quot;title&quot;:&quot;&quot;,&quot;orientation&quot;:&quot;1&quot;}\" data-image-title=\"\u00a9Godehard.Lutz@bayern-mail.de_IMGP4060\" data-image-description=\"\" data-medium-file=\"https:\/\/i0.wp.com\/www.jazzzeitung.de\/cms\/wp-content\/uploads\/2023\/08\/KIMMinchan%C2%A9Godehard.Lutz%40bayern-mail.de_IMGP4060-1.jpg?fit=300%2C199&#038;ssl=1\" data-large-file=\"https:\/\/i0.wp.com\/www.jazzzeitung.de\/cms\/wp-content\/uploads\/2023\/08\/KIMMinchan%C2%A9Godehard.Lutz%40bayern-mail.de_IMGP4060-1.jpg?fit=840%2C556&#038;ssl=1\" src=\"https:\/\/i0.wp.com\/www.jazzzeitung.de\/cms\/wp-content\/uploads\/2023\/08\/KIMMinchan%C2%A9Godehard.Lutz%40bayern-mail.de_IMGP4060-1.jpg?w=442&#038;h=292&#038;ssl=1\" width=\"442\" height=\"292\" loading=\"lazy\" data-original-width=\"442\" data-original-height=\"292\" itemprop=\"http:\/\/schema.org\/image\" title=\"\u00a9Godehard.Lutz@bayern-mail.de_IMGP4060\" alt=\"Minchan Kim. Foto: Godehard Lutz\" style=\"width: 442px; height: 292px;\" \/> <\/a> <div class=\"tiled-gallery-caption\" itemprop=\"caption description\"> Minchan Kim. Foto: Godehard Lutz <\/div> <\/div> <\/div> <!-- close group --> <div class=\"gallery-group images-1\" style=\"width: 394px; height: 593px;\" data-original-width=\"394\" data-original-height=\"593\" > <div class=\"tiled-gallery-item tiled-gallery-item-large\" itemprop=\"associatedMedia\" itemscope itemtype=\"http:\/\/schema.org\/ImageObject\"> <a href=\"https:\/\/www.jazzzeitung.de\/cms\/2023\/08\/muenchens-jazzsommer-im-hotel-bayerischer-hof\/zenkermartingodehard-lutzbayern-mail-de_imgp4071-2\/\" border=\"0\" itemprop=\"url\"> <meta itemprop=\"width\" content=\"390\"> <meta itemprop=\"height\" content=\"589\"> <img decoding=\"async\" class=\"\" data-attachment-id=\"29899\" data-orig-file=\"https:\/\/www.jazzzeitung.de\/cms\/wp-content\/uploads\/2023\/08\/ZENKERMartin\u00a9Godehard.Lutz@bayern-mail.de_IMGP4071-1-scaled.jpg\" data-orig-size=\"1696,2560\" data-comments-opened=\"1\" data-image-meta=\"{&quot;aperture&quot;:&quot;2.8&quot;,&quot;credit&quot;:&quot;Godehard LUTZ&quot;,&quot;camera&quot;:&quot;PENTAX K-30&quot;,&quot;caption&quot;:&quot;&quot;,&quot;created_timestamp&quot;:&quot;1690239817&quot;,&quot;copyright&quot;:&quot;Godehard.Lutz@maxi-dsl.de&quot;,&quot;focal_length&quot;:&quot;80&quot;,&quot;iso&quot;:&quot;1600&quot;,&quot;shutter_speed&quot;:&quot;0.008&quot;,&quot;title&quot;:&quot;&quot;,&quot;orientation&quot;:&quot;1&quot;}\" data-image-title=\"\u00a9Godehard.Lutz@bayern-mail.de_IMGP4071\" data-image-description=\"\" data-medium-file=\"https:\/\/i0.wp.com\/www.jazzzeitung.de\/cms\/wp-content\/uploads\/2023\/08\/ZENKERMartin%C2%A9Godehard.Lutz%40bayern-mail.de_IMGP4071-1-scaled.jpg?fit=199%2C300&#038;ssl=1\" data-large-file=\"https:\/\/i0.wp.com\/www.jazzzeitung.de\/cms\/wp-content\/uploads\/2023\/08\/ZENKERMartin%C2%A9Godehard.Lutz%40bayern-mail.de_IMGP4071-1-scaled.jpg?fit=397%2C600&#038;ssl=1\" src=\"https:\/\/i0.wp.com\/www.jazzzeitung.de\/cms\/wp-content\/uploads\/2023\/08\/ZENKERMartin%C2%A9Godehard.Lutz%40bayern-mail.de_IMGP4071-1-scaled.jpg?w=390&#038;h=589&#038;ssl=1\" width=\"390\" height=\"589\" loading=\"lazy\" data-original-width=\"390\" data-original-height=\"589\" itemprop=\"http:\/\/schema.org\/image\" title=\"\u00a9Godehard.Lutz@bayern-mail.de_IMGP4071\" alt=\"Martin Zenker. Foto: Godehard Lutz\" style=\"width: 390px; height: 589px;\" \/> <\/a> <div class=\"tiled-gallery-caption\" itemprop=\"caption description\"> Martin Zenker. Foto: Godehard Lutz <\/div> <\/div> <\/div> <!-- close group --> <\/div> <!-- close row --> <\/div>\n<p>&nbsp;<\/p>\n<p>So wurde der Jazzsommer auch ein Schlagzeug-Fest mit Kim, Strickland, Alexandre Fraz\u00e3o aus Portugal, Olavi Louhivouori aus Finnland und Erland Dahlen aus Norwegen \u2013 alle auf ihre spezielle Art Meister ihres Faches. Zugleich war der Jazzsommer 2023 ein Festival von (exzellenten) Trompetern, wie die englische Trompeterin Laura Jurd fachfraulich feststellte. Denn au\u00dfer ihr traten im Night Club ihre ber\u00fchmten Kollegen Verneri Pohjola aus Finnland und Nils Petter Molvaer aus Norwegen auf.<\/p>\n<div class=\"tiled-gallery type-rectangular tiled-gallery-unresized\" data-original-width=\"840\" data-carousel-extra='{&quot;blog_id&quot;:1,&quot;permalink&quot;:&quot;https:\\\/\\\/www.jazzzeitung.de\\\/cms\\\/2023\\\/08\\\/muenchens-jazzsommer-im-hotel-bayerischer-hof\\\/&quot;,&quot;likes_blog_id&quot;:55446655}' itemscope itemtype=\"http:\/\/schema.org\/ImageGallery\" > <div class=\"gallery-row\" style=\"width: 840px; height: 373px;\" data-original-width=\"840\" data-original-height=\"373\" > <div class=\"gallery-group images-1\" style=\"width: 561px; height: 373px;\" data-original-width=\"561\" data-original-height=\"373\" > <div class=\"tiled-gallery-item tiled-gallery-item-large\" itemprop=\"associatedMedia\" itemscope itemtype=\"http:\/\/schema.org\/ImageObject\"> <a href=\"https:\/\/www.jazzzeitung.de\/cms\/2023\/08\/muenchens-jazzsommer-im-hotel-bayerischer-hof\/jrbb_kuhn-sladek-rennergodehard-lutzbayern-mail-de_imgp4144ab\/\" border=\"0\" itemprop=\"url\"> <meta itemprop=\"width\" content=\"557\"> <meta itemprop=\"height\" content=\"369\"> <img decoding=\"async\" class=\"\" data-attachment-id=\"29903\" data-orig-file=\"https:\/\/www.jazzzeitung.de\/cms\/wp-content\/uploads\/2023\/08\/JRBB_KUHN-SLADEK-RENNER\u00a9Godehard.Lutz@bayern-mail.de_IMGP4144AB.jpg\" data-orig-size=\"1890,1252\" data-comments-opened=\"1\" data-image-meta=\"{&quot;aperture&quot;:&quot;3.2&quot;,&quot;credit&quot;:&quot;Godehard LUTZ&quot;,&quot;camera&quot;:&quot;PENTAX K-30&quot;,&quot;caption&quot;:&quot;&quot;,&quot;created_timestamp&quot;:&quot;1690320461&quot;,&quot;copyright&quot;:&quot;Godehard.Lutz@maxi-dsl.de&quot;,&quot;focal_length&quot;:&quot;80&quot;,&quot;iso&quot;:&quot;800&quot;,&quot;shutter_speed&quot;:&quot;0.005&quot;,&quot;title&quot;:&quot;&quot;,&quot;orientation&quot;:&quot;1&quot;}\" data-image-title=\"\" data-image-description=\"\" data-medium-file=\"https:\/\/i0.wp.com\/www.jazzzeitung.de\/cms\/wp-content\/uploads\/2023\/08\/JRBB_KUHN-SLADEK-RENNER%C2%A9Godehard.Lutz%40bayern-mail.de_IMGP4144AB.jpg?fit=300%2C199&#038;ssl=1\" data-large-file=\"https:\/\/i0.wp.com\/www.jazzzeitung.de\/cms\/wp-content\/uploads\/2023\/08\/JRBB_KUHN-SLADEK-RENNER%C2%A9Godehard.Lutz%40bayern-mail.de_IMGP4144AB.jpg?fit=840%2C556&#038;ssl=1\" src=\"https:\/\/i0.wp.com\/www.jazzzeitung.de\/cms\/wp-content\/uploads\/2023\/08\/JRBB_KUHN-SLADEK-RENNER%C2%A9Godehard.Lutz%40bayern-mail.de_IMGP4144AB.jpg?w=557&#038;h=369&#038;ssl=1\" width=\"557\" height=\"369\" loading=\"lazy\" data-original-width=\"557\" data-original-height=\"369\" itemprop=\"http:\/\/schema.org\/image\" title=\"\" alt=\"Jazzrauschbigband mit Leonhard Kuhn, Roman Sladerk und Valentin Renner. Foto: Godehard Lutz\" style=\"width: 557px; height: 369px;\" \/> <\/a> <div class=\"tiled-gallery-caption\" itemprop=\"caption description\"> Jazzrauschbigband mit Leonhard Kuhn, Roman Sladerk und Valentin Renner. Foto: Godehard Lutz <\/div> <\/div> <\/div> <!-- close group --> <div class=\"gallery-group images-2\" style=\"width: 279px; height: 373px;\" data-original-width=\"279\" data-original-height=\"373\" > <div class=\"tiled-gallery-item tiled-gallery-item-large\" itemprop=\"associatedMedia\" itemscope itemtype=\"http:\/\/schema.org\/ImageObject\"> <a href=\"https:\/\/www.jazzzeitung.de\/cms\/2023\/08\/muenchens-jazzsommer-im-hotel-bayerischer-hof\/jrbbgodehard-lutzbayern-mail-de_imgp4108\/\" border=\"0\" itemprop=\"url\"> <meta itemprop=\"width\" content=\"275\"> <meta itemprop=\"height\" content=\"183\"> <img decoding=\"async\" class=\"\" data-attachment-id=\"29904\" data-orig-file=\"https:\/\/www.jazzzeitung.de\/cms\/wp-content\/uploads\/2023\/08\/JRBB\u00a9Godehard.Lutz@bayern-mail.de_IMGP4108.jpg\" data-orig-size=\"1890,1252\" data-comments-opened=\"1\" data-image-meta=\"{&quot;aperture&quot;:&quot;2.8&quot;,&quot;credit&quot;:&quot;Godehard LUTZ&quot;,&quot;camera&quot;:&quot;PENTAX K-30&quot;,&quot;caption&quot;:&quot;&quot;,&quot;created_timestamp&quot;:&quot;1690314598&quot;,&quot;copyright&quot;:&quot;Godehard.Lutz@maxi-dsl.de&quot;,&quot;focal_length&quot;:&quot;28&quot;,&quot;iso&quot;:&quot;800&quot;,&quot;shutter_speed&quot;:&quot;0.016666666666667&quot;,&quot;title&quot;:&quot;&quot;,&quot;orientation&quot;:&quot;1&quot;}\" data-image-title=\"JRBB\u00a9Godehard.Lutz@bayern-mail.de_IMGP4108\" data-image-description=\"\" data-medium-file=\"https:\/\/i0.wp.com\/www.jazzzeitung.de\/cms\/wp-content\/uploads\/2023\/08\/JRBB%C2%A9Godehard.Lutz%40bayern-mail.de_IMGP4108.jpg?fit=300%2C199&#038;ssl=1\" data-large-file=\"https:\/\/i0.wp.com\/www.jazzzeitung.de\/cms\/wp-content\/uploads\/2023\/08\/JRBB%C2%A9Godehard.Lutz%40bayern-mail.de_IMGP4108.jpg?fit=840%2C556&#038;ssl=1\" src=\"https:\/\/i0.wp.com\/www.jazzzeitung.de\/cms\/wp-content\/uploads\/2023\/08\/JRBB%C2%A9Godehard.Lutz%40bayern-mail.de_IMGP4108.jpg?w=275&#038;h=183&#038;ssl=1\" width=\"275\" height=\"183\" loading=\"lazy\" data-original-width=\"275\" data-original-height=\"183\" itemprop=\"http:\/\/schema.org\/image\" title=\"JRBB\u00a9Godehard.Lutz@bayern-mail.de_IMGP4108\" alt=\"Jazzrausch im Festsaal. Foto: Godehard Lutz\" style=\"width: 275px; height: 183px;\" \/> <\/a> <div class=\"tiled-gallery-caption\" itemprop=\"caption description\"> Jazzrausch im Festsaal. Foto: Godehard Lutz <\/div> <\/div> <div class=\"tiled-gallery-item tiled-gallery-item-large\" itemprop=\"associatedMedia\" itemscope itemtype=\"http:\/\/schema.org\/ImageObject\"> <a href=\"https:\/\/www.jazzzeitung.de\/cms\/2023\/08\/muenchens-jazzsommer-im-hotel-bayerischer-hof\/molvaer20\/\" border=\"0\" itemprop=\"url\"> <meta itemprop=\"width\" content=\"275\"> <meta itemprop=\"height\" content=\"182\"> <img decoding=\"async\" class=\"\" data-attachment-id=\"29915\" data-orig-file=\"https:\/\/www.jazzzeitung.de\/cms\/wp-content\/uploads\/2023\/08\/Molvaer20.jpg\" data-orig-size=\"1772,1173\" data-comments-opened=\"1\" data-image-meta=\"{&quot;aperture&quot;:&quot;2.8&quot;,&quot;credit&quot;:&quot;Godehard LUTZ&quot;,&quot;camera&quot;:&quot;PENTAX K-30&quot;,&quot;caption&quot;:&quot;&quot;,&quot;created_timestamp&quot;:&quot;1690664718&quot;,&quot;copyright&quot;:&quot;Godehard.Lutz@maxi-dsl.de&quot;,&quot;focal_length&quot;:&quot;55&quot;,&quot;iso&quot;:&quot;800&quot;,&quot;shutter_speed&quot;:&quot;0.01&quot;,&quot;title&quot;:&quot;&quot;,&quot;orientation&quot;:&quot;1&quot;}\" data-image-title=\"Molvaer20\" data-image-description=\"\" data-medium-file=\"https:\/\/i0.wp.com\/www.jazzzeitung.de\/cms\/wp-content\/uploads\/2023\/08\/Molvaer20.jpg?fit=300%2C199&#038;ssl=1\" data-large-file=\"https:\/\/i0.wp.com\/www.jazzzeitung.de\/cms\/wp-content\/uploads\/2023\/08\/Molvaer20.jpg?fit=840%2C556&#038;ssl=1\" src=\"https:\/\/i0.wp.com\/www.jazzzeitung.de\/cms\/wp-content\/uploads\/2023\/08\/Molvaer20.jpg?w=275&#038;h=182&#038;ssl=1\" srcset=\"https:\/\/i0.wp.com\/www.jazzzeitung.de\/cms\/wp-content\/uploads\/2023\/08\/Molvaer20.jpg?w=1772&amp;ssl=1 1772w, https:\/\/i0.wp.com\/www.jazzzeitung.de\/cms\/wp-content\/uploads\/2023\/08\/Molvaer20.jpg?resize=300%2C199&amp;ssl=1 300w, https:\/\/i0.wp.com\/www.jazzzeitung.de\/cms\/wp-content\/uploads\/2023\/08\/Molvaer20.jpg?resize=900%2C596&amp;ssl=1 900w, https:\/\/i0.wp.com\/www.jazzzeitung.de\/cms\/wp-content\/uploads\/2023\/08\/Molvaer20.jpg?resize=768%2C508&amp;ssl=1 768w, https:\/\/i0.wp.com\/www.jazzzeitung.de\/cms\/wp-content\/uploads\/2023\/08\/Molvaer20.jpg?resize=1536%2C1017&amp;ssl=1 1536w, https:\/\/i0.wp.com\/www.jazzzeitung.de\/cms\/wp-content\/uploads\/2023\/08\/Molvaer20.jpg?resize=120%2C80&amp;ssl=1 120w, https:\/\/i0.wp.com\/www.jazzzeitung.de\/cms\/wp-content\/uploads\/2023\/08\/Molvaer20.jpg?resize=1320%2C874&amp;ssl=1 1320w, https:\/\/i0.wp.com\/www.jazzzeitung.de\/cms\/wp-content\/uploads\/2023\/08\/Molvaer20.jpg?w=1680&amp;ssl=1 1680w\" width=\"275\" height=\"182\" loading=\"lazy\" data-original-width=\"275\" data-original-height=\"182\" itemprop=\"http:\/\/schema.org\/image\" title=\"Molvaer20\" alt=\"Jo_Berger Myhre und Erland Dahlen. Foto: Godehard Lutz\" style=\"width: 275px; height: 182px;\" \/> <\/a> <div class=\"tiled-gallery-caption\" itemprop=\"caption description\"> Jo_Berger Myhre und Erland Dahlen. Foto: Godehard Lutz <\/div> <\/div> <\/div> <!-- close group --> <\/div> <!-- close row --> <div class=\"gallery-row\" style=\"width: 840px; height: 557px;\" data-original-width=\"840\" data-original-height=\"557\" > <div class=\"gallery-group images-1\" style=\"width: 840px; height: 557px;\" data-original-width=\"840\" data-original-height=\"557\" > <div class=\"tiled-gallery-item tiled-gallery-item-large\" itemprop=\"associatedMedia\" itemscope itemtype=\"http:\/\/schema.org\/ImageObject\"> <a href=\"https:\/\/www.jazzzeitung.de\/cms\/2023\/08\/muenchens-jazzsommer-im-hotel-bayerischer-hof\/molvaernils_pettergodehard-lutzbayern-mail-de_imgp4359\/\" border=\"0\" itemprop=\"url\"> <meta itemprop=\"width\" content=\"836\"> <meta itemprop=\"height\" content=\"553\"> <img decoding=\"async\" class=\"\" data-attachment-id=\"29916\" data-orig-file=\"https:\/\/www.jazzzeitung.de\/cms\/wp-content\/uploads\/2023\/08\/MOLVAERNils_Petter\u00a9Godehard.Lutz@bayern-mail.de_IMGP4359.jpg\" data-orig-size=\"1772,1173\" data-comments-opened=\"1\" data-image-meta=\"{&quot;aperture&quot;:&quot;2.8&quot;,&quot;credit&quot;:&quot;Godehard LUTZ&quot;,&quot;camera&quot;:&quot;PENTAX K-30&quot;,&quot;caption&quot;:&quot;&quot;,&quot;created_timestamp&quot;:&quot;1690665318&quot;,&quot;copyright&quot;:&quot;Godehard.Lutz@maxi-dsl.de&quot;,&quot;focal_length&quot;:&quot;148&quot;,&quot;iso&quot;:&quot;6400&quot;,&quot;shutter_speed&quot;:&quot;0.0125&quot;,&quot;title&quot;:&quot;&quot;,&quot;orientation&quot;:&quot;1&quot;}\" data-image-title=\"\" data-image-description=\"\" data-medium-file=\"https:\/\/i0.wp.com\/www.jazzzeitung.de\/cms\/wp-content\/uploads\/2023\/08\/MOLVAERNils_Petter%C2%A9Godehard.Lutz%40bayern-mail.de_IMGP4359.jpg?fit=300%2C199&#038;ssl=1\" data-large-file=\"https:\/\/i0.wp.com\/www.jazzzeitung.de\/cms\/wp-content\/uploads\/2023\/08\/MOLVAERNils_Petter%C2%A9Godehard.Lutz%40bayern-mail.de_IMGP4359.jpg?fit=840%2C556&#038;ssl=1\" src=\"https:\/\/i0.wp.com\/www.jazzzeitung.de\/cms\/wp-content\/uploads\/2023\/08\/MOLVAERNils_Petter%C2%A9Godehard.Lutz%40bayern-mail.de_IMGP4359.jpg?w=836&#038;h=553&#038;ssl=1\" width=\"836\" height=\"553\" loading=\"lazy\" data-original-width=\"836\" data-original-height=\"553\" itemprop=\"http:\/\/schema.org\/image\" title=\"\" alt=\"Nils Petter Molvaer. Foto: Godehard Lutz\" style=\"width: 836px; height: 553px;\" \/> <\/a> <div class=\"tiled-gallery-caption\" itemprop=\"caption description\"> Nils Petter Molvaer. Foto: Godehard Lutz <\/div> <\/div> <\/div> <!-- close group --> <\/div> <!-- close row --> <\/div>\n<p>&nbsp;<\/p>\n<p>Und noch ein Drummer muss genannt werden: Valentin Renner in der in M\u00fcnchen heimischen Jazzrausch-Bigband. Die durfte das offizielle Er\u00f6ffnungskonzert im gro\u00dfen, kunstnebelverhangenen Festsaal spielen.\u00a0 Mit ihrem Techno-Jazz leistet sie programmgem\u00e4\u00df ja durchaus einen sehr eigenst\u00e4ndigen Beitrag zum Jazz in Deutschland und Europa. Zudem bekam sie eigens einen Kompositionsauftrag, der in einer einst\u00fcndigen Urauff\u00fchrung des Programms \u201eEuropa\u201c m\u00fcndete. Darin verarbeitete Band-Komponist Leonhard Kuhn verschiedene pers\u00f6nliche Eindr\u00fccke, wie zum Beispiel die komplizierte Reise von M\u00fcnchen nach Prag mit der Bahn. Nach der Pause ging es dann h\u00e4rter zur Sache, mit Perlen aus dem umfangreichen Band-Repertoire aus der Feder Kuhns, etwa einer Hymne f\u00fcr die verlorene Heimat im Techno-Club Harry Klein oder dem letzten Satz aus Mahlers 5. Sinfonie, die am 15. September in der Isarphilharmonie aufgef\u00fchrt werden wird. Den Bigband-Fans wurde genauso viel geboten wie den Freunden der Techno-Beats, der Saal tobte.<\/p>\n<div class=\"tiled-gallery type-rectangular tiled-gallery-unresized\" data-original-width=\"840\" data-carousel-extra='{&quot;blog_id&quot;:1,&quot;permalink&quot;:&quot;https:\\\/\\\/www.jazzzeitung.de\\\/cms\\\/2023\\\/08\\\/muenchens-jazzsommer-im-hotel-bayerischer-hof\\\/&quot;,&quot;likes_blog_id&quot;:55446655}' itemscope itemtype=\"http:\/\/schema.org\/ImageGallery\" > <div class=\"gallery-row\" style=\"width: 840px; height: 194px;\" data-original-width=\"840\" data-original-height=\"194\" > <div class=\"gallery-group images-1\" style=\"width: 130px; height: 194px;\" data-original-width=\"130\" data-original-height=\"194\" > <div class=\"tiled-gallery-item tiled-gallery-item-small\" itemprop=\"associatedMedia\" itemscope itemtype=\"http:\/\/schema.org\/ImageObject\"> <a href=\"https:\/\/www.jazzzeitung.de\/cms\/2023\/08\/muenchens-jazzsommer-im-hotel-bayerischer-hof\/valcicasjagodehard-lutzbayern-mail-de_imgp4310b\/\" border=\"0\" itemprop=\"url\"> <meta itemprop=\"width\" content=\"126\"> <meta itemprop=\"height\" content=\"190\"> <img decoding=\"async\" class=\"\" data-attachment-id=\"29906\" data-orig-file=\"https:\/\/www.jazzzeitung.de\/cms\/wp-content\/uploads\/2023\/08\/VALCICAsja\u00a9Godehard.Lutz@bayern-mail.de_IMGP4310B-scaled.jpg\" data-orig-size=\"1696,2560\" data-comments-opened=\"1\" data-image-meta=\"{&quot;aperture&quot;:&quot;3.5&quot;,&quot;credit&quot;:&quot;Godehard LUTZ&quot;,&quot;camera&quot;:&quot;PENTAX K-30&quot;,&quot;caption&quot;:&quot;&quot;,&quot;created_timestamp&quot;:&quot;1690579860&quot;,&quot;copyright&quot;:&quot;Godehard.Lutz@maxi-dsl.de&quot;,&quot;focal_length&quot;:&quot;75&quot;,&quot;iso&quot;:&quot;800&quot;,&quot;shutter_speed&quot;:&quot;0.004&quot;,&quot;title&quot;:&quot;&quot;,&quot;orientation&quot;:&quot;1&quot;}\" data-image-title=\"\" data-image-description=\"\" data-medium-file=\"https:\/\/i0.wp.com\/www.jazzzeitung.de\/cms\/wp-content\/uploads\/2023\/08\/VALCICAsja%C2%A9Godehard.Lutz%40bayern-mail.de_IMGP4310B-scaled.jpg?fit=199%2C300&#038;ssl=1\" data-large-file=\"https:\/\/i0.wp.com\/www.jazzzeitung.de\/cms\/wp-content\/uploads\/2023\/08\/VALCICAsja%C2%A9Godehard.Lutz%40bayern-mail.de_IMGP4310B-scaled.jpg?fit=397%2C600&#038;ssl=1\" src=\"https:\/\/i0.wp.com\/www.jazzzeitung.de\/cms\/wp-content\/uploads\/2023\/08\/VALCICAsja%C2%A9Godehard.Lutz%40bayern-mail.de_IMGP4310B-scaled.jpg?w=126&#038;h=190&#038;ssl=1\" width=\"126\" height=\"190\" loading=\"lazy\" data-original-width=\"126\" data-original-height=\"190\" itemprop=\"http:\/\/schema.org\/image\" title=\"\" alt=\"Asja Valcic. Foto: Godehard Lutz\" style=\"width: 126px; height: 190px;\" \/> <\/a> <div class=\"tiled-gallery-caption\" itemprop=\"caption description\"> Asja Valcic. Foto: Godehard Lutz <\/div> <\/div> <\/div> <!-- close group --> <div class=\"gallery-group images-1\" style=\"width: 290px; height: 194px;\" data-original-width=\"290\" data-original-height=\"194\" > <div class=\"tiled-gallery-item tiled-gallery-item-large\" itemprop=\"associatedMedia\" itemscope itemtype=\"http:\/\/schema.org\/ImageObject\"> <a href=\"https:\/\/www.jazzzeitung.de\/cms\/2023\/08\/muenchens-jazzsommer-im-hotel-bayerischer-hof\/puschnigwolfgang-valcicasja-paierklausgodehard-lutzbayern-mail-de_imgp4326ab\/\" border=\"0\" itemprop=\"url\"> <meta itemprop=\"width\" content=\"286\"> <meta itemprop=\"height\" content=\"190\"> <img decoding=\"async\" class=\"\" data-attachment-id=\"29907\" data-orig-file=\"https:\/\/www.jazzzeitung.de\/cms\/wp-content\/uploads\/2023\/08\/PUSCHNIGWolfgang-VALCICAsja-PAIERKlaus\u00a9Godehard.Lutz@bayern-mail.de_IMGP4326AB.jpg\" data-orig-size=\"2126,1409\" data-comments-opened=\"1\" data-image-meta=\"{&quot;aperture&quot;:&quot;2.8&quot;,&quot;credit&quot;:&quot;Godehard LUTZ&quot;,&quot;camera&quot;:&quot;PENTAX K-30&quot;,&quot;caption&quot;:&quot;&quot;,&quot;created_timestamp&quot;:&quot;1690584577&quot;,&quot;copyright&quot;:&quot;Godehard.Lutz@maxi-dsl.de&quot;,&quot;focal_length&quot;:&quot;43&quot;,&quot;iso&quot;:&quot;800&quot;,&quot;shutter_speed&quot;:&quot;0.0125&quot;,&quot;title&quot;:&quot;&quot;,&quot;orientation&quot;:&quot;1&quot;}\" data-image-title=\"\" data-image-description=\"\" data-medium-file=\"https:\/\/i0.wp.com\/www.jazzzeitung.de\/cms\/wp-content\/uploads\/2023\/08\/PUSCHNIGWolfgang-VALCICAsja-PAIERKlaus%C2%A9Godehard.Lutz%40bayern-mail.de_IMGP4326AB.jpg?fit=300%2C199&#038;ssl=1\" data-large-file=\"https:\/\/i0.wp.com\/www.jazzzeitung.de\/cms\/wp-content\/uploads\/2023\/08\/PUSCHNIGWolfgang-VALCICAsja-PAIERKlaus%C2%A9Godehard.Lutz%40bayern-mail.de_IMGP4326AB.jpg?fit=840%2C556&#038;ssl=1\" src=\"https:\/\/i0.wp.com\/www.jazzzeitung.de\/cms\/wp-content\/uploads\/2023\/08\/PUSCHNIGWolfgang-VALCICAsja-PAIERKlaus%C2%A9Godehard.Lutz%40bayern-mail.de_IMGP4326AB.jpg?w=286&#038;h=190&#038;ssl=1\" width=\"286\" height=\"190\" loading=\"lazy\" data-original-width=\"286\" data-original-height=\"190\" itemprop=\"http:\/\/schema.org\/image\" title=\"\" alt=\"Wolfgang Puschnig, Asja Valcic und Klaus Paier. Foto: Godehard Lutz\" style=\"width: 286px; height: 190px;\" \/> <\/a> <div class=\"tiled-gallery-caption\" itemprop=\"caption description\"> Wolfgang Puschnig, Asja Valcic und Klaus Paier. Foto: Godehard Lutz <\/div> <\/div> <\/div> <!-- close group --> <div class=\"gallery-group images-1\" style=\"width: 130px; height: 194px;\" data-original-width=\"130\" data-original-height=\"194\" > <div class=\"tiled-gallery-item tiled-gallery-item-small\" itemprop=\"associatedMedia\" itemscope itemtype=\"http:\/\/schema.org\/ImageObject\"> <a href=\"https:\/\/www.jazzzeitung.de\/cms\/2023\/08\/muenchens-jazzsommer-im-hotel-bayerischer-hof\/puschnigwolfganggodehard-lutzbayern-mail-de_imgp4316\/\" border=\"0\" itemprop=\"url\"> <meta itemprop=\"width\" content=\"126\"> <meta itemprop=\"height\" content=\"190\"> <img decoding=\"async\" class=\"\" data-attachment-id=\"29908\" data-orig-file=\"https:\/\/www.jazzzeitung.de\/cms\/wp-content\/uploads\/2023\/08\/PUSCHNIGWolfgang\u00a9Godehard.Lutz@bayern-mail.de_IMGP4316-scaled.jpg\" data-orig-size=\"1696,2560\" data-comments-opened=\"1\" data-image-meta=\"{&quot;aperture&quot;:&quot;2.8&quot;,&quot;credit&quot;:&quot;Godehard LUTZ&quot;,&quot;camera&quot;:&quot;PENTAX K-30&quot;,&quot;caption&quot;:&quot;&quot;,&quot;created_timestamp&quot;:&quot;1690580631&quot;,&quot;copyright&quot;:&quot;Godehard.Lutz@maxi-dsl.de&quot;,&quot;focal_length&quot;:&quot;75&quot;,&quot;iso&quot;:&quot;3200&quot;,&quot;shutter_speed&quot;:&quot;0.033333333333333&quot;,&quot;title&quot;:&quot;&quot;,&quot;orientation&quot;:&quot;1&quot;}\" data-image-title=\"\" data-image-description=\"\" data-medium-file=\"https:\/\/i0.wp.com\/www.jazzzeitung.de\/cms\/wp-content\/uploads\/2023\/08\/PUSCHNIGWolfgang%C2%A9Godehard.Lutz%40bayern-mail.de_IMGP4316-scaled.jpg?fit=199%2C300&#038;ssl=1\" data-large-file=\"https:\/\/i0.wp.com\/www.jazzzeitung.de\/cms\/wp-content\/uploads\/2023\/08\/PUSCHNIGWolfgang%C2%A9Godehard.Lutz%40bayern-mail.de_IMGP4316-scaled.jpg?fit=397%2C600&#038;ssl=1\" src=\"https:\/\/i0.wp.com\/www.jazzzeitung.de\/cms\/wp-content\/uploads\/2023\/08\/PUSCHNIGWolfgang%C2%A9Godehard.Lutz%40bayern-mail.de_IMGP4316-scaled.jpg?w=126&#038;h=190&#038;ssl=1\" width=\"126\" height=\"190\" loading=\"lazy\" data-original-width=\"126\" data-original-height=\"190\" itemprop=\"http:\/\/schema.org\/image\" title=\"\" alt=\"Wolfgang Puschnig. Foto: Godehard Lutz\" style=\"width: 126px; height: 190px;\" \/> <\/a> <div class=\"tiled-gallery-caption\" itemprop=\"caption description\"> Wolfgang Puschnig. Foto: Godehard Lutz <\/div> <\/div> <\/div> <!-- close group --> <div class=\"gallery-group images-1\" style=\"width: 290px; height: 194px;\" data-original-width=\"290\" data-original-height=\"194\" > <div class=\"tiled-gallery-item tiled-gallery-item-large\" itemprop=\"associatedMedia\" itemscope itemtype=\"http:\/\/schema.org\/ImageObject\"> <a href=\"https:\/\/www.jazzzeitung.de\/cms\/2023\/08\/muenchens-jazzsommer-im-hotel-bayerischer-hof\/paierklausgodehard-lutzbayern-mail-de_imgp4325\/\" border=\"0\" itemprop=\"url\"> <meta itemprop=\"width\" content=\"286\"> <meta itemprop=\"height\" content=\"190\"> <img decoding=\"async\" class=\"\" data-attachment-id=\"29909\" data-orig-file=\"https:\/\/www.jazzzeitung.de\/cms\/wp-content\/uploads\/2023\/08\/PAIERKlaus\u00a9Godehard.Lutz@bayern-mail.de_IMGP4325.jpg\" data-orig-size=\"1772,1173\" data-comments-opened=\"1\" data-image-meta=\"{&quot;aperture&quot;:&quot;2.8&quot;,&quot;credit&quot;:&quot;Godehard LUTZ&quot;,&quot;camera&quot;:&quot;PENTAX K-30&quot;,&quot;caption&quot;:&quot;&quot;,&quot;created_timestamp&quot;:&quot;1690584057&quot;,&quot;copyright&quot;:&quot;Godehard.Lutz@maxi-dsl.de&quot;,&quot;focal_length&quot;:&quot;50&quot;,&quot;iso&quot;:&quot;1600&quot;,&quot;shutter_speed&quot;:&quot;0.01&quot;,&quot;title&quot;:&quot;&quot;,&quot;orientation&quot;:&quot;1&quot;}\" data-image-title=\"PAIER,Klaus\u00a9Godehard.Lutz@bayern-mail.de_IMGP4325\" data-image-description=\"\" data-medium-file=\"https:\/\/i0.wp.com\/www.jazzzeitung.de\/cms\/wp-content\/uploads\/2023\/08\/PAIERKlaus%C2%A9Godehard.Lutz%40bayern-mail.de_IMGP4325.jpg?fit=300%2C199&#038;ssl=1\" data-large-file=\"https:\/\/i0.wp.com\/www.jazzzeitung.de\/cms\/wp-content\/uploads\/2023\/08\/PAIERKlaus%C2%A9Godehard.Lutz%40bayern-mail.de_IMGP4325.jpg?fit=840%2C556&#038;ssl=1\" src=\"https:\/\/i0.wp.com\/www.jazzzeitung.de\/cms\/wp-content\/uploads\/2023\/08\/PAIERKlaus%C2%A9Godehard.Lutz%40bayern-mail.de_IMGP4325.jpg?w=286&#038;h=190&#038;ssl=1\" width=\"286\" height=\"190\" loading=\"lazy\" data-original-width=\"286\" data-original-height=\"190\" itemprop=\"http:\/\/schema.org\/image\" title=\"PAIER,Klaus\u00a9Godehard.Lutz@bayern-mail.de_IMGP4325\" alt=\"Klaus Paier. Foto: Godehard Lutz\" style=\"width: 286px; height: 190px;\" \/> <\/a> <div class=\"tiled-gallery-caption\" itemprop=\"caption description\"> Klaus Paier. Foto: Godehard Lutz <\/div> <\/div> <\/div> <!-- close group --> <\/div> <!-- close row --> <\/div>\n<p>So viel tosenden Applaus gab es erst wieder im Schlusskonzert mit Nils Petter Molvaer, Jo Berger Myhre an Bass und Gitarre und Erland Dahlen am Schlagzeug, f\u00fcr den verhangenen Trompetenklang \u00fcber einem auf und ab schwellenden Gruppensound mit donnernden Grooves und feinsten leisen Momenten. Dazwischen lagen vier weitere eher leise, von rhythmischen und melodischen Elementen gepr\u00e4gte Konzerte: Das meditative Quartett-Programm \u201eMonkey Mind\u201c von Pohjola und das freie Duo-Zusammenspiel von Laura Jurd mit Pianist Elliot Galvin, sozusagen einer intimen H\u00e4lfte des Quartetts Dinosaur. Daf\u00fcr holte sich das \u00f6sterreichische Duo Klaus Paier und Asja Valcic an\u00a0 Akkordeon, Bandoneon und Cello erstmals als Gast Wolfgang Puschnig am Alto und meistens an der Fl\u00f6te hinzu. Und als Kontrast zur Jazzrausch-Bigand erklang anschlie\u00dfend im Night-Club Keller der gar nicht immer wehm\u00fctige Fado-Jazz von Pianist <span class=\"mw-page-title-main\">J\u00falio <\/span>Resende, Bruno Chaveiro auf der portugiesischen Gitarre, Andr\u00e9 Rosinha am Bass und Alexandre Fraz\u00e3o am Schlagzeug.<\/p>\n<p>Text und Fotos: Godehard Lutz<\/p>\n<p>&nbsp;<\/p>\n<p>&nbsp;<\/p>\n<p>&nbsp;<\/p>\n<p>&nbsp;<\/p>\n<p>&nbsp;<\/p>\n<p>&nbsp;<\/p>\n","protected":false},"excerpt":{"rendered":"<p>Nach vier Jahren Zwangspause wagte das Hotel Bayerischer Hof in M\u00fcnchen einen Neustart seines Jazzsommers. Eine beeindruckende Ausstellung mit Schwarz-Wei\u00df-Fotos von Lena Semmelroggen und ein interessantes Musikfilm-Programm im hauseigenen Kino begleiteten die Konzerte. Diese standen erstmals unter der k\u00fcnstlerischen Leitung des Fachjournalisten Oliver Hochkeppel, der sein stimmiges erstes Programm unter den Titel \u201eBummel durch Europa\u201c stellte. Als doppelten Auftakt brachte er aber vorweg Jazz aus den USA auf die B\u00fchne, ohne den es den pr\u00e4sentierten eigenst\u00e4ndigen europ\u00e4ischen Jazz ja nicht g\u00e4be. So gab es also\u00a0 an zwei Tagen viele Standards zu h\u00f6ren. Zuerst von der dynamischen Altsaxophonistin Lakecia Benjamin in sehr intensiven und eigenwilligen Fassungen: Coltranes Hymne \u201eA Love Supreme\u201c als Up-tempo-St\u00fcck ist zumindest gew\u00f6hnungsbed\u00fcrftig. Ihr Begleittrio mit einem virtuosen Zaccai Curtis am Fl\u00fcgel, Ivan Taylor am Bass und EJ Strickland am Schlagzeug wirkte dagegen abgekl\u00e4rt, aber nicht minder kreativ. Zur Tradition des Jazzsommers geh\u00f6rt ein Auftritt des 2. Preistr\u00e4gers des Kurt Maas Jazz Award. Ausgew\u00e4hlt wurde 2023 der koreanische Schlagzeuger Minchan Kim, der sich der Tradition des Modern Jazz vor allem der 60er- und 70er-Jahre verschrieben hat. Zusammen mit dem Pianisten Theo Kolross und &hellip;<\/p>\n","protected":false},"author":18,"featured_media":29900,"comment_status":"open","ping_status":"closed","sticky":false,"template":"","format":"standard","meta":{"_jetpack_memberships_contains_paid_content":false,"footnotes":"","jetpack_publicize_message":"","jetpack_publicize_feature_enabled":true,"jetpack_social_post_already_shared":false,"jetpack_social_options":{"image_generator_settings":{"template":"highway","default_image_id":0,"font":"","enabled":false},"version":2}},"categories":[1053,652],"tags":[5094,1582,5093,5035,4425,5042,845,5039,5049],"coauthors":[695],"class_list":["post-29894","post","type-post","status-publish","format-standard","has-post-thumbnail","hentry","category-bericht","category-galerie","tag-innegrit-volkhardt","tag-jazzrausch","tag-jazzsommer-muenchen","tag-julio-resende","tag-moritz-renner","tag-night-club-hotel-bayerischer-hof","tag-oliver-hochkeppel","tag-paier-valcic-puschnig","tag-wolfgang-puschnig"],"yoast_head":"<!-- This site is optimized with the Yoast SEO plugin v27.5 - https:\/\/yoast.com\/product\/yoast-seo-wordpress\/ -->\n<title>M\u00fcnchens Jazzsommer im Hotel Bayerischer Hof - JazzZeitung<\/title>\n<meta name=\"robots\" content=\"index, follow, max-snippet:-1, max-image-preview:large, max-video-preview:-1\" \/>\n<link rel=\"canonical\" href=\"https:\/\/www.jazzzeitung.de\/cms\/2023\/08\/muenchens-jazzsommer-im-hotel-bayerischer-hof\/\" \/>\n<meta property=\"og:locale\" content=\"de_DE\" \/>\n<meta property=\"og:type\" content=\"article\" \/>\n<meta property=\"og:title\" content=\"M\u00fcnchens Jazzsommer im Hotel Bayerischer Hof - JazzZeitung\" \/>\n<meta property=\"og:description\" content=\"Nach vier Jahren Zwangspause wagte das Hotel Bayerischer Hof in M\u00fcnchen einen Neustart seines Jazzsommers. Eine beeindruckende Ausstellung mit Schwarz-Wei\u00df-Fotos von Lena Semmelroggen und ein interessantes Musikfilm-Programm im hauseigenen Kino begleiteten die Konzerte. Diese standen erstmals unter der k\u00fcnstlerischen Leitung des Fachjournalisten Oliver Hochkeppel, der sein stimmiges erstes Programm unter den Titel \u201eBummel durch Europa\u201c stellte. Als doppelten Auftakt brachte er aber vorweg Jazz aus den USA auf die B\u00fchne, ohne den es den pr\u00e4sentierten eigenst\u00e4ndigen europ\u00e4ischen Jazz ja nicht g\u00e4be. So gab es also\u00a0 an zwei Tagen viele Standards zu h\u00f6ren. Zuerst von der dynamischen Altsaxophonistin Lakecia Benjamin in sehr intensiven und eigenwilligen Fassungen: Coltranes Hymne \u201eA Love Supreme\u201c als Up-tempo-St\u00fcck ist zumindest gew\u00f6hnungsbed\u00fcrftig. Ihr Begleittrio mit einem virtuosen Zaccai Curtis am Fl\u00fcgel, Ivan Taylor am Bass und EJ Strickland am Schlagzeug wirkte dagegen abgekl\u00e4rt, aber nicht minder kreativ. Zur Tradition des Jazzsommers geh\u00f6rt ein Auftritt des 2. Preistr\u00e4gers des Kurt Maas Jazz Award. Ausgew\u00e4hlt wurde 2023 der koreanische Schlagzeuger Minchan Kim, der sich der Tradition des Modern Jazz vor allem der 60er- und 70er-Jahre verschrieben hat. Zusammen mit dem Pianisten Theo Kolross und &hellip;\" \/>\n<meta property=\"og:url\" content=\"https:\/\/www.jazzzeitung.de\/cms\/2023\/08\/muenchens-jazzsommer-im-hotel-bayerischer-hof\/\" \/>\n<meta property=\"og:site_name\" content=\"JazzZeitung\" \/>\n<meta property=\"article:publisher\" content=\"https:\/\/www.facebook.com\/JazzZeitung\/\" \/>\n<meta property=\"article:published_time\" content=\"2023-08-04T05:26:05+00:00\" \/>\n<meta property=\"og:image\" content=\"https:\/\/i0.wp.com\/www.jazzzeitung.de\/cms\/wp-content\/uploads\/2023\/08\/JRBB\u00a9Godehard.Lutz@bayern-mail.de_IMGP4117B.jpg?fit=1890%2C1252&ssl=1\" \/>\n\t<meta property=\"og:image:width\" content=\"1890\" \/>\n\t<meta property=\"og:image:height\" content=\"1252\" \/>\n\t<meta property=\"og:image:type\" content=\"image\/jpeg\" \/>\n<meta name=\"author\" content=\"Redaktion JazzZeitung\" \/>\n<script type=\"application\/ld+json\" class=\"yoast-schema-graph\">{\"@context\":\"https:\\\/\\\/schema.org\",\"@graph\":[{\"@type\":\"Article\",\"@id\":\"https:\\\/\\\/www.jazzzeitung.de\\\/cms\\\/2023\\\/08\\\/muenchens-jazzsommer-im-hotel-bayerischer-hof\\\/#article\",\"isPartOf\":{\"@id\":\"https:\\\/\\\/www.jazzzeitung.de\\\/cms\\\/2023\\\/08\\\/muenchens-jazzsommer-im-hotel-bayerischer-hof\\\/\"},\"author\":{\"name\":\"Redaktion JazzZeitung\",\"@id\":\"https:\\\/\\\/www.jazzzeitung.de\\\/cms\\\/#\\\/schema\\\/person\\\/2245b36b9cd1d24cea10f01c031fb92b\"},\"headline\":\"M\u00fcnchens Jazzsommer im Hotel Bayerischer Hof\",\"datePublished\":\"2023-08-04T05:26:05+00:00\",\"mainEntityOfPage\":{\"@id\":\"https:\\\/\\\/www.jazzzeitung.de\\\/cms\\\/2023\\\/08\\\/muenchens-jazzsommer-im-hotel-bayerischer-hof\\\/\"},\"wordCount\":653,\"commentCount\":0,\"publisher\":{\"@id\":\"https:\\\/\\\/www.jazzzeitung.de\\\/cms\\\/#organization\"},\"image\":{\"@id\":\"https:\\\/\\\/www.jazzzeitung.de\\\/cms\\\/2023\\\/08\\\/muenchens-jazzsommer-im-hotel-bayerischer-hof\\\/#primaryimage\"},\"thumbnailUrl\":\"https:\\\/\\\/i0.wp.com\\\/www.jazzzeitung.de\\\/cms\\\/wp-content\\\/uploads\\\/2023\\\/08\\\/JRBB%C2%A9Godehard.Lutz%40bayern-mail.de_IMGP4117B.jpg?fit=1890%2C1252&ssl=1\",\"keywords\":[\"Innegrit Volkhardt\",\"Jazzrausch\",\"Jazzsommer M\u00fcnchen\",\"J\u00falio Resende\",\"Moritz Renner\",\"Night Club Hotel Bayerischer Hof\",\"Oliver Hochkeppel\",\"Paier Valcic Puschnig\",\"Wolfgang Puschnig\"],\"articleSection\":[\"Bericht\",\"Galerie\"],\"inLanguage\":\"de\",\"potentialAction\":[{\"@type\":\"CommentAction\",\"name\":\"Comment\",\"target\":[\"https:\\\/\\\/www.jazzzeitung.de\\\/cms\\\/2023\\\/08\\\/muenchens-jazzsommer-im-hotel-bayerischer-hof\\\/#respond\"]}]},{\"@type\":\"WebPage\",\"@id\":\"https:\\\/\\\/www.jazzzeitung.de\\\/cms\\\/2023\\\/08\\\/muenchens-jazzsommer-im-hotel-bayerischer-hof\\\/\",\"url\":\"https:\\\/\\\/www.jazzzeitung.de\\\/cms\\\/2023\\\/08\\\/muenchens-jazzsommer-im-hotel-bayerischer-hof\\\/\",\"name\":\"M\u00fcnchens Jazzsommer im Hotel Bayerischer Hof - JazzZeitung\",\"isPartOf\":{\"@id\":\"https:\\\/\\\/www.jazzzeitung.de\\\/cms\\\/#website\"},\"primaryImageOfPage\":{\"@id\":\"https:\\\/\\\/www.jazzzeitung.de\\\/cms\\\/2023\\\/08\\\/muenchens-jazzsommer-im-hotel-bayerischer-hof\\\/#primaryimage\"},\"image\":{\"@id\":\"https:\\\/\\\/www.jazzzeitung.de\\\/cms\\\/2023\\\/08\\\/muenchens-jazzsommer-im-hotel-bayerischer-hof\\\/#primaryimage\"},\"thumbnailUrl\":\"https:\\\/\\\/i0.wp.com\\\/www.jazzzeitung.de\\\/cms\\\/wp-content\\\/uploads\\\/2023\\\/08\\\/JRBB%C2%A9Godehard.Lutz%40bayern-mail.de_IMGP4117B.jpg?fit=1890%2C1252&ssl=1\",\"datePublished\":\"2023-08-04T05:26:05+00:00\",\"breadcrumb\":{\"@id\":\"https:\\\/\\\/www.jazzzeitung.de\\\/cms\\\/2023\\\/08\\\/muenchens-jazzsommer-im-hotel-bayerischer-hof\\\/#breadcrumb\"},\"inLanguage\":\"de\",\"potentialAction\":[{\"@type\":\"ReadAction\",\"target\":[\"https:\\\/\\\/www.jazzzeitung.de\\\/cms\\\/2023\\\/08\\\/muenchens-jazzsommer-im-hotel-bayerischer-hof\\\/\"]}]},{\"@type\":\"ImageObject\",\"inLanguage\":\"de\",\"@id\":\"https:\\\/\\\/www.jazzzeitung.de\\\/cms\\\/2023\\\/08\\\/muenchens-jazzsommer-im-hotel-bayerischer-hof\\\/#primaryimage\",\"url\":\"https:\\\/\\\/i0.wp.com\\\/www.jazzzeitung.de\\\/cms\\\/wp-content\\\/uploads\\\/2023\\\/08\\\/JRBB%C2%A9Godehard.Lutz%40bayern-mail.de_IMGP4117B.jpg?fit=1890%2C1252&ssl=1\",\"contentUrl\":\"https:\\\/\\\/i0.wp.com\\\/www.jazzzeitung.de\\\/cms\\\/wp-content\\\/uploads\\\/2023\\\/08\\\/JRBB%C2%A9Godehard.Lutz%40bayern-mail.de_IMGP4117B.jpg?fit=1890%2C1252&ssl=1\",\"width\":1890,\"height\":1252},{\"@type\":\"BreadcrumbList\",\"@id\":\"https:\\\/\\\/www.jazzzeitung.de\\\/cms\\\/2023\\\/08\\\/muenchens-jazzsommer-im-hotel-bayerischer-hof\\\/#breadcrumb\",\"itemListElement\":[{\"@type\":\"ListItem\",\"position\":1,\"name\":\"Startseite\",\"item\":\"https:\\\/\\\/www.jazzzeitung.de\\\/cms\\\/\"},{\"@type\":\"ListItem\",\"position\":2,\"name\":\"M\u00fcnchens Jazzsommer im Hotel Bayerischer Hof\"}]},{\"@type\":\"WebSite\",\"@id\":\"https:\\\/\\\/www.jazzzeitung.de\\\/cms\\\/#website\",\"url\":\"https:\\\/\\\/www.jazzzeitung.de\\\/cms\\\/\",\"name\":\"JazzZeitung\",\"description\":\"Jazz-News und Jazz-Kontroverses\",\"publisher\":{\"@id\":\"https:\\\/\\\/www.jazzzeitung.de\\\/cms\\\/#organization\"},\"potentialAction\":[{\"@type\":\"SearchAction\",\"target\":{\"@type\":\"EntryPoint\",\"urlTemplate\":\"https:\\\/\\\/www.jazzzeitung.de\\\/cms\\\/?s={search_term_string}\"},\"query-input\":{\"@type\":\"PropertyValueSpecification\",\"valueRequired\":true,\"valueName\":\"search_term_string\"}}],\"inLanguage\":\"de\"},{\"@type\":\"Organization\",\"@id\":\"https:\\\/\\\/www.jazzzeitung.de\\\/cms\\\/#organization\",\"name\":\"JazzZeitung online\",\"url\":\"https:\\\/\\\/www.jazzzeitung.de\\\/cms\\\/\",\"logo\":{\"@type\":\"ImageObject\",\"inLanguage\":\"de\",\"@id\":\"https:\\\/\\\/www.jazzzeitung.de\\\/cms\\\/#\\\/schema\\\/logo\\\/image\\\/\",\"url\":\"https:\\\/\\\/i0.wp.com\\\/www.jazzzeitung.de\\\/cms\\\/wp-content\\\/uploads\\\/2015\\\/08\\\/JAZZZEITUNGDE_Logo_Neu.png?fit=499%2C200&ssl=1\",\"contentUrl\":\"https:\\\/\\\/i0.wp.com\\\/www.jazzzeitung.de\\\/cms\\\/wp-content\\\/uploads\\\/2015\\\/08\\\/JAZZZEITUNGDE_Logo_Neu.png?fit=499%2C200&ssl=1\",\"width\":499,\"height\":200,\"caption\":\"JazzZeitung online\"},\"image\":{\"@id\":\"https:\\\/\\\/www.jazzzeitung.de\\\/cms\\\/#\\\/schema\\\/logo\\\/image\\\/\"},\"sameAs\":[\"https:\\\/\\\/www.facebook.com\\\/JazzZeitung\\\/\"]},{\"@type\":\"Person\",\"@id\":\"https:\\\/\\\/www.jazzzeitung.de\\\/cms\\\/#\\\/schema\\\/person\\\/2245b36b9cd1d24cea10f01c031fb92b\",\"name\":\"Redaktion JazzZeitung\",\"image\":{\"@type\":\"ImageObject\",\"inLanguage\":\"de\",\"@id\":\"https:\\\/\\\/i0.wp.com\\\/www.jazzzeitung.de\\\/cms\\\/wp-content\\\/uploads\\\/2015\\\/08\\\/JAZZZEITUNGDE_Logo_Neu.png?resize=96%2C96&ssl=159975dcacb611b5700bd619b5daf0a7a\",\"url\":\"https:\\\/\\\/i0.wp.com\\\/www.jazzzeitung.de\\\/cms\\\/wp-content\\\/uploads\\\/2015\\\/08\\\/JAZZZEITUNGDE_Logo_Neu.png?resize=96%2C96&ssl=1\",\"contentUrl\":\"https:\\\/\\\/i0.wp.com\\\/www.jazzzeitung.de\\\/cms\\\/wp-content\\\/uploads\\\/2015\\\/08\\\/JAZZZEITUNGDE_Logo_Neu.png?resize=96%2C96&ssl=1\",\"caption\":\"Redaktion JazzZeitung\"},\"description\":\"Artikel der Redaktion der JazzZeitung.\",\"sameAs\":[\"http:\\\/\\\/www.jazzzeitung.de\\\/cms\\\/\"],\"url\":\"https:\\\/\\\/www.jazzzeitung.de\\\/cms\\\/author\\\/redaktion\\\/\"}]}<\/script>\n<!-- \/ Yoast SEO plugin. -->","yoast_head_json":{"title":"M\u00fcnchens Jazzsommer im Hotel Bayerischer Hof - JazzZeitung","robots":{"index":"index","follow":"follow","max-snippet":"max-snippet:-1","max-image-preview":"max-image-preview:large","max-video-preview":"max-video-preview:-1"},"canonical":"https:\/\/www.jazzzeitung.de\/cms\/2023\/08\/muenchens-jazzsommer-im-hotel-bayerischer-hof\/","og_locale":"de_DE","og_type":"article","og_title":"M\u00fcnchens Jazzsommer im Hotel Bayerischer Hof - JazzZeitung","og_description":"Nach vier Jahren Zwangspause wagte das Hotel Bayerischer Hof in M\u00fcnchen einen Neustart seines Jazzsommers. Eine beeindruckende Ausstellung mit Schwarz-Wei\u00df-Fotos von Lena Semmelroggen und ein interessantes Musikfilm-Programm im hauseigenen Kino begleiteten die Konzerte. Diese standen erstmals unter der k\u00fcnstlerischen Leitung des Fachjournalisten Oliver Hochkeppel, der sein stimmiges erstes Programm unter den Titel \u201eBummel durch Europa\u201c stellte. Als doppelten Auftakt brachte er aber vorweg Jazz aus den USA auf die B\u00fchne, ohne den es den pr\u00e4sentierten eigenst\u00e4ndigen europ\u00e4ischen Jazz ja nicht g\u00e4be. So gab es also\u00a0 an zwei Tagen viele Standards zu h\u00f6ren. Zuerst von der dynamischen Altsaxophonistin Lakecia Benjamin in sehr intensiven und eigenwilligen Fassungen: Coltranes Hymne \u201eA Love Supreme\u201c als Up-tempo-St\u00fcck ist zumindest gew\u00f6hnungsbed\u00fcrftig. Ihr Begleittrio mit einem virtuosen Zaccai Curtis am Fl\u00fcgel, Ivan Taylor am Bass und EJ Strickland am Schlagzeug wirkte dagegen abgekl\u00e4rt, aber nicht minder kreativ. Zur Tradition des Jazzsommers geh\u00f6rt ein Auftritt des 2. Preistr\u00e4gers des Kurt Maas Jazz Award. Ausgew\u00e4hlt wurde 2023 der koreanische Schlagzeuger Minchan Kim, der sich der Tradition des Modern Jazz vor allem der 60er- und 70er-Jahre verschrieben hat. Zusammen mit dem Pianisten Theo Kolross und &hellip;","og_url":"https:\/\/www.jazzzeitung.de\/cms\/2023\/08\/muenchens-jazzsommer-im-hotel-bayerischer-hof\/","og_site_name":"JazzZeitung","article_publisher":"https:\/\/www.facebook.com\/JazzZeitung\/","article_published_time":"2023-08-04T05:26:05+00:00","og_image":[{"width":1890,"height":1252,"url":"https:\/\/i0.wp.com\/www.jazzzeitung.de\/cms\/wp-content\/uploads\/2023\/08\/JRBB\u00a9Godehard.Lutz@bayern-mail.de_IMGP4117B.jpg?fit=1890%2C1252&ssl=1","type":"image\/jpeg"}],"author":"Redaktion JazzZeitung","schema":{"@context":"https:\/\/schema.org","@graph":[{"@type":"Article","@id":"https:\/\/www.jazzzeitung.de\/cms\/2023\/08\/muenchens-jazzsommer-im-hotel-bayerischer-hof\/#article","isPartOf":{"@id":"https:\/\/www.jazzzeitung.de\/cms\/2023\/08\/muenchens-jazzsommer-im-hotel-bayerischer-hof\/"},"author":{"name":"Redaktion JazzZeitung","@id":"https:\/\/www.jazzzeitung.de\/cms\/#\/schema\/person\/2245b36b9cd1d24cea10f01c031fb92b"},"headline":"M\u00fcnchens Jazzsommer im Hotel Bayerischer Hof","datePublished":"2023-08-04T05:26:05+00:00","mainEntityOfPage":{"@id":"https:\/\/www.jazzzeitung.de\/cms\/2023\/08\/muenchens-jazzsommer-im-hotel-bayerischer-hof\/"},"wordCount":653,"commentCount":0,"publisher":{"@id":"https:\/\/www.jazzzeitung.de\/cms\/#organization"},"image":{"@id":"https:\/\/www.jazzzeitung.de\/cms\/2023\/08\/muenchens-jazzsommer-im-hotel-bayerischer-hof\/#primaryimage"},"thumbnailUrl":"https:\/\/i0.wp.com\/www.jazzzeitung.de\/cms\/wp-content\/uploads\/2023\/08\/JRBB%C2%A9Godehard.Lutz%40bayern-mail.de_IMGP4117B.jpg?fit=1890%2C1252&ssl=1","keywords":["Innegrit Volkhardt","Jazzrausch","Jazzsommer M\u00fcnchen","J\u00falio Resende","Moritz Renner","Night Club Hotel Bayerischer Hof","Oliver Hochkeppel","Paier Valcic Puschnig","Wolfgang Puschnig"],"articleSection":["Bericht","Galerie"],"inLanguage":"de","potentialAction":[{"@type":"CommentAction","name":"Comment","target":["https:\/\/www.jazzzeitung.de\/cms\/2023\/08\/muenchens-jazzsommer-im-hotel-bayerischer-hof\/#respond"]}]},{"@type":"WebPage","@id":"https:\/\/www.jazzzeitung.de\/cms\/2023\/08\/muenchens-jazzsommer-im-hotel-bayerischer-hof\/","url":"https:\/\/www.jazzzeitung.de\/cms\/2023\/08\/muenchens-jazzsommer-im-hotel-bayerischer-hof\/","name":"M\u00fcnchens Jazzsommer im Hotel Bayerischer Hof - JazzZeitung","isPartOf":{"@id":"https:\/\/www.jazzzeitung.de\/cms\/#website"},"primaryImageOfPage":{"@id":"https:\/\/www.jazzzeitung.de\/cms\/2023\/08\/muenchens-jazzsommer-im-hotel-bayerischer-hof\/#primaryimage"},"image":{"@id":"https:\/\/www.jazzzeitung.de\/cms\/2023\/08\/muenchens-jazzsommer-im-hotel-bayerischer-hof\/#primaryimage"},"thumbnailUrl":"https:\/\/i0.wp.com\/www.jazzzeitung.de\/cms\/wp-content\/uploads\/2023\/08\/JRBB%C2%A9Godehard.Lutz%40bayern-mail.de_IMGP4117B.jpg?fit=1890%2C1252&ssl=1","datePublished":"2023-08-04T05:26:05+00:00","breadcrumb":{"@id":"https:\/\/www.jazzzeitung.de\/cms\/2023\/08\/muenchens-jazzsommer-im-hotel-bayerischer-hof\/#breadcrumb"},"inLanguage":"de","potentialAction":[{"@type":"ReadAction","target":["https:\/\/www.jazzzeitung.de\/cms\/2023\/08\/muenchens-jazzsommer-im-hotel-bayerischer-hof\/"]}]},{"@type":"ImageObject","inLanguage":"de","@id":"https:\/\/www.jazzzeitung.de\/cms\/2023\/08\/muenchens-jazzsommer-im-hotel-bayerischer-hof\/#primaryimage","url":"https:\/\/i0.wp.com\/www.jazzzeitung.de\/cms\/wp-content\/uploads\/2023\/08\/JRBB%C2%A9Godehard.Lutz%40bayern-mail.de_IMGP4117B.jpg?fit=1890%2C1252&ssl=1","contentUrl":"https:\/\/i0.wp.com\/www.jazzzeitung.de\/cms\/wp-content\/uploads\/2023\/08\/JRBB%C2%A9Godehard.Lutz%40bayern-mail.de_IMGP4117B.jpg?fit=1890%2C1252&ssl=1","width":1890,"height":1252},{"@type":"BreadcrumbList","@id":"https:\/\/www.jazzzeitung.de\/cms\/2023\/08\/muenchens-jazzsommer-im-hotel-bayerischer-hof\/#breadcrumb","itemListElement":[{"@type":"ListItem","position":1,"name":"Startseite","item":"https:\/\/www.jazzzeitung.de\/cms\/"},{"@type":"ListItem","position":2,"name":"M\u00fcnchens Jazzsommer im Hotel Bayerischer Hof"}]},{"@type":"WebSite","@id":"https:\/\/www.jazzzeitung.de\/cms\/#website","url":"https:\/\/www.jazzzeitung.de\/cms\/","name":"JazzZeitung","description":"Jazz-News und Jazz-Kontroverses","publisher":{"@id":"https:\/\/www.jazzzeitung.de\/cms\/#organization"},"potentialAction":[{"@type":"SearchAction","target":{"@type":"EntryPoint","urlTemplate":"https:\/\/www.jazzzeitung.de\/cms\/?s={search_term_string}"},"query-input":{"@type":"PropertyValueSpecification","valueRequired":true,"valueName":"search_term_string"}}],"inLanguage":"de"},{"@type":"Organization","@id":"https:\/\/www.jazzzeitung.de\/cms\/#organization","name":"JazzZeitung online","url":"https:\/\/www.jazzzeitung.de\/cms\/","logo":{"@type":"ImageObject","inLanguage":"de","@id":"https:\/\/www.jazzzeitung.de\/cms\/#\/schema\/logo\/image\/","url":"https:\/\/i0.wp.com\/www.jazzzeitung.de\/cms\/wp-content\/uploads\/2015\/08\/JAZZZEITUNGDE_Logo_Neu.png?fit=499%2C200&ssl=1","contentUrl":"https:\/\/i0.wp.com\/www.jazzzeitung.de\/cms\/wp-content\/uploads\/2015\/08\/JAZZZEITUNGDE_Logo_Neu.png?fit=499%2C200&ssl=1","width":499,"height":200,"caption":"JazzZeitung online"},"image":{"@id":"https:\/\/www.jazzzeitung.de\/cms\/#\/schema\/logo\/image\/"},"sameAs":["https:\/\/www.facebook.com\/JazzZeitung\/"]},{"@type":"Person","@id":"https:\/\/www.jazzzeitung.de\/cms\/#\/schema\/person\/2245b36b9cd1d24cea10f01c031fb92b","name":"Redaktion JazzZeitung","image":{"@type":"ImageObject","inLanguage":"de","@id":"https:\/\/i0.wp.com\/www.jazzzeitung.de\/cms\/wp-content\/uploads\/2015\/08\/JAZZZEITUNGDE_Logo_Neu.png?resize=96%2C96&ssl=159975dcacb611b5700bd619b5daf0a7a","url":"https:\/\/i0.wp.com\/www.jazzzeitung.de\/cms\/wp-content\/uploads\/2015\/08\/JAZZZEITUNGDE_Logo_Neu.png?resize=96%2C96&ssl=1","contentUrl":"https:\/\/i0.wp.com\/www.jazzzeitung.de\/cms\/wp-content\/uploads\/2015\/08\/JAZZZEITUNGDE_Logo_Neu.png?resize=96%2C96&ssl=1","caption":"Redaktion JazzZeitung"},"description":"Artikel der Redaktion der JazzZeitung.","sameAs":["http:\/\/www.jazzzeitung.de\/cms\/"],"url":"https:\/\/www.jazzzeitung.de\/cms\/author\/redaktion\/"}]}},"wp-worthy-pixel":{"ignored":false,"public":null,"server":null,"url":null},"wp-worthy-type":"normal","jetpack_publicize_connections":[],"cc_featured_image_caption":{"caption_text":"","source_text":"","source_url":""},"jetpack_featured_media_url":"https:\/\/i0.wp.com\/www.jazzzeitung.de\/cms\/wp-content\/uploads\/2023\/08\/JRBB%C2%A9Godehard.Lutz%40bayern-mail.de_IMGP4117B.jpg?fit=1890%2C1252&ssl=1","jetpack_shortlink":"https:\/\/wp.me\/p3KEcT-7Ma","jetpack-related-posts":[{"id":1146,"url":"https:\/\/www.jazzzeitung.de\/cms\/2011\/07\/20-jahre-jazzsommer-im-bayerischen-hof-muenchen\/","url_meta":{"origin":29894,"position":0},"title":"20 Jahre Jazzsommer im Bayerischen Hof M\u00fcnchen","author":"J\u00f6rg Lichtinger","date":"18. Juli 2011","format":false,"excerpt":"Mit dem Konzert von Al Jarreau startet heute der Jazzsommer im Bayerischen Hof in M\u00fcnchen. Als Nachfolger des 1981 gestarteten Vorg\u00e4ngermodells M\u00fcnchner Klaviersommer ist der Jazzsommer zwar erst 2007 an den Start gegangen. Aber bereits seit 1991 ist das Hotel am Promenadenplatz ein Spielort des Klaviersommers gewesen. Das weitere Programm\u2026","rel":"","context":"In &quot;Blog&quot;","block_context":{"text":"Blog","link":"https:\/\/www.jazzzeitung.de\/cms\/thema\/blog\/"},"img":{"alt_text":"Al_Jarreau","src":"https:\/\/i0.wp.com\/www.jazzzeitung.de\/cms\/wp-content\/uploads\/2011\/07\/Al_Jarreau-1023x678.jpg?resize=350%2C200","width":350,"height":200},"classes":[]},{"id":29638,"url":"https:\/\/www.jazzzeitung.de\/cms\/2023\/06\/der-kommende-jazzfestivalsommer-in-augsburg-unterfoehring-und-im-bayerischen-hof\/","url_meta":{"origin":29894,"position":1},"title":"Der kommende Jazzfestivalsommer in Augsburg, Unterf\u00f6hring und im Bayerischen Hof","author":"Thomas J. Krebs","date":"19. Juni 2023","format":false,"excerpt":"Im Sommer hat man oft Entscheidungsn\u00f6te was Festivals betrifft. Auch der Jazz hat im Juli und August im s\u00fcddeutschen Raum einiges an Festivals zu bieten, und dieses Jahr gibt es beim Internationalen Augsburger Jazzsommer, dem Internationalen Jazzweekend Unterf\u00f6hring, sowie dem Jazzsommer im Bayerischen Hof so gut wie kaum \u00dcberschneidungen. Offensichtlich\u2026","rel":"","context":"In &quot;News&quot;","block_context":{"text":"News","link":"https:\/\/www.jazzzeitung.de\/cms\/thema\/nachrichten\/"},"img":{"alt_text":"","src":"https:\/\/i0.wp.com\/www.jazzzeitung.de\/cms\/wp-content\/uploads\/2023\/06\/BO1_2022_LakeciaBenjamin_EL_003-copyright-Elizabeth-Leitzell-scaled.jpg?fit=1186%2C1200&ssl=1&resize=350%2C200","width":350,"height":200,"srcset":"https:\/\/i0.wp.com\/www.jazzzeitung.de\/cms\/wp-content\/uploads\/2023\/06\/BO1_2022_LakeciaBenjamin_EL_003-copyright-Elizabeth-Leitzell-scaled.jpg?fit=1186%2C1200&ssl=1&resize=350%2C200 1x, https:\/\/i0.wp.com\/www.jazzzeitung.de\/cms\/wp-content\/uploads\/2023\/06\/BO1_2022_LakeciaBenjamin_EL_003-copyright-Elizabeth-Leitzell-scaled.jpg?fit=1186%2C1200&ssl=1&resize=525%2C300 1.5x, https:\/\/i0.wp.com\/www.jazzzeitung.de\/cms\/wp-content\/uploads\/2023\/06\/BO1_2022_LakeciaBenjamin_EL_003-copyright-Elizabeth-Leitzell-scaled.jpg?fit=1186%2C1200&ssl=1&resize=700%2C400 2x, https:\/\/i0.wp.com\/www.jazzzeitung.de\/cms\/wp-content\/uploads\/2023\/06\/BO1_2022_LakeciaBenjamin_EL_003-copyright-Elizabeth-Leitzell-scaled.jpg?fit=1186%2C1200&ssl=1&resize=1050%2C600 3x"},"classes":[]},{"id":4348,"url":"https:\/\/www.jazzzeitung.de\/cms\/2014\/07\/bildergalerie-jazzsommer-im-bayerischen-hof-2014\/","url_meta":{"origin":29894,"position":2},"title":"Bildergalerie: Jazzsommer im Bayerischen Hof 2014","author":"Redaktion JazzZeitung","date":"25. Juli 2014","format":false,"excerpt":"Vielen Dank an Ralf Dombrowski, den Fotografen dieser tollen Bilder... Ein Bericht von Oliver Hochkeppel folgt in der Printausgabe der JazzZeitung. Hier ein Teaser: \u201eAm Anfang stand ein Outing: \u201eDas ist der erste Gig meines Lebens, zu dem ich mit dem Rad gekommen bin\u201c, verk\u00fcndete Al Di Meola im Festsaal\u2026","rel":"","context":"In &quot;Galerie&quot;","block_context":{"text":"Galerie","link":"https:\/\/www.jazzzeitung.de\/cms\/thema\/galerie\/"},"img":{"alt_text":"","src":"https:\/\/i0.wp.com\/www.jazzzeitung.de\/cms\/wp-content\/uploads\/2014\/07\/DLeon-1-dombr.jpg?resize=350%2C200","width":350,"height":200,"srcset":"https:\/\/i0.wp.com\/www.jazzzeitung.de\/cms\/wp-content\/uploads\/2014\/07\/DLeon-1-dombr.jpg?resize=350%2C200 1x, https:\/\/i0.wp.com\/www.jazzzeitung.de\/cms\/wp-content\/uploads\/2014\/07\/DLeon-1-dombr.jpg?resize=525%2C300 1.5x, https:\/\/i0.wp.com\/www.jazzzeitung.de\/cms\/wp-content\/uploads\/2014\/07\/DLeon-1-dombr.jpg?resize=700%2C400 2x, https:\/\/i0.wp.com\/www.jazzzeitung.de\/cms\/wp-content\/uploads\/2014\/07\/DLeon-1-dombr.jpg?resize=1050%2C600 3x"},"classes":[]},{"id":1151,"url":"https:\/\/www.jazzzeitung.de\/cms\/2011\/07\/klaviersommer-on-screen-tickets-zu-gewinnen\/","url_meta":{"origin":29894,"position":3},"title":"Klaviersommer on screen \u2013 Tickets zu gewinnen","author":"J\u00f6rg Lichtinger","date":"20. Juli 2011","format":false,"excerpt":"Die nmz und die jazzzeitung verlosen Tickets f\u00fcr die Cinema Lounge beim Jazzsommer 2011 im Bayerischen Hof in M\u00fcnchen. Die Cinema Lounge ist der t\u00e4gliche \"Opener\" zu den Festival-Konzerten im Night Club und zeigt Konzertaufnahmen aus den Zeiten des M\u00fcnchner Klaviersommers. Am Freitag wird zum Beispiel das legend\u00e4re Gasteig-Konzert von\u2026","rel":"","context":"In &quot;Blog&quot;","block_context":{"text":"Blog","link":"https:\/\/www.jazzzeitung.de\/cms\/thema\/blog\/"},"img":{"alt_text":"tokyo-s","src":"https:\/\/i0.wp.com\/www.jazzzeitung.de\/cms\/wp-content\/uploads\/2011\/07\/tokyo-s.jpg?resize=350%2C200","width":350,"height":200},"classes":[]},{"id":31374,"url":"https:\/\/www.jazzzeitung.de\/cms\/2024\/07\/der-muenchner-jazzsommer-wieder-mal-ein-gelungenes-festival\/","url_meta":{"origin":29894,"position":4},"title":"Der M\u00fcnchner Jazzsommer &#8211; wieder mal ein gelungenes Festival","author":"Redaktion JazzZeitung","date":"23. Juli 2024","format":false,"excerpt":"(Text & Fotos: Thomas J. Krebs) Der Jazzsommer im Bayerischen Hof ist seit 2007 der offizielle Nachfolger des 1981 begr\u00fcndeten und seinerzeit von Friedrich Gulda initiierten M\u00fcnchner Klaviersommers. Eine traurige Nachricht vorab: die beiden urspr\u00fcnglichen Veranstalter Karheinz Hein sowie Manfred Frei sind vor kurzem verstorben. Umso wichtiger die Tradition weiter\u2026","rel":"","context":"In &quot;Bericht&quot;","block_context":{"text":"Bericht","link":"https:\/\/www.jazzzeitung.de\/cms\/thema\/bericht\/"},"img":{"alt_text":"","src":"https:\/\/i0.wp.com\/www.jazzzeitung.de\/cms\/wp-content\/uploads\/2024\/07\/P1199731-Washington-Foto-TJ-Krebs.jpg?fit=1200%2C799&ssl=1&resize=350%2C200","width":350,"height":200,"srcset":"https:\/\/i0.wp.com\/www.jazzzeitung.de\/cms\/wp-content\/uploads\/2024\/07\/P1199731-Washington-Foto-TJ-Krebs.jpg?fit=1200%2C799&ssl=1&resize=350%2C200 1x, https:\/\/i0.wp.com\/www.jazzzeitung.de\/cms\/wp-content\/uploads\/2024\/07\/P1199731-Washington-Foto-TJ-Krebs.jpg?fit=1200%2C799&ssl=1&resize=525%2C300 1.5x, https:\/\/i0.wp.com\/www.jazzzeitung.de\/cms\/wp-content\/uploads\/2024\/07\/P1199731-Washington-Foto-TJ-Krebs.jpg?fit=1200%2C799&ssl=1&resize=700%2C400 2x, https:\/\/i0.wp.com\/www.jazzzeitung.de\/cms\/wp-content\/uploads\/2024\/07\/P1199731-Washington-Foto-TJ-Krebs.jpg?fit=1200%2C799&ssl=1&resize=1050%2C600 3x"},"classes":[]},{"id":19847,"url":"https:\/\/www.jazzzeitung.de\/cms\/2019\/06\/gewinnen-sie-tickets-jazz-sommer-2018-im-bayerischen-hof\/","url_meta":{"origin":29894,"position":5},"title":"Gewinnen Sie Tickets! JAZZ SOMMER 2019 im Bayerischen Hof","author":"Redaktion JazzZeitung","date":"20. Juni 2019","format":false,"excerpt":"Als Medienpartner des Jazz Sommers im Bayerischen Hof verlosen wir 15 mal 2 Tickets. Versuchen Sie Ihr Gl\u00fcck \u2013 Postkarte oder E-Mail gen\u00fcgen! Das Festival \u201eJazz Sommer im Bayerischen Hof\u201c gilt als offizieller Nachfolger des M\u00fcnchner Klaviersommers, der bis Ende der 90er Jahre Weltstars wie Miles Davis, Sonny Rollins, Keith\u2026","rel":"","context":"In &quot;News&quot;","block_context":{"text":"News","link":"https:\/\/www.jazzzeitung.de\/cms\/thema\/nachrichten\/"},"img":{"alt_text":"","src":"https:\/\/i0.wp.com\/www.jazzzeitung.de\/cms\/wp-content\/uploads\/2019\/06\/Moshulu_2.jpg?fit=1080%2C810&ssl=1&resize=350%2C200","width":350,"height":200,"srcset":"https:\/\/i0.wp.com\/www.jazzzeitung.de\/cms\/wp-content\/uploads\/2019\/06\/Moshulu_2.jpg?fit=1080%2C810&ssl=1&resize=350%2C200 1x, https:\/\/i0.wp.com\/www.jazzzeitung.de\/cms\/wp-content\/uploads\/2019\/06\/Moshulu_2.jpg?fit=1080%2C810&ssl=1&resize=525%2C300 1.5x, https:\/\/i0.wp.com\/www.jazzzeitung.de\/cms\/wp-content\/uploads\/2019\/06\/Moshulu_2.jpg?fit=1080%2C810&ssl=1&resize=700%2C400 2x, https:\/\/i0.wp.com\/www.jazzzeitung.de\/cms\/wp-content\/uploads\/2019\/06\/Moshulu_2.jpg?fit=1080%2C810&ssl=1&resize=1050%2C600 3x"},"classes":[]}],"jetpack_sharing_enabled":true,"_links":{"self":[{"href":"https:\/\/www.jazzzeitung.de\/cms\/wp-json\/wp\/v2\/posts\/29894","targetHints":{"allow":["GET"]}}],"collection":[{"href":"https:\/\/www.jazzzeitung.de\/cms\/wp-json\/wp\/v2\/posts"}],"about":[{"href":"https:\/\/www.jazzzeitung.de\/cms\/wp-json\/wp\/v2\/types\/post"}],"author":[{"embeddable":true,"href":"https:\/\/www.jazzzeitung.de\/cms\/wp-json\/wp\/v2\/users\/18"}],"replies":[{"embeddable":true,"href":"https:\/\/www.jazzzeitung.de\/cms\/wp-json\/wp\/v2\/comments?post=29894"}],"version-history":[{"count":12,"href":"https:\/\/www.jazzzeitung.de\/cms\/wp-json\/wp\/v2\/posts\/29894\/revisions"}],"predecessor-version":[{"id":29922,"href":"https:\/\/www.jazzzeitung.de\/cms\/wp-json\/wp\/v2\/posts\/29894\/revisions\/29922"}],"wp:featuredmedia":[{"embeddable":true,"href":"https:\/\/www.jazzzeitung.de\/cms\/wp-json\/wp\/v2\/media\/29900"}],"wp:attachment":[{"href":"https:\/\/www.jazzzeitung.de\/cms\/wp-json\/wp\/v2\/media?parent=29894"}],"wp:term":[{"taxonomy":"category","embeddable":true,"href":"https:\/\/www.jazzzeitung.de\/cms\/wp-json\/wp\/v2\/categories?post=29894"},{"taxonomy":"post_tag","embeddable":true,"href":"https:\/\/www.jazzzeitung.de\/cms\/wp-json\/wp\/v2\/tags?post=29894"},{"taxonomy":"author","embeddable":true,"href":"https:\/\/www.jazzzeitung.de\/cms\/wp-json\/wp\/v2\/coauthors?post=29894"}],"curies":[{"name":"wp","href":"https:\/\/api.w.org\/{rel}","templated":true}]}}