{"id":29804,"date":"2023-07-18T08:31:00","date_gmt":"2023-07-18T06:31:00","guid":{"rendered":"https:\/\/www.jazzzeitung.de\/cms\/?p=29804"},"modified":"2023-07-17T15:31:35","modified_gmt":"2023-07-17T13:31:35","slug":"das-internationale-jazz-weekend-in-unterfoehring-mit-staraufgebot","status":"publish","type":"post","link":"https:\/\/www.jazzzeitung.de\/cms\/2023\/07\/das-internationale-jazz-weekend-in-unterfoehring-mit-staraufgebot\/","title":{"rendered":"Das Internationale Jazz-Weekend in Unterf\u00f6hring mit Staraufgebot"},"content":{"rendered":"<p><strong>Das diesj\u00e4hrige Internationale Jazz-Weekend in Unterf\u00f6hring wartete, wie bereits in der vergangenen Jahren, mit einem starken Lineup auf. Stars wie Bill Frisell, Lizz Wright und David Helbock gaben sich im B\u00fcrgerhaus Unterf\u00f6hring die Ehre.<\/strong><\/p>\n<div class=\"tiled-gallery type-rectangular tiled-gallery-unresized\" data-original-width=\"840\" data-carousel-extra='{&quot;blog_id&quot;:1,&quot;permalink&quot;:&quot;https:\\\/\\\/www.jazzzeitung.de\\\/cms\\\/2023\\\/07\\\/das-internationale-jazz-weekend-in-unterfoehring-mit-staraufgebot\\\/&quot;,&quot;likes_blog_id&quot;:55446655}' itemscope itemtype=\"http:\/\/schema.org\/ImageGallery\" > <div class=\"gallery-row\" style=\"width: 840px; height: 388px;\" data-original-width=\"840\" data-original-height=\"388\" > <div class=\"gallery-group images-1\" style=\"width: 260px; height: 388px;\" data-original-width=\"260\" data-original-height=\"388\" > <div class=\"tiled-gallery-item tiled-gallery-item-large\" itemprop=\"associatedMedia\" itemscope itemtype=\"http:\/\/schema.org\/ImageObject\"> <a href=\"https:\/\/www.jazzzeitung.de\/cms\/2023\/07\/das-internationale-jazz-weekend-in-unterfoehring-mit-staraufgebot\/p2536427-frisell-foto-tj-krebs\/\" border=\"0\" itemprop=\"url\"> <meta itemprop=\"width\" content=\"256\"> <meta itemprop=\"height\" content=\"384\"> <img decoding=\"async\" class=\"\" data-attachment-id=\"29811\" data-orig-file=\"https:\/\/www.jazzzeitung.de\/cms\/wp-content\/uploads\/2023\/07\/P2536427-Frisell-Foto-TJ-Krebs.jpg\" data-orig-size=\"800,1200\" data-comments-opened=\"1\" data-image-meta=\"{&quot;aperture&quot;:&quot;0&quot;,&quot;credit&quot;:&quot;&quot;,&quot;camera&quot;:&quot;&quot;,&quot;caption&quot;:&quot;&quot;,&quot;created_timestamp&quot;:&quot;0&quot;,&quot;copyright&quot;:&quot;&quot;,&quot;focal_length&quot;:&quot;0&quot;,&quot;iso&quot;:&quot;0&quot;,&quot;shutter_speed&quot;:&quot;0&quot;,&quot;title&quot;:&quot;&quot;,&quot;orientation&quot;:&quot;0&quot;}\" data-image-title=\"\" data-image-description=\"\" data-medium-file=\"https:\/\/i0.wp.com\/www.jazzzeitung.de\/cms\/wp-content\/uploads\/2023\/07\/P2536427-Frisell-Foto-TJ-Krebs.jpg?fit=200%2C300&#038;ssl=1\" data-large-file=\"https:\/\/i0.wp.com\/www.jazzzeitung.de\/cms\/wp-content\/uploads\/2023\/07\/P2536427-Frisell-Foto-TJ-Krebs.jpg?fit=400%2C600&#038;ssl=1\" src=\"https:\/\/i0.wp.com\/www.jazzzeitung.de\/cms\/wp-content\/uploads\/2023\/07\/P2536427-Frisell-Foto-TJ-Krebs.jpg?w=256&#038;h=384&#038;ssl=1\" srcset=\"https:\/\/i0.wp.com\/www.jazzzeitung.de\/cms\/wp-content\/uploads\/2023\/07\/P2536427-Frisell-Foto-TJ-Krebs.jpg?w=800&amp;ssl=1 800w, https:\/\/i0.wp.com\/www.jazzzeitung.de\/cms\/wp-content\/uploads\/2023\/07\/P2536427-Frisell-Foto-TJ-Krebs.jpg?resize=200%2C300&amp;ssl=1 200w, https:\/\/i0.wp.com\/www.jazzzeitung.de\/cms\/wp-content\/uploads\/2023\/07\/P2536427-Frisell-Foto-TJ-Krebs.jpg?resize=400%2C600&amp;ssl=1 400w, https:\/\/i0.wp.com\/www.jazzzeitung.de\/cms\/wp-content\/uploads\/2023\/07\/P2536427-Frisell-Foto-TJ-Krebs.jpg?resize=768%2C1152&amp;ssl=1 768w\" width=\"256\" height=\"384\" loading=\"lazy\" data-original-width=\"256\" data-original-height=\"384\" itemprop=\"http:\/\/schema.org\/image\" title=\"\" alt=\"Bill Frisell. Foto: TJ Krebs\" style=\"width: 256px; height: 384px;\" \/> <\/a> <div class=\"tiled-gallery-caption\" itemprop=\"caption description\"> Bill Frisell. Foto: TJ Krebs <\/div> <\/div> <\/div> <!-- close group --> <div class=\"gallery-group images-1\" style=\"width: 580px; height: 388px;\" data-original-width=\"580\" data-original-height=\"388\" > <div class=\"tiled-gallery-item tiled-gallery-item-large\" itemprop=\"associatedMedia\" itemscope itemtype=\"http:\/\/schema.org\/ImageObject\"> <a href=\"https:\/\/www.jazzzeitung.de\/cms\/2023\/07\/das-internationale-jazz-weekend-in-unterfoehring-mit-staraufgebot\/p2536680-frisell-quartett-foto-tj-krebs\/\" border=\"0\" itemprop=\"url\"> <meta itemprop=\"width\" content=\"576\"> <meta itemprop=\"height\" content=\"384\"> <img decoding=\"async\" class=\"\" data-attachment-id=\"29812\" data-orig-file=\"https:\/\/www.jazzzeitung.de\/cms\/wp-content\/uploads\/2023\/07\/P2536680-Frisell-Quartett-Foto-TJ-Krebs.jpg\" data-orig-size=\"1200,800\" data-comments-opened=\"1\" data-image-meta=\"{&quot;aperture&quot;:&quot;0&quot;,&quot;credit&quot;:&quot;&quot;,&quot;camera&quot;:&quot;&quot;,&quot;caption&quot;:&quot;&quot;,&quot;created_timestamp&quot;:&quot;0&quot;,&quot;copyright&quot;:&quot;&quot;,&quot;focal_length&quot;:&quot;0&quot;,&quot;iso&quot;:&quot;0&quot;,&quot;shutter_speed&quot;:&quot;0&quot;,&quot;title&quot;:&quot;&quot;,&quot;orientation&quot;:&quot;0&quot;}\" data-image-title=\"\" data-image-description=\"\" data-medium-file=\"https:\/\/i0.wp.com\/www.jazzzeitung.de\/cms\/wp-content\/uploads\/2023\/07\/P2536680-Frisell-Quartett-Foto-TJ-Krebs.jpg?fit=300%2C200&#038;ssl=1\" data-large-file=\"https:\/\/i0.wp.com\/www.jazzzeitung.de\/cms\/wp-content\/uploads\/2023\/07\/P2536680-Frisell-Quartett-Foto-TJ-Krebs.jpg?fit=840%2C560&#038;ssl=1\" src=\"https:\/\/i0.wp.com\/www.jazzzeitung.de\/cms\/wp-content\/uploads\/2023\/07\/P2536680-Frisell-Quartett-Foto-TJ-Krebs.jpg?w=576&#038;h=384&#038;ssl=1\" srcset=\"https:\/\/i0.wp.com\/www.jazzzeitung.de\/cms\/wp-content\/uploads\/2023\/07\/P2536680-Frisell-Quartett-Foto-TJ-Krebs.jpg?w=1200&amp;ssl=1 1200w, https:\/\/i0.wp.com\/www.jazzzeitung.de\/cms\/wp-content\/uploads\/2023\/07\/P2536680-Frisell-Quartett-Foto-TJ-Krebs.jpg?resize=300%2C200&amp;ssl=1 300w, https:\/\/i0.wp.com\/www.jazzzeitung.de\/cms\/wp-content\/uploads\/2023\/07\/P2536680-Frisell-Quartett-Foto-TJ-Krebs.jpg?resize=900%2C600&amp;ssl=1 900w, https:\/\/i0.wp.com\/www.jazzzeitung.de\/cms\/wp-content\/uploads\/2023\/07\/P2536680-Frisell-Quartett-Foto-TJ-Krebs.jpg?resize=768%2C512&amp;ssl=1 768w, https:\/\/i0.wp.com\/www.jazzzeitung.de\/cms\/wp-content\/uploads\/2023\/07\/P2536680-Frisell-Quartett-Foto-TJ-Krebs.jpg?resize=120%2C80&amp;ssl=1 120w\" width=\"576\" height=\"384\" loading=\"lazy\" data-original-width=\"576\" data-original-height=\"384\" itemprop=\"http:\/\/schema.org\/image\" title=\"\" alt=\"Bill Frisell Quartett. Foto: TJ Krebs\" style=\"width: 576px; height: 384px;\" \/> <\/a> <div class=\"tiled-gallery-caption\" itemprop=\"caption description\"> Bill Frisell Quartett. Foto: TJ Krebs <\/div> <\/div> <\/div> <!-- close group --> <\/div> <!-- close row --> <\/div>\n<p>Obwohl das Jazz-Weekend dieses Jahr bereits zum zwanzigsten Mal stattfand \u2013 von aufgesetztem Jubil\u00e4umstrubel keine Spur. Stattdessen, wie gewohnt, ein ausgesprochen abwechslungsreiches, hoch interessantes Programm. Den offiziellen Startschuss gab es wie immer mit einem Kinderprogramm der Jazzbande und \u201eWarum der Kontrabass das Schlagzeug mag\u201c. Den Auftakt zum internationalen Programm bestritt dann Bill Frisell mit seinem aktuellen Quartett mit Greg Tardy, Gerald Clayton und Jonathan Blake. Ein ungemein intimes Konzert mit vielen leisen Zwischent\u00f6nen und wunderbaren Improvisationen. H\u00f6hepunkt des Abends sicherlich die erste (von zwei) Zugaben: \u201eWhat the World Needs Now\u201c von Burt Bacharach &#8211; da stockte so manchem H\u00f6rer der Atem.<\/p>\n<h4><strong>Lizz Wright am Klavier<\/strong><\/h4>\n<p>Auch der zweite Abend war in jeder Hinsicht ein ganz besonderer. Mehrmals verschoben hat es dann schlie\u00dflich geklappt und Lizz Wright kam mit dem Gitarristen Marvin Sewell, Bobby Sparks an den Keyboards, dem Bassisten Ben Zwerin und Ivan Edwards am Schlagzeug in den gro\u00dfen Saal des B\u00fcrgerhauses.<\/p>\n<p><img data-recalc-dims=\"1\" loading=\"lazy\" decoding=\"async\" data-attachment-id=\"29814\" data-permalink=\"https:\/\/www.jazzzeitung.de\/cms\/2023\/07\/das-internationale-jazz-weekend-in-unterfoehring-mit-staraufgebot\/p2537026-wright-5-foto-tj-krebs\/\" data-orig-file=\"https:\/\/i0.wp.com\/www.jazzzeitung.de\/cms\/wp-content\/uploads\/2023\/07\/P2537026-Wright-5-Foto-TJ-Krebs.jpg?fit=1200%2C800&amp;ssl=1\" data-orig-size=\"1200,800\" data-comments-opened=\"1\" data-image-meta=\"{&quot;aperture&quot;:&quot;0&quot;,&quot;credit&quot;:&quot;&quot;,&quot;camera&quot;:&quot;&quot;,&quot;caption&quot;:&quot;&quot;,&quot;created_timestamp&quot;:&quot;0&quot;,&quot;copyright&quot;:&quot;&quot;,&quot;focal_length&quot;:&quot;0&quot;,&quot;iso&quot;:&quot;0&quot;,&quot;shutter_speed&quot;:&quot;0&quot;,&quot;title&quot;:&quot;&quot;,&quot;orientation&quot;:&quot;0&quot;}\" data-image-title=\"P2537026 Wright 5 &amp;#8211; Foto TJ Krebs\" data-image-description=\"\" data-image-caption=\"\" data-large-file=\"https:\/\/i0.wp.com\/www.jazzzeitung.de\/cms\/wp-content\/uploads\/2023\/07\/P2537026-Wright-5-Foto-TJ-Krebs.jpg?fit=840%2C560&amp;ssl=1\" class=\"alignleft size-medium wp-image-29814\" src=\"https:\/\/i0.wp.com\/www.jazzzeitung.de\/cms\/wp-content\/uploads\/2023\/07\/P2537026-Wright-5-Foto-TJ-Krebs.jpg?resize=300%2C200&#038;ssl=1\" alt=\"\" width=\"300\" height=\"200\" srcset=\"https:\/\/i0.wp.com\/www.jazzzeitung.de\/cms\/wp-content\/uploads\/2023\/07\/P2537026-Wright-5-Foto-TJ-Krebs.jpg?resize=300%2C200&amp;ssl=1 300w, https:\/\/i0.wp.com\/www.jazzzeitung.de\/cms\/wp-content\/uploads\/2023\/07\/P2537026-Wright-5-Foto-TJ-Krebs.jpg?resize=900%2C600&amp;ssl=1 900w, https:\/\/i0.wp.com\/www.jazzzeitung.de\/cms\/wp-content\/uploads\/2023\/07\/P2537026-Wright-5-Foto-TJ-Krebs.jpg?resize=768%2C512&amp;ssl=1 768w, https:\/\/i0.wp.com\/www.jazzzeitung.de\/cms\/wp-content\/uploads\/2023\/07\/P2537026-Wright-5-Foto-TJ-Krebs.jpg?resize=120%2C80&amp;ssl=1 120w, https:\/\/i0.wp.com\/www.jazzzeitung.de\/cms\/wp-content\/uploads\/2023\/07\/P2537026-Wright-5-Foto-TJ-Krebs.jpg?w=1200&amp;ssl=1 1200w\" sizes=\"auto, (max-width: 300px) 100vw, 300px\" \/> <img data-recalc-dims=\"1\" loading=\"lazy\" decoding=\"async\" data-attachment-id=\"29815\" data-permalink=\"https:\/\/www.jazzzeitung.de\/cms\/2023\/07\/das-internationale-jazz-weekend-in-unterfoehring-mit-staraufgebot\/p2536874-wright-foto-tj-krebs\/\" data-orig-file=\"https:\/\/i0.wp.com\/www.jazzzeitung.de\/cms\/wp-content\/uploads\/2023\/07\/P2536874-Wright-Foto-TJ-Krebs.jpg?fit=1200%2C800&amp;ssl=1\" data-orig-size=\"1200,800\" data-comments-opened=\"1\" data-image-meta=\"{&quot;aperture&quot;:&quot;0&quot;,&quot;credit&quot;:&quot;&quot;,&quot;camera&quot;:&quot;&quot;,&quot;caption&quot;:&quot;&quot;,&quot;created_timestamp&quot;:&quot;0&quot;,&quot;copyright&quot;:&quot;&quot;,&quot;focal_length&quot;:&quot;0&quot;,&quot;iso&quot;:&quot;0&quot;,&quot;shutter_speed&quot;:&quot;0&quot;,&quot;title&quot;:&quot;&quot;,&quot;orientation&quot;:&quot;0&quot;}\" data-image-title=\"P2536874 Wright &amp;#8211; Foto TJ Krebs\" data-image-description=\"\" data-image-caption=\"\" data-large-file=\"https:\/\/i0.wp.com\/www.jazzzeitung.de\/cms\/wp-content\/uploads\/2023\/07\/P2536874-Wright-Foto-TJ-Krebs.jpg?fit=840%2C560&amp;ssl=1\" class=\"alignleft wp-image-29815 size-medium\" src=\"https:\/\/i0.wp.com\/www.jazzzeitung.de\/cms\/wp-content\/uploads\/2023\/07\/P2536874-Wright-Foto-TJ-Krebs.jpg?resize=300%2C200&#038;ssl=1\" alt=\"Lizz Wright. Foto: TJ Krebs\" width=\"300\" height=\"200\" srcset=\"https:\/\/i0.wp.com\/www.jazzzeitung.de\/cms\/wp-content\/uploads\/2023\/07\/P2536874-Wright-Foto-TJ-Krebs.jpg?resize=300%2C200&amp;ssl=1 300w, https:\/\/i0.wp.com\/www.jazzzeitung.de\/cms\/wp-content\/uploads\/2023\/07\/P2536874-Wright-Foto-TJ-Krebs.jpg?resize=900%2C600&amp;ssl=1 900w, https:\/\/i0.wp.com\/www.jazzzeitung.de\/cms\/wp-content\/uploads\/2023\/07\/P2536874-Wright-Foto-TJ-Krebs.jpg?resize=768%2C512&amp;ssl=1 768w, https:\/\/i0.wp.com\/www.jazzzeitung.de\/cms\/wp-content\/uploads\/2023\/07\/P2536874-Wright-Foto-TJ-Krebs.jpg?resize=120%2C80&amp;ssl=1 120w, https:\/\/i0.wp.com\/www.jazzzeitung.de\/cms\/wp-content\/uploads\/2023\/07\/P2536874-Wright-Foto-TJ-Krebs.jpg?w=1200&amp;ssl=1 1200w\" sizes=\"auto, (max-width: 300px) 100vw, 300px\" \/><\/p>\n<p>Der Abend begann im Duo Wright\/Sewell und \u201eAmazing Grace\u201c. Nach der ersten G\u00e4nsehaut an diesem Abend betrat der Rest der Band die B\u00fchne und begl\u00fcckte einfach das Publikum. Wrights Stimme ist unglaublich zur\u00fcckhaltend, aber trotzdem eindringlich und so verzauberte sie das Publikum mit \u201eSweet Feeling\u201c, \u201eWalk with me, Lord\u201c oder \u201eOld Man\u201c. Als sie sich dann selbst an Piano setzte und gemeinsam mit ihrer Band Songs wie \u201eGrace\u201c oder \u201eSalt\u201c anstimmte, war alles einfach nur perfekt. Ganz gro\u00dfes musikalisches Kino in Unterf\u00f6hring.<\/p>\n<h4><strong>Vierh\u00e4ndig<\/strong><\/h4>\n<p>Den Abschluss des Jazz-Weekends \u00fcbernahm David Helbock mit seinem ehemaligen Lehrer Peter Madsen und der Formation Austrian Syndicate, die mit Raphael Preuschl, Claudio Spieler und Herbert Pirker eine wahnsinnige Rhythmusgruppe an Bord hatte.<\/p>\n<div class=\"tiled-gallery type-rectangular tiled-gallery-unresized\" data-original-width=\"840\" data-carousel-extra='{&quot;blog_id&quot;:1,&quot;permalink&quot;:&quot;https:\\\/\\\/www.jazzzeitung.de\\\/cms\\\/2023\\\/07\\\/das-internationale-jazz-weekend-in-unterfoehring-mit-staraufgebot\\\/&quot;,&quot;likes_blog_id&quot;:55446655}' itemscope itemtype=\"http:\/\/schema.org\/ImageGallery\" > <div class=\"gallery-row\" style=\"width: 840px; height: 281px;\" data-original-width=\"840\" data-original-height=\"281\" > <div class=\"gallery-group images-1\" style=\"width: 420px; height: 281px;\" data-original-width=\"420\" data-original-height=\"281\" > <div class=\"tiled-gallery-item tiled-gallery-item-large\" itemprop=\"associatedMedia\" itemscope itemtype=\"http:\/\/schema.org\/ImageObject\"> <a href=\"https:\/\/www.jazzzeitung.de\/cms\/2023\/07\/das-internationale-jazz-weekend-in-unterfoehring-mit-staraufgebot\/p2547293-austrian-syndicate-foto-tj-krebs\/\" border=\"0\" itemprop=\"url\"> <meta itemprop=\"width\" content=\"416\"> <meta itemprop=\"height\" content=\"277\"> <img decoding=\"async\" class=\"\" data-attachment-id=\"29816\" data-orig-file=\"https:\/\/www.jazzzeitung.de\/cms\/wp-content\/uploads\/2023\/07\/P2547293-Austrian-Syndicate-Foto-TJ-Krebs.jpg\" data-orig-size=\"1200,800\" data-comments-opened=\"1\" data-image-meta=\"{&quot;aperture&quot;:&quot;0&quot;,&quot;credit&quot;:&quot;&quot;,&quot;camera&quot;:&quot;&quot;,&quot;caption&quot;:&quot;&quot;,&quot;created_timestamp&quot;:&quot;0&quot;,&quot;copyright&quot;:&quot;&quot;,&quot;focal_length&quot;:&quot;0&quot;,&quot;iso&quot;:&quot;0&quot;,&quot;shutter_speed&quot;:&quot;0&quot;,&quot;title&quot;:&quot;&quot;,&quot;orientation&quot;:&quot;0&quot;}\" data-image-title=\"\" data-image-description=\"\" data-medium-file=\"https:\/\/i0.wp.com\/www.jazzzeitung.de\/cms\/wp-content\/uploads\/2023\/07\/P2547293-Austrian-Syndicate-Foto-TJ-Krebs.jpg?fit=300%2C200&#038;ssl=1\" data-large-file=\"https:\/\/i0.wp.com\/www.jazzzeitung.de\/cms\/wp-content\/uploads\/2023\/07\/P2547293-Austrian-Syndicate-Foto-TJ-Krebs.jpg?fit=840%2C560&#038;ssl=1\" src=\"https:\/\/i0.wp.com\/www.jazzzeitung.de\/cms\/wp-content\/uploads\/2023\/07\/P2547293-Austrian-Syndicate-Foto-TJ-Krebs.jpg?w=416&#038;h=277&#038;ssl=1\" srcset=\"https:\/\/i0.wp.com\/www.jazzzeitung.de\/cms\/wp-content\/uploads\/2023\/07\/P2547293-Austrian-Syndicate-Foto-TJ-Krebs.jpg?w=1200&amp;ssl=1 1200w, https:\/\/i0.wp.com\/www.jazzzeitung.de\/cms\/wp-content\/uploads\/2023\/07\/P2547293-Austrian-Syndicate-Foto-TJ-Krebs.jpg?resize=300%2C200&amp;ssl=1 300w, https:\/\/i0.wp.com\/www.jazzzeitung.de\/cms\/wp-content\/uploads\/2023\/07\/P2547293-Austrian-Syndicate-Foto-TJ-Krebs.jpg?resize=900%2C600&amp;ssl=1 900w, https:\/\/i0.wp.com\/www.jazzzeitung.de\/cms\/wp-content\/uploads\/2023\/07\/P2547293-Austrian-Syndicate-Foto-TJ-Krebs.jpg?resize=768%2C512&amp;ssl=1 768w, https:\/\/i0.wp.com\/www.jazzzeitung.de\/cms\/wp-content\/uploads\/2023\/07\/P2547293-Austrian-Syndicate-Foto-TJ-Krebs.jpg?resize=120%2C80&amp;ssl=1 120w\" width=\"416\" height=\"277\" loading=\"lazy\" data-original-width=\"416\" data-original-height=\"277\" itemprop=\"http:\/\/schema.org\/image\" title=\"\" alt=\"Austrian Syndicate. Foto: TJ Krebs\" style=\"width: 416px; height: 277px;\" \/> <\/a> <div class=\"tiled-gallery-caption\" itemprop=\"caption description\"> Austrian Syndicate. Foto: TJ Krebs <\/div> <\/div> <\/div> <!-- close group --> <div class=\"gallery-group images-1\" style=\"width: 420px; height: 281px;\" data-original-width=\"420\" data-original-height=\"281\" > <div class=\"tiled-gallery-item tiled-gallery-item-large\" itemprop=\"associatedMedia\" itemscope itemtype=\"http:\/\/schema.org\/ImageObject\"> <a href=\"https:\/\/www.jazzzeitung.de\/cms\/2023\/07\/das-internationale-jazz-weekend-in-unterfoehring-mit-staraufgebot\/p2547307-madsen-helbock-foto-tj-krebs\/\" border=\"0\" itemprop=\"url\"> <meta itemprop=\"width\" content=\"416\"> <meta itemprop=\"height\" content=\"277\"> <img decoding=\"async\" class=\"\" data-attachment-id=\"29817\" data-orig-file=\"https:\/\/www.jazzzeitung.de\/cms\/wp-content\/uploads\/2023\/07\/P2547307-Madsen-Helbock-Foto-TJ-Krebs.jpg\" data-orig-size=\"1200,800\" data-comments-opened=\"1\" data-image-meta=\"{&quot;aperture&quot;:&quot;0&quot;,&quot;credit&quot;:&quot;&quot;,&quot;camera&quot;:&quot;&quot;,&quot;caption&quot;:&quot;&quot;,&quot;created_timestamp&quot;:&quot;0&quot;,&quot;copyright&quot;:&quot;&quot;,&quot;focal_length&quot;:&quot;0&quot;,&quot;iso&quot;:&quot;0&quot;,&quot;shutter_speed&quot;:&quot;0&quot;,&quot;title&quot;:&quot;&quot;,&quot;orientation&quot;:&quot;0&quot;}\" data-image-title=\"\" data-image-description=\"\" data-medium-file=\"https:\/\/i0.wp.com\/www.jazzzeitung.de\/cms\/wp-content\/uploads\/2023\/07\/P2547307-Madsen-Helbock-Foto-TJ-Krebs.jpg?fit=300%2C200&#038;ssl=1\" data-large-file=\"https:\/\/i0.wp.com\/www.jazzzeitung.de\/cms\/wp-content\/uploads\/2023\/07\/P2547307-Madsen-Helbock-Foto-TJ-Krebs.jpg?fit=840%2C560&#038;ssl=1\" src=\"https:\/\/i0.wp.com\/www.jazzzeitung.de\/cms\/wp-content\/uploads\/2023\/07\/P2547307-Madsen-Helbock-Foto-TJ-Krebs.jpg?w=416&#038;h=277&#038;ssl=1\" srcset=\"https:\/\/i0.wp.com\/www.jazzzeitung.de\/cms\/wp-content\/uploads\/2023\/07\/P2547307-Madsen-Helbock-Foto-TJ-Krebs.jpg?w=1200&amp;ssl=1 1200w, https:\/\/i0.wp.com\/www.jazzzeitung.de\/cms\/wp-content\/uploads\/2023\/07\/P2547307-Madsen-Helbock-Foto-TJ-Krebs.jpg?resize=300%2C200&amp;ssl=1 300w, https:\/\/i0.wp.com\/www.jazzzeitung.de\/cms\/wp-content\/uploads\/2023\/07\/P2547307-Madsen-Helbock-Foto-TJ-Krebs.jpg?resize=900%2C600&amp;ssl=1 900w, https:\/\/i0.wp.com\/www.jazzzeitung.de\/cms\/wp-content\/uploads\/2023\/07\/P2547307-Madsen-Helbock-Foto-TJ-Krebs.jpg?resize=768%2C512&amp;ssl=1 768w, https:\/\/i0.wp.com\/www.jazzzeitung.de\/cms\/wp-content\/uploads\/2023\/07\/P2547307-Madsen-Helbock-Foto-TJ-Krebs.jpg?resize=120%2C80&amp;ssl=1 120w\" width=\"416\" height=\"277\" loading=\"lazy\" data-original-width=\"416\" data-original-height=\"277\" itemprop=\"http:\/\/schema.org\/image\" title=\"\" alt=\"Lehrer-Sch\u00fcler: Peter Madsen und David Helbock. Foto: TJ Krebs\" style=\"width: 416px; height: 277px;\" \/> <\/a> <div class=\"tiled-gallery-caption\" itemprop=\"caption description\"> Lehrer-Sch\u00fcler: Peter Madsen und David Helbock. Foto: TJ Krebs <\/div> <\/div> <\/div> <!-- close group --> <\/div> <!-- close row --> <\/div>\n<p>Nat\u00fcrlich denkt man da sofort an Joe Zawinul, von dem auch gleich das erste St\u00fcck des Abends interpretiert wurde \u201eMoney In The Pocket\u201c, um dann aber gleich in die komplette Soundkiste von Jazz, Fusion \u00fcber Weltmusik zu greifen, alles zu mischen und mit dem Syndikat wieder auf neue musikalische Beine zu stellen. Ach ja, einem weiteren gro\u00dfen \u00f6sterreichischen Musiker wurde auch noch, leicht augenzwinkernd, Tribut gezollt &#8211; Wolfgang Amadeus Mozarts \u201eKomm, lieber Mai, und mache\u201c in einer ganz eigenen Syndikatsfassung.<\/p>\n<p>Text &amp; Fotos: Thomas J. Krebs<\/p>\n<p>Titelbild: Einf\u00fchrung ins Konzert mit Pianist Gerald Clayton, Unterf\u00f6hringer Kulturamtsleiterin Barbara Schulte-Rief, Musikkritiker Oliver Hochkeppel und Gitarrist Bill Frisell. Foto: TJ Krebs<\/p>\n","protected":false},"excerpt":{"rendered":"<p>Das diesj\u00e4hrige Internationale Jazz-Weekend in Unterf\u00f6hring wartete, wie bereits in der vergangenen Jahren, mit einem starken Lineup auf. Stars wie Bill Frisell, Lizz Wright und David Helbock gaben sich im B\u00fcrgerhaus Unterf\u00f6hring die Ehre. Obwohl das Jazz-Weekend dieses Jahr bereits zum zwanzigsten Mal stattfand \u2013 von aufgesetztem Jubil\u00e4umstrubel keine Spur. Stattdessen, wie gewohnt, ein ausgesprochen abwechslungsreiches, hoch interessantes Programm. Den offiziellen Startschuss gab es wie immer mit einem Kinderprogramm der Jazzbande und \u201eWarum der Kontrabass das Schlagzeug mag\u201c. Den Auftakt zum internationalen Programm bestritt dann Bill Frisell mit seinem aktuellen Quartett mit Greg Tardy, Gerald Clayton und Jonathan Blake. Ein ungemein intimes Konzert mit vielen leisen Zwischent\u00f6nen und wunderbaren Improvisationen. H\u00f6hepunkt des Abends sicherlich die erste (von zwei) Zugaben: \u201eWhat the World Needs Now\u201c von Burt Bacharach &#8211; da stockte so manchem H\u00f6rer der Atem. Lizz Wright am Klavier Auch der zweite Abend war in jeder Hinsicht ein ganz besonderer. Mehrmals verschoben hat es dann schlie\u00dflich geklappt und Lizz Wright kam mit dem Gitarristen Marvin Sewell, Bobby Sparks an den Keyboards, dem Bassisten Ben Zwerin und Ivan Edwards am Schlagzeug in den gro\u00dfen Saal des &hellip;<\/p>\n","protected":false},"author":18,"featured_media":29806,"comment_status":"open","ping_status":"closed","sticky":false,"template":"","format":"standard","meta":{"_jetpack_memberships_contains_paid_content":false,"footnotes":"","jetpack_publicize_message":"","jetpack_publicize_feature_enabled":true,"jetpack_social_post_already_shared":false,"jetpack_social_options":{"image_generator_settings":{"template":"highway","default_image_id":0,"font":"","enabled":false},"version":2}},"categories":[1053],"tags":[5031,871,5082,3619,5029,5028,4033,5030,2167,5032,5081],"coauthors":[695,1602],"class_list":["post-29804","post","type-post","status-publish","format-standard","has-post-thumbnail","hentry","category-bericht","tag-austrian-syndicate","tag-bill-frisell","tag-claudio-spieler","tag-david-helbock","tag-gerald-clayton","tag-greg-tardy","tag-herbert-pirker","tag-jonathan-blake","tag-lizz-wright","tag-peter-madsen","tag-raphael-preuschl"],"yoast_head":"<!-- This site is optimized with the Yoast SEO plugin v27.5 - https:\/\/yoast.com\/product\/yoast-seo-wordpress\/ -->\n<title>Das Internationale Jazz-Weekend in Unterf\u00f6hring mit Staraufgebot - JazzZeitung<\/title>\n<meta name=\"robots\" content=\"index, follow, max-snippet:-1, max-image-preview:large, max-video-preview:-1\" \/>\n<link rel=\"canonical\" href=\"https:\/\/www.jazzzeitung.de\/cms\/2023\/07\/das-internationale-jazz-weekend-in-unterfoehring-mit-staraufgebot\/\" \/>\n<meta property=\"og:locale\" content=\"de_DE\" \/>\n<meta property=\"og:type\" content=\"article\" \/>\n<meta property=\"og:title\" content=\"Das Internationale Jazz-Weekend in Unterf\u00f6hring mit Staraufgebot - JazzZeitung\" \/>\n<meta property=\"og:description\" content=\"Das diesj\u00e4hrige Internationale Jazz-Weekend in Unterf\u00f6hring wartete, wie bereits in der vergangenen Jahren, mit einem starken Lineup auf. Stars wie Bill Frisell, Lizz Wright und David Helbock gaben sich im B\u00fcrgerhaus Unterf\u00f6hring die Ehre. Obwohl das Jazz-Weekend dieses Jahr bereits zum zwanzigsten Mal stattfand \u2013 von aufgesetztem Jubil\u00e4umstrubel keine Spur. Stattdessen, wie gewohnt, ein ausgesprochen abwechslungsreiches, hoch interessantes Programm. Den offiziellen Startschuss gab es wie immer mit einem Kinderprogramm der Jazzbande und \u201eWarum der Kontrabass das Schlagzeug mag\u201c. Den Auftakt zum internationalen Programm bestritt dann Bill Frisell mit seinem aktuellen Quartett mit Greg Tardy, Gerald Clayton und Jonathan Blake. Ein ungemein intimes Konzert mit vielen leisen Zwischent\u00f6nen und wunderbaren Improvisationen. H\u00f6hepunkt des Abends sicherlich die erste (von zwei) Zugaben: \u201eWhat the World Needs Now\u201c von Burt Bacharach &#8211; da stockte so manchem H\u00f6rer der Atem. Lizz Wright am Klavier Auch der zweite Abend war in jeder Hinsicht ein ganz besonderer. Mehrmals verschoben hat es dann schlie\u00dflich geklappt und Lizz Wright kam mit dem Gitarristen Marvin Sewell, Bobby Sparks an den Keyboards, dem Bassisten Ben Zwerin und Ivan Edwards am Schlagzeug in den gro\u00dfen Saal des &hellip;\" \/>\n<meta property=\"og:url\" content=\"https:\/\/www.jazzzeitung.de\/cms\/2023\/07\/das-internationale-jazz-weekend-in-unterfoehring-mit-staraufgebot\/\" \/>\n<meta property=\"og:site_name\" content=\"JazzZeitung\" \/>\n<meta property=\"article:publisher\" content=\"https:\/\/www.facebook.com\/JazzZeitung\/\" \/>\n<meta property=\"article:published_time\" content=\"2023-07-18T06:31:00+00:00\" \/>\n<meta property=\"og:image\" content=\"https:\/\/i0.wp.com\/www.jazzzeitung.de\/cms\/wp-content\/uploads\/2023\/07\/P2536360-Einfuehrung-mit-Clayton-Schulte-Rief-Hochkeppel-Frisell-Foto-TJ-Krebs.jpg?fit=1200%2C800&ssl=1\" \/>\n\t<meta property=\"og:image:width\" content=\"1200\" \/>\n\t<meta property=\"og:image:height\" content=\"800\" \/>\n\t<meta property=\"og:image:type\" content=\"image\/jpeg\" \/>\n<meta name=\"author\" content=\"Redaktion JazzZeitung, Thomas J. Krebs\" \/>\n<script type=\"application\/ld+json\" class=\"yoast-schema-graph\">{\"@context\":\"https:\\\/\\\/schema.org\",\"@graph\":[{\"@type\":\"Article\",\"@id\":\"https:\\\/\\\/www.jazzzeitung.de\\\/cms\\\/2023\\\/07\\\/das-internationale-jazz-weekend-in-unterfoehring-mit-staraufgebot\\\/#article\",\"isPartOf\":{\"@id\":\"https:\\\/\\\/www.jazzzeitung.de\\\/cms\\\/2023\\\/07\\\/das-internationale-jazz-weekend-in-unterfoehring-mit-staraufgebot\\\/\"},\"author\":{\"name\":\"Redaktion JazzZeitung\",\"@id\":\"https:\\\/\\\/www.jazzzeitung.de\\\/cms\\\/#\\\/schema\\\/person\\\/2245b36b9cd1d24cea10f01c031fb92b\"},\"headline\":\"Das Internationale Jazz-Weekend in Unterf\u00f6hring mit Staraufgebot\",\"datePublished\":\"2023-07-18T06:31:00+00:00\",\"mainEntityOfPage\":{\"@id\":\"https:\\\/\\\/www.jazzzeitung.de\\\/cms\\\/2023\\\/07\\\/das-internationale-jazz-weekend-in-unterfoehring-mit-staraufgebot\\\/\"},\"wordCount\":449,\"commentCount\":0,\"publisher\":{\"@id\":\"https:\\\/\\\/www.jazzzeitung.de\\\/cms\\\/#organization\"},\"image\":{\"@id\":\"https:\\\/\\\/www.jazzzeitung.de\\\/cms\\\/2023\\\/07\\\/das-internationale-jazz-weekend-in-unterfoehring-mit-staraufgebot\\\/#primaryimage\"},\"thumbnailUrl\":\"https:\\\/\\\/i0.wp.com\\\/www.jazzzeitung.de\\\/cms\\\/wp-content\\\/uploads\\\/2023\\\/07\\\/P2536360-Einfuehrung-mit-Clayton-Schulte-Rief-Hochkeppel-Frisell-Foto-TJ-Krebs.jpg?fit=1200%2C800&ssl=1\",\"keywords\":[\"Austrian Syndicate\",\"Bill Frisell\",\"Claudio Spieler\",\"David Helbock\",\"Gerald Clayton\",\"Greg Tardy\",\"Herbert Pirker\",\"Jonathan Blake\",\"Lizz Wright\",\"Peter Madsen\",\"Raphael Preuschl\"],\"articleSection\":[\"Bericht\"],\"inLanguage\":\"de\",\"potentialAction\":[{\"@type\":\"CommentAction\",\"name\":\"Comment\",\"target\":[\"https:\\\/\\\/www.jazzzeitung.de\\\/cms\\\/2023\\\/07\\\/das-internationale-jazz-weekend-in-unterfoehring-mit-staraufgebot\\\/#respond\"]}]},{\"@type\":\"WebPage\",\"@id\":\"https:\\\/\\\/www.jazzzeitung.de\\\/cms\\\/2023\\\/07\\\/das-internationale-jazz-weekend-in-unterfoehring-mit-staraufgebot\\\/\",\"url\":\"https:\\\/\\\/www.jazzzeitung.de\\\/cms\\\/2023\\\/07\\\/das-internationale-jazz-weekend-in-unterfoehring-mit-staraufgebot\\\/\",\"name\":\"Das Internationale Jazz-Weekend in Unterf\u00f6hring mit Staraufgebot - JazzZeitung\",\"isPartOf\":{\"@id\":\"https:\\\/\\\/www.jazzzeitung.de\\\/cms\\\/#website\"},\"primaryImageOfPage\":{\"@id\":\"https:\\\/\\\/www.jazzzeitung.de\\\/cms\\\/2023\\\/07\\\/das-internationale-jazz-weekend-in-unterfoehring-mit-staraufgebot\\\/#primaryimage\"},\"image\":{\"@id\":\"https:\\\/\\\/www.jazzzeitung.de\\\/cms\\\/2023\\\/07\\\/das-internationale-jazz-weekend-in-unterfoehring-mit-staraufgebot\\\/#primaryimage\"},\"thumbnailUrl\":\"https:\\\/\\\/i0.wp.com\\\/www.jazzzeitung.de\\\/cms\\\/wp-content\\\/uploads\\\/2023\\\/07\\\/P2536360-Einfuehrung-mit-Clayton-Schulte-Rief-Hochkeppel-Frisell-Foto-TJ-Krebs.jpg?fit=1200%2C800&ssl=1\",\"datePublished\":\"2023-07-18T06:31:00+00:00\",\"breadcrumb\":{\"@id\":\"https:\\\/\\\/www.jazzzeitung.de\\\/cms\\\/2023\\\/07\\\/das-internationale-jazz-weekend-in-unterfoehring-mit-staraufgebot\\\/#breadcrumb\"},\"inLanguage\":\"de\",\"potentialAction\":[{\"@type\":\"ReadAction\",\"target\":[\"https:\\\/\\\/www.jazzzeitung.de\\\/cms\\\/2023\\\/07\\\/das-internationale-jazz-weekend-in-unterfoehring-mit-staraufgebot\\\/\"]}]},{\"@type\":\"ImageObject\",\"inLanguage\":\"de\",\"@id\":\"https:\\\/\\\/www.jazzzeitung.de\\\/cms\\\/2023\\\/07\\\/das-internationale-jazz-weekend-in-unterfoehring-mit-staraufgebot\\\/#primaryimage\",\"url\":\"https:\\\/\\\/i0.wp.com\\\/www.jazzzeitung.de\\\/cms\\\/wp-content\\\/uploads\\\/2023\\\/07\\\/P2536360-Einfuehrung-mit-Clayton-Schulte-Rief-Hochkeppel-Frisell-Foto-TJ-Krebs.jpg?fit=1200%2C800&ssl=1\",\"contentUrl\":\"https:\\\/\\\/i0.wp.com\\\/www.jazzzeitung.de\\\/cms\\\/wp-content\\\/uploads\\\/2023\\\/07\\\/P2536360-Einfuehrung-mit-Clayton-Schulte-Rief-Hochkeppel-Frisell-Foto-TJ-Krebs.jpg?fit=1200%2C800&ssl=1\",\"width\":1200,\"height\":800},{\"@type\":\"BreadcrumbList\",\"@id\":\"https:\\\/\\\/www.jazzzeitung.de\\\/cms\\\/2023\\\/07\\\/das-internationale-jazz-weekend-in-unterfoehring-mit-staraufgebot\\\/#breadcrumb\",\"itemListElement\":[{\"@type\":\"ListItem\",\"position\":1,\"name\":\"Startseite\",\"item\":\"https:\\\/\\\/www.jazzzeitung.de\\\/cms\\\/\"},{\"@type\":\"ListItem\",\"position\":2,\"name\":\"Das Internationale Jazz-Weekend in Unterf\u00f6hring mit Staraufgebot\"}]},{\"@type\":\"WebSite\",\"@id\":\"https:\\\/\\\/www.jazzzeitung.de\\\/cms\\\/#website\",\"url\":\"https:\\\/\\\/www.jazzzeitung.de\\\/cms\\\/\",\"name\":\"JazzZeitung\",\"description\":\"Jazz-News und Jazz-Kontroverses\",\"publisher\":{\"@id\":\"https:\\\/\\\/www.jazzzeitung.de\\\/cms\\\/#organization\"},\"potentialAction\":[{\"@type\":\"SearchAction\",\"target\":{\"@type\":\"EntryPoint\",\"urlTemplate\":\"https:\\\/\\\/www.jazzzeitung.de\\\/cms\\\/?s={search_term_string}\"},\"query-input\":{\"@type\":\"PropertyValueSpecification\",\"valueRequired\":true,\"valueName\":\"search_term_string\"}}],\"inLanguage\":\"de\"},{\"@type\":\"Organization\",\"@id\":\"https:\\\/\\\/www.jazzzeitung.de\\\/cms\\\/#organization\",\"name\":\"JazzZeitung online\",\"url\":\"https:\\\/\\\/www.jazzzeitung.de\\\/cms\\\/\",\"logo\":{\"@type\":\"ImageObject\",\"inLanguage\":\"de\",\"@id\":\"https:\\\/\\\/www.jazzzeitung.de\\\/cms\\\/#\\\/schema\\\/logo\\\/image\\\/\",\"url\":\"https:\\\/\\\/i0.wp.com\\\/www.jazzzeitung.de\\\/cms\\\/wp-content\\\/uploads\\\/2015\\\/08\\\/JAZZZEITUNGDE_Logo_Neu.png?fit=499%2C200&ssl=1\",\"contentUrl\":\"https:\\\/\\\/i0.wp.com\\\/www.jazzzeitung.de\\\/cms\\\/wp-content\\\/uploads\\\/2015\\\/08\\\/JAZZZEITUNGDE_Logo_Neu.png?fit=499%2C200&ssl=1\",\"width\":499,\"height\":200,\"caption\":\"JazzZeitung online\"},\"image\":{\"@id\":\"https:\\\/\\\/www.jazzzeitung.de\\\/cms\\\/#\\\/schema\\\/logo\\\/image\\\/\"},\"sameAs\":[\"https:\\\/\\\/www.facebook.com\\\/JazzZeitung\\\/\"]},{\"@type\":\"Person\",\"@id\":\"https:\\\/\\\/www.jazzzeitung.de\\\/cms\\\/#\\\/schema\\\/person\\\/2245b36b9cd1d24cea10f01c031fb92b\",\"name\":\"Redaktion JazzZeitung\",\"image\":{\"@type\":\"ImageObject\",\"inLanguage\":\"de\",\"@id\":\"https:\\\/\\\/i0.wp.com\\\/www.jazzzeitung.de\\\/cms\\\/wp-content\\\/uploads\\\/2015\\\/08\\\/JAZZZEITUNGDE_Logo_Neu.png?resize=96%2C96&ssl=159975dcacb611b5700bd619b5daf0a7a\",\"url\":\"https:\\\/\\\/i0.wp.com\\\/www.jazzzeitung.de\\\/cms\\\/wp-content\\\/uploads\\\/2015\\\/08\\\/JAZZZEITUNGDE_Logo_Neu.png?resize=96%2C96&ssl=1\",\"contentUrl\":\"https:\\\/\\\/i0.wp.com\\\/www.jazzzeitung.de\\\/cms\\\/wp-content\\\/uploads\\\/2015\\\/08\\\/JAZZZEITUNGDE_Logo_Neu.png?resize=96%2C96&ssl=1\",\"caption\":\"Redaktion JazzZeitung\"},\"description\":\"Artikel der Redaktion der JazzZeitung.\",\"sameAs\":[\"http:\\\/\\\/www.jazzzeitung.de\\\/cms\\\/\"],\"url\":\"https:\\\/\\\/www.jazzzeitung.de\\\/cms\\\/author\\\/redaktion\\\/\"}]}<\/script>\n<!-- \/ Yoast SEO plugin. -->","yoast_head_json":{"title":"Das Internationale Jazz-Weekend in Unterf\u00f6hring mit Staraufgebot - JazzZeitung","robots":{"index":"index","follow":"follow","max-snippet":"max-snippet:-1","max-image-preview":"max-image-preview:large","max-video-preview":"max-video-preview:-1"},"canonical":"https:\/\/www.jazzzeitung.de\/cms\/2023\/07\/das-internationale-jazz-weekend-in-unterfoehring-mit-staraufgebot\/","og_locale":"de_DE","og_type":"article","og_title":"Das Internationale Jazz-Weekend in Unterf\u00f6hring mit Staraufgebot - JazzZeitung","og_description":"Das diesj\u00e4hrige Internationale Jazz-Weekend in Unterf\u00f6hring wartete, wie bereits in der vergangenen Jahren, mit einem starken Lineup auf. Stars wie Bill Frisell, Lizz Wright und David Helbock gaben sich im B\u00fcrgerhaus Unterf\u00f6hring die Ehre. Obwohl das Jazz-Weekend dieses Jahr bereits zum zwanzigsten Mal stattfand \u2013 von aufgesetztem Jubil\u00e4umstrubel keine Spur. Stattdessen, wie gewohnt, ein ausgesprochen abwechslungsreiches, hoch interessantes Programm. Den offiziellen Startschuss gab es wie immer mit einem Kinderprogramm der Jazzbande und \u201eWarum der Kontrabass das Schlagzeug mag\u201c. Den Auftakt zum internationalen Programm bestritt dann Bill Frisell mit seinem aktuellen Quartett mit Greg Tardy, Gerald Clayton und Jonathan Blake. Ein ungemein intimes Konzert mit vielen leisen Zwischent\u00f6nen und wunderbaren Improvisationen. H\u00f6hepunkt des Abends sicherlich die erste (von zwei) Zugaben: \u201eWhat the World Needs Now\u201c von Burt Bacharach &#8211; da stockte so manchem H\u00f6rer der Atem. Lizz Wright am Klavier Auch der zweite Abend war in jeder Hinsicht ein ganz besonderer. Mehrmals verschoben hat es dann schlie\u00dflich geklappt und Lizz Wright kam mit dem Gitarristen Marvin Sewell, Bobby Sparks an den Keyboards, dem Bassisten Ben Zwerin und Ivan Edwards am Schlagzeug in den gro\u00dfen Saal des &hellip;","og_url":"https:\/\/www.jazzzeitung.de\/cms\/2023\/07\/das-internationale-jazz-weekend-in-unterfoehring-mit-staraufgebot\/","og_site_name":"JazzZeitung","article_publisher":"https:\/\/www.facebook.com\/JazzZeitung\/","article_published_time":"2023-07-18T06:31:00+00:00","og_image":[{"width":1200,"height":800,"url":"https:\/\/i0.wp.com\/www.jazzzeitung.de\/cms\/wp-content\/uploads\/2023\/07\/P2536360-Einfuehrung-mit-Clayton-Schulte-Rief-Hochkeppel-Frisell-Foto-TJ-Krebs.jpg?fit=1200%2C800&ssl=1","type":"image\/jpeg"}],"author":"Redaktion JazzZeitung, Thomas J. Krebs","schema":{"@context":"https:\/\/schema.org","@graph":[{"@type":"Article","@id":"https:\/\/www.jazzzeitung.de\/cms\/2023\/07\/das-internationale-jazz-weekend-in-unterfoehring-mit-staraufgebot\/#article","isPartOf":{"@id":"https:\/\/www.jazzzeitung.de\/cms\/2023\/07\/das-internationale-jazz-weekend-in-unterfoehring-mit-staraufgebot\/"},"author":{"name":"Redaktion JazzZeitung","@id":"https:\/\/www.jazzzeitung.de\/cms\/#\/schema\/person\/2245b36b9cd1d24cea10f01c031fb92b"},"headline":"Das Internationale Jazz-Weekend in Unterf\u00f6hring mit Staraufgebot","datePublished":"2023-07-18T06:31:00+00:00","mainEntityOfPage":{"@id":"https:\/\/www.jazzzeitung.de\/cms\/2023\/07\/das-internationale-jazz-weekend-in-unterfoehring-mit-staraufgebot\/"},"wordCount":449,"commentCount":0,"publisher":{"@id":"https:\/\/www.jazzzeitung.de\/cms\/#organization"},"image":{"@id":"https:\/\/www.jazzzeitung.de\/cms\/2023\/07\/das-internationale-jazz-weekend-in-unterfoehring-mit-staraufgebot\/#primaryimage"},"thumbnailUrl":"https:\/\/i0.wp.com\/www.jazzzeitung.de\/cms\/wp-content\/uploads\/2023\/07\/P2536360-Einfuehrung-mit-Clayton-Schulte-Rief-Hochkeppel-Frisell-Foto-TJ-Krebs.jpg?fit=1200%2C800&ssl=1","keywords":["Austrian Syndicate","Bill Frisell","Claudio Spieler","David Helbock","Gerald Clayton","Greg Tardy","Herbert Pirker","Jonathan Blake","Lizz Wright","Peter Madsen","Raphael Preuschl"],"articleSection":["Bericht"],"inLanguage":"de","potentialAction":[{"@type":"CommentAction","name":"Comment","target":["https:\/\/www.jazzzeitung.de\/cms\/2023\/07\/das-internationale-jazz-weekend-in-unterfoehring-mit-staraufgebot\/#respond"]}]},{"@type":"WebPage","@id":"https:\/\/www.jazzzeitung.de\/cms\/2023\/07\/das-internationale-jazz-weekend-in-unterfoehring-mit-staraufgebot\/","url":"https:\/\/www.jazzzeitung.de\/cms\/2023\/07\/das-internationale-jazz-weekend-in-unterfoehring-mit-staraufgebot\/","name":"Das Internationale Jazz-Weekend in Unterf\u00f6hring mit Staraufgebot - JazzZeitung","isPartOf":{"@id":"https:\/\/www.jazzzeitung.de\/cms\/#website"},"primaryImageOfPage":{"@id":"https:\/\/www.jazzzeitung.de\/cms\/2023\/07\/das-internationale-jazz-weekend-in-unterfoehring-mit-staraufgebot\/#primaryimage"},"image":{"@id":"https:\/\/www.jazzzeitung.de\/cms\/2023\/07\/das-internationale-jazz-weekend-in-unterfoehring-mit-staraufgebot\/#primaryimage"},"thumbnailUrl":"https:\/\/i0.wp.com\/www.jazzzeitung.de\/cms\/wp-content\/uploads\/2023\/07\/P2536360-Einfuehrung-mit-Clayton-Schulte-Rief-Hochkeppel-Frisell-Foto-TJ-Krebs.jpg?fit=1200%2C800&ssl=1","datePublished":"2023-07-18T06:31:00+00:00","breadcrumb":{"@id":"https:\/\/www.jazzzeitung.de\/cms\/2023\/07\/das-internationale-jazz-weekend-in-unterfoehring-mit-staraufgebot\/#breadcrumb"},"inLanguage":"de","potentialAction":[{"@type":"ReadAction","target":["https:\/\/www.jazzzeitung.de\/cms\/2023\/07\/das-internationale-jazz-weekend-in-unterfoehring-mit-staraufgebot\/"]}]},{"@type":"ImageObject","inLanguage":"de","@id":"https:\/\/www.jazzzeitung.de\/cms\/2023\/07\/das-internationale-jazz-weekend-in-unterfoehring-mit-staraufgebot\/#primaryimage","url":"https:\/\/i0.wp.com\/www.jazzzeitung.de\/cms\/wp-content\/uploads\/2023\/07\/P2536360-Einfuehrung-mit-Clayton-Schulte-Rief-Hochkeppel-Frisell-Foto-TJ-Krebs.jpg?fit=1200%2C800&ssl=1","contentUrl":"https:\/\/i0.wp.com\/www.jazzzeitung.de\/cms\/wp-content\/uploads\/2023\/07\/P2536360-Einfuehrung-mit-Clayton-Schulte-Rief-Hochkeppel-Frisell-Foto-TJ-Krebs.jpg?fit=1200%2C800&ssl=1","width":1200,"height":800},{"@type":"BreadcrumbList","@id":"https:\/\/www.jazzzeitung.de\/cms\/2023\/07\/das-internationale-jazz-weekend-in-unterfoehring-mit-staraufgebot\/#breadcrumb","itemListElement":[{"@type":"ListItem","position":1,"name":"Startseite","item":"https:\/\/www.jazzzeitung.de\/cms\/"},{"@type":"ListItem","position":2,"name":"Das Internationale Jazz-Weekend in Unterf\u00f6hring mit Staraufgebot"}]},{"@type":"WebSite","@id":"https:\/\/www.jazzzeitung.de\/cms\/#website","url":"https:\/\/www.jazzzeitung.de\/cms\/","name":"JazzZeitung","description":"Jazz-News und Jazz-Kontroverses","publisher":{"@id":"https:\/\/www.jazzzeitung.de\/cms\/#organization"},"potentialAction":[{"@type":"SearchAction","target":{"@type":"EntryPoint","urlTemplate":"https:\/\/www.jazzzeitung.de\/cms\/?s={search_term_string}"},"query-input":{"@type":"PropertyValueSpecification","valueRequired":true,"valueName":"search_term_string"}}],"inLanguage":"de"},{"@type":"Organization","@id":"https:\/\/www.jazzzeitung.de\/cms\/#organization","name":"JazzZeitung online","url":"https:\/\/www.jazzzeitung.de\/cms\/","logo":{"@type":"ImageObject","inLanguage":"de","@id":"https:\/\/www.jazzzeitung.de\/cms\/#\/schema\/logo\/image\/","url":"https:\/\/i0.wp.com\/www.jazzzeitung.de\/cms\/wp-content\/uploads\/2015\/08\/JAZZZEITUNGDE_Logo_Neu.png?fit=499%2C200&ssl=1","contentUrl":"https:\/\/i0.wp.com\/www.jazzzeitung.de\/cms\/wp-content\/uploads\/2015\/08\/JAZZZEITUNGDE_Logo_Neu.png?fit=499%2C200&ssl=1","width":499,"height":200,"caption":"JazzZeitung online"},"image":{"@id":"https:\/\/www.jazzzeitung.de\/cms\/#\/schema\/logo\/image\/"},"sameAs":["https:\/\/www.facebook.com\/JazzZeitung\/"]},{"@type":"Person","@id":"https:\/\/www.jazzzeitung.de\/cms\/#\/schema\/person\/2245b36b9cd1d24cea10f01c031fb92b","name":"Redaktion JazzZeitung","image":{"@type":"ImageObject","inLanguage":"de","@id":"https:\/\/i0.wp.com\/www.jazzzeitung.de\/cms\/wp-content\/uploads\/2015\/08\/JAZZZEITUNGDE_Logo_Neu.png?resize=96%2C96&ssl=159975dcacb611b5700bd619b5daf0a7a","url":"https:\/\/i0.wp.com\/www.jazzzeitung.de\/cms\/wp-content\/uploads\/2015\/08\/JAZZZEITUNGDE_Logo_Neu.png?resize=96%2C96&ssl=1","contentUrl":"https:\/\/i0.wp.com\/www.jazzzeitung.de\/cms\/wp-content\/uploads\/2015\/08\/JAZZZEITUNGDE_Logo_Neu.png?resize=96%2C96&ssl=1","caption":"Redaktion JazzZeitung"},"description":"Artikel der Redaktion der JazzZeitung.","sameAs":["http:\/\/www.jazzzeitung.de\/cms\/"],"url":"https:\/\/www.jazzzeitung.de\/cms\/author\/redaktion\/"}]}},"wp-worthy-pixel":{"ignored":false,"public":null,"server":null,"url":null},"wp-worthy-type":"normal","jetpack_publicize_connections":[],"cc_featured_image_caption":{"caption_text":"","source_text":"","source_url":""},"jetpack_featured_media_url":"https:\/\/i0.wp.com\/www.jazzzeitung.de\/cms\/wp-content\/uploads\/2023\/07\/P2536360-Einfuehrung-mit-Clayton-Schulte-Rief-Hochkeppel-Frisell-Foto-TJ-Krebs.jpg?fit=1200%2C800&ssl=1","jetpack_shortlink":"https:\/\/wp.me\/p3KEcT-7KI","jetpack-related-posts":[{"id":29638,"url":"https:\/\/www.jazzzeitung.de\/cms\/2023\/06\/der-kommende-jazzfestivalsommer-in-augsburg-unterfoehring-und-im-bayerischen-hof\/","url_meta":{"origin":29804,"position":0},"title":"Der kommende Jazzfestivalsommer in Augsburg, Unterf\u00f6hring und im Bayerischen Hof","author":"Thomas J. Krebs","date":"19. Juni 2023","format":false,"excerpt":"Im Sommer hat man oft Entscheidungsn\u00f6te was Festivals betrifft. Auch der Jazz hat im Juli und August im s\u00fcddeutschen Raum einiges an Festivals zu bieten, und dieses Jahr gibt es beim Internationalen Augsburger Jazzsommer, dem Internationalen Jazzweekend Unterf\u00f6hring, sowie dem Jazzsommer im Bayerischen Hof so gut wie kaum \u00dcberschneidungen. Offensichtlich\u2026","rel":"","context":"In &quot;News&quot;","block_context":{"text":"News","link":"https:\/\/www.jazzzeitung.de\/cms\/thema\/nachrichten\/"},"img":{"alt_text":"","src":"https:\/\/i0.wp.com\/www.jazzzeitung.de\/cms\/wp-content\/uploads\/2023\/06\/BO1_2022_LakeciaBenjamin_EL_003-copyright-Elizabeth-Leitzell-scaled.jpg?fit=1186%2C1200&ssl=1&resize=350%2C200","width":350,"height":200,"srcset":"https:\/\/i0.wp.com\/www.jazzzeitung.de\/cms\/wp-content\/uploads\/2023\/06\/BO1_2022_LakeciaBenjamin_EL_003-copyright-Elizabeth-Leitzell-scaled.jpg?fit=1186%2C1200&ssl=1&resize=350%2C200 1x, https:\/\/i0.wp.com\/www.jazzzeitung.de\/cms\/wp-content\/uploads\/2023\/06\/BO1_2022_LakeciaBenjamin_EL_003-copyright-Elizabeth-Leitzell-scaled.jpg?fit=1186%2C1200&ssl=1&resize=525%2C300 1.5x, https:\/\/i0.wp.com\/www.jazzzeitung.de\/cms\/wp-content\/uploads\/2023\/06\/BO1_2022_LakeciaBenjamin_EL_003-copyright-Elizabeth-Leitzell-scaled.jpg?fit=1186%2C1200&ssl=1&resize=700%2C400 2x, https:\/\/i0.wp.com\/www.jazzzeitung.de\/cms\/wp-content\/uploads\/2023\/06\/BO1_2022_LakeciaBenjamin_EL_003-copyright-Elizabeth-Leitzell-scaled.jpg?fit=1186%2C1200&ssl=1&resize=1050%2C600 3x"},"classes":[]},{"id":20087,"url":"https:\/\/www.jazzzeitung.de\/cms\/2019\/07\/jazz-vom-allerfeinsten-das-17-internationale-jazz-weekend-in-unterfoehrung\/","url_meta":{"origin":29804,"position":1},"title":"Jazz vom Allerfeinsten &#8211; das 17. Internationale Jazz-Weekend in Unterf\u00f6hrung","author":"Thomas J. Krebs","date":"17. Juli 2019","format":false,"excerpt":"Traditionell wird das Internationale Jazz Weekend in Unterf\u00f6hrung, das dieses Jahr zum 17. Mal stattfand, am Donnerstagnachmittag mit einem Kinderkonzert er\u00f6ffnet, unter dem Motto \u201eJazz f\u00fcr Kinderohren\u201c, mit den Musiker(innen) Thilo Wagner, Mini Schulz, Libor Sima, Gesa und Obi Jenne, bevor sich dann an den darauf folgenden Tagen internationale Stars\u2026","rel":"","context":"In &quot;Bericht&quot;","block_context":{"text":"Bericht","link":"https:\/\/www.jazzzeitung.de\/cms\/thema\/bericht\/"},"img":{"alt_text":"","src":"https:\/\/i0.wp.com\/www.jazzzeitung.de\/cms\/wp-content\/uploads\/2019\/07\/P1436618-Anne-Paceos-Bright-Shadow-Foto-TJ-Krebs.jpg?fit=1200%2C800&ssl=1&resize=350%2C200","width":350,"height":200,"srcset":"https:\/\/i0.wp.com\/www.jazzzeitung.de\/cms\/wp-content\/uploads\/2019\/07\/P1436618-Anne-Paceos-Bright-Shadow-Foto-TJ-Krebs.jpg?fit=1200%2C800&ssl=1&resize=350%2C200 1x, https:\/\/i0.wp.com\/www.jazzzeitung.de\/cms\/wp-content\/uploads\/2019\/07\/P1436618-Anne-Paceos-Bright-Shadow-Foto-TJ-Krebs.jpg?fit=1200%2C800&ssl=1&resize=525%2C300 1.5x, https:\/\/i0.wp.com\/www.jazzzeitung.de\/cms\/wp-content\/uploads\/2019\/07\/P1436618-Anne-Paceos-Bright-Shadow-Foto-TJ-Krebs.jpg?fit=1200%2C800&ssl=1&resize=700%2C400 2x, https:\/\/i0.wp.com\/www.jazzzeitung.de\/cms\/wp-content\/uploads\/2019\/07\/P1436618-Anne-Paceos-Bright-Shadow-Foto-TJ-Krebs.jpg?fit=1200%2C800&ssl=1&resize=1050%2C600 3x"},"classes":[]},{"id":5784,"url":"https:\/\/www.jazzzeitung.de\/cms\/2015\/03\/news-django-reinhardt-memorial-lichter-filmfest-jazzweekend-unterfoehring\/","url_meta":{"origin":29804,"position":2},"title":"News: Django Reinhardt Memorial +++ LICHTER Filmfest +++ Jazzweekend Unterf\u00f6hring","author":"Redaktion JazzZeitung","date":"25. M\u00e4rz 2015","format":false,"excerpt":"Django Reinhardt Memorial in Augsburg geht in die 23. Runde Er ist eine Legende. Er hat den europ\u00e4ischen Jazz miterfunden und seine Spielweise hat einen ganzen Jazzstil gepr\u00e4gt. Die Rede ist von Django Reinhardt. Bereits zum 23. Mal findet nun ihm und dem Gypsy-Jazz zu Ehren das Django Reinhardt-Memorial in\u2026","rel":"","context":"In &quot;News&quot;","block_context":{"text":"News","link":"https:\/\/www.jazzzeitung.de\/cms\/thema\/nachrichten\/"},"img":{"alt_text":"Django Reinhardt","src":"https:\/\/i0.wp.com\/www.jazzzeitung.de\/cms\/wp-content\/uploads\/2015\/03\/Django-Reinhardt-150x150.jpg?resize=350%2C200","width":350,"height":200},"classes":[]},{"id":27898,"url":"https:\/\/www.jazzzeitung.de\/cms\/2022\/07\/nachlese-zum-19-internationalen-jazz-weekend-in-unterfoehring\/","url_meta":{"origin":29804,"position":3},"title":"Nachlese zum 19. Internationalen Jazz-Weekend in Unterf\u00f6hring","author":"Redaktion JazzZeitung","date":"22. Juli 2022","format":false,"excerpt":"Als Veranstalter eines Sommer-Jazz-Weekends braucht man nicht nur in diesen Zeiten Mut, sondern vor allem Visionen. Bereits in den vorangegangenen Jahren holte Bassist Harald Scharf, der die k\u00fcnstlerische Leitung des Festivals 2014 \u00fcbernommen hat, Stars wie Tom Harrell, Kurt Elling, Marquis Hill, Kinga Glyck, Terri Lyne Carrington, Dianne Reeves, China\u2026","rel":"","context":"In &quot;Bericht&quot;","block_context":{"text":"Bericht","link":"https:\/\/www.jazzzeitung.de\/cms\/thema\/bericht\/"},"img":{"alt_text":"","src":"https:\/\/i0.wp.com\/www.jazzzeitung.de\/cms\/wp-content\/uploads\/2022\/07\/P19682591-Ranky-Tanky-Singleton-Foto-TJ-Krebs.jpg?fit=1200%2C800&ssl=1&resize=350%2C200","width":350,"height":200,"srcset":"https:\/\/i0.wp.com\/www.jazzzeitung.de\/cms\/wp-content\/uploads\/2022\/07\/P19682591-Ranky-Tanky-Singleton-Foto-TJ-Krebs.jpg?fit=1200%2C800&ssl=1&resize=350%2C200 1x, https:\/\/i0.wp.com\/www.jazzzeitung.de\/cms\/wp-content\/uploads\/2022\/07\/P19682591-Ranky-Tanky-Singleton-Foto-TJ-Krebs.jpg?fit=1200%2C800&ssl=1&resize=525%2C300 1.5x, https:\/\/i0.wp.com\/www.jazzzeitung.de\/cms\/wp-content\/uploads\/2022\/07\/P19682591-Ranky-Tanky-Singleton-Foto-TJ-Krebs.jpg?fit=1200%2C800&ssl=1&resize=700%2C400 2x, https:\/\/i0.wp.com\/www.jazzzeitung.de\/cms\/wp-content\/uploads\/2022\/07\/P19682591-Ranky-Tanky-Singleton-Foto-TJ-Krebs.jpg?fit=1200%2C800&ssl=1&resize=1050%2C600 3x"},"classes":[]},{"id":31352,"url":"https:\/\/www.jazzzeitung.de\/cms\/2024\/07\/grandios-und-abwechslungsreich-das-internationale-jazz-weekend-unterfoehring\/","url_meta":{"origin":29804,"position":4},"title":"Grandios und abwechslungsreich \u2013 das Internationale Jazz-Weekend Unterf\u00f6hring","author":"Redaktion JazzZeitung","date":"18. Juli 2024","format":false,"excerpt":"(Text & Fotos: Thomas J. Krebs) Seit mittlerweile 21 Jahren l\u00e4sst Unterf\u00f6hring es jazztechnisch einmal im Jahr besonders krachen - beim Internationalen Jazz-Weekend! So gab es auch dieses Jahr wieder sowohl Bew\u00e4hrtes als auch so manche musikalische \u00dcberraschung im B\u00fcrgerhaus der Gemeinde. Soviel schon vorab: es war mal wieder ein\u2026","rel":"","context":"In &quot;Bericht&quot;","block_context":{"text":"Bericht","link":"https:\/\/www.jazzzeitung.de\/cms\/thema\/bericht\/"},"img":{"alt_text":"","src":"https:\/\/i0.wp.com\/www.jazzzeitung.de\/cms\/wp-content\/uploads\/2024\/07\/P1188624-Fils-Aime-5-Foto-TJ-Krebs.jpg?fit=1200%2C799&ssl=1&resize=350%2C200","width":350,"height":200,"srcset":"https:\/\/i0.wp.com\/www.jazzzeitung.de\/cms\/wp-content\/uploads\/2024\/07\/P1188624-Fils-Aime-5-Foto-TJ-Krebs.jpg?fit=1200%2C799&ssl=1&resize=350%2C200 1x, https:\/\/i0.wp.com\/www.jazzzeitung.de\/cms\/wp-content\/uploads\/2024\/07\/P1188624-Fils-Aime-5-Foto-TJ-Krebs.jpg?fit=1200%2C799&ssl=1&resize=525%2C300 1.5x, https:\/\/i0.wp.com\/www.jazzzeitung.de\/cms\/wp-content\/uploads\/2024\/07\/P1188624-Fils-Aime-5-Foto-TJ-Krebs.jpg?fit=1200%2C799&ssl=1&resize=700%2C400 2x, https:\/\/i0.wp.com\/www.jazzzeitung.de\/cms\/wp-content\/uploads\/2024\/07\/P1188624-Fils-Aime-5-Foto-TJ-Krebs.jpg?fit=1200%2C799&ssl=1&resize=1050%2C600 3x"},"classes":[]},{"id":32852,"url":"https:\/\/www.jazzzeitung.de\/cms\/2025\/07\/internationales-jazzweekend-in-unterfoehring-2025\/","url_meta":{"origin":29804,"position":5},"title":"Internationales Jazzweekend in Unterf\u00f6hring 2025","author":"Thomas J. Krebs","date":"29. Juli 2025","format":false,"excerpt":"Kaum zu glauben wie schnell die Zeit vergeht. Schon wieder ist ein Jahr vorbei und die Sommer-Jazz Festivalsaison steht in M\u00fcnchen vor der T\u00fcr. Traditionell beginnend mit dem Internationalen Jazz-Weekend im B\u00fcrgerhaus Unterf\u00f6hring. Auch dieses Jahr hat der k\u00fcnstlerische Leiter Harald Scharf wieder ein atemberaubendes Programm auf die Beine gestellt.\u2026","rel":"","context":"In &quot;Bericht&quot;","block_context":{"text":"Bericht","link":"https:\/\/www.jazzzeitung.de\/cms\/thema\/bericht\/"},"img":{"alt_text":"","src":"https:\/\/i0.wp.com\/www.jazzzeitung.de\/cms\/wp-content\/uploads\/2025\/07\/P173308488-Akinmusire-Nonett-Foto-TJ-Krebs.jpg?fit=1200%2C799&ssl=1&resize=350%2C200","width":350,"height":200,"srcset":"https:\/\/i0.wp.com\/www.jazzzeitung.de\/cms\/wp-content\/uploads\/2025\/07\/P173308488-Akinmusire-Nonett-Foto-TJ-Krebs.jpg?fit=1200%2C799&ssl=1&resize=350%2C200 1x, https:\/\/i0.wp.com\/www.jazzzeitung.de\/cms\/wp-content\/uploads\/2025\/07\/P173308488-Akinmusire-Nonett-Foto-TJ-Krebs.jpg?fit=1200%2C799&ssl=1&resize=525%2C300 1.5x, https:\/\/i0.wp.com\/www.jazzzeitung.de\/cms\/wp-content\/uploads\/2025\/07\/P173308488-Akinmusire-Nonett-Foto-TJ-Krebs.jpg?fit=1200%2C799&ssl=1&resize=700%2C400 2x, https:\/\/i0.wp.com\/www.jazzzeitung.de\/cms\/wp-content\/uploads\/2025\/07\/P173308488-Akinmusire-Nonett-Foto-TJ-Krebs.jpg?fit=1200%2C799&ssl=1&resize=1050%2C600 3x"},"classes":[]}],"jetpack_sharing_enabled":true,"_links":{"self":[{"href":"https:\/\/www.jazzzeitung.de\/cms\/wp-json\/wp\/v2\/posts\/29804","targetHints":{"allow":["GET"]}}],"collection":[{"href":"https:\/\/www.jazzzeitung.de\/cms\/wp-json\/wp\/v2\/posts"}],"about":[{"href":"https:\/\/www.jazzzeitung.de\/cms\/wp-json\/wp\/v2\/types\/post"}],"author":[{"embeddable":true,"href":"https:\/\/www.jazzzeitung.de\/cms\/wp-json\/wp\/v2\/users\/18"}],"replies":[{"embeddable":true,"href":"https:\/\/www.jazzzeitung.de\/cms\/wp-json\/wp\/v2\/comments?post=29804"}],"version-history":[{"count":6,"href":"https:\/\/www.jazzzeitung.de\/cms\/wp-json\/wp\/v2\/posts\/29804\/revisions"}],"predecessor-version":[{"id":29820,"href":"https:\/\/www.jazzzeitung.de\/cms\/wp-json\/wp\/v2\/posts\/29804\/revisions\/29820"}],"wp:featuredmedia":[{"embeddable":true,"href":"https:\/\/www.jazzzeitung.de\/cms\/wp-json\/wp\/v2\/media\/29806"}],"wp:attachment":[{"href":"https:\/\/www.jazzzeitung.de\/cms\/wp-json\/wp\/v2\/media?parent=29804"}],"wp:term":[{"taxonomy":"category","embeddable":true,"href":"https:\/\/www.jazzzeitung.de\/cms\/wp-json\/wp\/v2\/categories?post=29804"},{"taxonomy":"post_tag","embeddable":true,"href":"https:\/\/www.jazzzeitung.de\/cms\/wp-json\/wp\/v2\/tags?post=29804"},{"taxonomy":"author","embeddable":true,"href":"https:\/\/www.jazzzeitung.de\/cms\/wp-json\/wp\/v2\/coauthors?post=29804"}],"curies":[{"name":"wp","href":"https:\/\/api.w.org\/{rel}","templated":true}]}}