{"id":2980,"date":"2013-11-08T09:01:58","date_gmt":"2013-11-08T08:01:58","guid":{"rendered":"http:\/\/www.jazzzeitung.de\/cms\/?p=2980"},"modified":"2013-11-12T23:11:23","modified_gmt":"2013-11-12T22:11:23","slug":"whitey-kicks-ass","status":"publish","type":"post","link":"https:\/\/www.jazzzeitung.de\/cms\/2013\/11\/whitey-kicks-ass\/","title":{"rendered":"Whitey kicks some ass!"},"content":{"rendered":"<p>Es ist mal wieder passiert! Einem internationalen Urheber ist der Hals zu dick geworden, \u00e4hnlich Sven Regener, unserem deutschen <a href=\"http:\/\/www.jazzzeitung.de\/cms\/2012\/03\/sven-regener-der-unheimliche-hulk-des-urheberrechts\/http:\/\/\" target=\"_blank\">unheimlichen Hulk des Urheberrechts<\/a> im letzten Jahr. Diesmal hat der britische K\u00fcnstler <a href=\"https:\/\/www.facebook.com\/WhiteyOfficial\" target=\"_blank\">Whitey<\/a> rot gesehen, als er offenbar von der Londoner TV-Produktionsfirma <em>Betty<\/em> angefragt wurde, seine Musik umsonst f\u00fcr eines ihrer Formate (\u00fcberwiegend Reality-Shows) zur Verf\u00fcgung zu stellen. <\/p>\n<p>Offenbar einmal zuviel f\u00fcr Whitey, der solche Anfragen wohl schon h\u00e4ufiger bekommen hatte, denn er kotzte sich in einem offenen (am 6.11.13 <a href=\"https:\/\/www.facebook.com\/WhiteyOfficial\" target=\"_blank\">auf seiner Facebook-Seite<\/a> geposteten) Mail an die TV-Firma recht deutlich \u00fcber die Praktiken gr\u00f6\u00dferer Firmen aus, die so tun, als h\u00e4tten sie kein Geld \u2013 erst recht nicht f\u00fcr ein Musikb\u00fcdget:<\/p>\n<blockquote><p><em>&#8222;I am sick to death of your hollow schtick, of the inevitable line &#8218;unfortunately there&#8217;s no budget for music&#8216;, as if some fixed law of the universe handed you down a sad but immutable financial verdict preventing you from budgeting to pay for music. Your company set out the budget. So you have chosen to allocate no money for music. I get begging letters like this every week \u2013 from a booming, affluent global media industry.&#8220;<\/em><\/p><\/blockquote>\n<p><img data-recalc-dims=\"1\" decoding=\"async\" title=\"More...\" alt=\"\" src=\"https:\/\/i0.wp.com\/blogs.nmz.de\/jazz\/wp-includes\/js\/tinymce\/plugins\/wordpress\/img\/trans.gif?w=840\" \/>Dann z\u00e4hlt er seine Meriten als professioneller Musiker auf, der hart f\u00fcr sein Erreichtes hat arbeiten m\u00fcssen und stellt die Frage, ob man jemandem in der Filmbranche mit vergleichbaren Referenzen \u00e4hnliche Anfragen schicken w\u00fcrde:<\/p>\n<blockquote><p><em>&#8222;Ask yourself \u2013 would you approach a creative or a director with a resume like that, and in one flippant sentence ask them to work for nothing? Of course not. Because your industry has a precedent of paying these people, of valuing their work. &#8222;<\/em><\/p><\/blockquote>\n<p>Dann zieht der Beleidigte der offenbar solch knappen Kalkulationzw\u00e4ngen unterworfenen Firma gewisserma\u00dfen die Hosen runter:<\/p>\n<blockquote><p><em>&#8222;Now let&#8217;s look at you. A quick glance at your website reveals a variety of well-known, internationally syndicated reality programmes. You are a successful, financially solvent and globally recognised company with a string of hit shows. Working on multiple series in close co-operation with Channel 4, from a west London office, with a string of awards under your belt. You have real money; to pretend otherwise is an insult.&#8220;<\/em><\/p><\/blockquote>\n<p>Whitey schlie\u00dft mit einer Interpretation dessen, was der Inhalt der Anfrage-Mail wohl sinngem\u00e4\u00df bedeutet hat:<\/p>\n<blockquote><p><em>&#8222;Yet you send me this shabby request \u2013 give me your property for free. Just give us what you own, we want it.<br \/>\nThe answer is a resounding and permanent NO.&#8220;<\/em><\/p><\/blockquote>\n<p>Whiteys Facebook-Eintrag wurde bisher bereits ann\u00e4hernd 500 mal kommentiert und fast 4000 mal geteilt. Auch einige Medien, an die Whitey generell appelliert hatte, eine \u00f6ffentliche Diskussion \u00fcber das Thema anzuregen, haben bereits reagiert. <a href=\"http:\/\/www.theguardian.com\/music\/2013\/nov\/07\/whitey-tv-company-music-free-emailhttp:\/\/\" target=\"_blank\">Der Guardian<\/a> zitiert einen Betty-Sprecher, der von einem Missverst\u00e4ndnis spricht und angibt, man habe sich mit dem K\u00fcnstler wegen einer Kl\u00e4rung in Verbindung gesetzt.<\/p>\n<blockquote><p><em>&#8222;We use a collective licensing system that ensures both the recording artist and composer are paid. We apologise for any confusion and we have contacted the artist to clarify this. We would never use music without permission and going through the proper procedures.&#8220;<\/em> (Quelle: www.theguardian.com)<\/p><\/blockquote>\n<p>In Bremen erinnert sich Sven Regener wahrscheinlich gerade an seinen letzten Wutausbruch, so dass ihm schon wieder das Hemd am Kragen spannen d\u00fcrfte. Dagegen bleibt Whitey insgesamt relativ h\u00f6flich. Er hat auch keine b\u00f6sen W\u00f6rter geschrieben, aber zwischen den Zeilen h\u00f6rt es sich verdammt an wie&#8230;<\/p>\n<p><strong>FUCK YOU!!!<\/strong><\/p>\n<p>Whiteys Statements in voller L\u00e4nge auf seiner Facebookseite: <a href=\"https:\/\/www.facebook.com\/WhiteyOfficial\" target=\"_blank\">https:\/\/www.facebook.com\/WhiteyOfficial <\/a><br \/>\n(dort ist inzwischen auch die Originalanfrage der Betty-Mitarbeiterin zu sehen)<\/p>\n","protected":false},"excerpt":{"rendered":"<p>Es ist mal wieder passiert! Einem internationalen Urheber ist der Hals zu dick geworden, \u00e4hnlich Sven Regener, unserem deutschen unheimlichen Hulk des Urheberrechts im letzten Jahr. Diesmal hat der britische K\u00fcnstler Whitey rot gesehen, als er offenbar von der Londoner TV-Produktionsfirma Betty angefragt wurde, seine Musik umsonst f\u00fcr eines ihrer Formate (\u00fcberwiegend Reality-Shows) zur Verf\u00fcgung zu stellen. Offenbar einmal zuviel f\u00fcr Whitey, der solche Anfragen wohl schon h\u00e4ufiger bekommen hatte, denn er kotzte sich in einem offenen (am 6.11.13 auf seiner Facebook-Seite geposteten) Mail an die TV-Firma recht deutlich \u00fcber die Praktiken gr\u00f6\u00dferer Firmen aus, die so tun, als h\u00e4tten sie kein Geld \u2013 erst recht nicht f\u00fcr ein Musikb\u00fcdget: &#8222;I am sick to death of your hollow schtick, of the inevitable line &#8218;unfortunately there&#8217;s no budget for music&#8216;, as if some fixed law of the universe handed you down a sad but immutable financial verdict preventing you from budgeting to pay for music. Your company set out the budget. So you have chosen to allocate no money for music. I get begging letters like this every week \u2013 from a booming, affluent global media &hellip;<\/p>\n","protected":false},"author":4,"featured_media":0,"comment_status":"open","ping_status":"closed","sticky":false,"template":"","format":"standard","meta":{"_jetpack_memberships_contains_paid_content":false,"footnotes":"","jetpack_publicize_message":"","jetpack_publicize_feature_enabled":true,"jetpack_social_post_already_shared":false,"jetpack_social_options":{"image_generator_settings":{"template":"highway","default_image_id":0,"font":"","enabled":false},"version":2}},"categories":[82],"tags":[772,95,171,359,773,774,533,574,776],"coauthors":[689],"class_list":["post-2980","post","type-post","status-publish","format-standard","hentry","category-blog","tag-betty","tag-bremen","tag-facebook","tag-london","tag-mail","tag-music-for-free","tag-sven-regener","tag-urheberrecht","tag-whitey"],"yoast_head":"<!-- This site is optimized with the Yoast SEO plugin v27.5 - https:\/\/yoast.com\/product\/yoast-seo-wordpress\/ -->\n<title>Whitey kicks some ass! - JazzZeitung<\/title>\n<meta name=\"robots\" content=\"index, follow, max-snippet:-1, max-image-preview:large, max-video-preview:-1\" \/>\n<link rel=\"canonical\" href=\"https:\/\/www.jazzzeitung.de\/cms\/2013\/11\/whitey-kicks-ass\/\" \/>\n<meta property=\"og:locale\" content=\"de_DE\" \/>\n<meta property=\"og:type\" content=\"article\" \/>\n<meta property=\"og:title\" content=\"Whitey kicks some ass! - JazzZeitung\" \/>\n<meta property=\"og:description\" content=\"Es ist mal wieder passiert! Einem internationalen Urheber ist der Hals zu dick geworden, \u00e4hnlich Sven Regener, unserem deutschen unheimlichen Hulk des Urheberrechts im letzten Jahr. Diesmal hat der britische K\u00fcnstler Whitey rot gesehen, als er offenbar von der Londoner TV-Produktionsfirma Betty angefragt wurde, seine Musik umsonst f\u00fcr eines ihrer Formate (\u00fcberwiegend Reality-Shows) zur Verf\u00fcgung zu stellen. Offenbar einmal zuviel f\u00fcr Whitey, der solche Anfragen wohl schon h\u00e4ufiger bekommen hatte, denn er kotzte sich in einem offenen (am 6.11.13 auf seiner Facebook-Seite geposteten) Mail an die TV-Firma recht deutlich \u00fcber die Praktiken gr\u00f6\u00dferer Firmen aus, die so tun, als h\u00e4tten sie kein Geld \u2013 erst recht nicht f\u00fcr ein Musikb\u00fcdget: &#8222;I am sick to death of your hollow schtick, of the inevitable line &#8218;unfortunately there&#8217;s no budget for music&#8216;, as if some fixed law of the universe handed you down a sad but immutable financial verdict preventing you from budgeting to pay for music. Your company set out the budget. So you have chosen to allocate no money for music. I get begging letters like this every week \u2013 from a booming, affluent global media &hellip;\" \/>\n<meta property=\"og:url\" content=\"https:\/\/www.jazzzeitung.de\/cms\/2013\/11\/whitey-kicks-ass\/\" \/>\n<meta property=\"og:site_name\" content=\"JazzZeitung\" \/>\n<meta property=\"article:publisher\" content=\"https:\/\/www.facebook.com\/JazzZeitung\/\" \/>\n<meta property=\"article:published_time\" content=\"2013-11-08T08:01:58+00:00\" \/>\n<meta property=\"article:modified_time\" content=\"2013-11-12T22:11:23+00:00\" \/>\n<meta property=\"og:image\" content=\"http:\/\/blogs.nmz.de\/jazz\/wp-includes\/js\/tinymce\/plugins\/wordpress\/img\/trans.gif\" \/>\n<meta name=\"author\" content=\"J\u00f6rg Lichtinger\" \/>\n<script type=\"application\/ld+json\" class=\"yoast-schema-graph\">{\"@context\":\"https:\\\/\\\/schema.org\",\"@graph\":[{\"@type\":\"Article\",\"@id\":\"https:\\\/\\\/www.jazzzeitung.de\\\/cms\\\/2013\\\/11\\\/whitey-kicks-ass\\\/#article\",\"isPartOf\":{\"@id\":\"https:\\\/\\\/www.jazzzeitung.de\\\/cms\\\/2013\\\/11\\\/whitey-kicks-ass\\\/\"},\"author\":{\"name\":\"J\u00f6rg Lichtinger\",\"@id\":\"https:\\\/\\\/www.jazzzeitung.de\\\/cms\\\/#\\\/schema\\\/person\\\/4c5aaf486bdcd85db94b9a8b9e026bad\"},\"headline\":\"Whitey kicks some ass!\",\"datePublished\":\"2013-11-08T08:01:58+00:00\",\"dateModified\":\"2013-11-12T22:11:23+00:00\",\"mainEntityOfPage\":{\"@id\":\"https:\\\/\\\/www.jazzzeitung.de\\\/cms\\\/2013\\\/11\\\/whitey-kicks-ass\\\/\"},\"wordCount\":593,\"commentCount\":0,\"publisher\":{\"@id\":\"https:\\\/\\\/www.jazzzeitung.de\\\/cms\\\/#organization\"},\"image\":{\"@id\":\"https:\\\/\\\/www.jazzzeitung.de\\\/cms\\\/2013\\\/11\\\/whitey-kicks-ass\\\/#primaryimage\"},\"thumbnailUrl\":\"http:\\\/\\\/blogs.nmz.de\\\/jazz\\\/wp-includes\\\/js\\\/tinymce\\\/plugins\\\/wordpress\\\/img\\\/trans.gif\",\"keywords\":[\"betty\",\"Bremen\",\"facebook\",\"London\",\"mail\",\"music for free\",\"Sven Regener\",\"Urheberrecht\",\"whitey\"],\"articleSection\":[\"Blog\"],\"inLanguage\":\"de\",\"potentialAction\":[{\"@type\":\"CommentAction\",\"name\":\"Comment\",\"target\":[\"https:\\\/\\\/www.jazzzeitung.de\\\/cms\\\/2013\\\/11\\\/whitey-kicks-ass\\\/#respond\"]}]},{\"@type\":\"WebPage\",\"@id\":\"https:\\\/\\\/www.jazzzeitung.de\\\/cms\\\/2013\\\/11\\\/whitey-kicks-ass\\\/\",\"url\":\"https:\\\/\\\/www.jazzzeitung.de\\\/cms\\\/2013\\\/11\\\/whitey-kicks-ass\\\/\",\"name\":\"Whitey kicks some ass! - JazzZeitung\",\"isPartOf\":{\"@id\":\"https:\\\/\\\/www.jazzzeitung.de\\\/cms\\\/#website\"},\"primaryImageOfPage\":{\"@id\":\"https:\\\/\\\/www.jazzzeitung.de\\\/cms\\\/2013\\\/11\\\/whitey-kicks-ass\\\/#primaryimage\"},\"image\":{\"@id\":\"https:\\\/\\\/www.jazzzeitung.de\\\/cms\\\/2013\\\/11\\\/whitey-kicks-ass\\\/#primaryimage\"},\"thumbnailUrl\":\"http:\\\/\\\/blogs.nmz.de\\\/jazz\\\/wp-includes\\\/js\\\/tinymce\\\/plugins\\\/wordpress\\\/img\\\/trans.gif\",\"datePublished\":\"2013-11-08T08:01:58+00:00\",\"dateModified\":\"2013-11-12T22:11:23+00:00\",\"breadcrumb\":{\"@id\":\"https:\\\/\\\/www.jazzzeitung.de\\\/cms\\\/2013\\\/11\\\/whitey-kicks-ass\\\/#breadcrumb\"},\"inLanguage\":\"de\",\"potentialAction\":[{\"@type\":\"ReadAction\",\"target\":[\"https:\\\/\\\/www.jazzzeitung.de\\\/cms\\\/2013\\\/11\\\/whitey-kicks-ass\\\/\"]}]},{\"@type\":\"ImageObject\",\"inLanguage\":\"de\",\"@id\":\"https:\\\/\\\/www.jazzzeitung.de\\\/cms\\\/2013\\\/11\\\/whitey-kicks-ass\\\/#primaryimage\",\"url\":\"http:\\\/\\\/blogs.nmz.de\\\/jazz\\\/wp-includes\\\/js\\\/tinymce\\\/plugins\\\/wordpress\\\/img\\\/trans.gif\",\"contentUrl\":\"http:\\\/\\\/blogs.nmz.de\\\/jazz\\\/wp-includes\\\/js\\\/tinymce\\\/plugins\\\/wordpress\\\/img\\\/trans.gif\"},{\"@type\":\"BreadcrumbList\",\"@id\":\"https:\\\/\\\/www.jazzzeitung.de\\\/cms\\\/2013\\\/11\\\/whitey-kicks-ass\\\/#breadcrumb\",\"itemListElement\":[{\"@type\":\"ListItem\",\"position\":1,\"name\":\"Startseite\",\"item\":\"https:\\\/\\\/www.jazzzeitung.de\\\/cms\\\/\"},{\"@type\":\"ListItem\",\"position\":2,\"name\":\"Whitey kicks some ass!\"}]},{\"@type\":\"WebSite\",\"@id\":\"https:\\\/\\\/www.jazzzeitung.de\\\/cms\\\/#website\",\"url\":\"https:\\\/\\\/www.jazzzeitung.de\\\/cms\\\/\",\"name\":\"JazzZeitung\",\"description\":\"Jazz-News und Jazz-Kontroverses\",\"publisher\":{\"@id\":\"https:\\\/\\\/www.jazzzeitung.de\\\/cms\\\/#organization\"},\"potentialAction\":[{\"@type\":\"SearchAction\",\"target\":{\"@type\":\"EntryPoint\",\"urlTemplate\":\"https:\\\/\\\/www.jazzzeitung.de\\\/cms\\\/?s={search_term_string}\"},\"query-input\":{\"@type\":\"PropertyValueSpecification\",\"valueRequired\":true,\"valueName\":\"search_term_string\"}}],\"inLanguage\":\"de\"},{\"@type\":\"Organization\",\"@id\":\"https:\\\/\\\/www.jazzzeitung.de\\\/cms\\\/#organization\",\"name\":\"JazzZeitung online\",\"url\":\"https:\\\/\\\/www.jazzzeitung.de\\\/cms\\\/\",\"logo\":{\"@type\":\"ImageObject\",\"inLanguage\":\"de\",\"@id\":\"https:\\\/\\\/www.jazzzeitung.de\\\/cms\\\/#\\\/schema\\\/logo\\\/image\\\/\",\"url\":\"https:\\\/\\\/i0.wp.com\\\/www.jazzzeitung.de\\\/cms\\\/wp-content\\\/uploads\\\/2015\\\/08\\\/JAZZZEITUNGDE_Logo_Neu.png?fit=499%2C200&ssl=1\",\"contentUrl\":\"https:\\\/\\\/i0.wp.com\\\/www.jazzzeitung.de\\\/cms\\\/wp-content\\\/uploads\\\/2015\\\/08\\\/JAZZZEITUNGDE_Logo_Neu.png?fit=499%2C200&ssl=1\",\"width\":499,\"height\":200,\"caption\":\"JazzZeitung online\"},\"image\":{\"@id\":\"https:\\\/\\\/www.jazzzeitung.de\\\/cms\\\/#\\\/schema\\\/logo\\\/image\\\/\"},\"sameAs\":[\"https:\\\/\\\/www.facebook.com\\\/JazzZeitung\\\/\"]},{\"@type\":\"Person\",\"@id\":\"https:\\\/\\\/www.jazzzeitung.de\\\/cms\\\/#\\\/schema\\\/person\\\/4c5aaf486bdcd85db94b9a8b9e026bad\",\"name\":\"J\u00f6rg Lichtinger\",\"image\":{\"@type\":\"ImageObject\",\"inLanguage\":\"de\",\"@id\":\"https:\\\/\\\/secure.gravatar.com\\\/avatar\\\/8d1d484eb77cf370a1620f9866681cdba540c9b8439ce96ea0c830dd3b59936c?s=96&d=wp_user_avatar&r=ge66dff7680db2349fb79ae0cb2d734e3\",\"url\":\"https:\\\/\\\/secure.gravatar.com\\\/avatar\\\/8d1d484eb77cf370a1620f9866681cdba540c9b8439ce96ea0c830dd3b59936c?s=96&d=wp_user_avatar&r=g\",\"contentUrl\":\"https:\\\/\\\/secure.gravatar.com\\\/avatar\\\/8d1d484eb77cf370a1620f9866681cdba540c9b8439ce96ea0c830dd3b59936c?s=96&d=wp_user_avatar&r=g\",\"caption\":\"J\u00f6rg Lichtinger\"},\"url\":\"https:\\\/\\\/www.jazzzeitung.de\\\/cms\\\/author\\\/lichtinger\\\/\"}]}<\/script>\n<!-- \/ Yoast SEO plugin. -->","yoast_head_json":{"title":"Whitey kicks some ass! - JazzZeitung","robots":{"index":"index","follow":"follow","max-snippet":"max-snippet:-1","max-image-preview":"max-image-preview:large","max-video-preview":"max-video-preview:-1"},"canonical":"https:\/\/www.jazzzeitung.de\/cms\/2013\/11\/whitey-kicks-ass\/","og_locale":"de_DE","og_type":"article","og_title":"Whitey kicks some ass! - JazzZeitung","og_description":"Es ist mal wieder passiert! Einem internationalen Urheber ist der Hals zu dick geworden, \u00e4hnlich Sven Regener, unserem deutschen unheimlichen Hulk des Urheberrechts im letzten Jahr. Diesmal hat der britische K\u00fcnstler Whitey rot gesehen, als er offenbar von der Londoner TV-Produktionsfirma Betty angefragt wurde, seine Musik umsonst f\u00fcr eines ihrer Formate (\u00fcberwiegend Reality-Shows) zur Verf\u00fcgung zu stellen. Offenbar einmal zuviel f\u00fcr Whitey, der solche Anfragen wohl schon h\u00e4ufiger bekommen hatte, denn er kotzte sich in einem offenen (am 6.11.13 auf seiner Facebook-Seite geposteten) Mail an die TV-Firma recht deutlich \u00fcber die Praktiken gr\u00f6\u00dferer Firmen aus, die so tun, als h\u00e4tten sie kein Geld \u2013 erst recht nicht f\u00fcr ein Musikb\u00fcdget: &#8222;I am sick to death of your hollow schtick, of the inevitable line &#8218;unfortunately there&#8217;s no budget for music&#8216;, as if some fixed law of the universe handed you down a sad but immutable financial verdict preventing you from budgeting to pay for music. Your company set out the budget. So you have chosen to allocate no money for music. I get begging letters like this every week \u2013 from a booming, affluent global media &hellip;","og_url":"https:\/\/www.jazzzeitung.de\/cms\/2013\/11\/whitey-kicks-ass\/","og_site_name":"JazzZeitung","article_publisher":"https:\/\/www.facebook.com\/JazzZeitung\/","article_published_time":"2013-11-08T08:01:58+00:00","article_modified_time":"2013-11-12T22:11:23+00:00","og_image":[{"url":"http:\/\/blogs.nmz.de\/jazz\/wp-includes\/js\/tinymce\/plugins\/wordpress\/img\/trans.gif","type":"","width":"","height":""}],"author":"J\u00f6rg Lichtinger","schema":{"@context":"https:\/\/schema.org","@graph":[{"@type":"Article","@id":"https:\/\/www.jazzzeitung.de\/cms\/2013\/11\/whitey-kicks-ass\/#article","isPartOf":{"@id":"https:\/\/www.jazzzeitung.de\/cms\/2013\/11\/whitey-kicks-ass\/"},"author":{"name":"J\u00f6rg Lichtinger","@id":"https:\/\/www.jazzzeitung.de\/cms\/#\/schema\/person\/4c5aaf486bdcd85db94b9a8b9e026bad"},"headline":"Whitey kicks some ass!","datePublished":"2013-11-08T08:01:58+00:00","dateModified":"2013-11-12T22:11:23+00:00","mainEntityOfPage":{"@id":"https:\/\/www.jazzzeitung.de\/cms\/2013\/11\/whitey-kicks-ass\/"},"wordCount":593,"commentCount":0,"publisher":{"@id":"https:\/\/www.jazzzeitung.de\/cms\/#organization"},"image":{"@id":"https:\/\/www.jazzzeitung.de\/cms\/2013\/11\/whitey-kicks-ass\/#primaryimage"},"thumbnailUrl":"http:\/\/blogs.nmz.de\/jazz\/wp-includes\/js\/tinymce\/plugins\/wordpress\/img\/trans.gif","keywords":["betty","Bremen","facebook","London","mail","music for free","Sven Regener","Urheberrecht","whitey"],"articleSection":["Blog"],"inLanguage":"de","potentialAction":[{"@type":"CommentAction","name":"Comment","target":["https:\/\/www.jazzzeitung.de\/cms\/2013\/11\/whitey-kicks-ass\/#respond"]}]},{"@type":"WebPage","@id":"https:\/\/www.jazzzeitung.de\/cms\/2013\/11\/whitey-kicks-ass\/","url":"https:\/\/www.jazzzeitung.de\/cms\/2013\/11\/whitey-kicks-ass\/","name":"Whitey kicks some ass! - JazzZeitung","isPartOf":{"@id":"https:\/\/www.jazzzeitung.de\/cms\/#website"},"primaryImageOfPage":{"@id":"https:\/\/www.jazzzeitung.de\/cms\/2013\/11\/whitey-kicks-ass\/#primaryimage"},"image":{"@id":"https:\/\/www.jazzzeitung.de\/cms\/2013\/11\/whitey-kicks-ass\/#primaryimage"},"thumbnailUrl":"http:\/\/blogs.nmz.de\/jazz\/wp-includes\/js\/tinymce\/plugins\/wordpress\/img\/trans.gif","datePublished":"2013-11-08T08:01:58+00:00","dateModified":"2013-11-12T22:11:23+00:00","breadcrumb":{"@id":"https:\/\/www.jazzzeitung.de\/cms\/2013\/11\/whitey-kicks-ass\/#breadcrumb"},"inLanguage":"de","potentialAction":[{"@type":"ReadAction","target":["https:\/\/www.jazzzeitung.de\/cms\/2013\/11\/whitey-kicks-ass\/"]}]},{"@type":"ImageObject","inLanguage":"de","@id":"https:\/\/www.jazzzeitung.de\/cms\/2013\/11\/whitey-kicks-ass\/#primaryimage","url":"http:\/\/blogs.nmz.de\/jazz\/wp-includes\/js\/tinymce\/plugins\/wordpress\/img\/trans.gif","contentUrl":"http:\/\/blogs.nmz.de\/jazz\/wp-includes\/js\/tinymce\/plugins\/wordpress\/img\/trans.gif"},{"@type":"BreadcrumbList","@id":"https:\/\/www.jazzzeitung.de\/cms\/2013\/11\/whitey-kicks-ass\/#breadcrumb","itemListElement":[{"@type":"ListItem","position":1,"name":"Startseite","item":"https:\/\/www.jazzzeitung.de\/cms\/"},{"@type":"ListItem","position":2,"name":"Whitey kicks some ass!"}]},{"@type":"WebSite","@id":"https:\/\/www.jazzzeitung.de\/cms\/#website","url":"https:\/\/www.jazzzeitung.de\/cms\/","name":"JazzZeitung","description":"Jazz-News und Jazz-Kontroverses","publisher":{"@id":"https:\/\/www.jazzzeitung.de\/cms\/#organization"},"potentialAction":[{"@type":"SearchAction","target":{"@type":"EntryPoint","urlTemplate":"https:\/\/www.jazzzeitung.de\/cms\/?s={search_term_string}"},"query-input":{"@type":"PropertyValueSpecification","valueRequired":true,"valueName":"search_term_string"}}],"inLanguage":"de"},{"@type":"Organization","@id":"https:\/\/www.jazzzeitung.de\/cms\/#organization","name":"JazzZeitung online","url":"https:\/\/www.jazzzeitung.de\/cms\/","logo":{"@type":"ImageObject","inLanguage":"de","@id":"https:\/\/www.jazzzeitung.de\/cms\/#\/schema\/logo\/image\/","url":"https:\/\/i0.wp.com\/www.jazzzeitung.de\/cms\/wp-content\/uploads\/2015\/08\/JAZZZEITUNGDE_Logo_Neu.png?fit=499%2C200&ssl=1","contentUrl":"https:\/\/i0.wp.com\/www.jazzzeitung.de\/cms\/wp-content\/uploads\/2015\/08\/JAZZZEITUNGDE_Logo_Neu.png?fit=499%2C200&ssl=1","width":499,"height":200,"caption":"JazzZeitung online"},"image":{"@id":"https:\/\/www.jazzzeitung.de\/cms\/#\/schema\/logo\/image\/"},"sameAs":["https:\/\/www.facebook.com\/JazzZeitung\/"]},{"@type":"Person","@id":"https:\/\/www.jazzzeitung.de\/cms\/#\/schema\/person\/4c5aaf486bdcd85db94b9a8b9e026bad","name":"J\u00f6rg Lichtinger","image":{"@type":"ImageObject","inLanguage":"de","@id":"https:\/\/secure.gravatar.com\/avatar\/8d1d484eb77cf370a1620f9866681cdba540c9b8439ce96ea0c830dd3b59936c?s=96&d=wp_user_avatar&r=ge66dff7680db2349fb79ae0cb2d734e3","url":"https:\/\/secure.gravatar.com\/avatar\/8d1d484eb77cf370a1620f9866681cdba540c9b8439ce96ea0c830dd3b59936c?s=96&d=wp_user_avatar&r=g","contentUrl":"https:\/\/secure.gravatar.com\/avatar\/8d1d484eb77cf370a1620f9866681cdba540c9b8439ce96ea0c830dd3b59936c?s=96&d=wp_user_avatar&r=g","caption":"J\u00f6rg Lichtinger"},"url":"https:\/\/www.jazzzeitung.de\/cms\/author\/lichtinger\/"}]}},"wp-worthy-pixel":{"ignored":false,"public":"0ad6726504364c0a8df785fc4b9e2928","server":"vg02.met.vgwort.de","url":"https:\/\/vg02.met.vgwort.de\/na\/0ad6726504364c0a8df785fc4b9e2928"},"wp-worthy-type":"normal","jetpack_publicize_connections":[],"cc_featured_image_caption":{"caption_text":false,"source_text":false,"source_url":false},"jetpack_featured_media_url":"","jetpack_shortlink":"https:\/\/wp.me\/p3KEcT-M4","jetpack-related-posts":[{"id":1637,"url":"https:\/\/www.jazzzeitung.de\/cms\/2012\/03\/sven-regener-der-unheimliche-hulk-des-urheberrechts\/","url_meta":{"origin":2980,"position":0},"title":"Sven Regener: Der unheimliche Hulk des Urheberrechts","author":"J\u00f6rg Lichtinger","date":"23. M\u00e4rz 2012","format":false,"excerpt":"Der Wutb\u00fcrger an sich tummelt sich nicht nur auf schw\u00e4bischen Bahnh\u00f6fen \u2013 auch in Tonstudios wird der eine oder andere zum unheimlichen Hulk, wenn er daran erinnert wird, dass es im Zeitalter der unbegrenzten Downloads viel zu leicht ist, Schindluder mit geistigem Eigentum zu treiben. Zuletzt beobachtet bei Sven Regener\u2026","rel":"","context":"In &quot;Blog&quot;","block_context":{"text":"Blog","link":"https:\/\/www.jazzzeitung.de\/cms\/thema\/blog\/"},"img":{"alt_text":"","src":"","width":0,"height":0},"classes":[]},{"id":17845,"url":"https:\/\/www.jazzzeitung.de\/cms\/2018\/11\/sven-deckers-juli-quartett-mit-lost-in-poll\/","url_meta":{"origin":2980,"position":1},"title":"Sven Deckers JULI Quartett mit \u201eLost in Poll\u201c","author":"Redaktion JazzZeitung","date":"11. November 2018","format":false,"excerpt":"Von Dietrich Schlegel. Im Sommer 2017 ging auf den Poller Wiesen am Rhein vor den Toren K\u00f6lns ein Bumerang verloren und eine Komposition ward geboren: \u201eLost in Poll\u201c. Kurz darauf sollten noch acht weitere Kompositionen entstehen, in nur vier Tagen, in denen sich Sven Decker in einem Proberaum eingeschlossen \u201eund\u2026","rel":"","context":"In &quot;Rezension&quot;","block_context":{"text":"Rezension","link":"https:\/\/www.jazzzeitung.de\/cms\/thema\/rezension\/"},"img":{"alt_text":"","src":"https:\/\/i0.wp.com\/www.jazzzeitung.de\/cms\/wp-content\/uploads\/2018\/11\/cover_lostinpoll.jpg?fit=1200%2C1200&ssl=1&resize=350%2C200","width":350,"height":200,"srcset":"https:\/\/i0.wp.com\/www.jazzzeitung.de\/cms\/wp-content\/uploads\/2018\/11\/cover_lostinpoll.jpg?fit=1200%2C1200&ssl=1&resize=350%2C200 1x, https:\/\/i0.wp.com\/www.jazzzeitung.de\/cms\/wp-content\/uploads\/2018\/11\/cover_lostinpoll.jpg?fit=1200%2C1200&ssl=1&resize=525%2C300 1.5x, https:\/\/i0.wp.com\/www.jazzzeitung.de\/cms\/wp-content\/uploads\/2018\/11\/cover_lostinpoll.jpg?fit=1200%2C1200&ssl=1&resize=700%2C400 2x, https:\/\/i0.wp.com\/www.jazzzeitung.de\/cms\/wp-content\/uploads\/2018\/11\/cover_lostinpoll.jpg?fit=1200%2C1200&ssl=1&resize=1050%2C600 3x"},"classes":[]},{"id":8149,"url":"https:\/\/www.jazzzeitung.de\/cms\/2016\/01\/cd-rezension-filippa-gojo-und-sven-decker-daheim\/","url_meta":{"origin":2980,"position":2},"title":"CD-Rezension: Filippa Gojo und Sven Decker &#8211; daheim","author":"Redaktion JazzZeitung","date":"18. Januar 2016","format":false,"excerpt":"Von Dietrich Schlegel - Der Saxophonist, Komponist und Bandleader Sven Decker und die Vokalistin Filippa Gojo sind seit Jahren fest in der K\u00f6lner Jazzszene etabliert und sich dennoch nie begegnet. Bei viel besch\u00e4ftigten Musikern kann das vorkommen. So dauerte es Jahre bis zu einem Konzert des Thoneline Orchestra Ende Juni\u2026","rel":"","context":"In &quot;Rezension&quot;","block_context":{"text":"Rezension","link":"https:\/\/www.jazzzeitung.de\/cms\/thema\/rezension\/"},"img":{"alt_text":"cover_gojo","src":"https:\/\/i0.wp.com\/www.jazzzeitung.de\/cms\/wp-content\/uploads\/2016\/01\/cover_gojo-150x150.jpg?resize=350%2C200","width":350,"height":200},"classes":[]},{"id":18158,"url":"https:\/\/www.jazzzeitung.de\/cms\/2018\/12\/bassist-sven-faller-leitet-kuenftig-den-bereich-jazz-bei-der-sommerakademie-neuburg-an-der-donau\/","url_meta":{"origin":2980,"position":3},"title":"Bassist Sven Faller leitet k\u00fcnftig den Bereich Jazz bei der Sommerakademie Neuburg an der Donau","author":"Michael Scheiner","date":"28. Dezember 2018","format":false,"excerpt":"Neuburg a.d. Donau. Neben Musik- und Musikfachschulen haben sich Workshops zu einem wichtigen Standbein der \u201ejazz education\u201c entwickelt. Mit einem au\u00dferordentlich breiten Angebot aus Bildender Kunst, Tanz, Kunsthandwerk, Alter Musik, Klassik und Jazz hat die Neuburger Sommerakademie dabei immer eine Sonderstellung eingenommen. Spezialisierte Workshops, wie in Bayern in Erlangen und\u2026","rel":"","context":"In &quot;Bericht&quot;","block_context":{"text":"Bericht","link":"https:\/\/www.jazzzeitung.de\/cms\/thema\/bericht\/"},"img":{"alt_text":"Sven Faller. Foto: Michael Scheiner","src":"https:\/\/i0.wp.com\/www.jazzzeitung.de\/cms\/wp-content\/uploads\/2018\/12\/Sven-piano_01.jpeg?fit=1200%2C800&ssl=1&resize=350%2C200","width":350,"height":200,"srcset":"https:\/\/i0.wp.com\/www.jazzzeitung.de\/cms\/wp-content\/uploads\/2018\/12\/Sven-piano_01.jpeg?fit=1200%2C800&ssl=1&resize=350%2C200 1x, https:\/\/i0.wp.com\/www.jazzzeitung.de\/cms\/wp-content\/uploads\/2018\/12\/Sven-piano_01.jpeg?fit=1200%2C800&ssl=1&resize=525%2C300 1.5x, https:\/\/i0.wp.com\/www.jazzzeitung.de\/cms\/wp-content\/uploads\/2018\/12\/Sven-piano_01.jpeg?fit=1200%2C800&ssl=1&resize=700%2C400 2x, https:\/\/i0.wp.com\/www.jazzzeitung.de\/cms\/wp-content\/uploads\/2018\/12\/Sven-piano_01.jpeg?fit=1200%2C800&ssl=1&resize=1050%2C600 3x"},"classes":[]},{"id":31831,"url":"https:\/\/www.jazzzeitung.de\/cms\/2024\/11\/sven-faller-und-august-zirner-und-ihr-mingus-album\/","url_meta":{"origin":2980,"position":4},"title":"Sven Faller und August Zirner und ihr Mingus-Album","author":"Redaktion JazzZeitung","date":"5. November 2024","format":false,"excerpt":"(Von Michael Scheiner) Eine Zigarre zwischen den Lippen, den Blick am Bass vorbei zur Seite geneigt: Charles Mingus war kein besonders angenehmer Zeitgenosse. Davon zeugen ausgeschlagene Z\u00e4hne bei einem Mitmusiker, Publikumsbeschimpfungen (noch vor Peter Handke), Clubbesitzer die sich weigerten ihn einzuladen und h\u00e4ufige Besetzungswechsel in seinen Bands. Duke Ellington legte\u2026","rel":"","context":"In &quot;Rezension&quot;","block_context":{"text":"Rezension","link":"https:\/\/www.jazzzeitung.de\/cms\/thema\/rezension\/"},"img":{"alt_text":"","src":"https:\/\/i0.wp.com\/www.jazzzeitung.de\/cms\/wp-content\/uploads\/2024\/11\/Mingus_hj.michel-scaled.jpeg?fit=1200%2C1083&ssl=1&resize=350%2C200","width":350,"height":200,"srcset":"https:\/\/i0.wp.com\/www.jazzzeitung.de\/cms\/wp-content\/uploads\/2024\/11\/Mingus_hj.michel-scaled.jpeg?fit=1200%2C1083&ssl=1&resize=350%2C200 1x, https:\/\/i0.wp.com\/www.jazzzeitung.de\/cms\/wp-content\/uploads\/2024\/11\/Mingus_hj.michel-scaled.jpeg?fit=1200%2C1083&ssl=1&resize=525%2C300 1.5x, https:\/\/i0.wp.com\/www.jazzzeitung.de\/cms\/wp-content\/uploads\/2024\/11\/Mingus_hj.michel-scaled.jpeg?fit=1200%2C1083&ssl=1&resize=700%2C400 2x, https:\/\/i0.wp.com\/www.jazzzeitung.de\/cms\/wp-content\/uploads\/2024\/11\/Mingus_hj.michel-scaled.jpeg?fit=1200%2C1083&ssl=1&resize=1050%2C600 3x"},"classes":[]},{"id":10977,"url":"https:\/\/www.jazzzeitung.de\/cms\/2016\/11\/news-jazzdate-2016-leipzig-sven-fallers-night-music-konzerttermine-des-jazzclub-leipzig\/","url_meta":{"origin":2980,"position":5},"title":"NEWS +++ Sven Fallers &#8222;Night Music&#8220; in Weiden +++ JazzDate 2016 Leipzig +++ Konzerttermine des Jazzclub Leipzig +++","author":"Redaktion JazzZeitung","date":"15. November 2016","format":false,"excerpt":"+++ Von einem, der auszog, die Magie der Nacht zu ergr\u00fcnden +++ Mit dem Projekt \"NIGHT MUSIC\"\u00a0 zelebriert Sven Faller mit haupts\u00e4chlichen Eigenkompositionen Musik f\u00fcr den Moment, der die Nacht nicht zum Tage macht, sondern ihre geheimnisvolle Energie erleben l\u00e4sst. Stimmungsvolle Jazzballaden wie \u201eThe Shining Sea\" oder \u201eYou And The\u2026","rel":"","context":"In &quot;News&quot;","block_context":{"text":"News","link":"https:\/\/www.jazzzeitung.de\/cms\/thema\/nachrichten\/"},"img":{"alt_text":"Foto: Uli Zrenner-Wolkenstein","src":"https:\/\/i0.wp.com\/www.jazzzeitung.de\/cms\/wp-content\/uploads\/2016\/11\/Night-Music-03-2-150x150.jpg?resize=350%2C200","width":350,"height":200},"classes":[]}],"jetpack_sharing_enabled":true,"_links":{"self":[{"href":"https:\/\/www.jazzzeitung.de\/cms\/wp-json\/wp\/v2\/posts\/2980","targetHints":{"allow":["GET"]}}],"collection":[{"href":"https:\/\/www.jazzzeitung.de\/cms\/wp-json\/wp\/v2\/posts"}],"about":[{"href":"https:\/\/www.jazzzeitung.de\/cms\/wp-json\/wp\/v2\/types\/post"}],"author":[{"embeddable":true,"href":"https:\/\/www.jazzzeitung.de\/cms\/wp-json\/wp\/v2\/users\/4"}],"replies":[{"embeddable":true,"href":"https:\/\/www.jazzzeitung.de\/cms\/wp-json\/wp\/v2\/comments?post=2980"}],"version-history":[{"count":9,"href":"https:\/\/www.jazzzeitung.de\/cms\/wp-json\/wp\/v2\/posts\/2980\/revisions"}],"predecessor-version":[{"id":3012,"href":"https:\/\/www.jazzzeitung.de\/cms\/wp-json\/wp\/v2\/posts\/2980\/revisions\/3012"}],"wp:attachment":[{"href":"https:\/\/www.jazzzeitung.de\/cms\/wp-json\/wp\/v2\/media?parent=2980"}],"wp:term":[{"taxonomy":"category","embeddable":true,"href":"https:\/\/www.jazzzeitung.de\/cms\/wp-json\/wp\/v2\/categories?post=2980"},{"taxonomy":"post_tag","embeddable":true,"href":"https:\/\/www.jazzzeitung.de\/cms\/wp-json\/wp\/v2\/tags?post=2980"},{"taxonomy":"author","embeddable":true,"href":"https:\/\/www.jazzzeitung.de\/cms\/wp-json\/wp\/v2\/coauthors?post=2980"}],"curies":[{"name":"wp","href":"https:\/\/api.w.org\/{rel}","templated":true}]}}