{"id":29768,"date":"2023-07-12T05:53:05","date_gmt":"2023-07-12T03:53:05","guid":{"rendered":"https:\/\/www.jazzzeitung.de\/cms\/?p=29768"},"modified":"2023-07-11T12:55:56","modified_gmt":"2023-07-11T10:55:56","slug":"mit-liebe-bei-der-sache-das-suedtirol-jazzfestival-alto-adige","status":"publish","type":"post","link":"https:\/\/www.jazzzeitung.de\/cms\/2023\/07\/mit-liebe-bei-der-sache-das-suedtirol-jazzfestival-alto-adige\/","title":{"rendered":"Mit Liebe bei der Sache &#8211; das S\u00fcdtirol Jazzfestival Alto Adige"},"content":{"rendered":"<p style=\"margin-bottom: 14.2pt;\"><b>Von Stefan Pieper. Auch die zweite H\u00e4lfte des S\u00fcdtirol Jazzfestival Alto Adige bot eine breite Vielschichtigkeit und immer wieder hochmotivierte, betont \u201eauthentisch\u201c agierende Bands, die mit ihrem versunken lauschenden Publikum in anregender Atmosph\u00e4re zu einem Ganzen verschmolzen. Lohn f\u00fcr das ganze Engagement der zahllosen Bands und Musiker und ebenso des Festivalteams: Schon am vorletzten Abend war klar, dass diese Ausgabe einen Publikumsrekord verzeichnen w\u00fcrde.<\/b><\/p>\n<h3>Im satten Gr\u00fcn der Weinberge<\/h3>\n<p style=\"margin-bottom: 14.2pt;\">Mitten in der Bozener City unweit des Hauptbahnhofes startet eine Seilbahn hinauf nach \u201eOberbozen\u201c, das eigentlich nur eine Ansammlung kleinerer D\u00f6rfer, zahlreicher Gastro- und Hotelbetriebe aber auch vieler verstreuter Siedlungen ist. Die Seilbahn wird von zahlreichen Bewohnerinnen und -bewohnern als Pendel-Verkehrsmittel zur gro\u00dfen Stadt genutzt. Und so transportiert sie auch das Publikum beim S\u00fcdtirol Jazzfestival Alto Adige zu einer Neben-Location des Festivals. Aus milchigen Wolkenschleiern erhebt sich das m\u00e4chtige Schlern-Massiv, w\u00e4hrend die Weinberge in sattes Gr\u00fcn getaucht sind.<\/p>\n<div class=\"tiled-gallery type-rectangular tiled-gallery-unresized\" data-original-width=\"840\" data-carousel-extra='{&quot;blog_id&quot;:1,&quot;permalink&quot;:&quot;https:\\\/\\\/www.jazzzeitung.de\\\/cms\\\/2023\\\/07\\\/mit-liebe-bei-der-sache-das-suedtirol-jazzfestival-alto-adige\\\/&quot;,&quot;likes_blog_id&quot;:55446655}' itemscope itemtype=\"http:\/\/schema.org\/ImageGallery\" > <div class=\"gallery-row\" style=\"width: 840px; height: 409px;\" data-original-width=\"840\" data-original-height=\"409\" > <div class=\"gallery-group images-1\" style=\"width: 581px; height: 409px;\" data-original-width=\"581\" data-original-height=\"409\" > <div class=\"tiled-gallery-item tiled-gallery-item-large\" itemprop=\"associatedMedia\" itemscope itemtype=\"http:\/\/schema.org\/ImageObject\"> <a href=\"https:\/\/www.jazzzeitung.de\/cms\/2023\/07\/mit-liebe-bei-der-sache-das-suedtirol-jazzfestival-alto-adige\/bobby-rausch-foto-s-pieper\/\" border=\"0\" itemprop=\"url\"> <meta itemprop=\"width\" content=\"577\"> <meta itemprop=\"height\" content=\"405\"> <img decoding=\"async\" class=\"\" data-attachment-id=\"29772\" data-orig-file=\"https:\/\/www.jazzzeitung.de\/cms\/wp-content\/uploads\/2023\/07\/Bobby-Rausch-foto-s-pieper-scaled.jpg\" data-orig-size=\"2560,1800\" data-comments-opened=\"1\" data-image-meta=\"{&quot;aperture&quot;:&quot;2.8&quot;,&quot;credit&quot;:&quot;Picasa&quot;,&quot;camera&quot;:&quot;DSC-RX10&quot;,&quot;caption&quot;:&quot;&quot;,&quot;created_timestamp&quot;:&quot;1688681251&quot;,&quot;copyright&quot;:&quot;&quot;,&quot;focal_length&quot;:&quot;14.84&quot;,&quot;iso&quot;:&quot;800&quot;,&quot;shutter_speed&quot;:&quot;0.02&quot;,&quot;title&quot;:&quot;&quot;,&quot;orientation&quot;:&quot;1&quot;}\" data-image-title=\"Bobby Rausch foto s pieper\" data-image-description=\"\" data-medium-file=\"https:\/\/i0.wp.com\/www.jazzzeitung.de\/cms\/wp-content\/uploads\/2023\/07\/Bobby-Rausch-foto-s-pieper-scaled.jpg?fit=300%2C211&#038;ssl=1\" data-large-file=\"https:\/\/i0.wp.com\/www.jazzzeitung.de\/cms\/wp-content\/uploads\/2023\/07\/Bobby-Rausch-foto-s-pieper-scaled.jpg?fit=840%2C590&#038;ssl=1\" src=\"https:\/\/i0.wp.com\/www.jazzzeitung.de\/cms\/wp-content\/uploads\/2023\/07\/Bobby-Rausch-foto-s-pieper-scaled.jpg?w=577&#038;h=405&#038;ssl=1\" srcset=\"https:\/\/i0.wp.com\/www.jazzzeitung.de\/cms\/wp-content\/uploads\/2023\/07\/Bobby-Rausch-foto-s-pieper-scaled.jpg?w=2560&amp;ssl=1 2560w, https:\/\/i0.wp.com\/www.jazzzeitung.de\/cms\/wp-content\/uploads\/2023\/07\/Bobby-Rausch-foto-s-pieper-scaled.jpg?resize=300%2C211&amp;ssl=1 300w, https:\/\/i0.wp.com\/www.jazzzeitung.de\/cms\/wp-content\/uploads\/2023\/07\/Bobby-Rausch-foto-s-pieper-scaled.jpg?resize=854%2C600&amp;ssl=1 854w, https:\/\/i0.wp.com\/www.jazzzeitung.de\/cms\/wp-content\/uploads\/2023\/07\/Bobby-Rausch-foto-s-pieper-scaled.jpg?resize=768%2C540&amp;ssl=1 768w, https:\/\/i0.wp.com\/www.jazzzeitung.de\/cms\/wp-content\/uploads\/2023\/07\/Bobby-Rausch-foto-s-pieper-scaled.jpg?resize=1536%2C1080&amp;ssl=1 1536w, https:\/\/i0.wp.com\/www.jazzzeitung.de\/cms\/wp-content\/uploads\/2023\/07\/Bobby-Rausch-foto-s-pieper-scaled.jpg?resize=2048%2C1440&amp;ssl=1 2048w, https:\/\/i0.wp.com\/www.jazzzeitung.de\/cms\/wp-content\/uploads\/2023\/07\/Bobby-Rausch-foto-s-pieper-scaled.jpg?resize=1320%2C928&amp;ssl=1 1320w, https:\/\/i0.wp.com\/www.jazzzeitung.de\/cms\/wp-content\/uploads\/2023\/07\/Bobby-Rausch-foto-s-pieper-scaled.jpg?w=1680&amp;ssl=1 1680w\" width=\"577\" height=\"405\" loading=\"lazy\" data-original-width=\"577\" data-original-height=\"405\" itemprop=\"http:\/\/schema.org\/image\" title=\"Bobby Rausch foto s pieper\" alt=\"Bobby Rausch foto s pieper\" style=\"width: 577px; height: 405px;\" \/> <\/a> <\/div> <\/div> <!-- close group --> <div class=\"gallery-group images-2\" style=\"width: 259px; height: 409px;\" data-original-width=\"259\" data-original-height=\"409\" > <div class=\"tiled-gallery-item tiled-gallery-item-large\" itemprop=\"associatedMedia\" itemscope itemtype=\"http:\/\/schema.org\/ImageObject\"> <a href=\"https:\/\/www.jazzzeitung.de\/cms\/2023\/07\/mit-liebe-bei-der-sache-das-suedtirol-jazzfestival-alto-adige\/chris-williams-ruth-goller-foto-stefan-pieper\/\" border=\"0\" itemprop=\"url\"> <meta itemprop=\"width\" content=\"255\"> <meta itemprop=\"height\" content=\"211\"> <img decoding=\"async\" class=\"\" data-attachment-id=\"29773\" data-orig-file=\"https:\/\/www.jazzzeitung.de\/cms\/wp-content\/uploads\/2023\/07\/Chris-Williams-Ruth-Goller-foto-stefan-pieper--scaled.jpg\" data-orig-size=\"2560,2120\" data-comments-opened=\"1\" data-image-meta=\"{&quot;aperture&quot;:&quot;2.8&quot;,&quot;credit&quot;:&quot;Picasa&quot;,&quot;camera&quot;:&quot;DSC-RX10&quot;,&quot;caption&quot;:&quot;&quot;,&quot;created_timestamp&quot;:&quot;1688841198&quot;,&quot;copyright&quot;:&quot;&quot;,&quot;focal_length&quot;:&quot;40.95&quot;,&quot;iso&quot;:&quot;125&quot;,&quot;shutter_speed&quot;:&quot;0.008&quot;,&quot;title&quot;:&quot;&quot;,&quot;orientation&quot;:&quot;1&quot;}\" data-image-title=\"Chris Williams, Ruth Goller foto stefan pieper\" data-image-description=\"\" data-medium-file=\"https:\/\/i0.wp.com\/www.jazzzeitung.de\/cms\/wp-content\/uploads\/2023\/07\/Chris-Williams-Ruth-Goller-foto-stefan-pieper--scaled.jpg?fit=300%2C248&#038;ssl=1\" data-large-file=\"https:\/\/i0.wp.com\/www.jazzzeitung.de\/cms\/wp-content\/uploads\/2023\/07\/Chris-Williams-Ruth-Goller-foto-stefan-pieper--scaled.jpg?fit=725%2C600&#038;ssl=1\" src=\"https:\/\/i0.wp.com\/www.jazzzeitung.de\/cms\/wp-content\/uploads\/2023\/07\/Chris-Williams-Ruth-Goller-foto-stefan-pieper--scaled.jpg?w=255&#038;h=211&#038;ssl=1\" srcset=\"https:\/\/i0.wp.com\/www.jazzzeitung.de\/cms\/wp-content\/uploads\/2023\/07\/Chris-Williams-Ruth-Goller-foto-stefan-pieper--scaled.jpg?w=2560&amp;ssl=1 2560w, https:\/\/i0.wp.com\/www.jazzzeitung.de\/cms\/wp-content\/uploads\/2023\/07\/Chris-Williams-Ruth-Goller-foto-stefan-pieper--scaled.jpg?resize=300%2C248&amp;ssl=1 300w, https:\/\/i0.wp.com\/www.jazzzeitung.de\/cms\/wp-content\/uploads\/2023\/07\/Chris-Williams-Ruth-Goller-foto-stefan-pieper--scaled.jpg?resize=725%2C600&amp;ssl=1 725w, https:\/\/i0.wp.com\/www.jazzzeitung.de\/cms\/wp-content\/uploads\/2023\/07\/Chris-Williams-Ruth-Goller-foto-stefan-pieper--scaled.jpg?resize=768%2C636&amp;ssl=1 768w, https:\/\/i0.wp.com\/www.jazzzeitung.de\/cms\/wp-content\/uploads\/2023\/07\/Chris-Williams-Ruth-Goller-foto-stefan-pieper--scaled.jpg?resize=1536%2C1272&amp;ssl=1 1536w, https:\/\/i0.wp.com\/www.jazzzeitung.de\/cms\/wp-content\/uploads\/2023\/07\/Chris-Williams-Ruth-Goller-foto-stefan-pieper--scaled.jpg?resize=2048%2C1696&amp;ssl=1 2048w, https:\/\/i0.wp.com\/www.jazzzeitung.de\/cms\/wp-content\/uploads\/2023\/07\/Chris-Williams-Ruth-Goller-foto-stefan-pieper--scaled.jpg?resize=1320%2C1093&amp;ssl=1 1320w, https:\/\/i0.wp.com\/www.jazzzeitung.de\/cms\/wp-content\/uploads\/2023\/07\/Chris-Williams-Ruth-Goller-foto-stefan-pieper--scaled.jpg?w=1680&amp;ssl=1 1680w\" width=\"255\" height=\"211\" loading=\"lazy\" data-original-width=\"255\" data-original-height=\"211\" itemprop=\"http:\/\/schema.org\/image\" title=\"Chris Williams, Ruth Goller foto stefan pieper\" alt=\"Chris Williams, Ruth Goller foto stefan pieper\" style=\"width: 255px; height: 211px;\" \/> <\/a> <\/div> <div class=\"tiled-gallery-item tiled-gallery-item-large\" itemprop=\"associatedMedia\" itemscope itemtype=\"http:\/\/schema.org\/ImageObject\"> <a href=\"https:\/\/www.jazzzeitung.de\/cms\/2023\/07\/mit-liebe-bei-der-sache-das-suedtirol-jazzfestival-alto-adige\/dan-kinzelmann-foto-stefan-pieper\/\" border=\"0\" itemprop=\"url\"> <meta itemprop=\"width\" content=\"255\"> <meta itemprop=\"height\" content=\"190\"> <img decoding=\"async\" class=\"\" data-attachment-id=\"29774\" data-orig-file=\"https:\/\/www.jazzzeitung.de\/cms\/wp-content\/uploads\/2023\/07\/Dan-Kinzelmann-foto-stefan-pieper--scaled.jpg\" data-orig-size=\"2560,1904\" data-comments-opened=\"1\" data-image-meta=\"{&quot;aperture&quot;:&quot;2.8&quot;,&quot;credit&quot;:&quot;Picasa&quot;,&quot;camera&quot;:&quot;DSC-RX10&quot;,&quot;caption&quot;:&quot;&quot;,&quot;created_timestamp&quot;:&quot;1688831237&quot;,&quot;copyright&quot;:&quot;&quot;,&quot;focal_length&quot;:&quot;60.04&quot;,&quot;iso&quot;:&quot;250&quot;,&quot;shutter_speed&quot;:&quot;0.005&quot;,&quot;title&quot;:&quot;&quot;,&quot;orientation&quot;:&quot;1&quot;}\" data-image-title=\"Dan Kinzelmann foto stefan pieper\" data-image-description=\"\" data-medium-file=\"https:\/\/i0.wp.com\/www.jazzzeitung.de\/cms\/wp-content\/uploads\/2023\/07\/Dan-Kinzelmann-foto-stefan-pieper--scaled.jpg?fit=300%2C223&#038;ssl=1\" data-large-file=\"https:\/\/i0.wp.com\/www.jazzzeitung.de\/cms\/wp-content\/uploads\/2023\/07\/Dan-Kinzelmann-foto-stefan-pieper--scaled.jpg?fit=807%2C600&#038;ssl=1\" src=\"https:\/\/i0.wp.com\/www.jazzzeitung.de\/cms\/wp-content\/uploads\/2023\/07\/Dan-Kinzelmann-foto-stefan-pieper--scaled.jpg?w=255&#038;h=190&#038;ssl=1\" srcset=\"https:\/\/i0.wp.com\/www.jazzzeitung.de\/cms\/wp-content\/uploads\/2023\/07\/Dan-Kinzelmann-foto-stefan-pieper--scaled.jpg?w=2560&amp;ssl=1 2560w, https:\/\/i0.wp.com\/www.jazzzeitung.de\/cms\/wp-content\/uploads\/2023\/07\/Dan-Kinzelmann-foto-stefan-pieper--scaled.jpg?resize=300%2C223&amp;ssl=1 300w, https:\/\/i0.wp.com\/www.jazzzeitung.de\/cms\/wp-content\/uploads\/2023\/07\/Dan-Kinzelmann-foto-stefan-pieper--scaled.jpg?resize=807%2C600&amp;ssl=1 807w, https:\/\/i0.wp.com\/www.jazzzeitung.de\/cms\/wp-content\/uploads\/2023\/07\/Dan-Kinzelmann-foto-stefan-pieper--scaled.jpg?resize=768%2C571&amp;ssl=1 768w, https:\/\/i0.wp.com\/www.jazzzeitung.de\/cms\/wp-content\/uploads\/2023\/07\/Dan-Kinzelmann-foto-stefan-pieper--scaled.jpg?resize=1536%2C1142&amp;ssl=1 1536w, https:\/\/i0.wp.com\/www.jazzzeitung.de\/cms\/wp-content\/uploads\/2023\/07\/Dan-Kinzelmann-foto-stefan-pieper--scaled.jpg?resize=2048%2C1523&amp;ssl=1 2048w, https:\/\/i0.wp.com\/www.jazzzeitung.de\/cms\/wp-content\/uploads\/2023\/07\/Dan-Kinzelmann-foto-stefan-pieper--scaled.jpg?resize=1320%2C982&amp;ssl=1 1320w, https:\/\/i0.wp.com\/www.jazzzeitung.de\/cms\/wp-content\/uploads\/2023\/07\/Dan-Kinzelmann-foto-stefan-pieper--scaled.jpg?w=1680&amp;ssl=1 1680w\" width=\"255\" height=\"190\" loading=\"lazy\" data-original-width=\"255\" data-original-height=\"190\" itemprop=\"http:\/\/schema.org\/image\" title=\"Dan Kinzelmann foto stefan pieper\" alt=\"Dan Kinzelmann foto stefan pieper\" style=\"width: 255px; height: 190px;\" \/> <\/a> <\/div> <\/div> <!-- close group --> <\/div> <!-- close row --> <div class=\"gallery-row\" style=\"width: 840px; height: 273px;\" data-original-width=\"840\" data-original-height=\"273\" > <div class=\"gallery-group images-1\" style=\"width: 482px; height: 273px;\" data-original-width=\"482\" data-original-height=\"273\" > <div class=\"tiled-gallery-item tiled-gallery-item-large\" itemprop=\"associatedMedia\" itemscope itemtype=\"http:\/\/schema.org\/ImageObject\"> <a href=\"https:\/\/www.jazzzeitung.de\/cms\/2023\/07\/mit-liebe-bei-der-sache-das-suedtirol-jazzfestival-alto-adige\/delphine-joussein-foto-stefan-pieper\/\" border=\"0\" itemprop=\"url\"> <meta itemprop=\"width\" content=\"478\"> <meta itemprop=\"height\" content=\"269\"> <img decoding=\"async\" class=\"\" data-attachment-id=\"29775\" data-orig-file=\"https:\/\/www.jazzzeitung.de\/cms\/wp-content\/uploads\/2023\/07\/Delphine-Joussein-foto-stefan-pieper--scaled.jpg\" data-orig-size=\"2560,1441\" data-comments-opened=\"1\" data-image-meta=\"{&quot;aperture&quot;:&quot;2.8&quot;,&quot;credit&quot;:&quot;Picasa&quot;,&quot;camera&quot;:&quot;DSC-RX10&quot;,&quot;caption&quot;:&quot;&quot;,&quot;created_timestamp&quot;:&quot;1688691647&quot;,&quot;copyright&quot;:&quot;&quot;,&quot;focal_length&quot;:&quot;72.99&quot;,&quot;iso&quot;:&quot;3200&quot;,&quot;shutter_speed&quot;:&quot;0.05&quot;,&quot;title&quot;:&quot;&quot;,&quot;orientation&quot;:&quot;1&quot;}\" data-image-title=\"Delphine Joussein foto stefan pieper\" data-image-description=\"\" data-medium-file=\"https:\/\/i0.wp.com\/www.jazzzeitung.de\/cms\/wp-content\/uploads\/2023\/07\/Delphine-Joussein-foto-stefan-pieper--scaled.jpg?fit=300%2C169&#038;ssl=1\" data-large-file=\"https:\/\/i0.wp.com\/www.jazzzeitung.de\/cms\/wp-content\/uploads\/2023\/07\/Delphine-Joussein-foto-stefan-pieper--scaled.jpg?fit=840%2C473&#038;ssl=1\" src=\"https:\/\/i0.wp.com\/www.jazzzeitung.de\/cms\/wp-content\/uploads\/2023\/07\/Delphine-Joussein-foto-stefan-pieper--scaled.jpg?w=478&#038;h=269&#038;ssl=1\" srcset=\"https:\/\/i0.wp.com\/www.jazzzeitung.de\/cms\/wp-content\/uploads\/2023\/07\/Delphine-Joussein-foto-stefan-pieper--scaled.jpg?w=2560&amp;ssl=1 2560w, https:\/\/i0.wp.com\/www.jazzzeitung.de\/cms\/wp-content\/uploads\/2023\/07\/Delphine-Joussein-foto-stefan-pieper--scaled.jpg?resize=300%2C169&amp;ssl=1 300w, https:\/\/i0.wp.com\/www.jazzzeitung.de\/cms\/wp-content\/uploads\/2023\/07\/Delphine-Joussein-foto-stefan-pieper--scaled.jpg?resize=900%2C507&amp;ssl=1 900w, https:\/\/i0.wp.com\/www.jazzzeitung.de\/cms\/wp-content\/uploads\/2023\/07\/Delphine-Joussein-foto-stefan-pieper--scaled.jpg?resize=768%2C432&amp;ssl=1 768w, https:\/\/i0.wp.com\/www.jazzzeitung.de\/cms\/wp-content\/uploads\/2023\/07\/Delphine-Joussein-foto-stefan-pieper--scaled.jpg?resize=1536%2C865&amp;ssl=1 1536w, https:\/\/i0.wp.com\/www.jazzzeitung.de\/cms\/wp-content\/uploads\/2023\/07\/Delphine-Joussein-foto-stefan-pieper--scaled.jpg?resize=2048%2C1153&amp;ssl=1 2048w, https:\/\/i0.wp.com\/www.jazzzeitung.de\/cms\/wp-content\/uploads\/2023\/07\/Delphine-Joussein-foto-stefan-pieper--scaled.jpg?resize=1320%2C743&amp;ssl=1 1320w, https:\/\/i0.wp.com\/www.jazzzeitung.de\/cms\/wp-content\/uploads\/2023\/07\/Delphine-Joussein-foto-stefan-pieper--scaled.jpg?w=1680&amp;ssl=1 1680w\" width=\"478\" height=\"269\" loading=\"lazy\" data-original-width=\"478\" data-original-height=\"269\" itemprop=\"http:\/\/schema.org\/image\" title=\"Delphine Joussein foto stefan pieper\" alt=\"Delphine Joussein foto stefan pieper\" style=\"width: 478px; height: 269px;\" \/> <\/a> <\/div> <\/div> <!-- close group --> <div class=\"gallery-group images-1\" style=\"width: 358px; height: 273px;\" data-original-width=\"358\" data-original-height=\"273\" > <div class=\"tiled-gallery-item tiled-gallery-item-large\" itemprop=\"associatedMedia\" itemscope itemtype=\"http:\/\/schema.org\/ImageObject\"> <a href=\"https:\/\/www.jazzzeitung.de\/cms\/2023\/07\/mit-liebe-bei-der-sache-das-suedtirol-jazzfestival-alto-adige\/filippo-vignato-foto-stefan-pieper\/\" border=\"0\" itemprop=\"url\"> <meta itemprop=\"width\" content=\"354\"> <meta itemprop=\"height\" content=\"269\"> <img decoding=\"async\" class=\"\" data-attachment-id=\"29776\" data-orig-file=\"https:\/\/www.jazzzeitung.de\/cms\/wp-content\/uploads\/2023\/07\/Filippo-Vignato-foto-stefan-pieper-scaled.jpg\" data-orig-size=\"2560,1947\" data-comments-opened=\"1\" data-image-meta=\"{&quot;aperture&quot;:&quot;2.8&quot;,&quot;credit&quot;:&quot;Picasa&quot;,&quot;camera&quot;:&quot;DSC-RX10&quot;,&quot;caption&quot;:&quot;&quot;,&quot;created_timestamp&quot;:&quot;1688831223&quot;,&quot;copyright&quot;:&quot;&quot;,&quot;focal_length&quot;:&quot;64.09&quot;,&quot;iso&quot;:&quot;500&quot;,&quot;shutter_speed&quot;:&quot;0.005&quot;,&quot;title&quot;:&quot;&quot;,&quot;orientation&quot;:&quot;1&quot;}\" data-image-title=\"Filippo Vignato foto stefan pieper\" data-image-description=\"\" data-medium-file=\"https:\/\/i0.wp.com\/www.jazzzeitung.de\/cms\/wp-content\/uploads\/2023\/07\/Filippo-Vignato-foto-stefan-pieper-scaled.jpg?fit=300%2C228&#038;ssl=1\" data-large-file=\"https:\/\/i0.wp.com\/www.jazzzeitung.de\/cms\/wp-content\/uploads\/2023\/07\/Filippo-Vignato-foto-stefan-pieper-scaled.jpg?fit=789%2C600&#038;ssl=1\" src=\"https:\/\/i0.wp.com\/www.jazzzeitung.de\/cms\/wp-content\/uploads\/2023\/07\/Filippo-Vignato-foto-stefan-pieper-scaled.jpg?w=354&#038;h=269&#038;ssl=1\" srcset=\"https:\/\/i0.wp.com\/www.jazzzeitung.de\/cms\/wp-content\/uploads\/2023\/07\/Filippo-Vignato-foto-stefan-pieper-scaled.jpg?w=2560&amp;ssl=1 2560w, https:\/\/i0.wp.com\/www.jazzzeitung.de\/cms\/wp-content\/uploads\/2023\/07\/Filippo-Vignato-foto-stefan-pieper-scaled.jpg?resize=300%2C228&amp;ssl=1 300w, https:\/\/i0.wp.com\/www.jazzzeitung.de\/cms\/wp-content\/uploads\/2023\/07\/Filippo-Vignato-foto-stefan-pieper-scaled.jpg?resize=789%2C600&amp;ssl=1 789w, https:\/\/i0.wp.com\/www.jazzzeitung.de\/cms\/wp-content\/uploads\/2023\/07\/Filippo-Vignato-foto-stefan-pieper-scaled.jpg?resize=768%2C584&amp;ssl=1 768w, https:\/\/i0.wp.com\/www.jazzzeitung.de\/cms\/wp-content\/uploads\/2023\/07\/Filippo-Vignato-foto-stefan-pieper-scaled.jpg?resize=1536%2C1168&amp;ssl=1 1536w, https:\/\/i0.wp.com\/www.jazzzeitung.de\/cms\/wp-content\/uploads\/2023\/07\/Filippo-Vignato-foto-stefan-pieper-scaled.jpg?resize=2048%2C1557&amp;ssl=1 2048w, https:\/\/i0.wp.com\/www.jazzzeitung.de\/cms\/wp-content\/uploads\/2023\/07\/Filippo-Vignato-foto-stefan-pieper-scaled.jpg?resize=1320%2C1004&amp;ssl=1 1320w, https:\/\/i0.wp.com\/www.jazzzeitung.de\/cms\/wp-content\/uploads\/2023\/07\/Filippo-Vignato-foto-stefan-pieper-scaled.jpg?w=1680&amp;ssl=1 1680w\" width=\"354\" height=\"269\" loading=\"lazy\" data-original-width=\"354\" data-original-height=\"269\" itemprop=\"http:\/\/schema.org\/image\" title=\"Filippo Vignato foto stefan pieper\" alt=\"Filippo Vignato foto stefan pieper\" style=\"width: 354px; height: 269px;\" \/> <\/a> <\/div> <\/div> <!-- close group --> <\/div> <!-- close row --> <div class=\"gallery-row\" style=\"width: 840px; height: 474px;\" data-original-width=\"840\" data-original-height=\"474\" > <div class=\"gallery-group images-1\" style=\"width: 840px; height: 474px;\" data-original-width=\"840\" data-original-height=\"474\" > <div class=\"tiled-gallery-item tiled-gallery-item-large\" itemprop=\"associatedMedia\" itemscope itemtype=\"http:\/\/schema.org\/ImageObject\"> <a href=\"https:\/\/www.jazzzeitung.de\/cms\/2023\/07\/mit-liebe-bei-der-sache-das-suedtirol-jazzfestival-alto-adige\/filippo-vignato-foto-stefan-pieper-2\/\" border=\"0\" itemprop=\"url\"> <meta itemprop=\"width\" content=\"836\"> <meta itemprop=\"height\" content=\"470\"> <img decoding=\"async\" class=\"\" data-attachment-id=\"29777\" data-orig-file=\"https:\/\/www.jazzzeitung.de\/cms\/wp-content\/uploads\/2023\/07\/Filippo-Vignato-foto-stefan-pieper--scaled.jpg\" data-orig-size=\"2560,1439\" data-comments-opened=\"1\" data-image-meta=\"{&quot;aperture&quot;:&quot;4&quot;,&quot;credit&quot;:&quot;&quot;,&quot;camera&quot;:&quot;DSC-WX220&quot;,&quot;caption&quot;:&quot;&quot;,&quot;created_timestamp&quot;:&quot;1688825693&quot;,&quot;copyright&quot;:&quot;&quot;,&quot;focal_length&quot;:&quot;7.89&quot;,&quot;iso&quot;:&quot;100&quot;,&quot;shutter_speed&quot;:&quot;0.005&quot;,&quot;title&quot;:&quot;&quot;,&quot;orientation&quot;:&quot;1&quot;}\" data-image-title=\"Filippo Vignato foto stefan pieper\" data-image-description=\"\" data-medium-file=\"https:\/\/i0.wp.com\/www.jazzzeitung.de\/cms\/wp-content\/uploads\/2023\/07\/Filippo-Vignato-foto-stefan-pieper--scaled.jpg?fit=300%2C169&#038;ssl=1\" data-large-file=\"https:\/\/i0.wp.com\/www.jazzzeitung.de\/cms\/wp-content\/uploads\/2023\/07\/Filippo-Vignato-foto-stefan-pieper--scaled.jpg?fit=840%2C472&#038;ssl=1\" src=\"https:\/\/i0.wp.com\/www.jazzzeitung.de\/cms\/wp-content\/uploads\/2023\/07\/Filippo-Vignato-foto-stefan-pieper--scaled.jpg?w=836&#038;h=470&#038;ssl=1\" srcset=\"https:\/\/i0.wp.com\/www.jazzzeitung.de\/cms\/wp-content\/uploads\/2023\/07\/Filippo-Vignato-foto-stefan-pieper--scaled.jpg?w=2560&amp;ssl=1 2560w, https:\/\/i0.wp.com\/www.jazzzeitung.de\/cms\/wp-content\/uploads\/2023\/07\/Filippo-Vignato-foto-stefan-pieper--scaled.jpg?resize=300%2C169&amp;ssl=1 300w, https:\/\/i0.wp.com\/www.jazzzeitung.de\/cms\/wp-content\/uploads\/2023\/07\/Filippo-Vignato-foto-stefan-pieper--scaled.jpg?resize=900%2C506&amp;ssl=1 900w, https:\/\/i0.wp.com\/www.jazzzeitung.de\/cms\/wp-content\/uploads\/2023\/07\/Filippo-Vignato-foto-stefan-pieper--scaled.jpg?resize=768%2C432&amp;ssl=1 768w, https:\/\/i0.wp.com\/www.jazzzeitung.de\/cms\/wp-content\/uploads\/2023\/07\/Filippo-Vignato-foto-stefan-pieper--scaled.jpg?resize=1536%2C863&amp;ssl=1 1536w, https:\/\/i0.wp.com\/www.jazzzeitung.de\/cms\/wp-content\/uploads\/2023\/07\/Filippo-Vignato-foto-stefan-pieper--scaled.jpg?resize=2048%2C1151&amp;ssl=1 2048w, https:\/\/i0.wp.com\/www.jazzzeitung.de\/cms\/wp-content\/uploads\/2023\/07\/Filippo-Vignato-foto-stefan-pieper--scaled.jpg?resize=1320%2C742&amp;ssl=1 1320w, https:\/\/i0.wp.com\/www.jazzzeitung.de\/cms\/wp-content\/uploads\/2023\/07\/Filippo-Vignato-foto-stefan-pieper--scaled.jpg?w=1680&amp;ssl=1 1680w\" width=\"836\" height=\"470\" loading=\"lazy\" data-original-width=\"836\" data-original-height=\"470\" itemprop=\"http:\/\/schema.org\/image\" title=\"Filippo Vignato foto stefan pieper\" alt=\"Filippo Vignato foto stefan pieper\" style=\"width: 836px; height: 470px;\" \/> <\/a> <\/div> <\/div> <!-- close group --> <\/div> <!-- close row --> <\/div>\n<p style=\"margin-bottom: 14.2pt;\">Die Luft riecht immer noch etwas nach der Regenfront, die jetzt aber endlich vor\u00fcber ist. Das ist die Stunde des Shuteen Erdenebaatar Quartetts<b>. <\/b>Hinter diesem exotischen Namen verbirgt sich eine extrem ausgeschlafene Combo aus M\u00fcnchen, begr\u00fcndet von der gleichnamigen, hochtalentierten mongolischen Pianistin. Fantasievoll und lyrisch ges\u00e4ttigt und hellwach f\u00fcr das Temperament des anderen lebt das musikalische Vokabular in den mal virtuosen, dann wieder baladesk-besinnlichen Nummern. Brechend voll wurde es am Pool im Park des Hotel Laurin, als der feingliedrige Klavierjazz des polnischen<b> <\/b>Joanna Duda Trios viel mehr als stylische Hintergrundbeschallung, daf\u00fcr eine Menge k\u00fchner Abenteuerlust bietet.<\/p>\n<h3>Punk-Rock-Wurzeln<\/h3>\n<p style=\"margin-bottom: 14.2pt;\">Lyrisch, empfindsam und assoziativ ging es im ebenso lauschigen Park des Mondschein-Hotels beim Auftritt der britisch-zentrierten Band \u201eLet Spin\u201c zur Sache. Ruth Gollers erdig-pr\u00e4sentes E-Bass-Spiel hat seine Wurzeln im Punkrock- hier erwies sich dies als wunderbar anschlussf\u00e4hig an die lyrischen Klangsph\u00e4ren vor allem des Gitarristen Moss Freed, um in dieser warmen Vorabendstimmung die Seele zu streicheln.<\/p>\n<h3 style=\"margin-bottom: 14.2pt;\">Rauschmittel f\u00fcr die Nacht<\/h3>\n<p style=\"margin-bottom: 14.2pt;\">Als wildgewordene Tiere der Nacht geb\u00e4rdeten sich die Musiker des \u00f6sterreichischen Trios \u201eEdi Nulz\u201c. Voller Humor und einer Dramaturgie wie aus rasch geschnittenen Comicsstrips oder Gangsterfilmen und getragen von rotzigem Post Punk lie\u00dfen es die drei sp\u00e4tnachts krachen. Der Trend geht \u00fcberhaupt stark in rockige Richtungen. Aber eben so, dass auch improvisatorische Faszination ungebremst aufleuchten darf. So etwas ist Sache der deutschen Band \u201eBobby Rausch\u201c. Statt krachiger Gitarren zeigen hier eine elektronisch aufgemotzte Bassklarinette und ein Baritonsaxofon, wo der Hammer h\u00e4ngt. Und ohne den groovend aufspielenden Drummer Nico Stallmann war hier alles nichts. Genau solche Rauschmittel braucht es, um die Nacht in der mediterran kultivierten S\u00fcdtiroler Provinzhauptstadt zu feiern.<\/p>\n<div class=\"tiled-gallery type-rectangular tiled-gallery-unresized\" data-original-width=\"840\" data-carousel-extra='{&quot;blog_id&quot;:1,&quot;permalink&quot;:&quot;https:\\\/\\\/www.jazzzeitung.de\\\/cms\\\/2023\\\/07\\\/mit-liebe-bei-der-sache-das-suedtirol-jazzfestival-alto-adige\\\/&quot;,&quot;likes_blog_id&quot;:55446655}' itemscope itemtype=\"http:\/\/schema.org\/ImageGallery\" > <div class=\"gallery-row\" style=\"width: 840px; height: 820px;\" data-original-width=\"840\" data-original-height=\"820\" > <div class=\"gallery-group images-1\" style=\"width: 463px; height: 820px;\" data-original-width=\"463\" data-original-height=\"820\" > <div class=\"tiled-gallery-item tiled-gallery-item-large\" itemprop=\"associatedMedia\" itemscope itemtype=\"http:\/\/schema.org\/ImageObject\"> <a href=\"https:\/\/www.jazzzeitung.de\/cms\/2023\/07\/mit-liebe-bei-der-sache-das-suedtirol-jazzfestival-alto-adige\/glauco-benedetti-foto-stefan-pieper\/\" border=\"0\" itemprop=\"url\"> <meta itemprop=\"width\" content=\"459\"> <meta itemprop=\"height\" content=\"816\"> <img decoding=\"async\" class=\"\" data-attachment-id=\"29778\" data-orig-file=\"https:\/\/www.jazzzeitung.de\/cms\/wp-content\/uploads\/2023\/07\/Glauco-Benedetti-foto-stefan-pieper--scaled.jpg\" data-orig-size=\"1441,2560\" data-comments-opened=\"1\" data-image-meta=\"{&quot;aperture&quot;:&quot;2.8&quot;,&quot;credit&quot;:&quot;Picasa&quot;,&quot;camera&quot;:&quot;DSC-RX10&quot;,&quot;caption&quot;:&quot;&quot;,&quot;created_timestamp&quot;:&quot;1688827145&quot;,&quot;copyright&quot;:&quot;&quot;,&quot;focal_length&quot;:&quot;73.3&quot;,&quot;iso&quot;:&quot;3200&quot;,&quot;shutter_speed&quot;:&quot;0.0125&quot;,&quot;title&quot;:&quot;&quot;,&quot;orientation&quot;:&quot;1&quot;}\" data-image-title=\"Glauco Benedetti foto stefan pieper\" data-image-description=\"\" data-medium-file=\"https:\/\/i0.wp.com\/www.jazzzeitung.de\/cms\/wp-content\/uploads\/2023\/07\/Glauco-Benedetti-foto-stefan-pieper--scaled.jpg?fit=169%2C300&#038;ssl=1\" data-large-file=\"https:\/\/i0.wp.com\/www.jazzzeitung.de\/cms\/wp-content\/uploads\/2023\/07\/Glauco-Benedetti-foto-stefan-pieper--scaled.jpg?fit=338%2C600&#038;ssl=1\" src=\"https:\/\/i0.wp.com\/www.jazzzeitung.de\/cms\/wp-content\/uploads\/2023\/07\/Glauco-Benedetti-foto-stefan-pieper--scaled.jpg?w=459&#038;h=816&#038;ssl=1\" srcset=\"https:\/\/i0.wp.com\/www.jazzzeitung.de\/cms\/wp-content\/uploads\/2023\/07\/Glauco-Benedetti-foto-stefan-pieper--scaled.jpg?w=1441&amp;ssl=1 1441w, https:\/\/i0.wp.com\/www.jazzzeitung.de\/cms\/wp-content\/uploads\/2023\/07\/Glauco-Benedetti-foto-stefan-pieper--scaled.jpg?resize=169%2C300&amp;ssl=1 169w, https:\/\/i0.wp.com\/www.jazzzeitung.de\/cms\/wp-content\/uploads\/2023\/07\/Glauco-Benedetti-foto-stefan-pieper--scaled.jpg?resize=338%2C600&amp;ssl=1 338w, https:\/\/i0.wp.com\/www.jazzzeitung.de\/cms\/wp-content\/uploads\/2023\/07\/Glauco-Benedetti-foto-stefan-pieper--scaled.jpg?resize=768%2C1364&amp;ssl=1 768w, https:\/\/i0.wp.com\/www.jazzzeitung.de\/cms\/wp-content\/uploads\/2023\/07\/Glauco-Benedetti-foto-stefan-pieper--scaled.jpg?resize=865%2C1536&amp;ssl=1 865w, https:\/\/i0.wp.com\/www.jazzzeitung.de\/cms\/wp-content\/uploads\/2023\/07\/Glauco-Benedetti-foto-stefan-pieper--scaled.jpg?resize=1153%2C2048&amp;ssl=1 1153w, https:\/\/i0.wp.com\/www.jazzzeitung.de\/cms\/wp-content\/uploads\/2023\/07\/Glauco-Benedetti-foto-stefan-pieper--scaled.jpg?resize=1320%2C2345&amp;ssl=1 1320w\" width=\"459\" height=\"816\" loading=\"lazy\" data-original-width=\"459\" data-original-height=\"816\" itemprop=\"http:\/\/schema.org\/image\" title=\"Glauco Benedetti foto stefan pieper\" alt=\"Glauco Benedetti foto stefan pieper\" style=\"width: 459px; height: 816px;\" \/> <\/a> <\/div> <\/div> <!-- close group --> <div class=\"gallery-group images-3\" style=\"width: 377px; height: 820px;\" data-original-width=\"377\" data-original-height=\"820\" > <div class=\"tiled-gallery-item tiled-gallery-item-large\" itemprop=\"associatedMedia\" itemscope itemtype=\"http:\/\/schema.org\/ImageObject\"> <a href=\"https:\/\/www.jazzzeitung.de\/cms\/2023\/07\/mit-liebe-bei-der-sache-das-suedtirol-jazzfestival-alto-adige\/heioa-karine-johannesdottir-foto-stefan-pieper\/\" border=\"0\" itemprop=\"url\"> <meta itemprop=\"width\" content=\"373\"> <meta itemprop=\"height\" content=\"307\"> <img decoding=\"async\" class=\"\" data-attachment-id=\"29779\" data-orig-file=\"https:\/\/www.jazzzeitung.de\/cms\/wp-content\/uploads\/2023\/07\/Heioa-Karine-Johannesdottir-foto-stefan-pieper--scaled.jpg\" data-orig-size=\"2560,2109\" data-comments-opened=\"1\" data-image-meta=\"{&quot;aperture&quot;:&quot;2.8&quot;,&quot;credit&quot;:&quot;Picasa&quot;,&quot;camera&quot;:&quot;DSC-RX10&quot;,&quot;caption&quot;:&quot;&quot;,&quot;created_timestamp&quot;:&quot;1688676982&quot;,&quot;copyright&quot;:&quot;&quot;,&quot;focal_length&quot;:&quot;73.3&quot;,&quot;iso&quot;:&quot;3200&quot;,&quot;shutter_speed&quot;:&quot;0.016666666666667&quot;,&quot;title&quot;:&quot;&quot;,&quot;orientation&quot;:&quot;1&quot;}\" data-image-title=\"Heioa Karine Johannesdottir foto stefan pieper\" data-image-description=\"\" data-medium-file=\"https:\/\/i0.wp.com\/www.jazzzeitung.de\/cms\/wp-content\/uploads\/2023\/07\/Heioa-Karine-Johannesdottir-foto-stefan-pieper--scaled.jpg?fit=300%2C247&#038;ssl=1\" data-large-file=\"https:\/\/i0.wp.com\/www.jazzzeitung.de\/cms\/wp-content\/uploads\/2023\/07\/Heioa-Karine-Johannesdottir-foto-stefan-pieper--scaled.jpg?fit=728%2C600&#038;ssl=1\" src=\"https:\/\/i0.wp.com\/www.jazzzeitung.de\/cms\/wp-content\/uploads\/2023\/07\/Heioa-Karine-Johannesdottir-foto-stefan-pieper--scaled.jpg?w=373&#038;h=307&#038;ssl=1\" srcset=\"https:\/\/i0.wp.com\/www.jazzzeitung.de\/cms\/wp-content\/uploads\/2023\/07\/Heioa-Karine-Johannesdottir-foto-stefan-pieper--scaled.jpg?w=2560&amp;ssl=1 2560w, https:\/\/i0.wp.com\/www.jazzzeitung.de\/cms\/wp-content\/uploads\/2023\/07\/Heioa-Karine-Johannesdottir-foto-stefan-pieper--scaled.jpg?resize=300%2C247&amp;ssl=1 300w, https:\/\/i0.wp.com\/www.jazzzeitung.de\/cms\/wp-content\/uploads\/2023\/07\/Heioa-Karine-Johannesdottir-foto-stefan-pieper--scaled.jpg?resize=728%2C600&amp;ssl=1 728w, https:\/\/i0.wp.com\/www.jazzzeitung.de\/cms\/wp-content\/uploads\/2023\/07\/Heioa-Karine-Johannesdottir-foto-stefan-pieper--scaled.jpg?resize=768%2C633&amp;ssl=1 768w, https:\/\/i0.wp.com\/www.jazzzeitung.de\/cms\/wp-content\/uploads\/2023\/07\/Heioa-Karine-Johannesdottir-foto-stefan-pieper--scaled.jpg?resize=1536%2C1266&amp;ssl=1 1536w, https:\/\/i0.wp.com\/www.jazzzeitung.de\/cms\/wp-content\/uploads\/2023\/07\/Heioa-Karine-Johannesdottir-foto-stefan-pieper--scaled.jpg?resize=2048%2C1687&amp;ssl=1 2048w, https:\/\/i0.wp.com\/www.jazzzeitung.de\/cms\/wp-content\/uploads\/2023\/07\/Heioa-Karine-Johannesdottir-foto-stefan-pieper--scaled.jpg?resize=1320%2C1088&amp;ssl=1 1320w, https:\/\/i0.wp.com\/www.jazzzeitung.de\/cms\/wp-content\/uploads\/2023\/07\/Heioa-Karine-Johannesdottir-foto-stefan-pieper--scaled.jpg?w=1680&amp;ssl=1 1680w\" width=\"373\" height=\"307\" loading=\"lazy\" data-original-width=\"373\" data-original-height=\"307\" itemprop=\"http:\/\/schema.org\/image\" title=\"Heioa Karine Johannesdottir foto stefan pieper\" alt=\"Heioa Karine Johannesdottir foto stefan pieper\" style=\"width: 373px; height: 307px;\" \/> <\/a> <\/div> <div class=\"tiled-gallery-item tiled-gallery-item-large\" itemprop=\"associatedMedia\" itemscope itemtype=\"http:\/\/schema.org\/ImageObject\"> <a href=\"https:\/\/www.jazzzeitung.de\/cms\/2023\/07\/mit-liebe-bei-der-sache-das-suedtirol-jazzfestival-alto-adige\/joanna-duda-foto-stefan-pieper\/\" border=\"0\" itemprop=\"url\"> <meta itemprop=\"width\" content=\"373\"> <meta itemprop=\"height\" content=\"210\"> <img decoding=\"async\" class=\"\" data-attachment-id=\"29780\" data-orig-file=\"https:\/\/www.jazzzeitung.de\/cms\/wp-content\/uploads\/2023\/07\/Joanna-Duda-foto-stefan-pieper-scaled.jpg\" data-orig-size=\"2560,1441\" data-comments-opened=\"1\" data-image-meta=\"{&quot;aperture&quot;:&quot;2.8&quot;,&quot;credit&quot;:&quot;Picasa&quot;,&quot;camera&quot;:&quot;DSC-RX10&quot;,&quot;caption&quot;:&quot;&quot;,&quot;created_timestamp&quot;:&quot;1688755715&quot;,&quot;copyright&quot;:&quot;&quot;,&quot;focal_length&quot;:&quot;54.09&quot;,&quot;iso&quot;:&quot;800&quot;,&quot;shutter_speed&quot;:&quot;0.00625&quot;,&quot;title&quot;:&quot;&quot;,&quot;orientation&quot;:&quot;1&quot;}\" data-image-title=\"Joanna Duda foto stefan pieper\" data-image-description=\"\" data-medium-file=\"https:\/\/i0.wp.com\/www.jazzzeitung.de\/cms\/wp-content\/uploads\/2023\/07\/Joanna-Duda-foto-stefan-pieper-scaled.jpg?fit=300%2C169&#038;ssl=1\" data-large-file=\"https:\/\/i0.wp.com\/www.jazzzeitung.de\/cms\/wp-content\/uploads\/2023\/07\/Joanna-Duda-foto-stefan-pieper-scaled.jpg?fit=840%2C473&#038;ssl=1\" src=\"https:\/\/i0.wp.com\/www.jazzzeitung.de\/cms\/wp-content\/uploads\/2023\/07\/Joanna-Duda-foto-stefan-pieper-scaled.jpg?w=373&#038;h=210&#038;ssl=1\" srcset=\"https:\/\/i0.wp.com\/www.jazzzeitung.de\/cms\/wp-content\/uploads\/2023\/07\/Joanna-Duda-foto-stefan-pieper-scaled.jpg?w=2560&amp;ssl=1 2560w, https:\/\/i0.wp.com\/www.jazzzeitung.de\/cms\/wp-content\/uploads\/2023\/07\/Joanna-Duda-foto-stefan-pieper-scaled.jpg?resize=300%2C169&amp;ssl=1 300w, https:\/\/i0.wp.com\/www.jazzzeitung.de\/cms\/wp-content\/uploads\/2023\/07\/Joanna-Duda-foto-stefan-pieper-scaled.jpg?resize=900%2C507&amp;ssl=1 900w, https:\/\/i0.wp.com\/www.jazzzeitung.de\/cms\/wp-content\/uploads\/2023\/07\/Joanna-Duda-foto-stefan-pieper-scaled.jpg?resize=768%2C432&amp;ssl=1 768w, https:\/\/i0.wp.com\/www.jazzzeitung.de\/cms\/wp-content\/uploads\/2023\/07\/Joanna-Duda-foto-stefan-pieper-scaled.jpg?resize=1536%2C865&amp;ssl=1 1536w, https:\/\/i0.wp.com\/www.jazzzeitung.de\/cms\/wp-content\/uploads\/2023\/07\/Joanna-Duda-foto-stefan-pieper-scaled.jpg?resize=2048%2C1153&amp;ssl=1 2048w, https:\/\/i0.wp.com\/www.jazzzeitung.de\/cms\/wp-content\/uploads\/2023\/07\/Joanna-Duda-foto-stefan-pieper-scaled.jpg?resize=1320%2C743&amp;ssl=1 1320w, https:\/\/i0.wp.com\/www.jazzzeitung.de\/cms\/wp-content\/uploads\/2023\/07\/Joanna-Duda-foto-stefan-pieper-scaled.jpg?w=1680&amp;ssl=1 1680w\" width=\"373\" height=\"210\" loading=\"lazy\" data-original-width=\"373\" data-original-height=\"210\" itemprop=\"http:\/\/schema.org\/image\" title=\"Joanna Duda foto stefan pieper\" alt=\"Joanna Duda foto stefan pieper\" style=\"width: 373px; height: 210px;\" \/> <\/a> <\/div> <div class=\"tiled-gallery-item tiled-gallery-item-large\" itemprop=\"associatedMedia\" itemscope itemtype=\"http:\/\/schema.org\/ImageObject\"> <a href=\"https:\/\/www.jazzzeitung.de\/cms\/2023\/07\/mit-liebe-bei-der-sache-das-suedtirol-jazzfestival-alto-adige\/julian-adam-pajzs-valentin-schuster-foto-stefan-pieper\/\" border=\"0\" itemprop=\"url\"> <meta itemprop=\"width\" content=\"373\"> <meta itemprop=\"height\" content=\"291\"> <img decoding=\"async\" class=\"\" data-attachment-id=\"29781\" data-orig-file=\"https:\/\/www.jazzzeitung.de\/cms\/wp-content\/uploads\/2023\/07\/Julian-Adam-Pajzs-Valentin-Schuster-foto-stefan-pieper-scaled.jpg\" data-orig-size=\"2560,2004\" data-comments-opened=\"1\" data-image-meta=\"{&quot;aperture&quot;:&quot;2.8&quot;,&quot;credit&quot;:&quot;Picasa&quot;,&quot;camera&quot;:&quot;DSC-RX10&quot;,&quot;caption&quot;:&quot;&quot;,&quot;created_timestamp&quot;:&quot;1688775941&quot;,&quot;copyright&quot;:&quot;&quot;,&quot;focal_length&quot;:&quot;28.93&quot;,&quot;iso&quot;:&quot;3200&quot;,&quot;shutter_speed&quot;:&quot;0.04&quot;,&quot;title&quot;:&quot;&quot;,&quot;orientation&quot;:&quot;1&quot;}\" data-image-title=\"Julian Adam Pajzs, Valentin Schuster foto stefan pieper\" data-image-description=\"\" data-medium-file=\"https:\/\/i0.wp.com\/www.jazzzeitung.de\/cms\/wp-content\/uploads\/2023\/07\/Julian-Adam-Pajzs-Valentin-Schuster-foto-stefan-pieper-scaled.jpg?fit=300%2C235&#038;ssl=1\" data-large-file=\"https:\/\/i0.wp.com\/www.jazzzeitung.de\/cms\/wp-content\/uploads\/2023\/07\/Julian-Adam-Pajzs-Valentin-Schuster-foto-stefan-pieper-scaled.jpg?fit=766%2C600&#038;ssl=1\" src=\"https:\/\/i0.wp.com\/www.jazzzeitung.de\/cms\/wp-content\/uploads\/2023\/07\/Julian-Adam-Pajzs-Valentin-Schuster-foto-stefan-pieper-scaled.jpg?w=373&#038;h=291&#038;ssl=1\" srcset=\"https:\/\/i0.wp.com\/www.jazzzeitung.de\/cms\/wp-content\/uploads\/2023\/07\/Julian-Adam-Pajzs-Valentin-Schuster-foto-stefan-pieper-scaled.jpg?w=2560&amp;ssl=1 2560w, https:\/\/i0.wp.com\/www.jazzzeitung.de\/cms\/wp-content\/uploads\/2023\/07\/Julian-Adam-Pajzs-Valentin-Schuster-foto-stefan-pieper-scaled.jpg?resize=300%2C235&amp;ssl=1 300w, https:\/\/i0.wp.com\/www.jazzzeitung.de\/cms\/wp-content\/uploads\/2023\/07\/Julian-Adam-Pajzs-Valentin-Schuster-foto-stefan-pieper-scaled.jpg?resize=766%2C600&amp;ssl=1 766w, https:\/\/i0.wp.com\/www.jazzzeitung.de\/cms\/wp-content\/uploads\/2023\/07\/Julian-Adam-Pajzs-Valentin-Schuster-foto-stefan-pieper-scaled.jpg?resize=768%2C601&amp;ssl=1 768w, https:\/\/i0.wp.com\/www.jazzzeitung.de\/cms\/wp-content\/uploads\/2023\/07\/Julian-Adam-Pajzs-Valentin-Schuster-foto-stefan-pieper-scaled.jpg?resize=1536%2C1203&amp;ssl=1 1536w, https:\/\/i0.wp.com\/www.jazzzeitung.de\/cms\/wp-content\/uploads\/2023\/07\/Julian-Adam-Pajzs-Valentin-Schuster-foto-stefan-pieper-scaled.jpg?resize=2048%2C1603&amp;ssl=1 2048w, https:\/\/i0.wp.com\/www.jazzzeitung.de\/cms\/wp-content\/uploads\/2023\/07\/Julian-Adam-Pajzs-Valentin-Schuster-foto-stefan-pieper-scaled.jpg?resize=1320%2C1033&amp;ssl=1 1320w, https:\/\/i0.wp.com\/www.jazzzeitung.de\/cms\/wp-content\/uploads\/2023\/07\/Julian-Adam-Pajzs-Valentin-Schuster-foto-stefan-pieper-scaled.jpg?w=1680&amp;ssl=1 1680w\" width=\"373\" height=\"291\" loading=\"lazy\" data-original-width=\"373\" data-original-height=\"291\" itemprop=\"http:\/\/schema.org\/image\" title=\"Julian Adam Pajzs, Valentin Schuster foto stefan pieper\" alt=\"Julian Adam Pajzs, Valentin Schuster foto stefan pieper\" style=\"width: 373px; height: 291px;\" \/> <\/a> <\/div> <\/div> <!-- close group --> <\/div> <!-- close row --> <div class=\"gallery-row\" style=\"width: 840px; height: 596px;\" data-original-width=\"840\" data-original-height=\"596\" > <div class=\"gallery-group images-1\" style=\"width: 840px; height: 596px;\" data-original-width=\"840\" data-original-height=\"596\" > <div class=\"tiled-gallery-item tiled-gallery-item-large\" itemprop=\"associatedMedia\" itemscope itemtype=\"http:\/\/schema.org\/ImageObject\"> <a href=\"https:\/\/www.jazzzeitung.de\/cms\/2023\/07\/mit-liebe-bei-der-sache-das-suedtirol-jazzfestival-alto-adige\/lukas-kranzelbinder-foto-stefan-pieper\/\" border=\"0\" itemprop=\"url\"> <meta itemprop=\"width\" content=\"836\"> <meta itemprop=\"height\" content=\"592\"> <img decoding=\"async\" class=\"\" data-attachment-id=\"29783\" data-orig-file=\"https:\/\/www.jazzzeitung.de\/cms\/wp-content\/uploads\/2023\/07\/Lukas-Kranzelbinder-foto-stefan-pieper--scaled.jpg\" data-orig-size=\"2560,1814\" data-comments-opened=\"1\" data-image-meta=\"{&quot;aperture&quot;:&quot;2.8&quot;,&quot;credit&quot;:&quot;Picasa&quot;,&quot;camera&quot;:&quot;DSC-RX10&quot;,&quot;caption&quot;:&quot;&quot;,&quot;created_timestamp&quot;:&quot;1688691749&quot;,&quot;copyright&quot;:&quot;&quot;,&quot;focal_length&quot;:&quot;73.3&quot;,&quot;iso&quot;:&quot;3200&quot;,&quot;shutter_speed&quot;:&quot;0.05&quot;,&quot;title&quot;:&quot;&quot;,&quot;orientation&quot;:&quot;1&quot;}\" data-image-title=\"Lukas Kranzelbinder foto stefan pieper\" data-image-description=\"\" data-medium-file=\"https:\/\/i0.wp.com\/www.jazzzeitung.de\/cms\/wp-content\/uploads\/2023\/07\/Lukas-Kranzelbinder-foto-stefan-pieper--scaled.jpg?fit=300%2C213&#038;ssl=1\" data-large-file=\"https:\/\/i0.wp.com\/www.jazzzeitung.de\/cms\/wp-content\/uploads\/2023\/07\/Lukas-Kranzelbinder-foto-stefan-pieper--scaled.jpg?fit=840%2C595&#038;ssl=1\" src=\"https:\/\/i0.wp.com\/www.jazzzeitung.de\/cms\/wp-content\/uploads\/2023\/07\/Lukas-Kranzelbinder-foto-stefan-pieper--scaled.jpg?w=836&#038;h=592&#038;ssl=1\" srcset=\"https:\/\/i0.wp.com\/www.jazzzeitung.de\/cms\/wp-content\/uploads\/2023\/07\/Lukas-Kranzelbinder-foto-stefan-pieper--scaled.jpg?w=2560&amp;ssl=1 2560w, https:\/\/i0.wp.com\/www.jazzzeitung.de\/cms\/wp-content\/uploads\/2023\/07\/Lukas-Kranzelbinder-foto-stefan-pieper--scaled.jpg?resize=300%2C213&amp;ssl=1 300w, https:\/\/i0.wp.com\/www.jazzzeitung.de\/cms\/wp-content\/uploads\/2023\/07\/Lukas-Kranzelbinder-foto-stefan-pieper--scaled.jpg?resize=847%2C600&amp;ssl=1 847w, https:\/\/i0.wp.com\/www.jazzzeitung.de\/cms\/wp-content\/uploads\/2023\/07\/Lukas-Kranzelbinder-foto-stefan-pieper--scaled.jpg?resize=768%2C544&amp;ssl=1 768w, https:\/\/i0.wp.com\/www.jazzzeitung.de\/cms\/wp-content\/uploads\/2023\/07\/Lukas-Kranzelbinder-foto-stefan-pieper--scaled.jpg?resize=1536%2C1089&amp;ssl=1 1536w, https:\/\/i0.wp.com\/www.jazzzeitung.de\/cms\/wp-content\/uploads\/2023\/07\/Lukas-Kranzelbinder-foto-stefan-pieper--scaled.jpg?resize=2048%2C1451&amp;ssl=1 2048w, https:\/\/i0.wp.com\/www.jazzzeitung.de\/cms\/wp-content\/uploads\/2023\/07\/Lukas-Kranzelbinder-foto-stefan-pieper--scaled.jpg?resize=1320%2C935&amp;ssl=1 1320w, https:\/\/i0.wp.com\/www.jazzzeitung.de\/cms\/wp-content\/uploads\/2023\/07\/Lukas-Kranzelbinder-foto-stefan-pieper--scaled.jpg?w=1680&amp;ssl=1 1680w\" width=\"836\" height=\"592\" loading=\"lazy\" data-original-width=\"836\" data-original-height=\"592\" itemprop=\"http:\/\/schema.org\/image\" title=\"Lukas Kranzelbinder foto stefan pieper\" alt=\"Lukas Kranzelbinder foto stefan pieper\" style=\"width: 836px; height: 592px;\" \/> <\/a> <\/div> <\/div> <!-- close group --> <\/div> <!-- close row --> <\/div>\n<p style=\"margin-bottom: 14.2pt;\">Das S\u00fcdtirol Alto Adige Jazz Festival macht nicht nur neue Bands und Talente entdeckbar, es weitet auch den Horizont f\u00fcr Reisende, in dem der Blick auf viele erstaunliche Locations und auch Bauwerke gerichtet wird. Wem ist nicht schon beim Befahren der Brennerautobahn diese monstr\u00f6se Befestigungsanlage aufgefallen, deren Name \u201eFranzensfeste\u201c geografisch als Tor zu S\u00fcdtirol gut bekannt ist?<\/p>\n<h2>Jazz at Fortress<\/h2>\n<p style=\"margin-bottom: 14.2pt;\">Unter dem Motto \u201eJazz at Fortress\u201c wurde dies nun in seiner ganzen Dimension erfahrbar und damit auch aus jeder musealen Erstarrung herausgeholt, weil kreative, versierte Musiker die gigantische Befestigungsanlage zum Klingen und damit zum Leben brachten. Dan Kinzelmann (sax), Glauco Benedetti (tuba) und Filippo Vignato (Trombone) pumpten ihre Schallwellen, Tonfolgen und Improvisationen durch die dunklen Kasematten. Getoppt wurde das ganze noch durch einen \u00fcberragenden Freiluft-Auftritt des Sextetts Ghost Horse mit seinen charismatischen, wie auch hoch differenzierten Jazzrock-Mixturen.<\/p>\n<h3 style=\"margin-bottom: 14.2pt;\">Ein Festival der Aufbr\u00fcche<\/h3>\n<p style=\"margin-bottom: 14.2pt;\">Und ja: Bei der ausgiebigen, musikalische \u201eangef\u00fchrten\u201c Begehung und schlie\u00dflich noch bei einem heftig lauten Open-Air-Konzert macht die Fantasie dauernd Luftspr\u00fcnge: Was k\u00f6nnte man in dieser verzweigten, heute von ganz viel friedlichem Gr\u00fcn \u00fcberwuchertem Burg alles in kultureller Hinsicht verwirklichen? Das S\u00fcdtirol Jazzfestival Alto Adige hat hier \u2013 wieder einmal! &#8211; einen Anfang gemacht.<\/p>\n<p><img data-recalc-dims=\"1\" loading=\"lazy\" decoding=\"async\" data-attachment-id=\"29784\" data-permalink=\"https:\/\/www.jazzzeitung.de\/cms\/2023\/07\/mit-liebe-bei-der-sache-das-suedtirol-jazzfestival-alto-adige\/dsc09714\/\" data-orig-file=\"https:\/\/i0.wp.com\/www.jazzzeitung.de\/cms\/wp-content\/uploads\/2023\/07\/DSC09714-scaled.jpg?fit=2560%2C1439&amp;ssl=1\" data-orig-size=\"2560,1439\" data-comments-opened=\"1\" data-image-meta=\"{&quot;aperture&quot;:&quot;3.3&quot;,&quot;credit&quot;:&quot;&quot;,&quot;camera&quot;:&quot;DSC-WX220&quot;,&quot;caption&quot;:&quot;&quot;,&quot;created_timestamp&quot;:&quot;1688679719&quot;,&quot;copyright&quot;:&quot;&quot;,&quot;focal_length&quot;:&quot;4.45&quot;,&quot;iso&quot;:&quot;800&quot;,&quot;shutter_speed&quot;:&quot;0.2&quot;,&quot;title&quot;:&quot;&quot;,&quot;orientation&quot;:&quot;1&quot;}\" data-image-title=\"DSC09714\" data-image-description=\"\" data-image-caption=\"\" data-large-file=\"https:\/\/i0.wp.com\/www.jazzzeitung.de\/cms\/wp-content\/uploads\/2023\/07\/DSC09714-scaled.jpg?fit=840%2C472&amp;ssl=1\" class=\"alignleft wp-image-29784 size-large\" src=\"https:\/\/i0.wp.com\/www.jazzzeitung.de\/cms\/wp-content\/uploads\/2023\/07\/DSC09714.jpg?resize=840%2C472&#038;ssl=1\" alt=\"\" width=\"840\" height=\"472\" srcset=\"https:\/\/i0.wp.com\/www.jazzzeitung.de\/cms\/wp-content\/uploads\/2023\/07\/DSC09714-scaled.jpg?resize=900%2C506&amp;ssl=1 900w, https:\/\/i0.wp.com\/www.jazzzeitung.de\/cms\/wp-content\/uploads\/2023\/07\/DSC09714-scaled.jpg?resize=300%2C169&amp;ssl=1 300w, https:\/\/i0.wp.com\/www.jazzzeitung.de\/cms\/wp-content\/uploads\/2023\/07\/DSC09714-scaled.jpg?resize=768%2C432&amp;ssl=1 768w, https:\/\/i0.wp.com\/www.jazzzeitung.de\/cms\/wp-content\/uploads\/2023\/07\/DSC09714-scaled.jpg?resize=1536%2C863&amp;ssl=1 1536w, https:\/\/i0.wp.com\/www.jazzzeitung.de\/cms\/wp-content\/uploads\/2023\/07\/DSC09714-scaled.jpg?resize=2048%2C1151&amp;ssl=1 2048w, https:\/\/i0.wp.com\/www.jazzzeitung.de\/cms\/wp-content\/uploads\/2023\/07\/DSC09714-scaled.jpg?resize=1320%2C742&amp;ssl=1 1320w, https:\/\/i0.wp.com\/www.jazzzeitung.de\/cms\/wp-content\/uploads\/2023\/07\/DSC09714-scaled.jpg?w=1680&amp;ssl=1 1680w, https:\/\/i0.wp.com\/www.jazzzeitung.de\/cms\/wp-content\/uploads\/2023\/07\/DSC09714-scaled.jpg?w=2520&amp;ssl=1 2520w\" sizes=\"auto, (max-width: 840px) 100vw, 840px\" \/><\/p>\n<p style=\"margin-bottom: 14.2pt;\">In programmatisch-musikalischer Hinsicht gab es solche Anf\u00e4nge und Neuentdeckungen zuhauf. Eine ganz besondere war am vorletzten Festivalabend zu erleben: Die in Guatemala geborene und heute in Mexiko lebenden S\u00e4ngerin und Cellistin Mabe Fratti hatte zuvor schon ein fragiles Solorecital im Garten eines Berghotels hoch oben \u00fcber Bozen geliefert. Jetzt versetzte sie auf der gro\u00dfen B\u00fchne ihr Publikum in eine andere Welt. Sie singt ihre Songs und spielt auf dem Cello, dass alles in jedem Moment emotional ans Eingemachte geht. Mit einer fabelhaften Band, die auch auf jeder gro\u00dfen Rockmusik-B\u00fchne f\u00fcr ganz neue Farben sorgen w\u00fcrde.<\/p>\n<h3 style=\"margin-bottom: 14.2pt;\">Open-Air in der Altstadt<\/h3>\n<p style=\"margin-bottom: 14.2pt;\">Seit drei Jahren hat eine Open-Air-B\u00fchne mitten in der Bozener Altstadt dem Festival eine neue Zentriertheit gegeben, was naturgem\u00e4\u00df der Anziehungskraft in der Stadtgesellschaft gut tut. Noch nicht spruchreif, aber leider denkbar ist, dass diese Freiluftb\u00fchne im Kapuzinerpark im n\u00e4chsten Jahr schon wieder Geschichte sein k\u00f6nnte, weil m\u00f6glicherweise ein st\u00e4dtisches Bebauungsprojekt dazwischenfunken k\u00f6nnte. Wohlgemerkt \u201ek\u00f6nnte\u201c. Hoffnungsvoll stimmt die gro\u00dfe Motiviertheit und Kreativit\u00e4t des neuen Leitungsteams. Max von Preetz, Roberto Tubaro und Stefan Festini Cucco werden bestimmt weiterhin gute L\u00f6sungen finden, um die Einzigartigkeit dieses Festivals in die Zukunft zu tragen.<\/p>\n<p style=\"margin-bottom: 14.2pt;\">Text und Fotos: Stefan Pieper<\/p>\n<p><a href=\"http:\/\/www.suedtiroljazzfestival.com\/\">www.suedtiroljazzfestival.com\/<\/a><\/p>\n","protected":false},"excerpt":{"rendered":"<p>Von Stefan Pieper. Auch die zweite H\u00e4lfte des S\u00fcdtirol Jazzfestival Alto Adige bot eine breite Vielschichtigkeit und immer wieder hochmotivierte, betont \u201eauthentisch\u201c agierende Bands, die mit ihrem versunken lauschenden Publikum in anregender Atmosph\u00e4re zu einem Ganzen verschmolzen. Lohn f\u00fcr das ganze Engagement der zahllosen Bands und Musiker und ebenso des Festivalteams: Schon am vorletzten Abend war klar, dass diese Ausgabe einen Publikumsrekord verzeichnen w\u00fcrde. Im satten Gr\u00fcn der Weinberge Mitten in der Bozener City unweit des Hauptbahnhofes startet eine Seilbahn hinauf nach \u201eOberbozen\u201c, das eigentlich nur eine Ansammlung kleinerer D\u00f6rfer, zahlreicher Gastro- und Hotelbetriebe aber auch vieler verstreuter Siedlungen ist. Die Seilbahn wird von zahlreichen Bewohnerinnen und -bewohnern als Pendel-Verkehrsmittel zur gro\u00dfen Stadt genutzt. Und so transportiert sie auch das Publikum beim S\u00fcdtirol Jazzfestival Alto Adige zu einer Neben-Location des Festivals. Aus milchigen Wolkenschleiern erhebt sich das m\u00e4chtige Schlern-Massiv, w\u00e4hrend die Weinberge in sattes Gr\u00fcn getaucht sind. Die Luft riecht immer noch etwas nach der Regenfront, die jetzt aber endlich vor\u00fcber ist. Das ist die Stunde des Shuteen Erdenebaatar Quartetts. Hinter diesem exotischen Namen verbirgt sich eine extrem ausgeschlafene Combo aus M\u00fcnchen, begr\u00fcndet von der &hellip;<\/p>\n","protected":false},"author":18,"featured_media":29770,"comment_status":"open","ping_status":"closed","sticky":false,"template":"","format":"standard","meta":{"_jetpack_memberships_contains_paid_content":false,"footnotes":"","jetpack_publicize_message":"","jetpack_publicize_feature_enabled":true,"jetpack_social_post_already_shared":false,"jetpack_social_options":{"image_generator_settings":{"template":"highway","default_image_id":0,"font":"","enabled":false},"version":2}},"categories":[1053],"tags":[5070,1197,5073,3564,5075,5074,294,2861,5072,5071,4701,4702,1129,4211],"coauthors":[695],"class_list":["post-29768","post","type-post","status-publish","format-standard","has-post-thumbnail","hentry","category-bericht","tag-5070","tag-bericht","tag-dan-kinzelmann","tag-edi-nulz","tag-filippo-vignato","tag-glauco-benedetti","tag-jazzzeitung","tag-jazzzeitung-de","tag-mabe-fratti","tag-max-von-preetz","tag-roberto-tubaro","tag-stefan-festini-cucco","tag-stefan-pieper","tag-suedtirol-jazzfestival-alto-adige"],"yoast_head":"<!-- This site is optimized with the Yoast SEO plugin v27.5 - https:\/\/yoast.com\/product\/yoast-seo-wordpress\/ -->\n<title>Mit Liebe bei der Sache - das S\u00fcdtirol Jazzfestival Alto Adige - JazzZeitung<\/title>\n<meta name=\"robots\" content=\"index, follow, max-snippet:-1, max-image-preview:large, max-video-preview:-1\" \/>\n<link rel=\"canonical\" href=\"https:\/\/www.jazzzeitung.de\/cms\/2023\/07\/mit-liebe-bei-der-sache-das-suedtirol-jazzfestival-alto-adige\/\" \/>\n<meta property=\"og:locale\" content=\"de_DE\" \/>\n<meta property=\"og:type\" content=\"article\" \/>\n<meta property=\"og:title\" content=\"Mit Liebe bei der Sache - das S\u00fcdtirol Jazzfestival Alto Adige - JazzZeitung\" \/>\n<meta property=\"og:description\" content=\"Von Stefan Pieper. Auch die zweite H\u00e4lfte des S\u00fcdtirol Jazzfestival Alto Adige bot eine breite Vielschichtigkeit und immer wieder hochmotivierte, betont \u201eauthentisch\u201c agierende Bands, die mit ihrem versunken lauschenden Publikum in anregender Atmosph\u00e4re zu einem Ganzen verschmolzen. Lohn f\u00fcr das ganze Engagement der zahllosen Bands und Musiker und ebenso des Festivalteams: Schon am vorletzten Abend war klar, dass diese Ausgabe einen Publikumsrekord verzeichnen w\u00fcrde. Im satten Gr\u00fcn der Weinberge Mitten in der Bozener City unweit des Hauptbahnhofes startet eine Seilbahn hinauf nach \u201eOberbozen\u201c, das eigentlich nur eine Ansammlung kleinerer D\u00f6rfer, zahlreicher Gastro- und Hotelbetriebe aber auch vieler verstreuter Siedlungen ist. Die Seilbahn wird von zahlreichen Bewohnerinnen und -bewohnern als Pendel-Verkehrsmittel zur gro\u00dfen Stadt genutzt. Und so transportiert sie auch das Publikum beim S\u00fcdtirol Jazzfestival Alto Adige zu einer Neben-Location des Festivals. Aus milchigen Wolkenschleiern erhebt sich das m\u00e4chtige Schlern-Massiv, w\u00e4hrend die Weinberge in sattes Gr\u00fcn getaucht sind. Die Luft riecht immer noch etwas nach der Regenfront, die jetzt aber endlich vor\u00fcber ist. Das ist die Stunde des Shuteen Erdenebaatar Quartetts. Hinter diesem exotischen Namen verbirgt sich eine extrem ausgeschlafene Combo aus M\u00fcnchen, begr\u00fcndet von der &hellip;\" \/>\n<meta property=\"og:url\" content=\"https:\/\/www.jazzzeitung.de\/cms\/2023\/07\/mit-liebe-bei-der-sache-das-suedtirol-jazzfestival-alto-adige\/\" \/>\n<meta property=\"og:site_name\" content=\"JazzZeitung\" \/>\n<meta property=\"article:publisher\" content=\"https:\/\/www.facebook.com\/JazzZeitung\/\" \/>\n<meta property=\"article:published_time\" content=\"2023-07-12T03:53:05+00:00\" \/>\n<meta property=\"og:image\" content=\"https:\/\/i0.wp.com\/www.jazzzeitung.de\/cms\/wp-content\/uploads\/2023\/07\/DSC09661-scaled.jpg?fit=2560%2C1439&ssl=1\" \/>\n\t<meta property=\"og:image:width\" content=\"2560\" \/>\n\t<meta property=\"og:image:height\" content=\"1439\" \/>\n\t<meta property=\"og:image:type\" content=\"image\/jpeg\" \/>\n<meta name=\"author\" content=\"Redaktion JazzZeitung\" \/>\n<script type=\"application\/ld+json\" class=\"yoast-schema-graph\">{\"@context\":\"https:\\\/\\\/schema.org\",\"@graph\":[{\"@type\":\"Article\",\"@id\":\"https:\\\/\\\/www.jazzzeitung.de\\\/cms\\\/2023\\\/07\\\/mit-liebe-bei-der-sache-das-suedtirol-jazzfestival-alto-adige\\\/#article\",\"isPartOf\":{\"@id\":\"https:\\\/\\\/www.jazzzeitung.de\\\/cms\\\/2023\\\/07\\\/mit-liebe-bei-der-sache-das-suedtirol-jazzfestival-alto-adige\\\/\"},\"author\":{\"name\":\"Redaktion JazzZeitung\",\"@id\":\"https:\\\/\\\/www.jazzzeitung.de\\\/cms\\\/#\\\/schema\\\/person\\\/2245b36b9cd1d24cea10f01c031fb92b\"},\"headline\":\"Mit Liebe bei der Sache &#8211; das S\u00fcdtirol Jazzfestival Alto Adige\",\"datePublished\":\"2023-07-12T03:53:05+00:00\",\"mainEntityOfPage\":{\"@id\":\"https:\\\/\\\/www.jazzzeitung.de\\\/cms\\\/2023\\\/07\\\/mit-liebe-bei-der-sache-das-suedtirol-jazzfestival-alto-adige\\\/\"},\"wordCount\":882,\"commentCount\":0,\"publisher\":{\"@id\":\"https:\\\/\\\/www.jazzzeitung.de\\\/cms\\\/#organization\"},\"image\":{\"@id\":\"https:\\\/\\\/www.jazzzeitung.de\\\/cms\\\/2023\\\/07\\\/mit-liebe-bei-der-sache-das-suedtirol-jazzfestival-alto-adige\\\/#primaryimage\"},\"thumbnailUrl\":\"https:\\\/\\\/i0.wp.com\\\/www.jazzzeitung.de\\\/cms\\\/wp-content\\\/uploads\\\/2023\\\/07\\\/DSC09661-scaled.jpg?fit=2560%2C1439&ssl=1\",\"keywords\":[\"2023\",\"Bericht\",\"Dan Kinzelmann\",\"Edi Nulz\",\"Filippo Vignato\",\"Glauco Benedetti\",\"Jazzzeitung\",\"JazzZeitung.de\",\"Mabe Fratti\",\"Max von Preetz\",\"Roberto Tubaro\",\"Stefan Festini cucco\",\"Stefan Pieper\",\"S\u00fcdtirol Jazzfestival Alto Adige\"],\"articleSection\":[\"Bericht\"],\"inLanguage\":\"de\",\"potentialAction\":[{\"@type\":\"CommentAction\",\"name\":\"Comment\",\"target\":[\"https:\\\/\\\/www.jazzzeitung.de\\\/cms\\\/2023\\\/07\\\/mit-liebe-bei-der-sache-das-suedtirol-jazzfestival-alto-adige\\\/#respond\"]}]},{\"@type\":\"WebPage\",\"@id\":\"https:\\\/\\\/www.jazzzeitung.de\\\/cms\\\/2023\\\/07\\\/mit-liebe-bei-der-sache-das-suedtirol-jazzfestival-alto-adige\\\/\",\"url\":\"https:\\\/\\\/www.jazzzeitung.de\\\/cms\\\/2023\\\/07\\\/mit-liebe-bei-der-sache-das-suedtirol-jazzfestival-alto-adige\\\/\",\"name\":\"Mit Liebe bei der Sache - das S\u00fcdtirol Jazzfestival Alto Adige - JazzZeitung\",\"isPartOf\":{\"@id\":\"https:\\\/\\\/www.jazzzeitung.de\\\/cms\\\/#website\"},\"primaryImageOfPage\":{\"@id\":\"https:\\\/\\\/www.jazzzeitung.de\\\/cms\\\/2023\\\/07\\\/mit-liebe-bei-der-sache-das-suedtirol-jazzfestival-alto-adige\\\/#primaryimage\"},\"image\":{\"@id\":\"https:\\\/\\\/www.jazzzeitung.de\\\/cms\\\/2023\\\/07\\\/mit-liebe-bei-der-sache-das-suedtirol-jazzfestival-alto-adige\\\/#primaryimage\"},\"thumbnailUrl\":\"https:\\\/\\\/i0.wp.com\\\/www.jazzzeitung.de\\\/cms\\\/wp-content\\\/uploads\\\/2023\\\/07\\\/DSC09661-scaled.jpg?fit=2560%2C1439&ssl=1\",\"datePublished\":\"2023-07-12T03:53:05+00:00\",\"breadcrumb\":{\"@id\":\"https:\\\/\\\/www.jazzzeitung.de\\\/cms\\\/2023\\\/07\\\/mit-liebe-bei-der-sache-das-suedtirol-jazzfestival-alto-adige\\\/#breadcrumb\"},\"inLanguage\":\"de\",\"potentialAction\":[{\"@type\":\"ReadAction\",\"target\":[\"https:\\\/\\\/www.jazzzeitung.de\\\/cms\\\/2023\\\/07\\\/mit-liebe-bei-der-sache-das-suedtirol-jazzfestival-alto-adige\\\/\"]}]},{\"@type\":\"ImageObject\",\"inLanguage\":\"de\",\"@id\":\"https:\\\/\\\/www.jazzzeitung.de\\\/cms\\\/2023\\\/07\\\/mit-liebe-bei-der-sache-das-suedtirol-jazzfestival-alto-adige\\\/#primaryimage\",\"url\":\"https:\\\/\\\/i0.wp.com\\\/www.jazzzeitung.de\\\/cms\\\/wp-content\\\/uploads\\\/2023\\\/07\\\/DSC09661-scaled.jpg?fit=2560%2C1439&ssl=1\",\"contentUrl\":\"https:\\\/\\\/i0.wp.com\\\/www.jazzzeitung.de\\\/cms\\\/wp-content\\\/uploads\\\/2023\\\/07\\\/DSC09661-scaled.jpg?fit=2560%2C1439&ssl=1\",\"width\":2560,\"height\":1439,\"caption\":\"Foto: Stefan Pieper\"},{\"@type\":\"BreadcrumbList\",\"@id\":\"https:\\\/\\\/www.jazzzeitung.de\\\/cms\\\/2023\\\/07\\\/mit-liebe-bei-der-sache-das-suedtirol-jazzfestival-alto-adige\\\/#breadcrumb\",\"itemListElement\":[{\"@type\":\"ListItem\",\"position\":1,\"name\":\"Startseite\",\"item\":\"https:\\\/\\\/www.jazzzeitung.de\\\/cms\\\/\"},{\"@type\":\"ListItem\",\"position\":2,\"name\":\"Mit Liebe bei der Sache &#8211; das S\u00fcdtirol Jazzfestival Alto Adige\"}]},{\"@type\":\"WebSite\",\"@id\":\"https:\\\/\\\/www.jazzzeitung.de\\\/cms\\\/#website\",\"url\":\"https:\\\/\\\/www.jazzzeitung.de\\\/cms\\\/\",\"name\":\"JazzZeitung\",\"description\":\"Jazz-News und Jazz-Kontroverses\",\"publisher\":{\"@id\":\"https:\\\/\\\/www.jazzzeitung.de\\\/cms\\\/#organization\"},\"potentialAction\":[{\"@type\":\"SearchAction\",\"target\":{\"@type\":\"EntryPoint\",\"urlTemplate\":\"https:\\\/\\\/www.jazzzeitung.de\\\/cms\\\/?s={search_term_string}\"},\"query-input\":{\"@type\":\"PropertyValueSpecification\",\"valueRequired\":true,\"valueName\":\"search_term_string\"}}],\"inLanguage\":\"de\"},{\"@type\":\"Organization\",\"@id\":\"https:\\\/\\\/www.jazzzeitung.de\\\/cms\\\/#organization\",\"name\":\"JazzZeitung online\",\"url\":\"https:\\\/\\\/www.jazzzeitung.de\\\/cms\\\/\",\"logo\":{\"@type\":\"ImageObject\",\"inLanguage\":\"de\",\"@id\":\"https:\\\/\\\/www.jazzzeitung.de\\\/cms\\\/#\\\/schema\\\/logo\\\/image\\\/\",\"url\":\"https:\\\/\\\/i0.wp.com\\\/www.jazzzeitung.de\\\/cms\\\/wp-content\\\/uploads\\\/2015\\\/08\\\/JAZZZEITUNGDE_Logo_Neu.png?fit=499%2C200&ssl=1\",\"contentUrl\":\"https:\\\/\\\/i0.wp.com\\\/www.jazzzeitung.de\\\/cms\\\/wp-content\\\/uploads\\\/2015\\\/08\\\/JAZZZEITUNGDE_Logo_Neu.png?fit=499%2C200&ssl=1\",\"width\":499,\"height\":200,\"caption\":\"JazzZeitung online\"},\"image\":{\"@id\":\"https:\\\/\\\/www.jazzzeitung.de\\\/cms\\\/#\\\/schema\\\/logo\\\/image\\\/\"},\"sameAs\":[\"https:\\\/\\\/www.facebook.com\\\/JazzZeitung\\\/\"]},{\"@type\":\"Person\",\"@id\":\"https:\\\/\\\/www.jazzzeitung.de\\\/cms\\\/#\\\/schema\\\/person\\\/2245b36b9cd1d24cea10f01c031fb92b\",\"name\":\"Redaktion JazzZeitung\",\"image\":{\"@type\":\"ImageObject\",\"inLanguage\":\"de\",\"@id\":\"https:\\\/\\\/i0.wp.com\\\/www.jazzzeitung.de\\\/cms\\\/wp-content\\\/uploads\\\/2015\\\/08\\\/JAZZZEITUNGDE_Logo_Neu.png?resize=96%2C96&ssl=159975dcacb611b5700bd619b5daf0a7a\",\"url\":\"https:\\\/\\\/i0.wp.com\\\/www.jazzzeitung.de\\\/cms\\\/wp-content\\\/uploads\\\/2015\\\/08\\\/JAZZZEITUNGDE_Logo_Neu.png?resize=96%2C96&ssl=1\",\"contentUrl\":\"https:\\\/\\\/i0.wp.com\\\/www.jazzzeitung.de\\\/cms\\\/wp-content\\\/uploads\\\/2015\\\/08\\\/JAZZZEITUNGDE_Logo_Neu.png?resize=96%2C96&ssl=1\",\"caption\":\"Redaktion JazzZeitung\"},\"description\":\"Artikel der Redaktion der JazzZeitung.\",\"sameAs\":[\"http:\\\/\\\/www.jazzzeitung.de\\\/cms\\\/\"],\"url\":\"https:\\\/\\\/www.jazzzeitung.de\\\/cms\\\/author\\\/redaktion\\\/\"}]}<\/script>\n<!-- \/ Yoast SEO plugin. -->","yoast_head_json":{"title":"Mit Liebe bei der Sache - das S\u00fcdtirol Jazzfestival Alto Adige - JazzZeitung","robots":{"index":"index","follow":"follow","max-snippet":"max-snippet:-1","max-image-preview":"max-image-preview:large","max-video-preview":"max-video-preview:-1"},"canonical":"https:\/\/www.jazzzeitung.de\/cms\/2023\/07\/mit-liebe-bei-der-sache-das-suedtirol-jazzfestival-alto-adige\/","og_locale":"de_DE","og_type":"article","og_title":"Mit Liebe bei der Sache - das S\u00fcdtirol Jazzfestival Alto Adige - JazzZeitung","og_description":"Von Stefan Pieper. Auch die zweite H\u00e4lfte des S\u00fcdtirol Jazzfestival Alto Adige bot eine breite Vielschichtigkeit und immer wieder hochmotivierte, betont \u201eauthentisch\u201c agierende Bands, die mit ihrem versunken lauschenden Publikum in anregender Atmosph\u00e4re zu einem Ganzen verschmolzen. Lohn f\u00fcr das ganze Engagement der zahllosen Bands und Musiker und ebenso des Festivalteams: Schon am vorletzten Abend war klar, dass diese Ausgabe einen Publikumsrekord verzeichnen w\u00fcrde. Im satten Gr\u00fcn der Weinberge Mitten in der Bozener City unweit des Hauptbahnhofes startet eine Seilbahn hinauf nach \u201eOberbozen\u201c, das eigentlich nur eine Ansammlung kleinerer D\u00f6rfer, zahlreicher Gastro- und Hotelbetriebe aber auch vieler verstreuter Siedlungen ist. Die Seilbahn wird von zahlreichen Bewohnerinnen und -bewohnern als Pendel-Verkehrsmittel zur gro\u00dfen Stadt genutzt. Und so transportiert sie auch das Publikum beim S\u00fcdtirol Jazzfestival Alto Adige zu einer Neben-Location des Festivals. Aus milchigen Wolkenschleiern erhebt sich das m\u00e4chtige Schlern-Massiv, w\u00e4hrend die Weinberge in sattes Gr\u00fcn getaucht sind. Die Luft riecht immer noch etwas nach der Regenfront, die jetzt aber endlich vor\u00fcber ist. Das ist die Stunde des Shuteen Erdenebaatar Quartetts. Hinter diesem exotischen Namen verbirgt sich eine extrem ausgeschlafene Combo aus M\u00fcnchen, begr\u00fcndet von der &hellip;","og_url":"https:\/\/www.jazzzeitung.de\/cms\/2023\/07\/mit-liebe-bei-der-sache-das-suedtirol-jazzfestival-alto-adige\/","og_site_name":"JazzZeitung","article_publisher":"https:\/\/www.facebook.com\/JazzZeitung\/","article_published_time":"2023-07-12T03:53:05+00:00","og_image":[{"width":2560,"height":1439,"url":"https:\/\/i0.wp.com\/www.jazzzeitung.de\/cms\/wp-content\/uploads\/2023\/07\/DSC09661-scaled.jpg?fit=2560%2C1439&ssl=1","type":"image\/jpeg"}],"author":"Redaktion JazzZeitung","schema":{"@context":"https:\/\/schema.org","@graph":[{"@type":"Article","@id":"https:\/\/www.jazzzeitung.de\/cms\/2023\/07\/mit-liebe-bei-der-sache-das-suedtirol-jazzfestival-alto-adige\/#article","isPartOf":{"@id":"https:\/\/www.jazzzeitung.de\/cms\/2023\/07\/mit-liebe-bei-der-sache-das-suedtirol-jazzfestival-alto-adige\/"},"author":{"name":"Redaktion JazzZeitung","@id":"https:\/\/www.jazzzeitung.de\/cms\/#\/schema\/person\/2245b36b9cd1d24cea10f01c031fb92b"},"headline":"Mit Liebe bei der Sache &#8211; das S\u00fcdtirol Jazzfestival Alto Adige","datePublished":"2023-07-12T03:53:05+00:00","mainEntityOfPage":{"@id":"https:\/\/www.jazzzeitung.de\/cms\/2023\/07\/mit-liebe-bei-der-sache-das-suedtirol-jazzfestival-alto-adige\/"},"wordCount":882,"commentCount":0,"publisher":{"@id":"https:\/\/www.jazzzeitung.de\/cms\/#organization"},"image":{"@id":"https:\/\/www.jazzzeitung.de\/cms\/2023\/07\/mit-liebe-bei-der-sache-das-suedtirol-jazzfestival-alto-adige\/#primaryimage"},"thumbnailUrl":"https:\/\/i0.wp.com\/www.jazzzeitung.de\/cms\/wp-content\/uploads\/2023\/07\/DSC09661-scaled.jpg?fit=2560%2C1439&ssl=1","keywords":["2023","Bericht","Dan Kinzelmann","Edi Nulz","Filippo Vignato","Glauco Benedetti","Jazzzeitung","JazzZeitung.de","Mabe Fratti","Max von Preetz","Roberto Tubaro","Stefan Festini cucco","Stefan Pieper","S\u00fcdtirol Jazzfestival Alto Adige"],"articleSection":["Bericht"],"inLanguage":"de","potentialAction":[{"@type":"CommentAction","name":"Comment","target":["https:\/\/www.jazzzeitung.de\/cms\/2023\/07\/mit-liebe-bei-der-sache-das-suedtirol-jazzfestival-alto-adige\/#respond"]}]},{"@type":"WebPage","@id":"https:\/\/www.jazzzeitung.de\/cms\/2023\/07\/mit-liebe-bei-der-sache-das-suedtirol-jazzfestival-alto-adige\/","url":"https:\/\/www.jazzzeitung.de\/cms\/2023\/07\/mit-liebe-bei-der-sache-das-suedtirol-jazzfestival-alto-adige\/","name":"Mit Liebe bei der Sache - das S\u00fcdtirol Jazzfestival Alto Adige - JazzZeitung","isPartOf":{"@id":"https:\/\/www.jazzzeitung.de\/cms\/#website"},"primaryImageOfPage":{"@id":"https:\/\/www.jazzzeitung.de\/cms\/2023\/07\/mit-liebe-bei-der-sache-das-suedtirol-jazzfestival-alto-adige\/#primaryimage"},"image":{"@id":"https:\/\/www.jazzzeitung.de\/cms\/2023\/07\/mit-liebe-bei-der-sache-das-suedtirol-jazzfestival-alto-adige\/#primaryimage"},"thumbnailUrl":"https:\/\/i0.wp.com\/www.jazzzeitung.de\/cms\/wp-content\/uploads\/2023\/07\/DSC09661-scaled.jpg?fit=2560%2C1439&ssl=1","datePublished":"2023-07-12T03:53:05+00:00","breadcrumb":{"@id":"https:\/\/www.jazzzeitung.de\/cms\/2023\/07\/mit-liebe-bei-der-sache-das-suedtirol-jazzfestival-alto-adige\/#breadcrumb"},"inLanguage":"de","potentialAction":[{"@type":"ReadAction","target":["https:\/\/www.jazzzeitung.de\/cms\/2023\/07\/mit-liebe-bei-der-sache-das-suedtirol-jazzfestival-alto-adige\/"]}]},{"@type":"ImageObject","inLanguage":"de","@id":"https:\/\/www.jazzzeitung.de\/cms\/2023\/07\/mit-liebe-bei-der-sache-das-suedtirol-jazzfestival-alto-adige\/#primaryimage","url":"https:\/\/i0.wp.com\/www.jazzzeitung.de\/cms\/wp-content\/uploads\/2023\/07\/DSC09661-scaled.jpg?fit=2560%2C1439&ssl=1","contentUrl":"https:\/\/i0.wp.com\/www.jazzzeitung.de\/cms\/wp-content\/uploads\/2023\/07\/DSC09661-scaled.jpg?fit=2560%2C1439&ssl=1","width":2560,"height":1439,"caption":"Foto: Stefan Pieper"},{"@type":"BreadcrumbList","@id":"https:\/\/www.jazzzeitung.de\/cms\/2023\/07\/mit-liebe-bei-der-sache-das-suedtirol-jazzfestival-alto-adige\/#breadcrumb","itemListElement":[{"@type":"ListItem","position":1,"name":"Startseite","item":"https:\/\/www.jazzzeitung.de\/cms\/"},{"@type":"ListItem","position":2,"name":"Mit Liebe bei der Sache &#8211; das S\u00fcdtirol Jazzfestival Alto Adige"}]},{"@type":"WebSite","@id":"https:\/\/www.jazzzeitung.de\/cms\/#website","url":"https:\/\/www.jazzzeitung.de\/cms\/","name":"JazzZeitung","description":"Jazz-News und Jazz-Kontroverses","publisher":{"@id":"https:\/\/www.jazzzeitung.de\/cms\/#organization"},"potentialAction":[{"@type":"SearchAction","target":{"@type":"EntryPoint","urlTemplate":"https:\/\/www.jazzzeitung.de\/cms\/?s={search_term_string}"},"query-input":{"@type":"PropertyValueSpecification","valueRequired":true,"valueName":"search_term_string"}}],"inLanguage":"de"},{"@type":"Organization","@id":"https:\/\/www.jazzzeitung.de\/cms\/#organization","name":"JazzZeitung online","url":"https:\/\/www.jazzzeitung.de\/cms\/","logo":{"@type":"ImageObject","inLanguage":"de","@id":"https:\/\/www.jazzzeitung.de\/cms\/#\/schema\/logo\/image\/","url":"https:\/\/i0.wp.com\/www.jazzzeitung.de\/cms\/wp-content\/uploads\/2015\/08\/JAZZZEITUNGDE_Logo_Neu.png?fit=499%2C200&ssl=1","contentUrl":"https:\/\/i0.wp.com\/www.jazzzeitung.de\/cms\/wp-content\/uploads\/2015\/08\/JAZZZEITUNGDE_Logo_Neu.png?fit=499%2C200&ssl=1","width":499,"height":200,"caption":"JazzZeitung online"},"image":{"@id":"https:\/\/www.jazzzeitung.de\/cms\/#\/schema\/logo\/image\/"},"sameAs":["https:\/\/www.facebook.com\/JazzZeitung\/"]},{"@type":"Person","@id":"https:\/\/www.jazzzeitung.de\/cms\/#\/schema\/person\/2245b36b9cd1d24cea10f01c031fb92b","name":"Redaktion JazzZeitung","image":{"@type":"ImageObject","inLanguage":"de","@id":"https:\/\/i0.wp.com\/www.jazzzeitung.de\/cms\/wp-content\/uploads\/2015\/08\/JAZZZEITUNGDE_Logo_Neu.png?resize=96%2C96&ssl=159975dcacb611b5700bd619b5daf0a7a","url":"https:\/\/i0.wp.com\/www.jazzzeitung.de\/cms\/wp-content\/uploads\/2015\/08\/JAZZZEITUNGDE_Logo_Neu.png?resize=96%2C96&ssl=1","contentUrl":"https:\/\/i0.wp.com\/www.jazzzeitung.de\/cms\/wp-content\/uploads\/2015\/08\/JAZZZEITUNGDE_Logo_Neu.png?resize=96%2C96&ssl=1","caption":"Redaktion JazzZeitung"},"description":"Artikel der Redaktion der JazzZeitung.","sameAs":["http:\/\/www.jazzzeitung.de\/cms\/"],"url":"https:\/\/www.jazzzeitung.de\/cms\/author\/redaktion\/"}]}},"wp-worthy-pixel":{"ignored":false,"public":null,"server":null,"url":null},"wp-worthy-type":"normal","jetpack_publicize_connections":[],"cc_featured_image_caption":{"caption_text":"","source_text":"","source_url":""},"jetpack_featured_media_url":"https:\/\/i0.wp.com\/www.jazzzeitung.de\/cms\/wp-content\/uploads\/2023\/07\/DSC09661-scaled.jpg?fit=2560%2C1439&ssl=1","jetpack_shortlink":"https:\/\/wp.me\/p3KEcT-7K8","jetpack-related-posts":[{"id":29703,"url":"https:\/\/www.jazzzeitung.de\/cms\/2023\/07\/das-suedtirol-jazzfestival-alto-adige-hat-begonnen\/","url_meta":{"origin":29768,"position":0},"title":"Vielfalt pur \u2013 das S\u00fcdtirol Jazzfestival Alto Adige hat begonnen","author":"Andreas Kolb","date":"4. Juli 2023","format":false,"excerpt":"Seit Jahrhunderten gibt es viele Gr\u00fcnde f\u00fcr einen Deutschen, die Alpen zu \u00fcberqueren. Seit 2004 einen weiteren: Das Jazzfestival S\u00fcdtirol Alto Adige. In diesem Jahr hatte der praktische Arzt, Bergsteiger und Gitarrenmusik- und Jazz-Liebhaber Klaus Widmann das S\u00fcdtirol Jazzfestival von Gr\u00fcnder Nicola Ciardi \u00fcbernommen und machte es \u00fcber die Jahre\u2026","rel":"","context":"In &quot;Bericht&quot;","block_context":{"text":"Bericht","link":"https:\/\/www.jazzzeitung.de\/cms\/thema\/bericht\/"},"img":{"alt_text":"","src":"https:\/\/i0.wp.com\/www.jazzzeitung.de\/cms\/wp-content\/uploads\/2023\/07\/Altoadige-Jazz-2023La-Litanie-des-Cimes.jpg?fit=1200%2C800&ssl=1&resize=350%2C200","width":350,"height":200,"srcset":"https:\/\/i0.wp.com\/www.jazzzeitung.de\/cms\/wp-content\/uploads\/2023\/07\/Altoadige-Jazz-2023La-Litanie-des-Cimes.jpg?fit=1200%2C800&ssl=1&resize=350%2C200 1x, https:\/\/i0.wp.com\/www.jazzzeitung.de\/cms\/wp-content\/uploads\/2023\/07\/Altoadige-Jazz-2023La-Litanie-des-Cimes.jpg?fit=1200%2C800&ssl=1&resize=525%2C300 1.5x, https:\/\/i0.wp.com\/www.jazzzeitung.de\/cms\/wp-content\/uploads\/2023\/07\/Altoadige-Jazz-2023La-Litanie-des-Cimes.jpg?fit=1200%2C800&ssl=1&resize=700%2C400 2x, https:\/\/i0.wp.com\/www.jazzzeitung.de\/cms\/wp-content\/uploads\/2023\/07\/Altoadige-Jazz-2023La-Litanie-des-Cimes.jpg?fit=1200%2C800&ssl=1&resize=1050%2C600 3x"},"classes":[]},{"id":8122,"url":"https:\/\/www.jazzzeitung.de\/cms\/2016\/01\/suedtirol-jazzfestival-alto-adige-2016-startet-die-naechste-runde\/","url_meta":{"origin":29768,"position":1},"title":"Save the Date: S\u00fcdtirol Jazzfestival Alto Adige 2016 startet in die n\u00e4chste Runde","author":"Redaktion JazzZeitung","date":"16. Januar 2016","format":false,"excerpt":"Nach dem Festival ist vor dem Festival: Die Vorbereitungen auf das S\u00fcdtirol Jazzfestival Alto Adige 2016 laufen bereits auf Hochtouren, die Er\u00f6ffnung ist am 24. Juni 2016. Dieses Jahr findet das S\u00fcdtirol Jazzfestival Alto Adige bereits in seiner 34. Auflage statt. Wie jedes Jahr sind auch f\u00fcr das bevorstehende Event\u2026","rel":"","context":"In &quot;News&quot;","block_context":{"text":"News","link":"https:\/\/www.jazzzeitung.de\/cms\/thema\/nachrichten\/"},"img":{"alt_text":"Das 34. S\u00fcdtirol Jazzfestival Alto Adige - dieses Jahr mit dem Schwerpunkt auf \u00d6sterreich und Italien. Foto: G. Pichler","src":"https:\/\/i0.wp.com\/www.jazzzeitung.de\/cms\/wp-content\/uploads\/2016\/01\/SJF15-0701-Waltherplatz-Three-Trapped-Tigers-c-GPichler-14-150x150.jpg?resize=350%2C200","width":350,"height":200},"classes":[]},{"id":29201,"url":"https:\/\/www.jazzzeitung.de\/cms\/2023\/03\/news-jazzfest-rottweil-neue-leitung-beim-jazzfestival-alto-adige-jona-in-abensberg\/","url_meta":{"origin":29768,"position":2},"title":"News: Jazzfest Rottweil +++ Neue Leitung beim Jazzfestival Alto Adige +++ JONA in Abensberg","author":"Redaktion JazzZeitung","date":"8. M\u00e4rz 2023","format":false,"excerpt":"+++ Internationale Musik beim 35. Jazzfest Rottweil +++ Der Mai steht in Rottweil wieder im Zeichen des Jazz. Auch bei der 35. Ausgabe des Festivals strebt das Festival nach einem hochkar\u00e4tigen Programm mit hoher Bandbreite aus. Den Auftakt bildet der 30. April mit mannigfaltiger Livemusik ab 16.00 Uhr in der\u2026","rel":"","context":"In &quot;News&quot;","block_context":{"text":"News","link":"https:\/\/www.jazzzeitung.de\/cms\/thema\/nachrichten\/"},"img":{"alt_text":"","src":"https:\/\/i0.wp.com\/www.jazzzeitung.de\/cms\/wp-content\/uploads\/2023\/03\/2017Klaus-Doldinger31.jpg?fit=1024%2C682&ssl=1&resize=350%2C200","width":350,"height":200,"srcset":"https:\/\/i0.wp.com\/www.jazzzeitung.de\/cms\/wp-content\/uploads\/2023\/03\/2017Klaus-Doldinger31.jpg?fit=1024%2C682&ssl=1&resize=350%2C200 1x, https:\/\/i0.wp.com\/www.jazzzeitung.de\/cms\/wp-content\/uploads\/2023\/03\/2017Klaus-Doldinger31.jpg?fit=1024%2C682&ssl=1&resize=525%2C300 1.5x, https:\/\/i0.wp.com\/www.jazzzeitung.de\/cms\/wp-content\/uploads\/2023\/03\/2017Klaus-Doldinger31.jpg?fit=1024%2C682&ssl=1&resize=700%2C400 2x"},"classes":[]},{"id":22336,"url":"https:\/\/www.jazzzeitung.de\/cms\/2020\/04\/newssuedtirol-jazzfestival-alto-adige-2020-abgesagtmoers-jazzfestival-soll-stattfinden\/","url_meta":{"origin":29768,"position":3},"title":"news+++S\u00fcdtirol Jazzfestival Alto Adige 2020 abgesagt+++Moers Jazzfestival soll stattfinden+++","author":"Redaktion JazzZeitung","date":"11. April 2020","format":false,"excerpt":"Eine weitere Festival-Absage Das S\u00fcdtirol Jazzfestival Alto Adige findet dieses Jahr zum ersten Mal in 38 Jahren nicht statt. Die Pandemie hat auch die Veranstalter in S\u00fcdtirol gezwungen, Festivals, Konzerte usw. abzusagen. Das Programm des Festivals sollte eigentlich eine Reise in den osteurop\u00e4ischen Jazz sein, Name des Themas: \u201eGegen den\u2026","rel":"","context":"In &quot;News&quot;","block_context":{"text":"News","link":"https:\/\/www.jazzzeitung.de\/cms\/thema\/nachrichten\/"},"img":{"alt_text":"","src":"https:\/\/www.jazzzeitung.de\/cms\/wp-content\/uploads\/2020\/03\/Beitragsbild-beschnitten-e1583498329553.bmp","width":350,"height":200,"srcset":"https:\/\/www.jazzzeitung.de\/cms\/wp-content\/uploads\/2020\/03\/Beitragsbild-beschnitten-e1583498329553.bmp 1x, https:\/\/www.jazzzeitung.de\/cms\/wp-content\/uploads\/2020\/03\/Beitragsbild-beschnitten-e1583498329553.bmp 1.5x, https:\/\/www.jazzzeitung.de\/cms\/wp-content\/uploads\/2020\/03\/Beitragsbild-beschnitten-e1583498329553.bmp 2x, https:\/\/www.jazzzeitung.de\/cms\/wp-content\/uploads\/2020\/03\/Beitragsbild-beschnitten-e1583498329553.bmp 3x"},"classes":[]},{"id":12848,"url":"https:\/\/www.jazzzeitung.de\/cms\/2017\/07\/bergklaenge-und-stadtkultur-das-suedtirol-jazzfestival-alto-adige-geht-in-die-35-runde\/","url_meta":{"origin":29768,"position":4},"title":"Bergkl\u00e4nge und Stadtkultur &#8211; das S\u00fcdtirol Jazzfestival Alto Adige geht in die 35. Runde","author":"Redaktion JazzZeitung","date":"3. Juli 2017","format":false,"excerpt":"Klaus Widmann traut sich was. Denn er widersetzt sich als k\u00fcnstlerischer Leiter souver\u00e4n den Gesetzen der Festivalwelt, die in der Regel Aufmerksamkeit \u00fcber Prominenz generiert, und gestaltet das S\u00fcdtirol Jazzfestival Alto Adige \u00fcberwiegend mit Musikern, die erst noch entdeckt werden wollen. \u201eMich interessieren die jungen Leute und ihre Ideen\u201c, meint\u2026","rel":"","context":"In &quot;Bericht&quot;","block_context":{"text":"Bericht","link":"https:\/\/www.jazzzeitung.de\/cms\/thema\/bericht\/"},"img":{"alt_text":"","src":"https:\/\/i0.wp.com\/www.jazzzeitung.de\/cms\/wp-content\/uploads\/2017\/07\/0K3A1103-Reinier-Baas-dombr.jpg?resize=350%2C200","width":350,"height":200,"srcset":"https:\/\/i0.wp.com\/www.jazzzeitung.de\/cms\/wp-content\/uploads\/2017\/07\/0K3A1103-Reinier-Baas-dombr.jpg?resize=350%2C200 1x, https:\/\/i0.wp.com\/www.jazzzeitung.de\/cms\/wp-content\/uploads\/2017\/07\/0K3A1103-Reinier-Baas-dombr.jpg?resize=525%2C300 1.5x, https:\/\/i0.wp.com\/www.jazzzeitung.de\/cms\/wp-content\/uploads\/2017\/07\/0K3A1103-Reinier-Baas-dombr.jpg?resize=700%2C400 2x"},"classes":[]},{"id":8716,"url":"https:\/\/www.jazzzeitung.de\/cms\/2016\/03\/das-suedtirol-jazzfestival-alto-adige-kennt-keine-grenzen\/","url_meta":{"origin":29768,"position":5},"title":"Das S\u00fcdtirol Jazzfestival Alto Adige kennt keine Grenzen&#8230;","author":"Redaktion JazzZeitung","date":"17. M\u00e4rz 2016","format":false,"excerpt":"Zum 34. Mal wird das S\u00fcdtirol Jazzfestival Alto Adige auf die B\u00fchne(n) gebracht \u2013 und bespielt wie in den vergangenen Jahren wiederum ganz S\u00fcdtirol. Von der Er\u00f6ffnung am Freitag, 24. Juni bis zum Abschluss am Sonntag, 3. Juli, zieht der bunte Jazz-Tross auf knapp 60 Schaupl\u00e4tzen in 20 S\u00fcdtiroler Gemeinden\u2026","rel":"","context":"In &quot;News&quot;","block_context":{"text":"News","link":"https:\/\/www.jazzzeitung.de\/cms\/thema\/nachrichten\/"},"img":{"alt_text":"Perhaps Contraption - Ritten. Foto: G. Pichler","src":"https:\/\/i0.wp.com\/www.jazzzeitung.de\/cms\/wp-content\/uploads\/2016\/03\/Perhaps-Contraption-Ritten-c-G.-Pichler-150x150.jpg?resize=350%2C200","width":350,"height":200},"classes":[]}],"jetpack_sharing_enabled":true,"_links":{"self":[{"href":"https:\/\/www.jazzzeitung.de\/cms\/wp-json\/wp\/v2\/posts\/29768","targetHints":{"allow":["GET"]}}],"collection":[{"href":"https:\/\/www.jazzzeitung.de\/cms\/wp-json\/wp\/v2\/posts"}],"about":[{"href":"https:\/\/www.jazzzeitung.de\/cms\/wp-json\/wp\/v2\/types\/post"}],"author":[{"embeddable":true,"href":"https:\/\/www.jazzzeitung.de\/cms\/wp-json\/wp\/v2\/users\/18"}],"replies":[{"embeddable":true,"href":"https:\/\/www.jazzzeitung.de\/cms\/wp-json\/wp\/v2\/comments?post=29768"}],"version-history":[{"count":3,"href":"https:\/\/www.jazzzeitung.de\/cms\/wp-json\/wp\/v2\/posts\/29768\/revisions"}],"predecessor-version":[{"id":29785,"href":"https:\/\/www.jazzzeitung.de\/cms\/wp-json\/wp\/v2\/posts\/29768\/revisions\/29785"}],"wp:featuredmedia":[{"embeddable":true,"href":"https:\/\/www.jazzzeitung.de\/cms\/wp-json\/wp\/v2\/media\/29770"}],"wp:attachment":[{"href":"https:\/\/www.jazzzeitung.de\/cms\/wp-json\/wp\/v2\/media?parent=29768"}],"wp:term":[{"taxonomy":"category","embeddable":true,"href":"https:\/\/www.jazzzeitung.de\/cms\/wp-json\/wp\/v2\/categories?post=29768"},{"taxonomy":"post_tag","embeddable":true,"href":"https:\/\/www.jazzzeitung.de\/cms\/wp-json\/wp\/v2\/tags?post=29768"},{"taxonomy":"author","embeddable":true,"href":"https:\/\/www.jazzzeitung.de\/cms\/wp-json\/wp\/v2\/coauthors?post=29768"}],"curies":[{"name":"wp","href":"https:\/\/api.w.org\/{rel}","templated":true}]}}