{"id":29515,"date":"2023-06-02T14:00:57","date_gmt":"2023-06-02T12:00:57","guid":{"rendered":"https:\/\/www.jazzzeitung.de\/cms\/?p=29515"},"modified":"2023-06-02T15:04:14","modified_gmt":"2023-06-02T13:04:14","slug":"moers-kein-jazzfestival-ein-bericht-von-der-52-festivalausgabe","status":"publish","type":"post","link":"https:\/\/www.jazzzeitung.de\/cms\/2023\/06\/moers-kein-jazzfestival-ein-bericht-von-der-52-festivalausgabe\/","title":{"rendered":"Moers \u2013 (k)ein Jazzfestival? Ein Bericht von der 52. Festivalausgabe"},"content":{"rendered":"<p>&#8222;This is not a jazz festival&#8220; lautete im letzten Jahr das Motto. Aber ist das wirklich so? Vielleicht entsteht Jazz, verstanden als universelle Haltung von Improvisation und kultureller Toleranz, gerade dann, wenn das Wort mit den vier Buchstaben als einengende Schablone wegf\u00e4llt. Weil sich dann die Dinge wieder aneinander reiben k\u00f6nnen.<\/p>\n<p>Da gab vor allem der feierfreudige soziale Kosmos einer Open-Air-B\u00fchne zur blauen Stunde der Musik ganz viel Luft zum Atmen. G\u00fcnter &#8222;Baby&#8220; Sommers &#8222;Brother- and Sisterhood&#8220; klang genau so, wie dieses neue Projekt hei\u00dft. Der aus Dresden stammende Schlagzeuger ist mit fast 80 Jahren ein unerm\u00fcdlicher Ideengeber und Menschenf\u00e4nger. Hier skandierte er, als wenn es ein Rap w\u00e4re, die Lautpoesie des Dadaisten Hugo Ball, die einem seiner aktuellen St\u00fccke mit dem Titel &#8222;Karawane&#8220; zu Grunde liegt. Das gute Dutzend Musikerinnen und Musiker, die einen Querschnitt der deutschen Jazzszene ausmachten, und ebenso ihr Publikum stiegen in all dies und noch viel mehr dankbar ein.<\/p>\n<h3><strong>Drei B\u00fchnen \u2013 drei Aspekte von Livekultur<\/strong><\/h3>\n<p>Seit letztem Jahr gibt sich das Moers-Festival mit unterschiedlichen B\u00fchnen an ganz verschiedenen Orten &#8222;dreigeteilt&#8220;: Die Festivalhalle bietet konzentriertes Zuh\u00f6ren und auch visuelle Inszenierungen, was zum Beispiel bei einem Elektronik-Konzert mit dem &#8222;Recursion&#8220;-Kollektiv nebst opulenter Lasershow aufregende Wirkungen freisetzte. Was das Festival seit letztem Jahr wieder als elementaren Ort f\u00fcr improvisierte Musik ganz besonders &#8222;erdet&#8220; und damit der Gr\u00fcnder-Idee besonders nahe kommt, ist die sogenannte &#8222;Annex-B\u00fchne&#8220;: Umgeben von den n\u00fcchternen Betonw\u00e4nden eines Gymnasiums f\u00f6rdert hier ein perfektes Atrium die Symbiose zwischen improvisierenden Musikern und konzentriert eintauchendem Publikum. Hier die kuratorische Verantwortung an die beteiligten Bands und Projekte abzugeben, ist seitens der Festivalleitung ein sch\u00f6pferischer Akt, um Befreites zu f\u00f6rdern. Und daraus erwuchs vier Tage lang \u00dcberw\u00e4ltigendes, Elementares und Forschendes: Was f\u00fcr eine Intensit\u00e4t entstand im Zusammenspiel zwischen dem kraftvollen Schlagzeuger Simon Camatta, der noiseverliebten Gitarristin Raissa Mehner und der perkussiv zu Werke gehenden Vibrafonistin Salome Amend. Das rockte zuweilen m\u00e4chtig, lie\u00df aber auch feinsinnige Ger\u00e4usch-Symbiosen entstehen. Kammermusikalische Versenkung entstand, als sich Gebhard Ullmann mit einer Cellistin und einem Kontrabassisten vereinte. Musik und tiefe Andacht beim H\u00f6ren. In Echtzeit, ohne Filter.<\/p>\n<div class=\"tiled-gallery type-rectangular tiled-gallery-unresized\" data-original-width=\"840\" data-carousel-extra='{&quot;blog_id&quot;:1,&quot;permalink&quot;:&quot;https:\\\/\\\/www.jazzzeitung.de\\\/cms\\\/2023\\\/06\\\/moers-kein-jazzfestival-ein-bericht-von-der-52-festivalausgabe\\\/&quot;,&quot;likes_blog_id&quot;:55446655}' itemscope itemtype=\"http:\/\/schema.org\/ImageGallery\" > <div class=\"gallery-row\" style=\"width: 840px; height: 647px;\" data-original-width=\"840\" data-original-height=\"647\" > <div class=\"gallery-group images-3\" style=\"width: 313px; height: 647px;\" data-original-width=\"313\" data-original-height=\"647\" > <div class=\"tiled-gallery-item tiled-gallery-item-large\" itemprop=\"associatedMedia\" itemscope itemtype=\"http:\/\/schema.org\/ImageObject\"> <a href=\"https:\/\/www.jazzzeitung.de\/cms\/2023\/06\/moers-kein-jazzfestival-ein-bericht-von-der-52-festivalausgabe\/recursion-foto-marion-kainz1\/\" border=\"0\" itemprop=\"url\"> <meta itemprop=\"width\" content=\"309\"> <meta itemprop=\"height\" content=\"205\"> <img decoding=\"async\" class=\"\" data-attachment-id=\"29520\" data-orig-file=\"https:\/\/www.jazzzeitung.de\/cms\/wp-content\/uploads\/2023\/06\/Recursion-Foto-\u00a9-Marion-Kainz1-scaled.jpg\" data-orig-size=\"2560,1704\" data-comments-opened=\"1\" data-image-meta=\"{&quot;aperture&quot;:&quot;3.5&quot;,&quot;credit&quot;:&quot;Picasa&quot;,&quot;camera&quot;:&quot;SLT-A58&quot;,&quot;caption&quot;:&quot;&quot;,&quot;created_timestamp&quot;:&quot;1470636164&quot;,&quot;copyright&quot;:&quot;&quot;,&quot;focal_length&quot;:&quot;20&quot;,&quot;iso&quot;:&quot;3200&quot;,&quot;shutter_speed&quot;:&quot;0.2&quot;,&quot;title&quot;:&quot;&quot;,&quot;orientation&quot;:&quot;1&quot;}\" data-image-title=\"Recursion Foto \u00a9 Marion Kainz(1)\" data-image-description=\"\" data-medium-file=\"https:\/\/i0.wp.com\/www.jazzzeitung.de\/cms\/wp-content\/uploads\/2023\/06\/Recursion-Foto-%C2%A9-Marion-Kainz1-scaled.jpg?fit=300%2C200&#038;ssl=1\" data-large-file=\"https:\/\/i0.wp.com\/www.jazzzeitung.de\/cms\/wp-content\/uploads\/2023\/06\/Recursion-Foto-%C2%A9-Marion-Kainz1-scaled.jpg?fit=840%2C560&#038;ssl=1\" src=\"https:\/\/i0.wp.com\/www.jazzzeitung.de\/cms\/wp-content\/uploads\/2023\/06\/Recursion-Foto-%C2%A9-Marion-Kainz1-scaled.jpg?w=309&#038;h=205&#038;ssl=1\" width=\"309\" height=\"205\" loading=\"lazy\" data-original-width=\"309\" data-original-height=\"205\" itemprop=\"http:\/\/schema.org\/image\" title=\"Recursion Foto \u00a9 Marion Kainz(1)\" alt=\"Recursion. Foto: Marion Kainz\" style=\"width: 309px; height: 205px;\" \/> <\/a> <div class=\"tiled-gallery-caption\" itemprop=\"caption description\"> Recursion. Foto: Marion Kainz <\/div> <\/div> <div class=\"tiled-gallery-item tiled-gallery-item-large\" itemprop=\"associatedMedia\" itemscope itemtype=\"http:\/\/schema.org\/ImageObject\"> <a href=\"https:\/\/www.jazzzeitung.de\/cms\/2023\/06\/moers-kein-jazzfestival-ein-bericht-von-der-52-festivalausgabe\/recursion-foto-marion-kainz\/\" border=\"0\" itemprop=\"url\"> <meta itemprop=\"width\" content=\"309\"> <meta itemprop=\"height\" content=\"237\"> <img decoding=\"async\" class=\"\" data-attachment-id=\"29521\" data-orig-file=\"https:\/\/www.jazzzeitung.de\/cms\/wp-content\/uploads\/2023\/06\/Recursion-Foto-\u00a9-Marion-Kainz-scaled.jpg\" data-orig-size=\"2560,1965\" data-comments-opened=\"1\" data-image-meta=\"{&quot;aperture&quot;:&quot;3.5&quot;,&quot;credit&quot;:&quot;Picasa&quot;,&quot;camera&quot;:&quot;SLT-A58&quot;,&quot;caption&quot;:&quot;&quot;,&quot;created_timestamp&quot;:&quot;1470634853&quot;,&quot;copyright&quot;:&quot;&quot;,&quot;focal_length&quot;:&quot;18&quot;,&quot;iso&quot;:&quot;3200&quot;,&quot;shutter_speed&quot;:&quot;0.076923076923077&quot;,&quot;title&quot;:&quot;&quot;,&quot;orientation&quot;:&quot;1&quot;}\" data-image-title=\"Recursion Foto \u00a9 Marion Kainz\" data-image-description=\"\" data-medium-file=\"https:\/\/i0.wp.com\/www.jazzzeitung.de\/cms\/wp-content\/uploads\/2023\/06\/Recursion-Foto-%C2%A9-Marion-Kainz-scaled.jpg?fit=300%2C230&#038;ssl=1\" data-large-file=\"https:\/\/i0.wp.com\/www.jazzzeitung.de\/cms\/wp-content\/uploads\/2023\/06\/Recursion-Foto-%C2%A9-Marion-Kainz-scaled.jpg?fit=782%2C600&#038;ssl=1\" src=\"https:\/\/i0.wp.com\/www.jazzzeitung.de\/cms\/wp-content\/uploads\/2023\/06\/Recursion-Foto-%C2%A9-Marion-Kainz-scaled.jpg?w=309&#038;h=237&#038;ssl=1\" width=\"309\" height=\"237\" loading=\"lazy\" data-original-width=\"309\" data-original-height=\"237\" itemprop=\"http:\/\/schema.org\/image\" title=\"Recursion Foto \u00a9 Marion Kainz\" alt=\"Recursion. Foto: Marion Kainz\" style=\"width: 309px; height: 237px;\" \/> <\/a> <div class=\"tiled-gallery-caption\" itemprop=\"caption description\"> Recursion. Foto: Marion Kainz <\/div> <\/div> <div class=\"tiled-gallery-item tiled-gallery-item-large\" itemprop=\"associatedMedia\" itemscope itemtype=\"http:\/\/schema.org\/ImageObject\"> <a href=\"https:\/\/www.jazzzeitung.de\/cms\/2023\/06\/moers-kein-jazzfestival-ein-bericht-von-der-52-festivalausgabe\/mehner-camatta-ahmend-foto-stefan-pieper\/\" border=\"0\" itemprop=\"url\"> <meta itemprop=\"width\" content=\"309\"> <meta itemprop=\"height\" content=\"193\"> <img decoding=\"async\" class=\"\" data-attachment-id=\"29522\" data-orig-file=\"https:\/\/www.jazzzeitung.de\/cms\/wp-content\/uploads\/2023\/06\/Mehner-Camatta-Ahmend-foto-\u00a9-stefan-pieper--scaled.jpg\" data-orig-size=\"2560,1599\" data-comments-opened=\"1\" data-image-meta=\"{&quot;aperture&quot;:&quot;5.6&quot;,&quot;credit&quot;:&quot;Picasa&quot;,&quot;camera&quot;:&quot;SLT-A58&quot;,&quot;caption&quot;:&quot;&quot;,&quot;created_timestamp&quot;:&quot;1470561995&quot;,&quot;copyright&quot;:&quot;&quot;,&quot;focal_length&quot;:&quot;50&quot;,&quot;iso&quot;:&quot;640&quot;,&quot;shutter_speed&quot;:&quot;0.0125&quot;,&quot;title&quot;:&quot;&quot;,&quot;orientation&quot;:&quot;1&quot;}\" data-image-title=\"Mehner, Camatta, Ahmend foto \u00a9 stefan pieper\" data-image-description=\"\" data-medium-file=\"https:\/\/i0.wp.com\/www.jazzzeitung.de\/cms\/wp-content\/uploads\/2023\/06\/Mehner-Camatta-Ahmend-foto-%C2%A9-stefan-pieper--scaled.jpg?fit=300%2C187&#038;ssl=1\" data-large-file=\"https:\/\/i0.wp.com\/www.jazzzeitung.de\/cms\/wp-content\/uploads\/2023\/06\/Mehner-Camatta-Ahmend-foto-%C2%A9-stefan-pieper--scaled.jpg?fit=840%2C525&#038;ssl=1\" src=\"https:\/\/i0.wp.com\/www.jazzzeitung.de\/cms\/wp-content\/uploads\/2023\/06\/Mehner-Camatta-Ahmend-foto-%C2%A9-stefan-pieper--scaled.jpg?w=309&#038;h=193&#038;ssl=1\" width=\"309\" height=\"193\" loading=\"lazy\" data-original-width=\"309\" data-original-height=\"193\" itemprop=\"http:\/\/schema.org\/image\" title=\"Mehner, Camatta, Ahmend foto \u00a9 stefan pieper\" alt=\"Gitarristin Raissa Mehner, Schlagzeuger Simon Camatta und Vibrafonistin Salome Amend. Foto: Marion Kainz\" style=\"width: 309px; height: 193px;\" \/> <\/a> <div class=\"tiled-gallery-caption\" itemprop=\"caption description\"> Gitarristin Raissa Mehner, Schlagzeuger Simon Camatta und Vibrafonistin Salome Amend. Foto: Marion Kainz <\/div> <\/div> <\/div> <!-- close group --> <div class=\"gallery-group images-1\" style=\"width: 527px; height: 647px;\" data-original-width=\"527\" data-original-height=\"647\" > <div class=\"tiled-gallery-item tiled-gallery-item-large\" itemprop=\"associatedMedia\" itemscope itemtype=\"http:\/\/schema.org\/ImageObject\"> <a href=\"https:\/\/www.jazzzeitung.de\/cms\/2023\/06\/moers-kein-jazzfestival-ein-bericht-von-der-52-festivalausgabe\/raissa-mehner-foto-marion-kainz\/\" border=\"0\" itemprop=\"url\"> <meta itemprop=\"width\" content=\"523\"> <meta itemprop=\"height\" content=\"643\"> <img decoding=\"async\" class=\"\" data-attachment-id=\"29523\" data-orig-file=\"https:\/\/www.jazzzeitung.de\/cms\/wp-content\/uploads\/2023\/06\/Raissa-Mehner-foto-\u00a9-Marion-Kainz-scaled.jpg\" data-orig-size=\"2082,2560\" data-comments-opened=\"1\" data-image-meta=\"{&quot;aperture&quot;:&quot;2.8&quot;,&quot;credit&quot;:&quot;Picasa&quot;,&quot;camera&quot;:&quot;SLT-A58&quot;,&quot;caption&quot;:&quot;&quot;,&quot;created_timestamp&quot;:&quot;1470561450&quot;,&quot;copyright&quot;:&quot;&quot;,&quot;focal_length&quot;:&quot;150&quot;,&quot;iso&quot;:&quot;640&quot;,&quot;shutter_speed&quot;:&quot;0.004&quot;,&quot;title&quot;:&quot;&quot;,&quot;orientation&quot;:&quot;1&quot;}\" data-image-title=\"Raissa Mehner foto \u00a9 Marion Kainz\" data-image-description=\"\" data-medium-file=\"https:\/\/i0.wp.com\/www.jazzzeitung.de\/cms\/wp-content\/uploads\/2023\/06\/Raissa-Mehner-foto-%C2%A9-Marion-Kainz-scaled.jpg?fit=244%2C300&#038;ssl=1\" data-large-file=\"https:\/\/i0.wp.com\/www.jazzzeitung.de\/cms\/wp-content\/uploads\/2023\/06\/Raissa-Mehner-foto-%C2%A9-Marion-Kainz-scaled.jpg?fit=488%2C600&#038;ssl=1\" src=\"https:\/\/i0.wp.com\/www.jazzzeitung.de\/cms\/wp-content\/uploads\/2023\/06\/Raissa-Mehner-foto-%C2%A9-Marion-Kainz-scaled.jpg?w=523&#038;h=643&#038;ssl=1\" width=\"523\" height=\"643\" loading=\"lazy\" data-original-width=\"523\" data-original-height=\"643\" itemprop=\"http:\/\/schema.org\/image\" title=\"Raissa Mehner foto \u00a9 Marion Kainz\" alt=\"Gitarristin Raissa Mehner. Foto: Marion Kainz\" style=\"width: 523px; height: 643px;\" \/> <\/a> <div class=\"tiled-gallery-caption\" itemprop=\"caption description\"> Gitarristin Raissa Mehner. Foto: Marion Kainz <\/div> <\/div> <\/div> <!-- close group --> <\/div> <!-- close row --> <\/div>\n<h3><strong>Auf das Besondere ist Verlass<\/strong><\/h3>\n<p>Zahllose Menschen reisen aus aller Welt nach hierhin, eben weil sie darauf vertrauen, dass hier das Besondere stattfindet und das Beliebige drau\u00dfen bleibt. Der Vibrafonist David Friedmann traf auf seinen j\u00fcngeren Kollegen Jim Hart, der gerade in aller Munde ist und auf allen B\u00fchnen Berge versetzt. Befeuert wurde die freie Improvisations-Begegnung der beiden Mallet-Spezialisten vom m\u00e4chtig aufspielenden Schlagzeuger Drori Mondlak.<\/p>\n<p>Faszinierende Tastenkunst bot der Finne Aki Rissanen auf einem elektronisch aufgemotzten Cembalo plus Loopstation. So originell sind wohl noch nie Improvisationen im barocken Stil auf Ambient-Texturen geprallt. Gavin Bryars, ein mittlerweile 80-j\u00e4hriger britischer Gentleman, tauchte mit einem eigenen Ensemble seine Zuh\u00f6rerschaft in einen menschlich w\u00e4rmenden Soundtrack, gipfelnd in einer Endlosschleife, wo alle Instrumente \u00fcber ein in den 1970er Jahren aufgenommenes Lied von einem namenlosen, umherreisenden Tramp meditierten. Ein ber\u00fchrendes Eintauchen in globale Musikkultur forderte das iranische Tember-Ensemble heraus, wo Arabesken und Klangfl\u00e4chen von Fl\u00f6te, Santur nebst dezenter Live-Elektronik ein ergreifendes Gewebe in die Festivalhalle zauberten. Kommend aus einem Land mit gro\u00dfartiger Hochkultur, dessen aktuelles Regime sich aber vor allem um Freiheitsvernichtung &#8222;verdient&#8220; macht, aber Menschen dagegen aufstehen und ermutigt geh\u00f6ren.<\/p>\n<div class=\"tiled-gallery type-rectangular tiled-gallery-unresized\" data-original-width=\"840\" data-carousel-extra='{&quot;blog_id&quot;:1,&quot;permalink&quot;:&quot;https:\\\/\\\/www.jazzzeitung.de\\\/cms\\\/2023\\\/06\\\/moers-kein-jazzfestival-ein-bericht-von-der-52-festivalausgabe\\\/&quot;,&quot;likes_blog_id&quot;:55446655}' itemscope itemtype=\"http:\/\/schema.org\/ImageGallery\" > <div class=\"gallery-row\" style=\"width: 840px; height: 435px;\" data-original-width=\"840\" data-original-height=\"435\" > <div class=\"gallery-group images-1\" style=\"width: 516px; height: 435px;\" data-original-width=\"516\" data-original-height=\"435\" > <div class=\"tiled-gallery-item tiled-gallery-item-large\" itemprop=\"associatedMedia\" itemscope itemtype=\"http:\/\/schema.org\/ImageObject\"> <a href=\"https:\/\/www.jazzzeitung.de\/cms\/2023\/06\/moers-kein-jazzfestival-ein-bericht-von-der-52-festivalausgabe\/david-friedman-foto-marion-kainz\/\" border=\"0\" itemprop=\"url\"> <meta itemprop=\"width\" content=\"512\"> <meta itemprop=\"height\" content=\"431\"> <img decoding=\"async\" class=\"\" data-attachment-id=\"29524\" data-orig-file=\"https:\/\/www.jazzzeitung.de\/cms\/wp-content\/uploads\/2023\/06\/David-Friedman-foto-\u00a9-marion-kainz-scaled.jpg\" data-orig-size=\"2560,2155\" data-comments-opened=\"1\" data-image-meta=\"{&quot;aperture&quot;:&quot;4&quot;,&quot;credit&quot;:&quot;Picasa&quot;,&quot;camera&quot;:&quot;SLT-A58&quot;,&quot;caption&quot;:&quot;&quot;,&quot;created_timestamp&quot;:&quot;1470486329&quot;,&quot;copyright&quot;:&quot;&quot;,&quot;focal_length&quot;:&quot;90&quot;,&quot;iso&quot;:&quot;1600&quot;,&quot;shutter_speed&quot;:&quot;0.00625&quot;,&quot;title&quot;:&quot;&quot;,&quot;orientation&quot;:&quot;1&quot;}\" data-image-title=\"David Friedman foto \u00a9 marion kainz\" data-image-description=\"\" data-medium-file=\"https:\/\/i0.wp.com\/www.jazzzeitung.de\/cms\/wp-content\/uploads\/2023\/06\/David-Friedman-foto-%C2%A9-marion-kainz-scaled.jpg?fit=300%2C253&#038;ssl=1\" data-large-file=\"https:\/\/i0.wp.com\/www.jazzzeitung.de\/cms\/wp-content\/uploads\/2023\/06\/David-Friedman-foto-%C2%A9-marion-kainz-scaled.jpg?fit=713%2C600&#038;ssl=1\" src=\"https:\/\/i0.wp.com\/www.jazzzeitung.de\/cms\/wp-content\/uploads\/2023\/06\/David-Friedman-foto-%C2%A9-marion-kainz-scaled.jpg?w=512&#038;h=431&#038;ssl=1\" width=\"512\" height=\"431\" loading=\"lazy\" data-original-width=\"512\" data-original-height=\"431\" itemprop=\"http:\/\/schema.org\/image\" title=\"David Friedman foto \u00a9 marion kainz\" alt=\"Vibrafonist David Friedmann. Foto: Marion Kainz\" style=\"width: 512px; height: 431px;\" \/> <\/a> <div class=\"tiled-gallery-caption\" itemprop=\"caption description\"> Vibrafonist David Friedmann. Foto: Marion Kainz <\/div> <\/div> <\/div> <!-- close group --> <div class=\"gallery-group images-2\" style=\"width: 324px; height: 435px;\" data-original-width=\"324\" data-original-height=\"435\" > <div class=\"tiled-gallery-item tiled-gallery-item-large\" itemprop=\"associatedMedia\" itemscope itemtype=\"http:\/\/schema.org\/ImageObject\"> <a href=\"https:\/\/www.jazzzeitung.de\/cms\/2023\/06\/moers-kein-jazzfestival-ein-bericht-von-der-52-festivalausgabe\/david-friedman-jim-hart-foto-marion-kainz\/\" border=\"0\" itemprop=\"url\"> <meta itemprop=\"width\" content=\"320\"> <meta itemprop=\"height\" content=\"214\"> <img decoding=\"async\" class=\"\" data-attachment-id=\"29525\" data-orig-file=\"https:\/\/www.jazzzeitung.de\/cms\/wp-content\/uploads\/2023\/06\/David-Friedman-Jim-Hart-\u00a9-foto-marion-kainz-scaled.jpg\" data-orig-size=\"2560,1704\" data-comments-opened=\"1\" data-image-meta=\"{&quot;aperture&quot;:&quot;4&quot;,&quot;credit&quot;:&quot;Picasa&quot;,&quot;camera&quot;:&quot;SLT-A58&quot;,&quot;caption&quot;:&quot;&quot;,&quot;created_timestamp&quot;:&quot;1470485721&quot;,&quot;copyright&quot;:&quot;&quot;,&quot;focal_length&quot;:&quot;135&quot;,&quot;iso&quot;:&quot;2000&quot;,&quot;shutter_speed&quot;:&quot;0.004&quot;,&quot;title&quot;:&quot;&quot;,&quot;orientation&quot;:&quot;1&quot;}\" data-image-title=\"David Friedman, Jim Hart \u00a9 foto marion kainz\" data-image-description=\"\" data-medium-file=\"https:\/\/i0.wp.com\/www.jazzzeitung.de\/cms\/wp-content\/uploads\/2023\/06\/David-Friedman-Jim-Hart-%C2%A9-foto-marion-kainz-scaled.jpg?fit=300%2C200&#038;ssl=1\" data-large-file=\"https:\/\/i0.wp.com\/www.jazzzeitung.de\/cms\/wp-content\/uploads\/2023\/06\/David-Friedman-Jim-Hart-%C2%A9-foto-marion-kainz-scaled.jpg?fit=840%2C560&#038;ssl=1\" src=\"https:\/\/i0.wp.com\/www.jazzzeitung.de\/cms\/wp-content\/uploads\/2023\/06\/David-Friedman-Jim-Hart-%C2%A9-foto-marion-kainz-scaled.jpg?w=320&#038;h=214&#038;ssl=1\" width=\"320\" height=\"214\" loading=\"lazy\" data-original-width=\"320\" data-original-height=\"214\" itemprop=\"http:\/\/schema.org\/image\" title=\"David Friedman, Jim Hart \u00a9 foto marion kainz\" alt=\"David Friedmann und Jim Hart. Foto: Marion Kainz\" style=\"width: 320px; height: 214px;\" \/> <\/a> <div class=\"tiled-gallery-caption\" itemprop=\"caption description\"> David Friedmann und Jim Hart. Foto: Marion Kainz <\/div> <\/div> <div class=\"tiled-gallery-item tiled-gallery-item-large\" itemprop=\"associatedMedia\" itemscope itemtype=\"http:\/\/schema.org\/ImageObject\"> <a href=\"https:\/\/www.jazzzeitung.de\/cms\/2023\/06\/moers-kein-jazzfestival-ein-bericht-von-der-52-festivalausgabe\/jim-hart-foto-marion-kainz\/\" border=\"0\" itemprop=\"url\"> <meta itemprop=\"width\" content=\"320\"> <meta itemprop=\"height\" content=\"213\"> <img decoding=\"async\" class=\"\" data-attachment-id=\"29526\" data-orig-file=\"https:\/\/www.jazzzeitung.de\/cms\/wp-content\/uploads\/2023\/06\/Jim-Hart-foto-\u00a9-marion-kainz-scaled.jpg\" data-orig-size=\"2560,1704\" data-comments-opened=\"1\" data-image-meta=\"{&quot;aperture&quot;:&quot;4&quot;,&quot;credit&quot;:&quot;Picasa&quot;,&quot;camera&quot;:&quot;SLT-A58&quot;,&quot;caption&quot;:&quot;&quot;,&quot;created_timestamp&quot;:&quot;1470485465&quot;,&quot;copyright&quot;:&quot;&quot;,&quot;focal_length&quot;:&quot;90&quot;,&quot;iso&quot;:&quot;500&quot;,&quot;shutter_speed&quot;:&quot;0.00625&quot;,&quot;title&quot;:&quot;&quot;,&quot;orientation&quot;:&quot;1&quot;}\" data-image-title=\"Jim Hart foto \u00a9 marion kainz\" data-image-description=\"\" data-medium-file=\"https:\/\/i0.wp.com\/www.jazzzeitung.de\/cms\/wp-content\/uploads\/2023\/06\/Jim-Hart-foto-%C2%A9-marion-kainz-scaled.jpg?fit=300%2C200&#038;ssl=1\" data-large-file=\"https:\/\/i0.wp.com\/www.jazzzeitung.de\/cms\/wp-content\/uploads\/2023\/06\/Jim-Hart-foto-%C2%A9-marion-kainz-scaled.jpg?fit=840%2C560&#038;ssl=1\" src=\"https:\/\/i0.wp.com\/www.jazzzeitung.de\/cms\/wp-content\/uploads\/2023\/06\/Jim-Hart-foto-%C2%A9-marion-kainz-scaled.jpg?w=320&#038;h=213&#038;ssl=1\" width=\"320\" height=\"213\" loading=\"lazy\" data-original-width=\"320\" data-original-height=\"213\" itemprop=\"http:\/\/schema.org\/image\" title=\"Jim Hart foto \u00a9 marion kainz\" alt=\"Jim Hart. Foto: Marion Kainz\" style=\"width: 320px; height: 213px;\" \/> <\/a> <div class=\"tiled-gallery-caption\" itemprop=\"caption description\"> Jim Hart. Foto: Marion Kainz <\/div> <\/div> <\/div> <!-- close group --> <\/div> <!-- close row --> <div class=\"gallery-row\" style=\"width: 840px; height: 678px;\" data-original-width=\"840\" data-original-height=\"678\" > <div class=\"gallery-group images-1\" style=\"width: 840px; height: 678px;\" data-original-width=\"840\" data-original-height=\"678\" > <div class=\"tiled-gallery-item tiled-gallery-item-large\" itemprop=\"associatedMedia\" itemscope itemtype=\"http:\/\/schema.org\/ImageObject\"> <a href=\"https:\/\/www.jazzzeitung.de\/cms\/2023\/06\/moers-kein-jazzfestival-ein-bericht-von-der-52-festivalausgabe\/aki-rissanen-foto-stefan-pieper\/\" border=\"0\" itemprop=\"url\"> <meta itemprop=\"width\" content=\"836\"> <meta itemprop=\"height\" content=\"674\"> <img decoding=\"async\" class=\"\" data-attachment-id=\"29527\" data-orig-file=\"https:\/\/www.jazzzeitung.de\/cms\/wp-content\/uploads\/2023\/06\/Aki-Rissanen-foto-\u00a9-Stefan-Pieper--scaled.jpg\" data-orig-size=\"2560,2064\" data-comments-opened=\"1\" data-image-meta=\"{&quot;aperture&quot;:&quot;2.8&quot;,&quot;credit&quot;:&quot;Picasa&quot;,&quot;camera&quot;:&quot;SLT-A58&quot;,&quot;caption&quot;:&quot;&quot;,&quot;created_timestamp&quot;:&quot;1470554742&quot;,&quot;copyright&quot;:&quot;&quot;,&quot;focal_length&quot;:&quot;105&quot;,&quot;iso&quot;:&quot;3200&quot;,&quot;shutter_speed&quot;:&quot;0.016666666666667&quot;,&quot;title&quot;:&quot;&quot;,&quot;orientation&quot;:&quot;1&quot;}\" data-image-title=\"Aki Rissanen, foto \u00a9 Stefan Pieper\" data-image-description=\"\" data-medium-file=\"https:\/\/i0.wp.com\/www.jazzzeitung.de\/cms\/wp-content\/uploads\/2023\/06\/Aki-Rissanen-foto-%C2%A9-Stefan-Pieper--scaled.jpg?fit=300%2C242&#038;ssl=1\" data-large-file=\"https:\/\/i0.wp.com\/www.jazzzeitung.de\/cms\/wp-content\/uploads\/2023\/06\/Aki-Rissanen-foto-%C2%A9-Stefan-Pieper--scaled.jpg?fit=744%2C600&#038;ssl=1\" src=\"https:\/\/i0.wp.com\/www.jazzzeitung.de\/cms\/wp-content\/uploads\/2023\/06\/Aki-Rissanen-foto-%C2%A9-Stefan-Pieper--scaled.jpg?w=836&#038;h=674&#038;ssl=1\" width=\"836\" height=\"674\" loading=\"lazy\" data-original-width=\"836\" data-original-height=\"674\" itemprop=\"http:\/\/schema.org\/image\" title=\"Aki Rissanen, foto \u00a9 Stefan Pieper\" alt=\"Aki Rissanen am Cembalo. Foto: Marion Kainz\" style=\"width: 836px; height: 674px;\" \/> <\/a> <div class=\"tiled-gallery-caption\" itemprop=\"caption description\"> Aki Rissanen am Cembalo. Foto: Marion Kainz <\/div> <\/div> <\/div> <!-- close group --> <\/div> <!-- close row --> <\/div>\n<p>Eine aufregende S\u00e4ule im Programm von Moers markieren jene Bands aus dem frankobelgischen Raum, die aus dem dortigen Progressive-Rock-Freejazz-Spektrum sch\u00f6pfen und wo Musikmachen auch immer etwas mit Dreck unter den Fingern\u00e4geln zu tun hat. Za\u00e4ar, der Name dieser belgischen Band klingt schon danach, als wenn er &#8222;kobayanische&#8220; Wurzeln in sich tr\u00e4gt (so nannte die stilpr\u00e4gende franz\u00f6sische Progrock-Band Magma ihre Kunstsprache, in der konsequent gesungen wird). Und ja: In Sachen wucherndem Exotismus, l\u00e4ssiger Krautrock-Psychedelik gepaart mit k\u00fchner Jazz-Akrobatik lie\u00dfen die Belgier solide die Luft brennen. Ebenso war auf eine Gro\u00dfbesetzung mit dem Namen &#8222;Neptunian Maximalism&#8220; Verlass, die ihr Publikum mit einem gitarrenlastigen Wall of Sound narkotisierte. Ein rauschhaftes Finale f\u00fcr eines der freudvollsten, harmonisch ausgewogensten Moers-Festivals in seiner ganzen langen Historie!<\/p>\n<h3><strong>Beh\u00f6rden-Schnellsch\u00fcsse als Stressfaktor f\u00fcrs Orga-Team<\/strong><\/h3>\n<p>Fr\u00fcher vibrierte einmal im Jahr f\u00fcnf Tage und N\u00e4chte der gesamte Park in einer Riesenparty rund um die Uhr. Seit vielen Jahren herrscht nachts Friedhofsruhe, was immer noch etwas befremdlich anmutet f\u00fcr alle, die &#8222;Moers&#8220; von fr\u00fcher als kollektiven Bewussteins(erweiterungs)zustand mitgemacht haben. Durch einen kurzfristigen Gerichtsbeschluss hatten die Stille-Freaks der niederrheinischen Kleinstadt dieses Mal in letzter Minute &#8222;aushandeln&#8220; k\u00f6nnen, dass es noch eine Stunde fr\u00fcher keine Musik und kein Bier mehr gebe. Nur wenige Stunden vor Beginn eines Gro\u00dfereignisses mit weit \u00fcber 100 Konzerten und etwa 250 Auftretenden hat bei solchen Schnellsch\u00fcssen mal wieder der Veranstalter das Nachsehen: Die Mehrarbeit, um kurz vor Beginn des Konzertmarathons nochmal den ganzen eng getakteten Zeitplan umstricken zu m\u00fcssen, haben die Entscheider in den Beh\u00f6rden und ihre Anh\u00e4ngerschaft vermutlich nicht im Blick.<\/p>\n<h3><strong>F\u00fcr den Mainstream hoffnungslos verloren <\/strong><\/h3>\n<p>Auf dem Moers-Festival lebt die hohe Kunst, das Beste aus der Situation zu machen. Auf dem Rodelberg wurde ein kleines Lagerfeuer entz\u00fcndet \u2013 und tats\u00e4chlich stand jetzt ein Fl\u00fcgel dort, wo fr\u00fcher bis zum Hellwerden die Djemben wummerten. Jetzt r\u00fcckten hier alle zusammen, lie\u00dfen sich vom Pianojazz aus den Fingern von Ethan Iverson zum Runterkommen die Seele streicheln. Wieder einer dieser besonderen, singul\u00e4ren Momente.<\/p>\n<div class=\"tiled-gallery type-rectangular tiled-gallery-unresized\" data-original-width=\"840\" data-carousel-extra='{&quot;blog_id&quot;:1,&quot;permalink&quot;:&quot;https:\\\/\\\/www.jazzzeitung.de\\\/cms\\\/2023\\\/06\\\/moers-kein-jazzfestival-ein-bericht-von-der-52-festivalausgabe\\\/&quot;,&quot;likes_blog_id&quot;:55446655}' itemscope itemtype=\"http:\/\/schema.org\/ImageGallery\" > <div class=\"gallery-row\" style=\"width: 840px; height: 593px;\" data-original-width=\"840\" data-original-height=\"593\" > <div class=\"gallery-group images-2\" style=\"width: 444px; height: 593px;\" data-original-width=\"444\" data-original-height=\"593\" > <div class=\"tiled-gallery-item tiled-gallery-item-large\" itemprop=\"associatedMedia\" itemscope itemtype=\"http:\/\/schema.org\/ImageObject\"> <a href=\"https:\/\/www.jazzzeitung.de\/cms\/2023\/06\/moers-kein-jazzfestival-ein-bericht-von-der-52-festivalausgabe\/jookloo-duo-foto-marion-kainz1\/\" border=\"0\" itemprop=\"url\"> <meta itemprop=\"width\" content=\"440\"> <meta itemprop=\"height\" content=\"293\"> <img decoding=\"async\" class=\"\" data-attachment-id=\"29528\" data-orig-file=\"https:\/\/www.jazzzeitung.de\/cms\/wp-content\/uploads\/2023\/06\/Jookloo-Duo-foto-\u00a9-Marion-Kainz1-scaled.jpg\" data-orig-size=\"2560,1704\" data-comments-opened=\"1\" data-image-meta=\"{&quot;aperture&quot;:&quot;6.3&quot;,&quot;credit&quot;:&quot;Picasa&quot;,&quot;camera&quot;:&quot;SLT-A58&quot;,&quot;caption&quot;:&quot;&quot;,&quot;created_timestamp&quot;:&quot;1470571496&quot;,&quot;copyright&quot;:&quot;&quot;,&quot;focal_length&quot;:&quot;35&quot;,&quot;iso&quot;:&quot;125&quot;,&quot;shutter_speed&quot;:&quot;0.016666666666667&quot;,&quot;title&quot;:&quot;&quot;,&quot;orientation&quot;:&quot;1&quot;}\" data-image-title=\"Jookloo Duo foto \u00a9 Marion Kainz(1)\" data-image-description=\"\" data-medium-file=\"https:\/\/i0.wp.com\/www.jazzzeitung.de\/cms\/wp-content\/uploads\/2023\/06\/Jookloo-Duo-foto-%C2%A9-Marion-Kainz1-scaled.jpg?fit=300%2C200&#038;ssl=1\" data-large-file=\"https:\/\/i0.wp.com\/www.jazzzeitung.de\/cms\/wp-content\/uploads\/2023\/06\/Jookloo-Duo-foto-%C2%A9-Marion-Kainz1-scaled.jpg?fit=840%2C560&#038;ssl=1\" src=\"https:\/\/i0.wp.com\/www.jazzzeitung.de\/cms\/wp-content\/uploads\/2023\/06\/Jookloo-Duo-foto-%C2%A9-Marion-Kainz1-scaled.jpg?w=440&#038;h=293&#038;ssl=1\" width=\"440\" height=\"293\" loading=\"lazy\" data-original-width=\"440\" data-original-height=\"293\" itemprop=\"http:\/\/schema.org\/image\" title=\"Jookloo Duo foto \u00a9 Marion Kainz(1)\" alt=\"Das Jooklo Duo war aus Italien zu Gast. Foto: Marion Kainz\" style=\"width: 440px; height: 293px;\" \/> <\/a> <div class=\"tiled-gallery-caption\" itemprop=\"caption description\"> Das Jooklo Duo war aus Italien zu Gast. Foto: Marion Kainz <\/div> <\/div> <div class=\"tiled-gallery-item tiled-gallery-item-large\" itemprop=\"associatedMedia\" itemscope itemtype=\"http:\/\/schema.org\/ImageObject\"> <a href=\"https:\/\/www.jazzzeitung.de\/cms\/2023\/06\/moers-kein-jazzfestival-ein-bericht-von-der-52-festivalausgabe\/jookloo-duo-foto-marion-kainz\/\" border=\"0\" itemprop=\"url\"> <meta itemprop=\"width\" content=\"440\"> <meta itemprop=\"height\" content=\"292\"> <img decoding=\"async\" class=\"\" data-attachment-id=\"29529\" data-orig-file=\"https:\/\/www.jazzzeitung.de\/cms\/wp-content\/uploads\/2023\/06\/Jookloo-Duo-Foto-\u00a9-Marion-Kainz-scaled.jpg\" data-orig-size=\"2560,1704\" data-comments-opened=\"1\" data-image-meta=\"{&quot;aperture&quot;:&quot;6.3&quot;,&quot;credit&quot;:&quot;Picasa&quot;,&quot;camera&quot;:&quot;SLT-A58&quot;,&quot;caption&quot;:&quot;&quot;,&quot;created_timestamp&quot;:&quot;1470571810&quot;,&quot;copyright&quot;:&quot;&quot;,&quot;focal_length&quot;:&quot;18&quot;,&quot;iso&quot;:&quot;160&quot;,&quot;shutter_speed&quot;:&quot;0.016666666666667&quot;,&quot;title&quot;:&quot;&quot;,&quot;orientation&quot;:&quot;1&quot;}\" data-image-title=\"Jookloo Duo Foto \u00a9 Marion Kainz\" data-image-description=\"\" data-medium-file=\"https:\/\/i0.wp.com\/www.jazzzeitung.de\/cms\/wp-content\/uploads\/2023\/06\/Jookloo-Duo-Foto-%C2%A9-Marion-Kainz-scaled.jpg?fit=300%2C200&#038;ssl=1\" data-large-file=\"https:\/\/i0.wp.com\/www.jazzzeitung.de\/cms\/wp-content\/uploads\/2023\/06\/Jookloo-Duo-Foto-%C2%A9-Marion-Kainz-scaled.jpg?fit=840%2C560&#038;ssl=1\" src=\"https:\/\/i0.wp.com\/www.jazzzeitung.de\/cms\/wp-content\/uploads\/2023\/06\/Jookloo-Duo-Foto-%C2%A9-Marion-Kainz-scaled.jpg?w=440&#038;h=292&#038;ssl=1\" width=\"440\" height=\"292\" loading=\"lazy\" data-original-width=\"440\" data-original-height=\"292\" itemprop=\"http:\/\/schema.org\/image\" title=\"Jookloo Duo Foto \u00a9 Marion Kainz\" alt=\"David Vanzan und Virginia Genta sind das Jooklo Duo. Foto: Marion Kainz\" style=\"width: 440px; height: 292px;\" \/> <\/a> <div class=\"tiled-gallery-caption\" itemprop=\"caption description\"> David Vanzan und Virginia Genta sind das Jooklo Duo. Foto: Marion Kainz <\/div> <\/div> <\/div> <!-- close group --> <div class=\"gallery-group images-1\" style=\"width: 396px; height: 593px;\" data-original-width=\"396\" data-original-height=\"593\" > <div class=\"tiled-gallery-item tiled-gallery-item-large\" itemprop=\"associatedMedia\" itemscope itemtype=\"http:\/\/schema.org\/ImageObject\"> <a href=\"https:\/\/www.jazzzeitung.de\/cms\/2023\/06\/moers-kein-jazzfestival-ein-bericht-von-der-52-festivalausgabe\/red-desert-orchestra-foto-marion-kainz\/\" border=\"0\" itemprop=\"url\"> <meta itemprop=\"width\" content=\"392\"> <meta itemprop=\"height\" content=\"589\"> <img decoding=\"async\" class=\"\" data-attachment-id=\"29530\" data-orig-file=\"https:\/\/www.jazzzeitung.de\/cms\/wp-content\/uploads\/2023\/06\/Red-Desert-Orchestra-foto-\u00a9-Marion-Kainz-scaled.jpg\" data-orig-size=\"1704,2560\" data-comments-opened=\"1\" data-image-meta=\"{&quot;aperture&quot;:&quot;4&quot;,&quot;credit&quot;:&quot;Picasa&quot;,&quot;camera&quot;:&quot;SLT-A58&quot;,&quot;caption&quot;:&quot;&quot;,&quot;created_timestamp&quot;:&quot;1470568222&quot;,&quot;copyright&quot;:&quot;&quot;,&quot;focal_length&quot;:&quot;70&quot;,&quot;iso&quot;:&quot;125&quot;,&quot;shutter_speed&quot;:&quot;0.008&quot;,&quot;title&quot;:&quot;&quot;,&quot;orientation&quot;:&quot;1&quot;}\" data-image-title=\"Red Desert Orchestra foto \u00a9 Marion Kainz\" data-image-description=\"\" data-medium-file=\"https:\/\/i0.wp.com\/www.jazzzeitung.de\/cms\/wp-content\/uploads\/2023\/06\/Red-Desert-Orchestra-foto-%C2%A9-Marion-Kainz-scaled.jpg?fit=200%2C300&#038;ssl=1\" data-large-file=\"https:\/\/i0.wp.com\/www.jazzzeitung.de\/cms\/wp-content\/uploads\/2023\/06\/Red-Desert-Orchestra-foto-%C2%A9-Marion-Kainz-scaled.jpg?fit=399%2C600&#038;ssl=1\" src=\"https:\/\/i0.wp.com\/www.jazzzeitung.de\/cms\/wp-content\/uploads\/2023\/06\/Red-Desert-Orchestra-foto-%C2%A9-Marion-Kainz-scaled.jpg?w=392&#038;h=589&#038;ssl=1\" width=\"392\" height=\"589\" loading=\"lazy\" data-original-width=\"392\" data-original-height=\"589\" itemprop=\"http:\/\/schema.org\/image\" title=\"Red Desert Orchestra foto \u00a9 Marion Kainz\" alt=\"Das Red Desert Orchestra vor jungem Publikum. Foto: Marion Kainz\" style=\"width: 392px; height: 589px;\" \/> <\/a> <div class=\"tiled-gallery-caption\" itemprop=\"caption description\"> Das Red Desert Orchestra vor jungem Publikum. Foto: Marion Kainz <\/div> <\/div> <\/div> <!-- close group --> <\/div> <!-- close row --> <\/div>\n<p>Viel lauter und bunter war es tags\u00fcber dort zugegangen, &#8222;wo die Wilden Kinder&#8220; wohnen. Musiker wie Bart Maris oder auch das furiose Jooklo-Duo aus Italien reichten ihre Instrumente zum Ausprobieren an die Allerj\u00fcngsten weiter, so dass es \u2013 vordergr\u00fcndig betrachtet \u2013 gar nicht so grundverschieden wie bei so manchem Konzert der &#8222;Gro\u00dfen&#8220; klang. Gut so, wenn daraus junge Menschen hervorgehen, die so fr\u00fch wie m\u00f6glich f\u00fcr den Mainstream verloren sind. Die Welt bietet mehr als nur den Viervierteltakt der Unterhaltungsindustrie. Es tut gut, dass man beim Moers-Festival dieser Erkenntnis nirgendwo ausweichen kann.<\/p>\n<p>&nbsp;<\/p>\n<p>Text: Stefan Pieper<br \/>\nBeitragsbild: Gebhard Ullmann und G\u00fcnter &#8222;Baby&#8220; Sommer. Foto: Marion Kainz<\/p>\n","protected":false},"excerpt":{"rendered":"<p>&#8222;This is not a jazz festival&#8220; lautete im letzten Jahr das Motto. Aber ist das wirklich so? Vielleicht entsteht Jazz, verstanden als universelle Haltung von Improvisation und kultureller Toleranz, gerade dann, wenn das Wort mit den vier Buchstaben als einengende Schablone wegf\u00e4llt. Weil sich dann die Dinge wieder aneinander reiben k\u00f6nnen. Da gab vor allem der feierfreudige soziale Kosmos einer Open-Air-B\u00fchne zur blauen Stunde der Musik ganz viel Luft zum Atmen. G\u00fcnter &#8222;Baby&#8220; Sommers &#8222;Brother- and Sisterhood&#8220; klang genau so, wie dieses neue Projekt hei\u00dft. Der aus Dresden stammende Schlagzeuger ist mit fast 80 Jahren ein unerm\u00fcdlicher Ideengeber und Menschenf\u00e4nger. Hier skandierte er, als wenn es ein Rap w\u00e4re, die Lautpoesie des Dadaisten Hugo Ball, die einem seiner aktuellen St\u00fccke mit dem Titel &#8222;Karawane&#8220; zu Grunde liegt. Das gute Dutzend Musikerinnen und Musiker, die einen Querschnitt der deutschen Jazzszene ausmachten, und ebenso ihr Publikum stiegen in all dies und noch viel mehr dankbar ein. Drei B\u00fchnen \u2013 drei Aspekte von Livekultur Seit letztem Jahr gibt sich das Moers-Festival mit unterschiedlichen B\u00fchnen an ganz verschiedenen Orten &#8222;dreigeteilt&#8220;: Die Festivalhalle bietet konzentriertes Zuh\u00f6ren und auch visuelle Inszenierungen, &hellip;<\/p>\n","protected":false},"author":18,"featured_media":29540,"comment_status":"open","ping_status":"closed","sticky":false,"template":"","format":"standard","meta":{"_jetpack_memberships_contains_paid_content":false,"footnotes":"","jetpack_publicize_message":"","jetpack_publicize_feature_enabled":true,"jetpack_social_post_already_shared":false,"jetpack_social_options":{"image_generator_settings":{"template":"highway","default_image_id":0,"font":"","enabled":false},"version":2}},"categories":[1053,652],"tags":[4941,4950,4935,4938,4948,4939,1806,682,4753,801,1200,4934,1876,3822,3430,4949,4945,323,4940,396,397,2996,4943,4944,4946,4936,4546,4947,4937,3676,4942,4759,4747],"coauthors":[695],"class_list":["post-29515","post","type-post","status-publish","format-standard","has-post-thumbnail","hentry","category-bericht","category-galerie","tag-aki-rissanen","tag-bart-maris","tag-buehne","tag-david-friedmann","tag-djemben","tag-drori-mondlak","tag-ethan-iverson","tag-festivals","tag-gavin-bryars","tag-gebhard-ullmann","tag-guenter-baby-sommer","tag-hugo-ball","tag-jazz","tag-jazz-festivals","tag-jim-hart","tag-jooklo-duo","tag-kobayanisch","tag-konzerte","tag-mallet","tag-moers","tag-moers-festival","tag-open-air","tag-progressive-rock","tag-progrock","tag-psychedelik","tag-raissa-mehner","tag-recursion","tag-rodelberg","tag-salome-amend","tag-simon-camatta","tag-zaaear","tag-neptunian-maximalism","tag-tember-ensemble"],"yoast_head":"<!-- This site is optimized with the Yoast SEO plugin v27.5 - https:\/\/yoast.com\/product\/yoast-seo-wordpress\/ -->\n<title>Moers \u2013 (k)ein Jazzfestival? Ein Bericht von der 52. Festivalausgabe - JazzZeitung<\/title>\n<meta name=\"robots\" content=\"index, follow, max-snippet:-1, max-image-preview:large, max-video-preview:-1\" \/>\n<link rel=\"canonical\" href=\"https:\/\/www.jazzzeitung.de\/cms\/2023\/06\/moers-kein-jazzfestival-ein-bericht-von-der-52-festivalausgabe\/\" \/>\n<meta property=\"og:locale\" content=\"de_DE\" \/>\n<meta property=\"og:type\" content=\"article\" \/>\n<meta property=\"og:title\" content=\"Moers \u2013 (k)ein Jazzfestival? Ein Bericht von der 52. Festivalausgabe - JazzZeitung\" \/>\n<meta property=\"og:description\" content=\"&#8222;This is not a jazz festival&#8220; lautete im letzten Jahr das Motto. Aber ist das wirklich so? Vielleicht entsteht Jazz, verstanden als universelle Haltung von Improvisation und kultureller Toleranz, gerade dann, wenn das Wort mit den vier Buchstaben als einengende Schablone wegf\u00e4llt. Weil sich dann die Dinge wieder aneinander reiben k\u00f6nnen. Da gab vor allem der feierfreudige soziale Kosmos einer Open-Air-B\u00fchne zur blauen Stunde der Musik ganz viel Luft zum Atmen. G\u00fcnter &#8222;Baby&#8220; Sommers &#8222;Brother- and Sisterhood&#8220; klang genau so, wie dieses neue Projekt hei\u00dft. Der aus Dresden stammende Schlagzeuger ist mit fast 80 Jahren ein unerm\u00fcdlicher Ideengeber und Menschenf\u00e4nger. Hier skandierte er, als wenn es ein Rap w\u00e4re, die Lautpoesie des Dadaisten Hugo Ball, die einem seiner aktuellen St\u00fccke mit dem Titel &#8222;Karawane&#8220; zu Grunde liegt. Das gute Dutzend Musikerinnen und Musiker, die einen Querschnitt der deutschen Jazzszene ausmachten, und ebenso ihr Publikum stiegen in all dies und noch viel mehr dankbar ein. Drei B\u00fchnen \u2013 drei Aspekte von Livekultur Seit letztem Jahr gibt sich das Moers-Festival mit unterschiedlichen B\u00fchnen an ganz verschiedenen Orten &#8222;dreigeteilt&#8220;: Die Festivalhalle bietet konzentriertes Zuh\u00f6ren und auch visuelle Inszenierungen, &hellip;\" \/>\n<meta property=\"og:url\" content=\"https:\/\/www.jazzzeitung.de\/cms\/2023\/06\/moers-kein-jazzfestival-ein-bericht-von-der-52-festivalausgabe\/\" \/>\n<meta property=\"og:site_name\" content=\"JazzZeitung\" \/>\n<meta property=\"article:publisher\" content=\"https:\/\/www.facebook.com\/JazzZeitung\/\" \/>\n<meta property=\"article:published_time\" content=\"2023-06-02T12:00:57+00:00\" \/>\n<meta property=\"article:modified_time\" content=\"2023-06-02T13:04:14+00:00\" \/>\n<meta property=\"og:image\" content=\"https:\/\/www.jazzzeitung.de\/cms\/wp-content\/uploads\/2023\/06\/Gebhard-UlmannGuenter-Baby-Sommer-fotomarionkainz-3.jpg\" \/>\n\t<meta property=\"og:image:width\" content=\"2366\" \/>\n\t<meta property=\"og:image:height\" content=\"1575\" \/>\n\t<meta property=\"og:image:type\" content=\"image\/jpeg\" \/>\n<meta name=\"author\" content=\"Redaktion JazzZeitung\" \/>\n<script type=\"application\/ld+json\" class=\"yoast-schema-graph\">{\"@context\":\"https:\\\/\\\/schema.org\",\"@graph\":[{\"@type\":\"Article\",\"@id\":\"https:\\\/\\\/www.jazzzeitung.de\\\/cms\\\/2023\\\/06\\\/moers-kein-jazzfestival-ein-bericht-von-der-52-festivalausgabe\\\/#article\",\"isPartOf\":{\"@id\":\"https:\\\/\\\/www.jazzzeitung.de\\\/cms\\\/2023\\\/06\\\/moers-kein-jazzfestival-ein-bericht-von-der-52-festivalausgabe\\\/\"},\"author\":{\"name\":\"Redaktion JazzZeitung\",\"@id\":\"https:\\\/\\\/www.jazzzeitung.de\\\/cms\\\/#\\\/schema\\\/person\\\/2245b36b9cd1d24cea10f01c031fb92b\"},\"headline\":\"Moers \u2013 (k)ein Jazzfestival? Ein Bericht von der 52. Festivalausgabe\",\"datePublished\":\"2023-06-02T12:00:57+00:00\",\"dateModified\":\"2023-06-02T13:04:14+00:00\",\"mainEntityOfPage\":{\"@id\":\"https:\\\/\\\/www.jazzzeitung.de\\\/cms\\\/2023\\\/06\\\/moers-kein-jazzfestival-ein-bericht-von-der-52-festivalausgabe\\\/\"},\"wordCount\":1052,\"commentCount\":0,\"publisher\":{\"@id\":\"https:\\\/\\\/www.jazzzeitung.de\\\/cms\\\/#organization\"},\"image\":{\"@id\":\"https:\\\/\\\/www.jazzzeitung.de\\\/cms\\\/2023\\\/06\\\/moers-kein-jazzfestival-ein-bericht-von-der-52-festivalausgabe\\\/#primaryimage\"},\"thumbnailUrl\":\"https:\\\/\\\/i0.wp.com\\\/www.jazzzeitung.de\\\/cms\\\/wp-content\\\/uploads\\\/2023\\\/06\\\/Gebhard-UlmannGuenter-Baby-Sommer-fotomarionkainz-3.jpg?fit=2366%2C1575&ssl=1\",\"keywords\":[\"Aki Rissanen\",\"Bart Maris\",\"B\u00fchne\",\"David Friedmann\",\"Djemben\",\"Drori Mondlak\",\"Ethan Iverson\",\"Festivals\",\"Gavin Bryars\",\"Gebhard Ullmann\",\"G\u00fcnter Baby Sommer\",\"Hugo Ball\",\"Jazz\",\"Jazz Festivals\",\"Jim Hart\",\"Jooklo Duo\",\"kobayanisch\",\"Konzerte\",\"Mallet\",\"Moers\",\"Moers Festival\",\"Open-Air\",\"progressive rock\",\"Progrock\",\"Psychedelik\",\"Raissa Mehner\",\"Recursion\",\"Rodelberg\",\"Salome Amend\",\"Simon Camatta\",\"Za\u00e4ar\",\"\u201eNeptunian Maximalism\u201c\",\"\u201eTember Ensemble\u201c\"],\"articleSection\":[\"Bericht\",\"Galerie\"],\"inLanguage\":\"de\",\"potentialAction\":[{\"@type\":\"CommentAction\",\"name\":\"Comment\",\"target\":[\"https:\\\/\\\/www.jazzzeitung.de\\\/cms\\\/2023\\\/06\\\/moers-kein-jazzfestival-ein-bericht-von-der-52-festivalausgabe\\\/#respond\"]}]},{\"@type\":\"WebPage\",\"@id\":\"https:\\\/\\\/www.jazzzeitung.de\\\/cms\\\/2023\\\/06\\\/moers-kein-jazzfestival-ein-bericht-von-der-52-festivalausgabe\\\/\",\"url\":\"https:\\\/\\\/www.jazzzeitung.de\\\/cms\\\/2023\\\/06\\\/moers-kein-jazzfestival-ein-bericht-von-der-52-festivalausgabe\\\/\",\"name\":\"Moers \u2013 (k)ein Jazzfestival? Ein Bericht von der 52. Festivalausgabe - JazzZeitung\",\"isPartOf\":{\"@id\":\"https:\\\/\\\/www.jazzzeitung.de\\\/cms\\\/#website\"},\"primaryImageOfPage\":{\"@id\":\"https:\\\/\\\/www.jazzzeitung.de\\\/cms\\\/2023\\\/06\\\/moers-kein-jazzfestival-ein-bericht-von-der-52-festivalausgabe\\\/#primaryimage\"},\"image\":{\"@id\":\"https:\\\/\\\/www.jazzzeitung.de\\\/cms\\\/2023\\\/06\\\/moers-kein-jazzfestival-ein-bericht-von-der-52-festivalausgabe\\\/#primaryimage\"},\"thumbnailUrl\":\"https:\\\/\\\/i0.wp.com\\\/www.jazzzeitung.de\\\/cms\\\/wp-content\\\/uploads\\\/2023\\\/06\\\/Gebhard-UlmannGuenter-Baby-Sommer-fotomarionkainz-3.jpg?fit=2366%2C1575&ssl=1\",\"datePublished\":\"2023-06-02T12:00:57+00:00\",\"dateModified\":\"2023-06-02T13:04:14+00:00\",\"breadcrumb\":{\"@id\":\"https:\\\/\\\/www.jazzzeitung.de\\\/cms\\\/2023\\\/06\\\/moers-kein-jazzfestival-ein-bericht-von-der-52-festivalausgabe\\\/#breadcrumb\"},\"inLanguage\":\"de\",\"potentialAction\":[{\"@type\":\"ReadAction\",\"target\":[\"https:\\\/\\\/www.jazzzeitung.de\\\/cms\\\/2023\\\/06\\\/moers-kein-jazzfestival-ein-bericht-von-der-52-festivalausgabe\\\/\"]}]},{\"@type\":\"ImageObject\",\"inLanguage\":\"de\",\"@id\":\"https:\\\/\\\/www.jazzzeitung.de\\\/cms\\\/2023\\\/06\\\/moers-kein-jazzfestival-ein-bericht-von-der-52-festivalausgabe\\\/#primaryimage\",\"url\":\"https:\\\/\\\/i0.wp.com\\\/www.jazzzeitung.de\\\/cms\\\/wp-content\\\/uploads\\\/2023\\\/06\\\/Gebhard-UlmannGuenter-Baby-Sommer-fotomarionkainz-3.jpg?fit=2366%2C1575&ssl=1\",\"contentUrl\":\"https:\\\/\\\/i0.wp.com\\\/www.jazzzeitung.de\\\/cms\\\/wp-content\\\/uploads\\\/2023\\\/06\\\/Gebhard-UlmannGuenter-Baby-Sommer-fotomarionkainz-3.jpg?fit=2366%2C1575&ssl=1\",\"width\":2366,\"height\":1575},{\"@type\":\"BreadcrumbList\",\"@id\":\"https:\\\/\\\/www.jazzzeitung.de\\\/cms\\\/2023\\\/06\\\/moers-kein-jazzfestival-ein-bericht-von-der-52-festivalausgabe\\\/#breadcrumb\",\"itemListElement\":[{\"@type\":\"ListItem\",\"position\":1,\"name\":\"Startseite\",\"item\":\"https:\\\/\\\/www.jazzzeitung.de\\\/cms\\\/\"},{\"@type\":\"ListItem\",\"position\":2,\"name\":\"Moers \u2013 (k)ein Jazzfestival? Ein Bericht von der 52. Festivalausgabe\"}]},{\"@type\":\"WebSite\",\"@id\":\"https:\\\/\\\/www.jazzzeitung.de\\\/cms\\\/#website\",\"url\":\"https:\\\/\\\/www.jazzzeitung.de\\\/cms\\\/\",\"name\":\"JazzZeitung\",\"description\":\"Jazz-News und Jazz-Kontroverses\",\"publisher\":{\"@id\":\"https:\\\/\\\/www.jazzzeitung.de\\\/cms\\\/#organization\"},\"potentialAction\":[{\"@type\":\"SearchAction\",\"target\":{\"@type\":\"EntryPoint\",\"urlTemplate\":\"https:\\\/\\\/www.jazzzeitung.de\\\/cms\\\/?s={search_term_string}\"},\"query-input\":{\"@type\":\"PropertyValueSpecification\",\"valueRequired\":true,\"valueName\":\"search_term_string\"}}],\"inLanguage\":\"de\"},{\"@type\":\"Organization\",\"@id\":\"https:\\\/\\\/www.jazzzeitung.de\\\/cms\\\/#organization\",\"name\":\"JazzZeitung online\",\"url\":\"https:\\\/\\\/www.jazzzeitung.de\\\/cms\\\/\",\"logo\":{\"@type\":\"ImageObject\",\"inLanguage\":\"de\",\"@id\":\"https:\\\/\\\/www.jazzzeitung.de\\\/cms\\\/#\\\/schema\\\/logo\\\/image\\\/\",\"url\":\"https:\\\/\\\/i0.wp.com\\\/www.jazzzeitung.de\\\/cms\\\/wp-content\\\/uploads\\\/2015\\\/08\\\/JAZZZEITUNGDE_Logo_Neu.png?fit=499%2C200&ssl=1\",\"contentUrl\":\"https:\\\/\\\/i0.wp.com\\\/www.jazzzeitung.de\\\/cms\\\/wp-content\\\/uploads\\\/2015\\\/08\\\/JAZZZEITUNGDE_Logo_Neu.png?fit=499%2C200&ssl=1\",\"width\":499,\"height\":200,\"caption\":\"JazzZeitung online\"},\"image\":{\"@id\":\"https:\\\/\\\/www.jazzzeitung.de\\\/cms\\\/#\\\/schema\\\/logo\\\/image\\\/\"},\"sameAs\":[\"https:\\\/\\\/www.facebook.com\\\/JazzZeitung\\\/\"]},{\"@type\":\"Person\",\"@id\":\"https:\\\/\\\/www.jazzzeitung.de\\\/cms\\\/#\\\/schema\\\/person\\\/2245b36b9cd1d24cea10f01c031fb92b\",\"name\":\"Redaktion JazzZeitung\",\"image\":{\"@type\":\"ImageObject\",\"inLanguage\":\"de\",\"@id\":\"https:\\\/\\\/i0.wp.com\\\/www.jazzzeitung.de\\\/cms\\\/wp-content\\\/uploads\\\/2015\\\/08\\\/JAZZZEITUNGDE_Logo_Neu.png?resize=96%2C96&ssl=159975dcacb611b5700bd619b5daf0a7a\",\"url\":\"https:\\\/\\\/i0.wp.com\\\/www.jazzzeitung.de\\\/cms\\\/wp-content\\\/uploads\\\/2015\\\/08\\\/JAZZZEITUNGDE_Logo_Neu.png?resize=96%2C96&ssl=1\",\"contentUrl\":\"https:\\\/\\\/i0.wp.com\\\/www.jazzzeitung.de\\\/cms\\\/wp-content\\\/uploads\\\/2015\\\/08\\\/JAZZZEITUNGDE_Logo_Neu.png?resize=96%2C96&ssl=1\",\"caption\":\"Redaktion JazzZeitung\"},\"description\":\"Artikel der Redaktion der JazzZeitung.\",\"sameAs\":[\"http:\\\/\\\/www.jazzzeitung.de\\\/cms\\\/\"],\"url\":\"https:\\\/\\\/www.jazzzeitung.de\\\/cms\\\/author\\\/redaktion\\\/\"}]}<\/script>\n<!-- \/ Yoast SEO plugin. -->","yoast_head_json":{"title":"Moers \u2013 (k)ein Jazzfestival? Ein Bericht von der 52. Festivalausgabe - JazzZeitung","robots":{"index":"index","follow":"follow","max-snippet":"max-snippet:-1","max-image-preview":"max-image-preview:large","max-video-preview":"max-video-preview:-1"},"canonical":"https:\/\/www.jazzzeitung.de\/cms\/2023\/06\/moers-kein-jazzfestival-ein-bericht-von-der-52-festivalausgabe\/","og_locale":"de_DE","og_type":"article","og_title":"Moers \u2013 (k)ein Jazzfestival? Ein Bericht von der 52. Festivalausgabe - JazzZeitung","og_description":"&#8222;This is not a jazz festival&#8220; lautete im letzten Jahr das Motto. Aber ist das wirklich so? Vielleicht entsteht Jazz, verstanden als universelle Haltung von Improvisation und kultureller Toleranz, gerade dann, wenn das Wort mit den vier Buchstaben als einengende Schablone wegf\u00e4llt. Weil sich dann die Dinge wieder aneinander reiben k\u00f6nnen. Da gab vor allem der feierfreudige soziale Kosmos einer Open-Air-B\u00fchne zur blauen Stunde der Musik ganz viel Luft zum Atmen. G\u00fcnter &#8222;Baby&#8220; Sommers &#8222;Brother- and Sisterhood&#8220; klang genau so, wie dieses neue Projekt hei\u00dft. Der aus Dresden stammende Schlagzeuger ist mit fast 80 Jahren ein unerm\u00fcdlicher Ideengeber und Menschenf\u00e4nger. Hier skandierte er, als wenn es ein Rap w\u00e4re, die Lautpoesie des Dadaisten Hugo Ball, die einem seiner aktuellen St\u00fccke mit dem Titel &#8222;Karawane&#8220; zu Grunde liegt. Das gute Dutzend Musikerinnen und Musiker, die einen Querschnitt der deutschen Jazzszene ausmachten, und ebenso ihr Publikum stiegen in all dies und noch viel mehr dankbar ein. Drei B\u00fchnen \u2013 drei Aspekte von Livekultur Seit letztem Jahr gibt sich das Moers-Festival mit unterschiedlichen B\u00fchnen an ganz verschiedenen Orten &#8222;dreigeteilt&#8220;: Die Festivalhalle bietet konzentriertes Zuh\u00f6ren und auch visuelle Inszenierungen, &hellip;","og_url":"https:\/\/www.jazzzeitung.de\/cms\/2023\/06\/moers-kein-jazzfestival-ein-bericht-von-der-52-festivalausgabe\/","og_site_name":"JazzZeitung","article_publisher":"https:\/\/www.facebook.com\/JazzZeitung\/","article_published_time":"2023-06-02T12:00:57+00:00","article_modified_time":"2023-06-02T13:04:14+00:00","og_image":[{"width":2366,"height":1575,"url":"https:\/\/www.jazzzeitung.de\/cms\/wp-content\/uploads\/2023\/06\/Gebhard-UlmannGuenter-Baby-Sommer-fotomarionkainz-3.jpg","type":"image\/jpeg"}],"author":"Redaktion JazzZeitung","schema":{"@context":"https:\/\/schema.org","@graph":[{"@type":"Article","@id":"https:\/\/www.jazzzeitung.de\/cms\/2023\/06\/moers-kein-jazzfestival-ein-bericht-von-der-52-festivalausgabe\/#article","isPartOf":{"@id":"https:\/\/www.jazzzeitung.de\/cms\/2023\/06\/moers-kein-jazzfestival-ein-bericht-von-der-52-festivalausgabe\/"},"author":{"name":"Redaktion JazzZeitung","@id":"https:\/\/www.jazzzeitung.de\/cms\/#\/schema\/person\/2245b36b9cd1d24cea10f01c031fb92b"},"headline":"Moers \u2013 (k)ein Jazzfestival? Ein Bericht von der 52. Festivalausgabe","datePublished":"2023-06-02T12:00:57+00:00","dateModified":"2023-06-02T13:04:14+00:00","mainEntityOfPage":{"@id":"https:\/\/www.jazzzeitung.de\/cms\/2023\/06\/moers-kein-jazzfestival-ein-bericht-von-der-52-festivalausgabe\/"},"wordCount":1052,"commentCount":0,"publisher":{"@id":"https:\/\/www.jazzzeitung.de\/cms\/#organization"},"image":{"@id":"https:\/\/www.jazzzeitung.de\/cms\/2023\/06\/moers-kein-jazzfestival-ein-bericht-von-der-52-festivalausgabe\/#primaryimage"},"thumbnailUrl":"https:\/\/i0.wp.com\/www.jazzzeitung.de\/cms\/wp-content\/uploads\/2023\/06\/Gebhard-UlmannGuenter-Baby-Sommer-fotomarionkainz-3.jpg?fit=2366%2C1575&ssl=1","keywords":["Aki Rissanen","Bart Maris","B\u00fchne","David Friedmann","Djemben","Drori Mondlak","Ethan Iverson","Festivals","Gavin Bryars","Gebhard Ullmann","G\u00fcnter Baby Sommer","Hugo Ball","Jazz","Jazz Festivals","Jim Hart","Jooklo Duo","kobayanisch","Konzerte","Mallet","Moers","Moers Festival","Open-Air","progressive rock","Progrock","Psychedelik","Raissa Mehner","Recursion","Rodelberg","Salome Amend","Simon Camatta","Za\u00e4ar","\u201eNeptunian Maximalism\u201c","\u201eTember Ensemble\u201c"],"articleSection":["Bericht","Galerie"],"inLanguage":"de","potentialAction":[{"@type":"CommentAction","name":"Comment","target":["https:\/\/www.jazzzeitung.de\/cms\/2023\/06\/moers-kein-jazzfestival-ein-bericht-von-der-52-festivalausgabe\/#respond"]}]},{"@type":"WebPage","@id":"https:\/\/www.jazzzeitung.de\/cms\/2023\/06\/moers-kein-jazzfestival-ein-bericht-von-der-52-festivalausgabe\/","url":"https:\/\/www.jazzzeitung.de\/cms\/2023\/06\/moers-kein-jazzfestival-ein-bericht-von-der-52-festivalausgabe\/","name":"Moers \u2013 (k)ein Jazzfestival? Ein Bericht von der 52. Festivalausgabe - JazzZeitung","isPartOf":{"@id":"https:\/\/www.jazzzeitung.de\/cms\/#website"},"primaryImageOfPage":{"@id":"https:\/\/www.jazzzeitung.de\/cms\/2023\/06\/moers-kein-jazzfestival-ein-bericht-von-der-52-festivalausgabe\/#primaryimage"},"image":{"@id":"https:\/\/www.jazzzeitung.de\/cms\/2023\/06\/moers-kein-jazzfestival-ein-bericht-von-der-52-festivalausgabe\/#primaryimage"},"thumbnailUrl":"https:\/\/i0.wp.com\/www.jazzzeitung.de\/cms\/wp-content\/uploads\/2023\/06\/Gebhard-UlmannGuenter-Baby-Sommer-fotomarionkainz-3.jpg?fit=2366%2C1575&ssl=1","datePublished":"2023-06-02T12:00:57+00:00","dateModified":"2023-06-02T13:04:14+00:00","breadcrumb":{"@id":"https:\/\/www.jazzzeitung.de\/cms\/2023\/06\/moers-kein-jazzfestival-ein-bericht-von-der-52-festivalausgabe\/#breadcrumb"},"inLanguage":"de","potentialAction":[{"@type":"ReadAction","target":["https:\/\/www.jazzzeitung.de\/cms\/2023\/06\/moers-kein-jazzfestival-ein-bericht-von-der-52-festivalausgabe\/"]}]},{"@type":"ImageObject","inLanguage":"de","@id":"https:\/\/www.jazzzeitung.de\/cms\/2023\/06\/moers-kein-jazzfestival-ein-bericht-von-der-52-festivalausgabe\/#primaryimage","url":"https:\/\/i0.wp.com\/www.jazzzeitung.de\/cms\/wp-content\/uploads\/2023\/06\/Gebhard-UlmannGuenter-Baby-Sommer-fotomarionkainz-3.jpg?fit=2366%2C1575&ssl=1","contentUrl":"https:\/\/i0.wp.com\/www.jazzzeitung.de\/cms\/wp-content\/uploads\/2023\/06\/Gebhard-UlmannGuenter-Baby-Sommer-fotomarionkainz-3.jpg?fit=2366%2C1575&ssl=1","width":2366,"height":1575},{"@type":"BreadcrumbList","@id":"https:\/\/www.jazzzeitung.de\/cms\/2023\/06\/moers-kein-jazzfestival-ein-bericht-von-der-52-festivalausgabe\/#breadcrumb","itemListElement":[{"@type":"ListItem","position":1,"name":"Startseite","item":"https:\/\/www.jazzzeitung.de\/cms\/"},{"@type":"ListItem","position":2,"name":"Moers \u2013 (k)ein Jazzfestival? Ein Bericht von der 52. Festivalausgabe"}]},{"@type":"WebSite","@id":"https:\/\/www.jazzzeitung.de\/cms\/#website","url":"https:\/\/www.jazzzeitung.de\/cms\/","name":"JazzZeitung","description":"Jazz-News und Jazz-Kontroverses","publisher":{"@id":"https:\/\/www.jazzzeitung.de\/cms\/#organization"},"potentialAction":[{"@type":"SearchAction","target":{"@type":"EntryPoint","urlTemplate":"https:\/\/www.jazzzeitung.de\/cms\/?s={search_term_string}"},"query-input":{"@type":"PropertyValueSpecification","valueRequired":true,"valueName":"search_term_string"}}],"inLanguage":"de"},{"@type":"Organization","@id":"https:\/\/www.jazzzeitung.de\/cms\/#organization","name":"JazzZeitung online","url":"https:\/\/www.jazzzeitung.de\/cms\/","logo":{"@type":"ImageObject","inLanguage":"de","@id":"https:\/\/www.jazzzeitung.de\/cms\/#\/schema\/logo\/image\/","url":"https:\/\/i0.wp.com\/www.jazzzeitung.de\/cms\/wp-content\/uploads\/2015\/08\/JAZZZEITUNGDE_Logo_Neu.png?fit=499%2C200&ssl=1","contentUrl":"https:\/\/i0.wp.com\/www.jazzzeitung.de\/cms\/wp-content\/uploads\/2015\/08\/JAZZZEITUNGDE_Logo_Neu.png?fit=499%2C200&ssl=1","width":499,"height":200,"caption":"JazzZeitung online"},"image":{"@id":"https:\/\/www.jazzzeitung.de\/cms\/#\/schema\/logo\/image\/"},"sameAs":["https:\/\/www.facebook.com\/JazzZeitung\/"]},{"@type":"Person","@id":"https:\/\/www.jazzzeitung.de\/cms\/#\/schema\/person\/2245b36b9cd1d24cea10f01c031fb92b","name":"Redaktion JazzZeitung","image":{"@type":"ImageObject","inLanguage":"de","@id":"https:\/\/i0.wp.com\/www.jazzzeitung.de\/cms\/wp-content\/uploads\/2015\/08\/JAZZZEITUNGDE_Logo_Neu.png?resize=96%2C96&ssl=159975dcacb611b5700bd619b5daf0a7a","url":"https:\/\/i0.wp.com\/www.jazzzeitung.de\/cms\/wp-content\/uploads\/2015\/08\/JAZZZEITUNGDE_Logo_Neu.png?resize=96%2C96&ssl=1","contentUrl":"https:\/\/i0.wp.com\/www.jazzzeitung.de\/cms\/wp-content\/uploads\/2015\/08\/JAZZZEITUNGDE_Logo_Neu.png?resize=96%2C96&ssl=1","caption":"Redaktion JazzZeitung"},"description":"Artikel der Redaktion der JazzZeitung.","sameAs":["http:\/\/www.jazzzeitung.de\/cms\/"],"url":"https:\/\/www.jazzzeitung.de\/cms\/author\/redaktion\/"}]}},"wp-worthy-pixel":{"ignored":false,"public":null,"server":null,"url":null},"wp-worthy-type":"normal","jetpack_publicize_connections":[],"cc_featured_image_caption":{"caption_text":"","source_text":"","source_url":""},"jetpack_featured_media_url":"https:\/\/i0.wp.com\/www.jazzzeitung.de\/cms\/wp-content\/uploads\/2023\/06\/Gebhard-UlmannGuenter-Baby-Sommer-fotomarionkainz-3.jpg?fit=2366%2C1575&ssl=1","jetpack_shortlink":"https:\/\/wp.me\/p3KEcT-7G3","jetpack-related-posts":[{"id":18582,"url":"https:\/\/www.jazzzeitung.de\/cms\/2019\/02\/news-gregory-porter-bei-music-open-in-ludwigsburg-vorgeschmack-auf-das-moeurs-festival-in-duisburg\/","url_meta":{"origin":29515,"position":0},"title":"+++ News: +++ Gregory Porter bei \u201emusic open\u201c in Ludwigsburg +++ Vorgeschmack auf das \u201emoers-festival\u201c in Duisburg +++","author":"Redaktion JazzZeitung","date":"7. Februar 2019","format":false,"excerpt":"Kreissparkasse Ludwigsburg feiert Jazz mit Gregory Porter Das Line Up der neunten Ausgabe des Festivals \u201emusicopen\u201c der Kreissparkasse Ludwigsburg w\u00e4chst immer weiter: Jazzgr\u00f6\u00dfe Gregory Porter wird am 30. Juli unter freiem Himmel mit seinem Programm \u201eNate King Cole and Me\u201c auftreten, dessen Titel das pr\u00e4gende Musikidol des zweifachen Grammy-Gewinners verr\u00e4t.\u2026","rel":"","context":"In &quot;News&quot;","block_context":{"text":"News","link":"https:\/\/www.jazzzeitung.de\/cms\/thema\/nachrichten\/"},"img":{"alt_text":"","src":"https:\/\/i0.wp.com\/www.jazzzeitung.de\/cms\/wp-content\/uploads\/2019\/02\/Gregory-Porter25.png?fit=800%2C533&ssl=1&resize=350%2C200","width":350,"height":200,"srcset":"https:\/\/i0.wp.com\/www.jazzzeitung.de\/cms\/wp-content\/uploads\/2019\/02\/Gregory-Porter25.png?fit=800%2C533&ssl=1&resize=350%2C200 1x, https:\/\/i0.wp.com\/www.jazzzeitung.de\/cms\/wp-content\/uploads\/2019\/02\/Gregory-Porter25.png?fit=800%2C533&ssl=1&resize=525%2C300 1.5x, https:\/\/i0.wp.com\/www.jazzzeitung.de\/cms\/wp-content\/uploads\/2019\/02\/Gregory-Porter25.png?fit=800%2C533&ssl=1&resize=700%2C400 2x"},"classes":[]},{"id":27512,"url":"https:\/\/www.jazzzeitung.de\/cms\/2022\/06\/das-moers-festival-2022-wurde-seinem-wesenskern-treu-und-blickt-in-die-zukunft\/","url_meta":{"origin":29515,"position":1},"title":"Das Moers-Festival 2022 wurde seinem Wesenskern treu und blickt in die Zukunft","author":"Redaktion JazzZeitung","date":"14. Juni 2022","format":false,"excerpt":"(Text und Fotos von Stefan Pieper) Obwohl das neue Konzept noch die Unfertigkeit eines Neustarts verk\u00f6rpert, flie\u00dft der Strom beim Moers-Festival ungebremst weiter. In den letzten beiden Jahren habe viele neue, digitale Vorst\u00f6\u00dfe das k\u00fcnstlerische Schwergewicht beim Moers-Festival durch die Pandemie getragen. Bei der 51. Ausgabe zum 50. Geburtstag behauptete\u2026","rel":"","context":"In &quot;Bericht&quot;","block_context":{"text":"Bericht","link":"https:\/\/www.jazzzeitung.de\/cms\/thema\/bericht\/"},"img":{"alt_text":"","src":"https:\/\/i0.wp.com\/www.jazzzeitung.de\/cms\/wp-content\/uploads\/2022\/06\/The-Hidden-Tune-3-1-scaled.jpg?fit=1200%2C953&ssl=1&resize=350%2C200","width":350,"height":200,"srcset":"https:\/\/i0.wp.com\/www.jazzzeitung.de\/cms\/wp-content\/uploads\/2022\/06\/The-Hidden-Tune-3-1-scaled.jpg?fit=1200%2C953&ssl=1&resize=350%2C200 1x, https:\/\/i0.wp.com\/www.jazzzeitung.de\/cms\/wp-content\/uploads\/2022\/06\/The-Hidden-Tune-3-1-scaled.jpg?fit=1200%2C953&ssl=1&resize=525%2C300 1.5x, https:\/\/i0.wp.com\/www.jazzzeitung.de\/cms\/wp-content\/uploads\/2022\/06\/The-Hidden-Tune-3-1-scaled.jpg?fit=1200%2C953&ssl=1&resize=700%2C400 2x, https:\/\/i0.wp.com\/www.jazzzeitung.de\/cms\/wp-content\/uploads\/2022\/06\/The-Hidden-Tune-3-1-scaled.jpg?fit=1200%2C953&ssl=1&resize=1050%2C600 3x"},"classes":[]},{"id":5624,"url":"https:\/\/www.jazzzeitung.de\/cms\/2015\/03\/news-women-jazz-zum-zehnten-film-ueber-jazz-legende-moers-festival\/","url_meta":{"origin":29515,"position":2},"title":"News: Women in Jazz zum Zehnten +++ Film \u00fcber Jazz-Legende +++ moers-Festival","author":"Redaktion JazzZeitung","date":"3. M\u00e4rz 2015","format":false,"excerpt":"Women in Jazz feiert runden Geburtstag Vom 24. April bis zum 03. Mai geht das Festival Women in Jazz in die bereits 10. Auflage. In \u00fcber 20 Konzerten pr\u00e4sentieren sich \u201eJazz-Frauen\u201c aus der ganzen Welt und f\u00fcllen ein umfangreiches Programm. Das Thema f\u00fcr diesen Festival-Jahrgang ist \u201eEurop\u00e4isch-Amerikanische Begegnung\u201c. \u201eDabei fokussieren\u2026","rel":"","context":"In &quot;News&quot;","block_context":{"text":"News","link":"https:\/\/www.jazzzeitung.de\/cms\/thema\/nachrichten\/"},"img":{"alt_text":"Cathrine Russel tritt bei Women in Jazz auf. Foto: Marv Goldsmitt","src":"https:\/\/i0.wp.com\/www.jazzzeitung.de\/cms\/wp-content\/uploads\/2015\/03\/Cathrine-Russel-1-Marv-Goldsmitt-150x150.jpg?resize=350%2C200","width":350,"height":200},"classes":[]},{"id":29223,"url":"https:\/\/www.jazzzeitung.de\/cms\/2023\/03\/news-moers-festival-programm-mathias-bublath-in-oberthulba-jazz-april-in-berlins-gretchen\/","url_meta":{"origin":29515,"position":3},"title":"News: +++ moers festival Programm +++ Mathias Bublath in Oberthulba +++ Jazz-April in Berlins Gretchen +++","author":"Redaktion JazzZeitung","date":"20. M\u00e4rz 2023","format":false,"excerpt":"+++ Das moers festival hat sein 52. Programm vorgestellt +++ Am Pfingstwochenende (26. bis 29. Mai 2023) treten \u00fcber 250 K\u00fcnstler*innen aus 23 Nationen in Moers auf. Das Programm (K\u00fcnstlerische Leitung: Tim Isfort) ist, neben einigen davon losgel\u00f6sten Programmpunkten, um die Schlagworte \u201eAUFBRUCH\u201c, \u201e?AFRIKA\u201d, \u201eKYLWIRIA\u201d, \u201eWERT\u201d und \u201eBEFREIUNG\u201d konzipiert. Unter\u2026","rel":"","context":"In &quot;News&quot;","block_context":{"text":"News","link":"https:\/\/www.jazzzeitung.de\/cms\/thema\/nachrichten\/"},"img":{"alt_text":"","src":"https:\/\/i0.wp.com\/www.jazzzeitung.de\/cms\/wp-content\/uploads\/2023\/03\/Jeembaa-Groove_Credits-Jembaa-Groove2-klein-scaled.jpg?fit=1200%2C800&ssl=1&resize=350%2C200","width":350,"height":200,"srcset":"https:\/\/i0.wp.com\/www.jazzzeitung.de\/cms\/wp-content\/uploads\/2023\/03\/Jeembaa-Groove_Credits-Jembaa-Groove2-klein-scaled.jpg?fit=1200%2C800&ssl=1&resize=350%2C200 1x, https:\/\/i0.wp.com\/www.jazzzeitung.de\/cms\/wp-content\/uploads\/2023\/03\/Jeembaa-Groove_Credits-Jembaa-Groove2-klein-scaled.jpg?fit=1200%2C800&ssl=1&resize=525%2C300 1.5x, https:\/\/i0.wp.com\/www.jazzzeitung.de\/cms\/wp-content\/uploads\/2023\/03\/Jeembaa-Groove_Credits-Jembaa-Groove2-klein-scaled.jpg?fit=1200%2C800&ssl=1&resize=700%2C400 2x, https:\/\/i0.wp.com\/www.jazzzeitung.de\/cms\/wp-content\/uploads\/2023\/03\/Jeembaa-Groove_Credits-Jembaa-Groove2-klein-scaled.jpg?fit=1200%2C800&ssl=1&resize=1050%2C600 3x"},"classes":[]},{"id":19809,"url":"https:\/\/www.jazzzeitung.de\/cms\/2019\/06\/strengt-euch-an-das-moers-festival-2019-zeigte-sich-empfindsam-fuer-menschen-und-klaenge\/","url_meta":{"origin":29515,"position":4},"title":"\u201eStrengt euch an!\u201c \u2013 das Moers-Festival 2019 zeigte sich empfindsam f\u00fcr Menschen und Kl\u00e4nge","author":"Redaktion JazzZeitung","date":"14. Juni 2019","format":false,"excerpt":"Stell Dir vor, ein riesiger, h\u00f6lzerner Kampfpanzer \u201eziert\u201c die B\u00fchne auf einem friedlichen Musikfestival und keiner begehrt dagegen auf. Dabei hatte Tim Isfort bei der j\u00fcngsten Ausgabe des Moers-Festivals ausdr\u00fccklich angeregt, sich durch Bemalen oder Besteigen des martialischen Unget\u00fcms einzumischen. Denn das Motto f\u00fcrs Moers-Festival 2019 lautete: \u201eStrengt euch an!\u201c\u2026","rel":"","context":"In &quot;Bericht&quot;","block_context":{"text":"Bericht","link":"https:\/\/www.jazzzeitung.de\/cms\/thema\/bericht\/"},"img":{"alt_text":"","src":"https:\/\/i0.wp.com\/www.jazzzeitung.de\/cms\/wp-content\/uploads\/2019\/06\/DSC02719.jpg?fit=1200%2C800&ssl=1&resize=350%2C200","width":350,"height":200,"srcset":"https:\/\/i0.wp.com\/www.jazzzeitung.de\/cms\/wp-content\/uploads\/2019\/06\/DSC02719.jpg?fit=1200%2C800&ssl=1&resize=350%2C200 1x, https:\/\/i0.wp.com\/www.jazzzeitung.de\/cms\/wp-content\/uploads\/2019\/06\/DSC02719.jpg?fit=1200%2C800&ssl=1&resize=525%2C300 1.5x, https:\/\/i0.wp.com\/www.jazzzeitung.de\/cms\/wp-content\/uploads\/2019\/06\/DSC02719.jpg?fit=1200%2C800&ssl=1&resize=700%2C400 2x, https:\/\/i0.wp.com\/www.jazzzeitung.de\/cms\/wp-content\/uploads\/2019\/06\/DSC02719.jpg?fit=1200%2C800&ssl=1&resize=1050%2C600 3x"},"classes":[]},{"id":22336,"url":"https:\/\/www.jazzzeitung.de\/cms\/2020\/04\/newssuedtirol-jazzfestival-alto-adige-2020-abgesagtmoers-jazzfestival-soll-stattfinden\/","url_meta":{"origin":29515,"position":5},"title":"news+++S\u00fcdtirol Jazzfestival Alto Adige 2020 abgesagt+++Moers Jazzfestival soll stattfinden+++","author":"Redaktion JazzZeitung","date":"11. April 2020","format":false,"excerpt":"Eine weitere Festival-Absage Das S\u00fcdtirol Jazzfestival Alto Adige findet dieses Jahr zum ersten Mal in 38 Jahren nicht statt. Die Pandemie hat auch die Veranstalter in S\u00fcdtirol gezwungen, Festivals, Konzerte usw. abzusagen. Das Programm des Festivals sollte eigentlich eine Reise in den osteurop\u00e4ischen Jazz sein, Name des Themas: \u201eGegen den\u2026","rel":"","context":"In &quot;News&quot;","block_context":{"text":"News","link":"https:\/\/www.jazzzeitung.de\/cms\/thema\/nachrichten\/"},"img":{"alt_text":"","src":"https:\/\/www.jazzzeitung.de\/cms\/wp-content\/uploads\/2020\/03\/Beitragsbild-beschnitten-e1583498329553.bmp","width":350,"height":200,"srcset":"https:\/\/www.jazzzeitung.de\/cms\/wp-content\/uploads\/2020\/03\/Beitragsbild-beschnitten-e1583498329553.bmp 1x, https:\/\/www.jazzzeitung.de\/cms\/wp-content\/uploads\/2020\/03\/Beitragsbild-beschnitten-e1583498329553.bmp 1.5x, https:\/\/www.jazzzeitung.de\/cms\/wp-content\/uploads\/2020\/03\/Beitragsbild-beschnitten-e1583498329553.bmp 2x, https:\/\/www.jazzzeitung.de\/cms\/wp-content\/uploads\/2020\/03\/Beitragsbild-beschnitten-e1583498329553.bmp 3x"},"classes":[]}],"jetpack_sharing_enabled":true,"_links":{"self":[{"href":"https:\/\/www.jazzzeitung.de\/cms\/wp-json\/wp\/v2\/posts\/29515","targetHints":{"allow":["GET"]}}],"collection":[{"href":"https:\/\/www.jazzzeitung.de\/cms\/wp-json\/wp\/v2\/posts"}],"about":[{"href":"https:\/\/www.jazzzeitung.de\/cms\/wp-json\/wp\/v2\/types\/post"}],"author":[{"embeddable":true,"href":"https:\/\/www.jazzzeitung.de\/cms\/wp-json\/wp\/v2\/users\/18"}],"replies":[{"embeddable":true,"href":"https:\/\/www.jazzzeitung.de\/cms\/wp-json\/wp\/v2\/comments?post=29515"}],"version-history":[{"count":5,"href":"https:\/\/www.jazzzeitung.de\/cms\/wp-json\/wp\/v2\/posts\/29515\/revisions"}],"predecessor-version":[{"id":29532,"href":"https:\/\/www.jazzzeitung.de\/cms\/wp-json\/wp\/v2\/posts\/29515\/revisions\/29532"}],"wp:featuredmedia":[{"embeddable":true,"href":"https:\/\/www.jazzzeitung.de\/cms\/wp-json\/wp\/v2\/media\/29540"}],"wp:attachment":[{"href":"https:\/\/www.jazzzeitung.de\/cms\/wp-json\/wp\/v2\/media?parent=29515"}],"wp:term":[{"taxonomy":"category","embeddable":true,"href":"https:\/\/www.jazzzeitung.de\/cms\/wp-json\/wp\/v2\/categories?post=29515"},{"taxonomy":"post_tag","embeddable":true,"href":"https:\/\/www.jazzzeitung.de\/cms\/wp-json\/wp\/v2\/tags?post=29515"},{"taxonomy":"author","embeddable":true,"href":"https:\/\/www.jazzzeitung.de\/cms\/wp-json\/wp\/v2\/coauthors?post=29515"}],"curies":[{"name":"wp","href":"https:\/\/api.w.org\/{rel}","templated":true}]}}