{"id":29494,"date":"2023-06-06T08:55:17","date_gmt":"2023-06-06T06:55:17","guid":{"rendered":"https:\/\/www.jazzzeitung.de\/cms\/?p=29494"},"modified":"2023-06-02T13:55:46","modified_gmt":"2023-06-02T11:55:46","slug":"cd-rezension-burkard-kunkel-bob-degen-two-geese-by-the-river","status":"publish","type":"post","link":"https:\/\/www.jazzzeitung.de\/cms\/2023\/06\/cd-rezension-burkard-kunkel-bob-degen-two-geese-by-the-river\/","title":{"rendered":"CD-Rezension: Burkard Kunkel &#038; Bob Degen \u2013 Two Geese By The River"},"content":{"rendered":"<p>F\u00fcr die beiden Protagonisten war es wohl eine noch gr\u00f6\u00dfere \u00dcberraschung als f\u00fcr ihr musikalisches und Publikumsumfeld. F\u00fcr ihr im Selbstverlag produziertes und vertriebenes Album &#8222;Two Geese by the River&#8220; haben der im Spessart lebende Holzbl\u00e4ser Burkard Kunkel und der Wahl-Frankfurter Bob Degen am Piano einen Platz auf der Bestenliste (2. Quartal 2023) vom Preis der deutschen Schallplattenkritik ergattert. Wohlverdient, mag man schon ins Horn sto\u00dfen, bevor die musikalischen &#8222;G\u00e4nse&#8220; schnatternd gew\u00fcrdigt worden sind. Daf\u00fcr spricht ein kurzer R\u00fcckblick auf das vor neun Jahren erschienene Duo-Album &#8222;Down By The Harbour&#8220;. Selbiges bewegt sich in seiner lyrischen Intensit\u00e4t und musikalisch-k\u00fcnstlerischen Qualit\u00e4t auf dem gleichen hohen Niveau wie das Ver\u00f6ffentlichte.<\/p>\n<p>Die Idee zum neuen Album, schreibt Kunkel in den knappen Linernotes, ist bei einem Italientrip im Fr\u00fchjahr 2022 entstanden, wovon auch einige der Fotos zeugen. Die zeigen die beiden noch gut verpackten Musikerfreunde in aufbrechender Natur, Kunkel mit dem selten im Bereich des Jazz zu h\u00f6renden Bassetthorn in der Hand. Erneut sind einige der zwischen drei und sieben Minuten langen St\u00fccke gemeinsam entwickelt worden, drei hat Degen und f\u00fcnf Kunkel beigesteuert.<\/p>\n<h3>Lyrische Kathedralen und Seen<\/h3>\n<p>Nahezu beschwingt betritt Degen &#8222;Catedral B.&#8220; (B. steht f\u00fcr Burgos), w\u00e4hrend ein feiner Hauch die Anwesenheit Kunkels mehr erahnen als h\u00f6ren l\u00e4sst. And\u00e4chtig setzt die Bassklarinette ein, geleitet von einem melancholischen Klaviermotiv schwingt sie sich auf und erz\u00e4hlt mit expressivem Staunen von der Erhabenheit und Sch\u00f6nheit des Kirchenraums. Es ist eines der l\u00e4ngsten und intensivsten Soli des Albums, dem sich der Pianist mit einem blueserf\u00fcllten kurzen Tanz auf seinen Tasten anschlie\u00dft.<\/p>\n<p>Im anschlie\u00dfenden &#8222;Memoria a Como&#8220; h\u00e4ngt der Bl\u00e4ser auf dem Bassetthorn seinen Erinnerungen an den Aufenthalt am Comer See nach. Dass das Herz eines B\u00e4ren (&#8222;The Heart of the Bear&#8220;) nicht nur stark und mutig ist, sondern auch sehr zarte und sanfte Seiten hat, l\u00e4sst sich im wunderbar entwickelten vorletzten St\u00fcck nachh\u00f6ren. Darauf spielt der Holzbl\u00e4ser neben der Bassklarinette auch die Shrutibox. Auf dem letzten St\u00fcck, &#8222;Paris \u2013 St. Rochus&#8220;, kommt zus\u00e4tzlich die Zither dazu, die Kunkel mit der linken Hand spielt, w\u00e4hrend er mit der rechten sein Bassetthorn bl\u00e4st, wundersch\u00f6n umrahmt und aufgefangen von Degens lyrischen Gedankeng\u00e4ngen.<\/p>\n<h3>Wellen, die weiterziehen<\/h3>\n<p>Die wei\u00dfen G\u00e4nse auf dem Cover spielen in zweierlei Hinsicht tats\u00e4chlich eine Rolle. Sie stehen f\u00fcr Wachsamkeit, eine Eigenschaft, die in jedem Klang und Ton der beiden Musiker mitschwingt, und f\u00fcr eine gewisse Beharrlichkeit, die jeder schon einmal versp\u00fcrt hat, der versucht hat sich mit einer Gans anzulegen. Zudem lebt Kunkel nahe am Wasser, das erste Album weist bereits viele Bez\u00fcge zu Fl\u00fcssen und Wasser auf, und bekennt sich auch dazu, dass &#8222;Wasser f\u00fcr mich generell wichtig (ist), egal ob Meer oder Flu\u00df, Quelle oder See&#8220;. &#8222;Das Weiterziehen der Wellen sind f\u00fcr ihn ein positives Bild. Stillstand ist keine Option, Weitermachen die Perspektive&#8220;, ist in der Begr\u00fcndung f\u00fcr den Preis der deutschen Schallplattenkritik zu lesen. \u00dcber Bob Degen urteilt die Jury: &#8222;Wer Bob Degen am Klavier h\u00f6rt, fragt sich zuweilen, warum er nicht jemand wie Keith Jarrett geworden ist. Diese schwelgerische, oft pointillistisch reduzierte Lyrik h\u00e4tte mehr verdient.&#8220;<\/p>\n<p><img data-recalc-dims=\"1\" loading=\"lazy\" decoding=\"async\" data-attachment-id=\"29500\" data-permalink=\"https:\/\/www.jazzzeitung.de\/cms\/2023\/06\/cd-rezension-burkard-kunkel-bob-degen-two-geese-by-the-river\/800_63b562adbdeb1\/\" data-orig-file=\"https:\/\/i0.wp.com\/www.jazzzeitung.de\/cms\/wp-content\/uploads\/2023\/05\/800_63b562adbdeb1.webp?fit=800%2C533&amp;ssl=1\" data-orig-size=\"800,533\" data-comments-opened=\"1\" data-image-meta=\"{&quot;aperture&quot;:&quot;0&quot;,&quot;credit&quot;:&quot;&quot;,&quot;camera&quot;:&quot;&quot;,&quot;caption&quot;:&quot;&quot;,&quot;created_timestamp&quot;:&quot;0&quot;,&quot;copyright&quot;:&quot;&quot;,&quot;focal_length&quot;:&quot;0&quot;,&quot;iso&quot;:&quot;0&quot;,&quot;shutter_speed&quot;:&quot;0&quot;,&quot;title&quot;:&quot;&quot;,&quot;orientation&quot;:&quot;0&quot;}\" data-image-title=\"800_63b562adbdeb1\" data-image-description=\"\" data-image-caption=\"\" data-large-file=\"https:\/\/i0.wp.com\/www.jazzzeitung.de\/cms\/wp-content\/uploads\/2023\/05\/800_63b562adbdeb1.webp?fit=800%2C533&amp;ssl=1\" class=\"alignleft wp-image-29500\" src=\"https:\/\/i0.wp.com\/www.jazzzeitung.de\/cms\/wp-content\/uploads\/2023\/05\/800_63b562adbdeb1.webp?resize=477%2C318&#038;ssl=1\" alt=\"\" width=\"477\" height=\"318\" srcset=\"https:\/\/i0.wp.com\/www.jazzzeitung.de\/cms\/wp-content\/uploads\/2023\/05\/800_63b562adbdeb1.webp?w=800&amp;ssl=1 800w, https:\/\/i0.wp.com\/www.jazzzeitung.de\/cms\/wp-content\/uploads\/2023\/05\/800_63b562adbdeb1.webp?resize=300%2C200&amp;ssl=1 300w, https:\/\/i0.wp.com\/www.jazzzeitung.de\/cms\/wp-content\/uploads\/2023\/05\/800_63b562adbdeb1.webp?resize=768%2C512&amp;ssl=1 768w, https:\/\/i0.wp.com\/www.jazzzeitung.de\/cms\/wp-content\/uploads\/2023\/05\/800_63b562adbdeb1.webp?resize=120%2C80&amp;ssl=1 120w\" sizes=\"auto, (max-width: 477px) 100vw, 477px\" \/><\/p>\n<p>Mit dem Preis bekommt das Duo hoffentlich etwas mehr von der Aufmerksamkeit, die sie gegenseitig f\u00fcr ihr Spiel aufbringen, das so gar nichts von Gel\u00e4ufigkeit hat. Vielmehr ist es von einer tiefen Achtung, Respekt, aber auch von einem gemeinsamen Ringen um den st\u00e4rksten Ausdruck durchzogen. Dabei kommt auch ihr schr\u00e4ger Humor nicht zu kurz, wie Titel wie &#8222;Roadrunner meets Obelix&#8220; oder &#8222;Two Parrots meet Benny&#8220; erkennen lassen. Eine geheimnisvolle Hommage an Christian Morgenstern (&#8222;CMS&#8220;) hat Degen verfasst, aufgerauht vom dunklen Spiel des Multiinstrumentalisten vom Main.<\/p>\n<p>&nbsp;<\/p>\n<p><strong>Burkard Kunkel &amp; Bob Degen, Two Geese By The River, triangolo LC 2150<\/strong><\/p>\n<p>Bestellung: <a href=\"mailto:Burkard.Kunkel@gmx.de\">Burkard.Kunkel@gmx.de<\/a><\/p>\n<p>Beitragsbild: Kunkel\/triangolo<\/p>\n","protected":false},"excerpt":{"rendered":"<p>F\u00fcr die beiden Protagonisten war es wohl eine noch gr\u00f6\u00dfere \u00dcberraschung als f\u00fcr ihr musikalisches und Publikumsumfeld. F\u00fcr ihr im Selbstverlag produziertes und vertriebenes Album &#8222;Two Geese by the River&#8220; haben der im Spessart lebende Holzbl\u00e4ser Burkard Kunkel und der Wahl-Frankfurter Bob Degen am Piano einen Platz auf der Bestenliste (2. Quartal 2023) vom Preis der deutschen Schallplattenkritik ergattert. Wohlverdient, mag man schon ins Horn sto\u00dfen, bevor die musikalischen &#8222;G\u00e4nse&#8220; schnatternd gew\u00fcrdigt worden sind. Daf\u00fcr spricht ein kurzer R\u00fcckblick auf das vor neun Jahren erschienene Duo-Album &#8222;Down By The Harbour&#8220;. Selbiges bewegt sich in seiner lyrischen Intensit\u00e4t und musikalisch-k\u00fcnstlerischen Qualit\u00e4t auf dem gleichen hohen Niveau wie das Ver\u00f6ffentlichte. Die Idee zum neuen Album, schreibt Kunkel in den knappen Linernotes, ist bei einem Italientrip im Fr\u00fchjahr 2022 entstanden, wovon auch einige der Fotos zeugen. Die zeigen die beiden noch gut verpackten Musikerfreunde in aufbrechender Natur, Kunkel mit dem selten im Bereich des Jazz zu h\u00f6renden Bassetthorn in der Hand. Erneut sind einige der zwischen drei und sieben Minuten langen St\u00fccke gemeinsam entwickelt worden, drei hat Degen und f\u00fcnf Kunkel beigesteuert. Lyrische Kathedralen und Seen Nahezu beschwingt &hellip;<\/p>\n","protected":false},"author":37,"featured_media":29499,"comment_status":"open","ping_status":"closed","sticky":false,"template":"","format":"standard","meta":{"_jetpack_memberships_contains_paid_content":false,"footnotes":"","jetpack_publicize_message":"","jetpack_publicize_feature_enabled":true,"jetpack_social_post_already_shared":false,"jetpack_social_options":{"image_generator_settings":{"template":"highway","default_image_id":0,"font":"","enabled":false},"version":2}},"categories":[1152],"tags":[34,4926,4925,109,1027,847,1485,4929,4928,1406,1186,4927],"coauthors":[1765],"class_list":["post-29494","post","type-post","status-publish","format-standard","has-post-thumbnail","hentry","category-rezension","tag-album","tag-bob-degen","tag-burkard-kunkel","tag-cd","tag-cd-besprechung","tag-cd-kritik","tag-cd-rezension","tag-deutsche-schallplattenkritik","tag-down-by-the-harbour","tag-duo","tag-rezension","tag-two-geese-by-the-river"],"yoast_head":"<!-- This site is optimized with the Yoast SEO plugin v27.5 - https:\/\/yoast.com\/product\/yoast-seo-wordpress\/ -->\n<title>CD-Rezension: Burkard Kunkel &amp; Bob Degen \u2013 Two Geese By The River - JazzZeitung<\/title>\n<meta name=\"robots\" content=\"index, follow, max-snippet:-1, max-image-preview:large, max-video-preview:-1\" \/>\n<link rel=\"canonical\" href=\"https:\/\/www.jazzzeitung.de\/cms\/2023\/06\/cd-rezension-burkard-kunkel-bob-degen-two-geese-by-the-river\/\" \/>\n<meta property=\"og:locale\" content=\"de_DE\" \/>\n<meta property=\"og:type\" content=\"article\" \/>\n<meta property=\"og:title\" content=\"CD-Rezension: Burkard Kunkel &amp; Bob Degen \u2013 Two Geese By The River - JazzZeitung\" \/>\n<meta property=\"og:description\" content=\"F\u00fcr die beiden Protagonisten war es wohl eine noch gr\u00f6\u00dfere \u00dcberraschung als f\u00fcr ihr musikalisches und Publikumsumfeld. F\u00fcr ihr im Selbstverlag produziertes und vertriebenes Album &#8222;Two Geese by the River&#8220; haben der im Spessart lebende Holzbl\u00e4ser Burkard Kunkel und der Wahl-Frankfurter Bob Degen am Piano einen Platz auf der Bestenliste (2. Quartal 2023) vom Preis der deutschen Schallplattenkritik ergattert. Wohlverdient, mag man schon ins Horn sto\u00dfen, bevor die musikalischen &#8222;G\u00e4nse&#8220; schnatternd gew\u00fcrdigt worden sind. Daf\u00fcr spricht ein kurzer R\u00fcckblick auf das vor neun Jahren erschienene Duo-Album &#8222;Down By The Harbour&#8220;. Selbiges bewegt sich in seiner lyrischen Intensit\u00e4t und musikalisch-k\u00fcnstlerischen Qualit\u00e4t auf dem gleichen hohen Niveau wie das Ver\u00f6ffentlichte. Die Idee zum neuen Album, schreibt Kunkel in den knappen Linernotes, ist bei einem Italientrip im Fr\u00fchjahr 2022 entstanden, wovon auch einige der Fotos zeugen. Die zeigen die beiden noch gut verpackten Musikerfreunde in aufbrechender Natur, Kunkel mit dem selten im Bereich des Jazz zu h\u00f6renden Bassetthorn in der Hand. Erneut sind einige der zwischen drei und sieben Minuten langen St\u00fccke gemeinsam entwickelt worden, drei hat Degen und f\u00fcnf Kunkel beigesteuert. Lyrische Kathedralen und Seen Nahezu beschwingt &hellip;\" \/>\n<meta property=\"og:url\" content=\"https:\/\/www.jazzzeitung.de\/cms\/2023\/06\/cd-rezension-burkard-kunkel-bob-degen-two-geese-by-the-river\/\" \/>\n<meta property=\"og:site_name\" content=\"JazzZeitung\" \/>\n<meta property=\"article:publisher\" content=\"https:\/\/www.facebook.com\/JazzZeitung\/\" \/>\n<meta property=\"article:published_time\" content=\"2023-06-06T06:55:17+00:00\" \/>\n<meta property=\"og:image\" content=\"https:\/\/i0.wp.com\/www.jazzzeitung.de\/cms\/wp-content\/uploads\/2023\/05\/800_63b563842e0e0.webp?fit=800%2C533&ssl=1\" \/>\n\t<meta property=\"og:image:width\" content=\"800\" \/>\n\t<meta property=\"og:image:height\" content=\"533\" \/>\n\t<meta property=\"og:image:type\" content=\"image\/webp\" \/>\n<meta name=\"author\" content=\"Michael Scheiner\" \/>\n<script type=\"application\/ld+json\" class=\"yoast-schema-graph\">{\"@context\":\"https:\\\/\\\/schema.org\",\"@graph\":[{\"@type\":\"Article\",\"@id\":\"https:\\\/\\\/www.jazzzeitung.de\\\/cms\\\/2023\\\/06\\\/cd-rezension-burkard-kunkel-bob-degen-two-geese-by-the-river\\\/#article\",\"isPartOf\":{\"@id\":\"https:\\\/\\\/www.jazzzeitung.de\\\/cms\\\/2023\\\/06\\\/cd-rezension-burkard-kunkel-bob-degen-two-geese-by-the-river\\\/\"},\"author\":{\"name\":\"Michael Scheiner\",\"@id\":\"https:\\\/\\\/www.jazzzeitung.de\\\/cms\\\/#\\\/schema\\\/person\\\/a0bebd4d1728041629a3cbd7790f87fb\"},\"headline\":\"CD-Rezension: Burkard Kunkel &#038; Bob Degen \u2013 Two Geese By The River\",\"datePublished\":\"2023-06-06T06:55:17+00:00\",\"mainEntityOfPage\":{\"@id\":\"https:\\\/\\\/www.jazzzeitung.de\\\/cms\\\/2023\\\/06\\\/cd-rezension-burkard-kunkel-bob-degen-two-geese-by-the-river\\\/\"},\"wordCount\":675,\"commentCount\":0,\"publisher\":{\"@id\":\"https:\\\/\\\/www.jazzzeitung.de\\\/cms\\\/#organization\"},\"image\":{\"@id\":\"https:\\\/\\\/www.jazzzeitung.de\\\/cms\\\/2023\\\/06\\\/cd-rezension-burkard-kunkel-bob-degen-two-geese-by-the-river\\\/#primaryimage\"},\"thumbnailUrl\":\"https:\\\/\\\/i0.wp.com\\\/www.jazzzeitung.de\\\/cms\\\/wp-content\\\/uploads\\\/2023\\\/05\\\/800_63b563842e0e0.webp?fit=800%2C533&ssl=1\",\"keywords\":[\"Album\",\"Bob Degen\",\"Burkard Kunkel\",\"CD\",\"CD-Besprechung\",\"CD-Kritik\",\"CD-Rezension\",\"Deutsche Schallplattenkritik\",\"Down By The Harbour\",\"duo\",\"Rezension\",\"Two Geese By The River\"],\"articleSection\":[\"Rezension\"],\"inLanguage\":\"de\",\"potentialAction\":[{\"@type\":\"CommentAction\",\"name\":\"Comment\",\"target\":[\"https:\\\/\\\/www.jazzzeitung.de\\\/cms\\\/2023\\\/06\\\/cd-rezension-burkard-kunkel-bob-degen-two-geese-by-the-river\\\/#respond\"]}]},{\"@type\":\"WebPage\",\"@id\":\"https:\\\/\\\/www.jazzzeitung.de\\\/cms\\\/2023\\\/06\\\/cd-rezension-burkard-kunkel-bob-degen-two-geese-by-the-river\\\/\",\"url\":\"https:\\\/\\\/www.jazzzeitung.de\\\/cms\\\/2023\\\/06\\\/cd-rezension-burkard-kunkel-bob-degen-two-geese-by-the-river\\\/\",\"name\":\"CD-Rezension: Burkard Kunkel & Bob Degen \u2013 Two Geese By The River - JazzZeitung\",\"isPartOf\":{\"@id\":\"https:\\\/\\\/www.jazzzeitung.de\\\/cms\\\/#website\"},\"primaryImageOfPage\":{\"@id\":\"https:\\\/\\\/www.jazzzeitung.de\\\/cms\\\/2023\\\/06\\\/cd-rezension-burkard-kunkel-bob-degen-two-geese-by-the-river\\\/#primaryimage\"},\"image\":{\"@id\":\"https:\\\/\\\/www.jazzzeitung.de\\\/cms\\\/2023\\\/06\\\/cd-rezension-burkard-kunkel-bob-degen-two-geese-by-the-river\\\/#primaryimage\"},\"thumbnailUrl\":\"https:\\\/\\\/i0.wp.com\\\/www.jazzzeitung.de\\\/cms\\\/wp-content\\\/uploads\\\/2023\\\/05\\\/800_63b563842e0e0.webp?fit=800%2C533&ssl=1\",\"datePublished\":\"2023-06-06T06:55:17+00:00\",\"breadcrumb\":{\"@id\":\"https:\\\/\\\/www.jazzzeitung.de\\\/cms\\\/2023\\\/06\\\/cd-rezension-burkard-kunkel-bob-degen-two-geese-by-the-river\\\/#breadcrumb\"},\"inLanguage\":\"de\",\"potentialAction\":[{\"@type\":\"ReadAction\",\"target\":[\"https:\\\/\\\/www.jazzzeitung.de\\\/cms\\\/2023\\\/06\\\/cd-rezension-burkard-kunkel-bob-degen-two-geese-by-the-river\\\/\"]}]},{\"@type\":\"ImageObject\",\"inLanguage\":\"de\",\"@id\":\"https:\\\/\\\/www.jazzzeitung.de\\\/cms\\\/2023\\\/06\\\/cd-rezension-burkard-kunkel-bob-degen-two-geese-by-the-river\\\/#primaryimage\",\"url\":\"https:\\\/\\\/i0.wp.com\\\/www.jazzzeitung.de\\\/cms\\\/wp-content\\\/uploads\\\/2023\\\/05\\\/800_63b563842e0e0.webp?fit=800%2C533&ssl=1\",\"contentUrl\":\"https:\\\/\\\/i0.wp.com\\\/www.jazzzeitung.de\\\/cms\\\/wp-content\\\/uploads\\\/2023\\\/05\\\/800_63b563842e0e0.webp?fit=800%2C533&ssl=1\",\"width\":800,\"height\":533},{\"@type\":\"BreadcrumbList\",\"@id\":\"https:\\\/\\\/www.jazzzeitung.de\\\/cms\\\/2023\\\/06\\\/cd-rezension-burkard-kunkel-bob-degen-two-geese-by-the-river\\\/#breadcrumb\",\"itemListElement\":[{\"@type\":\"ListItem\",\"position\":1,\"name\":\"Startseite\",\"item\":\"https:\\\/\\\/www.jazzzeitung.de\\\/cms\\\/\"},{\"@type\":\"ListItem\",\"position\":2,\"name\":\"CD-Rezension: Burkard Kunkel &#038; Bob Degen \u2013 Two Geese By The River\"}]},{\"@type\":\"WebSite\",\"@id\":\"https:\\\/\\\/www.jazzzeitung.de\\\/cms\\\/#website\",\"url\":\"https:\\\/\\\/www.jazzzeitung.de\\\/cms\\\/\",\"name\":\"JazzZeitung\",\"description\":\"Jazz-News und Jazz-Kontroverses\",\"publisher\":{\"@id\":\"https:\\\/\\\/www.jazzzeitung.de\\\/cms\\\/#organization\"},\"potentialAction\":[{\"@type\":\"SearchAction\",\"target\":{\"@type\":\"EntryPoint\",\"urlTemplate\":\"https:\\\/\\\/www.jazzzeitung.de\\\/cms\\\/?s={search_term_string}\"},\"query-input\":{\"@type\":\"PropertyValueSpecification\",\"valueRequired\":true,\"valueName\":\"search_term_string\"}}],\"inLanguage\":\"de\"},{\"@type\":\"Organization\",\"@id\":\"https:\\\/\\\/www.jazzzeitung.de\\\/cms\\\/#organization\",\"name\":\"JazzZeitung online\",\"url\":\"https:\\\/\\\/www.jazzzeitung.de\\\/cms\\\/\",\"logo\":{\"@type\":\"ImageObject\",\"inLanguage\":\"de\",\"@id\":\"https:\\\/\\\/www.jazzzeitung.de\\\/cms\\\/#\\\/schema\\\/logo\\\/image\\\/\",\"url\":\"https:\\\/\\\/i0.wp.com\\\/www.jazzzeitung.de\\\/cms\\\/wp-content\\\/uploads\\\/2015\\\/08\\\/JAZZZEITUNGDE_Logo_Neu.png?fit=499%2C200&ssl=1\",\"contentUrl\":\"https:\\\/\\\/i0.wp.com\\\/www.jazzzeitung.de\\\/cms\\\/wp-content\\\/uploads\\\/2015\\\/08\\\/JAZZZEITUNGDE_Logo_Neu.png?fit=499%2C200&ssl=1\",\"width\":499,\"height\":200,\"caption\":\"JazzZeitung online\"},\"image\":{\"@id\":\"https:\\\/\\\/www.jazzzeitung.de\\\/cms\\\/#\\\/schema\\\/logo\\\/image\\\/\"},\"sameAs\":[\"https:\\\/\\\/www.facebook.com\\\/JazzZeitung\\\/\"]},{\"@type\":\"Person\",\"@id\":\"https:\\\/\\\/www.jazzzeitung.de\\\/cms\\\/#\\\/schema\\\/person\\\/a0bebd4d1728041629a3cbd7790f87fb\",\"name\":\"Michael Scheiner\",\"image\":{\"@type\":\"ImageObject\",\"inLanguage\":\"de\",\"@id\":\"https:\\\/\\\/secure.gravatar.com\\\/avatar\\\/c2d6ac12f682c419867cf3f803880bb41d5b23007d3670820aa9a6e7b5f6ec8d?s=96&d=wp_user_avatar&r=gdabb1b10453880983dfc53da7552ec76\",\"url\":\"https:\\\/\\\/secure.gravatar.com\\\/avatar\\\/c2d6ac12f682c419867cf3f803880bb41d5b23007d3670820aa9a6e7b5f6ec8d?s=96&d=wp_user_avatar&r=g\",\"contentUrl\":\"https:\\\/\\\/secure.gravatar.com\\\/avatar\\\/c2d6ac12f682c419867cf3f803880bb41d5b23007d3670820aa9a6e7b5f6ec8d?s=96&d=wp_user_avatar&r=g\",\"caption\":\"Michael Scheiner\"},\"sameAs\":[\"http:\\\/\\\/www.michaelscheiner.de\"],\"url\":\"https:\\\/\\\/www.jazzzeitung.de\\\/cms\\\/author\\\/mscheiner\\\/\"}]}<\/script>\n<!-- \/ Yoast SEO plugin. -->","yoast_head_json":{"title":"CD-Rezension: Burkard Kunkel & Bob Degen \u2013 Two Geese By The River - JazzZeitung","robots":{"index":"index","follow":"follow","max-snippet":"max-snippet:-1","max-image-preview":"max-image-preview:large","max-video-preview":"max-video-preview:-1"},"canonical":"https:\/\/www.jazzzeitung.de\/cms\/2023\/06\/cd-rezension-burkard-kunkel-bob-degen-two-geese-by-the-river\/","og_locale":"de_DE","og_type":"article","og_title":"CD-Rezension: Burkard Kunkel & Bob Degen \u2013 Two Geese By The River - JazzZeitung","og_description":"F\u00fcr die beiden Protagonisten war es wohl eine noch gr\u00f6\u00dfere \u00dcberraschung als f\u00fcr ihr musikalisches und Publikumsumfeld. F\u00fcr ihr im Selbstverlag produziertes und vertriebenes Album &#8222;Two Geese by the River&#8220; haben der im Spessart lebende Holzbl\u00e4ser Burkard Kunkel und der Wahl-Frankfurter Bob Degen am Piano einen Platz auf der Bestenliste (2. Quartal 2023) vom Preis der deutschen Schallplattenkritik ergattert. Wohlverdient, mag man schon ins Horn sto\u00dfen, bevor die musikalischen &#8222;G\u00e4nse&#8220; schnatternd gew\u00fcrdigt worden sind. Daf\u00fcr spricht ein kurzer R\u00fcckblick auf das vor neun Jahren erschienene Duo-Album &#8222;Down By The Harbour&#8220;. Selbiges bewegt sich in seiner lyrischen Intensit\u00e4t und musikalisch-k\u00fcnstlerischen Qualit\u00e4t auf dem gleichen hohen Niveau wie das Ver\u00f6ffentlichte. Die Idee zum neuen Album, schreibt Kunkel in den knappen Linernotes, ist bei einem Italientrip im Fr\u00fchjahr 2022 entstanden, wovon auch einige der Fotos zeugen. Die zeigen die beiden noch gut verpackten Musikerfreunde in aufbrechender Natur, Kunkel mit dem selten im Bereich des Jazz zu h\u00f6renden Bassetthorn in der Hand. Erneut sind einige der zwischen drei und sieben Minuten langen St\u00fccke gemeinsam entwickelt worden, drei hat Degen und f\u00fcnf Kunkel beigesteuert. Lyrische Kathedralen und Seen Nahezu beschwingt &hellip;","og_url":"https:\/\/www.jazzzeitung.de\/cms\/2023\/06\/cd-rezension-burkard-kunkel-bob-degen-two-geese-by-the-river\/","og_site_name":"JazzZeitung","article_publisher":"https:\/\/www.facebook.com\/JazzZeitung\/","article_published_time":"2023-06-06T06:55:17+00:00","og_image":[{"width":800,"height":533,"url":"https:\/\/i0.wp.com\/www.jazzzeitung.de\/cms\/wp-content\/uploads\/2023\/05\/800_63b563842e0e0.webp?fit=800%2C533&ssl=1","type":"image\/webp"}],"author":"Michael Scheiner","schema":{"@context":"https:\/\/schema.org","@graph":[{"@type":"Article","@id":"https:\/\/www.jazzzeitung.de\/cms\/2023\/06\/cd-rezension-burkard-kunkel-bob-degen-two-geese-by-the-river\/#article","isPartOf":{"@id":"https:\/\/www.jazzzeitung.de\/cms\/2023\/06\/cd-rezension-burkard-kunkel-bob-degen-two-geese-by-the-river\/"},"author":{"name":"Michael Scheiner","@id":"https:\/\/www.jazzzeitung.de\/cms\/#\/schema\/person\/a0bebd4d1728041629a3cbd7790f87fb"},"headline":"CD-Rezension: Burkard Kunkel &#038; Bob Degen \u2013 Two Geese By The River","datePublished":"2023-06-06T06:55:17+00:00","mainEntityOfPage":{"@id":"https:\/\/www.jazzzeitung.de\/cms\/2023\/06\/cd-rezension-burkard-kunkel-bob-degen-two-geese-by-the-river\/"},"wordCount":675,"commentCount":0,"publisher":{"@id":"https:\/\/www.jazzzeitung.de\/cms\/#organization"},"image":{"@id":"https:\/\/www.jazzzeitung.de\/cms\/2023\/06\/cd-rezension-burkard-kunkel-bob-degen-two-geese-by-the-river\/#primaryimage"},"thumbnailUrl":"https:\/\/i0.wp.com\/www.jazzzeitung.de\/cms\/wp-content\/uploads\/2023\/05\/800_63b563842e0e0.webp?fit=800%2C533&ssl=1","keywords":["Album","Bob Degen","Burkard Kunkel","CD","CD-Besprechung","CD-Kritik","CD-Rezension","Deutsche Schallplattenkritik","Down By The Harbour","duo","Rezension","Two Geese By The River"],"articleSection":["Rezension"],"inLanguage":"de","potentialAction":[{"@type":"CommentAction","name":"Comment","target":["https:\/\/www.jazzzeitung.de\/cms\/2023\/06\/cd-rezension-burkard-kunkel-bob-degen-two-geese-by-the-river\/#respond"]}]},{"@type":"WebPage","@id":"https:\/\/www.jazzzeitung.de\/cms\/2023\/06\/cd-rezension-burkard-kunkel-bob-degen-two-geese-by-the-river\/","url":"https:\/\/www.jazzzeitung.de\/cms\/2023\/06\/cd-rezension-burkard-kunkel-bob-degen-two-geese-by-the-river\/","name":"CD-Rezension: Burkard Kunkel & Bob Degen \u2013 Two Geese By The River - JazzZeitung","isPartOf":{"@id":"https:\/\/www.jazzzeitung.de\/cms\/#website"},"primaryImageOfPage":{"@id":"https:\/\/www.jazzzeitung.de\/cms\/2023\/06\/cd-rezension-burkard-kunkel-bob-degen-two-geese-by-the-river\/#primaryimage"},"image":{"@id":"https:\/\/www.jazzzeitung.de\/cms\/2023\/06\/cd-rezension-burkard-kunkel-bob-degen-two-geese-by-the-river\/#primaryimage"},"thumbnailUrl":"https:\/\/i0.wp.com\/www.jazzzeitung.de\/cms\/wp-content\/uploads\/2023\/05\/800_63b563842e0e0.webp?fit=800%2C533&ssl=1","datePublished":"2023-06-06T06:55:17+00:00","breadcrumb":{"@id":"https:\/\/www.jazzzeitung.de\/cms\/2023\/06\/cd-rezension-burkard-kunkel-bob-degen-two-geese-by-the-river\/#breadcrumb"},"inLanguage":"de","potentialAction":[{"@type":"ReadAction","target":["https:\/\/www.jazzzeitung.de\/cms\/2023\/06\/cd-rezension-burkard-kunkel-bob-degen-two-geese-by-the-river\/"]}]},{"@type":"ImageObject","inLanguage":"de","@id":"https:\/\/www.jazzzeitung.de\/cms\/2023\/06\/cd-rezension-burkard-kunkel-bob-degen-two-geese-by-the-river\/#primaryimage","url":"https:\/\/i0.wp.com\/www.jazzzeitung.de\/cms\/wp-content\/uploads\/2023\/05\/800_63b563842e0e0.webp?fit=800%2C533&ssl=1","contentUrl":"https:\/\/i0.wp.com\/www.jazzzeitung.de\/cms\/wp-content\/uploads\/2023\/05\/800_63b563842e0e0.webp?fit=800%2C533&ssl=1","width":800,"height":533},{"@type":"BreadcrumbList","@id":"https:\/\/www.jazzzeitung.de\/cms\/2023\/06\/cd-rezension-burkard-kunkel-bob-degen-two-geese-by-the-river\/#breadcrumb","itemListElement":[{"@type":"ListItem","position":1,"name":"Startseite","item":"https:\/\/www.jazzzeitung.de\/cms\/"},{"@type":"ListItem","position":2,"name":"CD-Rezension: Burkard Kunkel &#038; Bob Degen \u2013 Two Geese By The River"}]},{"@type":"WebSite","@id":"https:\/\/www.jazzzeitung.de\/cms\/#website","url":"https:\/\/www.jazzzeitung.de\/cms\/","name":"JazzZeitung","description":"Jazz-News und Jazz-Kontroverses","publisher":{"@id":"https:\/\/www.jazzzeitung.de\/cms\/#organization"},"potentialAction":[{"@type":"SearchAction","target":{"@type":"EntryPoint","urlTemplate":"https:\/\/www.jazzzeitung.de\/cms\/?s={search_term_string}"},"query-input":{"@type":"PropertyValueSpecification","valueRequired":true,"valueName":"search_term_string"}}],"inLanguage":"de"},{"@type":"Organization","@id":"https:\/\/www.jazzzeitung.de\/cms\/#organization","name":"JazzZeitung online","url":"https:\/\/www.jazzzeitung.de\/cms\/","logo":{"@type":"ImageObject","inLanguage":"de","@id":"https:\/\/www.jazzzeitung.de\/cms\/#\/schema\/logo\/image\/","url":"https:\/\/i0.wp.com\/www.jazzzeitung.de\/cms\/wp-content\/uploads\/2015\/08\/JAZZZEITUNGDE_Logo_Neu.png?fit=499%2C200&ssl=1","contentUrl":"https:\/\/i0.wp.com\/www.jazzzeitung.de\/cms\/wp-content\/uploads\/2015\/08\/JAZZZEITUNGDE_Logo_Neu.png?fit=499%2C200&ssl=1","width":499,"height":200,"caption":"JazzZeitung online"},"image":{"@id":"https:\/\/www.jazzzeitung.de\/cms\/#\/schema\/logo\/image\/"},"sameAs":["https:\/\/www.facebook.com\/JazzZeitung\/"]},{"@type":"Person","@id":"https:\/\/www.jazzzeitung.de\/cms\/#\/schema\/person\/a0bebd4d1728041629a3cbd7790f87fb","name":"Michael Scheiner","image":{"@type":"ImageObject","inLanguage":"de","@id":"https:\/\/secure.gravatar.com\/avatar\/c2d6ac12f682c419867cf3f803880bb41d5b23007d3670820aa9a6e7b5f6ec8d?s=96&d=wp_user_avatar&r=gdabb1b10453880983dfc53da7552ec76","url":"https:\/\/secure.gravatar.com\/avatar\/c2d6ac12f682c419867cf3f803880bb41d5b23007d3670820aa9a6e7b5f6ec8d?s=96&d=wp_user_avatar&r=g","contentUrl":"https:\/\/secure.gravatar.com\/avatar\/c2d6ac12f682c419867cf3f803880bb41d5b23007d3670820aa9a6e7b5f6ec8d?s=96&d=wp_user_avatar&r=g","caption":"Michael Scheiner"},"sameAs":["http:\/\/www.michaelscheiner.de"],"url":"https:\/\/www.jazzzeitung.de\/cms\/author\/mscheiner\/"}]}},"wp-worthy-pixel":{"ignored":false,"public":null,"server":null,"url":null},"wp-worthy-type":"normal","jetpack_publicize_connections":[],"cc_featured_image_caption":{"caption_text":"","source_text":"","source_url":""},"jetpack_featured_media_url":"https:\/\/i0.wp.com\/www.jazzzeitung.de\/cms\/wp-content\/uploads\/2023\/05\/800_63b563842e0e0.webp?fit=800%2C533&ssl=1","jetpack_shortlink":"https:\/\/wp.me\/p3KEcT-7FI","jetpack-related-posts":[{"id":8285,"url":"https:\/\/www.jazzzeitung.de\/cms\/2016\/02\/cd-rezension-kunkel-degen-harbour\/","url_meta":{"origin":29494,"position":0},"title":"CD-Rezension Kunkel-Degen: Down By The Harbour","author":"Redaktion JazzZeitung","date":"3. Februar 2016","format":false,"excerpt":"Von Michael Scheiner - Der Mee, wie der bayerisch-hessische Main im Dialekt hei\u00dft, ger\u00e4t selten in den Fokus k\u00fcnstlerischer Auseinandersetzung. Bob Degen (p) und Holzbl\u00e4ser Burkard Kunkel aus der Frankfurter Jazzszene d\u00fcrfte er als Inspirationsquelle f\u00fcr ihr Duoalbum gedient haben. Es ist zwar nirgends vermerkt, dass das Titelst\u00fcck Down By\u2026","rel":"","context":"In &quot;Rezension&quot;","block_context":{"text":"Rezension","link":"https:\/\/www.jazzzeitung.de\/cms\/thema\/rezension\/"},"img":{"alt_text":"cover1_harbour","src":"https:\/\/i0.wp.com\/www.jazzzeitung.de\/cms\/wp-content\/uploads\/2016\/02\/cover1_harbour-150x150.jpg?resize=350%2C200","width":350,"height":200},"classes":[]},{"id":14903,"url":"https:\/\/www.jazzzeitung.de\/cms\/2018\/01\/cd-rezension-till-broenner-dieter-ilg-nightfall\/","url_meta":{"origin":29494,"position":1},"title":"CD-Rezension: Till Br\u00f6nner &#038; Dieter Ilg: Nightfall","author":"Thomas J. Krebs","date":"27. Januar 2018","format":false,"excerpt":"Till Br\u00f6nner und Dieter Ilg im Duo, diese Konstellation konnten bis dato nur wenige Zuh\u00f6rer in sporadischen Konzerten erleben. Nun war die Zeit reif f\u00fcr einen Tontr\u00e4ger \u2013 und damit geht f\u00fcr so manchen Jazzfan ein Traum in Erf\u00fcllung. Die Rede ist von \u201eNightfall\u201c, der brandneuen, bei OKeh\/Sony Music erschienenen,\u2026","rel":"","context":"In &quot;Rezension&quot;","block_context":{"text":"Rezension","link":"https:\/\/www.jazzzeitung.de\/cms\/thema\/rezension\/"},"img":{"alt_text":"","src":"https:\/\/i0.wp.com\/www.jazzzeitung.de\/cms\/wp-content\/uploads\/2018\/01\/Br%C3%B6nner-Ilg-Nightfall-Cover.jpg?fit=1200%2C1200&ssl=1&resize=350%2C200","width":350,"height":200,"srcset":"https:\/\/i0.wp.com\/www.jazzzeitung.de\/cms\/wp-content\/uploads\/2018\/01\/Br%C3%B6nner-Ilg-Nightfall-Cover.jpg?fit=1200%2C1200&ssl=1&resize=350%2C200 1x, https:\/\/i0.wp.com\/www.jazzzeitung.de\/cms\/wp-content\/uploads\/2018\/01\/Br%C3%B6nner-Ilg-Nightfall-Cover.jpg?fit=1200%2C1200&ssl=1&resize=525%2C300 1.5x, https:\/\/i0.wp.com\/www.jazzzeitung.de\/cms\/wp-content\/uploads\/2018\/01\/Br%C3%B6nner-Ilg-Nightfall-Cover.jpg?fit=1200%2C1200&ssl=1&resize=700%2C400 2x, https:\/\/i0.wp.com\/www.jazzzeitung.de\/cms\/wp-content\/uploads\/2018\/01\/Br%C3%B6nner-Ilg-Nightfall-Cover.jpg?fit=1200%2C1200&ssl=1&resize=1050%2C600 3x"},"classes":[]},{"id":13353,"url":"https:\/\/www.jazzzeitung.de\/cms\/2017\/08\/dejohnettegrenadiermedeskiscofield-hudson\/","url_meta":{"origin":29494,"position":2},"title":"CD-Rezension: Hudson","author":"Redaktion JazzZeitung","date":"16. August 2017","format":false,"excerpt":"\u201eHudson\u201c - so der Titel des neuen, auf dem Label Mot\u00e9ma erschienen Albums, das auf den ersten Blick profan und unscheinbar wirkt, bis man auf die Besetzungsliste der Formation schaut: Eine Erntedankfestbesetzung mit Jack DeJohnette, John Scofield, John Medeski und Larry Grenadier. Was die vier dann auf dem Album soundtechnisch\u2026","rel":"","context":"In &quot;Rezension&quot;","block_context":{"text":"Rezension","link":"https:\/\/www.jazzzeitung.de\/cms\/thema\/rezension\/"},"img":{"alt_text":"","src":"https:\/\/i0.wp.com\/www.jazzzeitung.de\/cms\/wp-content\/uploads\/2017\/08\/Hudson-Cover-1.jpg?fit=1200%2C1200&ssl=1&resize=350%2C200","width":350,"height":200,"srcset":"https:\/\/i0.wp.com\/www.jazzzeitung.de\/cms\/wp-content\/uploads\/2017\/08\/Hudson-Cover-1.jpg?fit=1200%2C1200&ssl=1&resize=350%2C200 1x, https:\/\/i0.wp.com\/www.jazzzeitung.de\/cms\/wp-content\/uploads\/2017\/08\/Hudson-Cover-1.jpg?fit=1200%2C1200&ssl=1&resize=525%2C300 1.5x, https:\/\/i0.wp.com\/www.jazzzeitung.de\/cms\/wp-content\/uploads\/2017\/08\/Hudson-Cover-1.jpg?fit=1200%2C1200&ssl=1&resize=700%2C400 2x, https:\/\/i0.wp.com\/www.jazzzeitung.de\/cms\/wp-content\/uploads\/2017\/08\/Hudson-Cover-1.jpg?fit=1200%2C1200&ssl=1&resize=1050%2C600 3x"},"classes":[]},{"id":11585,"url":"https:\/\/www.jazzzeitung.de\/cms\/2017\/01\/cd-rezension-katie-cruel-the-roving-jewel\/","url_meta":{"origin":29494,"position":3},"title":"CD-Rezension &#8211; Katie Cruel: The Roving Jewel","author":"Redaktion JazzZeitung","date":"24. Januar 2017","format":false,"excerpt":"Seit mittlerweile zehn Jahren w\u00e4hrt die musikalische Zusammenarbeit der albanischen S\u00e4ngerin Fjoralba Turku und dem amerikanischen Gitarristen Geoff Goodman. Beide leben seit geraumer Zeit in M\u00fcnchen, musizieren gemeinsam und sind im stetigen Dialog. Doch wer ist nun eigentlich \u201eKatie Cruel\u201c? De facto ist es ein traditioneller Folksong, der w\u00e4hrend des\u2026","rel":"","context":"In &quot;Rezension&quot;","block_context":{"text":"Rezension","link":"https:\/\/www.jazzzeitung.de\/cms\/thema\/rezension\/"},"img":{"alt_text":"","src":"https:\/\/i0.wp.com\/www.jazzzeitung.de\/cms\/wp-content\/uploads\/2017\/01\/Cover-Katie-Cruel-150x150.jpg?resize=350%2C200","width":350,"height":200},"classes":[]},{"id":26499,"url":"https:\/\/www.jazzzeitung.de\/cms\/2022\/01\/die-ag-der-fiependen-maeuse-neue-cd-von-gabriele-hasler\/","url_meta":{"origin":29494,"position":4},"title":"Die AG der fiependen M\u00e4use\u00a0&#8211; neue CD von Gabriele Hasler","author":"Redaktion JazzZeitung","date":"11. Januar 2022","format":false,"excerpt":"Im Jazzfach steckt sie manchmal immer noch. Fr\u00fcher hat Gabriele Hasler \u201eGod Is A She\u201c gesungen und wurde von gestandenen Jazzern wie Bog Degen, Manfred Br\u00fcndl und ihrem damaligen Partner, dem Modern-Jazz-Schlagzeuger J\u00f6rn Schipper begleitet. Von Album zu Album hat sich die aus Hessen stammende Komponistin und Stimmk\u00fcnstlerin jedoch weiter\u2026","rel":"","context":"In &quot;Rezension&quot;","block_context":{"text":"Rezension","link":"https:\/\/www.jazzzeitung.de\/cms\/thema\/rezension\/"},"img":{"alt_text":"","src":"https:\/\/i0.wp.com\/www.jazzzeitung.de\/cms\/wp-content\/uploads\/2022\/01\/G.Hasler-Foto-2-Annett-Melzer-940x610-1.jpeg?fit=940%2C610&ssl=1&resize=350%2C200","width":350,"height":200,"srcset":"https:\/\/i0.wp.com\/www.jazzzeitung.de\/cms\/wp-content\/uploads\/2022\/01\/G.Hasler-Foto-2-Annett-Melzer-940x610-1.jpeg?fit=940%2C610&ssl=1&resize=350%2C200 1x, https:\/\/i0.wp.com\/www.jazzzeitung.de\/cms\/wp-content\/uploads\/2022\/01\/G.Hasler-Foto-2-Annett-Melzer-940x610-1.jpeg?fit=940%2C610&ssl=1&resize=525%2C300 1.5x, https:\/\/i0.wp.com\/www.jazzzeitung.de\/cms\/wp-content\/uploads\/2022\/01\/G.Hasler-Foto-2-Annett-Melzer-940x610-1.jpeg?fit=940%2C610&ssl=1&resize=700%2C400 2x"},"classes":[]},{"id":14958,"url":"https:\/\/www.jazzzeitung.de\/cms\/2018\/02\/cd-rezension-und-konzert-tipp-chris-gall-trio-cosmic-playground\/","url_meta":{"origin":29494,"position":5},"title":"CD-Rezension und Konzert-Tipp: Chris Gall Trio &#8211; Cosmic Playground","author":"Thomas J. Krebs","date":"2. Februar 2018","format":false,"excerpt":"\u201eCosmic Playgrund\u201d, die neue Trio CD des Pianisten Chris Gall, ist auf eine besondere Weise eine \u201efamily affair\u201d, begleitet am Schlagzeug von seinem j\u00fcngeren Bruder Peter Gall (der bereits an den ersten Vorg\u00e4ngeralben mitbeteiligt war) und dem M\u00fcnchner Ausnahmebassisten Henning Sieverts. Die drei kennen sich seit Jahren, musizieren und arbeiten\u2026","rel":"","context":"In &quot;News&quot;","block_context":{"text":"News","link":"https:\/\/www.jazzzeitung.de\/cms\/thema\/nachrichten\/"},"img":{"alt_text":"","src":"https:\/\/i0.wp.com\/www.jazzzeitung.de\/cms\/wp-content\/uploads\/2018\/01\/CD-Cover-Cosmic-playground.jpg?fit=1200%2C1200&ssl=1&resize=350%2C200","width":350,"height":200,"srcset":"https:\/\/i0.wp.com\/www.jazzzeitung.de\/cms\/wp-content\/uploads\/2018\/01\/CD-Cover-Cosmic-playground.jpg?fit=1200%2C1200&ssl=1&resize=350%2C200 1x, https:\/\/i0.wp.com\/www.jazzzeitung.de\/cms\/wp-content\/uploads\/2018\/01\/CD-Cover-Cosmic-playground.jpg?fit=1200%2C1200&ssl=1&resize=525%2C300 1.5x, https:\/\/i0.wp.com\/www.jazzzeitung.de\/cms\/wp-content\/uploads\/2018\/01\/CD-Cover-Cosmic-playground.jpg?fit=1200%2C1200&ssl=1&resize=700%2C400 2x, https:\/\/i0.wp.com\/www.jazzzeitung.de\/cms\/wp-content\/uploads\/2018\/01\/CD-Cover-Cosmic-playground.jpg?fit=1200%2C1200&ssl=1&resize=1050%2C600 3x"},"classes":[]}],"jetpack_sharing_enabled":true,"_links":{"self":[{"href":"https:\/\/www.jazzzeitung.de\/cms\/wp-json\/wp\/v2\/posts\/29494","targetHints":{"allow":["GET"]}}],"collection":[{"href":"https:\/\/www.jazzzeitung.de\/cms\/wp-json\/wp\/v2\/posts"}],"about":[{"href":"https:\/\/www.jazzzeitung.de\/cms\/wp-json\/wp\/v2\/types\/post"}],"author":[{"embeddable":true,"href":"https:\/\/www.jazzzeitung.de\/cms\/wp-json\/wp\/v2\/users\/37"}],"replies":[{"embeddable":true,"href":"https:\/\/www.jazzzeitung.de\/cms\/wp-json\/wp\/v2\/comments?post=29494"}],"version-history":[{"count":9,"href":"https:\/\/www.jazzzeitung.de\/cms\/wp-json\/wp\/v2\/posts\/29494\/revisions"}],"predecessor-version":[{"id":29512,"href":"https:\/\/www.jazzzeitung.de\/cms\/wp-json\/wp\/v2\/posts\/29494\/revisions\/29512"}],"wp:featuredmedia":[{"embeddable":true,"href":"https:\/\/www.jazzzeitung.de\/cms\/wp-json\/wp\/v2\/media\/29499"}],"wp:attachment":[{"href":"https:\/\/www.jazzzeitung.de\/cms\/wp-json\/wp\/v2\/media?parent=29494"}],"wp:term":[{"taxonomy":"category","embeddable":true,"href":"https:\/\/www.jazzzeitung.de\/cms\/wp-json\/wp\/v2\/categories?post=29494"},{"taxonomy":"post_tag","embeddable":true,"href":"https:\/\/www.jazzzeitung.de\/cms\/wp-json\/wp\/v2\/tags?post=29494"},{"taxonomy":"author","embeddable":true,"href":"https:\/\/www.jazzzeitung.de\/cms\/wp-json\/wp\/v2\/coauthors?post=29494"}],"curies":[{"name":"wp","href":"https:\/\/api.w.org\/{rel}","templated":true}]}}