{"id":29469,"date":"2023-05-26T11:26:53","date_gmt":"2023-05-26T09:26:53","guid":{"rendered":"https:\/\/www.jazzzeitung.de\/cms\/?p=29469"},"modified":"2023-05-26T11:26:53","modified_gmt":"2023-05-26T09:26:53","slug":"news-auftakt-des-festivalsommers-mit-der-jazz-rally-duesseldorf-hildener-jazztage-laden-ein-jazz-am-strand-bei-jazzbaltica","status":"publish","type":"post","link":"https:\/\/www.jazzzeitung.de\/cms\/2023\/05\/news-auftakt-des-festivalsommers-mit-der-jazz-rally-duesseldorf-hildener-jazztage-laden-ein-jazz-am-strand-bei-jazzbaltica\/","title":{"rendered":"News: +++ Auftakt des Festivalsommers mit der Jazz Rally D\u00fcsseldorf +++ Hildener Jazztage laden ein +++ Jazz am Strand bei JazzBaltica +++"},"content":{"rendered":"<h3><strong>+++ <\/strong><strong>Auftakt des Festivalsommers mit der Jazz Rally D\u00fcsseldorf +++<\/strong><\/h3>\n<p><strong>\u00dcber 60 Konzerte<\/strong> beleben vom <strong>26. bis 28. Mai<\/strong> im Rahmen der <strong>29. schauinsland-reisen Jazz Rally<\/strong> die D\u00fcsseldorfer Innenstadt. Dreh- und Angelpunkt ist in diesem Jahr erstmalig die Rheinterrasse, wo insgesamt zehn Konzerte stattfinden. Dieser Standort \u00fcberzeugt mit zwei B\u00fchnen, guter Verkehrsanbindung und Wettersicherheit und macht die ganze Veranstaltung nachhaltiger.<\/p>\n<p>Dank des \u201eStreets of Sound\u201c-Konzepts werden Marchingbands Jazz, Funk und Soul auch in alle Stra\u00dfen bringen und Stimmung verbreiten.<\/p>\n<p>Live zu erleben sind unter anderem <strong>Fred Wesley &amp; the New JBs<\/strong>, <strong>Erik Truffaz<\/strong> und das <strong>Anna Maria Jopek Quartet<\/strong>. Ein weiteres Highlight des Festivals ist am Samstag, dem <strong>27. Mai<\/strong>, der Auftritt der Latin-Band <strong>Culcha Candela <\/strong>um <strong>21.30 Uhr<\/strong>.<\/p>\n<p>Das vollst\u00e4ndige Programm und Tickets gibt es auf der Seite der Jazz Rally unter <a href=\"https:\/\/www.duesseldorfer-jazzrally.de\/tickets.html\">duesseldorfer-jazzrally.de<\/a>.<\/p>\n<p><em>Beitragsbild: Culcha Candela. Foto: Leo Hahn<\/em><\/p>\n<p>&nbsp;<\/p>\n<h3><strong>+++ Hildener Jazztage laden ein +++<br \/>\n<\/strong><\/h3>\n<p>Auch K\u00fcrzungen und Programm\u00e4nderungen konnten die <strong>27. Hildener Jazztage<\/strong> nicht aufhalten: Der k\u00fcnstlerische Leiter Peter Baumg\u00e4rtner l\u00e4dt <strong>vom 31. Mai bis zum 4. Juni<\/strong> wieder nach Hilden ein \u2013 und das wortw\u00f6rtlich. Das Festival steht in diesem Jahr unter dem Motto \u201eInvitation\u201c und will zeigen, wie Jazz die verschiedensten Menschen durch die gemeinsame Liebe zur Musik verbindet und mit immer neuen Einfl\u00fcssen Kultur verk\u00f6rpert.<\/p>\n<p>Am Mittwoch, dem <strong>31. Mai<\/strong>, geht es los: Das <strong>Sebastian Gahler Quartett<\/strong> pr\u00e4sentiert um <strong>20 Uhr<\/strong> im Kunstraum Gewerbepark-S\u00fcd ein vom japanischen Autor Haruki Murakami inspiriertes musikalisches Programm. Tags darauf ab <strong>20 Uhr<\/strong> trifft bei QQTec mit dem Duo <strong>Frau Contra Bass<\/strong> Gesang auf Bass und das<strong> ORGANIC BLUES PROJECT <\/strong>um Bluesgitarren-Virtuose Jens Filser auf S\u00e4ngerin <strong>Brenda Boykin<\/strong>.<\/p>\n<p>In der Stadthalle Hilden gibt am <strong>2. Juni<\/strong> ab <strong>19.30 Uhr<\/strong> die franz\u00f6sische Saxophonistin <strong>Christine Corvisier<\/strong> mit ihrem Quintett altbekannte Chansons in neuen Arrangements zum Besten. Im Anschluss geh\u00f6rt die B\u00fchne <strong>Svetlana Marinchenko<\/strong> und ihrem Trio, das sich stilistisch irgendwo zwischen Debussy und Groove bewegt. Den Freitagabend kann man in der \u201eBlue Note\u201c Bar ausklingen lassen und dort ab <strong>22.30 Uhr <\/strong>dem <strong>Axel Fischbacher Trio<\/strong> beim Zusammenspiel mit dem Posaunisten <strong>Janning Trumann<\/strong> lauschen.<\/p>\n<p>Die Veranstaltungen am Samstag, dem <strong>3. Juni<\/strong>, werden vom WDR ab <strong>20 Uhr<\/strong> live aus der Stadthalle \u00fcbertragen. Modern Gypsy von den Gitarristen<strong> Mozes Rosenberg <\/strong>und <strong>Joscho Stephan<\/strong> ist ebenso geboten wie Funk von der <strong>WDR Big Band<\/strong> mit Chefdirigent <strong>Bob Mintzer<\/strong>.<\/p>\n<p><strong>Jazz im Park<\/strong> hei\u00dft es am Sonntag ab <strong>14.30 Uhr<\/strong>, wo das <strong>Meretrio<\/strong>, <strong>Heinrich von Kalnein<\/strong> und <strong>Andreas Schaerer<\/strong> zu Gast sind. Die Reformationskirche und das Wilhelm Fabry Museum bieten die Kulisse f\u00fcr die letzten Auftritte des Festivals \u2013 mit dabei sind <strong>Roger Hanschel<\/strong>, das Jazzstreichquartett <strong>String Thing <\/strong>und <strong>Frank Wingold<\/strong>.<\/p>\n<p>Weitere Informationen zu den Jazztagen finden Sie unter <a href=\"http:\/\/www.hildener-jazztage.de\/\">www.hildener-jazztage.de<\/a>.<\/p>\n<p>&nbsp;<\/p>\n<h3><strong>+++ Jazz am Strand bei JazzBaltica +++<br \/>\n<\/strong><\/h3>\n<p>Vom <strong>22. bis 25. Juni<\/strong> vermischen sich in <strong>Timmendorfer Strand<\/strong> Jazzkl\u00e4nge mit der Ostseebrise: Denn dann spielt die Musik bei der 32. Ausgabe von <strong>JazzBaltica<\/strong>. Auf dem Festivalgel\u00e4nde rund um den Strandpark werden <strong>39 Konzerte<\/strong> in verschiedenen Locations \u2013 ob direkt am Strand, im Maritim Seehotel, auf der OpenAir-B\u00fchne oder im JazzCaf\u00e9 \u2013 geboten sein.<\/p>\n<p>Das Line-Up setzt sich gleicherma\u00dfen aus internationalen Gr\u00f6\u00dfen und Nachwuchstalenten der Region zusammen. Den Fokus hat der k\u00fcnstlerische Leiter Nils Landgren in diesem Jahr auf die Blechblasinstrumente gelegt: An der Posaune zu h\u00f6ren sind etwa <strong>Shannon Barnett<\/strong> oder <strong>Kristian Persson<\/strong>, an der Trompete unter anderem <strong>Ingolf Burkhardt<\/strong>, <strong>Jakob B\u00e4nsch<\/strong>, <strong>Nils Petter Molv\u00e6r<\/strong> und <strong>Hildegunn \u00d8iseth<\/strong>. Au\u00dferdem spielen <strong>Vince Mendoza<\/strong>, <strong>G\u00fcnter Baby Sommer<\/strong> und Ensembles wie die <strong>NDR Bigband<\/strong>, das <strong>Tingvall Trio<\/strong> und die <strong>Bohusl\u00e4n Big Band<\/strong> \u2013 um nur einige Namen zu nennen.<\/p>\n<p>Mit insgesamt 13 Bandleaderinnen sind auch viele starke Frauen des Jazz mit von der Partie, darunter Bassistin <strong>Lisa Wulff<\/strong>, Posaunistin <strong>Karin Hammar<\/strong>, Cellistin <strong>Nesrine<\/strong>, Schlagzeugerin <strong>Eva Klesse<\/strong> und Trompeterin <strong>Andrea Motis<\/strong>.<\/p>\n<p>Ein Highlight wird der Auftritt von <strong>Fred Wesley &amp; the New JBs<\/strong> in der FunkNight am <strong>23. Juni<\/strong> um <strong>22.30 Uhr<\/strong>. Neu in diesem Jahr ist das Format \u201eNightLab\u201c: Ab 23 Uhr werden die Nachteulen im JazzCaf\u00e9 mit n\u00e4chtlichen Konzerten bespielt.<\/p>\n<p>JazzBaltica startet mit dem traditionellen WarmUp am Donnerstag um <strong>18 Uhr<\/strong>, das Nils Landgren gemeinsam mit der Bigband des Ostseegymnasiums Timmendorfer Strand gestaltet.<\/p>\n<p>Das ausf\u00fchrliche Programm und weitere Informationen finden Sie unter <a href=\"http:\/\/www.jazzbaltica.de\">www.jazzbaltica.de<\/a>.<\/p>\n","protected":false},"excerpt":{"rendered":"<p>+++ Auftakt des Festivalsommers mit der Jazz Rally D\u00fcsseldorf +++ \u00dcber 60 Konzerte beleben vom 26. bis 28. Mai im Rahmen der 29. schauinsland-reisen Jazz Rally die D\u00fcsseldorfer Innenstadt. Dreh- und Angelpunkt ist in diesem Jahr erstmalig die Rheinterrasse, wo insgesamt zehn Konzerte stattfinden. Dieser Standort \u00fcberzeugt mit zwei B\u00fchnen, guter Verkehrsanbindung und Wettersicherheit und macht die ganze Veranstaltung nachhaltiger. Dank des \u201eStreets of Sound\u201c-Konzepts werden Marchingbands Jazz, Funk und Soul auch in alle Stra\u00dfen bringen und Stimmung verbreiten. Live zu erleben sind unter anderem Fred Wesley &amp; the New JBs, Erik Truffaz und das Anna Maria Jopek Quartet. Ein weiteres Highlight des Festivals ist am Samstag, dem 27. Mai, der Auftritt der Latin-Band Culcha Candela um 21.30 Uhr. Das vollst\u00e4ndige Programm und Tickets gibt es auf der Seite der Jazz Rally unter duesseldorfer-jazzrally.de. Beitragsbild: Culcha Candela. Foto: Leo Hahn &nbsp; +++ Hildener Jazztage laden ein +++ Auch K\u00fcrzungen und Programm\u00e4nderungen konnten die 27. Hildener Jazztage nicht aufhalten: Der k\u00fcnstlerische Leiter Peter Baumg\u00e4rtner l\u00e4dt vom 31. Mai bis zum 4. Juni wieder nach Hilden ein \u2013 und das wortw\u00f6rtlich. Das Festival steht in diesem Jahr &hellip;<\/p>\n","protected":false},"author":18,"featured_media":29470,"comment_status":"open","ping_status":"closed","sticky":false,"template":"","format":"standard","meta":{"_jetpack_memberships_contains_paid_content":false,"footnotes":"","jetpack_publicize_message":"","jetpack_publicize_feature_enabled":true,"jetpack_social_post_already_shared":false,"jetpack_social_options":{"image_generator_settings":{"template":"highway","default_image_id":0,"font":"","enabled":false},"version":2}},"categories":[633],"tags":[2816,1650,3549,3668,4895,4901,1281,4330,4329,4889,1448,3,682,4840,4891,187,4888,1200,4896,4900,2267,4899,4370,4893,2906,270,918,2444,4902,322,323,4898,2338,4890,2625,4894,2486,1664,4903,4904,417,419,4892,3666,2855,2177,4401,1943,3396,4897,3639,1812,592],"coauthors":[695],"class_list":["post-29469","post","type-post","status-publish","format-standard","has-post-thumbnail","hentry","category-nachrichten","tag-andrea-motis","tag-andreas-schaerer","tag-andreas-schaerer-a-novel-of-anomaly","tag-axel-fischbacher","tag-bob-mintzer","tag-bohuslaen-big-band","tag-brenda-boykin","tag-christine-corvisier","tag-christine-corvisier-5tet","tag-culcha-candela","tag-eva-klesse","tag-festival","tag-festivals","tag-frank-wingold","tag-frau-contra-bass","tag-fred-wesley","tag-fred-wesley-and-the-new-jbs","tag-guenter-baby-sommer","tag-heinrich-von-kalnein","tag-hildegunn-oiseth","tag-hildener-jazztage","tag-ingolf-burkhardt","tag-jakob-baensch","tag-janning-trumann","tag-jazz-rally-duesseldorf","tag-jazzbaltica","tag-jazzfestival","tag-joscho-stephan-quartett","tag-karin-hammar","tag-konzert-2","tag-konzerte","tag-kristian-persson","tag-lisa-wulff","tag-marchingbands","tag-meretrio","tag-mozes-rosenberg","tag-ndr-big-band","tag-ndr-bigband","tag-nesrine","tag-nightlab","tag-nils-landgren","tag-nils-petter-molvaer","tag-organic-blues-project","tag-peter-baumgaertner","tag-roger-hanschel-und-string-thing","tag-schauinsland-reisen-jazz-rally-duesseldorf","tag-sebastian-gahler","tag-shannon-barnett","tag-svetlana-marinchenko","tag-timmendorfer-strand","tag-tingvall-trio","tag-vince-mendoza","tag-wdr-big-band"],"yoast_head":"<!-- This site is optimized with the Yoast SEO plugin v27.5 - https:\/\/yoast.com\/product\/yoast-seo-wordpress\/ -->\n<title>News: +++ Auftakt des Festivalsommers mit der Jazz Rally D\u00fcsseldorf +++ Hildener Jazztage laden ein +++ Jazz am Strand bei JazzBaltica +++ - JazzZeitung<\/title>\n<meta name=\"robots\" content=\"index, follow, max-snippet:-1, max-image-preview:large, max-video-preview:-1\" \/>\n<link rel=\"canonical\" href=\"https:\/\/www.jazzzeitung.de\/cms\/2023\/05\/news-auftakt-des-festivalsommers-mit-der-jazz-rally-duesseldorf-hildener-jazztage-laden-ein-jazz-am-strand-bei-jazzbaltica\/\" \/>\n<meta property=\"og:locale\" content=\"de_DE\" \/>\n<meta property=\"og:type\" content=\"article\" \/>\n<meta property=\"og:title\" content=\"News: +++ Auftakt des Festivalsommers mit der Jazz Rally D\u00fcsseldorf +++ Hildener Jazztage laden ein +++ Jazz am Strand bei JazzBaltica +++ - JazzZeitung\" \/>\n<meta property=\"og:description\" content=\"+++ Auftakt des Festivalsommers mit der Jazz Rally D\u00fcsseldorf +++ \u00dcber 60 Konzerte beleben vom 26. bis 28. Mai im Rahmen der 29. schauinsland-reisen Jazz Rally die D\u00fcsseldorfer Innenstadt. Dreh- und Angelpunkt ist in diesem Jahr erstmalig die Rheinterrasse, wo insgesamt zehn Konzerte stattfinden. Dieser Standort \u00fcberzeugt mit zwei B\u00fchnen, guter Verkehrsanbindung und Wettersicherheit und macht die ganze Veranstaltung nachhaltiger. Dank des \u201eStreets of Sound\u201c-Konzepts werden Marchingbands Jazz, Funk und Soul auch in alle Stra\u00dfen bringen und Stimmung verbreiten. Live zu erleben sind unter anderem Fred Wesley &amp; the New JBs, Erik Truffaz und das Anna Maria Jopek Quartet. Ein weiteres Highlight des Festivals ist am Samstag, dem 27. Mai, der Auftritt der Latin-Band Culcha Candela um 21.30 Uhr. Das vollst\u00e4ndige Programm und Tickets gibt es auf der Seite der Jazz Rally unter duesseldorfer-jazzrally.de. Beitragsbild: Culcha Candela. Foto: Leo Hahn &nbsp; +++ Hildener Jazztage laden ein +++ Auch K\u00fcrzungen und Programm\u00e4nderungen konnten die 27. Hildener Jazztage nicht aufhalten: Der k\u00fcnstlerische Leiter Peter Baumg\u00e4rtner l\u00e4dt vom 31. Mai bis zum 4. Juni wieder nach Hilden ein \u2013 und das wortw\u00f6rtlich. Das Festival steht in diesem Jahr &hellip;\" \/>\n<meta property=\"og:url\" content=\"https:\/\/www.jazzzeitung.de\/cms\/2023\/05\/news-auftakt-des-festivalsommers-mit-der-jazz-rally-duesseldorf-hildener-jazztage-laden-ein-jazz-am-strand-bei-jazzbaltica\/\" \/>\n<meta property=\"og:site_name\" content=\"JazzZeitung\" \/>\n<meta property=\"article:publisher\" content=\"https:\/\/www.facebook.com\/JazzZeitung\/\" \/>\n<meta property=\"article:published_time\" content=\"2023-05-26T09:26:53+00:00\" \/>\n<meta property=\"og:image\" content=\"https:\/\/www.jazzzeitung.de\/cms\/wp-content\/uploads\/2023\/05\/Culcha-Candela-1-Kopie-scaled.jpg\" \/>\n\t<meta property=\"og:image:width\" content=\"2560\" \/>\n\t<meta property=\"og:image:height\" content=\"1707\" \/>\n\t<meta property=\"og:image:type\" content=\"image\/jpeg\" \/>\n<meta name=\"author\" content=\"Redaktion JazzZeitung\" \/>\n<script type=\"application\/ld+json\" class=\"yoast-schema-graph\">{\"@context\":\"https:\\\/\\\/schema.org\",\"@graph\":[{\"@type\":\"Article\",\"@id\":\"https:\\\/\\\/www.jazzzeitung.de\\\/cms\\\/2023\\\/05\\\/news-auftakt-des-festivalsommers-mit-der-jazz-rally-duesseldorf-hildener-jazztage-laden-ein-jazz-am-strand-bei-jazzbaltica\\\/#article\",\"isPartOf\":{\"@id\":\"https:\\\/\\\/www.jazzzeitung.de\\\/cms\\\/2023\\\/05\\\/news-auftakt-des-festivalsommers-mit-der-jazz-rally-duesseldorf-hildener-jazztage-laden-ein-jazz-am-strand-bei-jazzbaltica\\\/\"},\"author\":{\"name\":\"Redaktion JazzZeitung\",\"@id\":\"https:\\\/\\\/www.jazzzeitung.de\\\/cms\\\/#\\\/schema\\\/person\\\/2245b36b9cd1d24cea10f01c031fb92b\"},\"headline\":\"News: +++ Auftakt des Festivalsommers mit der Jazz Rally D\u00fcsseldorf +++ Hildener Jazztage laden ein +++ Jazz am Strand bei JazzBaltica +++\",\"datePublished\":\"2023-05-26T09:26:53+00:00\",\"mainEntityOfPage\":{\"@id\":\"https:\\\/\\\/www.jazzzeitung.de\\\/cms\\\/2023\\\/05\\\/news-auftakt-des-festivalsommers-mit-der-jazz-rally-duesseldorf-hildener-jazztage-laden-ein-jazz-am-strand-bei-jazzbaltica\\\/\"},\"wordCount\":717,\"commentCount\":0,\"publisher\":{\"@id\":\"https:\\\/\\\/www.jazzzeitung.de\\\/cms\\\/#organization\"},\"image\":{\"@id\":\"https:\\\/\\\/www.jazzzeitung.de\\\/cms\\\/2023\\\/05\\\/news-auftakt-des-festivalsommers-mit-der-jazz-rally-duesseldorf-hildener-jazztage-laden-ein-jazz-am-strand-bei-jazzbaltica\\\/#primaryimage\"},\"thumbnailUrl\":\"https:\\\/\\\/i0.wp.com\\\/www.jazzzeitung.de\\\/cms\\\/wp-content\\\/uploads\\\/2023\\\/05\\\/Culcha-Candela-1-Kopie-scaled.jpg?fit=2560%2C1707&ssl=1\",\"keywords\":[\"Andrea Motis\",\"Andreas Schaerer\",\"Andreas Schaerer \\\"A Novel of Anomaly\\\"\",\"Axel Fischbacher\",\"Bob Mintzer\",\"Bohusl\u00e4n Big Band\",\"Brenda Boykin\",\"Christine Corvisier\",\"Christine Corvisier 5tet\",\"Culcha Candela\",\"Eva Klesse\",\"Festival\",\"Festivals\",\"Frank Wingold\",\"Frau Contra Bass\",\"Fred Wesley\",\"Fred Wesley and The New JBs\",\"G\u00fcnter Baby Sommer\",\"Heinrich von Kalnein\",\"Hildegunn \u00d8iseth\",\"Hildener Jazztage\",\"Ingolf Burkhardt\",\"Jakob B\u00e4nsch\",\"Janning Trumann\",\"Jazz Rally D\u00fcsseldorf\",\"JazzBaltica\",\"Jazzfestival\",\"Joscho Stephan Quartett\",\"Karin Hammar\",\"Konzert\",\"Konzerte\",\"Kristian Persson\",\"Lisa Wulff\",\"Marchingbands\",\"Meretrio\",\"Mozes Rosenberg\",\"NDR Big Band\",\"NDR Bigband\",\"Nesrine\",\"NightLab\",\"Nils Landgren\",\"Nils Petter Molvaer\",\"Organic Blues Project\",\"Peter Baumg\u00e4rtner\",\"Roger Hanschel und \u201eString Thing\u201c\",\"schauinsland-reisen Jazz Rally D\u00fcsseldorf\",\"Sebastian Gahler\",\"Shannon Barnett\",\"Svetlana Marinchenko\",\"Timmendorfer Strand\",\"Tingvall Trio\",\"Vince Mendoza\",\"WDR BigBand\"],\"articleSection\":[\"News\"],\"inLanguage\":\"de\",\"potentialAction\":[{\"@type\":\"CommentAction\",\"name\":\"Comment\",\"target\":[\"https:\\\/\\\/www.jazzzeitung.de\\\/cms\\\/2023\\\/05\\\/news-auftakt-des-festivalsommers-mit-der-jazz-rally-duesseldorf-hildener-jazztage-laden-ein-jazz-am-strand-bei-jazzbaltica\\\/#respond\"]}]},{\"@type\":\"WebPage\",\"@id\":\"https:\\\/\\\/www.jazzzeitung.de\\\/cms\\\/2023\\\/05\\\/news-auftakt-des-festivalsommers-mit-der-jazz-rally-duesseldorf-hildener-jazztage-laden-ein-jazz-am-strand-bei-jazzbaltica\\\/\",\"url\":\"https:\\\/\\\/www.jazzzeitung.de\\\/cms\\\/2023\\\/05\\\/news-auftakt-des-festivalsommers-mit-der-jazz-rally-duesseldorf-hildener-jazztage-laden-ein-jazz-am-strand-bei-jazzbaltica\\\/\",\"name\":\"News: +++ Auftakt des Festivalsommers mit der Jazz Rally D\u00fcsseldorf +++ Hildener Jazztage laden ein +++ Jazz am Strand bei JazzBaltica +++ - JazzZeitung\",\"isPartOf\":{\"@id\":\"https:\\\/\\\/www.jazzzeitung.de\\\/cms\\\/#website\"},\"primaryImageOfPage\":{\"@id\":\"https:\\\/\\\/www.jazzzeitung.de\\\/cms\\\/2023\\\/05\\\/news-auftakt-des-festivalsommers-mit-der-jazz-rally-duesseldorf-hildener-jazztage-laden-ein-jazz-am-strand-bei-jazzbaltica\\\/#primaryimage\"},\"image\":{\"@id\":\"https:\\\/\\\/www.jazzzeitung.de\\\/cms\\\/2023\\\/05\\\/news-auftakt-des-festivalsommers-mit-der-jazz-rally-duesseldorf-hildener-jazztage-laden-ein-jazz-am-strand-bei-jazzbaltica\\\/#primaryimage\"},\"thumbnailUrl\":\"https:\\\/\\\/i0.wp.com\\\/www.jazzzeitung.de\\\/cms\\\/wp-content\\\/uploads\\\/2023\\\/05\\\/Culcha-Candela-1-Kopie-scaled.jpg?fit=2560%2C1707&ssl=1\",\"datePublished\":\"2023-05-26T09:26:53+00:00\",\"breadcrumb\":{\"@id\":\"https:\\\/\\\/www.jazzzeitung.de\\\/cms\\\/2023\\\/05\\\/news-auftakt-des-festivalsommers-mit-der-jazz-rally-duesseldorf-hildener-jazztage-laden-ein-jazz-am-strand-bei-jazzbaltica\\\/#breadcrumb\"},\"inLanguage\":\"de\",\"potentialAction\":[{\"@type\":\"ReadAction\",\"target\":[\"https:\\\/\\\/www.jazzzeitung.de\\\/cms\\\/2023\\\/05\\\/news-auftakt-des-festivalsommers-mit-der-jazz-rally-duesseldorf-hildener-jazztage-laden-ein-jazz-am-strand-bei-jazzbaltica\\\/\"]}]},{\"@type\":\"ImageObject\",\"inLanguage\":\"de\",\"@id\":\"https:\\\/\\\/www.jazzzeitung.de\\\/cms\\\/2023\\\/05\\\/news-auftakt-des-festivalsommers-mit-der-jazz-rally-duesseldorf-hildener-jazztage-laden-ein-jazz-am-strand-bei-jazzbaltica\\\/#primaryimage\",\"url\":\"https:\\\/\\\/i0.wp.com\\\/www.jazzzeitung.de\\\/cms\\\/wp-content\\\/uploads\\\/2023\\\/05\\\/Culcha-Candela-1-Kopie-scaled.jpg?fit=2560%2C1707&ssl=1\",\"contentUrl\":\"https:\\\/\\\/i0.wp.com\\\/www.jazzzeitung.de\\\/cms\\\/wp-content\\\/uploads\\\/2023\\\/05\\\/Culcha-Candela-1-Kopie-scaled.jpg?fit=2560%2C1707&ssl=1\",\"width\":2560,\"height\":1707},{\"@type\":\"BreadcrumbList\",\"@id\":\"https:\\\/\\\/www.jazzzeitung.de\\\/cms\\\/2023\\\/05\\\/news-auftakt-des-festivalsommers-mit-der-jazz-rally-duesseldorf-hildener-jazztage-laden-ein-jazz-am-strand-bei-jazzbaltica\\\/#breadcrumb\",\"itemListElement\":[{\"@type\":\"ListItem\",\"position\":1,\"name\":\"Startseite\",\"item\":\"https:\\\/\\\/www.jazzzeitung.de\\\/cms\\\/\"},{\"@type\":\"ListItem\",\"position\":2,\"name\":\"News: +++ Auftakt des Festivalsommers mit der Jazz Rally D\u00fcsseldorf +++ Hildener Jazztage laden ein +++ Jazz am Strand bei JazzBaltica +++\"}]},{\"@type\":\"WebSite\",\"@id\":\"https:\\\/\\\/www.jazzzeitung.de\\\/cms\\\/#website\",\"url\":\"https:\\\/\\\/www.jazzzeitung.de\\\/cms\\\/\",\"name\":\"JazzZeitung\",\"description\":\"Jazz-News und Jazz-Kontroverses\",\"publisher\":{\"@id\":\"https:\\\/\\\/www.jazzzeitung.de\\\/cms\\\/#organization\"},\"potentialAction\":[{\"@type\":\"SearchAction\",\"target\":{\"@type\":\"EntryPoint\",\"urlTemplate\":\"https:\\\/\\\/www.jazzzeitung.de\\\/cms\\\/?s={search_term_string}\"},\"query-input\":{\"@type\":\"PropertyValueSpecification\",\"valueRequired\":true,\"valueName\":\"search_term_string\"}}],\"inLanguage\":\"de\"},{\"@type\":\"Organization\",\"@id\":\"https:\\\/\\\/www.jazzzeitung.de\\\/cms\\\/#organization\",\"name\":\"JazzZeitung online\",\"url\":\"https:\\\/\\\/www.jazzzeitung.de\\\/cms\\\/\",\"logo\":{\"@type\":\"ImageObject\",\"inLanguage\":\"de\",\"@id\":\"https:\\\/\\\/www.jazzzeitung.de\\\/cms\\\/#\\\/schema\\\/logo\\\/image\\\/\",\"url\":\"https:\\\/\\\/i0.wp.com\\\/www.jazzzeitung.de\\\/cms\\\/wp-content\\\/uploads\\\/2015\\\/08\\\/JAZZZEITUNGDE_Logo_Neu.png?fit=499%2C200&ssl=1\",\"contentUrl\":\"https:\\\/\\\/i0.wp.com\\\/www.jazzzeitung.de\\\/cms\\\/wp-content\\\/uploads\\\/2015\\\/08\\\/JAZZZEITUNGDE_Logo_Neu.png?fit=499%2C200&ssl=1\",\"width\":499,\"height\":200,\"caption\":\"JazzZeitung online\"},\"image\":{\"@id\":\"https:\\\/\\\/www.jazzzeitung.de\\\/cms\\\/#\\\/schema\\\/logo\\\/image\\\/\"},\"sameAs\":[\"https:\\\/\\\/www.facebook.com\\\/JazzZeitung\\\/\"]},{\"@type\":\"Person\",\"@id\":\"https:\\\/\\\/www.jazzzeitung.de\\\/cms\\\/#\\\/schema\\\/person\\\/2245b36b9cd1d24cea10f01c031fb92b\",\"name\":\"Redaktion JazzZeitung\",\"image\":{\"@type\":\"ImageObject\",\"inLanguage\":\"de\",\"@id\":\"https:\\\/\\\/i0.wp.com\\\/www.jazzzeitung.de\\\/cms\\\/wp-content\\\/uploads\\\/2015\\\/08\\\/JAZZZEITUNGDE_Logo_Neu.png?resize=96%2C96&ssl=159975dcacb611b5700bd619b5daf0a7a\",\"url\":\"https:\\\/\\\/i0.wp.com\\\/www.jazzzeitung.de\\\/cms\\\/wp-content\\\/uploads\\\/2015\\\/08\\\/JAZZZEITUNGDE_Logo_Neu.png?resize=96%2C96&ssl=1\",\"contentUrl\":\"https:\\\/\\\/i0.wp.com\\\/www.jazzzeitung.de\\\/cms\\\/wp-content\\\/uploads\\\/2015\\\/08\\\/JAZZZEITUNGDE_Logo_Neu.png?resize=96%2C96&ssl=1\",\"caption\":\"Redaktion JazzZeitung\"},\"description\":\"Artikel der Redaktion der JazzZeitung.\",\"sameAs\":[\"http:\\\/\\\/www.jazzzeitung.de\\\/cms\\\/\"],\"url\":\"https:\\\/\\\/www.jazzzeitung.de\\\/cms\\\/author\\\/redaktion\\\/\"}]}<\/script>\n<!-- \/ Yoast SEO plugin. -->","yoast_head_json":{"title":"News: +++ Auftakt des Festivalsommers mit der Jazz Rally D\u00fcsseldorf +++ Hildener Jazztage laden ein +++ Jazz am Strand bei JazzBaltica +++ - JazzZeitung","robots":{"index":"index","follow":"follow","max-snippet":"max-snippet:-1","max-image-preview":"max-image-preview:large","max-video-preview":"max-video-preview:-1"},"canonical":"https:\/\/www.jazzzeitung.de\/cms\/2023\/05\/news-auftakt-des-festivalsommers-mit-der-jazz-rally-duesseldorf-hildener-jazztage-laden-ein-jazz-am-strand-bei-jazzbaltica\/","og_locale":"de_DE","og_type":"article","og_title":"News: +++ Auftakt des Festivalsommers mit der Jazz Rally D\u00fcsseldorf +++ Hildener Jazztage laden ein +++ Jazz am Strand bei JazzBaltica +++ - JazzZeitung","og_description":"+++ Auftakt des Festivalsommers mit der Jazz Rally D\u00fcsseldorf +++ \u00dcber 60 Konzerte beleben vom 26. bis 28. Mai im Rahmen der 29. schauinsland-reisen Jazz Rally die D\u00fcsseldorfer Innenstadt. Dreh- und Angelpunkt ist in diesem Jahr erstmalig die Rheinterrasse, wo insgesamt zehn Konzerte stattfinden. Dieser Standort \u00fcberzeugt mit zwei B\u00fchnen, guter Verkehrsanbindung und Wettersicherheit und macht die ganze Veranstaltung nachhaltiger. Dank des \u201eStreets of Sound\u201c-Konzepts werden Marchingbands Jazz, Funk und Soul auch in alle Stra\u00dfen bringen und Stimmung verbreiten. Live zu erleben sind unter anderem Fred Wesley &amp; the New JBs, Erik Truffaz und das Anna Maria Jopek Quartet. Ein weiteres Highlight des Festivals ist am Samstag, dem 27. Mai, der Auftritt der Latin-Band Culcha Candela um 21.30 Uhr. Das vollst\u00e4ndige Programm und Tickets gibt es auf der Seite der Jazz Rally unter duesseldorfer-jazzrally.de. Beitragsbild: Culcha Candela. Foto: Leo Hahn &nbsp; +++ Hildener Jazztage laden ein +++ Auch K\u00fcrzungen und Programm\u00e4nderungen konnten die 27. Hildener Jazztage nicht aufhalten: Der k\u00fcnstlerische Leiter Peter Baumg\u00e4rtner l\u00e4dt vom 31. Mai bis zum 4. Juni wieder nach Hilden ein \u2013 und das wortw\u00f6rtlich. Das Festival steht in diesem Jahr &hellip;","og_url":"https:\/\/www.jazzzeitung.de\/cms\/2023\/05\/news-auftakt-des-festivalsommers-mit-der-jazz-rally-duesseldorf-hildener-jazztage-laden-ein-jazz-am-strand-bei-jazzbaltica\/","og_site_name":"JazzZeitung","article_publisher":"https:\/\/www.facebook.com\/JazzZeitung\/","article_published_time":"2023-05-26T09:26:53+00:00","og_image":[{"width":2560,"height":1707,"url":"https:\/\/www.jazzzeitung.de\/cms\/wp-content\/uploads\/2023\/05\/Culcha-Candela-1-Kopie-scaled.jpg","type":"image\/jpeg"}],"author":"Redaktion JazzZeitung","schema":{"@context":"https:\/\/schema.org","@graph":[{"@type":"Article","@id":"https:\/\/www.jazzzeitung.de\/cms\/2023\/05\/news-auftakt-des-festivalsommers-mit-der-jazz-rally-duesseldorf-hildener-jazztage-laden-ein-jazz-am-strand-bei-jazzbaltica\/#article","isPartOf":{"@id":"https:\/\/www.jazzzeitung.de\/cms\/2023\/05\/news-auftakt-des-festivalsommers-mit-der-jazz-rally-duesseldorf-hildener-jazztage-laden-ein-jazz-am-strand-bei-jazzbaltica\/"},"author":{"name":"Redaktion JazzZeitung","@id":"https:\/\/www.jazzzeitung.de\/cms\/#\/schema\/person\/2245b36b9cd1d24cea10f01c031fb92b"},"headline":"News: +++ Auftakt des Festivalsommers mit der Jazz Rally D\u00fcsseldorf +++ Hildener Jazztage laden ein +++ Jazz am Strand bei JazzBaltica +++","datePublished":"2023-05-26T09:26:53+00:00","mainEntityOfPage":{"@id":"https:\/\/www.jazzzeitung.de\/cms\/2023\/05\/news-auftakt-des-festivalsommers-mit-der-jazz-rally-duesseldorf-hildener-jazztage-laden-ein-jazz-am-strand-bei-jazzbaltica\/"},"wordCount":717,"commentCount":0,"publisher":{"@id":"https:\/\/www.jazzzeitung.de\/cms\/#organization"},"image":{"@id":"https:\/\/www.jazzzeitung.de\/cms\/2023\/05\/news-auftakt-des-festivalsommers-mit-der-jazz-rally-duesseldorf-hildener-jazztage-laden-ein-jazz-am-strand-bei-jazzbaltica\/#primaryimage"},"thumbnailUrl":"https:\/\/i0.wp.com\/www.jazzzeitung.de\/cms\/wp-content\/uploads\/2023\/05\/Culcha-Candela-1-Kopie-scaled.jpg?fit=2560%2C1707&ssl=1","keywords":["Andrea Motis","Andreas Schaerer","Andreas Schaerer \"A Novel of Anomaly\"","Axel Fischbacher","Bob Mintzer","Bohusl\u00e4n Big Band","Brenda Boykin","Christine Corvisier","Christine Corvisier 5tet","Culcha Candela","Eva Klesse","Festival","Festivals","Frank Wingold","Frau Contra Bass","Fred Wesley","Fred Wesley and The New JBs","G\u00fcnter Baby Sommer","Heinrich von Kalnein","Hildegunn \u00d8iseth","Hildener Jazztage","Ingolf Burkhardt","Jakob B\u00e4nsch","Janning Trumann","Jazz Rally D\u00fcsseldorf","JazzBaltica","Jazzfestival","Joscho Stephan Quartett","Karin Hammar","Konzert","Konzerte","Kristian Persson","Lisa Wulff","Marchingbands","Meretrio","Mozes Rosenberg","NDR Big Band","NDR Bigband","Nesrine","NightLab","Nils Landgren","Nils Petter Molvaer","Organic Blues Project","Peter Baumg\u00e4rtner","Roger Hanschel und \u201eString Thing\u201c","schauinsland-reisen Jazz Rally D\u00fcsseldorf","Sebastian Gahler","Shannon Barnett","Svetlana Marinchenko","Timmendorfer Strand","Tingvall Trio","Vince Mendoza","WDR BigBand"],"articleSection":["News"],"inLanguage":"de","potentialAction":[{"@type":"CommentAction","name":"Comment","target":["https:\/\/www.jazzzeitung.de\/cms\/2023\/05\/news-auftakt-des-festivalsommers-mit-der-jazz-rally-duesseldorf-hildener-jazztage-laden-ein-jazz-am-strand-bei-jazzbaltica\/#respond"]}]},{"@type":"WebPage","@id":"https:\/\/www.jazzzeitung.de\/cms\/2023\/05\/news-auftakt-des-festivalsommers-mit-der-jazz-rally-duesseldorf-hildener-jazztage-laden-ein-jazz-am-strand-bei-jazzbaltica\/","url":"https:\/\/www.jazzzeitung.de\/cms\/2023\/05\/news-auftakt-des-festivalsommers-mit-der-jazz-rally-duesseldorf-hildener-jazztage-laden-ein-jazz-am-strand-bei-jazzbaltica\/","name":"News: +++ Auftakt des Festivalsommers mit der Jazz Rally D\u00fcsseldorf +++ Hildener Jazztage laden ein +++ Jazz am Strand bei JazzBaltica +++ - JazzZeitung","isPartOf":{"@id":"https:\/\/www.jazzzeitung.de\/cms\/#website"},"primaryImageOfPage":{"@id":"https:\/\/www.jazzzeitung.de\/cms\/2023\/05\/news-auftakt-des-festivalsommers-mit-der-jazz-rally-duesseldorf-hildener-jazztage-laden-ein-jazz-am-strand-bei-jazzbaltica\/#primaryimage"},"image":{"@id":"https:\/\/www.jazzzeitung.de\/cms\/2023\/05\/news-auftakt-des-festivalsommers-mit-der-jazz-rally-duesseldorf-hildener-jazztage-laden-ein-jazz-am-strand-bei-jazzbaltica\/#primaryimage"},"thumbnailUrl":"https:\/\/i0.wp.com\/www.jazzzeitung.de\/cms\/wp-content\/uploads\/2023\/05\/Culcha-Candela-1-Kopie-scaled.jpg?fit=2560%2C1707&ssl=1","datePublished":"2023-05-26T09:26:53+00:00","breadcrumb":{"@id":"https:\/\/www.jazzzeitung.de\/cms\/2023\/05\/news-auftakt-des-festivalsommers-mit-der-jazz-rally-duesseldorf-hildener-jazztage-laden-ein-jazz-am-strand-bei-jazzbaltica\/#breadcrumb"},"inLanguage":"de","potentialAction":[{"@type":"ReadAction","target":["https:\/\/www.jazzzeitung.de\/cms\/2023\/05\/news-auftakt-des-festivalsommers-mit-der-jazz-rally-duesseldorf-hildener-jazztage-laden-ein-jazz-am-strand-bei-jazzbaltica\/"]}]},{"@type":"ImageObject","inLanguage":"de","@id":"https:\/\/www.jazzzeitung.de\/cms\/2023\/05\/news-auftakt-des-festivalsommers-mit-der-jazz-rally-duesseldorf-hildener-jazztage-laden-ein-jazz-am-strand-bei-jazzbaltica\/#primaryimage","url":"https:\/\/i0.wp.com\/www.jazzzeitung.de\/cms\/wp-content\/uploads\/2023\/05\/Culcha-Candela-1-Kopie-scaled.jpg?fit=2560%2C1707&ssl=1","contentUrl":"https:\/\/i0.wp.com\/www.jazzzeitung.de\/cms\/wp-content\/uploads\/2023\/05\/Culcha-Candela-1-Kopie-scaled.jpg?fit=2560%2C1707&ssl=1","width":2560,"height":1707},{"@type":"BreadcrumbList","@id":"https:\/\/www.jazzzeitung.de\/cms\/2023\/05\/news-auftakt-des-festivalsommers-mit-der-jazz-rally-duesseldorf-hildener-jazztage-laden-ein-jazz-am-strand-bei-jazzbaltica\/#breadcrumb","itemListElement":[{"@type":"ListItem","position":1,"name":"Startseite","item":"https:\/\/www.jazzzeitung.de\/cms\/"},{"@type":"ListItem","position":2,"name":"News: +++ Auftakt des Festivalsommers mit der Jazz Rally D\u00fcsseldorf +++ Hildener Jazztage laden ein +++ Jazz am Strand bei JazzBaltica +++"}]},{"@type":"WebSite","@id":"https:\/\/www.jazzzeitung.de\/cms\/#website","url":"https:\/\/www.jazzzeitung.de\/cms\/","name":"JazzZeitung","description":"Jazz-News und Jazz-Kontroverses","publisher":{"@id":"https:\/\/www.jazzzeitung.de\/cms\/#organization"},"potentialAction":[{"@type":"SearchAction","target":{"@type":"EntryPoint","urlTemplate":"https:\/\/www.jazzzeitung.de\/cms\/?s={search_term_string}"},"query-input":{"@type":"PropertyValueSpecification","valueRequired":true,"valueName":"search_term_string"}}],"inLanguage":"de"},{"@type":"Organization","@id":"https:\/\/www.jazzzeitung.de\/cms\/#organization","name":"JazzZeitung online","url":"https:\/\/www.jazzzeitung.de\/cms\/","logo":{"@type":"ImageObject","inLanguage":"de","@id":"https:\/\/www.jazzzeitung.de\/cms\/#\/schema\/logo\/image\/","url":"https:\/\/i0.wp.com\/www.jazzzeitung.de\/cms\/wp-content\/uploads\/2015\/08\/JAZZZEITUNGDE_Logo_Neu.png?fit=499%2C200&ssl=1","contentUrl":"https:\/\/i0.wp.com\/www.jazzzeitung.de\/cms\/wp-content\/uploads\/2015\/08\/JAZZZEITUNGDE_Logo_Neu.png?fit=499%2C200&ssl=1","width":499,"height":200,"caption":"JazzZeitung online"},"image":{"@id":"https:\/\/www.jazzzeitung.de\/cms\/#\/schema\/logo\/image\/"},"sameAs":["https:\/\/www.facebook.com\/JazzZeitung\/"]},{"@type":"Person","@id":"https:\/\/www.jazzzeitung.de\/cms\/#\/schema\/person\/2245b36b9cd1d24cea10f01c031fb92b","name":"Redaktion JazzZeitung","image":{"@type":"ImageObject","inLanguage":"de","@id":"https:\/\/i0.wp.com\/www.jazzzeitung.de\/cms\/wp-content\/uploads\/2015\/08\/JAZZZEITUNGDE_Logo_Neu.png?resize=96%2C96&ssl=159975dcacb611b5700bd619b5daf0a7a","url":"https:\/\/i0.wp.com\/www.jazzzeitung.de\/cms\/wp-content\/uploads\/2015\/08\/JAZZZEITUNGDE_Logo_Neu.png?resize=96%2C96&ssl=1","contentUrl":"https:\/\/i0.wp.com\/www.jazzzeitung.de\/cms\/wp-content\/uploads\/2015\/08\/JAZZZEITUNGDE_Logo_Neu.png?resize=96%2C96&ssl=1","caption":"Redaktion JazzZeitung"},"description":"Artikel der Redaktion der JazzZeitung.","sameAs":["http:\/\/www.jazzzeitung.de\/cms\/"],"url":"https:\/\/www.jazzzeitung.de\/cms\/author\/redaktion\/"}]}},"wp-worthy-pixel":{"ignored":false,"public":null,"server":null,"url":null},"wp-worthy-type":"normal","jetpack_publicize_connections":[],"cc_featured_image_caption":{"caption_text":"","source_text":"","source_url":""},"jetpack_featured_media_url":"https:\/\/i0.wp.com\/www.jazzzeitung.de\/cms\/wp-content\/uploads\/2023\/05\/Culcha-Candela-1-Kopie-scaled.jpg?fit=2560%2C1707&ssl=1","jetpack_shortlink":"https:\/\/wp.me\/p3KEcT-7Fj","jetpack-related-posts":[{"id":25336,"url":"https:\/\/www.jazzzeitung.de\/cms\/2021\/08\/news-vorverkaufsstart-fuer-das-52-deutsche-jazzfestival-frankfurt-rhythm-saves-the-world-25-hildener-jazztage-jazzclub-muelheim-benefiz-jazzfestival-fuer-flutopfer\/","url_meta":{"origin":29469,"position":0},"title":"+++ news +++ Vorverkaufsstart f\u00fcr das 52. Deutsche Jazzfestival Frankfurt +++ Rhythm saves the world &#8211; 25. Hildener Jazztage +++ Jazzclub M\u00fclheim Benefiz-Jazzfestival f\u00fcr Flutopfer","author":"Redaktion JazzZeitung","date":"11. August 2021","format":false,"excerpt":"Vorverkaufsstart f\u00fcr das 52. Deutsche Jazzfestival Frankfurt (Frankfurt a. M.) Am Mittwoch, 27. Oktober, er\u00f6ffnet die amerikanische Jazzs\u00e4ngerin Jazzmeia Horn (unser Beitragsbild\/Foto: HR\/Emmanuel Afolab) gemeinsam mit ihrem Quartett und der hr-Bigband das 52. Deutsche Jazzfestival Frankfurt. Mit dabei sind in diesem Jahr an vier Abenden im hr-Sendesaal Andreas Schaerer, Antonio\u2026","rel":"","context":"In &quot;News&quot;","block_context":{"text":"News","link":"https:\/\/www.jazzzeitung.de\/cms\/thema\/nachrichten\/"},"img":{"alt_text":"","src":"https:\/\/i0.wp.com\/www.jazzzeitung.de\/cms\/wp-content\/uploads\/2021\/08\/Jazzmeia-Horn.jpg?fit=992%2C434&ssl=1&resize=350%2C200","width":350,"height":200,"srcset":"https:\/\/i0.wp.com\/www.jazzzeitung.de\/cms\/wp-content\/uploads\/2021\/08\/Jazzmeia-Horn.jpg?fit=992%2C434&ssl=1&resize=350%2C200 1x, https:\/\/i0.wp.com\/www.jazzzeitung.de\/cms\/wp-content\/uploads\/2021\/08\/Jazzmeia-Horn.jpg?fit=992%2C434&ssl=1&resize=525%2C300 1.5x, https:\/\/i0.wp.com\/www.jazzzeitung.de\/cms\/wp-content\/uploads\/2021\/08\/Jazzmeia-Horn.jpg?fit=992%2C434&ssl=1&resize=700%2C400 2x"},"classes":[]},{"id":15250,"url":"https:\/\/www.jazzzeitung.de\/cms\/2018\/03\/newseroeffnungsabend-der-jazzahead-2018banduebersicht-zur-26-schauinsland-reisen-jazz-rally-duesseldorf\/","url_meta":{"origin":29469,"position":1},"title":"+++News+++Er\u00f6ffnungsabend der jazzahead! 2018+++Band\u00fcbersicht zur 26. schauinsland-reisen Jazz Rally D\u00fcsseldorf+++","author":"Redaktion JazzZeitung","date":"9. M\u00e4rz 2018","format":false,"excerpt":"+++Er\u00f6ffnungsabend der jazzahead! 2018+++ 2018 ist Polen Partnerland der jazzahead! und acht, von einer international besetzten Fachjury ausgew\u00e4hlte polnische Ensembles werden innerhalb des Showcasefestivals am Donnerstag, 19.04.2018 auf dem Messegel\u00e4nde und im Kulturzentrum Schlachthof auftreten. Der genaue Ablaufplan des Abends steht mittlerweile fest: 19:30 Uhr Halle 7.1: Kamil Piotrowicz Sextet\u2026","rel":"","context":"In &quot;News&quot;","block_context":{"text":"News","link":"https:\/\/www.jazzzeitung.de\/cms\/thema\/nachrichten\/"},"img":{"alt_text":"","src":"https:\/\/i0.wp.com\/www.jazzzeitung.de\/cms\/wp-content\/uploads\/2018\/03\/Poland_jazzahead2017_cJanRathke_MesseBremen.jpg?fit=1200%2C856&ssl=1&resize=350%2C200","width":350,"height":200,"srcset":"https:\/\/i0.wp.com\/www.jazzzeitung.de\/cms\/wp-content\/uploads\/2018\/03\/Poland_jazzahead2017_cJanRathke_MesseBremen.jpg?fit=1200%2C856&ssl=1&resize=350%2C200 1x, https:\/\/i0.wp.com\/www.jazzzeitung.de\/cms\/wp-content\/uploads\/2018\/03\/Poland_jazzahead2017_cJanRathke_MesseBremen.jpg?fit=1200%2C856&ssl=1&resize=525%2C300 1.5x, https:\/\/i0.wp.com\/www.jazzzeitung.de\/cms\/wp-content\/uploads\/2018\/03\/Poland_jazzahead2017_cJanRathke_MesseBremen.jpg?fit=1200%2C856&ssl=1&resize=700%2C400 2x, https:\/\/i0.wp.com\/www.jazzzeitung.de\/cms\/wp-content\/uploads\/2018\/03\/Poland_jazzahead2017_cJanRathke_MesseBremen.jpg?fit=1200%2C856&ssl=1&resize=1050%2C600 3x"},"classes":[]},{"id":9338,"url":"https:\/\/www.jazzzeitung.de\/cms\/2016\/05\/ib-sh-jazzaward-2016-geht-im-rahmen-des-schleswig-holstein-musik-festivals-lisa-rebecca-wulff\/","url_meta":{"origin":29469,"position":2},"title":"Bassistin Lisa-Rebecca Wulff erh\u00e4lt den IB.SH-JazzAward 2016 im Rahmen des Schleswig-Holstein Musik Festivals","author":"Redaktion JazzZeitung","date":"19. Mai 2016","format":false,"excerpt":"Preistr\u00e4gerin des IB.SH-JazzAwards 2016 ist die Bassistin, Komponistin und S\u00e4ngerin Lisa-Rebecca Wulff. Der von der Investitionsbank Schleswig-Holstein gestiftete Geldpreis in H\u00f6he von 3.000 Euro wird im Rahmen von JazzBaltica 2016 verliehen. Seit 2008 wird der IB.SH-Jazz-Award als Auszeichnung an junge, aufstrebende Jazzmusiker vergeben. Nachdem in den vergangenen Jahren die Preise\u2026","rel":"","context":"In &quot;News&quot;","block_context":{"text":"News","link":"https:\/\/www.jazzzeitung.de\/cms\/thema\/nachrichten\/"},"img":{"alt_text":"","src":"https:\/\/i0.wp.com\/www.jazzzeitung.de\/cms\/wp-content\/uploads\/2016\/05\/lisa_wulff_l.wulff_-150x150.jpg?resize=350%2C200","width":350,"height":200},"classes":[]},{"id":19138,"url":"https:\/\/www.jazzzeitung.de\/cms\/2019\/04\/news-opus-gewinnt-live-entertainment-award-27-schauinsland-reisen-jazz-rally-duesseldorf\/","url_meta":{"origin":29469,"position":3},"title":"+++ news +++ Opus gewinnt Live Entertainment Award +++ 27. schauinsland-reisen Jazz Rally D\u00fcsseldorf +++","author":"Redaktion JazzZeitung","date":"9. April 2019","format":false,"excerpt":"Der Stuttgarter Veranstalter Opus wurde bei der 14. Verleihung des PRG Live Entertainment Awards zusammen mit der MCT Agentur GmbH und dem Europ\u00e4ischen Astronautenzentrum (EAC) f\u00fcr das Konzert von Kraftwerk mit dem Special Guest Dr. Alexander Gerst am 20. Juli 2018 bei den jazzopen in der Kategorie \u201eKonzert des Jahres\u2026","rel":"","context":"In &quot;News&quot;","block_context":{"text":"News","link":"https:\/\/www.jazzzeitung.de\/cms\/thema\/nachrichten\/"},"img":{"alt_text":"","src":"https:\/\/i0.wp.com\/www.jazzzeitung.de\/cms\/wp-content\/uploads\/2019\/04\/Kraftwerk_ReinerPfisterer2.jpg?fit=1200%2C800&ssl=1&resize=350%2C200","width":350,"height":200,"srcset":"https:\/\/i0.wp.com\/www.jazzzeitung.de\/cms\/wp-content\/uploads\/2019\/04\/Kraftwerk_ReinerPfisterer2.jpg?fit=1200%2C800&ssl=1&resize=350%2C200 1x, https:\/\/i0.wp.com\/www.jazzzeitung.de\/cms\/wp-content\/uploads\/2019\/04\/Kraftwerk_ReinerPfisterer2.jpg?fit=1200%2C800&ssl=1&resize=525%2C300 1.5x, https:\/\/i0.wp.com\/www.jazzzeitung.de\/cms\/wp-content\/uploads\/2019\/04\/Kraftwerk_ReinerPfisterer2.jpg?fit=1200%2C800&ssl=1&resize=700%2C400 2x, https:\/\/i0.wp.com\/www.jazzzeitung.de\/cms\/wp-content\/uploads\/2019\/04\/Kraftwerk_ReinerPfisterer2.jpg?fit=1200%2C800&ssl=1&resize=1050%2C600 3x"},"classes":[]},{"id":27882,"url":"https:\/\/www.jazzzeitung.de\/cms\/2022\/07\/bmw-young-artist-jazz-award-2022-geht-an-shuteen-erdenebaatar-nils-kugelmann-und-moritz-stahl\/","url_meta":{"origin":29469,"position":4},"title":"+++ BMW Young Artist Jazz Award 2022 geht an\u00a0Shuteen Erdenebaatar, Nils Kugelmann und Moritz Stahl\u00a0+++","author":"Redaktion JazzZeitung","date":"19. Juli 2022","format":false,"excerpt":"Als Zeichen der anhaltenden Unterst\u00fctzung der jungen Jazzszene\u00a0 verleiht die BMW Group zusammen mit der Landeshauptstadt M\u00fcnchen den BMW Young Artist Jazz Award in diesem Jahr wiederholt an drei junge Musikerinnen und Musiker aus dem Gro\u00dfraum M\u00fcnchen. Neben einem Preisgeld von je 3.000 Euro, werden die drei Preistr\u00e4ger Shuteen Erdenebaatar,\u2026","rel":"","context":"In &quot;News&quot;","block_context":{"text":"News","link":"https:\/\/www.jazzzeitung.de\/cms\/thema\/nachrichten\/"},"img":{"alt_text":"","src":"https:\/\/i0.wp.com\/www.jazzzeitung.de\/cms\/wp-content\/uploads\/2022\/07\/P90472358_highRes_bmw-young-artist-jaz-scaled.jpg?fit=1200%2C675&ssl=1&resize=350%2C200","width":350,"height":200,"srcset":"https:\/\/i0.wp.com\/www.jazzzeitung.de\/cms\/wp-content\/uploads\/2022\/07\/P90472358_highRes_bmw-young-artist-jaz-scaled.jpg?fit=1200%2C675&ssl=1&resize=350%2C200 1x, https:\/\/i0.wp.com\/www.jazzzeitung.de\/cms\/wp-content\/uploads\/2022\/07\/P90472358_highRes_bmw-young-artist-jaz-scaled.jpg?fit=1200%2C675&ssl=1&resize=525%2C300 1.5x, https:\/\/i0.wp.com\/www.jazzzeitung.de\/cms\/wp-content\/uploads\/2022\/07\/P90472358_highRes_bmw-young-artist-jaz-scaled.jpg?fit=1200%2C675&ssl=1&resize=700%2C400 2x, https:\/\/i0.wp.com\/www.jazzzeitung.de\/cms\/wp-content\/uploads\/2022\/07\/P90472358_highRes_bmw-young-artist-jaz-scaled.jpg?fit=1200%2C675&ssl=1&resize=1050%2C600 3x"},"classes":[]},{"id":14640,"url":"https:\/\/www.jazzzeitung.de\/cms\/2018\/01\/die-jazz-radiowoche-vom-08-01-bis-14-01-2018\/","url_meta":{"origin":29469,"position":5},"title":"Die Jazz-Radiowoche vom 08.01. bis 14.01.2018","author":"Redaktion JazzZeitung","date":"7. Januar 2018","format":false,"excerpt":"Ein subjektiver Blick in die Jazzwoche 2 im Radio. Unter anderem mit: Martin Tingvall, Shelly Manne, Sister Rosetta Tharpe, Parisien \u2013 Peirani \u2013 Wollny \u2013 Schaerer, Alan Pasqua und die WDR Big Band, Scott Hamilton, Andreas Heuser, Kinga Glyk \/ Jaco Pastorius, Roger Hanschel, Ruth Brown, Timo Lassy, Klaus Doldinger\u2026","rel":"","context":"In &quot;News&quot;","block_context":{"text":"News","link":"https:\/\/www.jazzzeitung.de\/cms\/thema\/nachrichten\/"},"img":{"alt_text":"Jazz im Radio","src":"https:\/\/i0.wp.com\/www.jazzzeitung.de\/cms\/wp-content\/uploads\/2017\/10\/radio-jazz-neu.jpg?fit=1200%2C900&ssl=1&resize=350%2C200","width":350,"height":200,"srcset":"https:\/\/i0.wp.com\/www.jazzzeitung.de\/cms\/wp-content\/uploads\/2017\/10\/radio-jazz-neu.jpg?fit=1200%2C900&ssl=1&resize=350%2C200 1x, https:\/\/i0.wp.com\/www.jazzzeitung.de\/cms\/wp-content\/uploads\/2017\/10\/radio-jazz-neu.jpg?fit=1200%2C900&ssl=1&resize=525%2C300 1.5x, https:\/\/i0.wp.com\/www.jazzzeitung.de\/cms\/wp-content\/uploads\/2017\/10\/radio-jazz-neu.jpg?fit=1200%2C900&ssl=1&resize=700%2C400 2x, https:\/\/i0.wp.com\/www.jazzzeitung.de\/cms\/wp-content\/uploads\/2017\/10\/radio-jazz-neu.jpg?fit=1200%2C900&ssl=1&resize=1050%2C600 3x"},"classes":[]}],"jetpack_sharing_enabled":true,"_links":{"self":[{"href":"https:\/\/www.jazzzeitung.de\/cms\/wp-json\/wp\/v2\/posts\/29469","targetHints":{"allow":["GET"]}}],"collection":[{"href":"https:\/\/www.jazzzeitung.de\/cms\/wp-json\/wp\/v2\/posts"}],"about":[{"href":"https:\/\/www.jazzzeitung.de\/cms\/wp-json\/wp\/v2\/types\/post"}],"author":[{"embeddable":true,"href":"https:\/\/www.jazzzeitung.de\/cms\/wp-json\/wp\/v2\/users\/18"}],"replies":[{"embeddable":true,"href":"https:\/\/www.jazzzeitung.de\/cms\/wp-json\/wp\/v2\/comments?post=29469"}],"version-history":[{"count":2,"href":"https:\/\/www.jazzzeitung.de\/cms\/wp-json\/wp\/v2\/posts\/29469\/revisions"}],"predecessor-version":[{"id":29472,"href":"https:\/\/www.jazzzeitung.de\/cms\/wp-json\/wp\/v2\/posts\/29469\/revisions\/29472"}],"wp:featuredmedia":[{"embeddable":true,"href":"https:\/\/www.jazzzeitung.de\/cms\/wp-json\/wp\/v2\/media\/29470"}],"wp:attachment":[{"href":"https:\/\/www.jazzzeitung.de\/cms\/wp-json\/wp\/v2\/media?parent=29469"}],"wp:term":[{"taxonomy":"category","embeddable":true,"href":"https:\/\/www.jazzzeitung.de\/cms\/wp-json\/wp\/v2\/categories?post=29469"},{"taxonomy":"post_tag","embeddable":true,"href":"https:\/\/www.jazzzeitung.de\/cms\/wp-json\/wp\/v2\/tags?post=29469"},{"taxonomy":"author","embeddable":true,"href":"https:\/\/www.jazzzeitung.de\/cms\/wp-json\/wp\/v2\/coauthors?post=29469"}],"curies":[{"name":"wp","href":"https:\/\/api.w.org\/{rel}","templated":true}]}}