{"id":29366,"date":"2023-04-25T11:26:30","date_gmt":"2023-04-25T09:26:30","guid":{"rendered":"https:\/\/www.jazzzeitung.de\/cms\/?p=29366"},"modified":"2023-04-25T11:26:30","modified_gmt":"2023-04-25T09:26:30","slug":"poetische-jazzsongs-mit-humor-und-tiefe","status":"publish","type":"post","link":"https:\/\/www.jazzzeitung.de\/cms\/2023\/04\/poetische-jazzsongs-mit-humor-und-tiefe\/","title":{"rendered":"Poetische Jazzsongs mit Humor und Tiefe"},"content":{"rendered":"<p><strong>Konzert. Um ein Haar w\u00e4re der gro\u00dfartige Auftritt von S\u00e4ngerin Efrat Alony Covid zum Opfer gefallen.<\/strong><\/p>\n<p>&nbsp;<\/p>\n<p>Regensburg. Nach au\u00dfen schrill, nach innen poetisch, tr\u00e4umerisch und oft alles andere als geradlinig. Efrat Alonys Songs besch\u00e4ftigen sich auf vielf\u00e4ltige Weise mit Eindr\u00fccken und ihrer Sicht auf die Welt um sie herum und damit, wie sie sich darin spiegelt. Da kr\u00e4useln sich Gedanken, Ignoranz wird als Gl\u00fccksgef\u00fchl erlebt und &#8222;der s\u00fc\u00dfe Duft der Luft nach einem Regenschauer&#8220; erf\u00fcllt sie mit Hoffnung.<\/p>\n<p>Auf der B\u00fchne, wie bei ihrem Konzert beim Jazzclub im Leeren Beutel, tritt die S\u00e4ngerin und Komponistin extravagant gekleidet auf. Auf den ersten Blick wirkt sie damit ein wenig \u00fcberkandidelt. Beginnt sie aber zu singen, r\u00fccken ihre blauen Schuhe mit den Haifischz\u00e4hnen, die t\u00fcrkisfarbene Brille und der weite steife Rock, nach wenigen Momenten weit in den Hintergrund. Dann konzentriert man sich nur noch auf diese ph\u00e4nomenale Stimme, die im Laufe von zwei Stunden eine ganze Klangwelt zu erschaffen imstande ist.<\/p>\n<p>Das Ausdrucksspektrum, mit dem Alony das Publikum ein ums andere Mal fasziniert und begeistert, ist riesig. Sie singt hoch und d\u00fcnn wie ein M\u00e4dchen, springt m\u00fchelos in dunkle Tiefen, ironisiert, kiekst und verzerrt T\u00f6ne. Sie brummt, greift mit ihrer Stimme nach einer Wolke und tanzt im Unisono mit dem Bass auf einer kleinen Melodielinie. Dabei modelliert sie die Gesangslinien und Texte nicht nur mit ihrem hochvariablen Stimmorgan. Vielmehr zeichnet sich jeder einzelne Ton auch im Gesicht und K\u00f6rper der K\u00fcnstlerin ab, sie formt die Songs mit ihrer Band zusammen wie ein Gesamtkunstwerk, um diesen oft in der Architektur verwendeten Begriff hier einmal &#8217;nur&#8216; auf die Musik zu beziehen.<\/p>\n<h3>Neubesetzung in letzter Minute<\/h3>\n<p>Dabei w\u00e4re das Konzert um ein Haar ins Wasser gefallen, wie Alony nach dem ersten a cappella eingeleiteten Song mit gespieltem Schreck verk\u00fcndet. Der Schlagzeuger Heinrich K\u00f6bberling, seit langem festes Mitglied ihrer Band, sei an Covid erkrankt. In praktisch letzter Minute habe Paul Hochst\u00e4dter, Schlagzeuger in der Bigband des Hessischen Rundfunks und mehrere Jahre Mitglied beim Jazz Orchester Regensburg, zugesagt einzuspringen. Noch in der Nacht habe er sich die Musik Alonys &#8222;draufgeschafft \u2013 und die ist nicht leicht&#8220;, erz\u00e4hlt Bassist Henning Sieverts nach dem Konzert, und reiste am Konzerttag abends mit dem Zug an. Zwei Stunden vor Beginn habe die Band schlie\u00dflich begonnen die Songs zu proben.<\/p>\n<p>Was Hochst\u00e4dter dann punktgenau in Timing, Dynamik und Betonungen abliefert, war bestes Profitum. Mit den Noten vor Augen, schl\u00fcpft er in jeden Song, als sei er schon l\u00e4nger darin gegangen. Zugute kommt ihm dabei auch, dass er mit Sieverts einen absolut sicheren Timekeeper und mit dem wunderbar wandlungsf\u00e4higen Gitarristen Frank Wingold zwei Gegen\u00fcber hat, die sich verl\u00e4\u00dflich auf ihn einstellen. Alony, die als Bandleaderin und Musikerin ganz genau wei\u00df, was und wie sie etwas gestalten will, d\u00e4mpft sein Spiel ab und an mit kleinen Handzeichen oder zeigt die L\u00e4nge eines solistischen Beitrags an. Bei einem, offenbar in der K\u00fcrze der Zeit nicht geprobten Song, reicht sie ihm einfach ihre eigenen Noten hin, nach denen er pa\u00dfgenau trommelt.<\/p>\n<h3>Mit pr\u00e4mierten Songs im Gep\u00e4ck<\/h3>\n<p>Die Band stellt \u00fcberwiegend Songs aus dem letzten, 2021 bei Neuklang erschienenen Album &#8222;Hollywood Isn&#8217;t Calling&#8220; vor, f\u00fcr welches die in Berlin lebende S\u00e4ngerin den Deutschen Jazzpreis als bestes Vokalalbum erhalten hat. Darin bringt sie, wie schon am ironischen Titel ablesbar, Humor mit emotionaler Tiefe, wortgewandter Poesie und gesellschaftspolitischen Statements zusammen. Heute geh\u00f6rt die Israelin zu den bedeutendsten Stimmen des deutschen und europ\u00e4ischen Jazz, in den sie auch Ankl\u00e4nge an Musik ihrer Heimat verwebt. Hat sie auch als Bandleaderin das Heft straff in der Hand, l\u00e4sst sie ihren Musikern dennoch gen\u00fcgend Freir\u00e4ume f\u00fcr ungemein packende Soli, wie Sieverts und Wingold mehrfach mit spielerischer Lust im leider nur m\u00e4\u00dfig besuchten Leeren Beutel demonstrieren.<\/p>\n<p>&nbsp;<\/p>\n<p>Beitragsbild: Efrat Alony mit ihrer Band im Leeren Beutel in Regensburg. Foto: Michael Scheiner<\/p>\n","protected":false},"excerpt":{"rendered":"<p>Konzert. Um ein Haar w\u00e4re der gro\u00dfartige Auftritt von S\u00e4ngerin Efrat Alony Covid zum Opfer gefallen. &nbsp; Regensburg. Nach au\u00dfen schrill, nach innen poetisch, tr\u00e4umerisch und oft alles andere als geradlinig. Efrat Alonys Songs besch\u00e4ftigen sich auf vielf\u00e4ltige Weise mit Eindr\u00fccken und ihrer Sicht auf die Welt um sie herum und damit, wie sie sich darin spiegelt. Da kr\u00e4useln sich Gedanken, Ignoranz wird als Gl\u00fccksgef\u00fchl erlebt und &#8222;der s\u00fc\u00dfe Duft der Luft nach einem Regenschauer&#8220; erf\u00fcllt sie mit Hoffnung. Auf der B\u00fchne, wie bei ihrem Konzert beim Jazzclub im Leeren Beutel, tritt die S\u00e4ngerin und Komponistin extravagant gekleidet auf. Auf den ersten Blick wirkt sie damit ein wenig \u00fcberkandidelt. Beginnt sie aber zu singen, r\u00fccken ihre blauen Schuhe mit den Haifischz\u00e4hnen, die t\u00fcrkisfarbene Brille und der weite steife Rock, nach wenigen Momenten weit in den Hintergrund. Dann konzentriert man sich nur noch auf diese ph\u00e4nomenale Stimme, die im Laufe von zwei Stunden eine ganze Klangwelt zu erschaffen imstande ist. Das Ausdrucksspektrum, mit dem Alony das Publikum ein ums andere Mal fasziniert und begeistert, ist riesig. Sie singt hoch und d\u00fcnn wie ein M\u00e4dchen, springt m\u00fchelos &hellip;<\/p>\n","protected":false},"author":37,"featured_media":29370,"comment_status":"open","ping_status":"closed","sticky":false,"template":"","format":"standard","meta":{"_jetpack_memberships_contains_paid_content":false,"footnotes":"","jetpack_publicize_message":"","jetpack_publicize_feature_enabled":true,"jetpack_social_post_already_shared":false,"jetpack_social_options":{"image_generator_settings":{"template":"highway","default_image_id":0,"font":"","enabled":false},"version":2}},"categories":[1053],"tags":[3391,34,3914,1763,4608,66,73,3827,4666,735,4841,4840,1328,221,4837,2776,1025,1876,4322,4839,271,1535,1896,737,3446,1423,322,323,787,964,2866,3964,387,4838,1797,1250,2139,2312,1176],"coauthors":[1765],"class_list":["post-29366","post","type-post","status-publish","format-standard","has-post-thumbnail","hentry","category-bericht","tag-3391","tag-album","tag-band","tag-bass","tag-bassist","tag-berlin","tag-bigband","tag-deutschen-jazzpreis","tag-deutscher-jazz-preis","tag-deutscher-jazzpreis","tag-efrat-alony","tag-frank-wingold","tag-heinrich-koebberling","tag-henning-sieverts","tag-hollywood-isnt-calling","tag-hr-big-band","tag-hr-bigband","tag-jazz","tag-jazz-club-regensburg","tag-jazz-orchester-regensburg","tag-jazzclub","tag-jazzclub-im-leeren-beutel","tag-jazzclub-leerer-beutel","tag-jazzclub-regensburg","tag-jazzkonzerte","tag-jazzpreis","tag-konzert-2","tag-konzerte","tag-leerer-beutel","tag-leerer-beutel-regensburg","tag-livekonzerte","tag-livemusik","tag-michael-scheiner","tag-paul-hochstaedter","tag-regensburg","tag-rock","tag-s","tag-schlagzeuger","tag-soli"],"yoast_head":"<!-- This site is optimized with the Yoast SEO plugin v27.5 - https:\/\/yoast.com\/product\/yoast-seo-wordpress\/ -->\n<title>Poetische Jazzsongs mit Humor und Tiefe - JazzZeitung<\/title>\n<meta name=\"robots\" content=\"index, follow, max-snippet:-1, max-image-preview:large, max-video-preview:-1\" \/>\n<link rel=\"canonical\" href=\"https:\/\/www.jazzzeitung.de\/cms\/2023\/04\/poetische-jazzsongs-mit-humor-und-tiefe\/\" \/>\n<meta property=\"og:locale\" content=\"de_DE\" \/>\n<meta property=\"og:type\" content=\"article\" \/>\n<meta property=\"og:title\" content=\"Poetische Jazzsongs mit Humor und Tiefe - JazzZeitung\" \/>\n<meta property=\"og:description\" content=\"Konzert. Um ein Haar w\u00e4re der gro\u00dfartige Auftritt von S\u00e4ngerin Efrat Alony Covid zum Opfer gefallen. &nbsp; Regensburg. Nach au\u00dfen schrill, nach innen poetisch, tr\u00e4umerisch und oft alles andere als geradlinig. Efrat Alonys Songs besch\u00e4ftigen sich auf vielf\u00e4ltige Weise mit Eindr\u00fccken und ihrer Sicht auf die Welt um sie herum und damit, wie sie sich darin spiegelt. Da kr\u00e4useln sich Gedanken, Ignoranz wird als Gl\u00fccksgef\u00fchl erlebt und &#8222;der s\u00fc\u00dfe Duft der Luft nach einem Regenschauer&#8220; erf\u00fcllt sie mit Hoffnung. Auf der B\u00fchne, wie bei ihrem Konzert beim Jazzclub im Leeren Beutel, tritt die S\u00e4ngerin und Komponistin extravagant gekleidet auf. Auf den ersten Blick wirkt sie damit ein wenig \u00fcberkandidelt. Beginnt sie aber zu singen, r\u00fccken ihre blauen Schuhe mit den Haifischz\u00e4hnen, die t\u00fcrkisfarbene Brille und der weite steife Rock, nach wenigen Momenten weit in den Hintergrund. Dann konzentriert man sich nur noch auf diese ph\u00e4nomenale Stimme, die im Laufe von zwei Stunden eine ganze Klangwelt zu erschaffen imstande ist. Das Ausdrucksspektrum, mit dem Alony das Publikum ein ums andere Mal fasziniert und begeistert, ist riesig. Sie singt hoch und d\u00fcnn wie ein M\u00e4dchen, springt m\u00fchelos &hellip;\" \/>\n<meta property=\"og:url\" content=\"https:\/\/www.jazzzeitung.de\/cms\/2023\/04\/poetische-jazzsongs-mit-humor-und-tiefe\/\" \/>\n<meta property=\"og:site_name\" content=\"JazzZeitung\" \/>\n<meta property=\"article:publisher\" content=\"https:\/\/www.facebook.com\/JazzZeitung\/\" \/>\n<meta property=\"article:published_time\" content=\"2023-04-25T09:26:30+00:00\" \/>\n<meta property=\"og:image\" content=\"https:\/\/www.jazzzeitung.de\/cms\/wp-content\/uploads\/2023\/04\/alony-band_12-900x577.jpg\" \/>\n\t<meta property=\"og:image:width\" content=\"900\" \/>\n\t<meta property=\"og:image:height\" content=\"577\" \/>\n\t<meta property=\"og:image:type\" content=\"image\/jpeg\" \/>\n<meta name=\"author\" content=\"Michael Scheiner\" \/>\n<script type=\"application\/ld+json\" class=\"yoast-schema-graph\">{\"@context\":\"https:\\\/\\\/schema.org\",\"@graph\":[{\"@type\":\"Article\",\"@id\":\"https:\\\/\\\/www.jazzzeitung.de\\\/cms\\\/2023\\\/04\\\/poetische-jazzsongs-mit-humor-und-tiefe\\\/#article\",\"isPartOf\":{\"@id\":\"https:\\\/\\\/www.jazzzeitung.de\\\/cms\\\/2023\\\/04\\\/poetische-jazzsongs-mit-humor-und-tiefe\\\/\"},\"author\":{\"name\":\"Michael Scheiner\",\"@id\":\"https:\\\/\\\/www.jazzzeitung.de\\\/cms\\\/#\\\/schema\\\/person\\\/a0bebd4d1728041629a3cbd7790f87fb\"},\"headline\":\"Poetische Jazzsongs mit Humor und Tiefe\",\"datePublished\":\"2023-04-25T09:26:30+00:00\",\"mainEntityOfPage\":{\"@id\":\"https:\\\/\\\/www.jazzzeitung.de\\\/cms\\\/2023\\\/04\\\/poetische-jazzsongs-mit-humor-und-tiefe\\\/\"},\"wordCount\":685,\"commentCount\":0,\"publisher\":{\"@id\":\"https:\\\/\\\/www.jazzzeitung.de\\\/cms\\\/#organization\"},\"image\":{\"@id\":\"https:\\\/\\\/www.jazzzeitung.de\\\/cms\\\/2023\\\/04\\\/poetische-jazzsongs-mit-humor-und-tiefe\\\/#primaryimage\"},\"thumbnailUrl\":\"https:\\\/\\\/i0.wp.com\\\/www.jazzzeitung.de\\\/cms\\\/wp-content\\\/uploads\\\/2023\\\/04\\\/alony-band_12.jpg?fit=2457%2C1574&ssl=1\",\"keywords\":[\"2021\",\"Album\",\"Band\",\"Bass\",\"Bassist\",\"Berlin\",\"Bigband\",\"Deutschen Jazzpreis\",\"Deutscher Jazz Preis\",\"Deutscher Jazzpreis\",\"Efrat Alony\",\"Frank Wingold\",\"Heinrich K\u00f6bberling\",\"Henning Sieverts\",\"Hollywood Isn't Calling\",\"HR-Big Band\",\"hr-Bigband\",\"Jazz\",\"Jazz Club Regensburg\",\"Jazz Orchester Regensburg\",\"Jazzclub\",\"Jazzclub im Leeren Beutel\",\"Jazzclub Leerer Beutel\",\"Jazzclub Regensburg\",\"Jazzkonzerte\",\"Jazzpreis\",\"Konzert\",\"Konzerte\",\"Leerer Beutel\",\"Leerer Beutel Regensburg\",\"Livekonzerte\",\"Livemusik\",\"Michael Scheiner\",\"Paul Hochst\u00e4dter\",\"Regensburg\",\"Rock\",\"S\",\"Schlagzeuger\",\"Soli\"],\"articleSection\":[\"Bericht\"],\"inLanguage\":\"de\",\"potentialAction\":[{\"@type\":\"CommentAction\",\"name\":\"Comment\",\"target\":[\"https:\\\/\\\/www.jazzzeitung.de\\\/cms\\\/2023\\\/04\\\/poetische-jazzsongs-mit-humor-und-tiefe\\\/#respond\"]}]},{\"@type\":\"WebPage\",\"@id\":\"https:\\\/\\\/www.jazzzeitung.de\\\/cms\\\/2023\\\/04\\\/poetische-jazzsongs-mit-humor-und-tiefe\\\/\",\"url\":\"https:\\\/\\\/www.jazzzeitung.de\\\/cms\\\/2023\\\/04\\\/poetische-jazzsongs-mit-humor-und-tiefe\\\/\",\"name\":\"Poetische Jazzsongs mit Humor und Tiefe - JazzZeitung\",\"isPartOf\":{\"@id\":\"https:\\\/\\\/www.jazzzeitung.de\\\/cms\\\/#website\"},\"primaryImageOfPage\":{\"@id\":\"https:\\\/\\\/www.jazzzeitung.de\\\/cms\\\/2023\\\/04\\\/poetische-jazzsongs-mit-humor-und-tiefe\\\/#primaryimage\"},\"image\":{\"@id\":\"https:\\\/\\\/www.jazzzeitung.de\\\/cms\\\/2023\\\/04\\\/poetische-jazzsongs-mit-humor-und-tiefe\\\/#primaryimage\"},\"thumbnailUrl\":\"https:\\\/\\\/i0.wp.com\\\/www.jazzzeitung.de\\\/cms\\\/wp-content\\\/uploads\\\/2023\\\/04\\\/alony-band_12.jpg?fit=2457%2C1574&ssl=1\",\"datePublished\":\"2023-04-25T09:26:30+00:00\",\"breadcrumb\":{\"@id\":\"https:\\\/\\\/www.jazzzeitung.de\\\/cms\\\/2023\\\/04\\\/poetische-jazzsongs-mit-humor-und-tiefe\\\/#breadcrumb\"},\"inLanguage\":\"de\",\"potentialAction\":[{\"@type\":\"ReadAction\",\"target\":[\"https:\\\/\\\/www.jazzzeitung.de\\\/cms\\\/2023\\\/04\\\/poetische-jazzsongs-mit-humor-und-tiefe\\\/\"]}]},{\"@type\":\"ImageObject\",\"inLanguage\":\"de\",\"@id\":\"https:\\\/\\\/www.jazzzeitung.de\\\/cms\\\/2023\\\/04\\\/poetische-jazzsongs-mit-humor-und-tiefe\\\/#primaryimage\",\"url\":\"https:\\\/\\\/i0.wp.com\\\/www.jazzzeitung.de\\\/cms\\\/wp-content\\\/uploads\\\/2023\\\/04\\\/alony-band_12.jpg?fit=2457%2C1574&ssl=1\",\"contentUrl\":\"https:\\\/\\\/i0.wp.com\\\/www.jazzzeitung.de\\\/cms\\\/wp-content\\\/uploads\\\/2023\\\/04\\\/alony-band_12.jpg?fit=2457%2C1574&ssl=1\",\"width\":2457,\"height\":1574},{\"@type\":\"BreadcrumbList\",\"@id\":\"https:\\\/\\\/www.jazzzeitung.de\\\/cms\\\/2023\\\/04\\\/poetische-jazzsongs-mit-humor-und-tiefe\\\/#breadcrumb\",\"itemListElement\":[{\"@type\":\"ListItem\",\"position\":1,\"name\":\"Startseite\",\"item\":\"https:\\\/\\\/www.jazzzeitung.de\\\/cms\\\/\"},{\"@type\":\"ListItem\",\"position\":2,\"name\":\"Poetische Jazzsongs mit Humor und Tiefe\"}]},{\"@type\":\"WebSite\",\"@id\":\"https:\\\/\\\/www.jazzzeitung.de\\\/cms\\\/#website\",\"url\":\"https:\\\/\\\/www.jazzzeitung.de\\\/cms\\\/\",\"name\":\"JazzZeitung\",\"description\":\"Jazz-News und Jazz-Kontroverses\",\"publisher\":{\"@id\":\"https:\\\/\\\/www.jazzzeitung.de\\\/cms\\\/#organization\"},\"potentialAction\":[{\"@type\":\"SearchAction\",\"target\":{\"@type\":\"EntryPoint\",\"urlTemplate\":\"https:\\\/\\\/www.jazzzeitung.de\\\/cms\\\/?s={search_term_string}\"},\"query-input\":{\"@type\":\"PropertyValueSpecification\",\"valueRequired\":true,\"valueName\":\"search_term_string\"}}],\"inLanguage\":\"de\"},{\"@type\":\"Organization\",\"@id\":\"https:\\\/\\\/www.jazzzeitung.de\\\/cms\\\/#organization\",\"name\":\"JazzZeitung online\",\"url\":\"https:\\\/\\\/www.jazzzeitung.de\\\/cms\\\/\",\"logo\":{\"@type\":\"ImageObject\",\"inLanguage\":\"de\",\"@id\":\"https:\\\/\\\/www.jazzzeitung.de\\\/cms\\\/#\\\/schema\\\/logo\\\/image\\\/\",\"url\":\"https:\\\/\\\/i0.wp.com\\\/www.jazzzeitung.de\\\/cms\\\/wp-content\\\/uploads\\\/2015\\\/08\\\/JAZZZEITUNGDE_Logo_Neu.png?fit=499%2C200&ssl=1\",\"contentUrl\":\"https:\\\/\\\/i0.wp.com\\\/www.jazzzeitung.de\\\/cms\\\/wp-content\\\/uploads\\\/2015\\\/08\\\/JAZZZEITUNGDE_Logo_Neu.png?fit=499%2C200&ssl=1\",\"width\":499,\"height\":200,\"caption\":\"JazzZeitung online\"},\"image\":{\"@id\":\"https:\\\/\\\/www.jazzzeitung.de\\\/cms\\\/#\\\/schema\\\/logo\\\/image\\\/\"},\"sameAs\":[\"https:\\\/\\\/www.facebook.com\\\/JazzZeitung\\\/\"]},{\"@type\":\"Person\",\"@id\":\"https:\\\/\\\/www.jazzzeitung.de\\\/cms\\\/#\\\/schema\\\/person\\\/a0bebd4d1728041629a3cbd7790f87fb\",\"name\":\"Michael Scheiner\",\"image\":{\"@type\":\"ImageObject\",\"inLanguage\":\"de\",\"@id\":\"https:\\\/\\\/secure.gravatar.com\\\/avatar\\\/c2d6ac12f682c419867cf3f803880bb41d5b23007d3670820aa9a6e7b5f6ec8d?s=96&d=wp_user_avatar&r=gdabb1b10453880983dfc53da7552ec76\",\"url\":\"https:\\\/\\\/secure.gravatar.com\\\/avatar\\\/c2d6ac12f682c419867cf3f803880bb41d5b23007d3670820aa9a6e7b5f6ec8d?s=96&d=wp_user_avatar&r=g\",\"contentUrl\":\"https:\\\/\\\/secure.gravatar.com\\\/avatar\\\/c2d6ac12f682c419867cf3f803880bb41d5b23007d3670820aa9a6e7b5f6ec8d?s=96&d=wp_user_avatar&r=g\",\"caption\":\"Michael Scheiner\"},\"sameAs\":[\"http:\\\/\\\/www.michaelscheiner.de\"],\"url\":\"https:\\\/\\\/www.jazzzeitung.de\\\/cms\\\/author\\\/mscheiner\\\/\"}]}<\/script>\n<!-- \/ Yoast SEO plugin. -->","yoast_head_json":{"title":"Poetische Jazzsongs mit Humor und Tiefe - JazzZeitung","robots":{"index":"index","follow":"follow","max-snippet":"max-snippet:-1","max-image-preview":"max-image-preview:large","max-video-preview":"max-video-preview:-1"},"canonical":"https:\/\/www.jazzzeitung.de\/cms\/2023\/04\/poetische-jazzsongs-mit-humor-und-tiefe\/","og_locale":"de_DE","og_type":"article","og_title":"Poetische Jazzsongs mit Humor und Tiefe - JazzZeitung","og_description":"Konzert. Um ein Haar w\u00e4re der gro\u00dfartige Auftritt von S\u00e4ngerin Efrat Alony Covid zum Opfer gefallen. &nbsp; Regensburg. Nach au\u00dfen schrill, nach innen poetisch, tr\u00e4umerisch und oft alles andere als geradlinig. Efrat Alonys Songs besch\u00e4ftigen sich auf vielf\u00e4ltige Weise mit Eindr\u00fccken und ihrer Sicht auf die Welt um sie herum und damit, wie sie sich darin spiegelt. Da kr\u00e4useln sich Gedanken, Ignoranz wird als Gl\u00fccksgef\u00fchl erlebt und &#8222;der s\u00fc\u00dfe Duft der Luft nach einem Regenschauer&#8220; erf\u00fcllt sie mit Hoffnung. Auf der B\u00fchne, wie bei ihrem Konzert beim Jazzclub im Leeren Beutel, tritt die S\u00e4ngerin und Komponistin extravagant gekleidet auf. Auf den ersten Blick wirkt sie damit ein wenig \u00fcberkandidelt. Beginnt sie aber zu singen, r\u00fccken ihre blauen Schuhe mit den Haifischz\u00e4hnen, die t\u00fcrkisfarbene Brille und der weite steife Rock, nach wenigen Momenten weit in den Hintergrund. Dann konzentriert man sich nur noch auf diese ph\u00e4nomenale Stimme, die im Laufe von zwei Stunden eine ganze Klangwelt zu erschaffen imstande ist. Das Ausdrucksspektrum, mit dem Alony das Publikum ein ums andere Mal fasziniert und begeistert, ist riesig. Sie singt hoch und d\u00fcnn wie ein M\u00e4dchen, springt m\u00fchelos &hellip;","og_url":"https:\/\/www.jazzzeitung.de\/cms\/2023\/04\/poetische-jazzsongs-mit-humor-und-tiefe\/","og_site_name":"JazzZeitung","article_publisher":"https:\/\/www.facebook.com\/JazzZeitung\/","article_published_time":"2023-04-25T09:26:30+00:00","og_image":[{"width":900,"height":577,"url":"https:\/\/www.jazzzeitung.de\/cms\/wp-content\/uploads\/2023\/04\/alony-band_12-900x577.jpg","type":"image\/jpeg"}],"author":"Michael Scheiner","schema":{"@context":"https:\/\/schema.org","@graph":[{"@type":"Article","@id":"https:\/\/www.jazzzeitung.de\/cms\/2023\/04\/poetische-jazzsongs-mit-humor-und-tiefe\/#article","isPartOf":{"@id":"https:\/\/www.jazzzeitung.de\/cms\/2023\/04\/poetische-jazzsongs-mit-humor-und-tiefe\/"},"author":{"name":"Michael Scheiner","@id":"https:\/\/www.jazzzeitung.de\/cms\/#\/schema\/person\/a0bebd4d1728041629a3cbd7790f87fb"},"headline":"Poetische Jazzsongs mit Humor und Tiefe","datePublished":"2023-04-25T09:26:30+00:00","mainEntityOfPage":{"@id":"https:\/\/www.jazzzeitung.de\/cms\/2023\/04\/poetische-jazzsongs-mit-humor-und-tiefe\/"},"wordCount":685,"commentCount":0,"publisher":{"@id":"https:\/\/www.jazzzeitung.de\/cms\/#organization"},"image":{"@id":"https:\/\/www.jazzzeitung.de\/cms\/2023\/04\/poetische-jazzsongs-mit-humor-und-tiefe\/#primaryimage"},"thumbnailUrl":"https:\/\/i0.wp.com\/www.jazzzeitung.de\/cms\/wp-content\/uploads\/2023\/04\/alony-band_12.jpg?fit=2457%2C1574&ssl=1","keywords":["2021","Album","Band","Bass","Bassist","Berlin","Bigband","Deutschen Jazzpreis","Deutscher Jazz Preis","Deutscher Jazzpreis","Efrat Alony","Frank Wingold","Heinrich K\u00f6bberling","Henning Sieverts","Hollywood Isn't Calling","HR-Big Band","hr-Bigband","Jazz","Jazz Club Regensburg","Jazz Orchester Regensburg","Jazzclub","Jazzclub im Leeren Beutel","Jazzclub Leerer Beutel","Jazzclub Regensburg","Jazzkonzerte","Jazzpreis","Konzert","Konzerte","Leerer Beutel","Leerer Beutel Regensburg","Livekonzerte","Livemusik","Michael Scheiner","Paul Hochst\u00e4dter","Regensburg","Rock","S","Schlagzeuger","Soli"],"articleSection":["Bericht"],"inLanguage":"de","potentialAction":[{"@type":"CommentAction","name":"Comment","target":["https:\/\/www.jazzzeitung.de\/cms\/2023\/04\/poetische-jazzsongs-mit-humor-und-tiefe\/#respond"]}]},{"@type":"WebPage","@id":"https:\/\/www.jazzzeitung.de\/cms\/2023\/04\/poetische-jazzsongs-mit-humor-und-tiefe\/","url":"https:\/\/www.jazzzeitung.de\/cms\/2023\/04\/poetische-jazzsongs-mit-humor-und-tiefe\/","name":"Poetische Jazzsongs mit Humor und Tiefe - JazzZeitung","isPartOf":{"@id":"https:\/\/www.jazzzeitung.de\/cms\/#website"},"primaryImageOfPage":{"@id":"https:\/\/www.jazzzeitung.de\/cms\/2023\/04\/poetische-jazzsongs-mit-humor-und-tiefe\/#primaryimage"},"image":{"@id":"https:\/\/www.jazzzeitung.de\/cms\/2023\/04\/poetische-jazzsongs-mit-humor-und-tiefe\/#primaryimage"},"thumbnailUrl":"https:\/\/i0.wp.com\/www.jazzzeitung.de\/cms\/wp-content\/uploads\/2023\/04\/alony-band_12.jpg?fit=2457%2C1574&ssl=1","datePublished":"2023-04-25T09:26:30+00:00","breadcrumb":{"@id":"https:\/\/www.jazzzeitung.de\/cms\/2023\/04\/poetische-jazzsongs-mit-humor-und-tiefe\/#breadcrumb"},"inLanguage":"de","potentialAction":[{"@type":"ReadAction","target":["https:\/\/www.jazzzeitung.de\/cms\/2023\/04\/poetische-jazzsongs-mit-humor-und-tiefe\/"]}]},{"@type":"ImageObject","inLanguage":"de","@id":"https:\/\/www.jazzzeitung.de\/cms\/2023\/04\/poetische-jazzsongs-mit-humor-und-tiefe\/#primaryimage","url":"https:\/\/i0.wp.com\/www.jazzzeitung.de\/cms\/wp-content\/uploads\/2023\/04\/alony-band_12.jpg?fit=2457%2C1574&ssl=1","contentUrl":"https:\/\/i0.wp.com\/www.jazzzeitung.de\/cms\/wp-content\/uploads\/2023\/04\/alony-band_12.jpg?fit=2457%2C1574&ssl=1","width":2457,"height":1574},{"@type":"BreadcrumbList","@id":"https:\/\/www.jazzzeitung.de\/cms\/2023\/04\/poetische-jazzsongs-mit-humor-und-tiefe\/#breadcrumb","itemListElement":[{"@type":"ListItem","position":1,"name":"Startseite","item":"https:\/\/www.jazzzeitung.de\/cms\/"},{"@type":"ListItem","position":2,"name":"Poetische Jazzsongs mit Humor und Tiefe"}]},{"@type":"WebSite","@id":"https:\/\/www.jazzzeitung.de\/cms\/#website","url":"https:\/\/www.jazzzeitung.de\/cms\/","name":"JazzZeitung","description":"Jazz-News und Jazz-Kontroverses","publisher":{"@id":"https:\/\/www.jazzzeitung.de\/cms\/#organization"},"potentialAction":[{"@type":"SearchAction","target":{"@type":"EntryPoint","urlTemplate":"https:\/\/www.jazzzeitung.de\/cms\/?s={search_term_string}"},"query-input":{"@type":"PropertyValueSpecification","valueRequired":true,"valueName":"search_term_string"}}],"inLanguage":"de"},{"@type":"Organization","@id":"https:\/\/www.jazzzeitung.de\/cms\/#organization","name":"JazzZeitung online","url":"https:\/\/www.jazzzeitung.de\/cms\/","logo":{"@type":"ImageObject","inLanguage":"de","@id":"https:\/\/www.jazzzeitung.de\/cms\/#\/schema\/logo\/image\/","url":"https:\/\/i0.wp.com\/www.jazzzeitung.de\/cms\/wp-content\/uploads\/2015\/08\/JAZZZEITUNGDE_Logo_Neu.png?fit=499%2C200&ssl=1","contentUrl":"https:\/\/i0.wp.com\/www.jazzzeitung.de\/cms\/wp-content\/uploads\/2015\/08\/JAZZZEITUNGDE_Logo_Neu.png?fit=499%2C200&ssl=1","width":499,"height":200,"caption":"JazzZeitung online"},"image":{"@id":"https:\/\/www.jazzzeitung.de\/cms\/#\/schema\/logo\/image\/"},"sameAs":["https:\/\/www.facebook.com\/JazzZeitung\/"]},{"@type":"Person","@id":"https:\/\/www.jazzzeitung.de\/cms\/#\/schema\/person\/a0bebd4d1728041629a3cbd7790f87fb","name":"Michael Scheiner","image":{"@type":"ImageObject","inLanguage":"de","@id":"https:\/\/secure.gravatar.com\/avatar\/c2d6ac12f682c419867cf3f803880bb41d5b23007d3670820aa9a6e7b5f6ec8d?s=96&d=wp_user_avatar&r=gdabb1b10453880983dfc53da7552ec76","url":"https:\/\/secure.gravatar.com\/avatar\/c2d6ac12f682c419867cf3f803880bb41d5b23007d3670820aa9a6e7b5f6ec8d?s=96&d=wp_user_avatar&r=g","contentUrl":"https:\/\/secure.gravatar.com\/avatar\/c2d6ac12f682c419867cf3f803880bb41d5b23007d3670820aa9a6e7b5f6ec8d?s=96&d=wp_user_avatar&r=g","caption":"Michael Scheiner"},"sameAs":["http:\/\/www.michaelscheiner.de"],"url":"https:\/\/www.jazzzeitung.de\/cms\/author\/mscheiner\/"}]}},"wp-worthy-pixel":{"ignored":false,"public":null,"server":null,"url":null},"wp-worthy-type":"normal","jetpack_publicize_connections":[],"cc_featured_image_caption":{"caption_text":"","source_text":"","source_url":""},"jetpack_featured_media_url":"https:\/\/i0.wp.com\/www.jazzzeitung.de\/cms\/wp-content\/uploads\/2023\/04\/alony-band_12.jpg?fit=2457%2C1574&ssl=1","jetpack_shortlink":"https:\/\/wp.me\/p3KEcT-7DE","jetpack-related-posts":[{"id":29211,"url":"https:\/\/www.jazzzeitung.de\/cms\/2023\/03\/news-regensburg-huerth-ljjo-baden-wuerttemberg\/","url_meta":{"origin":29366,"position":0},"title":"News: +++ Regensburg +++ H\u00fcrth +++ LJJO Baden-W\u00fcrttemberg +++","author":"Redaktion JazzZeitung","date":"14. M\u00e4rz 2023","format":false,"excerpt":"+++ Highlight-April im Regensburger Jazzclub +++ Neben dem allmonatlichen Jazz-Brunch im Degginger (diesen Monat Yankee Meier Organ Trio, Sonntag 23. April 2023) und der Session im Leeren Beutel (Sessionleiter: Danube in Blue, 3. April 2023), veranstaltet der Regensburger Jazzclub wiederholt hochkar\u00e4tige Konzerte im Leeren Beutel und im Caf\u00e9 Degginger. Das\u2026","rel":"","context":"In &quot;News&quot;","block_context":{"text":"News","link":"https:\/\/www.jazzzeitung.de\/cms\/thema\/nachrichten\/"},"img":{"alt_text":"","src":"https:\/\/i0.wp.com\/www.jazzzeitung.de\/cms\/wp-content\/uploads\/2023\/03\/jc-20230404-Tobias-Meinhart-The-Painter%C2%A9-Mariana-Meraz_Jazzclub-Regensburg.jpg?fit=1200%2C801&ssl=1&resize=350%2C200","width":350,"height":200,"srcset":"https:\/\/i0.wp.com\/www.jazzzeitung.de\/cms\/wp-content\/uploads\/2023\/03\/jc-20230404-Tobias-Meinhart-The-Painter%C2%A9-Mariana-Meraz_Jazzclub-Regensburg.jpg?fit=1200%2C801&ssl=1&resize=350%2C200 1x, https:\/\/i0.wp.com\/www.jazzzeitung.de\/cms\/wp-content\/uploads\/2023\/03\/jc-20230404-Tobias-Meinhart-The-Painter%C2%A9-Mariana-Meraz_Jazzclub-Regensburg.jpg?fit=1200%2C801&ssl=1&resize=525%2C300 1.5x, https:\/\/i0.wp.com\/www.jazzzeitung.de\/cms\/wp-content\/uploads\/2023\/03\/jc-20230404-Tobias-Meinhart-The-Painter%C2%A9-Mariana-Meraz_Jazzclub-Regensburg.jpg?fit=1200%2C801&ssl=1&resize=700%2C400 2x, https:\/\/i0.wp.com\/www.jazzzeitung.de\/cms\/wp-content\/uploads\/2023\/03\/jc-20230404-Tobias-Meinhart-The-Painter%C2%A9-Mariana-Meraz_Jazzclub-Regensburg.jpg?fit=1200%2C801&ssl=1&resize=1050%2C600 3x"},"classes":[]},{"id":13670,"url":"https:\/\/www.jazzzeitung.de\/cms\/2017\/10\/save-the-date-der-jazzclub-regensburg-wird-30\/","url_meta":{"origin":29366,"position":1},"title":"Save the date: der Jazzclub Regensburg wird 30","author":"Redaktion JazzZeitung","date":"5. Oktober 2017","format":false,"excerpt":"Seit 30 Jahren steht der Jazzclub Regensburg f\u00fcr ein genauso hochkar\u00e4tiges, wie abwechslungsreiches Live-Programm. In diesem Herbst wird die bayerische Musikinstitution 30 Jahre alt \u2013 gefeiert wird im November. Seit 1987 hat der Jazz in Regensburg ein Zuhause \u2013im Jazzclub Regensburg, angesiedelt im historischen Gem\u00e4uer des Kulturzentrums \u201eLeerer Beutel\u201c (Bertoldstra\u00dfe\u2026","rel":"","context":"In &quot;News&quot;","block_context":{"text":"News","link":"https:\/\/www.jazzzeitung.de\/cms\/thema\/nachrichten\/"},"img":{"alt_text":"","src":"https:\/\/i0.wp.com\/www.jazzzeitung.de\/cms\/wp-content\/uploads\/2017\/10\/Pablo-Held-Trio-Wald-73423.jpg?fit=1200%2C800&ssl=1&resize=350%2C200","width":350,"height":200,"srcset":"https:\/\/i0.wp.com\/www.jazzzeitung.de\/cms\/wp-content\/uploads\/2017\/10\/Pablo-Held-Trio-Wald-73423.jpg?fit=1200%2C800&ssl=1&resize=350%2C200 1x, https:\/\/i0.wp.com\/www.jazzzeitung.de\/cms\/wp-content\/uploads\/2017\/10\/Pablo-Held-Trio-Wald-73423.jpg?fit=1200%2C800&ssl=1&resize=525%2C300 1.5x, https:\/\/i0.wp.com\/www.jazzzeitung.de\/cms\/wp-content\/uploads\/2017\/10\/Pablo-Held-Trio-Wald-73423.jpg?fit=1200%2C800&ssl=1&resize=700%2C400 2x, https:\/\/i0.wp.com\/www.jazzzeitung.de\/cms\/wp-content\/uploads\/2017\/10\/Pablo-Held-Trio-Wald-73423.jpg?fit=1200%2C800&ssl=1&resize=1050%2C600 3x"},"classes":[]},{"id":28719,"url":"https:\/\/www.jazzzeitung.de\/cms\/2022\/11\/wuchtige-grooves-stille-momente-kultband-om-im-jazzclub-leerer-beutel\/","url_meta":{"origin":29366,"position":2},"title":"Wuchtige Grooves, stille Momente: Kultband OM im Jazzclub Leerer Beutel","author":"Michael Scheiner","date":"30. November 2022","format":false,"excerpt":"P-M-F\/B, der Titel ist so r\u00e4tselhaft, wie vieldeutig. Mit diesem m\u00e4chtig groovenden St\u00fcck aus ihrem neuen Album \u201eOM 50\u201c fallen die vier Musiker der schweizerischen Kultband beim Jazzclub in Regensburg mit der T\u00fcr ins Haus. Unnachgiebig jagt Bobby Burri mit dem Plektron \u00fcber die Saiten des Kontrabasses, nicht weniger straff\u2026","rel":"","context":"In &quot;Rezension&quot;","block_context":{"text":"Rezension","link":"https:\/\/www.jazzzeitung.de\/cms\/thema\/rezension\/"},"img":{"alt_text":"","src":"https:\/\/i0.wp.com\/www.jazzzeitung.de\/cms\/wp-content\/uploads\/2022\/11\/om-studer_97.jpg?fit=1200%2C769&ssl=1&resize=350%2C200","width":350,"height":200,"srcset":"https:\/\/i0.wp.com\/www.jazzzeitung.de\/cms\/wp-content\/uploads\/2022\/11\/om-studer_97.jpg?fit=1200%2C769&ssl=1&resize=350%2C200 1x, https:\/\/i0.wp.com\/www.jazzzeitung.de\/cms\/wp-content\/uploads\/2022\/11\/om-studer_97.jpg?fit=1200%2C769&ssl=1&resize=525%2C300 1.5x, https:\/\/i0.wp.com\/www.jazzzeitung.de\/cms\/wp-content\/uploads\/2022\/11\/om-studer_97.jpg?fit=1200%2C769&ssl=1&resize=700%2C400 2x, https:\/\/i0.wp.com\/www.jazzzeitung.de\/cms\/wp-content\/uploads\/2022\/11\/om-studer_97.jpg?fit=1200%2C769&ssl=1&resize=1050%2C600 3x"},"classes":[]},{"id":28546,"url":"https:\/\/www.jazzzeitung.de\/cms\/2022\/10\/iiro-rantalas-flock-gestern-in-der-muenchener-unterfahrt-heute-im-jazzclub-leerer-beutel-in-regensburg\/","url_meta":{"origin":29366,"position":3},"title":"Iiro Rantala\u2019s FLOCK &#8211; gestern in der M\u00fcnchener Unterfahrt, heute im Jazzclub Leerer Beutel in Regensburg","author":"Redaktion JazzZeitung","date":"27. Oktober 2022","format":false,"excerpt":"Veranstalten wird immer mehr zum Abenteuer. Der Vorverkauf zum Beispiel erweist sich inzwischen als Auslaufmodell. Zuschauer:innen entschlie\u00dfen sich immer kurzfristiger zum Kulturgenuss, mal abgesehen vom Partysegment. Die Kalkulierbarkeit von Tourneen nimmt ab, der Geldwert auch, es hagelt bereits Absagen zugunsten der Streaming-Couch. Reisen wird schwieriger, von Flugscham bis zur Versp\u00e4tungslotterie\u2026","rel":"","context":"In &quot;Bericht&quot;","block_context":{"text":"Bericht","link":"https:\/\/www.jazzzeitung.de\/cms\/thema\/bericht\/"},"img":{"alt_text":"","src":"https:\/\/i0.wp.com\/www.jazzzeitung.de\/cms\/wp-content\/uploads\/2022\/10\/DSC00944.jpg?fit=1200%2C800&ssl=1&resize=350%2C200","width":350,"height":200,"srcset":"https:\/\/i0.wp.com\/www.jazzzeitung.de\/cms\/wp-content\/uploads\/2022\/10\/DSC00944.jpg?fit=1200%2C800&ssl=1&resize=350%2C200 1x, https:\/\/i0.wp.com\/www.jazzzeitung.de\/cms\/wp-content\/uploads\/2022\/10\/DSC00944.jpg?fit=1200%2C800&ssl=1&resize=525%2C300 1.5x, https:\/\/i0.wp.com\/www.jazzzeitung.de\/cms\/wp-content\/uploads\/2022\/10\/DSC00944.jpg?fit=1200%2C800&ssl=1&resize=700%2C400 2x, https:\/\/i0.wp.com\/www.jazzzeitung.de\/cms\/wp-content\/uploads\/2022\/10\/DSC00944.jpg?fit=1200%2C800&ssl=1&resize=1050%2C600 3x"},"classes":[]},{"id":14054,"url":"https:\/\/www.jazzzeitung.de\/cms\/2017\/11\/lyambiko-im-jazzclub-regensburg-relaxte-swingsongs-ueber-die-liebe\/","url_meta":{"origin":29366,"position":4},"title":"Lyambiko im Jazzclub Regensburg: Relaxte Swingsongs \u00fcber die Liebe","author":"Michael Scheiner","date":"2. November 2017","format":false,"excerpt":"An den Fl\u00fcgel gelehnt, sang sie als Zugabe \u201eM\u00fctterlein\u201c. Ohne Mikro, nur mit der Kraft ihrer wandlungsf\u00e4higen Stimme. Freilich nicht in der deutschen Originalversion von Fred Rauch und Gerhard Winkler, sondern in der englischen Interpretation \u201eAnswer Me (My Love)\u201c von Carl Sigman. Damit landete der gro\u00dfe Nat King Cole 1954\u2026","rel":"","context":"In &quot;Bericht&quot;","block_context":{"text":"Bericht","link":"https:\/\/www.jazzzeitung.de\/cms\/thema\/bericht\/"},"img":{"alt_text":"Lyambiko mit Band im Jazzclub Leerer beutel. Foto: Michael Scheiner","src":"https:\/\/i0.wp.com\/www.jazzzeitung.de\/cms\/wp-content\/uploads\/2017\/11\/Lyambiko-Band_86.jpg?fit=1200%2C795&ssl=1&resize=350%2C200","width":350,"height":200,"srcset":"https:\/\/i0.wp.com\/www.jazzzeitung.de\/cms\/wp-content\/uploads\/2017\/11\/Lyambiko-Band_86.jpg?fit=1200%2C795&ssl=1&resize=350%2C200 1x, https:\/\/i0.wp.com\/www.jazzzeitung.de\/cms\/wp-content\/uploads\/2017\/11\/Lyambiko-Band_86.jpg?fit=1200%2C795&ssl=1&resize=525%2C300 1.5x, https:\/\/i0.wp.com\/www.jazzzeitung.de\/cms\/wp-content\/uploads\/2017\/11\/Lyambiko-Band_86.jpg?fit=1200%2C795&ssl=1&resize=700%2C400 2x, https:\/\/i0.wp.com\/www.jazzzeitung.de\/cms\/wp-content\/uploads\/2017\/11\/Lyambiko-Band_86.jpg?fit=1200%2C795&ssl=1&resize=1050%2C600 3x"},"classes":[]},{"id":18234,"url":"https:\/\/www.jazzzeitung.de\/cms\/2019\/01\/news-vokalensemble-iki-im-bix-jazzclub-lounge-in-stuttgart-p-jam-im-jazzclub-im-leeren-beutel-in-regensburg\/","url_meta":{"origin":29366,"position":5},"title":"+++ News: +++ Vokalensemble IKI im BIX Jazzclub &#038; Lounge in Stuttgart+++ P-JAM im Jazzclub im \u201eLeeren Beutel\u201c in Regensburg +++","author":"Redaktion JazzZeitung","date":"10. Januar 2019","format":false,"excerpt":"F\u00fcnf Nordlichter mit Souvenir\u00a0 im Gep\u00e4ck Skandinavischer Besuch im deutschen S\u00fcden: Das improvisierende Vokalensemble IKI setzt sich aus f\u00fcnf S\u00e4ngerinnen aus D\u00e4nemark, Norwegen und Finnland zusammen. Von Pop und Klassik \u00fcber Jazz bis hin zur Avantgarde steht ihr kontrastreiches Programm stets unter dem musikalischen Aspekt des Nordens. Auf ihrem aktuellen\u2026","rel":"","context":"In &quot;News&quot;","block_context":{"text":"News","link":"https:\/\/www.jazzzeitung.de\/cms\/thema\/nachrichten\/"},"img":{"alt_text":"","src":"https:\/\/i0.wp.com\/www.jazzzeitung.de\/cms\/wp-content\/uploads\/2019\/01\/2019_01_17-IKI-Oracle-IV.jpg?fit=1200%2C800&ssl=1&resize=350%2C200","width":350,"height":200,"srcset":"https:\/\/i0.wp.com\/www.jazzzeitung.de\/cms\/wp-content\/uploads\/2019\/01\/2019_01_17-IKI-Oracle-IV.jpg?fit=1200%2C800&ssl=1&resize=350%2C200 1x, https:\/\/i0.wp.com\/www.jazzzeitung.de\/cms\/wp-content\/uploads\/2019\/01\/2019_01_17-IKI-Oracle-IV.jpg?fit=1200%2C800&ssl=1&resize=525%2C300 1.5x, https:\/\/i0.wp.com\/www.jazzzeitung.de\/cms\/wp-content\/uploads\/2019\/01\/2019_01_17-IKI-Oracle-IV.jpg?fit=1200%2C800&ssl=1&resize=700%2C400 2x, https:\/\/i0.wp.com\/www.jazzzeitung.de\/cms\/wp-content\/uploads\/2019\/01\/2019_01_17-IKI-Oracle-IV.jpg?fit=1200%2C800&ssl=1&resize=1050%2C600 3x"},"classes":[]}],"jetpack_sharing_enabled":true,"_links":{"self":[{"href":"https:\/\/www.jazzzeitung.de\/cms\/wp-json\/wp\/v2\/posts\/29366","targetHints":{"allow":["GET"]}}],"collection":[{"href":"https:\/\/www.jazzzeitung.de\/cms\/wp-json\/wp\/v2\/posts"}],"about":[{"href":"https:\/\/www.jazzzeitung.de\/cms\/wp-json\/wp\/v2\/types\/post"}],"author":[{"embeddable":true,"href":"https:\/\/www.jazzzeitung.de\/cms\/wp-json\/wp\/v2\/users\/37"}],"replies":[{"embeddable":true,"href":"https:\/\/www.jazzzeitung.de\/cms\/wp-json\/wp\/v2\/comments?post=29366"}],"version-history":[{"count":4,"href":"https:\/\/www.jazzzeitung.de\/cms\/wp-json\/wp\/v2\/posts\/29366\/revisions"}],"predecessor-version":[{"id":29369,"href":"https:\/\/www.jazzzeitung.de\/cms\/wp-json\/wp\/v2\/posts\/29366\/revisions\/29369"}],"wp:featuredmedia":[{"embeddable":true,"href":"https:\/\/www.jazzzeitung.de\/cms\/wp-json\/wp\/v2\/media\/29370"}],"wp:attachment":[{"href":"https:\/\/www.jazzzeitung.de\/cms\/wp-json\/wp\/v2\/media?parent=29366"}],"wp:term":[{"taxonomy":"category","embeddable":true,"href":"https:\/\/www.jazzzeitung.de\/cms\/wp-json\/wp\/v2\/categories?post=29366"},{"taxonomy":"post_tag","embeddable":true,"href":"https:\/\/www.jazzzeitung.de\/cms\/wp-json\/wp\/v2\/tags?post=29366"},{"taxonomy":"author","embeddable":true,"href":"https:\/\/www.jazzzeitung.de\/cms\/wp-json\/wp\/v2\/coauthors?post=29366"}],"curies":[{"name":"wp","href":"https:\/\/api.w.org\/{rel}","templated":true}]}}