{"id":29333,"date":"2023-04-06T12:20:06","date_gmt":"2023-04-06T10:20:06","guid":{"rendered":"https:\/\/www.jazzzeitung.de\/cms\/?p=29333"},"modified":"2023-04-06T12:11:20","modified_gmt":"2023-04-06T10:11:20","slug":"goetz-buehler-der-neue-kuenstlerische-leiter-der-jazzahead-im-gespraech","status":"publish","type":"post","link":"https:\/\/www.jazzzeitung.de\/cms\/2023\/04\/goetz-buehler-der-neue-kuenstlerische-leiter-der-jazzahead-im-gespraech\/","title":{"rendered":"G\u00f6tz B\u00fchler, der neue k\u00fcnstlerische Leiter der jazzahead! im Gespr\u00e4ch"},"content":{"rendered":"<p><strong>Nach 17 Jahren als k\u00fcnstlerische Leitung der jazzahead! \u00fcbergeben Uli Beckerhoff und Peter Schulze an den 21 Jahre j\u00fcngeren G\u00f6tz B\u00fchler. Der festivalerfahrene Hamburger Journalist und Labelmanager hat 2021 die digitale Ausgabe der Bremer Fachmesse des Jazz und 2022 die dort angesiedelte Verleihung des Deutschen Jazzpreises moderiert. Als bestens vernetzter Multitasker war er der klare Wunschkandidat des Leitungsteams, zu dem von Seiten der Messe Bremen weiterhin Sybille Kornitschky geh\u00f6ren wird. Klaus von Seckendorff sprach f\u00fcr die JazzZeitung mit dem neuen k\u00fcnstlerischen Leiter.<em><br \/>\n<\/em><\/strong><\/p>\n<p><strong>Klaus von Seckendorff: Zwei k\u00fcnstlerische Leiter gehen, einer kommt. L\u00e4sst sich diese Aufgabe \u00fcberhaupt bew\u00e4ltigen?<\/strong><\/p>\n<p>G\u00f6tz B\u00fchler: Auch wenn der Begriff \u201ek\u00fcnstlerische Leitung\u201c das suggeriert: Es geht in Bremen ja nicht darum, wie bei einem normalen Jazzfestival ein komplettes Konzertprogramm zu kuratieren. Das wird auch nach so vielen Jahren jazzahead! noch h\u00e4ufig missverstanden, zum Beispiel von Musikern, die CDs an die \u201ek\u00fcnstlerische Leitung\u201c schicken in der Hoffnung, dass sie gebucht werden. Ganz am Anfang gab es wohl noch Abendkonzerte im Kongresszentrum, f\u00fcr die Uli Beckerhoff und Peter Schulze selbst Musiker ausgew\u00e4hlt haben. Das hat sich ge\u00e4ndert, als die jazzahead! zu einem Showcase-Festival geworden ist.<\/p>\n<figure id=\"attachment_29337\" aria-describedby=\"caption-attachment-29337\" style=\"width: 472px\" class=\"wp-caption alignleft\"><img data-recalc-dims=\"1\" loading=\"lazy\" decoding=\"async\" data-attachment-id=\"29337\" data-permalink=\"https:\/\/www.jazzzeitung.de\/cms\/2023\/04\/goetz-buehler-der-neue-kuenstlerische-leiter-der-jazzahead-im-gespraech\/huf-cmyk-np-04-23jazz-goetz-buehler-scaled\/\" data-orig-file=\"https:\/\/i0.wp.com\/www.jazzzeitung.de\/cms\/wp-content\/uploads\/2023\/04\/huf-cmyk-np-04-23jazz-Goetz-Buehler-scaled-1.jpg?fit=626%2C835&amp;ssl=1\" data-orig-size=\"626,835\" data-comments-opened=\"1\" data-image-meta=\"{&quot;aperture&quot;:&quot;0&quot;,&quot;credit&quot;:&quot;&quot;,&quot;camera&quot;:&quot;&quot;,&quot;caption&quot;:&quot;&quot;,&quot;created_timestamp&quot;:&quot;0&quot;,&quot;copyright&quot;:&quot;&quot;,&quot;focal_length&quot;:&quot;0&quot;,&quot;iso&quot;:&quot;0&quot;,&quot;shutter_speed&quot;:&quot;0&quot;,&quot;title&quot;:&quot;&quot;,&quot;orientation&quot;:&quot;1&quot;}\" data-image-title=\"huf-cmyk-np-04-23jazz-Goetz-Buehler-scaled\" data-image-description=\"\" data-image-caption=\"\" data-large-file=\"https:\/\/i0.wp.com\/www.jazzzeitung.de\/cms\/wp-content\/uploads\/2023\/04\/huf-cmyk-np-04-23jazz-Goetz-Buehler-scaled-1.jpg?fit=450%2C600&amp;ssl=1\" class=\"wp-image-29337\" src=\"https:\/\/i0.wp.com\/www.jazzzeitung.de\/cms\/wp-content\/uploads\/2023\/04\/huf-cmyk-np-04-23jazz-Goetz-Buehler-scaled-1.jpg?resize=472%2C630&#038;ssl=1\" alt=\"\" width=\"472\" height=\"630\" srcset=\"https:\/\/i0.wp.com\/www.jazzzeitung.de\/cms\/wp-content\/uploads\/2023\/04\/huf-cmyk-np-04-23jazz-Goetz-Buehler-scaled-1.jpg?w=626&amp;ssl=1 626w, https:\/\/i0.wp.com\/www.jazzzeitung.de\/cms\/wp-content\/uploads\/2023\/04\/huf-cmyk-np-04-23jazz-Goetz-Buehler-scaled-1.jpg?resize=225%2C300&amp;ssl=1 225w, https:\/\/i0.wp.com\/www.jazzzeitung.de\/cms\/wp-content\/uploads\/2023\/04\/huf-cmyk-np-04-23jazz-Goetz-Buehler-scaled-1.jpg?resize=450%2C600&amp;ssl=1 450w\" sizes=\"auto, (max-width: 472px) 100vw, 472px\" \/><figcaption id=\"caption-attachment-29337\" class=\"wp-caption-text\">Neu bei der jazzahead!: G\u00f6tz B\u00fchler. Foto: <span id=\"page36R_mcid18\" class=\"markedContent\"><span dir=\"ltr\" role=\"presentation\">M3B GmbH\/G\u00f6tz B\u00fchler<br \/><\/span><\/span><\/figcaption><\/figure>\n<p><strong>von Seckendorff: Wer entscheidet seitdem?<\/strong><\/p>\n<p>B\u00fchler: Man bewirbt sich, und die Auswahl treffen vier international besetzte Jurys, deren Zusammensetzung die k\u00fcnstlerische Leitung jedes Jahr neu bestimmt. Uli und Peter haben dann jeweils in zwei dieser Jurys gesessen \u2013 als eine von sieben Stimmen.<\/p>\n<p><strong>von Seckendorff: Wie setzen sich die Jurys zusammen?<\/strong><\/p>\n<p>B\u00fchler: Die Auswahl der Juroren ist f\u00fcr die k\u00fcnstlerische Leitung eine der wichtigsten Aufgaben, mit der viel Konzeptionelles verbunden ist. Hier kann man ganz bewusst gestalten, zum Beispiel den Anteil an Frauen oder die praktische Relevanz. Grundbedingung ist, dass die Jurymitglieder selber f\u00fcr Clubs oder Festivals buchen, deren Programme wir uns genau anschauen. Wir suchen nicht nach Musikjournalisten, die oft ganz andere Kriterien f\u00fcr ihre Entscheidungen haben.<\/p>\n<p><strong>von Seckendorff: Bei Deiner Aufgabe geht es um viele strategische Fragen, mit denen Kuratoren in der Regel nichts zu tun haben wollen.<\/strong><\/p>\n<p>B\u00fchler: Es ist eine Arbeit, bei der man viel erreichen kann. Ich glaube, ich bin bei dieser Aufgabe gelandet, weil ich viele Aspekte der Jazzwelt kennengelernt habe und entsprechende Perspektiven mitbringe aus sowohl der journalistischen Arbeit als auch der bei Festivals von Elbjazz bis zu Jazz &amp; The City oder in Vertrieben. F\u00fcr mich wirkt das wie eine ganz nat\u00fcrliche Fortf\u00fchrung dessen, was ich eigentlich immer schon gemacht habe: meine Begeisterung f\u00fcr diese Musik in die Welt tragen, um andere damit anzustecken.<\/p>\n<p><strong>von Seckendorff: Wer ist denn die wichtigste Zielgruppe der jazzahead! ?<\/strong><\/p>\n<p>B\u00fchler: Das sind eindeutig die Musiker selber. Um ihre Interessen geht es. Schon deshalb werden wir uns mit den Verfahren f\u00fcr Bewerbung und Auswahl intensiv befassen m\u00fcssen. Dass es jedes Jahr mehr Anfragen gibt, ist offen gesagt nicht erfreulich, denn es bedeutet, dass man bei insgesamt 40 Showcase-Konzerten mehr und mehr auch wirklich gute Leute mit einer Absage frustrieren muss. Mal ganz abgesehen davon, dass es immer schwerer wird, Juroren zu finden f\u00fcr diese Mammutaufgabe.<\/p>\n<p><strong>von Seckendorff: Muss sich denn jeder alle Bewerber anh\u00f6ren?<\/strong><\/p>\n<p>B\u00fchler: Nat\u00fcrlich nicht alle 800. Aber alle f\u00fcr den ihm zugeordneten Pool. Wir haben insgesamt vier international besetzte Jurys f\u00fcr die German Expo, \u00dcbersee und Europa. Hier musste man auf zwei Jurys aufteilen, weil es um knapp 500 Bewerbungen geht.<\/p>\n<p><strong>von Seckendorff: Wie l\u00e4uft das Auswahlverfahren ab?<\/strong><\/p>\n<p>B\u00fchler: Online in drei Abschnitten. Zun\u00e4chst h\u00f6ren sich die Juroren und Jurorinnen alle Bewertungen f\u00fcr ihren Bereich an. Dann bewerten sie mit Ja oder Nein, jeder f\u00fcr sich, ohne zu wissen, wie sich die anderen entscheiden. Daraus ergibt sich schlie\u00dflich ein Ranking, aus dem eine Shortlist erarbeitet wird. Schlie\u00dflich gibt es eine virtuelle Konferenz, bei der auch \u00fcber Aspekte diskutiert wird wie Gender, Herkunftsland oder Instrumentierung. Es macht ja keinen Sinn, dass lauter Klaviertrios zum Zug kommen oder vier von acht europ\u00e4ischen Acts aus Frankreich stammen.<\/p>\n<p><strong>von Seckendorff: Wo l\u00e4sst sich Deiner Ansicht nach Wesentliches am Procedere verbessern?<\/strong><\/p>\n<p>B\u00fchler: Wir wollen ja m\u00f6glichst fl\u00e4chendeckend die besten europ\u00e4ischen Bewerber herausfinden. Es gibt aber schon bei den Nationen ein Ungleichgewicht. Da sind L\u00e4nder wie Frankreich oder die Niederlande, aus denen ganz viele Bewerbungen kommen. Andere L\u00e4nder sind unterrepr\u00e4sentiert, zum Beispiel, weil die Informationen zu wenig Leute erreichen oder die Bands dort zu wenig Support bekommen. Da m\u00fcssen wir versuchen, ein besseres System zu finden.<\/p>\n<p><strong>von Seckendorff: Die Musiker bekommen statt einer Gage \u201enur\u201c ein hochprofessionelles Video, das \u00fcber die Website viel Beachtung findet.<\/strong><\/p>\n<p>B\u00fchler: Die jazzahead! wird leider auch in Zukunft sicher keinen Topf auftun, aus dem Gagen bezahlt werden k\u00f6nnen. Sogar f\u00fcr die Kosten f\u00fcr Anreise und \u00dcbernachtung m\u00fcssen die Musiker sich im Herkunftsland Unterst\u00fctzung suchen. Es kommt nat\u00fcrlich vor, dass dies nicht gelingt. Auch hier werden wir uns Gedanken \u00fcber faire Chancen machen m\u00fcssen.<\/p>\n<p><strong>von Seckendorff: Wenn manche Bands notfalls auf eigene Kosten anreisen, dann doch vor allem in der Hoffnung, dass sie als Folge ihres Showcase-Auftritts gebucht werden?<\/strong><\/p>\n<p>B\u00fchler: Vor allem darum geht es ihnen. Und das passiert auch, manchmal sogar vom Fleck weg. Au\u00dferdem haben sie w\u00e4hrend, aber auch nach der jazzahead! bessere Chancen, sich bei Veranstaltern und Pressevertretern ins Gespr\u00e4ch zu bringen. Es gibt auch Bands, die sind auf der Suche nach einem Label oder einer Agentur, einem Booker, der f\u00fcr sie Auftritte besorgt. Mir haben Musiker immer wieder erz\u00e4hlt, wie wichtig f\u00fcr sie das Gemeinschaftsgef\u00fchl war und ist. Man kommt unter sehr viele Leute, die \u00e4hnlich ticken wie man selbst. Das kann nat\u00fcrlich auch dazu f\u00fchren, dass man sich eventuell sagt: Ich bin noch nicht so weit. Was sollte passieren, damit man sich hier f\u00fcr mich interessiert?<\/p>\n<p><strong>von Seckendorff: Aber man muss nicht schon einen Vertrag bei ACT oder ECM in der Tasche haben, um sich integriert zu f\u00fchlen?<\/strong><\/p>\n<p>B\u00fchler: H\u00e4ufig geraten in Bremen Leute in Gespr\u00e4che und merken \u00fcberhaupt erst nach einer halben Stunde, mit wem sie es zu tun haben. Die jazzahead! lebt wesentlich davon, dass hier so viele kleine Labels, Veranstalter usw. unterwegs sind. Wir werden weiterhin sehr darauf achten, dass sie nahe bei den Wurzeln bleibt und nicht vom Geld der Gro\u00dfen im Business bestimmt wird.<\/p>\n<p>&nbsp;<\/p>\n<p>Beitragsbild: Der Pianist Kamil Piotrowicz auf der jazzahead! 2018. Foto: Susanne van Loon<\/p>\n","protected":false},"excerpt":{"rendered":"<p>Nach 17 Jahren als k\u00fcnstlerische Leitung der jazzahead! \u00fcbergeben Uli Beckerhoff und Peter Schulze an den 21 Jahre j\u00fcngeren G\u00f6tz B\u00fchler. Der festivalerfahrene Hamburger Journalist und Labelmanager hat 2021 die digitale Ausgabe der Bremer Fachmesse des Jazz und 2022 die dort angesiedelte Verleihung des Deutschen Jazzpreises moderiert. Als bestens vernetzter Multitasker war er der klare Wunschkandidat des Leitungsteams, zu dem von Seiten der Messe Bremen weiterhin Sybille Kornitschky geh\u00f6ren wird. Klaus von Seckendorff sprach f\u00fcr die JazzZeitung mit dem neuen k\u00fcnstlerischen Leiter. Klaus von Seckendorff: Zwei k\u00fcnstlerische Leiter gehen, einer kommt. L\u00e4sst sich diese Aufgabe \u00fcberhaupt bew\u00e4ltigen? G\u00f6tz B\u00fchler: Auch wenn der Begriff \u201ek\u00fcnstlerische Leitung\u201c das suggeriert: Es geht in Bremen ja nicht darum, wie bei einem normalen Jazzfestival ein komplettes Konzertprogramm zu kuratieren. Das wird auch nach so vielen Jahren jazzahead! noch h\u00e4ufig missverstanden, zum Beispiel von Musikern, die CDs an die \u201ek\u00fcnstlerische Leitung\u201c schicken in der Hoffnung, dass sie gebucht werden. Ganz am Anfang gab es wohl noch Abendkonzerte im Kongresszentrum, f\u00fcr die Uli Beckerhoff und Peter Schulze selbst Musiker ausgew\u00e4hlt haben. Das hat sich ge\u00e4ndert, als die jazzahead! zu einem Showcase-Festival geworden &hellip;<\/p>\n","protected":false},"author":18,"featured_media":29335,"comment_status":"open","ping_status":"closed","sticky":false,"template":"","format":"standard","meta":{"_jetpack_memberships_contains_paid_content":false,"footnotes":"","jetpack_publicize_message":"","jetpack_publicize_feature_enabled":true,"jetpack_social_post_already_shared":false,"jetpack_social_options":{"image_generator_settings":{"template":"highway","default_image_id":0,"font":"","enabled":false},"version":2}},"categories":[633],"tags":[1959,3391,4241,29,2002,4830,95,4827,2935,1192,4666,735,158,2337,4476,3,682,769,1314,4831,4648,245,1876,2060,4829,1226,3822,268,4465,966,918,3446,294,2861,323,1499,339,2307,1505,414,4477,3716,4528,4832,1447,4828,1503,4527,579],"coauthors":[695],"class_list":["post-29333","post","type-post","status-publish","format-standard","has-post-thumbnail","hentry","category-nachrichten","tag-1959","tag-3391","tag-4241","tag-act","tag-bewerbung","tag-booker","tag-bremen","tag-bremer-fachmesse-des-jazz","tag-cds","tag-clubs","tag-deutscher-jazz-preis","tag-deutscher-jazzpreis","tag-ecm","tag-elbjazz","tag-european-showcases","tag-festival","tag-festivals","tag-gage","tag-gender","tag-german-expo","tag-goetz-buehler","tag-interview-2","tag-jazz","tag-jazz-the-city","tag-jazz-and-the-city","tag-jazz-and-the-city-salzburg","tag-jazz-festivals","tag-jazzahead","tag-jazzahead-2023","tag-jazzahead-bremen","tag-jazzfestival","tag-jazzkonzerte","tag-jazzzeitung","tag-jazzzeitung-de","tag-konzerte","tag-kuenstlerische-leitung","tag-label","tag-messe","tag-messe-bremen","tag-neuer-deutscher-jazzpreis","tag-overseas-showcases","tag-peter-schulze","tag-plattenvertrag","tag-showcase-konzerte","tag-showcases","tag-sybille-kornitschky","tag-uli-beckerhoff","tag-vertrag","tag-video"],"yoast_head":"<!-- This site is optimized with the Yoast SEO plugin v27.5 - https:\/\/yoast.com\/product\/yoast-seo-wordpress\/ -->\n<title>G\u00f6tz B\u00fchler, der neue k\u00fcnstlerische Leiter der jazzahead! im Gespr\u00e4ch - JazzZeitung<\/title>\n<meta name=\"robots\" content=\"index, follow, max-snippet:-1, max-image-preview:large, max-video-preview:-1\" \/>\n<link rel=\"canonical\" href=\"https:\/\/www.jazzzeitung.de\/cms\/2023\/04\/goetz-buehler-der-neue-kuenstlerische-leiter-der-jazzahead-im-gespraech\/\" \/>\n<meta property=\"og:locale\" content=\"de_DE\" \/>\n<meta property=\"og:type\" content=\"article\" \/>\n<meta property=\"og:title\" content=\"G\u00f6tz B\u00fchler, der neue k\u00fcnstlerische Leiter der jazzahead! im Gespr\u00e4ch - JazzZeitung\" \/>\n<meta property=\"og:description\" content=\"Nach 17 Jahren als k\u00fcnstlerische Leitung der jazzahead! \u00fcbergeben Uli Beckerhoff und Peter Schulze an den 21 Jahre j\u00fcngeren G\u00f6tz B\u00fchler. Der festivalerfahrene Hamburger Journalist und Labelmanager hat 2021 die digitale Ausgabe der Bremer Fachmesse des Jazz und 2022 die dort angesiedelte Verleihung des Deutschen Jazzpreises moderiert. Als bestens vernetzter Multitasker war er der klare Wunschkandidat des Leitungsteams, zu dem von Seiten der Messe Bremen weiterhin Sybille Kornitschky geh\u00f6ren wird. Klaus von Seckendorff sprach f\u00fcr die JazzZeitung mit dem neuen k\u00fcnstlerischen Leiter. Klaus von Seckendorff: Zwei k\u00fcnstlerische Leiter gehen, einer kommt. L\u00e4sst sich diese Aufgabe \u00fcberhaupt bew\u00e4ltigen? G\u00f6tz B\u00fchler: Auch wenn der Begriff \u201ek\u00fcnstlerische Leitung\u201c das suggeriert: Es geht in Bremen ja nicht darum, wie bei einem normalen Jazzfestival ein komplettes Konzertprogramm zu kuratieren. Das wird auch nach so vielen Jahren jazzahead! noch h\u00e4ufig missverstanden, zum Beispiel von Musikern, die CDs an die \u201ek\u00fcnstlerische Leitung\u201c schicken in der Hoffnung, dass sie gebucht werden. Ganz am Anfang gab es wohl noch Abendkonzerte im Kongresszentrum, f\u00fcr die Uli Beckerhoff und Peter Schulze selbst Musiker ausgew\u00e4hlt haben. Das hat sich ge\u00e4ndert, als die jazzahead! zu einem Showcase-Festival geworden &hellip;\" \/>\n<meta property=\"og:url\" content=\"https:\/\/www.jazzzeitung.de\/cms\/2023\/04\/goetz-buehler-der-neue-kuenstlerische-leiter-der-jazzahead-im-gespraech\/\" \/>\n<meta property=\"og:site_name\" content=\"JazzZeitung\" \/>\n<meta property=\"article:publisher\" content=\"https:\/\/www.facebook.com\/JazzZeitung\/\" \/>\n<meta property=\"article:published_time\" content=\"2023-04-06T10:20:06+00:00\" \/>\n<meta property=\"og:image\" content=\"https:\/\/i0.wp.com\/www.jazzzeitung.de\/cms\/wp-content\/uploads\/2023\/04\/004_Kamil-Piotrowicz-Sextet_Foto-van-Loon.jpg?fit=899%2C600&ssl=1\" \/>\n\t<meta property=\"og:image:width\" content=\"899\" \/>\n\t<meta property=\"og:image:height\" content=\"600\" \/>\n\t<meta property=\"og:image:type\" content=\"image\/jpeg\" \/>\n<meta name=\"author\" content=\"Redaktion JazzZeitung\" \/>\n<script type=\"application\/ld+json\" class=\"yoast-schema-graph\">{\"@context\":\"https:\\\/\\\/schema.org\",\"@graph\":[{\"@type\":\"Article\",\"@id\":\"https:\\\/\\\/www.jazzzeitung.de\\\/cms\\\/2023\\\/04\\\/goetz-buehler-der-neue-kuenstlerische-leiter-der-jazzahead-im-gespraech\\\/#article\",\"isPartOf\":{\"@id\":\"https:\\\/\\\/www.jazzzeitung.de\\\/cms\\\/2023\\\/04\\\/goetz-buehler-der-neue-kuenstlerische-leiter-der-jazzahead-im-gespraech\\\/\"},\"author\":{\"name\":\"Redaktion JazzZeitung\",\"@id\":\"https:\\\/\\\/www.jazzzeitung.de\\\/cms\\\/#\\\/schema\\\/person\\\/2245b36b9cd1d24cea10f01c031fb92b\"},\"headline\":\"G\u00f6tz B\u00fchler, der neue k\u00fcnstlerische Leiter der jazzahead! im Gespr\u00e4ch\",\"datePublished\":\"2023-04-06T10:20:06+00:00\",\"mainEntityOfPage\":{\"@id\":\"https:\\\/\\\/www.jazzzeitung.de\\\/cms\\\/2023\\\/04\\\/goetz-buehler-der-neue-kuenstlerische-leiter-der-jazzahead-im-gespraech\\\/\"},\"wordCount\":1126,\"commentCount\":0,\"publisher\":{\"@id\":\"https:\\\/\\\/www.jazzzeitung.de\\\/cms\\\/#organization\"},\"image\":{\"@id\":\"https:\\\/\\\/www.jazzzeitung.de\\\/cms\\\/2023\\\/04\\\/goetz-buehler-der-neue-kuenstlerische-leiter-der-jazzahead-im-gespraech\\\/#primaryimage\"},\"thumbnailUrl\":\"https:\\\/\\\/i0.wp.com\\\/www.jazzzeitung.de\\\/cms\\\/wp-content\\\/uploads\\\/2023\\\/04\\\/004_Kamil-Piotrowicz-Sextet_Foto-van-Loon.jpg?fit=899%2C600&ssl=1\",\"keywords\":[\"2018\",\"2021\",\"2022\",\"act\",\"Bewerbung\",\"Booker\",\"Bremen\",\"Bremer Fachmesse des Jazz\",\"CDs\",\"Clubs\",\"Deutscher Jazz Preis\",\"Deutscher Jazzpreis\",\"ECM\",\"ELBJAZZ\",\"European Showcases\",\"Festival\",\"Festivals\",\"Gage\",\"Gender\",\"German Expo\",\"G\u00f6tz B\u00fchler\",\"Interview\",\"Jazz\",\"Jazz &amp; The City\",\"Jazz and the City\",\"Jazz and the City Salzburg\",\"Jazz Festivals\",\"Jazzahead\",\"jazzahead! 2023\",\"jazzahead! Bremen\",\"Jazzfestival\",\"Jazzkonzerte\",\"Jazzzeitung\",\"JazzZeitung.de\",\"Konzerte\",\"K\u00fcnstlerische Leitung\",\"Label\",\"Messe\",\"Messe Bremen\",\"Neuer Deutscher Jazzpreis\",\"Overseas Showcases\",\"Peter Schulze\",\"Plattenvertrag\",\"Showcase-Konzerte\",\"Showcases\",\"Sybille Kornitschky\",\"Uli Beckerhoff\",\"Vertrag\",\"Video\"],\"articleSection\":[\"News\"],\"inLanguage\":\"de\",\"potentialAction\":[{\"@type\":\"CommentAction\",\"name\":\"Comment\",\"target\":[\"https:\\\/\\\/www.jazzzeitung.de\\\/cms\\\/2023\\\/04\\\/goetz-buehler-der-neue-kuenstlerische-leiter-der-jazzahead-im-gespraech\\\/#respond\"]}]},{\"@type\":\"WebPage\",\"@id\":\"https:\\\/\\\/www.jazzzeitung.de\\\/cms\\\/2023\\\/04\\\/goetz-buehler-der-neue-kuenstlerische-leiter-der-jazzahead-im-gespraech\\\/\",\"url\":\"https:\\\/\\\/www.jazzzeitung.de\\\/cms\\\/2023\\\/04\\\/goetz-buehler-der-neue-kuenstlerische-leiter-der-jazzahead-im-gespraech\\\/\",\"name\":\"G\u00f6tz B\u00fchler, der neue k\u00fcnstlerische Leiter der jazzahead! im Gespr\u00e4ch - JazzZeitung\",\"isPartOf\":{\"@id\":\"https:\\\/\\\/www.jazzzeitung.de\\\/cms\\\/#website\"},\"primaryImageOfPage\":{\"@id\":\"https:\\\/\\\/www.jazzzeitung.de\\\/cms\\\/2023\\\/04\\\/goetz-buehler-der-neue-kuenstlerische-leiter-der-jazzahead-im-gespraech\\\/#primaryimage\"},\"image\":{\"@id\":\"https:\\\/\\\/www.jazzzeitung.de\\\/cms\\\/2023\\\/04\\\/goetz-buehler-der-neue-kuenstlerische-leiter-der-jazzahead-im-gespraech\\\/#primaryimage\"},\"thumbnailUrl\":\"https:\\\/\\\/i0.wp.com\\\/www.jazzzeitung.de\\\/cms\\\/wp-content\\\/uploads\\\/2023\\\/04\\\/004_Kamil-Piotrowicz-Sextet_Foto-van-Loon.jpg?fit=899%2C600&ssl=1\",\"datePublished\":\"2023-04-06T10:20:06+00:00\",\"breadcrumb\":{\"@id\":\"https:\\\/\\\/www.jazzzeitung.de\\\/cms\\\/2023\\\/04\\\/goetz-buehler-der-neue-kuenstlerische-leiter-der-jazzahead-im-gespraech\\\/#breadcrumb\"},\"inLanguage\":\"de\",\"potentialAction\":[{\"@type\":\"ReadAction\",\"target\":[\"https:\\\/\\\/www.jazzzeitung.de\\\/cms\\\/2023\\\/04\\\/goetz-buehler-der-neue-kuenstlerische-leiter-der-jazzahead-im-gespraech\\\/\"]}]},{\"@type\":\"ImageObject\",\"inLanguage\":\"de\",\"@id\":\"https:\\\/\\\/www.jazzzeitung.de\\\/cms\\\/2023\\\/04\\\/goetz-buehler-der-neue-kuenstlerische-leiter-der-jazzahead-im-gespraech\\\/#primaryimage\",\"url\":\"https:\\\/\\\/i0.wp.com\\\/www.jazzzeitung.de\\\/cms\\\/wp-content\\\/uploads\\\/2023\\\/04\\\/004_Kamil-Piotrowicz-Sextet_Foto-van-Loon.jpg?fit=899%2C600&ssl=1\",\"contentUrl\":\"https:\\\/\\\/i0.wp.com\\\/www.jazzzeitung.de\\\/cms\\\/wp-content\\\/uploads\\\/2023\\\/04\\\/004_Kamil-Piotrowicz-Sextet_Foto-van-Loon.jpg?fit=899%2C600&ssl=1\",\"width\":899,\"height\":600},{\"@type\":\"BreadcrumbList\",\"@id\":\"https:\\\/\\\/www.jazzzeitung.de\\\/cms\\\/2023\\\/04\\\/goetz-buehler-der-neue-kuenstlerische-leiter-der-jazzahead-im-gespraech\\\/#breadcrumb\",\"itemListElement\":[{\"@type\":\"ListItem\",\"position\":1,\"name\":\"Startseite\",\"item\":\"https:\\\/\\\/www.jazzzeitung.de\\\/cms\\\/\"},{\"@type\":\"ListItem\",\"position\":2,\"name\":\"G\u00f6tz B\u00fchler, der neue k\u00fcnstlerische Leiter der jazzahead! im Gespr\u00e4ch\"}]},{\"@type\":\"WebSite\",\"@id\":\"https:\\\/\\\/www.jazzzeitung.de\\\/cms\\\/#website\",\"url\":\"https:\\\/\\\/www.jazzzeitung.de\\\/cms\\\/\",\"name\":\"JazzZeitung\",\"description\":\"Jazz-News und Jazz-Kontroverses\",\"publisher\":{\"@id\":\"https:\\\/\\\/www.jazzzeitung.de\\\/cms\\\/#organization\"},\"potentialAction\":[{\"@type\":\"SearchAction\",\"target\":{\"@type\":\"EntryPoint\",\"urlTemplate\":\"https:\\\/\\\/www.jazzzeitung.de\\\/cms\\\/?s={search_term_string}\"},\"query-input\":{\"@type\":\"PropertyValueSpecification\",\"valueRequired\":true,\"valueName\":\"search_term_string\"}}],\"inLanguage\":\"de\"},{\"@type\":\"Organization\",\"@id\":\"https:\\\/\\\/www.jazzzeitung.de\\\/cms\\\/#organization\",\"name\":\"JazzZeitung online\",\"url\":\"https:\\\/\\\/www.jazzzeitung.de\\\/cms\\\/\",\"logo\":{\"@type\":\"ImageObject\",\"inLanguage\":\"de\",\"@id\":\"https:\\\/\\\/www.jazzzeitung.de\\\/cms\\\/#\\\/schema\\\/logo\\\/image\\\/\",\"url\":\"https:\\\/\\\/i0.wp.com\\\/www.jazzzeitung.de\\\/cms\\\/wp-content\\\/uploads\\\/2015\\\/08\\\/JAZZZEITUNGDE_Logo_Neu.png?fit=499%2C200&ssl=1\",\"contentUrl\":\"https:\\\/\\\/i0.wp.com\\\/www.jazzzeitung.de\\\/cms\\\/wp-content\\\/uploads\\\/2015\\\/08\\\/JAZZZEITUNGDE_Logo_Neu.png?fit=499%2C200&ssl=1\",\"width\":499,\"height\":200,\"caption\":\"JazzZeitung online\"},\"image\":{\"@id\":\"https:\\\/\\\/www.jazzzeitung.de\\\/cms\\\/#\\\/schema\\\/logo\\\/image\\\/\"},\"sameAs\":[\"https:\\\/\\\/www.facebook.com\\\/JazzZeitung\\\/\"]},{\"@type\":\"Person\",\"@id\":\"https:\\\/\\\/www.jazzzeitung.de\\\/cms\\\/#\\\/schema\\\/person\\\/2245b36b9cd1d24cea10f01c031fb92b\",\"name\":\"Redaktion JazzZeitung\",\"image\":{\"@type\":\"ImageObject\",\"inLanguage\":\"de\",\"@id\":\"https:\\\/\\\/i0.wp.com\\\/www.jazzzeitung.de\\\/cms\\\/wp-content\\\/uploads\\\/2015\\\/08\\\/JAZZZEITUNGDE_Logo_Neu.png?resize=96%2C96&ssl=159975dcacb611b5700bd619b5daf0a7a\",\"url\":\"https:\\\/\\\/i0.wp.com\\\/www.jazzzeitung.de\\\/cms\\\/wp-content\\\/uploads\\\/2015\\\/08\\\/JAZZZEITUNGDE_Logo_Neu.png?resize=96%2C96&ssl=1\",\"contentUrl\":\"https:\\\/\\\/i0.wp.com\\\/www.jazzzeitung.de\\\/cms\\\/wp-content\\\/uploads\\\/2015\\\/08\\\/JAZZZEITUNGDE_Logo_Neu.png?resize=96%2C96&ssl=1\",\"caption\":\"Redaktion JazzZeitung\"},\"description\":\"Artikel der Redaktion der JazzZeitung.\",\"sameAs\":[\"http:\\\/\\\/www.jazzzeitung.de\\\/cms\\\/\"],\"url\":\"https:\\\/\\\/www.jazzzeitung.de\\\/cms\\\/author\\\/redaktion\\\/\"}]}<\/script>\n<!-- \/ Yoast SEO plugin. -->","yoast_head_json":{"title":"G\u00f6tz B\u00fchler, der neue k\u00fcnstlerische Leiter der jazzahead! im Gespr\u00e4ch - JazzZeitung","robots":{"index":"index","follow":"follow","max-snippet":"max-snippet:-1","max-image-preview":"max-image-preview:large","max-video-preview":"max-video-preview:-1"},"canonical":"https:\/\/www.jazzzeitung.de\/cms\/2023\/04\/goetz-buehler-der-neue-kuenstlerische-leiter-der-jazzahead-im-gespraech\/","og_locale":"de_DE","og_type":"article","og_title":"G\u00f6tz B\u00fchler, der neue k\u00fcnstlerische Leiter der jazzahead! im Gespr\u00e4ch - JazzZeitung","og_description":"Nach 17 Jahren als k\u00fcnstlerische Leitung der jazzahead! \u00fcbergeben Uli Beckerhoff und Peter Schulze an den 21 Jahre j\u00fcngeren G\u00f6tz B\u00fchler. Der festivalerfahrene Hamburger Journalist und Labelmanager hat 2021 die digitale Ausgabe der Bremer Fachmesse des Jazz und 2022 die dort angesiedelte Verleihung des Deutschen Jazzpreises moderiert. Als bestens vernetzter Multitasker war er der klare Wunschkandidat des Leitungsteams, zu dem von Seiten der Messe Bremen weiterhin Sybille Kornitschky geh\u00f6ren wird. Klaus von Seckendorff sprach f\u00fcr die JazzZeitung mit dem neuen k\u00fcnstlerischen Leiter. Klaus von Seckendorff: Zwei k\u00fcnstlerische Leiter gehen, einer kommt. L\u00e4sst sich diese Aufgabe \u00fcberhaupt bew\u00e4ltigen? G\u00f6tz B\u00fchler: Auch wenn der Begriff \u201ek\u00fcnstlerische Leitung\u201c das suggeriert: Es geht in Bremen ja nicht darum, wie bei einem normalen Jazzfestival ein komplettes Konzertprogramm zu kuratieren. Das wird auch nach so vielen Jahren jazzahead! noch h\u00e4ufig missverstanden, zum Beispiel von Musikern, die CDs an die \u201ek\u00fcnstlerische Leitung\u201c schicken in der Hoffnung, dass sie gebucht werden. Ganz am Anfang gab es wohl noch Abendkonzerte im Kongresszentrum, f\u00fcr die Uli Beckerhoff und Peter Schulze selbst Musiker ausgew\u00e4hlt haben. Das hat sich ge\u00e4ndert, als die jazzahead! zu einem Showcase-Festival geworden &hellip;","og_url":"https:\/\/www.jazzzeitung.de\/cms\/2023\/04\/goetz-buehler-der-neue-kuenstlerische-leiter-der-jazzahead-im-gespraech\/","og_site_name":"JazzZeitung","article_publisher":"https:\/\/www.facebook.com\/JazzZeitung\/","article_published_time":"2023-04-06T10:20:06+00:00","og_image":[{"width":899,"height":600,"url":"https:\/\/i0.wp.com\/www.jazzzeitung.de\/cms\/wp-content\/uploads\/2023\/04\/004_Kamil-Piotrowicz-Sextet_Foto-van-Loon.jpg?fit=899%2C600&ssl=1","type":"image\/jpeg"}],"author":"Redaktion JazzZeitung","schema":{"@context":"https:\/\/schema.org","@graph":[{"@type":"Article","@id":"https:\/\/www.jazzzeitung.de\/cms\/2023\/04\/goetz-buehler-der-neue-kuenstlerische-leiter-der-jazzahead-im-gespraech\/#article","isPartOf":{"@id":"https:\/\/www.jazzzeitung.de\/cms\/2023\/04\/goetz-buehler-der-neue-kuenstlerische-leiter-der-jazzahead-im-gespraech\/"},"author":{"name":"Redaktion JazzZeitung","@id":"https:\/\/www.jazzzeitung.de\/cms\/#\/schema\/person\/2245b36b9cd1d24cea10f01c031fb92b"},"headline":"G\u00f6tz B\u00fchler, der neue k\u00fcnstlerische Leiter der jazzahead! im Gespr\u00e4ch","datePublished":"2023-04-06T10:20:06+00:00","mainEntityOfPage":{"@id":"https:\/\/www.jazzzeitung.de\/cms\/2023\/04\/goetz-buehler-der-neue-kuenstlerische-leiter-der-jazzahead-im-gespraech\/"},"wordCount":1126,"commentCount":0,"publisher":{"@id":"https:\/\/www.jazzzeitung.de\/cms\/#organization"},"image":{"@id":"https:\/\/www.jazzzeitung.de\/cms\/2023\/04\/goetz-buehler-der-neue-kuenstlerische-leiter-der-jazzahead-im-gespraech\/#primaryimage"},"thumbnailUrl":"https:\/\/i0.wp.com\/www.jazzzeitung.de\/cms\/wp-content\/uploads\/2023\/04\/004_Kamil-Piotrowicz-Sextet_Foto-van-Loon.jpg?fit=899%2C600&ssl=1","keywords":["2018","2021","2022","act","Bewerbung","Booker","Bremen","Bremer Fachmesse des Jazz","CDs","Clubs","Deutscher Jazz Preis","Deutscher Jazzpreis","ECM","ELBJAZZ","European Showcases","Festival","Festivals","Gage","Gender","German Expo","G\u00f6tz B\u00fchler","Interview","Jazz","Jazz &amp; The City","Jazz and the City","Jazz and the City Salzburg","Jazz Festivals","Jazzahead","jazzahead! 2023","jazzahead! Bremen","Jazzfestival","Jazzkonzerte","Jazzzeitung","JazzZeitung.de","Konzerte","K\u00fcnstlerische Leitung","Label","Messe","Messe Bremen","Neuer Deutscher Jazzpreis","Overseas Showcases","Peter Schulze","Plattenvertrag","Showcase-Konzerte","Showcases","Sybille Kornitschky","Uli Beckerhoff","Vertrag","Video"],"articleSection":["News"],"inLanguage":"de","potentialAction":[{"@type":"CommentAction","name":"Comment","target":["https:\/\/www.jazzzeitung.de\/cms\/2023\/04\/goetz-buehler-der-neue-kuenstlerische-leiter-der-jazzahead-im-gespraech\/#respond"]}]},{"@type":"WebPage","@id":"https:\/\/www.jazzzeitung.de\/cms\/2023\/04\/goetz-buehler-der-neue-kuenstlerische-leiter-der-jazzahead-im-gespraech\/","url":"https:\/\/www.jazzzeitung.de\/cms\/2023\/04\/goetz-buehler-der-neue-kuenstlerische-leiter-der-jazzahead-im-gespraech\/","name":"G\u00f6tz B\u00fchler, der neue k\u00fcnstlerische Leiter der jazzahead! im Gespr\u00e4ch - JazzZeitung","isPartOf":{"@id":"https:\/\/www.jazzzeitung.de\/cms\/#website"},"primaryImageOfPage":{"@id":"https:\/\/www.jazzzeitung.de\/cms\/2023\/04\/goetz-buehler-der-neue-kuenstlerische-leiter-der-jazzahead-im-gespraech\/#primaryimage"},"image":{"@id":"https:\/\/www.jazzzeitung.de\/cms\/2023\/04\/goetz-buehler-der-neue-kuenstlerische-leiter-der-jazzahead-im-gespraech\/#primaryimage"},"thumbnailUrl":"https:\/\/i0.wp.com\/www.jazzzeitung.de\/cms\/wp-content\/uploads\/2023\/04\/004_Kamil-Piotrowicz-Sextet_Foto-van-Loon.jpg?fit=899%2C600&ssl=1","datePublished":"2023-04-06T10:20:06+00:00","breadcrumb":{"@id":"https:\/\/www.jazzzeitung.de\/cms\/2023\/04\/goetz-buehler-der-neue-kuenstlerische-leiter-der-jazzahead-im-gespraech\/#breadcrumb"},"inLanguage":"de","potentialAction":[{"@type":"ReadAction","target":["https:\/\/www.jazzzeitung.de\/cms\/2023\/04\/goetz-buehler-der-neue-kuenstlerische-leiter-der-jazzahead-im-gespraech\/"]}]},{"@type":"ImageObject","inLanguage":"de","@id":"https:\/\/www.jazzzeitung.de\/cms\/2023\/04\/goetz-buehler-der-neue-kuenstlerische-leiter-der-jazzahead-im-gespraech\/#primaryimage","url":"https:\/\/i0.wp.com\/www.jazzzeitung.de\/cms\/wp-content\/uploads\/2023\/04\/004_Kamil-Piotrowicz-Sextet_Foto-van-Loon.jpg?fit=899%2C600&ssl=1","contentUrl":"https:\/\/i0.wp.com\/www.jazzzeitung.de\/cms\/wp-content\/uploads\/2023\/04\/004_Kamil-Piotrowicz-Sextet_Foto-van-Loon.jpg?fit=899%2C600&ssl=1","width":899,"height":600},{"@type":"BreadcrumbList","@id":"https:\/\/www.jazzzeitung.de\/cms\/2023\/04\/goetz-buehler-der-neue-kuenstlerische-leiter-der-jazzahead-im-gespraech\/#breadcrumb","itemListElement":[{"@type":"ListItem","position":1,"name":"Startseite","item":"https:\/\/www.jazzzeitung.de\/cms\/"},{"@type":"ListItem","position":2,"name":"G\u00f6tz B\u00fchler, der neue k\u00fcnstlerische Leiter der jazzahead! im Gespr\u00e4ch"}]},{"@type":"WebSite","@id":"https:\/\/www.jazzzeitung.de\/cms\/#website","url":"https:\/\/www.jazzzeitung.de\/cms\/","name":"JazzZeitung","description":"Jazz-News und Jazz-Kontroverses","publisher":{"@id":"https:\/\/www.jazzzeitung.de\/cms\/#organization"},"potentialAction":[{"@type":"SearchAction","target":{"@type":"EntryPoint","urlTemplate":"https:\/\/www.jazzzeitung.de\/cms\/?s={search_term_string}"},"query-input":{"@type":"PropertyValueSpecification","valueRequired":true,"valueName":"search_term_string"}}],"inLanguage":"de"},{"@type":"Organization","@id":"https:\/\/www.jazzzeitung.de\/cms\/#organization","name":"JazzZeitung online","url":"https:\/\/www.jazzzeitung.de\/cms\/","logo":{"@type":"ImageObject","inLanguage":"de","@id":"https:\/\/www.jazzzeitung.de\/cms\/#\/schema\/logo\/image\/","url":"https:\/\/i0.wp.com\/www.jazzzeitung.de\/cms\/wp-content\/uploads\/2015\/08\/JAZZZEITUNGDE_Logo_Neu.png?fit=499%2C200&ssl=1","contentUrl":"https:\/\/i0.wp.com\/www.jazzzeitung.de\/cms\/wp-content\/uploads\/2015\/08\/JAZZZEITUNGDE_Logo_Neu.png?fit=499%2C200&ssl=1","width":499,"height":200,"caption":"JazzZeitung online"},"image":{"@id":"https:\/\/www.jazzzeitung.de\/cms\/#\/schema\/logo\/image\/"},"sameAs":["https:\/\/www.facebook.com\/JazzZeitung\/"]},{"@type":"Person","@id":"https:\/\/www.jazzzeitung.de\/cms\/#\/schema\/person\/2245b36b9cd1d24cea10f01c031fb92b","name":"Redaktion JazzZeitung","image":{"@type":"ImageObject","inLanguage":"de","@id":"https:\/\/i0.wp.com\/www.jazzzeitung.de\/cms\/wp-content\/uploads\/2015\/08\/JAZZZEITUNGDE_Logo_Neu.png?resize=96%2C96&ssl=159975dcacb611b5700bd619b5daf0a7a","url":"https:\/\/i0.wp.com\/www.jazzzeitung.de\/cms\/wp-content\/uploads\/2015\/08\/JAZZZEITUNGDE_Logo_Neu.png?resize=96%2C96&ssl=1","contentUrl":"https:\/\/i0.wp.com\/www.jazzzeitung.de\/cms\/wp-content\/uploads\/2015\/08\/JAZZZEITUNGDE_Logo_Neu.png?resize=96%2C96&ssl=1","caption":"Redaktion JazzZeitung"},"description":"Artikel der Redaktion der JazzZeitung.","sameAs":["http:\/\/www.jazzzeitung.de\/cms\/"],"url":"https:\/\/www.jazzzeitung.de\/cms\/author\/redaktion\/"}]}},"wp-worthy-pixel":{"ignored":false,"public":null,"server":null,"url":null},"wp-worthy-type":"normal","jetpack_publicize_connections":[],"cc_featured_image_caption":{"caption_text":"","source_text":"","source_url":""},"jetpack_featured_media_url":"https:\/\/i0.wp.com\/www.jazzzeitung.de\/cms\/wp-content\/uploads\/2023\/04\/004_Kamil-Piotrowicz-Sextet_Foto-van-Loon.jpg?fit=899%2C600&ssl=1","jetpack_shortlink":"https:\/\/wp.me\/p3KEcT-7D7","jetpack-related-posts":[{"id":29142,"url":"https:\/\/www.jazzzeitung.de\/cms\/2023\/02\/news-workshop-nachwuchsjazzerinnen-personalwechsel-jazzahead-gitarrenvirtuose\/","url_meta":{"origin":29333,"position":0},"title":"News: Workshop f\u00fcr Nachwuchsjazzer*innen +++ Personalwechsel bei der jazzahead! +++ Lucas Imbiriba in H\u00fcrth","author":"Redaktion JazzZeitung","date":"21. Februar 2023","format":false,"excerpt":"+++ Jazzworkshop f\u00fcr Studienbewerber\\*innen +++ Die Jazzabteilung der Hochschule f\u00fcr K\u00fcnste Bremen veranstaltet am 04. M\u00e4rz 2023 einen rund f\u00fcnfst\u00fcndigen Kennlern-Workshop f\u00fcr Nachwuchsmusikerinnen und -Musiker, die daran interessiert sind, Jazz zu studieren. Neben allgemeinen Informationen zum Jazzstudium, geben die Dozenten und Professoren der Hochschule f\u00fcr K\u00fcnste Bremen Kostproben ihres Instrumental-,\u2026","rel":"","context":"In &quot;News&quot;","block_context":{"text":"News","link":"https:\/\/www.jazzzeitung.de\/cms\/thema\/nachrichten\/"},"img":{"alt_text":"","src":"https:\/\/i0.wp.com\/www.jazzzeitung.de\/cms\/wp-content\/uploads\/2023\/02\/vcsPRAsset_4127351_239471_91c9c810-0ac1-4103-aa12-c29d3f37855e_0-scaled.jpg?fit=1200%2C800&ssl=1&resize=350%2C200","width":350,"height":200,"srcset":"https:\/\/i0.wp.com\/www.jazzzeitung.de\/cms\/wp-content\/uploads\/2023\/02\/vcsPRAsset_4127351_239471_91c9c810-0ac1-4103-aa12-c29d3f37855e_0-scaled.jpg?fit=1200%2C800&ssl=1&resize=350%2C200 1x, https:\/\/i0.wp.com\/www.jazzzeitung.de\/cms\/wp-content\/uploads\/2023\/02\/vcsPRAsset_4127351_239471_91c9c810-0ac1-4103-aa12-c29d3f37855e_0-scaled.jpg?fit=1200%2C800&ssl=1&resize=525%2C300 1.5x, https:\/\/i0.wp.com\/www.jazzzeitung.de\/cms\/wp-content\/uploads\/2023\/02\/vcsPRAsset_4127351_239471_91c9c810-0ac1-4103-aa12-c29d3f37855e_0-scaled.jpg?fit=1200%2C800&ssl=1&resize=700%2C400 2x, https:\/\/i0.wp.com\/www.jazzzeitung.de\/cms\/wp-content\/uploads\/2023\/02\/vcsPRAsset_4127351_239471_91c9c810-0ac1-4103-aa12-c29d3f37855e_0-scaled.jpg?fit=1200%2C800&ssl=1&resize=1050%2C600 3x"},"classes":[]},{"id":25733,"url":"https:\/\/www.jazzzeitung.de\/cms\/2021\/09\/deutscher-jazzpreis-wird-2022-in-bremen-praemiert\/","url_meta":{"origin":29333,"position":1},"title":"Deutscher Jazzpreis wird 2022 in Bremen pr\u00e4miert","author":"Redaktion JazzZeitung","date":"9. September 2021","format":false,"excerpt":"Der Deutsche Jazzpreis 2022 wird in der Freien Hansestadt Bremen verliehen. Die Preisverleihung findet am Mittwoch, den 27. April 2022, und somit am Vorabend der jazzahead! statt. Die gr\u00f6\u00dfte Jazz-Fachmesse der Welt mit \u00fcber 3.400 internationalen Fachg\u00e4sten aus \u00fcber 60 L\u00e4ndern gilt als \u201eFamilientreffen des Jazz\u201c, die ihren famili\u00e4ren Charakter\u2026","rel":"","context":"In &quot;News&quot;","block_context":{"text":"News","link":"https:\/\/www.jazzzeitung.de\/cms\/thema\/nachrichten\/"},"img":{"alt_text":"","src":"https:\/\/i0.wp.com\/www.jazzzeitung.de\/cms\/wp-content\/uploads\/2021\/09\/Peter-Schulze_c_M3B-GmbH_Joerg-Sarbach.jpg?fit=1200%2C800&ssl=1&resize=350%2C200","width":350,"height":200,"srcset":"https:\/\/i0.wp.com\/www.jazzzeitung.de\/cms\/wp-content\/uploads\/2021\/09\/Peter-Schulze_c_M3B-GmbH_Joerg-Sarbach.jpg?fit=1200%2C800&ssl=1&resize=350%2C200 1x, https:\/\/i0.wp.com\/www.jazzzeitung.de\/cms\/wp-content\/uploads\/2021\/09\/Peter-Schulze_c_M3B-GmbH_Joerg-Sarbach.jpg?fit=1200%2C800&ssl=1&resize=525%2C300 1.5x, https:\/\/i0.wp.com\/www.jazzzeitung.de\/cms\/wp-content\/uploads\/2021\/09\/Peter-Schulze_c_M3B-GmbH_Joerg-Sarbach.jpg?fit=1200%2C800&ssl=1&resize=700%2C400 2x, https:\/\/i0.wp.com\/www.jazzzeitung.de\/cms\/wp-content\/uploads\/2021\/09\/Peter-Schulze_c_M3B-GmbH_Joerg-Sarbach.jpg?fit=1200%2C800&ssl=1&resize=1050%2C600 3x"},"classes":[]},{"id":12238,"url":"https:\/\/www.jazzzeitung.de\/cms\/2017\/05\/win-win-wochenende-in-bremen-werder-der-jazz-und-mario-barth\/","url_meta":{"origin":29333,"position":2},"title":"Win-Win-Wochenende in Bremen: Werder, der Jazz und Mario Barth","author":"Redaktion JazzZeitung","date":"6. Mai 2017","format":false,"excerpt":"2:0 gegen Hertha Ende April beim Heimspiel im Weserstadion. 3.000 Musiker, Agenten, Labelchefs und andere Vertreter nicht nur der europ\u00e4ischen Jazzszene versammelten sich parallel in den Messehallen sechs und sieben. Und was Mario Barth gleich nebenan beizutragen hatte, erfuhr Klaus von Seckendorff \u00a0im Gespr\u00e4ch mit Hans Peter Schneider, dem Gesch\u00e4ftsf\u00fchrer\u2026","rel":"","context":"In &quot;Bericht&quot;","block_context":{"text":"Bericht","link":"https:\/\/www.jazzzeitung.de\/cms\/thema\/bericht\/"},"img":{"alt_text":"","src":"https:\/\/i0.wp.com\/www.jazzzeitung.de\/cms\/wp-content\/uploads\/2017\/05\/jazzahead2015-messe-Logo-1-e1493894177716-150x150.png?resize=350%2C200","width":350,"height":200},"classes":[]},{"id":28924,"url":"https:\/\/www.jazzzeitung.de\/cms\/2023\/01\/news-nicole-johaenntgen-jazzahead-huerth\/","url_meta":{"origin":29333,"position":3},"title":"News: +++ Joh\u00e4nntgen gewinnt Kunstpreis +++ jazzahead! Line-Up ist final +++\u00a0H\u00fcrth Jahresprogramm +++","author":"Redaktion JazzZeitung","date":"18. Januar 2023","format":false,"excerpt":"+++ Nicole Joh\u00e4nntgen: Kunstpreis des Saarlandes geht zum ersten mal an Jazzmusikerin +++ Nicole Joh\u00e4nntgen wurde der Kunstpreis des Saarlandes verliehen. Der mit 7.500 Euro dotierte Preis wird seit 1959 alle zwei Jahre in wechselnden Sparten (Musik, Literatur und Bildende Kunst) verliehen. Laut Saarl\u00e4ndischem Rundfunk habe die Jazz-Saxophonistin die Jury\u2026","rel":"","context":"In &quot;News&quot;","block_context":{"text":"News","link":"https:\/\/www.jazzzeitung.de\/cms\/thema\/nachrichten\/"},"img":{"alt_text":"","src":"https:\/\/i0.wp.com\/www.jazzzeitung.de\/cms\/wp-content\/uploads\/2023\/01\/nicole-johaenntgen-trammuseum-001-5120006.jpg?fit=1200%2C800&ssl=1&resize=350%2C200","width":350,"height":200,"srcset":"https:\/\/i0.wp.com\/www.jazzzeitung.de\/cms\/wp-content\/uploads\/2023\/01\/nicole-johaenntgen-trammuseum-001-5120006.jpg?fit=1200%2C800&ssl=1&resize=350%2C200 1x, https:\/\/i0.wp.com\/www.jazzzeitung.de\/cms\/wp-content\/uploads\/2023\/01\/nicole-johaenntgen-trammuseum-001-5120006.jpg?fit=1200%2C800&ssl=1&resize=525%2C300 1.5x, https:\/\/i0.wp.com\/www.jazzzeitung.de\/cms\/wp-content\/uploads\/2023\/01\/nicole-johaenntgen-trammuseum-001-5120006.jpg?fit=1200%2C800&ssl=1&resize=700%2C400 2x, https:\/\/i0.wp.com\/www.jazzzeitung.de\/cms\/wp-content\/uploads\/2023\/01\/nicole-johaenntgen-trammuseum-001-5120006.jpg?fit=1200%2C800&ssl=1&resize=1050%2C600 3x"},"classes":[]},{"id":26636,"url":"https:\/\/www.jazzzeitung.de\/cms\/2022\/01\/jazzahead-festival-bremen-anmeldestart-jazz-campus-mainz-neue-single-von-karoline-weidt\/","url_meta":{"origin":29333,"position":4},"title":"+++ Jazzahead!-Festival Bremen +++ Anmeldestart Jazz-Campus Mainz +++ Neue Single von Karoline Weidt +++","author":"Redaktion JazzZeitung","date":"27. Januar 2022","format":false,"excerpt":"+++ Jazzahead!-Festival 2022: \u201eTogether again\u201c +++ Am 14. April startet das diesj\u00e4hrige jazzahead!-Festival in der Hansestadt Bremen \u2013 erstmals als hybride Veranstaltung, die sowohl live als auch online zu erleben sein wird. In diesem Jahr steht bekanntlich Kanada erneut auf dem Programm: Nach dem pandemiebedingten Ausfall 2020 und der digitalen\u2026","rel":"","context":"In &quot;News&quot;","block_context":{"text":"News","link":"https:\/\/www.jazzzeitung.de\/cms\/thema\/nachrichten\/"},"img":{"alt_text":"","src":"https:\/\/i0.wp.com\/www.jazzzeitung.de\/cms\/wp-content\/uploads\/2022\/01\/Overseas_Night_EmieRRousselTrio-2-c-Frank-Thomas-Koch-scaled.jpg?fit=1200%2C608&ssl=1&resize=350%2C200","width":350,"height":200,"srcset":"https:\/\/i0.wp.com\/www.jazzzeitung.de\/cms\/wp-content\/uploads\/2022\/01\/Overseas_Night_EmieRRousselTrio-2-c-Frank-Thomas-Koch-scaled.jpg?fit=1200%2C608&ssl=1&resize=350%2C200 1x, https:\/\/i0.wp.com\/www.jazzzeitung.de\/cms\/wp-content\/uploads\/2022\/01\/Overseas_Night_EmieRRousselTrio-2-c-Frank-Thomas-Koch-scaled.jpg?fit=1200%2C608&ssl=1&resize=525%2C300 1.5x, https:\/\/i0.wp.com\/www.jazzzeitung.de\/cms\/wp-content\/uploads\/2022\/01\/Overseas_Night_EmieRRousselTrio-2-c-Frank-Thomas-Koch-scaled.jpg?fit=1200%2C608&ssl=1&resize=700%2C400 2x, https:\/\/i0.wp.com\/www.jazzzeitung.de\/cms\/wp-content\/uploads\/2022\/01\/Overseas_Night_EmieRRousselTrio-2-c-Frank-Thomas-Koch-scaled.jpg?fit=1200%2C608&ssl=1&resize=1050%2C600 3x"},"classes":[]},{"id":31545,"url":"https:\/\/www.jazzzeitung.de\/cms\/2024\/08\/news-jazzclub-regensburg-freier-eintritt-u20-registrierung-jazzahead-2025-beginnt\/","url_meta":{"origin":29333,"position":5},"title":"+++ news +++ Jazzclub Regensburg: freier Eintritt u20 +++  Registrierung jazzahead! 2025 beginnt +++","author":"Redaktion JazzZeitung","date":"21. August 2024","format":false,"excerpt":"+++ Jazzclub Regensburg sorgt f\u00fcr frischen Wind: Freier Eintritt f\u00fcr alle unter 20 Jahren ab Herbst 2024 +++ (PM) Der Jazzclub Regensburg setzt ein deutliches Zeichen f\u00fcr die Zukunft der Musik und Kultur in unserer Stadt: ab dem Herbst 2024 werden alle Personen unter 20 Jahren zu allen Veranstaltungen des\u2026","rel":"","context":"In &quot;News&quot;","block_context":{"text":"News","link":"https:\/\/www.jazzzeitung.de\/cms\/thema\/nachrichten\/"},"img":{"alt_text":"","src":"https:\/\/i0.wp.com\/www.jazzzeitung.de\/cms\/wp-content\/uploads\/2024\/08\/U20-Jazzclub.jpg?fit=455%2C300&ssl=1&resize=350%2C200","width":350,"height":200},"classes":[]}],"jetpack_sharing_enabled":true,"_links":{"self":[{"href":"https:\/\/www.jazzzeitung.de\/cms\/wp-json\/wp\/v2\/posts\/29333","targetHints":{"allow":["GET"]}}],"collection":[{"href":"https:\/\/www.jazzzeitung.de\/cms\/wp-json\/wp\/v2\/posts"}],"about":[{"href":"https:\/\/www.jazzzeitung.de\/cms\/wp-json\/wp\/v2\/types\/post"}],"author":[{"embeddable":true,"href":"https:\/\/www.jazzzeitung.de\/cms\/wp-json\/wp\/v2\/users\/18"}],"replies":[{"embeddable":true,"href":"https:\/\/www.jazzzeitung.de\/cms\/wp-json\/wp\/v2\/comments?post=29333"}],"version-history":[{"count":11,"href":"https:\/\/www.jazzzeitung.de\/cms\/wp-json\/wp\/v2\/posts\/29333\/revisions"}],"predecessor-version":[{"id":29346,"href":"https:\/\/www.jazzzeitung.de\/cms\/wp-json\/wp\/v2\/posts\/29333\/revisions\/29346"}],"wp:featuredmedia":[{"embeddable":true,"href":"https:\/\/www.jazzzeitung.de\/cms\/wp-json\/wp\/v2\/media\/29335"}],"wp:attachment":[{"href":"https:\/\/www.jazzzeitung.de\/cms\/wp-json\/wp\/v2\/media?parent=29333"}],"wp:term":[{"taxonomy":"category","embeddable":true,"href":"https:\/\/www.jazzzeitung.de\/cms\/wp-json\/wp\/v2\/categories?post=29333"},{"taxonomy":"post_tag","embeddable":true,"href":"https:\/\/www.jazzzeitung.de\/cms\/wp-json\/wp\/v2\/tags?post=29333"},{"taxonomy":"author","embeddable":true,"href":"https:\/\/www.jazzzeitung.de\/cms\/wp-json\/wp\/v2\/coauthors?post=29333"}],"curies":[{"name":"wp","href":"https:\/\/api.w.org\/{rel}","templated":true}]}}