{"id":29287,"date":"2023-03-31T14:34:31","date_gmt":"2023-03-31T12:34:31","guid":{"rendered":"https:\/\/www.jazzzeitung.de\/cms\/?p=29287"},"modified":"2023-03-31T14:34:31","modified_gmt":"2023-03-31T12:34:31","slug":"52-internationale-jazzwoche-burghausen","status":"publish","type":"post","link":"https:\/\/www.jazzzeitung.de\/cms\/2023\/03\/52-internationale-jazzwoche-burghausen\/","title":{"rendered":"52. Internationale Jazzwoche Burghausen"},"content":{"rendered":"<p><strong>Zwar konnte sich die Jazzwoche Burghausen aus dem letztj\u00e4hrigen Corona-Tal mit 20 % mehr Besuchern wieder herausarbeiten, aber ein neues Konzept, das auch j\u00fcngere Besucher zu einem Festival mit rundum interessantem Jazz-Programm anlockt, ist noch nicht gefunden. Es gibt anscheinend keinen Nachfolger f\u00fcr Joe Viera mit \u00dcberblick \u00fcber die l\u00e4ngst breitere weltweite Szene, der das Festival in eine sichere Zukunft f\u00fchrt. Das 50 Jahre alte Konzept mit den allseits anerkannten Stars des Jazz, die ein gro\u00dfes Publikum magnetisch anziehen, funktioniert\u00a0 so heute nicht mehr, schon weil es diese Stars nicht mehr gibt.<\/strong><\/p>\n<p>Attraktiv war Burghausen wieder dort, wo es Neues wagte: beim Finale des 13. Europ\u00e4ischen\u00a0 Nachwuchs-Jazzpreises und dem abschlie\u00dfenden Konzert \u201eNext in Jazz\u201c, beide im intimeren Stadtsaal. Mit dem Landes-Jugend-Jazzorchester unter der bew\u00e4hrten Leitung von Harald R\u00fcschenbaum pr\u00e4sentierte sich dort eine frische Bigband, samt achtk\u00f6pfigem Vokal-Ensemble. Die LJJB \u00fcberzeugte unter anderem mit \u201eOcean Eleven\u201c von Trio Elf, das sie ihrem 2021 verstorbenen Klavier-Coach Walter Lang widmete. \u201eWir hatten was mit Bj\u00f6rn\u201c nennen die Posaunistin Maria Trautmann und die Vokalistin und Gitaristin Maika K\u00fcster ihr Quartett, mit denen sie sich stark von Jazz beeinflusstem Singer-Songwriting widmen. Die klare Stimme und die abwechslungsreiche Posaune kontrastierten und erg\u00e4nzten sich sch\u00f6n, waren teilweise aber auch etwas gleichf\u00f6rmig. Das Quartett Jin Jim erinnerte mit dem pr\u00e4genden Fl\u00f6tisten Daniel Manrique-Smith, der auch Multiphonics einsetzte, von fern an Jeremy Steig in seinen besten Momenten, f\u00fchrt aber mit dem Gitarren-Gegenpol Johann May stilistisch weit \u00fcber Jazzrock hinaus bis zur indischen Musik. Ein glorreicher Festival-H\u00f6hepunkt und Abschluss.<\/p>\n<div class=\"tiled-gallery type-square tiled-gallery-unresized\" data-original-width=\"840\" data-carousel-extra='{&quot;blog_id&quot;:1,&quot;permalink&quot;:&quot;https:\\\/\\\/www.jazzzeitung.de\\\/cms\\\/2023\\\/03\\\/52-internationale-jazzwoche-burghausen\\\/&quot;,&quot;likes_blog_id&quot;:55446655}' itemscope itemtype=\"http:\/\/schema.org\/ImageGallery\" > <div class=\"gallery-row\" style=\"width: 840px; height: 840px;\" data-original-width=\"840\" data-original-height=\"840\" > <div class=\"gallery-group\" style=\"width: 840px; height: 840px;\" data-original-width=\"840\" data-original-height=\"840\" > <div class=\"tiled-gallery-item \" itemprop=\"associatedMedia\" itemscope itemtype=\"http:\/\/schema.org\/ImageObject\"> <a href=\"https:\/\/www.jazzzeitung.de\/cms\/2023\/03\/52-internationale-jazzwoche-burghausen\/kugelmannnilsgodehard-lutzbayern-mail-de_imgp3200_bildgroesse-aendern\/\" border=\"0\" itemprop=\"url\"> <meta itemprop=\"width\" content=\"836\"> <meta itemprop=\"height\" content=\"836\"> <img decoding=\"async\" class=\"\" data-attachment-id=\"29297\" data-orig-file=\"https:\/\/www.jazzzeitung.de\/cms\/wp-content\/uploads\/2023\/03\/KUGELMANNNils\u00a9Godehard.Lutz@bayern-mail.de_IMGP3200_Bildgroesse-aendern.jpg\" data-orig-size=\"625,944\" data-comments-opened=\"1\" data-image-meta=\"{&quot;aperture&quot;:&quot;2.8&quot;,&quot;credit&quot;:&quot;Godehard LUTZ&quot;,&quot;camera&quot;:&quot;PENTAX K-30&quot;,&quot;caption&quot;:&quot;&quot;,&quot;created_timestamp&quot;:&quot;1679519394&quot;,&quot;copyright&quot;:&quot;Godehard.Lutz@maxi-dsl.de&quot;,&quot;focal_length&quot;:&quot;105&quot;,&quot;iso&quot;:&quot;1600&quot;,&quot;shutter_speed&quot;:&quot;0.00625&quot;,&quot;title&quot;:&quot;&quot;,&quot;orientation&quot;:&quot;1&quot;}\" data-image-title=\"KUGELMANN,Nils\u00a9Godehard.Lutz@bayern-mail.de_IMGP3200_Bildgr\u00f6\u00dfe \u00e4ndern\" data-image-description=\"\" data-medium-file=\"https:\/\/i0.wp.com\/www.jazzzeitung.de\/cms\/wp-content\/uploads\/2023\/03\/KUGELMANNNils%C2%A9Godehard.Lutz%40bayern-mail.de_IMGP3200_Bildgroesse-aendern.jpg?fit=199%2C300&#038;ssl=1\" data-large-file=\"https:\/\/i0.wp.com\/www.jazzzeitung.de\/cms\/wp-content\/uploads\/2023\/03\/KUGELMANNNils%C2%A9Godehard.Lutz%40bayern-mail.de_IMGP3200_Bildgroesse-aendern.jpg?fit=397%2C600&#038;ssl=1\" src=\"https:\/\/i0.wp.com\/www.jazzzeitung.de\/cms\/wp-content\/uploads\/2023\/03\/KUGELMANNNils%C2%A9Godehard.Lutz%40bayern-mail.de_IMGP3200_Bildgroesse-aendern.jpg?w=836&#038;h=836&#038;crop=1&#038;ssl=1\" width=\"836\" height=\"836\" loading=\"lazy\" data-original-width=\"836\" data-original-height=\"836\" itemprop=\"http:\/\/schema.org\/image\" title=\"KUGELMANN,Nils\u00a9Godehard.Lutz@bayern-mail.de_IMGP3200_Bildgr\u00f6\u00dfe \u00e4ndern\" alt=\"Internationale Jazzwoche Burghausen\" style=\"width: 836px; height: 836px;\" \/> <\/a> <div class=\"tiled-gallery-caption\" itemprop=\"caption description\"> Festival-Glanzlicht: Verdiente Sieger des Nachwuchswettbewerbs: Bassist Nils Kugelmann und &#8230; | \u00a9 Lutz Godehard <\/div> <\/div> <\/div> <\/div> <div class=\"gallery-row\" style=\"width: 840px; height: 420px;\" data-original-width=\"840\" data-original-height=\"420\" > <div class=\"gallery-group\" style=\"width: 420px; height: 420px;\" data-original-width=\"420\" data-original-height=\"420\" > <div class=\"tiled-gallery-item \" itemprop=\"associatedMedia\" itemscope itemtype=\"http:\/\/schema.org\/ImageObject\"> <a href=\"https:\/\/www.jazzzeitung.de\/cms\/2023\/03\/52-internationale-jazzwoche-burghausen\/schiepekphilippgodehard-lutzbayern-mail-de_imgp3178b_bildgroesse-aendern\/\" border=\"0\" itemprop=\"url\"> <meta itemprop=\"width\" content=\"416\"> <meta itemprop=\"height\" content=\"416\"> <img decoding=\"async\" class=\"\" data-attachment-id=\"29307\" data-orig-file=\"https:\/\/www.jazzzeitung.de\/cms\/wp-content\/uploads\/2023\/03\/SCHIEPEKPhilipp\u00a9Godehard.Lutz@bayern-mail.de_IMGP3178B_Bildgroesse-aendern.jpg\" data-orig-size=\"1417,939\" data-comments-opened=\"1\" data-image-meta=\"{&quot;aperture&quot;:&quot;4&quot;,&quot;credit&quot;:&quot;Godehard LUTZ&quot;,&quot;camera&quot;:&quot;PENTAX K-30&quot;,&quot;caption&quot;:&quot;&quot;,&quot;created_timestamp&quot;:&quot;1679515742&quot;,&quot;copyright&quot;:&quot;Godehard.Lutz@maxi-dsl.de&quot;,&quot;focal_length&quot;:&quot;100&quot;,&quot;iso&quot;:&quot;800&quot;,&quot;shutter_speed&quot;:&quot;0.003125&quot;,&quot;title&quot;:&quot;&quot;,&quot;orientation&quot;:&quot;1&quot;}\" data-image-title=\"SCHIEPEK,Philipp\u00a9Godehard.Lutz@bayern-mail.de_IMGP3178B_Bildgr\u00f6\u00dfe \u00e4ndern\" data-image-description=\"\" data-medium-file=\"https:\/\/i0.wp.com\/www.jazzzeitung.de\/cms\/wp-content\/uploads\/2023\/03\/SCHIEPEKPhilipp%C2%A9Godehard.Lutz%40bayern-mail.de_IMGP3178B_Bildgroesse-aendern.jpg?fit=300%2C199&#038;ssl=1\" data-large-file=\"https:\/\/i0.wp.com\/www.jazzzeitung.de\/cms\/wp-content\/uploads\/2023\/03\/SCHIEPEKPhilipp%C2%A9Godehard.Lutz%40bayern-mail.de_IMGP3178B_Bildgroesse-aendern.jpg?fit=840%2C556&#038;ssl=1\" src=\"https:\/\/i0.wp.com\/www.jazzzeitung.de\/cms\/wp-content\/uploads\/2023\/03\/SCHIEPEKPhilipp%C2%A9Godehard.Lutz%40bayern-mail.de_IMGP3178B_Bildgroesse-aendern.jpg?w=416&#038;h=416&#038;crop=1&#038;ssl=1\" width=\"416\" height=\"416\" loading=\"lazy\" data-original-width=\"416\" data-original-height=\"416\" itemprop=\"http:\/\/schema.org\/image\" title=\"SCHIEPEK,Philipp\u00a9Godehard.Lutz@bayern-mail.de_IMGP3178B_Bildgr\u00f6\u00dfe \u00e4ndern\" alt=\"Internationale Jazzwoche Burghausen\" style=\"width: 416px; height: 416px;\" \/> <\/a> <div class=\"tiled-gallery-caption\" itemprop=\"caption description\"> &#8230; sein Trio aus Gitarrist Philipp Schiepek &#8230; | \u00a9 Lutz Godehard <\/div> <\/div> <\/div> <div class=\"gallery-group\" style=\"width: 420px; height: 420px;\" data-original-width=\"420\" data-original-height=\"420\" > <div class=\"tiled-gallery-item \" itemprop=\"associatedMedia\" itemscope itemtype=\"http:\/\/schema.org\/ImageObject\"> <a href=\"https:\/\/www.jazzzeitung.de\/cms\/2023\/03\/52-internationale-jazzwoche-burghausen\/wolfgrubersebastiangodehard-lutzbayern-mail-de_imgp3192_bildgroesse-aendern\/\" border=\"0\" itemprop=\"url\"> <meta itemprop=\"width\" content=\"416\"> <meta itemprop=\"height\" content=\"416\"> <img decoding=\"async\" class=\"\" data-attachment-id=\"29311\" data-orig-file=\"https:\/\/www.jazzzeitung.de\/cms\/wp-content\/uploads\/2023\/03\/WOLFGRUBERSebastian\u00a9Godehard.Lutz@bayern-mail.de_IMGP3192_Bildgroesse-aendern.jpg\" data-orig-size=\"1417,939\" data-comments-opened=\"1\" data-image-meta=\"{&quot;aperture&quot;:&quot;3.5&quot;,&quot;credit&quot;:&quot;Godehard LUTZ&quot;,&quot;camera&quot;:&quot;PENTAX K-30&quot;,&quot;caption&quot;:&quot;&quot;,&quot;created_timestamp&quot;:&quot;1679517982&quot;,&quot;copyright&quot;:&quot;Godehard.Lutz@maxi-dsl.de&quot;,&quot;focal_length&quot;:&quot;55&quot;,&quot;iso&quot;:&quot;800&quot;,&quot;shutter_speed&quot;:&quot;0.005&quot;,&quot;title&quot;:&quot;&quot;,&quot;orientation&quot;:&quot;1&quot;}\" data-image-title=\"WOLFGRUBER,Sebastian\u00a9Godehard.Lutz@bayern-mail.de_IMGP3192_Bildgr\u00f6\u00dfe \u00e4ndern\" data-image-description=\"\" data-medium-file=\"https:\/\/i0.wp.com\/www.jazzzeitung.de\/cms\/wp-content\/uploads\/2023\/03\/WOLFGRUBERSebastian%C2%A9Godehard.Lutz%40bayern-mail.de_IMGP3192_Bildgroesse-aendern.jpg?fit=300%2C199&#038;ssl=1\" data-large-file=\"https:\/\/i0.wp.com\/www.jazzzeitung.de\/cms\/wp-content\/uploads\/2023\/03\/WOLFGRUBERSebastian%C2%A9Godehard.Lutz%40bayern-mail.de_IMGP3192_Bildgroesse-aendern.jpg?fit=840%2C556&#038;ssl=1\" src=\"https:\/\/i0.wp.com\/www.jazzzeitung.de\/cms\/wp-content\/uploads\/2023\/03\/WOLFGRUBERSebastian%C2%A9Godehard.Lutz%40bayern-mail.de_IMGP3192_Bildgroesse-aendern.jpg?w=416&#038;h=416&#038;crop=1&#038;ssl=1\" width=\"416\" height=\"416\" loading=\"lazy\" data-original-width=\"416\" data-original-height=\"416\" itemprop=\"http:\/\/schema.org\/image\" title=\"WOLFGRUBER,Sebastian\u00a9Godehard.Lutz@bayern-mail.de_IMGP3192_Bildgr\u00f6\u00dfe \u00e4ndern\" alt=\"Internationale Jazzwoche Burghausen\" style=\"width: 416px; height: 416px;\" \/> <\/a> <div class=\"tiled-gallery-caption\" itemprop=\"caption description\"> &#8230; und Sebastian Wolfgruber am Schlagzeug| \u00a9 Lutz Godehard <\/div> <\/div> <\/div> <\/div> <div class=\"gallery-row\" style=\"width: 840px; height: 420px;\" data-original-width=\"840\" data-original-height=\"420\" > <div class=\"gallery-group\" style=\"width: 420px; height: 420px;\" data-original-width=\"420\" data-original-height=\"420\" > <div class=\"tiled-gallery-item \" itemprop=\"associatedMedia\" itemscope itemtype=\"http:\/\/schema.org\/ImageObject\"> <a href=\"https:\/\/www.jazzzeitung.de\/cms\/2023\/03\/52-internationale-jazzwoche-burghausen\/ritenourleegodehard-lutzbayern-mail-de_imgp3219_bildgroesse-aendern\/\" border=\"0\" itemprop=\"url\"> <meta itemprop=\"width\" content=\"416\"> <meta itemprop=\"height\" content=\"416\"> <img decoding=\"async\" class=\"\" data-attachment-id=\"29304\" data-orig-file=\"https:\/\/www.jazzzeitung.de\/cms\/wp-content\/uploads\/2023\/03\/RITENOURLee\u00a9Godehard.Lutz@bayern-mail.de_IMGP3219_Bildgroesse-aendern.jpg\" data-orig-size=\"1417,939\" data-comments-opened=\"1\" data-image-meta=\"{&quot;aperture&quot;:&quot;2.8&quot;,&quot;credit&quot;:&quot;Godehard LUTZ&quot;,&quot;camera&quot;:&quot;PENTAX K-30&quot;,&quot;caption&quot;:&quot;&quot;,&quot;created_timestamp&quot;:&quot;1679525966&quot;,&quot;copyright&quot;:&quot;Godehard.Lutz@maxi-dsl.de&quot;,&quot;focal_length&quot;:&quot;120&quot;,&quot;iso&quot;:&quot;6400&quot;,&quot;shutter_speed&quot;:&quot;0.005&quot;,&quot;title&quot;:&quot;&quot;,&quot;orientation&quot;:&quot;1&quot;}\" data-image-title=\"RITENOUR,Lee\u00a9Godehard.Lutz@bayern-mail.de_IMGP3219_Bildgr\u00f6\u00dfe \u00e4ndern\" data-image-description=\"\" data-medium-file=\"https:\/\/i0.wp.com\/www.jazzzeitung.de\/cms\/wp-content\/uploads\/2023\/03\/RITENOURLee%C2%A9Godehard.Lutz%40bayern-mail.de_IMGP3219_Bildgroesse-aendern.jpg?fit=300%2C199&#038;ssl=1\" data-large-file=\"https:\/\/i0.wp.com\/www.jazzzeitung.de\/cms\/wp-content\/uploads\/2023\/03\/RITENOURLee%C2%A9Godehard.Lutz%40bayern-mail.de_IMGP3219_Bildgroesse-aendern.jpg?fit=840%2C556&#038;ssl=1\" src=\"https:\/\/i0.wp.com\/www.jazzzeitung.de\/cms\/wp-content\/uploads\/2023\/03\/RITENOURLee%C2%A9Godehard.Lutz%40bayern-mail.de_IMGP3219_Bildgroesse-aendern.jpg?w=416&#038;h=416&#038;crop=1&#038;ssl=1\" width=\"416\" height=\"416\" loading=\"lazy\" data-original-width=\"416\" data-original-height=\"416\" itemprop=\"http:\/\/schema.org\/image\" title=\"RITENOUR,Lee\u00a9Godehard.Lutz@bayern-mail.de_IMGP3219_Bildgr\u00f6\u00dfe \u00e4ndern\" alt=\"Internationale Jazzwoche Burghausen\" style=\"width: 416px; height: 416px;\" \/> <\/a> <div class=\"tiled-gallery-caption\" itemprop=\"caption description\"> Fusion-Routinier Lee Ritenour leitet mit Anekdoten und alten Hits durch den Abend&#8230; <\/div> <\/div> <\/div> <div class=\"gallery-group\" style=\"width: 420px; height: 420px;\" data-original-width=\"420\" data-original-height=\"420\" > <div class=\"tiled-gallery-item \" itemprop=\"associatedMedia\" itemscope itemtype=\"http:\/\/schema.org\/ImageObject\"> <a href=\"https:\/\/www.jazzzeitung.de\/cms\/2023\/03\/52-internationale-jazzwoche-burghausen\/ritenourwesleygodehard-lutzbayern-mail-de_imgp3218_bildgroesse-aendern\/\" border=\"0\" itemprop=\"url\"> <meta itemprop=\"width\" content=\"416\"> <meta itemprop=\"height\" content=\"416\"> <img decoding=\"async\" class=\"\" data-attachment-id=\"29305\" data-orig-file=\"https:\/\/www.jazzzeitung.de\/cms\/wp-content\/uploads\/2023\/03\/RITENOURWesley\u00a9Godehard.Lutz@bayern-mail.de_IMGP3218_Bildgroesse-aendern.jpg\" data-orig-size=\"625,944\" data-comments-opened=\"1\" data-image-meta=\"{&quot;aperture&quot;:&quot;2.8&quot;,&quot;credit&quot;:&quot;Godehard LUTZ&quot;,&quot;camera&quot;:&quot;PENTAX K-30&quot;,&quot;caption&quot;:&quot;&quot;,&quot;created_timestamp&quot;:&quot;1679524549&quot;,&quot;copyright&quot;:&quot;Godehard.Lutz@maxi-dsl.de&quot;,&quot;focal_length&quot;:&quot;200&quot;,&quot;iso&quot;:&quot;1600&quot;,&quot;shutter_speed&quot;:&quot;0.004&quot;,&quot;title&quot;:&quot;&quot;,&quot;orientation&quot;:&quot;1&quot;}\" data-image-title=\"RITENOUR,Wesley\u00a9Godehard.Lutz@bayern-mail.de_IMGP3218_Bildgr\u00f6\u00dfe \u00e4ndern\" data-image-description=\"\" data-medium-file=\"https:\/\/i0.wp.com\/www.jazzzeitung.de\/cms\/wp-content\/uploads\/2023\/03\/RITENOURWesley%C2%A9Godehard.Lutz%40bayern-mail.de_IMGP3218_Bildgroesse-aendern.jpg?fit=199%2C300&#038;ssl=1\" data-large-file=\"https:\/\/i0.wp.com\/www.jazzzeitung.de\/cms\/wp-content\/uploads\/2023\/03\/RITENOURWesley%C2%A9Godehard.Lutz%40bayern-mail.de_IMGP3218_Bildgroesse-aendern.jpg?fit=397%2C600&#038;ssl=1\" src=\"https:\/\/i0.wp.com\/www.jazzzeitung.de\/cms\/wp-content\/uploads\/2023\/03\/RITENOURWesley%C2%A9Godehard.Lutz%40bayern-mail.de_IMGP3218_Bildgroesse-aendern.jpg?w=416&#038;h=416&#038;crop=1&#038;ssl=1\" width=\"416\" height=\"416\" loading=\"lazy\" data-original-width=\"416\" data-original-height=\"416\" itemprop=\"http:\/\/schema.org\/image\" title=\"RITENOUR,Wesley\u00a9Godehard.Lutz@bayern-mail.de_IMGP3218_Bildgr\u00f6\u00dfe \u00e4ndern\" alt=\"Internationale Jazzwoche Burghausen\" style=\"width: 416px; height: 416px;\" \/> <\/a> <div class=\"tiled-gallery-caption\" itemprop=\"caption description\"> &#8230; mit dabei die n\u00e4chste Generation: Sohn Wesley Ritenour am Schlagzeug | \u00a9 Lutz Godehard <\/div> <\/div> <\/div> <\/div> <\/div>\n<p>Der Einstieg gelang vielf\u00e4ltig und auf hohem Niveau beim Nachwuchs-Wettbewerb mit zwei Bands aus Italien und je einer aus den Niederlanden, Polen und Deutschland. Die Sieger, das Nils Kugelmann Trio aus M\u00fcnchen, gewannen verdient und sorgten beim Er\u00f6ffnungskonzert am n\u00e4chsten Tag gleich f\u00fcr den melodi\u00f6sen, vielseitigen, lebendigen und dynamischen Auftakt, der gleich auch zu einem Festival-Glanzlicht wurde. Dabei hatte sich das Trio mit Kugelmann am Bass, Sebastian Wolfgruber am Schlagzeug und Philipp Schiepek an der Gitarre, der den erkrankten Pianisten Luca Zambito mehr als nur ersetzte, erst zwei Tage zuvor zusammengespielt. Der Nachwuchsf\u00f6rderung hat sich auch Fusion-Gitarrenveteran Lee Ritenour verschrieben. Mit seinen Friends gestaltete er ein Retrokonzert, dabei sein Sohn Wesley. Dessen Namenspate, <span style=\"font-size: 1.125rem;\">Wes Montgomery, <\/span><span style=\"font-size: 1.125rem;\">war das Gitarren-Idol\u00a0 des Vaters, der mit Erz\u00e4hlungen aus seiner Karriere durch den Abend leitete, garniert mit seinen alten Hits von Jobims \u201eStoneflower\u201c \u00fcber \u201eCaptain Fingers\u201c bis zur Ballade f\u00fcr seine Mutter Pearl.\u00a0 Das war virtuos gespielt, klang aber doch etwas museal.<\/span><\/p>\n<h3>Von Blues bis Party<\/h3>\n<p>Attraktiv und gegens\u00e4tzlich war das Doppelkonzert am Donnerstag mit Heiri K\u00e4nzig&#8217;s Travelin&#8216; und Lakecia Benjamins Phoenix, das einen Platz am Wochenende verdient h\u00e4tte. Der Schweizer Bassist verarbeitete seine Reiseerinnerungen von Mombasa bis Istanbul und zur\u00fcck in die\u00a0 Schweiz zu spannenden und abwechslungsreichen Kompositionen. Neben den beiden Instrumenten-Br\u00fcdern Kontrabass und Oud war die Musik gepr\u00e4gt durch die wunderbaren Vokalisen von Veronika Stalder, die sich aufs feinste mit dem weichen Trompetenklang von Shems Bendali verbanden. Gewohnt expressiv, wie schon 2017 im Soulkonzert in der Wackerhalle, jetzt aber wesentlich jazziger, gestaltete die Altsaxophonistin den zweiten Teil des\u00a0 Abends ganz in Gold gewandet zum n\u00e4chsten Highlight. Ihr Tribute for Coltrane war durchg\u00e4ngig in ihrem Sound zu h\u00f6ren, nicht nur im John und Alice gewidmeten \u201eMy Favourite Things\u201c. Ihre freie und intensive Version von \u201eAmazing Grace\u201c erhob sich weit \u00fcber deren abgedroschene Varianten und wurde zur ergreifenden Hymne. Die ausgereifte Saxophonistin hat neben ihrem immer noch ausgepr\u00e4gten Hang der zur Show auch eine Verliebtheit in Triller. Zur neuen Klasse Benjamins passten auch ihre Mitspieler Zaccai Curtis am Piano, Ivan Taylor am Bass und EJ Strickland am Schlagzeug.<\/p>\n<div class=\"tiled-gallery type-rectangular tiled-gallery-unresized\" data-original-width=\"840\" data-carousel-extra='{&quot;blog_id&quot;:1,&quot;permalink&quot;:&quot;https:\\\/\\\/www.jazzzeitung.de\\\/cms\\\/2023\\\/03\\\/52-internationale-jazzwoche-burghausen\\\/&quot;,&quot;likes_blog_id&quot;:55446655}' itemscope itemtype=\"http:\/\/schema.org\/ImageGallery\" > <div class=\"gallery-row\" style=\"width: 840px; height: 593px;\" data-original-width=\"840\" data-original-height=\"593\" > <div class=\"gallery-group images-2\" style=\"width: 446px; height: 593px;\" data-original-width=\"446\" data-original-height=\"593\" > <div class=\"tiled-gallery-item tiled-gallery-item-large\" itemprop=\"associatedMedia\" itemscope itemtype=\"http:\/\/schema.org\/ImageObject\"> <a href=\"https:\/\/www.jazzzeitung.de\/cms\/2023\/03\/52-internationale-jazzwoche-burghausen\/kaenzigheiri_travelingodehard-lutzbayern-mail-de_imgp3242_bildgroesse-aendern\/\" border=\"0\" itemprop=\"url\"> <meta itemprop=\"width\" content=\"442\"> <meta itemprop=\"height\" content=\"293\"> <img decoding=\"async\" class=\"\" data-attachment-id=\"29296\" data-orig-file=\"https:\/\/www.jazzzeitung.de\/cms\/wp-content\/uploads\/2023\/03\/KAeNZIGHeiri_TRAVELIN\u00a9Godehard.Lutz@bayern-mail.de_IMGP3242_Bildgroesse-aendern.jpg\" data-orig-size=\"1417,939\" data-comments-opened=\"1\" data-image-meta=\"{&quot;aperture&quot;:&quot;2.8&quot;,&quot;credit&quot;:&quot;Godehard LUTZ&quot;,&quot;camera&quot;:&quot;PENTAX K-30&quot;,&quot;caption&quot;:&quot;&quot;,&quot;created_timestamp&quot;:&quot;1679603366&quot;,&quot;copyright&quot;:&quot;Godehard.Lutz@maxi-dsl.de&quot;,&quot;focal_length&quot;:&quot;28&quot;,&quot;iso&quot;:&quot;800&quot;,&quot;shutter_speed&quot;:&quot;0.016666666666667&quot;,&quot;title&quot;:&quot;&quot;,&quot;orientation&quot;:&quot;1&quot;}\" data-image-title=\"K\u00c4NZIG,Heiri_TRAVELIN&amp;#8217;\u00a9Godehard.Lutz@bayern-mail.de_IMGP3242_Bildgr\u00f6\u00dfe \u00e4ndern\" data-image-description=\"\" data-medium-file=\"https:\/\/i0.wp.com\/www.jazzzeitung.de\/cms\/wp-content\/uploads\/2023\/03\/KAeNZIGHeiri_TRAVELIN%C2%A9Godehard.Lutz%40bayern-mail.de_IMGP3242_Bildgroesse-aendern.jpg?fit=300%2C199&#038;ssl=1\" data-large-file=\"https:\/\/i0.wp.com\/www.jazzzeitung.de\/cms\/wp-content\/uploads\/2023\/03\/KAeNZIGHeiri_TRAVELIN%C2%A9Godehard.Lutz%40bayern-mail.de_IMGP3242_Bildgroesse-aendern.jpg?fit=840%2C556&#038;ssl=1\" src=\"https:\/\/i0.wp.com\/www.jazzzeitung.de\/cms\/wp-content\/uploads\/2023\/03\/KAeNZIGHeiri_TRAVELIN%C2%A9Godehard.Lutz%40bayern-mail.de_IMGP3242_Bildgroesse-aendern.jpg?w=442&#038;h=293&#038;ssl=1\" width=\"442\" height=\"293\" loading=\"lazy\" data-original-width=\"442\" data-original-height=\"293\" itemprop=\"http:\/\/schema.org\/image\" title=\"K\u00c4NZIG,Heiri_TRAVELIN&#039;\u00a9Godehard.Lutz@bayern-mail.de_IMGP3242_Bildgr\u00f6\u00dfe \u00e4ndern\" alt=\"Internationale Jazzwoche Burghausen\" style=\"width: 442px; height: 293px;\" \/> <\/a> <div class=\"tiled-gallery-caption\" itemprop=\"caption description\"> Bassist Heiri K\u00e4nzig musikalischer Reisebericht Travelin\u2019 mit Amine Mraihi (Oud). Veronika Stadlers Linien verschmelzen hervorragend mit&#8230; | \u00a9 Lutz Godehard <\/div> <\/div> <div class=\"tiled-gallery-item tiled-gallery-item-large\" itemprop=\"associatedMedia\" itemscope itemtype=\"http:\/\/schema.org\/ImageObject\"> <a href=\"https:\/\/www.jazzzeitung.de\/cms\/2023\/03\/52-internationale-jazzwoche-burghausen\/bendalishemsgodehard-lutzbayern-mail-de_imgp3251b_bildgroesse-aendern\/\" border=\"0\" itemprop=\"url\"> <meta itemprop=\"width\" content=\"442\"> <meta itemprop=\"height\" content=\"292\"> <img decoding=\"async\" class=\"\" data-attachment-id=\"29289\" data-orig-file=\"https:\/\/www.jazzzeitung.de\/cms\/wp-content\/uploads\/2023\/03\/BENDALIShems\u00a9Godehard.Lutz@bayern-mail.de_IMGP3251B_Bildgroesse-aendern.jpg\" data-orig-size=\"1417,939\" data-comments-opened=\"1\" data-image-meta=\"{&quot;aperture&quot;:&quot;2.8&quot;,&quot;credit&quot;:&quot;Godehard LUTZ&quot;,&quot;camera&quot;:&quot;PENTAX K-30&quot;,&quot;caption&quot;:&quot;&quot;,&quot;created_timestamp&quot;:&quot;1679605241&quot;,&quot;copyright&quot;:&quot;Godehard.Lutz@maxi-dsl.de&quot;,&quot;focal_length&quot;:&quot;200&quot;,&quot;iso&quot;:&quot;800&quot;,&quot;shutter_speed&quot;:&quot;0.003125&quot;,&quot;title&quot;:&quot;&quot;,&quot;orientation&quot;:&quot;1&quot;}\" data-image-title=\"BENDALI,Shems\u00a9Godehard.Lutz@bayern-mail.de_IMGP3251B_Bildgr\u00f6\u00dfe \u00e4ndern\" data-image-description=\"\" data-medium-file=\"https:\/\/i0.wp.com\/www.jazzzeitung.de\/cms\/wp-content\/uploads\/2023\/03\/BENDALIShems%C2%A9Godehard.Lutz%40bayern-mail.de_IMGP3251B_Bildgroesse-aendern.jpg?fit=300%2C199&#038;ssl=1\" data-large-file=\"https:\/\/i0.wp.com\/www.jazzzeitung.de\/cms\/wp-content\/uploads\/2023\/03\/BENDALIShems%C2%A9Godehard.Lutz%40bayern-mail.de_IMGP3251B_Bildgroesse-aendern.jpg?fit=840%2C556&#038;ssl=1\" src=\"https:\/\/i0.wp.com\/www.jazzzeitung.de\/cms\/wp-content\/uploads\/2023\/03\/BENDALIShems%C2%A9Godehard.Lutz%40bayern-mail.de_IMGP3251B_Bildgroesse-aendern.jpg?w=442&#038;h=292&#038;ssl=1\" width=\"442\" height=\"292\" loading=\"lazy\" data-original-width=\"442\" data-original-height=\"292\" itemprop=\"http:\/\/schema.org\/image\" title=\"BENDALI,Shems\u00a9Godehard.Lutz@bayern-mail.de_IMGP3251B_Bildgr\u00f6\u00dfe \u00e4ndern\" alt=\"Internationale Jazzwoche Burghausen\" style=\"width: 442px; height: 292px;\" \/> <\/a> <div class=\"tiled-gallery-caption\" itemprop=\"caption description\"> &#8230; Trompeter Shems Bendali. | \u00a9 Lutz Godehard <\/div> <\/div> <\/div> <!-- close group --> <div class=\"gallery-group images-1\" style=\"width: 394px; height: 593px;\" data-original-width=\"394\" data-original-height=\"593\" > <div class=\"tiled-gallery-item tiled-gallery-item-large\" itemprop=\"associatedMedia\" itemscope itemtype=\"http:\/\/schema.org\/ImageObject\"> <a href=\"https:\/\/www.jazzzeitung.de\/cms\/2023\/03\/52-internationale-jazzwoche-burghausen\/benjaminlakeciagodehard-lutzbayern-mail-de_imgp3289_bildgroesse-aendern\/\" border=\"0\" itemprop=\"url\"> <meta itemprop=\"width\" content=\"390\"> <meta itemprop=\"height\" content=\"589\"> <img decoding=\"async\" class=\"\" data-attachment-id=\"29291\" data-orig-file=\"https:\/\/www.jazzzeitung.de\/cms\/wp-content\/uploads\/2023\/03\/BENJAMINLakecia\u00a9Godehard.Lutz@bayern-mail.de_IMGP3289_Bildgroesse-aendern.jpg\" data-orig-size=\"625,944\" data-comments-opened=\"1\" data-image-meta=\"{&quot;aperture&quot;:&quot;2.8&quot;,&quot;credit&quot;:&quot;Godehard LUTZ&quot;,&quot;camera&quot;:&quot;PENTAX K-30&quot;,&quot;caption&quot;:&quot;&quot;,&quot;created_timestamp&quot;:&quot;1679610054&quot;,&quot;copyright&quot;:&quot;Godehard.Lutz@maxi-dsl.de&quot;,&quot;focal_length&quot;:&quot;200&quot;,&quot;iso&quot;:&quot;1600&quot;,&quot;shutter_speed&quot;:&quot;0.004&quot;,&quot;title&quot;:&quot;&quot;,&quot;orientation&quot;:&quot;1&quot;}\" data-image-title=\"BENJAMIN,Lakecia\u00a9Godehard.Lutz@bayern-mail.de_IMGP3289_Bildgr\u00f6\u00dfe \u00e4ndern\" data-image-description=\"\" data-medium-file=\"https:\/\/i0.wp.com\/www.jazzzeitung.de\/cms\/wp-content\/uploads\/2023\/03\/BENJAMINLakecia%C2%A9Godehard.Lutz%40bayern-mail.de_IMGP3289_Bildgroesse-aendern.jpg?fit=199%2C300&#038;ssl=1\" data-large-file=\"https:\/\/i0.wp.com\/www.jazzzeitung.de\/cms\/wp-content\/uploads\/2023\/03\/BENJAMINLakecia%C2%A9Godehard.Lutz%40bayern-mail.de_IMGP3289_Bildgroesse-aendern.jpg?fit=397%2C600&#038;ssl=1\" src=\"https:\/\/i0.wp.com\/www.jazzzeitung.de\/cms\/wp-content\/uploads\/2023\/03\/BENJAMINLakecia%C2%A9Godehard.Lutz%40bayern-mail.de_IMGP3289_Bildgroesse-aendern.jpg?w=390&#038;h=589&#038;ssl=1\" width=\"390\" height=\"589\" loading=\"lazy\" data-original-width=\"390\" data-original-height=\"589\" itemprop=\"http:\/\/schema.org\/image\" title=\"BENJAMIN,Lakecia\u00a9Godehard.Lutz@bayern-mail.de_IMGP3289_Bildgr\u00f6\u00dfe \u00e4ndern\" alt=\"Internationale Jazzwoche Burghausen\" style=\"width: 390px; height: 589px;\" \/> <\/a> <div class=\"tiled-gallery-caption\" itemprop=\"caption description\"> Ton in Ton mit ihrem Saxophon: Die trillernde Lakecia Benjamin tritt schillernd in Erscheinung. | \u00a9 Lutz Godehard <\/div> <\/div> <\/div> <!-- close group --> <\/div> <!-- close row --> <div class=\"gallery-row\" style=\"width: 840px; height: 387px;\" data-original-width=\"840\" data-original-height=\"387\" > <div class=\"gallery-group images-1\" style=\"width: 582px; height: 387px;\" data-original-width=\"582\" data-original-height=\"387\" > <div class=\"tiled-gallery-item tiled-gallery-item-large\" itemprop=\"associatedMedia\" itemscope itemtype=\"http:\/\/schema.org\/ImageObject\"> <a href=\"https:\/\/www.jazzzeitung.de\/cms\/2023\/03\/52-internationale-jazzwoche-burghausen\/stricklandejgodehard-lutzbayern-mail-de_imgp3271_bildgroesse-aendern-blauweg\/\" border=\"0\" itemprop=\"url\"> <meta itemprop=\"width\" content=\"578\"> <meta itemprop=\"height\" content=\"383\"> <img decoding=\"async\" class=\"\" data-attachment-id=\"29308\" data-orig-file=\"https:\/\/www.jazzzeitung.de\/cms\/wp-content\/uploads\/2023\/03\/STRICKLANDEJ\u00a9Godehard.Lutz@bayern-mail.de_IMGP3271_Bildgroesse-aendern-Blauweg.jpg\" data-orig-size=\"1417,939\" data-comments-opened=\"1\" data-image-meta=\"{&quot;aperture&quot;:&quot;2.8&quot;,&quot;credit&quot;:&quot;Godehard LUTZ&quot;,&quot;camera&quot;:&quot;PENTAX K-30&quot;,&quot;caption&quot;:&quot;&quot;,&quot;created_timestamp&quot;:&quot;1679608878&quot;,&quot;copyright&quot;:&quot;Godehard.Lutz@maxi-dsl.de&quot;,&quot;focal_length&quot;:&quot;200&quot;,&quot;iso&quot;:&quot;3200&quot;,&quot;shutter_speed&quot;:&quot;0.004&quot;,&quot;title&quot;:&quot;&quot;,&quot;orientation&quot;:&quot;1&quot;}\" data-image-title=\"STRICKLAND,EJ\u00a9Godehard.Lutz@bayern-mail.de_IMGP3271_Bildgr\u00f6\u00dfe \u00e4ndern Blauweg\" data-image-description=\"\" data-medium-file=\"https:\/\/i0.wp.com\/www.jazzzeitung.de\/cms\/wp-content\/uploads\/2023\/03\/STRICKLANDEJ%C2%A9Godehard.Lutz%40bayern-mail.de_IMGP3271_Bildgroesse-aendern-Blauweg.jpg?fit=300%2C199&#038;ssl=1\" data-large-file=\"https:\/\/i0.wp.com\/www.jazzzeitung.de\/cms\/wp-content\/uploads\/2023\/03\/STRICKLANDEJ%C2%A9Godehard.Lutz%40bayern-mail.de_IMGP3271_Bildgroesse-aendern-Blauweg.jpg?fit=840%2C556&#038;ssl=1\" src=\"https:\/\/i0.wp.com\/www.jazzzeitung.de\/cms\/wp-content\/uploads\/2023\/03\/STRICKLANDEJ%C2%A9Godehard.Lutz%40bayern-mail.de_IMGP3271_Bildgroesse-aendern-Blauweg.jpg?w=578&#038;h=383&#038;ssl=1\" width=\"578\" height=\"383\" loading=\"lazy\" data-original-width=\"578\" data-original-height=\"383\" itemprop=\"http:\/\/schema.org\/image\" title=\"STRICKLAND,EJ\u00a9Godehard.Lutz@bayern-mail.de_IMGP3271_Bildgr\u00f6\u00dfe \u00e4ndern Blauweg\" alt=\"Internationale Jazzwoche Burghausen\" style=\"width: 578px; height: 383px;\" \/> <\/a> <div class=\"tiled-gallery-caption\" itemprop=\"caption description\"> Auch Benjamins Band erf\u00fcllt den Goldstandard: Beispielhaft der Drummer EJ Strickland. | \u00a9 Lutz Godehard <\/div> <\/div> <\/div> <!-- close group --> <div class=\"gallery-group images-1\" style=\"width: 258px; height: 387px;\" data-original-width=\"258\" data-original-height=\"387\" > <div class=\"tiled-gallery-item tiled-gallery-item-large\" itemprop=\"associatedMedia\" itemscope itemtype=\"http:\/\/schema.org\/ImageObject\"> <a href=\"https:\/\/www.jazzzeitung.de\/cms\/2023\/03\/52-internationale-jazzwoche-burghausen\/benjaminlakeciagodehard-lutzbayern-mail-de_imgp3284b_bildgroesse-aendern\/\" border=\"0\" itemprop=\"url\"> <meta itemprop=\"width\" content=\"254\"> <meta itemprop=\"height\" content=\"383\"> <img decoding=\"async\" class=\"\" data-attachment-id=\"29290\" data-orig-file=\"https:\/\/www.jazzzeitung.de\/cms\/wp-content\/uploads\/2023\/03\/BENJAMINLakecia\u00a9Godehard.Lutz@bayern-mail.de_IMGP3284B_Bildgroesse-aendern.jpg\" data-orig-size=\"625,944\" data-comments-opened=\"1\" data-image-meta=\"{&quot;aperture&quot;:&quot;3.2&quot;,&quot;credit&quot;:&quot;Godehard LUTZ&quot;,&quot;camera&quot;:&quot;PENTAX K-30&quot;,&quot;caption&quot;:&quot;&quot;,&quot;created_timestamp&quot;:&quot;1679609860&quot;,&quot;copyright&quot;:&quot;Godehard.Lutz@maxi-dsl.de&quot;,&quot;focal_length&quot;:&quot;80&quot;,&quot;iso&quot;:&quot;800&quot;,&quot;shutter_speed&quot;:&quot;0.004&quot;,&quot;title&quot;:&quot;&quot;,&quot;orientation&quot;:&quot;1&quot;}\" data-image-title=\"BENJAMIN,Lakecia\u00a9Godehard.Lutz@bayern-mail.de_IMGP3284B_Bildgr\u00f6\u00dfe \u00e4ndern\" data-image-description=\"\" data-medium-file=\"https:\/\/i0.wp.com\/www.jazzzeitung.de\/cms\/wp-content\/uploads\/2023\/03\/BENJAMINLakecia%C2%A9Godehard.Lutz%40bayern-mail.de_IMGP3284B_Bildgroesse-aendern.jpg?fit=199%2C300&#038;ssl=1\" data-large-file=\"https:\/\/i0.wp.com\/www.jazzzeitung.de\/cms\/wp-content\/uploads\/2023\/03\/BENJAMINLakecia%C2%A9Godehard.Lutz%40bayern-mail.de_IMGP3284B_Bildgroesse-aendern.jpg?fit=397%2C600&#038;ssl=1\" src=\"https:\/\/i0.wp.com\/www.jazzzeitung.de\/cms\/wp-content\/uploads\/2023\/03\/BENJAMINLakecia%C2%A9Godehard.Lutz%40bayern-mail.de_IMGP3284B_Bildgroesse-aendern.jpg?w=254&#038;h=383&#038;ssl=1\" width=\"254\" height=\"383\" loading=\"lazy\" data-original-width=\"254\" data-original-height=\"383\" itemprop=\"http:\/\/schema.org\/image\" title=\"BENJAMIN,Lakecia\u00a9Godehard.Lutz@bayern-mail.de_IMGP3284B_Bildgr\u00f6\u00dfe \u00e4ndern\" alt=\"Internationale Jazzwoche Burghausen\" style=\"width: 254px; height: 383px;\" \/> <\/a> <div class=\"tiled-gallery-caption\" itemprop=\"caption description\"> Ihr \u201eAmazing Grace\u201d hat man selten so originell und ergreifend geh\u00f6rt. | \u00a9 Lutz Godehard <\/div> <\/div> <\/div> <!-- close group --> <\/div> <!-- close row --> <div class=\"gallery-row\" style=\"width: 840px; height: 721px;\" data-original-width=\"840\" data-original-height=\"721\" > <div class=\"gallery-group images-3\" style=\"width: 361px; height: 721px;\" data-original-width=\"361\" data-original-height=\"721\" > <div class=\"tiled-gallery-item tiled-gallery-item-large\" itemprop=\"associatedMedia\" itemscope itemtype=\"http:\/\/schema.org\/ImageObject\"> <a href=\"https:\/\/www.jazzzeitung.de\/cms\/2023\/03\/52-internationale-jazzwoche-burghausen\/supergombogodehard-lutzbayern-mail-de_imgp3323d_bildgroesse-aendern\/\" border=\"0\" itemprop=\"url\"> <meta itemprop=\"width\" content=\"357\"> <meta itemprop=\"height\" content=\"236\"> <img decoding=\"async\" class=\"\" data-attachment-id=\"29309\" data-orig-file=\"https:\/\/www.jazzzeitung.de\/cms\/wp-content\/uploads\/2023\/03\/SUPERGOMBO\u00a9Godehard.Lutz@bayern-mail.de_IMGP3323D_Bildgroesse-aendern.jpg\" data-orig-size=\"1417,938\" data-comments-opened=\"1\" data-image-meta=\"{&quot;aperture&quot;:&quot;2.8&quot;,&quot;credit&quot;:&quot;Godehard LUTZ&quot;,&quot;camera&quot;:&quot;PENTAX K-30&quot;,&quot;caption&quot;:&quot;&quot;,&quot;created_timestamp&quot;:&quot;1648153298&quot;,&quot;copyright&quot;:&quot;Godehard.Lutz@maxi-dsl.de&quot;,&quot;focal_length&quot;:&quot;28&quot;,&quot;iso&quot;:&quot;800&quot;,&quot;shutter_speed&quot;:&quot;0.01&quot;,&quot;title&quot;:&quot;&quot;,&quot;orientation&quot;:&quot;1&quot;}\" data-image-title=\"SUPERGOMBO\u00a9Godehard.Lutz@bayern-mail.de_IMGP3323D_Bildgr\u00f6\u00dfe \u00e4ndern\" data-image-description=\"\" data-medium-file=\"https:\/\/i0.wp.com\/www.jazzzeitung.de\/cms\/wp-content\/uploads\/2023\/03\/SUPERGOMBO%C2%A9Godehard.Lutz%40bayern-mail.de_IMGP3323D_Bildgroesse-aendern.jpg?fit=300%2C199&#038;ssl=1\" data-large-file=\"https:\/\/i0.wp.com\/www.jazzzeitung.de\/cms\/wp-content\/uploads\/2023\/03\/SUPERGOMBO%C2%A9Godehard.Lutz%40bayern-mail.de_IMGP3323D_Bildgroesse-aendern.jpg?fit=840%2C556&#038;ssl=1\" src=\"https:\/\/i0.wp.com\/www.jazzzeitung.de\/cms\/wp-content\/uploads\/2023\/03\/SUPERGOMBO%C2%A9Godehard.Lutz%40bayern-mail.de_IMGP3323D_Bildgroesse-aendern.jpg?w=357&#038;h=236&#038;ssl=1\" width=\"357\" height=\"236\" loading=\"lazy\" data-original-width=\"357\" data-original-height=\"236\" itemprop=\"http:\/\/schema.org\/image\" title=\"SUPERGOMBO\u00a9Godehard.Lutz@bayern-mail.de_IMGP3323D_Bildgr\u00f6\u00dfe \u00e4ndern\" alt=\"Internationale Jazzwoche Burghausen\" style=\"width: 357px; height: 236px;\" \/> <\/a> <div class=\"tiled-gallery-caption\" itemprop=\"caption description\"> Supergombo regt zum Tanzen und Fragen an: Geh\u00f6ren Party-Rhythmen und Animations-Show auf ein Jazzfestival? | \u00a9 Lutz Godehard <\/div> <\/div> <div class=\"tiled-gallery-item tiled-gallery-item-large\" itemprop=\"associatedMedia\" itemscope itemtype=\"http:\/\/schema.org\/ImageObject\"> <a href=\"https:\/\/www.jazzzeitung.de\/cms\/2023\/03\/52-internationale-jazzwoche-burghausen\/nealtash-bwillie-randolphlanesha-randolphrobertgodehard-lutzbayern-mail-de_imgp3350_bildgroesse-aendern\/\" border=\"0\" itemprop=\"url\"> <meta itemprop=\"width\" content=\"357\"> <meta itemprop=\"height\" content=\"237\"> <img decoding=\"async\" class=\"\" data-attachment-id=\"29300\" data-orig-file=\"https:\/\/www.jazzzeitung.de\/cms\/wp-content\/uploads\/2023\/03\/NEALTash-BWillie-RANDOLPHLanesha-RANDOLPHRobert\u00a9Godehard.Lutz@bayern-mail.de_IMGP3350_Bildgroesse-aendern.jpg\" data-orig-size=\"1417,939\" data-comments-opened=\"1\" data-image-meta=\"{&quot;aperture&quot;:&quot;2.8&quot;,&quot;credit&quot;:&quot;Godehard LUTZ&quot;,&quot;camera&quot;:&quot;PENTAX K-30&quot;,&quot;caption&quot;:&quot;&quot;,&quot;created_timestamp&quot;:&quot;1648160342&quot;,&quot;copyright&quot;:&quot;Godehard.Lutz@maxi-dsl.de&quot;,&quot;focal_length&quot;:&quot;43&quot;,&quot;iso&quot;:&quot;800&quot;,&quot;shutter_speed&quot;:&quot;0.0125&quot;,&quot;title&quot;:&quot;&quot;,&quot;orientation&quot;:&quot;1&quot;}\" data-image-title=\"NEAL,Tash-B,Willie-RANDOLPH,Lanesha-RANDOLPH,Robert\u00a9Godehard.Lutz@bayern-mail.de_IMGP3350_Bildgr\u00f6\u00dfe \u00e4ndern\" data-image-description=\"\" data-medium-file=\"https:\/\/i0.wp.com\/www.jazzzeitung.de\/cms\/wp-content\/uploads\/2023\/03\/NEALTash-BWillie-RANDOLPHLanesha-RANDOLPHRobert%C2%A9Godehard.Lutz%40bayern-mail.de_IMGP3350_Bildgroesse-aendern.jpg?fit=300%2C199&#038;ssl=1\" data-large-file=\"https:\/\/i0.wp.com\/www.jazzzeitung.de\/cms\/wp-content\/uploads\/2023\/03\/NEALTash-BWillie-RANDOLPHLanesha-RANDOLPHRobert%C2%A9Godehard.Lutz%40bayern-mail.de_IMGP3350_Bildgroesse-aendern.jpg?fit=840%2C556&#038;ssl=1\" src=\"https:\/\/i0.wp.com\/www.jazzzeitung.de\/cms\/wp-content\/uploads\/2023\/03\/NEALTash-BWillie-RANDOLPHLanesha-RANDOLPHRobert%C2%A9Godehard.Lutz%40bayern-mail.de_IMGP3350_Bildgroesse-aendern.jpg?w=357&#038;h=237&#038;ssl=1\" width=\"357\" height=\"237\" loading=\"lazy\" data-original-width=\"357\" data-original-height=\"237\" itemprop=\"http:\/\/schema.org\/image\" title=\"NEAL,Tash-B,Willie-RANDOLPH,Lanesha-RANDOLPH,Robert\u00a9Godehard.Lutz@bayern-mail.de_IMGP3350_Bildgr\u00f6\u00dfe \u00e4ndern\" alt=\"Internationale Jazzwoche Burghausen\" style=\"width: 357px; height: 237px;\" \/> <\/a> <div class=\"tiled-gallery-caption\" itemprop=\"caption description\"> Die bluesige Robert Randolph Band mit Tash-B Willie Neal, Lanesha und Robert Randolph | \u00a9 Lutz Godehard <\/div> <\/div> <div class=\"tiled-gallery-item tiled-gallery-item-large\" itemprop=\"associatedMedia\" itemscope itemtype=\"http:\/\/schema.org\/ImageObject\"> <a href=\"https:\/\/www.jazzzeitung.de\/cms\/2023\/03\/52-internationale-jazzwoche-burghausen\/randolphrobertgodehard-lutzbayern-mail-de_imgp3356_bildgroesse-aendern\/\" border=\"0\" itemprop=\"url\"> <meta itemprop=\"width\" content=\"357\"> <meta itemprop=\"height\" content=\"236\"> <img decoding=\"async\" class=\"\" data-attachment-id=\"29302\" data-orig-file=\"https:\/\/www.jazzzeitung.de\/cms\/wp-content\/uploads\/2023\/03\/RANDOLPHRobert\u00a9Godehard.Lutz@bayern-mail.de_IMGP3356_Bildgroesse-aendern.jpg\" data-orig-size=\"1417,939\" data-comments-opened=\"1\" data-image-meta=\"{&quot;aperture&quot;:&quot;2.8&quot;,&quot;credit&quot;:&quot;Godehard LUTZ&quot;,&quot;camera&quot;:&quot;PENTAX K-30&quot;,&quot;caption&quot;:&quot;&quot;,&quot;created_timestamp&quot;:&quot;1648160983&quot;,&quot;copyright&quot;:&quot;Godehard.Lutz@maxi-dsl.de&quot;,&quot;focal_length&quot;:&quot;148&quot;,&quot;iso&quot;:&quot;6400&quot;,&quot;shutter_speed&quot;:&quot;0.00625&quot;,&quot;title&quot;:&quot;&quot;,&quot;orientation&quot;:&quot;1&quot;}\" data-image-title=\"RANDOLPH,Robert\u00a9Godehard.Lutz@bayern-mail.de_IMGP3356_Bildgr\u00f6\u00dfe \u00e4ndern\" data-image-description=\"\" data-medium-file=\"https:\/\/i0.wp.com\/www.jazzzeitung.de\/cms\/wp-content\/uploads\/2023\/03\/RANDOLPHRobert%C2%A9Godehard.Lutz%40bayern-mail.de_IMGP3356_Bildgroesse-aendern.jpg?fit=300%2C199&#038;ssl=1\" data-large-file=\"https:\/\/i0.wp.com\/www.jazzzeitung.de\/cms\/wp-content\/uploads\/2023\/03\/RANDOLPHRobert%C2%A9Godehard.Lutz%40bayern-mail.de_IMGP3356_Bildgroesse-aendern.jpg?fit=840%2C556&#038;ssl=1\" src=\"https:\/\/i0.wp.com\/www.jazzzeitung.de\/cms\/wp-content\/uploads\/2023\/03\/RANDOLPHRobert%C2%A9Godehard.Lutz%40bayern-mail.de_IMGP3356_Bildgroesse-aendern.jpg?w=357&#038;h=236&#038;ssl=1\" width=\"357\" height=\"236\" loading=\"lazy\" data-original-width=\"357\" data-original-height=\"236\" itemprop=\"http:\/\/schema.org\/image\" title=\"RANDOLPH,Robert\u00a9Godehard.Lutz@bayern-mail.de_IMGP3356_Bildgr\u00f6\u00dfe \u00e4ndern\" alt=\"Internationale Jazzwoche Burghausen\" style=\"width: 357px; height: 236px;\" \/> <\/a> <div class=\"tiled-gallery-caption\" itemprop=\"caption description\"> Randolph muss auf der B\u00fchne der Internetionalen Jazzwoche Burghausen kurzerhand eine Saite seiner Pedal Steel Guitar wechseln &#8230; | \u00a9 Lutz Godehard <\/div> <\/div> <\/div> <!-- close group --> <div class=\"gallery-group images-1\" style=\"width: 479px; height: 721px;\" data-original-width=\"479\" data-original-height=\"721\" > <div class=\"tiled-gallery-item tiled-gallery-item-large\" itemprop=\"associatedMedia\" itemscope itemtype=\"http:\/\/schema.org\/ImageObject\"> <a href=\"https:\/\/www.jazzzeitung.de\/cms\/2023\/03\/52-internationale-jazzwoche-burghausen\/randolphrobertgodehard-lutzbayern-mail-de_imgp3367_bildgroesse-aendern\/\" border=\"0\" itemprop=\"url\"> <meta itemprop=\"width\" content=\"475\"> <meta itemprop=\"height\" content=\"717\"> <img decoding=\"async\" class=\"\" data-attachment-id=\"29303\" data-orig-file=\"https:\/\/www.jazzzeitung.de\/cms\/wp-content\/uploads\/2023\/03\/RANDOLPHRobert\u00a9Godehard.Lutz@bayern-mail.de_IMGP3367_Bildgroesse-aendern.jpg\" data-orig-size=\"625,944\" data-comments-opened=\"1\" data-image-meta=\"{&quot;aperture&quot;:&quot;2.8&quot;,&quot;credit&quot;:&quot;Godehard LUTZ&quot;,&quot;camera&quot;:&quot;PENTAX K-30&quot;,&quot;caption&quot;:&quot;&quot;,&quot;created_timestamp&quot;:&quot;1648161486&quot;,&quot;copyright&quot;:&quot;Godehard.Lutz@maxi-dsl.de&quot;,&quot;focal_length&quot;:&quot;80&quot;,&quot;iso&quot;:&quot;3200&quot;,&quot;shutter_speed&quot;:&quot;0.008&quot;,&quot;title&quot;:&quot;&quot;,&quot;orientation&quot;:&quot;1&quot;}\" data-image-title=\"RANDOLPH,Robert\u00a9Godehard.Lutz@bayern-mail.de_IMGP3367_Bildgr\u00f6\u00dfe \u00e4ndern\" data-image-description=\"\" data-medium-file=\"https:\/\/i0.wp.com\/www.jazzzeitung.de\/cms\/wp-content\/uploads\/2023\/03\/RANDOLPHRobert%C2%A9Godehard.Lutz%40bayern-mail.de_IMGP3367_Bildgroesse-aendern.jpg?fit=199%2C300&#038;ssl=1\" data-large-file=\"https:\/\/i0.wp.com\/www.jazzzeitung.de\/cms\/wp-content\/uploads\/2023\/03\/RANDOLPHRobert%C2%A9Godehard.Lutz%40bayern-mail.de_IMGP3367_Bildgroesse-aendern.jpg?fit=397%2C600&#038;ssl=1\" src=\"https:\/\/i0.wp.com\/www.jazzzeitung.de\/cms\/wp-content\/uploads\/2023\/03\/RANDOLPHRobert%C2%A9Godehard.Lutz%40bayern-mail.de_IMGP3367_Bildgroesse-aendern.jpg?w=475&#038;h=717&#038;ssl=1\" width=\"475\" height=\"717\" loading=\"lazy\" data-original-width=\"475\" data-original-height=\"717\" itemprop=\"http:\/\/schema.org\/image\" title=\"RANDOLPH,Robert\u00a9Godehard.Lutz@bayern-mail.de_IMGP3367_Bildgr\u00f6\u00dfe \u00e4ndern\" alt=\"Internationale Jazzwoche Burghausen\" style=\"width: 475px; height: 717px;\" \/> <\/a> <div class=\"tiled-gallery-caption\" itemprop=\"caption description\"> &#8230; dem Auftritt tut das keinen Abbruch. | \u00a9 Lutz Godehard <\/div> <\/div> <\/div> <!-- close group --> <\/div> <!-- close row --> <div class=\"gallery-row\" style=\"width: 840px; height: 280px;\" data-original-width=\"840\" data-original-height=\"280\" > <div class=\"gallery-group images-1\" style=\"width: 420px; height: 280px;\" data-original-width=\"420\" data-original-height=\"280\" > <div class=\"tiled-gallery-item tiled-gallery-item-large\" itemprop=\"associatedMedia\" itemscope itemtype=\"http:\/\/schema.org\/ImageObject\"> <a href=\"https:\/\/www.jazzzeitung.de\/cms\/2023\/03\/52-internationale-jazzwoche-burghausen\/ms-tonia-lynntrudygodehard-lutzbayern-mail-de_imgp3391-jpg_bildgroesse-aendern\/\" border=\"0\" itemprop=\"url\"> <meta itemprop=\"width\" content=\"416\"> <meta itemprop=\"height\" content=\"276\"> <img decoding=\"async\" class=\"\" data-attachment-id=\"29299\" data-orig-file=\"https:\/\/www.jazzzeitung.de\/cms\/wp-content\/uploads\/2023\/03\/MS.Tonia-LYNNTrudy\u00a9Godehard.Lutz@bayern-mail.de_IMGP3391.jpg_Bildgroesse-aendern.jpg\" data-orig-size=\"1417,939\" data-comments-opened=\"1\" data-image-meta=\"{&quot;aperture&quot;:&quot;2.8&quot;,&quot;credit&quot;:&quot;Godehard LUTZ&quot;,&quot;camera&quot;:&quot;PENTAX K-30&quot;,&quot;caption&quot;:&quot;&quot;,&quot;created_timestamp&quot;:&quot;1679751397&quot;,&quot;copyright&quot;:&quot;Godehard.Lutz@maxi-dsl.de&quot;,&quot;focal_length&quot;:&quot;95&quot;,&quot;iso&quot;:&quot;3200&quot;,&quot;shutter_speed&quot;:&quot;0.00625&quot;,&quot;title&quot;:&quot;&quot;,&quot;orientation&quot;:&quot;1&quot;}\" data-image-title=\"MS.Tonia-LYNN,Trudy\u00a9Godehard.Lutz@bayern-mail.de_IMGP3391.jpg_Bildgr\u00f6\u00dfe \u00e4ndern\" data-image-description=\"\" data-medium-file=\"https:\/\/i0.wp.com\/www.jazzzeitung.de\/cms\/wp-content\/uploads\/2023\/03\/MS.Tonia-LYNNTrudy%C2%A9Godehard.Lutz%40bayern-mail.de_IMGP3391.jpg_Bildgroesse-aendern.jpg?fit=300%2C199&#038;ssl=1\" data-large-file=\"https:\/\/i0.wp.com\/www.jazzzeitung.de\/cms\/wp-content\/uploads\/2023\/03\/MS.Tonia-LYNNTrudy%C2%A9Godehard.Lutz%40bayern-mail.de_IMGP3391.jpg_Bildgroesse-aendern.jpg?fit=840%2C556&#038;ssl=1\" src=\"https:\/\/i0.wp.com\/www.jazzzeitung.de\/cms\/wp-content\/uploads\/2023\/03\/MS.Tonia-LYNNTrudy%C2%A9Godehard.Lutz%40bayern-mail.de_IMGP3391.jpg_Bildgroesse-aendern.jpg?w=416&#038;h=276&#038;ssl=1\" width=\"416\" height=\"276\" loading=\"lazy\" data-original-width=\"416\" data-original-height=\"276\" itemprop=\"http:\/\/schema.org\/image\" title=\"MS.Tonia-LYNN,Trudy\u00a9Godehard.Lutz@bayern-mail.de_IMGP3391.jpg_Bildgr\u00f6\u00dfe \u00e4ndern\" alt=\"Internationale Jazzwoche Burghausen\" style=\"width: 416px; height: 276px;\" \/> <\/a> <div class=\"tiled-gallery-caption\" itemprop=\"caption description\"> Zwei Highlights f\u00fcr Freunde des traditionellen Blues waren S\u00e4ngerin Trudy Lynn (Tonia MS am Schlagzeug) &#8230; | \u00a9 Lutz Godehard <\/div> <\/div> <\/div> <!-- close group --> <div class=\"gallery-group images-1\" style=\"width: 420px; height: 280px;\" data-original-width=\"420\" data-original-height=\"280\" > <div class=\"tiled-gallery-item tiled-gallery-item-large\" itemprop=\"associatedMedia\" itemscope itemtype=\"http:\/\/schema.org\/ImageObject\"> <a href=\"https:\/\/www.jazzzeitung.de\/cms\/2023\/03\/52-internationale-jazzwoche-burghausen\/cannontoronzogodehard-lutzbayern-mail-de_imgp3414_bildgroesse-aendern\/\" border=\"0\" itemprop=\"url\"> <meta itemprop=\"width\" content=\"416\"> <meta itemprop=\"height\" content=\"276\"> <img decoding=\"async\" class=\"\" data-attachment-id=\"29292\" data-orig-file=\"https:\/\/www.jazzzeitung.de\/cms\/wp-content\/uploads\/2023\/03\/CANNONToronzo\u00a9Godehard.Lutz@bayern-mail.de_IMGP3414_Bildgroesse-aendern.jpg\" data-orig-size=\"1417,939\" data-comments-opened=\"1\" data-image-meta=\"{&quot;aperture&quot;:&quot;2.8&quot;,&quot;credit&quot;:&quot;Godehard LUTZ&quot;,&quot;camera&quot;:&quot;PENTAX K-30&quot;,&quot;caption&quot;:&quot;&quot;,&quot;created_timestamp&quot;:&quot;1679758821&quot;,&quot;copyright&quot;:&quot;Godehard.Lutz@maxi-dsl.de&quot;,&quot;focal_length&quot;:&quot;80&quot;,&quot;iso&quot;:&quot;3200&quot;,&quot;shutter_speed&quot;:&quot;0.008&quot;,&quot;title&quot;:&quot;&quot;,&quot;orientation&quot;:&quot;1&quot;}\" data-image-title=\"CANNON,Toronzo\u00a9Godehard.Lutz@bayern-mail.de_IMGP3414_Bildgr\u00f6\u00dfe \u00e4ndern\" data-image-description=\"&lt;p&gt;Burghausen Internationale Jazzwoche. Toronzo Cannon. Gitarrist mit Sonnenbrille und Hut. Rote Gitarre. \u00a9 Lutz Godehard&lt;\/p&gt; \" data-medium-file=\"https:\/\/i0.wp.com\/www.jazzzeitung.de\/cms\/wp-content\/uploads\/2023\/03\/CANNONToronzo%C2%A9Godehard.Lutz%40bayern-mail.de_IMGP3414_Bildgroesse-aendern.jpg?fit=300%2C199&#038;ssl=1\" data-large-file=\"https:\/\/i0.wp.com\/www.jazzzeitung.de\/cms\/wp-content\/uploads\/2023\/03\/CANNONToronzo%C2%A9Godehard.Lutz%40bayern-mail.de_IMGP3414_Bildgroesse-aendern.jpg?fit=840%2C556&#038;ssl=1\" src=\"https:\/\/i0.wp.com\/www.jazzzeitung.de\/cms\/wp-content\/uploads\/2023\/03\/CANNONToronzo%C2%A9Godehard.Lutz%40bayern-mail.de_IMGP3414_Bildgroesse-aendern.jpg?w=416&#038;h=276&#038;ssl=1\" width=\"416\" height=\"276\" loading=\"lazy\" data-original-width=\"416\" data-original-height=\"276\" itemprop=\"http:\/\/schema.org\/image\" title=\"CANNON,Toronzo\u00a9Godehard.Lutz@bayern-mail.de_IMGP3414_Bildgr\u00f6\u00dfe \u00e4ndern\" alt=\"Burghausen Internationale Jazzwoche. Toronzo Cannon. Gitarrist mit Sonnenbrille und Hut. Rote Gitarre. \u00a9 Lutz Godehard\" style=\"width: 416px; height: 276px;\" \/> <\/a> <div class=\"tiled-gallery-caption\" itemprop=\"caption description\"> &#8230; und Toronzo Cannon | \u00a9 Lutz Godehard <\/div> <\/div> <\/div> <!-- close group --> <\/div> <!-- close row --> <\/div>\n<p>Der n\u00e4chste Abend der Internationalen Jazzwoche Burhausen war von dieser musikalischen Qualit\u00e4t ebenso weit entfernt wie vom Jazz. Die westafrikanischen Party-Rhythmen von Supergombo aus Lyon und ihre Animations-Show brachten zwar viele Besucher zum Tanzen, waren bei einem Jazzfestival aber deplaziert. Und die folgende Robert Randolph Band h\u00e4tte besser in den Blues-Nachmittag gepasst. Immerhin konnte man ausf\u00fchrlich den klanglichen M\u00f6glichkeiten einer Pedal Steel Guitar lauschen und erleben, wie im laufenden Konzert eine gerissene Saite souver\u00e4n gewechselt wurde. Der Samstagnachmittag brachte den Bluesfreunden dann mit Trudy Lynn aus Houston\/Texas und Torenzo Cannon and the Chicago Way zwei wirklich gro\u00dfartige Vertreter des traditionelleren Blues.<\/p>\n<h3>Licht-Klang-Gewitter und Edel-Blech-Finale<\/h3>\n<p>Am gleichen Samstag sorgte der Avantgarde-Abend im Stadtsaal f\u00fcr Entt\u00e4uschung: Tubist Theon Cross hatte wegen des Flugstreiks kurzfristig abgesagt. Jaga Jazzist nutzte die Chance f\u00fcr einen zweist\u00fcndig durchgepowerten Auftritt, der mit Soundgewittern, diffusen Klangwolken von rund 30 Instrumenten, Basston-Druckwellen, zuckenden Scheinwerfer-Blitzen von der dunklen, vernebelten B\u00fchne direkt ins Publikum diesem einiges abverlangte. Einzig Posaunist Erik Johannessen war mit einem l\u00e4ngeren Solo zu h\u00f6ren. Auch wenn das Oktett aus Multiinstrumentalisten um Lars Horntveth an sieben Blas- und Saiteninstrumenten und Bruder Martin am Schlagzeug, mit Schwester Line mit Tuba, Euphonium, Glockenspiel und Stimme seit 29 Jahren in etwa gleich spielt, entwickelte sich dabei eine Sogwirkung, welche die meisten Zuh\u00f6rer bis zum Schluss aushalten lie\u00df.<\/p>\n<div class=\"tiled-gallery type-rectangular tiled-gallery-unresized\" data-original-width=\"840\" data-carousel-extra='{&quot;blog_id&quot;:1,&quot;permalink&quot;:&quot;https:\\\/\\\/www.jazzzeitung.de\\\/cms\\\/2023\\\/03\\\/52-internationale-jazzwoche-burghausen\\\/&quot;,&quot;likes_blog_id&quot;:55446655}' itemscope itemtype=\"http:\/\/schema.org\/ImageGallery\" > <div class=\"gallery-row\" style=\"width: 840px; height: 373px;\" data-original-width=\"840\" data-original-height=\"373\" > <div class=\"gallery-group images-1\" style=\"width: 561px; height: 373px;\" data-original-width=\"561\" data-original-height=\"373\" > <div class=\"tiled-gallery-item tiled-gallery-item-large\" itemprop=\"associatedMedia\" itemscope itemtype=\"http:\/\/schema.org\/ImageObject\"> <a href=\"https:\/\/www.jazzzeitung.de\/cms\/2023\/03\/52-internationale-jazzwoche-burghausen\/jaga-jazzistgodehard-lutzbayern-mail-de_imgp3441_bildgroesse-aendern\/\" border=\"0\" itemprop=\"url\"> <meta itemprop=\"width\" content=\"557\"> <meta itemprop=\"height\" content=\"369\"> <img decoding=\"async\" class=\"\" data-attachment-id=\"29295\" data-orig-file=\"https:\/\/www.jazzzeitung.de\/cms\/wp-content\/uploads\/2023\/03\/JAGA-JAZZIST\u00a9Godehard.Lutz@bayern-mail.de_IMGP3441_Bildgroesse-aendern.jpg\" data-orig-size=\"1417,939\" data-comments-opened=\"1\" data-image-meta=\"{&quot;aperture&quot;:&quot;2.8&quot;,&quot;credit&quot;:&quot;Godehard LUTZ&quot;,&quot;camera&quot;:&quot;PENTAX K-30&quot;,&quot;caption&quot;:&quot;&quot;,&quot;created_timestamp&quot;:&quot;1679774847&quot;,&quot;copyright&quot;:&quot;Godehard.Lutz@maxi-dsl.de&quot;,&quot;focal_length&quot;:&quot;28&quot;,&quot;iso&quot;:&quot;6400&quot;,&quot;shutter_speed&quot;:&quot;0.016666666666667&quot;,&quot;title&quot;:&quot;&quot;,&quot;orientation&quot;:&quot;1&quot;}\" data-image-title=\"JAGA JAZZIST\u00a9Godehard.Lutz@bayern-mail.de_IMGP3441_Bildgr\u00f6\u00dfe \u00e4ndern\" data-image-description=\"\" data-medium-file=\"https:\/\/i0.wp.com\/www.jazzzeitung.de\/cms\/wp-content\/uploads\/2023\/03\/JAGA-JAZZIST%C2%A9Godehard.Lutz%40bayern-mail.de_IMGP3441_Bildgroesse-aendern.jpg?fit=300%2C199&#038;ssl=1\" data-large-file=\"https:\/\/i0.wp.com\/www.jazzzeitung.de\/cms\/wp-content\/uploads\/2023\/03\/JAGA-JAZZIST%C2%A9Godehard.Lutz%40bayern-mail.de_IMGP3441_Bildgroesse-aendern.jpg?fit=840%2C556&#038;ssl=1\" src=\"https:\/\/i0.wp.com\/www.jazzzeitung.de\/cms\/wp-content\/uploads\/2023\/03\/JAGA-JAZZIST%C2%A9Godehard.Lutz%40bayern-mail.de_IMGP3441_Bildgroesse-aendern.jpg?w=557&#038;h=369&#038;ssl=1\" width=\"557\" height=\"369\" loading=\"lazy\" data-original-width=\"557\" data-original-height=\"369\" itemprop=\"http:\/\/schema.org\/image\" title=\"JAGA JAZZIST\u00a9Godehard.Lutz@bayern-mail.de_IMGP3441_Bildgr\u00f6\u00dfe \u00e4ndern\" alt=\"Internationale Jazzwoche Burghausen\" style=\"width: 557px; height: 369px;\" \/> <\/a> <div class=\"tiled-gallery-caption\" itemprop=\"caption description\"> Jaga Jazzist liefert wegen des Ausfalls von Tubist Theon Cross zwei Stunden lautstarke Intensit\u00e4t. | \u00a9 Lutz Godehard <\/div> <\/div> <\/div> <!-- close group --> <div class=\"gallery-group images-2\" style=\"width: 279px; height: 373px;\" data-original-width=\"279\" data-original-height=\"373\" > <div class=\"tiled-gallery-item tiled-gallery-item-large\" itemprop=\"associatedMedia\" itemscope itemtype=\"http:\/\/schema.org\/ImageObject\"> <a href=\"https:\/\/www.jazzzeitung.de\/cms\/2023\/03\/52-internationale-jazzwoche-burghausen\/santanagilenogodehard-lutzbayern-mail-de_imgp3477_bildgroesse-aendern\/\" border=\"0\" itemprop=\"url\"> <meta itemprop=\"width\" content=\"275\"> <meta itemprop=\"height\" content=\"183\"> <img decoding=\"async\" class=\"\" data-attachment-id=\"29306\" data-orig-file=\"https:\/\/www.jazzzeitung.de\/cms\/wp-content\/uploads\/2023\/03\/SANTANAGileno\u00a9Godehard.Lutz@bayern-mail.de_IMGP3477_Bildgroesse-aendern.jpg\" data-orig-size=\"1417,939\" data-comments-opened=\"1\" data-image-meta=\"{&quot;aperture&quot;:&quot;2.8&quot;,&quot;credit&quot;:&quot;Godehard LUTZ&quot;,&quot;camera&quot;:&quot;PENTAX K-30&quot;,&quot;caption&quot;:&quot;&quot;,&quot;created_timestamp&quot;:&quot;1679784348&quot;,&quot;copyright&quot;:&quot;Godehard.Lutz@maxi-dsl.de&quot;,&quot;focal_length&quot;:&quot;170&quot;,&quot;iso&quot;:&quot;3200&quot;,&quot;shutter_speed&quot;:&quot;0.004&quot;,&quot;title&quot;:&quot;&quot;,&quot;orientation&quot;:&quot;1&quot;}\" data-image-title=\"SANTANA,Gileno\u00a9Godehard.Lutz@bayern-mail.de_IMGP3477_Bildgr\u00f6\u00dfe \u00e4ndern\" data-image-description=\"\" data-medium-file=\"https:\/\/i0.wp.com\/www.jazzzeitung.de\/cms\/wp-content\/uploads\/2023\/03\/SANTANAGileno%C2%A9Godehard.Lutz%40bayern-mail.de_IMGP3477_Bildgroesse-aendern.jpg?fit=300%2C199&#038;ssl=1\" data-large-file=\"https:\/\/i0.wp.com\/www.jazzzeitung.de\/cms\/wp-content\/uploads\/2023\/03\/SANTANAGileno%C2%A9Godehard.Lutz%40bayern-mail.de_IMGP3477_Bildgroesse-aendern.jpg?fit=840%2C556&#038;ssl=1\" src=\"https:\/\/i0.wp.com\/www.jazzzeitung.de\/cms\/wp-content\/uploads\/2023\/03\/SANTANAGileno%C2%A9Godehard.Lutz%40bayern-mail.de_IMGP3477_Bildgroesse-aendern.jpg?w=275&#038;h=183&#038;ssl=1\" width=\"275\" height=\"183\" loading=\"lazy\" data-original-width=\"275\" data-original-height=\"183\" itemprop=\"http:\/\/schema.org\/image\" title=\"SANTANA,Gileno\u00a9Godehard.Lutz@bayern-mail.de_IMGP3477_Bildgr\u00f6\u00dfe \u00e4ndern\" alt=\"Internationale Jazzwoche Burghausen\" style=\"width: 275px; height: 183px;\" \/> <\/a> <div class=\"tiled-gallery-caption\" itemprop=\"caption description\"> Trumpet Summit bringt gleich vier hochkar\u00e4tige Trompeter zusammen: Santana Gileno&#8230; | \u00a9 Lutz Godehard <\/div> <\/div> <div class=\"tiled-gallery-item tiled-gallery-item-large\" itemprop=\"associatedMedia\" itemscope itemtype=\"http:\/\/schema.org\/ImageObject\"> <a href=\"https:\/\/www.jazzzeitung.de\/cms\/2023\/03\/52-internationale-jazzwoche-burghausen\/ganschthomasgodehard-lutzbayern-mail-de_imgp3490_bildgroesse-aendern\/\" border=\"0\" itemprop=\"url\"> <meta itemprop=\"width\" content=\"275\"> <meta itemprop=\"height\" content=\"182\"> <img decoding=\"async\" class=\"\" data-attachment-id=\"29294\" data-orig-file=\"https:\/\/www.jazzzeitung.de\/cms\/wp-content\/uploads\/2023\/03\/GANSCHThomas\u00a9Godehard.Lutz@bayern-mail.de_IMGP3490_Bildgroesse-aendern.jpg\" data-orig-size=\"1417,939\" data-comments-opened=\"1\" data-image-meta=\"{&quot;aperture&quot;:&quot;2.8&quot;,&quot;credit&quot;:&quot;Godehard LUTZ&quot;,&quot;camera&quot;:&quot;PENTAX K-30&quot;,&quot;caption&quot;:&quot;&quot;,&quot;created_timestamp&quot;:&quot;1679786065&quot;,&quot;copyright&quot;:&quot;Godehard.Lutz@maxi-dsl.de&quot;,&quot;focal_length&quot;:&quot;200&quot;,&quot;iso&quot;:&quot;1600&quot;,&quot;shutter_speed&quot;:&quot;0.004&quot;,&quot;title&quot;:&quot;&quot;,&quot;orientation&quot;:&quot;1&quot;}\" data-image-title=\"GANSCH,Thomas\u00a9Godehard.Lutz@bayern-mail.de_IMGP3490_Bildgr\u00f6\u00dfe \u00e4ndern\" data-image-description=\"\" data-medium-file=\"https:\/\/i0.wp.com\/www.jazzzeitung.de\/cms\/wp-content\/uploads\/2023\/03\/GANSCHThomas%C2%A9Godehard.Lutz%40bayern-mail.de_IMGP3490_Bildgroesse-aendern.jpg?fit=300%2C199&#038;ssl=1\" data-large-file=\"https:\/\/i0.wp.com\/www.jazzzeitung.de\/cms\/wp-content\/uploads\/2023\/03\/GANSCHThomas%C2%A9Godehard.Lutz%40bayern-mail.de_IMGP3490_Bildgroesse-aendern.jpg?fit=840%2C556&#038;ssl=1\" src=\"https:\/\/i0.wp.com\/www.jazzzeitung.de\/cms\/wp-content\/uploads\/2023\/03\/GANSCHThomas%C2%A9Godehard.Lutz%40bayern-mail.de_IMGP3490_Bildgroesse-aendern.jpg?w=275&#038;h=182&#038;ssl=1\" width=\"275\" height=\"182\" loading=\"lazy\" data-original-width=\"275\" data-original-height=\"182\" itemprop=\"http:\/\/schema.org\/image\" title=\"GANSCH,Thomas\u00a9Godehard.Lutz@bayern-mail.de_IMGP3490_Bildgr\u00f6\u00dfe \u00e4ndern\" alt=\"Internationale Jazzwoche Burghausen\" style=\"width: 275px; height: 182px;\" \/> <\/a> <div class=\"tiled-gallery-caption\" itemprop=\"caption description\"> &#8230;Thomas Gansch, der auch f\u00fcr seine Sp\u00e4\u00dfe bekannt ist, ganz \u00e4hnlich wie&#8230; | \u00a9 Lutz Godehard <\/div> <\/div> <\/div> <!-- close group --> <\/div> <!-- close row --> <div class=\"gallery-row\" style=\"width: 840px; height: 187px;\" data-original-width=\"840\" data-original-height=\"187\" > <div class=\"gallery-group images-1\" style=\"width: 280px; height: 187px;\" data-original-width=\"280\" data-original-height=\"187\" > <div class=\"tiled-gallery-item tiled-gallery-item-large\" itemprop=\"associatedMedia\" itemscope itemtype=\"http:\/\/schema.org\/ImageObject\"> <a href=\"https:\/\/www.jazzzeitung.de\/cms\/2023\/03\/52-internationale-jazzwoche-burghausen\/morrisonjamesgodehard-lutzbayern-mail-de_imgp3480_bildgroesse-aendern\/\" border=\"0\" itemprop=\"url\"> <meta itemprop=\"width\" content=\"276\"> <meta itemprop=\"height\" content=\"183\"> <img decoding=\"async\" class=\"\" data-attachment-id=\"29298\" data-orig-file=\"https:\/\/www.jazzzeitung.de\/cms\/wp-content\/uploads\/2023\/03\/MORRISONJames\u00a9Godehard.Lutz@bayern-mail.de_IMGP3480_Bildgroesse-aendern.jpg\" data-orig-size=\"1417,939\" data-comments-opened=\"1\" data-image-meta=\"{&quot;aperture&quot;:&quot;2.8&quot;,&quot;credit&quot;:&quot;Godehard LUTZ&quot;,&quot;camera&quot;:&quot;PENTAX K-30&quot;,&quot;caption&quot;:&quot;&quot;,&quot;created_timestamp&quot;:&quot;1679784853&quot;,&quot;copyright&quot;:&quot;Godehard.Lutz@maxi-dsl.de&quot;,&quot;focal_length&quot;:&quot;200&quot;,&quot;iso&quot;:&quot;3200&quot;,&quot;shutter_speed&quot;:&quot;0.004&quot;,&quot;title&quot;:&quot;&quot;,&quot;orientation&quot;:&quot;1&quot;}\" data-image-title=\"MORRISON,James\u00a9Godehard.Lutz@bayern-mail.de_IMGP3480_Bildgr\u00f6\u00dfe \u00e4ndern\" data-image-description=\"\" data-medium-file=\"https:\/\/i0.wp.com\/www.jazzzeitung.de\/cms\/wp-content\/uploads\/2023\/03\/MORRISONJames%C2%A9Godehard.Lutz%40bayern-mail.de_IMGP3480_Bildgroesse-aendern.jpg?fit=300%2C199&#038;ssl=1\" data-large-file=\"https:\/\/i0.wp.com\/www.jazzzeitung.de\/cms\/wp-content\/uploads\/2023\/03\/MORRISONJames%C2%A9Godehard.Lutz%40bayern-mail.de_IMGP3480_Bildgroesse-aendern.jpg?fit=840%2C556&#038;ssl=1\" src=\"https:\/\/i0.wp.com\/www.jazzzeitung.de\/cms\/wp-content\/uploads\/2023\/03\/MORRISONJames%C2%A9Godehard.Lutz%40bayern-mail.de_IMGP3480_Bildgroesse-aendern.jpg?w=276&#038;h=183&#038;ssl=1\" width=\"276\" height=\"183\" loading=\"lazy\" data-original-width=\"276\" data-original-height=\"183\" itemprop=\"http:\/\/schema.org\/image\" title=\"MORRISON,James\u00a9Godehard.Lutz@bayern-mail.de_IMGP3480_Bildgr\u00f6\u00dfe \u00e4ndern\" alt=\"Internationale Jazzwoche Burghausen\" style=\"width: 276px; height: 183px;\" \/> <\/a> <div class=\"tiled-gallery-caption\" itemprop=\"caption description\"> &#8230; James Morrison, der auch mit verdrehtem Fl\u00fcgelhorn noch erstklassigen Jazz macht&#8230; | \u00a9 Lutz Godehard <\/div> <\/div> <\/div> <!-- close group --> <div class=\"gallery-group images-1\" style=\"width: 280px; height: 187px;\" data-original-width=\"280\" data-original-height=\"187\" > <div class=\"tiled-gallery-item tiled-gallery-item-large\" itemprop=\"associatedMedia\" itemscope itemtype=\"http:\/\/schema.org\/ImageObject\"> <a href=\"https:\/\/www.jazzzeitung.de\/cms\/2023\/03\/52-internationale-jazzwoche-burghausen\/faddisjongodehard-lutzbayern-mail-de_imgp3482_bildgroesse-aendern\/\" border=\"0\" itemprop=\"url\"> <meta itemprop=\"width\" content=\"276\"> <meta itemprop=\"height\" content=\"183\"> <img decoding=\"async\" class=\"\" data-attachment-id=\"29293\" data-orig-file=\"https:\/\/www.jazzzeitung.de\/cms\/wp-content\/uploads\/2023\/03\/FADDISJon\u00a9Godehard.Lutz@bayern-mail.de_IMGP3482_Bildgroesse-aendern.jpg\" data-orig-size=\"1417,939\" data-comments-opened=\"1\" data-image-meta=\"{&quot;aperture&quot;:&quot;2.8&quot;,&quot;credit&quot;:&quot;Godehard LUTZ&quot;,&quot;camera&quot;:&quot;PENTAX K-30&quot;,&quot;caption&quot;:&quot;&quot;,&quot;created_timestamp&quot;:&quot;1679785358&quot;,&quot;copyright&quot;:&quot;Godehard.Lutz@maxi-dsl.de&quot;,&quot;focal_length&quot;:&quot;200&quot;,&quot;iso&quot;:&quot;3200&quot;,&quot;shutter_speed&quot;:&quot;0.004&quot;,&quot;title&quot;:&quot;&quot;,&quot;orientation&quot;:&quot;1&quot;}\" data-image-title=\"FADDIS,Jon\u00a9Godehard.Lutz@bayern-mail.de_IMGP3482_Bildgr\u00f6\u00dfe \u00e4ndern\" data-image-description=\"&lt;p&gt;Burghausen Internationale Jazzwoche. Jon Faddis. Trompeter in silbernem Jacket. Trompete und Mikrofon. \u00a9 Lutz Godehard&lt;\/p&gt; \" data-medium-file=\"https:\/\/i0.wp.com\/www.jazzzeitung.de\/cms\/wp-content\/uploads\/2023\/03\/FADDISJon%C2%A9Godehard.Lutz%40bayern-mail.de_IMGP3482_Bildgroesse-aendern.jpg?fit=300%2C199&#038;ssl=1\" data-large-file=\"https:\/\/i0.wp.com\/www.jazzzeitung.de\/cms\/wp-content\/uploads\/2023\/03\/FADDISJon%C2%A9Godehard.Lutz%40bayern-mail.de_IMGP3482_Bildgroesse-aendern.jpg?fit=840%2C556&#038;ssl=1\" src=\"https:\/\/i0.wp.com\/www.jazzzeitung.de\/cms\/wp-content\/uploads\/2023\/03\/FADDISJon%C2%A9Godehard.Lutz%40bayern-mail.de_IMGP3482_Bildgroesse-aendern.jpg?w=276&#038;h=183&#038;ssl=1\" width=\"276\" height=\"183\" loading=\"lazy\" data-original-width=\"276\" data-original-height=\"183\" itemprop=\"http:\/\/schema.org\/image\" title=\"FADDIS,Jon\u00a9Godehard.Lutz@bayern-mail.de_IMGP3482_Bildgr\u00f6\u00dfe \u00e4ndern\" alt=\"Burghausen Internationale Jazzwoche. Jon Faddis. Trompeter in silbernem Jacket. Trompete und Mikrofon. \u00a9 Lutz Godehard\" style=\"width: 276px; height: 183px;\" \/> <\/a> <div class=\"tiled-gallery-caption\" itemprop=\"caption description\"> &#8230; oder sich von Trompetenlegende Jon Faddis &#8230; | \u00a9 Lutz Godehard <\/div> <\/div> <\/div> <!-- close group --> <div class=\"gallery-group images-1\" style=\"width: 280px; height: 187px;\" data-original-width=\"280\" data-original-height=\"187\" > <div class=\"tiled-gallery-item tiled-gallery-item-large\" itemprop=\"associatedMedia\" itemscope itemtype=\"http:\/\/schema.org\/ImageObject\"> <a href=\"https:\/\/www.jazzzeitung.de\/cms\/2023\/03\/52-internationale-jazzwoche-burghausen\/violin-summit-faddis-morrison-gansch-santanagodehard-lutzbayern-mail-de_imgp3503_bildgroesse-aendern\/\" border=\"0\" itemprop=\"url\"> <meta itemprop=\"width\" content=\"276\"> <meta itemprop=\"height\" content=\"183\"> <img decoding=\"async\" class=\"\" data-attachment-id=\"29310\" data-orig-file=\"https:\/\/www.jazzzeitung.de\/cms\/wp-content\/uploads\/2023\/03\/VIOLIN-SUMMIT-FADDIS-MORRISON-GANSCH-SANTANA\u00a9Godehard.Lutz@bayern-mail.de_IMGP3503_Bildgroesse-aendern.jpg\" data-orig-size=\"1417,939\" data-comments-opened=\"1\" data-image-meta=\"{&quot;aperture&quot;:&quot;2.8&quot;,&quot;credit&quot;:&quot;Godehard LUTZ&quot;,&quot;camera&quot;:&quot;PENTAX K-30&quot;,&quot;caption&quot;:&quot;&quot;,&quot;created_timestamp&quot;:&quot;1679787859&quot;,&quot;copyright&quot;:&quot;Godehard.Lutz@maxi-dsl.de&quot;,&quot;focal_length&quot;:&quot;80&quot;,&quot;iso&quot;:&quot;3200&quot;,&quot;shutter_speed&quot;:&quot;0.008&quot;,&quot;title&quot;:&quot;&quot;,&quot;orientation&quot;:&quot;1&quot;}\" data-image-title=\"VIOLIN SUMMIT-FADDIS-MORRISON-GANSCH-SANTANA\u00a9Godehard.Lutz@bayern-mail.de_IMGP3503_Bildgr\u00f6\u00dfe \u00e4ndern\" data-image-description=\"\" data-medium-file=\"https:\/\/i0.wp.com\/www.jazzzeitung.de\/cms\/wp-content\/uploads\/2023\/03\/VIOLIN-SUMMIT-FADDIS-MORRISON-GANSCH-SANTANA%C2%A9Godehard.Lutz%40bayern-mail.de_IMGP3503_Bildgroesse-aendern.jpg?fit=300%2C199&#038;ssl=1\" data-large-file=\"https:\/\/i0.wp.com\/www.jazzzeitung.de\/cms\/wp-content\/uploads\/2023\/03\/VIOLIN-SUMMIT-FADDIS-MORRISON-GANSCH-SANTANA%C2%A9Godehard.Lutz%40bayern-mail.de_IMGP3503_Bildgroesse-aendern.jpg?fit=840%2C556&#038;ssl=1\" src=\"https:\/\/i0.wp.com\/www.jazzzeitung.de\/cms\/wp-content\/uploads\/2023\/03\/VIOLIN-SUMMIT-FADDIS-MORRISON-GANSCH-SANTANA%C2%A9Godehard.Lutz%40bayern-mail.de_IMGP3503_Bildgroesse-aendern.jpg?w=276&#038;h=183&#038;ssl=1\" width=\"276\" height=\"183\" loading=\"lazy\" data-original-width=\"276\" data-original-height=\"183\" itemprop=\"http:\/\/schema.org\/image\" title=\"VIOLIN SUMMIT-FADDIS-MORRISON-GANSCH-SANTANA\u00a9Godehard.Lutz@bayern-mail.de_IMGP3503_Bildgr\u00f6\u00dfe \u00e4ndern\" alt=\"Internationale Jazzwoche Burghausen\" style=\"width: 276px; height: 183px;\" \/> <\/a> <div class=\"tiled-gallery-caption\" itemprop=\"caption description\"> &#8230; in sein Trompetenspiel reingreifen l\u00e4sst. | \u00a9 Lutz Godehard <\/div> <\/div> <\/div> <!-- close group --> <\/div> <!-- close row --> <\/div>\n<p>In der Wackerhalle unterhielten w\u00e4hrenddessen und dar\u00fcber hinaus bis Mitternacht die vier Trompeter von Trumpet Summit gepflegt mit Jazzstandards und einigen M\u00e4tzchen. F\u00fcr die ist in erster Linie nat\u00fcrlich Spassvogel James Morrison verantwortlich, der sein Fl\u00fcgelhorn w\u00e4hrend des Spiels drehen und mit den Ventilen nach unten spielen oder sie von Jon Faddis bedienen lassen kann. Im Vordergrund standen aber die vier sehr unterschiedlichen Trompetenstimmen von Morrison, Faddis, Thomas Gansch und Gileno Santana, die zusammen und in verschiedenen Kombinationen zu h\u00f6ren waren, auch im stimmungsvollen Duo von Gansch mit Gitarrist Libor Smoldas, ansonsten begleitet von Geoff Gascoyne und Gregory Huchinson an Bass und Schlagzeug.<\/p>\n<p>Die meisten Konzerte wurden vom BR live gestreamt und sind weiterhin auf br-klassik.de\/concert abrufbar. BR Klassik sendet in der Jazztime im April, Mai und Juni Konzertmitschnitte im Radio. Und vom 12.-17. M\u00e4rz 2024 folgt die 53. Internationale Jazzwoche Burghausen.<\/p>\n<hr \/>\n<p>Text und Fotos: Godehard Lutz<\/p>\n","protected":false},"excerpt":{"rendered":"<p>Zwar konnte sich die Jazzwoche Burghausen aus dem letztj\u00e4hrigen Corona-Tal mit 20 % mehr Besuchern wieder herausarbeiten, aber ein neues Konzept, das auch j\u00fcngere Besucher zu einem Festival mit rundum interessantem Jazz-Programm anlockt, ist noch nicht gefunden. Es gibt anscheinend keinen Nachfolger f\u00fcr Joe Viera mit \u00dcberblick \u00fcber die l\u00e4ngst breitere weltweite Szene, der das Festival in eine sichere Zukunft f\u00fchrt. Das 50 Jahre alte Konzept mit den allseits anerkannten Stars des Jazz, die ein gro\u00dfes Publikum magnetisch anziehen, funktioniert\u00a0 so heute nicht mehr, schon weil es diese Stars nicht mehr gibt. Attraktiv war Burghausen wieder dort, wo es Neues wagte: beim Finale des 13. Europ\u00e4ischen\u00a0 Nachwuchs-Jazzpreises und dem abschlie\u00dfenden Konzert \u201eNext in Jazz\u201c, beide im intimeren Stadtsaal. Mit dem Landes-Jugend-Jazzorchester unter der bew\u00e4hrten Leitung von Harald R\u00fcschenbaum pr\u00e4sentierte sich dort eine frische Bigband, samt achtk\u00f6pfigem Vokal-Ensemble. Die LJJB \u00fcberzeugte unter anderem mit \u201eOcean Eleven\u201c von Trio Elf, das sie ihrem 2021 verstorbenen Klavier-Coach Walter Lang widmete. \u201eWir hatten was mit Bj\u00f6rn\u201c nennen die Posaunistin Maria Trautmann und die Vokalistin und Gitaristin Maika K\u00fcster ihr Quartett, mit denen sie sich stark von Jazz beeinflusstem Singer-Songwriting &hellip;<\/p>\n","protected":false},"author":18,"featured_media":29300,"comment_status":"open","ping_status":"closed","sticky":false,"template":"","format":"standard","meta":{"_jetpack_memberships_contains_paid_content":false,"footnotes":"","jetpack_publicize_message":"","jetpack_publicize_feature_enabled":true,"jetpack_social_post_already_shared":false,"jetpack_social_options":{"image_generator_settings":{"template":"highway","default_image_id":0,"font":"","enabled":false},"version":2}},"categories":[1053],"tags":[3391,3340,3914,1763,4608,73,83,94,722,112,2941,4815,137,1406,2112,4796,3,2152,1911,2311,4789,4785,2890,4639,1243,4788,3312,4806,4807,3841,4820,244,4803,4792,4787,1876,918,282,4819,290,947,4817,3547,1723,4818,4786,316,4607,322,323,970,3248,4808,4812,4793,4810,4790,4795,1672,4813,4431,2878,4814,4794,4816,401,4821,4131,4811,1722,4800,3869,2080,442,4144,1965,1193,4801,2139,3383,1564,2633,4601,4805,4822,4802,2529,4784,4797,4799,1356,559,4798,4090,4791,4809,4783,586,19,2705,4804],"coauthors":[695],"class_list":["post-29287","post","type-post","status-publish","format-standard","has-post-thumbnail","hentry","category-bericht","tag-3391","tag-50-jahre","tag-band","tag-bass","tag-bassist","tag-bigband","tag-blues","tag-br-klassik","tag-burghausen","tag-chicago","tag-corona","tag-daniel-manrique-smith","tag-deutschland","tag-duo","tag-edel","tag-erik-johannessen","tag-festival","tag-finale","tag-fotos","tag-fusion","tag-geoff-gascoyne","tag-gileno-santana","tag-gitarre","tag-gitarrist","tag-godehard-lutz","tag-gregory-huchinson","tag-harald-rueschenbaum","tag-heiri-kaenzig","tag-heiri-kaenzigs-travelin","tag-im-radio","tag-indische-musik","tag-internationale-jazzwoche-burghausen","tag-ivan-taylor","tag-jaga-jazzist","tag-james-morrison","tag-jazz","tag-jazzfestival","tag-jazzorchester","tag-jazzrock","tag-jazztime","tag-jazzwoche-burghausen","tag-jeremy-steig","tag-jin-jim","tag-joe-viera","tag-johann-may","tag-jon-faddis","tag-klassik","tag-kontrabass","tag-konzert-2","tag-konzerte","tag-lajjazzo","tag-lakecia-benjamin","tag-lakecia-benjamins-phoenix","tag-landes-jugend-jazzorchester","tag-lars-horntveth","tag-lee-ritenour","tag-libor-smoldas","tag-line-horntveth","tag-live","tag-ljjo","tag-luca-zambito","tag-maika-kuester","tag-maria-trautmann","tag-martin-horntveth","tag-multiphonics","tag-muenchen","tag-nachwuchs-jazzpreis","tag-nils-kugelmann","tag-nilskugelmann","tag-oud","tag-pedal-steel-guitar","tag-philipp-schiepek","tag-pianisten","tag-piano","tag-programm","tag-quartett","tag-radio","tag-robert-randolph-band","tag-s","tag-schiepek","tag-schlagzeug","tag-schweiz","tag-sebastian-wolfgruber","tag-shems-bendali","tag-stadtsaal-burhausen","tag-supergombo","tag-theon-cross","tag-thomas-gansch","tag-torenzo-cannon","tag-torenzo-cannon-and-the-chicago-way","tag-trio","tag-trio-elf","tag-trudy-lynn","tag-trumpet","tag-trumpet-summit","tag-veronika-stalder","tag-wackerhalle","tag-walter-lang","tag-wettbewerb","tag-wir-hatten-was-mit-bjoern","tag-zaccai-curtis"],"yoast_head":"<!-- This site is optimized with the Yoast SEO plugin v27.5 - https:\/\/yoast.com\/product\/yoast-seo-wordpress\/ -->\n<title>52. Internationale Jazzwoche Burghausen - JazzZeitung<\/title>\n<meta name=\"robots\" content=\"index, follow, max-snippet:-1, max-image-preview:large, max-video-preview:-1\" \/>\n<link rel=\"canonical\" href=\"https:\/\/www.jazzzeitung.de\/cms\/2023\/03\/52-internationale-jazzwoche-burghausen\/\" \/>\n<meta property=\"og:locale\" content=\"de_DE\" \/>\n<meta property=\"og:type\" content=\"article\" \/>\n<meta property=\"og:title\" content=\"52. Internationale Jazzwoche Burghausen - JazzZeitung\" \/>\n<meta property=\"og:description\" content=\"Zwar konnte sich die Jazzwoche Burghausen aus dem letztj\u00e4hrigen Corona-Tal mit 20 % mehr Besuchern wieder herausarbeiten, aber ein neues Konzept, das auch j\u00fcngere Besucher zu einem Festival mit rundum interessantem Jazz-Programm anlockt, ist noch nicht gefunden. Es gibt anscheinend keinen Nachfolger f\u00fcr Joe Viera mit \u00dcberblick \u00fcber die l\u00e4ngst breitere weltweite Szene, der das Festival in eine sichere Zukunft f\u00fchrt. Das 50 Jahre alte Konzept mit den allseits anerkannten Stars des Jazz, die ein gro\u00dfes Publikum magnetisch anziehen, funktioniert\u00a0 so heute nicht mehr, schon weil es diese Stars nicht mehr gibt. Attraktiv war Burghausen wieder dort, wo es Neues wagte: beim Finale des 13. Europ\u00e4ischen\u00a0 Nachwuchs-Jazzpreises und dem abschlie\u00dfenden Konzert \u201eNext in Jazz\u201c, beide im intimeren Stadtsaal. Mit dem Landes-Jugend-Jazzorchester unter der bew\u00e4hrten Leitung von Harald R\u00fcschenbaum pr\u00e4sentierte sich dort eine frische Bigband, samt achtk\u00f6pfigem Vokal-Ensemble. Die LJJB \u00fcberzeugte unter anderem mit \u201eOcean Eleven\u201c von Trio Elf, das sie ihrem 2021 verstorbenen Klavier-Coach Walter Lang widmete. \u201eWir hatten was mit Bj\u00f6rn\u201c nennen die Posaunistin Maria Trautmann und die Vokalistin und Gitaristin Maika K\u00fcster ihr Quartett, mit denen sie sich stark von Jazz beeinflusstem Singer-Songwriting &hellip;\" \/>\n<meta property=\"og:url\" content=\"https:\/\/www.jazzzeitung.de\/cms\/2023\/03\/52-internationale-jazzwoche-burghausen\/\" \/>\n<meta property=\"og:site_name\" content=\"JazzZeitung\" \/>\n<meta property=\"article:publisher\" content=\"https:\/\/www.facebook.com\/JazzZeitung\/\" \/>\n<meta property=\"article:published_time\" content=\"2023-03-31T12:34:31+00:00\" \/>\n<meta property=\"og:image\" content=\"https:\/\/www.jazzzeitung.de\/cms\/wp-content\/uploads\/2023\/03\/NEALTash-BWillie-RANDOLPHLanesha-RANDOLPHRobert\u00a9Godehard.Lutz@bayern-mail.de_IMGP3350_Bildgroesse-aendern.jpg\" \/>\n\t<meta property=\"og:image:width\" content=\"1417\" \/>\n\t<meta property=\"og:image:height\" content=\"939\" \/>\n\t<meta property=\"og:image:type\" content=\"image\/jpeg\" \/>\n<meta name=\"author\" content=\"Redaktion JazzZeitung\" \/>\n<script type=\"application\/ld+json\" class=\"yoast-schema-graph\">{\"@context\":\"https:\\\/\\\/schema.org\",\"@graph\":[{\"@type\":\"Article\",\"@id\":\"https:\\\/\\\/www.jazzzeitung.de\\\/cms\\\/2023\\\/03\\\/52-internationale-jazzwoche-burghausen\\\/#article\",\"isPartOf\":{\"@id\":\"https:\\\/\\\/www.jazzzeitung.de\\\/cms\\\/2023\\\/03\\\/52-internationale-jazzwoche-burghausen\\\/\"},\"author\":{\"name\":\"Redaktion JazzZeitung\",\"@id\":\"https:\\\/\\\/www.jazzzeitung.de\\\/cms\\\/#\\\/schema\\\/person\\\/2245b36b9cd1d24cea10f01c031fb92b\"},\"headline\":\"52. Internationale Jazzwoche Burghausen\",\"datePublished\":\"2023-03-31T12:34:31+00:00\",\"mainEntityOfPage\":{\"@id\":\"https:\\\/\\\/www.jazzzeitung.de\\\/cms\\\/2023\\\/03\\\/52-internationale-jazzwoche-burghausen\\\/\"},\"wordCount\":1029,\"commentCount\":0,\"publisher\":{\"@id\":\"https:\\\/\\\/www.jazzzeitung.de\\\/cms\\\/#organization\"},\"image\":{\"@id\":\"https:\\\/\\\/www.jazzzeitung.de\\\/cms\\\/2023\\\/03\\\/52-internationale-jazzwoche-burghausen\\\/#primaryimage\"},\"thumbnailUrl\":\"https:\\\/\\\/i0.wp.com\\\/www.jazzzeitung.de\\\/cms\\\/wp-content\\\/uploads\\\/2023\\\/03\\\/NEALTash-BWillie-RANDOLPHLanesha-RANDOLPHRobert%C2%A9Godehard.Lutz%40bayern-mail.de_IMGP3350_Bildgroesse-aendern.jpg?fit=1417%2C939&ssl=1\",\"keywords\":[\"2021\",\"50 Jahre\",\"Band\",\"Bass\",\"Bassist\",\"Bigband\",\"Blues\",\"Br-Klassik\",\"Burghausen\",\"Chicago\",\"Corona\",\"Daniel Manrique-Smith\",\"Deutschland\",\"duo\",\"Edel\",\"Erik Johannessen\",\"Festival\",\"Finale\",\"Fotos\",\"Fusion\",\"Geoff Gascoyne\",\"Gileno Santana\",\"Gitarre\",\"Gitarrist\",\"Godehard Lutz\",\"Gregory Huchinson\",\"Harald R\u00fcschenbaum\",\"Heiri K\u00e4nzig\",\"Heiri K\u00e4nzig\u2019s Travelin\u2019\",\"Im Radio\",\"indische Musik\",\"Internationale Jazzwoche Burghausen\",\"Ivan Taylor\",\"Jaga Jazzist\",\"James Morrison\",\"Jazz\",\"Jazzfestival\",\"Jazzorchester\",\"Jazzrock\",\"jazztime\",\"Jazzwoche Burghausen\",\"Jeremy Steig\",\"Jin Jim\",\"Joe Viera\",\"Johann May\",\"Jon Faddis\",\"Klassik\",\"Kontrabass\",\"Konzert\",\"Konzerte\",\"LaJJazzO\",\"Lakecia Benjamin\",\"Lakecia Benjamin\u2019s Phoenix\",\"Landes-Jugend-Jazzorchester\",\"Lars Horntveth\",\"Lee Ritenour\",\"Libor Smoldas\",\"Line Horntveth\",\"Live\",\"LJJO\",\"Luca Zambito\",\"Maika K\u00fcster\",\"Maria Trautmann\",\"Martin Horntveth\",\"Multiphonics\",\"M\u00fcnchen\",\"Nachwuchs-Jazzpreis\",\"Nils Kugelmann\",\"NilsKugelmann\",\"Oud\",\"Pedal Steel Guitar\",\"Philipp Schiepek\",\"Pianisten\",\"Piano\",\"Programm\",\"Quartett\",\"Radio\",\"Robert Randolph Band\",\"S\",\"Schiepek\",\"Schlagzeug\",\"Schweiz\",\"Sebastian Wolfgruber\",\"Shems Bendali\",\"Stadtsaal Burhausen\",\"Supergombo\",\"Theon Cross\",\"Thomas Gansch\",\"Torenzo Cannon\",\"Torenzo Cannon and the Chicago Way\",\"trio\",\"Trio Elf\",\"Trudy Lynn\",\"Trumpet\",\"Trumpet Summit\",\"Veronika Stalder\",\"Wackerhalle\",\"Walter Lang\",\"Wettbewerb\",\"Wir hatten was mit Bj\u00f6rn\",\"Zaccai Curtis\"],\"articleSection\":[\"Bericht\"],\"inLanguage\":\"de\",\"potentialAction\":[{\"@type\":\"CommentAction\",\"name\":\"Comment\",\"target\":[\"https:\\\/\\\/www.jazzzeitung.de\\\/cms\\\/2023\\\/03\\\/52-internationale-jazzwoche-burghausen\\\/#respond\"]}]},{\"@type\":\"WebPage\",\"@id\":\"https:\\\/\\\/www.jazzzeitung.de\\\/cms\\\/2023\\\/03\\\/52-internationale-jazzwoche-burghausen\\\/\",\"url\":\"https:\\\/\\\/www.jazzzeitung.de\\\/cms\\\/2023\\\/03\\\/52-internationale-jazzwoche-burghausen\\\/\",\"name\":\"52. Internationale Jazzwoche Burghausen - JazzZeitung\",\"isPartOf\":{\"@id\":\"https:\\\/\\\/www.jazzzeitung.de\\\/cms\\\/#website\"},\"primaryImageOfPage\":{\"@id\":\"https:\\\/\\\/www.jazzzeitung.de\\\/cms\\\/2023\\\/03\\\/52-internationale-jazzwoche-burghausen\\\/#primaryimage\"},\"image\":{\"@id\":\"https:\\\/\\\/www.jazzzeitung.de\\\/cms\\\/2023\\\/03\\\/52-internationale-jazzwoche-burghausen\\\/#primaryimage\"},\"thumbnailUrl\":\"https:\\\/\\\/i0.wp.com\\\/www.jazzzeitung.de\\\/cms\\\/wp-content\\\/uploads\\\/2023\\\/03\\\/NEALTash-BWillie-RANDOLPHLanesha-RANDOLPHRobert%C2%A9Godehard.Lutz%40bayern-mail.de_IMGP3350_Bildgroesse-aendern.jpg?fit=1417%2C939&ssl=1\",\"datePublished\":\"2023-03-31T12:34:31+00:00\",\"breadcrumb\":{\"@id\":\"https:\\\/\\\/www.jazzzeitung.de\\\/cms\\\/2023\\\/03\\\/52-internationale-jazzwoche-burghausen\\\/#breadcrumb\"},\"inLanguage\":\"de\",\"potentialAction\":[{\"@type\":\"ReadAction\",\"target\":[\"https:\\\/\\\/www.jazzzeitung.de\\\/cms\\\/2023\\\/03\\\/52-internationale-jazzwoche-burghausen\\\/\"]}]},{\"@type\":\"ImageObject\",\"inLanguage\":\"de\",\"@id\":\"https:\\\/\\\/www.jazzzeitung.de\\\/cms\\\/2023\\\/03\\\/52-internationale-jazzwoche-burghausen\\\/#primaryimage\",\"url\":\"https:\\\/\\\/i0.wp.com\\\/www.jazzzeitung.de\\\/cms\\\/wp-content\\\/uploads\\\/2023\\\/03\\\/NEALTash-BWillie-RANDOLPHLanesha-RANDOLPHRobert%C2%A9Godehard.Lutz%40bayern-mail.de_IMGP3350_Bildgroesse-aendern.jpg?fit=1417%2C939&ssl=1\",\"contentUrl\":\"https:\\\/\\\/i0.wp.com\\\/www.jazzzeitung.de\\\/cms\\\/wp-content\\\/uploads\\\/2023\\\/03\\\/NEALTash-BWillie-RANDOLPHLanesha-RANDOLPHRobert%C2%A9Godehard.Lutz%40bayern-mail.de_IMGP3350_Bildgroesse-aendern.jpg?fit=1417%2C939&ssl=1\",\"width\":1417,\"height\":939,\"caption\":\"Die bluesige Robert Randolph Band mit Tash-B Willie Neal, Lanesha und Robert Randolph | \u00a9 Lutz Godehard\"},{\"@type\":\"BreadcrumbList\",\"@id\":\"https:\\\/\\\/www.jazzzeitung.de\\\/cms\\\/2023\\\/03\\\/52-internationale-jazzwoche-burghausen\\\/#breadcrumb\",\"itemListElement\":[{\"@type\":\"ListItem\",\"position\":1,\"name\":\"Startseite\",\"item\":\"https:\\\/\\\/www.jazzzeitung.de\\\/cms\\\/\"},{\"@type\":\"ListItem\",\"position\":2,\"name\":\"52. Internationale Jazzwoche Burghausen\"}]},{\"@type\":\"WebSite\",\"@id\":\"https:\\\/\\\/www.jazzzeitung.de\\\/cms\\\/#website\",\"url\":\"https:\\\/\\\/www.jazzzeitung.de\\\/cms\\\/\",\"name\":\"JazzZeitung\",\"description\":\"Jazz-News und Jazz-Kontroverses\",\"publisher\":{\"@id\":\"https:\\\/\\\/www.jazzzeitung.de\\\/cms\\\/#organization\"},\"potentialAction\":[{\"@type\":\"SearchAction\",\"target\":{\"@type\":\"EntryPoint\",\"urlTemplate\":\"https:\\\/\\\/www.jazzzeitung.de\\\/cms\\\/?s={search_term_string}\"},\"query-input\":{\"@type\":\"PropertyValueSpecification\",\"valueRequired\":true,\"valueName\":\"search_term_string\"}}],\"inLanguage\":\"de\"},{\"@type\":\"Organization\",\"@id\":\"https:\\\/\\\/www.jazzzeitung.de\\\/cms\\\/#organization\",\"name\":\"JazzZeitung online\",\"url\":\"https:\\\/\\\/www.jazzzeitung.de\\\/cms\\\/\",\"logo\":{\"@type\":\"ImageObject\",\"inLanguage\":\"de\",\"@id\":\"https:\\\/\\\/www.jazzzeitung.de\\\/cms\\\/#\\\/schema\\\/logo\\\/image\\\/\",\"url\":\"https:\\\/\\\/i0.wp.com\\\/www.jazzzeitung.de\\\/cms\\\/wp-content\\\/uploads\\\/2015\\\/08\\\/JAZZZEITUNGDE_Logo_Neu.png?fit=499%2C200&ssl=1\",\"contentUrl\":\"https:\\\/\\\/i0.wp.com\\\/www.jazzzeitung.de\\\/cms\\\/wp-content\\\/uploads\\\/2015\\\/08\\\/JAZZZEITUNGDE_Logo_Neu.png?fit=499%2C200&ssl=1\",\"width\":499,\"height\":200,\"caption\":\"JazzZeitung online\"},\"image\":{\"@id\":\"https:\\\/\\\/www.jazzzeitung.de\\\/cms\\\/#\\\/schema\\\/logo\\\/image\\\/\"},\"sameAs\":[\"https:\\\/\\\/www.facebook.com\\\/JazzZeitung\\\/\"]},{\"@type\":\"Person\",\"@id\":\"https:\\\/\\\/www.jazzzeitung.de\\\/cms\\\/#\\\/schema\\\/person\\\/2245b36b9cd1d24cea10f01c031fb92b\",\"name\":\"Redaktion JazzZeitung\",\"image\":{\"@type\":\"ImageObject\",\"inLanguage\":\"de\",\"@id\":\"https:\\\/\\\/i0.wp.com\\\/www.jazzzeitung.de\\\/cms\\\/wp-content\\\/uploads\\\/2015\\\/08\\\/JAZZZEITUNGDE_Logo_Neu.png?resize=96%2C96&ssl=159975dcacb611b5700bd619b5daf0a7a\",\"url\":\"https:\\\/\\\/i0.wp.com\\\/www.jazzzeitung.de\\\/cms\\\/wp-content\\\/uploads\\\/2015\\\/08\\\/JAZZZEITUNGDE_Logo_Neu.png?resize=96%2C96&ssl=1\",\"contentUrl\":\"https:\\\/\\\/i0.wp.com\\\/www.jazzzeitung.de\\\/cms\\\/wp-content\\\/uploads\\\/2015\\\/08\\\/JAZZZEITUNGDE_Logo_Neu.png?resize=96%2C96&ssl=1\",\"caption\":\"Redaktion JazzZeitung\"},\"description\":\"Artikel der Redaktion der JazzZeitung.\",\"sameAs\":[\"http:\\\/\\\/www.jazzzeitung.de\\\/cms\\\/\"],\"url\":\"https:\\\/\\\/www.jazzzeitung.de\\\/cms\\\/author\\\/redaktion\\\/\"}]}<\/script>\n<!-- \/ Yoast SEO plugin. -->","yoast_head_json":{"title":"52. Internationale Jazzwoche Burghausen - JazzZeitung","robots":{"index":"index","follow":"follow","max-snippet":"max-snippet:-1","max-image-preview":"max-image-preview:large","max-video-preview":"max-video-preview:-1"},"canonical":"https:\/\/www.jazzzeitung.de\/cms\/2023\/03\/52-internationale-jazzwoche-burghausen\/","og_locale":"de_DE","og_type":"article","og_title":"52. Internationale Jazzwoche Burghausen - JazzZeitung","og_description":"Zwar konnte sich die Jazzwoche Burghausen aus dem letztj\u00e4hrigen Corona-Tal mit 20 % mehr Besuchern wieder herausarbeiten, aber ein neues Konzept, das auch j\u00fcngere Besucher zu einem Festival mit rundum interessantem Jazz-Programm anlockt, ist noch nicht gefunden. Es gibt anscheinend keinen Nachfolger f\u00fcr Joe Viera mit \u00dcberblick \u00fcber die l\u00e4ngst breitere weltweite Szene, der das Festival in eine sichere Zukunft f\u00fchrt. Das 50 Jahre alte Konzept mit den allseits anerkannten Stars des Jazz, die ein gro\u00dfes Publikum magnetisch anziehen, funktioniert\u00a0 so heute nicht mehr, schon weil es diese Stars nicht mehr gibt. Attraktiv war Burghausen wieder dort, wo es Neues wagte: beim Finale des 13. Europ\u00e4ischen\u00a0 Nachwuchs-Jazzpreises und dem abschlie\u00dfenden Konzert \u201eNext in Jazz\u201c, beide im intimeren Stadtsaal. Mit dem Landes-Jugend-Jazzorchester unter der bew\u00e4hrten Leitung von Harald R\u00fcschenbaum pr\u00e4sentierte sich dort eine frische Bigband, samt achtk\u00f6pfigem Vokal-Ensemble. Die LJJB \u00fcberzeugte unter anderem mit \u201eOcean Eleven\u201c von Trio Elf, das sie ihrem 2021 verstorbenen Klavier-Coach Walter Lang widmete. \u201eWir hatten was mit Bj\u00f6rn\u201c nennen die Posaunistin Maria Trautmann und die Vokalistin und Gitaristin Maika K\u00fcster ihr Quartett, mit denen sie sich stark von Jazz beeinflusstem Singer-Songwriting &hellip;","og_url":"https:\/\/www.jazzzeitung.de\/cms\/2023\/03\/52-internationale-jazzwoche-burghausen\/","og_site_name":"JazzZeitung","article_publisher":"https:\/\/www.facebook.com\/JazzZeitung\/","article_published_time":"2023-03-31T12:34:31+00:00","og_image":[{"width":1417,"height":939,"url":"https:\/\/www.jazzzeitung.de\/cms\/wp-content\/uploads\/2023\/03\/NEALTash-BWillie-RANDOLPHLanesha-RANDOLPHRobert\u00a9Godehard.Lutz@bayern-mail.de_IMGP3350_Bildgroesse-aendern.jpg","type":"image\/jpeg"}],"author":"Redaktion JazzZeitung","schema":{"@context":"https:\/\/schema.org","@graph":[{"@type":"Article","@id":"https:\/\/www.jazzzeitung.de\/cms\/2023\/03\/52-internationale-jazzwoche-burghausen\/#article","isPartOf":{"@id":"https:\/\/www.jazzzeitung.de\/cms\/2023\/03\/52-internationale-jazzwoche-burghausen\/"},"author":{"name":"Redaktion JazzZeitung","@id":"https:\/\/www.jazzzeitung.de\/cms\/#\/schema\/person\/2245b36b9cd1d24cea10f01c031fb92b"},"headline":"52. Internationale Jazzwoche Burghausen","datePublished":"2023-03-31T12:34:31+00:00","mainEntityOfPage":{"@id":"https:\/\/www.jazzzeitung.de\/cms\/2023\/03\/52-internationale-jazzwoche-burghausen\/"},"wordCount":1029,"commentCount":0,"publisher":{"@id":"https:\/\/www.jazzzeitung.de\/cms\/#organization"},"image":{"@id":"https:\/\/www.jazzzeitung.de\/cms\/2023\/03\/52-internationale-jazzwoche-burghausen\/#primaryimage"},"thumbnailUrl":"https:\/\/i0.wp.com\/www.jazzzeitung.de\/cms\/wp-content\/uploads\/2023\/03\/NEALTash-BWillie-RANDOLPHLanesha-RANDOLPHRobert%C2%A9Godehard.Lutz%40bayern-mail.de_IMGP3350_Bildgroesse-aendern.jpg?fit=1417%2C939&ssl=1","keywords":["2021","50 Jahre","Band","Bass","Bassist","Bigband","Blues","Br-Klassik","Burghausen","Chicago","Corona","Daniel Manrique-Smith","Deutschland","duo","Edel","Erik Johannessen","Festival","Finale","Fotos","Fusion","Geoff Gascoyne","Gileno Santana","Gitarre","Gitarrist","Godehard Lutz","Gregory Huchinson","Harald R\u00fcschenbaum","Heiri K\u00e4nzig","Heiri K\u00e4nzig\u2019s Travelin\u2019","Im Radio","indische Musik","Internationale Jazzwoche Burghausen","Ivan Taylor","Jaga Jazzist","James Morrison","Jazz","Jazzfestival","Jazzorchester","Jazzrock","jazztime","Jazzwoche Burghausen","Jeremy Steig","Jin Jim","Joe Viera","Johann May","Jon Faddis","Klassik","Kontrabass","Konzert","Konzerte","LaJJazzO","Lakecia Benjamin","Lakecia Benjamin\u2019s Phoenix","Landes-Jugend-Jazzorchester","Lars Horntveth","Lee Ritenour","Libor Smoldas","Line Horntveth","Live","LJJO","Luca Zambito","Maika K\u00fcster","Maria Trautmann","Martin Horntveth","Multiphonics","M\u00fcnchen","Nachwuchs-Jazzpreis","Nils Kugelmann","NilsKugelmann","Oud","Pedal Steel Guitar","Philipp Schiepek","Pianisten","Piano","Programm","Quartett","Radio","Robert Randolph Band","S","Schiepek","Schlagzeug","Schweiz","Sebastian Wolfgruber","Shems Bendali","Stadtsaal Burhausen","Supergombo","Theon Cross","Thomas Gansch","Torenzo Cannon","Torenzo Cannon and the Chicago Way","trio","Trio Elf","Trudy Lynn","Trumpet","Trumpet Summit","Veronika Stalder","Wackerhalle","Walter Lang","Wettbewerb","Wir hatten was mit Bj\u00f6rn","Zaccai Curtis"],"articleSection":["Bericht"],"inLanguage":"de","potentialAction":[{"@type":"CommentAction","name":"Comment","target":["https:\/\/www.jazzzeitung.de\/cms\/2023\/03\/52-internationale-jazzwoche-burghausen\/#respond"]}]},{"@type":"WebPage","@id":"https:\/\/www.jazzzeitung.de\/cms\/2023\/03\/52-internationale-jazzwoche-burghausen\/","url":"https:\/\/www.jazzzeitung.de\/cms\/2023\/03\/52-internationale-jazzwoche-burghausen\/","name":"52. Internationale Jazzwoche Burghausen - JazzZeitung","isPartOf":{"@id":"https:\/\/www.jazzzeitung.de\/cms\/#website"},"primaryImageOfPage":{"@id":"https:\/\/www.jazzzeitung.de\/cms\/2023\/03\/52-internationale-jazzwoche-burghausen\/#primaryimage"},"image":{"@id":"https:\/\/www.jazzzeitung.de\/cms\/2023\/03\/52-internationale-jazzwoche-burghausen\/#primaryimage"},"thumbnailUrl":"https:\/\/i0.wp.com\/www.jazzzeitung.de\/cms\/wp-content\/uploads\/2023\/03\/NEALTash-BWillie-RANDOLPHLanesha-RANDOLPHRobert%C2%A9Godehard.Lutz%40bayern-mail.de_IMGP3350_Bildgroesse-aendern.jpg?fit=1417%2C939&ssl=1","datePublished":"2023-03-31T12:34:31+00:00","breadcrumb":{"@id":"https:\/\/www.jazzzeitung.de\/cms\/2023\/03\/52-internationale-jazzwoche-burghausen\/#breadcrumb"},"inLanguage":"de","potentialAction":[{"@type":"ReadAction","target":["https:\/\/www.jazzzeitung.de\/cms\/2023\/03\/52-internationale-jazzwoche-burghausen\/"]}]},{"@type":"ImageObject","inLanguage":"de","@id":"https:\/\/www.jazzzeitung.de\/cms\/2023\/03\/52-internationale-jazzwoche-burghausen\/#primaryimage","url":"https:\/\/i0.wp.com\/www.jazzzeitung.de\/cms\/wp-content\/uploads\/2023\/03\/NEALTash-BWillie-RANDOLPHLanesha-RANDOLPHRobert%C2%A9Godehard.Lutz%40bayern-mail.de_IMGP3350_Bildgroesse-aendern.jpg?fit=1417%2C939&ssl=1","contentUrl":"https:\/\/i0.wp.com\/www.jazzzeitung.de\/cms\/wp-content\/uploads\/2023\/03\/NEALTash-BWillie-RANDOLPHLanesha-RANDOLPHRobert%C2%A9Godehard.Lutz%40bayern-mail.de_IMGP3350_Bildgroesse-aendern.jpg?fit=1417%2C939&ssl=1","width":1417,"height":939,"caption":"Die bluesige Robert Randolph Band mit Tash-B Willie Neal, Lanesha und Robert Randolph | \u00a9 Lutz Godehard"},{"@type":"BreadcrumbList","@id":"https:\/\/www.jazzzeitung.de\/cms\/2023\/03\/52-internationale-jazzwoche-burghausen\/#breadcrumb","itemListElement":[{"@type":"ListItem","position":1,"name":"Startseite","item":"https:\/\/www.jazzzeitung.de\/cms\/"},{"@type":"ListItem","position":2,"name":"52. Internationale Jazzwoche Burghausen"}]},{"@type":"WebSite","@id":"https:\/\/www.jazzzeitung.de\/cms\/#website","url":"https:\/\/www.jazzzeitung.de\/cms\/","name":"JazzZeitung","description":"Jazz-News und Jazz-Kontroverses","publisher":{"@id":"https:\/\/www.jazzzeitung.de\/cms\/#organization"},"potentialAction":[{"@type":"SearchAction","target":{"@type":"EntryPoint","urlTemplate":"https:\/\/www.jazzzeitung.de\/cms\/?s={search_term_string}"},"query-input":{"@type":"PropertyValueSpecification","valueRequired":true,"valueName":"search_term_string"}}],"inLanguage":"de"},{"@type":"Organization","@id":"https:\/\/www.jazzzeitung.de\/cms\/#organization","name":"JazzZeitung online","url":"https:\/\/www.jazzzeitung.de\/cms\/","logo":{"@type":"ImageObject","inLanguage":"de","@id":"https:\/\/www.jazzzeitung.de\/cms\/#\/schema\/logo\/image\/","url":"https:\/\/i0.wp.com\/www.jazzzeitung.de\/cms\/wp-content\/uploads\/2015\/08\/JAZZZEITUNGDE_Logo_Neu.png?fit=499%2C200&ssl=1","contentUrl":"https:\/\/i0.wp.com\/www.jazzzeitung.de\/cms\/wp-content\/uploads\/2015\/08\/JAZZZEITUNGDE_Logo_Neu.png?fit=499%2C200&ssl=1","width":499,"height":200,"caption":"JazzZeitung online"},"image":{"@id":"https:\/\/www.jazzzeitung.de\/cms\/#\/schema\/logo\/image\/"},"sameAs":["https:\/\/www.facebook.com\/JazzZeitung\/"]},{"@type":"Person","@id":"https:\/\/www.jazzzeitung.de\/cms\/#\/schema\/person\/2245b36b9cd1d24cea10f01c031fb92b","name":"Redaktion JazzZeitung","image":{"@type":"ImageObject","inLanguage":"de","@id":"https:\/\/i0.wp.com\/www.jazzzeitung.de\/cms\/wp-content\/uploads\/2015\/08\/JAZZZEITUNGDE_Logo_Neu.png?resize=96%2C96&ssl=159975dcacb611b5700bd619b5daf0a7a","url":"https:\/\/i0.wp.com\/www.jazzzeitung.de\/cms\/wp-content\/uploads\/2015\/08\/JAZZZEITUNGDE_Logo_Neu.png?resize=96%2C96&ssl=1","contentUrl":"https:\/\/i0.wp.com\/www.jazzzeitung.de\/cms\/wp-content\/uploads\/2015\/08\/JAZZZEITUNGDE_Logo_Neu.png?resize=96%2C96&ssl=1","caption":"Redaktion JazzZeitung"},"description":"Artikel der Redaktion der JazzZeitung.","sameAs":["http:\/\/www.jazzzeitung.de\/cms\/"],"url":"https:\/\/www.jazzzeitung.de\/cms\/author\/redaktion\/"}]}},"wp-worthy-pixel":{"ignored":false,"public":null,"server":null,"url":null},"wp-worthy-type":"normal","jetpack_publicize_connections":[],"cc_featured_image_caption":{"caption_text":"","source_text":"","source_url":""},"jetpack_featured_media_url":"https:\/\/i0.wp.com\/www.jazzzeitung.de\/cms\/wp-content\/uploads\/2023\/03\/NEALTash-BWillie-RANDOLPHLanesha-RANDOLPHRobert%C2%A9Godehard.Lutz%40bayern-mail.de_IMGP3350_Bildgroesse-aendern.jpg?fit=1417%2C939&ssl=1","jetpack_shortlink":"https:\/\/wp.me\/p3KEcT-7Cn","jetpack-related-posts":[{"id":14833,"url":"https:\/\/www.jazzzeitung.de\/cms\/2018\/01\/49-internationale-jazzwoche\/","url_meta":{"origin":29287,"position":0},"title":"Die 49. Internationale Jazzwoche Burghausen beginnt am 6. M\u00e4rz 2018","author":"Redaktion JazzZeitung","date":"24. Januar 2018","format":false,"excerpt":"Die 49. Ausgabe der Internationalen Jazzwoche in Burghausen findet heuer vom 6. bis 11. M\u00e4rz statt. Das Vorprogramm f\u00fcr den Auftritt der New Yorker Jazzrock-Band \u201eBlood, Sweat & Tears\u201c in der Wackerhalle am 7. M\u00e4rz wird am Tag davor beim Finale des 10. Europ\u00e4ischen Burghauser Nachwuchs-Jazzpreises ermittelt. Die Erstplatzierten des\u2026","rel":"","context":"In &quot;News&quot;","block_context":{"text":"News","link":"https:\/\/www.jazzzeitung.de\/cms\/thema\/nachrichten\/"},"img":{"alt_text":"","src":"https:\/\/i0.wp.com\/www.jazzzeitung.de\/cms\/wp-content\/uploads\/2018\/01\/bgh_pan_8002_cut.jpg?fit=1200%2C634&ssl=1&resize=350%2C200","width":350,"height":200,"srcset":"https:\/\/i0.wp.com\/www.jazzzeitung.de\/cms\/wp-content\/uploads\/2018\/01\/bgh_pan_8002_cut.jpg?fit=1200%2C634&ssl=1&resize=350%2C200 1x, https:\/\/i0.wp.com\/www.jazzzeitung.de\/cms\/wp-content\/uploads\/2018\/01\/bgh_pan_8002_cut.jpg?fit=1200%2C634&ssl=1&resize=525%2C300 1.5x, https:\/\/i0.wp.com\/www.jazzzeitung.de\/cms\/wp-content\/uploads\/2018\/01\/bgh_pan_8002_cut.jpg?fit=1200%2C634&ssl=1&resize=700%2C400 2x, https:\/\/i0.wp.com\/www.jazzzeitung.de\/cms\/wp-content\/uploads\/2018\/01\/bgh_pan_8002_cut.jpg?fit=1200%2C634&ssl=1&resize=1050%2C600 3x"},"classes":[]},{"id":15287,"url":"https:\/\/www.jazzzeitung.de\/cms\/2018\/03\/bildergalerie-internationale-jazzwoche-burghausen-2018\/","url_meta":{"origin":29287,"position":1},"title":"Bildergalerie: Internationale Jazzwoche Burghausen 2018","author":"Redaktion JazzZeitung","date":"12. M\u00e4rz 2018","format":false,"excerpt":"Gestern ging die 49. Internationale Jazzwoche Burghausen zu Ende. Ralf Dombrowski hat sie uns fotografisch dokumentiert. Die Interessengemeinschaft Jazz Burghausen e.V. ist durchweg zufrieden mit dem Ergebnis der 49. Internationalen Jazzwoche Burghausen e.V.: \u201eWir hatten (mit Stand Sonntagmittag) 7.500 Besucher. Damit kommen wir an das Rekordjahr 2017 nicht ran, aber\u2026","rel":"","context":"In &quot;Galerie&quot;","block_context":{"text":"Galerie","link":"https:\/\/www.jazzzeitung.de\/cms\/thema\/galerie\/"},"img":{"alt_text":"","src":"https:\/\/i0.wp.com\/www.jazzzeitung.de\/cms\/wp-content\/uploads\/2018\/03\/0K3A9690-Leleka-Viktoria-Anton-dombr.jpg?fit=1200%2C800&ssl=1&resize=350%2C200","width":350,"height":200,"srcset":"https:\/\/i0.wp.com\/www.jazzzeitung.de\/cms\/wp-content\/uploads\/2018\/03\/0K3A9690-Leleka-Viktoria-Anton-dombr.jpg?fit=1200%2C800&ssl=1&resize=350%2C200 1x, https:\/\/i0.wp.com\/www.jazzzeitung.de\/cms\/wp-content\/uploads\/2018\/03\/0K3A9690-Leleka-Viktoria-Anton-dombr.jpg?fit=1200%2C800&ssl=1&resize=525%2C300 1.5x, https:\/\/i0.wp.com\/www.jazzzeitung.de\/cms\/wp-content\/uploads\/2018\/03\/0K3A9690-Leleka-Viktoria-Anton-dombr.jpg?fit=1200%2C800&ssl=1&resize=700%2C400 2x, https:\/\/i0.wp.com\/www.jazzzeitung.de\/cms\/wp-content\/uploads\/2018\/03\/0K3A9690-Leleka-Viktoria-Anton-dombr.jpg?fit=1200%2C800&ssl=1&resize=1050%2C600 3x"},"classes":[]},{"id":27048,"url":"https:\/\/www.jazzzeitung.de\/cms\/2022\/04\/51-internationale-jazzwoche-burghausen-mit-jungem-jazz-und-reichlich-popacts\/","url_meta":{"origin":29287,"position":2},"title":"51. Internationale Jazzwoche Burghausen mit jungem Jazz und reichlich Popacts","author":"Redaktion JazzZeitung","date":"6. April 2022","format":false,"excerpt":"Die Zitterpartie um die 51. Internationale Jazzwoche Burghausen ist erfolgreich ausgestanden. Nach zweij\u00e4hriger Pause und dreifacher Planung - f\u00fcr M\u00e4rz 2020 und zweimal f\u00fcr 2021 - konnte sie mit 31 Auftritten fast wie gewohnt \u00fcber die B\u00fchnen gehen. Rund 6.000 Besucher an den sechs Tagen zeigten, dass trotz oder vielleicht\u2026","rel":"","context":"In &quot;Bericht&quot;","block_context":{"text":"Bericht","link":"https:\/\/www.jazzzeitung.de\/cms\/thema\/bericht\/"},"img":{"alt_text":"","src":"https:\/\/i0.wp.com\/www.jazzzeitung.de\/cms\/wp-content\/uploads\/2022\/04\/SHAKE-STEW_KRANZELBINDERLukas-PIRKERHerbert-WIESINGERAstrid-ROMMario-SCHLEIERMACHERJohannes%C2%A9Godehard.Lutz%40bayern-mail.de_IMGP1936-scaled.jpg?fit=1200%2C795&ssl=1&resize=350%2C200","width":350,"height":200,"srcset":"https:\/\/i0.wp.com\/www.jazzzeitung.de\/cms\/wp-content\/uploads\/2022\/04\/SHAKE-STEW_KRANZELBINDERLukas-PIRKERHerbert-WIESINGERAstrid-ROMMario-SCHLEIERMACHERJohannes%C2%A9Godehard.Lutz%40bayern-mail.de_IMGP1936-scaled.jpg?fit=1200%2C795&ssl=1&resize=350%2C200 1x, https:\/\/i0.wp.com\/www.jazzzeitung.de\/cms\/wp-content\/uploads\/2022\/04\/SHAKE-STEW_KRANZELBINDERLukas-PIRKERHerbert-WIESINGERAstrid-ROMMario-SCHLEIERMACHERJohannes%C2%A9Godehard.Lutz%40bayern-mail.de_IMGP1936-scaled.jpg?fit=1200%2C795&ssl=1&resize=525%2C300 1.5x, https:\/\/i0.wp.com\/www.jazzzeitung.de\/cms\/wp-content\/uploads\/2022\/04\/SHAKE-STEW_KRANZELBINDERLukas-PIRKERHerbert-WIESINGERAstrid-ROMMario-SCHLEIERMACHERJohannes%C2%A9Godehard.Lutz%40bayern-mail.de_IMGP1936-scaled.jpg?fit=1200%2C795&ssl=1&resize=700%2C400 2x, https:\/\/i0.wp.com\/www.jazzzeitung.de\/cms\/wp-content\/uploads\/2022\/04\/SHAKE-STEW_KRANZELBINDERLukas-PIRKERHerbert-WIESINGERAstrid-ROMMario-SCHLEIERMACHERJohannes%C2%A9Godehard.Lutz%40bayern-mail.de_IMGP1936-scaled.jpg?fit=1200%2C795&ssl=1&resize=1050%2C600 3x"},"classes":[]},{"id":23950,"url":"https:\/\/www.jazzzeitung.de\/cms\/2020\/12\/internationale-jazzwoche-burghausen-2021-auf-sommer-verschoben\/","url_meta":{"origin":29287,"position":3},"title":"Internationale Jazzwoche Burghausen 2021 auf Sommer verschoben","author":"Redaktion JazzZeitung","date":"9. Dezember 2020","format":false,"excerpt":"Nachdem das Festival in diesem Jahr bereits komplett abgesagt werden musste und die geplanten Programmpunkte zun\u00e4chst auf den M\u00e4rz 2021 umgebucht wurden, scheint eine Durchf\u00fchrung im Fr\u00fchjahr aufgrund der versch\u00e4rften Corona-Situation derzeit nicht realistisch. Die Entwicklungen lassen bef\u00fcrchten, dass auch bis weit \u00fcber den M\u00e4rz hinaus noch eine so unsichere\u2026","rel":"","context":"In &quot;News&quot;","block_context":{"text":"News","link":"https:\/\/www.jazzzeitung.de\/cms\/thema\/nachrichten\/"},"img":{"alt_text":"","src":"https:\/\/i0.wp.com\/www.jazzzeitung.de\/cms\/wp-content\/uploads\/2020\/12\/burghausen.jpg?fit=1200%2C600&ssl=1&resize=350%2C200","width":350,"height":200,"srcset":"https:\/\/i0.wp.com\/www.jazzzeitung.de\/cms\/wp-content\/uploads\/2020\/12\/burghausen.jpg?fit=1200%2C600&ssl=1&resize=350%2C200 1x, https:\/\/i0.wp.com\/www.jazzzeitung.de\/cms\/wp-content\/uploads\/2020\/12\/burghausen.jpg?fit=1200%2C600&ssl=1&resize=525%2C300 1.5x, https:\/\/i0.wp.com\/www.jazzzeitung.de\/cms\/wp-content\/uploads\/2020\/12\/burghausen.jpg?fit=1200%2C600&ssl=1&resize=700%2C400 2x, https:\/\/i0.wp.com\/www.jazzzeitung.de\/cms\/wp-content\/uploads\/2020\/12\/burghausen.jpg?fit=1200%2C600&ssl=1&resize=1050%2C600 3x"},"classes":[]},{"id":26837,"url":"https:\/\/www.jazzzeitung.de\/cms\/2022\/03\/news-70-jahre-swr-bigband-51-jazzwoche-burghausen\/","url_meta":{"origin":29287,"position":4},"title":"+++ news +++70 Jahre SWR Bigband +++ 51. Jazzwoche Burghausen +++","author":"Redaktion JazzZeitung","date":"10. M\u00e4rz 2022","format":false,"excerpt":"70 Jahre SWR Bigband Nachdem das Jubil\u00e4umskonzert 2021 coronabedingt ausfallen musste, feiert die SWR Bigband dieses Jahr am 3. April in der Porsche-Arena ihr 70 j\u00e4hriges Bestehen. Geplant ist die \"gr\u00f6\u00dfte Bigband Sause, die es in Stuttgart je gegeben hat\". Es gratulieren zahlreiche K\u00fcnstlerinnen und K\u00fcnstler, darunter Paul Carrack, Till\u2026","rel":"","context":"In &quot;News&quot;","block_context":{"text":"News","link":"https:\/\/www.jazzzeitung.de\/cms\/thema\/nachrichten\/"},"img":{"alt_text":"","src":"https:\/\/i0.wp.com\/www.jazzzeitung.de\/cms\/wp-content\/uploads\/2022\/03\/SWRBB_Logo-cLena-Semmelroggen-4-scaled.jpg?fit=1200%2C800&ssl=1&resize=350%2C200","width":350,"height":200,"srcset":"https:\/\/i0.wp.com\/www.jazzzeitung.de\/cms\/wp-content\/uploads\/2022\/03\/SWRBB_Logo-cLena-Semmelroggen-4-scaled.jpg?fit=1200%2C800&ssl=1&resize=350%2C200 1x, https:\/\/i0.wp.com\/www.jazzzeitung.de\/cms\/wp-content\/uploads\/2022\/03\/SWRBB_Logo-cLena-Semmelroggen-4-scaled.jpg?fit=1200%2C800&ssl=1&resize=525%2C300 1.5x, https:\/\/i0.wp.com\/www.jazzzeitung.de\/cms\/wp-content\/uploads\/2022\/03\/SWRBB_Logo-cLena-Semmelroggen-4-scaled.jpg?fit=1200%2C800&ssl=1&resize=700%2C400 2x, https:\/\/i0.wp.com\/www.jazzzeitung.de\/cms\/wp-content\/uploads\/2022\/03\/SWRBB_Logo-cLena-Semmelroggen-4-scaled.jpg?fit=1200%2C800&ssl=1&resize=1050%2C600 3x"},"classes":[]},{"id":26908,"url":"https:\/\/www.jazzzeitung.de\/cms\/2022\/03\/news-kari-ikonen-titelfoto-beim-enjoy-jazz-festival-heidelberg-persischer-jazzfruehling-in-muenchen-51-jazzwoche-burghausen-br-uebertraegt-konzerte\/","url_meta":{"origin":29287,"position":5},"title":"+++ news +++ Kari Ikonen (Titelfoto) beim Enjoy Jazz Festival Heidelberg +++ Persischer Jazzfr\u00fchling in M\u00fcnchen +++ 51. Jazzwoche Burghausen: BR \u00fcbertr\u00e4gt Konzerte +++","author":"Redaktion JazzZeitung","date":"22. M\u00e4rz 2022","format":false,"excerpt":"Burghausen Jazzwoche startet Nachdem die Jazzwoche Burghausen in den letzten zwei Jahren ausfallen musste, kann sie vom 22. bis 27. M\u00e4rz zum 51. Mal stattfinden. Das Programm ist bunt gemischt und reicht Soul-S\u00e4ngerin Joy Denalane bis zur Jazzharfenistin Juli Campiche. Der Bayerische Rundfunk \u00fcbertr\u00e4gt als Partner des Festivals ausgew\u00e4hlte Highlights\u2026","rel":"","context":"In &quot;News&quot;","block_context":{"text":"News","link":"https:\/\/www.jazzzeitung.de\/cms\/thema\/nachrichten\/"},"img":{"alt_text":"","src":"https:\/\/i0.wp.com\/www.jazzzeitung.de\/cms\/wp-content\/uploads\/2022\/03\/20220515_Kari-Ikonen_c_Tanja-Ahola.jpg?fit=909%2C1200&ssl=1&resize=350%2C200","width":350,"height":200,"srcset":"https:\/\/i0.wp.com\/www.jazzzeitung.de\/cms\/wp-content\/uploads\/2022\/03\/20220515_Kari-Ikonen_c_Tanja-Ahola.jpg?fit=909%2C1200&ssl=1&resize=350%2C200 1x, https:\/\/i0.wp.com\/www.jazzzeitung.de\/cms\/wp-content\/uploads\/2022\/03\/20220515_Kari-Ikonen_c_Tanja-Ahola.jpg?fit=909%2C1200&ssl=1&resize=525%2C300 1.5x, https:\/\/i0.wp.com\/www.jazzzeitung.de\/cms\/wp-content\/uploads\/2022\/03\/20220515_Kari-Ikonen_c_Tanja-Ahola.jpg?fit=909%2C1200&ssl=1&resize=700%2C400 2x"},"classes":[]}],"jetpack_sharing_enabled":true,"_links":{"self":[{"href":"https:\/\/www.jazzzeitung.de\/cms\/wp-json\/wp\/v2\/posts\/29287","targetHints":{"allow":["GET"]}}],"collection":[{"href":"https:\/\/www.jazzzeitung.de\/cms\/wp-json\/wp\/v2\/posts"}],"about":[{"href":"https:\/\/www.jazzzeitung.de\/cms\/wp-json\/wp\/v2\/types\/post"}],"author":[{"embeddable":true,"href":"https:\/\/www.jazzzeitung.de\/cms\/wp-json\/wp\/v2\/users\/18"}],"replies":[{"embeddable":true,"href":"https:\/\/www.jazzzeitung.de\/cms\/wp-json\/wp\/v2\/comments?post=29287"}],"version-history":[{"count":5,"href":"https:\/\/www.jazzzeitung.de\/cms\/wp-json\/wp\/v2\/posts\/29287\/revisions"}],"predecessor-version":[{"id":29315,"href":"https:\/\/www.jazzzeitung.de\/cms\/wp-json\/wp\/v2\/posts\/29287\/revisions\/29315"}],"wp:featuredmedia":[{"embeddable":true,"href":"https:\/\/www.jazzzeitung.de\/cms\/wp-json\/wp\/v2\/media\/29300"}],"wp:attachment":[{"href":"https:\/\/www.jazzzeitung.de\/cms\/wp-json\/wp\/v2\/media?parent=29287"}],"wp:term":[{"taxonomy":"category","embeddable":true,"href":"https:\/\/www.jazzzeitung.de\/cms\/wp-json\/wp\/v2\/categories?post=29287"},{"taxonomy":"post_tag","embeddable":true,"href":"https:\/\/www.jazzzeitung.de\/cms\/wp-json\/wp\/v2\/tags?post=29287"},{"taxonomy":"author","embeddable":true,"href":"https:\/\/www.jazzzeitung.de\/cms\/wp-json\/wp\/v2\/coauthors?post=29287"}],"curies":[{"name":"wp","href":"https:\/\/api.w.org\/{rel}","templated":true}]}}