{"id":29253,"date":"2023-03-28T10:57:35","date_gmt":"2023-03-28T08:57:35","guid":{"rendered":"https:\/\/www.jazzzeitung.de\/cms\/?p=29253"},"modified":"2023-04-03T09:49:31","modified_gmt":"2023-04-03T07:49:31","slug":"das-shuteen-erdenebaatar-quartett-live-in-puchheim","status":"publish","type":"post","link":"https:\/\/www.jazzzeitung.de\/cms\/2023\/03\/das-shuteen-erdenebaatar-quartett-live-in-puchheim\/","title":{"rendered":"Das Shuteen Erdenebaatar Quartett live in Puchheim"},"content":{"rendered":"<h4><strong>Vor den Toren M\u00fcnchens, im Puchheimer Kulturcentrum PUC, gastierte die Komponistin und Pianistin Shuteen Erdenebaatar mit ihrem Quartett und stellte ihr aktuelles Programm vor. Mit von der Partie waren Nils Kugelmann am Bass, der Schlagzeuger Valentin Renner und Saxophonist Anton Mangold.<\/strong><strong>\u00a0<\/strong><\/h4>\n<p>Shuteen Erdenebaatar, wurde 1998 in der mongolischen Hauptstadt Ulaanbaatar geboren, lebt seit 2018 in M\u00fcnchen und war von Beginn an fest mit der lokalen Jazzszene verwurzelt. Nach einem Doppelmasterstudium in Jazzklavier und Jazzkomposition an der Hochschule f\u00fcr Musik und Theater sowie einem weiterbildenden Zertifikatsstudium Meisterklasse wurde sie im Jahr 2021 mit dem Kurt Maas Jazzpreis ausgezeichnet, letztes Jahr mit dem renommierten BMW Young Artist Jazz Award, dem Publikumspreis des M\u00fcnchner Jazzpreises und dem Biberacher Jazz-Kompositionspreis. Beeindruckend daran ist, was sie mit ihrem Talent anstellt: Neben ihrem Quartett ist sie Teil des Lightville Duos und Dirigentin ihres neu gegr\u00fcndeten 20-k\u00f6pfigen, genre\u00fcbergreifenden Chamber Jazz Orchestra in M\u00fcnchen. Bei ihrem musikalischen Schaffen stehen ausdrucksstarke Kompositionen im Vordergrund, mit tiefgr\u00fcndigen Harmonien und wundervollen Melodien, die ihren Mitstreiter&#42;innen viel Raum f\u00fcr Improvisationen geben.<\/p>\n<h4><strong>Restlos begeistertes Publikum<\/strong><\/h4>\n<p>Dementsprechend \u00fcberzeugte das Shuteen Erdenebaatar Quartett im Puchheimer Kulturcentrum PUC von der ersten bis zur letzten Minute und pr\u00e4sentierte ein ungemein abwechslungsreiches Programm mit, wie sollte es anders sein, Eigenkompositionen aus Erdenebaatars Feder, wie \u201eWildes Laub\u201c, das von einer mongolischen Volksweise inspirierte \u201eRising Sun\u201c, \u201eAn Answer From The Distant Hill\u201c oder \u201eUp &amp; Downs\u201c. Nils Kugelmann und Anton Mangold steuerten ebenfalls berauschende Originals bei. So harmonierten und groovten die beiden Sets der Band an dem Abend vor einem restlos begeisterten Publikum. Was besonders hervorstach, war die Interaktion und Kommunikation der Musiker, die traumwandlerisch musizierten, dicht verwoben, inspiriert und beseelt. Man darf gespannt sein auf Shuteen Erdenebaatars Debutalbum, das diesen Herbst erscheinen wird, und was sie mit ihren vielseitigen Projekten weiter unternehmen wird!<\/p>\n<div class=\"tiled-gallery type-rectangular tiled-gallery-unresized\" data-original-width=\"840\" data-carousel-extra='{&quot;blog_id&quot;:1,&quot;permalink&quot;:&quot;https:\\\/\\\/www.jazzzeitung.de\\\/cms\\\/2023\\\/03\\\/das-shuteen-erdenebaatar-quartett-live-in-puchheim\\\/&quot;,&quot;likes_blog_id&quot;:55446655}' itemscope itemtype=\"http:\/\/schema.org\/ImageGallery\" > <div class=\"gallery-row\" style=\"width: 840px; height: 165px;\" data-original-width=\"840\" data-original-height=\"165\" > <div class=\"gallery-group images-1\" style=\"width: 239px; height: 165px;\" data-original-width=\"239\" data-original-height=\"165\" > <div class=\"tiled-gallery-item tiled-gallery-item-small\" itemprop=\"associatedMedia\" itemscope itemtype=\"http:\/\/schema.org\/ImageObject\"> <a href=\"https:\/\/www.jazzzeitung.de\/cms\/2023\/03\/das-shuteen-erdenebaatar-quartett-live-in-puchheim\/p2369298-erdenabaatar-foto-tj-krebs\/\" border=\"0\" itemprop=\"url\"> <meta itemprop=\"width\" content=\"235\"> <meta itemprop=\"height\" content=\"161\"> <img decoding=\"async\" class=\"\" data-attachment-id=\"29254\" data-orig-file=\"https:\/\/www.jazzzeitung.de\/cms\/wp-content\/uploads\/2023\/03\/P2369298-Erdenabaatar-Foto-TJ-Krebs.jpg\" data-orig-size=\"1200,823\" data-comments-opened=\"1\" data-image-meta=\"{&quot;aperture&quot;:&quot;0&quot;,&quot;credit&quot;:&quot;&quot;,&quot;camera&quot;:&quot;&quot;,&quot;caption&quot;:&quot;&quot;,&quot;created_timestamp&quot;:&quot;0&quot;,&quot;copyright&quot;:&quot;&quot;,&quot;focal_length&quot;:&quot;0&quot;,&quot;iso&quot;:&quot;0&quot;,&quot;shutter_speed&quot;:&quot;0&quot;,&quot;title&quot;:&quot;&quot;,&quot;orientation&quot;:&quot;0&quot;}\" data-image-title=\"P2369298 Erdenabaatar &amp;#8211; Foto TJ Krebs\" data-image-description=\"&lt;p&gt;Shuteen Erdenabaatar sitzt am Klavier und schaut gedankenversunken nach unten.&lt;\/p&gt; \" data-medium-file=\"https:\/\/i0.wp.com\/www.jazzzeitung.de\/cms\/wp-content\/uploads\/2023\/03\/P2369298-Erdenabaatar-Foto-TJ-Krebs.jpg?fit=300%2C206&#038;ssl=1\" data-large-file=\"https:\/\/i0.wp.com\/www.jazzzeitung.de\/cms\/wp-content\/uploads\/2023\/03\/P2369298-Erdenabaatar-Foto-TJ-Krebs.jpg?fit=840%2C576&#038;ssl=1\" src=\"https:\/\/i0.wp.com\/www.jazzzeitung.de\/cms\/wp-content\/uploads\/2023\/03\/P2369298-Erdenabaatar-Foto-TJ-Krebs.jpg?w=235&#038;h=161&#038;ssl=1\" srcset=\"https:\/\/i0.wp.com\/www.jazzzeitung.de\/cms\/wp-content\/uploads\/2023\/03\/P2369298-Erdenabaatar-Foto-TJ-Krebs.jpg?w=1200&amp;ssl=1 1200w, https:\/\/i0.wp.com\/www.jazzzeitung.de\/cms\/wp-content\/uploads\/2023\/03\/P2369298-Erdenabaatar-Foto-TJ-Krebs.jpg?resize=300%2C206&amp;ssl=1 300w, https:\/\/i0.wp.com\/www.jazzzeitung.de\/cms\/wp-content\/uploads\/2023\/03\/P2369298-Erdenabaatar-Foto-TJ-Krebs.jpg?resize=875%2C600&amp;ssl=1 875w, https:\/\/i0.wp.com\/www.jazzzeitung.de\/cms\/wp-content\/uploads\/2023\/03\/P2369298-Erdenabaatar-Foto-TJ-Krebs.jpg?resize=768%2C527&amp;ssl=1 768w\" width=\"235\" height=\"161\" loading=\"lazy\" data-original-width=\"235\" data-original-height=\"161\" itemprop=\"http:\/\/schema.org\/image\" title=\"P2369298 Erdenabaatar - Foto TJ Krebs\" alt=\"Shuteen Erdenabaatar Quartett in Puchheim Kulturzentrum PUC. Shuteen Erdenabaatar am Fl\u00fcgel.\" style=\"width: 235px; height: 161px;\" \/> <\/a> <div class=\"tiled-gallery-caption\" itemprop=\"caption description\"> Klavier und Komposition: Shuteen Erdenebaatar | Foto: TJ Krebs <\/div> <\/div> <\/div> <!-- close group --> <div class=\"gallery-group images-1\" style=\"width: 245px; height: 165px;\" data-original-width=\"245\" data-original-height=\"165\" > <div class=\"tiled-gallery-item tiled-gallery-item-small\" itemprop=\"associatedMedia\" itemscope itemtype=\"http:\/\/schema.org\/ImageObject\"> <a href=\"https:\/\/www.jazzzeitung.de\/cms\/2023\/03\/das-shuteen-erdenebaatar-quartett-live-in-puchheim\/p2369307-mangold-foto-tj-krebs\/\" border=\"0\" itemprop=\"url\"> <meta itemprop=\"width\" content=\"241\"> <meta itemprop=\"height\" content=\"161\"> <img decoding=\"async\" class=\"\" data-attachment-id=\"29255\" data-orig-file=\"https:\/\/www.jazzzeitung.de\/cms\/wp-content\/uploads\/2023\/03\/P2369307-Mangold-Foto-TJ-Krebs.jpg\" data-orig-size=\"1200,800\" data-comments-opened=\"1\" data-image-meta=\"{&quot;aperture&quot;:&quot;0&quot;,&quot;credit&quot;:&quot;&quot;,&quot;camera&quot;:&quot;&quot;,&quot;caption&quot;:&quot;&quot;,&quot;created_timestamp&quot;:&quot;0&quot;,&quot;copyright&quot;:&quot;&quot;,&quot;focal_length&quot;:&quot;0&quot;,&quot;iso&quot;:&quot;0&quot;,&quot;shutter_speed&quot;:&quot;0&quot;,&quot;title&quot;:&quot;&quot;,&quot;orientation&quot;:&quot;0&quot;}\" data-image-title=\"P2369307 Mangold &amp;#8211; Foto TJ Krebs\" data-image-description=\"&lt;p&gt;Anton Mangold spielt mit geschlossenen Augen Saxophon.&lt;\/p&gt; \" data-medium-file=\"https:\/\/i0.wp.com\/www.jazzzeitung.de\/cms\/wp-content\/uploads\/2023\/03\/P2369307-Mangold-Foto-TJ-Krebs.jpg?fit=300%2C200&#038;ssl=1\" data-large-file=\"https:\/\/i0.wp.com\/www.jazzzeitung.de\/cms\/wp-content\/uploads\/2023\/03\/P2369307-Mangold-Foto-TJ-Krebs.jpg?fit=840%2C560&#038;ssl=1\" src=\"https:\/\/i0.wp.com\/www.jazzzeitung.de\/cms\/wp-content\/uploads\/2023\/03\/P2369307-Mangold-Foto-TJ-Krebs.jpg?w=241&#038;h=161&#038;ssl=1\" srcset=\"https:\/\/i0.wp.com\/www.jazzzeitung.de\/cms\/wp-content\/uploads\/2023\/03\/P2369307-Mangold-Foto-TJ-Krebs.jpg?w=1200&amp;ssl=1 1200w, https:\/\/i0.wp.com\/www.jazzzeitung.de\/cms\/wp-content\/uploads\/2023\/03\/P2369307-Mangold-Foto-TJ-Krebs.jpg?resize=300%2C200&amp;ssl=1 300w, https:\/\/i0.wp.com\/www.jazzzeitung.de\/cms\/wp-content\/uploads\/2023\/03\/P2369307-Mangold-Foto-TJ-Krebs.jpg?resize=900%2C600&amp;ssl=1 900w, https:\/\/i0.wp.com\/www.jazzzeitung.de\/cms\/wp-content\/uploads\/2023\/03\/P2369307-Mangold-Foto-TJ-Krebs.jpg?resize=768%2C512&amp;ssl=1 768w, https:\/\/i0.wp.com\/www.jazzzeitung.de\/cms\/wp-content\/uploads\/2023\/03\/P2369307-Mangold-Foto-TJ-Krebs.jpg?resize=120%2C80&amp;ssl=1 120w\" width=\"241\" height=\"161\" loading=\"lazy\" data-original-width=\"241\" data-original-height=\"161\" itemprop=\"http:\/\/schema.org\/image\" title=\"P2369307 Mangold - Foto TJ Krebs\" alt=\"Shuteen Erdenabaatar Quartett in Puchheim Kulturzentrum PUC. Anton Mangold spielt Saxofon vor schwarzem Hintergrund.\" style=\"width: 241px; height: 161px;\" \/> <\/a> <div class=\"tiled-gallery-caption\" itemprop=\"caption description\"> Saxophonist Anton Mangold lieferte ebenfalls ein paar Kompositionen. | Foto: TJ Krebs <\/div> <\/div> <\/div> <!-- close group --> <div class=\"gallery-group images-1\" style=\"width: 111px; height: 165px;\" data-original-width=\"111\" data-original-height=\"165\" > <div class=\"tiled-gallery-item tiled-gallery-item-small\" itemprop=\"associatedMedia\" itemscope itemtype=\"http:\/\/schema.org\/ImageObject\"> <a href=\"https:\/\/www.jazzzeitung.de\/cms\/2023\/03\/das-shuteen-erdenebaatar-quartett-live-in-puchheim\/p2369324-kugelmann-foto-tj-krebs\/\" border=\"0\" itemprop=\"url\"> <meta itemprop=\"width\" content=\"107\"> <meta itemprop=\"height\" content=\"161\"> <img decoding=\"async\" class=\"\" data-attachment-id=\"29256\" data-orig-file=\"https:\/\/www.jazzzeitung.de\/cms\/wp-content\/uploads\/2023\/03\/P2369324-Kugelmann-Foto-TJ-Krebs.jpg\" data-orig-size=\"800,1200\" data-comments-opened=\"1\" data-image-meta=\"{&quot;aperture&quot;:&quot;0&quot;,&quot;credit&quot;:&quot;&quot;,&quot;camera&quot;:&quot;&quot;,&quot;caption&quot;:&quot;&quot;,&quot;created_timestamp&quot;:&quot;0&quot;,&quot;copyright&quot;:&quot;&quot;,&quot;focal_length&quot;:&quot;0&quot;,&quot;iso&quot;:&quot;0&quot;,&quot;shutter_speed&quot;:&quot;0&quot;,&quot;title&quot;:&quot;&quot;,&quot;orientation&quot;:&quot;0&quot;}\" data-image-title=\"P2369324 Kugelmann &amp;#8211; Foto TJ Krebs\" data-image-description=\"&lt;p&gt;Shuteen Erdenabaatar Quartett in Puchheim Kulturzentrum PUC.&lt;br \/&gt; Bassist Nils Kugelmann spielt mit beseeltem Blick und hat seinen Kopf an den Hals des Basses gelegt. &lt;\/p&gt; \" data-medium-file=\"https:\/\/i0.wp.com\/www.jazzzeitung.de\/cms\/wp-content\/uploads\/2023\/03\/P2369324-Kugelmann-Foto-TJ-Krebs.jpg?fit=200%2C300&#038;ssl=1\" data-large-file=\"https:\/\/i0.wp.com\/www.jazzzeitung.de\/cms\/wp-content\/uploads\/2023\/03\/P2369324-Kugelmann-Foto-TJ-Krebs.jpg?fit=400%2C600&#038;ssl=1\" src=\"https:\/\/i0.wp.com\/www.jazzzeitung.de\/cms\/wp-content\/uploads\/2023\/03\/P2369324-Kugelmann-Foto-TJ-Krebs.jpg?w=107&#038;h=161&#038;ssl=1\" srcset=\"https:\/\/i0.wp.com\/www.jazzzeitung.de\/cms\/wp-content\/uploads\/2023\/03\/P2369324-Kugelmann-Foto-TJ-Krebs.jpg?w=800&amp;ssl=1 800w, https:\/\/i0.wp.com\/www.jazzzeitung.de\/cms\/wp-content\/uploads\/2023\/03\/P2369324-Kugelmann-Foto-TJ-Krebs.jpg?resize=200%2C300&amp;ssl=1 200w, https:\/\/i0.wp.com\/www.jazzzeitung.de\/cms\/wp-content\/uploads\/2023\/03\/P2369324-Kugelmann-Foto-TJ-Krebs.jpg?resize=400%2C600&amp;ssl=1 400w, https:\/\/i0.wp.com\/www.jazzzeitung.de\/cms\/wp-content\/uploads\/2023\/03\/P2369324-Kugelmann-Foto-TJ-Krebs.jpg?resize=768%2C1152&amp;ssl=1 768w\" width=\"107\" height=\"161\" loading=\"lazy\" data-original-width=\"107\" data-original-height=\"161\" itemprop=\"http:\/\/schema.org\/image\" title=\"P2369324 Kugelmann - Foto TJ Krebs\" alt=\"Shuteen Erdenabaatar Quartett in Puchheim Kulturzentrum PUC. Bassist Nils Kugelmann spielt mit beseeltem Blick und hat seinen Kopf an den Hals des Basses gelegt.\" style=\"width: 107px; height: 161px;\" \/> <\/a> <div class=\"tiled-gallery-caption\" itemprop=\"caption description\"> Nils Kugelmann steuert zu dem erfolgreichen Abend seinen Bass-Groove und einzelne Kompositionen bei. | Foto: TJ Krebs <\/div> <\/div> <\/div> <!-- close group --> <div class=\"gallery-group images-1\" style=\"width: 245px; height: 165px;\" data-original-width=\"245\" data-original-height=\"165\" > <div class=\"tiled-gallery-item tiled-gallery-item-small\" itemprop=\"associatedMedia\" itemscope itemtype=\"http:\/\/schema.org\/ImageObject\"> <a href=\"https:\/\/www.jazzzeitung.de\/cms\/2023\/03\/das-shuteen-erdenebaatar-quartett-live-in-puchheim\/p2369358-renner-foto-tj-krebs\/\" border=\"0\" itemprop=\"url\"> <meta itemprop=\"width\" content=\"241\"> <meta itemprop=\"height\" content=\"161\"> <img decoding=\"async\" class=\"\" data-attachment-id=\"29257\" data-orig-file=\"https:\/\/www.jazzzeitung.de\/cms\/wp-content\/uploads\/2023\/03\/P2369358-Renner-Foto-TJ-Krebs.jpg\" data-orig-size=\"1200,800\" data-comments-opened=\"1\" data-image-meta=\"{&quot;aperture&quot;:&quot;0&quot;,&quot;credit&quot;:&quot;&quot;,&quot;camera&quot;:&quot;&quot;,&quot;caption&quot;:&quot;&quot;,&quot;created_timestamp&quot;:&quot;0&quot;,&quot;copyright&quot;:&quot;&quot;,&quot;focal_length&quot;:&quot;0&quot;,&quot;iso&quot;:&quot;0&quot;,&quot;shutter_speed&quot;:&quot;0&quot;,&quot;title&quot;:&quot;&quot;,&quot;orientation&quot;:&quot;0&quot;}\" data-image-title=\"P2369358 Renner &amp;#8211; Foto TJ Krebs\" data-image-description=\"&lt;p&gt;Shuteen Erdenabaatar Quartett in Puchheim Kulturzentrum PUC.&lt;br \/&gt; Valentin Renner spielt Drumset und hat seine Quartett-Kolleg*innen im Blick. &lt;\/p&gt; \" data-medium-file=\"https:\/\/i0.wp.com\/www.jazzzeitung.de\/cms\/wp-content\/uploads\/2023\/03\/P2369358-Renner-Foto-TJ-Krebs.jpg?fit=300%2C200&#038;ssl=1\" data-large-file=\"https:\/\/i0.wp.com\/www.jazzzeitung.de\/cms\/wp-content\/uploads\/2023\/03\/P2369358-Renner-Foto-TJ-Krebs.jpg?fit=840%2C560&#038;ssl=1\" src=\"https:\/\/i0.wp.com\/www.jazzzeitung.de\/cms\/wp-content\/uploads\/2023\/03\/P2369358-Renner-Foto-TJ-Krebs.jpg?w=241&#038;h=161&#038;ssl=1\" srcset=\"https:\/\/i0.wp.com\/www.jazzzeitung.de\/cms\/wp-content\/uploads\/2023\/03\/P2369358-Renner-Foto-TJ-Krebs.jpg?w=1200&amp;ssl=1 1200w, https:\/\/i0.wp.com\/www.jazzzeitung.de\/cms\/wp-content\/uploads\/2023\/03\/P2369358-Renner-Foto-TJ-Krebs.jpg?resize=300%2C200&amp;ssl=1 300w, https:\/\/i0.wp.com\/www.jazzzeitung.de\/cms\/wp-content\/uploads\/2023\/03\/P2369358-Renner-Foto-TJ-Krebs.jpg?resize=900%2C600&amp;ssl=1 900w, https:\/\/i0.wp.com\/www.jazzzeitung.de\/cms\/wp-content\/uploads\/2023\/03\/P2369358-Renner-Foto-TJ-Krebs.jpg?resize=768%2C512&amp;ssl=1 768w, https:\/\/i0.wp.com\/www.jazzzeitung.de\/cms\/wp-content\/uploads\/2023\/03\/P2369358-Renner-Foto-TJ-Krebs.jpg?resize=120%2C80&amp;ssl=1 120w\" width=\"241\" height=\"161\" loading=\"lazy\" data-original-width=\"241\" data-original-height=\"161\" itemprop=\"http:\/\/schema.org\/image\" title=\"P2369358 Renner - Foto TJ Krebs\" alt=\"Shuteen Erdenabaatar Quartett in Puchheim Kulturzentrum PUC. Valentin Renner spielt Drumset und hat seine Quartett-Kolleg*innen im Blick. Schlagzeuger am Schlagzeug in blauem Licht.\" style=\"width: 241px; height: 161px;\" \/> <\/a> <div class=\"tiled-gallery-caption\" itemprop=\"caption description\"> Valentin Renner. | Foto: TJ Krebs <\/div> <\/div> <\/div> <!-- close group --> <\/div> <!-- close row --> <\/div>\n<hr \/>\n<p>Fotos: Thomas J. Krebs<\/p>\n","protected":false},"excerpt":{"rendered":"<p>Vor den Toren M\u00fcnchens, im Puchheimer Kulturcentrum PUC, gastierte die Komponistin und Pianistin Shuteen Erdenebaatar mit ihrem Quartett und stellte ihr aktuelles Programm vor. Mit von der Partie waren Nils Kugelmann am Bass, der Schlagzeuger Valentin Renner und Saxophonist Anton Mangold.\u00a0 Shuteen Erdenebaatar, wurde 1998 in der mongolischen Hauptstadt Ulaanbaatar geboren, lebt seit 2018 in M\u00fcnchen und war von Beginn an fest mit der lokalen Jazzszene verwurzelt. Nach einem Doppelmasterstudium in Jazzklavier und Jazzkomposition an der Hochschule f\u00fcr Musik und Theater sowie einem weiterbildenden Zertifikatsstudium Meisterklasse wurde sie im Jahr 2021 mit dem Kurt Maas Jazzpreis ausgezeichnet, letztes Jahr mit dem renommierten BMW Young Artist Jazz Award, dem Publikumspreis des M\u00fcnchner Jazzpreises und dem Biberacher Jazz-Kompositionspreis. Beeindruckend daran ist, was sie mit ihrem Talent anstellt: Neben ihrem Quartett ist sie Teil des Lightville Duos und Dirigentin ihres neu gegr\u00fcndeten 20-k\u00f6pfigen, genre\u00fcbergreifenden Chamber Jazz Orchestra in M\u00fcnchen. Bei ihrem musikalischen Schaffen stehen ausdrucksstarke Kompositionen im Vordergrund, mit tiefgr\u00fcndigen Harmonien und wundervollen Melodien, die ihren Mitstreiter&#42;innen viel Raum f\u00fcr Improvisationen geben. Restlos begeistertes Publikum Dementsprechend \u00fcberzeugte das Shuteen Erdenebaatar Quartett im Puchheimer Kulturcentrum PUC von der ersten &hellip;<\/p>\n","protected":false},"author":35,"featured_media":29258,"comment_status":"open","ping_status":"closed","sticky":false,"template":"","format":"standard","meta":{"_jetpack_memberships_contains_paid_content":false,"footnotes":"","jetpack_publicize_message":"","jetpack_publicize_feature_enabled":true,"jetpack_social_post_already_shared":false,"jetpack_social_options":{"image_generator_settings":{"template":"highway","default_image_id":0,"font":"","enabled":false},"version":2}},"categories":[1053],"tags":[1959,3391,4770,3914,1763,3503,4420,1911,226,1876,254,4140,3984,1423,1978,1418,337,1672,401,4131,4144,4772,4773,1965,2312,4769,4209,4771,1260,4432],"coauthors":[1602],"class_list":["post-29253","post","type-post","status-publish","format-standard","has-post-thumbnail","hentry","category-bericht","tag-1959","tag-3391","tag-anton-mangold","tag-band","tag-bass","tag-bmw","tag-chamber-jazz-orchestra","tag-fotos","tag-hochschule-fuer-musik-und-theater","tag-jazz","tag-jazz-award","tag-jazz-orchestra","tag-jazzklavier","tag-jazzpreis","tag-jazzszene","tag-krebs","tag-kurt-maas","tag-live","tag-muenchen","tag-nils-kugelmann","tag-programm","tag-puchheim","tag-puchheim-kulturcentrum-puc","tag-quartett","tag-schlagzeuger","tag-sebastian-renner","tag-shuteen-erdenebaatar","tag-shuteen-erdenebaatar-quartett","tag-thomas-j-krebs","tag-valentin-renner"],"yoast_head":"<!-- This site is optimized with the Yoast SEO plugin v27.5 - https:\/\/yoast.com\/product\/yoast-seo-wordpress\/ -->\n<title>Das Shuteen Erdenebaatar Quartett live in Puchheim - JazzZeitung<\/title>\n<meta name=\"robots\" content=\"index, follow, max-snippet:-1, max-image-preview:large, max-video-preview:-1\" \/>\n<link rel=\"canonical\" href=\"https:\/\/www.jazzzeitung.de\/cms\/2023\/03\/das-shuteen-erdenebaatar-quartett-live-in-puchheim\/\" \/>\n<meta property=\"og:locale\" content=\"de_DE\" \/>\n<meta property=\"og:type\" content=\"article\" \/>\n<meta property=\"og:title\" content=\"Das Shuteen Erdenebaatar Quartett live in Puchheim - JazzZeitung\" \/>\n<meta property=\"og:description\" content=\"Vor den Toren M\u00fcnchens, im Puchheimer Kulturcentrum PUC, gastierte die Komponistin und Pianistin Shuteen Erdenebaatar mit ihrem Quartett und stellte ihr aktuelles Programm vor. Mit von der Partie waren Nils Kugelmann am Bass, der Schlagzeuger Valentin Renner und Saxophonist Anton Mangold.\u00a0 Shuteen Erdenebaatar, wurde 1998 in der mongolischen Hauptstadt Ulaanbaatar geboren, lebt seit 2018 in M\u00fcnchen und war von Beginn an fest mit der lokalen Jazzszene verwurzelt. Nach einem Doppelmasterstudium in Jazzklavier und Jazzkomposition an der Hochschule f\u00fcr Musik und Theater sowie einem weiterbildenden Zertifikatsstudium Meisterklasse wurde sie im Jahr 2021 mit dem Kurt Maas Jazzpreis ausgezeichnet, letztes Jahr mit dem renommierten BMW Young Artist Jazz Award, dem Publikumspreis des M\u00fcnchner Jazzpreises und dem Biberacher Jazz-Kompositionspreis. Beeindruckend daran ist, was sie mit ihrem Talent anstellt: Neben ihrem Quartett ist sie Teil des Lightville Duos und Dirigentin ihres neu gegr\u00fcndeten 20-k\u00f6pfigen, genre\u00fcbergreifenden Chamber Jazz Orchestra in M\u00fcnchen. Bei ihrem musikalischen Schaffen stehen ausdrucksstarke Kompositionen im Vordergrund, mit tiefgr\u00fcndigen Harmonien und wundervollen Melodien, die ihren Mitstreiter&#042;innen viel Raum f\u00fcr Improvisationen geben. Restlos begeistertes Publikum Dementsprechend \u00fcberzeugte das Shuteen Erdenebaatar Quartett im Puchheimer Kulturcentrum PUC von der ersten &hellip;\" \/>\n<meta property=\"og:url\" content=\"https:\/\/www.jazzzeitung.de\/cms\/2023\/03\/das-shuteen-erdenebaatar-quartett-live-in-puchheim\/\" \/>\n<meta property=\"og:site_name\" content=\"JazzZeitung\" \/>\n<meta property=\"article:publisher\" content=\"https:\/\/www.facebook.com\/JazzZeitung\/\" \/>\n<meta property=\"article:published_time\" content=\"2023-03-28T08:57:35+00:00\" \/>\n<meta property=\"article:modified_time\" content=\"2023-04-03T07:49:31+00:00\" \/>\n<meta property=\"og:image\" content=\"https:\/\/www.jazzzeitung.de\/cms\/wp-content\/uploads\/2023\/03\/P2369291-Erdenabaatar-Quartett-Foto-TJ-Krebs.jpg\" \/>\n\t<meta property=\"og:image:width\" content=\"1200\" \/>\n\t<meta property=\"og:image:height\" content=\"823\" \/>\n\t<meta property=\"og:image:type\" content=\"image\/jpeg\" \/>\n<meta name=\"author\" content=\"Thomas J. Krebs\" \/>\n<script type=\"application\/ld+json\" class=\"yoast-schema-graph\">{\"@context\":\"https:\\\/\\\/schema.org\",\"@graph\":[{\"@type\":\"Article\",\"@id\":\"https:\\\/\\\/www.jazzzeitung.de\\\/cms\\\/2023\\\/03\\\/das-shuteen-erdenebaatar-quartett-live-in-puchheim\\\/#article\",\"isPartOf\":{\"@id\":\"https:\\\/\\\/www.jazzzeitung.de\\\/cms\\\/2023\\\/03\\\/das-shuteen-erdenebaatar-quartett-live-in-puchheim\\\/\"},\"author\":{\"name\":\"Thomas J. Krebs\",\"@id\":\"https:\\\/\\\/www.jazzzeitung.de\\\/cms\\\/#\\\/schema\\\/person\\\/ba94c5bbea92d014d6a3d1f0105daa18\"},\"headline\":\"Das Shuteen Erdenebaatar Quartett live in Puchheim\",\"datePublished\":\"2023-03-28T08:57:35+00:00\",\"dateModified\":\"2023-04-03T07:49:31+00:00\",\"mainEntityOfPage\":{\"@id\":\"https:\\\/\\\/www.jazzzeitung.de\\\/cms\\\/2023\\\/03\\\/das-shuteen-erdenebaatar-quartett-live-in-puchheim\\\/\"},\"wordCount\":318,\"commentCount\":0,\"publisher\":{\"@id\":\"https:\\\/\\\/www.jazzzeitung.de\\\/cms\\\/#organization\"},\"image\":{\"@id\":\"https:\\\/\\\/www.jazzzeitung.de\\\/cms\\\/2023\\\/03\\\/das-shuteen-erdenebaatar-quartett-live-in-puchheim\\\/#primaryimage\"},\"thumbnailUrl\":\"https:\\\/\\\/i0.wp.com\\\/www.jazzzeitung.de\\\/cms\\\/wp-content\\\/uploads\\\/2023\\\/03\\\/P2369291-Erdenabaatar-Quartett-Foto-TJ-Krebs.jpg?fit=1200%2C823&ssl=1\",\"keywords\":[\"2018\",\"2021\",\"Anton Mangold\",\"Band\",\"Bass\",\"BMW\",\"Chamber Jazz Orchestra\",\"Fotos\",\"Hochschule f\u00fcr Musik und Theater\",\"Jazz\",\"Jazz Award\",\"Jazz Orchestra\",\"Jazzklavier\",\"Jazzpreis\",\"Jazzszene\",\"krebs\",\"Kurt Maas\",\"Live\",\"M\u00fcnchen\",\"Nils Kugelmann\",\"Programm\",\"Puchheim\",\"Puchheim Kulturcentrum PUC\",\"Quartett\",\"Schlagzeuger\",\"Sebastian Renner\",\"Shuteen Erdenebaatar\",\"Shuteen Erdenebaatar Quartett\",\"Thomas J. Krebs\",\"Valentin Renner\"],\"articleSection\":[\"Bericht\"],\"inLanguage\":\"de\",\"potentialAction\":[{\"@type\":\"CommentAction\",\"name\":\"Comment\",\"target\":[\"https:\\\/\\\/www.jazzzeitung.de\\\/cms\\\/2023\\\/03\\\/das-shuteen-erdenebaatar-quartett-live-in-puchheim\\\/#respond\"]}]},{\"@type\":\"WebPage\",\"@id\":\"https:\\\/\\\/www.jazzzeitung.de\\\/cms\\\/2023\\\/03\\\/das-shuteen-erdenebaatar-quartett-live-in-puchheim\\\/\",\"url\":\"https:\\\/\\\/www.jazzzeitung.de\\\/cms\\\/2023\\\/03\\\/das-shuteen-erdenebaatar-quartett-live-in-puchheim\\\/\",\"name\":\"Das Shuteen Erdenebaatar Quartett live in Puchheim - JazzZeitung\",\"isPartOf\":{\"@id\":\"https:\\\/\\\/www.jazzzeitung.de\\\/cms\\\/#website\"},\"primaryImageOfPage\":{\"@id\":\"https:\\\/\\\/www.jazzzeitung.de\\\/cms\\\/2023\\\/03\\\/das-shuteen-erdenebaatar-quartett-live-in-puchheim\\\/#primaryimage\"},\"image\":{\"@id\":\"https:\\\/\\\/www.jazzzeitung.de\\\/cms\\\/2023\\\/03\\\/das-shuteen-erdenebaatar-quartett-live-in-puchheim\\\/#primaryimage\"},\"thumbnailUrl\":\"https:\\\/\\\/i0.wp.com\\\/www.jazzzeitung.de\\\/cms\\\/wp-content\\\/uploads\\\/2023\\\/03\\\/P2369291-Erdenabaatar-Quartett-Foto-TJ-Krebs.jpg?fit=1200%2C823&ssl=1\",\"datePublished\":\"2023-03-28T08:57:35+00:00\",\"dateModified\":\"2023-04-03T07:49:31+00:00\",\"breadcrumb\":{\"@id\":\"https:\\\/\\\/www.jazzzeitung.de\\\/cms\\\/2023\\\/03\\\/das-shuteen-erdenebaatar-quartett-live-in-puchheim\\\/#breadcrumb\"},\"inLanguage\":\"de\",\"potentialAction\":[{\"@type\":\"ReadAction\",\"target\":[\"https:\\\/\\\/www.jazzzeitung.de\\\/cms\\\/2023\\\/03\\\/das-shuteen-erdenebaatar-quartett-live-in-puchheim\\\/\"]}]},{\"@type\":\"ImageObject\",\"inLanguage\":\"de\",\"@id\":\"https:\\\/\\\/www.jazzzeitung.de\\\/cms\\\/2023\\\/03\\\/das-shuteen-erdenebaatar-quartett-live-in-puchheim\\\/#primaryimage\",\"url\":\"https:\\\/\\\/i0.wp.com\\\/www.jazzzeitung.de\\\/cms\\\/wp-content\\\/uploads\\\/2023\\\/03\\\/P2369291-Erdenabaatar-Quartett-Foto-TJ-Krebs.jpg?fit=1200%2C823&ssl=1\",\"contentUrl\":\"https:\\\/\\\/i0.wp.com\\\/www.jazzzeitung.de\\\/cms\\\/wp-content\\\/uploads\\\/2023\\\/03\\\/P2369291-Erdenabaatar-Quartett-Foto-TJ-Krebs.jpg?fit=1200%2C823&ssl=1\",\"width\":1200,\"height\":823,\"caption\":\"Shuteen Erdenabaatar Quartett in Puchheim | Foto: TJ Krebs\"},{\"@type\":\"BreadcrumbList\",\"@id\":\"https:\\\/\\\/www.jazzzeitung.de\\\/cms\\\/2023\\\/03\\\/das-shuteen-erdenebaatar-quartett-live-in-puchheim\\\/#breadcrumb\",\"itemListElement\":[{\"@type\":\"ListItem\",\"position\":1,\"name\":\"Startseite\",\"item\":\"https:\\\/\\\/www.jazzzeitung.de\\\/cms\\\/\"},{\"@type\":\"ListItem\",\"position\":2,\"name\":\"Das Shuteen Erdenebaatar Quartett live in Puchheim\"}]},{\"@type\":\"WebSite\",\"@id\":\"https:\\\/\\\/www.jazzzeitung.de\\\/cms\\\/#website\",\"url\":\"https:\\\/\\\/www.jazzzeitung.de\\\/cms\\\/\",\"name\":\"JazzZeitung\",\"description\":\"Jazz-News und Jazz-Kontroverses\",\"publisher\":{\"@id\":\"https:\\\/\\\/www.jazzzeitung.de\\\/cms\\\/#organization\"},\"potentialAction\":[{\"@type\":\"SearchAction\",\"target\":{\"@type\":\"EntryPoint\",\"urlTemplate\":\"https:\\\/\\\/www.jazzzeitung.de\\\/cms\\\/?s={search_term_string}\"},\"query-input\":{\"@type\":\"PropertyValueSpecification\",\"valueRequired\":true,\"valueName\":\"search_term_string\"}}],\"inLanguage\":\"de\"},{\"@type\":\"Organization\",\"@id\":\"https:\\\/\\\/www.jazzzeitung.de\\\/cms\\\/#organization\",\"name\":\"JazzZeitung online\",\"url\":\"https:\\\/\\\/www.jazzzeitung.de\\\/cms\\\/\",\"logo\":{\"@type\":\"ImageObject\",\"inLanguage\":\"de\",\"@id\":\"https:\\\/\\\/www.jazzzeitung.de\\\/cms\\\/#\\\/schema\\\/logo\\\/image\\\/\",\"url\":\"https:\\\/\\\/i0.wp.com\\\/www.jazzzeitung.de\\\/cms\\\/wp-content\\\/uploads\\\/2015\\\/08\\\/JAZZZEITUNGDE_Logo_Neu.png?fit=499%2C200&ssl=1\",\"contentUrl\":\"https:\\\/\\\/i0.wp.com\\\/www.jazzzeitung.de\\\/cms\\\/wp-content\\\/uploads\\\/2015\\\/08\\\/JAZZZEITUNGDE_Logo_Neu.png?fit=499%2C200&ssl=1\",\"width\":499,\"height\":200,\"caption\":\"JazzZeitung online\"},\"image\":{\"@id\":\"https:\\\/\\\/www.jazzzeitung.de\\\/cms\\\/#\\\/schema\\\/logo\\\/image\\\/\"},\"sameAs\":[\"https:\\\/\\\/www.facebook.com\\\/JazzZeitung\\\/\"]},{\"@type\":\"Person\",\"@id\":\"https:\\\/\\\/www.jazzzeitung.de\\\/cms\\\/#\\\/schema\\\/person\\\/ba94c5bbea92d014d6a3d1f0105daa18\",\"name\":\"Thomas J. Krebs\",\"image\":{\"@type\":\"ImageObject\",\"inLanguage\":\"de\",\"@id\":\"https:\\\/\\\/secure.gravatar.com\\\/avatar\\\/e362b221c114fbcde56be31a2eacbbab541308e5bf72f20d4519b16cdeb5c667?s=96&d=wp_user_avatar&r=ga12b8f4e2750c9ca30f9e22cab2177c6\",\"url\":\"https:\\\/\\\/secure.gravatar.com\\\/avatar\\\/e362b221c114fbcde56be31a2eacbbab541308e5bf72f20d4519b16cdeb5c667?s=96&d=wp_user_avatar&r=g\",\"contentUrl\":\"https:\\\/\\\/secure.gravatar.com\\\/avatar\\\/e362b221c114fbcde56be31a2eacbbab541308e5bf72f20d4519b16cdeb5c667?s=96&d=wp_user_avatar&r=g\",\"caption\":\"Thomas J. Krebs\"},\"url\":\"https:\\\/\\\/www.jazzzeitung.de\\\/cms\\\/author\\\/krebs\\\/\"}]}<\/script>\n<!-- \/ Yoast SEO plugin. -->","yoast_head_json":{"title":"Das Shuteen Erdenebaatar Quartett live in Puchheim - JazzZeitung","robots":{"index":"index","follow":"follow","max-snippet":"max-snippet:-1","max-image-preview":"max-image-preview:large","max-video-preview":"max-video-preview:-1"},"canonical":"https:\/\/www.jazzzeitung.de\/cms\/2023\/03\/das-shuteen-erdenebaatar-quartett-live-in-puchheim\/","og_locale":"de_DE","og_type":"article","og_title":"Das Shuteen Erdenebaatar Quartett live in Puchheim - JazzZeitung","og_description":"Vor den Toren M\u00fcnchens, im Puchheimer Kulturcentrum PUC, gastierte die Komponistin und Pianistin Shuteen Erdenebaatar mit ihrem Quartett und stellte ihr aktuelles Programm vor. Mit von der Partie waren Nils Kugelmann am Bass, der Schlagzeuger Valentin Renner und Saxophonist Anton Mangold.\u00a0 Shuteen Erdenebaatar, wurde 1998 in der mongolischen Hauptstadt Ulaanbaatar geboren, lebt seit 2018 in M\u00fcnchen und war von Beginn an fest mit der lokalen Jazzszene verwurzelt. Nach einem Doppelmasterstudium in Jazzklavier und Jazzkomposition an der Hochschule f\u00fcr Musik und Theater sowie einem weiterbildenden Zertifikatsstudium Meisterklasse wurde sie im Jahr 2021 mit dem Kurt Maas Jazzpreis ausgezeichnet, letztes Jahr mit dem renommierten BMW Young Artist Jazz Award, dem Publikumspreis des M\u00fcnchner Jazzpreises und dem Biberacher Jazz-Kompositionspreis. Beeindruckend daran ist, was sie mit ihrem Talent anstellt: Neben ihrem Quartett ist sie Teil des Lightville Duos und Dirigentin ihres neu gegr\u00fcndeten 20-k\u00f6pfigen, genre\u00fcbergreifenden Chamber Jazz Orchestra in M\u00fcnchen. Bei ihrem musikalischen Schaffen stehen ausdrucksstarke Kompositionen im Vordergrund, mit tiefgr\u00fcndigen Harmonien und wundervollen Melodien, die ihren Mitstreiter&#42;innen viel Raum f\u00fcr Improvisationen geben. Restlos begeistertes Publikum Dementsprechend \u00fcberzeugte das Shuteen Erdenebaatar Quartett im Puchheimer Kulturcentrum PUC von der ersten &hellip;","og_url":"https:\/\/www.jazzzeitung.de\/cms\/2023\/03\/das-shuteen-erdenebaatar-quartett-live-in-puchheim\/","og_site_name":"JazzZeitung","article_publisher":"https:\/\/www.facebook.com\/JazzZeitung\/","article_published_time":"2023-03-28T08:57:35+00:00","article_modified_time":"2023-04-03T07:49:31+00:00","og_image":[{"width":1200,"height":823,"url":"https:\/\/www.jazzzeitung.de\/cms\/wp-content\/uploads\/2023\/03\/P2369291-Erdenabaatar-Quartett-Foto-TJ-Krebs.jpg","type":"image\/jpeg"}],"author":"Thomas J. Krebs","schema":{"@context":"https:\/\/schema.org","@graph":[{"@type":"Article","@id":"https:\/\/www.jazzzeitung.de\/cms\/2023\/03\/das-shuteen-erdenebaatar-quartett-live-in-puchheim\/#article","isPartOf":{"@id":"https:\/\/www.jazzzeitung.de\/cms\/2023\/03\/das-shuteen-erdenebaatar-quartett-live-in-puchheim\/"},"author":{"name":"Thomas J. Krebs","@id":"https:\/\/www.jazzzeitung.de\/cms\/#\/schema\/person\/ba94c5bbea92d014d6a3d1f0105daa18"},"headline":"Das Shuteen Erdenebaatar Quartett live in Puchheim","datePublished":"2023-03-28T08:57:35+00:00","dateModified":"2023-04-03T07:49:31+00:00","mainEntityOfPage":{"@id":"https:\/\/www.jazzzeitung.de\/cms\/2023\/03\/das-shuteen-erdenebaatar-quartett-live-in-puchheim\/"},"wordCount":318,"commentCount":0,"publisher":{"@id":"https:\/\/www.jazzzeitung.de\/cms\/#organization"},"image":{"@id":"https:\/\/www.jazzzeitung.de\/cms\/2023\/03\/das-shuteen-erdenebaatar-quartett-live-in-puchheim\/#primaryimage"},"thumbnailUrl":"https:\/\/i0.wp.com\/www.jazzzeitung.de\/cms\/wp-content\/uploads\/2023\/03\/P2369291-Erdenabaatar-Quartett-Foto-TJ-Krebs.jpg?fit=1200%2C823&ssl=1","keywords":["2018","2021","Anton Mangold","Band","Bass","BMW","Chamber Jazz Orchestra","Fotos","Hochschule f\u00fcr Musik und Theater","Jazz","Jazz Award","Jazz Orchestra","Jazzklavier","Jazzpreis","Jazzszene","krebs","Kurt Maas","Live","M\u00fcnchen","Nils Kugelmann","Programm","Puchheim","Puchheim Kulturcentrum PUC","Quartett","Schlagzeuger","Sebastian Renner","Shuteen Erdenebaatar","Shuteen Erdenebaatar Quartett","Thomas J. Krebs","Valentin Renner"],"articleSection":["Bericht"],"inLanguage":"de","potentialAction":[{"@type":"CommentAction","name":"Comment","target":["https:\/\/www.jazzzeitung.de\/cms\/2023\/03\/das-shuteen-erdenebaatar-quartett-live-in-puchheim\/#respond"]}]},{"@type":"WebPage","@id":"https:\/\/www.jazzzeitung.de\/cms\/2023\/03\/das-shuteen-erdenebaatar-quartett-live-in-puchheim\/","url":"https:\/\/www.jazzzeitung.de\/cms\/2023\/03\/das-shuteen-erdenebaatar-quartett-live-in-puchheim\/","name":"Das Shuteen Erdenebaatar Quartett live in Puchheim - JazzZeitung","isPartOf":{"@id":"https:\/\/www.jazzzeitung.de\/cms\/#website"},"primaryImageOfPage":{"@id":"https:\/\/www.jazzzeitung.de\/cms\/2023\/03\/das-shuteen-erdenebaatar-quartett-live-in-puchheim\/#primaryimage"},"image":{"@id":"https:\/\/www.jazzzeitung.de\/cms\/2023\/03\/das-shuteen-erdenebaatar-quartett-live-in-puchheim\/#primaryimage"},"thumbnailUrl":"https:\/\/i0.wp.com\/www.jazzzeitung.de\/cms\/wp-content\/uploads\/2023\/03\/P2369291-Erdenabaatar-Quartett-Foto-TJ-Krebs.jpg?fit=1200%2C823&ssl=1","datePublished":"2023-03-28T08:57:35+00:00","dateModified":"2023-04-03T07:49:31+00:00","breadcrumb":{"@id":"https:\/\/www.jazzzeitung.de\/cms\/2023\/03\/das-shuteen-erdenebaatar-quartett-live-in-puchheim\/#breadcrumb"},"inLanguage":"de","potentialAction":[{"@type":"ReadAction","target":["https:\/\/www.jazzzeitung.de\/cms\/2023\/03\/das-shuteen-erdenebaatar-quartett-live-in-puchheim\/"]}]},{"@type":"ImageObject","inLanguage":"de","@id":"https:\/\/www.jazzzeitung.de\/cms\/2023\/03\/das-shuteen-erdenebaatar-quartett-live-in-puchheim\/#primaryimage","url":"https:\/\/i0.wp.com\/www.jazzzeitung.de\/cms\/wp-content\/uploads\/2023\/03\/P2369291-Erdenabaatar-Quartett-Foto-TJ-Krebs.jpg?fit=1200%2C823&ssl=1","contentUrl":"https:\/\/i0.wp.com\/www.jazzzeitung.de\/cms\/wp-content\/uploads\/2023\/03\/P2369291-Erdenabaatar-Quartett-Foto-TJ-Krebs.jpg?fit=1200%2C823&ssl=1","width":1200,"height":823,"caption":"Shuteen Erdenabaatar Quartett in Puchheim | Foto: TJ Krebs"},{"@type":"BreadcrumbList","@id":"https:\/\/www.jazzzeitung.de\/cms\/2023\/03\/das-shuteen-erdenebaatar-quartett-live-in-puchheim\/#breadcrumb","itemListElement":[{"@type":"ListItem","position":1,"name":"Startseite","item":"https:\/\/www.jazzzeitung.de\/cms\/"},{"@type":"ListItem","position":2,"name":"Das Shuteen Erdenebaatar Quartett live in Puchheim"}]},{"@type":"WebSite","@id":"https:\/\/www.jazzzeitung.de\/cms\/#website","url":"https:\/\/www.jazzzeitung.de\/cms\/","name":"JazzZeitung","description":"Jazz-News und Jazz-Kontroverses","publisher":{"@id":"https:\/\/www.jazzzeitung.de\/cms\/#organization"},"potentialAction":[{"@type":"SearchAction","target":{"@type":"EntryPoint","urlTemplate":"https:\/\/www.jazzzeitung.de\/cms\/?s={search_term_string}"},"query-input":{"@type":"PropertyValueSpecification","valueRequired":true,"valueName":"search_term_string"}}],"inLanguage":"de"},{"@type":"Organization","@id":"https:\/\/www.jazzzeitung.de\/cms\/#organization","name":"JazzZeitung online","url":"https:\/\/www.jazzzeitung.de\/cms\/","logo":{"@type":"ImageObject","inLanguage":"de","@id":"https:\/\/www.jazzzeitung.de\/cms\/#\/schema\/logo\/image\/","url":"https:\/\/i0.wp.com\/www.jazzzeitung.de\/cms\/wp-content\/uploads\/2015\/08\/JAZZZEITUNGDE_Logo_Neu.png?fit=499%2C200&ssl=1","contentUrl":"https:\/\/i0.wp.com\/www.jazzzeitung.de\/cms\/wp-content\/uploads\/2015\/08\/JAZZZEITUNGDE_Logo_Neu.png?fit=499%2C200&ssl=1","width":499,"height":200,"caption":"JazzZeitung online"},"image":{"@id":"https:\/\/www.jazzzeitung.de\/cms\/#\/schema\/logo\/image\/"},"sameAs":["https:\/\/www.facebook.com\/JazzZeitung\/"]},{"@type":"Person","@id":"https:\/\/www.jazzzeitung.de\/cms\/#\/schema\/person\/ba94c5bbea92d014d6a3d1f0105daa18","name":"Thomas J. Krebs","image":{"@type":"ImageObject","inLanguage":"de","@id":"https:\/\/secure.gravatar.com\/avatar\/e362b221c114fbcde56be31a2eacbbab541308e5bf72f20d4519b16cdeb5c667?s=96&d=wp_user_avatar&r=ga12b8f4e2750c9ca30f9e22cab2177c6","url":"https:\/\/secure.gravatar.com\/avatar\/e362b221c114fbcde56be31a2eacbbab541308e5bf72f20d4519b16cdeb5c667?s=96&d=wp_user_avatar&r=g","contentUrl":"https:\/\/secure.gravatar.com\/avatar\/e362b221c114fbcde56be31a2eacbbab541308e5bf72f20d4519b16cdeb5c667?s=96&d=wp_user_avatar&r=g","caption":"Thomas J. Krebs"},"url":"https:\/\/www.jazzzeitung.de\/cms\/author\/krebs\/"}]}},"wp-worthy-pixel":{"ignored":false,"public":null,"server":null,"url":null},"wp-worthy-type":"normal","jetpack_publicize_connections":[],"cc_featured_image_caption":{"caption_text":"","source_text":"","source_url":""},"jetpack_featured_media_url":"https:\/\/i0.wp.com\/www.jazzzeitung.de\/cms\/wp-content\/uploads\/2023\/03\/P2369291-Erdenabaatar-Quartett-Foto-TJ-Krebs.jpg?fit=1200%2C823&ssl=1","jetpack_shortlink":"https:\/\/wp.me\/p3KEcT-7BP","jetpack-related-posts":[{"id":30032,"url":"https:\/\/www.jazzzeitung.de\/cms\/2023\/09\/rising-sun-zur-neuen-cd-von-shuteen-erdenebaatar\/","url_meta":{"origin":29253,"position":0},"title":"\u201eRising Sun\u201c &#8211; Shuteen Erdenebaatar mit beeindruckendem Debutalbum","author":"Thomas J. Krebs","date":"15. September 2023","format":false,"excerpt":"Seit gut f\u00fcnf Jahren lebt die aus der Mongolei stammende Pianistin Shuteen Erdenebaatar in M\u00fcnchen und ist in der lokalen wie auch der \u00fcberregionalen Jazzszene fest verwurzelt. Nun legt sie mit \u201eRising Sun\u201c beim renommierten New Yorker Label Mot\u00e9ma Music ihr Debut vor. Ein in vielerlei Hinsicht faszinierendes Album. Unabh\u00e4ngig\u2026","rel":"","context":"In &quot;Rezension&quot;","block_context":{"text":"Rezension","link":"https:\/\/www.jazzzeitung.de\/cms\/thema\/rezension\/"},"img":{"alt_text":"","src":"https:\/\/i0.wp.com\/www.jazzzeitung.de\/cms\/wp-content\/uploads\/2023\/09\/P2369405-Erdenabaatar-Quartett-Foto-TJ-Krebs.jpg?fit=1200%2C800&ssl=1&resize=350%2C200","width":350,"height":200,"srcset":"https:\/\/i0.wp.com\/www.jazzzeitung.de\/cms\/wp-content\/uploads\/2023\/09\/P2369405-Erdenabaatar-Quartett-Foto-TJ-Krebs.jpg?fit=1200%2C800&ssl=1&resize=350%2C200 1x, https:\/\/i0.wp.com\/www.jazzzeitung.de\/cms\/wp-content\/uploads\/2023\/09\/P2369405-Erdenabaatar-Quartett-Foto-TJ-Krebs.jpg?fit=1200%2C800&ssl=1&resize=525%2C300 1.5x, https:\/\/i0.wp.com\/www.jazzzeitung.de\/cms\/wp-content\/uploads\/2023\/09\/P2369405-Erdenabaatar-Quartett-Foto-TJ-Krebs.jpg?fit=1200%2C800&ssl=1&resize=700%2C400 2x, https:\/\/i0.wp.com\/www.jazzzeitung.de\/cms\/wp-content\/uploads\/2023\/09\/P2369405-Erdenabaatar-Quartett-Foto-TJ-Krebs.jpg?fit=1200%2C800&ssl=1&resize=1050%2C600 3x"},"classes":[]},{"id":28841,"url":"https:\/\/www.jazzzeitung.de\/cms\/2023\/01\/shuteen-erdenebaatar-kommt-mit-grosser-besetzung-und-streichquartett-zum-bmw-young-jazz-award-preistraegerkonzert\/","url_meta":{"origin":29253,"position":1},"title":"Shuteen Erdenebaatar kommt mit gro\u00dfer Besetzung und Streichquartett zum BMW Young Jazz Award-Preistr\u00e4gerkonzert","author":"Redaktion JazzZeitung","date":"11. Januar 2023","format":false,"excerpt":"Erst 2018 ist die Pianistin und Komponistin Shuteen Erdenebaatar von Ulaanbaatar\/Mongolei nach M\u00fcnchen an der Isar gezogen und schon f\u00fcnf Jahre sp\u00e4ter kann sie Einiges vorweisen: ein ph\u00e4nomenales eigenes Quartett, ein Duo, und ein 18-k\u00f6pfiges Orchester mit inkludiertem Streichquartett, zwei abgeschlossene M\u00fcnchner Masterstudieng\u00e4nge (Jazzklavier & Jazzkomposition) und ein weiterbildendes Zertifikatsstudium\u2026","rel":"","context":"In &quot;Galerie&quot;","block_context":{"text":"Galerie","link":"https:\/\/www.jazzzeitung.de\/cms\/thema\/galerie\/"},"img":{"alt_text":"","src":"https:\/\/i0.wp.com\/www.jazzzeitung.de\/cms\/wp-content\/uploads\/2023\/01\/P2303150-Erdenebaatar-Chamber-Orch-Foto-TJ-Krebs-e1673276558104.jpg?fit=1074%2C666&ssl=1&resize=350%2C200","width":350,"height":200,"srcset":"https:\/\/i0.wp.com\/www.jazzzeitung.de\/cms\/wp-content\/uploads\/2023\/01\/P2303150-Erdenebaatar-Chamber-Orch-Foto-TJ-Krebs-e1673276558104.jpg?fit=1074%2C666&ssl=1&resize=350%2C200 1x, https:\/\/i0.wp.com\/www.jazzzeitung.de\/cms\/wp-content\/uploads\/2023\/01\/P2303150-Erdenebaatar-Chamber-Orch-Foto-TJ-Krebs-e1673276558104.jpg?fit=1074%2C666&ssl=1&resize=525%2C300 1.5x, https:\/\/i0.wp.com\/www.jazzzeitung.de\/cms\/wp-content\/uploads\/2023\/01\/P2303150-Erdenebaatar-Chamber-Orch-Foto-TJ-Krebs-e1673276558104.jpg?fit=1074%2C666&ssl=1&resize=700%2C400 2x, https:\/\/i0.wp.com\/www.jazzzeitung.de\/cms\/wp-content\/uploads\/2023\/01\/P2303150-Erdenebaatar-Chamber-Orch-Foto-TJ-Krebs-e1673276558104.jpg?fit=1074%2C666&ssl=1&resize=1050%2C600 3x"},"classes":[]},{"id":30642,"url":"https:\/\/www.jazzzeitung.de\/cms\/2024\/02\/auf-dem-pfad-der-bluestugend\/","url_meta":{"origin":29253,"position":2},"title":"Auf dem Pfad der Bluestugend &#8211; Shuteen Erdenebaatar in Regensburg","author":"Redaktion JazzZeitung","date":"23. Februar 2024","format":false,"excerpt":"Shooting Star Shuteen Erdenebaatar pr\u00e4sentierte beim Jazzclub im Leeren Beutel ihr Deb\u00fctalbum mit ihrem Quartett Regensburg: Angekommen in Deutschland, habe sie sich anf\u00e4nglich sehr fremd und unwohl gef\u00fchlt, erz\u00e4hlt Shuteen Erdenebaatar \u00fcber ihre Ankunft 2018 in M\u00fcnchen. Die DAAD-Stipendiatin kannte weder die Sprache noch das hiesige Essen, hatte keine Anbindung\u2026","rel":"","context":"In &quot;Bericht&quot;","block_context":{"text":"Bericht","link":"https:\/\/www.jazzzeitung.de\/cms\/thema\/bericht\/"},"img":{"alt_text":"","src":"https:\/\/i0.wp.com\/www.jazzzeitung.de\/cms\/wp-content\/uploads\/2024\/02\/erdenebaatar-trio_66.jpg?fit=1200%2C800&ssl=1&resize=350%2C200","width":350,"height":200,"srcset":"https:\/\/i0.wp.com\/www.jazzzeitung.de\/cms\/wp-content\/uploads\/2024\/02\/erdenebaatar-trio_66.jpg?fit=1200%2C800&ssl=1&resize=350%2C200 1x, https:\/\/i0.wp.com\/www.jazzzeitung.de\/cms\/wp-content\/uploads\/2024\/02\/erdenebaatar-trio_66.jpg?fit=1200%2C800&ssl=1&resize=525%2C300 1.5x, https:\/\/i0.wp.com\/www.jazzzeitung.de\/cms\/wp-content\/uploads\/2024\/02\/erdenebaatar-trio_66.jpg?fit=1200%2C800&ssl=1&resize=700%2C400 2x, https:\/\/i0.wp.com\/www.jazzzeitung.de\/cms\/wp-content\/uploads\/2024\/02\/erdenebaatar-trio_66.jpg?fit=1200%2C800&ssl=1&resize=1050%2C600 3x"},"classes":[]},{"id":27882,"url":"https:\/\/www.jazzzeitung.de\/cms\/2022\/07\/bmw-young-artist-jazz-award-2022-geht-an-shuteen-erdenebaatar-nils-kugelmann-und-moritz-stahl\/","url_meta":{"origin":29253,"position":3},"title":"+++ BMW Young Artist Jazz Award 2022 geht an\u00a0Shuteen Erdenebaatar, Nils Kugelmann und Moritz Stahl\u00a0+++","author":"Redaktion JazzZeitung","date":"19. Juli 2022","format":false,"excerpt":"Als Zeichen der anhaltenden Unterst\u00fctzung der jungen Jazzszene\u00a0 verleiht die BMW Group zusammen mit der Landeshauptstadt M\u00fcnchen den BMW Young Artist Jazz Award in diesem Jahr wiederholt an drei junge Musikerinnen und Musiker aus dem Gro\u00dfraum M\u00fcnchen. Neben einem Preisgeld von je 3.000 Euro, werden die drei Preistr\u00e4ger Shuteen Erdenebaatar,\u2026","rel":"","context":"In &quot;News&quot;","block_context":{"text":"News","link":"https:\/\/www.jazzzeitung.de\/cms\/thema\/nachrichten\/"},"img":{"alt_text":"","src":"https:\/\/i0.wp.com\/www.jazzzeitung.de\/cms\/wp-content\/uploads\/2022\/07\/P90472358_highRes_bmw-young-artist-jaz-scaled.jpg?fit=1200%2C675&ssl=1&resize=350%2C200","width":350,"height":200,"srcset":"https:\/\/i0.wp.com\/www.jazzzeitung.de\/cms\/wp-content\/uploads\/2022\/07\/P90472358_highRes_bmw-young-artist-jaz-scaled.jpg?fit=1200%2C675&ssl=1&resize=350%2C200 1x, https:\/\/i0.wp.com\/www.jazzzeitung.de\/cms\/wp-content\/uploads\/2022\/07\/P90472358_highRes_bmw-young-artist-jaz-scaled.jpg?fit=1200%2C675&ssl=1&resize=525%2C300 1.5x, https:\/\/i0.wp.com\/www.jazzzeitung.de\/cms\/wp-content\/uploads\/2022\/07\/P90472358_highRes_bmw-young-artist-jaz-scaled.jpg?fit=1200%2C675&ssl=1&resize=700%2C400 2x, https:\/\/i0.wp.com\/www.jazzzeitung.de\/cms\/wp-content\/uploads\/2022\/07\/P90472358_highRes_bmw-young-artist-jaz-scaled.jpg?fit=1200%2C675&ssl=1&resize=1050%2C600 3x"},"classes":[]},{"id":33093,"url":"https:\/\/www.jazzzeitung.de\/cms\/2025\/09\/under-the-same-stars-das-duo-erdenebaatar-kugelmann\/","url_meta":{"origin":29253,"position":4},"title":"\u201eUnder The Same Stars\u201c &#8211; das Duo Erdenebaatar &#038; Kugelmann","author":"Thomas J. Krebs","date":"16. September 2025","format":false,"excerpt":"Kaum zu glauben, dass die Ver\u00f6ffentlichung von Shuteen Erdenebaatars Quartett Debut auf dem Label Motema fast auf den Tag genau 2 Jahre her ist. Nun erscheint dort mit \u201eUnder The Same Stars\u201c ihr zweites Album, diesmal im Duo mit Nils Kugelmann. Erdenebaatars musikalischer Weg ist bisher einzigartig. Nach Beginn ihres\u2026","rel":"","context":"In &quot;Rezension&quot;","block_context":{"text":"Rezension","link":"https:\/\/www.jazzzeitung.de\/cms\/thema\/rezension\/"},"img":{"alt_text":"","src":"https:\/\/i0.wp.com\/www.jazzzeitung.de\/cms\/wp-content\/uploads\/2025\/09\/P1801620-Erdenebaatar-Kugelmann-Foto-TJ-Krebs.jpg?fit=1200%2C799&ssl=1&resize=350%2C200","width":350,"height":200,"srcset":"https:\/\/i0.wp.com\/www.jazzzeitung.de\/cms\/wp-content\/uploads\/2025\/09\/P1801620-Erdenebaatar-Kugelmann-Foto-TJ-Krebs.jpg?fit=1200%2C799&ssl=1&resize=350%2C200 1x, https:\/\/i0.wp.com\/www.jazzzeitung.de\/cms\/wp-content\/uploads\/2025\/09\/P1801620-Erdenebaatar-Kugelmann-Foto-TJ-Krebs.jpg?fit=1200%2C799&ssl=1&resize=525%2C300 1.5x, https:\/\/i0.wp.com\/www.jazzzeitung.de\/cms\/wp-content\/uploads\/2025\/09\/P1801620-Erdenebaatar-Kugelmann-Foto-TJ-Krebs.jpg?fit=1200%2C799&ssl=1&resize=700%2C400 2x, https:\/\/i0.wp.com\/www.jazzzeitung.de\/cms\/wp-content\/uploads\/2025\/09\/P1801620-Erdenebaatar-Kugelmann-Foto-TJ-Krebs.jpg?fit=1200%2C799&ssl=1&resize=1050%2C600 3x"},"classes":[]},{"id":29589,"url":"https:\/\/www.jazzzeitung.de\/cms\/2023\/06\/news-tag-der-gegenwartsmusik-mit-urauffuehrung-von-shuteen-erdenebaatar-luebecker-jazz-allstars-treten-auf\/","url_meta":{"origin":29253,"position":5},"title":"News: +++ Tag der Gegenwartsmusik mit Urauff\u00fchrung von Shuteen Erdenebaatar +++ L\u00fcbecker Jazz Allstars treten auf +++","author":"Redaktion JazzZeitung","date":"15. Juni 2023","format":false,"excerpt":"+++ Tag der Gegenwartsmusik mit Urauff\u00fchrung von Shuteen Erdenebaatar +++ Am Sonntag, dem 18. Juni 2023, findet in Riedenburg zum ersten Mal der Tag der Gegenwartsmusik statt. Hinter der Veranstaltung steht die Musikinitiative Metax Modern, die seit 2021 mobil in Bayern unterwegs ist und Musik der Gegenwart in verschiedenste Orte\u2026","rel":"","context":"In &quot;News&quot;","block_context":{"text":"News","link":"https:\/\/www.jazzzeitung.de\/cms\/thema\/nachrichten\/"},"img":{"alt_text":"","src":"https:\/\/i0.wp.com\/www.jazzzeitung.de\/cms\/wp-content\/uploads\/2023\/06\/Shuteen-Erdenebaatar-%C2%A9-Ralf-Dombrowski-scaled.jpg?fit=1200%2C800&ssl=1&resize=350%2C200","width":350,"height":200,"srcset":"https:\/\/i0.wp.com\/www.jazzzeitung.de\/cms\/wp-content\/uploads\/2023\/06\/Shuteen-Erdenebaatar-%C2%A9-Ralf-Dombrowski-scaled.jpg?fit=1200%2C800&ssl=1&resize=350%2C200 1x, https:\/\/i0.wp.com\/www.jazzzeitung.de\/cms\/wp-content\/uploads\/2023\/06\/Shuteen-Erdenebaatar-%C2%A9-Ralf-Dombrowski-scaled.jpg?fit=1200%2C800&ssl=1&resize=525%2C300 1.5x, https:\/\/i0.wp.com\/www.jazzzeitung.de\/cms\/wp-content\/uploads\/2023\/06\/Shuteen-Erdenebaatar-%C2%A9-Ralf-Dombrowski-scaled.jpg?fit=1200%2C800&ssl=1&resize=700%2C400 2x, https:\/\/i0.wp.com\/www.jazzzeitung.de\/cms\/wp-content\/uploads\/2023\/06\/Shuteen-Erdenebaatar-%C2%A9-Ralf-Dombrowski-scaled.jpg?fit=1200%2C800&ssl=1&resize=1050%2C600 3x"},"classes":[]}],"jetpack_sharing_enabled":true,"_links":{"self":[{"href":"https:\/\/www.jazzzeitung.de\/cms\/wp-json\/wp\/v2\/posts\/29253","targetHints":{"allow":["GET"]}}],"collection":[{"href":"https:\/\/www.jazzzeitung.de\/cms\/wp-json\/wp\/v2\/posts"}],"about":[{"href":"https:\/\/www.jazzzeitung.de\/cms\/wp-json\/wp\/v2\/types\/post"}],"author":[{"embeddable":true,"href":"https:\/\/www.jazzzeitung.de\/cms\/wp-json\/wp\/v2\/users\/35"}],"replies":[{"embeddable":true,"href":"https:\/\/www.jazzzeitung.de\/cms\/wp-json\/wp\/v2\/comments?post=29253"}],"version-history":[{"count":2,"href":"https:\/\/www.jazzzeitung.de\/cms\/wp-json\/wp\/v2\/posts\/29253\/revisions"}],"predecessor-version":[{"id":29260,"href":"https:\/\/www.jazzzeitung.de\/cms\/wp-json\/wp\/v2\/posts\/29253\/revisions\/29260"}],"wp:featuredmedia":[{"embeddable":true,"href":"https:\/\/www.jazzzeitung.de\/cms\/wp-json\/wp\/v2\/media\/29258"}],"wp:attachment":[{"href":"https:\/\/www.jazzzeitung.de\/cms\/wp-json\/wp\/v2\/media?parent=29253"}],"wp:term":[{"taxonomy":"category","embeddable":true,"href":"https:\/\/www.jazzzeitung.de\/cms\/wp-json\/wp\/v2\/categories?post=29253"},{"taxonomy":"post_tag","embeddable":true,"href":"https:\/\/www.jazzzeitung.de\/cms\/wp-json\/wp\/v2\/tags?post=29253"},{"taxonomy":"author","embeddable":true,"href":"https:\/\/www.jazzzeitung.de\/cms\/wp-json\/wp\/v2\/coauthors?post=29253"}],"curies":[{"name":"wp","href":"https:\/\/api.w.org\/{rel}","templated":true}]}}