{"id":29201,"date":"2023-03-08T17:10:56","date_gmt":"2023-03-08T16:10:56","guid":{"rendered":"https:\/\/www.jazzzeitung.de\/cms\/?p=29201"},"modified":"2023-03-08T17:10:56","modified_gmt":"2023-03-08T16:10:56","slug":"news-jazzfest-rottweil-neue-leitung-beim-jazzfestival-alto-adige-jona-in-abensberg","status":"publish","type":"post","link":"https:\/\/www.jazzzeitung.de\/cms\/2023\/03\/news-jazzfest-rottweil-neue-leitung-beim-jazzfestival-alto-adige-jona-in-abensberg\/","title":{"rendered":"News: Jazzfest Rottweil +++ Neue Leitung beim Jazzfestival Alto Adige +++ JONA in Abensberg"},"content":{"rendered":"<h3><strong>+++ Internationale Musik beim 35. Jazzfest Rottweil +++<\/strong><\/h3>\n<p>Der Mai steht in <strong>Rottweil<\/strong> wieder im Zeichen des Jazz. Auch bei der 35. Ausgabe des Festivals strebt das Festival nach einem hochkar\u00e4tigen Programm mit hoher Bandbreite aus. Den Auftakt bildet der <strong>30. April<\/strong> mit mannigfaltiger Livemusik ab 16.00 Uhr in der Oberen Hauptstra\u00dfe sowie ab 20.00 Uhr in mehr als 20 Lokalit\u00e4ten in der gesamten Innenstadt Rottweils.<\/p>\n<p>Insgesamt <strong>9 Konzerte<\/strong> gibt es beim <strong> 35. Jazzfest Rottweil <\/strong>zwischen dem <strong>5. und 20. Mai 2023<\/strong>: mit energiegeladener Fusion von Simon Phillips\u00a0\u201eProtocol V\u201c; dem neuen Projekt \u201eGO\u201c zwischen groovigem NuJazz und sph\u00e4rischen Balladen von Nils W\u00fclker; einer Melange aus traditioneller arabischer Musik, europ\u00e4ischer Klassik und amerikanischem Jazz durch Oud-Virtuosen Rabih Abou-Khalil\u00a0und S\u00e4ngerin Elina Duni; der europ\u00e4ischen \u201eBonfire-Tour\u201c-Premiere von Hazmat Modine die Blues mit Klezmer, Swing, World und mehr kombinieren; dem Moka Efti Orchester, den Machern des \u201eBabylon Berlin\u201c-Soundtracks; eing\u00e4ngige und tanzbare Kl\u00e4nge liefert De-Phazz, nachdem das stilistisch ungebundenen Beat-Projekt RSxT und Joo Kraus das Publikum aufgew\u00e4rmt haben; den Abschluss macht Blues-Gitarrist und S\u00e4nger Robert Cray; eine kleine \u00dcberraschung macht den Anfang: Yvonne Catterfeld pr\u00e4sentiert dem Jazz-Publikum ihre neuen R&amp;B- und Soul-Kl\u00e4nge.<\/p>\n<p>F\u00fcr weitere Informationen: \u00fcber\u00a0<a href=\"http:\/\/www.jazzfest-rottweil.de\/\">www.jazzfest-rottweil.de<\/a><\/p>\n<h6>Das Beitragsbild zeigt Klaus Doldinger auf dem Jazzfest Rottweil 2017. Foto: Jazzfest Rottweil<\/h6>\n<h3><strong>+++ Neue k\u00fcnstlerische Leitung beim S\u00fcdtirol Jazzfestival Alto Adige +++<\/strong><\/h3>\n<p>Nach 18 Jahren als Pr\u00e4sident und k\u00fcnstlerischer Leiter des Festivals \u00fcbergibt Klaus Widmann seine Aufgaben an Stefan Festini Cucco, der zusammen mit Max von Pretz und Roberto Tubaro das sommerliche Jazzfestival f\u00fchren wird.<\/p>\n<p>Der geb\u00fcrtige Bozner und Sozial- und Kulturanthropologe <strong>Stefan Festini Cucco<\/strong> \u00fcbernimmt die Pr\u00e4sidentschaft. 2005 hat er bereits begonnen bei dem Jazzfestival mitzuarbeiten, das auch zuvor bereits neben Weihnachten ihn allj\u00e4hrlich nach S\u00fcdtirol zur\u00fcckholte. Nach ein paar Jahren im Vorstand war er zuletzt Vizepr\u00e4sident.<\/p>\n<figure id=\"attachment_29203\" aria-describedby=\"caption-attachment-29203\" style=\"width: 2560px\" class=\"wp-caption alignleft\"><img data-recalc-dims=\"1\" loading=\"lazy\" decoding=\"async\" data-attachment-id=\"29203\" data-permalink=\"https:\/\/www.jazzzeitung.de\/cms\/2023\/03\/news-jazzfest-rottweil-neue-leitung-beim-jazzfestival-alto-adige-jona-in-abensberg\/img_6728-edit\/\" data-orig-file=\"https:\/\/i0.wp.com\/www.jazzzeitung.de\/cms\/wp-content\/uploads\/2023\/03\/IMG_6728-Edit-scaled.jpg?fit=2560%2C1707&amp;ssl=1\" data-orig-size=\"2560,1707\" data-comments-opened=\"1\" data-image-meta=\"{&quot;aperture&quot;:&quot;5.6&quot;,&quot;credit&quot;:&quot;Guenther Pichler&quot;,&quot;camera&quot;:&quot;Canon EOS R5&quot;,&quot;caption&quot;:&quot;&quot;,&quot;created_timestamp&quot;:&quot;1675779190&quot;,&quot;copyright&quot;:&quot;www.gpichler.com&quot;,&quot;focal_length&quot;:&quot;70&quot;,&quot;iso&quot;:&quot;500&quot;,&quot;shutter_speed&quot;:&quot;0.016666666666667&quot;,&quot;title&quot;:&quot;&quot;,&quot;orientation&quot;:&quot;0&quot;}\" data-image-title=\"IMG_6728-Edit\" data-image-description=\"\" data-image-caption=\"&lt;p&gt;Das neue Festival-Team v.l.n.r.: Max von Pretz, Stefan Festini Cucco und Roberto Tuabaro \/ Foto: G\u00fcnther Pichler&lt;\/p&gt;\n\" data-large-file=\"https:\/\/i0.wp.com\/www.jazzzeitung.de\/cms\/wp-content\/uploads\/2023\/03\/IMG_6728-Edit-scaled.jpg?fit=840%2C560&amp;ssl=1\" class=\"size-full wp-image-29203\" src=\"https:\/\/i0.wp.com\/www.jazzzeitung.de\/cms\/wp-content\/uploads\/2023\/03\/IMG_6728-Edit-scaled.jpg?resize=840%2C560&#038;ssl=1\" alt=\"\" width=\"840\" height=\"560\" srcset=\"https:\/\/i0.wp.com\/www.jazzzeitung.de\/cms\/wp-content\/uploads\/2023\/03\/IMG_6728-Edit-scaled.jpg?w=2560&amp;ssl=1 2560w, https:\/\/i0.wp.com\/www.jazzzeitung.de\/cms\/wp-content\/uploads\/2023\/03\/IMG_6728-Edit-scaled.jpg?resize=300%2C200&amp;ssl=1 300w, https:\/\/i0.wp.com\/www.jazzzeitung.de\/cms\/wp-content\/uploads\/2023\/03\/IMG_6728-Edit-scaled.jpg?resize=900%2C600&amp;ssl=1 900w, https:\/\/i0.wp.com\/www.jazzzeitung.de\/cms\/wp-content\/uploads\/2023\/03\/IMG_6728-Edit-scaled.jpg?resize=768%2C512&amp;ssl=1 768w, https:\/\/i0.wp.com\/www.jazzzeitung.de\/cms\/wp-content\/uploads\/2023\/03\/IMG_6728-Edit-scaled.jpg?resize=1536%2C1024&amp;ssl=1 1536w, https:\/\/i0.wp.com\/www.jazzzeitung.de\/cms\/wp-content\/uploads\/2023\/03\/IMG_6728-Edit-scaled.jpg?resize=2048%2C1366&amp;ssl=1 2048w, https:\/\/i0.wp.com\/www.jazzzeitung.de\/cms\/wp-content\/uploads\/2023\/03\/IMG_6728-Edit-scaled.jpg?resize=120%2C80&amp;ssl=1 120w, https:\/\/i0.wp.com\/www.jazzzeitung.de\/cms\/wp-content\/uploads\/2023\/03\/IMG_6728-Edit-scaled.jpg?resize=1320%2C880&amp;ssl=1 1320w, https:\/\/i0.wp.com\/www.jazzzeitung.de\/cms\/wp-content\/uploads\/2023\/03\/IMG_6728-Edit-scaled.jpg?w=1680&amp;ssl=1 1680w\" sizes=\"auto, (max-width: 840px) 100vw, 840px\" \/><figcaption id=\"caption-attachment-29203\" class=\"wp-caption-text\">Das neue Festival-Team v.l.n.r.: Max von Pretz, Stefan Festini Cucco und Roberto Tuabaro \/ Foto: G\u00fcnther Pichler<\/figcaption><\/figure>\n<p>Die allgemeine Organisation und den visuellen Auftritt macht weiterhin der Musiker und Allrounder <strong>Roberto Tubaro<\/strong>, jetzt zus\u00e4tzlich als Vize-Pr\u00e4sident. Dritter im Bunde ist schlie\u00dflich <strong>Max von Pretz<\/strong>, der von Widmann im Zuge eines Praktikums (2013) als Gesch\u00e4ftsf\u00fchrer (2015) entdeckt wurde.<\/p>\n<p>Die drei m\u00f6chten ein mutiges Jazzfestival gestalten: Im Zentrum ihrer Programme stehen Projekte, die sie eher abseits des Mainstreams verorten. Ein weiteres Merkmal sind die Locations, an denen die Konzerte stattfinden: Das Festival bespielt Orte in ganz S\u00fcdtirol: Vom Stadtplatz \u00fcber die Industriehalle bis zur Almh\u00fctte. 2023 findet das Festival vom 30. Juni bis zum 9. Juli statt.<\/p>\n<p>Weitere Informationen: <a href=\"http:\/\/www.suedtiroljazzfestival.com\/\">www.suedtiroljazzfestival.com<\/a><\/p>\n<h3><strong>+++ Duo JONA macht originellen easy-listening Jazz in Abensberg +++<\/strong><\/h3>\n<p>Die S\u00e4ngerin <strong>Christina Jung <\/strong>und der <strong>Pianist Jochen Pfister<\/strong> haben ihre Zusammenarbeit \u00fcber die Corona-Zeit zum Projekt <strong>JONA<\/strong> ausgeweitet. Ihre erste Konzertreihe beenden sie am Montag, den <strong>13. M\u00e4rz 2023<\/strong>, im <strong>Jazzclub Abensberg<\/strong>. Das Duo liefert im <strong>Discothek Club Center<\/strong> eing\u00e4ngige und intime Eigenkompositionen und originelle Arrangements, in denen sie ihre nat\u00fcrliche Klangsprache aus Klavier und Stimme dezent mit kleineren elektronischen Zugaben w\u00fcrzen und das ganze mittels einer Loopstation gelungen mit sich selbst anreichern. Dabei nutzen sie die volle Bandbreite ihrer instrumentalen und stimmlichen M\u00f6glichkeiten.<\/p>\n<figure id=\"attachment_29202\" aria-describedby=\"caption-attachment-29202\" style=\"width: 1600px\" class=\"wp-caption alignleft\"><img data-recalc-dims=\"1\" loading=\"lazy\" decoding=\"async\" data-attachment-id=\"29202\" data-permalink=\"https:\/\/www.jazzzeitung.de\/cms\/2023\/03\/news-jazzfest-rottweil-neue-leitung-beim-jazzfestival-alto-adige-jona-in-abensberg\/jona\/\" data-orig-file=\"https:\/\/i0.wp.com\/www.jazzzeitung.de\/cms\/wp-content\/uploads\/2023\/03\/JONA.jpg?fit=1600%2C1065&amp;ssl=1\" data-orig-size=\"1600,1065\" data-comments-opened=\"1\" data-image-meta=\"{&quot;aperture&quot;:&quot;0&quot;,&quot;credit&quot;:&quot;&quot;,&quot;camera&quot;:&quot;&quot;,&quot;caption&quot;:&quot;&quot;,&quot;created_timestamp&quot;:&quot;0&quot;,&quot;copyright&quot;:&quot;&quot;,&quot;focal_length&quot;:&quot;0&quot;,&quot;iso&quot;:&quot;0&quot;,&quot;shutter_speed&quot;:&quot;0&quot;,&quot;title&quot;:&quot;&quot;,&quot;orientation&quot;:&quot;0&quot;}\" data-image-title=\"JONA\" data-image-description=\"\" data-image-caption=\"&lt;p&gt;Christina Jung (voc) und Jochen Pfister (p) sind JONA. Foto: Arne Marenda&lt;\/p&gt;\n\" data-large-file=\"https:\/\/i0.wp.com\/www.jazzzeitung.de\/cms\/wp-content\/uploads\/2023\/03\/JONA.jpg?fit=840%2C560&amp;ssl=1\" class=\"size-full wp-image-29202\" src=\"https:\/\/i0.wp.com\/www.jazzzeitung.de\/cms\/wp-content\/uploads\/2023\/03\/JONA.jpg?resize=840%2C559&#038;ssl=1\" alt=\"\" width=\"840\" height=\"559\" srcset=\"https:\/\/i0.wp.com\/www.jazzzeitung.de\/cms\/wp-content\/uploads\/2023\/03\/JONA.jpg?w=1600&amp;ssl=1 1600w, https:\/\/i0.wp.com\/www.jazzzeitung.de\/cms\/wp-content\/uploads\/2023\/03\/JONA.jpg?resize=300%2C200&amp;ssl=1 300w, https:\/\/i0.wp.com\/www.jazzzeitung.de\/cms\/wp-content\/uploads\/2023\/03\/JONA.jpg?resize=900%2C600&amp;ssl=1 900w, https:\/\/i0.wp.com\/www.jazzzeitung.de\/cms\/wp-content\/uploads\/2023\/03\/JONA.jpg?resize=768%2C511&amp;ssl=1 768w, https:\/\/i0.wp.com\/www.jazzzeitung.de\/cms\/wp-content\/uploads\/2023\/03\/JONA.jpg?resize=1536%2C1022&amp;ssl=1 1536w, https:\/\/i0.wp.com\/www.jazzzeitung.de\/cms\/wp-content\/uploads\/2023\/03\/JONA.jpg?resize=120%2C80&amp;ssl=1 120w, https:\/\/i0.wp.com\/www.jazzzeitung.de\/cms\/wp-content\/uploads\/2023\/03\/JONA.jpg?resize=1320%2C879&amp;ssl=1 1320w\" sizes=\"auto, (max-width: 840px) 100vw, 840px\" \/><figcaption id=\"caption-attachment-29202\" class=\"wp-caption-text\">Christina Jung (voc) und Jochen Pfister (p) sind JONA. Foto: Arne Marenda<\/figcaption><\/figure>\n<p>JONA ist ein interessantes Duo-Projekt, das sich ganz nat\u00fcrlich und vielversprechend zwischen Singer-Songerwriter, easy-listening Jazz und origineller Experimentierfreude bewegt.<\/p>\n<p>Mehr Informationen unter: <a href=\"https:\/\/www.jazzclub-abensberg.de\/index.php\/termine-und-veranstaltungen-uebersicht\/item\/duo-jona-christina-jung-jochen-pfister\">https:\/\/www.jazzclub-abensberg.de\/<\/a><\/p>\n","protected":false},"excerpt":{"rendered":"<p>+++ Internationale Musik beim 35. Jazzfest Rottweil +++ Der Mai steht in Rottweil wieder im Zeichen des Jazz. Auch bei der 35. Ausgabe des Festivals strebt das Festival nach einem hochkar\u00e4tigen Programm mit hoher Bandbreite aus. Den Auftakt bildet der 30. April mit mannigfaltiger Livemusik ab 16.00 Uhr in der Oberen Hauptstra\u00dfe sowie ab 20.00 Uhr in mehr als 20 Lokalit\u00e4ten in der gesamten Innenstadt Rottweils. Insgesamt 9 Konzerte gibt es beim 35. Jazzfest Rottweil zwischen dem 5. und 20. Mai 2023: mit energiegeladener Fusion von Simon Phillips\u00a0\u201eProtocol V\u201c; dem neuen Projekt \u201eGO\u201c zwischen groovigem NuJazz und sph\u00e4rischen Balladen von Nils W\u00fclker; einer Melange aus traditioneller arabischer Musik, europ\u00e4ischer Klassik und amerikanischem Jazz durch Oud-Virtuosen Rabih Abou-Khalil\u00a0und S\u00e4ngerin Elina Duni; der europ\u00e4ischen \u201eBonfire-Tour\u201c-Premiere von Hazmat Modine die Blues mit Klezmer, Swing, World und mehr kombinieren; dem Moka Efti Orchester, den Machern des \u201eBabylon Berlin\u201c-Soundtracks; eing\u00e4ngige und tanzbare Kl\u00e4nge liefert De-Phazz, nachdem das stilistisch ungebundenen Beat-Projekt RSxT und Joo Kraus das Publikum aufgew\u00e4rmt haben; den Abschluss macht Blues-Gitarrist und S\u00e4nger Robert Cray; eine kleine \u00dcberraschung macht den Anfang: Yvonne Catterfeld pr\u00e4sentiert dem Jazz-Publikum ihre neuen R&amp;B- &hellip;<\/p>\n","protected":false},"author":18,"featured_media":29205,"comment_status":"open","ping_status":"closed","sticky":false,"template":"","format":"standard","meta":{"_jetpack_memberships_contains_paid_content":false,"footnotes":"","jetpack_publicize_message":"","jetpack_publicize_feature_enabled":true,"jetpack_social_post_already_shared":false,"jetpack_social_options":{"image_generator_settings":{"template":"highway","default_image_id":0,"font":"","enabled":false},"version":2}},"categories":[633],"tags":[917,83,4696,120,4704,4699,4504,3,682,2311,4707,1876,271,4698,751,848,918,4697,4695,4379,1425,316,317,2558,323,3996,3964,4700,4706,989,4709,1722,4144,2505,4705,4701,4708,4710,4702,1391,1009,4211,595,4509,4703,3044],"coauthors":[695],"class_list":["post-29201","post","type-post","status-publish","format-standard","has-post-thumbnail","hentry","category-nachrichten","tag-alto-adige","tag-blues","tag-christina-jung","tag-club","tag-de-phazz","tag-discothek-club-center","tag-elina-duni","tag-festival","tag-festivals","tag-fusion","tag-hazmat-modine","tag-jazz","tag-jazzclub","tag-jazzclub-abensberg","tag-jazzfest","tag-jazzfest-rottweil","tag-jazzfestival","tag-jochen-pfister","tag-jona","tag-joo-kraus","tag-jung","tag-klassik","tag-klaus-doldinger","tag-klaus-widmann","tag-konzerte","tag-konzertreihe","tag-livemusik","tag-max-von-pretz","tag-moka-efti-orchester","tag-nils-wuelker","tag-nujazz","tag-oud","tag-programm","tag-rabih-abou-khalil","tag-robert-cray","tag-roberto-tubaro","tag-rsxt","tag-simon-phillips","tag-stefan-festini-cucco","tag-suedtirol","tag-suedtirol-jazzfestival","tag-suedtirol-jazzfestival-alto-adige","tag-weihnachten","tag-world","tag-yvonne-catterfeld","tag-zentrum"],"yoast_head":"<!-- This site is optimized with the Yoast SEO plugin v27.5 - https:\/\/yoast.com\/product\/yoast-seo-wordpress\/ -->\n<title>News: Jazzfest Rottweil +++ Neue Leitung beim Jazzfestival Alto Adige +++ JONA in Abensberg - JazzZeitung<\/title>\n<meta name=\"robots\" content=\"index, follow, max-snippet:-1, max-image-preview:large, max-video-preview:-1\" \/>\n<link rel=\"canonical\" href=\"https:\/\/www.jazzzeitung.de\/cms\/2023\/03\/news-jazzfest-rottweil-neue-leitung-beim-jazzfestival-alto-adige-jona-in-abensberg\/\" \/>\n<meta property=\"og:locale\" content=\"de_DE\" \/>\n<meta property=\"og:type\" content=\"article\" \/>\n<meta property=\"og:title\" content=\"News: Jazzfest Rottweil +++ Neue Leitung beim Jazzfestival Alto Adige +++ JONA in Abensberg - JazzZeitung\" \/>\n<meta property=\"og:description\" content=\"+++ Internationale Musik beim 35. Jazzfest Rottweil +++ Der Mai steht in Rottweil wieder im Zeichen des Jazz. Auch bei der 35. Ausgabe des Festivals strebt das Festival nach einem hochkar\u00e4tigen Programm mit hoher Bandbreite aus. Den Auftakt bildet der 30. April mit mannigfaltiger Livemusik ab 16.00 Uhr in der Oberen Hauptstra\u00dfe sowie ab 20.00 Uhr in mehr als 20 Lokalit\u00e4ten in der gesamten Innenstadt Rottweils. Insgesamt 9 Konzerte gibt es beim 35. Jazzfest Rottweil zwischen dem 5. und 20. Mai 2023: mit energiegeladener Fusion von Simon Phillips\u00a0\u201eProtocol V\u201c; dem neuen Projekt \u201eGO\u201c zwischen groovigem NuJazz und sph\u00e4rischen Balladen von Nils W\u00fclker; einer Melange aus traditioneller arabischer Musik, europ\u00e4ischer Klassik und amerikanischem Jazz durch Oud-Virtuosen Rabih Abou-Khalil\u00a0und S\u00e4ngerin Elina Duni; der europ\u00e4ischen \u201eBonfire-Tour\u201c-Premiere von Hazmat Modine die Blues mit Klezmer, Swing, World und mehr kombinieren; dem Moka Efti Orchester, den Machern des \u201eBabylon Berlin\u201c-Soundtracks; eing\u00e4ngige und tanzbare Kl\u00e4nge liefert De-Phazz, nachdem das stilistisch ungebundenen Beat-Projekt RSxT und Joo Kraus das Publikum aufgew\u00e4rmt haben; den Abschluss macht Blues-Gitarrist und S\u00e4nger Robert Cray; eine kleine \u00dcberraschung macht den Anfang: Yvonne Catterfeld pr\u00e4sentiert dem Jazz-Publikum ihre neuen R&amp;B- &hellip;\" \/>\n<meta property=\"og:url\" content=\"https:\/\/www.jazzzeitung.de\/cms\/2023\/03\/news-jazzfest-rottweil-neue-leitung-beim-jazzfestival-alto-adige-jona-in-abensberg\/\" \/>\n<meta property=\"og:site_name\" content=\"JazzZeitung\" \/>\n<meta property=\"article:publisher\" content=\"https:\/\/www.facebook.com\/JazzZeitung\/\" \/>\n<meta property=\"article:published_time\" content=\"2023-03-08T16:10:56+00:00\" \/>\n<meta property=\"og:image\" content=\"https:\/\/www.jazzzeitung.de\/cms\/wp-content\/uploads\/2023\/03\/2017Klaus-Doldinger31.jpg\" \/>\n\t<meta property=\"og:image:width\" content=\"1024\" \/>\n\t<meta property=\"og:image:height\" content=\"682\" \/>\n\t<meta property=\"og:image:type\" content=\"image\/jpeg\" \/>\n<meta name=\"author\" content=\"Redaktion JazzZeitung\" \/>\n<script type=\"application\/ld+json\" class=\"yoast-schema-graph\">{\"@context\":\"https:\\\/\\\/schema.org\",\"@graph\":[{\"@type\":\"Article\",\"@id\":\"https:\\\/\\\/www.jazzzeitung.de\\\/cms\\\/2023\\\/03\\\/news-jazzfest-rottweil-neue-leitung-beim-jazzfestival-alto-adige-jona-in-abensberg\\\/#article\",\"isPartOf\":{\"@id\":\"https:\\\/\\\/www.jazzzeitung.de\\\/cms\\\/2023\\\/03\\\/news-jazzfest-rottweil-neue-leitung-beim-jazzfestival-alto-adige-jona-in-abensberg\\\/\"},\"author\":{\"name\":\"Redaktion JazzZeitung\",\"@id\":\"https:\\\/\\\/www.jazzzeitung.de\\\/cms\\\/#\\\/schema\\\/person\\\/2245b36b9cd1d24cea10f01c031fb92b\"},\"headline\":\"News: Jazzfest Rottweil +++ Neue Leitung beim Jazzfestival Alto Adige +++ JONA in Abensberg\",\"datePublished\":\"2023-03-08T16:10:56+00:00\",\"mainEntityOfPage\":{\"@id\":\"https:\\\/\\\/www.jazzzeitung.de\\\/cms\\\/2023\\\/03\\\/news-jazzfest-rottweil-neue-leitung-beim-jazzfestival-alto-adige-jona-in-abensberg\\\/\"},\"wordCount\":595,\"commentCount\":0,\"publisher\":{\"@id\":\"https:\\\/\\\/www.jazzzeitung.de\\\/cms\\\/#organization\"},\"image\":{\"@id\":\"https:\\\/\\\/www.jazzzeitung.de\\\/cms\\\/2023\\\/03\\\/news-jazzfest-rottweil-neue-leitung-beim-jazzfestival-alto-adige-jona-in-abensberg\\\/#primaryimage\"},\"thumbnailUrl\":\"https:\\\/\\\/i0.wp.com\\\/www.jazzzeitung.de\\\/cms\\\/wp-content\\\/uploads\\\/2023\\\/03\\\/2017Klaus-Doldinger31.jpg?fit=1024%2C682&ssl=1\",\"keywords\":[\"Alto Adige\",\"Blues\",\"Christina Jung\",\"Club\",\"De-Phazz\",\"Discothek Club Center\",\"Elina Duni\",\"Festival\",\"Festivals\",\"Fusion\",\"Hazmat Modine\",\"Jazz\",\"Jazzclub\",\"Jazzclub Abensberg\",\"Jazzfest\",\"Jazzfest Rottweil\",\"Jazzfestival\",\"Jochen Pfister\",\"JONA\",\"Joo Kraus\",\"Jung\",\"Klassik\",\"Klaus Doldinger\",\"Klaus Widmann\",\"Konzerte\",\"Konzertreihe\",\"Livemusik\",\"Max von Pretz\",\"Moka Efti Orchester\",\"Nils W\u00fclker\",\"NuJazz\",\"Oud\",\"Programm\",\"Rabih Abou-Khalil\",\"Robert Cray\",\"Roberto Tubaro\",\"RSxT\",\"Simon Phillips\",\"Stefan Festini cucco\",\"S\u00fcdtirol\",\"S\u00fcdtirol Jazzfestival\",\"S\u00fcdtirol Jazzfestival Alto Adige\",\"Weihnachten\",\"World\",\"Yvonne Catterfeld\",\"Zentrum\"],\"articleSection\":[\"News\"],\"inLanguage\":\"de\",\"potentialAction\":[{\"@type\":\"CommentAction\",\"name\":\"Comment\",\"target\":[\"https:\\\/\\\/www.jazzzeitung.de\\\/cms\\\/2023\\\/03\\\/news-jazzfest-rottweil-neue-leitung-beim-jazzfestival-alto-adige-jona-in-abensberg\\\/#respond\"]}]},{\"@type\":\"WebPage\",\"@id\":\"https:\\\/\\\/www.jazzzeitung.de\\\/cms\\\/2023\\\/03\\\/news-jazzfest-rottweil-neue-leitung-beim-jazzfestival-alto-adige-jona-in-abensberg\\\/\",\"url\":\"https:\\\/\\\/www.jazzzeitung.de\\\/cms\\\/2023\\\/03\\\/news-jazzfest-rottweil-neue-leitung-beim-jazzfestival-alto-adige-jona-in-abensberg\\\/\",\"name\":\"News: Jazzfest Rottweil +++ Neue Leitung beim Jazzfestival Alto Adige +++ JONA in Abensberg - JazzZeitung\",\"isPartOf\":{\"@id\":\"https:\\\/\\\/www.jazzzeitung.de\\\/cms\\\/#website\"},\"primaryImageOfPage\":{\"@id\":\"https:\\\/\\\/www.jazzzeitung.de\\\/cms\\\/2023\\\/03\\\/news-jazzfest-rottweil-neue-leitung-beim-jazzfestival-alto-adige-jona-in-abensberg\\\/#primaryimage\"},\"image\":{\"@id\":\"https:\\\/\\\/www.jazzzeitung.de\\\/cms\\\/2023\\\/03\\\/news-jazzfest-rottweil-neue-leitung-beim-jazzfestival-alto-adige-jona-in-abensberg\\\/#primaryimage\"},\"thumbnailUrl\":\"https:\\\/\\\/i0.wp.com\\\/www.jazzzeitung.de\\\/cms\\\/wp-content\\\/uploads\\\/2023\\\/03\\\/2017Klaus-Doldinger31.jpg?fit=1024%2C682&ssl=1\",\"datePublished\":\"2023-03-08T16:10:56+00:00\",\"breadcrumb\":{\"@id\":\"https:\\\/\\\/www.jazzzeitung.de\\\/cms\\\/2023\\\/03\\\/news-jazzfest-rottweil-neue-leitung-beim-jazzfestival-alto-adige-jona-in-abensberg\\\/#breadcrumb\"},\"inLanguage\":\"de\",\"potentialAction\":[{\"@type\":\"ReadAction\",\"target\":[\"https:\\\/\\\/www.jazzzeitung.de\\\/cms\\\/2023\\\/03\\\/news-jazzfest-rottweil-neue-leitung-beim-jazzfestival-alto-adige-jona-in-abensberg\\\/\"]}]},{\"@type\":\"ImageObject\",\"inLanguage\":\"de\",\"@id\":\"https:\\\/\\\/www.jazzzeitung.de\\\/cms\\\/2023\\\/03\\\/news-jazzfest-rottweil-neue-leitung-beim-jazzfestival-alto-adige-jona-in-abensberg\\\/#primaryimage\",\"url\":\"https:\\\/\\\/i0.wp.com\\\/www.jazzzeitung.de\\\/cms\\\/wp-content\\\/uploads\\\/2023\\\/03\\\/2017Klaus-Doldinger31.jpg?fit=1024%2C682&ssl=1\",\"contentUrl\":\"https:\\\/\\\/i0.wp.com\\\/www.jazzzeitung.de\\\/cms\\\/wp-content\\\/uploads\\\/2023\\\/03\\\/2017Klaus-Doldinger31.jpg?fit=1024%2C682&ssl=1\",\"width\":1024,\"height\":682},{\"@type\":\"BreadcrumbList\",\"@id\":\"https:\\\/\\\/www.jazzzeitung.de\\\/cms\\\/2023\\\/03\\\/news-jazzfest-rottweil-neue-leitung-beim-jazzfestival-alto-adige-jona-in-abensberg\\\/#breadcrumb\",\"itemListElement\":[{\"@type\":\"ListItem\",\"position\":1,\"name\":\"Startseite\",\"item\":\"https:\\\/\\\/www.jazzzeitung.de\\\/cms\\\/\"},{\"@type\":\"ListItem\",\"position\":2,\"name\":\"News: Jazzfest Rottweil +++ Neue Leitung beim Jazzfestival Alto Adige +++ JONA in Abensberg\"}]},{\"@type\":\"WebSite\",\"@id\":\"https:\\\/\\\/www.jazzzeitung.de\\\/cms\\\/#website\",\"url\":\"https:\\\/\\\/www.jazzzeitung.de\\\/cms\\\/\",\"name\":\"JazzZeitung\",\"description\":\"Jazz-News und Jazz-Kontroverses\",\"publisher\":{\"@id\":\"https:\\\/\\\/www.jazzzeitung.de\\\/cms\\\/#organization\"},\"potentialAction\":[{\"@type\":\"SearchAction\",\"target\":{\"@type\":\"EntryPoint\",\"urlTemplate\":\"https:\\\/\\\/www.jazzzeitung.de\\\/cms\\\/?s={search_term_string}\"},\"query-input\":{\"@type\":\"PropertyValueSpecification\",\"valueRequired\":true,\"valueName\":\"search_term_string\"}}],\"inLanguage\":\"de\"},{\"@type\":\"Organization\",\"@id\":\"https:\\\/\\\/www.jazzzeitung.de\\\/cms\\\/#organization\",\"name\":\"JazzZeitung online\",\"url\":\"https:\\\/\\\/www.jazzzeitung.de\\\/cms\\\/\",\"logo\":{\"@type\":\"ImageObject\",\"inLanguage\":\"de\",\"@id\":\"https:\\\/\\\/www.jazzzeitung.de\\\/cms\\\/#\\\/schema\\\/logo\\\/image\\\/\",\"url\":\"https:\\\/\\\/i0.wp.com\\\/www.jazzzeitung.de\\\/cms\\\/wp-content\\\/uploads\\\/2015\\\/08\\\/JAZZZEITUNGDE_Logo_Neu.png?fit=499%2C200&ssl=1\",\"contentUrl\":\"https:\\\/\\\/i0.wp.com\\\/www.jazzzeitung.de\\\/cms\\\/wp-content\\\/uploads\\\/2015\\\/08\\\/JAZZZEITUNGDE_Logo_Neu.png?fit=499%2C200&ssl=1\",\"width\":499,\"height\":200,\"caption\":\"JazzZeitung online\"},\"image\":{\"@id\":\"https:\\\/\\\/www.jazzzeitung.de\\\/cms\\\/#\\\/schema\\\/logo\\\/image\\\/\"},\"sameAs\":[\"https:\\\/\\\/www.facebook.com\\\/JazzZeitung\\\/\"]},{\"@type\":\"Person\",\"@id\":\"https:\\\/\\\/www.jazzzeitung.de\\\/cms\\\/#\\\/schema\\\/person\\\/2245b36b9cd1d24cea10f01c031fb92b\",\"name\":\"Redaktion JazzZeitung\",\"image\":{\"@type\":\"ImageObject\",\"inLanguage\":\"de\",\"@id\":\"https:\\\/\\\/i0.wp.com\\\/www.jazzzeitung.de\\\/cms\\\/wp-content\\\/uploads\\\/2015\\\/08\\\/JAZZZEITUNGDE_Logo_Neu.png?resize=96%2C96&ssl=159975dcacb611b5700bd619b5daf0a7a\",\"url\":\"https:\\\/\\\/i0.wp.com\\\/www.jazzzeitung.de\\\/cms\\\/wp-content\\\/uploads\\\/2015\\\/08\\\/JAZZZEITUNGDE_Logo_Neu.png?resize=96%2C96&ssl=1\",\"contentUrl\":\"https:\\\/\\\/i0.wp.com\\\/www.jazzzeitung.de\\\/cms\\\/wp-content\\\/uploads\\\/2015\\\/08\\\/JAZZZEITUNGDE_Logo_Neu.png?resize=96%2C96&ssl=1\",\"caption\":\"Redaktion JazzZeitung\"},\"description\":\"Artikel der Redaktion der JazzZeitung.\",\"sameAs\":[\"http:\\\/\\\/www.jazzzeitung.de\\\/cms\\\/\"],\"url\":\"https:\\\/\\\/www.jazzzeitung.de\\\/cms\\\/author\\\/redaktion\\\/\"}]}<\/script>\n<!-- \/ Yoast SEO plugin. -->","yoast_head_json":{"title":"News: Jazzfest Rottweil +++ Neue Leitung beim Jazzfestival Alto Adige +++ JONA in Abensberg - JazzZeitung","robots":{"index":"index","follow":"follow","max-snippet":"max-snippet:-1","max-image-preview":"max-image-preview:large","max-video-preview":"max-video-preview:-1"},"canonical":"https:\/\/www.jazzzeitung.de\/cms\/2023\/03\/news-jazzfest-rottweil-neue-leitung-beim-jazzfestival-alto-adige-jona-in-abensberg\/","og_locale":"de_DE","og_type":"article","og_title":"News: Jazzfest Rottweil +++ Neue Leitung beim Jazzfestival Alto Adige +++ JONA in Abensberg - JazzZeitung","og_description":"+++ Internationale Musik beim 35. Jazzfest Rottweil +++ Der Mai steht in Rottweil wieder im Zeichen des Jazz. Auch bei der 35. Ausgabe des Festivals strebt das Festival nach einem hochkar\u00e4tigen Programm mit hoher Bandbreite aus. Den Auftakt bildet der 30. April mit mannigfaltiger Livemusik ab 16.00 Uhr in der Oberen Hauptstra\u00dfe sowie ab 20.00 Uhr in mehr als 20 Lokalit\u00e4ten in der gesamten Innenstadt Rottweils. Insgesamt 9 Konzerte gibt es beim 35. Jazzfest Rottweil zwischen dem 5. und 20. Mai 2023: mit energiegeladener Fusion von Simon Phillips\u00a0\u201eProtocol V\u201c; dem neuen Projekt \u201eGO\u201c zwischen groovigem NuJazz und sph\u00e4rischen Balladen von Nils W\u00fclker; einer Melange aus traditioneller arabischer Musik, europ\u00e4ischer Klassik und amerikanischem Jazz durch Oud-Virtuosen Rabih Abou-Khalil\u00a0und S\u00e4ngerin Elina Duni; der europ\u00e4ischen \u201eBonfire-Tour\u201c-Premiere von Hazmat Modine die Blues mit Klezmer, Swing, World und mehr kombinieren; dem Moka Efti Orchester, den Machern des \u201eBabylon Berlin\u201c-Soundtracks; eing\u00e4ngige und tanzbare Kl\u00e4nge liefert De-Phazz, nachdem das stilistisch ungebundenen Beat-Projekt RSxT und Joo Kraus das Publikum aufgew\u00e4rmt haben; den Abschluss macht Blues-Gitarrist und S\u00e4nger Robert Cray; eine kleine \u00dcberraschung macht den Anfang: Yvonne Catterfeld pr\u00e4sentiert dem Jazz-Publikum ihre neuen R&amp;B- &hellip;","og_url":"https:\/\/www.jazzzeitung.de\/cms\/2023\/03\/news-jazzfest-rottweil-neue-leitung-beim-jazzfestival-alto-adige-jona-in-abensberg\/","og_site_name":"JazzZeitung","article_publisher":"https:\/\/www.facebook.com\/JazzZeitung\/","article_published_time":"2023-03-08T16:10:56+00:00","og_image":[{"width":1024,"height":682,"url":"https:\/\/www.jazzzeitung.de\/cms\/wp-content\/uploads\/2023\/03\/2017Klaus-Doldinger31.jpg","type":"image\/jpeg"}],"author":"Redaktion JazzZeitung","schema":{"@context":"https:\/\/schema.org","@graph":[{"@type":"Article","@id":"https:\/\/www.jazzzeitung.de\/cms\/2023\/03\/news-jazzfest-rottweil-neue-leitung-beim-jazzfestival-alto-adige-jona-in-abensberg\/#article","isPartOf":{"@id":"https:\/\/www.jazzzeitung.de\/cms\/2023\/03\/news-jazzfest-rottweil-neue-leitung-beim-jazzfestival-alto-adige-jona-in-abensberg\/"},"author":{"name":"Redaktion JazzZeitung","@id":"https:\/\/www.jazzzeitung.de\/cms\/#\/schema\/person\/2245b36b9cd1d24cea10f01c031fb92b"},"headline":"News: Jazzfest Rottweil +++ Neue Leitung beim Jazzfestival Alto Adige +++ JONA in Abensberg","datePublished":"2023-03-08T16:10:56+00:00","mainEntityOfPage":{"@id":"https:\/\/www.jazzzeitung.de\/cms\/2023\/03\/news-jazzfest-rottweil-neue-leitung-beim-jazzfestival-alto-adige-jona-in-abensberg\/"},"wordCount":595,"commentCount":0,"publisher":{"@id":"https:\/\/www.jazzzeitung.de\/cms\/#organization"},"image":{"@id":"https:\/\/www.jazzzeitung.de\/cms\/2023\/03\/news-jazzfest-rottweil-neue-leitung-beim-jazzfestival-alto-adige-jona-in-abensberg\/#primaryimage"},"thumbnailUrl":"https:\/\/i0.wp.com\/www.jazzzeitung.de\/cms\/wp-content\/uploads\/2023\/03\/2017Klaus-Doldinger31.jpg?fit=1024%2C682&ssl=1","keywords":["Alto Adige","Blues","Christina Jung","Club","De-Phazz","Discothek Club Center","Elina Duni","Festival","Festivals","Fusion","Hazmat Modine","Jazz","Jazzclub","Jazzclub Abensberg","Jazzfest","Jazzfest Rottweil","Jazzfestival","Jochen Pfister","JONA","Joo Kraus","Jung","Klassik","Klaus Doldinger","Klaus Widmann","Konzerte","Konzertreihe","Livemusik","Max von Pretz","Moka Efti Orchester","Nils W\u00fclker","NuJazz","Oud","Programm","Rabih Abou-Khalil","Robert Cray","Roberto Tubaro","RSxT","Simon Phillips","Stefan Festini cucco","S\u00fcdtirol","S\u00fcdtirol Jazzfestival","S\u00fcdtirol Jazzfestival Alto Adige","Weihnachten","World","Yvonne Catterfeld","Zentrum"],"articleSection":["News"],"inLanguage":"de","potentialAction":[{"@type":"CommentAction","name":"Comment","target":["https:\/\/www.jazzzeitung.de\/cms\/2023\/03\/news-jazzfest-rottweil-neue-leitung-beim-jazzfestival-alto-adige-jona-in-abensberg\/#respond"]}]},{"@type":"WebPage","@id":"https:\/\/www.jazzzeitung.de\/cms\/2023\/03\/news-jazzfest-rottweil-neue-leitung-beim-jazzfestival-alto-adige-jona-in-abensberg\/","url":"https:\/\/www.jazzzeitung.de\/cms\/2023\/03\/news-jazzfest-rottweil-neue-leitung-beim-jazzfestival-alto-adige-jona-in-abensberg\/","name":"News: Jazzfest Rottweil +++ Neue Leitung beim Jazzfestival Alto Adige +++ JONA in Abensberg - JazzZeitung","isPartOf":{"@id":"https:\/\/www.jazzzeitung.de\/cms\/#website"},"primaryImageOfPage":{"@id":"https:\/\/www.jazzzeitung.de\/cms\/2023\/03\/news-jazzfest-rottweil-neue-leitung-beim-jazzfestival-alto-adige-jona-in-abensberg\/#primaryimage"},"image":{"@id":"https:\/\/www.jazzzeitung.de\/cms\/2023\/03\/news-jazzfest-rottweil-neue-leitung-beim-jazzfestival-alto-adige-jona-in-abensberg\/#primaryimage"},"thumbnailUrl":"https:\/\/i0.wp.com\/www.jazzzeitung.de\/cms\/wp-content\/uploads\/2023\/03\/2017Klaus-Doldinger31.jpg?fit=1024%2C682&ssl=1","datePublished":"2023-03-08T16:10:56+00:00","breadcrumb":{"@id":"https:\/\/www.jazzzeitung.de\/cms\/2023\/03\/news-jazzfest-rottweil-neue-leitung-beim-jazzfestival-alto-adige-jona-in-abensberg\/#breadcrumb"},"inLanguage":"de","potentialAction":[{"@type":"ReadAction","target":["https:\/\/www.jazzzeitung.de\/cms\/2023\/03\/news-jazzfest-rottweil-neue-leitung-beim-jazzfestival-alto-adige-jona-in-abensberg\/"]}]},{"@type":"ImageObject","inLanguage":"de","@id":"https:\/\/www.jazzzeitung.de\/cms\/2023\/03\/news-jazzfest-rottweil-neue-leitung-beim-jazzfestival-alto-adige-jona-in-abensberg\/#primaryimage","url":"https:\/\/i0.wp.com\/www.jazzzeitung.de\/cms\/wp-content\/uploads\/2023\/03\/2017Klaus-Doldinger31.jpg?fit=1024%2C682&ssl=1","contentUrl":"https:\/\/i0.wp.com\/www.jazzzeitung.de\/cms\/wp-content\/uploads\/2023\/03\/2017Klaus-Doldinger31.jpg?fit=1024%2C682&ssl=1","width":1024,"height":682},{"@type":"BreadcrumbList","@id":"https:\/\/www.jazzzeitung.de\/cms\/2023\/03\/news-jazzfest-rottweil-neue-leitung-beim-jazzfestival-alto-adige-jona-in-abensberg\/#breadcrumb","itemListElement":[{"@type":"ListItem","position":1,"name":"Startseite","item":"https:\/\/www.jazzzeitung.de\/cms\/"},{"@type":"ListItem","position":2,"name":"News: Jazzfest Rottweil +++ Neue Leitung beim Jazzfestival Alto Adige +++ JONA in Abensberg"}]},{"@type":"WebSite","@id":"https:\/\/www.jazzzeitung.de\/cms\/#website","url":"https:\/\/www.jazzzeitung.de\/cms\/","name":"JazzZeitung","description":"Jazz-News und Jazz-Kontroverses","publisher":{"@id":"https:\/\/www.jazzzeitung.de\/cms\/#organization"},"potentialAction":[{"@type":"SearchAction","target":{"@type":"EntryPoint","urlTemplate":"https:\/\/www.jazzzeitung.de\/cms\/?s={search_term_string}"},"query-input":{"@type":"PropertyValueSpecification","valueRequired":true,"valueName":"search_term_string"}}],"inLanguage":"de"},{"@type":"Organization","@id":"https:\/\/www.jazzzeitung.de\/cms\/#organization","name":"JazzZeitung online","url":"https:\/\/www.jazzzeitung.de\/cms\/","logo":{"@type":"ImageObject","inLanguage":"de","@id":"https:\/\/www.jazzzeitung.de\/cms\/#\/schema\/logo\/image\/","url":"https:\/\/i0.wp.com\/www.jazzzeitung.de\/cms\/wp-content\/uploads\/2015\/08\/JAZZZEITUNGDE_Logo_Neu.png?fit=499%2C200&ssl=1","contentUrl":"https:\/\/i0.wp.com\/www.jazzzeitung.de\/cms\/wp-content\/uploads\/2015\/08\/JAZZZEITUNGDE_Logo_Neu.png?fit=499%2C200&ssl=1","width":499,"height":200,"caption":"JazzZeitung online"},"image":{"@id":"https:\/\/www.jazzzeitung.de\/cms\/#\/schema\/logo\/image\/"},"sameAs":["https:\/\/www.facebook.com\/JazzZeitung\/"]},{"@type":"Person","@id":"https:\/\/www.jazzzeitung.de\/cms\/#\/schema\/person\/2245b36b9cd1d24cea10f01c031fb92b","name":"Redaktion JazzZeitung","image":{"@type":"ImageObject","inLanguage":"de","@id":"https:\/\/i0.wp.com\/www.jazzzeitung.de\/cms\/wp-content\/uploads\/2015\/08\/JAZZZEITUNGDE_Logo_Neu.png?resize=96%2C96&ssl=159975dcacb611b5700bd619b5daf0a7a","url":"https:\/\/i0.wp.com\/www.jazzzeitung.de\/cms\/wp-content\/uploads\/2015\/08\/JAZZZEITUNGDE_Logo_Neu.png?resize=96%2C96&ssl=1","contentUrl":"https:\/\/i0.wp.com\/www.jazzzeitung.de\/cms\/wp-content\/uploads\/2015\/08\/JAZZZEITUNGDE_Logo_Neu.png?resize=96%2C96&ssl=1","caption":"Redaktion JazzZeitung"},"description":"Artikel der Redaktion der JazzZeitung.","sameAs":["http:\/\/www.jazzzeitung.de\/cms\/"],"url":"https:\/\/www.jazzzeitung.de\/cms\/author\/redaktion\/"}]}},"wp-worthy-pixel":{"ignored":false,"public":null,"server":null,"url":null},"wp-worthy-type":"normal","jetpack_publicize_connections":[],"cc_featured_image_caption":{"caption_text":"","source_text":"","source_url":""},"jetpack_featured_media_url":"https:\/\/i0.wp.com\/www.jazzzeitung.de\/cms\/wp-content\/uploads\/2023\/03\/2017Klaus-Doldinger31.jpg?fit=1024%2C682&ssl=1","jetpack_shortlink":"https:\/\/wp.me\/p3KEcT-7AZ","jetpack-related-posts":[{"id":18436,"url":"https:\/\/www.jazzzeitung.de\/cms\/2019\/01\/news-saalfelden-leogang-feierte-3-tage-jazz-jazzfest-in-rottweil-programm-nahezu-komplett-das-suedtirol-jazzfestival-2019-bespielt-neue-locations\/","url_meta":{"origin":29201,"position":0},"title":"+++ News: +++ Saalfelden Leogang feierte \u201e3 Tage Jazz&#8220; +++ Jazzfest in Rottweil &#8211; Programm nahezu komplett! +++ Das S\u00fcdtirol Jazzfestival 2019 bespielt neue Locations +++","author":"Redaktion JazzZeitung","date":"28. Januar 2019","format":false,"excerpt":"Die ersten \"Drei Tage Jazz\" in der Saalfelden Leogang 2019 Vom 18.-20. Januar 2019 ging das vierte \u201e3 Tage Jazz\" Festival in der Region Saalfelden Leogang\u00a0 inmitten des Salzburger Innergebirgs \u00fcber die B\u00fchne. Das Appetith\u00e4ppchen aufs gro\u00dfe Saalfeldener Sommerfestival ist aber auch schonaus den Kinderschuhen raus und wurde zum neuen\u2026","rel":"","context":"In &quot;News&quot;","block_context":{"text":"News","link":"https:\/\/www.jazzzeitung.de\/cms\/thema\/nachrichten\/"},"img":{"alt_text":"","src":"https:\/\/i0.wp.com\/www.jazzzeitung.de\/cms\/wp-content\/uploads\/2019\/01\/Veranstalter-JazzfestivalcJohannesRadlwimmer.jpg?fit=1200%2C800&ssl=1&resize=350%2C200","width":350,"height":200,"srcset":"https:\/\/i0.wp.com\/www.jazzzeitung.de\/cms\/wp-content\/uploads\/2019\/01\/Veranstalter-JazzfestivalcJohannesRadlwimmer.jpg?fit=1200%2C800&ssl=1&resize=350%2C200 1x, https:\/\/i0.wp.com\/www.jazzzeitung.de\/cms\/wp-content\/uploads\/2019\/01\/Veranstalter-JazzfestivalcJohannesRadlwimmer.jpg?fit=1200%2C800&ssl=1&resize=525%2C300 1.5x, https:\/\/i0.wp.com\/www.jazzzeitung.de\/cms\/wp-content\/uploads\/2019\/01\/Veranstalter-JazzfestivalcJohannesRadlwimmer.jpg?fit=1200%2C800&ssl=1&resize=700%2C400 2x, https:\/\/i0.wp.com\/www.jazzzeitung.de\/cms\/wp-content\/uploads\/2019\/01\/Veranstalter-JazzfestivalcJohannesRadlwimmer.jpg?fit=1200%2C800&ssl=1&resize=1050%2C600 3x"},"classes":[]},{"id":22336,"url":"https:\/\/www.jazzzeitung.de\/cms\/2020\/04\/newssuedtirol-jazzfestival-alto-adige-2020-abgesagtmoers-jazzfestival-soll-stattfinden\/","url_meta":{"origin":29201,"position":1},"title":"news+++S\u00fcdtirol Jazzfestival Alto Adige 2020 abgesagt+++Moers Jazzfestival soll stattfinden+++","author":"Redaktion JazzZeitung","date":"11. April 2020","format":false,"excerpt":"Eine weitere Festival-Absage Das S\u00fcdtirol Jazzfestival Alto Adige findet dieses Jahr zum ersten Mal in 38 Jahren nicht statt. Die Pandemie hat auch die Veranstalter in S\u00fcdtirol gezwungen, Festivals, Konzerte usw. abzusagen. Das Programm des Festivals sollte eigentlich eine Reise in den osteurop\u00e4ischen Jazz sein, Name des Themas: \u201eGegen den\u2026","rel":"","context":"In &quot;News&quot;","block_context":{"text":"News","link":"https:\/\/www.jazzzeitung.de\/cms\/thema\/nachrichten\/"},"img":{"alt_text":"","src":"https:\/\/www.jazzzeitung.de\/cms\/wp-content\/uploads\/2020\/03\/Beitragsbild-beschnitten-e1583498329553.bmp","width":350,"height":200,"srcset":"https:\/\/www.jazzzeitung.de\/cms\/wp-content\/uploads\/2020\/03\/Beitragsbild-beschnitten-e1583498329553.bmp 1x, https:\/\/www.jazzzeitung.de\/cms\/wp-content\/uploads\/2020\/03\/Beitragsbild-beschnitten-e1583498329553.bmp 1.5x, https:\/\/www.jazzzeitung.de\/cms\/wp-content\/uploads\/2020\/03\/Beitragsbild-beschnitten-e1583498329553.bmp 2x, https:\/\/www.jazzzeitung.de\/cms\/wp-content\/uploads\/2020\/03\/Beitragsbild-beschnitten-e1583498329553.bmp 3x"},"classes":[]},{"id":8122,"url":"https:\/\/www.jazzzeitung.de\/cms\/2016\/01\/suedtirol-jazzfestival-alto-adige-2016-startet-die-naechste-runde\/","url_meta":{"origin":29201,"position":2},"title":"Save the Date: S\u00fcdtirol Jazzfestival Alto Adige 2016 startet in die n\u00e4chste Runde","author":"Redaktion JazzZeitung","date":"16. Januar 2016","format":false,"excerpt":"Nach dem Festival ist vor dem Festival: Die Vorbereitungen auf das S\u00fcdtirol Jazzfestival Alto Adige 2016 laufen bereits auf Hochtouren, die Er\u00f6ffnung ist am 24. Juni 2016. Dieses Jahr findet das S\u00fcdtirol Jazzfestival Alto Adige bereits in seiner 34. Auflage statt. Wie jedes Jahr sind auch f\u00fcr das bevorstehende Event\u2026","rel":"","context":"In &quot;News&quot;","block_context":{"text":"News","link":"https:\/\/www.jazzzeitung.de\/cms\/thema\/nachrichten\/"},"img":{"alt_text":"Das 34. S\u00fcdtirol Jazzfestival Alto Adige - dieses Jahr mit dem Schwerpunkt auf \u00d6sterreich und Italien. Foto: G. Pichler","src":"https:\/\/i0.wp.com\/www.jazzzeitung.de\/cms\/wp-content\/uploads\/2016\/01\/SJF15-0701-Waltherplatz-Three-Trapped-Tigers-c-GPichler-14-150x150.jpg?resize=350%2C200","width":350,"height":200},"classes":[]},{"id":3508,"url":"https:\/\/www.jazzzeitung.de\/cms\/2014\/02\/suedtirol-jazzfestival-alto-adige-2014-mit-chickcorea\/","url_meta":{"origin":29201,"position":3},"title":"S\u00fcdtirol Jazzfestival Alto Adige 2014 \u2013 mit ChickCorea","author":"Redaktion JazzZeitung","date":"21. Februar 2014","format":false,"excerpt":"Vom Freitag, den 27. Juni bis Sonntag, 6. Juli 2014 wird in S\u00fcdtirol wieder der Jazz dominieren. Zum 32. Mal in Folge findet in diesem Jahr das beliebte S\u00fcdtirol Jazz Festival Alto Adige statt.\u00a0 So unterschiedlich wie die Musik der auftretenden K\u00fcnstler sind auch in jedem Jahr die Austragungsorte der\u2026","rel":"","context":"In &quot;News&quot;","block_context":{"text":"News","link":"https:\/\/www.jazzzeitung.de\/cms\/thema\/nachrichten\/"},"img":{"alt_text":"S\u00fcdtiroler Jazzfestival Alto Adige","src":"https:\/\/i0.wp.com\/www.jazzzeitung.de\/cms\/wp-content\/uploads\/2014\/02\/Jazz-Design-2014-2-150x150.jpg?resize=350%2C200","width":350,"height":200},"classes":[]},{"id":8716,"url":"https:\/\/www.jazzzeitung.de\/cms\/2016\/03\/das-suedtirol-jazzfestival-alto-adige-kennt-keine-grenzen\/","url_meta":{"origin":29201,"position":4},"title":"Das S\u00fcdtirol Jazzfestival Alto Adige kennt keine Grenzen&#8230;","author":"Redaktion JazzZeitung","date":"17. M\u00e4rz 2016","format":false,"excerpt":"Zum 34. Mal wird das S\u00fcdtirol Jazzfestival Alto Adige auf die B\u00fchne(n) gebracht \u2013 und bespielt wie in den vergangenen Jahren wiederum ganz S\u00fcdtirol. Von der Er\u00f6ffnung am Freitag, 24. Juni bis zum Abschluss am Sonntag, 3. Juli, zieht der bunte Jazz-Tross auf knapp 60 Schaupl\u00e4tzen in 20 S\u00fcdtiroler Gemeinden\u2026","rel":"","context":"In &quot;News&quot;","block_context":{"text":"News","link":"https:\/\/www.jazzzeitung.de\/cms\/thema\/nachrichten\/"},"img":{"alt_text":"Perhaps Contraption - Ritten. Foto: G. Pichler","src":"https:\/\/i0.wp.com\/www.jazzzeitung.de\/cms\/wp-content\/uploads\/2016\/03\/Perhaps-Contraption-Ritten-c-G.-Pichler-150x150.jpg?resize=350%2C200","width":350,"height":200},"classes":[]},{"id":11947,"url":"https:\/\/www.jazzzeitung.de\/cms\/2017\/03\/11947\/","url_meta":{"origin":29201,"position":5},"title":"35 Jahre S\u00fcdtirol Jazzfestival Alto Adige: Start in vier Monaten","author":"Redaktion JazzZeitung","date":"19. M\u00e4rz 2017","format":false,"excerpt":"Musik zu Berge und im Tal, auf sch\u00f6nen Pl\u00e4tzen und an besonderen Orten in ganz S\u00fcdtirol, und das ganze 10 Tage lang: In knapp vier Monaten, am 30. Juni, f\u00e4llt der Startschuss f\u00fcr das S\u00fcdtirol Jazzfestival Alto Adige 2017. Zum diesj\u00e4hrigen 35-j\u00e4hrigen Jubil\u00e4um f\u00fchrt der L\u00e4nderschwerpunkt in die Benelux-Staaten \u2013\u2026","rel":"","context":"In &quot;News&quot;","block_context":{"text":"News","link":"https:\/\/www.jazzzeitung.de\/cms\/thema\/nachrichten\/"},"img":{"alt_text":"","src":"https:\/\/i0.wp.com\/www.jazzzeitung.de\/cms\/wp-content\/uploads\/2017\/03\/IMG_7299-150x150.jpg?resize=350%2C200","width":350,"height":200},"classes":[]}],"jetpack_sharing_enabled":true,"_links":{"self":[{"href":"https:\/\/www.jazzzeitung.de\/cms\/wp-json\/wp\/v2\/posts\/29201","targetHints":{"allow":["GET"]}}],"collection":[{"href":"https:\/\/www.jazzzeitung.de\/cms\/wp-json\/wp\/v2\/posts"}],"about":[{"href":"https:\/\/www.jazzzeitung.de\/cms\/wp-json\/wp\/v2\/types\/post"}],"author":[{"embeddable":true,"href":"https:\/\/www.jazzzeitung.de\/cms\/wp-json\/wp\/v2\/users\/18"}],"replies":[{"embeddable":true,"href":"https:\/\/www.jazzzeitung.de\/cms\/wp-json\/wp\/v2\/comments?post=29201"}],"version-history":[{"count":1,"href":"https:\/\/www.jazzzeitung.de\/cms\/wp-json\/wp\/v2\/posts\/29201\/revisions"}],"predecessor-version":[{"id":29206,"href":"https:\/\/www.jazzzeitung.de\/cms\/wp-json\/wp\/v2\/posts\/29201\/revisions\/29206"}],"wp:featuredmedia":[{"embeddable":true,"href":"https:\/\/www.jazzzeitung.de\/cms\/wp-json\/wp\/v2\/media\/29205"}],"wp:attachment":[{"href":"https:\/\/www.jazzzeitung.de\/cms\/wp-json\/wp\/v2\/media?parent=29201"}],"wp:term":[{"taxonomy":"category","embeddable":true,"href":"https:\/\/www.jazzzeitung.de\/cms\/wp-json\/wp\/v2\/categories?post=29201"},{"taxonomy":"post_tag","embeddable":true,"href":"https:\/\/www.jazzzeitung.de\/cms\/wp-json\/wp\/v2\/tags?post=29201"},{"taxonomy":"author","embeddable":true,"href":"https:\/\/www.jazzzeitung.de\/cms\/wp-json\/wp\/v2\/coauthors?post=29201"}],"curies":[{"name":"wp","href":"https:\/\/api.w.org\/{rel}","templated":true}]}}