{"id":29131,"date":"2023-02-17T11:45:02","date_gmt":"2023-02-17T10:45:02","guid":{"rendered":"https:\/\/www.jazzzeitung.de\/cms\/?p=29131"},"modified":"2023-02-17T11:24:17","modified_gmt":"2023-02-17T10:24:17","slug":"trios-ensembles-big-band-orchestras-jazz-cds-in-der-hoerbar-januar-2023","status":"publish","type":"post","link":"https:\/\/www.jazzzeitung.de\/cms\/2023\/02\/trios-ensembles-big-band-orchestras-jazz-cds-in-der-hoerbar-januar-2023\/","title":{"rendered":"Trios, Ensembles, Big Band, Orchestras \u2013 Jazz-CDs in der H\u00f6rBar Januar 2023"},"content":{"rendered":"<p>Eine bunte Mischung durch Aufnahmen aus den letzten Monaten mit Big B\u00e4ng! Trio, Magnus Mehl, Mathias R\u00fcegg, Theo Croker, Axel K\u00fchn Trio und Chris Torkewitz. Die Jazz-Rezensionen in der\u00a0<a href=\"https:\/\/hoerbar.nmz.de\/\">H\u00f6rBar<\/a> der<a href=\"https:\/\/www.nmz.de\/\"> neuen musikzeitung<\/a>. F\u00fcr die kompletten Rezensionen mit den H\u00f6rbeispielen folgen Sie den Links in den \u00dcberschriften.<\/p>\n<hr \/>\n<h3><a href=\"https:\/\/hoerbar.nmz.de\/2023\/02\/big-baeng-trio-singularity\/\"><strong>Big B\u00e4ng! Trio \u2013 Singularity<\/strong><\/a><\/h3>\n<figure id=\"attachment_29132\" aria-describedby=\"caption-attachment-29132\" style=\"width: 300px\" class=\"wp-caption alignright\"><img data-recalc-dims=\"1\" loading=\"lazy\" decoding=\"async\" data-attachment-id=\"29132\" data-permalink=\"https:\/\/www.jazzzeitung.de\/cms\/2023\/02\/trios-ensembles-big-band-orchestras-jazz-cds-in-der-hoerbar-januar-2023\/bigbaeng-_ai\/\" data-orig-file=\"https:\/\/i0.wp.com\/www.jazzzeitung.de\/cms\/wp-content\/uploads\/2023\/02\/bigbaeng-_ai.jpg?fit=1633%2C1376&amp;ssl=1\" data-orig-size=\"1633,1376\" data-comments-opened=\"1\" data-image-meta=\"{&quot;aperture&quot;:&quot;0&quot;,&quot;credit&quot;:&quot;&quot;,&quot;camera&quot;:&quot;&quot;,&quot;caption&quot;:&quot;&quot;,&quot;created_timestamp&quot;:&quot;0&quot;,&quot;copyright&quot;:&quot;&quot;,&quot;focal_length&quot;:&quot;0&quot;,&quot;iso&quot;:&quot;0&quot;,&quot;shutter_speed&quot;:&quot;0&quot;,&quot;title&quot;:&quot;&quot;,&quot;orientation&quot;:&quot;1&quot;}\" data-image-title=\"Big B\u00e4ng! Trio \u2013 Singularity\" data-image-description=\"&lt;p&gt;Big B\u00e4ng! Trio \u2013 Singularity&lt;\/p&gt;\n\" data-image-caption=\"&lt;p&gt;Big B\u00e4ng! Trio \u2013 Singularity&lt;\/p&gt;\n\" data-large-file=\"https:\/\/i0.wp.com\/www.jazzzeitung.de\/cms\/wp-content\/uploads\/2023\/02\/bigbaeng-_ai.jpg?fit=712%2C600&amp;ssl=1\" class=\"size-medium wp-image-29132\" src=\"https:\/\/i0.wp.com\/www.jazzzeitung.de\/cms\/wp-content\/uploads\/2023\/02\/bigbaeng-_ai.jpg?resize=300%2C253&#038;ssl=1\" alt=\"Big B\u00e4ng! Trio \u2013 Singularity\" width=\"300\" height=\"253\" srcset=\"https:\/\/i0.wp.com\/www.jazzzeitung.de\/cms\/wp-content\/uploads\/2023\/02\/bigbaeng-_ai.jpg?resize=300%2C253&amp;ssl=1 300w, https:\/\/i0.wp.com\/www.jazzzeitung.de\/cms\/wp-content\/uploads\/2023\/02\/bigbaeng-_ai.jpg?resize=712%2C600&amp;ssl=1 712w, https:\/\/i0.wp.com\/www.jazzzeitung.de\/cms\/wp-content\/uploads\/2023\/02\/bigbaeng-_ai.jpg?resize=768%2C647&amp;ssl=1 768w, https:\/\/i0.wp.com\/www.jazzzeitung.de\/cms\/wp-content\/uploads\/2023\/02\/bigbaeng-_ai.jpg?resize=1536%2C1294&amp;ssl=1 1536w, https:\/\/i0.wp.com\/www.jazzzeitung.de\/cms\/wp-content\/uploads\/2023\/02\/bigbaeng-_ai.jpg?resize=1320%2C1112&amp;ssl=1 1320w, https:\/\/i0.wp.com\/www.jazzzeitung.de\/cms\/wp-content\/uploads\/2023\/02\/bigbaeng-_ai.jpg?w=1633&amp;ssl=1 1633w\" sizes=\"auto, (max-width: 300px) 100vw, 300px\" \/><figcaption id=\"caption-attachment-29132\" class=\"wp-caption-text\">Big B\u00e4ng! Trio \u2013 Singularity<\/figcaption><\/figure>\n<p>\u2026 Keine Frage, auch diese drei Jungs spielen sauber und feinsinnig, mal grob, mal luftig und mal eng. Daf\u00fcr ist die CD mit ihren 18 Tracks auch umfangreich genug. Da kann man schon mal die ganze aktuelle Poetik des Triospiels abgrasen. Da darf es eben alles sein. Das ist gekonnt, aber es ist auch \u00abnur\u00bb gekonnt. \u2026<\/p>\n<h3><\/h3>\n<hr \/>\n<h3><a href=\"https:\/\/hoerbar.nmz.de\/2023\/02\/magnus-mehl-upside-down-and-in-between\/\"><strong>Magnus Mehl \u2013 Upside Down And In Between<\/strong><\/a><\/h3>\n<figure id=\"attachment_29135\" aria-describedby=\"caption-attachment-29135\" style=\"width: 300px\" class=\"wp-caption alignright\"><img data-recalc-dims=\"1\" loading=\"lazy\" decoding=\"async\" data-attachment-id=\"29135\" data-permalink=\"https:\/\/www.jazzzeitung.de\/cms\/2023\/02\/trios-ensembles-big-band-orchestras-jazz-cds-in-der-hoerbar-januar-2023\/mehl_neuklang\/\" data-orig-file=\"https:\/\/i0.wp.com\/www.jazzzeitung.de\/cms\/wp-content\/uploads\/2023\/02\/mehl_neuklang.jpg?fit=600%2C536&amp;ssl=1\" data-orig-size=\"600,536\" data-comments-opened=\"1\" data-image-meta=\"{&quot;aperture&quot;:&quot;0&quot;,&quot;credit&quot;:&quot;&quot;,&quot;camera&quot;:&quot;&quot;,&quot;caption&quot;:&quot;&quot;,&quot;created_timestamp&quot;:&quot;0&quot;,&quot;copyright&quot;:&quot;&quot;,&quot;focal_length&quot;:&quot;0&quot;,&quot;iso&quot;:&quot;0&quot;,&quot;shutter_speed&quot;:&quot;0&quot;,&quot;title&quot;:&quot;&quot;,&quot;orientation&quot;:&quot;0&quot;}\" data-image-title=\"Magnus Mehl \u2013 Upside Down And In Between\" data-image-description=\"&lt;p&gt;Magnus Mehl \u2013 Upside Down And In Between&lt;\/p&gt;\n\" data-image-caption=\"&lt;p&gt;Magnus Mehl \u2013 Upside Down And In Between&lt;\/p&gt;\n\" data-large-file=\"https:\/\/i0.wp.com\/www.jazzzeitung.de\/cms\/wp-content\/uploads\/2023\/02\/mehl_neuklang.jpg?fit=600%2C536&amp;ssl=1\" class=\"size-medium wp-image-29135\" src=\"https:\/\/i0.wp.com\/www.jazzzeitung.de\/cms\/wp-content\/uploads\/2023\/02\/mehl_neuklang.jpg?resize=300%2C268&#038;ssl=1\" alt=\"Magnus Mehl \u2013 Upside Down And In Between\" width=\"300\" height=\"268\" srcset=\"https:\/\/i0.wp.com\/www.jazzzeitung.de\/cms\/wp-content\/uploads\/2023\/02\/mehl_neuklang.jpg?resize=300%2C268&amp;ssl=1 300w, https:\/\/i0.wp.com\/www.jazzzeitung.de\/cms\/wp-content\/uploads\/2023\/02\/mehl_neuklang.jpg?w=600&amp;ssl=1 600w\" sizes=\"auto, (max-width: 300px) 100vw, 300px\" \/><figcaption id=\"caption-attachment-29135\" class=\"wp-caption-text\">Magnus Mehl \u2013 Upside Down And In Between<\/figcaption><\/figure>\n<p>\u2026 Schon mit dem ersten Track \u00abPunchline\u00bb kocht die klingende Materie hoch. Wirkt anfangs die Themenbildung arg konstruiert mit ihren Spr\u00fcngen, verwinden sich im Laufe des St\u00fcck die Linien der beteiligten Musiker zu einem echt geilen Ding. \u2026<\/p>\n<h3><\/h3>\n<hr \/>\n<h3><a href=\"https:\/\/hoerbar.nmz.de\/2023\/02\/mathias-rueegg-the-advantage-of-writing-music\/\"><strong>Mathias R\u00fcegg \u2013 The Advantage of Writing Music<\/strong><\/a><\/h3>\n<figure id=\"attachment_29137\" aria-describedby=\"caption-attachment-29137\" style=\"width: 300px\" class=\"wp-caption alignright\"><img data-recalc-dims=\"1\" loading=\"lazy\" decoding=\"async\" data-attachment-id=\"29137\" data-permalink=\"https:\/\/www.jazzzeitung.de\/cms\/2023\/02\/trios-ensembles-big-band-orchestras-jazz-cds-in-der-hoerbar-januar-2023\/piano_blue\/\" data-orig-file=\"https:\/\/i0.wp.com\/www.jazzzeitung.de\/cms\/wp-content\/uploads\/2023\/02\/piano_blue.webp?fit=848%2C744&amp;ssl=1\" data-orig-size=\"848,744\" data-comments-opened=\"1\" data-image-meta=\"{&quot;aperture&quot;:&quot;0&quot;,&quot;credit&quot;:&quot;&quot;,&quot;camera&quot;:&quot;&quot;,&quot;caption&quot;:&quot;&quot;,&quot;created_timestamp&quot;:&quot;0&quot;,&quot;copyright&quot;:&quot;&quot;,&quot;focal_length&quot;:&quot;0&quot;,&quot;iso&quot;:&quot;0&quot;,&quot;shutter_speed&quot;:&quot;0&quot;,&quot;title&quot;:&quot;&quot;,&quot;orientation&quot;:&quot;0&quot;}\" data-image-title=\"Mathias R\u00fcegg \u2013 The Advantage of Writing Music\" data-image-description=\"&lt;p&gt;Mathias R\u00fcegg \u2013 The Advantage of Writing Music&lt;\/p&gt;\n\" data-image-caption=\"&lt;p&gt;Mathias R\u00fcegg \u2013 The Advantage of Writing Music&lt;\/p&gt;\n\" data-large-file=\"https:\/\/i0.wp.com\/www.jazzzeitung.de\/cms\/wp-content\/uploads\/2023\/02\/piano_blue.webp?fit=684%2C600&amp;ssl=1\" class=\"size-medium wp-image-29137\" src=\"https:\/\/i0.wp.com\/www.jazzzeitung.de\/cms\/wp-content\/uploads\/2023\/02\/piano_blue.webp?resize=300%2C263&#038;ssl=1\" alt=\"Mathias R\u00fcegg \u2013 The Advantage of Writing Music\" width=\"300\" height=\"263\" srcset=\"https:\/\/i0.wp.com\/www.jazzzeitung.de\/cms\/wp-content\/uploads\/2023\/02\/piano_blue.webp?resize=300%2C263&amp;ssl=1 300w, https:\/\/i0.wp.com\/www.jazzzeitung.de\/cms\/wp-content\/uploads\/2023\/02\/piano_blue.webp?resize=684%2C600&amp;ssl=1 684w, https:\/\/i0.wp.com\/www.jazzzeitung.de\/cms\/wp-content\/uploads\/2023\/02\/piano_blue.webp?resize=768%2C674&amp;ssl=1 768w, https:\/\/i0.wp.com\/www.jazzzeitung.de\/cms\/wp-content\/uploads\/2023\/02\/piano_blue.webp?w=848&amp;ssl=1 848w\" sizes=\"auto, (max-width: 300px) 100vw, 300px\" \/><figcaption id=\"caption-attachment-29137\" class=\"wp-caption-text\">Mathias R\u00fcegg \u2013 The Advantage of Writing Music<\/figcaption><\/figure>\n<p>Der Leiermann bettelt nicht mehr \u2026 Das alles hat seinen Charme und seine eigene Qualit\u00e4t. Vielleicht sind es sogar schon Denkm\u00e4ler der Tonkunst des musikalischen Eigensinns. \u2026<\/p>\n<h3><\/h3>\n<hr \/>\n<h3><a href=\"https:\/\/hoerbar.nmz.de\/2023\/02\/theo-croker-love-quantum\/\"><strong>Theo Croker \u2013 Love Quantum<\/strong><\/a><\/h3>\n<figure id=\"attachment_29134\" aria-describedby=\"caption-attachment-29134\" style=\"width: 300px\" class=\"wp-caption alignright\"><img data-recalc-dims=\"1\" loading=\"lazy\" decoding=\"async\" data-attachment-id=\"29134\" data-permalink=\"https:\/\/www.jazzzeitung.de\/cms\/2023\/02\/trios-ensembles-big-band-orchestras-jazz-cds-in-der-hoerbar-januar-2023\/love_quantum_\/\" data-orig-file=\"https:\/\/i0.wp.com\/www.jazzzeitung.de\/cms\/wp-content\/uploads\/2023\/02\/love_quantum_.jpg?fit=1500%2C1500&amp;ssl=1\" data-orig-size=\"1500,1500\" data-comments-opened=\"1\" data-image-meta=\"{&quot;aperture&quot;:&quot;0&quot;,&quot;credit&quot;:&quot;&quot;,&quot;camera&quot;:&quot;&quot;,&quot;caption&quot;:&quot;&quot;,&quot;created_timestamp&quot;:&quot;0&quot;,&quot;copyright&quot;:&quot;&quot;,&quot;focal_length&quot;:&quot;0&quot;,&quot;iso&quot;:&quot;0&quot;,&quot;shutter_speed&quot;:&quot;0&quot;,&quot;title&quot;:&quot;&quot;,&quot;orientation&quot;:&quot;0&quot;}\" data-image-title=\"Theo Croker \u2013 Love Quantum\" data-image-description=\"&lt;p&gt;Theo Croker \u2013 Love Quantum&lt;\/p&gt;\n\" data-image-caption=\"&lt;p&gt;Theo Croker \u2013 Love Quantum&lt;\/p&gt;\n\" data-large-file=\"https:\/\/i0.wp.com\/www.jazzzeitung.de\/cms\/wp-content\/uploads\/2023\/02\/love_quantum_.jpg?fit=600%2C600&amp;ssl=1\" class=\"size-medium wp-image-29134\" src=\"https:\/\/i0.wp.com\/www.jazzzeitung.de\/cms\/wp-content\/uploads\/2023\/02\/love_quantum_.jpg?resize=300%2C300&#038;ssl=1\" alt=\"Theo Croker \u2013 Love Quantum\" width=\"300\" height=\"300\" srcset=\"https:\/\/i0.wp.com\/www.jazzzeitung.de\/cms\/wp-content\/uploads\/2023\/02\/love_quantum_.jpg?resize=300%2C300&amp;ssl=1 300w, https:\/\/i0.wp.com\/www.jazzzeitung.de\/cms\/wp-content\/uploads\/2023\/02\/love_quantum_.jpg?resize=600%2C600&amp;ssl=1 600w, https:\/\/i0.wp.com\/www.jazzzeitung.de\/cms\/wp-content\/uploads\/2023\/02\/love_quantum_.jpg?resize=150%2C150&amp;ssl=1 150w, https:\/\/i0.wp.com\/www.jazzzeitung.de\/cms\/wp-content\/uploads\/2023\/02\/love_quantum_.jpg?resize=768%2C768&amp;ssl=1 768w, https:\/\/i0.wp.com\/www.jazzzeitung.de\/cms\/wp-content\/uploads\/2023\/02\/love_quantum_.jpg?resize=1320%2C1320&amp;ssl=1 1320w, https:\/\/i0.wp.com\/www.jazzzeitung.de\/cms\/wp-content\/uploads\/2023\/02\/love_quantum_.jpg?resize=24%2C24&amp;ssl=1 24w, https:\/\/i0.wp.com\/www.jazzzeitung.de\/cms\/wp-content\/uploads\/2023\/02\/love_quantum_.jpg?resize=48%2C48&amp;ssl=1 48w, https:\/\/i0.wp.com\/www.jazzzeitung.de\/cms\/wp-content\/uploads\/2023\/02\/love_quantum_.jpg?resize=96%2C96&amp;ssl=1 96w, https:\/\/i0.wp.com\/www.jazzzeitung.de\/cms\/wp-content\/uploads\/2023\/02\/love_quantum_.jpg?w=1500&amp;ssl=1 1500w\" sizes=\"auto, (max-width: 300px) 100vw, 300px\" \/><figcaption id=\"caption-attachment-29134\" class=\"wp-caption-text\">Theo Croker \u2013 Love Quantum<\/figcaption><\/figure>\n<p>\u2026 Aber auch nicht mehr. Fluide sind sie ja l\u00e4ngst und morsch auch und por\u00f6s, diese ganzen Genrebegriffe und Genregrenzen. So spielt es hier eben keine Rolle, denn diese Musik ist l\u00e4ngst aufgegangen im Singsang der amerikanischen Popkultur bei der sich Musiker:innen aus den entgrenzten Bereichen von Jazz und HipHop die akustische Klinge, \u00e4h Klinke, nee, den Klingklang, in die Hand eben \u2013 with ganz viel Love, logisch. \u2026<\/p>\n<h3><\/h3>\n<hr \/>\n<h3><strong><a href=\"https:\/\/hoerbar.nmz.de\/2023\/02\/axel-kuehn-trio-lonely-poet\/\">Axel K\u00fchn Trio \u2013 Lonely Poet<\/a><\/strong><\/h3>\n<figure id=\"attachment_29133\" aria-describedby=\"caption-attachment-29133\" style=\"width: 300px\" class=\"wp-caption alignright\"><img data-recalc-dims=\"1\" loading=\"lazy\" decoding=\"async\" data-attachment-id=\"29133\" data-permalink=\"https:\/\/www.jazzzeitung.de\/cms\/2023\/02\/trios-ensembles-big-band-orchestras-jazz-cds-in-der-hoerbar-januar-2023\/kuehn_trio\/\" data-orig-file=\"https:\/\/i0.wp.com\/www.jazzzeitung.de\/cms\/wp-content\/uploads\/2023\/02\/kuehn_trio.jpg?fit=1200%2C1200&amp;ssl=1\" data-orig-size=\"1200,1200\" data-comments-opened=\"1\" data-image-meta=\"{&quot;aperture&quot;:&quot;0&quot;,&quot;credit&quot;:&quot;&quot;,&quot;camera&quot;:&quot;&quot;,&quot;caption&quot;:&quot;&quot;,&quot;created_timestamp&quot;:&quot;0&quot;,&quot;copyright&quot;:&quot;&quot;,&quot;focal_length&quot;:&quot;0&quot;,&quot;iso&quot;:&quot;0&quot;,&quot;shutter_speed&quot;:&quot;0&quot;,&quot;title&quot;:&quot;&quot;,&quot;orientation&quot;:&quot;0&quot;}\" data-image-title=\"Axel K\u00fchn Trio \u2013 Lonely Poet\" data-image-description=\"&lt;p&gt;Axel K\u00fchn Trio \u2013 Lonely Poet&lt;\/p&gt;\n\" data-image-caption=\"&lt;p&gt;Axel K\u00fchn Trio \u2013 Lonely Poet&lt;\/p&gt;\n\" data-large-file=\"https:\/\/i0.wp.com\/www.jazzzeitung.de\/cms\/wp-content\/uploads\/2023\/02\/kuehn_trio.jpg?fit=600%2C600&amp;ssl=1\" class=\"size-medium wp-image-29133\" src=\"https:\/\/i0.wp.com\/www.jazzzeitung.de\/cms\/wp-content\/uploads\/2023\/02\/kuehn_trio.jpg?resize=300%2C300&#038;ssl=1\" alt=\"Axel K\u00fchn Trio \u2013 Lonely Poet\" width=\"300\" height=\"300\" srcset=\"https:\/\/i0.wp.com\/www.jazzzeitung.de\/cms\/wp-content\/uploads\/2023\/02\/kuehn_trio.jpg?resize=300%2C300&amp;ssl=1 300w, https:\/\/i0.wp.com\/www.jazzzeitung.de\/cms\/wp-content\/uploads\/2023\/02\/kuehn_trio.jpg?resize=600%2C600&amp;ssl=1 600w, https:\/\/i0.wp.com\/www.jazzzeitung.de\/cms\/wp-content\/uploads\/2023\/02\/kuehn_trio.jpg?resize=150%2C150&amp;ssl=1 150w, https:\/\/i0.wp.com\/www.jazzzeitung.de\/cms\/wp-content\/uploads\/2023\/02\/kuehn_trio.jpg?resize=768%2C768&amp;ssl=1 768w, https:\/\/i0.wp.com\/www.jazzzeitung.de\/cms\/wp-content\/uploads\/2023\/02\/kuehn_trio.jpg?resize=24%2C24&amp;ssl=1 24w, https:\/\/i0.wp.com\/www.jazzzeitung.de\/cms\/wp-content\/uploads\/2023\/02\/kuehn_trio.jpg?resize=48%2C48&amp;ssl=1 48w, https:\/\/i0.wp.com\/www.jazzzeitung.de\/cms\/wp-content\/uploads\/2023\/02\/kuehn_trio.jpg?resize=96%2C96&amp;ssl=1 96w, https:\/\/i0.wp.com\/www.jazzzeitung.de\/cms\/wp-content\/uploads\/2023\/02\/kuehn_trio.jpg?w=1200&amp;ssl=1 1200w\" sizes=\"auto, (max-width: 300px) 100vw, 300px\" \/><figcaption id=\"caption-attachment-29133\" class=\"wp-caption-text\">Axel K\u00fchn Trio \u2013 Lonely Poet<\/figcaption><\/figure>\n<p>\u2026 Geschmackvoll jedoch insgesamt in jedem aller denkbaren F\u00e4lle. Bestenfalls zu viel des Guten ab und an: Also an mancher musikalischen Ecke zu sehr aromatisiert \u2013 man m\u00f6chte beim Mith\u00f6ren dann und wann einen Kratzer in den Klanglack ritzen. Aber die Herren hier kriegen immer noch die Kurve.\u2026<\/p>\n<h3><\/h3>\n<hr \/>\n<h3><a href=\"https:\/\/hoerbar.nmz.de\/2023\/01\/torkewitz-ny-ensembles\/\">Torkewitz \u2013 NY Ensembles<\/a><\/h3>\n<figure id=\"attachment_29136\" aria-describedby=\"caption-attachment-29136\" style=\"width: 300px\" class=\"wp-caption alignright\"><img data-recalc-dims=\"1\" loading=\"lazy\" decoding=\"async\" data-attachment-id=\"29136\" data-permalink=\"https:\/\/www.jazzzeitung.de\/cms\/2023\/02\/trios-ensembles-big-band-orchestras-jazz-cds-in-der-hoerbar-januar-2023\/50_torkewitz\/\" data-orig-file=\"https:\/\/i0.wp.com\/www.jazzzeitung.de\/cms\/wp-content\/uploads\/2023\/02\/50_torkewitz.jpg?fit=2560%2C2560&amp;ssl=1\" data-orig-size=\"2560,2560\" data-comments-opened=\"1\" data-image-meta=\"{&quot;aperture&quot;:&quot;0&quot;,&quot;credit&quot;:&quot;&quot;,&quot;camera&quot;:&quot;&quot;,&quot;caption&quot;:&quot;&quot;,&quot;created_timestamp&quot;:&quot;0&quot;,&quot;copyright&quot;:&quot;&quot;,&quot;focal_length&quot;:&quot;0&quot;,&quot;iso&quot;:&quot;0&quot;,&quot;shutter_speed&quot;:&quot;0&quot;,&quot;title&quot;:&quot;&quot;,&quot;orientation&quot;:&quot;0&quot;}\" data-image-title=\"Torkewitz \u2013 NY Ensembles\" data-image-description=\"&lt;p&gt;Torkewitz \u2013 NY Ensembles&lt;\/p&gt;\n\" data-image-caption=\"&lt;p&gt;Torkewitz \u2013 NY Ensembles&lt;\/p&gt;\n\" data-large-file=\"https:\/\/i0.wp.com\/www.jazzzeitung.de\/cms\/wp-content\/uploads\/2023\/02\/50_torkewitz.jpg?fit=600%2C600&amp;ssl=1\" class=\"size-medium wp-image-29136\" src=\"https:\/\/i0.wp.com\/www.jazzzeitung.de\/cms\/wp-content\/uploads\/2023\/02\/50_torkewitz.jpg?resize=300%2C300&#038;ssl=1\" alt=\"Torkewitz \u2013 NY Ensembles\" width=\"300\" height=\"300\" srcset=\"https:\/\/i0.wp.com\/www.jazzzeitung.de\/cms\/wp-content\/uploads\/2023\/02\/50_torkewitz.jpg?resize=300%2C300&amp;ssl=1 300w, https:\/\/i0.wp.com\/www.jazzzeitung.de\/cms\/wp-content\/uploads\/2023\/02\/50_torkewitz.jpg?resize=600%2C600&amp;ssl=1 600w, https:\/\/i0.wp.com\/www.jazzzeitung.de\/cms\/wp-content\/uploads\/2023\/02\/50_torkewitz.jpg?resize=150%2C150&amp;ssl=1 150w, https:\/\/i0.wp.com\/www.jazzzeitung.de\/cms\/wp-content\/uploads\/2023\/02\/50_torkewitz.jpg?resize=768%2C768&amp;ssl=1 768w, https:\/\/i0.wp.com\/www.jazzzeitung.de\/cms\/wp-content\/uploads\/2023\/02\/50_torkewitz.jpg?resize=1536%2C1536&amp;ssl=1 1536w, https:\/\/i0.wp.com\/www.jazzzeitung.de\/cms\/wp-content\/uploads\/2023\/02\/50_torkewitz.jpg?resize=2048%2C2048&amp;ssl=1 2048w, https:\/\/i0.wp.com\/www.jazzzeitung.de\/cms\/wp-content\/uploads\/2023\/02\/50_torkewitz.jpg?resize=1320%2C1320&amp;ssl=1 1320w, https:\/\/i0.wp.com\/www.jazzzeitung.de\/cms\/wp-content\/uploads\/2023\/02\/50_torkewitz.jpg?resize=24%2C24&amp;ssl=1 24w, https:\/\/i0.wp.com\/www.jazzzeitung.de\/cms\/wp-content\/uploads\/2023\/02\/50_torkewitz.jpg?resize=48%2C48&amp;ssl=1 48w, https:\/\/i0.wp.com\/www.jazzzeitung.de\/cms\/wp-content\/uploads\/2023\/02\/50_torkewitz.jpg?resize=96%2C96&amp;ssl=1 96w, https:\/\/i0.wp.com\/www.jazzzeitung.de\/cms\/wp-content\/uploads\/2023\/02\/50_torkewitz.jpg?w=1680&amp;ssl=1 1680w, https:\/\/i0.wp.com\/www.jazzzeitung.de\/cms\/wp-content\/uploads\/2023\/02\/50_torkewitz.jpg?w=2520&amp;ssl=1 2520w\" sizes=\"auto, (max-width: 300px) 100vw, 300px\" \/><figcaption id=\"caption-attachment-29136\" class=\"wp-caption-text\">Torkewitz \u2013 NY Ensembles<\/figcaption><\/figure>\n<p>\u2026 Eine bunte Platte mit ordentlich gegr\u00e4tschten Arrangements dabei, sorgsam komponiert und stilecht sowie stilsicher durchgewirbelt. Sauber!<\/p>\n","protected":false},"excerpt":{"rendered":"<p>Eine bunte Mischung durch Aufnahmen aus den letzten Monaten mit Big B\u00e4ng! Trio, Magnus Mehl, Mathias R\u00fcegg, Theo Croker, Axel K\u00fchn Trio und Chris Torkewitz. Die Jazz-Rezensionen in der\u00a0H\u00f6rBar der neuen musikzeitung. F\u00fcr die kompletten Rezensionen mit den H\u00f6rbeispielen folgen Sie den Links in den \u00dcberschriften. Big B\u00e4ng! Trio \u2013 Singularity \u2026 Keine Frage, auch diese drei Jungs spielen sauber und feinsinnig, mal grob, mal luftig und mal eng. Daf\u00fcr ist die CD mit ihren 18 Tracks auch umfangreich genug. Da kann man schon mal die ganze aktuelle Poetik des Triospiels abgrasen. Da darf es eben alles sein. Das ist gekonnt, aber es ist auch \u00abnur\u00bb gekonnt. \u2026 Magnus Mehl \u2013 Upside Down And In Between \u2026 Schon mit dem ersten Track \u00abPunchline\u00bb kocht die klingende Materie hoch. Wirkt anfangs die Themenbildung arg konstruiert mit ihren Spr\u00fcngen, verwinden sich im Laufe des St\u00fcck die Linien der beteiligten Musiker zu einem echt geilen Ding. \u2026 Mathias R\u00fcegg \u2013 The Advantage of Writing Music Der Leiermann bettelt nicht mehr \u2026 Das alles hat seinen Charme und seine eigene Qualit\u00e4t. Vielleicht sind es sogar schon Denkm\u00e4ler der Tonkunst &hellip;<\/p>\n","protected":false},"author":2,"featured_media":29137,"comment_status":"open","ping_status":"closed","sticky":false,"template":"","format":"standard","meta":{"_jetpack_memberships_contains_paid_content":false,"footnotes":"","jetpack_publicize_message":"","jetpack_publicize_feature_enabled":true,"jetpack_social_post_already_shared":false,"jetpack_social_options":{"image_generator_settings":{"template":"highway","default_image_id":0,"font":"","enabled":false},"version":2}},"categories":[1152],"tags":[4645,4642,2935,4646,4643,4644,2936,924],"coauthors":[680],"class_list":["post-29131","post","type-post","status-publish","format-standard","has-post-thumbnail","hentry","category-rezension","tag-axel-kuehn-trio","tag-big-baeng-trio","tag-cds","tag-chris-torkewitz","tag-magnus-mehl","tag-mathias-rueegg","tag-neuerscheinungen","tag-theo-croker"],"yoast_head":"<!-- This site is optimized with the Yoast SEO plugin v27.5 - https:\/\/yoast.com\/product\/yoast-seo-wordpress\/ -->\n<title>Trios, Ensembles, Big Band, Orchestras \u2013 Jazz-CDs in der H\u00f6rBar Januar 2023 - JazzZeitung<\/title>\n<meta name=\"robots\" content=\"index, follow, max-snippet:-1, max-image-preview:large, max-video-preview:-1\" \/>\n<link rel=\"canonical\" href=\"https:\/\/www.jazzzeitung.de\/cms\/2023\/02\/trios-ensembles-big-band-orchestras-jazz-cds-in-der-hoerbar-januar-2023\/\" \/>\n<meta property=\"og:locale\" content=\"de_DE\" \/>\n<meta property=\"og:type\" content=\"article\" \/>\n<meta property=\"og:title\" content=\"Trios, Ensembles, Big Band, Orchestras \u2013 Jazz-CDs in der H\u00f6rBar Januar 2023 - JazzZeitung\" \/>\n<meta property=\"og:description\" content=\"Eine bunte Mischung durch Aufnahmen aus den letzten Monaten mit Big B\u00e4ng! Trio, Magnus Mehl, Mathias R\u00fcegg, Theo Croker, Axel K\u00fchn Trio und Chris Torkewitz. Die Jazz-Rezensionen in der\u00a0H\u00f6rBar der neuen musikzeitung. F\u00fcr die kompletten Rezensionen mit den H\u00f6rbeispielen folgen Sie den Links in den \u00dcberschriften. Big B\u00e4ng! Trio \u2013 Singularity \u2026 Keine Frage, auch diese drei Jungs spielen sauber und feinsinnig, mal grob, mal luftig und mal eng. Daf\u00fcr ist die CD mit ihren 18 Tracks auch umfangreich genug. Da kann man schon mal die ganze aktuelle Poetik des Triospiels abgrasen. Da darf es eben alles sein. Das ist gekonnt, aber es ist auch \u00abnur\u00bb gekonnt. \u2026 Magnus Mehl \u2013 Upside Down And In Between \u2026 Schon mit dem ersten Track \u00abPunchline\u00bb kocht die klingende Materie hoch. Wirkt anfangs die Themenbildung arg konstruiert mit ihren Spr\u00fcngen, verwinden sich im Laufe des St\u00fcck die Linien der beteiligten Musiker zu einem echt geilen Ding. \u2026 Mathias R\u00fcegg \u2013 The Advantage of Writing Music Der Leiermann bettelt nicht mehr \u2026 Das alles hat seinen Charme und seine eigene Qualit\u00e4t. Vielleicht sind es sogar schon Denkm\u00e4ler der Tonkunst &hellip;\" \/>\n<meta property=\"og:url\" content=\"https:\/\/www.jazzzeitung.de\/cms\/2023\/02\/trios-ensembles-big-band-orchestras-jazz-cds-in-der-hoerbar-januar-2023\/\" \/>\n<meta property=\"og:site_name\" content=\"JazzZeitung\" \/>\n<meta property=\"article:publisher\" content=\"https:\/\/www.facebook.com\/JazzZeitung\/\" \/>\n<meta property=\"article:author\" content=\"https:\/\/www.facebook.com\/hufner\" \/>\n<meta property=\"article:published_time\" content=\"2023-02-17T10:45:02+00:00\" \/>\n<meta property=\"og:image\" content=\"https:\/\/i0.wp.com\/www.jazzzeitung.de\/cms\/wp-content\/uploads\/2023\/02\/piano_blue.webp?fit=848%2C744&ssl=1\" \/>\n\t<meta property=\"og:image:width\" content=\"848\" \/>\n\t<meta property=\"og:image:height\" content=\"744\" \/>\n\t<meta property=\"og:image:type\" content=\"image\/webp\" \/>\n<meta name=\"author\" content=\"Huflaikhan\" \/>\n<script type=\"application\/ld+json\" class=\"yoast-schema-graph\">{\"@context\":\"https:\\\/\\\/schema.org\",\"@graph\":[{\"@type\":\"Article\",\"@id\":\"https:\\\/\\\/www.jazzzeitung.de\\\/cms\\\/2023\\\/02\\\/trios-ensembles-big-band-orchestras-jazz-cds-in-der-hoerbar-januar-2023\\\/#article\",\"isPartOf\":{\"@id\":\"https:\\\/\\\/www.jazzzeitung.de\\\/cms\\\/2023\\\/02\\\/trios-ensembles-big-band-orchestras-jazz-cds-in-der-hoerbar-januar-2023\\\/\"},\"author\":{\"name\":\"Huflaikhan\",\"@id\":\"https:\\\/\\\/www.jazzzeitung.de\\\/cms\\\/#\\\/schema\\\/person\\\/1ba404714b9455401502bc409a7df45e\"},\"headline\":\"Trios, Ensembles, Big Band, Orchestras \u2013 Jazz-CDs in der H\u00f6rBar Januar 2023\",\"datePublished\":\"2023-02-17T10:45:02+00:00\",\"mainEntityOfPage\":{\"@id\":\"https:\\\/\\\/www.jazzzeitung.de\\\/cms\\\/2023\\\/02\\\/trios-ensembles-big-band-orchestras-jazz-cds-in-der-hoerbar-januar-2023\\\/\"},\"wordCount\":428,\"commentCount\":0,\"publisher\":{\"@id\":\"https:\\\/\\\/www.jazzzeitung.de\\\/cms\\\/#organization\"},\"image\":{\"@id\":\"https:\\\/\\\/www.jazzzeitung.de\\\/cms\\\/2023\\\/02\\\/trios-ensembles-big-band-orchestras-jazz-cds-in-der-hoerbar-januar-2023\\\/#primaryimage\"},\"thumbnailUrl\":\"https:\\\/\\\/i0.wp.com\\\/www.jazzzeitung.de\\\/cms\\\/wp-content\\\/uploads\\\/2023\\\/02\\\/piano_blue.webp?fit=848%2C744&ssl=1\",\"keywords\":[\"Axel K\u00fchn Trio\",\"Big B\u00e4ng! Trio\",\"CDs\",\"Chris Torkewitz\",\"Magnus Mehl\",\"Mathias R\u00fcegg\",\"Neuerscheinungen\",\"Theo Croker\"],\"articleSection\":[\"Rezension\"],\"inLanguage\":\"de\",\"potentialAction\":[{\"@type\":\"CommentAction\",\"name\":\"Comment\",\"target\":[\"https:\\\/\\\/www.jazzzeitung.de\\\/cms\\\/2023\\\/02\\\/trios-ensembles-big-band-orchestras-jazz-cds-in-der-hoerbar-januar-2023\\\/#respond\"]}]},{\"@type\":\"WebPage\",\"@id\":\"https:\\\/\\\/www.jazzzeitung.de\\\/cms\\\/2023\\\/02\\\/trios-ensembles-big-band-orchestras-jazz-cds-in-der-hoerbar-januar-2023\\\/\",\"url\":\"https:\\\/\\\/www.jazzzeitung.de\\\/cms\\\/2023\\\/02\\\/trios-ensembles-big-band-orchestras-jazz-cds-in-der-hoerbar-januar-2023\\\/\",\"name\":\"Trios, Ensembles, Big Band, Orchestras \u2013 Jazz-CDs in der H\u00f6rBar Januar 2023 - JazzZeitung\",\"isPartOf\":{\"@id\":\"https:\\\/\\\/www.jazzzeitung.de\\\/cms\\\/#website\"},\"primaryImageOfPage\":{\"@id\":\"https:\\\/\\\/www.jazzzeitung.de\\\/cms\\\/2023\\\/02\\\/trios-ensembles-big-band-orchestras-jazz-cds-in-der-hoerbar-januar-2023\\\/#primaryimage\"},\"image\":{\"@id\":\"https:\\\/\\\/www.jazzzeitung.de\\\/cms\\\/2023\\\/02\\\/trios-ensembles-big-band-orchestras-jazz-cds-in-der-hoerbar-januar-2023\\\/#primaryimage\"},\"thumbnailUrl\":\"https:\\\/\\\/i0.wp.com\\\/www.jazzzeitung.de\\\/cms\\\/wp-content\\\/uploads\\\/2023\\\/02\\\/piano_blue.webp?fit=848%2C744&ssl=1\",\"datePublished\":\"2023-02-17T10:45:02+00:00\",\"breadcrumb\":{\"@id\":\"https:\\\/\\\/www.jazzzeitung.de\\\/cms\\\/2023\\\/02\\\/trios-ensembles-big-band-orchestras-jazz-cds-in-der-hoerbar-januar-2023\\\/#breadcrumb\"},\"inLanguage\":\"de\",\"potentialAction\":[{\"@type\":\"ReadAction\",\"target\":[\"https:\\\/\\\/www.jazzzeitung.de\\\/cms\\\/2023\\\/02\\\/trios-ensembles-big-band-orchestras-jazz-cds-in-der-hoerbar-januar-2023\\\/\"]}]},{\"@type\":\"ImageObject\",\"inLanguage\":\"de\",\"@id\":\"https:\\\/\\\/www.jazzzeitung.de\\\/cms\\\/2023\\\/02\\\/trios-ensembles-big-band-orchestras-jazz-cds-in-der-hoerbar-januar-2023\\\/#primaryimage\",\"url\":\"https:\\\/\\\/i0.wp.com\\\/www.jazzzeitung.de\\\/cms\\\/wp-content\\\/uploads\\\/2023\\\/02\\\/piano_blue.webp?fit=848%2C744&ssl=1\",\"contentUrl\":\"https:\\\/\\\/i0.wp.com\\\/www.jazzzeitung.de\\\/cms\\\/wp-content\\\/uploads\\\/2023\\\/02\\\/piano_blue.webp?fit=848%2C744&ssl=1\",\"width\":848,\"height\":744,\"caption\":\"Mathias R\u00fcegg \u2013 The Advantage of Writing Music\"},{\"@type\":\"BreadcrumbList\",\"@id\":\"https:\\\/\\\/www.jazzzeitung.de\\\/cms\\\/2023\\\/02\\\/trios-ensembles-big-band-orchestras-jazz-cds-in-der-hoerbar-januar-2023\\\/#breadcrumb\",\"itemListElement\":[{\"@type\":\"ListItem\",\"position\":1,\"name\":\"Startseite\",\"item\":\"https:\\\/\\\/www.jazzzeitung.de\\\/cms\\\/\"},{\"@type\":\"ListItem\",\"position\":2,\"name\":\"Trios, Ensembles, Big Band, Orchestras \u2013 Jazz-CDs in der H\u00f6rBar Januar 2023\"}]},{\"@type\":\"WebSite\",\"@id\":\"https:\\\/\\\/www.jazzzeitung.de\\\/cms\\\/#website\",\"url\":\"https:\\\/\\\/www.jazzzeitung.de\\\/cms\\\/\",\"name\":\"JazzZeitung\",\"description\":\"Jazz-News und Jazz-Kontroverses\",\"publisher\":{\"@id\":\"https:\\\/\\\/www.jazzzeitung.de\\\/cms\\\/#organization\"},\"potentialAction\":[{\"@type\":\"SearchAction\",\"target\":{\"@type\":\"EntryPoint\",\"urlTemplate\":\"https:\\\/\\\/www.jazzzeitung.de\\\/cms\\\/?s={search_term_string}\"},\"query-input\":{\"@type\":\"PropertyValueSpecification\",\"valueRequired\":true,\"valueName\":\"search_term_string\"}}],\"inLanguage\":\"de\"},{\"@type\":\"Organization\",\"@id\":\"https:\\\/\\\/www.jazzzeitung.de\\\/cms\\\/#organization\",\"name\":\"JazzZeitung online\",\"url\":\"https:\\\/\\\/www.jazzzeitung.de\\\/cms\\\/\",\"logo\":{\"@type\":\"ImageObject\",\"inLanguage\":\"de\",\"@id\":\"https:\\\/\\\/www.jazzzeitung.de\\\/cms\\\/#\\\/schema\\\/logo\\\/image\\\/\",\"url\":\"https:\\\/\\\/i0.wp.com\\\/www.jazzzeitung.de\\\/cms\\\/wp-content\\\/uploads\\\/2015\\\/08\\\/JAZZZEITUNGDE_Logo_Neu.png?fit=499%2C200&ssl=1\",\"contentUrl\":\"https:\\\/\\\/i0.wp.com\\\/www.jazzzeitung.de\\\/cms\\\/wp-content\\\/uploads\\\/2015\\\/08\\\/JAZZZEITUNGDE_Logo_Neu.png?fit=499%2C200&ssl=1\",\"width\":499,\"height\":200,\"caption\":\"JazzZeitung online\"},\"image\":{\"@id\":\"https:\\\/\\\/www.jazzzeitung.de\\\/cms\\\/#\\\/schema\\\/logo\\\/image\\\/\"},\"sameAs\":[\"https:\\\/\\\/www.facebook.com\\\/JazzZeitung\\\/\"]},{\"@type\":\"Person\",\"@id\":\"https:\\\/\\\/www.jazzzeitung.de\\\/cms\\\/#\\\/schema\\\/person\\\/1ba404714b9455401502bc409a7df45e\",\"name\":\"Huflaikhan\",\"image\":{\"@type\":\"ImageObject\",\"inLanguage\":\"de\",\"@id\":\"https:\\\/\\\/i0.wp.com\\\/www.jazzzeitung.de\\\/cms\\\/wp-content\\\/uploads\\\/2013\\\/11\\\/huf-06.jpg?resize=96%2C96&ssl=18afacd5aa7627f2840c013425f5a4164\",\"url\":\"https:\\\/\\\/i0.wp.com\\\/www.jazzzeitung.de\\\/cms\\\/wp-content\\\/uploads\\\/2013\\\/11\\\/huf-06.jpg?resize=96%2C96&ssl=1\",\"contentUrl\":\"https:\\\/\\\/i0.wp.com\\\/www.jazzzeitung.de\\\/cms\\\/wp-content\\\/uploads\\\/2013\\\/11\\\/huf-06.jpg?resize=96%2C96&ssl=1\",\"caption\":\"Huflaikhan\"},\"description\":\"Huflaikhan (aka Martin Hufner) hat Musikwissenschaft, Philosophie und Psychologie in Gie\u00dfen studiert und mit einer Arbeit \u00fcber Adorno und die Zw\u00f6lftontechnik promoviert. Seit 1995 ist er freiberuflich als Autor, Fotograf und Netzmacher unterwegs.\",\"sameAs\":[\"https:\\\/\\\/www.kritische-masse.de\\\/logbuch\",\"https:\\\/\\\/www.facebook.com\\\/hufner\"],\"url\":\"https:\\\/\\\/www.jazzzeitung.de\\\/cms\\\/author\\\/hufi\\\/\"}]}<\/script>\n<!-- \/ Yoast SEO plugin. -->","yoast_head_json":{"title":"Trios, Ensembles, Big Band, Orchestras \u2013 Jazz-CDs in der H\u00f6rBar Januar 2023 - JazzZeitung","robots":{"index":"index","follow":"follow","max-snippet":"max-snippet:-1","max-image-preview":"max-image-preview:large","max-video-preview":"max-video-preview:-1"},"canonical":"https:\/\/www.jazzzeitung.de\/cms\/2023\/02\/trios-ensembles-big-band-orchestras-jazz-cds-in-der-hoerbar-januar-2023\/","og_locale":"de_DE","og_type":"article","og_title":"Trios, Ensembles, Big Band, Orchestras \u2013 Jazz-CDs in der H\u00f6rBar Januar 2023 - JazzZeitung","og_description":"Eine bunte Mischung durch Aufnahmen aus den letzten Monaten mit Big B\u00e4ng! Trio, Magnus Mehl, Mathias R\u00fcegg, Theo Croker, Axel K\u00fchn Trio und Chris Torkewitz. Die Jazz-Rezensionen in der\u00a0H\u00f6rBar der neuen musikzeitung. F\u00fcr die kompletten Rezensionen mit den H\u00f6rbeispielen folgen Sie den Links in den \u00dcberschriften. Big B\u00e4ng! Trio \u2013 Singularity \u2026 Keine Frage, auch diese drei Jungs spielen sauber und feinsinnig, mal grob, mal luftig und mal eng. Daf\u00fcr ist die CD mit ihren 18 Tracks auch umfangreich genug. Da kann man schon mal die ganze aktuelle Poetik des Triospiels abgrasen. Da darf es eben alles sein. Das ist gekonnt, aber es ist auch \u00abnur\u00bb gekonnt. \u2026 Magnus Mehl \u2013 Upside Down And In Between \u2026 Schon mit dem ersten Track \u00abPunchline\u00bb kocht die klingende Materie hoch. Wirkt anfangs die Themenbildung arg konstruiert mit ihren Spr\u00fcngen, verwinden sich im Laufe des St\u00fcck die Linien der beteiligten Musiker zu einem echt geilen Ding. \u2026 Mathias R\u00fcegg \u2013 The Advantage of Writing Music Der Leiermann bettelt nicht mehr \u2026 Das alles hat seinen Charme und seine eigene Qualit\u00e4t. Vielleicht sind es sogar schon Denkm\u00e4ler der Tonkunst &hellip;","og_url":"https:\/\/www.jazzzeitung.de\/cms\/2023\/02\/trios-ensembles-big-band-orchestras-jazz-cds-in-der-hoerbar-januar-2023\/","og_site_name":"JazzZeitung","article_publisher":"https:\/\/www.facebook.com\/JazzZeitung\/","article_author":"https:\/\/www.facebook.com\/hufner","article_published_time":"2023-02-17T10:45:02+00:00","og_image":[{"width":848,"height":744,"url":"https:\/\/i0.wp.com\/www.jazzzeitung.de\/cms\/wp-content\/uploads\/2023\/02\/piano_blue.webp?fit=848%2C744&ssl=1","type":"image\/webp"}],"author":"Huflaikhan","schema":{"@context":"https:\/\/schema.org","@graph":[{"@type":"Article","@id":"https:\/\/www.jazzzeitung.de\/cms\/2023\/02\/trios-ensembles-big-band-orchestras-jazz-cds-in-der-hoerbar-januar-2023\/#article","isPartOf":{"@id":"https:\/\/www.jazzzeitung.de\/cms\/2023\/02\/trios-ensembles-big-band-orchestras-jazz-cds-in-der-hoerbar-januar-2023\/"},"author":{"name":"Huflaikhan","@id":"https:\/\/www.jazzzeitung.de\/cms\/#\/schema\/person\/1ba404714b9455401502bc409a7df45e"},"headline":"Trios, Ensembles, Big Band, Orchestras \u2013 Jazz-CDs in der H\u00f6rBar Januar 2023","datePublished":"2023-02-17T10:45:02+00:00","mainEntityOfPage":{"@id":"https:\/\/www.jazzzeitung.de\/cms\/2023\/02\/trios-ensembles-big-band-orchestras-jazz-cds-in-der-hoerbar-januar-2023\/"},"wordCount":428,"commentCount":0,"publisher":{"@id":"https:\/\/www.jazzzeitung.de\/cms\/#organization"},"image":{"@id":"https:\/\/www.jazzzeitung.de\/cms\/2023\/02\/trios-ensembles-big-band-orchestras-jazz-cds-in-der-hoerbar-januar-2023\/#primaryimage"},"thumbnailUrl":"https:\/\/i0.wp.com\/www.jazzzeitung.de\/cms\/wp-content\/uploads\/2023\/02\/piano_blue.webp?fit=848%2C744&ssl=1","keywords":["Axel K\u00fchn Trio","Big B\u00e4ng! Trio","CDs","Chris Torkewitz","Magnus Mehl","Mathias R\u00fcegg","Neuerscheinungen","Theo Croker"],"articleSection":["Rezension"],"inLanguage":"de","potentialAction":[{"@type":"CommentAction","name":"Comment","target":["https:\/\/www.jazzzeitung.de\/cms\/2023\/02\/trios-ensembles-big-band-orchestras-jazz-cds-in-der-hoerbar-januar-2023\/#respond"]}]},{"@type":"WebPage","@id":"https:\/\/www.jazzzeitung.de\/cms\/2023\/02\/trios-ensembles-big-band-orchestras-jazz-cds-in-der-hoerbar-januar-2023\/","url":"https:\/\/www.jazzzeitung.de\/cms\/2023\/02\/trios-ensembles-big-band-orchestras-jazz-cds-in-der-hoerbar-januar-2023\/","name":"Trios, Ensembles, Big Band, Orchestras \u2013 Jazz-CDs in der H\u00f6rBar Januar 2023 - JazzZeitung","isPartOf":{"@id":"https:\/\/www.jazzzeitung.de\/cms\/#website"},"primaryImageOfPage":{"@id":"https:\/\/www.jazzzeitung.de\/cms\/2023\/02\/trios-ensembles-big-band-orchestras-jazz-cds-in-der-hoerbar-januar-2023\/#primaryimage"},"image":{"@id":"https:\/\/www.jazzzeitung.de\/cms\/2023\/02\/trios-ensembles-big-band-orchestras-jazz-cds-in-der-hoerbar-januar-2023\/#primaryimage"},"thumbnailUrl":"https:\/\/i0.wp.com\/www.jazzzeitung.de\/cms\/wp-content\/uploads\/2023\/02\/piano_blue.webp?fit=848%2C744&ssl=1","datePublished":"2023-02-17T10:45:02+00:00","breadcrumb":{"@id":"https:\/\/www.jazzzeitung.de\/cms\/2023\/02\/trios-ensembles-big-band-orchestras-jazz-cds-in-der-hoerbar-januar-2023\/#breadcrumb"},"inLanguage":"de","potentialAction":[{"@type":"ReadAction","target":["https:\/\/www.jazzzeitung.de\/cms\/2023\/02\/trios-ensembles-big-band-orchestras-jazz-cds-in-der-hoerbar-januar-2023\/"]}]},{"@type":"ImageObject","inLanguage":"de","@id":"https:\/\/www.jazzzeitung.de\/cms\/2023\/02\/trios-ensembles-big-band-orchestras-jazz-cds-in-der-hoerbar-januar-2023\/#primaryimage","url":"https:\/\/i0.wp.com\/www.jazzzeitung.de\/cms\/wp-content\/uploads\/2023\/02\/piano_blue.webp?fit=848%2C744&ssl=1","contentUrl":"https:\/\/i0.wp.com\/www.jazzzeitung.de\/cms\/wp-content\/uploads\/2023\/02\/piano_blue.webp?fit=848%2C744&ssl=1","width":848,"height":744,"caption":"Mathias R\u00fcegg \u2013 The Advantage of Writing Music"},{"@type":"BreadcrumbList","@id":"https:\/\/www.jazzzeitung.de\/cms\/2023\/02\/trios-ensembles-big-band-orchestras-jazz-cds-in-der-hoerbar-januar-2023\/#breadcrumb","itemListElement":[{"@type":"ListItem","position":1,"name":"Startseite","item":"https:\/\/www.jazzzeitung.de\/cms\/"},{"@type":"ListItem","position":2,"name":"Trios, Ensembles, Big Band, Orchestras \u2013 Jazz-CDs in der H\u00f6rBar Januar 2023"}]},{"@type":"WebSite","@id":"https:\/\/www.jazzzeitung.de\/cms\/#website","url":"https:\/\/www.jazzzeitung.de\/cms\/","name":"JazzZeitung","description":"Jazz-News und Jazz-Kontroverses","publisher":{"@id":"https:\/\/www.jazzzeitung.de\/cms\/#organization"},"potentialAction":[{"@type":"SearchAction","target":{"@type":"EntryPoint","urlTemplate":"https:\/\/www.jazzzeitung.de\/cms\/?s={search_term_string}"},"query-input":{"@type":"PropertyValueSpecification","valueRequired":true,"valueName":"search_term_string"}}],"inLanguage":"de"},{"@type":"Organization","@id":"https:\/\/www.jazzzeitung.de\/cms\/#organization","name":"JazzZeitung online","url":"https:\/\/www.jazzzeitung.de\/cms\/","logo":{"@type":"ImageObject","inLanguage":"de","@id":"https:\/\/www.jazzzeitung.de\/cms\/#\/schema\/logo\/image\/","url":"https:\/\/i0.wp.com\/www.jazzzeitung.de\/cms\/wp-content\/uploads\/2015\/08\/JAZZZEITUNGDE_Logo_Neu.png?fit=499%2C200&ssl=1","contentUrl":"https:\/\/i0.wp.com\/www.jazzzeitung.de\/cms\/wp-content\/uploads\/2015\/08\/JAZZZEITUNGDE_Logo_Neu.png?fit=499%2C200&ssl=1","width":499,"height":200,"caption":"JazzZeitung online"},"image":{"@id":"https:\/\/www.jazzzeitung.de\/cms\/#\/schema\/logo\/image\/"},"sameAs":["https:\/\/www.facebook.com\/JazzZeitung\/"]},{"@type":"Person","@id":"https:\/\/www.jazzzeitung.de\/cms\/#\/schema\/person\/1ba404714b9455401502bc409a7df45e","name":"Huflaikhan","image":{"@type":"ImageObject","inLanguage":"de","@id":"https:\/\/i0.wp.com\/www.jazzzeitung.de\/cms\/wp-content\/uploads\/2013\/11\/huf-06.jpg?resize=96%2C96&ssl=18afacd5aa7627f2840c013425f5a4164","url":"https:\/\/i0.wp.com\/www.jazzzeitung.de\/cms\/wp-content\/uploads\/2013\/11\/huf-06.jpg?resize=96%2C96&ssl=1","contentUrl":"https:\/\/i0.wp.com\/www.jazzzeitung.de\/cms\/wp-content\/uploads\/2013\/11\/huf-06.jpg?resize=96%2C96&ssl=1","caption":"Huflaikhan"},"description":"Huflaikhan (aka Martin Hufner) hat Musikwissenschaft, Philosophie und Psychologie in Gie\u00dfen studiert und mit einer Arbeit \u00fcber Adorno und die Zw\u00f6lftontechnik promoviert. Seit 1995 ist er freiberuflich als Autor, Fotograf und Netzmacher unterwegs.","sameAs":["https:\/\/www.kritische-masse.de\/logbuch","https:\/\/www.facebook.com\/hufner"],"url":"https:\/\/www.jazzzeitung.de\/cms\/author\/hufi\/"}]}},"wp-worthy-pixel":{"ignored":false,"public":"dabf9e65cfca492b99afa58a7a6175a5","server":"vg04.met.vgwort.de","url":"https:\/\/vg04.met.vgwort.de\/na\/dabf9e65cfca492b99afa58a7a6175a5"},"wp-worthy-type":"normal","jetpack_publicize_connections":[],"cc_featured_image_caption":{"caption_text":"The Piano Blue","source_text":"Mathias R\u00fcegg - ","source_url":"https:\/\/hoerbar.nmz.de\/2023\/02\/mathias-rueegg-the-advantage-of-writing-music\/"},"jetpack_featured_media_url":"https:\/\/i0.wp.com\/www.jazzzeitung.de\/cms\/wp-content\/uploads\/2023\/02\/piano_blue.webp?fit=848%2C744&ssl=1","jetpack_shortlink":"https:\/\/wp.me\/p3KEcT-7zR","jetpack-related-posts":[{"id":28808,"url":"https:\/\/www.jazzzeitung.de\/cms\/2022\/12\/da-vinci-jazz-musik-mit-schwungs-und-genreclash-jazz-cds-in-der-hoerbar-dez-2022-01\/","url_meta":{"origin":29131,"position":0},"title":"Da Vinci Jazz, Musik mit Schwungs und Genreclash \u2013 Jazz-CDs in der H\u00f6rBar Dez. 2022\/01","author":"Huflaikhan","date":"21. Dezember 2022","format":false,"excerpt":"Drei aktuelle Platten vom italienischen Label Da Vinci Jazz, dazu eine genre\u00fcbergreifende Jazz-Folk-Pop-Platte und ein Trio mit Marimba, Bassklarinette und Gesang. Und \u00fcberall wird \u201eauch\u201c von Frauen gesungen. Die Jazz-Rezensionen in der H\u00f6rBar der neuen musikzeitung. Miman\u00e9e \u2013 The Invisible Will Remain Subconscious Trio \u2013 Water Shapes Questo Tempo Teresa\u2026","rel":"","context":"In &quot;Rezension&quot;","block_context":{"text":"Rezension","link":"https:\/\/www.jazzzeitung.de\/cms\/thema\/rezension\/"},"img":{"alt_text":"Subconscious Trio \u2013 Water Shapes","src":"https:\/\/i0.wp.com\/www.jazzzeitung.de\/cms\/wp-content\/uploads\/2022\/12\/48_subcon.jpg?fit=1200%2C1082&ssl=1&resize=350%2C200","width":350,"height":200,"srcset":"https:\/\/i0.wp.com\/www.jazzzeitung.de\/cms\/wp-content\/uploads\/2022\/12\/48_subcon.jpg?fit=1200%2C1082&ssl=1&resize=350%2C200 1x, https:\/\/i0.wp.com\/www.jazzzeitung.de\/cms\/wp-content\/uploads\/2022\/12\/48_subcon.jpg?fit=1200%2C1082&ssl=1&resize=525%2C300 1.5x, https:\/\/i0.wp.com\/www.jazzzeitung.de\/cms\/wp-content\/uploads\/2022\/12\/48_subcon.jpg?fit=1200%2C1082&ssl=1&resize=700%2C400 2x, https:\/\/i0.wp.com\/www.jazzzeitung.de\/cms\/wp-content\/uploads\/2022\/12\/48_subcon.jpg?fit=1200%2C1082&ssl=1&resize=1050%2C600 3x"},"classes":[]},{"id":27931,"url":"https:\/\/www.jazzzeitung.de\/cms\/2022\/07\/covers-cinema-jazz-cds-in-der-hoerbar-juli-2022-02\/","url_meta":{"origin":29131,"position":1},"title":"Covers &#038; Cinema \u2013 Jazz-CDs in der H\u00f6rBar Juli 2022\/02","author":"Huflaikhan","date":"25. Juli 2022","format":false,"excerpt":"Es gibt hier einiges Gecovertes, obwohl? Eigentlich sind es ja Standards. Nur halt nicht die \u00dcblichen. Es gibt Depri-Musik, Luftiges und Cineastisches: The Rick Hollander Quartet: Sgt. Pepper\u2019s Lonely Hearts Club Band | Baier \/ Wehrmann: Connected | Florian Hartz\u2018 Flo & Fauna: Try Harder | Lothar Dithmar: Trains and\u2026","rel":"","context":"In &quot;Rezension&quot;","block_context":{"text":"Rezension","link":"https:\/\/www.jazzzeitung.de\/cms\/thema\/rezension\/"},"img":{"alt_text":"Lothar Dithmar: Trains and Rivers","src":"https:\/\/i0.wp.com\/www.jazzzeitung.de\/cms\/wp-content\/uploads\/2022\/07\/29_dithmar.jpg?fit=1200%2C1076&ssl=1&resize=350%2C200","width":350,"height":200,"srcset":"https:\/\/i0.wp.com\/www.jazzzeitung.de\/cms\/wp-content\/uploads\/2022\/07\/29_dithmar.jpg?fit=1200%2C1076&ssl=1&resize=350%2C200 1x, https:\/\/i0.wp.com\/www.jazzzeitung.de\/cms\/wp-content\/uploads\/2022\/07\/29_dithmar.jpg?fit=1200%2C1076&ssl=1&resize=525%2C300 1.5x, https:\/\/i0.wp.com\/www.jazzzeitung.de\/cms\/wp-content\/uploads\/2022\/07\/29_dithmar.jpg?fit=1200%2C1076&ssl=1&resize=700%2C400 2x, https:\/\/i0.wp.com\/www.jazzzeitung.de\/cms\/wp-content\/uploads\/2022\/07\/29_dithmar.jpg?fit=1200%2C1076&ssl=1&resize=1050%2C600 3x"},"classes":[]},{"id":28746,"url":"https:\/\/www.jazzzeitung.de\/cms\/2022\/12\/doppelmond-folk-math-rock-minimal-und-ein-trio-debuet-jazz-cds-in-der-hoerbar-nov-2022\/","url_meta":{"origin":29131,"position":2},"title":"Doppelmond, Folk, Math Rock, Minimal und ein Trio-Deb\u00fct \u2013 Jazz-CDs in der H\u00f6rBar Nov. 2022","author":"Huflaikhan","date":"5. Dezember 2022","format":false,"excerpt":"Musik mit Murakami, Grenzg\u00e4nge zu Folk und Math Rock und Minimal. Und ein gro\u00dfartiges Trio mit Olga Reznichenko am Piano. Die Jazz-Rezensionen in der H\u00f6rBar der neuen musikzeitung. Sebastian Gahler \u2013 Two Moons C. Behrendtsen Evelyn Kryger \u2013 Live at JazzBaltica 2021 Hans Arnold \u2013 Interim Olga Reznichenko Trio \u2013\u2026","rel":"","context":"In &quot;Rezension&quot;","block_context":{"text":"Rezension","link":"https:\/\/www.jazzzeitung.de\/cms\/thema\/rezension\/"},"img":{"alt_text":"Olga Reznichenko Trio \u2013 Somnambule","src":"https:\/\/i0.wp.com\/www.jazzzeitung.de\/cms\/wp-content\/uploads\/2022\/12\/46_reznichenko.jpg?fit=1200%2C1200&ssl=1&resize=350%2C200","width":350,"height":200,"srcset":"https:\/\/i0.wp.com\/www.jazzzeitung.de\/cms\/wp-content\/uploads\/2022\/12\/46_reznichenko.jpg?fit=1200%2C1200&ssl=1&resize=350%2C200 1x, https:\/\/i0.wp.com\/www.jazzzeitung.de\/cms\/wp-content\/uploads\/2022\/12\/46_reznichenko.jpg?fit=1200%2C1200&ssl=1&resize=525%2C300 1.5x, https:\/\/i0.wp.com\/www.jazzzeitung.de\/cms\/wp-content\/uploads\/2022\/12\/46_reznichenko.jpg?fit=1200%2C1200&ssl=1&resize=700%2C400 2x, https:\/\/i0.wp.com\/www.jazzzeitung.de\/cms\/wp-content\/uploads\/2022\/12\/46_reznichenko.jpg?fit=1200%2C1200&ssl=1&resize=1050%2C600 3x"},"classes":[]},{"id":29950,"url":"https:\/\/www.jazzzeitung.de\/cms\/2023\/08\/zeitloses-und-newcomerndes-jazz-cds-in-der-hoerbar\/","url_meta":{"origin":29131,"position":3},"title":"Zeitloses und Newcomerndes \u2013 Jazz-CDs in der H\u00f6rBar","author":"Huflaikhan","date":"16. August 2023","format":false,"excerpt":"Aktuelle Platten von T.ON, Jens Joneleit, Jane Bunnett, dem Victoria Pohl Trio und Daniel Besthorn. Dabei mit Daniel Besthorn eine Debut-CD und Musik, die an den R\u00e4ndern des Jazzselbstverst\u00e4ndnisses sich bewegt (das, wie wir wissen, ja eher gar nicht so selbstverst\u00e4ndlich ist). Hier im Schnelldurchlauf, bei Klick auf die Links,\u2026","rel":"","context":"In &quot;Rezension&quot;","block_context":{"text":"Rezension","link":"https:\/\/www.jazzzeitung.de\/cms\/thema\/rezension\/"},"img":{"alt_text":"VIctoria Pohl Trio \u2013 Mr. H\u00e4hnry","src":"https:\/\/i0.wp.com\/www.jazzzeitung.de\/cms\/wp-content\/uploads\/2023\/08\/MrHaehnry_Cover_ONLINE_FRONT.jpg?fit=1200%2C1082&ssl=1&resize=350%2C200","width":350,"height":200,"srcset":"https:\/\/i0.wp.com\/www.jazzzeitung.de\/cms\/wp-content\/uploads\/2023\/08\/MrHaehnry_Cover_ONLINE_FRONT.jpg?fit=1200%2C1082&ssl=1&resize=350%2C200 1x, https:\/\/i0.wp.com\/www.jazzzeitung.de\/cms\/wp-content\/uploads\/2023\/08\/MrHaehnry_Cover_ONLINE_FRONT.jpg?fit=1200%2C1082&ssl=1&resize=525%2C300 1.5x, https:\/\/i0.wp.com\/www.jazzzeitung.de\/cms\/wp-content\/uploads\/2023\/08\/MrHaehnry_Cover_ONLINE_FRONT.jpg?fit=1200%2C1082&ssl=1&resize=700%2C400 2x, https:\/\/i0.wp.com\/www.jazzzeitung.de\/cms\/wp-content\/uploads\/2023\/08\/MrHaehnry_Cover_ONLINE_FRONT.jpg?fit=1200%2C1082&ssl=1&resize=1050%2C600 3x"},"classes":[]},{"id":30394,"url":"https:\/\/www.jazzzeitung.de\/cms\/2023\/12\/von-uetopya-und-von-planeten-weitere-jazz-cds-in-der-hoerbar\/","url_meta":{"origin":29131,"position":4},"title":"Von \u00dctopya und von Planeten \u2026 \u2013 Weitere Jazz-CDs in der H\u00f6rBar","author":"Huflaikhan","date":"15. Dezember 2023","format":false,"excerpt":"Sieben aktuelle Platten aus dem Jazz. Drei Duos sind dabei und sehr alte und sehr junge Musiker. Es wird erinnert und es wird \u00a0Die Jazz-Rezensionen in der H\u00f6rBar der neuen musikzeitung.","rel":"","context":"In &quot;Rezension&quot;","block_context":{"text":"Rezension","link":"https:\/\/www.jazzzeitung.de\/cms\/thema\/rezension\/"},"img":{"alt_text":"Rowk - Rowk","src":"https:\/\/i0.wp.com\/www.jazzzeitung.de\/cms\/wp-content\/uploads\/2023\/12\/rowk.jpg?fit=1200%2C1089&ssl=1&resize=350%2C200","width":350,"height":200,"srcset":"https:\/\/i0.wp.com\/www.jazzzeitung.de\/cms\/wp-content\/uploads\/2023\/12\/rowk.jpg?fit=1200%2C1089&ssl=1&resize=350%2C200 1x, https:\/\/i0.wp.com\/www.jazzzeitung.de\/cms\/wp-content\/uploads\/2023\/12\/rowk.jpg?fit=1200%2C1089&ssl=1&resize=525%2C300 1.5x, https:\/\/i0.wp.com\/www.jazzzeitung.de\/cms\/wp-content\/uploads\/2023\/12\/rowk.jpg?fit=1200%2C1089&ssl=1&resize=700%2C400 2x, https:\/\/i0.wp.com\/www.jazzzeitung.de\/cms\/wp-content\/uploads\/2023\/12\/rowk.jpg?fit=1200%2C1089&ssl=1&resize=1050%2C600 3x"},"classes":[]},{"id":28278,"url":"https:\/\/www.jazzzeitung.de\/cms\/2022\/09\/hysterisches-bilderstuermerisches-schwebendes-jazz-cds-in-der-hoerbar-august-2022\/","url_meta":{"origin":29131,"position":5},"title":"Hysterisches, Bilderst\u00fcrmerisches, Schwebendes \u2013 Jazz-CDs in der H\u00f6rBar August 2022","author":"Huflaikhan","date":"9. September 2022","format":false,"excerpt":"Ensemblemusizieren in verschiedenen Formationen und Ans\u00e4tzen: Freies, Unfreies, Gebundenes, Ungeb\u00e4ndigtes. Die Jazz-Rezensionen in der H\u00f6rBar der neuen musikzeitung. Phraim \u2013 Hysteria Frank Fusion Trio \u2013 My Place Vismala \/ Neander \u2013 Digital Shaman Iconoclast \u2013 Demolition Of Wisdom Satie \u2013 Celloland DAY & TAXI: Run, The Darkness Will Come! SteDaJoDa:\u2026","rel":"","context":"In &quot;Rezension&quot;","block_context":{"text":"Rezension","link":"https:\/\/www.jazzzeitung.de\/cms\/thema\/rezension\/"},"img":{"alt_text":"Vismala \/ Neander \u2013 Digital Shaman","src":"https:\/\/i0.wp.com\/www.jazzzeitung.de\/cms\/wp-content\/uploads\/2022\/09\/33_vismala.jpg?fit=1200%2C1200&ssl=1&resize=350%2C200","width":350,"height":200,"srcset":"https:\/\/i0.wp.com\/www.jazzzeitung.de\/cms\/wp-content\/uploads\/2022\/09\/33_vismala.jpg?fit=1200%2C1200&ssl=1&resize=350%2C200 1x, https:\/\/i0.wp.com\/www.jazzzeitung.de\/cms\/wp-content\/uploads\/2022\/09\/33_vismala.jpg?fit=1200%2C1200&ssl=1&resize=525%2C300 1.5x, https:\/\/i0.wp.com\/www.jazzzeitung.de\/cms\/wp-content\/uploads\/2022\/09\/33_vismala.jpg?fit=1200%2C1200&ssl=1&resize=700%2C400 2x, https:\/\/i0.wp.com\/www.jazzzeitung.de\/cms\/wp-content\/uploads\/2022\/09\/33_vismala.jpg?fit=1200%2C1200&ssl=1&resize=1050%2C600 3x"},"classes":[]}],"jetpack_sharing_enabled":true,"_links":{"self":[{"href":"https:\/\/www.jazzzeitung.de\/cms\/wp-json\/wp\/v2\/posts\/29131","targetHints":{"allow":["GET"]}}],"collection":[{"href":"https:\/\/www.jazzzeitung.de\/cms\/wp-json\/wp\/v2\/posts"}],"about":[{"href":"https:\/\/www.jazzzeitung.de\/cms\/wp-json\/wp\/v2\/types\/post"}],"author":[{"embeddable":true,"href":"https:\/\/www.jazzzeitung.de\/cms\/wp-json\/wp\/v2\/users\/2"}],"replies":[{"embeddable":true,"href":"https:\/\/www.jazzzeitung.de\/cms\/wp-json\/wp\/v2\/comments?post=29131"}],"version-history":[{"count":3,"href":"https:\/\/www.jazzzeitung.de\/cms\/wp-json\/wp\/v2\/posts\/29131\/revisions"}],"predecessor-version":[{"id":29140,"href":"https:\/\/www.jazzzeitung.de\/cms\/wp-json\/wp\/v2\/posts\/29131\/revisions\/29140"}],"wp:featuredmedia":[{"embeddable":true,"href":"https:\/\/www.jazzzeitung.de\/cms\/wp-json\/wp\/v2\/media\/29137"}],"wp:attachment":[{"href":"https:\/\/www.jazzzeitung.de\/cms\/wp-json\/wp\/v2\/media?parent=29131"}],"wp:term":[{"taxonomy":"category","embeddable":true,"href":"https:\/\/www.jazzzeitung.de\/cms\/wp-json\/wp\/v2\/categories?post=29131"},{"taxonomy":"post_tag","embeddable":true,"href":"https:\/\/www.jazzzeitung.de\/cms\/wp-json\/wp\/v2\/tags?post=29131"},{"taxonomy":"author","embeddable":true,"href":"https:\/\/www.jazzzeitung.de\/cms\/wp-json\/wp\/v2\/coauthors?post=29131"}],"curies":[{"name":"wp","href":"https:\/\/api.w.org\/{rel}","templated":true}]}}