{"id":29081,"date":"2023-02-10T12:03:19","date_gmt":"2023-02-10T11:03:19","guid":{"rendered":"https:\/\/www.jazzzeitung.de\/cms\/?p=29081"},"modified":"2023-02-10T12:03:19","modified_gmt":"2023-02-10T11:03:19","slug":"album-abstrakt-leo-betzl-trio-besinnt-sich-auf-den-jazz","status":"publish","type":"post","link":"https:\/\/www.jazzzeitung.de\/cms\/2023\/02\/album-abstrakt-leo-betzl-trio-besinnt-sich-auf-den-jazz\/","title":{"rendered":"Album \u201eABSTRAKT\u201c &#8211; Leo Betzl Trio besinnt sich auf den Jazz"},"content":{"rendered":"<p>(von Stefan Pieper)<strong> LBT \u2013 hinter diesem K\u00fcrzel verbirgt sich das M\u00fcnchener Leo Betzl Trio \u2013 und die machen seit einigen Jahren mit ihrer rein akustisch gespielten Techno-Fusion m\u00e4chtig Furore. Auf ihren neuen Album \u201eAbstrakt&#8220; zeigen sie sich aber auch als zeitloses Jazz-Pianotrio auf kreativer H\u00f6he.<\/strong><\/p>\n<p>Nach eigenem Bekunden ziehen Leo Betzl (piano), Sebastian Wolfgruber (Schlagzeug) und Maximilian Hirning (Bass) heute eine klarere Trennlinie zwischen ihrem spektakul\u00e4ren Acoustic Techno und ihrer Jazz-Linie. Heraush\u00f6rbar und sp\u00fcrbar bleibt die verbindende gro\u00dfe Sache. Ob Jazz oder Techno, LBT haben ihren typischen, unverkennbaren Sound, hinter dem eine eingeschworene Rollenverteilung in dieser Band steht.<\/p>\n<p>Los geht \u201eAbstrakt&#8220; in flie\u00dfendem Puls, wenn das Schlagzeug dezente Klangtupfer wie bei einer Tabla setzt. Aber daraus erwachsen viele Ver\u00e4stelungen und Entwicklungen, die auch mal rockig aufbrausen und immer wieder neu mit ihrem verfeinerten Ideenreichtum verbl\u00fcffen. Bassist Maximilian Hirning tut eben das, was der Rolle des Bassisten idealtypisch entspricht: F\u00fchren und dabei zentriert sein. Vielschichtigkeit als Markenzeichen. Untenrum klare, kraftvolle Muster vorgeben, gleichzeitig und in h\u00f6heren Lagen eine effektvolle Sound-Dramaturgie.<\/p>\n<figure id=\"attachment_29083\" aria-describedby=\"caption-attachment-29083\" style=\"width: 2560px\" class=\"wp-caption alignleft\"><img data-recalc-dims=\"1\" loading=\"lazy\" decoding=\"async\" data-attachment-id=\"29083\" data-permalink=\"https:\/\/www.jazzzeitung.de\/cms\/2023\/02\/album-abstrakt-leo-betzl-trio-besinnt-sich-auf-den-jazz\/pressebild-abstrakt-c-philip-seybold\/\" data-orig-file=\"https:\/\/i0.wp.com\/www.jazzzeitung.de\/cms\/wp-content\/uploads\/2023\/02\/Pressebild-Abstrakt-c-Philip-Seybold-scaled.jpg?fit=2560%2C2560&amp;ssl=1\" data-orig-size=\"2560,2560\" data-comments-opened=\"1\" data-image-meta=\"{&quot;aperture&quot;:&quot;0&quot;,&quot;credit&quot;:&quot;&quot;,&quot;camera&quot;:&quot;&quot;,&quot;caption&quot;:&quot;&quot;,&quot;created_timestamp&quot;:&quot;1665973362&quot;,&quot;copyright&quot;:&quot;&quot;,&quot;focal_length&quot;:&quot;0&quot;,&quot;iso&quot;:&quot;0&quot;,&quot;shutter_speed&quot;:&quot;0&quot;,&quot;title&quot;:&quot;&quot;,&quot;orientation&quot;:&quot;1&quot;}\" data-image-title=\"LBT \/ Foto: Philip Seybold\" data-image-description=\"\" data-image-caption=\"&lt;p&gt;\u201eAbstrakt\u201c-ver\u00e4stelte Kl\u00e4nge auf LBTs neuer Platte. Maximilian Hirning (bass), Sebastian Wolfgruber (drums), Leo Betzl (piano) Foto: Philip Seybold&lt;\/p&gt;\n\" data-large-file=\"https:\/\/i0.wp.com\/www.jazzzeitung.de\/cms\/wp-content\/uploads\/2023\/02\/Pressebild-Abstrakt-c-Philip-Seybold-scaled.jpg?fit=600%2C600&amp;ssl=1\" class=\"size-full wp-image-29083\" src=\"https:\/\/i0.wp.com\/www.jazzzeitung.de\/cms\/wp-content\/uploads\/2023\/02\/Pressebild-Abstrakt-c-Philip-Seybold-scaled.jpg?resize=840%2C840&#038;ssl=1\" alt=\"\" width=\"840\" height=\"840\" srcset=\"https:\/\/i0.wp.com\/www.jazzzeitung.de\/cms\/wp-content\/uploads\/2023\/02\/Pressebild-Abstrakt-c-Philip-Seybold-scaled.jpg?w=2560&amp;ssl=1 2560w, https:\/\/i0.wp.com\/www.jazzzeitung.de\/cms\/wp-content\/uploads\/2023\/02\/Pressebild-Abstrakt-c-Philip-Seybold-scaled.jpg?resize=300%2C300&amp;ssl=1 300w, https:\/\/i0.wp.com\/www.jazzzeitung.de\/cms\/wp-content\/uploads\/2023\/02\/Pressebild-Abstrakt-c-Philip-Seybold-scaled.jpg?resize=600%2C600&amp;ssl=1 600w, https:\/\/i0.wp.com\/www.jazzzeitung.de\/cms\/wp-content\/uploads\/2023\/02\/Pressebild-Abstrakt-c-Philip-Seybold-scaled.jpg?resize=150%2C150&amp;ssl=1 150w, https:\/\/i0.wp.com\/www.jazzzeitung.de\/cms\/wp-content\/uploads\/2023\/02\/Pressebild-Abstrakt-c-Philip-Seybold-scaled.jpg?resize=768%2C768&amp;ssl=1 768w, https:\/\/i0.wp.com\/www.jazzzeitung.de\/cms\/wp-content\/uploads\/2023\/02\/Pressebild-Abstrakt-c-Philip-Seybold-scaled.jpg?resize=1536%2C1536&amp;ssl=1 1536w, https:\/\/i0.wp.com\/www.jazzzeitung.de\/cms\/wp-content\/uploads\/2023\/02\/Pressebild-Abstrakt-c-Philip-Seybold-scaled.jpg?resize=2048%2C2048&amp;ssl=1 2048w, https:\/\/i0.wp.com\/www.jazzzeitung.de\/cms\/wp-content\/uploads\/2023\/02\/Pressebild-Abstrakt-c-Philip-Seybold-scaled.jpg?resize=1320%2C1320&amp;ssl=1 1320w, https:\/\/i0.wp.com\/www.jazzzeitung.de\/cms\/wp-content\/uploads\/2023\/02\/Pressebild-Abstrakt-c-Philip-Seybold-scaled.jpg?resize=24%2C24&amp;ssl=1 24w, https:\/\/i0.wp.com\/www.jazzzeitung.de\/cms\/wp-content\/uploads\/2023\/02\/Pressebild-Abstrakt-c-Philip-Seybold-scaled.jpg?resize=48%2C48&amp;ssl=1 48w, https:\/\/i0.wp.com\/www.jazzzeitung.de\/cms\/wp-content\/uploads\/2023\/02\/Pressebild-Abstrakt-c-Philip-Seybold-scaled.jpg?resize=96%2C96&amp;ssl=1 96w, https:\/\/i0.wp.com\/www.jazzzeitung.de\/cms\/wp-content\/uploads\/2023\/02\/Pressebild-Abstrakt-c-Philip-Seybold-scaled.jpg?w=1680&amp;ssl=1 1680w\" sizes=\"auto, (max-width: 840px) 100vw, 840px\" \/><figcaption id=\"caption-attachment-29083\" class=\"wp-caption-text\">\u201eAbstrakt\u201c-ver\u00e4stelte Kl\u00e4nge auf LBTs neuer Platte. V.l.n.r.: Maximilian Hirning (bass), Sebastian Wolfgruber (drums), Leo Betzl (piano) Foto: Philip Seybold<\/figcaption><\/figure>\n<h4>Einen Hybrid aus guten Aspekten zu erzeugen, geh\u00f6rt zur Philosophie der M\u00fcnchener<\/h4>\n<p>Leo Betzls Klavierspiel wirkt atmosph\u00e4risch und offenbart in vielen ausgiebigen Melodieb\u00f6gen Momente von hinrei\u00dfender Sch\u00f6nheit. Schlagzeuger Sebastian Wolfgruber ist ebenso engagiert, um die Gef\u00fchlswogen der St\u00fccke energetisch voran zu treiben.<\/p>\n<p>Repetitive Momente gibt es auch in diesem Jazzkontext genug. Die drei wissen um jene Magie, die darin besteht, auch mal l\u00e4nger auf einer Welle zu reiten. Was bei der Aufnahme wohl als zus\u00e4tzliche Kraftquelle wirkte, ist die Energie des Live-Konzerts, wovon die freudigen Zwischenapplause zeugen. Eingespielt wurde die Platte im Sendesaal des BR in einem Publikumskonzert.<\/p>\n<p>Ein Hybrid aus verschiedenen, guten Aspekten zu erzeugen, das geh\u00f6rt einfach zur Philosophie der M\u00fcnchener dazu. Egal, ob es darum geht, einen akustischen Techno weiterzudenken oder \u2013 wie hier \u2013 eines der ausgeschlafensten Klaviertrio-Alben der letzten Zeit vorzulegen.<\/p>\n<div class=\"tiled-gallery type-rectangular tiled-gallery-unresized\" data-original-width=\"840\" data-carousel-extra='{&quot;blog_id&quot;:1,&quot;permalink&quot;:&quot;https:\\\/\\\/www.jazzzeitung.de\\\/cms\\\/2023\\\/02\\\/album-abstrakt-leo-betzl-trio-besinnt-sich-auf-den-jazz\\\/&quot;,&quot;likes_blog_id&quot;:55446655}' itemscope itemtype=\"http:\/\/schema.org\/ImageGallery\" > <div class=\"gallery-row\" style=\"width: 840px; height: 376px;\" data-original-width=\"840\" data-original-height=\"376\" > <div class=\"gallery-group images-1\" style=\"width: 422px; height: 376px;\" data-original-width=\"422\" data-original-height=\"376\" > <div class=\"tiled-gallery-item tiled-gallery-item-large\" itemprop=\"associatedMedia\" itemscope itemtype=\"http:\/\/schema.org\/ImageObject\"> <a href=\"https:\/\/www.jazzzeitung.de\/cms\/2023\/02\/album-abstrakt-leo-betzl-trio-besinnt-sich-auf-den-jazz\/0767522783322-1\/\" border=\"0\" itemprop=\"url\"> <meta itemprop=\"width\" content=\"418\"> <meta itemprop=\"height\" content=\"372\"> <img decoding=\"async\" class=\"\" data-attachment-id=\"29084\" data-orig-file=\"https:\/\/www.jazzzeitung.de\/cms\/wp-content\/uploads\/2023\/02\/0767522783322-1.jpg\" data-orig-size=\"220,196\" data-comments-opened=\"1\" data-image-meta=\"{&quot;aperture&quot;:&quot;0&quot;,&quot;credit&quot;:&quot;&quot;,&quot;camera&quot;:&quot;&quot;,&quot;caption&quot;:&quot;&quot;,&quot;created_timestamp&quot;:&quot;0&quot;,&quot;copyright&quot;:&quot;&quot;,&quot;focal_length&quot;:&quot;0&quot;,&quot;iso&quot;:&quot;0&quot;,&quot;shutter_speed&quot;:&quot;0&quot;,&quot;title&quot;:&quot;&quot;,&quot;orientation&quot;:&quot;0&quot;}\" data-image-title=\"ABSTRAKT \/\/ LBT \/\/ enja 2023 R\u00fcckseite\" data-image-description=\"\" data-medium-file=\"https:\/\/i0.wp.com\/www.jazzzeitung.de\/cms\/wp-content\/uploads\/2023\/02\/0767522783322-1.jpg?fit=220%2C196&#038;ssl=1\" data-large-file=\"https:\/\/i0.wp.com\/www.jazzzeitung.de\/cms\/wp-content\/uploads\/2023\/02\/0767522783322-1.jpg?fit=220%2C196&#038;ssl=1\" src=\"https:\/\/i0.wp.com\/www.jazzzeitung.de\/cms\/wp-content\/uploads\/2023\/02\/0767522783322-1.jpg?w=418&#038;h=372&#038;ssl=1\" width=\"418\" height=\"372\" loading=\"lazy\" data-original-width=\"418\" data-original-height=\"372\" itemprop=\"http:\/\/schema.org\/image\" title=\"ABSTRAKT \/\/ LBT \/\/ enja 2023 R\u00fcckseite\" alt=\"ABSTRAKT \/\/ LBT \/\/ enja 2023 Vorderseite\" style=\"width: 418px; height: 372px;\" \/> <\/a> <div class=\"tiled-gallery-caption\" itemprop=\"caption description\"> ABSTRAKT \/\/ LBT \/\/ enja 2023 Vorderseite <\/div> <\/div> <\/div> <!-- close group --> <div class=\"gallery-group images-1\" style=\"width: 418px; height: 376px;\" data-original-width=\"418\" data-original-height=\"376\" > <div class=\"tiled-gallery-item tiled-gallery-item-large\" itemprop=\"associatedMedia\" itemscope itemtype=\"http:\/\/schema.org\/ImageObject\"> <a href=\"https:\/\/www.jazzzeitung.de\/cms\/2023\/02\/album-abstrakt-leo-betzl-trio-besinnt-sich-auf-den-jazz\/attachment\/0767522783322\/\" border=\"0\" itemprop=\"url\"> <meta itemprop=\"width\" content=\"414\"> <meta itemprop=\"height\" content=\"372\"> <img decoding=\"async\" class=\"\" data-attachment-id=\"29085\" data-orig-file=\"https:\/\/www.jazzzeitung.de\/cms\/wp-content\/uploads\/2023\/02\/0767522783322.jpg\" data-orig-size=\"600,539\" data-comments-opened=\"1\" data-image-meta=\"{&quot;aperture&quot;:&quot;0&quot;,&quot;credit&quot;:&quot;&quot;,&quot;camera&quot;:&quot;&quot;,&quot;caption&quot;:&quot;&quot;,&quot;created_timestamp&quot;:&quot;0&quot;,&quot;copyright&quot;:&quot;&quot;,&quot;focal_length&quot;:&quot;0&quot;,&quot;iso&quot;:&quot;0&quot;,&quot;shutter_speed&quot;:&quot;0&quot;,&quot;title&quot;:&quot;&quot;,&quot;orientation&quot;:&quot;0&quot;}\" data-image-title=\"ABSTRAKT \/\/ LBT \/\/ enja 2023 Vorderseite\" data-image-description=\"\" data-medium-file=\"https:\/\/i0.wp.com\/www.jazzzeitung.de\/cms\/wp-content\/uploads\/2023\/02\/0767522783322.jpg?fit=300%2C270&#038;ssl=1\" data-large-file=\"https:\/\/i0.wp.com\/www.jazzzeitung.de\/cms\/wp-content\/uploads\/2023\/02\/0767522783322.jpg?fit=600%2C539&#038;ssl=1\" src=\"https:\/\/i0.wp.com\/www.jazzzeitung.de\/cms\/wp-content\/uploads\/2023\/02\/0767522783322.jpg?w=414&#038;h=372&#038;ssl=1\" srcset=\"https:\/\/i0.wp.com\/www.jazzzeitung.de\/cms\/wp-content\/uploads\/2023\/02\/0767522783322.jpg?w=600&amp;ssl=1 600w, https:\/\/i0.wp.com\/www.jazzzeitung.de\/cms\/wp-content\/uploads\/2023\/02\/0767522783322.jpg?resize=300%2C270&amp;ssl=1 300w\" width=\"414\" height=\"372\" loading=\"lazy\" data-original-width=\"414\" data-original-height=\"372\" itemprop=\"http:\/\/schema.org\/image\" title=\"ABSTRAKT \/\/ LBT \/\/ enja 2023 Vorderseite\" alt=\"ABSTRAKT \/\/ LBT \/\/ enja 2023 Vorderseite\" style=\"width: 414px; height: 372px;\" \/> <\/a> <div class=\"tiled-gallery-caption\" itemprop=\"caption description\"> ABSTRAKT \/\/ LBT \/\/ enja 2023 Vorderseite <\/div> <\/div> <\/div> <!-- close group --> <\/div> <!-- close row --> <\/div>\n<p>LBT<br \/>\nAbstrakt<br \/>\nenja 2023<\/p>\n","protected":false},"excerpt":{"rendered":"<p>(von Stefan Pieper) LBT \u2013 hinter diesem K\u00fcrzel verbirgt sich das M\u00fcnchener Leo Betzl Trio \u2013 und die machen seit einigen Jahren mit ihrer rein akustisch gespielten Techno-Fusion m\u00e4chtig Furore. Auf ihren neuen Album \u201eAbstrakt&#8220; zeigen sie sich aber auch als zeitloses Jazz-Pianotrio auf kreativer H\u00f6he. Nach eigenem Bekunden ziehen Leo Betzl (piano), Sebastian Wolfgruber (Schlagzeug) und Maximilian Hirning (Bass) heute eine klarere Trennlinie zwischen ihrem spektakul\u00e4ren Acoustic Techno und ihrer Jazz-Linie. Heraush\u00f6rbar und sp\u00fcrbar bleibt die verbindende gro\u00dfe Sache. Ob Jazz oder Techno, LBT haben ihren typischen, unverkennbaren Sound, hinter dem eine eingeschworene Rollenverteilung in dieser Band steht. Los geht \u201eAbstrakt&#8220; in flie\u00dfendem Puls, wenn das Schlagzeug dezente Klangtupfer wie bei einer Tabla setzt. Aber daraus erwachsen viele Ver\u00e4stelungen und Entwicklungen, die auch mal rockig aufbrausen und immer wieder neu mit ihrem verfeinerten Ideenreichtum verbl\u00fcffen. Bassist Maximilian Hirning tut eben das, was der Rolle des Bassisten idealtypisch entspricht: F\u00fchren und dabei zentriert sein. Vielschichtigkeit als Markenzeichen. Untenrum klare, kraftvolle Muster vorgeben, gleichzeitig und in h\u00f6heren Lagen eine effektvolle Sound-Dramaturgie. Einen Hybrid aus guten Aspekten zu erzeugen, geh\u00f6rt zur Philosophie der M\u00fcnchener Leo Betzls Klavierspiel &hellip;<\/p>\n","protected":false},"author":18,"featured_media":29085,"comment_status":"open","ping_status":"closed","sticky":false,"template":"","format":"standard","meta":{"_jetpack_memberships_contains_paid_content":false,"footnotes":"","jetpack_publicize_message":"","jetpack_publicize_feature_enabled":true,"jetpack_social_post_already_shared":false,"jetpack_social_options":{"image_generator_settings":{"template":"highway","default_image_id":0,"font":"","enabled":false},"version":2}},"categories":[1152],"tags":[4599,34,3914,4608,56,1876,1768,4598,2348,1306,1954,3224,1564,2312,4601,2846,1356],"coauthors":[695],"class_list":["post-29081","post","type-post","status-publish","format-standard","has-post-thumbnail","hentry","category-rezension","tag-abstrakt","tag-album","tag-band","tag-bassist","tag-bayerischer-rundfunk","tag-jazz","tag-klaviertrio","tag-klaviertrio-alben","tag-lbt","tag-leo-betzl","tag-leo-betzl-trio","tag-maximilian-hirning","tag-schlagzeug","tag-schlagzeuger","tag-sebastian-wolfgruber","tag-techno","tag-trio"],"yoast_head":"<!-- This site is optimized with the Yoast SEO plugin v27.5 - https:\/\/yoast.com\/product\/yoast-seo-wordpress\/ -->\n<title>Album \u201eABSTRAKT\u201c - Leo Betzl Trio besinnt sich auf den Jazz - JazzZeitung<\/title>\n<meta name=\"robots\" content=\"index, follow, max-snippet:-1, max-image-preview:large, max-video-preview:-1\" \/>\n<link rel=\"canonical\" href=\"https:\/\/www.jazzzeitung.de\/cms\/2023\/02\/album-abstrakt-leo-betzl-trio-besinnt-sich-auf-den-jazz\/\" \/>\n<meta property=\"og:locale\" content=\"de_DE\" \/>\n<meta property=\"og:type\" content=\"article\" \/>\n<meta property=\"og:title\" content=\"Album \u201eABSTRAKT\u201c - Leo Betzl Trio besinnt sich auf den Jazz - JazzZeitung\" \/>\n<meta property=\"og:description\" content=\"(von Stefan Pieper) LBT \u2013 hinter diesem K\u00fcrzel verbirgt sich das M\u00fcnchener Leo Betzl Trio \u2013 und die machen seit einigen Jahren mit ihrer rein akustisch gespielten Techno-Fusion m\u00e4chtig Furore. Auf ihren neuen Album \u201eAbstrakt&#8220; zeigen sie sich aber auch als zeitloses Jazz-Pianotrio auf kreativer H\u00f6he. Nach eigenem Bekunden ziehen Leo Betzl (piano), Sebastian Wolfgruber (Schlagzeug) und Maximilian Hirning (Bass) heute eine klarere Trennlinie zwischen ihrem spektakul\u00e4ren Acoustic Techno und ihrer Jazz-Linie. Heraush\u00f6rbar und sp\u00fcrbar bleibt die verbindende gro\u00dfe Sache. Ob Jazz oder Techno, LBT haben ihren typischen, unverkennbaren Sound, hinter dem eine eingeschworene Rollenverteilung in dieser Band steht. Los geht \u201eAbstrakt&#8220; in flie\u00dfendem Puls, wenn das Schlagzeug dezente Klangtupfer wie bei einer Tabla setzt. Aber daraus erwachsen viele Ver\u00e4stelungen und Entwicklungen, die auch mal rockig aufbrausen und immer wieder neu mit ihrem verfeinerten Ideenreichtum verbl\u00fcffen. Bassist Maximilian Hirning tut eben das, was der Rolle des Bassisten idealtypisch entspricht: F\u00fchren und dabei zentriert sein. Vielschichtigkeit als Markenzeichen. Untenrum klare, kraftvolle Muster vorgeben, gleichzeitig und in h\u00f6heren Lagen eine effektvolle Sound-Dramaturgie. Einen Hybrid aus guten Aspekten zu erzeugen, geh\u00f6rt zur Philosophie der M\u00fcnchener Leo Betzls Klavierspiel &hellip;\" \/>\n<meta property=\"og:url\" content=\"https:\/\/www.jazzzeitung.de\/cms\/2023\/02\/album-abstrakt-leo-betzl-trio-besinnt-sich-auf-den-jazz\/\" \/>\n<meta property=\"og:site_name\" content=\"JazzZeitung\" \/>\n<meta property=\"article:publisher\" content=\"https:\/\/www.facebook.com\/JazzZeitung\/\" \/>\n<meta property=\"article:published_time\" content=\"2023-02-10T11:03:19+00:00\" \/>\n<meta property=\"og:image\" content=\"https:\/\/www.jazzzeitung.de\/cms\/wp-content\/uploads\/2023\/02\/0767522783322.jpg\" \/>\n\t<meta property=\"og:image:width\" content=\"600\" \/>\n\t<meta property=\"og:image:height\" content=\"539\" \/>\n\t<meta property=\"og:image:type\" content=\"image\/jpeg\" \/>\n<meta name=\"author\" content=\"Redaktion JazzZeitung\" \/>\n<script type=\"application\/ld+json\" class=\"yoast-schema-graph\">{\"@context\":\"https:\\\/\\\/schema.org\",\"@graph\":[{\"@type\":\"Article\",\"@id\":\"https:\\\/\\\/www.jazzzeitung.de\\\/cms\\\/2023\\\/02\\\/album-abstrakt-leo-betzl-trio-besinnt-sich-auf-den-jazz\\\/#article\",\"isPartOf\":{\"@id\":\"https:\\\/\\\/www.jazzzeitung.de\\\/cms\\\/2023\\\/02\\\/album-abstrakt-leo-betzl-trio-besinnt-sich-auf-den-jazz\\\/\"},\"author\":{\"name\":\"Redaktion JazzZeitung\",\"@id\":\"https:\\\/\\\/www.jazzzeitung.de\\\/cms\\\/#\\\/schema\\\/person\\\/2245b36b9cd1d24cea10f01c031fb92b\"},\"headline\":\"Album \u201eABSTRAKT\u201c &#8211; Leo Betzl Trio besinnt sich auf den Jazz\",\"datePublished\":\"2023-02-10T11:03:19+00:00\",\"mainEntityOfPage\":{\"@id\":\"https:\\\/\\\/www.jazzzeitung.de\\\/cms\\\/2023\\\/02\\\/album-abstrakt-leo-betzl-trio-besinnt-sich-auf-den-jazz\\\/\"},\"wordCount\":377,\"commentCount\":0,\"publisher\":{\"@id\":\"https:\\\/\\\/www.jazzzeitung.de\\\/cms\\\/#organization\"},\"image\":{\"@id\":\"https:\\\/\\\/www.jazzzeitung.de\\\/cms\\\/2023\\\/02\\\/album-abstrakt-leo-betzl-trio-besinnt-sich-auf-den-jazz\\\/#primaryimage\"},\"thumbnailUrl\":\"https:\\\/\\\/i0.wp.com\\\/www.jazzzeitung.de\\\/cms\\\/wp-content\\\/uploads\\\/2023\\\/02\\\/0767522783322.jpg?fit=600%2C539&ssl=1\",\"keywords\":[\"Abstrakt\",\"Album\",\"Band\",\"Bassist\",\"Bayerischer Rundfunk\",\"Jazz\",\"Klaviertrio\",\"Klaviertrio-Alben\",\"LBT\",\"Leo Betzl\",\"Leo Betzl Trio\",\"Maximilian Hirning\",\"Schlagzeug\",\"Schlagzeuger\",\"Sebastian Wolfgruber\",\"Techno\",\"trio\"],\"articleSection\":[\"Rezension\"],\"inLanguage\":\"de\",\"potentialAction\":[{\"@type\":\"CommentAction\",\"name\":\"Comment\",\"target\":[\"https:\\\/\\\/www.jazzzeitung.de\\\/cms\\\/2023\\\/02\\\/album-abstrakt-leo-betzl-trio-besinnt-sich-auf-den-jazz\\\/#respond\"]}]},{\"@type\":\"WebPage\",\"@id\":\"https:\\\/\\\/www.jazzzeitung.de\\\/cms\\\/2023\\\/02\\\/album-abstrakt-leo-betzl-trio-besinnt-sich-auf-den-jazz\\\/\",\"url\":\"https:\\\/\\\/www.jazzzeitung.de\\\/cms\\\/2023\\\/02\\\/album-abstrakt-leo-betzl-trio-besinnt-sich-auf-den-jazz\\\/\",\"name\":\"Album \u201eABSTRAKT\u201c - Leo Betzl Trio besinnt sich auf den Jazz - JazzZeitung\",\"isPartOf\":{\"@id\":\"https:\\\/\\\/www.jazzzeitung.de\\\/cms\\\/#website\"},\"primaryImageOfPage\":{\"@id\":\"https:\\\/\\\/www.jazzzeitung.de\\\/cms\\\/2023\\\/02\\\/album-abstrakt-leo-betzl-trio-besinnt-sich-auf-den-jazz\\\/#primaryimage\"},\"image\":{\"@id\":\"https:\\\/\\\/www.jazzzeitung.de\\\/cms\\\/2023\\\/02\\\/album-abstrakt-leo-betzl-trio-besinnt-sich-auf-den-jazz\\\/#primaryimage\"},\"thumbnailUrl\":\"https:\\\/\\\/i0.wp.com\\\/www.jazzzeitung.de\\\/cms\\\/wp-content\\\/uploads\\\/2023\\\/02\\\/0767522783322.jpg?fit=600%2C539&ssl=1\",\"datePublished\":\"2023-02-10T11:03:19+00:00\",\"breadcrumb\":{\"@id\":\"https:\\\/\\\/www.jazzzeitung.de\\\/cms\\\/2023\\\/02\\\/album-abstrakt-leo-betzl-trio-besinnt-sich-auf-den-jazz\\\/#breadcrumb\"},\"inLanguage\":\"de\",\"potentialAction\":[{\"@type\":\"ReadAction\",\"target\":[\"https:\\\/\\\/www.jazzzeitung.de\\\/cms\\\/2023\\\/02\\\/album-abstrakt-leo-betzl-trio-besinnt-sich-auf-den-jazz\\\/\"]}]},{\"@type\":\"ImageObject\",\"inLanguage\":\"de\",\"@id\":\"https:\\\/\\\/www.jazzzeitung.de\\\/cms\\\/2023\\\/02\\\/album-abstrakt-leo-betzl-trio-besinnt-sich-auf-den-jazz\\\/#primaryimage\",\"url\":\"https:\\\/\\\/i0.wp.com\\\/www.jazzzeitung.de\\\/cms\\\/wp-content\\\/uploads\\\/2023\\\/02\\\/0767522783322.jpg?fit=600%2C539&ssl=1\",\"contentUrl\":\"https:\\\/\\\/i0.wp.com\\\/www.jazzzeitung.de\\\/cms\\\/wp-content\\\/uploads\\\/2023\\\/02\\\/0767522783322.jpg?fit=600%2C539&ssl=1\",\"width\":600,\"height\":539,\"caption\":\"ABSTRAKT \\\/\\\/ LBT \\\/\\\/ enja 2023 Vorderseite\"},{\"@type\":\"BreadcrumbList\",\"@id\":\"https:\\\/\\\/www.jazzzeitung.de\\\/cms\\\/2023\\\/02\\\/album-abstrakt-leo-betzl-trio-besinnt-sich-auf-den-jazz\\\/#breadcrumb\",\"itemListElement\":[{\"@type\":\"ListItem\",\"position\":1,\"name\":\"Startseite\",\"item\":\"https:\\\/\\\/www.jazzzeitung.de\\\/cms\\\/\"},{\"@type\":\"ListItem\",\"position\":2,\"name\":\"Album \u201eABSTRAKT\u201c &#8211; Leo Betzl Trio besinnt sich auf den Jazz\"}]},{\"@type\":\"WebSite\",\"@id\":\"https:\\\/\\\/www.jazzzeitung.de\\\/cms\\\/#website\",\"url\":\"https:\\\/\\\/www.jazzzeitung.de\\\/cms\\\/\",\"name\":\"JazzZeitung\",\"description\":\"Jazz-News und Jazz-Kontroverses\",\"publisher\":{\"@id\":\"https:\\\/\\\/www.jazzzeitung.de\\\/cms\\\/#organization\"},\"potentialAction\":[{\"@type\":\"SearchAction\",\"target\":{\"@type\":\"EntryPoint\",\"urlTemplate\":\"https:\\\/\\\/www.jazzzeitung.de\\\/cms\\\/?s={search_term_string}\"},\"query-input\":{\"@type\":\"PropertyValueSpecification\",\"valueRequired\":true,\"valueName\":\"search_term_string\"}}],\"inLanguage\":\"de\"},{\"@type\":\"Organization\",\"@id\":\"https:\\\/\\\/www.jazzzeitung.de\\\/cms\\\/#organization\",\"name\":\"JazzZeitung online\",\"url\":\"https:\\\/\\\/www.jazzzeitung.de\\\/cms\\\/\",\"logo\":{\"@type\":\"ImageObject\",\"inLanguage\":\"de\",\"@id\":\"https:\\\/\\\/www.jazzzeitung.de\\\/cms\\\/#\\\/schema\\\/logo\\\/image\\\/\",\"url\":\"https:\\\/\\\/i0.wp.com\\\/www.jazzzeitung.de\\\/cms\\\/wp-content\\\/uploads\\\/2015\\\/08\\\/JAZZZEITUNGDE_Logo_Neu.png?fit=499%2C200&ssl=1\",\"contentUrl\":\"https:\\\/\\\/i0.wp.com\\\/www.jazzzeitung.de\\\/cms\\\/wp-content\\\/uploads\\\/2015\\\/08\\\/JAZZZEITUNGDE_Logo_Neu.png?fit=499%2C200&ssl=1\",\"width\":499,\"height\":200,\"caption\":\"JazzZeitung online\"},\"image\":{\"@id\":\"https:\\\/\\\/www.jazzzeitung.de\\\/cms\\\/#\\\/schema\\\/logo\\\/image\\\/\"},\"sameAs\":[\"https:\\\/\\\/www.facebook.com\\\/JazzZeitung\\\/\"]},{\"@type\":\"Person\",\"@id\":\"https:\\\/\\\/www.jazzzeitung.de\\\/cms\\\/#\\\/schema\\\/person\\\/2245b36b9cd1d24cea10f01c031fb92b\",\"name\":\"Redaktion JazzZeitung\",\"image\":{\"@type\":\"ImageObject\",\"inLanguage\":\"de\",\"@id\":\"https:\\\/\\\/i0.wp.com\\\/www.jazzzeitung.de\\\/cms\\\/wp-content\\\/uploads\\\/2015\\\/08\\\/JAZZZEITUNGDE_Logo_Neu.png?resize=96%2C96&ssl=159975dcacb611b5700bd619b5daf0a7a\",\"url\":\"https:\\\/\\\/i0.wp.com\\\/www.jazzzeitung.de\\\/cms\\\/wp-content\\\/uploads\\\/2015\\\/08\\\/JAZZZEITUNGDE_Logo_Neu.png?resize=96%2C96&ssl=1\",\"contentUrl\":\"https:\\\/\\\/i0.wp.com\\\/www.jazzzeitung.de\\\/cms\\\/wp-content\\\/uploads\\\/2015\\\/08\\\/JAZZZEITUNGDE_Logo_Neu.png?resize=96%2C96&ssl=1\",\"caption\":\"Redaktion JazzZeitung\"},\"description\":\"Artikel der Redaktion der JazzZeitung.\",\"sameAs\":[\"http:\\\/\\\/www.jazzzeitung.de\\\/cms\\\/\"],\"url\":\"https:\\\/\\\/www.jazzzeitung.de\\\/cms\\\/author\\\/redaktion\\\/\"}]}<\/script>\n<!-- \/ Yoast SEO plugin. -->","yoast_head_json":{"title":"Album \u201eABSTRAKT\u201c - Leo Betzl Trio besinnt sich auf den Jazz - JazzZeitung","robots":{"index":"index","follow":"follow","max-snippet":"max-snippet:-1","max-image-preview":"max-image-preview:large","max-video-preview":"max-video-preview:-1"},"canonical":"https:\/\/www.jazzzeitung.de\/cms\/2023\/02\/album-abstrakt-leo-betzl-trio-besinnt-sich-auf-den-jazz\/","og_locale":"de_DE","og_type":"article","og_title":"Album \u201eABSTRAKT\u201c - Leo Betzl Trio besinnt sich auf den Jazz - JazzZeitung","og_description":"(von Stefan Pieper) LBT \u2013 hinter diesem K\u00fcrzel verbirgt sich das M\u00fcnchener Leo Betzl Trio \u2013 und die machen seit einigen Jahren mit ihrer rein akustisch gespielten Techno-Fusion m\u00e4chtig Furore. Auf ihren neuen Album \u201eAbstrakt&#8220; zeigen sie sich aber auch als zeitloses Jazz-Pianotrio auf kreativer H\u00f6he. Nach eigenem Bekunden ziehen Leo Betzl (piano), Sebastian Wolfgruber (Schlagzeug) und Maximilian Hirning (Bass) heute eine klarere Trennlinie zwischen ihrem spektakul\u00e4ren Acoustic Techno und ihrer Jazz-Linie. Heraush\u00f6rbar und sp\u00fcrbar bleibt die verbindende gro\u00dfe Sache. Ob Jazz oder Techno, LBT haben ihren typischen, unverkennbaren Sound, hinter dem eine eingeschworene Rollenverteilung in dieser Band steht. Los geht \u201eAbstrakt&#8220; in flie\u00dfendem Puls, wenn das Schlagzeug dezente Klangtupfer wie bei einer Tabla setzt. Aber daraus erwachsen viele Ver\u00e4stelungen und Entwicklungen, die auch mal rockig aufbrausen und immer wieder neu mit ihrem verfeinerten Ideenreichtum verbl\u00fcffen. Bassist Maximilian Hirning tut eben das, was der Rolle des Bassisten idealtypisch entspricht: F\u00fchren und dabei zentriert sein. Vielschichtigkeit als Markenzeichen. Untenrum klare, kraftvolle Muster vorgeben, gleichzeitig und in h\u00f6heren Lagen eine effektvolle Sound-Dramaturgie. Einen Hybrid aus guten Aspekten zu erzeugen, geh\u00f6rt zur Philosophie der M\u00fcnchener Leo Betzls Klavierspiel &hellip;","og_url":"https:\/\/www.jazzzeitung.de\/cms\/2023\/02\/album-abstrakt-leo-betzl-trio-besinnt-sich-auf-den-jazz\/","og_site_name":"JazzZeitung","article_publisher":"https:\/\/www.facebook.com\/JazzZeitung\/","article_published_time":"2023-02-10T11:03:19+00:00","og_image":[{"width":600,"height":539,"url":"https:\/\/www.jazzzeitung.de\/cms\/wp-content\/uploads\/2023\/02\/0767522783322.jpg","type":"image\/jpeg"}],"author":"Redaktion JazzZeitung","schema":{"@context":"https:\/\/schema.org","@graph":[{"@type":"Article","@id":"https:\/\/www.jazzzeitung.de\/cms\/2023\/02\/album-abstrakt-leo-betzl-trio-besinnt-sich-auf-den-jazz\/#article","isPartOf":{"@id":"https:\/\/www.jazzzeitung.de\/cms\/2023\/02\/album-abstrakt-leo-betzl-trio-besinnt-sich-auf-den-jazz\/"},"author":{"name":"Redaktion JazzZeitung","@id":"https:\/\/www.jazzzeitung.de\/cms\/#\/schema\/person\/2245b36b9cd1d24cea10f01c031fb92b"},"headline":"Album \u201eABSTRAKT\u201c &#8211; Leo Betzl Trio besinnt sich auf den Jazz","datePublished":"2023-02-10T11:03:19+00:00","mainEntityOfPage":{"@id":"https:\/\/www.jazzzeitung.de\/cms\/2023\/02\/album-abstrakt-leo-betzl-trio-besinnt-sich-auf-den-jazz\/"},"wordCount":377,"commentCount":0,"publisher":{"@id":"https:\/\/www.jazzzeitung.de\/cms\/#organization"},"image":{"@id":"https:\/\/www.jazzzeitung.de\/cms\/2023\/02\/album-abstrakt-leo-betzl-trio-besinnt-sich-auf-den-jazz\/#primaryimage"},"thumbnailUrl":"https:\/\/i0.wp.com\/www.jazzzeitung.de\/cms\/wp-content\/uploads\/2023\/02\/0767522783322.jpg?fit=600%2C539&ssl=1","keywords":["Abstrakt","Album","Band","Bassist","Bayerischer Rundfunk","Jazz","Klaviertrio","Klaviertrio-Alben","LBT","Leo Betzl","Leo Betzl Trio","Maximilian Hirning","Schlagzeug","Schlagzeuger","Sebastian Wolfgruber","Techno","trio"],"articleSection":["Rezension"],"inLanguage":"de","potentialAction":[{"@type":"CommentAction","name":"Comment","target":["https:\/\/www.jazzzeitung.de\/cms\/2023\/02\/album-abstrakt-leo-betzl-trio-besinnt-sich-auf-den-jazz\/#respond"]}]},{"@type":"WebPage","@id":"https:\/\/www.jazzzeitung.de\/cms\/2023\/02\/album-abstrakt-leo-betzl-trio-besinnt-sich-auf-den-jazz\/","url":"https:\/\/www.jazzzeitung.de\/cms\/2023\/02\/album-abstrakt-leo-betzl-trio-besinnt-sich-auf-den-jazz\/","name":"Album \u201eABSTRAKT\u201c - Leo Betzl Trio besinnt sich auf den Jazz - JazzZeitung","isPartOf":{"@id":"https:\/\/www.jazzzeitung.de\/cms\/#website"},"primaryImageOfPage":{"@id":"https:\/\/www.jazzzeitung.de\/cms\/2023\/02\/album-abstrakt-leo-betzl-trio-besinnt-sich-auf-den-jazz\/#primaryimage"},"image":{"@id":"https:\/\/www.jazzzeitung.de\/cms\/2023\/02\/album-abstrakt-leo-betzl-trio-besinnt-sich-auf-den-jazz\/#primaryimage"},"thumbnailUrl":"https:\/\/i0.wp.com\/www.jazzzeitung.de\/cms\/wp-content\/uploads\/2023\/02\/0767522783322.jpg?fit=600%2C539&ssl=1","datePublished":"2023-02-10T11:03:19+00:00","breadcrumb":{"@id":"https:\/\/www.jazzzeitung.de\/cms\/2023\/02\/album-abstrakt-leo-betzl-trio-besinnt-sich-auf-den-jazz\/#breadcrumb"},"inLanguage":"de","potentialAction":[{"@type":"ReadAction","target":["https:\/\/www.jazzzeitung.de\/cms\/2023\/02\/album-abstrakt-leo-betzl-trio-besinnt-sich-auf-den-jazz\/"]}]},{"@type":"ImageObject","inLanguage":"de","@id":"https:\/\/www.jazzzeitung.de\/cms\/2023\/02\/album-abstrakt-leo-betzl-trio-besinnt-sich-auf-den-jazz\/#primaryimage","url":"https:\/\/i0.wp.com\/www.jazzzeitung.de\/cms\/wp-content\/uploads\/2023\/02\/0767522783322.jpg?fit=600%2C539&ssl=1","contentUrl":"https:\/\/i0.wp.com\/www.jazzzeitung.de\/cms\/wp-content\/uploads\/2023\/02\/0767522783322.jpg?fit=600%2C539&ssl=1","width":600,"height":539,"caption":"ABSTRAKT \/\/ LBT \/\/ enja 2023 Vorderseite"},{"@type":"BreadcrumbList","@id":"https:\/\/www.jazzzeitung.de\/cms\/2023\/02\/album-abstrakt-leo-betzl-trio-besinnt-sich-auf-den-jazz\/#breadcrumb","itemListElement":[{"@type":"ListItem","position":1,"name":"Startseite","item":"https:\/\/www.jazzzeitung.de\/cms\/"},{"@type":"ListItem","position":2,"name":"Album \u201eABSTRAKT\u201c &#8211; Leo Betzl Trio besinnt sich auf den Jazz"}]},{"@type":"WebSite","@id":"https:\/\/www.jazzzeitung.de\/cms\/#website","url":"https:\/\/www.jazzzeitung.de\/cms\/","name":"JazzZeitung","description":"Jazz-News und Jazz-Kontroverses","publisher":{"@id":"https:\/\/www.jazzzeitung.de\/cms\/#organization"},"potentialAction":[{"@type":"SearchAction","target":{"@type":"EntryPoint","urlTemplate":"https:\/\/www.jazzzeitung.de\/cms\/?s={search_term_string}"},"query-input":{"@type":"PropertyValueSpecification","valueRequired":true,"valueName":"search_term_string"}}],"inLanguage":"de"},{"@type":"Organization","@id":"https:\/\/www.jazzzeitung.de\/cms\/#organization","name":"JazzZeitung online","url":"https:\/\/www.jazzzeitung.de\/cms\/","logo":{"@type":"ImageObject","inLanguage":"de","@id":"https:\/\/www.jazzzeitung.de\/cms\/#\/schema\/logo\/image\/","url":"https:\/\/i0.wp.com\/www.jazzzeitung.de\/cms\/wp-content\/uploads\/2015\/08\/JAZZZEITUNGDE_Logo_Neu.png?fit=499%2C200&ssl=1","contentUrl":"https:\/\/i0.wp.com\/www.jazzzeitung.de\/cms\/wp-content\/uploads\/2015\/08\/JAZZZEITUNGDE_Logo_Neu.png?fit=499%2C200&ssl=1","width":499,"height":200,"caption":"JazzZeitung online"},"image":{"@id":"https:\/\/www.jazzzeitung.de\/cms\/#\/schema\/logo\/image\/"},"sameAs":["https:\/\/www.facebook.com\/JazzZeitung\/"]},{"@type":"Person","@id":"https:\/\/www.jazzzeitung.de\/cms\/#\/schema\/person\/2245b36b9cd1d24cea10f01c031fb92b","name":"Redaktion JazzZeitung","image":{"@type":"ImageObject","inLanguage":"de","@id":"https:\/\/i0.wp.com\/www.jazzzeitung.de\/cms\/wp-content\/uploads\/2015\/08\/JAZZZEITUNGDE_Logo_Neu.png?resize=96%2C96&ssl=159975dcacb611b5700bd619b5daf0a7a","url":"https:\/\/i0.wp.com\/www.jazzzeitung.de\/cms\/wp-content\/uploads\/2015\/08\/JAZZZEITUNGDE_Logo_Neu.png?resize=96%2C96&ssl=1","contentUrl":"https:\/\/i0.wp.com\/www.jazzzeitung.de\/cms\/wp-content\/uploads\/2015\/08\/JAZZZEITUNGDE_Logo_Neu.png?resize=96%2C96&ssl=1","caption":"Redaktion JazzZeitung"},"description":"Artikel der Redaktion der JazzZeitung.","sameAs":["http:\/\/www.jazzzeitung.de\/cms\/"],"url":"https:\/\/www.jazzzeitung.de\/cms\/author\/redaktion\/"}]}},"wp-worthy-pixel":{"ignored":false,"public":null,"server":null,"url":null},"wp-worthy-type":"normal","jetpack_publicize_connections":[],"cc_featured_image_caption":{"caption_text":"","source_text":"","source_url":""},"jetpack_featured_media_url":"https:\/\/i0.wp.com\/www.jazzzeitung.de\/cms\/wp-content\/uploads\/2023\/02\/0767522783322.jpg?fit=600%2C539&ssl=1","jetpack_shortlink":"https:\/\/wp.me\/p3KEcT-7z3","jetpack-related-posts":[{"id":21929,"url":"https:\/\/www.jazzzeitung.de\/cms\/2020\/02\/die-neue-lbt-doppel-cd-stereo\/","url_meta":{"origin":29081,"position":0},"title":"Die neue LBT Doppel-CD: Stereo","author":"Thomas J. Krebs","date":"17. Februar 2020","format":false,"excerpt":"LBT - was verbirgt sich hinter diesen Buchstaben? Eigentlich nichts anderes als ein Trio mit Klavier, Kontrabass und Schlagzeug. Aber nur auf den ersten Blick! Inhaltlich gehen die Drei komplett neue Wege. Leo Betzl am Piano, Sebastian Wolfgruber an den drums und der Bassist Maximilian Hirning brechen auf zu neuen\u2026","rel":"","context":"In &quot;Rezension&quot;","block_context":{"text":"Rezension","link":"https:\/\/www.jazzzeitung.de\/cms\/thema\/rezension\/"},"img":{"alt_text":"","src":"https:\/\/i0.wp.com\/www.jazzzeitung.de\/cms\/wp-content\/uploads\/2020\/02\/P1683978-LBT-pre-release-Foto-TJ-Krebs.jpg?fit=1200%2C671&ssl=1&resize=350%2C200","width":350,"height":200,"srcset":"https:\/\/i0.wp.com\/www.jazzzeitung.de\/cms\/wp-content\/uploads\/2020\/02\/P1683978-LBT-pre-release-Foto-TJ-Krebs.jpg?fit=1200%2C671&ssl=1&resize=350%2C200 1x, https:\/\/i0.wp.com\/www.jazzzeitung.de\/cms\/wp-content\/uploads\/2020\/02\/P1683978-LBT-pre-release-Foto-TJ-Krebs.jpg?fit=1200%2C671&ssl=1&resize=525%2C300 1.5x, https:\/\/i0.wp.com\/www.jazzzeitung.de\/cms\/wp-content\/uploads\/2020\/02\/P1683978-LBT-pre-release-Foto-TJ-Krebs.jpg?fit=1200%2C671&ssl=1&resize=700%2C400 2x, https:\/\/i0.wp.com\/www.jazzzeitung.de\/cms\/wp-content\/uploads\/2020\/02\/P1683978-LBT-pre-release-Foto-TJ-Krebs.jpg?fit=1200%2C671&ssl=1&resize=1050%2C600 3x"},"classes":[]},{"id":21391,"url":"https:\/\/www.jazzzeitung.de\/cms\/2019\/12\/das-gespuer-fuer-den-richtigen-moment-leo-betzls-klaviertrio-erobert-den-techno\/","url_meta":{"origin":29081,"position":1},"title":"Das Gesp\u00fcr f\u00fcr den richtigen Moment: Leo Betzls Klaviertrio erobert den Techno","author":"Redaktion JazzZeitung","date":"4. Dezember 2019","format":false,"excerpt":"Text und Fotos von Stefan Pieper. Erst war es f\u00fcr das M\u00fcnchener Leo-Betzl-Trio nur ein Experiment, mal eine \u201eTechno-Nummer\u201c ins Programm zu nehmen. Mittlerweile ist ein ganzes Abendprogramm und eine ganze CD daraus hervorgegangen. Und was im Januar beim Jazzfestival M\u00fcnster noch etwas kammermusikalisch- verhalten vonstatten ging, entfesselt ein knappes\u2026","rel":"","context":"In &quot;Bericht&quot;","block_context":{"text":"Bericht","link":"https:\/\/www.jazzzeitung.de\/cms\/thema\/bericht\/"},"img":{"alt_text":"","src":"https:\/\/i0.wp.com\/www.jazzzeitung.de\/cms\/wp-content\/uploads\/2019\/12\/DSC02259-scaled.jpg?fit=1094%2C1200&ssl=1&resize=350%2C200","width":350,"height":200,"srcset":"https:\/\/i0.wp.com\/www.jazzzeitung.de\/cms\/wp-content\/uploads\/2019\/12\/DSC02259-scaled.jpg?fit=1094%2C1200&ssl=1&resize=350%2C200 1x, https:\/\/i0.wp.com\/www.jazzzeitung.de\/cms\/wp-content\/uploads\/2019\/12\/DSC02259-scaled.jpg?fit=1094%2C1200&ssl=1&resize=525%2C300 1.5x, https:\/\/i0.wp.com\/www.jazzzeitung.de\/cms\/wp-content\/uploads\/2019\/12\/DSC02259-scaled.jpg?fit=1094%2C1200&ssl=1&resize=700%2C400 2x, https:\/\/i0.wp.com\/www.jazzzeitung.de\/cms\/wp-content\/uploads\/2019\/12\/DSC02259-scaled.jpg?fit=1094%2C1200&ssl=1&resize=1050%2C600 3x"},"classes":[]},{"id":16326,"url":"https:\/\/www.jazzzeitung.de\/cms\/2018\/06\/bmw-welt-jazz-award-2018-geht-an-das-leo-betzl-trio\/","url_meta":{"origin":29081,"position":2},"title":"Die Kunst der Improvisation gewinnt: Der BMW Welt Jazz Award 2018 geht an das Leo Betzl Trio","author":"Redaktion JazzZeitung","date":"11. Juni 2018","format":false,"excerpt":"\u00a0 Der zehnte BMW Welt Jazz Award fand nach einem au\u00dfergew\u00f6hnlichen Abschlusskonzert seinen Sieger: Das Trio LBT, bestehend aus Pianist Leo Betzl, Schlagzeuger Sebastian Wolfgruber und Bassist Maximilian Hirning setzte sich am Samstagabend gegen das Duo BartolomeyBittmann - progressive strings vienna durch. Den Hauptpreis \u00fcberreichte Nicolas Peter, Mitglied des Vorstands\u2026","rel":"","context":"In &quot;News&quot;","block_context":{"text":"News","link":"https:\/\/www.jazzzeitung.de\/cms\/thema\/nachrichten\/"},"img":{"alt_text":"","src":"https:\/\/i0.wp.com\/www.jazzzeitung.de\/cms\/wp-content\/uploads\/2018\/06\/0K3A1544-Award-und-LBT-dombr.jpg?fit=1200%2C800&ssl=1&resize=350%2C200","width":350,"height":200,"srcset":"https:\/\/i0.wp.com\/www.jazzzeitung.de\/cms\/wp-content\/uploads\/2018\/06\/0K3A1544-Award-und-LBT-dombr.jpg?fit=1200%2C800&ssl=1&resize=350%2C200 1x, https:\/\/i0.wp.com\/www.jazzzeitung.de\/cms\/wp-content\/uploads\/2018\/06\/0K3A1544-Award-und-LBT-dombr.jpg?fit=1200%2C800&ssl=1&resize=525%2C300 1.5x, https:\/\/i0.wp.com\/www.jazzzeitung.de\/cms\/wp-content\/uploads\/2018\/06\/0K3A1544-Award-und-LBT-dombr.jpg?fit=1200%2C800&ssl=1&resize=700%2C400 2x, https:\/\/i0.wp.com\/www.jazzzeitung.de\/cms\/wp-content\/uploads\/2018\/06\/0K3A1544-Award-und-LBT-dombr.jpg?fit=1200%2C800&ssl=1&resize=1050%2C600 3x"},"classes":[]},{"id":15908,"url":"https:\/\/www.jazzzeitung.de\/cms\/2018\/05\/die-finalisten-des-bmw-welt-jazz-award-2018-stehen-fest\/","url_meta":{"origin":29081,"position":3},"title":"BMW Welt Jazz Award: BartolomeyBittmann vs. LBT","author":"Redaktion JazzZeitung","date":"4. Mai 2018","format":false,"excerpt":"Die Finalisten des BMW Welt Jazz Award 2018 stehen fest Zum Finale des BMW Welt Jazz Awards, der in diesem Jahr sein zehnj\u00e4hriges Bestehen feiert, pr\u00e4sentieren sich LBT und BartolomeyBittmann progressive strings vienna im Auditorium der BMW Welt. Das Motto in diesem Jahr lautet \u201eJazz moves\u201c und so wird es\u2026","rel":"","context":"In &quot;News&quot;","block_context":{"text":"News","link":"https:\/\/www.jazzzeitung.de\/cms\/thema\/nachrichten\/"},"img":{"alt_text":"","src":"https:\/\/i0.wp.com\/www.jazzzeitung.de\/cms\/wp-content\/uploads\/2018\/04\/Beasdy-Belle-mit-ihrem-Sextett-im-Doppelkegel-Foto-TJ-Krebs-jazzphotoagency%40web.de_.jpg?fit=1200%2C800&ssl=1&resize=350%2C200","width":350,"height":200,"srcset":"https:\/\/i0.wp.com\/www.jazzzeitung.de\/cms\/wp-content\/uploads\/2018\/04\/Beasdy-Belle-mit-ihrem-Sextett-im-Doppelkegel-Foto-TJ-Krebs-jazzphotoagency%40web.de_.jpg?fit=1200%2C800&ssl=1&resize=350%2C200 1x, https:\/\/i0.wp.com\/www.jazzzeitung.de\/cms\/wp-content\/uploads\/2018\/04\/Beasdy-Belle-mit-ihrem-Sextett-im-Doppelkegel-Foto-TJ-Krebs-jazzphotoagency%40web.de_.jpg?fit=1200%2C800&ssl=1&resize=525%2C300 1.5x, https:\/\/i0.wp.com\/www.jazzzeitung.de\/cms\/wp-content\/uploads\/2018\/04\/Beasdy-Belle-mit-ihrem-Sextett-im-Doppelkegel-Foto-TJ-Krebs-jazzphotoagency%40web.de_.jpg?fit=1200%2C800&ssl=1&resize=700%2C400 2x, https:\/\/i0.wp.com\/www.jazzzeitung.de\/cms\/wp-content\/uploads\/2018\/04\/Beasdy-Belle-mit-ihrem-Sextett-im-Doppelkegel-Foto-TJ-Krebs-jazzphotoagency%40web.de_.jpg?fit=1200%2C800&ssl=1&resize=1050%2C600 3x"},"classes":[]},{"id":12876,"url":"https:\/\/www.jazzzeitung.de\/cms\/2017\/07\/leo-betzl-absolvierte-seine-master-abschlusspruefung-in-der-unterfahrt\/","url_meta":{"origin":29081,"position":4},"title":"Leo Betzl absolvierte seine Master-Abschlusspr\u00fcfung in der Unterfahrt","author":"Redaktion JazzZeitung","date":"5. Juli 2017","format":"gallery","excerpt":"Nicht einfach nur ein Konzert mit dem Leo Betzl Trio - an diesem Abend ging es um die Wurst: f\u00fcr Leo Betzl, der an diesem Abend im ersten Set seine Master-Abschlusspr\u00fcfung an der Hochschule f\u00fcr Musik und Theater M\u00fcnchen bestritt und f\u00fcr Maximilian Hirning, der im zweiten Set seine Master-Zwischenpr\u00fcfung\u2026","rel":"","context":"In &quot;Bericht&quot;","block_context":{"text":"Bericht","link":"https:\/\/www.jazzzeitung.de\/cms\/thema\/bericht\/"},"img":{"alt_text":"","src":"https:\/\/i0.wp.com\/www.jazzzeitung.de\/cms\/wp-content\/uploads\/2017\/07\/P1430677-Betzl-Foto-TJ-Krebs-e1499255215481.jpg?fit=1191%2C1066&ssl=1&resize=350%2C200","width":350,"height":200,"srcset":"https:\/\/i0.wp.com\/www.jazzzeitung.de\/cms\/wp-content\/uploads\/2017\/07\/P1430677-Betzl-Foto-TJ-Krebs-e1499255215481.jpg?fit=1191%2C1066&ssl=1&resize=350%2C200 1x, https:\/\/i0.wp.com\/www.jazzzeitung.de\/cms\/wp-content\/uploads\/2017\/07\/P1430677-Betzl-Foto-TJ-Krebs-e1499255215481.jpg?fit=1191%2C1066&ssl=1&resize=525%2C300 1.5x, https:\/\/i0.wp.com\/www.jazzzeitung.de\/cms\/wp-content\/uploads\/2017\/07\/P1430677-Betzl-Foto-TJ-Krebs-e1499255215481.jpg?fit=1191%2C1066&ssl=1&resize=700%2C400 2x, https:\/\/i0.wp.com\/www.jazzzeitung.de\/cms\/wp-content\/uploads\/2017\/07\/P1430677-Betzl-Foto-TJ-Krebs-e1499255215481.jpg?fit=1191%2C1066&ssl=1&resize=1050%2C600 3x"},"classes":[]},{"id":14972,"url":"https:\/\/www.jazzzeitung.de\/cms\/2018\/02\/auftakt-des-bmw-welt-jazz-award-2018-jazz-moves-interpretiert-von-lbt-und-dem-jukka-eskola-soul-trio\/","url_meta":{"origin":29081,"position":5},"title":"Fotos aus zehn Jahre BMW Welt Jazz Award. Das Motto der zehnten Ausgabe hei\u00dft: \u201eJazz moves\u201c","author":"Redaktion JazzZeitung","date":"1. Februar 2018","format":false,"excerpt":"Der BMW Welt Jazz Award feiert sein zehnj\u00e4hriges Jubil\u00e4um. Ssirus W. Pakzad hat als Musikkritiker den Wettbewerb zehn Jahr lang leidenschaftlich und mit Kennerschaft\u00a0 begleitet und in seiner Rolle als Fotograf viele musikalische Momente festgehalten. Hier eine Galerie mit einer kleinen Auswahl seiner Arbeiten aus dem Doppelkegel der BMW Welt\u2026","rel":"","context":"In &quot;News&quot;","block_context":{"text":"News","link":"https:\/\/www.jazzzeitung.de\/cms\/thema\/nachrichten\/"},"img":{"alt_text":"","src":"https:\/\/i0.wp.com\/www.jazzzeitung.de\/cms\/wp-content\/uploads\/2018\/02\/nru.jpg?fit=1200%2C823&ssl=1&resize=350%2C200","width":350,"height":200,"srcset":"https:\/\/i0.wp.com\/www.jazzzeitung.de\/cms\/wp-content\/uploads\/2018\/02\/nru.jpg?fit=1200%2C823&ssl=1&resize=350%2C200 1x, https:\/\/i0.wp.com\/www.jazzzeitung.de\/cms\/wp-content\/uploads\/2018\/02\/nru.jpg?fit=1200%2C823&ssl=1&resize=525%2C300 1.5x, https:\/\/i0.wp.com\/www.jazzzeitung.de\/cms\/wp-content\/uploads\/2018\/02\/nru.jpg?fit=1200%2C823&ssl=1&resize=700%2C400 2x, https:\/\/i0.wp.com\/www.jazzzeitung.de\/cms\/wp-content\/uploads\/2018\/02\/nru.jpg?fit=1200%2C823&ssl=1&resize=1050%2C600 3x"},"classes":[]}],"jetpack_sharing_enabled":true,"_links":{"self":[{"href":"https:\/\/www.jazzzeitung.de\/cms\/wp-json\/wp\/v2\/posts\/29081","targetHints":{"allow":["GET"]}}],"collection":[{"href":"https:\/\/www.jazzzeitung.de\/cms\/wp-json\/wp\/v2\/posts"}],"about":[{"href":"https:\/\/www.jazzzeitung.de\/cms\/wp-json\/wp\/v2\/types\/post"}],"author":[{"embeddable":true,"href":"https:\/\/www.jazzzeitung.de\/cms\/wp-json\/wp\/v2\/users\/18"}],"replies":[{"embeddable":true,"href":"https:\/\/www.jazzzeitung.de\/cms\/wp-json\/wp\/v2\/comments?post=29081"}],"version-history":[{"count":6,"href":"https:\/\/www.jazzzeitung.de\/cms\/wp-json\/wp\/v2\/posts\/29081\/revisions"}],"predecessor-version":[{"id":29116,"href":"https:\/\/www.jazzzeitung.de\/cms\/wp-json\/wp\/v2\/posts\/29081\/revisions\/29116"}],"wp:featuredmedia":[{"embeddable":true,"href":"https:\/\/www.jazzzeitung.de\/cms\/wp-json\/wp\/v2\/media\/29085"}],"wp:attachment":[{"href":"https:\/\/www.jazzzeitung.de\/cms\/wp-json\/wp\/v2\/media?parent=29081"}],"wp:term":[{"taxonomy":"category","embeddable":true,"href":"https:\/\/www.jazzzeitung.de\/cms\/wp-json\/wp\/v2\/categories?post=29081"},{"taxonomy":"post_tag","embeddable":true,"href":"https:\/\/www.jazzzeitung.de\/cms\/wp-json\/wp\/v2\/tags?post=29081"},{"taxonomy":"author","embeddable":true,"href":"https:\/\/www.jazzzeitung.de\/cms\/wp-json\/wp\/v2\/coauthors?post=29081"}],"curies":[{"name":"wp","href":"https:\/\/api.w.org\/{rel}","templated":true}]}}