{"id":28995,"date":"2023-01-28T07:10:50","date_gmt":"2023-01-28T06:10:50","guid":{"rendered":"https:\/\/www.jazzzeitung.de\/cms\/?p=28995"},"modified":"2023-01-27T13:47:02","modified_gmt":"2023-01-27T12:47:02","slug":"steve-turry-german-jazz-trophy_jugend-jazzt-hamburg_kmja-ft-brasilien","status":"publish","type":"post","link":"https:\/\/www.jazzzeitung.de\/cms\/2023\/01\/steve-turry-german-jazz-trophy_jugend-jazzt-hamburg_kmja-ft-brasilien\/","title":{"rendered":"News: +++ German Jazz Trophy 2023 geht Steve Turr\u00e9 +++ Hamburger &#8222;Jugend jazzt&#8220;-Preistr\u00e4ger spielen mit NDR Big Band +++ Jazz-Institut M\u00fcnchen featured Brasilien +++"},"content":{"rendered":"<h4><strong>+++ German Jazz Trophy 2023 geht an Steve Turr\u00e9 +++<\/strong><\/h4>\n<p>Unter dem Motto \u201eA Life for Jazz\u201c zeichnet die <strong>German Jazz Trophy<\/strong> seit 2001 j\u00e4hrlich Musiker*innen aus, die durch ihr Lebenswerk dem Jazz neue Impulse gegeben und seinen Stellenwert gef\u00f6rdert haben. 2023 wird das Lebenswerk von Posaunist (und Muschelspieler) Steve Turr\u00e9 mit der German Jazz Trophy geehrt.<\/p>\n<p><strong>Steve Turr\u00e9 <\/strong>hat mit Ray Charles gespielt und ist durch die Schule von Art Blakeys \u201eJazz Messengers\u201c gegangen, er war Ensemblemitglied von Lester Bowies Projektband \u201eBrass Fantasy\u201c, Mitglied und Arrangeur bei Slide Hamptons \u201eWorld of Trombones\u201c und hat mit vielen Gr\u00f6\u00dfen des Jazz und der Latin Music gearbeitet. Im Schatten dieser \u201e\u00dcberv\u00e4ter\u201c stehe er aber nicht, so die Jury in ihrer Begr\u00fcndung. Unter seiner \u00fcber Jahre gehaltenen hohen Produktivit\u00e4t steche ein Projekt besonders hervor: seine j\u00fcngste Band <strong>\u201eGenerations\u201c<\/strong> \u2013 eine Art gelebtes Mehrgenerationen-Jazzprojekt, mit dem Turr\u00e9 nicht nur Jazzgeschichte rekapituliert, sondern diese auch gemeinsam mit den Gr\u00f6\u00dfen und dem Nachwuchs der Szene auf die B\u00fchne bringt.<\/p>\n<h5>Posaunen- und Muschelvirtuose<\/h5>\n<p>Alleinstellungsmerkmal seiner Konzerte sind die wundersamen Instrumente, die er stets in einem roten Koffer auf die B\u00fchne tr\u00e4gt.<\/p>\n<figure id=\"attachment_28998\" aria-describedby=\"caption-attachment-28998\" style=\"width: 620px\" class=\"wp-caption aligncenter\"><img data-recalc-dims=\"1\" loading=\"lazy\" decoding=\"async\" data-attachment-id=\"28998\" data-permalink=\"https:\/\/www.jazzzeitung.de\/cms\/2023\/01\/steve-turry-german-jazz-trophy_jugend-jazzt-hamburg_kmja-ft-brasilien\/p2169479-turre-foto-tj-krebs\/\" data-orig-file=\"https:\/\/i0.wp.com\/www.jazzzeitung.de\/cms\/wp-content\/uploads\/2023\/01\/P2169479-Turre-Foto-TJ-Krebs.jpg?fit=1200%2C800&amp;ssl=1\" data-orig-size=\"1200,800\" data-comments-opened=\"1\" data-image-meta=\"{&quot;aperture&quot;:&quot;0&quot;,&quot;credit&quot;:&quot;&quot;,&quot;camera&quot;:&quot;&quot;,&quot;caption&quot;:&quot;&quot;,&quot;created_timestamp&quot;:&quot;0&quot;,&quot;copyright&quot;:&quot;&quot;,&quot;focal_length&quot;:&quot;0&quot;,&quot;iso&quot;:&quot;0&quot;,&quot;shutter_speed&quot;:&quot;0&quot;,&quot;title&quot;:&quot;&quot;,&quot;orientation&quot;:&quot;0&quot;}\" data-image-title=\"P2169479 Turre &amp;#8211; Foto TJ Krebs\" data-image-description=\"\" data-image-caption=\"&lt;p&gt;Steve Turr\u00e9 ist Jazzposaunist und Muschelvirtuose mit herausragendem Lebenswerk. Foto: TJ Krebs&lt;\/p&gt;\n\" data-large-file=\"https:\/\/i0.wp.com\/www.jazzzeitung.de\/cms\/wp-content\/uploads\/2023\/01\/P2169479-Turre-Foto-TJ-Krebs.jpg?fit=840%2C560&amp;ssl=1\" class=\"wp-image-28998\" src=\"https:\/\/i0.wp.com\/www.jazzzeitung.de\/cms\/wp-content\/uploads\/2023\/01\/P2169479-Turre-Foto-TJ-Krebs.jpg?resize=620%2C413&#038;ssl=1\" alt=\"Preistr\u00e4ger der German Jazz Trophy 2023: Steve Turr\u00e9\" width=\"620\" height=\"413\" srcset=\"https:\/\/i0.wp.com\/www.jazzzeitung.de\/cms\/wp-content\/uploads\/2023\/01\/P2169479-Turre-Foto-TJ-Krebs.jpg?w=1200&amp;ssl=1 1200w, https:\/\/i0.wp.com\/www.jazzzeitung.de\/cms\/wp-content\/uploads\/2023\/01\/P2169479-Turre-Foto-TJ-Krebs.jpg?resize=300%2C200&amp;ssl=1 300w, https:\/\/i0.wp.com\/www.jazzzeitung.de\/cms\/wp-content\/uploads\/2023\/01\/P2169479-Turre-Foto-TJ-Krebs.jpg?resize=900%2C600&amp;ssl=1 900w, https:\/\/i0.wp.com\/www.jazzzeitung.de\/cms\/wp-content\/uploads\/2023\/01\/P2169479-Turre-Foto-TJ-Krebs.jpg?resize=768%2C512&amp;ssl=1 768w, https:\/\/i0.wp.com\/www.jazzzeitung.de\/cms\/wp-content\/uploads\/2023\/01\/P2169479-Turre-Foto-TJ-Krebs.jpg?resize=120%2C80&amp;ssl=1 120w\" sizes=\"auto, (max-width: 620px) 100vw, 620px\" \/><figcaption id=\"caption-attachment-28998\" class=\"wp-caption-text\">Steve Turr\u00e9 ist Jazzposaunist und Muschelvirtuose mit herausragendem Lebenswerk. Foto: TJ Krebs<\/figcaption><\/figure>\n<p>Ssirus W. Pakzad schreibt: \u201eAn den R\u00e4ndern der Ozeane klaubt der Posaunist Steve Turr\u00e9 seit Jahrzehnten Muscheln auf und wandelt sie in imposante Blasinstrumente um. Durch ein Latin- und Blues-gef\u00e4rbtes Repertoire dringen die Muschelkl\u00e4nge direkt in die Seelen der Zuh\u00f6rer vor.\u201c<\/p>\n<p>Der mit 15.000 Euro dotierte Preis wird gemeinsam von der Stiftung Kunst und Kultur der Sparda-Bank Baden-W\u00fcrttemberg in Kooperation mit der neuen musikzeitung und JazzZeitung.de vergeben und bildet immer den Auftakt der Stuttgarter <strong>jazzopen <\/strong>am <strong>13. Juli 2023<\/strong>. Preistr\u00e4ger&#42;innen waren unter anderem bekannte Jazz-Musiker&#42;innen wie Paul Kuhn, DeeDee Bridgewater, Klaus Doldinger, Carla Bley der Wolfgang Dauner.<\/p>\n<p>Weitere Informationen in der nmz Ausgabe 2\/2023 und unter <a href=\"https:\/\/www.jazzopen.com\/programm\/german-jazz-trophy-steve-turre.html\">www.jazzopen.com<\/a> und <a href=\"https:\/\/steveturre.com\/\">steveturre.com<\/a><\/p>\n<h4><strong>+++ \u201eJugend jazzt\u201c-Hamburg: Preistr\u00e4ger\\*innen treten mit NDR Bigband auf +++<\/strong><\/h4>\n<p>Auch 2022 traten Hamburgs jazzbegeisterte jungen Nachwuchstalente zum Wettstreit an. Insgesamt 188 Musiker&#42;innen im Alter von 11 bis 24 Jahren und aus 9 Jazzorchestern konnten sich beim vom Landesmusikrat Hamburg durchgef\u00fchrten Landeswettbewerb \u201eJugend jazzt\u201c im November 2022 messen. Am <strong>1. Februar 2023<\/strong> folgt das Preistr\u00e4gerkonzert \u2013 gemeinsam mit der <strong>NDR Bigband<\/strong>.<\/p>\n<p>An diesem Abend teilen sich die Nachwuchsjazzer&#42;innen und Vollblutprofis die B\u00fchne des <strong>Rolf-Liebermann-Studios<\/strong>. Drei Preistr\u00e4gerbigbands sowie ein Solist pr\u00e4sentieren die Qualit\u00e4t und Vielfalt der Hamburger Nachwuchsszene. Mit dabei sind die Preistr\u00e4ger Bigbands <strong>\u201eThink Big!\u201c<\/strong> (Ltg. S. Kagelmann), die <strong>\u201eSenior Street Band Blankenese\u201c<\/strong> (Ltg. A. Gauri), die <strong>\u201eEarly Birds\u201c<\/strong> (Ltg. P. Muntean). Der Solist und Sonderpreisgewinner Nelio Andersen (Schlagzeug) tritt gemeinsam mit dem Preisspender Ingolf Burhardt und Musiker:innen der NDR Bigband auf.<\/p>\n<p>Der j\u00e4hrliche Landeswettbewerb <strong>\u201eJugend jazzt\u201c<\/strong> richtet sich an junge Musiker&#42;innen im Alter bis 24 Jahre und bildet eine einzigartige Plattform f\u00fcr Nachwuchsjazzer \u2013 egal ob Solist&#42;in oder Mitspieler&#42;in einer Jazzcombo bzw. Bigband. Er stellt den Vorentscheid f\u00fcr die vom Deutschen Musikrat durchgef\u00fchrte Bundesbegegnung dar, auf der die jeweils beste und kreativste Band jedes Bundeslandes sein K\u00f6nnen pr\u00e4sentiert. \u201eThink Big\u201c wird die Hansestadt bei der Bundesbegegnung repr\u00e4sentieren.<\/p>\n<p><a href=\"https:\/\/www.eventim.de\/?evid=16258885&amp;fun=page&amp;pagename=event\">Hier<\/a> gibt es die Tickets zum Preistr\u00e4ger&#42;innen-Konzert.<\/p>\n<h4><strong>+++ Jazz-Preis der M\u00fcnchner Musikhochschule wird um internationales Scholarship erweitert +++<\/strong><\/h4>\n<p>Der<strong> Kurt Maas Jazz Award<\/strong> (KMJA) wird alle zwei Jahre f\u00fcr Studierende des M\u00fcnchner Jazz Instituts der Hochschule f\u00fcr Musik und Theater M\u00fcnchen (HMTM) ausgeschrieben. Der erste Preis des Wettbewerbs ist die Teilnahme an einer Summerschool in Berklee College of Music in Boston. Zuletzt gewann die Pianistin Shuteen Erdenebaatar.<\/p>\n<figure id=\"attachment_27887\" aria-describedby=\"caption-attachment-27887\" style=\"width: 512px\" class=\"wp-caption alignright\"><img data-recalc-dims=\"1\" loading=\"lazy\" decoding=\"async\" data-attachment-id=\"27887\" data-permalink=\"https:\/\/www.jazzzeitung.de\/cms\/2022\/07\/bmw-young-artist-jazz-award-2022-geht-an-shuteen-erdenebaatar-nils-kugelmann-und-moritz-stahl\/hmtm-jazznacht-2020-carl-orff-saal-muenchen-photo-c-ralf-dombrowski\/\" data-orig-file=\"https:\/\/i0.wp.com\/www.jazzzeitung.de\/cms\/wp-content\/uploads\/2022\/07\/P90472357_highRes_bmw-young-artist-jaz-scaled.jpg?fit=2560%2C1706&amp;ssl=1\" data-orig-size=\"2560,1706\" data-comments-opened=\"1\" data-image-meta=\"{&quot;aperture&quot;:&quot;5&quot;,&quot;credit&quot;:&quot;&quot;,&quot;camera&quot;:&quot;ILCE-7M3&quot;,&quot;caption&quot;:&quot;HMTM Jazznacht 2020, Carl-Orff-Saal M\\u00fcnchen, Photo (c) Ralf Dombrowski&quot;,&quot;created_timestamp&quot;:&quot;1594756776&quot;,&quot;copyright&quot;:&quot;&quot;,&quot;focal_length&quot;:&quot;155&quot;,&quot;iso&quot;:&quot;6400&quot;,&quot;shutter_speed&quot;:&quot;0.00625&quot;,&quot;title&quot;:&quot;HMTM Jazznacht 2020, Carl-Orff-Saal M\\u00fcnchen, Photo (c) Ralf Dombrowski&quot;,&quot;orientation&quot;:&quot;0&quot;}\" data-image-title=\"HMTM Jazznacht 2020, Carl-Orff-Saal M\u00fcnchen, Photo (c) Ralf Dombrowski\" data-image-description=\"\" data-image-caption=\"&lt;p&gt;Preistr\u00e4gerin von 2021: Shuteen Erdenebaatar. Foto: Ralf Dombrowski&lt;\/p&gt;\n\" data-large-file=\"https:\/\/i0.wp.com\/www.jazzzeitung.de\/cms\/wp-content\/uploads\/2022\/07\/P90472357_highRes_bmw-young-artist-jaz-scaled.jpg?fit=840%2C560&amp;ssl=1\" class=\"wp-image-27887\" src=\"https:\/\/i0.wp.com\/www.jazzzeitung.de\/cms\/wp-content\/uploads\/2022\/07\/P90472357_highRes_bmw-young-artist-jaz-scaled.jpg?resize=512%2C341&#038;ssl=1\" alt=\"Preistr\u00e4gerin von 2021: Shuteen Erdenebaatar. Foto: Ralf Dombrowski\" width=\"512\" height=\"341\" srcset=\"https:\/\/i0.wp.com\/www.jazzzeitung.de\/cms\/wp-content\/uploads\/2022\/07\/P90472357_highRes_bmw-young-artist-jaz-scaled.jpg?w=2560&amp;ssl=1 2560w, https:\/\/i0.wp.com\/www.jazzzeitung.de\/cms\/wp-content\/uploads\/2022\/07\/P90472357_highRes_bmw-young-artist-jaz-scaled.jpg?resize=300%2C200&amp;ssl=1 300w, https:\/\/i0.wp.com\/www.jazzzeitung.de\/cms\/wp-content\/uploads\/2022\/07\/P90472357_highRes_bmw-young-artist-jaz-scaled.jpg?resize=900%2C600&amp;ssl=1 900w, https:\/\/i0.wp.com\/www.jazzzeitung.de\/cms\/wp-content\/uploads\/2022\/07\/P90472357_highRes_bmw-young-artist-jaz-scaled.jpg?resize=768%2C512&amp;ssl=1 768w, https:\/\/i0.wp.com\/www.jazzzeitung.de\/cms\/wp-content\/uploads\/2022\/07\/P90472357_highRes_bmw-young-artist-jaz-scaled.jpg?resize=1536%2C1024&amp;ssl=1 1536w, https:\/\/i0.wp.com\/www.jazzzeitung.de\/cms\/wp-content\/uploads\/2022\/07\/P90472357_highRes_bmw-young-artist-jaz-scaled.jpg?resize=2048%2C1365&amp;ssl=1 2048w, https:\/\/i0.wp.com\/www.jazzzeitung.de\/cms\/wp-content\/uploads\/2022\/07\/P90472357_highRes_bmw-young-artist-jaz-scaled.jpg?resize=120%2C80&amp;ssl=1 120w, https:\/\/i0.wp.com\/www.jazzzeitung.de\/cms\/wp-content\/uploads\/2022\/07\/P90472357_highRes_bmw-young-artist-jaz-scaled.jpg?resize=1320%2C880&amp;ssl=1 1320w, https:\/\/i0.wp.com\/www.jazzzeitung.de\/cms\/wp-content\/uploads\/2022\/07\/P90472357_highRes_bmw-young-artist-jaz-scaled.jpg?w=1680&amp;ssl=1 1680w\" sizes=\"auto, (max-width: 512px) 100vw, 512px\" \/><figcaption id=\"caption-attachment-27887\" class=\"wp-caption-text\">Preistr\u00e4gerin von 2021: Shuteen Erdenebaatar. Foto: Ralf Dombrowski<\/figcaption><\/figure>\n<p>Zum 10-j\u00e4hrigen Jubil\u00e4um des Kurt Maas Jazz Award wird der Preis erstmals durch ein <strong>Kurt Maas Jazz Scholarship <\/strong>erweitert, \u00fcber die sich das M\u00fcnchner Jazz Institut mit Brasilianischen Institutionen vernetzt. Die Partner-Hochschule Faculdade de M\u00fasica Souza Lima in S\u00e3o Paulo setzt den Fokus auf eine Jazz- und Samba-Ausbildung. Die Musikschule EMESP Tom Jobim in S\u00e3o Paulo ist hingegen ein sozio-kulturelles Projekt, das sich der F\u00f6rderung musikalische Talente aus den verschiedensten Vierteln der Stadt verschrieben hat. Im Rahmen des Kurt Maas Jazz Schorlarship werden erstmals zwei Studierenden aus diesen Partnerinstitutionen zum Preistr\u00e4gerkonzert des Kurt Maas Jazz Award 2023 nach M\u00fcnchen reisen, an Workshops teilnehmen und auftreten. Die Reise von M\u00fcnchner Studierenden nach Brasilien ist f\u00fcr das kommende Studienjahr geplant.<\/p>\n<p>Die <strong>\u00f6ffentlichen Konzerte<\/strong> des Kurt Maas Jazz Award finden 2023 am <strong>8. Februar<\/strong> sowie am <strong>12. Juli <\/strong>(Preistr\u00e4gerkonzert) im <strong>Gasteig HP8<\/strong> statt. Ehrengast zum Preistr\u00e4gerkonzert ist der brasilianische Komponist, Pianist und S\u00e4nger Ivan Lins.<\/p>\n<p>Weitere Informationen zur Veranstaltung unter: <a href=\"https:\/\/www.gasteig.de\/veranstaltungen\/kurt-maas-jazz-award-2023\/\">www.gasteig.de<\/a><\/p>\n<p>Beitragsfoto: TJ Krebs<\/p>\n","protected":false},"excerpt":{"rendered":"<p>+++ German Jazz Trophy 2023 geht an Steve Turr\u00e9 +++ Unter dem Motto \u201eA Life for Jazz\u201c zeichnet die German Jazz Trophy seit 2001 j\u00e4hrlich Musiker*innen aus, die durch ihr Lebenswerk dem Jazz neue Impulse gegeben und seinen Stellenwert gef\u00f6rdert haben. 2023 wird das Lebenswerk von Posaunist (und Muschelspieler) Steve Turr\u00e9 mit der German Jazz Trophy geehrt. Steve Turr\u00e9 hat mit Ray Charles gespielt und ist durch die Schule von Art Blakeys \u201eJazz Messengers\u201c gegangen, er war Ensemblemitglied von Lester Bowies Projektband \u201eBrass Fantasy\u201c, Mitglied und Arrangeur bei Slide Hamptons \u201eWorld of Trombones\u201c und hat mit vielen Gr\u00f6\u00dfen des Jazz und der Latin Music gearbeitet. Im Schatten dieser \u201e\u00dcberv\u00e4ter\u201c stehe er aber nicht, so die Jury in ihrer Begr\u00fcndung. Unter seiner \u00fcber Jahre gehaltenen hohen Produktivit\u00e4t steche ein Projekt besonders hervor: seine j\u00fcngste Band \u201eGenerations\u201c \u2013 eine Art gelebtes Mehrgenerationen-Jazzprojekt, mit dem Turr\u00e9 nicht nur Jazzgeschichte rekapituliert, sondern diese auch gemeinsam mit den Gr\u00f6\u00dfen und dem Nachwuchs der Szene auf die B\u00fchne bringt. Posaunen- und Muschelvirtuose Alleinstellungsmerkmal seiner Konzerte sind die wundersamen Instrumente, die er stets in einem roten Koffer auf die B\u00fchne tr\u00e4gt. Ssirus &hellip;<\/p>\n","protected":false},"author":18,"featured_media":28996,"comment_status":"open","ping_status":"closed","sticky":false,"template":"","format":"standard","meta":{"_jetpack_memberships_contains_paid_content":false,"footnotes":"","jetpack_publicize_message":"","jetpack_publicize_feature_enabled":true,"jetpack_social_post_already_shared":false,"jetpack_social_options":{"image_generator_settings":{"template":"highway","default_image_id":0,"font":"","enabled":false},"version":2}},"categories":[633],"tags":[4241,1816,3482,3914,3901,73,4577,100,1793,4562,137,2237,4575,4574,193,4573,4559,940,215,3862,226,4572,4568,1876,254,4553,4561,4560,1058,1859,2861,10,305,317,323,327,337,4570,4569,3131,4563,981,3767,401,4571,4556,4555,2952,3265,410,1664,701,1502,1170,4557,4564,4576,4209,4558,1089,4554,1860,4567,4565,548,1275,3317,1749,3497,4552,4566],"coauthors":[695],"class_list":["post-28995","post","type-post","status-publish","format-standard","has-post-thumbnail","hentry","category-nachrichten","tag-4241","tag-art-blakey","tag-baden-wuerttemberg","tag-band","tag-berklee","tag-bigband","tag-brasilien","tag-bundesbegegnung","tag-carla-bley","tag-deedee-bridgewater","tag-deutschland","tag-early-birds","tag-emesp-tom-jobim","tag-faculdade-de-musica-souza-lima","tag-gasteig","tag-gasteig-hp8","tag-generations","tag-german-jazz-trophy","tag-hamburg","tag-hmtm","tag-hochschule-fuer-musik-und-theater","tag-hochschule-fuer-musik-und-theater-muenchen","tag-ingolf-burhardt","tag-jazz","tag-jazz-award","tag-jazz-trophy","tag-jazz-preis","tag-jazz-preise","tag-jazzgeschichte","tag-jazzopen","tag-jazzzeitung-de","tag-jubilaeum","tag-jugend-jazzt","tag-klaus-doldinger","tag-konzerte","tag-kultur","tag-kurt-maas","tag-kurt-maas-jazz-award","tag-kurt-maas-jazz-scholarship","tag-landesmusikrat","tag-landeswettbewerb-jugend-jazzt","tag-lebenswerk","tag-lester-bowie","tag-muenchen","tag-muenchner-jazz-instituts","tag-muscheln","tag-muschelspieler","tag-musikerinnen","tag-nachwuchsjazzer","tag-ndr","tag-ndr-bigband","tag-paul-kuhn","tag-preis","tag-preistraeger","tag-ray-charles","tag-rolf-liebermann-studio","tag-sao-paulo","tag-shuteen-erdenebaatar","tag-slide-hampton","tag-ssirus-w-pakzad","tag-steve-turre","tag-stuttgart","tag-sven-kagelmann","tag-think-big","tag-tickets","tag-tj-krebs","tag-tom-jobim","tag-wolfgang-dauner","tag-www-jazzopen-com","tag-a-life-for-jazz","tag-senior-street-band-blankenese"],"yoast_head":"<!-- This site is optimized with the Yoast SEO plugin v27.5 - https:\/\/yoast.com\/product\/yoast-seo-wordpress\/ -->\n<title>News: +++ German Jazz Trophy 2023 geht Steve Turr\u00e9 +++ Hamburger &quot;Jugend jazzt&quot;-Preistr\u00e4ger spielen mit NDR Big Band +++ Jazz-Institut M\u00fcnchen featured Brasilien +++ - JazzZeitung<\/title>\n<meta name=\"robots\" content=\"index, follow, max-snippet:-1, max-image-preview:large, max-video-preview:-1\" \/>\n<link rel=\"canonical\" href=\"https:\/\/www.jazzzeitung.de\/cms\/2023\/01\/steve-turry-german-jazz-trophy_jugend-jazzt-hamburg_kmja-ft-brasilien\/\" \/>\n<meta property=\"og:locale\" content=\"de_DE\" \/>\n<meta property=\"og:type\" content=\"article\" \/>\n<meta property=\"og:title\" content=\"News: +++ German Jazz Trophy 2023 geht Steve Turr\u00e9 +++ Hamburger &quot;Jugend jazzt&quot;-Preistr\u00e4ger spielen mit NDR Big Band +++ Jazz-Institut M\u00fcnchen featured Brasilien +++ - JazzZeitung\" \/>\n<meta property=\"og:description\" content=\"+++ German Jazz Trophy 2023 geht an Steve Turr\u00e9 +++ Unter dem Motto \u201eA Life for Jazz\u201c zeichnet die German Jazz Trophy seit 2001 j\u00e4hrlich Musiker*innen aus, die durch ihr Lebenswerk dem Jazz neue Impulse gegeben und seinen Stellenwert gef\u00f6rdert haben. 2023 wird das Lebenswerk von Posaunist (und Muschelspieler) Steve Turr\u00e9 mit der German Jazz Trophy geehrt. Steve Turr\u00e9 hat mit Ray Charles gespielt und ist durch die Schule von Art Blakeys \u201eJazz Messengers\u201c gegangen, er war Ensemblemitglied von Lester Bowies Projektband \u201eBrass Fantasy\u201c, Mitglied und Arrangeur bei Slide Hamptons \u201eWorld of Trombones\u201c und hat mit vielen Gr\u00f6\u00dfen des Jazz und der Latin Music gearbeitet. Im Schatten dieser \u201e\u00dcberv\u00e4ter\u201c stehe er aber nicht, so die Jury in ihrer Begr\u00fcndung. Unter seiner \u00fcber Jahre gehaltenen hohen Produktivit\u00e4t steche ein Projekt besonders hervor: seine j\u00fcngste Band \u201eGenerations\u201c \u2013 eine Art gelebtes Mehrgenerationen-Jazzprojekt, mit dem Turr\u00e9 nicht nur Jazzgeschichte rekapituliert, sondern diese auch gemeinsam mit den Gr\u00f6\u00dfen und dem Nachwuchs der Szene auf die B\u00fchne bringt. Posaunen- und Muschelvirtuose Alleinstellungsmerkmal seiner Konzerte sind die wundersamen Instrumente, die er stets in einem roten Koffer auf die B\u00fchne tr\u00e4gt. Ssirus &hellip;\" \/>\n<meta property=\"og:url\" content=\"https:\/\/www.jazzzeitung.de\/cms\/2023\/01\/steve-turry-german-jazz-trophy_jugend-jazzt-hamburg_kmja-ft-brasilien\/\" \/>\n<meta property=\"og:site_name\" content=\"JazzZeitung\" \/>\n<meta property=\"article:publisher\" content=\"https:\/\/www.facebook.com\/JazzZeitung\/\" \/>\n<meta property=\"article:published_time\" content=\"2023-01-28T06:10:50+00:00\" \/>\n<meta property=\"og:image\" content=\"https:\/\/i0.wp.com\/www.jazzzeitung.de\/cms\/wp-content\/uploads\/2023\/01\/P2169219-Turre-Foto-TJ-Krebs.jpg?fit=1200%2C800&ssl=1\" \/>\n\t<meta property=\"og:image:width\" content=\"1200\" \/>\n\t<meta property=\"og:image:height\" content=\"800\" \/>\n\t<meta property=\"og:image:type\" content=\"image\/jpeg\" \/>\n<meta name=\"author\" content=\"Redaktion JazzZeitung\" \/>\n<script type=\"application\/ld+json\" class=\"yoast-schema-graph\">{\"@context\":\"https:\\\/\\\/schema.org\",\"@graph\":[{\"@type\":\"Article\",\"@id\":\"https:\\\/\\\/www.jazzzeitung.de\\\/cms\\\/2023\\\/01\\\/steve-turry-german-jazz-trophy_jugend-jazzt-hamburg_kmja-ft-brasilien\\\/#article\",\"isPartOf\":{\"@id\":\"https:\\\/\\\/www.jazzzeitung.de\\\/cms\\\/2023\\\/01\\\/steve-turry-german-jazz-trophy_jugend-jazzt-hamburg_kmja-ft-brasilien\\\/\"},\"author\":{\"name\":\"Redaktion JazzZeitung\",\"@id\":\"https:\\\/\\\/www.jazzzeitung.de\\\/cms\\\/#\\\/schema\\\/person\\\/2245b36b9cd1d24cea10f01c031fb92b\"},\"headline\":\"News: +++ German Jazz Trophy 2023 geht Steve Turr\u00e9 +++ Hamburger &#8222;Jugend jazzt&#8220;-Preistr\u00e4ger spielen mit NDR Big Band +++ Jazz-Institut M\u00fcnchen featured Brasilien +++\",\"datePublished\":\"2023-01-28T06:10:50+00:00\",\"mainEntityOfPage\":{\"@id\":\"https:\\\/\\\/www.jazzzeitung.de\\\/cms\\\/2023\\\/01\\\/steve-turry-german-jazz-trophy_jugend-jazzt-hamburg_kmja-ft-brasilien\\\/\"},\"wordCount\":816,\"commentCount\":0,\"publisher\":{\"@id\":\"https:\\\/\\\/www.jazzzeitung.de\\\/cms\\\/#organization\"},\"image\":{\"@id\":\"https:\\\/\\\/www.jazzzeitung.de\\\/cms\\\/2023\\\/01\\\/steve-turry-german-jazz-trophy_jugend-jazzt-hamburg_kmja-ft-brasilien\\\/#primaryimage\"},\"thumbnailUrl\":\"https:\\\/\\\/i0.wp.com\\\/www.jazzzeitung.de\\\/cms\\\/wp-content\\\/uploads\\\/2023\\\/01\\\/P2169219-Turre-Foto-TJ-Krebs.jpg?fit=1200%2C800&ssl=1\",\"keywords\":[\"2022\",\"Art Blakey\",\"Baden-W\u00fcrttemberg\",\"Band\",\"Berklee\",\"Bigband\",\"Brasilien\",\"Bundesbegegnung\",\"Carla Bley\",\"DeeDee Bridgewater\",\"Deutschland\",\"Early Birds\",\"EMESP Tom Jobim\",\"Faculdade de M\u00fasica Souza Lima\",\"Gasteig\",\"Gasteig HP8\",\"Generations\",\"German Jazz Trophy\",\"Hamburg\",\"HMTM\",\"Hochschule f\u00fcr Musik und Theater\",\"Hochschule f\u00fcr Musik und Theater M\u00fcnchen\",\"Ingolf Burhardt\",\"Jazz\",\"Jazz Award\",\"Jazz Trophy\",\"Jazz-Preis\",\"Jazz-Preise\",\"Jazzgeschichte\",\"Jazzopen\",\"JazzZeitung.de\",\"Jubil\u00e4um\",\"Jugend jazzt\",\"Klaus Doldinger\",\"Konzerte\",\"Kultur\",\"Kurt Maas\",\"Kurt Maas Jazz Award\",\"Kurt Maas Jazz Scholarship\",\"Landesmusikrat\",\"Landeswettbewerb \u201eJugend jazzt\u201c\",\"Lebenswerk\",\"Lester Bowie\",\"M\u00fcnchen\",\"M\u00fcnchner Jazz Instituts\",\"Muscheln\",\"Muschelspieler\",\"Musikerinnen\",\"Nachwuchsjazzer\",\"NDR\",\"NDR Bigband\",\"Paul Kuhn\",\"Preis\",\"Preistr\u00e4ger\",\"Ray Charles\",\"Rolf-Liebermann-Studio\",\"S\u00e3o Paulo\",\"Shuteen Erdenebaatar\",\"Slide Hampton\",\"Ssirus W. Pakzad\",\"Steve Turr\u00e9\",\"Stuttgart\",\"Sven Kagelmann\",\"think big!\",\"Tickets\",\"TJ Krebs\",\"Tom Jobim\",\"Wolfgang Dauner\",\"www.jazzopen.com\",\"\u201eA Life for Jazz\u201c\",\"\u201eSenior Street Band Blankenese\u201c\"],\"articleSection\":[\"News\"],\"inLanguage\":\"de\",\"potentialAction\":[{\"@type\":\"CommentAction\",\"name\":\"Comment\",\"target\":[\"https:\\\/\\\/www.jazzzeitung.de\\\/cms\\\/2023\\\/01\\\/steve-turry-german-jazz-trophy_jugend-jazzt-hamburg_kmja-ft-brasilien\\\/#respond\"]}]},{\"@type\":\"WebPage\",\"@id\":\"https:\\\/\\\/www.jazzzeitung.de\\\/cms\\\/2023\\\/01\\\/steve-turry-german-jazz-trophy_jugend-jazzt-hamburg_kmja-ft-brasilien\\\/\",\"url\":\"https:\\\/\\\/www.jazzzeitung.de\\\/cms\\\/2023\\\/01\\\/steve-turry-german-jazz-trophy_jugend-jazzt-hamburg_kmja-ft-brasilien\\\/\",\"name\":\"News: +++ German Jazz Trophy 2023 geht Steve Turr\u00e9 +++ Hamburger \\\"Jugend jazzt\\\"-Preistr\u00e4ger spielen mit NDR Big Band +++ Jazz-Institut M\u00fcnchen featured Brasilien +++ - JazzZeitung\",\"isPartOf\":{\"@id\":\"https:\\\/\\\/www.jazzzeitung.de\\\/cms\\\/#website\"},\"primaryImageOfPage\":{\"@id\":\"https:\\\/\\\/www.jazzzeitung.de\\\/cms\\\/2023\\\/01\\\/steve-turry-german-jazz-trophy_jugend-jazzt-hamburg_kmja-ft-brasilien\\\/#primaryimage\"},\"image\":{\"@id\":\"https:\\\/\\\/www.jazzzeitung.de\\\/cms\\\/2023\\\/01\\\/steve-turry-german-jazz-trophy_jugend-jazzt-hamburg_kmja-ft-brasilien\\\/#primaryimage\"},\"thumbnailUrl\":\"https:\\\/\\\/i0.wp.com\\\/www.jazzzeitung.de\\\/cms\\\/wp-content\\\/uploads\\\/2023\\\/01\\\/P2169219-Turre-Foto-TJ-Krebs.jpg?fit=1200%2C800&ssl=1\",\"datePublished\":\"2023-01-28T06:10:50+00:00\",\"breadcrumb\":{\"@id\":\"https:\\\/\\\/www.jazzzeitung.de\\\/cms\\\/2023\\\/01\\\/steve-turry-german-jazz-trophy_jugend-jazzt-hamburg_kmja-ft-brasilien\\\/#breadcrumb\"},\"inLanguage\":\"de\",\"potentialAction\":[{\"@type\":\"ReadAction\",\"target\":[\"https:\\\/\\\/www.jazzzeitung.de\\\/cms\\\/2023\\\/01\\\/steve-turry-german-jazz-trophy_jugend-jazzt-hamburg_kmja-ft-brasilien\\\/\"]}]},{\"@type\":\"ImageObject\",\"inLanguage\":\"de\",\"@id\":\"https:\\\/\\\/www.jazzzeitung.de\\\/cms\\\/2023\\\/01\\\/steve-turry-german-jazz-trophy_jugend-jazzt-hamburg_kmja-ft-brasilien\\\/#primaryimage\",\"url\":\"https:\\\/\\\/i0.wp.com\\\/www.jazzzeitung.de\\\/cms\\\/wp-content\\\/uploads\\\/2023\\\/01\\\/P2169219-Turre-Foto-TJ-Krebs.jpg?fit=1200%2C800&ssl=1\",\"contentUrl\":\"https:\\\/\\\/i0.wp.com\\\/www.jazzzeitung.de\\\/cms\\\/wp-content\\\/uploads\\\/2023\\\/01\\\/P2169219-Turre-Foto-TJ-Krebs.jpg?fit=1200%2C800&ssl=1\",\"width\":1200,\"height\":800,\"caption\":\"Herausragendes Lebenswerk: Steve Turr\u00e9 \\\/ Foto: TJ Krebs\"},{\"@type\":\"BreadcrumbList\",\"@id\":\"https:\\\/\\\/www.jazzzeitung.de\\\/cms\\\/2023\\\/01\\\/steve-turry-german-jazz-trophy_jugend-jazzt-hamburg_kmja-ft-brasilien\\\/#breadcrumb\",\"itemListElement\":[{\"@type\":\"ListItem\",\"position\":1,\"name\":\"Startseite\",\"item\":\"https:\\\/\\\/www.jazzzeitung.de\\\/cms\\\/\"},{\"@type\":\"ListItem\",\"position\":2,\"name\":\"News: +++ German Jazz Trophy 2023 geht Steve Turr\u00e9 +++ Hamburger &#8222;Jugend jazzt&#8220;-Preistr\u00e4ger spielen mit NDR Big Band +++ Jazz-Institut M\u00fcnchen featured Brasilien +++\"}]},{\"@type\":\"WebSite\",\"@id\":\"https:\\\/\\\/www.jazzzeitung.de\\\/cms\\\/#website\",\"url\":\"https:\\\/\\\/www.jazzzeitung.de\\\/cms\\\/\",\"name\":\"JazzZeitung\",\"description\":\"Jazz-News und Jazz-Kontroverses\",\"publisher\":{\"@id\":\"https:\\\/\\\/www.jazzzeitung.de\\\/cms\\\/#organization\"},\"potentialAction\":[{\"@type\":\"SearchAction\",\"target\":{\"@type\":\"EntryPoint\",\"urlTemplate\":\"https:\\\/\\\/www.jazzzeitung.de\\\/cms\\\/?s={search_term_string}\"},\"query-input\":{\"@type\":\"PropertyValueSpecification\",\"valueRequired\":true,\"valueName\":\"search_term_string\"}}],\"inLanguage\":\"de\"},{\"@type\":\"Organization\",\"@id\":\"https:\\\/\\\/www.jazzzeitung.de\\\/cms\\\/#organization\",\"name\":\"JazzZeitung online\",\"url\":\"https:\\\/\\\/www.jazzzeitung.de\\\/cms\\\/\",\"logo\":{\"@type\":\"ImageObject\",\"inLanguage\":\"de\",\"@id\":\"https:\\\/\\\/www.jazzzeitung.de\\\/cms\\\/#\\\/schema\\\/logo\\\/image\\\/\",\"url\":\"https:\\\/\\\/i0.wp.com\\\/www.jazzzeitung.de\\\/cms\\\/wp-content\\\/uploads\\\/2015\\\/08\\\/JAZZZEITUNGDE_Logo_Neu.png?fit=499%2C200&ssl=1\",\"contentUrl\":\"https:\\\/\\\/i0.wp.com\\\/www.jazzzeitung.de\\\/cms\\\/wp-content\\\/uploads\\\/2015\\\/08\\\/JAZZZEITUNGDE_Logo_Neu.png?fit=499%2C200&ssl=1\",\"width\":499,\"height\":200,\"caption\":\"JazzZeitung online\"},\"image\":{\"@id\":\"https:\\\/\\\/www.jazzzeitung.de\\\/cms\\\/#\\\/schema\\\/logo\\\/image\\\/\"},\"sameAs\":[\"https:\\\/\\\/www.facebook.com\\\/JazzZeitung\\\/\"]},{\"@type\":\"Person\",\"@id\":\"https:\\\/\\\/www.jazzzeitung.de\\\/cms\\\/#\\\/schema\\\/person\\\/2245b36b9cd1d24cea10f01c031fb92b\",\"name\":\"Redaktion JazzZeitung\",\"image\":{\"@type\":\"ImageObject\",\"inLanguage\":\"de\",\"@id\":\"https:\\\/\\\/i0.wp.com\\\/www.jazzzeitung.de\\\/cms\\\/wp-content\\\/uploads\\\/2015\\\/08\\\/JAZZZEITUNGDE_Logo_Neu.png?resize=96%2C96&ssl=159975dcacb611b5700bd619b5daf0a7a\",\"url\":\"https:\\\/\\\/i0.wp.com\\\/www.jazzzeitung.de\\\/cms\\\/wp-content\\\/uploads\\\/2015\\\/08\\\/JAZZZEITUNGDE_Logo_Neu.png?resize=96%2C96&ssl=1\",\"contentUrl\":\"https:\\\/\\\/i0.wp.com\\\/www.jazzzeitung.de\\\/cms\\\/wp-content\\\/uploads\\\/2015\\\/08\\\/JAZZZEITUNGDE_Logo_Neu.png?resize=96%2C96&ssl=1\",\"caption\":\"Redaktion JazzZeitung\"},\"description\":\"Artikel der Redaktion der JazzZeitung.\",\"sameAs\":[\"http:\\\/\\\/www.jazzzeitung.de\\\/cms\\\/\"],\"url\":\"https:\\\/\\\/www.jazzzeitung.de\\\/cms\\\/author\\\/redaktion\\\/\"}]}<\/script>\n<!-- \/ Yoast SEO plugin. -->","yoast_head_json":{"title":"News: +++ German Jazz Trophy 2023 geht Steve Turr\u00e9 +++ Hamburger \"Jugend jazzt\"-Preistr\u00e4ger spielen mit NDR Big Band +++ Jazz-Institut M\u00fcnchen featured Brasilien +++ - JazzZeitung","robots":{"index":"index","follow":"follow","max-snippet":"max-snippet:-1","max-image-preview":"max-image-preview:large","max-video-preview":"max-video-preview:-1"},"canonical":"https:\/\/www.jazzzeitung.de\/cms\/2023\/01\/steve-turry-german-jazz-trophy_jugend-jazzt-hamburg_kmja-ft-brasilien\/","og_locale":"de_DE","og_type":"article","og_title":"News: +++ German Jazz Trophy 2023 geht Steve Turr\u00e9 +++ Hamburger \"Jugend jazzt\"-Preistr\u00e4ger spielen mit NDR Big Band +++ Jazz-Institut M\u00fcnchen featured Brasilien +++ - JazzZeitung","og_description":"+++ German Jazz Trophy 2023 geht an Steve Turr\u00e9 +++ Unter dem Motto \u201eA Life for Jazz\u201c zeichnet die German Jazz Trophy seit 2001 j\u00e4hrlich Musiker*innen aus, die durch ihr Lebenswerk dem Jazz neue Impulse gegeben und seinen Stellenwert gef\u00f6rdert haben. 2023 wird das Lebenswerk von Posaunist (und Muschelspieler) Steve Turr\u00e9 mit der German Jazz Trophy geehrt. Steve Turr\u00e9 hat mit Ray Charles gespielt und ist durch die Schule von Art Blakeys \u201eJazz Messengers\u201c gegangen, er war Ensemblemitglied von Lester Bowies Projektband \u201eBrass Fantasy\u201c, Mitglied und Arrangeur bei Slide Hamptons \u201eWorld of Trombones\u201c und hat mit vielen Gr\u00f6\u00dfen des Jazz und der Latin Music gearbeitet. Im Schatten dieser \u201e\u00dcberv\u00e4ter\u201c stehe er aber nicht, so die Jury in ihrer Begr\u00fcndung. Unter seiner \u00fcber Jahre gehaltenen hohen Produktivit\u00e4t steche ein Projekt besonders hervor: seine j\u00fcngste Band \u201eGenerations\u201c \u2013 eine Art gelebtes Mehrgenerationen-Jazzprojekt, mit dem Turr\u00e9 nicht nur Jazzgeschichte rekapituliert, sondern diese auch gemeinsam mit den Gr\u00f6\u00dfen und dem Nachwuchs der Szene auf die B\u00fchne bringt. Posaunen- und Muschelvirtuose Alleinstellungsmerkmal seiner Konzerte sind die wundersamen Instrumente, die er stets in einem roten Koffer auf die B\u00fchne tr\u00e4gt. Ssirus &hellip;","og_url":"https:\/\/www.jazzzeitung.de\/cms\/2023\/01\/steve-turry-german-jazz-trophy_jugend-jazzt-hamburg_kmja-ft-brasilien\/","og_site_name":"JazzZeitung","article_publisher":"https:\/\/www.facebook.com\/JazzZeitung\/","article_published_time":"2023-01-28T06:10:50+00:00","og_image":[{"width":1200,"height":800,"url":"https:\/\/i0.wp.com\/www.jazzzeitung.de\/cms\/wp-content\/uploads\/2023\/01\/P2169219-Turre-Foto-TJ-Krebs.jpg?fit=1200%2C800&ssl=1","type":"image\/jpeg"}],"author":"Redaktion JazzZeitung","schema":{"@context":"https:\/\/schema.org","@graph":[{"@type":"Article","@id":"https:\/\/www.jazzzeitung.de\/cms\/2023\/01\/steve-turry-german-jazz-trophy_jugend-jazzt-hamburg_kmja-ft-brasilien\/#article","isPartOf":{"@id":"https:\/\/www.jazzzeitung.de\/cms\/2023\/01\/steve-turry-german-jazz-trophy_jugend-jazzt-hamburg_kmja-ft-brasilien\/"},"author":{"name":"Redaktion JazzZeitung","@id":"https:\/\/www.jazzzeitung.de\/cms\/#\/schema\/person\/2245b36b9cd1d24cea10f01c031fb92b"},"headline":"News: +++ German Jazz Trophy 2023 geht Steve Turr\u00e9 +++ Hamburger &#8222;Jugend jazzt&#8220;-Preistr\u00e4ger spielen mit NDR Big Band +++ Jazz-Institut M\u00fcnchen featured Brasilien +++","datePublished":"2023-01-28T06:10:50+00:00","mainEntityOfPage":{"@id":"https:\/\/www.jazzzeitung.de\/cms\/2023\/01\/steve-turry-german-jazz-trophy_jugend-jazzt-hamburg_kmja-ft-brasilien\/"},"wordCount":816,"commentCount":0,"publisher":{"@id":"https:\/\/www.jazzzeitung.de\/cms\/#organization"},"image":{"@id":"https:\/\/www.jazzzeitung.de\/cms\/2023\/01\/steve-turry-german-jazz-trophy_jugend-jazzt-hamburg_kmja-ft-brasilien\/#primaryimage"},"thumbnailUrl":"https:\/\/i0.wp.com\/www.jazzzeitung.de\/cms\/wp-content\/uploads\/2023\/01\/P2169219-Turre-Foto-TJ-Krebs.jpg?fit=1200%2C800&ssl=1","keywords":["2022","Art Blakey","Baden-W\u00fcrttemberg","Band","Berklee","Bigband","Brasilien","Bundesbegegnung","Carla Bley","DeeDee Bridgewater","Deutschland","Early Birds","EMESP Tom Jobim","Faculdade de M\u00fasica Souza Lima","Gasteig","Gasteig HP8","Generations","German Jazz Trophy","Hamburg","HMTM","Hochschule f\u00fcr Musik und Theater","Hochschule f\u00fcr Musik und Theater M\u00fcnchen","Ingolf Burhardt","Jazz","Jazz Award","Jazz Trophy","Jazz-Preis","Jazz-Preise","Jazzgeschichte","Jazzopen","JazzZeitung.de","Jubil\u00e4um","Jugend jazzt","Klaus Doldinger","Konzerte","Kultur","Kurt Maas","Kurt Maas Jazz Award","Kurt Maas Jazz Scholarship","Landesmusikrat","Landeswettbewerb \u201eJugend jazzt\u201c","Lebenswerk","Lester Bowie","M\u00fcnchen","M\u00fcnchner Jazz Instituts","Muscheln","Muschelspieler","Musikerinnen","Nachwuchsjazzer","NDR","NDR Bigband","Paul Kuhn","Preis","Preistr\u00e4ger","Ray Charles","Rolf-Liebermann-Studio","S\u00e3o Paulo","Shuteen Erdenebaatar","Slide Hampton","Ssirus W. Pakzad","Steve Turr\u00e9","Stuttgart","Sven Kagelmann","think big!","Tickets","TJ Krebs","Tom Jobim","Wolfgang Dauner","www.jazzopen.com","\u201eA Life for Jazz\u201c","\u201eSenior Street Band Blankenese\u201c"],"articleSection":["News"],"inLanguage":"de","potentialAction":[{"@type":"CommentAction","name":"Comment","target":["https:\/\/www.jazzzeitung.de\/cms\/2023\/01\/steve-turry-german-jazz-trophy_jugend-jazzt-hamburg_kmja-ft-brasilien\/#respond"]}]},{"@type":"WebPage","@id":"https:\/\/www.jazzzeitung.de\/cms\/2023\/01\/steve-turry-german-jazz-trophy_jugend-jazzt-hamburg_kmja-ft-brasilien\/","url":"https:\/\/www.jazzzeitung.de\/cms\/2023\/01\/steve-turry-german-jazz-trophy_jugend-jazzt-hamburg_kmja-ft-brasilien\/","name":"News: +++ German Jazz Trophy 2023 geht Steve Turr\u00e9 +++ Hamburger \"Jugend jazzt\"-Preistr\u00e4ger spielen mit NDR Big Band +++ Jazz-Institut M\u00fcnchen featured Brasilien +++ - JazzZeitung","isPartOf":{"@id":"https:\/\/www.jazzzeitung.de\/cms\/#website"},"primaryImageOfPage":{"@id":"https:\/\/www.jazzzeitung.de\/cms\/2023\/01\/steve-turry-german-jazz-trophy_jugend-jazzt-hamburg_kmja-ft-brasilien\/#primaryimage"},"image":{"@id":"https:\/\/www.jazzzeitung.de\/cms\/2023\/01\/steve-turry-german-jazz-trophy_jugend-jazzt-hamburg_kmja-ft-brasilien\/#primaryimage"},"thumbnailUrl":"https:\/\/i0.wp.com\/www.jazzzeitung.de\/cms\/wp-content\/uploads\/2023\/01\/P2169219-Turre-Foto-TJ-Krebs.jpg?fit=1200%2C800&ssl=1","datePublished":"2023-01-28T06:10:50+00:00","breadcrumb":{"@id":"https:\/\/www.jazzzeitung.de\/cms\/2023\/01\/steve-turry-german-jazz-trophy_jugend-jazzt-hamburg_kmja-ft-brasilien\/#breadcrumb"},"inLanguage":"de","potentialAction":[{"@type":"ReadAction","target":["https:\/\/www.jazzzeitung.de\/cms\/2023\/01\/steve-turry-german-jazz-trophy_jugend-jazzt-hamburg_kmja-ft-brasilien\/"]}]},{"@type":"ImageObject","inLanguage":"de","@id":"https:\/\/www.jazzzeitung.de\/cms\/2023\/01\/steve-turry-german-jazz-trophy_jugend-jazzt-hamburg_kmja-ft-brasilien\/#primaryimage","url":"https:\/\/i0.wp.com\/www.jazzzeitung.de\/cms\/wp-content\/uploads\/2023\/01\/P2169219-Turre-Foto-TJ-Krebs.jpg?fit=1200%2C800&ssl=1","contentUrl":"https:\/\/i0.wp.com\/www.jazzzeitung.de\/cms\/wp-content\/uploads\/2023\/01\/P2169219-Turre-Foto-TJ-Krebs.jpg?fit=1200%2C800&ssl=1","width":1200,"height":800,"caption":"Herausragendes Lebenswerk: Steve Turr\u00e9 \/ Foto: TJ Krebs"},{"@type":"BreadcrumbList","@id":"https:\/\/www.jazzzeitung.de\/cms\/2023\/01\/steve-turry-german-jazz-trophy_jugend-jazzt-hamburg_kmja-ft-brasilien\/#breadcrumb","itemListElement":[{"@type":"ListItem","position":1,"name":"Startseite","item":"https:\/\/www.jazzzeitung.de\/cms\/"},{"@type":"ListItem","position":2,"name":"News: +++ German Jazz Trophy 2023 geht Steve Turr\u00e9 +++ Hamburger &#8222;Jugend jazzt&#8220;-Preistr\u00e4ger spielen mit NDR Big Band +++ Jazz-Institut M\u00fcnchen featured Brasilien +++"}]},{"@type":"WebSite","@id":"https:\/\/www.jazzzeitung.de\/cms\/#website","url":"https:\/\/www.jazzzeitung.de\/cms\/","name":"JazzZeitung","description":"Jazz-News und Jazz-Kontroverses","publisher":{"@id":"https:\/\/www.jazzzeitung.de\/cms\/#organization"},"potentialAction":[{"@type":"SearchAction","target":{"@type":"EntryPoint","urlTemplate":"https:\/\/www.jazzzeitung.de\/cms\/?s={search_term_string}"},"query-input":{"@type":"PropertyValueSpecification","valueRequired":true,"valueName":"search_term_string"}}],"inLanguage":"de"},{"@type":"Organization","@id":"https:\/\/www.jazzzeitung.de\/cms\/#organization","name":"JazzZeitung online","url":"https:\/\/www.jazzzeitung.de\/cms\/","logo":{"@type":"ImageObject","inLanguage":"de","@id":"https:\/\/www.jazzzeitung.de\/cms\/#\/schema\/logo\/image\/","url":"https:\/\/i0.wp.com\/www.jazzzeitung.de\/cms\/wp-content\/uploads\/2015\/08\/JAZZZEITUNGDE_Logo_Neu.png?fit=499%2C200&ssl=1","contentUrl":"https:\/\/i0.wp.com\/www.jazzzeitung.de\/cms\/wp-content\/uploads\/2015\/08\/JAZZZEITUNGDE_Logo_Neu.png?fit=499%2C200&ssl=1","width":499,"height":200,"caption":"JazzZeitung online"},"image":{"@id":"https:\/\/www.jazzzeitung.de\/cms\/#\/schema\/logo\/image\/"},"sameAs":["https:\/\/www.facebook.com\/JazzZeitung\/"]},{"@type":"Person","@id":"https:\/\/www.jazzzeitung.de\/cms\/#\/schema\/person\/2245b36b9cd1d24cea10f01c031fb92b","name":"Redaktion JazzZeitung","image":{"@type":"ImageObject","inLanguage":"de","@id":"https:\/\/i0.wp.com\/www.jazzzeitung.de\/cms\/wp-content\/uploads\/2015\/08\/JAZZZEITUNGDE_Logo_Neu.png?resize=96%2C96&ssl=159975dcacb611b5700bd619b5daf0a7a","url":"https:\/\/i0.wp.com\/www.jazzzeitung.de\/cms\/wp-content\/uploads\/2015\/08\/JAZZZEITUNGDE_Logo_Neu.png?resize=96%2C96&ssl=1","contentUrl":"https:\/\/i0.wp.com\/www.jazzzeitung.de\/cms\/wp-content\/uploads\/2015\/08\/JAZZZEITUNGDE_Logo_Neu.png?resize=96%2C96&ssl=1","caption":"Redaktion JazzZeitung"},"description":"Artikel der Redaktion der JazzZeitung.","sameAs":["http:\/\/www.jazzzeitung.de\/cms\/"],"url":"https:\/\/www.jazzzeitung.de\/cms\/author\/redaktion\/"}]}},"wp-worthy-pixel":{"ignored":false,"public":null,"server":null,"url":null},"wp-worthy-type":"normal","jetpack_publicize_connections":[],"cc_featured_image_caption":{"caption_text":"","source_text":"","source_url":""},"jetpack_featured_media_url":"https:\/\/i0.wp.com\/www.jazzzeitung.de\/cms\/wp-content\/uploads\/2023\/01\/P2169219-Turre-Foto-TJ-Krebs.jpg?fit=1200%2C800&ssl=1","jetpack_shortlink":"https:\/\/wp.me\/p3KEcT-7xF","jetpack-related-posts":[{"id":21318,"url":"https:\/\/www.jazzzeitung.de\/cms\/2019\/11\/news-jugend-jazzt-landeswettbewerb-in-hamburg-2019jugend-jazzt-landeswettbewerb-in-bayern\/","url_meta":{"origin":28995,"position":0},"title":"News: +++Jugend jazzt Landeswettbewerb in Hamburg 2019+++Jugend jazzt Landeswettbewerb in Bayern+++","author":"Redaktion JazzZeitung","date":"16. November 2019","format":false,"excerpt":"Jugend jazzt in Hamburg Heute und morgen am 17. November 2019 ist es wieder soweit: Die Staatliche Jugendmusikschule Hamburg wird im Rahmen des Landeswettbewerbs \u201eJugend jazzt\u201c zum Treffpunkt des Hamburger Jazznachwuchses. Rund 400 Teilnehmer*innen aus Hamburg haben sich f\u00fcr den diesj\u00e4hrigen Landeswettbewerb \u201eJugend jazzt\u201c angemeldet und pr\u00e4sentieren im Rahmen von\u2026","rel":"","context":"In &quot;News&quot;","block_context":{"text":"News","link":"https:\/\/www.jazzzeitung.de\/cms\/thema\/nachrichten\/"},"img":{"alt_text":"","src":"https:\/\/i0.wp.com\/www.jazzzeitung.de\/cms\/wp-content\/uploads\/2019\/11\/Jugend-jazztDSCF9149-scaled.jpg?fit=1200%2C800&ssl=1&resize=350%2C200","width":350,"height":200,"srcset":"https:\/\/i0.wp.com\/www.jazzzeitung.de\/cms\/wp-content\/uploads\/2019\/11\/Jugend-jazztDSCF9149-scaled.jpg?fit=1200%2C800&ssl=1&resize=350%2C200 1x, https:\/\/i0.wp.com\/www.jazzzeitung.de\/cms\/wp-content\/uploads\/2019\/11\/Jugend-jazztDSCF9149-scaled.jpg?fit=1200%2C800&ssl=1&resize=525%2C300 1.5x, https:\/\/i0.wp.com\/www.jazzzeitung.de\/cms\/wp-content\/uploads\/2019\/11\/Jugend-jazztDSCF9149-scaled.jpg?fit=1200%2C800&ssl=1&resize=700%2C400 2x, https:\/\/i0.wp.com\/www.jazzzeitung.de\/cms\/wp-content\/uploads\/2019\/11\/Jugend-jazztDSCF9149-scaled.jpg?fit=1200%2C800&ssl=1&resize=1050%2C600 3x"},"classes":[]},{"id":16570,"url":"https:\/\/www.jazzzeitung.de\/cms\/2018\/07\/jetzt-bewerben-landeswettbewerb-jugend-jazzt-hamburg\/","url_meta":{"origin":28995,"position":1},"title":"Jetzt bewerben: Landeswettbewerb \u201eJugend jazzt\u201c Hamburg","author":"Redaktion JazzZeitung","date":"6. Juli 2018","format":false,"excerpt":"Am 17. und 18. November 2018 findet der Landeswettbewerb \u201eJugend jazzt\u201c f\u00fcr Combos bis elf MusikerInnen und SolistInnen in der Staatlichen Jugendmusikschule Hamburg statt. Seit Gr\u00fcndung haben \u00fcber 10.000 junge MusikerInnen erfolgreich am Wettbewerb teilgenommen.\u00a0Bewerben k\u00f6nnen sich Nachwuchsjazztalente im Alter bis 24 Jahren, die in Hamburg leben und noch kein\u2026","rel":"","context":"In &quot;News&quot;","block_context":{"text":"News","link":"https:\/\/www.jazzzeitung.de\/cms\/thema\/nachrichten\/"},"img":{"alt_text":"","src":"https:\/\/i0.wp.com\/www.jazzzeitung.de\/cms\/wp-content\/uploads\/2018\/07\/jugend_jazzt_hamburg.jpg?fit=1131%2C1167&ssl=1&resize=350%2C200","width":350,"height":200,"srcset":"https:\/\/i0.wp.com\/www.jazzzeitung.de\/cms\/wp-content\/uploads\/2018\/07\/jugend_jazzt_hamburg.jpg?fit=1131%2C1167&ssl=1&resize=350%2C200 1x, https:\/\/i0.wp.com\/www.jazzzeitung.de\/cms\/wp-content\/uploads\/2018\/07\/jugend_jazzt_hamburg.jpg?fit=1131%2C1167&ssl=1&resize=525%2C300 1.5x, https:\/\/i0.wp.com\/www.jazzzeitung.de\/cms\/wp-content\/uploads\/2018\/07\/jugend_jazzt_hamburg.jpg?fit=1131%2C1167&ssl=1&resize=700%2C400 2x, https:\/\/i0.wp.com\/www.jazzzeitung.de\/cms\/wp-content\/uploads\/2018\/07\/jugend_jazzt_hamburg.jpg?fit=1131%2C1167&ssl=1&resize=1050%2C600 3x"},"classes":[]},{"id":27170,"url":"https:\/\/www.jazzzeitung.de\/cms\/2022\/04\/digitale-konzertreihe-zur-bundesbegegnung-jugend-jazzt-gestartet\/","url_meta":{"origin":28995,"position":2},"title":"Digitale Konzertreihe zur Bundesbegegnung Jugend jazzt gestartet","author":"Redaktion JazzZeitung","date":"22. April 2022","format":false,"excerpt":"(Pressemeldung: Deutscher Musikrat) Ab sofort werden die Videos der Jazz-Combos, die sich f\u00fcr die Bundesbegegnung Jugend jazzt qualifiziert haben, ver\u00f6ffentlicht. Die digitale Konzertreihe ist auf dem YouTube-Kanal des Deutschen Musikrates\u00a0sowie auf der\u00a0Website\u00a0und in den Social Media-Kan\u00e4len von Jugend jazzt (Facebook\u00a0und\u00a0Instagram) zu finden. Die 18. Bundesbegegnung Jugend jazzt ist vom 26.\u2026","rel":"","context":"In &quot;News&quot;","block_context":{"text":"News","link":"https:\/\/www.jazzzeitung.de\/cms\/thema\/nachrichten\/"},"img":{"alt_text":"Quartertone (Hessen)","src":"https:\/\/i0.wp.com\/www.jazzzeitung.de\/cms\/wp-content\/uploads\/2022\/04\/jugend_jazz_1600t.jpg?fit=1200%2C676&ssl=1&resize=350%2C200","width":350,"height":200,"srcset":"https:\/\/i0.wp.com\/www.jazzzeitung.de\/cms\/wp-content\/uploads\/2022\/04\/jugend_jazz_1600t.jpg?fit=1200%2C676&ssl=1&resize=350%2C200 1x, https:\/\/i0.wp.com\/www.jazzzeitung.de\/cms\/wp-content\/uploads\/2022\/04\/jugend_jazz_1600t.jpg?fit=1200%2C676&ssl=1&resize=525%2C300 1.5x, https:\/\/i0.wp.com\/www.jazzzeitung.de\/cms\/wp-content\/uploads\/2022\/04\/jugend_jazz_1600t.jpg?fit=1200%2C676&ssl=1&resize=700%2C400 2x, https:\/\/i0.wp.com\/www.jazzzeitung.de\/cms\/wp-content\/uploads\/2022\/04\/jugend_jazz_1600t.jpg?fit=1200%2C676&ssl=1&resize=1050%2C600 3x"},"classes":[]},{"id":15922,"url":"https:\/\/www.jazzzeitung.de\/cms\/2018\/05\/jugend-jazzt-2018\/","url_meta":{"origin":28995,"position":3},"title":"16. Bundesbegegnung Jugend jazzt in Frankfurt am Main","author":"Redaktion JazzZeitung","date":"7. Mai 2018","format":false,"excerpt":"Diese Woche startet die 16. Bundesbegegnung Jugend jazzt (10.-12. Mai 2018) in Frankfurt am Main. Rund 350 junge Jazzmusikerinnen und -musiker werden aus der gesamten Republik nach Frankfurt reisen, um sich in Wertungsspielen, Konzerten, Sessions und Workshops zu begegnen, sich kennenzulernen und auszutauschen. Die Bundesbegegnung wird er\u00f6ffnet mit einem Konzert\u2026","rel":"","context":"In &quot;News&quot;","block_context":{"text":"News","link":"https:\/\/www.jazzzeitung.de\/cms\/thema\/nachrichten\/"},"img":{"alt_text":"","src":"https:\/\/i0.wp.com\/www.jazzzeitung.de\/cms\/wp-content\/uploads\/2018\/05\/Logo_Jugend_jazzt.jpg?fit=1200%2C802&ssl=1&resize=350%2C200","width":350,"height":200,"srcset":"https:\/\/i0.wp.com\/www.jazzzeitung.de\/cms\/wp-content\/uploads\/2018\/05\/Logo_Jugend_jazzt.jpg?fit=1200%2C802&ssl=1&resize=350%2C200 1x, https:\/\/i0.wp.com\/www.jazzzeitung.de\/cms\/wp-content\/uploads\/2018\/05\/Logo_Jugend_jazzt.jpg?fit=1200%2C802&ssl=1&resize=525%2C300 1.5x, https:\/\/i0.wp.com\/www.jazzzeitung.de\/cms\/wp-content\/uploads\/2018\/05\/Logo_Jugend_jazzt.jpg?fit=1200%2C802&ssl=1&resize=700%2C400 2x, https:\/\/i0.wp.com\/www.jazzzeitung.de\/cms\/wp-content\/uploads\/2018\/05\/Logo_Jugend_jazzt.jpg?fit=1200%2C802&ssl=1&resize=1050%2C600 3x"},"classes":[]},{"id":9872,"url":"https:\/\/www.jazzzeitung.de\/cms\/2016\/08\/ausschreibung-landeswettbewerb-jugend-jazzt-fuer-combos-und-solisten-hamburg-november-2016\/","url_meta":{"origin":28995,"position":4},"title":"Ausschreibung: Landeswettbewerb \u201eJugend jazzt\u201c f\u00fcr Combos und Solisten Hamburg November 2016","author":"Redaktion JazzZeitung","date":"12. August 2016","format":false,"excerpt":"Am 12. und 13. November 2016 findet der n\u00e4chste Landeswettbewerb \u201eJugend jazzt\u201c in der Staatlichen Jugendmusikschule Hamburg statt und wird in diesem Jahr f\u00fcr Combos und Solisten ausgeschrieben. Ab 15. August 2016 k\u00f6nnen sich alle NachwuchsjazzerInnen mit ihren Combos oder als SolistIn anmelden.\u00a0Anmeldeschluss ist der 30. September 2016. \u201eJugend jazzt\u201c\u2026","rel":"","context":"In &quot;News&quot;","block_context":{"text":"News","link":"https:\/\/www.jazzzeitung.de\/cms\/thema\/nachrichten\/"},"img":{"alt_text":"","src":"","width":0,"height":0},"classes":[]},{"id":29790,"url":"https:\/\/www.jazzzeitung.de\/cms\/2023\/07\/german-jazz-trophy-2023-geht-an-steve-turre\/","url_meta":{"origin":28995,"position":5},"title":"German Jazz Trophy 2023 geht an Steve Turr\u00e9","author":"Redaktion JazzZeitung","date":"14. Juli 2023","format":false,"excerpt":"Der US-amerikanische Posaunist Steve Turr\u00e9 wurde vergangenen Donnerstagabend im SpardaWelt Eventcenter mit der German Jazz Trophy 2023 ausgezeichnet. Der Preis ist mit 15.000 Euro dotiert sowie mit einer Statue des Stuttgarter Bildhauers Otto Hajek. Er wird verliehen von der Stiftung Kunst und Kultur der Sparda-Bank Baden-W\u00fcrttemberg, der neuen musikzeitung sowie\u2026","rel":"","context":"In &quot;News&quot;","block_context":{"text":"News","link":"https:\/\/www.jazzzeitung.de\/cms\/thema\/nachrichten\/"},"img":{"alt_text":"","src":"https:\/\/i0.wp.com\/www.jazzzeitung.de\/cms\/wp-content\/uploads\/2023\/07\/Steve-Turre_GJT-e1689343489131.jpg?fit=1200%2C917&ssl=1&resize=350%2C200","width":350,"height":200,"srcset":"https:\/\/i0.wp.com\/www.jazzzeitung.de\/cms\/wp-content\/uploads\/2023\/07\/Steve-Turre_GJT-e1689343489131.jpg?fit=1200%2C917&ssl=1&resize=350%2C200 1x, https:\/\/i0.wp.com\/www.jazzzeitung.de\/cms\/wp-content\/uploads\/2023\/07\/Steve-Turre_GJT-e1689343489131.jpg?fit=1200%2C917&ssl=1&resize=525%2C300 1.5x, https:\/\/i0.wp.com\/www.jazzzeitung.de\/cms\/wp-content\/uploads\/2023\/07\/Steve-Turre_GJT-e1689343489131.jpg?fit=1200%2C917&ssl=1&resize=700%2C400 2x, https:\/\/i0.wp.com\/www.jazzzeitung.de\/cms\/wp-content\/uploads\/2023\/07\/Steve-Turre_GJT-e1689343489131.jpg?fit=1200%2C917&ssl=1&resize=1050%2C600 3x"},"classes":[]}],"jetpack_sharing_enabled":true,"_links":{"self":[{"href":"https:\/\/www.jazzzeitung.de\/cms\/wp-json\/wp\/v2\/posts\/28995","targetHints":{"allow":["GET"]}}],"collection":[{"href":"https:\/\/www.jazzzeitung.de\/cms\/wp-json\/wp\/v2\/posts"}],"about":[{"href":"https:\/\/www.jazzzeitung.de\/cms\/wp-json\/wp\/v2\/types\/post"}],"author":[{"embeddable":true,"href":"https:\/\/www.jazzzeitung.de\/cms\/wp-json\/wp\/v2\/users\/18"}],"replies":[{"embeddable":true,"href":"https:\/\/www.jazzzeitung.de\/cms\/wp-json\/wp\/v2\/comments?post=28995"}],"version-history":[{"count":16,"href":"https:\/\/www.jazzzeitung.de\/cms\/wp-json\/wp\/v2\/posts\/28995\/revisions"}],"predecessor-version":[{"id":29014,"href":"https:\/\/www.jazzzeitung.de\/cms\/wp-json\/wp\/v2\/posts\/28995\/revisions\/29014"}],"wp:featuredmedia":[{"embeddable":true,"href":"https:\/\/www.jazzzeitung.de\/cms\/wp-json\/wp\/v2\/media\/28996"}],"wp:attachment":[{"href":"https:\/\/www.jazzzeitung.de\/cms\/wp-json\/wp\/v2\/media?parent=28995"}],"wp:term":[{"taxonomy":"category","embeddable":true,"href":"https:\/\/www.jazzzeitung.de\/cms\/wp-json\/wp\/v2\/categories?post=28995"},{"taxonomy":"post_tag","embeddable":true,"href":"https:\/\/www.jazzzeitung.de\/cms\/wp-json\/wp\/v2\/tags?post=28995"},{"taxonomy":"author","embeddable":true,"href":"https:\/\/www.jazzzeitung.de\/cms\/wp-json\/wp\/v2\/coauthors?post=28995"}],"curies":[{"name":"wp","href":"https:\/\/api.w.org\/{rel}","templated":true}]}}