{"id":28973,"date":"2023-01-26T13:21:56","date_gmt":"2023-01-26T12:21:56","guid":{"rendered":"https:\/\/www.jazzzeitung.de\/cms\/?p=28973"},"modified":"2023-01-30T21:04:03","modified_gmt":"2023-01-30T20:04:03","slug":"klang-farben-von-tomeke-reid-und-recursion-kollektiv-in-der-stadtkirche-moers","status":"publish","type":"post","link":"https:\/\/www.jazzzeitung.de\/cms\/2023\/01\/klang-farben-von-tomeke-reid-und-recursion-kollektiv-in-der-stadtkirche-moers\/","title":{"rendered":"Klang-Farben von Tomeka Reid und Recursion-Kollektiv in der Stadtkirche Moers"},"content":{"rendered":"<p>(Von Stefan Pieper) <strong>Improvisor in Residence \u2013 dieses Arbeitsstipendium der Kulturstiftung NRW f\u00fcr eine Stadtmusikerin oder einen Stadtmusiker rund um das Moers-Festival ist seit seiner Einf\u00fchrung im Jahr 2008 zur Erfolgsstory geworden. Damit wechseln sich jedes Jahr aufs Neue die kreativen Farben ab, mit denen der Geist des Festivals immer wieder neu in die Stadtkultur hineinstrahlt. Ein gro\u00dfer Moment ist das allj\u00e4hrliche \u00dcbergabekonzert. Der aktuelle Wechsel erfolgte von der Chicagoer Cellistin Tomeka Reid zum \u201eRecursion-Kollektiv\u201c, wohinter sich die drei jungen Elektronik-Musiker Christopher Retz, Steven Koch und Jan Krause verbergen. <\/strong><\/p>\n<p>Das gemeinsame Miteinander in der Evangelischen Stadtkirche lief auf Verschmelzung f\u00fcr alle Sinne hinaus. Ein Streichinstrument, eine E-Gitarre und viel Elektronik plus eine konsequent auf die Spitze getriebene Lichtregie in einem Kirchenraum, der w\u00e4hrend dieser intensiven Stunde so funktionierte, als w\u00e4re er zu nichts anderem gebaut worden. Das konnte man zumindest imaginieren inmitten dieses syn\u00e4sthetischen Strudels aus Klang, T\u00f6nen, Farben, Frequenzen und Lichtimpulsen.<\/p>\n<figure id=\"attachment_28974\" aria-describedby=\"caption-attachment-28974\" style=\"width: 559px\" class=\"wp-caption alignleft\"><img data-recalc-dims=\"1\" loading=\"lazy\" decoding=\"async\" data-attachment-id=\"28974\" data-permalink=\"https:\/\/www.jazzzeitung.de\/cms\/2023\/01\/klang-farben-von-tomeke-reid-und-recursion-kollektiv-in-der-stadtkirche-moers\/tomeka-reid-st-pieper\/\" data-orig-file=\"https:\/\/i0.wp.com\/www.jazzzeitung.de\/cms\/wp-content\/uploads\/2023\/01\/Tomeka-Reid-%C2%A9-st-pieper-scaled.jpg?fit=2560%2C1704&amp;ssl=1\" data-orig-size=\"2560,1704\" data-comments-opened=\"1\" data-image-meta=\"{&quot;aperture&quot;:&quot;0&quot;,&quot;credit&quot;:&quot;&quot;,&quot;camera&quot;:&quot;&quot;,&quot;caption&quot;:&quot;&quot;,&quot;created_timestamp&quot;:&quot;0&quot;,&quot;copyright&quot;:&quot;&quot;,&quot;focal_length&quot;:&quot;0&quot;,&quot;iso&quot;:&quot;0&quot;,&quot;shutter_speed&quot;:&quot;0&quot;,&quot;title&quot;:&quot;&quot;,&quot;orientation&quot;:&quot;0&quot;}\" data-image-title=\"Tomeka Reid \u00a9 st pieper\" data-image-description=\"\" data-image-caption=\"&lt;p&gt;Tomeka Reid (Foto: Stefan Pieper)&lt;\/p&gt;\n\" data-large-file=\"https:\/\/i0.wp.com\/www.jazzzeitung.de\/cms\/wp-content\/uploads\/2023\/01\/Tomeka-Reid-%C2%A9-st-pieper-scaled.jpg?fit=840%2C560&amp;ssl=1\" class=\" wp-image-28974\" src=\"https:\/\/i0.wp.com\/www.jazzzeitung.de\/cms\/wp-content\/uploads\/2023\/01\/Tomeka-Reid-%C2%A9-st-pieper-scaled.jpg?resize=559%2C372&#038;ssl=1\" alt=\"\" width=\"559\" height=\"372\" srcset=\"https:\/\/i0.wp.com\/www.jazzzeitung.de\/cms\/wp-content\/uploads\/2023\/01\/Tomeka-Reid-%C2%A9-st-pieper-scaled.jpg?w=2560&amp;ssl=1 2560w, https:\/\/i0.wp.com\/www.jazzzeitung.de\/cms\/wp-content\/uploads\/2023\/01\/Tomeka-Reid-%C2%A9-st-pieper-scaled.jpg?resize=300%2C200&amp;ssl=1 300w, https:\/\/i0.wp.com\/www.jazzzeitung.de\/cms\/wp-content\/uploads\/2023\/01\/Tomeka-Reid-%C2%A9-st-pieper-scaled.jpg?resize=900%2C600&amp;ssl=1 900w, https:\/\/i0.wp.com\/www.jazzzeitung.de\/cms\/wp-content\/uploads\/2023\/01\/Tomeka-Reid-%C2%A9-st-pieper-scaled.jpg?resize=768%2C511&amp;ssl=1 768w, https:\/\/i0.wp.com\/www.jazzzeitung.de\/cms\/wp-content\/uploads\/2023\/01\/Tomeka-Reid-%C2%A9-st-pieper-scaled.jpg?resize=1536%2C1022&amp;ssl=1 1536w, https:\/\/i0.wp.com\/www.jazzzeitung.de\/cms\/wp-content\/uploads\/2023\/01\/Tomeka-Reid-%C2%A9-st-pieper-scaled.jpg?resize=2048%2C1363&amp;ssl=1 2048w, https:\/\/i0.wp.com\/www.jazzzeitung.de\/cms\/wp-content\/uploads\/2023\/01\/Tomeka-Reid-%C2%A9-st-pieper-scaled.jpg?resize=120%2C80&amp;ssl=1 120w, https:\/\/i0.wp.com\/www.jazzzeitung.de\/cms\/wp-content\/uploads\/2023\/01\/Tomeka-Reid-%C2%A9-st-pieper-scaled.jpg?resize=1320%2C879&amp;ssl=1 1320w, https:\/\/i0.wp.com\/www.jazzzeitung.de\/cms\/wp-content\/uploads\/2023\/01\/Tomeka-Reid-%C2%A9-st-pieper-scaled.jpg?w=1680&amp;ssl=1 1680w\" sizes=\"auto, (max-width: 559px) 100vw, 559px\" \/><figcaption id=\"caption-attachment-28974\" class=\"wp-caption-text\">Tomeka Reid \u00fcbergibt das Improvisor in Residence-Stipendium\u2026 (Foto: Stefan Pieper)<\/figcaption><\/figure>\n<p>Tomeka Reid, die universelle amerikanische Cellistin, die zu diesem Anlass noch einmal aus Chicago nach Moers angereist kam, ging geschmeidig in diesem Setup auf. Ein f\u00fcnfter Improvisator war der Lichtdesigner Valentin Brux, der hier einen ebenso wichtigen Part leistete.<\/p>\n<h3>Musik aus Kl\u00e4ngen die den freien Raum erkunden<\/h3>\n<p>Es knarzt, zirpt, knattert, wabert, schwirrt, pulsiert und noch viel mehr. Dreidimensional und in einer Transparenz, welche erstaunliche Details offenlegt und in der Moerser Stadtkirche schon Grundlage f\u00fcr so manches Klangabenteuer war. Die drei Elektroniker beherrschen ihr Handwerk, daraus eine Dramaturgie zu bauen, von der sich Tomeka Reid mit ihren akustischen Interventionen auf dem Cello getragen f\u00fchlt. Ohnehin kann die Tonerzeugung dieses Instruments mit seinem ganzen Obertonreichtum jeder elektronischen Klangsynthese das Wasser reichen.<\/p>\n<figure id=\"attachment_28989\" aria-describedby=\"caption-attachment-28989\" style=\"width: 2560px\" class=\"wp-caption alignleft\"><img data-recalc-dims=\"1\" loading=\"lazy\" decoding=\"async\" data-attachment-id=\"28989\" data-permalink=\"https:\/\/www.jazzzeitung.de\/cms\/2023\/01\/klang-farben-von-tomeke-reid-und-recursion-kollektiv-in-der-stadtkirche-moers\/r1-09649-0005-min\/\" data-orig-file=\"https:\/\/i0.wp.com\/www.jazzzeitung.de\/cms\/wp-content\/uploads\/2023\/01\/R1-09649-0005-min-scaled.jpg?fit=2560%2C1716&amp;ssl=1\" data-orig-size=\"2560,1716\" data-comments-opened=\"1\" data-image-meta=\"{&quot;aperture&quot;:&quot;0&quot;,&quot;credit&quot;:&quot;&quot;,&quot;camera&quot;:&quot;&quot;,&quot;caption&quot;:&quot;&quot;,&quot;created_timestamp&quot;:&quot;0&quot;,&quot;copyright&quot;:&quot;&quot;,&quot;focal_length&quot;:&quot;0&quot;,&quot;iso&quot;:&quot;0&quot;,&quot;shutter_speed&quot;:&quot;0&quot;,&quot;title&quot;:&quot;&quot;,&quot;orientation&quot;:&quot;0&quot;}\" data-image-title=\"R1-09649-0005-min\" data-image-description=\"\" data-image-caption=\"&lt;p&gt; Foto: Tobias M\u00fcller&lt;\/p&gt;\n\" data-large-file=\"https:\/\/i0.wp.com\/www.jazzzeitung.de\/cms\/wp-content\/uploads\/2023\/01\/R1-09649-0005-min-scaled.jpg?fit=840%2C563&amp;ssl=1\" class=\"size-full wp-image-28989\" src=\"https:\/\/i0.wp.com\/www.jazzzeitung.de\/cms\/wp-content\/uploads\/2023\/01\/R1-09649-0005-min-scaled.jpg?resize=840%2C563&#038;ssl=1\" alt=\"\" width=\"840\" height=\"563\" srcset=\"https:\/\/i0.wp.com\/www.jazzzeitung.de\/cms\/wp-content\/uploads\/2023\/01\/R1-09649-0005-min-scaled.jpg?w=2560&amp;ssl=1 2560w, https:\/\/i0.wp.com\/www.jazzzeitung.de\/cms\/wp-content\/uploads\/2023\/01\/R1-09649-0005-min-scaled.jpg?resize=300%2C201&amp;ssl=1 300w, https:\/\/i0.wp.com\/www.jazzzeitung.de\/cms\/wp-content\/uploads\/2023\/01\/R1-09649-0005-min-scaled.jpg?resize=895%2C600&amp;ssl=1 895w, https:\/\/i0.wp.com\/www.jazzzeitung.de\/cms\/wp-content\/uploads\/2023\/01\/R1-09649-0005-min-scaled.jpg?resize=768%2C515&amp;ssl=1 768w, https:\/\/i0.wp.com\/www.jazzzeitung.de\/cms\/wp-content\/uploads\/2023\/01\/R1-09649-0005-min-scaled.jpg?resize=1536%2C1029&amp;ssl=1 1536w, https:\/\/i0.wp.com\/www.jazzzeitung.de\/cms\/wp-content\/uploads\/2023\/01\/R1-09649-0005-min-scaled.jpg?resize=2048%2C1373&amp;ssl=1 2048w, https:\/\/i0.wp.com\/www.jazzzeitung.de\/cms\/wp-content\/uploads\/2023\/01\/R1-09649-0005-min-scaled.jpg?resize=120%2C80&amp;ssl=1 120w, https:\/\/i0.wp.com\/www.jazzzeitung.de\/cms\/wp-content\/uploads\/2023\/01\/R1-09649-0005-min-scaled.jpg?resize=1320%2C885&amp;ssl=1 1320w, https:\/\/i0.wp.com\/www.jazzzeitung.de\/cms\/wp-content\/uploads\/2023\/01\/R1-09649-0005-min-scaled.jpg?w=1680&amp;ssl=1 1680w\" sizes=\"auto, (max-width: 840px) 100vw, 840px\" \/><figcaption id=\"caption-attachment-28989\" class=\"wp-caption-text\">\u2026an \u201eRecursion\u201c \u2013 Steven Koch, Christopher Retz und Jan KrauseFoto: Tobias M\u00fcller<\/figcaption><\/figure>\n<p>Musik braucht keine Tonabst\u00e4nde oder Notenwerte, sondern kann sich akustisch viel konkreter geb\u00e4rden, wenn das ganze H\u00f6rspektrum und die Fantasie der Ausf\u00fchrenden zur Echtzeit-Partitur wird. Gespenstische Lichtfinger bahnen sich Wege durch den Trockeneisnebel. Die Decke des Raumes, mit ihrer Kuppel und einem filigranen Kronleuchter an der Spitze ist mal in rot, dann in tiefes blau getaucht. Farbtemperaturen, die sich mit den warmen und k\u00fchlen, weich wabernden oder brillant plastischen, archaischen und technischen Kl\u00e4ngen vermengen, diese verst\u00e4rken und mit geometrischen Figuren beantworten.<\/p>\n<h3><strong>Die eine ging, die anderen kamen: Tomeke Reid und das Recursion-Kollektiv und lie\u00dfen in der Evangelischen Stadtkirche Moers die Kl\u00e4nge mit <\/strong><strong>Valentin Brux <\/strong><strong>Farben verschmelzen<\/strong><\/h3>\n<p>Mit \u201eRecursion\u201c, diesen drei jungen Stadtmusikern, die sich zum Teil noch im Studium befinden, setzen Festival-Leiter Tim Isfort und sein Kuratorinnen-Team einen sehr regionalen Akzent, da Christopher Retz, Steven Koch und Jan Krause alle aus Duisburg bzw. Moers selber kommen. Im zur\u00fcckliegenden Jahr wurde nicht nur Moers, sondern ganz NRW, aber auch das Berliner Jazzfest zum Brennpunkt f\u00fcr die vielf\u00e4ltigen Aktivit\u00e4ten einer der produktivsten amerikanischen Improvisationsmusiker*innen, der Cellistin Tomeka Reid.<\/p>\n<div class=\"tiled-gallery type-rectangular tiled-gallery-unresized\" data-original-width=\"840\" data-carousel-extra='{&quot;blog_id&quot;:1,&quot;permalink&quot;:&quot;https:\\\/\\\/www.jazzzeitung.de\\\/cms\\\/2023\\\/01\\\/klang-farben-von-tomeke-reid-und-recursion-kollektiv-in-der-stadtkirche-moers\\\/&quot;,&quot;likes_blog_id&quot;:55446655}' itemscope itemtype=\"http:\/\/schema.org\/ImageGallery\" > <div class=\"gallery-row\" style=\"width: 840px; height: 778px;\" data-original-width=\"840\" data-original-height=\"778\" > <div class=\"gallery-group images-3\" style=\"width: 320px; height: 778px;\" data-original-width=\"320\" data-original-height=\"778\" > <div class=\"tiled-gallery-item tiled-gallery-item-large\" itemprop=\"associatedMedia\" itemscope itemtype=\"http:\/\/schema.org\/ImageObject\"> <a href=\"https:\/\/www.jazzzeitung.de\/cms\/2023\/01\/klang-farben-von-tomeke-reid-und-recursion-kollektiv-in-der-stadtkirche-moers\/dsc03757\/\" border=\"0\" itemprop=\"url\"> <meta itemprop=\"width\" content=\"316\"> <meta itemprop=\"height\" content=\"210\"> <img decoding=\"async\" class=\"\" data-attachment-id=\"28979\" data-orig-file=\"https:\/\/www.jazzzeitung.de\/cms\/wp-content\/uploads\/2023\/01\/DSC03757-scaled.jpg\" data-orig-size=\"2560,1707\" data-comments-opened=\"1\" data-image-meta=\"{&quot;aperture&quot;:&quot;0&quot;,&quot;credit&quot;:&quot;&quot;,&quot;camera&quot;:&quot;&quot;,&quot;caption&quot;:&quot;&quot;,&quot;created_timestamp&quot;:&quot;0&quot;,&quot;copyright&quot;:&quot;&quot;,&quot;focal_length&quot;:&quot;0&quot;,&quot;iso&quot;:&quot;0&quot;,&quot;shutter_speed&quot;:&quot;0&quot;,&quot;title&quot;:&quot;&quot;,&quot;orientation&quot;:&quot;0&quot;}\" data-image-title=\"DSC03757\" data-image-description=\"\" data-medium-file=\"https:\/\/i0.wp.com\/www.jazzzeitung.de\/cms\/wp-content\/uploads\/2023\/01\/DSC03757-scaled.jpg?fit=300%2C200&#038;ssl=1\" data-large-file=\"https:\/\/i0.wp.com\/www.jazzzeitung.de\/cms\/wp-content\/uploads\/2023\/01\/DSC03757-scaled.jpg?fit=840%2C560&#038;ssl=1\" src=\"https:\/\/i0.wp.com\/www.jazzzeitung.de\/cms\/wp-content\/uploads\/2023\/01\/DSC03757-scaled.jpg?w=316&#038;h=210&#038;ssl=1\" srcset=\"https:\/\/i0.wp.com\/www.jazzzeitung.de\/cms\/wp-content\/uploads\/2023\/01\/DSC03757-scaled.jpg?w=2560&amp;ssl=1 2560w, https:\/\/i0.wp.com\/www.jazzzeitung.de\/cms\/wp-content\/uploads\/2023\/01\/DSC03757-scaled.jpg?resize=300%2C200&amp;ssl=1 300w, https:\/\/i0.wp.com\/www.jazzzeitung.de\/cms\/wp-content\/uploads\/2023\/01\/DSC03757-scaled.jpg?resize=900%2C600&amp;ssl=1 900w, https:\/\/i0.wp.com\/www.jazzzeitung.de\/cms\/wp-content\/uploads\/2023\/01\/DSC03757-scaled.jpg?resize=768%2C512&amp;ssl=1 768w, https:\/\/i0.wp.com\/www.jazzzeitung.de\/cms\/wp-content\/uploads\/2023\/01\/DSC03757-scaled.jpg?resize=1536%2C1024&amp;ssl=1 1536w, https:\/\/i0.wp.com\/www.jazzzeitung.de\/cms\/wp-content\/uploads\/2023\/01\/DSC03757-scaled.jpg?resize=2048%2C1365&amp;ssl=1 2048w, https:\/\/i0.wp.com\/www.jazzzeitung.de\/cms\/wp-content\/uploads\/2023\/01\/DSC03757-scaled.jpg?resize=120%2C80&amp;ssl=1 120w, https:\/\/i0.wp.com\/www.jazzzeitung.de\/cms\/wp-content\/uploads\/2023\/01\/DSC03757-scaled.jpg?resize=1320%2C880&amp;ssl=1 1320w, https:\/\/i0.wp.com\/www.jazzzeitung.de\/cms\/wp-content\/uploads\/2023\/01\/DSC03757-scaled.jpg?w=1680&amp;ssl=1 1680w\" width=\"316\" height=\"210\" loading=\"lazy\" data-original-width=\"316\" data-original-height=\"210\" itemprop=\"http:\/\/schema.org\/image\" title=\"DSC03757\" alt=\"Ein Konzert mit vielen (Klang-)Farben. Foto: Stefan Pieper\" style=\"width: 316px; height: 210px;\" \/> <\/a> <div class=\"tiled-gallery-caption\" itemprop=\"caption description\"> Ein Konzert mit vielen (Klang-)Farben. Foto: Stefan Pieper <\/div> <\/div> <div class=\"tiled-gallery-item tiled-gallery-item-large\" itemprop=\"associatedMedia\" itemscope itemtype=\"http:\/\/schema.org\/ImageObject\"> <a href=\"https:\/\/www.jazzzeitung.de\/cms\/2023\/01\/klang-farben-von-tomeke-reid-und-recursion-kollektiv-in-der-stadtkirche-moers\/christopher-retz-stefan-pieper\/\" border=\"0\" itemprop=\"url\"> <meta itemprop=\"width\" content=\"316\"> <meta itemprop=\"height\" content=\"308\"> <img decoding=\"async\" class=\"\" data-attachment-id=\"28975\" data-orig-file=\"https:\/\/www.jazzzeitung.de\/cms\/wp-content\/uploads\/2023\/01\/Christopher-Retz-\u00a9-stefan-pieper-scaled.jpg\" data-orig-size=\"2560,2497\" data-comments-opened=\"1\" data-image-meta=\"{&quot;aperture&quot;:&quot;0&quot;,&quot;credit&quot;:&quot;&quot;,&quot;camera&quot;:&quot;&quot;,&quot;caption&quot;:&quot;&quot;,&quot;created_timestamp&quot;:&quot;0&quot;,&quot;copyright&quot;:&quot;&quot;,&quot;focal_length&quot;:&quot;0&quot;,&quot;iso&quot;:&quot;0&quot;,&quot;shutter_speed&quot;:&quot;0&quot;,&quot;title&quot;:&quot;&quot;,&quot;orientation&quot;:&quot;0&quot;}\" data-image-title=\"Christopher Retz \u00a9 stefan pieper\" data-image-description=\"\" data-medium-file=\"https:\/\/i0.wp.com\/www.jazzzeitung.de\/cms\/wp-content\/uploads\/2023\/01\/Christopher-Retz-%C2%A9-stefan-pieper-scaled.jpg?fit=300%2C293&#038;ssl=1\" data-large-file=\"https:\/\/i0.wp.com\/www.jazzzeitung.de\/cms\/wp-content\/uploads\/2023\/01\/Christopher-Retz-%C2%A9-stefan-pieper-scaled.jpg?fit=615%2C600&#038;ssl=1\" src=\"https:\/\/i0.wp.com\/www.jazzzeitung.de\/cms\/wp-content\/uploads\/2023\/01\/Christopher-Retz-%C2%A9-stefan-pieper-scaled.jpg?w=316&#038;h=308&#038;ssl=1\" width=\"316\" height=\"308\" loading=\"lazy\" data-original-width=\"316\" data-original-height=\"308\" itemprop=\"http:\/\/schema.org\/image\" title=\"Christopher Retz \u00a9 stefan pieper\" alt=\"an der Gitarre: Jan Krause. Foto: Stefan Pieper\" style=\"width: 316px; height: 308px;\" \/> <\/a> <div class=\"tiled-gallery-caption\" itemprop=\"caption description\"> an der Gitarre: Jan Krause. Foto: Stefan Pieper <\/div> <\/div> <div class=\"tiled-gallery-item tiled-gallery-item-large\" itemprop=\"associatedMedia\" itemscope itemtype=\"http:\/\/schema.org\/ImageObject\"> <a href=\"https:\/\/www.jazzzeitung.de\/cms\/2023\/01\/klang-farben-von-tomeke-reid-und-recursion-kollektiv-in-der-stadtkirche-moers\/dsc00786\/\" border=\"0\" itemprop=\"url\"> <meta itemprop=\"width\" content=\"316\"> <meta itemprop=\"height\" content=\"248\"> <img decoding=\"async\" class=\"\" data-attachment-id=\"28977\" data-orig-file=\"https:\/\/www.jazzzeitung.de\/cms\/wp-content\/uploads\/2023\/01\/DSC00786-scaled.jpg\" data-orig-size=\"2560,2014\" data-comments-opened=\"1\" data-image-meta=\"{&quot;aperture&quot;:&quot;3.5&quot;,&quot;credit&quot;:&quot;Picasa&quot;,&quot;camera&quot;:&quot;SLT-A58&quot;,&quot;caption&quot;:&quot;&quot;,&quot;created_timestamp&quot;:&quot;1459685168&quot;,&quot;copyright&quot;:&quot;&quot;,&quot;focal_length&quot;:&quot;18&quot;,&quot;iso&quot;:&quot;2000&quot;,&quot;shutter_speed&quot;:&quot;0.016666666666667&quot;,&quot;title&quot;:&quot;&quot;,&quot;orientation&quot;:&quot;1&quot;}\" data-image-title=\"DSC00786\" data-image-description=\"\" data-medium-file=\"https:\/\/i0.wp.com\/www.jazzzeitung.de\/cms\/wp-content\/uploads\/2023\/01\/DSC00786-scaled.jpg?fit=300%2C236&#038;ssl=1\" data-large-file=\"https:\/\/i0.wp.com\/www.jazzzeitung.de\/cms\/wp-content\/uploads\/2023\/01\/DSC00786-scaled.jpg?fit=763%2C600&#038;ssl=1\" src=\"https:\/\/i0.wp.com\/www.jazzzeitung.de\/cms\/wp-content\/uploads\/2023\/01\/DSC00786-scaled.jpg?w=316&#038;h=248&#038;ssl=1\" srcset=\"https:\/\/i0.wp.com\/www.jazzzeitung.de\/cms\/wp-content\/uploads\/2023\/01\/DSC00786-scaled.jpg?w=2560&amp;ssl=1 2560w, https:\/\/i0.wp.com\/www.jazzzeitung.de\/cms\/wp-content\/uploads\/2023\/01\/DSC00786-scaled.jpg?resize=300%2C236&amp;ssl=1 300w, https:\/\/i0.wp.com\/www.jazzzeitung.de\/cms\/wp-content\/uploads\/2023\/01\/DSC00786-scaled.jpg?resize=763%2C600&amp;ssl=1 763w, https:\/\/i0.wp.com\/www.jazzzeitung.de\/cms\/wp-content\/uploads\/2023\/01\/DSC00786-scaled.jpg?resize=768%2C604&amp;ssl=1 768w, https:\/\/i0.wp.com\/www.jazzzeitung.de\/cms\/wp-content\/uploads\/2023\/01\/DSC00786-scaled.jpg?resize=1536%2C1209&amp;ssl=1 1536w, https:\/\/i0.wp.com\/www.jazzzeitung.de\/cms\/wp-content\/uploads\/2023\/01\/DSC00786-scaled.jpg?resize=2048%2C1611&amp;ssl=1 2048w, https:\/\/i0.wp.com\/www.jazzzeitung.de\/cms\/wp-content\/uploads\/2023\/01\/DSC00786-scaled.jpg?resize=1320%2C1039&amp;ssl=1 1320w, https:\/\/i0.wp.com\/www.jazzzeitung.de\/cms\/wp-content\/uploads\/2023\/01\/DSC00786-scaled.jpg?w=1680&amp;ssl=1 1680w\" width=\"316\" height=\"248\" loading=\"lazy\" data-original-width=\"316\" data-original-height=\"248\" itemprop=\"http:\/\/schema.org\/image\" title=\"DSC00786\" alt=\"Als w\u00e4re die Stadtkirche Moers genau daf\u00fcr gebaut worden. Foto: Stefan Pieper\" style=\"width: 316px; height: 248px;\" \/> <\/a> <div class=\"tiled-gallery-caption\" itemprop=\"caption description\"> Als w\u00e4re die Stadtkirche Moers genau daf\u00fcr gebaut worden. Foto: Stefan Pieper <\/div> <\/div> <\/div> <!-- close group --> <div class=\"gallery-group images-1\" style=\"width: 520px; height: 778px;\" data-original-width=\"520\" data-original-height=\"778\" > <div class=\"tiled-gallery-item tiled-gallery-item-large\" itemprop=\"associatedMedia\" itemscope itemtype=\"http:\/\/schema.org\/ImageObject\"> <a href=\"https:\/\/www.jazzzeitung.de\/cms\/2023\/01\/klang-farben-von-tomeke-reid-und-recursion-kollektiv-in-der-stadtkirche-moers\/dsc03745\/\" border=\"0\" itemprop=\"url\"> <meta itemprop=\"width\" content=\"516\"> <meta itemprop=\"height\" content=\"774\"> <img decoding=\"async\" class=\"\" data-attachment-id=\"28978\" data-orig-file=\"https:\/\/www.jazzzeitung.de\/cms\/wp-content\/uploads\/2023\/01\/DSC03745-scaled.jpg\" data-orig-size=\"1707,2560\" data-comments-opened=\"1\" data-image-meta=\"{&quot;aperture&quot;:&quot;2.8&quot;,&quot;credit&quot;:&quot;&quot;,&quot;camera&quot;:&quot;DSC-RX10&quot;,&quot;caption&quot;:&quot;&quot;,&quot;created_timestamp&quot;:&quot;1674419086&quot;,&quot;copyright&quot;:&quot;&quot;,&quot;focal_length&quot;:&quot;8.81&quot;,&quot;iso&quot;:&quot;2000&quot;,&quot;shutter_speed&quot;:&quot;0.033333333333333&quot;,&quot;title&quot;:&quot;&quot;,&quot;orientation&quot;:&quot;1&quot;}\" data-image-title=\"DSC03745\" data-image-description=\"\" data-medium-file=\"https:\/\/i0.wp.com\/www.jazzzeitung.de\/cms\/wp-content\/uploads\/2023\/01\/DSC03745-scaled.jpg?fit=200%2C300&#038;ssl=1\" data-large-file=\"https:\/\/i0.wp.com\/www.jazzzeitung.de\/cms\/wp-content\/uploads\/2023\/01\/DSC03745-scaled.jpg?fit=400%2C600&#038;ssl=1\" src=\"https:\/\/i0.wp.com\/www.jazzzeitung.de\/cms\/wp-content\/uploads\/2023\/01\/DSC03745-scaled.jpg?w=516&#038;h=774&#038;ssl=1\" srcset=\"https:\/\/i0.wp.com\/www.jazzzeitung.de\/cms\/wp-content\/uploads\/2023\/01\/DSC03745-scaled.jpg?w=1707&amp;ssl=1 1707w, https:\/\/i0.wp.com\/www.jazzzeitung.de\/cms\/wp-content\/uploads\/2023\/01\/DSC03745-scaled.jpg?resize=200%2C300&amp;ssl=1 200w, https:\/\/i0.wp.com\/www.jazzzeitung.de\/cms\/wp-content\/uploads\/2023\/01\/DSC03745-scaled.jpg?resize=400%2C600&amp;ssl=1 400w, https:\/\/i0.wp.com\/www.jazzzeitung.de\/cms\/wp-content\/uploads\/2023\/01\/DSC03745-scaled.jpg?resize=768%2C1152&amp;ssl=1 768w, https:\/\/i0.wp.com\/www.jazzzeitung.de\/cms\/wp-content\/uploads\/2023\/01\/DSC03745-scaled.jpg?resize=1024%2C1536&amp;ssl=1 1024w, https:\/\/i0.wp.com\/www.jazzzeitung.de\/cms\/wp-content\/uploads\/2023\/01\/DSC03745-scaled.jpg?resize=1365%2C2048&amp;ssl=1 1365w, https:\/\/i0.wp.com\/www.jazzzeitung.de\/cms\/wp-content\/uploads\/2023\/01\/DSC03745-scaled.jpg?resize=1320%2C1980&amp;ssl=1 1320w\" width=\"516\" height=\"774\" loading=\"lazy\" data-original-width=\"516\" data-original-height=\"774\" itemprop=\"http:\/\/schema.org\/image\" title=\"DSC03745\" alt=\"Das \u201eRecursion-Kollektiv\u201c feat. Tameka Reid. Foto: Stefan Pieper\" style=\"width: 516px; height: 774px;\" \/> <\/a> <div class=\"tiled-gallery-caption\" itemprop=\"caption description\"> Das \u201eRecursion-Kollektiv\u201c feat. Tameka Reid. Foto: Stefan Pieper <\/div> <\/div> <\/div> <!-- close group --> <\/div> <!-- close row --> <div class=\"gallery-row\" style=\"width: 840px; height: 403px;\" data-original-width=\"840\" data-original-height=\"403\" > <div class=\"gallery-group images-1\" style=\"width: 604px; height: 403px;\" data-original-width=\"604\" data-original-height=\"403\" > <div class=\"tiled-gallery-item tiled-gallery-item-large\" itemprop=\"associatedMedia\" itemscope itemtype=\"http:\/\/schema.org\/ImageObject\"> <a href=\"https:\/\/www.jazzzeitung.de\/cms\/2023\/01\/klang-farben-von-tomeke-reid-und-recursion-kollektiv-in-der-stadtkirche-moers\/tomeka-reid-st-pieper\/\" border=\"0\" itemprop=\"url\"> <meta itemprop=\"width\" content=\"600\"> <meta itemprop=\"height\" content=\"399\"> <img decoding=\"async\" class=\"\" data-attachment-id=\"28974\" data-orig-file=\"https:\/\/www.jazzzeitung.de\/cms\/wp-content\/uploads\/2023\/01\/Tomeka-Reid-\u00a9-st-pieper-scaled.jpg\" data-orig-size=\"2560,1704\" data-comments-opened=\"1\" data-image-meta=\"{&quot;aperture&quot;:&quot;0&quot;,&quot;credit&quot;:&quot;&quot;,&quot;camera&quot;:&quot;&quot;,&quot;caption&quot;:&quot;&quot;,&quot;created_timestamp&quot;:&quot;0&quot;,&quot;copyright&quot;:&quot;&quot;,&quot;focal_length&quot;:&quot;0&quot;,&quot;iso&quot;:&quot;0&quot;,&quot;shutter_speed&quot;:&quot;0&quot;,&quot;title&quot;:&quot;&quot;,&quot;orientation&quot;:&quot;0&quot;}\" data-image-title=\"Tomeka Reid \u00a9 st pieper\" data-image-description=\"\" data-medium-file=\"https:\/\/i0.wp.com\/www.jazzzeitung.de\/cms\/wp-content\/uploads\/2023\/01\/Tomeka-Reid-%C2%A9-st-pieper-scaled.jpg?fit=300%2C200&#038;ssl=1\" data-large-file=\"https:\/\/i0.wp.com\/www.jazzzeitung.de\/cms\/wp-content\/uploads\/2023\/01\/Tomeka-Reid-%C2%A9-st-pieper-scaled.jpg?fit=840%2C560&#038;ssl=1\" src=\"https:\/\/i0.wp.com\/www.jazzzeitung.de\/cms\/wp-content\/uploads\/2023\/01\/Tomeka-Reid-%C2%A9-st-pieper-scaled.jpg?w=600&#038;h=399&#038;ssl=1\" width=\"600\" height=\"399\" loading=\"lazy\" data-original-width=\"600\" data-original-height=\"399\" itemprop=\"http:\/\/schema.org\/image\" title=\"Tomeka Reid \u00a9 st pieper\" alt=\"Tomeka Reid (Foto: Stefan Pieper)\" style=\"width: 600px; height: 399px;\" \/> <\/a> <div class=\"tiled-gallery-caption\" itemprop=\"caption description\"> Tomeka Reid (Foto: Stefan Pieper) <\/div> <\/div> <\/div> <!-- close group --> <div class=\"gallery-group images-2\" style=\"width: 236px; height: 403px;\" data-original-width=\"236\" data-original-height=\"403\" > <div class=\"tiled-gallery-item tiled-gallery-item-small\" itemprop=\"associatedMedia\" itemscope itemtype=\"http:\/\/schema.org\/ImageObject\"> <a href=\"https:\/\/www.jazzzeitung.de\/cms\/2023\/01\/klang-farben-von-tomeke-reid-und-recursion-kollektiv-in-der-stadtkirche-moers\/dsc00782\/\" border=\"0\" itemprop=\"url\"> <meta itemprop=\"width\" content=\"232\"> <meta itemprop=\"height\" content=\"154\"> <img decoding=\"async\" class=\"\" data-attachment-id=\"28976\" data-orig-file=\"https:\/\/www.jazzzeitung.de\/cms\/wp-content\/uploads\/2023\/01\/DSC00782-scaled.jpg\" data-orig-size=\"2560,1704\" data-comments-opened=\"1\" data-image-meta=\"{&quot;aperture&quot;:&quot;3.5&quot;,&quot;credit&quot;:&quot;Picasa&quot;,&quot;camera&quot;:&quot;SLT-A58&quot;,&quot;caption&quot;:&quot;&quot;,&quot;created_timestamp&quot;:&quot;1459684146&quot;,&quot;copyright&quot;:&quot;&quot;,&quot;focal_length&quot;:&quot;18&quot;,&quot;iso&quot;:&quot;3200&quot;,&quot;shutter_speed&quot;:&quot;0.16666666666667&quot;,&quot;title&quot;:&quot;&quot;,&quot;orientation&quot;:&quot;1&quot;}\" data-image-title=\"DSC00782\" data-image-description=\"\" data-medium-file=\"https:\/\/i0.wp.com\/www.jazzzeitung.de\/cms\/wp-content\/uploads\/2023\/01\/DSC00782-scaled.jpg?fit=300%2C200&#038;ssl=1\" data-large-file=\"https:\/\/i0.wp.com\/www.jazzzeitung.de\/cms\/wp-content\/uploads\/2023\/01\/DSC00782-scaled.jpg?fit=840%2C560&#038;ssl=1\" src=\"https:\/\/i0.wp.com\/www.jazzzeitung.de\/cms\/wp-content\/uploads\/2023\/01\/DSC00782-scaled.jpg?w=232&#038;h=154&#038;ssl=1\" srcset=\"https:\/\/i0.wp.com\/www.jazzzeitung.de\/cms\/wp-content\/uploads\/2023\/01\/DSC00782-scaled.jpg?w=2560&amp;ssl=1 2560w, https:\/\/i0.wp.com\/www.jazzzeitung.de\/cms\/wp-content\/uploads\/2023\/01\/DSC00782-scaled.jpg?resize=300%2C200&amp;ssl=1 300w, https:\/\/i0.wp.com\/www.jazzzeitung.de\/cms\/wp-content\/uploads\/2023\/01\/DSC00782-scaled.jpg?resize=900%2C600&amp;ssl=1 900w, https:\/\/i0.wp.com\/www.jazzzeitung.de\/cms\/wp-content\/uploads\/2023\/01\/DSC00782-scaled.jpg?resize=768%2C511&amp;ssl=1 768w, https:\/\/i0.wp.com\/www.jazzzeitung.de\/cms\/wp-content\/uploads\/2023\/01\/DSC00782-scaled.jpg?resize=1536%2C1022&amp;ssl=1 1536w, https:\/\/i0.wp.com\/www.jazzzeitung.de\/cms\/wp-content\/uploads\/2023\/01\/DSC00782-scaled.jpg?resize=2048%2C1363&amp;ssl=1 2048w, https:\/\/i0.wp.com\/www.jazzzeitung.de\/cms\/wp-content\/uploads\/2023\/01\/DSC00782-scaled.jpg?resize=120%2C80&amp;ssl=1 120w, https:\/\/i0.wp.com\/www.jazzzeitung.de\/cms\/wp-content\/uploads\/2023\/01\/DSC00782-scaled.jpg?resize=1320%2C879&amp;ssl=1 1320w, https:\/\/i0.wp.com\/www.jazzzeitung.de\/cms\/wp-content\/uploads\/2023\/01\/DSC00782-scaled.jpg?w=1680&amp;ssl=1 1680w\" width=\"232\" height=\"154\" loading=\"lazy\" data-original-width=\"232\" data-original-height=\"154\" itemprop=\"http:\/\/schema.org\/image\" title=\"DSC00782\" alt=\"Die Musik knarzt, zirpt, knattert, wabert, schwirrt und pulsiert; Valentin Brux\u2019 Lichtdesign strahlt. Foto: Stefan Pieper\" style=\"width: 232px; height: 154px;\" \/> <\/a> <div class=\"tiled-gallery-caption\" itemprop=\"caption description\"> Die Musik knarzt, zirpt, knattert, wabert, schwirrt und pulsiert; Valentin Brux\u2019 Lichtdesign strahlt. Foto: Stefan Pieper <\/div> <\/div> <div class=\"tiled-gallery-item tiled-gallery-item-small\" itemprop=\"associatedMedia\" itemscope itemtype=\"http:\/\/schema.org\/ImageObject\"> <a href=\"https:\/\/www.jazzzeitung.de\/cms\/2023\/01\/klang-farben-von-tomeke-reid-und-recursion-kollektiv-in-der-stadtkirche-moers\/steven-koch-stefan-pieper\/\" border=\"0\" itemprop=\"url\"> <meta itemprop=\"width\" content=\"232\"> <meta itemprop=\"height\" content=\"241\"> <img decoding=\"async\" class=\"\" data-attachment-id=\"28980\" data-orig-file=\"https:\/\/www.jazzzeitung.de\/cms\/wp-content\/uploads\/2023\/01\/Steven-Koch-\u00a9-stefan-pieper-scaled.jpg\" data-orig-size=\"2462,2560\" data-comments-opened=\"1\" data-image-meta=\"{&quot;aperture&quot;:&quot;0&quot;,&quot;credit&quot;:&quot;&quot;,&quot;camera&quot;:&quot;&quot;,&quot;caption&quot;:&quot;&quot;,&quot;created_timestamp&quot;:&quot;0&quot;,&quot;copyright&quot;:&quot;&quot;,&quot;focal_length&quot;:&quot;0&quot;,&quot;iso&quot;:&quot;0&quot;,&quot;shutter_speed&quot;:&quot;0&quot;,&quot;title&quot;:&quot;&quot;,&quot;orientation&quot;:&quot;0&quot;}\" data-image-title=\"Steven Koch \u00a9 stefan pieper\" data-image-description=\"\" data-medium-file=\"https:\/\/i0.wp.com\/www.jazzzeitung.de\/cms\/wp-content\/uploads\/2023\/01\/Steven-Koch-%C2%A9-stefan-pieper-scaled.jpg?fit=289%2C300&#038;ssl=1\" data-large-file=\"https:\/\/i0.wp.com\/www.jazzzeitung.de\/cms\/wp-content\/uploads\/2023\/01\/Steven-Koch-%C2%A9-stefan-pieper-scaled.jpg?fit=577%2C600&#038;ssl=1\" src=\"https:\/\/i0.wp.com\/www.jazzzeitung.de\/cms\/wp-content\/uploads\/2023\/01\/Steven-Koch-%C2%A9-stefan-pieper-scaled.jpg?w=232&#038;h=241&#038;ssl=1\" width=\"232\" height=\"241\" loading=\"lazy\" data-original-width=\"232\" data-original-height=\"241\" itemprop=\"http:\/\/schema.org\/image\" title=\"Steven Koch \u00a9 stefan pieper\" alt=\"Steven Koch mixt effektvoll. Foto: Stefan Pieper\" style=\"width: 232px; height: 241px;\" \/> <\/a> <div class=\"tiled-gallery-caption\" itemprop=\"caption description\"> Steven Koch mixt effektvoll. Foto: Stefan Pieper <\/div> <\/div> <\/div> <!-- close group --> <\/div> <!-- close row --> <\/div>\n<p>Text und Fotos: Stefan Pieper<\/p>\n","protected":false},"excerpt":{"rendered":"<p>(Von Stefan Pieper) Improvisor in Residence \u2013 dieses Arbeitsstipendium der Kulturstiftung NRW f\u00fcr eine Stadtmusikerin oder einen Stadtmusiker rund um das Moers-Festival ist seit seiner Einf\u00fchrung im Jahr 2008 zur Erfolgsstory geworden. Damit wechseln sich jedes Jahr aufs Neue die kreativen Farben ab, mit denen der Geist des Festivals immer wieder neu in die Stadtkultur hineinstrahlt. Ein gro\u00dfer Moment ist das allj\u00e4hrliche \u00dcbergabekonzert. Der aktuelle Wechsel erfolgte von der Chicagoer Cellistin Tomeka Reid zum \u201eRecursion-Kollektiv\u201c, wohinter sich die drei jungen Elektronik-Musiker Christopher Retz, Steven Koch und Jan Krause verbergen. Das gemeinsame Miteinander in der Evangelischen Stadtkirche lief auf Verschmelzung f\u00fcr alle Sinne hinaus. Ein Streichinstrument, eine E-Gitarre und viel Elektronik plus eine konsequent auf die Spitze getriebene Lichtregie in einem Kirchenraum, der w\u00e4hrend dieser intensiven Stunde so funktionierte, als w\u00e4re er zu nichts anderem gebaut worden. Das konnte man zumindest imaginieren inmitten dieses syn\u00e4sthetischen Strudels aus Klang, T\u00f6nen, Farben, Frequenzen und Lichtimpulsen. Tomeka Reid, die universelle amerikanische Cellistin, die zu diesem Anlass noch einmal aus Chicago nach Moers angereist kam, ging geschmeidig in diesem Setup auf. Ein f\u00fcnfter Improvisator war der Lichtdesigner Valentin Brux, der &hellip;<\/p>\n","protected":false},"author":18,"featured_media":28977,"comment_status":"open","ping_status":"closed","sticky":false,"template":"","format":"standard","meta":{"_jetpack_memberships_contains_paid_content":false,"footnotes":"","jetpack_publicize_message":"","jetpack_publicize_feature_enabled":true,"jetpack_social_post_already_shared":false,"jetpack_social_options":{"image_generator_settings":{"template":"highway","default_image_id":0,"font":"","enabled":false},"version":2}},"categories":[1053],"tags":[4545,4544,112,4409,3657,682,4551,3408,4411,751,4550,396,397,4547,3132,4546,4548,1129,4410,4154,3250,4549],"coauthors":[695],"class_list":["post-28973","post","type-post","status-publish","format-standard","has-post-thumbnail","hentry","category-bericht","tag-berliner-jazzfest","tag-cello","tag-chicago","tag-christopher-retz","tag-duisburg","tag-festivals","tag-improvisor-in-residence","tag-isfort","tag-jan-krause","tag-jazzfest","tag-lichtdesign","tag-moers","tag-moers-festival","tag-moerser-stadtkirche","tag-nrw","tag-recursion","tag-stadtkirche-moers","tag-stefan-pieper","tag-steven-koch","tag-tim-isfort","tag-tomeka-reid","tag-valentin-brux"],"yoast_head":"<!-- This site is optimized with the Yoast SEO plugin v27.5 - https:\/\/yoast.com\/product\/yoast-seo-wordpress\/ -->\n<title>Klang-Farben von Tomeka Reid und Recursion-Kollektiv in der Stadtkirche Moers - JazzZeitung<\/title>\n<meta name=\"robots\" content=\"index, follow, max-snippet:-1, max-image-preview:large, max-video-preview:-1\" \/>\n<link rel=\"canonical\" href=\"https:\/\/www.jazzzeitung.de\/cms\/2023\/01\/klang-farben-von-tomeke-reid-und-recursion-kollektiv-in-der-stadtkirche-moers\/\" \/>\n<meta property=\"og:locale\" content=\"de_DE\" \/>\n<meta property=\"og:type\" content=\"article\" \/>\n<meta property=\"og:title\" content=\"Klang-Farben von Tomeka Reid und Recursion-Kollektiv in der Stadtkirche Moers - JazzZeitung\" \/>\n<meta property=\"og:description\" content=\"(Von Stefan Pieper) Improvisor in Residence \u2013 dieses Arbeitsstipendium der Kulturstiftung NRW f\u00fcr eine Stadtmusikerin oder einen Stadtmusiker rund um das Moers-Festival ist seit seiner Einf\u00fchrung im Jahr 2008 zur Erfolgsstory geworden. Damit wechseln sich jedes Jahr aufs Neue die kreativen Farben ab, mit denen der Geist des Festivals immer wieder neu in die Stadtkultur hineinstrahlt. Ein gro\u00dfer Moment ist das allj\u00e4hrliche \u00dcbergabekonzert. Der aktuelle Wechsel erfolgte von der Chicagoer Cellistin Tomeka Reid zum \u201eRecursion-Kollektiv\u201c, wohinter sich die drei jungen Elektronik-Musiker Christopher Retz, Steven Koch und Jan Krause verbergen. Das gemeinsame Miteinander in der Evangelischen Stadtkirche lief auf Verschmelzung f\u00fcr alle Sinne hinaus. Ein Streichinstrument, eine E-Gitarre und viel Elektronik plus eine konsequent auf die Spitze getriebene Lichtregie in einem Kirchenraum, der w\u00e4hrend dieser intensiven Stunde so funktionierte, als w\u00e4re er zu nichts anderem gebaut worden. Das konnte man zumindest imaginieren inmitten dieses syn\u00e4sthetischen Strudels aus Klang, T\u00f6nen, Farben, Frequenzen und Lichtimpulsen. Tomeka Reid, die universelle amerikanische Cellistin, die zu diesem Anlass noch einmal aus Chicago nach Moers angereist kam, ging geschmeidig in diesem Setup auf. Ein f\u00fcnfter Improvisator war der Lichtdesigner Valentin Brux, der &hellip;\" \/>\n<meta property=\"og:url\" content=\"https:\/\/www.jazzzeitung.de\/cms\/2023\/01\/klang-farben-von-tomeke-reid-und-recursion-kollektiv-in-der-stadtkirche-moers\/\" \/>\n<meta property=\"og:site_name\" content=\"JazzZeitung\" \/>\n<meta property=\"article:publisher\" content=\"https:\/\/www.facebook.com\/JazzZeitung\/\" \/>\n<meta property=\"article:published_time\" content=\"2023-01-26T12:21:56+00:00\" \/>\n<meta property=\"article:modified_time\" content=\"2023-01-30T20:04:03+00:00\" \/>\n<meta property=\"og:image\" content=\"https:\/\/www.jazzzeitung.de\/cms\/wp-content\/uploads\/2023\/01\/DSC00786-scaled.jpg\" \/>\n\t<meta property=\"og:image:width\" content=\"2560\" \/>\n\t<meta property=\"og:image:height\" content=\"2014\" \/>\n\t<meta property=\"og:image:type\" content=\"image\/jpeg\" \/>\n<meta name=\"author\" content=\"Redaktion JazzZeitung\" \/>\n<script type=\"application\/ld+json\" class=\"yoast-schema-graph\">{\"@context\":\"https:\\\/\\\/schema.org\",\"@graph\":[{\"@type\":\"Article\",\"@id\":\"https:\\\/\\\/www.jazzzeitung.de\\\/cms\\\/2023\\\/01\\\/klang-farben-von-tomeke-reid-und-recursion-kollektiv-in-der-stadtkirche-moers\\\/#article\",\"isPartOf\":{\"@id\":\"https:\\\/\\\/www.jazzzeitung.de\\\/cms\\\/2023\\\/01\\\/klang-farben-von-tomeke-reid-und-recursion-kollektiv-in-der-stadtkirche-moers\\\/\"},\"author\":{\"name\":\"Redaktion JazzZeitung\",\"@id\":\"https:\\\/\\\/www.jazzzeitung.de\\\/cms\\\/#\\\/schema\\\/person\\\/2245b36b9cd1d24cea10f01c031fb92b\"},\"headline\":\"Klang-Farben von Tomeka Reid und Recursion-Kollektiv in der Stadtkirche Moers\",\"datePublished\":\"2023-01-26T12:21:56+00:00\",\"dateModified\":\"2023-01-30T20:04:03+00:00\",\"mainEntityOfPage\":{\"@id\":\"https:\\\/\\\/www.jazzzeitung.de\\\/cms\\\/2023\\\/01\\\/klang-farben-von-tomeke-reid-und-recursion-kollektiv-in-der-stadtkirche-moers\\\/\"},\"wordCount\":528,\"commentCount\":0,\"publisher\":{\"@id\":\"https:\\\/\\\/www.jazzzeitung.de\\\/cms\\\/#organization\"},\"image\":{\"@id\":\"https:\\\/\\\/www.jazzzeitung.de\\\/cms\\\/2023\\\/01\\\/klang-farben-von-tomeke-reid-und-recursion-kollektiv-in-der-stadtkirche-moers\\\/#primaryimage\"},\"thumbnailUrl\":\"https:\\\/\\\/i0.wp.com\\\/www.jazzzeitung.de\\\/cms\\\/wp-content\\\/uploads\\\/2023\\\/01\\\/DSC00786-scaled.jpg?fit=2560%2C2014&ssl=1\",\"keywords\":[\"Berliner Jazzfest\",\"Cello\",\"Chicago\",\"Christopher Retz\",\"Duisburg\",\"Festivals\",\"Improvisor in Residence\",\"Isfort\",\"Jan Krause\",\"Jazzfest\",\"Lichtdesign\",\"Moers\",\"Moers Festival\",\"Moerser Stadtkirche\",\"NRW\",\"Recursion\",\"Stadtkirche Moers\",\"Stefan Pieper\",\"Steven Koch\",\"Tim Isfort\",\"Tomeka Reid\",\"Valentin Brux\"],\"articleSection\":[\"Bericht\"],\"inLanguage\":\"de\",\"potentialAction\":[{\"@type\":\"CommentAction\",\"name\":\"Comment\",\"target\":[\"https:\\\/\\\/www.jazzzeitung.de\\\/cms\\\/2023\\\/01\\\/klang-farben-von-tomeke-reid-und-recursion-kollektiv-in-der-stadtkirche-moers\\\/#respond\"]}]},{\"@type\":\"WebPage\",\"@id\":\"https:\\\/\\\/www.jazzzeitung.de\\\/cms\\\/2023\\\/01\\\/klang-farben-von-tomeke-reid-und-recursion-kollektiv-in-der-stadtkirche-moers\\\/\",\"url\":\"https:\\\/\\\/www.jazzzeitung.de\\\/cms\\\/2023\\\/01\\\/klang-farben-von-tomeke-reid-und-recursion-kollektiv-in-der-stadtkirche-moers\\\/\",\"name\":\"Klang-Farben von Tomeka Reid und Recursion-Kollektiv in der Stadtkirche Moers - JazzZeitung\",\"isPartOf\":{\"@id\":\"https:\\\/\\\/www.jazzzeitung.de\\\/cms\\\/#website\"},\"primaryImageOfPage\":{\"@id\":\"https:\\\/\\\/www.jazzzeitung.de\\\/cms\\\/2023\\\/01\\\/klang-farben-von-tomeke-reid-und-recursion-kollektiv-in-der-stadtkirche-moers\\\/#primaryimage\"},\"image\":{\"@id\":\"https:\\\/\\\/www.jazzzeitung.de\\\/cms\\\/2023\\\/01\\\/klang-farben-von-tomeke-reid-und-recursion-kollektiv-in-der-stadtkirche-moers\\\/#primaryimage\"},\"thumbnailUrl\":\"https:\\\/\\\/i0.wp.com\\\/www.jazzzeitung.de\\\/cms\\\/wp-content\\\/uploads\\\/2023\\\/01\\\/DSC00786-scaled.jpg?fit=2560%2C2014&ssl=1\",\"datePublished\":\"2023-01-26T12:21:56+00:00\",\"dateModified\":\"2023-01-30T20:04:03+00:00\",\"breadcrumb\":{\"@id\":\"https:\\\/\\\/www.jazzzeitung.de\\\/cms\\\/2023\\\/01\\\/klang-farben-von-tomeke-reid-und-recursion-kollektiv-in-der-stadtkirche-moers\\\/#breadcrumb\"},\"inLanguage\":\"de\",\"potentialAction\":[{\"@type\":\"ReadAction\",\"target\":[\"https:\\\/\\\/www.jazzzeitung.de\\\/cms\\\/2023\\\/01\\\/klang-farben-von-tomeke-reid-und-recursion-kollektiv-in-der-stadtkirche-moers\\\/\"]}]},{\"@type\":\"ImageObject\",\"inLanguage\":\"de\",\"@id\":\"https:\\\/\\\/www.jazzzeitung.de\\\/cms\\\/2023\\\/01\\\/klang-farben-von-tomeke-reid-und-recursion-kollektiv-in-der-stadtkirche-moers\\\/#primaryimage\",\"url\":\"https:\\\/\\\/i0.wp.com\\\/www.jazzzeitung.de\\\/cms\\\/wp-content\\\/uploads\\\/2023\\\/01\\\/DSC00786-scaled.jpg?fit=2560%2C2014&ssl=1\",\"contentUrl\":\"https:\\\/\\\/i0.wp.com\\\/www.jazzzeitung.de\\\/cms\\\/wp-content\\\/uploads\\\/2023\\\/01\\\/DSC00786-scaled.jpg?fit=2560%2C2014&ssl=1\",\"width\":2560,\"height\":2014,\"caption\":\"Als w\u00e4re die Stadtkirche Moers genau daf\u00fcr gebaut worden. Foto: Stefan Pieper\"},{\"@type\":\"BreadcrumbList\",\"@id\":\"https:\\\/\\\/www.jazzzeitung.de\\\/cms\\\/2023\\\/01\\\/klang-farben-von-tomeke-reid-und-recursion-kollektiv-in-der-stadtkirche-moers\\\/#breadcrumb\",\"itemListElement\":[{\"@type\":\"ListItem\",\"position\":1,\"name\":\"Startseite\",\"item\":\"https:\\\/\\\/www.jazzzeitung.de\\\/cms\\\/\"},{\"@type\":\"ListItem\",\"position\":2,\"name\":\"Klang-Farben von Tomeka Reid und Recursion-Kollektiv in der Stadtkirche Moers\"}]},{\"@type\":\"WebSite\",\"@id\":\"https:\\\/\\\/www.jazzzeitung.de\\\/cms\\\/#website\",\"url\":\"https:\\\/\\\/www.jazzzeitung.de\\\/cms\\\/\",\"name\":\"JazzZeitung\",\"description\":\"Jazz-News und Jazz-Kontroverses\",\"publisher\":{\"@id\":\"https:\\\/\\\/www.jazzzeitung.de\\\/cms\\\/#organization\"},\"potentialAction\":[{\"@type\":\"SearchAction\",\"target\":{\"@type\":\"EntryPoint\",\"urlTemplate\":\"https:\\\/\\\/www.jazzzeitung.de\\\/cms\\\/?s={search_term_string}\"},\"query-input\":{\"@type\":\"PropertyValueSpecification\",\"valueRequired\":true,\"valueName\":\"search_term_string\"}}],\"inLanguage\":\"de\"},{\"@type\":\"Organization\",\"@id\":\"https:\\\/\\\/www.jazzzeitung.de\\\/cms\\\/#organization\",\"name\":\"JazzZeitung online\",\"url\":\"https:\\\/\\\/www.jazzzeitung.de\\\/cms\\\/\",\"logo\":{\"@type\":\"ImageObject\",\"inLanguage\":\"de\",\"@id\":\"https:\\\/\\\/www.jazzzeitung.de\\\/cms\\\/#\\\/schema\\\/logo\\\/image\\\/\",\"url\":\"https:\\\/\\\/i0.wp.com\\\/www.jazzzeitung.de\\\/cms\\\/wp-content\\\/uploads\\\/2015\\\/08\\\/JAZZZEITUNGDE_Logo_Neu.png?fit=499%2C200&ssl=1\",\"contentUrl\":\"https:\\\/\\\/i0.wp.com\\\/www.jazzzeitung.de\\\/cms\\\/wp-content\\\/uploads\\\/2015\\\/08\\\/JAZZZEITUNGDE_Logo_Neu.png?fit=499%2C200&ssl=1\",\"width\":499,\"height\":200,\"caption\":\"JazzZeitung online\"},\"image\":{\"@id\":\"https:\\\/\\\/www.jazzzeitung.de\\\/cms\\\/#\\\/schema\\\/logo\\\/image\\\/\"},\"sameAs\":[\"https:\\\/\\\/www.facebook.com\\\/JazzZeitung\\\/\"]},{\"@type\":\"Person\",\"@id\":\"https:\\\/\\\/www.jazzzeitung.de\\\/cms\\\/#\\\/schema\\\/person\\\/2245b36b9cd1d24cea10f01c031fb92b\",\"name\":\"Redaktion JazzZeitung\",\"image\":{\"@type\":\"ImageObject\",\"inLanguage\":\"de\",\"@id\":\"https:\\\/\\\/i0.wp.com\\\/www.jazzzeitung.de\\\/cms\\\/wp-content\\\/uploads\\\/2015\\\/08\\\/JAZZZEITUNGDE_Logo_Neu.png?resize=96%2C96&ssl=159975dcacb611b5700bd619b5daf0a7a\",\"url\":\"https:\\\/\\\/i0.wp.com\\\/www.jazzzeitung.de\\\/cms\\\/wp-content\\\/uploads\\\/2015\\\/08\\\/JAZZZEITUNGDE_Logo_Neu.png?resize=96%2C96&ssl=1\",\"contentUrl\":\"https:\\\/\\\/i0.wp.com\\\/www.jazzzeitung.de\\\/cms\\\/wp-content\\\/uploads\\\/2015\\\/08\\\/JAZZZEITUNGDE_Logo_Neu.png?resize=96%2C96&ssl=1\",\"caption\":\"Redaktion JazzZeitung\"},\"description\":\"Artikel der Redaktion der JazzZeitung.\",\"sameAs\":[\"http:\\\/\\\/www.jazzzeitung.de\\\/cms\\\/\"],\"url\":\"https:\\\/\\\/www.jazzzeitung.de\\\/cms\\\/author\\\/redaktion\\\/\"}]}<\/script>\n<!-- \/ Yoast SEO plugin. -->","yoast_head_json":{"title":"Klang-Farben von Tomeka Reid und Recursion-Kollektiv in der Stadtkirche Moers - JazzZeitung","robots":{"index":"index","follow":"follow","max-snippet":"max-snippet:-1","max-image-preview":"max-image-preview:large","max-video-preview":"max-video-preview:-1"},"canonical":"https:\/\/www.jazzzeitung.de\/cms\/2023\/01\/klang-farben-von-tomeke-reid-und-recursion-kollektiv-in-der-stadtkirche-moers\/","og_locale":"de_DE","og_type":"article","og_title":"Klang-Farben von Tomeka Reid und Recursion-Kollektiv in der Stadtkirche Moers - JazzZeitung","og_description":"(Von Stefan Pieper) Improvisor in Residence \u2013 dieses Arbeitsstipendium der Kulturstiftung NRW f\u00fcr eine Stadtmusikerin oder einen Stadtmusiker rund um das Moers-Festival ist seit seiner Einf\u00fchrung im Jahr 2008 zur Erfolgsstory geworden. Damit wechseln sich jedes Jahr aufs Neue die kreativen Farben ab, mit denen der Geist des Festivals immer wieder neu in die Stadtkultur hineinstrahlt. Ein gro\u00dfer Moment ist das allj\u00e4hrliche \u00dcbergabekonzert. Der aktuelle Wechsel erfolgte von der Chicagoer Cellistin Tomeka Reid zum \u201eRecursion-Kollektiv\u201c, wohinter sich die drei jungen Elektronik-Musiker Christopher Retz, Steven Koch und Jan Krause verbergen. Das gemeinsame Miteinander in der Evangelischen Stadtkirche lief auf Verschmelzung f\u00fcr alle Sinne hinaus. Ein Streichinstrument, eine E-Gitarre und viel Elektronik plus eine konsequent auf die Spitze getriebene Lichtregie in einem Kirchenraum, der w\u00e4hrend dieser intensiven Stunde so funktionierte, als w\u00e4re er zu nichts anderem gebaut worden. Das konnte man zumindest imaginieren inmitten dieses syn\u00e4sthetischen Strudels aus Klang, T\u00f6nen, Farben, Frequenzen und Lichtimpulsen. Tomeka Reid, die universelle amerikanische Cellistin, die zu diesem Anlass noch einmal aus Chicago nach Moers angereist kam, ging geschmeidig in diesem Setup auf. Ein f\u00fcnfter Improvisator war der Lichtdesigner Valentin Brux, der &hellip;","og_url":"https:\/\/www.jazzzeitung.de\/cms\/2023\/01\/klang-farben-von-tomeke-reid-und-recursion-kollektiv-in-der-stadtkirche-moers\/","og_site_name":"JazzZeitung","article_publisher":"https:\/\/www.facebook.com\/JazzZeitung\/","article_published_time":"2023-01-26T12:21:56+00:00","article_modified_time":"2023-01-30T20:04:03+00:00","og_image":[{"width":2560,"height":2014,"url":"https:\/\/www.jazzzeitung.de\/cms\/wp-content\/uploads\/2023\/01\/DSC00786-scaled.jpg","type":"image\/jpeg"}],"author":"Redaktion JazzZeitung","schema":{"@context":"https:\/\/schema.org","@graph":[{"@type":"Article","@id":"https:\/\/www.jazzzeitung.de\/cms\/2023\/01\/klang-farben-von-tomeke-reid-und-recursion-kollektiv-in-der-stadtkirche-moers\/#article","isPartOf":{"@id":"https:\/\/www.jazzzeitung.de\/cms\/2023\/01\/klang-farben-von-tomeke-reid-und-recursion-kollektiv-in-der-stadtkirche-moers\/"},"author":{"name":"Redaktion JazzZeitung","@id":"https:\/\/www.jazzzeitung.de\/cms\/#\/schema\/person\/2245b36b9cd1d24cea10f01c031fb92b"},"headline":"Klang-Farben von Tomeka Reid und Recursion-Kollektiv in der Stadtkirche Moers","datePublished":"2023-01-26T12:21:56+00:00","dateModified":"2023-01-30T20:04:03+00:00","mainEntityOfPage":{"@id":"https:\/\/www.jazzzeitung.de\/cms\/2023\/01\/klang-farben-von-tomeke-reid-und-recursion-kollektiv-in-der-stadtkirche-moers\/"},"wordCount":528,"commentCount":0,"publisher":{"@id":"https:\/\/www.jazzzeitung.de\/cms\/#organization"},"image":{"@id":"https:\/\/www.jazzzeitung.de\/cms\/2023\/01\/klang-farben-von-tomeke-reid-und-recursion-kollektiv-in-der-stadtkirche-moers\/#primaryimage"},"thumbnailUrl":"https:\/\/i0.wp.com\/www.jazzzeitung.de\/cms\/wp-content\/uploads\/2023\/01\/DSC00786-scaled.jpg?fit=2560%2C2014&ssl=1","keywords":["Berliner Jazzfest","Cello","Chicago","Christopher Retz","Duisburg","Festivals","Improvisor in Residence","Isfort","Jan Krause","Jazzfest","Lichtdesign","Moers","Moers Festival","Moerser Stadtkirche","NRW","Recursion","Stadtkirche Moers","Stefan Pieper","Steven Koch","Tim Isfort","Tomeka Reid","Valentin Brux"],"articleSection":["Bericht"],"inLanguage":"de","potentialAction":[{"@type":"CommentAction","name":"Comment","target":["https:\/\/www.jazzzeitung.de\/cms\/2023\/01\/klang-farben-von-tomeke-reid-und-recursion-kollektiv-in-der-stadtkirche-moers\/#respond"]}]},{"@type":"WebPage","@id":"https:\/\/www.jazzzeitung.de\/cms\/2023\/01\/klang-farben-von-tomeke-reid-und-recursion-kollektiv-in-der-stadtkirche-moers\/","url":"https:\/\/www.jazzzeitung.de\/cms\/2023\/01\/klang-farben-von-tomeke-reid-und-recursion-kollektiv-in-der-stadtkirche-moers\/","name":"Klang-Farben von Tomeka Reid und Recursion-Kollektiv in der Stadtkirche Moers - JazzZeitung","isPartOf":{"@id":"https:\/\/www.jazzzeitung.de\/cms\/#website"},"primaryImageOfPage":{"@id":"https:\/\/www.jazzzeitung.de\/cms\/2023\/01\/klang-farben-von-tomeke-reid-und-recursion-kollektiv-in-der-stadtkirche-moers\/#primaryimage"},"image":{"@id":"https:\/\/www.jazzzeitung.de\/cms\/2023\/01\/klang-farben-von-tomeke-reid-und-recursion-kollektiv-in-der-stadtkirche-moers\/#primaryimage"},"thumbnailUrl":"https:\/\/i0.wp.com\/www.jazzzeitung.de\/cms\/wp-content\/uploads\/2023\/01\/DSC00786-scaled.jpg?fit=2560%2C2014&ssl=1","datePublished":"2023-01-26T12:21:56+00:00","dateModified":"2023-01-30T20:04:03+00:00","breadcrumb":{"@id":"https:\/\/www.jazzzeitung.de\/cms\/2023\/01\/klang-farben-von-tomeke-reid-und-recursion-kollektiv-in-der-stadtkirche-moers\/#breadcrumb"},"inLanguage":"de","potentialAction":[{"@type":"ReadAction","target":["https:\/\/www.jazzzeitung.de\/cms\/2023\/01\/klang-farben-von-tomeke-reid-und-recursion-kollektiv-in-der-stadtkirche-moers\/"]}]},{"@type":"ImageObject","inLanguage":"de","@id":"https:\/\/www.jazzzeitung.de\/cms\/2023\/01\/klang-farben-von-tomeke-reid-und-recursion-kollektiv-in-der-stadtkirche-moers\/#primaryimage","url":"https:\/\/i0.wp.com\/www.jazzzeitung.de\/cms\/wp-content\/uploads\/2023\/01\/DSC00786-scaled.jpg?fit=2560%2C2014&ssl=1","contentUrl":"https:\/\/i0.wp.com\/www.jazzzeitung.de\/cms\/wp-content\/uploads\/2023\/01\/DSC00786-scaled.jpg?fit=2560%2C2014&ssl=1","width":2560,"height":2014,"caption":"Als w\u00e4re die Stadtkirche Moers genau daf\u00fcr gebaut worden. Foto: Stefan Pieper"},{"@type":"BreadcrumbList","@id":"https:\/\/www.jazzzeitung.de\/cms\/2023\/01\/klang-farben-von-tomeke-reid-und-recursion-kollektiv-in-der-stadtkirche-moers\/#breadcrumb","itemListElement":[{"@type":"ListItem","position":1,"name":"Startseite","item":"https:\/\/www.jazzzeitung.de\/cms\/"},{"@type":"ListItem","position":2,"name":"Klang-Farben von Tomeka Reid und Recursion-Kollektiv in der Stadtkirche Moers"}]},{"@type":"WebSite","@id":"https:\/\/www.jazzzeitung.de\/cms\/#website","url":"https:\/\/www.jazzzeitung.de\/cms\/","name":"JazzZeitung","description":"Jazz-News und Jazz-Kontroverses","publisher":{"@id":"https:\/\/www.jazzzeitung.de\/cms\/#organization"},"potentialAction":[{"@type":"SearchAction","target":{"@type":"EntryPoint","urlTemplate":"https:\/\/www.jazzzeitung.de\/cms\/?s={search_term_string}"},"query-input":{"@type":"PropertyValueSpecification","valueRequired":true,"valueName":"search_term_string"}}],"inLanguage":"de"},{"@type":"Organization","@id":"https:\/\/www.jazzzeitung.de\/cms\/#organization","name":"JazzZeitung online","url":"https:\/\/www.jazzzeitung.de\/cms\/","logo":{"@type":"ImageObject","inLanguage":"de","@id":"https:\/\/www.jazzzeitung.de\/cms\/#\/schema\/logo\/image\/","url":"https:\/\/i0.wp.com\/www.jazzzeitung.de\/cms\/wp-content\/uploads\/2015\/08\/JAZZZEITUNGDE_Logo_Neu.png?fit=499%2C200&ssl=1","contentUrl":"https:\/\/i0.wp.com\/www.jazzzeitung.de\/cms\/wp-content\/uploads\/2015\/08\/JAZZZEITUNGDE_Logo_Neu.png?fit=499%2C200&ssl=1","width":499,"height":200,"caption":"JazzZeitung online"},"image":{"@id":"https:\/\/www.jazzzeitung.de\/cms\/#\/schema\/logo\/image\/"},"sameAs":["https:\/\/www.facebook.com\/JazzZeitung\/"]},{"@type":"Person","@id":"https:\/\/www.jazzzeitung.de\/cms\/#\/schema\/person\/2245b36b9cd1d24cea10f01c031fb92b","name":"Redaktion JazzZeitung","image":{"@type":"ImageObject","inLanguage":"de","@id":"https:\/\/i0.wp.com\/www.jazzzeitung.de\/cms\/wp-content\/uploads\/2015\/08\/JAZZZEITUNGDE_Logo_Neu.png?resize=96%2C96&ssl=159975dcacb611b5700bd619b5daf0a7a","url":"https:\/\/i0.wp.com\/www.jazzzeitung.de\/cms\/wp-content\/uploads\/2015\/08\/JAZZZEITUNGDE_Logo_Neu.png?resize=96%2C96&ssl=1","contentUrl":"https:\/\/i0.wp.com\/www.jazzzeitung.de\/cms\/wp-content\/uploads\/2015\/08\/JAZZZEITUNGDE_Logo_Neu.png?resize=96%2C96&ssl=1","caption":"Redaktion JazzZeitung"},"description":"Artikel der Redaktion der JazzZeitung.","sameAs":["http:\/\/www.jazzzeitung.de\/cms\/"],"url":"https:\/\/www.jazzzeitung.de\/cms\/author\/redaktion\/"}]}},"wp-worthy-pixel":{"ignored":false,"public":null,"server":null,"url":null},"wp-worthy-type":"normal","jetpack_publicize_connections":[],"cc_featured_image_caption":{"caption_text":"","source_text":"","source_url":""},"jetpack_featured_media_url":"https:\/\/i0.wp.com\/www.jazzzeitung.de\/cms\/wp-content\/uploads\/2023\/01\/DSC00786-scaled.jpg?fit=2560%2C2014&ssl=1","jetpack_shortlink":"https:\/\/wp.me\/p3KEcT-7xj","jetpack-related-posts":[{"id":28790,"url":"https:\/\/www.jazzzeitung.de\/cms\/2022\/12\/news-nils-wogram-mit-weimarer-hochschulbigband-letzter-blue-monday-in-hilden-moers-festival-bis-2028-in-festen-haenden\/","url_meta":{"origin":28973,"position":0},"title":"News: +++ Nils Wogram\u00a0 mit Weimarer Hochschulbigband +++ Letzter Blue Monday in \u00a0Hilden +++ Moers Festival bis 2028 in festen H\u00e4nden +++","author":"Redaktion JazzZeitung","date":"16. Dezember 2022","format":false,"excerpt":"+++ Featuring Nils Wogram: Jazzorchester der Hochschule f\u00fcr Musik Franz Liszt Weimar spielt mit preisgekr\u00f6ntem Posaunisten +++ Mit einem besonderen Gast begr\u00fc\u00dft das Jazzorchester der Hochschule f\u00fcr Musik Franz Liszt Weimar das neue Jahr. Beim Abschlusskonzert der Winterarbeitsphase des \u201eHfM Jazz Orchestra\u201c am Sonntag, 8. Januar 2023 um 19:00 Uhr\u2026","rel":"","context":"In &quot;News&quot;","block_context":{"text":"News","link":"https:\/\/www.jazzzeitung.de\/cms\/thema\/nachrichten\/"},"img":{"alt_text":"","src":"https:\/\/i0.wp.com\/www.jazzzeitung.de\/cms\/wp-content\/uploads\/2022\/12\/Wogram_Nils_Foto_Corinne_Haechler.jpg?fit=1200%2C797&ssl=1&resize=350%2C200","width":350,"height":200,"srcset":"https:\/\/i0.wp.com\/www.jazzzeitung.de\/cms\/wp-content\/uploads\/2022\/12\/Wogram_Nils_Foto_Corinne_Haechler.jpg?fit=1200%2C797&ssl=1&resize=350%2C200 1x, https:\/\/i0.wp.com\/www.jazzzeitung.de\/cms\/wp-content\/uploads\/2022\/12\/Wogram_Nils_Foto_Corinne_Haechler.jpg?fit=1200%2C797&ssl=1&resize=525%2C300 1.5x, https:\/\/i0.wp.com\/www.jazzzeitung.de\/cms\/wp-content\/uploads\/2022\/12\/Wogram_Nils_Foto_Corinne_Haechler.jpg?fit=1200%2C797&ssl=1&resize=700%2C400 2x, https:\/\/i0.wp.com\/www.jazzzeitung.de\/cms\/wp-content\/uploads\/2022\/12\/Wogram_Nils_Foto_Corinne_Haechler.jpg?fit=1200%2C797&ssl=1&resize=1050%2C600 3x"},"classes":[]},{"id":27512,"url":"https:\/\/www.jazzzeitung.de\/cms\/2022\/06\/das-moers-festival-2022-wurde-seinem-wesenskern-treu-und-blickt-in-die-zukunft\/","url_meta":{"origin":28973,"position":1},"title":"Das Moers-Festival 2022 wurde seinem Wesenskern treu und blickt in die Zukunft","author":"Redaktion JazzZeitung","date":"14. Juni 2022","format":false,"excerpt":"(Text und Fotos von Stefan Pieper) Obwohl das neue Konzept noch die Unfertigkeit eines Neustarts verk\u00f6rpert, flie\u00dft der Strom beim Moers-Festival ungebremst weiter. In den letzten beiden Jahren habe viele neue, digitale Vorst\u00f6\u00dfe das k\u00fcnstlerische Schwergewicht beim Moers-Festival durch die Pandemie getragen. Bei der 51. Ausgabe zum 50. Geburtstag behauptete\u2026","rel":"","context":"In &quot;Bericht&quot;","block_context":{"text":"Bericht","link":"https:\/\/www.jazzzeitung.de\/cms\/thema\/bericht\/"},"img":{"alt_text":"","src":"https:\/\/i0.wp.com\/www.jazzzeitung.de\/cms\/wp-content\/uploads\/2022\/06\/The-Hidden-Tune-3-1-scaled.jpg?fit=1200%2C953&ssl=1&resize=350%2C200","width":350,"height":200,"srcset":"https:\/\/i0.wp.com\/www.jazzzeitung.de\/cms\/wp-content\/uploads\/2022\/06\/The-Hidden-Tune-3-1-scaled.jpg?fit=1200%2C953&ssl=1&resize=350%2C200 1x, https:\/\/i0.wp.com\/www.jazzzeitung.de\/cms\/wp-content\/uploads\/2022\/06\/The-Hidden-Tune-3-1-scaled.jpg?fit=1200%2C953&ssl=1&resize=525%2C300 1.5x, https:\/\/i0.wp.com\/www.jazzzeitung.de\/cms\/wp-content\/uploads\/2022\/06\/The-Hidden-Tune-3-1-scaled.jpg?fit=1200%2C953&ssl=1&resize=700%2C400 2x, https:\/\/i0.wp.com\/www.jazzzeitung.de\/cms\/wp-content\/uploads\/2022\/06\/The-Hidden-Tune-3-1-scaled.jpg?fit=1200%2C953&ssl=1&resize=1050%2C600 3x"},"classes":[]},{"id":19809,"url":"https:\/\/www.jazzzeitung.de\/cms\/2019\/06\/strengt-euch-an-das-moers-festival-2019-zeigte-sich-empfindsam-fuer-menschen-und-klaenge\/","url_meta":{"origin":28973,"position":2},"title":"\u201eStrengt euch an!\u201c \u2013 das Moers-Festival 2019 zeigte sich empfindsam f\u00fcr Menschen und Kl\u00e4nge","author":"Redaktion JazzZeitung","date":"14. Juni 2019","format":false,"excerpt":"Stell Dir vor, ein riesiger, h\u00f6lzerner Kampfpanzer \u201eziert\u201c die B\u00fchne auf einem friedlichen Musikfestival und keiner begehrt dagegen auf. Dabei hatte Tim Isfort bei der j\u00fcngsten Ausgabe des Moers-Festivals ausdr\u00fccklich angeregt, sich durch Bemalen oder Besteigen des martialischen Unget\u00fcms einzumischen. Denn das Motto f\u00fcrs Moers-Festival 2019 lautete: \u201eStrengt euch an!\u201c\u2026","rel":"","context":"In &quot;Bericht&quot;","block_context":{"text":"Bericht","link":"https:\/\/www.jazzzeitung.de\/cms\/thema\/bericht\/"},"img":{"alt_text":"","src":"https:\/\/i0.wp.com\/www.jazzzeitung.de\/cms\/wp-content\/uploads\/2019\/06\/DSC02719.jpg?fit=1200%2C800&ssl=1&resize=350%2C200","width":350,"height":200,"srcset":"https:\/\/i0.wp.com\/www.jazzzeitung.de\/cms\/wp-content\/uploads\/2019\/06\/DSC02719.jpg?fit=1200%2C800&ssl=1&resize=350%2C200 1x, https:\/\/i0.wp.com\/www.jazzzeitung.de\/cms\/wp-content\/uploads\/2019\/06\/DSC02719.jpg?fit=1200%2C800&ssl=1&resize=525%2C300 1.5x, https:\/\/i0.wp.com\/www.jazzzeitung.de\/cms\/wp-content\/uploads\/2019\/06\/DSC02719.jpg?fit=1200%2C800&ssl=1&resize=700%2C400 2x, https:\/\/i0.wp.com\/www.jazzzeitung.de\/cms\/wp-content\/uploads\/2019\/06\/DSC02719.jpg?fit=1200%2C800&ssl=1&resize=1050%2C600 3x"},"classes":[]},{"id":16147,"url":"https:\/\/www.jazzzeitung.de\/cms\/2018\/05\/fotogaleria-moers\/","url_meta":{"origin":28973,"position":3},"title":"Fotografische Eindr\u00fccke vom m\u0153rs festival 2018","author":"Redaktion JazzZeitung","date":"26. Mai 2018","format":false,"excerpt":"Das m\u0153rs festival ist eine echte Festival-Institution in Deutschlands. Jedes Jahr l\u00e4sst man drei Tage lang die improvisierte Musik und Kreativit\u00e4t hochleben. Das Festival, das jede Saison einen oder eine improviser in residence beheimatet, empfing 2017 35.000 Besucher. Am vergangenen Pfingstwochenende (18. bis 21. Mai 2018) ging es in eine\u2026","rel":"","context":"In &quot;Galerie&quot;","block_context":{"text":"Galerie","link":"https:\/\/www.jazzzeitung.de\/cms\/thema\/galerie\/"},"img":{"alt_text":"","src":"https:\/\/i0.wp.com\/www.jazzzeitung.de\/cms\/wp-content\/uploads\/2018\/05\/DSC03848.jpg?fit=1200%2C1009&ssl=1&resize=350%2C200","width":350,"height":200,"srcset":"https:\/\/i0.wp.com\/www.jazzzeitung.de\/cms\/wp-content\/uploads\/2018\/05\/DSC03848.jpg?fit=1200%2C1009&ssl=1&resize=350%2C200 1x, https:\/\/i0.wp.com\/www.jazzzeitung.de\/cms\/wp-content\/uploads\/2018\/05\/DSC03848.jpg?fit=1200%2C1009&ssl=1&resize=525%2C300 1.5x, https:\/\/i0.wp.com\/www.jazzzeitung.de\/cms\/wp-content\/uploads\/2018\/05\/DSC03848.jpg?fit=1200%2C1009&ssl=1&resize=700%2C400 2x, https:\/\/i0.wp.com\/www.jazzzeitung.de\/cms\/wp-content\/uploads\/2018\/05\/DSC03848.jpg?fit=1200%2C1009&ssl=1&resize=1050%2C600 3x"},"classes":[]},{"id":24867,"url":"https:\/\/www.jazzzeitung.de\/cms\/2021\/05\/auch-die-sonne-liess-sich-anstecken-das-50-moers-festival-gab-alles-und-weckt-hoffnung\/","url_meta":{"origin":28973,"position":4},"title":"Auch die Sonne lie\u00df sich anstecken: Das 50. Moers-Festival gab alles und weckt Hoffnung","author":"Redaktion JazzZeitung","date":"27. Mai 2021","format":false,"excerpt":"Kultur f\u00e4llt nicht einfach vom Himmel, wenn man nur lange genug auf sie verzichtet. Stattdessen zogen in Moers zahllose Musikerinnen und Musiker aus etlichen Nationen und dahinter ein hochmotiviertes Veranstalterteam s\u00e4mtliche Register der Improvisation. Als der legend\u00e4re John Scofield alleine mit seiner Gitarre vor fast 500 Musikbegeisterten einen sanften Blues\u2026","rel":"","context":"In &quot;Bericht&quot;","block_context":{"text":"Bericht","link":"https:\/\/www.jazzzeitung.de\/cms\/thema\/bericht\/"},"img":{"alt_text":"","src":"https:\/\/i0.wp.com\/www.jazzzeitung.de\/cms\/wp-content\/uploads\/2021\/05\/Brad-Mehldau-scaled.jpg?fit=1177%2C1200&ssl=1&resize=350%2C200","width":350,"height":200,"srcset":"https:\/\/i0.wp.com\/www.jazzzeitung.de\/cms\/wp-content\/uploads\/2021\/05\/Brad-Mehldau-scaled.jpg?fit=1177%2C1200&ssl=1&resize=350%2C200 1x, https:\/\/i0.wp.com\/www.jazzzeitung.de\/cms\/wp-content\/uploads\/2021\/05\/Brad-Mehldau-scaled.jpg?fit=1177%2C1200&ssl=1&resize=525%2C300 1.5x, https:\/\/i0.wp.com\/www.jazzzeitung.de\/cms\/wp-content\/uploads\/2021\/05\/Brad-Mehldau-scaled.jpg?fit=1177%2C1200&ssl=1&resize=700%2C400 2x, https:\/\/i0.wp.com\/www.jazzzeitung.de\/cms\/wp-content\/uploads\/2021\/05\/Brad-Mehldau-scaled.jpg?fit=1177%2C1200&ssl=1&resize=1050%2C600 3x"},"classes":[]},{"id":22600,"url":"https:\/\/www.jazzzeitung.de\/cms\/2020\/06\/wir-koennen-nicht-die-welt-retten-moers-festival-2020\/","url_meta":{"origin":28973,"position":5},"title":"\u201eWir k\u00f6nnen nicht die Welt retten\u201c: Moers-Festival 2020","author":"Redaktion JazzZeitung","date":"4. Juni 2020","format":false,"excerpt":"Der Name Moers steht f\u00fcr Wagnis und \u201ekreative Unterwanderung\u201c, wie es Festivalmacher Tim Isfort charakterisiert. Unter den herrschenden Bedingungen ein internationales Festival zu machen, schloss das Risiko des Scheiterns ein. Aber wo ein Wille ist, tun sich Wege auf und wird improvisiert: Woher konnte Ersatz f\u00fcr viele abgesagte Programmpunkte geschaffen\u2026","rel":"","context":"In &quot;Bericht&quot;","block_context":{"text":"Bericht","link":"https:\/\/www.jazzzeitung.de\/cms\/thema\/bericht\/"},"img":{"alt_text":"","src":"https:\/\/i0.wp.com\/www.jazzzeitung.de\/cms\/wp-content\/uploads\/2020\/06\/The-Notwist-scaled.jpg?fit=1200%2C799&ssl=1&resize=350%2C200","width":350,"height":200,"srcset":"https:\/\/i0.wp.com\/www.jazzzeitung.de\/cms\/wp-content\/uploads\/2020\/06\/The-Notwist-scaled.jpg?fit=1200%2C799&ssl=1&resize=350%2C200 1x, https:\/\/i0.wp.com\/www.jazzzeitung.de\/cms\/wp-content\/uploads\/2020\/06\/The-Notwist-scaled.jpg?fit=1200%2C799&ssl=1&resize=525%2C300 1.5x, https:\/\/i0.wp.com\/www.jazzzeitung.de\/cms\/wp-content\/uploads\/2020\/06\/The-Notwist-scaled.jpg?fit=1200%2C799&ssl=1&resize=700%2C400 2x, https:\/\/i0.wp.com\/www.jazzzeitung.de\/cms\/wp-content\/uploads\/2020\/06\/The-Notwist-scaled.jpg?fit=1200%2C799&ssl=1&resize=1050%2C600 3x"},"classes":[]}],"jetpack_sharing_enabled":true,"_links":{"self":[{"href":"https:\/\/www.jazzzeitung.de\/cms\/wp-json\/wp\/v2\/posts\/28973","targetHints":{"allow":["GET"]}}],"collection":[{"href":"https:\/\/www.jazzzeitung.de\/cms\/wp-json\/wp\/v2\/posts"}],"about":[{"href":"https:\/\/www.jazzzeitung.de\/cms\/wp-json\/wp\/v2\/types\/post"}],"author":[{"embeddable":true,"href":"https:\/\/www.jazzzeitung.de\/cms\/wp-json\/wp\/v2\/users\/18"}],"replies":[{"embeddable":true,"href":"https:\/\/www.jazzzeitung.de\/cms\/wp-json\/wp\/v2\/comments?post=28973"}],"version-history":[{"count":7,"href":"https:\/\/www.jazzzeitung.de\/cms\/wp-json\/wp\/v2\/posts\/28973\/revisions"}],"predecessor-version":[{"id":29032,"href":"https:\/\/www.jazzzeitung.de\/cms\/wp-json\/wp\/v2\/posts\/28973\/revisions\/29032"}],"wp:featuredmedia":[{"embeddable":true,"href":"https:\/\/www.jazzzeitung.de\/cms\/wp-json\/wp\/v2\/media\/28977"}],"wp:attachment":[{"href":"https:\/\/www.jazzzeitung.de\/cms\/wp-json\/wp\/v2\/media?parent=28973"}],"wp:term":[{"taxonomy":"category","embeddable":true,"href":"https:\/\/www.jazzzeitung.de\/cms\/wp-json\/wp\/v2\/categories?post=28973"},{"taxonomy":"post_tag","embeddable":true,"href":"https:\/\/www.jazzzeitung.de\/cms\/wp-json\/wp\/v2\/tags?post=28973"},{"taxonomy":"author","embeddable":true,"href":"https:\/\/www.jazzzeitung.de\/cms\/wp-json\/wp\/v2\/coauthors?post=28973"}],"curies":[{"name":"wp","href":"https:\/\/api.w.org\/{rel}","templated":true}]}}