{"id":28965,"date":"2023-01-29T12:00:40","date_gmt":"2023-01-29T11:00:40","guid":{"rendered":"https:\/\/www.jazzzeitung.de\/cms\/?p=28965"},"modified":"2023-01-25T13:23:12","modified_gmt":"2023-01-25T12:23:12","slug":"die-erweiterte-jazz-radiowoche-vom-30-01-2023-bis-05-02-2023","status":"publish","type":"post","link":"https:\/\/www.jazzzeitung.de\/cms\/2023\/01\/die-erweiterte-jazz-radiowoche-vom-30-01-2023-bis-05-02-2023\/","title":{"rendered":"Die erweiterte Jazz-Radiowoche vom 30.01.2023 bis 05.02.2023"},"content":{"rendered":"<p>Ein kleiner Blick in die Radiowoche 05. Die \u00dcbersicht zum <a href=\"https:\/\/service.conbrio.de\/service\/download\/278\/\">Download als PDF<\/a><span style=\"text-decoration: line-through;\">.<\/span> Alle Angaben ohne Gew\u00e4hr. Erg\u00e4nzt mit den tollen Sendungen zur Neuen Musik von BR-KLASSIK und \u00d61.<\/p>\n<ul>\n<li><strong>Inhalt<\/strong><\/li>\n<li><a href=\"#_Toc125543969\">Senderliste: 1<\/a><\/li>\n<li><a href=\"#_Toc125543970\">mo \u2013 30.01.2023. 2<\/a><\/li>\n<li><a href=\"#_Toc125543971\">di \u2013 31.01.2023. 3<\/a><\/li>\n<li><a href=\"#_Toc125543972\">mi \u2013 01.02.2023. 5<\/a><\/li>\n<li><a href=\"#_Toc125543973\">do \u2013 02.02.2023. 5<\/a><\/li>\n<li><a href=\"#_Toc125543974\">fr \u2013 03.02.2023. 7<\/a><\/li>\n<li><a href=\"#_Toc125543975\">sa \u2013 04.02.2023. 8<\/a><\/li>\n<li><a href=\"#_Toc125543976\">so \u2013 05.02.2023. 10<\/a><\/li>\n<\/ul>\n<h2><a name=\"_Toc125543969\"><\/a><\/h2>\n<hr \/>\n<h2><a name=\"_Toc125543969\"><\/a>Senderliste:<\/h2>\n<ul>\n<li><a href=\"https:\/\/oe1.orf.at\/\">ORF \u2013 \u00d61<\/a><\/li>\n<li><a href=\"https:\/\/www.deutschlandradio.de\/\">Deutschlandfunk<\/a> \u2013 \u201eFakten und mehr\u201c<\/li>\n<li><a href=\"https:\/\/www.deutschlandfunkkultur.de\/\">Deutschlandfunk-Kultur<\/a> \u2013 \u201eDas Feuilleton im Radio\u201c<\/li>\n<li><a href=\"https:\/\/www.ndr.de\/ndrkultur\/\">ndr Kultur<\/a> \u2013 H\u00f6ren und genie\u00dfen<\/li>\n<li><a href=\"https:\/\/www.bremenzwei.de\/\">radio bremen<\/a> \u2013 Neugier lohnt sich.<\/li>\n<li><a href=\"https:\/\/www.rbbkultur.de\/\">rbb-kultur<\/a> \u2013 DEINE OHREN WERDEN AUGEN MACHEN.<\/li>\n<li><a href=\"https:\/\/www.mdr.de\/kultur\/radio\/index.html\">mdr-kultur<\/a> \u2013 Das Radio.<\/li>\n<li><a href=\"https:\/\/www1.wdr.de\/radio\/wdr3\/\">wdr3<\/a> \u2013 Das Kulturradio<\/li>\n<li><a href=\"https:\/\/www.hr2.de\/index.html\">hr2-kultur<\/a> \u2013 Das Kulturradio f\u00fcr Hessen.<\/li>\n<li><a href=\"https:\/\/www.sr.de\/sr\/sr2\/index.html\">sr2 Kulturradio<\/a> \u2013 \u2026 gut zu h\u00f6ren.<\/li>\n<li><a href=\"https:\/\/www.swr.de\/swr2\/\">swr2<\/a> \u2013 Kultur neu entdecken<\/li>\n<li><a href=\"https:\/\/www.br.de\/radio\/br-klassik\/index.html\">BR-KLASSIK<\/a> \u2013 Klassikstars geben auf BR-KLASSIK den Ton an. Attraktive Magazine bringen Interviews und Neuigkeiten aus dem Musikleben.<\/li>\n<li><a href=\"https:\/\/www.br.de\/radio\/bayern2\/index.html\">Bayern 2<\/a> \u2013 Preisgekr\u00f6ntes Radio f\u00fcr H\u00f6rer, die mehr wissen wollen<\/li>\n<\/ul>\n<h2><a name=\"_Toc125543970\"><\/a><\/h2>\n<hr \/>\n<h2><a name=\"_Toc125543970\"><\/a>mo \u2013 30.01.2023<\/h2>\n<hr \/>\n<p>19:30:00 | \u00d61<br \/>\n<strong>Julia Malischnig, Manuel Randi, Yuliya Lonskaya und Lulo Reinhardt 2022 beim Gitarrenfestival in Millstadt <\/strong><\/p>\n<p style=\"padding-left: 40px;\">In Rahmen seiner 15. Ausgabe im Sommer 2022 setzte das internationale Gitarrenfestival \u201eLa Guitarra esencial\u201c in Millstatt unter der Intendanz von Julia Malischnig ein Zeichen f\u00fcr Gleichberechtigung. Unter dem Motto \u201eThe Power of Women\u201c kuratierte Malischnig ein Programm mit ausbalancierter Pr\u00e4senz von weiblichen und m\u00e4nnlichen K\u00fcnstlerpers\u00f6nlichkeiten.<\/p>\n<p style=\"padding-left: 40px;\">Getreu dieser Devise gaben am 5. August 2022 vier international erfolgreiche Gitarrist:innen unterschiedlicher Stilrichtungen ein energiegeladenes Konzert im Kongresshaus Millstatt, bei dem der Schwerpunkt auf Flamenco, Milonga und Tango lag. Zwei Frauen, zwei M\u00e4nner, vier Gitarren und vier Stimmen demonstrierten dank Virtuosit\u00e4t, technischer Brillanz und Leidenschaft exemplarisch die Vielfalt gitarristischer Spielweisen.<\/p>\n<p style=\"padding-left: 40px;\">Gastgeberin Julia Malischnig -die K\u00e4rntner Lokalmatadorin -und der aus der Band von Herbert Pixner bekannte Italiener Manuel Randi gestalteten den ersten Teil des Abends. Yuliya Lonskaya, sie stammt aus Wei\u00dfrussland, und der deutsche Sinti-Gitarrist Lulo Reinhardt musizierten im zweiten Teil des Konzerts.<\/p>\n<p style=\"padding-left: 40px;\">Kr\u00f6nender Abschluss waren Zugaben im Quartett. Hier zeigten die vier Gitarrist:innen ihr Improvisationstalent und rissen das faszinierte Publikum auch mit ihrer B\u00fchnenperformance mit. Daniela Knaller pr\u00e4sentiert die H\u00f6hepunkte dieses eindrucksvollen Konzertabends.\u00a0 Gestaltung: Daniela Knaller<\/p>\n<p>22:04 bis 23:00 | WDR 3<br \/>\n<strong>WDR 3 Jazz<\/strong><\/p>\n<p>22:30 bis 23:00 | hr2-kultur<br \/>\n<strong>Jazz Now: Aus dem Dschungel der Neuver\u00f6ffentlichungen<\/strong><\/p>\n<p style=\"padding-left: 40px;\">Am Mikrofon: J\u00fcrgen Schwab. Heute mit: Norma Winston &amp; Will Bartlett: The Soundless Dark | Wolfgang Haffner: Silent World | Jonas Engel &amp; Own Your Bownes: Staring is Caring<\/p>\n<p>23:03 \u2013 24:00 | \u00d61<br \/>\n<strong>Der musikalische Atem des Klangforum Wien \u2013\u00a0 Das Klangforum Wien in einem Mitschnitt seines Zykluskonzerts \u201eAtem\u201c<\/strong><\/p>\n<p style=\"padding-left: 40px;\">\u201eSes souffles \u2013 son corps \u2013 son jour\u201c \u2013 \u201eSein Atem \u2013 sein K\u00f6rper \u2013 sein Tag\u201c. Diese r\u00e4tselhaften Worte entspringen der Feder des franz\u00f6sischen Lyrikers Arthur Rimbaud (1854-1891). Sein Landsmann, der Komponist Franck Bedrossian nimmt im 2019 komponierten Werk \u201eLe lieu et la formule\u201c (\u201eDer Ort und die Formel\u201c) Bezug auf den Dichter. Bedrossian l\u00e4sst darin zwei einander entgegengesetzte Bahnen aufeinandertreffen: Die eine ist gepr\u00e4gt vom Aufgeben der Dichter-T\u00e4tigkeit und den zahlreichen Reisen, die Rimbaud danach unternommen hat. Die andere spiegelt die fortschreitende Anerkennung von Rimbauds Oeuvre wider, die sich posthum zugetragen hat.<\/p>\n<p style=\"padding-left: 40px;\">Das Klangforum Wien hat Bedrossians Werk im Rahmen seiner Wiener Konzerthaus-Reihe \u201eBruch.Punkt\u201c aufgef\u00fchrt. Der Abend, der unter dem Titel \u201eAtem\u201c am Dienstag, 25. Oktober 2022 im Mozart-Saal \u00fcber die B\u00fchne ging, war weiters von zwei \u00f6sterreichischen Erstauff\u00fchrungen gepr\u00e4gt: \u201eblooming brume\u201c, ein \u201enebul\u00f6ses\u201c St\u00fcck von Malin Bang sowie ein Klarinettenkonzert von Beat Furrer. Clement Power hat dirigiert, als Solist war der Klangforum-Klarinettist Bernhard Zachhuber zu h\u00f6ren. Gestaltung: Marie-Theres Himmler<\/p>\n<p>23:05 bis 00:00 | BR-KLASSIK<br \/>\n<strong>BR-KLASSIK \u2013 Jazztime: Jazztoday<\/strong><\/p>\n<p style=\"padding-left: 40px;\">Bonnes Nouvelles de France: Aktuelle Produktionen des Klarinettisten Louis Sclavis, des Pianisten Andy Emler mit seinem \u201eM\u00e9ga Octet\u201c und des Trios \u201eReverso\u201c um den Pianisten Frank W\u00f6ste, ein deutscher Wahl-Pariser. Auswahl und Moderation: Henning Sieverts<\/p>\n<h2><a name=\"_Toc125543971\"><\/a><\/h2>\n<hr \/>\n<h2><a name=\"_Toc125543971\"><\/a>di \u2013 31.01.2023<\/h2>\n<hr \/>\n<p>00:10 bis 02:00 | Bayern 2<br \/>\n<strong>Concerto bavarese: Bayerische Komponisten<\/strong><\/p>\n<p style=\"padding-left: 40px;\">Wilhelm Killmayer: Kammermusik f\u00fcr Jazz-Instrumente (Ensemble Modern: Pablo Druker); Gertrud Orff: Kleine Klavierst\u00fccke (Nikolaus Lahusen, Klavier); Wilfried Hiller: \u201eChagall-Zyklus I\u201c (Giora Feidman, Klarinette; Philharmonisches Kammerorchester M\u00fcnchen: Michael Helmrath); Rudi Spring: Drei jiddische Lieder, op. 61 (Hannah Weirich, Violine; Jessica Kuhn, Violoncello; Rudi Spring, Klavier); G\u00fcnter Bialas: Chorlieder nach Gedichten von Heinrich Heine (via-nova-Chor M\u00fcnchen; Kurt Suttner); Heinz Winbeck: Streichquartett Nr. 3 \u2013 \u201eJagdquartett\u201c (Leopold Mozart Quartett)<\/p>\n<p>01:05 bis 05:00 | Deutschlandfunk Kultur<br \/>\n<strong>Tonart: Jazz \u2013 Moderation: D.J. Swingin\u2019 Swanee<\/strong><\/p>\n<p style=\"padding-left: 40px;\">In Manhattans Theater Distrikt, zwischen der 5. und der 7. Avenue, er\u00f6ffneten teils schon in den 20er-Jahren viele Jazzclubs. Die 52. Stra\u00dfe schlief nie. Zu Swingzeiten spielten Roy Eldridge und Red Norvo im \u201eFamous Door\u201d. Im \u201eOnyx Club\u201d hatten Maxine Sullivan und Stuff Smith l\u00e4ngere Engagements. Fats Waller residierte im Yacht Club. Im \u201eKelly\u2019s Stable\u201d jammten Coleman Hawkins und Benny Carter bis in die fr\u00fchen Morgenstunden. Im Club \u201eDownbeat\u201d sangen Billie Holiday und Sarah Vaughan. Die S\u00e4ngerin Lee Wiley trat im \u201eHickory House\u201d auf. Der Radio-DJ Symphony Sid begleitete die Freitagn\u00e4chte im \u201eThree Deuces\u201d und im \u201eBirdland\u201d. Im \u201eSpotlite Club\u201c konnte man Ben Webster und Hot Lips Page mit ihren Combos h\u00f6ren.<\/p>\n<p>20:05 \u2013 21:00 Uhr | SWR2<br \/>\n<strong>SWR2 Jazz Session: Philip Zoubek Placebo Domingo &amp; G\u00e4ste bei der Jazzweek Cologne<\/strong><\/p>\n<p style=\"padding-left: 40px;\">Von Odilo Clausnitzer. Die Band Placebo Domingo ist das Alter Ego von Pianist Philip Zoubek, Bassist David Helm und Schlagzeuger Dominik Mahnig. Als Klaviertrio sind drei Wahl-K\u00f6lner ein fest eingespieltes Team. W\u00e4hrend der Lockdowns begannen sie, andere Instrumente auszuprobieren \u2013 Keyboards, Gitarre und Perkussion \u2013 und damit frei zu improvisieren. Daraus wurde ein festes Bandprojekt. Exklusiv f\u00fcr das Er\u00f6ffnungskonzert der Cologne Jazzweek wurde es um die amerikanische Gitarristin Ava Mendoza und den belgischen E-Pianisten Jozef Dumoulin verst\u00e4rkt. Ergebnis: eine Kollektivmusik von berstender Energie.<\/p>\n<p>21:05 bis 22:00 | Deutschlandfunk<br \/>\n<strong>Jazz Live: JazzBaltica 2022 \u2013 Raus aus der Bastelstube<\/strong><\/p>\n<p style=\"padding-left: 40px;\">Enders Room: Johannes Enders, Tenorsaxofon; Jean-Paul Brodbeck, Klavier; Karl Ivar Refseth, Vibrafon; Wolfgang Zwiauer, E-Bass; Gregor Hilbe, Schlagzeug, Elektronik. Aufnahme vom 25.6.2022 beim Jazzfestival am Timmendorfer Strand<\/p>\n<p style=\"padding-left: 40px;\">Am Mikrofon: Odilo Clausnitzer. Urspr\u00fcnglich war Enders Room ein eigenbr\u00f6tlerisches Elektronik-Projekt: Johannes Enders, vielfach preisgekr\u00f6nter Jazzsaxofonist und Hochschulprofessor in Leipzig, hatte sich damit ein Spielfeld f\u00fcr seine musikalischen Interessen abseits von akrobatischem Post-Bop geschaffen. Computer-Frickeleien und Erfahrungen aus der Zusammenarbeit mit The Notwist und Nils Petter Molvaer waren in die nerdig-meditative Musik von Enders Room eingegangen. Inzwischen ist aus dem Projekt wieder ein weitgehend akustisches Jazzensemble geworden, mit viel Platz f\u00fcr Improvisation und Interaktion. Doch die reduzierten Strukturen und der Sinn f\u00fcr Atmosph\u00e4re sind geblieben. Bei JazzBaltica stellte das Quintett um den erkl\u00e4rten Stan Getz-Fan Enders das Repertoire der aktuellen Platte \u201eHikikomori\u201c vor.<\/p>\n<p>22:04 bis 23:00 | WDR 3<br \/>\n<strong>WDR 3 Jazz: Moderation: Manuela Krause<\/strong><\/p>\n<p>22:05 bis 23:00 | BR-KLASSIK<br \/>\n<strong>BR-KLASSIK \u2013 Horizonte: Von Afrika bis zum Mond \u2013 Klangexpeditionen mit Ulrike Haage und Martina Eisenreich<\/strong><\/p>\n<p style=\"padding-left: 40px;\">Von Franziska St\u00fcrz. Die Pianistin und Komponistin Ulrike Haage war Keyboarderin der Band Rainbirds und erhielt 2003 als erste Frau den Deutschen Jazzpreis, Martina Eisenreich wurde 2018 als erste Frau mit dem deutschen Filmmusikpreis f\u00fcr ihre Musik zum Tatort \u201eWaldlust\u201c ausgezeichnet. Beide \u00fcberschreiten mit ihrer Klangsprache die Grenzen der musikalischen Genres und widmen sich auch dem H\u00f6rspiel. Martina Eisenreichs 2019 uraufgef\u00fchrte symphonische Dichtung \u201eTales of Rhythm\u201c ist Nelson Mandela gewidmet und bezieht sich auf Gedichte aus Afrika. Ulrike Haage reiste nach Fukushima, um die Musik f\u00fcr Doris D\u00f6rries Film \u201eGr\u00fc\u00dfe aus Fukushima\u201c zu schreiben und vertonte Ethel Adnans Gedicht \u201eFuneral March for the first Cosmonaut\u201c als Referenz an den Mondfahrer Yuri Gagarin. Franziska St\u00fcrz folgt den Spuren der beiden Komponistinnen.<\/p>\n<p>22:30 bis 23:00 | hr2-kultur<br \/>\n<strong>Jazz and More: An den R\u00e4ndern des Jazz<\/strong><\/p>\n<p style=\"padding-left: 40px;\">Am Mikrofon: Konrad Bott. Heute mit: Meskerem Mees: Caesar | Duplex: Maelstrom | Les Arrivants: Home<\/p>\n<p>23:03 \u2013 24:00 | \u00d61<br \/>\n<strong>Enno Poppe bei Wien Modern 2022 \u2013\u00a0 Wien Modern 2022. Vier Streichquartette im Goldenen Saal des Wiener Musikvereins<\/strong><\/p>\n<p style=\"padding-left: 40px;\">In seiner Komposition \u201eWald\u201c lie\u00df der deutsche Dirigent und Komponist Enno Poppe bei Wien Modern im Goldenen Saal des Wiener Musikvereins vier Streichquartette aufeinandertreffen. Poppe wurde 1969 in Hemer im Sauerland geboren und geh\u00f6rt zu den wichtigsten Vertretern Neuer Musik im deutschen Sprachraum.<\/p>\n<p style=\"padding-left: 40px;\">Als Dirigent arbeitet er regelm\u00e4\u00dfig mit Ensembles wie dem Klangforum Wien, dem Ensemble Musikfabrik und dem Ensemble Resonanz, sowie mit internationalen Orchestern. Seit 1998 ist er Mitglied und Dirigent des ensemble mosaik. Als Komponist ist Poppe ebenso vielbesch\u00e4ftigt, Kompositionsauftr\u00e4ge erhielt er u.a. von den Salzburger Festspielen, den Berliner Festspielen und vom Ensemble intercontemporain. Bei der vergangenen Ausgabe von Wien Modern dirigierte er sein St\u00fcck \u201eWald\u201c f\u00fcr vier Streichquartette aus dem Jahr 2010. Im Goldenen Saal des Wiener Musikvereins spielten Musiker:innen des Hamburger Ensemble Resonanz. Laut Poppe wird das Streichquartett in seiner Vervierfachung zu einer Art Metasatztechnik. In dieser \u201eZeit-Ton\u201c-Sendung ist der Mitschnitt der eindrucksvollen Auff\u00fchrung vom Sonntag, 6. November 2022 zu h\u00f6ren, erg\u00e4nzt um andere Werke aus Poppes umfangreichem Schaffen. Gestaltung: Philipp Weismann<\/p>\n<p>23:05 bis 00:00 | BR-KLASSIK<br \/>\n<strong>BR-KLASSIK \u2013 Jazztime: News &amp; Roots<\/strong><\/p>\n<p style=\"padding-left: 40px;\">Quiet Nights For Two \u2013 Henning Sieverts pr\u00e4sentiert lauter ruhige Duette, u.a. mit Norma Winstone\/John Taylor, Wolfgang Muthspiel\/Brian Blade, Niko Meinhold\/Taiko Saito und Marc Johnson\/Toots Thielemans.<\/p>\n<h2><a name=\"_Toc125543972\"><\/a><\/h2>\n<hr \/>\n<h2><a name=\"_Toc125543972\"><\/a>mi \u2013 01.02.2023<\/h2>\n<hr \/>\n<p>21:05 \u2013 22:00 UHR | SWR2<br \/>\n<strong>SWR2 NOWJazz: FLY \u2013 Die Neudefinition des Saxofon-Trios\u00a0\u00a0\u00a0\u00a0\u00a0 <\/strong><\/p>\n<p style=\"padding-left: 40px;\">Von Odilo Clausnitzer. Seit den Meilenstein-Aufnahmen von Sonny Rollins ist die Besetzung Saxofon-Bass-Schlagzeug im Jazz mit der Erwartung von Freiheit und Powerplay verbunden. Mark Turner, Larry Grenadier und Jeff Ballard haben mit ihrem kollektiv aufgestellten Trio Fly einen neuen Weg beschritten: weg vom kraftvoll-erdigen Muskelspiel, mehr Gewicht auf Komposition, durchdachte Arrangements, dynamische Differenzierung. Zwischen 2004 und 2012 hat die Band, die sich offiziell nie aufgel\u00f6st hat, drei Platten gemacht. Auch dank ihnen wurde Mark Turner zum vielleicht einflussreichsten Tenorsaxofonisten des aktuellen Jazz.<\/p>\n<p>22:04 bis 23:00 | WDR 3<br \/>\n<strong>WDR 3 Jazz<\/strong><\/p>\n<p>22:30 bis 23:00 | hr2-kultur<br \/>\n<strong>Jazzfacts: What\u2019s going on? \u2013 Features, Interviews und was die Szene (um-)treibt<\/strong><\/p>\n<p style=\"padding-left: 40px;\">Am Mikrofon: Wolf Kampmann. Pianist und Keyboarder Tim Sund ist inspiriert u.a. von Keith Emerson, Chick Corea, Rick Wakeman, Herbie Hancock, Jon Lord und Tony Banks. Zusammen mit seinem Trio setzt Sund neue Akzente und zelebriert den Sound von Synthesizern in seinem instrumentalen Mix aus Prog Rock und Fusion.<\/p>\n<p>23:03 \u2013 24:00 | \u00d61<br \/>\n<strong>Zeit-Ton Magazin <\/strong><\/p>\n<p style=\"padding-left: 40px;\">Jeden Mittwoch pr\u00e4sentieren wir Ihnen ausgesuchte Veranstaltungstipps f\u00fcr die kommenden sieben Tage und die spannendsten Neuver\u00f6ffentlichungen. Gestaltung: Marie-Theres Himmler<\/p>\n<p>23:05 bis 00:00 | BR-KLASSIK<br \/>\n<strong>BR-KLASSIK \u2013 Jazztime: Jazz aus N\u00fcrnberg: Jazz &amp; Beyond<\/strong><\/p>\n<p style=\"padding-left: 40px;\">Die Band SEED der Londoner Saxofonistin Cassie Kinoshi. Aufnahmen vom 29. Oktober 2022 beim 9. NUEJAZZ Festival in N\u00fcrnberg. Moderation und Auswahl: Beate Sampson<\/p>\n<h2><a name=\"_Toc125543973\"><\/a><\/h2>\n<hr \/>\n<h2><a name=\"_Toc125543973\"><\/a>do \u2013 02.02.2023<\/h2>\n<hr \/>\n<p>20:05 bis 22:00 | BR-KLASSIK<br \/>\n<strong>BR-KLASSIK- Konzertabend: Der wilde Sound der 20er<\/strong><\/p>\n<p style=\"padding-left: 40px;\"><strong>Arthur Honegger<\/strong>: \u201ePacific 231\u201c (Symphonieorchester des Bayerischen Rundfunks: Mariss Jansons); <strong>Kurt Weill<\/strong>: \u201eFrauentanz\u201c, op. 10 (Anna-Maria Palii, Sopran; Natalie Schwaabe, Fl\u00f6te; Bettina Faiss, Klarinette; Jes\u00fas Villa Ord\u00f3nez, Fagott; Ursula Kepser, Horn; Benedict Hames, Viola); <strong>Ernst Toch<\/strong>: Tanz-Suite, op. 30 (Natalie Schwaabe, Fl\u00f6te; Bettina Faiss, Klarinette; Korbinian Altenberger, Violine; Benedict Hames, Viola; Lukas Richter, Kontrabass; Guido Marggrander, Schlagzeug); <strong>Andr\u00e9 Caplet<\/strong>: \u201eLe miroir de J\u00e9sus, myst\u00e8res du Rosaire\u201c (Anke Vondung, Mezzosopran; Chor des Bayerischen Rundfunks; M\u00fcnchner Rundfunkorchester: Howard Arman)<\/p>\n<p style=\"padding-left: 40px;\">\u201eDer wilde Sound der 20er\u201c \u2013 daf\u00fcr steht der trimediale Programmschwerpunkt auf BR-KLASSIK im Jahr 2023. Denn hundert Jahre zuvor markiert der 29. Oktober 1923 die Geburtsstunde des heutigen Massenmediums Radio: Im Vox-Haus am Potsdamer Platz ging die erste Sendung der Berliner Funkstunde \u00fcber den \u00c4ther. Grund genug f\u00fcr BR-KLASSIK, dieses Jubil\u00e4um im Kontext der Zwanziger Jahre facettenreich auszuleuchten. Eine Zeit zwischen Krise und Aufbruch: Hyperinflation, politische Radikalisierung, Folgen von Krieg und Spanischer Grippe auf der einen, technische Innovation, Wirtschaftsaufschwung und Lust auf Am\u00fcsement auf der anderen Seite. Themen, die uns heute bekannt vorkommen und genauso umtreiben. Im Februar startet \u201eDer wilde Sound der 20er\u201c mit etlichen Aktionen auf BR-KLASSIK, mit Konzerten der BR-Klangk\u00f6rper, mit Studiokonzerten, Jazz-Events, Social Media-Angeboten und nat\u00fcrlich vielen Sondersendungen im Radio. Ein besonderes Highlight ist das eigens f\u00fcr das Projekt entwickelte Videoformat \u201e1923 \u2013 Musik im Aufbruch\u201c, das f\u00fcnf musikalische Meilensteine aus dieser Zeit vorstellt \u2013 in innovativer Optik pr\u00e4sentiert die junge Dirigentin Erina Yashima die f\u00fcnf Schl\u00fcsselwerke, die sie mit dem Symphonieorchester des Bayerischen Rundfunks produziert hat.<\/p>\n<p style=\"padding-left: 40px;\">Eines davon, Arthur Honeggers faszinierende Bewegungsstudie \u201ePacific 231\u201c, er\u00f6ffnet als Signaturst\u00fcck einer ganzen Epoche die Auftaktsendung zum Thema \u2013 unnachahmlich hat Mariss Jansons mit dem BRSO das Anfahren und Abbremsen einer Pacific-Dampflokomotive vom Typ 231 als Triumph des Industriezeitalters in Szene gesetzt. Die weiteren Werke des Konzertabends stammen von zwei neuen CDs, die das hauseigene Label BR-KLASSIK in Aufnahmen mit Solisten aus dem BRSO, dem Chor des Bayerischen Rundfunks und dem M\u00fcnchner Rundfunkorchester zum Jubil\u00e4um ver\u00f6ffentlicht hat. Hauptwerk ist der Vokalzyklus \u201eLe miroir de J\u00e9sus \u2013 Der Spiegel Jesu\u201c des fr\u00fchverstorbenen Andr\u00e9 Caplet, der seine \u201eMysterien des Rosenkranzes\u201c aus der Perspektive Marias erz\u00e4hlen l\u00e4sst \u2013 und die spirituellen Reflexionen des Dichters Henri Gh\u00e9on in das magische Licht des Impressionismus taucht. \u201eDer wilde Sound der 20er\u201c ist dann auf dem zweiten Album dokumentiert: In den expressiven Minneliedern \u201eFrauentanz\u201c von Kurt Weill und mehr noch in der \u201eTanz-Suite\u201c des Wieners Ernst Toch, entstanden im Bann des zeittypischen Ausdruckstanzes, bricht sich die unb\u00e4ndige Gestaltungskraft einer neuen Epoche Bahn.<\/p>\n<p>21:05 bis 22:00 | Deutschlandfunk<br \/>\n<strong>JazzFacts: Bop Talk \u2013 Der amerikanische Altsaxofonist Charles McPherson<\/strong><\/p>\n<p style=\"padding-left: 40px;\">Am Mikrofon: Karsten M\u00fctzelfeldt. Zw\u00f6lf Jahre lang spielte er in den Bands von Charles Mingus, Charlie Parker war f\u00fcr ihn das Ma\u00df der Dinge. Mit 83 ist Charles McPherson einer der letzten noch lebenden, aktiven Bebopper \u2013 und Zeitzeuge einer jazz-historischen \u00c4ra. Der Altsaxofonist wuchs in Detroit auf und fand im Pianisten Barry Harris seinen wichtigsten Mentor. 1959 ging er nach New York. Ein Jahr sp\u00e4ter engagierte ihn Charles Mingus als Nachfolger von Eric Dolphy. Zwar erlebte McPherson den cholerischen Bassisten bereits am ersten Abend von seiner ungest\u00fcmen und aggressiven Seite, doch er sollte \u00fcber ein Jahrzehnt an der Seite des genialen Enfant terrible bleiben. Sein 1964er Deb\u00fct tr\u00e4gt den vielsagenden Titel \u201eBebop Revisited!\u201c: F\u00fcr ihn ist Bebop die am h\u00f6chsten entwickelte Form des Jazz \u2013 und Bird alias Charlie Parker der Inbegriff von musikalischer Logik und Sophistication. Als einer der stilsichersten Vertreter der Parker-Nachfolge wurde McPherson f\u00fcr den Soundtrack des Clint-Eastwood-Films \u201eBird\u201c engagiert. Lange als P\u00e4dagoge aktiv, ist er bis heute Gast an unz\u00e4hligen Universit\u00e4ten, um als kompetenter und eloquenter Vermittler sein Wissen und seine Erfahrung weiterzugeben.<\/p>\n<p>22:04 bis 23:00 | WDR 3<br \/>\n<strong>WDR 3 Jazz<\/strong><\/p>\n<p style=\"padding-left: 40px;\">Von den Meilensteinen in der Geschichte des Jazz zu den spannendsten Neuerscheinungen und aktuellen Trends. Unsere Autor:innen schaffen Orientierung im rasenden Lauf der Ereignisse, in den Clubs von NRW und den Jazz-Metropolen der Welt.<\/p>\n<p>22:05 bis 23:00 Uhr | BR-KLASSIK<br \/>\n<strong>Horizonte: Musik der Gegenwart<\/strong><\/p>\n<p style=\"padding-left: 40px;\"><strong>Ursula Mamlok<\/strong>: \u201e2000 notes\u201c (Fidan Aghayeva-Edler, Klavier); \u201eFour German Songs (Claude Eichenberger, Mezzosopran; Felicitas Strack, Klavier); \u201eFantasy-Variations\u201c (Jakob Spahn, Violoncello); \u201eFive Capriccios\u201c (Heinz Hollinger, Oboe; Anton Kernjak, Klavier); Streichquartett Nr. 2 (Sonar String Quartet); Suite (David Bowlin, Violine; Jacob Greenberg, Klavier); \u201eKontraste\u201c (Heinz Holliger, Oboe; Ursula Holliger, Harfe)<\/p>\n<p>22:30 bis 23:00 | hr2-kultur<br \/>\n<strong>Jazz Now: Aus dem Dschungel der Neuver\u00f6ffentlichungen<\/strong><\/p>\n<p style=\"padding-left: 40px;\">Am Mikrofon: Daniella Baumeister. Heute mit: Bill Laurance &amp; Michael League: Where You Wish You Were | LTB: Abstrakt | Claus Raible Trio: Fugitive Figures<\/p>\n<p>23:03 \u2013 24:00 | \u00d61<br \/>\n<strong>Zither extended: Martin Mallaun im Portr\u00e4t \u2013 Klimawandel und Zither. Die biologische und musikalische Welt des Martin Mallaun<\/strong><\/p>\n<p style=\"padding-left: 40px;\">Der Tiroler Musiker und Biologe Martin Mallaun arbeitet in v\u00f6llig kontr\u00e4ren Bereichen: Zum einen untersucht er als Botaniker die Auswirkungen des Klimawandels im Hochgebirge. Zum anderen besch\u00e4ftigt er sich als Zitherspieler mit einem breiten Spektrum an Musikstilen \u2013 von zeitgen\u00f6ssischer Musik \u00fcber Volksmusik bis hin zu europ\u00e4ischer Lautenmusik. Zahlreiche Komponist:innen haben speziell Musik f\u00fcr ihn geschrieben, da er die Spieltechniken an seinem Instrument laufend erweitert hat.<\/p>\n<p style=\"padding-left: 40px;\">Klangliche Expansion mit digital generierten Effekten sind genauso Teil seines Portfolios wie die Verbindung seiner Forschungsergebnisse mit k\u00fcnstlerischen Projekten: Seit kurzem unterrichtet er an der Anton Bruckner Privatuniversit\u00e4t in Linz und hat mit den Studierenden und Elisabeth R. Hager das \u201eArchiv seltener Arten\u201c aufgebaut. Darin setzen sie seltenen Pflanzenarten \u00d6sterreichs wie der Fliegenragwurz in acht Mini-H\u00f6rspielen ein akustisches Denkmal. Und das Zitherspiel kommt darin nat\u00fcrlich auch nicht zu kurz.<\/p>\n<p style=\"padding-left: 40px;\">Ein \u201eZeit-Ton\u201c-Portr\u00e4t des vielseitigen Musikers und Forschers Martin Mallaun. Gestaltung: Marie Therese Rudolph<\/p>\n<p>23:05 bis 00:00 | BR-KLASSIK<br \/>\n<strong>BR-KLASSIK \u2013 Jazztime: Der wilde Sound der 20er<\/strong><\/p>\n<p style=\"padding-left: 40px;\">Eine Chronik des Jazz (25): \u201eDown Hearted Blues\u201c. Aufnahmen vom Januar und Februar 1923. Moderation: Benedikt Schregle. Musikauswahl und Autor: Marcus A. Woelfle<\/p>\n<h2><a name=\"_Toc125543974\"><\/a><\/h2>\n<hr \/>\n<h2><a name=\"_Toc125543974\"><\/a>fr \u2013 03.02.2023<\/h2>\n<hr \/>\n<p>22:04 bis 23:00 | WDR 3<br \/>\n<strong>WDR 3 Jazz<\/strong><\/p>\n<p>23:03 \u2013 24:00 | \u00d61<br \/>\n<strong>Musikempfehlungen von Skug-Herausgeber Alfred Pranzl \u2013 Skug-Herausgeber Alfred Pranzl empfiehlt <\/strong><\/p>\n<p style=\"padding-left: 40px;\">Zu Gast im Zeit-Ton Studio ist Alfred Pranzl, der Herausgeber des Musik- und Subkulturmagazins skug. skug steht f\u00fcr \u201esubkultureller Untergrund\u201c und ist seit seiner Gr\u00fcndung 1990 das am l\u00e4ngsten bestehende non-profit Musikmagazin \u00d6sterreichs. Bis 2015 ist viertelj\u00e4hrlich eine Printausgabe erschienen, seither wird es als online-Magazin weitergef\u00fchrt. Die Veranstaltungsreihe \u201eSalon skug\u201c ist nach wie vor eine wichtige Plattform f\u00fcr Musik, Literatur und Perfomance in Wien. Alfred Pranzl spricht im Zeit-Ton Interview unter anderem \u00fcber die Rolle eines solchen Magazins im Jahr 2023 sowie die Herausforderungen und Freuden die damit verbunden sind. Au\u00dferdem bringt er eine pers\u00f6nliche Musikauswahl mit ins Studio und pr\u00e4sentiert aktuelle Lieblingsst\u00fccke und Musik, die ihn pers\u00f6nlich wie auch das skug-Magazin gepr\u00e4gt hat. Gestaltung: Xavier Plus<\/p>\n<p>23:05 bis 00:00 | BR-KLASSIK<br \/>\n<strong>BR-KLASSIK \u2013 Jazztime: B\u00fchne frei im Studio 2 f\u00fcr \u201eTristano Unchained\u201c<\/strong><\/p>\n<p style=\"padding-left: 40px;\">Julian Bossert, Stefan Karl Schmid (Saxofon); Calvin Lennig (Bass); Thomas R\u00fcckert (Piano) und Fabian Arends (Schlagzeug). Aufnahme vom 25. Januar 2023 im Studio 2 des M\u00fcnchner Funkhauses<\/p>\n<p style=\"padding-left: 40px;\">Moderation und Auswahl: Beate Sampson. Beim Bandnamen \u201eTristano Unchained\u201c denken Cineasten im ersten Moment vielleicht an \u201eDjango Unchained\u201c von Quentin Tarantino, Jazzkenner*innen denken aber nat\u00fcrlich an Lennie Tristano. Der blinde Pianist und Komponist hat Ende der 1940er Jahre dem Bebop eine neue Wendung verliehen, als er seine Erfahrungswerte aus der klassischen Musik, aus der Polytonalit\u00e4t der Moderne und dem Kontrapunkt des Sp\u00e4tbarocks mit den swingenden Blue Notes des afro-amerikanischen Jazz verwob. So erschuf Tristano Musik von enormem Formbewusstsein und zugleich von einer luftigen, harmonisch offenen Qualit\u00e4t. Daran waren damals viele interessiert, die sp\u00e4ter als \u201eCool Jazzer\u201c bezeichnet wurden, wie zum Beispiel die Saxofonisten Lee Konitz und Warne Marsh. Und immer noch fasziniert im Hier und Jetzt ist davon auch der Saxofonist Julian Bossert. Deswegen hat er seine Band \u201eTristano Unchained\u201c genannt.<\/p>\n<p style=\"padding-left: 40px;\">Au\u00dferdem hat Julian Bossert ein gro\u00dfes Faible f\u00fcr die Kunst der Kontrafaktur \u2013 auf Englisch \u201econtrafact\u201c. Auch Lennie Tristano beherrschte sie, sie war im Jazz besonders in den 1940er und 50er Jahren relativ weit verbreitet. Dabei wird \u00fcber die Akkordfolge eines schon vorhandenen St\u00fccks eine neue Melodie gespielt. Das klingt lapidar, ist es aber nicht, denn die Ver\u00e4nderung kann so tiefgreifend sein, dass man tats\u00e4chlich von einer neuen, eigenen Komposition sprechen darf. St\u00fccke wie \u201eOrnithology\u201c von Charlie Parker \u00fcber die Akkorde des Musicalhits \u201eHow high the moon\u201c beweisen das. Auf dem 2021 erschienenen Album \u201eWild Horses\u201c seiner Band \u201eTristano Unchained\u201c hat auch Julian Bossert einige St\u00fccke, inspiriert von den Harmonien historischer Jazzst\u00fccke, komponiert. Es war das dritte Album, das der 1988 in Pforzheim geborene Musiker als Bandleader herausgebracht hat. Nachdem er sein Studium an der Musikhochschule in N\u00fcrnberg mit einem Master in Jazzarrangement und Komposition abgeschlossen hat, zog es ihn vor etwa acht Jahren nach K\u00f6ln. Dort sind er und seine Mitmusiker zuhause. Inzwischen haben sie ein neues Album aufgenommen. Es hei\u00dft \u201eOn democracy\u201c, weil alle in gleichem Ma\u00dfe an der Musikentstehung beteiligt sind. Auf der Basis von Formen und Harmonien von Jazzstandards wird die Musik im Freiraum des Moments ausgestaltet.<\/p>\n<hr \/>\n<h2><a name=\"_Toc125543975\"><\/a>sa \u2013 04.02.2023<\/h2>\n<hr \/>\n<p>05:05 bis 06:00 | Deutschlandfunk Kultur<br \/>\n<strong>Aus den Archiven: Sammy Davis Jr: Der unm\u00f6gliche Traum (4\/5) \u2013 All that Jazz und Hollywood<\/strong><\/p>\n<p style=\"padding-left: 40px;\">Von Siegfried Schmidt-Joos. RIAS Berlin 1984. Teil 5 am 04.03.2023, 05.05 Uhr. In der vierten Folge der Portr\u00e4t-Reihe \u00fcber Sammy Davis Junior geht es um den Kern, die Seele seiner Kunst \u2013 so formuliert es der Autor der Reihe, Siegfried Schmidt-Joos, einer der besten Kenner der Jazz-, Pop- und Rockmusikkultur: \u201eA man and his soul and all that jazz.\u201c Aber es geht auch um seine Begeisterung f\u00fcr Filme, die f\u00fcr ihn alles waren: Magie, Fantasie, eine andere Welt, in die man fliehen konnte. Seine Sammlung von vielen hundert 16-mm-Spielfilm-Kopien war legend\u00e4r, er kannte jeden in der Filmindustrie und plauderte gern aus dem N\u00e4hk\u00e4stchen, nachzulesen in seinem Buch \u201eHollywood in a suitcase\u201c. Weil er aber die Traumfabrik auch von innen kannte, die dem lebendigen Menschen irgendwann keine Luft zum Atmen lie\u00df, wie er schrieb, war seine logische Folgerung: weg von der Kamera, rauf auf die B\u00fchne, wo es nur noch um Singen, Sprechen und Steppen geht.<\/p>\n<p>09:05 \u2013 10:00 UHR | SWR2<br \/>\n<strong>SWR2 Musikstunde: JAZZ GLOBAL \u2013 Ethio-Jazz: Ein Sound geht um die Welt<\/strong><\/p>\n<p style=\"padding-left: 40px;\">Von Thomas Loewner. Ethio-Jazz hat eine lange Tradition. Der \u201eGodfather\u201c dieses Stils, der Jazz mit lateinamerikanischen Einfl\u00fcssen und der traditionellen Musik \u00c4thiopiens verbindet, ist der Vibrafonist Mulatu Astatke aus Addis Abeba. Er feiert 2023 seinen 80. Geburtstag und ist noch immer aktiv. Einem weltweiten Publikum wurde Astatkes Musik vor allem durch Jim Jarmuschs Roadmovie \u201eBroken Flowers\u201c aus dem Jahr 2005 bekannt. Seitdem hat er mit zahlreichen Bands aus Europa und den USA zusammengearbeitet und es gab eine regelrechte Welle von Gruppen aus aller Welt, die auf den Ethio-Jazz-Zug aufgesprungen sind.<\/p>\n<p>13:04 bis 15:00 | WDR 3<br \/>\n<strong>WDR 3 Pers\u00f6nlich mit G\u00f6tz Alsmann<\/strong><\/p>\n<p style=\"padding-left: 40px;\">G\u00f6tz Alsmann pr\u00e4sentiert in WDR 3 seine ganz spezielle Auffassung von Jazzmusik: Swingend, stilbergreifend, manches puristisch, einiges eher Jazz-\u00e4hnlich, durchaus sentimental und immer gerne unterhaltend. Wenn der Sound und das musikalische Gef\u00fchl stimmen, wird der Kreis dessen, was \u201eJazz\u201c ist, auch gerne erweitert.<\/p>\n<p>14:05 bis 15:00 Uhr | BR-KLASSIK<br \/>\n<strong>KlassikPlus: Zum 150. Geburtstag des Komponisten Leo Fall<\/strong><\/p>\n<p style=\"padding-left: 40px;\">Der Triumph seiner Operetten \u201eDie Dollarprinzessin\u201c und \u201eDer fidele Bauer\u201c im Jahre 1907 hatte aus dem lange darbenden Komponisten Leo Fall \u00fcber Nacht einen reichen Mann gemacht. \u00dcberrollt vom Erfolg, baute er in Wien eine monumentale Villa, legte sich ein Auto samt Chauffeur zu, kaufte seiner Frau Pelzm\u00e4ntel und Juwelen und fing an zu spielen. Tantiemen und Vorsch\u00fcsse sprudelten, bis er die \u00dcbersicht verlor und nicht mehr wusste, wie viel er wem wof\u00fcr schuldete und was er f\u00fcr wen komponieren musste. 1910 wurde Fall auf eigenen Wunsch unter Kuratel gestellt. Der Anwalt Dr. Adolf Altmann machte sich an die Sisyphosarbeit, Ordnung ins Chaos der falschen Finanzen zu bringen. Seine Korrespondenz mit dem Komponisten ist sowohl Dokument einer tragikomischen Freundschaft als auch einer zwischen Kapitalismus und Kunst oszillierenden Unterhaltungsbranche, deren bisher verborgene Schattenseiten Stefan Frey in seiner Fallstudie beleuchtet. Eine Sendung aus dem Jahr 2012 von Stefan Frey<\/p>\n<p>17:05 bis 17:55 | Bayern 2<br \/>\n<strong>Jazz &amp; Politik: Politisches Feuilleton<\/strong><\/p>\n<p>18:05 bis 22:00 | BR-KLASSIK<br \/>\n<strong>BR-KLASSIK \u2013 \u201eSparks &amp; Visions\u201c<\/strong><\/p>\n<p style=\"padding-left: 40px;\">Mit Elina Duni &amp; Rob Luft feat. Corrie Dick, Veronika Harcsas \u201eDebussy now!\u201c, Julia H\u00fclsmanns \u201eHeaven Steps to Seven\u201c, Linda Fredriksson und anderen. Aufnahmen vom 27. bis 29. Januar 2023 im Theater Regensburg beim Internationalen Jazzfestival. Moderation und Auswahl: Roland Spiegel<\/p>\n<p style=\"padding-left: 40px;\">Sparks &amp; Visions: Funken aus neuen T\u00f6nen: Ein hervorragend konzipiertes neues Festival: Unter dem Titel \u201eSparks &amp; Visions\u201c steht vom 27. bis zum 29. Januar 2023 im Theater Regensburg eine faszinierende Zusammenstellung von Bands der internationalen Jazz-Szene auf dem Programm. Funken freizusetzen, um zu H\u00f6r-Abenteuern anzuregen, und mit Musik neue H\u00f6r-Horizonte abzustecken \u2013 darum geht es mit neun herausragenden Gruppen einer jungen und frischen, aber k\u00fcnstlerisch bereits in der obersten Liga spielenden Szene. Unter anderem die aus Albanien stammende S\u00e4ngerin Elina Duni mit ihrem Londoner Projekt, die deutsche Pianistin Julia H\u00fclsmann mit ihrem Septett aus f\u00fcnf Frauen und zwei M\u00e4nnern, \u201eHeaven Steps To Seven\u201c, die finnische Saxophonistin Linda Fredriksson mit ihrem Ensemble, das ungarische Trio \u201eSanta Diver\u201c, die ebenfalls aus Ungarn stammende S\u00e4ngerin Veronika Harcsa mit dem Programm \u201eDebussy Now!\u201c, der New-London-Jazz-Protagonist Kamaal Williams und das Quartett des deutsch-amerikanischen Pianisten Benjamin Lackner unter anderem mit dem norwegischen Trompeten-Star Mathias Eick sind aufgeboten: ein faszinierendes Musik-Panorama. BR-Klassik schneidet die Konzerte mit und sendet hier eine erste vierst\u00fcndige Auswahl aus dem bemerkenswerten Programm.<\/p>\n<p>19:00 bis 20:00 | hr2-kultur<br \/>\n<strong>Live Jazz: Das hr-Jazzensemble in der Alten Seilerei | 6. Fabrik Jazzfestival, Frankfurt, November 2022, Teil 1<\/strong><\/p>\n<p style=\"padding-left: 40px;\">Am Mikrofon: Daniella Baumeister. Das hr-Jazzensemble in der Alten Seilerei || Christof Lauer, ts, ss | Stefan Lottermann, tb | John Schr\u00f6der, dr | Fabian Dudek, as,ss | Sebastian Sternal, p | Bastian Weinig, b | 6. Fabrik Jazzfestival, Alte Seilerei, Frankfurt, November 2022, Teil 1<\/p>\n<p>20:04 bis 23:00 | WDR 3<br \/>\n<strong>WDR 3 Konzert live: Der WDR Jazzpreis 2023<\/strong><\/p>\n<p style=\"padding-left: 40px;\">Der WDR Jazzpreis live aus dem Theater G\u00fctersloh! Wir pr\u00e4sentieren die Preistr\u00e4gerkonzerte der Gewinnerinnen und Gewinner des Jahres 2023.<\/p>\n<p style=\"padding-left: 40px;\">Der WDR Jazzpreis hat zum Jahr 2023 sein Gewand ge\u00e4ndert. In Zukunft wird der Preis in drei Kategorien verliehen: in der Kategorie Nachwuchs, der Kategorie Jazz und in der Kategorie Musikkulturen. Erleben Sie herausragende K\u00fcnstlerinnen und K\u00fcnstler aus NRW und ber\u00fchrende Musikmomente, live aus dem Theater in G\u00fctersloh. Preistr\u00e4gerkonzerte der Gewinnerinnen und Gewinner. \u00dcbertragung aus dem Theater G\u00fctersloh<\/p>\n<p>22:03 \u2013 23:00 UHR | SWR2<br \/>\n<strong>SWR2 Jazztime: WARMHERZIG UND ZUPACKEND \u2013 Der franz\u00f6sische Pianist Michel Petrucciani<\/strong><\/p>\n<p style=\"padding-left: 40px;\">Von Bert Noglik. Er hat nie mit Kl\u00e4ngen gegeizt und sich geradezu an das Publikum verschenkt. Der franz\u00f6sisch-italienische Pianist Michel Petrucciani wusste mit seinem Spiel zu bezaubern und zu ber\u00fchren. Den Saxofonisten Charles Lloyd begeisterte er derma\u00dfen, dass dieser sich entschloss, nach selbstgew\u00e4hlter Isolation auf die Jazzszene zur\u00fcckzukehren. Michel Petrucciani, der mit der Glasknochenkrankheit geboren wurde und Zeit seines kurzen Lebens kleinw\u00fcchsig blieb, trotzte seines Handicaps mit einer exzessiven Freude an der Musik und allem, was die Welt zu bieten hat. Auch 23 Jahre nach seinem Tod strahlen seine Aufnahme noch immer Liebensw\u00fcrdigkeit und W\u00e4rme aus.<\/p>\n<h2><a name=\"_Toc125543976\"><\/a><\/h2>\n<hr \/>\n<h2><a name=\"_Toc125543976\"><\/a>so \u2013 05.02.2023<\/h2>\n<hr \/>\n<p>19:00 bis 20:00 | hr2-kultur<br \/>\n<strong>hr-Bigband: Konzerte und Produktionen u.a. mit: hr-Bigband feat. Linda May Han Oh<\/strong><\/p>\n<p style=\"padding-left: 40px;\">Am Mikrofon: J\u00fcrgen Schwab. Die hr-Bigband freute sich im November auf einen echten \u201eRising Star\u201c: Linda May Han Oh. Sie teilt sich l\u00e4ngst die B\u00fchne mit Jazzgro\u0308\u00dfen wie Pat Metheny oder Joe Lovano. Nicht immer h\u00e4lt sie sich dabei an das typische Jazzrepertoire, denn die gefragte Bassistin und Komponistin verf\u00fcgt \u00fcber einen breit gef\u00e4cherten Musikgeschmack. Dabei hat es eine ganze Weile gedauert bis die inzwischen 37-Ja\u0308hrige, die als Kind chinesischer Einwanderer in Australien aufgewachsen ist, vom Klavier \u00fcber die Klarinette und das Fagott schlie\u00dflich den Weg zum Bass fand. Mittlerweile lebt sie in New York und hat bereits f\u00fcnf eigene Alben ver\u00f6ffentlicht.<\/p>\n<p style=\"padding-left: 40px;\">Zusammen mit der hr-Bigband gastierte Linda May Han Oh im November in der Centralstation in Darmstadt. H\u00f6ren Sie heute den ersten Teils dieses Konzertes.<\/p>\n<p>19:25 \u2013 20:00 UHR | SWR2<br \/>\n<strong>SWR2 Jazz: MEIN NAME IST BOND, JAZZ BOND \u2013 Jazz aus Agentenfilmen<\/strong><\/p>\n<p style=\"padding-left: 40px;\">Von Henry Altmann. So viel Jazz war im Jazzdienst Ihrer Majest\u00e4t und Bond-Bombast erst mal gar nicht drin, daf\u00fcr aber bei den Vorg\u00e4ngern, Varianten und Nachahmern. Ob bei Peter Gunn, dem James Bond-Prototypen in schwarz-wei\u00df, oder in schlechten Plagiaten wie \u201eJames Tont\u201c, \u201eCharles Bird\u201c oder im Bond-Ableger \u201eOK Connery\u201c mit Sean Connerys Bruder Neill \u2013 Jazz jagte und k\u00fcsste, schoss und spielte mit, in Form von coolem Combo-, Breitwand-Big-Band-Sound oder Beat und Bossa.<\/p>\n<p>&nbsp;<\/p>\n","protected":false},"excerpt":{"rendered":"<p>Ein kleiner Blick in die Radiowoche 05. Die \u00dcbersicht zum Download als PDF. Alle Angaben ohne Gew\u00e4hr. Erg\u00e4nzt mit den tollen Sendungen zur Neuen Musik von BR-KLASSIK und \u00d61. Inhalt Senderliste: 1 mo \u2013 30.01.2023. 2 di \u2013 31.01.2023. 3 mi \u2013 01.02.2023. 5 do \u2013 02.02.2023. 5 fr \u2013 03.02.2023. 7 sa \u2013 04.02.2023. 8 so \u2013 05.02.2023. 10 Senderliste: ORF \u2013 \u00d61 Deutschlandfunk \u2013 \u201eFakten und mehr\u201c Deutschlandfunk-Kultur \u2013 \u201eDas Feuilleton im Radio\u201c ndr Kultur \u2013 H\u00f6ren und genie\u00dfen radio bremen \u2013 Neugier lohnt sich. rbb-kultur \u2013 DEINE OHREN WERDEN AUGEN MACHEN. mdr-kultur \u2013 Das Radio. wdr3 \u2013 Das Kulturradio hr2-kultur \u2013 Das Kulturradio f\u00fcr Hessen. sr2 Kulturradio \u2013 \u2026 gut zu h\u00f6ren. swr2 \u2013 Kultur neu entdecken BR-KLASSIK \u2013 Klassikstars geben auf BR-KLASSIK den Ton an. Attraktive Magazine bringen Interviews und Neuigkeiten aus dem Musikleben. Bayern 2 \u2013 Preisgekr\u00f6ntes Radio f\u00fcr H\u00f6rer, die mehr wissen wollen mo \u2013 30.01.2023 19:30:00 | \u00d61 Julia Malischnig, Manuel Randi, Yuliya Lonskaya und Lulo Reinhardt 2022 beim Gitarrenfestival in Millstadt In Rahmen seiner 15. Ausgabe im Sommer 2022 setzte das internationale Gitarrenfestival \u201eLa Guitarra esencial\u201c in &hellip;<\/p>\n","protected":false},"author":1,"featured_media":16028,"comment_status":"open","ping_status":"closed","sticky":false,"template":"","format":"standard","meta":{"_jetpack_memberships_contains_paid_content":false,"footnotes":"","jetpack_publicize_message":"","jetpack_publicize_feature_enabled":true,"jetpack_social_post_already_shared":false,"jetpack_social_options":{"image_generator_settings":{"template":"highway","default_image_id":0,"font":"","enabled":false},"version":2}},"categories":[633,452],"tags":[1629],"coauthors":[650],"class_list":["post-28965","post","type-post","status-publish","format-standard","has-post-thumbnail","hentry","category-nachrichten","category-radio","tag-jazz-im-radio"],"yoast_head":"<!-- This site is optimized with the Yoast SEO plugin v27.5 - https:\/\/yoast.com\/product\/yoast-seo-wordpress\/ -->\n<title>Die erweiterte Jazz-Radiowoche vom 30.01.2023 bis 05.02.2023 - JazzZeitung<\/title>\n<meta name=\"robots\" content=\"index, follow, max-snippet:-1, max-image-preview:large, max-video-preview:-1\" \/>\n<link rel=\"canonical\" href=\"https:\/\/www.jazzzeitung.de\/cms\/2023\/01\/die-erweiterte-jazz-radiowoche-vom-30-01-2023-bis-05-02-2023\/\" \/>\n<meta property=\"og:locale\" content=\"de_DE\" \/>\n<meta property=\"og:type\" content=\"article\" \/>\n<meta property=\"og:title\" content=\"Die erweiterte Jazz-Radiowoche vom 30.01.2023 bis 05.02.2023 - JazzZeitung\" \/>\n<meta property=\"og:description\" content=\"Ein kleiner Blick in die Radiowoche 05. Die \u00dcbersicht zum Download als PDF. Alle Angaben ohne Gew\u00e4hr. Erg\u00e4nzt mit den tollen Sendungen zur Neuen Musik von BR-KLASSIK und \u00d61. Inhalt Senderliste: 1 mo \u2013 30.01.2023. 2 di \u2013 31.01.2023. 3 mi \u2013 01.02.2023. 5 do \u2013 02.02.2023. 5 fr \u2013 03.02.2023. 7 sa \u2013 04.02.2023. 8 so \u2013 05.02.2023. 10 Senderliste: ORF \u2013 \u00d61 Deutschlandfunk \u2013 \u201eFakten und mehr\u201c Deutschlandfunk-Kultur \u2013 \u201eDas Feuilleton im Radio\u201c ndr Kultur \u2013 H\u00f6ren und genie\u00dfen radio bremen \u2013 Neugier lohnt sich. rbb-kultur \u2013 DEINE OHREN WERDEN AUGEN MACHEN. mdr-kultur \u2013 Das Radio. wdr3 \u2013 Das Kulturradio hr2-kultur \u2013 Das Kulturradio f\u00fcr Hessen. sr2 Kulturradio \u2013 \u2026 gut zu h\u00f6ren. swr2 \u2013 Kultur neu entdecken BR-KLASSIK \u2013 Klassikstars geben auf BR-KLASSIK den Ton an. Attraktive Magazine bringen Interviews und Neuigkeiten aus dem Musikleben. Bayern 2 \u2013 Preisgekr\u00f6ntes Radio f\u00fcr H\u00f6rer, die mehr wissen wollen mo \u2013 30.01.2023 19:30:00 | \u00d61 Julia Malischnig, Manuel Randi, Yuliya Lonskaya und Lulo Reinhardt 2022 beim Gitarrenfestival in Millstadt In Rahmen seiner 15. Ausgabe im Sommer 2022 setzte das internationale Gitarrenfestival \u201eLa Guitarra esencial\u201c in &hellip;\" \/>\n<meta property=\"og:url\" content=\"https:\/\/www.jazzzeitung.de\/cms\/2023\/01\/die-erweiterte-jazz-radiowoche-vom-30-01-2023-bis-05-02-2023\/\" \/>\n<meta property=\"og:site_name\" content=\"JazzZeitung\" \/>\n<meta property=\"article:publisher\" content=\"https:\/\/www.facebook.com\/JazzZeitung\/\" \/>\n<meta property=\"article:author\" content=\"https:\/\/www.facebook.com\/hufner\" \/>\n<meta property=\"article:published_time\" content=\"2023-01-29T11:00:40+00:00\" \/>\n<meta property=\"og:image\" content=\"https:\/\/i0.wp.com\/www.jazzzeitung.de\/cms\/wp-content\/uploads\/2018\/05\/radio-jazz_journalisten.jpg?fit=2048%2C1536&ssl=1\" \/>\n\t<meta property=\"og:image:width\" content=\"2048\" \/>\n\t<meta property=\"og:image:height\" content=\"1536\" \/>\n\t<meta property=\"og:image:type\" content=\"image\/jpeg\" \/>\n<meta name=\"author\" content=\"Martin Hufner\" \/>\n<script type=\"application\/ld+json\" class=\"yoast-schema-graph\">{\"@context\":\"https:\\\/\\\/schema.org\",\"@graph\":[{\"@type\":\"Article\",\"@id\":\"https:\\\/\\\/www.jazzzeitung.de\\\/cms\\\/2023\\\/01\\\/die-erweiterte-jazz-radiowoche-vom-30-01-2023-bis-05-02-2023\\\/#article\",\"isPartOf\":{\"@id\":\"https:\\\/\\\/www.jazzzeitung.de\\\/cms\\\/2023\\\/01\\\/die-erweiterte-jazz-radiowoche-vom-30-01-2023-bis-05-02-2023\\\/\"},\"author\":{\"name\":\"Martin Hufner\",\"@id\":\"https:\\\/\\\/www.jazzzeitung.de\\\/cms\\\/#\\\/schema\\\/person\\\/b9a4e5ac765d94fb8f617bfa8f1fc5f7\"},\"headline\":\"Die erweiterte Jazz-Radiowoche vom 30.01.2023 bis 05.02.2023\",\"datePublished\":\"2023-01-29T11:00:40+00:00\",\"mainEntityOfPage\":{\"@id\":\"https:\\\/\\\/www.jazzzeitung.de\\\/cms\\\/2023\\\/01\\\/die-erweiterte-jazz-radiowoche-vom-30-01-2023-bis-05-02-2023\\\/\"},\"wordCount\":4382,\"commentCount\":0,\"publisher\":{\"@id\":\"https:\\\/\\\/www.jazzzeitung.de\\\/cms\\\/#organization\"},\"image\":{\"@id\":\"https:\\\/\\\/www.jazzzeitung.de\\\/cms\\\/2023\\\/01\\\/die-erweiterte-jazz-radiowoche-vom-30-01-2023-bis-05-02-2023\\\/#primaryimage\"},\"thumbnailUrl\":\"https:\\\/\\\/i0.wp.com\\\/www.jazzzeitung.de\\\/cms\\\/wp-content\\\/uploads\\\/2018\\\/05\\\/radio-jazz_journalisten.jpg?fit=2048%2C1536&ssl=1\",\"keywords\":[\"Jazz im Radio\"],\"articleSection\":[\"News\",\"Radio\"],\"inLanguage\":\"de\",\"potentialAction\":[{\"@type\":\"CommentAction\",\"name\":\"Comment\",\"target\":[\"https:\\\/\\\/www.jazzzeitung.de\\\/cms\\\/2023\\\/01\\\/die-erweiterte-jazz-radiowoche-vom-30-01-2023-bis-05-02-2023\\\/#respond\"]}]},{\"@type\":\"WebPage\",\"@id\":\"https:\\\/\\\/www.jazzzeitung.de\\\/cms\\\/2023\\\/01\\\/die-erweiterte-jazz-radiowoche-vom-30-01-2023-bis-05-02-2023\\\/\",\"url\":\"https:\\\/\\\/www.jazzzeitung.de\\\/cms\\\/2023\\\/01\\\/die-erweiterte-jazz-radiowoche-vom-30-01-2023-bis-05-02-2023\\\/\",\"name\":\"Die erweiterte Jazz-Radiowoche vom 30.01.2023 bis 05.02.2023 - JazzZeitung\",\"isPartOf\":{\"@id\":\"https:\\\/\\\/www.jazzzeitung.de\\\/cms\\\/#website\"},\"primaryImageOfPage\":{\"@id\":\"https:\\\/\\\/www.jazzzeitung.de\\\/cms\\\/2023\\\/01\\\/die-erweiterte-jazz-radiowoche-vom-30-01-2023-bis-05-02-2023\\\/#primaryimage\"},\"image\":{\"@id\":\"https:\\\/\\\/www.jazzzeitung.de\\\/cms\\\/2023\\\/01\\\/die-erweiterte-jazz-radiowoche-vom-30-01-2023-bis-05-02-2023\\\/#primaryimage\"},\"thumbnailUrl\":\"https:\\\/\\\/i0.wp.com\\\/www.jazzzeitung.de\\\/cms\\\/wp-content\\\/uploads\\\/2018\\\/05\\\/radio-jazz_journalisten.jpg?fit=2048%2C1536&ssl=1\",\"datePublished\":\"2023-01-29T11:00:40+00:00\",\"breadcrumb\":{\"@id\":\"https:\\\/\\\/www.jazzzeitung.de\\\/cms\\\/2023\\\/01\\\/die-erweiterte-jazz-radiowoche-vom-30-01-2023-bis-05-02-2023\\\/#breadcrumb\"},\"inLanguage\":\"de\",\"potentialAction\":[{\"@type\":\"ReadAction\",\"target\":[\"https:\\\/\\\/www.jazzzeitung.de\\\/cms\\\/2023\\\/01\\\/die-erweiterte-jazz-radiowoche-vom-30-01-2023-bis-05-02-2023\\\/\"]}]},{\"@type\":\"ImageObject\",\"inLanguage\":\"de\",\"@id\":\"https:\\\/\\\/www.jazzzeitung.de\\\/cms\\\/2023\\\/01\\\/die-erweiterte-jazz-radiowoche-vom-30-01-2023-bis-05-02-2023\\\/#primaryimage\",\"url\":\"https:\\\/\\\/i0.wp.com\\\/www.jazzzeitung.de\\\/cms\\\/wp-content\\\/uploads\\\/2018\\\/05\\\/radio-jazz_journalisten.jpg?fit=2048%2C1536&ssl=1\",\"contentUrl\":\"https:\\\/\\\/i0.wp.com\\\/www.jazzzeitung.de\\\/cms\\\/wp-content\\\/uploads\\\/2018\\\/05\\\/radio-jazz_journalisten.jpg?fit=2048%2C1536&ssl=1\",\"width\":2048,\"height\":1536,\"caption\":\"Jazz im Radio. Foto\\\/Montage: Hufner\"},{\"@type\":\"BreadcrumbList\",\"@id\":\"https:\\\/\\\/www.jazzzeitung.de\\\/cms\\\/2023\\\/01\\\/die-erweiterte-jazz-radiowoche-vom-30-01-2023-bis-05-02-2023\\\/#breadcrumb\",\"itemListElement\":[{\"@type\":\"ListItem\",\"position\":1,\"name\":\"Startseite\",\"item\":\"https:\\\/\\\/www.jazzzeitung.de\\\/cms\\\/\"},{\"@type\":\"ListItem\",\"position\":2,\"name\":\"Die erweiterte Jazz-Radiowoche vom 30.01.2023 bis 05.02.2023\"}]},{\"@type\":\"WebSite\",\"@id\":\"https:\\\/\\\/www.jazzzeitung.de\\\/cms\\\/#website\",\"url\":\"https:\\\/\\\/www.jazzzeitung.de\\\/cms\\\/\",\"name\":\"JazzZeitung\",\"description\":\"Jazz-News und Jazz-Kontroverses\",\"publisher\":{\"@id\":\"https:\\\/\\\/www.jazzzeitung.de\\\/cms\\\/#organization\"},\"potentialAction\":[{\"@type\":\"SearchAction\",\"target\":{\"@type\":\"EntryPoint\",\"urlTemplate\":\"https:\\\/\\\/www.jazzzeitung.de\\\/cms\\\/?s={search_term_string}\"},\"query-input\":{\"@type\":\"PropertyValueSpecification\",\"valueRequired\":true,\"valueName\":\"search_term_string\"}}],\"inLanguage\":\"de\"},{\"@type\":\"Organization\",\"@id\":\"https:\\\/\\\/www.jazzzeitung.de\\\/cms\\\/#organization\",\"name\":\"JazzZeitung online\",\"url\":\"https:\\\/\\\/www.jazzzeitung.de\\\/cms\\\/\",\"logo\":{\"@type\":\"ImageObject\",\"inLanguage\":\"de\",\"@id\":\"https:\\\/\\\/www.jazzzeitung.de\\\/cms\\\/#\\\/schema\\\/logo\\\/image\\\/\",\"url\":\"https:\\\/\\\/i0.wp.com\\\/www.jazzzeitung.de\\\/cms\\\/wp-content\\\/uploads\\\/2015\\\/08\\\/JAZZZEITUNGDE_Logo_Neu.png?fit=499%2C200&ssl=1\",\"contentUrl\":\"https:\\\/\\\/i0.wp.com\\\/www.jazzzeitung.de\\\/cms\\\/wp-content\\\/uploads\\\/2015\\\/08\\\/JAZZZEITUNGDE_Logo_Neu.png?fit=499%2C200&ssl=1\",\"width\":499,\"height\":200,\"caption\":\"JazzZeitung online\"},\"image\":{\"@id\":\"https:\\\/\\\/www.jazzzeitung.de\\\/cms\\\/#\\\/schema\\\/logo\\\/image\\\/\"},\"sameAs\":[\"https:\\\/\\\/www.facebook.com\\\/JazzZeitung\\\/\"]},{\"@type\":\"Person\",\"@id\":\"https:\\\/\\\/www.jazzzeitung.de\\\/cms\\\/#\\\/schema\\\/person\\\/b9a4e5ac765d94fb8f617bfa8f1fc5f7\",\"name\":\"Martin Hufner\",\"image\":{\"@type\":\"ImageObject\",\"inLanguage\":\"de\",\"@id\":\"https:\\\/\\\/i0.wp.com\\\/www.jazzzeitung.de\\\/cms\\\/wp-content\\\/uploads\\\/2013\\\/07\\\/huf-06.jpg?resize=96%2C96&ssl=15fcc31aa94540751a3b804516452be00\",\"url\":\"https:\\\/\\\/i0.wp.com\\\/www.jazzzeitung.de\\\/cms\\\/wp-content\\\/uploads\\\/2013\\\/07\\\/huf-06.jpg?resize=96%2C96&ssl=1\",\"contentUrl\":\"https:\\\/\\\/i0.wp.com\\\/www.jazzzeitung.de\\\/cms\\\/wp-content\\\/uploads\\\/2013\\\/07\\\/huf-06.jpg?resize=96%2C96&ssl=1\",\"caption\":\"Martin Hufner\"},\"description\":\"Martin Hufner ist freier Autor der JazzZeitung.\",\"sameAs\":[\"https:\\\/\\\/www.kritische-masse.de\\\/logbuch\",\"https:\\\/\\\/www.facebook.com\\\/hufner\"],\"url\":\"https:\\\/\\\/www.jazzzeitung.de\\\/cms\\\/author\\\/admin\\\/\"}]}<\/script>\n<!-- \/ Yoast SEO plugin. -->","yoast_head_json":{"title":"Die erweiterte Jazz-Radiowoche vom 30.01.2023 bis 05.02.2023 - JazzZeitung","robots":{"index":"index","follow":"follow","max-snippet":"max-snippet:-1","max-image-preview":"max-image-preview:large","max-video-preview":"max-video-preview:-1"},"canonical":"https:\/\/www.jazzzeitung.de\/cms\/2023\/01\/die-erweiterte-jazz-radiowoche-vom-30-01-2023-bis-05-02-2023\/","og_locale":"de_DE","og_type":"article","og_title":"Die erweiterte Jazz-Radiowoche vom 30.01.2023 bis 05.02.2023 - JazzZeitung","og_description":"Ein kleiner Blick in die Radiowoche 05. Die \u00dcbersicht zum Download als PDF. Alle Angaben ohne Gew\u00e4hr. Erg\u00e4nzt mit den tollen Sendungen zur Neuen Musik von BR-KLASSIK und \u00d61. Inhalt Senderliste: 1 mo \u2013 30.01.2023. 2 di \u2013 31.01.2023. 3 mi \u2013 01.02.2023. 5 do \u2013 02.02.2023. 5 fr \u2013 03.02.2023. 7 sa \u2013 04.02.2023. 8 so \u2013 05.02.2023. 10 Senderliste: ORF \u2013 \u00d61 Deutschlandfunk \u2013 \u201eFakten und mehr\u201c Deutschlandfunk-Kultur \u2013 \u201eDas Feuilleton im Radio\u201c ndr Kultur \u2013 H\u00f6ren und genie\u00dfen radio bremen \u2013 Neugier lohnt sich. rbb-kultur \u2013 DEINE OHREN WERDEN AUGEN MACHEN. mdr-kultur \u2013 Das Radio. wdr3 \u2013 Das Kulturradio hr2-kultur \u2013 Das Kulturradio f\u00fcr Hessen. sr2 Kulturradio \u2013 \u2026 gut zu h\u00f6ren. swr2 \u2013 Kultur neu entdecken BR-KLASSIK \u2013 Klassikstars geben auf BR-KLASSIK den Ton an. Attraktive Magazine bringen Interviews und Neuigkeiten aus dem Musikleben. Bayern 2 \u2013 Preisgekr\u00f6ntes Radio f\u00fcr H\u00f6rer, die mehr wissen wollen mo \u2013 30.01.2023 19:30:00 | \u00d61 Julia Malischnig, Manuel Randi, Yuliya Lonskaya und Lulo Reinhardt 2022 beim Gitarrenfestival in Millstadt In Rahmen seiner 15. Ausgabe im Sommer 2022 setzte das internationale Gitarrenfestival \u201eLa Guitarra esencial\u201c in &hellip;","og_url":"https:\/\/www.jazzzeitung.de\/cms\/2023\/01\/die-erweiterte-jazz-radiowoche-vom-30-01-2023-bis-05-02-2023\/","og_site_name":"JazzZeitung","article_publisher":"https:\/\/www.facebook.com\/JazzZeitung\/","article_author":"https:\/\/www.facebook.com\/hufner","article_published_time":"2023-01-29T11:00:40+00:00","og_image":[{"width":2048,"height":1536,"url":"https:\/\/i0.wp.com\/www.jazzzeitung.de\/cms\/wp-content\/uploads\/2018\/05\/radio-jazz_journalisten.jpg?fit=2048%2C1536&ssl=1","type":"image\/jpeg"}],"author":"Martin Hufner","schema":{"@context":"https:\/\/schema.org","@graph":[{"@type":"Article","@id":"https:\/\/www.jazzzeitung.de\/cms\/2023\/01\/die-erweiterte-jazz-radiowoche-vom-30-01-2023-bis-05-02-2023\/#article","isPartOf":{"@id":"https:\/\/www.jazzzeitung.de\/cms\/2023\/01\/die-erweiterte-jazz-radiowoche-vom-30-01-2023-bis-05-02-2023\/"},"author":{"name":"Martin Hufner","@id":"https:\/\/www.jazzzeitung.de\/cms\/#\/schema\/person\/b9a4e5ac765d94fb8f617bfa8f1fc5f7"},"headline":"Die erweiterte Jazz-Radiowoche vom 30.01.2023 bis 05.02.2023","datePublished":"2023-01-29T11:00:40+00:00","mainEntityOfPage":{"@id":"https:\/\/www.jazzzeitung.de\/cms\/2023\/01\/die-erweiterte-jazz-radiowoche-vom-30-01-2023-bis-05-02-2023\/"},"wordCount":4382,"commentCount":0,"publisher":{"@id":"https:\/\/www.jazzzeitung.de\/cms\/#organization"},"image":{"@id":"https:\/\/www.jazzzeitung.de\/cms\/2023\/01\/die-erweiterte-jazz-radiowoche-vom-30-01-2023-bis-05-02-2023\/#primaryimage"},"thumbnailUrl":"https:\/\/i0.wp.com\/www.jazzzeitung.de\/cms\/wp-content\/uploads\/2018\/05\/radio-jazz_journalisten.jpg?fit=2048%2C1536&ssl=1","keywords":["Jazz im Radio"],"articleSection":["News","Radio"],"inLanguage":"de","potentialAction":[{"@type":"CommentAction","name":"Comment","target":["https:\/\/www.jazzzeitung.de\/cms\/2023\/01\/die-erweiterte-jazz-radiowoche-vom-30-01-2023-bis-05-02-2023\/#respond"]}]},{"@type":"WebPage","@id":"https:\/\/www.jazzzeitung.de\/cms\/2023\/01\/die-erweiterte-jazz-radiowoche-vom-30-01-2023-bis-05-02-2023\/","url":"https:\/\/www.jazzzeitung.de\/cms\/2023\/01\/die-erweiterte-jazz-radiowoche-vom-30-01-2023-bis-05-02-2023\/","name":"Die erweiterte Jazz-Radiowoche vom 30.01.2023 bis 05.02.2023 - JazzZeitung","isPartOf":{"@id":"https:\/\/www.jazzzeitung.de\/cms\/#website"},"primaryImageOfPage":{"@id":"https:\/\/www.jazzzeitung.de\/cms\/2023\/01\/die-erweiterte-jazz-radiowoche-vom-30-01-2023-bis-05-02-2023\/#primaryimage"},"image":{"@id":"https:\/\/www.jazzzeitung.de\/cms\/2023\/01\/die-erweiterte-jazz-radiowoche-vom-30-01-2023-bis-05-02-2023\/#primaryimage"},"thumbnailUrl":"https:\/\/i0.wp.com\/www.jazzzeitung.de\/cms\/wp-content\/uploads\/2018\/05\/radio-jazz_journalisten.jpg?fit=2048%2C1536&ssl=1","datePublished":"2023-01-29T11:00:40+00:00","breadcrumb":{"@id":"https:\/\/www.jazzzeitung.de\/cms\/2023\/01\/die-erweiterte-jazz-radiowoche-vom-30-01-2023-bis-05-02-2023\/#breadcrumb"},"inLanguage":"de","potentialAction":[{"@type":"ReadAction","target":["https:\/\/www.jazzzeitung.de\/cms\/2023\/01\/die-erweiterte-jazz-radiowoche-vom-30-01-2023-bis-05-02-2023\/"]}]},{"@type":"ImageObject","inLanguage":"de","@id":"https:\/\/www.jazzzeitung.de\/cms\/2023\/01\/die-erweiterte-jazz-radiowoche-vom-30-01-2023-bis-05-02-2023\/#primaryimage","url":"https:\/\/i0.wp.com\/www.jazzzeitung.de\/cms\/wp-content\/uploads\/2018\/05\/radio-jazz_journalisten.jpg?fit=2048%2C1536&ssl=1","contentUrl":"https:\/\/i0.wp.com\/www.jazzzeitung.de\/cms\/wp-content\/uploads\/2018\/05\/radio-jazz_journalisten.jpg?fit=2048%2C1536&ssl=1","width":2048,"height":1536,"caption":"Jazz im Radio. Foto\/Montage: Hufner"},{"@type":"BreadcrumbList","@id":"https:\/\/www.jazzzeitung.de\/cms\/2023\/01\/die-erweiterte-jazz-radiowoche-vom-30-01-2023-bis-05-02-2023\/#breadcrumb","itemListElement":[{"@type":"ListItem","position":1,"name":"Startseite","item":"https:\/\/www.jazzzeitung.de\/cms\/"},{"@type":"ListItem","position":2,"name":"Die erweiterte Jazz-Radiowoche vom 30.01.2023 bis 05.02.2023"}]},{"@type":"WebSite","@id":"https:\/\/www.jazzzeitung.de\/cms\/#website","url":"https:\/\/www.jazzzeitung.de\/cms\/","name":"JazzZeitung","description":"Jazz-News und Jazz-Kontroverses","publisher":{"@id":"https:\/\/www.jazzzeitung.de\/cms\/#organization"},"potentialAction":[{"@type":"SearchAction","target":{"@type":"EntryPoint","urlTemplate":"https:\/\/www.jazzzeitung.de\/cms\/?s={search_term_string}"},"query-input":{"@type":"PropertyValueSpecification","valueRequired":true,"valueName":"search_term_string"}}],"inLanguage":"de"},{"@type":"Organization","@id":"https:\/\/www.jazzzeitung.de\/cms\/#organization","name":"JazzZeitung online","url":"https:\/\/www.jazzzeitung.de\/cms\/","logo":{"@type":"ImageObject","inLanguage":"de","@id":"https:\/\/www.jazzzeitung.de\/cms\/#\/schema\/logo\/image\/","url":"https:\/\/i0.wp.com\/www.jazzzeitung.de\/cms\/wp-content\/uploads\/2015\/08\/JAZZZEITUNGDE_Logo_Neu.png?fit=499%2C200&ssl=1","contentUrl":"https:\/\/i0.wp.com\/www.jazzzeitung.de\/cms\/wp-content\/uploads\/2015\/08\/JAZZZEITUNGDE_Logo_Neu.png?fit=499%2C200&ssl=1","width":499,"height":200,"caption":"JazzZeitung online"},"image":{"@id":"https:\/\/www.jazzzeitung.de\/cms\/#\/schema\/logo\/image\/"},"sameAs":["https:\/\/www.facebook.com\/JazzZeitung\/"]},{"@type":"Person","@id":"https:\/\/www.jazzzeitung.de\/cms\/#\/schema\/person\/b9a4e5ac765d94fb8f617bfa8f1fc5f7","name":"Martin Hufner","image":{"@type":"ImageObject","inLanguage":"de","@id":"https:\/\/i0.wp.com\/www.jazzzeitung.de\/cms\/wp-content\/uploads\/2013\/07\/huf-06.jpg?resize=96%2C96&ssl=15fcc31aa94540751a3b804516452be00","url":"https:\/\/i0.wp.com\/www.jazzzeitung.de\/cms\/wp-content\/uploads\/2013\/07\/huf-06.jpg?resize=96%2C96&ssl=1","contentUrl":"https:\/\/i0.wp.com\/www.jazzzeitung.de\/cms\/wp-content\/uploads\/2013\/07\/huf-06.jpg?resize=96%2C96&ssl=1","caption":"Martin Hufner"},"description":"Martin Hufner ist freier Autor der JazzZeitung.","sameAs":["https:\/\/www.kritische-masse.de\/logbuch","https:\/\/www.facebook.com\/hufner"],"url":"https:\/\/www.jazzzeitung.de\/cms\/author\/admin\/"}]}},"wp-worthy-pixel":{"ignored":true,"public":null,"server":null,"url":null},"wp-worthy-type":"normal","jetpack_publicize_connections":[],"cc_featured_image_caption":{"caption_text":"Jazz im Radio.","source_text":"Foto: Hufner","source_url":"https:\/\/www.hufner.de"},"jetpack_featured_media_url":"https:\/\/i0.wp.com\/www.jazzzeitung.de\/cms\/wp-content\/uploads\/2018\/05\/radio-jazz_journalisten.jpg?fit=2048%2C1536&ssl=1","jetpack_shortlink":"https:\/\/wp.me\/p3KEcT-7xb","jetpack-related-posts":[{"id":31928,"url":"https:\/\/www.jazzzeitung.de\/cms\/2024\/11\/die-geschmolzene-jazz-radiowoche-vom-25-11-2024-bis-01-12-2024\/","url_meta":{"origin":28965,"position":0},"title":"Die geschmolzene Jazz-Radiowoche vom 25.11.2024 bis 01.12.2024","author":"Martin Hufner","date":"24. November 2024","format":false,"excerpt":"Jazz im Radio \u2013 Jeden Sonntag gibt es um 12 Uhr unsere \u00dcbersicht f\u00fcr die jeweils nachfolgende Woche. Die #Jazz-Radiowoche vom 25. November bis zum 1. Dezember 2024. Erheblich ausged\u00fcnnt. Die ARD schafft ihr Radio gewisserma\u00dfen ab. Auch als PDF zum Download \u2013 #Jazz #JazzZeitung #Radio #Radiowoche \u2013 Ein Service\u2026","rel":"","context":"In &quot;News&quot;","block_context":{"text":"News","link":"https:\/\/www.jazzzeitung.de\/cms\/thema\/nachrichten\/"},"img":{"alt_text":"zugfahrt 2023 1. MH","src":"https:\/\/i0.wp.com\/www.jazzzeitung.de\/cms\/wp-content\/uploads\/2024\/11\/zugfahrt2023-1.-MH.jpg?fit=1200%2C900&ssl=1&resize=350%2C200","width":350,"height":200,"srcset":"https:\/\/i0.wp.com\/www.jazzzeitung.de\/cms\/wp-content\/uploads\/2024\/11\/zugfahrt2023-1.-MH.jpg?fit=1200%2C900&ssl=1&resize=350%2C200 1x, https:\/\/i0.wp.com\/www.jazzzeitung.de\/cms\/wp-content\/uploads\/2024\/11\/zugfahrt2023-1.-MH.jpg?fit=1200%2C900&ssl=1&resize=525%2C300 1.5x, https:\/\/i0.wp.com\/www.jazzzeitung.de\/cms\/wp-content\/uploads\/2024\/11\/zugfahrt2023-1.-MH.jpg?fit=1200%2C900&ssl=1&resize=700%2C400 2x, https:\/\/i0.wp.com\/www.jazzzeitung.de\/cms\/wp-content\/uploads\/2024\/11\/zugfahrt2023-1.-MH.jpg?fit=1200%2C900&ssl=1&resize=1050%2C600 3x"},"classes":[]},{"id":22236,"url":"https:\/\/www.jazzzeitung.de\/cms\/2020\/03\/die-jazz-radiowoche-vom-30-03-20-bis-05-04-20\/","url_meta":{"origin":28965,"position":1},"title":"Die Jazz-Radiowoche vom 30.03.20 bis 05.04.20","author":"Martin Hufner","date":"29. M\u00e4rz 2020","format":false,"excerpt":"Ein kleiner Blick in die Jazzwoche 14 im Radio. Alle Angaben ohne Gew\u00e4hr. Jazz im Radio (Fernsehen) SR2 \u2013 JazzNow \u2013 Sonntags von 20.04 bis 22.30 Uhr BR-KLASSIK \u2013 Jazztime \u2013 Von Montag bis Freitag t\u00e4glich um 23.05 Uhr rbb-kultur \u2013 Late Night Jazz \u2013 Sa und So 23:04 \u2013\u2026","rel":"","context":"In &quot;News&quot;","block_context":{"text":"News","link":"https:\/\/www.jazzzeitung.de\/cms\/thema\/nachrichten\/"},"img":{"alt_text":"Jazz im Radio. Foto: Hufner","src":"https:\/\/i0.wp.com\/www.jazzzeitung.de\/cms\/wp-content\/uploads\/2019\/03\/jazz_im_radio.jpg?fit=1200%2C773&ssl=1&resize=350%2C200","width":350,"height":200,"srcset":"https:\/\/i0.wp.com\/www.jazzzeitung.de\/cms\/wp-content\/uploads\/2019\/03\/jazz_im_radio.jpg?fit=1200%2C773&ssl=1&resize=350%2C200 1x, https:\/\/i0.wp.com\/www.jazzzeitung.de\/cms\/wp-content\/uploads\/2019\/03\/jazz_im_radio.jpg?fit=1200%2C773&ssl=1&resize=525%2C300 1.5x, https:\/\/i0.wp.com\/www.jazzzeitung.de\/cms\/wp-content\/uploads\/2019\/03\/jazz_im_radio.jpg?fit=1200%2C773&ssl=1&resize=700%2C400 2x, https:\/\/i0.wp.com\/www.jazzzeitung.de\/cms\/wp-content\/uploads\/2019\/03\/jazz_im_radio.jpg?fit=1200%2C773&ssl=1&resize=1050%2C600 3x"},"classes":[]},{"id":32452,"url":"https:\/\/www.jazzzeitung.de\/cms\/2025\/04\/die-eingeschmolzene-jazz-radiowoche-vom-21-04-2025-bis-27-04-2025\/","url_meta":{"origin":28965,"position":2},"title":"Die eingeschmolzene Jazz-Radiowoche vom 21.04.2025 bis 27.04.2025","author":"Martin Hufner","date":"20. April 2025","format":false,"excerpt":"Jazz im Radio \u2013 Jeden Sonntag gibt es um 12 Uhr unsere \u00dcbersicht f\u00fcr die jeweils nachfolgende Woche. Die #Jazz-Radiowoche vom 21. bis 27. April 2025. Erheblich ausged\u00fcnnt. Auch als PDF zum Download \u2013 #Jazz #JazzZeitung #Radio #Radiowoche \u2013 Ein Service unserer Online-Redaktion.","rel":"","context":"In &quot;News&quot;","block_context":{"text":"News","link":"https:\/\/www.jazzzeitung.de\/cms\/thema\/nachrichten\/"},"img":{"alt_text":"Kn\u00f6pfe. Foto: Hufner","src":"https:\/\/i0.wp.com\/www.jazzzeitung.de\/cms\/wp-content\/uploads\/2025\/04\/knoepfe.jpg?fit=1200%2C900&ssl=1&resize=350%2C200","width":350,"height":200,"srcset":"https:\/\/i0.wp.com\/www.jazzzeitung.de\/cms\/wp-content\/uploads\/2025\/04\/knoepfe.jpg?fit=1200%2C900&ssl=1&resize=350%2C200 1x, https:\/\/i0.wp.com\/www.jazzzeitung.de\/cms\/wp-content\/uploads\/2025\/04\/knoepfe.jpg?fit=1200%2C900&ssl=1&resize=525%2C300 1.5x, https:\/\/i0.wp.com\/www.jazzzeitung.de\/cms\/wp-content\/uploads\/2025\/04\/knoepfe.jpg?fit=1200%2C900&ssl=1&resize=700%2C400 2x, https:\/\/i0.wp.com\/www.jazzzeitung.de\/cms\/wp-content\/uploads\/2025\/04\/knoepfe.jpg?fit=1200%2C900&ssl=1&resize=1050%2C600 3x"},"classes":[]},{"id":31875,"url":"https:\/\/www.jazzzeitung.de\/cms\/2024\/11\/die-geschmolzene-jazz-radiowoche-vom-18-11-2024-bis-24-11-2024\/","url_meta":{"origin":28965,"position":3},"title":"Die geschmolzene Jazz-Radiowoche vom 18.11.2024 bis 24.11.2024","author":"Martin Hufner","date":"17. November 2024","format":false,"excerpt":"Jazz im Radio \u2013 Jeden Sonntag gibt es um 12 Uhr unsere \u00dcbersicht f\u00fcr die jeweils nachfolgende Woche. Die #Jazz-Radiowoche vom 18. bis 24. November 2024. Erheblich ausged\u00fcnnt. Die ARD schafft ihr Radio gewisserma\u00dfen ab. Auch als PDF zum Download \u2013 #Jazz #JazzZeitung #Radio #Radiowoche \u2013 Ein Service unserer Online-Redaktion.","rel":"","context":"In &quot;News&quot;","block_context":{"text":"News","link":"https:\/\/www.jazzzeitung.de\/cms\/thema\/nachrichten\/"},"img":{"alt_text":"Schnitt durch Strom. MH","src":"https:\/\/i0.wp.com\/www.jazzzeitung.de\/cms\/wp-content\/uploads\/2024\/11\/Schnitt-durch-Strom.-MH.jpg?fit=1200%2C1200&ssl=1&resize=350%2C200","width":350,"height":200,"srcset":"https:\/\/i0.wp.com\/www.jazzzeitung.de\/cms\/wp-content\/uploads\/2024\/11\/Schnitt-durch-Strom.-MH.jpg?fit=1200%2C1200&ssl=1&resize=350%2C200 1x, https:\/\/i0.wp.com\/www.jazzzeitung.de\/cms\/wp-content\/uploads\/2024\/11\/Schnitt-durch-Strom.-MH.jpg?fit=1200%2C1200&ssl=1&resize=525%2C300 1.5x, https:\/\/i0.wp.com\/www.jazzzeitung.de\/cms\/wp-content\/uploads\/2024\/11\/Schnitt-durch-Strom.-MH.jpg?fit=1200%2C1200&ssl=1&resize=700%2C400 2x, https:\/\/i0.wp.com\/www.jazzzeitung.de\/cms\/wp-content\/uploads\/2024\/11\/Schnitt-durch-Strom.-MH.jpg?fit=1200%2C1200&ssl=1&resize=1050%2C600 3x"},"classes":[]},{"id":32215,"url":"https:\/\/www.jazzzeitung.de\/cms\/2025\/02\/die-eingeschmolzene-jazz-radiowoche-vom-17-02-2025-bis-23-02-2025\/","url_meta":{"origin":28965,"position":4},"title":"Die eingeschmolzene Jazz-Radiowoche vom 17.02.2025 bis 23.02.2025","author":"Martin Hufner","date":"16. Februar 2025","format":false,"excerpt":"Jazz im Radio \u2013 Jeden Sonntag gibt es um 12 Uhr unsere \u00dcbersicht f\u00fcr die jeweils nachfolgende Woche. Die #Jazz-Radiowoche vom 10. bis 16. Februar 2025. Erheblich ausged\u00fcnnt. Die ARD schafft ihr Radio gewisserma\u00dfen ab. Auch als PDF zum Download \u2013 #Jazz #JazzZeitung #Radio #Radiowoche \u2013 Ein Service unserer Online-Redaktion.","rel":"","context":"In &quot;News&quot;","block_context":{"text":"News","link":"https:\/\/www.jazzzeitung.de\/cms\/thema\/nachrichten\/"},"img":{"alt_text":"Kunst vorm Bau. Foto: Hufner","src":"https:\/\/i0.wp.com\/www.jazzzeitung.de\/cms\/wp-content\/uploads\/2025\/02\/kunstvormbau.jpg?fit=1080%2C939&ssl=1&resize=350%2C200","width":350,"height":200,"srcset":"https:\/\/i0.wp.com\/www.jazzzeitung.de\/cms\/wp-content\/uploads\/2025\/02\/kunstvormbau.jpg?fit=1080%2C939&ssl=1&resize=350%2C200 1x, https:\/\/i0.wp.com\/www.jazzzeitung.de\/cms\/wp-content\/uploads\/2025\/02\/kunstvormbau.jpg?fit=1080%2C939&ssl=1&resize=525%2C300 1.5x, https:\/\/i0.wp.com\/www.jazzzeitung.de\/cms\/wp-content\/uploads\/2025\/02\/kunstvormbau.jpg?fit=1080%2C939&ssl=1&resize=700%2C400 2x, https:\/\/i0.wp.com\/www.jazzzeitung.de\/cms\/wp-content\/uploads\/2025\/02\/kunstvormbau.jpg?fit=1080%2C939&ssl=1&resize=1050%2C600 3x"},"classes":[]},{"id":23939,"url":"https:\/\/www.jazzzeitung.de\/cms\/2020\/12\/die-jazz-radiowoche-vom-7-12-20-bis-13-12-2020\/","url_meta":{"origin":28965,"position":5},"title":"Die Jazz-Radiowoche vom 7.12.20 bis 13.12.2020","author":"Martin Hufner","date":"6. Dezember 2020","format":false,"excerpt":"Ein kleiner Blick in die Jazzwoche 50 im Radio. Der ist dieses mal so klein, es steht da n\u00e4mlich gar nichts drin.Grund daf\u00fcr: Die Suchmaschine f\u00fcr Radiosendungen der ARD gibt am dem 7.12.2020 keine Ergebnisse heraus. Versuche der Kontaktaufnahme mit der ARD sind ohne Echo verhallt. Aktuell bleibt es bei\u2026","rel":"","context":"In &quot;News&quot;","block_context":{"text":"News","link":"https:\/\/www.jazzzeitung.de\/cms\/thema\/nachrichten\/"},"img":{"alt_text":"Jazz im Radio. Foto: Hufner","src":"https:\/\/i0.wp.com\/www.jazzzeitung.de\/cms\/wp-content\/uploads\/2019\/03\/jazz_im_radio.jpg?fit=1200%2C773&ssl=1&resize=350%2C200","width":350,"height":200,"srcset":"https:\/\/i0.wp.com\/www.jazzzeitung.de\/cms\/wp-content\/uploads\/2019\/03\/jazz_im_radio.jpg?fit=1200%2C773&ssl=1&resize=350%2C200 1x, https:\/\/i0.wp.com\/www.jazzzeitung.de\/cms\/wp-content\/uploads\/2019\/03\/jazz_im_radio.jpg?fit=1200%2C773&ssl=1&resize=525%2C300 1.5x, https:\/\/i0.wp.com\/www.jazzzeitung.de\/cms\/wp-content\/uploads\/2019\/03\/jazz_im_radio.jpg?fit=1200%2C773&ssl=1&resize=700%2C400 2x, https:\/\/i0.wp.com\/www.jazzzeitung.de\/cms\/wp-content\/uploads\/2019\/03\/jazz_im_radio.jpg?fit=1200%2C773&ssl=1&resize=1050%2C600 3x"},"classes":[]}],"jetpack_sharing_enabled":false,"_links":{"self":[{"href":"https:\/\/www.jazzzeitung.de\/cms\/wp-json\/wp\/v2\/posts\/28965","targetHints":{"allow":["GET"]}}],"collection":[{"href":"https:\/\/www.jazzzeitung.de\/cms\/wp-json\/wp\/v2\/posts"}],"about":[{"href":"https:\/\/www.jazzzeitung.de\/cms\/wp-json\/wp\/v2\/types\/post"}],"author":[{"embeddable":true,"href":"https:\/\/www.jazzzeitung.de\/cms\/wp-json\/wp\/v2\/users\/1"}],"replies":[{"embeddable":true,"href":"https:\/\/www.jazzzeitung.de\/cms\/wp-json\/wp\/v2\/comments?post=28965"}],"version-history":[{"count":1,"href":"https:\/\/www.jazzzeitung.de\/cms\/wp-json\/wp\/v2\/posts\/28965\/revisions"}],"predecessor-version":[{"id":28967,"href":"https:\/\/www.jazzzeitung.de\/cms\/wp-json\/wp\/v2\/posts\/28965\/revisions\/28967"}],"wp:featuredmedia":[{"embeddable":true,"href":"https:\/\/www.jazzzeitung.de\/cms\/wp-json\/wp\/v2\/media\/16028"}],"wp:attachment":[{"href":"https:\/\/www.jazzzeitung.de\/cms\/wp-json\/wp\/v2\/media?parent=28965"}],"wp:term":[{"taxonomy":"category","embeddable":true,"href":"https:\/\/www.jazzzeitung.de\/cms\/wp-json\/wp\/v2\/categories?post=28965"},{"taxonomy":"post_tag","embeddable":true,"href":"https:\/\/www.jazzzeitung.de\/cms\/wp-json\/wp\/v2\/tags?post=28965"},{"taxonomy":"author","embeddable":true,"href":"https:\/\/www.jazzzeitung.de\/cms\/wp-json\/wp\/v2\/coauthors?post=28965"}],"curies":[{"name":"wp","href":"https:\/\/api.w.org\/{rel}","templated":true}]}}