{"id":28962,"date":"2023-01-25T14:59:50","date_gmt":"2023-01-25T13:59:50","guid":{"rendered":"https:\/\/www.jazzzeitung.de\/cms\/?p=28962"},"modified":"2023-01-25T15:02:06","modified_gmt":"2023-01-25T14:02:06","slug":"news-jazz-preis-in-sachsen-2-konzert-von-joo-jazz-next-generation","status":"publish","type":"post","link":"https:\/\/www.jazzzeitung.de\/cms\/2023\/01\/news-jazz-preis-in-sachsen-2-konzert-von-joo-jazz-next-generation\/","title":{"rendered":"News: Jazz-Preis in Sachsen +++ 2. Konzert von &#8222;Joo Jazz \u2013 Next Generation&#8220;"},"content":{"rendered":"<h3><strong>+++ Neuer Preis f\u00fcr Jazz-Sachsen +++<\/strong><\/h3>\n<p>Der Jazzverband Sachsen schreibt zum ersten Mal den <strong>Jutta Hipp Preis <\/strong>f\u00fcr in dem Bundesland wirkende Jazzmusiker<em>innen aus. Es werden insgesamt drei Preise vergeben: In den Kategorien \u201cKomposition\u201d und \u201cImprovisation\u201d erwarten die Sieger<\/em>innen je 3.500 Euro Preisgeld, ein Ehrenpreis ist undotiert. Die Preisverleihung und <strong>Preistr\u00e4ger<em>innenkonzert <\/em><\/strong>ist im <strong>Juni 2023<\/strong> im <strong>Jazz-Club Tonne <\/strong>in <strong>Dresden<\/strong>. Teilnahmeberechtigt sind Musikinnen, deren k\u00fcnstlerische Vita eine Verbundenheit zu Sachsen bezeugt. \u00a0Die Bewerbungsfrist endet am <strong>15. M\u00e4rz<\/strong> <strong>2023<\/strong>. Nach dem Willen des Jazzverbandes soll der Preis k\u00fcnftig all zwei Jahre verliehen werden. Daf\u00fcr sucht der Verband mit derzeit fast 140 Mitgliedern noch Partner, um das Projekt zu verstetigen.<\/p>\n<p>Die namensgebende <strong>Jutta Hipp <\/strong>war Wegbereiterin des Jazz in Sachsen und gilt als Vorreiterin f\u00fcr Frauen im deutschen Jazz. Geboren wurde Hipp 1924 in Leipzig. Ihre Karriere als Jazzpianistin begann f\u00fcr die studierte Graphikdesignerin in damals illegalen Jazzclubs ihrer Heimatstadt. 1955 siedelte Jutta Hipp in die USA \u00fcber und erhielt als erste europ\u00e4ische Jazzmusiker*in \u00fcberhaupt einen Vertrag beim Label Blue Note Records. Heute ist Jutta Hipp weitgehend in Vergessenheit geraten.<\/p>\n<p>Weitere Informationen unter: <a href=\"http:\/\/www.juttahipppreis.de\">www.juttahipppreis.de<\/a><\/p>\n<h3><strong>+++ Ulmer \u201eJoo Jazz \u2013 Next Generation\u201c geht in die n\u00e4chste Runde +++<\/strong><\/h3>\n<p>Im <strong>Caf\u00e9 Kokoschinski <\/strong>in <strong>Ulm<\/strong> gibt es am <strong>9. Februar 2023<\/strong> um <strong>20 Uhr<\/strong> elektronischen Jazz von<strong>\u00a0Olic\u00eda<\/strong>.<\/p>\n<figure id=\"attachment_28966\" aria-describedby=\"caption-attachment-28966\" style=\"width: 2560px\" class=\"wp-caption alignleft\"><img data-recalc-dims=\"1\" loading=\"lazy\" decoding=\"async\" data-attachment-id=\"28966\" data-permalink=\"https:\/\/www.jazzzeitung.de\/cms\/2023\/01\/news-jazz-preis-in-sachsen-2-konzert-von-joo-jazz-next-generation\/olicia_marlene_rahmann_2-min\/\" data-orig-file=\"https:\/\/i0.wp.com\/www.jazzzeitung.de\/cms\/wp-content\/uploads\/2023\/01\/Olicia_%C2%A9Marlene_Rahmann_2-min-scaled.jpg?fit=2560%2C1707&amp;ssl=1\" data-orig-size=\"2560,1707\" data-comments-opened=\"1\" data-image-meta=\"{&quot;aperture&quot;:&quot;0&quot;,&quot;credit&quot;:&quot;&quot;,&quot;camera&quot;:&quot;&quot;,&quot;caption&quot;:&quot;&quot;,&quot;created_timestamp&quot;:&quot;0&quot;,&quot;copyright&quot;:&quot;&quot;,&quot;focal_length&quot;:&quot;0&quot;,&quot;iso&quot;:&quot;0&quot;,&quot;shutter_speed&quot;:&quot;0&quot;,&quot;title&quot;:&quot;&quot;,&quot;orientation&quot;:&quot;0&quot;}\" data-image-title=\"Olicia_\u00a9Marlene_Rahmann_2-min\" data-image-description=\"\" data-image-caption=\"&lt;p&gt;Fama M\u2019Boup und Anna-Lucia Rupp sind &amp;#8222;Olic\u00eda&amp;#8220;. Foto: Marlene Rahmann&lt;\/p&gt;\n\" data-large-file=\"https:\/\/i0.wp.com\/www.jazzzeitung.de\/cms\/wp-content\/uploads\/2023\/01\/Olicia_%C2%A9Marlene_Rahmann_2-min-scaled.jpg?fit=840%2C560&amp;ssl=1\" class=\"size-full wp-image-28966\" src=\"https:\/\/i0.wp.com\/www.jazzzeitung.de\/cms\/wp-content\/uploads\/2023\/01\/Olicia_%C2%A9Marlene_Rahmann_2-min-scaled.jpg?resize=840%2C560&#038;ssl=1\" alt=\"\" width=\"840\" height=\"560\" srcset=\"https:\/\/i0.wp.com\/www.jazzzeitung.de\/cms\/wp-content\/uploads\/2023\/01\/Olicia_%C2%A9Marlene_Rahmann_2-min-scaled.jpg?w=2560&amp;ssl=1 2560w, https:\/\/i0.wp.com\/www.jazzzeitung.de\/cms\/wp-content\/uploads\/2023\/01\/Olicia_%C2%A9Marlene_Rahmann_2-min-scaled.jpg?resize=300%2C200&amp;ssl=1 300w, https:\/\/i0.wp.com\/www.jazzzeitung.de\/cms\/wp-content\/uploads\/2023\/01\/Olicia_%C2%A9Marlene_Rahmann_2-min-scaled.jpg?resize=900%2C600&amp;ssl=1 900w, https:\/\/i0.wp.com\/www.jazzzeitung.de\/cms\/wp-content\/uploads\/2023\/01\/Olicia_%C2%A9Marlene_Rahmann_2-min-scaled.jpg?resize=768%2C512&amp;ssl=1 768w, https:\/\/i0.wp.com\/www.jazzzeitung.de\/cms\/wp-content\/uploads\/2023\/01\/Olicia_%C2%A9Marlene_Rahmann_2-min-scaled.jpg?resize=1536%2C1024&amp;ssl=1 1536w, https:\/\/i0.wp.com\/www.jazzzeitung.de\/cms\/wp-content\/uploads\/2023\/01\/Olicia_%C2%A9Marlene_Rahmann_2-min-scaled.jpg?resize=2048%2C1365&amp;ssl=1 2048w, https:\/\/i0.wp.com\/www.jazzzeitung.de\/cms\/wp-content\/uploads\/2023\/01\/Olicia_%C2%A9Marlene_Rahmann_2-min-scaled.jpg?resize=120%2C80&amp;ssl=1 120w, https:\/\/i0.wp.com\/www.jazzzeitung.de\/cms\/wp-content\/uploads\/2023\/01\/Olicia_%C2%A9Marlene_Rahmann_2-min-scaled.jpg?resize=1320%2C880&amp;ssl=1 1320w, https:\/\/i0.wp.com\/www.jazzzeitung.de\/cms\/wp-content\/uploads\/2023\/01\/Olicia_%C2%A9Marlene_Rahmann_2-min-scaled.jpg?w=1680&amp;ssl=1 1680w\" sizes=\"auto, (max-width: 840px) 100vw, 840px\" \/><figcaption id=\"caption-attachment-28966\" class=\"wp-caption-text\">Fama M\u2019Boup und Anna-Lucia Rupp sind &#8222;Olic\u00eda&#8220;. Foto: Marlene Rahmann<\/figcaption><\/figure>\n<p>Im vergangenen November er\u00f6ffnete der Ulmer Trompeter Joo Kraus gemeinsam mit dem jungen Saxophonist Jakob Manz seine\u00a0<strong>Konzertreihe\u00a0\u201eJoo Jazz \u2013 Next Generation&#8220;,\u00a0<\/strong>bei der Joo nicht nur mit jungen K\u00fcnstler*innen musiziert, sondern auch seine Erfahrungen austauscht. Nun steht das zweite Konzert der Reihe vor der T\u00fcr: Dieses Mal wird Kraus mit dem Duo <strong>Olic\u00eda <\/strong>aus Berlin bzw. Kopenhagen<strong>\u00a0<\/strong>die B\u00fchne teilen. Das Duo aus\u00a0<strong>Fama\u00a0M&#8217;Boup<\/strong>\u00a0und <strong>Anna-Lucia\u00a0Rupp<\/strong> bezeichnet seine Musik selbst als\u00a0\u201eelectronic\u00a0handmade\u00a0loopjazz&#8220;.<\/p>\n<p>Weitere Informationen und Karten unter <a href=\"https:\/\/aegis-literatur.buchhandlung.de\/shop\/magazine\/152252\/veranstaltungen.html\">www.aegis-literatur.buchhandlung.de<\/a><\/p>\n<hr \/>\n<p>Beitragsfoto Jutta Hipp: Hajo Hipp (v\u00f6. im Jazz Podium 2006-07-31), GFDL<\/p>\n","protected":false},"excerpt":{"rendered":"<p>+++ Neuer Preis f\u00fcr Jazz-Sachsen +++ Der Jazzverband Sachsen schreibt zum ersten Mal den Jutta Hipp Preis f\u00fcr in dem Bundesland wirkende Jazzmusikerinnen aus. Es werden insgesamt drei Preise vergeben: In den Kategorien \u201cKomposition\u201d und \u201cImprovisation\u201d erwarten die Siegerinnen je 3.500 Euro Preisgeld, ein Ehrenpreis ist undotiert. Die Preisverleihung und Preistr\u00e4gerinnenkonzert ist im Juni 2023 im Jazz-Club Tonne in Dresden. Teilnahmeberechtigt sind Musikinnen, deren k\u00fcnstlerische Vita eine Verbundenheit zu Sachsen bezeugt. \u00a0Die Bewerbungsfrist endet am 15. M\u00e4rz 2023. Nach dem Willen des Jazzverbandes soll der Preis k\u00fcnftig all zwei Jahre verliehen werden. Daf\u00fcr sucht der Verband mit derzeit fast 140 Mitgliedern noch Partner, um das Projekt zu verstetigen. Die namensgebende Jutta Hipp war Wegbereiterin des Jazz in Sachsen und gilt als Vorreiterin f\u00fcr Frauen im deutschen Jazz. Geboren wurde Hipp 1924 in Leipzig. Ihre Karriere als Jazzpianistin begann f\u00fcr die studierte Graphikdesignerin in damals illegalen Jazzclubs ihrer Heimatstadt. 1955 siedelte Jutta Hipp in die USA \u00fcber und erhielt als erste europ\u00e4ische Jazzmusiker*in \u00fcberhaupt einen Vertrag beim Label Blue Note Records. Heute ist Jutta Hipp weitgehend in Vergessenheit geraten. Weitere Informationen unter: www.juttahipppreis.de +++ Ulmer \u201eJoo &hellip;<\/p>\n","protected":false},"author":18,"featured_media":28971,"comment_status":"open","ping_status":"closed","sticky":false,"template":"","format":"standard","meta":{"_jetpack_memberships_contains_paid_content":false,"footnotes":"","jetpack_publicize_message":"","jetpack_publicize_feature_enabled":true,"jetpack_social_post_already_shared":false,"jetpack_social_options":{"image_generator_settings":{"template":"highway","default_image_id":0,"font":"","enabled":false},"version":2}},"categories":[633],"tags":[4541,1104,2431,4535,154,4542,4531,4529,4530,4540,4525,1007,4521,3142,1876,4524,4523,4522,3185,4532,4533,4379,4537,4526,1235,4517,4518,4520,4519,349,4543,4536,4528,1502,482,4534,4527,19],"coauthors":[695],"class_list":["post-28962","post","type-post","status-publish","format-standard","has-post-thumbnail","hentry","category-nachrichten","tag-anna-lucia-rupp","tag-blue-note","tag-blue-note-records","tag-cafe-kokoschinski","tag-dresden","tag-electronic-handmade-loopjazz","tag-erste-europaeerin","tag-erste-musikerin","tag-erster-europaeer","tag-fama-mboup","tag-hipp","tag-improvisation","tag-improvisations-wettbewerb","tag-jakob-manz","tag-jazz","tag-jazz-club","tag-jazz-club-tonne","tag-jazz-wettbewerb","tag-jazzverband-sachsen","tag-joo-jazz","tag-joo-jazz-next-generation","tag-joo-kraus","tag-juni-2023","tag-jutta","tag-jutta-hipp","tag-jutta-hipp-preis","tag-jutta-hipp-wettbewerb","tag-komposition","tag-kompositions-wettbewerb","tag-leipzig","tag-loopjazz","tag-olicia","tag-plattenvertrag","tag-preis","tag-sachsen","tag-ulm","tag-vertrag","tag-wettbewerb"],"yoast_head":"<!-- This site is optimized with the Yoast SEO plugin v27.5 - https:\/\/yoast.com\/product\/yoast-seo-wordpress\/ -->\n<title>News: Jazz-Preis in Sachsen +++ 2. Konzert von &quot;Joo Jazz \u2013 Next Generation&quot; - JazzZeitung<\/title>\n<meta name=\"robots\" content=\"index, follow, max-snippet:-1, max-image-preview:large, max-video-preview:-1\" \/>\n<link rel=\"canonical\" href=\"https:\/\/www.jazzzeitung.de\/cms\/2023\/01\/news-jazz-preis-in-sachsen-2-konzert-von-joo-jazz-next-generation\/\" \/>\n<meta property=\"og:locale\" content=\"de_DE\" \/>\n<meta property=\"og:type\" content=\"article\" \/>\n<meta property=\"og:title\" content=\"News: Jazz-Preis in Sachsen +++ 2. Konzert von &quot;Joo Jazz \u2013 Next Generation&quot; - JazzZeitung\" \/>\n<meta property=\"og:description\" content=\"+++ Neuer Preis f\u00fcr Jazz-Sachsen +++ Der Jazzverband Sachsen schreibt zum ersten Mal den Jutta Hipp Preis f\u00fcr in dem Bundesland wirkende Jazzmusikerinnen aus. Es werden insgesamt drei Preise vergeben: In den Kategorien \u201cKomposition\u201d und \u201cImprovisation\u201d erwarten die Siegerinnen je 3.500 Euro Preisgeld, ein Ehrenpreis ist undotiert. Die Preisverleihung und Preistr\u00e4gerinnenkonzert ist im Juni 2023 im Jazz-Club Tonne in Dresden. Teilnahmeberechtigt sind Musikinnen, deren k\u00fcnstlerische Vita eine Verbundenheit zu Sachsen bezeugt. \u00a0Die Bewerbungsfrist endet am 15. M\u00e4rz 2023. Nach dem Willen des Jazzverbandes soll der Preis k\u00fcnftig all zwei Jahre verliehen werden. Daf\u00fcr sucht der Verband mit derzeit fast 140 Mitgliedern noch Partner, um das Projekt zu verstetigen. Die namensgebende Jutta Hipp war Wegbereiterin des Jazz in Sachsen und gilt als Vorreiterin f\u00fcr Frauen im deutschen Jazz. Geboren wurde Hipp 1924 in Leipzig. Ihre Karriere als Jazzpianistin begann f\u00fcr die studierte Graphikdesignerin in damals illegalen Jazzclubs ihrer Heimatstadt. 1955 siedelte Jutta Hipp in die USA \u00fcber und erhielt als erste europ\u00e4ische Jazzmusiker*in \u00fcberhaupt einen Vertrag beim Label Blue Note Records. Heute ist Jutta Hipp weitgehend in Vergessenheit geraten. Weitere Informationen unter: www.juttahipppreis.de +++ Ulmer \u201eJoo &hellip;\" \/>\n<meta property=\"og:url\" content=\"https:\/\/www.jazzzeitung.de\/cms\/2023\/01\/news-jazz-preis-in-sachsen-2-konzert-von-joo-jazz-next-generation\/\" \/>\n<meta property=\"og:site_name\" content=\"JazzZeitung\" \/>\n<meta property=\"article:publisher\" content=\"https:\/\/www.facebook.com\/JazzZeitung\/\" \/>\n<meta property=\"article:published_time\" content=\"2023-01-25T13:59:50+00:00\" \/>\n<meta property=\"article:modified_time\" content=\"2023-01-25T14:02:06+00:00\" \/>\n<meta property=\"og:image\" content=\"https:\/\/www.jazzzeitung.de\/cms\/wp-content\/uploads\/2023\/01\/Ausschnitt-Hipp.png\" \/>\n\t<meta property=\"og:image:width\" content=\"1058\" \/>\n\t<meta property=\"og:image:height\" content=\"790\" \/>\n\t<meta property=\"og:image:type\" content=\"image\/png\" \/>\n<meta name=\"author\" content=\"Redaktion JazzZeitung\" \/>\n<script type=\"application\/ld+json\" class=\"yoast-schema-graph\">{\"@context\":\"https:\\\/\\\/schema.org\",\"@graph\":[{\"@type\":\"Article\",\"@id\":\"https:\\\/\\\/www.jazzzeitung.de\\\/cms\\\/2023\\\/01\\\/news-jazz-preis-in-sachsen-2-konzert-von-joo-jazz-next-generation\\\/#article\",\"isPartOf\":{\"@id\":\"https:\\\/\\\/www.jazzzeitung.de\\\/cms\\\/2023\\\/01\\\/news-jazz-preis-in-sachsen-2-konzert-von-joo-jazz-next-generation\\\/\"},\"author\":{\"name\":\"Redaktion JazzZeitung\",\"@id\":\"https:\\\/\\\/www.jazzzeitung.de\\\/cms\\\/#\\\/schema\\\/person\\\/2245b36b9cd1d24cea10f01c031fb92b\"},\"headline\":\"News: Jazz-Preis in Sachsen +++ 2. Konzert von &#8222;Joo Jazz \u2013 Next Generation&#8220;\",\"datePublished\":\"2023-01-25T13:59:50+00:00\",\"dateModified\":\"2023-01-25T14:02:06+00:00\",\"mainEntityOfPage\":{\"@id\":\"https:\\\/\\\/www.jazzzeitung.de\\\/cms\\\/2023\\\/01\\\/news-jazz-preis-in-sachsen-2-konzert-von-joo-jazz-next-generation\\\/\"},\"wordCount\":347,\"commentCount\":0,\"publisher\":{\"@id\":\"https:\\\/\\\/www.jazzzeitung.de\\\/cms\\\/#organization\"},\"image\":{\"@id\":\"https:\\\/\\\/www.jazzzeitung.de\\\/cms\\\/2023\\\/01\\\/news-jazz-preis-in-sachsen-2-konzert-von-joo-jazz-next-generation\\\/#primaryimage\"},\"thumbnailUrl\":\"https:\\\/\\\/i0.wp.com\\\/www.jazzzeitung.de\\\/cms\\\/wp-content\\\/uploads\\\/2023\\\/01\\\/Ausschnitt-Hipp.png?fit=1058%2C790&ssl=1\",\"keywords\":[\"Anna-Lucia Rupp\",\"Blue Note\",\"Blue Note Records\",\"Caf\u00e9 Kokoschinski\",\"Dresden\",\"electronic handmade loopjazz\",\"Erste Europ\u00e4erin\",\"Erste Musikerin\",\"Erster Europ\u00e4er\",\"Fama M'Boup\",\"Hipp\",\"Improvisation\",\"Improvisations-Wettbewerb\",\"Jakob Manz\",\"Jazz\",\"Jazz-Club\",\"Jazz-Club Tonne\",\"Jazz-Wettbewerb\",\"Jazzverband Sachsen\",\"Joo Jazz\",\"Joo Jazz \u2013 Next Generation\",\"Joo Kraus\",\"juni 2023\",\"Jutta\",\"Jutta Hipp\",\"Jutta Hipp Preis\",\"Jutta Hipp Wettbewerb\",\"Komposition\",\"Kompositions-Wettbewerb\",\"Leipzig\",\"loopjazz\",\"Olic\u00eda\",\"Plattenvertrag\",\"Preis\",\"Sachsen\",\"Ulm\",\"Vertrag\",\"Wettbewerb\"],\"articleSection\":[\"News\"],\"inLanguage\":\"de\",\"potentialAction\":[{\"@type\":\"CommentAction\",\"name\":\"Comment\",\"target\":[\"https:\\\/\\\/www.jazzzeitung.de\\\/cms\\\/2023\\\/01\\\/news-jazz-preis-in-sachsen-2-konzert-von-joo-jazz-next-generation\\\/#respond\"]}]},{\"@type\":\"WebPage\",\"@id\":\"https:\\\/\\\/www.jazzzeitung.de\\\/cms\\\/2023\\\/01\\\/news-jazz-preis-in-sachsen-2-konzert-von-joo-jazz-next-generation\\\/\",\"url\":\"https:\\\/\\\/www.jazzzeitung.de\\\/cms\\\/2023\\\/01\\\/news-jazz-preis-in-sachsen-2-konzert-von-joo-jazz-next-generation\\\/\",\"name\":\"News: Jazz-Preis in Sachsen +++ 2. Konzert von \\\"Joo Jazz \u2013 Next Generation\\\" - JazzZeitung\",\"isPartOf\":{\"@id\":\"https:\\\/\\\/www.jazzzeitung.de\\\/cms\\\/#website\"},\"primaryImageOfPage\":{\"@id\":\"https:\\\/\\\/www.jazzzeitung.de\\\/cms\\\/2023\\\/01\\\/news-jazz-preis-in-sachsen-2-konzert-von-joo-jazz-next-generation\\\/#primaryimage\"},\"image\":{\"@id\":\"https:\\\/\\\/www.jazzzeitung.de\\\/cms\\\/2023\\\/01\\\/news-jazz-preis-in-sachsen-2-konzert-von-joo-jazz-next-generation\\\/#primaryimage\"},\"thumbnailUrl\":\"https:\\\/\\\/i0.wp.com\\\/www.jazzzeitung.de\\\/cms\\\/wp-content\\\/uploads\\\/2023\\\/01\\\/Ausschnitt-Hipp.png?fit=1058%2C790&ssl=1\",\"datePublished\":\"2023-01-25T13:59:50+00:00\",\"dateModified\":\"2023-01-25T14:02:06+00:00\",\"breadcrumb\":{\"@id\":\"https:\\\/\\\/www.jazzzeitung.de\\\/cms\\\/2023\\\/01\\\/news-jazz-preis-in-sachsen-2-konzert-von-joo-jazz-next-generation\\\/#breadcrumb\"},\"inLanguage\":\"de\",\"potentialAction\":[{\"@type\":\"ReadAction\",\"target\":[\"https:\\\/\\\/www.jazzzeitung.de\\\/cms\\\/2023\\\/01\\\/news-jazz-preis-in-sachsen-2-konzert-von-joo-jazz-next-generation\\\/\"]}]},{\"@type\":\"ImageObject\",\"inLanguage\":\"de\",\"@id\":\"https:\\\/\\\/www.jazzzeitung.de\\\/cms\\\/2023\\\/01\\\/news-jazz-preis-in-sachsen-2-konzert-von-joo-jazz-next-generation\\\/#primaryimage\",\"url\":\"https:\\\/\\\/i0.wp.com\\\/www.jazzzeitung.de\\\/cms\\\/wp-content\\\/uploads\\\/2023\\\/01\\\/Ausschnitt-Hipp.png?fit=1058%2C790&ssl=1\",\"contentUrl\":\"https:\\\/\\\/i0.wp.com\\\/www.jazzzeitung.de\\\/cms\\\/wp-content\\\/uploads\\\/2023\\\/01\\\/Ausschnitt-Hipp.png?fit=1058%2C790&ssl=1\",\"width\":1058,\"height\":790},{\"@type\":\"BreadcrumbList\",\"@id\":\"https:\\\/\\\/www.jazzzeitung.de\\\/cms\\\/2023\\\/01\\\/news-jazz-preis-in-sachsen-2-konzert-von-joo-jazz-next-generation\\\/#breadcrumb\",\"itemListElement\":[{\"@type\":\"ListItem\",\"position\":1,\"name\":\"Startseite\",\"item\":\"https:\\\/\\\/www.jazzzeitung.de\\\/cms\\\/\"},{\"@type\":\"ListItem\",\"position\":2,\"name\":\"News: Jazz-Preis in Sachsen +++ 2. Konzert von &#8222;Joo Jazz \u2013 Next Generation&#8220;\"}]},{\"@type\":\"WebSite\",\"@id\":\"https:\\\/\\\/www.jazzzeitung.de\\\/cms\\\/#website\",\"url\":\"https:\\\/\\\/www.jazzzeitung.de\\\/cms\\\/\",\"name\":\"JazzZeitung\",\"description\":\"Jazz-News und Jazz-Kontroverses\",\"publisher\":{\"@id\":\"https:\\\/\\\/www.jazzzeitung.de\\\/cms\\\/#organization\"},\"potentialAction\":[{\"@type\":\"SearchAction\",\"target\":{\"@type\":\"EntryPoint\",\"urlTemplate\":\"https:\\\/\\\/www.jazzzeitung.de\\\/cms\\\/?s={search_term_string}\"},\"query-input\":{\"@type\":\"PropertyValueSpecification\",\"valueRequired\":true,\"valueName\":\"search_term_string\"}}],\"inLanguage\":\"de\"},{\"@type\":\"Organization\",\"@id\":\"https:\\\/\\\/www.jazzzeitung.de\\\/cms\\\/#organization\",\"name\":\"JazzZeitung online\",\"url\":\"https:\\\/\\\/www.jazzzeitung.de\\\/cms\\\/\",\"logo\":{\"@type\":\"ImageObject\",\"inLanguage\":\"de\",\"@id\":\"https:\\\/\\\/www.jazzzeitung.de\\\/cms\\\/#\\\/schema\\\/logo\\\/image\\\/\",\"url\":\"https:\\\/\\\/i0.wp.com\\\/www.jazzzeitung.de\\\/cms\\\/wp-content\\\/uploads\\\/2015\\\/08\\\/JAZZZEITUNGDE_Logo_Neu.png?fit=499%2C200&ssl=1\",\"contentUrl\":\"https:\\\/\\\/i0.wp.com\\\/www.jazzzeitung.de\\\/cms\\\/wp-content\\\/uploads\\\/2015\\\/08\\\/JAZZZEITUNGDE_Logo_Neu.png?fit=499%2C200&ssl=1\",\"width\":499,\"height\":200,\"caption\":\"JazzZeitung online\"},\"image\":{\"@id\":\"https:\\\/\\\/www.jazzzeitung.de\\\/cms\\\/#\\\/schema\\\/logo\\\/image\\\/\"},\"sameAs\":[\"https:\\\/\\\/www.facebook.com\\\/JazzZeitung\\\/\"]},{\"@type\":\"Person\",\"@id\":\"https:\\\/\\\/www.jazzzeitung.de\\\/cms\\\/#\\\/schema\\\/person\\\/2245b36b9cd1d24cea10f01c031fb92b\",\"name\":\"Redaktion JazzZeitung\",\"image\":{\"@type\":\"ImageObject\",\"inLanguage\":\"de\",\"@id\":\"https:\\\/\\\/i0.wp.com\\\/www.jazzzeitung.de\\\/cms\\\/wp-content\\\/uploads\\\/2015\\\/08\\\/JAZZZEITUNGDE_Logo_Neu.png?resize=96%2C96&ssl=159975dcacb611b5700bd619b5daf0a7a\",\"url\":\"https:\\\/\\\/i0.wp.com\\\/www.jazzzeitung.de\\\/cms\\\/wp-content\\\/uploads\\\/2015\\\/08\\\/JAZZZEITUNGDE_Logo_Neu.png?resize=96%2C96&ssl=1\",\"contentUrl\":\"https:\\\/\\\/i0.wp.com\\\/www.jazzzeitung.de\\\/cms\\\/wp-content\\\/uploads\\\/2015\\\/08\\\/JAZZZEITUNGDE_Logo_Neu.png?resize=96%2C96&ssl=1\",\"caption\":\"Redaktion JazzZeitung\"},\"description\":\"Artikel der Redaktion der JazzZeitung.\",\"sameAs\":[\"http:\\\/\\\/www.jazzzeitung.de\\\/cms\\\/\"],\"url\":\"https:\\\/\\\/www.jazzzeitung.de\\\/cms\\\/author\\\/redaktion\\\/\"}]}<\/script>\n<!-- \/ Yoast SEO plugin. -->","yoast_head_json":{"title":"News: Jazz-Preis in Sachsen +++ 2. Konzert von \"Joo Jazz \u2013 Next Generation\" - JazzZeitung","robots":{"index":"index","follow":"follow","max-snippet":"max-snippet:-1","max-image-preview":"max-image-preview:large","max-video-preview":"max-video-preview:-1"},"canonical":"https:\/\/www.jazzzeitung.de\/cms\/2023\/01\/news-jazz-preis-in-sachsen-2-konzert-von-joo-jazz-next-generation\/","og_locale":"de_DE","og_type":"article","og_title":"News: Jazz-Preis in Sachsen +++ 2. Konzert von \"Joo Jazz \u2013 Next Generation\" - JazzZeitung","og_description":"+++ Neuer Preis f\u00fcr Jazz-Sachsen +++ Der Jazzverband Sachsen schreibt zum ersten Mal den Jutta Hipp Preis f\u00fcr in dem Bundesland wirkende Jazzmusikerinnen aus. Es werden insgesamt drei Preise vergeben: In den Kategorien \u201cKomposition\u201d und \u201cImprovisation\u201d erwarten die Siegerinnen je 3.500 Euro Preisgeld, ein Ehrenpreis ist undotiert. Die Preisverleihung und Preistr\u00e4gerinnenkonzert ist im Juni 2023 im Jazz-Club Tonne in Dresden. Teilnahmeberechtigt sind Musikinnen, deren k\u00fcnstlerische Vita eine Verbundenheit zu Sachsen bezeugt. \u00a0Die Bewerbungsfrist endet am 15. M\u00e4rz 2023. Nach dem Willen des Jazzverbandes soll der Preis k\u00fcnftig all zwei Jahre verliehen werden. Daf\u00fcr sucht der Verband mit derzeit fast 140 Mitgliedern noch Partner, um das Projekt zu verstetigen. Die namensgebende Jutta Hipp war Wegbereiterin des Jazz in Sachsen und gilt als Vorreiterin f\u00fcr Frauen im deutschen Jazz. Geboren wurde Hipp 1924 in Leipzig. Ihre Karriere als Jazzpianistin begann f\u00fcr die studierte Graphikdesignerin in damals illegalen Jazzclubs ihrer Heimatstadt. 1955 siedelte Jutta Hipp in die USA \u00fcber und erhielt als erste europ\u00e4ische Jazzmusiker*in \u00fcberhaupt einen Vertrag beim Label Blue Note Records. Heute ist Jutta Hipp weitgehend in Vergessenheit geraten. Weitere Informationen unter: www.juttahipppreis.de +++ Ulmer \u201eJoo &hellip;","og_url":"https:\/\/www.jazzzeitung.de\/cms\/2023\/01\/news-jazz-preis-in-sachsen-2-konzert-von-joo-jazz-next-generation\/","og_site_name":"JazzZeitung","article_publisher":"https:\/\/www.facebook.com\/JazzZeitung\/","article_published_time":"2023-01-25T13:59:50+00:00","article_modified_time":"2023-01-25T14:02:06+00:00","og_image":[{"width":1058,"height":790,"url":"https:\/\/www.jazzzeitung.de\/cms\/wp-content\/uploads\/2023\/01\/Ausschnitt-Hipp.png","type":"image\/png"}],"author":"Redaktion JazzZeitung","schema":{"@context":"https:\/\/schema.org","@graph":[{"@type":"Article","@id":"https:\/\/www.jazzzeitung.de\/cms\/2023\/01\/news-jazz-preis-in-sachsen-2-konzert-von-joo-jazz-next-generation\/#article","isPartOf":{"@id":"https:\/\/www.jazzzeitung.de\/cms\/2023\/01\/news-jazz-preis-in-sachsen-2-konzert-von-joo-jazz-next-generation\/"},"author":{"name":"Redaktion JazzZeitung","@id":"https:\/\/www.jazzzeitung.de\/cms\/#\/schema\/person\/2245b36b9cd1d24cea10f01c031fb92b"},"headline":"News: Jazz-Preis in Sachsen +++ 2. Konzert von &#8222;Joo Jazz \u2013 Next Generation&#8220;","datePublished":"2023-01-25T13:59:50+00:00","dateModified":"2023-01-25T14:02:06+00:00","mainEntityOfPage":{"@id":"https:\/\/www.jazzzeitung.de\/cms\/2023\/01\/news-jazz-preis-in-sachsen-2-konzert-von-joo-jazz-next-generation\/"},"wordCount":347,"commentCount":0,"publisher":{"@id":"https:\/\/www.jazzzeitung.de\/cms\/#organization"},"image":{"@id":"https:\/\/www.jazzzeitung.de\/cms\/2023\/01\/news-jazz-preis-in-sachsen-2-konzert-von-joo-jazz-next-generation\/#primaryimage"},"thumbnailUrl":"https:\/\/i0.wp.com\/www.jazzzeitung.de\/cms\/wp-content\/uploads\/2023\/01\/Ausschnitt-Hipp.png?fit=1058%2C790&ssl=1","keywords":["Anna-Lucia Rupp","Blue Note","Blue Note Records","Caf\u00e9 Kokoschinski","Dresden","electronic handmade loopjazz","Erste Europ\u00e4erin","Erste Musikerin","Erster Europ\u00e4er","Fama M'Boup","Hipp","Improvisation","Improvisations-Wettbewerb","Jakob Manz","Jazz","Jazz-Club","Jazz-Club Tonne","Jazz-Wettbewerb","Jazzverband Sachsen","Joo Jazz","Joo Jazz \u2013 Next Generation","Joo Kraus","juni 2023","Jutta","Jutta Hipp","Jutta Hipp Preis","Jutta Hipp Wettbewerb","Komposition","Kompositions-Wettbewerb","Leipzig","loopjazz","Olic\u00eda","Plattenvertrag","Preis","Sachsen","Ulm","Vertrag","Wettbewerb"],"articleSection":["News"],"inLanguage":"de","potentialAction":[{"@type":"CommentAction","name":"Comment","target":["https:\/\/www.jazzzeitung.de\/cms\/2023\/01\/news-jazz-preis-in-sachsen-2-konzert-von-joo-jazz-next-generation\/#respond"]}]},{"@type":"WebPage","@id":"https:\/\/www.jazzzeitung.de\/cms\/2023\/01\/news-jazz-preis-in-sachsen-2-konzert-von-joo-jazz-next-generation\/","url":"https:\/\/www.jazzzeitung.de\/cms\/2023\/01\/news-jazz-preis-in-sachsen-2-konzert-von-joo-jazz-next-generation\/","name":"News: Jazz-Preis in Sachsen +++ 2. Konzert von \"Joo Jazz \u2013 Next Generation\" - JazzZeitung","isPartOf":{"@id":"https:\/\/www.jazzzeitung.de\/cms\/#website"},"primaryImageOfPage":{"@id":"https:\/\/www.jazzzeitung.de\/cms\/2023\/01\/news-jazz-preis-in-sachsen-2-konzert-von-joo-jazz-next-generation\/#primaryimage"},"image":{"@id":"https:\/\/www.jazzzeitung.de\/cms\/2023\/01\/news-jazz-preis-in-sachsen-2-konzert-von-joo-jazz-next-generation\/#primaryimage"},"thumbnailUrl":"https:\/\/i0.wp.com\/www.jazzzeitung.de\/cms\/wp-content\/uploads\/2023\/01\/Ausschnitt-Hipp.png?fit=1058%2C790&ssl=1","datePublished":"2023-01-25T13:59:50+00:00","dateModified":"2023-01-25T14:02:06+00:00","breadcrumb":{"@id":"https:\/\/www.jazzzeitung.de\/cms\/2023\/01\/news-jazz-preis-in-sachsen-2-konzert-von-joo-jazz-next-generation\/#breadcrumb"},"inLanguage":"de","potentialAction":[{"@type":"ReadAction","target":["https:\/\/www.jazzzeitung.de\/cms\/2023\/01\/news-jazz-preis-in-sachsen-2-konzert-von-joo-jazz-next-generation\/"]}]},{"@type":"ImageObject","inLanguage":"de","@id":"https:\/\/www.jazzzeitung.de\/cms\/2023\/01\/news-jazz-preis-in-sachsen-2-konzert-von-joo-jazz-next-generation\/#primaryimage","url":"https:\/\/i0.wp.com\/www.jazzzeitung.de\/cms\/wp-content\/uploads\/2023\/01\/Ausschnitt-Hipp.png?fit=1058%2C790&ssl=1","contentUrl":"https:\/\/i0.wp.com\/www.jazzzeitung.de\/cms\/wp-content\/uploads\/2023\/01\/Ausschnitt-Hipp.png?fit=1058%2C790&ssl=1","width":1058,"height":790},{"@type":"BreadcrumbList","@id":"https:\/\/www.jazzzeitung.de\/cms\/2023\/01\/news-jazz-preis-in-sachsen-2-konzert-von-joo-jazz-next-generation\/#breadcrumb","itemListElement":[{"@type":"ListItem","position":1,"name":"Startseite","item":"https:\/\/www.jazzzeitung.de\/cms\/"},{"@type":"ListItem","position":2,"name":"News: Jazz-Preis in Sachsen +++ 2. Konzert von &#8222;Joo Jazz \u2013 Next Generation&#8220;"}]},{"@type":"WebSite","@id":"https:\/\/www.jazzzeitung.de\/cms\/#website","url":"https:\/\/www.jazzzeitung.de\/cms\/","name":"JazzZeitung","description":"Jazz-News und Jazz-Kontroverses","publisher":{"@id":"https:\/\/www.jazzzeitung.de\/cms\/#organization"},"potentialAction":[{"@type":"SearchAction","target":{"@type":"EntryPoint","urlTemplate":"https:\/\/www.jazzzeitung.de\/cms\/?s={search_term_string}"},"query-input":{"@type":"PropertyValueSpecification","valueRequired":true,"valueName":"search_term_string"}}],"inLanguage":"de"},{"@type":"Organization","@id":"https:\/\/www.jazzzeitung.de\/cms\/#organization","name":"JazzZeitung online","url":"https:\/\/www.jazzzeitung.de\/cms\/","logo":{"@type":"ImageObject","inLanguage":"de","@id":"https:\/\/www.jazzzeitung.de\/cms\/#\/schema\/logo\/image\/","url":"https:\/\/i0.wp.com\/www.jazzzeitung.de\/cms\/wp-content\/uploads\/2015\/08\/JAZZZEITUNGDE_Logo_Neu.png?fit=499%2C200&ssl=1","contentUrl":"https:\/\/i0.wp.com\/www.jazzzeitung.de\/cms\/wp-content\/uploads\/2015\/08\/JAZZZEITUNGDE_Logo_Neu.png?fit=499%2C200&ssl=1","width":499,"height":200,"caption":"JazzZeitung online"},"image":{"@id":"https:\/\/www.jazzzeitung.de\/cms\/#\/schema\/logo\/image\/"},"sameAs":["https:\/\/www.facebook.com\/JazzZeitung\/"]},{"@type":"Person","@id":"https:\/\/www.jazzzeitung.de\/cms\/#\/schema\/person\/2245b36b9cd1d24cea10f01c031fb92b","name":"Redaktion JazzZeitung","image":{"@type":"ImageObject","inLanguage":"de","@id":"https:\/\/i0.wp.com\/www.jazzzeitung.de\/cms\/wp-content\/uploads\/2015\/08\/JAZZZEITUNGDE_Logo_Neu.png?resize=96%2C96&ssl=159975dcacb611b5700bd619b5daf0a7a","url":"https:\/\/i0.wp.com\/www.jazzzeitung.de\/cms\/wp-content\/uploads\/2015\/08\/JAZZZEITUNGDE_Logo_Neu.png?resize=96%2C96&ssl=1","contentUrl":"https:\/\/i0.wp.com\/www.jazzzeitung.de\/cms\/wp-content\/uploads\/2015\/08\/JAZZZEITUNGDE_Logo_Neu.png?resize=96%2C96&ssl=1","caption":"Redaktion JazzZeitung"},"description":"Artikel der Redaktion der JazzZeitung.","sameAs":["http:\/\/www.jazzzeitung.de\/cms\/"],"url":"https:\/\/www.jazzzeitung.de\/cms\/author\/redaktion\/"}]}},"wp-worthy-pixel":{"ignored":false,"public":null,"server":null,"url":null},"wp-worthy-type":"normal","jetpack_publicize_connections":[],"cc_featured_image_caption":{"caption_text":"","source_text":"","source_url":""},"jetpack_featured_media_url":"https:\/\/i0.wp.com\/www.jazzzeitung.de\/cms\/wp-content\/uploads\/2023\/01\/Ausschnitt-Hipp.png?fit=1058%2C790&ssl=1","jetpack_shortlink":"https:\/\/wp.me\/p3KEcT-7x8","jetpack-related-posts":[{"id":29544,"url":"https:\/\/www.jazzzeitung.de\/cms\/2023\/06\/news-jutta-hipp-preis-fuer-olga-reznichenko-und-matti-oehl-deutsche-jazzunion-feiert-50-jahre-mit-forum-und-marburger-jazzsommer-vorbereitung-auf-aufnahmepruefungen-mit-andre-nendza\/","url_meta":{"origin":28962,"position":0},"title":"News: +++ Jutta Hipp Preis f\u00fcr Olga Reznichenko und Matti Oehl +++ Deutsche Jazzunion feiert 50 Jahre mit Forum und Marburger Jazzsommer +++ Vorbereitung auf Aufnahmepr\u00fcfungen mit Andr\u00e9 Nendza +++","author":"Redaktion JazzZeitung","date":"7. Juni 2023","format":false,"excerpt":"+++ Jutta Hipp Preis f\u00fcr Olga Reznichenko und Matti Oehl +++ Hipp hipp, hurra: Am 15. Juni 2023 wird der erste Jutta Hipp Preis an Olga Reznichenko und Matti Oehl vergeben. Der Jazzverband Sachsen e.\u00a0V. zeichnet damit etablierte Jazzmusiker*innen aus, die im Leben und Wirken mit dem Freistaat verbunden sind.\u2026","rel":"","context":"In &quot;News&quot;","block_context":{"text":"News","link":"https:\/\/www.jazzzeitung.de\/cms\/thema\/nachrichten\/"},"img":{"alt_text":"","src":"https:\/\/i0.wp.com\/www.jazzzeitung.de\/cms\/wp-content\/uploads\/2023\/01\/Ausschnitt-Hipp.png?fit=1058%2C790&ssl=1&resize=350%2C200","width":350,"height":200,"srcset":"https:\/\/i0.wp.com\/www.jazzzeitung.de\/cms\/wp-content\/uploads\/2023\/01\/Ausschnitt-Hipp.png?fit=1058%2C790&ssl=1&resize=350%2C200 1x, https:\/\/i0.wp.com\/www.jazzzeitung.de\/cms\/wp-content\/uploads\/2023\/01\/Ausschnitt-Hipp.png?fit=1058%2C790&ssl=1&resize=525%2C300 1.5x, https:\/\/i0.wp.com\/www.jazzzeitung.de\/cms\/wp-content\/uploads\/2023\/01\/Ausschnitt-Hipp.png?fit=1058%2C790&ssl=1&resize=700%2C400 2x, https:\/\/i0.wp.com\/www.jazzzeitung.de\/cms\/wp-content\/uploads\/2023\/01\/Ausschnitt-Hipp.png?fit=1058%2C790&ssl=1&resize=1050%2C600 3x"},"classes":[]},{"id":7906,"url":"https:\/\/www.jazzzeitung.de\/cms\/2015\/12\/die-vielen-talente-der-jutta-hipp-eine-umfangreiche-dokumentation-gibt-auskunft\/","url_meta":{"origin":28962,"position":1},"title":"Die vielen Talente der Jutta Hipp &#8211; eine umfangreiche Dokumentation gibt Auskunft","author":"Redaktion JazzZeitung","date":"7. Dezember 2015","format":false,"excerpt":"Von Dietrich Schlegel. Gleich zu Beginn sei es gesagt: \u201eThe Life And Art Of Jutta Hipp \u2013 Hipp is cool\u201c ist eine verlegerische und jazzhistorische Gro\u00dftat des Musikproduzenten Micha Gottschalk und der Jazzmusikerin und Musikp\u00e4dagogin Ilona Haberkamp. Ganz wesentlich war auch der Jazzhistoriker Gerhard Evertz, Verfasser eines Buches \u00fcber \u201eJutta\u2026","rel":"","context":"In &quot;Rezension&quot;","block_context":{"text":"Rezension","link":"https:\/\/www.jazzzeitung.de\/cms\/thema\/rezension\/"},"img":{"alt_text":"hipp1","src":"https:\/\/i0.wp.com\/www.jazzzeitung.de\/cms\/wp-content\/uploads\/2015\/12\/hipp1-150x150.jpg?resize=350%2C200","width":350,"height":200},"classes":[]},{"id":29110,"url":"https:\/\/www.jazzzeitung.de\/cms\/2023\/02\/ploetzlich-hipp-ilona-haberkamps-jutta-hipp-biografie\/","url_meta":{"origin":28962,"position":2},"title":"Pl\u00f6tzlich Hip(p) &#8211; Ilona Haberkamps Jutta-Hipp-Biografie","author":"Ursula Gaisa","date":"9. Februar 2023","format":false,"excerpt":"Sie war die erste deutsche Jazzpianistin und weltweit eine Pionierin des weiblichen Jazz: die Rede ist von Jutta Hipp. Das Multitalent wurde 1925 in Leipzig geboren, lernte vier Jahre klassisches Klavier, und fand w\u00e4hrend des Zweiten Weltkriegs durch den Jazz erst wieder zu ihrem Instrument. W\u00e4hrend ihres Studiums an der\u2026","rel":"","context":"In &quot;Portrait&quot;","block_context":{"text":"Portrait","link":"https:\/\/www.jazzzeitung.de\/cms\/thema\/portrait\/"},"img":{"alt_text":"","src":"https:\/\/i0.wp.com\/www.jazzzeitung.de\/cms\/wp-content\/uploads\/2023\/02\/Ilona-Jutta.jpg?fit=1200%2C787&ssl=1&resize=350%2C200","width":350,"height":200,"srcset":"https:\/\/i0.wp.com\/www.jazzzeitung.de\/cms\/wp-content\/uploads\/2023\/02\/Ilona-Jutta.jpg?fit=1200%2C787&ssl=1&resize=350%2C200 1x, https:\/\/i0.wp.com\/www.jazzzeitung.de\/cms\/wp-content\/uploads\/2023\/02\/Ilona-Jutta.jpg?fit=1200%2C787&ssl=1&resize=525%2C300 1.5x, https:\/\/i0.wp.com\/www.jazzzeitung.de\/cms\/wp-content\/uploads\/2023\/02\/Ilona-Jutta.jpg?fit=1200%2C787&ssl=1&resize=700%2C400 2x, https:\/\/i0.wp.com\/www.jazzzeitung.de\/cms\/wp-content\/uploads\/2023\/02\/Ilona-Jutta.jpg?fit=1200%2C787&ssl=1&resize=1050%2C600 3x"},"classes":[]},{"id":2319,"url":"https:\/\/www.jazzzeitung.de\/cms\/2013\/09\/die-jutta-hipp-story-nacherzaehlt-von-dietrich-schlegel\/","url_meta":{"origin":28962,"position":3},"title":"Die Jutta Hipp-Story, nacherz\u00e4hlt von Dietrich Schlegel","author":"Redaktion JazzZeitung","date":"27. September 2013","format":false,"excerpt":"[Dieser Text ist in der Printausgabe 4-13 erschienen.] Am 7. April j\u00e4hrte sich zum zehnten Mal der Todestag der Jazzpianistin Jutta Hipp \u2013 Anlass f\u00fcr die Saxophonistin Ilona Haberkamp, \u201eEurope\u2019s first lady of Jazz\u201c und \u201efirst white European woman on Blue Note\u201c mit einer ungew\u00f6hnlichen CD zu w\u00fcrdigen. \u201eCool is\u2026","rel":"","context":"In &quot;JazzZeitung (print)&quot;","block_context":{"text":"JazzZeitung (print)","link":"https:\/\/www.jazzzeitung.de\/cms\/thema\/archiv\/jazzzeitung-print\/"},"img":{"alt_text":"cool is hipp iis cool","src":"https:\/\/i0.wp.com\/www.jazzzeitung.de\/cms\/wp-content\/uploads\/2013\/09\/cover-150x150.jpg?resize=350%2C200","width":350,"height":200},"classes":[]},{"id":6430,"url":"https:\/\/www.jazzzeitung.de\/cms\/2015\/06\/news-jazzfestival-esslingen-feiert-praemiere-brass-band-woodshockers-gewinnt-die-german-open-2015-grimma-klavier-improvisationscamp-im-exploratorium-berlin\/","url_meta":{"origin":28962,"position":4},"title":"News: +++ Der Breitkopf-Klavierimprovisationswettbewerb +++ Jazz in Hamburg +++ Brass Band &#8222;Woodshockers&#8220; gewinnt die German Open 2015 in Grimma +++","author":"Redaktion JazzZeitung","date":"26. Juni 2015","format":false,"excerpt":"Der Breitkopf-Klavierimprovisationswettbewerb \u201eKreativ an den Tasten\u201c, der Klavierimprovisationswettbewerb des Breitkopf und H\u00e4rtel Verlages l\u00e4uft noch bis zum 30. Juni 2015. Der Wettbewerb richtet sich an alle nicht professionellen Klavierspielerinnen und -spieler in den Altersgruppen 6\u20138 Jahre, 9\u201312 Jahre und 13+ Jahre. Die Improvisationen m\u00fcssen auf YouTube hochgeladen werden. Zu gewinnen\u2026","rel":"","context":"In &quot;News&quot;","block_context":{"text":"News","link":"https:\/\/www.jazzzeitung.de\/cms\/thema\/nachrichten\/"},"img":{"alt_text":"","src":"","width":0,"height":0},"classes":[]},{"id":3862,"url":"https:\/\/www.jazzzeitung.de\/cms\/2014\/05\/quartett-aus-augsburg-gewinnt-ersten-lag-jazzpreis\/","url_meta":{"origin":28962,"position":5},"title":"Quartett aus Augsburg gewinnt ersten LAG-Jazzpreis","author":"Redaktion JazzZeitung","date":"6. Mai 2014","format":false,"excerpt":"Erstmals ist im Rahmen des Kemptener Jazzfr\u00fchlings \u2013 der heuer zum 30. Mal stattgefunden hat \u2013 der Hansj\u00fcrg Hensler Wettbewerb durchgef\u00fchrt worden. F\u00fcr das Finale im Stadttheater vom Kempten waren vier Bands aus einem Bewerberkreis von 20 Jazzensembles ausgew\u00e4hlt worden. Nach einer spannenden Konzertsession, an der sich jede Finalisten-Band 30\u2026","rel":"","context":"In &quot;News&quot;","block_context":{"text":"News","link":"https:\/\/www.jazzzeitung.de\/cms\/thema\/nachrichten\/"},"img":{"alt_text":"Jesse van Ruller \/ Three For Jazz - Live At The Jazzclub","src":"https:\/\/i0.wp.com\/www.jazzzeitung.de\/cms\/wp-content\/uploads\/2014\/05\/JilmanZilman-Jesse-van-Ruller-150x150.jpg?resize=350%2C200","width":350,"height":200},"classes":[]}],"jetpack_sharing_enabled":true,"_links":{"self":[{"href":"https:\/\/www.jazzzeitung.de\/cms\/wp-json\/wp\/v2\/posts\/28962","targetHints":{"allow":["GET"]}}],"collection":[{"href":"https:\/\/www.jazzzeitung.de\/cms\/wp-json\/wp\/v2\/posts"}],"about":[{"href":"https:\/\/www.jazzzeitung.de\/cms\/wp-json\/wp\/v2\/types\/post"}],"author":[{"embeddable":true,"href":"https:\/\/www.jazzzeitung.de\/cms\/wp-json\/wp\/v2\/users\/18"}],"replies":[{"embeddable":true,"href":"https:\/\/www.jazzzeitung.de\/cms\/wp-json\/wp\/v2\/comments?post=28962"}],"version-history":[{"count":3,"href":"https:\/\/www.jazzzeitung.de\/cms\/wp-json\/wp\/v2\/posts\/28962\/revisions"}],"predecessor-version":[{"id":28972,"href":"https:\/\/www.jazzzeitung.de\/cms\/wp-json\/wp\/v2\/posts\/28962\/revisions\/28972"}],"wp:featuredmedia":[{"embeddable":true,"href":"https:\/\/www.jazzzeitung.de\/cms\/wp-json\/wp\/v2\/media\/28971"}],"wp:attachment":[{"href":"https:\/\/www.jazzzeitung.de\/cms\/wp-json\/wp\/v2\/media?parent=28962"}],"wp:term":[{"taxonomy":"category","embeddable":true,"href":"https:\/\/www.jazzzeitung.de\/cms\/wp-json\/wp\/v2\/categories?post=28962"},{"taxonomy":"post_tag","embeddable":true,"href":"https:\/\/www.jazzzeitung.de\/cms\/wp-json\/wp\/v2\/tags?post=28962"},{"taxonomy":"author","embeddable":true,"href":"https:\/\/www.jazzzeitung.de\/cms\/wp-json\/wp\/v2\/coauthors?post=28962"}],"curies":[{"name":"wp","href":"https:\/\/api.w.org\/{rel}","templated":true}]}}