{"id":2892,"date":"2013-11-04T11:29:39","date_gmt":"2013-11-04T10:29:39","guid":{"rendered":"http:\/\/www.jazzzeitung.de\/cms\/?p=2892"},"modified":"2013-11-04T11:41:49","modified_gmt":"2013-11-04T10:41:49","slug":"xxl-jazz-fuer-eisige-wintertage-burghausen","status":"publish","type":"post","link":"https:\/\/www.jazzzeitung.de\/cms\/2013\/11\/xxl-jazz-fuer-eisige-wintertage-burghausen\/","title":{"rendered":"XXL Jazz f\u00fcr eisige Wintertage in Burghausen"},"content":{"rendered":"<p>Frei nach dem Motto \u201eMit Pauken und Trompeten in\u2019s neue Jazzjahr\u201c leiten die Winterkurse der Internationalen Jazz Akademie Burghausen das akademische Jahr 2014 bereits im Dezember ein. Vom 16.-19.12.2013 entleiht die Hochschule f\u00fcr Musik und Theater in M\u00fcnchen f\u00fcnf ihrer exzellenten Jazz-Dozenten nach Burghausen: das Ausnahmetalent <b>Axel K\u00fchn<\/b> am Saxophon, der Groove-Meister am Klavier und der Orgel <b>Andreas Kissenbeck<\/b>, der charakteristische Trompeter <b>Claus Reichstaller<\/b>, der Schlagzeuger \u201eMr Cool\u201c <b>Michael Keul<\/b> und der Allrounder-Bassist <b>Henning Sieverts<\/b>. Als Special Guest und besonderes Schmankerl komplettiert der US-amerikanische Jazztrompeter und -komponist <b>Tim Hagans<\/b> das erstklassige Team. Der mehrfach ausgezeichnete Musiker mit \u201elots of emotional breadth\u201c (Jim Macnie, Village Voice) spielte unter anderem mit Dexter Gordon, Randy Brecker, Peter Erskine und Dave Liebman, war Mitglied des Stan Kenton Orchestraund leitete die schwedische Norrbotten Big Band \u00fcber 15 Jahre. Unter dieser hochprofessionellen Anleitung wird in gezielten Workshops Arrangement, Stilistik, Zusammenspiel, stilgerechtes Improvisieren, Dynamik und Programmgestaltung behandelt und an der individuellen Jazzsprache eines jeden Einzelnen gefeilt, um das musikalisch-k\u00fcnstlerische Profil der Jungstars zu sch\u00e4rfen.<\/p>\n<p>F\u00fcr die Dauer der Winterakademie findet allabendlich im ber\u00fchmten Jazzkeller des Burghauser Mautnerschloss\u2018, eine Jamsession f\u00fcr alle Beteiligten statt und als i-T\u00fcpfelchen wird am letzten Abend zum Abschlusskonzert mit den Dozenten und exklusiven Kompositionen von Tim Hagans f\u00fcr das U.M.P.A. Jazz Orchestra geladen.<\/p>\n<p>Um ein hohes Niveau der Workshops zu garantieren, werden die externen Teilnehmer durch eine Jury ausgew\u00e4hlt, so dass um eine Anmeldung mit Tonbeispielen gebeten wird. Die Bewerbungsfrist l\u00e4uft bis zum 01. Dezember 2013.<\/p>\n<p>In K\u00fcrze:<\/p>\n<p>\u2022\u00a0\u00a0\u00a0\u00a0\u00a0\u00a0\u00a0\u00a0\u00a0\u00a0\u00a0\u00a0 Die Winterakademie findet vom 16.-19. Dezember 2013 statt.<\/p>\n<p>\u2022\u00a0\u00a0\u00a0\u00a0\u00a0\u00a0\u00a0\u00a0\u00a0\u00a0\u00a0\u00a0 Anmeldungen mit Tonbeispielen oder mp3 (ca. 15 Minuten) bis zum 01. Dezember 2013 an:<\/p>\n<p>IG Jazz Burghausen e.V.<\/p>\n<p>Kanzelm\u00fcllerstra\u00dfe 94<\/p>\n<p>D-84489 Burghausen<\/p>\n<p>Telefon: ++49\/(0)8677\/916463-0<\/p>\n<p><a href=\"mailto:info@b-jazz.com\">info@b-jazz.com<\/a><\/p>\n<p>\u2022\u00a0\u00a0\u00a0\u00a0\u00a0\u00a0\u00a0\u00a0\u00a0\u00a0\u00a0\u00a0 Die externen Teilnehmer werden durch eine Jury ausgew\u00e4hlt.<\/p>\n<p>\u2022\u00a0\u00a0\u00a0\u00a0\u00a0\u00a0\u00a0\u00a0\u00a0\u00a0\u00a0\u00a0 Allabendliche Jamsessions im Mautnerschloss<\/p>\n<p>\u2022\u00a0\u00a0\u00a0\u00a0\u00a0\u00a0\u00a0\u00a0\u00a0\u00a0\u00a0\u00a0 Abschlusskonzert mit den Dozenten und des U.M.P.A. Jazz Orchestra am 19. Dezember 2013<\/p>\n<p>&nbsp;<\/p>\n<p>Weitere Informationen gibt es \u00fcber die Webseite der IG Jazz Burghausen:<\/p>\n<p><a href=\"http:\/\/www.b-jazz.com\/jazzkurse.html\">http:\/\/www.b-jazz.com\/jazzkurse.html<\/a><\/p>\n","protected":false},"excerpt":{"rendered":"<p>Frei nach dem Motto \u201eMit Pauken und Trompeten in\u2019s neue Jazzjahr\u201c leiten die Winterkurse der Internationalen Jazz Akademie Burghausen das akademische Jahr 2014 bereits im Dezember ein. Vom 16.-19.12.2013 entleiht die Hochschule f\u00fcr Musik und Theater in M\u00fcnchen f\u00fcnf ihrer exzellenten Jazz-Dozenten nach Burghausen: das Ausnahmetalent Axel K\u00fchn am Saxophon, der Groove-Meister am Klavier und der Orgel Andreas Kissenbeck, der charakteristische Trompeter Claus Reichstaller, der Schlagzeuger \u201eMr Cool\u201c Michael Keul und der Allrounder-Bassist Henning Sieverts. Als Special Guest und besonderes Schmankerl komplettiert der US-amerikanische Jazztrompeter und -komponist Tim Hagans das erstklassige Team. Der mehrfach ausgezeichnete Musiker mit \u201elots of emotional breadth\u201c (Jim Macnie, Village Voice) spielte unter anderem mit Dexter Gordon, Randy Brecker, Peter Erskine und Dave Liebman, war Mitglied des Stan Kenton Orchestraund leitete die schwedische Norrbotten Big Band \u00fcber 15 Jahre. Unter dieser hochprofessionellen Anleitung wird in gezielten Workshops Arrangement, Stilistik, Zusammenspiel, stilgerechtes Improvisieren, Dynamik und Programmgestaltung behandelt und an der individuellen Jazzsprache eines jeden Einzelnen gefeilt, um das musikalisch-k\u00fcnstlerische Profil der Jungstars zu sch\u00e4rfen. F\u00fcr die Dauer der Winterakademie findet allabendlich im ber\u00fchmten Jazzkeller des Burghauser Mautnerschloss\u2018, eine Jamsession f\u00fcr alle Beteiligten &hellip;<\/p>\n","protected":false},"author":18,"featured_media":0,"comment_status":"open","ping_status":"closed","sticky":false,"template":"","format":"standard","meta":{"_jetpack_memberships_contains_paid_content":false,"footnotes":"","jetpack_publicize_message":"","jetpack_publicize_feature_enabled":true,"jetpack_social_post_already_shared":false,"jetpack_social_options":{"image_generator_settings":{"template":"highway","default_image_id":0,"font":"","enabled":false},"version":2}},"categories":[633],"tags":[71,722,226,232,386,400,401,761,762,20],"coauthors":[695],"class_list":["post-2892","post","type-post","status-publish","format-standard","hentry","category-nachrichten","tag-big-band","tag-burghausen","tag-hochschule-fuer-musik-und-theater","tag-ig-jazz","tag-michael-keul","tag-mp3","tag-muenchen","tag-winterjazz","tag-winterkurse","tag-workshop"],"yoast_head":"<!-- This site is optimized with the Yoast SEO plugin v27.5 - https:\/\/yoast.com\/product\/yoast-seo-wordpress\/ -->\n<title>XXL Jazz f\u00fcr eisige Wintertage in Burghausen - JazzZeitung<\/title>\n<meta name=\"robots\" content=\"index, follow, max-snippet:-1, max-image-preview:large, max-video-preview:-1\" \/>\n<link rel=\"canonical\" href=\"https:\/\/www.jazzzeitung.de\/cms\/2013\/11\/xxl-jazz-fuer-eisige-wintertage-burghausen\/\" \/>\n<meta property=\"og:locale\" content=\"de_DE\" \/>\n<meta property=\"og:type\" content=\"article\" \/>\n<meta property=\"og:title\" content=\"XXL Jazz f\u00fcr eisige Wintertage in Burghausen - JazzZeitung\" \/>\n<meta property=\"og:description\" content=\"Frei nach dem Motto \u201eMit Pauken und Trompeten in\u2019s neue Jazzjahr\u201c leiten die Winterkurse der Internationalen Jazz Akademie Burghausen das akademische Jahr 2014 bereits im Dezember ein. Vom 16.-19.12.2013 entleiht die Hochschule f\u00fcr Musik und Theater in M\u00fcnchen f\u00fcnf ihrer exzellenten Jazz-Dozenten nach Burghausen: das Ausnahmetalent Axel K\u00fchn am Saxophon, der Groove-Meister am Klavier und der Orgel Andreas Kissenbeck, der charakteristische Trompeter Claus Reichstaller, der Schlagzeuger \u201eMr Cool\u201c Michael Keul und der Allrounder-Bassist Henning Sieverts. Als Special Guest und besonderes Schmankerl komplettiert der US-amerikanische Jazztrompeter und -komponist Tim Hagans das erstklassige Team. Der mehrfach ausgezeichnete Musiker mit \u201elots of emotional breadth\u201c (Jim Macnie, Village Voice) spielte unter anderem mit Dexter Gordon, Randy Brecker, Peter Erskine und Dave Liebman, war Mitglied des Stan Kenton Orchestraund leitete die schwedische Norrbotten Big Band \u00fcber 15 Jahre. Unter dieser hochprofessionellen Anleitung wird in gezielten Workshops Arrangement, Stilistik, Zusammenspiel, stilgerechtes Improvisieren, Dynamik und Programmgestaltung behandelt und an der individuellen Jazzsprache eines jeden Einzelnen gefeilt, um das musikalisch-k\u00fcnstlerische Profil der Jungstars zu sch\u00e4rfen. F\u00fcr die Dauer der Winterakademie findet allabendlich im ber\u00fchmten Jazzkeller des Burghauser Mautnerschloss\u2018, eine Jamsession f\u00fcr alle Beteiligten &hellip;\" \/>\n<meta property=\"og:url\" content=\"https:\/\/www.jazzzeitung.de\/cms\/2013\/11\/xxl-jazz-fuer-eisige-wintertage-burghausen\/\" \/>\n<meta property=\"og:site_name\" content=\"JazzZeitung\" \/>\n<meta property=\"article:publisher\" content=\"https:\/\/www.facebook.com\/JazzZeitung\/\" \/>\n<meta property=\"article:published_time\" content=\"2013-11-04T10:29:39+00:00\" \/>\n<meta property=\"article:modified_time\" content=\"2013-11-04T10:41:49+00:00\" \/>\n<meta property=\"og:image\" content=\"https:\/\/i0.wp.com\/www.jazzzeitung.de\/cms\/wp-content\/uploads\/2012\/01\/ipad-logo-200.png?fit=200%2C200&ssl=1\" \/>\n\t<meta property=\"og:image:width\" content=\"200\" \/>\n\t<meta property=\"og:image:height\" content=\"200\" \/>\n\t<meta property=\"og:image:type\" content=\"image\/png\" \/>\n<meta name=\"author\" content=\"Redaktion JazzZeitung\" \/>\n<script type=\"application\/ld+json\" class=\"yoast-schema-graph\">{\"@context\":\"https:\\\/\\\/schema.org\",\"@graph\":[{\"@type\":\"Article\",\"@id\":\"https:\\\/\\\/www.jazzzeitung.de\\\/cms\\\/2013\\\/11\\\/xxl-jazz-fuer-eisige-wintertage-burghausen\\\/#article\",\"isPartOf\":{\"@id\":\"https:\\\/\\\/www.jazzzeitung.de\\\/cms\\\/2013\\\/11\\\/xxl-jazz-fuer-eisige-wintertage-burghausen\\\/\"},\"author\":{\"name\":\"Redaktion JazzZeitung\",\"@id\":\"https:\\\/\\\/www.jazzzeitung.de\\\/cms\\\/#\\\/schema\\\/person\\\/2245b36b9cd1d24cea10f01c031fb92b\"},\"headline\":\"XXL Jazz f\u00fcr eisige Wintertage in Burghausen\",\"datePublished\":\"2013-11-04T10:29:39+00:00\",\"dateModified\":\"2013-11-04T10:41:49+00:00\",\"mainEntityOfPage\":{\"@id\":\"https:\\\/\\\/www.jazzzeitung.de\\\/cms\\\/2013\\\/11\\\/xxl-jazz-fuer-eisige-wintertage-burghausen\\\/\"},\"wordCount\":345,\"commentCount\":0,\"publisher\":{\"@id\":\"https:\\\/\\\/www.jazzzeitung.de\\\/cms\\\/#organization\"},\"keywords\":[\"Big Band\",\"Burghausen\",\"Hochschule f\u00fcr Musik und Theater\",\"IG Jazz\",\"Michael Keul\",\"mp3\",\"M\u00fcnchen\",\"Winterjazz\",\"Winterkurse\",\"Workshop\"],\"articleSection\":[\"News\"],\"inLanguage\":\"de\",\"potentialAction\":[{\"@type\":\"CommentAction\",\"name\":\"Comment\",\"target\":[\"https:\\\/\\\/www.jazzzeitung.de\\\/cms\\\/2013\\\/11\\\/xxl-jazz-fuer-eisige-wintertage-burghausen\\\/#respond\"]}]},{\"@type\":\"WebPage\",\"@id\":\"https:\\\/\\\/www.jazzzeitung.de\\\/cms\\\/2013\\\/11\\\/xxl-jazz-fuer-eisige-wintertage-burghausen\\\/\",\"url\":\"https:\\\/\\\/www.jazzzeitung.de\\\/cms\\\/2013\\\/11\\\/xxl-jazz-fuer-eisige-wintertage-burghausen\\\/\",\"name\":\"XXL Jazz f\u00fcr eisige Wintertage in Burghausen - JazzZeitung\",\"isPartOf\":{\"@id\":\"https:\\\/\\\/www.jazzzeitung.de\\\/cms\\\/#website\"},\"datePublished\":\"2013-11-04T10:29:39+00:00\",\"dateModified\":\"2013-11-04T10:41:49+00:00\",\"breadcrumb\":{\"@id\":\"https:\\\/\\\/www.jazzzeitung.de\\\/cms\\\/2013\\\/11\\\/xxl-jazz-fuer-eisige-wintertage-burghausen\\\/#breadcrumb\"},\"inLanguage\":\"de\",\"potentialAction\":[{\"@type\":\"ReadAction\",\"target\":[\"https:\\\/\\\/www.jazzzeitung.de\\\/cms\\\/2013\\\/11\\\/xxl-jazz-fuer-eisige-wintertage-burghausen\\\/\"]}]},{\"@type\":\"BreadcrumbList\",\"@id\":\"https:\\\/\\\/www.jazzzeitung.de\\\/cms\\\/2013\\\/11\\\/xxl-jazz-fuer-eisige-wintertage-burghausen\\\/#breadcrumb\",\"itemListElement\":[{\"@type\":\"ListItem\",\"position\":1,\"name\":\"Startseite\",\"item\":\"https:\\\/\\\/www.jazzzeitung.de\\\/cms\\\/\"},{\"@type\":\"ListItem\",\"position\":2,\"name\":\"XXL Jazz f\u00fcr eisige Wintertage in Burghausen\"}]},{\"@type\":\"WebSite\",\"@id\":\"https:\\\/\\\/www.jazzzeitung.de\\\/cms\\\/#website\",\"url\":\"https:\\\/\\\/www.jazzzeitung.de\\\/cms\\\/\",\"name\":\"JazzZeitung\",\"description\":\"Jazz-News und Jazz-Kontroverses\",\"publisher\":{\"@id\":\"https:\\\/\\\/www.jazzzeitung.de\\\/cms\\\/#organization\"},\"potentialAction\":[{\"@type\":\"SearchAction\",\"target\":{\"@type\":\"EntryPoint\",\"urlTemplate\":\"https:\\\/\\\/www.jazzzeitung.de\\\/cms\\\/?s={search_term_string}\"},\"query-input\":{\"@type\":\"PropertyValueSpecification\",\"valueRequired\":true,\"valueName\":\"search_term_string\"}}],\"inLanguage\":\"de\"},{\"@type\":\"Organization\",\"@id\":\"https:\\\/\\\/www.jazzzeitung.de\\\/cms\\\/#organization\",\"name\":\"JazzZeitung online\",\"url\":\"https:\\\/\\\/www.jazzzeitung.de\\\/cms\\\/\",\"logo\":{\"@type\":\"ImageObject\",\"inLanguage\":\"de\",\"@id\":\"https:\\\/\\\/www.jazzzeitung.de\\\/cms\\\/#\\\/schema\\\/logo\\\/image\\\/\",\"url\":\"https:\\\/\\\/i0.wp.com\\\/www.jazzzeitung.de\\\/cms\\\/wp-content\\\/uploads\\\/2015\\\/08\\\/JAZZZEITUNGDE_Logo_Neu.png?fit=499%2C200&ssl=1\",\"contentUrl\":\"https:\\\/\\\/i0.wp.com\\\/www.jazzzeitung.de\\\/cms\\\/wp-content\\\/uploads\\\/2015\\\/08\\\/JAZZZEITUNGDE_Logo_Neu.png?fit=499%2C200&ssl=1\",\"width\":499,\"height\":200,\"caption\":\"JazzZeitung online\"},\"image\":{\"@id\":\"https:\\\/\\\/www.jazzzeitung.de\\\/cms\\\/#\\\/schema\\\/logo\\\/image\\\/\"},\"sameAs\":[\"https:\\\/\\\/www.facebook.com\\\/JazzZeitung\\\/\"]},{\"@type\":\"Person\",\"@id\":\"https:\\\/\\\/www.jazzzeitung.de\\\/cms\\\/#\\\/schema\\\/person\\\/2245b36b9cd1d24cea10f01c031fb92b\",\"name\":\"Redaktion JazzZeitung\",\"image\":{\"@type\":\"ImageObject\",\"inLanguage\":\"de\",\"@id\":\"https:\\\/\\\/i0.wp.com\\\/www.jazzzeitung.de\\\/cms\\\/wp-content\\\/uploads\\\/2015\\\/08\\\/JAZZZEITUNGDE_Logo_Neu.png?resize=96%2C96&ssl=159975dcacb611b5700bd619b5daf0a7a\",\"url\":\"https:\\\/\\\/i0.wp.com\\\/www.jazzzeitung.de\\\/cms\\\/wp-content\\\/uploads\\\/2015\\\/08\\\/JAZZZEITUNGDE_Logo_Neu.png?resize=96%2C96&ssl=1\",\"contentUrl\":\"https:\\\/\\\/i0.wp.com\\\/www.jazzzeitung.de\\\/cms\\\/wp-content\\\/uploads\\\/2015\\\/08\\\/JAZZZEITUNGDE_Logo_Neu.png?resize=96%2C96&ssl=1\",\"caption\":\"Redaktion JazzZeitung\"},\"description\":\"Artikel der Redaktion der JazzZeitung.\",\"sameAs\":[\"http:\\\/\\\/www.jazzzeitung.de\\\/cms\\\/\"],\"url\":\"https:\\\/\\\/www.jazzzeitung.de\\\/cms\\\/author\\\/redaktion\\\/\"}]}<\/script>\n<!-- \/ Yoast SEO plugin. -->","yoast_head_json":{"title":"XXL Jazz f\u00fcr eisige Wintertage in Burghausen - JazzZeitung","robots":{"index":"index","follow":"follow","max-snippet":"max-snippet:-1","max-image-preview":"max-image-preview:large","max-video-preview":"max-video-preview:-1"},"canonical":"https:\/\/www.jazzzeitung.de\/cms\/2013\/11\/xxl-jazz-fuer-eisige-wintertage-burghausen\/","og_locale":"de_DE","og_type":"article","og_title":"XXL Jazz f\u00fcr eisige Wintertage in Burghausen - JazzZeitung","og_description":"Frei nach dem Motto \u201eMit Pauken und Trompeten in\u2019s neue Jazzjahr\u201c leiten die Winterkurse der Internationalen Jazz Akademie Burghausen das akademische Jahr 2014 bereits im Dezember ein. Vom 16.-19.12.2013 entleiht die Hochschule f\u00fcr Musik und Theater in M\u00fcnchen f\u00fcnf ihrer exzellenten Jazz-Dozenten nach Burghausen: das Ausnahmetalent Axel K\u00fchn am Saxophon, der Groove-Meister am Klavier und der Orgel Andreas Kissenbeck, der charakteristische Trompeter Claus Reichstaller, der Schlagzeuger \u201eMr Cool\u201c Michael Keul und der Allrounder-Bassist Henning Sieverts. Als Special Guest und besonderes Schmankerl komplettiert der US-amerikanische Jazztrompeter und -komponist Tim Hagans das erstklassige Team. Der mehrfach ausgezeichnete Musiker mit \u201elots of emotional breadth\u201c (Jim Macnie, Village Voice) spielte unter anderem mit Dexter Gordon, Randy Brecker, Peter Erskine und Dave Liebman, war Mitglied des Stan Kenton Orchestraund leitete die schwedische Norrbotten Big Band \u00fcber 15 Jahre. Unter dieser hochprofessionellen Anleitung wird in gezielten Workshops Arrangement, Stilistik, Zusammenspiel, stilgerechtes Improvisieren, Dynamik und Programmgestaltung behandelt und an der individuellen Jazzsprache eines jeden Einzelnen gefeilt, um das musikalisch-k\u00fcnstlerische Profil der Jungstars zu sch\u00e4rfen. F\u00fcr die Dauer der Winterakademie findet allabendlich im ber\u00fchmten Jazzkeller des Burghauser Mautnerschloss\u2018, eine Jamsession f\u00fcr alle Beteiligten &hellip;","og_url":"https:\/\/www.jazzzeitung.de\/cms\/2013\/11\/xxl-jazz-fuer-eisige-wintertage-burghausen\/","og_site_name":"JazzZeitung","article_publisher":"https:\/\/www.facebook.com\/JazzZeitung\/","article_published_time":"2013-11-04T10:29:39+00:00","article_modified_time":"2013-11-04T10:41:49+00:00","og_image":[{"width":200,"height":200,"url":"https:\/\/i0.wp.com\/www.jazzzeitung.de\/cms\/wp-content\/uploads\/2012\/01\/ipad-logo-200.png?fit=200%2C200&ssl=1","type":"image\/png"}],"author":"Redaktion JazzZeitung","schema":{"@context":"https:\/\/schema.org","@graph":[{"@type":"Article","@id":"https:\/\/www.jazzzeitung.de\/cms\/2013\/11\/xxl-jazz-fuer-eisige-wintertage-burghausen\/#article","isPartOf":{"@id":"https:\/\/www.jazzzeitung.de\/cms\/2013\/11\/xxl-jazz-fuer-eisige-wintertage-burghausen\/"},"author":{"name":"Redaktion JazzZeitung","@id":"https:\/\/www.jazzzeitung.de\/cms\/#\/schema\/person\/2245b36b9cd1d24cea10f01c031fb92b"},"headline":"XXL Jazz f\u00fcr eisige Wintertage in Burghausen","datePublished":"2013-11-04T10:29:39+00:00","dateModified":"2013-11-04T10:41:49+00:00","mainEntityOfPage":{"@id":"https:\/\/www.jazzzeitung.de\/cms\/2013\/11\/xxl-jazz-fuer-eisige-wintertage-burghausen\/"},"wordCount":345,"commentCount":0,"publisher":{"@id":"https:\/\/www.jazzzeitung.de\/cms\/#organization"},"keywords":["Big Band","Burghausen","Hochschule f\u00fcr Musik und Theater","IG Jazz","Michael Keul","mp3","M\u00fcnchen","Winterjazz","Winterkurse","Workshop"],"articleSection":["News"],"inLanguage":"de","potentialAction":[{"@type":"CommentAction","name":"Comment","target":["https:\/\/www.jazzzeitung.de\/cms\/2013\/11\/xxl-jazz-fuer-eisige-wintertage-burghausen\/#respond"]}]},{"@type":"WebPage","@id":"https:\/\/www.jazzzeitung.de\/cms\/2013\/11\/xxl-jazz-fuer-eisige-wintertage-burghausen\/","url":"https:\/\/www.jazzzeitung.de\/cms\/2013\/11\/xxl-jazz-fuer-eisige-wintertage-burghausen\/","name":"XXL Jazz f\u00fcr eisige Wintertage in Burghausen - JazzZeitung","isPartOf":{"@id":"https:\/\/www.jazzzeitung.de\/cms\/#website"},"datePublished":"2013-11-04T10:29:39+00:00","dateModified":"2013-11-04T10:41:49+00:00","breadcrumb":{"@id":"https:\/\/www.jazzzeitung.de\/cms\/2013\/11\/xxl-jazz-fuer-eisige-wintertage-burghausen\/#breadcrumb"},"inLanguage":"de","potentialAction":[{"@type":"ReadAction","target":["https:\/\/www.jazzzeitung.de\/cms\/2013\/11\/xxl-jazz-fuer-eisige-wintertage-burghausen\/"]}]},{"@type":"BreadcrumbList","@id":"https:\/\/www.jazzzeitung.de\/cms\/2013\/11\/xxl-jazz-fuer-eisige-wintertage-burghausen\/#breadcrumb","itemListElement":[{"@type":"ListItem","position":1,"name":"Startseite","item":"https:\/\/www.jazzzeitung.de\/cms\/"},{"@type":"ListItem","position":2,"name":"XXL Jazz f\u00fcr eisige Wintertage in Burghausen"}]},{"@type":"WebSite","@id":"https:\/\/www.jazzzeitung.de\/cms\/#website","url":"https:\/\/www.jazzzeitung.de\/cms\/","name":"JazzZeitung","description":"Jazz-News und Jazz-Kontroverses","publisher":{"@id":"https:\/\/www.jazzzeitung.de\/cms\/#organization"},"potentialAction":[{"@type":"SearchAction","target":{"@type":"EntryPoint","urlTemplate":"https:\/\/www.jazzzeitung.de\/cms\/?s={search_term_string}"},"query-input":{"@type":"PropertyValueSpecification","valueRequired":true,"valueName":"search_term_string"}}],"inLanguage":"de"},{"@type":"Organization","@id":"https:\/\/www.jazzzeitung.de\/cms\/#organization","name":"JazzZeitung online","url":"https:\/\/www.jazzzeitung.de\/cms\/","logo":{"@type":"ImageObject","inLanguage":"de","@id":"https:\/\/www.jazzzeitung.de\/cms\/#\/schema\/logo\/image\/","url":"https:\/\/i0.wp.com\/www.jazzzeitung.de\/cms\/wp-content\/uploads\/2015\/08\/JAZZZEITUNGDE_Logo_Neu.png?fit=499%2C200&ssl=1","contentUrl":"https:\/\/i0.wp.com\/www.jazzzeitung.de\/cms\/wp-content\/uploads\/2015\/08\/JAZZZEITUNGDE_Logo_Neu.png?fit=499%2C200&ssl=1","width":499,"height":200,"caption":"JazzZeitung online"},"image":{"@id":"https:\/\/www.jazzzeitung.de\/cms\/#\/schema\/logo\/image\/"},"sameAs":["https:\/\/www.facebook.com\/JazzZeitung\/"]},{"@type":"Person","@id":"https:\/\/www.jazzzeitung.de\/cms\/#\/schema\/person\/2245b36b9cd1d24cea10f01c031fb92b","name":"Redaktion JazzZeitung","image":{"@type":"ImageObject","inLanguage":"de","@id":"https:\/\/i0.wp.com\/www.jazzzeitung.de\/cms\/wp-content\/uploads\/2015\/08\/JAZZZEITUNGDE_Logo_Neu.png?resize=96%2C96&ssl=159975dcacb611b5700bd619b5daf0a7a","url":"https:\/\/i0.wp.com\/www.jazzzeitung.de\/cms\/wp-content\/uploads\/2015\/08\/JAZZZEITUNGDE_Logo_Neu.png?resize=96%2C96&ssl=1","contentUrl":"https:\/\/i0.wp.com\/www.jazzzeitung.de\/cms\/wp-content\/uploads\/2015\/08\/JAZZZEITUNGDE_Logo_Neu.png?resize=96%2C96&ssl=1","caption":"Redaktion JazzZeitung"},"description":"Artikel der Redaktion der JazzZeitung.","sameAs":["http:\/\/www.jazzzeitung.de\/cms\/"],"url":"https:\/\/www.jazzzeitung.de\/cms\/author\/redaktion\/"}]}},"wp-worthy-pixel":{"ignored":false,"public":null,"server":null,"url":null},"wp-worthy-type":"normal","jetpack_publicize_connections":[],"cc_featured_image_caption":{"caption_text":false,"source_text":false,"source_url":false},"jetpack_featured_media_url":"","jetpack_shortlink":"https:\/\/wp.me\/p3KEcT-KE","jetpack-related-posts":[{"id":7771,"url":"https:\/\/www.jazzzeitung.de\/cms\/2015\/11\/7771\/","url_meta":{"origin":2892,"position":0},"title":"Feindsender spielt im NS-Dokumentationszentrum M\u00fcnchen","author":"Redaktion JazzZeitung","date":"18. November 2015","format":false,"excerpt":"\"Die Filmkomponisten der UFA und ihr Verh\u00e4ltnis zum Jazz\" \u2013 das ist das Thema eines Konzerts im M\u00fcnchner NS-Dokumentationszentrum am 25. November. F\u00fcr die UFA (Universum Film AG), den gr\u00f6\u00dften Film-Produzenten der Weimarer Republik waren viele Komponisten t\u00e4tig, die als wichtige Quelle den Jazz verwendeten. Als ab den 1930er Jahren\u2026","rel":"","context":"In &quot;News&quot;","block_context":{"text":"News","link":"https:\/\/www.jazzzeitung.de\/cms\/thema\/nachrichten\/"},"img":{"alt_text":"Feindsender","src":"https:\/\/i0.wp.com\/www.jazzzeitung.de\/cms\/wp-content\/uploads\/2015\/11\/Feindsender-150x150.jpg?resize=350%2C200","width":350,"height":200},"classes":[]},{"id":11552,"url":"https:\/\/www.jazzzeitung.de\/cms\/2017\/01\/finalisten-des-9-europaeischen-nachwuchsjazzpreis-burghausen-stehen-fest\/","url_meta":{"origin":2892,"position":1},"title":"Finalisten des 9. Europ\u00e4ischen Nachwuchsjazzpreis Burghausen stehen fest","author":"Redaktion JazzZeitung","date":"18. Januar 2017","format":false,"excerpt":"F\u00fcnf\u00a0 \u00a0Bands\u00a0 \u00a0hat \u00a0die\u00a0 \u00a0Jury\u00a0 \u00a0aus\u00a0 \u00a074\u00a0 \u00a0Bewerbungen\u00a0 \u00a0f\u00fcr\u00a0 \u00a0den\u00a0 \u00a09. \u00a0Europ\u00e4ischen\u00a0 \u00a0Nachwuchsjazzpreis ausgew\u00e4hlt.\u00a0 \u00a0Am \u00a0Dienstag,\u00a0 \u00a021. \u00a0M\u00e4rz\u00a0 \u00a02017 \u00a0werden \u00a0die\u00a0 \u00a0jungen \u00a0Talente\u00a0 \u00a0im \u00a0Rahmen\u00a0 \u00a0der\u00a0 \u00a048. \u00a0Internationalen Jazzwoche Burghausen \u00a0(21. \u00a0\u2013 \u00a026. \u00a0M\u00e4rz \u00a02017)\u00a0 im Stadtsaal \u00a0ihr \u00a0K\u00f6nnen \u00a0beweisen. \u00a0Jede Band hat 20 Minuten \u00a0Zeit, danach ber\u00e4t sich die\u2026","rel":"","context":"In &quot;Bericht&quot;","block_context":{"text":"Bericht","link":"https:\/\/www.jazzzeitung.de\/cms\/thema\/bericht\/"},"img":{"alt_text":"","src":"https:\/\/i0.wp.com\/www.jazzzeitung.de\/cms\/wp-content\/uploads\/2017\/01\/Filippo-Vignato-Trio-Finalisten-Nachwuchsjazzpreis-Burghausen_kl-150x150.jpg?resize=350%2C200","width":350,"height":200},"classes":[]},{"id":26908,"url":"https:\/\/www.jazzzeitung.de\/cms\/2022\/03\/news-kari-ikonen-titelfoto-beim-enjoy-jazz-festival-heidelberg-persischer-jazzfruehling-in-muenchen-51-jazzwoche-burghausen-br-uebertraegt-konzerte\/","url_meta":{"origin":2892,"position":2},"title":"+++ news +++ Kari Ikonen (Titelfoto) beim Enjoy Jazz Festival Heidelberg +++ Persischer Jazzfr\u00fchling in M\u00fcnchen +++ 51. Jazzwoche Burghausen: BR \u00fcbertr\u00e4gt Konzerte +++","author":"Redaktion JazzZeitung","date":"22. M\u00e4rz 2022","format":false,"excerpt":"Burghausen Jazzwoche startet Nachdem die Jazzwoche Burghausen in den letzten zwei Jahren ausfallen musste, kann sie vom 22. bis 27. M\u00e4rz zum 51. Mal stattfinden. Das Programm ist bunt gemischt und reicht Soul-S\u00e4ngerin Joy Denalane bis zur Jazzharfenistin Juli Campiche. Der Bayerische Rundfunk \u00fcbertr\u00e4gt als Partner des Festivals ausgew\u00e4hlte Highlights\u2026","rel":"","context":"In &quot;News&quot;","block_context":{"text":"News","link":"https:\/\/www.jazzzeitung.de\/cms\/thema\/nachrichten\/"},"img":{"alt_text":"","src":"https:\/\/i0.wp.com\/www.jazzzeitung.de\/cms\/wp-content\/uploads\/2022\/03\/20220515_Kari-Ikonen_c_Tanja-Ahola.jpg?fit=909%2C1200&ssl=1&resize=350%2C200","width":350,"height":200,"srcset":"https:\/\/i0.wp.com\/www.jazzzeitung.de\/cms\/wp-content\/uploads\/2022\/03\/20220515_Kari-Ikonen_c_Tanja-Ahola.jpg?fit=909%2C1200&ssl=1&resize=350%2C200 1x, https:\/\/i0.wp.com\/www.jazzzeitung.de\/cms\/wp-content\/uploads\/2022\/03\/20220515_Kari-Ikonen_c_Tanja-Ahola.jpg?fit=909%2C1200&ssl=1&resize=525%2C300 1.5x, https:\/\/i0.wp.com\/www.jazzzeitung.de\/cms\/wp-content\/uploads\/2022\/03\/20220515_Kari-Ikonen_c_Tanja-Ahola.jpg?fit=909%2C1200&ssl=1&resize=700%2C400 2x"},"classes":[]},{"id":19711,"url":"https:\/\/www.jazzzeitung.de\/cms\/2019\/06\/news-kultureller-austausch-im-fokus-des-look-into-the-future-festivals-in-burghausen-geburtstagsparty-fuer-cole-goodman-und-ellington-an-der-hmt-leipzig\/","url_meta":{"origin":2892,"position":3},"title":"+++ news +++ Kultureller Austausch im Fokus des Look into the Future Festivals in Burghausen +++ Geburtstagsparty f\u00fcr Cole, Goodman und Ellington an der HMT Leipzig +++","author":"Redaktion JazzZeitung","date":"7. Juni 2019","format":false,"excerpt":"Unter dem Titel Look into the Future II laden Cornelius Claudio und Johannes Tonio Kreusch zum diesj\u00e4hrigen Pfingstfestival vom 7. bis 10. Juni in Burghausen ein. Mit einem sehr facettenreichen Programm \u00fcber den gew\u00f6hnlichen Jazz-Kosmos hinaus m\u00f6chte das Festival aktuelle Musik- und Kunststr\u00f6mungen verbinden und miteinander in Austausch bringen, beispielsweise\u2026","rel":"","context":"In &quot;News&quot;","block_context":{"text":"News","link":"https:\/\/www.jazzzeitung.de\/cms\/thema\/nachrichten\/"},"img":{"alt_text":"","src":"https:\/\/i0.wp.com\/www.jazzzeitung.de\/cms\/wp-content\/uploads\/2019\/06\/180125_Bigband_0650.jpg?fit=1200%2C800&ssl=1&resize=350%2C200","width":350,"height":200,"srcset":"https:\/\/i0.wp.com\/www.jazzzeitung.de\/cms\/wp-content\/uploads\/2019\/06\/180125_Bigband_0650.jpg?fit=1200%2C800&ssl=1&resize=350%2C200 1x, https:\/\/i0.wp.com\/www.jazzzeitung.de\/cms\/wp-content\/uploads\/2019\/06\/180125_Bigband_0650.jpg?fit=1200%2C800&ssl=1&resize=525%2C300 1.5x, https:\/\/i0.wp.com\/www.jazzzeitung.de\/cms\/wp-content\/uploads\/2019\/06\/180125_Bigband_0650.jpg?fit=1200%2C800&ssl=1&resize=700%2C400 2x, https:\/\/i0.wp.com\/www.jazzzeitung.de\/cms\/wp-content\/uploads\/2019\/06\/180125_Bigband_0650.jpg?fit=1200%2C800&ssl=1&resize=1050%2C600 3x"},"classes":[]},{"id":14613,"url":"https:\/\/www.jazzzeitung.de\/cms\/2017\/12\/finalisten-des-10-europaeischen-nachwuchsjazzpreis-burghausen-stehen-fest\/","url_meta":{"origin":2892,"position":4},"title":"Finalisten des 10. Europ\u00e4ischen Nachwuchsjazzpreis Burghausen stehen fest","author":"Redaktion JazzZeitung","date":"26. Dezember 2017","format":false,"excerpt":"F\u00fcnf Bands hat die Jury aus 56 Bewerbungen f\u00fcr den 10. Europ\u00e4ischen Nachwuchsjazzpreis ausgew\u00e4hlt. Am Dienstag, 6. M\u00e4rz 2018 werden die jungen Talente im Rahmen der 49. Internationalen Jazzwoche Burghausen (6. \u2013 11. M\u00e4rz 2018) im Stadtsaal ihr K\u00f6nnen beweisen. Jede Band hat 20 Minuten Zeit, danach ber\u00e4t sich die\u2026","rel":"","context":"In &quot;News&quot;","block_context":{"text":"News","link":"https:\/\/www.jazzzeitung.de\/cms\/thema\/nachrichten\/"},"img":{"alt_text":"","src":"https:\/\/i0.wp.com\/www.jazzzeitung.de\/cms\/wp-content\/uploads\/2017\/12\/Burghausen-Panorama-gebogen.jpg?fit=1200%2C637&ssl=1&resize=350%2C200","width":350,"height":200,"srcset":"https:\/\/i0.wp.com\/www.jazzzeitung.de\/cms\/wp-content\/uploads\/2017\/12\/Burghausen-Panorama-gebogen.jpg?fit=1200%2C637&ssl=1&resize=350%2C200 1x, https:\/\/i0.wp.com\/www.jazzzeitung.de\/cms\/wp-content\/uploads\/2017\/12\/Burghausen-Panorama-gebogen.jpg?fit=1200%2C637&ssl=1&resize=525%2C300 1.5x, https:\/\/i0.wp.com\/www.jazzzeitung.de\/cms\/wp-content\/uploads\/2017\/12\/Burghausen-Panorama-gebogen.jpg?fit=1200%2C637&ssl=1&resize=700%2C400 2x, https:\/\/i0.wp.com\/www.jazzzeitung.de\/cms\/wp-content\/uploads\/2017\/12\/Burghausen-Panorama-gebogen.jpg?fit=1200%2C637&ssl=1&resize=1050%2C600 3x"},"classes":[]},{"id":27048,"url":"https:\/\/www.jazzzeitung.de\/cms\/2022\/04\/51-internationale-jazzwoche-burghausen-mit-jungem-jazz-und-reichlich-popacts\/","url_meta":{"origin":2892,"position":5},"title":"51. Internationale Jazzwoche Burghausen mit jungem Jazz und reichlich Popacts","author":"Redaktion JazzZeitung","date":"6. April 2022","format":false,"excerpt":"Die Zitterpartie um die 51. Internationale Jazzwoche Burghausen ist erfolgreich ausgestanden. Nach zweij\u00e4hriger Pause und dreifacher Planung - f\u00fcr M\u00e4rz 2020 und zweimal f\u00fcr 2021 - konnte sie mit 31 Auftritten fast wie gewohnt \u00fcber die B\u00fchnen gehen. Rund 6.000 Besucher an den sechs Tagen zeigten, dass trotz oder vielleicht\u2026","rel":"","context":"In &quot;Bericht&quot;","block_context":{"text":"Bericht","link":"https:\/\/www.jazzzeitung.de\/cms\/thema\/bericht\/"},"img":{"alt_text":"","src":"https:\/\/i0.wp.com\/www.jazzzeitung.de\/cms\/wp-content\/uploads\/2022\/04\/SHAKE-STEW_KRANZELBINDERLukas-PIRKERHerbert-WIESINGERAstrid-ROMMario-SCHLEIERMACHERJohannes%C2%A9Godehard.Lutz%40bayern-mail.de_IMGP1936-scaled.jpg?fit=1200%2C795&ssl=1&resize=350%2C200","width":350,"height":200,"srcset":"https:\/\/i0.wp.com\/www.jazzzeitung.de\/cms\/wp-content\/uploads\/2022\/04\/SHAKE-STEW_KRANZELBINDERLukas-PIRKERHerbert-WIESINGERAstrid-ROMMario-SCHLEIERMACHERJohannes%C2%A9Godehard.Lutz%40bayern-mail.de_IMGP1936-scaled.jpg?fit=1200%2C795&ssl=1&resize=350%2C200 1x, https:\/\/i0.wp.com\/www.jazzzeitung.de\/cms\/wp-content\/uploads\/2022\/04\/SHAKE-STEW_KRANZELBINDERLukas-PIRKERHerbert-WIESINGERAstrid-ROMMario-SCHLEIERMACHERJohannes%C2%A9Godehard.Lutz%40bayern-mail.de_IMGP1936-scaled.jpg?fit=1200%2C795&ssl=1&resize=525%2C300 1.5x, https:\/\/i0.wp.com\/www.jazzzeitung.de\/cms\/wp-content\/uploads\/2022\/04\/SHAKE-STEW_KRANZELBINDERLukas-PIRKERHerbert-WIESINGERAstrid-ROMMario-SCHLEIERMACHERJohannes%C2%A9Godehard.Lutz%40bayern-mail.de_IMGP1936-scaled.jpg?fit=1200%2C795&ssl=1&resize=700%2C400 2x, https:\/\/i0.wp.com\/www.jazzzeitung.de\/cms\/wp-content\/uploads\/2022\/04\/SHAKE-STEW_KRANZELBINDERLukas-PIRKERHerbert-WIESINGERAstrid-ROMMario-SCHLEIERMACHERJohannes%C2%A9Godehard.Lutz%40bayern-mail.de_IMGP1936-scaled.jpg?fit=1200%2C795&ssl=1&resize=1050%2C600 3x"},"classes":[]}],"jetpack_sharing_enabled":true,"_links":{"self":[{"href":"https:\/\/www.jazzzeitung.de\/cms\/wp-json\/wp\/v2\/posts\/2892","targetHints":{"allow":["GET"]}}],"collection":[{"href":"https:\/\/www.jazzzeitung.de\/cms\/wp-json\/wp\/v2\/posts"}],"about":[{"href":"https:\/\/www.jazzzeitung.de\/cms\/wp-json\/wp\/v2\/types\/post"}],"author":[{"embeddable":true,"href":"https:\/\/www.jazzzeitung.de\/cms\/wp-json\/wp\/v2\/users\/18"}],"replies":[{"embeddable":true,"href":"https:\/\/www.jazzzeitung.de\/cms\/wp-json\/wp\/v2\/comments?post=2892"}],"version-history":[{"count":1,"href":"https:\/\/www.jazzzeitung.de\/cms\/wp-json\/wp\/v2\/posts\/2892\/revisions"}],"predecessor-version":[{"id":2893,"href":"https:\/\/www.jazzzeitung.de\/cms\/wp-json\/wp\/v2\/posts\/2892\/revisions\/2893"}],"wp:attachment":[{"href":"https:\/\/www.jazzzeitung.de\/cms\/wp-json\/wp\/v2\/media?parent=2892"}],"wp:term":[{"taxonomy":"category","embeddable":true,"href":"https:\/\/www.jazzzeitung.de\/cms\/wp-json\/wp\/v2\/categories?post=2892"},{"taxonomy":"post_tag","embeddable":true,"href":"https:\/\/www.jazzzeitung.de\/cms\/wp-json\/wp\/v2\/tags?post=2892"},{"taxonomy":"author","embeddable":true,"href":"https:\/\/www.jazzzeitung.de\/cms\/wp-json\/wp\/v2\/coauthors?post=2892"}],"curies":[{"name":"wp","href":"https:\/\/api.w.org\/{rel}","templated":true}]}}