{"id":28899,"date":"2023-01-14T10:32:47","date_gmt":"2023-01-14T09:32:47","guid":{"rendered":"https:\/\/www.jazzzeitung.de\/cms\/?p=28899"},"modified":"2023-01-13T13:50:27","modified_gmt":"2023-01-13T12:50:27","slug":"insomnia-brass-band-mit-neuer-cd-road-works","status":"publish","type":"post","link":"https:\/\/www.jazzzeitung.de\/cms\/2023\/01\/insomnia-brass-band-mit-neuer-cd-road-works\/","title":{"rendered":"Insomnia Brass Band mit neuer CD &#8222;Road Works&#8220;"},"content":{"rendered":"<p>Vom n\u00e4chtlichen K\u00fcchenmeeting ihres Deb\u00fctalbums sind die Insomnia*stinnen auf die Strasse gewechselt. Vielmehr auf die ,Rail road\u2019, denn die drei Musikanten nutzen umwelttechnisch korrekt den Schienenverkehr, um zu ihren Auftrittsorten zu gelangen. Dort rollt das schwergewichtigen Trio dann seinen Klangteppich aus scheckigen, tanzbaren Rhythmen, feinen Melodien und verschlungenen Soundgeweben aus, auf dem sie mit dem Publikum in eine eigene Welt reisen.<\/p>\n<p>Es ist eine Welt aus \u201eFrosch-Rock\u201c (Frog Rock) mit gebl\u00e4hten Backen, einem Mittagsschl\u00e4fchen im \u201eSchatten eines Elefants\u201c (Sleeping in the Shade of Elephants) und Tr\u00e4umen, die vom Londoner South East (Dreaming of South East London) bis zu den Sternen (Super Constellation) reichen. Wie beim Erstling spielen bei den Bl\u00e4serinnen und ihrem Schlagzeuger Ironie und Witz eine gewichtige Rolle, wenn die Goldene Hochzeit (Golden Wedding) in eine schnappatmende Verwirrtheit taumelt und ein Drum-Solo das Ding wieder anschiebt.<\/p>\n<h4>Ironie, Witz und tiefere Bedeutung<\/h4>\n<p>Eine innere Reise oder Hinwendung beschreibt die Mini-Brassband in Anne Lucks` (trombone) wunderbar zarter und pers\u00f6nlicher Komposition \u201eSo dicht Bei Mir\u201c. Diese scheint selbst in der mehrfach \u00fcbersetzten Form einer Studioaufnahme Charakter und menschliche Z\u00fcge offenzulegen. Es ist eine Art musikalisch-k\u00fcnstlerischer Introspektion, die dazu animiert Haltung zu zeigen und Respekt verdient.<\/p>\n<p>Ihre Zusammenarbeit begannen Lucks und die Baritonsaxophonistin Almut Schlichting 2017, der Schlagzeuger Christian Marien kam ein Jahr sp\u00e4ter hinzu. In ihrer Miniatur-Ausgabe einer Brass Band jonglieren sie mit wechselnden Rollen zwischen Rhythmus und Melodie und durchqueren so eine bet\u00f6rende Landschaft aus freien Formen, Funk, Punkrock und New Orleans Brass Band. Gemeinsam \u00f6ffnen sie ihre eigenen St\u00fccke in alle Richtungen, angetrieben von einer Mischung aus improvisatorischem Schwung und bestens verzahnten Grooves.<\/p>\n<p>Auf ihrem Roadtrip glauben sie keinen Raum f\u00fcr Illusionen (No Place for Illusions) zu haben, klingen aber gleichzeitig so tr\u00e4umerisch und selbstvergessen, als w\u00fcrden sie sich selbst an der Nase herumf\u00fchren. Denn Illusionen k\u00f6nnen durchaus Kraft entfalten und Tr\u00e4ume Wirklichkeit werden lassen. Das Holz f\u00fcr Wacky (Wood for Wacky), womit vermutlich das Metalfestival Wacken gemeint ist, dagegen k\u00f6nnte ohne weiteres etwas mehr Druck und Speed in seiner holprig-schr\u00e4gen Verliebtheit vertragen. \u201eLa Valse Montagne\u201c schlie\u00dflich, wie die Mehrzahl aus der Feder Schlichtings, ist ein wunderbar hingetupftes Vergn\u00fcgen, das spontan zum Tanz mit scheppernden Kuhglocken herausfordern kann. Wenn schon das Album soviel Vergn\u00fcgen macht\u2026<\/p>\n<p>Text: Michael Scheiner<\/p>\n<p>Beitragsbild: Alexander Beierbach<\/p>\n<p>&nbsp;<\/p>\n<p>INSOMNIA BRASS BAND, Road Works, Tiger Moon Records TMR 011 CD, <a href=\"http:\/\/www.tigermoonrecords.com\/\">www.tigermoonrecords.com<\/a><\/p>\n<p data-wp-editing=\"1\"><img data-recalc-dims=\"1\" loading=\"lazy\" decoding=\"async\" data-attachment-id=\"28900\" data-permalink=\"https:\/\/www.jazzzeitung.de\/cms\/2023\/01\/insomnia-brass-band-mit-neuer-cd-road-works\/insomnia_brass_band__road_works__cover\/\" data-orig-file=\"https:\/\/i0.wp.com\/www.jazzzeitung.de\/cms\/wp-content\/uploads\/2023\/01\/insomnia_brass_band__road_works__cover.jpg?fit=1650%2C1477&amp;ssl=1\" data-orig-size=\"1650,1477\" data-comments-opened=\"1\" data-image-meta=\"{&quot;aperture&quot;:&quot;0&quot;,&quot;credit&quot;:&quot;&quot;,&quot;camera&quot;:&quot;&quot;,&quot;caption&quot;:&quot;&quot;,&quot;created_timestamp&quot;:&quot;0&quot;,&quot;copyright&quot;:&quot;&quot;,&quot;focal_length&quot;:&quot;0&quot;,&quot;iso&quot;:&quot;0&quot;,&quot;shutter_speed&quot;:&quot;0&quot;,&quot;title&quot;:&quot;&quot;,&quot;orientation&quot;:&quot;1&quot;}\" data-image-title=\"insomnia_brass_band__road_works__cover\" data-image-description=\"\" data-image-caption=\"\" data-large-file=\"https:\/\/i0.wp.com\/www.jazzzeitung.de\/cms\/wp-content\/uploads\/2023\/01\/insomnia_brass_band__road_works__cover.jpg?fit=670%2C600&amp;ssl=1\" class=\"alignleft wp-image-28900\" src=\"https:\/\/i0.wp.com\/www.jazzzeitung.de\/cms\/wp-content\/uploads\/2023\/01\/insomnia_brass_band__road_works__cover.jpg?resize=305%2C258&#038;ssl=1\" alt=\"\" width=\"305\" height=\"258\" \/><\/p>\n<p><em>Anke Lucks &#8211; trombone<\/em><\/p>\n<p><em>Almut Schlichting &#8211; baritone saxophone<\/em><\/p>\n<p><em>Christian Marien \u2013 drums<\/em><\/p>\n<p><em>\u00a0<\/em><\/p>\n","protected":false},"excerpt":{"rendered":"<p>Vom n\u00e4chtlichen K\u00fcchenmeeting ihres Deb\u00fctalbums sind die Insomnia*stinnen auf die Strasse gewechselt. Vielmehr auf die ,Rail road\u2019, denn die drei Musikanten nutzen umwelttechnisch korrekt den Schienenverkehr, um zu ihren Auftrittsorten zu gelangen. Dort rollt das schwergewichtigen Trio dann seinen Klangteppich aus scheckigen, tanzbaren Rhythmen, feinen Melodien und verschlungenen Soundgeweben aus, auf dem sie mit dem Publikum in eine eigene Welt reisen. Es ist eine Welt aus \u201eFrosch-Rock\u201c (Frog Rock) mit gebl\u00e4hten Backen, einem Mittagsschl\u00e4fchen im \u201eSchatten eines Elefants\u201c (Sleeping in the Shade of Elephants) und Tr\u00e4umen, die vom Londoner South East (Dreaming of South East London) bis zu den Sternen (Super Constellation) reichen. Wie beim Erstling spielen bei den Bl\u00e4serinnen und ihrem Schlagzeuger Ironie und Witz eine gewichtige Rolle, wenn die Goldene Hochzeit (Golden Wedding) in eine schnappatmende Verwirrtheit taumelt und ein Drum-Solo das Ding wieder anschiebt. Ironie, Witz und tiefere Bedeutung Eine innere Reise oder Hinwendung beschreibt die Mini-Brassband in Anne Lucks` (trombone) wunderbar zarter und pers\u00f6nlicher Komposition \u201eSo dicht Bei Mir\u201c. Diese scheint selbst in der mehrfach \u00fcbersetzten Form einer Studioaufnahme Charakter und menschliche Z\u00fcge offenzulegen. Es ist eine Art musikalisch-k\u00fcnstlerischer Introspektion, die &hellip;<\/p>\n","protected":false},"author":18,"featured_media":28901,"comment_status":"open","ping_status":"closed","sticky":false,"template":"","format":"standard","meta":{"_jetpack_memberships_contains_paid_content":false,"footnotes":"","jetpack_publicize_message":"","jetpack_publicize_feature_enabled":true,"jetpack_social_post_already_shared":false,"jetpack_social_options":{"image_generator_settings":{"template":"highway","default_image_id":0,"font":"","enabled":false},"version":2}},"categories":[1152],"tags":[4436,4435,4437,3566,4438],"coauthors":[695],"class_list":["post-28899","post","type-post","status-publish","format-standard","has-post-thumbnail","hentry","category-rezension","tag-almut-schlichting","tag-anke-lucks","tag-christian-marien","tag-insomnia-brass-band","tag-tiger-moon-records"],"yoast_head":"<!-- This site is optimized with the Yoast SEO plugin v27.5 - https:\/\/yoast.com\/product\/yoast-seo-wordpress\/ -->\n<title>Insomnia Brass Band mit neuer CD &quot;Road Works&quot; - JazzZeitung<\/title>\n<meta name=\"robots\" content=\"index, follow, max-snippet:-1, max-image-preview:large, max-video-preview:-1\" \/>\n<link rel=\"canonical\" href=\"https:\/\/www.jazzzeitung.de\/cms\/2023\/01\/insomnia-brass-band-mit-neuer-cd-road-works\/\" \/>\n<meta property=\"og:locale\" content=\"de_DE\" \/>\n<meta property=\"og:type\" content=\"article\" \/>\n<meta property=\"og:title\" content=\"Insomnia Brass Band mit neuer CD &quot;Road Works&quot; - JazzZeitung\" \/>\n<meta property=\"og:description\" content=\"Vom n\u00e4chtlichen K\u00fcchenmeeting ihres Deb\u00fctalbums sind die Insomnia*stinnen auf die Strasse gewechselt. Vielmehr auf die ,Rail road\u2019, denn die drei Musikanten nutzen umwelttechnisch korrekt den Schienenverkehr, um zu ihren Auftrittsorten zu gelangen. Dort rollt das schwergewichtigen Trio dann seinen Klangteppich aus scheckigen, tanzbaren Rhythmen, feinen Melodien und verschlungenen Soundgeweben aus, auf dem sie mit dem Publikum in eine eigene Welt reisen. Es ist eine Welt aus \u201eFrosch-Rock\u201c (Frog Rock) mit gebl\u00e4hten Backen, einem Mittagsschl\u00e4fchen im \u201eSchatten eines Elefants\u201c (Sleeping in the Shade of Elephants) und Tr\u00e4umen, die vom Londoner South East (Dreaming of South East London) bis zu den Sternen (Super Constellation) reichen. Wie beim Erstling spielen bei den Bl\u00e4serinnen und ihrem Schlagzeuger Ironie und Witz eine gewichtige Rolle, wenn die Goldene Hochzeit (Golden Wedding) in eine schnappatmende Verwirrtheit taumelt und ein Drum-Solo das Ding wieder anschiebt. Ironie, Witz und tiefere Bedeutung Eine innere Reise oder Hinwendung beschreibt die Mini-Brassband in Anne Lucks` (trombone) wunderbar zarter und pers\u00f6nlicher Komposition \u201eSo dicht Bei Mir\u201c. Diese scheint selbst in der mehrfach \u00fcbersetzten Form einer Studioaufnahme Charakter und menschliche Z\u00fcge offenzulegen. Es ist eine Art musikalisch-k\u00fcnstlerischer Introspektion, die &hellip;\" \/>\n<meta property=\"og:url\" content=\"https:\/\/www.jazzzeitung.de\/cms\/2023\/01\/insomnia-brass-band-mit-neuer-cd-road-works\/\" \/>\n<meta property=\"og:site_name\" content=\"JazzZeitung\" \/>\n<meta property=\"article:publisher\" content=\"https:\/\/www.facebook.com\/JazzZeitung\/\" \/>\n<meta property=\"article:published_time\" content=\"2023-01-14T09:32:47+00:00\" \/>\n<meta property=\"og:image\" content=\"https:\/\/i0.wp.com\/www.jazzzeitung.de\/cms\/wp-content\/uploads\/2023\/01\/InsomniaBB_02_farbe_quer_copyright_Alexander_Beierbach-scaled.jpeg?fit=2560%2C1707&ssl=1\" \/>\n\t<meta property=\"og:image:width\" content=\"2560\" \/>\n\t<meta property=\"og:image:height\" content=\"1707\" \/>\n\t<meta property=\"og:image:type\" content=\"image\/jpeg\" \/>\n<meta name=\"author\" content=\"Redaktion JazzZeitung\" \/>\n<script type=\"application\/ld+json\" class=\"yoast-schema-graph\">{\"@context\":\"https:\\\/\\\/schema.org\",\"@graph\":[{\"@type\":\"Article\",\"@id\":\"https:\\\/\\\/www.jazzzeitung.de\\\/cms\\\/2023\\\/01\\\/insomnia-brass-band-mit-neuer-cd-road-works\\\/#article\",\"isPartOf\":{\"@id\":\"https:\\\/\\\/www.jazzzeitung.de\\\/cms\\\/2023\\\/01\\\/insomnia-brass-band-mit-neuer-cd-road-works\\\/\"},\"author\":{\"name\":\"Redaktion JazzZeitung\",\"@id\":\"https:\\\/\\\/www.jazzzeitung.de\\\/cms\\\/#\\\/schema\\\/person\\\/2245b36b9cd1d24cea10f01c031fb92b\"},\"headline\":\"Insomnia Brass Band mit neuer CD &#8222;Road Works&#8220;\",\"datePublished\":\"2023-01-14T09:32:47+00:00\",\"mainEntityOfPage\":{\"@id\":\"https:\\\/\\\/www.jazzzeitung.de\\\/cms\\\/2023\\\/01\\\/insomnia-brass-band-mit-neuer-cd-road-works\\\/\"},\"wordCount\":430,\"commentCount\":0,\"publisher\":{\"@id\":\"https:\\\/\\\/www.jazzzeitung.de\\\/cms\\\/#organization\"},\"image\":{\"@id\":\"https:\\\/\\\/www.jazzzeitung.de\\\/cms\\\/2023\\\/01\\\/insomnia-brass-band-mit-neuer-cd-road-works\\\/#primaryimage\"},\"thumbnailUrl\":\"https:\\\/\\\/i0.wp.com\\\/www.jazzzeitung.de\\\/cms\\\/wp-content\\\/uploads\\\/2023\\\/01\\\/InsomniaBB_02_farbe_quer_copyright_Alexander_Beierbach-scaled.jpeg?fit=2560%2C1707&ssl=1\",\"keywords\":[\"Almut Schlichting\",\"Anke Lucks\",\"Christian Marien\",\"Insomnia Brass Band\",\"Tiger Moon Records\"],\"articleSection\":[\"Rezension\"],\"inLanguage\":\"de\",\"potentialAction\":[{\"@type\":\"CommentAction\",\"name\":\"Comment\",\"target\":[\"https:\\\/\\\/www.jazzzeitung.de\\\/cms\\\/2023\\\/01\\\/insomnia-brass-band-mit-neuer-cd-road-works\\\/#respond\"]}]},{\"@type\":\"WebPage\",\"@id\":\"https:\\\/\\\/www.jazzzeitung.de\\\/cms\\\/2023\\\/01\\\/insomnia-brass-band-mit-neuer-cd-road-works\\\/\",\"url\":\"https:\\\/\\\/www.jazzzeitung.de\\\/cms\\\/2023\\\/01\\\/insomnia-brass-band-mit-neuer-cd-road-works\\\/\",\"name\":\"Insomnia Brass Band mit neuer CD \\\"Road Works\\\" - JazzZeitung\",\"isPartOf\":{\"@id\":\"https:\\\/\\\/www.jazzzeitung.de\\\/cms\\\/#website\"},\"primaryImageOfPage\":{\"@id\":\"https:\\\/\\\/www.jazzzeitung.de\\\/cms\\\/2023\\\/01\\\/insomnia-brass-band-mit-neuer-cd-road-works\\\/#primaryimage\"},\"image\":{\"@id\":\"https:\\\/\\\/www.jazzzeitung.de\\\/cms\\\/2023\\\/01\\\/insomnia-brass-band-mit-neuer-cd-road-works\\\/#primaryimage\"},\"thumbnailUrl\":\"https:\\\/\\\/i0.wp.com\\\/www.jazzzeitung.de\\\/cms\\\/wp-content\\\/uploads\\\/2023\\\/01\\\/InsomniaBB_02_farbe_quer_copyright_Alexander_Beierbach-scaled.jpeg?fit=2560%2C1707&ssl=1\",\"datePublished\":\"2023-01-14T09:32:47+00:00\",\"breadcrumb\":{\"@id\":\"https:\\\/\\\/www.jazzzeitung.de\\\/cms\\\/2023\\\/01\\\/insomnia-brass-band-mit-neuer-cd-road-works\\\/#breadcrumb\"},\"inLanguage\":\"de\",\"potentialAction\":[{\"@type\":\"ReadAction\",\"target\":[\"https:\\\/\\\/www.jazzzeitung.de\\\/cms\\\/2023\\\/01\\\/insomnia-brass-band-mit-neuer-cd-road-works\\\/\"]}]},{\"@type\":\"ImageObject\",\"inLanguage\":\"de\",\"@id\":\"https:\\\/\\\/www.jazzzeitung.de\\\/cms\\\/2023\\\/01\\\/insomnia-brass-band-mit-neuer-cd-road-works\\\/#primaryimage\",\"url\":\"https:\\\/\\\/i0.wp.com\\\/www.jazzzeitung.de\\\/cms\\\/wp-content\\\/uploads\\\/2023\\\/01\\\/InsomniaBB_02_farbe_quer_copyright_Alexander_Beierbach-scaled.jpeg?fit=2560%2C1707&ssl=1\",\"contentUrl\":\"https:\\\/\\\/i0.wp.com\\\/www.jazzzeitung.de\\\/cms\\\/wp-content\\\/uploads\\\/2023\\\/01\\\/InsomniaBB_02_farbe_quer_copyright_Alexander_Beierbach-scaled.jpeg?fit=2560%2C1707&ssl=1\",\"width\":2560,\"height\":1707},{\"@type\":\"BreadcrumbList\",\"@id\":\"https:\\\/\\\/www.jazzzeitung.de\\\/cms\\\/2023\\\/01\\\/insomnia-brass-band-mit-neuer-cd-road-works\\\/#breadcrumb\",\"itemListElement\":[{\"@type\":\"ListItem\",\"position\":1,\"name\":\"Startseite\",\"item\":\"https:\\\/\\\/www.jazzzeitung.de\\\/cms\\\/\"},{\"@type\":\"ListItem\",\"position\":2,\"name\":\"Insomnia Brass Band mit neuer CD &#8222;Road Works&#8220;\"}]},{\"@type\":\"WebSite\",\"@id\":\"https:\\\/\\\/www.jazzzeitung.de\\\/cms\\\/#website\",\"url\":\"https:\\\/\\\/www.jazzzeitung.de\\\/cms\\\/\",\"name\":\"JazzZeitung\",\"description\":\"Jazz-News und Jazz-Kontroverses\",\"publisher\":{\"@id\":\"https:\\\/\\\/www.jazzzeitung.de\\\/cms\\\/#organization\"},\"potentialAction\":[{\"@type\":\"SearchAction\",\"target\":{\"@type\":\"EntryPoint\",\"urlTemplate\":\"https:\\\/\\\/www.jazzzeitung.de\\\/cms\\\/?s={search_term_string}\"},\"query-input\":{\"@type\":\"PropertyValueSpecification\",\"valueRequired\":true,\"valueName\":\"search_term_string\"}}],\"inLanguage\":\"de\"},{\"@type\":\"Organization\",\"@id\":\"https:\\\/\\\/www.jazzzeitung.de\\\/cms\\\/#organization\",\"name\":\"JazzZeitung online\",\"url\":\"https:\\\/\\\/www.jazzzeitung.de\\\/cms\\\/\",\"logo\":{\"@type\":\"ImageObject\",\"inLanguage\":\"de\",\"@id\":\"https:\\\/\\\/www.jazzzeitung.de\\\/cms\\\/#\\\/schema\\\/logo\\\/image\\\/\",\"url\":\"https:\\\/\\\/i0.wp.com\\\/www.jazzzeitung.de\\\/cms\\\/wp-content\\\/uploads\\\/2015\\\/08\\\/JAZZZEITUNGDE_Logo_Neu.png?fit=499%2C200&ssl=1\",\"contentUrl\":\"https:\\\/\\\/i0.wp.com\\\/www.jazzzeitung.de\\\/cms\\\/wp-content\\\/uploads\\\/2015\\\/08\\\/JAZZZEITUNGDE_Logo_Neu.png?fit=499%2C200&ssl=1\",\"width\":499,\"height\":200,\"caption\":\"JazzZeitung online\"},\"image\":{\"@id\":\"https:\\\/\\\/www.jazzzeitung.de\\\/cms\\\/#\\\/schema\\\/logo\\\/image\\\/\"},\"sameAs\":[\"https:\\\/\\\/www.facebook.com\\\/JazzZeitung\\\/\"]},{\"@type\":\"Person\",\"@id\":\"https:\\\/\\\/www.jazzzeitung.de\\\/cms\\\/#\\\/schema\\\/person\\\/2245b36b9cd1d24cea10f01c031fb92b\",\"name\":\"Redaktion JazzZeitung\",\"image\":{\"@type\":\"ImageObject\",\"inLanguage\":\"de\",\"@id\":\"https:\\\/\\\/i0.wp.com\\\/www.jazzzeitung.de\\\/cms\\\/wp-content\\\/uploads\\\/2015\\\/08\\\/JAZZZEITUNGDE_Logo_Neu.png?resize=96%2C96&ssl=159975dcacb611b5700bd619b5daf0a7a\",\"url\":\"https:\\\/\\\/i0.wp.com\\\/www.jazzzeitung.de\\\/cms\\\/wp-content\\\/uploads\\\/2015\\\/08\\\/JAZZZEITUNGDE_Logo_Neu.png?resize=96%2C96&ssl=1\",\"contentUrl\":\"https:\\\/\\\/i0.wp.com\\\/www.jazzzeitung.de\\\/cms\\\/wp-content\\\/uploads\\\/2015\\\/08\\\/JAZZZEITUNGDE_Logo_Neu.png?resize=96%2C96&ssl=1\",\"caption\":\"Redaktion JazzZeitung\"},\"description\":\"Artikel der Redaktion der JazzZeitung.\",\"sameAs\":[\"http:\\\/\\\/www.jazzzeitung.de\\\/cms\\\/\"],\"url\":\"https:\\\/\\\/www.jazzzeitung.de\\\/cms\\\/author\\\/redaktion\\\/\"}]}<\/script>\n<!-- \/ Yoast SEO plugin. -->","yoast_head_json":{"title":"Insomnia Brass Band mit neuer CD \"Road Works\" - JazzZeitung","robots":{"index":"index","follow":"follow","max-snippet":"max-snippet:-1","max-image-preview":"max-image-preview:large","max-video-preview":"max-video-preview:-1"},"canonical":"https:\/\/www.jazzzeitung.de\/cms\/2023\/01\/insomnia-brass-band-mit-neuer-cd-road-works\/","og_locale":"de_DE","og_type":"article","og_title":"Insomnia Brass Band mit neuer CD \"Road Works\" - JazzZeitung","og_description":"Vom n\u00e4chtlichen K\u00fcchenmeeting ihres Deb\u00fctalbums sind die Insomnia*stinnen auf die Strasse gewechselt. Vielmehr auf die ,Rail road\u2019, denn die drei Musikanten nutzen umwelttechnisch korrekt den Schienenverkehr, um zu ihren Auftrittsorten zu gelangen. Dort rollt das schwergewichtigen Trio dann seinen Klangteppich aus scheckigen, tanzbaren Rhythmen, feinen Melodien und verschlungenen Soundgeweben aus, auf dem sie mit dem Publikum in eine eigene Welt reisen. Es ist eine Welt aus \u201eFrosch-Rock\u201c (Frog Rock) mit gebl\u00e4hten Backen, einem Mittagsschl\u00e4fchen im \u201eSchatten eines Elefants\u201c (Sleeping in the Shade of Elephants) und Tr\u00e4umen, die vom Londoner South East (Dreaming of South East London) bis zu den Sternen (Super Constellation) reichen. Wie beim Erstling spielen bei den Bl\u00e4serinnen und ihrem Schlagzeuger Ironie und Witz eine gewichtige Rolle, wenn die Goldene Hochzeit (Golden Wedding) in eine schnappatmende Verwirrtheit taumelt und ein Drum-Solo das Ding wieder anschiebt. Ironie, Witz und tiefere Bedeutung Eine innere Reise oder Hinwendung beschreibt die Mini-Brassband in Anne Lucks` (trombone) wunderbar zarter und pers\u00f6nlicher Komposition \u201eSo dicht Bei Mir\u201c. Diese scheint selbst in der mehrfach \u00fcbersetzten Form einer Studioaufnahme Charakter und menschliche Z\u00fcge offenzulegen. Es ist eine Art musikalisch-k\u00fcnstlerischer Introspektion, die &hellip;","og_url":"https:\/\/www.jazzzeitung.de\/cms\/2023\/01\/insomnia-brass-band-mit-neuer-cd-road-works\/","og_site_name":"JazzZeitung","article_publisher":"https:\/\/www.facebook.com\/JazzZeitung\/","article_published_time":"2023-01-14T09:32:47+00:00","og_image":[{"width":2560,"height":1707,"url":"https:\/\/i0.wp.com\/www.jazzzeitung.de\/cms\/wp-content\/uploads\/2023\/01\/InsomniaBB_02_farbe_quer_copyright_Alexander_Beierbach-scaled.jpeg?fit=2560%2C1707&ssl=1","type":"image\/jpeg"}],"author":"Redaktion JazzZeitung","schema":{"@context":"https:\/\/schema.org","@graph":[{"@type":"Article","@id":"https:\/\/www.jazzzeitung.de\/cms\/2023\/01\/insomnia-brass-band-mit-neuer-cd-road-works\/#article","isPartOf":{"@id":"https:\/\/www.jazzzeitung.de\/cms\/2023\/01\/insomnia-brass-band-mit-neuer-cd-road-works\/"},"author":{"name":"Redaktion JazzZeitung","@id":"https:\/\/www.jazzzeitung.de\/cms\/#\/schema\/person\/2245b36b9cd1d24cea10f01c031fb92b"},"headline":"Insomnia Brass Band mit neuer CD &#8222;Road Works&#8220;","datePublished":"2023-01-14T09:32:47+00:00","mainEntityOfPage":{"@id":"https:\/\/www.jazzzeitung.de\/cms\/2023\/01\/insomnia-brass-band-mit-neuer-cd-road-works\/"},"wordCount":430,"commentCount":0,"publisher":{"@id":"https:\/\/www.jazzzeitung.de\/cms\/#organization"},"image":{"@id":"https:\/\/www.jazzzeitung.de\/cms\/2023\/01\/insomnia-brass-band-mit-neuer-cd-road-works\/#primaryimage"},"thumbnailUrl":"https:\/\/i0.wp.com\/www.jazzzeitung.de\/cms\/wp-content\/uploads\/2023\/01\/InsomniaBB_02_farbe_quer_copyright_Alexander_Beierbach-scaled.jpeg?fit=2560%2C1707&ssl=1","keywords":["Almut Schlichting","Anke Lucks","Christian Marien","Insomnia Brass Band","Tiger Moon Records"],"articleSection":["Rezension"],"inLanguage":"de","potentialAction":[{"@type":"CommentAction","name":"Comment","target":["https:\/\/www.jazzzeitung.de\/cms\/2023\/01\/insomnia-brass-band-mit-neuer-cd-road-works\/#respond"]}]},{"@type":"WebPage","@id":"https:\/\/www.jazzzeitung.de\/cms\/2023\/01\/insomnia-brass-band-mit-neuer-cd-road-works\/","url":"https:\/\/www.jazzzeitung.de\/cms\/2023\/01\/insomnia-brass-band-mit-neuer-cd-road-works\/","name":"Insomnia Brass Band mit neuer CD \"Road Works\" - JazzZeitung","isPartOf":{"@id":"https:\/\/www.jazzzeitung.de\/cms\/#website"},"primaryImageOfPage":{"@id":"https:\/\/www.jazzzeitung.de\/cms\/2023\/01\/insomnia-brass-band-mit-neuer-cd-road-works\/#primaryimage"},"image":{"@id":"https:\/\/www.jazzzeitung.de\/cms\/2023\/01\/insomnia-brass-band-mit-neuer-cd-road-works\/#primaryimage"},"thumbnailUrl":"https:\/\/i0.wp.com\/www.jazzzeitung.de\/cms\/wp-content\/uploads\/2023\/01\/InsomniaBB_02_farbe_quer_copyright_Alexander_Beierbach-scaled.jpeg?fit=2560%2C1707&ssl=1","datePublished":"2023-01-14T09:32:47+00:00","breadcrumb":{"@id":"https:\/\/www.jazzzeitung.de\/cms\/2023\/01\/insomnia-brass-band-mit-neuer-cd-road-works\/#breadcrumb"},"inLanguage":"de","potentialAction":[{"@type":"ReadAction","target":["https:\/\/www.jazzzeitung.de\/cms\/2023\/01\/insomnia-brass-band-mit-neuer-cd-road-works\/"]}]},{"@type":"ImageObject","inLanguage":"de","@id":"https:\/\/www.jazzzeitung.de\/cms\/2023\/01\/insomnia-brass-band-mit-neuer-cd-road-works\/#primaryimage","url":"https:\/\/i0.wp.com\/www.jazzzeitung.de\/cms\/wp-content\/uploads\/2023\/01\/InsomniaBB_02_farbe_quer_copyright_Alexander_Beierbach-scaled.jpeg?fit=2560%2C1707&ssl=1","contentUrl":"https:\/\/i0.wp.com\/www.jazzzeitung.de\/cms\/wp-content\/uploads\/2023\/01\/InsomniaBB_02_farbe_quer_copyright_Alexander_Beierbach-scaled.jpeg?fit=2560%2C1707&ssl=1","width":2560,"height":1707},{"@type":"BreadcrumbList","@id":"https:\/\/www.jazzzeitung.de\/cms\/2023\/01\/insomnia-brass-band-mit-neuer-cd-road-works\/#breadcrumb","itemListElement":[{"@type":"ListItem","position":1,"name":"Startseite","item":"https:\/\/www.jazzzeitung.de\/cms\/"},{"@type":"ListItem","position":2,"name":"Insomnia Brass Band mit neuer CD &#8222;Road Works&#8220;"}]},{"@type":"WebSite","@id":"https:\/\/www.jazzzeitung.de\/cms\/#website","url":"https:\/\/www.jazzzeitung.de\/cms\/","name":"JazzZeitung","description":"Jazz-News und Jazz-Kontroverses","publisher":{"@id":"https:\/\/www.jazzzeitung.de\/cms\/#organization"},"potentialAction":[{"@type":"SearchAction","target":{"@type":"EntryPoint","urlTemplate":"https:\/\/www.jazzzeitung.de\/cms\/?s={search_term_string}"},"query-input":{"@type":"PropertyValueSpecification","valueRequired":true,"valueName":"search_term_string"}}],"inLanguage":"de"},{"@type":"Organization","@id":"https:\/\/www.jazzzeitung.de\/cms\/#organization","name":"JazzZeitung online","url":"https:\/\/www.jazzzeitung.de\/cms\/","logo":{"@type":"ImageObject","inLanguage":"de","@id":"https:\/\/www.jazzzeitung.de\/cms\/#\/schema\/logo\/image\/","url":"https:\/\/i0.wp.com\/www.jazzzeitung.de\/cms\/wp-content\/uploads\/2015\/08\/JAZZZEITUNGDE_Logo_Neu.png?fit=499%2C200&ssl=1","contentUrl":"https:\/\/i0.wp.com\/www.jazzzeitung.de\/cms\/wp-content\/uploads\/2015\/08\/JAZZZEITUNGDE_Logo_Neu.png?fit=499%2C200&ssl=1","width":499,"height":200,"caption":"JazzZeitung online"},"image":{"@id":"https:\/\/www.jazzzeitung.de\/cms\/#\/schema\/logo\/image\/"},"sameAs":["https:\/\/www.facebook.com\/JazzZeitung\/"]},{"@type":"Person","@id":"https:\/\/www.jazzzeitung.de\/cms\/#\/schema\/person\/2245b36b9cd1d24cea10f01c031fb92b","name":"Redaktion JazzZeitung","image":{"@type":"ImageObject","inLanguage":"de","@id":"https:\/\/i0.wp.com\/www.jazzzeitung.de\/cms\/wp-content\/uploads\/2015\/08\/JAZZZEITUNGDE_Logo_Neu.png?resize=96%2C96&ssl=159975dcacb611b5700bd619b5daf0a7a","url":"https:\/\/i0.wp.com\/www.jazzzeitung.de\/cms\/wp-content\/uploads\/2015\/08\/JAZZZEITUNGDE_Logo_Neu.png?resize=96%2C96&ssl=1","contentUrl":"https:\/\/i0.wp.com\/www.jazzzeitung.de\/cms\/wp-content\/uploads\/2015\/08\/JAZZZEITUNGDE_Logo_Neu.png?resize=96%2C96&ssl=1","caption":"Redaktion JazzZeitung"},"description":"Artikel der Redaktion der JazzZeitung.","sameAs":["http:\/\/www.jazzzeitung.de\/cms\/"],"url":"https:\/\/www.jazzzeitung.de\/cms\/author\/redaktion\/"}]}},"wp-worthy-pixel":{"ignored":false,"public":null,"server":null,"url":null},"wp-worthy-type":"normal","jetpack_publicize_connections":[],"cc_featured_image_caption":{"caption_text":"","source_text":"","source_url":""},"jetpack_featured_media_url":"https:\/\/i0.wp.com\/www.jazzzeitung.de\/cms\/wp-content\/uploads\/2023\/01\/InsomniaBB_02_farbe_quer_copyright_Alexander_Beierbach-scaled.jpeg?fit=2560%2C1707&ssl=1","jetpack_shortlink":"https:\/\/wp.me\/p3KEcT-7w7","jetpack-related-posts":[{"id":31820,"url":"https:\/\/www.jazzzeitung.de\/cms\/2024\/10\/insomnia-brass-band\/","url_meta":{"origin":28899,"position":0},"title":"Bayerisches Feeling \u2013 schl\u00e4friger Blues: Berliner Insomnia Brass Band mischt Regensburger Jazzclub auf","author":"Redaktion JazzZeitung","date":"28. Oktober 2024","format":false,"excerpt":"Regensburg. Als \u201ekleinste Big Band der Welt\u201c bezeichnete sich einst das Duo des bei M\u00fcnchen lebenden britischen Schlagzeugers Pete York mit Keyboarder Eddie Hardin von der Spencer Davis Group. Analog dazu w\u00e4re eine Markierung f\u00fcr die Berliner Insomnia Brass Band als \u201ekleinste Brass Band der Welt\u201c durchaus angemessen, g\u00e4be es\u2026","rel":"","context":"In &quot;Bericht&quot;","block_context":{"text":"Bericht","link":"https:\/\/www.jazzzeitung.de\/cms\/thema\/bericht\/"},"img":{"alt_text":"Vor einem lila angestrahlten Vorhang musizieren die drei Musiker:innen. Sie schauen sich nicht an, haben die Augen geschlossen, sehen aber aus, als seien sie in einem gemeinsamen Element.","src":"https:\/\/i0.wp.com\/www.jazzzeitung.de\/cms\/wp-content\/uploads\/2024\/10\/insomnia-brass-band_86.jpeg?fit=1200%2C800&ssl=1&resize=350%2C200","width":350,"height":200,"srcset":"https:\/\/i0.wp.com\/www.jazzzeitung.de\/cms\/wp-content\/uploads\/2024\/10\/insomnia-brass-band_86.jpeg?fit=1200%2C800&ssl=1&resize=350%2C200 1x, https:\/\/i0.wp.com\/www.jazzzeitung.de\/cms\/wp-content\/uploads\/2024\/10\/insomnia-brass-band_86.jpeg?fit=1200%2C800&ssl=1&resize=525%2C300 1.5x, https:\/\/i0.wp.com\/www.jazzzeitung.de\/cms\/wp-content\/uploads\/2024\/10\/insomnia-brass-band_86.jpeg?fit=1200%2C800&ssl=1&resize=700%2C400 2x, https:\/\/i0.wp.com\/www.jazzzeitung.de\/cms\/wp-content\/uploads\/2024\/10\/insomnia-brass-band_86.jpeg?fit=1200%2C800&ssl=1&resize=1050%2C600 3x"},"classes":[]},{"id":24011,"url":"https:\/\/www.jazzzeitung.de\/cms\/2020\/12\/wackelnde-waende-in-der-kueche\/","url_meta":{"origin":28899,"position":1},"title":"Wackelnde W\u00e4nde \u2013 in der K\u00fcche","author":"Michael Scheiner","date":"21. Dezember 2020","format":false,"excerpt":"Zeugnisse n\u00e4chtlicher Lebenslust verewigte der schweizerische K\u00fcnstler Daniel Spoerri ab den fr\u00fchen sechziger Jahren des letzten Jahrhunderts in seinen ber\u00fchmten Fallenbildern. Kippen, geleerte Flaschen und abgegessene Teller nebst verschmutztem Besteck und Aschenbechern wurden flu(gs)x auf der Tischplatte fixiert, um 90 Grad gedreht und an die Wand genagelt. Ob Almut Schlichtung,\u2026","rel":"","context":"In &quot;Rezension&quot;","block_context":{"text":"Rezension","link":"https:\/\/www.jazzzeitung.de\/cms\/thema\/rezension\/"},"img":{"alt_text":"","src":"https:\/\/i0.wp.com\/www.jazzzeitung.de\/cms\/wp-content\/uploads\/2020\/12\/InsomniaBB_02_farbe_quadrat_copyright_Alexander_Beierbach.jpeg?fit=960%2C960&ssl=1&resize=350%2C200","width":350,"height":200,"srcset":"https:\/\/i0.wp.com\/www.jazzzeitung.de\/cms\/wp-content\/uploads\/2020\/12\/InsomniaBB_02_farbe_quadrat_copyright_Alexander_Beierbach.jpeg?fit=960%2C960&ssl=1&resize=350%2C200 1x, https:\/\/i0.wp.com\/www.jazzzeitung.de\/cms\/wp-content\/uploads\/2020\/12\/InsomniaBB_02_farbe_quadrat_copyright_Alexander_Beierbach.jpeg?fit=960%2C960&ssl=1&resize=525%2C300 1.5x, https:\/\/i0.wp.com\/www.jazzzeitung.de\/cms\/wp-content\/uploads\/2020\/12\/InsomniaBB_02_farbe_quadrat_copyright_Alexander_Beierbach.jpeg?fit=960%2C960&ssl=1&resize=700%2C400 2x"},"classes":[]},{"id":25337,"url":"https:\/\/www.jazzzeitung.de\/cms\/2021\/08\/schweissdampfende-musik-auf-frei-jazzender-basis-live-impressionen-von-bezau-beatz\/","url_meta":{"origin":28899,"position":2},"title":"Schwei\u00dfdampfende Musik auf frei jazzender Basis \u2212 Live-Impressionen von Bezau Beatz","author":"Redaktion JazzZeitung","date":"12. August 2021","format":false,"excerpt":"Bezau Beatz geht in die 14. Runde \u2212 eine Special-Edition Geregnet hat es, immer mal wieder. Ein Musiker hat sich im Vorfeld des Festivals den Arm gebrochen, aber es konnte eine famose Alternative gefunden werden. Das ist normal, Alltag eines Veranstalters. Noch immer anders aber sind die organisatorischen Herausforderungen, die\u2026","rel":"","context":"In &quot;Bericht&quot;","block_context":{"text":"Bericht","link":"https:\/\/www.jazzzeitung.de\/cms\/thema\/bericht\/"},"img":{"alt_text":"","src":"https:\/\/i0.wp.com\/www.jazzzeitung.de\/cms\/wp-content\/uploads\/2021\/08\/DSC09750-scaled.jpg?fit=1200%2C800&ssl=1&resize=350%2C200","width":350,"height":200,"srcset":"https:\/\/i0.wp.com\/www.jazzzeitung.de\/cms\/wp-content\/uploads\/2021\/08\/DSC09750-scaled.jpg?fit=1200%2C800&ssl=1&resize=350%2C200 1x, https:\/\/i0.wp.com\/www.jazzzeitung.de\/cms\/wp-content\/uploads\/2021\/08\/DSC09750-scaled.jpg?fit=1200%2C800&ssl=1&resize=525%2C300 1.5x, https:\/\/i0.wp.com\/www.jazzzeitung.de\/cms\/wp-content\/uploads\/2021\/08\/DSC09750-scaled.jpg?fit=1200%2C800&ssl=1&resize=700%2C400 2x, https:\/\/i0.wp.com\/www.jazzzeitung.de\/cms\/wp-content\/uploads\/2021\/08\/DSC09750-scaled.jpg?fit=1200%2C800&ssl=1&resize=1050%2C600 3x"},"classes":[]},{"id":31427,"url":"https:\/\/www.jazzzeitung.de\/cms\/2024\/08\/jazz-im-burghof-freiluft-konzerte-in-huerth\/","url_meta":{"origin":28899,"position":3},"title":"Jazz im Burghof &#8211; Freiluft-Konzerte in H\u00fcrth","author":"Redaktion JazzZeitung","date":"6. August 2024","format":false,"excerpt":"(PM) Das Open-Air-Programm des Jazzclubs H\u00fcrth sorgt im August mit Konzerten vom \u201eJudith Tellado & Paulo Pereira Quintett\u201c sowie der \u201eSchmackes Brass Band\u201c f\u00fcr Festival-Atmosph\u00e4re im Innenhof der historischen Burg Gleuel.\u00a0Nach dem Auftakt der Open-Air-Saison mit zwei Konzerten auf dem JazzYard hinter dem Jazzkeller an der Herm\u00fclheimer Stra\u00dfe geht die\u2026","rel":"","context":"In &quot;News&quot;","block_context":{"text":"News","link":"https:\/\/www.jazzzeitung.de\/cms\/thema\/nachrichten\/"},"img":{"alt_text":"","src":"https:\/\/i0.wp.com\/www.jazzzeitung.de\/cms\/wp-content\/uploads\/2024\/08\/2024.08.16-Pressefoto-Open-Air-Burg-Judith-Tellado-Paulo-Pereira-Foto-von-Joanna-Bidler-scaled.jpg?fit=1200%2C800&ssl=1&resize=350%2C200","width":350,"height":200,"srcset":"https:\/\/i0.wp.com\/www.jazzzeitung.de\/cms\/wp-content\/uploads\/2024\/08\/2024.08.16-Pressefoto-Open-Air-Burg-Judith-Tellado-Paulo-Pereira-Foto-von-Joanna-Bidler-scaled.jpg?fit=1200%2C800&ssl=1&resize=350%2C200 1x, https:\/\/i0.wp.com\/www.jazzzeitung.de\/cms\/wp-content\/uploads\/2024\/08\/2024.08.16-Pressefoto-Open-Air-Burg-Judith-Tellado-Paulo-Pereira-Foto-von-Joanna-Bidler-scaled.jpg?fit=1200%2C800&ssl=1&resize=525%2C300 1.5x, https:\/\/i0.wp.com\/www.jazzzeitung.de\/cms\/wp-content\/uploads\/2024\/08\/2024.08.16-Pressefoto-Open-Air-Burg-Judith-Tellado-Paulo-Pereira-Foto-von-Joanna-Bidler-scaled.jpg?fit=1200%2C800&ssl=1&resize=700%2C400 2x, https:\/\/i0.wp.com\/www.jazzzeitung.de\/cms\/wp-content\/uploads\/2024\/08\/2024.08.16-Pressefoto-Open-Air-Burg-Judith-Tellado-Paulo-Pereira-Foto-von-Joanna-Bidler-scaled.jpg?fit=1200%2C800&ssl=1&resize=1050%2C600 3x"},"classes":[]},{"id":6430,"url":"https:\/\/www.jazzzeitung.de\/cms\/2015\/06\/news-jazzfestival-esslingen-feiert-praemiere-brass-band-woodshockers-gewinnt-die-german-open-2015-grimma-klavier-improvisationscamp-im-exploratorium-berlin\/","url_meta":{"origin":28899,"position":4},"title":"News: +++ Der Breitkopf-Klavierimprovisationswettbewerb +++ Jazz in Hamburg +++ Brass Band &#8222;Woodshockers&#8220; gewinnt die German Open 2015 in Grimma +++","author":"Redaktion JazzZeitung","date":"26. Juni 2015","format":false,"excerpt":"Der Breitkopf-Klavierimprovisationswettbewerb \u201eKreativ an den Tasten\u201c, der Klavierimprovisationswettbewerb des Breitkopf und H\u00e4rtel Verlages l\u00e4uft noch bis zum 30. Juni 2015. Der Wettbewerb richtet sich an alle nicht professionellen Klavierspielerinnen und -spieler in den Altersgruppen 6\u20138 Jahre, 9\u201312 Jahre und 13+ Jahre. Die Improvisationen m\u00fcssen auf YouTube hochgeladen werden. Zu gewinnen\u2026","rel":"","context":"In &quot;News&quot;","block_context":{"text":"News","link":"https:\/\/www.jazzzeitung.de\/cms\/thema\/nachrichten\/"},"img":{"alt_text":"","src":"","width":0,"height":0},"classes":[]},{"id":9525,"url":"https:\/\/www.jazzzeitung.de\/cms\/2016\/06\/news-vivavoce-ingolstadtoldtime-jazz-speyer\/","url_meta":{"origin":28899,"position":5},"title":"News: +++Jazz-Sommerfest in K\u00f6ln+++Oldtime Jazz in Speyer+++Viva Voce in Ingolstadt+++","author":"Redaktion JazzZeitung","date":"19. Juni 2016","format":false,"excerpt":"Sommerfest der Offenen Jazzhausschule K\u00f6ln geht noch bis 8. Juli Die Offene Jazzhausschule ist weder aus K\u00f6ln noch aus der deutschen Jazzlandschaft wegzudenken. Mit innovativen Arbeitsans\u00e4tzen etablierte sich 1980 die Offene Jazz Haus Schule als freies Zentrum f\u00fcr Improvisierte und Popul\u00e4re Musik K\u00f6ln \u2013 initiiert von Musikern aus dem Kreis\u2026","rel":"","context":"In &quot;News&quot;","block_context":{"text":"News","link":"https:\/\/www.jazzzeitung.de\/cms\/thema\/nachrichten\/"},"img":{"alt_text":"","src":"https:\/\/i0.wp.com\/www.jazzzeitung.de\/cms\/wp-content\/uploads\/2016\/06\/MARSHALL_COOPER_Press_Instruments_2014_Copyright_Simon_Hegenberg_web.jpg?fit=945%2C1200&ssl=1&resize=350%2C200","width":350,"height":200,"srcset":"https:\/\/i0.wp.com\/www.jazzzeitung.de\/cms\/wp-content\/uploads\/2016\/06\/MARSHALL_COOPER_Press_Instruments_2014_Copyright_Simon_Hegenberg_web.jpg?fit=945%2C1200&ssl=1&resize=350%2C200 1x, https:\/\/i0.wp.com\/www.jazzzeitung.de\/cms\/wp-content\/uploads\/2016\/06\/MARSHALL_COOPER_Press_Instruments_2014_Copyright_Simon_Hegenberg_web.jpg?fit=945%2C1200&ssl=1&resize=525%2C300 1.5x, https:\/\/i0.wp.com\/www.jazzzeitung.de\/cms\/wp-content\/uploads\/2016\/06\/MARSHALL_COOPER_Press_Instruments_2014_Copyright_Simon_Hegenberg_web.jpg?fit=945%2C1200&ssl=1&resize=700%2C400 2x"},"classes":[]}],"jetpack_sharing_enabled":true,"_links":{"self":[{"href":"https:\/\/www.jazzzeitung.de\/cms\/wp-json\/wp\/v2\/posts\/28899","targetHints":{"allow":["GET"]}}],"collection":[{"href":"https:\/\/www.jazzzeitung.de\/cms\/wp-json\/wp\/v2\/posts"}],"about":[{"href":"https:\/\/www.jazzzeitung.de\/cms\/wp-json\/wp\/v2\/types\/post"}],"author":[{"embeddable":true,"href":"https:\/\/www.jazzzeitung.de\/cms\/wp-json\/wp\/v2\/users\/18"}],"replies":[{"embeddable":true,"href":"https:\/\/www.jazzzeitung.de\/cms\/wp-json\/wp\/v2\/comments?post=28899"}],"version-history":[{"count":3,"href":"https:\/\/www.jazzzeitung.de\/cms\/wp-json\/wp\/v2\/posts\/28899\/revisions"}],"predecessor-version":[{"id":28904,"href":"https:\/\/www.jazzzeitung.de\/cms\/wp-json\/wp\/v2\/posts\/28899\/revisions\/28904"}],"wp:featuredmedia":[{"embeddable":true,"href":"https:\/\/www.jazzzeitung.de\/cms\/wp-json\/wp\/v2\/media\/28901"}],"wp:attachment":[{"href":"https:\/\/www.jazzzeitung.de\/cms\/wp-json\/wp\/v2\/media?parent=28899"}],"wp:term":[{"taxonomy":"category","embeddable":true,"href":"https:\/\/www.jazzzeitung.de\/cms\/wp-json\/wp\/v2\/categories?post=28899"},{"taxonomy":"post_tag","embeddable":true,"href":"https:\/\/www.jazzzeitung.de\/cms\/wp-json\/wp\/v2\/tags?post=28899"},{"taxonomy":"author","embeddable":true,"href":"https:\/\/www.jazzzeitung.de\/cms\/wp-json\/wp\/v2\/coauthors?post=28899"}],"curies":[{"name":"wp","href":"https:\/\/api.w.org\/{rel}","templated":true}]}}