{"id":28801,"date":"2022-12-25T12:00:13","date_gmt":"2022-12-25T11:00:13","guid":{"rendered":"https:\/\/www.jazzzeitung.de\/cms\/?p=28801"},"modified":"2022-12-20T12:35:34","modified_gmt":"2022-12-20T11:35:34","slug":"die-erweiterte-jazz-radiowoche-vom-26-12-2022-bis-01-01-2023","status":"publish","type":"post","link":"https:\/\/www.jazzzeitung.de\/cms\/2022\/12\/die-erweiterte-jazz-radiowoche-vom-26-12-2022-bis-01-01-2023\/","title":{"rendered":"Die erweiterte Jazz-Radiowoche vom 26.12.2022 bis 01.01.2023"},"content":{"rendered":"<p><a name=\"_Toc87008090\"><\/a><a name=\"_Toc88649037\"><\/a><\/p>\n<p>Ein kleiner Blick in die Radiowoche 52. Die \u00dcbersicht zum <a href=\"https:\/\/service.conbrio.de\/service\/download\/278\/\">Download als PDF<\/a><span style=\"text-decoration: line-through;\">.<\/span> Alle Angaben ohne Gew\u00e4hr. Erg\u00e4nzt mit den tollen Sendungen zur Neuen Musik von BR-KLASSIK und \u00d61.<\/p>\n<p><strong>Inhalt<\/strong><\/p>\n<ul>\n<li><a href=\"#_Toc122431962\">Senderliste: 1<\/a><\/li>\n<li><a href=\"#_Toc122431963\">mo \u2013 26.12.2022 \u2013 Stephani 2<\/a><\/li>\n<li><a href=\"#_Toc122431964\">di \u2013 27.12.2022. 2<\/a><\/li>\n<li><a href=\"#_Toc122431965\">mi \u2013 28.12.2022. 4<\/a><\/li>\n<li><a href=\"#_Toc122431966\">do \u2013 29.12.2022. 4<\/a><\/li>\n<li><a href=\"#_Toc122431967\">fr \u2013 30.12.2022. 5<\/a><\/li>\n<li><a href=\"#_Toc122431968\">sa \u2013 31.12.2022 \u2013 Silvester. 7<\/a><\/li>\n<li><a href=\"#_Toc122431969\">so \u2013 01.01.2023 \u2013 Neues Jahr. 7<\/a><\/li>\n<\/ul>\n<hr \/>\n<h2><a name=\"_Toc122431962\"><\/a>Senderliste:<\/h2>\n<ul>\n<li><a href=\"https:\/\/oe1.orf.at\/\">ORF \u2013 \u00d61<\/a><\/li>\n<li><a href=\"https:\/\/www.deutschlandradio.de\/\">Deutschlandfunk<\/a> \u2013 \u201eFakten und mehr\u201c<\/li>\n<li><a href=\"https:\/\/www.deutschlandfunkkultur.de\/\">Deutschlandfunk-Kultur<\/a> \u2013 \u201eDas Feuilleton im Radio\u201c<\/li>\n<li><a href=\"https:\/\/www.ndr.de\/ndrkultur\/\">ndr Kultur<\/a> \u2013 H\u00f6ren und genie\u00dfen<\/li>\n<li><a href=\"https:\/\/www.bremenzwei.de\/\">radio bremen<\/a> \u2013 Neugier lohnt sich.<\/li>\n<li><a href=\"https:\/\/www.rbbkultur.de\/\">rbb-kultur<\/a> \u2013 DEINE OHREN WERDEN AUGEN MACHEN.<\/li>\n<li><a href=\"https:\/\/www.mdr.de\/kultur\/radio\/index.html\">mdr-kultur<\/a> \u2013 Das Radio.<\/li>\n<li><a href=\"https:\/\/www1.wdr.de\/radio\/wdr3\/\">wdr3<\/a> \u2013 Das Kulturradio<\/li>\n<li><a href=\"https:\/\/www.hr2.de\/index.html\">hr2-kultur<\/a> \u2013 Das Kulturradio f\u00fcr Hessen.<\/li>\n<li><a href=\"https:\/\/www.sr.de\/sr\/sr2\/index.html\">sr2 Kulturradio<\/a> \u2013 \u2026 gut zu h\u00f6ren.<\/li>\n<li><a href=\"https:\/\/www.swr.de\/swr2\/\">swr2<\/a> \u2013 Kultur neu entdecken<\/li>\n<li><a href=\"https:\/\/www.br.de\/radio\/br-klassik\/index.html\">BR-KLASSIK<\/a> \u2013 Klassikstars geben auf BR-KLASSIK den Ton an. Attraktive Magazine bringen Interviews und Neuigkeiten aus dem Musikleben.<\/li>\n<li><a href=\"https:\/\/www.br.de\/radio\/bayern2\/index.html\">Bayern 2<\/a> \u2013 Preisgekr\u00f6ntes Radio f\u00fcr H\u00f6rer, die mehr wissen wollen<\/li>\n<\/ul>\n<h2><a name=\"_Toc122431963\"><\/a><\/h2>\n<hr \/>\n<h2><a name=\"_Toc122431963\"><\/a>mo \u2013 26.12.2022 \u2013 Stephani<\/h2>\n<hr \/>\n<p>17:10:00 | \u00d61<br \/>\n<strong>Ein Trip nach New York mit Roland Kovac, Dave Brubeck und Kevin Na\u00dfhan <\/strong><\/p>\n<p style=\"padding-left: 40px;\">Entfliehen Sie dem Feiertagsstress mit einem Kurztrip nach New York -und das absolut klimafreundlich und kosteng\u00fcnstig! Es lockt ein musikalischer Spaziergang im Central Park, am Hudson River oder entlang des blinkenden Times Square. Erleben Sie die Stadt, die niemals schl\u00e4ft, aus der Perspektive von Roland Kovac, Dave Brubeck und Kevin Na\u00dfhan: Alle drei haben dem \u201eBig Apple\u201c ein musikalisches Denkmal im Album-Format gesetzt, das der Sch\u00f6nheit der Stadt absolut gerecht wird und sie in all ihren Facetten pr\u00e4sentiert: vom morgendlichen Stau \u00fcber den vorweihnachtlichen Einkaufstrubel bis hin zur Hommage an den Broadway. If you can make it there, you\u2019ll make it anywhere.<\/p>\n<p style=\"padding-left: 40px;\">Das dachte sich wohl auch Kevin Na\u00dfhan, Schlagzeuger und Leiter des Saarbr\u00fccker Silent Explosion Orchestra. F\u00fcr sein Album \u201ePortraits of New York City\u201c wollte der junge Komponist das Abbild der Stadt in Bild und Ton gie\u00dfen. So entstand die Idee der Zusammenarbeit mit dem New Yorker Fotografen Desmond White, der die Erlebnisse und Situationen, die Na\u00dfhan in seinen acht Kompositionen musikalisch beschreibt, in Bildform festgehalten hat. Abgedruckt im CD-Booklet, kann man so auch mit dem Auge mitverfolgen, wovon die Musik erz\u00e4hlt. Verst\u00e4rkt durch ein klassisches Streicherensemble aus Musikern und Musikerinnen des Saarl\u00e4ndischen Staatsorchesters sowie die Deutsche Radio-Philharmonie Saarbr\u00fccken Kaiserslautern w\u00e4chst Na\u00dfhans Big Band zu einem symphonischen Klangk\u00f6rper.<\/p>\n<p style=\"padding-left: 40px;\">New York war auch Schauplatz der Fernsehserie \u201eMr. Broadway\u201c, die in den 1960er Jahren \u00fcber die TV-Bildschirme flimmerte -mit Musik von Dave Brubeck. Eingespielt vom Pianisten selbst und seinem Quartett, ist der Soundtrack der Stadt auf dem Brubeck-Album \u201eJazz Impressions of New York\u201c f\u00fcr die Nachwelt konserviert und wird anl\u00e4sslich dieser Spielr\u00e4ume-Spezial-Sendung serviert. Auch der 1927 in Wien geborene Roland Kovac hatte den \u201eBig Apple\u201c vor Augen, als er seine zehns\u00e4tzige Suite \u201eNew York Trip\u201c f\u00fcr Jazzorchester schrieb. Er komplettiert den Reigen der Komponisten, die zu einem vielf\u00e4ltigen Streifzug durch die Jazzhauptstadt der Welt einladen -und all das in weniger als einer Stunde. Gestaltung: Katharina Osztovics<\/p>\n<p>22:04 bis 23:00 | WDR 3<br \/>\n<strong>WDR 3 Jazz: Giant Steps in Jazz Extended Version \u2013 Sheila Jordan<\/strong><\/p>\n<p>23:05 bis 00:00 | BR-KLASSIK<br \/>\n<strong>BR-KLASSIK \u2013 Jazztime: Jazztoday \u2013 Zum 90. Geburtstag von Heinz Sauer<\/strong><\/p>\n<p style=\"padding-left: 40px;\">Henning Sieverts feiert den gro\u00dfen hessischen Tenorsaxophonisten in ganz unterschiedlichen Aufnahmen, u.a. mit Albert Mangelsdorff, Bob Degen, Michael Wollny und dem HR Jazzensemble.<\/p>\n<h2><a name=\"_Toc122431964\"><\/a><\/h2>\n<hr \/>\n<h2><a name=\"_Toc122431964\"><\/a>di \u2013 27.12.2022<\/h2>\n<hr \/>\n<p>01:05 bis 05:00 | Deutschlandfunk Kultur<br \/>\n<strong>Tonart Jazz \u2013 Moderation: Katrin Wilke<\/strong><\/p>\n<p>20:05 \u2013 21:00 UHR | SWR2<br \/>\n<strong>SWR2 Jazz Session: Homezone \u2013 Jazz in S\u00fcdwest. Die SWR Big Band &amp; Ola Onabul\u00e9<\/strong><\/p>\n<p style=\"padding-left: 40px;\">Von Fanny Opitz. Die monatliche Sendereihe \u201eHomezone\u201c f\u00fchrt regelm\u00e4\u00dfig an die vielen verschiedenen Orte, an denen der Jazz im S\u00fcdwesten zu Hause ist. Neben Konzertaufnahmen aus unserem Archiv und aktuellen Studioproduktionen gibt es immer auch einen thematischen Schwerpunkt. In dieser \u201eHomezone\u201c-Ausgabe blicken wir auf die SWR Big Band &amp; Ola Onabul\u00e9.<\/p>\n<p>21:05 bis 22:00 | Deutschlandfunk<br \/>\n<strong>Jazz Live: Bonus Edition 2022 \u2013 Aufnahmen aus dem Jahr 2022<\/strong><\/p>\n<p style=\"padding-left: 40px;\">Am Mikrofon: Odilo Clausnitzer. Nach langer Corona-Durststrecke lief das \u00f6ffentliche Musikleben 2022 endlich wieder auf vollen Touren. Zahlreiche Jazzkonzerte konnte der Deutschlandfunk mitschneiden; eine Auswahl noch nicht gesendeter H\u00f6hepunkte daraus ist in dieser R\u00fcckblicks-Sendung zu h\u00f6ren. Unter anderem dabei: das Jochen R\u00fcckert Special Quintet mit Saxofonist Mark Turner und Posaunist Nils Wogram, Daniel Erdmanns Velvet Revolution, das Vincent Meissner Trio, Charlotte Greves Lisbeth Quartett und Pianist Vadim Neselovskyi mit seiner Solo-Hommage an Odessa.<\/p>\n<p>22:05 bis 23:00 | BR-KLASSIK<br \/>\n<strong>Horizonte: Geblasen, geklappert, gehaucht \u2013 Die Klarinette in der Neuen Musik<\/strong><\/p>\n<p style=\"padding-left: 40px;\">Sie kann in den h\u00f6chsten T\u00f6nen jubilieren, kann sprunghaft sein, wendig, ist ungeheuer leichtf\u00fc\u00dfig unterwegs. Und doch kann die Klarinette auch ganz anders klingen: schrill, aufbrausend oder wild klappernd. Im Studio erkl\u00e4rt der komponierende Klarinettist J\u00f6rg Widmann im Gespr\u00e4ch mit BR-KLASSIK die verschiedenen Temperamente des Instruments in der zeitgen\u00f6ssischen Musik und f\u00fchrt mit seiner Klarinette Klangbeispiele vor. Immerhin hat Widmann mit seiner Komposition \u201eDrei Schattent\u00e4nze\u201c sein eigenes kleines Klarinetten-Exerzitium geschaffen, das den Wohlklang dekonstruiert und das Blasinstrument ganz neu erfahrbar macht. Wiederholung vom 27. Oktober 2020. Eine Sendung von Tilman Urbach<\/p>\n<p>22:30 bis 23:00 | hr2-kultur<br \/>\n<strong>Jazz and More: An den R\u00e4ndern des Jazz <\/strong><\/p>\n<p style=\"padding-left: 40px;\">Am Mikrofon: Martin Kersten. Heute mit: Sunda Arc: Night Lands | Sir Bradley: During My Lunch Break | Sebastian Peszko: Journey<\/p>\n<p>23:03 \u2013 24:00 | \u00d61<br \/>\n<strong>Gudaidulinas Zupfquartett beim Prix Europa \u2013 2022 revisited. Neue Musik auf der Couch. Thomas Wally analysiert das Streichquartett Nr. 3 (1987) von Sofia Gubaidulina<\/strong><\/p>\n<p style=\"padding-left: 40px;\">Nicht wie ein Streichquartett, sondern wie ein Zupfquartett scheint dieses Werk der russischen Komponistin Sofia Gubaidulina zu beginnen; fast \u00fcber die H\u00e4lfte der Zeit werden die Saiten der vier Instrumente nicht durch den Bogen zum Klingen gebracht. Die ersten gestrichenen T\u00f6ne erscheinen dadurch wie eine kleine Sensation. Es entsteht ein zauberhafter Klangreichtum, ein ausgesprochen delikates St\u00fcck Musik: teils fragil, teils ger\u00e4uschhaft, durch und durch apart und intensiv.<\/p>\n<p style=\"padding-left: 40px;\">Thomas Wally, neben seiner T\u00e4tigkeit als freischaffender Komponist und Violinist auch an der Wiener Musikuniversit\u00e4t als Senior Lecturer in musiktheoretischen F\u00e4chern aktiv, betrachtet das 3. Streichquartett von Sofia Gubaidulina aus (h\u00f6r)analytischer Perspektive: Was h\u00f6ren wir, wenn wir dieses Werk h\u00f6ren? Worauf k\u00f6nnen wir achten? Was sind Besonderheiten, denen wir Aufmerksamkeit schenken sollten? Den H\u00f6rer\/innen werden analytische Tools bereitgestellt, mit deren Hilfe diese Musik mit einem gesch\u00e4rften Fokus wahrgenommen werden kann. Diese Sendung war heuer nominiert f\u00fcr den \u201ePrix Europa\u201c, ein Wettbewerb f\u00fcr Fernseh-, H\u00f6rfunk- und Online-Produktionen und damit das gr\u00f6\u00dfte trimediale Festival in Europa. Gestaltung: Thomas Wally, Redaktion: Rainer Elstner<\/p>\n<p>23:05 bis 00:00 | BR-KLASSIK<br \/>\n<strong>BR-KLASSIK \u2013 Jazztime: News &amp; Roots \u2013 Sinn f\u00fcr Sound, Familie und f\u00fcr den Markt\u00a0<\/strong><\/p>\n<p style=\"padding-left: 40px;\">Das Jazzlabel ACT feiert seinen 30. Geburtstag. Mit Musik aus den letzten drei Jahrzehnten und Statements von Labelgr\u00fcnder Siggi Loch, Co-Gesch\u00e4ftsf\u00fchrer Andreas Brandis, Pianistin Johanna Summer oder Pianist Michael Wollny. Moderation und Auswahl: Ulrich Habersetzer<\/p>\n<hr \/>\n<h2><a name=\"_Toc122431965\"><\/a>mi \u2013 28.12.2022<\/h2>\n<hr \/>\n<p>19:05 bis 20:00 | BR-KLASSIK<br \/>\n<strong>BR-KLASSIK \u2013 Classic Sounds in Jazz: Great people \u2013 great music<\/strong><\/p>\n<p style=\"padding-left: 40px;\">Mitrei\u00dfende, einf\u00fchlsame und \u00fcberraschende Kl\u00e4nge von S\u00e4ngerin Sarah Vaughan, Pianist Michel Petrucciani und Saxofonist Joe Lovano. Moderation und Auswahl: Ulrich Habersetzer<\/p>\n<p>20:03 bis 21:30 | Deutschlandfunk Kultur<br \/>\n<strong>Konzert: Erinnerungen an den Jazz-Klarinettisten Rolf K\u00fchn (1929-2022)<\/strong><\/p>\n<p style=\"padding-left: 40px;\">MIt Konzertausschnitten aus sechs Jahrzehnten vom Deutschen Jazzfestival Frankfurt, Jazzfest Berlin, Newport Jazz Festival u.a. Moderation: Matthias Wegner<\/p>\n<p>21:05 \u2013 22:00 UHR | SWR2<br \/>\n<strong>SWR2 NOWJazz: Vivid Energies \u2013 Der Schlagzeuger Ziggy Zeitgeist<\/strong><\/p>\n<p style=\"padding-left: 40px;\">Von Niklas Wandt. Zeke Ruckman alias Ziggy Zeitgeist trat in seiner Heimatstadt Melbourne als Mitglied des Kollektivs 30\/70 in Erscheinung \u2013 dessen Vintage-Jazzfunk fu\u00dft in instrumentalem Hip-Hop, House und Afrobeat. Seit 2019 ist der Schlagzeuger mit dem Faible f\u00fcr m\u00f6glichst kleine Sonnenbrillen in Berlin ans\u00e4ssig und leitet dort unter anderem das lose Kollektiv \u201eZeitgeist Freedom Energy Exchange\u201c. Hier b\u00fcndeln sich die vielseitigen musikalischen Interessen von Ziggy Zeitgeist in einem sehr slicken, elektronischen Sound, der den Geist von Spiritual Jazz und Rare Groove atmet.<\/p>\n<p>22:30 bis 23:00 | hr2-kultur<br \/>\n<strong>Jazzfacts: What\u2019s going on? \u2013 Features, Interviews und was die Szene (um-)treibt<\/strong><\/p>\n<p style=\"padding-left: 40px;\">Am Mikrofon: Karsten M\u00fctzelfeldt. Seit Jahrzehnten z\u00e4hlt der heute 72-J\u00e4hrige Enrico Pieranunzi zu den brillantesten Pianisten Europas. Er vereint europ\u00e4isches Erbe mit amerikanischer Jazz-Tradition. Im Laufe der Zeit hat sich der geb\u00fcrtige R\u00f6mer auch freieren Spielweisen ge\u00f6ffnet. Ein weiterer Teil seines Schaffens ist die kreative und klischeefreie Auseinandersetzung mit der Klassik.<\/p>\n<p>23:03 \u2013 24:00 | \u00d61<br \/>\n<strong>Runder Geburtstag eines Musik-Finders \u2013 Pr\u00e4zision und Emotion. Gerd K\u00fchr ist 70. <\/strong><\/p>\n<p style=\"padding-left: 40px;\">Mit seiner ruhigen und \u00fcberlegten Art ist K\u00fchr eine der interessantesten und konstantesten k\u00fcnstlerischen Stimmen \u00d6sterreichs. Als Professor f\u00fcr Komposition in Graz hat er au\u00dferdem Generationen von Komponierenden gepr\u00e4gt und gef\u00f6rdert. Heute feiert er seinen 70. Geburtstag. \u201eKomponieren hei\u00dft f\u00fcr mich weniger Erfinden als vielmehr Finden. Entdecken von Vorhandenem, Vor-Geschriebenem, Vor-Verfasstem. Die Autonomie des Komponierens scheint mir gebrochen durch das au\u00dferhalb von Musik liegende Gewebe von Geschichte(n), Menschen, Welt. Ich suche Pr\u00e4zision, Ann\u00e4herung in\/an Emotion, die Emotion in der Pr\u00e4zision.\u201c (Gerd K\u00fchr) Gestaltung: Franz Josef Kerstinger<\/p>\n<p>23:05 bis 00:00 | BR-KLASSIK<br \/>\n<strong>BR-KLASSIK \u2013 Jazztime: Jazz aus N\u00fcrnberg: Studio-Aufnahmen<\/strong><\/p>\n<p style=\"padding-left: 40px;\">Favorites 2022 \u2013 Aufnahmen mit Olga Reznichenko, Jonas Sorgenfrei, Aki Takase, Daniel Erdmann, Julian Lage und anderen. Moderation und Auswahl: Beate Sampson<\/p>\n<hr \/>\n<h2><a name=\"_Toc122431966\"><\/a>do \u2013 29.12.2022<\/h2>\n<hr \/>\n<p>21:05 bis 22:00 | Deutschlandfunk<br \/>\n<strong>JazzFacts: Auslese: Die Platten des Jahres 2022<\/strong><\/p>\n<p style=\"padding-left: 40px;\">Am Mikrofon: Thomas Loewner, Michael Engelbrecht und Karsten M\u00fctzelfeldt. Was waren die die Jazzalben des Jahres? Welche Neuver\u00f6ffentlichungen ragten heraus \u2013 und warum? Im Gespr\u00e4ch stellen die drei \u201eJazzFacts\u201d-Autoren Karsten M\u00fctzelfeldt, Michael Engelbrecht und Thomas Loewner ihre pers\u00f6nlichen Favoriten von 2022 vor und diskutieren dar\u00fcber.<\/p>\n<p>22:05 bis 23:00 | BR-KLASSIK<br \/>\n<strong>Horizonte: Musik der Gegenwart<\/strong><\/p>\n<p style=\"padding-left: 40px;\">Robin Hoffmann: \u201eKunst pfeifen\u201c (Robin Hoffmann, Singstimme; Manufaktur f\u00fcr aktuelle Musik); Neele H\u00fclcker: \u201eMitarbeit\u201c; Jani Christou: \u201eEpicycle\u201c (Manufaktur f\u00fcr aktuelle Musik); Robin Hoffmann: \u201eStra\u00dfenmusik\u201c (Bruce Collings, Posaune)<\/p>\n<p>22:30 bis 23:00 | hr2-kultur<br \/>\n<strong>Jazz Now<\/strong><\/p>\n<p style=\"padding-left: 40px;\">Am Mikrofon: Daniella Baumeister. Heute mit: Ilja Ruf &amp; Bernd Konrad: UTOPIA | Avram Fever: Juba Lee | Andreas Feith Quartet: Dance of the scarabs<\/p>\n<p>23:03 \u2013 24:00 | \u00d61<br \/>\n<strong>Kauders\u2019 Schlagzeug-Orchester\u00a0 \u2013 2022 revisited. \u201eGlop II\u201c von Kauders beim Elevate Festival.<\/strong><\/p>\n<p style=\"padding-left: 40px;\">Am Anfang stand ein H\u00f6rerlebnis aus zweiter Hand. Ein Freund erz\u00e4hlte Gottfried Krienzer aka Kauders von einem Konzert Glenn Brancas und seines Gitarrenorchesters. Kauders kannte Brancas Arbeit nicht und nachdem in den 1990er-Jahren Musik noch nicht so leicht \u00fcber das Internet verf\u00fcgbar war wie heute, lie\u00df der K\u00fcnstler seine Fantasie spielen und malte sich selbst aus, wie dieses Konzert mit all den vielen Gitarren wohl geklungen haben k\u00f6nnte. Langsam reifte die Vorstellung von Kauders\u2019 ganz eigenem Gitarrenorchester. Schlie\u00dflich begann der Musiker verschiedene Gitarrenstimmen einzuspielen, um sie in seinem Computer \u00fcbereinanderzuschichten. Zehn Jahre lang experimentierte er, um die bestm\u00f6glichen Kombinationen zu finden. So entstand \u201eGlop\u201c f\u00fcr die zweite Platte von Kauders\u2019 \u201eIn Another Land\u201c-Trilogie.<\/p>\n<p style=\"padding-left: 40px;\">F\u00fcr das ORF musikprotokoll 2019 entwickelte der Musiker dann eine Live-Version dieses St\u00fcckes f\u00fcr 23 Gitarrist:innen. Mitte Juli fand nun beim Elevate Festival die Urauff\u00fchrung von \u201eGlop II\u201c statt, ankn\u00fcpfend an ein St\u00fcck aus \u201eIn Another Land Part III\u201c. Diesmal hat der Musiker zw\u00f6lf Schlagzeuger:innen eingeladen, die \u2013 jeweils in dem ihnen zugedachten Tempo spielend \u2013 ein komplexes, mal sehr dichtes und dann wieder ganz reduziertes Rhythmusgeflecht entstehen lie\u00dfen. Gestaltung: Susanna Niedermayr<\/p>\n<p>23:05 bis 00:00 | BR-KLASSIK<br \/>\n<strong>BR-KLASSIK \u2013 Jazztime: All that Jazz \u2013 \u201eLieblingsst\u00fccke 2022\u201c<\/strong><\/p>\n<p style=\"padding-left: 40px;\">Moderation und Auswahl: Marcus A. Woelfle<\/p>\n<h2><a name=\"_Toc122431967\"><\/a><\/h2>\n<hr \/>\n<h2><a name=\"_Toc122431967\"><\/a>fr \u2013 30.12.2022<\/h2>\n<hr \/>\n<p>14:05:00 | \u00d61<br \/>\n<strong>Das Don Friedman Quartett und ein Saxofonisten-Gipfeltreffen <\/strong><\/p>\n<p style=\"padding-left: 40px;\">Am 5. Juli 2008 gastiert der US-amerikanische Pianist Don Friedman zusammen mit dem Baritonsaxofonisten Gary Smulyan, dem Bassisten Martin Wind und dem Schlagzeuger Joe LaBarbera beim Festival JazzBaltica in Norddeutschland. Nach dem 45-min\u00fctigen Set schlie\u00dft sich eine hochkar\u00e4tige Saxofonistenrunde dem Quartett f\u00fcr eine Jamsession an: der Deutsche Johannes Enders, der Italiener Stefano Di Battista sowie die US-Kollegen Greg Osby, Scott Robinson, Rudresh Mahanthappa und -last, but not least -der aus Cleveland stammende Joe Lovano, der den solistischen Reigen im Zuge des von Gene De Paul und Don Raye komponierten Jazz-Standards \u201eStar Eyes\u201c er\u00f6ffnet. Letzterer steht bei dieser Konzertaufnahme besonders im Fokus: Am 29. Dezember 2022 feiert Joe Lovano seinen 70. Geburtstag. Gestaltung: Klaus Wienerroither<\/p>\n<p>19:05 bis 20:00 | BR-KLASSIK<br \/>\n<strong>Das Musik-Feature: Homo fanaticus \u2013 Der Fankult in der Klassik<\/strong><\/p>\n<p style=\"padding-left: 40px;\">Sie gehen in jedes Konzert oder jede Auff\u00fchrung, die sie erwischen k\u00f6nnen, manchmal seit Jahrzehnten. Sie wissen an dem Abend mehr \u00fcber Werk und K\u00fcnstler als der Rest des Publikums und k\u00f6nnen daher auch ganz sch\u00f6n kritisch sein \u2013 aber auch ganz laut jubeln. Ohne sie, die Fans, gibt es keine Stars. Das war schon beim legend\u00e4ren Kastraten Farinelli oder dem \u201eTeufelsgeiger\u201c Paganini so. BR-KLASSIK hat sich mit Fans, K\u00fcnstlern und Konzertveranstaltern getroffen. Tenor Joseph Calleja, Sopranistin Christiane Karg, Komponist Moritz Eggert und andere erz\u00e4hlen von Fan-Kultur und Fan-Begegnungen. Und nat\u00fcrlich berichten auch die Fans, warum sie f\u00fcr einen speziellen Star oder auch die Bamberger Symphoniker allgemein schw\u00e4rmen. Eine Sendung von Felicia Englmann<\/p>\n<p>22:05 bis 22:50 | Deutschlandfunk<br \/>\n<strong>Milestones \u2013 Bluesklassiker: Cream \u201eDisraeli Gears\u201c (1967)<\/strong><\/p>\n<p style=\"padding-left: 40px;\">Am Mikrofon: Tim Schauen. Supergroup: Das englisch-schottische Trio Cream war wohl die erste Formation der Musikgeschichte, die diese Zuschreibung erhielt, denn mit Gitarrist Eric Clapton, Ginger Baker am Schlagzeug und Bassist Jack Bruce war die Band prominent besetzt. Doch gerade die Mischung gro\u00dfer Egos mit gro\u00dfen musikalischen F\u00e4higkeiten produzierte einerseits schnell interne zwischenmenschliche Spannungen, allerdings auch einige veritable Musikinnovationen. Auf ihrem zweiten Album, das den Titel \u201eDisraeli Gears\u201d tr\u00e4gt, mischt Cream Blues und Rock mit psychedelischen Zutaten, langen Improvisationen und Jazz-Einfl\u00fcssen. Es beinhaltet zudem mit \u201eSunshine of your love\u201d einen ikonografischen Song, der bis heute im Mainstream-Radio und auf Konzertb\u00fchnen gespielt wird. Das Album, vor 55 Jahren erschienen, ist: ein Bluesklassiker.<\/p>\n<p>23:03 \u2013 24:00 | \u00d61<br \/>\n<strong>Mehr als Tontechnik \u2013 Berufung: Klangregisseurin \u2013 2022 revisited. Christina Bauer, Meisterin am Mischpult im Zeit-Ton Portr\u00e4t<\/strong><\/p>\n<p style=\"padding-left: 40px;\">Mittig im Konzertsaal an einem riesigen Mischpult positioniert, stets dezent in schwarz gekleidet agierend, sind bei Veranstaltungen oftmals Klangregisseure zugegen. Gerade die zeitgen\u00f6ssische Musik erfordert h\u00e4ufig eine Mitwirkung professionell ausgebildeter Tontechnikexpertinnen und -experten. Christina Bauer ist eine der wenigen Frauen in diesem Metier und arbeitet als freiberufliche Klangregisseurin mit Auftraggebern wie der Neuen Oper Wien, dem Klangforum Wien, dem Black Page Orchestra, den Salzburger Festspielen oder dem Ersten Wiener Gem\u00fcseorchester. Letzteres w\u00e4re ohne die ausgefeilte Verst\u00e4rkung der einzelnen selbstgefertigten Instrumente und deren sensibler Abmischung durch die geb\u00fcrtige Nieder\u00f6sterreicherin kaum so erfolgreich mit seinem k\u00fcnstlerischen Ergebnis.<\/p>\n<p style=\"padding-left: 40px;\">In diesem Zeit-Ton Portr\u00e4t, das erstmals am 8. M\u00e4rz \u2013 dem Internationalen Frauentag \u2013 gesendet wurde, gibt Christina Bauer Einblicke in ihre Arbeit, die Kollaboration mit Musiker:innen und Komponist:innen, die speziellen Herausforderungen bei szenischen Produktionen und den Anliegen der daran beteiligten Regisseur:innen \u2013 wobei auch pers\u00f6nlicher Geschmack und Vorlieben in Hinblick auf das akustische Ergebnis eine nicht zu untersch\u00e4tzende Rolle spielen. In den vergangenen zwanzig Jahren hat sich aufgrund der technischen Entwicklung und dem damit einhergehenden Zugang f\u00fcr viele, weil die Produktionsmittel leistbar geworden sind, \u201eeine Demokratisierung und ein vermehrter Austausch \u00fcber die Herangehensweisen ergeben \u2013 eine spannende Entwicklung\u201c, meint Christina Bauer. In einem ausf\u00fchrlichen Gespr\u00e4ch stellt die Klangregisseurin zudem Werke und Aufnahmen vor, die ihr besonders am Herzen liegen und anhand derer ihre Arbeit h\u00f6rbar ist. Gestaltung: Marie-Therese Rudolph<\/p>\n<p>23:05 bis 00:00 | BR-KLASSIK<br \/>\n<strong>BR-KLASSIK \u2013 Jazztime: Jazz Unlimited<\/strong><\/p>\n<p style=\"padding-left: 40px;\">Favorites 2022: Mit Musik von Eva Klesse, Tobias Hoffmann, Keith Jarrett, John Scofield, Matt Carmichael und anderen.. Moderation und Auswahl: Roland Spiegel<\/p>\n<h2><a name=\"_Toc122431968\"><\/a><\/h2>\n<hr \/>\n<h2><a name=\"_Toc122431968\"><\/a>sa \u2013 31.12.2022 \u2013 Silvester<\/h2>\n<hr \/>\n<p>14:05 bis 15:00 | BR-KLASSIK<br \/>\n<strong>Das Musik-Feature: Homo fanaticus \u2013 Der Fankult in der Klassik<\/strong><\/p>\n<p style=\"padding-left: 40px;\">Sie gehen in jedes Konzert oder jede Auff\u00fchrung, die sie erwischen k\u00f6nnen, manchmal seit Jahrzehnten. Sie wissen an dem Abend mehr \u00fcber Werk und K\u00fcnstler als der Rest des Publikums und k\u00f6nnen daher auch ganz sch\u00f6n kritisch sein \u2013 aber auch ganz laut jubeln. Ohne sie, die Fans, gibt es keine Stars. Das war schon beim legend\u00e4ren Kastraten Farinelli oder dem \u201eTeufelsgeiger\u201c Paganini so. BR-KLASSIK hat sich mit Fans, K\u00fcnstlern und Konzertveranstaltern getroffen. Tenor Joseph Calleja, Sopranistin Christiane Karg, Komponist Moritz Eggert und andere erz\u00e4hlen von Fan-Kultur und Fan-Begegnungen. Und nat\u00fcrlich berichten auch die Fans, warum sie f\u00fcr einen speziellen Star oder auch die Bamberger Symphoniker allgemein schw\u00e4rmen. Eine Sendung von Felicia Englmann<\/p>\n<p>17:00 bis 19:00 | hr2-kultur<br \/>\n<strong>hr2-Kulturlunch: In Lauterbach hab\u2019 ich mein Strumpf verlor\u2019n\u2026<\/strong><\/p>\n<p style=\"padding-left: 40px;\">Mit Fraa Rauscher geht es diesmal durch\u2019s Musikland Hessen. Vom Wirtshaus an der Lahn bis zum Baum im Odenwald und durch die Klappergass\u2019 in Frankfurt-Sachsenhausen. Eine Aufzeichnung vom 22. Mai 2022.<\/p>\n<p style=\"padding-left: 40px;\">\u201eQuartertone\u201c: Darius Blair, Saxophon; Finn Heine, Gitarre; Jan Iser, Schlagzeug; Luis Schell, Bass sowie Tom Schl\u00fcter, Klavier. Rezitation: Matthias Renneisen. Moderation: Bianca Schwarz<\/p>\n<p style=\"padding-left: 40px;\">Anl\u00e4sslich der hessenweiten Aktion \u201eEin Tag f\u00fcr die Musik\u201c begaben wir uns auf Spurensuche nach hessischen Volksliedern, einschl\u00e4giger Literatur und verlorenen Str\u00fcmpfen.<\/p>\n<p style=\"padding-left: 40px;\">Mit dabei ist das Jazz-Quartett \u201eQuartertone\u201c (Preistr\u00e4ger Jugend Jazzt 2021) um den Saxophonisten Darius Blair, zudem Arrangeur Tom Schl\u00fcter am Piano. Sie beweisen unter anderem, dess die Fraa Rauscher auch escht fetzisch k\u00f6nne tut\u2026<\/p>\n<p>23:03:00 | \u00d61<br \/>\n<strong>Niki Popper im Studio, zehn Jahre \u00d61 Silvester-Jazznacht <\/strong><\/p>\n<p style=\"padding-left: 40px;\">Zu Gast im Studio ist Nikolas Popper, bekannt als Niki Popper. Der 1974 in Wien geborene Simulationsforscher, Hochschullehrer und Unternehmer erlangte durch seine Computermodelle zur Covid-19-Pandemie \u00fcberregionale Bekanntheit. 2021 wurde er zum \u201e\u00d6sterreicher des Jahres\u201c in der Kategorie Forschung gew\u00e4hlt. Im Gespr\u00e4ch mit Christian Bakonyi wird Niki Popper dar\u00fcber Auskunft geben, warum er Mathematik, Philosophie und Jazztheorie studiert hat, und welche Verbindungen es zwischen diesen Disziplinen gibt. Das Thema \u201eCorona\u201c wird nicht ganz ausgespart bleiben, vor allem wird Popper aber \u00fcber die von ihm pers\u00f6nlich f\u00fcr diese Sendung ausgew\u00e4hlte Musik plaudern.Weiters bringt die \u00d61 Silvester-Jazznacht eine R\u00fcckschau auf die Themen der Sendungen der vergangenen Dekade. Am 1. J\u00e4nner 2012 ging die erste \u00d61 Silvester-Jazznacht on air, seither vollzieht \u00d61 mit ihr den Jahreswechsel. Jazz aus \u00d6sterreich, mit einer Reise durch die Bundesl\u00e4nder, Jazz aus verschiedenen Kontinenten innerhalb unterschiedlicher Zeitzonen, Musik zu R\u00e4tseln, Scherzen und Witzen sowie Party-Jazz lauteten u. a. die Mottos der Silvester-Jazz-N\u00e4chte, auf die Christian Bakonyi noch einmal zur\u00fcckkommen wird. Gestaltung: Christian Bakonyi<\/p>\n<h2><a name=\"_Toc122431969\"><\/a><\/h2>\n<hr \/>\n<h2><a name=\"_Toc122431969\"><\/a>so \u2013 01.01.2023 \u2013 Neues Jahr<\/h2>\n<hr \/>\n<p>00:03 bis 03:00 | Bayern 2<br \/>\n<strong>radioJazznacht extra: Lieblings-Neujahrs-Jazzst\u00fccke der Jazzredaktion<\/strong><\/p>\n<p style=\"padding-left: 40px;\">Lieblings-Neujahrs-Jazzst\u00fccke der Jazzredaktion. Mit Beate Sampson, Ulrich Habersetzer und Roland Spiegel<\/p>\n<p>00:08:00 | \u00d61<br \/>\n<strong>(Fortsetzung) Niki Popper im Studio, zehn Jahre \u00d61-Silvester-Jazznacht<\/strong><\/p>\n<p>03:00 bis 04:58 | Bayern 2<br \/>\n<strong>radioJazznacht extra: Bags\u2019 Groove \u2013 zum 100. Geburtstag des Vibraphonisten Milt Jackson<\/strong><\/p>\n<p style=\"padding-left: 40px;\">In Aufnahmen mit dem Modern Jazz Quartet sowie Dizzy Gillespie, Cannonball Adderley, Wes Montgomery, Thelonious Monk, John Coltrane, Marion Williams und Charlie Parker. Moderation und Auswahl: Marcus A. Woelfle. Wie kein zweiter verk\u00f6rperte \u201eBags\u201c das moderne Vibraphonspiel im Jazz. Milt \u201eBags\u201c Jackson, dessen Geburtstag sich Neujahr zum 100. Mal j\u00e4hrt, f\u00fchrte das Vibraphon in den 40er Jahren in den Bebop ein und besa\u00df den w\u00e4rmsten Sound, der je dem metallischen Instrument entlockt wurde. Zu h\u00f6ren ist er in der Sendung unter anderem in Aufnahmen mit dem Modern Jazz Quartet sowie Dizzy Gillespie, Cannonball Adderley, Wes Montgomery, Thelonious Monk, John Coltrane, Marion Williams und Charlie Parker.<\/p>\n<p>23:00 bis 00:00 | rbbKultur<br \/>\n<strong>Late Night Jazz: Mallet Man: Milt Jackson zum 100. Geburtstag<\/strong><\/p>\n<p style=\"padding-left: 40px;\">Moderation: Henry Altmann. Milt Jackson (1923-1999) war ein Blues-getr\u00e4nkter, offensiv spielender Instinktmusiker, 50 Jahre lang Antipode und Erg\u00e4nzung des Pianisten John Lewis im Modern Jazz Quartet. Er war der erste Vibraphonist des Bebop, der bekannteste aller Spitzenkl\u00f6ppler, der die klingenden Platten zum Singen brachte. Jackson definierte nicht nur das Vibraphonspiel, seine Aufnahmen mit gro\u00dfen Stilisten des Jazz wie Miles Davis, Dizzy Gillespie, Cannonball Adderley oder Thelonious Monk geh\u00f6ren zu den unverzichtbaren Wegweisern der Jazzgeschichte. Am 1. Januar j\u00e4hrt sich Milt Jacksons Geburtstag zum 100. Mal.<\/p>\n<p>23:05 bis 00:00 | Bayern 2<br \/>\n<strong>Nachtmix: Pharoah Sanders \u2013 Der Klangkosmos eines Saxofonisten und Heilers<\/strong><\/p>\n<p style=\"padding-left: 40px;\">Mit Judith Schnaubelt. Pharoah Sanders war ein Zauberer am Tenorsaxofon. Bis kurz vor seinem seinem Tod am 24. September 2022 in Los Angeles, war er ebenfalls einer der letzten aktiven Meister aus den Hochzeiten der improvisierten, freien Musik vor 50, 60 Jahren, aber auch des Spiritual Jazz und der Fusion mit den Grooves aus aller Welt. Auf seinem grandiosen letzten Album \u201ePromises\u201c mit Floating Points und The London Symphony Orchestra bilden elektronische Musik, Klassik und Pharoahs meditatives Spiel eine Symbiose, wie sie die Welt noch nicht geh\u00f6rt hat. Man k\u00f6nnte diese Musik erleuchtet nennen. Sanders selbst hat einmal gesagt: \u201eIch m\u00f6chte das Publikum auf eine spirituelle Reise mitnehmen; ich m\u00f6chte sie aufr\u00fctteln, sie begeistern. Dann bringe ich sie mit einem beruhigenden Gef\u00fchl zur\u00fcck:\u201c\u00a0 Er konnte seinem Instrument aber auch T\u00f6ne entlocken, die wie verzweifelte Schreie klangen. Zum Beispiel f\u00fcr eine neuere Version des \u201eThis is Madness\u201c \u2013 Raps der Last Poets. Im Lauf der Jahrzehnte hat Saxophonist Pharoah Sanders immer mehr Fans und Kollegen aus anderen Musik-Genres wie Hip Hop, Pop, Rock oder Electronic Music gewonnen. Von David Byrne, Giles Peterson bis Cat Power. Zudem verehren ihn Musiker der j\u00fcngeren jazzenden Generation. Deren Star Kamas Washington aus L.A. ruft dem Meister nach: \u201eIch war mehr inspiriert, als es Worte sagen k\u00f6nnen. Danke, dass du diese Welt zu einem sch\u00f6neren Ort gemacht hast als sie es vor Deinem\u00a0Erscheinen war.\u201c Judith Schnaubelt taucht in diesen \u201eNachtmix\u201c noch einmal tief in Pharao Sanders Klangkosmos hinein.\u00a0Wiederholung vom 8. Oktober 2022.<\/p>\n<p>&nbsp;<\/p>\n<p>&nbsp;<\/p>\n","protected":false},"excerpt":{"rendered":"<p>Ein kleiner Blick in die Radiowoche 52. Die \u00dcbersicht zum Download als PDF. Alle Angaben ohne Gew\u00e4hr. Erg\u00e4nzt mit den tollen Sendungen zur Neuen Musik von BR-KLASSIK und \u00d61. Inhalt Senderliste: 1 mo \u2013 26.12.2022 \u2013 Stephani 2 di \u2013 27.12.2022. 2 mi \u2013 28.12.2022. 4 do \u2013 29.12.2022. 4 fr \u2013 30.12.2022. 5 sa \u2013 31.12.2022 \u2013 Silvester. 7 so \u2013 01.01.2023 \u2013 Neues Jahr. 7 Senderliste: ORF \u2013 \u00d61 Deutschlandfunk \u2013 \u201eFakten und mehr\u201c Deutschlandfunk-Kultur \u2013 \u201eDas Feuilleton im Radio\u201c ndr Kultur \u2013 H\u00f6ren und genie\u00dfen radio bremen \u2013 Neugier lohnt sich. rbb-kultur \u2013 DEINE OHREN WERDEN AUGEN MACHEN. mdr-kultur \u2013 Das Radio. wdr3 \u2013 Das Kulturradio hr2-kultur \u2013 Das Kulturradio f\u00fcr Hessen. sr2 Kulturradio \u2013 \u2026 gut zu h\u00f6ren. swr2 \u2013 Kultur neu entdecken BR-KLASSIK \u2013 Klassikstars geben auf BR-KLASSIK den Ton an. Attraktive Magazine bringen Interviews und Neuigkeiten aus dem Musikleben. Bayern 2 \u2013 Preisgekr\u00f6ntes Radio f\u00fcr H\u00f6rer, die mehr wissen wollen mo \u2013 26.12.2022 \u2013 Stephani 17:10:00 | \u00d61 Ein Trip nach New York mit Roland Kovac, Dave Brubeck und Kevin Na\u00dfhan Entfliehen Sie dem Feiertagsstress mit einem Kurztrip nach &hellip;<\/p>\n","protected":false},"author":1,"featured_media":16028,"comment_status":"open","ping_status":"closed","sticky":false,"template":"","format":"standard","meta":{"_jetpack_memberships_contains_paid_content":false,"footnotes":"","jetpack_publicize_message":"","jetpack_publicize_feature_enabled":true,"jetpack_social_post_already_shared":false,"jetpack_social_options":{"image_generator_settings":{"template":"highway","default_image_id":0,"font":"","enabled":false},"version":2}},"categories":[633,452],"tags":[1629],"coauthors":[650],"class_list":["post-28801","post","type-post","status-publish","format-standard","has-post-thumbnail","hentry","category-nachrichten","category-radio","tag-jazz-im-radio"],"yoast_head":"<!-- This site is optimized with the Yoast SEO plugin v27.5 - https:\/\/yoast.com\/product\/yoast-seo-wordpress\/ -->\n<title>Die erweiterte Jazz-Radiowoche vom 26.12.2022 bis 01.01.2023 - JazzZeitung<\/title>\n<meta name=\"robots\" content=\"index, follow, max-snippet:-1, max-image-preview:large, max-video-preview:-1\" \/>\n<link rel=\"canonical\" href=\"https:\/\/www.jazzzeitung.de\/cms\/2022\/12\/die-erweiterte-jazz-radiowoche-vom-26-12-2022-bis-01-01-2023\/\" \/>\n<meta property=\"og:locale\" content=\"de_DE\" \/>\n<meta property=\"og:type\" content=\"article\" \/>\n<meta property=\"og:title\" content=\"Die erweiterte Jazz-Radiowoche vom 26.12.2022 bis 01.01.2023 - JazzZeitung\" \/>\n<meta property=\"og:description\" content=\"Ein kleiner Blick in die Radiowoche 52. Die \u00dcbersicht zum Download als PDF. Alle Angaben ohne Gew\u00e4hr. Erg\u00e4nzt mit den tollen Sendungen zur Neuen Musik von BR-KLASSIK und \u00d61. Inhalt Senderliste: 1 mo \u2013 26.12.2022 \u2013 Stephani 2 di \u2013 27.12.2022. 2 mi \u2013 28.12.2022. 4 do \u2013 29.12.2022. 4 fr \u2013 30.12.2022. 5 sa \u2013 31.12.2022 \u2013 Silvester. 7 so \u2013 01.01.2023 \u2013 Neues Jahr. 7 Senderliste: ORF \u2013 \u00d61 Deutschlandfunk \u2013 \u201eFakten und mehr\u201c Deutschlandfunk-Kultur \u2013 \u201eDas Feuilleton im Radio\u201c ndr Kultur \u2013 H\u00f6ren und genie\u00dfen radio bremen \u2013 Neugier lohnt sich. rbb-kultur \u2013 DEINE OHREN WERDEN AUGEN MACHEN. mdr-kultur \u2013 Das Radio. wdr3 \u2013 Das Kulturradio hr2-kultur \u2013 Das Kulturradio f\u00fcr Hessen. sr2 Kulturradio \u2013 \u2026 gut zu h\u00f6ren. swr2 \u2013 Kultur neu entdecken BR-KLASSIK \u2013 Klassikstars geben auf BR-KLASSIK den Ton an. Attraktive Magazine bringen Interviews und Neuigkeiten aus dem Musikleben. Bayern 2 \u2013 Preisgekr\u00f6ntes Radio f\u00fcr H\u00f6rer, die mehr wissen wollen mo \u2013 26.12.2022 \u2013 Stephani 17:10:00 | \u00d61 Ein Trip nach New York mit Roland Kovac, Dave Brubeck und Kevin Na\u00dfhan Entfliehen Sie dem Feiertagsstress mit einem Kurztrip nach &hellip;\" \/>\n<meta property=\"og:url\" content=\"https:\/\/www.jazzzeitung.de\/cms\/2022\/12\/die-erweiterte-jazz-radiowoche-vom-26-12-2022-bis-01-01-2023\/\" \/>\n<meta property=\"og:site_name\" content=\"JazzZeitung\" \/>\n<meta property=\"article:publisher\" content=\"https:\/\/www.facebook.com\/JazzZeitung\/\" \/>\n<meta property=\"article:author\" content=\"https:\/\/www.facebook.com\/hufner\" \/>\n<meta property=\"article:published_time\" content=\"2022-12-25T11:00:13+00:00\" \/>\n<meta property=\"og:image\" content=\"https:\/\/i0.wp.com\/www.jazzzeitung.de\/cms\/wp-content\/uploads\/2018\/05\/radio-jazz_journalisten.jpg?fit=2048%2C1536&ssl=1\" \/>\n\t<meta property=\"og:image:width\" content=\"2048\" \/>\n\t<meta property=\"og:image:height\" content=\"1536\" \/>\n\t<meta property=\"og:image:type\" content=\"image\/jpeg\" \/>\n<meta name=\"author\" content=\"Martin Hufner\" \/>\n<script type=\"application\/ld+json\" class=\"yoast-schema-graph\">{\"@context\":\"https:\\\/\\\/schema.org\",\"@graph\":[{\"@type\":\"Article\",\"@id\":\"https:\\\/\\\/www.jazzzeitung.de\\\/cms\\\/2022\\\/12\\\/die-erweiterte-jazz-radiowoche-vom-26-12-2022-bis-01-01-2023\\\/#article\",\"isPartOf\":{\"@id\":\"https:\\\/\\\/www.jazzzeitung.de\\\/cms\\\/2022\\\/12\\\/die-erweiterte-jazz-radiowoche-vom-26-12-2022-bis-01-01-2023\\\/\"},\"author\":{\"name\":\"Martin Hufner\",\"@id\":\"https:\\\/\\\/www.jazzzeitung.de\\\/cms\\\/#\\\/schema\\\/person\\\/b9a4e5ac765d94fb8f617bfa8f1fc5f7\"},\"headline\":\"Die erweiterte Jazz-Radiowoche vom 26.12.2022 bis 01.01.2023\",\"datePublished\":\"2022-12-25T11:00:13+00:00\",\"mainEntityOfPage\":{\"@id\":\"https:\\\/\\\/www.jazzzeitung.de\\\/cms\\\/2022\\\/12\\\/die-erweiterte-jazz-radiowoche-vom-26-12-2022-bis-01-01-2023\\\/\"},\"wordCount\":3445,\"commentCount\":0,\"publisher\":{\"@id\":\"https:\\\/\\\/www.jazzzeitung.de\\\/cms\\\/#organization\"},\"image\":{\"@id\":\"https:\\\/\\\/www.jazzzeitung.de\\\/cms\\\/2022\\\/12\\\/die-erweiterte-jazz-radiowoche-vom-26-12-2022-bis-01-01-2023\\\/#primaryimage\"},\"thumbnailUrl\":\"https:\\\/\\\/i0.wp.com\\\/www.jazzzeitung.de\\\/cms\\\/wp-content\\\/uploads\\\/2018\\\/05\\\/radio-jazz_journalisten.jpg?fit=2048%2C1536&ssl=1\",\"keywords\":[\"Jazz im Radio\"],\"articleSection\":[\"News\",\"Radio\"],\"inLanguage\":\"de\",\"potentialAction\":[{\"@type\":\"CommentAction\",\"name\":\"Comment\",\"target\":[\"https:\\\/\\\/www.jazzzeitung.de\\\/cms\\\/2022\\\/12\\\/die-erweiterte-jazz-radiowoche-vom-26-12-2022-bis-01-01-2023\\\/#respond\"]}]},{\"@type\":\"WebPage\",\"@id\":\"https:\\\/\\\/www.jazzzeitung.de\\\/cms\\\/2022\\\/12\\\/die-erweiterte-jazz-radiowoche-vom-26-12-2022-bis-01-01-2023\\\/\",\"url\":\"https:\\\/\\\/www.jazzzeitung.de\\\/cms\\\/2022\\\/12\\\/die-erweiterte-jazz-radiowoche-vom-26-12-2022-bis-01-01-2023\\\/\",\"name\":\"Die erweiterte Jazz-Radiowoche vom 26.12.2022 bis 01.01.2023 - JazzZeitung\",\"isPartOf\":{\"@id\":\"https:\\\/\\\/www.jazzzeitung.de\\\/cms\\\/#website\"},\"primaryImageOfPage\":{\"@id\":\"https:\\\/\\\/www.jazzzeitung.de\\\/cms\\\/2022\\\/12\\\/die-erweiterte-jazz-radiowoche-vom-26-12-2022-bis-01-01-2023\\\/#primaryimage\"},\"image\":{\"@id\":\"https:\\\/\\\/www.jazzzeitung.de\\\/cms\\\/2022\\\/12\\\/die-erweiterte-jazz-radiowoche-vom-26-12-2022-bis-01-01-2023\\\/#primaryimage\"},\"thumbnailUrl\":\"https:\\\/\\\/i0.wp.com\\\/www.jazzzeitung.de\\\/cms\\\/wp-content\\\/uploads\\\/2018\\\/05\\\/radio-jazz_journalisten.jpg?fit=2048%2C1536&ssl=1\",\"datePublished\":\"2022-12-25T11:00:13+00:00\",\"breadcrumb\":{\"@id\":\"https:\\\/\\\/www.jazzzeitung.de\\\/cms\\\/2022\\\/12\\\/die-erweiterte-jazz-radiowoche-vom-26-12-2022-bis-01-01-2023\\\/#breadcrumb\"},\"inLanguage\":\"de\",\"potentialAction\":[{\"@type\":\"ReadAction\",\"target\":[\"https:\\\/\\\/www.jazzzeitung.de\\\/cms\\\/2022\\\/12\\\/die-erweiterte-jazz-radiowoche-vom-26-12-2022-bis-01-01-2023\\\/\"]}]},{\"@type\":\"ImageObject\",\"inLanguage\":\"de\",\"@id\":\"https:\\\/\\\/www.jazzzeitung.de\\\/cms\\\/2022\\\/12\\\/die-erweiterte-jazz-radiowoche-vom-26-12-2022-bis-01-01-2023\\\/#primaryimage\",\"url\":\"https:\\\/\\\/i0.wp.com\\\/www.jazzzeitung.de\\\/cms\\\/wp-content\\\/uploads\\\/2018\\\/05\\\/radio-jazz_journalisten.jpg?fit=2048%2C1536&ssl=1\",\"contentUrl\":\"https:\\\/\\\/i0.wp.com\\\/www.jazzzeitung.de\\\/cms\\\/wp-content\\\/uploads\\\/2018\\\/05\\\/radio-jazz_journalisten.jpg?fit=2048%2C1536&ssl=1\",\"width\":2048,\"height\":1536,\"caption\":\"Jazz im Radio. Foto\\\/Montage: Hufner\"},{\"@type\":\"BreadcrumbList\",\"@id\":\"https:\\\/\\\/www.jazzzeitung.de\\\/cms\\\/2022\\\/12\\\/die-erweiterte-jazz-radiowoche-vom-26-12-2022-bis-01-01-2023\\\/#breadcrumb\",\"itemListElement\":[{\"@type\":\"ListItem\",\"position\":1,\"name\":\"Startseite\",\"item\":\"https:\\\/\\\/www.jazzzeitung.de\\\/cms\\\/\"},{\"@type\":\"ListItem\",\"position\":2,\"name\":\"Die erweiterte Jazz-Radiowoche vom 26.12.2022 bis 01.01.2023\"}]},{\"@type\":\"WebSite\",\"@id\":\"https:\\\/\\\/www.jazzzeitung.de\\\/cms\\\/#website\",\"url\":\"https:\\\/\\\/www.jazzzeitung.de\\\/cms\\\/\",\"name\":\"JazzZeitung\",\"description\":\"Jazz-News und Jazz-Kontroverses\",\"publisher\":{\"@id\":\"https:\\\/\\\/www.jazzzeitung.de\\\/cms\\\/#organization\"},\"potentialAction\":[{\"@type\":\"SearchAction\",\"target\":{\"@type\":\"EntryPoint\",\"urlTemplate\":\"https:\\\/\\\/www.jazzzeitung.de\\\/cms\\\/?s={search_term_string}\"},\"query-input\":{\"@type\":\"PropertyValueSpecification\",\"valueRequired\":true,\"valueName\":\"search_term_string\"}}],\"inLanguage\":\"de\"},{\"@type\":\"Organization\",\"@id\":\"https:\\\/\\\/www.jazzzeitung.de\\\/cms\\\/#organization\",\"name\":\"JazzZeitung online\",\"url\":\"https:\\\/\\\/www.jazzzeitung.de\\\/cms\\\/\",\"logo\":{\"@type\":\"ImageObject\",\"inLanguage\":\"de\",\"@id\":\"https:\\\/\\\/www.jazzzeitung.de\\\/cms\\\/#\\\/schema\\\/logo\\\/image\\\/\",\"url\":\"https:\\\/\\\/i0.wp.com\\\/www.jazzzeitung.de\\\/cms\\\/wp-content\\\/uploads\\\/2015\\\/08\\\/JAZZZEITUNGDE_Logo_Neu.png?fit=499%2C200&ssl=1\",\"contentUrl\":\"https:\\\/\\\/i0.wp.com\\\/www.jazzzeitung.de\\\/cms\\\/wp-content\\\/uploads\\\/2015\\\/08\\\/JAZZZEITUNGDE_Logo_Neu.png?fit=499%2C200&ssl=1\",\"width\":499,\"height\":200,\"caption\":\"JazzZeitung online\"},\"image\":{\"@id\":\"https:\\\/\\\/www.jazzzeitung.de\\\/cms\\\/#\\\/schema\\\/logo\\\/image\\\/\"},\"sameAs\":[\"https:\\\/\\\/www.facebook.com\\\/JazzZeitung\\\/\"]},{\"@type\":\"Person\",\"@id\":\"https:\\\/\\\/www.jazzzeitung.de\\\/cms\\\/#\\\/schema\\\/person\\\/b9a4e5ac765d94fb8f617bfa8f1fc5f7\",\"name\":\"Martin Hufner\",\"image\":{\"@type\":\"ImageObject\",\"inLanguage\":\"de\",\"@id\":\"https:\\\/\\\/i0.wp.com\\\/www.jazzzeitung.de\\\/cms\\\/wp-content\\\/uploads\\\/2013\\\/07\\\/huf-06.jpg?resize=96%2C96&ssl=15fcc31aa94540751a3b804516452be00\",\"url\":\"https:\\\/\\\/i0.wp.com\\\/www.jazzzeitung.de\\\/cms\\\/wp-content\\\/uploads\\\/2013\\\/07\\\/huf-06.jpg?resize=96%2C96&ssl=1\",\"contentUrl\":\"https:\\\/\\\/i0.wp.com\\\/www.jazzzeitung.de\\\/cms\\\/wp-content\\\/uploads\\\/2013\\\/07\\\/huf-06.jpg?resize=96%2C96&ssl=1\",\"caption\":\"Martin Hufner\"},\"description\":\"Martin Hufner ist freier Autor der JazzZeitung.\",\"sameAs\":[\"https:\\\/\\\/www.kritische-masse.de\\\/logbuch\",\"https:\\\/\\\/www.facebook.com\\\/hufner\"],\"url\":\"https:\\\/\\\/www.jazzzeitung.de\\\/cms\\\/author\\\/admin\\\/\"}]}<\/script>\n<!-- \/ Yoast SEO plugin. -->","yoast_head_json":{"title":"Die erweiterte Jazz-Radiowoche vom 26.12.2022 bis 01.01.2023 - JazzZeitung","robots":{"index":"index","follow":"follow","max-snippet":"max-snippet:-1","max-image-preview":"max-image-preview:large","max-video-preview":"max-video-preview:-1"},"canonical":"https:\/\/www.jazzzeitung.de\/cms\/2022\/12\/die-erweiterte-jazz-radiowoche-vom-26-12-2022-bis-01-01-2023\/","og_locale":"de_DE","og_type":"article","og_title":"Die erweiterte Jazz-Radiowoche vom 26.12.2022 bis 01.01.2023 - JazzZeitung","og_description":"Ein kleiner Blick in die Radiowoche 52. Die \u00dcbersicht zum Download als PDF. Alle Angaben ohne Gew\u00e4hr. Erg\u00e4nzt mit den tollen Sendungen zur Neuen Musik von BR-KLASSIK und \u00d61. Inhalt Senderliste: 1 mo \u2013 26.12.2022 \u2013 Stephani 2 di \u2013 27.12.2022. 2 mi \u2013 28.12.2022. 4 do \u2013 29.12.2022. 4 fr \u2013 30.12.2022. 5 sa \u2013 31.12.2022 \u2013 Silvester. 7 so \u2013 01.01.2023 \u2013 Neues Jahr. 7 Senderliste: ORF \u2013 \u00d61 Deutschlandfunk \u2013 \u201eFakten und mehr\u201c Deutschlandfunk-Kultur \u2013 \u201eDas Feuilleton im Radio\u201c ndr Kultur \u2013 H\u00f6ren und genie\u00dfen radio bremen \u2013 Neugier lohnt sich. rbb-kultur \u2013 DEINE OHREN WERDEN AUGEN MACHEN. mdr-kultur \u2013 Das Radio. wdr3 \u2013 Das Kulturradio hr2-kultur \u2013 Das Kulturradio f\u00fcr Hessen. sr2 Kulturradio \u2013 \u2026 gut zu h\u00f6ren. swr2 \u2013 Kultur neu entdecken BR-KLASSIK \u2013 Klassikstars geben auf BR-KLASSIK den Ton an. Attraktive Magazine bringen Interviews und Neuigkeiten aus dem Musikleben. Bayern 2 \u2013 Preisgekr\u00f6ntes Radio f\u00fcr H\u00f6rer, die mehr wissen wollen mo \u2013 26.12.2022 \u2013 Stephani 17:10:00 | \u00d61 Ein Trip nach New York mit Roland Kovac, Dave Brubeck und Kevin Na\u00dfhan Entfliehen Sie dem Feiertagsstress mit einem Kurztrip nach &hellip;","og_url":"https:\/\/www.jazzzeitung.de\/cms\/2022\/12\/die-erweiterte-jazz-radiowoche-vom-26-12-2022-bis-01-01-2023\/","og_site_name":"JazzZeitung","article_publisher":"https:\/\/www.facebook.com\/JazzZeitung\/","article_author":"https:\/\/www.facebook.com\/hufner","article_published_time":"2022-12-25T11:00:13+00:00","og_image":[{"width":2048,"height":1536,"url":"https:\/\/i0.wp.com\/www.jazzzeitung.de\/cms\/wp-content\/uploads\/2018\/05\/radio-jazz_journalisten.jpg?fit=2048%2C1536&ssl=1","type":"image\/jpeg"}],"author":"Martin Hufner","schema":{"@context":"https:\/\/schema.org","@graph":[{"@type":"Article","@id":"https:\/\/www.jazzzeitung.de\/cms\/2022\/12\/die-erweiterte-jazz-radiowoche-vom-26-12-2022-bis-01-01-2023\/#article","isPartOf":{"@id":"https:\/\/www.jazzzeitung.de\/cms\/2022\/12\/die-erweiterte-jazz-radiowoche-vom-26-12-2022-bis-01-01-2023\/"},"author":{"name":"Martin Hufner","@id":"https:\/\/www.jazzzeitung.de\/cms\/#\/schema\/person\/b9a4e5ac765d94fb8f617bfa8f1fc5f7"},"headline":"Die erweiterte Jazz-Radiowoche vom 26.12.2022 bis 01.01.2023","datePublished":"2022-12-25T11:00:13+00:00","mainEntityOfPage":{"@id":"https:\/\/www.jazzzeitung.de\/cms\/2022\/12\/die-erweiterte-jazz-radiowoche-vom-26-12-2022-bis-01-01-2023\/"},"wordCount":3445,"commentCount":0,"publisher":{"@id":"https:\/\/www.jazzzeitung.de\/cms\/#organization"},"image":{"@id":"https:\/\/www.jazzzeitung.de\/cms\/2022\/12\/die-erweiterte-jazz-radiowoche-vom-26-12-2022-bis-01-01-2023\/#primaryimage"},"thumbnailUrl":"https:\/\/i0.wp.com\/www.jazzzeitung.de\/cms\/wp-content\/uploads\/2018\/05\/radio-jazz_journalisten.jpg?fit=2048%2C1536&ssl=1","keywords":["Jazz im Radio"],"articleSection":["News","Radio"],"inLanguage":"de","potentialAction":[{"@type":"CommentAction","name":"Comment","target":["https:\/\/www.jazzzeitung.de\/cms\/2022\/12\/die-erweiterte-jazz-radiowoche-vom-26-12-2022-bis-01-01-2023\/#respond"]}]},{"@type":"WebPage","@id":"https:\/\/www.jazzzeitung.de\/cms\/2022\/12\/die-erweiterte-jazz-radiowoche-vom-26-12-2022-bis-01-01-2023\/","url":"https:\/\/www.jazzzeitung.de\/cms\/2022\/12\/die-erweiterte-jazz-radiowoche-vom-26-12-2022-bis-01-01-2023\/","name":"Die erweiterte Jazz-Radiowoche vom 26.12.2022 bis 01.01.2023 - JazzZeitung","isPartOf":{"@id":"https:\/\/www.jazzzeitung.de\/cms\/#website"},"primaryImageOfPage":{"@id":"https:\/\/www.jazzzeitung.de\/cms\/2022\/12\/die-erweiterte-jazz-radiowoche-vom-26-12-2022-bis-01-01-2023\/#primaryimage"},"image":{"@id":"https:\/\/www.jazzzeitung.de\/cms\/2022\/12\/die-erweiterte-jazz-radiowoche-vom-26-12-2022-bis-01-01-2023\/#primaryimage"},"thumbnailUrl":"https:\/\/i0.wp.com\/www.jazzzeitung.de\/cms\/wp-content\/uploads\/2018\/05\/radio-jazz_journalisten.jpg?fit=2048%2C1536&ssl=1","datePublished":"2022-12-25T11:00:13+00:00","breadcrumb":{"@id":"https:\/\/www.jazzzeitung.de\/cms\/2022\/12\/die-erweiterte-jazz-radiowoche-vom-26-12-2022-bis-01-01-2023\/#breadcrumb"},"inLanguage":"de","potentialAction":[{"@type":"ReadAction","target":["https:\/\/www.jazzzeitung.de\/cms\/2022\/12\/die-erweiterte-jazz-radiowoche-vom-26-12-2022-bis-01-01-2023\/"]}]},{"@type":"ImageObject","inLanguage":"de","@id":"https:\/\/www.jazzzeitung.de\/cms\/2022\/12\/die-erweiterte-jazz-radiowoche-vom-26-12-2022-bis-01-01-2023\/#primaryimage","url":"https:\/\/i0.wp.com\/www.jazzzeitung.de\/cms\/wp-content\/uploads\/2018\/05\/radio-jazz_journalisten.jpg?fit=2048%2C1536&ssl=1","contentUrl":"https:\/\/i0.wp.com\/www.jazzzeitung.de\/cms\/wp-content\/uploads\/2018\/05\/radio-jazz_journalisten.jpg?fit=2048%2C1536&ssl=1","width":2048,"height":1536,"caption":"Jazz im Radio. Foto\/Montage: Hufner"},{"@type":"BreadcrumbList","@id":"https:\/\/www.jazzzeitung.de\/cms\/2022\/12\/die-erweiterte-jazz-radiowoche-vom-26-12-2022-bis-01-01-2023\/#breadcrumb","itemListElement":[{"@type":"ListItem","position":1,"name":"Startseite","item":"https:\/\/www.jazzzeitung.de\/cms\/"},{"@type":"ListItem","position":2,"name":"Die erweiterte Jazz-Radiowoche vom 26.12.2022 bis 01.01.2023"}]},{"@type":"WebSite","@id":"https:\/\/www.jazzzeitung.de\/cms\/#website","url":"https:\/\/www.jazzzeitung.de\/cms\/","name":"JazzZeitung","description":"Jazz-News und Jazz-Kontroverses","publisher":{"@id":"https:\/\/www.jazzzeitung.de\/cms\/#organization"},"potentialAction":[{"@type":"SearchAction","target":{"@type":"EntryPoint","urlTemplate":"https:\/\/www.jazzzeitung.de\/cms\/?s={search_term_string}"},"query-input":{"@type":"PropertyValueSpecification","valueRequired":true,"valueName":"search_term_string"}}],"inLanguage":"de"},{"@type":"Organization","@id":"https:\/\/www.jazzzeitung.de\/cms\/#organization","name":"JazzZeitung online","url":"https:\/\/www.jazzzeitung.de\/cms\/","logo":{"@type":"ImageObject","inLanguage":"de","@id":"https:\/\/www.jazzzeitung.de\/cms\/#\/schema\/logo\/image\/","url":"https:\/\/i0.wp.com\/www.jazzzeitung.de\/cms\/wp-content\/uploads\/2015\/08\/JAZZZEITUNGDE_Logo_Neu.png?fit=499%2C200&ssl=1","contentUrl":"https:\/\/i0.wp.com\/www.jazzzeitung.de\/cms\/wp-content\/uploads\/2015\/08\/JAZZZEITUNGDE_Logo_Neu.png?fit=499%2C200&ssl=1","width":499,"height":200,"caption":"JazzZeitung online"},"image":{"@id":"https:\/\/www.jazzzeitung.de\/cms\/#\/schema\/logo\/image\/"},"sameAs":["https:\/\/www.facebook.com\/JazzZeitung\/"]},{"@type":"Person","@id":"https:\/\/www.jazzzeitung.de\/cms\/#\/schema\/person\/b9a4e5ac765d94fb8f617bfa8f1fc5f7","name":"Martin Hufner","image":{"@type":"ImageObject","inLanguage":"de","@id":"https:\/\/i0.wp.com\/www.jazzzeitung.de\/cms\/wp-content\/uploads\/2013\/07\/huf-06.jpg?resize=96%2C96&ssl=15fcc31aa94540751a3b804516452be00","url":"https:\/\/i0.wp.com\/www.jazzzeitung.de\/cms\/wp-content\/uploads\/2013\/07\/huf-06.jpg?resize=96%2C96&ssl=1","contentUrl":"https:\/\/i0.wp.com\/www.jazzzeitung.de\/cms\/wp-content\/uploads\/2013\/07\/huf-06.jpg?resize=96%2C96&ssl=1","caption":"Martin Hufner"},"description":"Martin Hufner ist freier Autor der JazzZeitung.","sameAs":["https:\/\/www.kritische-masse.de\/logbuch","https:\/\/www.facebook.com\/hufner"],"url":"https:\/\/www.jazzzeitung.de\/cms\/author\/admin\/"}]}},"wp-worthy-pixel":{"ignored":true,"public":null,"server":null,"url":null},"wp-worthy-type":"normal","jetpack_publicize_connections":[],"cc_featured_image_caption":{"caption_text":"Jazz im Radio","source_text":"Foto: Hufner","source_url":"https:\/\/www.hufner.de"},"jetpack_featured_media_url":"https:\/\/i0.wp.com\/www.jazzzeitung.de\/cms\/wp-content\/uploads\/2018\/05\/radio-jazz_journalisten.jpg?fit=2048%2C1536&ssl=1","jetpack_shortlink":"https:\/\/wp.me\/p3KEcT-7ux","jetpack-related-posts":[{"id":22236,"url":"https:\/\/www.jazzzeitung.de\/cms\/2020\/03\/die-jazz-radiowoche-vom-30-03-20-bis-05-04-20\/","url_meta":{"origin":28801,"position":0},"title":"Die Jazz-Radiowoche vom 30.03.20 bis 05.04.20","author":"Martin Hufner","date":"29. M\u00e4rz 2020","format":false,"excerpt":"Ein kleiner Blick in die Jazzwoche 14 im Radio. Alle Angaben ohne Gew\u00e4hr. Jazz im Radio (Fernsehen) SR2 \u2013 JazzNow \u2013 Sonntags von 20.04 bis 22.30 Uhr BR-KLASSIK \u2013 Jazztime \u2013 Von Montag bis Freitag t\u00e4glich um 23.05 Uhr rbb-kultur \u2013 Late Night Jazz \u2013 Sa und So 23:04 \u2013\u2026","rel":"","context":"In &quot;News&quot;","block_context":{"text":"News","link":"https:\/\/www.jazzzeitung.de\/cms\/thema\/nachrichten\/"},"img":{"alt_text":"Jazz im Radio. Foto: Hufner","src":"https:\/\/i0.wp.com\/www.jazzzeitung.de\/cms\/wp-content\/uploads\/2019\/03\/jazz_im_radio.jpg?fit=1200%2C773&ssl=1&resize=350%2C200","width":350,"height":200,"srcset":"https:\/\/i0.wp.com\/www.jazzzeitung.de\/cms\/wp-content\/uploads\/2019\/03\/jazz_im_radio.jpg?fit=1200%2C773&ssl=1&resize=350%2C200 1x, https:\/\/i0.wp.com\/www.jazzzeitung.de\/cms\/wp-content\/uploads\/2019\/03\/jazz_im_radio.jpg?fit=1200%2C773&ssl=1&resize=525%2C300 1.5x, https:\/\/i0.wp.com\/www.jazzzeitung.de\/cms\/wp-content\/uploads\/2019\/03\/jazz_im_radio.jpg?fit=1200%2C773&ssl=1&resize=700%2C400 2x, https:\/\/i0.wp.com\/www.jazzzeitung.de\/cms\/wp-content\/uploads\/2019\/03\/jazz_im_radio.jpg?fit=1200%2C773&ssl=1&resize=1050%2C600 3x"},"classes":[]},{"id":31928,"url":"https:\/\/www.jazzzeitung.de\/cms\/2024\/11\/die-geschmolzene-jazz-radiowoche-vom-25-11-2024-bis-01-12-2024\/","url_meta":{"origin":28801,"position":1},"title":"Die geschmolzene Jazz-Radiowoche vom 25.11.2024 bis 01.12.2024","author":"Martin Hufner","date":"24. November 2024","format":false,"excerpt":"Jazz im Radio \u2013 Jeden Sonntag gibt es um 12 Uhr unsere \u00dcbersicht f\u00fcr die jeweils nachfolgende Woche. Die #Jazz-Radiowoche vom 25. November bis zum 1. Dezember 2024. Erheblich ausged\u00fcnnt. Die ARD schafft ihr Radio gewisserma\u00dfen ab. Auch als PDF zum Download \u2013 #Jazz #JazzZeitung #Radio #Radiowoche \u2013 Ein Service\u2026","rel":"","context":"In &quot;News&quot;","block_context":{"text":"News","link":"https:\/\/www.jazzzeitung.de\/cms\/thema\/nachrichten\/"},"img":{"alt_text":"zugfahrt 2023 1. MH","src":"https:\/\/i0.wp.com\/www.jazzzeitung.de\/cms\/wp-content\/uploads\/2024\/11\/zugfahrt2023-1.-MH.jpg?fit=1200%2C900&ssl=1&resize=350%2C200","width":350,"height":200,"srcset":"https:\/\/i0.wp.com\/www.jazzzeitung.de\/cms\/wp-content\/uploads\/2024\/11\/zugfahrt2023-1.-MH.jpg?fit=1200%2C900&ssl=1&resize=350%2C200 1x, https:\/\/i0.wp.com\/www.jazzzeitung.de\/cms\/wp-content\/uploads\/2024\/11\/zugfahrt2023-1.-MH.jpg?fit=1200%2C900&ssl=1&resize=525%2C300 1.5x, https:\/\/i0.wp.com\/www.jazzzeitung.de\/cms\/wp-content\/uploads\/2024\/11\/zugfahrt2023-1.-MH.jpg?fit=1200%2C900&ssl=1&resize=700%2C400 2x, https:\/\/i0.wp.com\/www.jazzzeitung.de\/cms\/wp-content\/uploads\/2024\/11\/zugfahrt2023-1.-MH.jpg?fit=1200%2C900&ssl=1&resize=1050%2C600 3x"},"classes":[]},{"id":23982,"url":"https:\/\/www.jazzzeitung.de\/cms\/2020\/12\/die-jazz-radiowoche-vom-14-12-20-bis-31-12-2020\/","url_meta":{"origin":28801,"position":2},"title":"Die Jazz-Radiowoche vom 14.12.20 bis 31.12.2020","author":"Martin Hufner","date":"13. Dezember 2020","format":false,"excerpt":"Ein kleiner Blick in Restmonat. Die Suchmaschine der ARD hat ihren Dienst am 7.12.2020 eingestellt. Nachfragen haben nur gezeigt, dass die Veranwortlichen kein Interesse daran haben, das zu kommunizieren. Weder ist herauszubekommen, wer das veranlasst hat noch warum. Danke ARD! F\u00fcr nichts. Jetzt schauen wir mal, wie es weiter geht.\u2026","rel":"","context":"In &quot;News&quot;","block_context":{"text":"News","link":"https:\/\/www.jazzzeitung.de\/cms\/thema\/nachrichten\/"},"img":{"alt_text":"Jazz im Radio. Foto: Hufner","src":"https:\/\/i0.wp.com\/www.jazzzeitung.de\/cms\/wp-content\/uploads\/2019\/03\/jazz_im_radio.jpg?fit=1200%2C773&ssl=1&resize=350%2C200","width":350,"height":200,"srcset":"https:\/\/i0.wp.com\/www.jazzzeitung.de\/cms\/wp-content\/uploads\/2019\/03\/jazz_im_radio.jpg?fit=1200%2C773&ssl=1&resize=350%2C200 1x, https:\/\/i0.wp.com\/www.jazzzeitung.de\/cms\/wp-content\/uploads\/2019\/03\/jazz_im_radio.jpg?fit=1200%2C773&ssl=1&resize=525%2C300 1.5x, https:\/\/i0.wp.com\/www.jazzzeitung.de\/cms\/wp-content\/uploads\/2019\/03\/jazz_im_radio.jpg?fit=1200%2C773&ssl=1&resize=700%2C400 2x, https:\/\/i0.wp.com\/www.jazzzeitung.de\/cms\/wp-content\/uploads\/2019\/03\/jazz_im_radio.jpg?fit=1200%2C773&ssl=1&resize=1050%2C600 3x"},"classes":[]},{"id":32452,"url":"https:\/\/www.jazzzeitung.de\/cms\/2025\/04\/die-eingeschmolzene-jazz-radiowoche-vom-21-04-2025-bis-27-04-2025\/","url_meta":{"origin":28801,"position":3},"title":"Die eingeschmolzene Jazz-Radiowoche vom 21.04.2025 bis 27.04.2025","author":"Martin Hufner","date":"20. April 2025","format":false,"excerpt":"Jazz im Radio \u2013 Jeden Sonntag gibt es um 12 Uhr unsere \u00dcbersicht f\u00fcr die jeweils nachfolgende Woche. Die #Jazz-Radiowoche vom 21. bis 27. April 2025. Erheblich ausged\u00fcnnt. Auch als PDF zum Download \u2013 #Jazz #JazzZeitung #Radio #Radiowoche \u2013 Ein Service unserer Online-Redaktion.","rel":"","context":"In &quot;News&quot;","block_context":{"text":"News","link":"https:\/\/www.jazzzeitung.de\/cms\/thema\/nachrichten\/"},"img":{"alt_text":"Kn\u00f6pfe. Foto: Hufner","src":"https:\/\/i0.wp.com\/www.jazzzeitung.de\/cms\/wp-content\/uploads\/2025\/04\/knoepfe.jpg?fit=1200%2C900&ssl=1&resize=350%2C200","width":350,"height":200,"srcset":"https:\/\/i0.wp.com\/www.jazzzeitung.de\/cms\/wp-content\/uploads\/2025\/04\/knoepfe.jpg?fit=1200%2C900&ssl=1&resize=350%2C200 1x, https:\/\/i0.wp.com\/www.jazzzeitung.de\/cms\/wp-content\/uploads\/2025\/04\/knoepfe.jpg?fit=1200%2C900&ssl=1&resize=525%2C300 1.5x, https:\/\/i0.wp.com\/www.jazzzeitung.de\/cms\/wp-content\/uploads\/2025\/04\/knoepfe.jpg?fit=1200%2C900&ssl=1&resize=700%2C400 2x, https:\/\/i0.wp.com\/www.jazzzeitung.de\/cms\/wp-content\/uploads\/2025\/04\/knoepfe.jpg?fit=1200%2C900&ssl=1&resize=1050%2C600 3x"},"classes":[]},{"id":31875,"url":"https:\/\/www.jazzzeitung.de\/cms\/2024\/11\/die-geschmolzene-jazz-radiowoche-vom-18-11-2024-bis-24-11-2024\/","url_meta":{"origin":28801,"position":4},"title":"Die geschmolzene Jazz-Radiowoche vom 18.11.2024 bis 24.11.2024","author":"Martin Hufner","date":"17. November 2024","format":false,"excerpt":"Jazz im Radio \u2013 Jeden Sonntag gibt es um 12 Uhr unsere \u00dcbersicht f\u00fcr die jeweils nachfolgende Woche. Die #Jazz-Radiowoche vom 18. bis 24. November 2024. Erheblich ausged\u00fcnnt. Die ARD schafft ihr Radio gewisserma\u00dfen ab. Auch als PDF zum Download \u2013 #Jazz #JazzZeitung #Radio #Radiowoche \u2013 Ein Service unserer Online-Redaktion.","rel":"","context":"In &quot;News&quot;","block_context":{"text":"News","link":"https:\/\/www.jazzzeitung.de\/cms\/thema\/nachrichten\/"},"img":{"alt_text":"Schnitt durch Strom. MH","src":"https:\/\/i0.wp.com\/www.jazzzeitung.de\/cms\/wp-content\/uploads\/2024\/11\/Schnitt-durch-Strom.-MH.jpg?fit=1200%2C1200&ssl=1&resize=350%2C200","width":350,"height":200,"srcset":"https:\/\/i0.wp.com\/www.jazzzeitung.de\/cms\/wp-content\/uploads\/2024\/11\/Schnitt-durch-Strom.-MH.jpg?fit=1200%2C1200&ssl=1&resize=350%2C200 1x, https:\/\/i0.wp.com\/www.jazzzeitung.de\/cms\/wp-content\/uploads\/2024\/11\/Schnitt-durch-Strom.-MH.jpg?fit=1200%2C1200&ssl=1&resize=525%2C300 1.5x, https:\/\/i0.wp.com\/www.jazzzeitung.de\/cms\/wp-content\/uploads\/2024\/11\/Schnitt-durch-Strom.-MH.jpg?fit=1200%2C1200&ssl=1&resize=700%2C400 2x, https:\/\/i0.wp.com\/www.jazzzeitung.de\/cms\/wp-content\/uploads\/2024\/11\/Schnitt-durch-Strom.-MH.jpg?fit=1200%2C1200&ssl=1&resize=1050%2C600 3x"},"classes":[]},{"id":23939,"url":"https:\/\/www.jazzzeitung.de\/cms\/2020\/12\/die-jazz-radiowoche-vom-7-12-20-bis-13-12-2020\/","url_meta":{"origin":28801,"position":5},"title":"Die Jazz-Radiowoche vom 7.12.20 bis 13.12.2020","author":"Martin Hufner","date":"6. Dezember 2020","format":false,"excerpt":"Ein kleiner Blick in die Jazzwoche 50 im Radio. Der ist dieses mal so klein, es steht da n\u00e4mlich gar nichts drin.Grund daf\u00fcr: Die Suchmaschine f\u00fcr Radiosendungen der ARD gibt am dem 7.12.2020 keine Ergebnisse heraus. Versuche der Kontaktaufnahme mit der ARD sind ohne Echo verhallt. Aktuell bleibt es bei\u2026","rel":"","context":"In &quot;News&quot;","block_context":{"text":"News","link":"https:\/\/www.jazzzeitung.de\/cms\/thema\/nachrichten\/"},"img":{"alt_text":"Jazz im Radio. Foto: Hufner","src":"https:\/\/i0.wp.com\/www.jazzzeitung.de\/cms\/wp-content\/uploads\/2019\/03\/jazz_im_radio.jpg?fit=1200%2C773&ssl=1&resize=350%2C200","width":350,"height":200,"srcset":"https:\/\/i0.wp.com\/www.jazzzeitung.de\/cms\/wp-content\/uploads\/2019\/03\/jazz_im_radio.jpg?fit=1200%2C773&ssl=1&resize=350%2C200 1x, https:\/\/i0.wp.com\/www.jazzzeitung.de\/cms\/wp-content\/uploads\/2019\/03\/jazz_im_radio.jpg?fit=1200%2C773&ssl=1&resize=525%2C300 1.5x, https:\/\/i0.wp.com\/www.jazzzeitung.de\/cms\/wp-content\/uploads\/2019\/03\/jazz_im_radio.jpg?fit=1200%2C773&ssl=1&resize=700%2C400 2x, https:\/\/i0.wp.com\/www.jazzzeitung.de\/cms\/wp-content\/uploads\/2019\/03\/jazz_im_radio.jpg?fit=1200%2C773&ssl=1&resize=1050%2C600 3x"},"classes":[]}],"jetpack_sharing_enabled":false,"_links":{"self":[{"href":"https:\/\/www.jazzzeitung.de\/cms\/wp-json\/wp\/v2\/posts\/28801","targetHints":{"allow":["GET"]}}],"collection":[{"href":"https:\/\/www.jazzzeitung.de\/cms\/wp-json\/wp\/v2\/posts"}],"about":[{"href":"https:\/\/www.jazzzeitung.de\/cms\/wp-json\/wp\/v2\/types\/post"}],"author":[{"embeddable":true,"href":"https:\/\/www.jazzzeitung.de\/cms\/wp-json\/wp\/v2\/users\/1"}],"replies":[{"embeddable":true,"href":"https:\/\/www.jazzzeitung.de\/cms\/wp-json\/wp\/v2\/comments?post=28801"}],"version-history":[{"count":1,"href":"https:\/\/www.jazzzeitung.de\/cms\/wp-json\/wp\/v2\/posts\/28801\/revisions"}],"predecessor-version":[{"id":28802,"href":"https:\/\/www.jazzzeitung.de\/cms\/wp-json\/wp\/v2\/posts\/28801\/revisions\/28802"}],"wp:featuredmedia":[{"embeddable":true,"href":"https:\/\/www.jazzzeitung.de\/cms\/wp-json\/wp\/v2\/media\/16028"}],"wp:attachment":[{"href":"https:\/\/www.jazzzeitung.de\/cms\/wp-json\/wp\/v2\/media?parent=28801"}],"wp:term":[{"taxonomy":"category","embeddable":true,"href":"https:\/\/www.jazzzeitung.de\/cms\/wp-json\/wp\/v2\/categories?post=28801"},{"taxonomy":"post_tag","embeddable":true,"href":"https:\/\/www.jazzzeitung.de\/cms\/wp-json\/wp\/v2\/tags?post=28801"},{"taxonomy":"author","embeddable":true,"href":"https:\/\/www.jazzzeitung.de\/cms\/wp-json\/wp\/v2\/coauthors?post=28801"}],"curies":[{"name":"wp","href":"https:\/\/api.w.org\/{rel}","templated":true}]}}