{"id":28719,"date":"2022-11-30T13:30:33","date_gmt":"2022-11-30T12:30:33","guid":{"rendered":"https:\/\/www.jazzzeitung.de\/cms\/?p=28719"},"modified":"2022-11-30T13:32:35","modified_gmt":"2022-11-30T12:32:35","slug":"wuchtige-grooves-stille-momente-kultband-om-im-jazzclub-leerer-beutel","status":"publish","type":"post","link":"https:\/\/www.jazzzeitung.de\/cms\/2022\/11\/wuchtige-grooves-stille-momente-kultband-om-im-jazzclub-leerer-beutel\/","title":{"rendered":"Wuchtige Grooves, stille Momente: Kultband OM im Jazzclub Leerer Beutel"},"content":{"rendered":"<p><strong>P-M-F\/B, der Titel ist so r\u00e4tselhaft, wie vieldeutig. Mit diesem m\u00e4chtig groovenden St\u00fcck aus ihrem neuen Album \u201eOM 50\u201c fallen die vier Musiker der schweizerischen Kultband beim Jazzclub in Regensburg mit der T\u00fcr ins Haus. Unnachgiebig jagt Bobby Burri mit dem Plektron \u00fcber die Saiten des Kontrabasses, nicht weniger straff vorw\u00e4rts getrieben von Gerry Hemingway am Schlagzeug. Dieser ersetzte Fredy Studer, der im Sommer pl\u00f6tzlich verstorben ist, aber das Album noch mit eingespielt hat.<\/strong><\/p>\n<p>Mit dem Video eines typischen Suder-Solos vom Jazzfestival Schaffhausen, welches auf Leinwand projiziert wurde, erinnerte die Band an ihn. Gitarrist Christy Doran, Urs Leimgruber (ss), Burri und Hemingway gestalteten und begleiteten dieses anr\u00fchrende Gedenken an ihren Freund mit leisen, intimen Kl\u00e4ngen und ger\u00e4uschhaften Sounds, die schlie\u00dflich langsam verhallten.<\/p>\n<div class=\"tiled-gallery type-rectangular tiled-gallery-unresized\" data-original-width=\"840\" data-carousel-extra='{&quot;blog_id&quot;:1,&quot;permalink&quot;:&quot;https:\\\/\\\/www.jazzzeitung.de\\\/cms\\\/2022\\\/11\\\/wuchtige-grooves-stille-momente-kultband-om-im-jazzclub-leerer-beutel\\\/&quot;,&quot;likes_blog_id&quot;:55446655}' itemscope itemtype=\"http:\/\/schema.org\/ImageGallery\" > <div class=\"gallery-row\" style=\"width: 840px; height: 581px;\" data-original-width=\"840\" data-original-height=\"581\" > <div class=\"gallery-group images-2\" style=\"width: 426px; height: 581px;\" data-original-width=\"426\" data-original-height=\"581\" > <div class=\"tiled-gallery-item tiled-gallery-item-large\" itemprop=\"associatedMedia\" itemscope itemtype=\"http:\/\/schema.org\/ImageObject\"> <a href=\"https:\/\/www.jazzzeitung.de\/cms\/2022\/11\/wuchtige-grooves-stille-momente-kultband-om-im-jazzclub-leerer-beutel\/dsc_7164\/\" border=\"0\" itemprop=\"url\"> <meta itemprop=\"width\" content=\"422\"> <meta itemprop=\"height\" content=\"282\"> <img decoding=\"async\" class=\"\" data-attachment-id=\"28726\" data-orig-file=\"https:\/\/www.jazzzeitung.de\/cms\/wp-content\/uploads\/2022\/11\/Burri-Bobby_64.jpg\" data-orig-size=\"2362,1579\" data-comments-opened=\"1\" data-image-meta=\"{&quot;aperture&quot;:&quot;6&quot;,&quot;credit&quot;:&quot;MICHAEL Scheiner&quot;,&quot;camera&quot;:&quot;NIKON D7200&quot;,&quot;caption&quot;:&quot;&quot;,&quot;created_timestamp&quot;:&quot;0&quot;,&quot;copyright&quot;:&quot;Michael Scheiner&quot;,&quot;focal_length&quot;:&quot;130&quot;,&quot;iso&quot;:&quot;3200&quot;,&quot;shutter_speed&quot;:&quot;0.0125&quot;,&quot;title&quot;:&quot;DSC_7164&quot;,&quot;orientation&quot;:&quot;1&quot;}\" data-image-title=\"DSC_7164\" data-image-description=\"\" data-medium-file=\"https:\/\/i0.wp.com\/www.jazzzeitung.de\/cms\/wp-content\/uploads\/2022\/11\/Burri-Bobby_64.jpg?fit=300%2C201&#038;ssl=1\" data-large-file=\"https:\/\/i0.wp.com\/www.jazzzeitung.de\/cms\/wp-content\/uploads\/2022\/11\/Burri-Bobby_64.jpg?fit=840%2C561&#038;ssl=1\" src=\"https:\/\/i0.wp.com\/www.jazzzeitung.de\/cms\/wp-content\/uploads\/2022\/11\/Burri-Bobby_64.jpg?w=422&#038;h=282&#038;ssl=1\" srcset=\"https:\/\/i0.wp.com\/www.jazzzeitung.de\/cms\/wp-content\/uploads\/2022\/11\/Burri-Bobby_64.jpg?w=2362&amp;ssl=1 2362w, https:\/\/i0.wp.com\/www.jazzzeitung.de\/cms\/wp-content\/uploads\/2022\/11\/Burri-Bobby_64.jpg?resize=300%2C201&amp;ssl=1 300w, https:\/\/i0.wp.com\/www.jazzzeitung.de\/cms\/wp-content\/uploads\/2022\/11\/Burri-Bobby_64.jpg?resize=898%2C600&amp;ssl=1 898w, https:\/\/i0.wp.com\/www.jazzzeitung.de\/cms\/wp-content\/uploads\/2022\/11\/Burri-Bobby_64.jpg?resize=768%2C513&amp;ssl=1 768w, https:\/\/i0.wp.com\/www.jazzzeitung.de\/cms\/wp-content\/uploads\/2022\/11\/Burri-Bobby_64.jpg?resize=1536%2C1027&amp;ssl=1 1536w, https:\/\/i0.wp.com\/www.jazzzeitung.de\/cms\/wp-content\/uploads\/2022\/11\/Burri-Bobby_64.jpg?resize=2048%2C1369&amp;ssl=1 2048w, https:\/\/i0.wp.com\/www.jazzzeitung.de\/cms\/wp-content\/uploads\/2022\/11\/Burri-Bobby_64.jpg?resize=120%2C80&amp;ssl=1 120w, https:\/\/i0.wp.com\/www.jazzzeitung.de\/cms\/wp-content\/uploads\/2022\/11\/Burri-Bobby_64.jpg?resize=1320%2C882&amp;ssl=1 1320w, https:\/\/i0.wp.com\/www.jazzzeitung.de\/cms\/wp-content\/uploads\/2022\/11\/Burri-Bobby_64.jpg?w=1680&amp;ssl=1 1680w\" width=\"422\" height=\"282\" loading=\"lazy\" data-original-width=\"422\" data-original-height=\"282\" itemprop=\"http:\/\/schema.org\/image\" title=\"DSC_7164\" alt=\"Bobby Burri. Foto: Michael Scheiner\" style=\"width: 422px; height: 282px;\" \/> <\/a> <div class=\"tiled-gallery-caption\" itemprop=\"caption description\"> Bobby Burri. Foto: Michael Scheiner <\/div> <\/div> <div class=\"tiled-gallery-item tiled-gallery-item-large\" itemprop=\"associatedMedia\" itemscope itemtype=\"http:\/\/schema.org\/ImageObject\"> <a href=\"https:\/\/www.jazzzeitung.de\/cms\/2022\/11\/wuchtige-grooves-stille-momente-kultband-om-im-jazzclub-leerer-beutel\/doran-christy_53\/\" border=\"0\" itemprop=\"url\"> <meta itemprop=\"width\" content=\"422\"> <meta itemprop=\"height\" content=\"291\"> <img decoding=\"async\" class=\"\" data-attachment-id=\"28727\" data-orig-file=\"https:\/\/www.jazzzeitung.de\/cms\/wp-content\/uploads\/2022\/11\/Doran-Christy_53.jpg\" data-orig-size=\"2362,1627\" data-comments-opened=\"1\" data-image-meta=\"{&quot;aperture&quot;:&quot;5&quot;,&quot;credit&quot;:&quot;MICHAEL Scheiner&quot;,&quot;camera&quot;:&quot;NIKON D7200&quot;,&quot;caption&quot;:&quot;&quot;,&quot;created_timestamp&quot;:&quot;0&quot;,&quot;copyright&quot;:&quot;Michael Scheiner&quot;,&quot;focal_length&quot;:&quot;52&quot;,&quot;iso&quot;:&quot;3200&quot;,&quot;shutter_speed&quot;:&quot;0.016666666666667&quot;,&quot;title&quot;:&quot;&quot;,&quot;orientation&quot;:&quot;1&quot;}\" data-image-title=\"Doran-Christy_53\" data-image-description=\"\" data-medium-file=\"https:\/\/i0.wp.com\/www.jazzzeitung.de\/cms\/wp-content\/uploads\/2022\/11\/Doran-Christy_53.jpg?fit=300%2C207&#038;ssl=1\" data-large-file=\"https:\/\/i0.wp.com\/www.jazzzeitung.de\/cms\/wp-content\/uploads\/2022\/11\/Doran-Christy_53.jpg?fit=840%2C579&#038;ssl=1\" src=\"https:\/\/i0.wp.com\/www.jazzzeitung.de\/cms\/wp-content\/uploads\/2022\/11\/Doran-Christy_53.jpg?w=422&#038;h=291&#038;ssl=1\" srcset=\"https:\/\/i0.wp.com\/www.jazzzeitung.de\/cms\/wp-content\/uploads\/2022\/11\/Doran-Christy_53.jpg?w=2362&amp;ssl=1 2362w, https:\/\/i0.wp.com\/www.jazzzeitung.de\/cms\/wp-content\/uploads\/2022\/11\/Doran-Christy_53.jpg?resize=300%2C207&amp;ssl=1 300w, https:\/\/i0.wp.com\/www.jazzzeitung.de\/cms\/wp-content\/uploads\/2022\/11\/Doran-Christy_53.jpg?resize=871%2C600&amp;ssl=1 871w, https:\/\/i0.wp.com\/www.jazzzeitung.de\/cms\/wp-content\/uploads\/2022\/11\/Doran-Christy_53.jpg?resize=768%2C529&amp;ssl=1 768w, https:\/\/i0.wp.com\/www.jazzzeitung.de\/cms\/wp-content\/uploads\/2022\/11\/Doran-Christy_53.jpg?resize=1536%2C1058&amp;ssl=1 1536w, https:\/\/i0.wp.com\/www.jazzzeitung.de\/cms\/wp-content\/uploads\/2022\/11\/Doran-Christy_53.jpg?resize=2048%2C1411&amp;ssl=1 2048w, https:\/\/i0.wp.com\/www.jazzzeitung.de\/cms\/wp-content\/uploads\/2022\/11\/Doran-Christy_53.jpg?resize=1320%2C909&amp;ssl=1 1320w, https:\/\/i0.wp.com\/www.jazzzeitung.de\/cms\/wp-content\/uploads\/2022\/11\/Doran-Christy_53.jpg?w=1680&amp;ssl=1 1680w\" width=\"422\" height=\"291\" loading=\"lazy\" data-original-width=\"422\" data-original-height=\"291\" itemprop=\"http:\/\/schema.org\/image\" title=\"Doran-Christy_53\" alt=\"Christy Doran. Foto: Michael Scheiner\" style=\"width: 422px; height: 291px;\" \/> <\/a> <div class=\"tiled-gallery-caption\" itemprop=\"caption description\"> Christy Doran. Foto: Michael Scheiner <\/div> <\/div> <\/div> <!-- close group --> <div class=\"gallery-group images-1\" style=\"width: 414px; height: 581px;\" data-original-width=\"414\" data-original-height=\"581\" > <div class=\"tiled-gallery-item tiled-gallery-item-large\" itemprop=\"associatedMedia\" itemscope itemtype=\"http:\/\/schema.org\/ImageObject\"> <a href=\"https:\/\/www.jazzzeitung.de\/cms\/2022\/11\/wuchtige-grooves-stille-momente-kultband-om-im-jazzclub-leerer-beutel\/hemingway-gerry_68\/\" border=\"0\" itemprop=\"url\"> <meta itemprop=\"width\" content=\"410\"> <meta itemprop=\"height\" content=\"577\"> <img decoding=\"async\" class=\"\" data-attachment-id=\"28728\" data-orig-file=\"https:\/\/www.jazzzeitung.de\/cms\/wp-content\/uploads\/2022\/11\/Hemingway-Gerry_68.jpg\" data-orig-size=\"1679,2362\" data-comments-opened=\"1\" data-image-meta=\"{&quot;aperture&quot;:&quot;5.6&quot;,&quot;credit&quot;:&quot;MICHAEL Scheiner&quot;,&quot;camera&quot;:&quot;NIKON D7200&quot;,&quot;caption&quot;:&quot;&quot;,&quot;created_timestamp&quot;:&quot;0&quot;,&quot;copyright&quot;:&quot;Michael Scheiner&quot;,&quot;focal_length&quot;:&quot;90&quot;,&quot;iso&quot;:&quot;3200&quot;,&quot;shutter_speed&quot;:&quot;0.01&quot;,&quot;title&quot;:&quot;&quot;,&quot;orientation&quot;:&quot;1&quot;}\" data-image-title=\"Hemingway-Gerry_68\" data-image-description=\"\" data-medium-file=\"https:\/\/i0.wp.com\/www.jazzzeitung.de\/cms\/wp-content\/uploads\/2022\/11\/Hemingway-Gerry_68.jpg?fit=213%2C300&#038;ssl=1\" data-large-file=\"https:\/\/i0.wp.com\/www.jazzzeitung.de\/cms\/wp-content\/uploads\/2022\/11\/Hemingway-Gerry_68.jpg?fit=427%2C600&#038;ssl=1\" src=\"https:\/\/i0.wp.com\/www.jazzzeitung.de\/cms\/wp-content\/uploads\/2022\/11\/Hemingway-Gerry_68.jpg?w=410&#038;h=577&#038;ssl=1\" srcset=\"https:\/\/i0.wp.com\/www.jazzzeitung.de\/cms\/wp-content\/uploads\/2022\/11\/Hemingway-Gerry_68.jpg?w=1679&amp;ssl=1 1679w, https:\/\/i0.wp.com\/www.jazzzeitung.de\/cms\/wp-content\/uploads\/2022\/11\/Hemingway-Gerry_68.jpg?resize=213%2C300&amp;ssl=1 213w, https:\/\/i0.wp.com\/www.jazzzeitung.de\/cms\/wp-content\/uploads\/2022\/11\/Hemingway-Gerry_68.jpg?resize=427%2C600&amp;ssl=1 427w, https:\/\/i0.wp.com\/www.jazzzeitung.de\/cms\/wp-content\/uploads\/2022\/11\/Hemingway-Gerry_68.jpg?resize=768%2C1080&amp;ssl=1 768w, https:\/\/i0.wp.com\/www.jazzzeitung.de\/cms\/wp-content\/uploads\/2022\/11\/Hemingway-Gerry_68.jpg?resize=1092%2C1536&amp;ssl=1 1092w, https:\/\/i0.wp.com\/www.jazzzeitung.de\/cms\/wp-content\/uploads\/2022\/11\/Hemingway-Gerry_68.jpg?resize=1456%2C2048&amp;ssl=1 1456w, https:\/\/i0.wp.com\/www.jazzzeitung.de\/cms\/wp-content\/uploads\/2022\/11\/Hemingway-Gerry_68.jpg?resize=1320%2C1857&amp;ssl=1 1320w\" width=\"410\" height=\"577\" loading=\"lazy\" data-original-width=\"410\" data-original-height=\"577\" itemprop=\"http:\/\/schema.org\/image\" title=\"Hemingway-Gerry_68\" alt=\"Gerry Hemingway. Foto: Michael Scheiner\" style=\"width: 410px; height: 577px;\" \/> <\/a> <div class=\"tiled-gallery-caption\" itemprop=\"caption description\"> Gerry Hemingway. Foto: Michael Scheiner <\/div> <\/div> <\/div> <!-- close group --> <\/div> <!-- close row --> <div class=\"gallery-row\" style=\"width: 840px; height: 282px;\" data-original-width=\"840\" data-original-height=\"282\" > <div class=\"gallery-group images-1\" style=\"width: 420px; height: 282px;\" data-original-width=\"420\" data-original-height=\"282\" > <div class=\"tiled-gallery-item tiled-gallery-item-large\" itemprop=\"associatedMedia\" itemscope itemtype=\"http:\/\/schema.org\/ImageObject\"> <a href=\"https:\/\/www.jazzzeitung.de\/cms\/2022\/11\/wuchtige-grooves-stille-momente-kultband-om-im-jazzclub-leerer-beutel\/leimgruber-urs_99\/\" border=\"0\" itemprop=\"url\"> <meta itemprop=\"width\" content=\"416\"> <meta itemprop=\"height\" content=\"278\"> <img decoding=\"async\" class=\"\" data-attachment-id=\"28729\" data-orig-file=\"https:\/\/www.jazzzeitung.de\/cms\/wp-content\/uploads\/2022\/11\/leimgruber-urs_99.jpg\" data-orig-size=\"2362,1575\" data-comments-opened=\"1\" data-image-meta=\"{&quot;aperture&quot;:&quot;3.5&quot;,&quot;credit&quot;:&quot;MICHAEL Scheiner&quot;,&quot;camera&quot;:&quot;NIKON D7200&quot;,&quot;caption&quot;:&quot;&quot;,&quot;created_timestamp&quot;:&quot;0&quot;,&quot;copyright&quot;:&quot;Michael Scheiner&quot;,&quot;focal_length&quot;:&quot;18&quot;,&quot;iso&quot;:&quot;3200&quot;,&quot;shutter_speed&quot;:&quot;0.025&quot;,&quot;title&quot;:&quot;&quot;,&quot;orientation&quot;:&quot;1&quot;}\" data-image-title=\"leimgruber-urs_99\" data-image-description=\"\" data-medium-file=\"https:\/\/i0.wp.com\/www.jazzzeitung.de\/cms\/wp-content\/uploads\/2022\/11\/leimgruber-urs_99.jpg?fit=300%2C200&#038;ssl=1\" data-large-file=\"https:\/\/i0.wp.com\/www.jazzzeitung.de\/cms\/wp-content\/uploads\/2022\/11\/leimgruber-urs_99.jpg?fit=840%2C560&#038;ssl=1\" src=\"https:\/\/i0.wp.com\/www.jazzzeitung.de\/cms\/wp-content\/uploads\/2022\/11\/leimgruber-urs_99.jpg?w=416&#038;h=278&#038;ssl=1\" srcset=\"https:\/\/i0.wp.com\/www.jazzzeitung.de\/cms\/wp-content\/uploads\/2022\/11\/leimgruber-urs_99.jpg?w=2362&amp;ssl=1 2362w, https:\/\/i0.wp.com\/www.jazzzeitung.de\/cms\/wp-content\/uploads\/2022\/11\/leimgruber-urs_99.jpg?resize=300%2C200&amp;ssl=1 300w, https:\/\/i0.wp.com\/www.jazzzeitung.de\/cms\/wp-content\/uploads\/2022\/11\/leimgruber-urs_99.jpg?resize=900%2C600&amp;ssl=1 900w, https:\/\/i0.wp.com\/www.jazzzeitung.de\/cms\/wp-content\/uploads\/2022\/11\/leimgruber-urs_99.jpg?resize=768%2C512&amp;ssl=1 768w, https:\/\/i0.wp.com\/www.jazzzeitung.de\/cms\/wp-content\/uploads\/2022\/11\/leimgruber-urs_99.jpg?resize=1536%2C1024&amp;ssl=1 1536w, https:\/\/i0.wp.com\/www.jazzzeitung.de\/cms\/wp-content\/uploads\/2022\/11\/leimgruber-urs_99.jpg?resize=2048%2C1366&amp;ssl=1 2048w, https:\/\/i0.wp.com\/www.jazzzeitung.de\/cms\/wp-content\/uploads\/2022\/11\/leimgruber-urs_99.jpg?resize=120%2C80&amp;ssl=1 120w, https:\/\/i0.wp.com\/www.jazzzeitung.de\/cms\/wp-content\/uploads\/2022\/11\/leimgruber-urs_99.jpg?resize=1320%2C880&amp;ssl=1 1320w, https:\/\/i0.wp.com\/www.jazzzeitung.de\/cms\/wp-content\/uploads\/2022\/11\/leimgruber-urs_99.jpg?w=1680&amp;ssl=1 1680w\" width=\"416\" height=\"278\" loading=\"lazy\" data-original-width=\"416\" data-original-height=\"278\" itemprop=\"http:\/\/schema.org\/image\" title=\"leimgruber-urs_99\" alt=\"Urs Leimgruber. Foto: Michael Scheiner\" style=\"width: 416px; height: 278px;\" \/> <\/a> <div class=\"tiled-gallery-caption\" itemprop=\"caption description\"> Urs Leimgruber. Foto: Michael Scheiner <\/div> <\/div> <\/div> <!-- close group --> <div class=\"gallery-group images-1\" style=\"width: 420px; height: 282px;\" data-original-width=\"420\" data-original-height=\"282\" > <div class=\"tiled-gallery-item tiled-gallery-item-large\" itemprop=\"associatedMedia\" itemscope itemtype=\"http:\/\/schema.org\/ImageObject\"> <a href=\"https:\/\/www.jazzzeitung.de\/cms\/2022\/11\/wuchtige-grooves-stille-momente-kultband-om-im-jazzclub-leerer-beutel\/dsc_7143\/\" border=\"0\" itemprop=\"url\"> <meta itemprop=\"width\" content=\"416\"> <meta itemprop=\"height\" content=\"278\"> <img decoding=\"async\" class=\"\" data-attachment-id=\"28730\" data-orig-file=\"https:\/\/www.jazzzeitung.de\/cms\/wp-content\/uploads\/2022\/11\/spiegel-roland_43.jpg\" data-orig-size=\"2362,1577\" data-comments-opened=\"1\" data-image-meta=\"{&quot;aperture&quot;:&quot;4.5&quot;,&quot;credit&quot;:&quot;MICHAEL Scheiner&quot;,&quot;camera&quot;:&quot;NIKON D7200&quot;,&quot;caption&quot;:&quot;&quot;,&quot;created_timestamp&quot;:&quot;0&quot;,&quot;copyright&quot;:&quot;Michael Scheiner&quot;,&quot;focal_length&quot;:&quot;44&quot;,&quot;iso&quot;:&quot;3200&quot;,&quot;shutter_speed&quot;:&quot;0.01&quot;,&quot;title&quot;:&quot;DSC_7143&quot;,&quot;orientation&quot;:&quot;1&quot;}\" data-image-title=\"DSC_7143\" data-image-description=\"\" data-medium-file=\"https:\/\/i0.wp.com\/www.jazzzeitung.de\/cms\/wp-content\/uploads\/2022\/11\/spiegel-roland_43.jpg?fit=300%2C200&#038;ssl=1\" data-large-file=\"https:\/\/i0.wp.com\/www.jazzzeitung.de\/cms\/wp-content\/uploads\/2022\/11\/spiegel-roland_43.jpg?fit=840%2C560&#038;ssl=1\" src=\"https:\/\/i0.wp.com\/www.jazzzeitung.de\/cms\/wp-content\/uploads\/2022\/11\/spiegel-roland_43.jpg?w=416&#038;h=278&#038;ssl=1\" srcset=\"https:\/\/i0.wp.com\/www.jazzzeitung.de\/cms\/wp-content\/uploads\/2022\/11\/spiegel-roland_43.jpg?w=2362&amp;ssl=1 2362w, https:\/\/i0.wp.com\/www.jazzzeitung.de\/cms\/wp-content\/uploads\/2022\/11\/spiegel-roland_43.jpg?resize=300%2C200&amp;ssl=1 300w, https:\/\/i0.wp.com\/www.jazzzeitung.de\/cms\/wp-content\/uploads\/2022\/11\/spiegel-roland_43.jpg?resize=900%2C600&amp;ssl=1 900w, https:\/\/i0.wp.com\/www.jazzzeitung.de\/cms\/wp-content\/uploads\/2022\/11\/spiegel-roland_43.jpg?resize=768%2C513&amp;ssl=1 768w, https:\/\/i0.wp.com\/www.jazzzeitung.de\/cms\/wp-content\/uploads\/2022\/11\/spiegel-roland_43.jpg?resize=1536%2C1026&amp;ssl=1 1536w, https:\/\/i0.wp.com\/www.jazzzeitung.de\/cms\/wp-content\/uploads\/2022\/11\/spiegel-roland_43.jpg?resize=2048%2C1367&amp;ssl=1 2048w, https:\/\/i0.wp.com\/www.jazzzeitung.de\/cms\/wp-content\/uploads\/2022\/11\/spiegel-roland_43.jpg?resize=120%2C80&amp;ssl=1 120w, https:\/\/i0.wp.com\/www.jazzzeitung.de\/cms\/wp-content\/uploads\/2022\/11\/spiegel-roland_43.jpg?resize=1320%2C881&amp;ssl=1 1320w, https:\/\/i0.wp.com\/www.jazzzeitung.de\/cms\/wp-content\/uploads\/2022\/11\/spiegel-roland_43.jpg?w=1680&amp;ssl=1 1680w\" width=\"416\" height=\"278\" loading=\"lazy\" data-original-width=\"416\" data-original-height=\"278\" itemprop=\"http:\/\/schema.org\/image\" title=\"DSC_7143\" alt=\"BR-Redakteur Roland Spiegel und sein \u00dc-Wagen-Team hielten diese wunderbare Hommage an Fredy Studer fest. Sendetermin ist die Lange Jazznacht vom 3. auf den 4. Dezember, 0.03 Uhr bis 4:58 Uhr. Foto: Michael Scheiner\" style=\"width: 416px; height: 278px;\" \/> <\/a> <div class=\"tiled-gallery-caption\" itemprop=\"caption description\"> BR-Redakteur Roland Spiegel und sein \u00dc-Wagen-Team hielten diese wunderbare Hommage an Fredy Studer fest. Sendetermin ist die Lange Jazznacht vom 3. auf den 4. Dezember, 0.03 Uhr bis 4:58 Uhr. Foto: Michael Scheiner <\/div> <\/div> <\/div> <!-- close group --> <\/div> <!-- close row --> <\/div>\n<p>Danach setzten sie mit einer wuchtigen, energisch treibenden Improvisation erneut eine Duftmarke, bei der das sp\u00e4rliche Publikum im Leeren Beutel die Ohren anlegen musste. Leimgruber lie\u00df sein Sopransax schrill aufheulen, fiepte, schmatzte und zog die Luft scharf ein, statt ins Mundst\u00fcck zu blasen, w\u00e4hrend Doran zwischen brodelnden Eruptionen und ger\u00e4umigm Slidespiel eine F\u00fclle an Kl\u00e4ngen mit seinen Effektger\u00e4ten generierte.<\/p>\n<p>Der Bayerische Runfunk hat das komplette Konzert aufgezeichnet. Am kommenden Samstag, 3. Dezember, kann dieser Mitschnitt in der langen Jazznacht ab 0.03 Uhr mit- und nachgeh\u00f6rt werden.<\/p>\n<p>Text: Michael Scheiner<\/p>\n<p>Beitragsbild: OM mit Fredy Studer. Foto: Michael Scheiner<\/p>\n","protected":false},"excerpt":{"rendered":"<p>P-M-F\/B, der Titel ist so r\u00e4tselhaft, wie vieldeutig. Mit diesem m\u00e4chtig groovenden St\u00fcck aus ihrem neuen Album \u201eOM 50\u201c fallen die vier Musiker der schweizerischen Kultband beim Jazzclub in Regensburg mit der T\u00fcr ins Haus. Unnachgiebig jagt Bobby Burri mit dem Plektron \u00fcber die Saiten des Kontrabasses, nicht weniger straff vorw\u00e4rts getrieben von Gerry Hemingway am Schlagzeug. Dieser ersetzte Fredy Studer, der im Sommer pl\u00f6tzlich verstorben ist, aber das Album noch mit eingespielt hat. Mit dem Video eines typischen Suder-Solos vom Jazzfestival Schaffhausen, welches auf Leinwand projiziert wurde, erinnerte die Band an ihn. Gitarrist Christy Doran, Urs Leimgruber (ss), Burri und Hemingway gestalteten und begleiteten dieses anr\u00fchrende Gedenken an ihren Freund mit leisen, intimen Kl\u00e4ngen und ger\u00e4uschhaften Sounds, die schlie\u00dflich langsam verhallten. Danach setzten sie mit einer wuchtigen, energisch treibenden Improvisation erneut eine Duftmarke, bei der das sp\u00e4rliche Publikum im Leeren Beutel die Ohren anlegen musste. Leimgruber lie\u00df sein Sopransax schrill aufheulen, fiepte, schmatzte und zog die Luft scharf ein, statt ins Mundst\u00fcck zu blasen, w\u00e4hrend Doran zwischen brodelnden Eruptionen und ger\u00e4umigm Slidespiel eine F\u00fclle an Kl\u00e4ngen mit seinen Effektger\u00e4ten generierte. Der Bayerische Runfunk hat &hellip;<\/p>\n","protected":false},"author":37,"featured_media":28725,"comment_status":"open","ping_status":"closed","sticky":false,"template":"","format":"standard","meta":{"_jetpack_memberships_contains_paid_content":false,"footnotes":"","jetpack_publicize_message":"","jetpack_publicize_feature_enabled":true,"jetpack_social_post_already_shared":false,"jetpack_social_options":{"image_generator_settings":{"template":"highway","default_image_id":0,"font":"","enabled":false},"version":2}},"categories":[1152],"tags":[56,4393,2790,4280,3000,737,4392,2631,2635],"coauthors":[1765],"class_list":["post-28719","post","type-post","status-publish","format-standard","has-post-thumbnail","hentry","category-rezension","tag-bayerischer-rundfunk","tag-bobby-burri","tag-christy-doran","tag-fredy-studer","tag-gerry-hemingway","tag-jazzclub-regensburg","tag-lange-jazz-nacht","tag-om","tag-urs-leimgruber"],"yoast_head":"<!-- This site is optimized with the Yoast SEO plugin v27.5 - https:\/\/yoast.com\/product\/yoast-seo-wordpress\/ -->\n<title>Wuchtige Grooves, stille Momente: Kultband OM im Jazzclub Leerer Beutel - JazzZeitung<\/title>\n<meta name=\"robots\" content=\"index, follow, max-snippet:-1, max-image-preview:large, max-video-preview:-1\" \/>\n<link rel=\"canonical\" href=\"https:\/\/www.jazzzeitung.de\/cms\/2022\/11\/wuchtige-grooves-stille-momente-kultband-om-im-jazzclub-leerer-beutel\/\" \/>\n<meta property=\"og:locale\" content=\"de_DE\" \/>\n<meta property=\"og:type\" content=\"article\" \/>\n<meta property=\"og:title\" content=\"Wuchtige Grooves, stille Momente: Kultband OM im Jazzclub Leerer Beutel - JazzZeitung\" \/>\n<meta property=\"og:description\" content=\"P-M-F\/B, der Titel ist so r\u00e4tselhaft, wie vieldeutig. Mit diesem m\u00e4chtig groovenden St\u00fcck aus ihrem neuen Album \u201eOM 50\u201c fallen die vier Musiker der schweizerischen Kultband beim Jazzclub in Regensburg mit der T\u00fcr ins Haus. Unnachgiebig jagt Bobby Burri mit dem Plektron \u00fcber die Saiten des Kontrabasses, nicht weniger straff vorw\u00e4rts getrieben von Gerry Hemingway am Schlagzeug. Dieser ersetzte Fredy Studer, der im Sommer pl\u00f6tzlich verstorben ist, aber das Album noch mit eingespielt hat. Mit dem Video eines typischen Suder-Solos vom Jazzfestival Schaffhausen, welches auf Leinwand projiziert wurde, erinnerte die Band an ihn. Gitarrist Christy Doran, Urs Leimgruber (ss), Burri und Hemingway gestalteten und begleiteten dieses anr\u00fchrende Gedenken an ihren Freund mit leisen, intimen Kl\u00e4ngen und ger\u00e4uschhaften Sounds, die schlie\u00dflich langsam verhallten. Danach setzten sie mit einer wuchtigen, energisch treibenden Improvisation erneut eine Duftmarke, bei der das sp\u00e4rliche Publikum im Leeren Beutel die Ohren anlegen musste. Leimgruber lie\u00df sein Sopransax schrill aufheulen, fiepte, schmatzte und zog die Luft scharf ein, statt ins Mundst\u00fcck zu blasen, w\u00e4hrend Doran zwischen brodelnden Eruptionen und ger\u00e4umigm Slidespiel eine F\u00fclle an Kl\u00e4ngen mit seinen Effektger\u00e4ten generierte. Der Bayerische Runfunk hat &hellip;\" \/>\n<meta property=\"og:url\" content=\"https:\/\/www.jazzzeitung.de\/cms\/2022\/11\/wuchtige-grooves-stille-momente-kultband-om-im-jazzclub-leerer-beutel\/\" \/>\n<meta property=\"og:site_name\" content=\"JazzZeitung\" \/>\n<meta property=\"article:publisher\" content=\"https:\/\/www.facebook.com\/JazzZeitung\/\" \/>\n<meta property=\"article:published_time\" content=\"2022-11-30T12:30:33+00:00\" \/>\n<meta property=\"article:modified_time\" content=\"2022-11-30T12:32:35+00:00\" \/>\n<meta property=\"og:image\" content=\"https:\/\/www.jazzzeitung.de\/cms\/wp-content\/uploads\/2022\/11\/om-studer_97-900x577.jpg\" \/>\n\t<meta property=\"og:image:width\" content=\"900\" \/>\n\t<meta property=\"og:image:height\" content=\"577\" \/>\n\t<meta property=\"og:image:type\" content=\"image\/jpeg\" \/>\n<meta name=\"author\" content=\"Michael Scheiner\" \/>\n<script type=\"application\/ld+json\" class=\"yoast-schema-graph\">{\"@context\":\"https:\\\/\\\/schema.org\",\"@graph\":[{\"@type\":\"Article\",\"@id\":\"https:\\\/\\\/www.jazzzeitung.de\\\/cms\\\/2022\\\/11\\\/wuchtige-grooves-stille-momente-kultband-om-im-jazzclub-leerer-beutel\\\/#article\",\"isPartOf\":{\"@id\":\"https:\\\/\\\/www.jazzzeitung.de\\\/cms\\\/2022\\\/11\\\/wuchtige-grooves-stille-momente-kultband-om-im-jazzclub-leerer-beutel\\\/\"},\"author\":{\"name\":\"Michael Scheiner\",\"@id\":\"https:\\\/\\\/www.jazzzeitung.de\\\/cms\\\/#\\\/schema\\\/person\\\/a0bebd4d1728041629a3cbd7790f87fb\"},\"headline\":\"Wuchtige Grooves, stille Momente: Kultband OM im Jazzclub Leerer Beutel\",\"datePublished\":\"2022-11-30T12:30:33+00:00\",\"dateModified\":\"2022-11-30T12:32:35+00:00\",\"mainEntityOfPage\":{\"@id\":\"https:\\\/\\\/www.jazzzeitung.de\\\/cms\\\/2022\\\/11\\\/wuchtige-grooves-stille-momente-kultband-om-im-jazzclub-leerer-beutel\\\/\"},\"wordCount\":249,\"commentCount\":0,\"publisher\":{\"@id\":\"https:\\\/\\\/www.jazzzeitung.de\\\/cms\\\/#organization\"},\"image\":{\"@id\":\"https:\\\/\\\/www.jazzzeitung.de\\\/cms\\\/2022\\\/11\\\/wuchtige-grooves-stille-momente-kultband-om-im-jazzclub-leerer-beutel\\\/#primaryimage\"},\"thumbnailUrl\":\"https:\\\/\\\/i0.wp.com\\\/www.jazzzeitung.de\\\/cms\\\/wp-content\\\/uploads\\\/2022\\\/11\\\/om-studer_97.jpg?fit=2455%2C1574&ssl=1\",\"keywords\":[\"Bayerischer Rundfunk\",\"Bobby Burri\",\"Christy Doran\",\"Fredy Studer\",\"Gerry Hemingway\",\"Jazzclub Regensburg\",\"Lange Jazz-Nacht\",\"OM\",\"Urs Leimgruber\"],\"articleSection\":[\"Rezension\"],\"inLanguage\":\"de\",\"potentialAction\":[{\"@type\":\"CommentAction\",\"name\":\"Comment\",\"target\":[\"https:\\\/\\\/www.jazzzeitung.de\\\/cms\\\/2022\\\/11\\\/wuchtige-grooves-stille-momente-kultband-om-im-jazzclub-leerer-beutel\\\/#respond\"]}]},{\"@type\":\"WebPage\",\"@id\":\"https:\\\/\\\/www.jazzzeitung.de\\\/cms\\\/2022\\\/11\\\/wuchtige-grooves-stille-momente-kultband-om-im-jazzclub-leerer-beutel\\\/\",\"url\":\"https:\\\/\\\/www.jazzzeitung.de\\\/cms\\\/2022\\\/11\\\/wuchtige-grooves-stille-momente-kultband-om-im-jazzclub-leerer-beutel\\\/\",\"name\":\"Wuchtige Grooves, stille Momente: Kultband OM im Jazzclub Leerer Beutel - JazzZeitung\",\"isPartOf\":{\"@id\":\"https:\\\/\\\/www.jazzzeitung.de\\\/cms\\\/#website\"},\"primaryImageOfPage\":{\"@id\":\"https:\\\/\\\/www.jazzzeitung.de\\\/cms\\\/2022\\\/11\\\/wuchtige-grooves-stille-momente-kultband-om-im-jazzclub-leerer-beutel\\\/#primaryimage\"},\"image\":{\"@id\":\"https:\\\/\\\/www.jazzzeitung.de\\\/cms\\\/2022\\\/11\\\/wuchtige-grooves-stille-momente-kultband-om-im-jazzclub-leerer-beutel\\\/#primaryimage\"},\"thumbnailUrl\":\"https:\\\/\\\/i0.wp.com\\\/www.jazzzeitung.de\\\/cms\\\/wp-content\\\/uploads\\\/2022\\\/11\\\/om-studer_97.jpg?fit=2455%2C1574&ssl=1\",\"datePublished\":\"2022-11-30T12:30:33+00:00\",\"dateModified\":\"2022-11-30T12:32:35+00:00\",\"breadcrumb\":{\"@id\":\"https:\\\/\\\/www.jazzzeitung.de\\\/cms\\\/2022\\\/11\\\/wuchtige-grooves-stille-momente-kultband-om-im-jazzclub-leerer-beutel\\\/#breadcrumb\"},\"inLanguage\":\"de\",\"potentialAction\":[{\"@type\":\"ReadAction\",\"target\":[\"https:\\\/\\\/www.jazzzeitung.de\\\/cms\\\/2022\\\/11\\\/wuchtige-grooves-stille-momente-kultband-om-im-jazzclub-leerer-beutel\\\/\"]}]},{\"@type\":\"ImageObject\",\"inLanguage\":\"de\",\"@id\":\"https:\\\/\\\/www.jazzzeitung.de\\\/cms\\\/2022\\\/11\\\/wuchtige-grooves-stille-momente-kultband-om-im-jazzclub-leerer-beutel\\\/#primaryimage\",\"url\":\"https:\\\/\\\/i0.wp.com\\\/www.jazzzeitung.de\\\/cms\\\/wp-content\\\/uploads\\\/2022\\\/11\\\/om-studer_97.jpg?fit=2455%2C1574&ssl=1\",\"contentUrl\":\"https:\\\/\\\/i0.wp.com\\\/www.jazzzeitung.de\\\/cms\\\/wp-content\\\/uploads\\\/2022\\\/11\\\/om-studer_97.jpg?fit=2455%2C1574&ssl=1\",\"width\":2455,\"height\":1574,\"caption\":\"OM mit Fredy Studer. Foto: Michael Scheiner\"},{\"@type\":\"BreadcrumbList\",\"@id\":\"https:\\\/\\\/www.jazzzeitung.de\\\/cms\\\/2022\\\/11\\\/wuchtige-grooves-stille-momente-kultband-om-im-jazzclub-leerer-beutel\\\/#breadcrumb\",\"itemListElement\":[{\"@type\":\"ListItem\",\"position\":1,\"name\":\"Startseite\",\"item\":\"https:\\\/\\\/www.jazzzeitung.de\\\/cms\\\/\"},{\"@type\":\"ListItem\",\"position\":2,\"name\":\"Wuchtige Grooves, stille Momente: Kultband OM im Jazzclub Leerer Beutel\"}]},{\"@type\":\"WebSite\",\"@id\":\"https:\\\/\\\/www.jazzzeitung.de\\\/cms\\\/#website\",\"url\":\"https:\\\/\\\/www.jazzzeitung.de\\\/cms\\\/\",\"name\":\"JazzZeitung\",\"description\":\"Jazz-News und Jazz-Kontroverses\",\"publisher\":{\"@id\":\"https:\\\/\\\/www.jazzzeitung.de\\\/cms\\\/#organization\"},\"potentialAction\":[{\"@type\":\"SearchAction\",\"target\":{\"@type\":\"EntryPoint\",\"urlTemplate\":\"https:\\\/\\\/www.jazzzeitung.de\\\/cms\\\/?s={search_term_string}\"},\"query-input\":{\"@type\":\"PropertyValueSpecification\",\"valueRequired\":true,\"valueName\":\"search_term_string\"}}],\"inLanguage\":\"de\"},{\"@type\":\"Organization\",\"@id\":\"https:\\\/\\\/www.jazzzeitung.de\\\/cms\\\/#organization\",\"name\":\"JazzZeitung online\",\"url\":\"https:\\\/\\\/www.jazzzeitung.de\\\/cms\\\/\",\"logo\":{\"@type\":\"ImageObject\",\"inLanguage\":\"de\",\"@id\":\"https:\\\/\\\/www.jazzzeitung.de\\\/cms\\\/#\\\/schema\\\/logo\\\/image\\\/\",\"url\":\"https:\\\/\\\/i0.wp.com\\\/www.jazzzeitung.de\\\/cms\\\/wp-content\\\/uploads\\\/2015\\\/08\\\/JAZZZEITUNGDE_Logo_Neu.png?fit=499%2C200&ssl=1\",\"contentUrl\":\"https:\\\/\\\/i0.wp.com\\\/www.jazzzeitung.de\\\/cms\\\/wp-content\\\/uploads\\\/2015\\\/08\\\/JAZZZEITUNGDE_Logo_Neu.png?fit=499%2C200&ssl=1\",\"width\":499,\"height\":200,\"caption\":\"JazzZeitung online\"},\"image\":{\"@id\":\"https:\\\/\\\/www.jazzzeitung.de\\\/cms\\\/#\\\/schema\\\/logo\\\/image\\\/\"},\"sameAs\":[\"https:\\\/\\\/www.facebook.com\\\/JazzZeitung\\\/\"]},{\"@type\":\"Person\",\"@id\":\"https:\\\/\\\/www.jazzzeitung.de\\\/cms\\\/#\\\/schema\\\/person\\\/a0bebd4d1728041629a3cbd7790f87fb\",\"name\":\"Michael Scheiner\",\"image\":{\"@type\":\"ImageObject\",\"inLanguage\":\"de\",\"@id\":\"https:\\\/\\\/secure.gravatar.com\\\/avatar\\\/c2d6ac12f682c419867cf3f803880bb41d5b23007d3670820aa9a6e7b5f6ec8d?s=96&d=wp_user_avatar&r=gdabb1b10453880983dfc53da7552ec76\",\"url\":\"https:\\\/\\\/secure.gravatar.com\\\/avatar\\\/c2d6ac12f682c419867cf3f803880bb41d5b23007d3670820aa9a6e7b5f6ec8d?s=96&d=wp_user_avatar&r=g\",\"contentUrl\":\"https:\\\/\\\/secure.gravatar.com\\\/avatar\\\/c2d6ac12f682c419867cf3f803880bb41d5b23007d3670820aa9a6e7b5f6ec8d?s=96&d=wp_user_avatar&r=g\",\"caption\":\"Michael Scheiner\"},\"sameAs\":[\"http:\\\/\\\/www.michaelscheiner.de\"],\"url\":\"https:\\\/\\\/www.jazzzeitung.de\\\/cms\\\/author\\\/mscheiner\\\/\"}]}<\/script>\n<!-- \/ Yoast SEO plugin. -->","yoast_head_json":{"title":"Wuchtige Grooves, stille Momente: Kultband OM im Jazzclub Leerer Beutel - JazzZeitung","robots":{"index":"index","follow":"follow","max-snippet":"max-snippet:-1","max-image-preview":"max-image-preview:large","max-video-preview":"max-video-preview:-1"},"canonical":"https:\/\/www.jazzzeitung.de\/cms\/2022\/11\/wuchtige-grooves-stille-momente-kultband-om-im-jazzclub-leerer-beutel\/","og_locale":"de_DE","og_type":"article","og_title":"Wuchtige Grooves, stille Momente: Kultband OM im Jazzclub Leerer Beutel - JazzZeitung","og_description":"P-M-F\/B, der Titel ist so r\u00e4tselhaft, wie vieldeutig. Mit diesem m\u00e4chtig groovenden St\u00fcck aus ihrem neuen Album \u201eOM 50\u201c fallen die vier Musiker der schweizerischen Kultband beim Jazzclub in Regensburg mit der T\u00fcr ins Haus. Unnachgiebig jagt Bobby Burri mit dem Plektron \u00fcber die Saiten des Kontrabasses, nicht weniger straff vorw\u00e4rts getrieben von Gerry Hemingway am Schlagzeug. Dieser ersetzte Fredy Studer, der im Sommer pl\u00f6tzlich verstorben ist, aber das Album noch mit eingespielt hat. Mit dem Video eines typischen Suder-Solos vom Jazzfestival Schaffhausen, welches auf Leinwand projiziert wurde, erinnerte die Band an ihn. Gitarrist Christy Doran, Urs Leimgruber (ss), Burri und Hemingway gestalteten und begleiteten dieses anr\u00fchrende Gedenken an ihren Freund mit leisen, intimen Kl\u00e4ngen und ger\u00e4uschhaften Sounds, die schlie\u00dflich langsam verhallten. Danach setzten sie mit einer wuchtigen, energisch treibenden Improvisation erneut eine Duftmarke, bei der das sp\u00e4rliche Publikum im Leeren Beutel die Ohren anlegen musste. Leimgruber lie\u00df sein Sopransax schrill aufheulen, fiepte, schmatzte und zog die Luft scharf ein, statt ins Mundst\u00fcck zu blasen, w\u00e4hrend Doran zwischen brodelnden Eruptionen und ger\u00e4umigm Slidespiel eine F\u00fclle an Kl\u00e4ngen mit seinen Effektger\u00e4ten generierte. Der Bayerische Runfunk hat &hellip;","og_url":"https:\/\/www.jazzzeitung.de\/cms\/2022\/11\/wuchtige-grooves-stille-momente-kultband-om-im-jazzclub-leerer-beutel\/","og_site_name":"JazzZeitung","article_publisher":"https:\/\/www.facebook.com\/JazzZeitung\/","article_published_time":"2022-11-30T12:30:33+00:00","article_modified_time":"2022-11-30T12:32:35+00:00","og_image":[{"width":900,"height":577,"url":"https:\/\/www.jazzzeitung.de\/cms\/wp-content\/uploads\/2022\/11\/om-studer_97-900x577.jpg","type":"image\/jpeg"}],"author":"Michael Scheiner","schema":{"@context":"https:\/\/schema.org","@graph":[{"@type":"Article","@id":"https:\/\/www.jazzzeitung.de\/cms\/2022\/11\/wuchtige-grooves-stille-momente-kultband-om-im-jazzclub-leerer-beutel\/#article","isPartOf":{"@id":"https:\/\/www.jazzzeitung.de\/cms\/2022\/11\/wuchtige-grooves-stille-momente-kultband-om-im-jazzclub-leerer-beutel\/"},"author":{"name":"Michael Scheiner","@id":"https:\/\/www.jazzzeitung.de\/cms\/#\/schema\/person\/a0bebd4d1728041629a3cbd7790f87fb"},"headline":"Wuchtige Grooves, stille Momente: Kultband OM im Jazzclub Leerer Beutel","datePublished":"2022-11-30T12:30:33+00:00","dateModified":"2022-11-30T12:32:35+00:00","mainEntityOfPage":{"@id":"https:\/\/www.jazzzeitung.de\/cms\/2022\/11\/wuchtige-grooves-stille-momente-kultband-om-im-jazzclub-leerer-beutel\/"},"wordCount":249,"commentCount":0,"publisher":{"@id":"https:\/\/www.jazzzeitung.de\/cms\/#organization"},"image":{"@id":"https:\/\/www.jazzzeitung.de\/cms\/2022\/11\/wuchtige-grooves-stille-momente-kultband-om-im-jazzclub-leerer-beutel\/#primaryimage"},"thumbnailUrl":"https:\/\/i0.wp.com\/www.jazzzeitung.de\/cms\/wp-content\/uploads\/2022\/11\/om-studer_97.jpg?fit=2455%2C1574&ssl=1","keywords":["Bayerischer Rundfunk","Bobby Burri","Christy Doran","Fredy Studer","Gerry Hemingway","Jazzclub Regensburg","Lange Jazz-Nacht","OM","Urs Leimgruber"],"articleSection":["Rezension"],"inLanguage":"de","potentialAction":[{"@type":"CommentAction","name":"Comment","target":["https:\/\/www.jazzzeitung.de\/cms\/2022\/11\/wuchtige-grooves-stille-momente-kultband-om-im-jazzclub-leerer-beutel\/#respond"]}]},{"@type":"WebPage","@id":"https:\/\/www.jazzzeitung.de\/cms\/2022\/11\/wuchtige-grooves-stille-momente-kultband-om-im-jazzclub-leerer-beutel\/","url":"https:\/\/www.jazzzeitung.de\/cms\/2022\/11\/wuchtige-grooves-stille-momente-kultband-om-im-jazzclub-leerer-beutel\/","name":"Wuchtige Grooves, stille Momente: Kultband OM im Jazzclub Leerer Beutel - JazzZeitung","isPartOf":{"@id":"https:\/\/www.jazzzeitung.de\/cms\/#website"},"primaryImageOfPage":{"@id":"https:\/\/www.jazzzeitung.de\/cms\/2022\/11\/wuchtige-grooves-stille-momente-kultband-om-im-jazzclub-leerer-beutel\/#primaryimage"},"image":{"@id":"https:\/\/www.jazzzeitung.de\/cms\/2022\/11\/wuchtige-grooves-stille-momente-kultband-om-im-jazzclub-leerer-beutel\/#primaryimage"},"thumbnailUrl":"https:\/\/i0.wp.com\/www.jazzzeitung.de\/cms\/wp-content\/uploads\/2022\/11\/om-studer_97.jpg?fit=2455%2C1574&ssl=1","datePublished":"2022-11-30T12:30:33+00:00","dateModified":"2022-11-30T12:32:35+00:00","breadcrumb":{"@id":"https:\/\/www.jazzzeitung.de\/cms\/2022\/11\/wuchtige-grooves-stille-momente-kultband-om-im-jazzclub-leerer-beutel\/#breadcrumb"},"inLanguage":"de","potentialAction":[{"@type":"ReadAction","target":["https:\/\/www.jazzzeitung.de\/cms\/2022\/11\/wuchtige-grooves-stille-momente-kultband-om-im-jazzclub-leerer-beutel\/"]}]},{"@type":"ImageObject","inLanguage":"de","@id":"https:\/\/www.jazzzeitung.de\/cms\/2022\/11\/wuchtige-grooves-stille-momente-kultband-om-im-jazzclub-leerer-beutel\/#primaryimage","url":"https:\/\/i0.wp.com\/www.jazzzeitung.de\/cms\/wp-content\/uploads\/2022\/11\/om-studer_97.jpg?fit=2455%2C1574&ssl=1","contentUrl":"https:\/\/i0.wp.com\/www.jazzzeitung.de\/cms\/wp-content\/uploads\/2022\/11\/om-studer_97.jpg?fit=2455%2C1574&ssl=1","width":2455,"height":1574,"caption":"OM mit Fredy Studer. Foto: Michael Scheiner"},{"@type":"BreadcrumbList","@id":"https:\/\/www.jazzzeitung.de\/cms\/2022\/11\/wuchtige-grooves-stille-momente-kultband-om-im-jazzclub-leerer-beutel\/#breadcrumb","itemListElement":[{"@type":"ListItem","position":1,"name":"Startseite","item":"https:\/\/www.jazzzeitung.de\/cms\/"},{"@type":"ListItem","position":2,"name":"Wuchtige Grooves, stille Momente: Kultband OM im Jazzclub Leerer Beutel"}]},{"@type":"WebSite","@id":"https:\/\/www.jazzzeitung.de\/cms\/#website","url":"https:\/\/www.jazzzeitung.de\/cms\/","name":"JazzZeitung","description":"Jazz-News und Jazz-Kontroverses","publisher":{"@id":"https:\/\/www.jazzzeitung.de\/cms\/#organization"},"potentialAction":[{"@type":"SearchAction","target":{"@type":"EntryPoint","urlTemplate":"https:\/\/www.jazzzeitung.de\/cms\/?s={search_term_string}"},"query-input":{"@type":"PropertyValueSpecification","valueRequired":true,"valueName":"search_term_string"}}],"inLanguage":"de"},{"@type":"Organization","@id":"https:\/\/www.jazzzeitung.de\/cms\/#organization","name":"JazzZeitung online","url":"https:\/\/www.jazzzeitung.de\/cms\/","logo":{"@type":"ImageObject","inLanguage":"de","@id":"https:\/\/www.jazzzeitung.de\/cms\/#\/schema\/logo\/image\/","url":"https:\/\/i0.wp.com\/www.jazzzeitung.de\/cms\/wp-content\/uploads\/2015\/08\/JAZZZEITUNGDE_Logo_Neu.png?fit=499%2C200&ssl=1","contentUrl":"https:\/\/i0.wp.com\/www.jazzzeitung.de\/cms\/wp-content\/uploads\/2015\/08\/JAZZZEITUNGDE_Logo_Neu.png?fit=499%2C200&ssl=1","width":499,"height":200,"caption":"JazzZeitung online"},"image":{"@id":"https:\/\/www.jazzzeitung.de\/cms\/#\/schema\/logo\/image\/"},"sameAs":["https:\/\/www.facebook.com\/JazzZeitung\/"]},{"@type":"Person","@id":"https:\/\/www.jazzzeitung.de\/cms\/#\/schema\/person\/a0bebd4d1728041629a3cbd7790f87fb","name":"Michael Scheiner","image":{"@type":"ImageObject","inLanguage":"de","@id":"https:\/\/secure.gravatar.com\/avatar\/c2d6ac12f682c419867cf3f803880bb41d5b23007d3670820aa9a6e7b5f6ec8d?s=96&d=wp_user_avatar&r=gdabb1b10453880983dfc53da7552ec76","url":"https:\/\/secure.gravatar.com\/avatar\/c2d6ac12f682c419867cf3f803880bb41d5b23007d3670820aa9a6e7b5f6ec8d?s=96&d=wp_user_avatar&r=g","contentUrl":"https:\/\/secure.gravatar.com\/avatar\/c2d6ac12f682c419867cf3f803880bb41d5b23007d3670820aa9a6e7b5f6ec8d?s=96&d=wp_user_avatar&r=g","caption":"Michael Scheiner"},"sameAs":["http:\/\/www.michaelscheiner.de"],"url":"https:\/\/www.jazzzeitung.de\/cms\/author\/mscheiner\/"}]}},"wp-worthy-pixel":{"ignored":false,"public":null,"server":null,"url":null},"wp-worthy-type":"normal","jetpack_publicize_connections":[],"cc_featured_image_caption":{"caption_text":"","source_text":"","source_url":""},"jetpack_featured_media_url":"https:\/\/i0.wp.com\/www.jazzzeitung.de\/cms\/wp-content\/uploads\/2022\/11\/om-studer_97.jpg?fit=2455%2C1574&ssl=1","jetpack_shortlink":"https:\/\/wp.me\/p3KEcT-7td","jetpack-related-posts":[{"id":28492,"url":"https:\/\/www.jazzzeitung.de\/cms\/2022\/10\/stumme-schreie-und-zirpende-froesche-das-jubilaeumsalbum-von-om-50\/","url_meta":{"origin":28719,"position":0},"title":"Stumme Schreie und zirpende Fr\u00f6sche \u2013 Das Jubil\u00e4umsalbum von OM 50","author":"Michael Scheiner","date":"19. Oktober 2022","format":false,"excerpt":"Im tr\u00fcben Schneeregen sitzen drei auf einer Leitplanke, der vierte steht daneben und streckt einen alten Schirm hoch. Das Bild auf der Homepage vom OM ist ein Signal, ein \u201eOMen\u201c f\u00fcr die Best\u00e4ndigkeit und gemeinsame Energie, die es der Band erm\u00f6glicht, heuer das 50-j\u00e4hrige Bestehen mit einem neuen Album zu\u2026","rel":"","context":"In &quot;Rezension&quot;","block_context":{"text":"Rezension","link":"https:\/\/www.jazzzeitung.de\/cms\/thema\/rezension\/"},"img":{"alt_text":"","src":"https:\/\/i0.wp.com\/www.jazzzeitung.de\/cms\/wp-content\/uploads\/2022\/10\/OM-cover_388.jpg?fit=1181%2C1181&ssl=1&resize=350%2C200","width":350,"height":200,"srcset":"https:\/\/i0.wp.com\/www.jazzzeitung.de\/cms\/wp-content\/uploads\/2022\/10\/OM-cover_388.jpg?fit=1181%2C1181&ssl=1&resize=350%2C200 1x, https:\/\/i0.wp.com\/www.jazzzeitung.de\/cms\/wp-content\/uploads\/2022\/10\/OM-cover_388.jpg?fit=1181%2C1181&ssl=1&resize=525%2C300 1.5x, https:\/\/i0.wp.com\/www.jazzzeitung.de\/cms\/wp-content\/uploads\/2022\/10\/OM-cover_388.jpg?fit=1181%2C1181&ssl=1&resize=700%2C400 2x, https:\/\/i0.wp.com\/www.jazzzeitung.de\/cms\/wp-content\/uploads\/2022\/10\/OM-cover_388.jpg?fit=1181%2C1181&ssl=1&resize=1050%2C600 3x"},"classes":[]},{"id":19968,"url":"https:\/\/www.jazzzeitung.de\/cms\/2019\/07\/magische-klangmomente-rockjazzformation-om-gibt-seltenes-konzert-in-regensburg\/","url_meta":{"origin":28719,"position":1},"title":"Magische Klangmomente: Rockjazzformation OM gibt seltenes Konzert in Regensburg","author":"Michael Scheiner","date":"8. Juli 2019","format":false,"excerpt":"Es sei das beste gewesen, was sie seit langem geh\u00f6rt habe. Etwas unsicher, aber mit leuchtenden Augen, h\u00e4lt die junge Frau Urs Leimgruber und Christy Doran nach deren Auftritt mit OM im Leeren Beutel ein abgel\u00f6stes Plakat zum Signieren hin. Sie spiele selbst Musik, erkl\u00e4rt sie und antwortet auf die\u2026","rel":"","context":"In &quot;Bericht&quot;","block_context":{"text":"Bericht","link":"https:\/\/www.jazzzeitung.de\/cms\/thema\/bericht\/"},"img":{"alt_text":"","src":"https:\/\/i0.wp.com\/www.jazzzeitung.de\/cms\/wp-content\/uploads\/2019\/07\/Doran-christy_05-1.jpg?fit=1200%2C806&ssl=1&resize=350%2C200","width":350,"height":200,"srcset":"https:\/\/i0.wp.com\/www.jazzzeitung.de\/cms\/wp-content\/uploads\/2019\/07\/Doran-christy_05-1.jpg?fit=1200%2C806&ssl=1&resize=350%2C200 1x, https:\/\/i0.wp.com\/www.jazzzeitung.de\/cms\/wp-content\/uploads\/2019\/07\/Doran-christy_05-1.jpg?fit=1200%2C806&ssl=1&resize=525%2C300 1.5x, https:\/\/i0.wp.com\/www.jazzzeitung.de\/cms\/wp-content\/uploads\/2019\/07\/Doran-christy_05-1.jpg?fit=1200%2C806&ssl=1&resize=700%2C400 2x, https:\/\/i0.wp.com\/www.jazzzeitung.de\/cms\/wp-content\/uploads\/2019\/07\/Doran-christy_05-1.jpg?fit=1200%2C806&ssl=1&resize=1050%2C600 3x"},"classes":[]},{"id":20861,"url":"https:\/\/www.jazzzeitung.de\/cms\/2019\/10\/furioses-fuer-144-saiten-plus-drumset-neue-cd-von-christy-doran\/","url_meta":{"origin":28719,"position":2},"title":"Furioses f\u00fcr 144 Saiten plus Drumset &#8211; neue CD von Christy Doran","author":"Michael Scheiner","date":"10. Oktober 2019","format":false,"excerpt":"Seit Jahrzehnten versorgt der irisch-schweizerische Gitarrist Christy Doran eine treue Fangemeinde stetig mit neuen Ideen und musikalischen \u00dcberraschungen. Bands wie New Bag, Sound Fountain oder Bunter Hund existieren teilweise als Langzeitprojekte bis heute. Seine Partner und Mitmusiker sucht er sich danach aus, wie er sich mit ihnen in einen ekstatischen\u2026","rel":"","context":"In &quot;Rezension&quot;","block_context":{"text":"Rezension","link":"https:\/\/www.jazzzeitung.de\/cms\/thema\/rezension\/"},"img":{"alt_text":"","src":"https:\/\/i0.wp.com\/www.jazzzeitung.de\/cms\/wp-content\/uploads\/2019\/10\/Doran-christy_51.jpeg?fit=567%2C378&ssl=1&resize=350%2C200","width":350,"height":200,"srcset":"https:\/\/i0.wp.com\/www.jazzzeitung.de\/cms\/wp-content\/uploads\/2019\/10\/Doran-christy_51.jpeg?fit=567%2C378&ssl=1&resize=350%2C200 1x, https:\/\/i0.wp.com\/www.jazzzeitung.de\/cms\/wp-content\/uploads\/2019\/10\/Doran-christy_51.jpeg?fit=567%2C378&ssl=1&resize=525%2C300 1.5x"},"classes":[]},{"id":8483,"url":"https:\/\/www.jazzzeitung.de\/cms\/2016\/02\/8483\/","url_meta":{"origin":28719,"position":3},"title":"Jimi Hendrix &#8211; revisited","author":"Redaktion JazzZeitung","date":"22. Februar 2016","format":false,"excerpt":"\u201eInspired by legends\u201c nennt sich das Motto des BMW Welt Jazz Award 2016. Gestern hie\u00df die Legende Jimi Hendrix, und inspirieren lie\u00dfen sich vier Vollblut-Jazzer: Christy Doran (git), Erika Stucky (voice und performance), Fredy Studer (dr) und Jamaaladeen Tacuma (b). Das Konzept dieses Hendrix Programms aus der Feder von Doran\u2026","rel":"","context":"In &quot;Galerie&quot;","block_context":{"text":"Galerie","link":"https:\/\/www.jazzzeitung.de\/cms\/thema\/galerie\/"},"img":{"alt_text":"","src":"https:\/\/i0.wp.com\/www.jazzzeitung.de\/cms\/wp-content\/uploads\/2016\/02\/11-BMW-Welt_Erika-Stucky_Foto-van-Loon.jpg?resize=350%2C200","width":350,"height":200,"srcset":"https:\/\/i0.wp.com\/www.jazzzeitung.de\/cms\/wp-content\/uploads\/2016\/02\/11-BMW-Welt_Erika-Stucky_Foto-van-Loon.jpg?resize=350%2C200 1x, https:\/\/i0.wp.com\/www.jazzzeitung.de\/cms\/wp-content\/uploads\/2016\/02\/11-BMW-Welt_Erika-Stucky_Foto-van-Loon.jpg?resize=525%2C300 1.5x, https:\/\/i0.wp.com\/www.jazzzeitung.de\/cms\/wp-content\/uploads\/2016\/02\/11-BMW-Welt_Erika-Stucky_Foto-van-Loon.jpg?resize=700%2C400 2x, https:\/\/i0.wp.com\/www.jazzzeitung.de\/cms\/wp-content\/uploads\/2016\/02\/11-BMW-Welt_Erika-Stucky_Foto-van-Loon.jpg?resize=1050%2C600 3x, https:\/\/i0.wp.com\/www.jazzzeitung.de\/cms\/wp-content\/uploads\/2016\/02\/11-BMW-Welt_Erika-Stucky_Foto-van-Loon.jpg?resize=1400%2C800 4x"},"classes":[]},{"id":28227,"url":"https:\/\/www.jazzzeitung.de\/cms\/2022\/08\/alchemist-des-schlagzeugs-zum-tod-von-fredy-studer\/","url_meta":{"origin":28719,"position":4},"title":"Alchemist des Schlagzeugs \u2013 Zum Tod von Fredy Studer","author":"Redaktion JazzZeitung","date":"26. August 2022","format":false,"excerpt":"Die Meldung vom Tod des Schweizer Schlagzeugers Fredy Studer kam \u00fcberraschend. Er galt als \"der\" Schweizer Schlagzeuger, \"Einer des besten\", wie es die Neue Z\u00fcrcher Zeitung auf den Punkt brachte. Mark Sattler, Dramaturg CONTEMPORARY bei Lucerne Festival, hat etliche Projekte mit ihm zusammen initiiert. F\u00fcr die JazzZeitung.de erinnert er sich\u2026","rel":"","context":"In &quot;News&quot;","block_context":{"text":"News","link":"https:\/\/www.jazzzeitung.de\/cms\/thema\/nachrichten\/"},"img":{"alt_text":"","src":"https:\/\/i0.wp.com\/www.jazzzeitung.de\/cms\/wp-content\/uploads\/2022\/08\/DSC_3810-scaled.jpg?fit=1200%2C798&ssl=1&resize=350%2C200","width":350,"height":200,"srcset":"https:\/\/i0.wp.com\/www.jazzzeitung.de\/cms\/wp-content\/uploads\/2022\/08\/DSC_3810-scaled.jpg?fit=1200%2C798&ssl=1&resize=350%2C200 1x, https:\/\/i0.wp.com\/www.jazzzeitung.de\/cms\/wp-content\/uploads\/2022\/08\/DSC_3810-scaled.jpg?fit=1200%2C798&ssl=1&resize=525%2C300 1.5x, https:\/\/i0.wp.com\/www.jazzzeitung.de\/cms\/wp-content\/uploads\/2022\/08\/DSC_3810-scaled.jpg?fit=1200%2C798&ssl=1&resize=700%2C400 2x, https:\/\/i0.wp.com\/www.jazzzeitung.de\/cms\/wp-content\/uploads\/2022\/08\/DSC_3810-scaled.jpg?fit=1200%2C798&ssl=1&resize=1050%2C600 3x"},"classes":[]},{"id":18234,"url":"https:\/\/www.jazzzeitung.de\/cms\/2019\/01\/news-vokalensemble-iki-im-bix-jazzclub-lounge-in-stuttgart-p-jam-im-jazzclub-im-leeren-beutel-in-regensburg\/","url_meta":{"origin":28719,"position":5},"title":"+++ News: +++ Vokalensemble IKI im BIX Jazzclub &#038; Lounge in Stuttgart+++ P-JAM im Jazzclub im \u201eLeeren Beutel\u201c in Regensburg +++","author":"Redaktion JazzZeitung","date":"10. Januar 2019","format":false,"excerpt":"F\u00fcnf Nordlichter mit Souvenir\u00a0 im Gep\u00e4ck Skandinavischer Besuch im deutschen S\u00fcden: Das improvisierende Vokalensemble IKI setzt sich aus f\u00fcnf S\u00e4ngerinnen aus D\u00e4nemark, Norwegen und Finnland zusammen. Von Pop und Klassik \u00fcber Jazz bis hin zur Avantgarde steht ihr kontrastreiches Programm stets unter dem musikalischen Aspekt des Nordens. Auf ihrem aktuellen\u2026","rel":"","context":"In &quot;News&quot;","block_context":{"text":"News","link":"https:\/\/www.jazzzeitung.de\/cms\/thema\/nachrichten\/"},"img":{"alt_text":"","src":"https:\/\/i0.wp.com\/www.jazzzeitung.de\/cms\/wp-content\/uploads\/2019\/01\/2019_01_17-IKI-Oracle-IV.jpg?fit=1200%2C800&ssl=1&resize=350%2C200","width":350,"height":200,"srcset":"https:\/\/i0.wp.com\/www.jazzzeitung.de\/cms\/wp-content\/uploads\/2019\/01\/2019_01_17-IKI-Oracle-IV.jpg?fit=1200%2C800&ssl=1&resize=350%2C200 1x, https:\/\/i0.wp.com\/www.jazzzeitung.de\/cms\/wp-content\/uploads\/2019\/01\/2019_01_17-IKI-Oracle-IV.jpg?fit=1200%2C800&ssl=1&resize=525%2C300 1.5x, https:\/\/i0.wp.com\/www.jazzzeitung.de\/cms\/wp-content\/uploads\/2019\/01\/2019_01_17-IKI-Oracle-IV.jpg?fit=1200%2C800&ssl=1&resize=700%2C400 2x, https:\/\/i0.wp.com\/www.jazzzeitung.de\/cms\/wp-content\/uploads\/2019\/01\/2019_01_17-IKI-Oracle-IV.jpg?fit=1200%2C800&ssl=1&resize=1050%2C600 3x"},"classes":[]}],"jetpack_sharing_enabled":true,"_links":{"self":[{"href":"https:\/\/www.jazzzeitung.de\/cms\/wp-json\/wp\/v2\/posts\/28719","targetHints":{"allow":["GET"]}}],"collection":[{"href":"https:\/\/www.jazzzeitung.de\/cms\/wp-json\/wp\/v2\/posts"}],"about":[{"href":"https:\/\/www.jazzzeitung.de\/cms\/wp-json\/wp\/v2\/types\/post"}],"author":[{"embeddable":true,"href":"https:\/\/www.jazzzeitung.de\/cms\/wp-json\/wp\/v2\/users\/37"}],"replies":[{"embeddable":true,"href":"https:\/\/www.jazzzeitung.de\/cms\/wp-json\/wp\/v2\/comments?post=28719"}],"version-history":[{"count":4,"href":"https:\/\/www.jazzzeitung.de\/cms\/wp-json\/wp\/v2\/posts\/28719\/revisions"}],"predecessor-version":[{"id":28732,"href":"https:\/\/www.jazzzeitung.de\/cms\/wp-json\/wp\/v2\/posts\/28719\/revisions\/28732"}],"wp:featuredmedia":[{"embeddable":true,"href":"https:\/\/www.jazzzeitung.de\/cms\/wp-json\/wp\/v2\/media\/28725"}],"wp:attachment":[{"href":"https:\/\/www.jazzzeitung.de\/cms\/wp-json\/wp\/v2\/media?parent=28719"}],"wp:term":[{"taxonomy":"category","embeddable":true,"href":"https:\/\/www.jazzzeitung.de\/cms\/wp-json\/wp\/v2\/categories?post=28719"},{"taxonomy":"post_tag","embeddable":true,"href":"https:\/\/www.jazzzeitung.de\/cms\/wp-json\/wp\/v2\/tags?post=28719"},{"taxonomy":"author","embeddable":true,"href":"https:\/\/www.jazzzeitung.de\/cms\/wp-json\/wp\/v2\/coauthors?post=28719"}],"curies":[{"name":"wp","href":"https:\/\/api.w.org\/{rel}","templated":true}]}}