{"id":28698,"date":"2022-11-22T12:01:16","date_gmt":"2022-11-22T11:01:16","guid":{"rendered":"https:\/\/www.jazzzeitung.de\/cms\/?p=28698"},"modified":"2022-11-23T09:15:53","modified_gmt":"2022-11-23T08:15:53","slug":"ego-d-jens-dueppe-auf-lebensweltreise-erstes-solo-album-des-schlagzeugers","status":"publish","type":"post","link":"https:\/\/www.jazzzeitung.de\/cms\/2022\/11\/ego-d-jens-dueppe-auf-lebensweltreise-erstes-solo-album-des-schlagzeugers\/","title":{"rendered":"Ego-d &#8211; Jens D\u00fcppe auf \u201eLebensweltreise\u201c &#8211; erstes Solo-Album des Schlagzeugers"},"content":{"rendered":"<p><strong>Von Dietrich Schlegel.<\/strong> Es klingt keineswegs anma\u00dfend oder gar snobistisch, wenn Jens D\u00fcppe im Gespr\u00e4ch beil\u00e4ufig erw\u00e4hnt, dass er auf seinen weltweiten Konzertreisen die Essay-Sammlung \u201eSilence\u201c von John Cage im Gep\u00e4ck mitf\u00fchrt, um sich von der Musikphilosophie und den Einsichten des in jeder Hinsicht alle Grenzen \u00fcberschreitenden Zen-Buddhisten f\u00fcr seine eigenen Kompositionen\u00a0 und Improvisationen inspirieren und seine eigene Weltsicht \u00fcberpr\u00fcfen und wom\u00f6glich erweitern zu lassen. Der aus dem Schw\u00e4bischen stammende, seit langem in K\u00f6ln heimische Schlagzeuger, Percussionist, Komponist, Bandleader, Klang-Erforscher, gilt als einer der einfallsreichsten Musiker im weiteren Bereich des zeitgen\u00f6ssischen Jazz mit offenen Grenzen zur Minimal Music.<\/p>\n<h3>Anima<\/h3>\n<p>Dabei geht er stets bed\u00e4chtig vor, l\u00e4sst vieles reifen. F\u00fcr das erste Album unter eigenem Namen mit eigener Band (Anima, 2015) lie\u00df er sich fast zwei Jahrzehnte Zeit, denn sie brauchte er mit seinen vielf\u00e4ltigen Engagements am Drumset mehrerer Big Bands und der fast un\u00fcbersichtlichen Anzahl kleinerer Formationen der K\u00f6lner und rheinischen Jazzszene wie auch f\u00fcr seine ungew\u00f6hnlichen Kommunikationskonzerte etwa in einem \u201eGer\u00e4usch-Caf\u00e9\u201c. Nun hat er die Corona bedingte Zwangspause von Live-Auftritten genutzt, um sich den lang gehegten Wunsch einer Solo-Einspielung zu erf\u00fcllen.<\/p>\n<figure id=\"attachment_28705\" aria-describedby=\"caption-attachment-28705\" style=\"width: 1280px\" class=\"wp-caption alignleft\"><img data-recalc-dims=\"1\" loading=\"lazy\" decoding=\"async\" data-attachment-id=\"28705\" data-permalink=\"https:\/\/www.jazzzeitung.de\/cms\/2022\/11\/ego-d-jens-dueppe-auf-lebensweltreise-erstes-solo-album-des-schlagzeugers\/jensdueppe\/\" data-orig-file=\"https:\/\/i0.wp.com\/www.jazzzeitung.de\/cms\/wp-content\/uploads\/2022\/11\/jensdueppe.jpg?fit=1280%2C720&amp;ssl=1\" data-orig-size=\"1280,720\" data-comments-opened=\"1\" data-image-meta=\"{&quot;aperture&quot;:&quot;2.8&quot;,&quot;credit&quot;:&quot;Mark-Steffen G\\u00f6wecke&quot;,&quot;camera&quot;:&quot;ILCE-7RM2&quot;,&quot;caption&quot;:&quot;&quot;,&quot;created_timestamp&quot;:&quot;1640135684&quot;,&quot;copyright&quot;:&quot;Mark-Steffen G\\u00f6wecke\\nmark-steffen@goewecke.com\\n#msgoewecke&quot;,&quot;focal_length&quot;:&quot;17&quot;,&quot;iso&quot;:&quot;1250&quot;,&quot;shutter_speed&quot;:&quot;0.01&quot;,&quot;title&quot;:&quot;&quot;,&quot;orientation&quot;:&quot;1&quot;}\" data-image-title=\"jensd\u00fcppe\" data-image-description=\"\" data-image-caption=\"&lt;p&gt;Foto: Mark-Steffen G\u00f6wecke&lt;\/p&gt;\n\" data-large-file=\"https:\/\/i0.wp.com\/www.jazzzeitung.de\/cms\/wp-content\/uploads\/2022\/11\/jensdueppe.jpg?fit=840%2C472&amp;ssl=1\" class=\"wp-image-28705 size-full\" src=\"https:\/\/i0.wp.com\/www.jazzzeitung.de\/cms\/wp-content\/uploads\/2022\/11\/jensdueppe.jpg?resize=840%2C473&#038;ssl=1\" alt=\"Bild des Schlagzeugers Jens D\u00fcppe hinter seinem Schlagzeug. Foto: Mark-Steffen G\u00f6wecke\" width=\"840\" height=\"473\" srcset=\"https:\/\/i0.wp.com\/www.jazzzeitung.de\/cms\/wp-content\/uploads\/2022\/11\/jensdueppe.jpg?w=1280&amp;ssl=1 1280w, https:\/\/i0.wp.com\/www.jazzzeitung.de\/cms\/wp-content\/uploads\/2022\/11\/jensdueppe.jpg?resize=300%2C169&amp;ssl=1 300w, https:\/\/i0.wp.com\/www.jazzzeitung.de\/cms\/wp-content\/uploads\/2022\/11\/jensdueppe.jpg?resize=900%2C506&amp;ssl=1 900w, https:\/\/i0.wp.com\/www.jazzzeitung.de\/cms\/wp-content\/uploads\/2022\/11\/jensdueppe.jpg?resize=768%2C432&amp;ssl=1 768w\" sizes=\"auto, (max-width: 840px) 100vw, 840px\" \/><figcaption id=\"caption-attachment-28705\" class=\"wp-caption-text\">Foto: Mark-Steffen G\u00f6wecke<\/figcaption><\/figure>\n<h3>&#8222;The Beat&#8220;<\/h3>\n<p>Als eine Art Generalprobe k\u00f6nnte sein nur ein Jahr zuvor produziertes Album \u201eThe Beat\u201c verstanden werden, ausschlie\u00dflich mit eigenen Kompositionen und solch programmatischen Titeln wie \u201eliving rhythm\u201c, \u201ezipping\u201c, \u201ebouncing\u201c, \u201ethe chase\u201c und eingespielt mit seinem eigenen Quartett in der langj\u00e4hrig unver\u00e4nderten Besetzung Frederik K\u00f6ster (tp), Lars Duppler (p), Christian Ramond (b), Jens D\u00fcppe (drums and voice).<\/p>\n<p>Das Album \u201eThe Beat\u201c war schon gedacht als eine Hommage an den ewigen Pulsschlag des Lebens, kondensiert in einem eigenen Gedicht, abgedruckt und \u00a0bewusst etwas verwirrend auf die Seiten des graphisch anspruchsvollen Cover verteilt. In dem nachfolgenden und hier vorzustellenden Solo-Album \u201eego_D\u201c, so der enigmatische Titel von CD und LP, b\u00fcndelt D\u00fcppe in zehn Kompositionen \u201e30 Jahre konzentrierte Lebensweltreise in einer weltumfassenden Sprache: Musik\u201c. Und Reise ist hier sowohl geographisch als auch philosophisch zu verstehen. Als sensibler Musiker in fremden Landen bleibt er stets offen f\u00fcr andere Lebensweisen, andere Musikkulturen vor allem, ja er saugt sie geradezu\u00a0 auf und l\u00e4sst sie in seine eigenen Kompositionen und Instrumentierungen einflie\u00dfen.<\/p>\n<h3>Afrika, Vietnam, S\u00fcdkorea, Japan<\/h3>\n<p>Mit dem Goethe-Institut hat Jens D\u00fcppe als musikalischer Botschafter Deutschlands die halbe Welt erkundet, \u00fcberall Konzerte gegeben, oft mit einheimischen Musikern. In Ostafrika inspirierte ihn besonders die afrikanische Harfe Kora, der er das sechste St\u00fcck des Albums widmet. \u00a0Mit dem Luxemburger Vibraphonisten Pascal Schumacher erkundete er Vietnam, S\u00fcdkorea, Japan. Wie mit Pascal verbindet Jens auch eine langj\u00e4hrige Zusammenarbeit mit seinem \u201eseelenverwandten Musikerfreund\u201c Dimitar Bodurov, einem in den Niederlanden lebenden Pianisten, mit dem er seit f\u00fcnfzehn Jahren in dessen Heimatland f\u00e4hrt, die komplexen Rhythmen der bulgarischen Volksmusik studiert und mit dortigen prominenten Musikern wie Theodosii Spassov, dem international angesagten Kaval-Virtuosen, etliche Konzerttourneen absolvierte. \u201eDance 2\u201c, der vierte Titel\u00a0 des Albums ist ein solch tanzbares \u201ebulgarisches\u201c\u00a0 St\u00fcck im 11\/8 Takt in Erinnerung an seine Freunde Bodurov und Spassov.<\/p>\n<p><img data-recalc-dims=\"1\" loading=\"lazy\" decoding=\"async\" data-attachment-id=\"28700\" data-permalink=\"https:\/\/www.jazzzeitung.de\/cms\/2022\/11\/ego-d-jens-dueppe-auf-lebensweltreise-erstes-solo-album-des-schlagzeugers\/cover_dueppe_ego_d\/\" data-orig-file=\"https:\/\/i0.wp.com\/www.jazzzeitung.de\/cms\/wp-content\/uploads\/2022\/11\/cover_dueppe_ego_d.jpg?fit=1200%2C1116&amp;ssl=1\" data-orig-size=\"1200,1116\" data-comments-opened=\"1\" data-image-meta=\"{&quot;aperture&quot;:&quot;0&quot;,&quot;credit&quot;:&quot;&quot;,&quot;camera&quot;:&quot;&quot;,&quot;caption&quot;:&quot;&quot;,&quot;created_timestamp&quot;:&quot;0&quot;,&quot;copyright&quot;:&quot;&quot;,&quot;focal_length&quot;:&quot;0&quot;,&quot;iso&quot;:&quot;0&quot;,&quot;shutter_speed&quot;:&quot;0&quot;,&quot;title&quot;:&quot;&quot;,&quot;orientation&quot;:&quot;0&quot;}\" data-image-title=\"cover_d\u00fcppe_ego_d\" data-image-description=\"\" data-image-caption=\"\" data-large-file=\"https:\/\/i0.wp.com\/www.jazzzeitung.de\/cms\/wp-content\/uploads\/2022\/11\/cover_dueppe_ego_d.jpg?fit=645%2C600&amp;ssl=1\" class=\"alignleft size-medium wp-image-28700\" src=\"https:\/\/i0.wp.com\/www.jazzzeitung.de\/cms\/wp-content\/uploads\/2022\/11\/cover_dueppe_ego_d.jpg?resize=300%2C279&#038;ssl=1\" alt=\"\" width=\"300\" height=\"279\" srcset=\"https:\/\/i0.wp.com\/www.jazzzeitung.de\/cms\/wp-content\/uploads\/2022\/11\/cover_dueppe_ego_d.jpg?resize=300%2C279&amp;ssl=1 300w, https:\/\/i0.wp.com\/www.jazzzeitung.de\/cms\/wp-content\/uploads\/2022\/11\/cover_dueppe_ego_d.jpg?resize=645%2C600&amp;ssl=1 645w, https:\/\/i0.wp.com\/www.jazzzeitung.de\/cms\/wp-content\/uploads\/2022\/11\/cover_dueppe_ego_d.jpg?resize=768%2C714&amp;ssl=1 768w, https:\/\/i0.wp.com\/www.jazzzeitung.de\/cms\/wp-content\/uploads\/2022\/11\/cover_dueppe_ego_d.jpg?w=1200&amp;ssl=1 1200w\" sizes=\"auto, (max-width: 300px) 100vw, 300px\" \/><\/p>\n<h3>Balkan Folklore<\/h3>\n<p>Wie die Rhythmiker der balkanischen Folklore mit sparsamem Instrumentarium auskommen und dennoch erstaunliche Kl\u00e4nge und mitrei\u00dfende Rhythmen erzeugen, so beschr\u00e4nkt sich D\u00fcppe auf seinem Solo-Album bewusst auf ein reduziertes Drumset, das er erg\u00e4nzt durch \u00fcberwiegend perkussiv eingesetztes Piano und nur sehr sparsam durch den Synthesizer, zur Erzeugung einer bestimmten Atmosph\u00e4re oder wenn er bestimmte Grundt\u00f6ne l\u00e4nger halten m\u00f6chte. So in \u201e1000 Stars\u201c, dem achten Titel des Albums, in dem D\u00fcppe seine seit fr\u00fcher Jugend bis heute anhaltende Neugier und ungestillte Sehnsucht nach \u201eden Sternen\u201c, nach der Unendlichkeit des Alls, musikalischen Ausdruck verleiht. Die komplexe Komposition wird durch die Mitwirkung der Souls\u00e4ngerin Jocelyn B. Smith und ihre Interpretation von D\u00fcppes Song \u201e1000 Stars\u201c zu einem besonderen H\u00f6rerlebnis.<\/p>\n<h3>Menschliche Stimme als Instrument<\/h3>\n<p>Noch in zwei weiteren Titeln bedient sich D\u00fcppe zus\u00e4tzlich zu seinen Instrumenten der menschlichen Stimme. Gleich im Opener \u201eThe Drum\u201c l\u00e4sst er den jungen Rapper Jabul aus der K\u00f6lner House-Music-Szene als native American Speaker sein oben erw\u00e4hntes Gedicht \u201eThe Beat\u201c, hier in \u201eThe Drum\u201c umbenannt, dynamisch mit seinem Schlagzeugspiel dialogisieren, und man wird sofort eingef\u00fchrt in D\u00fcppes musikalische Welt: \u00a0\u201eIn the beginning there was the drum \/ in the beginning there was the beat \/ the beat of life \/ and when we grow \/ we follow its rhythm \/ a rhythm which pushes us further \/ which speeds up our life \u2026 and remains with us\u00a0 \/\u00a0 for all our time.\u201c<\/p>\n<p>Das zweite Beispiel f\u00fcr den Einsatz von Stimme(n), im f\u00fcnften St\u00fcck \u201eMeditation\u201c, zeigt D\u00fcppes lyrische Seite. Die eher melancholischen Verse in Paul Verlaines zeitlos sch\u00f6nem \u201eChanson D\u2019Automne\u201c werden \u2013 und das macht einen besonderen Reiz aus \u2013 von zwei Interpreten rezitiert, die nicht franz\u00f6sischer Herkunft sind, von der Italienerin Germana Olivieri und dem deutschen Musiker Sebastian Wagner.<\/p>\n<h3>Minimal Music<\/h3>\n<p>D\u00fcppes Liebe zur Minimal Music beweist er in \u201eDance 1\u201c und dem Schlussst\u00fcck \u201eA Million Miles From Home\u201c, ersteres nur mit perkussivem Tastenspiel und Bass Drum,\u00a0 letzteres instrumental etwas angereichert als Verbeugung\u00a0 vor Steve Reich, Aphax Twin und Arvo P\u00e4rt \u2013 ein Beispiel f\u00fcr D\u00fcppes Auffassung von \u201emusic without borders\u201c, dessen scheinbare Paradoxit\u00e4t zwischen Minimalismus und Expressivit\u00e4t sich erst nach intensiverem Zuh\u00f6ren aufl\u00f6st. In \u201eBirdsz\u201c huldigt D\u00fcppe der Freiheit generell \u2013 in der Natur, dem menschlichen Zusammenleben, dem freien Spiel in der Improvisierten Musik. \u201eSilent Wave\u201c besteht aus nur zwei Akkorden, die in st\u00e4ndigem Wechsel beider H\u00e4nde auf dem Schlagzeug oder dem Piano angeschlagen werden. Aber welche Hand spielt wann und was? Noch ein kleines R\u00e4tsel f\u00fcr aufmerksame H\u00f6rer. \u201eCome With Me\u201c, in Konzerten bewusst an den Schluss gesetzt, ist eine Ode an das Leben, die sich von einfach gesetzten Phrasen stetig steigert in ein gewaltiges Crescendo voll pulsierender Energie und Lebensfreude.<\/p>\n<h3>CD-Tipp<\/h3>\n<p><strong>Jens D\u00fcppe: Ego-d<\/strong><br \/>\nEnja &amp; Yellowbird Records (Edel)<\/p>\n<p>&nbsp;<\/p>\n<p>&nbsp;<\/p>\n","protected":false},"excerpt":{"rendered":"<p>Von Dietrich Schlegel. Es klingt keineswegs anma\u00dfend oder gar snobistisch, wenn Jens D\u00fcppe im Gespr\u00e4ch beil\u00e4ufig erw\u00e4hnt, dass er auf seinen weltweiten Konzertreisen die Essay-Sammlung \u201eSilence\u201c von John Cage im Gep\u00e4ck mitf\u00fchrt, um sich von der Musikphilosophie und den Einsichten des in jeder Hinsicht alle Grenzen \u00fcberschreitenden Zen-Buddhisten f\u00fcr seine eigenen Kompositionen\u00a0 und Improvisationen inspirieren und seine eigene Weltsicht \u00fcberpr\u00fcfen und wom\u00f6glich erweitern zu lassen. Der aus dem Schw\u00e4bischen stammende, seit langem in K\u00f6ln heimische Schlagzeuger, Percussionist, Komponist, Bandleader, Klang-Erforscher, gilt als einer der einfallsreichsten Musiker im weiteren Bereich des zeitgen\u00f6ssischen Jazz mit offenen Grenzen zur Minimal Music. Anima Dabei geht er stets bed\u00e4chtig vor, l\u00e4sst vieles reifen. F\u00fcr das erste Album unter eigenem Namen mit eigener Band (Anima, 2015) lie\u00df er sich fast zwei Jahrzehnte Zeit, denn sie brauchte er mit seinen vielf\u00e4ltigen Engagements am Drumset mehrerer Big Bands und der fast un\u00fcbersichtlichen Anzahl kleinerer Formationen der K\u00f6lner und rheinischen Jazzszene wie auch f\u00fcr seine ungew\u00f6hnlichen Kommunikationskonzerte etwa in einem \u201eGer\u00e4usch-Caf\u00e9\u201c. Nun hat er die Corona bedingte Zwangspause von Live-Auftritten genutzt, um sich den lang gehegten Wunsch einer Solo-Einspielung zu erf\u00fcllen. &#8222;The Beat&#8220; Als &hellip;<\/p>\n","protected":false},"author":18,"featured_media":28700,"comment_status":"open","ping_status":"closed","sticky":false,"template":"","format":"standard","meta":{"_jetpack_memberships_contains_paid_content":false,"footnotes":"","jetpack_publicize_message":"","jetpack_publicize_feature_enabled":true,"jetpack_social_post_already_shared":false,"jetpack_social_options":{"image_generator_settings":{"template":"highway","default_image_id":0,"font":"","enabled":false},"version":2}},"categories":[1063,1152],"tags":[1485,1081,2112,4390,1481,245,294,2861,1064,2312,4391],"coauthors":[695],"class_list":["post-28698","post","type-post","status-publish","format-standard","has-post-thumbnail","hentry","category-portrait","category-rezension","tag-cd-rezension","tag-dietrich-schlegel","tag-edel","tag-ego-d","tag-enja-records","tag-interview-2","tag-jazzzeitung","tag-jazzzeitung-de","tag-jens-dueppe","tag-schlagzeuger","tag-yellowvbird-redords"],"yoast_head":"<!-- This site is optimized with the Yoast SEO plugin v27.5 - https:\/\/yoast.com\/product\/yoast-seo-wordpress\/ -->\n<title>Ego-d - Jens D\u00fcppe auf \u201eLebensweltreise\u201c - erstes Solo-Album des Schlagzeugers - JazzZeitung<\/title>\n<meta name=\"robots\" content=\"index, follow, max-snippet:-1, max-image-preview:large, max-video-preview:-1\" \/>\n<link rel=\"canonical\" href=\"https:\/\/www.jazzzeitung.de\/cms\/2022\/11\/ego-d-jens-dueppe-auf-lebensweltreise-erstes-solo-album-des-schlagzeugers\/\" \/>\n<meta property=\"og:locale\" content=\"de_DE\" \/>\n<meta property=\"og:type\" content=\"article\" \/>\n<meta property=\"og:title\" content=\"Ego-d - Jens D\u00fcppe auf \u201eLebensweltreise\u201c - erstes Solo-Album des Schlagzeugers - JazzZeitung\" \/>\n<meta property=\"og:description\" content=\"Von Dietrich Schlegel. Es klingt keineswegs anma\u00dfend oder gar snobistisch, wenn Jens D\u00fcppe im Gespr\u00e4ch beil\u00e4ufig erw\u00e4hnt, dass er auf seinen weltweiten Konzertreisen die Essay-Sammlung \u201eSilence\u201c von John Cage im Gep\u00e4ck mitf\u00fchrt, um sich von der Musikphilosophie und den Einsichten des in jeder Hinsicht alle Grenzen \u00fcberschreitenden Zen-Buddhisten f\u00fcr seine eigenen Kompositionen\u00a0 und Improvisationen inspirieren und seine eigene Weltsicht \u00fcberpr\u00fcfen und wom\u00f6glich erweitern zu lassen. Der aus dem Schw\u00e4bischen stammende, seit langem in K\u00f6ln heimische Schlagzeuger, Percussionist, Komponist, Bandleader, Klang-Erforscher, gilt als einer der einfallsreichsten Musiker im weiteren Bereich des zeitgen\u00f6ssischen Jazz mit offenen Grenzen zur Minimal Music. Anima Dabei geht er stets bed\u00e4chtig vor, l\u00e4sst vieles reifen. F\u00fcr das erste Album unter eigenem Namen mit eigener Band (Anima, 2015) lie\u00df er sich fast zwei Jahrzehnte Zeit, denn sie brauchte er mit seinen vielf\u00e4ltigen Engagements am Drumset mehrerer Big Bands und der fast un\u00fcbersichtlichen Anzahl kleinerer Formationen der K\u00f6lner und rheinischen Jazzszene wie auch f\u00fcr seine ungew\u00f6hnlichen Kommunikationskonzerte etwa in einem \u201eGer\u00e4usch-Caf\u00e9\u201c. Nun hat er die Corona bedingte Zwangspause von Live-Auftritten genutzt, um sich den lang gehegten Wunsch einer Solo-Einspielung zu erf\u00fcllen. &#8222;The Beat&#8220; Als &hellip;\" \/>\n<meta property=\"og:url\" content=\"https:\/\/www.jazzzeitung.de\/cms\/2022\/11\/ego-d-jens-dueppe-auf-lebensweltreise-erstes-solo-album-des-schlagzeugers\/\" \/>\n<meta property=\"og:site_name\" content=\"JazzZeitung\" \/>\n<meta property=\"article:publisher\" content=\"https:\/\/www.facebook.com\/JazzZeitung\/\" \/>\n<meta property=\"article:published_time\" content=\"2022-11-22T11:01:16+00:00\" \/>\n<meta property=\"article:modified_time\" content=\"2022-11-23T08:15:53+00:00\" \/>\n<meta property=\"og:image\" content=\"https:\/\/www.jazzzeitung.de\/cms\/wp-content\/uploads\/2022\/11\/cover_dueppe_ego_d.jpg\" \/>\n\t<meta property=\"og:image:width\" content=\"1200\" \/>\n\t<meta property=\"og:image:height\" content=\"1116\" \/>\n\t<meta property=\"og:image:type\" content=\"image\/jpeg\" \/>\n<meta name=\"author\" content=\"Redaktion JazzZeitung\" \/>\n<script type=\"application\/ld+json\" class=\"yoast-schema-graph\">{\"@context\":\"https:\\\/\\\/schema.org\",\"@graph\":[{\"@type\":\"Article\",\"@id\":\"https:\\\/\\\/www.jazzzeitung.de\\\/cms\\\/2022\\\/11\\\/ego-d-jens-dueppe-auf-lebensweltreise-erstes-solo-album-des-schlagzeugers\\\/#article\",\"isPartOf\":{\"@id\":\"https:\\\/\\\/www.jazzzeitung.de\\\/cms\\\/2022\\\/11\\\/ego-d-jens-dueppe-auf-lebensweltreise-erstes-solo-album-des-schlagzeugers\\\/\"},\"author\":{\"name\":\"Redaktion JazzZeitung\",\"@id\":\"https:\\\/\\\/www.jazzzeitung.de\\\/cms\\\/#\\\/schema\\\/person\\\/2245b36b9cd1d24cea10f01c031fb92b\"},\"headline\":\"Ego-d &#8211; Jens D\u00fcppe auf \u201eLebensweltreise\u201c &#8211; erstes Solo-Album des Schlagzeugers\",\"datePublished\":\"2022-11-22T11:01:16+00:00\",\"dateModified\":\"2022-11-23T08:15:53+00:00\",\"mainEntityOfPage\":{\"@id\":\"https:\\\/\\\/www.jazzzeitung.de\\\/cms\\\/2022\\\/11\\\/ego-d-jens-dueppe-auf-lebensweltreise-erstes-solo-album-des-schlagzeugers\\\/\"},\"wordCount\":1026,\"commentCount\":0,\"publisher\":{\"@id\":\"https:\\\/\\\/www.jazzzeitung.de\\\/cms\\\/#organization\"},\"image\":{\"@id\":\"https:\\\/\\\/www.jazzzeitung.de\\\/cms\\\/2022\\\/11\\\/ego-d-jens-dueppe-auf-lebensweltreise-erstes-solo-album-des-schlagzeugers\\\/#primaryimage\"},\"thumbnailUrl\":\"https:\\\/\\\/i0.wp.com\\\/www.jazzzeitung.de\\\/cms\\\/wp-content\\\/uploads\\\/2022\\\/11\\\/cover_dueppe_ego_d.jpg?fit=1200%2C1116&ssl=1\",\"keywords\":[\"CD-Rezension\",\"Dietrich Schlegel\",\"Edel\",\"Ego-d\",\"Enja Records\",\"Interview\",\"Jazzzeitung\",\"JazzZeitung.de\",\"Jens D\u00fcppe\",\"Schlagzeuger\",\"Yellowv\u00b4bird Redords\"],\"articleSection\":[\"Portrait\",\"Rezension\"],\"inLanguage\":\"de\",\"potentialAction\":[{\"@type\":\"CommentAction\",\"name\":\"Comment\",\"target\":[\"https:\\\/\\\/www.jazzzeitung.de\\\/cms\\\/2022\\\/11\\\/ego-d-jens-dueppe-auf-lebensweltreise-erstes-solo-album-des-schlagzeugers\\\/#respond\"]}]},{\"@type\":\"WebPage\",\"@id\":\"https:\\\/\\\/www.jazzzeitung.de\\\/cms\\\/2022\\\/11\\\/ego-d-jens-dueppe-auf-lebensweltreise-erstes-solo-album-des-schlagzeugers\\\/\",\"url\":\"https:\\\/\\\/www.jazzzeitung.de\\\/cms\\\/2022\\\/11\\\/ego-d-jens-dueppe-auf-lebensweltreise-erstes-solo-album-des-schlagzeugers\\\/\",\"name\":\"Ego-d - Jens D\u00fcppe auf \u201eLebensweltreise\u201c - erstes Solo-Album des Schlagzeugers - JazzZeitung\",\"isPartOf\":{\"@id\":\"https:\\\/\\\/www.jazzzeitung.de\\\/cms\\\/#website\"},\"primaryImageOfPage\":{\"@id\":\"https:\\\/\\\/www.jazzzeitung.de\\\/cms\\\/2022\\\/11\\\/ego-d-jens-dueppe-auf-lebensweltreise-erstes-solo-album-des-schlagzeugers\\\/#primaryimage\"},\"image\":{\"@id\":\"https:\\\/\\\/www.jazzzeitung.de\\\/cms\\\/2022\\\/11\\\/ego-d-jens-dueppe-auf-lebensweltreise-erstes-solo-album-des-schlagzeugers\\\/#primaryimage\"},\"thumbnailUrl\":\"https:\\\/\\\/i0.wp.com\\\/www.jazzzeitung.de\\\/cms\\\/wp-content\\\/uploads\\\/2022\\\/11\\\/cover_dueppe_ego_d.jpg?fit=1200%2C1116&ssl=1\",\"datePublished\":\"2022-11-22T11:01:16+00:00\",\"dateModified\":\"2022-11-23T08:15:53+00:00\",\"breadcrumb\":{\"@id\":\"https:\\\/\\\/www.jazzzeitung.de\\\/cms\\\/2022\\\/11\\\/ego-d-jens-dueppe-auf-lebensweltreise-erstes-solo-album-des-schlagzeugers\\\/#breadcrumb\"},\"inLanguage\":\"de\",\"potentialAction\":[{\"@type\":\"ReadAction\",\"target\":[\"https:\\\/\\\/www.jazzzeitung.de\\\/cms\\\/2022\\\/11\\\/ego-d-jens-dueppe-auf-lebensweltreise-erstes-solo-album-des-schlagzeugers\\\/\"]}]},{\"@type\":\"ImageObject\",\"inLanguage\":\"de\",\"@id\":\"https:\\\/\\\/www.jazzzeitung.de\\\/cms\\\/2022\\\/11\\\/ego-d-jens-dueppe-auf-lebensweltreise-erstes-solo-album-des-schlagzeugers\\\/#primaryimage\",\"url\":\"https:\\\/\\\/i0.wp.com\\\/www.jazzzeitung.de\\\/cms\\\/wp-content\\\/uploads\\\/2022\\\/11\\\/cover_dueppe_ego_d.jpg?fit=1200%2C1116&ssl=1\",\"contentUrl\":\"https:\\\/\\\/i0.wp.com\\\/www.jazzzeitung.de\\\/cms\\\/wp-content\\\/uploads\\\/2022\\\/11\\\/cover_dueppe_ego_d.jpg?fit=1200%2C1116&ssl=1\",\"width\":1200,\"height\":1116},{\"@type\":\"BreadcrumbList\",\"@id\":\"https:\\\/\\\/www.jazzzeitung.de\\\/cms\\\/2022\\\/11\\\/ego-d-jens-dueppe-auf-lebensweltreise-erstes-solo-album-des-schlagzeugers\\\/#breadcrumb\",\"itemListElement\":[{\"@type\":\"ListItem\",\"position\":1,\"name\":\"Startseite\",\"item\":\"https:\\\/\\\/www.jazzzeitung.de\\\/cms\\\/\"},{\"@type\":\"ListItem\",\"position\":2,\"name\":\"Ego-d &#8211; Jens D\u00fcppe auf \u201eLebensweltreise\u201c &#8211; erstes Solo-Album des Schlagzeugers\"}]},{\"@type\":\"WebSite\",\"@id\":\"https:\\\/\\\/www.jazzzeitung.de\\\/cms\\\/#website\",\"url\":\"https:\\\/\\\/www.jazzzeitung.de\\\/cms\\\/\",\"name\":\"JazzZeitung\",\"description\":\"Jazz-News und Jazz-Kontroverses\",\"publisher\":{\"@id\":\"https:\\\/\\\/www.jazzzeitung.de\\\/cms\\\/#organization\"},\"potentialAction\":[{\"@type\":\"SearchAction\",\"target\":{\"@type\":\"EntryPoint\",\"urlTemplate\":\"https:\\\/\\\/www.jazzzeitung.de\\\/cms\\\/?s={search_term_string}\"},\"query-input\":{\"@type\":\"PropertyValueSpecification\",\"valueRequired\":true,\"valueName\":\"search_term_string\"}}],\"inLanguage\":\"de\"},{\"@type\":\"Organization\",\"@id\":\"https:\\\/\\\/www.jazzzeitung.de\\\/cms\\\/#organization\",\"name\":\"JazzZeitung online\",\"url\":\"https:\\\/\\\/www.jazzzeitung.de\\\/cms\\\/\",\"logo\":{\"@type\":\"ImageObject\",\"inLanguage\":\"de\",\"@id\":\"https:\\\/\\\/www.jazzzeitung.de\\\/cms\\\/#\\\/schema\\\/logo\\\/image\\\/\",\"url\":\"https:\\\/\\\/i0.wp.com\\\/www.jazzzeitung.de\\\/cms\\\/wp-content\\\/uploads\\\/2015\\\/08\\\/JAZZZEITUNGDE_Logo_Neu.png?fit=499%2C200&ssl=1\",\"contentUrl\":\"https:\\\/\\\/i0.wp.com\\\/www.jazzzeitung.de\\\/cms\\\/wp-content\\\/uploads\\\/2015\\\/08\\\/JAZZZEITUNGDE_Logo_Neu.png?fit=499%2C200&ssl=1\",\"width\":499,\"height\":200,\"caption\":\"JazzZeitung online\"},\"image\":{\"@id\":\"https:\\\/\\\/www.jazzzeitung.de\\\/cms\\\/#\\\/schema\\\/logo\\\/image\\\/\"},\"sameAs\":[\"https:\\\/\\\/www.facebook.com\\\/JazzZeitung\\\/\"]},{\"@type\":\"Person\",\"@id\":\"https:\\\/\\\/www.jazzzeitung.de\\\/cms\\\/#\\\/schema\\\/person\\\/2245b36b9cd1d24cea10f01c031fb92b\",\"name\":\"Redaktion JazzZeitung\",\"image\":{\"@type\":\"ImageObject\",\"inLanguage\":\"de\",\"@id\":\"https:\\\/\\\/i0.wp.com\\\/www.jazzzeitung.de\\\/cms\\\/wp-content\\\/uploads\\\/2015\\\/08\\\/JAZZZEITUNGDE_Logo_Neu.png?resize=96%2C96&ssl=159975dcacb611b5700bd619b5daf0a7a\",\"url\":\"https:\\\/\\\/i0.wp.com\\\/www.jazzzeitung.de\\\/cms\\\/wp-content\\\/uploads\\\/2015\\\/08\\\/JAZZZEITUNGDE_Logo_Neu.png?resize=96%2C96&ssl=1\",\"contentUrl\":\"https:\\\/\\\/i0.wp.com\\\/www.jazzzeitung.de\\\/cms\\\/wp-content\\\/uploads\\\/2015\\\/08\\\/JAZZZEITUNGDE_Logo_Neu.png?resize=96%2C96&ssl=1\",\"caption\":\"Redaktion JazzZeitung\"},\"description\":\"Artikel der Redaktion der JazzZeitung.\",\"sameAs\":[\"http:\\\/\\\/www.jazzzeitung.de\\\/cms\\\/\"],\"url\":\"https:\\\/\\\/www.jazzzeitung.de\\\/cms\\\/author\\\/redaktion\\\/\"}]}<\/script>\n<!-- \/ Yoast SEO plugin. -->","yoast_head_json":{"title":"Ego-d - Jens D\u00fcppe auf \u201eLebensweltreise\u201c - erstes Solo-Album des Schlagzeugers - JazzZeitung","robots":{"index":"index","follow":"follow","max-snippet":"max-snippet:-1","max-image-preview":"max-image-preview:large","max-video-preview":"max-video-preview:-1"},"canonical":"https:\/\/www.jazzzeitung.de\/cms\/2022\/11\/ego-d-jens-dueppe-auf-lebensweltreise-erstes-solo-album-des-schlagzeugers\/","og_locale":"de_DE","og_type":"article","og_title":"Ego-d - Jens D\u00fcppe auf \u201eLebensweltreise\u201c - erstes Solo-Album des Schlagzeugers - JazzZeitung","og_description":"Von Dietrich Schlegel. Es klingt keineswegs anma\u00dfend oder gar snobistisch, wenn Jens D\u00fcppe im Gespr\u00e4ch beil\u00e4ufig erw\u00e4hnt, dass er auf seinen weltweiten Konzertreisen die Essay-Sammlung \u201eSilence\u201c von John Cage im Gep\u00e4ck mitf\u00fchrt, um sich von der Musikphilosophie und den Einsichten des in jeder Hinsicht alle Grenzen \u00fcberschreitenden Zen-Buddhisten f\u00fcr seine eigenen Kompositionen\u00a0 und Improvisationen inspirieren und seine eigene Weltsicht \u00fcberpr\u00fcfen und wom\u00f6glich erweitern zu lassen. Der aus dem Schw\u00e4bischen stammende, seit langem in K\u00f6ln heimische Schlagzeuger, Percussionist, Komponist, Bandleader, Klang-Erforscher, gilt als einer der einfallsreichsten Musiker im weiteren Bereich des zeitgen\u00f6ssischen Jazz mit offenen Grenzen zur Minimal Music. Anima Dabei geht er stets bed\u00e4chtig vor, l\u00e4sst vieles reifen. F\u00fcr das erste Album unter eigenem Namen mit eigener Band (Anima, 2015) lie\u00df er sich fast zwei Jahrzehnte Zeit, denn sie brauchte er mit seinen vielf\u00e4ltigen Engagements am Drumset mehrerer Big Bands und der fast un\u00fcbersichtlichen Anzahl kleinerer Formationen der K\u00f6lner und rheinischen Jazzszene wie auch f\u00fcr seine ungew\u00f6hnlichen Kommunikationskonzerte etwa in einem \u201eGer\u00e4usch-Caf\u00e9\u201c. Nun hat er die Corona bedingte Zwangspause von Live-Auftritten genutzt, um sich den lang gehegten Wunsch einer Solo-Einspielung zu erf\u00fcllen. &#8222;The Beat&#8220; Als &hellip;","og_url":"https:\/\/www.jazzzeitung.de\/cms\/2022\/11\/ego-d-jens-dueppe-auf-lebensweltreise-erstes-solo-album-des-schlagzeugers\/","og_site_name":"JazzZeitung","article_publisher":"https:\/\/www.facebook.com\/JazzZeitung\/","article_published_time":"2022-11-22T11:01:16+00:00","article_modified_time":"2022-11-23T08:15:53+00:00","og_image":[{"width":1200,"height":1116,"url":"https:\/\/www.jazzzeitung.de\/cms\/wp-content\/uploads\/2022\/11\/cover_dueppe_ego_d.jpg","type":"image\/jpeg"}],"author":"Redaktion JazzZeitung","schema":{"@context":"https:\/\/schema.org","@graph":[{"@type":"Article","@id":"https:\/\/www.jazzzeitung.de\/cms\/2022\/11\/ego-d-jens-dueppe-auf-lebensweltreise-erstes-solo-album-des-schlagzeugers\/#article","isPartOf":{"@id":"https:\/\/www.jazzzeitung.de\/cms\/2022\/11\/ego-d-jens-dueppe-auf-lebensweltreise-erstes-solo-album-des-schlagzeugers\/"},"author":{"name":"Redaktion JazzZeitung","@id":"https:\/\/www.jazzzeitung.de\/cms\/#\/schema\/person\/2245b36b9cd1d24cea10f01c031fb92b"},"headline":"Ego-d &#8211; Jens D\u00fcppe auf \u201eLebensweltreise\u201c &#8211; erstes Solo-Album des Schlagzeugers","datePublished":"2022-11-22T11:01:16+00:00","dateModified":"2022-11-23T08:15:53+00:00","mainEntityOfPage":{"@id":"https:\/\/www.jazzzeitung.de\/cms\/2022\/11\/ego-d-jens-dueppe-auf-lebensweltreise-erstes-solo-album-des-schlagzeugers\/"},"wordCount":1026,"commentCount":0,"publisher":{"@id":"https:\/\/www.jazzzeitung.de\/cms\/#organization"},"image":{"@id":"https:\/\/www.jazzzeitung.de\/cms\/2022\/11\/ego-d-jens-dueppe-auf-lebensweltreise-erstes-solo-album-des-schlagzeugers\/#primaryimage"},"thumbnailUrl":"https:\/\/i0.wp.com\/www.jazzzeitung.de\/cms\/wp-content\/uploads\/2022\/11\/cover_dueppe_ego_d.jpg?fit=1200%2C1116&ssl=1","keywords":["CD-Rezension","Dietrich Schlegel","Edel","Ego-d","Enja Records","Interview","Jazzzeitung","JazzZeitung.de","Jens D\u00fcppe","Schlagzeuger","Yellowv\u00b4bird Redords"],"articleSection":["Portrait","Rezension"],"inLanguage":"de","potentialAction":[{"@type":"CommentAction","name":"Comment","target":["https:\/\/www.jazzzeitung.de\/cms\/2022\/11\/ego-d-jens-dueppe-auf-lebensweltreise-erstes-solo-album-des-schlagzeugers\/#respond"]}]},{"@type":"WebPage","@id":"https:\/\/www.jazzzeitung.de\/cms\/2022\/11\/ego-d-jens-dueppe-auf-lebensweltreise-erstes-solo-album-des-schlagzeugers\/","url":"https:\/\/www.jazzzeitung.de\/cms\/2022\/11\/ego-d-jens-dueppe-auf-lebensweltreise-erstes-solo-album-des-schlagzeugers\/","name":"Ego-d - Jens D\u00fcppe auf \u201eLebensweltreise\u201c - erstes Solo-Album des Schlagzeugers - JazzZeitung","isPartOf":{"@id":"https:\/\/www.jazzzeitung.de\/cms\/#website"},"primaryImageOfPage":{"@id":"https:\/\/www.jazzzeitung.de\/cms\/2022\/11\/ego-d-jens-dueppe-auf-lebensweltreise-erstes-solo-album-des-schlagzeugers\/#primaryimage"},"image":{"@id":"https:\/\/www.jazzzeitung.de\/cms\/2022\/11\/ego-d-jens-dueppe-auf-lebensweltreise-erstes-solo-album-des-schlagzeugers\/#primaryimage"},"thumbnailUrl":"https:\/\/i0.wp.com\/www.jazzzeitung.de\/cms\/wp-content\/uploads\/2022\/11\/cover_dueppe_ego_d.jpg?fit=1200%2C1116&ssl=1","datePublished":"2022-11-22T11:01:16+00:00","dateModified":"2022-11-23T08:15:53+00:00","breadcrumb":{"@id":"https:\/\/www.jazzzeitung.de\/cms\/2022\/11\/ego-d-jens-dueppe-auf-lebensweltreise-erstes-solo-album-des-schlagzeugers\/#breadcrumb"},"inLanguage":"de","potentialAction":[{"@type":"ReadAction","target":["https:\/\/www.jazzzeitung.de\/cms\/2022\/11\/ego-d-jens-dueppe-auf-lebensweltreise-erstes-solo-album-des-schlagzeugers\/"]}]},{"@type":"ImageObject","inLanguage":"de","@id":"https:\/\/www.jazzzeitung.de\/cms\/2022\/11\/ego-d-jens-dueppe-auf-lebensweltreise-erstes-solo-album-des-schlagzeugers\/#primaryimage","url":"https:\/\/i0.wp.com\/www.jazzzeitung.de\/cms\/wp-content\/uploads\/2022\/11\/cover_dueppe_ego_d.jpg?fit=1200%2C1116&ssl=1","contentUrl":"https:\/\/i0.wp.com\/www.jazzzeitung.de\/cms\/wp-content\/uploads\/2022\/11\/cover_dueppe_ego_d.jpg?fit=1200%2C1116&ssl=1","width":1200,"height":1116},{"@type":"BreadcrumbList","@id":"https:\/\/www.jazzzeitung.de\/cms\/2022\/11\/ego-d-jens-dueppe-auf-lebensweltreise-erstes-solo-album-des-schlagzeugers\/#breadcrumb","itemListElement":[{"@type":"ListItem","position":1,"name":"Startseite","item":"https:\/\/www.jazzzeitung.de\/cms\/"},{"@type":"ListItem","position":2,"name":"Ego-d &#8211; Jens D\u00fcppe auf \u201eLebensweltreise\u201c &#8211; erstes Solo-Album des Schlagzeugers"}]},{"@type":"WebSite","@id":"https:\/\/www.jazzzeitung.de\/cms\/#website","url":"https:\/\/www.jazzzeitung.de\/cms\/","name":"JazzZeitung","description":"Jazz-News und Jazz-Kontroverses","publisher":{"@id":"https:\/\/www.jazzzeitung.de\/cms\/#organization"},"potentialAction":[{"@type":"SearchAction","target":{"@type":"EntryPoint","urlTemplate":"https:\/\/www.jazzzeitung.de\/cms\/?s={search_term_string}"},"query-input":{"@type":"PropertyValueSpecification","valueRequired":true,"valueName":"search_term_string"}}],"inLanguage":"de"},{"@type":"Organization","@id":"https:\/\/www.jazzzeitung.de\/cms\/#organization","name":"JazzZeitung online","url":"https:\/\/www.jazzzeitung.de\/cms\/","logo":{"@type":"ImageObject","inLanguage":"de","@id":"https:\/\/www.jazzzeitung.de\/cms\/#\/schema\/logo\/image\/","url":"https:\/\/i0.wp.com\/www.jazzzeitung.de\/cms\/wp-content\/uploads\/2015\/08\/JAZZZEITUNGDE_Logo_Neu.png?fit=499%2C200&ssl=1","contentUrl":"https:\/\/i0.wp.com\/www.jazzzeitung.de\/cms\/wp-content\/uploads\/2015\/08\/JAZZZEITUNGDE_Logo_Neu.png?fit=499%2C200&ssl=1","width":499,"height":200,"caption":"JazzZeitung online"},"image":{"@id":"https:\/\/www.jazzzeitung.de\/cms\/#\/schema\/logo\/image\/"},"sameAs":["https:\/\/www.facebook.com\/JazzZeitung\/"]},{"@type":"Person","@id":"https:\/\/www.jazzzeitung.de\/cms\/#\/schema\/person\/2245b36b9cd1d24cea10f01c031fb92b","name":"Redaktion JazzZeitung","image":{"@type":"ImageObject","inLanguage":"de","@id":"https:\/\/i0.wp.com\/www.jazzzeitung.de\/cms\/wp-content\/uploads\/2015\/08\/JAZZZEITUNGDE_Logo_Neu.png?resize=96%2C96&ssl=159975dcacb611b5700bd619b5daf0a7a","url":"https:\/\/i0.wp.com\/www.jazzzeitung.de\/cms\/wp-content\/uploads\/2015\/08\/JAZZZEITUNGDE_Logo_Neu.png?resize=96%2C96&ssl=1","contentUrl":"https:\/\/i0.wp.com\/www.jazzzeitung.de\/cms\/wp-content\/uploads\/2015\/08\/JAZZZEITUNGDE_Logo_Neu.png?resize=96%2C96&ssl=1","caption":"Redaktion JazzZeitung"},"description":"Artikel der Redaktion der JazzZeitung.","sameAs":["http:\/\/www.jazzzeitung.de\/cms\/"],"url":"https:\/\/www.jazzzeitung.de\/cms\/author\/redaktion\/"}]}},"wp-worthy-pixel":{"ignored":false,"public":null,"server":null,"url":null},"wp-worthy-type":"normal","jetpack_publicize_connections":[],"cc_featured_image_caption":{"caption_text":"CD von Jens D\u00fcppe. ","source_text":"CD von Jens D\u00fcppe. ","source_url":""},"jetpack_featured_media_url":"https:\/\/i0.wp.com\/www.jazzzeitung.de\/cms\/wp-content\/uploads\/2022\/11\/cover_dueppe_ego_d.jpg?fit=1200%2C1116&ssl=1","jetpack_shortlink":"https:\/\/wp.me\/p3KEcT-7sS","jetpack-related-posts":[{"id":4490,"url":"https:\/\/www.jazzzeitung.de\/cms\/2014\/08\/einem-meer-von-schwingungen-jens-dueppe-und-seine-ungewoehnlichen-kommunikationskonzerte\/","url_meta":{"origin":28698,"position":0},"title":"In einem Meer von Schwingungen \u2013 Jens D\u00fcppe und seine ungew\u00f6hnlichen Kommunikationskonzerte","author":"Dietrich Schlegel","date":"25. August 2014","format":false,"excerpt":"Von Dietrich Schlegel \u00b7 Waren Sie schon einmal in einem \u201eGer\u00e4usch-Caf\u00e9\u201c? Und haben dort gar ein Konzert geh\u00f6rt? Wohl kaum, wenn Sie nicht gerade am 2. oder 3. April in einer K\u00f6lner Galerie weilten, um \u2013ja, um einfach nur Ger\u00e4uschen zuzuh\u00f6ren, die aus einigen kleinen Lautsprechern in einen sp\u00e4rlich m\u00f6blierten\u2026","rel":"","context":"In &quot;Portrait&quot;","block_context":{"text":"Portrait","link":"https:\/\/www.jazzzeitung.de\/cms\/thema\/portrait\/"},"img":{"alt_text":"In einem Meer von Schwingungen \u2013 Jens D\u00fcppe. Foto:  Gerhard Richter","src":"https:\/\/i0.wp.com\/www.jazzzeitung.de\/cms\/wp-content\/uploads\/2014\/08\/dueppe_3-150x150.jpg?resize=350%2C200","width":350,"height":200},"classes":[]},{"id":5232,"url":"https:\/\/www.jazzzeitung.de\/cms\/2015\/01\/koelner-winterjazz-zum-vierten\/","url_meta":{"origin":28698,"position":1},"title":"K\u00f6lner \u201eWinterjazz\u201c \u2013 zum Vierten","author":"Redaktion JazzZeitung","date":"19. Januar 2015","format":false,"excerpt":"Von Dietrich Schlegel - Auch wenn Angelika Niescier, preisgekr\u00f6nte Saxophonistin, Komponistin und Bandleaderin, viel international unterwegs ist, bleibt sie ihrer \u2013 auch musikalischen \u2013 Heimatstadt K\u00f6ln doch eng verbunden. Und es scheint ihr Ehrgeiz zu sein, diese N\u00e4he nicht nur durch eigene Konzerte zu beweisen, sondern auch durch den von\u2026","rel":"","context":"In &quot;Bericht&quot;","block_context":{"text":"Bericht","link":"https:\/\/www.jazzzeitung.de\/cms\/thema\/bericht\/"},"img":{"alt_text":"Filippa Gojo. Foto: Gehard Richter","src":"https:\/\/i0.wp.com\/www.jazzzeitung.de\/cms\/wp-content\/uploads\/2015\/01\/winterjazz-foto-gerhard-richter-150x150.jpg?resize=350%2C200","width":350,"height":200},"classes":[]},{"id":17517,"url":"https:\/\/www.jazzzeitung.de\/cms\/2018\/10\/dont-fear-shreefpunk-die-neue-aufnahme-von-matthias-schriefl\/","url_meta":{"origin":28698,"position":2},"title":"Don\u2019t fear Shreefpunk &#8211; Die neue Aufnahme von Matthias Schriefl","author":"Redaktion JazzZeitung","date":"26. Oktober 2018","format":false,"excerpt":"Egal ob Steuererkl\u00e4rung, S\u00fcdtiroler Rundungen oder St\u00fccke wie Hamburg, Amsterdam, Luxemburg \u2013 was sich Matthias Schriefl in seinen Kompositionen musikalisch vornimmt, strotzt vor Energie, Spontaneit\u00e4t und vor allem Witz. Mit langj\u00e4hrigen Bandkollegen und Wegbegleitern wie Jens D\u00fcppe, Robert Landfermann, Kalle Kalima, Jonas Burgwinkel, Johannes Behr oder Christian Lillinger fr\u00e4st sich\u2026","rel":"","context":"In &quot;Abgeh\u00f6rt&quot;","block_context":{"text":"Abgeh\u00f6rt","link":"https:\/\/www.jazzzeitung.de\/cms\/thema\/abgehoert\/"},"img":{"alt_text":"","src":"https:\/\/i0.wp.com\/www.jazzzeitung.de\/cms\/wp-content\/uploads\/2018\/10\/Schriefl-Shreefpunk-Caver.jpg?fit=1200%2C1075&ssl=1&resize=350%2C200","width":350,"height":200,"srcset":"https:\/\/i0.wp.com\/www.jazzzeitung.de\/cms\/wp-content\/uploads\/2018\/10\/Schriefl-Shreefpunk-Caver.jpg?fit=1200%2C1075&ssl=1&resize=350%2C200 1x, https:\/\/i0.wp.com\/www.jazzzeitung.de\/cms\/wp-content\/uploads\/2018\/10\/Schriefl-Shreefpunk-Caver.jpg?fit=1200%2C1075&ssl=1&resize=525%2C300 1.5x, https:\/\/i0.wp.com\/www.jazzzeitung.de\/cms\/wp-content\/uploads\/2018\/10\/Schriefl-Shreefpunk-Caver.jpg?fit=1200%2C1075&ssl=1&resize=700%2C400 2x, https:\/\/i0.wp.com\/www.jazzzeitung.de\/cms\/wp-content\/uploads\/2018\/10\/Schriefl-Shreefpunk-Caver.jpg?fit=1200%2C1075&ssl=1&resize=1050%2C600 3x"},"classes":[]},{"id":7093,"url":"https:\/\/www.jazzzeitung.de\/cms\/2015\/09\/fesselnde-big-band-klaenge-caroline-thon-und-ihr-thoneline-orchestra\/","url_meta":{"origin":28698,"position":3},"title":"Fesselnde Big-Band-Kl\u00e4nge \u2013 Caroline Thon und ihr Thoneline Orchestra","author":"Redaktion JazzZeitung","date":"16. September 2015","format":false,"excerpt":"Von Dietrich Schlegel - Die k\u00fcnstlerischen M\u00f6glichkeiten der Gro\u00dfformationen im Jazz scheinen noch lange nicht ausgesch\u00f6pft. \u00dcberzeugende Beispiele liefern etwa Lars Seniuks New German Art Orchestra oder die Monika Roscher Big Band. Und nun erregt f\u00fcnf Jahre nach ihrem Deb\u00fct mit \u201ePanta Rhei\u201c (JazzZeitung 04\/2011) die K\u00f6lner Saxophonistin, Komponistin und\u2026","rel":"","context":"In &quot;Portrait&quot;","block_context":{"text":"Portrait","link":"https:\/\/www.jazzzeitung.de\/cms\/thema\/portrait\/"},"img":{"alt_text":"Pressefoto_1_Caroline_Thon_Foto_by_Beatpics","src":"https:\/\/i0.wp.com\/www.jazzzeitung.de\/cms\/wp-content\/uploads\/2015\/09\/Pressefoto_1_Caroline_Thon_Foto_by_Beatpics-150x150.jpg?resize=350%2C200","width":350,"height":200},"classes":[]},{"id":19797,"url":"https:\/\/www.jazzzeitung.de\/cms\/2019\/06\/news-podiumsdiskussion-music-performance-4-0-bei-jazztalk-erster-eastplugged-junior-award-der-usb-stiftung-vergeben\/","url_meta":{"origin":28698,"position":4},"title":"+++ news +++ Podiumsdiskussion \u201eMusic Performance 4.0\u201c bei Jazz&#038;Talk +++ Erster eastPLUGGED Junior Award der USB Stiftung vergeben +++","author":"Redaktion JazzZeitung","date":"17. Juni 2019","format":false,"excerpt":"Die beiden Moderatoren der \u201eJazz & Talk\u201c Reihe im M\u00fcnchner Gasteig, Andreas Kissenbeck und Michael Keul, laden am 24. Juni zu einer Podiumsdiskussion \u00fcber zukunftsweisende Formate im Jazz und in anderen Genres unter dem Titel \u201eMusic Performance 4.0\u201c ein. \u201eDigitalisierung, K\u00fcnstliche Intelligenz, Internet der Dinge, Smart Cities \u2013 wir werden\u2026","rel":"","context":"In &quot;News&quot;","block_context":{"text":"News","link":"https:\/\/www.jazzzeitung.de\/cms\/thema\/nachrichten\/"},"img":{"alt_text":"","src":"https:\/\/i0.wp.com\/www.jazzzeitung.de\/cms\/wp-content\/uploads\/2019\/06\/jazzandtalk.jpg?fit=1200%2C788&ssl=1&resize=350%2C200","width":350,"height":200,"srcset":"https:\/\/i0.wp.com\/www.jazzzeitung.de\/cms\/wp-content\/uploads\/2019\/06\/jazzandtalk.jpg?fit=1200%2C788&ssl=1&resize=350%2C200 1x, https:\/\/i0.wp.com\/www.jazzzeitung.de\/cms\/wp-content\/uploads\/2019\/06\/jazzandtalk.jpg?fit=1200%2C788&ssl=1&resize=525%2C300 1.5x, https:\/\/i0.wp.com\/www.jazzzeitung.de\/cms\/wp-content\/uploads\/2019\/06\/jazzandtalk.jpg?fit=1200%2C788&ssl=1&resize=700%2C400 2x, https:\/\/i0.wp.com\/www.jazzzeitung.de\/cms\/wp-content\/uploads\/2019\/06\/jazzandtalk.jpg?fit=1200%2C788&ssl=1&resize=1050%2C600 3x"},"classes":[]},{"id":5615,"url":"https:\/\/www.jazzzeitung.de\/cms\/2015\/03\/nach-der-odyssee-nun-die-sieben-todsuenden-heiner-schmitz\/","url_meta":{"origin":28698,"position":5},"title":"Nach der \u201eOdyssee\u201c nun die Sieben Tods\u00fcnden: Heiner Schmitz","author":"Redaktion JazzZeitung","date":"3. M\u00e4rz 2015","format":false,"excerpt":"Von Dietrich Schlegel - Um neue Ideen f\u00fcr ungew\u00f6hnliche Projekte ist der Komponist und Saxophonist Heiner Schmitz nie verlegen. Hatte er sich vor vier Jahren mit der \u201eOdyssee\u201c das \u00e4lteste Werk der abendl\u00e4ndischen Literatur ausgesucht, um es in die Klangwelt einer modernen Jazz Big Band einzubetten, dem Cologne Contemporary Jazz\u2026","rel":"","context":"In &quot;Portrait&quot;","block_context":{"text":"Portrait","link":"https:\/\/www.jazzzeitung.de\/cms\/thema\/portrait\/"},"img":{"alt_text":"schmitz2","src":"https:\/\/i0.wp.com\/www.jazzzeitung.de\/cms\/wp-content\/uploads\/2015\/03\/schmitz2-150x150.jpg?resize=350%2C200","width":350,"height":200},"classes":[]}],"jetpack_sharing_enabled":true,"_links":{"self":[{"href":"https:\/\/www.jazzzeitung.de\/cms\/wp-json\/wp\/v2\/posts\/28698","targetHints":{"allow":["GET"]}}],"collection":[{"href":"https:\/\/www.jazzzeitung.de\/cms\/wp-json\/wp\/v2\/posts"}],"about":[{"href":"https:\/\/www.jazzzeitung.de\/cms\/wp-json\/wp\/v2\/types\/post"}],"author":[{"embeddable":true,"href":"https:\/\/www.jazzzeitung.de\/cms\/wp-json\/wp\/v2\/users\/18"}],"replies":[{"embeddable":true,"href":"https:\/\/www.jazzzeitung.de\/cms\/wp-json\/wp\/v2\/comments?post=28698"}],"version-history":[{"count":8,"href":"https:\/\/www.jazzzeitung.de\/cms\/wp-json\/wp\/v2\/posts\/28698\/revisions"}],"predecessor-version":[{"id":28709,"href":"https:\/\/www.jazzzeitung.de\/cms\/wp-json\/wp\/v2\/posts\/28698\/revisions\/28709"}],"wp:featuredmedia":[{"embeddable":true,"href":"https:\/\/www.jazzzeitung.de\/cms\/wp-json\/wp\/v2\/media\/28700"}],"wp:attachment":[{"href":"https:\/\/www.jazzzeitung.de\/cms\/wp-json\/wp\/v2\/media?parent=28698"}],"wp:term":[{"taxonomy":"category","embeddable":true,"href":"https:\/\/www.jazzzeitung.de\/cms\/wp-json\/wp\/v2\/categories?post=28698"},{"taxonomy":"post_tag","embeddable":true,"href":"https:\/\/www.jazzzeitung.de\/cms\/wp-json\/wp\/v2\/tags?post=28698"},{"taxonomy":"author","embeddable":true,"href":"https:\/\/www.jazzzeitung.de\/cms\/wp-json\/wp\/v2\/coauthors?post=28698"}],"curies":[{"name":"wp","href":"https:\/\/api.w.org\/{rel}","templated":true}]}}