{"id":28676,"date":"2022-11-17T08:36:31","date_gmt":"2022-11-17T07:36:31","guid":{"rendered":"https:\/\/www.jazzzeitung.de\/cms\/?p=28676"},"modified":"2022-11-17T11:11:46","modified_gmt":"2022-11-17T10:11:46","slug":"gregor-huebner-mit-preludes-aus-dem-lockdown-auf-cd-und-note","status":"publish","type":"post","link":"https:\/\/www.jazzzeitung.de\/cms\/2022\/11\/gregor-huebner-mit-preludes-aus-dem-lockdown-auf-cd-und-note\/","title":{"rendered":"Gregor H\u00fcbner mit &#8222;Preludes&#8220; aus dem Lockdown auf CD und Note"},"content":{"rendered":"<p><strong>Keine Konzerte, keine Treffen zu Proben, kein Einkommen \u2013 in Musikerbiografien haben die Auswirkungen der Corona-Pandemie tiefe Spuren hinterlassen. Auch wenn jeder K\u00fcnstler anders mit den beruflichen Einschr\u00e4nkungen umging, gemeinsam ist allen, dass sie in diesen Wochen und Monaten das taten, was Musiker*innen immer tun k\u00f6nnen: \u00fcben, komponieren und im Homestudio aufnehmen. Und nat\u00fcrlich sich fit halten und Sport treiben.<\/strong><\/p>\n<p>Damit kommen wir zu dem Geiger Gregor H\u00fcbner, der seit Jahrzehnten zwischen NYC und M\u00fcnchen pendelt. In Big Apple hat er vor fast drei Jahrzehnten sein Studium an der Manhattan School of Music mit Auszeichnung beendet und seine internationale Karriere aufgenommen, in Harlem wohnt seine Familie. Im gr\u00f6\u00dften Dorf der Welt, in M\u00fcnchen \u2013 aus transatlantischer Perspektive nicht weit vom Bodensee, wo H\u00fcbner aufwuchs \u2013 hat er eine Professur f\u00fcr Komposition an der Musikhochschule.<\/p>\n<p><strong>\u201eStories from the New York-Lockdown\u201c<\/strong><\/p>\n<p>In Coronazeiten war die Wahl klar: H\u00fcbner blieb bei der Familie in Harlem. In dieser Zeit begann er neben dem Geigenspiel auch wieder mehr Klavier zu spielen. H\u00fcbner ist nat\u00fcrlich keiner, der stur Gel\u00e4ufigkeits\u00fcbungen und Harmonielehre paukt \u2013 er komponierte beim \u00dcben und so entstanden nach und nach 14 musikalische \u201eStories from the New York-Lockdown\u201c, die er jetzt unter dem Titel \u201ePr\u00e9ludes op. 80\u201c zusammenfasste. Alle zwei Wochen fuhr H\u00fcbner mit dem Rad eineinhalb Stunden einfach von Harlem nach Queens zu den Spin Recordings Studios. Dort spielte er mit dem Tonmeister Nik Chimboukas jeweils ein Pr\u00e4ludium, der hier auf CD vorliegenden Sammlung, ein.<\/p>\n<p><strong>Kammermusik f\u00fcr eine intime Zuh\u00f6rerschaft<\/strong><\/p>\n<p>Jedes St\u00fcck hat eine eigene Geschichte, tr\u00e4gt eine Widmung und ist biografisch in H\u00fcbners Vita verortet. Mittels Tontr\u00e4ger oder Stream kann man sich zusammen mit H\u00fcbner auf eine melancholisch eingef\u00e4rbte Reise durch einsame Lockdownstunden machen. Aus der Improvisation entstanden, gibt H\u00fcbner seinen Pr\u00e9ludes ihre urspr\u00fcngliche Bedeutung als Vorspiel und Einleitung zur\u00fcck. Einzig die Frage \u201eWann kommt die Hauptsache?\u201c l\u00e4sst H\u00fcbner unbeantwortet. Noch in diesem Jahr sollen die Noten der mittelschweren Charakterst\u00fccke publiziert werden. Die lockdownerprobten \u201ePr\u00e9ludes\u201c sind in erster Linie nicht f\u00fcr den gro\u00dfen Konzertsaal geeignet, sondern Kammermusik f\u00fcr eine intime Zuh\u00f6rerschaft \u2013 auf jeden Fall stellen sie eine echte Repertoirebereicherung f\u00fcr einen zeitgem\u00e4\u00dfen Klavierunterricht dar. <img data-recalc-dims=\"1\" loading=\"lazy\" decoding=\"async\" data-attachment-id=\"28686\" data-permalink=\"https:\/\/www.jazzzeitung.de\/cms\/2022\/11\/gregor-huebner-mit-preludes-aus-dem-lockdown-auf-cd-und-note\/huebnerpreludes-2\/\" data-orig-file=\"https:\/\/i0.wp.com\/www.jazzzeitung.de\/cms\/wp-content\/uploads\/2022\/11\/HuebnerPreludes-1-e1668522904764.jpg?fit=2150%2C1536&amp;ssl=1\" data-orig-size=\"2150,1536\" data-comments-opened=\"1\" data-image-meta=\"{&quot;aperture&quot;:&quot;0&quot;,&quot;credit&quot;:&quot;&quot;,&quot;camera&quot;:&quot;&quot;,&quot;caption&quot;:&quot;&quot;,&quot;created_timestamp&quot;:&quot;0&quot;,&quot;copyright&quot;:&quot;&quot;,&quot;focal_length&quot;:&quot;0&quot;,&quot;iso&quot;:&quot;0&quot;,&quot;shutter_speed&quot;:&quot;0&quot;,&quot;title&quot;:&quot;&quot;,&quot;orientation&quot;:&quot;0&quot;}\" data-image-title=\"H\u00fcbnerPreludes\" data-image-description=\"\" data-image-caption=\"\" data-large-file=\"https:\/\/i0.wp.com\/www.jazzzeitung.de\/cms\/wp-content\/uploads\/2022\/11\/HuebnerPreludes-1-e1668522904764.jpg?fit=840%2C600&amp;ssl=1\" class=\"wp-image-28686 size-medium alignleft\" src=\"https:\/\/i0.wp.com\/www.jazzzeitung.de\/cms\/wp-content\/uploads\/2022\/11\/HuebnerPreludes-1-e1668522904764-300x214.jpg?resize=300%2C214&#038;ssl=1\" alt=\"\" width=\"300\" height=\"214\" srcset=\"https:\/\/i0.wp.com\/www.jazzzeitung.de\/cms\/wp-content\/uploads\/2022\/11\/HuebnerPreludes-1-e1668522904764.jpg?resize=300%2C214&amp;ssl=1 300w, https:\/\/i0.wp.com\/www.jazzzeitung.de\/cms\/wp-content\/uploads\/2022\/11\/HuebnerPreludes-1-e1668522904764.jpg?resize=840%2C600&amp;ssl=1 840w, https:\/\/i0.wp.com\/www.jazzzeitung.de\/cms\/wp-content\/uploads\/2022\/11\/HuebnerPreludes-1-e1668522904764.jpg?resize=768%2C549&amp;ssl=1 768w, https:\/\/i0.wp.com\/www.jazzzeitung.de\/cms\/wp-content\/uploads\/2022\/11\/HuebnerPreludes-1-e1668522904764.jpg?resize=1536%2C1097&amp;ssl=1 1536w, https:\/\/i0.wp.com\/www.jazzzeitung.de\/cms\/wp-content\/uploads\/2022\/11\/HuebnerPreludes-1-e1668522904764.jpg?resize=2048%2C1463&amp;ssl=1 2048w, https:\/\/i0.wp.com\/www.jazzzeitung.de\/cms\/wp-content\/uploads\/2022\/11\/HuebnerPreludes-1-e1668522904764.jpg?resize=1320%2C943&amp;ssl=1 1320w, https:\/\/i0.wp.com\/www.jazzzeitung.de\/cms\/wp-content\/uploads\/2022\/11\/HuebnerPreludes-1-e1668522904764.jpg?w=1680&amp;ssl=1 1680w\" sizes=\"auto, (max-width: 300px) 100vw, 300px\" \/><\/p>\n<p>Gregor H\u00fcbner: Piano solo \u201ePr\u00e9ludes op.80\u201c<br \/>\nSolo Musica<\/p>\n<p>Mehr unter: <a href=\"http:\/\/www.gregorhuebner.com\/\">http:\/\/www.gregorhuebner.com\/<\/a><\/p>\n<p>&nbsp;<\/p>\n","protected":false},"excerpt":{"rendered":"<p>Keine Konzerte, keine Treffen zu Proben, kein Einkommen \u2013 in Musikerbiografien haben die Auswirkungen der Corona-Pandemie tiefe Spuren hinterlassen. Auch wenn jeder K\u00fcnstler anders mit den beruflichen Einschr\u00e4nkungen umging, gemeinsam ist allen, dass sie in diesen Wochen und Monaten das taten, was Musiker*innen immer tun k\u00f6nnen: \u00fcben, komponieren und im Homestudio aufnehmen. Und nat\u00fcrlich sich fit halten und Sport treiben. Damit kommen wir zu dem Geiger Gregor H\u00fcbner, der seit Jahrzehnten zwischen NYC und M\u00fcnchen pendelt. In Big Apple hat er vor fast drei Jahrzehnten sein Studium an der Manhattan School of Music mit Auszeichnung beendet und seine internationale Karriere aufgenommen, in Harlem wohnt seine Familie. Im gr\u00f6\u00dften Dorf der Welt, in M\u00fcnchen \u2013 aus transatlantischer Perspektive nicht weit vom Bodensee, wo H\u00fcbner aufwuchs \u2013 hat er eine Professur f\u00fcr Komposition an der Musikhochschule. \u201eStories from the New York-Lockdown\u201c In Coronazeiten war die Wahl klar: H\u00fcbner blieb bei der Familie in Harlem. In dieser Zeit begann er neben dem Geigenspiel auch wieder mehr Klavier zu spielen. H\u00fcbner ist nat\u00fcrlich keiner, der stur Gel\u00e4ufigkeits\u00fcbungen und Harmonielehre paukt \u2013 er komponierte beim \u00dcben und so entstanden nach &hellip;<\/p>\n","protected":false},"author":7,"featured_media":28685,"comment_status":"open","ping_status":"closed","sticky":false,"template":"","format":"standard","meta":{"_jetpack_memberships_contains_paid_content":false,"footnotes":"","jetpack_publicize_message":"","jetpack_publicize_feature_enabled":true,"jetpack_social_post_already_shared":false,"jetpack_social_options":{"image_generator_settings":{"template":"highway","default_image_id":0,"font":"","enabled":false},"version":2}},"categories":[1152],"tags":[621,1485,3272,294,4386],"coauthors":[662],"class_list":["post-28676","post","type-post","status-publish","format-standard","has-post-thumbnail","hentry","category-rezension","tag-andreas-kolb","tag-cd-rezension","tag-gregor-huebner","tag-jazzzeitung","tag-preludes"],"yoast_head":"<!-- This site is optimized with the Yoast SEO plugin v27.5 - https:\/\/yoast.com\/product\/yoast-seo-wordpress\/ -->\n<title>Gregor H\u00fcbner mit &quot;Preludes&quot; aus dem Lockdown auf CD und Note - JazzZeitung<\/title>\n<meta name=\"robots\" content=\"index, follow, max-snippet:-1, max-image-preview:large, max-video-preview:-1\" \/>\n<link rel=\"canonical\" href=\"https:\/\/www.jazzzeitung.de\/cms\/2022\/11\/gregor-huebner-mit-preludes-aus-dem-lockdown-auf-cd-und-note\/\" \/>\n<meta property=\"og:locale\" content=\"de_DE\" \/>\n<meta property=\"og:type\" content=\"article\" \/>\n<meta property=\"og:title\" content=\"Gregor H\u00fcbner mit &quot;Preludes&quot; aus dem Lockdown auf CD und Note - JazzZeitung\" \/>\n<meta property=\"og:description\" content=\"Keine Konzerte, keine Treffen zu Proben, kein Einkommen \u2013 in Musikerbiografien haben die Auswirkungen der Corona-Pandemie tiefe Spuren hinterlassen. Auch wenn jeder K\u00fcnstler anders mit den beruflichen Einschr\u00e4nkungen umging, gemeinsam ist allen, dass sie in diesen Wochen und Monaten das taten, was Musiker*innen immer tun k\u00f6nnen: \u00fcben, komponieren und im Homestudio aufnehmen. Und nat\u00fcrlich sich fit halten und Sport treiben. Damit kommen wir zu dem Geiger Gregor H\u00fcbner, der seit Jahrzehnten zwischen NYC und M\u00fcnchen pendelt. In Big Apple hat er vor fast drei Jahrzehnten sein Studium an der Manhattan School of Music mit Auszeichnung beendet und seine internationale Karriere aufgenommen, in Harlem wohnt seine Familie. Im gr\u00f6\u00dften Dorf der Welt, in M\u00fcnchen \u2013 aus transatlantischer Perspektive nicht weit vom Bodensee, wo H\u00fcbner aufwuchs \u2013 hat er eine Professur f\u00fcr Komposition an der Musikhochschule. \u201eStories from the New York-Lockdown\u201c In Coronazeiten war die Wahl klar: H\u00fcbner blieb bei der Familie in Harlem. In dieser Zeit begann er neben dem Geigenspiel auch wieder mehr Klavier zu spielen. H\u00fcbner ist nat\u00fcrlich keiner, der stur Gel\u00e4ufigkeits\u00fcbungen und Harmonielehre paukt \u2013 er komponierte beim \u00dcben und so entstanden nach &hellip;\" \/>\n<meta property=\"og:url\" content=\"https:\/\/www.jazzzeitung.de\/cms\/2022\/11\/gregor-huebner-mit-preludes-aus-dem-lockdown-auf-cd-und-note\/\" \/>\n<meta property=\"og:site_name\" content=\"JazzZeitung\" \/>\n<meta property=\"article:publisher\" content=\"https:\/\/www.facebook.com\/JazzZeitung\/\" \/>\n<meta property=\"article:published_time\" content=\"2022-11-17T07:36:31+00:00\" \/>\n<meta property=\"article:modified_time\" content=\"2022-11-17T10:11:46+00:00\" \/>\n<meta property=\"og:image\" content=\"https:\/\/www.jazzzeitung.de\/cms\/wp-content\/uploads\/2022\/11\/HuebnerPreludes-e1668522818773.jpg\" \/>\n\t<meta property=\"og:image:width\" content=\"1306\" \/>\n\t<meta property=\"og:image:height\" content=\"344\" \/>\n\t<meta property=\"og:image:type\" content=\"image\/jpeg\" \/>\n<meta name=\"author\" content=\"Andreas Kolb\" \/>\n<script type=\"application\/ld+json\" class=\"yoast-schema-graph\">{\"@context\":\"https:\\\/\\\/schema.org\",\"@graph\":[{\"@type\":\"Article\",\"@id\":\"https:\\\/\\\/www.jazzzeitung.de\\\/cms\\\/2022\\\/11\\\/gregor-huebner-mit-preludes-aus-dem-lockdown-auf-cd-und-note\\\/#article\",\"isPartOf\":{\"@id\":\"https:\\\/\\\/www.jazzzeitung.de\\\/cms\\\/2022\\\/11\\\/gregor-huebner-mit-preludes-aus-dem-lockdown-auf-cd-und-note\\\/\"},\"author\":{\"name\":\"Andreas Kolb\",\"@id\":\"https:\\\/\\\/www.jazzzeitung.de\\\/cms\\\/#\\\/schema\\\/person\\\/23954215d035da9ee48d2a2c09a4a62c\"},\"headline\":\"Gregor H\u00fcbner mit &#8222;Preludes&#8220; aus dem Lockdown auf CD und Note\",\"datePublished\":\"2022-11-17T07:36:31+00:00\",\"dateModified\":\"2022-11-17T10:11:46+00:00\",\"mainEntityOfPage\":{\"@id\":\"https:\\\/\\\/www.jazzzeitung.de\\\/cms\\\/2022\\\/11\\\/gregor-huebner-mit-preludes-aus-dem-lockdown-auf-cd-und-note\\\/\"},\"wordCount\":416,\"commentCount\":0,\"publisher\":{\"@id\":\"https:\\\/\\\/www.jazzzeitung.de\\\/cms\\\/#organization\"},\"image\":{\"@id\":\"https:\\\/\\\/www.jazzzeitung.de\\\/cms\\\/2022\\\/11\\\/gregor-huebner-mit-preludes-aus-dem-lockdown-auf-cd-und-note\\\/#primaryimage\"},\"thumbnailUrl\":\"https:\\\/\\\/i0.wp.com\\\/www.jazzzeitung.de\\\/cms\\\/wp-content\\\/uploads\\\/2022\\\/11\\\/HuebnerPreludes-e1668522818773.jpg?fit=1306%2C344&ssl=1\",\"keywords\":[\"Andreas Kolb\",\"CD-Rezension\",\"Gregor H\u00fcbner\",\"Jazzzeitung\",\"Pr\u00e9ludes\"],\"articleSection\":[\"Rezension\"],\"inLanguage\":\"de\",\"potentialAction\":[{\"@type\":\"CommentAction\",\"name\":\"Comment\",\"target\":[\"https:\\\/\\\/www.jazzzeitung.de\\\/cms\\\/2022\\\/11\\\/gregor-huebner-mit-preludes-aus-dem-lockdown-auf-cd-und-note\\\/#respond\"]}]},{\"@type\":\"WebPage\",\"@id\":\"https:\\\/\\\/www.jazzzeitung.de\\\/cms\\\/2022\\\/11\\\/gregor-huebner-mit-preludes-aus-dem-lockdown-auf-cd-und-note\\\/\",\"url\":\"https:\\\/\\\/www.jazzzeitung.de\\\/cms\\\/2022\\\/11\\\/gregor-huebner-mit-preludes-aus-dem-lockdown-auf-cd-und-note\\\/\",\"name\":\"Gregor H\u00fcbner mit \\\"Preludes\\\" aus dem Lockdown auf CD und Note - JazzZeitung\",\"isPartOf\":{\"@id\":\"https:\\\/\\\/www.jazzzeitung.de\\\/cms\\\/#website\"},\"primaryImageOfPage\":{\"@id\":\"https:\\\/\\\/www.jazzzeitung.de\\\/cms\\\/2022\\\/11\\\/gregor-huebner-mit-preludes-aus-dem-lockdown-auf-cd-und-note\\\/#primaryimage\"},\"image\":{\"@id\":\"https:\\\/\\\/www.jazzzeitung.de\\\/cms\\\/2022\\\/11\\\/gregor-huebner-mit-preludes-aus-dem-lockdown-auf-cd-und-note\\\/#primaryimage\"},\"thumbnailUrl\":\"https:\\\/\\\/i0.wp.com\\\/www.jazzzeitung.de\\\/cms\\\/wp-content\\\/uploads\\\/2022\\\/11\\\/HuebnerPreludes-e1668522818773.jpg?fit=1306%2C344&ssl=1\",\"datePublished\":\"2022-11-17T07:36:31+00:00\",\"dateModified\":\"2022-11-17T10:11:46+00:00\",\"breadcrumb\":{\"@id\":\"https:\\\/\\\/www.jazzzeitung.de\\\/cms\\\/2022\\\/11\\\/gregor-huebner-mit-preludes-aus-dem-lockdown-auf-cd-und-note\\\/#breadcrumb\"},\"inLanguage\":\"de\",\"potentialAction\":[{\"@type\":\"ReadAction\",\"target\":[\"https:\\\/\\\/www.jazzzeitung.de\\\/cms\\\/2022\\\/11\\\/gregor-huebner-mit-preludes-aus-dem-lockdown-auf-cd-und-note\\\/\"]}]},{\"@type\":\"ImageObject\",\"inLanguage\":\"de\",\"@id\":\"https:\\\/\\\/www.jazzzeitung.de\\\/cms\\\/2022\\\/11\\\/gregor-huebner-mit-preludes-aus-dem-lockdown-auf-cd-und-note\\\/#primaryimage\",\"url\":\"https:\\\/\\\/i0.wp.com\\\/www.jazzzeitung.de\\\/cms\\\/wp-content\\\/uploads\\\/2022\\\/11\\\/HuebnerPreludes-e1668522818773.jpg?fit=1306%2C344&ssl=1\",\"contentUrl\":\"https:\\\/\\\/i0.wp.com\\\/www.jazzzeitung.de\\\/cms\\\/wp-content\\\/uploads\\\/2022\\\/11\\\/HuebnerPreludes-e1668522818773.jpg?fit=1306%2C344&ssl=1\",\"width\":1306,\"height\":344},{\"@type\":\"BreadcrumbList\",\"@id\":\"https:\\\/\\\/www.jazzzeitung.de\\\/cms\\\/2022\\\/11\\\/gregor-huebner-mit-preludes-aus-dem-lockdown-auf-cd-und-note\\\/#breadcrumb\",\"itemListElement\":[{\"@type\":\"ListItem\",\"position\":1,\"name\":\"Startseite\",\"item\":\"https:\\\/\\\/www.jazzzeitung.de\\\/cms\\\/\"},{\"@type\":\"ListItem\",\"position\":2,\"name\":\"Gregor H\u00fcbner mit &#8222;Preludes&#8220; aus dem Lockdown auf CD und Note\"}]},{\"@type\":\"WebSite\",\"@id\":\"https:\\\/\\\/www.jazzzeitung.de\\\/cms\\\/#website\",\"url\":\"https:\\\/\\\/www.jazzzeitung.de\\\/cms\\\/\",\"name\":\"JazzZeitung\",\"description\":\"Jazz-News und Jazz-Kontroverses\",\"publisher\":{\"@id\":\"https:\\\/\\\/www.jazzzeitung.de\\\/cms\\\/#organization\"},\"potentialAction\":[{\"@type\":\"SearchAction\",\"target\":{\"@type\":\"EntryPoint\",\"urlTemplate\":\"https:\\\/\\\/www.jazzzeitung.de\\\/cms\\\/?s={search_term_string}\"},\"query-input\":{\"@type\":\"PropertyValueSpecification\",\"valueRequired\":true,\"valueName\":\"search_term_string\"}}],\"inLanguage\":\"de\"},{\"@type\":\"Organization\",\"@id\":\"https:\\\/\\\/www.jazzzeitung.de\\\/cms\\\/#organization\",\"name\":\"JazzZeitung online\",\"url\":\"https:\\\/\\\/www.jazzzeitung.de\\\/cms\\\/\",\"logo\":{\"@type\":\"ImageObject\",\"inLanguage\":\"de\",\"@id\":\"https:\\\/\\\/www.jazzzeitung.de\\\/cms\\\/#\\\/schema\\\/logo\\\/image\\\/\",\"url\":\"https:\\\/\\\/i0.wp.com\\\/www.jazzzeitung.de\\\/cms\\\/wp-content\\\/uploads\\\/2015\\\/08\\\/JAZZZEITUNGDE_Logo_Neu.png?fit=499%2C200&ssl=1\",\"contentUrl\":\"https:\\\/\\\/i0.wp.com\\\/www.jazzzeitung.de\\\/cms\\\/wp-content\\\/uploads\\\/2015\\\/08\\\/JAZZZEITUNGDE_Logo_Neu.png?fit=499%2C200&ssl=1\",\"width\":499,\"height\":200,\"caption\":\"JazzZeitung online\"},\"image\":{\"@id\":\"https:\\\/\\\/www.jazzzeitung.de\\\/cms\\\/#\\\/schema\\\/logo\\\/image\\\/\"},\"sameAs\":[\"https:\\\/\\\/www.facebook.com\\\/JazzZeitung\\\/\"]},{\"@type\":\"Person\",\"@id\":\"https:\\\/\\\/www.jazzzeitung.de\\\/cms\\\/#\\\/schema\\\/person\\\/23954215d035da9ee48d2a2c09a4a62c\",\"name\":\"Andreas Kolb\",\"image\":{\"@type\":\"ImageObject\",\"inLanguage\":\"de\",\"@id\":\"https:\\\/\\\/i0.wp.com\\\/www.jazzzeitung.de\\\/cms\\\/wp-content\\\/uploads\\\/2013\\\/05\\\/kolb-small.jpg?resize=96%2C96&ssl=1d81fdf4aa1b2f31d206a8dd371420dd4\",\"url\":\"https:\\\/\\\/i0.wp.com\\\/www.jazzzeitung.de\\\/cms\\\/wp-content\\\/uploads\\\/2013\\\/05\\\/kolb-small.jpg?resize=96%2C96&ssl=1\",\"contentUrl\":\"https:\\\/\\\/i0.wp.com\\\/www.jazzzeitung.de\\\/cms\\\/wp-content\\\/uploads\\\/2013\\\/05\\\/kolb-small.jpg?resize=96%2C96&ssl=1\",\"caption\":\"Andreas Kolb\"},\"description\":\"Andreas Kolb ist Chefredakteur der Jazzzeitung.\",\"sameAs\":[\"https:\\\/\\\/www.jazzzeitung.de\"],\"url\":\"https:\\\/\\\/www.jazzzeitung.de\\\/cms\\\/author\\\/kolb\\\/\"}]}<\/script>\n<!-- \/ Yoast SEO plugin. -->","yoast_head_json":{"title":"Gregor H\u00fcbner mit \"Preludes\" aus dem Lockdown auf CD und Note - JazzZeitung","robots":{"index":"index","follow":"follow","max-snippet":"max-snippet:-1","max-image-preview":"max-image-preview:large","max-video-preview":"max-video-preview:-1"},"canonical":"https:\/\/www.jazzzeitung.de\/cms\/2022\/11\/gregor-huebner-mit-preludes-aus-dem-lockdown-auf-cd-und-note\/","og_locale":"de_DE","og_type":"article","og_title":"Gregor H\u00fcbner mit \"Preludes\" aus dem Lockdown auf CD und Note - JazzZeitung","og_description":"Keine Konzerte, keine Treffen zu Proben, kein Einkommen \u2013 in Musikerbiografien haben die Auswirkungen der Corona-Pandemie tiefe Spuren hinterlassen. Auch wenn jeder K\u00fcnstler anders mit den beruflichen Einschr\u00e4nkungen umging, gemeinsam ist allen, dass sie in diesen Wochen und Monaten das taten, was Musiker*innen immer tun k\u00f6nnen: \u00fcben, komponieren und im Homestudio aufnehmen. Und nat\u00fcrlich sich fit halten und Sport treiben. Damit kommen wir zu dem Geiger Gregor H\u00fcbner, der seit Jahrzehnten zwischen NYC und M\u00fcnchen pendelt. In Big Apple hat er vor fast drei Jahrzehnten sein Studium an der Manhattan School of Music mit Auszeichnung beendet und seine internationale Karriere aufgenommen, in Harlem wohnt seine Familie. Im gr\u00f6\u00dften Dorf der Welt, in M\u00fcnchen \u2013 aus transatlantischer Perspektive nicht weit vom Bodensee, wo H\u00fcbner aufwuchs \u2013 hat er eine Professur f\u00fcr Komposition an der Musikhochschule. \u201eStories from the New York-Lockdown\u201c In Coronazeiten war die Wahl klar: H\u00fcbner blieb bei der Familie in Harlem. In dieser Zeit begann er neben dem Geigenspiel auch wieder mehr Klavier zu spielen. H\u00fcbner ist nat\u00fcrlich keiner, der stur Gel\u00e4ufigkeits\u00fcbungen und Harmonielehre paukt \u2013 er komponierte beim \u00dcben und so entstanden nach &hellip;","og_url":"https:\/\/www.jazzzeitung.de\/cms\/2022\/11\/gregor-huebner-mit-preludes-aus-dem-lockdown-auf-cd-und-note\/","og_site_name":"JazzZeitung","article_publisher":"https:\/\/www.facebook.com\/JazzZeitung\/","article_published_time":"2022-11-17T07:36:31+00:00","article_modified_time":"2022-11-17T10:11:46+00:00","og_image":[{"width":1306,"height":344,"url":"https:\/\/www.jazzzeitung.de\/cms\/wp-content\/uploads\/2022\/11\/HuebnerPreludes-e1668522818773.jpg","type":"image\/jpeg"}],"author":"Andreas Kolb","schema":{"@context":"https:\/\/schema.org","@graph":[{"@type":"Article","@id":"https:\/\/www.jazzzeitung.de\/cms\/2022\/11\/gregor-huebner-mit-preludes-aus-dem-lockdown-auf-cd-und-note\/#article","isPartOf":{"@id":"https:\/\/www.jazzzeitung.de\/cms\/2022\/11\/gregor-huebner-mit-preludes-aus-dem-lockdown-auf-cd-und-note\/"},"author":{"name":"Andreas Kolb","@id":"https:\/\/www.jazzzeitung.de\/cms\/#\/schema\/person\/23954215d035da9ee48d2a2c09a4a62c"},"headline":"Gregor H\u00fcbner mit &#8222;Preludes&#8220; aus dem Lockdown auf CD und Note","datePublished":"2022-11-17T07:36:31+00:00","dateModified":"2022-11-17T10:11:46+00:00","mainEntityOfPage":{"@id":"https:\/\/www.jazzzeitung.de\/cms\/2022\/11\/gregor-huebner-mit-preludes-aus-dem-lockdown-auf-cd-und-note\/"},"wordCount":416,"commentCount":0,"publisher":{"@id":"https:\/\/www.jazzzeitung.de\/cms\/#organization"},"image":{"@id":"https:\/\/www.jazzzeitung.de\/cms\/2022\/11\/gregor-huebner-mit-preludes-aus-dem-lockdown-auf-cd-und-note\/#primaryimage"},"thumbnailUrl":"https:\/\/i0.wp.com\/www.jazzzeitung.de\/cms\/wp-content\/uploads\/2022\/11\/HuebnerPreludes-e1668522818773.jpg?fit=1306%2C344&ssl=1","keywords":["Andreas Kolb","CD-Rezension","Gregor H\u00fcbner","Jazzzeitung","Pr\u00e9ludes"],"articleSection":["Rezension"],"inLanguage":"de","potentialAction":[{"@type":"CommentAction","name":"Comment","target":["https:\/\/www.jazzzeitung.de\/cms\/2022\/11\/gregor-huebner-mit-preludes-aus-dem-lockdown-auf-cd-und-note\/#respond"]}]},{"@type":"WebPage","@id":"https:\/\/www.jazzzeitung.de\/cms\/2022\/11\/gregor-huebner-mit-preludes-aus-dem-lockdown-auf-cd-und-note\/","url":"https:\/\/www.jazzzeitung.de\/cms\/2022\/11\/gregor-huebner-mit-preludes-aus-dem-lockdown-auf-cd-und-note\/","name":"Gregor H\u00fcbner mit \"Preludes\" aus dem Lockdown auf CD und Note - JazzZeitung","isPartOf":{"@id":"https:\/\/www.jazzzeitung.de\/cms\/#website"},"primaryImageOfPage":{"@id":"https:\/\/www.jazzzeitung.de\/cms\/2022\/11\/gregor-huebner-mit-preludes-aus-dem-lockdown-auf-cd-und-note\/#primaryimage"},"image":{"@id":"https:\/\/www.jazzzeitung.de\/cms\/2022\/11\/gregor-huebner-mit-preludes-aus-dem-lockdown-auf-cd-und-note\/#primaryimage"},"thumbnailUrl":"https:\/\/i0.wp.com\/www.jazzzeitung.de\/cms\/wp-content\/uploads\/2022\/11\/HuebnerPreludes-e1668522818773.jpg?fit=1306%2C344&ssl=1","datePublished":"2022-11-17T07:36:31+00:00","dateModified":"2022-11-17T10:11:46+00:00","breadcrumb":{"@id":"https:\/\/www.jazzzeitung.de\/cms\/2022\/11\/gregor-huebner-mit-preludes-aus-dem-lockdown-auf-cd-und-note\/#breadcrumb"},"inLanguage":"de","potentialAction":[{"@type":"ReadAction","target":["https:\/\/www.jazzzeitung.de\/cms\/2022\/11\/gregor-huebner-mit-preludes-aus-dem-lockdown-auf-cd-und-note\/"]}]},{"@type":"ImageObject","inLanguage":"de","@id":"https:\/\/www.jazzzeitung.de\/cms\/2022\/11\/gregor-huebner-mit-preludes-aus-dem-lockdown-auf-cd-und-note\/#primaryimage","url":"https:\/\/i0.wp.com\/www.jazzzeitung.de\/cms\/wp-content\/uploads\/2022\/11\/HuebnerPreludes-e1668522818773.jpg?fit=1306%2C344&ssl=1","contentUrl":"https:\/\/i0.wp.com\/www.jazzzeitung.de\/cms\/wp-content\/uploads\/2022\/11\/HuebnerPreludes-e1668522818773.jpg?fit=1306%2C344&ssl=1","width":1306,"height":344},{"@type":"BreadcrumbList","@id":"https:\/\/www.jazzzeitung.de\/cms\/2022\/11\/gregor-huebner-mit-preludes-aus-dem-lockdown-auf-cd-und-note\/#breadcrumb","itemListElement":[{"@type":"ListItem","position":1,"name":"Startseite","item":"https:\/\/www.jazzzeitung.de\/cms\/"},{"@type":"ListItem","position":2,"name":"Gregor H\u00fcbner mit &#8222;Preludes&#8220; aus dem Lockdown auf CD und Note"}]},{"@type":"WebSite","@id":"https:\/\/www.jazzzeitung.de\/cms\/#website","url":"https:\/\/www.jazzzeitung.de\/cms\/","name":"JazzZeitung","description":"Jazz-News und Jazz-Kontroverses","publisher":{"@id":"https:\/\/www.jazzzeitung.de\/cms\/#organization"},"potentialAction":[{"@type":"SearchAction","target":{"@type":"EntryPoint","urlTemplate":"https:\/\/www.jazzzeitung.de\/cms\/?s={search_term_string}"},"query-input":{"@type":"PropertyValueSpecification","valueRequired":true,"valueName":"search_term_string"}}],"inLanguage":"de"},{"@type":"Organization","@id":"https:\/\/www.jazzzeitung.de\/cms\/#organization","name":"JazzZeitung online","url":"https:\/\/www.jazzzeitung.de\/cms\/","logo":{"@type":"ImageObject","inLanguage":"de","@id":"https:\/\/www.jazzzeitung.de\/cms\/#\/schema\/logo\/image\/","url":"https:\/\/i0.wp.com\/www.jazzzeitung.de\/cms\/wp-content\/uploads\/2015\/08\/JAZZZEITUNGDE_Logo_Neu.png?fit=499%2C200&ssl=1","contentUrl":"https:\/\/i0.wp.com\/www.jazzzeitung.de\/cms\/wp-content\/uploads\/2015\/08\/JAZZZEITUNGDE_Logo_Neu.png?fit=499%2C200&ssl=1","width":499,"height":200,"caption":"JazzZeitung online"},"image":{"@id":"https:\/\/www.jazzzeitung.de\/cms\/#\/schema\/logo\/image\/"},"sameAs":["https:\/\/www.facebook.com\/JazzZeitung\/"]},{"@type":"Person","@id":"https:\/\/www.jazzzeitung.de\/cms\/#\/schema\/person\/23954215d035da9ee48d2a2c09a4a62c","name":"Andreas Kolb","image":{"@type":"ImageObject","inLanguage":"de","@id":"https:\/\/i0.wp.com\/www.jazzzeitung.de\/cms\/wp-content\/uploads\/2013\/05\/kolb-small.jpg?resize=96%2C96&ssl=1d81fdf4aa1b2f31d206a8dd371420dd4","url":"https:\/\/i0.wp.com\/www.jazzzeitung.de\/cms\/wp-content\/uploads\/2013\/05\/kolb-small.jpg?resize=96%2C96&ssl=1","contentUrl":"https:\/\/i0.wp.com\/www.jazzzeitung.de\/cms\/wp-content\/uploads\/2013\/05\/kolb-small.jpg?resize=96%2C96&ssl=1","caption":"Andreas Kolb"},"description":"Andreas Kolb ist Chefredakteur der Jazzzeitung.","sameAs":["https:\/\/www.jazzzeitung.de"],"url":"https:\/\/www.jazzzeitung.de\/cms\/author\/kolb\/"}]}},"wp-worthy-pixel":{"ignored":false,"public":null,"server":null,"url":null},"wp-worthy-type":"normal","jetpack_publicize_connections":[],"cc_featured_image_caption":{"caption_text":"","source_text":"","source_url":""},"jetpack_featured_media_url":"https:\/\/i0.wp.com\/www.jazzzeitung.de\/cms\/wp-content\/uploads\/2022\/11\/HuebnerPreludes-e1668522818773.jpg?fit=1306%2C344&ssl=1","jetpack_shortlink":"https:\/\/wp.me\/p3KEcT-7sw","jetpack-related-posts":[{"id":26081,"url":"https:\/\/www.jazzzeitung.de\/cms\/2021\/11\/korrespondenz-zwischen-new-york-und-muenchen-das-progressive-chamber-music-festival-2021\/","url_meta":{"origin":28676,"position":0},"title":"Korrespondenz zwischen New York und M\u00fcnchen: das \u201eProgressive Chamber Music Festival\u201c 2021","author":"Redaktion JazzZeitung","date":"4. November 2021","format":false,"excerpt":"Seit sechs Jahren findet in den Monaten Oktober und November das \u201eProgressive Chamber Music Festival\u201c in New York statt \u2013 seit vier Jahren um eine zweit\u00e4gige Konzertreihe in M\u00fcnchen erweitert. Nach einer coronabedingten Live-Pause im letzten Jahr k\u00f6nnen die Konzerttage diesen Herbst am 10. und 11. November wieder live im\u2026","rel":"","context":"In &quot;News&quot;","block_context":{"text":"News","link":"https:\/\/www.jazzzeitung.de\/cms\/thema\/nachrichten\/"},"img":{"alt_text":"","src":"https:\/\/i0.wp.com\/www.jazzzeitung.de\/cms\/wp-content\/uploads\/2019\/10\/DSC_3885.jpg?fit=1200%2C801&ssl=1&resize=350%2C200","width":350,"height":200,"srcset":"https:\/\/i0.wp.com\/www.jazzzeitung.de\/cms\/wp-content\/uploads\/2019\/10\/DSC_3885.jpg?fit=1200%2C801&ssl=1&resize=350%2C200 1x, https:\/\/i0.wp.com\/www.jazzzeitung.de\/cms\/wp-content\/uploads\/2019\/10\/DSC_3885.jpg?fit=1200%2C801&ssl=1&resize=525%2C300 1.5x, https:\/\/i0.wp.com\/www.jazzzeitung.de\/cms\/wp-content\/uploads\/2019\/10\/DSC_3885.jpg?fit=1200%2C801&ssl=1&resize=700%2C400 2x, https:\/\/i0.wp.com\/www.jazzzeitung.de\/cms\/wp-content\/uploads\/2019\/10\/DSC_3885.jpg?fit=1200%2C801&ssl=1&resize=1050%2C600 3x"},"classes":[]},{"id":7893,"url":"https:\/\/www.jazzzeitung.de\/cms\/2015\/12\/jazzfest-muenchen-2015-mit-vocal-schwerpunkt\/","url_meta":{"origin":28676,"position":1},"title":"Jazzfest M\u00fcnchen 2015 mit Vocal-Schwerpunkt","author":"Redaktion JazzZeitung","date":"3. Dezember 2015","format":false,"excerpt":"H\u00f6ren Sie Stimmen! - das diesj\u00e4hrige Jazzfest M\u00fcnchen meint damit: keine Einbildung unserer von Bildern, Zeichen und deren Echtzeitkommunikation zum schwarzen Loch geschrumpften IT-Weltkugel. Stattdessen Raumvergr\u00f6\u00dferung! An drei Tagen vom 10. bis 12. Dezember pr\u00e4sentiert das 26. Jazzfest der Jazzmusiker Initiative M\u00fcnchen in der Black Box im Gasteig mit neun\u2026","rel":"","context":"In &quot;News&quot;","block_context":{"text":"News","link":"https:\/\/www.jazzzeitung.de\/cms\/thema\/nachrichten\/"},"img":{"alt_text":"Ungew\u00f6hnliche Besetzung: Munich Composers Collective: Foto: MCC ","src":"https:\/\/i0.wp.com\/www.jazzzeitung.de\/cms\/wp-content\/uploads\/2015\/12\/MCC-150x150.jpg?resize=350%2C200","width":350,"height":200},"classes":[]},{"id":27195,"url":"https:\/\/www.jazzzeitung.de\/cms\/2022\/04\/freude-am-transatlantischen-ahnenwerk-richie-beirach-gregor-huebner-in-der-unterfahrt\/","url_meta":{"origin":28676,"position":2},"title":"Freude am transatlantischen Ahnenwerk: Richie Beirach &#038; Gregor H\u00fcbner in der Unterfahrt","author":"Redaktion JazzZeitung","date":"26. April 2022","format":false,"excerpt":"Der Bart ist ab. \u201eCorona ist durch\u201c, meint Gregor H\u00fcbner mit hoffnungsvollem Unterton, ein guter Augenblick also, um auch optisch ein Zeichen zu setzen. \u00dcberhaupt ginge es gerade wieder richtig los. \u201eIch bin jetzt quasi drei\u00dfig Tage auf Tournee\u201c, meint der Geiger, Komponist und Professor an der M\u00fcnchner Hochschule, \u201emit\u2026","rel":"","context":"In &quot;Bericht&quot;","block_context":{"text":"Bericht","link":"https:\/\/www.jazzzeitung.de\/cms\/thema\/bericht\/"},"img":{"alt_text":"","src":"https:\/\/i0.wp.com\/www.jazzzeitung.de\/cms\/wp-content\/uploads\/2022\/04\/DSC07446.jpg?fit=1200%2C800&ssl=1&resize=350%2C200","width":350,"height":200,"srcset":"https:\/\/i0.wp.com\/www.jazzzeitung.de\/cms\/wp-content\/uploads\/2022\/04\/DSC07446.jpg?fit=1200%2C800&ssl=1&resize=350%2C200 1x, https:\/\/i0.wp.com\/www.jazzzeitung.de\/cms\/wp-content\/uploads\/2022\/04\/DSC07446.jpg?fit=1200%2C800&ssl=1&resize=525%2C300 1.5x, https:\/\/i0.wp.com\/www.jazzzeitung.de\/cms\/wp-content\/uploads\/2022\/04\/DSC07446.jpg?fit=1200%2C800&ssl=1&resize=700%2C400 2x, https:\/\/i0.wp.com\/www.jazzzeitung.de\/cms\/wp-content\/uploads\/2022\/04\/DSC07446.jpg?fit=1200%2C800&ssl=1&resize=1050%2C600 3x"},"classes":[]},{"id":23760,"url":"https:\/\/www.jazzzeitung.de\/cms\/2020\/11\/berlin-new-york-new-york-muenchen\/","url_meta":{"origin":28676,"position":3},"title":"New York \u2013 M\u00fcnchen: Das Progressive Chamber Music Festival 2020 als Stream","author":"Redaktion JazzZeitung","date":"10. November 2020","format":false,"excerpt":"Als internationaler Br\u00fcckenbauer zwischen zwei Avantgarde-Szenen pr\u00e4sentierte sich das Jazzfest Berlin in diesen Tagen (6.-8.11.2020). Berlin \u2013 New York war ein zweit\u00e4giger Konzertmarathon mit zw\u00f6lf Projekten in sechs transatlantischen Tandems: je ein Set als Livestream aus der Betonhalle des Silent Green in Berlin und ein Set als Livestream aus dem\u2026","rel":"","context":"In &quot;News&quot;","block_context":{"text":"News","link":"https:\/\/www.jazzzeitung.de\/cms\/thema\/nachrichten\/"},"img":{"alt_text":"","src":"https:\/\/i0.wp.com\/www.jazzzeitung.de\/cms\/wp-content\/uploads\/2020\/11\/SpectrumClubDSC_5407.jpg?fit=1200%2C801&ssl=1&resize=350%2C200","width":350,"height":200,"srcset":"https:\/\/i0.wp.com\/www.jazzzeitung.de\/cms\/wp-content\/uploads\/2020\/11\/SpectrumClubDSC_5407.jpg?fit=1200%2C801&ssl=1&resize=350%2C200 1x, https:\/\/i0.wp.com\/www.jazzzeitung.de\/cms\/wp-content\/uploads\/2020\/11\/SpectrumClubDSC_5407.jpg?fit=1200%2C801&ssl=1&resize=525%2C300 1.5x, https:\/\/i0.wp.com\/www.jazzzeitung.de\/cms\/wp-content\/uploads\/2020\/11\/SpectrumClubDSC_5407.jpg?fit=1200%2C801&ssl=1&resize=700%2C400 2x, https:\/\/i0.wp.com\/www.jazzzeitung.de\/cms\/wp-content\/uploads\/2020\/11\/SpectrumClubDSC_5407.jpg?fit=1200%2C801&ssl=1&resize=1050%2C600 3x"},"classes":[]},{"id":26239,"url":"https:\/\/www.jazzzeitung.de\/cms\/2021\/11\/transatlantisch-das-progressive-chamber-music-festival-2021-im-milla-club\/","url_meta":{"origin":28676,"position":4},"title":"Transatlantisch: das Progressive Chamber Music Festival 2021 im Milla Club","author":"Redaktion JazzZeitung","date":"30. November 2021","format":false,"excerpt":"Till Hoffmann f\u00e4hrt mit der Sohle \u00fcber den Boden. \u201eDa rutscht nichts\u201c, meint der M\u00fcnchner Veranstalter, der mit seinem Eulenspiegel Flying Circus \u00fcber Pandemie-Monate hinweg bayernweit Konzerte erm\u00f6glichte und au\u00dferdem schon 2012 zum Gr\u00fcndungsteam des Milla Clubs geh\u00f6rte. \u201eVielleicht fast ein bisschen zu viel Grip,\u201c erkl\u00e4rt er weiter, \u201eaber wir\u2026","rel":"","context":"In &quot;Bericht&quot;","block_context":{"text":"Bericht","link":"https:\/\/www.jazzzeitung.de\/cms\/thema\/bericht\/"},"img":{"alt_text":"","src":"https:\/\/i0.wp.com\/www.jazzzeitung.de\/cms\/wp-content\/uploads\/2021\/11\/DSC06816.jpg?fit=1200%2C800&ssl=1&resize=350%2C200","width":350,"height":200,"srcset":"https:\/\/i0.wp.com\/www.jazzzeitung.de\/cms\/wp-content\/uploads\/2021\/11\/DSC06816.jpg?fit=1200%2C800&ssl=1&resize=350%2C200 1x, https:\/\/i0.wp.com\/www.jazzzeitung.de\/cms\/wp-content\/uploads\/2021\/11\/DSC06816.jpg?fit=1200%2C800&ssl=1&resize=525%2C300 1.5x, https:\/\/i0.wp.com\/www.jazzzeitung.de\/cms\/wp-content\/uploads\/2021\/11\/DSC06816.jpg?fit=1200%2C800&ssl=1&resize=700%2C400 2x, https:\/\/i0.wp.com\/www.jazzzeitung.de\/cms\/wp-content\/uploads\/2021\/11\/DSC06816.jpg?fit=1200%2C800&ssl=1&resize=1050%2C600 3x"},"classes":[]},{"id":30325,"url":"https:\/\/www.jazzzeitung.de\/cms\/2023\/11\/transatlantisch-progressive-chamber-music-festival-2024-in-der-muenchner-milla\/","url_meta":{"origin":28676,"position":5},"title":"Transatlantisch: Progressive Chamber Music Festival 2024 in der M\u00fcnchner Milla","author":"Redaktion JazzZeitung","date":"21. November 2023","format":false,"excerpt":"Das \u201eProgressive Chamber Music Festival\u201c (PCMF) wird dieses Jahr zum sechsten Mal in der Milla stattfinden, am Mittwoch, 22. und Donnerstag, 23. November, Beginn jeweils um 20.00 Uhr. Kaum ein anderes Festival \u00fcberschreitet so stark die Grenzen zwischen Kammermusik, Jazz, Avantgarde, Folklore, Pop, Hip-Hop und anderer Genres zeitgen\u00f6ssischer Musik wie\u2026","rel":"","context":"In &quot;News&quot;","block_context":{"text":"News","link":"https:\/\/www.jazzzeitung.de\/cms\/thema\/nachrichten\/"},"img":{"alt_text":"","src":"https:\/\/i0.wp.com\/www.jazzzeitung.de\/cms\/wp-content\/uploads\/2023\/11\/Massachusetts-Photography-Studio-Musician-Headshots-Professional-Branding-Portrait-Photographer-Sirius-Quartet-1-copy-e1700567516824.jpg?fit=1200%2C920&ssl=1&resize=350%2C200","width":350,"height":200,"srcset":"https:\/\/i0.wp.com\/www.jazzzeitung.de\/cms\/wp-content\/uploads\/2023\/11\/Massachusetts-Photography-Studio-Musician-Headshots-Professional-Branding-Portrait-Photographer-Sirius-Quartet-1-copy-e1700567516824.jpg?fit=1200%2C920&ssl=1&resize=350%2C200 1x, https:\/\/i0.wp.com\/www.jazzzeitung.de\/cms\/wp-content\/uploads\/2023\/11\/Massachusetts-Photography-Studio-Musician-Headshots-Professional-Branding-Portrait-Photographer-Sirius-Quartet-1-copy-e1700567516824.jpg?fit=1200%2C920&ssl=1&resize=525%2C300 1.5x, https:\/\/i0.wp.com\/www.jazzzeitung.de\/cms\/wp-content\/uploads\/2023\/11\/Massachusetts-Photography-Studio-Musician-Headshots-Professional-Branding-Portrait-Photographer-Sirius-Quartet-1-copy-e1700567516824.jpg?fit=1200%2C920&ssl=1&resize=700%2C400 2x, https:\/\/i0.wp.com\/www.jazzzeitung.de\/cms\/wp-content\/uploads\/2023\/11\/Massachusetts-Photography-Studio-Musician-Headshots-Professional-Branding-Portrait-Photographer-Sirius-Quartet-1-copy-e1700567516824.jpg?fit=1200%2C920&ssl=1&resize=1050%2C600 3x"},"classes":[]}],"jetpack_sharing_enabled":true,"_links":{"self":[{"href":"https:\/\/www.jazzzeitung.de\/cms\/wp-json\/wp\/v2\/posts\/28676","targetHints":{"allow":["GET"]}}],"collection":[{"href":"https:\/\/www.jazzzeitung.de\/cms\/wp-json\/wp\/v2\/posts"}],"about":[{"href":"https:\/\/www.jazzzeitung.de\/cms\/wp-json\/wp\/v2\/types\/post"}],"author":[{"embeddable":true,"href":"https:\/\/www.jazzzeitung.de\/cms\/wp-json\/wp\/v2\/users\/7"}],"replies":[{"embeddable":true,"href":"https:\/\/www.jazzzeitung.de\/cms\/wp-json\/wp\/v2\/comments?post=28676"}],"version-history":[{"count":10,"href":"https:\/\/www.jazzzeitung.de\/cms\/wp-json\/wp\/v2\/posts\/28676\/revisions"}],"predecessor-version":[{"id":28693,"href":"https:\/\/www.jazzzeitung.de\/cms\/wp-json\/wp\/v2\/posts\/28676\/revisions\/28693"}],"wp:featuredmedia":[{"embeddable":true,"href":"https:\/\/www.jazzzeitung.de\/cms\/wp-json\/wp\/v2\/media\/28685"}],"wp:attachment":[{"href":"https:\/\/www.jazzzeitung.de\/cms\/wp-json\/wp\/v2\/media?parent=28676"}],"wp:term":[{"taxonomy":"category","embeddable":true,"href":"https:\/\/www.jazzzeitung.de\/cms\/wp-json\/wp\/v2\/categories?post=28676"},{"taxonomy":"post_tag","embeddable":true,"href":"https:\/\/www.jazzzeitung.de\/cms\/wp-json\/wp\/v2\/tags?post=28676"},{"taxonomy":"author","embeddable":true,"href":"https:\/\/www.jazzzeitung.de\/cms\/wp-json\/wp\/v2\/coauthors?post=28676"}],"curies":[{"name":"wp","href":"https:\/\/api.w.org\/{rel}","templated":true}]}}