{"id":28641,"date":"2022-11-18T10:34:10","date_gmt":"2022-11-18T09:34:10","guid":{"rendered":"https:\/\/www.jazzzeitung.de\/cms\/?p=28641"},"modified":"2022-11-17T16:16:07","modified_gmt":"2022-11-17T15:16:07","slug":"stefanie-lottermosers-neues-album-in-dependence","status":"publish","type":"post","link":"https:\/\/www.jazzzeitung.de\/cms\/2022\/11\/stefanie-lottermosers-neues-album-in-dependence\/","title":{"rendered":"Stefanie Lottermosers neues Album: In-Dependence"},"content":{"rendered":"<p><strong>Nach Stefanie Lottermosers letztem Album &#8222;Hamburg&#8220;, das letztes Jahr erschienen ist, wartet sie nun mit Ihrer brandneuen Aufnahme &#8222;In-Dependence&#8220; auf und pr\u00e4sentiert darauf weiter konsequent ihre Vorliebe f\u00fcr dynamische Fusionkl\u00e4nge.<\/strong><\/p>\n<p>Die geborene M\u00fcnchnerin und zwischenzeitliche Wahlhamburgerin war schon immer neben dem Jazz, auch den Genres Funk, Soul und Pop verbunden. In der Tradition des klassischen Fusionsounds der 80er Jahre stellt sie mit ihrer Band auf der CD &#8222;In-Dependence&#8220; elf Eigenkompositionen vor, die inhaltlich bei den von ihr auf dem Album gesungenen Texten einen ganz pers\u00f6nlichen biografischen Einblick wiedergeben. Musikalisch ist sie nach wie vor auf funkig soulige Sounds abonniert, die sie mit ihrem Saxophonspiel seit Jahren stetig weiter entwickelt hat.<\/p>\n<p><strong>Echtes H\u00e4ndchen f\u00fcr Jazzgroove<\/strong><\/p>\n<p>Schaut man sich die aktuelle Akzeptanz, etwa von Wolfgang Haffners Dream Band, an wei\u00df man, dass sich musikalisch ein Fusionrevival anbahnt. Eines muss man Stefanie Lottermoser lassen, sie hat \u00fcber die Jahre ihre eigene Sprache gefunden, ein echtes H\u00e4ndchen f\u00fcr den Jazzgroove und begeistert mit dem Sound die Zuh\u00f6rer. Ihre Mitstreiter Keyboarder Maik Schott, Martin Ziaja am Bass und Schlagzeuger Felix Lehrmann runden den homogenen Lottermoser-Sound ab. Die Melodien sind eing\u00e4ngig, die Kompositionen klar, subtil virtuos und kommen straight r\u00fcber. Alles in allem locker flockig, eigentlich Mucke f\u00fcr sommerliche Tage, andererseits sind gerade jetzt ein paar Funkstrahlen in der d\u00fcsteren Jahreszeit nicht verkehrt.<\/p>\n<p><strong>&#8222;In-Dependence&#8220; Deutschland Tour startet<\/strong><\/p>\n<p>Noch mehr Fun gibt es ab dem 18. November live mit Stefanie Lottermoser und ihrer Band auf der &#8222;In-Dependence&#8220; Deutschland Tour von Hamburg bis M\u00fcnchen in den einschl\u00e4gigen Clubs (Termine unter: <a href=\"https:\/\/www.stephanielottermoser.com\/live\">https:\/\/www.stephanielottermoser.com\/live<\/a>). Wer sie bereits auf Konzerten erlebt hat wei\u00df, wie sie den Saal zum Kochen bringt und ihre Vibes auf das Publikum \u00fcberspringen.<\/p>\n<p><img data-recalc-dims=\"1\" loading=\"lazy\" decoding=\"async\" data-attachment-id=\"28643\" data-permalink=\"https:\/\/www.jazzzeitung.de\/cms\/2022\/11\/stefanie-lottermosers-neues-album-in-dependence\/lottermoser_cd_digipack_220803_1-indd\/\" data-orig-file=\"https:\/\/i0.wp.com\/www.jazzzeitung.de\/cms\/wp-content\/uploads\/2022\/11\/Lottermoser-Independence.jpg?fit=1631%2C1477&amp;ssl=1\" data-orig-size=\"1631,1477\" data-comments-opened=\"1\" data-image-meta=\"{&quot;aperture&quot;:&quot;0&quot;,&quot;credit&quot;:&quot;&quot;,&quot;camera&quot;:&quot;&quot;,&quot;caption&quot;:&quot;&quot;,&quot;created_timestamp&quot;:&quot;0&quot;,&quot;copyright&quot;:&quot;&quot;,&quot;focal_length&quot;:&quot;0&quot;,&quot;iso&quot;:&quot;0&quot;,&quot;shutter_speed&quot;:&quot;0&quot;,&quot;title&quot;:&quot;Lottermoser_CD_Digipack_220803_1.indd&quot;,&quot;orientation&quot;:&quot;1&quot;}\" data-image-title=\"Lottermoser_CD_Digipack_220803_1.indd\" data-image-description=\"\" data-image-caption=\"\" data-large-file=\"https:\/\/i0.wp.com\/www.jazzzeitung.de\/cms\/wp-content\/uploads\/2022\/11\/Lottermoser-Independence.jpg?fit=663%2C600&amp;ssl=1\" class=\"alignleft size-medium wp-image-28643\" src=\"https:\/\/i0.wp.com\/www.jazzzeitung.de\/cms\/wp-content\/uploads\/2022\/11\/Lottermoser-Independence.jpg?resize=300%2C272&#038;ssl=1\" alt=\"\" width=\"300\" height=\"272\" srcset=\"https:\/\/i0.wp.com\/www.jazzzeitung.de\/cms\/wp-content\/uploads\/2022\/11\/Lottermoser-Independence.jpg?resize=300%2C272&amp;ssl=1 300w, https:\/\/i0.wp.com\/www.jazzzeitung.de\/cms\/wp-content\/uploads\/2022\/11\/Lottermoser-Independence.jpg?resize=663%2C600&amp;ssl=1 663w, https:\/\/i0.wp.com\/www.jazzzeitung.de\/cms\/wp-content\/uploads\/2022\/11\/Lottermoser-Independence.jpg?resize=768%2C695&amp;ssl=1 768w, https:\/\/i0.wp.com\/www.jazzzeitung.de\/cms\/wp-content\/uploads\/2022\/11\/Lottermoser-Independence.jpg?resize=1536%2C1391&amp;ssl=1 1536w, https:\/\/i0.wp.com\/www.jazzzeitung.de\/cms\/wp-content\/uploads\/2022\/11\/Lottermoser-Independence.jpg?resize=1320%2C1195&amp;ssl=1 1320w, https:\/\/i0.wp.com\/www.jazzzeitung.de\/cms\/wp-content\/uploads\/2022\/11\/Lottermoser-Independence.jpg?w=1631&amp;ssl=1 1631w\" sizes=\"auto, (max-width: 300px) 100vw, 300px\" \/><\/p>\n<p>Text &amp; Fotos: Thomas J. Krebs<\/p>\n","protected":false},"excerpt":{"rendered":"<p>Nach Stefanie Lottermosers letztem Album &#8222;Hamburg&#8220;, das letztes Jahr erschienen ist, wartet sie nun mit Ihrer brandneuen Aufnahme &#8222;In-Dependence&#8220; auf und pr\u00e4sentiert darauf weiter konsequent ihre Vorliebe f\u00fcr dynamische Fusionkl\u00e4nge. Die geborene M\u00fcnchnerin und zwischenzeitliche Wahlhamburgerin war schon immer neben dem Jazz, auch den Genres Funk, Soul und Pop verbunden. In der Tradition des klassischen Fusionsounds der 80er Jahre stellt sie mit ihrer Band auf der CD &#8222;In-Dependence&#8220; elf Eigenkompositionen vor, die inhaltlich bei den von ihr auf dem Album gesungenen Texten einen ganz pers\u00f6nlichen biografischen Einblick wiedergeben. Musikalisch ist sie nach wie vor auf funkig soulige Sounds abonniert, die sie mit ihrem Saxophonspiel seit Jahren stetig weiter entwickelt hat. Echtes H\u00e4ndchen f\u00fcr Jazzgroove Schaut man sich die aktuelle Akzeptanz, etwa von Wolfgang Haffners Dream Band, an wei\u00df man, dass sich musikalisch ein Fusionrevival anbahnt. Eines muss man Stefanie Lottermoser lassen, sie hat \u00fcber die Jahre ihre eigene Sprache gefunden, ein echtes H\u00e4ndchen f\u00fcr den Jazzgroove und begeistert mit dem Sound die Zuh\u00f6rer. Ihre Mitstreiter Keyboarder Maik Schott, Martin Ziaja am Bass und Schlagzeuger Felix Lehrmann runden den homogenen Lottermoser-Sound ab. Die Melodien sind eing\u00e4ngig, &hellip;<\/p>\n","protected":false},"author":18,"featured_media":28642,"comment_status":"open","ping_status":"closed","sticky":false,"template":"","format":"standard","meta":{"_jetpack_memberships_contains_paid_content":false,"footnotes":"","jetpack_publicize_message":"","jetpack_publicize_feature_enabled":true,"jetpack_social_post_already_shared":false,"jetpack_social_options":{"image_generator_settings":{"template":"highway","default_image_id":0,"font":"","enabled":false},"version":2}},"categories":[1152],"tags":[4389,4387,4388,2121],"coauthors":[695],"class_list":["post-28641","post","type-post","status-publish","format-standard","has-post-thumbnail","hentry","category-rezension","tag-felix-lehrmann","tag-maik-schott","tag-martin-ziaja","tag-stefanie-lottermoser"],"yoast_head":"<!-- This site is optimized with the Yoast SEO plugin v27.5 - https:\/\/yoast.com\/product\/yoast-seo-wordpress\/ -->\n<title>Stefanie Lottermosers neues Album: In-Dependence - JazzZeitung<\/title>\n<meta name=\"description\" content=\"CD Rezension\" \/>\n<meta name=\"robots\" content=\"index, follow, max-snippet:-1, max-image-preview:large, max-video-preview:-1\" \/>\n<link rel=\"canonical\" href=\"https:\/\/www.jazzzeitung.de\/cms\/2022\/11\/stefanie-lottermosers-neues-album-in-dependence\/\" \/>\n<meta property=\"og:locale\" content=\"de_DE\" \/>\n<meta property=\"og:type\" content=\"article\" \/>\n<meta property=\"og:title\" content=\"Stefanie Lottermosers neues Album: In-Dependence - JazzZeitung\" \/>\n<meta property=\"og:description\" content=\"CD Rezension\" \/>\n<meta property=\"og:url\" content=\"https:\/\/www.jazzzeitung.de\/cms\/2022\/11\/stefanie-lottermosers-neues-album-in-dependence\/\" \/>\n<meta property=\"og:site_name\" content=\"JazzZeitung\" \/>\n<meta property=\"article:publisher\" content=\"https:\/\/www.facebook.com\/JazzZeitung\/\" \/>\n<meta property=\"article:published_time\" content=\"2022-11-18T09:34:10+00:00\" \/>\n<meta property=\"og:image\" content=\"https:\/\/i0.wp.com\/www.jazzzeitung.de\/cms\/wp-content\/uploads\/2022\/11\/Collage-Lottermoser-Foto-TJ-Krebs.jpg?fit=1500%2C750&ssl=1\" \/>\n\t<meta property=\"og:image:width\" content=\"1500\" \/>\n\t<meta property=\"og:image:height\" content=\"750\" \/>\n\t<meta property=\"og:image:type\" content=\"image\/jpeg\" \/>\n<meta name=\"author\" content=\"Redaktion JazzZeitung\" \/>\n<script type=\"application\/ld+json\" class=\"yoast-schema-graph\">{\"@context\":\"https:\\\/\\\/schema.org\",\"@graph\":[{\"@type\":\"Article\",\"@id\":\"https:\\\/\\\/www.jazzzeitung.de\\\/cms\\\/2022\\\/11\\\/stefanie-lottermosers-neues-album-in-dependence\\\/#article\",\"isPartOf\":{\"@id\":\"https:\\\/\\\/www.jazzzeitung.de\\\/cms\\\/2022\\\/11\\\/stefanie-lottermosers-neues-album-in-dependence\\\/\"},\"author\":{\"name\":\"Redaktion JazzZeitung\",\"@id\":\"https:\\\/\\\/www.jazzzeitung.de\\\/cms\\\/#\\\/schema\\\/person\\\/2245b36b9cd1d24cea10f01c031fb92b\"},\"headline\":\"Stefanie Lottermosers neues Album: In-Dependence\",\"datePublished\":\"2022-11-18T09:34:10+00:00\",\"mainEntityOfPage\":{\"@id\":\"https:\\\/\\\/www.jazzzeitung.de\\\/cms\\\/2022\\\/11\\\/stefanie-lottermosers-neues-album-in-dependence\\\/\"},\"wordCount\":305,\"commentCount\":0,\"publisher\":{\"@id\":\"https:\\\/\\\/www.jazzzeitung.de\\\/cms\\\/#organization\"},\"image\":{\"@id\":\"https:\\\/\\\/www.jazzzeitung.de\\\/cms\\\/2022\\\/11\\\/stefanie-lottermosers-neues-album-in-dependence\\\/#primaryimage\"},\"thumbnailUrl\":\"https:\\\/\\\/i0.wp.com\\\/www.jazzzeitung.de\\\/cms\\\/wp-content\\\/uploads\\\/2022\\\/11\\\/Collage-Lottermoser-Foto-TJ-Krebs.jpg?fit=1500%2C750&ssl=1\",\"keywords\":[\"Felix Lehrmann\",\"Maik Schott\",\"Martin Ziaja\",\"Stefanie Lottermoser\"],\"articleSection\":[\"Rezension\"],\"inLanguage\":\"de\",\"potentialAction\":[{\"@type\":\"CommentAction\",\"name\":\"Comment\",\"target\":[\"https:\\\/\\\/www.jazzzeitung.de\\\/cms\\\/2022\\\/11\\\/stefanie-lottermosers-neues-album-in-dependence\\\/#respond\"]}]},{\"@type\":\"WebPage\",\"@id\":\"https:\\\/\\\/www.jazzzeitung.de\\\/cms\\\/2022\\\/11\\\/stefanie-lottermosers-neues-album-in-dependence\\\/\",\"url\":\"https:\\\/\\\/www.jazzzeitung.de\\\/cms\\\/2022\\\/11\\\/stefanie-lottermosers-neues-album-in-dependence\\\/\",\"name\":\"Stefanie Lottermosers neues Album: In-Dependence - JazzZeitung\",\"isPartOf\":{\"@id\":\"https:\\\/\\\/www.jazzzeitung.de\\\/cms\\\/#website\"},\"primaryImageOfPage\":{\"@id\":\"https:\\\/\\\/www.jazzzeitung.de\\\/cms\\\/2022\\\/11\\\/stefanie-lottermosers-neues-album-in-dependence\\\/#primaryimage\"},\"image\":{\"@id\":\"https:\\\/\\\/www.jazzzeitung.de\\\/cms\\\/2022\\\/11\\\/stefanie-lottermosers-neues-album-in-dependence\\\/#primaryimage\"},\"thumbnailUrl\":\"https:\\\/\\\/i0.wp.com\\\/www.jazzzeitung.de\\\/cms\\\/wp-content\\\/uploads\\\/2022\\\/11\\\/Collage-Lottermoser-Foto-TJ-Krebs.jpg?fit=1500%2C750&ssl=1\",\"datePublished\":\"2022-11-18T09:34:10+00:00\",\"description\":\"CD Rezension\",\"breadcrumb\":{\"@id\":\"https:\\\/\\\/www.jazzzeitung.de\\\/cms\\\/2022\\\/11\\\/stefanie-lottermosers-neues-album-in-dependence\\\/#breadcrumb\"},\"inLanguage\":\"de\",\"potentialAction\":[{\"@type\":\"ReadAction\",\"target\":[\"https:\\\/\\\/www.jazzzeitung.de\\\/cms\\\/2022\\\/11\\\/stefanie-lottermosers-neues-album-in-dependence\\\/\"]}]},{\"@type\":\"ImageObject\",\"inLanguage\":\"de\",\"@id\":\"https:\\\/\\\/www.jazzzeitung.de\\\/cms\\\/2022\\\/11\\\/stefanie-lottermosers-neues-album-in-dependence\\\/#primaryimage\",\"url\":\"https:\\\/\\\/i0.wp.com\\\/www.jazzzeitung.de\\\/cms\\\/wp-content\\\/uploads\\\/2022\\\/11\\\/Collage-Lottermoser-Foto-TJ-Krebs.jpg?fit=1500%2C750&ssl=1\",\"contentUrl\":\"https:\\\/\\\/i0.wp.com\\\/www.jazzzeitung.de\\\/cms\\\/wp-content\\\/uploads\\\/2022\\\/11\\\/Collage-Lottermoser-Foto-TJ-Krebs.jpg?fit=1500%2C750&ssl=1\",\"width\":1500,\"height\":750},{\"@type\":\"BreadcrumbList\",\"@id\":\"https:\\\/\\\/www.jazzzeitung.de\\\/cms\\\/2022\\\/11\\\/stefanie-lottermosers-neues-album-in-dependence\\\/#breadcrumb\",\"itemListElement\":[{\"@type\":\"ListItem\",\"position\":1,\"name\":\"Startseite\",\"item\":\"https:\\\/\\\/www.jazzzeitung.de\\\/cms\\\/\"},{\"@type\":\"ListItem\",\"position\":2,\"name\":\"Stefanie Lottermosers neues Album: In-Dependence\"}]},{\"@type\":\"WebSite\",\"@id\":\"https:\\\/\\\/www.jazzzeitung.de\\\/cms\\\/#website\",\"url\":\"https:\\\/\\\/www.jazzzeitung.de\\\/cms\\\/\",\"name\":\"JazzZeitung\",\"description\":\"Jazz-News und Jazz-Kontroverses\",\"publisher\":{\"@id\":\"https:\\\/\\\/www.jazzzeitung.de\\\/cms\\\/#organization\"},\"potentialAction\":[{\"@type\":\"SearchAction\",\"target\":{\"@type\":\"EntryPoint\",\"urlTemplate\":\"https:\\\/\\\/www.jazzzeitung.de\\\/cms\\\/?s={search_term_string}\"},\"query-input\":{\"@type\":\"PropertyValueSpecification\",\"valueRequired\":true,\"valueName\":\"search_term_string\"}}],\"inLanguage\":\"de\"},{\"@type\":\"Organization\",\"@id\":\"https:\\\/\\\/www.jazzzeitung.de\\\/cms\\\/#organization\",\"name\":\"JazzZeitung online\",\"url\":\"https:\\\/\\\/www.jazzzeitung.de\\\/cms\\\/\",\"logo\":{\"@type\":\"ImageObject\",\"inLanguage\":\"de\",\"@id\":\"https:\\\/\\\/www.jazzzeitung.de\\\/cms\\\/#\\\/schema\\\/logo\\\/image\\\/\",\"url\":\"https:\\\/\\\/i0.wp.com\\\/www.jazzzeitung.de\\\/cms\\\/wp-content\\\/uploads\\\/2015\\\/08\\\/JAZZZEITUNGDE_Logo_Neu.png?fit=499%2C200&ssl=1\",\"contentUrl\":\"https:\\\/\\\/i0.wp.com\\\/www.jazzzeitung.de\\\/cms\\\/wp-content\\\/uploads\\\/2015\\\/08\\\/JAZZZEITUNGDE_Logo_Neu.png?fit=499%2C200&ssl=1\",\"width\":499,\"height\":200,\"caption\":\"JazzZeitung online\"},\"image\":{\"@id\":\"https:\\\/\\\/www.jazzzeitung.de\\\/cms\\\/#\\\/schema\\\/logo\\\/image\\\/\"},\"sameAs\":[\"https:\\\/\\\/www.facebook.com\\\/JazzZeitung\\\/\"]},{\"@type\":\"Person\",\"@id\":\"https:\\\/\\\/www.jazzzeitung.de\\\/cms\\\/#\\\/schema\\\/person\\\/2245b36b9cd1d24cea10f01c031fb92b\",\"name\":\"Redaktion JazzZeitung\",\"image\":{\"@type\":\"ImageObject\",\"inLanguage\":\"de\",\"@id\":\"https:\\\/\\\/i0.wp.com\\\/www.jazzzeitung.de\\\/cms\\\/wp-content\\\/uploads\\\/2015\\\/08\\\/JAZZZEITUNGDE_Logo_Neu.png?resize=96%2C96&ssl=159975dcacb611b5700bd619b5daf0a7a\",\"url\":\"https:\\\/\\\/i0.wp.com\\\/www.jazzzeitung.de\\\/cms\\\/wp-content\\\/uploads\\\/2015\\\/08\\\/JAZZZEITUNGDE_Logo_Neu.png?resize=96%2C96&ssl=1\",\"contentUrl\":\"https:\\\/\\\/i0.wp.com\\\/www.jazzzeitung.de\\\/cms\\\/wp-content\\\/uploads\\\/2015\\\/08\\\/JAZZZEITUNGDE_Logo_Neu.png?resize=96%2C96&ssl=1\",\"caption\":\"Redaktion JazzZeitung\"},\"description\":\"Artikel der Redaktion der JazzZeitung.\",\"sameAs\":[\"http:\\\/\\\/www.jazzzeitung.de\\\/cms\\\/\"],\"url\":\"https:\\\/\\\/www.jazzzeitung.de\\\/cms\\\/author\\\/redaktion\\\/\"}]}<\/script>\n<!-- \/ Yoast SEO plugin. -->","yoast_head_json":{"title":"Stefanie Lottermosers neues Album: In-Dependence - JazzZeitung","description":"CD Rezension","robots":{"index":"index","follow":"follow","max-snippet":"max-snippet:-1","max-image-preview":"max-image-preview:large","max-video-preview":"max-video-preview:-1"},"canonical":"https:\/\/www.jazzzeitung.de\/cms\/2022\/11\/stefanie-lottermosers-neues-album-in-dependence\/","og_locale":"de_DE","og_type":"article","og_title":"Stefanie Lottermosers neues Album: In-Dependence - JazzZeitung","og_description":"CD Rezension","og_url":"https:\/\/www.jazzzeitung.de\/cms\/2022\/11\/stefanie-lottermosers-neues-album-in-dependence\/","og_site_name":"JazzZeitung","article_publisher":"https:\/\/www.facebook.com\/JazzZeitung\/","article_published_time":"2022-11-18T09:34:10+00:00","og_image":[{"width":1500,"height":750,"url":"https:\/\/i0.wp.com\/www.jazzzeitung.de\/cms\/wp-content\/uploads\/2022\/11\/Collage-Lottermoser-Foto-TJ-Krebs.jpg?fit=1500%2C750&ssl=1","type":"image\/jpeg"}],"author":"Redaktion JazzZeitung","schema":{"@context":"https:\/\/schema.org","@graph":[{"@type":"Article","@id":"https:\/\/www.jazzzeitung.de\/cms\/2022\/11\/stefanie-lottermosers-neues-album-in-dependence\/#article","isPartOf":{"@id":"https:\/\/www.jazzzeitung.de\/cms\/2022\/11\/stefanie-lottermosers-neues-album-in-dependence\/"},"author":{"name":"Redaktion JazzZeitung","@id":"https:\/\/www.jazzzeitung.de\/cms\/#\/schema\/person\/2245b36b9cd1d24cea10f01c031fb92b"},"headline":"Stefanie Lottermosers neues Album: In-Dependence","datePublished":"2022-11-18T09:34:10+00:00","mainEntityOfPage":{"@id":"https:\/\/www.jazzzeitung.de\/cms\/2022\/11\/stefanie-lottermosers-neues-album-in-dependence\/"},"wordCount":305,"commentCount":0,"publisher":{"@id":"https:\/\/www.jazzzeitung.de\/cms\/#organization"},"image":{"@id":"https:\/\/www.jazzzeitung.de\/cms\/2022\/11\/stefanie-lottermosers-neues-album-in-dependence\/#primaryimage"},"thumbnailUrl":"https:\/\/i0.wp.com\/www.jazzzeitung.de\/cms\/wp-content\/uploads\/2022\/11\/Collage-Lottermoser-Foto-TJ-Krebs.jpg?fit=1500%2C750&ssl=1","keywords":["Felix Lehrmann","Maik Schott","Martin Ziaja","Stefanie Lottermoser"],"articleSection":["Rezension"],"inLanguage":"de","potentialAction":[{"@type":"CommentAction","name":"Comment","target":["https:\/\/www.jazzzeitung.de\/cms\/2022\/11\/stefanie-lottermosers-neues-album-in-dependence\/#respond"]}]},{"@type":"WebPage","@id":"https:\/\/www.jazzzeitung.de\/cms\/2022\/11\/stefanie-lottermosers-neues-album-in-dependence\/","url":"https:\/\/www.jazzzeitung.de\/cms\/2022\/11\/stefanie-lottermosers-neues-album-in-dependence\/","name":"Stefanie Lottermosers neues Album: In-Dependence - JazzZeitung","isPartOf":{"@id":"https:\/\/www.jazzzeitung.de\/cms\/#website"},"primaryImageOfPage":{"@id":"https:\/\/www.jazzzeitung.de\/cms\/2022\/11\/stefanie-lottermosers-neues-album-in-dependence\/#primaryimage"},"image":{"@id":"https:\/\/www.jazzzeitung.de\/cms\/2022\/11\/stefanie-lottermosers-neues-album-in-dependence\/#primaryimage"},"thumbnailUrl":"https:\/\/i0.wp.com\/www.jazzzeitung.de\/cms\/wp-content\/uploads\/2022\/11\/Collage-Lottermoser-Foto-TJ-Krebs.jpg?fit=1500%2C750&ssl=1","datePublished":"2022-11-18T09:34:10+00:00","description":"CD Rezension","breadcrumb":{"@id":"https:\/\/www.jazzzeitung.de\/cms\/2022\/11\/stefanie-lottermosers-neues-album-in-dependence\/#breadcrumb"},"inLanguage":"de","potentialAction":[{"@type":"ReadAction","target":["https:\/\/www.jazzzeitung.de\/cms\/2022\/11\/stefanie-lottermosers-neues-album-in-dependence\/"]}]},{"@type":"ImageObject","inLanguage":"de","@id":"https:\/\/www.jazzzeitung.de\/cms\/2022\/11\/stefanie-lottermosers-neues-album-in-dependence\/#primaryimage","url":"https:\/\/i0.wp.com\/www.jazzzeitung.de\/cms\/wp-content\/uploads\/2022\/11\/Collage-Lottermoser-Foto-TJ-Krebs.jpg?fit=1500%2C750&ssl=1","contentUrl":"https:\/\/i0.wp.com\/www.jazzzeitung.de\/cms\/wp-content\/uploads\/2022\/11\/Collage-Lottermoser-Foto-TJ-Krebs.jpg?fit=1500%2C750&ssl=1","width":1500,"height":750},{"@type":"BreadcrumbList","@id":"https:\/\/www.jazzzeitung.de\/cms\/2022\/11\/stefanie-lottermosers-neues-album-in-dependence\/#breadcrumb","itemListElement":[{"@type":"ListItem","position":1,"name":"Startseite","item":"https:\/\/www.jazzzeitung.de\/cms\/"},{"@type":"ListItem","position":2,"name":"Stefanie Lottermosers neues Album: In-Dependence"}]},{"@type":"WebSite","@id":"https:\/\/www.jazzzeitung.de\/cms\/#website","url":"https:\/\/www.jazzzeitung.de\/cms\/","name":"JazzZeitung","description":"Jazz-News und Jazz-Kontroverses","publisher":{"@id":"https:\/\/www.jazzzeitung.de\/cms\/#organization"},"potentialAction":[{"@type":"SearchAction","target":{"@type":"EntryPoint","urlTemplate":"https:\/\/www.jazzzeitung.de\/cms\/?s={search_term_string}"},"query-input":{"@type":"PropertyValueSpecification","valueRequired":true,"valueName":"search_term_string"}}],"inLanguage":"de"},{"@type":"Organization","@id":"https:\/\/www.jazzzeitung.de\/cms\/#organization","name":"JazzZeitung online","url":"https:\/\/www.jazzzeitung.de\/cms\/","logo":{"@type":"ImageObject","inLanguage":"de","@id":"https:\/\/www.jazzzeitung.de\/cms\/#\/schema\/logo\/image\/","url":"https:\/\/i0.wp.com\/www.jazzzeitung.de\/cms\/wp-content\/uploads\/2015\/08\/JAZZZEITUNGDE_Logo_Neu.png?fit=499%2C200&ssl=1","contentUrl":"https:\/\/i0.wp.com\/www.jazzzeitung.de\/cms\/wp-content\/uploads\/2015\/08\/JAZZZEITUNGDE_Logo_Neu.png?fit=499%2C200&ssl=1","width":499,"height":200,"caption":"JazzZeitung online"},"image":{"@id":"https:\/\/www.jazzzeitung.de\/cms\/#\/schema\/logo\/image\/"},"sameAs":["https:\/\/www.facebook.com\/JazzZeitung\/"]},{"@type":"Person","@id":"https:\/\/www.jazzzeitung.de\/cms\/#\/schema\/person\/2245b36b9cd1d24cea10f01c031fb92b","name":"Redaktion JazzZeitung","image":{"@type":"ImageObject","inLanguage":"de","@id":"https:\/\/i0.wp.com\/www.jazzzeitung.de\/cms\/wp-content\/uploads\/2015\/08\/JAZZZEITUNGDE_Logo_Neu.png?resize=96%2C96&ssl=159975dcacb611b5700bd619b5daf0a7a","url":"https:\/\/i0.wp.com\/www.jazzzeitung.de\/cms\/wp-content\/uploads\/2015\/08\/JAZZZEITUNGDE_Logo_Neu.png?resize=96%2C96&ssl=1","contentUrl":"https:\/\/i0.wp.com\/www.jazzzeitung.de\/cms\/wp-content\/uploads\/2015\/08\/JAZZZEITUNGDE_Logo_Neu.png?resize=96%2C96&ssl=1","caption":"Redaktion JazzZeitung"},"description":"Artikel der Redaktion der JazzZeitung.","sameAs":["http:\/\/www.jazzzeitung.de\/cms\/"],"url":"https:\/\/www.jazzzeitung.de\/cms\/author\/redaktion\/"}]}},"wp-worthy-pixel":{"ignored":false,"public":null,"server":null,"url":null},"wp-worthy-type":"normal","jetpack_publicize_connections":[],"cc_featured_image_caption":{"caption_text":"","source_text":"","source_url":""},"jetpack_featured_media_url":"https:\/\/i0.wp.com\/www.jazzzeitung.de\/cms\/wp-content\/uploads\/2022\/11\/Collage-Lottermoser-Foto-TJ-Krebs.jpg?fit=1500%2C750&ssl=1","jetpack_shortlink":"https:\/\/wp.me\/p3KEcT-7rX","jetpack-related-posts":[{"id":18099,"url":"https:\/\/www.jazzzeitung.de\/cms\/2018\/12\/stefanie-lottermoser-ein-lullabye-fuer-die-eltern\/","url_meta":{"origin":28641,"position":0},"title":"Stefanie Lottermoser &#8211; ein \u201eLullabye\u201c f\u00fcr die Eltern","author":"Redaktion JazzZeitung","date":"15. Dezember 2018","format":false,"excerpt":"Von Michael Scheiner, Regensburg. Zu mehr als einer Zugabe wollte sie sich nicht bewegen lassen. Doch die hatte es in sich. Bei Eddie Harris\u00b4 Komposition \u201eCold Duck Time\u201c, ein wahrlich kryptischer Titel, drehte die Saxofonistin Stephanie Lottermoser noch einmal richtig auf. Mit kurz heraus gesto\u00dfenen Noten befeuerte sie den leicht\u2026","rel":"","context":"In &quot;Bericht&quot;","block_context":{"text":"Bericht","link":"https:\/\/www.jazzzeitung.de\/cms\/thema\/bericht\/"},"img":{"alt_text":"","src":"https:\/\/i0.wp.com\/www.jazzzeitung.de\/cms\/wp-content\/uploads\/2018\/12\/Lottermoser-Stephanie_64.jpeg?fit=567%2C371&ssl=1&resize=350%2C200","width":350,"height":200,"srcset":"https:\/\/i0.wp.com\/www.jazzzeitung.de\/cms\/wp-content\/uploads\/2018\/12\/Lottermoser-Stephanie_64.jpeg?fit=567%2C371&ssl=1&resize=350%2C200 1x, https:\/\/i0.wp.com\/www.jazzzeitung.de\/cms\/wp-content\/uploads\/2018\/12\/Lottermoser-Stephanie_64.jpeg?fit=567%2C371&ssl=1&resize=525%2C300 1.5x"},"classes":[]},{"id":13578,"url":"https:\/\/www.jazzzeitung.de\/cms\/2017\/09\/stefanie-boltz-silvio-schneider-geben-seminar-zum-selbstmarketing-in-muenchen\/","url_meta":{"origin":28641,"position":1},"title":"Selbst vermarkten mit Stefanie Boltz &#038; Silvio Schneider","author":"Redaktion JazzZeitung","date":"21. September 2017","format":false,"excerpt":"Die S\u00e4ngerin Stefanie Boltz & der Gitarrist Silvio Schneider leben seit vielen Jahren vor, wie man sich als K\u00fcnstler selbst organisiert, vermarktet und dadurch die eigenen Projekte auf die B\u00fchne bringt. Sie geben ihr Know-How zeitgem\u00e4\u00dfer und individueller Organisationsformate in praxis-bezogenen Workshops unter dem Titel ZEITGEM\u00c4\u00dfE ARBEITSORGANISATION ALS K\u00dcNSTLER weiter.\u2026","rel":"","context":"In &quot;News&quot;","block_context":{"text":"News","link":"https:\/\/www.jazzzeitung.de\/cms\/thema\/nachrichten\/"},"img":{"alt_text":"","src":"https:\/\/i0.wp.com\/www.jazzzeitung.de\/cms\/wp-content\/uploads\/2017\/09\/SilvioBoltz-150x150.jpg?resize=350%2C200&ssl=1","width":350,"height":200},"classes":[]},{"id":25052,"url":"https:\/\/www.jazzzeitung.de\/cms\/2021\/07\/bluesige-songs-mit-bitternote-stefanie-boltz-und-christian-wegscheider-jazzbaby\/","url_meta":{"origin":28641,"position":2},"title":"Bluesige Songs mit Bitternote: Stefanie Boltz und Christian Wegscheider &#8211; Jazzbaby!","author":"Michael Scheiner","date":"6. Juli 2021","format":false,"excerpt":"Ein voller Terminkalender: Schon vor dem offiziellen Ver\u00f6ffentlichungstermin im August k\u00f6nnen Zuh\u00f6rerinnen (inkl. -h\u00f6rer) dem Tiger ins Maul schauen und zuh\u00f6ren wenn er knurrt, br\u00fcllt oder tobt. Das \u201eGebr\u00fcll eines gez\u00e4hmten Tigers\u201c ist Stefanie Boltz\u2019 und Christian Wegscheiders erste gemeinsame Produktion. Sie entwickelten diese gemeinsam w\u00e4hrend des gleicherma\u00dfen zerm\u00fcrbenden, wie\u2026","rel":"","context":"In &quot;Bericht&quot;","block_context":{"text":"Bericht","link":"https:\/\/www.jazzzeitung.de\/cms\/thema\/bericht\/"},"img":{"alt_text":"","src":"https:\/\/i0.wp.com\/www.jazzzeitung.de\/cms\/wp-content\/uploads\/2021\/07\/JazzBaby_3_c_Gabriele_Roithner-scaled-1.jpg?fit=1200%2C801&ssl=1&resize=350%2C200","width":350,"height":200,"srcset":"https:\/\/i0.wp.com\/www.jazzzeitung.de\/cms\/wp-content\/uploads\/2021\/07\/JazzBaby_3_c_Gabriele_Roithner-scaled-1.jpg?fit=1200%2C801&ssl=1&resize=350%2C200 1x, https:\/\/i0.wp.com\/www.jazzzeitung.de\/cms\/wp-content\/uploads\/2021\/07\/JazzBaby_3_c_Gabriele_Roithner-scaled-1.jpg?fit=1200%2C801&ssl=1&resize=525%2C300 1.5x, https:\/\/i0.wp.com\/www.jazzzeitung.de\/cms\/wp-content\/uploads\/2021\/07\/JazzBaby_3_c_Gabriele_Roithner-scaled-1.jpg?fit=1200%2C801&ssl=1&resize=700%2C400 2x, https:\/\/i0.wp.com\/www.jazzzeitung.de\/cms\/wp-content\/uploads\/2021\/07\/JazzBaby_3_c_Gabriele_Roithner-scaled-1.jpg?fit=1200%2C801&ssl=1&resize=1050%2C600 3x"},"classes":[]},{"id":15346,"url":"https:\/\/www.jazzzeitung.de\/cms\/2018\/03\/news23-hildener-jazztage\/","url_meta":{"origin":28641,"position":3},"title":"+++ News +++ 23. Hildener Jazztage +++ Candy Dulfer und Stefanie Heinzmann bei \u201eWorms: Jazz &#038; Joy\u201d +++","author":"Redaktion JazzZeitung","date":"22. M\u00e4rz 2018","format":false,"excerpt":"+++23. Hildener Jazztage vom 29.5.\u20133.6.2018+++ Seit mehr als 20 Jahren stehen bei den Hildener Jazztagen hochtalentierte Newcomer, routinierte Meister ihres Fachs und internationale Stars auf der B\u00fchne, die dem Publikum ein breites Spektrum unterschiedlichster Klangwelten er\u00f6ffnen. Auch f\u00fcr dieses Jahr versprechen die Veranstalter wieder H\u00f6rgenuss pur. Im Folgenden eine Programm\u00fcbersicht:\u2026","rel":"","context":"In &quot;News&quot;","block_context":{"text":"News","link":"https:\/\/www.jazzzeitung.de\/cms\/thema\/nachrichten\/"},"img":{"alt_text":"","src":"https:\/\/i0.wp.com\/www.jazzzeitung.de\/cms\/wp-content\/uploads\/2018\/03\/Candy-Dulfer_Vesandgr_Foto_Carolien-Sikkenk_-Photoline-1.jpg?fit=1200%2C800&ssl=1&resize=350%2C200","width":350,"height":200,"srcset":"https:\/\/i0.wp.com\/www.jazzzeitung.de\/cms\/wp-content\/uploads\/2018\/03\/Candy-Dulfer_Vesandgr_Foto_Carolien-Sikkenk_-Photoline-1.jpg?fit=1200%2C800&ssl=1&resize=350%2C200 1x, https:\/\/i0.wp.com\/www.jazzzeitung.de\/cms\/wp-content\/uploads\/2018\/03\/Candy-Dulfer_Vesandgr_Foto_Carolien-Sikkenk_-Photoline-1.jpg?fit=1200%2C800&ssl=1&resize=525%2C300 1.5x, https:\/\/i0.wp.com\/www.jazzzeitung.de\/cms\/wp-content\/uploads\/2018\/03\/Candy-Dulfer_Vesandgr_Foto_Carolien-Sikkenk_-Photoline-1.jpg?fit=1200%2C800&ssl=1&resize=700%2C400 2x, https:\/\/i0.wp.com\/www.jazzzeitung.de\/cms\/wp-content\/uploads\/2018\/03\/Candy-Dulfer_Vesandgr_Foto_Carolien-Sikkenk_-Photoline-1.jpg?fit=1200%2C800&ssl=1&resize=1050%2C600 3x"},"classes":[]},{"id":28434,"url":"https:\/\/www.jazzzeitung.de\/cms\/2022\/10\/ellington-trio-im-jazz-club-huerth-konzerte-und-streams-im-jazz-club-king-georg\/","url_meta":{"origin":28641,"position":4},"title":"+++ Ellington Trio im Jazz Club H\u00fcrth +++ Konzerte und Streams im Jazz Club King Georg +++","author":"Redaktion JazzZeitung","date":"6. Oktober 2022","format":false,"excerpt":"+++ Ellington Trio im Jazz Club H\u00fcrth +++ F\u00fcr kurzfristig entschlossene Jazzer gibt es noch die M\u00f6glichkeit, ein Konzert des Ellington Trios in H\u00fcrth wahrzunehmen. Am 7. Oktober 2022 sind S\u00e4ngerin Barbara Barth, Pianist Gero Koerner und Bassist Caspar van Meel zusammen mit einem besonderen Gast, dem Trompeter Frederik K\u00f6ster\u2026","rel":"","context":"In &quot;News&quot;","block_context":{"text":"News","link":"https:\/\/www.jazzzeitung.de\/cms\/thema\/nachrichten\/"},"img":{"alt_text":"","src":"https:\/\/i0.wp.com\/www.jazzzeitung.de\/cms\/wp-content\/uploads\/2022\/10\/IMG_6459.jpeg?fit=1200%2C800&ssl=1&resize=350%2C200","width":350,"height":200,"srcset":"https:\/\/i0.wp.com\/www.jazzzeitung.de\/cms\/wp-content\/uploads\/2022\/10\/IMG_6459.jpeg?fit=1200%2C800&ssl=1&resize=350%2C200 1x, https:\/\/i0.wp.com\/www.jazzzeitung.de\/cms\/wp-content\/uploads\/2022\/10\/IMG_6459.jpeg?fit=1200%2C800&ssl=1&resize=525%2C300 1.5x, https:\/\/i0.wp.com\/www.jazzzeitung.de\/cms\/wp-content\/uploads\/2022\/10\/IMG_6459.jpeg?fit=1200%2C800&ssl=1&resize=700%2C400 2x, https:\/\/i0.wp.com\/www.jazzzeitung.de\/cms\/wp-content\/uploads\/2022\/10\/IMG_6459.jpeg?fit=1200%2C800&ssl=1&resize=1050%2C600 3x"},"classes":[]},{"id":20955,"url":"https:\/\/www.jazzzeitung.de\/cms\/2019\/10\/lisa-simone-mit-neuem-album\/","url_meta":{"origin":28641,"position":5},"title":"Lisa Simone mit neuem Album","author":"Michael Scheiner","date":"23. Oktober 2019","format":false,"excerpt":"Bei Priesterinnen w\u00fcrde man sagen sie ist eine Sp\u00e4tberufene. Bei Lisa Simone trifft das nur eingeschr\u00e4nkt zu, obwohl sie erst als 50-J\u00e4hrige ihre Solokarriere startete und in ihrem zweiten Album (My World) die eigene, von Ablehnung, \u00c4ngsten und Aufbegehren durchzogene Welt beschrieben hat. Bevor sie mit dem neuen Album endlich\u2026","rel":"","context":"In &quot;Rezension&quot;","block_context":{"text":"Rezension","link":"https:\/\/www.jazzzeitung.de\/cms\/thema\/rezension\/"},"img":{"alt_text":"","src":"https:\/\/i0.wp.com\/www.jazzzeitung.de\/cms\/wp-content\/uploads\/2019\/10\/Lisa-Simone-PR-Foto-Credit-Warner-Music-3.jpeg?fit=522%2C348&ssl=1&resize=350%2C200","width":350,"height":200},"classes":[]}],"jetpack_sharing_enabled":true,"_links":{"self":[{"href":"https:\/\/www.jazzzeitung.de\/cms\/wp-json\/wp\/v2\/posts\/28641","targetHints":{"allow":["GET"]}}],"collection":[{"href":"https:\/\/www.jazzzeitung.de\/cms\/wp-json\/wp\/v2\/posts"}],"about":[{"href":"https:\/\/www.jazzzeitung.de\/cms\/wp-json\/wp\/v2\/types\/post"}],"author":[{"embeddable":true,"href":"https:\/\/www.jazzzeitung.de\/cms\/wp-json\/wp\/v2\/users\/18"}],"replies":[{"embeddable":true,"href":"https:\/\/www.jazzzeitung.de\/cms\/wp-json\/wp\/v2\/comments?post=28641"}],"version-history":[{"count":5,"href":"https:\/\/www.jazzzeitung.de\/cms\/wp-json\/wp\/v2\/posts\/28641\/revisions"}],"predecessor-version":[{"id":28694,"href":"https:\/\/www.jazzzeitung.de\/cms\/wp-json\/wp\/v2\/posts\/28641\/revisions\/28694"}],"wp:featuredmedia":[{"embeddable":true,"href":"https:\/\/www.jazzzeitung.de\/cms\/wp-json\/wp\/v2\/media\/28642"}],"wp:attachment":[{"href":"https:\/\/www.jazzzeitung.de\/cms\/wp-json\/wp\/v2\/media?parent=28641"}],"wp:term":[{"taxonomy":"category","embeddable":true,"href":"https:\/\/www.jazzzeitung.de\/cms\/wp-json\/wp\/v2\/categories?post=28641"},{"taxonomy":"post_tag","embeddable":true,"href":"https:\/\/www.jazzzeitung.de\/cms\/wp-json\/wp\/v2\/tags?post=28641"},{"taxonomy":"author","embeddable":true,"href":"https:\/\/www.jazzzeitung.de\/cms\/wp-json\/wp\/v2\/coauthors?post=28641"}],"curies":[{"name":"wp","href":"https:\/\/api.w.org\/{rel}","templated":true}]}}