{"id":28613,"date":"2022-11-11T09:33:07","date_gmt":"2022-11-11T08:33:07","guid":{"rendered":"https:\/\/www.jazzzeitung.de\/cms\/?p=28613"},"modified":"2022-11-10T18:57:17","modified_gmt":"2022-11-10T17:57:17","slug":"keith-lorenz-und-sebastian-allein-am-klavier-jubilaeum-strukturen-loops-jazz-cds-in-der-hoerbar-okt-2022","status":"publish","type":"post","link":"https:\/\/www.jazzzeitung.de\/cms\/2022\/11\/keith-lorenz-und-sebastian-allein-am-klavier-jubilaeum-strukturen-loops-jazz-cds-in-der-hoerbar-okt-2022\/","title":{"rendered":"Keith, Lorenz und Sebastian allein am Klavier; Jubil\u00e4um, Strukturen, Loops \u2013 Jazz-CDs in der H\u00f6rBar Okt. 2022"},"content":{"rendered":"<p>Sternal, Kellhuber und Jarrett geben ihrem Piano Raum. Christian Muthspiel wird mit zwei Doppel-CDs gefeiert. Das Hornung-Trio w\u00fchlt mit humanoiden Strukturen auf und \u201eOh No Noh\u201c loopt sich froh und gl\u00fccklich. Die Jazz-Rezensionen in der<a href=\"https:\/\/hoerbar.nmz.de\/\"> H\u00f6rBar<\/a> der<a href=\"https:\/\/www.nmz.de\/\"> neuen musikzeitung<\/a>.<\/p>\n<ul>\n<li><a href=\"https:\/\/hoerbar.nmz.de\/2022\/11\/muthspiel-diary-1989-2022\/\">Muthspiel \u2013 Diary 1989-2022<\/a><\/li>\n<li><a href=\"https:\/\/hoerbar.nmz.de\/2022\/11\/sebastian-sternal-thelonia\/\">Sebastian Sternal \u2013 Thelonia<\/a><\/li>\n<li><a href=\"https:\/\/hoerbar.nmz.de\/2022\/11\/muthspiel-orjazztra-vienna-homecoming\/\">Muthspiel &amp; Orjazztra Vienna \u2013 \u00adHomecoming<\/a><\/li>\n<li><a href=\"https:\/\/hoerbar.nmz.de\/2022\/11\/hornung-trio-strukturen\/\">Hornung Trio \u2013 Strukturen<\/a><\/li>\n<li><a href=\"https:\/\/hoerbar.nmz.de\/2022\/10\/lorenz-kellhuber-live-at-elbphilharmonie\/\">Lorenz Kellhuber \u2013 Live at Elbphilharmonie<\/a><\/li>\n<li><a href=\"https:\/\/hoerbar.nmz.de\/2022\/10\/oh-no-noh-kanzi\/\">Oh No Noh \u2013 Kanzi<\/a><\/li>\n<li><a href=\"https:\/\/hoerbar.nmz.de\/2022\/10\/keith-jarrett-bordeaux-concert\/\">Keith Jarrett \u2013 Bordeaux Concert<\/a><\/li>\n<\/ul>\n<div class=\"tiled-gallery type-square tiled-gallery-unresized\" data-original-width=\"840\" data-carousel-extra='{&quot;blog_id&quot;:1,&quot;permalink&quot;:&quot;https:\\\/\\\/www.jazzzeitung.de\\\/cms\\\/2022\\\/11\\\/keith-lorenz-und-sebastian-allein-am-klavier-jubilaeum-strukturen-loops-jazz-cds-in-der-hoerbar-okt-2022\\\/&quot;,&quot;likes_blog_id&quot;:55446655}' itemscope itemtype=\"http:\/\/schema.org\/ImageGallery\" > <div class=\"gallery-row\" style=\"width: 840px; height: 120px;\" data-original-width=\"840\" data-original-height=\"120\" > <div class=\"gallery-group\" style=\"width: 120px; height: 120px;\" data-original-width=\"120\" data-original-height=\"120\" > <div class=\"tiled-gallery-item \" itemprop=\"associatedMedia\" itemscope itemtype=\"http:\/\/schema.org\/ImageObject\"> <a href=\"https:\/\/www.jazzzeitung.de\/cms\/2022\/11\/keith-lorenz-und-sebastian-allein-am-klavier-jubilaeum-strukturen-loops-jazz-cds-in-der-hoerbar-okt-2022\/220823_lorenz_kellhuber_elbphilharmonie_cover_digital\/\" border=\"0\" itemprop=\"url\"> <meta itemprop=\"width\" content=\"116\"> <meta itemprop=\"height\" content=\"116\"> <img decoding=\"async\" class=\"\" data-attachment-id=\"28627\" data-orig-file=\"https:\/\/www.jazzzeitung.de\/cms\/wp-content\/uploads\/2022\/11\/220823_lorenz_kellhuber_elbphilharmonie_cover_digital.jpg\" data-orig-size=\"2000,2000\" data-comments-opened=\"1\" data-image-meta=\"{&quot;aperture&quot;:&quot;0&quot;,&quot;credit&quot;:&quot;&quot;,&quot;camera&quot;:&quot;&quot;,&quot;caption&quot;:&quot;&quot;,&quot;created_timestamp&quot;:&quot;0&quot;,&quot;copyright&quot;:&quot;&quot;,&quot;focal_length&quot;:&quot;0&quot;,&quot;iso&quot;:&quot;0&quot;,&quot;shutter_speed&quot;:&quot;0&quot;,&quot;title&quot;:&quot;&quot;,&quot;orientation&quot;:&quot;1&quot;}\" data-image-title=\"Lorenz Kellhuber \u2013 Live at Elbphilharmonie\" data-image-description=\"&lt;p&gt;Lorenz Kellhuber \u2013 Live at Elbphilharmonie&lt;\/p&gt; \" data-medium-file=\"https:\/\/i0.wp.com\/www.jazzzeitung.de\/cms\/wp-content\/uploads\/2022\/11\/220823_lorenz_kellhuber_elbphilharmonie_cover_digital.jpg?fit=300%2C300&#038;ssl=1\" data-large-file=\"https:\/\/i0.wp.com\/www.jazzzeitung.de\/cms\/wp-content\/uploads\/2022\/11\/220823_lorenz_kellhuber_elbphilharmonie_cover_digital.jpg?fit=600%2C600&#038;ssl=1\" src=\"https:\/\/i0.wp.com\/www.jazzzeitung.de\/cms\/wp-content\/uploads\/2022\/11\/220823_lorenz_kellhuber_elbphilharmonie_cover_digital.jpg?w=116&#038;h=116&#038;crop=1&#038;ssl=1\" srcset=\"https:\/\/i0.wp.com\/www.jazzzeitung.de\/cms\/wp-content\/uploads\/2022\/11\/220823_lorenz_kellhuber_elbphilharmonie_cover_digital.jpg?w=2000&amp;ssl=1 2000w, https:\/\/i0.wp.com\/www.jazzzeitung.de\/cms\/wp-content\/uploads\/2022\/11\/220823_lorenz_kellhuber_elbphilharmonie_cover_digital.jpg?resize=300%2C300&amp;ssl=1 300w, https:\/\/i0.wp.com\/www.jazzzeitung.de\/cms\/wp-content\/uploads\/2022\/11\/220823_lorenz_kellhuber_elbphilharmonie_cover_digital.jpg?resize=600%2C600&amp;ssl=1 600w, https:\/\/i0.wp.com\/www.jazzzeitung.de\/cms\/wp-content\/uploads\/2022\/11\/220823_lorenz_kellhuber_elbphilharmonie_cover_digital.jpg?resize=150%2C150&amp;ssl=1 150w, https:\/\/i0.wp.com\/www.jazzzeitung.de\/cms\/wp-content\/uploads\/2022\/11\/220823_lorenz_kellhuber_elbphilharmonie_cover_digital.jpg?resize=768%2C768&amp;ssl=1 768w, https:\/\/i0.wp.com\/www.jazzzeitung.de\/cms\/wp-content\/uploads\/2022\/11\/220823_lorenz_kellhuber_elbphilharmonie_cover_digital.jpg?resize=1536%2C1536&amp;ssl=1 1536w, https:\/\/i0.wp.com\/www.jazzzeitung.de\/cms\/wp-content\/uploads\/2022\/11\/220823_lorenz_kellhuber_elbphilharmonie_cover_digital.jpg?resize=1320%2C1320&amp;ssl=1 1320w, https:\/\/i0.wp.com\/www.jazzzeitung.de\/cms\/wp-content\/uploads\/2022\/11\/220823_lorenz_kellhuber_elbphilharmonie_cover_digital.jpg?w=1680&amp;ssl=1 1680w\" width=\"116\" height=\"116\" loading=\"lazy\" data-original-width=\"116\" data-original-height=\"116\" itemprop=\"http:\/\/schema.org\/image\" title=\"Lorenz Kellhuber \u2013 Live at Elbphilharmonie\" alt=\"Lorenz Kellhuber \u2013 Live at Elbphilharmonie\" style=\"width: 116px; height: 116px;\" \/> <\/a> <div class=\"tiled-gallery-caption\" itemprop=\"caption description\"> Lorenz Kellhuber \u2013 Live at Elbphilharmonie <\/div> <\/div> <\/div> <div class=\"gallery-group\" style=\"width: 120px; height: 120px;\" data-original-width=\"120\" data-original-height=\"120\" > <div class=\"tiled-gallery-item \" itemprop=\"associatedMedia\" itemscope itemtype=\"http:\/\/schema.org\/ImageObject\"> <a href=\"https:\/\/www.jazzzeitung.de\/cms\/2022\/11\/keith-lorenz-und-sebastian-allein-am-klavier-jubilaeum-strukturen-loops-jazz-cds-in-der-hoerbar-okt-2022\/albumcover-kanzi\/\" border=\"0\" itemprop=\"url\"> <meta itemprop=\"width\" content=\"116\"> <meta itemprop=\"height\" content=\"116\"> <img decoding=\"async\" class=\"\" data-attachment-id=\"28626\" data-orig-file=\"https:\/\/www.jazzzeitung.de\/cms\/wp-content\/uploads\/2022\/11\/Albumcover-Kanzi.jpg\" data-orig-size=\"2000,2000\" data-comments-opened=\"1\" data-image-meta=\"{&quot;aperture&quot;:&quot;0&quot;,&quot;credit&quot;:&quot;&quot;,&quot;camera&quot;:&quot;&quot;,&quot;caption&quot;:&quot;&quot;,&quot;created_timestamp&quot;:&quot;0&quot;,&quot;copyright&quot;:&quot;&quot;,&quot;focal_length&quot;:&quot;0&quot;,&quot;iso&quot;:&quot;0&quot;,&quot;shutter_speed&quot;:&quot;0&quot;,&quot;title&quot;:&quot;&quot;,&quot;orientation&quot;:&quot;1&quot;}\" data-image-title=\"Oh No Noh \u2013 Kanzi\" data-image-description=\"&lt;p&gt;Oh No Noh \u2013 Kanzi&lt;\/p&gt; \" data-medium-file=\"https:\/\/i0.wp.com\/www.jazzzeitung.de\/cms\/wp-content\/uploads\/2022\/11\/Albumcover-Kanzi.jpg?fit=300%2C300&#038;ssl=1\" data-large-file=\"https:\/\/i0.wp.com\/www.jazzzeitung.de\/cms\/wp-content\/uploads\/2022\/11\/Albumcover-Kanzi.jpg?fit=600%2C600&#038;ssl=1\" src=\"https:\/\/i0.wp.com\/www.jazzzeitung.de\/cms\/wp-content\/uploads\/2022\/11\/Albumcover-Kanzi.jpg?w=116&#038;h=116&#038;crop=1&#038;ssl=1\" srcset=\"https:\/\/i0.wp.com\/www.jazzzeitung.de\/cms\/wp-content\/uploads\/2022\/11\/Albumcover-Kanzi.jpg?w=2000&amp;ssl=1 2000w, https:\/\/i0.wp.com\/www.jazzzeitung.de\/cms\/wp-content\/uploads\/2022\/11\/Albumcover-Kanzi.jpg?resize=300%2C300&amp;ssl=1 300w, https:\/\/i0.wp.com\/www.jazzzeitung.de\/cms\/wp-content\/uploads\/2022\/11\/Albumcover-Kanzi.jpg?resize=600%2C600&amp;ssl=1 600w, https:\/\/i0.wp.com\/www.jazzzeitung.de\/cms\/wp-content\/uploads\/2022\/11\/Albumcover-Kanzi.jpg?resize=150%2C150&amp;ssl=1 150w, https:\/\/i0.wp.com\/www.jazzzeitung.de\/cms\/wp-content\/uploads\/2022\/11\/Albumcover-Kanzi.jpg?resize=768%2C768&amp;ssl=1 768w, https:\/\/i0.wp.com\/www.jazzzeitung.de\/cms\/wp-content\/uploads\/2022\/11\/Albumcover-Kanzi.jpg?resize=1536%2C1536&amp;ssl=1 1536w, https:\/\/i0.wp.com\/www.jazzzeitung.de\/cms\/wp-content\/uploads\/2022\/11\/Albumcover-Kanzi.jpg?resize=1320%2C1320&amp;ssl=1 1320w, https:\/\/i0.wp.com\/www.jazzzeitung.de\/cms\/wp-content\/uploads\/2022\/11\/Albumcover-Kanzi.jpg?w=1680&amp;ssl=1 1680w\" width=\"116\" height=\"116\" loading=\"lazy\" data-original-width=\"116\" data-original-height=\"116\" itemprop=\"http:\/\/schema.org\/image\" title=\"Oh No Noh \u2013 Kanzi\" alt=\"Oh No Noh \u2013 Kanzi\" style=\"width: 116px; height: 116px;\" \/> <\/a> <div class=\"tiled-gallery-caption\" itemprop=\"caption description\"> Oh No Noh \u2013 Kanzi <\/div> <\/div> <\/div> <div class=\"gallery-group\" style=\"width: 120px; height: 120px;\" data-original-width=\"120\" data-original-height=\"120\" > <div class=\"tiled-gallery-item \" itemprop=\"associatedMedia\" itemscope itemtype=\"http:\/\/schema.org\/ImageObject\"> <a href=\"https:\/\/www.jazzzeitung.de\/cms\/2022\/11\/keith-lorenz-und-sebastian-allein-am-klavier-jubilaeum-strukturen-loops-jazz-cds-in-der-hoerbar-okt-2022\/42_bordeaux\/\" border=\"0\" itemprop=\"url\"> <meta itemprop=\"width\" content=\"116\"> <meta itemprop=\"height\" content=\"116\"> <img decoding=\"async\" class=\"\" data-attachment-id=\"28625\" data-orig-file=\"https:\/\/www.jazzzeitung.de\/cms\/wp-content\/uploads\/2022\/11\/42_bordeaux.jpg\" data-orig-size=\"1200,1200\" data-comments-opened=\"1\" data-image-meta=\"{&quot;aperture&quot;:&quot;0&quot;,&quot;credit&quot;:&quot;&quot;,&quot;camera&quot;:&quot;&quot;,&quot;caption&quot;:&quot;&quot;,&quot;created_timestamp&quot;:&quot;0&quot;,&quot;copyright&quot;:&quot;&quot;,&quot;focal_length&quot;:&quot;0&quot;,&quot;iso&quot;:&quot;0&quot;,&quot;shutter_speed&quot;:&quot;0&quot;,&quot;title&quot;:&quot;&quot;,&quot;orientation&quot;:&quot;0&quot;}\" data-image-title=\"Keith Jarrett \u2013 Bordeaux Concert\" data-image-description=\"&lt;p&gt;Keith Jarrett \u2013 Bordeaux Concert&lt;\/p&gt; \" data-medium-file=\"https:\/\/i0.wp.com\/www.jazzzeitung.de\/cms\/wp-content\/uploads\/2022\/11\/42_bordeaux.jpg?fit=300%2C300&#038;ssl=1\" data-large-file=\"https:\/\/i0.wp.com\/www.jazzzeitung.de\/cms\/wp-content\/uploads\/2022\/11\/42_bordeaux.jpg?fit=600%2C600&#038;ssl=1\" src=\"https:\/\/i0.wp.com\/www.jazzzeitung.de\/cms\/wp-content\/uploads\/2022\/11\/42_bordeaux.jpg?w=116&#038;h=116&#038;crop=1&#038;ssl=1\" srcset=\"https:\/\/i0.wp.com\/www.jazzzeitung.de\/cms\/wp-content\/uploads\/2022\/11\/42_bordeaux.jpg?w=1200&amp;ssl=1 1200w, https:\/\/i0.wp.com\/www.jazzzeitung.de\/cms\/wp-content\/uploads\/2022\/11\/42_bordeaux.jpg?resize=300%2C300&amp;ssl=1 300w, https:\/\/i0.wp.com\/www.jazzzeitung.de\/cms\/wp-content\/uploads\/2022\/11\/42_bordeaux.jpg?resize=600%2C600&amp;ssl=1 600w, https:\/\/i0.wp.com\/www.jazzzeitung.de\/cms\/wp-content\/uploads\/2022\/11\/42_bordeaux.jpg?resize=150%2C150&amp;ssl=1 150w, https:\/\/i0.wp.com\/www.jazzzeitung.de\/cms\/wp-content\/uploads\/2022\/11\/42_bordeaux.jpg?resize=768%2C768&amp;ssl=1 768w\" width=\"116\" height=\"116\" loading=\"lazy\" data-original-width=\"116\" data-original-height=\"116\" itemprop=\"http:\/\/schema.org\/image\" title=\"Keith Jarrett \u2013 Bordeaux Concert\" alt=\"Keith Jarrett \u2013 Bordeaux Concert\" style=\"width: 116px; height: 116px;\" \/> <\/a> <div class=\"tiled-gallery-caption\" itemprop=\"caption description\"> Keith Jarrett \u2013 Bordeaux Concert <\/div> <\/div> <\/div> <div class=\"gallery-group\" style=\"width: 120px; height: 120px;\" data-original-width=\"120\" data-original-height=\"120\" > <div class=\"tiled-gallery-item \" itemprop=\"associatedMedia\" itemscope itemtype=\"http:\/\/schema.org\/ImageObject\"> <a href=\"https:\/\/www.jazzzeitung.de\/cms\/2022\/11\/keith-lorenz-und-sebastian-allein-am-klavier-jubilaeum-strukturen-loops-jazz-cds-in-der-hoerbar-okt-2022\/44_hornung_trio_cover_front\/\" border=\"0\" itemprop=\"url\"> <meta itemprop=\"width\" content=\"116\"> <meta itemprop=\"height\" content=\"116\"> <img decoding=\"async\" class=\"\" data-attachment-id=\"28624\" data-orig-file=\"https:\/\/www.jazzzeitung.de\/cms\/wp-content\/uploads\/2022\/11\/44_Hornung_trio_cover_front.jpg\" data-orig-size=\"2000,2000\" data-comments-opened=\"1\" data-image-meta=\"{&quot;aperture&quot;:&quot;0&quot;,&quot;credit&quot;:&quot;&quot;,&quot;camera&quot;:&quot;&quot;,&quot;caption&quot;:&quot;&quot;,&quot;created_timestamp&quot;:&quot;0&quot;,&quot;copyright&quot;:&quot;&quot;,&quot;focal_length&quot;:&quot;0&quot;,&quot;iso&quot;:&quot;0&quot;,&quot;shutter_speed&quot;:&quot;0&quot;,&quot;title&quot;:&quot;&quot;,&quot;orientation&quot;:&quot;0&quot;}\" data-image-title=\"Hornung Trio \u2013 Strukturen\" data-image-description=\"&lt;p&gt;Hornung Trio \u2013 Strukturen&lt;\/p&gt; \" data-medium-file=\"https:\/\/i0.wp.com\/www.jazzzeitung.de\/cms\/wp-content\/uploads\/2022\/11\/44_Hornung_trio_cover_front.jpg?fit=300%2C300&#038;ssl=1\" data-large-file=\"https:\/\/i0.wp.com\/www.jazzzeitung.de\/cms\/wp-content\/uploads\/2022\/11\/44_Hornung_trio_cover_front.jpg?fit=600%2C600&#038;ssl=1\" src=\"https:\/\/i0.wp.com\/www.jazzzeitung.de\/cms\/wp-content\/uploads\/2022\/11\/44_Hornung_trio_cover_front.jpg?w=116&#038;h=116&#038;crop=1&#038;ssl=1\" srcset=\"https:\/\/i0.wp.com\/www.jazzzeitung.de\/cms\/wp-content\/uploads\/2022\/11\/44_Hornung_trio_cover_front.jpg?w=2000&amp;ssl=1 2000w, https:\/\/i0.wp.com\/www.jazzzeitung.de\/cms\/wp-content\/uploads\/2022\/11\/44_Hornung_trio_cover_front.jpg?resize=300%2C300&amp;ssl=1 300w, https:\/\/i0.wp.com\/www.jazzzeitung.de\/cms\/wp-content\/uploads\/2022\/11\/44_Hornung_trio_cover_front.jpg?resize=600%2C600&amp;ssl=1 600w, https:\/\/i0.wp.com\/www.jazzzeitung.de\/cms\/wp-content\/uploads\/2022\/11\/44_Hornung_trio_cover_front.jpg?resize=150%2C150&amp;ssl=1 150w, https:\/\/i0.wp.com\/www.jazzzeitung.de\/cms\/wp-content\/uploads\/2022\/11\/44_Hornung_trio_cover_front.jpg?resize=768%2C768&amp;ssl=1 768w, https:\/\/i0.wp.com\/www.jazzzeitung.de\/cms\/wp-content\/uploads\/2022\/11\/44_Hornung_trio_cover_front.jpg?resize=1536%2C1536&amp;ssl=1 1536w, https:\/\/i0.wp.com\/www.jazzzeitung.de\/cms\/wp-content\/uploads\/2022\/11\/44_Hornung_trio_cover_front.jpg?resize=1320%2C1320&amp;ssl=1 1320w, https:\/\/i0.wp.com\/www.jazzzeitung.de\/cms\/wp-content\/uploads\/2022\/11\/44_Hornung_trio_cover_front.jpg?w=1680&amp;ssl=1 1680w\" width=\"116\" height=\"116\" loading=\"lazy\" data-original-width=\"116\" data-original-height=\"116\" itemprop=\"http:\/\/schema.org\/image\" title=\"Hornung Trio \u2013 Strukturen\" alt=\"Hornung Trio \u2013 Strukturen\" style=\"width: 116px; height: 116px;\" \/> <\/a> <div class=\"tiled-gallery-caption\" itemprop=\"caption description\"> Hornung Trio \u2013 Strukturen <\/div> <\/div> <\/div> <div class=\"gallery-group\" style=\"width: 120px; height: 120px;\" data-original-width=\"120\" data-original-height=\"120\" > <div class=\"tiled-gallery-item \" itemprop=\"associatedMedia\" itemscope itemtype=\"http:\/\/schema.org\/ImageObject\"> <a href=\"https:\/\/www.jazzzeitung.de\/cms\/2022\/11\/keith-lorenz-und-sebastian-allein-am-klavier-jubilaeum-strukturen-loops-jazz-cds-in-der-hoerbar-okt-2022\/44_sebastian_sternal_thelonia_cover\/\" border=\"0\" itemprop=\"url\"> <meta itemprop=\"width\" content=\"116\"> <meta itemprop=\"height\" content=\"116\"> <img decoding=\"async\" class=\"\" data-attachment-id=\"28623\" data-orig-file=\"https:\/\/www.jazzzeitung.de\/cms\/wp-content\/uploads\/2022\/11\/44_Sebastian_Sternal_Thelonia_cover.jpg\" data-orig-size=\"2000,2000\" data-comments-opened=\"1\" data-image-meta=\"{&quot;aperture&quot;:&quot;0&quot;,&quot;credit&quot;:&quot;&quot;,&quot;camera&quot;:&quot;&quot;,&quot;caption&quot;:&quot;&quot;,&quot;created_timestamp&quot;:&quot;0&quot;,&quot;copyright&quot;:&quot;&quot;,&quot;focal_length&quot;:&quot;0&quot;,&quot;iso&quot;:&quot;0&quot;,&quot;shutter_speed&quot;:&quot;0&quot;,&quot;title&quot;:&quot;&quot;,&quot;orientation&quot;:&quot;0&quot;}\" data-image-title=\"Sebastian Sternal \u2013 Thelonia\" data-image-description=\"&lt;p&gt;Sebastian Sternal \u2013 Thelonia&lt;\/p&gt; \" data-medium-file=\"https:\/\/i0.wp.com\/www.jazzzeitung.de\/cms\/wp-content\/uploads\/2022\/11\/44_Sebastian_Sternal_Thelonia_cover.jpg?fit=300%2C300&#038;ssl=1\" data-large-file=\"https:\/\/i0.wp.com\/www.jazzzeitung.de\/cms\/wp-content\/uploads\/2022\/11\/44_Sebastian_Sternal_Thelonia_cover.jpg?fit=600%2C600&#038;ssl=1\" src=\"https:\/\/i0.wp.com\/www.jazzzeitung.de\/cms\/wp-content\/uploads\/2022\/11\/44_Sebastian_Sternal_Thelonia_cover.jpg?w=116&#038;h=116&#038;crop=1&#038;ssl=1\" srcset=\"https:\/\/i0.wp.com\/www.jazzzeitung.de\/cms\/wp-content\/uploads\/2022\/11\/44_Sebastian_Sternal_Thelonia_cover.jpg?w=2000&amp;ssl=1 2000w, https:\/\/i0.wp.com\/www.jazzzeitung.de\/cms\/wp-content\/uploads\/2022\/11\/44_Sebastian_Sternal_Thelonia_cover.jpg?resize=300%2C300&amp;ssl=1 300w, https:\/\/i0.wp.com\/www.jazzzeitung.de\/cms\/wp-content\/uploads\/2022\/11\/44_Sebastian_Sternal_Thelonia_cover.jpg?resize=600%2C600&amp;ssl=1 600w, https:\/\/i0.wp.com\/www.jazzzeitung.de\/cms\/wp-content\/uploads\/2022\/11\/44_Sebastian_Sternal_Thelonia_cover.jpg?resize=150%2C150&amp;ssl=1 150w, https:\/\/i0.wp.com\/www.jazzzeitung.de\/cms\/wp-content\/uploads\/2022\/11\/44_Sebastian_Sternal_Thelonia_cover.jpg?resize=768%2C768&amp;ssl=1 768w, https:\/\/i0.wp.com\/www.jazzzeitung.de\/cms\/wp-content\/uploads\/2022\/11\/44_Sebastian_Sternal_Thelonia_cover.jpg?resize=1536%2C1536&amp;ssl=1 1536w, https:\/\/i0.wp.com\/www.jazzzeitung.de\/cms\/wp-content\/uploads\/2022\/11\/44_Sebastian_Sternal_Thelonia_cover.jpg?resize=1320%2C1320&amp;ssl=1 1320w, https:\/\/i0.wp.com\/www.jazzzeitung.de\/cms\/wp-content\/uploads\/2022\/11\/44_Sebastian_Sternal_Thelonia_cover.jpg?w=1680&amp;ssl=1 1680w\" width=\"116\" height=\"116\" loading=\"lazy\" data-original-width=\"116\" data-original-height=\"116\" itemprop=\"http:\/\/schema.org\/image\" title=\"Sebastian Sternal \u2013 Thelonia\" alt=\"Sebastian Sternal \u2013 Thelonia\" style=\"width: 116px; height: 116px;\" \/> <\/a> <div class=\"tiled-gallery-caption\" itemprop=\"caption description\"> Sebastian Sternal \u2013 Thelonia <\/div> <\/div> <\/div> <div class=\"gallery-group\" style=\"width: 120px; height: 120px;\" data-original-width=\"120\" data-original-height=\"120\" > <div class=\"tiled-gallery-item \" itemprop=\"associatedMedia\" itemscope itemtype=\"http:\/\/schema.org\/ImageObject\"> <a href=\"https:\/\/www.jazzzeitung.de\/cms\/2022\/11\/keith-lorenz-und-sebastian-allein-am-klavier-jubilaeum-strukturen-loops-jazz-cds-in-der-hoerbar-okt-2022\/44_homecoming\/\" border=\"0\" itemprop=\"url\"> <meta itemprop=\"width\" content=\"116\"> <meta itemprop=\"height\" content=\"116\"> <img decoding=\"async\" class=\"\" data-attachment-id=\"28622\" data-orig-file=\"https:\/\/www.jazzzeitung.de\/cms\/wp-content\/uploads\/2022\/11\/44_Homecoming.jpg\" data-orig-size=\"1200,1200\" data-comments-opened=\"1\" data-image-meta=\"{&quot;aperture&quot;:&quot;0&quot;,&quot;credit&quot;:&quot;&quot;,&quot;camera&quot;:&quot;&quot;,&quot;caption&quot;:&quot;&quot;,&quot;created_timestamp&quot;:&quot;0&quot;,&quot;copyright&quot;:&quot;&quot;,&quot;focal_length&quot;:&quot;0&quot;,&quot;iso&quot;:&quot;0&quot;,&quot;shutter_speed&quot;:&quot;0&quot;,&quot;title&quot;:&quot;&quot;,&quot;orientation&quot;:&quot;0&quot;}\" data-image-title=\"Muthspiel &amp;#038; Orjazztra Vienna \u2013 Homecoming\" data-image-description=\"&lt;p&gt;Muthspiel &amp;#038; Orjazztra Vienna \u2013 Homecoming&lt;\/p&gt; \" data-medium-file=\"https:\/\/i0.wp.com\/www.jazzzeitung.de\/cms\/wp-content\/uploads\/2022\/11\/44_Homecoming.jpg?fit=300%2C300&#038;ssl=1\" data-large-file=\"https:\/\/i0.wp.com\/www.jazzzeitung.de\/cms\/wp-content\/uploads\/2022\/11\/44_Homecoming.jpg?fit=600%2C600&#038;ssl=1\" src=\"https:\/\/i0.wp.com\/www.jazzzeitung.de\/cms\/wp-content\/uploads\/2022\/11\/44_Homecoming.jpg?w=116&#038;h=116&#038;crop=1&#038;ssl=1\" srcset=\"https:\/\/i0.wp.com\/www.jazzzeitung.de\/cms\/wp-content\/uploads\/2022\/11\/44_Homecoming.jpg?w=1200&amp;ssl=1 1200w, https:\/\/i0.wp.com\/www.jazzzeitung.de\/cms\/wp-content\/uploads\/2022\/11\/44_Homecoming.jpg?resize=300%2C300&amp;ssl=1 300w, https:\/\/i0.wp.com\/www.jazzzeitung.de\/cms\/wp-content\/uploads\/2022\/11\/44_Homecoming.jpg?resize=600%2C600&amp;ssl=1 600w, https:\/\/i0.wp.com\/www.jazzzeitung.de\/cms\/wp-content\/uploads\/2022\/11\/44_Homecoming.jpg?resize=150%2C150&amp;ssl=1 150w, https:\/\/i0.wp.com\/www.jazzzeitung.de\/cms\/wp-content\/uploads\/2022\/11\/44_Homecoming.jpg?resize=768%2C768&amp;ssl=1 768w\" width=\"116\" height=\"116\" loading=\"lazy\" data-original-width=\"116\" data-original-height=\"116\" itemprop=\"http:\/\/schema.org\/image\" title=\"Muthspiel &amp; Orjazztra Vienna \u2013 Homecoming\" alt=\"Muthspiel &amp; Orjazztra Vienna \u2013 Homecoming\" style=\"width: 116px; height: 116px;\" \/> <\/a> <div class=\"tiled-gallery-caption\" itemprop=\"caption description\"> Muthspiel &#038; Orjazztra Vienna \u2013 Homecoming <\/div> <\/div> <\/div> <div class=\"gallery-group\" style=\"width: 120px; height: 120px;\" data-original-width=\"120\" data-original-height=\"120\" > <div class=\"tiled-gallery-item \" itemprop=\"associatedMedia\" itemscope itemtype=\"http:\/\/schema.org\/ImageObject\"> <a href=\"https:\/\/www.jazzzeitung.de\/cms\/2022\/11\/keith-lorenz-und-sebastian-allein-am-klavier-jubilaeum-strukturen-loops-jazz-cds-in-der-hoerbar-okt-2022\/44_diary_muthspiel\/\" border=\"0\" itemprop=\"url\"> <meta itemprop=\"width\" content=\"116\"> <meta itemprop=\"height\" content=\"116\"> <img decoding=\"async\" class=\"\" data-attachment-id=\"28621\" data-orig-file=\"https:\/\/www.jazzzeitung.de\/cms\/wp-content\/uploads\/2022\/11\/44_diary_muthspiel.jpg\" data-orig-size=\"1200,1200\" data-comments-opened=\"1\" data-image-meta=\"{&quot;aperture&quot;:&quot;0&quot;,&quot;credit&quot;:&quot;&quot;,&quot;camera&quot;:&quot;&quot;,&quot;caption&quot;:&quot;&quot;,&quot;created_timestamp&quot;:&quot;0&quot;,&quot;copyright&quot;:&quot;&quot;,&quot;focal_length&quot;:&quot;0&quot;,&quot;iso&quot;:&quot;0&quot;,&quot;shutter_speed&quot;:&quot;0&quot;,&quot;title&quot;:&quot;&quot;,&quot;orientation&quot;:&quot;0&quot;}\" data-image-title=\"Muthspiel \u2013 Diary 1989-2022\" data-image-description=\"&lt;p&gt;Muthspiel \u2013 Diary 1989-2022&lt;\/p&gt; \" data-medium-file=\"https:\/\/i0.wp.com\/www.jazzzeitung.de\/cms\/wp-content\/uploads\/2022\/11\/44_diary_muthspiel.jpg?fit=300%2C300&#038;ssl=1\" data-large-file=\"https:\/\/i0.wp.com\/www.jazzzeitung.de\/cms\/wp-content\/uploads\/2022\/11\/44_diary_muthspiel.jpg?fit=600%2C600&#038;ssl=1\" src=\"https:\/\/i0.wp.com\/www.jazzzeitung.de\/cms\/wp-content\/uploads\/2022\/11\/44_diary_muthspiel.jpg?w=116&#038;h=116&#038;crop=1&#038;ssl=1\" srcset=\"https:\/\/i0.wp.com\/www.jazzzeitung.de\/cms\/wp-content\/uploads\/2022\/11\/44_diary_muthspiel.jpg?w=1200&amp;ssl=1 1200w, https:\/\/i0.wp.com\/www.jazzzeitung.de\/cms\/wp-content\/uploads\/2022\/11\/44_diary_muthspiel.jpg?resize=300%2C300&amp;ssl=1 300w, https:\/\/i0.wp.com\/www.jazzzeitung.de\/cms\/wp-content\/uploads\/2022\/11\/44_diary_muthspiel.jpg?resize=600%2C600&amp;ssl=1 600w, https:\/\/i0.wp.com\/www.jazzzeitung.de\/cms\/wp-content\/uploads\/2022\/11\/44_diary_muthspiel.jpg?resize=150%2C150&amp;ssl=1 150w, https:\/\/i0.wp.com\/www.jazzzeitung.de\/cms\/wp-content\/uploads\/2022\/11\/44_diary_muthspiel.jpg?resize=768%2C768&amp;ssl=1 768w\" width=\"116\" height=\"116\" loading=\"lazy\" data-original-width=\"116\" data-original-height=\"116\" itemprop=\"http:\/\/schema.org\/image\" title=\"Muthspiel \u2013 Diary 1989-2022\" alt=\"Muthspiel \u2013 Diary 1989-2022\" style=\"width: 116px; height: 116px;\" \/> <\/a> <div class=\"tiled-gallery-caption\" itemprop=\"caption description\"> Muthspiel \u2013 Diary 1989-2022 <\/div> <\/div> <\/div> <\/div> <\/div>\n<h2><a href=\"https:\/\/hoerbar.nmz.de\/2022\/11\/muthspiel-diary-1989-2022\/\">Muthspiel \u2013 Diary 1989-2022<\/a><\/h2>\n<figure id=\"attachment_28621\" aria-describedby=\"caption-attachment-28621\" style=\"width: 150px\" class=\"wp-caption alignright\"><a href=\"https:\/\/i0.wp.com\/www.jazzzeitung.de\/cms\/wp-content\/uploads\/2022\/11\/44_diary_muthspiel.jpg?ssl=1\"><img data-recalc-dims=\"1\" loading=\"lazy\" decoding=\"async\" data-attachment-id=\"28621\" data-permalink=\"https:\/\/www.jazzzeitung.de\/cms\/2022\/11\/keith-lorenz-und-sebastian-allein-am-klavier-jubilaeum-strukturen-loops-jazz-cds-in-der-hoerbar-okt-2022\/44_diary_muthspiel\/\" data-orig-file=\"https:\/\/i0.wp.com\/www.jazzzeitung.de\/cms\/wp-content\/uploads\/2022\/11\/44_diary_muthspiel.jpg?fit=1200%2C1200&amp;ssl=1\" data-orig-size=\"1200,1200\" data-comments-opened=\"1\" data-image-meta=\"{&quot;aperture&quot;:&quot;0&quot;,&quot;credit&quot;:&quot;&quot;,&quot;camera&quot;:&quot;&quot;,&quot;caption&quot;:&quot;&quot;,&quot;created_timestamp&quot;:&quot;0&quot;,&quot;copyright&quot;:&quot;&quot;,&quot;focal_length&quot;:&quot;0&quot;,&quot;iso&quot;:&quot;0&quot;,&quot;shutter_speed&quot;:&quot;0&quot;,&quot;title&quot;:&quot;&quot;,&quot;orientation&quot;:&quot;0&quot;}\" data-image-title=\"Muthspiel \u2013 Diary 1989-2022\" data-image-description=\"&lt;p&gt;Muthspiel \u2013 Diary 1989-2022&lt;\/p&gt;\n\" data-image-caption=\"&lt;p&gt;Muthspiel \u2013 Diary 1989-2022&lt;\/p&gt;\n\" data-large-file=\"https:\/\/i0.wp.com\/www.jazzzeitung.de\/cms\/wp-content\/uploads\/2022\/11\/44_diary_muthspiel.jpg?fit=600%2C600&amp;ssl=1\" class=\"size-thumbnail wp-image-28621\" src=\"https:\/\/i0.wp.com\/www.jazzzeitung.de\/cms\/wp-content\/uploads\/2022\/11\/44_diary_muthspiel.jpg?resize=150%2C150&#038;ssl=1\" alt=\"Muthspiel \u2013 Diary 1989-2022\" width=\"150\" height=\"150\" srcset=\"https:\/\/i0.wp.com\/www.jazzzeitung.de\/cms\/wp-content\/uploads\/2022\/11\/44_diary_muthspiel.jpg?resize=150%2C150&amp;ssl=1 150w, https:\/\/i0.wp.com\/www.jazzzeitung.de\/cms\/wp-content\/uploads\/2022\/11\/44_diary_muthspiel.jpg?resize=300%2C300&amp;ssl=1 300w, https:\/\/i0.wp.com\/www.jazzzeitung.de\/cms\/wp-content\/uploads\/2022\/11\/44_diary_muthspiel.jpg?resize=600%2C600&amp;ssl=1 600w, https:\/\/i0.wp.com\/www.jazzzeitung.de\/cms\/wp-content\/uploads\/2022\/11\/44_diary_muthspiel.jpg?resize=768%2C768&amp;ssl=1 768w, https:\/\/i0.wp.com\/www.jazzzeitung.de\/cms\/wp-content\/uploads\/2022\/11\/44_diary_muthspiel.jpg?w=1200&amp;ssl=1 1200w\" sizes=\"auto, (max-width: 150px) 100vw, 150px\" \/><\/a><figcaption id=\"caption-attachment-28621\" class=\"wp-caption-text\">Muthspiel \u2013 Diary 1989-2022<\/figcaption><\/figure>\n<p>Die zahlreichen Aufnahmen der diversen Ensembles in denn Muthspiel aktiv war oder ist sind auf eine Art aneinander gesetzt, die diese beiden CDs zugleich zu einem H\u00f6rst\u00fcck besonderer Art \u00fcber insgesamt zwei Stunden und 27 Minuten macht.<\/p>\n<p><iframe title=\"Spotify Embed: drottl &amp; demokratie\" style=\"border-radius: 12px\" width=\"100%\" height=\"152\" frameborder=\"0\" allowfullscreen allow=\"autoplay; clipboard-write; encrypted-media; fullscreen; picture-in-picture\" loading=\"lazy\" src=\"https:\/\/open.spotify.com\/embed\/track\/6VqOFnOJSlUFRoAIXzkvVo?si=c63d02c8d57c47d0&#038;utm_source=oembed\"><\/iframe><\/p>\n<h2><a href=\"https:\/\/hoerbar.nmz.de\/2022\/11\/sebastian-sternal-thelonia\/\">Sebastian Sternal \u2013 Thelonia<\/a><\/h2>\n<figure id=\"attachment_28623\" aria-describedby=\"caption-attachment-28623\" style=\"width: 150px\" class=\"wp-caption alignright\"><a href=\"https:\/\/i0.wp.com\/www.jazzzeitung.de\/cms\/wp-content\/uploads\/2022\/11\/44_Sebastian_Sternal_Thelonia_cover.jpg?ssl=1\"><img data-recalc-dims=\"1\" loading=\"lazy\" decoding=\"async\" data-attachment-id=\"28623\" data-permalink=\"https:\/\/www.jazzzeitung.de\/cms\/2022\/11\/keith-lorenz-und-sebastian-allein-am-klavier-jubilaeum-strukturen-loops-jazz-cds-in-der-hoerbar-okt-2022\/44_sebastian_sternal_thelonia_cover\/\" data-orig-file=\"https:\/\/i0.wp.com\/www.jazzzeitung.de\/cms\/wp-content\/uploads\/2022\/11\/44_Sebastian_Sternal_Thelonia_cover.jpg?fit=2000%2C2000&amp;ssl=1\" data-orig-size=\"2000,2000\" data-comments-opened=\"1\" data-image-meta=\"{&quot;aperture&quot;:&quot;0&quot;,&quot;credit&quot;:&quot;&quot;,&quot;camera&quot;:&quot;&quot;,&quot;caption&quot;:&quot;&quot;,&quot;created_timestamp&quot;:&quot;0&quot;,&quot;copyright&quot;:&quot;&quot;,&quot;focal_length&quot;:&quot;0&quot;,&quot;iso&quot;:&quot;0&quot;,&quot;shutter_speed&quot;:&quot;0&quot;,&quot;title&quot;:&quot;&quot;,&quot;orientation&quot;:&quot;0&quot;}\" data-image-title=\"Sebastian Sternal \u2013 Thelonia\" data-image-description=\"&lt;p&gt;Sebastian Sternal \u2013 Thelonia&lt;\/p&gt;\n\" data-image-caption=\"&lt;p&gt;Sebastian Sternal \u2013 Thelonia&lt;\/p&gt;\n\" data-large-file=\"https:\/\/i0.wp.com\/www.jazzzeitung.de\/cms\/wp-content\/uploads\/2022\/11\/44_Sebastian_Sternal_Thelonia_cover.jpg?fit=600%2C600&amp;ssl=1\" class=\"size-thumbnail wp-image-28623\" src=\"https:\/\/i0.wp.com\/www.jazzzeitung.de\/cms\/wp-content\/uploads\/2022\/11\/44_Sebastian_Sternal_Thelonia_cover.jpg?resize=150%2C150&#038;ssl=1\" alt=\"Sebastian Sternal \u2013 Thelonia\" width=\"150\" height=\"150\" srcset=\"https:\/\/i0.wp.com\/www.jazzzeitung.de\/cms\/wp-content\/uploads\/2022\/11\/44_Sebastian_Sternal_Thelonia_cover.jpg?resize=150%2C150&amp;ssl=1 150w, https:\/\/i0.wp.com\/www.jazzzeitung.de\/cms\/wp-content\/uploads\/2022\/11\/44_Sebastian_Sternal_Thelonia_cover.jpg?resize=300%2C300&amp;ssl=1 300w, https:\/\/i0.wp.com\/www.jazzzeitung.de\/cms\/wp-content\/uploads\/2022\/11\/44_Sebastian_Sternal_Thelonia_cover.jpg?resize=600%2C600&amp;ssl=1 600w, https:\/\/i0.wp.com\/www.jazzzeitung.de\/cms\/wp-content\/uploads\/2022\/11\/44_Sebastian_Sternal_Thelonia_cover.jpg?resize=768%2C768&amp;ssl=1 768w, https:\/\/i0.wp.com\/www.jazzzeitung.de\/cms\/wp-content\/uploads\/2022\/11\/44_Sebastian_Sternal_Thelonia_cover.jpg?resize=1536%2C1536&amp;ssl=1 1536w, https:\/\/i0.wp.com\/www.jazzzeitung.de\/cms\/wp-content\/uploads\/2022\/11\/44_Sebastian_Sternal_Thelonia_cover.jpg?resize=1320%2C1320&amp;ssl=1 1320w, https:\/\/i0.wp.com\/www.jazzzeitung.de\/cms\/wp-content\/uploads\/2022\/11\/44_Sebastian_Sternal_Thelonia_cover.jpg?w=2000&amp;ssl=1 2000w, https:\/\/i0.wp.com\/www.jazzzeitung.de\/cms\/wp-content\/uploads\/2022\/11\/44_Sebastian_Sternal_Thelonia_cover.jpg?w=1680&amp;ssl=1 1680w\" sizes=\"auto, (max-width: 150px) 100vw, 150px\" \/><\/a><figcaption id=\"caption-attachment-28623\" class=\"wp-caption-text\">Sebastian Sternal \u2013 Thelonia<\/figcaption><\/figure>\n<p>Musik, die einen h\u00f6rend einbettet und sich selbst ebenso. Ich kann nicht verhehlen, dass mich gerade die etwas \u00abeinfacheren\u00bb St\u00fccke besonders ber\u00fchrt haben. So viel W\u00e4rme ohne Wehleidigkeit ist selten und geht nur, in dem man sich in Distanz zu sich selbst verliert \u2013 man muss es laufen lassen k\u00f6nnen, Vertrauen in sich haben und das, was einem technisch und spirituell zur Verf\u00fcgung steht.<\/p>\n<p><iframe title=\"Spotify Embed: Ancient Song\" style=\"border-radius: 12px\" width=\"100%\" height=\"152\" frameborder=\"0\" allowfullscreen allow=\"autoplay; clipboard-write; encrypted-media; fullscreen; picture-in-picture\" loading=\"lazy\" src=\"https:\/\/open.spotify.com\/embed\/track\/03qi0zYlVlaG4zR6kxEqwA?si=9557e0ea7f1945f7&#038;utm_source=oembed\"><\/iframe><\/p>\n<h2><a href=\"https:\/\/hoerbar.nmz.de\/2022\/11\/muthspiel-orjazztra-vienna-homecoming\/\">Muthspiel &amp; Orjazztra Vienna \u2013 Homecoming<\/a><\/h2>\n<figure id=\"attachment_28622\" aria-describedby=\"caption-attachment-28622\" style=\"width: 150px\" class=\"wp-caption alignright\"><a href=\"https:\/\/i0.wp.com\/www.jazzzeitung.de\/cms\/wp-content\/uploads\/2022\/11\/44_Homecoming.jpg?ssl=1\"><img data-recalc-dims=\"1\" loading=\"lazy\" decoding=\"async\" data-attachment-id=\"28622\" data-permalink=\"https:\/\/www.jazzzeitung.de\/cms\/2022\/11\/keith-lorenz-und-sebastian-allein-am-klavier-jubilaeum-strukturen-loops-jazz-cds-in-der-hoerbar-okt-2022\/44_homecoming\/\" data-orig-file=\"https:\/\/i0.wp.com\/www.jazzzeitung.de\/cms\/wp-content\/uploads\/2022\/11\/44_Homecoming.jpg?fit=1200%2C1200&amp;ssl=1\" data-orig-size=\"1200,1200\" data-comments-opened=\"1\" data-image-meta=\"{&quot;aperture&quot;:&quot;0&quot;,&quot;credit&quot;:&quot;&quot;,&quot;camera&quot;:&quot;&quot;,&quot;caption&quot;:&quot;&quot;,&quot;created_timestamp&quot;:&quot;0&quot;,&quot;copyright&quot;:&quot;&quot;,&quot;focal_length&quot;:&quot;0&quot;,&quot;iso&quot;:&quot;0&quot;,&quot;shutter_speed&quot;:&quot;0&quot;,&quot;title&quot;:&quot;&quot;,&quot;orientation&quot;:&quot;0&quot;}\" data-image-title=\"Muthspiel &amp;#038; Orjazztra Vienna \u2013 Homecoming\" data-image-description=\"&lt;p&gt;Muthspiel &amp;#038; Orjazztra Vienna \u2013 Homecoming&lt;\/p&gt;\n\" data-image-caption=\"&lt;p&gt;Muthspiel &amp;#038; Orjazztra Vienna \u2013 Homecoming&lt;\/p&gt;\n\" data-large-file=\"https:\/\/i0.wp.com\/www.jazzzeitung.de\/cms\/wp-content\/uploads\/2022\/11\/44_Homecoming.jpg?fit=600%2C600&amp;ssl=1\" class=\"size-thumbnail wp-image-28622\" src=\"https:\/\/i0.wp.com\/www.jazzzeitung.de\/cms\/wp-content\/uploads\/2022\/11\/44_Homecoming.jpg?resize=150%2C150&#038;ssl=1\" alt=\"Muthspiel &amp; Orjazztra Vienna \u2013 Homecoming\" width=\"150\" height=\"150\" srcset=\"https:\/\/i0.wp.com\/www.jazzzeitung.de\/cms\/wp-content\/uploads\/2022\/11\/44_Homecoming.jpg?resize=150%2C150&amp;ssl=1 150w, https:\/\/i0.wp.com\/www.jazzzeitung.de\/cms\/wp-content\/uploads\/2022\/11\/44_Homecoming.jpg?resize=300%2C300&amp;ssl=1 300w, https:\/\/i0.wp.com\/www.jazzzeitung.de\/cms\/wp-content\/uploads\/2022\/11\/44_Homecoming.jpg?resize=600%2C600&amp;ssl=1 600w, https:\/\/i0.wp.com\/www.jazzzeitung.de\/cms\/wp-content\/uploads\/2022\/11\/44_Homecoming.jpg?resize=768%2C768&amp;ssl=1 768w, https:\/\/i0.wp.com\/www.jazzzeitung.de\/cms\/wp-content\/uploads\/2022\/11\/44_Homecoming.jpg?w=1200&amp;ssl=1 1200w\" sizes=\"auto, (max-width: 150px) 100vw, 150px\" \/><\/a><figcaption id=\"caption-attachment-28622\" class=\"wp-caption-text\">Muthspiel &amp; Orjazztra Vienna \u2013 Homecoming<\/figcaption><\/figure>\n<p>Die 12 Tracks der zwei CDs von \u00abHomecoming\u00bb sind shclichtweg Wunderst\u00fccke und Klangt\u00fcten der besonderen Art, die zahlreiche Feinschnitzarbeiten des Komponisten und Musikers Christian Muthspiel zeigen. Krassen Schei\u00df wie die \u00abJungle Fugue\u00bb sollte man nicht zu w\u00f6rtlich als Fuge abh\u00f6ren, da w\u00e4re sie gescheitert (aber es kann ja auch nicht jeder ein reger Postbarockomantiker sein), es reicht die Idee dazu hin, vor allem, wenn sie im Laufe der Zeit diese Formidee immer deutlicher sich verwirklicht und katastrophisch zur Peripetie treibt. So etwas steht hier neben einer fabul\u00f6sen Formskulptur wie sie das titelgebende St\u00fcck \u00abHomecoming\u00bb realisiert: Schwebul\u00f6se Sounds!<\/p>\n<p><iframe title=\"Spotify Embed: Requiem for a blue planet\" style=\"border-radius: 12px\" width=\"100%\" height=\"152\" frameborder=\"0\" allowfullscreen allow=\"autoplay; clipboard-write; encrypted-media; fullscreen; picture-in-picture\" loading=\"lazy\" src=\"https:\/\/open.spotify.com\/embed\/track\/2CLuF0BHc3gXQGysbpcWss?si=77df4411ed9e47da&#038;utm_source=oembed\"><\/iframe><\/p>\n<h2><a href=\"https:\/\/hoerbar.nmz.de\/2022\/11\/hornung-trio-strukturen\/\">Hornung Trio \u2013 Strukturen<\/a><\/h2>\n<figure id=\"attachment_28624\" aria-describedby=\"caption-attachment-28624\" style=\"width: 150px\" class=\"wp-caption alignright\"><a href=\"https:\/\/i0.wp.com\/www.jazzzeitung.de\/cms\/wp-content\/uploads\/2022\/11\/44_Hornung_trio_cover_front.jpg?ssl=1\"><img data-recalc-dims=\"1\" loading=\"lazy\" decoding=\"async\" data-attachment-id=\"28624\" data-permalink=\"https:\/\/www.jazzzeitung.de\/cms\/2022\/11\/keith-lorenz-und-sebastian-allein-am-klavier-jubilaeum-strukturen-loops-jazz-cds-in-der-hoerbar-okt-2022\/44_hornung_trio_cover_front\/\" data-orig-file=\"https:\/\/i0.wp.com\/www.jazzzeitung.de\/cms\/wp-content\/uploads\/2022\/11\/44_Hornung_trio_cover_front.jpg?fit=2000%2C2000&amp;ssl=1\" data-orig-size=\"2000,2000\" data-comments-opened=\"1\" data-image-meta=\"{&quot;aperture&quot;:&quot;0&quot;,&quot;credit&quot;:&quot;&quot;,&quot;camera&quot;:&quot;&quot;,&quot;caption&quot;:&quot;&quot;,&quot;created_timestamp&quot;:&quot;0&quot;,&quot;copyright&quot;:&quot;&quot;,&quot;focal_length&quot;:&quot;0&quot;,&quot;iso&quot;:&quot;0&quot;,&quot;shutter_speed&quot;:&quot;0&quot;,&quot;title&quot;:&quot;&quot;,&quot;orientation&quot;:&quot;0&quot;}\" data-image-title=\"Hornung Trio \u2013 Strukturen\" data-image-description=\"&lt;p&gt;Hornung Trio \u2013 Strukturen&lt;\/p&gt;\n\" data-image-caption=\"&lt;p&gt;Hornung Trio \u2013 Strukturen&lt;\/p&gt;\n\" data-large-file=\"https:\/\/i0.wp.com\/www.jazzzeitung.de\/cms\/wp-content\/uploads\/2022\/11\/44_Hornung_trio_cover_front.jpg?fit=600%2C600&amp;ssl=1\" class=\"size-thumbnail wp-image-28624\" src=\"https:\/\/i0.wp.com\/www.jazzzeitung.de\/cms\/wp-content\/uploads\/2022\/11\/44_Hornung_trio_cover_front.jpg?resize=150%2C150&#038;ssl=1\" alt=\"Hornung Trio \u2013 Strukturen\" width=\"150\" height=\"150\" srcset=\"https:\/\/i0.wp.com\/www.jazzzeitung.de\/cms\/wp-content\/uploads\/2022\/11\/44_Hornung_trio_cover_front.jpg?resize=150%2C150&amp;ssl=1 150w, https:\/\/i0.wp.com\/www.jazzzeitung.de\/cms\/wp-content\/uploads\/2022\/11\/44_Hornung_trio_cover_front.jpg?resize=300%2C300&amp;ssl=1 300w, https:\/\/i0.wp.com\/www.jazzzeitung.de\/cms\/wp-content\/uploads\/2022\/11\/44_Hornung_trio_cover_front.jpg?resize=600%2C600&amp;ssl=1 600w, https:\/\/i0.wp.com\/www.jazzzeitung.de\/cms\/wp-content\/uploads\/2022\/11\/44_Hornung_trio_cover_front.jpg?resize=768%2C768&amp;ssl=1 768w, https:\/\/i0.wp.com\/www.jazzzeitung.de\/cms\/wp-content\/uploads\/2022\/11\/44_Hornung_trio_cover_front.jpg?resize=1536%2C1536&amp;ssl=1 1536w, https:\/\/i0.wp.com\/www.jazzzeitung.de\/cms\/wp-content\/uploads\/2022\/11\/44_Hornung_trio_cover_front.jpg?resize=1320%2C1320&amp;ssl=1 1320w, https:\/\/i0.wp.com\/www.jazzzeitung.de\/cms\/wp-content\/uploads\/2022\/11\/44_Hornung_trio_cover_front.jpg?w=2000&amp;ssl=1 2000w, https:\/\/i0.wp.com\/www.jazzzeitung.de\/cms\/wp-content\/uploads\/2022\/11\/44_Hornung_trio_cover_front.jpg?w=1680&amp;ssl=1 1680w\" sizes=\"auto, (max-width: 150px) 100vw, 150px\" \/><\/a><figcaption id=\"caption-attachment-28624\" class=\"wp-caption-text\">Hornung Trio \u2013 Strukturen<\/figcaption><\/figure>\n<p>Die Platte ist wunderbar gearbeitet, \u00e4u\u00dferst delikate Klang- und Rhythmus-Kombinationen voller witziger Einf\u00e4lle und ein dauernder Strom aus innovativen Formideen. Fast aber eben \u00fcberbordend das alles. Daher empfehle ich, die Platte von hinten weg zu h\u00f6ren. Das St\u00fcck \u00abLeer\u00bb ist entz\u00fcckend ber\u00fchrend und \u2013 alles andere als leer \u2013 reizend und reichhaltig.<\/p>\n<p><iframe title=\"Spotify Embed: Leer\" style=\"border-radius: 12px\" width=\"100%\" height=\"152\" frameborder=\"0\" allowfullscreen allow=\"autoplay; clipboard-write; encrypted-media; fullscreen; picture-in-picture\" loading=\"lazy\" src=\"https:\/\/open.spotify.com\/embed\/track\/4bkD1RAx5Git95Iph7PBPp?si=f6a854ca1f72483a&#038;utm_source=oembed\"><\/iframe><\/p>\n<h2><a href=\"https:\/\/hoerbar.nmz.de\/2022\/10\/lorenz-kellhuber-live-at-elbphilharmonie\/\">Lorenz Kellhuber \u2013 Live at Elbphilharmonie<\/a><\/h2>\n<figure id=\"attachment_28627\" aria-describedby=\"caption-attachment-28627\" style=\"width: 150px\" class=\"wp-caption alignright\"><a href=\"https:\/\/i0.wp.com\/www.jazzzeitung.de\/cms\/wp-content\/uploads\/2022\/11\/220823_lorenz_kellhuber_elbphilharmonie_cover_digital.jpg?ssl=1\"><img data-recalc-dims=\"1\" loading=\"lazy\" decoding=\"async\" data-attachment-id=\"28627\" data-permalink=\"https:\/\/www.jazzzeitung.de\/cms\/2022\/11\/keith-lorenz-und-sebastian-allein-am-klavier-jubilaeum-strukturen-loops-jazz-cds-in-der-hoerbar-okt-2022\/220823_lorenz_kellhuber_elbphilharmonie_cover_digital\/\" data-orig-file=\"https:\/\/i0.wp.com\/www.jazzzeitung.de\/cms\/wp-content\/uploads\/2022\/11\/220823_lorenz_kellhuber_elbphilharmonie_cover_digital.jpg?fit=2000%2C2000&amp;ssl=1\" data-orig-size=\"2000,2000\" data-comments-opened=\"1\" data-image-meta=\"{&quot;aperture&quot;:&quot;0&quot;,&quot;credit&quot;:&quot;&quot;,&quot;camera&quot;:&quot;&quot;,&quot;caption&quot;:&quot;&quot;,&quot;created_timestamp&quot;:&quot;0&quot;,&quot;copyright&quot;:&quot;&quot;,&quot;focal_length&quot;:&quot;0&quot;,&quot;iso&quot;:&quot;0&quot;,&quot;shutter_speed&quot;:&quot;0&quot;,&quot;title&quot;:&quot;&quot;,&quot;orientation&quot;:&quot;1&quot;}\" data-image-title=\"Lorenz Kellhuber \u2013 Live at Elbphilharmonie\" data-image-description=\"&lt;p&gt;Lorenz Kellhuber \u2013 Live at Elbphilharmonie&lt;\/p&gt;\n\" data-image-caption=\"&lt;p&gt;Lorenz Kellhuber \u2013 Live at Elbphilharmonie&lt;\/p&gt;\n\" data-large-file=\"https:\/\/i0.wp.com\/www.jazzzeitung.de\/cms\/wp-content\/uploads\/2022\/11\/220823_lorenz_kellhuber_elbphilharmonie_cover_digital.jpg?fit=600%2C600&amp;ssl=1\" class=\"size-thumbnail wp-image-28627\" src=\"https:\/\/i0.wp.com\/www.jazzzeitung.de\/cms\/wp-content\/uploads\/2022\/11\/220823_lorenz_kellhuber_elbphilharmonie_cover_digital.jpg?resize=150%2C150&#038;ssl=1\" alt=\"Lorenz Kellhuber \u2013 Live at Elbphilharmonie\" width=\"150\" height=\"150\" srcset=\"https:\/\/i0.wp.com\/www.jazzzeitung.de\/cms\/wp-content\/uploads\/2022\/11\/220823_lorenz_kellhuber_elbphilharmonie_cover_digital.jpg?resize=150%2C150&amp;ssl=1 150w, https:\/\/i0.wp.com\/www.jazzzeitung.de\/cms\/wp-content\/uploads\/2022\/11\/220823_lorenz_kellhuber_elbphilharmonie_cover_digital.jpg?resize=300%2C300&amp;ssl=1 300w, https:\/\/i0.wp.com\/www.jazzzeitung.de\/cms\/wp-content\/uploads\/2022\/11\/220823_lorenz_kellhuber_elbphilharmonie_cover_digital.jpg?resize=600%2C600&amp;ssl=1 600w, https:\/\/i0.wp.com\/www.jazzzeitung.de\/cms\/wp-content\/uploads\/2022\/11\/220823_lorenz_kellhuber_elbphilharmonie_cover_digital.jpg?resize=768%2C768&amp;ssl=1 768w, https:\/\/i0.wp.com\/www.jazzzeitung.de\/cms\/wp-content\/uploads\/2022\/11\/220823_lorenz_kellhuber_elbphilharmonie_cover_digital.jpg?resize=1536%2C1536&amp;ssl=1 1536w, https:\/\/i0.wp.com\/www.jazzzeitung.de\/cms\/wp-content\/uploads\/2022\/11\/220823_lorenz_kellhuber_elbphilharmonie_cover_digital.jpg?resize=1320%2C1320&amp;ssl=1 1320w, https:\/\/i0.wp.com\/www.jazzzeitung.de\/cms\/wp-content\/uploads\/2022\/11\/220823_lorenz_kellhuber_elbphilharmonie_cover_digital.jpg?w=2000&amp;ssl=1 2000w, https:\/\/i0.wp.com\/www.jazzzeitung.de\/cms\/wp-content\/uploads\/2022\/11\/220823_lorenz_kellhuber_elbphilharmonie_cover_digital.jpg?w=1680&amp;ssl=1 1680w\" sizes=\"auto, (max-width: 150px) 100vw, 150px\" \/><\/a><figcaption id=\"caption-attachment-28627\" class=\"wp-caption-text\">Lorenz Kellhuber \u2013 Live at Elbphilharmonie<\/figcaption><\/figure>\n<p>Da singt ein Mensch ganz in sich selbst hinein. L\u00e4sst es lassen und seine Kl\u00e4nge teils sich selbst steuern, teils untergreift er diese und schubst sie an. Haucht Leben ein, schenkt Atem und diese Losigkeit zugleich.<\/p>\n<p><iframe title=\"Spotify Embed: Encore\" style=\"border-radius: 12px\" width=\"100%\" height=\"152\" frameborder=\"0\" allowfullscreen allow=\"autoplay; clipboard-write; encrypted-media; fullscreen; picture-in-picture\" loading=\"lazy\" src=\"https:\/\/open.spotify.com\/embed\/track\/1rxn1AUc0GysNelw5fgwCt?si=7e8137e3f0ad4622&#038;utm_source=oembed\"><\/iframe><\/p>\n<h2><a href=\"https:\/\/hoerbar.nmz.de\/2022\/10\/oh-no-noh-kanzi\/\">Oh No Noh \u2013 Kanzi<\/a><\/h2>\n<figure id=\"attachment_28626\" aria-describedby=\"caption-attachment-28626\" style=\"width: 150px\" class=\"wp-caption alignright\"><a href=\"https:\/\/i0.wp.com\/www.jazzzeitung.de\/cms\/wp-content\/uploads\/2022\/11\/Albumcover-Kanzi.jpg?ssl=1\"><img data-recalc-dims=\"1\" loading=\"lazy\" decoding=\"async\" data-attachment-id=\"28626\" data-permalink=\"https:\/\/www.jazzzeitung.de\/cms\/2022\/11\/keith-lorenz-und-sebastian-allein-am-klavier-jubilaeum-strukturen-loops-jazz-cds-in-der-hoerbar-okt-2022\/albumcover-kanzi\/\" data-orig-file=\"https:\/\/i0.wp.com\/www.jazzzeitung.de\/cms\/wp-content\/uploads\/2022\/11\/Albumcover-Kanzi.jpg?fit=2000%2C2000&amp;ssl=1\" data-orig-size=\"2000,2000\" data-comments-opened=\"1\" data-image-meta=\"{&quot;aperture&quot;:&quot;0&quot;,&quot;credit&quot;:&quot;&quot;,&quot;camera&quot;:&quot;&quot;,&quot;caption&quot;:&quot;&quot;,&quot;created_timestamp&quot;:&quot;0&quot;,&quot;copyright&quot;:&quot;&quot;,&quot;focal_length&quot;:&quot;0&quot;,&quot;iso&quot;:&quot;0&quot;,&quot;shutter_speed&quot;:&quot;0&quot;,&quot;title&quot;:&quot;&quot;,&quot;orientation&quot;:&quot;1&quot;}\" data-image-title=\"Oh No Noh \u2013 Kanzi\" data-image-description=\"&lt;p&gt;Oh No Noh \u2013 Kanzi&lt;\/p&gt;\n\" data-image-caption=\"&lt;p&gt;Oh No Noh \u2013 Kanzi&lt;\/p&gt;\n\" data-large-file=\"https:\/\/i0.wp.com\/www.jazzzeitung.de\/cms\/wp-content\/uploads\/2022\/11\/Albumcover-Kanzi.jpg?fit=600%2C600&amp;ssl=1\" class=\"size-thumbnail wp-image-28626\" src=\"https:\/\/i0.wp.com\/www.jazzzeitung.de\/cms\/wp-content\/uploads\/2022\/11\/Albumcover-Kanzi.jpg?resize=150%2C150&#038;ssl=1\" alt=\"Oh No Noh \u2013 Kanzi\" width=\"150\" height=\"150\" srcset=\"https:\/\/i0.wp.com\/www.jazzzeitung.de\/cms\/wp-content\/uploads\/2022\/11\/Albumcover-Kanzi.jpg?resize=150%2C150&amp;ssl=1 150w, https:\/\/i0.wp.com\/www.jazzzeitung.de\/cms\/wp-content\/uploads\/2022\/11\/Albumcover-Kanzi.jpg?resize=300%2C300&amp;ssl=1 300w, https:\/\/i0.wp.com\/www.jazzzeitung.de\/cms\/wp-content\/uploads\/2022\/11\/Albumcover-Kanzi.jpg?resize=600%2C600&amp;ssl=1 600w, https:\/\/i0.wp.com\/www.jazzzeitung.de\/cms\/wp-content\/uploads\/2022\/11\/Albumcover-Kanzi.jpg?resize=768%2C768&amp;ssl=1 768w, https:\/\/i0.wp.com\/www.jazzzeitung.de\/cms\/wp-content\/uploads\/2022\/11\/Albumcover-Kanzi.jpg?resize=1536%2C1536&amp;ssl=1 1536w, https:\/\/i0.wp.com\/www.jazzzeitung.de\/cms\/wp-content\/uploads\/2022\/11\/Albumcover-Kanzi.jpg?resize=1320%2C1320&amp;ssl=1 1320w, https:\/\/i0.wp.com\/www.jazzzeitung.de\/cms\/wp-content\/uploads\/2022\/11\/Albumcover-Kanzi.jpg?w=2000&amp;ssl=1 2000w, https:\/\/i0.wp.com\/www.jazzzeitung.de\/cms\/wp-content\/uploads\/2022\/11\/Albumcover-Kanzi.jpg?w=1680&amp;ssl=1 1680w\" sizes=\"auto, (max-width: 150px) 100vw, 150px\" \/><\/a><figcaption id=\"caption-attachment-28626\" class=\"wp-caption-text\">Oh No Noh \u2013 Kanzi<\/figcaption><\/figure>\n<p>Er, Rom, spricht dabei vom \u201esouver\u00e4n Ungeplanten\u201c. Das mag man kaum glauben, daf\u00fcr ist die meiste h\u00f6rbare musikalische Logik zu undialektisch, was kein Mangel ist. Etwa, wenn das Ungeplante dann sich zu einer Kartierung der Musik verwandelt, die im H\u00f6ren begehbar wird. Da ist Noise immer hilfreich beim Durchkreuzen des Angedachten. Sehr eigenartig das.<\/p>\n<p><iframe title=\"Spotify Embed: Chiralities\" style=\"border-radius: 12px\" width=\"100%\" height=\"152\" frameborder=\"0\" allowfullscreen allow=\"autoplay; clipboard-write; encrypted-media; fullscreen; picture-in-picture\" loading=\"lazy\" src=\"https:\/\/open.spotify.com\/embed\/track\/6NFCRjxfqwJcmlAnbc82nA?si=fc751d616e7f4deb&#038;utm_source=oembed\"><\/iframe><\/p>\n<h2><a href=\"https:\/\/hoerbar.nmz.de\/2022\/10\/keith-jarrett-bordeaux-concert\/\">Keith Jarrett \u2013 Bordeaux Concert<\/a><\/h2>\n<figure id=\"attachment_28625\" aria-describedby=\"caption-attachment-28625\" style=\"width: 150px\" class=\"wp-caption alignright\"><a href=\"https:\/\/i0.wp.com\/www.jazzzeitung.de\/cms\/wp-content\/uploads\/2022\/11\/42_bordeaux.jpg?ssl=1\"><img data-recalc-dims=\"1\" loading=\"lazy\" decoding=\"async\" data-attachment-id=\"28625\" data-permalink=\"https:\/\/www.jazzzeitung.de\/cms\/2022\/11\/keith-lorenz-und-sebastian-allein-am-klavier-jubilaeum-strukturen-loops-jazz-cds-in-der-hoerbar-okt-2022\/42_bordeaux\/\" data-orig-file=\"https:\/\/i0.wp.com\/www.jazzzeitung.de\/cms\/wp-content\/uploads\/2022\/11\/42_bordeaux.jpg?fit=1200%2C1200&amp;ssl=1\" data-orig-size=\"1200,1200\" data-comments-opened=\"1\" data-image-meta=\"{&quot;aperture&quot;:&quot;0&quot;,&quot;credit&quot;:&quot;&quot;,&quot;camera&quot;:&quot;&quot;,&quot;caption&quot;:&quot;&quot;,&quot;created_timestamp&quot;:&quot;0&quot;,&quot;copyright&quot;:&quot;&quot;,&quot;focal_length&quot;:&quot;0&quot;,&quot;iso&quot;:&quot;0&quot;,&quot;shutter_speed&quot;:&quot;0&quot;,&quot;title&quot;:&quot;&quot;,&quot;orientation&quot;:&quot;0&quot;}\" data-image-title=\"Keith Jarrett \u2013 Bordeaux Concert\" data-image-description=\"&lt;p&gt;Keith Jarrett \u2013 Bordeaux Concert&lt;\/p&gt;\n\" data-image-caption=\"&lt;p&gt;Keith Jarrett \u2013 Bordeaux Concert&lt;\/p&gt;\n\" data-large-file=\"https:\/\/i0.wp.com\/www.jazzzeitung.de\/cms\/wp-content\/uploads\/2022\/11\/42_bordeaux.jpg?fit=600%2C600&amp;ssl=1\" class=\"size-thumbnail wp-image-28625\" src=\"https:\/\/i0.wp.com\/www.jazzzeitung.de\/cms\/wp-content\/uploads\/2022\/11\/42_bordeaux.jpg?resize=150%2C150&#038;ssl=1\" alt=\"Keith Jarrett \u2013 Bordeaux Concert\" width=\"150\" height=\"150\" srcset=\"https:\/\/i0.wp.com\/www.jazzzeitung.de\/cms\/wp-content\/uploads\/2022\/11\/42_bordeaux.jpg?resize=150%2C150&amp;ssl=1 150w, https:\/\/i0.wp.com\/www.jazzzeitung.de\/cms\/wp-content\/uploads\/2022\/11\/42_bordeaux.jpg?resize=300%2C300&amp;ssl=1 300w, https:\/\/i0.wp.com\/www.jazzzeitung.de\/cms\/wp-content\/uploads\/2022\/11\/42_bordeaux.jpg?resize=600%2C600&amp;ssl=1 600w, https:\/\/i0.wp.com\/www.jazzzeitung.de\/cms\/wp-content\/uploads\/2022\/11\/42_bordeaux.jpg?resize=768%2C768&amp;ssl=1 768w, https:\/\/i0.wp.com\/www.jazzzeitung.de\/cms\/wp-content\/uploads\/2022\/11\/42_bordeaux.jpg?w=1200&amp;ssl=1 1200w\" sizes=\"auto, (max-width: 150px) 100vw, 150px\" \/><\/a><figcaption id=\"caption-attachment-28625\" class=\"wp-caption-text\">Keith Jarrett \u2013 Bordeaux Concert<\/figcaption><\/figure>\n<p>Hier in Bordeaux ist es eine musikalische Melancholie, die einen dunkel mitherabzuziehen in der Lage ist. Das ist fast schmerzhaft \u2013 und in gewisser Weise passt so das Konzert in Bordeaux an das Ende eines musikalischen Lebens, besser als das Konzert in M\u00fcnchen, so dass die verdrehte Abfolge der Ver\u00f6ffentlichung von ECM angemessen und w\u00fcrdig erscheint (sage ich mal in Unkenntnis des Konzertes aus Budapest).<\/p>\n<p><iframe title=\"Spotify Embed: Part XII - Live\" style=\"border-radius: 12px\" width=\"100%\" height=\"152\" frameborder=\"0\" allowfullscreen allow=\"autoplay; clipboard-write; encrypted-media; fullscreen; picture-in-picture\" loading=\"lazy\" src=\"https:\/\/open.spotify.com\/embed\/track\/32VO3RmtHuc1gOYPcOqC56?si=ad5f82b1800847ab&#038;utm_source=oembed\"><\/iframe><\/p>\n<p>&nbsp;<\/p>\n<p>&nbsp;<\/p>\n<p>&nbsp;<\/p>\n<p>&nbsp;<\/p>\n","protected":false},"excerpt":{"rendered":"<p>Sternal, Kellhuber und Jarrett geben ihrem Piano Raum. Christian Muthspiel wird mit zwei Doppel-CDs gefeiert. Das Hornung-Trio w\u00fchlt mit humanoiden Strukturen auf und \u201eOh No Noh\u201c loopt sich froh und gl\u00fccklich. Die Jazz-Rezensionen in der H\u00f6rBar der neuen musikzeitung. Muthspiel \u2013 Diary 1989-2022 Sebastian Sternal \u2013 Thelonia Muthspiel &amp; Orjazztra Vienna \u2013 \u00adHomecoming Hornung Trio \u2013 Strukturen Lorenz Kellhuber \u2013 Live at Elbphilharmonie Oh No Noh \u2013 Kanzi Keith Jarrett \u2013 Bordeaux Concert Muthspiel \u2013 Diary 1989-2022 Die zahlreichen Aufnahmen der diversen Ensembles in denn Muthspiel aktiv war oder ist sind auf eine Art aneinander gesetzt, die diese beiden CDs zugleich zu einem H\u00f6rst\u00fcck besonderer Art \u00fcber insgesamt zwei Stunden und 27 Minuten macht. Sebastian Sternal \u2013 Thelonia Musik, die einen h\u00f6rend einbettet und sich selbst ebenso. Ich kann nicht verhehlen, dass mich gerade die etwas \u00abeinfacheren\u00bb St\u00fccke besonders ber\u00fchrt haben. So viel W\u00e4rme ohne Wehleidigkeit ist selten und geht nur, in dem man sich in Distanz zu sich selbst verliert \u2013 man muss es laufen lassen k\u00f6nnen, Vertrauen in sich haben und das, was einem technisch und spirituell zur Verf\u00fcgung steht. Muthspiel &amp; Orjazztra &hellip;<\/p>\n","protected":false},"author":2,"featured_media":28625,"comment_status":"open","ping_status":"closed","sticky":false,"template":"","format":"standard","meta":{"_jetpack_memberships_contains_paid_content":false,"footnotes":"","jetpack_publicize_message":"","jetpack_publicize_feature_enabled":true,"jetpack_social_post_already_shared":false,"jetpack_social_options":{"image_generator_settings":{"template":"highway","default_image_id":0,"font":"","enabled":false},"version":2}},"categories":[1152],"tags":[2452,3582,1701,311,1036,2936,1913],"coauthors":[680],"class_list":["post-28613","post","type-post","status-publish","format-standard","has-post-thumbnail","hentry","category-rezension","tag-christian-muthspiel","tag-hoerbar","tag-hornung-trio","tag-keith-jarrett","tag-lorenz-kellhuber","tag-neuerscheinungen","tag-sebastian-sternal"],"yoast_head":"<!-- This site is optimized with the Yoast SEO plugin v27.5 - https:\/\/yoast.com\/product\/yoast-seo-wordpress\/ -->\n<title>Keith, Lorenz und Sebastian allein am Klavier; Jubil\u00e4um, Strukturen, Loops \u2013 Jazz-CDs in der H\u00f6rBar Okt. 2022 - JazzZeitung<\/title>\n<meta name=\"robots\" content=\"index, follow, max-snippet:-1, max-image-preview:large, max-video-preview:-1\" \/>\n<link rel=\"canonical\" href=\"https:\/\/www.jazzzeitung.de\/cms\/2022\/11\/keith-lorenz-und-sebastian-allein-am-klavier-jubilaeum-strukturen-loops-jazz-cds-in-der-hoerbar-okt-2022\/\" \/>\n<meta property=\"og:locale\" content=\"de_DE\" \/>\n<meta property=\"og:type\" content=\"article\" \/>\n<meta property=\"og:title\" content=\"Keith, Lorenz und Sebastian allein am Klavier; Jubil\u00e4um, Strukturen, Loops \u2013 Jazz-CDs in der H\u00f6rBar Okt. 2022 - JazzZeitung\" \/>\n<meta property=\"og:description\" content=\"Sternal, Kellhuber und Jarrett geben ihrem Piano Raum. Christian Muthspiel wird mit zwei Doppel-CDs gefeiert. Das Hornung-Trio w\u00fchlt mit humanoiden Strukturen auf und \u201eOh No Noh\u201c loopt sich froh und gl\u00fccklich. Die Jazz-Rezensionen in der H\u00f6rBar der neuen musikzeitung. Muthspiel \u2013 Diary 1989-2022 Sebastian Sternal \u2013 Thelonia Muthspiel &amp; Orjazztra Vienna \u2013 \u00adHomecoming Hornung Trio \u2013 Strukturen Lorenz Kellhuber \u2013 Live at Elbphilharmonie Oh No Noh \u2013 Kanzi Keith Jarrett \u2013 Bordeaux Concert Muthspiel \u2013 Diary 1989-2022 Die zahlreichen Aufnahmen der diversen Ensembles in denn Muthspiel aktiv war oder ist sind auf eine Art aneinander gesetzt, die diese beiden CDs zugleich zu einem H\u00f6rst\u00fcck besonderer Art \u00fcber insgesamt zwei Stunden und 27 Minuten macht. Sebastian Sternal \u2013 Thelonia Musik, die einen h\u00f6rend einbettet und sich selbst ebenso. Ich kann nicht verhehlen, dass mich gerade die etwas \u00abeinfacheren\u00bb St\u00fccke besonders ber\u00fchrt haben. So viel W\u00e4rme ohne Wehleidigkeit ist selten und geht nur, in dem man sich in Distanz zu sich selbst verliert \u2013 man muss es laufen lassen k\u00f6nnen, Vertrauen in sich haben und das, was einem technisch und spirituell zur Verf\u00fcgung steht. Muthspiel &amp; Orjazztra &hellip;\" \/>\n<meta property=\"og:url\" content=\"https:\/\/www.jazzzeitung.de\/cms\/2022\/11\/keith-lorenz-und-sebastian-allein-am-klavier-jubilaeum-strukturen-loops-jazz-cds-in-der-hoerbar-okt-2022\/\" \/>\n<meta property=\"og:site_name\" content=\"JazzZeitung\" \/>\n<meta property=\"article:publisher\" content=\"https:\/\/www.facebook.com\/JazzZeitung\/\" \/>\n<meta property=\"article:author\" content=\"https:\/\/www.facebook.com\/hufner\" \/>\n<meta property=\"article:published_time\" content=\"2022-11-11T08:33:07+00:00\" \/>\n<meta property=\"og:image\" content=\"https:\/\/i0.wp.com\/www.jazzzeitung.de\/cms\/wp-content\/uploads\/2022\/11\/42_bordeaux.jpg?fit=1200%2C1200&ssl=1\" \/>\n\t<meta property=\"og:image:width\" content=\"1200\" \/>\n\t<meta property=\"og:image:height\" content=\"1200\" \/>\n\t<meta property=\"og:image:type\" content=\"image\/jpeg\" \/>\n<meta name=\"author\" content=\"Huflaikhan\" \/>\n<script type=\"application\/ld+json\" class=\"yoast-schema-graph\">{\"@context\":\"https:\\\/\\\/schema.org\",\"@graph\":[{\"@type\":\"Article\",\"@id\":\"https:\\\/\\\/www.jazzzeitung.de\\\/cms\\\/2022\\\/11\\\/keith-lorenz-und-sebastian-allein-am-klavier-jubilaeum-strukturen-loops-jazz-cds-in-der-hoerbar-okt-2022\\\/#article\",\"isPartOf\":{\"@id\":\"https:\\\/\\\/www.jazzzeitung.de\\\/cms\\\/2022\\\/11\\\/keith-lorenz-und-sebastian-allein-am-klavier-jubilaeum-strukturen-loops-jazz-cds-in-der-hoerbar-okt-2022\\\/\"},\"author\":{\"name\":\"Huflaikhan\",\"@id\":\"https:\\\/\\\/www.jazzzeitung.de\\\/cms\\\/#\\\/schema\\\/person\\\/1ba404714b9455401502bc409a7df45e\"},\"headline\":\"Keith, Lorenz und Sebastian allein am Klavier; Jubil\u00e4um, Strukturen, Loops \u2013 Jazz-CDs in der H\u00f6rBar Okt. 2022\",\"datePublished\":\"2022-11-11T08:33:07+00:00\",\"mainEntityOfPage\":{\"@id\":\"https:\\\/\\\/www.jazzzeitung.de\\\/cms\\\/2022\\\/11\\\/keith-lorenz-und-sebastian-allein-am-klavier-jubilaeum-strukturen-loops-jazz-cds-in-der-hoerbar-okt-2022\\\/\"},\"wordCount\":724,\"commentCount\":0,\"publisher\":{\"@id\":\"https:\\\/\\\/www.jazzzeitung.de\\\/cms\\\/#organization\"},\"image\":{\"@id\":\"https:\\\/\\\/www.jazzzeitung.de\\\/cms\\\/2022\\\/11\\\/keith-lorenz-und-sebastian-allein-am-klavier-jubilaeum-strukturen-loops-jazz-cds-in-der-hoerbar-okt-2022\\\/#primaryimage\"},\"thumbnailUrl\":\"https:\\\/\\\/i0.wp.com\\\/www.jazzzeitung.de\\\/cms\\\/wp-content\\\/uploads\\\/2022\\\/11\\\/42_bordeaux.jpg?fit=1200%2C1200&ssl=1\",\"keywords\":[\"Christian Muthspiel\",\"H\u00f6rBar\",\"Hornung Trio\",\"Keith Jarrett\",\"Lorenz Kellhuber\",\"Neuerscheinungen\",\"Sebastian Sternal\"],\"articleSection\":[\"Rezension\"],\"inLanguage\":\"de\",\"potentialAction\":[{\"@type\":\"CommentAction\",\"name\":\"Comment\",\"target\":[\"https:\\\/\\\/www.jazzzeitung.de\\\/cms\\\/2022\\\/11\\\/keith-lorenz-und-sebastian-allein-am-klavier-jubilaeum-strukturen-loops-jazz-cds-in-der-hoerbar-okt-2022\\\/#respond\"]}]},{\"@type\":\"WebPage\",\"@id\":\"https:\\\/\\\/www.jazzzeitung.de\\\/cms\\\/2022\\\/11\\\/keith-lorenz-und-sebastian-allein-am-klavier-jubilaeum-strukturen-loops-jazz-cds-in-der-hoerbar-okt-2022\\\/\",\"url\":\"https:\\\/\\\/www.jazzzeitung.de\\\/cms\\\/2022\\\/11\\\/keith-lorenz-und-sebastian-allein-am-klavier-jubilaeum-strukturen-loops-jazz-cds-in-der-hoerbar-okt-2022\\\/\",\"name\":\"Keith, Lorenz und Sebastian allein am Klavier; Jubil\u00e4um, Strukturen, Loops \u2013 Jazz-CDs in der H\u00f6rBar Okt. 2022 - JazzZeitung\",\"isPartOf\":{\"@id\":\"https:\\\/\\\/www.jazzzeitung.de\\\/cms\\\/#website\"},\"primaryImageOfPage\":{\"@id\":\"https:\\\/\\\/www.jazzzeitung.de\\\/cms\\\/2022\\\/11\\\/keith-lorenz-und-sebastian-allein-am-klavier-jubilaeum-strukturen-loops-jazz-cds-in-der-hoerbar-okt-2022\\\/#primaryimage\"},\"image\":{\"@id\":\"https:\\\/\\\/www.jazzzeitung.de\\\/cms\\\/2022\\\/11\\\/keith-lorenz-und-sebastian-allein-am-klavier-jubilaeum-strukturen-loops-jazz-cds-in-der-hoerbar-okt-2022\\\/#primaryimage\"},\"thumbnailUrl\":\"https:\\\/\\\/i0.wp.com\\\/www.jazzzeitung.de\\\/cms\\\/wp-content\\\/uploads\\\/2022\\\/11\\\/42_bordeaux.jpg?fit=1200%2C1200&ssl=1\",\"datePublished\":\"2022-11-11T08:33:07+00:00\",\"breadcrumb\":{\"@id\":\"https:\\\/\\\/www.jazzzeitung.de\\\/cms\\\/2022\\\/11\\\/keith-lorenz-und-sebastian-allein-am-klavier-jubilaeum-strukturen-loops-jazz-cds-in-der-hoerbar-okt-2022\\\/#breadcrumb\"},\"inLanguage\":\"de\",\"potentialAction\":[{\"@type\":\"ReadAction\",\"target\":[\"https:\\\/\\\/www.jazzzeitung.de\\\/cms\\\/2022\\\/11\\\/keith-lorenz-und-sebastian-allein-am-klavier-jubilaeum-strukturen-loops-jazz-cds-in-der-hoerbar-okt-2022\\\/\"]}]},{\"@type\":\"ImageObject\",\"inLanguage\":\"de\",\"@id\":\"https:\\\/\\\/www.jazzzeitung.de\\\/cms\\\/2022\\\/11\\\/keith-lorenz-und-sebastian-allein-am-klavier-jubilaeum-strukturen-loops-jazz-cds-in-der-hoerbar-okt-2022\\\/#primaryimage\",\"url\":\"https:\\\/\\\/i0.wp.com\\\/www.jazzzeitung.de\\\/cms\\\/wp-content\\\/uploads\\\/2022\\\/11\\\/42_bordeaux.jpg?fit=1200%2C1200&ssl=1\",\"contentUrl\":\"https:\\\/\\\/i0.wp.com\\\/www.jazzzeitung.de\\\/cms\\\/wp-content\\\/uploads\\\/2022\\\/11\\\/42_bordeaux.jpg?fit=1200%2C1200&ssl=1\",\"width\":1200,\"height\":1200,\"caption\":\"Keith Jarrett \u2013 Bordeaux Concert\"},{\"@type\":\"BreadcrumbList\",\"@id\":\"https:\\\/\\\/www.jazzzeitung.de\\\/cms\\\/2022\\\/11\\\/keith-lorenz-und-sebastian-allein-am-klavier-jubilaeum-strukturen-loops-jazz-cds-in-der-hoerbar-okt-2022\\\/#breadcrumb\",\"itemListElement\":[{\"@type\":\"ListItem\",\"position\":1,\"name\":\"Startseite\",\"item\":\"https:\\\/\\\/www.jazzzeitung.de\\\/cms\\\/\"},{\"@type\":\"ListItem\",\"position\":2,\"name\":\"Keith, Lorenz und Sebastian allein am Klavier; Jubil\u00e4um, Strukturen, Loops \u2013 Jazz-CDs in der H\u00f6rBar Okt. 2022\"}]},{\"@type\":\"WebSite\",\"@id\":\"https:\\\/\\\/www.jazzzeitung.de\\\/cms\\\/#website\",\"url\":\"https:\\\/\\\/www.jazzzeitung.de\\\/cms\\\/\",\"name\":\"JazzZeitung\",\"description\":\"Jazz-News und Jazz-Kontroverses\",\"publisher\":{\"@id\":\"https:\\\/\\\/www.jazzzeitung.de\\\/cms\\\/#organization\"},\"potentialAction\":[{\"@type\":\"SearchAction\",\"target\":{\"@type\":\"EntryPoint\",\"urlTemplate\":\"https:\\\/\\\/www.jazzzeitung.de\\\/cms\\\/?s={search_term_string}\"},\"query-input\":{\"@type\":\"PropertyValueSpecification\",\"valueRequired\":true,\"valueName\":\"search_term_string\"}}],\"inLanguage\":\"de\"},{\"@type\":\"Organization\",\"@id\":\"https:\\\/\\\/www.jazzzeitung.de\\\/cms\\\/#organization\",\"name\":\"JazzZeitung online\",\"url\":\"https:\\\/\\\/www.jazzzeitung.de\\\/cms\\\/\",\"logo\":{\"@type\":\"ImageObject\",\"inLanguage\":\"de\",\"@id\":\"https:\\\/\\\/www.jazzzeitung.de\\\/cms\\\/#\\\/schema\\\/logo\\\/image\\\/\",\"url\":\"https:\\\/\\\/i0.wp.com\\\/www.jazzzeitung.de\\\/cms\\\/wp-content\\\/uploads\\\/2015\\\/08\\\/JAZZZEITUNGDE_Logo_Neu.png?fit=499%2C200&ssl=1\",\"contentUrl\":\"https:\\\/\\\/i0.wp.com\\\/www.jazzzeitung.de\\\/cms\\\/wp-content\\\/uploads\\\/2015\\\/08\\\/JAZZZEITUNGDE_Logo_Neu.png?fit=499%2C200&ssl=1\",\"width\":499,\"height\":200,\"caption\":\"JazzZeitung online\"},\"image\":{\"@id\":\"https:\\\/\\\/www.jazzzeitung.de\\\/cms\\\/#\\\/schema\\\/logo\\\/image\\\/\"},\"sameAs\":[\"https:\\\/\\\/www.facebook.com\\\/JazzZeitung\\\/\"]},{\"@type\":\"Person\",\"@id\":\"https:\\\/\\\/www.jazzzeitung.de\\\/cms\\\/#\\\/schema\\\/person\\\/1ba404714b9455401502bc409a7df45e\",\"name\":\"Huflaikhan\",\"image\":{\"@type\":\"ImageObject\",\"inLanguage\":\"de\",\"@id\":\"https:\\\/\\\/i0.wp.com\\\/www.jazzzeitung.de\\\/cms\\\/wp-content\\\/uploads\\\/2013\\\/11\\\/huf-06.jpg?resize=96%2C96&ssl=18afacd5aa7627f2840c013425f5a4164\",\"url\":\"https:\\\/\\\/i0.wp.com\\\/www.jazzzeitung.de\\\/cms\\\/wp-content\\\/uploads\\\/2013\\\/11\\\/huf-06.jpg?resize=96%2C96&ssl=1\",\"contentUrl\":\"https:\\\/\\\/i0.wp.com\\\/www.jazzzeitung.de\\\/cms\\\/wp-content\\\/uploads\\\/2013\\\/11\\\/huf-06.jpg?resize=96%2C96&ssl=1\",\"caption\":\"Huflaikhan\"},\"description\":\"Huflaikhan (aka Martin Hufner) hat Musikwissenschaft, Philosophie und Psychologie in Gie\u00dfen studiert und mit einer Arbeit \u00fcber Adorno und die Zw\u00f6lftontechnik promoviert. Seit 1995 ist er freiberuflich als Autor, Fotograf und Netzmacher unterwegs.\",\"sameAs\":[\"https:\\\/\\\/www.kritische-masse.de\\\/logbuch\",\"https:\\\/\\\/www.facebook.com\\\/hufner\"],\"url\":\"https:\\\/\\\/www.jazzzeitung.de\\\/cms\\\/author\\\/hufi\\\/\"}]}<\/script>\n<!-- \/ Yoast SEO plugin. -->","yoast_head_json":{"title":"Keith, Lorenz und Sebastian allein am Klavier; Jubil\u00e4um, Strukturen, Loops \u2013 Jazz-CDs in der H\u00f6rBar Okt. 2022 - JazzZeitung","robots":{"index":"index","follow":"follow","max-snippet":"max-snippet:-1","max-image-preview":"max-image-preview:large","max-video-preview":"max-video-preview:-1"},"canonical":"https:\/\/www.jazzzeitung.de\/cms\/2022\/11\/keith-lorenz-und-sebastian-allein-am-klavier-jubilaeum-strukturen-loops-jazz-cds-in-der-hoerbar-okt-2022\/","og_locale":"de_DE","og_type":"article","og_title":"Keith, Lorenz und Sebastian allein am Klavier; Jubil\u00e4um, Strukturen, Loops \u2013 Jazz-CDs in der H\u00f6rBar Okt. 2022 - JazzZeitung","og_description":"Sternal, Kellhuber und Jarrett geben ihrem Piano Raum. Christian Muthspiel wird mit zwei Doppel-CDs gefeiert. Das Hornung-Trio w\u00fchlt mit humanoiden Strukturen auf und \u201eOh No Noh\u201c loopt sich froh und gl\u00fccklich. Die Jazz-Rezensionen in der H\u00f6rBar der neuen musikzeitung. Muthspiel \u2013 Diary 1989-2022 Sebastian Sternal \u2013 Thelonia Muthspiel &amp; Orjazztra Vienna \u2013 \u00adHomecoming Hornung Trio \u2013 Strukturen Lorenz Kellhuber \u2013 Live at Elbphilharmonie Oh No Noh \u2013 Kanzi Keith Jarrett \u2013 Bordeaux Concert Muthspiel \u2013 Diary 1989-2022 Die zahlreichen Aufnahmen der diversen Ensembles in denn Muthspiel aktiv war oder ist sind auf eine Art aneinander gesetzt, die diese beiden CDs zugleich zu einem H\u00f6rst\u00fcck besonderer Art \u00fcber insgesamt zwei Stunden und 27 Minuten macht. Sebastian Sternal \u2013 Thelonia Musik, die einen h\u00f6rend einbettet und sich selbst ebenso. Ich kann nicht verhehlen, dass mich gerade die etwas \u00abeinfacheren\u00bb St\u00fccke besonders ber\u00fchrt haben. So viel W\u00e4rme ohne Wehleidigkeit ist selten und geht nur, in dem man sich in Distanz zu sich selbst verliert \u2013 man muss es laufen lassen k\u00f6nnen, Vertrauen in sich haben und das, was einem technisch und spirituell zur Verf\u00fcgung steht. Muthspiel &amp; Orjazztra &hellip;","og_url":"https:\/\/www.jazzzeitung.de\/cms\/2022\/11\/keith-lorenz-und-sebastian-allein-am-klavier-jubilaeum-strukturen-loops-jazz-cds-in-der-hoerbar-okt-2022\/","og_site_name":"JazzZeitung","article_publisher":"https:\/\/www.facebook.com\/JazzZeitung\/","article_author":"https:\/\/www.facebook.com\/hufner","article_published_time":"2022-11-11T08:33:07+00:00","og_image":[{"width":1200,"height":1200,"url":"https:\/\/i0.wp.com\/www.jazzzeitung.de\/cms\/wp-content\/uploads\/2022\/11\/42_bordeaux.jpg?fit=1200%2C1200&ssl=1","type":"image\/jpeg"}],"author":"Huflaikhan","schema":{"@context":"https:\/\/schema.org","@graph":[{"@type":"Article","@id":"https:\/\/www.jazzzeitung.de\/cms\/2022\/11\/keith-lorenz-und-sebastian-allein-am-klavier-jubilaeum-strukturen-loops-jazz-cds-in-der-hoerbar-okt-2022\/#article","isPartOf":{"@id":"https:\/\/www.jazzzeitung.de\/cms\/2022\/11\/keith-lorenz-und-sebastian-allein-am-klavier-jubilaeum-strukturen-loops-jazz-cds-in-der-hoerbar-okt-2022\/"},"author":{"name":"Huflaikhan","@id":"https:\/\/www.jazzzeitung.de\/cms\/#\/schema\/person\/1ba404714b9455401502bc409a7df45e"},"headline":"Keith, Lorenz und Sebastian allein am Klavier; Jubil\u00e4um, Strukturen, Loops \u2013 Jazz-CDs in der H\u00f6rBar Okt. 2022","datePublished":"2022-11-11T08:33:07+00:00","mainEntityOfPage":{"@id":"https:\/\/www.jazzzeitung.de\/cms\/2022\/11\/keith-lorenz-und-sebastian-allein-am-klavier-jubilaeum-strukturen-loops-jazz-cds-in-der-hoerbar-okt-2022\/"},"wordCount":724,"commentCount":0,"publisher":{"@id":"https:\/\/www.jazzzeitung.de\/cms\/#organization"},"image":{"@id":"https:\/\/www.jazzzeitung.de\/cms\/2022\/11\/keith-lorenz-und-sebastian-allein-am-klavier-jubilaeum-strukturen-loops-jazz-cds-in-der-hoerbar-okt-2022\/#primaryimage"},"thumbnailUrl":"https:\/\/i0.wp.com\/www.jazzzeitung.de\/cms\/wp-content\/uploads\/2022\/11\/42_bordeaux.jpg?fit=1200%2C1200&ssl=1","keywords":["Christian Muthspiel","H\u00f6rBar","Hornung Trio","Keith Jarrett","Lorenz Kellhuber","Neuerscheinungen","Sebastian Sternal"],"articleSection":["Rezension"],"inLanguage":"de","potentialAction":[{"@type":"CommentAction","name":"Comment","target":["https:\/\/www.jazzzeitung.de\/cms\/2022\/11\/keith-lorenz-und-sebastian-allein-am-klavier-jubilaeum-strukturen-loops-jazz-cds-in-der-hoerbar-okt-2022\/#respond"]}]},{"@type":"WebPage","@id":"https:\/\/www.jazzzeitung.de\/cms\/2022\/11\/keith-lorenz-und-sebastian-allein-am-klavier-jubilaeum-strukturen-loops-jazz-cds-in-der-hoerbar-okt-2022\/","url":"https:\/\/www.jazzzeitung.de\/cms\/2022\/11\/keith-lorenz-und-sebastian-allein-am-klavier-jubilaeum-strukturen-loops-jazz-cds-in-der-hoerbar-okt-2022\/","name":"Keith, Lorenz und Sebastian allein am Klavier; Jubil\u00e4um, Strukturen, Loops \u2013 Jazz-CDs in der H\u00f6rBar Okt. 2022 - JazzZeitung","isPartOf":{"@id":"https:\/\/www.jazzzeitung.de\/cms\/#website"},"primaryImageOfPage":{"@id":"https:\/\/www.jazzzeitung.de\/cms\/2022\/11\/keith-lorenz-und-sebastian-allein-am-klavier-jubilaeum-strukturen-loops-jazz-cds-in-der-hoerbar-okt-2022\/#primaryimage"},"image":{"@id":"https:\/\/www.jazzzeitung.de\/cms\/2022\/11\/keith-lorenz-und-sebastian-allein-am-klavier-jubilaeum-strukturen-loops-jazz-cds-in-der-hoerbar-okt-2022\/#primaryimage"},"thumbnailUrl":"https:\/\/i0.wp.com\/www.jazzzeitung.de\/cms\/wp-content\/uploads\/2022\/11\/42_bordeaux.jpg?fit=1200%2C1200&ssl=1","datePublished":"2022-11-11T08:33:07+00:00","breadcrumb":{"@id":"https:\/\/www.jazzzeitung.de\/cms\/2022\/11\/keith-lorenz-und-sebastian-allein-am-klavier-jubilaeum-strukturen-loops-jazz-cds-in-der-hoerbar-okt-2022\/#breadcrumb"},"inLanguage":"de","potentialAction":[{"@type":"ReadAction","target":["https:\/\/www.jazzzeitung.de\/cms\/2022\/11\/keith-lorenz-und-sebastian-allein-am-klavier-jubilaeum-strukturen-loops-jazz-cds-in-der-hoerbar-okt-2022\/"]}]},{"@type":"ImageObject","inLanguage":"de","@id":"https:\/\/www.jazzzeitung.de\/cms\/2022\/11\/keith-lorenz-und-sebastian-allein-am-klavier-jubilaeum-strukturen-loops-jazz-cds-in-der-hoerbar-okt-2022\/#primaryimage","url":"https:\/\/i0.wp.com\/www.jazzzeitung.de\/cms\/wp-content\/uploads\/2022\/11\/42_bordeaux.jpg?fit=1200%2C1200&ssl=1","contentUrl":"https:\/\/i0.wp.com\/www.jazzzeitung.de\/cms\/wp-content\/uploads\/2022\/11\/42_bordeaux.jpg?fit=1200%2C1200&ssl=1","width":1200,"height":1200,"caption":"Keith Jarrett \u2013 Bordeaux Concert"},{"@type":"BreadcrumbList","@id":"https:\/\/www.jazzzeitung.de\/cms\/2022\/11\/keith-lorenz-und-sebastian-allein-am-klavier-jubilaeum-strukturen-loops-jazz-cds-in-der-hoerbar-okt-2022\/#breadcrumb","itemListElement":[{"@type":"ListItem","position":1,"name":"Startseite","item":"https:\/\/www.jazzzeitung.de\/cms\/"},{"@type":"ListItem","position":2,"name":"Keith, Lorenz und Sebastian allein am Klavier; Jubil\u00e4um, Strukturen, Loops \u2013 Jazz-CDs in der H\u00f6rBar Okt. 2022"}]},{"@type":"WebSite","@id":"https:\/\/www.jazzzeitung.de\/cms\/#website","url":"https:\/\/www.jazzzeitung.de\/cms\/","name":"JazzZeitung","description":"Jazz-News und Jazz-Kontroverses","publisher":{"@id":"https:\/\/www.jazzzeitung.de\/cms\/#organization"},"potentialAction":[{"@type":"SearchAction","target":{"@type":"EntryPoint","urlTemplate":"https:\/\/www.jazzzeitung.de\/cms\/?s={search_term_string}"},"query-input":{"@type":"PropertyValueSpecification","valueRequired":true,"valueName":"search_term_string"}}],"inLanguage":"de"},{"@type":"Organization","@id":"https:\/\/www.jazzzeitung.de\/cms\/#organization","name":"JazzZeitung online","url":"https:\/\/www.jazzzeitung.de\/cms\/","logo":{"@type":"ImageObject","inLanguage":"de","@id":"https:\/\/www.jazzzeitung.de\/cms\/#\/schema\/logo\/image\/","url":"https:\/\/i0.wp.com\/www.jazzzeitung.de\/cms\/wp-content\/uploads\/2015\/08\/JAZZZEITUNGDE_Logo_Neu.png?fit=499%2C200&ssl=1","contentUrl":"https:\/\/i0.wp.com\/www.jazzzeitung.de\/cms\/wp-content\/uploads\/2015\/08\/JAZZZEITUNGDE_Logo_Neu.png?fit=499%2C200&ssl=1","width":499,"height":200,"caption":"JazzZeitung online"},"image":{"@id":"https:\/\/www.jazzzeitung.de\/cms\/#\/schema\/logo\/image\/"},"sameAs":["https:\/\/www.facebook.com\/JazzZeitung\/"]},{"@type":"Person","@id":"https:\/\/www.jazzzeitung.de\/cms\/#\/schema\/person\/1ba404714b9455401502bc409a7df45e","name":"Huflaikhan","image":{"@type":"ImageObject","inLanguage":"de","@id":"https:\/\/i0.wp.com\/www.jazzzeitung.de\/cms\/wp-content\/uploads\/2013\/11\/huf-06.jpg?resize=96%2C96&ssl=18afacd5aa7627f2840c013425f5a4164","url":"https:\/\/i0.wp.com\/www.jazzzeitung.de\/cms\/wp-content\/uploads\/2013\/11\/huf-06.jpg?resize=96%2C96&ssl=1","contentUrl":"https:\/\/i0.wp.com\/www.jazzzeitung.de\/cms\/wp-content\/uploads\/2013\/11\/huf-06.jpg?resize=96%2C96&ssl=1","caption":"Huflaikhan"},"description":"Huflaikhan (aka Martin Hufner) hat Musikwissenschaft, Philosophie und Psychologie in Gie\u00dfen studiert und mit einer Arbeit \u00fcber Adorno und die Zw\u00f6lftontechnik promoviert. Seit 1995 ist er freiberuflich als Autor, Fotograf und Netzmacher unterwegs.","sameAs":["https:\/\/www.kritische-masse.de\/logbuch","https:\/\/www.facebook.com\/hufner"],"url":"https:\/\/www.jazzzeitung.de\/cms\/author\/hufi\/"}]}},"wp-worthy-pixel":{"ignored":false,"public":"436760c7740e45b0af6354a46088b59d","server":"vg04.met.vgwort.de","url":"https:\/\/vg04.met.vgwort.de\/na\/436760c7740e45b0af6354a46088b59d"},"wp-worthy-type":"normal","jetpack_publicize_connections":[],"cc_featured_image_caption":{"caption_text":"Keith Jarrett \u2013 Bordeaux Concert","source_text":"","source_url":"https:\/\/hoerbar.nmz.de"},"jetpack_featured_media_url":"https:\/\/i0.wp.com\/www.jazzzeitung.de\/cms\/wp-content\/uploads\/2022\/11\/42_bordeaux.jpg?fit=1200%2C1200&ssl=1","jetpack_shortlink":"https:\/\/wp.me\/p3KEcT-7rv","jetpack-related-posts":[{"id":6215,"url":"https:\/\/www.jazzzeitung.de\/cms\/2015\/05\/cd-kritik-lorenz-kellhuber-state-mind\/","url_meta":{"origin":28613,"position":0},"title":"CD-Kritik: Lorenz Kellhuber: \u201eState of Mind\u201c","author":"Thomas J. Krebs","date":"22. Mai 2015","format":false,"excerpt":"Von Thomas J. Krebs - Der Pianist Lorenz Kellhuber d\u00fcrfte bisher in erster Linie Jazzconnoissieurs bekannt sein. Bisher! Seine neue, dritte CD Ver\u00f6ffentlichung \u201eState of Mind\u201c wird das hoffentlich \u00e4ndern und Kellhuber mit seinem Trio auch einem breiteren Publikum erschlie\u00dfen. Seit gut 20 Jahren spielt er nun Piano, absolvierte unter\u2026","rel":"","context":"In &quot;Rezension&quot;","block_context":{"text":"Rezension","link":"https:\/\/www.jazzzeitung.de\/cms\/thema\/rezension\/"},"img":{"alt_text":"Kellhuber: State Of Mind","src":"https:\/\/i0.wp.com\/www.jazzzeitung.de\/cms\/wp-content\/uploads\/2015\/05\/Kellhuber-Cover.jpg?fit=1200%2C1200&ssl=1&resize=350%2C200","width":350,"height":200,"srcset":"https:\/\/i0.wp.com\/www.jazzzeitung.de\/cms\/wp-content\/uploads\/2015\/05\/Kellhuber-Cover.jpg?fit=1200%2C1200&ssl=1&resize=350%2C200 1x, https:\/\/i0.wp.com\/www.jazzzeitung.de\/cms\/wp-content\/uploads\/2015\/05\/Kellhuber-Cover.jpg?fit=1200%2C1200&ssl=1&resize=525%2C300 1.5x, https:\/\/i0.wp.com\/www.jazzzeitung.de\/cms\/wp-content\/uploads\/2015\/05\/Kellhuber-Cover.jpg?fit=1200%2C1200&ssl=1&resize=700%2C400 2x, https:\/\/i0.wp.com\/www.jazzzeitung.de\/cms\/wp-content\/uploads\/2015\/05\/Kellhuber-Cover.jpg?fit=1200%2C1200&ssl=1&resize=1050%2C600 3x"},"classes":[]},{"id":13923,"url":"https:\/\/www.jazzzeitung.de\/cms\/2017\/10\/lorenz-kellhuber-live-at-the-montreux-jazz-festival\/","url_meta":{"origin":28613,"position":1},"title":"Lorenz Kellhuber: Live at the Montreux Jazz Festival","author":"Thomas J. Krebs","date":"19. Oktober 2017","format":false,"excerpt":"Nach mittlerweile vier Trioalben legt Lorenz Kellhuber nun endlich ein Piano-Soloalbum vor, live aufgenommen beim 49. Montreux Jazzfestival 2015. Der in M\u00fcnchen geborene Kellhuber, mittlerweile 27 Jahre alt, kann auf eine bereits ansehnliche, stringente Biografie blicken. Sowohl mit seinem Trio, in dem eigene Kompositionen ausgelotet werden, als auch mit dem\u2026","rel":"","context":"In &quot;Rezension&quot;","block_context":{"text":"Rezension","link":"https:\/\/www.jazzzeitung.de\/cms\/thema\/rezension\/"},"img":{"alt_text":"Cover Lorenz Kellhuber - Live at the montreux festival","src":"https:\/\/i0.wp.com\/www.jazzzeitung.de\/cms\/wp-content\/uploads\/2017\/10\/Cover-Lorenz-Kellhuber-Live-at-the-montreux-festival.jpg?fit=500%2C500&ssl=1&resize=350%2C200","width":350,"height":200},"classes":[]},{"id":18156,"url":"https:\/\/www.jazzzeitung.de\/cms\/2018\/12\/magnetische-sternstunde-der-musik-das-lorenz-kellhuber-new-trio-im-stadttheater-regensburg\/","url_meta":{"origin":28613,"position":2},"title":"Magnetische Sternstunde der Musik: Das Lorenz Kellhuber New Trio im Stadttheater Regensburg","author":"Redaktion JazzZeitung","date":"21. Dezember 2018","format":false,"excerpt":"Regensburg. Verpufft, beiseite geschoben, weggewischt. Jeglicher Vorbehalt, ob ein reines Instrumentalkonzert bei den Zuh\u00f6rern auch ankommt, war schlussendlich atomisiert. Anf\u00e4nglich sorgte sich Pianist Lorenz Kellhuber im Theater Regensburg noch, dass Besucher sein Konzert mit dem New Trio vorzeitig verlassen k\u00f6nnten. Am Ende konnte die euphorisierte Menge kaum noch mit Zugaben\u2026","rel":"","context":"In &quot;Bericht&quot;","block_context":{"text":"Bericht","link":"https:\/\/www.jazzzeitung.de\/cms\/thema\/bericht\/"},"img":{"alt_text":"","src":"https:\/\/i0.wp.com\/www.jazzzeitung.de\/cms\/wp-content\/uploads\/2018\/12\/Trio-Kellhuber_37.jpeg?fit=567%2C370&ssl=1&resize=350%2C200","width":350,"height":200,"srcset":"https:\/\/i0.wp.com\/www.jazzzeitung.de\/cms\/wp-content\/uploads\/2018\/12\/Trio-Kellhuber_37.jpeg?fit=567%2C370&ssl=1&resize=350%2C200 1x, https:\/\/i0.wp.com\/www.jazzzeitung.de\/cms\/wp-content\/uploads\/2018\/12\/Trio-Kellhuber_37.jpeg?fit=567%2C370&ssl=1&resize=525%2C300 1.5x"},"classes":[]},{"id":4323,"url":"https:\/\/www.jazzzeitung.de\/cms\/2014\/07\/lorenz-kellhuber-gewinnt-piano-solo-competition-des-montreux-jazz-festival\/","url_meta":{"origin":28613,"position":3},"title":"Lorenz Kellhuber gewinnt Piano Solo Competition des Montreux Jazz Festival","author":"Martin Hufner","date":"18. Juli 2014","format":false,"excerpt":"Lorenz Kellhuber konnte am Dienstag als erster Deutscher die Piano Solo Competition des Montreux Jazz Festival f\u00fcr sich entscheiden. Er setzte sich im Finale gegen acht weitere junge Talente aus der ganzen Welt durch. Zwei Tage zuvor spielte er noch beim Bayerischen Jazzweekend in Regensburg im Tobias-Meinhart-Quintett sowie der abendlichen\u2026","rel":"","context":"In &quot;News&quot;","block_context":{"text":"News","link":"https:\/\/www.jazzzeitung.de\/cms\/thema\/nachrichten\/"},"img":{"alt_text":"Lorenz Kellhuber in Regensburg 2014. Foto: Hufner","src":"https:\/\/i0.wp.com\/www.jazzzeitung.de\/cms\/wp-content\/uploads\/2014\/07\/lorenz_kellhuber_2014_c_hufner.jpg?fit=1200%2C901&ssl=1&resize=350%2C200","width":350,"height":200,"srcset":"https:\/\/i0.wp.com\/www.jazzzeitung.de\/cms\/wp-content\/uploads\/2014\/07\/lorenz_kellhuber_2014_c_hufner.jpg?fit=1200%2C901&ssl=1&resize=350%2C200 1x, https:\/\/i0.wp.com\/www.jazzzeitung.de\/cms\/wp-content\/uploads\/2014\/07\/lorenz_kellhuber_2014_c_hufner.jpg?fit=1200%2C901&ssl=1&resize=525%2C300 1.5x, https:\/\/i0.wp.com\/www.jazzzeitung.de\/cms\/wp-content\/uploads\/2014\/07\/lorenz_kellhuber_2014_c_hufner.jpg?fit=1200%2C901&ssl=1&resize=700%2C400 2x, https:\/\/i0.wp.com\/www.jazzzeitung.de\/cms\/wp-content\/uploads\/2014\/07\/lorenz_kellhuber_2014_c_hufner.jpg?fit=1200%2C901&ssl=1&resize=1050%2C600 3x"},"classes":[]},{"id":27636,"url":"https:\/\/www.jazzzeitung.de\/cms\/2022\/06\/kammer-und-jammermusikalisches-jazz-cds-in-der-hoerbar-juni-2022\/","url_meta":{"origin":28613,"position":4},"title":"Kammer- und Jammermusikalisches \u2013 Jazz-CDs in der H\u00f6rBar Juni 2022","author":"Huflaikhan","date":"29. Juni 2022","format":false,"excerpt":"Wolfgang Muthspiel: Angular Blues | Alex Bayer: Radar | martell beigang: musical matrix | KontraSax: Die Kunst des Reisens. Rezensionen in der H\u00f6rBar der neuen musikzeitung. Wolfgang Muthspiel: Angular Blues Alex Bayer: Radar martell beigang: musical matrix KontraSax: Die Kunst des Reisens Muthspiel: Angular Blues \u2026 Man m\u00f6chte diese Musik\u2026","rel":"","context":"In &quot;Rezension&quot;","block_context":{"text":"Rezension","link":"https:\/\/www.jazzzeitung.de\/cms\/thema\/rezension\/"},"img":{"alt_text":"Alex Bayer: Radar","src":"https:\/\/i0.wp.com\/www.jazzzeitung.de\/cms\/wp-content\/uploads\/2022\/06\/24_radar.jpg?fit=1187%2C1200&ssl=1&resize=350%2C200","width":350,"height":200,"srcset":"https:\/\/i0.wp.com\/www.jazzzeitung.de\/cms\/wp-content\/uploads\/2022\/06\/24_radar.jpg?fit=1187%2C1200&ssl=1&resize=350%2C200 1x, https:\/\/i0.wp.com\/www.jazzzeitung.de\/cms\/wp-content\/uploads\/2022\/06\/24_radar.jpg?fit=1187%2C1200&ssl=1&resize=525%2C300 1.5x, https:\/\/i0.wp.com\/www.jazzzeitung.de\/cms\/wp-content\/uploads\/2022\/06\/24_radar.jpg?fit=1187%2C1200&ssl=1&resize=700%2C400 2x, https:\/\/i0.wp.com\/www.jazzzeitung.de\/cms\/wp-content\/uploads\/2022\/06\/24_radar.jpg?fit=1187%2C1200&ssl=1&resize=1050%2C600 3x"},"classes":[]},{"id":8167,"url":"https:\/\/www.jazzzeitung.de\/cms\/2016\/01\/lorenz-kellhuber-live-hfkm-regensburg-erstmalneues7\/","url_meta":{"origin":28613,"position":5},"title":"Lorenz Kellhuber Live @ HfKM Regensburg  \/\/ erstmalneues7","author":"Thomas J. Krebs","date":"21. Januar 2016","format":false,"excerpt":"Der in M\u00fcnchen geborene und mittlerweile Wahl-Berliner Pianist Lorenz Kellhuber ist ein wirklich au\u00dfergew\u00f6hnliches Talent und musikalisch immens umtriebig. Im Dezember war der Pianist gerade mit seinem Standards Trio (gemeinsam mit Orlando le Fleming am Bass und dem Schlagzeuger Obed Calvaire) im Jazzclub Regensburg und stellte sein aktuelles Standards Album\u2026","rel":"","context":"In &quot;Redaktionelle Nachrichten&quot;","block_context":{"text":"Redaktionelle Nachrichten","link":"https:\/\/www.jazzzeitung.de\/cms\/thema\/redaktion\/"},"img":{"alt_text":"Kellhuber - Foto TJ Krebs","src":"https:\/\/i0.wp.com\/www.jazzzeitung.de\/cms\/wp-content\/uploads\/2016\/01\/P1410349_Kellhuber-Foto-TJ-Krebs.jpg?fit=1200%2C800&ssl=1&resize=350%2C200","width":350,"height":200,"srcset":"https:\/\/i0.wp.com\/www.jazzzeitung.de\/cms\/wp-content\/uploads\/2016\/01\/P1410349_Kellhuber-Foto-TJ-Krebs.jpg?fit=1200%2C800&ssl=1&resize=350%2C200 1x, https:\/\/i0.wp.com\/www.jazzzeitung.de\/cms\/wp-content\/uploads\/2016\/01\/P1410349_Kellhuber-Foto-TJ-Krebs.jpg?fit=1200%2C800&ssl=1&resize=525%2C300 1.5x, https:\/\/i0.wp.com\/www.jazzzeitung.de\/cms\/wp-content\/uploads\/2016\/01\/P1410349_Kellhuber-Foto-TJ-Krebs.jpg?fit=1200%2C800&ssl=1&resize=700%2C400 2x, https:\/\/i0.wp.com\/www.jazzzeitung.de\/cms\/wp-content\/uploads\/2016\/01\/P1410349_Kellhuber-Foto-TJ-Krebs.jpg?fit=1200%2C800&ssl=1&resize=1050%2C600 3x"},"classes":[]}],"jetpack_sharing_enabled":true,"_links":{"self":[{"href":"https:\/\/www.jazzzeitung.de\/cms\/wp-json\/wp\/v2\/posts\/28613","targetHints":{"allow":["GET"]}}],"collection":[{"href":"https:\/\/www.jazzzeitung.de\/cms\/wp-json\/wp\/v2\/posts"}],"about":[{"href":"https:\/\/www.jazzzeitung.de\/cms\/wp-json\/wp\/v2\/types\/post"}],"author":[{"embeddable":true,"href":"https:\/\/www.jazzzeitung.de\/cms\/wp-json\/wp\/v2\/users\/2"}],"replies":[{"embeddable":true,"href":"https:\/\/www.jazzzeitung.de\/cms\/wp-json\/wp\/v2\/comments?post=28613"}],"version-history":[{"count":3,"href":"https:\/\/www.jazzzeitung.de\/cms\/wp-json\/wp\/v2\/posts\/28613\/revisions"}],"predecessor-version":[{"id":28630,"href":"https:\/\/www.jazzzeitung.de\/cms\/wp-json\/wp\/v2\/posts\/28613\/revisions\/28630"}],"wp:featuredmedia":[{"embeddable":true,"href":"https:\/\/www.jazzzeitung.de\/cms\/wp-json\/wp\/v2\/media\/28625"}],"wp:attachment":[{"href":"https:\/\/www.jazzzeitung.de\/cms\/wp-json\/wp\/v2\/media?parent=28613"}],"wp:term":[{"taxonomy":"category","embeddable":true,"href":"https:\/\/www.jazzzeitung.de\/cms\/wp-json\/wp\/v2\/categories?post=28613"},{"taxonomy":"post_tag","embeddable":true,"href":"https:\/\/www.jazzzeitung.de\/cms\/wp-json\/wp\/v2\/tags?post=28613"},{"taxonomy":"author","embeddable":true,"href":"https:\/\/www.jazzzeitung.de\/cms\/wp-json\/wp\/v2\/coauthors?post=28613"}],"curies":[{"name":"wp","href":"https:\/\/api.w.org\/{rel}","templated":true}]}}