{"id":28591,"date":"2022-11-03T13:10:35","date_gmt":"2022-11-03T12:10:35","guid":{"rendered":"https:\/\/www.jazzzeitung.de\/cms\/?p=28591"},"modified":"2022-11-03T13:10:35","modified_gmt":"2022-11-03T12:10:35","slug":"masako-ohta-matthias-lindermayr-cd-mmmmh","status":"publish","type":"post","link":"https:\/\/www.jazzzeitung.de\/cms\/2022\/11\/masako-ohta-matthias-lindermayr-cd-mmmmh\/","title":{"rendered":"Masako Ohta &#038; Matthias Lindermayr &#8211; CD &#8222;MMMMH&#8220;"},"content":{"rendered":"<p><strong>Die in M\u00fcnchen lebende Pianistin Masako Ohta und der ebenfalls in M\u00fcnchen ans\u00e4ssige Trompeter Matthias Lindermayr haben auf der gerade erschienenen Aufnahme \u201eMMMMH\u201c im Duo zusammen gefunden und pr\u00e4sentieren ein wunderbar flie\u00dfendes, homogenes Album.<\/strong><\/p>\n<p>Dass sich die Musiker, die aus unterschiedlichen Genres stammen, kenngelernt haben ist dem Musikf\u00f6rderpreis der Stadt M\u00fcnchen zu verdanken, der im Jahr 2019, wohl verdient, an die beiden K\u00fcnstler verliehen wurde. Dabei wirken sie in unterschiedlichen musikalischen Bereichen: Masako Ohta ist ma\u00dfgeblich sowohl der Klassik als auch der zeitgen\u00f6ssischen Moderne verbunden, w\u00e4hrend Lindermayr in erster Linie als Jazz-Solist und diversen Formationen beheimatet ist. Trotz allem haben beide eine gemeinsame Verbindung: sie legen sich nicht per se auf eine bestimmte musikalische Richtung fest, sondern loten Stile aus und musizieren vielseitig wie abwechslungsreich.<\/p>\n<p><img data-recalc-dims=\"1\" loading=\"lazy\" decoding=\"async\" data-attachment-id=\"28593\" data-permalink=\"https:\/\/www.jazzzeitung.de\/cms\/2022\/11\/masako-ohta-matthias-lindermayr-cd-mmmmh\/collage-ohta-3-lindermayr\/\" data-orig-file=\"https:\/\/i0.wp.com\/www.jazzzeitung.de\/cms\/wp-content\/uploads\/2022\/11\/Collage-Ohta-3-Lindermayr.jpg?fit=1800%2C1200&amp;ssl=1\" data-orig-size=\"1800,1200\" data-comments-opened=\"1\" data-image-meta=\"{&quot;aperture&quot;:&quot;0&quot;,&quot;credit&quot;:&quot;&quot;,&quot;camera&quot;:&quot;&quot;,&quot;caption&quot;:&quot;&quot;,&quot;created_timestamp&quot;:&quot;0&quot;,&quot;copyright&quot;:&quot;&quot;,&quot;focal_length&quot;:&quot;0&quot;,&quot;iso&quot;:&quot;0&quot;,&quot;shutter_speed&quot;:&quot;0&quot;,&quot;title&quot;:&quot;&quot;,&quot;orientation&quot;:&quot;0&quot;}\" data-image-title=\"Collage Ohta 3 &amp;#8211; Lindermayr\" data-image-description=\"\" data-image-caption=\"\" data-large-file=\"https:\/\/i0.wp.com\/www.jazzzeitung.de\/cms\/wp-content\/uploads\/2022\/11\/Collage-Ohta-3-Lindermayr.jpg?fit=840%2C560&amp;ssl=1\" class=\"aligncenter size-full wp-image-28593\" src=\"https:\/\/i0.wp.com\/www.jazzzeitung.de\/cms\/wp-content\/uploads\/2022\/11\/Collage-Ohta-3-Lindermayr.jpg?resize=840%2C560&#038;ssl=1\" alt=\"\" width=\"840\" height=\"560\" srcset=\"https:\/\/i0.wp.com\/www.jazzzeitung.de\/cms\/wp-content\/uploads\/2022\/11\/Collage-Ohta-3-Lindermayr.jpg?w=1800&amp;ssl=1 1800w, https:\/\/i0.wp.com\/www.jazzzeitung.de\/cms\/wp-content\/uploads\/2022\/11\/Collage-Ohta-3-Lindermayr.jpg?resize=300%2C200&amp;ssl=1 300w, https:\/\/i0.wp.com\/www.jazzzeitung.de\/cms\/wp-content\/uploads\/2022\/11\/Collage-Ohta-3-Lindermayr.jpg?resize=900%2C600&amp;ssl=1 900w, https:\/\/i0.wp.com\/www.jazzzeitung.de\/cms\/wp-content\/uploads\/2022\/11\/Collage-Ohta-3-Lindermayr.jpg?resize=768%2C512&amp;ssl=1 768w, https:\/\/i0.wp.com\/www.jazzzeitung.de\/cms\/wp-content\/uploads\/2022\/11\/Collage-Ohta-3-Lindermayr.jpg?resize=1536%2C1024&amp;ssl=1 1536w, https:\/\/i0.wp.com\/www.jazzzeitung.de\/cms\/wp-content\/uploads\/2022\/11\/Collage-Ohta-3-Lindermayr.jpg?resize=120%2C80&amp;ssl=1 120w, https:\/\/i0.wp.com\/www.jazzzeitung.de\/cms\/wp-content\/uploads\/2022\/11\/Collage-Ohta-3-Lindermayr.jpg?resize=1320%2C880&amp;ssl=1 1320w, https:\/\/i0.wp.com\/www.jazzzeitung.de\/cms\/wp-content\/uploads\/2022\/11\/Collage-Ohta-3-Lindermayr.jpg?w=1680&amp;ssl=1 1680w\" sizes=\"auto, (max-width: 840px) 100vw, 840px\" \/><\/p>\n<p>Das Album \u201eMMMMH\u201c, aufgenommen im Unterf\u00f6hringer Mastermix Studio, pr\u00e4sentiert neun Kompositionen von Lindermayr und Ohta, die leichtf\u00fc\u00dfig und beruhigend den H\u00f6rer in ihren Bann ziehen. Inspirierte Themen werden vorgestellt, die mit Fingerspitzengef\u00fchl weiter gesponnen werden, dar\u00fcber schichten sich Improvisationen, ab und zu mit leichter Rhythmik, versetzen den H\u00f6rer dabei in eine Art Trance.<\/p>\n<h3>Sich fallen lassen<\/h3>\n<p>Man kann sich zur Musik fallen lassen und zu den Kl\u00e4ngen assoziieren. Ohta und Lindermayr setzen nicht auf vordergr\u00fcndige Effekte oder Notenakrobatik, sie spielen harmonisch pr\u00e4gnante Miniaturen, aus denen sich beseelte Improvisationen entwickeln. Lediglich kurze Grundthemen sind festgelegt, alles Weitere ergibt sich aus der Atmosph\u00e4re, dem Moment in dem beide improvisieren und zusammenfinden.<\/p>\n<p>Dabei steht immer die Neugier auf Neues im Vordergrund, was sich aus der Begegnung beider Musiker spontan entwickelt. Insofern sind die St\u00fccke auf \u201eMMMMH\u201c gespielte Momentaufnahmen, die sich so nicht zwangsl\u00e4ufig reproduzieren lassen. Vielleicht macht gerade das den Reiz dieses Albums aus. Wer sich darauf einl\u00e4sst wird mit Seelenzauber belohnt &#8211; \u201eMMMMH\u201c ist ein sehr pers\u00f6nliches, meditativ ruhiges, befl\u00fcgelndes Album. Der Name leitet sich ab aus den Vornamen des Teams Masako, Matthias, Martin Brugger (Produzent) und Maximilian Schachtner (Artwork). Eine gute Freundin von Masako, Henriette, hatte schlie\u00dflich nach einem Konzert den Wunsch, dass das Publikum die Musik nicht durch Klatschen, sondern wie nach einem guten Essen mit einem \u201eMMMMH\u201c\u00a0 goutiert.<\/p>\n<h3>Musik f\u00fcr die verquere Zeit<\/h3>\n<p>Genau die richtige Musik f\u00fcr diese verquere Zeit. Und \u201eMMMMH\u201c macht Lust auf mehr, vor allem Masako Ohta und Matthias Lindermayr einmal live h\u00f6ren zu k\u00f6nnen, um die Seele mit Wohlklang zu verw\u00f6hnen.<\/p>\n<p><img data-recalc-dims=\"1\" loading=\"lazy\" decoding=\"async\" data-attachment-id=\"28594\" data-permalink=\"https:\/\/www.jazzzeitung.de\/cms\/2022\/11\/masako-ohta-matthias-lindermayr-cd-mmmmh\/cover-12\/\" data-orig-file=\"https:\/\/i0.wp.com\/www.jazzzeitung.de\/cms\/wp-content\/uploads\/2022\/11\/cover-scaled.jpg?fit=2560%2C2560&amp;ssl=1\" data-orig-size=\"2560,2560\" data-comments-opened=\"1\" data-image-meta=\"{&quot;aperture&quot;:&quot;0&quot;,&quot;credit&quot;:&quot;&quot;,&quot;camera&quot;:&quot;&quot;,&quot;caption&quot;:&quot;&quot;,&quot;created_timestamp&quot;:&quot;0&quot;,&quot;copyright&quot;:&quot;&quot;,&quot;focal_length&quot;:&quot;0&quot;,&quot;iso&quot;:&quot;0&quot;,&quot;shutter_speed&quot;:&quot;0&quot;,&quot;title&quot;:&quot;&quot;,&quot;orientation&quot;:&quot;0&quot;}\" data-image-title=\"cover\" data-image-description=\"\" data-image-caption=\"\" data-large-file=\"https:\/\/i0.wp.com\/www.jazzzeitung.de\/cms\/wp-content\/uploads\/2022\/11\/cover-scaled.jpg?fit=600%2C600&amp;ssl=1\" class=\"alignleft size-medium wp-image-28594\" src=\"https:\/\/i0.wp.com\/www.jazzzeitung.de\/cms\/wp-content\/uploads\/2022\/11\/cover.jpg?resize=300%2C300&#038;ssl=1\" alt=\"\" width=\"300\" height=\"300\" srcset=\"https:\/\/i0.wp.com\/www.jazzzeitung.de\/cms\/wp-content\/uploads\/2022\/11\/cover-scaled.jpg?resize=300%2C300&amp;ssl=1 300w, https:\/\/i0.wp.com\/www.jazzzeitung.de\/cms\/wp-content\/uploads\/2022\/11\/cover-scaled.jpg?resize=600%2C600&amp;ssl=1 600w, https:\/\/i0.wp.com\/www.jazzzeitung.de\/cms\/wp-content\/uploads\/2022\/11\/cover-scaled.jpg?resize=150%2C150&amp;ssl=1 150w, https:\/\/i0.wp.com\/www.jazzzeitung.de\/cms\/wp-content\/uploads\/2022\/11\/cover-scaled.jpg?resize=768%2C768&amp;ssl=1 768w, https:\/\/i0.wp.com\/www.jazzzeitung.de\/cms\/wp-content\/uploads\/2022\/11\/cover-scaled.jpg?resize=1536%2C1536&amp;ssl=1 1536w, https:\/\/i0.wp.com\/www.jazzzeitung.de\/cms\/wp-content\/uploads\/2022\/11\/cover-scaled.jpg?resize=2048%2C2048&amp;ssl=1 2048w, https:\/\/i0.wp.com\/www.jazzzeitung.de\/cms\/wp-content\/uploads\/2022\/11\/cover-scaled.jpg?resize=1320%2C1320&amp;ssl=1 1320w, https:\/\/i0.wp.com\/www.jazzzeitung.de\/cms\/wp-content\/uploads\/2022\/11\/cover-scaled.jpg?w=1680&amp;ssl=1 1680w, https:\/\/i0.wp.com\/www.jazzzeitung.de\/cms\/wp-content\/uploads\/2022\/11\/cover-scaled.jpg?w=2520&amp;ssl=1 2520w\" sizes=\"auto, (max-width: 300px) 100vw, 300px\" \/><\/p>\n<p>Erschienen ist das Album auf dem Label Squama und sowohl auf LP als auch auf CD erh\u00e4ltlich.<\/p>\n<p>Aktuelle Termine und Konzerte:<br \/>\n<a href=\"https:\/\/www.masako-ohta.de\/Aktuelles.html\">https:\/\/www.masako-ohta.de\/Aktuelles.html<\/a><\/p>\n<p>Text und Fotos: Thomas J. Krebs<\/p>\n","protected":false},"excerpt":{"rendered":"<p>Die in M\u00fcnchen lebende Pianistin Masako Ohta und der ebenfalls in M\u00fcnchen ans\u00e4ssige Trompeter Matthias Lindermayr haben auf der gerade erschienenen Aufnahme \u201eMMMMH\u201c im Duo zusammen gefunden und pr\u00e4sentieren ein wunderbar flie\u00dfendes, homogenes Album. Dass sich die Musiker, die aus unterschiedlichen Genres stammen, kenngelernt haben ist dem Musikf\u00f6rderpreis der Stadt M\u00fcnchen zu verdanken, der im Jahr 2019, wohl verdient, an die beiden K\u00fcnstler verliehen wurde. Dabei wirken sie in unterschiedlichen musikalischen Bereichen: Masako Ohta ist ma\u00dfgeblich sowohl der Klassik als auch der zeitgen\u00f6ssischen Moderne verbunden, w\u00e4hrend Lindermayr in erster Linie als Jazz-Solist und diversen Formationen beheimatet ist. Trotz allem haben beide eine gemeinsame Verbindung: sie legen sich nicht per se auf eine bestimmte musikalische Richtung fest, sondern loten Stile aus und musizieren vielseitig wie abwechslungsreich. Das Album \u201eMMMMH\u201c, aufgenommen im Unterf\u00f6hringer Mastermix Studio, pr\u00e4sentiert neun Kompositionen von Lindermayr und Ohta, die leichtf\u00fc\u00dfig und beruhigend den H\u00f6rer in ihren Bann ziehen. Inspirierte Themen werden vorgestellt, die mit Fingerspitzengef\u00fchl weiter gesponnen werden, dar\u00fcber schichten sich Improvisationen, ab und zu mit leichter Rhythmik, versetzen den H\u00f6rer dabei in eine Art Trance. Sich fallen lassen Man kann sich zur &hellip;<\/p>\n","protected":false},"author":35,"featured_media":28592,"comment_status":"open","ping_status":"closed","sticky":false,"template":"","format":"standard","meta":{"_jetpack_memberships_contains_paid_content":false,"footnotes":"","jetpack_publicize_message":"","jetpack_publicize_feature_enabled":true,"jetpack_social_post_already_shared":false,"jetpack_social_options":{"image_generator_settings":{"template":"highway","default_image_id":0,"font":"","enabled":false},"version":2}},"categories":[1152],"tags":[3575,109,1485,294,2861,4363,1184,4364,1260],"coauthors":[1602],"class_list":["post-28591","post","type-post","status-publish","format-standard","has-post-thumbnail","hentry","category-rezension","tag-besprechung","tag-cd","tag-cd-rezension","tag-jazzzeitung","tag-jazzzeitung-de","tag-masako-ohta","tag-matthias-lindermayr","tag-mmmmh","tag-thomas-j-krebs"],"yoast_head":"<!-- This site is optimized with the Yoast SEO plugin v27.5 - https:\/\/yoast.com\/product\/yoast-seo-wordpress\/ -->\n<title>Masako Ohta &amp; Matthias Lindermayr - CD &quot;MMMMH&quot; - JazzZeitung<\/title>\n<meta name=\"robots\" content=\"index, follow, max-snippet:-1, max-image-preview:large, max-video-preview:-1\" \/>\n<link rel=\"canonical\" href=\"https:\/\/www.jazzzeitung.de\/cms\/2022\/11\/masako-ohta-matthias-lindermayr-cd-mmmmh\/\" \/>\n<meta property=\"og:locale\" content=\"de_DE\" \/>\n<meta property=\"og:type\" content=\"article\" \/>\n<meta property=\"og:title\" content=\"Masako Ohta &amp; Matthias Lindermayr - CD &quot;MMMMH&quot; - JazzZeitung\" \/>\n<meta property=\"og:description\" content=\"Die in M\u00fcnchen lebende Pianistin Masako Ohta und der ebenfalls in M\u00fcnchen ans\u00e4ssige Trompeter Matthias Lindermayr haben auf der gerade erschienenen Aufnahme \u201eMMMMH\u201c im Duo zusammen gefunden und pr\u00e4sentieren ein wunderbar flie\u00dfendes, homogenes Album. Dass sich die Musiker, die aus unterschiedlichen Genres stammen, kenngelernt haben ist dem Musikf\u00f6rderpreis der Stadt M\u00fcnchen zu verdanken, der im Jahr 2019, wohl verdient, an die beiden K\u00fcnstler verliehen wurde. Dabei wirken sie in unterschiedlichen musikalischen Bereichen: Masako Ohta ist ma\u00dfgeblich sowohl der Klassik als auch der zeitgen\u00f6ssischen Moderne verbunden, w\u00e4hrend Lindermayr in erster Linie als Jazz-Solist und diversen Formationen beheimatet ist. Trotz allem haben beide eine gemeinsame Verbindung: sie legen sich nicht per se auf eine bestimmte musikalische Richtung fest, sondern loten Stile aus und musizieren vielseitig wie abwechslungsreich. Das Album \u201eMMMMH\u201c, aufgenommen im Unterf\u00f6hringer Mastermix Studio, pr\u00e4sentiert neun Kompositionen von Lindermayr und Ohta, die leichtf\u00fc\u00dfig und beruhigend den H\u00f6rer in ihren Bann ziehen. Inspirierte Themen werden vorgestellt, die mit Fingerspitzengef\u00fchl weiter gesponnen werden, dar\u00fcber schichten sich Improvisationen, ab und zu mit leichter Rhythmik, versetzen den H\u00f6rer dabei in eine Art Trance. Sich fallen lassen Man kann sich zur &hellip;\" \/>\n<meta property=\"og:url\" content=\"https:\/\/www.jazzzeitung.de\/cms\/2022\/11\/masako-ohta-matthias-lindermayr-cd-mmmmh\/\" \/>\n<meta property=\"og:site_name\" content=\"JazzZeitung\" \/>\n<meta property=\"article:publisher\" content=\"https:\/\/www.facebook.com\/JazzZeitung\/\" \/>\n<meta property=\"article:published_time\" content=\"2022-11-03T12:10:35+00:00\" \/>\n<meta property=\"og:image\" content=\"https:\/\/www.jazzzeitung.de\/cms\/wp-content\/uploads\/2022\/11\/Collage-Ohta-2-Lindermayr.jpg\" \/>\n\t<meta property=\"og:image:width\" content=\"1800\" \/>\n\t<meta property=\"og:image:height\" content=\"1012\" \/>\n\t<meta property=\"og:image:type\" content=\"image\/jpeg\" \/>\n<meta name=\"author\" content=\"Thomas J. Krebs\" \/>\n<script type=\"application\/ld+json\" class=\"yoast-schema-graph\">{\"@context\":\"https:\\\/\\\/schema.org\",\"@graph\":[{\"@type\":\"Article\",\"@id\":\"https:\\\/\\\/www.jazzzeitung.de\\\/cms\\\/2022\\\/11\\\/masako-ohta-matthias-lindermayr-cd-mmmmh\\\/#article\",\"isPartOf\":{\"@id\":\"https:\\\/\\\/www.jazzzeitung.de\\\/cms\\\/2022\\\/11\\\/masako-ohta-matthias-lindermayr-cd-mmmmh\\\/\"},\"author\":{\"name\":\"Thomas J. Krebs\",\"@id\":\"https:\\\/\\\/www.jazzzeitung.de\\\/cms\\\/#\\\/schema\\\/person\\\/ba94c5bbea92d014d6a3d1f0105daa18\"},\"headline\":\"Masako Ohta &#038; Matthias Lindermayr &#8211; CD &#8222;MMMMH&#8220;\",\"datePublished\":\"2022-11-03T12:10:35+00:00\",\"mainEntityOfPage\":{\"@id\":\"https:\\\/\\\/www.jazzzeitung.de\\\/cms\\\/2022\\\/11\\\/masako-ohta-matthias-lindermayr-cd-mmmmh\\\/\"},\"wordCount\":455,\"commentCount\":0,\"publisher\":{\"@id\":\"https:\\\/\\\/www.jazzzeitung.de\\\/cms\\\/#organization\"},\"image\":{\"@id\":\"https:\\\/\\\/www.jazzzeitung.de\\\/cms\\\/2022\\\/11\\\/masako-ohta-matthias-lindermayr-cd-mmmmh\\\/#primaryimage\"},\"thumbnailUrl\":\"https:\\\/\\\/i0.wp.com\\\/www.jazzzeitung.de\\\/cms\\\/wp-content\\\/uploads\\\/2022\\\/11\\\/Collage-Ohta-2-Lindermayr.jpg?fit=1800%2C1012&ssl=1\",\"keywords\":[\"Besprechung\",\"CD\",\"CD-Rezension\",\"Jazzzeitung\",\"JazzZeitung.de\",\"Masako Ohta\",\"Matthias Lindermayr\",\"MMMMH\",\"Thomas J. Krebs\"],\"articleSection\":[\"Rezension\"],\"inLanguage\":\"de\",\"potentialAction\":[{\"@type\":\"CommentAction\",\"name\":\"Comment\",\"target\":[\"https:\\\/\\\/www.jazzzeitung.de\\\/cms\\\/2022\\\/11\\\/masako-ohta-matthias-lindermayr-cd-mmmmh\\\/#respond\"]}]},{\"@type\":\"WebPage\",\"@id\":\"https:\\\/\\\/www.jazzzeitung.de\\\/cms\\\/2022\\\/11\\\/masako-ohta-matthias-lindermayr-cd-mmmmh\\\/\",\"url\":\"https:\\\/\\\/www.jazzzeitung.de\\\/cms\\\/2022\\\/11\\\/masako-ohta-matthias-lindermayr-cd-mmmmh\\\/\",\"name\":\"Masako Ohta & Matthias Lindermayr - CD \\\"MMMMH\\\" - JazzZeitung\",\"isPartOf\":{\"@id\":\"https:\\\/\\\/www.jazzzeitung.de\\\/cms\\\/#website\"},\"primaryImageOfPage\":{\"@id\":\"https:\\\/\\\/www.jazzzeitung.de\\\/cms\\\/2022\\\/11\\\/masako-ohta-matthias-lindermayr-cd-mmmmh\\\/#primaryimage\"},\"image\":{\"@id\":\"https:\\\/\\\/www.jazzzeitung.de\\\/cms\\\/2022\\\/11\\\/masako-ohta-matthias-lindermayr-cd-mmmmh\\\/#primaryimage\"},\"thumbnailUrl\":\"https:\\\/\\\/i0.wp.com\\\/www.jazzzeitung.de\\\/cms\\\/wp-content\\\/uploads\\\/2022\\\/11\\\/Collage-Ohta-2-Lindermayr.jpg?fit=1800%2C1012&ssl=1\",\"datePublished\":\"2022-11-03T12:10:35+00:00\",\"breadcrumb\":{\"@id\":\"https:\\\/\\\/www.jazzzeitung.de\\\/cms\\\/2022\\\/11\\\/masako-ohta-matthias-lindermayr-cd-mmmmh\\\/#breadcrumb\"},\"inLanguage\":\"de\",\"potentialAction\":[{\"@type\":\"ReadAction\",\"target\":[\"https:\\\/\\\/www.jazzzeitung.de\\\/cms\\\/2022\\\/11\\\/masako-ohta-matthias-lindermayr-cd-mmmmh\\\/\"]}]},{\"@type\":\"ImageObject\",\"inLanguage\":\"de\",\"@id\":\"https:\\\/\\\/www.jazzzeitung.de\\\/cms\\\/2022\\\/11\\\/masako-ohta-matthias-lindermayr-cd-mmmmh\\\/#primaryimage\",\"url\":\"https:\\\/\\\/i0.wp.com\\\/www.jazzzeitung.de\\\/cms\\\/wp-content\\\/uploads\\\/2022\\\/11\\\/Collage-Ohta-2-Lindermayr.jpg?fit=1800%2C1012&ssl=1\",\"contentUrl\":\"https:\\\/\\\/i0.wp.com\\\/www.jazzzeitung.de\\\/cms\\\/wp-content\\\/uploads\\\/2022\\\/11\\\/Collage-Ohta-2-Lindermayr.jpg?fit=1800%2C1012&ssl=1\",\"width\":1800,\"height\":1012},{\"@type\":\"BreadcrumbList\",\"@id\":\"https:\\\/\\\/www.jazzzeitung.de\\\/cms\\\/2022\\\/11\\\/masako-ohta-matthias-lindermayr-cd-mmmmh\\\/#breadcrumb\",\"itemListElement\":[{\"@type\":\"ListItem\",\"position\":1,\"name\":\"Startseite\",\"item\":\"https:\\\/\\\/www.jazzzeitung.de\\\/cms\\\/\"},{\"@type\":\"ListItem\",\"position\":2,\"name\":\"Masako Ohta &#038; Matthias Lindermayr &#8211; CD &#8222;MMMMH&#8220;\"}]},{\"@type\":\"WebSite\",\"@id\":\"https:\\\/\\\/www.jazzzeitung.de\\\/cms\\\/#website\",\"url\":\"https:\\\/\\\/www.jazzzeitung.de\\\/cms\\\/\",\"name\":\"JazzZeitung\",\"description\":\"Jazz-News und Jazz-Kontroverses\",\"publisher\":{\"@id\":\"https:\\\/\\\/www.jazzzeitung.de\\\/cms\\\/#organization\"},\"potentialAction\":[{\"@type\":\"SearchAction\",\"target\":{\"@type\":\"EntryPoint\",\"urlTemplate\":\"https:\\\/\\\/www.jazzzeitung.de\\\/cms\\\/?s={search_term_string}\"},\"query-input\":{\"@type\":\"PropertyValueSpecification\",\"valueRequired\":true,\"valueName\":\"search_term_string\"}}],\"inLanguage\":\"de\"},{\"@type\":\"Organization\",\"@id\":\"https:\\\/\\\/www.jazzzeitung.de\\\/cms\\\/#organization\",\"name\":\"JazzZeitung online\",\"url\":\"https:\\\/\\\/www.jazzzeitung.de\\\/cms\\\/\",\"logo\":{\"@type\":\"ImageObject\",\"inLanguage\":\"de\",\"@id\":\"https:\\\/\\\/www.jazzzeitung.de\\\/cms\\\/#\\\/schema\\\/logo\\\/image\\\/\",\"url\":\"https:\\\/\\\/i0.wp.com\\\/www.jazzzeitung.de\\\/cms\\\/wp-content\\\/uploads\\\/2015\\\/08\\\/JAZZZEITUNGDE_Logo_Neu.png?fit=499%2C200&ssl=1\",\"contentUrl\":\"https:\\\/\\\/i0.wp.com\\\/www.jazzzeitung.de\\\/cms\\\/wp-content\\\/uploads\\\/2015\\\/08\\\/JAZZZEITUNGDE_Logo_Neu.png?fit=499%2C200&ssl=1\",\"width\":499,\"height\":200,\"caption\":\"JazzZeitung online\"},\"image\":{\"@id\":\"https:\\\/\\\/www.jazzzeitung.de\\\/cms\\\/#\\\/schema\\\/logo\\\/image\\\/\"},\"sameAs\":[\"https:\\\/\\\/www.facebook.com\\\/JazzZeitung\\\/\"]},{\"@type\":\"Person\",\"@id\":\"https:\\\/\\\/www.jazzzeitung.de\\\/cms\\\/#\\\/schema\\\/person\\\/ba94c5bbea92d014d6a3d1f0105daa18\",\"name\":\"Thomas J. Krebs\",\"image\":{\"@type\":\"ImageObject\",\"inLanguage\":\"de\",\"@id\":\"https:\\\/\\\/secure.gravatar.com\\\/avatar\\\/e362b221c114fbcde56be31a2eacbbab541308e5bf72f20d4519b16cdeb5c667?s=96&d=wp_user_avatar&r=ga12b8f4e2750c9ca30f9e22cab2177c6\",\"url\":\"https:\\\/\\\/secure.gravatar.com\\\/avatar\\\/e362b221c114fbcde56be31a2eacbbab541308e5bf72f20d4519b16cdeb5c667?s=96&d=wp_user_avatar&r=g\",\"contentUrl\":\"https:\\\/\\\/secure.gravatar.com\\\/avatar\\\/e362b221c114fbcde56be31a2eacbbab541308e5bf72f20d4519b16cdeb5c667?s=96&d=wp_user_avatar&r=g\",\"caption\":\"Thomas J. Krebs\"},\"url\":\"https:\\\/\\\/www.jazzzeitung.de\\\/cms\\\/author\\\/krebs\\\/\"}]}<\/script>\n<!-- \/ Yoast SEO plugin. -->","yoast_head_json":{"title":"Masako Ohta & Matthias Lindermayr - CD \"MMMMH\" - JazzZeitung","robots":{"index":"index","follow":"follow","max-snippet":"max-snippet:-1","max-image-preview":"max-image-preview:large","max-video-preview":"max-video-preview:-1"},"canonical":"https:\/\/www.jazzzeitung.de\/cms\/2022\/11\/masako-ohta-matthias-lindermayr-cd-mmmmh\/","og_locale":"de_DE","og_type":"article","og_title":"Masako Ohta & Matthias Lindermayr - CD \"MMMMH\" - JazzZeitung","og_description":"Die in M\u00fcnchen lebende Pianistin Masako Ohta und der ebenfalls in M\u00fcnchen ans\u00e4ssige Trompeter Matthias Lindermayr haben auf der gerade erschienenen Aufnahme \u201eMMMMH\u201c im Duo zusammen gefunden und pr\u00e4sentieren ein wunderbar flie\u00dfendes, homogenes Album. Dass sich die Musiker, die aus unterschiedlichen Genres stammen, kenngelernt haben ist dem Musikf\u00f6rderpreis der Stadt M\u00fcnchen zu verdanken, der im Jahr 2019, wohl verdient, an die beiden K\u00fcnstler verliehen wurde. Dabei wirken sie in unterschiedlichen musikalischen Bereichen: Masako Ohta ist ma\u00dfgeblich sowohl der Klassik als auch der zeitgen\u00f6ssischen Moderne verbunden, w\u00e4hrend Lindermayr in erster Linie als Jazz-Solist und diversen Formationen beheimatet ist. Trotz allem haben beide eine gemeinsame Verbindung: sie legen sich nicht per se auf eine bestimmte musikalische Richtung fest, sondern loten Stile aus und musizieren vielseitig wie abwechslungsreich. Das Album \u201eMMMMH\u201c, aufgenommen im Unterf\u00f6hringer Mastermix Studio, pr\u00e4sentiert neun Kompositionen von Lindermayr und Ohta, die leichtf\u00fc\u00dfig und beruhigend den H\u00f6rer in ihren Bann ziehen. Inspirierte Themen werden vorgestellt, die mit Fingerspitzengef\u00fchl weiter gesponnen werden, dar\u00fcber schichten sich Improvisationen, ab und zu mit leichter Rhythmik, versetzen den H\u00f6rer dabei in eine Art Trance. Sich fallen lassen Man kann sich zur &hellip;","og_url":"https:\/\/www.jazzzeitung.de\/cms\/2022\/11\/masako-ohta-matthias-lindermayr-cd-mmmmh\/","og_site_name":"JazzZeitung","article_publisher":"https:\/\/www.facebook.com\/JazzZeitung\/","article_published_time":"2022-11-03T12:10:35+00:00","og_image":[{"width":1800,"height":1012,"url":"https:\/\/www.jazzzeitung.de\/cms\/wp-content\/uploads\/2022\/11\/Collage-Ohta-2-Lindermayr.jpg","type":"image\/jpeg"}],"author":"Thomas J. Krebs","schema":{"@context":"https:\/\/schema.org","@graph":[{"@type":"Article","@id":"https:\/\/www.jazzzeitung.de\/cms\/2022\/11\/masako-ohta-matthias-lindermayr-cd-mmmmh\/#article","isPartOf":{"@id":"https:\/\/www.jazzzeitung.de\/cms\/2022\/11\/masako-ohta-matthias-lindermayr-cd-mmmmh\/"},"author":{"name":"Thomas J. Krebs","@id":"https:\/\/www.jazzzeitung.de\/cms\/#\/schema\/person\/ba94c5bbea92d014d6a3d1f0105daa18"},"headline":"Masako Ohta &#038; Matthias Lindermayr &#8211; CD &#8222;MMMMH&#8220;","datePublished":"2022-11-03T12:10:35+00:00","mainEntityOfPage":{"@id":"https:\/\/www.jazzzeitung.de\/cms\/2022\/11\/masako-ohta-matthias-lindermayr-cd-mmmmh\/"},"wordCount":455,"commentCount":0,"publisher":{"@id":"https:\/\/www.jazzzeitung.de\/cms\/#organization"},"image":{"@id":"https:\/\/www.jazzzeitung.de\/cms\/2022\/11\/masako-ohta-matthias-lindermayr-cd-mmmmh\/#primaryimage"},"thumbnailUrl":"https:\/\/i0.wp.com\/www.jazzzeitung.de\/cms\/wp-content\/uploads\/2022\/11\/Collage-Ohta-2-Lindermayr.jpg?fit=1800%2C1012&ssl=1","keywords":["Besprechung","CD","CD-Rezension","Jazzzeitung","JazzZeitung.de","Masako Ohta","Matthias Lindermayr","MMMMH","Thomas J. Krebs"],"articleSection":["Rezension"],"inLanguage":"de","potentialAction":[{"@type":"CommentAction","name":"Comment","target":["https:\/\/www.jazzzeitung.de\/cms\/2022\/11\/masako-ohta-matthias-lindermayr-cd-mmmmh\/#respond"]}]},{"@type":"WebPage","@id":"https:\/\/www.jazzzeitung.de\/cms\/2022\/11\/masako-ohta-matthias-lindermayr-cd-mmmmh\/","url":"https:\/\/www.jazzzeitung.de\/cms\/2022\/11\/masako-ohta-matthias-lindermayr-cd-mmmmh\/","name":"Masako Ohta & Matthias Lindermayr - CD \"MMMMH\" - JazzZeitung","isPartOf":{"@id":"https:\/\/www.jazzzeitung.de\/cms\/#website"},"primaryImageOfPage":{"@id":"https:\/\/www.jazzzeitung.de\/cms\/2022\/11\/masako-ohta-matthias-lindermayr-cd-mmmmh\/#primaryimage"},"image":{"@id":"https:\/\/www.jazzzeitung.de\/cms\/2022\/11\/masako-ohta-matthias-lindermayr-cd-mmmmh\/#primaryimage"},"thumbnailUrl":"https:\/\/i0.wp.com\/www.jazzzeitung.de\/cms\/wp-content\/uploads\/2022\/11\/Collage-Ohta-2-Lindermayr.jpg?fit=1800%2C1012&ssl=1","datePublished":"2022-11-03T12:10:35+00:00","breadcrumb":{"@id":"https:\/\/www.jazzzeitung.de\/cms\/2022\/11\/masako-ohta-matthias-lindermayr-cd-mmmmh\/#breadcrumb"},"inLanguage":"de","potentialAction":[{"@type":"ReadAction","target":["https:\/\/www.jazzzeitung.de\/cms\/2022\/11\/masako-ohta-matthias-lindermayr-cd-mmmmh\/"]}]},{"@type":"ImageObject","inLanguage":"de","@id":"https:\/\/www.jazzzeitung.de\/cms\/2022\/11\/masako-ohta-matthias-lindermayr-cd-mmmmh\/#primaryimage","url":"https:\/\/i0.wp.com\/www.jazzzeitung.de\/cms\/wp-content\/uploads\/2022\/11\/Collage-Ohta-2-Lindermayr.jpg?fit=1800%2C1012&ssl=1","contentUrl":"https:\/\/i0.wp.com\/www.jazzzeitung.de\/cms\/wp-content\/uploads\/2022\/11\/Collage-Ohta-2-Lindermayr.jpg?fit=1800%2C1012&ssl=1","width":1800,"height":1012},{"@type":"BreadcrumbList","@id":"https:\/\/www.jazzzeitung.de\/cms\/2022\/11\/masako-ohta-matthias-lindermayr-cd-mmmmh\/#breadcrumb","itemListElement":[{"@type":"ListItem","position":1,"name":"Startseite","item":"https:\/\/www.jazzzeitung.de\/cms\/"},{"@type":"ListItem","position":2,"name":"Masako Ohta &#038; Matthias Lindermayr &#8211; CD &#8222;MMMMH&#8220;"}]},{"@type":"WebSite","@id":"https:\/\/www.jazzzeitung.de\/cms\/#website","url":"https:\/\/www.jazzzeitung.de\/cms\/","name":"JazzZeitung","description":"Jazz-News und Jazz-Kontroverses","publisher":{"@id":"https:\/\/www.jazzzeitung.de\/cms\/#organization"},"potentialAction":[{"@type":"SearchAction","target":{"@type":"EntryPoint","urlTemplate":"https:\/\/www.jazzzeitung.de\/cms\/?s={search_term_string}"},"query-input":{"@type":"PropertyValueSpecification","valueRequired":true,"valueName":"search_term_string"}}],"inLanguage":"de"},{"@type":"Organization","@id":"https:\/\/www.jazzzeitung.de\/cms\/#organization","name":"JazzZeitung online","url":"https:\/\/www.jazzzeitung.de\/cms\/","logo":{"@type":"ImageObject","inLanguage":"de","@id":"https:\/\/www.jazzzeitung.de\/cms\/#\/schema\/logo\/image\/","url":"https:\/\/i0.wp.com\/www.jazzzeitung.de\/cms\/wp-content\/uploads\/2015\/08\/JAZZZEITUNGDE_Logo_Neu.png?fit=499%2C200&ssl=1","contentUrl":"https:\/\/i0.wp.com\/www.jazzzeitung.de\/cms\/wp-content\/uploads\/2015\/08\/JAZZZEITUNGDE_Logo_Neu.png?fit=499%2C200&ssl=1","width":499,"height":200,"caption":"JazzZeitung online"},"image":{"@id":"https:\/\/www.jazzzeitung.de\/cms\/#\/schema\/logo\/image\/"},"sameAs":["https:\/\/www.facebook.com\/JazzZeitung\/"]},{"@type":"Person","@id":"https:\/\/www.jazzzeitung.de\/cms\/#\/schema\/person\/ba94c5bbea92d014d6a3d1f0105daa18","name":"Thomas J. Krebs","image":{"@type":"ImageObject","inLanguage":"de","@id":"https:\/\/secure.gravatar.com\/avatar\/e362b221c114fbcde56be31a2eacbbab541308e5bf72f20d4519b16cdeb5c667?s=96&d=wp_user_avatar&r=ga12b8f4e2750c9ca30f9e22cab2177c6","url":"https:\/\/secure.gravatar.com\/avatar\/e362b221c114fbcde56be31a2eacbbab541308e5bf72f20d4519b16cdeb5c667?s=96&d=wp_user_avatar&r=g","contentUrl":"https:\/\/secure.gravatar.com\/avatar\/e362b221c114fbcde56be31a2eacbbab541308e5bf72f20d4519b16cdeb5c667?s=96&d=wp_user_avatar&r=g","caption":"Thomas J. Krebs"},"url":"https:\/\/www.jazzzeitung.de\/cms\/author\/krebs\/"}]}},"wp-worthy-pixel":{"ignored":false,"public":null,"server":null,"url":null},"wp-worthy-type":"normal","jetpack_publicize_connections":[],"cc_featured_image_caption":{"caption_text":"","source_text":"","source_url":""},"jetpack_featured_media_url":"https:\/\/i0.wp.com\/www.jazzzeitung.de\/cms\/wp-content\/uploads\/2022\/11\/Collage-Ohta-2-Lindermayr.jpg?fit=1800%2C1012&ssl=1","jetpack_shortlink":"https:\/\/wp.me\/p3KEcT-7r9","jetpack-related-posts":[{"id":32237,"url":"https:\/\/www.jazzzeitung.de\/cms\/2025\/02\/masako-ohta-matthias-lindermayr-mit-neuen-duo-album-nozomi\/","url_meta":{"origin":28591,"position":0},"title":"Masako Ohta &#038; Matthias Lindermayr mit neuen Duo-Album: Nozomi","author":"Redaktion JazzZeitung","date":"18. Februar 2025","format":false,"excerpt":"(Von Thomas J. Krebs) Am Abend des 13. Februar fand im M\u00fcnchner Theater Schwere Reiter das Release Konzert des neuen Albums der Pianistin Masako Ohta und dem Trompeter Matthias Lindermayr statt. Ein ganz normaler Tag bis 10.30 Uhr, als sich in M\u00fcnchen, in mittelbarer N\u00e4he des Theaters, der Anschlag am\u2026","rel":"","context":"In &quot;Bericht&quot;","block_context":{"text":"Bericht","link":"https:\/\/www.jazzzeitung.de\/cms\/thema\/bericht\/"},"img":{"alt_text":"","src":"https:\/\/i0.wp.com\/www.jazzzeitung.de\/cms\/wp-content\/uploads\/2025\/02\/P1500135-Ohta-Lindermayr-Foto-TJ-Krebs.jpg?fit=1200%2C799&ssl=1&resize=350%2C200","width":350,"height":200,"srcset":"https:\/\/i0.wp.com\/www.jazzzeitung.de\/cms\/wp-content\/uploads\/2025\/02\/P1500135-Ohta-Lindermayr-Foto-TJ-Krebs.jpg?fit=1200%2C799&ssl=1&resize=350%2C200 1x, https:\/\/i0.wp.com\/www.jazzzeitung.de\/cms\/wp-content\/uploads\/2025\/02\/P1500135-Ohta-Lindermayr-Foto-TJ-Krebs.jpg?fit=1200%2C799&ssl=1&resize=525%2C300 1.5x, https:\/\/i0.wp.com\/www.jazzzeitung.de\/cms\/wp-content\/uploads\/2025\/02\/P1500135-Ohta-Lindermayr-Foto-TJ-Krebs.jpg?fit=1200%2C799&ssl=1&resize=700%2C400 2x, https:\/\/i0.wp.com\/www.jazzzeitung.de\/cms\/wp-content\/uploads\/2025\/02\/P1500135-Ohta-Lindermayr-Foto-TJ-Krebs.jpg?fit=1200%2C799&ssl=1&resize=1050%2C600 3x"},"classes":[]},{"id":30248,"url":"https:\/\/www.jazzzeitung.de\/cms\/2023\/11\/rueckblick-auf-das-34-jim-jazzfest-in-muenchen\/","url_meta":{"origin":28591,"position":1},"title":"R\u00fcckblick auf das 34. JIM-Jazzfest in M\u00fcnchen","author":"Redaktion JazzZeitung","date":"9. November 2023","format":false,"excerpt":"R\u00fcckkehr in die alte Heimat und Eintritt in eine hoffentlich j\u00fcngere Zukunft: Das 34. Jazzfest M\u00fcnchen der Jazzmusiker-Initiative JIM fand 2023 an vier Abenden abwechselnd auf zwei ganz unterschiedlichen B\u00fchnen statt - in der Black Box des Fat Cat, ehemals Gasteig, und im Blitz-Club im Deutschen Museum. Beide boten mit\u2026","rel":"","context":"In &quot;Bericht&quot;","block_context":{"text":"Bericht","link":"https:\/\/www.jazzzeitung.de\/cms\/thema\/bericht\/"},"img":{"alt_text":"","src":"https:\/\/i0.wp.com\/www.jazzzeitung.de\/cms\/wp-content\/uploads\/2023\/11\/HESSEJulian%C2%A9Godehard.Lutz%40bayern-mail.de_IMGP4611B-scaled.jpg?fit=1200%2C795&ssl=1&resize=350%2C200","width":350,"height":200,"srcset":"https:\/\/i0.wp.com\/www.jazzzeitung.de\/cms\/wp-content\/uploads\/2023\/11\/HESSEJulian%C2%A9Godehard.Lutz%40bayern-mail.de_IMGP4611B-scaled.jpg?fit=1200%2C795&ssl=1&resize=350%2C200 1x, https:\/\/i0.wp.com\/www.jazzzeitung.de\/cms\/wp-content\/uploads\/2023\/11\/HESSEJulian%C2%A9Godehard.Lutz%40bayern-mail.de_IMGP4611B-scaled.jpg?fit=1200%2C795&ssl=1&resize=525%2C300 1.5x, https:\/\/i0.wp.com\/www.jazzzeitung.de\/cms\/wp-content\/uploads\/2023\/11\/HESSEJulian%C2%A9Godehard.Lutz%40bayern-mail.de_IMGP4611B-scaled.jpg?fit=1200%2C795&ssl=1&resize=700%2C400 2x, https:\/\/i0.wp.com\/www.jazzzeitung.de\/cms\/wp-content\/uploads\/2023\/11\/HESSEJulian%C2%A9Godehard.Lutz%40bayern-mail.de_IMGP4611B-scaled.jpg?fit=1200%2C795&ssl=1&resize=1050%2C600 3x"},"classes":[]},{"id":6546,"url":"https:\/\/www.jazzzeitung.de\/cms\/2015\/07\/newcomer-des-monats-matthias-lindermayr\/","url_meta":{"origin":28591,"position":2},"title":"Newcomer des Monats: Matthias Lindermayr","author":"Redaktion JazzZeitung","date":"13. Juli 2015","format":false,"excerpt":"Ein Ton, einsam, weit und eindringlich ruft dieser Ton. Eine Verzierung, dann ein zweiter Ton. Lang angehalten, man h\u00f6rt wie die Luft flie\u00dft, wie w\u00fcrzig-rauer Sand weht einem dieser Ton ins Ohr. Kraft hat er und nach Sehnsucht klingt er, tiefgr\u00fcndig und lebendig. Er strahlt nicht nur, dieser Ton hat\u2026","rel":"","context":"In &quot;Newcomer des Monats&quot;","block_context":{"text":"Newcomer des Monats","link":"https:\/\/www.jazzzeitung.de\/cms\/thema\/newcomer\/"},"img":{"alt_text":"\u00a9_hannes_rohrer","src":"https:\/\/i0.wp.com\/www.jazzzeitung.de\/cms\/wp-content\/uploads\/2015\/07\/DSC4308_%C2%A9_hannes_rohrer.jpg?fit=1200%2C798&ssl=1&resize=350%2C200","width":350,"height":200,"srcset":"https:\/\/i0.wp.com\/www.jazzzeitung.de\/cms\/wp-content\/uploads\/2015\/07\/DSC4308_%C2%A9_hannes_rohrer.jpg?fit=1200%2C798&ssl=1&resize=350%2C200 1x, https:\/\/i0.wp.com\/www.jazzzeitung.de\/cms\/wp-content\/uploads\/2015\/07\/DSC4308_%C2%A9_hannes_rohrer.jpg?fit=1200%2C798&ssl=1&resize=525%2C300 1.5x, https:\/\/i0.wp.com\/www.jazzzeitung.de\/cms\/wp-content\/uploads\/2015\/07\/DSC4308_%C2%A9_hannes_rohrer.jpg?fit=1200%2C798&ssl=1&resize=700%2C400 2x, https:\/\/i0.wp.com\/www.jazzzeitung.de\/cms\/wp-content\/uploads\/2015\/07\/DSC4308_%C2%A9_hannes_rohrer.jpg?fit=1200%2C798&ssl=1&resize=1050%2C600 3x"},"classes":[]},{"id":7893,"url":"https:\/\/www.jazzzeitung.de\/cms\/2015\/12\/jazzfest-muenchen-2015-mit-vocal-schwerpunkt\/","url_meta":{"origin":28591,"position":3},"title":"Jazzfest M\u00fcnchen 2015 mit Vocal-Schwerpunkt","author":"Redaktion JazzZeitung","date":"3. Dezember 2015","format":false,"excerpt":"H\u00f6ren Sie Stimmen! - das diesj\u00e4hrige Jazzfest M\u00fcnchen meint damit: keine Einbildung unserer von Bildern, Zeichen und deren Echtzeitkommunikation zum schwarzen Loch geschrumpften IT-Weltkugel. Stattdessen Raumvergr\u00f6\u00dferung! An drei Tagen vom 10. bis 12. Dezember pr\u00e4sentiert das 26. Jazzfest der Jazzmusiker Initiative M\u00fcnchen in der Black Box im Gasteig mit neun\u2026","rel":"","context":"In &quot;News&quot;","block_context":{"text":"News","link":"https:\/\/www.jazzzeitung.de\/cms\/thema\/nachrichten\/"},"img":{"alt_text":"Ungew\u00f6hnliche Besetzung: Munich Composers Collective: Foto: MCC ","src":"https:\/\/i0.wp.com\/www.jazzzeitung.de\/cms\/wp-content\/uploads\/2015\/12\/MCC-150x150.jpg?resize=350%2C200","width":350,"height":200},"classes":[]},{"id":7948,"url":"https:\/\/www.jazzzeitung.de\/cms\/2015\/12\/alles-ist-jazz-irgendwie-jazzfest-muenchen-2015\/","url_meta":{"origin":28591,"position":4},"title":"\u201eAlles ist Jazz \u2013 irgendwie\u201c: Jazzfest M\u00fcnchen 2015","author":"Redaktion JazzZeitung","date":"14. Dezember 2015","format":false,"excerpt":"Von Godehard Lutz - \u201eAlles ist Jazz \u2013 irgendwie\u201c: Diese augenzwinkernde Aussage des Pianisten Andy Lutter kennzeichnete mehr oder weniger trefflich die beiden ersten Konzerte am Er\u00f6ffnungsabend des 26. Jazzfest der Jazzmusiker-Iniative M\u00fcnchen. Deren Vorsitzender und bew\u00e4hrter Festivalleiter ist Lutter seit langem. Im Verdacht, der Jazzpolizei anzugeh\u00f6ren, stehen eher und\u2026","rel":"","context":"In &quot;Bericht&quot;","block_context":{"text":"Bericht","link":"https:\/\/www.jazzzeitung.de\/cms\/thema\/bericht\/"},"img":{"alt_text":"","src":"https:\/\/i0.wp.com\/www.jazzzeitung.de\/cms\/wp-content\/uploads\/2015\/12\/ROSCHERMonikaMCC%C2%A9Godehard.Lutz%40bayern-mail.de_IMGP4113.jpg?resize=350%2C200","width":350,"height":200,"srcset":"https:\/\/i0.wp.com\/www.jazzzeitung.de\/cms\/wp-content\/uploads\/2015\/12\/ROSCHERMonikaMCC%C2%A9Godehard.Lutz%40bayern-mail.de_IMGP4113.jpg?resize=350%2C200 1x, https:\/\/i0.wp.com\/www.jazzzeitung.de\/cms\/wp-content\/uploads\/2015\/12\/ROSCHERMonikaMCC%C2%A9Godehard.Lutz%40bayern-mail.de_IMGP4113.jpg?resize=525%2C300 1.5x, https:\/\/i0.wp.com\/www.jazzzeitung.de\/cms\/wp-content\/uploads\/2015\/12\/ROSCHERMonikaMCC%C2%A9Godehard.Lutz%40bayern-mail.de_IMGP4113.jpg?resize=700%2C400 2x, https:\/\/i0.wp.com\/www.jazzzeitung.de\/cms\/wp-content\/uploads\/2015\/12\/ROSCHERMonikaMCC%C2%A9Godehard.Lutz%40bayern-mail.de_IMGP4113.jpg?resize=1050%2C600 3x, https:\/\/i0.wp.com\/www.jazzzeitung.de\/cms\/wp-content\/uploads\/2015\/12\/ROSCHERMonikaMCC%C2%A9Godehard.Lutz%40bayern-mail.de_IMGP4113.jpg?resize=1400%2C800 4x"},"classes":[]},{"id":16402,"url":"https:\/\/www.jazzzeitung.de\/cms\/2018\/06\/bassist-martin-brugger-ist-preistraeger-des-bmw-welt-young-artist-jazz-award-2018\/","url_meta":{"origin":28591,"position":5},"title":"Bassist Martin Brugger ist Preistr\u00e4ger des BMW Welt Young Artist Jazz Award 2018","author":"Redaktion JazzZeitung","date":"18. Juni 2018","format":false,"excerpt":"Mit dem Ziel, regionale Nachwuchsmusiker zu f\u00f6rdern, wird 2018 Martin Brugger von der BMW Group und der Stadt M\u00fcnchen geehrt. Die Auswahl erfolgte durch die Jury des BMW Welt Jazz Awards. Neben Konzerten im M\u00fcnchner Jazzclub Unterfahrt und bei den Leipziger Jazztagen bekommt Brugger zudem ein Preisgeld von 3.000 Euro.\u2026","rel":"","context":"In &quot;News&quot;","block_context":{"text":"News","link":"https:\/\/www.jazzzeitung.de\/cms\/thema\/nachrichten\/"},"img":{"alt_text":"","src":"https:\/\/i0.wp.com\/www.jazzzeitung.de\/cms\/wp-content\/uploads\/2018\/06\/P90310579_highRes_bmw-welt-young-artis.jpg?fit=800%2C1200&ssl=1&resize=350%2C200","width":350,"height":200,"srcset":"https:\/\/i0.wp.com\/www.jazzzeitung.de\/cms\/wp-content\/uploads\/2018\/06\/P90310579_highRes_bmw-welt-young-artis.jpg?fit=800%2C1200&ssl=1&resize=350%2C200 1x, https:\/\/i0.wp.com\/www.jazzzeitung.de\/cms\/wp-content\/uploads\/2018\/06\/P90310579_highRes_bmw-welt-young-artis.jpg?fit=800%2C1200&ssl=1&resize=525%2C300 1.5x, https:\/\/i0.wp.com\/www.jazzzeitung.de\/cms\/wp-content\/uploads\/2018\/06\/P90310579_highRes_bmw-welt-young-artis.jpg?fit=800%2C1200&ssl=1&resize=700%2C400 2x"},"classes":[]}],"jetpack_sharing_enabled":true,"_links":{"self":[{"href":"https:\/\/www.jazzzeitung.de\/cms\/wp-json\/wp\/v2\/posts\/28591","targetHints":{"allow":["GET"]}}],"collection":[{"href":"https:\/\/www.jazzzeitung.de\/cms\/wp-json\/wp\/v2\/posts"}],"about":[{"href":"https:\/\/www.jazzzeitung.de\/cms\/wp-json\/wp\/v2\/types\/post"}],"author":[{"embeddable":true,"href":"https:\/\/www.jazzzeitung.de\/cms\/wp-json\/wp\/v2\/users\/35"}],"replies":[{"embeddable":true,"href":"https:\/\/www.jazzzeitung.de\/cms\/wp-json\/wp\/v2\/comments?post=28591"}],"version-history":[{"count":2,"href":"https:\/\/www.jazzzeitung.de\/cms\/wp-json\/wp\/v2\/posts\/28591\/revisions"}],"predecessor-version":[{"id":28596,"href":"https:\/\/www.jazzzeitung.de\/cms\/wp-json\/wp\/v2\/posts\/28591\/revisions\/28596"}],"wp:featuredmedia":[{"embeddable":true,"href":"https:\/\/www.jazzzeitung.de\/cms\/wp-json\/wp\/v2\/media\/28592"}],"wp:attachment":[{"href":"https:\/\/www.jazzzeitung.de\/cms\/wp-json\/wp\/v2\/media?parent=28591"}],"wp:term":[{"taxonomy":"category","embeddable":true,"href":"https:\/\/www.jazzzeitung.de\/cms\/wp-json\/wp\/v2\/categories?post=28591"},{"taxonomy":"post_tag","embeddable":true,"href":"https:\/\/www.jazzzeitung.de\/cms\/wp-json\/wp\/v2\/tags?post=28591"},{"taxonomy":"author","embeddable":true,"href":"https:\/\/www.jazzzeitung.de\/cms\/wp-json\/wp\/v2\/coauthors?post=28591"}],"curies":[{"name":"wp","href":"https:\/\/api.w.org\/{rel}","templated":true}]}}