{"id":28546,"date":"2022-10-27T14:58:56","date_gmt":"2022-10-27T12:58:56","guid":{"rendered":"https:\/\/www.jazzzeitung.de\/cms\/?p=28546"},"modified":"2022-10-27T14:56:32","modified_gmt":"2022-10-27T12:56:32","slug":"iiro-rantalas-flock-gestern-in-der-muenchener-unterfahrt-heute-im-jazzclub-leerer-beutel-in-regensburg","status":"publish","type":"post","link":"https:\/\/www.jazzzeitung.de\/cms\/2022\/10\/iiro-rantalas-flock-gestern-in-der-muenchener-unterfahrt-heute-im-jazzclub-leerer-beutel-in-regensburg\/","title":{"rendered":"Iiro Rantala\u2019s FLOCK &#8211; gestern in der M\u00fcnchener Unterfahrt, heute im Jazzclub Leerer Beutel in Regensburg"},"content":{"rendered":"<p>Veranstalten wird immer mehr zum Abenteuer. Der Vorverkauf zum Beispiel erweist sich inzwischen als Auslaufmodell. Zuschauer:innen entschlie\u00dfen sich immer kurzfristiger zum Kulturgenuss, mal abgesehen vom Partysegment. Die Kalkulierbarkeit von Tourneen nimmt ab, der Geldwert auch, es hagelt bereits Absagen zugunsten der Streaming-Couch. Reisen wird schwieriger, von Flugscham bis zur Versp\u00e4tungslotterie des Zugverkehrs. Und die Unterbringung? \u201eWir h\u00e4tten auch zwei Sets gespielt\u201c, meinte Iiro Rantala in der M\u00fcnchner Unterfahrt. \u201eAber es gibt in M\u00fcnchen keine Hotelzimmer!\u201c Also ein durchgehendes Instant-Konzert, danach freundliches, aber z\u00fcgiges Signieren und ab zum n\u00e4chtlichen Bahnhof, Richtung Regensburg, der n\u00e4chsten Station der Kurztournee, wo immerhin ein paar sp\u00e4te Gastzimmer auf den finnischen Piano-Charmeur und sein junges Quartett warteten.<\/p>\n<div class=\"tiled-gallery type-rectangular tiled-gallery-unresized\" data-original-width=\"840\" data-carousel-extra='{&quot;blog_id&quot;:1,&quot;permalink&quot;:&quot;https:\\\/\\\/www.jazzzeitung.de\\\/cms\\\/2022\\\/10\\\/iiro-rantalas-flock-gestern-in-der-muenchener-unterfahrt-heute-im-jazzclub-leerer-beutel-in-regensburg\\\/&quot;,&quot;likes_blog_id&quot;:55446655}' itemscope itemtype=\"http:\/\/schema.org\/ImageGallery\" > <div class=\"gallery-row\" style=\"width: 840px; height: 375px;\" data-original-width=\"840\" data-original-height=\"375\" > <div class=\"gallery-group images-1\" style=\"width: 561px; height: 375px;\" data-original-width=\"561\" data-original-height=\"375\" > <div class=\"tiled-gallery-item tiled-gallery-item-large\" itemprop=\"associatedMedia\" itemscope itemtype=\"http:\/\/schema.org\/ImageObject\"> <a href=\"https:\/\/www.jazzzeitung.de\/cms\/2022\/10\/iiro-rantalas-flock-gestern-in-der-muenchener-unterfahrt-heute-im-jazzclub-leerer-beutel-in-regensburg\/dsc01113-2\/\" border=\"0\" itemprop=\"url\"> <meta itemprop=\"width\" content=\"557\"> <meta itemprop=\"height\" content=\"371\"> <img decoding=\"async\" class=\"\" data-attachment-id=\"28559\" data-orig-file=\"https:\/\/www.jazzzeitung.de\/cms\/wp-content\/uploads\/2022\/10\/DSC01113.jpg\" data-orig-size=\"1280,853\" data-comments-opened=\"1\" data-image-meta=\"{&quot;aperture&quot;:&quot;4&quot;,&quot;credit&quot;:&quot;&quot;,&quot;camera&quot;:&quot;ILCE-7M3&quot;,&quot;caption&quot;:&quot;Flock, Iiro Rantala (p), Maja Mannila (keys, voc), Johannes Granroth (b), Severi Sorjonen (dr), Jazzclub Unterfahrt, Photo (c) Ralf Dombrowski&quot;,&quot;created_timestamp&quot;:&quot;1666816105&quot;,&quot;copyright&quot;:&quot;&quot;,&quot;focal_length&quot;:&quot;16&quot;,&quot;iso&quot;:&quot;3200&quot;,&quot;shutter_speed&quot;:&quot;0.005&quot;,&quot;title&quot;:&quot;&quot;,&quot;orientation&quot;:&quot;1&quot;}\" data-image-title=\"DSC01113\" data-image-description=\"\" data-medium-file=\"https:\/\/i0.wp.com\/www.jazzzeitung.de\/cms\/wp-content\/uploads\/2022\/10\/DSC01113.jpg?fit=300%2C200&#038;ssl=1\" data-large-file=\"https:\/\/i0.wp.com\/www.jazzzeitung.de\/cms\/wp-content\/uploads\/2022\/10\/DSC01113.jpg?fit=840%2C560&#038;ssl=1\" src=\"https:\/\/i0.wp.com\/www.jazzzeitung.de\/cms\/wp-content\/uploads\/2022\/10\/DSC01113.jpg?w=557&#038;h=371&#038;ssl=1\" srcset=\"https:\/\/i0.wp.com\/www.jazzzeitung.de\/cms\/wp-content\/uploads\/2022\/10\/DSC01113.jpg?w=1280&amp;ssl=1 1280w, https:\/\/i0.wp.com\/www.jazzzeitung.de\/cms\/wp-content\/uploads\/2022\/10\/DSC01113.jpg?resize=300%2C200&amp;ssl=1 300w, https:\/\/i0.wp.com\/www.jazzzeitung.de\/cms\/wp-content\/uploads\/2022\/10\/DSC01113.jpg?resize=900%2C600&amp;ssl=1 900w, https:\/\/i0.wp.com\/www.jazzzeitung.de\/cms\/wp-content\/uploads\/2022\/10\/DSC01113.jpg?resize=768%2C512&amp;ssl=1 768w, https:\/\/i0.wp.com\/www.jazzzeitung.de\/cms\/wp-content\/uploads\/2022\/10\/DSC01113.jpg?resize=120%2C80&amp;ssl=1 120w\" width=\"557\" height=\"371\" loading=\"lazy\" data-original-width=\"557\" data-original-height=\"371\" itemprop=\"http:\/\/schema.org\/image\" title=\"DSC01113\" alt=\"Flock, Iiro Rantala (p), Maja Mannila (keys, voc), Johannes Granroth (b), Severi Sorjonen (dr), Jazzclub Unterfahrt, Photo (c) Ralf Dombrowski\" style=\"width: 557px; height: 371px;\" \/> <\/a> <div class=\"tiled-gallery-caption\" itemprop=\"caption description\"> Flock, Iiro Rantala (p), Maja Mannila (keys, voc), Johannes Granroth (b), Severi Sorjonen (dr), Jazzclub Unterfahrt, Photo (c) Ralf Dombrowski <\/div> <\/div> <\/div> <!-- close group --> <div class=\"gallery-group images-2\" style=\"width: 279px; height: 375px;\" data-original-width=\"279\" data-original-height=\"375\" > <div class=\"tiled-gallery-item tiled-gallery-item-large\" itemprop=\"associatedMedia\" itemscope itemtype=\"http:\/\/schema.org\/ImageObject\"> <a href=\"https:\/\/www.jazzzeitung.de\/cms\/2022\/10\/iiro-rantalas-flock-gestern-in-der-muenchener-unterfahrt-heute-im-jazzclub-leerer-beutel-in-regensburg\/dsc01155\/\" border=\"0\" itemprop=\"url\"> <meta itemprop=\"width\" content=\"275\"> <meta itemprop=\"height\" content=\"184\"> <img decoding=\"async\" class=\"\" data-attachment-id=\"28561\" data-orig-file=\"https:\/\/www.jazzzeitung.de\/cms\/wp-content\/uploads\/2022\/10\/DSC01155.jpg\" data-orig-size=\"1280,853\" data-comments-opened=\"1\" data-image-meta=\"{&quot;aperture&quot;:&quot;5.6&quot;,&quot;credit&quot;:&quot;&quot;,&quot;camera&quot;:&quot;ILCE-7M3&quot;,&quot;caption&quot;:&quot;Flock, Iiro Rantala (p), Maja Mannila (keys, voc), Johannes Granroth (b), Severi Sorjonen (dr), Jazzclub Unterfahrt, Photo (c) Ralf Dombrowski&quot;,&quot;created_timestamp&quot;:&quot;1666816644&quot;,&quot;copyright&quot;:&quot;&quot;,&quot;focal_length&quot;:&quot;163&quot;,&quot;iso&quot;:&quot;6400&quot;,&quot;shutter_speed&quot;:&quot;0.005&quot;,&quot;title&quot;:&quot;&quot;,&quot;orientation&quot;:&quot;1&quot;}\" data-image-title=\"DSC01155\" data-image-description=\"\" data-medium-file=\"https:\/\/i0.wp.com\/www.jazzzeitung.de\/cms\/wp-content\/uploads\/2022\/10\/DSC01155.jpg?fit=300%2C200&#038;ssl=1\" data-large-file=\"https:\/\/i0.wp.com\/www.jazzzeitung.de\/cms\/wp-content\/uploads\/2022\/10\/DSC01155.jpg?fit=840%2C560&#038;ssl=1\" src=\"https:\/\/i0.wp.com\/www.jazzzeitung.de\/cms\/wp-content\/uploads\/2022\/10\/DSC01155.jpg?w=275&#038;h=184&#038;ssl=1\" srcset=\"https:\/\/i0.wp.com\/www.jazzzeitung.de\/cms\/wp-content\/uploads\/2022\/10\/DSC01155.jpg?w=1280&amp;ssl=1 1280w, https:\/\/i0.wp.com\/www.jazzzeitung.de\/cms\/wp-content\/uploads\/2022\/10\/DSC01155.jpg?resize=300%2C200&amp;ssl=1 300w, https:\/\/i0.wp.com\/www.jazzzeitung.de\/cms\/wp-content\/uploads\/2022\/10\/DSC01155.jpg?resize=900%2C600&amp;ssl=1 900w, https:\/\/i0.wp.com\/www.jazzzeitung.de\/cms\/wp-content\/uploads\/2022\/10\/DSC01155.jpg?resize=768%2C512&amp;ssl=1 768w, https:\/\/i0.wp.com\/www.jazzzeitung.de\/cms\/wp-content\/uploads\/2022\/10\/DSC01155.jpg?resize=120%2C80&amp;ssl=1 120w\" width=\"275\" height=\"184\" loading=\"lazy\" data-original-width=\"275\" data-original-height=\"184\" itemprop=\"http:\/\/schema.org\/image\" title=\"DSC01155\" alt=\"Flock, Iiro Rantala (p), Maja Mannila (keys, voc), Johannes Granroth (b), Severi Sorjonen (dr), Jazzclub Unterfahrt, Photo (c) Ralf Dombrowski\" style=\"width: 275px; height: 184px;\" \/> <\/a> <div class=\"tiled-gallery-caption\" itemprop=\"caption description\"> Flock, Iiro Rantala (p), Maja Mannila (keys, voc), Johannes Granroth (b), Severi Sorjonen (dr), Jazzclub Unterfahrt, Photo (c) Ralf Dombrowski <\/div> <\/div> <div class=\"tiled-gallery-item tiled-gallery-item-large\" itemprop=\"associatedMedia\" itemscope itemtype=\"http:\/\/schema.org\/ImageObject\"> <a href=\"https:\/\/www.jazzzeitung.de\/cms\/2022\/10\/iiro-rantalas-flock-gestern-in-der-muenchener-unterfahrt-heute-im-jazzclub-leerer-beutel-in-regensburg\/dsc01234-2\/\" border=\"0\" itemprop=\"url\"> <meta itemprop=\"width\" content=\"275\"> <meta itemprop=\"height\" content=\"183\"> <img decoding=\"async\" class=\"\" data-attachment-id=\"28557\" data-orig-file=\"https:\/\/www.jazzzeitung.de\/cms\/wp-content\/uploads\/2022\/10\/DSC01234-1.jpg\" data-orig-size=\"1280,853\" data-comments-opened=\"1\" data-image-meta=\"{&quot;aperture&quot;:&quot;2.8&quot;,&quot;credit&quot;:&quot;&quot;,&quot;camera&quot;:&quot;ILCE-7M3&quot;,&quot;caption&quot;:&quot;Flock, Iiro Rantala (p), Maja Mannila (keys, voc), Johannes Granroth (b), Severi Sorjonen (dr), Jazzclub Unterfahrt, Photo (c) Ralf Dombrowski&quot;,&quot;created_timestamp&quot;:&quot;1666817931&quot;,&quot;copyright&quot;:&quot;&quot;,&quot;focal_length&quot;:&quot;35&quot;,&quot;iso&quot;:&quot;3200&quot;,&quot;shutter_speed&quot;:&quot;0.01&quot;,&quot;title&quot;:&quot;&quot;,&quot;orientation&quot;:&quot;1&quot;}\" data-image-title=\"DSC01234\" data-image-description=\"\" data-medium-file=\"https:\/\/i0.wp.com\/www.jazzzeitung.de\/cms\/wp-content\/uploads\/2022\/10\/DSC01234-1.jpg?fit=300%2C200&#038;ssl=1\" data-large-file=\"https:\/\/i0.wp.com\/www.jazzzeitung.de\/cms\/wp-content\/uploads\/2022\/10\/DSC01234-1.jpg?fit=840%2C560&#038;ssl=1\" src=\"https:\/\/i0.wp.com\/www.jazzzeitung.de\/cms\/wp-content\/uploads\/2022\/10\/DSC01234-1.jpg?w=275&#038;h=183&#038;ssl=1\" srcset=\"https:\/\/i0.wp.com\/www.jazzzeitung.de\/cms\/wp-content\/uploads\/2022\/10\/DSC01234-1.jpg?w=1280&amp;ssl=1 1280w, https:\/\/i0.wp.com\/www.jazzzeitung.de\/cms\/wp-content\/uploads\/2022\/10\/DSC01234-1.jpg?resize=300%2C200&amp;ssl=1 300w, https:\/\/i0.wp.com\/www.jazzzeitung.de\/cms\/wp-content\/uploads\/2022\/10\/DSC01234-1.jpg?resize=900%2C600&amp;ssl=1 900w, https:\/\/i0.wp.com\/www.jazzzeitung.de\/cms\/wp-content\/uploads\/2022\/10\/DSC01234-1.jpg?resize=768%2C512&amp;ssl=1 768w, https:\/\/i0.wp.com\/www.jazzzeitung.de\/cms\/wp-content\/uploads\/2022\/10\/DSC01234-1.jpg?resize=120%2C80&amp;ssl=1 120w\" width=\"275\" height=\"183\" loading=\"lazy\" data-original-width=\"275\" data-original-height=\"183\" itemprop=\"http:\/\/schema.org\/image\" title=\"DSC01234\" alt=\"Flock, Iiro Rantala (p), Maja Mannila (keys, voc), Johannes Granroth (b), Severi Sorjonen (dr), Jazzclub Unterfahrt, Photo (c) Ralf Dombrowski\" style=\"width: 275px; height: 183px;\" \/> <\/a> <div class=\"tiled-gallery-caption\" itemprop=\"caption description\"> Flock, Iiro Rantala (p), Maja Mannila (keys, voc), Johannes Granroth (b), Severi Sorjonen (dr), Jazzclub Unterfahrt, Photo (c) Ralf Dombrowski <\/div> <\/div> <\/div> <!-- close group --> <\/div> <!-- close row --> <div class=\"gallery-row\" style=\"width: 840px; height: 561px;\" data-original-width=\"840\" data-original-height=\"561\" > <div class=\"gallery-group images-1\" style=\"width: 840px; height: 561px;\" data-original-width=\"840\" data-original-height=\"561\" > <div class=\"tiled-gallery-item tiled-gallery-item-large\" itemprop=\"associatedMedia\" itemscope itemtype=\"http:\/\/schema.org\/ImageObject\"> <a href=\"https:\/\/www.jazzzeitung.de\/cms\/2022\/10\/iiro-rantalas-flock-gestern-in-der-muenchener-unterfahrt-heute-im-jazzclub-leerer-beutel-in-regensburg\/dsc00892\/\" border=\"0\" itemprop=\"url\"> <meta itemprop=\"width\" content=\"836\"> <meta itemprop=\"height\" content=\"557\"> <img decoding=\"async\" class=\"\" data-attachment-id=\"28564\" data-orig-file=\"https:\/\/www.jazzzeitung.de\/cms\/wp-content\/uploads\/2022\/10\/DSC00892.jpg\" data-orig-size=\"1280,853\" data-comments-opened=\"1\" data-image-meta=\"{&quot;aperture&quot;:&quot;5&quot;,&quot;credit&quot;:&quot;&quot;,&quot;camera&quot;:&quot;ILCE-7M3&quot;,&quot;caption&quot;:&quot;Flock, Iiro Rantala (p), Maja Mannila (keys, voc), Johannes Granroth (b), Severi Sorjonen (dr), Jazzclub Unterfahrt, Photo (c) Ralf Dombrowski&quot;,&quot;created_timestamp&quot;:&quot;1666814272&quot;,&quot;copyright&quot;:&quot;&quot;,&quot;focal_length&quot;:&quot;103&quot;,&quot;iso&quot;:&quot;3200&quot;,&quot;shutter_speed&quot;:&quot;0.00625&quot;,&quot;title&quot;:&quot;&quot;,&quot;orientation&quot;:&quot;1&quot;}\" data-image-title=\"DSC00892\" data-image-description=\"\" data-medium-file=\"https:\/\/i0.wp.com\/www.jazzzeitung.de\/cms\/wp-content\/uploads\/2022\/10\/DSC00892.jpg?fit=300%2C200&#038;ssl=1\" data-large-file=\"https:\/\/i0.wp.com\/www.jazzzeitung.de\/cms\/wp-content\/uploads\/2022\/10\/DSC00892.jpg?fit=840%2C560&#038;ssl=1\" src=\"https:\/\/i0.wp.com\/www.jazzzeitung.de\/cms\/wp-content\/uploads\/2022\/10\/DSC00892.jpg?w=836&#038;h=557&#038;ssl=1\" srcset=\"https:\/\/i0.wp.com\/www.jazzzeitung.de\/cms\/wp-content\/uploads\/2022\/10\/DSC00892.jpg?w=1280&amp;ssl=1 1280w, https:\/\/i0.wp.com\/www.jazzzeitung.de\/cms\/wp-content\/uploads\/2022\/10\/DSC00892.jpg?resize=300%2C200&amp;ssl=1 300w, https:\/\/i0.wp.com\/www.jazzzeitung.de\/cms\/wp-content\/uploads\/2022\/10\/DSC00892.jpg?resize=900%2C600&amp;ssl=1 900w, https:\/\/i0.wp.com\/www.jazzzeitung.de\/cms\/wp-content\/uploads\/2022\/10\/DSC00892.jpg?resize=768%2C512&amp;ssl=1 768w, https:\/\/i0.wp.com\/www.jazzzeitung.de\/cms\/wp-content\/uploads\/2022\/10\/DSC00892.jpg?resize=120%2C80&amp;ssl=1 120w\" width=\"836\" height=\"557\" loading=\"lazy\" data-original-width=\"836\" data-original-height=\"557\" itemprop=\"http:\/\/schema.org\/image\" title=\"DSC00892\" alt=\"Flock, Iiro Rantala (p), Maja Mannila (keys, voc), Johannes Granroth (b), Severi Sorjonen (dr), Jazzclub Unterfahrt, Photo (c) Ralf Dombrowski\" style=\"width: 836px; height: 557px;\" \/> <\/a> <div class=\"tiled-gallery-caption\" itemprop=\"caption description\"> Flock, Iiro Rantala (p), Maja Mannila (keys, voc), Johannes Granroth (b), Severi Sorjonen (dr), Jazzclub Unterfahrt, Photo (c) Ralf Dombrowski <\/div> <\/div> <\/div> <!-- close group --> <\/div> <!-- close row --> <\/div>\n<p>Die Energie auf der B\u00fchne allerdings konnte die fremdbestimmte Eile nicht einbremsen. Rantala war in Form, hatte das Trio der S\u00e4ngerin und Keyboarderin Maja Mannila als Basis seines aktuellen Quartetts FLOCK und au\u00dferdem ein buntes Programm aus neuen St\u00fccken und bew\u00e4hrten Kompositionen mitgebracht. Stilistischer Ausgangspunkt war der unterhaltsame Fusionsound von damals, inzwischen dem Trio T\u00f6yke\u00e4tt wieder n\u00e4her als fr\u00fchere Projekte. Zwar spielte Rantala auch den \u201eNovember\u201c seines Songs-Solo-Zyklus zum finnischen Wetter oder die Widmungsst\u00fccke an seine beiden S\u00f6hne. Vieles andere war jedoch frisch, ein bisschen Retro-Bebop, etwas Entertainment-Ragtime und viel fr\u00f6hlich ausufernde, elegant phrasierende Pianistik in Verehrung von Kraftmeistern des Akkordspiels wie Richard Tee.<\/p>\n<div class=\"tiled-gallery type-rectangular tiled-gallery-unresized\" data-original-width=\"840\" data-carousel-extra='{&quot;blog_id&quot;:1,&quot;permalink&quot;:&quot;https:\\\/\\\/www.jazzzeitung.de\\\/cms\\\/2022\\\/10\\\/iiro-rantalas-flock-gestern-in-der-muenchener-unterfahrt-heute-im-jazzclub-leerer-beutel-in-regensburg\\\/&quot;,&quot;likes_blog_id&quot;:55446655}' itemscope itemtype=\"http:\/\/schema.org\/ImageGallery\" > <div class=\"gallery-row\" style=\"width: 840px; height: 375px;\" data-original-width=\"840\" data-original-height=\"375\" > <div class=\"gallery-group images-1\" style=\"width: 561px; height: 375px;\" data-original-width=\"561\" data-original-height=\"375\" > <div class=\"tiled-gallery-item tiled-gallery-item-large\" itemprop=\"associatedMedia\" itemscope itemtype=\"http:\/\/schema.org\/ImageObject\"> <a href=\"https:\/\/www.jazzzeitung.de\/cms\/2022\/10\/iiro-rantalas-flock-gestern-in-der-muenchener-unterfahrt-heute-im-jazzclub-leerer-beutel-in-regensburg\/dsc00809\/\" border=\"0\" itemprop=\"url\"> <meta itemprop=\"width\" content=\"557\"> <meta itemprop=\"height\" content=\"371\"> <img decoding=\"async\" class=\"\" data-attachment-id=\"28549\" data-orig-file=\"https:\/\/www.jazzzeitung.de\/cms\/wp-content\/uploads\/2022\/10\/DSC00809.jpg\" data-orig-size=\"1280,853\" data-comments-opened=\"1\" data-image-meta=\"{&quot;aperture&quot;:&quot;5&quot;,&quot;credit&quot;:&quot;&quot;,&quot;camera&quot;:&quot;ILCE-7M3&quot;,&quot;caption&quot;:&quot;Flock, Iiro Rantala (p), Maja Mannila (keys, voc), Johannes Granroth (b), Severi Sorjonen (dr), Jazzclub Unterfahrt, Photo (c) Ralf Dombrowski&quot;,&quot;created_timestamp&quot;:&quot;1666813795&quot;,&quot;copyright&quot;:&quot;&quot;,&quot;focal_length&quot;:&quot;105&quot;,&quot;iso&quot;:&quot;3200&quot;,&quot;shutter_speed&quot;:&quot;0.00625&quot;,&quot;title&quot;:&quot;&quot;,&quot;orientation&quot;:&quot;1&quot;}\" data-image-title=\"DSC00809\" data-image-description=\"\" data-medium-file=\"https:\/\/i0.wp.com\/www.jazzzeitung.de\/cms\/wp-content\/uploads\/2022\/10\/DSC00809.jpg?fit=300%2C200&#038;ssl=1\" data-large-file=\"https:\/\/i0.wp.com\/www.jazzzeitung.de\/cms\/wp-content\/uploads\/2022\/10\/DSC00809.jpg?fit=840%2C560&#038;ssl=1\" src=\"https:\/\/i0.wp.com\/www.jazzzeitung.de\/cms\/wp-content\/uploads\/2022\/10\/DSC00809.jpg?w=557&#038;h=371&#038;ssl=1\" srcset=\"https:\/\/i0.wp.com\/www.jazzzeitung.de\/cms\/wp-content\/uploads\/2022\/10\/DSC00809.jpg?w=1280&amp;ssl=1 1280w, https:\/\/i0.wp.com\/www.jazzzeitung.de\/cms\/wp-content\/uploads\/2022\/10\/DSC00809.jpg?resize=300%2C200&amp;ssl=1 300w, https:\/\/i0.wp.com\/www.jazzzeitung.de\/cms\/wp-content\/uploads\/2022\/10\/DSC00809.jpg?resize=900%2C600&amp;ssl=1 900w, https:\/\/i0.wp.com\/www.jazzzeitung.de\/cms\/wp-content\/uploads\/2022\/10\/DSC00809.jpg?resize=768%2C512&amp;ssl=1 768w, https:\/\/i0.wp.com\/www.jazzzeitung.de\/cms\/wp-content\/uploads\/2022\/10\/DSC00809.jpg?resize=120%2C80&amp;ssl=1 120w\" width=\"557\" height=\"371\" loading=\"lazy\" data-original-width=\"557\" data-original-height=\"371\" itemprop=\"http:\/\/schema.org\/image\" title=\"DSC00809\" alt=\"Flock, Iiro Rantala (p), Maja Mannila (keys, voc), Johannes Granroth (b), Severi Sorjonen (dr), Jazzclub Unterfahrt, Photo (c) Ralf Dombrowski\" style=\"width: 557px; height: 371px;\" \/> <\/a> <div class=\"tiled-gallery-caption\" itemprop=\"caption description\"> Flock, Iiro Rantala (p), Maja Mannila (keys, voc), Johannes Granroth (b), Severi Sorjonen (dr), Jazzclub Unterfahrt, Photo (c) Ralf Dombrowski <\/div> <\/div> <\/div> <!-- close group --> <div class=\"gallery-group images-2\" style=\"width: 279px; height: 375px;\" data-original-width=\"279\" data-original-height=\"375\" > <div class=\"tiled-gallery-item tiled-gallery-item-large\" itemprop=\"associatedMedia\" itemscope itemtype=\"http:\/\/schema.org\/ImageObject\"> <a href=\"https:\/\/www.jazzzeitung.de\/cms\/2022\/10\/iiro-rantalas-flock-gestern-in-der-muenchener-unterfahrt-heute-im-jazzclub-leerer-beutel-in-regensburg\/dsc01125\/\" border=\"0\" itemprop=\"url\"> <meta itemprop=\"width\" content=\"275\"> <meta itemprop=\"height\" content=\"184\"> <img decoding=\"async\" class=\"\" data-attachment-id=\"28550\" data-orig-file=\"https:\/\/www.jazzzeitung.de\/cms\/wp-content\/uploads\/2022\/10\/DSC01125.jpg\" data-orig-size=\"1280,853\" data-comments-opened=\"1\" data-image-meta=\"{&quot;aperture&quot;:&quot;5.6&quot;,&quot;credit&quot;:&quot;&quot;,&quot;camera&quot;:&quot;ILCE-7M3&quot;,&quot;caption&quot;:&quot;Flock, Iiro Rantala (p), Maja Mannila (keys, voc), Johannes Granroth (b), Severi Sorjonen (dr), Jazzclub Unterfahrt, Photo (c) Ralf Dombrowski&quot;,&quot;created_timestamp&quot;:&quot;1666816528&quot;,&quot;copyright&quot;:&quot;&quot;,&quot;focal_length&quot;:&quot;126&quot;,&quot;iso&quot;:&quot;4000&quot;,&quot;shutter_speed&quot;:&quot;0.005&quot;,&quot;title&quot;:&quot;&quot;,&quot;orientation&quot;:&quot;1&quot;}\" data-image-title=\"DSC01125\" data-image-description=\"\" data-medium-file=\"https:\/\/i0.wp.com\/www.jazzzeitung.de\/cms\/wp-content\/uploads\/2022\/10\/DSC01125.jpg?fit=300%2C200&#038;ssl=1\" data-large-file=\"https:\/\/i0.wp.com\/www.jazzzeitung.de\/cms\/wp-content\/uploads\/2022\/10\/DSC01125.jpg?fit=840%2C560&#038;ssl=1\" src=\"https:\/\/i0.wp.com\/www.jazzzeitung.de\/cms\/wp-content\/uploads\/2022\/10\/DSC01125.jpg?w=275&#038;h=184&#038;ssl=1\" srcset=\"https:\/\/i0.wp.com\/www.jazzzeitung.de\/cms\/wp-content\/uploads\/2022\/10\/DSC01125.jpg?w=1280&amp;ssl=1 1280w, https:\/\/i0.wp.com\/www.jazzzeitung.de\/cms\/wp-content\/uploads\/2022\/10\/DSC01125.jpg?resize=300%2C200&amp;ssl=1 300w, https:\/\/i0.wp.com\/www.jazzzeitung.de\/cms\/wp-content\/uploads\/2022\/10\/DSC01125.jpg?resize=900%2C600&amp;ssl=1 900w, https:\/\/i0.wp.com\/www.jazzzeitung.de\/cms\/wp-content\/uploads\/2022\/10\/DSC01125.jpg?resize=768%2C512&amp;ssl=1 768w, https:\/\/i0.wp.com\/www.jazzzeitung.de\/cms\/wp-content\/uploads\/2022\/10\/DSC01125.jpg?resize=120%2C80&amp;ssl=1 120w\" width=\"275\" height=\"184\" loading=\"lazy\" data-original-width=\"275\" data-original-height=\"184\" itemprop=\"http:\/\/schema.org\/image\" title=\"DSC01125\" alt=\"Flock, Iiro Rantala (p), Maja Mannila (keys, voc), Johannes Granroth (b), Severi Sorjonen (dr), Jazzclub Unterfahrt, Photo (c) Ralf Dombrowski\" style=\"width: 275px; height: 184px;\" \/> <\/a> <div class=\"tiled-gallery-caption\" itemprop=\"caption description\"> Flock, Iiro Rantala (p), Maja Mannila (keys, voc), Johannes Granroth (b), Severi Sorjonen (dr), Jazzclub Unterfahrt, Photo (c) Ralf Dombrowski <\/div> <\/div> <div class=\"tiled-gallery-item tiled-gallery-item-large\" itemprop=\"associatedMedia\" itemscope itemtype=\"http:\/\/schema.org\/ImageObject\"> <a href=\"https:\/\/www.jazzzeitung.de\/cms\/2022\/10\/iiro-rantalas-flock-gestern-in-der-muenchener-unterfahrt-heute-im-jazzclub-leerer-beutel-in-regensburg\/dsc00804-2\/\" border=\"0\" itemprop=\"url\"> <meta itemprop=\"width\" content=\"275\"> <meta itemprop=\"height\" content=\"183\"> <img decoding=\"async\" class=\"\" data-attachment-id=\"28553\" data-orig-file=\"https:\/\/www.jazzzeitung.de\/cms\/wp-content\/uploads\/2022\/10\/DSC00804-1.jpg\" data-orig-size=\"1280,853\" data-comments-opened=\"1\" data-image-meta=\"{&quot;aperture&quot;:&quot;5.6&quot;,&quot;credit&quot;:&quot;&quot;,&quot;camera&quot;:&quot;ILCE-7M3&quot;,&quot;caption&quot;:&quot;Flock, Iiro Rantala (p), Maja Mannila (keys, voc), Johannes Granroth (b), Severi Sorjonen (dr), Jazzclub Unterfahrt, Photo (c) Ralf Dombrowski&quot;,&quot;created_timestamp&quot;:&quot;1666813735&quot;,&quot;copyright&quot;:&quot;&quot;,&quot;focal_length&quot;:&quot;203&quot;,&quot;iso&quot;:&quot;6400&quot;,&quot;shutter_speed&quot;:&quot;0.00625&quot;,&quot;title&quot;:&quot;&quot;,&quot;orientation&quot;:&quot;1&quot;}\" data-image-title=\"DSC00804\" data-image-description=\"\" data-medium-file=\"https:\/\/i0.wp.com\/www.jazzzeitung.de\/cms\/wp-content\/uploads\/2022\/10\/DSC00804-1.jpg?fit=300%2C200&#038;ssl=1\" data-large-file=\"https:\/\/i0.wp.com\/www.jazzzeitung.de\/cms\/wp-content\/uploads\/2022\/10\/DSC00804-1.jpg?fit=840%2C560&#038;ssl=1\" src=\"https:\/\/i0.wp.com\/www.jazzzeitung.de\/cms\/wp-content\/uploads\/2022\/10\/DSC00804-1.jpg?w=275&#038;h=183&#038;ssl=1\" srcset=\"https:\/\/i0.wp.com\/www.jazzzeitung.de\/cms\/wp-content\/uploads\/2022\/10\/DSC00804-1.jpg?w=1280&amp;ssl=1 1280w, https:\/\/i0.wp.com\/www.jazzzeitung.de\/cms\/wp-content\/uploads\/2022\/10\/DSC00804-1.jpg?resize=300%2C200&amp;ssl=1 300w, https:\/\/i0.wp.com\/www.jazzzeitung.de\/cms\/wp-content\/uploads\/2022\/10\/DSC00804-1.jpg?resize=900%2C600&amp;ssl=1 900w, https:\/\/i0.wp.com\/www.jazzzeitung.de\/cms\/wp-content\/uploads\/2022\/10\/DSC00804-1.jpg?resize=768%2C512&amp;ssl=1 768w, https:\/\/i0.wp.com\/www.jazzzeitung.de\/cms\/wp-content\/uploads\/2022\/10\/DSC00804-1.jpg?resize=120%2C80&amp;ssl=1 120w\" width=\"275\" height=\"183\" loading=\"lazy\" data-original-width=\"275\" data-original-height=\"183\" itemprop=\"http:\/\/schema.org\/image\" title=\"DSC00804\" alt=\"Flock, Iiro Rantala (p), Maja Mannila (keys, voc), Johannes Granroth (b), Severi Sorjonen (dr), Jazzclub Unterfahrt, Photo (c) Ralf Dombrowski\" style=\"width: 275px; height: 183px;\" \/> <\/a> <div class=\"tiled-gallery-caption\" itemprop=\"caption description\"> Flock, Iiro Rantala (p), Maja Mannila (keys, voc), Johannes Granroth (b), Severi Sorjonen (dr), Jazzclub Unterfahrt, Photo (c) Ralf Dombrowski <\/div> <\/div> <\/div> <!-- close group --> <\/div> <!-- close row --> <\/div>\n<p>Die n\u00e4chste Generation wiederum folgte Rantala mit Chuzpe, ebenfalls auf ansteckend b\u00fchnenempathische Weise gut gelaunt und im Fall des Bassisten Johannes Granroth auch beachtlich virtuos. Manches wirkte da zwar noch etwas unbehauen, aber bitte! Das ist ein Privileg der Jugend, die sich in ihre eigene Klangzukunft erst vorarbeiten muss. Iiro Rantala jedenfalls gab als Mentor den lakonisch moderierenden Conferencier und hinrei\u00dfend schwadronierenden Klaviersouver\u00e4n im Elton-John-Jacket, der wahrscheinlich auch doppelt so lange gespielt h\u00e4tte, wenn Hotellerie und Deutsche Bahn flexibler gewesen w\u00e4ren.<\/p>\n<p>Ralf Dombrowski<\/p>\n","protected":false},"excerpt":{"rendered":"<p>Veranstalten wird immer mehr zum Abenteuer. Der Vorverkauf zum Beispiel erweist sich inzwischen als Auslaufmodell. Zuschauer:innen entschlie\u00dfen sich immer kurzfristiger zum Kulturgenuss, mal abgesehen vom Partysegment. Die Kalkulierbarkeit von Tourneen nimmt ab, der Geldwert auch, es hagelt bereits Absagen zugunsten der Streaming-Couch. Reisen wird schwieriger, von Flugscham bis zur Versp\u00e4tungslotterie des Zugverkehrs. Und die Unterbringung? \u201eWir h\u00e4tten auch zwei Sets gespielt\u201c, meinte Iiro Rantala in der M\u00fcnchner Unterfahrt. \u201eAber es gibt in M\u00fcnchen keine Hotelzimmer!\u201c Also ein durchgehendes Instant-Konzert, danach freundliches, aber z\u00fcgiges Signieren und ab zum n\u00e4chtlichen Bahnhof, Richtung Regensburg, der n\u00e4chsten Station der Kurztournee, wo immerhin ein paar sp\u00e4te Gastzimmer auf den finnischen Piano-Charmeur und sein junges Quartett warteten. Die Energie auf der B\u00fchne allerdings konnte die fremdbestimmte Eile nicht einbremsen. Rantala war in Form, hatte das Trio der S\u00e4ngerin und Keyboarderin Maja Mannila als Basis seines aktuellen Quartetts FLOCK und au\u00dferdem ein buntes Programm aus neuen St\u00fccken und bew\u00e4hrten Kompositionen mitgebracht. Stilistischer Ausgangspunkt war der unterhaltsame Fusionsound von damals, inzwischen dem Trio T\u00f6yke\u00e4tt wieder n\u00e4her als fr\u00fchere Projekte. Zwar spielte Rantala auch den \u201eNovember\u201c seines Songs-Solo-Zyklus zum finnischen Wetter oder die Widmungsst\u00fccke &hellip;<\/p>\n","protected":false},"author":18,"featured_media":28548,"comment_status":"open","ping_status":"closed","sticky":false,"template":"","format":"standard","meta":{"_jetpack_memberships_contains_paid_content":false,"footnotes":"","jetpack_publicize_message":"","jetpack_publicize_feature_enabled":true,"jetpack_social_post_already_shared":false,"jetpack_social_options":{"image_generator_settings":{"template":"highway","default_image_id":0,"font":"","enabled":false},"version":2}},"categories":[1053,633],"tags":[4353,1046,1535,1101],"coauthors":[658],"class_list":["post-28546","post","type-post","status-publish","format-standard","has-post-thumbnail","hentry","category-bericht","category-nachrichten","tag-flock","tag-iiro-rantala","tag-jazzclub-im-leeren-beutel","tag-jazzclub-unterfahrt-muenchen"],"yoast_head":"<!-- This site is optimized with the Yoast SEO plugin v27.5 - https:\/\/yoast.com\/product\/yoast-seo-wordpress\/ -->\n<title>Iiro Rantala\u2019s FLOCK - gestern in der M\u00fcnchener Unterfahrt, heute im Jazzclub Leerer Beutel in Regensburg - JazzZeitung<\/title>\n<meta name=\"robots\" content=\"index, follow, max-snippet:-1, max-image-preview:large, max-video-preview:-1\" \/>\n<link rel=\"canonical\" href=\"https:\/\/www.jazzzeitung.de\/cms\/2022\/10\/iiro-rantalas-flock-gestern-in-der-muenchener-unterfahrt-heute-im-jazzclub-leerer-beutel-in-regensburg\/\" \/>\n<meta property=\"og:locale\" content=\"de_DE\" \/>\n<meta property=\"og:type\" content=\"article\" \/>\n<meta property=\"og:title\" content=\"Iiro Rantala\u2019s FLOCK - gestern in der M\u00fcnchener Unterfahrt, heute im Jazzclub Leerer Beutel in Regensburg - JazzZeitung\" \/>\n<meta property=\"og:description\" content=\"Veranstalten wird immer mehr zum Abenteuer. Der Vorverkauf zum Beispiel erweist sich inzwischen als Auslaufmodell. Zuschauer:innen entschlie\u00dfen sich immer kurzfristiger zum Kulturgenuss, mal abgesehen vom Partysegment. Die Kalkulierbarkeit von Tourneen nimmt ab, der Geldwert auch, es hagelt bereits Absagen zugunsten der Streaming-Couch. Reisen wird schwieriger, von Flugscham bis zur Versp\u00e4tungslotterie des Zugverkehrs. Und die Unterbringung? \u201eWir h\u00e4tten auch zwei Sets gespielt\u201c, meinte Iiro Rantala in der M\u00fcnchner Unterfahrt. \u201eAber es gibt in M\u00fcnchen keine Hotelzimmer!\u201c Also ein durchgehendes Instant-Konzert, danach freundliches, aber z\u00fcgiges Signieren und ab zum n\u00e4chtlichen Bahnhof, Richtung Regensburg, der n\u00e4chsten Station der Kurztournee, wo immerhin ein paar sp\u00e4te Gastzimmer auf den finnischen Piano-Charmeur und sein junges Quartett warteten. Die Energie auf der B\u00fchne allerdings konnte die fremdbestimmte Eile nicht einbremsen. Rantala war in Form, hatte das Trio der S\u00e4ngerin und Keyboarderin Maja Mannila als Basis seines aktuellen Quartetts FLOCK und au\u00dferdem ein buntes Programm aus neuen St\u00fccken und bew\u00e4hrten Kompositionen mitgebracht. Stilistischer Ausgangspunkt war der unterhaltsame Fusionsound von damals, inzwischen dem Trio T\u00f6yke\u00e4tt wieder n\u00e4her als fr\u00fchere Projekte. Zwar spielte Rantala auch den \u201eNovember\u201c seines Songs-Solo-Zyklus zum finnischen Wetter oder die Widmungsst\u00fccke &hellip;\" \/>\n<meta property=\"og:url\" content=\"https:\/\/www.jazzzeitung.de\/cms\/2022\/10\/iiro-rantalas-flock-gestern-in-der-muenchener-unterfahrt-heute-im-jazzclub-leerer-beutel-in-regensburg\/\" \/>\n<meta property=\"og:site_name\" content=\"JazzZeitung\" \/>\n<meta property=\"article:publisher\" content=\"https:\/\/www.facebook.com\/JazzZeitung\/\" \/>\n<meta property=\"article:published_time\" content=\"2022-10-27T12:58:56+00:00\" \/>\n<meta property=\"og:image\" content=\"https:\/\/i0.wp.com\/www.jazzzeitung.de\/cms\/wp-content\/uploads\/2022\/10\/DSC00944.jpg?fit=1280%2C853&ssl=1\" \/>\n\t<meta property=\"og:image:width\" content=\"1280\" \/>\n\t<meta property=\"og:image:height\" content=\"853\" \/>\n\t<meta property=\"og:image:type\" content=\"image\/jpeg\" \/>\n<meta name=\"author\" content=\"Ralf Dombrowski\" \/>\n<script type=\"application\/ld+json\" class=\"yoast-schema-graph\">{\"@context\":\"https:\\\/\\\/schema.org\",\"@graph\":[{\"@type\":\"Article\",\"@id\":\"https:\\\/\\\/www.jazzzeitung.de\\\/cms\\\/2022\\\/10\\\/iiro-rantalas-flock-gestern-in-der-muenchener-unterfahrt-heute-im-jazzclub-leerer-beutel-in-regensburg\\\/#article\",\"isPartOf\":{\"@id\":\"https:\\\/\\\/www.jazzzeitung.de\\\/cms\\\/2022\\\/10\\\/iiro-rantalas-flock-gestern-in-der-muenchener-unterfahrt-heute-im-jazzclub-leerer-beutel-in-regensburg\\\/\"},\"author\":{\"name\":\"Redaktion JazzZeitung\",\"@id\":\"https:\\\/\\\/www.jazzzeitung.de\\\/cms\\\/#\\\/schema\\\/person\\\/2245b36b9cd1d24cea10f01c031fb92b\"},\"headline\":\"Iiro Rantala\u2019s FLOCK &#8211; gestern in der M\u00fcnchener Unterfahrt, heute im Jazzclub Leerer Beutel in Regensburg\",\"datePublished\":\"2022-10-27T12:58:56+00:00\",\"mainEntityOfPage\":{\"@id\":\"https:\\\/\\\/www.jazzzeitung.de\\\/cms\\\/2022\\\/10\\\/iiro-rantalas-flock-gestern-in-der-muenchener-unterfahrt-heute-im-jazzclub-leerer-beutel-in-regensburg\\\/\"},\"wordCount\":352,\"commentCount\":0,\"publisher\":{\"@id\":\"https:\\\/\\\/www.jazzzeitung.de\\\/cms\\\/#organization\"},\"image\":{\"@id\":\"https:\\\/\\\/www.jazzzeitung.de\\\/cms\\\/2022\\\/10\\\/iiro-rantalas-flock-gestern-in-der-muenchener-unterfahrt-heute-im-jazzclub-leerer-beutel-in-regensburg\\\/#primaryimage\"},\"thumbnailUrl\":\"https:\\\/\\\/i0.wp.com\\\/www.jazzzeitung.de\\\/cms\\\/wp-content\\\/uploads\\\/2022\\\/10\\\/DSC00944.jpg?fit=1280%2C853&ssl=1\",\"keywords\":[\"Flock\",\"Iiro Rantala\",\"Jazzclub im Leeren Beutel\",\"Jazzclub Unterfahrt M\u00fcnchen\"],\"articleSection\":[\"Bericht\",\"News\"],\"inLanguage\":\"de\",\"potentialAction\":[{\"@type\":\"CommentAction\",\"name\":\"Comment\",\"target\":[\"https:\\\/\\\/www.jazzzeitung.de\\\/cms\\\/2022\\\/10\\\/iiro-rantalas-flock-gestern-in-der-muenchener-unterfahrt-heute-im-jazzclub-leerer-beutel-in-regensburg\\\/#respond\"]}]},{\"@type\":\"WebPage\",\"@id\":\"https:\\\/\\\/www.jazzzeitung.de\\\/cms\\\/2022\\\/10\\\/iiro-rantalas-flock-gestern-in-der-muenchener-unterfahrt-heute-im-jazzclub-leerer-beutel-in-regensburg\\\/\",\"url\":\"https:\\\/\\\/www.jazzzeitung.de\\\/cms\\\/2022\\\/10\\\/iiro-rantalas-flock-gestern-in-der-muenchener-unterfahrt-heute-im-jazzclub-leerer-beutel-in-regensburg\\\/\",\"name\":\"Iiro Rantala\u2019s FLOCK - gestern in der M\u00fcnchener Unterfahrt, heute im Jazzclub Leerer Beutel in Regensburg - JazzZeitung\",\"isPartOf\":{\"@id\":\"https:\\\/\\\/www.jazzzeitung.de\\\/cms\\\/#website\"},\"primaryImageOfPage\":{\"@id\":\"https:\\\/\\\/www.jazzzeitung.de\\\/cms\\\/2022\\\/10\\\/iiro-rantalas-flock-gestern-in-der-muenchener-unterfahrt-heute-im-jazzclub-leerer-beutel-in-regensburg\\\/#primaryimage\"},\"image\":{\"@id\":\"https:\\\/\\\/www.jazzzeitung.de\\\/cms\\\/2022\\\/10\\\/iiro-rantalas-flock-gestern-in-der-muenchener-unterfahrt-heute-im-jazzclub-leerer-beutel-in-regensburg\\\/#primaryimage\"},\"thumbnailUrl\":\"https:\\\/\\\/i0.wp.com\\\/www.jazzzeitung.de\\\/cms\\\/wp-content\\\/uploads\\\/2022\\\/10\\\/DSC00944.jpg?fit=1280%2C853&ssl=1\",\"datePublished\":\"2022-10-27T12:58:56+00:00\",\"breadcrumb\":{\"@id\":\"https:\\\/\\\/www.jazzzeitung.de\\\/cms\\\/2022\\\/10\\\/iiro-rantalas-flock-gestern-in-der-muenchener-unterfahrt-heute-im-jazzclub-leerer-beutel-in-regensburg\\\/#breadcrumb\"},\"inLanguage\":\"de\",\"potentialAction\":[{\"@type\":\"ReadAction\",\"target\":[\"https:\\\/\\\/www.jazzzeitung.de\\\/cms\\\/2022\\\/10\\\/iiro-rantalas-flock-gestern-in-der-muenchener-unterfahrt-heute-im-jazzclub-leerer-beutel-in-regensburg\\\/\"]}]},{\"@type\":\"ImageObject\",\"inLanguage\":\"de\",\"@id\":\"https:\\\/\\\/www.jazzzeitung.de\\\/cms\\\/2022\\\/10\\\/iiro-rantalas-flock-gestern-in-der-muenchener-unterfahrt-heute-im-jazzclub-leerer-beutel-in-regensburg\\\/#primaryimage\",\"url\":\"https:\\\/\\\/i0.wp.com\\\/www.jazzzeitung.de\\\/cms\\\/wp-content\\\/uploads\\\/2022\\\/10\\\/DSC00944.jpg?fit=1280%2C853&ssl=1\",\"contentUrl\":\"https:\\\/\\\/i0.wp.com\\\/www.jazzzeitung.de\\\/cms\\\/wp-content\\\/uploads\\\/2022\\\/10\\\/DSC00944.jpg?fit=1280%2C853&ssl=1\",\"width\":1280,\"height\":853,\"caption\":\"Flock, Iiro Rantala (p), Maja Mannila (keys, voc), Johannes Granroth (b), Severi Sorjonen (dr), Jazzclub Unterfahrt, Photo (c) Ralf Dombrowski\"},{\"@type\":\"BreadcrumbList\",\"@id\":\"https:\\\/\\\/www.jazzzeitung.de\\\/cms\\\/2022\\\/10\\\/iiro-rantalas-flock-gestern-in-der-muenchener-unterfahrt-heute-im-jazzclub-leerer-beutel-in-regensburg\\\/#breadcrumb\",\"itemListElement\":[{\"@type\":\"ListItem\",\"position\":1,\"name\":\"Startseite\",\"item\":\"https:\\\/\\\/www.jazzzeitung.de\\\/cms\\\/\"},{\"@type\":\"ListItem\",\"position\":2,\"name\":\"Iiro Rantala\u2019s FLOCK &#8211; gestern in der M\u00fcnchener Unterfahrt, heute im Jazzclub Leerer Beutel in Regensburg\"}]},{\"@type\":\"WebSite\",\"@id\":\"https:\\\/\\\/www.jazzzeitung.de\\\/cms\\\/#website\",\"url\":\"https:\\\/\\\/www.jazzzeitung.de\\\/cms\\\/\",\"name\":\"JazzZeitung\",\"description\":\"Jazz-News und Jazz-Kontroverses\",\"publisher\":{\"@id\":\"https:\\\/\\\/www.jazzzeitung.de\\\/cms\\\/#organization\"},\"potentialAction\":[{\"@type\":\"SearchAction\",\"target\":{\"@type\":\"EntryPoint\",\"urlTemplate\":\"https:\\\/\\\/www.jazzzeitung.de\\\/cms\\\/?s={search_term_string}\"},\"query-input\":{\"@type\":\"PropertyValueSpecification\",\"valueRequired\":true,\"valueName\":\"search_term_string\"}}],\"inLanguage\":\"de\"},{\"@type\":\"Organization\",\"@id\":\"https:\\\/\\\/www.jazzzeitung.de\\\/cms\\\/#organization\",\"name\":\"JazzZeitung online\",\"url\":\"https:\\\/\\\/www.jazzzeitung.de\\\/cms\\\/\",\"logo\":{\"@type\":\"ImageObject\",\"inLanguage\":\"de\",\"@id\":\"https:\\\/\\\/www.jazzzeitung.de\\\/cms\\\/#\\\/schema\\\/logo\\\/image\\\/\",\"url\":\"https:\\\/\\\/i0.wp.com\\\/www.jazzzeitung.de\\\/cms\\\/wp-content\\\/uploads\\\/2015\\\/08\\\/JAZZZEITUNGDE_Logo_Neu.png?fit=499%2C200&ssl=1\",\"contentUrl\":\"https:\\\/\\\/i0.wp.com\\\/www.jazzzeitung.de\\\/cms\\\/wp-content\\\/uploads\\\/2015\\\/08\\\/JAZZZEITUNGDE_Logo_Neu.png?fit=499%2C200&ssl=1\",\"width\":499,\"height\":200,\"caption\":\"JazzZeitung online\"},\"image\":{\"@id\":\"https:\\\/\\\/www.jazzzeitung.de\\\/cms\\\/#\\\/schema\\\/logo\\\/image\\\/\"},\"sameAs\":[\"https:\\\/\\\/www.facebook.com\\\/JazzZeitung\\\/\"]},{\"@type\":\"Person\",\"@id\":\"https:\\\/\\\/www.jazzzeitung.de\\\/cms\\\/#\\\/schema\\\/person\\\/2245b36b9cd1d24cea10f01c031fb92b\",\"name\":\"Redaktion JazzZeitung\",\"image\":{\"@type\":\"ImageObject\",\"inLanguage\":\"de\",\"@id\":\"https:\\\/\\\/i0.wp.com\\\/www.jazzzeitung.de\\\/cms\\\/wp-content\\\/uploads\\\/2015\\\/08\\\/JAZZZEITUNGDE_Logo_Neu.png?resize=96%2C96&ssl=159975dcacb611b5700bd619b5daf0a7a\",\"url\":\"https:\\\/\\\/i0.wp.com\\\/www.jazzzeitung.de\\\/cms\\\/wp-content\\\/uploads\\\/2015\\\/08\\\/JAZZZEITUNGDE_Logo_Neu.png?resize=96%2C96&ssl=1\",\"contentUrl\":\"https:\\\/\\\/i0.wp.com\\\/www.jazzzeitung.de\\\/cms\\\/wp-content\\\/uploads\\\/2015\\\/08\\\/JAZZZEITUNGDE_Logo_Neu.png?resize=96%2C96&ssl=1\",\"caption\":\"Redaktion JazzZeitung\"},\"description\":\"Artikel der Redaktion der JazzZeitung.\",\"sameAs\":[\"http:\\\/\\\/www.jazzzeitung.de\\\/cms\\\/\"],\"url\":\"https:\\\/\\\/www.jazzzeitung.de\\\/cms\\\/author\\\/redaktion\\\/\"}]}<\/script>\n<!-- \/ Yoast SEO plugin. -->","yoast_head_json":{"title":"Iiro Rantala\u2019s FLOCK - gestern in der M\u00fcnchener Unterfahrt, heute im Jazzclub Leerer Beutel in Regensburg - JazzZeitung","robots":{"index":"index","follow":"follow","max-snippet":"max-snippet:-1","max-image-preview":"max-image-preview:large","max-video-preview":"max-video-preview:-1"},"canonical":"https:\/\/www.jazzzeitung.de\/cms\/2022\/10\/iiro-rantalas-flock-gestern-in-der-muenchener-unterfahrt-heute-im-jazzclub-leerer-beutel-in-regensburg\/","og_locale":"de_DE","og_type":"article","og_title":"Iiro Rantala\u2019s FLOCK - gestern in der M\u00fcnchener Unterfahrt, heute im Jazzclub Leerer Beutel in Regensburg - JazzZeitung","og_description":"Veranstalten wird immer mehr zum Abenteuer. Der Vorverkauf zum Beispiel erweist sich inzwischen als Auslaufmodell. Zuschauer:innen entschlie\u00dfen sich immer kurzfristiger zum Kulturgenuss, mal abgesehen vom Partysegment. Die Kalkulierbarkeit von Tourneen nimmt ab, der Geldwert auch, es hagelt bereits Absagen zugunsten der Streaming-Couch. Reisen wird schwieriger, von Flugscham bis zur Versp\u00e4tungslotterie des Zugverkehrs. Und die Unterbringung? \u201eWir h\u00e4tten auch zwei Sets gespielt\u201c, meinte Iiro Rantala in der M\u00fcnchner Unterfahrt. \u201eAber es gibt in M\u00fcnchen keine Hotelzimmer!\u201c Also ein durchgehendes Instant-Konzert, danach freundliches, aber z\u00fcgiges Signieren und ab zum n\u00e4chtlichen Bahnhof, Richtung Regensburg, der n\u00e4chsten Station der Kurztournee, wo immerhin ein paar sp\u00e4te Gastzimmer auf den finnischen Piano-Charmeur und sein junges Quartett warteten. Die Energie auf der B\u00fchne allerdings konnte die fremdbestimmte Eile nicht einbremsen. Rantala war in Form, hatte das Trio der S\u00e4ngerin und Keyboarderin Maja Mannila als Basis seines aktuellen Quartetts FLOCK und au\u00dferdem ein buntes Programm aus neuen St\u00fccken und bew\u00e4hrten Kompositionen mitgebracht. Stilistischer Ausgangspunkt war der unterhaltsame Fusionsound von damals, inzwischen dem Trio T\u00f6yke\u00e4tt wieder n\u00e4her als fr\u00fchere Projekte. Zwar spielte Rantala auch den \u201eNovember\u201c seines Songs-Solo-Zyklus zum finnischen Wetter oder die Widmungsst\u00fccke &hellip;","og_url":"https:\/\/www.jazzzeitung.de\/cms\/2022\/10\/iiro-rantalas-flock-gestern-in-der-muenchener-unterfahrt-heute-im-jazzclub-leerer-beutel-in-regensburg\/","og_site_name":"JazzZeitung","article_publisher":"https:\/\/www.facebook.com\/JazzZeitung\/","article_published_time":"2022-10-27T12:58:56+00:00","og_image":[{"width":1280,"height":853,"url":"https:\/\/i0.wp.com\/www.jazzzeitung.de\/cms\/wp-content\/uploads\/2022\/10\/DSC00944.jpg?fit=1280%2C853&ssl=1","type":"image\/jpeg"}],"author":"Ralf Dombrowski","schema":{"@context":"https:\/\/schema.org","@graph":[{"@type":"Article","@id":"https:\/\/www.jazzzeitung.de\/cms\/2022\/10\/iiro-rantalas-flock-gestern-in-der-muenchener-unterfahrt-heute-im-jazzclub-leerer-beutel-in-regensburg\/#article","isPartOf":{"@id":"https:\/\/www.jazzzeitung.de\/cms\/2022\/10\/iiro-rantalas-flock-gestern-in-der-muenchener-unterfahrt-heute-im-jazzclub-leerer-beutel-in-regensburg\/"},"author":{"name":"Redaktion JazzZeitung","@id":"https:\/\/www.jazzzeitung.de\/cms\/#\/schema\/person\/2245b36b9cd1d24cea10f01c031fb92b"},"headline":"Iiro Rantala\u2019s FLOCK &#8211; gestern in der M\u00fcnchener Unterfahrt, heute im Jazzclub Leerer Beutel in Regensburg","datePublished":"2022-10-27T12:58:56+00:00","mainEntityOfPage":{"@id":"https:\/\/www.jazzzeitung.de\/cms\/2022\/10\/iiro-rantalas-flock-gestern-in-der-muenchener-unterfahrt-heute-im-jazzclub-leerer-beutel-in-regensburg\/"},"wordCount":352,"commentCount":0,"publisher":{"@id":"https:\/\/www.jazzzeitung.de\/cms\/#organization"},"image":{"@id":"https:\/\/www.jazzzeitung.de\/cms\/2022\/10\/iiro-rantalas-flock-gestern-in-der-muenchener-unterfahrt-heute-im-jazzclub-leerer-beutel-in-regensburg\/#primaryimage"},"thumbnailUrl":"https:\/\/i0.wp.com\/www.jazzzeitung.de\/cms\/wp-content\/uploads\/2022\/10\/DSC00944.jpg?fit=1280%2C853&ssl=1","keywords":["Flock","Iiro Rantala","Jazzclub im Leeren Beutel","Jazzclub Unterfahrt M\u00fcnchen"],"articleSection":["Bericht","News"],"inLanguage":"de","potentialAction":[{"@type":"CommentAction","name":"Comment","target":["https:\/\/www.jazzzeitung.de\/cms\/2022\/10\/iiro-rantalas-flock-gestern-in-der-muenchener-unterfahrt-heute-im-jazzclub-leerer-beutel-in-regensburg\/#respond"]}]},{"@type":"WebPage","@id":"https:\/\/www.jazzzeitung.de\/cms\/2022\/10\/iiro-rantalas-flock-gestern-in-der-muenchener-unterfahrt-heute-im-jazzclub-leerer-beutel-in-regensburg\/","url":"https:\/\/www.jazzzeitung.de\/cms\/2022\/10\/iiro-rantalas-flock-gestern-in-der-muenchener-unterfahrt-heute-im-jazzclub-leerer-beutel-in-regensburg\/","name":"Iiro Rantala\u2019s FLOCK - gestern in der M\u00fcnchener Unterfahrt, heute im Jazzclub Leerer Beutel in Regensburg - JazzZeitung","isPartOf":{"@id":"https:\/\/www.jazzzeitung.de\/cms\/#website"},"primaryImageOfPage":{"@id":"https:\/\/www.jazzzeitung.de\/cms\/2022\/10\/iiro-rantalas-flock-gestern-in-der-muenchener-unterfahrt-heute-im-jazzclub-leerer-beutel-in-regensburg\/#primaryimage"},"image":{"@id":"https:\/\/www.jazzzeitung.de\/cms\/2022\/10\/iiro-rantalas-flock-gestern-in-der-muenchener-unterfahrt-heute-im-jazzclub-leerer-beutel-in-regensburg\/#primaryimage"},"thumbnailUrl":"https:\/\/i0.wp.com\/www.jazzzeitung.de\/cms\/wp-content\/uploads\/2022\/10\/DSC00944.jpg?fit=1280%2C853&ssl=1","datePublished":"2022-10-27T12:58:56+00:00","breadcrumb":{"@id":"https:\/\/www.jazzzeitung.de\/cms\/2022\/10\/iiro-rantalas-flock-gestern-in-der-muenchener-unterfahrt-heute-im-jazzclub-leerer-beutel-in-regensburg\/#breadcrumb"},"inLanguage":"de","potentialAction":[{"@type":"ReadAction","target":["https:\/\/www.jazzzeitung.de\/cms\/2022\/10\/iiro-rantalas-flock-gestern-in-der-muenchener-unterfahrt-heute-im-jazzclub-leerer-beutel-in-regensburg\/"]}]},{"@type":"ImageObject","inLanguage":"de","@id":"https:\/\/www.jazzzeitung.de\/cms\/2022\/10\/iiro-rantalas-flock-gestern-in-der-muenchener-unterfahrt-heute-im-jazzclub-leerer-beutel-in-regensburg\/#primaryimage","url":"https:\/\/i0.wp.com\/www.jazzzeitung.de\/cms\/wp-content\/uploads\/2022\/10\/DSC00944.jpg?fit=1280%2C853&ssl=1","contentUrl":"https:\/\/i0.wp.com\/www.jazzzeitung.de\/cms\/wp-content\/uploads\/2022\/10\/DSC00944.jpg?fit=1280%2C853&ssl=1","width":1280,"height":853,"caption":"Flock, Iiro Rantala (p), Maja Mannila (keys, voc), Johannes Granroth (b), Severi Sorjonen (dr), Jazzclub Unterfahrt, Photo (c) Ralf Dombrowski"},{"@type":"BreadcrumbList","@id":"https:\/\/www.jazzzeitung.de\/cms\/2022\/10\/iiro-rantalas-flock-gestern-in-der-muenchener-unterfahrt-heute-im-jazzclub-leerer-beutel-in-regensburg\/#breadcrumb","itemListElement":[{"@type":"ListItem","position":1,"name":"Startseite","item":"https:\/\/www.jazzzeitung.de\/cms\/"},{"@type":"ListItem","position":2,"name":"Iiro Rantala\u2019s FLOCK &#8211; gestern in der M\u00fcnchener Unterfahrt, heute im Jazzclub Leerer Beutel in Regensburg"}]},{"@type":"WebSite","@id":"https:\/\/www.jazzzeitung.de\/cms\/#website","url":"https:\/\/www.jazzzeitung.de\/cms\/","name":"JazzZeitung","description":"Jazz-News und Jazz-Kontroverses","publisher":{"@id":"https:\/\/www.jazzzeitung.de\/cms\/#organization"},"potentialAction":[{"@type":"SearchAction","target":{"@type":"EntryPoint","urlTemplate":"https:\/\/www.jazzzeitung.de\/cms\/?s={search_term_string}"},"query-input":{"@type":"PropertyValueSpecification","valueRequired":true,"valueName":"search_term_string"}}],"inLanguage":"de"},{"@type":"Organization","@id":"https:\/\/www.jazzzeitung.de\/cms\/#organization","name":"JazzZeitung online","url":"https:\/\/www.jazzzeitung.de\/cms\/","logo":{"@type":"ImageObject","inLanguage":"de","@id":"https:\/\/www.jazzzeitung.de\/cms\/#\/schema\/logo\/image\/","url":"https:\/\/i0.wp.com\/www.jazzzeitung.de\/cms\/wp-content\/uploads\/2015\/08\/JAZZZEITUNGDE_Logo_Neu.png?fit=499%2C200&ssl=1","contentUrl":"https:\/\/i0.wp.com\/www.jazzzeitung.de\/cms\/wp-content\/uploads\/2015\/08\/JAZZZEITUNGDE_Logo_Neu.png?fit=499%2C200&ssl=1","width":499,"height":200,"caption":"JazzZeitung online"},"image":{"@id":"https:\/\/www.jazzzeitung.de\/cms\/#\/schema\/logo\/image\/"},"sameAs":["https:\/\/www.facebook.com\/JazzZeitung\/"]},{"@type":"Person","@id":"https:\/\/www.jazzzeitung.de\/cms\/#\/schema\/person\/2245b36b9cd1d24cea10f01c031fb92b","name":"Redaktion JazzZeitung","image":{"@type":"ImageObject","inLanguage":"de","@id":"https:\/\/i0.wp.com\/www.jazzzeitung.de\/cms\/wp-content\/uploads\/2015\/08\/JAZZZEITUNGDE_Logo_Neu.png?resize=96%2C96&ssl=159975dcacb611b5700bd619b5daf0a7a","url":"https:\/\/i0.wp.com\/www.jazzzeitung.de\/cms\/wp-content\/uploads\/2015\/08\/JAZZZEITUNGDE_Logo_Neu.png?resize=96%2C96&ssl=1","contentUrl":"https:\/\/i0.wp.com\/www.jazzzeitung.de\/cms\/wp-content\/uploads\/2015\/08\/JAZZZEITUNGDE_Logo_Neu.png?resize=96%2C96&ssl=1","caption":"Redaktion JazzZeitung"},"description":"Artikel der Redaktion der JazzZeitung.","sameAs":["http:\/\/www.jazzzeitung.de\/cms\/"],"url":"https:\/\/www.jazzzeitung.de\/cms\/author\/redaktion\/"}]}},"wp-worthy-pixel":{"ignored":false,"public":null,"server":null,"url":null},"wp-worthy-type":"normal","jetpack_publicize_connections":[],"cc_featured_image_caption":{"caption_text":"","source_text":"","source_url":""},"jetpack_featured_media_url":"https:\/\/i0.wp.com\/www.jazzzeitung.de\/cms\/wp-content\/uploads\/2022\/10\/DSC00944.jpg?fit=1280%2C853&ssl=1","jetpack_shortlink":"https:\/\/wp.me\/p3KEcT-7qq","jetpack-related-posts":[{"id":14892,"url":"https:\/\/www.jazzzeitung.de\/cms\/2018\/01\/iiro-rantala-trio-jazzclub-unterfahrt\/","url_meta":{"origin":28546,"position":0},"title":"Iiro Rantala Trio begeistert im Jazzclub Unterfahrt","author":"Thomas J. Krebs","date":"29. Januar 2018","format":false,"excerpt":"Ein mitrei\u00dfendes Piano-Trio Feuerwerk z\u00fcndete der finnische Pianist Iiro Rantala vergangenen Mittwoch mit Dan Berglund am Bass und dem Schlagzeuger Morten Lund in der M\u00fcnchner Unterfahrt. Im ersten durchgehenden Set spielte das Trio eine Standards-Auswahl (\u2026ab sofort geh\u00f6rt Keith Jarretts \u201eSo Tender\u201c zum Great American Songbook), w\u00e4hrend sie im zweiten\u2026","rel":"","context":"In &quot;Galerie&quot;","block_context":{"text":"Galerie","link":"https:\/\/www.jazzzeitung.de\/cms\/thema\/galerie\/"},"img":{"alt_text":"","src":"https:\/\/i0.wp.com\/www.jazzzeitung.de\/cms\/wp-content\/uploads\/2018\/01\/Rantala-3-Foto-TJ-Krebs-jazzphotoagency%40web.de_.jpg?fit=1200%2C800&ssl=1&resize=350%2C200","width":350,"height":200,"srcset":"https:\/\/i0.wp.com\/www.jazzzeitung.de\/cms\/wp-content\/uploads\/2018\/01\/Rantala-3-Foto-TJ-Krebs-jazzphotoagency%40web.de_.jpg?fit=1200%2C800&ssl=1&resize=350%2C200 1x, https:\/\/i0.wp.com\/www.jazzzeitung.de\/cms\/wp-content\/uploads\/2018\/01\/Rantala-3-Foto-TJ-Krebs-jazzphotoagency%40web.de_.jpg?fit=1200%2C800&ssl=1&resize=525%2C300 1.5x, https:\/\/i0.wp.com\/www.jazzzeitung.de\/cms\/wp-content\/uploads\/2018\/01\/Rantala-3-Foto-TJ-Krebs-jazzphotoagency%40web.de_.jpg?fit=1200%2C800&ssl=1&resize=700%2C400 2x, https:\/\/i0.wp.com\/www.jazzzeitung.de\/cms\/wp-content\/uploads\/2018\/01\/Rantala-3-Foto-TJ-Krebs-jazzphotoagency%40web.de_.jpg?fit=1200%2C800&ssl=1&resize=1050%2C600 3x"},"classes":[]},{"id":11998,"url":"https:\/\/www.jazzzeitung.de\/cms\/2017\/03\/junger-muenchner-jazzpreis-2017-jetzt-bewerben\/","url_meta":{"origin":28546,"position":1},"title":"Junger M\u00fcnchner Jazzpreis 2017 &#8211; jetzt bewerben!","author":"Redaktion JazzZeitung","date":"20. M\u00e4rz 2017","format":false,"excerpt":"F\u00fcr den Jungen M\u00fcnchner Jazzpreis 2017 sind Bewerbungen von Bands bzw. Musiker(inn)en bis 28 Jahre sind bis zum 1. Juli 2017 (Eingang) herzlich willkommen. Junger M\u00fcnchner Jazzpreis Der Junge M\u00fcnchner Jazzpreis (JMJP) wird 2017 das 5. Mal vergeben. Es ist ein F\u00f6rderpreis von \u201amucjazz - M\u00fcnchner Verein zur F\u00f6rderung von\u2026","rel":"","context":"In &quot;News&quot;","block_context":{"text":"News","link":"https:\/\/www.jazzzeitung.de\/cms\/thema\/nachrichten\/"},"img":{"alt_text":"","src":"","width":0,"height":0},"classes":[]},{"id":22481,"url":"https:\/\/www.jazzzeitung.de\/cms\/2020\/05\/local-heroes-live-stream-konzertreihe-aus-dem-jazzclub-unterfahrt\/","url_meta":{"origin":28546,"position":2},"title":"\u201eLocal Heroes\u201c: Live-Stream Konzertreihe aus dem Jazzclub Unterfahrt","author":"Thomas J. Krebs","date":"6. Mai 2020","format":false,"excerpt":"Auf den ersten Blick scheint alles normal zu sein, die 31 Stufen hinunter in den Keller des M\u00fcnchner Kulturzentrum Einstein, den langgezogenen Gang entlang zum Jazzclub Unterfahrt, aber dann - kein Licht am Ende des Tunnels! Alles ist dunkel und auch am Eingang des Clubs leere Plakatrahmen. Beim Betreten der\u2026","rel":"","context":"In &quot;Bericht&quot;","block_context":{"text":"Bericht","link":"https:\/\/www.jazzzeitung.de\/cms\/thema\/bericht\/"},"img":{"alt_text":"","src":"https:\/\/i0.wp.com\/www.jazzzeitung.de\/cms\/wp-content\/uploads\/2020\/05\/Br%C3%A4ndle-Schwager-May-Foto-TJ-Krebs.jpg?fit=1200%2C675&ssl=1&resize=350%2C200","width":350,"height":200,"srcset":"https:\/\/i0.wp.com\/www.jazzzeitung.de\/cms\/wp-content\/uploads\/2020\/05\/Br%C3%A4ndle-Schwager-May-Foto-TJ-Krebs.jpg?fit=1200%2C675&ssl=1&resize=350%2C200 1x, https:\/\/i0.wp.com\/www.jazzzeitung.de\/cms\/wp-content\/uploads\/2020\/05\/Br%C3%A4ndle-Schwager-May-Foto-TJ-Krebs.jpg?fit=1200%2C675&ssl=1&resize=525%2C300 1.5x, https:\/\/i0.wp.com\/www.jazzzeitung.de\/cms\/wp-content\/uploads\/2020\/05\/Br%C3%A4ndle-Schwager-May-Foto-TJ-Krebs.jpg?fit=1200%2C675&ssl=1&resize=700%2C400 2x, https:\/\/i0.wp.com\/www.jazzzeitung.de\/cms\/wp-content\/uploads\/2020\/05\/Br%C3%A4ndle-Schwager-May-Foto-TJ-Krebs.jpg?fit=1200%2C675&ssl=1&resize=1050%2C600 3x"},"classes":[]},{"id":23878,"url":"https:\/\/www.jazzzeitung.de\/cms\/2020\/11\/munichs-finest-jazz-organ-summit-zwei-tage-festival-im-jazzclub-unterfahrt\/","url_meta":{"origin":28546,"position":3},"title":"&#8222;Munich&#8217;s Finest\u201c &#8211; Jazz Organ Summit: Zwei Tage Festival im Jazzclub Unterfahrt","author":"Thomas J. Krebs","date":"27. November 2020","format":false,"excerpt":"Die von Laurens Hammond in den 1930er Jahren erfundene Hammondorgel erfreute sich in den 1960er und 1970er Jahren der wohl gr\u00f6\u00dften Popularit\u00e4t, gerade im Jazz. Der Hammondklassiker, das Modell B-3 in Verbindung mit einem Leslie-Lautsprechersystem, ist klanglich bis heute einzigartig unverwechselbar und hat sich nach wie vor im Jazz, aber\u2026","rel":"","context":"In &quot;Bericht&quot;","block_context":{"text":"Bericht","link":"https:\/\/www.jazzzeitung.de\/cms\/thema\/bericht\/"},"img":{"alt_text":"","src":"https:\/\/i0.wp.com\/www.jazzzeitung.de\/cms\/wp-content\/uploads\/2020\/11\/Titelbild-Farbe-P1918871-Bublath-Trio-Foto-TJ-Krebs.jpg?fit=1200%2C808&ssl=1&resize=350%2C200","width":350,"height":200,"srcset":"https:\/\/i0.wp.com\/www.jazzzeitung.de\/cms\/wp-content\/uploads\/2020\/11\/Titelbild-Farbe-P1918871-Bublath-Trio-Foto-TJ-Krebs.jpg?fit=1200%2C808&ssl=1&resize=350%2C200 1x, https:\/\/i0.wp.com\/www.jazzzeitung.de\/cms\/wp-content\/uploads\/2020\/11\/Titelbild-Farbe-P1918871-Bublath-Trio-Foto-TJ-Krebs.jpg?fit=1200%2C808&ssl=1&resize=525%2C300 1.5x, https:\/\/i0.wp.com\/www.jazzzeitung.de\/cms\/wp-content\/uploads\/2020\/11\/Titelbild-Farbe-P1918871-Bublath-Trio-Foto-TJ-Krebs.jpg?fit=1200%2C808&ssl=1&resize=700%2C400 2x, https:\/\/i0.wp.com\/www.jazzzeitung.de\/cms\/wp-content\/uploads\/2020\/11\/Titelbild-Farbe-P1918871-Bublath-Trio-Foto-TJ-Krebs.jpg?fit=1200%2C808&ssl=1&resize=1050%2C600 3x"},"classes":[]},{"id":9585,"url":"https:\/\/www.jazzzeitung.de\/cms\/2016\/06\/junger-muenchner-jazzpreis-2016-steht-bevor\/","url_meta":{"origin":28546,"position":4},"title":"Jetzt bewerben f\u00fcr den Jungen M\u00fcnchner Jazzpreis 2016","author":"Redaktion JazzZeitung","date":"29. Juni 2016","format":false,"excerpt":"Am 11. November 2016 wird zum vierten Mal der Junge M\u00fcnchner Jazzpreis vergeben.\u00a0 Mit diesem Preis\u00a0 sollen junge K\u00fcnstler und Bands aus Deutschland gef\u00f6rdert werden. Bewerben k\u00f6nnen sich 1-6 Jazzmusiker(innen). Jede(r) Musiker(in) kann sich im selben Jahr nur einmal bewerben, insgesamt maximal dreimal. Alle Bewerber(innen) sollen zum Zeitpunkt der Bewerbungsfrist\u2026","rel":"","context":"In &quot;News&quot;","block_context":{"text":"News","link":"https:\/\/www.jazzzeitung.de\/cms\/thema\/nachrichten\/"},"img":{"alt_text":"Logo_Muc_Jazz-300x244","src":"https:\/\/i0.wp.com\/www.jazzzeitung.de\/cms\/wp-content\/uploads\/2016\/06\/Logo_Muc_Jazz-300x244-150x150.png?resize=350%2C200","width":350,"height":200},"classes":[]},{"id":24170,"url":"https:\/\/www.jazzzeitung.de\/cms\/2021\/01\/maik-krahl-quartett-mit-seinem-programm-fraction-live-im-jazzclub-unterfahrt\/","url_meta":{"origin":28546,"position":5},"title":"Maik Krahl Quartett mit seinem Programm Fraction live im Jazzclub Unterfahrt\u00a0","author":"Thomas J. Krebs","date":"16. Januar 2021","format":false,"excerpt":"Der K\u00f6lner Trompeter Maik Krahl hat sich im Laufe der letzten Jahre in der Jazz-Szene etabliert und sein Ruf als Trompeter der neuen wilden Generation eilt ihm bereits voraus. Mit der aktuellen CD \u201eFRACTION\u201c, erschienen auf dem holl\u00e4ndischen Challenge Label, f\u00fchrt er seinen kompositorischen Ansatz konsequent fort, wobei das Album\u2026","rel":"","context":"In &quot;Bericht&quot;","block_context":{"text":"Bericht","link":"https:\/\/www.jazzzeitung.de\/cms\/thema\/bericht\/"},"img":{"alt_text":"","src":"https:\/\/i0.wp.com\/www.jazzzeitung.de\/cms\/wp-content\/uploads\/2021\/01\/P2028180-Lutz-Krahl-Foto-TJ-Krebs.jpg?fit=800%2C533&ssl=1&resize=350%2C200","width":350,"height":200,"srcset":"https:\/\/i0.wp.com\/www.jazzzeitung.de\/cms\/wp-content\/uploads\/2021\/01\/P2028180-Lutz-Krahl-Foto-TJ-Krebs.jpg?fit=800%2C533&ssl=1&resize=350%2C200 1x, https:\/\/i0.wp.com\/www.jazzzeitung.de\/cms\/wp-content\/uploads\/2021\/01\/P2028180-Lutz-Krahl-Foto-TJ-Krebs.jpg?fit=800%2C533&ssl=1&resize=525%2C300 1.5x, https:\/\/i0.wp.com\/www.jazzzeitung.de\/cms\/wp-content\/uploads\/2021\/01\/P2028180-Lutz-Krahl-Foto-TJ-Krebs.jpg?fit=800%2C533&ssl=1&resize=700%2C400 2x"},"classes":[]}],"jetpack_sharing_enabled":true,"_links":{"self":[{"href":"https:\/\/www.jazzzeitung.de\/cms\/wp-json\/wp\/v2\/posts\/28546","targetHints":{"allow":["GET"]}}],"collection":[{"href":"https:\/\/www.jazzzeitung.de\/cms\/wp-json\/wp\/v2\/posts"}],"about":[{"href":"https:\/\/www.jazzzeitung.de\/cms\/wp-json\/wp\/v2\/types\/post"}],"author":[{"embeddable":true,"href":"https:\/\/www.jazzzeitung.de\/cms\/wp-json\/wp\/v2\/users\/18"}],"replies":[{"embeddable":true,"href":"https:\/\/www.jazzzeitung.de\/cms\/wp-json\/wp\/v2\/comments?post=28546"}],"version-history":[{"count":5,"href":"https:\/\/www.jazzzeitung.de\/cms\/wp-json\/wp\/v2\/posts\/28546\/revisions"}],"predecessor-version":[{"id":28565,"href":"https:\/\/www.jazzzeitung.de\/cms\/wp-json\/wp\/v2\/posts\/28546\/revisions\/28565"}],"wp:featuredmedia":[{"embeddable":true,"href":"https:\/\/www.jazzzeitung.de\/cms\/wp-json\/wp\/v2\/media\/28548"}],"wp:attachment":[{"href":"https:\/\/www.jazzzeitung.de\/cms\/wp-json\/wp\/v2\/media?parent=28546"}],"wp:term":[{"taxonomy":"category","embeddable":true,"href":"https:\/\/www.jazzzeitung.de\/cms\/wp-json\/wp\/v2\/categories?post=28546"},{"taxonomy":"post_tag","embeddable":true,"href":"https:\/\/www.jazzzeitung.de\/cms\/wp-json\/wp\/v2\/tags?post=28546"},{"taxonomy":"author","embeddable":true,"href":"https:\/\/www.jazzzeitung.de\/cms\/wp-json\/wp\/v2\/coauthors?post=28546"}],"curies":[{"name":"wp","href":"https:\/\/api.w.org\/{rel}","templated":true}]}}