{"id":28521,"date":"2022-10-20T12:44:49","date_gmt":"2022-10-20T10:44:49","guid":{"rendered":"https:\/\/www.jazzzeitung.de\/cms\/?p=28521"},"modified":"2022-10-20T12:44:49","modified_gmt":"2022-10-20T10:44:49","slug":"fisch-und-fischer-schuhplatteln-christian-kuehn-vertont-grimmsche-maerchen","status":"publish","type":"post","link":"https:\/\/www.jazzzeitung.de\/cms\/2022\/10\/fisch-und-fischer-schuhplatteln-christian-kuehn-vertont-grimmsche-maerchen\/","title":{"rendered":"Fisch und Fischer schuhplatteln \u2013 Christian K\u00fchn vertont Grimm\u2019sche M\u00e4rchen"},"content":{"rendered":"<h3>\u201eManntje, Manntje, Timpe Te \/ Buttje, Buttje inne See\u2026\u201c grummelt Christian K\u00fchn zwischen leicht t\u00e4nzelnder Gitarre und schweren Bassschritten. Der einfallsreiche Komponist und Gitarrist hat mit seiner Band Kuhn Fu das alte Grimm\u2018sche M\u00e4rchen vom \u201eFischermann und syner Frau\u201c vertont und interpretiert es auf dem siebten Album mit dadaistischer Lust v\u00f6llig neu.<\/h3>\n<p>&nbsp;<\/p>\n<p>Um es vorneweg zu sagen: Es ist ein kolossales Vergn\u00fcgen, ein k\u00f6stlicher exzentrischer Spa\u00df mit manchmal heftiger Sturmgitarre und entsetzt jaulenden Klarinetten, tanzendem Bass und raunender Erz\u00e4hlstimme. An jeder Ecke springt ein neues musikalisches Ballett aus dem Wasser, tanzt mit dem Fischer Marcel De Champignon, einem Hornspieler, und dem Fisch \u201eBruno the Architect\u201c einen Schuhplattler, Blues oder punkges\u00e4ttigten Reigen.<\/p>\n<p>&nbsp;<\/p>\n<h3>Mit improvisatorischer Spielfreude<\/h3>\n<p>Mit forciertem deutschem Akzent wird die Geschichte auf Englisch zu einem modernen M\u00e4rchen umgeformt. Hauptfigur ist der Fischer, der auf der Suche nach der perfekten Melodie ist \u2013 nach \u201ethe melody that makes millions\u201c. Diesen Wunsch soll ihm der Fisch erf\u00fcllen. Dabei entstehen \u2013 auf dem gleichzeitig ver\u00f6ffentlichten Live-Album (Vinyl) aus Saalfelden zu h\u00f6ren \u2013 die Texte immer wieder spontan auf der B\u00fchne. Neben zwei Klassikern der wunderbar abgedrehten Band, \u201eNosferatu\u201c und \u201eMaharani\u201c, sind darauf ausschlie\u00dflich neue St\u00fccke zu h\u00f6ren. Die Musikant*innen gehen dabei mit immenser Spielfreude an das Werk \u2013 im Studio wie auf der B\u00fchne. Ob bei den Variationen \u00fcber die ausgesprochen sch\u00f6nen Melodien, die Christian K\u00fchn als Ausgangspunkte f\u00fcr die St\u00fccke komponiert oder bei den freien Improvisationen: Die perfekt aufeinander eingespielte Band entwickelt aus der gemeinsamen Bewegung heraus eine Musik, die man so noch nicht geh\u00f6rt hat.<\/p>\n<p>&nbsp;<\/p>\n<h3>Humoristische und dabei qualitative Musik<\/h3>\n<p>Es ist eine eigensinnige Form von Jazzrock (oder Rockjazz), zwischen Parodie und gro\u00dfer Ernsthaftigkeit, voller Energie und dr\u00e4ngender Eigenwilligkeit. Mit unb\u00e4ndiger Lust spielt sie gegen musikalische Scheuklappen an, inspiriert von Individualisten und Nonkonformisten wie Captain Beefhart, Frank Zappa oder der perfektionistischen Chaostruppe Monty Python. K\u00fchns international besetztes Ensemble spielt die vor Melodien und kompositorischen Ideen\u00a0\u00fcberbordenden St\u00fccke, als ginge es ums Ganze. Dabei bleibt die Qualit\u00e4t der Musik von der intensiven Komik unber\u00fchrt.<\/p>\n<p>&nbsp;<\/p>\n<p>Text: Michael Scheiner<\/p>\n<p><em>\u00a0<\/em><\/p>\n<p><em>Besetzung: <\/em><\/p>\n<p><em>John Dikeman \u2013 Tenorsaxofon<\/em><\/p>\n<p><em>Tobias Delius \u2013 Tenorsaxofon, Klarinette <\/em><\/p>\n<p><em>Ziv Taubenfeld \u2013 Bassklarinette<\/em><\/p>\n<p><em>Sofia Salvo \u2013 Baritonsaxofon<\/em><\/p>\n<p><em>Esat Ekincioglu \u2013 Bass<\/em><\/p>\n<p><em>George Hadow \u2013 Schlagzeug<\/em><\/p>\n<p><em>Christian Achim K\u00fchn \u2013 Gitarre, Stimme, Komposition <\/em><\/p>\n","protected":false},"excerpt":{"rendered":"<p>\u201eManntje, Manntje, Timpe Te \/ Buttje, Buttje inne See\u2026\u201c grummelt Christian K\u00fchn zwischen leicht t\u00e4nzelnder Gitarre und schweren Bassschritten. Der einfallsreiche Komponist und Gitarrist hat mit seiner Band Kuhn Fu das alte Grimm\u2018sche M\u00e4rchen vom \u201eFischermann und syner Frau\u201c vertont und interpretiert es auf dem siebten Album mit dadaistischer Lust v\u00f6llig neu. &nbsp; Um es vorneweg zu sagen: Es ist ein kolossales Vergn\u00fcgen, ein k\u00f6stlicher exzentrischer Spa\u00df mit manchmal heftiger Sturmgitarre und entsetzt jaulenden Klarinetten, tanzendem Bass und raunender Erz\u00e4hlstimme. An jeder Ecke springt ein neues musikalisches Ballett aus dem Wasser, tanzt mit dem Fischer Marcel De Champignon, einem Hornspieler, und dem Fisch \u201eBruno the Architect\u201c einen Schuhplattler, Blues oder punkges\u00e4ttigten Reigen. &nbsp; Mit improvisatorischer Spielfreude Mit forciertem deutschem Akzent wird die Geschichte auf Englisch zu einem modernen M\u00e4rchen umgeformt. Hauptfigur ist der Fischer, der auf der Suche nach der perfekten Melodie ist \u2013 nach \u201ethe melody that makes millions\u201c. Diesen Wunsch soll ihm der Fisch erf\u00fcllen. Dabei entstehen \u2013 auf dem gleichzeitig ver\u00f6ffentlichten Live-Album (Vinyl) aus Saalfelden zu h\u00f6ren \u2013 die Texte immer wieder spontan auf der B\u00fchne. Neben zwei Klassikern der wunderbar abgedrehten &hellip;<\/p>\n","protected":false},"author":37,"featured_media":28522,"comment_status":"open","ping_status":"closed","sticky":false,"template":"","format":"standard","meta":{"_jetpack_memberships_contains_paid_content":false,"footnotes":"","jetpack_publicize_message":"","jetpack_publicize_feature_enabled":true,"jetpack_social_post_already_shared":false,"jetpack_social_options":{"image_generator_settings":{"template":"highway","default_image_id":0,"font":"","enabled":false},"version":2}},"categories":[1152],"tags":[4347,4349,4348],"coauthors":[1765],"class_list":["post-28521","post","type-post","status-publish","format-standard","has-post-thumbnail","hentry","category-rezension","tag-christian-achim-kuehn","tag-jazz-is-expensive","tag-kuhn-fu-7"],"yoast_head":"<!-- This site is optimized with the Yoast SEO plugin v27.5 - https:\/\/yoast.com\/product\/yoast-seo-wordpress\/ -->\n<title>Fisch und Fischer schuhplatteln \u2013 Christian K\u00fchn vertont Grimm\u2019sche M\u00e4rchen - JazzZeitung<\/title>\n<meta name=\"robots\" content=\"index, follow, max-snippet:-1, max-image-preview:large, max-video-preview:-1\" \/>\n<link rel=\"canonical\" href=\"https:\/\/www.jazzzeitung.de\/cms\/2022\/10\/fisch-und-fischer-schuhplatteln-christian-kuehn-vertont-grimmsche-maerchen\/\" \/>\n<meta property=\"og:locale\" content=\"de_DE\" \/>\n<meta property=\"og:type\" content=\"article\" \/>\n<meta property=\"og:title\" content=\"Fisch und Fischer schuhplatteln \u2013 Christian K\u00fchn vertont Grimm\u2019sche M\u00e4rchen - JazzZeitung\" \/>\n<meta property=\"og:description\" content=\"\u201eManntje, Manntje, Timpe Te \/ Buttje, Buttje inne See\u2026\u201c grummelt Christian K\u00fchn zwischen leicht t\u00e4nzelnder Gitarre und schweren Bassschritten. Der einfallsreiche Komponist und Gitarrist hat mit seiner Band Kuhn Fu das alte Grimm\u2018sche M\u00e4rchen vom \u201eFischermann und syner Frau\u201c vertont und interpretiert es auf dem siebten Album mit dadaistischer Lust v\u00f6llig neu. &nbsp; Um es vorneweg zu sagen: Es ist ein kolossales Vergn\u00fcgen, ein k\u00f6stlicher exzentrischer Spa\u00df mit manchmal heftiger Sturmgitarre und entsetzt jaulenden Klarinetten, tanzendem Bass und raunender Erz\u00e4hlstimme. An jeder Ecke springt ein neues musikalisches Ballett aus dem Wasser, tanzt mit dem Fischer Marcel De Champignon, einem Hornspieler, und dem Fisch \u201eBruno the Architect\u201c einen Schuhplattler, Blues oder punkges\u00e4ttigten Reigen. &nbsp; Mit improvisatorischer Spielfreude Mit forciertem deutschem Akzent wird die Geschichte auf Englisch zu einem modernen M\u00e4rchen umgeformt. Hauptfigur ist der Fischer, der auf der Suche nach der perfekten Melodie ist \u2013 nach \u201ethe melody that makes millions\u201c. Diesen Wunsch soll ihm der Fisch erf\u00fcllen. Dabei entstehen \u2013 auf dem gleichzeitig ver\u00f6ffentlichten Live-Album (Vinyl) aus Saalfelden zu h\u00f6ren \u2013 die Texte immer wieder spontan auf der B\u00fchne. Neben zwei Klassikern der wunderbar abgedrehten &hellip;\" \/>\n<meta property=\"og:url\" content=\"https:\/\/www.jazzzeitung.de\/cms\/2022\/10\/fisch-und-fischer-schuhplatteln-christian-kuehn-vertont-grimmsche-maerchen\/\" \/>\n<meta property=\"og:site_name\" content=\"JazzZeitung\" \/>\n<meta property=\"article:publisher\" content=\"https:\/\/www.facebook.com\/JazzZeitung\/\" \/>\n<meta property=\"article:published_time\" content=\"2022-10-20T10:44:49+00:00\" \/>\n<meta property=\"og:image\" content=\"https:\/\/www.jazzzeitung.de\/cms\/wp-content\/uploads\/2022\/10\/cover.jpg\" \/>\n\t<meta property=\"og:image:width\" content=\"1478\" \/>\n\t<meta property=\"og:image:height\" content=\"1478\" \/>\n\t<meta property=\"og:image:type\" content=\"image\/jpeg\" \/>\n<meta name=\"author\" content=\"Michael Scheiner\" \/>\n<script type=\"application\/ld+json\" class=\"yoast-schema-graph\">{\"@context\":\"https:\\\/\\\/schema.org\",\"@graph\":[{\"@type\":\"Article\",\"@id\":\"https:\\\/\\\/www.jazzzeitung.de\\\/cms\\\/2022\\\/10\\\/fisch-und-fischer-schuhplatteln-christian-kuehn-vertont-grimmsche-maerchen\\\/#article\",\"isPartOf\":{\"@id\":\"https:\\\/\\\/www.jazzzeitung.de\\\/cms\\\/2022\\\/10\\\/fisch-und-fischer-schuhplatteln-christian-kuehn-vertont-grimmsche-maerchen\\\/\"},\"author\":{\"name\":\"Michael Scheiner\",\"@id\":\"https:\\\/\\\/www.jazzzeitung.de\\\/cms\\\/#\\\/schema\\\/person\\\/a0bebd4d1728041629a3cbd7790f87fb\"},\"headline\":\"Fisch und Fischer schuhplatteln \u2013 Christian K\u00fchn vertont Grimm\u2019sche M\u00e4rchen\",\"datePublished\":\"2022-10-20T10:44:49+00:00\",\"mainEntityOfPage\":{\"@id\":\"https:\\\/\\\/www.jazzzeitung.de\\\/cms\\\/2022\\\/10\\\/fisch-und-fischer-schuhplatteln-christian-kuehn-vertont-grimmsche-maerchen\\\/\"},\"wordCount\":404,\"commentCount\":0,\"publisher\":{\"@id\":\"https:\\\/\\\/www.jazzzeitung.de\\\/cms\\\/#organization\"},\"image\":{\"@id\":\"https:\\\/\\\/www.jazzzeitung.de\\\/cms\\\/2022\\\/10\\\/fisch-und-fischer-schuhplatteln-christian-kuehn-vertont-grimmsche-maerchen\\\/#primaryimage\"},\"thumbnailUrl\":\"https:\\\/\\\/i0.wp.com\\\/www.jazzzeitung.de\\\/cms\\\/wp-content\\\/uploads\\\/2022\\\/10\\\/cover.jpg?fit=1478%2C1478&ssl=1\",\"keywords\":[\"Christian Achim K\u00fchn\",\"Jazz is expensive\",\"Kuhn Fu 7\"],\"articleSection\":[\"Rezension\"],\"inLanguage\":\"de\",\"potentialAction\":[{\"@type\":\"CommentAction\",\"name\":\"Comment\",\"target\":[\"https:\\\/\\\/www.jazzzeitung.de\\\/cms\\\/2022\\\/10\\\/fisch-und-fischer-schuhplatteln-christian-kuehn-vertont-grimmsche-maerchen\\\/#respond\"]}]},{\"@type\":\"WebPage\",\"@id\":\"https:\\\/\\\/www.jazzzeitung.de\\\/cms\\\/2022\\\/10\\\/fisch-und-fischer-schuhplatteln-christian-kuehn-vertont-grimmsche-maerchen\\\/\",\"url\":\"https:\\\/\\\/www.jazzzeitung.de\\\/cms\\\/2022\\\/10\\\/fisch-und-fischer-schuhplatteln-christian-kuehn-vertont-grimmsche-maerchen\\\/\",\"name\":\"Fisch und Fischer schuhplatteln \u2013 Christian K\u00fchn vertont Grimm\u2019sche M\u00e4rchen - JazzZeitung\",\"isPartOf\":{\"@id\":\"https:\\\/\\\/www.jazzzeitung.de\\\/cms\\\/#website\"},\"primaryImageOfPage\":{\"@id\":\"https:\\\/\\\/www.jazzzeitung.de\\\/cms\\\/2022\\\/10\\\/fisch-und-fischer-schuhplatteln-christian-kuehn-vertont-grimmsche-maerchen\\\/#primaryimage\"},\"image\":{\"@id\":\"https:\\\/\\\/www.jazzzeitung.de\\\/cms\\\/2022\\\/10\\\/fisch-und-fischer-schuhplatteln-christian-kuehn-vertont-grimmsche-maerchen\\\/#primaryimage\"},\"thumbnailUrl\":\"https:\\\/\\\/i0.wp.com\\\/www.jazzzeitung.de\\\/cms\\\/wp-content\\\/uploads\\\/2022\\\/10\\\/cover.jpg?fit=1478%2C1478&ssl=1\",\"datePublished\":\"2022-10-20T10:44:49+00:00\",\"breadcrumb\":{\"@id\":\"https:\\\/\\\/www.jazzzeitung.de\\\/cms\\\/2022\\\/10\\\/fisch-und-fischer-schuhplatteln-christian-kuehn-vertont-grimmsche-maerchen\\\/#breadcrumb\"},\"inLanguage\":\"de\",\"potentialAction\":[{\"@type\":\"ReadAction\",\"target\":[\"https:\\\/\\\/www.jazzzeitung.de\\\/cms\\\/2022\\\/10\\\/fisch-und-fischer-schuhplatteln-christian-kuehn-vertont-grimmsche-maerchen\\\/\"]}]},{\"@type\":\"ImageObject\",\"inLanguage\":\"de\",\"@id\":\"https:\\\/\\\/www.jazzzeitung.de\\\/cms\\\/2022\\\/10\\\/fisch-und-fischer-schuhplatteln-christian-kuehn-vertont-grimmsche-maerchen\\\/#primaryimage\",\"url\":\"https:\\\/\\\/i0.wp.com\\\/www.jazzzeitung.de\\\/cms\\\/wp-content\\\/uploads\\\/2022\\\/10\\\/cover.jpg?fit=1478%2C1478&ssl=1\",\"contentUrl\":\"https:\\\/\\\/i0.wp.com\\\/www.jazzzeitung.de\\\/cms\\\/wp-content\\\/uploads\\\/2022\\\/10\\\/cover.jpg?fit=1478%2C1478&ssl=1\",\"width\":1478,\"height\":1478,\"caption\":\"Cover: Kuhn Fu 7\"},{\"@type\":\"BreadcrumbList\",\"@id\":\"https:\\\/\\\/www.jazzzeitung.de\\\/cms\\\/2022\\\/10\\\/fisch-und-fischer-schuhplatteln-christian-kuehn-vertont-grimmsche-maerchen\\\/#breadcrumb\",\"itemListElement\":[{\"@type\":\"ListItem\",\"position\":1,\"name\":\"Startseite\",\"item\":\"https:\\\/\\\/www.jazzzeitung.de\\\/cms\\\/\"},{\"@type\":\"ListItem\",\"position\":2,\"name\":\"Fisch und Fischer schuhplatteln \u2013 Christian K\u00fchn vertont Grimm\u2019sche M\u00e4rchen\"}]},{\"@type\":\"WebSite\",\"@id\":\"https:\\\/\\\/www.jazzzeitung.de\\\/cms\\\/#website\",\"url\":\"https:\\\/\\\/www.jazzzeitung.de\\\/cms\\\/\",\"name\":\"JazzZeitung\",\"description\":\"Jazz-News und Jazz-Kontroverses\",\"publisher\":{\"@id\":\"https:\\\/\\\/www.jazzzeitung.de\\\/cms\\\/#organization\"},\"potentialAction\":[{\"@type\":\"SearchAction\",\"target\":{\"@type\":\"EntryPoint\",\"urlTemplate\":\"https:\\\/\\\/www.jazzzeitung.de\\\/cms\\\/?s={search_term_string}\"},\"query-input\":{\"@type\":\"PropertyValueSpecification\",\"valueRequired\":true,\"valueName\":\"search_term_string\"}}],\"inLanguage\":\"de\"},{\"@type\":\"Organization\",\"@id\":\"https:\\\/\\\/www.jazzzeitung.de\\\/cms\\\/#organization\",\"name\":\"JazzZeitung online\",\"url\":\"https:\\\/\\\/www.jazzzeitung.de\\\/cms\\\/\",\"logo\":{\"@type\":\"ImageObject\",\"inLanguage\":\"de\",\"@id\":\"https:\\\/\\\/www.jazzzeitung.de\\\/cms\\\/#\\\/schema\\\/logo\\\/image\\\/\",\"url\":\"https:\\\/\\\/i0.wp.com\\\/www.jazzzeitung.de\\\/cms\\\/wp-content\\\/uploads\\\/2015\\\/08\\\/JAZZZEITUNGDE_Logo_Neu.png?fit=499%2C200&ssl=1\",\"contentUrl\":\"https:\\\/\\\/i0.wp.com\\\/www.jazzzeitung.de\\\/cms\\\/wp-content\\\/uploads\\\/2015\\\/08\\\/JAZZZEITUNGDE_Logo_Neu.png?fit=499%2C200&ssl=1\",\"width\":499,\"height\":200,\"caption\":\"JazzZeitung online\"},\"image\":{\"@id\":\"https:\\\/\\\/www.jazzzeitung.de\\\/cms\\\/#\\\/schema\\\/logo\\\/image\\\/\"},\"sameAs\":[\"https:\\\/\\\/www.facebook.com\\\/JazzZeitung\\\/\"]},{\"@type\":\"Person\",\"@id\":\"https:\\\/\\\/www.jazzzeitung.de\\\/cms\\\/#\\\/schema\\\/person\\\/a0bebd4d1728041629a3cbd7790f87fb\",\"name\":\"Michael Scheiner\",\"image\":{\"@type\":\"ImageObject\",\"inLanguage\":\"de\",\"@id\":\"https:\\\/\\\/secure.gravatar.com\\\/avatar\\\/c2d6ac12f682c419867cf3f803880bb41d5b23007d3670820aa9a6e7b5f6ec8d?s=96&d=wp_user_avatar&r=gdabb1b10453880983dfc53da7552ec76\",\"url\":\"https:\\\/\\\/secure.gravatar.com\\\/avatar\\\/c2d6ac12f682c419867cf3f803880bb41d5b23007d3670820aa9a6e7b5f6ec8d?s=96&d=wp_user_avatar&r=g\",\"contentUrl\":\"https:\\\/\\\/secure.gravatar.com\\\/avatar\\\/c2d6ac12f682c419867cf3f803880bb41d5b23007d3670820aa9a6e7b5f6ec8d?s=96&d=wp_user_avatar&r=g\",\"caption\":\"Michael Scheiner\"},\"sameAs\":[\"http:\\\/\\\/www.michaelscheiner.de\"],\"url\":\"https:\\\/\\\/www.jazzzeitung.de\\\/cms\\\/author\\\/mscheiner\\\/\"}]}<\/script>\n<!-- \/ Yoast SEO plugin. -->","yoast_head_json":{"title":"Fisch und Fischer schuhplatteln \u2013 Christian K\u00fchn vertont Grimm\u2019sche M\u00e4rchen - JazzZeitung","robots":{"index":"index","follow":"follow","max-snippet":"max-snippet:-1","max-image-preview":"max-image-preview:large","max-video-preview":"max-video-preview:-1"},"canonical":"https:\/\/www.jazzzeitung.de\/cms\/2022\/10\/fisch-und-fischer-schuhplatteln-christian-kuehn-vertont-grimmsche-maerchen\/","og_locale":"de_DE","og_type":"article","og_title":"Fisch und Fischer schuhplatteln \u2013 Christian K\u00fchn vertont Grimm\u2019sche M\u00e4rchen - JazzZeitung","og_description":"\u201eManntje, Manntje, Timpe Te \/ Buttje, Buttje inne See\u2026\u201c grummelt Christian K\u00fchn zwischen leicht t\u00e4nzelnder Gitarre und schweren Bassschritten. Der einfallsreiche Komponist und Gitarrist hat mit seiner Band Kuhn Fu das alte Grimm\u2018sche M\u00e4rchen vom \u201eFischermann und syner Frau\u201c vertont und interpretiert es auf dem siebten Album mit dadaistischer Lust v\u00f6llig neu. &nbsp; Um es vorneweg zu sagen: Es ist ein kolossales Vergn\u00fcgen, ein k\u00f6stlicher exzentrischer Spa\u00df mit manchmal heftiger Sturmgitarre und entsetzt jaulenden Klarinetten, tanzendem Bass und raunender Erz\u00e4hlstimme. An jeder Ecke springt ein neues musikalisches Ballett aus dem Wasser, tanzt mit dem Fischer Marcel De Champignon, einem Hornspieler, und dem Fisch \u201eBruno the Architect\u201c einen Schuhplattler, Blues oder punkges\u00e4ttigten Reigen. &nbsp; Mit improvisatorischer Spielfreude Mit forciertem deutschem Akzent wird die Geschichte auf Englisch zu einem modernen M\u00e4rchen umgeformt. Hauptfigur ist der Fischer, der auf der Suche nach der perfekten Melodie ist \u2013 nach \u201ethe melody that makes millions\u201c. Diesen Wunsch soll ihm der Fisch erf\u00fcllen. Dabei entstehen \u2013 auf dem gleichzeitig ver\u00f6ffentlichten Live-Album (Vinyl) aus Saalfelden zu h\u00f6ren \u2013 die Texte immer wieder spontan auf der B\u00fchne. Neben zwei Klassikern der wunderbar abgedrehten &hellip;","og_url":"https:\/\/www.jazzzeitung.de\/cms\/2022\/10\/fisch-und-fischer-schuhplatteln-christian-kuehn-vertont-grimmsche-maerchen\/","og_site_name":"JazzZeitung","article_publisher":"https:\/\/www.facebook.com\/JazzZeitung\/","article_published_time":"2022-10-20T10:44:49+00:00","og_image":[{"width":1478,"height":1478,"url":"https:\/\/www.jazzzeitung.de\/cms\/wp-content\/uploads\/2022\/10\/cover.jpg","type":"image\/jpeg"}],"author":"Michael Scheiner","schema":{"@context":"https:\/\/schema.org","@graph":[{"@type":"Article","@id":"https:\/\/www.jazzzeitung.de\/cms\/2022\/10\/fisch-und-fischer-schuhplatteln-christian-kuehn-vertont-grimmsche-maerchen\/#article","isPartOf":{"@id":"https:\/\/www.jazzzeitung.de\/cms\/2022\/10\/fisch-und-fischer-schuhplatteln-christian-kuehn-vertont-grimmsche-maerchen\/"},"author":{"name":"Michael Scheiner","@id":"https:\/\/www.jazzzeitung.de\/cms\/#\/schema\/person\/a0bebd4d1728041629a3cbd7790f87fb"},"headline":"Fisch und Fischer schuhplatteln \u2013 Christian K\u00fchn vertont Grimm\u2019sche M\u00e4rchen","datePublished":"2022-10-20T10:44:49+00:00","mainEntityOfPage":{"@id":"https:\/\/www.jazzzeitung.de\/cms\/2022\/10\/fisch-und-fischer-schuhplatteln-christian-kuehn-vertont-grimmsche-maerchen\/"},"wordCount":404,"commentCount":0,"publisher":{"@id":"https:\/\/www.jazzzeitung.de\/cms\/#organization"},"image":{"@id":"https:\/\/www.jazzzeitung.de\/cms\/2022\/10\/fisch-und-fischer-schuhplatteln-christian-kuehn-vertont-grimmsche-maerchen\/#primaryimage"},"thumbnailUrl":"https:\/\/i0.wp.com\/www.jazzzeitung.de\/cms\/wp-content\/uploads\/2022\/10\/cover.jpg?fit=1478%2C1478&ssl=1","keywords":["Christian Achim K\u00fchn","Jazz is expensive","Kuhn Fu 7"],"articleSection":["Rezension"],"inLanguage":"de","potentialAction":[{"@type":"CommentAction","name":"Comment","target":["https:\/\/www.jazzzeitung.de\/cms\/2022\/10\/fisch-und-fischer-schuhplatteln-christian-kuehn-vertont-grimmsche-maerchen\/#respond"]}]},{"@type":"WebPage","@id":"https:\/\/www.jazzzeitung.de\/cms\/2022\/10\/fisch-und-fischer-schuhplatteln-christian-kuehn-vertont-grimmsche-maerchen\/","url":"https:\/\/www.jazzzeitung.de\/cms\/2022\/10\/fisch-und-fischer-schuhplatteln-christian-kuehn-vertont-grimmsche-maerchen\/","name":"Fisch und Fischer schuhplatteln \u2013 Christian K\u00fchn vertont Grimm\u2019sche M\u00e4rchen - JazzZeitung","isPartOf":{"@id":"https:\/\/www.jazzzeitung.de\/cms\/#website"},"primaryImageOfPage":{"@id":"https:\/\/www.jazzzeitung.de\/cms\/2022\/10\/fisch-und-fischer-schuhplatteln-christian-kuehn-vertont-grimmsche-maerchen\/#primaryimage"},"image":{"@id":"https:\/\/www.jazzzeitung.de\/cms\/2022\/10\/fisch-und-fischer-schuhplatteln-christian-kuehn-vertont-grimmsche-maerchen\/#primaryimage"},"thumbnailUrl":"https:\/\/i0.wp.com\/www.jazzzeitung.de\/cms\/wp-content\/uploads\/2022\/10\/cover.jpg?fit=1478%2C1478&ssl=1","datePublished":"2022-10-20T10:44:49+00:00","breadcrumb":{"@id":"https:\/\/www.jazzzeitung.de\/cms\/2022\/10\/fisch-und-fischer-schuhplatteln-christian-kuehn-vertont-grimmsche-maerchen\/#breadcrumb"},"inLanguage":"de","potentialAction":[{"@type":"ReadAction","target":["https:\/\/www.jazzzeitung.de\/cms\/2022\/10\/fisch-und-fischer-schuhplatteln-christian-kuehn-vertont-grimmsche-maerchen\/"]}]},{"@type":"ImageObject","inLanguage":"de","@id":"https:\/\/www.jazzzeitung.de\/cms\/2022\/10\/fisch-und-fischer-schuhplatteln-christian-kuehn-vertont-grimmsche-maerchen\/#primaryimage","url":"https:\/\/i0.wp.com\/www.jazzzeitung.de\/cms\/wp-content\/uploads\/2022\/10\/cover.jpg?fit=1478%2C1478&ssl=1","contentUrl":"https:\/\/i0.wp.com\/www.jazzzeitung.de\/cms\/wp-content\/uploads\/2022\/10\/cover.jpg?fit=1478%2C1478&ssl=1","width":1478,"height":1478,"caption":"Cover: Kuhn Fu 7"},{"@type":"BreadcrumbList","@id":"https:\/\/www.jazzzeitung.de\/cms\/2022\/10\/fisch-und-fischer-schuhplatteln-christian-kuehn-vertont-grimmsche-maerchen\/#breadcrumb","itemListElement":[{"@type":"ListItem","position":1,"name":"Startseite","item":"https:\/\/www.jazzzeitung.de\/cms\/"},{"@type":"ListItem","position":2,"name":"Fisch und Fischer schuhplatteln \u2013 Christian K\u00fchn vertont Grimm\u2019sche M\u00e4rchen"}]},{"@type":"WebSite","@id":"https:\/\/www.jazzzeitung.de\/cms\/#website","url":"https:\/\/www.jazzzeitung.de\/cms\/","name":"JazzZeitung","description":"Jazz-News und Jazz-Kontroverses","publisher":{"@id":"https:\/\/www.jazzzeitung.de\/cms\/#organization"},"potentialAction":[{"@type":"SearchAction","target":{"@type":"EntryPoint","urlTemplate":"https:\/\/www.jazzzeitung.de\/cms\/?s={search_term_string}"},"query-input":{"@type":"PropertyValueSpecification","valueRequired":true,"valueName":"search_term_string"}}],"inLanguage":"de"},{"@type":"Organization","@id":"https:\/\/www.jazzzeitung.de\/cms\/#organization","name":"JazzZeitung online","url":"https:\/\/www.jazzzeitung.de\/cms\/","logo":{"@type":"ImageObject","inLanguage":"de","@id":"https:\/\/www.jazzzeitung.de\/cms\/#\/schema\/logo\/image\/","url":"https:\/\/i0.wp.com\/www.jazzzeitung.de\/cms\/wp-content\/uploads\/2015\/08\/JAZZZEITUNGDE_Logo_Neu.png?fit=499%2C200&ssl=1","contentUrl":"https:\/\/i0.wp.com\/www.jazzzeitung.de\/cms\/wp-content\/uploads\/2015\/08\/JAZZZEITUNGDE_Logo_Neu.png?fit=499%2C200&ssl=1","width":499,"height":200,"caption":"JazzZeitung online"},"image":{"@id":"https:\/\/www.jazzzeitung.de\/cms\/#\/schema\/logo\/image\/"},"sameAs":["https:\/\/www.facebook.com\/JazzZeitung\/"]},{"@type":"Person","@id":"https:\/\/www.jazzzeitung.de\/cms\/#\/schema\/person\/a0bebd4d1728041629a3cbd7790f87fb","name":"Michael Scheiner","image":{"@type":"ImageObject","inLanguage":"de","@id":"https:\/\/secure.gravatar.com\/avatar\/c2d6ac12f682c419867cf3f803880bb41d5b23007d3670820aa9a6e7b5f6ec8d?s=96&d=wp_user_avatar&r=gdabb1b10453880983dfc53da7552ec76","url":"https:\/\/secure.gravatar.com\/avatar\/c2d6ac12f682c419867cf3f803880bb41d5b23007d3670820aa9a6e7b5f6ec8d?s=96&d=wp_user_avatar&r=g","contentUrl":"https:\/\/secure.gravatar.com\/avatar\/c2d6ac12f682c419867cf3f803880bb41d5b23007d3670820aa9a6e7b5f6ec8d?s=96&d=wp_user_avatar&r=g","caption":"Michael Scheiner"},"sameAs":["http:\/\/www.michaelscheiner.de"],"url":"https:\/\/www.jazzzeitung.de\/cms\/author\/mscheiner\/"}]}},"wp-worthy-pixel":{"ignored":false,"public":null,"server":null,"url":null},"wp-worthy-type":"normal","jetpack_publicize_connections":[],"cc_featured_image_caption":{"caption_text":"","source_text":"","source_url":""},"jetpack_featured_media_url":"https:\/\/i0.wp.com\/www.jazzzeitung.de\/cms\/wp-content\/uploads\/2022\/10\/cover.jpg?fit=1478%2C1478&ssl=1","jetpack_shortlink":"https:\/\/wp.me\/p3KEcT-7q1","jetpack-related-posts":[{"id":2604,"url":"https:\/\/www.jazzzeitung.de\/cms\/2013\/11\/jazzfest-2013-gestartet-christian-scott-und-joachim-kuehn-stage-stretch-stretch\/","url_meta":{"origin":28521,"position":0},"title":"Jazzfest 2013 gestartet \u2013 Christian Scott und Joachim K\u00fchn on Stage: Stretch as jazz can","author":"Huflaikhan","date":"1. November 2013","format":false,"excerpt":"Es gibt offizielle und heimliche Schwerpunkte bei umfangreichen Veranstaltungen wie es das JazzFest in Berlin eine ist. Offiziell geht es um einen \u201eAfrika-Akzent\u201c, inoffiziell um Umarmungen. Das Er\u00f6ffnungskonzert brachte zwei Formationen nacheinander auf die B\u00fchen: Der Trompeter Christian Scott mit seiner Band und \u201eGnawa Jazz Voodoo \u2013 Joachim K\u00fchn Africa\u2026","rel":"","context":"In &quot;Blog&quot;","block_context":{"text":"Blog","link":"https:\/\/www.jazzzeitung.de\/cms\/thema\/blog\/"},"img":{"alt_text":"Christian Scott. Foto: Petra Basche","src":"https:\/\/i0.wp.com\/www.jazzzeitung.de\/cms\/wp-content\/uploads\/2013\/11\/jf13-01-0721.jpg?resize=350%2C200","width":350,"height":200,"srcset":"https:\/\/i0.wp.com\/www.jazzzeitung.de\/cms\/wp-content\/uploads\/2013\/11\/jf13-01-0721.jpg?resize=350%2C200 1x, https:\/\/i0.wp.com\/www.jazzzeitung.de\/cms\/wp-content\/uploads\/2013\/11\/jf13-01-0721.jpg?resize=525%2C300 1.5x"},"classes":[]},{"id":28211,"url":"https:\/\/www.jazzzeitung.de\/cms\/2022\/08\/clarinet-bird-zum-tode-von-rolf-kuehn\/","url_meta":{"origin":28521,"position":1},"title":"\u201eClarinet Bird\u201c \u2013 Zum Tode von Rolf K\u00fchn","author":"Dietrich Schlegel","date":"22. August 2022","format":false,"excerpt":"Die Jazzwelt weit \u00fcber die deutsche Szene hinaus trauert um Rolf K\u00fchn, Klarinettist von internationalem Ruf, Komponist und Arrangeur, Bandleader sowie Musical Director. Er starb in der Nacht zum Freitag, dem 19. August, in seinem Wohnort Berlin nach vergeblicher Operation infolge eines Sturzes. Er w\u00e4re am 29. September 93 Jahre\u2026","rel":"","context":"In &quot;News&quot;","block_context":{"text":"News","link":"https:\/\/www.jazzzeitung.de\/cms\/thema\/nachrichten\/"},"img":{"alt_text":"","src":"https:\/\/i0.wp.com\/www.jazzzeitung.de\/cms\/wp-content\/uploads\/2022\/08\/huf-cmyk-np-2016-11-Joachim-Rolf-KuehnFotovanLoon845-1.jpg?fit=1200%2C800&ssl=1&resize=350%2C200","width":350,"height":200,"srcset":"https:\/\/i0.wp.com\/www.jazzzeitung.de\/cms\/wp-content\/uploads\/2022\/08\/huf-cmyk-np-2016-11-Joachim-Rolf-KuehnFotovanLoon845-1.jpg?fit=1200%2C800&ssl=1&resize=350%2C200 1x, https:\/\/i0.wp.com\/www.jazzzeitung.de\/cms\/wp-content\/uploads\/2022\/08\/huf-cmyk-np-2016-11-Joachim-Rolf-KuehnFotovanLoon845-1.jpg?fit=1200%2C800&ssl=1&resize=525%2C300 1.5x, https:\/\/i0.wp.com\/www.jazzzeitung.de\/cms\/wp-content\/uploads\/2022\/08\/huf-cmyk-np-2016-11-Joachim-Rolf-KuehnFotovanLoon845-1.jpg?fit=1200%2C800&ssl=1&resize=700%2C400 2x, https:\/\/i0.wp.com\/www.jazzzeitung.de\/cms\/wp-content\/uploads\/2022\/08\/huf-cmyk-np-2016-11-Joachim-Rolf-KuehnFotovanLoon845-1.jpg?fit=1200%2C800&ssl=1&resize=1050%2C600 3x"},"classes":[]},{"id":20588,"url":"https:\/\/www.jazzzeitung.de\/cms\/2019\/09\/news-erstausstrahlung-dokumentation-ueber-die-brueder-kuehn-30-jazzfestival-muenchen-2019\/","url_meta":{"origin":28521,"position":2},"title":"+++ News +++ Erstausstrahlung der Dokumentation \u00fcber die Br\u00fcder K\u00fchn +++ 30. Jazzfestival M\u00fcnchen 2019 +++","author":"Redaktion JazzZeitung","date":"4. September 2019","format":false,"excerpt":"+++ Erstausstrahlung der Dokumentation \u00fcber die Br\u00fcder K\u00fchn +++ Rolf K\u00fchn ist Meister der Jazz-Klarinette. Er arbeitete mit Benny Goodman oder Count Basie zusammen und seine Markenzeichen sind bis heute seine Neugier und Experimentierlust. Sein Bruder Joachim K\u00fchn steht ihm in dieser Hinsicht als Pianist in nichts nach. Bekannt ist\u2026","rel":"","context":"In &quot;News&quot;","block_context":{"text":"News","link":"https:\/\/www.jazzzeitung.de\/cms\/thema\/nachrichten\/"},"img":{"alt_text":"","src":"https:\/\/i0.wp.com\/www.jazzzeitung.de\/cms\/wp-content\/uploads\/2019\/09\/00000001.jpg?fit=1200%2C793&ssl=1&resize=350%2C200","width":350,"height":200,"srcset":"https:\/\/i0.wp.com\/www.jazzzeitung.de\/cms\/wp-content\/uploads\/2019\/09\/00000001.jpg?fit=1200%2C793&ssl=1&resize=350%2C200 1x, https:\/\/i0.wp.com\/www.jazzzeitung.de\/cms\/wp-content\/uploads\/2019\/09\/00000001.jpg?fit=1200%2C793&ssl=1&resize=525%2C300 1.5x, https:\/\/i0.wp.com\/www.jazzzeitung.de\/cms\/wp-content\/uploads\/2019\/09\/00000001.jpg?fit=1200%2C793&ssl=1&resize=700%2C400 2x, https:\/\/i0.wp.com\/www.jazzzeitung.de\/cms\/wp-content\/uploads\/2019\/09\/00000001.jpg?fit=1200%2C793&ssl=1&resize=1050%2C600 3x"},"classes":[]},{"id":15226,"url":"https:\/\/www.jazzzeitung.de\/cms\/2018\/03\/cd-rezension-joachim-kuehn-new-trio-love-peace\/","url_meta":{"origin":28521,"position":3},"title":"CD-Rezension: Joachim K\u00fchn New Trio \u2013 Love &#038; Peace","author":"Michael Scheiner","date":"8. M\u00e4rz 2018","format":false,"excerpt":"\u201eLove & Peace\u201c, das liest sich wie Hippietum und Happening oder steht f\u00fcr esoterische Erleuchtungsrituale. Zutaten also, die bei vielen Menschen \u00a0Abwehr- oder gar Fluchtreaktionen auszul\u00f6sen imstande sind. \u201eLove & Peace\u201c steht aber auch f\u00fcr das Festival auf Fehmarn, bei dem Jimi Hendrix seinen letzten Festivalauftritt hatte, und ist \u2013\u2026","rel":"","context":"In &quot;News&quot;","block_context":{"text":"News","link":"https:\/\/www.jazzzeitung.de\/cms\/thema\/nachrichten\/"},"img":{"alt_text":"","src":"https:\/\/i0.wp.com\/www.jazzzeitung.de\/cms\/wp-content\/uploads\/2018\/03\/Cover_Ku%C2%A8hnNewTrio_ACT9861-2-1.jpg?fit=1200%2C771&ssl=1&resize=350%2C200","width":350,"height":200,"srcset":"https:\/\/i0.wp.com\/www.jazzzeitung.de\/cms\/wp-content\/uploads\/2018\/03\/Cover_Ku%C2%A8hnNewTrio_ACT9861-2-1.jpg?fit=1200%2C771&ssl=1&resize=350%2C200 1x, https:\/\/i0.wp.com\/www.jazzzeitung.de\/cms\/wp-content\/uploads\/2018\/03\/Cover_Ku%C2%A8hnNewTrio_ACT9861-2-1.jpg?fit=1200%2C771&ssl=1&resize=525%2C300 1.5x, https:\/\/i0.wp.com\/www.jazzzeitung.de\/cms\/wp-content\/uploads\/2018\/03\/Cover_Ku%C2%A8hnNewTrio_ACT9861-2-1.jpg?fit=1200%2C771&ssl=1&resize=700%2C400 2x, https:\/\/i0.wp.com\/www.jazzzeitung.de\/cms\/wp-content\/uploads\/2018\/03\/Cover_Ku%C2%A8hnNewTrio_ACT9861-2-1.jpg?fit=1200%2C771&ssl=1&resize=1050%2C600 3x"},"classes":[]},{"id":3758,"url":"https:\/\/www.jazzzeitung.de\/cms\/2014\/04\/joachim-kuehn-portraet-und-auftritt-im-leeren-beutel\/","url_meta":{"origin":28521,"position":4},"title":"Joachim K\u00fchn: Portr\u00e4t und Auftritt im Leeren Beutel","author":"Redaktion JazzZeitung","date":"17. April 2014","format":false,"excerpt":"Unten stehendes Portrait von Ssirus W. Pakazd erschien zuerst in der Printausgabe 2-14. Am 15. April gastierte Joachim K\u00fchn im Leeren Beutel in Regensburg. Juan Martin Koch fotografierte. In Trance: Joachim K\u00fchn feierte seinen 70. Geburtstag - von Ssirus W. Pakzad: Seinen 70. Geburtstag hat Joachim K\u00fchn in einem Berliner\u2026","rel":"","context":"In &quot;JazzZeitung (print)&quot;","block_context":{"text":"JazzZeitung (print)","link":"https:\/\/www.jazzzeitung.de\/cms\/thema\/archiv\/jazzzeitung-print\/"},"img":{"alt_text":"Joachim K\u00fchn 2014 web (c) Juan Martin Koch","src":"https:\/\/i0.wp.com\/www.jazzzeitung.de\/cms\/wp-content\/uploads\/2014\/04\/Joachim-K%C3%BChn-2014-web-c-Juan-Martin-Koch.jpg?fit=929%2C622&ssl=1&resize=350%2C200","width":350,"height":200,"srcset":"https:\/\/i0.wp.com\/www.jazzzeitung.de\/cms\/wp-content\/uploads\/2014\/04\/Joachim-K%C3%BChn-2014-web-c-Juan-Martin-Koch.jpg?fit=929%2C622&ssl=1&resize=350%2C200 1x, https:\/\/i0.wp.com\/www.jazzzeitung.de\/cms\/wp-content\/uploads\/2014\/04\/Joachim-K%C3%BChn-2014-web-c-Juan-Martin-Koch.jpg?fit=929%2C622&ssl=1&resize=525%2C300 1.5x, https:\/\/i0.wp.com\/www.jazzzeitung.de\/cms\/wp-content\/uploads\/2014\/04\/Joachim-K%C3%BChn-2014-web-c-Juan-Martin-Koch.jpg?fit=929%2C622&ssl=1&resize=700%2C400 2x"},"classes":[]},{"id":12368,"url":"https:\/\/www.jazzzeitung.de\/cms\/2017\/05\/joachim-kuehns-ausstellung-schoenheit-und-wahrheit-in-hamburg\/","url_meta":{"origin":28521,"position":5},"title":"Joachim K\u00fchns Ausstellung &#8222;Sch\u00f6nheit und Wahrheit&#8220; in Hamburg","author":"Redaktion JazzZeitung","date":"12. Mai 2017","format":"gallery","excerpt":"\u201eSechzehntelnoten machen mich an\u201c Ein Energieb\u00fcndel am Klavier. Und ein Musiker, der auch malt. Joachim K\u00fchns Ausstellung \u201eSch\u00f6nheit und Wahrheit\u201c in Hamburg Sie hei\u00dfen \u201eAnsicht\u201c, \u201eZeichen\u201c oder \u201eNoten Landschaft\u201c, leuchten dem Betrachter in kr\u00e4ftigen Farben entgegen und haben sichtbar mit Musik zu tun: Gem\u00e4lde von dem Jazzpianisten Joachim K\u00fchn, zurzeit\u2026","rel":"","context":"In &quot;Bericht&quot;","block_context":{"text":"Bericht","link":"https:\/\/www.jazzzeitung.de\/cms\/thema\/bericht\/"},"img":{"alt_text":"","src":"https:\/\/i0.wp.com\/www.jazzzeitung.de\/cms\/wp-content\/uploads\/2017\/05\/Joachim-K%C3%BChn1.jpg?resize=350%2C200","width":350,"height":200,"srcset":"https:\/\/i0.wp.com\/www.jazzzeitung.de\/cms\/wp-content\/uploads\/2017\/05\/Joachim-K%C3%BChn1.jpg?resize=350%2C200 1x, https:\/\/i0.wp.com\/www.jazzzeitung.de\/cms\/wp-content\/uploads\/2017\/05\/Joachim-K%C3%BChn1.jpg?resize=525%2C300 1.5x, https:\/\/i0.wp.com\/www.jazzzeitung.de\/cms\/wp-content\/uploads\/2017\/05\/Joachim-K%C3%BChn1.jpg?resize=700%2C400 2x, https:\/\/i0.wp.com\/www.jazzzeitung.de\/cms\/wp-content\/uploads\/2017\/05\/Joachim-K%C3%BChn1.jpg?resize=1050%2C600 3x, https:\/\/i0.wp.com\/www.jazzzeitung.de\/cms\/wp-content\/uploads\/2017\/05\/Joachim-K%C3%BChn1.jpg?resize=1400%2C800 4x"},"classes":[]}],"jetpack_sharing_enabled":true,"_links":{"self":[{"href":"https:\/\/www.jazzzeitung.de\/cms\/wp-json\/wp\/v2\/posts\/28521","targetHints":{"allow":["GET"]}}],"collection":[{"href":"https:\/\/www.jazzzeitung.de\/cms\/wp-json\/wp\/v2\/posts"}],"about":[{"href":"https:\/\/www.jazzzeitung.de\/cms\/wp-json\/wp\/v2\/types\/post"}],"author":[{"embeddable":true,"href":"https:\/\/www.jazzzeitung.de\/cms\/wp-json\/wp\/v2\/users\/37"}],"replies":[{"embeddable":true,"href":"https:\/\/www.jazzzeitung.de\/cms\/wp-json\/wp\/v2\/comments?post=28521"}],"version-history":[{"count":1,"href":"https:\/\/www.jazzzeitung.de\/cms\/wp-json\/wp\/v2\/posts\/28521\/revisions"}],"predecessor-version":[{"id":28523,"href":"https:\/\/www.jazzzeitung.de\/cms\/wp-json\/wp\/v2\/posts\/28521\/revisions\/28523"}],"wp:featuredmedia":[{"embeddable":true,"href":"https:\/\/www.jazzzeitung.de\/cms\/wp-json\/wp\/v2\/media\/28522"}],"wp:attachment":[{"href":"https:\/\/www.jazzzeitung.de\/cms\/wp-json\/wp\/v2\/media?parent=28521"}],"wp:term":[{"taxonomy":"category","embeddable":true,"href":"https:\/\/www.jazzzeitung.de\/cms\/wp-json\/wp\/v2\/categories?post=28521"},{"taxonomy":"post_tag","embeddable":true,"href":"https:\/\/www.jazzzeitung.de\/cms\/wp-json\/wp\/v2\/tags?post=28521"},{"taxonomy":"author","embeddable":true,"href":"https:\/\/www.jazzzeitung.de\/cms\/wp-json\/wp\/v2\/coauthors?post=28521"}],"curies":[{"name":"wp","href":"https:\/\/api.w.org\/{rel}","templated":true}]}}