{"id":28492,"date":"2022-10-19T09:00:22","date_gmt":"2022-10-19T07:00:22","guid":{"rendered":"https:\/\/www.jazzzeitung.de\/cms\/?p=28492"},"modified":"2022-10-17T16:46:13","modified_gmt":"2022-10-17T14:46:13","slug":"stumme-schreie-und-zirpende-froesche-das-jubilaeumsalbum-von-om-50","status":"publish","type":"post","link":"https:\/\/www.jazzzeitung.de\/cms\/2022\/10\/stumme-schreie-und-zirpende-froesche-das-jubilaeumsalbum-von-om-50\/","title":{"rendered":"Stumme Schreie und zirpende Fr\u00f6sche \u2013 Das Jubil\u00e4umsalbum von OM 50"},"content":{"rendered":"<h3>Im tr\u00fcben Schneeregen sitzen drei auf einer Leitplanke, der vierte steht daneben und streckt einen alten Schirm hoch.<\/h3>\n<h3>Das Bild auf der Homepage vom OM ist ein Signal, ein \u201eOMen\u201c f\u00fcr die Best\u00e4ndigkeit und gemeinsame Energie, die es der Band erm\u00f6glicht, heuer das 50-j\u00e4hrige Bestehen mit einem neuen Album zu feiern, beziehungsweise das Feiern erm\u00f6glichen w\u00fcrde, muss man sagen, denn Schlagzeuger Fredy Studer ist kurz vor Ver\u00f6ffentlichung des Jubil\u00e4umsalbums \u00fcberraschend verstorben.<\/h3>\n<p>&nbsp;<\/p>\n<p>\u201eWir haben nat\u00fcrlich von seiner Krankheit gewusst\u201c, seufzt Christy Doran, \u201edass es aber so pl\u00f6tzlich passiert, hat uns alle \u00fcberrascht und \u00fcberrumpelt\u201c, bekennt der Luzerner Gitarrist h\u00f6rbar betroffen. Auf Tour werden die drei ergrauten Musiker Urs Leimgruber, Christy Doran und Bobby Burri nunmehr mit einem jungen Schweizer Schlagzeuger aus der Enkelgeneration unterwegs sein.<\/p>\n<p>&nbsp;<\/p>\n<h3>50 Jahre Stammbesetzung<\/h3>\n<p>Auf dem quietschbunten Cover steht OM 50 in einem stilisierten, leuchtenden Konfettiregen, unverkennbar designed vom selbst legend\u00e4ren Nikolaus Troxler. Gegr\u00fcndet wurde die Band 1972 unter dem Eindruck (und Einfluss) von John Coltrane und Jimi Hendrix. Bald darauf traten sie am von Troxler gegr\u00fcndeten Willisau-Festival auf. Als Pioniere einer europ\u00e4ischen Electric-Free-Music schrieben sie damit an der europ\u00e4ischen Jazzgeschichte mit. OM versetzte die Rockmusik in spontane Spielverl\u00e4ufe mit ungewissem Ausgang. Ungewissheit, wo die Musik(er) im n\u00e4chsten Moment steh(t)en,\u00a0 Spannung und ein schier unendlicher Fluss an h\u00f6chst diffizilen, brachialen, poetischen wie verschmitzten Kl\u00e4ngen, Ger\u00e4uschen, T\u00f6nen und Grooves sind bis heute Bestandteile des OM-Universums.<\/p>\n<p>&nbsp;<\/p>\n<figure id=\"attachment_28493\" aria-describedby=\"caption-attachment-28493\" style=\"width: 1181px\" class=\"wp-caption aligncenter\"><img data-recalc-dims=\"1\" loading=\"lazy\" decoding=\"async\" data-attachment-id=\"28493\" data-permalink=\"https:\/\/www.jazzzeitung.de\/cms\/2022\/10\/stumme-schreie-und-zirpende-froesche-das-jubilaeumsalbum-von-om-50\/fullsizeoutput_5c3\/\" data-orig-file=\"https:\/\/i0.wp.com\/www.jazzzeitung.de\/cms\/wp-content\/uploads\/2022\/10\/fullsizeoutput_5c3.jpeg?fit=1181%2C838&amp;ssl=1\" data-orig-size=\"1181,838\" data-comments-opened=\"1\" data-image-meta=\"{&quot;aperture&quot;:&quot;0&quot;,&quot;credit&quot;:&quot;&quot;,&quot;camera&quot;:&quot;&quot;,&quot;caption&quot;:&quot;&quot;,&quot;created_timestamp&quot;:&quot;1138209360&quot;,&quot;copyright&quot;:&quot;&quot;,&quot;focal_length&quot;:&quot;0&quot;,&quot;iso&quot;:&quot;0&quot;,&quot;shutter_speed&quot;:&quot;0&quot;,&quot;title&quot;:&quot;&quot;,&quot;orientation&quot;:&quot;1&quot;}\" data-image-title=\"OM. Foto: Max Kellenberger\" data-image-description=\"&lt;p&gt;OM. Foto: Max Kellenberger&lt;\/p&gt;\n\" data-image-caption=\"&lt;p&gt;OM. Foto: Max Kellenberger&lt;\/p&gt;\n\" data-large-file=\"https:\/\/i0.wp.com\/www.jazzzeitung.de\/cms\/wp-content\/uploads\/2022\/10\/fullsizeoutput_5c3.jpeg?fit=840%2C596&amp;ssl=1\" class=\"wp-image-28493 size-full\" src=\"https:\/\/i0.wp.com\/www.jazzzeitung.de\/cms\/wp-content\/uploads\/2022\/10\/fullsizeoutput_5c3.jpeg?resize=840%2C596&#038;ssl=1\" alt=\"\" width=\"840\" height=\"596\" srcset=\"https:\/\/i0.wp.com\/www.jazzzeitung.de\/cms\/wp-content\/uploads\/2022\/10\/fullsizeoutput_5c3.jpeg?w=1181&amp;ssl=1 1181w, https:\/\/i0.wp.com\/www.jazzzeitung.de\/cms\/wp-content\/uploads\/2022\/10\/fullsizeoutput_5c3.jpeg?resize=300%2C213&amp;ssl=1 300w, https:\/\/i0.wp.com\/www.jazzzeitung.de\/cms\/wp-content\/uploads\/2022\/10\/fullsizeoutput_5c3.jpeg?resize=846%2C600&amp;ssl=1 846w, https:\/\/i0.wp.com\/www.jazzzeitung.de\/cms\/wp-content\/uploads\/2022\/10\/fullsizeoutput_5c3.jpeg?resize=768%2C545&amp;ssl=1 768w\" sizes=\"auto, (max-width: 840px) 100vw, 840px\" \/><figcaption id=\"caption-attachment-28493\" class=\"wp-caption-text\">OM (1972). Foto: Max Kellenberger<\/figcaption><\/figure>\n<p>&nbsp;<\/p>\n<p>&nbsp;<\/p>\n<p>Burri scheint sich verwirrt im Kreis zu drehen, wenn er in \u201eFast Line\u201c von Leimgrubers aufgedrehtem Saxophon und Studers wunderbaren Rumpelstilzchen-Tanz mit den St\u00f6cken herumgewirbelt wird. Tats\u00e4chlich aber l\u00e4uft er unbeirrt vorneweg, w\u00e4hrend die anderen hinter ihm zappeln k\u00f6nnen wie sie wollen. Im beruhigten Mittelteil holen sie auf, schwingen und quietschen auf gleicher H\u00f6he in einem Reigen klangsensibler Sch\u00f6nheit, in welchem jetzt auch Doran schillernde Klangfunken einstreut.<\/p>\n<h3>Tierisches Klanggem\u00e4lde<\/h3>\n<p>Oder das ebenso vergn\u00fcgliche wie spannende \u201eA Frog Jumps In\u201c, in welchem tats\u00e4chlich diverse Amphibien und tierische Gestalten auf eine Gruppe verlassener Instrumente sto\u00dfen und diese voller Neugier erkunden. Es ist ein zur\u00fcckgenommenes Spiel mit aufgestellten Ohren \u2013 und einem h\u00f6llischen Spa\u00df, den die vier alternden Jungs vermutlich gehabt haben. Das vokalisierte Saxophon von Leimgruber geht lautmalerisch auf Pirsch durch das unfassbare, weite (Tier-)Klangreich, w\u00e4hrend ihm die anderen mit ihren M\u00f6glichkeiten folgen \u2013 dabei immer wieder lauschen und h\u00f6ren. Jason Bivins schw\u00e4rmt in seinen \u201eLinernotes\u201c von \u201eeinem herrlichen Klangmandala, das sich immer wieder wendet\u201c.<\/p>\n<figure id=\"attachment_28495\" aria-describedby=\"caption-attachment-28495\" style=\"width: 2362px\" class=\"wp-caption aligncenter\"><img data-recalc-dims=\"1\" loading=\"lazy\" decoding=\"async\" data-attachment-id=\"28495\" data-permalink=\"https:\/\/www.jazzzeitung.de\/cms\/2022\/10\/stumme-schreie-und-zirpende-froesche-das-jubilaeumsalbum-von-om-50\/om-fruehjahr-2022\/\" data-orig-file=\"https:\/\/i0.wp.com\/www.jazzzeitung.de\/cms\/wp-content\/uploads\/2022\/10\/Om-fruehjahr-2022.jpg?fit=2362%2C1575&amp;ssl=1\" data-orig-size=\"2362,1575\" data-comments-opened=\"1\" data-image-meta=\"{&quot;aperture&quot;:&quot;11&quot;,&quot;credit&quot;:&quot;&quot;,&quot;camera&quot;:&quot;NIKON D810&quot;,&quot;caption&quot;:&quot;&quot;,&quot;created_timestamp&quot;:&quot;1631247184&quot;,&quot;copyright&quot;:&quot;&quot;,&quot;focal_length&quot;:&quot;62&quot;,&quot;iso&quot;:&quot;1100&quot;,&quot;shutter_speed&quot;:&quot;0.004&quot;,&quot;title&quot;:&quot;&quot;,&quot;orientation&quot;:&quot;1&quot;}\" data-image-title=\"OM (2022). Foto: Max Kellenberger\" data-image-description=\"&lt;p&gt;OM (2022). Foto: Max Kellenberger&lt;\/p&gt;\n\" data-image-caption=\"&lt;p&gt;OM (2022). Foto: Max Kellenberger&lt;\/p&gt;\n\" data-large-file=\"https:\/\/i0.wp.com\/www.jazzzeitung.de\/cms\/wp-content\/uploads\/2022\/10\/Om-fruehjahr-2022.jpg?fit=840%2C560&amp;ssl=1\" class=\"size-full wp-image-28495\" src=\"https:\/\/i0.wp.com\/www.jazzzeitung.de\/cms\/wp-content\/uploads\/2022\/10\/Om-fruehjahr-2022.jpg?resize=840%2C560&#038;ssl=1\" alt=\"\" width=\"840\" height=\"560\" srcset=\"https:\/\/i0.wp.com\/www.jazzzeitung.de\/cms\/wp-content\/uploads\/2022\/10\/Om-fruehjahr-2022.jpg?w=2362&amp;ssl=1 2362w, https:\/\/i0.wp.com\/www.jazzzeitung.de\/cms\/wp-content\/uploads\/2022\/10\/Om-fruehjahr-2022.jpg?resize=300%2C200&amp;ssl=1 300w, https:\/\/i0.wp.com\/www.jazzzeitung.de\/cms\/wp-content\/uploads\/2022\/10\/Om-fruehjahr-2022.jpg?resize=900%2C600&amp;ssl=1 900w, https:\/\/i0.wp.com\/www.jazzzeitung.de\/cms\/wp-content\/uploads\/2022\/10\/Om-fruehjahr-2022.jpg?resize=768%2C512&amp;ssl=1 768w, https:\/\/i0.wp.com\/www.jazzzeitung.de\/cms\/wp-content\/uploads\/2022\/10\/Om-fruehjahr-2022.jpg?resize=1536%2C1024&amp;ssl=1 1536w, https:\/\/i0.wp.com\/www.jazzzeitung.de\/cms\/wp-content\/uploads\/2022\/10\/Om-fruehjahr-2022.jpg?resize=2048%2C1366&amp;ssl=1 2048w, https:\/\/i0.wp.com\/www.jazzzeitung.de\/cms\/wp-content\/uploads\/2022\/10\/Om-fruehjahr-2022.jpg?resize=120%2C80&amp;ssl=1 120w, https:\/\/i0.wp.com\/www.jazzzeitung.de\/cms\/wp-content\/uploads\/2022\/10\/Om-fruehjahr-2022.jpg?resize=1320%2C880&amp;ssl=1 1320w, https:\/\/i0.wp.com\/www.jazzzeitung.de\/cms\/wp-content\/uploads\/2022\/10\/Om-fruehjahr-2022.jpg?w=1680&amp;ssl=1 1680w\" sizes=\"auto, (max-width: 840px) 100vw, 840px\" \/><figcaption id=\"caption-attachment-28495\" class=\"wp-caption-text\">OM (2022). Foto: Max Kellenberger<\/figcaption><\/figure>\n<p>&nbsp;<\/p>\n<p>Jedes der sechs er-improvisierten St\u00fccke ist einzigartig, voller \u00dcberraschungen, wie \u201eDiamonds On White Fields\u201c. Manchmal rasant, dicht und mit sturem Groove vorw\u00e4rts st\u00fcrmend, dann wieder verspielt, klangpoetisch voller Gezirpe oder in einem Klangnebel tappend. Dem Soundtrack eines Psychothrillers scheint das gespenstische \u201eIm Unterholz bei Kiew\u201c entlehnt, das auch als Kommentar zur aktuellen Situation der Ukraine gelesen werden kann. Stumme Schreie verbinden sich mit weit entfernten Klagen, dazwischen beruhigende und vers\u00f6hnliche T\u00f6ne \u2013 eine Ambivalenz, die schwerlich auszuhalten ist und gleichzeitig fasziniert.<\/p>\n<p>&nbsp;<\/p>\n<figure id=\"attachment_28496\" aria-describedby=\"caption-attachment-28496\" style=\"width: 768px\" class=\"wp-caption aligncenter\"><img data-recalc-dims=\"1\" loading=\"lazy\" decoding=\"async\" data-attachment-id=\"28496\" data-permalink=\"https:\/\/www.jazzzeitung.de\/cms\/2022\/10\/stumme-schreie-und-zirpende-froesche-das-jubilaeumsalbum-von-om-50\/fredy_studer_2018_by-camillo-paravicini-768x585\/\" data-orig-file=\"https:\/\/i0.wp.com\/www.jazzzeitung.de\/cms\/wp-content\/uploads\/2022\/10\/fredy_studer_2018_by-Camillo-Paravicini-768x585-1.jpg?fit=768%2C585&amp;ssl=1\" data-orig-size=\"768,585\" data-comments-opened=\"1\" data-image-meta=\"{&quot;aperture&quot;:&quot;0&quot;,&quot;credit&quot;:&quot;&quot;,&quot;camera&quot;:&quot;&quot;,&quot;caption&quot;:&quot;&quot;,&quot;created_timestamp&quot;:&quot;0&quot;,&quot;copyright&quot;:&quot;&quot;,&quot;focal_length&quot;:&quot;0&quot;,&quot;iso&quot;:&quot;0&quot;,&quot;shutter_speed&quot;:&quot;0&quot;,&quot;title&quot;:&quot;&quot;,&quot;orientation&quot;:&quot;0&quot;}\" data-image-title=\"Fredy Studer (2018). Foto: Camillo Paravicini\" data-image-description=\"&lt;p&gt;Fredy Studer (2018). Foto: Camillo Paravicini&lt;\/p&gt;\n\" data-image-caption=\"&lt;p&gt;Fredy Studer (2018). Foto: Camillo Paravicini&lt;\/p&gt;\n\" data-large-file=\"https:\/\/i0.wp.com\/www.jazzzeitung.de\/cms\/wp-content\/uploads\/2022\/10\/fredy_studer_2018_by-Camillo-Paravicini-768x585-1.jpg?fit=768%2C585&amp;ssl=1\" class=\"size-full wp-image-28496\" src=\"https:\/\/i0.wp.com\/www.jazzzeitung.de\/cms\/wp-content\/uploads\/2022\/10\/fredy_studer_2018_by-Camillo-Paravicini-768x585-1.jpg?resize=768%2C585&#038;ssl=1\" alt=\"\" width=\"768\" height=\"585\" srcset=\"https:\/\/i0.wp.com\/www.jazzzeitung.de\/cms\/wp-content\/uploads\/2022\/10\/fredy_studer_2018_by-Camillo-Paravicini-768x585-1.jpg?w=768&amp;ssl=1 768w, https:\/\/i0.wp.com\/www.jazzzeitung.de\/cms\/wp-content\/uploads\/2022\/10\/fredy_studer_2018_by-Camillo-Paravicini-768x585-1.jpg?resize=300%2C229&amp;ssl=1 300w\" sizes=\"auto, (max-width: 768px) 100vw, 768px\" \/><figcaption id=\"caption-attachment-28496\" class=\"wp-caption-text\">Fredy Studer (2018). Foto: Camillo Paravicini<\/figcaption><\/figure>\n<p>Auch aus unirdischem Blickwinkel kann Fredy Studer mit der Energie, der Emphase und Pr\u00e4gnanz dieser Aufnahmen voll zufrieden sein \u2013 ich bin es!<\/p>\n","protected":false},"excerpt":{"rendered":"<p>Im tr\u00fcben Schneeregen sitzen drei auf einer Leitplanke, der vierte steht daneben und streckt einen alten Schirm hoch. Das Bild auf der Homepage vom OM ist ein Signal, ein \u201eOMen\u201c f\u00fcr die Best\u00e4ndigkeit und gemeinsame Energie, die es der Band erm\u00f6glicht, heuer das 50-j\u00e4hrige Bestehen mit einem neuen Album zu feiern, beziehungsweise das Feiern erm\u00f6glichen w\u00fcrde, muss man sagen, denn Schlagzeuger Fredy Studer ist kurz vor Ver\u00f6ffentlichung des Jubil\u00e4umsalbums \u00fcberraschend verstorben. &nbsp; \u201eWir haben nat\u00fcrlich von seiner Krankheit gewusst\u201c, seufzt Christy Doran, \u201edass es aber so pl\u00f6tzlich passiert, hat uns alle \u00fcberrascht und \u00fcberrumpelt\u201c, bekennt der Luzerner Gitarrist h\u00f6rbar betroffen. Auf Tour werden die drei ergrauten Musiker Urs Leimgruber, Christy Doran und Bobby Burri nunmehr mit einem jungen Schweizer Schlagzeuger aus der Enkelgeneration unterwegs sein. &nbsp; 50 Jahre Stammbesetzung Auf dem quietschbunten Cover steht OM 50 in einem stilisierten, leuchtenden Konfettiregen, unverkennbar designed vom selbst legend\u00e4ren Nikolaus Troxler. Gegr\u00fcndet wurde die Band 1972 unter dem Eindruck (und Einfluss) von John Coltrane und Jimi Hendrix. Bald darauf traten sie am von Troxler gegr\u00fcndeten Willisau-Festival auf. Als Pioniere einer europ\u00e4ischen Electric-Free-Music schrieben sie damit an der europ\u00e4ischen &hellip;<\/p>\n","protected":false},"author":37,"featured_media":28494,"comment_status":"open","ping_status":"closed","sticky":false,"template":"","format":"standard","meta":{"_jetpack_memberships_contains_paid_content":false,"footnotes":"","jetpack_publicize_message":"","jetpack_publicize_feature_enabled":true,"jetpack_social_post_already_shared":false,"jetpack_social_options":{"image_generator_settings":{"template":"highway","default_image_id":0,"font":"","enabled":false},"version":2}},"categories":[1152],"tags":[4280,2631,4346],"coauthors":[1765],"class_list":["post-28492","post","type-post","status-publish","format-standard","has-post-thumbnail","hentry","category-rezension","tag-fredy-studer","tag-om","tag-om-50"],"yoast_head":"<!-- This site is optimized with the Yoast SEO plugin v27.5 - https:\/\/yoast.com\/product\/yoast-seo-wordpress\/ -->\n<title>Stumme Schreie und zirpende Fr\u00f6sche \u2013 Das Jubil\u00e4umsalbum von OM 50 - JazzZeitung<\/title>\n<meta name=\"robots\" content=\"index, follow, max-snippet:-1, max-image-preview:large, max-video-preview:-1\" \/>\n<link rel=\"canonical\" href=\"https:\/\/www.jazzzeitung.de\/cms\/2022\/10\/stumme-schreie-und-zirpende-froesche-das-jubilaeumsalbum-von-om-50\/\" \/>\n<meta property=\"og:locale\" content=\"de_DE\" \/>\n<meta property=\"og:type\" content=\"article\" \/>\n<meta property=\"og:title\" content=\"Stumme Schreie und zirpende Fr\u00f6sche \u2013 Das Jubil\u00e4umsalbum von OM 50 - JazzZeitung\" \/>\n<meta property=\"og:description\" content=\"Im tr\u00fcben Schneeregen sitzen drei auf einer Leitplanke, der vierte steht daneben und streckt einen alten Schirm hoch. Das Bild auf der Homepage vom OM ist ein Signal, ein \u201eOMen\u201c f\u00fcr die Best\u00e4ndigkeit und gemeinsame Energie, die es der Band erm\u00f6glicht, heuer das 50-j\u00e4hrige Bestehen mit einem neuen Album zu feiern, beziehungsweise das Feiern erm\u00f6glichen w\u00fcrde, muss man sagen, denn Schlagzeuger Fredy Studer ist kurz vor Ver\u00f6ffentlichung des Jubil\u00e4umsalbums \u00fcberraschend verstorben. &nbsp; \u201eWir haben nat\u00fcrlich von seiner Krankheit gewusst\u201c, seufzt Christy Doran, \u201edass es aber so pl\u00f6tzlich passiert, hat uns alle \u00fcberrascht und \u00fcberrumpelt\u201c, bekennt der Luzerner Gitarrist h\u00f6rbar betroffen. Auf Tour werden die drei ergrauten Musiker Urs Leimgruber, Christy Doran und Bobby Burri nunmehr mit einem jungen Schweizer Schlagzeuger aus der Enkelgeneration unterwegs sein. &nbsp; 50 Jahre Stammbesetzung Auf dem quietschbunten Cover steht OM 50 in einem stilisierten, leuchtenden Konfettiregen, unverkennbar designed vom selbst legend\u00e4ren Nikolaus Troxler. Gegr\u00fcndet wurde die Band 1972 unter dem Eindruck (und Einfluss) von John Coltrane und Jimi Hendrix. Bald darauf traten sie am von Troxler gegr\u00fcndeten Willisau-Festival auf. Als Pioniere einer europ\u00e4ischen Electric-Free-Music schrieben sie damit an der europ\u00e4ischen &hellip;\" \/>\n<meta property=\"og:url\" content=\"https:\/\/www.jazzzeitung.de\/cms\/2022\/10\/stumme-schreie-und-zirpende-froesche-das-jubilaeumsalbum-von-om-50\/\" \/>\n<meta property=\"og:site_name\" content=\"JazzZeitung\" \/>\n<meta property=\"article:publisher\" content=\"https:\/\/www.facebook.com\/JazzZeitung\/\" \/>\n<meta property=\"article:published_time\" content=\"2022-10-19T07:00:22+00:00\" \/>\n<meta property=\"og:image\" content=\"https:\/\/i0.wp.com\/www.jazzzeitung.de\/cms\/wp-content\/uploads\/2012\/01\/ipad-logo-200.png?fit=200%2C200&ssl=1\" \/>\n\t<meta property=\"og:image:width\" content=\"200\" \/>\n\t<meta property=\"og:image:height\" content=\"200\" \/>\n\t<meta property=\"og:image:type\" content=\"image\/png\" \/>\n<meta name=\"author\" content=\"Michael Scheiner\" \/>\n<script type=\"application\/ld+json\" class=\"yoast-schema-graph\">{\"@context\":\"https:\\\/\\\/schema.org\",\"@graph\":[{\"@type\":\"Article\",\"@id\":\"https:\\\/\\\/www.jazzzeitung.de\\\/cms\\\/2022\\\/10\\\/stumme-schreie-und-zirpende-froesche-das-jubilaeumsalbum-von-om-50\\\/#article\",\"isPartOf\":{\"@id\":\"https:\\\/\\\/www.jazzzeitung.de\\\/cms\\\/2022\\\/10\\\/stumme-schreie-und-zirpende-froesche-das-jubilaeumsalbum-von-om-50\\\/\"},\"author\":{\"name\":\"Michael Scheiner\",\"@id\":\"https:\\\/\\\/www.jazzzeitung.de\\\/cms\\\/#\\\/schema\\\/person\\\/a0bebd4d1728041629a3cbd7790f87fb\"},\"headline\":\"Stumme Schreie und zirpende Fr\u00f6sche \u2013 Das Jubil\u00e4umsalbum von OM 50\",\"datePublished\":\"2022-10-19T07:00:22+00:00\",\"mainEntityOfPage\":{\"@id\":\"https:\\\/\\\/www.jazzzeitung.de\\\/cms\\\/2022\\\/10\\\/stumme-schreie-und-zirpende-froesche-das-jubilaeumsalbum-von-om-50\\\/\"},\"wordCount\":589,\"commentCount\":0,\"publisher\":{\"@id\":\"https:\\\/\\\/www.jazzzeitung.de\\\/cms\\\/#organization\"},\"image\":{\"@id\":\"https:\\\/\\\/www.jazzzeitung.de\\\/cms\\\/2022\\\/10\\\/stumme-schreie-und-zirpende-froesche-das-jubilaeumsalbum-von-om-50\\\/#primaryimage\"},\"thumbnailUrl\":\"https:\\\/\\\/i0.wp.com\\\/www.jazzzeitung.de\\\/cms\\\/wp-content\\\/uploads\\\/2022\\\/10\\\/OM-cover_388.jpg?fit=1181%2C1181&ssl=1\",\"keywords\":[\"Fredy Studer\",\"OM\",\"OM 50\"],\"articleSection\":[\"Rezension\"],\"inLanguage\":\"de\",\"potentialAction\":[{\"@type\":\"CommentAction\",\"name\":\"Comment\",\"target\":[\"https:\\\/\\\/www.jazzzeitung.de\\\/cms\\\/2022\\\/10\\\/stumme-schreie-und-zirpende-froesche-das-jubilaeumsalbum-von-om-50\\\/#respond\"]}]},{\"@type\":\"WebPage\",\"@id\":\"https:\\\/\\\/www.jazzzeitung.de\\\/cms\\\/2022\\\/10\\\/stumme-schreie-und-zirpende-froesche-das-jubilaeumsalbum-von-om-50\\\/\",\"url\":\"https:\\\/\\\/www.jazzzeitung.de\\\/cms\\\/2022\\\/10\\\/stumme-schreie-und-zirpende-froesche-das-jubilaeumsalbum-von-om-50\\\/\",\"name\":\"Stumme Schreie und zirpende Fr\u00f6sche \u2013 Das Jubil\u00e4umsalbum von OM 50 - JazzZeitung\",\"isPartOf\":{\"@id\":\"https:\\\/\\\/www.jazzzeitung.de\\\/cms\\\/#website\"},\"primaryImageOfPage\":{\"@id\":\"https:\\\/\\\/www.jazzzeitung.de\\\/cms\\\/2022\\\/10\\\/stumme-schreie-und-zirpende-froesche-das-jubilaeumsalbum-von-om-50\\\/#primaryimage\"},\"image\":{\"@id\":\"https:\\\/\\\/www.jazzzeitung.de\\\/cms\\\/2022\\\/10\\\/stumme-schreie-und-zirpende-froesche-das-jubilaeumsalbum-von-om-50\\\/#primaryimage\"},\"thumbnailUrl\":\"https:\\\/\\\/i0.wp.com\\\/www.jazzzeitung.de\\\/cms\\\/wp-content\\\/uploads\\\/2022\\\/10\\\/OM-cover_388.jpg?fit=1181%2C1181&ssl=1\",\"datePublished\":\"2022-10-19T07:00:22+00:00\",\"breadcrumb\":{\"@id\":\"https:\\\/\\\/www.jazzzeitung.de\\\/cms\\\/2022\\\/10\\\/stumme-schreie-und-zirpende-froesche-das-jubilaeumsalbum-von-om-50\\\/#breadcrumb\"},\"inLanguage\":\"de\",\"potentialAction\":[{\"@type\":\"ReadAction\",\"target\":[\"https:\\\/\\\/www.jazzzeitung.de\\\/cms\\\/2022\\\/10\\\/stumme-schreie-und-zirpende-froesche-das-jubilaeumsalbum-von-om-50\\\/\"]}]},{\"@type\":\"ImageObject\",\"inLanguage\":\"de\",\"@id\":\"https:\\\/\\\/www.jazzzeitung.de\\\/cms\\\/2022\\\/10\\\/stumme-schreie-und-zirpende-froesche-das-jubilaeumsalbum-von-om-50\\\/#primaryimage\",\"url\":\"https:\\\/\\\/i0.wp.com\\\/www.jazzzeitung.de\\\/cms\\\/wp-content\\\/uploads\\\/2022\\\/10\\\/OM-cover_388.jpg?fit=1181%2C1181&ssl=1\",\"contentUrl\":\"https:\\\/\\\/i0.wp.com\\\/www.jazzzeitung.de\\\/cms\\\/wp-content\\\/uploads\\\/2022\\\/10\\\/OM-cover_388.jpg?fit=1181%2C1181&ssl=1\",\"width\":1181,\"height\":1181,\"caption\":\"Cover OM 50\"},{\"@type\":\"BreadcrumbList\",\"@id\":\"https:\\\/\\\/www.jazzzeitung.de\\\/cms\\\/2022\\\/10\\\/stumme-schreie-und-zirpende-froesche-das-jubilaeumsalbum-von-om-50\\\/#breadcrumb\",\"itemListElement\":[{\"@type\":\"ListItem\",\"position\":1,\"name\":\"Startseite\",\"item\":\"https:\\\/\\\/www.jazzzeitung.de\\\/cms\\\/\"},{\"@type\":\"ListItem\",\"position\":2,\"name\":\"Stumme Schreie und zirpende Fr\u00f6sche \u2013 Das Jubil\u00e4umsalbum von OM 50\"}]},{\"@type\":\"WebSite\",\"@id\":\"https:\\\/\\\/www.jazzzeitung.de\\\/cms\\\/#website\",\"url\":\"https:\\\/\\\/www.jazzzeitung.de\\\/cms\\\/\",\"name\":\"JazzZeitung\",\"description\":\"Jazz-News und Jazz-Kontroverses\",\"publisher\":{\"@id\":\"https:\\\/\\\/www.jazzzeitung.de\\\/cms\\\/#organization\"},\"potentialAction\":[{\"@type\":\"SearchAction\",\"target\":{\"@type\":\"EntryPoint\",\"urlTemplate\":\"https:\\\/\\\/www.jazzzeitung.de\\\/cms\\\/?s={search_term_string}\"},\"query-input\":{\"@type\":\"PropertyValueSpecification\",\"valueRequired\":true,\"valueName\":\"search_term_string\"}}],\"inLanguage\":\"de\"},{\"@type\":\"Organization\",\"@id\":\"https:\\\/\\\/www.jazzzeitung.de\\\/cms\\\/#organization\",\"name\":\"JazzZeitung online\",\"url\":\"https:\\\/\\\/www.jazzzeitung.de\\\/cms\\\/\",\"logo\":{\"@type\":\"ImageObject\",\"inLanguage\":\"de\",\"@id\":\"https:\\\/\\\/www.jazzzeitung.de\\\/cms\\\/#\\\/schema\\\/logo\\\/image\\\/\",\"url\":\"https:\\\/\\\/i0.wp.com\\\/www.jazzzeitung.de\\\/cms\\\/wp-content\\\/uploads\\\/2015\\\/08\\\/JAZZZEITUNGDE_Logo_Neu.png?fit=499%2C200&ssl=1\",\"contentUrl\":\"https:\\\/\\\/i0.wp.com\\\/www.jazzzeitung.de\\\/cms\\\/wp-content\\\/uploads\\\/2015\\\/08\\\/JAZZZEITUNGDE_Logo_Neu.png?fit=499%2C200&ssl=1\",\"width\":499,\"height\":200,\"caption\":\"JazzZeitung online\"},\"image\":{\"@id\":\"https:\\\/\\\/www.jazzzeitung.de\\\/cms\\\/#\\\/schema\\\/logo\\\/image\\\/\"},\"sameAs\":[\"https:\\\/\\\/www.facebook.com\\\/JazzZeitung\\\/\"]},{\"@type\":\"Person\",\"@id\":\"https:\\\/\\\/www.jazzzeitung.de\\\/cms\\\/#\\\/schema\\\/person\\\/a0bebd4d1728041629a3cbd7790f87fb\",\"name\":\"Michael Scheiner\",\"image\":{\"@type\":\"ImageObject\",\"inLanguage\":\"de\",\"@id\":\"https:\\\/\\\/secure.gravatar.com\\\/avatar\\\/c2d6ac12f682c419867cf3f803880bb41d5b23007d3670820aa9a6e7b5f6ec8d?s=96&d=wp_user_avatar&r=gdabb1b10453880983dfc53da7552ec76\",\"url\":\"https:\\\/\\\/secure.gravatar.com\\\/avatar\\\/c2d6ac12f682c419867cf3f803880bb41d5b23007d3670820aa9a6e7b5f6ec8d?s=96&d=wp_user_avatar&r=g\",\"contentUrl\":\"https:\\\/\\\/secure.gravatar.com\\\/avatar\\\/c2d6ac12f682c419867cf3f803880bb41d5b23007d3670820aa9a6e7b5f6ec8d?s=96&d=wp_user_avatar&r=g\",\"caption\":\"Michael Scheiner\"},\"sameAs\":[\"http:\\\/\\\/www.michaelscheiner.de\"],\"url\":\"https:\\\/\\\/www.jazzzeitung.de\\\/cms\\\/author\\\/mscheiner\\\/\"}]}<\/script>\n<!-- \/ Yoast SEO plugin. -->","yoast_head_json":{"title":"Stumme Schreie und zirpende Fr\u00f6sche \u2013 Das Jubil\u00e4umsalbum von OM 50 - JazzZeitung","robots":{"index":"index","follow":"follow","max-snippet":"max-snippet:-1","max-image-preview":"max-image-preview:large","max-video-preview":"max-video-preview:-1"},"canonical":"https:\/\/www.jazzzeitung.de\/cms\/2022\/10\/stumme-schreie-und-zirpende-froesche-das-jubilaeumsalbum-von-om-50\/","og_locale":"de_DE","og_type":"article","og_title":"Stumme Schreie und zirpende Fr\u00f6sche \u2013 Das Jubil\u00e4umsalbum von OM 50 - JazzZeitung","og_description":"Im tr\u00fcben Schneeregen sitzen drei auf einer Leitplanke, der vierte steht daneben und streckt einen alten Schirm hoch. Das Bild auf der Homepage vom OM ist ein Signal, ein \u201eOMen\u201c f\u00fcr die Best\u00e4ndigkeit und gemeinsame Energie, die es der Band erm\u00f6glicht, heuer das 50-j\u00e4hrige Bestehen mit einem neuen Album zu feiern, beziehungsweise das Feiern erm\u00f6glichen w\u00fcrde, muss man sagen, denn Schlagzeuger Fredy Studer ist kurz vor Ver\u00f6ffentlichung des Jubil\u00e4umsalbums \u00fcberraschend verstorben. &nbsp; \u201eWir haben nat\u00fcrlich von seiner Krankheit gewusst\u201c, seufzt Christy Doran, \u201edass es aber so pl\u00f6tzlich passiert, hat uns alle \u00fcberrascht und \u00fcberrumpelt\u201c, bekennt der Luzerner Gitarrist h\u00f6rbar betroffen. Auf Tour werden die drei ergrauten Musiker Urs Leimgruber, Christy Doran und Bobby Burri nunmehr mit einem jungen Schweizer Schlagzeuger aus der Enkelgeneration unterwegs sein. &nbsp; 50 Jahre Stammbesetzung Auf dem quietschbunten Cover steht OM 50 in einem stilisierten, leuchtenden Konfettiregen, unverkennbar designed vom selbst legend\u00e4ren Nikolaus Troxler. Gegr\u00fcndet wurde die Band 1972 unter dem Eindruck (und Einfluss) von John Coltrane und Jimi Hendrix. Bald darauf traten sie am von Troxler gegr\u00fcndeten Willisau-Festival auf. Als Pioniere einer europ\u00e4ischen Electric-Free-Music schrieben sie damit an der europ\u00e4ischen &hellip;","og_url":"https:\/\/www.jazzzeitung.de\/cms\/2022\/10\/stumme-schreie-und-zirpende-froesche-das-jubilaeumsalbum-von-om-50\/","og_site_name":"JazzZeitung","article_publisher":"https:\/\/www.facebook.com\/JazzZeitung\/","article_published_time":"2022-10-19T07:00:22+00:00","og_image":[{"width":200,"height":200,"url":"https:\/\/i0.wp.com\/www.jazzzeitung.de\/cms\/wp-content\/uploads\/2012\/01\/ipad-logo-200.png?fit=200%2C200&ssl=1","type":"image\/png"}],"author":"Michael Scheiner","schema":{"@context":"https:\/\/schema.org","@graph":[{"@type":"Article","@id":"https:\/\/www.jazzzeitung.de\/cms\/2022\/10\/stumme-schreie-und-zirpende-froesche-das-jubilaeumsalbum-von-om-50\/#article","isPartOf":{"@id":"https:\/\/www.jazzzeitung.de\/cms\/2022\/10\/stumme-schreie-und-zirpende-froesche-das-jubilaeumsalbum-von-om-50\/"},"author":{"name":"Michael Scheiner","@id":"https:\/\/www.jazzzeitung.de\/cms\/#\/schema\/person\/a0bebd4d1728041629a3cbd7790f87fb"},"headline":"Stumme Schreie und zirpende Fr\u00f6sche \u2013 Das Jubil\u00e4umsalbum von OM 50","datePublished":"2022-10-19T07:00:22+00:00","mainEntityOfPage":{"@id":"https:\/\/www.jazzzeitung.de\/cms\/2022\/10\/stumme-schreie-und-zirpende-froesche-das-jubilaeumsalbum-von-om-50\/"},"wordCount":589,"commentCount":0,"publisher":{"@id":"https:\/\/www.jazzzeitung.de\/cms\/#organization"},"image":{"@id":"https:\/\/www.jazzzeitung.de\/cms\/2022\/10\/stumme-schreie-und-zirpende-froesche-das-jubilaeumsalbum-von-om-50\/#primaryimage"},"thumbnailUrl":"https:\/\/i0.wp.com\/www.jazzzeitung.de\/cms\/wp-content\/uploads\/2022\/10\/OM-cover_388.jpg?fit=1181%2C1181&ssl=1","keywords":["Fredy Studer","OM","OM 50"],"articleSection":["Rezension"],"inLanguage":"de","potentialAction":[{"@type":"CommentAction","name":"Comment","target":["https:\/\/www.jazzzeitung.de\/cms\/2022\/10\/stumme-schreie-und-zirpende-froesche-das-jubilaeumsalbum-von-om-50\/#respond"]}]},{"@type":"WebPage","@id":"https:\/\/www.jazzzeitung.de\/cms\/2022\/10\/stumme-schreie-und-zirpende-froesche-das-jubilaeumsalbum-von-om-50\/","url":"https:\/\/www.jazzzeitung.de\/cms\/2022\/10\/stumme-schreie-und-zirpende-froesche-das-jubilaeumsalbum-von-om-50\/","name":"Stumme Schreie und zirpende Fr\u00f6sche \u2013 Das Jubil\u00e4umsalbum von OM 50 - JazzZeitung","isPartOf":{"@id":"https:\/\/www.jazzzeitung.de\/cms\/#website"},"primaryImageOfPage":{"@id":"https:\/\/www.jazzzeitung.de\/cms\/2022\/10\/stumme-schreie-und-zirpende-froesche-das-jubilaeumsalbum-von-om-50\/#primaryimage"},"image":{"@id":"https:\/\/www.jazzzeitung.de\/cms\/2022\/10\/stumme-schreie-und-zirpende-froesche-das-jubilaeumsalbum-von-om-50\/#primaryimage"},"thumbnailUrl":"https:\/\/i0.wp.com\/www.jazzzeitung.de\/cms\/wp-content\/uploads\/2022\/10\/OM-cover_388.jpg?fit=1181%2C1181&ssl=1","datePublished":"2022-10-19T07:00:22+00:00","breadcrumb":{"@id":"https:\/\/www.jazzzeitung.de\/cms\/2022\/10\/stumme-schreie-und-zirpende-froesche-das-jubilaeumsalbum-von-om-50\/#breadcrumb"},"inLanguage":"de","potentialAction":[{"@type":"ReadAction","target":["https:\/\/www.jazzzeitung.de\/cms\/2022\/10\/stumme-schreie-und-zirpende-froesche-das-jubilaeumsalbum-von-om-50\/"]}]},{"@type":"ImageObject","inLanguage":"de","@id":"https:\/\/www.jazzzeitung.de\/cms\/2022\/10\/stumme-schreie-und-zirpende-froesche-das-jubilaeumsalbum-von-om-50\/#primaryimage","url":"https:\/\/i0.wp.com\/www.jazzzeitung.de\/cms\/wp-content\/uploads\/2022\/10\/OM-cover_388.jpg?fit=1181%2C1181&ssl=1","contentUrl":"https:\/\/i0.wp.com\/www.jazzzeitung.de\/cms\/wp-content\/uploads\/2022\/10\/OM-cover_388.jpg?fit=1181%2C1181&ssl=1","width":1181,"height":1181,"caption":"Cover OM 50"},{"@type":"BreadcrumbList","@id":"https:\/\/www.jazzzeitung.de\/cms\/2022\/10\/stumme-schreie-und-zirpende-froesche-das-jubilaeumsalbum-von-om-50\/#breadcrumb","itemListElement":[{"@type":"ListItem","position":1,"name":"Startseite","item":"https:\/\/www.jazzzeitung.de\/cms\/"},{"@type":"ListItem","position":2,"name":"Stumme Schreie und zirpende Fr\u00f6sche \u2013 Das Jubil\u00e4umsalbum von OM 50"}]},{"@type":"WebSite","@id":"https:\/\/www.jazzzeitung.de\/cms\/#website","url":"https:\/\/www.jazzzeitung.de\/cms\/","name":"JazzZeitung","description":"Jazz-News und Jazz-Kontroverses","publisher":{"@id":"https:\/\/www.jazzzeitung.de\/cms\/#organization"},"potentialAction":[{"@type":"SearchAction","target":{"@type":"EntryPoint","urlTemplate":"https:\/\/www.jazzzeitung.de\/cms\/?s={search_term_string}"},"query-input":{"@type":"PropertyValueSpecification","valueRequired":true,"valueName":"search_term_string"}}],"inLanguage":"de"},{"@type":"Organization","@id":"https:\/\/www.jazzzeitung.de\/cms\/#organization","name":"JazzZeitung online","url":"https:\/\/www.jazzzeitung.de\/cms\/","logo":{"@type":"ImageObject","inLanguage":"de","@id":"https:\/\/www.jazzzeitung.de\/cms\/#\/schema\/logo\/image\/","url":"https:\/\/i0.wp.com\/www.jazzzeitung.de\/cms\/wp-content\/uploads\/2015\/08\/JAZZZEITUNGDE_Logo_Neu.png?fit=499%2C200&ssl=1","contentUrl":"https:\/\/i0.wp.com\/www.jazzzeitung.de\/cms\/wp-content\/uploads\/2015\/08\/JAZZZEITUNGDE_Logo_Neu.png?fit=499%2C200&ssl=1","width":499,"height":200,"caption":"JazzZeitung online"},"image":{"@id":"https:\/\/www.jazzzeitung.de\/cms\/#\/schema\/logo\/image\/"},"sameAs":["https:\/\/www.facebook.com\/JazzZeitung\/"]},{"@type":"Person","@id":"https:\/\/www.jazzzeitung.de\/cms\/#\/schema\/person\/a0bebd4d1728041629a3cbd7790f87fb","name":"Michael Scheiner","image":{"@type":"ImageObject","inLanguage":"de","@id":"https:\/\/secure.gravatar.com\/avatar\/c2d6ac12f682c419867cf3f803880bb41d5b23007d3670820aa9a6e7b5f6ec8d?s=96&d=wp_user_avatar&r=gdabb1b10453880983dfc53da7552ec76","url":"https:\/\/secure.gravatar.com\/avatar\/c2d6ac12f682c419867cf3f803880bb41d5b23007d3670820aa9a6e7b5f6ec8d?s=96&d=wp_user_avatar&r=g","contentUrl":"https:\/\/secure.gravatar.com\/avatar\/c2d6ac12f682c419867cf3f803880bb41d5b23007d3670820aa9a6e7b5f6ec8d?s=96&d=wp_user_avatar&r=g","caption":"Michael Scheiner"},"sameAs":["http:\/\/www.michaelscheiner.de"],"url":"https:\/\/www.jazzzeitung.de\/cms\/author\/mscheiner\/"}]}},"wp-worthy-pixel":{"ignored":false,"public":null,"server":null,"url":null},"wp-worthy-type":"normal","jetpack_publicize_connections":[],"cc_featured_image_caption":{"caption_text":"","source_text":"","source_url":""},"jetpack_featured_media_url":"https:\/\/i0.wp.com\/www.jazzzeitung.de\/cms\/wp-content\/uploads\/2022\/10\/OM-cover_388.jpg?fit=1181%2C1181&ssl=1","jetpack_shortlink":"https:\/\/wp.me\/p3KEcT-7py","jetpack-related-posts":[{"id":28719,"url":"https:\/\/www.jazzzeitung.de\/cms\/2022\/11\/wuchtige-grooves-stille-momente-kultband-om-im-jazzclub-leerer-beutel\/","url_meta":{"origin":28492,"position":0},"title":"Wuchtige Grooves, stille Momente: Kultband OM im Jazzclub Leerer Beutel","author":"Michael Scheiner","date":"30. November 2022","format":false,"excerpt":"P-M-F\/B, der Titel ist so r\u00e4tselhaft, wie vieldeutig. Mit diesem m\u00e4chtig groovenden St\u00fcck aus ihrem neuen Album \u201eOM 50\u201c fallen die vier Musiker der schweizerischen Kultband beim Jazzclub in Regensburg mit der T\u00fcr ins Haus. Unnachgiebig jagt Bobby Burri mit dem Plektron \u00fcber die Saiten des Kontrabasses, nicht weniger straff\u2026","rel":"","context":"In &quot;Rezension&quot;","block_context":{"text":"Rezension","link":"https:\/\/www.jazzzeitung.de\/cms\/thema\/rezension\/"},"img":{"alt_text":"","src":"https:\/\/i0.wp.com\/www.jazzzeitung.de\/cms\/wp-content\/uploads\/2022\/11\/om-studer_97.jpg?fit=1200%2C769&ssl=1&resize=350%2C200","width":350,"height":200,"srcset":"https:\/\/i0.wp.com\/www.jazzzeitung.de\/cms\/wp-content\/uploads\/2022\/11\/om-studer_97.jpg?fit=1200%2C769&ssl=1&resize=350%2C200 1x, https:\/\/i0.wp.com\/www.jazzzeitung.de\/cms\/wp-content\/uploads\/2022\/11\/om-studer_97.jpg?fit=1200%2C769&ssl=1&resize=525%2C300 1.5x, https:\/\/i0.wp.com\/www.jazzzeitung.de\/cms\/wp-content\/uploads\/2022\/11\/om-studer_97.jpg?fit=1200%2C769&ssl=1&resize=700%2C400 2x, https:\/\/i0.wp.com\/www.jazzzeitung.de\/cms\/wp-content\/uploads\/2022\/11\/om-studer_97.jpg?fit=1200%2C769&ssl=1&resize=1050%2C600 3x"},"classes":[]},{"id":20861,"url":"https:\/\/www.jazzzeitung.de\/cms\/2019\/10\/furioses-fuer-144-saiten-plus-drumset-neue-cd-von-christy-doran\/","url_meta":{"origin":28492,"position":1},"title":"Furioses f\u00fcr 144 Saiten plus Drumset &#8211; neue CD von Christy Doran","author":"Michael Scheiner","date":"10. Oktober 2019","format":false,"excerpt":"Seit Jahrzehnten versorgt der irisch-schweizerische Gitarrist Christy Doran eine treue Fangemeinde stetig mit neuen Ideen und musikalischen \u00dcberraschungen. Bands wie New Bag, Sound Fountain oder Bunter Hund existieren teilweise als Langzeitprojekte bis heute. Seine Partner und Mitmusiker sucht er sich danach aus, wie er sich mit ihnen in einen ekstatischen\u2026","rel":"","context":"In &quot;Rezension&quot;","block_context":{"text":"Rezension","link":"https:\/\/www.jazzzeitung.de\/cms\/thema\/rezension\/"},"img":{"alt_text":"","src":"https:\/\/i0.wp.com\/www.jazzzeitung.de\/cms\/wp-content\/uploads\/2019\/10\/Doran-christy_51.jpeg?fit=567%2C378&ssl=1&resize=350%2C200","width":350,"height":200,"srcset":"https:\/\/i0.wp.com\/www.jazzzeitung.de\/cms\/wp-content\/uploads\/2019\/10\/Doran-christy_51.jpeg?fit=567%2C378&ssl=1&resize=350%2C200 1x, https:\/\/i0.wp.com\/www.jazzzeitung.de\/cms\/wp-content\/uploads\/2019\/10\/Doran-christy_51.jpeg?fit=567%2C378&ssl=1&resize=525%2C300 1.5x"},"classes":[]},{"id":8483,"url":"https:\/\/www.jazzzeitung.de\/cms\/2016\/02\/8483\/","url_meta":{"origin":28492,"position":2},"title":"Jimi Hendrix &#8211; revisited","author":"Redaktion JazzZeitung","date":"22. Februar 2016","format":false,"excerpt":"\u201eInspired by legends\u201c nennt sich das Motto des BMW Welt Jazz Award 2016. Gestern hie\u00df die Legende Jimi Hendrix, und inspirieren lie\u00dfen sich vier Vollblut-Jazzer: Christy Doran (git), Erika Stucky (voice und performance), Fredy Studer (dr) und Jamaaladeen Tacuma (b). Das Konzept dieses Hendrix Programms aus der Feder von Doran\u2026","rel":"","context":"In &quot;Galerie&quot;","block_context":{"text":"Galerie","link":"https:\/\/www.jazzzeitung.de\/cms\/thema\/galerie\/"},"img":{"alt_text":"","src":"https:\/\/i0.wp.com\/www.jazzzeitung.de\/cms\/wp-content\/uploads\/2016\/02\/11-BMW-Welt_Erika-Stucky_Foto-van-Loon.jpg?resize=350%2C200","width":350,"height":200,"srcset":"https:\/\/i0.wp.com\/www.jazzzeitung.de\/cms\/wp-content\/uploads\/2016\/02\/11-BMW-Welt_Erika-Stucky_Foto-van-Loon.jpg?resize=350%2C200 1x, https:\/\/i0.wp.com\/www.jazzzeitung.de\/cms\/wp-content\/uploads\/2016\/02\/11-BMW-Welt_Erika-Stucky_Foto-van-Loon.jpg?resize=525%2C300 1.5x, https:\/\/i0.wp.com\/www.jazzzeitung.de\/cms\/wp-content\/uploads\/2016\/02\/11-BMW-Welt_Erika-Stucky_Foto-van-Loon.jpg?resize=700%2C400 2x, https:\/\/i0.wp.com\/www.jazzzeitung.de\/cms\/wp-content\/uploads\/2016\/02\/11-BMW-Welt_Erika-Stucky_Foto-van-Loon.jpg?resize=1050%2C600 3x, https:\/\/i0.wp.com\/www.jazzzeitung.de\/cms\/wp-content\/uploads\/2016\/02\/11-BMW-Welt_Erika-Stucky_Foto-van-Loon.jpg?resize=1400%2C800 4x"},"classes":[]},{"id":28227,"url":"https:\/\/www.jazzzeitung.de\/cms\/2022\/08\/alchemist-des-schlagzeugs-zum-tod-von-fredy-studer\/","url_meta":{"origin":28492,"position":3},"title":"Alchemist des Schlagzeugs \u2013 Zum Tod von Fredy Studer","author":"Redaktion JazzZeitung","date":"26. August 2022","format":false,"excerpt":"Die Meldung vom Tod des Schweizer Schlagzeugers Fredy Studer kam \u00fcberraschend. Er galt als \"der\" Schweizer Schlagzeuger, \"Einer des besten\", wie es die Neue Z\u00fcrcher Zeitung auf den Punkt brachte. Mark Sattler, Dramaturg CONTEMPORARY bei Lucerne Festival, hat etliche Projekte mit ihm zusammen initiiert. F\u00fcr die JazzZeitung.de erinnert er sich\u2026","rel":"","context":"In &quot;News&quot;","block_context":{"text":"News","link":"https:\/\/www.jazzzeitung.de\/cms\/thema\/nachrichten\/"},"img":{"alt_text":"","src":"https:\/\/i0.wp.com\/www.jazzzeitung.de\/cms\/wp-content\/uploads\/2022\/08\/DSC_3810-scaled.jpg?fit=1200%2C798&ssl=1&resize=350%2C200","width":350,"height":200,"srcset":"https:\/\/i0.wp.com\/www.jazzzeitung.de\/cms\/wp-content\/uploads\/2022\/08\/DSC_3810-scaled.jpg?fit=1200%2C798&ssl=1&resize=350%2C200 1x, https:\/\/i0.wp.com\/www.jazzzeitung.de\/cms\/wp-content\/uploads\/2022\/08\/DSC_3810-scaled.jpg?fit=1200%2C798&ssl=1&resize=525%2C300 1.5x, https:\/\/i0.wp.com\/www.jazzzeitung.de\/cms\/wp-content\/uploads\/2022\/08\/DSC_3810-scaled.jpg?fit=1200%2C798&ssl=1&resize=700%2C400 2x, https:\/\/i0.wp.com\/www.jazzzeitung.de\/cms\/wp-content\/uploads\/2022\/08\/DSC_3810-scaled.jpg?fit=1200%2C798&ssl=1&resize=1050%2C600 3x"},"classes":[]},{"id":19968,"url":"https:\/\/www.jazzzeitung.de\/cms\/2019\/07\/magische-klangmomente-rockjazzformation-om-gibt-seltenes-konzert-in-regensburg\/","url_meta":{"origin":28492,"position":4},"title":"Magische Klangmomente: Rockjazzformation OM gibt seltenes Konzert in Regensburg","author":"Michael Scheiner","date":"8. Juli 2019","format":false,"excerpt":"Es sei das beste gewesen, was sie seit langem geh\u00f6rt habe. Etwas unsicher, aber mit leuchtenden Augen, h\u00e4lt die junge Frau Urs Leimgruber und Christy Doran nach deren Auftritt mit OM im Leeren Beutel ein abgel\u00f6stes Plakat zum Signieren hin. Sie spiele selbst Musik, erkl\u00e4rt sie und antwortet auf die\u2026","rel":"","context":"In &quot;Bericht&quot;","block_context":{"text":"Bericht","link":"https:\/\/www.jazzzeitung.de\/cms\/thema\/bericht\/"},"img":{"alt_text":"","src":"https:\/\/i0.wp.com\/www.jazzzeitung.de\/cms\/wp-content\/uploads\/2019\/07\/Doran-christy_05-1.jpg?fit=1200%2C806&ssl=1&resize=350%2C200","width":350,"height":200,"srcset":"https:\/\/i0.wp.com\/www.jazzzeitung.de\/cms\/wp-content\/uploads\/2019\/07\/Doran-christy_05-1.jpg?fit=1200%2C806&ssl=1&resize=350%2C200 1x, https:\/\/i0.wp.com\/www.jazzzeitung.de\/cms\/wp-content\/uploads\/2019\/07\/Doran-christy_05-1.jpg?fit=1200%2C806&ssl=1&resize=525%2C300 1.5x, https:\/\/i0.wp.com\/www.jazzzeitung.de\/cms\/wp-content\/uploads\/2019\/07\/Doran-christy_05-1.jpg?fit=1200%2C806&ssl=1&resize=700%2C400 2x, https:\/\/i0.wp.com\/www.jazzzeitung.de\/cms\/wp-content\/uploads\/2019\/07\/Doran-christy_05-1.jpg?fit=1200%2C806&ssl=1&resize=1050%2C600 3x"},"classes":[]},{"id":22578,"url":"https:\/\/www.jazzzeitung.de\/cms\/2020\/05\/trio-das-zaubern-kann-christy-doranssound-fountain-lift-the-bar\/","url_meta":{"origin":28492,"position":5},"title":"Christy Doran\u00b4s\u00a0Sound Fountain &#8211; Lift The Bar","author":"Michael Scheiner","date":"28. Mai 2020","format":false,"excerpt":"Ein Trio, das zaubern kann Von Michael Scheiner \u201e70 und kein bisschen leise\u201c, k\u00f6nnte in Anlehnung an einen gefl\u00fcgelten journalistischen Ausspruch auch auf den Luzerner Gitarristen Christy Doran anwenden, kl\u00e4nge es weniger banal. Bei ihm, dem einstigen Hochschullehrer und Mitbegr\u00fcnder der wieder aufgetauchten legend\u00e4ren Electricjazz-Formation OM, gilt diese Zuschreibung aber\u2026","rel":"","context":"In &quot;Rezension&quot;","block_context":{"text":"Rezension","link":"https:\/\/www.jazzzeitung.de\/cms\/thema\/rezension\/"},"img":{"alt_text":"","src":"https:\/\/i0.wp.com\/www.jazzzeitung.de\/cms\/wp-content\/uploads\/2020\/05\/Doran-Lift-Bar-e1590489283589.jpg?fit=1024%2C821&ssl=1&resize=350%2C200","width":350,"height":200,"srcset":"https:\/\/i0.wp.com\/www.jazzzeitung.de\/cms\/wp-content\/uploads\/2020\/05\/Doran-Lift-Bar-e1590489283589.jpg?fit=1024%2C821&ssl=1&resize=350%2C200 1x, https:\/\/i0.wp.com\/www.jazzzeitung.de\/cms\/wp-content\/uploads\/2020\/05\/Doran-Lift-Bar-e1590489283589.jpg?fit=1024%2C821&ssl=1&resize=525%2C300 1.5x, https:\/\/i0.wp.com\/www.jazzzeitung.de\/cms\/wp-content\/uploads\/2020\/05\/Doran-Lift-Bar-e1590489283589.jpg?fit=1024%2C821&ssl=1&resize=700%2C400 2x"},"classes":[]}],"jetpack_sharing_enabled":true,"_links":{"self":[{"href":"https:\/\/www.jazzzeitung.de\/cms\/wp-json\/wp\/v2\/posts\/28492","targetHints":{"allow":["GET"]}}],"collection":[{"href":"https:\/\/www.jazzzeitung.de\/cms\/wp-json\/wp\/v2\/posts"}],"about":[{"href":"https:\/\/www.jazzzeitung.de\/cms\/wp-json\/wp\/v2\/types\/post"}],"author":[{"embeddable":true,"href":"https:\/\/www.jazzzeitung.de\/cms\/wp-json\/wp\/v2\/users\/37"}],"replies":[{"embeddable":true,"href":"https:\/\/www.jazzzeitung.de\/cms\/wp-json\/wp\/v2\/comments?post=28492"}],"version-history":[{"count":2,"href":"https:\/\/www.jazzzeitung.de\/cms\/wp-json\/wp\/v2\/posts\/28492\/revisions"}],"predecessor-version":[{"id":28499,"href":"https:\/\/www.jazzzeitung.de\/cms\/wp-json\/wp\/v2\/posts\/28492\/revisions\/28499"}],"wp:featuredmedia":[{"embeddable":true,"href":"https:\/\/www.jazzzeitung.de\/cms\/wp-json\/wp\/v2\/media\/28494"}],"wp:attachment":[{"href":"https:\/\/www.jazzzeitung.de\/cms\/wp-json\/wp\/v2\/media?parent=28492"}],"wp:term":[{"taxonomy":"category","embeddable":true,"href":"https:\/\/www.jazzzeitung.de\/cms\/wp-json\/wp\/v2\/categories?post=28492"},{"taxonomy":"post_tag","embeddable":true,"href":"https:\/\/www.jazzzeitung.de\/cms\/wp-json\/wp\/v2\/tags?post=28492"},{"taxonomy":"author","embeddable":true,"href":"https:\/\/www.jazzzeitung.de\/cms\/wp-json\/wp\/v2\/coauthors?post=28492"}],"curies":[{"name":"wp","href":"https:\/\/api.w.org\/{rel}","templated":true}]}}