{"id":28368,"date":"2022-09-29T14:37:46","date_gmt":"2022-09-29T12:37:46","guid":{"rendered":"https:\/\/www.jazzzeitung.de\/cms\/?p=28368"},"modified":"2022-09-29T14:38:29","modified_gmt":"2022-09-29T12:38:29","slug":"neubesetzung-bundesjazzorchester","status":"publish","type":"post","link":"https:\/\/www.jazzzeitung.de\/cms\/2022\/09\/neubesetzung-bundesjazzorchester\/","title":{"rendered":"+++ Neubesetzung Bundesjazzorchester +++"},"content":{"rendered":"<p><strong>+++ Neubesetzung Bundesjazzorchester +++<\/strong><\/p>\n<p>Turnusgem\u00e4\u00df werden 2023 s\u00e4mtliche Bigband-Instrumente (Trompeten, Posaunen, Saxofone, Rhythmusgruppe) sowie das Vokalensemble des Orchesters neu besetzt. Interessenten k\u00f6nnen sich bis zum 1. November 2022 um ein Probespiel bewerben, das vom 2.\u20134. Januar 2023 an der Hochschule f\u00fcr Musik und Tanz K\u00f6ln stattfindet. Bewerbungen sind aufgrund der Corona-Pandemie ausnahmsweise bis zum Alter von 23 Jahren m\u00f6glich.<\/p>\n<p>Das Bundesjazzorchester f\u00f6rdert als Jugendorchester der Bundesrepublik Deutschland den Spitzennachwuchs im Jazz und ist an eine zweij\u00e4hrige F\u00f6rderungszeit gebunden, die Konzertaktivit\u00e4ten im In- und Ausland sowie CD-Produktionen miteinschlie\u00dft. Die Bewerbungsunterlagen k\u00f6nnen aufgerufen werden unter: <a href=\"http:\/\/bundesjazzorchester.de\/ueber-uns\/bewerber\">bundesjazzorchester.de\/ueber-uns\/bewerber<\/a><\/p>\n<p>Titelbild: Bundesjazzorchester. Foto: Christian Borchers<\/p>\n","protected":false},"excerpt":{"rendered":"<p>+++ Neubesetzung Bundesjazzorchester +++ Turnusgem\u00e4\u00df werden 2023 s\u00e4mtliche Bigband-Instrumente (Trompeten, Posaunen, Saxofone, Rhythmusgruppe) sowie das Vokalensemble des Orchesters neu besetzt. Interessenten k\u00f6nnen sich bis zum 1. November 2022 um ein Probespiel bewerben, das vom 2.\u20134. Januar 2023 an der Hochschule f\u00fcr Musik und Tanz K\u00f6ln stattfindet. Bewerbungen sind aufgrund der Corona-Pandemie ausnahmsweise bis zum Alter von 23 Jahren m\u00f6glich. Das Bundesjazzorchester f\u00f6rdert als Jugendorchester der Bundesrepublik Deutschland den Spitzennachwuchs im Jazz und ist an eine zweij\u00e4hrige F\u00f6rderungszeit gebunden, die Konzertaktivit\u00e4ten im In- und Ausland sowie CD-Produktionen miteinschlie\u00dft. Die Bewerbungsunterlagen k\u00f6nnen aufgerufen werden unter: bundesjazzorchester.de\/ueber-uns\/bewerber Titelbild: Bundesjazzorchester. Foto: Christian Borchers<\/p>\n","protected":false},"author":18,"featured_media":28375,"comment_status":"open","ping_status":"closed","sticky":false,"template":"","format":"standard","meta":{"_jetpack_memberships_contains_paid_content":false,"footnotes":"","jetpack_publicize_message":"","jetpack_publicize_feature_enabled":true,"jetpack_social_post_already_shared":false,"jetpack_social_options":{"image_generator_settings":{"template":"highway","default_image_id":0,"font":"","enabled":false},"version":2}},"categories":[633],"tags":[4241,1519,3354,137,887,1876,852],"coauthors":[695],"class_list":["post-28368","post","type-post","status-publish","format-standard","has-post-thumbnail","hentry","category-nachrichten","tag-4241","tag-bundesjazzorchester","tag-corona-pandemie","tag-deutschland","tag-hochschule-fuer-musik-und-tanz-koeln","tag-jazz","tag-koeln"],"yoast_head":"<!-- This site is optimized with the Yoast SEO plugin v27.5 - https:\/\/yoast.com\/product\/yoast-seo-wordpress\/ -->\n<title>+++ Neubesetzung Bundesjazzorchester +++ - JazzZeitung<\/title>\n<meta name=\"robots\" content=\"index, follow, max-snippet:-1, max-image-preview:large, max-video-preview:-1\" \/>\n<link rel=\"canonical\" href=\"https:\/\/www.jazzzeitung.de\/cms\/2022\/09\/neubesetzung-bundesjazzorchester\/\" \/>\n<meta property=\"og:locale\" content=\"de_DE\" \/>\n<meta property=\"og:type\" content=\"article\" \/>\n<meta property=\"og:title\" content=\"+++ Neubesetzung Bundesjazzorchester +++ - JazzZeitung\" \/>\n<meta property=\"og:description\" content=\"+++ Neubesetzung Bundesjazzorchester +++ Turnusgem\u00e4\u00df werden 2023 s\u00e4mtliche Bigband-Instrumente (Trompeten, Posaunen, Saxofone, Rhythmusgruppe) sowie das Vokalensemble des Orchesters neu besetzt. Interessenten k\u00f6nnen sich bis zum 1. November 2022 um ein Probespiel bewerben, das vom 2.\u20134. Januar 2023 an der Hochschule f\u00fcr Musik und Tanz K\u00f6ln stattfindet. Bewerbungen sind aufgrund der Corona-Pandemie ausnahmsweise bis zum Alter von 23 Jahren m\u00f6glich. Das Bundesjazzorchester f\u00f6rdert als Jugendorchester der Bundesrepublik Deutschland den Spitzennachwuchs im Jazz und ist an eine zweij\u00e4hrige F\u00f6rderungszeit gebunden, die Konzertaktivit\u00e4ten im In- und Ausland sowie CD-Produktionen miteinschlie\u00dft. Die Bewerbungsunterlagen k\u00f6nnen aufgerufen werden unter: bundesjazzorchester.de\/ueber-uns\/bewerber Titelbild: Bundesjazzorchester. Foto: Christian Borchers\" \/>\n<meta property=\"og:url\" content=\"https:\/\/www.jazzzeitung.de\/cms\/2022\/09\/neubesetzung-bundesjazzorchester\/\" \/>\n<meta property=\"og:site_name\" content=\"JazzZeitung\" \/>\n<meta property=\"article:publisher\" content=\"https:\/\/www.facebook.com\/JazzZeitung\/\" \/>\n<meta property=\"article:published_time\" content=\"2022-09-29T12:37:46+00:00\" \/>\n<meta property=\"article:modified_time\" content=\"2022-09-29T12:38:29+00:00\" \/>\n<meta property=\"og:image\" content=\"https:\/\/www.jazzzeitung.de\/cms\/wp-content\/uploads\/2022\/09\/Bujazzo-2021-986_Christian-Borchers.jpg\" \/>\n\t<meta property=\"og:image:width\" content=\"1200\" \/>\n\t<meta property=\"og:image:height\" content=\"693\" \/>\n\t<meta property=\"og:image:type\" content=\"image\/jpeg\" \/>\n<meta name=\"author\" content=\"Redaktion JazzZeitung\" \/>\n<script type=\"application\/ld+json\" class=\"yoast-schema-graph\">{\"@context\":\"https:\\\/\\\/schema.org\",\"@graph\":[{\"@type\":\"Article\",\"@id\":\"https:\\\/\\\/www.jazzzeitung.de\\\/cms\\\/2022\\\/09\\\/neubesetzung-bundesjazzorchester\\\/#article\",\"isPartOf\":{\"@id\":\"https:\\\/\\\/www.jazzzeitung.de\\\/cms\\\/2022\\\/09\\\/neubesetzung-bundesjazzorchester\\\/\"},\"author\":{\"name\":\"Redaktion JazzZeitung\",\"@id\":\"https:\\\/\\\/www.jazzzeitung.de\\\/cms\\\/#\\\/schema\\\/person\\\/2245b36b9cd1d24cea10f01c031fb92b\"},\"headline\":\"+++ Neubesetzung Bundesjazzorchester +++\",\"datePublished\":\"2022-09-29T12:37:46+00:00\",\"dateModified\":\"2022-09-29T12:38:29+00:00\",\"mainEntityOfPage\":{\"@id\":\"https:\\\/\\\/www.jazzzeitung.de\\\/cms\\\/2022\\\/09\\\/neubesetzung-bundesjazzorchester\\\/\"},\"wordCount\":107,\"commentCount\":0,\"publisher\":{\"@id\":\"https:\\\/\\\/www.jazzzeitung.de\\\/cms\\\/#organization\"},\"image\":{\"@id\":\"https:\\\/\\\/www.jazzzeitung.de\\\/cms\\\/2022\\\/09\\\/neubesetzung-bundesjazzorchester\\\/#primaryimage\"},\"thumbnailUrl\":\"https:\\\/\\\/i0.wp.com\\\/www.jazzzeitung.de\\\/cms\\\/wp-content\\\/uploads\\\/2022\\\/09\\\/Bujazzo-2021-986_Christian-Borchers.jpg?fit=1200%2C693&ssl=1\",\"keywords\":[\"2022\",\"Bundesjazzorchester\",\"Corona-Pandemie\",\"Deutschland\",\"Hochschule f\u00fcr Musik und Tanz K\u00f6ln\",\"Jazz\",\"K\u00f6ln\"],\"articleSection\":[\"News\"],\"inLanguage\":\"de\",\"potentialAction\":[{\"@type\":\"CommentAction\",\"name\":\"Comment\",\"target\":[\"https:\\\/\\\/www.jazzzeitung.de\\\/cms\\\/2022\\\/09\\\/neubesetzung-bundesjazzorchester\\\/#respond\"]}]},{\"@type\":\"WebPage\",\"@id\":\"https:\\\/\\\/www.jazzzeitung.de\\\/cms\\\/2022\\\/09\\\/neubesetzung-bundesjazzorchester\\\/\",\"url\":\"https:\\\/\\\/www.jazzzeitung.de\\\/cms\\\/2022\\\/09\\\/neubesetzung-bundesjazzorchester\\\/\",\"name\":\"+++ Neubesetzung Bundesjazzorchester +++ - JazzZeitung\",\"isPartOf\":{\"@id\":\"https:\\\/\\\/www.jazzzeitung.de\\\/cms\\\/#website\"},\"primaryImageOfPage\":{\"@id\":\"https:\\\/\\\/www.jazzzeitung.de\\\/cms\\\/2022\\\/09\\\/neubesetzung-bundesjazzorchester\\\/#primaryimage\"},\"image\":{\"@id\":\"https:\\\/\\\/www.jazzzeitung.de\\\/cms\\\/2022\\\/09\\\/neubesetzung-bundesjazzorchester\\\/#primaryimage\"},\"thumbnailUrl\":\"https:\\\/\\\/i0.wp.com\\\/www.jazzzeitung.de\\\/cms\\\/wp-content\\\/uploads\\\/2022\\\/09\\\/Bujazzo-2021-986_Christian-Borchers.jpg?fit=1200%2C693&ssl=1\",\"datePublished\":\"2022-09-29T12:37:46+00:00\",\"dateModified\":\"2022-09-29T12:38:29+00:00\",\"breadcrumb\":{\"@id\":\"https:\\\/\\\/www.jazzzeitung.de\\\/cms\\\/2022\\\/09\\\/neubesetzung-bundesjazzorchester\\\/#breadcrumb\"},\"inLanguage\":\"de\",\"potentialAction\":[{\"@type\":\"ReadAction\",\"target\":[\"https:\\\/\\\/www.jazzzeitung.de\\\/cms\\\/2022\\\/09\\\/neubesetzung-bundesjazzorchester\\\/\"]}]},{\"@type\":\"ImageObject\",\"inLanguage\":\"de\",\"@id\":\"https:\\\/\\\/www.jazzzeitung.de\\\/cms\\\/2022\\\/09\\\/neubesetzung-bundesjazzorchester\\\/#primaryimage\",\"url\":\"https:\\\/\\\/i0.wp.com\\\/www.jazzzeitung.de\\\/cms\\\/wp-content\\\/uploads\\\/2022\\\/09\\\/Bujazzo-2021-986_Christian-Borchers.jpg?fit=1200%2C693&ssl=1\",\"contentUrl\":\"https:\\\/\\\/i0.wp.com\\\/www.jazzzeitung.de\\\/cms\\\/wp-content\\\/uploads\\\/2022\\\/09\\\/Bujazzo-2021-986_Christian-Borchers.jpg?fit=1200%2C693&ssl=1\",\"width\":1200,\"height\":693,\"caption\":\"Bundesjazzorchester. Foto: Christian Borchers\"},{\"@type\":\"BreadcrumbList\",\"@id\":\"https:\\\/\\\/www.jazzzeitung.de\\\/cms\\\/2022\\\/09\\\/neubesetzung-bundesjazzorchester\\\/#breadcrumb\",\"itemListElement\":[{\"@type\":\"ListItem\",\"position\":1,\"name\":\"Startseite\",\"item\":\"https:\\\/\\\/www.jazzzeitung.de\\\/cms\\\/\"},{\"@type\":\"ListItem\",\"position\":2,\"name\":\"+++ Neubesetzung Bundesjazzorchester +++\"}]},{\"@type\":\"WebSite\",\"@id\":\"https:\\\/\\\/www.jazzzeitung.de\\\/cms\\\/#website\",\"url\":\"https:\\\/\\\/www.jazzzeitung.de\\\/cms\\\/\",\"name\":\"JazzZeitung\",\"description\":\"Jazz-News und Jazz-Kontroverses\",\"publisher\":{\"@id\":\"https:\\\/\\\/www.jazzzeitung.de\\\/cms\\\/#organization\"},\"potentialAction\":[{\"@type\":\"SearchAction\",\"target\":{\"@type\":\"EntryPoint\",\"urlTemplate\":\"https:\\\/\\\/www.jazzzeitung.de\\\/cms\\\/?s={search_term_string}\"},\"query-input\":{\"@type\":\"PropertyValueSpecification\",\"valueRequired\":true,\"valueName\":\"search_term_string\"}}],\"inLanguage\":\"de\"},{\"@type\":\"Organization\",\"@id\":\"https:\\\/\\\/www.jazzzeitung.de\\\/cms\\\/#organization\",\"name\":\"JazzZeitung online\",\"url\":\"https:\\\/\\\/www.jazzzeitung.de\\\/cms\\\/\",\"logo\":{\"@type\":\"ImageObject\",\"inLanguage\":\"de\",\"@id\":\"https:\\\/\\\/www.jazzzeitung.de\\\/cms\\\/#\\\/schema\\\/logo\\\/image\\\/\",\"url\":\"https:\\\/\\\/i0.wp.com\\\/www.jazzzeitung.de\\\/cms\\\/wp-content\\\/uploads\\\/2015\\\/08\\\/JAZZZEITUNGDE_Logo_Neu.png?fit=499%2C200&ssl=1\",\"contentUrl\":\"https:\\\/\\\/i0.wp.com\\\/www.jazzzeitung.de\\\/cms\\\/wp-content\\\/uploads\\\/2015\\\/08\\\/JAZZZEITUNGDE_Logo_Neu.png?fit=499%2C200&ssl=1\",\"width\":499,\"height\":200,\"caption\":\"JazzZeitung online\"},\"image\":{\"@id\":\"https:\\\/\\\/www.jazzzeitung.de\\\/cms\\\/#\\\/schema\\\/logo\\\/image\\\/\"},\"sameAs\":[\"https:\\\/\\\/www.facebook.com\\\/JazzZeitung\\\/\"]},{\"@type\":\"Person\",\"@id\":\"https:\\\/\\\/www.jazzzeitung.de\\\/cms\\\/#\\\/schema\\\/person\\\/2245b36b9cd1d24cea10f01c031fb92b\",\"name\":\"Redaktion JazzZeitung\",\"image\":{\"@type\":\"ImageObject\",\"inLanguage\":\"de\",\"@id\":\"https:\\\/\\\/i0.wp.com\\\/www.jazzzeitung.de\\\/cms\\\/wp-content\\\/uploads\\\/2015\\\/08\\\/JAZZZEITUNGDE_Logo_Neu.png?resize=96%2C96&ssl=159975dcacb611b5700bd619b5daf0a7a\",\"url\":\"https:\\\/\\\/i0.wp.com\\\/www.jazzzeitung.de\\\/cms\\\/wp-content\\\/uploads\\\/2015\\\/08\\\/JAZZZEITUNGDE_Logo_Neu.png?resize=96%2C96&ssl=1\",\"contentUrl\":\"https:\\\/\\\/i0.wp.com\\\/www.jazzzeitung.de\\\/cms\\\/wp-content\\\/uploads\\\/2015\\\/08\\\/JAZZZEITUNGDE_Logo_Neu.png?resize=96%2C96&ssl=1\",\"caption\":\"Redaktion JazzZeitung\"},\"description\":\"Artikel der Redaktion der JazzZeitung.\",\"sameAs\":[\"http:\\\/\\\/www.jazzzeitung.de\\\/cms\\\/\"],\"url\":\"https:\\\/\\\/www.jazzzeitung.de\\\/cms\\\/author\\\/redaktion\\\/\"}]}<\/script>\n<!-- \/ Yoast SEO plugin. -->","yoast_head_json":{"title":"+++ Neubesetzung Bundesjazzorchester +++ - JazzZeitung","robots":{"index":"index","follow":"follow","max-snippet":"max-snippet:-1","max-image-preview":"max-image-preview:large","max-video-preview":"max-video-preview:-1"},"canonical":"https:\/\/www.jazzzeitung.de\/cms\/2022\/09\/neubesetzung-bundesjazzorchester\/","og_locale":"de_DE","og_type":"article","og_title":"+++ Neubesetzung Bundesjazzorchester +++ - JazzZeitung","og_description":"+++ Neubesetzung Bundesjazzorchester +++ Turnusgem\u00e4\u00df werden 2023 s\u00e4mtliche Bigband-Instrumente (Trompeten, Posaunen, Saxofone, Rhythmusgruppe) sowie das Vokalensemble des Orchesters neu besetzt. Interessenten k\u00f6nnen sich bis zum 1. November 2022 um ein Probespiel bewerben, das vom 2.\u20134. Januar 2023 an der Hochschule f\u00fcr Musik und Tanz K\u00f6ln stattfindet. Bewerbungen sind aufgrund der Corona-Pandemie ausnahmsweise bis zum Alter von 23 Jahren m\u00f6glich. Das Bundesjazzorchester f\u00f6rdert als Jugendorchester der Bundesrepublik Deutschland den Spitzennachwuchs im Jazz und ist an eine zweij\u00e4hrige F\u00f6rderungszeit gebunden, die Konzertaktivit\u00e4ten im In- und Ausland sowie CD-Produktionen miteinschlie\u00dft. Die Bewerbungsunterlagen k\u00f6nnen aufgerufen werden unter: bundesjazzorchester.de\/ueber-uns\/bewerber Titelbild: Bundesjazzorchester. Foto: Christian Borchers","og_url":"https:\/\/www.jazzzeitung.de\/cms\/2022\/09\/neubesetzung-bundesjazzorchester\/","og_site_name":"JazzZeitung","article_publisher":"https:\/\/www.facebook.com\/JazzZeitung\/","article_published_time":"2022-09-29T12:37:46+00:00","article_modified_time":"2022-09-29T12:38:29+00:00","og_image":[{"width":1200,"height":693,"url":"https:\/\/www.jazzzeitung.de\/cms\/wp-content\/uploads\/2022\/09\/Bujazzo-2021-986_Christian-Borchers.jpg","type":"image\/jpeg"}],"author":"Redaktion JazzZeitung","schema":{"@context":"https:\/\/schema.org","@graph":[{"@type":"Article","@id":"https:\/\/www.jazzzeitung.de\/cms\/2022\/09\/neubesetzung-bundesjazzorchester\/#article","isPartOf":{"@id":"https:\/\/www.jazzzeitung.de\/cms\/2022\/09\/neubesetzung-bundesjazzorchester\/"},"author":{"name":"Redaktion JazzZeitung","@id":"https:\/\/www.jazzzeitung.de\/cms\/#\/schema\/person\/2245b36b9cd1d24cea10f01c031fb92b"},"headline":"+++ Neubesetzung Bundesjazzorchester +++","datePublished":"2022-09-29T12:37:46+00:00","dateModified":"2022-09-29T12:38:29+00:00","mainEntityOfPage":{"@id":"https:\/\/www.jazzzeitung.de\/cms\/2022\/09\/neubesetzung-bundesjazzorchester\/"},"wordCount":107,"commentCount":0,"publisher":{"@id":"https:\/\/www.jazzzeitung.de\/cms\/#organization"},"image":{"@id":"https:\/\/www.jazzzeitung.de\/cms\/2022\/09\/neubesetzung-bundesjazzorchester\/#primaryimage"},"thumbnailUrl":"https:\/\/i0.wp.com\/www.jazzzeitung.de\/cms\/wp-content\/uploads\/2022\/09\/Bujazzo-2021-986_Christian-Borchers.jpg?fit=1200%2C693&ssl=1","keywords":["2022","Bundesjazzorchester","Corona-Pandemie","Deutschland","Hochschule f\u00fcr Musik und Tanz K\u00f6ln","Jazz","K\u00f6ln"],"articleSection":["News"],"inLanguage":"de","potentialAction":[{"@type":"CommentAction","name":"Comment","target":["https:\/\/www.jazzzeitung.de\/cms\/2022\/09\/neubesetzung-bundesjazzorchester\/#respond"]}]},{"@type":"WebPage","@id":"https:\/\/www.jazzzeitung.de\/cms\/2022\/09\/neubesetzung-bundesjazzorchester\/","url":"https:\/\/www.jazzzeitung.de\/cms\/2022\/09\/neubesetzung-bundesjazzorchester\/","name":"+++ Neubesetzung Bundesjazzorchester +++ - JazzZeitung","isPartOf":{"@id":"https:\/\/www.jazzzeitung.de\/cms\/#website"},"primaryImageOfPage":{"@id":"https:\/\/www.jazzzeitung.de\/cms\/2022\/09\/neubesetzung-bundesjazzorchester\/#primaryimage"},"image":{"@id":"https:\/\/www.jazzzeitung.de\/cms\/2022\/09\/neubesetzung-bundesjazzorchester\/#primaryimage"},"thumbnailUrl":"https:\/\/i0.wp.com\/www.jazzzeitung.de\/cms\/wp-content\/uploads\/2022\/09\/Bujazzo-2021-986_Christian-Borchers.jpg?fit=1200%2C693&ssl=1","datePublished":"2022-09-29T12:37:46+00:00","dateModified":"2022-09-29T12:38:29+00:00","breadcrumb":{"@id":"https:\/\/www.jazzzeitung.de\/cms\/2022\/09\/neubesetzung-bundesjazzorchester\/#breadcrumb"},"inLanguage":"de","potentialAction":[{"@type":"ReadAction","target":["https:\/\/www.jazzzeitung.de\/cms\/2022\/09\/neubesetzung-bundesjazzorchester\/"]}]},{"@type":"ImageObject","inLanguage":"de","@id":"https:\/\/www.jazzzeitung.de\/cms\/2022\/09\/neubesetzung-bundesjazzorchester\/#primaryimage","url":"https:\/\/i0.wp.com\/www.jazzzeitung.de\/cms\/wp-content\/uploads\/2022\/09\/Bujazzo-2021-986_Christian-Borchers.jpg?fit=1200%2C693&ssl=1","contentUrl":"https:\/\/i0.wp.com\/www.jazzzeitung.de\/cms\/wp-content\/uploads\/2022\/09\/Bujazzo-2021-986_Christian-Borchers.jpg?fit=1200%2C693&ssl=1","width":1200,"height":693,"caption":"Bundesjazzorchester. Foto: Christian Borchers"},{"@type":"BreadcrumbList","@id":"https:\/\/www.jazzzeitung.de\/cms\/2022\/09\/neubesetzung-bundesjazzorchester\/#breadcrumb","itemListElement":[{"@type":"ListItem","position":1,"name":"Startseite","item":"https:\/\/www.jazzzeitung.de\/cms\/"},{"@type":"ListItem","position":2,"name":"+++ Neubesetzung Bundesjazzorchester +++"}]},{"@type":"WebSite","@id":"https:\/\/www.jazzzeitung.de\/cms\/#website","url":"https:\/\/www.jazzzeitung.de\/cms\/","name":"JazzZeitung","description":"Jazz-News und Jazz-Kontroverses","publisher":{"@id":"https:\/\/www.jazzzeitung.de\/cms\/#organization"},"potentialAction":[{"@type":"SearchAction","target":{"@type":"EntryPoint","urlTemplate":"https:\/\/www.jazzzeitung.de\/cms\/?s={search_term_string}"},"query-input":{"@type":"PropertyValueSpecification","valueRequired":true,"valueName":"search_term_string"}}],"inLanguage":"de"},{"@type":"Organization","@id":"https:\/\/www.jazzzeitung.de\/cms\/#organization","name":"JazzZeitung online","url":"https:\/\/www.jazzzeitung.de\/cms\/","logo":{"@type":"ImageObject","inLanguage":"de","@id":"https:\/\/www.jazzzeitung.de\/cms\/#\/schema\/logo\/image\/","url":"https:\/\/i0.wp.com\/www.jazzzeitung.de\/cms\/wp-content\/uploads\/2015\/08\/JAZZZEITUNGDE_Logo_Neu.png?fit=499%2C200&ssl=1","contentUrl":"https:\/\/i0.wp.com\/www.jazzzeitung.de\/cms\/wp-content\/uploads\/2015\/08\/JAZZZEITUNGDE_Logo_Neu.png?fit=499%2C200&ssl=1","width":499,"height":200,"caption":"JazzZeitung online"},"image":{"@id":"https:\/\/www.jazzzeitung.de\/cms\/#\/schema\/logo\/image\/"},"sameAs":["https:\/\/www.facebook.com\/JazzZeitung\/"]},{"@type":"Person","@id":"https:\/\/www.jazzzeitung.de\/cms\/#\/schema\/person\/2245b36b9cd1d24cea10f01c031fb92b","name":"Redaktion JazzZeitung","image":{"@type":"ImageObject","inLanguage":"de","@id":"https:\/\/i0.wp.com\/www.jazzzeitung.de\/cms\/wp-content\/uploads\/2015\/08\/JAZZZEITUNGDE_Logo_Neu.png?resize=96%2C96&ssl=159975dcacb611b5700bd619b5daf0a7a","url":"https:\/\/i0.wp.com\/www.jazzzeitung.de\/cms\/wp-content\/uploads\/2015\/08\/JAZZZEITUNGDE_Logo_Neu.png?resize=96%2C96&ssl=1","contentUrl":"https:\/\/i0.wp.com\/www.jazzzeitung.de\/cms\/wp-content\/uploads\/2015\/08\/JAZZZEITUNGDE_Logo_Neu.png?resize=96%2C96&ssl=1","caption":"Redaktion JazzZeitung"},"description":"Artikel der Redaktion der JazzZeitung.","sameAs":["http:\/\/www.jazzzeitung.de\/cms\/"],"url":"https:\/\/www.jazzzeitung.de\/cms\/author\/redaktion\/"}]}},"wp-worthy-pixel":{"ignored":false,"public":null,"server":null,"url":null},"wp-worthy-type":"normal","jetpack_publicize_connections":[],"cc_featured_image_caption":{"caption_text":"","source_text":"","source_url":""},"jetpack_featured_media_url":"https:\/\/i0.wp.com\/www.jazzzeitung.de\/cms\/wp-content\/uploads\/2022\/09\/Bujazzo-2021-986_Christian-Borchers.jpg?fit=1200%2C693&ssl=1","jetpack_shortlink":"https:\/\/wp.me\/p3KEcT-7ny","jetpack-related-posts":[{"id":8473,"url":"https:\/\/www.jazzzeitung.de\/cms\/2016\/02\/ergebnisse-des-3-bujazzo-kompositionswettbewerbs-stehen-fest\/","url_meta":{"origin":28368,"position":0},"title":"Ergebnisse des 3. BuJazzO-Kompositionswettbewerbs stehen fest","author":"Redaktion JazzZeitung","date":"19. Februar 2016","format":false,"excerpt":"Sie stehen fest \u2013 die Gewinner des BuJazzO-Kompositionswettbewerbs 2016. Zum dritten Mal rief das Bundesjazzorchester junge Komponistinnen und Komponisten, Arrangeurinnen und Arrangeure bis zum Alter von 30 Jahren auf, Werke f\u00fcr Jazzorchester mit und ohne Vokalensemble einzureichen. Die Jury \u2013 bestehend aus dem k\u00fcnstlerischen Leiter des Bundesjazzorchesters Niels Klein, dem\u2026","rel":"","context":"In &quot;Redaktionelle Nachrichten&quot;","block_context":{"text":"Redaktionelle Nachrichten","link":"https:\/\/www.jazzzeitung.de\/cms\/thema\/redaktion\/"},"img":{"alt_text":"","src":"https:\/\/i0.wp.com\/www.jazzzeitung.de\/cms\/wp-content\/uploads\/2016\/02\/Tamara-Lukasheva.jpg?resize=350%2C200","width":350,"height":200,"srcset":"https:\/\/i0.wp.com\/www.jazzzeitung.de\/cms\/wp-content\/uploads\/2016\/02\/Tamara-Lukasheva.jpg?resize=350%2C200 1x, https:\/\/i0.wp.com\/www.jazzzeitung.de\/cms\/wp-content\/uploads\/2016\/02\/Tamara-Lukasheva.jpg?resize=525%2C300 1.5x, https:\/\/i0.wp.com\/www.jazzzeitung.de\/cms\/wp-content\/uploads\/2016\/02\/Tamara-Lukasheva.jpg?resize=700%2C400 2x, https:\/\/i0.wp.com\/www.jazzzeitung.de\/cms\/wp-content\/uploads\/2016\/02\/Tamara-Lukasheva.jpg?resize=1050%2C600 3x, https:\/\/i0.wp.com\/www.jazzzeitung.de\/cms\/wp-content\/uploads\/2016\/02\/Tamara-Lukasheva.jpg?resize=1400%2C800 4x"},"classes":[]},{"id":14754,"url":"https:\/\/www.jazzzeitung.de\/cms\/2018\/01\/jubilaeumsjahr-des-bujazzo-startet-mit-38-neuen-musikerinnen-und-musikern\/","url_meta":{"origin":28368,"position":1},"title":"Jubil\u00e4umsjahr des BuJazzO startet mit 38 neuen Musikerinnen und Musikern","author":"Redaktion JazzZeitung","date":"11. Januar 2018","format":false,"excerpt":"Vom 3. bis 6. Januar fanden in Bonn Probespiele des Bundesjazzorchesters (BuJazzO) statt. 211 junge Musikerinnen und Musiker aus ganz Deutschland hatten sich beworben. S\u00e4mtliche Bigband-Positionen sowie das BuJazzO-Vokalensemble wurden neu besetzt. Insgesamt haben 38 Bewerber das Probespiel bestanden, die zu gro\u00dfen Teilen alle an Musikhochschulen studieren und eine Vergangenheit\u2026","rel":"","context":"In &quot;News&quot;","block_context":{"text":"News","link":"https:\/\/www.jazzzeitung.de\/cms\/thema\/nachrichten\/"},"img":{"alt_text":"Jiggs Whigham f\u00fcr das BuJazzO. Foto: Hufner","src":"https:\/\/i0.wp.com\/www.jazzzeitung.de\/cms\/wp-content\/uploads\/2018\/01\/whigham_faust_c_hufner.jpg?fit=1200%2C900&ssl=1&resize=350%2C200","width":350,"height":200,"srcset":"https:\/\/i0.wp.com\/www.jazzzeitung.de\/cms\/wp-content\/uploads\/2018\/01\/whigham_faust_c_hufner.jpg?fit=1200%2C900&ssl=1&resize=350%2C200 1x, https:\/\/i0.wp.com\/www.jazzzeitung.de\/cms\/wp-content\/uploads\/2018\/01\/whigham_faust_c_hufner.jpg?fit=1200%2C900&ssl=1&resize=525%2C300 1.5x, https:\/\/i0.wp.com\/www.jazzzeitung.de\/cms\/wp-content\/uploads\/2018\/01\/whigham_faust_c_hufner.jpg?fit=1200%2C900&ssl=1&resize=700%2C400 2x, https:\/\/i0.wp.com\/www.jazzzeitung.de\/cms\/wp-content\/uploads\/2018\/01\/whigham_faust_c_hufner.jpg?fit=1200%2C900&ssl=1&resize=1050%2C600 3x"},"classes":[]},{"id":14542,"url":"https:\/\/www.jazzzeitung.de\/cms\/2017\/12\/bujazzo-211-bewerberinnen-und-bewerber-neuer-rekord\/","url_meta":{"origin":28368,"position":2},"title":"BuJazzO: 211 Bewerberinnen und Bewerber &#8211; neuer Rekord!","author":"Redaktion JazzZeitung","date":"13. Dezember 2017","format":false,"excerpt":"Das Bundesjazzorchester, das offizielle Jugendjazzorchester der Bundesrepublik Deutschland, sucht turnusgem\u00e4\u00df wieder Nachwuchs. Vom 3. bis 6. Januar 2018 finden in Bonn Probespiele des Orchesters statt. S\u00e4mtliche Bigband-Instrumente \u2013 Trompeten, Posaunen, Saxofone und Rhythmusgruppe \u2013 und das BuJazzO-Vokalensemble werden 2018 neu besetzt. Im Bundesjazzorchester gibt es alle zwei Jahre eine automatische\u2026","rel":"","context":"In &quot;News&quot;","block_context":{"text":"News","link":"https:\/\/www.jazzzeitung.de\/cms\/thema\/nachrichten\/"},"img":{"alt_text":"BuJazzO 25. Foto: Hufner","src":"https:\/\/i0.wp.com\/www.jazzzeitung.de\/cms\/wp-content\/uploads\/2017\/12\/bujazzo-hufi-2103.jpg?fit=1200%2C512&ssl=1&resize=350%2C200","width":350,"height":200,"srcset":"https:\/\/i0.wp.com\/www.jazzzeitung.de\/cms\/wp-content\/uploads\/2017\/12\/bujazzo-hufi-2103.jpg?fit=1200%2C512&ssl=1&resize=350%2C200 1x, https:\/\/i0.wp.com\/www.jazzzeitung.de\/cms\/wp-content\/uploads\/2017\/12\/bujazzo-hufi-2103.jpg?fit=1200%2C512&ssl=1&resize=525%2C300 1.5x, https:\/\/i0.wp.com\/www.jazzzeitung.de\/cms\/wp-content\/uploads\/2017\/12\/bujazzo-hufi-2103.jpg?fit=1200%2C512&ssl=1&resize=700%2C400 2x, https:\/\/i0.wp.com\/www.jazzzeitung.de\/cms\/wp-content\/uploads\/2017\/12\/bujazzo-hufi-2103.jpg?fit=1200%2C512&ssl=1&resize=1050%2C600 3x"},"classes":[]},{"id":14613,"url":"https:\/\/www.jazzzeitung.de\/cms\/2017\/12\/finalisten-des-10-europaeischen-nachwuchsjazzpreis-burghausen-stehen-fest\/","url_meta":{"origin":28368,"position":3},"title":"Finalisten des 10. Europ\u00e4ischen Nachwuchsjazzpreis Burghausen stehen fest","author":"Redaktion JazzZeitung","date":"26. Dezember 2017","format":false,"excerpt":"F\u00fcnf Bands hat die Jury aus 56 Bewerbungen f\u00fcr den 10. Europ\u00e4ischen Nachwuchsjazzpreis ausgew\u00e4hlt. Am Dienstag, 6. M\u00e4rz 2018 werden die jungen Talente im Rahmen der 49. Internationalen Jazzwoche Burghausen (6. \u2013 11. M\u00e4rz 2018) im Stadtsaal ihr K\u00f6nnen beweisen. Jede Band hat 20 Minuten Zeit, danach ber\u00e4t sich die\u2026","rel":"","context":"In &quot;News&quot;","block_context":{"text":"News","link":"https:\/\/www.jazzzeitung.de\/cms\/thema\/nachrichten\/"},"img":{"alt_text":"","src":"https:\/\/i0.wp.com\/www.jazzzeitung.de\/cms\/wp-content\/uploads\/2017\/12\/Burghausen-Panorama-gebogen.jpg?fit=1200%2C637&ssl=1&resize=350%2C200","width":350,"height":200,"srcset":"https:\/\/i0.wp.com\/www.jazzzeitung.de\/cms\/wp-content\/uploads\/2017\/12\/Burghausen-Panorama-gebogen.jpg?fit=1200%2C637&ssl=1&resize=350%2C200 1x, https:\/\/i0.wp.com\/www.jazzzeitung.de\/cms\/wp-content\/uploads\/2017\/12\/Burghausen-Panorama-gebogen.jpg?fit=1200%2C637&ssl=1&resize=525%2C300 1.5x, https:\/\/i0.wp.com\/www.jazzzeitung.de\/cms\/wp-content\/uploads\/2017\/12\/Burghausen-Panorama-gebogen.jpg?fit=1200%2C637&ssl=1&resize=700%2C400 2x, https:\/\/i0.wp.com\/www.jazzzeitung.de\/cms\/wp-content\/uploads\/2017\/12\/Burghausen-Panorama-gebogen.jpg?fit=1200%2C637&ssl=1&resize=1050%2C600 3x"},"classes":[]},{"id":3117,"url":"https:\/\/www.jazzzeitung.de\/cms\/2013\/12\/auf-der-suche-nach-neuen-talenten-probespiele-des-bundesjazzorchesters-vom-6-bis-9-januar-bonn\/","url_meta":{"origin":28368,"position":4},"title":"Auf der Suche nach neuen Talenten &#8211; Probespiele des Bundesjazzorchesters vom 6. bis 9. Januar in Bonn","author":"Redaktion JazzZeitung","date":"11. Dezember 2013","format":false,"excerpt":"Das Bundesjazzorchester, das offizielle Jugendjazzorchester der Bundesrepublik Deutschland, sucht Nachwuchs. Vom 6. bis 9. Januar finden in Bonn Probespiele des Orchesters statt. Als Veranstaltungsort konnte das Ernst-Moritz-Arndt-Gymnasium in Bonn gewonnen werden, wo im Jahr 1988 das Bundesjazzorchester seinen ersten \u00f6ffentlichen Auftritt hatte. S\u00e4mtliche Bigband-Instrumente \u2013 Trompeten, Posaunen, Saxophone und Rhythmusgruppe\u2026","rel":"","context":"In &quot;News&quot;","block_context":{"text":"News","link":"https:\/\/www.jazzzeitung.de\/cms\/thema\/nachrichten\/"},"img":{"alt_text":"Foto: Jan Karow","src":"https:\/\/i0.wp.com\/www.jazzzeitung.de\/cms\/wp-content\/uploads\/2013\/12\/Bundesjazzorchester_mit_John_Ruocco_c_Jan_Karow-150x150.jpg?resize=350%2C200","width":350,"height":200},"classes":[]},{"id":12314,"url":"https:\/\/www.jazzzeitung.de\/cms\/2017\/05\/news-konzertreihe-das-maria-baptist-orchestra-in-berlin-bundesjazzorchester-auf-konzerttournee-in-ecuador\/","url_meta":{"origin":28368,"position":5},"title":"+++ News +++ Bundesjazzorchester auf Konzerttournee in Ecuador +++ Jasmin Tabatabai er\u00f6ffnet Jazzfest Bonn +++","author":"Redaktion JazzZeitung","date":"10. Mai 2017","format":false,"excerpt":"+++ Bundesjazzorchester auf Konzerttournee in Ecuador +++ Bundesjazzorchester zu Gast in Ecuador \u2013 Neun Konzerte unter der Leitung von Jiggs Whigham Das Bundesjazzorchester ist vom Deutschen Kulturverbund in Ecuador (\u201ekultura\u201c) zu einer Konzertreise nach Ecuador eingeladen. Im Zentrum der Reise stehen die beiden\u00a0 Jubil\u00e4en \u201e100 Jahre Colegio Alem\u00e1n Quito\u201c und\u2026","rel":"","context":"In &quot;News&quot;","block_context":{"text":"News","link":"https:\/\/www.jazzzeitung.de\/cms\/thema\/nachrichten\/"},"img":{"alt_text":"","src":"https:\/\/i0.wp.com\/www.jazzzeitung.de\/cms\/wp-content\/uploads\/2017\/05\/BuJazzO_Sommer_2016_%40DMR_Christian_Debus-1.jpg?fit=1200%2C800&ssl=1&resize=350%2C200","width":350,"height":200,"srcset":"https:\/\/i0.wp.com\/www.jazzzeitung.de\/cms\/wp-content\/uploads\/2017\/05\/BuJazzO_Sommer_2016_%40DMR_Christian_Debus-1.jpg?fit=1200%2C800&ssl=1&resize=350%2C200 1x, https:\/\/i0.wp.com\/www.jazzzeitung.de\/cms\/wp-content\/uploads\/2017\/05\/BuJazzO_Sommer_2016_%40DMR_Christian_Debus-1.jpg?fit=1200%2C800&ssl=1&resize=525%2C300 1.5x, https:\/\/i0.wp.com\/www.jazzzeitung.de\/cms\/wp-content\/uploads\/2017\/05\/BuJazzO_Sommer_2016_%40DMR_Christian_Debus-1.jpg?fit=1200%2C800&ssl=1&resize=700%2C400 2x, https:\/\/i0.wp.com\/www.jazzzeitung.de\/cms\/wp-content\/uploads\/2017\/05\/BuJazzO_Sommer_2016_%40DMR_Christian_Debus-1.jpg?fit=1200%2C800&ssl=1&resize=1050%2C600 3x"},"classes":[]}],"jetpack_sharing_enabled":true,"_links":{"self":[{"href":"https:\/\/www.jazzzeitung.de\/cms\/wp-json\/wp\/v2\/posts\/28368","targetHints":{"allow":["GET"]}}],"collection":[{"href":"https:\/\/www.jazzzeitung.de\/cms\/wp-json\/wp\/v2\/posts"}],"about":[{"href":"https:\/\/www.jazzzeitung.de\/cms\/wp-json\/wp\/v2\/types\/post"}],"author":[{"embeddable":true,"href":"https:\/\/www.jazzzeitung.de\/cms\/wp-json\/wp\/v2\/users\/18"}],"replies":[{"embeddable":true,"href":"https:\/\/www.jazzzeitung.de\/cms\/wp-json\/wp\/v2\/comments?post=28368"}],"version-history":[{"count":4,"href":"https:\/\/www.jazzzeitung.de\/cms\/wp-json\/wp\/v2\/posts\/28368\/revisions"}],"predecessor-version":[{"id":28379,"href":"https:\/\/www.jazzzeitung.de\/cms\/wp-json\/wp\/v2\/posts\/28368\/revisions\/28379"}],"wp:featuredmedia":[{"embeddable":true,"href":"https:\/\/www.jazzzeitung.de\/cms\/wp-json\/wp\/v2\/media\/28375"}],"wp:attachment":[{"href":"https:\/\/www.jazzzeitung.de\/cms\/wp-json\/wp\/v2\/media?parent=28368"}],"wp:term":[{"taxonomy":"category","embeddable":true,"href":"https:\/\/www.jazzzeitung.de\/cms\/wp-json\/wp\/v2\/categories?post=28368"},{"taxonomy":"post_tag","embeddable":true,"href":"https:\/\/www.jazzzeitung.de\/cms\/wp-json\/wp\/v2\/tags?post=28368"},{"taxonomy":"author","embeddable":true,"href":"https:\/\/www.jazzzeitung.de\/cms\/wp-json\/wp\/v2\/coauthors?post=28368"}],"curies":[{"name":"wp","href":"https:\/\/api.w.org\/{rel}","templated":true}]}}