{"id":28278,"date":"2022-09-09T08:00:01","date_gmt":"2022-09-09T06:00:01","guid":{"rendered":"https:\/\/www.jazzzeitung.de\/cms\/?p=28278"},"modified":"2022-09-08T13:08:12","modified_gmt":"2022-09-08T11:08:12","slug":"hysterisches-bilderstuermerisches-schwebendes-jazz-cds-in-der-hoerbar-august-2022","status":"publish","type":"post","link":"https:\/\/www.jazzzeitung.de\/cms\/2022\/09\/hysterisches-bilderstuermerisches-schwebendes-jazz-cds-in-der-hoerbar-august-2022\/","title":{"rendered":"Hysterisches, Bilderst\u00fcrmerisches, Schwebendes \u2013 Jazz-CDs in der H\u00f6rBar August 2022"},"content":{"rendered":"<p>Ensemblemusizieren in verschiedenen Formationen und Ans\u00e4tzen: Freies, Unfreies, Gebundenes, Ungeb\u00e4ndigtes. Die Jazz-Rezensionen in der<a href=\"https:\/\/hoerbar.nmz.de\/\"> H\u00f6rBar<\/a> der<a href=\"https:\/\/www.nmz.de\/\"> neuen musikzeitung<\/a>.<\/p>\n<ul>\n<li><a href=\"https:\/\/hoerbar.nmz.de\/2022\/08\/phraim-hysteria\/\">Phraim \u2013 Hysteria<\/a><\/li>\n<li><a href=\"https:\/\/hoerbar.nmz.de\/2022\/08\/frank-fusion-trio-my-place\/\">Frank Fusion Trio \u2013 My Place<\/a><\/li>\n<li><a href=\"https:\/\/hoerbar.nmz.de\/2022\/08\/vismala-neander-digital-shaman\/\">Vismala \/ Neander \u2013 Digital Shaman<\/a><\/li>\n<li><a href=\"https:\/\/hoerbar.nmz.de\/2022\/08\/iconoclast-demolition-of-wisdom\/\">Iconoclast \u2013 Demolition Of Wisdom<\/a><\/li>\n<li><a href=\"https:\/\/hoerbar.nmz.de\/2022\/08\/satie-celloland\/\">Satie \u2013 Celloland<\/a><\/li>\n<li><a href=\"https:\/\/hoerbar.nmz.de\/2022\/09\/day-taxi-run-the-darkness-will-come\/\">DAY &amp; TAXI: Run, The Darkness Will Come!<\/a><\/li>\n<li><a href=\"https:\/\/hoerbar.nmz.de\/2022\/09\/stedajoda-schwebend\/\">SteDaJoDa: Schwebend<\/a><\/li>\n<\/ul>\n<div class=\"tiled-gallery type-square tiled-gallery-unresized\" data-original-width=\"840\" data-carousel-extra='{&quot;blog_id&quot;:1,&quot;permalink&quot;:&quot;https:\\\/\\\/www.jazzzeitung.de\\\/cms\\\/2022\\\/09\\\/hysterisches-bilderstuermerisches-schwebendes-jazz-cds-in-der-hoerbar-august-2022\\\/&quot;,&quot;likes_blog_id&quot;:55446655}' itemscope itemtype=\"http:\/\/schema.org\/ImageGallery\" > <div class=\"gallery-row\" style=\"width: 840px; height: 120px;\" data-original-width=\"840\" data-original-height=\"120\" > <div class=\"gallery-group\" style=\"width: 120px; height: 120px;\" data-original-width=\"120\" data-original-height=\"120\" > <div class=\"tiled-gallery-item \" itemprop=\"associatedMedia\" itemscope itemtype=\"http:\/\/schema.org\/ImageObject\"> <a href=\"https:\/\/www.jazzzeitung.de\/cms\/2022\/09\/hysterisches-bilderstuermerisches-schwebendes-jazz-cds-in-der-hoerbar-august-2022\/33_phraim\/\" border=\"0\" itemprop=\"url\"> <meta itemprop=\"width\" content=\"116\"> <meta itemprop=\"height\" content=\"116\"> <img decoding=\"async\" class=\"\" data-attachment-id=\"28288\" data-orig-file=\"https:\/\/www.jazzzeitung.de\/cms\/wp-content\/uploads\/2022\/09\/33_phraim.jpg\" data-orig-size=\"1200,1200\" data-comments-opened=\"1\" data-image-meta=\"{&quot;aperture&quot;:&quot;0&quot;,&quot;credit&quot;:&quot;&quot;,&quot;camera&quot;:&quot;&quot;,&quot;caption&quot;:&quot;&quot;,&quot;created_timestamp&quot;:&quot;0&quot;,&quot;copyright&quot;:&quot;&quot;,&quot;focal_length&quot;:&quot;0&quot;,&quot;iso&quot;:&quot;0&quot;,&quot;shutter_speed&quot;:&quot;0&quot;,&quot;title&quot;:&quot;&quot;,&quot;orientation&quot;:&quot;0&quot;}\" data-image-title=\"Phraim \u2013 Hysteria\" data-image-description=\"&lt;p&gt;Phraim \u2013 Hysteria&lt;\/p&gt; \" data-medium-file=\"https:\/\/i0.wp.com\/www.jazzzeitung.de\/cms\/wp-content\/uploads\/2022\/09\/33_phraim.jpg?fit=300%2C300&#038;ssl=1\" data-large-file=\"https:\/\/i0.wp.com\/www.jazzzeitung.de\/cms\/wp-content\/uploads\/2022\/09\/33_phraim.jpg?fit=600%2C600&#038;ssl=1\" src=\"https:\/\/i0.wp.com\/www.jazzzeitung.de\/cms\/wp-content\/uploads\/2022\/09\/33_phraim.jpg?w=116&#038;h=116&#038;crop=1&#038;ssl=1\" srcset=\"https:\/\/i0.wp.com\/www.jazzzeitung.de\/cms\/wp-content\/uploads\/2022\/09\/33_phraim.jpg?w=1200&amp;ssl=1 1200w, https:\/\/i0.wp.com\/www.jazzzeitung.de\/cms\/wp-content\/uploads\/2022\/09\/33_phraim.jpg?resize=300%2C300&amp;ssl=1 300w, https:\/\/i0.wp.com\/www.jazzzeitung.de\/cms\/wp-content\/uploads\/2022\/09\/33_phraim.jpg?resize=600%2C600&amp;ssl=1 600w, https:\/\/i0.wp.com\/www.jazzzeitung.de\/cms\/wp-content\/uploads\/2022\/09\/33_phraim.jpg?resize=150%2C150&amp;ssl=1 150w, https:\/\/i0.wp.com\/www.jazzzeitung.de\/cms\/wp-content\/uploads\/2022\/09\/33_phraim.jpg?resize=768%2C768&amp;ssl=1 768w\" width=\"116\" height=\"116\" loading=\"lazy\" data-original-width=\"116\" data-original-height=\"116\" itemprop=\"http:\/\/schema.org\/image\" title=\"Phraim \u2013 Hysteria\" alt=\"Phraim \u2013 Hysteria\" style=\"width: 116px; height: 116px;\" \/> <\/a> <div class=\"tiled-gallery-caption\" itemprop=\"caption description\"> Phraim \u2013 Hysteria <\/div> <\/div> <\/div> <div class=\"gallery-group\" style=\"width: 120px; height: 120px;\" data-original-width=\"120\" data-original-height=\"120\" > <div class=\"tiled-gallery-item \" itemprop=\"associatedMedia\" itemscope itemtype=\"http:\/\/schema.org\/ImageObject\"> <a href=\"https:\/\/www.jazzzeitung.de\/cms\/2022\/09\/hysterisches-bilderstuermerisches-schwebendes-jazz-cds-in-der-hoerbar-august-2022\/33_frank_fusion\/\" border=\"0\" itemprop=\"url\"> <meta itemprop=\"width\" content=\"116\"> <meta itemprop=\"height\" content=\"116\"> <img decoding=\"async\" class=\"\" data-attachment-id=\"28287\" data-orig-file=\"https:\/\/www.jazzzeitung.de\/cms\/wp-content\/uploads\/2022\/09\/33_frank_fusion.jpg\" data-orig-size=\"864,778\" data-comments-opened=\"1\" data-image-meta=\"{&quot;aperture&quot;:&quot;0&quot;,&quot;credit&quot;:&quot;&quot;,&quot;camera&quot;:&quot;&quot;,&quot;caption&quot;:&quot;&quot;,&quot;created_timestamp&quot;:&quot;0&quot;,&quot;copyright&quot;:&quot;&quot;,&quot;focal_length&quot;:&quot;0&quot;,&quot;iso&quot;:&quot;0&quot;,&quot;shutter_speed&quot;:&quot;0&quot;,&quot;title&quot;:&quot;&quot;,&quot;orientation&quot;:&quot;0&quot;}\" data-image-title=\"Frank Fusion Trio \u2013 My Place\" data-image-description=\"&lt;p&gt;Frank Fusion Trio \u2013 My Place&lt;\/p&gt; \" data-medium-file=\"https:\/\/i0.wp.com\/www.jazzzeitung.de\/cms\/wp-content\/uploads\/2022\/09\/33_frank_fusion.jpg?fit=300%2C270&#038;ssl=1\" data-large-file=\"https:\/\/i0.wp.com\/www.jazzzeitung.de\/cms\/wp-content\/uploads\/2022\/09\/33_frank_fusion.jpg?fit=666%2C600&#038;ssl=1\" src=\"https:\/\/i0.wp.com\/www.jazzzeitung.de\/cms\/wp-content\/uploads\/2022\/09\/33_frank_fusion.jpg?w=116&#038;h=116&#038;crop=1&#038;ssl=1\" srcset=\"https:\/\/i0.wp.com\/www.jazzzeitung.de\/cms\/wp-content\/uploads\/2022\/09\/33_frank_fusion.jpg?resize=150%2C150&amp;ssl=1 150w, https:\/\/i0.wp.com\/www.jazzzeitung.de\/cms\/wp-content\/uploads\/2022\/09\/33_frank_fusion.jpg?zoom=2&amp;resize=116%2C116&amp;ssl=1 232w, https:\/\/i0.wp.com\/www.jazzzeitung.de\/cms\/wp-content\/uploads\/2022\/09\/33_frank_fusion.jpg?zoom=3&amp;resize=116%2C116&amp;ssl=1 348w\" width=\"116\" height=\"116\" loading=\"lazy\" data-original-width=\"116\" data-original-height=\"116\" itemprop=\"http:\/\/schema.org\/image\" title=\"Frank Fusion Trio \u2013 My Place\" alt=\"Frank Fusion Trio \u2013 My Place\" style=\"width: 116px; height: 116px;\" \/> <\/a> <div class=\"tiled-gallery-caption\" itemprop=\"caption description\"> Frank Fusion Trio \u2013 My Place <\/div> <\/div> <\/div> <div class=\"gallery-group\" style=\"width: 120px; height: 120px;\" data-original-width=\"120\" data-original-height=\"120\" > <div class=\"tiled-gallery-item \" itemprop=\"associatedMedia\" itemscope itemtype=\"http:\/\/schema.org\/ImageObject\"> <a href=\"https:\/\/www.jazzzeitung.de\/cms\/2022\/09\/hysterisches-bilderstuermerisches-schwebendes-jazz-cds-in-der-hoerbar-august-2022\/33_vismala\/\" border=\"0\" itemprop=\"url\"> <meta itemprop=\"width\" content=\"116\"> <meta itemprop=\"height\" content=\"116\"> <img decoding=\"async\" class=\"\" data-attachment-id=\"28286\" data-orig-file=\"https:\/\/www.jazzzeitung.de\/cms\/wp-content\/uploads\/2022\/09\/33_vismala.jpg\" data-orig-size=\"1200,1200\" data-comments-opened=\"1\" data-image-meta=\"{&quot;aperture&quot;:&quot;0&quot;,&quot;credit&quot;:&quot;&quot;,&quot;camera&quot;:&quot;&quot;,&quot;caption&quot;:&quot;&quot;,&quot;created_timestamp&quot;:&quot;0&quot;,&quot;copyright&quot;:&quot;&quot;,&quot;focal_length&quot;:&quot;0&quot;,&quot;iso&quot;:&quot;0&quot;,&quot;shutter_speed&quot;:&quot;0&quot;,&quot;title&quot;:&quot;&quot;,&quot;orientation&quot;:&quot;0&quot;}\" data-image-title=\"Vismala \/ Neander \u2013 Digital Shaman\" data-image-description=\"&lt;p&gt;Vismala \/ Neander \u2013 Digital Shaman&lt;\/p&gt; \" data-medium-file=\"https:\/\/i0.wp.com\/www.jazzzeitung.de\/cms\/wp-content\/uploads\/2022\/09\/33_vismala.jpg?fit=300%2C300&#038;ssl=1\" data-large-file=\"https:\/\/i0.wp.com\/www.jazzzeitung.de\/cms\/wp-content\/uploads\/2022\/09\/33_vismala.jpg?fit=600%2C600&#038;ssl=1\" src=\"https:\/\/i0.wp.com\/www.jazzzeitung.de\/cms\/wp-content\/uploads\/2022\/09\/33_vismala.jpg?w=116&#038;h=116&#038;crop=1&#038;ssl=1\" srcset=\"https:\/\/i0.wp.com\/www.jazzzeitung.de\/cms\/wp-content\/uploads\/2022\/09\/33_vismala.jpg?w=1200&amp;ssl=1 1200w, https:\/\/i0.wp.com\/www.jazzzeitung.de\/cms\/wp-content\/uploads\/2022\/09\/33_vismala.jpg?resize=300%2C300&amp;ssl=1 300w, https:\/\/i0.wp.com\/www.jazzzeitung.de\/cms\/wp-content\/uploads\/2022\/09\/33_vismala.jpg?resize=600%2C600&amp;ssl=1 600w, https:\/\/i0.wp.com\/www.jazzzeitung.de\/cms\/wp-content\/uploads\/2022\/09\/33_vismala.jpg?resize=150%2C150&amp;ssl=1 150w, https:\/\/i0.wp.com\/www.jazzzeitung.de\/cms\/wp-content\/uploads\/2022\/09\/33_vismala.jpg?resize=768%2C768&amp;ssl=1 768w\" width=\"116\" height=\"116\" loading=\"lazy\" data-original-width=\"116\" data-original-height=\"116\" itemprop=\"http:\/\/schema.org\/image\" title=\"Vismala \/ Neander \u2013 Digital Shaman\" alt=\"Vismala \/ Neander \u2013 Digital Shaman\" style=\"width: 116px; height: 116px;\" \/> <\/a> <div class=\"tiled-gallery-caption\" itemprop=\"caption description\"> Vismala \/ Neander \u2013 Digital Shaman <\/div> <\/div> <\/div> <div class=\"gallery-group\" style=\"width: 120px; height: 120px;\" data-original-width=\"120\" data-original-height=\"120\" > <div class=\"tiled-gallery-item \" itemprop=\"associatedMedia\" itemscope itemtype=\"http:\/\/schema.org\/ImageObject\"> <a href=\"https:\/\/www.jazzzeitung.de\/cms\/2022\/09\/hysterisches-bilderstuermerisches-schwebendes-jazz-cds-in-der-hoerbar-august-2022\/33_iconoclast\/\" border=\"0\" itemprop=\"url\"> <meta itemprop=\"width\" content=\"116\"> <meta itemprop=\"height\" content=\"116\"> <img decoding=\"async\" class=\"\" data-attachment-id=\"28285\" data-orig-file=\"https:\/\/www.jazzzeitung.de\/cms\/wp-content\/uploads\/2022\/09\/33_iconoclast.jpg\" data-orig-size=\"1200,1200\" data-comments-opened=\"1\" data-image-meta=\"{&quot;aperture&quot;:&quot;0&quot;,&quot;credit&quot;:&quot;&quot;,&quot;camera&quot;:&quot;&quot;,&quot;caption&quot;:&quot;&quot;,&quot;created_timestamp&quot;:&quot;0&quot;,&quot;copyright&quot;:&quot;&quot;,&quot;focal_length&quot;:&quot;0&quot;,&quot;iso&quot;:&quot;0&quot;,&quot;shutter_speed&quot;:&quot;0&quot;,&quot;title&quot;:&quot;&quot;,&quot;orientation&quot;:&quot;0&quot;}\" data-image-title=\"Iconoclast \u2013 Demolition Of Wisdom\" data-image-description=\"&lt;p&gt;Iconoclast \u2013 Demolition Of Wisdom&lt;\/p&gt; \" data-medium-file=\"https:\/\/i0.wp.com\/www.jazzzeitung.de\/cms\/wp-content\/uploads\/2022\/09\/33_iconoclast.jpg?fit=300%2C300&#038;ssl=1\" data-large-file=\"https:\/\/i0.wp.com\/www.jazzzeitung.de\/cms\/wp-content\/uploads\/2022\/09\/33_iconoclast.jpg?fit=600%2C600&#038;ssl=1\" src=\"https:\/\/i0.wp.com\/www.jazzzeitung.de\/cms\/wp-content\/uploads\/2022\/09\/33_iconoclast.jpg?w=116&#038;h=116&#038;crop=1&#038;ssl=1\" srcset=\"https:\/\/i0.wp.com\/www.jazzzeitung.de\/cms\/wp-content\/uploads\/2022\/09\/33_iconoclast.jpg?w=1200&amp;ssl=1 1200w, https:\/\/i0.wp.com\/www.jazzzeitung.de\/cms\/wp-content\/uploads\/2022\/09\/33_iconoclast.jpg?resize=300%2C300&amp;ssl=1 300w, https:\/\/i0.wp.com\/www.jazzzeitung.de\/cms\/wp-content\/uploads\/2022\/09\/33_iconoclast.jpg?resize=600%2C600&amp;ssl=1 600w, https:\/\/i0.wp.com\/www.jazzzeitung.de\/cms\/wp-content\/uploads\/2022\/09\/33_iconoclast.jpg?resize=150%2C150&amp;ssl=1 150w, https:\/\/i0.wp.com\/www.jazzzeitung.de\/cms\/wp-content\/uploads\/2022\/09\/33_iconoclast.jpg?resize=768%2C768&amp;ssl=1 768w\" width=\"116\" height=\"116\" loading=\"lazy\" data-original-width=\"116\" data-original-height=\"116\" itemprop=\"http:\/\/schema.org\/image\" title=\"Iconoclast \u2013 Demolition Of Wisdom\" alt=\"Iconoclast \u2013 Demolition Of Wisdom\" style=\"width: 116px; height: 116px;\" \/> <\/a> <div class=\"tiled-gallery-caption\" itemprop=\"caption description\"> Iconoclast \u2013 Demolition Of Wisdom <\/div> <\/div> <\/div> <div class=\"gallery-group\" style=\"width: 120px; height: 120px;\" data-original-width=\"120\" data-original-height=\"120\" > <div class=\"tiled-gallery-item \" itemprop=\"associatedMedia\" itemscope itemtype=\"http:\/\/schema.org\/ImageObject\"> <a href=\"https:\/\/www.jazzzeitung.de\/cms\/2022\/09\/hysterisches-bilderstuermerisches-schwebendes-jazz-cds-in-der-hoerbar-august-2022\/35_celloland\/\" border=\"0\" itemprop=\"url\"> <meta itemprop=\"width\" content=\"116\"> <meta itemprop=\"height\" content=\"116\"> <img decoding=\"async\" class=\"\" data-attachment-id=\"28284\" data-orig-file=\"https:\/\/www.jazzzeitung.de\/cms\/wp-content\/uploads\/2022\/09\/35_celloland.jpg\" data-orig-size=\"600,600\" data-comments-opened=\"1\" data-image-meta=\"{&quot;aperture&quot;:&quot;0&quot;,&quot;credit&quot;:&quot;&quot;,&quot;camera&quot;:&quot;&quot;,&quot;caption&quot;:&quot;&quot;,&quot;created_timestamp&quot;:&quot;0&quot;,&quot;copyright&quot;:&quot;&quot;,&quot;focal_length&quot;:&quot;0&quot;,&quot;iso&quot;:&quot;0&quot;,&quot;shutter_speed&quot;:&quot;0&quot;,&quot;title&quot;:&quot;&quot;,&quot;orientation&quot;:&quot;0&quot;}\" data-image-title=\"Satie \u2013 Celloland\" data-image-description=\"&lt;p&gt;Satie \u2013 Celloland&lt;\/p&gt; \" data-medium-file=\"https:\/\/i0.wp.com\/www.jazzzeitung.de\/cms\/wp-content\/uploads\/2022\/09\/35_celloland.jpg?fit=300%2C300&#038;ssl=1\" data-large-file=\"https:\/\/i0.wp.com\/www.jazzzeitung.de\/cms\/wp-content\/uploads\/2022\/09\/35_celloland.jpg?fit=600%2C600&#038;ssl=1\" src=\"https:\/\/i0.wp.com\/www.jazzzeitung.de\/cms\/wp-content\/uploads\/2022\/09\/35_celloland.jpg?w=116&#038;h=116&#038;crop=1&#038;ssl=1\" srcset=\"https:\/\/i0.wp.com\/www.jazzzeitung.de\/cms\/wp-content\/uploads\/2022\/09\/35_celloland.jpg?w=600&amp;ssl=1 600w, https:\/\/i0.wp.com\/www.jazzzeitung.de\/cms\/wp-content\/uploads\/2022\/09\/35_celloland.jpg?resize=300%2C300&amp;ssl=1 300w, https:\/\/i0.wp.com\/www.jazzzeitung.de\/cms\/wp-content\/uploads\/2022\/09\/35_celloland.jpg?resize=150%2C150&amp;ssl=1 150w\" width=\"116\" height=\"116\" loading=\"lazy\" data-original-width=\"116\" data-original-height=\"116\" itemprop=\"http:\/\/schema.org\/image\" title=\"Satie \u2013 Celloland\" alt=\"Satie \u2013 Celloland\" style=\"width: 116px; height: 116px;\" \/> <\/a> <div class=\"tiled-gallery-caption\" itemprop=\"caption description\"> Satie \u2013 Celloland <\/div> <\/div> <\/div> <div class=\"gallery-group\" style=\"width: 120px; height: 120px;\" data-original-width=\"120\" data-original-height=\"120\" > <div class=\"tiled-gallery-item \" itemprop=\"associatedMedia\" itemscope itemtype=\"http:\/\/schema.org\/ImageObject\"> <a href=\"https:\/\/www.jazzzeitung.de\/cms\/2022\/09\/hysterisches-bilderstuermerisches-schwebendes-jazz-cds-in-der-hoerbar-august-2022\/35_run_\/\" border=\"0\" itemprop=\"url\"> <meta itemprop=\"width\" content=\"116\"> <meta itemprop=\"height\" content=\"116\"> <img decoding=\"async\" class=\"\" data-attachment-id=\"28283\" data-orig-file=\"https:\/\/www.jazzzeitung.de\/cms\/wp-content\/uploads\/2022\/09\/35_run_.jpg\" data-orig-size=\"1200,1136\" data-comments-opened=\"1\" data-image-meta=\"{&quot;aperture&quot;:&quot;0&quot;,&quot;credit&quot;:&quot;&quot;,&quot;camera&quot;:&quot;&quot;,&quot;caption&quot;:&quot;&quot;,&quot;created_timestamp&quot;:&quot;0&quot;,&quot;copyright&quot;:&quot;&quot;,&quot;focal_length&quot;:&quot;0&quot;,&quot;iso&quot;:&quot;0&quot;,&quot;shutter_speed&quot;:&quot;0&quot;,&quot;title&quot;:&quot;&quot;,&quot;orientation&quot;:&quot;0&quot;}\" data-image-title=\"DAY &amp;#038; TAXI: Run, The Darkness Will Come!\" data-image-description=\"&lt;p&gt;DAY &amp;#038; TAXI: Run, The Darkness Will Come!&lt;\/p&gt; \" data-medium-file=\"https:\/\/i0.wp.com\/www.jazzzeitung.de\/cms\/wp-content\/uploads\/2022\/09\/35_run_.jpg?fit=300%2C284&#038;ssl=1\" data-large-file=\"https:\/\/i0.wp.com\/www.jazzzeitung.de\/cms\/wp-content\/uploads\/2022\/09\/35_run_.jpg?fit=634%2C600&#038;ssl=1\" src=\"https:\/\/i0.wp.com\/www.jazzzeitung.de\/cms\/wp-content\/uploads\/2022\/09\/35_run_.jpg?w=116&#038;h=116&#038;crop=1&#038;ssl=1\" srcset=\"https:\/\/i0.wp.com\/www.jazzzeitung.de\/cms\/wp-content\/uploads\/2022\/09\/35_run_.jpg?resize=150%2C150&amp;ssl=1 150w, https:\/\/i0.wp.com\/www.jazzzeitung.de\/cms\/wp-content\/uploads\/2022\/09\/35_run_.jpg?zoom=2&amp;resize=116%2C116&amp;ssl=1 232w, https:\/\/i0.wp.com\/www.jazzzeitung.de\/cms\/wp-content\/uploads\/2022\/09\/35_run_.jpg?zoom=3&amp;resize=116%2C116&amp;ssl=1 348w\" width=\"116\" height=\"116\" loading=\"lazy\" data-original-width=\"116\" data-original-height=\"116\" itemprop=\"http:\/\/schema.org\/image\" title=\"DAY &amp; TAXI: Run, The Darkness Will Come!\" alt=\"DAY &amp; TAXI: Run, The Darkness Will Come!\" style=\"width: 116px; height: 116px;\" \/> <\/a> <div class=\"tiled-gallery-caption\" itemprop=\"caption description\"> DAY &#038; TAXI: Run, The Darkness Will Come! <\/div> <\/div> <\/div> <div class=\"gallery-group\" style=\"width: 120px; height: 120px;\" data-original-width=\"120\" data-original-height=\"120\" > <div class=\"tiled-gallery-item \" itemprop=\"associatedMedia\" itemscope itemtype=\"http:\/\/schema.org\/ImageObject\"> <a href=\"https:\/\/www.jazzzeitung.de\/cms\/2022\/09\/hysterisches-bilderstuermerisches-schwebendes-jazz-cds-in-der-hoerbar-august-2022\/35_stedajoda\/\" border=\"0\" itemprop=\"url\"> <meta itemprop=\"width\" content=\"116\"> <meta itemprop=\"height\" content=\"116\"> <img decoding=\"async\" class=\"\" data-attachment-id=\"28282\" data-orig-file=\"https:\/\/www.jazzzeitung.de\/cms\/wp-content\/uploads\/2022\/09\/35_stedajoda.jpg\" data-orig-size=\"1200,1098\" data-comments-opened=\"1\" data-image-meta=\"{&quot;aperture&quot;:&quot;0&quot;,&quot;credit&quot;:&quot;&quot;,&quot;camera&quot;:&quot;&quot;,&quot;caption&quot;:&quot;&quot;,&quot;created_timestamp&quot;:&quot;0&quot;,&quot;copyright&quot;:&quot;&quot;,&quot;focal_length&quot;:&quot;0&quot;,&quot;iso&quot;:&quot;0&quot;,&quot;shutter_speed&quot;:&quot;0&quot;,&quot;title&quot;:&quot;&quot;,&quot;orientation&quot;:&quot;0&quot;}\" data-image-title=\"SteDaJoDa: Schwebend\" data-image-description=\"&lt;p&gt;SteDaJoDa: Schwebend&lt;\/p&gt; \" data-medium-file=\"https:\/\/i0.wp.com\/www.jazzzeitung.de\/cms\/wp-content\/uploads\/2022\/09\/35_stedajoda.jpg?fit=300%2C275&#038;ssl=1\" data-large-file=\"https:\/\/i0.wp.com\/www.jazzzeitung.de\/cms\/wp-content\/uploads\/2022\/09\/35_stedajoda.jpg?fit=656%2C600&#038;ssl=1\" src=\"https:\/\/i0.wp.com\/www.jazzzeitung.de\/cms\/wp-content\/uploads\/2022\/09\/35_stedajoda.jpg?w=116&#038;h=116&#038;crop=1&#038;ssl=1\" srcset=\"https:\/\/i0.wp.com\/www.jazzzeitung.de\/cms\/wp-content\/uploads\/2022\/09\/35_stedajoda.jpg?resize=150%2C150&amp;ssl=1 150w, https:\/\/i0.wp.com\/www.jazzzeitung.de\/cms\/wp-content\/uploads\/2022\/09\/35_stedajoda.jpg?zoom=2&amp;resize=116%2C116&amp;ssl=1 232w, https:\/\/i0.wp.com\/www.jazzzeitung.de\/cms\/wp-content\/uploads\/2022\/09\/35_stedajoda.jpg?zoom=3&amp;resize=116%2C116&amp;ssl=1 348w\" width=\"116\" height=\"116\" loading=\"lazy\" data-original-width=\"116\" data-original-height=\"116\" itemprop=\"http:\/\/schema.org\/image\" title=\"SteDaJoDa: Schwebend\" alt=\"SteDaJoDa: Schwebend\" style=\"width: 116px; height: 116px;\" \/> <\/a> <div class=\"tiled-gallery-caption\" itemprop=\"caption description\"> SteDaJoDa: Schwebend <\/div> <\/div> <\/div> <\/div> <\/div>\n<h3><a href=\"https:\/\/hoerbar.nmz.de\/2022\/08\/phraim-hysteria\/\">Phraim \u2013 Hysteria<\/a><\/h3>\n<figure id=\"attachment_28288\" aria-describedby=\"caption-attachment-28288\" style=\"width: 150px\" class=\"wp-caption alignright\"><a href=\"https:\/\/i0.wp.com\/www.jazzzeitung.de\/cms\/wp-content\/uploads\/2022\/09\/33_phraim.jpg?ssl=1\"><img data-recalc-dims=\"1\" loading=\"lazy\" decoding=\"async\" data-attachment-id=\"28288\" data-permalink=\"https:\/\/www.jazzzeitung.de\/cms\/2022\/09\/hysterisches-bilderstuermerisches-schwebendes-jazz-cds-in-der-hoerbar-august-2022\/33_phraim\/\" data-orig-file=\"https:\/\/i0.wp.com\/www.jazzzeitung.de\/cms\/wp-content\/uploads\/2022\/09\/33_phraim.jpg?fit=1200%2C1200&amp;ssl=1\" data-orig-size=\"1200,1200\" data-comments-opened=\"1\" data-image-meta=\"{&quot;aperture&quot;:&quot;0&quot;,&quot;credit&quot;:&quot;&quot;,&quot;camera&quot;:&quot;&quot;,&quot;caption&quot;:&quot;&quot;,&quot;created_timestamp&quot;:&quot;0&quot;,&quot;copyright&quot;:&quot;&quot;,&quot;focal_length&quot;:&quot;0&quot;,&quot;iso&quot;:&quot;0&quot;,&quot;shutter_speed&quot;:&quot;0&quot;,&quot;title&quot;:&quot;&quot;,&quot;orientation&quot;:&quot;0&quot;}\" data-image-title=\"Phraim \u2013 Hysteria\" data-image-description=\"&lt;p&gt;Phraim \u2013 Hysteria&lt;\/p&gt;\n\" data-image-caption=\"&lt;p&gt;Phraim \u2013 Hysteria&lt;\/p&gt;\n\" data-large-file=\"https:\/\/i0.wp.com\/www.jazzzeitung.de\/cms\/wp-content\/uploads\/2022\/09\/33_phraim.jpg?fit=600%2C600&amp;ssl=1\" class=\"size-thumbnail wp-image-28288\" src=\"https:\/\/i0.wp.com\/www.jazzzeitung.de\/cms\/wp-content\/uploads\/2022\/09\/33_phraim.jpg?resize=150%2C150&#038;ssl=1\" alt=\"Phraim \u2013 Hysteria\" width=\"150\" height=\"150\" srcset=\"https:\/\/i0.wp.com\/www.jazzzeitung.de\/cms\/wp-content\/uploads\/2022\/09\/33_phraim.jpg?resize=150%2C150&amp;ssl=1 150w, https:\/\/i0.wp.com\/www.jazzzeitung.de\/cms\/wp-content\/uploads\/2022\/09\/33_phraim.jpg?resize=300%2C300&amp;ssl=1 300w, https:\/\/i0.wp.com\/www.jazzzeitung.de\/cms\/wp-content\/uploads\/2022\/09\/33_phraim.jpg?resize=600%2C600&amp;ssl=1 600w, https:\/\/i0.wp.com\/www.jazzzeitung.de\/cms\/wp-content\/uploads\/2022\/09\/33_phraim.jpg?resize=768%2C768&amp;ssl=1 768w, https:\/\/i0.wp.com\/www.jazzzeitung.de\/cms\/wp-content\/uploads\/2022\/09\/33_phraim.jpg?w=1200&amp;ssl=1 1200w\" sizes=\"auto, (max-width: 150px) 100vw, 150px\" \/><\/a><figcaption id=\"caption-attachment-28288\" class=\"wp-caption-text\">Phraim \u2013 Hysteria<\/figcaption><\/figure>\n<p>\u201e\u2026 Viele der Tracks entwickeln einen ausgesprochen intensiven Sog, weil die Grundideen der Kompositionen und ihr grunds\u00e4tzlicher Aufbau architektonisch gelungen sind. Die St\u00fccke werden in die richtigen Schuhe gestellt. Und in fast allen Tracks gelingt es, das Ger\u00fcst wunderbar innenarchitektonisch auszukleiden. Man schaut dabei gerne zu wie Basslinien in den \u201eColourblind Birds\u201c \u2013 um im Bild zu bleiben \u2013 wie Stromleitungen im Haus durchaus sichtbar auf Putz verlegt werden. Doch dann ist es bald mit der \u00d6konomie vorbei und die Piecen neigen ausgesprochen dazu, zu verfransen und zu verspielt leerzulaufen wie extrem im zweiten Track \u201eMaleficent\u201c.\u2026\u201c<\/p>\n<p><iframe title=\"Spotify Embed: Colourblind Birds\" style=\"border-radius: 12px\" width=\"100%\" height=\"80\" frameborder=\"0\" allowfullscreen allow=\"autoplay; clipboard-write; encrypted-media; fullscreen; picture-in-picture\" loading=\"lazy\" src=\"https:\/\/open.spotify.com\/embed\/track\/6uJsLhkOdb6WpvPpxuhNxW?si=76d98c3c26154424&#038;utm_source=oembed\"><\/iframe><\/p>\n<h3><a href=\"https:\/\/hoerbar.nmz.de\/2022\/08\/frank-fusion-trio-my-place\/\">Frank Fusion Trio \u2013 My Place<\/a><\/h3>\n<figure id=\"attachment_28287\" aria-describedby=\"caption-attachment-28287\" style=\"width: 150px\" class=\"wp-caption alignright\"><a href=\"https:\/\/i0.wp.com\/www.jazzzeitung.de\/cms\/wp-content\/uploads\/2022\/09\/33_frank_fusion.jpg?ssl=1\"><img data-recalc-dims=\"1\" loading=\"lazy\" decoding=\"async\" data-attachment-id=\"28287\" data-permalink=\"https:\/\/www.jazzzeitung.de\/cms\/2022\/09\/hysterisches-bilderstuermerisches-schwebendes-jazz-cds-in-der-hoerbar-august-2022\/33_frank_fusion\/\" data-orig-file=\"https:\/\/i0.wp.com\/www.jazzzeitung.de\/cms\/wp-content\/uploads\/2022\/09\/33_frank_fusion.jpg?fit=864%2C778&amp;ssl=1\" data-orig-size=\"864,778\" data-comments-opened=\"1\" data-image-meta=\"{&quot;aperture&quot;:&quot;0&quot;,&quot;credit&quot;:&quot;&quot;,&quot;camera&quot;:&quot;&quot;,&quot;caption&quot;:&quot;&quot;,&quot;created_timestamp&quot;:&quot;0&quot;,&quot;copyright&quot;:&quot;&quot;,&quot;focal_length&quot;:&quot;0&quot;,&quot;iso&quot;:&quot;0&quot;,&quot;shutter_speed&quot;:&quot;0&quot;,&quot;title&quot;:&quot;&quot;,&quot;orientation&quot;:&quot;0&quot;}\" data-image-title=\"Frank Fusion Trio \u2013 My Place\" data-image-description=\"&lt;p&gt;Frank Fusion Trio \u2013 My Place&lt;\/p&gt;\n\" data-image-caption=\"&lt;p&gt;Frank Fusion Trio \u2013 My Place&lt;\/p&gt;\n\" data-large-file=\"https:\/\/i0.wp.com\/www.jazzzeitung.de\/cms\/wp-content\/uploads\/2022\/09\/33_frank_fusion.jpg?fit=666%2C600&amp;ssl=1\" class=\"size-thumbnail wp-image-28287\" src=\"https:\/\/i0.wp.com\/www.jazzzeitung.de\/cms\/wp-content\/uploads\/2022\/09\/33_frank_fusion.jpg?resize=150%2C150&#038;ssl=1\" alt=\"Frank Fusion Trio \u2013 My Place\" width=\"150\" height=\"150\" srcset=\"https:\/\/i0.wp.com\/www.jazzzeitung.de\/cms\/wp-content\/uploads\/2022\/09\/33_frank_fusion.jpg?resize=150%2C150&amp;ssl=1 150w, https:\/\/i0.wp.com\/www.jazzzeitung.de\/cms\/wp-content\/uploads\/2022\/09\/33_frank_fusion.jpg?zoom=2&amp;resize=150%2C150&amp;ssl=1 300w, https:\/\/i0.wp.com\/www.jazzzeitung.de\/cms\/wp-content\/uploads\/2022\/09\/33_frank_fusion.jpg?zoom=3&amp;resize=150%2C150&amp;ssl=1 450w\" sizes=\"auto, (max-width: 150px) 100vw, 150px\" \/><\/a><figcaption id=\"caption-attachment-28287\" class=\"wp-caption-text\">Frank Fusion Trio \u2013 My Place<\/figcaption><\/figure>\n<p>\u201e\u2026 Eine durchweg reichhaltige Mischung aus Noise in der Tex- und Gradlinigkeit in der Struktur, die nicht selten die \u201eGrenzen\u201c zur Rockmusik mehr als deutlich \u00fcberschreitet. Und gleichwohl klingen Powerwerke wie \u201eCrazy Witch\u201c nicht nach alter aufgew\u00e4rmter Wurst. Meisterhaft! Ein Track, der wie eine 22-Minuten-Orgie wirkt, aber tats\u00e4chlich in unter f\u00fcnf Minuten die Flimmerh\u00e4rchen im Ohr flachlegt.\u2026\u201c<\/p>\n<p><iframe title=\"Spotify Embed: Crazy Witch\" style=\"border-radius: 12px\" width=\"100%\" height=\"80\" frameborder=\"0\" allowfullscreen allow=\"autoplay; clipboard-write; encrypted-media; fullscreen; picture-in-picture\" loading=\"lazy\" src=\"https:\/\/open.spotify.com\/embed\/track\/5jpxEGW9xcHI2W38MPUksf?si=2e60163a86474ecd&#038;utm_source=oembed\"><\/iframe><\/p>\n<h3><a href=\"https:\/\/hoerbar.nmz.de\/2022\/08\/vismala-neander-digital-shaman\/\">Vismala \/ Neander \u2013 Digital Shaman<\/a><\/h3>\n<figure id=\"attachment_28286\" aria-describedby=\"caption-attachment-28286\" style=\"width: 150px\" class=\"wp-caption alignright\"><a href=\"https:\/\/i0.wp.com\/www.jazzzeitung.de\/cms\/wp-content\/uploads\/2022\/09\/33_vismala.jpg?ssl=1\"><img data-recalc-dims=\"1\" loading=\"lazy\" decoding=\"async\" data-attachment-id=\"28286\" data-permalink=\"https:\/\/www.jazzzeitung.de\/cms\/2022\/09\/hysterisches-bilderstuermerisches-schwebendes-jazz-cds-in-der-hoerbar-august-2022\/33_vismala\/\" data-orig-file=\"https:\/\/i0.wp.com\/www.jazzzeitung.de\/cms\/wp-content\/uploads\/2022\/09\/33_vismala.jpg?fit=1200%2C1200&amp;ssl=1\" data-orig-size=\"1200,1200\" data-comments-opened=\"1\" data-image-meta=\"{&quot;aperture&quot;:&quot;0&quot;,&quot;credit&quot;:&quot;&quot;,&quot;camera&quot;:&quot;&quot;,&quot;caption&quot;:&quot;&quot;,&quot;created_timestamp&quot;:&quot;0&quot;,&quot;copyright&quot;:&quot;&quot;,&quot;focal_length&quot;:&quot;0&quot;,&quot;iso&quot;:&quot;0&quot;,&quot;shutter_speed&quot;:&quot;0&quot;,&quot;title&quot;:&quot;&quot;,&quot;orientation&quot;:&quot;0&quot;}\" data-image-title=\"Vismala \/ Neander \u2013 Digital Shaman\" data-image-description=\"&lt;p&gt;Vismala \/ Neander \u2013 Digital Shaman&lt;\/p&gt;\n\" data-image-caption=\"&lt;p&gt;Vismala \/ Neander \u2013 Digital Shaman&lt;\/p&gt;\n\" data-large-file=\"https:\/\/i0.wp.com\/www.jazzzeitung.de\/cms\/wp-content\/uploads\/2022\/09\/33_vismala.jpg?fit=600%2C600&amp;ssl=1\" class=\"size-thumbnail wp-image-28286\" src=\"https:\/\/i0.wp.com\/www.jazzzeitung.de\/cms\/wp-content\/uploads\/2022\/09\/33_vismala.jpg?resize=150%2C150&#038;ssl=1\" alt=\"Vismala \/ Neander \u2013 Digital Shaman\" width=\"150\" height=\"150\" srcset=\"https:\/\/i0.wp.com\/www.jazzzeitung.de\/cms\/wp-content\/uploads\/2022\/09\/33_vismala.jpg?resize=150%2C150&amp;ssl=1 150w, https:\/\/i0.wp.com\/www.jazzzeitung.de\/cms\/wp-content\/uploads\/2022\/09\/33_vismala.jpg?resize=300%2C300&amp;ssl=1 300w, https:\/\/i0.wp.com\/www.jazzzeitung.de\/cms\/wp-content\/uploads\/2022\/09\/33_vismala.jpg?resize=600%2C600&amp;ssl=1 600w, https:\/\/i0.wp.com\/www.jazzzeitung.de\/cms\/wp-content\/uploads\/2022\/09\/33_vismala.jpg?resize=768%2C768&amp;ssl=1 768w, https:\/\/i0.wp.com\/www.jazzzeitung.de\/cms\/wp-content\/uploads\/2022\/09\/33_vismala.jpg?w=1200&amp;ssl=1 1200w\" sizes=\"auto, (max-width: 150px) 100vw, 150px\" \/><\/a><figcaption id=\"caption-attachment-28286\" class=\"wp-caption-text\">Vismala \/ Neander \u2013 Digital Shaman<\/figcaption><\/figure>\n<p>\u201e\u2026 Man fragt sich, wo da das besonders \u201edigitale\u201c diese Schamanen-Musik auszeichne. Elektrifizierend ist die Musik gleichwohl, die laut Infoblatt \u201eCalypso, Monk, Funkiness, Jazzrock und Gypsyjazz\u201c nicht auf ihrem Weg in die akustische Realit\u00e4t auf dem Weg liegen l\u00e4sst, sondern mitnimmt und dabei \u201ekaribisches Augenzwinkern oder zappaesker Wahnsinn\u201c streift. Und ein bisschen Rodgau Monotones sind auch dabei. Flatsch! \u2026\u201c<\/p>\n<p><iframe title=\"Spotify Embed: Don&amp;apos;t Get Caught, Rebel Monk\" style=\"border-radius: 12px\" width=\"100%\" height=\"80\" frameborder=\"0\" allowfullscreen allow=\"autoplay; clipboard-write; encrypted-media; fullscreen; picture-in-picture\" loading=\"lazy\" src=\"https:\/\/open.spotify.com\/embed\/track\/3UKnHi8ewSKPbGj6tGNADd?si=6ff4518b89b34446&#038;utm_source=oembed\"><\/iframe><\/p>\n<h3><a href=\"https:\/\/hoerbar.nmz.de\/2022\/08\/iconoclast-demolition-of-wisdom\/\">Iconoclast \u2013 Demolition Of Wisdom<\/a><\/h3>\n<figure id=\"attachment_28285\" aria-describedby=\"caption-attachment-28285\" style=\"width: 150px\" class=\"wp-caption alignright\"><a href=\"https:\/\/i0.wp.com\/www.jazzzeitung.de\/cms\/wp-content\/uploads\/2022\/09\/33_iconoclast.jpg?ssl=1\"><img data-recalc-dims=\"1\" loading=\"lazy\" decoding=\"async\" data-attachment-id=\"28285\" data-permalink=\"https:\/\/www.jazzzeitung.de\/cms\/2022\/09\/hysterisches-bilderstuermerisches-schwebendes-jazz-cds-in-der-hoerbar-august-2022\/33_iconoclast\/\" data-orig-file=\"https:\/\/i0.wp.com\/www.jazzzeitung.de\/cms\/wp-content\/uploads\/2022\/09\/33_iconoclast.jpg?fit=1200%2C1200&amp;ssl=1\" data-orig-size=\"1200,1200\" data-comments-opened=\"1\" data-image-meta=\"{&quot;aperture&quot;:&quot;0&quot;,&quot;credit&quot;:&quot;&quot;,&quot;camera&quot;:&quot;&quot;,&quot;caption&quot;:&quot;&quot;,&quot;created_timestamp&quot;:&quot;0&quot;,&quot;copyright&quot;:&quot;&quot;,&quot;focal_length&quot;:&quot;0&quot;,&quot;iso&quot;:&quot;0&quot;,&quot;shutter_speed&quot;:&quot;0&quot;,&quot;title&quot;:&quot;&quot;,&quot;orientation&quot;:&quot;0&quot;}\" data-image-title=\"Iconoclast \u2013 Demolition Of Wisdom\" data-image-description=\"&lt;p&gt;Iconoclast \u2013 Demolition Of Wisdom&lt;\/p&gt;\n\" data-image-caption=\"&lt;p&gt;Iconoclast \u2013 Demolition Of Wisdom&lt;\/p&gt;\n\" data-large-file=\"https:\/\/i0.wp.com\/www.jazzzeitung.de\/cms\/wp-content\/uploads\/2022\/09\/33_iconoclast.jpg?fit=600%2C600&amp;ssl=1\" class=\"size-thumbnail wp-image-28285\" src=\"https:\/\/i0.wp.com\/www.jazzzeitung.de\/cms\/wp-content\/uploads\/2022\/09\/33_iconoclast.jpg?resize=150%2C150&#038;ssl=1\" alt=\"Iconoclast \u2013 Demolition Of Wisdom\" width=\"150\" height=\"150\" srcset=\"https:\/\/i0.wp.com\/www.jazzzeitung.de\/cms\/wp-content\/uploads\/2022\/09\/33_iconoclast.jpg?resize=150%2C150&amp;ssl=1 150w, https:\/\/i0.wp.com\/www.jazzzeitung.de\/cms\/wp-content\/uploads\/2022\/09\/33_iconoclast.jpg?resize=300%2C300&amp;ssl=1 300w, https:\/\/i0.wp.com\/www.jazzzeitung.de\/cms\/wp-content\/uploads\/2022\/09\/33_iconoclast.jpg?resize=600%2C600&amp;ssl=1 600w, https:\/\/i0.wp.com\/www.jazzzeitung.de\/cms\/wp-content\/uploads\/2022\/09\/33_iconoclast.jpg?resize=768%2C768&amp;ssl=1 768w, https:\/\/i0.wp.com\/www.jazzzeitung.de\/cms\/wp-content\/uploads\/2022\/09\/33_iconoclast.jpg?w=1200&amp;ssl=1 1200w\" sizes=\"auto, (max-width: 150px) 100vw, 150px\" \/><\/a><figcaption id=\"caption-attachment-28285\" class=\"wp-caption-text\">Iconoclast \u2013 Demolition Of Wisdom<\/figcaption><\/figure>\n<p>Nun, ich h\u00e4tte da noch eine Frage: Warum dauert das erste St\u00fcck mit dem Titel \u201eFour Forgotten Minutes\u201c exakt sechs Minuten? Okay. Die Bilderst\u00fcrmer sind unterwegs und versuchen den Abriss der Weisheit. So?<\/p>\n<iframe loading=\"lazy\" width=\"100%\" height=\"42\" style=\"position: relative; display: block; width: 100%; height: 42px;\" src=\"\/\/bandcamp.com\/EmbeddedPlayer\/v=2\/album=603399526\/size=small\/bgcol=ffffff\/linkcol=0687f5\/\" allowtransparency=\"true\" frameborder=\"0\"><\/iframe>\n<h3><a href=\"https:\/\/hoerbar.nmz.de\/2022\/08\/satie-celloland\/\">Satie \u2013 Celloland<\/a><\/h3>\n<figure id=\"attachment_28284\" aria-describedby=\"caption-attachment-28284\" style=\"width: 150px\" class=\"wp-caption alignright\"><a href=\"https:\/\/i0.wp.com\/www.jazzzeitung.de\/cms\/wp-content\/uploads\/2022\/09\/35_celloland.jpg?ssl=1\"><img data-recalc-dims=\"1\" loading=\"lazy\" decoding=\"async\" data-attachment-id=\"28284\" data-permalink=\"https:\/\/www.jazzzeitung.de\/cms\/2022\/09\/hysterisches-bilderstuermerisches-schwebendes-jazz-cds-in-der-hoerbar-august-2022\/35_celloland\/\" data-orig-file=\"https:\/\/i0.wp.com\/www.jazzzeitung.de\/cms\/wp-content\/uploads\/2022\/09\/35_celloland.jpg?fit=600%2C600&amp;ssl=1\" data-orig-size=\"600,600\" data-comments-opened=\"1\" data-image-meta=\"{&quot;aperture&quot;:&quot;0&quot;,&quot;credit&quot;:&quot;&quot;,&quot;camera&quot;:&quot;&quot;,&quot;caption&quot;:&quot;&quot;,&quot;created_timestamp&quot;:&quot;0&quot;,&quot;copyright&quot;:&quot;&quot;,&quot;focal_length&quot;:&quot;0&quot;,&quot;iso&quot;:&quot;0&quot;,&quot;shutter_speed&quot;:&quot;0&quot;,&quot;title&quot;:&quot;&quot;,&quot;orientation&quot;:&quot;0&quot;}\" data-image-title=\"Satie \u2013 Celloland\" data-image-description=\"&lt;p&gt;Satie \u2013 Celloland&lt;\/p&gt;\n\" data-image-caption=\"&lt;p&gt;Satie \u2013 Celloland&lt;\/p&gt;\n\" data-large-file=\"https:\/\/i0.wp.com\/www.jazzzeitung.de\/cms\/wp-content\/uploads\/2022\/09\/35_celloland.jpg?fit=600%2C600&amp;ssl=1\" class=\"size-thumbnail wp-image-28284\" src=\"https:\/\/i0.wp.com\/www.jazzzeitung.de\/cms\/wp-content\/uploads\/2022\/09\/35_celloland.jpg?resize=150%2C150&#038;ssl=1\" alt=\"Satie \u2013 Celloland\" width=\"150\" height=\"150\" srcset=\"https:\/\/i0.wp.com\/www.jazzzeitung.de\/cms\/wp-content\/uploads\/2022\/09\/35_celloland.jpg?resize=150%2C150&amp;ssl=1 150w, https:\/\/i0.wp.com\/www.jazzzeitung.de\/cms\/wp-content\/uploads\/2022\/09\/35_celloland.jpg?resize=300%2C300&amp;ssl=1 300w, https:\/\/i0.wp.com\/www.jazzzeitung.de\/cms\/wp-content\/uploads\/2022\/09\/35_celloland.jpg?w=600&amp;ssl=1 600w\" sizes=\"auto, (max-width: 150px) 100vw, 150px\" \/><\/a><figcaption id=\"caption-attachment-28284\" class=\"wp-caption-text\">Satie \u2013 Celloland<\/figcaption><\/figure>\n<p>Das alles l\u00e4uft und l\u00e4uft und schnurrt und schnurrt. Mal eher ungewagt, dann aber doch mutig im zackigen Marsch (Track 7). Man wei\u00df wirklich nicht wohin mit der Scheibe. So richtig m\u00fcde macht sie nicht. So richtig einen Klangsog entfaltet sie auch nicht.<\/p>\n<p><iframe title=\"Spotify Embed: 3 \u00e8me Gnossienne\" style=\"border-radius: 12px\" width=\"100%\" height=\"80\" frameborder=\"0\" allowfullscreen allow=\"autoplay; clipboard-write; encrypted-media; fullscreen; picture-in-picture\" loading=\"lazy\" src=\"https:\/\/open.spotify.com\/embed\/track\/2ngJsuo9411xnii6jAjycv?si=009815959be54796&#038;utm_source=oembed\"><\/iframe><\/p>\n<h3><a href=\"https:\/\/hoerbar.nmz.de\/2022\/09\/day-taxi-run-the-darkness-will-come\/\"><u>DAY &amp; TAXI: Run, The Darkness Will Come!<\/u><\/a><\/h3>\n<figure id=\"attachment_28283\" aria-describedby=\"caption-attachment-28283\" style=\"width: 150px\" class=\"wp-caption alignright\"><a href=\"https:\/\/i0.wp.com\/www.jazzzeitung.de\/cms\/wp-content\/uploads\/2022\/09\/35_run_.jpg?ssl=1\"><img data-recalc-dims=\"1\" loading=\"lazy\" decoding=\"async\" data-attachment-id=\"28283\" data-permalink=\"https:\/\/www.jazzzeitung.de\/cms\/2022\/09\/hysterisches-bilderstuermerisches-schwebendes-jazz-cds-in-der-hoerbar-august-2022\/35_run_\/\" data-orig-file=\"https:\/\/i0.wp.com\/www.jazzzeitung.de\/cms\/wp-content\/uploads\/2022\/09\/35_run_.jpg?fit=1200%2C1136&amp;ssl=1\" data-orig-size=\"1200,1136\" data-comments-opened=\"1\" data-image-meta=\"{&quot;aperture&quot;:&quot;0&quot;,&quot;credit&quot;:&quot;&quot;,&quot;camera&quot;:&quot;&quot;,&quot;caption&quot;:&quot;&quot;,&quot;created_timestamp&quot;:&quot;0&quot;,&quot;copyright&quot;:&quot;&quot;,&quot;focal_length&quot;:&quot;0&quot;,&quot;iso&quot;:&quot;0&quot;,&quot;shutter_speed&quot;:&quot;0&quot;,&quot;title&quot;:&quot;&quot;,&quot;orientation&quot;:&quot;0&quot;}\" data-image-title=\"DAY &amp;#038; TAXI: Run, The Darkness Will Come!\" data-image-description=\"&lt;p&gt;DAY &amp;#038; TAXI: Run, The Darkness Will Come!&lt;\/p&gt;\n\" data-image-caption=\"&lt;p&gt;DAY &amp;#038; TAXI: Run, The Darkness Will Come!&lt;\/p&gt;\n\" data-large-file=\"https:\/\/i0.wp.com\/www.jazzzeitung.de\/cms\/wp-content\/uploads\/2022\/09\/35_run_.jpg?fit=634%2C600&amp;ssl=1\" class=\"size-thumbnail wp-image-28283\" src=\"https:\/\/i0.wp.com\/www.jazzzeitung.de\/cms\/wp-content\/uploads\/2022\/09\/35_run_.jpg?resize=150%2C150&#038;ssl=1\" alt=\"DAY &amp; TAXI: Run, The Darkness Will Come!\" width=\"150\" height=\"150\" srcset=\"https:\/\/i0.wp.com\/www.jazzzeitung.de\/cms\/wp-content\/uploads\/2022\/09\/35_run_.jpg?resize=150%2C150&amp;ssl=1 150w, https:\/\/i0.wp.com\/www.jazzzeitung.de\/cms\/wp-content\/uploads\/2022\/09\/35_run_.jpg?zoom=2&amp;resize=150%2C150&amp;ssl=1 300w, https:\/\/i0.wp.com\/www.jazzzeitung.de\/cms\/wp-content\/uploads\/2022\/09\/35_run_.jpg?zoom=3&amp;resize=150%2C150&amp;ssl=1 450w\" sizes=\"auto, (max-width: 150px) 100vw, 150px\" \/><\/a><figcaption id=\"caption-attachment-28283\" class=\"wp-caption-text\">DAY &amp; TAXI: Run, The Darkness Will Come!<\/figcaption><\/figure>\n<p>\u00abStilistische Heterogenit\u00e4t, Zufall, Minimalismen, Allt\u00e4glichkeit, Poesie, Humor und auch K\u00fcnstlichkeit in Form von Sentimentalit\u00e4ten werden zugelassen. Der gelassene Umgang damit pr\u00e4gt den einzigartigen DAY &amp; TAXI-Sound, der die individuellen Qualit\u00e4ten der Mitspieler vereint und aufleben l\u00e4sst.\u00bb Das lockt mich wirklich nicht hinterm Ofen vor. Ist aber sicher alles gut gemeint und gemacht. Einen gelassenen Umgang mit dem \u201edamit\u201c stelle ich mir aber ganz sicher doch anders vor. Je nun, ja. Dabei k\u00f6nnte man hie und da schon in Liebe zu dieser Musik verfallen. Funktioniert sicher im Jazzclub live deutlich besser.<\/p>\n<iframe loading=\"lazy\" width=\"100%\" height=\"42\" style=\"position: relative; display: block; width: 100%; height: 42px;\" src=\"\/\/bandcamp.com\/EmbeddedPlayer\/v=2\/album=258846924\/size=small\/bgcol=ffffff\/linkcol=0687f5\/\" allowtransparency=\"true\" frameborder=\"0\"><\/iframe>\n<h3><a href=\"https:\/\/hoerbar.nmz.de\/2022\/09\/stedajoda-schwebend\/\"><u>SteDaJoDa: Schwebend<\/u><\/a><\/h3>\n<figure id=\"attachment_28282\" aria-describedby=\"caption-attachment-28282\" style=\"width: 150px\" class=\"wp-caption alignright\"><a href=\"https:\/\/i0.wp.com\/www.jazzzeitung.de\/cms\/wp-content\/uploads\/2022\/09\/35_stedajoda.jpg?ssl=1\"><img data-recalc-dims=\"1\" loading=\"lazy\" decoding=\"async\" data-attachment-id=\"28282\" data-permalink=\"https:\/\/www.jazzzeitung.de\/cms\/2022\/09\/hysterisches-bilderstuermerisches-schwebendes-jazz-cds-in-der-hoerbar-august-2022\/35_stedajoda\/\" data-orig-file=\"https:\/\/i0.wp.com\/www.jazzzeitung.de\/cms\/wp-content\/uploads\/2022\/09\/35_stedajoda.jpg?fit=1200%2C1098&amp;ssl=1\" data-orig-size=\"1200,1098\" data-comments-opened=\"1\" data-image-meta=\"{&quot;aperture&quot;:&quot;0&quot;,&quot;credit&quot;:&quot;&quot;,&quot;camera&quot;:&quot;&quot;,&quot;caption&quot;:&quot;&quot;,&quot;created_timestamp&quot;:&quot;0&quot;,&quot;copyright&quot;:&quot;&quot;,&quot;focal_length&quot;:&quot;0&quot;,&quot;iso&quot;:&quot;0&quot;,&quot;shutter_speed&quot;:&quot;0&quot;,&quot;title&quot;:&quot;&quot;,&quot;orientation&quot;:&quot;0&quot;}\" data-image-title=\"SteDaJoDa: Schwebend\" data-image-description=\"&lt;p&gt;SteDaJoDa: Schwebend&lt;\/p&gt;\n\" data-image-caption=\"&lt;p&gt;SteDaJoDa: Schwebend&lt;\/p&gt;\n\" data-large-file=\"https:\/\/i0.wp.com\/www.jazzzeitung.de\/cms\/wp-content\/uploads\/2022\/09\/35_stedajoda.jpg?fit=656%2C600&amp;ssl=1\" class=\"size-thumbnail wp-image-28282\" src=\"https:\/\/i0.wp.com\/www.jazzzeitung.de\/cms\/wp-content\/uploads\/2022\/09\/35_stedajoda.jpg?resize=150%2C150&#038;ssl=1\" alt=\"SteDaJoDa: Schwebend\" width=\"150\" height=\"150\" srcset=\"https:\/\/i0.wp.com\/www.jazzzeitung.de\/cms\/wp-content\/uploads\/2022\/09\/35_stedajoda.jpg?resize=150%2C150&amp;ssl=1 150w, https:\/\/i0.wp.com\/www.jazzzeitung.de\/cms\/wp-content\/uploads\/2022\/09\/35_stedajoda.jpg?zoom=2&amp;resize=150%2C150&amp;ssl=1 300w, https:\/\/i0.wp.com\/www.jazzzeitung.de\/cms\/wp-content\/uploads\/2022\/09\/35_stedajoda.jpg?zoom=3&amp;resize=150%2C150&amp;ssl=1 450w\" sizes=\"auto, (max-width: 150px) 100vw, 150px\" \/><\/a><figcaption id=\"caption-attachment-28282\" class=\"wp-caption-text\">SteDaJoDa: Schwebend<\/figcaption><\/figure>\n<p>\u201eEine Musikmaschine wird da in Gang gehalten im guten alten Horchhin-Stil. Dabei kommt in der Tat etwas sehr Eigenes, Einzigartiges heraus. Gold machen sie damit zwar nicht und selbst das stattdessen erzeugte musikalische Porzellan wirkt eher wie nach einem Polterabend \u2013 aber doch erkennt man die teils feine Bemalung im Haufen improvisierter Scherben.\u201c<\/p>\n<iframe loading=\"lazy\" width=\"100%\" height=\"42\" style=\"position: relative; display: block; width: 100%; height: 42px;\" src=\"\/\/bandcamp.com\/EmbeddedPlayer\/v=2\/album=1723582137\/size=small\/bgcol=ffffff\/linkcol=0687f5\/\" allowtransparency=\"true\" frameborder=\"0\"><\/iframe>\n<p>&nbsp;<\/p>\n<p>&nbsp;<\/p>\n","protected":false},"excerpt":{"rendered":"<p>Ensemblemusizieren in verschiedenen Formationen und Ans\u00e4tzen: Freies, Unfreies, Gebundenes, Ungeb\u00e4ndigtes. Die Jazz-Rezensionen in der H\u00f6rBar der neuen musikzeitung. Phraim \u2013 Hysteria Frank Fusion Trio \u2013 My Place Vismala \/ Neander \u2013 Digital Shaman Iconoclast \u2013 Demolition Of Wisdom Satie \u2013 Celloland DAY &amp; TAXI: Run, The Darkness Will Come! SteDaJoDa: Schwebend Phraim \u2013 Hysteria \u201e\u2026 Viele der Tracks entwickeln einen ausgesprochen intensiven Sog, weil die Grundideen der Kompositionen und ihr grunds\u00e4tzlicher Aufbau architektonisch gelungen sind. Die St\u00fccke werden in die richtigen Schuhe gestellt. Und in fast allen Tracks gelingt es, das Ger\u00fcst wunderbar innenarchitektonisch auszukleiden. Man schaut dabei gerne zu wie Basslinien in den \u201eColourblind Birds\u201c \u2013 um im Bild zu bleiben \u2013 wie Stromleitungen im Haus durchaus sichtbar auf Putz verlegt werden. Doch dann ist es bald mit der \u00d6konomie vorbei und die Piecen neigen ausgesprochen dazu, zu verfransen und zu verspielt leerzulaufen wie extrem im zweiten Track \u201eMaleficent\u201c.\u2026\u201c Frank Fusion Trio \u2013 My Place \u201e\u2026 Eine durchweg reichhaltige Mischung aus Noise in der Tex- und Gradlinigkeit in der Struktur, die nicht selten die \u201eGrenzen\u201c zur Rockmusik mehr als deutlich \u00fcberschreitet. Und gleichwohl klingen &hellip;<\/p>\n","protected":false},"author":2,"featured_media":28286,"comment_status":"open","ping_status":"closed","sticky":false,"template":"","format":"standard","meta":{"_jetpack_memberships_contains_paid_content":false,"footnotes":"","jetpack_publicize_message":"","jetpack_publicize_feature_enabled":true,"jetpack_social_post_already_shared":false,"jetpack_social_options":{"image_generator_settings":{"template":"highway","default_image_id":0,"font":"","enabled":false},"version":2}},"categories":[1152],"tags":[4295,4290,3582,4292,4294,2936,4291,4293],"coauthors":[680],"class_list":["post-28278","post","type-post","status-publish","format-standard","has-post-thumbnail","hentry","category-rezension","tag-erik-satie","tag-frank-fusion-trio","tag-hoerbar","tag-iconoclast","tag-neander","tag-neuerscheinungen","tag-phraim","tag-vismala"],"yoast_head":"<!-- This site is optimized with the Yoast SEO plugin v27.5 - https:\/\/yoast.com\/product\/yoast-seo-wordpress\/ -->\n<title>Hysterisches, Bilderst\u00fcrmerisches, Schwebendes \u2013 Jazz-CDs in der H\u00f6rBar August 2022 - JazzZeitung<\/title>\n<meta name=\"robots\" content=\"index, follow, max-snippet:-1, max-image-preview:large, max-video-preview:-1\" \/>\n<link rel=\"canonical\" href=\"https:\/\/www.jazzzeitung.de\/cms\/2022\/09\/hysterisches-bilderstuermerisches-schwebendes-jazz-cds-in-der-hoerbar-august-2022\/\" \/>\n<meta property=\"og:locale\" content=\"de_DE\" \/>\n<meta property=\"og:type\" content=\"article\" \/>\n<meta property=\"og:title\" content=\"Hysterisches, Bilderst\u00fcrmerisches, Schwebendes \u2013 Jazz-CDs in der H\u00f6rBar August 2022 - JazzZeitung\" \/>\n<meta property=\"og:description\" content=\"Ensemblemusizieren in verschiedenen Formationen und Ans\u00e4tzen: Freies, Unfreies, Gebundenes, Ungeb\u00e4ndigtes. Die Jazz-Rezensionen in der H\u00f6rBar der neuen musikzeitung. Phraim \u2013 Hysteria Frank Fusion Trio \u2013 My Place Vismala \/ Neander \u2013 Digital Shaman Iconoclast \u2013 Demolition Of Wisdom Satie \u2013 Celloland DAY &amp; TAXI: Run, The Darkness Will Come! SteDaJoDa: Schwebend Phraim \u2013 Hysteria \u201e\u2026 Viele der Tracks entwickeln einen ausgesprochen intensiven Sog, weil die Grundideen der Kompositionen und ihr grunds\u00e4tzlicher Aufbau architektonisch gelungen sind. Die St\u00fccke werden in die richtigen Schuhe gestellt. Und in fast allen Tracks gelingt es, das Ger\u00fcst wunderbar innenarchitektonisch auszukleiden. Man schaut dabei gerne zu wie Basslinien in den \u201eColourblind Birds\u201c \u2013 um im Bild zu bleiben \u2013 wie Stromleitungen im Haus durchaus sichtbar auf Putz verlegt werden. Doch dann ist es bald mit der \u00d6konomie vorbei und die Piecen neigen ausgesprochen dazu, zu verfransen und zu verspielt leerzulaufen wie extrem im zweiten Track \u201eMaleficent\u201c.\u2026\u201c Frank Fusion Trio \u2013 My Place \u201e\u2026 Eine durchweg reichhaltige Mischung aus Noise in der Tex- und Gradlinigkeit in der Struktur, die nicht selten die \u201eGrenzen\u201c zur Rockmusik mehr als deutlich \u00fcberschreitet. Und gleichwohl klingen &hellip;\" \/>\n<meta property=\"og:url\" content=\"https:\/\/www.jazzzeitung.de\/cms\/2022\/09\/hysterisches-bilderstuermerisches-schwebendes-jazz-cds-in-der-hoerbar-august-2022\/\" \/>\n<meta property=\"og:site_name\" content=\"JazzZeitung\" \/>\n<meta property=\"article:publisher\" content=\"https:\/\/www.facebook.com\/JazzZeitung\/\" \/>\n<meta property=\"article:author\" content=\"https:\/\/www.facebook.com\/hufner\" \/>\n<meta property=\"article:published_time\" content=\"2022-09-09T06:00:01+00:00\" \/>\n<meta property=\"og:image\" content=\"https:\/\/i0.wp.com\/www.jazzzeitung.de\/cms\/wp-content\/uploads\/2022\/09\/33_vismala.jpg?fit=1200%2C1200&ssl=1\" \/>\n\t<meta property=\"og:image:width\" content=\"1200\" \/>\n\t<meta property=\"og:image:height\" content=\"1200\" \/>\n\t<meta property=\"og:image:type\" content=\"image\/jpeg\" \/>\n<meta name=\"author\" content=\"Huflaikhan\" \/>\n<script type=\"application\/ld+json\" class=\"yoast-schema-graph\">{\"@context\":\"https:\\\/\\\/schema.org\",\"@graph\":[{\"@type\":\"Article\",\"@id\":\"https:\\\/\\\/www.jazzzeitung.de\\\/cms\\\/2022\\\/09\\\/hysterisches-bilderstuermerisches-schwebendes-jazz-cds-in-der-hoerbar-august-2022\\\/#article\",\"isPartOf\":{\"@id\":\"https:\\\/\\\/www.jazzzeitung.de\\\/cms\\\/2022\\\/09\\\/hysterisches-bilderstuermerisches-schwebendes-jazz-cds-in-der-hoerbar-august-2022\\\/\"},\"author\":{\"name\":\"Huflaikhan\",\"@id\":\"https:\\\/\\\/www.jazzzeitung.de\\\/cms\\\/#\\\/schema\\\/person\\\/1ba404714b9455401502bc409a7df45e\"},\"headline\":\"Hysterisches, Bilderst\u00fcrmerisches, Schwebendes \u2013 Jazz-CDs in der H\u00f6rBar August 2022\",\"datePublished\":\"2022-09-09T06:00:01+00:00\",\"mainEntityOfPage\":{\"@id\":\"https:\\\/\\\/www.jazzzeitung.de\\\/cms\\\/2022\\\/09\\\/hysterisches-bilderstuermerisches-schwebendes-jazz-cds-in-der-hoerbar-august-2022\\\/\"},\"wordCount\":690,\"commentCount\":0,\"publisher\":{\"@id\":\"https:\\\/\\\/www.jazzzeitung.de\\\/cms\\\/#organization\"},\"image\":{\"@id\":\"https:\\\/\\\/www.jazzzeitung.de\\\/cms\\\/2022\\\/09\\\/hysterisches-bilderstuermerisches-schwebendes-jazz-cds-in-der-hoerbar-august-2022\\\/#primaryimage\"},\"thumbnailUrl\":\"https:\\\/\\\/i0.wp.com\\\/www.jazzzeitung.de\\\/cms\\\/wp-content\\\/uploads\\\/2022\\\/09\\\/33_vismala.jpg?fit=1200%2C1200&ssl=1\",\"keywords\":[\"Erik Satie\",\"Frank Fusion Trio\",\"H\u00f6rBar\",\"Iconoclast\",\"Neander\",\"Neuerscheinungen\",\"Phraim\",\"Vismala\"],\"articleSection\":[\"Rezension\"],\"inLanguage\":\"de\",\"potentialAction\":[{\"@type\":\"CommentAction\",\"name\":\"Comment\",\"target\":[\"https:\\\/\\\/www.jazzzeitung.de\\\/cms\\\/2022\\\/09\\\/hysterisches-bilderstuermerisches-schwebendes-jazz-cds-in-der-hoerbar-august-2022\\\/#respond\"]}]},{\"@type\":\"WebPage\",\"@id\":\"https:\\\/\\\/www.jazzzeitung.de\\\/cms\\\/2022\\\/09\\\/hysterisches-bilderstuermerisches-schwebendes-jazz-cds-in-der-hoerbar-august-2022\\\/\",\"url\":\"https:\\\/\\\/www.jazzzeitung.de\\\/cms\\\/2022\\\/09\\\/hysterisches-bilderstuermerisches-schwebendes-jazz-cds-in-der-hoerbar-august-2022\\\/\",\"name\":\"Hysterisches, Bilderst\u00fcrmerisches, Schwebendes \u2013 Jazz-CDs in der H\u00f6rBar August 2022 - JazzZeitung\",\"isPartOf\":{\"@id\":\"https:\\\/\\\/www.jazzzeitung.de\\\/cms\\\/#website\"},\"primaryImageOfPage\":{\"@id\":\"https:\\\/\\\/www.jazzzeitung.de\\\/cms\\\/2022\\\/09\\\/hysterisches-bilderstuermerisches-schwebendes-jazz-cds-in-der-hoerbar-august-2022\\\/#primaryimage\"},\"image\":{\"@id\":\"https:\\\/\\\/www.jazzzeitung.de\\\/cms\\\/2022\\\/09\\\/hysterisches-bilderstuermerisches-schwebendes-jazz-cds-in-der-hoerbar-august-2022\\\/#primaryimage\"},\"thumbnailUrl\":\"https:\\\/\\\/i0.wp.com\\\/www.jazzzeitung.de\\\/cms\\\/wp-content\\\/uploads\\\/2022\\\/09\\\/33_vismala.jpg?fit=1200%2C1200&ssl=1\",\"datePublished\":\"2022-09-09T06:00:01+00:00\",\"breadcrumb\":{\"@id\":\"https:\\\/\\\/www.jazzzeitung.de\\\/cms\\\/2022\\\/09\\\/hysterisches-bilderstuermerisches-schwebendes-jazz-cds-in-der-hoerbar-august-2022\\\/#breadcrumb\"},\"inLanguage\":\"de\",\"potentialAction\":[{\"@type\":\"ReadAction\",\"target\":[\"https:\\\/\\\/www.jazzzeitung.de\\\/cms\\\/2022\\\/09\\\/hysterisches-bilderstuermerisches-schwebendes-jazz-cds-in-der-hoerbar-august-2022\\\/\"]}]},{\"@type\":\"ImageObject\",\"inLanguage\":\"de\",\"@id\":\"https:\\\/\\\/www.jazzzeitung.de\\\/cms\\\/2022\\\/09\\\/hysterisches-bilderstuermerisches-schwebendes-jazz-cds-in-der-hoerbar-august-2022\\\/#primaryimage\",\"url\":\"https:\\\/\\\/i0.wp.com\\\/www.jazzzeitung.de\\\/cms\\\/wp-content\\\/uploads\\\/2022\\\/09\\\/33_vismala.jpg?fit=1200%2C1200&ssl=1\",\"contentUrl\":\"https:\\\/\\\/i0.wp.com\\\/www.jazzzeitung.de\\\/cms\\\/wp-content\\\/uploads\\\/2022\\\/09\\\/33_vismala.jpg?fit=1200%2C1200&ssl=1\",\"width\":1200,\"height\":1200,\"caption\":\"Vismala \\\/ Neander \u2013 Digital Shaman\"},{\"@type\":\"BreadcrumbList\",\"@id\":\"https:\\\/\\\/www.jazzzeitung.de\\\/cms\\\/2022\\\/09\\\/hysterisches-bilderstuermerisches-schwebendes-jazz-cds-in-der-hoerbar-august-2022\\\/#breadcrumb\",\"itemListElement\":[{\"@type\":\"ListItem\",\"position\":1,\"name\":\"Startseite\",\"item\":\"https:\\\/\\\/www.jazzzeitung.de\\\/cms\\\/\"},{\"@type\":\"ListItem\",\"position\":2,\"name\":\"Hysterisches, Bilderst\u00fcrmerisches, Schwebendes \u2013 Jazz-CDs in der H\u00f6rBar August 2022\"}]},{\"@type\":\"WebSite\",\"@id\":\"https:\\\/\\\/www.jazzzeitung.de\\\/cms\\\/#website\",\"url\":\"https:\\\/\\\/www.jazzzeitung.de\\\/cms\\\/\",\"name\":\"JazzZeitung\",\"description\":\"Jazz-News und Jazz-Kontroverses\",\"publisher\":{\"@id\":\"https:\\\/\\\/www.jazzzeitung.de\\\/cms\\\/#organization\"},\"potentialAction\":[{\"@type\":\"SearchAction\",\"target\":{\"@type\":\"EntryPoint\",\"urlTemplate\":\"https:\\\/\\\/www.jazzzeitung.de\\\/cms\\\/?s={search_term_string}\"},\"query-input\":{\"@type\":\"PropertyValueSpecification\",\"valueRequired\":true,\"valueName\":\"search_term_string\"}}],\"inLanguage\":\"de\"},{\"@type\":\"Organization\",\"@id\":\"https:\\\/\\\/www.jazzzeitung.de\\\/cms\\\/#organization\",\"name\":\"JazzZeitung online\",\"url\":\"https:\\\/\\\/www.jazzzeitung.de\\\/cms\\\/\",\"logo\":{\"@type\":\"ImageObject\",\"inLanguage\":\"de\",\"@id\":\"https:\\\/\\\/www.jazzzeitung.de\\\/cms\\\/#\\\/schema\\\/logo\\\/image\\\/\",\"url\":\"https:\\\/\\\/i0.wp.com\\\/www.jazzzeitung.de\\\/cms\\\/wp-content\\\/uploads\\\/2015\\\/08\\\/JAZZZEITUNGDE_Logo_Neu.png?fit=499%2C200&ssl=1\",\"contentUrl\":\"https:\\\/\\\/i0.wp.com\\\/www.jazzzeitung.de\\\/cms\\\/wp-content\\\/uploads\\\/2015\\\/08\\\/JAZZZEITUNGDE_Logo_Neu.png?fit=499%2C200&ssl=1\",\"width\":499,\"height\":200,\"caption\":\"JazzZeitung online\"},\"image\":{\"@id\":\"https:\\\/\\\/www.jazzzeitung.de\\\/cms\\\/#\\\/schema\\\/logo\\\/image\\\/\"},\"sameAs\":[\"https:\\\/\\\/www.facebook.com\\\/JazzZeitung\\\/\"]},{\"@type\":\"Person\",\"@id\":\"https:\\\/\\\/www.jazzzeitung.de\\\/cms\\\/#\\\/schema\\\/person\\\/1ba404714b9455401502bc409a7df45e\",\"name\":\"Huflaikhan\",\"image\":{\"@type\":\"ImageObject\",\"inLanguage\":\"de\",\"@id\":\"https:\\\/\\\/i0.wp.com\\\/www.jazzzeitung.de\\\/cms\\\/wp-content\\\/uploads\\\/2013\\\/11\\\/huf-06.jpg?resize=96%2C96&ssl=18afacd5aa7627f2840c013425f5a4164\",\"url\":\"https:\\\/\\\/i0.wp.com\\\/www.jazzzeitung.de\\\/cms\\\/wp-content\\\/uploads\\\/2013\\\/11\\\/huf-06.jpg?resize=96%2C96&ssl=1\",\"contentUrl\":\"https:\\\/\\\/i0.wp.com\\\/www.jazzzeitung.de\\\/cms\\\/wp-content\\\/uploads\\\/2013\\\/11\\\/huf-06.jpg?resize=96%2C96&ssl=1\",\"caption\":\"Huflaikhan\"},\"description\":\"Huflaikhan (aka Martin Hufner) hat Musikwissenschaft, Philosophie und Psychologie in Gie\u00dfen studiert und mit einer Arbeit \u00fcber Adorno und die Zw\u00f6lftontechnik promoviert. Seit 1995 ist er freiberuflich als Autor, Fotograf und Netzmacher unterwegs.\",\"sameAs\":[\"https:\\\/\\\/www.kritische-masse.de\\\/logbuch\",\"https:\\\/\\\/www.facebook.com\\\/hufner\"],\"url\":\"https:\\\/\\\/www.jazzzeitung.de\\\/cms\\\/author\\\/hufi\\\/\"}]}<\/script>\n<!-- \/ Yoast SEO plugin. -->","yoast_head_json":{"title":"Hysterisches, Bilderst\u00fcrmerisches, Schwebendes \u2013 Jazz-CDs in der H\u00f6rBar August 2022 - JazzZeitung","robots":{"index":"index","follow":"follow","max-snippet":"max-snippet:-1","max-image-preview":"max-image-preview:large","max-video-preview":"max-video-preview:-1"},"canonical":"https:\/\/www.jazzzeitung.de\/cms\/2022\/09\/hysterisches-bilderstuermerisches-schwebendes-jazz-cds-in-der-hoerbar-august-2022\/","og_locale":"de_DE","og_type":"article","og_title":"Hysterisches, Bilderst\u00fcrmerisches, Schwebendes \u2013 Jazz-CDs in der H\u00f6rBar August 2022 - JazzZeitung","og_description":"Ensemblemusizieren in verschiedenen Formationen und Ans\u00e4tzen: Freies, Unfreies, Gebundenes, Ungeb\u00e4ndigtes. Die Jazz-Rezensionen in der H\u00f6rBar der neuen musikzeitung. Phraim \u2013 Hysteria Frank Fusion Trio \u2013 My Place Vismala \/ Neander \u2013 Digital Shaman Iconoclast \u2013 Demolition Of Wisdom Satie \u2013 Celloland DAY &amp; TAXI: Run, The Darkness Will Come! SteDaJoDa: Schwebend Phraim \u2013 Hysteria \u201e\u2026 Viele der Tracks entwickeln einen ausgesprochen intensiven Sog, weil die Grundideen der Kompositionen und ihr grunds\u00e4tzlicher Aufbau architektonisch gelungen sind. Die St\u00fccke werden in die richtigen Schuhe gestellt. Und in fast allen Tracks gelingt es, das Ger\u00fcst wunderbar innenarchitektonisch auszukleiden. Man schaut dabei gerne zu wie Basslinien in den \u201eColourblind Birds\u201c \u2013 um im Bild zu bleiben \u2013 wie Stromleitungen im Haus durchaus sichtbar auf Putz verlegt werden. Doch dann ist es bald mit der \u00d6konomie vorbei und die Piecen neigen ausgesprochen dazu, zu verfransen und zu verspielt leerzulaufen wie extrem im zweiten Track \u201eMaleficent\u201c.\u2026\u201c Frank Fusion Trio \u2013 My Place \u201e\u2026 Eine durchweg reichhaltige Mischung aus Noise in der Tex- und Gradlinigkeit in der Struktur, die nicht selten die \u201eGrenzen\u201c zur Rockmusik mehr als deutlich \u00fcberschreitet. Und gleichwohl klingen &hellip;","og_url":"https:\/\/www.jazzzeitung.de\/cms\/2022\/09\/hysterisches-bilderstuermerisches-schwebendes-jazz-cds-in-der-hoerbar-august-2022\/","og_site_name":"JazzZeitung","article_publisher":"https:\/\/www.facebook.com\/JazzZeitung\/","article_author":"https:\/\/www.facebook.com\/hufner","article_published_time":"2022-09-09T06:00:01+00:00","og_image":[{"width":1200,"height":1200,"url":"https:\/\/i0.wp.com\/www.jazzzeitung.de\/cms\/wp-content\/uploads\/2022\/09\/33_vismala.jpg?fit=1200%2C1200&ssl=1","type":"image\/jpeg"}],"author":"Huflaikhan","schema":{"@context":"https:\/\/schema.org","@graph":[{"@type":"Article","@id":"https:\/\/www.jazzzeitung.de\/cms\/2022\/09\/hysterisches-bilderstuermerisches-schwebendes-jazz-cds-in-der-hoerbar-august-2022\/#article","isPartOf":{"@id":"https:\/\/www.jazzzeitung.de\/cms\/2022\/09\/hysterisches-bilderstuermerisches-schwebendes-jazz-cds-in-der-hoerbar-august-2022\/"},"author":{"name":"Huflaikhan","@id":"https:\/\/www.jazzzeitung.de\/cms\/#\/schema\/person\/1ba404714b9455401502bc409a7df45e"},"headline":"Hysterisches, Bilderst\u00fcrmerisches, Schwebendes \u2013 Jazz-CDs in der H\u00f6rBar August 2022","datePublished":"2022-09-09T06:00:01+00:00","mainEntityOfPage":{"@id":"https:\/\/www.jazzzeitung.de\/cms\/2022\/09\/hysterisches-bilderstuermerisches-schwebendes-jazz-cds-in-der-hoerbar-august-2022\/"},"wordCount":690,"commentCount":0,"publisher":{"@id":"https:\/\/www.jazzzeitung.de\/cms\/#organization"},"image":{"@id":"https:\/\/www.jazzzeitung.de\/cms\/2022\/09\/hysterisches-bilderstuermerisches-schwebendes-jazz-cds-in-der-hoerbar-august-2022\/#primaryimage"},"thumbnailUrl":"https:\/\/i0.wp.com\/www.jazzzeitung.de\/cms\/wp-content\/uploads\/2022\/09\/33_vismala.jpg?fit=1200%2C1200&ssl=1","keywords":["Erik Satie","Frank Fusion Trio","H\u00f6rBar","Iconoclast","Neander","Neuerscheinungen","Phraim","Vismala"],"articleSection":["Rezension"],"inLanguage":"de","potentialAction":[{"@type":"CommentAction","name":"Comment","target":["https:\/\/www.jazzzeitung.de\/cms\/2022\/09\/hysterisches-bilderstuermerisches-schwebendes-jazz-cds-in-der-hoerbar-august-2022\/#respond"]}]},{"@type":"WebPage","@id":"https:\/\/www.jazzzeitung.de\/cms\/2022\/09\/hysterisches-bilderstuermerisches-schwebendes-jazz-cds-in-der-hoerbar-august-2022\/","url":"https:\/\/www.jazzzeitung.de\/cms\/2022\/09\/hysterisches-bilderstuermerisches-schwebendes-jazz-cds-in-der-hoerbar-august-2022\/","name":"Hysterisches, Bilderst\u00fcrmerisches, Schwebendes \u2013 Jazz-CDs in der H\u00f6rBar August 2022 - JazzZeitung","isPartOf":{"@id":"https:\/\/www.jazzzeitung.de\/cms\/#website"},"primaryImageOfPage":{"@id":"https:\/\/www.jazzzeitung.de\/cms\/2022\/09\/hysterisches-bilderstuermerisches-schwebendes-jazz-cds-in-der-hoerbar-august-2022\/#primaryimage"},"image":{"@id":"https:\/\/www.jazzzeitung.de\/cms\/2022\/09\/hysterisches-bilderstuermerisches-schwebendes-jazz-cds-in-der-hoerbar-august-2022\/#primaryimage"},"thumbnailUrl":"https:\/\/i0.wp.com\/www.jazzzeitung.de\/cms\/wp-content\/uploads\/2022\/09\/33_vismala.jpg?fit=1200%2C1200&ssl=1","datePublished":"2022-09-09T06:00:01+00:00","breadcrumb":{"@id":"https:\/\/www.jazzzeitung.de\/cms\/2022\/09\/hysterisches-bilderstuermerisches-schwebendes-jazz-cds-in-der-hoerbar-august-2022\/#breadcrumb"},"inLanguage":"de","potentialAction":[{"@type":"ReadAction","target":["https:\/\/www.jazzzeitung.de\/cms\/2022\/09\/hysterisches-bilderstuermerisches-schwebendes-jazz-cds-in-der-hoerbar-august-2022\/"]}]},{"@type":"ImageObject","inLanguage":"de","@id":"https:\/\/www.jazzzeitung.de\/cms\/2022\/09\/hysterisches-bilderstuermerisches-schwebendes-jazz-cds-in-der-hoerbar-august-2022\/#primaryimage","url":"https:\/\/i0.wp.com\/www.jazzzeitung.de\/cms\/wp-content\/uploads\/2022\/09\/33_vismala.jpg?fit=1200%2C1200&ssl=1","contentUrl":"https:\/\/i0.wp.com\/www.jazzzeitung.de\/cms\/wp-content\/uploads\/2022\/09\/33_vismala.jpg?fit=1200%2C1200&ssl=1","width":1200,"height":1200,"caption":"Vismala \/ Neander \u2013 Digital Shaman"},{"@type":"BreadcrumbList","@id":"https:\/\/www.jazzzeitung.de\/cms\/2022\/09\/hysterisches-bilderstuermerisches-schwebendes-jazz-cds-in-der-hoerbar-august-2022\/#breadcrumb","itemListElement":[{"@type":"ListItem","position":1,"name":"Startseite","item":"https:\/\/www.jazzzeitung.de\/cms\/"},{"@type":"ListItem","position":2,"name":"Hysterisches, Bilderst\u00fcrmerisches, Schwebendes \u2013 Jazz-CDs in der H\u00f6rBar August 2022"}]},{"@type":"WebSite","@id":"https:\/\/www.jazzzeitung.de\/cms\/#website","url":"https:\/\/www.jazzzeitung.de\/cms\/","name":"JazzZeitung","description":"Jazz-News und Jazz-Kontroverses","publisher":{"@id":"https:\/\/www.jazzzeitung.de\/cms\/#organization"},"potentialAction":[{"@type":"SearchAction","target":{"@type":"EntryPoint","urlTemplate":"https:\/\/www.jazzzeitung.de\/cms\/?s={search_term_string}"},"query-input":{"@type":"PropertyValueSpecification","valueRequired":true,"valueName":"search_term_string"}}],"inLanguage":"de"},{"@type":"Organization","@id":"https:\/\/www.jazzzeitung.de\/cms\/#organization","name":"JazzZeitung online","url":"https:\/\/www.jazzzeitung.de\/cms\/","logo":{"@type":"ImageObject","inLanguage":"de","@id":"https:\/\/www.jazzzeitung.de\/cms\/#\/schema\/logo\/image\/","url":"https:\/\/i0.wp.com\/www.jazzzeitung.de\/cms\/wp-content\/uploads\/2015\/08\/JAZZZEITUNGDE_Logo_Neu.png?fit=499%2C200&ssl=1","contentUrl":"https:\/\/i0.wp.com\/www.jazzzeitung.de\/cms\/wp-content\/uploads\/2015\/08\/JAZZZEITUNGDE_Logo_Neu.png?fit=499%2C200&ssl=1","width":499,"height":200,"caption":"JazzZeitung online"},"image":{"@id":"https:\/\/www.jazzzeitung.de\/cms\/#\/schema\/logo\/image\/"},"sameAs":["https:\/\/www.facebook.com\/JazzZeitung\/"]},{"@type":"Person","@id":"https:\/\/www.jazzzeitung.de\/cms\/#\/schema\/person\/1ba404714b9455401502bc409a7df45e","name":"Huflaikhan","image":{"@type":"ImageObject","inLanguage":"de","@id":"https:\/\/i0.wp.com\/www.jazzzeitung.de\/cms\/wp-content\/uploads\/2013\/11\/huf-06.jpg?resize=96%2C96&ssl=18afacd5aa7627f2840c013425f5a4164","url":"https:\/\/i0.wp.com\/www.jazzzeitung.de\/cms\/wp-content\/uploads\/2013\/11\/huf-06.jpg?resize=96%2C96&ssl=1","contentUrl":"https:\/\/i0.wp.com\/www.jazzzeitung.de\/cms\/wp-content\/uploads\/2013\/11\/huf-06.jpg?resize=96%2C96&ssl=1","caption":"Huflaikhan"},"description":"Huflaikhan (aka Martin Hufner) hat Musikwissenschaft, Philosophie und Psychologie in Gie\u00dfen studiert und mit einer Arbeit \u00fcber Adorno und die Zw\u00f6lftontechnik promoviert. Seit 1995 ist er freiberuflich als Autor, Fotograf und Netzmacher unterwegs.","sameAs":["https:\/\/www.kritische-masse.de\/logbuch","https:\/\/www.facebook.com\/hufner"],"url":"https:\/\/www.jazzzeitung.de\/cms\/author\/hufi\/"}]}},"wp-worthy-pixel":{"ignored":false,"public":"9fc1f96257194e80814553acf69c1536","server":"vg04.met.vgwort.de","url":"https:\/\/vg04.met.vgwort.de\/na\/9fc1f96257194e80814553acf69c1536"},"wp-worthy-type":"normal","jetpack_publicize_connections":[],"cc_featured_image_caption":{"caption_text":"Vismala \/ Neander \u2013 Digital Shaman","source_text":"In der HorBar ","source_url":"https:\/\/hoerbar.nmz.de\/2022\/08\/vismala-neander-digital-shaman\/"},"jetpack_featured_media_url":"https:\/\/i0.wp.com\/www.jazzzeitung.de\/cms\/wp-content\/uploads\/2022\/09\/33_vismala.jpg?fit=1200%2C1200&ssl=1","jetpack_shortlink":"https:\/\/wp.me\/p3KEcT-7m6","jetpack-related-posts":[{"id":24950,"url":"https:\/\/www.jazzzeitung.de\/cms\/2021\/06\/aus-der-hoerbar-der-nmz-tobias-meinhart-trio-elf-heisig-klare\/","url_meta":{"origin":28278,"position":0},"title":"Aus der H\u00f6rBar der nmz: Tobias Meinhart \/ Trio Elf \/ Heisig-Klare","author":"Redaktion JazzZeitung","date":"7. Juni 2021","format":false,"excerpt":"Jazz in der H\u00f6rBar der nmz: Die ganze Platte durchziehe \u201eein Impuls des druckvoll L\u00e4ssigen, Einnehmenden\u201c, meint Martin Hufner in der Besprechung von Tobias Meinharts \u201eThe Painter\u201c. Es laufe alles \u201eab in und auf einer staunenmachenden Elastizit\u00e4t der Rhythmusgruppe.\u201c Juan Martin Koch sagt zur neuen Platte von Trio Elf \u201eFram\u201c:\u2026","rel":"","context":"In &quot;Rezension&quot;","block_context":{"text":"Rezension","link":"https:\/\/www.jazzzeitung.de\/cms\/thema\/rezension\/"},"img":{"alt_text":"Jazz in der H\u00f6rBar","src":"https:\/\/i0.wp.com\/www.jazzzeitung.de\/cms\/wp-content\/uploads\/2021\/06\/hoerbar_jazz_april.png?fit=838%2C319&ssl=1&resize=350%2C200","width":350,"height":200,"srcset":"https:\/\/i0.wp.com\/www.jazzzeitung.de\/cms\/wp-content\/uploads\/2021\/06\/hoerbar_jazz_april.png?fit=838%2C319&ssl=1&resize=350%2C200 1x, https:\/\/i0.wp.com\/www.jazzzeitung.de\/cms\/wp-content\/uploads\/2021\/06\/hoerbar_jazz_april.png?fit=838%2C319&ssl=1&resize=525%2C300 1.5x, https:\/\/i0.wp.com\/www.jazzzeitung.de\/cms\/wp-content\/uploads\/2021\/06\/hoerbar_jazz_april.png?fit=838%2C319&ssl=1&resize=700%2C400 2x"},"classes":[]},{"id":26175,"url":"https:\/\/www.jazzzeitung.de\/cms\/2021\/11\/hoerbar-jazz-september-2021\/","url_meta":{"origin":28278,"position":1},"title":"H\u00f6rBar Jazz \u2013 September 2021","author":"Huflaikhan","date":"19. November 2021","format":false,"excerpt":"Musik von Muriel Grossmann, Philipp Wisser, Udi Shlomo, dem Arthur Hnatek Trio und Uygar \u00c7a\u011fl\u0131. Ab- und durchgeh\u00f6rt von Huflaikhan. Muriel Grossmann \u2013 Reverence Was f\u00fcr eine musikalische Energie und Klang- und Rhythmus-Suppe sich gleich mit dem ersten Track \u201eOkan Ti Aye\u201c augenblicklich ausbreitet. Die seit 2004 in Ibiza lebende\u2026","rel":"","context":"In &quot;Rezension&quot;","block_context":{"text":"Rezension","link":"https:\/\/www.jazzzeitung.de\/cms\/thema\/rezension\/"},"img":{"alt_text":"Muriel Grossmann \u2013 Reverence","src":"https:\/\/i0.wp.com\/www.jazzzeitung.de\/cms\/wp-content\/uploads\/2021\/11\/hb37_grossmann.jpg?fit=1200%2C1200&ssl=1&resize=350%2C200","width":350,"height":200,"srcset":"https:\/\/i0.wp.com\/www.jazzzeitung.de\/cms\/wp-content\/uploads\/2021\/11\/hb37_grossmann.jpg?fit=1200%2C1200&ssl=1&resize=350%2C200 1x, https:\/\/i0.wp.com\/www.jazzzeitung.de\/cms\/wp-content\/uploads\/2021\/11\/hb37_grossmann.jpg?fit=1200%2C1200&ssl=1&resize=525%2C300 1.5x, https:\/\/i0.wp.com\/www.jazzzeitung.de\/cms\/wp-content\/uploads\/2021\/11\/hb37_grossmann.jpg?fit=1200%2C1200&ssl=1&resize=700%2C400 2x, https:\/\/i0.wp.com\/www.jazzzeitung.de\/cms\/wp-content\/uploads\/2021\/11\/hb37_grossmann.jpg?fit=1200%2C1200&ssl=1&resize=1050%2C600 3x"},"classes":[]},{"id":29950,"url":"https:\/\/www.jazzzeitung.de\/cms\/2023\/08\/zeitloses-und-newcomerndes-jazz-cds-in-der-hoerbar\/","url_meta":{"origin":28278,"position":2},"title":"Zeitloses und Newcomerndes \u2013 Jazz-CDs in der H\u00f6rBar","author":"Huflaikhan","date":"16. August 2023","format":false,"excerpt":"Aktuelle Platten von T.ON, Jens Joneleit, Jane Bunnett, dem Victoria Pohl Trio und Daniel Besthorn. Dabei mit Daniel Besthorn eine Debut-CD und Musik, die an den R\u00e4ndern des Jazzselbstverst\u00e4ndnisses sich bewegt (das, wie wir wissen, ja eher gar nicht so selbstverst\u00e4ndlich ist). Hier im Schnelldurchlauf, bei Klick auf die Links,\u2026","rel":"","context":"In &quot;Rezension&quot;","block_context":{"text":"Rezension","link":"https:\/\/www.jazzzeitung.de\/cms\/thema\/rezension\/"},"img":{"alt_text":"VIctoria Pohl Trio \u2013 Mr. H\u00e4hnry","src":"https:\/\/i0.wp.com\/www.jazzzeitung.de\/cms\/wp-content\/uploads\/2023\/08\/MrHaehnry_Cover_ONLINE_FRONT.jpg?fit=1200%2C1082&ssl=1&resize=350%2C200","width":350,"height":200,"srcset":"https:\/\/i0.wp.com\/www.jazzzeitung.de\/cms\/wp-content\/uploads\/2023\/08\/MrHaehnry_Cover_ONLINE_FRONT.jpg?fit=1200%2C1082&ssl=1&resize=350%2C200 1x, https:\/\/i0.wp.com\/www.jazzzeitung.de\/cms\/wp-content\/uploads\/2023\/08\/MrHaehnry_Cover_ONLINE_FRONT.jpg?fit=1200%2C1082&ssl=1&resize=525%2C300 1.5x, https:\/\/i0.wp.com\/www.jazzzeitung.de\/cms\/wp-content\/uploads\/2023\/08\/MrHaehnry_Cover_ONLINE_FRONT.jpg?fit=1200%2C1082&ssl=1&resize=700%2C400 2x, https:\/\/i0.wp.com\/www.jazzzeitung.de\/cms\/wp-content\/uploads\/2023\/08\/MrHaehnry_Cover_ONLINE_FRONT.jpg?fit=1200%2C1082&ssl=1&resize=1050%2C600 3x"},"classes":[]},{"id":28746,"url":"https:\/\/www.jazzzeitung.de\/cms\/2022\/12\/doppelmond-folk-math-rock-minimal-und-ein-trio-debuet-jazz-cds-in-der-hoerbar-nov-2022\/","url_meta":{"origin":28278,"position":3},"title":"Doppelmond, Folk, Math Rock, Minimal und ein Trio-Deb\u00fct \u2013 Jazz-CDs in der H\u00f6rBar Nov. 2022","author":"Huflaikhan","date":"5. Dezember 2022","format":false,"excerpt":"Musik mit Murakami, Grenzg\u00e4nge zu Folk und Math Rock und Minimal. Und ein gro\u00dfartiges Trio mit Olga Reznichenko am Piano. Die Jazz-Rezensionen in der H\u00f6rBar der neuen musikzeitung. Sebastian Gahler \u2013 Two Moons C. Behrendtsen Evelyn Kryger \u2013 Live at JazzBaltica 2021 Hans Arnold \u2013 Interim Olga Reznichenko Trio \u2013\u2026","rel":"","context":"In &quot;Rezension&quot;","block_context":{"text":"Rezension","link":"https:\/\/www.jazzzeitung.de\/cms\/thema\/rezension\/"},"img":{"alt_text":"Olga Reznichenko Trio \u2013 Somnambule","src":"https:\/\/i0.wp.com\/www.jazzzeitung.de\/cms\/wp-content\/uploads\/2022\/12\/46_reznichenko.jpg?fit=1200%2C1200&ssl=1&resize=350%2C200","width":350,"height":200,"srcset":"https:\/\/i0.wp.com\/www.jazzzeitung.de\/cms\/wp-content\/uploads\/2022\/12\/46_reznichenko.jpg?fit=1200%2C1200&ssl=1&resize=350%2C200 1x, https:\/\/i0.wp.com\/www.jazzzeitung.de\/cms\/wp-content\/uploads\/2022\/12\/46_reznichenko.jpg?fit=1200%2C1200&ssl=1&resize=525%2C300 1.5x, https:\/\/i0.wp.com\/www.jazzzeitung.de\/cms\/wp-content\/uploads\/2022\/12\/46_reznichenko.jpg?fit=1200%2C1200&ssl=1&resize=700%2C400 2x, https:\/\/i0.wp.com\/www.jazzzeitung.de\/cms\/wp-content\/uploads\/2022\/12\/46_reznichenko.jpg?fit=1200%2C1200&ssl=1&resize=1050%2C600 3x"},"classes":[]},{"id":28808,"url":"https:\/\/www.jazzzeitung.de\/cms\/2022\/12\/da-vinci-jazz-musik-mit-schwungs-und-genreclash-jazz-cds-in-der-hoerbar-dez-2022-01\/","url_meta":{"origin":28278,"position":4},"title":"Da Vinci Jazz, Musik mit Schwungs und Genreclash \u2013 Jazz-CDs in der H\u00f6rBar Dez. 2022\/01","author":"Huflaikhan","date":"21. Dezember 2022","format":false,"excerpt":"Drei aktuelle Platten vom italienischen Label Da Vinci Jazz, dazu eine genre\u00fcbergreifende Jazz-Folk-Pop-Platte und ein Trio mit Marimba, Bassklarinette und Gesang. Und \u00fcberall wird \u201eauch\u201c von Frauen gesungen. Die Jazz-Rezensionen in der H\u00f6rBar der neuen musikzeitung. Miman\u00e9e \u2013 The Invisible Will Remain Subconscious Trio \u2013 Water Shapes Questo Tempo Teresa\u2026","rel":"","context":"In &quot;Rezension&quot;","block_context":{"text":"Rezension","link":"https:\/\/www.jazzzeitung.de\/cms\/thema\/rezension\/"},"img":{"alt_text":"Subconscious Trio \u2013 Water Shapes","src":"https:\/\/i0.wp.com\/www.jazzzeitung.de\/cms\/wp-content\/uploads\/2022\/12\/48_subcon.jpg?fit=1200%2C1082&ssl=1&resize=350%2C200","width":350,"height":200,"srcset":"https:\/\/i0.wp.com\/www.jazzzeitung.de\/cms\/wp-content\/uploads\/2022\/12\/48_subcon.jpg?fit=1200%2C1082&ssl=1&resize=350%2C200 1x, https:\/\/i0.wp.com\/www.jazzzeitung.de\/cms\/wp-content\/uploads\/2022\/12\/48_subcon.jpg?fit=1200%2C1082&ssl=1&resize=525%2C300 1.5x, https:\/\/i0.wp.com\/www.jazzzeitung.de\/cms\/wp-content\/uploads\/2022\/12\/48_subcon.jpg?fit=1200%2C1082&ssl=1&resize=700%2C400 2x, https:\/\/i0.wp.com\/www.jazzzeitung.de\/cms\/wp-content\/uploads\/2022\/12\/48_subcon.jpg?fit=1200%2C1082&ssl=1&resize=1050%2C600 3x"},"classes":[]},{"id":24301,"url":"https:\/\/www.jazzzeitung.de\/cms\/2021\/01\/die-jazz-radiowoche-vom-25-01-2131-01-2021\/","url_meta":{"origin":28278,"position":5},"title":"Die Jazz-Radiowoche vom 25.01.21\u201331.01.2021","author":"Martin Hufner","date":"24. Januar 2021","format":false,"excerpt":"Ein kleiner Blick in die Jazzwoche 04 im Radio. Alle Angaben ohne Gew\u00e4hr. Watch What Happens: Das jazzige Potential von Michel Legrand","rel":"","context":"In &quot;News&quot;","block_context":{"text":"News","link":"https:\/\/www.jazzzeitung.de\/cms\/thema\/nachrichten\/"},"img":{"alt_text":"Jazz im Radio. Foto: Hufner","src":"https:\/\/i0.wp.com\/www.jazzzeitung.de\/cms\/wp-content\/uploads\/2019\/03\/jazz_im_radio.jpg?fit=1200%2C773&ssl=1&resize=350%2C200","width":350,"height":200,"srcset":"https:\/\/i0.wp.com\/www.jazzzeitung.de\/cms\/wp-content\/uploads\/2019\/03\/jazz_im_radio.jpg?fit=1200%2C773&ssl=1&resize=350%2C200 1x, https:\/\/i0.wp.com\/www.jazzzeitung.de\/cms\/wp-content\/uploads\/2019\/03\/jazz_im_radio.jpg?fit=1200%2C773&ssl=1&resize=525%2C300 1.5x, https:\/\/i0.wp.com\/www.jazzzeitung.de\/cms\/wp-content\/uploads\/2019\/03\/jazz_im_radio.jpg?fit=1200%2C773&ssl=1&resize=700%2C400 2x, https:\/\/i0.wp.com\/www.jazzzeitung.de\/cms\/wp-content\/uploads\/2019\/03\/jazz_im_radio.jpg?fit=1200%2C773&ssl=1&resize=1050%2C600 3x"},"classes":[]}],"jetpack_sharing_enabled":true,"_links":{"self":[{"href":"https:\/\/www.jazzzeitung.de\/cms\/wp-json\/wp\/v2\/posts\/28278","targetHints":{"allow":["GET"]}}],"collection":[{"href":"https:\/\/www.jazzzeitung.de\/cms\/wp-json\/wp\/v2\/posts"}],"about":[{"href":"https:\/\/www.jazzzeitung.de\/cms\/wp-json\/wp\/v2\/types\/post"}],"author":[{"embeddable":true,"href":"https:\/\/www.jazzzeitung.de\/cms\/wp-json\/wp\/v2\/users\/2"}],"replies":[{"embeddable":true,"href":"https:\/\/www.jazzzeitung.de\/cms\/wp-json\/wp\/v2\/comments?post=28278"}],"version-history":[{"count":3,"href":"https:\/\/www.jazzzeitung.de\/cms\/wp-json\/wp\/v2\/posts\/28278\/revisions"}],"predecessor-version":[{"id":28291,"href":"https:\/\/www.jazzzeitung.de\/cms\/wp-json\/wp\/v2\/posts\/28278\/revisions\/28291"}],"wp:featuredmedia":[{"embeddable":true,"href":"https:\/\/www.jazzzeitung.de\/cms\/wp-json\/wp\/v2\/media\/28286"}],"wp:attachment":[{"href":"https:\/\/www.jazzzeitung.de\/cms\/wp-json\/wp\/v2\/media?parent=28278"}],"wp:term":[{"taxonomy":"category","embeddable":true,"href":"https:\/\/www.jazzzeitung.de\/cms\/wp-json\/wp\/v2\/categories?post=28278"},{"taxonomy":"post_tag","embeddable":true,"href":"https:\/\/www.jazzzeitung.de\/cms\/wp-json\/wp\/v2\/tags?post=28278"},{"taxonomy":"author","embeddable":true,"href":"https:\/\/www.jazzzeitung.de\/cms\/wp-json\/wp\/v2\/coauthors?post=28278"}],"curies":[{"name":"wp","href":"https:\/\/api.w.org\/{rel}","templated":true}]}}