{"id":28255,"date":"2022-09-06T15:00:06","date_gmt":"2022-09-06T13:00:06","guid":{"rendered":"https:\/\/www.jazzzeitung.de\/cms\/?p=28255"},"modified":"2022-09-06T14:48:30","modified_gmt":"2022-09-06T12:48:30","slug":"new-colours-festival-gelsenkirchen-gregor-huebner-mit-konzerten-in-deutschland-jazz-now-am-3-und-4-november-2022-in-muenchen-jazz-camp-first-steps","status":"publish","type":"post","link":"https:\/\/www.jazzzeitung.de\/cms\/2022\/09\/new-colours-festival-gelsenkirchen-gregor-huebner-mit-konzerten-in-deutschland-jazz-now-am-3-und-4-november-2022-in-muenchen-jazz-camp-first-steps\/","title":{"rendered":"+++ New Colours Festival Gelsenkirchen +++ Gregor Huebner mit Konzerten in Deutschland +++ Jazz Now! am 3. und 4. November 2022 in M\u00fcnchen +++ Jazz-Camp First Steps +++"},"content":{"rendered":"<h3>+++ New Colours Festival Gelsenkirchen +++<\/h3>\n<p>Erstmals findet vom 8. bis 11. September das New Colours Festival Gelsenkirchen statt. Zum Festivalprogramm geh\u00f6ren Namen wie Joachim K\u00fchn, Matthias Schriefl und die Gruppe Rymden sowie einige Neuentdeckungen. Neben regul\u00e4ren Konzerten will das Festival f\u00fcr ein gro\u00dfes Publikum zug\u00e4nglich sein und bespielt daher auch \u00f6ffentliche R\u00e4ume in der City von Gelsenkirchen. Einen \u00dcberblick zum Programm gibt es unter: <a href=\"http:\/\/colours-festival.de\/\">colours-festival.de<\/a><\/p>\n<p>&nbsp;<\/p>\n<h3>+++ Gregor Huebner mit Konzerten in Deutschland +++<\/h3>\n<p>Liebhaber der Musik Gregor Huebners k\u00f6nnen sich auf verschiedene Konzerte und Veranstaltungen im September freuen. Noch an den Tagen 17., 21. und 22. September kann man Huebner in seinem Musik- und Comedy-Ensemble &#8222;Berta Epple&#8220; (Beitragsfoto) erleben, jeweils in Bodnegg, Eislingen und Stuttgart. Es folgt eine &#8222;Stunde der Kirchenmusik&#8220; mit dem Jazz-Streichquintett Arcogiani in der Paul-Gerhardt-Kirche in Plochingen. Am 24. September bespielt Huebner mit dem Pianisten Richie Beirach, der dieses Jahr seinen 75. Geburtstag feiert, das Dresdner Opernhaus (Semper 2). Weiterf\u00fchrende Informationen zu Konzerten von Gregor Huebner unter: <a href=\"http:\/\/gregorhuebner.com\">gregorhuebner.com<\/a><\/p>\n<p>&nbsp;<\/p>\n<h3>+++ Jazz Now! am 3. und 4. November 2022 in M\u00fcnchen +++<\/h3>\n<p>Im Rahmen des Jazzfest M\u00fcnchen 2022 findet die biennale Jazzkonferenz \u201eJazz Now!\u201c am 3. und 4. November 2022 im Sudetendeutschen Haus in M\u00fcnchen statt und richtet sich an Profis, Studierende, Amateur<em>innen und Liebhaber<\/em>innen. Tr\u00e4ger der Veranstaltung sind der Bayrische Jazzverband und die Jazzmusiker Initiative M\u00fcnchen. Besucher k\u00f6nnen an Workshops, &#8222;International Talks&#8220; und andere &#8222;Impulsveranstaltungen&#8220; teilnehmen. Er\u00f6ffnungs- und Abschlusspanels werden von Politiker<em>innen und Jazzakteur<\/em>innen moderiert. Themen sind dabei die finanzielle Absicherung von K\u00fcnstlerin und die Auswirkung der Corona-Pandemie. Details zum Programm sind aufrufbar unter: <a href=\"http:\/\/www.deutsche-jazzunion.de\/uber-uns\/jazzforum\/\">deutsche-jazzunion.de\/uber-uns\/jazzforum<\/a><\/p>\n<p><img data-recalc-dims=\"1\" loading=\"lazy\" decoding=\"async\" data-attachment-id=\"28261\" data-permalink=\"https:\/\/www.jazzzeitung.de\/cms\/2022\/09\/new-colours-festival-gelsenkirchen-gregor-huebner-mit-konzerten-in-deutschland-jazz-now-am-3-und-4-november-2022-in-muenchen-jazz-camp-first-steps\/2208324_udj_jazznow_fb_veranstaltung\/\" data-orig-file=\"https:\/\/i0.wp.com\/www.jazzzeitung.de\/cms\/wp-content\/uploads\/2022\/09\/2208324_UDJ_JazzNow_fb_Veranstaltung.jpg?fit=2500%2C1308&amp;ssl=1\" data-orig-size=\"2500,1308\" data-comments-opened=\"1\" data-image-meta=\"{&quot;aperture&quot;:&quot;0&quot;,&quot;credit&quot;:&quot;&quot;,&quot;camera&quot;:&quot;&quot;,&quot;caption&quot;:&quot;&quot;,&quot;created_timestamp&quot;:&quot;0&quot;,&quot;copyright&quot;:&quot;&quot;,&quot;focal_length&quot;:&quot;0&quot;,&quot;iso&quot;:&quot;0&quot;,&quot;shutter_speed&quot;:&quot;0&quot;,&quot;title&quot;:&quot;&quot;,&quot;orientation&quot;:&quot;0&quot;}\" data-image-title=\"2208324_UDJ_JazzNow_fb_Veranstaltung\" data-image-description=\"\" data-image-caption=\"\" data-large-file=\"https:\/\/i0.wp.com\/www.jazzzeitung.de\/cms\/wp-content\/uploads\/2022\/09\/2208324_UDJ_JazzNow_fb_Veranstaltung.jpg?fit=840%2C440&amp;ssl=1\" class=\"aligncenter size-full wp-image-28261\" src=\"https:\/\/i0.wp.com\/www.jazzzeitung.de\/cms\/wp-content\/uploads\/2022\/09\/2208324_UDJ_JazzNow_fb_Veranstaltung.jpg?resize=840%2C439&#038;ssl=1\" alt=\"\" width=\"840\" height=\"439\" srcset=\"https:\/\/i0.wp.com\/www.jazzzeitung.de\/cms\/wp-content\/uploads\/2022\/09\/2208324_UDJ_JazzNow_fb_Veranstaltung.jpg?w=2500&amp;ssl=1 2500w, https:\/\/i0.wp.com\/www.jazzzeitung.de\/cms\/wp-content\/uploads\/2022\/09\/2208324_UDJ_JazzNow_fb_Veranstaltung.jpg?resize=300%2C157&amp;ssl=1 300w, https:\/\/i0.wp.com\/www.jazzzeitung.de\/cms\/wp-content\/uploads\/2022\/09\/2208324_UDJ_JazzNow_fb_Veranstaltung.jpg?resize=900%2C471&amp;ssl=1 900w, https:\/\/i0.wp.com\/www.jazzzeitung.de\/cms\/wp-content\/uploads\/2022\/09\/2208324_UDJ_JazzNow_fb_Veranstaltung.jpg?resize=768%2C402&amp;ssl=1 768w, https:\/\/i0.wp.com\/www.jazzzeitung.de\/cms\/wp-content\/uploads\/2022\/09\/2208324_UDJ_JazzNow_fb_Veranstaltung.jpg?resize=1536%2C804&amp;ssl=1 1536w, https:\/\/i0.wp.com\/www.jazzzeitung.de\/cms\/wp-content\/uploads\/2022\/09\/2208324_UDJ_JazzNow_fb_Veranstaltung.jpg?resize=2048%2C1072&amp;ssl=1 2048w, https:\/\/i0.wp.com\/www.jazzzeitung.de\/cms\/wp-content\/uploads\/2022\/09\/2208324_UDJ_JazzNow_fb_Veranstaltung.jpg?resize=1320%2C691&amp;ssl=1 1320w, https:\/\/i0.wp.com\/www.jazzzeitung.de\/cms\/wp-content\/uploads\/2022\/09\/2208324_UDJ_JazzNow_fb_Veranstaltung.jpg?w=1680&amp;ssl=1 1680w\" sizes=\"auto, (max-width: 840px) 100vw, 840px\" \/><\/p>\n<h3><\/h3>\n<h3>+++ Jazz-Camp First Steps +++<\/h3>\n<p>Es sind noch Pl\u00e4tze frei im Jazz Camp First Steps in Th\u00fcringen. Vom 7.\u20139. Oktober 2022 k\u00f6nnen sich Jugendliche im Jazz ausprobieren. Die Veranstaltung findet bereits zum zweiten Mal statt und vermittelt \u00fcber erfahrene Musiker*innen jazztypis<\/p>\n<p>che Phrasierungen und wie man auf dem jeweiligen Instrument improvisiert. Die Jugendlichen im Alter von 12 bis 25 erhalten dabei sowohl Einzelunterricht als auch F\u00f6rderung in Combos. Die Anmeldung ist mit einer Geb\u00fchr von 75 Euro verbunden und kann noch bis zum 23. September 2022 erfolgen. \u00dcbernachtung und Verpflegung werden vom Veranstalter getragen. Weitere Informationen sowie Anmeldung unter: <a href=\"http:\/\/www.landesmusikakademie-sondershausen.de\/first-steps\" target=\"_blank\" rel=\"noopener noreferrer\">landesmusikakademie-sondershausen.de\/first-steps<\/a><\/p>\n<p>&nbsp;<\/p>\n","protected":false},"excerpt":{"rendered":"<p>+++ New Colours Festival Gelsenkirchen +++ Erstmals findet vom 8. bis 11. September das New Colours Festival Gelsenkirchen statt. Zum Festivalprogramm geh\u00f6ren Namen wie Joachim K\u00fchn, Matthias Schriefl und die Gruppe Rymden sowie einige Neuentdeckungen. Neben regul\u00e4ren Konzerten will das Festival f\u00fcr ein gro\u00dfes Publikum zug\u00e4nglich sein und bespielt daher auch \u00f6ffentliche R\u00e4ume in der City von Gelsenkirchen. Einen \u00dcberblick zum Programm gibt es unter: colours-festival.de &nbsp; +++ Gregor Huebner mit Konzerten in Deutschland +++ Liebhaber der Musik Gregor Huebners k\u00f6nnen sich auf verschiedene Konzerte und Veranstaltungen im September freuen. Noch an den Tagen 17., 21. und 22. September kann man Huebner in seinem Musik- und Comedy-Ensemble &#8222;Berta Epple&#8220; (Beitragsfoto) erleben, jeweils in Bodnegg, Eislingen und Stuttgart. Es folgt eine &#8222;Stunde der Kirchenmusik&#8220; mit dem Jazz-Streichquintett Arcogiani in der Paul-Gerhardt-Kirche in Plochingen. Am 24. September bespielt Huebner mit dem Pianisten Richie Beirach, der dieses Jahr seinen 75. Geburtstag feiert, das Dresdner Opernhaus (Semper 2). Weiterf\u00fchrende Informationen zu Konzerten von Gregor Huebner unter: gregorhuebner.com &nbsp; +++ Jazz Now! am 3. und 4. November 2022 in M\u00fcnchen +++ Im Rahmen des Jazzfest M\u00fcnchen 2022 findet die biennale &hellip;<\/p>\n","protected":false},"author":18,"featured_media":28257,"comment_status":"open","ping_status":"closed","sticky":false,"template":"","format":"standard","meta":{"_jetpack_memberships_contains_paid_content":false,"footnotes":"","jetpack_publicize_message":"","jetpack_publicize_feature_enabled":true,"jetpack_social_post_already_shared":false,"jetpack_social_options":{"image_generator_settings":{"template":"highway","default_image_id":0,"font":"","enabled":false},"version":2}},"categories":[633],"tags":[4289,2120,3272,2998,4288],"coauthors":[695],"class_list":["post-28255","post","type-post","status-publish","format-standard","has-post-thumbnail","hentry","category-nachrichten","tag-first-steps-jazz-camp","tag-gelsenkirchen","tag-gregor-huebner","tag-jazz-now","tag-new-colours-festival"],"yoast_head":"<!-- This site is optimized with the Yoast SEO plugin v27.5 - https:\/\/yoast.com\/product\/yoast-seo-wordpress\/ -->\n<title>+++ New Colours Festival Gelsenkirchen +++ Gregor Huebner mit Konzerten in Deutschland +++ Jazz Now! am 3. und 4. November 2022 in M\u00fcnchen +++ Jazz-Camp First Steps +++ - JazzZeitung<\/title>\n<meta name=\"robots\" content=\"index, follow, max-snippet:-1, max-image-preview:large, max-video-preview:-1\" \/>\n<link rel=\"canonical\" href=\"https:\/\/www.jazzzeitung.de\/cms\/2022\/09\/new-colours-festival-gelsenkirchen-gregor-huebner-mit-konzerten-in-deutschland-jazz-now-am-3-und-4-november-2022-in-muenchen-jazz-camp-first-steps\/\" \/>\n<meta property=\"og:locale\" content=\"de_DE\" \/>\n<meta property=\"og:type\" content=\"article\" \/>\n<meta property=\"og:title\" content=\"+++ New Colours Festival Gelsenkirchen +++ Gregor Huebner mit Konzerten in Deutschland +++ Jazz Now! am 3. und 4. November 2022 in M\u00fcnchen +++ Jazz-Camp First Steps +++ - JazzZeitung\" \/>\n<meta property=\"og:description\" content=\"+++ New Colours Festival Gelsenkirchen +++ Erstmals findet vom 8. bis 11. September das New Colours Festival Gelsenkirchen statt. Zum Festivalprogramm geh\u00f6ren Namen wie Joachim K\u00fchn, Matthias Schriefl und die Gruppe Rymden sowie einige Neuentdeckungen. Neben regul\u00e4ren Konzerten will das Festival f\u00fcr ein gro\u00dfes Publikum zug\u00e4nglich sein und bespielt daher auch \u00f6ffentliche R\u00e4ume in der City von Gelsenkirchen. Einen \u00dcberblick zum Programm gibt es unter: colours-festival.de &nbsp; +++ Gregor Huebner mit Konzerten in Deutschland +++ Liebhaber der Musik Gregor Huebners k\u00f6nnen sich auf verschiedene Konzerte und Veranstaltungen im September freuen. Noch an den Tagen 17., 21. und 22. September kann man Huebner in seinem Musik- und Comedy-Ensemble &#8222;Berta Epple&#8220; (Beitragsfoto) erleben, jeweils in Bodnegg, Eislingen und Stuttgart. Es folgt eine &#8222;Stunde der Kirchenmusik&#8220; mit dem Jazz-Streichquintett Arcogiani in der Paul-Gerhardt-Kirche in Plochingen. Am 24. September bespielt Huebner mit dem Pianisten Richie Beirach, der dieses Jahr seinen 75. Geburtstag feiert, das Dresdner Opernhaus (Semper 2). Weiterf\u00fchrende Informationen zu Konzerten von Gregor Huebner unter: gregorhuebner.com &nbsp; +++ Jazz Now! am 3. und 4. November 2022 in M\u00fcnchen +++ Im Rahmen des Jazzfest M\u00fcnchen 2022 findet die biennale &hellip;\" \/>\n<meta property=\"og:url\" content=\"https:\/\/www.jazzzeitung.de\/cms\/2022\/09\/new-colours-festival-gelsenkirchen-gregor-huebner-mit-konzerten-in-deutschland-jazz-now-am-3-und-4-november-2022-in-muenchen-jazz-camp-first-steps\/\" \/>\n<meta property=\"og:site_name\" content=\"JazzZeitung\" \/>\n<meta property=\"article:publisher\" content=\"https:\/\/www.facebook.com\/JazzZeitung\/\" \/>\n<meta property=\"article:published_time\" content=\"2022-09-06T13:00:06+00:00\" \/>\n<meta property=\"og:image\" content=\"https:\/\/i0.wp.com\/www.jazzzeitung.de\/cms\/wp-content\/uploads\/2022\/09\/Berta_Epple_-Pressefoto1_Copyright\u00a9_BeateArmbruster-scaled-1.webp?fit=830%2C553&ssl=1\" \/>\n\t<meta property=\"og:image:width\" content=\"830\" \/>\n\t<meta property=\"og:image:height\" content=\"553\" \/>\n\t<meta property=\"og:image:type\" content=\"image\/webp\" \/>\n<meta name=\"author\" content=\"Redaktion JazzZeitung\" \/>\n<script type=\"application\/ld+json\" class=\"yoast-schema-graph\">{\"@context\":\"https:\\\/\\\/schema.org\",\"@graph\":[{\"@type\":\"Article\",\"@id\":\"https:\\\/\\\/www.jazzzeitung.de\\\/cms\\\/2022\\\/09\\\/new-colours-festival-gelsenkirchen-gregor-huebner-mit-konzerten-in-deutschland-jazz-now-am-3-und-4-november-2022-in-muenchen-jazz-camp-first-steps\\\/#article\",\"isPartOf\":{\"@id\":\"https:\\\/\\\/www.jazzzeitung.de\\\/cms\\\/2022\\\/09\\\/new-colours-festival-gelsenkirchen-gregor-huebner-mit-konzerten-in-deutschland-jazz-now-am-3-und-4-november-2022-in-muenchen-jazz-camp-first-steps\\\/\"},\"author\":{\"name\":\"Redaktion JazzZeitung\",\"@id\":\"https:\\\/\\\/www.jazzzeitung.de\\\/cms\\\/#\\\/schema\\\/person\\\/2245b36b9cd1d24cea10f01c031fb92b\"},\"headline\":\"+++ New Colours Festival Gelsenkirchen +++ Gregor Huebner mit Konzerten in Deutschland +++ Jazz Now! am 3. und 4. November 2022 in M\u00fcnchen +++ Jazz-Camp First Steps +++\",\"datePublished\":\"2022-09-06T13:00:06+00:00\",\"mainEntityOfPage\":{\"@id\":\"https:\\\/\\\/www.jazzzeitung.de\\\/cms\\\/2022\\\/09\\\/new-colours-festival-gelsenkirchen-gregor-huebner-mit-konzerten-in-deutschland-jazz-now-am-3-und-4-november-2022-in-muenchen-jazz-camp-first-steps\\\/\"},\"wordCount\":382,\"commentCount\":0,\"publisher\":{\"@id\":\"https:\\\/\\\/www.jazzzeitung.de\\\/cms\\\/#organization\"},\"image\":{\"@id\":\"https:\\\/\\\/www.jazzzeitung.de\\\/cms\\\/2022\\\/09\\\/new-colours-festival-gelsenkirchen-gregor-huebner-mit-konzerten-in-deutschland-jazz-now-am-3-und-4-november-2022-in-muenchen-jazz-camp-first-steps\\\/#primaryimage\"},\"thumbnailUrl\":\"https:\\\/\\\/i0.wp.com\\\/www.jazzzeitung.de\\\/cms\\\/wp-content\\\/uploads\\\/2022\\\/09\\\/Berta_Epple_-Pressefoto1_Copyright%C2%A9_BeateArmbruster-scaled-1.webp?fit=830%2C553&ssl=1\",\"keywords\":[\"First Steps Jazz Camp\",\"Gelsenkirchen\",\"Gregor H\u00fcbner\",\"Jazz Now!\",\"New Colours Festival\"],\"articleSection\":[\"News\"],\"inLanguage\":\"de\",\"potentialAction\":[{\"@type\":\"CommentAction\",\"name\":\"Comment\",\"target\":[\"https:\\\/\\\/www.jazzzeitung.de\\\/cms\\\/2022\\\/09\\\/new-colours-festival-gelsenkirchen-gregor-huebner-mit-konzerten-in-deutschland-jazz-now-am-3-und-4-november-2022-in-muenchen-jazz-camp-first-steps\\\/#respond\"]}]},{\"@type\":\"WebPage\",\"@id\":\"https:\\\/\\\/www.jazzzeitung.de\\\/cms\\\/2022\\\/09\\\/new-colours-festival-gelsenkirchen-gregor-huebner-mit-konzerten-in-deutschland-jazz-now-am-3-und-4-november-2022-in-muenchen-jazz-camp-first-steps\\\/\",\"url\":\"https:\\\/\\\/www.jazzzeitung.de\\\/cms\\\/2022\\\/09\\\/new-colours-festival-gelsenkirchen-gregor-huebner-mit-konzerten-in-deutschland-jazz-now-am-3-und-4-november-2022-in-muenchen-jazz-camp-first-steps\\\/\",\"name\":\"+++ New Colours Festival Gelsenkirchen +++ Gregor Huebner mit Konzerten in Deutschland +++ Jazz Now! am 3. und 4. November 2022 in M\u00fcnchen +++ Jazz-Camp First Steps +++ - JazzZeitung\",\"isPartOf\":{\"@id\":\"https:\\\/\\\/www.jazzzeitung.de\\\/cms\\\/#website\"},\"primaryImageOfPage\":{\"@id\":\"https:\\\/\\\/www.jazzzeitung.de\\\/cms\\\/2022\\\/09\\\/new-colours-festival-gelsenkirchen-gregor-huebner-mit-konzerten-in-deutschland-jazz-now-am-3-und-4-november-2022-in-muenchen-jazz-camp-first-steps\\\/#primaryimage\"},\"image\":{\"@id\":\"https:\\\/\\\/www.jazzzeitung.de\\\/cms\\\/2022\\\/09\\\/new-colours-festival-gelsenkirchen-gregor-huebner-mit-konzerten-in-deutschland-jazz-now-am-3-und-4-november-2022-in-muenchen-jazz-camp-first-steps\\\/#primaryimage\"},\"thumbnailUrl\":\"https:\\\/\\\/i0.wp.com\\\/www.jazzzeitung.de\\\/cms\\\/wp-content\\\/uploads\\\/2022\\\/09\\\/Berta_Epple_-Pressefoto1_Copyright%C2%A9_BeateArmbruster-scaled-1.webp?fit=830%2C553&ssl=1\",\"datePublished\":\"2022-09-06T13:00:06+00:00\",\"breadcrumb\":{\"@id\":\"https:\\\/\\\/www.jazzzeitung.de\\\/cms\\\/2022\\\/09\\\/new-colours-festival-gelsenkirchen-gregor-huebner-mit-konzerten-in-deutschland-jazz-now-am-3-und-4-november-2022-in-muenchen-jazz-camp-first-steps\\\/#breadcrumb\"},\"inLanguage\":\"de\",\"potentialAction\":[{\"@type\":\"ReadAction\",\"target\":[\"https:\\\/\\\/www.jazzzeitung.de\\\/cms\\\/2022\\\/09\\\/new-colours-festival-gelsenkirchen-gregor-huebner-mit-konzerten-in-deutschland-jazz-now-am-3-und-4-november-2022-in-muenchen-jazz-camp-first-steps\\\/\"]}]},{\"@type\":\"ImageObject\",\"inLanguage\":\"de\",\"@id\":\"https:\\\/\\\/www.jazzzeitung.de\\\/cms\\\/2022\\\/09\\\/new-colours-festival-gelsenkirchen-gregor-huebner-mit-konzerten-in-deutschland-jazz-now-am-3-und-4-november-2022-in-muenchen-jazz-camp-first-steps\\\/#primaryimage\",\"url\":\"https:\\\/\\\/i0.wp.com\\\/www.jazzzeitung.de\\\/cms\\\/wp-content\\\/uploads\\\/2022\\\/09\\\/Berta_Epple_-Pressefoto1_Copyright%C2%A9_BeateArmbruster-scaled-1.webp?fit=830%2C553&ssl=1\",\"contentUrl\":\"https:\\\/\\\/i0.wp.com\\\/www.jazzzeitung.de\\\/cms\\\/wp-content\\\/uploads\\\/2022\\\/09\\\/Berta_Epple_-Pressefoto1_Copyright%C2%A9_BeateArmbruster-scaled-1.webp?fit=830%2C553&ssl=1\",\"width\":830,\"height\":553,\"caption\":\"Berta Epple. Foto: \u00a9 Beate Armbruster\"},{\"@type\":\"BreadcrumbList\",\"@id\":\"https:\\\/\\\/www.jazzzeitung.de\\\/cms\\\/2022\\\/09\\\/new-colours-festival-gelsenkirchen-gregor-huebner-mit-konzerten-in-deutschland-jazz-now-am-3-und-4-november-2022-in-muenchen-jazz-camp-first-steps\\\/#breadcrumb\",\"itemListElement\":[{\"@type\":\"ListItem\",\"position\":1,\"name\":\"Startseite\",\"item\":\"https:\\\/\\\/www.jazzzeitung.de\\\/cms\\\/\"},{\"@type\":\"ListItem\",\"position\":2,\"name\":\"+++ New Colours Festival Gelsenkirchen +++ Gregor Huebner mit Konzerten in Deutschland +++ Jazz Now! am 3. und 4. November 2022 in M\u00fcnchen +++ Jazz-Camp First Steps +++\"}]},{\"@type\":\"WebSite\",\"@id\":\"https:\\\/\\\/www.jazzzeitung.de\\\/cms\\\/#website\",\"url\":\"https:\\\/\\\/www.jazzzeitung.de\\\/cms\\\/\",\"name\":\"JazzZeitung\",\"description\":\"Jazz-News und Jazz-Kontroverses\",\"publisher\":{\"@id\":\"https:\\\/\\\/www.jazzzeitung.de\\\/cms\\\/#organization\"},\"potentialAction\":[{\"@type\":\"SearchAction\",\"target\":{\"@type\":\"EntryPoint\",\"urlTemplate\":\"https:\\\/\\\/www.jazzzeitung.de\\\/cms\\\/?s={search_term_string}\"},\"query-input\":{\"@type\":\"PropertyValueSpecification\",\"valueRequired\":true,\"valueName\":\"search_term_string\"}}],\"inLanguage\":\"de\"},{\"@type\":\"Organization\",\"@id\":\"https:\\\/\\\/www.jazzzeitung.de\\\/cms\\\/#organization\",\"name\":\"JazzZeitung online\",\"url\":\"https:\\\/\\\/www.jazzzeitung.de\\\/cms\\\/\",\"logo\":{\"@type\":\"ImageObject\",\"inLanguage\":\"de\",\"@id\":\"https:\\\/\\\/www.jazzzeitung.de\\\/cms\\\/#\\\/schema\\\/logo\\\/image\\\/\",\"url\":\"https:\\\/\\\/i0.wp.com\\\/www.jazzzeitung.de\\\/cms\\\/wp-content\\\/uploads\\\/2015\\\/08\\\/JAZZZEITUNGDE_Logo_Neu.png?fit=499%2C200&ssl=1\",\"contentUrl\":\"https:\\\/\\\/i0.wp.com\\\/www.jazzzeitung.de\\\/cms\\\/wp-content\\\/uploads\\\/2015\\\/08\\\/JAZZZEITUNGDE_Logo_Neu.png?fit=499%2C200&ssl=1\",\"width\":499,\"height\":200,\"caption\":\"JazzZeitung online\"},\"image\":{\"@id\":\"https:\\\/\\\/www.jazzzeitung.de\\\/cms\\\/#\\\/schema\\\/logo\\\/image\\\/\"},\"sameAs\":[\"https:\\\/\\\/www.facebook.com\\\/JazzZeitung\\\/\"]},{\"@type\":\"Person\",\"@id\":\"https:\\\/\\\/www.jazzzeitung.de\\\/cms\\\/#\\\/schema\\\/person\\\/2245b36b9cd1d24cea10f01c031fb92b\",\"name\":\"Redaktion JazzZeitung\",\"image\":{\"@type\":\"ImageObject\",\"inLanguage\":\"de\",\"@id\":\"https:\\\/\\\/i0.wp.com\\\/www.jazzzeitung.de\\\/cms\\\/wp-content\\\/uploads\\\/2015\\\/08\\\/JAZZZEITUNGDE_Logo_Neu.png?resize=96%2C96&ssl=159975dcacb611b5700bd619b5daf0a7a\",\"url\":\"https:\\\/\\\/i0.wp.com\\\/www.jazzzeitung.de\\\/cms\\\/wp-content\\\/uploads\\\/2015\\\/08\\\/JAZZZEITUNGDE_Logo_Neu.png?resize=96%2C96&ssl=1\",\"contentUrl\":\"https:\\\/\\\/i0.wp.com\\\/www.jazzzeitung.de\\\/cms\\\/wp-content\\\/uploads\\\/2015\\\/08\\\/JAZZZEITUNGDE_Logo_Neu.png?resize=96%2C96&ssl=1\",\"caption\":\"Redaktion JazzZeitung\"},\"description\":\"Artikel der Redaktion der JazzZeitung.\",\"sameAs\":[\"http:\\\/\\\/www.jazzzeitung.de\\\/cms\\\/\"],\"url\":\"https:\\\/\\\/www.jazzzeitung.de\\\/cms\\\/author\\\/redaktion\\\/\"}]}<\/script>\n<!-- \/ Yoast SEO plugin. -->","yoast_head_json":{"title":"+++ New Colours Festival Gelsenkirchen +++ Gregor Huebner mit Konzerten in Deutschland +++ Jazz Now! am 3. und 4. November 2022 in M\u00fcnchen +++ Jazz-Camp First Steps +++ - JazzZeitung","robots":{"index":"index","follow":"follow","max-snippet":"max-snippet:-1","max-image-preview":"max-image-preview:large","max-video-preview":"max-video-preview:-1"},"canonical":"https:\/\/www.jazzzeitung.de\/cms\/2022\/09\/new-colours-festival-gelsenkirchen-gregor-huebner-mit-konzerten-in-deutschland-jazz-now-am-3-und-4-november-2022-in-muenchen-jazz-camp-first-steps\/","og_locale":"de_DE","og_type":"article","og_title":"+++ New Colours Festival Gelsenkirchen +++ Gregor Huebner mit Konzerten in Deutschland +++ Jazz Now! am 3. und 4. November 2022 in M\u00fcnchen +++ Jazz-Camp First Steps +++ - JazzZeitung","og_description":"+++ New Colours Festival Gelsenkirchen +++ Erstmals findet vom 8. bis 11. September das New Colours Festival Gelsenkirchen statt. Zum Festivalprogramm geh\u00f6ren Namen wie Joachim K\u00fchn, Matthias Schriefl und die Gruppe Rymden sowie einige Neuentdeckungen. Neben regul\u00e4ren Konzerten will das Festival f\u00fcr ein gro\u00dfes Publikum zug\u00e4nglich sein und bespielt daher auch \u00f6ffentliche R\u00e4ume in der City von Gelsenkirchen. Einen \u00dcberblick zum Programm gibt es unter: colours-festival.de &nbsp; +++ Gregor Huebner mit Konzerten in Deutschland +++ Liebhaber der Musik Gregor Huebners k\u00f6nnen sich auf verschiedene Konzerte und Veranstaltungen im September freuen. Noch an den Tagen 17., 21. und 22. September kann man Huebner in seinem Musik- und Comedy-Ensemble &#8222;Berta Epple&#8220; (Beitragsfoto) erleben, jeweils in Bodnegg, Eislingen und Stuttgart. Es folgt eine &#8222;Stunde der Kirchenmusik&#8220; mit dem Jazz-Streichquintett Arcogiani in der Paul-Gerhardt-Kirche in Plochingen. Am 24. September bespielt Huebner mit dem Pianisten Richie Beirach, der dieses Jahr seinen 75. Geburtstag feiert, das Dresdner Opernhaus (Semper 2). Weiterf\u00fchrende Informationen zu Konzerten von Gregor Huebner unter: gregorhuebner.com &nbsp; +++ Jazz Now! am 3. und 4. November 2022 in M\u00fcnchen +++ Im Rahmen des Jazzfest M\u00fcnchen 2022 findet die biennale &hellip;","og_url":"https:\/\/www.jazzzeitung.de\/cms\/2022\/09\/new-colours-festival-gelsenkirchen-gregor-huebner-mit-konzerten-in-deutschland-jazz-now-am-3-und-4-november-2022-in-muenchen-jazz-camp-first-steps\/","og_site_name":"JazzZeitung","article_publisher":"https:\/\/www.facebook.com\/JazzZeitung\/","article_published_time":"2022-09-06T13:00:06+00:00","og_image":[{"width":830,"height":553,"url":"https:\/\/i0.wp.com\/www.jazzzeitung.de\/cms\/wp-content\/uploads\/2022\/09\/Berta_Epple_-Pressefoto1_Copyright\u00a9_BeateArmbruster-scaled-1.webp?fit=830%2C553&ssl=1","type":"image\/webp"}],"author":"Redaktion JazzZeitung","schema":{"@context":"https:\/\/schema.org","@graph":[{"@type":"Article","@id":"https:\/\/www.jazzzeitung.de\/cms\/2022\/09\/new-colours-festival-gelsenkirchen-gregor-huebner-mit-konzerten-in-deutschland-jazz-now-am-3-und-4-november-2022-in-muenchen-jazz-camp-first-steps\/#article","isPartOf":{"@id":"https:\/\/www.jazzzeitung.de\/cms\/2022\/09\/new-colours-festival-gelsenkirchen-gregor-huebner-mit-konzerten-in-deutschland-jazz-now-am-3-und-4-november-2022-in-muenchen-jazz-camp-first-steps\/"},"author":{"name":"Redaktion JazzZeitung","@id":"https:\/\/www.jazzzeitung.de\/cms\/#\/schema\/person\/2245b36b9cd1d24cea10f01c031fb92b"},"headline":"+++ New Colours Festival Gelsenkirchen +++ Gregor Huebner mit Konzerten in Deutschland +++ Jazz Now! am 3. und 4. November 2022 in M\u00fcnchen +++ Jazz-Camp First Steps +++","datePublished":"2022-09-06T13:00:06+00:00","mainEntityOfPage":{"@id":"https:\/\/www.jazzzeitung.de\/cms\/2022\/09\/new-colours-festival-gelsenkirchen-gregor-huebner-mit-konzerten-in-deutschland-jazz-now-am-3-und-4-november-2022-in-muenchen-jazz-camp-first-steps\/"},"wordCount":382,"commentCount":0,"publisher":{"@id":"https:\/\/www.jazzzeitung.de\/cms\/#organization"},"image":{"@id":"https:\/\/www.jazzzeitung.de\/cms\/2022\/09\/new-colours-festival-gelsenkirchen-gregor-huebner-mit-konzerten-in-deutschland-jazz-now-am-3-und-4-november-2022-in-muenchen-jazz-camp-first-steps\/#primaryimage"},"thumbnailUrl":"https:\/\/i0.wp.com\/www.jazzzeitung.de\/cms\/wp-content\/uploads\/2022\/09\/Berta_Epple_-Pressefoto1_Copyright%C2%A9_BeateArmbruster-scaled-1.webp?fit=830%2C553&ssl=1","keywords":["First Steps Jazz Camp","Gelsenkirchen","Gregor H\u00fcbner","Jazz Now!","New Colours Festival"],"articleSection":["News"],"inLanguage":"de","potentialAction":[{"@type":"CommentAction","name":"Comment","target":["https:\/\/www.jazzzeitung.de\/cms\/2022\/09\/new-colours-festival-gelsenkirchen-gregor-huebner-mit-konzerten-in-deutschland-jazz-now-am-3-und-4-november-2022-in-muenchen-jazz-camp-first-steps\/#respond"]}]},{"@type":"WebPage","@id":"https:\/\/www.jazzzeitung.de\/cms\/2022\/09\/new-colours-festival-gelsenkirchen-gregor-huebner-mit-konzerten-in-deutschland-jazz-now-am-3-und-4-november-2022-in-muenchen-jazz-camp-first-steps\/","url":"https:\/\/www.jazzzeitung.de\/cms\/2022\/09\/new-colours-festival-gelsenkirchen-gregor-huebner-mit-konzerten-in-deutschland-jazz-now-am-3-und-4-november-2022-in-muenchen-jazz-camp-first-steps\/","name":"+++ New Colours Festival Gelsenkirchen +++ Gregor Huebner mit Konzerten in Deutschland +++ Jazz Now! am 3. und 4. November 2022 in M\u00fcnchen +++ Jazz-Camp First Steps +++ - JazzZeitung","isPartOf":{"@id":"https:\/\/www.jazzzeitung.de\/cms\/#website"},"primaryImageOfPage":{"@id":"https:\/\/www.jazzzeitung.de\/cms\/2022\/09\/new-colours-festival-gelsenkirchen-gregor-huebner-mit-konzerten-in-deutschland-jazz-now-am-3-und-4-november-2022-in-muenchen-jazz-camp-first-steps\/#primaryimage"},"image":{"@id":"https:\/\/www.jazzzeitung.de\/cms\/2022\/09\/new-colours-festival-gelsenkirchen-gregor-huebner-mit-konzerten-in-deutschland-jazz-now-am-3-und-4-november-2022-in-muenchen-jazz-camp-first-steps\/#primaryimage"},"thumbnailUrl":"https:\/\/i0.wp.com\/www.jazzzeitung.de\/cms\/wp-content\/uploads\/2022\/09\/Berta_Epple_-Pressefoto1_Copyright%C2%A9_BeateArmbruster-scaled-1.webp?fit=830%2C553&ssl=1","datePublished":"2022-09-06T13:00:06+00:00","breadcrumb":{"@id":"https:\/\/www.jazzzeitung.de\/cms\/2022\/09\/new-colours-festival-gelsenkirchen-gregor-huebner-mit-konzerten-in-deutschland-jazz-now-am-3-und-4-november-2022-in-muenchen-jazz-camp-first-steps\/#breadcrumb"},"inLanguage":"de","potentialAction":[{"@type":"ReadAction","target":["https:\/\/www.jazzzeitung.de\/cms\/2022\/09\/new-colours-festival-gelsenkirchen-gregor-huebner-mit-konzerten-in-deutschland-jazz-now-am-3-und-4-november-2022-in-muenchen-jazz-camp-first-steps\/"]}]},{"@type":"ImageObject","inLanguage":"de","@id":"https:\/\/www.jazzzeitung.de\/cms\/2022\/09\/new-colours-festival-gelsenkirchen-gregor-huebner-mit-konzerten-in-deutschland-jazz-now-am-3-und-4-november-2022-in-muenchen-jazz-camp-first-steps\/#primaryimage","url":"https:\/\/i0.wp.com\/www.jazzzeitung.de\/cms\/wp-content\/uploads\/2022\/09\/Berta_Epple_-Pressefoto1_Copyright%C2%A9_BeateArmbruster-scaled-1.webp?fit=830%2C553&ssl=1","contentUrl":"https:\/\/i0.wp.com\/www.jazzzeitung.de\/cms\/wp-content\/uploads\/2022\/09\/Berta_Epple_-Pressefoto1_Copyright%C2%A9_BeateArmbruster-scaled-1.webp?fit=830%2C553&ssl=1","width":830,"height":553,"caption":"Berta Epple. Foto: \u00a9 Beate Armbruster"},{"@type":"BreadcrumbList","@id":"https:\/\/www.jazzzeitung.de\/cms\/2022\/09\/new-colours-festival-gelsenkirchen-gregor-huebner-mit-konzerten-in-deutschland-jazz-now-am-3-und-4-november-2022-in-muenchen-jazz-camp-first-steps\/#breadcrumb","itemListElement":[{"@type":"ListItem","position":1,"name":"Startseite","item":"https:\/\/www.jazzzeitung.de\/cms\/"},{"@type":"ListItem","position":2,"name":"+++ New Colours Festival Gelsenkirchen +++ Gregor Huebner mit Konzerten in Deutschland +++ Jazz Now! am 3. und 4. November 2022 in M\u00fcnchen +++ Jazz-Camp First Steps +++"}]},{"@type":"WebSite","@id":"https:\/\/www.jazzzeitung.de\/cms\/#website","url":"https:\/\/www.jazzzeitung.de\/cms\/","name":"JazzZeitung","description":"Jazz-News und Jazz-Kontroverses","publisher":{"@id":"https:\/\/www.jazzzeitung.de\/cms\/#organization"},"potentialAction":[{"@type":"SearchAction","target":{"@type":"EntryPoint","urlTemplate":"https:\/\/www.jazzzeitung.de\/cms\/?s={search_term_string}"},"query-input":{"@type":"PropertyValueSpecification","valueRequired":true,"valueName":"search_term_string"}}],"inLanguage":"de"},{"@type":"Organization","@id":"https:\/\/www.jazzzeitung.de\/cms\/#organization","name":"JazzZeitung online","url":"https:\/\/www.jazzzeitung.de\/cms\/","logo":{"@type":"ImageObject","inLanguage":"de","@id":"https:\/\/www.jazzzeitung.de\/cms\/#\/schema\/logo\/image\/","url":"https:\/\/i0.wp.com\/www.jazzzeitung.de\/cms\/wp-content\/uploads\/2015\/08\/JAZZZEITUNGDE_Logo_Neu.png?fit=499%2C200&ssl=1","contentUrl":"https:\/\/i0.wp.com\/www.jazzzeitung.de\/cms\/wp-content\/uploads\/2015\/08\/JAZZZEITUNGDE_Logo_Neu.png?fit=499%2C200&ssl=1","width":499,"height":200,"caption":"JazzZeitung online"},"image":{"@id":"https:\/\/www.jazzzeitung.de\/cms\/#\/schema\/logo\/image\/"},"sameAs":["https:\/\/www.facebook.com\/JazzZeitung\/"]},{"@type":"Person","@id":"https:\/\/www.jazzzeitung.de\/cms\/#\/schema\/person\/2245b36b9cd1d24cea10f01c031fb92b","name":"Redaktion JazzZeitung","image":{"@type":"ImageObject","inLanguage":"de","@id":"https:\/\/i0.wp.com\/www.jazzzeitung.de\/cms\/wp-content\/uploads\/2015\/08\/JAZZZEITUNGDE_Logo_Neu.png?resize=96%2C96&ssl=159975dcacb611b5700bd619b5daf0a7a","url":"https:\/\/i0.wp.com\/www.jazzzeitung.de\/cms\/wp-content\/uploads\/2015\/08\/JAZZZEITUNGDE_Logo_Neu.png?resize=96%2C96&ssl=1","contentUrl":"https:\/\/i0.wp.com\/www.jazzzeitung.de\/cms\/wp-content\/uploads\/2015\/08\/JAZZZEITUNGDE_Logo_Neu.png?resize=96%2C96&ssl=1","caption":"Redaktion JazzZeitung"},"description":"Artikel der Redaktion der JazzZeitung.","sameAs":["http:\/\/www.jazzzeitung.de\/cms\/"],"url":"https:\/\/www.jazzzeitung.de\/cms\/author\/redaktion\/"}]}},"wp-worthy-pixel":{"ignored":false,"public":null,"server":null,"url":null},"wp-worthy-type":"normal","jetpack_publicize_connections":[],"cc_featured_image_caption":{"caption_text":"","source_text":"","source_url":""},"jetpack_featured_media_url":"https:\/\/i0.wp.com\/www.jazzzeitung.de\/cms\/wp-content\/uploads\/2022\/09\/Berta_Epple_-Pressefoto1_Copyright%C2%A9_BeateArmbruster-scaled-1.webp?fit=830%2C553&ssl=1","jetpack_shortlink":"https:\/\/wp.me\/p3KEcT-7lJ","jetpack-related-posts":[{"id":31684,"url":"https:\/\/www.jazzzeitung.de\/cms\/2024\/09\/kampf-gegen-die-klischees-new-colours-festival-gelsenkirchen\/","url_meta":{"origin":28255,"position":0},"title":"Kampf gegen die Klischees &#8211; \u201eNew Colours Festival\u201c Gelsenkirchen","author":"Redaktion JazzZeitung","date":"24. September 2024","format":false,"excerpt":"(Text und Fotos: Oliver Hochkeppel)\u00a0Drei EM-Spiele gab es im Sommer in der Schalke-Arena, und ausgerechnet die englischen Fans w\u00e4rmten wieder alle Gelsenkirchen-Klischees von Deutschlands h\u00e4sslichster und \u00e4rmster Stadt auf. Sicher es gibt schlimme Ecken \u2013 wie in mittlerweile jeder englischen Stadt. Seit einigen Jahren schon k\u00e4mpfen die Gelsenkirchener Bernd Zimmermann\u2026","rel":"","context":"In &quot;Bericht&quot;","block_context":{"text":"Bericht","link":"https:\/\/www.jazzzeitung.de\/cms\/thema\/bericht\/"},"img":{"alt_text":"","src":"https:\/\/i0.wp.com\/www.jazzzeitung.de\/cms\/wp-content\/uploads\/2024\/09\/YumiIto5_OliverHochkeppel130924-scaled-e1727168295867.jpg?fit=1200%2C740&ssl=1&resize=350%2C200","width":350,"height":200,"srcset":"https:\/\/i0.wp.com\/www.jazzzeitung.de\/cms\/wp-content\/uploads\/2024\/09\/YumiIto5_OliverHochkeppel130924-scaled-e1727168295867.jpg?fit=1200%2C740&ssl=1&resize=350%2C200 1x, https:\/\/i0.wp.com\/www.jazzzeitung.de\/cms\/wp-content\/uploads\/2024\/09\/YumiIto5_OliverHochkeppel130924-scaled-e1727168295867.jpg?fit=1200%2C740&ssl=1&resize=525%2C300 1.5x, https:\/\/i0.wp.com\/www.jazzzeitung.de\/cms\/wp-content\/uploads\/2024\/09\/YumiIto5_OliverHochkeppel130924-scaled-e1727168295867.jpg?fit=1200%2C740&ssl=1&resize=700%2C400 2x, https:\/\/i0.wp.com\/www.jazzzeitung.de\/cms\/wp-content\/uploads\/2024\/09\/YumiIto5_OliverHochkeppel130924-scaled-e1727168295867.jpg?fit=1200%2C740&ssl=1&resize=1050%2C600 3x"},"classes":[]},{"id":30015,"url":"https:\/\/www.jazzzeitung.de\/cms\/2023\/09\/die-zweite-ausgabe-des-jazz-festivals-new-colours-an-geschichtstraechtigen-orten-in-gelsenkirchen\/","url_meta":{"origin":28255,"position":1},"title":"Die zweite Ausgabe des Jazz-Festivals \u201eNew Colours\u201c an geschichtstr\u00e4chtigen Orten in Gelsenkirchen","author":"Redaktion JazzZeitung","date":"12. September 2023","format":false,"excerpt":"Strahlend blauer Himmel \u2013 und alle vier Tage \u00fcber 30 Grad. Da hielt der Produktionsleiter des Festivals, Bernd Zimmermann, in locker-unverbl\u00fcmten B\u00fchnenansagen nicht hinter dem Berg, wie begeistert er \u00fcber jede Besucherin und jeden Besucher bei solch einem Wetter war. Wer kam, konnte heftig schwitzend begl\u00fcckt sein \u00fcber ein vielf\u00e4ltiges\u2026","rel":"","context":"In &quot;Bericht&quot;","block_context":{"text":"Bericht","link":"https:\/\/www.jazzzeitung.de\/cms\/thema\/bericht\/"},"img":{"alt_text":"","src":"https:\/\/i0.wp.com\/www.jazzzeitung.de\/cms\/wp-content\/uploads\/2023\/09\/20230908_204317-scaled.jpg?fit=1200%2C900&ssl=1&resize=350%2C200","width":350,"height":200,"srcset":"https:\/\/i0.wp.com\/www.jazzzeitung.de\/cms\/wp-content\/uploads\/2023\/09\/20230908_204317-scaled.jpg?fit=1200%2C900&ssl=1&resize=350%2C200 1x, https:\/\/i0.wp.com\/www.jazzzeitung.de\/cms\/wp-content\/uploads\/2023\/09\/20230908_204317-scaled.jpg?fit=1200%2C900&ssl=1&resize=525%2C300 1.5x, https:\/\/i0.wp.com\/www.jazzzeitung.de\/cms\/wp-content\/uploads\/2023\/09\/20230908_204317-scaled.jpg?fit=1200%2C900&ssl=1&resize=700%2C400 2x, https:\/\/i0.wp.com\/www.jazzzeitung.de\/cms\/wp-content\/uploads\/2023\/09\/20230908_204317-scaled.jpg?fit=1200%2C900&ssl=1&resize=1050%2C600 3x"},"classes":[]},{"id":28317,"url":"https:\/\/www.jazzzeitung.de\/cms\/2022\/09\/ein-festival-das-ueberzeugt-new-colours-2022-in-gelsenkirchen\/","url_meta":{"origin":28255,"position":2},"title":"Ein Festival, das \u00fcberzeugt: New Colours 2022 in Gelsenkirchen","author":"Redaktion JazzZeitung","date":"15. September 2022","format":false,"excerpt":"\u00a0\u201eLass uns diese R\u00e4ume pflegen!\" appellierte Festivalleiter Bernd Zimmermann an s\u00e4mtliche Anwesenden im stadt.bau.raum zum Auftakt des New Colours Festivals. Sich von Vielfalt anstecken zu lassen lautete die Einladung ans Publikum, zu dem auch viele internationale Medienvertreter geh\u00f6rten. Nicht alles konnte so stattfinden, wie es geplant war. Das lag vor\u2026","rel":"","context":"In &quot;Bericht&quot;","block_context":{"text":"Bericht","link":"https:\/\/www.jazzzeitung.de\/cms\/thema\/bericht\/"},"img":{"alt_text":"","src":"https:\/\/i0.wp.com\/www.jazzzeitung.de\/cms\/wp-content\/uploads\/2022\/09\/Joachin-Khun-41-Kopie.jpg?fit=1200%2C766&ssl=1&resize=350%2C200","width":350,"height":200,"srcset":"https:\/\/i0.wp.com\/www.jazzzeitung.de\/cms\/wp-content\/uploads\/2022\/09\/Joachin-Khun-41-Kopie.jpg?fit=1200%2C766&ssl=1&resize=350%2C200 1x, https:\/\/i0.wp.com\/www.jazzzeitung.de\/cms\/wp-content\/uploads\/2022\/09\/Joachin-Khun-41-Kopie.jpg?fit=1200%2C766&ssl=1&resize=525%2C300 1.5x, https:\/\/i0.wp.com\/www.jazzzeitung.de\/cms\/wp-content\/uploads\/2022\/09\/Joachin-Khun-41-Kopie.jpg?fit=1200%2C766&ssl=1&resize=700%2C400 2x, https:\/\/i0.wp.com\/www.jazzzeitung.de\/cms\/wp-content\/uploads\/2022\/09\/Joachin-Khun-41-Kopie.jpg?fit=1200%2C766&ssl=1&resize=1050%2C600 3x"},"classes":[]},{"id":17105,"url":"https:\/\/www.jazzzeitung.de\/cms\/2018\/08\/premiere-erstes-progressive-chamber-music-festival-in-muenchen\/","url_meta":{"origin":28255,"position":3},"title":"Premiere: Erstes Progressive Chamber Music Festival in M\u00fcnchen","author":"Redaktion JazzZeitung","date":"30. August 2018","format":false,"excerpt":"Das Progressive Chamber Music Festival in M\u00fcnchen feiert seine Premiere. Am 17. und 18. Oktober laden das Sirius Quartet (Bild, v.l.n.r.: Fung Chern Hwei, Jeremy Harman, Ron Lawrence, Gregor Huebner) und die Hochschule f\u00fcr Musik und Theater erstmals in den Live-Club \"Milla\" ein, um mit insgesamt acht kleineren Konzerten die\u2026","rel":"","context":"In &quot;News&quot;","block_context":{"text":"News","link":"https:\/\/www.jazzzeitung.de\/cms\/thema\/nachrichten\/"},"img":{"alt_text":"","src":"https:\/\/i0.wp.com\/www.jazzzeitung.de\/cms\/wp-content\/uploads\/2018\/08\/Sirius-Quartet.jpg?fit=1200%2C800&ssl=1&resize=350%2C200","width":350,"height":200,"srcset":"https:\/\/i0.wp.com\/www.jazzzeitung.de\/cms\/wp-content\/uploads\/2018\/08\/Sirius-Quartet.jpg?fit=1200%2C800&ssl=1&resize=350%2C200 1x, https:\/\/i0.wp.com\/www.jazzzeitung.de\/cms\/wp-content\/uploads\/2018\/08\/Sirius-Quartet.jpg?fit=1200%2C800&ssl=1&resize=525%2C300 1.5x, https:\/\/i0.wp.com\/www.jazzzeitung.de\/cms\/wp-content\/uploads\/2018\/08\/Sirius-Quartet.jpg?fit=1200%2C800&ssl=1&resize=700%2C400 2x, https:\/\/i0.wp.com\/www.jazzzeitung.de\/cms\/wp-content\/uploads\/2018\/08\/Sirius-Quartet.jpg?fit=1200%2C800&ssl=1&resize=1050%2C600 3x"},"classes":[]},{"id":33114,"url":"https:\/\/www.jazzzeitung.de\/cms\/2025\/09\/das-new-colours-festival-als-signal-der-hoffnung\/","url_meta":{"origin":28255,"position":4},"title":"Das New Colours Festival als Signal der Hoffnung","author":"Redaktion JazzZeitung","date":"23. September 2025","format":false,"excerpt":"(Text und Fotos: Stefan Pieper) Zw\u00f6lf Konzerte, vier Tage, zehn au\u00dfergew\u00f6hnliche Spielst\u00e4tten \u2013 und die Gewissheit, dass Jazz auch im vierten Jahr seines Bestehens weit mehr ist als nur Musik: Das New Colours Festival in Gelsenkirchen hat sich als kulturpolitisches Statement etabliert. Susanne Pohlen und Bernd Zimmermann haben sich von\u2026","rel":"","context":"In &quot;Bericht&quot;","block_context":{"text":"Bericht","link":"https:\/\/www.jazzzeitung.de\/cms\/thema\/bericht\/"},"img":{"alt_text":"","src":"https:\/\/i0.wp.com\/www.jazzzeitung.de\/cms\/wp-content\/uploads\/2025\/09\/Annika-Nilles-%40-New-Colours-Festival-scaled.jpg?fit=1200%2C800&ssl=1&resize=350%2C200","width":350,"height":200,"srcset":"https:\/\/i0.wp.com\/www.jazzzeitung.de\/cms\/wp-content\/uploads\/2025\/09\/Annika-Nilles-%40-New-Colours-Festival-scaled.jpg?fit=1200%2C800&ssl=1&resize=350%2C200 1x, https:\/\/i0.wp.com\/www.jazzzeitung.de\/cms\/wp-content\/uploads\/2025\/09\/Annika-Nilles-%40-New-Colours-Festival-scaled.jpg?fit=1200%2C800&ssl=1&resize=525%2C300 1.5x, https:\/\/i0.wp.com\/www.jazzzeitung.de\/cms\/wp-content\/uploads\/2025\/09\/Annika-Nilles-%40-New-Colours-Festival-scaled.jpg?fit=1200%2C800&ssl=1&resize=700%2C400 2x, https:\/\/i0.wp.com\/www.jazzzeitung.de\/cms\/wp-content\/uploads\/2025\/09\/Annika-Nilles-%40-New-Colours-Festival-scaled.jpg?fit=1200%2C800&ssl=1&resize=1050%2C600 3x"},"classes":[]},{"id":30325,"url":"https:\/\/www.jazzzeitung.de\/cms\/2023\/11\/transatlantisch-progressive-chamber-music-festival-2024-in-der-muenchner-milla\/","url_meta":{"origin":28255,"position":5},"title":"Transatlantisch: Progressive Chamber Music Festival 2024 in der M\u00fcnchner Milla","author":"Redaktion JazzZeitung","date":"21. November 2023","format":false,"excerpt":"Das \u201eProgressive Chamber Music Festival\u201c (PCMF) wird dieses Jahr zum sechsten Mal in der Milla stattfinden, am Mittwoch, 22. und Donnerstag, 23. November, Beginn jeweils um 20.00 Uhr. Kaum ein anderes Festival \u00fcberschreitet so stark die Grenzen zwischen Kammermusik, Jazz, Avantgarde, Folklore, Pop, Hip-Hop und anderer Genres zeitgen\u00f6ssischer Musik wie\u2026","rel":"","context":"In &quot;News&quot;","block_context":{"text":"News","link":"https:\/\/www.jazzzeitung.de\/cms\/thema\/nachrichten\/"},"img":{"alt_text":"","src":"https:\/\/i0.wp.com\/www.jazzzeitung.de\/cms\/wp-content\/uploads\/2023\/11\/Massachusetts-Photography-Studio-Musician-Headshots-Professional-Branding-Portrait-Photographer-Sirius-Quartet-1-copy-e1700567516824.jpg?fit=1200%2C920&ssl=1&resize=350%2C200","width":350,"height":200,"srcset":"https:\/\/i0.wp.com\/www.jazzzeitung.de\/cms\/wp-content\/uploads\/2023\/11\/Massachusetts-Photography-Studio-Musician-Headshots-Professional-Branding-Portrait-Photographer-Sirius-Quartet-1-copy-e1700567516824.jpg?fit=1200%2C920&ssl=1&resize=350%2C200 1x, https:\/\/i0.wp.com\/www.jazzzeitung.de\/cms\/wp-content\/uploads\/2023\/11\/Massachusetts-Photography-Studio-Musician-Headshots-Professional-Branding-Portrait-Photographer-Sirius-Quartet-1-copy-e1700567516824.jpg?fit=1200%2C920&ssl=1&resize=525%2C300 1.5x, https:\/\/i0.wp.com\/www.jazzzeitung.de\/cms\/wp-content\/uploads\/2023\/11\/Massachusetts-Photography-Studio-Musician-Headshots-Professional-Branding-Portrait-Photographer-Sirius-Quartet-1-copy-e1700567516824.jpg?fit=1200%2C920&ssl=1&resize=700%2C400 2x, https:\/\/i0.wp.com\/www.jazzzeitung.de\/cms\/wp-content\/uploads\/2023\/11\/Massachusetts-Photography-Studio-Musician-Headshots-Professional-Branding-Portrait-Photographer-Sirius-Quartet-1-copy-e1700567516824.jpg?fit=1200%2C920&ssl=1&resize=1050%2C600 3x"},"classes":[]}],"jetpack_sharing_enabled":true,"_links":{"self":[{"href":"https:\/\/www.jazzzeitung.de\/cms\/wp-json\/wp\/v2\/posts\/28255","targetHints":{"allow":["GET"]}}],"collection":[{"href":"https:\/\/www.jazzzeitung.de\/cms\/wp-json\/wp\/v2\/posts"}],"about":[{"href":"https:\/\/www.jazzzeitung.de\/cms\/wp-json\/wp\/v2\/types\/post"}],"author":[{"embeddable":true,"href":"https:\/\/www.jazzzeitung.de\/cms\/wp-json\/wp\/v2\/users\/18"}],"replies":[{"embeddable":true,"href":"https:\/\/www.jazzzeitung.de\/cms\/wp-json\/wp\/v2\/comments?post=28255"}],"version-history":[{"count":5,"href":"https:\/\/www.jazzzeitung.de\/cms\/wp-json\/wp\/v2\/posts\/28255\/revisions"}],"predecessor-version":[{"id":28264,"href":"https:\/\/www.jazzzeitung.de\/cms\/wp-json\/wp\/v2\/posts\/28255\/revisions\/28264"}],"wp:featuredmedia":[{"embeddable":true,"href":"https:\/\/www.jazzzeitung.de\/cms\/wp-json\/wp\/v2\/media\/28257"}],"wp:attachment":[{"href":"https:\/\/www.jazzzeitung.de\/cms\/wp-json\/wp\/v2\/media?parent=28255"}],"wp:term":[{"taxonomy":"category","embeddable":true,"href":"https:\/\/www.jazzzeitung.de\/cms\/wp-json\/wp\/v2\/categories?post=28255"},{"taxonomy":"post_tag","embeddable":true,"href":"https:\/\/www.jazzzeitung.de\/cms\/wp-json\/wp\/v2\/tags?post=28255"},{"taxonomy":"author","embeddable":true,"href":"https:\/\/www.jazzzeitung.de\/cms\/wp-json\/wp\/v2\/coauthors?post=28255"}],"curies":[{"name":"wp","href":"https:\/\/api.w.org\/{rel}","templated":true}]}}