{"id":28227,"date":"2022-08-26T12:30:12","date_gmt":"2022-08-26T10:30:12","guid":{"rendered":"https:\/\/www.jazzzeitung.de\/cms\/?p=28227"},"modified":"2022-08-26T12:26:23","modified_gmt":"2022-08-26T10:26:23","slug":"alchemist-des-schlagzeugs-zum-tod-von-fredy-studer","status":"publish","type":"post","link":"https:\/\/www.jazzzeitung.de\/cms\/2022\/08\/alchemist-des-schlagzeugs-zum-tod-von-fredy-studer\/","title":{"rendered":"Alchemist des Schlagzeugs \u2013 Zum Tod von Fredy Studer"},"content":{"rendered":"<p><strong>Die Meldung vom Tod des Schweizer Schlagzeugers Fredy Studer kam \u00fcberraschend. Er galt als &#8222;der&#8220; Schweizer Schlagzeuger, &#8222;Einer des besten&#8220;, wie es die Neue Z\u00fcrcher Zeitung auf den Punkt brachte. Mark Sattler, Dramaturg CONTEMPORARY bei Lucerne Festival, hat etliche Projekte mit ihm zusammen initiiert. F\u00fcr die JazzZeitung.de erinnert er sich an den Musiker und Freund Fredy Studer.<\/strong><\/p>\n<p>Luzern als Musikstadt: Bevor ich 1999 zu den Musikfestwochen kam, war die kleine Stadt am Vierwaldst\u00e4tter See f\u00fcr mich verbunden mit der Band OM und besonders Fredy Studer, den ich aus ECM-Zeiten kannte. Seit dem Beginn meiner Luzerner Arbeit in 1999 haben wir uns regelm\u00e4\u00dfig getroffen. Er hatte immer Ideen dabei. Einige haben wir umgesetzt, zum Beispiel das Hardcore Chambermusic Trio \u201eKoch-Sch\u00fctz-Studer\u201c zusammen gebracht mit Orchester. Thomas K. J. Mejer hat ein St\u00fcck daf\u00fcr geschrieben. Neben Meyer hat mich Fredy mit dem Schweizer Musiker und Komponisten Dieter Ammann bekannt gemacht. F\u00fcr das gleiche Konzert im Sommer 2002 hat Dieter Ammann das Orchesterwerk \u201eCore\u201c geschrieben und sich auf Material von Koch-Sch\u00fctz-Studer bezogen. Eine bis heute sehr fruchtbare Zusammenarbeit und Freundschaft mit Dieter ist entstanden. Dank Fredy!<\/p>\n<p>Dann folgte im Rahmen des Osterfestivals in der gro\u00dfen Jesuitenkirche ein \u201eMysterienspiel\u201c, das Koch-Sch\u00fctz-Studer zusammen mit dem Dichter und Performer Christian Uetz in einer licht-szenisch gewaltigen Umsetzung unseres gemeinsamen Freundes Beny von Moos herausbrachten.<\/p>\n<p>Unvergleichlich die Listening Sessions, Schallplattenh\u00f6ren bei Fredy bis in die Morgenstunden. Es lief immer hin und zur\u00fcck auf Jimi Hendrix (unser beider Lieblings-Musiker, Drummer Mitch Mitchell war f\u00fcr ihn sehr pr\u00e4gend), dazwischen Fredys Favorites von Jazz bis zeitgen\u00f6ssischer Musik.<\/p>\n<p>In sehr sch\u00f6ner Erinnerung auch das Treffen mit den Freunden und Musiker-Kollegen Robyn Schulkowsky und Joey Baron. Bitte h\u00f6rt ihre wundervolle Zusammenarbeit beim St\u00fcck \u201eArmadillo\u201c und lernt einen Fredy von einer ganz neuen Seite kennen.<\/p>\n<p>Besonders war ein Treffen im November 2014 im Sedel, einem ehemaligen Gef\u00e4ngnis auf einer Wiese vor den Toren von Luzern gelegen, heute Probe- und Konzertlokalit\u00e4t f\u00fcr die ganz wilde Luzerner Musikszene; Fredy besa\u00df dort seit 41 Jahren eine \u201e\u00dcbezelle\u201c. Fredy spielte sein Gretsch-Schlagzeug und seine hei\u00dfgeliebten Paiste-Becken und brachte uns mit seinen alchemistischen Schlagzeugkl\u00e4ngen und seinen Groove in Trance. Der amerikanische Komponist Tod Machover war mit dabei und hat Kl\u00e4nge von dieser Session in seiner \u201eA Symphony for Lucerne\u201c verwendet. Fredy spielte uns Material vor, das er auf einer Solo-Aufnahme verwirklichen wollte. Ein ganz gro\u00dfes Projekt f\u00fcr ihn. \u201eNow\u2019s the time\u201c ist als Doppel-LP 2018 herausgekommen: episch, lyrisch, groovig \u2013 in seiner Art kompromisslos \u2013 auf den Punkt, wie er immer sagte. Nicht nur Luzern ist durch seinen Tod \u00e4rmer geworden.<\/p>\n<p>&nbsp;<\/p>\n<p>Mark Sattler, Dramaturg CONTEMPORARY bei Lucerne Festival<\/p>\n<p>Beitragsbild Fredy Studer: Susanne van Loon<\/p>\n<p>Link zum Trailer \u201cNows the time\u201d<\/p>\n<p><a href=\"https:\/\/www.fredystuder.ch\/solo\/solo.html\">Fredy Studer &#8211; Drums\/Percussion &#8211; solo<\/a><\/p>\n","protected":false},"excerpt":{"rendered":"<p>Die Meldung vom Tod des Schweizer Schlagzeugers Fredy Studer kam \u00fcberraschend. Er galt als &#8222;der&#8220; Schweizer Schlagzeuger, &#8222;Einer des besten&#8220;, wie es die Neue Z\u00fcrcher Zeitung auf den Punkt brachte. Mark Sattler, Dramaturg CONTEMPORARY bei Lucerne Festival, hat etliche Projekte mit ihm zusammen initiiert. F\u00fcr die JazzZeitung.de erinnert er sich an den Musiker und Freund Fredy Studer. Luzern als Musikstadt: Bevor ich 1999 zu den Musikfestwochen kam, war die kleine Stadt am Vierwaldst\u00e4tter See f\u00fcr mich verbunden mit der Band OM und besonders Fredy Studer, den ich aus ECM-Zeiten kannte. Seit dem Beginn meiner Luzerner Arbeit in 1999 haben wir uns regelm\u00e4\u00dfig getroffen. Er hatte immer Ideen dabei. Einige haben wir umgesetzt, zum Beispiel das Hardcore Chambermusic Trio \u201eKoch-Sch\u00fctz-Studer\u201c zusammen gebracht mit Orchester. Thomas K. J. Mejer hat ein St\u00fcck daf\u00fcr geschrieben. Neben Meyer hat mich Fredy mit dem Schweizer Musiker und Komponisten Dieter Ammann bekannt gemacht. F\u00fcr das gleiche Konzert im Sommer 2002 hat Dieter Ammann das Orchesterwerk \u201eCore\u201c geschrieben und sich auf Material von Koch-Sch\u00fctz-Studer bezogen. Eine bis heute sehr fruchtbare Zusammenarbeit und Freundschaft mit Dieter ist entstanden. Dank Fredy! Dann folgte im &hellip;<\/p>\n","protected":false},"author":18,"featured_media":28232,"comment_status":"open","ping_status":"closed","sticky":false,"template":"","format":"standard","meta":{"_jetpack_memberships_contains_paid_content":false,"footnotes":"","jetpack_publicize_message":"","jetpack_publicize_feature_enabled":true,"jetpack_social_post_already_shared":false,"jetpack_social_options":{"image_generator_settings":{"template":"highway","default_image_id":0,"font":"","enabled":false},"version":2}},"categories":[633,1063],"tags":[4280,4281,4282],"coauthors":[695],"class_list":["post-28227","post","type-post","status-publish","format-standard","has-post-thumbnail","hentry","category-nachrichten","category-portrait","tag-fredy-studer","tag-jimi-hendrix","tag-lucerne-festival"],"yoast_head":"<!-- This site is optimized with the Yoast SEO plugin v27.5 - https:\/\/yoast.com\/product\/yoast-seo-wordpress\/ -->\n<title>Alchemist des Schlagzeugs \u2013 Zum Tod von Fredy Studer - JazzZeitung<\/title>\n<meta name=\"robots\" content=\"index, follow, max-snippet:-1, max-image-preview:large, max-video-preview:-1\" \/>\n<link rel=\"canonical\" href=\"https:\/\/www.jazzzeitung.de\/cms\/2022\/08\/alchemist-des-schlagzeugs-zum-tod-von-fredy-studer\/\" \/>\n<meta property=\"og:locale\" content=\"de_DE\" \/>\n<meta property=\"og:type\" content=\"article\" \/>\n<meta property=\"og:title\" content=\"Alchemist des Schlagzeugs \u2013 Zum Tod von Fredy Studer - JazzZeitung\" \/>\n<meta property=\"og:description\" content=\"Die Meldung vom Tod des Schweizer Schlagzeugers Fredy Studer kam \u00fcberraschend. Er galt als &#8222;der&#8220; Schweizer Schlagzeuger, &#8222;Einer des besten&#8220;, wie es die Neue Z\u00fcrcher Zeitung auf den Punkt brachte. Mark Sattler, Dramaturg CONTEMPORARY bei Lucerne Festival, hat etliche Projekte mit ihm zusammen initiiert. F\u00fcr die JazzZeitung.de erinnert er sich an den Musiker und Freund Fredy Studer. Luzern als Musikstadt: Bevor ich 1999 zu den Musikfestwochen kam, war die kleine Stadt am Vierwaldst\u00e4tter See f\u00fcr mich verbunden mit der Band OM und besonders Fredy Studer, den ich aus ECM-Zeiten kannte. Seit dem Beginn meiner Luzerner Arbeit in 1999 haben wir uns regelm\u00e4\u00dfig getroffen. Er hatte immer Ideen dabei. Einige haben wir umgesetzt, zum Beispiel das Hardcore Chambermusic Trio \u201eKoch-Sch\u00fctz-Studer\u201c zusammen gebracht mit Orchester. Thomas K. J. Mejer hat ein St\u00fcck daf\u00fcr geschrieben. Neben Meyer hat mich Fredy mit dem Schweizer Musiker und Komponisten Dieter Ammann bekannt gemacht. F\u00fcr das gleiche Konzert im Sommer 2002 hat Dieter Ammann das Orchesterwerk \u201eCore\u201c geschrieben und sich auf Material von Koch-Sch\u00fctz-Studer bezogen. Eine bis heute sehr fruchtbare Zusammenarbeit und Freundschaft mit Dieter ist entstanden. Dank Fredy! Dann folgte im &hellip;\" \/>\n<meta property=\"og:url\" content=\"https:\/\/www.jazzzeitung.de\/cms\/2022\/08\/alchemist-des-schlagzeugs-zum-tod-von-fredy-studer\/\" \/>\n<meta property=\"og:site_name\" content=\"JazzZeitung\" \/>\n<meta property=\"article:publisher\" content=\"https:\/\/www.facebook.com\/JazzZeitung\/\" \/>\n<meta property=\"article:published_time\" content=\"2022-08-26T10:30:12+00:00\" \/>\n<meta property=\"og:image\" content=\"https:\/\/i0.wp.com\/www.jazzzeitung.de\/cms\/wp-content\/uploads\/2022\/08\/DSC_3810-scaled.jpg?fit=2560%2C1703&ssl=1\" \/>\n\t<meta property=\"og:image:width\" content=\"2560\" \/>\n\t<meta property=\"og:image:height\" content=\"1703\" \/>\n\t<meta property=\"og:image:type\" content=\"image\/jpeg\" \/>\n<meta name=\"author\" content=\"Redaktion JazzZeitung\" \/>\n<script type=\"application\/ld+json\" class=\"yoast-schema-graph\">{\"@context\":\"https:\\\/\\\/schema.org\",\"@graph\":[{\"@type\":\"Article\",\"@id\":\"https:\\\/\\\/www.jazzzeitung.de\\\/cms\\\/2022\\\/08\\\/alchemist-des-schlagzeugs-zum-tod-von-fredy-studer\\\/#article\",\"isPartOf\":{\"@id\":\"https:\\\/\\\/www.jazzzeitung.de\\\/cms\\\/2022\\\/08\\\/alchemist-des-schlagzeugs-zum-tod-von-fredy-studer\\\/\"},\"author\":{\"name\":\"Redaktion JazzZeitung\",\"@id\":\"https:\\\/\\\/www.jazzzeitung.de\\\/cms\\\/#\\\/schema\\\/person\\\/2245b36b9cd1d24cea10f01c031fb92b\"},\"headline\":\"Alchemist des Schlagzeugs \u2013 Zum Tod von Fredy Studer\",\"datePublished\":\"2022-08-26T10:30:12+00:00\",\"mainEntityOfPage\":{\"@id\":\"https:\\\/\\\/www.jazzzeitung.de\\\/cms\\\/2022\\\/08\\\/alchemist-des-schlagzeugs-zum-tod-von-fredy-studer\\\/\"},\"wordCount\":478,\"commentCount\":0,\"publisher\":{\"@id\":\"https:\\\/\\\/www.jazzzeitung.de\\\/cms\\\/#organization\"},\"image\":{\"@id\":\"https:\\\/\\\/www.jazzzeitung.de\\\/cms\\\/2022\\\/08\\\/alchemist-des-schlagzeugs-zum-tod-von-fredy-studer\\\/#primaryimage\"},\"thumbnailUrl\":\"https:\\\/\\\/i0.wp.com\\\/www.jazzzeitung.de\\\/cms\\\/wp-content\\\/uploads\\\/2022\\\/08\\\/DSC_3810-scaled.jpg?fit=2560%2C1703&ssl=1\",\"keywords\":[\"Fredy Studer\",\"Jimi Hendrix\",\"Lucerne Festival\"],\"articleSection\":[\"News\",\"Portrait\"],\"inLanguage\":\"de\",\"potentialAction\":[{\"@type\":\"CommentAction\",\"name\":\"Comment\",\"target\":[\"https:\\\/\\\/www.jazzzeitung.de\\\/cms\\\/2022\\\/08\\\/alchemist-des-schlagzeugs-zum-tod-von-fredy-studer\\\/#respond\"]}]},{\"@type\":\"WebPage\",\"@id\":\"https:\\\/\\\/www.jazzzeitung.de\\\/cms\\\/2022\\\/08\\\/alchemist-des-schlagzeugs-zum-tod-von-fredy-studer\\\/\",\"url\":\"https:\\\/\\\/www.jazzzeitung.de\\\/cms\\\/2022\\\/08\\\/alchemist-des-schlagzeugs-zum-tod-von-fredy-studer\\\/\",\"name\":\"Alchemist des Schlagzeugs \u2013 Zum Tod von Fredy Studer - JazzZeitung\",\"isPartOf\":{\"@id\":\"https:\\\/\\\/www.jazzzeitung.de\\\/cms\\\/#website\"},\"primaryImageOfPage\":{\"@id\":\"https:\\\/\\\/www.jazzzeitung.de\\\/cms\\\/2022\\\/08\\\/alchemist-des-schlagzeugs-zum-tod-von-fredy-studer\\\/#primaryimage\"},\"image\":{\"@id\":\"https:\\\/\\\/www.jazzzeitung.de\\\/cms\\\/2022\\\/08\\\/alchemist-des-schlagzeugs-zum-tod-von-fredy-studer\\\/#primaryimage\"},\"thumbnailUrl\":\"https:\\\/\\\/i0.wp.com\\\/www.jazzzeitung.de\\\/cms\\\/wp-content\\\/uploads\\\/2022\\\/08\\\/DSC_3810-scaled.jpg?fit=2560%2C1703&ssl=1\",\"datePublished\":\"2022-08-26T10:30:12+00:00\",\"breadcrumb\":{\"@id\":\"https:\\\/\\\/www.jazzzeitung.de\\\/cms\\\/2022\\\/08\\\/alchemist-des-schlagzeugs-zum-tod-von-fredy-studer\\\/#breadcrumb\"},\"inLanguage\":\"de\",\"potentialAction\":[{\"@type\":\"ReadAction\",\"target\":[\"https:\\\/\\\/www.jazzzeitung.de\\\/cms\\\/2022\\\/08\\\/alchemist-des-schlagzeugs-zum-tod-von-fredy-studer\\\/\"]}]},{\"@type\":\"ImageObject\",\"inLanguage\":\"de\",\"@id\":\"https:\\\/\\\/www.jazzzeitung.de\\\/cms\\\/2022\\\/08\\\/alchemist-des-schlagzeugs-zum-tod-von-fredy-studer\\\/#primaryimage\",\"url\":\"https:\\\/\\\/i0.wp.com\\\/www.jazzzeitung.de\\\/cms\\\/wp-content\\\/uploads\\\/2022\\\/08\\\/DSC_3810-scaled.jpg?fit=2560%2C1703&ssl=1\",\"contentUrl\":\"https:\\\/\\\/i0.wp.com\\\/www.jazzzeitung.de\\\/cms\\\/wp-content\\\/uploads\\\/2022\\\/08\\\/DSC_3810-scaled.jpg?fit=2560%2C1703&ssl=1\",\"width\":2560,\"height\":1703},{\"@type\":\"BreadcrumbList\",\"@id\":\"https:\\\/\\\/www.jazzzeitung.de\\\/cms\\\/2022\\\/08\\\/alchemist-des-schlagzeugs-zum-tod-von-fredy-studer\\\/#breadcrumb\",\"itemListElement\":[{\"@type\":\"ListItem\",\"position\":1,\"name\":\"Startseite\",\"item\":\"https:\\\/\\\/www.jazzzeitung.de\\\/cms\\\/\"},{\"@type\":\"ListItem\",\"position\":2,\"name\":\"Alchemist des Schlagzeugs \u2013 Zum Tod von Fredy Studer\"}]},{\"@type\":\"WebSite\",\"@id\":\"https:\\\/\\\/www.jazzzeitung.de\\\/cms\\\/#website\",\"url\":\"https:\\\/\\\/www.jazzzeitung.de\\\/cms\\\/\",\"name\":\"JazzZeitung\",\"description\":\"Jazz-News und Jazz-Kontroverses\",\"publisher\":{\"@id\":\"https:\\\/\\\/www.jazzzeitung.de\\\/cms\\\/#organization\"},\"potentialAction\":[{\"@type\":\"SearchAction\",\"target\":{\"@type\":\"EntryPoint\",\"urlTemplate\":\"https:\\\/\\\/www.jazzzeitung.de\\\/cms\\\/?s={search_term_string}\"},\"query-input\":{\"@type\":\"PropertyValueSpecification\",\"valueRequired\":true,\"valueName\":\"search_term_string\"}}],\"inLanguage\":\"de\"},{\"@type\":\"Organization\",\"@id\":\"https:\\\/\\\/www.jazzzeitung.de\\\/cms\\\/#organization\",\"name\":\"JazzZeitung online\",\"url\":\"https:\\\/\\\/www.jazzzeitung.de\\\/cms\\\/\",\"logo\":{\"@type\":\"ImageObject\",\"inLanguage\":\"de\",\"@id\":\"https:\\\/\\\/www.jazzzeitung.de\\\/cms\\\/#\\\/schema\\\/logo\\\/image\\\/\",\"url\":\"https:\\\/\\\/i0.wp.com\\\/www.jazzzeitung.de\\\/cms\\\/wp-content\\\/uploads\\\/2015\\\/08\\\/JAZZZEITUNGDE_Logo_Neu.png?fit=499%2C200&ssl=1\",\"contentUrl\":\"https:\\\/\\\/i0.wp.com\\\/www.jazzzeitung.de\\\/cms\\\/wp-content\\\/uploads\\\/2015\\\/08\\\/JAZZZEITUNGDE_Logo_Neu.png?fit=499%2C200&ssl=1\",\"width\":499,\"height\":200,\"caption\":\"JazzZeitung online\"},\"image\":{\"@id\":\"https:\\\/\\\/www.jazzzeitung.de\\\/cms\\\/#\\\/schema\\\/logo\\\/image\\\/\"},\"sameAs\":[\"https:\\\/\\\/www.facebook.com\\\/JazzZeitung\\\/\"]},{\"@type\":\"Person\",\"@id\":\"https:\\\/\\\/www.jazzzeitung.de\\\/cms\\\/#\\\/schema\\\/person\\\/2245b36b9cd1d24cea10f01c031fb92b\",\"name\":\"Redaktion JazzZeitung\",\"image\":{\"@type\":\"ImageObject\",\"inLanguage\":\"de\",\"@id\":\"https:\\\/\\\/i0.wp.com\\\/www.jazzzeitung.de\\\/cms\\\/wp-content\\\/uploads\\\/2015\\\/08\\\/JAZZZEITUNGDE_Logo_Neu.png?resize=96%2C96&ssl=159975dcacb611b5700bd619b5daf0a7a\",\"url\":\"https:\\\/\\\/i0.wp.com\\\/www.jazzzeitung.de\\\/cms\\\/wp-content\\\/uploads\\\/2015\\\/08\\\/JAZZZEITUNGDE_Logo_Neu.png?resize=96%2C96&ssl=1\",\"contentUrl\":\"https:\\\/\\\/i0.wp.com\\\/www.jazzzeitung.de\\\/cms\\\/wp-content\\\/uploads\\\/2015\\\/08\\\/JAZZZEITUNGDE_Logo_Neu.png?resize=96%2C96&ssl=1\",\"caption\":\"Redaktion JazzZeitung\"},\"description\":\"Artikel der Redaktion der JazzZeitung.\",\"sameAs\":[\"http:\\\/\\\/www.jazzzeitung.de\\\/cms\\\/\"],\"url\":\"https:\\\/\\\/www.jazzzeitung.de\\\/cms\\\/author\\\/redaktion\\\/\"}]}<\/script>\n<!-- \/ Yoast SEO plugin. -->","yoast_head_json":{"title":"Alchemist des Schlagzeugs \u2013 Zum Tod von Fredy Studer - JazzZeitung","robots":{"index":"index","follow":"follow","max-snippet":"max-snippet:-1","max-image-preview":"max-image-preview:large","max-video-preview":"max-video-preview:-1"},"canonical":"https:\/\/www.jazzzeitung.de\/cms\/2022\/08\/alchemist-des-schlagzeugs-zum-tod-von-fredy-studer\/","og_locale":"de_DE","og_type":"article","og_title":"Alchemist des Schlagzeugs \u2013 Zum Tod von Fredy Studer - JazzZeitung","og_description":"Die Meldung vom Tod des Schweizer Schlagzeugers Fredy Studer kam \u00fcberraschend. Er galt als &#8222;der&#8220; Schweizer Schlagzeuger, &#8222;Einer des besten&#8220;, wie es die Neue Z\u00fcrcher Zeitung auf den Punkt brachte. Mark Sattler, Dramaturg CONTEMPORARY bei Lucerne Festival, hat etliche Projekte mit ihm zusammen initiiert. F\u00fcr die JazzZeitung.de erinnert er sich an den Musiker und Freund Fredy Studer. Luzern als Musikstadt: Bevor ich 1999 zu den Musikfestwochen kam, war die kleine Stadt am Vierwaldst\u00e4tter See f\u00fcr mich verbunden mit der Band OM und besonders Fredy Studer, den ich aus ECM-Zeiten kannte. Seit dem Beginn meiner Luzerner Arbeit in 1999 haben wir uns regelm\u00e4\u00dfig getroffen. Er hatte immer Ideen dabei. Einige haben wir umgesetzt, zum Beispiel das Hardcore Chambermusic Trio \u201eKoch-Sch\u00fctz-Studer\u201c zusammen gebracht mit Orchester. Thomas K. J. Mejer hat ein St\u00fcck daf\u00fcr geschrieben. Neben Meyer hat mich Fredy mit dem Schweizer Musiker und Komponisten Dieter Ammann bekannt gemacht. F\u00fcr das gleiche Konzert im Sommer 2002 hat Dieter Ammann das Orchesterwerk \u201eCore\u201c geschrieben und sich auf Material von Koch-Sch\u00fctz-Studer bezogen. Eine bis heute sehr fruchtbare Zusammenarbeit und Freundschaft mit Dieter ist entstanden. Dank Fredy! Dann folgte im &hellip;","og_url":"https:\/\/www.jazzzeitung.de\/cms\/2022\/08\/alchemist-des-schlagzeugs-zum-tod-von-fredy-studer\/","og_site_name":"JazzZeitung","article_publisher":"https:\/\/www.facebook.com\/JazzZeitung\/","article_published_time":"2022-08-26T10:30:12+00:00","og_image":[{"width":2560,"height":1703,"url":"https:\/\/i0.wp.com\/www.jazzzeitung.de\/cms\/wp-content\/uploads\/2022\/08\/DSC_3810-scaled.jpg?fit=2560%2C1703&ssl=1","type":"image\/jpeg"}],"author":"Redaktion JazzZeitung","schema":{"@context":"https:\/\/schema.org","@graph":[{"@type":"Article","@id":"https:\/\/www.jazzzeitung.de\/cms\/2022\/08\/alchemist-des-schlagzeugs-zum-tod-von-fredy-studer\/#article","isPartOf":{"@id":"https:\/\/www.jazzzeitung.de\/cms\/2022\/08\/alchemist-des-schlagzeugs-zum-tod-von-fredy-studer\/"},"author":{"name":"Redaktion JazzZeitung","@id":"https:\/\/www.jazzzeitung.de\/cms\/#\/schema\/person\/2245b36b9cd1d24cea10f01c031fb92b"},"headline":"Alchemist des Schlagzeugs \u2013 Zum Tod von Fredy Studer","datePublished":"2022-08-26T10:30:12+00:00","mainEntityOfPage":{"@id":"https:\/\/www.jazzzeitung.de\/cms\/2022\/08\/alchemist-des-schlagzeugs-zum-tod-von-fredy-studer\/"},"wordCount":478,"commentCount":0,"publisher":{"@id":"https:\/\/www.jazzzeitung.de\/cms\/#organization"},"image":{"@id":"https:\/\/www.jazzzeitung.de\/cms\/2022\/08\/alchemist-des-schlagzeugs-zum-tod-von-fredy-studer\/#primaryimage"},"thumbnailUrl":"https:\/\/i0.wp.com\/www.jazzzeitung.de\/cms\/wp-content\/uploads\/2022\/08\/DSC_3810-scaled.jpg?fit=2560%2C1703&ssl=1","keywords":["Fredy Studer","Jimi Hendrix","Lucerne Festival"],"articleSection":["News","Portrait"],"inLanguage":"de","potentialAction":[{"@type":"CommentAction","name":"Comment","target":["https:\/\/www.jazzzeitung.de\/cms\/2022\/08\/alchemist-des-schlagzeugs-zum-tod-von-fredy-studer\/#respond"]}]},{"@type":"WebPage","@id":"https:\/\/www.jazzzeitung.de\/cms\/2022\/08\/alchemist-des-schlagzeugs-zum-tod-von-fredy-studer\/","url":"https:\/\/www.jazzzeitung.de\/cms\/2022\/08\/alchemist-des-schlagzeugs-zum-tod-von-fredy-studer\/","name":"Alchemist des Schlagzeugs \u2013 Zum Tod von Fredy Studer - JazzZeitung","isPartOf":{"@id":"https:\/\/www.jazzzeitung.de\/cms\/#website"},"primaryImageOfPage":{"@id":"https:\/\/www.jazzzeitung.de\/cms\/2022\/08\/alchemist-des-schlagzeugs-zum-tod-von-fredy-studer\/#primaryimage"},"image":{"@id":"https:\/\/www.jazzzeitung.de\/cms\/2022\/08\/alchemist-des-schlagzeugs-zum-tod-von-fredy-studer\/#primaryimage"},"thumbnailUrl":"https:\/\/i0.wp.com\/www.jazzzeitung.de\/cms\/wp-content\/uploads\/2022\/08\/DSC_3810-scaled.jpg?fit=2560%2C1703&ssl=1","datePublished":"2022-08-26T10:30:12+00:00","breadcrumb":{"@id":"https:\/\/www.jazzzeitung.de\/cms\/2022\/08\/alchemist-des-schlagzeugs-zum-tod-von-fredy-studer\/#breadcrumb"},"inLanguage":"de","potentialAction":[{"@type":"ReadAction","target":["https:\/\/www.jazzzeitung.de\/cms\/2022\/08\/alchemist-des-schlagzeugs-zum-tod-von-fredy-studer\/"]}]},{"@type":"ImageObject","inLanguage":"de","@id":"https:\/\/www.jazzzeitung.de\/cms\/2022\/08\/alchemist-des-schlagzeugs-zum-tod-von-fredy-studer\/#primaryimage","url":"https:\/\/i0.wp.com\/www.jazzzeitung.de\/cms\/wp-content\/uploads\/2022\/08\/DSC_3810-scaled.jpg?fit=2560%2C1703&ssl=1","contentUrl":"https:\/\/i0.wp.com\/www.jazzzeitung.de\/cms\/wp-content\/uploads\/2022\/08\/DSC_3810-scaled.jpg?fit=2560%2C1703&ssl=1","width":2560,"height":1703},{"@type":"BreadcrumbList","@id":"https:\/\/www.jazzzeitung.de\/cms\/2022\/08\/alchemist-des-schlagzeugs-zum-tod-von-fredy-studer\/#breadcrumb","itemListElement":[{"@type":"ListItem","position":1,"name":"Startseite","item":"https:\/\/www.jazzzeitung.de\/cms\/"},{"@type":"ListItem","position":2,"name":"Alchemist des Schlagzeugs \u2013 Zum Tod von Fredy Studer"}]},{"@type":"WebSite","@id":"https:\/\/www.jazzzeitung.de\/cms\/#website","url":"https:\/\/www.jazzzeitung.de\/cms\/","name":"JazzZeitung","description":"Jazz-News und Jazz-Kontroverses","publisher":{"@id":"https:\/\/www.jazzzeitung.de\/cms\/#organization"},"potentialAction":[{"@type":"SearchAction","target":{"@type":"EntryPoint","urlTemplate":"https:\/\/www.jazzzeitung.de\/cms\/?s={search_term_string}"},"query-input":{"@type":"PropertyValueSpecification","valueRequired":true,"valueName":"search_term_string"}}],"inLanguage":"de"},{"@type":"Organization","@id":"https:\/\/www.jazzzeitung.de\/cms\/#organization","name":"JazzZeitung online","url":"https:\/\/www.jazzzeitung.de\/cms\/","logo":{"@type":"ImageObject","inLanguage":"de","@id":"https:\/\/www.jazzzeitung.de\/cms\/#\/schema\/logo\/image\/","url":"https:\/\/i0.wp.com\/www.jazzzeitung.de\/cms\/wp-content\/uploads\/2015\/08\/JAZZZEITUNGDE_Logo_Neu.png?fit=499%2C200&ssl=1","contentUrl":"https:\/\/i0.wp.com\/www.jazzzeitung.de\/cms\/wp-content\/uploads\/2015\/08\/JAZZZEITUNGDE_Logo_Neu.png?fit=499%2C200&ssl=1","width":499,"height":200,"caption":"JazzZeitung online"},"image":{"@id":"https:\/\/www.jazzzeitung.de\/cms\/#\/schema\/logo\/image\/"},"sameAs":["https:\/\/www.facebook.com\/JazzZeitung\/"]},{"@type":"Person","@id":"https:\/\/www.jazzzeitung.de\/cms\/#\/schema\/person\/2245b36b9cd1d24cea10f01c031fb92b","name":"Redaktion JazzZeitung","image":{"@type":"ImageObject","inLanguage":"de","@id":"https:\/\/i0.wp.com\/www.jazzzeitung.de\/cms\/wp-content\/uploads\/2015\/08\/JAZZZEITUNGDE_Logo_Neu.png?resize=96%2C96&ssl=159975dcacb611b5700bd619b5daf0a7a","url":"https:\/\/i0.wp.com\/www.jazzzeitung.de\/cms\/wp-content\/uploads\/2015\/08\/JAZZZEITUNGDE_Logo_Neu.png?resize=96%2C96&ssl=1","contentUrl":"https:\/\/i0.wp.com\/www.jazzzeitung.de\/cms\/wp-content\/uploads\/2015\/08\/JAZZZEITUNGDE_Logo_Neu.png?resize=96%2C96&ssl=1","caption":"Redaktion JazzZeitung"},"description":"Artikel der Redaktion der JazzZeitung.","sameAs":["http:\/\/www.jazzzeitung.de\/cms\/"],"url":"https:\/\/www.jazzzeitung.de\/cms\/author\/redaktion\/"}]}},"wp-worthy-pixel":{"ignored":false,"public":null,"server":null,"url":null},"wp-worthy-type":"normal","jetpack_publicize_connections":[],"cc_featured_image_caption":{"caption_text":"","source_text":"","source_url":""},"jetpack_featured_media_url":"https:\/\/i0.wp.com\/www.jazzzeitung.de\/cms\/wp-content\/uploads\/2022\/08\/DSC_3810-scaled.jpg?fit=2560%2C1703&ssl=1","jetpack_shortlink":"https:\/\/wp.me\/p3KEcT-7lh","jetpack-related-posts":[{"id":28492,"url":"https:\/\/www.jazzzeitung.de\/cms\/2022\/10\/stumme-schreie-und-zirpende-froesche-das-jubilaeumsalbum-von-om-50\/","url_meta":{"origin":28227,"position":0},"title":"Stumme Schreie und zirpende Fr\u00f6sche \u2013 Das Jubil\u00e4umsalbum von OM 50","author":"Michael Scheiner","date":"19. Oktober 2022","format":false,"excerpt":"Im tr\u00fcben Schneeregen sitzen drei auf einer Leitplanke, der vierte steht daneben und streckt einen alten Schirm hoch. Das Bild auf der Homepage vom OM ist ein Signal, ein \u201eOMen\u201c f\u00fcr die Best\u00e4ndigkeit und gemeinsame Energie, die es der Band erm\u00f6glicht, heuer das 50-j\u00e4hrige Bestehen mit einem neuen Album zu\u2026","rel":"","context":"In &quot;Rezension&quot;","block_context":{"text":"Rezension","link":"https:\/\/www.jazzzeitung.de\/cms\/thema\/rezension\/"},"img":{"alt_text":"","src":"https:\/\/i0.wp.com\/www.jazzzeitung.de\/cms\/wp-content\/uploads\/2022\/10\/OM-cover_388.jpg?fit=1181%2C1181&ssl=1&resize=350%2C200","width":350,"height":200,"srcset":"https:\/\/i0.wp.com\/www.jazzzeitung.de\/cms\/wp-content\/uploads\/2022\/10\/OM-cover_388.jpg?fit=1181%2C1181&ssl=1&resize=350%2C200 1x, https:\/\/i0.wp.com\/www.jazzzeitung.de\/cms\/wp-content\/uploads\/2022\/10\/OM-cover_388.jpg?fit=1181%2C1181&ssl=1&resize=525%2C300 1.5x, https:\/\/i0.wp.com\/www.jazzzeitung.de\/cms\/wp-content\/uploads\/2022\/10\/OM-cover_388.jpg?fit=1181%2C1181&ssl=1&resize=700%2C400 2x, https:\/\/i0.wp.com\/www.jazzzeitung.de\/cms\/wp-content\/uploads\/2022\/10\/OM-cover_388.jpg?fit=1181%2C1181&ssl=1&resize=1050%2C600 3x"},"classes":[]},{"id":28719,"url":"https:\/\/www.jazzzeitung.de\/cms\/2022\/11\/wuchtige-grooves-stille-momente-kultband-om-im-jazzclub-leerer-beutel\/","url_meta":{"origin":28227,"position":1},"title":"Wuchtige Grooves, stille Momente: Kultband OM im Jazzclub Leerer Beutel","author":"Michael Scheiner","date":"30. November 2022","format":false,"excerpt":"P-M-F\/B, der Titel ist so r\u00e4tselhaft, wie vieldeutig. Mit diesem m\u00e4chtig groovenden St\u00fcck aus ihrem neuen Album \u201eOM 50\u201c fallen die vier Musiker der schweizerischen Kultband beim Jazzclub in Regensburg mit der T\u00fcr ins Haus. Unnachgiebig jagt Bobby Burri mit dem Plektron \u00fcber die Saiten des Kontrabasses, nicht weniger straff\u2026","rel":"","context":"In &quot;Rezension&quot;","block_context":{"text":"Rezension","link":"https:\/\/www.jazzzeitung.de\/cms\/thema\/rezension\/"},"img":{"alt_text":"","src":"https:\/\/i0.wp.com\/www.jazzzeitung.de\/cms\/wp-content\/uploads\/2022\/11\/om-studer_97.jpg?fit=1200%2C769&ssl=1&resize=350%2C200","width":350,"height":200,"srcset":"https:\/\/i0.wp.com\/www.jazzzeitung.de\/cms\/wp-content\/uploads\/2022\/11\/om-studer_97.jpg?fit=1200%2C769&ssl=1&resize=350%2C200 1x, https:\/\/i0.wp.com\/www.jazzzeitung.de\/cms\/wp-content\/uploads\/2022\/11\/om-studer_97.jpg?fit=1200%2C769&ssl=1&resize=525%2C300 1.5x, https:\/\/i0.wp.com\/www.jazzzeitung.de\/cms\/wp-content\/uploads\/2022\/11\/om-studer_97.jpg?fit=1200%2C769&ssl=1&resize=700%2C400 2x, https:\/\/i0.wp.com\/www.jazzzeitung.de\/cms\/wp-content\/uploads\/2022\/11\/om-studer_97.jpg?fit=1200%2C769&ssl=1&resize=1050%2C600 3x"},"classes":[]},{"id":8483,"url":"https:\/\/www.jazzzeitung.de\/cms\/2016\/02\/8483\/","url_meta":{"origin":28227,"position":2},"title":"Jimi Hendrix &#8211; revisited","author":"Redaktion JazzZeitung","date":"22. Februar 2016","format":false,"excerpt":"\u201eInspired by legends\u201c nennt sich das Motto des BMW Welt Jazz Award 2016. Gestern hie\u00df die Legende Jimi Hendrix, und inspirieren lie\u00dfen sich vier Vollblut-Jazzer: Christy Doran (git), Erika Stucky (voice und performance), Fredy Studer (dr) und Jamaaladeen Tacuma (b). Das Konzept dieses Hendrix Programms aus der Feder von Doran\u2026","rel":"","context":"In &quot;Galerie&quot;","block_context":{"text":"Galerie","link":"https:\/\/www.jazzzeitung.de\/cms\/thema\/galerie\/"},"img":{"alt_text":"","src":"https:\/\/i0.wp.com\/www.jazzzeitung.de\/cms\/wp-content\/uploads\/2016\/02\/11-BMW-Welt_Erika-Stucky_Foto-van-Loon.jpg?resize=350%2C200","width":350,"height":200,"srcset":"https:\/\/i0.wp.com\/www.jazzzeitung.de\/cms\/wp-content\/uploads\/2016\/02\/11-BMW-Welt_Erika-Stucky_Foto-van-Loon.jpg?resize=350%2C200 1x, https:\/\/i0.wp.com\/www.jazzzeitung.de\/cms\/wp-content\/uploads\/2016\/02\/11-BMW-Welt_Erika-Stucky_Foto-van-Loon.jpg?resize=525%2C300 1.5x, https:\/\/i0.wp.com\/www.jazzzeitung.de\/cms\/wp-content\/uploads\/2016\/02\/11-BMW-Welt_Erika-Stucky_Foto-van-Loon.jpg?resize=700%2C400 2x, https:\/\/i0.wp.com\/www.jazzzeitung.de\/cms\/wp-content\/uploads\/2016\/02\/11-BMW-Welt_Erika-Stucky_Foto-van-Loon.jpg?resize=1050%2C600 3x, https:\/\/i0.wp.com\/www.jazzzeitung.de\/cms\/wp-content\/uploads\/2016\/02\/11-BMW-Welt_Erika-Stucky_Foto-van-Loon.jpg?resize=1400%2C800 4x"},"classes":[]},{"id":20861,"url":"https:\/\/www.jazzzeitung.de\/cms\/2019\/10\/furioses-fuer-144-saiten-plus-drumset-neue-cd-von-christy-doran\/","url_meta":{"origin":28227,"position":3},"title":"Furioses f\u00fcr 144 Saiten plus Drumset &#8211; neue CD von Christy Doran","author":"Michael Scheiner","date":"10. Oktober 2019","format":false,"excerpt":"Seit Jahrzehnten versorgt der irisch-schweizerische Gitarrist Christy Doran eine treue Fangemeinde stetig mit neuen Ideen und musikalischen \u00dcberraschungen. Bands wie New Bag, Sound Fountain oder Bunter Hund existieren teilweise als Langzeitprojekte bis heute. Seine Partner und Mitmusiker sucht er sich danach aus, wie er sich mit ihnen in einen ekstatischen\u2026","rel":"","context":"In &quot;Rezension&quot;","block_context":{"text":"Rezension","link":"https:\/\/www.jazzzeitung.de\/cms\/thema\/rezension\/"},"img":{"alt_text":"","src":"https:\/\/i0.wp.com\/www.jazzzeitung.de\/cms\/wp-content\/uploads\/2019\/10\/Doran-christy_51.jpeg?fit=567%2C378&ssl=1&resize=350%2C200","width":350,"height":200,"srcset":"https:\/\/i0.wp.com\/www.jazzzeitung.de\/cms\/wp-content\/uploads\/2019\/10\/Doran-christy_51.jpeg?fit=567%2C378&ssl=1&resize=350%2C200 1x, https:\/\/i0.wp.com\/www.jazzzeitung.de\/cms\/wp-content\/uploads\/2019\/10\/Doran-christy_51.jpeg?fit=567%2C378&ssl=1&resize=525%2C300 1.5x"},"classes":[]},{"id":9171,"url":"https:\/\/www.jazzzeitung.de\/cms\/2016\/05\/bmw-welt-jazz-award-2016-maria-rios-moore-gewinnt-mit-band\/","url_meta":{"origin":28227,"position":4},"title":"Indra Rios-Moore und Band gewinnen den BMW Welt Jazz Award 2016","author":"Redaktion JazzZeitung","date":"9. Mai 2016","format":"gallery","excerpt":"M\u00fcnchen. Die Sieger des BMW Welt Jazz Award 2016 stehen fest: Das amerikanisch-d\u00e4nische Ensemble von S\u00e4ngerin Indra Rios-Moore hat sich am Samstagabend im Abschlusskonzert gegen die amerikanisch-schweizerische Gruppe Stucky-Doran-Studer-Tacuma durchgesetzt. Den Hauptpreis \u00fcberreichte Ian Robertson, Mitglied des Vorstands der BMW AG. Unter dem diesj\u00e4hrigen Motto \u201eInspired by Legends\u201c begeisterten beide\u2026","rel":"","context":"In &quot;Galerie&quot;","block_context":{"text":"Galerie","link":"https:\/\/www.jazzzeitung.de\/cms\/thema\/galerie\/"},"img":{"alt_text":"","src":"https:\/\/i0.wp.com\/www.jazzzeitung.de\/cms\/wp-content\/uploads\/2016\/05\/P1750208-BMW-Welt-Jazz-Award-2016-Foto-TJ-Krebs.jpg?resize=350%2C200","width":350,"height":200,"srcset":"https:\/\/i0.wp.com\/www.jazzzeitung.de\/cms\/wp-content\/uploads\/2016\/05\/P1750208-BMW-Welt-Jazz-Award-2016-Foto-TJ-Krebs.jpg?resize=350%2C200 1x, https:\/\/i0.wp.com\/www.jazzzeitung.de\/cms\/wp-content\/uploads\/2016\/05\/P1750208-BMW-Welt-Jazz-Award-2016-Foto-TJ-Krebs.jpg?resize=525%2C300 1.5x, https:\/\/i0.wp.com\/www.jazzzeitung.de\/cms\/wp-content\/uploads\/2016\/05\/P1750208-BMW-Welt-Jazz-Award-2016-Foto-TJ-Krebs.jpg?resize=700%2C400 2x"},"classes":[]},{"id":8843,"url":"https:\/\/www.jazzzeitung.de\/cms\/2016\/03\/indra-rios-moore-und-das-hendrix-projekt-von-stucky-doran-studertacuma-im-finale-beim-bmw-welt-jazz-award-2016\/","url_meta":{"origin":28227,"position":5},"title":"Indra-Rios Moore und das Hendrix-Projekt von Stucky-Doran-Studer-Tacuma im Finale beim BMW Welt Jazz Award 2016","author":"Redaktion JazzZeitung","date":"29. M\u00e4rz 2016","format":"gallery","excerpt":"M\u00fcnchen. Die Finalisten des BMW Welt Jazz Award 2016 stehen fest: In diesem Jahr qualifizierten sich gleich zwei Ensembles mit weiblicher Stimmkraft f\u00fcr das Abschlusskonzert am 7. Mai. Die amerikanisch-schweizerische Gruppe Stucky-Doran-Studer-Tacuma mit ihrem Programm \u201ePlay Hendrix!\u201c sowie die amerikanisch-d\u00e4nische Musikergruppe um S\u00e4ngerin Indra Rios-Moore haben die Jury \u00fcberzeugt. Das\u2026","rel":"","context":"In &quot;News&quot;","block_context":{"text":"News","link":"https:\/\/www.jazzzeitung.de\/cms\/thema\/nachrichten\/"},"img":{"alt_text":"","src":"https:\/\/i0.wp.com\/www.jazzzeitung.de\/cms\/wp-content\/uploads\/2016\/02\/17-BMW-Welt_Erika-Stucky_Foto-van-Loon.jpg?resize=350%2C200","width":350,"height":200,"srcset":"https:\/\/i0.wp.com\/www.jazzzeitung.de\/cms\/wp-content\/uploads\/2016\/02\/17-BMW-Welt_Erika-Stucky_Foto-van-Loon.jpg?resize=350%2C200 1x, https:\/\/i0.wp.com\/www.jazzzeitung.de\/cms\/wp-content\/uploads\/2016\/02\/17-BMW-Welt_Erika-Stucky_Foto-van-Loon.jpg?resize=525%2C300 1.5x, https:\/\/i0.wp.com\/www.jazzzeitung.de\/cms\/wp-content\/uploads\/2016\/02\/17-BMW-Welt_Erika-Stucky_Foto-van-Loon.jpg?resize=700%2C400 2x, https:\/\/i0.wp.com\/www.jazzzeitung.de\/cms\/wp-content\/uploads\/2016\/02\/17-BMW-Welt_Erika-Stucky_Foto-van-Loon.jpg?resize=1050%2C600 3x, https:\/\/i0.wp.com\/www.jazzzeitung.de\/cms\/wp-content\/uploads\/2016\/02\/17-BMW-Welt_Erika-Stucky_Foto-van-Loon.jpg?resize=1400%2C800 4x"},"classes":[]}],"jetpack_sharing_enabled":true,"_links":{"self":[{"href":"https:\/\/www.jazzzeitung.de\/cms\/wp-json\/wp\/v2\/posts\/28227","targetHints":{"allow":["GET"]}}],"collection":[{"href":"https:\/\/www.jazzzeitung.de\/cms\/wp-json\/wp\/v2\/posts"}],"about":[{"href":"https:\/\/www.jazzzeitung.de\/cms\/wp-json\/wp\/v2\/types\/post"}],"author":[{"embeddable":true,"href":"https:\/\/www.jazzzeitung.de\/cms\/wp-json\/wp\/v2\/users\/18"}],"replies":[{"embeddable":true,"href":"https:\/\/www.jazzzeitung.de\/cms\/wp-json\/wp\/v2\/comments?post=28227"}],"version-history":[{"count":6,"href":"https:\/\/www.jazzzeitung.de\/cms\/wp-json\/wp\/v2\/posts\/28227\/revisions"}],"predecessor-version":[{"id":28234,"href":"https:\/\/www.jazzzeitung.de\/cms\/wp-json\/wp\/v2\/posts\/28227\/revisions\/28234"}],"wp:featuredmedia":[{"embeddable":true,"href":"https:\/\/www.jazzzeitung.de\/cms\/wp-json\/wp\/v2\/media\/28232"}],"wp:attachment":[{"href":"https:\/\/www.jazzzeitung.de\/cms\/wp-json\/wp\/v2\/media?parent=28227"}],"wp:term":[{"taxonomy":"category","embeddable":true,"href":"https:\/\/www.jazzzeitung.de\/cms\/wp-json\/wp\/v2\/categories?post=28227"},{"taxonomy":"post_tag","embeddable":true,"href":"https:\/\/www.jazzzeitung.de\/cms\/wp-json\/wp\/v2\/tags?post=28227"},{"taxonomy":"author","embeddable":true,"href":"https:\/\/www.jazzzeitung.de\/cms\/wp-json\/wp\/v2\/coauthors?post=28227"}],"curies":[{"name":"wp","href":"https:\/\/api.w.org\/{rel}","templated":true}]}}