{"id":28211,"date":"2022-08-22T16:41:33","date_gmt":"2022-08-22T14:41:33","guid":{"rendered":"https:\/\/www.jazzzeitung.de\/cms\/?p=28211"},"modified":"2022-08-23T14:43:28","modified_gmt":"2022-08-23T12:43:28","slug":"clarinet-bird-zum-tode-von-rolf-kuehn","status":"publish","type":"post","link":"https:\/\/www.jazzzeitung.de\/cms\/2022\/08\/clarinet-bird-zum-tode-von-rolf-kuehn\/","title":{"rendered":"\u201eClarinet Bird\u201c \u2013 Zum Tode von Rolf K\u00fchn"},"content":{"rendered":"<p><strong>Die Jazzwelt weit \u00fcber die deutsche Szene hinaus trauert um Rolf K\u00fchn, Klarinettist von internationalem Ruf, Komponist und Arrangeur, Bandleader sowie Musical Director. Er starb in der Nacht zum Freitag, dem 19. August, in seinem Wohnort Berlin nach vergeblicher Operation infolge eines Sturzes. Er w\u00e4re am 29. September 93 Jahre alt geworden. <\/strong><\/p>\n<p><strong>Bis ins hohe Alter unentwegt mit eigenen Bands aktiv, sollte er noch mit seinem neuen Quartett \u201eYellow &amp; Blue\u201c im Rahmen des Multiphonics-Festivals am 20. September in K\u00f6ln und zwei Tage danach in Wuppertal auftreten.<\/strong><\/p>\n<p>&nbsp;<\/p>\n<p>Der in K\u00f6ln geborene und in Leipzig aufgewachsene Jazzmusiker konnte auf ein wahrhaft reiches k\u00fcnstlerisches Leben und auf eine \u00fcberaus erfolgreiche Karriere zur\u00fcckblicken. Er wurde fr\u00fchzeitig klassisch ausgebildet, an Klavier und Klarinette, in Musiktheorie und Kompositionslehre. Nach ersten Engagements als Saxophonist und Soloklarinettist in den\u00a0 Rundfunk-Tanzorchestern Leipzig unter Kurt Henkels und des RIAS Berlin unter Werner M\u00fcller, fr\u00f6nte Rolf K\u00fchn bald auch in kleinen Formationen seinen Jazzambitionen. In den f\u00fcnfziger Jahren gewann er als Klarinettist alle deutschen und europ\u00e4ischen Jazz Polls und 1957 sogar den Down Beat Poll als \u201eClarinet New Star\u201c, denn inzwischen war er auch in den USA angekommen, als \u2013 neben der Pianistin Jutta Hipp \u2013 einer der ersten deutschen Jazzmusiker \u00fcberhaupt. John Hammond hatte ihm ein Quartett zusammengestellt, mit dem er im New Yorker Birdland, im Chicagoer Blue Note und beim Newport Jazzfestival auftrat. Zwei Jahre spielte er bei Benny Goodman, der ihm stellvertretend auch die Leitung seiner Band anvertraute. Danach war er als Nachfolger Buddy DeFrancos, seines eigentlichen Vorbilds, Soloklarinettist bei Tommy Dorsey.<\/p>\n<p>&nbsp;<\/p>\n<figure id=\"attachment_28213\" aria-describedby=\"caption-attachment-28213\" style=\"width: 2560px\" class=\"wp-caption aligncenter\"><img data-recalc-dims=\"1\" loading=\"lazy\" decoding=\"async\" data-attachment-id=\"28213\" data-permalink=\"https:\/\/www.jazzzeitung.de\/cms\/2022\/08\/clarinet-bird-zum-tode-von-rolf-kuehn\/kuehnrolf-cl-gjt18e-kumpf1\/\" data-orig-file=\"https:\/\/i0.wp.com\/www.jazzzeitung.de\/cms\/wp-content\/uploads\/2022\/08\/KuehnRolf-cl-GJT18e-Kumpf1-scaled.jpg?fit=2560%2C1723&amp;ssl=1\" data-orig-size=\"2560,1723\" data-comments-opened=\"1\" data-image-meta=\"{&quot;aperture&quot;:&quot;2.8&quot;,&quot;credit&quot;:&quot;&quot;,&quot;camera&quot;:&quot;DSC-RX10&quot;,&quot;caption&quot;:&quot;&quot;,&quot;created_timestamp&quot;:&quot;1531422294&quot;,&quot;copyright&quot;:&quot;&quot;,&quot;focal_length&quot;:&quot;73.19&quot;,&quot;iso&quot;:&quot;800&quot;,&quot;shutter_speed&quot;:&quot;0.0125&quot;,&quot;title&quot;:&quot;&quot;,&quot;orientation&quot;:&quot;1&quot;}\" data-image-title=\"Rolf K\u00fchn. Foto:\" data-image-description=\"\" data-image-caption=\"&lt;p&gt;Rolf K\u00fchn. Foto:&lt;\/p&gt;\n\" data-large-file=\"https:\/\/i0.wp.com\/www.jazzzeitung.de\/cms\/wp-content\/uploads\/2022\/08\/KuehnRolf-cl-GJT18e-Kumpf1-scaled.jpg?fit=840%2C565&amp;ssl=1\" class=\"wp-image-28213 size-full\" src=\"https:\/\/i0.wp.com\/www.jazzzeitung.de\/cms\/wp-content\/uploads\/2022\/08\/KuehnRolf-cl-GJT18e-Kumpf1-scaled.jpg?resize=840%2C565&#038;ssl=1\" alt=\"\" width=\"840\" height=\"565\" srcset=\"https:\/\/i0.wp.com\/www.jazzzeitung.de\/cms\/wp-content\/uploads\/2022\/08\/KuehnRolf-cl-GJT18e-Kumpf1-scaled.jpg?w=2560&amp;ssl=1 2560w, https:\/\/i0.wp.com\/www.jazzzeitung.de\/cms\/wp-content\/uploads\/2022\/08\/KuehnRolf-cl-GJT18e-Kumpf1-scaled.jpg?resize=300%2C202&amp;ssl=1 300w, https:\/\/i0.wp.com\/www.jazzzeitung.de\/cms\/wp-content\/uploads\/2022\/08\/KuehnRolf-cl-GJT18e-Kumpf1-scaled.jpg?resize=892%2C600&amp;ssl=1 892w, https:\/\/i0.wp.com\/www.jazzzeitung.de\/cms\/wp-content\/uploads\/2022\/08\/KuehnRolf-cl-GJT18e-Kumpf1-scaled.jpg?resize=768%2C517&amp;ssl=1 768w, https:\/\/i0.wp.com\/www.jazzzeitung.de\/cms\/wp-content\/uploads\/2022\/08\/KuehnRolf-cl-GJT18e-Kumpf1-scaled.jpg?resize=1536%2C1034&amp;ssl=1 1536w, https:\/\/i0.wp.com\/www.jazzzeitung.de\/cms\/wp-content\/uploads\/2022\/08\/KuehnRolf-cl-GJT18e-Kumpf1-scaled.jpg?resize=2048%2C1378&amp;ssl=1 2048w, https:\/\/i0.wp.com\/www.jazzzeitung.de\/cms\/wp-content\/uploads\/2022\/08\/KuehnRolf-cl-GJT18e-Kumpf1-scaled.jpg?resize=120%2C80&amp;ssl=1 120w, https:\/\/i0.wp.com\/www.jazzzeitung.de\/cms\/wp-content\/uploads\/2022\/08\/KuehnRolf-cl-GJT18e-Kumpf1-scaled.jpg?resize=1320%2C888&amp;ssl=1 1320w, https:\/\/i0.wp.com\/www.jazzzeitung.de\/cms\/wp-content\/uploads\/2022\/08\/KuehnRolf-cl-GJT18e-Kumpf1-scaled.jpg?w=1680&amp;ssl=1 1680w\" sizes=\"auto, (max-width: 840px) 100vw, 840px\" \/><figcaption id=\"caption-attachment-28213\" class=\"wp-caption-text\">Rolf K\u00fchn. Foto: Hans Kumpf<\/figcaption><\/figure>\n<p>&nbsp;<\/p>\n<h3>National wie International gefragt und verehrt<\/h3>\n<p>1962 kehrte er zur\u00fcck und setzte seine Karriere sowohl hierzulande als auch international fort, auf Tourneen und Festivals sowie mit unz\u00e4hligen Plattenaufnahmen in allen m\u00f6glichen Besetzungen, mit deutschen Kollegen wie Albert Mangelsdorff und den German All Stars, sehr oft auch mit seinem f\u00fcnfzehn Jahre j\u00fcngeren Bruder, dem Pianisten Joachim K\u00fchn, oder mit internationalen Stars wie Daniel Humair, Randy Brecker, Chick Corea, Aldo Romano, um nur diese zu nennen. Sein musikalisches Universum schien unbegrenzt, umfasste neben Jazz in allen Schattierungen auch Auftragskompositionen f\u00fcr den Star der klassischen Klarinette Sabine Meyer oder die schon legend\u00e4ren 12 Cellisten der Berliner Philharmoniker. Viele Spielzeiten absolvierte er als musikalischer Leiter renommierter B\u00fchnen in Hamburg, Berlin und Wien.<\/p>\n<p>&nbsp;<\/p>\n<p>Neben seinem Quartett \u201eYellow &amp; Blue\u201c, mit dem Pianisten Frank Chastenier, der jungen Bassistin Lisa Wulff und dem kolumbianischen Perkussionisten Tupac Mantille, das nun seinen Leader verloren hat, werden auch der Gitarrist Ronny Graupe, Drummer und Perkussionist Christian Lillinger und der Bassist Johannes Fink, mit denen Rolf K\u00fchn in seinem zweiten Quartett \u201eUnit\u201c gern die Grenzen des zeitgen\u00f6ssischen Jazz auslotete, um ihr musikalisches und menschliches Vorbild trauern.<\/p>\n<p>&nbsp;<\/p>\n<h3>Aufgeschlossen gegen\u00fcber Neuem<\/h3>\n<p>Nach einem Wunsch zu seinem 80. Geburtstag befragt, erwiderte er: \u201eMit den wundervollen jungen Musikern meines Quartetts, die meine Enkel sein k\u00f6nnten, die aber \u00fcber eine ganz eigene Stimme im Jazz verf\u00fcgen, noch intensiver zusammen zu arbeiten.\u201c Eine Aussage, die typisch war f\u00fcr den Musiker und den Menschen Rolf K\u00fchn, der immer aufgeschlossen f\u00fcr Neues war, stets Herausforderungen suchte, sich nie auf Erreichtem ausruhte und seine Erfahrungen und sein K\u00f6nnen freigiebig mit dem Nachwuchs teilte.<\/p>\n<p>&nbsp;<\/p>\n<p>Es werden in den n\u00e4chsten Tagen und Wochen viele Nachrufe auf den einzigartigen Musiker Rolf K\u00fchn erscheinen. Um ihn auch als den warmherzigen, zugewandten und offenen Menschen kennen zu lernen, als den ihn nicht nur seine Liebsten, seine Familie, seine Freunde sch\u00e4tzten, sondern auch die Musiker und Musikerinnen, mit denen er sein langes K\u00fcnstlerleben verbracht hat, sei hier die Lekt\u00fcre von \u201eClarinet Bird \u2013 Rolf K\u00fchn \u2013 Jazzgespr\u00e4che\u201c der Musikjournalistin Maxi Sickert, Christian Broecking Verlag, Berlin 2009, empfohlen.<\/p>\n<p>Das Beitragsbild zeigt Rolf und Joachim K\u00fchn bei den Leipziger Jazztagen 2016 auf der B\u00fchne der Kongresshalle am Zoo. Foto: Susanne van Loon<\/p>\n","protected":false},"excerpt":{"rendered":"<p>Die Jazzwelt weit \u00fcber die deutsche Szene hinaus trauert um Rolf K\u00fchn, Klarinettist von internationalem Ruf, Komponist und Arrangeur, Bandleader sowie Musical Director. Er starb in der Nacht zum Freitag, dem 19. August, in seinem Wohnort Berlin nach vergeblicher Operation infolge eines Sturzes. Er w\u00e4re am 29. September 93 Jahre alt geworden. Bis ins hohe Alter unentwegt mit eigenen Bands aktiv, sollte er noch mit seinem neuen Quartett \u201eYellow &amp; Blue\u201c im Rahmen des Multiphonics-Festivals am 20. September in K\u00f6ln und zwei Tage danach in Wuppertal auftreten. &nbsp; Der in K\u00f6ln geborene und in Leipzig aufgewachsene Jazzmusiker konnte auf ein wahrhaft reiches k\u00fcnstlerisches Leben und auf eine \u00fcberaus erfolgreiche Karriere zur\u00fcckblicken. Er wurde fr\u00fchzeitig klassisch ausgebildet, an Klavier und Klarinette, in Musiktheorie und Kompositionslehre. Nach ersten Engagements als Saxophonist und Soloklarinettist in den\u00a0 Rundfunk-Tanzorchestern Leipzig unter Kurt Henkels und des RIAS Berlin unter Werner M\u00fcller, fr\u00f6nte Rolf K\u00fchn bald auch in kleinen Formationen seinen Jazzambitionen. In den f\u00fcnfziger Jahren gewann er als Klarinettist alle deutschen und europ\u00e4ischen Jazz Polls und 1957 sogar den Down Beat Poll als \u201eClarinet New Star\u201c, denn inzwischen war er auch &hellip;<\/p>\n","protected":false},"author":28,"featured_media":28212,"comment_status":"open","ping_status":"closed","sticky":false,"template":"","format":"standard","meta":{"_jetpack_memberships_contains_paid_content":false,"footnotes":"","jetpack_publicize_message":"","jetpack_publicize_feature_enabled":true,"jetpack_social_post_already_shared":false,"jetpack_social_options":{"image_generator_settings":{"template":"highway","default_image_id":0,"font":"","enabled":false},"version":2}},"categories":[633,1063],"tags":[2769,3930,3914,4277,66,1104,1050,3472,682,183,790,1876,918,281,753,1235,852,1828,349,2338,1490,2080,1965,474,4279,3479,4278,603],"coauthors":[1066],"class_list":["post-28211","post","type-post","status-publish","format-standard","has-post-thumbnail","hentry","category-nachrichten","category-portrait","tag-80-geburtstag","tag-albert-mangelsdorff","tag-band","tag-benny-goodman","tag-berlin","tag-blue-note","tag-christian-lillinger","tag-drummer","tag-festivals","tag-frank-chastenier","tag-geburtstag","tag-jazz","tag-jazzfestival","tag-jazzmusiker","tag-joachim-kuehn","tag-jutta-hipp","tag-koeln","tag-kurt-henkels","tag-leipzig","tag-lisa-wulff","tag-musiktheorie","tag-pianisten","tag-quartett","tag-rolf-kuehn","tag-ronny-graupe","tag-september","tag-tommy-dorsey","tag-wuppertal"],"yoast_head":"<!-- This site is optimized with the Yoast SEO plugin v27.5 - https:\/\/yoast.com\/product\/yoast-seo-wordpress\/ -->\n<title>\u201eClarinet Bird\u201c \u2013 Zum Tode von Rolf K\u00fchn - JazzZeitung<\/title>\n<meta name=\"robots\" content=\"index, follow, max-snippet:-1, max-image-preview:large, max-video-preview:-1\" \/>\n<link rel=\"canonical\" href=\"https:\/\/www.jazzzeitung.de\/cms\/2022\/08\/clarinet-bird-zum-tode-von-rolf-kuehn\/\" \/>\n<meta property=\"og:locale\" content=\"de_DE\" \/>\n<meta property=\"og:type\" content=\"article\" \/>\n<meta property=\"og:title\" content=\"\u201eClarinet Bird\u201c \u2013 Zum Tode von Rolf K\u00fchn - JazzZeitung\" \/>\n<meta property=\"og:description\" content=\"Die Jazzwelt weit \u00fcber die deutsche Szene hinaus trauert um Rolf K\u00fchn, Klarinettist von internationalem Ruf, Komponist und Arrangeur, Bandleader sowie Musical Director. Er starb in der Nacht zum Freitag, dem 19. August, in seinem Wohnort Berlin nach vergeblicher Operation infolge eines Sturzes. Er w\u00e4re am 29. September 93 Jahre alt geworden. Bis ins hohe Alter unentwegt mit eigenen Bands aktiv, sollte er noch mit seinem neuen Quartett \u201eYellow &amp; Blue\u201c im Rahmen des Multiphonics-Festivals am 20. September in K\u00f6ln und zwei Tage danach in Wuppertal auftreten. &nbsp; Der in K\u00f6ln geborene und in Leipzig aufgewachsene Jazzmusiker konnte auf ein wahrhaft reiches k\u00fcnstlerisches Leben und auf eine \u00fcberaus erfolgreiche Karriere zur\u00fcckblicken. Er wurde fr\u00fchzeitig klassisch ausgebildet, an Klavier und Klarinette, in Musiktheorie und Kompositionslehre. Nach ersten Engagements als Saxophonist und Soloklarinettist in den\u00a0 Rundfunk-Tanzorchestern Leipzig unter Kurt Henkels und des RIAS Berlin unter Werner M\u00fcller, fr\u00f6nte Rolf K\u00fchn bald auch in kleinen Formationen seinen Jazzambitionen. In den f\u00fcnfziger Jahren gewann er als Klarinettist alle deutschen und europ\u00e4ischen Jazz Polls und 1957 sogar den Down Beat Poll als \u201eClarinet New Star\u201c, denn inzwischen war er auch &hellip;\" \/>\n<meta property=\"og:url\" content=\"https:\/\/www.jazzzeitung.de\/cms\/2022\/08\/clarinet-bird-zum-tode-von-rolf-kuehn\/\" \/>\n<meta property=\"og:site_name\" content=\"JazzZeitung\" \/>\n<meta property=\"article:publisher\" content=\"https:\/\/www.facebook.com\/JazzZeitung\/\" \/>\n<meta property=\"article:published_time\" content=\"2022-08-22T14:41:33+00:00\" \/>\n<meta property=\"article:modified_time\" content=\"2022-08-23T12:43:28+00:00\" \/>\n<meta property=\"og:image\" content=\"https:\/\/www.jazzzeitung.de\/cms\/wp-content\/uploads\/2022\/08\/huf-cmyk-np-2016-11-Joachim-Rolf-KuehnFotovanLoon845-1-900x600.jpg\" \/>\n\t<meta property=\"og:image:width\" content=\"900\" \/>\n\t<meta property=\"og:image:height\" content=\"600\" \/>\n\t<meta property=\"og:image:type\" content=\"image\/jpeg\" \/>\n<meta name=\"author\" content=\"Dietrich Schlegel\" \/>\n<script type=\"application\/ld+json\" class=\"yoast-schema-graph\">{\"@context\":\"https:\\\/\\\/schema.org\",\"@graph\":[{\"@type\":\"Article\",\"@id\":\"https:\\\/\\\/www.jazzzeitung.de\\\/cms\\\/2022\\\/08\\\/clarinet-bird-zum-tode-von-rolf-kuehn\\\/#article\",\"isPartOf\":{\"@id\":\"https:\\\/\\\/www.jazzzeitung.de\\\/cms\\\/2022\\\/08\\\/clarinet-bird-zum-tode-von-rolf-kuehn\\\/\"},\"author\":{\"name\":\"Dietrich Schlegel\",\"@id\":\"https:\\\/\\\/www.jazzzeitung.de\\\/cms\\\/#\\\/schema\\\/person\\\/a941cf62428669aa5b4fd4eb3987fb4d\"},\"headline\":\"\u201eClarinet Bird\u201c \u2013 Zum Tode von Rolf K\u00fchn\",\"datePublished\":\"2022-08-22T14:41:33+00:00\",\"dateModified\":\"2022-08-23T12:43:28+00:00\",\"mainEntityOfPage\":{\"@id\":\"https:\\\/\\\/www.jazzzeitung.de\\\/cms\\\/2022\\\/08\\\/clarinet-bird-zum-tode-von-rolf-kuehn\\\/\"},\"wordCount\":671,\"commentCount\":0,\"publisher\":{\"@id\":\"https:\\\/\\\/www.jazzzeitung.de\\\/cms\\\/#organization\"},\"image\":{\"@id\":\"https:\\\/\\\/www.jazzzeitung.de\\\/cms\\\/2022\\\/08\\\/clarinet-bird-zum-tode-von-rolf-kuehn\\\/#primaryimage\"},\"thumbnailUrl\":\"https:\\\/\\\/i0.wp.com\\\/www.jazzzeitung.de\\\/cms\\\/wp-content\\\/uploads\\\/2022\\\/08\\\/huf-cmyk-np-2016-11-Joachim-Rolf-KuehnFotovanLoon845-1.jpg?fit=2185%2C1457&ssl=1\",\"keywords\":[\"80. Geburtstag\",\"Albert Mangelsdorff\",\"Band\",\"Benny Goodman\",\"Berlin\",\"Blue Note\",\"Christian Lillinger\",\"Drummer\",\"Festivals\",\"Frank Chastenier\",\"Geburtstag\",\"Jazz\",\"Jazzfestival\",\"Jazzmusiker\",\"Joachim K\u00fchn\",\"Jutta Hipp\",\"K\u00f6ln\",\"Kurt Henkels\",\"Leipzig\",\"Lisa Wulff\",\"Musiktheorie\",\"Pianisten\",\"Quartett\",\"Rolf K\u00fchn\",\"Ronny Graupe\",\"September\",\"Tommy Dorsey\",\"Wuppertal\"],\"articleSection\":[\"News\",\"Portrait\"],\"inLanguage\":\"de\",\"potentialAction\":[{\"@type\":\"CommentAction\",\"name\":\"Comment\",\"target\":[\"https:\\\/\\\/www.jazzzeitung.de\\\/cms\\\/2022\\\/08\\\/clarinet-bird-zum-tode-von-rolf-kuehn\\\/#respond\"]}]},{\"@type\":\"WebPage\",\"@id\":\"https:\\\/\\\/www.jazzzeitung.de\\\/cms\\\/2022\\\/08\\\/clarinet-bird-zum-tode-von-rolf-kuehn\\\/\",\"url\":\"https:\\\/\\\/www.jazzzeitung.de\\\/cms\\\/2022\\\/08\\\/clarinet-bird-zum-tode-von-rolf-kuehn\\\/\",\"name\":\"\u201eClarinet Bird\u201c \u2013 Zum Tode von Rolf K\u00fchn - JazzZeitung\",\"isPartOf\":{\"@id\":\"https:\\\/\\\/www.jazzzeitung.de\\\/cms\\\/#website\"},\"primaryImageOfPage\":{\"@id\":\"https:\\\/\\\/www.jazzzeitung.de\\\/cms\\\/2022\\\/08\\\/clarinet-bird-zum-tode-von-rolf-kuehn\\\/#primaryimage\"},\"image\":{\"@id\":\"https:\\\/\\\/www.jazzzeitung.de\\\/cms\\\/2022\\\/08\\\/clarinet-bird-zum-tode-von-rolf-kuehn\\\/#primaryimage\"},\"thumbnailUrl\":\"https:\\\/\\\/i0.wp.com\\\/www.jazzzeitung.de\\\/cms\\\/wp-content\\\/uploads\\\/2022\\\/08\\\/huf-cmyk-np-2016-11-Joachim-Rolf-KuehnFotovanLoon845-1.jpg?fit=2185%2C1457&ssl=1\",\"datePublished\":\"2022-08-22T14:41:33+00:00\",\"dateModified\":\"2022-08-23T12:43:28+00:00\",\"breadcrumb\":{\"@id\":\"https:\\\/\\\/www.jazzzeitung.de\\\/cms\\\/2022\\\/08\\\/clarinet-bird-zum-tode-von-rolf-kuehn\\\/#breadcrumb\"},\"inLanguage\":\"de\",\"potentialAction\":[{\"@type\":\"ReadAction\",\"target\":[\"https:\\\/\\\/www.jazzzeitung.de\\\/cms\\\/2022\\\/08\\\/clarinet-bird-zum-tode-von-rolf-kuehn\\\/\"]}]},{\"@type\":\"ImageObject\",\"inLanguage\":\"de\",\"@id\":\"https:\\\/\\\/www.jazzzeitung.de\\\/cms\\\/2022\\\/08\\\/clarinet-bird-zum-tode-von-rolf-kuehn\\\/#primaryimage\",\"url\":\"https:\\\/\\\/i0.wp.com\\\/www.jazzzeitung.de\\\/cms\\\/wp-content\\\/uploads\\\/2022\\\/08\\\/huf-cmyk-np-2016-11-Joachim-Rolf-KuehnFotovanLoon845-1.jpg?fit=2185%2C1457&ssl=1\",\"contentUrl\":\"https:\\\/\\\/i0.wp.com\\\/www.jazzzeitung.de\\\/cms\\\/wp-content\\\/uploads\\\/2022\\\/08\\\/huf-cmyk-np-2016-11-Joachim-Rolf-KuehnFotovanLoon845-1.jpg?fit=2185%2C1457&ssl=1\",\"width\":2185,\"height\":1457,\"caption\":\"Rolf (l.) und Joachim (r.) K\u00fchn. Foto:\"},{\"@type\":\"BreadcrumbList\",\"@id\":\"https:\\\/\\\/www.jazzzeitung.de\\\/cms\\\/2022\\\/08\\\/clarinet-bird-zum-tode-von-rolf-kuehn\\\/#breadcrumb\",\"itemListElement\":[{\"@type\":\"ListItem\",\"position\":1,\"name\":\"Startseite\",\"item\":\"https:\\\/\\\/www.jazzzeitung.de\\\/cms\\\/\"},{\"@type\":\"ListItem\",\"position\":2,\"name\":\"\u201eClarinet Bird\u201c \u2013 Zum Tode von Rolf K\u00fchn\"}]},{\"@type\":\"WebSite\",\"@id\":\"https:\\\/\\\/www.jazzzeitung.de\\\/cms\\\/#website\",\"url\":\"https:\\\/\\\/www.jazzzeitung.de\\\/cms\\\/\",\"name\":\"JazzZeitung\",\"description\":\"Jazz-News und Jazz-Kontroverses\",\"publisher\":{\"@id\":\"https:\\\/\\\/www.jazzzeitung.de\\\/cms\\\/#organization\"},\"potentialAction\":[{\"@type\":\"SearchAction\",\"target\":{\"@type\":\"EntryPoint\",\"urlTemplate\":\"https:\\\/\\\/www.jazzzeitung.de\\\/cms\\\/?s={search_term_string}\"},\"query-input\":{\"@type\":\"PropertyValueSpecification\",\"valueRequired\":true,\"valueName\":\"search_term_string\"}}],\"inLanguage\":\"de\"},{\"@type\":\"Organization\",\"@id\":\"https:\\\/\\\/www.jazzzeitung.de\\\/cms\\\/#organization\",\"name\":\"JazzZeitung online\",\"url\":\"https:\\\/\\\/www.jazzzeitung.de\\\/cms\\\/\",\"logo\":{\"@type\":\"ImageObject\",\"inLanguage\":\"de\",\"@id\":\"https:\\\/\\\/www.jazzzeitung.de\\\/cms\\\/#\\\/schema\\\/logo\\\/image\\\/\",\"url\":\"https:\\\/\\\/i0.wp.com\\\/www.jazzzeitung.de\\\/cms\\\/wp-content\\\/uploads\\\/2015\\\/08\\\/JAZZZEITUNGDE_Logo_Neu.png?fit=499%2C200&ssl=1\",\"contentUrl\":\"https:\\\/\\\/i0.wp.com\\\/www.jazzzeitung.de\\\/cms\\\/wp-content\\\/uploads\\\/2015\\\/08\\\/JAZZZEITUNGDE_Logo_Neu.png?fit=499%2C200&ssl=1\",\"width\":499,\"height\":200,\"caption\":\"JazzZeitung online\"},\"image\":{\"@id\":\"https:\\\/\\\/www.jazzzeitung.de\\\/cms\\\/#\\\/schema\\\/logo\\\/image\\\/\"},\"sameAs\":[\"https:\\\/\\\/www.facebook.com\\\/JazzZeitung\\\/\"]},{\"@type\":\"Person\",\"@id\":\"https:\\\/\\\/www.jazzzeitung.de\\\/cms\\\/#\\\/schema\\\/person\\\/a941cf62428669aa5b4fd4eb3987fb4d\",\"name\":\"Dietrich Schlegel\",\"image\":{\"@type\":\"ImageObject\",\"inLanguage\":\"de\",\"@id\":\"https:\\\/\\\/secure.gravatar.com\\\/avatar\\\/e938c38abcc922f84a62590fcf2c0d9f11f0d60a3ac8c596c252ecf526534c96?s=96&d=wp_user_avatar&r=g15648080ba2b7ef593e7120aa356c369\",\"url\":\"https:\\\/\\\/secure.gravatar.com\\\/avatar\\\/e938c38abcc922f84a62590fcf2c0d9f11f0d60a3ac8c596c252ecf526534c96?s=96&d=wp_user_avatar&r=g\",\"contentUrl\":\"https:\\\/\\\/secure.gravatar.com\\\/avatar\\\/e938c38abcc922f84a62590fcf2c0d9f11f0d60a3ac8c596c252ecf526534c96?s=96&d=wp_user_avatar&r=g\",\"caption\":\"Dietrich Schlegel\"},\"url\":\"https:\\\/\\\/www.jazzzeitung.de\\\/cms\\\/author\\\/schlegel\\\/\"}]}<\/script>\n<!-- \/ Yoast SEO plugin. -->","yoast_head_json":{"title":"\u201eClarinet Bird\u201c \u2013 Zum Tode von Rolf K\u00fchn - JazzZeitung","robots":{"index":"index","follow":"follow","max-snippet":"max-snippet:-1","max-image-preview":"max-image-preview:large","max-video-preview":"max-video-preview:-1"},"canonical":"https:\/\/www.jazzzeitung.de\/cms\/2022\/08\/clarinet-bird-zum-tode-von-rolf-kuehn\/","og_locale":"de_DE","og_type":"article","og_title":"\u201eClarinet Bird\u201c \u2013 Zum Tode von Rolf K\u00fchn - JazzZeitung","og_description":"Die Jazzwelt weit \u00fcber die deutsche Szene hinaus trauert um Rolf K\u00fchn, Klarinettist von internationalem Ruf, Komponist und Arrangeur, Bandleader sowie Musical Director. Er starb in der Nacht zum Freitag, dem 19. August, in seinem Wohnort Berlin nach vergeblicher Operation infolge eines Sturzes. Er w\u00e4re am 29. September 93 Jahre alt geworden. Bis ins hohe Alter unentwegt mit eigenen Bands aktiv, sollte er noch mit seinem neuen Quartett \u201eYellow &amp; Blue\u201c im Rahmen des Multiphonics-Festivals am 20. September in K\u00f6ln und zwei Tage danach in Wuppertal auftreten. &nbsp; Der in K\u00f6ln geborene und in Leipzig aufgewachsene Jazzmusiker konnte auf ein wahrhaft reiches k\u00fcnstlerisches Leben und auf eine \u00fcberaus erfolgreiche Karriere zur\u00fcckblicken. Er wurde fr\u00fchzeitig klassisch ausgebildet, an Klavier und Klarinette, in Musiktheorie und Kompositionslehre. Nach ersten Engagements als Saxophonist und Soloklarinettist in den\u00a0 Rundfunk-Tanzorchestern Leipzig unter Kurt Henkels und des RIAS Berlin unter Werner M\u00fcller, fr\u00f6nte Rolf K\u00fchn bald auch in kleinen Formationen seinen Jazzambitionen. In den f\u00fcnfziger Jahren gewann er als Klarinettist alle deutschen und europ\u00e4ischen Jazz Polls und 1957 sogar den Down Beat Poll als \u201eClarinet New Star\u201c, denn inzwischen war er auch &hellip;","og_url":"https:\/\/www.jazzzeitung.de\/cms\/2022\/08\/clarinet-bird-zum-tode-von-rolf-kuehn\/","og_site_name":"JazzZeitung","article_publisher":"https:\/\/www.facebook.com\/JazzZeitung\/","article_published_time":"2022-08-22T14:41:33+00:00","article_modified_time":"2022-08-23T12:43:28+00:00","og_image":[{"width":900,"height":600,"url":"https:\/\/www.jazzzeitung.de\/cms\/wp-content\/uploads\/2022\/08\/huf-cmyk-np-2016-11-Joachim-Rolf-KuehnFotovanLoon845-1-900x600.jpg","type":"image\/jpeg"}],"author":"Dietrich Schlegel","schema":{"@context":"https:\/\/schema.org","@graph":[{"@type":"Article","@id":"https:\/\/www.jazzzeitung.de\/cms\/2022\/08\/clarinet-bird-zum-tode-von-rolf-kuehn\/#article","isPartOf":{"@id":"https:\/\/www.jazzzeitung.de\/cms\/2022\/08\/clarinet-bird-zum-tode-von-rolf-kuehn\/"},"author":{"name":"Dietrich Schlegel","@id":"https:\/\/www.jazzzeitung.de\/cms\/#\/schema\/person\/a941cf62428669aa5b4fd4eb3987fb4d"},"headline":"\u201eClarinet Bird\u201c \u2013 Zum Tode von Rolf K\u00fchn","datePublished":"2022-08-22T14:41:33+00:00","dateModified":"2022-08-23T12:43:28+00:00","mainEntityOfPage":{"@id":"https:\/\/www.jazzzeitung.de\/cms\/2022\/08\/clarinet-bird-zum-tode-von-rolf-kuehn\/"},"wordCount":671,"commentCount":0,"publisher":{"@id":"https:\/\/www.jazzzeitung.de\/cms\/#organization"},"image":{"@id":"https:\/\/www.jazzzeitung.de\/cms\/2022\/08\/clarinet-bird-zum-tode-von-rolf-kuehn\/#primaryimage"},"thumbnailUrl":"https:\/\/i0.wp.com\/www.jazzzeitung.de\/cms\/wp-content\/uploads\/2022\/08\/huf-cmyk-np-2016-11-Joachim-Rolf-KuehnFotovanLoon845-1.jpg?fit=2185%2C1457&ssl=1","keywords":["80. Geburtstag","Albert Mangelsdorff","Band","Benny Goodman","Berlin","Blue Note","Christian Lillinger","Drummer","Festivals","Frank Chastenier","Geburtstag","Jazz","Jazzfestival","Jazzmusiker","Joachim K\u00fchn","Jutta Hipp","K\u00f6ln","Kurt Henkels","Leipzig","Lisa Wulff","Musiktheorie","Pianisten","Quartett","Rolf K\u00fchn","Ronny Graupe","September","Tommy Dorsey","Wuppertal"],"articleSection":["News","Portrait"],"inLanguage":"de","potentialAction":[{"@type":"CommentAction","name":"Comment","target":["https:\/\/www.jazzzeitung.de\/cms\/2022\/08\/clarinet-bird-zum-tode-von-rolf-kuehn\/#respond"]}]},{"@type":"WebPage","@id":"https:\/\/www.jazzzeitung.de\/cms\/2022\/08\/clarinet-bird-zum-tode-von-rolf-kuehn\/","url":"https:\/\/www.jazzzeitung.de\/cms\/2022\/08\/clarinet-bird-zum-tode-von-rolf-kuehn\/","name":"\u201eClarinet Bird\u201c \u2013 Zum Tode von Rolf K\u00fchn - JazzZeitung","isPartOf":{"@id":"https:\/\/www.jazzzeitung.de\/cms\/#website"},"primaryImageOfPage":{"@id":"https:\/\/www.jazzzeitung.de\/cms\/2022\/08\/clarinet-bird-zum-tode-von-rolf-kuehn\/#primaryimage"},"image":{"@id":"https:\/\/www.jazzzeitung.de\/cms\/2022\/08\/clarinet-bird-zum-tode-von-rolf-kuehn\/#primaryimage"},"thumbnailUrl":"https:\/\/i0.wp.com\/www.jazzzeitung.de\/cms\/wp-content\/uploads\/2022\/08\/huf-cmyk-np-2016-11-Joachim-Rolf-KuehnFotovanLoon845-1.jpg?fit=2185%2C1457&ssl=1","datePublished":"2022-08-22T14:41:33+00:00","dateModified":"2022-08-23T12:43:28+00:00","breadcrumb":{"@id":"https:\/\/www.jazzzeitung.de\/cms\/2022\/08\/clarinet-bird-zum-tode-von-rolf-kuehn\/#breadcrumb"},"inLanguage":"de","potentialAction":[{"@type":"ReadAction","target":["https:\/\/www.jazzzeitung.de\/cms\/2022\/08\/clarinet-bird-zum-tode-von-rolf-kuehn\/"]}]},{"@type":"ImageObject","inLanguage":"de","@id":"https:\/\/www.jazzzeitung.de\/cms\/2022\/08\/clarinet-bird-zum-tode-von-rolf-kuehn\/#primaryimage","url":"https:\/\/i0.wp.com\/www.jazzzeitung.de\/cms\/wp-content\/uploads\/2022\/08\/huf-cmyk-np-2016-11-Joachim-Rolf-KuehnFotovanLoon845-1.jpg?fit=2185%2C1457&ssl=1","contentUrl":"https:\/\/i0.wp.com\/www.jazzzeitung.de\/cms\/wp-content\/uploads\/2022\/08\/huf-cmyk-np-2016-11-Joachim-Rolf-KuehnFotovanLoon845-1.jpg?fit=2185%2C1457&ssl=1","width":2185,"height":1457,"caption":"Rolf (l.) und Joachim (r.) K\u00fchn. Foto:"},{"@type":"BreadcrumbList","@id":"https:\/\/www.jazzzeitung.de\/cms\/2022\/08\/clarinet-bird-zum-tode-von-rolf-kuehn\/#breadcrumb","itemListElement":[{"@type":"ListItem","position":1,"name":"Startseite","item":"https:\/\/www.jazzzeitung.de\/cms\/"},{"@type":"ListItem","position":2,"name":"\u201eClarinet Bird\u201c \u2013 Zum Tode von Rolf K\u00fchn"}]},{"@type":"WebSite","@id":"https:\/\/www.jazzzeitung.de\/cms\/#website","url":"https:\/\/www.jazzzeitung.de\/cms\/","name":"JazzZeitung","description":"Jazz-News und Jazz-Kontroverses","publisher":{"@id":"https:\/\/www.jazzzeitung.de\/cms\/#organization"},"potentialAction":[{"@type":"SearchAction","target":{"@type":"EntryPoint","urlTemplate":"https:\/\/www.jazzzeitung.de\/cms\/?s={search_term_string}"},"query-input":{"@type":"PropertyValueSpecification","valueRequired":true,"valueName":"search_term_string"}}],"inLanguage":"de"},{"@type":"Organization","@id":"https:\/\/www.jazzzeitung.de\/cms\/#organization","name":"JazzZeitung online","url":"https:\/\/www.jazzzeitung.de\/cms\/","logo":{"@type":"ImageObject","inLanguage":"de","@id":"https:\/\/www.jazzzeitung.de\/cms\/#\/schema\/logo\/image\/","url":"https:\/\/i0.wp.com\/www.jazzzeitung.de\/cms\/wp-content\/uploads\/2015\/08\/JAZZZEITUNGDE_Logo_Neu.png?fit=499%2C200&ssl=1","contentUrl":"https:\/\/i0.wp.com\/www.jazzzeitung.de\/cms\/wp-content\/uploads\/2015\/08\/JAZZZEITUNGDE_Logo_Neu.png?fit=499%2C200&ssl=1","width":499,"height":200,"caption":"JazzZeitung online"},"image":{"@id":"https:\/\/www.jazzzeitung.de\/cms\/#\/schema\/logo\/image\/"},"sameAs":["https:\/\/www.facebook.com\/JazzZeitung\/"]},{"@type":"Person","@id":"https:\/\/www.jazzzeitung.de\/cms\/#\/schema\/person\/a941cf62428669aa5b4fd4eb3987fb4d","name":"Dietrich Schlegel","image":{"@type":"ImageObject","inLanguage":"de","@id":"https:\/\/secure.gravatar.com\/avatar\/e938c38abcc922f84a62590fcf2c0d9f11f0d60a3ac8c596c252ecf526534c96?s=96&d=wp_user_avatar&r=g15648080ba2b7ef593e7120aa356c369","url":"https:\/\/secure.gravatar.com\/avatar\/e938c38abcc922f84a62590fcf2c0d9f11f0d60a3ac8c596c252ecf526534c96?s=96&d=wp_user_avatar&r=g","contentUrl":"https:\/\/secure.gravatar.com\/avatar\/e938c38abcc922f84a62590fcf2c0d9f11f0d60a3ac8c596c252ecf526534c96?s=96&d=wp_user_avatar&r=g","caption":"Dietrich Schlegel"},"url":"https:\/\/www.jazzzeitung.de\/cms\/author\/schlegel\/"}]}},"wp-worthy-pixel":{"ignored":false,"public":null,"server":null,"url":null},"wp-worthy-type":"normal","jetpack_publicize_connections":[],"cc_featured_image_caption":{"caption_text":"","source_text":"","source_url":""},"jetpack_featured_media_url":"https:\/\/i0.wp.com\/www.jazzzeitung.de\/cms\/wp-content\/uploads\/2022\/08\/huf-cmyk-np-2016-11-Joachim-Rolf-KuehnFotovanLoon845-1.jpg?fit=2185%2C1457&ssl=1","jetpack_shortlink":"https:\/\/wp.me\/p3KEcT-7l1","jetpack-related-posts":[{"id":20588,"url":"https:\/\/www.jazzzeitung.de\/cms\/2019\/09\/news-erstausstrahlung-dokumentation-ueber-die-brueder-kuehn-30-jazzfestival-muenchen-2019\/","url_meta":{"origin":28211,"position":0},"title":"+++ News +++ Erstausstrahlung der Dokumentation \u00fcber die Br\u00fcder K\u00fchn +++ 30. Jazzfestival M\u00fcnchen 2019 +++","author":"Redaktion JazzZeitung","date":"4. September 2019","format":false,"excerpt":"+++ Erstausstrahlung der Dokumentation \u00fcber die Br\u00fcder K\u00fchn +++ Rolf K\u00fchn ist Meister der Jazz-Klarinette. Er arbeitete mit Benny Goodman oder Count Basie zusammen und seine Markenzeichen sind bis heute seine Neugier und Experimentierlust. Sein Bruder Joachim K\u00fchn steht ihm in dieser Hinsicht als Pianist in nichts nach. Bekannt ist\u2026","rel":"","context":"In &quot;News&quot;","block_context":{"text":"News","link":"https:\/\/www.jazzzeitung.de\/cms\/thema\/nachrichten\/"},"img":{"alt_text":"","src":"https:\/\/i0.wp.com\/www.jazzzeitung.de\/cms\/wp-content\/uploads\/2019\/09\/00000001.jpg?fit=1200%2C793&ssl=1&resize=350%2C200","width":350,"height":200,"srcset":"https:\/\/i0.wp.com\/www.jazzzeitung.de\/cms\/wp-content\/uploads\/2019\/09\/00000001.jpg?fit=1200%2C793&ssl=1&resize=350%2C200 1x, https:\/\/i0.wp.com\/www.jazzzeitung.de\/cms\/wp-content\/uploads\/2019\/09\/00000001.jpg?fit=1200%2C793&ssl=1&resize=525%2C300 1.5x, https:\/\/i0.wp.com\/www.jazzzeitung.de\/cms\/wp-content\/uploads\/2019\/09\/00000001.jpg?fit=1200%2C793&ssl=1&resize=700%2C400 2x, https:\/\/i0.wp.com\/www.jazzzeitung.de\/cms\/wp-content\/uploads\/2019\/09\/00000001.jpg?fit=1200%2C793&ssl=1&resize=1050%2C600 3x"},"classes":[]},{"id":18911,"url":"https:\/\/www.jazzzeitung.de\/cms\/2019\/03\/die-jazz-radiowoche-vom-11-03-19-bis-17-03-2019\/","url_meta":{"origin":28211,"position":1},"title":"Die Jazz-Radiowoche vom 11.03.19 bis 17.03.2019","author":"Martin Hufner","date":"10. M\u00e4rz 2019","format":false,"excerpt":"Ein kleiner Blick in die Jazzwoche 11 im Radio. Im Zentrum der Woche stehen drei Pianistinnen und deren Geburtstage: 75. Geburtstag von Joachim K\u00fchn, der 90. Geburtstag von Cecil Taylor und der 100. Geburtstag von Lennie Tristano. Die \u00dcbersicht zum Download als PDF. Alle Angaben ohne Gew\u00e4hr. Jazz im Radio\u2026","rel":"","context":"In &quot;News&quot;","block_context":{"text":"News","link":"https:\/\/www.jazzzeitung.de\/cms\/thema\/nachrichten\/"},"img":{"alt_text":"Jazz im Radio. Foto: Hufner","src":"https:\/\/i0.wp.com\/www.jazzzeitung.de\/cms\/wp-content\/uploads\/2019\/03\/jazz_im_radio.jpg?fit=1200%2C773&ssl=1&resize=350%2C200","width":350,"height":200,"srcset":"https:\/\/i0.wp.com\/www.jazzzeitung.de\/cms\/wp-content\/uploads\/2019\/03\/jazz_im_radio.jpg?fit=1200%2C773&ssl=1&resize=350%2C200 1x, https:\/\/i0.wp.com\/www.jazzzeitung.de\/cms\/wp-content\/uploads\/2019\/03\/jazz_im_radio.jpg?fit=1200%2C773&ssl=1&resize=525%2C300 1.5x, https:\/\/i0.wp.com\/www.jazzzeitung.de\/cms\/wp-content\/uploads\/2019\/03\/jazz_im_radio.jpg?fit=1200%2C773&ssl=1&resize=700%2C400 2x, https:\/\/i0.wp.com\/www.jazzzeitung.de\/cms\/wp-content\/uploads\/2019\/03\/jazz_im_radio.jpg?fit=1200%2C773&ssl=1&resize=1050%2C600 3x"},"classes":[]},{"id":15025,"url":"https:\/\/www.jazzzeitung.de\/cms\/2018\/02\/german-jazz-trophy-am-rolf-und-joachim-kuehn\/","url_meta":{"origin":28211,"position":2},"title":"German Jazz Trophy 2018 an Rolf und Joachim K\u00fchn","author":"Redaktion JazzZeitung","date":"9. Februar 2018","format":false,"excerpt":"Zum Festivalauftakt des Stuttgarter Festivals jazzopen wird am 12. Juli die German Jazz Trophy an die Br\u00fcder Rolf und Joachim K\u00fchn verliehen. Nach der Preisverleihung werden Rolf und Joachim K\u00fchn im Duo zu h\u00f6ren sein. Die Auszeichnung wird seit 2001 j\u00e4hrlich unter dem Motto \u201eA Life for Jazz\u201c von der\u2026","rel":"","context":"In &quot;News&quot;","block_context":{"text":"News","link":"https:\/\/www.jazzzeitung.de\/cms\/thema\/nachrichten\/"},"img":{"alt_text":"","src":"https:\/\/i0.wp.com\/www.jazzzeitung.de\/cms\/wp-content\/uploads\/2018\/02\/Foto_Rolf_und_JoachimKuehn.jpg?fit=1200%2C800&ssl=1&resize=350%2C200","width":350,"height":200,"srcset":"https:\/\/i0.wp.com\/www.jazzzeitung.de\/cms\/wp-content\/uploads\/2018\/02\/Foto_Rolf_und_JoachimKuehn.jpg?fit=1200%2C800&ssl=1&resize=350%2C200 1x, https:\/\/i0.wp.com\/www.jazzzeitung.de\/cms\/wp-content\/uploads\/2018\/02\/Foto_Rolf_und_JoachimKuehn.jpg?fit=1200%2C800&ssl=1&resize=525%2C300 1.5x, https:\/\/i0.wp.com\/www.jazzzeitung.de\/cms\/wp-content\/uploads\/2018\/02\/Foto_Rolf_und_JoachimKuehn.jpg?fit=1200%2C800&ssl=1&resize=700%2C400 2x, https:\/\/i0.wp.com\/www.jazzzeitung.de\/cms\/wp-content\/uploads\/2018\/02\/Foto_Rolf_und_JoachimKuehn.jpg?fit=1200%2C800&ssl=1&resize=1050%2C600 3x"},"classes":[]},{"id":3758,"url":"https:\/\/www.jazzzeitung.de\/cms\/2014\/04\/joachim-kuehn-portraet-und-auftritt-im-leeren-beutel\/","url_meta":{"origin":28211,"position":3},"title":"Joachim K\u00fchn: Portr\u00e4t und Auftritt im Leeren Beutel","author":"Redaktion JazzZeitung","date":"17. April 2014","format":false,"excerpt":"Unten stehendes Portrait von Ssirus W. Pakazd erschien zuerst in der Printausgabe 2-14. Am 15. April gastierte Joachim K\u00fchn im Leeren Beutel in Regensburg. Juan Martin Koch fotografierte. In Trance: Joachim K\u00fchn feierte seinen 70. Geburtstag - von Ssirus W. Pakzad: Seinen 70. Geburtstag hat Joachim K\u00fchn in einem Berliner\u2026","rel":"","context":"In &quot;JazzZeitung (print)&quot;","block_context":{"text":"JazzZeitung (print)","link":"https:\/\/www.jazzzeitung.de\/cms\/thema\/archiv\/jazzzeitung-print\/"},"img":{"alt_text":"Joachim K\u00fchn 2014 web (c) Juan Martin Koch","src":"https:\/\/i0.wp.com\/www.jazzzeitung.de\/cms\/wp-content\/uploads\/2014\/04\/Joachim-K%C3%BChn-2014-web-c-Juan-Martin-Koch.jpg?fit=929%2C622&ssl=1&resize=350%2C200","width":350,"height":200,"srcset":"https:\/\/i0.wp.com\/www.jazzzeitung.de\/cms\/wp-content\/uploads\/2014\/04\/Joachim-K%C3%BChn-2014-web-c-Juan-Martin-Koch.jpg?fit=929%2C622&ssl=1&resize=350%2C200 1x, https:\/\/i0.wp.com\/www.jazzzeitung.de\/cms\/wp-content\/uploads\/2014\/04\/Joachim-K%C3%BChn-2014-web-c-Juan-Martin-Koch.jpg?fit=929%2C622&ssl=1&resize=525%2C300 1.5x, https:\/\/i0.wp.com\/www.jazzzeitung.de\/cms\/wp-content\/uploads\/2014\/04\/Joachim-K%C3%BChn-2014-web-c-Juan-Martin-Koch.jpg?fit=929%2C622&ssl=1&resize=700%2C400 2x"},"classes":[]},{"id":10223,"url":"https:\/\/www.jazzzeitung.de\/cms\/2016\/10\/23-udj-jazzforum-17-18-november-2016-im-stadtgarten-koeln\/","url_meta":{"origin":28211,"position":4},"title":"23. UDJ-Jazzforum am 17.\/18. November 2016 im Stadtgarten K\u00f6ln","author":"Redaktion JazzZeitung","date":"14. Oktober 2016","format":false,"excerpt":"Am 17. und 18. November 2016 wird das 23. UDJ-Jazzforum MusikerInnen, Kulturschaffende und JazzliebhaberInnen aus ganz Deutschland in den Stadtgarten K\u00f6ln locken. Die Union Deutscher Jazzmusiker ist das Sprachrohr der Jazzmusikerinnen und -musiker in Deutschland. Im Alltag tritt die UDJ als Interessenvereinigung seit \u00fcber 40 Jahren vorrangig bundespolitisch in Erscheinung\u2026","rel":"","context":"In &quot;News&quot;","block_context":{"text":"News","link":"https:\/\/www.jazzzeitung.de\/cms\/thema\/nachrichten\/"},"img":{"alt_text":"","src":"https:\/\/i0.wp.com\/www.jazzzeitung.de\/cms\/wp-content\/uploads\/2016\/10\/JAZZFORUM-WEB_765x1082.jpg?fit=765%2C1082&ssl=1&resize=350%2C200","width":350,"height":200,"srcset":"https:\/\/i0.wp.com\/www.jazzzeitung.de\/cms\/wp-content\/uploads\/2016\/10\/JAZZFORUM-WEB_765x1082.jpg?fit=765%2C1082&ssl=1&resize=350%2C200 1x, https:\/\/i0.wp.com\/www.jazzzeitung.de\/cms\/wp-content\/uploads\/2016\/10\/JAZZFORUM-WEB_765x1082.jpg?fit=765%2C1082&ssl=1&resize=525%2C300 1.5x, https:\/\/i0.wp.com\/www.jazzzeitung.de\/cms\/wp-content\/uploads\/2016\/10\/JAZZFORUM-WEB_765x1082.jpg?fit=765%2C1082&ssl=1&resize=700%2C400 2x"},"classes":[]},{"id":20740,"url":"https:\/\/www.jazzzeitung.de\/cms\/2019\/09\/die-jazz-radiowoche-vom-30-09-19-bis-06-10-2019\/","url_meta":{"origin":28211,"position":5},"title":"Die Jazz-Radiowoche vom 30.09.19 bis 06.10.2019","author":"Martin Hufner","date":"29. September 2019","format":false,"excerpt":"Ein kleiner Blick in die Jazzwoche 40 im Radio. Die \u00dcbersicht zum Download als PDF. Alle Angaben ohne Gew\u00e4hr. Jazz im Radio (Fernsehen) SR2 \u2013 JazzNow \u2013 Sonntags von 20.04 bis 22.30 Uhr BR-KLASSIK \u2013 Jazztime \u2013 Von Montag bis Freitag t\u00e4glich um 23.05 Uhr rbb-kultur \u2013 Late Night Jazz\u2026","rel":"","context":"In &quot;News&quot;","block_context":{"text":"News","link":"https:\/\/www.jazzzeitung.de\/cms\/thema\/nachrichten\/"},"img":{"alt_text":"Jazz im Radio. Foto: Hufner","src":"https:\/\/i0.wp.com\/www.jazzzeitung.de\/cms\/wp-content\/uploads\/2019\/03\/jazz_im_radio.jpg?fit=1200%2C773&ssl=1&resize=350%2C200","width":350,"height":200,"srcset":"https:\/\/i0.wp.com\/www.jazzzeitung.de\/cms\/wp-content\/uploads\/2019\/03\/jazz_im_radio.jpg?fit=1200%2C773&ssl=1&resize=350%2C200 1x, https:\/\/i0.wp.com\/www.jazzzeitung.de\/cms\/wp-content\/uploads\/2019\/03\/jazz_im_radio.jpg?fit=1200%2C773&ssl=1&resize=525%2C300 1.5x, https:\/\/i0.wp.com\/www.jazzzeitung.de\/cms\/wp-content\/uploads\/2019\/03\/jazz_im_radio.jpg?fit=1200%2C773&ssl=1&resize=700%2C400 2x, https:\/\/i0.wp.com\/www.jazzzeitung.de\/cms\/wp-content\/uploads\/2019\/03\/jazz_im_radio.jpg?fit=1200%2C773&ssl=1&resize=1050%2C600 3x"},"classes":[]}],"jetpack_sharing_enabled":true,"_links":{"self":[{"href":"https:\/\/www.jazzzeitung.de\/cms\/wp-json\/wp\/v2\/posts\/28211","targetHints":{"allow":["GET"]}}],"collection":[{"href":"https:\/\/www.jazzzeitung.de\/cms\/wp-json\/wp\/v2\/posts"}],"about":[{"href":"https:\/\/www.jazzzeitung.de\/cms\/wp-json\/wp\/v2\/types\/post"}],"author":[{"embeddable":true,"href":"https:\/\/www.jazzzeitung.de\/cms\/wp-json\/wp\/v2\/users\/28"}],"replies":[{"embeddable":true,"href":"https:\/\/www.jazzzeitung.de\/cms\/wp-json\/wp\/v2\/comments?post=28211"}],"version-history":[{"count":7,"href":"https:\/\/www.jazzzeitung.de\/cms\/wp-json\/wp\/v2\/posts\/28211\/revisions"}],"predecessor-version":[{"id":28222,"href":"https:\/\/www.jazzzeitung.de\/cms\/wp-json\/wp\/v2\/posts\/28211\/revisions\/28222"}],"wp:featuredmedia":[{"embeddable":true,"href":"https:\/\/www.jazzzeitung.de\/cms\/wp-json\/wp\/v2\/media\/28212"}],"wp:attachment":[{"href":"https:\/\/www.jazzzeitung.de\/cms\/wp-json\/wp\/v2\/media?parent=28211"}],"wp:term":[{"taxonomy":"category","embeddable":true,"href":"https:\/\/www.jazzzeitung.de\/cms\/wp-json\/wp\/v2\/categories?post=28211"},{"taxonomy":"post_tag","embeddable":true,"href":"https:\/\/www.jazzzeitung.de\/cms\/wp-json\/wp\/v2\/tags?post=28211"},{"taxonomy":"author","embeddable":true,"href":"https:\/\/www.jazzzeitung.de\/cms\/wp-json\/wp\/v2\/coauthors?post=28211"}],"curies":[{"name":"wp","href":"https:\/\/api.w.org\/{rel}","templated":true}]}}