{"id":28192,"date":"2022-08-19T10:00:29","date_gmt":"2022-08-19T08:00:29","guid":{"rendered":"https:\/\/www.jazzzeitung.de\/cms\/?p=28192"},"modified":"2022-08-19T10:16:35","modified_gmt":"2022-08-19T08:16:35","slug":"news-jazz-open-air-konzerte-buergerhaus-huerth-holidays-2022-rhythm-combination-brass-jazz-sternstunden-unter-freiem-himmel-open-air-festival-neuwied","status":"publish","type":"post","link":"https:\/\/www.jazzzeitung.de\/cms\/2022\/08\/news-jazz-open-air-konzerte-buergerhaus-huerth-holidays-2022-rhythm-combination-brass-jazz-sternstunden-unter-freiem-himmel-open-air-festival-neuwied\/","title":{"rendered":"+++ NEWS: +++ Jazz Open-Air-Konzerte B\u00fcrgerhaus H\u00fcrth +++ Holidays 2022 &#8211; Rhythm Combination &#038; Brass +++ Jazz-Sternstunden unter freiem Himmel: Open-Air-Festival-Neuwied"},"content":{"rendered":"<p><strong>+++ Jazz Open-Air-Konzerte im Kulturbiergarten des B\u00fcrgerhauses H\u00fcrth am 19. und 20. August 2022 +++<\/strong><\/p>\n<figure id=\"attachment_28195\" aria-describedby=\"caption-attachment-28195\" style=\"width: 300px\" class=\"wp-caption alignleft\"><img data-recalc-dims=\"1\" loading=\"lazy\" decoding=\"async\" data-attachment-id=\"28195\" data-permalink=\"https:\/\/www.jazzzeitung.de\/cms\/2022\/08\/news-jazz-open-air-konzerte-buergerhaus-huerth-holidays-2022-rhythm-combination-brass-jazz-sternstunden-unter-freiem-himmel-open-air-festival-neuwied\/pressefoto-marcus-schinkel-1-zutaten-fuer-jazz-eigenes-foto\/\" data-orig-file=\"https:\/\/i0.wp.com\/www.jazzzeitung.de\/cms\/wp-content\/uploads\/2022\/08\/Pressefoto-Marcus-Schinkel-1-ZUTATEN-FUeR-JAZZ-eigenes-Foto.jpg?fit=2133%2C1449&amp;ssl=1\" data-orig-size=\"2133,1449\" data-comments-opened=\"1\" data-image-meta=\"{&quot;aperture&quot;:&quot;0&quot;,&quot;credit&quot;:&quot;&quot;,&quot;camera&quot;:&quot;&quot;,&quot;caption&quot;:&quot;&quot;,&quot;created_timestamp&quot;:&quot;0&quot;,&quot;copyright&quot;:&quot;&quot;,&quot;focal_length&quot;:&quot;0&quot;,&quot;iso&quot;:&quot;0&quot;,&quot;shutter_speed&quot;:&quot;0&quot;,&quot;title&quot;:&quot;&quot;,&quot;orientation&quot;:&quot;1&quot;}\" data-image-title=\"Marcus Schinkel. Foto: Marcus Schinkel\" data-image-description=\"\" data-image-caption=\"\" data-large-file=\"https:\/\/i0.wp.com\/www.jazzzeitung.de\/cms\/wp-content\/uploads\/2022\/08\/Pressefoto-Marcus-Schinkel-1-ZUTATEN-FUeR-JAZZ-eigenes-Foto.jpg?fit=840%2C571&amp;ssl=1\" class=\"wp-image-28195 size-medium\" src=\"https:\/\/i0.wp.com\/www.jazzzeitung.de\/cms\/wp-content\/uploads\/2022\/08\/Pressefoto-Marcus-Schinkel-1-ZUTATEN-FUeR-JAZZ-eigenes-Foto.jpg?resize=300%2C204&#038;ssl=1\" alt=\"Marcus Schinkel. Foto: Ebd.\" width=\"300\" height=\"204\" srcset=\"https:\/\/i0.wp.com\/www.jazzzeitung.de\/cms\/wp-content\/uploads\/2022\/08\/Pressefoto-Marcus-Schinkel-1-ZUTATEN-FUeR-JAZZ-eigenes-Foto.jpg?resize=300%2C204&amp;ssl=1 300w, https:\/\/i0.wp.com\/www.jazzzeitung.de\/cms\/wp-content\/uploads\/2022\/08\/Pressefoto-Marcus-Schinkel-1-ZUTATEN-FUeR-JAZZ-eigenes-Foto.jpg?resize=883%2C600&amp;ssl=1 883w, https:\/\/i0.wp.com\/www.jazzzeitung.de\/cms\/wp-content\/uploads\/2022\/08\/Pressefoto-Marcus-Schinkel-1-ZUTATEN-FUeR-JAZZ-eigenes-Foto.jpg?resize=768%2C522&amp;ssl=1 768w, https:\/\/i0.wp.com\/www.jazzzeitung.de\/cms\/wp-content\/uploads\/2022\/08\/Pressefoto-Marcus-Schinkel-1-ZUTATEN-FUeR-JAZZ-eigenes-Foto.jpg?resize=1536%2C1043&amp;ssl=1 1536w, https:\/\/i0.wp.com\/www.jazzzeitung.de\/cms\/wp-content\/uploads\/2022\/08\/Pressefoto-Marcus-Schinkel-1-ZUTATEN-FUeR-JAZZ-eigenes-Foto.jpg?resize=2048%2C1391&amp;ssl=1 2048w, https:\/\/i0.wp.com\/www.jazzzeitung.de\/cms\/wp-content\/uploads\/2022\/08\/Pressefoto-Marcus-Schinkel-1-ZUTATEN-FUeR-JAZZ-eigenes-Foto.jpg?resize=1320%2C897&amp;ssl=1 1320w, https:\/\/i0.wp.com\/www.jazzzeitung.de\/cms\/wp-content\/uploads\/2022\/08\/Pressefoto-Marcus-Schinkel-1-ZUTATEN-FUeR-JAZZ-eigenes-Foto.jpg?w=1680&amp;ssl=1 1680w\" sizes=\"auto, (max-width: 300px) 100vw, 300px\" \/><figcaption id=\"caption-attachment-28195\" class=\"wp-caption-text\">Marcus Schinkel (mitte). Foto: Ebd.<\/figcaption><\/figure>\n<p>Raus aus dem Keller: Abschluss der sechsteiligen Open-Air-Konzertheihe mit zwei weiteren Konzerten. Am 19. August widmet sich die Louis Armstrong Celebration Band unter S\u00e4nger und Trompeter Michael Varekamp, zusammen mit Pianist Harry Kanters, der Musik Uncle Satchmos. Kr\u00f6nender Abschluss bildet am 20. August das vom Pianisten Marcus Schinkel und seinem Trio zusammengestellte Programm &#8222;Beethoven meets Jazz&#8220;. Schinkel er\u00f6ffnet eine &#8222;jazzige&#8220; Perspektive auf den Komponisten und verbindet dabei Virtuosit\u00e4t, musikalischen Witz und Anekdoten rund um das Leben des Klassik-Titanen zu einem unterhalterischen Ereignis.<\/p>\n<p>&nbsp;<\/p>\n<p><strong>+++ hr-Bigband: Holidays 2022 &#8211; &#8222;Rhythm Combination &amp; Brass&#8220; und Pop-Abo +++<\/strong><\/p>\n<p>Die hr-Bigband (Titelfoto\/hr) l\u00e4sst am 4. September 2022 das musikalische Erbe Peter Herbolzheimers, der wohl wie kein anderer die europ\u00e4ische Jazzszene gepr\u00e4gt hat, wiederaufleben. Mit seiner Big Band Rhythm Combination &amp; Brass entwickelte Herbolzheimer in den 1970er-Jahren eine Vorliebe f\u00fcr reichhaltigen<\/p>\n<figure id=\"attachment_28199\" aria-describedby=\"caption-attachment-28199\" style=\"width: 300px\" class=\"wp-caption alignright\"><img data-recalc-dims=\"1\" loading=\"lazy\" decoding=\"async\" data-attachment-id=\"28199\" data-permalink=\"https:\/\/www.jazzzeitung.de\/cms\/2022\/08\/news-jazz-open-air-konzerte-buergerhaus-huerth-holidays-2022-rhythm-combination-brass-jazz-sternstunden-unter-freiem-himmel-open-air-festival-neuwied\/denalane_joy106\/\" data-orig-file=\"https:\/\/i0.wp.com\/www.jazzzeitung.de\/cms\/wp-content\/uploads\/2022\/08\/denalane_joy106.jpg?fit=2303%2C1535&amp;ssl=1\" data-orig-size=\"2303,1535\" data-comments-opened=\"1\" data-image-meta=\"{&quot;aperture&quot;:&quot;11&quot;,&quot;credit&quot;:&quot;&quot;,&quot;camera&quot;:&quot;Canon EOS 5D Mark III&quot;,&quot;caption&quot;:&quot;\\u00a9 HR\/Ulrike Rindermann - honorarfrei, Verwendung nur im Zusammenhang mit einem redaktionellen Beitrag \\u00fcber Sendungen oder Aktivit\\u00e4ten des Hessischen Rundfunks, seiner Personen oder seiner Einrichtungen bei Nennung \\&quot;Bild: HR\/Ulrike Rindermann\\&quot;. Andere Verwendung nur nach Absprache. HR\/Pressestelle 069\/155 -4954.\\rBild: Joy Denalane.&quot;,&quot;created_timestamp&quot;:&quot;1589470017&quot;,&quot;copyright&quot;:&quot;&quot;,&quot;focal_length&quot;:&quot;70&quot;,&quot;iso&quot;:&quot;400&quot;,&quot;shutter_speed&quot;:&quot;0.008&quot;,&quot;title&quot;:&quot;&quot;,&quot;orientation&quot;:&quot;1&quot;}\" data-image-title=\"denalane_joy106\" data-image-description=\"\" data-image-caption=\"&lt;p&gt;\u00a9 HR\/Ulrike Rindermann &amp;#8211; honorarfrei, Verwendung nur im Zusammenhang mit einem redaktionellen Beitrag \u00fcber Sendungen oder Aktivit\u00e4ten des Hessischen Rundfunks, seiner Personen oder seiner Einrichtungen bei Nennung &amp;#8222;Bild: HR\/Ulrike Rindermann&amp;#8220;. Andere Verwendung nur nach Absprache. HR\/Pressestelle 069\/155 -4954.&lt;br \/&gt;\nBild: Joy Denalane.&lt;\/p&gt;\n\" data-large-file=\"https:\/\/i0.wp.com\/www.jazzzeitung.de\/cms\/wp-content\/uploads\/2022\/08\/denalane_joy106.jpg?fit=840%2C560&amp;ssl=1\" class=\"wp-image-28199 size-medium\" src=\"https:\/\/i0.wp.com\/www.jazzzeitung.de\/cms\/wp-content\/uploads\/2022\/08\/denalane_joy106.jpg?resize=300%2C200&#038;ssl=1\" alt=\"\" width=\"300\" height=\"200\" srcset=\"https:\/\/i0.wp.com\/www.jazzzeitung.de\/cms\/wp-content\/uploads\/2022\/08\/denalane_joy106.jpg?resize=300%2C200&amp;ssl=1 300w, https:\/\/i0.wp.com\/www.jazzzeitung.de\/cms\/wp-content\/uploads\/2022\/08\/denalane_joy106.jpg?resize=900%2C600&amp;ssl=1 900w, https:\/\/i0.wp.com\/www.jazzzeitung.de\/cms\/wp-content\/uploads\/2022\/08\/denalane_joy106.jpg?resize=768%2C512&amp;ssl=1 768w, https:\/\/i0.wp.com\/www.jazzzeitung.de\/cms\/wp-content\/uploads\/2022\/08\/denalane_joy106.jpg?resize=1536%2C1024&amp;ssl=1 1536w, https:\/\/i0.wp.com\/www.jazzzeitung.de\/cms\/wp-content\/uploads\/2022\/08\/denalane_joy106.jpg?resize=2048%2C1365&amp;ssl=1 2048w, https:\/\/i0.wp.com\/www.jazzzeitung.de\/cms\/wp-content\/uploads\/2022\/08\/denalane_joy106.jpg?resize=120%2C80&amp;ssl=1 120w, https:\/\/i0.wp.com\/www.jazzzeitung.de\/cms\/wp-content\/uploads\/2022\/08\/denalane_joy106.jpg?resize=1320%2C880&amp;ssl=1 1320w, https:\/\/i0.wp.com\/www.jazzzeitung.de\/cms\/wp-content\/uploads\/2022\/08\/denalane_joy106.jpg?w=1680&amp;ssl=1 1680w\" sizes=\"auto, (max-width: 300px) 100vw, 300px\" \/><figcaption id=\"caption-attachment-28199\" class=\"wp-caption-text\">Joy Denalane. Foto: hr\/Ulrike Rindermann<\/figcaption><\/figure>\n<p>Blechbl\u00e4sersound. An diese Klanglichkeit m\u00f6chte die hr-Bigband ankn\u00fcpfen. Am 16. September l\u00e4sst sich diese von Soul-S\u00e4ngerin Joy Denalane bereichern. Diese tritt in die Fu\u00dfstapfen von Gr\u00f6\u00dfen wie Aretha Franklin und Stevie Wonder und brilliert mit dem Soul der 1960er- und 1970-Jahren.<\/p>\n<p>&nbsp;<\/p>\n<p><strong>+++ Jazz-Sternstunden: Opern-Air-Festival Neuwied +++<\/strong><\/p>\n<p data-wp-editing=\"1\">Am 26.\u201327. August 2022 findet die 45. Ausgabe des Jazzfestivals Neuwied im Schloss Engers statt. Auch dieses Jahr versucht das Festival dieser beeindruckenden Historie aufs Neue gerecht zu werden. F\u00fcr den 26. August stehen Philip Catherine &amp; Jasper van&#8217;t Hof auf der B\u00fchne, zwei Urgesteine des Europ\u00e4ischen Jazz, sowie Markus Stockhausen und sein neues Quartett. Diese wollen mit spielerischem K\u00f6nnen, farbenreiche Komposition und intuitives Spiel zu einem harmonischen Ganzen\u00a0 zusammenf\u00fcgen. Der 27. August trumpft dann nochmal mit dem preisgekr\u00f6nten Tingvall Piano-Trio auf. <img data-recalc-dims=\"1\" loading=\"lazy\" decoding=\"async\" data-attachment-id=\"28197\" data-permalink=\"https:\/\/www.jazzzeitung.de\/cms\/2022\/08\/news-jazz-open-air-konzerte-buergerhaus-huerth-holidays-2022-rhythm-combination-brass-jazz-sternstunden-unter-freiem-himmel-open-air-festival-neuwied\/tingvall-trio_leds_by-steven-haberland1\/\" data-orig-file=\"https:\/\/i0.wp.com\/www.jazzzeitung.de\/cms\/wp-content\/uploads\/2022\/08\/Tingvall-Trio_LEDs_by-Steven-Haberland1-scaled.jpg?fit=2560%2C1708&amp;ssl=1\" data-orig-size=\"2560,1708\" data-comments-opened=\"1\" data-image-meta=\"{&quot;aperture&quot;:&quot;0&quot;,&quot;credit&quot;:&quot;&quot;,&quot;camera&quot;:&quot;&quot;,&quot;caption&quot;:&quot;&quot;,&quot;created_timestamp&quot;:&quot;0&quot;,&quot;copyright&quot;:&quot;&quot;,&quot;focal_length&quot;:&quot;0&quot;,&quot;iso&quot;:&quot;0&quot;,&quot;shutter_speed&quot;:&quot;0&quot;,&quot;title&quot;:&quot;&quot;,&quot;orientation&quot;:&quot;0&quot;}\" data-image-title=\"Tingvall Trio\" data-image-description=\"\" data-image-caption=\"\" data-large-file=\"https:\/\/i0.wp.com\/www.jazzzeitung.de\/cms\/wp-content\/uploads\/2022\/08\/Tingvall-Trio_LEDs_by-Steven-Haberland1-scaled.jpg?fit=840%2C560&amp;ssl=1\" class=\"alignleft wp-image-28197 size-medium\" src=\"https:\/\/i0.wp.com\/www.jazzzeitung.de\/cms\/wp-content\/uploads\/2022\/08\/Tingvall-Trio_LEDs_by-Steven-Haberland1.jpg?resize=300%2C200&#038;ssl=1\" alt=\"\" width=\"300\" height=\"200\" srcset=\"https:\/\/i0.wp.com\/www.jazzzeitung.de\/cms\/wp-content\/uploads\/2022\/08\/Tingvall-Trio_LEDs_by-Steven-Haberland1-scaled.jpg?resize=300%2C200&amp;ssl=1 300w, https:\/\/i0.wp.com\/www.jazzzeitung.de\/cms\/wp-content\/uploads\/2022\/08\/Tingvall-Trio_LEDs_by-Steven-Haberland1-scaled.jpg?resize=900%2C600&amp;ssl=1 900w, https:\/\/i0.wp.com\/www.jazzzeitung.de\/cms\/wp-content\/uploads\/2022\/08\/Tingvall-Trio_LEDs_by-Steven-Haberland1-scaled.jpg?resize=768%2C512&amp;ssl=1 768w, https:\/\/i0.wp.com\/www.jazzzeitung.de\/cms\/wp-content\/uploads\/2022\/08\/Tingvall-Trio_LEDs_by-Steven-Haberland1-scaled.jpg?resize=1536%2C1025&amp;ssl=1 1536w, https:\/\/i0.wp.com\/www.jazzzeitung.de\/cms\/wp-content\/uploads\/2022\/08\/Tingvall-Trio_LEDs_by-Steven-Haberland1-scaled.jpg?resize=2048%2C1367&amp;ssl=1 2048w, https:\/\/i0.wp.com\/www.jazzzeitung.de\/cms\/wp-content\/uploads\/2022\/08\/Tingvall-Trio_LEDs_by-Steven-Haberland1-scaled.jpg?resize=120%2C80&amp;ssl=1 120w, https:\/\/i0.wp.com\/www.jazzzeitung.de\/cms\/wp-content\/uploads\/2022\/08\/Tingvall-Trio_LEDs_by-Steven-Haberland1-scaled.jpg?resize=1320%2C881&amp;ssl=1 1320w, https:\/\/i0.wp.com\/www.jazzzeitung.de\/cms\/wp-content\/uploads\/2022\/08\/Tingvall-Trio_LEDs_by-Steven-Haberland1-scaled.jpg?w=1680&amp;ssl=1 1680w, https:\/\/i0.wp.com\/www.jazzzeitung.de\/cms\/wp-content\/uploads\/2022\/08\/Tingvall-Trio_LEDs_by-Steven-Haberland1-scaled.jpg?w=2520&amp;ssl=1 2520w\" sizes=\"auto, (max-width: 300px) 100vw, 300px\" \/>Abschlie\u00dfend konnte noch der ukrainische Gitarrenvirtuose Enver Izmailov gewonnen werden, dessen Musik mit Zitaten slawischer Folklore genauso arbeitet wie mit weiteren experimentellen Stilmerkmalen.<\/p>\n<p>&nbsp;<\/p>\n","protected":false},"excerpt":{"rendered":"<p>+++ Jazz Open-Air-Konzerte im Kulturbiergarten des B\u00fcrgerhauses H\u00fcrth am 19. und 20. August 2022 +++ Raus aus dem Keller: Abschluss der sechsteiligen Open-Air-Konzertheihe mit zwei weiteren Konzerten. Am 19. August widmet sich die Louis Armstrong Celebration Band unter S\u00e4nger und Trompeter Michael Varekamp, zusammen mit Pianist Harry Kanters, der Musik Uncle Satchmos. Kr\u00f6nender Abschluss bildet am 20. August das vom Pianisten Marcus Schinkel und seinem Trio zusammengestellte Programm &#8222;Beethoven meets Jazz&#8220;. Schinkel er\u00f6ffnet eine &#8222;jazzige&#8220; Perspektive auf den Komponisten und verbindet dabei Virtuosit\u00e4t, musikalischen Witz und Anekdoten rund um das Leben des Klassik-Titanen zu einem unterhalterischen Ereignis. &nbsp; +++ hr-Bigband: Holidays 2022 &#8211; &#8222;Rhythm Combination &amp; Brass&#8220; und Pop-Abo +++ Die hr-Bigband (Titelfoto\/hr) l\u00e4sst am 4. September 2022 das musikalische Erbe Peter Herbolzheimers, der wohl wie kein anderer die europ\u00e4ische Jazzszene gepr\u00e4gt hat, wiederaufleben. Mit seiner Big Band Rhythm Combination &amp; Brass entwickelte Herbolzheimer in den 1970er-Jahren eine Vorliebe f\u00fcr reichhaltigen Blechbl\u00e4sersound. An diese Klanglichkeit m\u00f6chte die hr-Bigband ankn\u00fcpfen. Am 16. September l\u00e4sst sich diese von Soul-S\u00e4ngerin Joy Denalane bereichern. Diese tritt in die Fu\u00dfstapfen von Gr\u00f6\u00dfen wie Aretha Franklin und Stevie Wonder und brilliert &hellip;<\/p>\n","protected":false},"author":18,"featured_media":28198,"comment_status":"open","ping_status":"closed","sticky":false,"template":"","format":"standard","meta":{"_jetpack_memberships_contains_paid_content":false,"footnotes":"","jetpack_publicize_message":"","jetpack_publicize_feature_enabled":true,"jetpack_social_post_already_shared":false,"jetpack_social_options":{"image_generator_settings":{"template":"highway","default_image_id":0,"font":"","enabled":false},"version":2}},"categories":[633],"tags":[4276,2776,1777,1033,1821],"coauthors":[695],"class_list":["post-28192","post","type-post","status-publish","format-standard","has-post-thumbnail","hentry","category-nachrichten","tag-enver-izmailov","tag-hr-big-band","tag-jasper-vant-hof","tag-joy-denalane","tag-philip-catherine"],"yoast_head":"<!-- This site is optimized with the Yoast SEO plugin v27.5 - https:\/\/yoast.com\/product\/yoast-seo-wordpress\/ -->\n<title>+++ NEWS: +++ Jazz Open-Air-Konzerte B\u00fcrgerhaus H\u00fcrth +++ Holidays 2022 - Rhythm Combination &amp; Brass +++ Jazz-Sternstunden unter freiem Himmel: Open-Air-Festival-Neuwied - JazzZeitung<\/title>\n<meta name=\"robots\" content=\"index, follow, max-snippet:-1, max-image-preview:large, max-video-preview:-1\" \/>\n<link rel=\"canonical\" href=\"https:\/\/www.jazzzeitung.de\/cms\/2022\/08\/news-jazz-open-air-konzerte-buergerhaus-huerth-holidays-2022-rhythm-combination-brass-jazz-sternstunden-unter-freiem-himmel-open-air-festival-neuwied\/\" \/>\n<meta property=\"og:locale\" content=\"de_DE\" \/>\n<meta property=\"og:type\" content=\"article\" \/>\n<meta property=\"og:title\" content=\"+++ NEWS: +++ Jazz Open-Air-Konzerte B\u00fcrgerhaus H\u00fcrth +++ Holidays 2022 - Rhythm Combination &amp; Brass +++ Jazz-Sternstunden unter freiem Himmel: Open-Air-Festival-Neuwied - JazzZeitung\" \/>\n<meta property=\"og:description\" content=\"+++ Jazz Open-Air-Konzerte im Kulturbiergarten des B\u00fcrgerhauses H\u00fcrth am 19. und 20. August 2022 +++ Raus aus dem Keller: Abschluss der sechsteiligen Open-Air-Konzertheihe mit zwei weiteren Konzerten. Am 19. August widmet sich die Louis Armstrong Celebration Band unter S\u00e4nger und Trompeter Michael Varekamp, zusammen mit Pianist Harry Kanters, der Musik Uncle Satchmos. Kr\u00f6nender Abschluss bildet am 20. August das vom Pianisten Marcus Schinkel und seinem Trio zusammengestellte Programm &#8222;Beethoven meets Jazz&#8220;. Schinkel er\u00f6ffnet eine &#8222;jazzige&#8220; Perspektive auf den Komponisten und verbindet dabei Virtuosit\u00e4t, musikalischen Witz und Anekdoten rund um das Leben des Klassik-Titanen zu einem unterhalterischen Ereignis. &nbsp; +++ hr-Bigband: Holidays 2022 &#8211; &#8222;Rhythm Combination &amp; Brass&#8220; und Pop-Abo +++ Die hr-Bigband (Titelfoto\/hr) l\u00e4sst am 4. September 2022 das musikalische Erbe Peter Herbolzheimers, der wohl wie kein anderer die europ\u00e4ische Jazzszene gepr\u00e4gt hat, wiederaufleben. Mit seiner Big Band Rhythm Combination &amp; Brass entwickelte Herbolzheimer in den 1970er-Jahren eine Vorliebe f\u00fcr reichhaltigen Blechbl\u00e4sersound. An diese Klanglichkeit m\u00f6chte die hr-Bigband ankn\u00fcpfen. Am 16. September l\u00e4sst sich diese von Soul-S\u00e4ngerin Joy Denalane bereichern. Diese tritt in die Fu\u00dfstapfen von Gr\u00f6\u00dfen wie Aretha Franklin und Stevie Wonder und brilliert &hellip;\" \/>\n<meta property=\"og:url\" content=\"https:\/\/www.jazzzeitung.de\/cms\/2022\/08\/news-jazz-open-air-konzerte-buergerhaus-huerth-holidays-2022-rhythm-combination-brass-jazz-sternstunden-unter-freiem-himmel-open-air-festival-neuwied\/\" \/>\n<meta property=\"og:site_name\" content=\"JazzZeitung\" \/>\n<meta property=\"article:publisher\" content=\"https:\/\/www.facebook.com\/JazzZeitung\/\" \/>\n<meta property=\"article:published_time\" content=\"2022-08-19T08:00:29+00:00\" \/>\n<meta property=\"article:modified_time\" content=\"2022-08-19T08:16:35+00:00\" \/>\n<meta property=\"og:image\" content=\"https:\/\/www.jazzzeitung.de\/cms\/wp-content\/uploads\/2022\/08\/hr-bigband-118.jpg\" \/>\n\t<meta property=\"og:image:width\" content=\"2303\" \/>\n\t<meta property=\"og:image:height\" content=\"1535\" \/>\n\t<meta property=\"og:image:type\" content=\"image\/jpeg\" \/>\n<meta name=\"author\" content=\"Redaktion JazzZeitung\" \/>\n<script type=\"application\/ld+json\" class=\"yoast-schema-graph\">{\"@context\":\"https:\\\/\\\/schema.org\",\"@graph\":[{\"@type\":\"Article\",\"@id\":\"https:\\\/\\\/www.jazzzeitung.de\\\/cms\\\/2022\\\/08\\\/news-jazz-open-air-konzerte-buergerhaus-huerth-holidays-2022-rhythm-combination-brass-jazz-sternstunden-unter-freiem-himmel-open-air-festival-neuwied\\\/#article\",\"isPartOf\":{\"@id\":\"https:\\\/\\\/www.jazzzeitung.de\\\/cms\\\/2022\\\/08\\\/news-jazz-open-air-konzerte-buergerhaus-huerth-holidays-2022-rhythm-combination-brass-jazz-sternstunden-unter-freiem-himmel-open-air-festival-neuwied\\\/\"},\"author\":{\"name\":\"Redaktion JazzZeitung\",\"@id\":\"https:\\\/\\\/www.jazzzeitung.de\\\/cms\\\/#\\\/schema\\\/person\\\/2245b36b9cd1d24cea10f01c031fb92b\"},\"headline\":\"+++ NEWS: +++ Jazz Open-Air-Konzerte B\u00fcrgerhaus H\u00fcrth +++ Holidays 2022 &#8211; Rhythm Combination &#038; Brass +++ Jazz-Sternstunden unter freiem Himmel: Open-Air-Festival-Neuwied\",\"datePublished\":\"2022-08-19T08:00:29+00:00\",\"dateModified\":\"2022-08-19T08:16:35+00:00\",\"mainEntityOfPage\":{\"@id\":\"https:\\\/\\\/www.jazzzeitung.de\\\/cms\\\/2022\\\/08\\\/news-jazz-open-air-konzerte-buergerhaus-huerth-holidays-2022-rhythm-combination-brass-jazz-sternstunden-unter-freiem-himmel-open-air-festival-neuwied\\\/\"},\"wordCount\":352,\"commentCount\":0,\"publisher\":{\"@id\":\"https:\\\/\\\/www.jazzzeitung.de\\\/cms\\\/#organization\"},\"image\":{\"@id\":\"https:\\\/\\\/www.jazzzeitung.de\\\/cms\\\/2022\\\/08\\\/news-jazz-open-air-konzerte-buergerhaus-huerth-holidays-2022-rhythm-combination-brass-jazz-sternstunden-unter-freiem-himmel-open-air-festival-neuwied\\\/#primaryimage\"},\"thumbnailUrl\":\"https:\\\/\\\/i0.wp.com\\\/www.jazzzeitung.de\\\/cms\\\/wp-content\\\/uploads\\\/2022\\\/08\\\/hr-bigband-118.jpg?fit=2303%2C1535&ssl=1\",\"keywords\":[\"Enver Izmailov\",\"HR-Big Band\",\"Jasper van\u00b4t Hof\",\"Joy Denalane\",\"Philip Catherine\"],\"articleSection\":[\"News\"],\"inLanguage\":\"de\",\"potentialAction\":[{\"@type\":\"CommentAction\",\"name\":\"Comment\",\"target\":[\"https:\\\/\\\/www.jazzzeitung.de\\\/cms\\\/2022\\\/08\\\/news-jazz-open-air-konzerte-buergerhaus-huerth-holidays-2022-rhythm-combination-brass-jazz-sternstunden-unter-freiem-himmel-open-air-festival-neuwied\\\/#respond\"]}]},{\"@type\":\"WebPage\",\"@id\":\"https:\\\/\\\/www.jazzzeitung.de\\\/cms\\\/2022\\\/08\\\/news-jazz-open-air-konzerte-buergerhaus-huerth-holidays-2022-rhythm-combination-brass-jazz-sternstunden-unter-freiem-himmel-open-air-festival-neuwied\\\/\",\"url\":\"https:\\\/\\\/www.jazzzeitung.de\\\/cms\\\/2022\\\/08\\\/news-jazz-open-air-konzerte-buergerhaus-huerth-holidays-2022-rhythm-combination-brass-jazz-sternstunden-unter-freiem-himmel-open-air-festival-neuwied\\\/\",\"name\":\"+++ NEWS: +++ Jazz Open-Air-Konzerte B\u00fcrgerhaus H\u00fcrth +++ Holidays 2022 - Rhythm Combination & Brass +++ Jazz-Sternstunden unter freiem Himmel: Open-Air-Festival-Neuwied - JazzZeitung\",\"isPartOf\":{\"@id\":\"https:\\\/\\\/www.jazzzeitung.de\\\/cms\\\/#website\"},\"primaryImageOfPage\":{\"@id\":\"https:\\\/\\\/www.jazzzeitung.de\\\/cms\\\/2022\\\/08\\\/news-jazz-open-air-konzerte-buergerhaus-huerth-holidays-2022-rhythm-combination-brass-jazz-sternstunden-unter-freiem-himmel-open-air-festival-neuwied\\\/#primaryimage\"},\"image\":{\"@id\":\"https:\\\/\\\/www.jazzzeitung.de\\\/cms\\\/2022\\\/08\\\/news-jazz-open-air-konzerte-buergerhaus-huerth-holidays-2022-rhythm-combination-brass-jazz-sternstunden-unter-freiem-himmel-open-air-festival-neuwied\\\/#primaryimage\"},\"thumbnailUrl\":\"https:\\\/\\\/i0.wp.com\\\/www.jazzzeitung.de\\\/cms\\\/wp-content\\\/uploads\\\/2022\\\/08\\\/hr-bigband-118.jpg?fit=2303%2C1535&ssl=1\",\"datePublished\":\"2022-08-19T08:00:29+00:00\",\"dateModified\":\"2022-08-19T08:16:35+00:00\",\"breadcrumb\":{\"@id\":\"https:\\\/\\\/www.jazzzeitung.de\\\/cms\\\/2022\\\/08\\\/news-jazz-open-air-konzerte-buergerhaus-huerth-holidays-2022-rhythm-combination-brass-jazz-sternstunden-unter-freiem-himmel-open-air-festival-neuwied\\\/#breadcrumb\"},\"inLanguage\":\"de\",\"potentialAction\":[{\"@type\":\"ReadAction\",\"target\":[\"https:\\\/\\\/www.jazzzeitung.de\\\/cms\\\/2022\\\/08\\\/news-jazz-open-air-konzerte-buergerhaus-huerth-holidays-2022-rhythm-combination-brass-jazz-sternstunden-unter-freiem-himmel-open-air-festival-neuwied\\\/\"]}]},{\"@type\":\"ImageObject\",\"inLanguage\":\"de\",\"@id\":\"https:\\\/\\\/www.jazzzeitung.de\\\/cms\\\/2022\\\/08\\\/news-jazz-open-air-konzerte-buergerhaus-huerth-holidays-2022-rhythm-combination-brass-jazz-sternstunden-unter-freiem-himmel-open-air-festival-neuwied\\\/#primaryimage\",\"url\":\"https:\\\/\\\/i0.wp.com\\\/www.jazzzeitung.de\\\/cms\\\/wp-content\\\/uploads\\\/2022\\\/08\\\/hr-bigband-118.jpg?fit=2303%2C1535&ssl=1\",\"contentUrl\":\"https:\\\/\\\/i0.wp.com\\\/www.jazzzeitung.de\\\/cms\\\/wp-content\\\/uploads\\\/2022\\\/08\\\/hr-bigband-118.jpg?fit=2303%2C1535&ssl=1\",\"width\":2303,\"height\":1535,\"caption\":\"hr-Bigband. Foto: Dirk Ostermeier\"},{\"@type\":\"BreadcrumbList\",\"@id\":\"https:\\\/\\\/www.jazzzeitung.de\\\/cms\\\/2022\\\/08\\\/news-jazz-open-air-konzerte-buergerhaus-huerth-holidays-2022-rhythm-combination-brass-jazz-sternstunden-unter-freiem-himmel-open-air-festival-neuwied\\\/#breadcrumb\",\"itemListElement\":[{\"@type\":\"ListItem\",\"position\":1,\"name\":\"Startseite\",\"item\":\"https:\\\/\\\/www.jazzzeitung.de\\\/cms\\\/\"},{\"@type\":\"ListItem\",\"position\":2,\"name\":\"+++ NEWS: +++ Jazz Open-Air-Konzerte B\u00fcrgerhaus H\u00fcrth +++ Holidays 2022 &#8211; Rhythm Combination &#038; Brass +++ Jazz-Sternstunden unter freiem Himmel: Open-Air-Festival-Neuwied\"}]},{\"@type\":\"WebSite\",\"@id\":\"https:\\\/\\\/www.jazzzeitung.de\\\/cms\\\/#website\",\"url\":\"https:\\\/\\\/www.jazzzeitung.de\\\/cms\\\/\",\"name\":\"JazzZeitung\",\"description\":\"Jazz-News und Jazz-Kontroverses\",\"publisher\":{\"@id\":\"https:\\\/\\\/www.jazzzeitung.de\\\/cms\\\/#organization\"},\"potentialAction\":[{\"@type\":\"SearchAction\",\"target\":{\"@type\":\"EntryPoint\",\"urlTemplate\":\"https:\\\/\\\/www.jazzzeitung.de\\\/cms\\\/?s={search_term_string}\"},\"query-input\":{\"@type\":\"PropertyValueSpecification\",\"valueRequired\":true,\"valueName\":\"search_term_string\"}}],\"inLanguage\":\"de\"},{\"@type\":\"Organization\",\"@id\":\"https:\\\/\\\/www.jazzzeitung.de\\\/cms\\\/#organization\",\"name\":\"JazzZeitung online\",\"url\":\"https:\\\/\\\/www.jazzzeitung.de\\\/cms\\\/\",\"logo\":{\"@type\":\"ImageObject\",\"inLanguage\":\"de\",\"@id\":\"https:\\\/\\\/www.jazzzeitung.de\\\/cms\\\/#\\\/schema\\\/logo\\\/image\\\/\",\"url\":\"https:\\\/\\\/i0.wp.com\\\/www.jazzzeitung.de\\\/cms\\\/wp-content\\\/uploads\\\/2015\\\/08\\\/JAZZZEITUNGDE_Logo_Neu.png?fit=499%2C200&ssl=1\",\"contentUrl\":\"https:\\\/\\\/i0.wp.com\\\/www.jazzzeitung.de\\\/cms\\\/wp-content\\\/uploads\\\/2015\\\/08\\\/JAZZZEITUNGDE_Logo_Neu.png?fit=499%2C200&ssl=1\",\"width\":499,\"height\":200,\"caption\":\"JazzZeitung online\"},\"image\":{\"@id\":\"https:\\\/\\\/www.jazzzeitung.de\\\/cms\\\/#\\\/schema\\\/logo\\\/image\\\/\"},\"sameAs\":[\"https:\\\/\\\/www.facebook.com\\\/JazzZeitung\\\/\"]},{\"@type\":\"Person\",\"@id\":\"https:\\\/\\\/www.jazzzeitung.de\\\/cms\\\/#\\\/schema\\\/person\\\/2245b36b9cd1d24cea10f01c031fb92b\",\"name\":\"Redaktion JazzZeitung\",\"image\":{\"@type\":\"ImageObject\",\"inLanguage\":\"de\",\"@id\":\"https:\\\/\\\/i0.wp.com\\\/www.jazzzeitung.de\\\/cms\\\/wp-content\\\/uploads\\\/2015\\\/08\\\/JAZZZEITUNGDE_Logo_Neu.png?resize=96%2C96&ssl=159975dcacb611b5700bd619b5daf0a7a\",\"url\":\"https:\\\/\\\/i0.wp.com\\\/www.jazzzeitung.de\\\/cms\\\/wp-content\\\/uploads\\\/2015\\\/08\\\/JAZZZEITUNGDE_Logo_Neu.png?resize=96%2C96&ssl=1\",\"contentUrl\":\"https:\\\/\\\/i0.wp.com\\\/www.jazzzeitung.de\\\/cms\\\/wp-content\\\/uploads\\\/2015\\\/08\\\/JAZZZEITUNGDE_Logo_Neu.png?resize=96%2C96&ssl=1\",\"caption\":\"Redaktion JazzZeitung\"},\"description\":\"Artikel der Redaktion der JazzZeitung.\",\"sameAs\":[\"http:\\\/\\\/www.jazzzeitung.de\\\/cms\\\/\"],\"url\":\"https:\\\/\\\/www.jazzzeitung.de\\\/cms\\\/author\\\/redaktion\\\/\"}]}<\/script>\n<!-- \/ Yoast SEO plugin. -->","yoast_head_json":{"title":"+++ NEWS: +++ Jazz Open-Air-Konzerte B\u00fcrgerhaus H\u00fcrth +++ Holidays 2022 - Rhythm Combination & Brass +++ Jazz-Sternstunden unter freiem Himmel: Open-Air-Festival-Neuwied - JazzZeitung","robots":{"index":"index","follow":"follow","max-snippet":"max-snippet:-1","max-image-preview":"max-image-preview:large","max-video-preview":"max-video-preview:-1"},"canonical":"https:\/\/www.jazzzeitung.de\/cms\/2022\/08\/news-jazz-open-air-konzerte-buergerhaus-huerth-holidays-2022-rhythm-combination-brass-jazz-sternstunden-unter-freiem-himmel-open-air-festival-neuwied\/","og_locale":"de_DE","og_type":"article","og_title":"+++ NEWS: +++ Jazz Open-Air-Konzerte B\u00fcrgerhaus H\u00fcrth +++ Holidays 2022 - Rhythm Combination & Brass +++ Jazz-Sternstunden unter freiem Himmel: Open-Air-Festival-Neuwied - JazzZeitung","og_description":"+++ Jazz Open-Air-Konzerte im Kulturbiergarten des B\u00fcrgerhauses H\u00fcrth am 19. und 20. August 2022 +++ Raus aus dem Keller: Abschluss der sechsteiligen Open-Air-Konzertheihe mit zwei weiteren Konzerten. Am 19. August widmet sich die Louis Armstrong Celebration Band unter S\u00e4nger und Trompeter Michael Varekamp, zusammen mit Pianist Harry Kanters, der Musik Uncle Satchmos. Kr\u00f6nender Abschluss bildet am 20. August das vom Pianisten Marcus Schinkel und seinem Trio zusammengestellte Programm &#8222;Beethoven meets Jazz&#8220;. Schinkel er\u00f6ffnet eine &#8222;jazzige&#8220; Perspektive auf den Komponisten und verbindet dabei Virtuosit\u00e4t, musikalischen Witz und Anekdoten rund um das Leben des Klassik-Titanen zu einem unterhalterischen Ereignis. &nbsp; +++ hr-Bigband: Holidays 2022 &#8211; &#8222;Rhythm Combination &amp; Brass&#8220; und Pop-Abo +++ Die hr-Bigband (Titelfoto\/hr) l\u00e4sst am 4. September 2022 das musikalische Erbe Peter Herbolzheimers, der wohl wie kein anderer die europ\u00e4ische Jazzszene gepr\u00e4gt hat, wiederaufleben. Mit seiner Big Band Rhythm Combination &amp; Brass entwickelte Herbolzheimer in den 1970er-Jahren eine Vorliebe f\u00fcr reichhaltigen Blechbl\u00e4sersound. An diese Klanglichkeit m\u00f6chte die hr-Bigband ankn\u00fcpfen. Am 16. September l\u00e4sst sich diese von Soul-S\u00e4ngerin Joy Denalane bereichern. Diese tritt in die Fu\u00dfstapfen von Gr\u00f6\u00dfen wie Aretha Franklin und Stevie Wonder und brilliert &hellip;","og_url":"https:\/\/www.jazzzeitung.de\/cms\/2022\/08\/news-jazz-open-air-konzerte-buergerhaus-huerth-holidays-2022-rhythm-combination-brass-jazz-sternstunden-unter-freiem-himmel-open-air-festival-neuwied\/","og_site_name":"JazzZeitung","article_publisher":"https:\/\/www.facebook.com\/JazzZeitung\/","article_published_time":"2022-08-19T08:00:29+00:00","article_modified_time":"2022-08-19T08:16:35+00:00","og_image":[{"width":2303,"height":1535,"url":"https:\/\/www.jazzzeitung.de\/cms\/wp-content\/uploads\/2022\/08\/hr-bigband-118.jpg","type":"image\/jpeg"}],"author":"Redaktion JazzZeitung","schema":{"@context":"https:\/\/schema.org","@graph":[{"@type":"Article","@id":"https:\/\/www.jazzzeitung.de\/cms\/2022\/08\/news-jazz-open-air-konzerte-buergerhaus-huerth-holidays-2022-rhythm-combination-brass-jazz-sternstunden-unter-freiem-himmel-open-air-festival-neuwied\/#article","isPartOf":{"@id":"https:\/\/www.jazzzeitung.de\/cms\/2022\/08\/news-jazz-open-air-konzerte-buergerhaus-huerth-holidays-2022-rhythm-combination-brass-jazz-sternstunden-unter-freiem-himmel-open-air-festival-neuwied\/"},"author":{"name":"Redaktion JazzZeitung","@id":"https:\/\/www.jazzzeitung.de\/cms\/#\/schema\/person\/2245b36b9cd1d24cea10f01c031fb92b"},"headline":"+++ NEWS: +++ Jazz Open-Air-Konzerte B\u00fcrgerhaus H\u00fcrth +++ Holidays 2022 &#8211; Rhythm Combination &#038; Brass +++ Jazz-Sternstunden unter freiem Himmel: Open-Air-Festival-Neuwied","datePublished":"2022-08-19T08:00:29+00:00","dateModified":"2022-08-19T08:16:35+00:00","mainEntityOfPage":{"@id":"https:\/\/www.jazzzeitung.de\/cms\/2022\/08\/news-jazz-open-air-konzerte-buergerhaus-huerth-holidays-2022-rhythm-combination-brass-jazz-sternstunden-unter-freiem-himmel-open-air-festival-neuwied\/"},"wordCount":352,"commentCount":0,"publisher":{"@id":"https:\/\/www.jazzzeitung.de\/cms\/#organization"},"image":{"@id":"https:\/\/www.jazzzeitung.de\/cms\/2022\/08\/news-jazz-open-air-konzerte-buergerhaus-huerth-holidays-2022-rhythm-combination-brass-jazz-sternstunden-unter-freiem-himmel-open-air-festival-neuwied\/#primaryimage"},"thumbnailUrl":"https:\/\/i0.wp.com\/www.jazzzeitung.de\/cms\/wp-content\/uploads\/2022\/08\/hr-bigband-118.jpg?fit=2303%2C1535&ssl=1","keywords":["Enver Izmailov","HR-Big Band","Jasper van\u00b4t Hof","Joy Denalane","Philip Catherine"],"articleSection":["News"],"inLanguage":"de","potentialAction":[{"@type":"CommentAction","name":"Comment","target":["https:\/\/www.jazzzeitung.de\/cms\/2022\/08\/news-jazz-open-air-konzerte-buergerhaus-huerth-holidays-2022-rhythm-combination-brass-jazz-sternstunden-unter-freiem-himmel-open-air-festival-neuwied\/#respond"]}]},{"@type":"WebPage","@id":"https:\/\/www.jazzzeitung.de\/cms\/2022\/08\/news-jazz-open-air-konzerte-buergerhaus-huerth-holidays-2022-rhythm-combination-brass-jazz-sternstunden-unter-freiem-himmel-open-air-festival-neuwied\/","url":"https:\/\/www.jazzzeitung.de\/cms\/2022\/08\/news-jazz-open-air-konzerte-buergerhaus-huerth-holidays-2022-rhythm-combination-brass-jazz-sternstunden-unter-freiem-himmel-open-air-festival-neuwied\/","name":"+++ NEWS: +++ Jazz Open-Air-Konzerte B\u00fcrgerhaus H\u00fcrth +++ Holidays 2022 - Rhythm Combination & Brass +++ Jazz-Sternstunden unter freiem Himmel: Open-Air-Festival-Neuwied - JazzZeitung","isPartOf":{"@id":"https:\/\/www.jazzzeitung.de\/cms\/#website"},"primaryImageOfPage":{"@id":"https:\/\/www.jazzzeitung.de\/cms\/2022\/08\/news-jazz-open-air-konzerte-buergerhaus-huerth-holidays-2022-rhythm-combination-brass-jazz-sternstunden-unter-freiem-himmel-open-air-festival-neuwied\/#primaryimage"},"image":{"@id":"https:\/\/www.jazzzeitung.de\/cms\/2022\/08\/news-jazz-open-air-konzerte-buergerhaus-huerth-holidays-2022-rhythm-combination-brass-jazz-sternstunden-unter-freiem-himmel-open-air-festival-neuwied\/#primaryimage"},"thumbnailUrl":"https:\/\/i0.wp.com\/www.jazzzeitung.de\/cms\/wp-content\/uploads\/2022\/08\/hr-bigband-118.jpg?fit=2303%2C1535&ssl=1","datePublished":"2022-08-19T08:00:29+00:00","dateModified":"2022-08-19T08:16:35+00:00","breadcrumb":{"@id":"https:\/\/www.jazzzeitung.de\/cms\/2022\/08\/news-jazz-open-air-konzerte-buergerhaus-huerth-holidays-2022-rhythm-combination-brass-jazz-sternstunden-unter-freiem-himmel-open-air-festival-neuwied\/#breadcrumb"},"inLanguage":"de","potentialAction":[{"@type":"ReadAction","target":["https:\/\/www.jazzzeitung.de\/cms\/2022\/08\/news-jazz-open-air-konzerte-buergerhaus-huerth-holidays-2022-rhythm-combination-brass-jazz-sternstunden-unter-freiem-himmel-open-air-festival-neuwied\/"]}]},{"@type":"ImageObject","inLanguage":"de","@id":"https:\/\/www.jazzzeitung.de\/cms\/2022\/08\/news-jazz-open-air-konzerte-buergerhaus-huerth-holidays-2022-rhythm-combination-brass-jazz-sternstunden-unter-freiem-himmel-open-air-festival-neuwied\/#primaryimage","url":"https:\/\/i0.wp.com\/www.jazzzeitung.de\/cms\/wp-content\/uploads\/2022\/08\/hr-bigband-118.jpg?fit=2303%2C1535&ssl=1","contentUrl":"https:\/\/i0.wp.com\/www.jazzzeitung.de\/cms\/wp-content\/uploads\/2022\/08\/hr-bigband-118.jpg?fit=2303%2C1535&ssl=1","width":2303,"height":1535,"caption":"hr-Bigband. Foto: Dirk Ostermeier"},{"@type":"BreadcrumbList","@id":"https:\/\/www.jazzzeitung.de\/cms\/2022\/08\/news-jazz-open-air-konzerte-buergerhaus-huerth-holidays-2022-rhythm-combination-brass-jazz-sternstunden-unter-freiem-himmel-open-air-festival-neuwied\/#breadcrumb","itemListElement":[{"@type":"ListItem","position":1,"name":"Startseite","item":"https:\/\/www.jazzzeitung.de\/cms\/"},{"@type":"ListItem","position":2,"name":"+++ NEWS: +++ Jazz Open-Air-Konzerte B\u00fcrgerhaus H\u00fcrth +++ Holidays 2022 &#8211; Rhythm Combination &#038; Brass +++ Jazz-Sternstunden unter freiem Himmel: Open-Air-Festival-Neuwied"}]},{"@type":"WebSite","@id":"https:\/\/www.jazzzeitung.de\/cms\/#website","url":"https:\/\/www.jazzzeitung.de\/cms\/","name":"JazzZeitung","description":"Jazz-News und Jazz-Kontroverses","publisher":{"@id":"https:\/\/www.jazzzeitung.de\/cms\/#organization"},"potentialAction":[{"@type":"SearchAction","target":{"@type":"EntryPoint","urlTemplate":"https:\/\/www.jazzzeitung.de\/cms\/?s={search_term_string}"},"query-input":{"@type":"PropertyValueSpecification","valueRequired":true,"valueName":"search_term_string"}}],"inLanguage":"de"},{"@type":"Organization","@id":"https:\/\/www.jazzzeitung.de\/cms\/#organization","name":"JazzZeitung online","url":"https:\/\/www.jazzzeitung.de\/cms\/","logo":{"@type":"ImageObject","inLanguage":"de","@id":"https:\/\/www.jazzzeitung.de\/cms\/#\/schema\/logo\/image\/","url":"https:\/\/i0.wp.com\/www.jazzzeitung.de\/cms\/wp-content\/uploads\/2015\/08\/JAZZZEITUNGDE_Logo_Neu.png?fit=499%2C200&ssl=1","contentUrl":"https:\/\/i0.wp.com\/www.jazzzeitung.de\/cms\/wp-content\/uploads\/2015\/08\/JAZZZEITUNGDE_Logo_Neu.png?fit=499%2C200&ssl=1","width":499,"height":200,"caption":"JazzZeitung online"},"image":{"@id":"https:\/\/www.jazzzeitung.de\/cms\/#\/schema\/logo\/image\/"},"sameAs":["https:\/\/www.facebook.com\/JazzZeitung\/"]},{"@type":"Person","@id":"https:\/\/www.jazzzeitung.de\/cms\/#\/schema\/person\/2245b36b9cd1d24cea10f01c031fb92b","name":"Redaktion JazzZeitung","image":{"@type":"ImageObject","inLanguage":"de","@id":"https:\/\/i0.wp.com\/www.jazzzeitung.de\/cms\/wp-content\/uploads\/2015\/08\/JAZZZEITUNGDE_Logo_Neu.png?resize=96%2C96&ssl=159975dcacb611b5700bd619b5daf0a7a","url":"https:\/\/i0.wp.com\/www.jazzzeitung.de\/cms\/wp-content\/uploads\/2015\/08\/JAZZZEITUNGDE_Logo_Neu.png?resize=96%2C96&ssl=1","contentUrl":"https:\/\/i0.wp.com\/www.jazzzeitung.de\/cms\/wp-content\/uploads\/2015\/08\/JAZZZEITUNGDE_Logo_Neu.png?resize=96%2C96&ssl=1","caption":"Redaktion JazzZeitung"},"description":"Artikel der Redaktion der JazzZeitung.","sameAs":["http:\/\/www.jazzzeitung.de\/cms\/"],"url":"https:\/\/www.jazzzeitung.de\/cms\/author\/redaktion\/"}]}},"wp-worthy-pixel":{"ignored":false,"public":null,"server":null,"url":null},"wp-worthy-type":"normal","jetpack_publicize_connections":[],"cc_featured_image_caption":{"caption_text":"","source_text":"","source_url":""},"jetpack_featured_media_url":"https:\/\/i0.wp.com\/www.jazzzeitung.de\/cms\/wp-content\/uploads\/2022\/08\/hr-bigband-118.jpg?fit=2303%2C1535&ssl=1","jetpack_shortlink":"https:\/\/wp.me\/p3KEcT-7kI","jetpack-related-posts":[{"id":26704,"url":"https:\/\/www.jazzzeitung.de\/cms\/2022\/02\/news-wdr-bigband-tutu-puoane-und-john-clayton-in-duisburg-crossover-jazz-in-oberhausen-jazzclub-minden-konzerte-im-maerz-erfurter-reihe-jazz-stream\/","url_meta":{"origin":28192,"position":0},"title":"+++ news  +++  WDR Bigband, Tutu Puoane und John Clayton in Duisburg +++ Crossover Jazz in Oberhausen +++Jazzclub Minden: Konzerte im M\u00e4rz +++ Erfurter Reihe &#8222;Jazz Stream&#8220; +++","author":"Redaktion JazzZeitung","date":"10. Februar 2022","format":false,"excerpt":"+++ WDR-Bigband mit Tutu Puoane und John Clayton in Duisburg +++ Im Rahmen des Duisburger AKZENTE-Festivals 2022 findet am 25. M\u00e4rz in der Philharmonie der Mercatorhalle Duisburg ein Konzert der WDR-Bigband mit Tutu Puoane statt. Die s\u00fcdafrikanische S\u00e4ngerin lebt seit 2004 in Belgien und begeistert mit ihrer au\u00dfergew\u00f6hnlichen Stimme und\u2026","rel":"","context":"In &quot;News&quot;","block_context":{"text":"News","link":"https:\/\/www.jazzzeitung.de\/cms\/thema\/nachrichten\/"},"img":{"alt_text":"","src":"https:\/\/i0.wp.com\/www.jazzzeitung.de\/cms\/wp-content\/uploads\/2022\/02\/Tutu-Puoane-c-Uli-Balss-kl.jpg?fit=1200%2C800&ssl=1&resize=350%2C200","width":350,"height":200,"srcset":"https:\/\/i0.wp.com\/www.jazzzeitung.de\/cms\/wp-content\/uploads\/2022\/02\/Tutu-Puoane-c-Uli-Balss-kl.jpg?fit=1200%2C800&ssl=1&resize=350%2C200 1x, https:\/\/i0.wp.com\/www.jazzzeitung.de\/cms\/wp-content\/uploads\/2022\/02\/Tutu-Puoane-c-Uli-Balss-kl.jpg?fit=1200%2C800&ssl=1&resize=525%2C300 1.5x, https:\/\/i0.wp.com\/www.jazzzeitung.de\/cms\/wp-content\/uploads\/2022\/02\/Tutu-Puoane-c-Uli-Balss-kl.jpg?fit=1200%2C800&ssl=1&resize=700%2C400 2x, https:\/\/i0.wp.com\/www.jazzzeitung.de\/cms\/wp-content\/uploads\/2022\/02\/Tutu-Puoane-c-Uli-Balss-kl.jpg?fit=1200%2C800&ssl=1&resize=1050%2C600 3x"},"classes":[]},{"id":26695,"url":"https:\/\/www.jazzzeitung.de\/cms\/2022\/02\/news-4\/","url_meta":{"origin":28192,"position":1},"title":"+++ news +++ Jazzfestival Saalfelden +++ Bigband-Konzert Weimar +++ Absage H\u00fcrth +++ Bazzooka in Straubing +++","author":"Redaktion JazzZeitung","date":"3. Februar 2022","format":false,"excerpt":"+++ Jazzfestival Saalfelden - Start des Ticketverkaufs +++ Vom 18.-21. August wird das Jazzfestivals Saalfelden in seiner 42. Ausgabe stattfinden. Mehr als 60 Konzerte an unterschiedlichen Spielorten sind geplant. Mit dabei sind u.a. Isaiah Collier & The Chosen Few, Alba Careta Group, Christoph Cech Jazz Orchestra Project, Trondheim Jazz Orchestra\u2026","rel":"","context":"In &quot;News&quot;","block_context":{"text":"News","link":"https:\/\/www.jazzzeitung.de\/cms\/thema\/nachrichten\/"},"img":{"alt_text":"","src":"https:\/\/i0.wp.com\/www.jazzzeitung.de\/cms\/wp-content\/uploads\/2022\/02\/Isaiah-Collier-1.jpeg?fit=1200%2C800&ssl=1&resize=350%2C200","width":350,"height":200,"srcset":"https:\/\/i0.wp.com\/www.jazzzeitung.de\/cms\/wp-content\/uploads\/2022\/02\/Isaiah-Collier-1.jpeg?fit=1200%2C800&ssl=1&resize=350%2C200 1x, https:\/\/i0.wp.com\/www.jazzzeitung.de\/cms\/wp-content\/uploads\/2022\/02\/Isaiah-Collier-1.jpeg?fit=1200%2C800&ssl=1&resize=525%2C300 1.5x, https:\/\/i0.wp.com\/www.jazzzeitung.de\/cms\/wp-content\/uploads\/2022\/02\/Isaiah-Collier-1.jpeg?fit=1200%2C800&ssl=1&resize=700%2C400 2x, https:\/\/i0.wp.com\/www.jazzzeitung.de\/cms\/wp-content\/uploads\/2022\/02\/Isaiah-Collier-1.jpeg?fit=1200%2C800&ssl=1&resize=1050%2C600 3x"},"classes":[]},{"id":22838,"url":"https:\/\/www.jazzzeitung.de\/cms\/2020\/06\/newsbrazzooka-gibt-konzert-im-raven-straubingjazzclub-huerth-mit-huerthsuedtirol-festival-merano-als-eins-der-ersten-festivals\/","url_meta":{"origin":28192,"position":2},"title":"news+++Brazzooka im Raven Straubing+++Jazzclub H\u00fcrth mit #H\u00dcRTH+++","author":"Redaktion JazzZeitung","date":"25. Juni 2020","format":false,"excerpt":"Erstes Indoor- Konzert im Straubinger Musikclub Raven seit Langem Die Funk- und Soul-Combo BRAZZOOKA gibt heute Abend das erste Konzert mit Publikum im Straubinger Musikclub Raven. Die neunk\u00f6pfige Band aus dem Raum Regensburg bewegt sich stilsicher durch mehr als f\u00fcnf Jahrzehnte einschl\u00e4giger Musikgeschichte: Im Repertoire finden sich Titel von Tower\u2026","rel":"","context":"In &quot;News&quot;","block_context":{"text":"News","link":"https:\/\/www.jazzzeitung.de\/cms\/thema\/nachrichten\/"},"img":{"alt_text":"","src":"https:\/\/i0.wp.com\/www.jazzzeitung.de\/cms\/wp-content\/uploads\/2020\/06\/Brazzooka-Landshut-%C2%A9Stefan-Freytag.jpg?fit=1200%2C800&ssl=1&resize=350%2C200","width":350,"height":200,"srcset":"https:\/\/i0.wp.com\/www.jazzzeitung.de\/cms\/wp-content\/uploads\/2020\/06\/Brazzooka-Landshut-%C2%A9Stefan-Freytag.jpg?fit=1200%2C800&ssl=1&resize=350%2C200 1x, https:\/\/i0.wp.com\/www.jazzzeitung.de\/cms\/wp-content\/uploads\/2020\/06\/Brazzooka-Landshut-%C2%A9Stefan-Freytag.jpg?fit=1200%2C800&ssl=1&resize=525%2C300 1.5x, https:\/\/i0.wp.com\/www.jazzzeitung.de\/cms\/wp-content\/uploads\/2020\/06\/Brazzooka-Landshut-%C2%A9Stefan-Freytag.jpg?fit=1200%2C800&ssl=1&resize=700%2C400 2x, https:\/\/i0.wp.com\/www.jazzzeitung.de\/cms\/wp-content\/uploads\/2020\/06\/Brazzooka-Landshut-%C2%A9Stefan-Freytag.jpg?fit=1200%2C800&ssl=1&resize=1050%2C600 3x"},"classes":[]},{"id":16552,"url":"https:\/\/www.jazzzeitung.de\/cms\/2018\/07\/jazz-oratorium-von-und-mit-battista-lena-beim-mannheimer-sommer\/","url_meta":{"origin":28192,"position":3},"title":"+++ Konzertkalender H\u00fcrth +++ Jazz-Oratorium von und mit Battista Lena beim \u201eMannheimer Sommer\u201c +++","author":"Redaktion JazzZeitung","date":"5. Juli 2018","format":false,"excerpt":"Im Rahmen der Konzert-Reihe \u00abJAZZSOMMER spezial\u00bb heizt der Jazzclub H\u00fcrth im Juli 2018 Musikfreunden mit zwei Open-air-Konzerten ein. Auf dem ehemaligen Schulhof des historischen Geb\u00e4udes in der Herm\u00fclheimer Stra\u00dfe, in dem sich auch der gem\u00fctliche Jazzkeller befindet, spielt am 20. Juli \u00abPortofino\u00bb auf einer Freilichtb\u00fchne. Seit f\u00fcnfzehn Jahren steht die\u2026","rel":"","context":"In &quot;News&quot;","block_context":{"text":"News","link":"https:\/\/www.jazzzeitung.de\/cms\/thema\/nachrichten\/"},"img":{"alt_text":"","src":"https:\/\/i0.wp.com\/www.jazzzeitung.de\/cms\/wp-content\/uploads\/2018\/07\/21.07.2018-Cocker-on-the-Rocks2-Foto-Ralf-k%C3%B6nig.jpg?fit=1200%2C754&ssl=1&resize=350%2C200","width":350,"height":200,"srcset":"https:\/\/i0.wp.com\/www.jazzzeitung.de\/cms\/wp-content\/uploads\/2018\/07\/21.07.2018-Cocker-on-the-Rocks2-Foto-Ralf-k%C3%B6nig.jpg?fit=1200%2C754&ssl=1&resize=350%2C200 1x, https:\/\/i0.wp.com\/www.jazzzeitung.de\/cms\/wp-content\/uploads\/2018\/07\/21.07.2018-Cocker-on-the-Rocks2-Foto-Ralf-k%C3%B6nig.jpg?fit=1200%2C754&ssl=1&resize=525%2C300 1.5x, https:\/\/i0.wp.com\/www.jazzzeitung.de\/cms\/wp-content\/uploads\/2018\/07\/21.07.2018-Cocker-on-the-Rocks2-Foto-Ralf-k%C3%B6nig.jpg?fit=1200%2C754&ssl=1&resize=700%2C400 2x, https:\/\/i0.wp.com\/www.jazzzeitung.de\/cms\/wp-content\/uploads\/2018\/07\/21.07.2018-Cocker-on-the-Rocks2-Foto-Ralf-k%C3%B6nig.jpg?fit=1200%2C754&ssl=1&resize=1050%2C600 3x"},"classes":[]},{"id":32816,"url":"https:\/\/www.jazzzeitung.de\/cms\/2025\/07\/news-jazzfest-berlin-open-air-am-jazzkeller-huerth\/","url_meta":{"origin":28192,"position":4},"title":"+++ news +++ Jazzfest Berlin +++ Open Air am Jazzkeller H\u00fcrth +++","author":"Redaktion JazzZeitung","date":"23. Juli 2025","format":false,"excerpt":"+++\u00a0Jazzfest Berlin 2025: Das Line-up ist ver\u00f6ffentlicht +++ In der 62. Festivaledition des\u00a0Jazzfest Berlin, die vom 30. Oktober bis 2. November 2025 stattfindet, werden \u00fcber 120 internationale Musikerinnen aus mehr als 20 L\u00e4ndern im Haus der Berliner Festspiele sowie in den nahe gelegenen Spielst\u00e4tten A-Trane, Quasimodo und Kaiser-Wilhelm-Ged\u00e4chtnis-Kirche aufeinandertreffen. In\u2026","rel":"","context":"In &quot;News&quot;","block_context":{"text":"News","link":"https:\/\/www.jazzzeitung.de\/cms\/thema\/nachrichten\/"},"img":{"alt_text":"","src":"https:\/\/i0.wp.com\/www.jazzzeitung.de\/cms\/wp-content\/uploads\/2025\/07\/2025.08.01-Tudo-azul-Bandfoto-1-Foto-Irving-Villegas-scaled.jpg?fit=1200%2C800&ssl=1&resize=350%2C200","width":350,"height":200,"srcset":"https:\/\/i0.wp.com\/www.jazzzeitung.de\/cms\/wp-content\/uploads\/2025\/07\/2025.08.01-Tudo-azul-Bandfoto-1-Foto-Irving-Villegas-scaled.jpg?fit=1200%2C800&ssl=1&resize=350%2C200 1x, https:\/\/i0.wp.com\/www.jazzzeitung.de\/cms\/wp-content\/uploads\/2025\/07\/2025.08.01-Tudo-azul-Bandfoto-1-Foto-Irving-Villegas-scaled.jpg?fit=1200%2C800&ssl=1&resize=525%2C300 1.5x, https:\/\/i0.wp.com\/www.jazzzeitung.de\/cms\/wp-content\/uploads\/2025\/07\/2025.08.01-Tudo-azul-Bandfoto-1-Foto-Irving-Villegas-scaled.jpg?fit=1200%2C800&ssl=1&resize=700%2C400 2x, https:\/\/i0.wp.com\/www.jazzzeitung.de\/cms\/wp-content\/uploads\/2025\/07\/2025.08.01-Tudo-azul-Bandfoto-1-Foto-Irving-Villegas-scaled.jpg?fit=1200%2C800&ssl=1&resize=1050%2C600 3x"},"classes":[]},{"id":28434,"url":"https:\/\/www.jazzzeitung.de\/cms\/2022\/10\/ellington-trio-im-jazz-club-huerth-konzerte-und-streams-im-jazz-club-king-georg\/","url_meta":{"origin":28192,"position":5},"title":"+++ Ellington Trio im Jazz Club H\u00fcrth +++ Konzerte und Streams im Jazz Club King Georg +++","author":"Redaktion JazzZeitung","date":"6. Oktober 2022","format":false,"excerpt":"+++ Ellington Trio im Jazz Club H\u00fcrth +++ F\u00fcr kurzfristig entschlossene Jazzer gibt es noch die M\u00f6glichkeit, ein Konzert des Ellington Trios in H\u00fcrth wahrzunehmen. Am 7. Oktober 2022 sind S\u00e4ngerin Barbara Barth, Pianist Gero Koerner und Bassist Caspar van Meel zusammen mit einem besonderen Gast, dem Trompeter Frederik K\u00f6ster\u2026","rel":"","context":"In &quot;News&quot;","block_context":{"text":"News","link":"https:\/\/www.jazzzeitung.de\/cms\/thema\/nachrichten\/"},"img":{"alt_text":"","src":"https:\/\/i0.wp.com\/www.jazzzeitung.de\/cms\/wp-content\/uploads\/2022\/10\/IMG_6459.jpeg?fit=1200%2C800&ssl=1&resize=350%2C200","width":350,"height":200,"srcset":"https:\/\/i0.wp.com\/www.jazzzeitung.de\/cms\/wp-content\/uploads\/2022\/10\/IMG_6459.jpeg?fit=1200%2C800&ssl=1&resize=350%2C200 1x, https:\/\/i0.wp.com\/www.jazzzeitung.de\/cms\/wp-content\/uploads\/2022\/10\/IMG_6459.jpeg?fit=1200%2C800&ssl=1&resize=525%2C300 1.5x, https:\/\/i0.wp.com\/www.jazzzeitung.de\/cms\/wp-content\/uploads\/2022\/10\/IMG_6459.jpeg?fit=1200%2C800&ssl=1&resize=700%2C400 2x, https:\/\/i0.wp.com\/www.jazzzeitung.de\/cms\/wp-content\/uploads\/2022\/10\/IMG_6459.jpeg?fit=1200%2C800&ssl=1&resize=1050%2C600 3x"},"classes":[]}],"jetpack_sharing_enabled":true,"_links":{"self":[{"href":"https:\/\/www.jazzzeitung.de\/cms\/wp-json\/wp\/v2\/posts\/28192","targetHints":{"allow":["GET"]}}],"collection":[{"href":"https:\/\/www.jazzzeitung.de\/cms\/wp-json\/wp\/v2\/posts"}],"about":[{"href":"https:\/\/www.jazzzeitung.de\/cms\/wp-json\/wp\/v2\/types\/post"}],"author":[{"embeddable":true,"href":"https:\/\/www.jazzzeitung.de\/cms\/wp-json\/wp\/v2\/users\/18"}],"replies":[{"embeddable":true,"href":"https:\/\/www.jazzzeitung.de\/cms\/wp-json\/wp\/v2\/comments?post=28192"}],"version-history":[{"count":7,"href":"https:\/\/www.jazzzeitung.de\/cms\/wp-json\/wp\/v2\/posts\/28192\/revisions"}],"predecessor-version":[{"id":28209,"href":"https:\/\/www.jazzzeitung.de\/cms\/wp-json\/wp\/v2\/posts\/28192\/revisions\/28209"}],"wp:featuredmedia":[{"embeddable":true,"href":"https:\/\/www.jazzzeitung.de\/cms\/wp-json\/wp\/v2\/media\/28198"}],"wp:attachment":[{"href":"https:\/\/www.jazzzeitung.de\/cms\/wp-json\/wp\/v2\/media?parent=28192"}],"wp:term":[{"taxonomy":"category","embeddable":true,"href":"https:\/\/www.jazzzeitung.de\/cms\/wp-json\/wp\/v2\/categories?post=28192"},{"taxonomy":"post_tag","embeddable":true,"href":"https:\/\/www.jazzzeitung.de\/cms\/wp-json\/wp\/v2\/tags?post=28192"},{"taxonomy":"author","embeddable":true,"href":"https:\/\/www.jazzzeitung.de\/cms\/wp-json\/wp\/v2\/coauthors?post=28192"}],"curies":[{"name":"wp","href":"https:\/\/api.w.org\/{rel}","templated":true}]}}