{"id":28058,"date":"2022-08-11T12:55:53","date_gmt":"2022-08-11T10:55:53","guid":{"rendered":"https:\/\/www.jazzzeitung.de\/cms\/?p=28058"},"modified":"2022-08-11T12:55:53","modified_gmt":"2022-08-11T10:55:53","slug":"blasen-platzen-lassen-das-outreach-festival-2022","status":"publish","type":"post","link":"https:\/\/www.jazzzeitung.de\/cms\/2022\/08\/blasen-platzen-lassen-das-outreach-festival-2022\/","title":{"rendered":"Blasen platzen lassen: Das Outreach Festival 2022"},"content":{"rendered":"<p>(Von Oliver Hochkeppel)<strong> Ein beachtliches Jubil\u00e4um konnte man im Tiroler St\u00e4dtchen Schwaz feiern. Vom 4. bis 6 August fand die 30. Ausgabe des Outreach Festivals der 13.000-Einwohner-Kommune statt, mit dem Silbersaal des SZentrums als zentrale B\u00fchne. <\/strong><\/p>\n<p><strong>Was umso bemerkenswerter ist, als das Outreach schon immer zu den experimentellen, innovativen und damit nicht nebenbei zu konsumierenden Festivals geh\u00f6rt. Dies wiederum liegt wie so oft ganz wesentlich am Gr\u00fcnder, der bis heute am Ruder steht.<\/strong><\/p>\n<p>&nbsp;<\/p>\n<p>Der Trompeter Franz Hackl (Titelfoto) gr\u00fcndete das Outreach Festival 1993 in seiner Geburtsstadt, auch als M\u00f6glichkeit, die Verbindung zur Heimat zu halten &#8211; neben der Blasinstrumentenschmiede, die er mit seinem Vater betreibt. Denn eigentlich hatte ihn seine Karriere nach New York verschlagen, wo nicht nur die von ihm gegr\u00fcndete Familie, sondern auch ein Gros seiner Musikerfamilie sitzt. Aus den Erfahrungen zwischen Europa und USA, zwischen Kleinstadt und Metropole, zwischen Tradition und Postpostmoderne, aber auch zwischen Volksmusik und Jazz speist sich das Outreach Festival. Versteht es sich doch interdisziplin\u00e4r, genre\u00fcbergreifend und ganzheitlich. \u201eDie Vision von Outreach ist\u201c, sagt Hackl, \u201eMusik und alle anderen bildenden und darstellenden K\u00fcnste zu verwenden, um Grenzen aufzubrechen und Synergien zu schaffen\u201c.<\/p>\n<p>&nbsp;<\/p>\n<h3>Mehr als Musik<\/h3>\n<p>Dazu geh\u00f6rt die Outreach Academy, die schon zwei Wochen vor dem Beginn des Festivals mit Workshops und Unterricht startet, und die inzwischen bereits Profimusiker hervorgebracht hat, die auch im stets zum Programm geh\u00f6renden, stets gl\u00e4nzend und transatlantisch besetzten \u201eOutreach Orchestra\u201c spielen. Ein weiteres Element ist die einem anderen Kunstfach gewidmete Ausstellung &#8211; heuer ist sie dem afroamerikanischen Fotojournalisten und Pulitzer- und Polk-Preistr\u00e4ger Ozier Muhammed gewidmet, der unter anderem von 1992 bis 2014 f\u00fcr die New York Times arbeitete und seine Fotografie immer als Mittel verstand, um auf die Ungerechtigkeiten in der Welt aufmerksam zu machen. Eine Botschaft zu transportieren, mindestens ein Thema aufzugreifen \u2013 &#8222;fern jeder Ideologie und stets als Inspiration gedacht&#8220;, wie Hackl sagt \u2013, hat sich das Outreach als eines der ersten Festivals ebenfalls von Anfang an auf seine Fahnen geschrieben.<\/p>\n<p>Deshalb gibt es auch jedes Jahr ein Motto: &#8222;Burst Bubbles &amp; Unite&#8220; lautete es in 2022. Gedacht war dabei an die F\u00e4higkeit der Musik, Blasen platzen zu lassen, Fakes zu entlarven und Menschen zusammenzuf\u00fchren, wobei dieses Zusammenf\u00fchren schon auf der B\u00fchne begann. Hackl hat an einem Konzept festgehalten, das in der ersten Corona-Ausgabe aus der Not heraus entstanden war: Weil damals nur \u201eein Konzert am St\u00fcck\u201c erlaubt war, stellte Hackl alle drei Bands des Abends gemeinsam auf die B\u00fchne und lie\u00df abwechselnd und ohne Pausen 20-Minuten-Sets spielen. Daraus ergaben sich f\u00fcr den Zuschauer v\u00f6llig neue B\u00f6gen und musikalische Bez\u00fcge. F\u00fcr die Musiker war dies zwar anstrengend, aber durch das sonst nie erlebte gemeinsame H\u00f6ren auch befruchtend und das eigene Spiel ver\u00e4ndernd.<\/p>\n<p>&nbsp;<\/p>\n<h3>Die komplette Farbpalette des Jazz<\/h3>\n<p>So teilten sich am Er\u00f6ffnungsabend das international besetzte Quintett der Gitarristin, S\u00e4ngerin und Perkussionistin Leni Stern, das (geschwind wegen des Ausfalls von Ray Anderson geschmiedete) amerikanische Bl\u00e4serduo Dave Taylor\/John Clark und das \u00f6sterreichische Sextett <em>AHL6<\/em> rund um den Schlagzeuger Lukas Aichinger die B\u00fchne. Und das Klangkarrussel drehte sich von Taylors durch Spoken-Word-Beigaben (darunter eine Hommage an Ozier Mohammad) angereicherten Erkundungen, was an der Posaune alles spielbar ist, \u00fcber das muskul\u00f6se, jazzrockige Spiel von <em>AHL6<\/em> zu einer Jazz-grundierten \u201eNeuen Afrikanischen Musik\u201c, seit Jahren das Lebensthema von Leni Stern.<\/p>\n<p>&nbsp;<\/p>\n<div class=\"tiled-gallery type-square tiled-gallery-unresized\" data-original-width=\"840\" data-carousel-extra='{&quot;blog_id&quot;:1,&quot;permalink&quot;:&quot;https:\\\/\\\/www.jazzzeitung.de\\\/cms\\\/2022\\\/08\\\/blasen-platzen-lassen-das-outreach-festival-2022\\\/&quot;,&quot;likes_blog_id&quot;:55446655}' itemscope itemtype=\"http:\/\/schema.org\/ImageGallery\" > <div class=\"gallery-row\" style=\"width: 840px; height: 420px;\" data-original-width=\"840\" data-original-height=\"420\" > <div class=\"gallery-group\" style=\"width: 420px; height: 420px;\" data-original-width=\"420\" data-original-height=\"420\" > <div class=\"tiled-gallery-item \" itemprop=\"associatedMedia\" itemscope itemtype=\"http:\/\/schema.org\/ImageObject\"> <a href=\"https:\/\/www.jazzzeitung.de\/cms\/2022\/08\/blasen-platzen-lassen-das-outreach-festival-2022\/olympus-digital-camera-190\/\" border=\"0\" itemprop=\"url\"> <meta itemprop=\"width\" content=\"416\"> <meta itemprop=\"height\" content=\"416\"> <img decoding=\"async\" class=\"\" data-attachment-id=\"28061\" data-orig-file=\"https:\/\/www.jazzzeitung.de\/cms\/wp-content\/uploads\/2022\/08\/Dave_Taylor_004_Foto_Herbert_Hoepfl-scaled.jpg\" data-orig-size=\"2560,1855\" data-comments-opened=\"1\" data-image-meta=\"{&quot;aperture&quot;:&quot;2.8&quot;,&quot;credit&quot;:&quot;Herbert_Hoepfl&quot;,&quot;camera&quot;:&quot;E-M1MarkII&quot;,&quot;caption&quot;:&quot;OLYMPUS DIGITAL CAMERA&quot;,&quot;created_timestamp&quot;:&quot;1659733768&quot;,&quot;copyright&quot;:&quot;&quot;,&quot;focal_length&quot;:&quot;130&quot;,&quot;iso&quot;:&quot;3200&quot;,&quot;shutter_speed&quot;:&quot;0.003125&quot;,&quot;title&quot;:&quot;OLYMPUS DIGITAL CAMERA&quot;,&quot;orientation&quot;:&quot;0&quot;}\" data-image-title=\"\" data-image-description=\"\" data-medium-file=\"https:\/\/i0.wp.com\/www.jazzzeitung.de\/cms\/wp-content\/uploads\/2022\/08\/Dave_Taylor_004_Foto_Herbert_Hoepfl-scaled.jpg?fit=300%2C217&#038;ssl=1\" data-large-file=\"https:\/\/i0.wp.com\/www.jazzzeitung.de\/cms\/wp-content\/uploads\/2022\/08\/Dave_Taylor_004_Foto_Herbert_Hoepfl-scaled.jpg?fit=828%2C600&#038;ssl=1\" src=\"https:\/\/i0.wp.com\/www.jazzzeitung.de\/cms\/wp-content\/uploads\/2022\/08\/Dave_Taylor_004_Foto_Herbert_Hoepfl-scaled.jpg?w=416&#038;h=416&#038;crop=1&#038;ssl=1\" srcset=\"https:\/\/i0.wp.com\/www.jazzzeitung.de\/cms\/wp-content\/uploads\/2022\/08\/Dave_Taylor_004_Foto_Herbert_Hoepfl-scaled.jpg?resize=150%2C150&amp;ssl=1 150w, https:\/\/i0.wp.com\/www.jazzzeitung.de\/cms\/wp-content\/uploads\/2022\/08\/Dave_Taylor_004_Foto_Herbert_Hoepfl-scaled.jpg?zoom=2&amp;resize=416%2C416&amp;ssl=1 832w, https:\/\/i0.wp.com\/www.jazzzeitung.de\/cms\/wp-content\/uploads\/2022\/08\/Dave_Taylor_004_Foto_Herbert_Hoepfl-scaled.jpg?zoom=3&amp;resize=416%2C416&amp;ssl=1 1248w\" width=\"416\" height=\"416\" loading=\"lazy\" data-original-width=\"416\" data-original-height=\"416\" itemprop=\"http:\/\/schema.org\/image\" title=\"\" alt=\"Dave Taylor\" style=\"width: 416px; height: 416px;\" \/> <\/a> <div class=\"tiled-gallery-caption\" itemprop=\"caption description\"> Dave Taylor. Foto: Herbert H\u00f6pfl \/ www.concerto.at <\/div> <\/div> <\/div> <div class=\"gallery-group\" style=\"width: 420px; height: 420px;\" data-original-width=\"420\" data-original-height=\"420\" > <div class=\"tiled-gallery-item \" itemprop=\"associatedMedia\" itemscope itemtype=\"http:\/\/schema.org\/ImageObject\"> <a href=\"https:\/\/www.jazzzeitung.de\/cms\/2022\/08\/blasen-platzen-lassen-das-outreach-festival-2022\/olympus-digital-camera-196\/\" border=\"0\" itemprop=\"url\"> <meta itemprop=\"width\" content=\"416\"> <meta itemprop=\"height\" content=\"416\"> <img decoding=\"async\" class=\"\" data-attachment-id=\"28067\" data-orig-file=\"https:\/\/www.jazzzeitung.de\/cms\/wp-content\/uploads\/2022\/08\/Leni_Stern_007_Foto_Herbert_Hoepfl-scaled.jpg\" data-orig-size=\"1920,2560\" data-comments-opened=\"1\" data-image-meta=\"{&quot;aperture&quot;:&quot;2.8&quot;,&quot;credit&quot;:&quot;Herbert_Hoepfl&quot;,&quot;camera&quot;:&quot;E-M1MarkII&quot;,&quot;caption&quot;:&quot;OLYMPUS DIGITAL CAMERA&quot;,&quot;created_timestamp&quot;:&quot;1659648131&quot;,&quot;copyright&quot;:&quot;&quot;,&quot;focal_length&quot;:&quot;97&quot;,&quot;iso&quot;:&quot;3200&quot;,&quot;shutter_speed&quot;:&quot;0.003125&quot;,&quot;title&quot;:&quot;OLYMPUS DIGITAL CAMERA&quot;,&quot;orientation&quot;:&quot;0&quot;}\" data-image-title=\"Leni Stern\" data-image-description=\"\" data-medium-file=\"https:\/\/i0.wp.com\/www.jazzzeitung.de\/cms\/wp-content\/uploads\/2022\/08\/Leni_Stern_007_Foto_Herbert_Hoepfl-scaled.jpg?fit=225%2C300&#038;ssl=1\" data-large-file=\"https:\/\/i0.wp.com\/www.jazzzeitung.de\/cms\/wp-content\/uploads\/2022\/08\/Leni_Stern_007_Foto_Herbert_Hoepfl-scaled.jpg?fit=450%2C600&#038;ssl=1\" src=\"https:\/\/i0.wp.com\/www.jazzzeitung.de\/cms\/wp-content\/uploads\/2022\/08\/Leni_Stern_007_Foto_Herbert_Hoepfl-scaled.jpg?w=416&#038;h=416&#038;crop=1&#038;ssl=1\" srcset=\"https:\/\/i0.wp.com\/www.jazzzeitung.de\/cms\/wp-content\/uploads\/2022\/08\/Leni_Stern_007_Foto_Herbert_Hoepfl-scaled.jpg?resize=150%2C150&amp;ssl=1 150w, https:\/\/i0.wp.com\/www.jazzzeitung.de\/cms\/wp-content\/uploads\/2022\/08\/Leni_Stern_007_Foto_Herbert_Hoepfl-scaled.jpg?zoom=2&amp;resize=416%2C416&amp;ssl=1 832w, https:\/\/i0.wp.com\/www.jazzzeitung.de\/cms\/wp-content\/uploads\/2022\/08\/Leni_Stern_007_Foto_Herbert_Hoepfl-scaled.jpg?zoom=3&amp;resize=416%2C416&amp;ssl=1 1248w\" width=\"416\" height=\"416\" loading=\"lazy\" data-original-width=\"416\" data-original-height=\"416\" itemprop=\"http:\/\/schema.org\/image\" title=\"Leni Stern\" alt=\"Leni Stern\" style=\"width: 416px; height: 416px;\" \/> <\/a> <div class=\"tiled-gallery-caption\" itemprop=\"caption description\"> Leni Stern. Foto: Herbert H\u00f6pfl \/ www.concerto.at <\/div> <\/div> <\/div> <\/div> <div class=\"gallery-row\" style=\"width: 840px; height: 420px;\" data-original-width=\"840\" data-original-height=\"420\" > <div class=\"gallery-group\" style=\"width: 420px; height: 420px;\" data-original-width=\"420\" data-original-height=\"420\" > <div class=\"tiled-gallery-item \" itemprop=\"associatedMedia\" itemscope itemtype=\"http:\/\/schema.org\/ImageObject\"> <a href=\"https:\/\/www.jazzzeitung.de\/cms\/2022\/08\/blasen-platzen-lassen-das-outreach-festival-2022\/olympus-digital-camera-193\/\" border=\"0\" itemprop=\"url\"> <meta itemprop=\"width\" content=\"416\"> <meta itemprop=\"height\" content=\"416\"> <img decoding=\"async\" class=\"\" data-attachment-id=\"28064\" data-orig-file=\"https:\/\/www.jazzzeitung.de\/cms\/wp-content\/uploads\/2022\/08\/Franz_Hackl_014_Foto_Herbert_Hoepfl-scaled.jpg\" data-orig-size=\"1880,2560\" data-comments-opened=\"1\" data-image-meta=\"{&quot;aperture&quot;:&quot;2.8&quot;,&quot;credit&quot;:&quot;Herbert_Hoepfl&quot;,&quot;camera&quot;:&quot;E-M1MarkII&quot;,&quot;caption&quot;:&quot;OLYMPUS DIGITAL CAMERA&quot;,&quot;created_timestamp&quot;:&quot;1659733402&quot;,&quot;copyright&quot;:&quot;&quot;,&quot;focal_length&quot;:&quot;150&quot;,&quot;iso&quot;:&quot;3200&quot;,&quot;shutter_speed&quot;:&quot;0.003125&quot;,&quot;title&quot;:&quot;OLYMPUS DIGITAL CAMERA&quot;,&quot;orientation&quot;:&quot;0&quot;}\" data-image-title=\"Franz Hackl\" data-image-description=\"\" data-medium-file=\"https:\/\/i0.wp.com\/www.jazzzeitung.de\/cms\/wp-content\/uploads\/2022\/08\/Franz_Hackl_014_Foto_Herbert_Hoepfl-scaled.jpg?fit=220%2C300&#038;ssl=1\" data-large-file=\"https:\/\/i0.wp.com\/www.jazzzeitung.de\/cms\/wp-content\/uploads\/2022\/08\/Franz_Hackl_014_Foto_Herbert_Hoepfl-scaled.jpg?fit=441%2C600&#038;ssl=1\" src=\"https:\/\/i0.wp.com\/www.jazzzeitung.de\/cms\/wp-content\/uploads\/2022\/08\/Franz_Hackl_014_Foto_Herbert_Hoepfl-scaled.jpg?w=416&#038;h=416&#038;crop=1&#038;ssl=1\" srcset=\"https:\/\/i0.wp.com\/www.jazzzeitung.de\/cms\/wp-content\/uploads\/2022\/08\/Franz_Hackl_014_Foto_Herbert_Hoepfl-scaled.jpg?resize=150%2C150&amp;ssl=1 150w, https:\/\/i0.wp.com\/www.jazzzeitung.de\/cms\/wp-content\/uploads\/2022\/08\/Franz_Hackl_014_Foto_Herbert_Hoepfl-scaled.jpg?zoom=2&amp;resize=416%2C416&amp;ssl=1 832w, https:\/\/i0.wp.com\/www.jazzzeitung.de\/cms\/wp-content\/uploads\/2022\/08\/Franz_Hackl_014_Foto_Herbert_Hoepfl-scaled.jpg?zoom=3&amp;resize=416%2C416&amp;ssl=1 1248w\" width=\"416\" height=\"416\" loading=\"lazy\" data-original-width=\"416\" data-original-height=\"416\" itemprop=\"http:\/\/schema.org\/image\" title=\"Franz Hackl\" alt=\"Franz Hackl\" style=\"width: 416px; height: 416px;\" \/> <\/a> <div class=\"tiled-gallery-caption\" itemprop=\"caption description\"> Franz Hackl. Foto: Herbert H\u00f6pfl \/ www.concerto.at <\/div> <\/div> <\/div> <div class=\"gallery-group\" style=\"width: 420px; height: 420px;\" data-original-width=\"420\" data-original-height=\"420\" > <div class=\"tiled-gallery-item \" itemprop=\"associatedMedia\" itemscope itemtype=\"http:\/\/schema.org\/ImageObject\"> <a href=\"https:\/\/www.jazzzeitung.de\/cms\/2022\/08\/blasen-platzen-lassen-das-outreach-festival-2022\/olympus-digital-camera-197\/\" border=\"0\" itemprop=\"url\"> <meta itemprop=\"width\" content=\"416\"> <meta itemprop=\"height\" content=\"416\"> <img decoding=\"async\" class=\"\" data-attachment-id=\"28068\" data-orig-file=\"https:\/\/www.jazzzeitung.de\/cms\/wp-content\/uploads\/2022\/08\/Leo_Genovese_008_Foto_Herbert_Hoepfl-scaled.jpg\" data-orig-size=\"2560,1920\" data-comments-opened=\"1\" data-image-meta=\"{&quot;aperture&quot;:&quot;2.8&quot;,&quot;credit&quot;:&quot;Herbert_Hoepfl&quot;,&quot;camera&quot;:&quot;E-M1MarkII&quot;,&quot;caption&quot;:&quot;OLYMPUS DIGITAL CAMERA&quot;,&quot;created_timestamp&quot;:&quot;1659647983&quot;,&quot;copyright&quot;:&quot;&quot;,&quot;focal_length&quot;:&quot;55&quot;,&quot;iso&quot;:&quot;3200&quot;,&quot;shutter_speed&quot;:&quot;0.005&quot;,&quot;title&quot;:&quot;OLYMPUS DIGITAL CAMERA&quot;,&quot;orientation&quot;:&quot;0&quot;}\" data-image-title=\"Leo Genovese\" data-image-description=\"\" data-medium-file=\"https:\/\/i0.wp.com\/www.jazzzeitung.de\/cms\/wp-content\/uploads\/2022\/08\/Leo_Genovese_008_Foto_Herbert_Hoepfl-scaled.jpg?fit=300%2C225&#038;ssl=1\" data-large-file=\"https:\/\/i0.wp.com\/www.jazzzeitung.de\/cms\/wp-content\/uploads\/2022\/08\/Leo_Genovese_008_Foto_Herbert_Hoepfl-scaled.jpg?fit=800%2C600&#038;ssl=1\" src=\"https:\/\/i0.wp.com\/www.jazzzeitung.de\/cms\/wp-content\/uploads\/2022\/08\/Leo_Genovese_008_Foto_Herbert_Hoepfl-scaled.jpg?w=416&#038;h=416&#038;crop=1&#038;ssl=1\" srcset=\"https:\/\/i0.wp.com\/www.jazzzeitung.de\/cms\/wp-content\/uploads\/2022\/08\/Leo_Genovese_008_Foto_Herbert_Hoepfl-scaled.jpg?resize=150%2C150&amp;ssl=1 150w, https:\/\/i0.wp.com\/www.jazzzeitung.de\/cms\/wp-content\/uploads\/2022\/08\/Leo_Genovese_008_Foto_Herbert_Hoepfl-scaled.jpg?zoom=2&amp;resize=416%2C416&amp;ssl=1 832w, https:\/\/i0.wp.com\/www.jazzzeitung.de\/cms\/wp-content\/uploads\/2022\/08\/Leo_Genovese_008_Foto_Herbert_Hoepfl-scaled.jpg?zoom=3&amp;resize=416%2C416&amp;ssl=1 1248w\" width=\"416\" height=\"416\" loading=\"lazy\" data-original-width=\"416\" data-original-height=\"416\" itemprop=\"http:\/\/schema.org\/image\" title=\"Leo Genovese\" alt=\"Leo Genovese\" style=\"width: 416px; height: 416px;\" \/> <\/a> <div class=\"tiled-gallery-caption\" itemprop=\"caption description\"> Leo Genovese. Foto: Herbert H\u00f6pfl \/ www.concerto.at <\/div> <\/div> <\/div> <\/div> <\/div>\n<p>&nbsp;<\/p>\n<h3>Experimentierfreude und geniale Virtuosit\u00e4t<\/h3>\n<p>Die erwies sich mit ihrem immer druckvollen und rhythmisch getragenen Part und nicht zuletzt durch das wieder einmal \u00fcberirdische Spiel ihres Pianisten &#8211; und Outreach-Stammgast \u2013 Leo Genovese eindeutig als Publikumsliebling des Abends. Sie beziehungsweise ihr Pannenwagen war freilich auch daran schuld, dass es vor dem Konzert keinen Durchlauf gab \u2013 was in diesem Setting speziell f\u00fcr die \u00dcberg\u00e4nge wichtig ist, wie der zweite Abend bewies, der dichter und aufeinander abgestimmter wirkte: mit dem feinsinnigen, mitunter etwas zu gleichf\u00f6rmig aufgebauten Projekt des russischen Trompeters Alex Sipiagin, der seine Kompositionen f\u00fcr sich und das <em>Sonarkraft<\/em>-Streichquartett samt Perkussion arrangiert hatte; mit Franz Hackls immer wieder sich selbst schwer fordernden Outreach Orchestra, das in seinem ber\u00fchrendsten Set an den im M\u00e4rz verstorbenen, \u00fcberaus einflussreichen New Yorker Musikjournalisten John Swenson mit vielen Ankl\u00e4ngen an das von ihm geliebte New Orleans erinnerte; und mit J.D. Hive, dem neuen Zauberquartett des \u00f6sterreichischen Geigers Johannes Dickbauer.<\/p>\n<p>Einst mit dem radio.string.quartet.vienna bekannt geworden, hat Dickbauer hier mit konventioneller Begleittrio-Besetzung die Kombination aus klassischer Pr\u00e4zision und Tongebung mit der Dynamik und \u00dcberraschung des Jazz auf einen neuen Gipfel gef\u00fchrt. Eindeutig waren die vier die \u201eTagessieger\u201c, nachzuh\u00f6ren auf dem in K\u00fcrze erscheinenden Deb\u00fctalbum bei Traumton. Ein gutes Label und (wie auch schon bei der Jazzahead) ein unwiderstehlicher Auftritt \u2013 v\u00f6llig unerfindlich, warum Booker und Veranstalter Dickbauer noch nicht die T\u00fcr einrennen.<\/p>\n<p>Einen nicht minder \u00fcberzeugenden Abschlusstag bescherten \u00d6sterreichs Gitarristen-Urgestein Karl Ritter mit seinen aus Alt und Jung zusammengestellten Kombojanern, das italienische Lorenzo de Finti Quartet und das reaktivierte, vom Drummer Niki Dolp ersonnene \u00f6sterreichische Jungstar-Quintett Memplex. Im Ergebnis, n\u00e4mlich einem energetischen, gerne mit minimal-music-artigen Wiederholungen arbeitenden Steigerungsspiel zwischen Ent- und Hochspannung, waren sich die drei Ensembles sehr \u00e4hnlich, in der Methode und im Stil v\u00f6llig unterschiedlich. De Fintis Band geht es mit mediterran gef\u00e4rbter klassischer Jazz-Klangkultur an, Memplex mit der Wucht der Wiener Indie-Jazzszene (zum Beispiel im Titelst\u00fcck des neuen Albums \u201eVillains\u201c, einem raren Beispiel f\u00fcr europ\u00e4ischen Jazz mit eindeutig politischer Aussage), und Ritter mit atonal angereichertem Jazzrock \u2013 was ihm den Publikumspreis beschert hatte.<\/p>\n<p>&nbsp;<\/p>\n<div class=\"tiled-gallery type-rectangular tiled-gallery-unresized\" data-original-width=\"840\" data-carousel-extra='{&quot;blog_id&quot;:1,&quot;permalink&quot;:&quot;https:\\\/\\\/www.jazzzeitung.de\\\/cms\\\/2022\\\/08\\\/blasen-platzen-lassen-das-outreach-festival-2022\\\/&quot;,&quot;likes_blog_id&quot;:55446655}' itemscope itemtype=\"http:\/\/schema.org\/ImageGallery\" > <div class=\"gallery-row\" style=\"width: 840px; height: 559px;\" data-original-width=\"840\" data-original-height=\"559\" > <div class=\"gallery-group images-1\" style=\"width: 420px; height: 559px;\" data-original-width=\"420\" data-original-height=\"559\" > <div class=\"tiled-gallery-item tiled-gallery-item-large\" itemprop=\"associatedMedia\" itemscope itemtype=\"http:\/\/schema.org\/ImageObject\"> <a href=\"https:\/\/www.jazzzeitung.de\/cms\/2022\/08\/blasen-platzen-lassen-das-outreach-festival-2022\/olympus-digital-camera-195\/\" border=\"0\" itemprop=\"url\"> <meta itemprop=\"width\" content=\"416\"> <meta itemprop=\"height\" content=\"555\"> <img decoding=\"async\" class=\"\" data-attachment-id=\"28066\" data-orig-file=\"https:\/\/www.jazzzeitung.de\/cms\/wp-content\/uploads\/2022\/08\/Karl_Ritter_004_Foto_Herbert_Hoepfl-scaled.jpg\" data-orig-size=\"1920,2560\" data-comments-opened=\"1\" data-image-meta=\"{&quot;aperture&quot;:&quot;2.8&quot;,&quot;credit&quot;:&quot;Herbert_Hoepfl&quot;,&quot;camera&quot;:&quot;E-M1MarkII&quot;,&quot;caption&quot;:&quot;OLYMPUS DIGITAL CAMERA&quot;,&quot;created_timestamp&quot;:&quot;1659819039&quot;,&quot;copyright&quot;:&quot;&quot;,&quot;focal_length&quot;:&quot;120&quot;,&quot;iso&quot;:&quot;3200&quot;,&quot;shutter_speed&quot;:&quot;0.004&quot;,&quot;title&quot;:&quot;OLYMPUS DIGITAL CAMERA&quot;,&quot;orientation&quot;:&quot;0&quot;}\" data-image-title=\"Karl Ritter\" data-image-description=\"\" data-medium-file=\"https:\/\/i0.wp.com\/www.jazzzeitung.de\/cms\/wp-content\/uploads\/2022\/08\/Karl_Ritter_004_Foto_Herbert_Hoepfl-scaled.jpg?fit=225%2C300&#038;ssl=1\" data-large-file=\"https:\/\/i0.wp.com\/www.jazzzeitung.de\/cms\/wp-content\/uploads\/2022\/08\/Karl_Ritter_004_Foto_Herbert_Hoepfl-scaled.jpg?fit=450%2C600&#038;ssl=1\" src=\"https:\/\/i0.wp.com\/www.jazzzeitung.de\/cms\/wp-content\/uploads\/2022\/08\/Karl_Ritter_004_Foto_Herbert_Hoepfl-scaled.jpg?w=416&#038;h=555&#038;ssl=1\" srcset=\"https:\/\/i0.wp.com\/www.jazzzeitung.de\/cms\/wp-content\/uploads\/2022\/08\/Karl_Ritter_004_Foto_Herbert_Hoepfl-scaled.jpg?w=1920&amp;ssl=1 1920w, https:\/\/i0.wp.com\/www.jazzzeitung.de\/cms\/wp-content\/uploads\/2022\/08\/Karl_Ritter_004_Foto_Herbert_Hoepfl-scaled.jpg?resize=225%2C300&amp;ssl=1 225w, https:\/\/i0.wp.com\/www.jazzzeitung.de\/cms\/wp-content\/uploads\/2022\/08\/Karl_Ritter_004_Foto_Herbert_Hoepfl-scaled.jpg?resize=450%2C600&amp;ssl=1 450w, https:\/\/i0.wp.com\/www.jazzzeitung.de\/cms\/wp-content\/uploads\/2022\/08\/Karl_Ritter_004_Foto_Herbert_Hoepfl-scaled.jpg?resize=768%2C1024&amp;ssl=1 768w, https:\/\/i0.wp.com\/www.jazzzeitung.de\/cms\/wp-content\/uploads\/2022\/08\/Karl_Ritter_004_Foto_Herbert_Hoepfl-scaled.jpg?resize=1152%2C1536&amp;ssl=1 1152w, https:\/\/i0.wp.com\/www.jazzzeitung.de\/cms\/wp-content\/uploads\/2022\/08\/Karl_Ritter_004_Foto_Herbert_Hoepfl-scaled.jpg?resize=1536%2C2048&amp;ssl=1 1536w, https:\/\/i0.wp.com\/www.jazzzeitung.de\/cms\/wp-content\/uploads\/2022\/08\/Karl_Ritter_004_Foto_Herbert_Hoepfl-scaled.jpg?resize=1320%2C1760&amp;ssl=1 1320w, https:\/\/i0.wp.com\/www.jazzzeitung.de\/cms\/wp-content\/uploads\/2022\/08\/Karl_Ritter_004_Foto_Herbert_Hoepfl-scaled.jpg?w=1680&amp;ssl=1 1680w\" width=\"416\" height=\"555\" loading=\"lazy\" data-original-width=\"416\" data-original-height=\"555\" itemprop=\"http:\/\/schema.org\/image\" title=\"Karl Ritter\" alt=\"Karl Ritter\" style=\"width: 416px; height: 555px;\" \/> <\/a> <div class=\"tiled-gallery-caption\" itemprop=\"caption description\"> Karl Ritter. Foto: Herbert H\u00f6pfl \/ www.concerto.at <\/div> <\/div> <\/div> <!-- close group --> <div class=\"gallery-group images-1\" style=\"width: 420px; height: 559px;\" data-original-width=\"420\" data-original-height=\"559\" > <div class=\"tiled-gallery-item tiled-gallery-item-large\" itemprop=\"associatedMedia\" itemscope itemtype=\"http:\/\/schema.org\/ImageObject\"> <a href=\"https:\/\/www.jazzzeitung.de\/cms\/2022\/08\/blasen-platzen-lassen-das-outreach-festival-2022\/olympus-digital-camera-198\/\" border=\"0\" itemprop=\"url\"> <meta itemprop=\"width\" content=\"416\"> <meta itemprop=\"height\" content=\"555\"> <img decoding=\"async\" class=\"\" data-attachment-id=\"28069\" data-orig-file=\"https:\/\/www.jazzzeitung.de\/cms\/wp-content\/uploads\/2022\/08\/Niki-Dolp-scaled.jpg\" data-orig-size=\"1920,2560\" data-comments-opened=\"1\" data-image-meta=\"{&quot;aperture&quot;:&quot;2.8&quot;,&quot;credit&quot;:&quot;Herbert_Hoepfl&quot;,&quot;camera&quot;:&quot;E-M1MarkII&quot;,&quot;caption&quot;:&quot;OLYMPUS DIGITAL CAMERA&quot;,&quot;created_timestamp&quot;:&quot;1659821161&quot;,&quot;copyright&quot;:&quot;&quot;,&quot;focal_length&quot;:&quot;120&quot;,&quot;iso&quot;:&quot;3200&quot;,&quot;shutter_speed&quot;:&quot;0.004&quot;,&quot;title&quot;:&quot;OLYMPUS DIGITAL CAMERA&quot;,&quot;orientation&quot;:&quot;0&quot;}\" data-image-title=\"Niki Dolp\" data-image-description=\"\" data-medium-file=\"https:\/\/i0.wp.com\/www.jazzzeitung.de\/cms\/wp-content\/uploads\/2022\/08\/Niki-Dolp-scaled.jpg?fit=225%2C300&#038;ssl=1\" data-large-file=\"https:\/\/i0.wp.com\/www.jazzzeitung.de\/cms\/wp-content\/uploads\/2022\/08\/Niki-Dolp-scaled.jpg?fit=450%2C600&#038;ssl=1\" src=\"https:\/\/i0.wp.com\/www.jazzzeitung.de\/cms\/wp-content\/uploads\/2022\/08\/Niki-Dolp-scaled.jpg?w=416&#038;h=555&#038;ssl=1\" srcset=\"https:\/\/i0.wp.com\/www.jazzzeitung.de\/cms\/wp-content\/uploads\/2022\/08\/Niki-Dolp-scaled.jpg?w=1920&amp;ssl=1 1920w, https:\/\/i0.wp.com\/www.jazzzeitung.de\/cms\/wp-content\/uploads\/2022\/08\/Niki-Dolp-scaled.jpg?resize=225%2C300&amp;ssl=1 225w, https:\/\/i0.wp.com\/www.jazzzeitung.de\/cms\/wp-content\/uploads\/2022\/08\/Niki-Dolp-scaled.jpg?resize=450%2C600&amp;ssl=1 450w, https:\/\/i0.wp.com\/www.jazzzeitung.de\/cms\/wp-content\/uploads\/2022\/08\/Niki-Dolp-scaled.jpg?resize=768%2C1024&amp;ssl=1 768w, https:\/\/i0.wp.com\/www.jazzzeitung.de\/cms\/wp-content\/uploads\/2022\/08\/Niki-Dolp-scaled.jpg?resize=1152%2C1536&amp;ssl=1 1152w, https:\/\/i0.wp.com\/www.jazzzeitung.de\/cms\/wp-content\/uploads\/2022\/08\/Niki-Dolp-scaled.jpg?resize=1536%2C2048&amp;ssl=1 1536w, https:\/\/i0.wp.com\/www.jazzzeitung.de\/cms\/wp-content\/uploads\/2022\/08\/Niki-Dolp-scaled.jpg?resize=1320%2C1760&amp;ssl=1 1320w, https:\/\/i0.wp.com\/www.jazzzeitung.de\/cms\/wp-content\/uploads\/2022\/08\/Niki-Dolp-scaled.jpg?w=1680&amp;ssl=1 1680w\" width=\"416\" height=\"555\" loading=\"lazy\" data-original-width=\"416\" data-original-height=\"555\" itemprop=\"http:\/\/schema.org\/image\" title=\"Niki Dolp\" alt=\"Niki Dolp\" style=\"width: 416px; height: 555px;\" \/> <\/a> <div class=\"tiled-gallery-caption\" itemprop=\"caption description\"> Niki Dolp. Foto: Herbert H\u00f6pfl \/ www.concerto.at <\/div> <\/div> <\/div> <!-- close group --> <\/div> <!-- close row --> <div class=\"gallery-row\" style=\"width: 840px; height: 614px;\" data-original-width=\"840\" data-original-height=\"614\" > <div class=\"gallery-group images-1\" style=\"width: 840px; height: 614px;\" data-original-width=\"840\" data-original-height=\"614\" > <div class=\"tiled-gallery-item tiled-gallery-item-large\" itemprop=\"associatedMedia\" itemscope itemtype=\"http:\/\/schema.org\/ImageObject\"> <a href=\"https:\/\/www.jazzzeitung.de\/cms\/2022\/08\/blasen-platzen-lassen-das-outreach-festival-2022\/olympus-digital-camera-188\/\" border=\"0\" itemprop=\"url\"> <meta itemprop=\"width\" content=\"836\"> <meta itemprop=\"height\" content=\"610\"> <img decoding=\"async\" class=\"\" data-attachment-id=\"28059\" data-orig-file=\"https:\/\/www.jazzzeitung.de\/cms\/wp-content\/uploads\/2022\/08\/Alex_Sipiagin_001_Foto_Herbert_Hoepfl-scaled.jpg\" data-orig-size=\"2560,1867\" data-comments-opened=\"1\" data-image-meta=\"{&quot;aperture&quot;:&quot;2.8&quot;,&quot;credit&quot;:&quot;Herbert_Hoepfl&quot;,&quot;camera&quot;:&quot;E-M1MarkII&quot;,&quot;caption&quot;:&quot;OLYMPUS DIGITAL CAMERA&quot;,&quot;created_timestamp&quot;:&quot;1659736655&quot;,&quot;copyright&quot;:&quot;&quot;,&quot;focal_length&quot;:&quot;150&quot;,&quot;iso&quot;:&quot;3200&quot;,&quot;shutter_speed&quot;:&quot;0.003125&quot;,&quot;title&quot;:&quot;OLYMPUS DIGITAL CAMERA&quot;,&quot;orientation&quot;:&quot;0&quot;}\" data-image-title=\"Alex Spiagin\" data-image-description=\"\" data-medium-file=\"https:\/\/i0.wp.com\/www.jazzzeitung.de\/cms\/wp-content\/uploads\/2022\/08\/Alex_Sipiagin_001_Foto_Herbert_Hoepfl-scaled.jpg?fit=300%2C219&#038;ssl=1\" data-large-file=\"https:\/\/i0.wp.com\/www.jazzzeitung.de\/cms\/wp-content\/uploads\/2022\/08\/Alex_Sipiagin_001_Foto_Herbert_Hoepfl-scaled.jpg?fit=823%2C600&#038;ssl=1\" src=\"https:\/\/i0.wp.com\/www.jazzzeitung.de\/cms\/wp-content\/uploads\/2022\/08\/Alex_Sipiagin_001_Foto_Herbert_Hoepfl-scaled.jpg?w=836&#038;h=610&#038;ssl=1\" srcset=\"https:\/\/i0.wp.com\/www.jazzzeitung.de\/cms\/wp-content\/uploads\/2022\/08\/Alex_Sipiagin_001_Foto_Herbert_Hoepfl-scaled.jpg?w=2560&amp;ssl=1 2560w, https:\/\/i0.wp.com\/www.jazzzeitung.de\/cms\/wp-content\/uploads\/2022\/08\/Alex_Sipiagin_001_Foto_Herbert_Hoepfl-scaled.jpg?resize=300%2C219&amp;ssl=1 300w, https:\/\/i0.wp.com\/www.jazzzeitung.de\/cms\/wp-content\/uploads\/2022\/08\/Alex_Sipiagin_001_Foto_Herbert_Hoepfl-scaled.jpg?resize=823%2C600&amp;ssl=1 823w, https:\/\/i0.wp.com\/www.jazzzeitung.de\/cms\/wp-content\/uploads\/2022\/08\/Alex_Sipiagin_001_Foto_Herbert_Hoepfl-scaled.jpg?resize=768%2C560&amp;ssl=1 768w, https:\/\/i0.wp.com\/www.jazzzeitung.de\/cms\/wp-content\/uploads\/2022\/08\/Alex_Sipiagin_001_Foto_Herbert_Hoepfl-scaled.jpg?resize=1536%2C1120&amp;ssl=1 1536w, https:\/\/i0.wp.com\/www.jazzzeitung.de\/cms\/wp-content\/uploads\/2022\/08\/Alex_Sipiagin_001_Foto_Herbert_Hoepfl-scaled.jpg?resize=2048%2C1494&amp;ssl=1 2048w, https:\/\/i0.wp.com\/www.jazzzeitung.de\/cms\/wp-content\/uploads\/2022\/08\/Alex_Sipiagin_001_Foto_Herbert_Hoepfl-scaled.jpg?resize=1320%2C963&amp;ssl=1 1320w, https:\/\/i0.wp.com\/www.jazzzeitung.de\/cms\/wp-content\/uploads\/2022\/08\/Alex_Sipiagin_001_Foto_Herbert_Hoepfl-scaled.jpg?w=1680&amp;ssl=1 1680w\" width=\"836\" height=\"610\" loading=\"lazy\" data-original-width=\"836\" data-original-height=\"610\" itemprop=\"http:\/\/schema.org\/image\" title=\"Alex Spiagin\" alt=\"Alex Spiagin\" style=\"width: 836px; height: 610px;\" \/> <\/a> <div class=\"tiled-gallery-caption\" itemprop=\"caption description\"> Alex Spiagin. Foto: Herbert H\u00f6pfl \/ www.concerto.at <\/div> <\/div> <\/div> <!-- close group --> <\/div> <!-- close row --> <\/div>\n<h3><\/h3>\n<p>&nbsp;<\/p>\n<h3>Ein Konzept mit Potenzial<\/h3>\n<p>Am Ende waren sich die meisten einig, dass die Programmauswahl von Hackl und seinem Co-Direktor, dem Bassisten Clemens Rofner, wieder einmal exzellent war. Und dass man dieses au\u00dfergew\u00f6hnliche Auftrittsformat beibehalten, aber verfeinern sollte. Vielleicht nur noch zwei Dreier-Sets mit einer kleinen Pause (mindestens eine etwas enger mit der Musik verzahnte \u201ePausenlyrik\u201c als in dieser Festivalausgabe von Werner Heinrichm\u00f6ller), vielleicht auch eine \u00dcbertragung der Musik ins Foyer, damit sich keiner wegen der Angst, etwas zu verpassen, vor dem Getr\u00e4nkeholen zieren muss. Ach ja, urspr\u00fcnglich waren es ja sogar mal vier Bands pro Abend: Die Newcomer hat Hackl seit Corona in Schaufenster-Konzerte im Showroom seiner Werkstatt auf der anderen Inn-Seite ausgelagert \u2013 und diese Plattform vorwiegend f\u00fcr den starken Tiroler Nachwuchs (auff\u00e4llig zum Beispiel der Pianist Florian Reider und die Bassistin Anna Reisgl) heuer sogar auf sieben Tage gestreckt.<\/p>\n<p>Alles in allem also eine Win-Win-Win-Win-Situation, bei der, wenn das Outreach so bleibt, beziehungsweise sich so immer wieder neu erfindet, der Jazz-Chef des ORF Andreas Felber auch in Zukunft nicht umhin kommen wird, alles mitzuschneiden.<\/p>\n<p>&nbsp;<\/p>\n","protected":false},"excerpt":{"rendered":"<p>(Von Oliver Hochkeppel) Ein beachtliches Jubil\u00e4um konnte man im Tiroler St\u00e4dtchen Schwaz feiern. Vom 4. bis 6 August fand die 30. Ausgabe des Outreach Festivals der 13.000-Einwohner-Kommune statt, mit dem Silbersaal des SZentrums als zentrale B\u00fchne. Was umso bemerkenswerter ist, als das Outreach schon immer zu den experimentellen, innovativen und damit nicht nebenbei zu konsumierenden Festivals geh\u00f6rt. Dies wiederum liegt wie so oft ganz wesentlich am Gr\u00fcnder, der bis heute am Ruder steht. &nbsp; Der Trompeter Franz Hackl (Titelfoto) gr\u00fcndete das Outreach Festival 1993 in seiner Geburtsstadt, auch als M\u00f6glichkeit, die Verbindung zur Heimat zu halten &#8211; neben der Blasinstrumentenschmiede, die er mit seinem Vater betreibt. Denn eigentlich hatte ihn seine Karriere nach New York verschlagen, wo nicht nur die von ihm gegr\u00fcndete Familie, sondern auch ein Gros seiner Musikerfamilie sitzt. Aus den Erfahrungen zwischen Europa und USA, zwischen Kleinstadt und Metropole, zwischen Tradition und Postpostmoderne, aber auch zwischen Volksmusik und Jazz speist sich das Outreach Festival. Versteht es sich doch interdisziplin\u00e4r, genre\u00fcbergreifend und ganzheitlich. \u201eDie Vision von Outreach ist\u201c, sagt Hackl, \u201eMusik und alle anderen bildenden und darstellenden K\u00fcnste zu verwenden, um Grenzen aufzubrechen &hellip;<\/p>\n","protected":false},"author":18,"featured_media":28063,"comment_status":"open","ping_status":"closed","sticky":false,"template":"","format":"standard","meta":{"_jetpack_memberships_contains_paid_content":false,"footnotes":"","jetpack_publicize_message":"","jetpack_publicize_feature_enabled":true,"jetpack_social_post_already_shared":false,"jetpack_social_options":{"image_generator_settings":{"template":"highway","default_image_id":0,"font":"","enabled":false},"version":2}},"categories":[1053],"tags":[4255,3576,3577],"coauthors":[695],"class_list":["post-28058","post","type-post","status-publish","format-standard","has-post-thumbnail","hentry","category-bericht","tag-hackl","tag-outreach","tag-schwaz"],"yoast_head":"<!-- This site is optimized with the Yoast SEO plugin v27.5 - https:\/\/yoast.com\/product\/yoast-seo-wordpress\/ -->\n<title>Blasen platzen lassen: Das Outreach Festival 2022 - JazzZeitung<\/title>\n<meta name=\"robots\" content=\"index, follow, max-snippet:-1, max-image-preview:large, max-video-preview:-1\" \/>\n<link rel=\"canonical\" href=\"https:\/\/www.jazzzeitung.de\/cms\/2022\/08\/blasen-platzen-lassen-das-outreach-festival-2022\/\" \/>\n<meta property=\"og:locale\" content=\"de_DE\" \/>\n<meta property=\"og:type\" content=\"article\" \/>\n<meta property=\"og:title\" content=\"Blasen platzen lassen: Das Outreach Festival 2022 - JazzZeitung\" \/>\n<meta property=\"og:description\" content=\"(Von Oliver Hochkeppel) Ein beachtliches Jubil\u00e4um konnte man im Tiroler St\u00e4dtchen Schwaz feiern. Vom 4. bis 6 August fand die 30. Ausgabe des Outreach Festivals der 13.000-Einwohner-Kommune statt, mit dem Silbersaal des SZentrums als zentrale B\u00fchne. Was umso bemerkenswerter ist, als das Outreach schon immer zu den experimentellen, innovativen und damit nicht nebenbei zu konsumierenden Festivals geh\u00f6rt. Dies wiederum liegt wie so oft ganz wesentlich am Gr\u00fcnder, der bis heute am Ruder steht. &nbsp; Der Trompeter Franz Hackl (Titelfoto) gr\u00fcndete das Outreach Festival 1993 in seiner Geburtsstadt, auch als M\u00f6glichkeit, die Verbindung zur Heimat zu halten &#8211; neben der Blasinstrumentenschmiede, die er mit seinem Vater betreibt. Denn eigentlich hatte ihn seine Karriere nach New York verschlagen, wo nicht nur die von ihm gegr\u00fcndete Familie, sondern auch ein Gros seiner Musikerfamilie sitzt. Aus den Erfahrungen zwischen Europa und USA, zwischen Kleinstadt und Metropole, zwischen Tradition und Postpostmoderne, aber auch zwischen Volksmusik und Jazz speist sich das Outreach Festival. Versteht es sich doch interdisziplin\u00e4r, genre\u00fcbergreifend und ganzheitlich. \u201eDie Vision von Outreach ist\u201c, sagt Hackl, \u201eMusik und alle anderen bildenden und darstellenden K\u00fcnste zu verwenden, um Grenzen aufzubrechen &hellip;\" \/>\n<meta property=\"og:url\" content=\"https:\/\/www.jazzzeitung.de\/cms\/2022\/08\/blasen-platzen-lassen-das-outreach-festival-2022\/\" \/>\n<meta property=\"og:site_name\" content=\"JazzZeitung\" \/>\n<meta property=\"article:publisher\" content=\"https:\/\/www.facebook.com\/JazzZeitung\/\" \/>\n<meta property=\"article:published_time\" content=\"2022-08-11T10:55:53+00:00\" \/>\n<meta property=\"og:image\" content=\"https:\/\/www.jazzzeitung.de\/cms\/wp-content\/uploads\/2022\/08\/Franz_Hackl_011_Foto_Herbert_Hoepfl-scaled.jpg\" \/>\n\t<meta property=\"og:image:width\" content=\"2560\" \/>\n\t<meta property=\"og:image:height\" content=\"1920\" \/>\n\t<meta property=\"og:image:type\" content=\"image\/jpeg\" \/>\n<meta name=\"author\" content=\"Redaktion JazzZeitung\" \/>\n<script type=\"application\/ld+json\" class=\"yoast-schema-graph\">{\"@context\":\"https:\\\/\\\/schema.org\",\"@graph\":[{\"@type\":\"Article\",\"@id\":\"https:\\\/\\\/www.jazzzeitung.de\\\/cms\\\/2022\\\/08\\\/blasen-platzen-lassen-das-outreach-festival-2022\\\/#article\",\"isPartOf\":{\"@id\":\"https:\\\/\\\/www.jazzzeitung.de\\\/cms\\\/2022\\\/08\\\/blasen-platzen-lassen-das-outreach-festival-2022\\\/\"},\"author\":{\"name\":\"Redaktion JazzZeitung\",\"@id\":\"https:\\\/\\\/www.jazzzeitung.de\\\/cms\\\/#\\\/schema\\\/person\\\/2245b36b9cd1d24cea10f01c031fb92b\"},\"headline\":\"Blasen platzen lassen: Das Outreach Festival 2022\",\"datePublished\":\"2022-08-11T10:55:53+00:00\",\"mainEntityOfPage\":{\"@id\":\"https:\\\/\\\/www.jazzzeitung.de\\\/cms\\\/2022\\\/08\\\/blasen-platzen-lassen-das-outreach-festival-2022\\\/\"},\"wordCount\":1132,\"commentCount\":0,\"publisher\":{\"@id\":\"https:\\\/\\\/www.jazzzeitung.de\\\/cms\\\/#organization\"},\"image\":{\"@id\":\"https:\\\/\\\/www.jazzzeitung.de\\\/cms\\\/2022\\\/08\\\/blasen-platzen-lassen-das-outreach-festival-2022\\\/#primaryimage\"},\"thumbnailUrl\":\"https:\\\/\\\/i0.wp.com\\\/www.jazzzeitung.de\\\/cms\\\/wp-content\\\/uploads\\\/2022\\\/08\\\/Franz_Hackl_011_Foto_Herbert_Hoepfl-scaled.jpg?fit=2560%2C1920&ssl=1\",\"keywords\":[\"Hackl\",\"Outreach\",\"Schwaz\"],\"articleSection\":[\"Bericht\"],\"inLanguage\":\"de\",\"potentialAction\":[{\"@type\":\"CommentAction\",\"name\":\"Comment\",\"target\":[\"https:\\\/\\\/www.jazzzeitung.de\\\/cms\\\/2022\\\/08\\\/blasen-platzen-lassen-das-outreach-festival-2022\\\/#respond\"]}]},{\"@type\":\"WebPage\",\"@id\":\"https:\\\/\\\/www.jazzzeitung.de\\\/cms\\\/2022\\\/08\\\/blasen-platzen-lassen-das-outreach-festival-2022\\\/\",\"url\":\"https:\\\/\\\/www.jazzzeitung.de\\\/cms\\\/2022\\\/08\\\/blasen-platzen-lassen-das-outreach-festival-2022\\\/\",\"name\":\"Blasen platzen lassen: Das Outreach Festival 2022 - JazzZeitung\",\"isPartOf\":{\"@id\":\"https:\\\/\\\/www.jazzzeitung.de\\\/cms\\\/#website\"},\"primaryImageOfPage\":{\"@id\":\"https:\\\/\\\/www.jazzzeitung.de\\\/cms\\\/2022\\\/08\\\/blasen-platzen-lassen-das-outreach-festival-2022\\\/#primaryimage\"},\"image\":{\"@id\":\"https:\\\/\\\/www.jazzzeitung.de\\\/cms\\\/2022\\\/08\\\/blasen-platzen-lassen-das-outreach-festival-2022\\\/#primaryimage\"},\"thumbnailUrl\":\"https:\\\/\\\/i0.wp.com\\\/www.jazzzeitung.de\\\/cms\\\/wp-content\\\/uploads\\\/2022\\\/08\\\/Franz_Hackl_011_Foto_Herbert_Hoepfl-scaled.jpg?fit=2560%2C1920&ssl=1\",\"datePublished\":\"2022-08-11T10:55:53+00:00\",\"breadcrumb\":{\"@id\":\"https:\\\/\\\/www.jazzzeitung.de\\\/cms\\\/2022\\\/08\\\/blasen-platzen-lassen-das-outreach-festival-2022\\\/#breadcrumb\"},\"inLanguage\":\"de\",\"potentialAction\":[{\"@type\":\"ReadAction\",\"target\":[\"https:\\\/\\\/www.jazzzeitung.de\\\/cms\\\/2022\\\/08\\\/blasen-platzen-lassen-das-outreach-festival-2022\\\/\"]}]},{\"@type\":\"ImageObject\",\"inLanguage\":\"de\",\"@id\":\"https:\\\/\\\/www.jazzzeitung.de\\\/cms\\\/2022\\\/08\\\/blasen-platzen-lassen-das-outreach-festival-2022\\\/#primaryimage\",\"url\":\"https:\\\/\\\/i0.wp.com\\\/www.jazzzeitung.de\\\/cms\\\/wp-content\\\/uploads\\\/2022\\\/08\\\/Franz_Hackl_011_Foto_Herbert_Hoepfl-scaled.jpg?fit=2560%2C1920&ssl=1\",\"contentUrl\":\"https:\\\/\\\/i0.wp.com\\\/www.jazzzeitung.de\\\/cms\\\/wp-content\\\/uploads\\\/2022\\\/08\\\/Franz_Hackl_011_Foto_Herbert_Hoepfl-scaled.jpg?fit=2560%2C1920&ssl=1\",\"width\":2560,\"height\":1920,\"caption\":\"Franz Hackl\"},{\"@type\":\"BreadcrumbList\",\"@id\":\"https:\\\/\\\/www.jazzzeitung.de\\\/cms\\\/2022\\\/08\\\/blasen-platzen-lassen-das-outreach-festival-2022\\\/#breadcrumb\",\"itemListElement\":[{\"@type\":\"ListItem\",\"position\":1,\"name\":\"Startseite\",\"item\":\"https:\\\/\\\/www.jazzzeitung.de\\\/cms\\\/\"},{\"@type\":\"ListItem\",\"position\":2,\"name\":\"Blasen platzen lassen: Das Outreach Festival 2022\"}]},{\"@type\":\"WebSite\",\"@id\":\"https:\\\/\\\/www.jazzzeitung.de\\\/cms\\\/#website\",\"url\":\"https:\\\/\\\/www.jazzzeitung.de\\\/cms\\\/\",\"name\":\"JazzZeitung\",\"description\":\"Jazz-News und Jazz-Kontroverses\",\"publisher\":{\"@id\":\"https:\\\/\\\/www.jazzzeitung.de\\\/cms\\\/#organization\"},\"potentialAction\":[{\"@type\":\"SearchAction\",\"target\":{\"@type\":\"EntryPoint\",\"urlTemplate\":\"https:\\\/\\\/www.jazzzeitung.de\\\/cms\\\/?s={search_term_string}\"},\"query-input\":{\"@type\":\"PropertyValueSpecification\",\"valueRequired\":true,\"valueName\":\"search_term_string\"}}],\"inLanguage\":\"de\"},{\"@type\":\"Organization\",\"@id\":\"https:\\\/\\\/www.jazzzeitung.de\\\/cms\\\/#organization\",\"name\":\"JazzZeitung online\",\"url\":\"https:\\\/\\\/www.jazzzeitung.de\\\/cms\\\/\",\"logo\":{\"@type\":\"ImageObject\",\"inLanguage\":\"de\",\"@id\":\"https:\\\/\\\/www.jazzzeitung.de\\\/cms\\\/#\\\/schema\\\/logo\\\/image\\\/\",\"url\":\"https:\\\/\\\/i0.wp.com\\\/www.jazzzeitung.de\\\/cms\\\/wp-content\\\/uploads\\\/2015\\\/08\\\/JAZZZEITUNGDE_Logo_Neu.png?fit=499%2C200&ssl=1\",\"contentUrl\":\"https:\\\/\\\/i0.wp.com\\\/www.jazzzeitung.de\\\/cms\\\/wp-content\\\/uploads\\\/2015\\\/08\\\/JAZZZEITUNGDE_Logo_Neu.png?fit=499%2C200&ssl=1\",\"width\":499,\"height\":200,\"caption\":\"JazzZeitung online\"},\"image\":{\"@id\":\"https:\\\/\\\/www.jazzzeitung.de\\\/cms\\\/#\\\/schema\\\/logo\\\/image\\\/\"},\"sameAs\":[\"https:\\\/\\\/www.facebook.com\\\/JazzZeitung\\\/\"]},{\"@type\":\"Person\",\"@id\":\"https:\\\/\\\/www.jazzzeitung.de\\\/cms\\\/#\\\/schema\\\/person\\\/2245b36b9cd1d24cea10f01c031fb92b\",\"name\":\"Redaktion JazzZeitung\",\"image\":{\"@type\":\"ImageObject\",\"inLanguage\":\"de\",\"@id\":\"https:\\\/\\\/i0.wp.com\\\/www.jazzzeitung.de\\\/cms\\\/wp-content\\\/uploads\\\/2015\\\/08\\\/JAZZZEITUNGDE_Logo_Neu.png?resize=96%2C96&ssl=159975dcacb611b5700bd619b5daf0a7a\",\"url\":\"https:\\\/\\\/i0.wp.com\\\/www.jazzzeitung.de\\\/cms\\\/wp-content\\\/uploads\\\/2015\\\/08\\\/JAZZZEITUNGDE_Logo_Neu.png?resize=96%2C96&ssl=1\",\"contentUrl\":\"https:\\\/\\\/i0.wp.com\\\/www.jazzzeitung.de\\\/cms\\\/wp-content\\\/uploads\\\/2015\\\/08\\\/JAZZZEITUNGDE_Logo_Neu.png?resize=96%2C96&ssl=1\",\"caption\":\"Redaktion JazzZeitung\"},\"description\":\"Artikel der Redaktion der JazzZeitung.\",\"sameAs\":[\"http:\\\/\\\/www.jazzzeitung.de\\\/cms\\\/\"],\"url\":\"https:\\\/\\\/www.jazzzeitung.de\\\/cms\\\/author\\\/redaktion\\\/\"}]}<\/script>\n<!-- \/ Yoast SEO plugin. -->","yoast_head_json":{"title":"Blasen platzen lassen: Das Outreach Festival 2022 - JazzZeitung","robots":{"index":"index","follow":"follow","max-snippet":"max-snippet:-1","max-image-preview":"max-image-preview:large","max-video-preview":"max-video-preview:-1"},"canonical":"https:\/\/www.jazzzeitung.de\/cms\/2022\/08\/blasen-platzen-lassen-das-outreach-festival-2022\/","og_locale":"de_DE","og_type":"article","og_title":"Blasen platzen lassen: Das Outreach Festival 2022 - JazzZeitung","og_description":"(Von Oliver Hochkeppel) Ein beachtliches Jubil\u00e4um konnte man im Tiroler St\u00e4dtchen Schwaz feiern. Vom 4. bis 6 August fand die 30. Ausgabe des Outreach Festivals der 13.000-Einwohner-Kommune statt, mit dem Silbersaal des SZentrums als zentrale B\u00fchne. Was umso bemerkenswerter ist, als das Outreach schon immer zu den experimentellen, innovativen und damit nicht nebenbei zu konsumierenden Festivals geh\u00f6rt. Dies wiederum liegt wie so oft ganz wesentlich am Gr\u00fcnder, der bis heute am Ruder steht. &nbsp; Der Trompeter Franz Hackl (Titelfoto) gr\u00fcndete das Outreach Festival 1993 in seiner Geburtsstadt, auch als M\u00f6glichkeit, die Verbindung zur Heimat zu halten &#8211; neben der Blasinstrumentenschmiede, die er mit seinem Vater betreibt. Denn eigentlich hatte ihn seine Karriere nach New York verschlagen, wo nicht nur die von ihm gegr\u00fcndete Familie, sondern auch ein Gros seiner Musikerfamilie sitzt. Aus den Erfahrungen zwischen Europa und USA, zwischen Kleinstadt und Metropole, zwischen Tradition und Postpostmoderne, aber auch zwischen Volksmusik und Jazz speist sich das Outreach Festival. Versteht es sich doch interdisziplin\u00e4r, genre\u00fcbergreifend und ganzheitlich. \u201eDie Vision von Outreach ist\u201c, sagt Hackl, \u201eMusik und alle anderen bildenden und darstellenden K\u00fcnste zu verwenden, um Grenzen aufzubrechen &hellip;","og_url":"https:\/\/www.jazzzeitung.de\/cms\/2022\/08\/blasen-platzen-lassen-das-outreach-festival-2022\/","og_site_name":"JazzZeitung","article_publisher":"https:\/\/www.facebook.com\/JazzZeitung\/","article_published_time":"2022-08-11T10:55:53+00:00","og_image":[{"width":2560,"height":1920,"url":"https:\/\/www.jazzzeitung.de\/cms\/wp-content\/uploads\/2022\/08\/Franz_Hackl_011_Foto_Herbert_Hoepfl-scaled.jpg","type":"image\/jpeg"}],"author":"Redaktion JazzZeitung","schema":{"@context":"https:\/\/schema.org","@graph":[{"@type":"Article","@id":"https:\/\/www.jazzzeitung.de\/cms\/2022\/08\/blasen-platzen-lassen-das-outreach-festival-2022\/#article","isPartOf":{"@id":"https:\/\/www.jazzzeitung.de\/cms\/2022\/08\/blasen-platzen-lassen-das-outreach-festival-2022\/"},"author":{"name":"Redaktion JazzZeitung","@id":"https:\/\/www.jazzzeitung.de\/cms\/#\/schema\/person\/2245b36b9cd1d24cea10f01c031fb92b"},"headline":"Blasen platzen lassen: Das Outreach Festival 2022","datePublished":"2022-08-11T10:55:53+00:00","mainEntityOfPage":{"@id":"https:\/\/www.jazzzeitung.de\/cms\/2022\/08\/blasen-platzen-lassen-das-outreach-festival-2022\/"},"wordCount":1132,"commentCount":0,"publisher":{"@id":"https:\/\/www.jazzzeitung.de\/cms\/#organization"},"image":{"@id":"https:\/\/www.jazzzeitung.de\/cms\/2022\/08\/blasen-platzen-lassen-das-outreach-festival-2022\/#primaryimage"},"thumbnailUrl":"https:\/\/i0.wp.com\/www.jazzzeitung.de\/cms\/wp-content\/uploads\/2022\/08\/Franz_Hackl_011_Foto_Herbert_Hoepfl-scaled.jpg?fit=2560%2C1920&ssl=1","keywords":["Hackl","Outreach","Schwaz"],"articleSection":["Bericht"],"inLanguage":"de","potentialAction":[{"@type":"CommentAction","name":"Comment","target":["https:\/\/www.jazzzeitung.de\/cms\/2022\/08\/blasen-platzen-lassen-das-outreach-festival-2022\/#respond"]}]},{"@type":"WebPage","@id":"https:\/\/www.jazzzeitung.de\/cms\/2022\/08\/blasen-platzen-lassen-das-outreach-festival-2022\/","url":"https:\/\/www.jazzzeitung.de\/cms\/2022\/08\/blasen-platzen-lassen-das-outreach-festival-2022\/","name":"Blasen platzen lassen: Das Outreach Festival 2022 - JazzZeitung","isPartOf":{"@id":"https:\/\/www.jazzzeitung.de\/cms\/#website"},"primaryImageOfPage":{"@id":"https:\/\/www.jazzzeitung.de\/cms\/2022\/08\/blasen-platzen-lassen-das-outreach-festival-2022\/#primaryimage"},"image":{"@id":"https:\/\/www.jazzzeitung.de\/cms\/2022\/08\/blasen-platzen-lassen-das-outreach-festival-2022\/#primaryimage"},"thumbnailUrl":"https:\/\/i0.wp.com\/www.jazzzeitung.de\/cms\/wp-content\/uploads\/2022\/08\/Franz_Hackl_011_Foto_Herbert_Hoepfl-scaled.jpg?fit=2560%2C1920&ssl=1","datePublished":"2022-08-11T10:55:53+00:00","breadcrumb":{"@id":"https:\/\/www.jazzzeitung.de\/cms\/2022\/08\/blasen-platzen-lassen-das-outreach-festival-2022\/#breadcrumb"},"inLanguage":"de","potentialAction":[{"@type":"ReadAction","target":["https:\/\/www.jazzzeitung.de\/cms\/2022\/08\/blasen-platzen-lassen-das-outreach-festival-2022\/"]}]},{"@type":"ImageObject","inLanguage":"de","@id":"https:\/\/www.jazzzeitung.de\/cms\/2022\/08\/blasen-platzen-lassen-das-outreach-festival-2022\/#primaryimage","url":"https:\/\/i0.wp.com\/www.jazzzeitung.de\/cms\/wp-content\/uploads\/2022\/08\/Franz_Hackl_011_Foto_Herbert_Hoepfl-scaled.jpg?fit=2560%2C1920&ssl=1","contentUrl":"https:\/\/i0.wp.com\/www.jazzzeitung.de\/cms\/wp-content\/uploads\/2022\/08\/Franz_Hackl_011_Foto_Herbert_Hoepfl-scaled.jpg?fit=2560%2C1920&ssl=1","width":2560,"height":1920,"caption":"Franz Hackl"},{"@type":"BreadcrumbList","@id":"https:\/\/www.jazzzeitung.de\/cms\/2022\/08\/blasen-platzen-lassen-das-outreach-festival-2022\/#breadcrumb","itemListElement":[{"@type":"ListItem","position":1,"name":"Startseite","item":"https:\/\/www.jazzzeitung.de\/cms\/"},{"@type":"ListItem","position":2,"name":"Blasen platzen lassen: Das Outreach Festival 2022"}]},{"@type":"WebSite","@id":"https:\/\/www.jazzzeitung.de\/cms\/#website","url":"https:\/\/www.jazzzeitung.de\/cms\/","name":"JazzZeitung","description":"Jazz-News und Jazz-Kontroverses","publisher":{"@id":"https:\/\/www.jazzzeitung.de\/cms\/#organization"},"potentialAction":[{"@type":"SearchAction","target":{"@type":"EntryPoint","urlTemplate":"https:\/\/www.jazzzeitung.de\/cms\/?s={search_term_string}"},"query-input":{"@type":"PropertyValueSpecification","valueRequired":true,"valueName":"search_term_string"}}],"inLanguage":"de"},{"@type":"Organization","@id":"https:\/\/www.jazzzeitung.de\/cms\/#organization","name":"JazzZeitung online","url":"https:\/\/www.jazzzeitung.de\/cms\/","logo":{"@type":"ImageObject","inLanguage":"de","@id":"https:\/\/www.jazzzeitung.de\/cms\/#\/schema\/logo\/image\/","url":"https:\/\/i0.wp.com\/www.jazzzeitung.de\/cms\/wp-content\/uploads\/2015\/08\/JAZZZEITUNGDE_Logo_Neu.png?fit=499%2C200&ssl=1","contentUrl":"https:\/\/i0.wp.com\/www.jazzzeitung.de\/cms\/wp-content\/uploads\/2015\/08\/JAZZZEITUNGDE_Logo_Neu.png?fit=499%2C200&ssl=1","width":499,"height":200,"caption":"JazzZeitung online"},"image":{"@id":"https:\/\/www.jazzzeitung.de\/cms\/#\/schema\/logo\/image\/"},"sameAs":["https:\/\/www.facebook.com\/JazzZeitung\/"]},{"@type":"Person","@id":"https:\/\/www.jazzzeitung.de\/cms\/#\/schema\/person\/2245b36b9cd1d24cea10f01c031fb92b","name":"Redaktion JazzZeitung","image":{"@type":"ImageObject","inLanguage":"de","@id":"https:\/\/i0.wp.com\/www.jazzzeitung.de\/cms\/wp-content\/uploads\/2015\/08\/JAZZZEITUNGDE_Logo_Neu.png?resize=96%2C96&ssl=159975dcacb611b5700bd619b5daf0a7a","url":"https:\/\/i0.wp.com\/www.jazzzeitung.de\/cms\/wp-content\/uploads\/2015\/08\/JAZZZEITUNGDE_Logo_Neu.png?resize=96%2C96&ssl=1","contentUrl":"https:\/\/i0.wp.com\/www.jazzzeitung.de\/cms\/wp-content\/uploads\/2015\/08\/JAZZZEITUNGDE_Logo_Neu.png?resize=96%2C96&ssl=1","caption":"Redaktion JazzZeitung"},"description":"Artikel der Redaktion der JazzZeitung.","sameAs":["http:\/\/www.jazzzeitung.de\/cms\/"],"url":"https:\/\/www.jazzzeitung.de\/cms\/author\/redaktion\/"}]}},"wp-worthy-pixel":{"ignored":false,"public":null,"server":null,"url":null},"wp-worthy-type":"normal","jetpack_publicize_connections":[],"cc_featured_image_caption":{"caption_text":"","source_text":"","source_url":""},"jetpack_featured_media_url":"https:\/\/i0.wp.com\/www.jazzzeitung.de\/cms\/wp-content\/uploads\/2022\/08\/Franz_Hackl_011_Foto_Herbert_Hoepfl-scaled.jpg?fit=2560%2C1920&ssl=1","jetpack_shortlink":"https:\/\/wp.me\/p3KEcT-7iy","jetpack-related-posts":[{"id":29930,"url":"https:\/\/www.jazzzeitung.de\/cms\/2023\/08\/wider-die-konvention-eindruecke-vom-31-outreach-festival-in-schwaz\/","url_meta":{"origin":28058,"position":0},"title":"Wider die Konvention: Eindr\u00fccke vom 31. Outreach Festival in Schwaz","author":"Redaktion JazzZeitung","date":"18. August 2023","format":false,"excerpt":"Auch in seiner 31. Ausgabe erwies sich das \u201eOutreach Festival\u201c im Tiroler St\u00e4dtchen Schwaz als eines der ungew\u00f6hnlichsten Jazz-Festivals Europas. Das vom von hier stammenden Trompeter Franz Hackl \u2013 der freilich seit Jahrzehnten seinen Hauptwohnsitz in New York hat \u2013 gegr\u00fcndete und nach wie vor\u00a0 gemeinsam mit dem Bassisten Clemens\u2026","rel":"","context":"In &quot;Bericht&quot;","block_context":{"text":"Bericht","link":"https:\/\/www.jazzzeitung.de\/cms\/thema\/bericht\/"},"img":{"alt_text":"","src":"https:\/\/i0.wp.com\/www.jazzzeitung.de\/cms\/wp-content\/uploads\/2023\/08\/EdiNulz1_OliverHochkeppel030823-scaled.jpg?fit=1200%2C790&ssl=1&resize=350%2C200","width":350,"height":200,"srcset":"https:\/\/i0.wp.com\/www.jazzzeitung.de\/cms\/wp-content\/uploads\/2023\/08\/EdiNulz1_OliverHochkeppel030823-scaled.jpg?fit=1200%2C790&ssl=1&resize=350%2C200 1x, https:\/\/i0.wp.com\/www.jazzzeitung.de\/cms\/wp-content\/uploads\/2023\/08\/EdiNulz1_OliverHochkeppel030823-scaled.jpg?fit=1200%2C790&ssl=1&resize=525%2C300 1.5x, https:\/\/i0.wp.com\/www.jazzzeitung.de\/cms\/wp-content\/uploads\/2023\/08\/EdiNulz1_OliverHochkeppel030823-scaled.jpg?fit=1200%2C790&ssl=1&resize=700%2C400 2x, https:\/\/i0.wp.com\/www.jazzzeitung.de\/cms\/wp-content\/uploads\/2023\/08\/EdiNulz1_OliverHochkeppel030823-scaled.jpg?fit=1200%2C790&ssl=1&resize=1050%2C600 3x"},"classes":[]},{"id":23167,"url":"https:\/\/www.jazzzeitung.de\/cms\/2020\/08\/ins-horn-stossen-statt-ins-boxhorn-jagen-lassen-das-outreach-festival-in-schwaz\/","url_meta":{"origin":28058,"position":1},"title":"Ins Horn sto\u00dfen statt ins Boxhorn jagen lassen \u2013 das Outreach-Festival in Schwaz","author":"Redaktion JazzZeitung","date":"18. August 2020","format":false,"excerpt":"Auch und gerade in Coronazeiten begeisterte das innovative Outreach-Festival in Schwaz \u201eDer B\u00fcrgermeister hat mir das Festival acht Mal abgesagt\u201c, erz\u00e4hlt der Trompeter, vor allem aber Gr\u00fcnder und Leiter des \u201eOutreach\u201c Festivals im \u00f6sterreichischen Schwaz Franz Hackl, \u201eaber ich hab\u2018 ihm gesagt, dass er das gar nicht entscheiden kann; er\u2026","rel":"","context":"In &quot;Bericht&quot;","block_context":{"text":"Bericht","link":"https:\/\/www.jazzzeitung.de\/cms\/thema\/bericht\/"},"img":{"alt_text":"","src":"https:\/\/i0.wp.com\/www.jazzzeitung.de\/cms\/wp-content\/uploads\/2020\/08\/OutBrandnerPichler2-scaled.jpg?fit=1200%2C900&ssl=1&resize=350%2C200","width":350,"height":200,"srcset":"https:\/\/i0.wp.com\/www.jazzzeitung.de\/cms\/wp-content\/uploads\/2020\/08\/OutBrandnerPichler2-scaled.jpg?fit=1200%2C900&ssl=1&resize=350%2C200 1x, https:\/\/i0.wp.com\/www.jazzzeitung.de\/cms\/wp-content\/uploads\/2020\/08\/OutBrandnerPichler2-scaled.jpg?fit=1200%2C900&ssl=1&resize=525%2C300 1.5x, https:\/\/i0.wp.com\/www.jazzzeitung.de\/cms\/wp-content\/uploads\/2020\/08\/OutBrandnerPichler2-scaled.jpg?fit=1200%2C900&ssl=1&resize=700%2C400 2x, https:\/\/i0.wp.com\/www.jazzzeitung.de\/cms\/wp-content\/uploads\/2020\/08\/OutBrandnerPichler2-scaled.jpg?fit=1200%2C900&ssl=1&resize=1050%2C600 3x"},"classes":[]},{"id":31472,"url":"https:\/\/www.jazzzeitung.de\/cms\/2024\/08\/eine-positiv-kritische-masse-eindruecke-vom-outreach-festival-2024-in-schwaz\/","url_meta":{"origin":28058,"position":2},"title":"Eine positiv kritische Masse: Eindr\u00fccke vom Outreach Festival 2024 in Schwaz","author":"Redaktion JazzZeitung","date":"12. August 2024","format":false,"excerpt":"Eines der ungew\u00f6hnlichsten Jazz-Festivals Europas findet im \u00f6sterreichischen Schwaz statt, 30 Kilometer vor Innsbruck und gerade einmal 118 Autokilometer von M\u00fcnchen entfernt. Hat doch das \u201eOutreach Festival\u201c wie kaum ein anderes die Vision, \u201eMusik und alle anderen bildenden und darstellenden K\u00fcnste zu verwenden, um Grenzen aufzubrechen und Synergien zu schaffen\u201c,\u2026","rel":"","context":"In &quot;Bericht&quot;","block_context":{"text":"Bericht","link":"https:\/\/www.jazzzeitung.de\/cms\/thema\/bericht\/"},"img":{"alt_text":"","src":"https:\/\/i0.wp.com\/www.jazzzeitung.de\/cms\/wp-content\/uploads\/2024\/08\/OutreachOrchestra_AmiraB2_OliverHochkeppel020824-scaled.jpg?fit=1200%2C803&ssl=1&resize=350%2C200","width":350,"height":200,"srcset":"https:\/\/i0.wp.com\/www.jazzzeitung.de\/cms\/wp-content\/uploads\/2024\/08\/OutreachOrchestra_AmiraB2_OliverHochkeppel020824-scaled.jpg?fit=1200%2C803&ssl=1&resize=350%2C200 1x, https:\/\/i0.wp.com\/www.jazzzeitung.de\/cms\/wp-content\/uploads\/2024\/08\/OutreachOrchestra_AmiraB2_OliverHochkeppel020824-scaled.jpg?fit=1200%2C803&ssl=1&resize=525%2C300 1.5x, https:\/\/i0.wp.com\/www.jazzzeitung.de\/cms\/wp-content\/uploads\/2024\/08\/OutreachOrchestra_AmiraB2_OliverHochkeppel020824-scaled.jpg?fit=1200%2C803&ssl=1&resize=700%2C400 2x, https:\/\/i0.wp.com\/www.jazzzeitung.de\/cms\/wp-content\/uploads\/2024\/08\/OutreachOrchestra_AmiraB2_OliverHochkeppel020824-scaled.jpg?fit=1200%2C803&ssl=1&resize=1050%2C600 3x"},"classes":[]},{"id":25340,"url":"https:\/\/www.jazzzeitung.de\/cms\/2021\/08\/was-bleiben-wird-inntoene-und-outreach-zwei-oesterreichische-jazzfestivals-demonstrieren-dass-in-der-corona-krise-auch-chancen-liegen\/","url_meta":{"origin":28058,"position":3},"title":"Was bleiben wird: \u201eInnt\u00f6ne\u201c und \u201eOutreach\u201c \u2013 zwei \u00f6sterreichische Jazzfestivals demonstrieren, dass in der Corona-Krise auch Chancen liegen","author":"Redaktion JazzZeitung","date":"17. August 2021","format":false,"excerpt":"\u201e3000 Besucher feiern das Leben\u201c \u00fcberschrieb die Passauer Neue Presse ihren Bericht von den diesj\u00e4hrigen \u201eInnt\u00f6nen\u201c. In der Tat war der \u201eJazz auf dem Bauernhof\u201c, wie Paul Zauner sein Festival auf dem elterlichen Hof in Diersbach nahe Sch\u00e4rding seit jeher treffend untertitelt, eine begl\u00fcckende Erfahrung. Was im vergangenen Jahr aus\u2026","rel":"","context":"In &quot;Bericht&quot;","block_context":{"text":"Bericht","link":"https:\/\/www.jazzzeitung.de\/cms\/thema\/bericht\/"},"img":{"alt_text":"","src":"https:\/\/i0.wp.com\/www.jazzzeitung.de\/cms\/wp-content\/uploads\/2021\/08\/DSC08785.jpg?fit=1200%2C800&ssl=1&resize=350%2C200","width":350,"height":200,"srcset":"https:\/\/i0.wp.com\/www.jazzzeitung.de\/cms\/wp-content\/uploads\/2021\/08\/DSC08785.jpg?fit=1200%2C800&ssl=1&resize=350%2C200 1x, https:\/\/i0.wp.com\/www.jazzzeitung.de\/cms\/wp-content\/uploads\/2021\/08\/DSC08785.jpg?fit=1200%2C800&ssl=1&resize=525%2C300 1.5x, https:\/\/i0.wp.com\/www.jazzzeitung.de\/cms\/wp-content\/uploads\/2021\/08\/DSC08785.jpg?fit=1200%2C800&ssl=1&resize=700%2C400 2x, https:\/\/i0.wp.com\/www.jazzzeitung.de\/cms\/wp-content\/uploads\/2021\/08\/DSC08785.jpg?fit=1200%2C800&ssl=1&resize=1050%2C600 3x"},"classes":[]},{"id":23216,"url":"https:\/\/www.jazzzeitung.de\/cms\/2020\/08\/die-grandiose-corona-ausgabe-des-inntoene-festivals\/","url_meta":{"origin":28058,"position":4},"title":"Die Corona-Ausgabe des \u201eInnt\u00f6ne\u201c-Festivals","author":"Redaktion JazzZeitung","date":"25. August 2020","format":false,"excerpt":"Wiese, Stimmen, Sensationen Nat\u00fcrlich war in diesem Jahr auch beim \u201eInnt\u00f6ne Festival\u201c alles anders. Lange war nicht klar, ob es \u00fcberhaupt w\u00fcrde stattfinden k\u00f6nnen, der \u00fcbliche Pfingsttermin war wegen Lockdown ohnehin schnell vom Tisch. Aber Paul Zauner, als Posaunist, Labelbetreiber (\u201ePao\u201c), Veranstalter (unter anderem auch des praktisch kompletten Jazzgeschehens in\u2026","rel":"","context":"In &quot;Bericht&quot;","block_context":{"text":"Bericht","link":"https:\/\/www.jazzzeitung.de\/cms\/thema\/bericht\/"},"img":{"alt_text":"","src":"https:\/\/i0.wp.com\/www.jazzzeitung.de\/cms\/wp-content\/uploads\/2020\/08\/Inntoene5-scaled.jpg?fit=1200%2C900&ssl=1&resize=350%2C200","width":350,"height":200,"srcset":"https:\/\/i0.wp.com\/www.jazzzeitung.de\/cms\/wp-content\/uploads\/2020\/08\/Inntoene5-scaled.jpg?fit=1200%2C900&ssl=1&resize=350%2C200 1x, https:\/\/i0.wp.com\/www.jazzzeitung.de\/cms\/wp-content\/uploads\/2020\/08\/Inntoene5-scaled.jpg?fit=1200%2C900&ssl=1&resize=525%2C300 1.5x, https:\/\/i0.wp.com\/www.jazzzeitung.de\/cms\/wp-content\/uploads\/2020\/08\/Inntoene5-scaled.jpg?fit=1200%2C900&ssl=1&resize=700%2C400 2x, https:\/\/i0.wp.com\/www.jazzzeitung.de\/cms\/wp-content\/uploads\/2020\/08\/Inntoene5-scaled.jpg?fit=1200%2C900&ssl=1&resize=1050%2C600 3x"},"classes":[]},{"id":27969,"url":"https:\/\/www.jazzzeitung.de\/cms\/2022\/07\/die-erweiterte-jazz-radiowoche-vom-01-08-bis-07-08-2022\/","url_meta":{"origin":28058,"position":5},"title":"Die erweiterte Jazz-Radiowoche vom 01.08. bis 07.08.2022","author":"Martin Hufner","date":"31. Juli 2022","format":false,"excerpt":"Ein kleiner Blick in die Radiowoche 31. Die Luft ist d\u00fcnner geworden, denn es ist Festspielsommer bei der ARD. Das hei\u00dft, f\u00fcr manche Sender findet Jazz jetzt erst wirklich statt, f\u00fcr andere hei\u00dft es Reduktion auf eine halbe Stunde vor Mitternacht. Teilnehmende Sender beim ARD-Radiofestival: NDR Kultur, Bremen Zwei, WDR\u2026","rel":"","context":"In &quot;News&quot;","block_context":{"text":"News","link":"https:\/\/www.jazzzeitung.de\/cms\/thema\/nachrichten\/"},"img":{"alt_text":"Jazz im Radio. Foto\/Montage: Hufner","src":"https:\/\/i0.wp.com\/www.jazzzeitung.de\/cms\/wp-content\/uploads\/2018\/05\/radio-jazz_journalisten.jpg?fit=1200%2C900&ssl=1&resize=350%2C200","width":350,"height":200,"srcset":"https:\/\/i0.wp.com\/www.jazzzeitung.de\/cms\/wp-content\/uploads\/2018\/05\/radio-jazz_journalisten.jpg?fit=1200%2C900&ssl=1&resize=350%2C200 1x, https:\/\/i0.wp.com\/www.jazzzeitung.de\/cms\/wp-content\/uploads\/2018\/05\/radio-jazz_journalisten.jpg?fit=1200%2C900&ssl=1&resize=525%2C300 1.5x, https:\/\/i0.wp.com\/www.jazzzeitung.de\/cms\/wp-content\/uploads\/2018\/05\/radio-jazz_journalisten.jpg?fit=1200%2C900&ssl=1&resize=700%2C400 2x, https:\/\/i0.wp.com\/www.jazzzeitung.de\/cms\/wp-content\/uploads\/2018\/05\/radio-jazz_journalisten.jpg?fit=1200%2C900&ssl=1&resize=1050%2C600 3x"},"classes":[]}],"jetpack_sharing_enabled":true,"_links":{"self":[{"href":"https:\/\/www.jazzzeitung.de\/cms\/wp-json\/wp\/v2\/posts\/28058","targetHints":{"allow":["GET"]}}],"collection":[{"href":"https:\/\/www.jazzzeitung.de\/cms\/wp-json\/wp\/v2\/posts"}],"about":[{"href":"https:\/\/www.jazzzeitung.de\/cms\/wp-json\/wp\/v2\/types\/post"}],"author":[{"embeddable":true,"href":"https:\/\/www.jazzzeitung.de\/cms\/wp-json\/wp\/v2\/users\/18"}],"replies":[{"embeddable":true,"href":"https:\/\/www.jazzzeitung.de\/cms\/wp-json\/wp\/v2\/comments?post=28058"}],"version-history":[{"count":12,"href":"https:\/\/www.jazzzeitung.de\/cms\/wp-json\/wp\/v2\/posts\/28058\/revisions"}],"predecessor-version":[{"id":28105,"href":"https:\/\/www.jazzzeitung.de\/cms\/wp-json\/wp\/v2\/posts\/28058\/revisions\/28105"}],"wp:featuredmedia":[{"embeddable":true,"href":"https:\/\/www.jazzzeitung.de\/cms\/wp-json\/wp\/v2\/media\/28063"}],"wp:attachment":[{"href":"https:\/\/www.jazzzeitung.de\/cms\/wp-json\/wp\/v2\/media?parent=28058"}],"wp:term":[{"taxonomy":"category","embeddable":true,"href":"https:\/\/www.jazzzeitung.de\/cms\/wp-json\/wp\/v2\/categories?post=28058"},{"taxonomy":"post_tag","embeddable":true,"href":"https:\/\/www.jazzzeitung.de\/cms\/wp-json\/wp\/v2\/tags?post=28058"},{"taxonomy":"author","embeddable":true,"href":"https:\/\/www.jazzzeitung.de\/cms\/wp-json\/wp\/v2\/coauthors?post=28058"}],"curies":[{"name":"wp","href":"https:\/\/api.w.org\/{rel}","templated":true}]}}