{"id":27986,"date":"2022-08-02T08:50:54","date_gmt":"2022-08-02T06:50:54","guid":{"rendered":"https:\/\/www.jazzzeitung.de\/cms\/?p=27986"},"modified":"2022-08-01T14:47:16","modified_gmt":"2022-08-01T12:47:16","slug":"alpenrausch-festival-zfuass-am-flaucher-mit-dem-duo-schriefl-baer","status":"publish","type":"post","link":"https:\/\/www.jazzzeitung.de\/cms\/2022\/08\/alpenrausch-festival-zfuass-am-flaucher-mit-dem-duo-schriefl-baer\/","title":{"rendered":"Alpenrausch Festival: Z\u2019Fua\u00df am Flaucher mit dem Duo Schriefl-B\u00e4r"},"content":{"rendered":"<p><strong>Am vergangenen Wochenende fand an zwei Tagen in der M\u00fcnchner Isarphilharmonie HP 8 das erste Alpenrausch Festival statt, kuratiert von Stefanie Boltz, die in den vergangenen Jahren bereits erfolgreich nach dem Alpen Jazz am Tiroler Achensee das Alpenspektakel auf Gut Sonnenhausen organisiert und durchgef\u00fchrt hat. Pr\u00e4sentiert wurde sowohl in der Philharmonie, im Saal X und dem Au\u00dfengel\u00e4nde ein abwechslungsreiches, grenz\u00fcberschreitendes und vielseitiges Programm rund um das Thema Neue Volksmusik.<\/strong><\/p>\n<p>Ein kleiner H\u00f6hepunkt des Festivals war eine musikalische Wanderung mit <strong>Matthias Schriefl<\/strong> und<strong> Johannes B\u00e4r<\/strong>, die im Anschluss dazu ihren Dokumentarfilm \u201eAuf Tour Z\u2019Fua\u00df\u201c vorstellten. Zusammen mit den beiden Musikern ging der Ausflug von der Isarphilharmonie \u00fcber die Schinderbr\u00fccke zum Flaucher und wieder zur\u00fcck. Im Gep\u00e4ck ein Sammelsurium an Instrumenten von Alph\u00f6rnern bis hin zu Trompeten, Akkordeon und Tuba. Auf dem Weg gab es ein Alphornkonzert mit Jodelworkshop, am Flaucher bei den \u201eNackerten\u201c wurde u.a. der 60ziger Jahre Hit \u201eF\u00fcr Gaby tu\u2018 ich alles\u201c zum Besten gegeben, samt Tipps zum Trinken und Pieseln auf Wanderungen, immer wieder begleitet von musikalischen Einlagen. Nach gut\u00a0 einer Stunde ging es dann wieder zur\u00fcck zur Isarphilharmonie. Das Ganze alles in allem eine Riesengaudi.<\/p>\n<div class=\"tiled-gallery type-rectangular tiled-gallery-unresized\" data-original-width=\"840\" data-carousel-extra='{&quot;blog_id&quot;:1,&quot;permalink&quot;:&quot;https:\\\/\\\/www.jazzzeitung.de\\\/cms\\\/2022\\\/08\\\/alpenrausch-festival-zfuass-am-flaucher-mit-dem-duo-schriefl-baer\\\/&quot;,&quot;likes_blog_id&quot;:55446655}' itemscope itemtype=\"http:\/\/schema.org\/ImageGallery\" > <div class=\"gallery-row\" style=\"width: 840px; height: 376px;\" data-original-width=\"840\" data-original-height=\"376\" > <div class=\"gallery-group images-1\" style=\"width: 562px; height: 376px;\" data-original-width=\"562\" data-original-height=\"376\" > <div class=\"tiled-gallery-item tiled-gallery-item-large\" itemprop=\"associatedMedia\" itemscope itemtype=\"http:\/\/schema.org\/ImageObject\"> <a href=\"https:\/\/www.jazzzeitung.de\/cms\/2022\/08\/alpenrausch-festival-zfuass-am-flaucher-mit-dem-duo-schriefl-baer\/p2242445-schriefl-baer-foto-tj-krebs\/\" border=\"0\" itemprop=\"url\"> <meta itemprop=\"width\" content=\"558\"> <meta itemprop=\"height\" content=\"372\"> <img decoding=\"async\" class=\"\" data-attachment-id=\"27988\" data-orig-file=\"https:\/\/www.jazzzeitung.de\/cms\/wp-content\/uploads\/2022\/08\/P2242445-Schriefl-Baer-Foto-TJ-Krebs.jpg\" data-orig-size=\"1500,1000\" data-comments-opened=\"1\" data-image-meta=\"{&quot;aperture&quot;:&quot;0&quot;,&quot;credit&quot;:&quot;&quot;,&quot;camera&quot;:&quot;&quot;,&quot;caption&quot;:&quot;&quot;,&quot;created_timestamp&quot;:&quot;0&quot;,&quot;copyright&quot;:&quot;&quot;,&quot;focal_length&quot;:&quot;0&quot;,&quot;iso&quot;:&quot;0&quot;,&quot;shutter_speed&quot;:&quot;0&quot;,&quot;title&quot;:&quot;&quot;,&quot;orientation&quot;:&quot;0&quot;}\" data-image-title=\"P2242445 Schriefl-B\u00e4r &amp;#8211; Foto TJ Krebs\" data-image-description=\"\" data-medium-file=\"https:\/\/i0.wp.com\/www.jazzzeitung.de\/cms\/wp-content\/uploads\/2022\/08\/P2242445-Schriefl-Baer-Foto-TJ-Krebs.jpg?fit=300%2C200&#038;ssl=1\" data-large-file=\"https:\/\/i0.wp.com\/www.jazzzeitung.de\/cms\/wp-content\/uploads\/2022\/08\/P2242445-Schriefl-Baer-Foto-TJ-Krebs.jpg?fit=840%2C560&#038;ssl=1\" src=\"https:\/\/i0.wp.com\/www.jazzzeitung.de\/cms\/wp-content\/uploads\/2022\/08\/P2242445-Schriefl-Baer-Foto-TJ-Krebs.jpg?w=558&#038;h=372&#038;ssl=1\" srcset=\"https:\/\/i0.wp.com\/www.jazzzeitung.de\/cms\/wp-content\/uploads\/2022\/08\/P2242445-Schriefl-Baer-Foto-TJ-Krebs.jpg?w=1500&amp;ssl=1 1500w, https:\/\/i0.wp.com\/www.jazzzeitung.de\/cms\/wp-content\/uploads\/2022\/08\/P2242445-Schriefl-Baer-Foto-TJ-Krebs.jpg?resize=300%2C200&amp;ssl=1 300w, https:\/\/i0.wp.com\/www.jazzzeitung.de\/cms\/wp-content\/uploads\/2022\/08\/P2242445-Schriefl-Baer-Foto-TJ-Krebs.jpg?resize=900%2C600&amp;ssl=1 900w, https:\/\/i0.wp.com\/www.jazzzeitung.de\/cms\/wp-content\/uploads\/2022\/08\/P2242445-Schriefl-Baer-Foto-TJ-Krebs.jpg?resize=768%2C512&amp;ssl=1 768w, https:\/\/i0.wp.com\/www.jazzzeitung.de\/cms\/wp-content\/uploads\/2022\/08\/P2242445-Schriefl-Baer-Foto-TJ-Krebs.jpg?resize=120%2C80&amp;ssl=1 120w, https:\/\/i0.wp.com\/www.jazzzeitung.de\/cms\/wp-content\/uploads\/2022\/08\/P2242445-Schriefl-Baer-Foto-TJ-Krebs.jpg?resize=1320%2C880&amp;ssl=1 1320w\" width=\"558\" height=\"372\" loading=\"lazy\" data-original-width=\"558\" data-original-height=\"372\" itemprop=\"http:\/\/schema.org\/image\" title=\"P2242445 Schriefl-B\u00e4r - Foto TJ Krebs\" alt=\"P2242445 Schriefl-B\u00e4r - Foto TJ Krebs\" style=\"width: 558px; height: 372px;\" \/> <\/a> <\/div> <\/div> <!-- close group --> <div class=\"gallery-group images-2\" style=\"width: 278px; height: 376px;\" data-original-width=\"278\" data-original-height=\"376\" > <div class=\"tiled-gallery-item tiled-gallery-item-large\" itemprop=\"associatedMedia\" itemscope itemtype=\"http:\/\/schema.org\/ImageObject\"> <a href=\"https:\/\/www.jazzzeitung.de\/cms\/2022\/08\/alpenrausch-festival-zfuass-am-flaucher-mit-dem-duo-schriefl-baer\/p2242480-schriefl-baer-foto-tj-krebs\/\" border=\"0\" itemprop=\"url\"> <meta itemprop=\"width\" content=\"274\"> <meta itemprop=\"height\" content=\"185\"> <img decoding=\"async\" class=\"\" data-attachment-id=\"27989\" data-orig-file=\"https:\/\/www.jazzzeitung.de\/cms\/wp-content\/uploads\/2022\/08\/P2242480-Schriefl-Baer-Foto-TJ-Krebs.jpg\" data-orig-size=\"1500,1014\" data-comments-opened=\"1\" data-image-meta=\"{&quot;aperture&quot;:&quot;0&quot;,&quot;credit&quot;:&quot;&quot;,&quot;camera&quot;:&quot;&quot;,&quot;caption&quot;:&quot;&quot;,&quot;created_timestamp&quot;:&quot;0&quot;,&quot;copyright&quot;:&quot;&quot;,&quot;focal_length&quot;:&quot;0&quot;,&quot;iso&quot;:&quot;0&quot;,&quot;shutter_speed&quot;:&quot;0&quot;,&quot;title&quot;:&quot;&quot;,&quot;orientation&quot;:&quot;0&quot;}\" data-image-title=\"P2242480 Schriefl-B\u00e4r &amp;#8211; Foto TJ Krebs\" data-image-description=\"\" data-medium-file=\"https:\/\/i0.wp.com\/www.jazzzeitung.de\/cms\/wp-content\/uploads\/2022\/08\/P2242480-Schriefl-Baer-Foto-TJ-Krebs.jpg?fit=300%2C203&#038;ssl=1\" data-large-file=\"https:\/\/i0.wp.com\/www.jazzzeitung.de\/cms\/wp-content\/uploads\/2022\/08\/P2242480-Schriefl-Baer-Foto-TJ-Krebs.jpg?fit=840%2C568&#038;ssl=1\" src=\"https:\/\/i0.wp.com\/www.jazzzeitung.de\/cms\/wp-content\/uploads\/2022\/08\/P2242480-Schriefl-Baer-Foto-TJ-Krebs.jpg?w=274&#038;h=185&#038;ssl=1\" srcset=\"https:\/\/i0.wp.com\/www.jazzzeitung.de\/cms\/wp-content\/uploads\/2022\/08\/P2242480-Schriefl-Baer-Foto-TJ-Krebs.jpg?w=1500&amp;ssl=1 1500w, https:\/\/i0.wp.com\/www.jazzzeitung.de\/cms\/wp-content\/uploads\/2022\/08\/P2242480-Schriefl-Baer-Foto-TJ-Krebs.jpg?resize=300%2C203&amp;ssl=1 300w, https:\/\/i0.wp.com\/www.jazzzeitung.de\/cms\/wp-content\/uploads\/2022\/08\/P2242480-Schriefl-Baer-Foto-TJ-Krebs.jpg?resize=888%2C600&amp;ssl=1 888w, https:\/\/i0.wp.com\/www.jazzzeitung.de\/cms\/wp-content\/uploads\/2022\/08\/P2242480-Schriefl-Baer-Foto-TJ-Krebs.jpg?resize=768%2C519&amp;ssl=1 768w, https:\/\/i0.wp.com\/www.jazzzeitung.de\/cms\/wp-content\/uploads\/2022\/08\/P2242480-Schriefl-Baer-Foto-TJ-Krebs.jpg?resize=120%2C80&amp;ssl=1 120w, https:\/\/i0.wp.com\/www.jazzzeitung.de\/cms\/wp-content\/uploads\/2022\/08\/P2242480-Schriefl-Baer-Foto-TJ-Krebs.jpg?resize=1320%2C892&amp;ssl=1 1320w\" width=\"274\" height=\"185\" loading=\"lazy\" data-original-width=\"274\" data-original-height=\"185\" itemprop=\"http:\/\/schema.org\/image\" title=\"P2242480 Schriefl-B\u00e4r - Foto TJ Krebs\" alt=\"P2242480 Schriefl-B\u00e4r - Foto TJ Krebs\" style=\"width: 274px; height: 185px;\" \/> <\/a> <\/div> <div class=\"tiled-gallery-item tiled-gallery-item-large\" itemprop=\"associatedMedia\" itemscope itemtype=\"http:\/\/schema.org\/ImageObject\"> <a href=\"https:\/\/www.jazzzeitung.de\/cms\/2022\/08\/alpenrausch-festival-zfuass-am-flaucher-mit-dem-duo-schriefl-baer\/p2242548-schriefl-baer-foto-tj-krebs\/\" border=\"0\" itemprop=\"url\"> <meta itemprop=\"width\" content=\"274\"> <meta itemprop=\"height\" content=\"183\"> <img decoding=\"async\" class=\"\" data-attachment-id=\"27990\" data-orig-file=\"https:\/\/www.jazzzeitung.de\/cms\/wp-content\/uploads\/2022\/08\/P2242548-Schriefl-Baer-Foto-TJ-Krebs.jpg\" data-orig-size=\"1500,1000\" data-comments-opened=\"1\" data-image-meta=\"{&quot;aperture&quot;:&quot;0&quot;,&quot;credit&quot;:&quot;&quot;,&quot;camera&quot;:&quot;&quot;,&quot;caption&quot;:&quot;&quot;,&quot;created_timestamp&quot;:&quot;0&quot;,&quot;copyright&quot;:&quot;&quot;,&quot;focal_length&quot;:&quot;0&quot;,&quot;iso&quot;:&quot;0&quot;,&quot;shutter_speed&quot;:&quot;0&quot;,&quot;title&quot;:&quot;&quot;,&quot;orientation&quot;:&quot;0&quot;}\" data-image-title=\"P2242548 Schriefl-B\u00e4r &amp;#8211; Foto TJ Krebs\" data-image-description=\"\" data-medium-file=\"https:\/\/i0.wp.com\/www.jazzzeitung.de\/cms\/wp-content\/uploads\/2022\/08\/P2242548-Schriefl-Baer-Foto-TJ-Krebs.jpg?fit=300%2C200&#038;ssl=1\" data-large-file=\"https:\/\/i0.wp.com\/www.jazzzeitung.de\/cms\/wp-content\/uploads\/2022\/08\/P2242548-Schriefl-Baer-Foto-TJ-Krebs.jpg?fit=840%2C560&#038;ssl=1\" src=\"https:\/\/i0.wp.com\/www.jazzzeitung.de\/cms\/wp-content\/uploads\/2022\/08\/P2242548-Schriefl-Baer-Foto-TJ-Krebs.jpg?w=274&#038;h=183&#038;ssl=1\" srcset=\"https:\/\/i0.wp.com\/www.jazzzeitung.de\/cms\/wp-content\/uploads\/2022\/08\/P2242548-Schriefl-Baer-Foto-TJ-Krebs.jpg?w=1500&amp;ssl=1 1500w, https:\/\/i0.wp.com\/www.jazzzeitung.de\/cms\/wp-content\/uploads\/2022\/08\/P2242548-Schriefl-Baer-Foto-TJ-Krebs.jpg?resize=300%2C200&amp;ssl=1 300w, https:\/\/i0.wp.com\/www.jazzzeitung.de\/cms\/wp-content\/uploads\/2022\/08\/P2242548-Schriefl-Baer-Foto-TJ-Krebs.jpg?resize=900%2C600&amp;ssl=1 900w, https:\/\/i0.wp.com\/www.jazzzeitung.de\/cms\/wp-content\/uploads\/2022\/08\/P2242548-Schriefl-Baer-Foto-TJ-Krebs.jpg?resize=768%2C512&amp;ssl=1 768w, https:\/\/i0.wp.com\/www.jazzzeitung.de\/cms\/wp-content\/uploads\/2022\/08\/P2242548-Schriefl-Baer-Foto-TJ-Krebs.jpg?resize=120%2C80&amp;ssl=1 120w, https:\/\/i0.wp.com\/www.jazzzeitung.de\/cms\/wp-content\/uploads\/2022\/08\/P2242548-Schriefl-Baer-Foto-TJ-Krebs.jpg?resize=1320%2C880&amp;ssl=1 1320w\" width=\"274\" height=\"183\" loading=\"lazy\" data-original-width=\"274\" data-original-height=\"183\" itemprop=\"http:\/\/schema.org\/image\" title=\"P2242548 Schriefl-B\u00e4r - Foto TJ Krebs\" alt=\"P2242548 Schriefl-B\u00e4r - Foto TJ Krebs\" style=\"width: 274px; height: 183px;\" \/> <\/a> <\/div> <\/div> <!-- close group --> <\/div> <!-- close row --> <div class=\"gallery-row\" style=\"width: 840px; height: 141px;\" data-original-width=\"840\" data-original-height=\"141\" > <div class=\"gallery-group images-1\" style=\"width: 210px; height: 141px;\" data-original-width=\"210\" data-original-height=\"141\" > <div class=\"tiled-gallery-item tiled-gallery-item-small\" itemprop=\"associatedMedia\" itemscope itemtype=\"http:\/\/schema.org\/ImageObject\"> <a href=\"https:\/\/www.jazzzeitung.de\/cms\/2022\/08\/alpenrausch-festival-zfuass-am-flaucher-mit-dem-duo-schriefl-baer\/p2242574-schriefl-baer-foto-tj-krebs\/\" border=\"0\" itemprop=\"url\"> <meta itemprop=\"width\" content=\"206\"> <meta itemprop=\"height\" content=\"137\"> <img decoding=\"async\" class=\"\" data-attachment-id=\"27991\" data-orig-file=\"https:\/\/www.jazzzeitung.de\/cms\/wp-content\/uploads\/2022\/08\/P2242574-Schriefl-Baer-Foto-TJ-Krebs.jpg\" data-orig-size=\"1500,1000\" data-comments-opened=\"1\" data-image-meta=\"{&quot;aperture&quot;:&quot;0&quot;,&quot;credit&quot;:&quot;&quot;,&quot;camera&quot;:&quot;&quot;,&quot;caption&quot;:&quot;&quot;,&quot;created_timestamp&quot;:&quot;0&quot;,&quot;copyright&quot;:&quot;&quot;,&quot;focal_length&quot;:&quot;0&quot;,&quot;iso&quot;:&quot;0&quot;,&quot;shutter_speed&quot;:&quot;0&quot;,&quot;title&quot;:&quot;&quot;,&quot;orientation&quot;:&quot;0&quot;}\" data-image-title=\"P2242574 Schriefl-B\u00e4r &amp;#8211; Foto TJ Krebs\" data-image-description=\"\" data-medium-file=\"https:\/\/i0.wp.com\/www.jazzzeitung.de\/cms\/wp-content\/uploads\/2022\/08\/P2242574-Schriefl-Baer-Foto-TJ-Krebs.jpg?fit=300%2C200&#038;ssl=1\" data-large-file=\"https:\/\/i0.wp.com\/www.jazzzeitung.de\/cms\/wp-content\/uploads\/2022\/08\/P2242574-Schriefl-Baer-Foto-TJ-Krebs.jpg?fit=840%2C560&#038;ssl=1\" src=\"https:\/\/i0.wp.com\/www.jazzzeitung.de\/cms\/wp-content\/uploads\/2022\/08\/P2242574-Schriefl-Baer-Foto-TJ-Krebs.jpg?w=206&#038;h=137&#038;ssl=1\" srcset=\"https:\/\/i0.wp.com\/www.jazzzeitung.de\/cms\/wp-content\/uploads\/2022\/08\/P2242574-Schriefl-Baer-Foto-TJ-Krebs.jpg?w=1500&amp;ssl=1 1500w, https:\/\/i0.wp.com\/www.jazzzeitung.de\/cms\/wp-content\/uploads\/2022\/08\/P2242574-Schriefl-Baer-Foto-TJ-Krebs.jpg?resize=300%2C200&amp;ssl=1 300w, https:\/\/i0.wp.com\/www.jazzzeitung.de\/cms\/wp-content\/uploads\/2022\/08\/P2242574-Schriefl-Baer-Foto-TJ-Krebs.jpg?resize=900%2C600&amp;ssl=1 900w, https:\/\/i0.wp.com\/www.jazzzeitung.de\/cms\/wp-content\/uploads\/2022\/08\/P2242574-Schriefl-Baer-Foto-TJ-Krebs.jpg?resize=768%2C512&amp;ssl=1 768w, https:\/\/i0.wp.com\/www.jazzzeitung.de\/cms\/wp-content\/uploads\/2022\/08\/P2242574-Schriefl-Baer-Foto-TJ-Krebs.jpg?resize=120%2C80&amp;ssl=1 120w, https:\/\/i0.wp.com\/www.jazzzeitung.de\/cms\/wp-content\/uploads\/2022\/08\/P2242574-Schriefl-Baer-Foto-TJ-Krebs.jpg?resize=1320%2C880&amp;ssl=1 1320w\" width=\"206\" height=\"137\" loading=\"lazy\" data-original-width=\"206\" data-original-height=\"137\" itemprop=\"http:\/\/schema.org\/image\" title=\"P2242574 Schriefl-B\u00e4r - Foto TJ Krebs\" alt=\"P2242574 Schriefl-B\u00e4r - Foto TJ Krebs\" style=\"width: 206px; height: 137px;\" \/> <\/a> <\/div> <\/div> <!-- close group --> <div class=\"gallery-group images-1\" style=\"width: 210px; height: 141px;\" data-original-width=\"210\" data-original-height=\"141\" > <div class=\"tiled-gallery-item tiled-gallery-item-small\" itemprop=\"associatedMedia\" itemscope itemtype=\"http:\/\/schema.org\/ImageObject\"> <a href=\"https:\/\/www.jazzzeitung.de\/cms\/2022\/08\/alpenrausch-festival-zfuass-am-flaucher-mit-dem-duo-schriefl-baer\/p2242582-schriefl-foto-tj-krebs\/\" border=\"0\" itemprop=\"url\"> <meta itemprop=\"width\" content=\"206\"> <meta itemprop=\"height\" content=\"137\"> <img decoding=\"async\" class=\"\" data-attachment-id=\"27992\" data-orig-file=\"https:\/\/www.jazzzeitung.de\/cms\/wp-content\/uploads\/2022\/08\/P2242582-Schriefl-Foto-TJ-Krebs.jpg\" data-orig-size=\"1500,1000\" data-comments-opened=\"1\" data-image-meta=\"{&quot;aperture&quot;:&quot;0&quot;,&quot;credit&quot;:&quot;&quot;,&quot;camera&quot;:&quot;&quot;,&quot;caption&quot;:&quot;&quot;,&quot;created_timestamp&quot;:&quot;0&quot;,&quot;copyright&quot;:&quot;&quot;,&quot;focal_length&quot;:&quot;0&quot;,&quot;iso&quot;:&quot;0&quot;,&quot;shutter_speed&quot;:&quot;0&quot;,&quot;title&quot;:&quot;&quot;,&quot;orientation&quot;:&quot;0&quot;}\" data-image-title=\"P2242582 Schriefl &amp;#8211; Foto TJ Krebs\" data-image-description=\"\" data-medium-file=\"https:\/\/i0.wp.com\/www.jazzzeitung.de\/cms\/wp-content\/uploads\/2022\/08\/P2242582-Schriefl-Foto-TJ-Krebs.jpg?fit=300%2C200&#038;ssl=1\" data-large-file=\"https:\/\/i0.wp.com\/www.jazzzeitung.de\/cms\/wp-content\/uploads\/2022\/08\/P2242582-Schriefl-Foto-TJ-Krebs.jpg?fit=840%2C560&#038;ssl=1\" src=\"https:\/\/i0.wp.com\/www.jazzzeitung.de\/cms\/wp-content\/uploads\/2022\/08\/P2242582-Schriefl-Foto-TJ-Krebs.jpg?w=206&#038;h=137&#038;ssl=1\" srcset=\"https:\/\/i0.wp.com\/www.jazzzeitung.de\/cms\/wp-content\/uploads\/2022\/08\/P2242582-Schriefl-Foto-TJ-Krebs.jpg?w=1500&amp;ssl=1 1500w, https:\/\/i0.wp.com\/www.jazzzeitung.de\/cms\/wp-content\/uploads\/2022\/08\/P2242582-Schriefl-Foto-TJ-Krebs.jpg?resize=300%2C200&amp;ssl=1 300w, https:\/\/i0.wp.com\/www.jazzzeitung.de\/cms\/wp-content\/uploads\/2022\/08\/P2242582-Schriefl-Foto-TJ-Krebs.jpg?resize=900%2C600&amp;ssl=1 900w, https:\/\/i0.wp.com\/www.jazzzeitung.de\/cms\/wp-content\/uploads\/2022\/08\/P2242582-Schriefl-Foto-TJ-Krebs.jpg?resize=768%2C512&amp;ssl=1 768w, https:\/\/i0.wp.com\/www.jazzzeitung.de\/cms\/wp-content\/uploads\/2022\/08\/P2242582-Schriefl-Foto-TJ-Krebs.jpg?resize=120%2C80&amp;ssl=1 120w, https:\/\/i0.wp.com\/www.jazzzeitung.de\/cms\/wp-content\/uploads\/2022\/08\/P2242582-Schriefl-Foto-TJ-Krebs.jpg?resize=1320%2C880&amp;ssl=1 1320w\" width=\"206\" height=\"137\" loading=\"lazy\" data-original-width=\"206\" data-original-height=\"137\" itemprop=\"http:\/\/schema.org\/image\" title=\"P2242582 Schriefl - Foto TJ Krebs\" alt=\"P2242582 Schriefl - Foto TJ Krebs\" style=\"width: 206px; height: 137px;\" \/> <\/a> <\/div> <\/div> <!-- close group --> <div class=\"gallery-group images-1\" style=\"width: 210px; height: 141px;\" data-original-width=\"210\" data-original-height=\"141\" > <div class=\"tiled-gallery-item tiled-gallery-item-small\" itemprop=\"associatedMedia\" itemscope itemtype=\"http:\/\/schema.org\/ImageObject\"> <a href=\"https:\/\/www.jazzzeitung.de\/cms\/2022\/08\/alpenrausch-festival-zfuass-am-flaucher-mit-dem-duo-schriefl-baer\/p2242587-baer-foto-tj-krebs\/\" border=\"0\" itemprop=\"url\"> <meta itemprop=\"width\" content=\"206\"> <meta itemprop=\"height\" content=\"137\"> <img decoding=\"async\" class=\"\" data-attachment-id=\"27993\" data-orig-file=\"https:\/\/www.jazzzeitung.de\/cms\/wp-content\/uploads\/2022\/08\/P2242587-Baer-Foto-TJ-Krebs.jpg\" data-orig-size=\"1500,1000\" data-comments-opened=\"1\" data-image-meta=\"{&quot;aperture&quot;:&quot;0&quot;,&quot;credit&quot;:&quot;&quot;,&quot;camera&quot;:&quot;&quot;,&quot;caption&quot;:&quot;&quot;,&quot;created_timestamp&quot;:&quot;0&quot;,&quot;copyright&quot;:&quot;&quot;,&quot;focal_length&quot;:&quot;0&quot;,&quot;iso&quot;:&quot;0&quot;,&quot;shutter_speed&quot;:&quot;0&quot;,&quot;title&quot;:&quot;&quot;,&quot;orientation&quot;:&quot;0&quot;}\" data-image-title=\"P2242587 B\u00e4r &amp;#8211; Foto TJ Krebs\" data-image-description=\"\" data-medium-file=\"https:\/\/i0.wp.com\/www.jazzzeitung.de\/cms\/wp-content\/uploads\/2022\/08\/P2242587-Baer-Foto-TJ-Krebs.jpg?fit=300%2C200&#038;ssl=1\" data-large-file=\"https:\/\/i0.wp.com\/www.jazzzeitung.de\/cms\/wp-content\/uploads\/2022\/08\/P2242587-Baer-Foto-TJ-Krebs.jpg?fit=840%2C560&#038;ssl=1\" src=\"https:\/\/i0.wp.com\/www.jazzzeitung.de\/cms\/wp-content\/uploads\/2022\/08\/P2242587-Baer-Foto-TJ-Krebs.jpg?w=206&#038;h=137&#038;ssl=1\" srcset=\"https:\/\/i0.wp.com\/www.jazzzeitung.de\/cms\/wp-content\/uploads\/2022\/08\/P2242587-Baer-Foto-TJ-Krebs.jpg?w=1500&amp;ssl=1 1500w, https:\/\/i0.wp.com\/www.jazzzeitung.de\/cms\/wp-content\/uploads\/2022\/08\/P2242587-Baer-Foto-TJ-Krebs.jpg?resize=300%2C200&amp;ssl=1 300w, https:\/\/i0.wp.com\/www.jazzzeitung.de\/cms\/wp-content\/uploads\/2022\/08\/P2242587-Baer-Foto-TJ-Krebs.jpg?resize=900%2C600&amp;ssl=1 900w, https:\/\/i0.wp.com\/www.jazzzeitung.de\/cms\/wp-content\/uploads\/2022\/08\/P2242587-Baer-Foto-TJ-Krebs.jpg?resize=768%2C512&amp;ssl=1 768w, https:\/\/i0.wp.com\/www.jazzzeitung.de\/cms\/wp-content\/uploads\/2022\/08\/P2242587-Baer-Foto-TJ-Krebs.jpg?resize=120%2C80&amp;ssl=1 120w, https:\/\/i0.wp.com\/www.jazzzeitung.de\/cms\/wp-content\/uploads\/2022\/08\/P2242587-Baer-Foto-TJ-Krebs.jpg?resize=1320%2C880&amp;ssl=1 1320w\" width=\"206\" height=\"137\" loading=\"lazy\" data-original-width=\"206\" data-original-height=\"137\" itemprop=\"http:\/\/schema.org\/image\" title=\"P2242587 B\u00e4r - Foto TJ Krebs\" alt=\"P2242587 B\u00e4r - Foto TJ Krebs\" style=\"width: 206px; height: 137px;\" \/> <\/a> <\/div> <\/div> <!-- close group --> <div class=\"gallery-group images-1\" style=\"width: 210px; height: 141px;\" data-original-width=\"210\" data-original-height=\"141\" > <div class=\"tiled-gallery-item tiled-gallery-item-small\" itemprop=\"associatedMedia\" itemscope itemtype=\"http:\/\/schema.org\/ImageObject\"> <a href=\"https:\/\/www.jazzzeitung.de\/cms\/2022\/08\/alpenrausch-festival-zfuass-am-flaucher-mit-dem-duo-schriefl-baer\/p2242594-baer-schriefl-foto-tj-krebs\/\" border=\"0\" itemprop=\"url\"> <meta itemprop=\"width\" content=\"206\"> <meta itemprop=\"height\" content=\"137\"> <img decoding=\"async\" class=\"\" data-attachment-id=\"27994\" data-orig-file=\"https:\/\/www.jazzzeitung.de\/cms\/wp-content\/uploads\/2022\/08\/P2242594-Baer-Schriefl-Foto-TJ-Krebs.jpg\" data-orig-size=\"1500,1000\" data-comments-opened=\"1\" data-image-meta=\"{&quot;aperture&quot;:&quot;0&quot;,&quot;credit&quot;:&quot;&quot;,&quot;camera&quot;:&quot;&quot;,&quot;caption&quot;:&quot;&quot;,&quot;created_timestamp&quot;:&quot;0&quot;,&quot;copyright&quot;:&quot;&quot;,&quot;focal_length&quot;:&quot;0&quot;,&quot;iso&quot;:&quot;0&quot;,&quot;shutter_speed&quot;:&quot;0&quot;,&quot;title&quot;:&quot;&quot;,&quot;orientation&quot;:&quot;0&quot;}\" data-image-title=\"P2242594 B\u00e4r-Schriefl &amp;#8211; Foto TJ Krebs\" data-image-description=\"\" data-medium-file=\"https:\/\/i0.wp.com\/www.jazzzeitung.de\/cms\/wp-content\/uploads\/2022\/08\/P2242594-Baer-Schriefl-Foto-TJ-Krebs.jpg?fit=300%2C200&#038;ssl=1\" data-large-file=\"https:\/\/i0.wp.com\/www.jazzzeitung.de\/cms\/wp-content\/uploads\/2022\/08\/P2242594-Baer-Schriefl-Foto-TJ-Krebs.jpg?fit=840%2C560&#038;ssl=1\" src=\"https:\/\/i0.wp.com\/www.jazzzeitung.de\/cms\/wp-content\/uploads\/2022\/08\/P2242594-Baer-Schriefl-Foto-TJ-Krebs.jpg?w=206&#038;h=137&#038;ssl=1\" srcset=\"https:\/\/i0.wp.com\/www.jazzzeitung.de\/cms\/wp-content\/uploads\/2022\/08\/P2242594-Baer-Schriefl-Foto-TJ-Krebs.jpg?w=1500&amp;ssl=1 1500w, https:\/\/i0.wp.com\/www.jazzzeitung.de\/cms\/wp-content\/uploads\/2022\/08\/P2242594-Baer-Schriefl-Foto-TJ-Krebs.jpg?resize=300%2C200&amp;ssl=1 300w, https:\/\/i0.wp.com\/www.jazzzeitung.de\/cms\/wp-content\/uploads\/2022\/08\/P2242594-Baer-Schriefl-Foto-TJ-Krebs.jpg?resize=900%2C600&amp;ssl=1 900w, https:\/\/i0.wp.com\/www.jazzzeitung.de\/cms\/wp-content\/uploads\/2022\/08\/P2242594-Baer-Schriefl-Foto-TJ-Krebs.jpg?resize=768%2C512&amp;ssl=1 768w, https:\/\/i0.wp.com\/www.jazzzeitung.de\/cms\/wp-content\/uploads\/2022\/08\/P2242594-Baer-Schriefl-Foto-TJ-Krebs.jpg?resize=120%2C80&amp;ssl=1 120w, https:\/\/i0.wp.com\/www.jazzzeitung.de\/cms\/wp-content\/uploads\/2022\/08\/P2242594-Baer-Schriefl-Foto-TJ-Krebs.jpg?resize=1320%2C880&amp;ssl=1 1320w\" width=\"206\" height=\"137\" loading=\"lazy\" data-original-width=\"206\" data-original-height=\"137\" itemprop=\"http:\/\/schema.org\/image\" title=\"P2242594 B\u00e4r-Schriefl - Foto TJ Krebs\" alt=\"P2242594 B\u00e4r-Schriefl - Foto TJ Krebs\" style=\"width: 206px; height: 137px;\" \/> <\/a> <\/div> <\/div> <!-- close group --> <\/div> <!-- close row --> <\/div>\n<p>\u00dcberhaupt \u00fcberzeugte das Konzept des Alpenrausch Festivals mit seinem kreativen Programm aus Konzerten, Film und Mitmachaktionen, bei dem u.a. die Unterbiberger Hofmusik, die Munich Opera Horns, an den Fassaden Bandaloop &#8211; eine Vertikal-Tanzgruppe, die Band Oansno und als Kr\u00f6nung zum Abschluss Manu Delago mit seinem Ensemble auftraten. Die Organisation klappte reibungslos, die Stimmung der der gut gelaunten Besucher war ausgelassen und passte zum sonnigen Wetter. Hoffentlich ist das der Beginn eines j\u00e4hrlich wiederkehrenden Festivals. Der Alpenrausch-Start, mit reichlich Vergn\u00fcgen bei freiem Eintritt, war auf jeden Fall gelungen und definitiv ein rauschendes Fest!<\/p>\n<p>Text &amp; Fotos: Thomas J. Krebs<\/p>\n<p>&nbsp;<\/p>\n","protected":false},"excerpt":{"rendered":"<p>Am vergangenen Wochenende fand an zwei Tagen in der M\u00fcnchner Isarphilharmonie HP 8 das erste Alpenrausch Festival statt, kuratiert von Stefanie Boltz, die in den vergangenen Jahren bereits erfolgreich nach dem Alpen Jazz am Tiroler Achensee das Alpenspektakel auf Gut Sonnenhausen organisiert und durchgef\u00fchrt hat. Pr\u00e4sentiert wurde sowohl in der Philharmonie, im Saal X und dem Au\u00dfengel\u00e4nde ein abwechslungsreiches, grenz\u00fcberschreitendes und vielseitiges Programm rund um das Thema Neue Volksmusik. Ein kleiner H\u00f6hepunkt des Festivals war eine musikalische Wanderung mit Matthias Schriefl und Johannes B\u00e4r, die im Anschluss dazu ihren Dokumentarfilm \u201eAuf Tour Z\u2019Fua\u00df\u201c vorstellten. Zusammen mit den beiden Musikern ging der Ausflug von der Isarphilharmonie \u00fcber die Schinderbr\u00fccke zum Flaucher und wieder zur\u00fcck. Im Gep\u00e4ck ein Sammelsurium an Instrumenten von Alph\u00f6rnern bis hin zu Trompeten, Akkordeon und Tuba. Auf dem Weg gab es ein Alphornkonzert mit Jodelworkshop, am Flaucher bei den \u201eNackerten\u201c wurde u.a. der 60ziger Jahre Hit \u201eF\u00fcr Gaby tu\u2018 ich alles\u201c zum Besten gegeben, samt Tipps zum Trinken und Pieseln auf Wanderungen, immer wieder begleitet von musikalischen Einlagen. Nach gut\u00a0 einer Stunde ging es dann wieder zur\u00fcck zur Isarphilharmonie. Das Ganze alles in &hellip;<\/p>\n","protected":false},"author":35,"featured_media":27995,"comment_status":"open","ping_status":"closed","sticky":false,"template":"","format":"standard","meta":{"_jetpack_memberships_contains_paid_content":false,"footnotes":"","jetpack_publicize_message":"","jetpack_publicize_feature_enabled":true,"jetpack_social_post_already_shared":false,"jetpack_social_options":{"image_generator_settings":{"template":"highway","default_image_id":0,"font":"","enabled":false},"version":2}},"categories":[1053,652],"tags":[4237,2679,294,4238,827,4239,2675,1260],"coauthors":[1602],"class_list":["post-27986","post","type-post","status-publish","format-standard","has-post-thumbnail","hentry","category-bericht","category-galerie","tag-alpenrausch-festival","tag-fotogalerie","tag-jazzzeitung","tag-johannes-baer","tag-matthias-schriefl","tag-musikalische-wanderung","tag-stefanie-boltz","tag-thomas-j-krebs"],"yoast_head":"<!-- This site is optimized with the Yoast SEO plugin v27.5 - https:\/\/yoast.com\/product\/yoast-seo-wordpress\/ -->\n<title>Alpenrausch Festival: Z\u2019Fua\u00df am Flaucher mit dem Duo Schriefl-B\u00e4r - JazzZeitung<\/title>\n<meta name=\"robots\" content=\"index, follow, max-snippet:-1, max-image-preview:large, max-video-preview:-1\" \/>\n<link rel=\"canonical\" href=\"https:\/\/www.jazzzeitung.de\/cms\/2022\/08\/alpenrausch-festival-zfuass-am-flaucher-mit-dem-duo-schriefl-baer\/\" \/>\n<meta property=\"og:locale\" content=\"de_DE\" \/>\n<meta property=\"og:type\" content=\"article\" \/>\n<meta property=\"og:title\" content=\"Alpenrausch Festival: Z\u2019Fua\u00df am Flaucher mit dem Duo Schriefl-B\u00e4r - JazzZeitung\" \/>\n<meta property=\"og:description\" content=\"Am vergangenen Wochenende fand an zwei Tagen in der M\u00fcnchner Isarphilharmonie HP 8 das erste Alpenrausch Festival statt, kuratiert von Stefanie Boltz, die in den vergangenen Jahren bereits erfolgreich nach dem Alpen Jazz am Tiroler Achensee das Alpenspektakel auf Gut Sonnenhausen organisiert und durchgef\u00fchrt hat. Pr\u00e4sentiert wurde sowohl in der Philharmonie, im Saal X und dem Au\u00dfengel\u00e4nde ein abwechslungsreiches, grenz\u00fcberschreitendes und vielseitiges Programm rund um das Thema Neue Volksmusik. Ein kleiner H\u00f6hepunkt des Festivals war eine musikalische Wanderung mit Matthias Schriefl und Johannes B\u00e4r, die im Anschluss dazu ihren Dokumentarfilm \u201eAuf Tour Z\u2019Fua\u00df\u201c vorstellten. Zusammen mit den beiden Musikern ging der Ausflug von der Isarphilharmonie \u00fcber die Schinderbr\u00fccke zum Flaucher und wieder zur\u00fcck. Im Gep\u00e4ck ein Sammelsurium an Instrumenten von Alph\u00f6rnern bis hin zu Trompeten, Akkordeon und Tuba. Auf dem Weg gab es ein Alphornkonzert mit Jodelworkshop, am Flaucher bei den \u201eNackerten\u201c wurde u.a. der 60ziger Jahre Hit \u201eF\u00fcr Gaby tu\u2018 ich alles\u201c zum Besten gegeben, samt Tipps zum Trinken und Pieseln auf Wanderungen, immer wieder begleitet von musikalischen Einlagen. Nach gut\u00a0 einer Stunde ging es dann wieder zur\u00fcck zur Isarphilharmonie. Das Ganze alles in &hellip;\" \/>\n<meta property=\"og:url\" content=\"https:\/\/www.jazzzeitung.de\/cms\/2022\/08\/alpenrausch-festival-zfuass-am-flaucher-mit-dem-duo-schriefl-baer\/\" \/>\n<meta property=\"og:site_name\" content=\"JazzZeitung\" \/>\n<meta property=\"article:publisher\" content=\"https:\/\/www.facebook.com\/JazzZeitung\/\" \/>\n<meta property=\"article:published_time\" content=\"2022-08-02T06:50:54+00:00\" \/>\n<meta property=\"og:image\" content=\"https:\/\/i0.wp.com\/www.jazzzeitung.de\/cms\/wp-content\/uploads\/2022\/08\/P2242440-Schriefl-Baer-Foto-TJ-Krebs-1.jpg?fit=1500%2C1000&ssl=1\" \/>\n\t<meta property=\"og:image:width\" content=\"1500\" \/>\n\t<meta property=\"og:image:height\" content=\"1000\" \/>\n\t<meta property=\"og:image:type\" content=\"image\/jpeg\" \/>\n<meta name=\"author\" content=\"Thomas J. Krebs\" \/>\n<script type=\"application\/ld+json\" class=\"yoast-schema-graph\">{\"@context\":\"https:\\\/\\\/schema.org\",\"@graph\":[{\"@type\":\"Article\",\"@id\":\"https:\\\/\\\/www.jazzzeitung.de\\\/cms\\\/2022\\\/08\\\/alpenrausch-festival-zfuass-am-flaucher-mit-dem-duo-schriefl-baer\\\/#article\",\"isPartOf\":{\"@id\":\"https:\\\/\\\/www.jazzzeitung.de\\\/cms\\\/2022\\\/08\\\/alpenrausch-festival-zfuass-am-flaucher-mit-dem-duo-schriefl-baer\\\/\"},\"author\":{\"name\":\"Thomas J. Krebs\",\"@id\":\"https:\\\/\\\/www.jazzzeitung.de\\\/cms\\\/#\\\/schema\\\/person\\\/ba94c5bbea92d014d6a3d1f0105daa18\"},\"headline\":\"Alpenrausch Festival: Z\u2019Fua\u00df am Flaucher mit dem Duo Schriefl-B\u00e4r\",\"datePublished\":\"2022-08-02T06:50:54+00:00\",\"mainEntityOfPage\":{\"@id\":\"https:\\\/\\\/www.jazzzeitung.de\\\/cms\\\/2022\\\/08\\\/alpenrausch-festival-zfuass-am-flaucher-mit-dem-duo-schriefl-baer\\\/\"},\"wordCount\":321,\"commentCount\":0,\"publisher\":{\"@id\":\"https:\\\/\\\/www.jazzzeitung.de\\\/cms\\\/#organization\"},\"image\":{\"@id\":\"https:\\\/\\\/www.jazzzeitung.de\\\/cms\\\/2022\\\/08\\\/alpenrausch-festival-zfuass-am-flaucher-mit-dem-duo-schriefl-baer\\\/#primaryimage\"},\"thumbnailUrl\":\"https:\\\/\\\/i0.wp.com\\\/www.jazzzeitung.de\\\/cms\\\/wp-content\\\/uploads\\\/2022\\\/08\\\/P2242440-Schriefl-Baer-Foto-TJ-Krebs-1.jpg?fit=1500%2C1000&ssl=1\",\"keywords\":[\"Alpenrausch Festival\",\"Fotogalerie\",\"Jazzzeitung\",\"Johannes B\u00e4r\",\"Matthias Schriefl\",\"musikalische Wanderung\",\"Stefanie Boltz\",\"Thomas J. Krebs\"],\"articleSection\":[\"Bericht\",\"Galerie\"],\"inLanguage\":\"de\",\"potentialAction\":[{\"@type\":\"CommentAction\",\"name\":\"Comment\",\"target\":[\"https:\\\/\\\/www.jazzzeitung.de\\\/cms\\\/2022\\\/08\\\/alpenrausch-festival-zfuass-am-flaucher-mit-dem-duo-schriefl-baer\\\/#respond\"]}]},{\"@type\":\"WebPage\",\"@id\":\"https:\\\/\\\/www.jazzzeitung.de\\\/cms\\\/2022\\\/08\\\/alpenrausch-festival-zfuass-am-flaucher-mit-dem-duo-schriefl-baer\\\/\",\"url\":\"https:\\\/\\\/www.jazzzeitung.de\\\/cms\\\/2022\\\/08\\\/alpenrausch-festival-zfuass-am-flaucher-mit-dem-duo-schriefl-baer\\\/\",\"name\":\"Alpenrausch Festival: Z\u2019Fua\u00df am Flaucher mit dem Duo Schriefl-B\u00e4r - JazzZeitung\",\"isPartOf\":{\"@id\":\"https:\\\/\\\/www.jazzzeitung.de\\\/cms\\\/#website\"},\"primaryImageOfPage\":{\"@id\":\"https:\\\/\\\/www.jazzzeitung.de\\\/cms\\\/2022\\\/08\\\/alpenrausch-festival-zfuass-am-flaucher-mit-dem-duo-schriefl-baer\\\/#primaryimage\"},\"image\":{\"@id\":\"https:\\\/\\\/www.jazzzeitung.de\\\/cms\\\/2022\\\/08\\\/alpenrausch-festival-zfuass-am-flaucher-mit-dem-duo-schriefl-baer\\\/#primaryimage\"},\"thumbnailUrl\":\"https:\\\/\\\/i0.wp.com\\\/www.jazzzeitung.de\\\/cms\\\/wp-content\\\/uploads\\\/2022\\\/08\\\/P2242440-Schriefl-Baer-Foto-TJ-Krebs-1.jpg?fit=1500%2C1000&ssl=1\",\"datePublished\":\"2022-08-02T06:50:54+00:00\",\"breadcrumb\":{\"@id\":\"https:\\\/\\\/www.jazzzeitung.de\\\/cms\\\/2022\\\/08\\\/alpenrausch-festival-zfuass-am-flaucher-mit-dem-duo-schriefl-baer\\\/#breadcrumb\"},\"inLanguage\":\"de\",\"potentialAction\":[{\"@type\":\"ReadAction\",\"target\":[\"https:\\\/\\\/www.jazzzeitung.de\\\/cms\\\/2022\\\/08\\\/alpenrausch-festival-zfuass-am-flaucher-mit-dem-duo-schriefl-baer\\\/\"]}]},{\"@type\":\"ImageObject\",\"inLanguage\":\"de\",\"@id\":\"https:\\\/\\\/www.jazzzeitung.de\\\/cms\\\/2022\\\/08\\\/alpenrausch-festival-zfuass-am-flaucher-mit-dem-duo-schriefl-baer\\\/#primaryimage\",\"url\":\"https:\\\/\\\/i0.wp.com\\\/www.jazzzeitung.de\\\/cms\\\/wp-content\\\/uploads\\\/2022\\\/08\\\/P2242440-Schriefl-Baer-Foto-TJ-Krebs-1.jpg?fit=1500%2C1000&ssl=1\",\"contentUrl\":\"https:\\\/\\\/i0.wp.com\\\/www.jazzzeitung.de\\\/cms\\\/wp-content\\\/uploads\\\/2022\\\/08\\\/P2242440-Schriefl-Baer-Foto-TJ-Krebs-1.jpg?fit=1500%2C1000&ssl=1\",\"width\":1500,\"height\":1000},{\"@type\":\"BreadcrumbList\",\"@id\":\"https:\\\/\\\/www.jazzzeitung.de\\\/cms\\\/2022\\\/08\\\/alpenrausch-festival-zfuass-am-flaucher-mit-dem-duo-schriefl-baer\\\/#breadcrumb\",\"itemListElement\":[{\"@type\":\"ListItem\",\"position\":1,\"name\":\"Startseite\",\"item\":\"https:\\\/\\\/www.jazzzeitung.de\\\/cms\\\/\"},{\"@type\":\"ListItem\",\"position\":2,\"name\":\"Alpenrausch Festival: Z\u2019Fua\u00df am Flaucher mit dem Duo Schriefl-B\u00e4r\"}]},{\"@type\":\"WebSite\",\"@id\":\"https:\\\/\\\/www.jazzzeitung.de\\\/cms\\\/#website\",\"url\":\"https:\\\/\\\/www.jazzzeitung.de\\\/cms\\\/\",\"name\":\"JazzZeitung\",\"description\":\"Jazz-News und Jazz-Kontroverses\",\"publisher\":{\"@id\":\"https:\\\/\\\/www.jazzzeitung.de\\\/cms\\\/#organization\"},\"potentialAction\":[{\"@type\":\"SearchAction\",\"target\":{\"@type\":\"EntryPoint\",\"urlTemplate\":\"https:\\\/\\\/www.jazzzeitung.de\\\/cms\\\/?s={search_term_string}\"},\"query-input\":{\"@type\":\"PropertyValueSpecification\",\"valueRequired\":true,\"valueName\":\"search_term_string\"}}],\"inLanguage\":\"de\"},{\"@type\":\"Organization\",\"@id\":\"https:\\\/\\\/www.jazzzeitung.de\\\/cms\\\/#organization\",\"name\":\"JazzZeitung online\",\"url\":\"https:\\\/\\\/www.jazzzeitung.de\\\/cms\\\/\",\"logo\":{\"@type\":\"ImageObject\",\"inLanguage\":\"de\",\"@id\":\"https:\\\/\\\/www.jazzzeitung.de\\\/cms\\\/#\\\/schema\\\/logo\\\/image\\\/\",\"url\":\"https:\\\/\\\/i0.wp.com\\\/www.jazzzeitung.de\\\/cms\\\/wp-content\\\/uploads\\\/2015\\\/08\\\/JAZZZEITUNGDE_Logo_Neu.png?fit=499%2C200&ssl=1\",\"contentUrl\":\"https:\\\/\\\/i0.wp.com\\\/www.jazzzeitung.de\\\/cms\\\/wp-content\\\/uploads\\\/2015\\\/08\\\/JAZZZEITUNGDE_Logo_Neu.png?fit=499%2C200&ssl=1\",\"width\":499,\"height\":200,\"caption\":\"JazzZeitung online\"},\"image\":{\"@id\":\"https:\\\/\\\/www.jazzzeitung.de\\\/cms\\\/#\\\/schema\\\/logo\\\/image\\\/\"},\"sameAs\":[\"https:\\\/\\\/www.facebook.com\\\/JazzZeitung\\\/\"]},{\"@type\":\"Person\",\"@id\":\"https:\\\/\\\/www.jazzzeitung.de\\\/cms\\\/#\\\/schema\\\/person\\\/ba94c5bbea92d014d6a3d1f0105daa18\",\"name\":\"Thomas J. Krebs\",\"image\":{\"@type\":\"ImageObject\",\"inLanguage\":\"de\",\"@id\":\"https:\\\/\\\/secure.gravatar.com\\\/avatar\\\/e362b221c114fbcde56be31a2eacbbab541308e5bf72f20d4519b16cdeb5c667?s=96&d=wp_user_avatar&r=ga12b8f4e2750c9ca30f9e22cab2177c6\",\"url\":\"https:\\\/\\\/secure.gravatar.com\\\/avatar\\\/e362b221c114fbcde56be31a2eacbbab541308e5bf72f20d4519b16cdeb5c667?s=96&d=wp_user_avatar&r=g\",\"contentUrl\":\"https:\\\/\\\/secure.gravatar.com\\\/avatar\\\/e362b221c114fbcde56be31a2eacbbab541308e5bf72f20d4519b16cdeb5c667?s=96&d=wp_user_avatar&r=g\",\"caption\":\"Thomas J. Krebs\"},\"url\":\"https:\\\/\\\/www.jazzzeitung.de\\\/cms\\\/author\\\/krebs\\\/\"}]}<\/script>\n<!-- \/ Yoast SEO plugin. -->","yoast_head_json":{"title":"Alpenrausch Festival: Z\u2019Fua\u00df am Flaucher mit dem Duo Schriefl-B\u00e4r - JazzZeitung","robots":{"index":"index","follow":"follow","max-snippet":"max-snippet:-1","max-image-preview":"max-image-preview:large","max-video-preview":"max-video-preview:-1"},"canonical":"https:\/\/www.jazzzeitung.de\/cms\/2022\/08\/alpenrausch-festival-zfuass-am-flaucher-mit-dem-duo-schriefl-baer\/","og_locale":"de_DE","og_type":"article","og_title":"Alpenrausch Festival: Z\u2019Fua\u00df am Flaucher mit dem Duo Schriefl-B\u00e4r - JazzZeitung","og_description":"Am vergangenen Wochenende fand an zwei Tagen in der M\u00fcnchner Isarphilharmonie HP 8 das erste Alpenrausch Festival statt, kuratiert von Stefanie Boltz, die in den vergangenen Jahren bereits erfolgreich nach dem Alpen Jazz am Tiroler Achensee das Alpenspektakel auf Gut Sonnenhausen organisiert und durchgef\u00fchrt hat. Pr\u00e4sentiert wurde sowohl in der Philharmonie, im Saal X und dem Au\u00dfengel\u00e4nde ein abwechslungsreiches, grenz\u00fcberschreitendes und vielseitiges Programm rund um das Thema Neue Volksmusik. Ein kleiner H\u00f6hepunkt des Festivals war eine musikalische Wanderung mit Matthias Schriefl und Johannes B\u00e4r, die im Anschluss dazu ihren Dokumentarfilm \u201eAuf Tour Z\u2019Fua\u00df\u201c vorstellten. Zusammen mit den beiden Musikern ging der Ausflug von der Isarphilharmonie \u00fcber die Schinderbr\u00fccke zum Flaucher und wieder zur\u00fcck. Im Gep\u00e4ck ein Sammelsurium an Instrumenten von Alph\u00f6rnern bis hin zu Trompeten, Akkordeon und Tuba. Auf dem Weg gab es ein Alphornkonzert mit Jodelworkshop, am Flaucher bei den \u201eNackerten\u201c wurde u.a. der 60ziger Jahre Hit \u201eF\u00fcr Gaby tu\u2018 ich alles\u201c zum Besten gegeben, samt Tipps zum Trinken und Pieseln auf Wanderungen, immer wieder begleitet von musikalischen Einlagen. Nach gut\u00a0 einer Stunde ging es dann wieder zur\u00fcck zur Isarphilharmonie. Das Ganze alles in &hellip;","og_url":"https:\/\/www.jazzzeitung.de\/cms\/2022\/08\/alpenrausch-festival-zfuass-am-flaucher-mit-dem-duo-schriefl-baer\/","og_site_name":"JazzZeitung","article_publisher":"https:\/\/www.facebook.com\/JazzZeitung\/","article_published_time":"2022-08-02T06:50:54+00:00","og_image":[{"width":1500,"height":1000,"url":"https:\/\/i0.wp.com\/www.jazzzeitung.de\/cms\/wp-content\/uploads\/2022\/08\/P2242440-Schriefl-Baer-Foto-TJ-Krebs-1.jpg?fit=1500%2C1000&ssl=1","type":"image\/jpeg"}],"author":"Thomas J. Krebs","schema":{"@context":"https:\/\/schema.org","@graph":[{"@type":"Article","@id":"https:\/\/www.jazzzeitung.de\/cms\/2022\/08\/alpenrausch-festival-zfuass-am-flaucher-mit-dem-duo-schriefl-baer\/#article","isPartOf":{"@id":"https:\/\/www.jazzzeitung.de\/cms\/2022\/08\/alpenrausch-festival-zfuass-am-flaucher-mit-dem-duo-schriefl-baer\/"},"author":{"name":"Thomas J. Krebs","@id":"https:\/\/www.jazzzeitung.de\/cms\/#\/schema\/person\/ba94c5bbea92d014d6a3d1f0105daa18"},"headline":"Alpenrausch Festival: Z\u2019Fua\u00df am Flaucher mit dem Duo Schriefl-B\u00e4r","datePublished":"2022-08-02T06:50:54+00:00","mainEntityOfPage":{"@id":"https:\/\/www.jazzzeitung.de\/cms\/2022\/08\/alpenrausch-festival-zfuass-am-flaucher-mit-dem-duo-schriefl-baer\/"},"wordCount":321,"commentCount":0,"publisher":{"@id":"https:\/\/www.jazzzeitung.de\/cms\/#organization"},"image":{"@id":"https:\/\/www.jazzzeitung.de\/cms\/2022\/08\/alpenrausch-festival-zfuass-am-flaucher-mit-dem-duo-schriefl-baer\/#primaryimage"},"thumbnailUrl":"https:\/\/i0.wp.com\/www.jazzzeitung.de\/cms\/wp-content\/uploads\/2022\/08\/P2242440-Schriefl-Baer-Foto-TJ-Krebs-1.jpg?fit=1500%2C1000&ssl=1","keywords":["Alpenrausch Festival","Fotogalerie","Jazzzeitung","Johannes B\u00e4r","Matthias Schriefl","musikalische Wanderung","Stefanie Boltz","Thomas J. Krebs"],"articleSection":["Bericht","Galerie"],"inLanguage":"de","potentialAction":[{"@type":"CommentAction","name":"Comment","target":["https:\/\/www.jazzzeitung.de\/cms\/2022\/08\/alpenrausch-festival-zfuass-am-flaucher-mit-dem-duo-schriefl-baer\/#respond"]}]},{"@type":"WebPage","@id":"https:\/\/www.jazzzeitung.de\/cms\/2022\/08\/alpenrausch-festival-zfuass-am-flaucher-mit-dem-duo-schriefl-baer\/","url":"https:\/\/www.jazzzeitung.de\/cms\/2022\/08\/alpenrausch-festival-zfuass-am-flaucher-mit-dem-duo-schriefl-baer\/","name":"Alpenrausch Festival: Z\u2019Fua\u00df am Flaucher mit dem Duo Schriefl-B\u00e4r - JazzZeitung","isPartOf":{"@id":"https:\/\/www.jazzzeitung.de\/cms\/#website"},"primaryImageOfPage":{"@id":"https:\/\/www.jazzzeitung.de\/cms\/2022\/08\/alpenrausch-festival-zfuass-am-flaucher-mit-dem-duo-schriefl-baer\/#primaryimage"},"image":{"@id":"https:\/\/www.jazzzeitung.de\/cms\/2022\/08\/alpenrausch-festival-zfuass-am-flaucher-mit-dem-duo-schriefl-baer\/#primaryimage"},"thumbnailUrl":"https:\/\/i0.wp.com\/www.jazzzeitung.de\/cms\/wp-content\/uploads\/2022\/08\/P2242440-Schriefl-Baer-Foto-TJ-Krebs-1.jpg?fit=1500%2C1000&ssl=1","datePublished":"2022-08-02T06:50:54+00:00","breadcrumb":{"@id":"https:\/\/www.jazzzeitung.de\/cms\/2022\/08\/alpenrausch-festival-zfuass-am-flaucher-mit-dem-duo-schriefl-baer\/#breadcrumb"},"inLanguage":"de","potentialAction":[{"@type":"ReadAction","target":["https:\/\/www.jazzzeitung.de\/cms\/2022\/08\/alpenrausch-festival-zfuass-am-flaucher-mit-dem-duo-schriefl-baer\/"]}]},{"@type":"ImageObject","inLanguage":"de","@id":"https:\/\/www.jazzzeitung.de\/cms\/2022\/08\/alpenrausch-festival-zfuass-am-flaucher-mit-dem-duo-schriefl-baer\/#primaryimage","url":"https:\/\/i0.wp.com\/www.jazzzeitung.de\/cms\/wp-content\/uploads\/2022\/08\/P2242440-Schriefl-Baer-Foto-TJ-Krebs-1.jpg?fit=1500%2C1000&ssl=1","contentUrl":"https:\/\/i0.wp.com\/www.jazzzeitung.de\/cms\/wp-content\/uploads\/2022\/08\/P2242440-Schriefl-Baer-Foto-TJ-Krebs-1.jpg?fit=1500%2C1000&ssl=1","width":1500,"height":1000},{"@type":"BreadcrumbList","@id":"https:\/\/www.jazzzeitung.de\/cms\/2022\/08\/alpenrausch-festival-zfuass-am-flaucher-mit-dem-duo-schriefl-baer\/#breadcrumb","itemListElement":[{"@type":"ListItem","position":1,"name":"Startseite","item":"https:\/\/www.jazzzeitung.de\/cms\/"},{"@type":"ListItem","position":2,"name":"Alpenrausch Festival: Z\u2019Fua\u00df am Flaucher mit dem Duo Schriefl-B\u00e4r"}]},{"@type":"WebSite","@id":"https:\/\/www.jazzzeitung.de\/cms\/#website","url":"https:\/\/www.jazzzeitung.de\/cms\/","name":"JazzZeitung","description":"Jazz-News und Jazz-Kontroverses","publisher":{"@id":"https:\/\/www.jazzzeitung.de\/cms\/#organization"},"potentialAction":[{"@type":"SearchAction","target":{"@type":"EntryPoint","urlTemplate":"https:\/\/www.jazzzeitung.de\/cms\/?s={search_term_string}"},"query-input":{"@type":"PropertyValueSpecification","valueRequired":true,"valueName":"search_term_string"}}],"inLanguage":"de"},{"@type":"Organization","@id":"https:\/\/www.jazzzeitung.de\/cms\/#organization","name":"JazzZeitung online","url":"https:\/\/www.jazzzeitung.de\/cms\/","logo":{"@type":"ImageObject","inLanguage":"de","@id":"https:\/\/www.jazzzeitung.de\/cms\/#\/schema\/logo\/image\/","url":"https:\/\/i0.wp.com\/www.jazzzeitung.de\/cms\/wp-content\/uploads\/2015\/08\/JAZZZEITUNGDE_Logo_Neu.png?fit=499%2C200&ssl=1","contentUrl":"https:\/\/i0.wp.com\/www.jazzzeitung.de\/cms\/wp-content\/uploads\/2015\/08\/JAZZZEITUNGDE_Logo_Neu.png?fit=499%2C200&ssl=1","width":499,"height":200,"caption":"JazzZeitung online"},"image":{"@id":"https:\/\/www.jazzzeitung.de\/cms\/#\/schema\/logo\/image\/"},"sameAs":["https:\/\/www.facebook.com\/JazzZeitung\/"]},{"@type":"Person","@id":"https:\/\/www.jazzzeitung.de\/cms\/#\/schema\/person\/ba94c5bbea92d014d6a3d1f0105daa18","name":"Thomas J. Krebs","image":{"@type":"ImageObject","inLanguage":"de","@id":"https:\/\/secure.gravatar.com\/avatar\/e362b221c114fbcde56be31a2eacbbab541308e5bf72f20d4519b16cdeb5c667?s=96&d=wp_user_avatar&r=ga12b8f4e2750c9ca30f9e22cab2177c6","url":"https:\/\/secure.gravatar.com\/avatar\/e362b221c114fbcde56be31a2eacbbab541308e5bf72f20d4519b16cdeb5c667?s=96&d=wp_user_avatar&r=g","contentUrl":"https:\/\/secure.gravatar.com\/avatar\/e362b221c114fbcde56be31a2eacbbab541308e5bf72f20d4519b16cdeb5c667?s=96&d=wp_user_avatar&r=g","caption":"Thomas J. Krebs"},"url":"https:\/\/www.jazzzeitung.de\/cms\/author\/krebs\/"}]}},"wp-worthy-pixel":{"ignored":false,"public":null,"server":null,"url":null},"wp-worthy-type":"normal","jetpack_publicize_connections":[],"cc_featured_image_caption":{"caption_text":"","source_text":"","source_url":""},"jetpack_featured_media_url":"https:\/\/i0.wp.com\/www.jazzzeitung.de\/cms\/wp-content\/uploads\/2022\/08\/P2242440-Schriefl-Baer-Foto-TJ-Krebs-1.jpg?fit=1500%2C1000&ssl=1","jetpack_shortlink":"https:\/\/wp.me\/p3KEcT-7ho","jetpack-related-posts":[{"id":6412,"url":"https:\/\/www.jazzzeitung.de\/cms\/2015\/06\/alpenjazz-jazzfestival-im-hotel-kronthaler-achensee\/","url_meta":{"origin":27986,"position":0},"title":"Alpenjazz \u2013 Jazzfestival im Hotel Kronthaler am Achensee","author":"Redaktion JazzZeitung","date":"18. Juni 2015","format":false,"excerpt":"Von 17. bis 19. Juli 2015 erklingen am Achensee schr\u00e4ge T\u00f6ne aus Blasinstrumenten, neben jazzigem Wohlklang aus weiblichen Kehlen: Der Sommer steht ganz im Zeichen des Heimatsounds. Beim Alpenjazz-Festival gehen K\u00fcnstler ihrer Herkunft aus den Alpenregionen nach. Matthias Schriefl, die Damen von Netnakisum, David Helbock und nicht zuletzt Christian Wegscheider\u2026","rel":"","context":"In &quot;News&quot;","block_context":{"text":"News","link":"https:\/\/www.jazzzeitung.de\/cms\/thema\/nachrichten\/"},"img":{"alt_text":"Drei Frauen an Geige, Bratsche und Cello, das sind: Netnakisum","src":"https:\/\/i0.wp.com\/www.jazzzeitung.de\/cms\/wp-content\/uploads\/2015\/06\/Netnakisum-150x150.jpg?resize=350%2C200","width":350,"height":200},"classes":[]},{"id":17517,"url":"https:\/\/www.jazzzeitung.de\/cms\/2018\/10\/dont-fear-shreefpunk-die-neue-aufnahme-von-matthias-schriefl\/","url_meta":{"origin":27986,"position":1},"title":"Don\u2019t fear Shreefpunk &#8211; Die neue Aufnahme von Matthias Schriefl","author":"Redaktion JazzZeitung","date":"26. Oktober 2018","format":false,"excerpt":"Egal ob Steuererkl\u00e4rung, S\u00fcdtiroler Rundungen oder St\u00fccke wie Hamburg, Amsterdam, Luxemburg \u2013 was sich Matthias Schriefl in seinen Kompositionen musikalisch vornimmt, strotzt vor Energie, Spontaneit\u00e4t und vor allem Witz. Mit langj\u00e4hrigen Bandkollegen und Wegbegleitern wie Jens D\u00fcppe, Robert Landfermann, Kalle Kalima, Jonas Burgwinkel, Johannes Behr oder Christian Lillinger fr\u00e4st sich\u2026","rel":"","context":"In &quot;Abgeh\u00f6rt&quot;","block_context":{"text":"Abgeh\u00f6rt","link":"https:\/\/www.jazzzeitung.de\/cms\/thema\/abgehoert\/"},"img":{"alt_text":"","src":"https:\/\/i0.wp.com\/www.jazzzeitung.de\/cms\/wp-content\/uploads\/2018\/10\/Schriefl-Shreefpunk-Caver.jpg?fit=1200%2C1075&ssl=1&resize=350%2C200","width":350,"height":200,"srcset":"https:\/\/i0.wp.com\/www.jazzzeitung.de\/cms\/wp-content\/uploads\/2018\/10\/Schriefl-Shreefpunk-Caver.jpg?fit=1200%2C1075&ssl=1&resize=350%2C200 1x, https:\/\/i0.wp.com\/www.jazzzeitung.de\/cms\/wp-content\/uploads\/2018\/10\/Schriefl-Shreefpunk-Caver.jpg?fit=1200%2C1075&ssl=1&resize=525%2C300 1.5x, https:\/\/i0.wp.com\/www.jazzzeitung.de\/cms\/wp-content\/uploads\/2018\/10\/Schriefl-Shreefpunk-Caver.jpg?fit=1200%2C1075&ssl=1&resize=700%2C400 2x, https:\/\/i0.wp.com\/www.jazzzeitung.de\/cms\/wp-content\/uploads\/2018\/10\/Schriefl-Shreefpunk-Caver.jpg?fit=1200%2C1075&ssl=1&resize=1050%2C600 3x"},"classes":[]},{"id":6678,"url":"https:\/\/www.jazzzeitung.de\/cms\/2015\/07\/alpenjazz-festival-achensee-mit-horn-und-koenigstuba\/","url_meta":{"origin":27986,"position":2},"title":"Alpenjazz Festival, Achensee mit Horn und K\u00f6nigstuba","author":"Redaktion JazzZeitung","date":"23. Juli 2015","format":false,"excerpt":"Text und Fotos von Ralf Dombrowski - Ab der siebten Oktave wird die Obertonreihe chromatisch. Gut zu wissen f\u00fcr Blasinstrumente ohne Ventile, aber kaum zu spielen, vor allem, wenn es sich bei dem Teil um ein Alphorn handelt. Tats\u00e4chlich beherrschen nur wenige Musiker weltweit \u00fcberhaupt das chromatische Agieren am Alphorn,\u2026","rel":"","context":"In &quot;Bericht&quot;","block_context":{"text":"Bericht","link":"https:\/\/www.jazzzeitung.de\/cms\/thema\/bericht\/"},"img":{"alt_text":"","src":"https:\/\/i0.wp.com\/www.jazzzeitung.de\/cms\/wp-content\/uploads\/2015\/07\/0K3A1674-Random-Control-Ba%C2%A8r-dombr.jpg?resize=350%2C200","width":350,"height":200,"srcset":"https:\/\/i0.wp.com\/www.jazzzeitung.de\/cms\/wp-content\/uploads\/2015\/07\/0K3A1674-Random-Control-Ba%C2%A8r-dombr.jpg?resize=350%2C200 1x, https:\/\/i0.wp.com\/www.jazzzeitung.de\/cms\/wp-content\/uploads\/2015\/07\/0K3A1674-Random-Control-Ba%C2%A8r-dombr.jpg?resize=525%2C300 1.5x, https:\/\/i0.wp.com\/www.jazzzeitung.de\/cms\/wp-content\/uploads\/2015\/07\/0K3A1674-Random-Control-Ba%C2%A8r-dombr.jpg?resize=700%2C400 2x, https:\/\/i0.wp.com\/www.jazzzeitung.de\/cms\/wp-content\/uploads\/2015\/07\/0K3A1674-Random-Control-Ba%C2%A8r-dombr.jpg?resize=1050%2C600 3x"},"classes":[]},{"id":27857,"url":"https:\/\/www.jazzzeitung.de\/cms\/2022\/07\/die-energie-der-berge-eine-nachlese-zum-40-suedtirol-jazzfestival-alto-adige\/","url_meta":{"origin":27986,"position":3},"title":"Die Energie der Berge \u2013 eine Nachlese zum 40. S\u00fcdtirol Jazzfestival Alto Adige","author":"Redaktion JazzZeitung","date":"21. Juli 2022","format":false,"excerpt":"\u201eDer Berg verlangt einen gro\u00dfen Energieeinsatz, aber er gibt umso mehr Energie zur\u00fcck\u201c - der Allg\u00e4uer Multiinstrumentalist Matthias Schriefl wei\u00df, wovon er redet. Beim S\u00fcdtirol Jazzfestival Alto Adige zirkulieren vergleichbare Energien, wenn es um aktuelle musikalische Gegenwart in den L\u00e4ndern Europas geht. Klaus Widmann, der langj\u00e4hrige k\u00fcnstlerische Leiter des Festivals\u2026","rel":"","context":"In &quot;Bericht&quot;","block_context":{"text":"Bericht","link":"https:\/\/www.jazzzeitung.de\/cms\/thema\/bericht\/"},"img":{"alt_text":"","src":"https:\/\/i0.wp.com\/www.jazzzeitung.de\/cms\/wp-content\/uploads\/2022\/07\/Panorama_GPichler-scaled.jpg?fit=1200%2C801&ssl=1&resize=350%2C200","width":350,"height":200,"srcset":"https:\/\/i0.wp.com\/www.jazzzeitung.de\/cms\/wp-content\/uploads\/2022\/07\/Panorama_GPichler-scaled.jpg?fit=1200%2C801&ssl=1&resize=350%2C200 1x, https:\/\/i0.wp.com\/www.jazzzeitung.de\/cms\/wp-content\/uploads\/2022\/07\/Panorama_GPichler-scaled.jpg?fit=1200%2C801&ssl=1&resize=525%2C300 1.5x, https:\/\/i0.wp.com\/www.jazzzeitung.de\/cms\/wp-content\/uploads\/2022\/07\/Panorama_GPichler-scaled.jpg?fit=1200%2C801&ssl=1&resize=700%2C400 2x, https:\/\/i0.wp.com\/www.jazzzeitung.de\/cms\/wp-content\/uploads\/2022\/07\/Panorama_GPichler-scaled.jpg?fit=1200%2C801&ssl=1&resize=1050%2C600 3x"},"classes":[]},{"id":13578,"url":"https:\/\/www.jazzzeitung.de\/cms\/2017\/09\/stefanie-boltz-silvio-schneider-geben-seminar-zum-selbstmarketing-in-muenchen\/","url_meta":{"origin":27986,"position":4},"title":"Selbst vermarkten mit Stefanie Boltz &#038; Silvio Schneider","author":"Redaktion JazzZeitung","date":"21. September 2017","format":false,"excerpt":"Die S\u00e4ngerin Stefanie Boltz & der Gitarrist Silvio Schneider leben seit vielen Jahren vor, wie man sich als K\u00fcnstler selbst organisiert, vermarktet und dadurch die eigenen Projekte auf die B\u00fchne bringt. Sie geben ihr Know-How zeitgem\u00e4\u00dfer und individueller Organisationsformate in praxis-bezogenen Workshops unter dem Titel ZEITGEM\u00c4\u00dfE ARBEITSORGANISATION ALS K\u00dcNSTLER weiter.\u2026","rel":"","context":"In &quot;News&quot;","block_context":{"text":"News","link":"https:\/\/www.jazzzeitung.de\/cms\/thema\/nachrichten\/"},"img":{"alt_text":"","src":"https:\/\/i0.wp.com\/www.jazzzeitung.de\/cms\/wp-content\/uploads\/2017\/09\/SilvioBoltz-150x150.jpg?resize=350%2C200&ssl=1","width":350,"height":200},"classes":[]},{"id":23892,"url":"https:\/\/www.jazzzeitung.de\/cms\/2020\/11\/ludwigs-finest-matthias-schriefl-mit-beethoven-in-der-unterfahrt\/","url_meta":{"origin":27986,"position":5},"title":"Ludwig\u2019s Finest &#8211; Matthias Schriefl mit Beethoven in der Unterfahrt","author":"Redaktion JazzZeitung","date":"30. November 2020","format":false,"excerpt":"Manchmal wirkt Matthias Schriefl wie ein Grimmelshausen des Jazz. Dann schl\u00fcpft er in die Rollen eines Simplizissimus\u2019, um Aberwitziges mit der Geste des Naiven zu pr\u00e4sentieren. Ein bisschen Unsicherheit ist auch dabei, etwa dem strukturell r\u00e4tselhaften Medium des Streams gegen\u00fcber, das der Unmittelbarkeit des Live-Erlebens die Glocke des Artifiziellen \u00fcberst\u00fclpt,\u2026","rel":"","context":"In &quot;Bericht&quot;","block_context":{"text":"Bericht","link":"https:\/\/www.jazzzeitung.de\/cms\/thema\/bericht\/"},"img":{"alt_text":"","src":"https:\/\/i0.wp.com\/www.jazzzeitung.de\/cms\/wp-content\/uploads\/2020\/11\/DSC01115-Six-Alps-Jazz-c-Ralf-Dombrowski.jpg?fit=1200%2C800&ssl=1&resize=350%2C200","width":350,"height":200,"srcset":"https:\/\/i0.wp.com\/www.jazzzeitung.de\/cms\/wp-content\/uploads\/2020\/11\/DSC01115-Six-Alps-Jazz-c-Ralf-Dombrowski.jpg?fit=1200%2C800&ssl=1&resize=350%2C200 1x, https:\/\/i0.wp.com\/www.jazzzeitung.de\/cms\/wp-content\/uploads\/2020\/11\/DSC01115-Six-Alps-Jazz-c-Ralf-Dombrowski.jpg?fit=1200%2C800&ssl=1&resize=525%2C300 1.5x, https:\/\/i0.wp.com\/www.jazzzeitung.de\/cms\/wp-content\/uploads\/2020\/11\/DSC01115-Six-Alps-Jazz-c-Ralf-Dombrowski.jpg?fit=1200%2C800&ssl=1&resize=700%2C400 2x, https:\/\/i0.wp.com\/www.jazzzeitung.de\/cms\/wp-content\/uploads\/2020\/11\/DSC01115-Six-Alps-Jazz-c-Ralf-Dombrowski.jpg?fit=1200%2C800&ssl=1&resize=1050%2C600 3x"},"classes":[]}],"jetpack_sharing_enabled":true,"_links":{"self":[{"href":"https:\/\/www.jazzzeitung.de\/cms\/wp-json\/wp\/v2\/posts\/27986","targetHints":{"allow":["GET"]}}],"collection":[{"href":"https:\/\/www.jazzzeitung.de\/cms\/wp-json\/wp\/v2\/posts"}],"about":[{"href":"https:\/\/www.jazzzeitung.de\/cms\/wp-json\/wp\/v2\/types\/post"}],"author":[{"embeddable":true,"href":"https:\/\/www.jazzzeitung.de\/cms\/wp-json\/wp\/v2\/users\/35"}],"replies":[{"embeddable":true,"href":"https:\/\/www.jazzzeitung.de\/cms\/wp-json\/wp\/v2\/comments?post=27986"}],"version-history":[{"count":1,"href":"https:\/\/www.jazzzeitung.de\/cms\/wp-json\/wp\/v2\/posts\/27986\/revisions"}],"predecessor-version":[{"id":27996,"href":"https:\/\/www.jazzzeitung.de\/cms\/wp-json\/wp\/v2\/posts\/27986\/revisions\/27996"}],"wp:featuredmedia":[{"embeddable":true,"href":"https:\/\/www.jazzzeitung.de\/cms\/wp-json\/wp\/v2\/media\/27995"}],"wp:attachment":[{"href":"https:\/\/www.jazzzeitung.de\/cms\/wp-json\/wp\/v2\/media?parent=27986"}],"wp:term":[{"taxonomy":"category","embeddable":true,"href":"https:\/\/www.jazzzeitung.de\/cms\/wp-json\/wp\/v2\/categories?post=27986"},{"taxonomy":"post_tag","embeddable":true,"href":"https:\/\/www.jazzzeitung.de\/cms\/wp-json\/wp\/v2\/tags?post=27986"},{"taxonomy":"author","embeddable":true,"href":"https:\/\/www.jazzzeitung.de\/cms\/wp-json\/wp\/v2\/coauthors?post=27986"}],"curies":[{"name":"wp","href":"https:\/\/api.w.org\/{rel}","templated":true}]}}