{"id":27882,"date":"2022-07-19T14:27:42","date_gmt":"2022-07-19T12:27:42","guid":{"rendered":"https:\/\/www.jazzzeitung.de\/cms\/?p=27882"},"modified":"2022-07-19T11:45:44","modified_gmt":"2022-07-19T09:45:44","slug":"bmw-young-artist-jazz-award-2022-geht-an-shuteen-erdenebaatar-nils-kugelmann-und-moritz-stahl","status":"publish","type":"post","link":"https:\/\/www.jazzzeitung.de\/cms\/2022\/07\/bmw-young-artist-jazz-award-2022-geht-an-shuteen-erdenebaatar-nils-kugelmann-und-moritz-stahl\/","title":{"rendered":"+++ BMW Young Artist Jazz Award 2022 geht an\u00a0Shuteen Erdenebaatar, Nils Kugelmann und Moritz Stahl\u00a0+++"},"content":{"rendered":"<p>Als Zeichen der anhaltenden Unterst\u00fctzung der jungen Jazzszene\u00a0 verleiht die BMW Group zusammen mit der Landeshauptstadt M\u00fcnchen den BMW Young Artist Jazz Award in diesem Jahr wiederholt an drei junge Musikerinnen und Musiker aus dem Gro\u00dfraum M\u00fcnchen. Neben einem Preisgeld von je 3.000 Euro, werden die drei Preistr\u00e4ger Shuteen Erdenebaatar, Nils Kugelmann und Moritz Stahl mit Auftritten bei den Leipziger Jazztagen und im M\u00fcnchner Jazzclub Unterfahrt ausgezeichnet.<\/p>\n<figure id=\"attachment_27887\" aria-describedby=\"caption-attachment-27887\" style=\"width: 300px\" class=\"wp-caption alignleft\"><img data-recalc-dims=\"1\" loading=\"lazy\" decoding=\"async\" data-attachment-id=\"27887\" data-permalink=\"https:\/\/www.jazzzeitung.de\/cms\/2022\/07\/bmw-young-artist-jazz-award-2022-geht-an-shuteen-erdenebaatar-nils-kugelmann-und-moritz-stahl\/hmtm-jazznacht-2020-carl-orff-saal-muenchen-photo-c-ralf-dombrowski\/\" data-orig-file=\"https:\/\/i0.wp.com\/www.jazzzeitung.de\/cms\/wp-content\/uploads\/2022\/07\/P90472357_highRes_bmw-young-artist-jaz-scaled.jpg?fit=2560%2C1706&amp;ssl=1\" data-orig-size=\"2560,1706\" data-comments-opened=\"1\" data-image-meta=\"{&quot;aperture&quot;:&quot;5&quot;,&quot;credit&quot;:&quot;&quot;,&quot;camera&quot;:&quot;ILCE-7M3&quot;,&quot;caption&quot;:&quot;HMTM Jazznacht 2020, Carl-Orff-Saal M\\u00fcnchen, Photo (c) Ralf Dombrowski&quot;,&quot;created_timestamp&quot;:&quot;1594756776&quot;,&quot;copyright&quot;:&quot;&quot;,&quot;focal_length&quot;:&quot;155&quot;,&quot;iso&quot;:&quot;6400&quot;,&quot;shutter_speed&quot;:&quot;0.00625&quot;,&quot;title&quot;:&quot;HMTM Jazznacht 2020, Carl-Orff-Saal M\\u00fcnchen, Photo (c) Ralf Dombrowski&quot;,&quot;orientation&quot;:&quot;0&quot;}\" data-image-title=\"HMTM Jazznacht 2020, Carl-Orff-Saal M\u00fcnchen, Photo (c) Ralf Dombrowski\" data-image-description=\"\" data-image-caption=\"&lt;p&gt;Preistr\u00e4gerin von 2021: Shuteen Erdenebaatar. Foto: Ralf Dombrowski&lt;\/p&gt;\n\" data-large-file=\"https:\/\/i0.wp.com\/www.jazzzeitung.de\/cms\/wp-content\/uploads\/2022\/07\/P90472357_highRes_bmw-young-artist-jaz-scaled.jpg?fit=840%2C560&amp;ssl=1\" class=\"wp-image-27887 size-medium\" src=\"https:\/\/i0.wp.com\/www.jazzzeitung.de\/cms\/wp-content\/uploads\/2022\/07\/P90472357_highRes_bmw-young-artist-jaz.jpg?resize=300%2C200&#038;ssl=1\" alt=\"\" width=\"300\" height=\"200\" srcset=\"https:\/\/i0.wp.com\/www.jazzzeitung.de\/cms\/wp-content\/uploads\/2022\/07\/P90472357_highRes_bmw-young-artist-jaz-scaled.jpg?resize=300%2C200&amp;ssl=1 300w, https:\/\/i0.wp.com\/www.jazzzeitung.de\/cms\/wp-content\/uploads\/2022\/07\/P90472357_highRes_bmw-young-artist-jaz-scaled.jpg?resize=900%2C600&amp;ssl=1 900w, https:\/\/i0.wp.com\/www.jazzzeitung.de\/cms\/wp-content\/uploads\/2022\/07\/P90472357_highRes_bmw-young-artist-jaz-scaled.jpg?resize=768%2C512&amp;ssl=1 768w, https:\/\/i0.wp.com\/www.jazzzeitung.de\/cms\/wp-content\/uploads\/2022\/07\/P90472357_highRes_bmw-young-artist-jaz-scaled.jpg?resize=1536%2C1024&amp;ssl=1 1536w, https:\/\/i0.wp.com\/www.jazzzeitung.de\/cms\/wp-content\/uploads\/2022\/07\/P90472357_highRes_bmw-young-artist-jaz-scaled.jpg?resize=2048%2C1365&amp;ssl=1 2048w, https:\/\/i0.wp.com\/www.jazzzeitung.de\/cms\/wp-content\/uploads\/2022\/07\/P90472357_highRes_bmw-young-artist-jaz-scaled.jpg?resize=120%2C80&amp;ssl=1 120w, https:\/\/i0.wp.com\/www.jazzzeitung.de\/cms\/wp-content\/uploads\/2022\/07\/P90472357_highRes_bmw-young-artist-jaz-scaled.jpg?resize=1320%2C880&amp;ssl=1 1320w, https:\/\/i0.wp.com\/www.jazzzeitung.de\/cms\/wp-content\/uploads\/2022\/07\/P90472357_highRes_bmw-young-artist-jaz-scaled.jpg?w=1680&amp;ssl=1 1680w, https:\/\/i0.wp.com\/www.jazzzeitung.de\/cms\/wp-content\/uploads\/2022\/07\/P90472357_highRes_bmw-young-artist-jaz-scaled.jpg?w=2520&amp;ssl=1 2520w\" sizes=\"auto, (max-width: 300px) 100vw, 300px\" \/><figcaption id=\"caption-attachment-27887\" class=\"wp-caption-text\">Shuteen Erdenebaatar bei der Jazznacht 2020 der M\u00fcnchner Musikhochschule. Foto: Ralf Dombrowski<\/figcaption><\/figure>\n<p>Die klassisch ausgebildete Pianistin und Komponistin <strong>Shuteen Erdenebaatar<\/strong> ist 2018 aus der mongolischen Hauptstadt Ulan Bator an die Hochschule f\u00fcr Musik und Theater in M\u00fcnchen gekommen, um dort ihren musikalischen Horizont zu erweitern. Durch ihre exzellente Technik gewann die junge Musikerin 2020 den Kurt Maas Jazz Award und bekam den Zuschlag f\u00fcr eine der begehrten Jazz Summer Weeks in der Unterfahrt. \u201eMit ihrer spannenden und schillernden, die Tradition achtenden, aber daraus das Neue gewinnenden Musik beweist Shuteen Erdenebaatar, dass der Jazz wie keine andere Musik in der Lage ist, verschiedenste Einfl\u00fcsse zu kreativen neuen Kl\u00e4ngen zu amalgieren\u201c, so die Jury des BMW Young Artist Jazz Award mit Oliver Hochkeppel (S\u00fcddeutsche Zeitung), Heike Lies (Leiterin Bereich Musik &amp; Musiktheater im Kulturreferat der Landeshauptstadt M\u00fcnchen), Christiane B\u00f6hnke-Geisse (Leitung schwere reiter Musik), Andreas Kolb (JazzZeitung.de und neue musikzeitung) und Roland Spiegel (BR Klassik) .<\/p>\n<figure id=\"attachment_27886\" aria-describedby=\"caption-attachment-27886\" style=\"width: 200px\" class=\"wp-caption alignleft\"><img data-recalc-dims=\"1\" loading=\"lazy\" decoding=\"async\" data-attachment-id=\"27886\" data-permalink=\"https:\/\/www.jazzzeitung.de\/cms\/2022\/07\/bmw-young-artist-jazz-award-2022-geht-an-shuteen-erdenebaatar-nils-kugelmann-und-moritz-stahl\/p90472356_highres_bmw-young-artist-jaz-2\/\" data-orig-file=\"https:\/\/i0.wp.com\/www.jazzzeitung.de\/cms\/wp-content\/uploads\/2022\/07\/P90472356_highRes_bmw-young-artist-jaz-1-scaled.jpg?fit=1707%2C2560&amp;ssl=1\" data-orig-size=\"1707,2560\" data-comments-opened=\"1\" data-image-meta=\"{&quot;aperture&quot;:&quot;0&quot;,&quot;credit&quot;:&quot;&quot;,&quot;camera&quot;:&quot;&quot;,&quot;caption&quot;:&quot;&quot;,&quot;created_timestamp&quot;:&quot;0&quot;,&quot;copyright&quot;:&quot;Uli Neumann-Cosel&quot;,&quot;focal_length&quot;:&quot;0&quot;,&quot;iso&quot;:&quot;0&quot;,&quot;shutter_speed&quot;:&quot;0&quot;,&quot;title&quot;:&quot;&quot;,&quot;orientation&quot;:&quot;0&quot;}\" data-image-title=\"P90472356_highRes_bmw-young-artist-jaz\" data-image-description=\"\" data-image-caption=\"\" data-large-file=\"https:\/\/i0.wp.com\/www.jazzzeitung.de\/cms\/wp-content\/uploads\/2022\/07\/P90472356_highRes_bmw-young-artist-jaz-1-scaled.jpg?fit=400%2C600&amp;ssl=1\" class=\"wp-image-27886 size-medium\" src=\"https:\/\/i0.wp.com\/www.jazzzeitung.de\/cms\/wp-content\/uploads\/2022\/07\/P90472356_highRes_bmw-young-artist-jaz-1.jpg?resize=200%2C300&#038;ssl=1\" alt=\"\" width=\"200\" height=\"300\" srcset=\"https:\/\/i0.wp.com\/www.jazzzeitung.de\/cms\/wp-content\/uploads\/2022\/07\/P90472356_highRes_bmw-young-artist-jaz-1-scaled.jpg?resize=200%2C300&amp;ssl=1 200w, https:\/\/i0.wp.com\/www.jazzzeitung.de\/cms\/wp-content\/uploads\/2022\/07\/P90472356_highRes_bmw-young-artist-jaz-1-scaled.jpg?resize=400%2C600&amp;ssl=1 400w, https:\/\/i0.wp.com\/www.jazzzeitung.de\/cms\/wp-content\/uploads\/2022\/07\/P90472356_highRes_bmw-young-artist-jaz-1-scaled.jpg?resize=768%2C1152&amp;ssl=1 768w, https:\/\/i0.wp.com\/www.jazzzeitung.de\/cms\/wp-content\/uploads\/2022\/07\/P90472356_highRes_bmw-young-artist-jaz-1-scaled.jpg?resize=1024%2C1536&amp;ssl=1 1024w, https:\/\/i0.wp.com\/www.jazzzeitung.de\/cms\/wp-content\/uploads\/2022\/07\/P90472356_highRes_bmw-young-artist-jaz-1-scaled.jpg?resize=1365%2C2048&amp;ssl=1 1365w, https:\/\/i0.wp.com\/www.jazzzeitung.de\/cms\/wp-content\/uploads\/2022\/07\/P90472356_highRes_bmw-young-artist-jaz-1-scaled.jpg?resize=1320%2C1980&amp;ssl=1 1320w, https:\/\/i0.wp.com\/www.jazzzeitung.de\/cms\/wp-content\/uploads\/2022\/07\/P90472356_highRes_bmw-young-artist-jaz-1-scaled.jpg?w=1707&amp;ssl=1 1707w\" sizes=\"auto, (max-width: 200px) 100vw, 200px\" \/><figcaption id=\"caption-attachment-27886\" class=\"wp-caption-text\">Nils Kugelmann. Foto: BMW Welt Young Jazz Award<\/figcaption><\/figure>\n<p>Der M\u00fcnchner Musiker <strong>Nils Kugelmann<\/strong> hat von fr\u00fchester Jugend an alles ausprobiert: Gesang, Klarinette, Piano oder Synthesizer, sp\u00e4ter vor allem Bass. Als echtes Universaltalent spielte er alle Instrumente in seinem Projekt Deebex selbst ein. Den eklektischen Ansatz hat er in seinem Bass-Studium an der M\u00fcnchner Musikhochschule fokussiert und so ist er inzwischen als Bassist die erste Wahl, wenn junge Kollegen eine Rhythmusgruppe zusammenstellen. Die Jury \u00e4u\u00dfert in ihrem Statement: \u201eKugelmann ist einer der universellsten Musiker hierzulande, ein echter Allesk\u00f6nner. (\u2026) Immer geht es bei ihm um die bedeutenden Dinge, die Musik transportieren kann: Sch\u00f6nheit, Spannung, Hoffnung, Leidenschaft.\u201c<\/p>\n<figure id=\"attachment_27885\" aria-describedby=\"caption-attachment-27885\" style=\"width: 169px\" class=\"wp-caption alignleft\"><img data-recalc-dims=\"1\" loading=\"lazy\" decoding=\"async\" data-attachment-id=\"27885\" data-permalink=\"https:\/\/www.jazzzeitung.de\/cms\/2022\/07\/bmw-young-artist-jazz-award-2022-geht-an-shuteen-erdenebaatar-nils-kugelmann-und-moritz-stahl\/p90472355_highres_bmw-young-artist-jaz\/\" data-orig-file=\"https:\/\/i0.wp.com\/www.jazzzeitung.de\/cms\/wp-content\/uploads\/2022\/07\/P90472355_highRes_bmw-young-artist-jaz-scaled.jpg?fit=1440%2C2560&amp;ssl=1\" data-orig-size=\"1440,2560\" data-comments-opened=\"1\" data-image-meta=\"{&quot;aperture&quot;:&quot;2.8&quot;,&quot;credit&quot;:&quot;&quot;,&quot;camera&quot;:&quot;ILCE-7M3&quot;,&quot;caption&quot;:&quot;&quot;,&quot;created_timestamp&quot;:&quot;1655761959&quot;,&quot;copyright&quot;:&quot;&quot;,&quot;focal_length&quot;:&quot;29.2&quot;,&quot;iso&quot;:&quot;400&quot;,&quot;shutter_speed&quot;:&quot;0.008&quot;,&quot;title&quot;:&quot;&quot;,&quot;orientation&quot;:&quot;0&quot;}\" data-image-title=\"P90472355_highRes_bmw-young-artist-jaz\" data-image-description=\"\" data-image-caption=\"\" data-large-file=\"https:\/\/i0.wp.com\/www.jazzzeitung.de\/cms\/wp-content\/uploads\/2022\/07\/P90472355_highRes_bmw-young-artist-jaz-scaled.jpg?fit=338%2C600&amp;ssl=1\" class=\"wp-image-27885 size-medium\" src=\"https:\/\/i0.wp.com\/www.jazzzeitung.de\/cms\/wp-content\/uploads\/2022\/07\/P90472355_highRes_bmw-young-artist-jaz.jpg?resize=169%2C300&#038;ssl=1\" alt=\"\" width=\"169\" height=\"300\" srcset=\"https:\/\/i0.wp.com\/www.jazzzeitung.de\/cms\/wp-content\/uploads\/2022\/07\/P90472355_highRes_bmw-young-artist-jaz-scaled.jpg?resize=169%2C300&amp;ssl=1 169w, https:\/\/i0.wp.com\/www.jazzzeitung.de\/cms\/wp-content\/uploads\/2022\/07\/P90472355_highRes_bmw-young-artist-jaz-scaled.jpg?resize=338%2C600&amp;ssl=1 338w, https:\/\/i0.wp.com\/www.jazzzeitung.de\/cms\/wp-content\/uploads\/2022\/07\/P90472355_highRes_bmw-young-artist-jaz-scaled.jpg?resize=768%2C1365&amp;ssl=1 768w, https:\/\/i0.wp.com\/www.jazzzeitung.de\/cms\/wp-content\/uploads\/2022\/07\/P90472355_highRes_bmw-young-artist-jaz-scaled.jpg?resize=864%2C1536&amp;ssl=1 864w, https:\/\/i0.wp.com\/www.jazzzeitung.de\/cms\/wp-content\/uploads\/2022\/07\/P90472355_highRes_bmw-young-artist-jaz-scaled.jpg?resize=1152%2C2048&amp;ssl=1 1152w, https:\/\/i0.wp.com\/www.jazzzeitung.de\/cms\/wp-content\/uploads\/2022\/07\/P90472355_highRes_bmw-young-artist-jaz-scaled.jpg?resize=1320%2C2346&amp;ssl=1 1320w, https:\/\/i0.wp.com\/www.jazzzeitung.de\/cms\/wp-content\/uploads\/2022\/07\/P90472355_highRes_bmw-young-artist-jaz-scaled.jpg?w=1440&amp;ssl=1 1440w\" sizes=\"auto, (max-width: 169px) 100vw, 169px\" \/><figcaption id=\"caption-attachment-27885\" class=\"wp-caption-text\">Moritz Stahl. Foto: BMW Welt Young Jazz Award<\/figcaption><\/figure>\n<p>Seit seiner Kindheit von der Musik fasziniert, fand <strong>Moritz Stahl<\/strong> fr\u00fch zum Saxofon und geh\u00f6rt mittlerweile der renommierten Jazzrausch Bigband an, ist im innovativen BamesreiterSchwartzOrchestra Erster Tenorsaxophonist und Teil des von ihm mitgegr\u00fcndeten Quintett Ark Noir. 2017 wurde Moritz Stahl mit dem Kurt Maas Jazz Award und dem Bayerischen Kunstf\u00f6rderpreis ausgezeichnet. \u201eMit seinen 30 Jahren geh\u00f6rt der in Augsburg geborene Tenorsaxofonist Moritz Stahl fast schon zu den Etablierten im deutschen Jazz, in jedem Fall ist er bereits ein Fixstern der M\u00fcnchner Szene\u201c, so die Jury.<\/p>\n<p><strong>Preistr\u00e4gerkonzerte<\/strong><strong><br \/>\n<\/strong><br \/>\n<strong>Shuteen Erdenebaatar<\/strong><br \/>\nMittwoch, 26. Oktober 2022, Leipziger Jazztage<br \/>\nDonnerstag, 05. Januar 2023, 20:30 Uhr im Jazzclub Unterfahrt, M\u00fcnchen<\/p>\n<p><strong>Nils Kugelmann<\/strong><br \/>\nMontag, 24. Oktober 2022, Leipziger Jazztage<br \/>\nMittwoch, 28. September, 20:30 Uhr im Jazzclub Unterfahrt, M\u00fcnchen<\/p>\n<p><strong>Moritz Stahl<\/strong><br \/>\nMontag, 24. Oktober 2022, Leipziger Jazztage<br \/>\nFreitag, 09. September 2022, 20:30 Uhr Jazzclub Unterfahrt, M\u00fcnchen<\/p>\n<p>Weitere Informationen und Tickets zu den Konzerten unter <a href=\"https:\/\/www.jazzclub-leipzig.de\/leipziger-jazztage\/\">www.jazzclub-leipzig.de\/leipziger-jazztage<\/a> und <a href=\"https:\/\/www.unterfahrt.de\/\">www.unterfahrt.de\u00a0<\/a><\/p>\n","protected":false},"excerpt":{"rendered":"<p>Als Zeichen der anhaltenden Unterst\u00fctzung der jungen Jazzszene\u00a0 verleiht die BMW Group zusammen mit der Landeshauptstadt M\u00fcnchen den BMW Young Artist Jazz Award in diesem Jahr wiederholt an drei junge Musikerinnen und Musiker aus dem Gro\u00dfraum M\u00fcnchen. Neben einem Preisgeld von je 3.000 Euro, werden die drei Preistr\u00e4ger Shuteen Erdenebaatar, Nils Kugelmann und Moritz Stahl mit Auftritten bei den Leipziger Jazztagen und im M\u00fcnchner Jazzclub Unterfahrt ausgezeichnet. Die klassisch ausgebildete Pianistin und Komponistin Shuteen Erdenebaatar ist 2018 aus der mongolischen Hauptstadt Ulan Bator an die Hochschule f\u00fcr Musik und Theater in M\u00fcnchen gekommen, um dort ihren musikalischen Horizont zu erweitern. Durch ihre exzellente Technik gewann die junge Musikerin 2020 den Kurt Maas Jazz Award und bekam den Zuschlag f\u00fcr eine der begehrten Jazz Summer Weeks in der Unterfahrt. \u201eMit ihrer spannenden und schillernden, die Tradition achtenden, aber daraus das Neue gewinnenden Musik beweist Shuteen Erdenebaatar, dass der Jazz wie keine andere Musik in der Lage ist, verschiedenste Einfl\u00fcsse zu kreativen neuen Kl\u00e4ngen zu amalgieren\u201c, so die Jury des BMW Young Artist Jazz Award mit Oliver Hochkeppel (S\u00fcddeutsche Zeitung), Heike Lies (Leiterin Bereich Musik &amp; Musiktheater &hellip;<\/p>\n","protected":false},"author":18,"featured_media":27888,"comment_status":"open","ping_status":"closed","sticky":false,"template":"","format":"standard","meta":{"_jetpack_memberships_contains_paid_content":false,"footnotes":"","jetpack_publicize_message":"","jetpack_publicize_feature_enabled":true,"jetpack_social_post_already_shared":false,"jetpack_social_options":{"image_generator_settings":{"template":"highway","default_image_id":0,"font":"","enabled":false},"version":2}},"categories":[633],"tags":[4208,4210,4131,4209],"coauthors":[695],"class_list":["post-27882","post","type-post","status-publish","format-standard","has-post-thumbnail","hentry","category-nachrichten","tag-bmw-welt-young-jazz-award","tag-moritz-stahl","tag-nils-kugelmann","tag-shuteen-erdenebaatar"],"yoast_head":"<!-- This site is optimized with the Yoast SEO plugin v27.5 - https:\/\/yoast.com\/product\/yoast-seo-wordpress\/ -->\n<title>+++ BMW Young Artist Jazz Award 2022 geht an\u00a0Shuteen Erdenebaatar, Nils Kugelmann und Moritz Stahl\u00a0+++ - JazzZeitung<\/title>\n<meta name=\"robots\" content=\"index, follow, max-snippet:-1, max-image-preview:large, max-video-preview:-1\" \/>\n<link rel=\"canonical\" href=\"https:\/\/www.jazzzeitung.de\/cms\/2022\/07\/bmw-young-artist-jazz-award-2022-geht-an-shuteen-erdenebaatar-nils-kugelmann-und-moritz-stahl\/\" \/>\n<meta property=\"og:locale\" content=\"de_DE\" \/>\n<meta property=\"og:type\" content=\"article\" \/>\n<meta property=\"og:title\" content=\"+++ BMW Young Artist Jazz Award 2022 geht an\u00a0Shuteen Erdenebaatar, Nils Kugelmann und Moritz Stahl\u00a0+++ - JazzZeitung\" \/>\n<meta property=\"og:description\" content=\"Als Zeichen der anhaltenden Unterst\u00fctzung der jungen Jazzszene\u00a0 verleiht die BMW Group zusammen mit der Landeshauptstadt M\u00fcnchen den BMW Young Artist Jazz Award in diesem Jahr wiederholt an drei junge Musikerinnen und Musiker aus dem Gro\u00dfraum M\u00fcnchen. Neben einem Preisgeld von je 3.000 Euro, werden die drei Preistr\u00e4ger Shuteen Erdenebaatar, Nils Kugelmann und Moritz Stahl mit Auftritten bei den Leipziger Jazztagen und im M\u00fcnchner Jazzclub Unterfahrt ausgezeichnet. Die klassisch ausgebildete Pianistin und Komponistin Shuteen Erdenebaatar ist 2018 aus der mongolischen Hauptstadt Ulan Bator an die Hochschule f\u00fcr Musik und Theater in M\u00fcnchen gekommen, um dort ihren musikalischen Horizont zu erweitern. Durch ihre exzellente Technik gewann die junge Musikerin 2020 den Kurt Maas Jazz Award und bekam den Zuschlag f\u00fcr eine der begehrten Jazz Summer Weeks in der Unterfahrt. \u201eMit ihrer spannenden und schillernden, die Tradition achtenden, aber daraus das Neue gewinnenden Musik beweist Shuteen Erdenebaatar, dass der Jazz wie keine andere Musik in der Lage ist, verschiedenste Einfl\u00fcsse zu kreativen neuen Kl\u00e4ngen zu amalgieren\u201c, so die Jury des BMW Young Artist Jazz Award mit Oliver Hochkeppel (S\u00fcddeutsche Zeitung), Heike Lies (Leiterin Bereich Musik &amp; Musiktheater &hellip;\" \/>\n<meta property=\"og:url\" content=\"https:\/\/www.jazzzeitung.de\/cms\/2022\/07\/bmw-young-artist-jazz-award-2022-geht-an-shuteen-erdenebaatar-nils-kugelmann-und-moritz-stahl\/\" \/>\n<meta property=\"og:site_name\" content=\"JazzZeitung\" \/>\n<meta property=\"article:publisher\" content=\"https:\/\/www.facebook.com\/JazzZeitung\/\" \/>\n<meta property=\"article:published_time\" content=\"2022-07-19T12:27:42+00:00\" \/>\n<meta property=\"og:image\" content=\"https:\/\/i0.wp.com\/www.jazzzeitung.de\/cms\/wp-content\/uploads\/2022\/07\/P90472358_highRes_bmw-young-artist-jaz-scaled.jpg?fit=2560%2C1440&ssl=1\" \/>\n\t<meta property=\"og:image:width\" content=\"2560\" \/>\n\t<meta property=\"og:image:height\" content=\"1440\" \/>\n\t<meta property=\"og:image:type\" content=\"image\/jpeg\" \/>\n<meta name=\"author\" content=\"Redaktion JazzZeitung\" \/>\n<script type=\"application\/ld+json\" class=\"yoast-schema-graph\">{\"@context\":\"https:\\\/\\\/schema.org\",\"@graph\":[{\"@type\":\"Article\",\"@id\":\"https:\\\/\\\/www.jazzzeitung.de\\\/cms\\\/2022\\\/07\\\/bmw-young-artist-jazz-award-2022-geht-an-shuteen-erdenebaatar-nils-kugelmann-und-moritz-stahl\\\/#article\",\"isPartOf\":{\"@id\":\"https:\\\/\\\/www.jazzzeitung.de\\\/cms\\\/2022\\\/07\\\/bmw-young-artist-jazz-award-2022-geht-an-shuteen-erdenebaatar-nils-kugelmann-und-moritz-stahl\\\/\"},\"author\":{\"name\":\"Redaktion JazzZeitung\",\"@id\":\"https:\\\/\\\/www.jazzzeitung.de\\\/cms\\\/#\\\/schema\\\/person\\\/2245b36b9cd1d24cea10f01c031fb92b\"},\"headline\":\"+++ BMW Young Artist Jazz Award 2022 geht an\u00a0Shuteen Erdenebaatar, Nils Kugelmann und Moritz Stahl\u00a0+++\",\"datePublished\":\"2022-07-19T12:27:42+00:00\",\"mainEntityOfPage\":{\"@id\":\"https:\\\/\\\/www.jazzzeitung.de\\\/cms\\\/2022\\\/07\\\/bmw-young-artist-jazz-award-2022-geht-an-shuteen-erdenebaatar-nils-kugelmann-und-moritz-stahl\\\/\"},\"wordCount\":533,\"commentCount\":0,\"publisher\":{\"@id\":\"https:\\\/\\\/www.jazzzeitung.de\\\/cms\\\/#organization\"},\"image\":{\"@id\":\"https:\\\/\\\/www.jazzzeitung.de\\\/cms\\\/2022\\\/07\\\/bmw-young-artist-jazz-award-2022-geht-an-shuteen-erdenebaatar-nils-kugelmann-und-moritz-stahl\\\/#primaryimage\"},\"thumbnailUrl\":\"https:\\\/\\\/i0.wp.com\\\/www.jazzzeitung.de\\\/cms\\\/wp-content\\\/uploads\\\/2022\\\/07\\\/P90472358_highRes_bmw-young-artist-jaz-scaled.jpg?fit=2560%2C1440&ssl=1\",\"keywords\":[\"BMW Welt Young Jazz Award\",\"Moritz Stahl\",\"Nils Kugelmann\",\"Shuteen Erdenebaatar\"],\"articleSection\":[\"News\"],\"inLanguage\":\"de\",\"potentialAction\":[{\"@type\":\"CommentAction\",\"name\":\"Comment\",\"target\":[\"https:\\\/\\\/www.jazzzeitung.de\\\/cms\\\/2022\\\/07\\\/bmw-young-artist-jazz-award-2022-geht-an-shuteen-erdenebaatar-nils-kugelmann-und-moritz-stahl\\\/#respond\"]}]},{\"@type\":\"WebPage\",\"@id\":\"https:\\\/\\\/www.jazzzeitung.de\\\/cms\\\/2022\\\/07\\\/bmw-young-artist-jazz-award-2022-geht-an-shuteen-erdenebaatar-nils-kugelmann-und-moritz-stahl\\\/\",\"url\":\"https:\\\/\\\/www.jazzzeitung.de\\\/cms\\\/2022\\\/07\\\/bmw-young-artist-jazz-award-2022-geht-an-shuteen-erdenebaatar-nils-kugelmann-und-moritz-stahl\\\/\",\"name\":\"+++ BMW Young Artist Jazz Award 2022 geht an\u00a0Shuteen Erdenebaatar, Nils Kugelmann und Moritz Stahl\u00a0+++ - JazzZeitung\",\"isPartOf\":{\"@id\":\"https:\\\/\\\/www.jazzzeitung.de\\\/cms\\\/#website\"},\"primaryImageOfPage\":{\"@id\":\"https:\\\/\\\/www.jazzzeitung.de\\\/cms\\\/2022\\\/07\\\/bmw-young-artist-jazz-award-2022-geht-an-shuteen-erdenebaatar-nils-kugelmann-und-moritz-stahl\\\/#primaryimage\"},\"image\":{\"@id\":\"https:\\\/\\\/www.jazzzeitung.de\\\/cms\\\/2022\\\/07\\\/bmw-young-artist-jazz-award-2022-geht-an-shuteen-erdenebaatar-nils-kugelmann-und-moritz-stahl\\\/#primaryimage\"},\"thumbnailUrl\":\"https:\\\/\\\/i0.wp.com\\\/www.jazzzeitung.de\\\/cms\\\/wp-content\\\/uploads\\\/2022\\\/07\\\/P90472358_highRes_bmw-young-artist-jaz-scaled.jpg?fit=2560%2C1440&ssl=1\",\"datePublished\":\"2022-07-19T12:27:42+00:00\",\"breadcrumb\":{\"@id\":\"https:\\\/\\\/www.jazzzeitung.de\\\/cms\\\/2022\\\/07\\\/bmw-young-artist-jazz-award-2022-geht-an-shuteen-erdenebaatar-nils-kugelmann-und-moritz-stahl\\\/#breadcrumb\"},\"inLanguage\":\"de\",\"potentialAction\":[{\"@type\":\"ReadAction\",\"target\":[\"https:\\\/\\\/www.jazzzeitung.de\\\/cms\\\/2022\\\/07\\\/bmw-young-artist-jazz-award-2022-geht-an-shuteen-erdenebaatar-nils-kugelmann-und-moritz-stahl\\\/\"]}]},{\"@type\":\"ImageObject\",\"inLanguage\":\"de\",\"@id\":\"https:\\\/\\\/www.jazzzeitung.de\\\/cms\\\/2022\\\/07\\\/bmw-young-artist-jazz-award-2022-geht-an-shuteen-erdenebaatar-nils-kugelmann-und-moritz-stahl\\\/#primaryimage\",\"url\":\"https:\\\/\\\/i0.wp.com\\\/www.jazzzeitung.de\\\/cms\\\/wp-content\\\/uploads\\\/2022\\\/07\\\/P90472358_highRes_bmw-young-artist-jaz-scaled.jpg?fit=2560%2C1440&ssl=1\",\"contentUrl\":\"https:\\\/\\\/i0.wp.com\\\/www.jazzzeitung.de\\\/cms\\\/wp-content\\\/uploads\\\/2022\\\/07\\\/P90472358_highRes_bmw-young-artist-jaz-scaled.jpg?fit=2560%2C1440&ssl=1\",\"width\":2560,\"height\":1440},{\"@type\":\"BreadcrumbList\",\"@id\":\"https:\\\/\\\/www.jazzzeitung.de\\\/cms\\\/2022\\\/07\\\/bmw-young-artist-jazz-award-2022-geht-an-shuteen-erdenebaatar-nils-kugelmann-und-moritz-stahl\\\/#breadcrumb\",\"itemListElement\":[{\"@type\":\"ListItem\",\"position\":1,\"name\":\"Startseite\",\"item\":\"https:\\\/\\\/www.jazzzeitung.de\\\/cms\\\/\"},{\"@type\":\"ListItem\",\"position\":2,\"name\":\"+++ BMW Young Artist Jazz Award 2022 geht an\u00a0Shuteen Erdenebaatar, Nils Kugelmann und Moritz Stahl\u00a0+++\"}]},{\"@type\":\"WebSite\",\"@id\":\"https:\\\/\\\/www.jazzzeitung.de\\\/cms\\\/#website\",\"url\":\"https:\\\/\\\/www.jazzzeitung.de\\\/cms\\\/\",\"name\":\"JazzZeitung\",\"description\":\"Jazz-News und Jazz-Kontroverses\",\"publisher\":{\"@id\":\"https:\\\/\\\/www.jazzzeitung.de\\\/cms\\\/#organization\"},\"potentialAction\":[{\"@type\":\"SearchAction\",\"target\":{\"@type\":\"EntryPoint\",\"urlTemplate\":\"https:\\\/\\\/www.jazzzeitung.de\\\/cms\\\/?s={search_term_string}\"},\"query-input\":{\"@type\":\"PropertyValueSpecification\",\"valueRequired\":true,\"valueName\":\"search_term_string\"}}],\"inLanguage\":\"de\"},{\"@type\":\"Organization\",\"@id\":\"https:\\\/\\\/www.jazzzeitung.de\\\/cms\\\/#organization\",\"name\":\"JazzZeitung online\",\"url\":\"https:\\\/\\\/www.jazzzeitung.de\\\/cms\\\/\",\"logo\":{\"@type\":\"ImageObject\",\"inLanguage\":\"de\",\"@id\":\"https:\\\/\\\/www.jazzzeitung.de\\\/cms\\\/#\\\/schema\\\/logo\\\/image\\\/\",\"url\":\"https:\\\/\\\/i0.wp.com\\\/www.jazzzeitung.de\\\/cms\\\/wp-content\\\/uploads\\\/2015\\\/08\\\/JAZZZEITUNGDE_Logo_Neu.png?fit=499%2C200&ssl=1\",\"contentUrl\":\"https:\\\/\\\/i0.wp.com\\\/www.jazzzeitung.de\\\/cms\\\/wp-content\\\/uploads\\\/2015\\\/08\\\/JAZZZEITUNGDE_Logo_Neu.png?fit=499%2C200&ssl=1\",\"width\":499,\"height\":200,\"caption\":\"JazzZeitung online\"},\"image\":{\"@id\":\"https:\\\/\\\/www.jazzzeitung.de\\\/cms\\\/#\\\/schema\\\/logo\\\/image\\\/\"},\"sameAs\":[\"https:\\\/\\\/www.facebook.com\\\/JazzZeitung\\\/\"]},{\"@type\":\"Person\",\"@id\":\"https:\\\/\\\/www.jazzzeitung.de\\\/cms\\\/#\\\/schema\\\/person\\\/2245b36b9cd1d24cea10f01c031fb92b\",\"name\":\"Redaktion JazzZeitung\",\"image\":{\"@type\":\"ImageObject\",\"inLanguage\":\"de\",\"@id\":\"https:\\\/\\\/i0.wp.com\\\/www.jazzzeitung.de\\\/cms\\\/wp-content\\\/uploads\\\/2015\\\/08\\\/JAZZZEITUNGDE_Logo_Neu.png?resize=96%2C96&ssl=159975dcacb611b5700bd619b5daf0a7a\",\"url\":\"https:\\\/\\\/i0.wp.com\\\/www.jazzzeitung.de\\\/cms\\\/wp-content\\\/uploads\\\/2015\\\/08\\\/JAZZZEITUNGDE_Logo_Neu.png?resize=96%2C96&ssl=1\",\"contentUrl\":\"https:\\\/\\\/i0.wp.com\\\/www.jazzzeitung.de\\\/cms\\\/wp-content\\\/uploads\\\/2015\\\/08\\\/JAZZZEITUNGDE_Logo_Neu.png?resize=96%2C96&ssl=1\",\"caption\":\"Redaktion JazzZeitung\"},\"description\":\"Artikel der Redaktion der JazzZeitung.\",\"sameAs\":[\"http:\\\/\\\/www.jazzzeitung.de\\\/cms\\\/\"],\"url\":\"https:\\\/\\\/www.jazzzeitung.de\\\/cms\\\/author\\\/redaktion\\\/\"}]}<\/script>\n<!-- \/ Yoast SEO plugin. -->","yoast_head_json":{"title":"+++ BMW Young Artist Jazz Award 2022 geht an\u00a0Shuteen Erdenebaatar, Nils Kugelmann und Moritz Stahl\u00a0+++ - JazzZeitung","robots":{"index":"index","follow":"follow","max-snippet":"max-snippet:-1","max-image-preview":"max-image-preview:large","max-video-preview":"max-video-preview:-1"},"canonical":"https:\/\/www.jazzzeitung.de\/cms\/2022\/07\/bmw-young-artist-jazz-award-2022-geht-an-shuteen-erdenebaatar-nils-kugelmann-und-moritz-stahl\/","og_locale":"de_DE","og_type":"article","og_title":"+++ BMW Young Artist Jazz Award 2022 geht an\u00a0Shuteen Erdenebaatar, Nils Kugelmann und Moritz Stahl\u00a0+++ - JazzZeitung","og_description":"Als Zeichen der anhaltenden Unterst\u00fctzung der jungen Jazzszene\u00a0 verleiht die BMW Group zusammen mit der Landeshauptstadt M\u00fcnchen den BMW Young Artist Jazz Award in diesem Jahr wiederholt an drei junge Musikerinnen und Musiker aus dem Gro\u00dfraum M\u00fcnchen. Neben einem Preisgeld von je 3.000 Euro, werden die drei Preistr\u00e4ger Shuteen Erdenebaatar, Nils Kugelmann und Moritz Stahl mit Auftritten bei den Leipziger Jazztagen und im M\u00fcnchner Jazzclub Unterfahrt ausgezeichnet. Die klassisch ausgebildete Pianistin und Komponistin Shuteen Erdenebaatar ist 2018 aus der mongolischen Hauptstadt Ulan Bator an die Hochschule f\u00fcr Musik und Theater in M\u00fcnchen gekommen, um dort ihren musikalischen Horizont zu erweitern. Durch ihre exzellente Technik gewann die junge Musikerin 2020 den Kurt Maas Jazz Award und bekam den Zuschlag f\u00fcr eine der begehrten Jazz Summer Weeks in der Unterfahrt. \u201eMit ihrer spannenden und schillernden, die Tradition achtenden, aber daraus das Neue gewinnenden Musik beweist Shuteen Erdenebaatar, dass der Jazz wie keine andere Musik in der Lage ist, verschiedenste Einfl\u00fcsse zu kreativen neuen Kl\u00e4ngen zu amalgieren\u201c, so die Jury des BMW Young Artist Jazz Award mit Oliver Hochkeppel (S\u00fcddeutsche Zeitung), Heike Lies (Leiterin Bereich Musik &amp; Musiktheater &hellip;","og_url":"https:\/\/www.jazzzeitung.de\/cms\/2022\/07\/bmw-young-artist-jazz-award-2022-geht-an-shuteen-erdenebaatar-nils-kugelmann-und-moritz-stahl\/","og_site_name":"JazzZeitung","article_publisher":"https:\/\/www.facebook.com\/JazzZeitung\/","article_published_time":"2022-07-19T12:27:42+00:00","og_image":[{"width":2560,"height":1440,"url":"https:\/\/i0.wp.com\/www.jazzzeitung.de\/cms\/wp-content\/uploads\/2022\/07\/P90472358_highRes_bmw-young-artist-jaz-scaled.jpg?fit=2560%2C1440&ssl=1","type":"image\/jpeg"}],"author":"Redaktion JazzZeitung","schema":{"@context":"https:\/\/schema.org","@graph":[{"@type":"Article","@id":"https:\/\/www.jazzzeitung.de\/cms\/2022\/07\/bmw-young-artist-jazz-award-2022-geht-an-shuteen-erdenebaatar-nils-kugelmann-und-moritz-stahl\/#article","isPartOf":{"@id":"https:\/\/www.jazzzeitung.de\/cms\/2022\/07\/bmw-young-artist-jazz-award-2022-geht-an-shuteen-erdenebaatar-nils-kugelmann-und-moritz-stahl\/"},"author":{"name":"Redaktion JazzZeitung","@id":"https:\/\/www.jazzzeitung.de\/cms\/#\/schema\/person\/2245b36b9cd1d24cea10f01c031fb92b"},"headline":"+++ BMW Young Artist Jazz Award 2022 geht an\u00a0Shuteen Erdenebaatar, Nils Kugelmann und Moritz Stahl\u00a0+++","datePublished":"2022-07-19T12:27:42+00:00","mainEntityOfPage":{"@id":"https:\/\/www.jazzzeitung.de\/cms\/2022\/07\/bmw-young-artist-jazz-award-2022-geht-an-shuteen-erdenebaatar-nils-kugelmann-und-moritz-stahl\/"},"wordCount":533,"commentCount":0,"publisher":{"@id":"https:\/\/www.jazzzeitung.de\/cms\/#organization"},"image":{"@id":"https:\/\/www.jazzzeitung.de\/cms\/2022\/07\/bmw-young-artist-jazz-award-2022-geht-an-shuteen-erdenebaatar-nils-kugelmann-und-moritz-stahl\/#primaryimage"},"thumbnailUrl":"https:\/\/i0.wp.com\/www.jazzzeitung.de\/cms\/wp-content\/uploads\/2022\/07\/P90472358_highRes_bmw-young-artist-jaz-scaled.jpg?fit=2560%2C1440&ssl=1","keywords":["BMW Welt Young Jazz Award","Moritz Stahl","Nils Kugelmann","Shuteen Erdenebaatar"],"articleSection":["News"],"inLanguage":"de","potentialAction":[{"@type":"CommentAction","name":"Comment","target":["https:\/\/www.jazzzeitung.de\/cms\/2022\/07\/bmw-young-artist-jazz-award-2022-geht-an-shuteen-erdenebaatar-nils-kugelmann-und-moritz-stahl\/#respond"]}]},{"@type":"WebPage","@id":"https:\/\/www.jazzzeitung.de\/cms\/2022\/07\/bmw-young-artist-jazz-award-2022-geht-an-shuteen-erdenebaatar-nils-kugelmann-und-moritz-stahl\/","url":"https:\/\/www.jazzzeitung.de\/cms\/2022\/07\/bmw-young-artist-jazz-award-2022-geht-an-shuteen-erdenebaatar-nils-kugelmann-und-moritz-stahl\/","name":"+++ BMW Young Artist Jazz Award 2022 geht an\u00a0Shuteen Erdenebaatar, Nils Kugelmann und Moritz Stahl\u00a0+++ - JazzZeitung","isPartOf":{"@id":"https:\/\/www.jazzzeitung.de\/cms\/#website"},"primaryImageOfPage":{"@id":"https:\/\/www.jazzzeitung.de\/cms\/2022\/07\/bmw-young-artist-jazz-award-2022-geht-an-shuteen-erdenebaatar-nils-kugelmann-und-moritz-stahl\/#primaryimage"},"image":{"@id":"https:\/\/www.jazzzeitung.de\/cms\/2022\/07\/bmw-young-artist-jazz-award-2022-geht-an-shuteen-erdenebaatar-nils-kugelmann-und-moritz-stahl\/#primaryimage"},"thumbnailUrl":"https:\/\/i0.wp.com\/www.jazzzeitung.de\/cms\/wp-content\/uploads\/2022\/07\/P90472358_highRes_bmw-young-artist-jaz-scaled.jpg?fit=2560%2C1440&ssl=1","datePublished":"2022-07-19T12:27:42+00:00","breadcrumb":{"@id":"https:\/\/www.jazzzeitung.de\/cms\/2022\/07\/bmw-young-artist-jazz-award-2022-geht-an-shuteen-erdenebaatar-nils-kugelmann-und-moritz-stahl\/#breadcrumb"},"inLanguage":"de","potentialAction":[{"@type":"ReadAction","target":["https:\/\/www.jazzzeitung.de\/cms\/2022\/07\/bmw-young-artist-jazz-award-2022-geht-an-shuteen-erdenebaatar-nils-kugelmann-und-moritz-stahl\/"]}]},{"@type":"ImageObject","inLanguage":"de","@id":"https:\/\/www.jazzzeitung.de\/cms\/2022\/07\/bmw-young-artist-jazz-award-2022-geht-an-shuteen-erdenebaatar-nils-kugelmann-und-moritz-stahl\/#primaryimage","url":"https:\/\/i0.wp.com\/www.jazzzeitung.de\/cms\/wp-content\/uploads\/2022\/07\/P90472358_highRes_bmw-young-artist-jaz-scaled.jpg?fit=2560%2C1440&ssl=1","contentUrl":"https:\/\/i0.wp.com\/www.jazzzeitung.de\/cms\/wp-content\/uploads\/2022\/07\/P90472358_highRes_bmw-young-artist-jaz-scaled.jpg?fit=2560%2C1440&ssl=1","width":2560,"height":1440},{"@type":"BreadcrumbList","@id":"https:\/\/www.jazzzeitung.de\/cms\/2022\/07\/bmw-young-artist-jazz-award-2022-geht-an-shuteen-erdenebaatar-nils-kugelmann-und-moritz-stahl\/#breadcrumb","itemListElement":[{"@type":"ListItem","position":1,"name":"Startseite","item":"https:\/\/www.jazzzeitung.de\/cms\/"},{"@type":"ListItem","position":2,"name":"+++ BMW Young Artist Jazz Award 2022 geht an\u00a0Shuteen Erdenebaatar, Nils Kugelmann und Moritz Stahl\u00a0+++"}]},{"@type":"WebSite","@id":"https:\/\/www.jazzzeitung.de\/cms\/#website","url":"https:\/\/www.jazzzeitung.de\/cms\/","name":"JazzZeitung","description":"Jazz-News und Jazz-Kontroverses","publisher":{"@id":"https:\/\/www.jazzzeitung.de\/cms\/#organization"},"potentialAction":[{"@type":"SearchAction","target":{"@type":"EntryPoint","urlTemplate":"https:\/\/www.jazzzeitung.de\/cms\/?s={search_term_string}"},"query-input":{"@type":"PropertyValueSpecification","valueRequired":true,"valueName":"search_term_string"}}],"inLanguage":"de"},{"@type":"Organization","@id":"https:\/\/www.jazzzeitung.de\/cms\/#organization","name":"JazzZeitung online","url":"https:\/\/www.jazzzeitung.de\/cms\/","logo":{"@type":"ImageObject","inLanguage":"de","@id":"https:\/\/www.jazzzeitung.de\/cms\/#\/schema\/logo\/image\/","url":"https:\/\/i0.wp.com\/www.jazzzeitung.de\/cms\/wp-content\/uploads\/2015\/08\/JAZZZEITUNGDE_Logo_Neu.png?fit=499%2C200&ssl=1","contentUrl":"https:\/\/i0.wp.com\/www.jazzzeitung.de\/cms\/wp-content\/uploads\/2015\/08\/JAZZZEITUNGDE_Logo_Neu.png?fit=499%2C200&ssl=1","width":499,"height":200,"caption":"JazzZeitung online"},"image":{"@id":"https:\/\/www.jazzzeitung.de\/cms\/#\/schema\/logo\/image\/"},"sameAs":["https:\/\/www.facebook.com\/JazzZeitung\/"]},{"@type":"Person","@id":"https:\/\/www.jazzzeitung.de\/cms\/#\/schema\/person\/2245b36b9cd1d24cea10f01c031fb92b","name":"Redaktion JazzZeitung","image":{"@type":"ImageObject","inLanguage":"de","@id":"https:\/\/i0.wp.com\/www.jazzzeitung.de\/cms\/wp-content\/uploads\/2015\/08\/JAZZZEITUNGDE_Logo_Neu.png?resize=96%2C96&ssl=159975dcacb611b5700bd619b5daf0a7a","url":"https:\/\/i0.wp.com\/www.jazzzeitung.de\/cms\/wp-content\/uploads\/2015\/08\/JAZZZEITUNGDE_Logo_Neu.png?resize=96%2C96&ssl=1","contentUrl":"https:\/\/i0.wp.com\/www.jazzzeitung.de\/cms\/wp-content\/uploads\/2015\/08\/JAZZZEITUNGDE_Logo_Neu.png?resize=96%2C96&ssl=1","caption":"Redaktion JazzZeitung"},"description":"Artikel der Redaktion der JazzZeitung.","sameAs":["http:\/\/www.jazzzeitung.de\/cms\/"],"url":"https:\/\/www.jazzzeitung.de\/cms\/author\/redaktion\/"}]}},"wp-worthy-pixel":{"ignored":false,"public":null,"server":null,"url":null},"wp-worthy-type":"normal","jetpack_publicize_connections":[],"cc_featured_image_caption":{"caption_text":"","source_text":"","source_url":""},"jetpack_featured_media_url":"https:\/\/i0.wp.com\/www.jazzzeitung.de\/cms\/wp-content\/uploads\/2022\/07\/P90472358_highRes_bmw-young-artist-jaz-scaled.jpg?fit=2560%2C1440&ssl=1","jetpack_shortlink":"https:\/\/wp.me\/p3KEcT-7fI","jetpack-related-posts":[{"id":28841,"url":"https:\/\/www.jazzzeitung.de\/cms\/2023\/01\/shuteen-erdenebaatar-kommt-mit-grosser-besetzung-und-streichquartett-zum-bmw-young-jazz-award-preistraegerkonzert\/","url_meta":{"origin":27882,"position":0},"title":"Shuteen Erdenebaatar kommt mit gro\u00dfer Besetzung und Streichquartett zum BMW Young Jazz Award-Preistr\u00e4gerkonzert","author":"Redaktion JazzZeitung","date":"11. Januar 2023","format":false,"excerpt":"Erst 2018 ist die Pianistin und Komponistin Shuteen Erdenebaatar von Ulaanbaatar\/Mongolei nach M\u00fcnchen an der Isar gezogen und schon f\u00fcnf Jahre sp\u00e4ter kann sie Einiges vorweisen: ein ph\u00e4nomenales eigenes Quartett, ein Duo, und ein 18-k\u00f6pfiges Orchester mit inkludiertem Streichquartett, zwei abgeschlossene M\u00fcnchner Masterstudieng\u00e4nge (Jazzklavier & Jazzkomposition) und ein weiterbildendes Zertifikatsstudium\u2026","rel":"","context":"In &quot;Galerie&quot;","block_context":{"text":"Galerie","link":"https:\/\/www.jazzzeitung.de\/cms\/thema\/galerie\/"},"img":{"alt_text":"","src":"https:\/\/i0.wp.com\/www.jazzzeitung.de\/cms\/wp-content\/uploads\/2023\/01\/P2303150-Erdenebaatar-Chamber-Orch-Foto-TJ-Krebs-e1673276558104.jpg?fit=1074%2C666&ssl=1&resize=350%2C200","width":350,"height":200,"srcset":"https:\/\/i0.wp.com\/www.jazzzeitung.de\/cms\/wp-content\/uploads\/2023\/01\/P2303150-Erdenebaatar-Chamber-Orch-Foto-TJ-Krebs-e1673276558104.jpg?fit=1074%2C666&ssl=1&resize=350%2C200 1x, https:\/\/i0.wp.com\/www.jazzzeitung.de\/cms\/wp-content\/uploads\/2023\/01\/P2303150-Erdenebaatar-Chamber-Orch-Foto-TJ-Krebs-e1673276558104.jpg?fit=1074%2C666&ssl=1&resize=525%2C300 1.5x, https:\/\/i0.wp.com\/www.jazzzeitung.de\/cms\/wp-content\/uploads\/2023\/01\/P2303150-Erdenebaatar-Chamber-Orch-Foto-TJ-Krebs-e1673276558104.jpg?fit=1074%2C666&ssl=1&resize=700%2C400 2x, https:\/\/i0.wp.com\/www.jazzzeitung.de\/cms\/wp-content\/uploads\/2023\/01\/P2303150-Erdenebaatar-Chamber-Orch-Foto-TJ-Krebs-e1673276558104.jpg?fit=1074%2C666&ssl=1&resize=1050%2C600 3x"},"classes":[]},{"id":29253,"url":"https:\/\/www.jazzzeitung.de\/cms\/2023\/03\/das-shuteen-erdenebaatar-quartett-live-in-puchheim\/","url_meta":{"origin":27882,"position":1},"title":"Das Shuteen Erdenebaatar Quartett live in Puchheim","author":"Thomas J. Krebs","date":"28. M\u00e4rz 2023","format":false,"excerpt":"Vor den Toren M\u00fcnchens, im Puchheimer Kulturcentrum PUC, gastierte die Komponistin und Pianistin Shuteen Erdenebaatar mit ihrem Quartett und stellte ihr aktuelles Programm vor. Mit von der Partie waren Nils Kugelmann am Bass, der Schlagzeuger Valentin Renner und Saxophonist Anton Mangold.\u00a0 Shuteen Erdenebaatar, wurde 1998 in der mongolischen Hauptstadt Ulaanbaatar\u2026","rel":"","context":"In &quot;Bericht&quot;","block_context":{"text":"Bericht","link":"https:\/\/www.jazzzeitung.de\/cms\/thema\/bericht\/"},"img":{"alt_text":"Shuteen Erdenabaatar Quartett in Puchheim . Pianistin Shuteen Erdenebaatar, Saxophonist Anton Mangold, Bassist Nils Kugelmann und Schalgzeuger","src":"https:\/\/i0.wp.com\/www.jazzzeitung.de\/cms\/wp-content\/uploads\/2023\/03\/P2369291-Erdenabaatar-Quartett-Foto-TJ-Krebs.jpg?fit=1200%2C823&ssl=1&resize=350%2C200","width":350,"height":200,"srcset":"https:\/\/i0.wp.com\/www.jazzzeitung.de\/cms\/wp-content\/uploads\/2023\/03\/P2369291-Erdenabaatar-Quartett-Foto-TJ-Krebs.jpg?fit=1200%2C823&ssl=1&resize=350%2C200 1x, https:\/\/i0.wp.com\/www.jazzzeitung.de\/cms\/wp-content\/uploads\/2023\/03\/P2369291-Erdenabaatar-Quartett-Foto-TJ-Krebs.jpg?fit=1200%2C823&ssl=1&resize=525%2C300 1.5x, https:\/\/i0.wp.com\/www.jazzzeitung.de\/cms\/wp-content\/uploads\/2023\/03\/P2369291-Erdenabaatar-Quartett-Foto-TJ-Krebs.jpg?fit=1200%2C823&ssl=1&resize=700%2C400 2x, https:\/\/i0.wp.com\/www.jazzzeitung.de\/cms\/wp-content\/uploads\/2023\/03\/P2369291-Erdenabaatar-Quartett-Foto-TJ-Krebs.jpg?fit=1200%2C823&ssl=1&resize=1050%2C600 3x"},"classes":[]},{"id":33093,"url":"https:\/\/www.jazzzeitung.de\/cms\/2025\/09\/under-the-same-stars-das-duo-erdenebaatar-kugelmann\/","url_meta":{"origin":27882,"position":2},"title":"\u201eUnder The Same Stars\u201c &#8211; das Duo Erdenebaatar &#038; Kugelmann","author":"Thomas J. Krebs","date":"16. September 2025","format":false,"excerpt":"Kaum zu glauben, dass die Ver\u00f6ffentlichung von Shuteen Erdenebaatars Quartett Debut auf dem Label Motema fast auf den Tag genau 2 Jahre her ist. Nun erscheint dort mit \u201eUnder The Same Stars\u201c ihr zweites Album, diesmal im Duo mit Nils Kugelmann. Erdenebaatars musikalischer Weg ist bisher einzigartig. Nach Beginn ihres\u2026","rel":"","context":"In &quot;Rezension&quot;","block_context":{"text":"Rezension","link":"https:\/\/www.jazzzeitung.de\/cms\/thema\/rezension\/"},"img":{"alt_text":"","src":"https:\/\/i0.wp.com\/www.jazzzeitung.de\/cms\/wp-content\/uploads\/2025\/09\/P1801620-Erdenebaatar-Kugelmann-Foto-TJ-Krebs.jpg?fit=1200%2C799&ssl=1&resize=350%2C200","width":350,"height":200,"srcset":"https:\/\/i0.wp.com\/www.jazzzeitung.de\/cms\/wp-content\/uploads\/2025\/09\/P1801620-Erdenebaatar-Kugelmann-Foto-TJ-Krebs.jpg?fit=1200%2C799&ssl=1&resize=350%2C200 1x, https:\/\/i0.wp.com\/www.jazzzeitung.de\/cms\/wp-content\/uploads\/2025\/09\/P1801620-Erdenebaatar-Kugelmann-Foto-TJ-Krebs.jpg?fit=1200%2C799&ssl=1&resize=525%2C300 1.5x, https:\/\/i0.wp.com\/www.jazzzeitung.de\/cms\/wp-content\/uploads\/2025\/09\/P1801620-Erdenebaatar-Kugelmann-Foto-TJ-Krebs.jpg?fit=1200%2C799&ssl=1&resize=700%2C400 2x, https:\/\/i0.wp.com\/www.jazzzeitung.de\/cms\/wp-content\/uploads\/2025\/09\/P1801620-Erdenebaatar-Kugelmann-Foto-TJ-Krebs.jpg?fit=1200%2C799&ssl=1&resize=1050%2C600 3x"},"classes":[]},{"id":30032,"url":"https:\/\/www.jazzzeitung.de\/cms\/2023\/09\/rising-sun-zur-neuen-cd-von-shuteen-erdenebaatar\/","url_meta":{"origin":27882,"position":3},"title":"\u201eRising Sun\u201c &#8211; Shuteen Erdenebaatar mit beeindruckendem Debutalbum","author":"Thomas J. Krebs","date":"15. September 2023","format":false,"excerpt":"Seit gut f\u00fcnf Jahren lebt die aus der Mongolei stammende Pianistin Shuteen Erdenebaatar in M\u00fcnchen und ist in der lokalen wie auch der \u00fcberregionalen Jazzszene fest verwurzelt. Nun legt sie mit \u201eRising Sun\u201c beim renommierten New Yorker Label Mot\u00e9ma Music ihr Debut vor. Ein in vielerlei Hinsicht faszinierendes Album. Unabh\u00e4ngig\u2026","rel":"","context":"In &quot;Rezension&quot;","block_context":{"text":"Rezension","link":"https:\/\/www.jazzzeitung.de\/cms\/thema\/rezension\/"},"img":{"alt_text":"","src":"https:\/\/i0.wp.com\/www.jazzzeitung.de\/cms\/wp-content\/uploads\/2023\/09\/P2369405-Erdenabaatar-Quartett-Foto-TJ-Krebs.jpg?fit=1200%2C800&ssl=1&resize=350%2C200","width":350,"height":200,"srcset":"https:\/\/i0.wp.com\/www.jazzzeitung.de\/cms\/wp-content\/uploads\/2023\/09\/P2369405-Erdenabaatar-Quartett-Foto-TJ-Krebs.jpg?fit=1200%2C800&ssl=1&resize=350%2C200 1x, https:\/\/i0.wp.com\/www.jazzzeitung.de\/cms\/wp-content\/uploads\/2023\/09\/P2369405-Erdenabaatar-Quartett-Foto-TJ-Krebs.jpg?fit=1200%2C800&ssl=1&resize=525%2C300 1.5x, https:\/\/i0.wp.com\/www.jazzzeitung.de\/cms\/wp-content\/uploads\/2023\/09\/P2369405-Erdenabaatar-Quartett-Foto-TJ-Krebs.jpg?fit=1200%2C800&ssl=1&resize=700%2C400 2x, https:\/\/i0.wp.com\/www.jazzzeitung.de\/cms\/wp-content\/uploads\/2023\/09\/P2369405-Erdenabaatar-Quartett-Foto-TJ-Krebs.jpg?fit=1200%2C800&ssl=1&resize=1050%2C600 3x"},"classes":[]},{"id":29670,"url":"https:\/\/www.jazzzeitung.de\/cms\/2023\/06\/cd-rezension-nils-kugelmann-trio-stormy-beauty\/","url_meta":{"origin":27882,"position":4},"title":"CD-Rezension: Nils Kugelmann Trio \u2013 \u201eStormy Beauty\u201c","author":"Thomas J. Krebs","date":"30. Juni 2023","format":false,"excerpt":"Im S\u00fcden der Republik ist der Bassist Nils Kugelmann l\u00e4ngst kein Unbekannter mehr. Das wird sich mit seiner Trio Debut-CD \u201eStormy Beauty\u201c, erschienen auf dem M\u00fcnchner ACT Label, jetzt auch bundesweit \u00e4ndern. Kurz vorweg genommen: Was Kugelmann mit seinem Trio anstellt, sprengt die musikalischen Grenzen. Sein Bassspiel ist absolut getrieben,\u2026","rel":"","context":"In &quot;Rezension&quot;","block_context":{"text":"Rezension","link":"https:\/\/www.jazzzeitung.de\/cms\/thema\/rezension\/"},"img":{"alt_text":"","src":"https:\/\/i0.wp.com\/www.jazzzeitung.de\/cms\/wp-content\/uploads\/2023\/06\/P2468488-sw-Kugelmann-Trio-Foto-TJ-Krebs.jpg?fit=1200%2C800&ssl=1&resize=350%2C200","width":350,"height":200,"srcset":"https:\/\/i0.wp.com\/www.jazzzeitung.de\/cms\/wp-content\/uploads\/2023\/06\/P2468488-sw-Kugelmann-Trio-Foto-TJ-Krebs.jpg?fit=1200%2C800&ssl=1&resize=350%2C200 1x, https:\/\/i0.wp.com\/www.jazzzeitung.de\/cms\/wp-content\/uploads\/2023\/06\/P2468488-sw-Kugelmann-Trio-Foto-TJ-Krebs.jpg?fit=1200%2C800&ssl=1&resize=525%2C300 1.5x, https:\/\/i0.wp.com\/www.jazzzeitung.de\/cms\/wp-content\/uploads\/2023\/06\/P2468488-sw-Kugelmann-Trio-Foto-TJ-Krebs.jpg?fit=1200%2C800&ssl=1&resize=700%2C400 2x, https:\/\/i0.wp.com\/www.jazzzeitung.de\/cms\/wp-content\/uploads\/2023\/06\/P2468488-sw-Kugelmann-Trio-Foto-TJ-Krebs.jpg?fit=1200%2C800&ssl=1&resize=1050%2C600 3x"},"classes":[]},{"id":30642,"url":"https:\/\/www.jazzzeitung.de\/cms\/2024\/02\/auf-dem-pfad-der-bluestugend\/","url_meta":{"origin":27882,"position":5},"title":"Auf dem Pfad der Bluestugend &#8211; Shuteen Erdenebaatar in Regensburg","author":"Redaktion JazzZeitung","date":"23. Februar 2024","format":false,"excerpt":"Shooting Star Shuteen Erdenebaatar pr\u00e4sentierte beim Jazzclub im Leeren Beutel ihr Deb\u00fctalbum mit ihrem Quartett Regensburg: Angekommen in Deutschland, habe sie sich anf\u00e4nglich sehr fremd und unwohl gef\u00fchlt, erz\u00e4hlt Shuteen Erdenebaatar \u00fcber ihre Ankunft 2018 in M\u00fcnchen. Die DAAD-Stipendiatin kannte weder die Sprache noch das hiesige Essen, hatte keine Anbindung\u2026","rel":"","context":"In &quot;Bericht&quot;","block_context":{"text":"Bericht","link":"https:\/\/www.jazzzeitung.de\/cms\/thema\/bericht\/"},"img":{"alt_text":"","src":"https:\/\/i0.wp.com\/www.jazzzeitung.de\/cms\/wp-content\/uploads\/2024\/02\/erdenebaatar-trio_66.jpg?fit=1200%2C800&ssl=1&resize=350%2C200","width":350,"height":200,"srcset":"https:\/\/i0.wp.com\/www.jazzzeitung.de\/cms\/wp-content\/uploads\/2024\/02\/erdenebaatar-trio_66.jpg?fit=1200%2C800&ssl=1&resize=350%2C200 1x, https:\/\/i0.wp.com\/www.jazzzeitung.de\/cms\/wp-content\/uploads\/2024\/02\/erdenebaatar-trio_66.jpg?fit=1200%2C800&ssl=1&resize=525%2C300 1.5x, https:\/\/i0.wp.com\/www.jazzzeitung.de\/cms\/wp-content\/uploads\/2024\/02\/erdenebaatar-trio_66.jpg?fit=1200%2C800&ssl=1&resize=700%2C400 2x, https:\/\/i0.wp.com\/www.jazzzeitung.de\/cms\/wp-content\/uploads\/2024\/02\/erdenebaatar-trio_66.jpg?fit=1200%2C800&ssl=1&resize=1050%2C600 3x"},"classes":[]}],"jetpack_sharing_enabled":true,"_links":{"self":[{"href":"https:\/\/www.jazzzeitung.de\/cms\/wp-json\/wp\/v2\/posts\/27882","targetHints":{"allow":["GET"]}}],"collection":[{"href":"https:\/\/www.jazzzeitung.de\/cms\/wp-json\/wp\/v2\/posts"}],"about":[{"href":"https:\/\/www.jazzzeitung.de\/cms\/wp-json\/wp\/v2\/types\/post"}],"author":[{"embeddable":true,"href":"https:\/\/www.jazzzeitung.de\/cms\/wp-json\/wp\/v2\/users\/18"}],"replies":[{"embeddable":true,"href":"https:\/\/www.jazzzeitung.de\/cms\/wp-json\/wp\/v2\/comments?post=27882"}],"version-history":[{"count":7,"href":"https:\/\/www.jazzzeitung.de\/cms\/wp-json\/wp\/v2\/posts\/27882\/revisions"}],"predecessor-version":[{"id":27894,"href":"https:\/\/www.jazzzeitung.de\/cms\/wp-json\/wp\/v2\/posts\/27882\/revisions\/27894"}],"wp:featuredmedia":[{"embeddable":true,"href":"https:\/\/www.jazzzeitung.de\/cms\/wp-json\/wp\/v2\/media\/27888"}],"wp:attachment":[{"href":"https:\/\/www.jazzzeitung.de\/cms\/wp-json\/wp\/v2\/media?parent=27882"}],"wp:term":[{"taxonomy":"category","embeddable":true,"href":"https:\/\/www.jazzzeitung.de\/cms\/wp-json\/wp\/v2\/categories?post=27882"},{"taxonomy":"post_tag","embeddable":true,"href":"https:\/\/www.jazzzeitung.de\/cms\/wp-json\/wp\/v2\/tags?post=27882"},{"taxonomy":"author","embeddable":true,"href":"https:\/\/www.jazzzeitung.de\/cms\/wp-json\/wp\/v2\/coauthors?post=27882"}],"curies":[{"name":"wp","href":"https:\/\/api.w.org\/{rel}","templated":true}]}}