{"id":27774,"date":"2022-07-11T12:10:52","date_gmt":"2022-07-11T10:10:52","guid":{"rendered":"https:\/\/www.jazzzeitung.de\/cms\/?p=27774"},"modified":"2022-07-11T12:01:26","modified_gmt":"2022-07-11T10:01:26","slug":"pionierin-in-der-maennerdominierten-jazzszene-barbara-thompson-mit-77-gestorben","status":"publish","type":"post","link":"https:\/\/www.jazzzeitung.de\/cms\/2022\/07\/pionierin-in-der-maennerdominierten-jazzszene-barbara-thompson-mit-77-gestorben\/","title":{"rendered":"Pionierin in der m\u00e4nnerdominierten Jazzszene: Barbara Thompson mit 77 gestorben"},"content":{"rendered":"<p id=\"asset-barbara-thompson-100\" class=\"asset figure-center asset-image\" aria-label=\"media\" data-aspectratio=\"16x9\">Die englische Musikerin und Komponistin Barbara Thompson ist tot. Nach Angaben ihrer Tochter Ana Gracey starb sie am 9. Juli im Alter von 77 Jahren. In Deutschland war Thompson vor allem als Mitglied des United Jazz &amp; Rock Ensemble bekannt, das sie mit ihrem verstorbenen Ehemann, dem Schlagzeuger Jon Hiseman, mitgegr\u00fcndet hatte. Mit ihrer eigenen Formation Paraphernalia war sie regelm\u00e4\u00dfig auf Tournee und galt als Pionierin in der m\u00e4nnerdominierten Jazzszene.<\/p>\n<p style=\"text-align: left;\">Thompson wurde am 27. Juli 1944 in Oxford geboren und studierte am Londoner \u201eRoyal College Of Music&#8220; Klarinette, Klavier, Fl\u00f6te und Komposition. W\u00e4hrend ihres Studiums entdeckte sie dank John Coltrane und Duke Ellington die Liebe zum Jazz und beschloss, privat zus\u00e4tzlich Saxophon-Unterricht zu nehmen. Sich selbst bezeichnete sie gern als eine \u201eJazz-Rock-Musikerin mit klassischer Ausbildung.&#8220;<\/p>\n<p style=\"text-align: left;\">Sie wirkte beim United Jazz + Rock Ensemble mit. Mit einem Konzert im Stuttgarter Theaterhaus hatte sich Anfnag 2002 das United Jazz &amp; Rock Ensemble nach 28-j\u00e4hriger Band-Geschichte von der B\u00fchne verabschiedet. Hauptursache f\u00fcr den R\u00fcckzug sei die Parkinson-Erkrankung der 56-j\u00e4hrigen Saxophonistin Barbara Thompson, sagte Band-Initiator und Theaterhaus-Intendant Werner Schretzmeier.<br \/>\nZum Kern des meist zehnk\u00f6pfigen Ensembles z\u00e4hlten international renommierte Jazzmusiker wie der Posaunist Albert Mangelsdorff, die Trompeter Ian Carr und Kenny Wheeler, Saxophonist Charlie Mariano und Pianist Wolfgang Dauner. Sie haben der Gruppe auch den Beinamen &#8222;Band der Bandleader&#8220; eingebracht. Die Musik des United Jazz &amp; Rock Ensemble war an der europ\u00e4ischen Jazz-Tradition, an Fusion und Jazz-Rock orientiert. Zehn Schallplatten und CDs hat das Ensemble insgesamt eingespielt.<\/p>\n<p>Foto: Hans Kumpf<\/p>\n","protected":false},"excerpt":{"rendered":"<p>Die englische Musikerin und Komponistin Barbara Thompson ist tot. Nach Angaben ihrer Tochter Ana Gracey starb sie am 9. Juli im Alter von 77 Jahren. In Deutschland war Thompson vor allem als Mitglied des United Jazz &amp; Rock Ensemble bekannt, das sie mit ihrem verstorbenen Ehemann, dem Schlagzeuger Jon Hiseman, mitgegr\u00fcndet hatte. Mit ihrer eigenen Formation Paraphernalia war sie regelm\u00e4\u00dfig auf Tournee und galt als Pionierin in der m\u00e4nnerdominierten Jazzszene. Thompson wurde am 27. Juli 1944 in Oxford geboren und studierte am Londoner \u201eRoyal College Of Music&#8220; Klarinette, Klavier, Fl\u00f6te und Komposition. W\u00e4hrend ihres Studiums entdeckte sie dank John Coltrane und Duke Ellington die Liebe zum Jazz und beschloss, privat zus\u00e4tzlich Saxophon-Unterricht zu nehmen. Sich selbst bezeichnete sie gern als eine \u201eJazz-Rock-Musikerin mit klassischer Ausbildung.&#8220; Sie wirkte beim United Jazz + Rock Ensemble mit. Mit einem Konzert im Stuttgarter Theaterhaus hatte sich Anfnag 2002 das United Jazz &amp; Rock Ensemble nach 28-j\u00e4hriger Band-Geschichte von der B\u00fchne verabschiedet. Hauptursache f\u00fcr den R\u00fcckzug sei die Parkinson-Erkrankung der 56-j\u00e4hrigen Saxophonistin Barbara Thompson, sagte Band-Initiator und Theaterhaus-Intendant Werner Schretzmeier. Zum Kern des meist zehnk\u00f6pfigen Ensembles z\u00e4hlten international renommierte Jazzmusiker &hellip;<\/p>\n","protected":false},"author":18,"featured_media":27768,"comment_status":"open","ping_status":"closed","sticky":false,"template":"","format":"standard","meta":{"_jetpack_memberships_contains_paid_content":false,"footnotes":"","jetpack_publicize_message":"","jetpack_publicize_feature_enabled":true,"jetpack_social_post_already_shared":false,"jetpack_social_options":{"image_generator_settings":{"template":"highway","default_image_id":0,"font":"","enabled":false},"version":2}},"categories":[633],"tags":[4193,4194,4195,4196,4197],"coauthors":[695],"class_list":["post-27774","post","type-post","status-publish","format-standard","has-post-thumbnail","hentry","category-nachrichten","tag-barbara-thomspon","tag-john-hiseman","tag-united-jazz-rock-ensemble","tag-werner-schretzmeier","tag-wolfgnag-dauner"],"yoast_head":"<!-- This site is optimized with the Yoast SEO plugin v27.5 - https:\/\/yoast.com\/product\/yoast-seo-wordpress\/ -->\n<title>Pionierin in der m\u00e4nnerdominierten Jazzszene: Barbara Thompson mit 77 gestorben - JazzZeitung<\/title>\n<meta name=\"robots\" content=\"index, follow, max-snippet:-1, max-image-preview:large, max-video-preview:-1\" \/>\n<link rel=\"canonical\" href=\"https:\/\/www.jazzzeitung.de\/cms\/2022\/07\/pionierin-in-der-maennerdominierten-jazzszene-barbara-thompson-mit-77-gestorben\/\" \/>\n<meta property=\"og:locale\" content=\"de_DE\" \/>\n<meta property=\"og:type\" content=\"article\" \/>\n<meta property=\"og:title\" content=\"Pionierin in der m\u00e4nnerdominierten Jazzszene: Barbara Thompson mit 77 gestorben - JazzZeitung\" \/>\n<meta property=\"og:description\" content=\"Die englische Musikerin und Komponistin Barbara Thompson ist tot. Nach Angaben ihrer Tochter Ana Gracey starb sie am 9. Juli im Alter von 77 Jahren. In Deutschland war Thompson vor allem als Mitglied des United Jazz &amp; Rock Ensemble bekannt, das sie mit ihrem verstorbenen Ehemann, dem Schlagzeuger Jon Hiseman, mitgegr\u00fcndet hatte. Mit ihrer eigenen Formation Paraphernalia war sie regelm\u00e4\u00dfig auf Tournee und galt als Pionierin in der m\u00e4nnerdominierten Jazzszene. Thompson wurde am 27. Juli 1944 in Oxford geboren und studierte am Londoner \u201eRoyal College Of Music&#8220; Klarinette, Klavier, Fl\u00f6te und Komposition. W\u00e4hrend ihres Studiums entdeckte sie dank John Coltrane und Duke Ellington die Liebe zum Jazz und beschloss, privat zus\u00e4tzlich Saxophon-Unterricht zu nehmen. Sich selbst bezeichnete sie gern als eine \u201eJazz-Rock-Musikerin mit klassischer Ausbildung.&#8220; Sie wirkte beim United Jazz + Rock Ensemble mit. Mit einem Konzert im Stuttgarter Theaterhaus hatte sich Anfnag 2002 das United Jazz &amp; Rock Ensemble nach 28-j\u00e4hriger Band-Geschichte von der B\u00fchne verabschiedet. Hauptursache f\u00fcr den R\u00fcckzug sei die Parkinson-Erkrankung der 56-j\u00e4hrigen Saxophonistin Barbara Thompson, sagte Band-Initiator und Theaterhaus-Intendant Werner Schretzmeier. Zum Kern des meist zehnk\u00f6pfigen Ensembles z\u00e4hlten international renommierte Jazzmusiker &hellip;\" \/>\n<meta property=\"og:url\" content=\"https:\/\/www.jazzzeitung.de\/cms\/2022\/07\/pionierin-in-der-maennerdominierten-jazzszene-barbara-thompson-mit-77-gestorben\/\" \/>\n<meta property=\"og:site_name\" content=\"JazzZeitung\" \/>\n<meta property=\"article:publisher\" content=\"https:\/\/www.facebook.com\/JazzZeitung\/\" \/>\n<meta property=\"article:published_time\" content=\"2022-07-11T10:10:52+00:00\" \/>\n<meta property=\"og:image\" content=\"https:\/\/i0.wp.com\/www.jazzzeitung.de\/cms\/wp-content\/uploads\/2022\/07\/Thompson-Barbara-04-flowers-Kumpf.jpg?fit=2122%2C1592&ssl=1\" \/>\n\t<meta property=\"og:image:width\" content=\"2122\" \/>\n\t<meta property=\"og:image:height\" content=\"1592\" \/>\n\t<meta property=\"og:image:type\" content=\"image\/jpeg\" \/>\n<meta name=\"author\" content=\"Redaktion JazzZeitung\" \/>\n<script type=\"application\/ld+json\" class=\"yoast-schema-graph\">{\"@context\":\"https:\\\/\\\/schema.org\",\"@graph\":[{\"@type\":\"Article\",\"@id\":\"https:\\\/\\\/www.jazzzeitung.de\\\/cms\\\/2022\\\/07\\\/pionierin-in-der-maennerdominierten-jazzszene-barbara-thompson-mit-77-gestorben\\\/#article\",\"isPartOf\":{\"@id\":\"https:\\\/\\\/www.jazzzeitung.de\\\/cms\\\/2022\\\/07\\\/pionierin-in-der-maennerdominierten-jazzszene-barbara-thompson-mit-77-gestorben\\\/\"},\"author\":{\"name\":\"Redaktion JazzZeitung\",\"@id\":\"https:\\\/\\\/www.jazzzeitung.de\\\/cms\\\/#\\\/schema\\\/person\\\/2245b36b9cd1d24cea10f01c031fb92b\"},\"headline\":\"Pionierin in der m\u00e4nnerdominierten Jazzszene: Barbara Thompson mit 77 gestorben\",\"datePublished\":\"2022-07-11T10:10:52+00:00\",\"mainEntityOfPage\":{\"@id\":\"https:\\\/\\\/www.jazzzeitung.de\\\/cms\\\/2022\\\/07\\\/pionierin-in-der-maennerdominierten-jazzszene-barbara-thompson-mit-77-gestorben\\\/\"},\"wordCount\":263,\"commentCount\":0,\"publisher\":{\"@id\":\"https:\\\/\\\/www.jazzzeitung.de\\\/cms\\\/#organization\"},\"image\":{\"@id\":\"https:\\\/\\\/www.jazzzeitung.de\\\/cms\\\/2022\\\/07\\\/pionierin-in-der-maennerdominierten-jazzszene-barbara-thompson-mit-77-gestorben\\\/#primaryimage\"},\"thumbnailUrl\":\"https:\\\/\\\/i0.wp.com\\\/www.jazzzeitung.de\\\/cms\\\/wp-content\\\/uploads\\\/2022\\\/07\\\/Thompson-Barbara-04-flowers-Kumpf.jpg?fit=2122%2C1592&ssl=1\",\"keywords\":[\"Barbara Thomspon\",\"John Hiseman\",\"United Jazz &amp; Rock Ensemble\",\"Werner Schretzmeier\",\"Wolfgnag Dauner\"],\"articleSection\":[\"News\"],\"inLanguage\":\"de\",\"potentialAction\":[{\"@type\":\"CommentAction\",\"name\":\"Comment\",\"target\":[\"https:\\\/\\\/www.jazzzeitung.de\\\/cms\\\/2022\\\/07\\\/pionierin-in-der-maennerdominierten-jazzszene-barbara-thompson-mit-77-gestorben\\\/#respond\"]}]},{\"@type\":\"WebPage\",\"@id\":\"https:\\\/\\\/www.jazzzeitung.de\\\/cms\\\/2022\\\/07\\\/pionierin-in-der-maennerdominierten-jazzszene-barbara-thompson-mit-77-gestorben\\\/\",\"url\":\"https:\\\/\\\/www.jazzzeitung.de\\\/cms\\\/2022\\\/07\\\/pionierin-in-der-maennerdominierten-jazzszene-barbara-thompson-mit-77-gestorben\\\/\",\"name\":\"Pionierin in der m\u00e4nnerdominierten Jazzszene: Barbara Thompson mit 77 gestorben - JazzZeitung\",\"isPartOf\":{\"@id\":\"https:\\\/\\\/www.jazzzeitung.de\\\/cms\\\/#website\"},\"primaryImageOfPage\":{\"@id\":\"https:\\\/\\\/www.jazzzeitung.de\\\/cms\\\/2022\\\/07\\\/pionierin-in-der-maennerdominierten-jazzszene-barbara-thompson-mit-77-gestorben\\\/#primaryimage\"},\"image\":{\"@id\":\"https:\\\/\\\/www.jazzzeitung.de\\\/cms\\\/2022\\\/07\\\/pionierin-in-der-maennerdominierten-jazzszene-barbara-thompson-mit-77-gestorben\\\/#primaryimage\"},\"thumbnailUrl\":\"https:\\\/\\\/i0.wp.com\\\/www.jazzzeitung.de\\\/cms\\\/wp-content\\\/uploads\\\/2022\\\/07\\\/Thompson-Barbara-04-flowers-Kumpf.jpg?fit=2122%2C1592&ssl=1\",\"datePublished\":\"2022-07-11T10:10:52+00:00\",\"breadcrumb\":{\"@id\":\"https:\\\/\\\/www.jazzzeitung.de\\\/cms\\\/2022\\\/07\\\/pionierin-in-der-maennerdominierten-jazzszene-barbara-thompson-mit-77-gestorben\\\/#breadcrumb\"},\"inLanguage\":\"de\",\"potentialAction\":[{\"@type\":\"ReadAction\",\"target\":[\"https:\\\/\\\/www.jazzzeitung.de\\\/cms\\\/2022\\\/07\\\/pionierin-in-der-maennerdominierten-jazzszene-barbara-thompson-mit-77-gestorben\\\/\"]}]},{\"@type\":\"ImageObject\",\"inLanguage\":\"de\",\"@id\":\"https:\\\/\\\/www.jazzzeitung.de\\\/cms\\\/2022\\\/07\\\/pionierin-in-der-maennerdominierten-jazzszene-barbara-thompson-mit-77-gestorben\\\/#primaryimage\",\"url\":\"https:\\\/\\\/i0.wp.com\\\/www.jazzzeitung.de\\\/cms\\\/wp-content\\\/uploads\\\/2022\\\/07\\\/Thompson-Barbara-04-flowers-Kumpf.jpg?fit=2122%2C1592&ssl=1\",\"contentUrl\":\"https:\\\/\\\/i0.wp.com\\\/www.jazzzeitung.de\\\/cms\\\/wp-content\\\/uploads\\\/2022\\\/07\\\/Thompson-Barbara-04-flowers-Kumpf.jpg?fit=2122%2C1592&ssl=1\",\"width\":2122,\"height\":1592},{\"@type\":\"BreadcrumbList\",\"@id\":\"https:\\\/\\\/www.jazzzeitung.de\\\/cms\\\/2022\\\/07\\\/pionierin-in-der-maennerdominierten-jazzszene-barbara-thompson-mit-77-gestorben\\\/#breadcrumb\",\"itemListElement\":[{\"@type\":\"ListItem\",\"position\":1,\"name\":\"Startseite\",\"item\":\"https:\\\/\\\/www.jazzzeitung.de\\\/cms\\\/\"},{\"@type\":\"ListItem\",\"position\":2,\"name\":\"Pionierin in der m\u00e4nnerdominierten Jazzszene: Barbara Thompson mit 77 gestorben\"}]},{\"@type\":\"WebSite\",\"@id\":\"https:\\\/\\\/www.jazzzeitung.de\\\/cms\\\/#website\",\"url\":\"https:\\\/\\\/www.jazzzeitung.de\\\/cms\\\/\",\"name\":\"JazzZeitung\",\"description\":\"Jazz-News und Jazz-Kontroverses\",\"publisher\":{\"@id\":\"https:\\\/\\\/www.jazzzeitung.de\\\/cms\\\/#organization\"},\"potentialAction\":[{\"@type\":\"SearchAction\",\"target\":{\"@type\":\"EntryPoint\",\"urlTemplate\":\"https:\\\/\\\/www.jazzzeitung.de\\\/cms\\\/?s={search_term_string}\"},\"query-input\":{\"@type\":\"PropertyValueSpecification\",\"valueRequired\":true,\"valueName\":\"search_term_string\"}}],\"inLanguage\":\"de\"},{\"@type\":\"Organization\",\"@id\":\"https:\\\/\\\/www.jazzzeitung.de\\\/cms\\\/#organization\",\"name\":\"JazzZeitung online\",\"url\":\"https:\\\/\\\/www.jazzzeitung.de\\\/cms\\\/\",\"logo\":{\"@type\":\"ImageObject\",\"inLanguage\":\"de\",\"@id\":\"https:\\\/\\\/www.jazzzeitung.de\\\/cms\\\/#\\\/schema\\\/logo\\\/image\\\/\",\"url\":\"https:\\\/\\\/i0.wp.com\\\/www.jazzzeitung.de\\\/cms\\\/wp-content\\\/uploads\\\/2015\\\/08\\\/JAZZZEITUNGDE_Logo_Neu.png?fit=499%2C200&ssl=1\",\"contentUrl\":\"https:\\\/\\\/i0.wp.com\\\/www.jazzzeitung.de\\\/cms\\\/wp-content\\\/uploads\\\/2015\\\/08\\\/JAZZZEITUNGDE_Logo_Neu.png?fit=499%2C200&ssl=1\",\"width\":499,\"height\":200,\"caption\":\"JazzZeitung online\"},\"image\":{\"@id\":\"https:\\\/\\\/www.jazzzeitung.de\\\/cms\\\/#\\\/schema\\\/logo\\\/image\\\/\"},\"sameAs\":[\"https:\\\/\\\/www.facebook.com\\\/JazzZeitung\\\/\"]},{\"@type\":\"Person\",\"@id\":\"https:\\\/\\\/www.jazzzeitung.de\\\/cms\\\/#\\\/schema\\\/person\\\/2245b36b9cd1d24cea10f01c031fb92b\",\"name\":\"Redaktion JazzZeitung\",\"image\":{\"@type\":\"ImageObject\",\"inLanguage\":\"de\",\"@id\":\"https:\\\/\\\/i0.wp.com\\\/www.jazzzeitung.de\\\/cms\\\/wp-content\\\/uploads\\\/2015\\\/08\\\/JAZZZEITUNGDE_Logo_Neu.png?resize=96%2C96&ssl=159975dcacb611b5700bd619b5daf0a7a\",\"url\":\"https:\\\/\\\/i0.wp.com\\\/www.jazzzeitung.de\\\/cms\\\/wp-content\\\/uploads\\\/2015\\\/08\\\/JAZZZEITUNGDE_Logo_Neu.png?resize=96%2C96&ssl=1\",\"contentUrl\":\"https:\\\/\\\/i0.wp.com\\\/www.jazzzeitung.de\\\/cms\\\/wp-content\\\/uploads\\\/2015\\\/08\\\/JAZZZEITUNGDE_Logo_Neu.png?resize=96%2C96&ssl=1\",\"caption\":\"Redaktion JazzZeitung\"},\"description\":\"Artikel der Redaktion der JazzZeitung.\",\"sameAs\":[\"http:\\\/\\\/www.jazzzeitung.de\\\/cms\\\/\"],\"url\":\"https:\\\/\\\/www.jazzzeitung.de\\\/cms\\\/author\\\/redaktion\\\/\"}]}<\/script>\n<!-- \/ Yoast SEO plugin. -->","yoast_head_json":{"title":"Pionierin in der m\u00e4nnerdominierten Jazzszene: Barbara Thompson mit 77 gestorben - JazzZeitung","robots":{"index":"index","follow":"follow","max-snippet":"max-snippet:-1","max-image-preview":"max-image-preview:large","max-video-preview":"max-video-preview:-1"},"canonical":"https:\/\/www.jazzzeitung.de\/cms\/2022\/07\/pionierin-in-der-maennerdominierten-jazzszene-barbara-thompson-mit-77-gestorben\/","og_locale":"de_DE","og_type":"article","og_title":"Pionierin in der m\u00e4nnerdominierten Jazzszene: Barbara Thompson mit 77 gestorben - JazzZeitung","og_description":"Die englische Musikerin und Komponistin Barbara Thompson ist tot. Nach Angaben ihrer Tochter Ana Gracey starb sie am 9. Juli im Alter von 77 Jahren. In Deutschland war Thompson vor allem als Mitglied des United Jazz &amp; Rock Ensemble bekannt, das sie mit ihrem verstorbenen Ehemann, dem Schlagzeuger Jon Hiseman, mitgegr\u00fcndet hatte. Mit ihrer eigenen Formation Paraphernalia war sie regelm\u00e4\u00dfig auf Tournee und galt als Pionierin in der m\u00e4nnerdominierten Jazzszene. Thompson wurde am 27. Juli 1944 in Oxford geboren und studierte am Londoner \u201eRoyal College Of Music&#8220; Klarinette, Klavier, Fl\u00f6te und Komposition. W\u00e4hrend ihres Studiums entdeckte sie dank John Coltrane und Duke Ellington die Liebe zum Jazz und beschloss, privat zus\u00e4tzlich Saxophon-Unterricht zu nehmen. Sich selbst bezeichnete sie gern als eine \u201eJazz-Rock-Musikerin mit klassischer Ausbildung.&#8220; Sie wirkte beim United Jazz + Rock Ensemble mit. Mit einem Konzert im Stuttgarter Theaterhaus hatte sich Anfnag 2002 das United Jazz &amp; Rock Ensemble nach 28-j\u00e4hriger Band-Geschichte von der B\u00fchne verabschiedet. Hauptursache f\u00fcr den R\u00fcckzug sei die Parkinson-Erkrankung der 56-j\u00e4hrigen Saxophonistin Barbara Thompson, sagte Band-Initiator und Theaterhaus-Intendant Werner Schretzmeier. Zum Kern des meist zehnk\u00f6pfigen Ensembles z\u00e4hlten international renommierte Jazzmusiker &hellip;","og_url":"https:\/\/www.jazzzeitung.de\/cms\/2022\/07\/pionierin-in-der-maennerdominierten-jazzszene-barbara-thompson-mit-77-gestorben\/","og_site_name":"JazzZeitung","article_publisher":"https:\/\/www.facebook.com\/JazzZeitung\/","article_published_time":"2022-07-11T10:10:52+00:00","og_image":[{"width":2122,"height":1592,"url":"https:\/\/i0.wp.com\/www.jazzzeitung.de\/cms\/wp-content\/uploads\/2022\/07\/Thompson-Barbara-04-flowers-Kumpf.jpg?fit=2122%2C1592&ssl=1","type":"image\/jpeg"}],"author":"Redaktion JazzZeitung","schema":{"@context":"https:\/\/schema.org","@graph":[{"@type":"Article","@id":"https:\/\/www.jazzzeitung.de\/cms\/2022\/07\/pionierin-in-der-maennerdominierten-jazzszene-barbara-thompson-mit-77-gestorben\/#article","isPartOf":{"@id":"https:\/\/www.jazzzeitung.de\/cms\/2022\/07\/pionierin-in-der-maennerdominierten-jazzszene-barbara-thompson-mit-77-gestorben\/"},"author":{"name":"Redaktion JazzZeitung","@id":"https:\/\/www.jazzzeitung.de\/cms\/#\/schema\/person\/2245b36b9cd1d24cea10f01c031fb92b"},"headline":"Pionierin in der m\u00e4nnerdominierten Jazzszene: Barbara Thompson mit 77 gestorben","datePublished":"2022-07-11T10:10:52+00:00","mainEntityOfPage":{"@id":"https:\/\/www.jazzzeitung.de\/cms\/2022\/07\/pionierin-in-der-maennerdominierten-jazzszene-barbara-thompson-mit-77-gestorben\/"},"wordCount":263,"commentCount":0,"publisher":{"@id":"https:\/\/www.jazzzeitung.de\/cms\/#organization"},"image":{"@id":"https:\/\/www.jazzzeitung.de\/cms\/2022\/07\/pionierin-in-der-maennerdominierten-jazzszene-barbara-thompson-mit-77-gestorben\/#primaryimage"},"thumbnailUrl":"https:\/\/i0.wp.com\/www.jazzzeitung.de\/cms\/wp-content\/uploads\/2022\/07\/Thompson-Barbara-04-flowers-Kumpf.jpg?fit=2122%2C1592&ssl=1","keywords":["Barbara Thomspon","John Hiseman","United Jazz &amp; Rock Ensemble","Werner Schretzmeier","Wolfgnag Dauner"],"articleSection":["News"],"inLanguage":"de","potentialAction":[{"@type":"CommentAction","name":"Comment","target":["https:\/\/www.jazzzeitung.de\/cms\/2022\/07\/pionierin-in-der-maennerdominierten-jazzszene-barbara-thompson-mit-77-gestorben\/#respond"]}]},{"@type":"WebPage","@id":"https:\/\/www.jazzzeitung.de\/cms\/2022\/07\/pionierin-in-der-maennerdominierten-jazzszene-barbara-thompson-mit-77-gestorben\/","url":"https:\/\/www.jazzzeitung.de\/cms\/2022\/07\/pionierin-in-der-maennerdominierten-jazzszene-barbara-thompson-mit-77-gestorben\/","name":"Pionierin in der m\u00e4nnerdominierten Jazzszene: Barbara Thompson mit 77 gestorben - JazzZeitung","isPartOf":{"@id":"https:\/\/www.jazzzeitung.de\/cms\/#website"},"primaryImageOfPage":{"@id":"https:\/\/www.jazzzeitung.de\/cms\/2022\/07\/pionierin-in-der-maennerdominierten-jazzszene-barbara-thompson-mit-77-gestorben\/#primaryimage"},"image":{"@id":"https:\/\/www.jazzzeitung.de\/cms\/2022\/07\/pionierin-in-der-maennerdominierten-jazzszene-barbara-thompson-mit-77-gestorben\/#primaryimage"},"thumbnailUrl":"https:\/\/i0.wp.com\/www.jazzzeitung.de\/cms\/wp-content\/uploads\/2022\/07\/Thompson-Barbara-04-flowers-Kumpf.jpg?fit=2122%2C1592&ssl=1","datePublished":"2022-07-11T10:10:52+00:00","breadcrumb":{"@id":"https:\/\/www.jazzzeitung.de\/cms\/2022\/07\/pionierin-in-der-maennerdominierten-jazzszene-barbara-thompson-mit-77-gestorben\/#breadcrumb"},"inLanguage":"de","potentialAction":[{"@type":"ReadAction","target":["https:\/\/www.jazzzeitung.de\/cms\/2022\/07\/pionierin-in-der-maennerdominierten-jazzszene-barbara-thompson-mit-77-gestorben\/"]}]},{"@type":"ImageObject","inLanguage":"de","@id":"https:\/\/www.jazzzeitung.de\/cms\/2022\/07\/pionierin-in-der-maennerdominierten-jazzszene-barbara-thompson-mit-77-gestorben\/#primaryimage","url":"https:\/\/i0.wp.com\/www.jazzzeitung.de\/cms\/wp-content\/uploads\/2022\/07\/Thompson-Barbara-04-flowers-Kumpf.jpg?fit=2122%2C1592&ssl=1","contentUrl":"https:\/\/i0.wp.com\/www.jazzzeitung.de\/cms\/wp-content\/uploads\/2022\/07\/Thompson-Barbara-04-flowers-Kumpf.jpg?fit=2122%2C1592&ssl=1","width":2122,"height":1592},{"@type":"BreadcrumbList","@id":"https:\/\/www.jazzzeitung.de\/cms\/2022\/07\/pionierin-in-der-maennerdominierten-jazzszene-barbara-thompson-mit-77-gestorben\/#breadcrumb","itemListElement":[{"@type":"ListItem","position":1,"name":"Startseite","item":"https:\/\/www.jazzzeitung.de\/cms\/"},{"@type":"ListItem","position":2,"name":"Pionierin in der m\u00e4nnerdominierten Jazzszene: Barbara Thompson mit 77 gestorben"}]},{"@type":"WebSite","@id":"https:\/\/www.jazzzeitung.de\/cms\/#website","url":"https:\/\/www.jazzzeitung.de\/cms\/","name":"JazzZeitung","description":"Jazz-News und Jazz-Kontroverses","publisher":{"@id":"https:\/\/www.jazzzeitung.de\/cms\/#organization"},"potentialAction":[{"@type":"SearchAction","target":{"@type":"EntryPoint","urlTemplate":"https:\/\/www.jazzzeitung.de\/cms\/?s={search_term_string}"},"query-input":{"@type":"PropertyValueSpecification","valueRequired":true,"valueName":"search_term_string"}}],"inLanguage":"de"},{"@type":"Organization","@id":"https:\/\/www.jazzzeitung.de\/cms\/#organization","name":"JazzZeitung online","url":"https:\/\/www.jazzzeitung.de\/cms\/","logo":{"@type":"ImageObject","inLanguage":"de","@id":"https:\/\/www.jazzzeitung.de\/cms\/#\/schema\/logo\/image\/","url":"https:\/\/i0.wp.com\/www.jazzzeitung.de\/cms\/wp-content\/uploads\/2015\/08\/JAZZZEITUNGDE_Logo_Neu.png?fit=499%2C200&ssl=1","contentUrl":"https:\/\/i0.wp.com\/www.jazzzeitung.de\/cms\/wp-content\/uploads\/2015\/08\/JAZZZEITUNGDE_Logo_Neu.png?fit=499%2C200&ssl=1","width":499,"height":200,"caption":"JazzZeitung online"},"image":{"@id":"https:\/\/www.jazzzeitung.de\/cms\/#\/schema\/logo\/image\/"},"sameAs":["https:\/\/www.facebook.com\/JazzZeitung\/"]},{"@type":"Person","@id":"https:\/\/www.jazzzeitung.de\/cms\/#\/schema\/person\/2245b36b9cd1d24cea10f01c031fb92b","name":"Redaktion JazzZeitung","image":{"@type":"ImageObject","inLanguage":"de","@id":"https:\/\/i0.wp.com\/www.jazzzeitung.de\/cms\/wp-content\/uploads\/2015\/08\/JAZZZEITUNGDE_Logo_Neu.png?resize=96%2C96&ssl=159975dcacb611b5700bd619b5daf0a7a","url":"https:\/\/i0.wp.com\/www.jazzzeitung.de\/cms\/wp-content\/uploads\/2015\/08\/JAZZZEITUNGDE_Logo_Neu.png?resize=96%2C96&ssl=1","contentUrl":"https:\/\/i0.wp.com\/www.jazzzeitung.de\/cms\/wp-content\/uploads\/2015\/08\/JAZZZEITUNGDE_Logo_Neu.png?resize=96%2C96&ssl=1","caption":"Redaktion JazzZeitung"},"description":"Artikel der Redaktion der JazzZeitung.","sameAs":["http:\/\/www.jazzzeitung.de\/cms\/"],"url":"https:\/\/www.jazzzeitung.de\/cms\/author\/redaktion\/"}]}},"wp-worthy-pixel":{"ignored":false,"public":null,"server":null,"url":null},"wp-worthy-type":"normal","jetpack_publicize_connections":[],"cc_featured_image_caption":{"caption_text":"","source_text":"","source_url":""},"jetpack_featured_media_url":"https:\/\/i0.wp.com\/www.jazzzeitung.de\/cms\/wp-content\/uploads\/2022\/07\/Thompson-Barbara-04-flowers-Kumpf.jpg?fit=2122%2C1592&ssl=1","jetpack_shortlink":"https:\/\/wp.me\/p3KEcT-7dY","jetpack-related-posts":[{"id":7144,"url":"https:\/\/www.jazzzeitung.de\/cms\/2015\/09\/landesjazzpreis-baden-wuerttemberg-sonderpreis-fuer-das-lebenswerk-geht-den-bassisten-eberhard-weber\/","url_meta":{"origin":27774,"position":0},"title":"Landesjazzpreis Baden-W\u00fcrttemberg: \u201eSonderpreis f\u00fcr das Lebenswerk\u201c geht an Wolfgang Dauner","author":"Redaktion JazzZeitung","date":"23. September 2015","format":false,"excerpt":"Der Jazzpreis Baden-W\u00fcrttemberg ist ein mit 15.000 Euro dotierter Nachwuchspreis f\u00fcr Jazzmusiker. Er wurde vom Land Baden-W\u00fcrttemberg erstmals\u00a01985 verliehen und geht an Musiker, die nicht \u00e4lter als 35 Jahre sind und einen wesentlichen Beitrag f\u00fcr die Jazzszene des Landes geleistet haben. 2016 wird zum zweiten Mal der Landesjazzpreis Baden-W\u00fcrttemberg in\u2026","rel":"","context":"In &quot;News&quot;","block_context":{"text":"News","link":"https:\/\/www.jazzzeitung.de\/cms\/thema\/nachrichten\/"},"img":{"alt_text":"Der Preistr\u00e4ger Wolfgang Dauner. Foto: J\u00f6rg Becker","src":"https:\/\/i0.wp.com\/www.jazzzeitung.de\/cms\/wp-content\/uploads\/2015\/09\/Der-Preistr%C3%A4ger-Wolfgang-Dauner.-Foto-J%C3%B6rg-Becker-150x150.jpg?resize=350%2C200","width":350,"height":200},"classes":[]},{"id":29110,"url":"https:\/\/www.jazzzeitung.de\/cms\/2023\/02\/ploetzlich-hipp-ilona-haberkamps-jutta-hipp-biografie\/","url_meta":{"origin":27774,"position":1},"title":"Pl\u00f6tzlich Hip(p) &#8211; Ilona Haberkamps Jutta-Hipp-Biografie","author":"Ursula Gaisa","date":"9. Februar 2023","format":false,"excerpt":"Sie war die erste deutsche Jazzpianistin und weltweit eine Pionierin des weiblichen Jazz: die Rede ist von Jutta Hipp. Das Multitalent wurde 1925 in Leipzig geboren, lernte vier Jahre klassisches Klavier, und fand w\u00e4hrend des Zweiten Weltkriegs durch den Jazz erst wieder zu ihrem Instrument. W\u00e4hrend ihres Studiums an der\u2026","rel":"","context":"In &quot;Portrait&quot;","block_context":{"text":"Portrait","link":"https:\/\/www.jazzzeitung.de\/cms\/thema\/portrait\/"},"img":{"alt_text":"","src":"https:\/\/i0.wp.com\/www.jazzzeitung.de\/cms\/wp-content\/uploads\/2023\/02\/Ilona-Jutta.jpg?fit=1200%2C787&ssl=1&resize=350%2C200","width":350,"height":200,"srcset":"https:\/\/i0.wp.com\/www.jazzzeitung.de\/cms\/wp-content\/uploads\/2023\/02\/Ilona-Jutta.jpg?fit=1200%2C787&ssl=1&resize=350%2C200 1x, https:\/\/i0.wp.com\/www.jazzzeitung.de\/cms\/wp-content\/uploads\/2023\/02\/Ilona-Jutta.jpg?fit=1200%2C787&ssl=1&resize=525%2C300 1.5x, https:\/\/i0.wp.com\/www.jazzzeitung.de\/cms\/wp-content\/uploads\/2023\/02\/Ilona-Jutta.jpg?fit=1200%2C787&ssl=1&resize=700%2C400 2x, https:\/\/i0.wp.com\/www.jazzzeitung.de\/cms\/wp-content\/uploads\/2023\/02\/Ilona-Jutta.jpg?fit=1200%2C787&ssl=1&resize=1050%2C600 3x"},"classes":[]},{"id":27763,"url":"https:\/\/www.jazzzeitung.de\/cms\/2022\/07\/news-internationales-jazzweekend-in-unterfoehring-jubilaeums-jazzkurse-burghausen-heimatjazzinstitut-sustainability-on-tour\/","url_meta":{"origin":27774,"position":2},"title":"+++ News: +++ Internationales Jazzweekend in Unterf\u00f6hring +++  Jubil\u00e4ums-Jazzkurse Burghausen +++ +++ heimat@jazzinstitut: sustainability on tour +++","author":"Redaktion JazzZeitung","date":"12. Juli 2022","format":false,"excerpt":"+++ Internationales Jazzweekend in Unterf\u00f6hring vom 14. \u2013 17. Juli +++ Jazz at its best hei\u00dft es am kommenden Wochenende in Unterf\u00f6hring, wenn zum internationalen Jazzweekend internationale Top-Acts der Jazz-Szene im B\u00fcrgerhaus gastieren. Spirituals und Blues aus der Gegend um Charleston, Traditionen des s\u00fcdlichen Tieflandes angereichert mit Jazz, Funk, Gospel,\u2026","rel":"","context":"In &quot;News&quot;","block_context":{"text":"News","link":"https:\/\/www.jazzzeitung.de\/cms\/thema\/nachrichten\/"},"img":{"alt_text":"","src":"https:\/\/i0.wp.com\/www.jazzzeitung.de\/cms\/wp-content\/uploads\/2022\/07\/Collage-Avishai-Cohen-2-Foto-TJ-Krebs.jpg?fit=1200%2C900&ssl=1&resize=350%2C200","width":350,"height":200,"srcset":"https:\/\/i0.wp.com\/www.jazzzeitung.de\/cms\/wp-content\/uploads\/2022\/07\/Collage-Avishai-Cohen-2-Foto-TJ-Krebs.jpg?fit=1200%2C900&ssl=1&resize=350%2C200 1x, https:\/\/i0.wp.com\/www.jazzzeitung.de\/cms\/wp-content\/uploads\/2022\/07\/Collage-Avishai-Cohen-2-Foto-TJ-Krebs.jpg?fit=1200%2C900&ssl=1&resize=525%2C300 1.5x, https:\/\/i0.wp.com\/www.jazzzeitung.de\/cms\/wp-content\/uploads\/2022\/07\/Collage-Avishai-Cohen-2-Foto-TJ-Krebs.jpg?fit=1200%2C900&ssl=1&resize=700%2C400 2x, https:\/\/i0.wp.com\/www.jazzzeitung.de\/cms\/wp-content\/uploads\/2022\/07\/Collage-Avishai-Cohen-2-Foto-TJ-Krebs.jpg?fit=1200%2C900&ssl=1&resize=1050%2C600 3x"},"classes":[]},{"id":8015,"url":"https:\/\/www.jazzzeitung.de\/cms\/2015\/12\/aus-dem-bergwerk-die-spitze\/","url_meta":{"origin":27774,"position":3},"title":"Aus dem Bergwerk an die Spitze &#8211; Wolfgang Dauner zum Achtzigsten","author":"Redaktion JazzZeitung","date":"30. Dezember 2015","format":false,"excerpt":"Der 1935 in Stuttgart geborene und dort bis heute lebende und arbeitende Komponist und Musiker Wolfgang Dauner ist seit mehr als f\u00fcnf Jahrzehnten ein Innovator f\u00fcr den Jazz aus Deutschland. Am 30.12. 2015 feiert der Jazzpianist seinen achtzigsten Geburtstag: Anlass f\u00fcr JazzZeitung.de die Laudatio zu publizieren, die JazzZeitungs-Chefredakteur Andreas Kolb\u2026","rel":"","context":"In &quot;Portrait&quot;","block_context":{"text":"Portrait","link":"https:\/\/www.jazzzeitung.de\/cms\/thema\/portrait\/"},"img":{"alt_text":"honorarfrei-bei-abdruck-des-fotografen-j\u00f6rg-becker-3","src":"https:\/\/i0.wp.com\/www.jazzzeitung.de\/cms\/wp-content\/uploads\/2015\/12\/honorarfrei-bei-abdruck-des-fotografen-j%C3%B6rg-becker-3-150x150.jpg?resize=350%2C200","width":350,"height":200},"classes":[]},{"id":21643,"url":"https:\/\/www.jazzzeitung.de\/cms\/2020\/01\/vom-bergwerk-zum-olymp-zum-tod-des-pianisten-und-komponisten-wolfgang-dauner\/","url_meta":{"origin":27774,"position":4},"title":"Vom Bergwerk zum Olymp \u2013 Zum Tod des Pianisten und Komponisten Wolfgang Dauner","author":"Andreas Kolb","date":"11. Januar 2020","format":false,"excerpt":"Nach l\u00e4ngerer Krankheit ist der Jazzmusiker, Pianist und Komponist Wolfgang Dauner im Alter von 84 Jahren in seiner Heimatstadt Stuttgart gestorben. Andreas Kolb erinnert an den Musiker und Komponisten.","rel":"","context":"In &quot;Bericht&quot;","block_context":{"text":"Bericht","link":"https:\/\/www.jazzzeitung.de\/cms\/thema\/bericht\/"},"img":{"alt_text":"","src":"https:\/\/i0.wp.com\/www.jazzzeitung.de\/cms\/wp-content\/uploads\/2020\/01\/DaunerWolfgang-Synthi100-S75e-Kumpf-scaled.jpg?fit=1200%2C788&ssl=1&resize=350%2C200","width":350,"height":200,"srcset":"https:\/\/i0.wp.com\/www.jazzzeitung.de\/cms\/wp-content\/uploads\/2020\/01\/DaunerWolfgang-Synthi100-S75e-Kumpf-scaled.jpg?fit=1200%2C788&ssl=1&resize=350%2C200 1x, https:\/\/i0.wp.com\/www.jazzzeitung.de\/cms\/wp-content\/uploads\/2020\/01\/DaunerWolfgang-Synthi100-S75e-Kumpf-scaled.jpg?fit=1200%2C788&ssl=1&resize=525%2C300 1.5x, https:\/\/i0.wp.com\/www.jazzzeitung.de\/cms\/wp-content\/uploads\/2020\/01\/DaunerWolfgang-Synthi100-S75e-Kumpf-scaled.jpg?fit=1200%2C788&ssl=1&resize=700%2C400 2x, https:\/\/i0.wp.com\/www.jazzzeitung.de\/cms\/wp-content\/uploads\/2020\/01\/DaunerWolfgang-Synthi100-S75e-Kumpf-scaled.jpg?fit=1200%2C788&ssl=1&resize=1050%2C600 3x"},"classes":[]},{"id":32740,"url":"https:\/\/www.jazzzeitung.de\/cms\/2025\/06\/news-dianne-reeves-erhaelt-german-jazz-trophy-focusyear-band-25-gutenberg-jazz-collective-in-mainz\/","url_meta":{"origin":27774,"position":5},"title":"+++ News: +++ Dianne Reeves erh\u00e4lt German Jazz Trophy +++ Focusyear Band 25 +++ \u201eGutenberg Jazz Collective\u201c in Mainz +++","author":"Andreas Kolb","date":"27. Juni 2025","format":false,"excerpt":"+++ German Jazz Trophy f\u00fcr Dianne Reeves +++ Der S\u00e4ngerin Dianne Reeves, f\u00fcnfmalige Grammygewinnerin \u2013 drei davon in aufeinanderfolgenden Jahren f\u00fcr die beste Jazz-Gesangsperformance \u2013, wird am 2. Juli im Zuge der \u201ejazz-open\u201c Stuttgart 2025 die mit 15.000 Euro dotierte German Jazz Trophy verliehen. Zwei Tage nach der Preisverleihung im\u2026","rel":"","context":"In &quot;News&quot;","block_context":{"text":"News","link":"https:\/\/www.jazzzeitung.de\/cms\/thema\/nachrichten\/"},"img":{"alt_text":"","src":"https:\/\/i0.wp.com\/www.jazzzeitung.de\/cms\/wp-content\/uploads\/2025\/06\/cmyk_huf_neu_Dianne-Reeves_Jerris_Madison-1489010671-Kopie.jpg?fit=1200%2C800&ssl=1&resize=350%2C200","width":350,"height":200,"srcset":"https:\/\/i0.wp.com\/www.jazzzeitung.de\/cms\/wp-content\/uploads\/2025\/06\/cmyk_huf_neu_Dianne-Reeves_Jerris_Madison-1489010671-Kopie.jpg?fit=1200%2C800&ssl=1&resize=350%2C200 1x, https:\/\/i0.wp.com\/www.jazzzeitung.de\/cms\/wp-content\/uploads\/2025\/06\/cmyk_huf_neu_Dianne-Reeves_Jerris_Madison-1489010671-Kopie.jpg?fit=1200%2C800&ssl=1&resize=525%2C300 1.5x, https:\/\/i0.wp.com\/www.jazzzeitung.de\/cms\/wp-content\/uploads\/2025\/06\/cmyk_huf_neu_Dianne-Reeves_Jerris_Madison-1489010671-Kopie.jpg?fit=1200%2C800&ssl=1&resize=700%2C400 2x, https:\/\/i0.wp.com\/www.jazzzeitung.de\/cms\/wp-content\/uploads\/2025\/06\/cmyk_huf_neu_Dianne-Reeves_Jerris_Madison-1489010671-Kopie.jpg?fit=1200%2C800&ssl=1&resize=1050%2C600 3x"},"classes":[]}],"jetpack_sharing_enabled":true,"_links":{"self":[{"href":"https:\/\/www.jazzzeitung.de\/cms\/wp-json\/wp\/v2\/posts\/27774","targetHints":{"allow":["GET"]}}],"collection":[{"href":"https:\/\/www.jazzzeitung.de\/cms\/wp-json\/wp\/v2\/posts"}],"about":[{"href":"https:\/\/www.jazzzeitung.de\/cms\/wp-json\/wp\/v2\/types\/post"}],"author":[{"embeddable":true,"href":"https:\/\/www.jazzzeitung.de\/cms\/wp-json\/wp\/v2\/users\/18"}],"replies":[{"embeddable":true,"href":"https:\/\/www.jazzzeitung.de\/cms\/wp-json\/wp\/v2\/comments?post=27774"}],"version-history":[{"count":2,"href":"https:\/\/www.jazzzeitung.de\/cms\/wp-json\/wp\/v2\/posts\/27774\/revisions"}],"predecessor-version":[{"id":27776,"href":"https:\/\/www.jazzzeitung.de\/cms\/wp-json\/wp\/v2\/posts\/27774\/revisions\/27776"}],"wp:featuredmedia":[{"embeddable":true,"href":"https:\/\/www.jazzzeitung.de\/cms\/wp-json\/wp\/v2\/media\/27768"}],"wp:attachment":[{"href":"https:\/\/www.jazzzeitung.de\/cms\/wp-json\/wp\/v2\/media?parent=27774"}],"wp:term":[{"taxonomy":"category","embeddable":true,"href":"https:\/\/www.jazzzeitung.de\/cms\/wp-json\/wp\/v2\/categories?post=27774"},{"taxonomy":"post_tag","embeddable":true,"href":"https:\/\/www.jazzzeitung.de\/cms\/wp-json\/wp\/v2\/tags?post=27774"},{"taxonomy":"author","embeddable":true,"href":"https:\/\/www.jazzzeitung.de\/cms\/wp-json\/wp\/v2\/coauthors?post=27774"}],"curies":[{"name":"wp","href":"https:\/\/api.w.org\/{rel}","templated":true}]}}