{"id":27751,"date":"2022-07-11T15:23:12","date_gmt":"2022-07-11T13:23:12","guid":{"rendered":"https:\/\/www.jazzzeitung.de\/cms\/?p=27751"},"modified":"2022-07-13T10:51:00","modified_gmt":"2022-07-13T08:51:00","slug":"marco-mezquida-trio-gewinnt-bmw-welt-jazz-award-2022","status":"publish","type":"post","link":"https:\/\/www.jazzzeitung.de\/cms\/2022\/07\/marco-mezquida-trio-gewinnt-bmw-welt-jazz-award-2022\/","title":{"rendered":"Marco Mezquida Trio gewinnt BMW Welt Jazz Award 2022"},"content":{"rendered":"<p><strong>M\u00fcnchen.<\/strong> Beim Finale des BMW Welt Jazz Award 2022 am vergangenen Samstag konnte das Marco Mezquida Trio die Experten-Jury von sich \u00fcberzeugen. Zusammen mit Aleix Tobias am Schlagzeug und Mart\u00edn Mel\u00e9ndez am Cello setzte sich der Pianist Marco Mezquida am Samstagabend beim Finale im Auditorium der BMW Welt gegen das Anat Fort Trio durch.<\/p>\n<div class=\"tiled-gallery type-rectangular tiled-gallery-unresized\" data-original-width=\"840\" data-carousel-extra='{&quot;blog_id&quot;:1,&quot;permalink&quot;:&quot;https:\\\/\\\/www.jazzzeitung.de\\\/cms\\\/2022\\\/07\\\/marco-mezquida-trio-gewinnt-bmw-welt-jazz-award-2022\\\/&quot;,&quot;likes_blog_id&quot;:55446655}' itemscope itemtype=\"http:\/\/schema.org\/ImageGallery\" > <div class=\"gallery-row\" style=\"width: 840px; height: 386px;\" data-original-width=\"840\" data-original-height=\"386\" > <div class=\"gallery-group images-1\" style=\"width: 577px; height: 386px;\" data-original-width=\"577\" data-original-height=\"386\" > <div class=\"tiled-gallery-item tiled-gallery-item-large\" itemprop=\"associatedMedia\" itemscope itemtype=\"http:\/\/schema.org\/ImageObject\"> <a href=\"https:\/\/www.jazzzeitung.de\/cms\/2022\/07\/marco-mezquida-trio-gewinnt-bmw-welt-jazz-award-2022\/p90471846_highres_the-winner-of-the-bm\/\" border=\"0\" itemprop=\"url\"> <meta itemprop=\"width\" content=\"573\"> <meta itemprop=\"height\" content=\"382\"> <img decoding=\"async\" class=\"\" data-attachment-id=\"27754\" data-orig-file=\"https:\/\/www.jazzzeitung.de\/cms\/wp-content\/uploads\/2022\/07\/P90471846_highRes_the-winner-of-the-bm-scaled.jpg\" data-orig-size=\"2560,1707\" data-comments-opened=\"1\" data-image-meta=\"{&quot;aperture&quot;:&quot;2.8&quot;,&quot;credit&quot;:&quot;&quot;,&quot;camera&quot;:&quot;ILCE-1&quot;,&quot;caption&quot;:&quot;&quot;,&quot;created_timestamp&quot;:&quot;1657398368&quot;,&quot;copyright&quot;:&quot;&quot;,&quot;focal_length&quot;:&quot;90&quot;,&quot;iso&quot;:&quot;640&quot;,&quot;shutter_speed&quot;:&quot;0.01&quot;,&quot;title&quot;:&quot;&quot;,&quot;orientation&quot;:&quot;0&quot;}\" data-image-title=\"P90471846_highRes_the-winner-of-the-bm\" data-image-description=\"\" data-medium-file=\"https:\/\/i0.wp.com\/www.jazzzeitung.de\/cms\/wp-content\/uploads\/2022\/07\/P90471846_highRes_the-winner-of-the-bm-scaled.jpg?fit=300%2C200&#038;ssl=1\" data-large-file=\"https:\/\/i0.wp.com\/www.jazzzeitung.de\/cms\/wp-content\/uploads\/2022\/07\/P90471846_highRes_the-winner-of-the-bm-scaled.jpg?fit=840%2C560&#038;ssl=1\" src=\"https:\/\/i0.wp.com\/www.jazzzeitung.de\/cms\/wp-content\/uploads\/2022\/07\/P90471846_highRes_the-winner-of-the-bm-scaled.jpg?w=573&#038;h=382&#038;ssl=1\" srcset=\"https:\/\/i0.wp.com\/www.jazzzeitung.de\/cms\/wp-content\/uploads\/2022\/07\/P90471846_highRes_the-winner-of-the-bm-scaled.jpg?w=2560&amp;ssl=1 2560w, https:\/\/i0.wp.com\/www.jazzzeitung.de\/cms\/wp-content\/uploads\/2022\/07\/P90471846_highRes_the-winner-of-the-bm-scaled.jpg?resize=300%2C200&amp;ssl=1 300w, https:\/\/i0.wp.com\/www.jazzzeitung.de\/cms\/wp-content\/uploads\/2022\/07\/P90471846_highRes_the-winner-of-the-bm-scaled.jpg?resize=900%2C600&amp;ssl=1 900w, https:\/\/i0.wp.com\/www.jazzzeitung.de\/cms\/wp-content\/uploads\/2022\/07\/P90471846_highRes_the-winner-of-the-bm-scaled.jpg?resize=768%2C512&amp;ssl=1 768w, https:\/\/i0.wp.com\/www.jazzzeitung.de\/cms\/wp-content\/uploads\/2022\/07\/P90471846_highRes_the-winner-of-the-bm-scaled.jpg?resize=1536%2C1024&amp;ssl=1 1536w, https:\/\/i0.wp.com\/www.jazzzeitung.de\/cms\/wp-content\/uploads\/2022\/07\/P90471846_highRes_the-winner-of-the-bm-scaled.jpg?resize=2048%2C1365&amp;ssl=1 2048w, https:\/\/i0.wp.com\/www.jazzzeitung.de\/cms\/wp-content\/uploads\/2022\/07\/P90471846_highRes_the-winner-of-the-bm-scaled.jpg?resize=120%2C80&amp;ssl=1 120w, https:\/\/i0.wp.com\/www.jazzzeitung.de\/cms\/wp-content\/uploads\/2022\/07\/P90471846_highRes_the-winner-of-the-bm-scaled.jpg?resize=1320%2C880&amp;ssl=1 1320w, https:\/\/i0.wp.com\/www.jazzzeitung.de\/cms\/wp-content\/uploads\/2022\/07\/P90471846_highRes_the-winner-of-the-bm-scaled.jpg?w=1680&amp;ssl=1 1680w\" width=\"573\" height=\"382\" loading=\"lazy\" data-original-width=\"573\" data-original-height=\"382\" itemprop=\"http:\/\/schema.org\/image\" title=\"P90471846_highRes_the-winner-of-the-bm\" alt=\"Marco Mezquida. Foto: Enes Kucevic\" style=\"width: 573px; height: 382px;\" \/> <\/a> <div class=\"tiled-gallery-caption\" itemprop=\"caption description\"> Marco Mezquida. Foto: Enes Kucevic <\/div> <\/div> <\/div> <!-- close group --> <div class=\"gallery-group images-1\" style=\"width: 263px; height: 386px;\" data-original-width=\"263\" data-original-height=\"386\" > <div class=\"tiled-gallery-item tiled-gallery-item-large\" itemprop=\"associatedMedia\" itemscope itemtype=\"http:\/\/schema.org\/ImageObject\"> <a href=\"https:\/\/www.jazzzeitung.de\/cms\/2022\/07\/marco-mezquida-trio-gewinnt-bmw-welt-jazz-award-2022\/p1946691-fort-foto-tj-krebs\/\" border=\"0\" itemprop=\"url\"> <meta itemprop=\"width\" content=\"259\"> <meta itemprop=\"height\" content=\"382\"> <img decoding=\"async\" class=\"\" data-attachment-id=\"27755\" data-orig-file=\"https:\/\/www.jazzzeitung.de\/cms\/wp-content\/uploads\/2022\/07\/P1946691-Fort-Foto-TJ-Krebs.jpg\" data-orig-size=\"800,1183\" data-comments-opened=\"1\" data-image-meta=\"{&quot;aperture&quot;:&quot;0&quot;,&quot;credit&quot;:&quot;&quot;,&quot;camera&quot;:&quot;&quot;,&quot;caption&quot;:&quot;&quot;,&quot;created_timestamp&quot;:&quot;0&quot;,&quot;copyright&quot;:&quot;&quot;,&quot;focal_length&quot;:&quot;0&quot;,&quot;iso&quot;:&quot;0&quot;,&quot;shutter_speed&quot;:&quot;0&quot;,&quot;title&quot;:&quot;&quot;,&quot;orientation&quot;:&quot;0&quot;}\" data-image-title=\"P1946691 Fort &amp;#8211; Foto TJ Krebs\" data-image-description=\"\" data-medium-file=\"https:\/\/i0.wp.com\/www.jazzzeitung.de\/cms\/wp-content\/uploads\/2022\/07\/P1946691-Fort-Foto-TJ-Krebs.jpg?fit=203%2C300&#038;ssl=1\" data-large-file=\"https:\/\/i0.wp.com\/www.jazzzeitung.de\/cms\/wp-content\/uploads\/2022\/07\/P1946691-Fort-Foto-TJ-Krebs.jpg?fit=406%2C600&#038;ssl=1\" src=\"https:\/\/i0.wp.com\/www.jazzzeitung.de\/cms\/wp-content\/uploads\/2022\/07\/P1946691-Fort-Foto-TJ-Krebs.jpg?w=259&#038;h=382&#038;ssl=1\" srcset=\"https:\/\/i0.wp.com\/www.jazzzeitung.de\/cms\/wp-content\/uploads\/2022\/07\/P1946691-Fort-Foto-TJ-Krebs.jpg?w=800&amp;ssl=1 800w, https:\/\/i0.wp.com\/www.jazzzeitung.de\/cms\/wp-content\/uploads\/2022\/07\/P1946691-Fort-Foto-TJ-Krebs.jpg?resize=203%2C300&amp;ssl=1 203w, https:\/\/i0.wp.com\/www.jazzzeitung.de\/cms\/wp-content\/uploads\/2022\/07\/P1946691-Fort-Foto-TJ-Krebs.jpg?resize=406%2C600&amp;ssl=1 406w, https:\/\/i0.wp.com\/www.jazzzeitung.de\/cms\/wp-content\/uploads\/2022\/07\/P1946691-Fort-Foto-TJ-Krebs.jpg?resize=768%2C1136&amp;ssl=1 768w\" width=\"259\" height=\"382\" loading=\"lazy\" data-original-width=\"259\" data-original-height=\"382\" itemprop=\"http:\/\/schema.org\/image\" title=\"P1946691 Fort - Foto TJ Krebs\" alt=\"Anat Fort. Foto Thomas J. Krebs\" style=\"width: 259px; height: 382px;\" \/> <\/a> <div class=\"tiled-gallery-caption\" itemprop=\"caption description\"> Anat Fort. Foto Thomas J. Krebs <\/div> <\/div> <\/div> <!-- close group --> <\/div> <!-- close row --> <\/div>\n<p>Die Fachjury begr\u00fcndete ihre Entscheidung wie folgt: \u201eMehr denn je h\u00e4tte jedes der beiden Ensembles heuer den BMW Welt Jazz Award verdient gehabt, auf so ganz unterschiedliche Art einmalig pr\u00e4sentierten sie sich. Die Jury entschied sich diesmal f\u00fcr Marco Mezquida und sein Trio. F\u00fcr seine Grandezza am Klavier, die sich das Beste vieler Welten angeeignet hat, aber ihre Herkunft nie verleugnet. Vor allem aber, weil ihm in den seinem neugeborenen Sohn gewidmeten Jazz-Kinderszenen das Kunstst\u00fcck gelingt, fast ausschlie\u00dflich die helle, fr\u00f6hliche, gl\u00fcckliche Seite der Musik anzuschlagen. Ein Auftritt mit geradezu heilender Wirkung, in diesen Zeiten vielleicht so wichtig und n\u00f6tig wie nie. \u201c<\/p>\n<div class=\"tiled-gallery type-rectangular tiled-gallery-unresized\" data-original-width=\"840\" data-carousel-extra='{&quot;blog_id&quot;:1,&quot;permalink&quot;:&quot;https:\\\/\\\/www.jazzzeitung.de\\\/cms\\\/2022\\\/07\\\/marco-mezquida-trio-gewinnt-bmw-welt-jazz-award-2022\\\/&quot;,&quot;likes_blog_id&quot;:55446655}' itemscope itemtype=\"http:\/\/schema.org\/ImageGallery\" > <div class=\"gallery-row\" style=\"width: 840px; height: 376px;\" data-original-width=\"840\" data-original-height=\"376\" > <div class=\"gallery-group images-1\" style=\"width: 562px; height: 376px;\" data-original-width=\"562\" data-original-height=\"376\" > <div class=\"tiled-gallery-item tiled-gallery-item-large\" itemprop=\"associatedMedia\" itemscope itemtype=\"http:\/\/schema.org\/ImageObject\"> <a href=\"https:\/\/www.jazzzeitung.de\/cms\/2022\/07\/marco-mezquida-trio-gewinnt-bmw-welt-jazz-award-2022\/p1946655-fort-trio-foto-tj-krebs\/\" border=\"0\" itemprop=\"url\"> <meta itemprop=\"width\" content=\"558\"> <meta itemprop=\"height\" content=\"372\"> <img decoding=\"async\" class=\"\" data-attachment-id=\"27757\" data-orig-file=\"https:\/\/www.jazzzeitung.de\/cms\/wp-content\/uploads\/2022\/07\/P1946655-Fort-Trio-Foto-TJ-Krebs.jpg\" data-orig-size=\"1200,800\" data-comments-opened=\"1\" data-image-meta=\"{&quot;aperture&quot;:&quot;0&quot;,&quot;credit&quot;:&quot;&quot;,&quot;camera&quot;:&quot;&quot;,&quot;caption&quot;:&quot;&quot;,&quot;created_timestamp&quot;:&quot;0&quot;,&quot;copyright&quot;:&quot;&quot;,&quot;focal_length&quot;:&quot;0&quot;,&quot;iso&quot;:&quot;0&quot;,&quot;shutter_speed&quot;:&quot;0&quot;,&quot;title&quot;:&quot;&quot;,&quot;orientation&quot;:&quot;0&quot;}\" data-image-title=\"P1946655 Fort Trio &amp;#8211; Foto TJ Krebs\" data-image-description=\"\" data-medium-file=\"https:\/\/i0.wp.com\/www.jazzzeitung.de\/cms\/wp-content\/uploads\/2022\/07\/P1946655-Fort-Trio-Foto-TJ-Krebs.jpg?fit=300%2C200&#038;ssl=1\" data-large-file=\"https:\/\/i0.wp.com\/www.jazzzeitung.de\/cms\/wp-content\/uploads\/2022\/07\/P1946655-Fort-Trio-Foto-TJ-Krebs.jpg?fit=840%2C560&#038;ssl=1\" src=\"https:\/\/i0.wp.com\/www.jazzzeitung.de\/cms\/wp-content\/uploads\/2022\/07\/P1946655-Fort-Trio-Foto-TJ-Krebs.jpg?w=558&#038;h=372&#038;ssl=1\" srcset=\"https:\/\/i0.wp.com\/www.jazzzeitung.de\/cms\/wp-content\/uploads\/2022\/07\/P1946655-Fort-Trio-Foto-TJ-Krebs.jpg?w=1200&amp;ssl=1 1200w, https:\/\/i0.wp.com\/www.jazzzeitung.de\/cms\/wp-content\/uploads\/2022\/07\/P1946655-Fort-Trio-Foto-TJ-Krebs.jpg?resize=300%2C200&amp;ssl=1 300w, https:\/\/i0.wp.com\/www.jazzzeitung.de\/cms\/wp-content\/uploads\/2022\/07\/P1946655-Fort-Trio-Foto-TJ-Krebs.jpg?resize=900%2C600&amp;ssl=1 900w, https:\/\/i0.wp.com\/www.jazzzeitung.de\/cms\/wp-content\/uploads\/2022\/07\/P1946655-Fort-Trio-Foto-TJ-Krebs.jpg?resize=768%2C512&amp;ssl=1 768w, https:\/\/i0.wp.com\/www.jazzzeitung.de\/cms\/wp-content\/uploads\/2022\/07\/P1946655-Fort-Trio-Foto-TJ-Krebs.jpg?resize=120%2C80&amp;ssl=1 120w\" width=\"558\" height=\"372\" loading=\"lazy\" data-original-width=\"558\" data-original-height=\"372\" itemprop=\"http:\/\/schema.org\/image\" title=\"P1946655 Fort Trio - Foto TJ Krebs\" alt=\"Das Anat Fort Trio mit Garry Wang am Kontrbass und Roland Schneider am Schlagzeug. Foto: Thomas J. Krebs\" style=\"width: 558px; height: 372px;\" \/> <\/a> <div class=\"tiled-gallery-caption\" itemprop=\"caption description\"> Das Anat Fort Trio mit Garry Wang am Kontrbass und Roland Schneider am Schlagzeug. Foto: Thomas J. Krebs <\/div> <\/div> <\/div> <!-- close group --> <div class=\"gallery-group images-2\" style=\"width: 278px; height: 376px;\" data-original-width=\"278\" data-original-height=\"376\" > <div class=\"tiled-gallery-item tiled-gallery-item-large\" itemprop=\"associatedMedia\" itemscope itemtype=\"http:\/\/schema.org\/ImageObject\"> <a href=\"https:\/\/www.jazzzeitung.de\/cms\/2022\/07\/marco-mezquida-trio-gewinnt-bmw-welt-jazz-award-2022\/p1957033-mezquida-trio-foto-tj-krebs-2\/\" border=\"0\" itemprop=\"url\"> <meta itemprop=\"width\" content=\"274\"> <meta itemprop=\"height\" content=\"185\"> <img decoding=\"async\" class=\"\" data-attachment-id=\"27758\" data-orig-file=\"https:\/\/www.jazzzeitung.de\/cms\/wp-content\/uploads\/2022\/07\/P1957033-Mezquida-Trio-Foto-TJ-Krebs-1.jpg\" data-orig-size=\"1200,811\" data-comments-opened=\"1\" data-image-meta=\"{&quot;aperture&quot;:&quot;0&quot;,&quot;credit&quot;:&quot;&quot;,&quot;camera&quot;:&quot;&quot;,&quot;caption&quot;:&quot;&quot;,&quot;created_timestamp&quot;:&quot;0&quot;,&quot;copyright&quot;:&quot;&quot;,&quot;focal_length&quot;:&quot;0&quot;,&quot;iso&quot;:&quot;0&quot;,&quot;shutter_speed&quot;:&quot;0&quot;,&quot;title&quot;:&quot;&quot;,&quot;orientation&quot;:&quot;0&quot;}\" data-image-title=\"P1957033 Mezquida Trio &amp;#8211; Foto TJ Krebs\" data-image-description=\"\" data-medium-file=\"https:\/\/i0.wp.com\/www.jazzzeitung.de\/cms\/wp-content\/uploads\/2022\/07\/P1957033-Mezquida-Trio-Foto-TJ-Krebs-1.jpg?fit=300%2C203&#038;ssl=1\" data-large-file=\"https:\/\/i0.wp.com\/www.jazzzeitung.de\/cms\/wp-content\/uploads\/2022\/07\/P1957033-Mezquida-Trio-Foto-TJ-Krebs-1.jpg?fit=840%2C568&#038;ssl=1\" src=\"https:\/\/i0.wp.com\/www.jazzzeitung.de\/cms\/wp-content\/uploads\/2022\/07\/P1957033-Mezquida-Trio-Foto-TJ-Krebs-1.jpg?w=274&#038;h=185&#038;ssl=1\" srcset=\"https:\/\/i0.wp.com\/www.jazzzeitung.de\/cms\/wp-content\/uploads\/2022\/07\/P1957033-Mezquida-Trio-Foto-TJ-Krebs-1.jpg?w=1200&amp;ssl=1 1200w, https:\/\/i0.wp.com\/www.jazzzeitung.de\/cms\/wp-content\/uploads\/2022\/07\/P1957033-Mezquida-Trio-Foto-TJ-Krebs-1.jpg?resize=300%2C203&amp;ssl=1 300w, https:\/\/i0.wp.com\/www.jazzzeitung.de\/cms\/wp-content\/uploads\/2022\/07\/P1957033-Mezquida-Trio-Foto-TJ-Krebs-1.jpg?resize=888%2C600&amp;ssl=1 888w, https:\/\/i0.wp.com\/www.jazzzeitung.de\/cms\/wp-content\/uploads\/2022\/07\/P1957033-Mezquida-Trio-Foto-TJ-Krebs-1.jpg?resize=768%2C519&amp;ssl=1 768w, https:\/\/i0.wp.com\/www.jazzzeitung.de\/cms\/wp-content\/uploads\/2022\/07\/P1957033-Mezquida-Trio-Foto-TJ-Krebs-1.jpg?resize=120%2C80&amp;ssl=1 120w\" width=\"274\" height=\"185\" loading=\"lazy\" data-original-width=\"274\" data-original-height=\"185\" itemprop=\"http:\/\/schema.org\/image\" title=\"P1957033 Mezquida Trio - Foto TJ Krebs\" alt=\"Das Marco Mezquida Trio mit dem Cellisten Mart\u00edn Mel\u00e9ndez und dem Perkussionisten Aleix Tobias. Foto: Thomas J. Krebs\" style=\"width: 274px; height: 185px;\" \/> <\/a> <div class=\"tiled-gallery-caption\" itemprop=\"caption description\"> Das Marco Mezquida Trio mit dem Cellisten Mart\u00edn Mel\u00e9ndez und dem Perkussionisten Aleix Tobias. Foto: Thomas J. Krebs <\/div> <\/div> <div class=\"tiled-gallery-item tiled-gallery-item-large\" itemprop=\"associatedMedia\" itemscope itemtype=\"http:\/\/schema.org\/ImageObject\"> <a href=\"https:\/\/www.jazzzeitung.de\/cms\/2022\/07\/marco-mezquida-trio-gewinnt-bmw-welt-jazz-award-2022\/p90471848_highres_final-concert-of-the\/\" border=\"0\" itemprop=\"url\"> <meta itemprop=\"width\" content=\"274\"> <meta itemprop=\"height\" content=\"183\"> <img decoding=\"async\" class=\"\" data-attachment-id=\"27759\" data-orig-file=\"https:\/\/www.jazzzeitung.de\/cms\/wp-content\/uploads\/2022\/07\/P90471848_highRes_final-concert-of-the-scaled.jpg\" data-orig-size=\"2560,1707\" data-comments-opened=\"1\" data-image-meta=\"{&quot;aperture&quot;:&quot;5&quot;,&quot;credit&quot;:&quot;&quot;,&quot;camera&quot;:&quot;ILCE-1&quot;,&quot;caption&quot;:&quot;&quot;,&quot;created_timestamp&quot;:&quot;1657402561&quot;,&quot;copyright&quot;:&quot;&quot;,&quot;focal_length&quot;:&quot;24&quot;,&quot;iso&quot;:&quot;1600&quot;,&quot;shutter_speed&quot;:&quot;0.008&quot;,&quot;title&quot;:&quot;&quot;,&quot;orientation&quot;:&quot;1&quot;}\" data-image-title=\"P90471848_highRes_final-concert-of-the\" data-image-description=\"\" data-medium-file=\"https:\/\/i0.wp.com\/www.jazzzeitung.de\/cms\/wp-content\/uploads\/2022\/07\/P90471848_highRes_final-concert-of-the-scaled.jpg?fit=300%2C200&#038;ssl=1\" data-large-file=\"https:\/\/i0.wp.com\/www.jazzzeitung.de\/cms\/wp-content\/uploads\/2022\/07\/P90471848_highRes_final-concert-of-the-scaled.jpg?fit=840%2C560&#038;ssl=1\" src=\"https:\/\/i0.wp.com\/www.jazzzeitung.de\/cms\/wp-content\/uploads\/2022\/07\/P90471848_highRes_final-concert-of-the-scaled.jpg?w=274&#038;h=183&#038;ssl=1\" srcset=\"https:\/\/i0.wp.com\/www.jazzzeitung.de\/cms\/wp-content\/uploads\/2022\/07\/P90471848_highRes_final-concert-of-the-scaled.jpg?w=2560&amp;ssl=1 2560w, https:\/\/i0.wp.com\/www.jazzzeitung.de\/cms\/wp-content\/uploads\/2022\/07\/P90471848_highRes_final-concert-of-the-scaled.jpg?resize=300%2C200&amp;ssl=1 300w, https:\/\/i0.wp.com\/www.jazzzeitung.de\/cms\/wp-content\/uploads\/2022\/07\/P90471848_highRes_final-concert-of-the-scaled.jpg?resize=900%2C600&amp;ssl=1 900w, https:\/\/i0.wp.com\/www.jazzzeitung.de\/cms\/wp-content\/uploads\/2022\/07\/P90471848_highRes_final-concert-of-the-scaled.jpg?resize=768%2C512&amp;ssl=1 768w, https:\/\/i0.wp.com\/www.jazzzeitung.de\/cms\/wp-content\/uploads\/2022\/07\/P90471848_highRes_final-concert-of-the-scaled.jpg?resize=1536%2C1024&amp;ssl=1 1536w, https:\/\/i0.wp.com\/www.jazzzeitung.de\/cms\/wp-content\/uploads\/2022\/07\/P90471848_highRes_final-concert-of-the-scaled.jpg?resize=2048%2C1365&amp;ssl=1 2048w, https:\/\/i0.wp.com\/www.jazzzeitung.de\/cms\/wp-content\/uploads\/2022\/07\/P90471848_highRes_final-concert-of-the-scaled.jpg?resize=120%2C80&amp;ssl=1 120w, https:\/\/i0.wp.com\/www.jazzzeitung.de\/cms\/wp-content\/uploads\/2022\/07\/P90471848_highRes_final-concert-of-the-scaled.jpg?resize=1320%2C880&amp;ssl=1 1320w, https:\/\/i0.wp.com\/www.jazzzeitung.de\/cms\/wp-content\/uploads\/2022\/07\/P90471848_highRes_final-concert-of-the-scaled.jpg?w=1680&amp;ssl=1 1680w\" width=\"274\" height=\"183\" loading=\"lazy\" data-original-width=\"274\" data-original-height=\"183\" itemprop=\"http:\/\/schema.org\/image\" title=\"P90471848_highRes_final-concert-of-the\" alt=\"Nach dem Finale des BMW Welt Jazz Award 2022, v.l.n.r.: Tatjana Bister (Leiterin BMW Welt), Mart\u00edn Mel\u00e9ndez (Cello), Marco Mezquida (Klavier), Aleix Tobias (Schlagzeug) und Ilka Horstmeier (Mitglied des Vorstands der BMW AG). Foto: Enes Kucevic.\" style=\"width: 274px; height: 183px;\" \/> <\/a> <div class=\"tiled-gallery-caption\" itemprop=\"caption description\"> Nach dem Finale des BMW Welt Jazz Award 2022, v.l.n.r.: Tatjana Bister (Leiterin BMW Welt), Mart\u00edn Mel\u00e9ndez (Cello), Marco Mezquida (Klavier), Aleix Tobias (Schlagzeug) und Ilka Horstmeier (Mitglied des Vorstands der BMW AG). Foto: Enes Kucevic. <\/div> <\/div> <\/div> <!-- close group --> <\/div> <!-- close row --> <\/div>\n<p>Gemeinsam mit dem Kulturreferenten der Landeshauptstadt M\u00fcnchen, Anton Biebl, \u00fcberreichte Ilka Horstmeier, Mitglied des Vorstands der BMW AG, Personal und Immobilien, Arbeitsdirektorin, die eigens von BMW Design entworfene Troph\u00e4e an die Gewinner. Zus\u00e4tzlich erh\u00e4lt das Marco Mezquida Trio ein Preisgeld in H\u00f6he von 10.000 Euro. Auch die Auswertung der Publikumsstimmen zeigte, dass das Marco Mezquida Trio die Zuh\u00f6rer beim Auswahlkonzert f\u00fcr sich begeistern konnte. Daher ging der Publikumspreis, pr\u00e4miert mit 1.000 Euro, dieses Jahr ebenfalls an das Gewinnerensemble. Das zweitplatzierte Trio rund um Anat Fort wird mit einer Pr\u00e4mie in H\u00f6he von 5.000 Euro geehrt.<\/p>\n<p>Sechs renommierte internationale Ensembles konnten im M\u00e4rz und April die Jury und G\u00e4ste im Doppelkegel der BMW Welt von sich \u00fcberzeugen. Neben den Finalisten waren dies das Julia H\u00fclsmann Trio (Deutschland), das Jacob Karlzon Trio (Schweden), das Giovanni Guidi Quintet (Italien) und das Ashley Henry Quartet (Gro\u00dfbritannien).<\/p>\n<p>Das Beitragsbild zeigt den Gewinner der Troph\u00e4e, Marco Mezquida. Foto: Thomas J. Krebs<\/p>\n","protected":false},"excerpt":{"rendered":"<p>M\u00fcnchen. Beim Finale des BMW Welt Jazz Award 2022 am vergangenen Samstag konnte das Marco Mezquida Trio die Experten-Jury von sich \u00fcberzeugen. Zusammen mit Aleix Tobias am Schlagzeug und Mart\u00edn Mel\u00e9ndez am Cello setzte sich der Pianist Marco Mezquida am Samstagabend beim Finale im Auditorium der BMW Welt gegen das Anat Fort Trio durch. Die Fachjury begr\u00fcndete ihre Entscheidung wie folgt: \u201eMehr denn je h\u00e4tte jedes der beiden Ensembles heuer den BMW Welt Jazz Award verdient gehabt, auf so ganz unterschiedliche Art einmalig pr\u00e4sentierten sie sich. Die Jury entschied sich diesmal f\u00fcr Marco Mezquida und sein Trio. F\u00fcr seine Grandezza am Klavier, die sich das Beste vieler Welten angeeignet hat, aber ihre Herkunft nie verleugnet. Vor allem aber, weil ihm in den seinem neugeborenen Sohn gewidmeten Jazz-Kinderszenen das Kunstst\u00fcck gelingt, fast ausschlie\u00dflich die helle, fr\u00f6hliche, gl\u00fcckliche Seite der Musik anzuschlagen. Ein Auftritt mit geradezu heilender Wirkung, in diesen Zeiten vielleicht so wichtig und n\u00f6tig wie nie. \u201c Gemeinsam mit dem Kulturreferenten der Landeshauptstadt M\u00fcnchen, Anton Biebl, \u00fcberreichte Ilka Horstmeier, Mitglied des Vorstands der BMW AG, Personal und Immobilien, Arbeitsdirektorin, die eigens von BMW Design entworfene &hellip;<\/p>\n","protected":false},"author":18,"featured_media":27753,"comment_status":"open","ping_status":"closed","sticky":false,"template":"","format":"standard","meta":{"_jetpack_memberships_contains_paid_content":false,"footnotes":"","jetpack_publicize_message":"","jetpack_publicize_feature_enabled":true,"jetpack_social_post_already_shared":false,"jetpack_social_options":{"image_generator_settings":{"template":"highway","default_image_id":0,"font":"","enabled":false},"version":2}},"categories":[633],"tags":[4023,86,4190,2417],"coauthors":[695],"class_list":["post-27751","post","type-post","status-publish","format-standard","has-post-thumbnail","hentry","category-nachrichten","tag-anat-fort","tag-bmw-welt-jazz-award","tag-ilka-horstmeier","tag-marco-mezquida"],"yoast_head":"<!-- This site is optimized with the Yoast SEO plugin v27.5 - https:\/\/yoast.com\/product\/yoast-seo-wordpress\/ -->\n<title>Marco Mezquida Trio gewinnt BMW Welt Jazz Award 2022 - JazzZeitung<\/title>\n<meta name=\"robots\" content=\"index, follow, max-snippet:-1, max-image-preview:large, max-video-preview:-1\" \/>\n<link rel=\"canonical\" href=\"https:\/\/www.jazzzeitung.de\/cms\/2022\/07\/marco-mezquida-trio-gewinnt-bmw-welt-jazz-award-2022\/\" \/>\n<meta property=\"og:locale\" content=\"de_DE\" \/>\n<meta property=\"og:type\" content=\"article\" \/>\n<meta property=\"og:title\" content=\"Marco Mezquida Trio gewinnt BMW Welt Jazz Award 2022 - JazzZeitung\" \/>\n<meta property=\"og:description\" content=\"M\u00fcnchen. Beim Finale des BMW Welt Jazz Award 2022 am vergangenen Samstag konnte das Marco Mezquida Trio die Experten-Jury von sich \u00fcberzeugen. Zusammen mit Aleix Tobias am Schlagzeug und Mart\u00edn Mel\u00e9ndez am Cello setzte sich der Pianist Marco Mezquida am Samstagabend beim Finale im Auditorium der BMW Welt gegen das Anat Fort Trio durch. Die Fachjury begr\u00fcndete ihre Entscheidung wie folgt: \u201eMehr denn je h\u00e4tte jedes der beiden Ensembles heuer den BMW Welt Jazz Award verdient gehabt, auf so ganz unterschiedliche Art einmalig pr\u00e4sentierten sie sich. Die Jury entschied sich diesmal f\u00fcr Marco Mezquida und sein Trio. F\u00fcr seine Grandezza am Klavier, die sich das Beste vieler Welten angeeignet hat, aber ihre Herkunft nie verleugnet. Vor allem aber, weil ihm in den seinem neugeborenen Sohn gewidmeten Jazz-Kinderszenen das Kunstst\u00fcck gelingt, fast ausschlie\u00dflich die helle, fr\u00f6hliche, gl\u00fcckliche Seite der Musik anzuschlagen. Ein Auftritt mit geradezu heilender Wirkung, in diesen Zeiten vielleicht so wichtig und n\u00f6tig wie nie. \u201c Gemeinsam mit dem Kulturreferenten der Landeshauptstadt M\u00fcnchen, Anton Biebl, \u00fcberreichte Ilka Horstmeier, Mitglied des Vorstands der BMW AG, Personal und Immobilien, Arbeitsdirektorin, die eigens von BMW Design entworfene &hellip;\" \/>\n<meta property=\"og:url\" content=\"https:\/\/www.jazzzeitung.de\/cms\/2022\/07\/marco-mezquida-trio-gewinnt-bmw-welt-jazz-award-2022\/\" \/>\n<meta property=\"og:site_name\" content=\"JazzZeitung\" \/>\n<meta property=\"article:publisher\" content=\"https:\/\/www.facebook.com\/JazzZeitung\/\" \/>\n<meta property=\"article:published_time\" content=\"2022-07-11T13:23:12+00:00\" \/>\n<meta property=\"article:modified_time\" content=\"2022-07-13T08:51:00+00:00\" \/>\n<meta property=\"og:image\" content=\"https:\/\/www.jazzzeitung.de\/cms\/wp-content\/uploads\/2022\/07\/P1957019-Mezquida-Foto-TJ-Krebs.jpg\" \/>\n\t<meta property=\"og:image:width\" content=\"1500\" \/>\n\t<meta property=\"og:image:height\" content=\"1028\" \/>\n\t<meta property=\"og:image:type\" content=\"image\/jpeg\" \/>\n<meta name=\"author\" content=\"Redaktion JazzZeitung\" \/>\n<script type=\"application\/ld+json\" class=\"yoast-schema-graph\">{\"@context\":\"https:\\\/\\\/schema.org\",\"@graph\":[{\"@type\":\"Article\",\"@id\":\"https:\\\/\\\/www.jazzzeitung.de\\\/cms\\\/2022\\\/07\\\/marco-mezquida-trio-gewinnt-bmw-welt-jazz-award-2022\\\/#article\",\"isPartOf\":{\"@id\":\"https:\\\/\\\/www.jazzzeitung.de\\\/cms\\\/2022\\\/07\\\/marco-mezquida-trio-gewinnt-bmw-welt-jazz-award-2022\\\/\"},\"author\":{\"name\":\"Redaktion JazzZeitung\",\"@id\":\"https:\\\/\\\/www.jazzzeitung.de\\\/cms\\\/#\\\/schema\\\/person\\\/2245b36b9cd1d24cea10f01c031fb92b\"},\"headline\":\"Marco Mezquida Trio gewinnt BMW Welt Jazz Award 2022\",\"datePublished\":\"2022-07-11T13:23:12+00:00\",\"dateModified\":\"2022-07-13T08:51:00+00:00\",\"mainEntityOfPage\":{\"@id\":\"https:\\\/\\\/www.jazzzeitung.de\\\/cms\\\/2022\\\/07\\\/marco-mezquida-trio-gewinnt-bmw-welt-jazz-award-2022\\\/\"},\"wordCount\":351,\"commentCount\":0,\"publisher\":{\"@id\":\"https:\\\/\\\/www.jazzzeitung.de\\\/cms\\\/#organization\"},\"image\":{\"@id\":\"https:\\\/\\\/www.jazzzeitung.de\\\/cms\\\/2022\\\/07\\\/marco-mezquida-trio-gewinnt-bmw-welt-jazz-award-2022\\\/#primaryimage\"},\"thumbnailUrl\":\"https:\\\/\\\/i0.wp.com\\\/www.jazzzeitung.de\\\/cms\\\/wp-content\\\/uploads\\\/2022\\\/07\\\/P1957019-Mezquida-Foto-TJ-Krebs.jpg?fit=1500%2C1028&ssl=1\",\"keywords\":[\"Anat Fort\",\"bmw welt jazz award\",\"Ilka Horstmeier\",\"Marco Mezquida\"],\"articleSection\":[\"News\"],\"inLanguage\":\"de\",\"potentialAction\":[{\"@type\":\"CommentAction\",\"name\":\"Comment\",\"target\":[\"https:\\\/\\\/www.jazzzeitung.de\\\/cms\\\/2022\\\/07\\\/marco-mezquida-trio-gewinnt-bmw-welt-jazz-award-2022\\\/#respond\"]}]},{\"@type\":\"WebPage\",\"@id\":\"https:\\\/\\\/www.jazzzeitung.de\\\/cms\\\/2022\\\/07\\\/marco-mezquida-trio-gewinnt-bmw-welt-jazz-award-2022\\\/\",\"url\":\"https:\\\/\\\/www.jazzzeitung.de\\\/cms\\\/2022\\\/07\\\/marco-mezquida-trio-gewinnt-bmw-welt-jazz-award-2022\\\/\",\"name\":\"Marco Mezquida Trio gewinnt BMW Welt Jazz Award 2022 - JazzZeitung\",\"isPartOf\":{\"@id\":\"https:\\\/\\\/www.jazzzeitung.de\\\/cms\\\/#website\"},\"primaryImageOfPage\":{\"@id\":\"https:\\\/\\\/www.jazzzeitung.de\\\/cms\\\/2022\\\/07\\\/marco-mezquida-trio-gewinnt-bmw-welt-jazz-award-2022\\\/#primaryimage\"},\"image\":{\"@id\":\"https:\\\/\\\/www.jazzzeitung.de\\\/cms\\\/2022\\\/07\\\/marco-mezquida-trio-gewinnt-bmw-welt-jazz-award-2022\\\/#primaryimage\"},\"thumbnailUrl\":\"https:\\\/\\\/i0.wp.com\\\/www.jazzzeitung.de\\\/cms\\\/wp-content\\\/uploads\\\/2022\\\/07\\\/P1957019-Mezquida-Foto-TJ-Krebs.jpg?fit=1500%2C1028&ssl=1\",\"datePublished\":\"2022-07-11T13:23:12+00:00\",\"dateModified\":\"2022-07-13T08:51:00+00:00\",\"breadcrumb\":{\"@id\":\"https:\\\/\\\/www.jazzzeitung.de\\\/cms\\\/2022\\\/07\\\/marco-mezquida-trio-gewinnt-bmw-welt-jazz-award-2022\\\/#breadcrumb\"},\"inLanguage\":\"de\",\"potentialAction\":[{\"@type\":\"ReadAction\",\"target\":[\"https:\\\/\\\/www.jazzzeitung.de\\\/cms\\\/2022\\\/07\\\/marco-mezquida-trio-gewinnt-bmw-welt-jazz-award-2022\\\/\"]}]},{\"@type\":\"ImageObject\",\"inLanguage\":\"de\",\"@id\":\"https:\\\/\\\/www.jazzzeitung.de\\\/cms\\\/2022\\\/07\\\/marco-mezquida-trio-gewinnt-bmw-welt-jazz-award-2022\\\/#primaryimage\",\"url\":\"https:\\\/\\\/i0.wp.com\\\/www.jazzzeitung.de\\\/cms\\\/wp-content\\\/uploads\\\/2022\\\/07\\\/P1957019-Mezquida-Foto-TJ-Krebs.jpg?fit=1500%2C1028&ssl=1\",\"contentUrl\":\"https:\\\/\\\/i0.wp.com\\\/www.jazzzeitung.de\\\/cms\\\/wp-content\\\/uploads\\\/2022\\\/07\\\/P1957019-Mezquida-Foto-TJ-Krebs.jpg?fit=1500%2C1028&ssl=1\",\"width\":1500,\"height\":1028},{\"@type\":\"BreadcrumbList\",\"@id\":\"https:\\\/\\\/www.jazzzeitung.de\\\/cms\\\/2022\\\/07\\\/marco-mezquida-trio-gewinnt-bmw-welt-jazz-award-2022\\\/#breadcrumb\",\"itemListElement\":[{\"@type\":\"ListItem\",\"position\":1,\"name\":\"Startseite\",\"item\":\"https:\\\/\\\/www.jazzzeitung.de\\\/cms\\\/\"},{\"@type\":\"ListItem\",\"position\":2,\"name\":\"Marco Mezquida Trio gewinnt BMW Welt Jazz Award 2022\"}]},{\"@type\":\"WebSite\",\"@id\":\"https:\\\/\\\/www.jazzzeitung.de\\\/cms\\\/#website\",\"url\":\"https:\\\/\\\/www.jazzzeitung.de\\\/cms\\\/\",\"name\":\"JazzZeitung\",\"description\":\"Jazz-News und Jazz-Kontroverses\",\"publisher\":{\"@id\":\"https:\\\/\\\/www.jazzzeitung.de\\\/cms\\\/#organization\"},\"potentialAction\":[{\"@type\":\"SearchAction\",\"target\":{\"@type\":\"EntryPoint\",\"urlTemplate\":\"https:\\\/\\\/www.jazzzeitung.de\\\/cms\\\/?s={search_term_string}\"},\"query-input\":{\"@type\":\"PropertyValueSpecification\",\"valueRequired\":true,\"valueName\":\"search_term_string\"}}],\"inLanguage\":\"de\"},{\"@type\":\"Organization\",\"@id\":\"https:\\\/\\\/www.jazzzeitung.de\\\/cms\\\/#organization\",\"name\":\"JazzZeitung online\",\"url\":\"https:\\\/\\\/www.jazzzeitung.de\\\/cms\\\/\",\"logo\":{\"@type\":\"ImageObject\",\"inLanguage\":\"de\",\"@id\":\"https:\\\/\\\/www.jazzzeitung.de\\\/cms\\\/#\\\/schema\\\/logo\\\/image\\\/\",\"url\":\"https:\\\/\\\/i0.wp.com\\\/www.jazzzeitung.de\\\/cms\\\/wp-content\\\/uploads\\\/2015\\\/08\\\/JAZZZEITUNGDE_Logo_Neu.png?fit=499%2C200&ssl=1\",\"contentUrl\":\"https:\\\/\\\/i0.wp.com\\\/www.jazzzeitung.de\\\/cms\\\/wp-content\\\/uploads\\\/2015\\\/08\\\/JAZZZEITUNGDE_Logo_Neu.png?fit=499%2C200&ssl=1\",\"width\":499,\"height\":200,\"caption\":\"JazzZeitung online\"},\"image\":{\"@id\":\"https:\\\/\\\/www.jazzzeitung.de\\\/cms\\\/#\\\/schema\\\/logo\\\/image\\\/\"},\"sameAs\":[\"https:\\\/\\\/www.facebook.com\\\/JazzZeitung\\\/\"]},{\"@type\":\"Person\",\"@id\":\"https:\\\/\\\/www.jazzzeitung.de\\\/cms\\\/#\\\/schema\\\/person\\\/2245b36b9cd1d24cea10f01c031fb92b\",\"name\":\"Redaktion JazzZeitung\",\"image\":{\"@type\":\"ImageObject\",\"inLanguage\":\"de\",\"@id\":\"https:\\\/\\\/i0.wp.com\\\/www.jazzzeitung.de\\\/cms\\\/wp-content\\\/uploads\\\/2015\\\/08\\\/JAZZZEITUNGDE_Logo_Neu.png?resize=96%2C96&ssl=159975dcacb611b5700bd619b5daf0a7a\",\"url\":\"https:\\\/\\\/i0.wp.com\\\/www.jazzzeitung.de\\\/cms\\\/wp-content\\\/uploads\\\/2015\\\/08\\\/JAZZZEITUNGDE_Logo_Neu.png?resize=96%2C96&ssl=1\",\"contentUrl\":\"https:\\\/\\\/i0.wp.com\\\/www.jazzzeitung.de\\\/cms\\\/wp-content\\\/uploads\\\/2015\\\/08\\\/JAZZZEITUNGDE_Logo_Neu.png?resize=96%2C96&ssl=1\",\"caption\":\"Redaktion JazzZeitung\"},\"description\":\"Artikel der Redaktion der JazzZeitung.\",\"sameAs\":[\"http:\\\/\\\/www.jazzzeitung.de\\\/cms\\\/\"],\"url\":\"https:\\\/\\\/www.jazzzeitung.de\\\/cms\\\/author\\\/redaktion\\\/\"}]}<\/script>\n<!-- \/ Yoast SEO plugin. -->","yoast_head_json":{"title":"Marco Mezquida Trio gewinnt BMW Welt Jazz Award 2022 - JazzZeitung","robots":{"index":"index","follow":"follow","max-snippet":"max-snippet:-1","max-image-preview":"max-image-preview:large","max-video-preview":"max-video-preview:-1"},"canonical":"https:\/\/www.jazzzeitung.de\/cms\/2022\/07\/marco-mezquida-trio-gewinnt-bmw-welt-jazz-award-2022\/","og_locale":"de_DE","og_type":"article","og_title":"Marco Mezquida Trio gewinnt BMW Welt Jazz Award 2022 - JazzZeitung","og_description":"M\u00fcnchen. Beim Finale des BMW Welt Jazz Award 2022 am vergangenen Samstag konnte das Marco Mezquida Trio die Experten-Jury von sich \u00fcberzeugen. Zusammen mit Aleix Tobias am Schlagzeug und Mart\u00edn Mel\u00e9ndez am Cello setzte sich der Pianist Marco Mezquida am Samstagabend beim Finale im Auditorium der BMW Welt gegen das Anat Fort Trio durch. Die Fachjury begr\u00fcndete ihre Entscheidung wie folgt: \u201eMehr denn je h\u00e4tte jedes der beiden Ensembles heuer den BMW Welt Jazz Award verdient gehabt, auf so ganz unterschiedliche Art einmalig pr\u00e4sentierten sie sich. Die Jury entschied sich diesmal f\u00fcr Marco Mezquida und sein Trio. F\u00fcr seine Grandezza am Klavier, die sich das Beste vieler Welten angeeignet hat, aber ihre Herkunft nie verleugnet. Vor allem aber, weil ihm in den seinem neugeborenen Sohn gewidmeten Jazz-Kinderszenen das Kunstst\u00fcck gelingt, fast ausschlie\u00dflich die helle, fr\u00f6hliche, gl\u00fcckliche Seite der Musik anzuschlagen. Ein Auftritt mit geradezu heilender Wirkung, in diesen Zeiten vielleicht so wichtig und n\u00f6tig wie nie. \u201c Gemeinsam mit dem Kulturreferenten der Landeshauptstadt M\u00fcnchen, Anton Biebl, \u00fcberreichte Ilka Horstmeier, Mitglied des Vorstands der BMW AG, Personal und Immobilien, Arbeitsdirektorin, die eigens von BMW Design entworfene &hellip;","og_url":"https:\/\/www.jazzzeitung.de\/cms\/2022\/07\/marco-mezquida-trio-gewinnt-bmw-welt-jazz-award-2022\/","og_site_name":"JazzZeitung","article_publisher":"https:\/\/www.facebook.com\/JazzZeitung\/","article_published_time":"2022-07-11T13:23:12+00:00","article_modified_time":"2022-07-13T08:51:00+00:00","og_image":[{"width":1500,"height":1028,"url":"https:\/\/www.jazzzeitung.de\/cms\/wp-content\/uploads\/2022\/07\/P1957019-Mezquida-Foto-TJ-Krebs.jpg","type":"image\/jpeg"}],"author":"Redaktion JazzZeitung","schema":{"@context":"https:\/\/schema.org","@graph":[{"@type":"Article","@id":"https:\/\/www.jazzzeitung.de\/cms\/2022\/07\/marco-mezquida-trio-gewinnt-bmw-welt-jazz-award-2022\/#article","isPartOf":{"@id":"https:\/\/www.jazzzeitung.de\/cms\/2022\/07\/marco-mezquida-trio-gewinnt-bmw-welt-jazz-award-2022\/"},"author":{"name":"Redaktion JazzZeitung","@id":"https:\/\/www.jazzzeitung.de\/cms\/#\/schema\/person\/2245b36b9cd1d24cea10f01c031fb92b"},"headline":"Marco Mezquida Trio gewinnt BMW Welt Jazz Award 2022","datePublished":"2022-07-11T13:23:12+00:00","dateModified":"2022-07-13T08:51:00+00:00","mainEntityOfPage":{"@id":"https:\/\/www.jazzzeitung.de\/cms\/2022\/07\/marco-mezquida-trio-gewinnt-bmw-welt-jazz-award-2022\/"},"wordCount":351,"commentCount":0,"publisher":{"@id":"https:\/\/www.jazzzeitung.de\/cms\/#organization"},"image":{"@id":"https:\/\/www.jazzzeitung.de\/cms\/2022\/07\/marco-mezquida-trio-gewinnt-bmw-welt-jazz-award-2022\/#primaryimage"},"thumbnailUrl":"https:\/\/i0.wp.com\/www.jazzzeitung.de\/cms\/wp-content\/uploads\/2022\/07\/P1957019-Mezquida-Foto-TJ-Krebs.jpg?fit=1500%2C1028&ssl=1","keywords":["Anat Fort","bmw welt jazz award","Ilka Horstmeier","Marco Mezquida"],"articleSection":["News"],"inLanguage":"de","potentialAction":[{"@type":"CommentAction","name":"Comment","target":["https:\/\/www.jazzzeitung.de\/cms\/2022\/07\/marco-mezquida-trio-gewinnt-bmw-welt-jazz-award-2022\/#respond"]}]},{"@type":"WebPage","@id":"https:\/\/www.jazzzeitung.de\/cms\/2022\/07\/marco-mezquida-trio-gewinnt-bmw-welt-jazz-award-2022\/","url":"https:\/\/www.jazzzeitung.de\/cms\/2022\/07\/marco-mezquida-trio-gewinnt-bmw-welt-jazz-award-2022\/","name":"Marco Mezquida Trio gewinnt BMW Welt Jazz Award 2022 - JazzZeitung","isPartOf":{"@id":"https:\/\/www.jazzzeitung.de\/cms\/#website"},"primaryImageOfPage":{"@id":"https:\/\/www.jazzzeitung.de\/cms\/2022\/07\/marco-mezquida-trio-gewinnt-bmw-welt-jazz-award-2022\/#primaryimage"},"image":{"@id":"https:\/\/www.jazzzeitung.de\/cms\/2022\/07\/marco-mezquida-trio-gewinnt-bmw-welt-jazz-award-2022\/#primaryimage"},"thumbnailUrl":"https:\/\/i0.wp.com\/www.jazzzeitung.de\/cms\/wp-content\/uploads\/2022\/07\/P1957019-Mezquida-Foto-TJ-Krebs.jpg?fit=1500%2C1028&ssl=1","datePublished":"2022-07-11T13:23:12+00:00","dateModified":"2022-07-13T08:51:00+00:00","breadcrumb":{"@id":"https:\/\/www.jazzzeitung.de\/cms\/2022\/07\/marco-mezquida-trio-gewinnt-bmw-welt-jazz-award-2022\/#breadcrumb"},"inLanguage":"de","potentialAction":[{"@type":"ReadAction","target":["https:\/\/www.jazzzeitung.de\/cms\/2022\/07\/marco-mezquida-trio-gewinnt-bmw-welt-jazz-award-2022\/"]}]},{"@type":"ImageObject","inLanguage":"de","@id":"https:\/\/www.jazzzeitung.de\/cms\/2022\/07\/marco-mezquida-trio-gewinnt-bmw-welt-jazz-award-2022\/#primaryimage","url":"https:\/\/i0.wp.com\/www.jazzzeitung.de\/cms\/wp-content\/uploads\/2022\/07\/P1957019-Mezquida-Foto-TJ-Krebs.jpg?fit=1500%2C1028&ssl=1","contentUrl":"https:\/\/i0.wp.com\/www.jazzzeitung.de\/cms\/wp-content\/uploads\/2022\/07\/P1957019-Mezquida-Foto-TJ-Krebs.jpg?fit=1500%2C1028&ssl=1","width":1500,"height":1028},{"@type":"BreadcrumbList","@id":"https:\/\/www.jazzzeitung.de\/cms\/2022\/07\/marco-mezquida-trio-gewinnt-bmw-welt-jazz-award-2022\/#breadcrumb","itemListElement":[{"@type":"ListItem","position":1,"name":"Startseite","item":"https:\/\/www.jazzzeitung.de\/cms\/"},{"@type":"ListItem","position":2,"name":"Marco Mezquida Trio gewinnt BMW Welt Jazz Award 2022"}]},{"@type":"WebSite","@id":"https:\/\/www.jazzzeitung.de\/cms\/#website","url":"https:\/\/www.jazzzeitung.de\/cms\/","name":"JazzZeitung","description":"Jazz-News und Jazz-Kontroverses","publisher":{"@id":"https:\/\/www.jazzzeitung.de\/cms\/#organization"},"potentialAction":[{"@type":"SearchAction","target":{"@type":"EntryPoint","urlTemplate":"https:\/\/www.jazzzeitung.de\/cms\/?s={search_term_string}"},"query-input":{"@type":"PropertyValueSpecification","valueRequired":true,"valueName":"search_term_string"}}],"inLanguage":"de"},{"@type":"Organization","@id":"https:\/\/www.jazzzeitung.de\/cms\/#organization","name":"JazzZeitung online","url":"https:\/\/www.jazzzeitung.de\/cms\/","logo":{"@type":"ImageObject","inLanguage":"de","@id":"https:\/\/www.jazzzeitung.de\/cms\/#\/schema\/logo\/image\/","url":"https:\/\/i0.wp.com\/www.jazzzeitung.de\/cms\/wp-content\/uploads\/2015\/08\/JAZZZEITUNGDE_Logo_Neu.png?fit=499%2C200&ssl=1","contentUrl":"https:\/\/i0.wp.com\/www.jazzzeitung.de\/cms\/wp-content\/uploads\/2015\/08\/JAZZZEITUNGDE_Logo_Neu.png?fit=499%2C200&ssl=1","width":499,"height":200,"caption":"JazzZeitung online"},"image":{"@id":"https:\/\/www.jazzzeitung.de\/cms\/#\/schema\/logo\/image\/"},"sameAs":["https:\/\/www.facebook.com\/JazzZeitung\/"]},{"@type":"Person","@id":"https:\/\/www.jazzzeitung.de\/cms\/#\/schema\/person\/2245b36b9cd1d24cea10f01c031fb92b","name":"Redaktion JazzZeitung","image":{"@type":"ImageObject","inLanguage":"de","@id":"https:\/\/i0.wp.com\/www.jazzzeitung.de\/cms\/wp-content\/uploads\/2015\/08\/JAZZZEITUNGDE_Logo_Neu.png?resize=96%2C96&ssl=159975dcacb611b5700bd619b5daf0a7a","url":"https:\/\/i0.wp.com\/www.jazzzeitung.de\/cms\/wp-content\/uploads\/2015\/08\/JAZZZEITUNGDE_Logo_Neu.png?resize=96%2C96&ssl=1","contentUrl":"https:\/\/i0.wp.com\/www.jazzzeitung.de\/cms\/wp-content\/uploads\/2015\/08\/JAZZZEITUNGDE_Logo_Neu.png?resize=96%2C96&ssl=1","caption":"Redaktion JazzZeitung"},"description":"Artikel der Redaktion der JazzZeitung.","sameAs":["http:\/\/www.jazzzeitung.de\/cms\/"],"url":"https:\/\/www.jazzzeitung.de\/cms\/author\/redaktion\/"}]}},"wp-worthy-pixel":{"ignored":false,"public":null,"server":null,"url":null},"wp-worthy-type":"normal","jetpack_publicize_connections":[],"cc_featured_image_caption":{"caption_text":"","source_text":"","source_url":""},"jetpack_featured_media_url":"https:\/\/i0.wp.com\/www.jazzzeitung.de\/cms\/wp-content\/uploads\/2022\/07\/P1957019-Mezquida-Foto-TJ-Krebs.jpg?fit=1500%2C1028&ssl=1","jetpack_shortlink":"https:\/\/wp.me\/p3KEcT-7dB","jetpack-related-posts":[{"id":27541,"url":"https:\/\/www.jazzzeitung.de\/cms\/2022\/06\/news-neuer-finalist-beim-bmw-welt-jazz-awardfinale-2022-das-marco-mezquida-trio\/","url_meta":{"origin":27751,"position":0},"title":"+++ news +++ Neuer Finalist beim BMW Welt Jazz Award Finale 2022: das Marco Mezquida Trio +++","author":"Redaktion JazzZeitung","date":"15. Juni 2022","format":false,"excerpt":"\"Anat Fort und Giovanni Guidi bestreiten das Finale\" hie\u00df es Ende April noch an dieser Stelle. Obwohl jeder Teilnehmer des BMW Welt Awards mit seiner Teilnahme am Wettbewerb die Zusage gibt, im Fall einer positiven Juryentscheidung auch das Finale zu spielen, musste Giovanni Guidi kurzfristig absagen. F\u00fcr die Jury stellte\u2026","rel":"","context":"In &quot;News&quot;","block_context":{"text":"News","link":"https:\/\/www.jazzzeitung.de\/cms\/thema\/nachrichten\/"},"img":{"alt_text":"","src":"https:\/\/i0.wp.com\/www.jazzzeitung.de\/cms\/wp-content\/uploads\/2022\/01\/P90449764_highRes_bmw-welt-jazz-award--scaled.jpg?fit=1200%2C800&ssl=1&resize=350%2C200","width":350,"height":200,"srcset":"https:\/\/i0.wp.com\/www.jazzzeitung.de\/cms\/wp-content\/uploads\/2022\/01\/P90449764_highRes_bmw-welt-jazz-award--scaled.jpg?fit=1200%2C800&ssl=1&resize=350%2C200 1x, https:\/\/i0.wp.com\/www.jazzzeitung.de\/cms\/wp-content\/uploads\/2022\/01\/P90449764_highRes_bmw-welt-jazz-award--scaled.jpg?fit=1200%2C800&ssl=1&resize=525%2C300 1.5x, https:\/\/i0.wp.com\/www.jazzzeitung.de\/cms\/wp-content\/uploads\/2022\/01\/P90449764_highRes_bmw-welt-jazz-award--scaled.jpg?fit=1200%2C800&ssl=1&resize=700%2C400 2x, https:\/\/i0.wp.com\/www.jazzzeitung.de\/cms\/wp-content\/uploads\/2022\/01\/P90449764_highRes_bmw-welt-jazz-award--scaled.jpg?fit=1200%2C800&ssl=1&resize=1050%2C600 3x"},"classes":[]},{"id":27149,"url":"https:\/\/www.jazzzeitung.de\/cms\/2022\/04\/das-marco-mezquida-trio-beim-bmw-welt-jazz-award-2022-key-positions\/","url_meta":{"origin":27751,"position":1},"title":"Das Marco Mezquida Trio beim BMW Welt Jazz Award 2022 &#8222;Key Position&#8220;","author":"Redaktion JazzZeitung","date":"20. April 2022","format":false,"excerpt":"Das f\u00fcnfte Konzert des BMW Welt Jazz Awards spielt das Marco Mezquida Trio in der BMW Welt. Der Pianist Marco Mezquida gilt als wichtiger Vertreter der aktuellen spanischen Jazzszene. Der aus Menorca stammende K\u00fcnstler konnte mit seinem Trio mit Mart\u00edn Mel\u00e9ndez am Cello und Aleix Tobias an Schlagzeug und Percussion\u2026","rel":"","context":"In &quot;Galerie&quot;","block_context":{"text":"Galerie","link":"https:\/\/www.jazzzeitung.de\/cms\/thema\/galerie\/"},"img":{"alt_text":"","src":"https:\/\/i0.wp.com\/www.jazzzeitung.de\/cms\/wp-content\/uploads\/2022\/04\/DSC06968.jpg?fit=1200%2C800&ssl=1&resize=350%2C200","width":350,"height":200,"srcset":"https:\/\/i0.wp.com\/www.jazzzeitung.de\/cms\/wp-content\/uploads\/2022\/04\/DSC06968.jpg?fit=1200%2C800&ssl=1&resize=350%2C200 1x, https:\/\/i0.wp.com\/www.jazzzeitung.de\/cms\/wp-content\/uploads\/2022\/04\/DSC06968.jpg?fit=1200%2C800&ssl=1&resize=525%2C300 1.5x, https:\/\/i0.wp.com\/www.jazzzeitung.de\/cms\/wp-content\/uploads\/2022\/04\/DSC06968.jpg?fit=1200%2C800&ssl=1&resize=700%2C400 2x, https:\/\/i0.wp.com\/www.jazzzeitung.de\/cms\/wp-content\/uploads\/2022\/04\/DSC06968.jpg?fit=1200%2C800&ssl=1&resize=1050%2C600 3x"},"classes":[]},{"id":26769,"url":"https:\/\/www.jazzzeitung.de\/cms\/2022\/03\/bmw-welt-jazz-award-2022-sechs-pianisten-mit-ihren-internationalen-ensembles-kaempfen-um-die-key-position\/","url_meta":{"origin":27751,"position":2},"title":"BMW Welt Jazz Award 2022: Sechs Pianisten mit ihren internationalen Ensembles k\u00e4mpfen um die &#8222;Key Position&#8220;.","author":"Redaktion JazzZeitung","date":"4. M\u00e4rz 2022","format":false,"excerpt":"Der BMW Weit Jazz Award geht 2022 in seine dreizehnte Saison. An sechs Soireen zwischen M\u00e4rz und April pr\u00e4sentieren sich unter dem Motto \"Key Position\" hochkar\u00e4tige, von Tastenk\u00f6niginnen und-k\u00f6nigen geleitete Jazz-Bands in der einzigartigen Atmosph\u00e4re des Doppelkegels der M\u00fcnchener BMW Weit. Es spielen Musikerinnen und Musiker aus Deutschland, Schweden, Is\u00adrael,\u2026","rel":"","context":"In &quot;News&quot;","block_context":{"text":"News","link":"https:\/\/www.jazzzeitung.de\/cms\/thema\/nachrichten\/"},"img":{"alt_text":"","src":"https:\/\/i0.wp.com\/www.jazzzeitung.de\/cms\/wp-content\/uploads\/2022\/02\/P90449758_highRes_bmw-welt-jazz-award--scaled.jpg?fit=1200%2C675&ssl=1&resize=350%2C200","width":350,"height":200,"srcset":"https:\/\/i0.wp.com\/www.jazzzeitung.de\/cms\/wp-content\/uploads\/2022\/02\/P90449758_highRes_bmw-welt-jazz-award--scaled.jpg?fit=1200%2C675&ssl=1&resize=350%2C200 1x, https:\/\/i0.wp.com\/www.jazzzeitung.de\/cms\/wp-content\/uploads\/2022\/02\/P90449758_highRes_bmw-welt-jazz-award--scaled.jpg?fit=1200%2C675&ssl=1&resize=525%2C300 1.5x, https:\/\/i0.wp.com\/www.jazzzeitung.de\/cms\/wp-content\/uploads\/2022\/02\/P90449758_highRes_bmw-welt-jazz-award--scaled.jpg?fit=1200%2C675&ssl=1&resize=700%2C400 2x, https:\/\/i0.wp.com\/www.jazzzeitung.de\/cms\/wp-content\/uploads\/2022\/02\/P90449758_highRes_bmw-welt-jazz-award--scaled.jpg?fit=1200%2C675&ssl=1&resize=1050%2C600 3x"},"classes":[]},{"id":26844,"url":"https:\/\/www.jazzzeitung.de\/cms\/2022\/03\/julia-huelsmann-trio-eroeffnet-die-12-konzert-competition-bmw-welt-jazz-award\/","url_meta":{"origin":27751,"position":3},"title":"Julia H\u00fclsmann Trio er\u00f6ffnet die 12. Konzert-Competition BMW Welt Jazz Award","author":"Redaktion JazzZeitung","date":"9. M\u00e4rz 2022","format":false,"excerpt":"Mit viel Liebe zum motivischen Detail er\u00f6ffnete das Julia H\u00fclsmann Trio die neue Runde des BMW-Welt Jazz Award. Nach der Corona-Zwangspause wollte man 2022 befreit wieder neustarten, die aktuelle politische Lage sorgte allerdings f\u00fcr eine entsprechend ged\u00e4mpfte Stimmung bei allen Teilnehmern. Das Konzert war gut besucht, die ber\u00fchmte Schlange vor\u2026","rel":"","context":"In &quot;Bericht&quot;","block_context":{"text":"Bericht","link":"https:\/\/www.jazzzeitung.de\/cms\/thema\/bericht\/"},"img":{"alt_text":"","src":"https:\/\/i0.wp.com\/www.jazzzeitung.de\/cms\/wp-content\/uploads\/2022\/03\/P1688409-Huelsman-Trio-Foto-TJ-Krebs.jpg?fit=1200%2C800&ssl=1&resize=350%2C200","width":350,"height":200,"srcset":"https:\/\/i0.wp.com\/www.jazzzeitung.de\/cms\/wp-content\/uploads\/2022\/03\/P1688409-Huelsman-Trio-Foto-TJ-Krebs.jpg?fit=1200%2C800&ssl=1&resize=350%2C200 1x, https:\/\/i0.wp.com\/www.jazzzeitung.de\/cms\/wp-content\/uploads\/2022\/03\/P1688409-Huelsman-Trio-Foto-TJ-Krebs.jpg?fit=1200%2C800&ssl=1&resize=525%2C300 1.5x, https:\/\/i0.wp.com\/www.jazzzeitung.de\/cms\/wp-content\/uploads\/2022\/03\/P1688409-Huelsman-Trio-Foto-TJ-Krebs.jpg?fit=1200%2C800&ssl=1&resize=700%2C400 2x, https:\/\/i0.wp.com\/www.jazzzeitung.de\/cms\/wp-content\/uploads\/2022\/03\/P1688409-Huelsman-Trio-Foto-TJ-Krebs.jpg?fit=1200%2C800&ssl=1&resize=1050%2C600 3x"},"classes":[]},{"id":27114,"url":"https:\/\/www.jazzzeitung.de\/cms\/2022\/04\/der-pianist-giovanni-guidi-und-sein-quintett-beim-bmw-welt-jazz-award-2022\/","url_meta":{"origin":27751,"position":4},"title":"Der Pianist Giovanni Guidi und sein Quintett beim BMW Welt Jazz Award 2022","author":"Redaktion JazzZeitung","date":"13. April 2022","format":false,"excerpt":"Gestern, am Dienstag den 12. April, zeigte das Giovanni Guidi Quintet sein K\u00f6nnen im Doppelkegel der BMW Welt. Pianist Guidi hatte Teile seines aktuellen Programms \u201eAvec le temps\u201c mit dabei, f\u00fcr das er sein Trio mit dem aus Chicago stammenden Bassisten Joe Rehmer und dem portugiesischen Schlagzeuger Jo\u00e3o Lobo um\u2026","rel":"","context":"In &quot;Galerie&quot;","block_context":{"text":"Galerie","link":"https:\/\/www.jazzzeitung.de\/cms\/thema\/galerie\/"},"img":{"alt_text":"","src":"https:\/\/i0.wp.com\/www.jazzzeitung.de\/cms\/wp-content\/uploads\/2022\/04\/P1776982-Guidi-Quintett-Foto-TJ-Krebs.jpg?fit=1200%2C800&ssl=1&resize=350%2C200","width":350,"height":200,"srcset":"https:\/\/i0.wp.com\/www.jazzzeitung.de\/cms\/wp-content\/uploads\/2022\/04\/P1776982-Guidi-Quintett-Foto-TJ-Krebs.jpg?fit=1200%2C800&ssl=1&resize=350%2C200 1x, https:\/\/i0.wp.com\/www.jazzzeitung.de\/cms\/wp-content\/uploads\/2022\/04\/P1776982-Guidi-Quintett-Foto-TJ-Krebs.jpg?fit=1200%2C800&ssl=1&resize=525%2C300 1.5x, https:\/\/i0.wp.com\/www.jazzzeitung.de\/cms\/wp-content\/uploads\/2022\/04\/P1776982-Guidi-Quintett-Foto-TJ-Krebs.jpg?fit=1200%2C800&ssl=1&resize=700%2C400 2x, https:\/\/i0.wp.com\/www.jazzzeitung.de\/cms\/wp-content\/uploads\/2022\/04\/P1776982-Guidi-Quintett-Foto-TJ-Krebs.jpg?fit=1200%2C800&ssl=1&resize=1050%2C600 3x"},"classes":[]},{"id":27206,"url":"https:\/\/www.jazzzeitung.de\/cms\/2022\/04\/britischer-pianist-ashly-henry-mit-erweiterem-trio-beim-bmw-welt-jazz-award-2022anat-fort-und-giovanni-guidi-bestreiten-das-finale\/","url_meta":{"origin":27751,"position":5},"title":"+++Britischer Pianist Ashly Henry mit erweitertem Trio beim BMW Welt Jazz Award 2022+++Anat Fort und Giovanni Guidi bestreiten das Finale im Juli+++","author":"Redaktion JazzZeitung","date":"28. April 2022","format":false,"excerpt":"Das sechste Konzert des BMW Welt Jazz Award 2022 spielte vorgestern der Pianist Ashley Henry mit seinem Ensemble. Die letzte Soiree der Competition bestritt damit der j\u00fcngste Teilnehmer vor vollem Haus. Der 30-j\u00e4hrige Londoner Pianist schloss erst 2016 sein Studium an der Royal Academy of Music ab. Freilich eilte ihm\u2026","rel":"","context":"In &quot;Galerie&quot;","block_context":{"text":"Galerie","link":"https:\/\/www.jazzzeitung.de\/cms\/thema\/galerie\/"},"img":{"alt_text":"","src":"https:\/\/i0.wp.com\/www.jazzzeitung.de\/cms\/wp-content\/uploads\/2022\/04\/P1809161-Ashley-Henry-Quartett-Foto-TJ-Krebs.jpg?fit=1200%2C800&ssl=1&resize=350%2C200","width":350,"height":200,"srcset":"https:\/\/i0.wp.com\/www.jazzzeitung.de\/cms\/wp-content\/uploads\/2022\/04\/P1809161-Ashley-Henry-Quartett-Foto-TJ-Krebs.jpg?fit=1200%2C800&ssl=1&resize=350%2C200 1x, https:\/\/i0.wp.com\/www.jazzzeitung.de\/cms\/wp-content\/uploads\/2022\/04\/P1809161-Ashley-Henry-Quartett-Foto-TJ-Krebs.jpg?fit=1200%2C800&ssl=1&resize=525%2C300 1.5x, https:\/\/i0.wp.com\/www.jazzzeitung.de\/cms\/wp-content\/uploads\/2022\/04\/P1809161-Ashley-Henry-Quartett-Foto-TJ-Krebs.jpg?fit=1200%2C800&ssl=1&resize=700%2C400 2x, https:\/\/i0.wp.com\/www.jazzzeitung.de\/cms\/wp-content\/uploads\/2022\/04\/P1809161-Ashley-Henry-Quartett-Foto-TJ-Krebs.jpg?fit=1200%2C800&ssl=1&resize=1050%2C600 3x"},"classes":[]}],"jetpack_sharing_enabled":true,"_links":{"self":[{"href":"https:\/\/www.jazzzeitung.de\/cms\/wp-json\/wp\/v2\/posts\/27751","targetHints":{"allow":["GET"]}}],"collection":[{"href":"https:\/\/www.jazzzeitung.de\/cms\/wp-json\/wp\/v2\/posts"}],"about":[{"href":"https:\/\/www.jazzzeitung.de\/cms\/wp-json\/wp\/v2\/types\/post"}],"author":[{"embeddable":true,"href":"https:\/\/www.jazzzeitung.de\/cms\/wp-json\/wp\/v2\/users\/18"}],"replies":[{"embeddable":true,"href":"https:\/\/www.jazzzeitung.de\/cms\/wp-json\/wp\/v2\/comments?post=27751"}],"version-history":[{"count":5,"href":"https:\/\/www.jazzzeitung.de\/cms\/wp-json\/wp\/v2\/posts\/27751\/revisions"}],"predecessor-version":[{"id":27794,"href":"https:\/\/www.jazzzeitung.de\/cms\/wp-json\/wp\/v2\/posts\/27751\/revisions\/27794"}],"wp:featuredmedia":[{"embeddable":true,"href":"https:\/\/www.jazzzeitung.de\/cms\/wp-json\/wp\/v2\/media\/27753"}],"wp:attachment":[{"href":"https:\/\/www.jazzzeitung.de\/cms\/wp-json\/wp\/v2\/media?parent=27751"}],"wp:term":[{"taxonomy":"category","embeddable":true,"href":"https:\/\/www.jazzzeitung.de\/cms\/wp-json\/wp\/v2\/categories?post=27751"},{"taxonomy":"post_tag","embeddable":true,"href":"https:\/\/www.jazzzeitung.de\/cms\/wp-json\/wp\/v2\/tags?post=27751"},{"taxonomy":"author","embeddable":true,"href":"https:\/\/www.jazzzeitung.de\/cms\/wp-json\/wp\/v2\/coauthors?post=27751"}],"curies":[{"name":"wp","href":"https:\/\/api.w.org\/{rel}","templated":true}]}}